{"id":73580,"date":"2024-05-25T15:54:56","date_gmt":"2024-05-25T18:54:56","guid":{"rendered":"https:\/\/rioonwatch.org.br\/?p=73580"},"modified":"2024-07-09T20:17:22","modified_gmt":"2024-07-09T23:17:22","slug":"18-anos-de-historias-de-luta-museu-da-mare-celebra-a-memoria-dos-moradores-com-um-cha-de-memorias","status":"publish","type":"post","link":"https:\/\/rioonwatch.org.br\/?p=73580","title":{"rendered":"18 Anos de Hist\u00f3rias de Luta: Museu da Mar\u00e9 Celebra a Mem\u00f3ria dos Moradores com um Ch\u00e1 de Mem\u00f3rias"},"content":{"rendered":"<figure id=\"attachment_73598\" aria-describedby=\"caption-attachment-73598\" style=\"width: 2560px\" class=\"wp-caption aligncenter\"><a href=\"https:\/\/rioonwatch.org.br\/wp-content\/uploads\/2024\/05\/Evento-Cha-de-Memorias-no-Museu-da-Mare-2-.jpeg-scaled.jpeg\"><img fetchpriority=\"high\" decoding=\"async\" class=\"wp-image-73598 size-full\" title=\"Din\u00e2mica &quot;12 Tempos&quot;, que usa categorias tem\u00e1ticas como ferramenta vers\u00e1til para organizar e conduzir visitantes na exposi\u00e7\u00e3o do museu, promovendo uma experi\u00eancia engajadora e informativa. Foto: Amanda Baroni\" src=\"https:\/\/rioonwatch.org.br\/wp-content\/uploads\/2024\/05\/Evento-Cha-de-Memorias-no-Museu-da-Mare-2-.jpeg-scaled.jpeg\" alt=\"Din\u00e2mica &quot;12 Tempos&quot;, que usa categorias tem\u00e1ticas como ferramenta vers\u00e1til para organizar e conduzir visitantes na exposi\u00e7\u00e3o do museu, promovendo uma experi\u00eancia engajadora e informativa. Foto: Amanda Baroni\" width=\"2560\" height=\"1440\" srcset=\"https:\/\/rioonwatch.org.br\/wp-content\/uploads\/2024\/05\/Evento-Cha-de-Memorias-no-Museu-da-Mare-2-.jpeg-scaled.jpeg 2560w, https:\/\/rioonwatch.org.br\/wp-content\/uploads\/2024\/05\/Evento-Cha-de-Memorias-no-Museu-da-Mare-2-.jpeg-620x349.jpeg 620w\" sizes=\"(max-width: 2560px) 100vw, 2560px\" \/><\/a><figcaption id=\"caption-attachment-73598\" class=\"wp-caption-text\">Din\u00e2mica &#8220;12 Tempos&#8221;, que usa categorias tem\u00e1ticas como ferramenta vers\u00e1til para organizar e conduzir visitantes na exposi\u00e7\u00e3o do museu, promovendo uma experi\u00eancia engajadora e informativa. Foto: Amanda Baroni<\/figcaption><\/figure>\n<h4 style=\"text-align: right;\"><em><strong><a href=\"https:\/\/bit.ly\/4bZmda7\" target=\"_blank\" rel=\"noopener\">Click Here for English<img decoding=\"async\" class=\"alignright wp-image-15790 lazyloaded\" src=\"https:\/\/rioonwatch.org.br\/wp-content\/uploads\/2012\/08\/EN-standard-e1439583104716.jpg\" alt=\"\" width=\"20\" height=\"20\" data-src=\"https:\/\/rioonwatch.org.br\/wp-content\/uploads\/2012\/08\/EN-standard-e1439583104716.jpg\" \/><\/a><\/strong><\/em><\/h4>\n<h4><span style=\"font-weight: 400;\">Realizado em 22 de maio, o evento &#8220;Ch\u00e1 de Mem\u00f3rias&#8221; <\/span><span style=\"font-weight: 400;\">celebrou o anivers\u00e1rio de 18 anos do <a href=\"https:\/\/rioonwatch.org.br\/?tag=museu-da-mare\" target=\"_blank\" rel=\"noopener\">Museu da Mar\u00e9<\/a>, no <a href=\"https:\/\/rioonwatch.org.br\/?tag=complexo-da-mare\" target=\"_blank\" rel=\"noopener\">Complexo da Mar\u00e9<\/a>, <a href=\"https:\/\/rioonwatch.org.br\/?tag=Zona-Norte\" target=\"_blank\" rel=\"noopener\">Zona Norte<\/a> do Rio de Janeiro<\/span><span style=\"font-weight: 400;\">, e sua relev\u00e2ncia para a hist\u00f3ria mareense. Realizado <\/span><span style=\"font-weight: 400;\">na sede do museu, na <\/span><span style=\"font-weight: 400;\">comunidade do <a href=\"https:\/\/rioonwatch.org.br\/?tag=Morro-do-Timbau\" target=\"_blank\" rel=\"noopener\">Morro do Timbau<\/a><\/span><span style=\"font-weight: 400;\">, o encontro teve como objetivo principal resgatar as mem\u00f3rias do Complexo da Mar\u00e9, <\/span><span style=\"font-weight: 400;\">atrav\u00e9s de objetos doados por moradores e do compartilhamento das mem\u00f3rias afetivas atreladas a esses e a outros artefatos.<\/span><\/h4>\n<p><span style=\"font-weight: 400;\">O encontro deste ano apresentou uma proposta de interven\u00e7\u00e3o diferenciada, que motivou a reflex\u00e3o de aproximadamente 40 participantes sobre \u201c<\/span><a href=\"https:\/\/revistacm.memoriadaeletricidade.com.br\/post?id=159\" target=\"_blank\" rel=\"noopener\"><span style=\"font-weight: 400;\">12 tempos da Mar\u00e9<\/span><\/a><span style=\"font-weight: 400;\">\u201d, nome da exposi\u00e7\u00e3o permanente do museu. Os <a href=\"https:\/\/rioonwatch.org.br\/?p=33059\" target=\"_blank\" rel=\"noopener\">doze tempos s\u00e3o categorias tem\u00e1ticas que organizam<\/a> e conduzem o visitante no decorrer da exposi\u00e7\u00e3o, mostrando a diversidade de assuntos em torno da hist\u00f3ria da Mar\u00e9. Moradores, estudantes, professores e representantes da institui\u00e7\u00e3o escreveram sobre o tempo da \u00e1gua, casa, migra\u00e7\u00e3o, resist\u00eancia, trabalho, festa, feira, f\u00e9, cotidiano, crian\u00e7a, medo e futuro.\u00a0<\/span><\/p>\n<p><span style=\"font-weight: 400;\">A professora de L\u00edngua Portuguesa, do Centro de Educa\u00e7\u00e3o de Jovens e Adultos (<a href=\"https:\/\/cejamare.blogspot.com\/\" target=\"_blank\" rel=\"noopener\">CEJA<\/a>) da <\/span>Mar\u00e9, <a href=\"https:\/\/www.instagram.com\/helaine_lua1\/\" target=\"_blank\" rel=\"noopener\">Helaine Alves<\/a><span style=\"font-weight: 400;\">, falou sobre o <em>tempo da casa<\/em> e suas lembran\u00e7as da inf\u00e2ncia.<\/span><\/p>\n<blockquote><p><span style=\"font-weight: 400;\">\u201cO objeto que eu mais amo no museu \u00e9 a <a href=\"https:\/\/rioonwatch.org.br\/?p=68480\" target=\"_blank\" rel=\"noopener\">palafita<\/a>. Porque eu gosto de casas e acho que eu poderia ser uma arquiteta. Adoro casas e miniaturas. E quando eu entro na palafita eu reconhe\u00e7o muitos objetos que fizeram parte da minha inf\u00e2ncia. Por exemplo, tinha a bacia&#8230; e eu lembro que como era fininha a minha m\u00e3e lavava lou\u00e7a nessa bacia. Eu morava numa casa muito pequena, s\u00f3 tinha um c\u00f4modo. Meu banheiro ficava do lado de fora, ent\u00e3o, eu lembro dessa bacia. Para mim, \u00e9 uma recorda\u00e7\u00e3o muito forte, muito profunda. E esse prato tamb\u00e9m, tem muitos objetos que quando ali na palafita eu reconhe\u00e7o, \u00e9 o tempo que eu mais amo. Eu amo o Museu da Mar\u00e9, amo todo o estilo da palafita. A casa \u00e9 o tempo [da exposi\u00e7\u00e3o] que eu mais amo.\u201d <\/span><span style=\"font-weight: 400;\">\u2014 Helaine Alves\u00a0<\/span><\/p><\/blockquote>\n<figure id=\"attachment_73596\" aria-describedby=\"caption-attachment-73596\" style=\"width: 2560px\" class=\"wp-caption aligncenter\"><a href=\"https:\/\/rioonwatch.org.br\/wp-content\/uploads\/2024\/05\/Evento-Cha-de-Memorias-no-Museu-da-Mare-1--scaled.jpeg\"><img decoding=\"async\" class=\"wp-image-73596 size-full\" title=\"Evento &quot;Ch\u00e1 de Mem\u00f3rias&quot; ocorreu no dia 22 de maio de 2024, em comemora\u00e7\u00e3o dos dezoito anos do Museu da Mar\u00e9, Zona Norte do Rio de Janeiro. Foto: Amanda Baroni\" src=\"https:\/\/rioonwatch.org.br\/wp-content\/uploads\/2024\/05\/Evento-Cha-de-Memorias-no-Museu-da-Mare-1--scaled.jpeg\" alt=\"Evento &quot;Ch\u00e1 de Mem\u00f3rias&quot; ocorreu no dia 22 de maio de 2024, em comemora\u00e7\u00e3o dos dezoito anos do Museu da Mar\u00e9, Zona Norte do Rio de Janeiro. Foto: Amanda Baroni\" width=\"2560\" height=\"1440\" srcset=\"https:\/\/rioonwatch.org.br\/wp-content\/uploads\/2024\/05\/Evento-Cha-de-Memorias-no-Museu-da-Mare-1--scaled.jpeg 2560w, https:\/\/rioonwatch.org.br\/wp-content\/uploads\/2024\/05\/Evento-Cha-de-Memorias-no-Museu-da-Mare-1--620x349.jpeg 620w\" sizes=\"(max-width: 2560px) 100vw, 2560px\" \/><\/a><figcaption id=\"caption-attachment-73596\" class=\"wp-caption-text\">Evento &#8220;Ch\u00e1 de Mem\u00f3rias&#8221; ocorreu no dia 22 de maio de 2024, em comemora\u00e7\u00e3o dos dezoito anos do Museu da Mar\u00e9, Zona Norte do Rio de Janeiro. Foto: Amanda Baroni<\/figcaption><\/figure>\n<p><span style=\"font-weight: 400;\">A <\/span><a href=\"https:\/\/www.instagram.com\/especiaisdamare\/\" target=\"_blank\" rel=\"noopener\"><span style=\"font-weight: 400;\">Associa\u00e7\u00e3o Especiais da Mar\u00e9<\/span><\/a><span style=\"font-weight: 400;\">\u00a0<\/span><span style=\"font-weight: 400;\">f<\/span><span style=\"font-weight: 400;\">alou sobre <em>o tempo do futuro<\/em> em texto lido pela professora e fundadora do Centro de Estudos e A\u00e7\u00f5es Solid\u00e1rias da Mar\u00e9 (<a href=\"https:\/\/rioonwatch.org.br\/?tag=CEASM\" target=\"_blank\" rel=\"noopener\">CEASM<\/a>) e do Museu da Mar\u00e9, <a href=\"https:\/\/museologiadigital.museus.gov.br\/palestrantes\/claudia-rose-claudia-rose-ribeiro-da-silva\/?view_mode=masonry&amp;perpage=12&amp;paged=1&amp;order=ASC&amp;orderby=date&amp;fetch_only=thumbnail%2Ccreation_date%2Ctitle%2Cdescription&amp;fetch_only_meta=&amp;taxquery%5B0%5D%5Btaxonomy%5D=tnc_tax_17526&amp;taxquery%5B0%5D%5Bterms%5D%5B0%5D=7501&amp;taxquery%5B0%5D%5Bcompare%5D=IN\" target=\"_blank\" rel=\"noopener\">Cl\u00e1udia Rose<\/a>: <\/span><span style=\"font-weight: 400;\">\u201cN\u00f3s dos Especiais da Mar\u00e9 , estamos muito felizes pela inclus\u00e3o feita pelo Museu da Mar\u00e9. No tempo do futuro esperamos estar em todos os lugares e com acessibilidade, respeito e inclus\u00e3o para todos\u201d. <\/span><\/p>\n<p><span style=\"font-weight: 400;\">Jo\u00e3o Pinto Oliveira, pai do aluno autista, George Armede, do CEJA Mar\u00e9, escreveu para o filho sobre <em>o tempo do medo<\/em>. O texto foi lido pela professora Helaine: <\/span><\/p>\n<blockquote><p><span style=\"font-weight: 400;\">\u201cO tempo do medo, s\u00f3 o nome j\u00e1 assusta, pois \u00e9 um per\u00edodo em que as pessoas vivem at\u00e9 hoje com <a href=\"https:\/\/rioonwatch.org.br\/?tag=violencia-policial\" target=\"_blank\" rel=\"noopener\">opera\u00e7\u00f5es policiais<\/a>. Conflitos entre policiais e bandidos, ou entre eles mesmos, por dom\u00ednio de territ\u00f3rio. O povo pede paz. Chega de balas perdidas. Chega de <a href=\"https:\/\/rioonwatch.org.br\/?p=73340\" target=\"_blank\" rel=\"noopener\">m\u00e3es sofrendo<\/a>, chorando pelos filhos, filhas ou parentes por causa de tiroteios. Paz para todos.\u201d\u00a0<\/span><\/p><\/blockquote>\n<p><span style=\"font-weight: 400;\">Inicialmente, o evento seria realizado no dia 9 de maio, por\u00e9m, teve que ser adiado devido a uma<\/span> <a href=\"https:\/\/g1.globo.com\/rj\/rio-de-janeiro\/noticia\/2024\/05\/09\/operacao-no-complexo-da-mare.ghtml\" target=\"_blank\" rel=\"noopener\">incurs\u00e3o policial na Mar\u00e9<\/a>. O <em>tempo do medo<\/em>, no entanto, n\u00e3o foi capaz de cancelar o evento, s\u00f3 o adiou em alguns dias.<\/p>\n<blockquote class=\"instagram-media\" style=\"background: #FFF; border: 0; border-radius: 3px; box-shadow: 0 0 1px 0 rgba(0,0,0,0.5),0 1px 10px 0 rgba(0,0,0,0.15); margin: 1px; max-width: 540px; min-width: 326px; padding: 0; width: calc(100% - 2px);\" data-instgrm-captioned=\"\" data-instgrm-permalink=\"https:\/\/www.instagram.com\/p\/C6v0txVLRBl\/?utm_source=ig_embed&amp;utm_campaign=loading\" data-instgrm-version=\"14\">\n<div style=\"padding: 16px;\">\n<p>&nbsp;<\/p>\n<div style=\"display: flex; flex-direction: row; align-items: center;\">\n<div style=\"background-color: #f4f4f4; border-radius: 50%; flex-grow: 0; height: 40px; margin-right: 14px; width: 40px;\"><\/div>\n<div style=\"display: flex; flex-direction: column; flex-grow: 1; justify-content: center;\">\n<div style=\"background-color: #f4f4f4; border-radius: 4px; flex-grow: 0; height: 14px; margin-bottom: 6px; width: 100px;\"><\/div>\n<div style=\"background-color: #f4f4f4; border-radius: 4px; flex-grow: 0; height: 14px; width: 60px;\"><\/div>\n<\/div>\n<\/div>\n<div style=\"padding: 19% 0;\"><\/div>\n<div style=\"display: block; height: 50px; margin: 0 auto 12px; width: 50px;\"><\/div>\n<div style=\"padding-top: 8px;\">\n<div style=\"color: #3897f0; font-family: Arial,sans-serif; font-size: 14px; font-style: normal; font-weight: 550; line-height: 18px;\">Ver essa foto no Instagram<\/div>\n<\/div>\n<div style=\"padding: 12.5% 0;\"><\/div>\n<div style=\"display: flex; flex-direction: row; margin-bottom: 14px; align-items: center;\">\n<div>\n<div style=\"background-color: #f4f4f4; border-radius: 50%; height: 12.5px; width: 12.5px; transform: translateX(0px) translateY(7px);\"><\/div>\n<div style=\"background-color: #f4f4f4; height: 12.5px; transform: rotate(-45deg) translateX(3px) translateY(1px); width: 12.5px; flex-grow: 0; margin-right: 14px; margin-left: 2px;\"><\/div>\n<div style=\"background-color: #f4f4f4; border-radius: 50%; height: 12.5px; width: 12.5px; transform: translateX(9px) translateY(-18px);\"><\/div>\n<\/div>\n<div style=\"margin-left: 8px;\">\n<div style=\"background-color: #f4f4f4; border-radius: 50%; flex-grow: 0; height: 20px; width: 20px;\"><\/div>\n<div style=\"width: 0; height: 0; border-top: 2px solid transparent; border-left: 6px solid #f4f4f4; border-bottom: 2px solid transparent; transform: translateX(16px) translateY(-4px) rotate(30deg);\"><\/div>\n<\/div>\n<div style=\"margin-left: auto;\">\n<div style=\"width: 0px; border-top: 8px solid #F4F4F4; border-right: 8px solid transparent; transform: translateY(16px);\"><\/div>\n<div style=\"background-color: #f4f4f4; flex-grow: 0; height: 12px; width: 16px; transform: translateY(-4px);\"><\/div>\n<div style=\"width: 0; height: 0; border-top: 8px solid #F4F4F4; border-left: 8px solid transparent; transform: translateY(-4px) translateX(8px);\"><\/div>\n<\/div>\n<\/div>\n<div style=\"display: flex; flex-direction: column; flex-grow: 1; justify-content: center; margin-bottom: 24px;\">\n<div style=\"background-color: #f4f4f4; border-radius: 4px; flex-grow: 0; height: 14px; margin-bottom: 6px; width: 224px;\"><\/div>\n<div style=\"background-color: #f4f4f4; border-radius: 4px; flex-grow: 0; height: 14px; width: 144px;\"><\/div>\n<\/div>\n<p>&nbsp;<\/p>\n<p style=\"color: #c9c8cd; font-family: Arial,sans-serif; font-size: 14px; line-height: 17px; margin-bottom: 0; margin-top: 8px; overflow: hidden; padding: 8px 0 7px; text-align: center; text-overflow: ellipsis; white-space: nowrap;\"><a style=\"color: #c9c8cd; font-family: Arial,sans-serif; font-size: 14px; font-style: normal; font-weight: normal; line-height: 17px; text-decoration: none;\" href=\"https:\/\/www.instagram.com\/p\/C6v0txVLRBl\/?utm_source=ig_embed&amp;utm_campaign=loading\" target=\"_blank\" rel=\"noopener\">Uma publica\u00e7\u00e3o compartilhada por Museu da Mare\u0301 (@museudamare)<\/a><\/p>\n<\/div>\n<\/blockquote>\n<p><script async src=\"\/\/www.instagram.com\/embed.js\"><\/script><\/p>\n<p><span style=\"font-weight: 400;\">J\u00e1 entre as mem\u00f3rias relacionadas aos objetos, <\/span><span style=\"font-weight: 400;\">Ang\u00e9lica Pinheiro<\/span><span style=\"font-weight: 400;\">, dona de casa, destacou a lamparina de querosene e a rela\u00e7\u00e3o com as mem\u00f3rias que tem com sua av\u00f3 nordestina, que atuava como costureira:<\/span><\/p>\n<blockquote><p><span style=\"font-weight: 400;\">\u201cMe lembra a minha v\u00f3, no Rio Grande do Norte. A\u00ed n\u00e3o tinha luz. Ent\u00e3o, ela comprou um gal\u00e3o de cinco litros de querosene por um m\u00eas. E essa era a ilumina\u00e7\u00e3o que ela tinha na casa dela\u2026 A\u00ed, sentava na mesa para costurar e ficava costurando roupa e isso aqui me lembra muito l\u00e1 atr\u00e1s. Olhar para todos os objetos aqui lembra minha inf\u00e2ncia. O penico\u2026 essa maleta aqui que era onde ela guardava as roupas dela e do meu av\u00f4, era uma maleta bem parecida com essa. Isso aqui \u00e9 muito minha inf\u00e2ncia em casa. A gente morava na cidade. Isso vale muito, sabe. Ela pegava algod\u00e3o e botava para queimar at\u00e9 um certo hor\u00e1rio porque n\u00e3o podia ficar a noite toda para n\u00e3o acabar o querosene.\u201d<\/span><\/p><\/blockquote>\n<figure id=\"attachment_73698\" aria-describedby=\"caption-attachment-73698\" style=\"width: 1429px\" class=\"wp-caption aligncenter\"><a href=\"https:\/\/rioonwatch.org.br\/wp-content\/uploads\/2024\/05\/Angelica-Pinheiro-mostra-como-funcionava-lamparina-de-querosene.png\"><img loading=\"lazy\" decoding=\"async\" class=\"wp-image-73698 size-full\" title=\"Ang\u00e9lica Pinheiro segura a lamparina de querosene que remete \u00e0 mem\u00f3ria de quando sua av\u00f3 utilizava uma muito parecida para costurar. Foto: Amanda Baroni\" src=\"https:\/\/rioonwatch.org.br\/wp-content\/uploads\/2024\/05\/Angelica-Pinheiro-mostra-como-funcionava-lamparina-de-querosene.png\" alt=\"Ang\u00e9lica Pinheiro segura a lamparina de querosene que remete \u00e0 mem\u00f3ria de quando sua av\u00f3 utilizava uma muito parecida para costurar. Foto: Amanda Baroni\" width=\"1429\" height=\"1624\" srcset=\"https:\/\/rioonwatch.org.br\/wp-content\/uploads\/2024\/05\/Angelica-Pinheiro-mostra-como-funcionava-lamparina-de-querosene.png 1429w, https:\/\/rioonwatch.org.br\/wp-content\/uploads\/2024\/05\/Angelica-Pinheiro-mostra-como-funcionava-lamparina-de-querosene-546x620.png 546w, https:\/\/rioonwatch.org.br\/wp-content\/uploads\/2024\/05\/Angelica-Pinheiro-mostra-como-funcionava-lamparina-de-querosene-1320x1500.png 1320w\" sizes=\"(max-width: 1429px) 100vw, 1429px\" \/><\/a><figcaption id=\"caption-attachment-73698\" class=\"wp-caption-text\">Ang\u00e9lica Pinheiro segura a lamparina de querosene que remete \u00e0 mem\u00f3ria de quando sua av\u00f3 utilizava uma muito parecida para costurar. Foto: Amanda Baroni<\/figcaption><\/figure>\n<p>Marli Damascena, respons\u00e1vel pelo Arquivo Dona Orosina Vieira (<a href=\"https:\/\/www.museumare.org\/arquivo\" target=\"_blank\" rel=\"noopener\">ADOV<\/a>), criado em 26 de abril de 2002, data anterior ao surgimento do pr\u00f3prio Museu da Mar\u00e9, <a href=\"https:\/\/www.ceasm.org.br\/post\/museu-da-mar%C3%A9-lan%C3%A7a-seu-acervo-online\" target=\"_blank\" rel=\"noopener\">que re\u00fane<\/a> livros, trabalhos acad\u00eamicos, jornais, revistas, filmes, DVDs, VHSs, fitas cassete, mini DVDs, fotografias, negativos, slides, panfletos, folders, cartazes, <em>banners<\/em>, mapas, plantas e documentos, conta que os encontros s\u00e3o realizados desde 2008:<\/p>\n<blockquote><p>\u201cNo in\u00edcio, fizemos o Ch\u00e1 com os moradores mais antigos e, ao longo dos anos, foi ficando bem diversificado. Come\u00e7amos a convidar os estudantes do CEJA Mar\u00e9 e a <a href=\"https:\/\/rioonwatch.org.br\/?tag=Cl%C3%ADnica-da-Fam%C3%ADlia\" target=\"_blank\" rel=\"noopener\">Cl\u00ednica da Fam\u00edlia<\/a>. J\u00e1 tivemos alunos de universidades e depois, ao longo dos anos, os jovens. Porque eles tamb\u00e9m t\u00eam hist\u00f3rias, mem\u00f3rias deles. Ent\u00e3o, o Ch\u00e1 de Mem\u00f3rias \u00e9 muito importante nesse sentido: das pessoas virem, ver, participar, conversar, lembrar dos objetos, lembrar das hist\u00f3rias\u2026 Essa reuni\u00e3o das pessoas n\u00e9, cada um pertencendo \u00e0quele lugar, aqueles objetos. Os objetos que temos aqui na exposi\u00e7\u00e3o, n\u00e3o [s\u00e3o] objetos [apenas daqui, mas tamb\u00e9m de quem]&#8230; morou, principalmente do nordeste. T\u00eam muitos objetos, lamparina, filtro&#8230; quando v\u00eaem, t\u00eam aquela emo\u00e7\u00e3o [transmitida] pelo objeto.&#8221;<\/p><\/blockquote>\n<p>Durante o evento, Cl\u00e1udia Rose compartilhou um pouco sobre a hist\u00f3ria do museu.<\/p>\n<blockquote><p>&#8220;O museu foi fundado em 2006, mas a gente j\u00e1 come\u00e7ou a pensar num museu em 2001&#8230; [Pens\u00e1vamos assim]: \u2018Ser\u00e1 que vai dar certo? Ser\u00e1 que n\u00e3o vai? Mas \u00e9 dentro de uma favela. Como \u00e9 isso?\u2019 E ver que assim, a gente chegou aos 18 anos com tanta gente participando, colaborando e ainda emocionando pessoas. Para mim, essa \u00e9 uma realiza\u00e7\u00e3o. Para as pessoas que est\u00e3o aqui e para a Mar\u00e9 de uma forma geral, acho que ter a mem\u00f3ria, a hist\u00f3ria\u00a0 desses moradores preservada, divulgada e valorizada \u00e9 algo de extrema import\u00e2ncia porque n\u00e3o \u00e9 uma hist\u00f3ria s\u00f3 daqui, s\u00f3 de uma pessoa. Claro, a hist\u00f3ria local, a hist\u00f3ria de uma pessoa tem extrema import\u00e2ncia, mas \u00e9 pensar que todas essas hist\u00f3rias podem ser compartilhadas com pessoas de v\u00e1rios lugares.<\/p>\n<p>Atrav\u00e9s de um museu f\u00edsico, atrav\u00e9s das redes sociais, atrav\u00e9s do site do museu, do acervo que a gente tem online. \u00c9 saber que essas hist\u00f3rias n\u00e3o v\u00e3o ser esquecidas, s\u00e3o parte de uma hist\u00f3ria maior, que \u00e9 a hist\u00f3ria do Brasil e que elas t\u00eam que ser valorizadas como patrim\u00f4nio do Brasil. N\u00e3o apenas pensar a Mar\u00e9 dentro dela mesma, mas pensar a Mar\u00e9 como parte dessa cidade e que os moradores e as moradoras aqui contribuem para construir Hist\u00f3ria do Brasil.\u201d \u2014 Cl\u00e1udia Rose, professora e fundadora do CEASM<\/p><\/blockquote>\n<figure id=\"attachment_73606\" aria-describedby=\"caption-attachment-73606\" style=\"width: 1280px\" class=\"wp-caption aligncenter\"><a href=\"https:\/\/rioonwatch.org.br\/wp-content\/uploads\/2024\/05\/Professora-e-fundadora-do-CEASM-e-Museu-da-Mare-Claudia-Rose__.jpeg\"><img loading=\"lazy\" decoding=\"async\" class=\"wp-image-73606 size-full\" title=\"Professora e fundadora do CEASM e Museu da Mar\u00e9, Cl\u00e1udia Rose, no Evento &quot;Ch\u00e1 de Mem\u00f3rias&quot; do Museu da Mar\u00e9. Foto: Amanda Baroni\" src=\"https:\/\/rioonwatch.org.br\/wp-content\/uploads\/2024\/05\/Professora-e-fundadora-do-CEASM-e-Museu-da-Mare-Claudia-Rose__.jpeg\" alt=\"Professora e fundadora do CEASM e Museu da Mar\u00e9, Cl\u00e1udia Rose, no Evento &quot;Ch\u00e1 de Mem\u00f3rias&quot; do Museu da Mar\u00e9. Foto: Amanda Baroni\" width=\"1280\" height=\"720\" srcset=\"https:\/\/rioonwatch.org.br\/wp-content\/uploads\/2024\/05\/Professora-e-fundadora-do-CEASM-e-Museu-da-Mare-Claudia-Rose__.jpeg 1280w, https:\/\/rioonwatch.org.br\/wp-content\/uploads\/2024\/05\/Professora-e-fundadora-do-CEASM-e-Museu-da-Mare-Claudia-Rose__-620x349.jpeg 620w\" sizes=\"(max-width: 1280px) 100vw, 1280px\" \/><\/a><figcaption id=\"caption-attachment-73606\" class=\"wp-caption-text\">Professora e fundadora do CEASM e Museu da Mar\u00e9, Cl\u00e1udia Rose, no Evento &#8220;Ch\u00e1 de Mem\u00f3rias&#8221; do Museu da Mar\u00e9. Foto: Amanda Baroni<\/figcaption><\/figure>\n<h3>O Coletivo TV Mar\u00e9 e o Nascimento de um Museu<\/h3>\n<p data-sourcepos=\"3:1-3:41\">A hist\u00f3ria do Museu da Mar\u00e9 n\u00e3o se inicia em um \u00fanico momento, mas sim se desdobra a partir de in\u00fameras a\u00e7\u00f5es realizadas ao longo do tempo, tecendo um rico mosaico de mem\u00f3rias e viv\u00eancias da comunidade.<\/p>\n<figure id=\"attachment_73608\" aria-describedby=\"caption-attachment-73608\" style=\"width: 500px\" class=\"wp-caption alignright\"><a href=\"https:\/\/rioonwatch.org.br\/wp-content\/uploads\/2024\/05\/Equipe-da-Tv-Mare-entrevistando-moradora.Acervo-Museu-da-Mare-1.jpg\"><img loading=\"lazy\" decoding=\"async\" class=\"wp-image-73608\" title=\"Equipe da TV Mar\u00e9 entrevistando moradora, d\u00e9cada de 1990. Foto: Acervo Museu da Mar\u00e9\" src=\"https:\/\/rioonwatch.org.br\/wp-content\/uploads\/2024\/05\/Equipe-da-Tv-Mare-entrevistando-moradora.Acervo-Museu-da-Mare-1.jpg\" alt=\"Equipe da TV Mar\u00e9 entrevistando moradora, d\u00e9cada de 1990. Foto: Acervo Museu da Mar\u00e9\" width=\"500\" height=\"370\" srcset=\"https:\/\/rioonwatch.org.br\/wp-content\/uploads\/2024\/05\/Equipe-da-Tv-Mare-entrevistando-moradora.Acervo-Museu-da-Mare-1.jpg 1000w, https:\/\/rioonwatch.org.br\/wp-content\/uploads\/2024\/05\/Equipe-da-Tv-Mare-entrevistando-moradora.Acervo-Museu-da-Mare-1-620x459.jpg 620w, https:\/\/rioonwatch.org.br\/wp-content\/uploads\/2024\/05\/Equipe-da-Tv-Mare-entrevistando-moradora.Acervo-Museu-da-Mare-1-80x60.jpg 80w\" sizes=\"(max-width: 500px) 100vw, 500px\" \/><\/a><figcaption id=\"caption-attachment-73608\" class=\"wp-caption-text\">Equipe da TV Mar\u00e9 entrevistando moradora, d\u00e9cada de 1990. Foto: Acervo Museu da Mar\u00e9<\/figcaption><\/figure>\n<p data-sourcepos=\"3:1-3:41\">Entre os anos de 1989 e 1992, um marco importante foi estabelecido com o surgimento do <a href=\"https:\/\/www.facebook.com\/marevive\/videos\/programa-da-tv-mar%C3%A9-por-volta-de-1991nh-rv-pu-bs-timbau-pinheiro-relembrar-%C3%A9-viv\/818085321560255\/\" target=\"_blank\" rel=\"noopener\">TV Mar\u00e9<\/a>. Composto por moradores engajados na valoriza\u00e7\u00e3o da hist\u00f3ria e identidade local, o TV Mar\u00e9 tinha como objetivo principal a produ\u00e7\u00e3o de materiais que retratassem a realidade da comunidade<\/p>\n<p>Em 1997, houve a cria\u00e7\u00e3o do CEASM, espa\u00e7o dedicado a trabalhar com assuntos pertinentes \u00e0 comunidade. Nessa ocasi\u00e3o o coletivo TV Mar\u00e9 doou seu acervo ao Centro de Estudos, que foi um dos primeiros a compor a narrativa sobre a Mar\u00e9 a partir dela mesma.<\/p>\n<p>J\u00e1 entre os projetos do CEASM, havia um voltado para mem\u00f3ria, o Rede Mem\u00f3ria da Mar\u00e9, tamb\u00e9m formado por moradores. A iniciativa voltada para trabalhar a mem\u00f3ria e hist\u00f3ria da comunidade, ampliou o acervo sobre a comunidade atrav\u00e9s de projetos de pesquisa. O Rede Mem\u00f3ria foi respons\u00e1vel por promover a capacita\u00e7\u00e3o para pesquisas em acervos p\u00fablicos a tamb\u00e9m em estimular moradores a doarem materiais que pudessem narrar a hist\u00f3ria da Mar\u00e9. Parte do acervo atual tamb\u00e9m \u00e9 decorrente da pesquisa feita nessa \u00e9poca em institui\u00e7\u00f5es como <a href=\"https:\/\/www.gov.br\/arquivonacional\/pt-br\" target=\"_blank\" rel=\"noopener\">Arquivo Nacional<\/a>, <a href=\"https:\/\/www.gov.br\/bn\/pt-br\" target=\"_blank\" rel=\"noopener\">Biblioteca Nacional<\/a>, <a href=\"https:\/\/www.coc.fiocruz.br\/\" target=\"_blank\" rel=\"noopener\">Casa de Oswaldo Cruz<\/a> e <a href=\"http:\/\/www0.rio.rj.gov.br\/arquivo\/\" target=\"_blank\" rel=\"noopener\">Arquivo Geral da Cidade<\/a>.<\/p>\n<p>Em 1998, uma parceria entre o CEASM e Funda\u00e7\u00e3o Oswaldo Cruz (<a href=\"http:\/\/rioonwatch.org.br\/?tag=fiocruz\" target=\"_blank\" rel=\"noopener\">Fiocruz<\/a>) promoveu a realiza\u00e7\u00e3o de um projeto para forma\u00e7\u00e3o de monitores, que atuariam no Museu da Vida da Fiocruz, inaugurado em 1999. Essa parceria foi um dos fatores que motivaram o CEASM a pensar na possibilisade da cria\u00e7\u00e3o do Museu da Mar\u00e9, fundado anos depois, em 2006, no Morro do Timbau. O Museu ocupa o espa\u00e7o da antiga f\u00e1brica de transportes mar\u00edtimos Cia. Libra de Navega\u00e7\u00e3o, cedida ao CEASM, com um prazo inicialmente previsto de dez anos, que, por\u00e9m, ganhou car\u00e1ter definitivo.<\/p>\n<p>A entidade tem como foco central a exposi\u00e7\u00e3o permanente que conta a hist\u00f3ria do Complexo da Mar\u00e9 e coordena outras atividades correlatas, como a organiza\u00e7\u00e3o de acervo documental, pesquisas em hist\u00f3ria oral, o Arquivo Dona Orosina Vieira, a <a href=\"https:\/\/www.facebook.com\/people\/Biblioteca-Elias-Jos%C3%A9\/100064628682339\/\" target=\"_blank\" rel=\"noopener\">Biblioteca Elias Jos\u00e9<\/a>, e eventos dos mais variados g\u00eaneros. Al\u00e9m disso, det\u00e9m mais de 4.000 objetos museol\u00f3gicos sob sua guarda. Em seu <a href=\"https:\/\/arquivomuseudamare.org\/\" target=\"_blank\" rel=\"noopener\">acervo digital<\/a>, gradualmente alimentado, est\u00e3o mapas, v\u00eddeos, fotografias, recortes de jornais e outros documentos textuais, al\u00e9m de alguns itens museol\u00f3gicos (como objetos de uso dom\u00e9stico, alfaias de faina, alfaias religiosas e brinquedos).<\/p>\n<p>A mem\u00f3ria \u00e9 de suma import\u00e2ncia para a exist\u00eancia humana, tanto para o aprendizado, quanto para o reconhecimento e o pertencimento dos indiv\u00edduos ao tempo e espa\u00e7o que vivem. \u00c9 atrav\u00e9s da mem\u00f3ria que s\u00e3o retidos os conhecimentos, saberes, cultura e narrativas sobre algo ou algu\u00e9m. \u00c9 ela a respons\u00e1vel pela constru\u00e7\u00e3o de uma identidade no meio social. \u00c9 nesse contexto que eventos como o Ch\u00e1 de Mem\u00f3rias assumem um papel crucial na valoriza\u00e7\u00e3o e celebra\u00e7\u00e3o da mem\u00f3ria. Atrav\u00e9s da partilha de hist\u00f3rias e lembran\u00e7as entre diferentes gera\u00e7\u00f5es, s\u00e3o fortalecidos os la\u00e7os comunit\u00e1rios.<\/p>\n<h3>Assista \u00e0 curta videorreportagem de Amanda Baroni Lopes no &#8220;Ch\u00e1 de Mem\u00f3rias&#8221; de 18 anos do Museu da Mar\u00e9:<\/h3>\n<p><iframe src=\"https:\/\/drive.google.com\/file\/d\/1asaiaGJYG7nE8pRRMWbBncFtALHKfHzB\/preview\" width=\"1030\" height=\"563\"><span data-mce-type=\"bookmark\" style=\"display: inline-block; width: 0px; overflow: hidden; line-height: 0;\" class=\"mce_SELRES_start\">\ufeff<\/span><\/iframe><\/p>\n<p><em>Sobre a autora:\u00a0<\/em><i data-stringify-type=\"italic\"><a class=\"c-link\" href=\"https:\/\/bit.ly\/3p94eas\" target=\"_blank\" rel=\"noopener noreferrer\" data-stringify-link=\"https:\/\/bit.ly\/3p94eas\" data-sk=\"tooltip_parent\">Amanda Baroni Lopes<\/a><\/i><i data-stringify-type=\"italic\">\u00a0\u00e9 estudante de jornalismo na Unicarioca e foi aluna do 1\u00b0 Laborat\u00f3rio de Jornalismo do\u00a0<\/i><i data-stringify-type=\"italic\"><a class=\"c-link\" href=\"http:\/\/bit.ly\/2YfGMc5\" target=\"_blank\" rel=\"noopener noreferrer\" data-stringify-link=\"http:\/\/bit.ly\/2YfGMc5\" data-sk=\"tooltip_parent\">Mar\u00e9 de Not\u00edcias<\/a><\/i><i data-stringify-type=\"italic\">. \u00c9 autora do\u00a0<\/i><a href=\"https:\/\/hiphopdocs.wordpress.com\/2021\/03\/30\/guia-antiassedio-no-breaking-ganha-traducao-para-quatro-idiomas\/\" target=\"_blank\" rel=\"noopener\"><i data-stringify-type=\"italic\">Guia Antiass\u00e9dio no Breaking<\/i><\/a><i data-stringify-type=\"italic\">, um manual que explica ao p\u00fablico do Hip Hop sobre o que \u00e9 ou n\u00e3o ass\u00e9dio e orienta sobre o que fazer nessas situa\u00e7\u00f5es. Amanda \u00e9 cria do\u00a0Morro do Timbau\u00a0e atualmente mora na <a href=\"https:\/\/rioonwatch.org.br\/?tag=Vila-do-Jo%C3%A3o\" target=\"_blank\" rel=\"noopener\">Vila do Jo\u00e3o<\/a>, ambos no Complexo da Mar\u00e9.<\/i><\/p>\n<hr \/>\n<h4><b data-stringify-type=\"bold\">Apoie nossos esfor\u00e7os para fornecer apoio estrat\u00e9gico \u00e0s favelas do Rio, incluindo o jornalismo hiperlocal, cr\u00edtico, inovador e incans\u00e1vel do\u00a0<\/b><b data-stringify-type=\"bold\"><i data-stringify-type=\"italic\">RioOnWatch<\/i><\/b>\u2014<a class=\"c-link\" href=\"http:\/\/www.bit.ly\/ApoieROW\" target=\"_blank\" rel=\"noopener noreferrer\" data-stringify-link=\"http:\/\/www.bit.ly\/ApoieROW\" data-sk=\"tooltip_parent\">doe aqui<\/a>.<\/h4>\n<!-- AddThis Advanced Settings generic via filter on the_content --><!-- AddThis Share Buttons generic via filter on the_content -->","protected":false},"excerpt":{"rendered":"<div class=\"mh-excerpt\"><p>Click Here for English Realizado em 22 de maio, o evento &#8220;Ch\u00e1 de Mem\u00f3rias&#8221; celebrou o anivers\u00e1rio de 18 anos do Museu da Mar\u00e9, no Complexo da Mar\u00e9, Zona Norte do Rio de Janeiro, e <a class=\"mh-excerpt-more\" href=\"https:\/\/rioonwatch.org.br\/?p=73580\" title=\"18 Anos de Hist\u00f3rias de Luta: Museu da Mar\u00e9 Celebra a Mem\u00f3ria dos Moradores com um Ch\u00e1 de Mem\u00f3rias\">[&#8230;]<\/a><!-- AddThis Advanced Settings generic via filter on get_the_excerpt --><!-- AddThis Share Buttons generic via filter on get_the_excerpt --><\/p>\n<\/div>","protected":false},"author":179,"featured_media":73598,"comment_status":"closed","ping_status":"closed","sticky":false,"template":"template-full.php","format":"standard","meta":{"_acf_changed":false,"_monsterinsights_skip_tracking":false,"_monsterinsights_sitenote_active":false,"_monsterinsights_sitenote_note":"","_monsterinsights_sitenote_category":0,"footnotes":""},"categories":[1621,1627,1625,1612,342],"tags":[2357,332,2070,3143,2146,3317,469,1037,1076,1111,1106,1068,1107,432,218],"writer":[3181],"translator":[],"source":[],"ilustrador":[],"fotografo":[],"class_list":{"0":"post-73580","1":"post","2":"type-post","3":"status-publish","4":"format-standard","5":"has-post-thumbnail","7":"category-destaque","8":"category-relato-de-evento","9":"category-por-correspondentes-comunitarios","10":"category-sociedade-civil","11":"category-solucoes","12":"tag-ceasm","13":"tag-complexo-da-mare","14":"tag-direito-a-educacao","15":"tag-direito-a-favela","16":"tag-fiocruz","17":"tag-luz","18":"tag-memoria","19":"tag-moradia","20":"tag-morro-do-timbau","21":"tag-museu","22":"tag-museu-da-mare","23":"tag-ocupacao-policial","24":"tag-redes-da-mare","25":"tag-resistencia","26":"tag-zona-norte","27":"writer-amanda-baroni-lopes"},"acf":[],"yoast_head":"<!-- This site is optimized with the Yoast SEO plugin v25.6 - https:\/\/yoast.com\/wordpress\/plugins\/seo\/ -->\n<title>18 Anos de Hist\u00f3rias de Luta: Museu da Mar\u00e9 Celebra a Mem\u00f3ria dos Moradores com um Ch\u00e1 de Mem\u00f3rias - RioOnWatch<\/title>\n<meta name=\"robots\" content=\"index, follow, max-snippet:-1, max-image-preview:large, max-video-preview:-1\" \/>\n<link rel=\"canonical\" href=\"https:\/\/rioonwatch.org.br\/?p=73580\" \/>\n<meta property=\"og:locale\" content=\"pt_BR\" \/>\n<meta property=\"og:type\" content=\"article\" \/>\n<meta property=\"og:title\" content=\"18 Anos de Hist\u00f3rias de Luta: Museu da Mar\u00e9 Celebra a Mem\u00f3ria dos Moradores com um Ch\u00e1 de Mem\u00f3rias - RioOnWatch\" \/>\n<meta property=\"og:description\" content=\"Click Here for English Realizado em 22 de maio, o evento &#8220;Ch\u00e1 de Mem\u00f3rias&#8221; celebrou o anivers\u00e1rio de 18 anos do Museu da Mar\u00e9, no Complexo da Mar\u00e9, Zona Norte do Rio de Janeiro, e [...]\" \/>\n<meta property=\"og:url\" content=\"https:\/\/rioonwatch.org.br\/?p=73580\" \/>\n<meta property=\"og:site_name\" content=\"RioOnWatch\" \/>\n<meta property=\"article:published_time\" content=\"2024-05-25T18:54:56+00:00\" \/>\n<meta property=\"article:modified_time\" content=\"2024-07-09T23:17:22+00:00\" \/>\n<meta property=\"og:image\" content=\"https:\/\/rioonwatch.org.br\/wp-content\/uploads\/2024\/05\/Evento-Cha-de-Memorias-no-Museu-da-Mare-2-.jpeg-scaled.jpeg\" \/>\n\t<meta property=\"og:image:width\" content=\"2560\" \/>\n\t<meta property=\"og:image:height\" content=\"1440\" \/>\n\t<meta property=\"og:image:type\" content=\"image\/jpeg\" \/>\n<meta name=\"author\" content=\"Janaina Tavares\" \/>\n<meta name=\"twitter:card\" content=\"summary_large_image\" \/>\n<meta name=\"twitter:label1\" content=\"Escrito por\" \/>\n\t<meta name=\"twitter:data1\" content=\"Janaina Tavares\" \/>\n\t<meta name=\"twitter:label2\" content=\"Est. tempo de leitura\" \/>\n\t<meta name=\"twitter:data2\" content=\"9 minutos\" \/>\n<script type=\"application\/ld+json\" class=\"yoast-schema-graph\">{\"@context\":\"https:\/\/schema.org\",\"@graph\":[{\"@type\":\"Article\",\"@id\":\"https:\/\/rioonwatch.org.br\/?p=73580#article\",\"isPartOf\":{\"@id\":\"https:\/\/rioonwatch.org.br\/?p=73580\"},\"author\":{\"name\":\"Janaina Tavares\",\"@id\":\"https:\/\/rioonwatch.org.br\/#\/schema\/person\/feb227e5e7679aacc3d672e375cae1bd\"},\"headline\":\"18 Anos de Hist\u00f3rias de Luta: Museu da Mar\u00e9 Celebra a Mem\u00f3ria dos Moradores com um Ch\u00e1 de Mem\u00f3rias\",\"datePublished\":\"2024-05-25T18:54:56+00:00\",\"dateModified\":\"2024-07-09T23:17:22+00:00\",\"mainEntityOfPage\":{\"@id\":\"https:\/\/rioonwatch.org.br\/?p=73580\"},\"wordCount\":2095,\"publisher\":{\"@id\":\"https:\/\/rioonwatch.org.br\/#organization\"},\"image\":{\"@id\":\"https:\/\/rioonwatch.org.br\/?p=73580#primaryimage\"},\"thumbnailUrl\":\"https:\/\/rioonwatch.org.br\/wp-content\/uploads\/2024\/05\/Evento-Cha-de-Memorias-no-Museu-da-Mare-2-.jpeg-scaled.jpeg\",\"keywords\":[\"CEASM\",\"Complexo da Mar\u00e9\",\"direito \u00e0 educa\u00e7\u00e3o\",\"Direito \u00e0 favela\",\"Fiocruz\",\"luz\",\"Mem\u00f3rias Faveladas\",\"moradia\",\"Morro do Timbau\",\"museu\",\"Museu da Mar\u00e9\",\"ocupa\u00e7\u00e3o policial\",\"Redes da Mar\u00e9\",\"resist\u00eancia\",\"Zona Norte\"],\"articleSection\":[\"*Destaque\",\"Cobertura de Eventos\",\"Escrito por Comunicadores Populares\",\"Sociedade Civil\",\"Solu\u00e7\u00f5es\"],\"inLanguage\":\"pt-BR\"},{\"@type\":\"WebPage\",\"@id\":\"https:\/\/rioonwatch.org.br\/?p=73580\",\"url\":\"https:\/\/rioonwatch.org.br\/?p=73580\",\"name\":\"18 Anos de Hist\u00f3rias de Luta: Museu da Mar\u00e9 Celebra a Mem\u00f3ria dos Moradores com um Ch\u00e1 de Mem\u00f3rias - RioOnWatch\",\"isPartOf\":{\"@id\":\"https:\/\/rioonwatch.org.br\/#website\"},\"primaryImageOfPage\":{\"@id\":\"https:\/\/rioonwatch.org.br\/?p=73580#primaryimage\"},\"image\":{\"@id\":\"https:\/\/rioonwatch.org.br\/?p=73580#primaryimage\"},\"thumbnailUrl\":\"https:\/\/rioonwatch.org.br\/wp-content\/uploads\/2024\/05\/Evento-Cha-de-Memorias-no-Museu-da-Mare-2-.jpeg-scaled.jpeg\",\"datePublished\":\"2024-05-25T18:54:56+00:00\",\"dateModified\":\"2024-07-09T23:17:22+00:00\",\"breadcrumb\":{\"@id\":\"https:\/\/rioonwatch.org.br\/?p=73580#breadcrumb\"},\"inLanguage\":\"pt-BR\",\"potentialAction\":[{\"@type\":\"ReadAction\",\"target\":[\"https:\/\/rioonwatch.org.br\/?p=73580\"]}]},{\"@type\":\"ImageObject\",\"inLanguage\":\"pt-BR\",\"@id\":\"https:\/\/rioonwatch.org.br\/?p=73580#primaryimage\",\"url\":\"https:\/\/rioonwatch.org.br\/wp-content\/uploads\/2024\/05\/Evento-Cha-de-Memorias-no-Museu-da-Mare-2-.jpeg-scaled.jpeg\",\"contentUrl\":\"https:\/\/rioonwatch.org.br\/wp-content\/uploads\/2024\/05\/Evento-Cha-de-Memorias-no-Museu-da-Mare-2-.jpeg-scaled.jpeg\",\"width\":2560,\"height\":1440},{\"@type\":\"BreadcrumbList\",\"@id\":\"https:\/\/rioonwatch.org.br\/?p=73580#breadcrumb\",\"itemListElement\":[{\"@type\":\"ListItem\",\"position\":1,\"name\":\"In\u00edcio\",\"item\":\"https:\/\/rioonwatch.org.br\/\"},{\"@type\":\"ListItem\",\"position\":2,\"name\":\"18 Anos de Hist\u00f3rias de Luta: Museu da Mar\u00e9 Celebra a Mem\u00f3ria dos Moradores com um Ch\u00e1 de Mem\u00f3rias\"}]},{\"@type\":\"WebSite\",\"@id\":\"https:\/\/rioonwatch.org.br\/#website\",\"url\":\"https:\/\/rioonwatch.org.br\/\",\"name\":\"RioOnWatch\",\"description\":\"relatos das favelas cariocas\",\"publisher\":{\"@id\":\"https:\/\/rioonwatch.org.br\/#organization\"},\"potentialAction\":[{\"@type\":\"SearchAction\",\"target\":{\"@type\":\"EntryPoint\",\"urlTemplate\":\"https:\/\/rioonwatch.org.br\/?s={search_term_string}\"},\"query-input\":{\"@type\":\"PropertyValueSpecification\",\"valueRequired\":true,\"valueName\":\"search_term_string\"}}],\"inLanguage\":\"pt-BR\"},{\"@type\":\"Organization\",\"@id\":\"https:\/\/rioonwatch.org.br\/#organization\",\"name\":\"RioOnWatch\",\"url\":\"https:\/\/rioonwatch.org.br\/\",\"logo\":{\"@type\":\"ImageObject\",\"inLanguage\":\"pt-BR\",\"@id\":\"https:\/\/rioonwatch.org.br\/#\/schema\/logo\/image\/\",\"url\":\"https:\/\/rioonwatch.org.br\/wp-content\/uploads\/2021\/06\/RioOnWatchcabecalhoPT11anos-2.png\",\"contentUrl\":\"https:\/\/rioonwatch.org.br\/wp-content\/uploads\/2021\/06\/RioOnWatchcabecalhoPT11anos-2.png\",\"width\":779,\"height\":277,\"caption\":\"RioOnWatch\"},\"image\":{\"@id\":\"https:\/\/rioonwatch.org.br\/#\/schema\/logo\/image\/\"}},{\"@type\":\"Person\",\"@id\":\"https:\/\/rioonwatch.org.br\/#\/schema\/person\/feb227e5e7679aacc3d672e375cae1bd\",\"name\":\"Janaina Tavares\",\"image\":{\"@type\":\"ImageObject\",\"inLanguage\":\"pt-BR\",\"@id\":\"https:\/\/rioonwatch.org.br\/#\/schema\/person\/image\/\",\"url\":\"https:\/\/secure.gravatar.com\/avatar\/83bb5bb4f8b0c5ad63f35939640eaaa2?s=96&d=blank&r=g\",\"contentUrl\":\"https:\/\/secure.gravatar.com\/avatar\/83bb5bb4f8b0c5ad63f35939640eaaa2?s=96&d=blank&r=g\",\"caption\":\"Janaina Tavares\"},\"url\":\"https:\/\/rioonwatch.org.br\/?author=179\"}]}<\/script>\n<!-- \/ Yoast SEO plugin. -->","yoast_head_json":{"title":"18 Anos de Hist\u00f3rias de Luta: Museu da Mar\u00e9 Celebra a Mem\u00f3ria dos Moradores com um Ch\u00e1 de Mem\u00f3rias - RioOnWatch","robots":{"index":"index","follow":"follow","max-snippet":"max-snippet:-1","max-image-preview":"max-image-preview:large","max-video-preview":"max-video-preview:-1"},"canonical":"https:\/\/rioonwatch.org.br\/?p=73580","og_locale":"pt_BR","og_type":"article","og_title":"18 Anos de Hist\u00f3rias de Luta: Museu da Mar\u00e9 Celebra a Mem\u00f3ria dos Moradores com um Ch\u00e1 de Mem\u00f3rias - RioOnWatch","og_description":"Click Here for English Realizado em 22 de maio, o evento &#8220;Ch\u00e1 de Mem\u00f3rias&#8221; celebrou o anivers\u00e1rio de 18 anos do Museu da Mar\u00e9, no Complexo da Mar\u00e9, Zona Norte do Rio de Janeiro, e [...]","og_url":"https:\/\/rioonwatch.org.br\/?p=73580","og_site_name":"RioOnWatch","article_published_time":"2024-05-25T18:54:56+00:00","article_modified_time":"2024-07-09T23:17:22+00:00","og_image":[{"width":2560,"height":1440,"url":"https:\/\/rioonwatch.org.br\/wp-content\/uploads\/2024\/05\/Evento-Cha-de-Memorias-no-Museu-da-Mare-2-.jpeg-scaled.jpeg","type":"image\/jpeg"}],"author":"Janaina Tavares","twitter_card":"summary_large_image","twitter_misc":{"Escrito por":"Janaina Tavares","Est. tempo de leitura":"9 minutos"},"schema":{"@context":"https:\/\/schema.org","@graph":[{"@type":"Article","@id":"https:\/\/rioonwatch.org.br\/?p=73580#article","isPartOf":{"@id":"https:\/\/rioonwatch.org.br\/?p=73580"},"author":{"name":"Janaina Tavares","@id":"https:\/\/rioonwatch.org.br\/#\/schema\/person\/feb227e5e7679aacc3d672e375cae1bd"},"headline":"18 Anos de Hist\u00f3rias de Luta: Museu da Mar\u00e9 Celebra a Mem\u00f3ria dos Moradores com um Ch\u00e1 de Mem\u00f3rias","datePublished":"2024-05-25T18:54:56+00:00","dateModified":"2024-07-09T23:17:22+00:00","mainEntityOfPage":{"@id":"https:\/\/rioonwatch.org.br\/?p=73580"},"wordCount":2095,"publisher":{"@id":"https:\/\/rioonwatch.org.br\/#organization"},"image":{"@id":"https:\/\/rioonwatch.org.br\/?p=73580#primaryimage"},"thumbnailUrl":"https:\/\/rioonwatch.org.br\/wp-content\/uploads\/2024\/05\/Evento-Cha-de-Memorias-no-Museu-da-Mare-2-.jpeg-scaled.jpeg","keywords":["CEASM","Complexo da Mar\u00e9","direito \u00e0 educa\u00e7\u00e3o","Direito \u00e0 favela","Fiocruz","luz","Mem\u00f3rias Faveladas","moradia","Morro do Timbau","museu","Museu da Mar\u00e9","ocupa\u00e7\u00e3o policial","Redes da Mar\u00e9","resist\u00eancia","Zona Norte"],"articleSection":["*Destaque","Cobertura de Eventos","Escrito por Comunicadores Populares","Sociedade Civil","Solu\u00e7\u00f5es"],"inLanguage":"pt-BR"},{"@type":"WebPage","@id":"https:\/\/rioonwatch.org.br\/?p=73580","url":"https:\/\/rioonwatch.org.br\/?p=73580","name":"18 Anos de Hist\u00f3rias de Luta: Museu da Mar\u00e9 Celebra a Mem\u00f3ria dos Moradores com um Ch\u00e1 de Mem\u00f3rias - RioOnWatch","isPartOf":{"@id":"https:\/\/rioonwatch.org.br\/#website"},"primaryImageOfPage":{"@id":"https:\/\/rioonwatch.org.br\/?p=73580#primaryimage"},"image":{"@id":"https:\/\/rioonwatch.org.br\/?p=73580#primaryimage"},"thumbnailUrl":"https:\/\/rioonwatch.org.br\/wp-content\/uploads\/2024\/05\/Evento-Cha-de-Memorias-no-Museu-da-Mare-2-.jpeg-scaled.jpeg","datePublished":"2024-05-25T18:54:56+00:00","dateModified":"2024-07-09T23:17:22+00:00","breadcrumb":{"@id":"https:\/\/rioonwatch.org.br\/?p=73580#breadcrumb"},"inLanguage":"pt-BR","potentialAction":[{"@type":"ReadAction","target":["https:\/\/rioonwatch.org.br\/?p=73580"]}]},{"@type":"ImageObject","inLanguage":"pt-BR","@id":"https:\/\/rioonwatch.org.br\/?p=73580#primaryimage","url":"https:\/\/rioonwatch.org.br\/wp-content\/uploads\/2024\/05\/Evento-Cha-de-Memorias-no-Museu-da-Mare-2-.jpeg-scaled.jpeg","contentUrl":"https:\/\/rioonwatch.org.br\/wp-content\/uploads\/2024\/05\/Evento-Cha-de-Memorias-no-Museu-da-Mare-2-.jpeg-scaled.jpeg","width":2560,"height":1440},{"@type":"BreadcrumbList","@id":"https:\/\/rioonwatch.org.br\/?p=73580#breadcrumb","itemListElement":[{"@type":"ListItem","position":1,"name":"In\u00edcio","item":"https:\/\/rioonwatch.org.br\/"},{"@type":"ListItem","position":2,"name":"18 Anos de Hist\u00f3rias de Luta: Museu da Mar\u00e9 Celebra a Mem\u00f3ria dos Moradores com um Ch\u00e1 de Mem\u00f3rias"}]},{"@type":"WebSite","@id":"https:\/\/rioonwatch.org.br\/#website","url":"https:\/\/rioonwatch.org.br\/","name":"RioOnWatch","description":"relatos das favelas cariocas","publisher":{"@id":"https:\/\/rioonwatch.org.br\/#organization"},"potentialAction":[{"@type":"SearchAction","target":{"@type":"EntryPoint","urlTemplate":"https:\/\/rioonwatch.org.br\/?s={search_term_string}"},"query-input":{"@type":"PropertyValueSpecification","valueRequired":true,"valueName":"search_term_string"}}],"inLanguage":"pt-BR"},{"@type":"Organization","@id":"https:\/\/rioonwatch.org.br\/#organization","name":"RioOnWatch","url":"https:\/\/rioonwatch.org.br\/","logo":{"@type":"ImageObject","inLanguage":"pt-BR","@id":"https:\/\/rioonwatch.org.br\/#\/schema\/logo\/image\/","url":"https:\/\/rioonwatch.org.br\/wp-content\/uploads\/2021\/06\/RioOnWatchcabecalhoPT11anos-2.png","contentUrl":"https:\/\/rioonwatch.org.br\/wp-content\/uploads\/2021\/06\/RioOnWatchcabecalhoPT11anos-2.png","width":779,"height":277,"caption":"RioOnWatch"},"image":{"@id":"https:\/\/rioonwatch.org.br\/#\/schema\/logo\/image\/"}},{"@type":"Person","@id":"https:\/\/rioonwatch.org.br\/#\/schema\/person\/feb227e5e7679aacc3d672e375cae1bd","name":"Janaina Tavares","image":{"@type":"ImageObject","inLanguage":"pt-BR","@id":"https:\/\/rioonwatch.org.br\/#\/schema\/person\/image\/","url":"https:\/\/secure.gravatar.com\/avatar\/83bb5bb4f8b0c5ad63f35939640eaaa2?s=96&d=blank&r=g","contentUrl":"https:\/\/secure.gravatar.com\/avatar\/83bb5bb4f8b0c5ad63f35939640eaaa2?s=96&d=blank&r=g","caption":"Janaina Tavares"},"url":"https:\/\/rioonwatch.org.br\/?author=179"}]}},"_links":{"self":[{"href":"https:\/\/rioonwatch.org.br\/index.php?rest_route=\/wp\/v2\/posts\/73580"}],"collection":[{"href":"https:\/\/rioonwatch.org.br\/index.php?rest_route=\/wp\/v2\/posts"}],"about":[{"href":"https:\/\/rioonwatch.org.br\/index.php?rest_route=\/wp\/v2\/types\/post"}],"author":[{"embeddable":true,"href":"https:\/\/rioonwatch.org.br\/index.php?rest_route=\/wp\/v2\/users\/179"}],"replies":[{"embeddable":true,"href":"https:\/\/rioonwatch.org.br\/index.php?rest_route=%2Fwp%2Fv2%2Fcomments&post=73580"}],"version-history":[{"count":42,"href":"https:\/\/rioonwatch.org.br\/index.php?rest_route=\/wp\/v2\/posts\/73580\/revisions"}],"predecessor-version":[{"id":74735,"href":"https:\/\/rioonwatch.org.br\/index.php?rest_route=\/wp\/v2\/posts\/73580\/revisions\/74735"}],"wp:featuredmedia":[{"embeddable":true,"href":"https:\/\/rioonwatch.org.br\/index.php?rest_route=\/wp\/v2\/media\/73598"}],"wp:attachment":[{"href":"https:\/\/rioonwatch.org.br\/index.php?rest_route=%2Fwp%2Fv2%2Fmedia&parent=73580"}],"wp:term":[{"taxonomy":"category","embeddable":true,"href":"https:\/\/rioonwatch.org.br\/index.php?rest_route=%2Fwp%2Fv2%2Fcategories&post=73580"},{"taxonomy":"post_tag","embeddable":true,"href":"https:\/\/rioonwatch.org.br\/index.php?rest_route=%2Fwp%2Fv2%2Ftags&post=73580"},{"taxonomy":"writer","embeddable":true,"href":"https:\/\/rioonwatch.org.br\/index.php?rest_route=%2Fwp%2Fv2%2Fwriter&post=73580"},{"taxonomy":"translator","embeddable":true,"href":"https:\/\/rioonwatch.org.br\/index.php?rest_route=%2Fwp%2Fv2%2Ftranslator&post=73580"},{"taxonomy":"source","embeddable":true,"href":"https:\/\/rioonwatch.org.br\/index.php?rest_route=%2Fwp%2Fv2%2Fsource&post=73580"},{"taxonomy":"ilustrador","embeddable":true,"href":"https:\/\/rioonwatch.org.br\/index.php?rest_route=%2Fwp%2Fv2%2Filustrador&post=73580"},{"taxonomy":"fotografo","embeddable":true,"href":"https:\/\/rioonwatch.org.br\/index.php?rest_route=%2Fwp%2Fv2%2Ffotografo&post=73580"}],"curies":[{"name":"wp","href":"https:\/\/api.w.org\/{rel}","templated":true}]}}