{"id":73587,"date":"2024-06-17T10:07:08","date_gmt":"2024-06-17T13:07:08","guid":{"rendered":"https:\/\/rioonwatch.org.br\/?p=73587"},"modified":"2024-06-19T14:02:35","modified_gmt":"2024-06-19T17:02:35","slug":"vozes-do-seminario-nacional-do-ttc-razia-khanom-vice-presidenta-do-ttc-de-londres-diz-que-o-espirito-comunitario-das-favelas-deveria-ser-implementado-no-reino-unido-entrevista","status":"publish","type":"post","link":"https:\/\/rioonwatch.org.br\/?p=73587","title":{"rendered":"Vozes do Semin\u00e1rio Nacional do TTC: Razia Khanom, Vice-Presidenta do TTC de Londres Diz que \u2018O Esp\u00edrito Comunit\u00e1rio das Favelas Deveria Ser Implementado no Reino Unido\u2019 [ENTREVISTA]"},"content":{"rendered":"<figure id=\"attachment_73589\" aria-describedby=\"caption-attachment-73589\" style=\"width: 2041px\" class=\"wp-caption aligncenter\"><a href=\"https:\/\/rioonwatch.org.br\/wp-content\/uploads\/2024\/05\/Razia-Khanom-fala-no-5\u00b0-Aniversario-e-3\u00b0-Seminario-Nacional-do-Termo-Territorial-Coletivo.-Foto-Barbara-Dias.png\"><img fetchpriority=\"high\" decoding=\"async\" class=\"wp-image-73589 size-full\" title=\"Razia Khanom fala no 5\u00b0 Anivers\u00e1rio e 3\u00b0 Semin\u00e1rio Nacional do Termo Territorial Coletivo. Foto: Barbara Dias\" src=\"https:\/\/rioonwatch.org.br\/wp-content\/uploads\/2024\/05\/Razia-Khanom-fala-no-5\u00b0-Aniversario-e-3\u00b0-Seminario-Nacional-do-Termo-Territorial-Coletivo.-Foto-Barbara-Dias.png\" alt=\"Razia Khanom fala no 5\u00b0 Anivers\u00e1rio e 3\u00b0 Semin\u00e1rio Nacional do Termo Territorial Coletivo. Foto: Barbara Dias\" width=\"2041\" height=\"1170\" srcset=\"https:\/\/rioonwatch.org.br\/wp-content\/uploads\/2024\/05\/Razia-Khanom-fala-no-5\u00b0-Aniversario-e-3\u00b0-Seminario-Nacional-do-Termo-Territorial-Coletivo.-Foto-Barbara-Dias.png 2041w, https:\/\/rioonwatch.org.br\/wp-content\/uploads\/2024\/05\/Razia-Khanom-fala-no-5\u00b0-Aniversario-e-3\u00b0-Seminario-Nacional-do-Termo-Territorial-Coletivo.-Foto-Barbara-Dias-620x355.png 620w\" sizes=\"(max-width: 2041px) 100vw, 2041px\" \/><\/a><figcaption id=\"caption-attachment-73589\" class=\"wp-caption-text\">Razia Khanom fala no 5\u00b0 anivers\u00e1rio e 3\u00b0 Semin\u00e1rio Nacional do Termo Territorial Coletivo, em 2023. Foto: Barbara Dias<\/figcaption><\/figure>\n<h4 style=\"text-align: right;\"><em><strong><a href=\"https:\/\/rioonwatch.org\/?p=77653\" target=\"_blank\" rel=\"noopener\">Click Here for English<img decoding=\"async\" class=\"alignright wp-image-15790 lazyloaded\" src=\"https:\/\/rioonwatch.org.br\/wp-content\/uploads\/2012\/08\/EN-standard-e1439583104716.jpg\" alt=\"\" width=\"20\" height=\"20\" data-src=\"https:\/\/rioonwatch.org.br\/wp-content\/uploads\/2012\/08\/EN-standard-e1439583104716.jpg\" \/><\/a><\/strong><\/em><\/h4>\n<p><em><b>A\u00a0<a href=\"http:\/\/bit.ly\/PaginaIVSeminarioNacionalTTC\" rel=\"noopener\">quarta edi\u00e7\u00e3o<\/a>\u00a0do Semin\u00e1rio Nacional do Termo Territorial Coletivo\u00a0<a href=\"http:\/\/bit.ly\/InscricaoIVSeminarioNacionalTTC\" rel=\"noopener\">est\u00e1 chegando<\/a>\u00a0(nos dias 18-20 de junho)! Ou\u00e7a as vozes das palestrantes da \u00faltima edi\u00e7\u00e3o do evento em outubro de 2023, quando\u00a0<a href=\"https:\/\/bit.ly\/3VrwUv0\" target=\"_blank\" rel=\"noopener\">Ashley Allen<\/a>, diretora executiva do\u00a0<a href=\"https:\/\/www.houstonclt.org\/\" rel=\"noopener\">Termo Territorial Coletivo de Houston,<\/a>\u00a0e Razia Khanom,\u00a0<\/b>vic<strong>e-presidenta do\u00a0<a href=\"https:\/\/www.londonclt.org\/\" rel=\"noopener\">Termo Territorial Coletivo de Londres<\/a>\u00a0<\/strong><b>visitaram o Rio de Janeiro para o\u00a0<a href=\"https:\/\/rioonwatch.org.br\/?p=71062\" target=\"_blank\" rel=\"noopener\">5\u00ba Anivers\u00e1rio<\/a>\u00a0e 3\u00ba Semin\u00e1rio Nacional do Projeto Termo Territorial Coletivo (<a href=\"https:\/\/rioonwatch.org.br\/?tag=clt\" target=\"_blank\" rel=\"noopener\">TTC<\/a>)*. O evento centrou-se na\u00a0<a href=\"https:\/\/rioonwatch.org.br\/?p=63971\" target=\"_blank\" rel=\"noopener\">propriedade coletiva<\/a>\u00a0de terras e espa\u00e7os comunit\u00e1rios como resist\u00eancia \u00e0 especula\u00e7\u00e3o imobili\u00e1ria e \u00e0\u00a0<a href=\"https:\/\/rioonwatch.org.br\/?tag=gentrificacao-remocao-branca\" target=\"_blank\" rel=\"noopener\">gentrifica\u00e7\u00e3o<\/a>, enquanto os moradores mant\u00eam a propriedade de suas casas, o que\u00a0<a href=\"https:\/\/rioonwatch.org.br\/?p=56691\" target=\"_blank\" rel=\"noopener\">garante a perman\u00eancia<\/a>\u00a0deles. Em comemora\u00e7\u00e3o ao\u00a0<a href=\"https:\/\/worldcltday.org\/\" rel=\"noopener\">Dia Mundial dos TTCs 2024<\/a>, temos o prazer de compartilhar esta entrevista perspicaz e aprofundada com Razia abaixo, e <a href=\"https:\/\/bit.ly\/3VrwUv0\" target=\"_blank\" rel=\"noopener\">de Ashley aqui<\/a>. N\u00e3o deixe de participar da<\/b><b>\u00a0<a href=\"http:\/\/bit.ly\/PaginaIVSeminarioNacionalTTC\" rel=\"noopener\">quarta edi\u00e7\u00e3o<\/a>\u00a0do Semin\u00e1rio Nacional do Termo Territorial Coletivo na pr\u00f3xima semana (18-20 de junho):\u00a0<a href=\"http:\/\/bit.ly\/InscricaoIVSeminarioNacionalTTC\" rel=\"noopener\">se inscreva aqui<\/a>.<\/b><\/em><\/p>\n<figure id=\"attachment_73590\" aria-describedby=\"caption-attachment-73590\" style=\"width: 2048px\" class=\"wp-caption aligncenter\"><a href=\"https:\/\/rioonwatch.org.br\/wp-content\/uploads\/2024\/05\/Razia-Khanom-Vice-Presidenta-da-London-Community-Land-Trust-visitou-o-Rio-de-Janeiro-para-o-evento-do-5o-Aniversario-do-Termo-Territorial-Coletivo.-Foto-Barbara-Dias.jpg\"><img decoding=\"async\" class=\"wp-image-73590 size-full\" title=\"Razia Khanom, Vice-Presidenta do Termo Territorial Coletivo de Londres, visitou o Rio de Janeiro para o evento do 5\u00ba Anivers\u00e1rio do Termo Territorial Coletivo. Foto: B\u00e1rbara Dias\" src=\"https:\/\/rioonwatch.org.br\/wp-content\/uploads\/2024\/05\/Razia-Khanom-Vice-Presidenta-da-London-Community-Land-Trust-visitou-o-Rio-de-Janeiro-para-o-evento-do-5o-Aniversario-do-Termo-Territorial-Coletivo.-Foto-Barbara-Dias.jpg\" alt=\"Razia Khanom, Vice-Presidenta do Termo Territorial Coletivo de Londres, visitou o Rio de Janeiro para o evento do 5\u00ba Anivers\u00e1rio do Termo Territorial Coletivo. Foto: B\u00e1rbara Dias\" width=\"2048\" height=\"1367\" srcset=\"https:\/\/rioonwatch.org.br\/wp-content\/uploads\/2024\/05\/Razia-Khanom-Vice-Presidenta-da-London-Community-Land-Trust-visitou-o-Rio-de-Janeiro-para-o-evento-do-5o-Aniversario-do-Termo-Territorial-Coletivo.-Foto-Barbara-Dias.jpg 2048w, https:\/\/rioonwatch.org.br\/wp-content\/uploads\/2024\/05\/Razia-Khanom-Vice-Presidenta-da-London-Community-Land-Trust-visitou-o-Rio-de-Janeiro-para-o-evento-do-5o-Aniversario-do-Termo-Territorial-Coletivo.-Foto-Barbara-Dias-620x414.jpg 620w\" sizes=\"(max-width: 2048px) 100vw, 2048px\" \/><\/a><figcaption id=\"caption-attachment-73590\" class=\"wp-caption-text\">Razia Khanom, vice-presidenta do TTC de Londres, visitou o Rio de Janeiro em outubro passado para o 5\u00ba anivers\u00e1rio do Projeto Termo Territorial Coletivo. Foto: B\u00e1rbara Dias<\/figcaption><\/figure>\n<p><span style=\"font-weight: 400;\">Razia \u00e9 uma contadora de hist\u00f3rias animada. Ela trouxe essa habilidade para sua participa\u00e7\u00e3o no evento, unindo seu conhecimento como l\u00edder de um Termo Territorial Coletivo no Reino Unido, sua heran\u00e7a ancestral de Bangladesh e seu apoio \u00e0 justi\u00e7a habitacional no Rio. No dia seguinte, o <\/span><i><span style=\"font-weight: 400;\">RioOnWatch <\/span><\/i><span style=\"font-weight: 400;\">teve a oportunidade de entrevistar Razia, em torno de uma mesa cheia de frutas e doces brasileiros. Ela falou de como suas experi\u00eancias pessoais de precariedade habitacional moldaram seu compromisso com a mobiliza\u00e7\u00e3o no TTC. Ela tamb\u00e9m expressou solidariedade com as favelas do Rio e compartilhou ideias sobre como o tratamento que elas recebem est\u00e1 ligado ao mundo de maneira mais ampla e que o Brasil perde por n\u00e3o abra\u00e7a-las e reconhec\u00ea-las<\/span>.<\/p>\n<figure id=\"attachment_73591\" aria-describedby=\"caption-attachment-73591\" style=\"width: 2560px\" class=\"wp-caption aligncenter\"><a href=\"https:\/\/rioonwatch.org.br\/wp-content\/uploads\/2024\/05\/Razia-Khanom-com-outras-liderancas-internacionais-do-TTC.jpg\"><img loading=\"lazy\" decoding=\"async\" class=\"wp-image-73591 size-full\" title=\"Razia Khanom, com outras lideran\u00e7as internacionais do TTC, faz um tour pela primeira favela do Brasil, o Morro da Provid\u00eancia, com 127 anos de idade, acompanhada pelo guia comunit\u00e1rio Cosme Felippsen. Foto: Rebeca Landeiro\" src=\"https:\/\/rioonwatch.org.br\/wp-content\/uploads\/2024\/05\/Razia-Khanom-com-outras-liderancas-internacionais-do-TTC.jpg\" alt=\"Razia Khanom, com outras lideran\u00e7as internacionais do TTC, faz um tour pela primeira favela do Brasil, o Morro da Provid\u00eancia, com 127 anos de idade, acompanhada pelo guia comunit\u00e1rio Cosme Felippsen. Foto: Rebeca Landeiro\" width=\"2560\" height=\"1707\" srcset=\"https:\/\/rioonwatch.org.br\/wp-content\/uploads\/2024\/05\/Razia-Khanom-com-outras-liderancas-internacionais-do-TTC.jpg 2560w, https:\/\/rioonwatch.org.br\/wp-content\/uploads\/2024\/05\/Razia-Khanom-com-outras-liderancas-internacionais-do-TTC-620x413.jpg 620w\" sizes=\"(max-width: 2560px) 100vw, 2560px\" \/><\/a><figcaption id=\"caption-attachment-73591\" class=\"wp-caption-text\">Razia Khanom, com outras lideran\u00e7as internacionais de TTCs, faz um tour pela primeira favela do Brasil, o Morro da Provid\u00eancia, com 127 anos de idade, acompanhada pelo guia comunit\u00e1rio Cosme Felippsen. Foto: Rebeca Landeiro<\/figcaption><\/figure>\n<h3><b><i>RioOnWatch: <\/i><\/b><b>Como come\u00e7ou a sua luta para encontrar moradias a pre\u00e7os acess\u00edveis em Londres, e como voc\u00ea v\u00ea a import\u00e2ncia de permanecer na sua comunidade?<\/b><\/h3>\n<p><b>Razia Khanom:<\/b><span style=\"font-weight: 400;\"> Viv\u00edamos em condi\u00e7\u00f5es de superlota\u00e7\u00e3o e, durante o \u00faltimo ano, passamos a considerar o que fazer para sair [desta situa\u00e7\u00e3o]\u2026 Passamos de uma fam\u00edlia com duas rendas para apenas uma. Os sal\u00e1rios n\u00e3o estavam aumentando. Pensamos em simplesmente sair de Londres. Moramos em Brixton, no sudoeste de Londres.<\/span><\/p>\n<p>Temos uma rede de amigos muito forte. \u00c9 uma comunidade muito diversa. A escola que minha filha frequenta \u00e9 uma escola prim\u00e1ria financiada pelo Estado com um <em>ethos<\/em> isl\u00e2mico. Isso permite com que ela tenha continuidade no que aprende em casa, ao inv\u00e9s de ter a crise de identidade que eu tive quando crian\u00e7a. Queria garantir que os meus filhos estivessem firmes nas suas identidades antes que o mundo come\u00e7asse a atac\u00e1-los por isso.<\/p>\n<p>Ter\u00edamos perdido esse elemento tamb\u00e9m. Muitas das fam\u00edlias que frequentavam a escola tamb\u00e9m eram imigrantes de primeira gera\u00e7\u00e3o. Muitos n\u00e3o tinham fam\u00edlia extensa. Embora eu tenha fam\u00edlia no Reino Unido, eles [os amigos] se tornaram uma fam\u00edlia secund\u00e1ria. Deixar isso para tr\u00e1s seria muito dif\u00edcil. Ent\u00e3o, essa foi a solu\u00e7\u00e3o para mim.<\/p>\n<p>Eu costumava trabalhar com moradia. Pouco antes de ter meu filho mais velho, eu trabalhava em uma associa\u00e7\u00e3o habitacional e fizemos algumas pesquisas sobre quem provavelmente acabaria morando em habita\u00e7\u00f5es inseguras. Descobrimos em nossa \u00e1rea que eram as m\u00e3es solo negras com idades entre 25 e 36 anos as mais vulner\u00e1veis. Esta \u00e9 uma grande parte de nossa comunidade. Algo precisava ser feito para apoi\u00e1-las.<\/p>\n<figure id=\"attachment_73592\" aria-describedby=\"caption-attachment-73592\" style=\"width: 2560px\" class=\"wp-caption aligncenter\"><a href=\"https:\/\/rioonwatch.org.br\/wp-content\/uploads\/2024\/05\/Razia-Khanom-dando-uma-entrevista-no-evento-do-5o-Aniversario-do-TTC-Favela.-Foto-Barbara-Dias.jpg\"><img loading=\"lazy\" decoding=\"async\" class=\"wp-image-73592 size-full\" title=\"Razia Khanom dando uma entrevista no evento do 5\u00ba Anivers\u00e1rio do Termo Territorial Coletivo. Foto: Barbara Dias\" src=\"https:\/\/rioonwatch.org.br\/wp-content\/uploads\/2024\/05\/Razia-Khanom-dando-uma-entrevista-no-evento-do-5o-Aniversario-do-TTC-Favela.-Foto-Barbara-Dias.jpg\" alt=\"Razia Khanom dando uma entrevista no evento do 5\u00ba Anivers\u00e1rio do Termo Territorial Coletivo. Foto: Barbara Dias\" width=\"2560\" height=\"1928\" srcset=\"https:\/\/rioonwatch.org.br\/wp-content\/uploads\/2024\/05\/Razia-Khanom-dando-uma-entrevista-no-evento-do-5o-Aniversario-do-TTC-Favela.-Foto-Barbara-Dias.jpg 2560w, https:\/\/rioonwatch.org.br\/wp-content\/uploads\/2024\/05\/Razia-Khanom-dando-uma-entrevista-no-evento-do-5o-Aniversario-do-TTC-Favela.-Foto-Barbara-Dias-620x467.jpg 620w, https:\/\/rioonwatch.org.br\/wp-content\/uploads\/2024\/05\/Razia-Khanom-dando-uma-entrevista-no-evento-do-5o-Aniversario-do-TTC-Favela.-Foto-Barbara-Dias-1992x1500.jpg 1992w, https:\/\/rioonwatch.org.br\/wp-content\/uploads\/2024\/05\/Razia-Khanom-dando-uma-entrevista-no-evento-do-5o-Aniversario-do-TTC-Favela.-Foto-Barbara-Dias-326x245.jpg 326w, https:\/\/rioonwatch.org.br\/wp-content\/uploads\/2024\/05\/Razia-Khanom-dando-uma-entrevista-no-evento-do-5o-Aniversario-do-TTC-Favela.-Foto-Barbara-Dias-80x60.jpg 80w\" sizes=\"(max-width: 2560px) 100vw, 2560px\" \/><\/a><figcaption id=\"caption-attachment-73592\" class=\"wp-caption-text\">Razia Khanom dando uma entrevista no evento do 5\u00ba Anivers\u00e1rio do Termo Territorial Coletivo. Foto: Barbara Dias<\/figcaption><\/figure>\n<h3><b><i>RioOnWatch:<\/i><\/b><b> Voc\u00ea poderia falar sobre como voc\u00ea entrou na mobiliza\u00e7\u00e3o pelo TTC?\u00a0<\/b><\/h3>\n<p><b>Razia Khanom:<\/b> Em 2018, vi um pequeno folheto no nosso quadro de avisos convidando os moradores para uma reuni\u00e3o para discutir casas a pre\u00e7os acess\u00edveis.<\/p>\n<p>Naquela \u00e9poca, eu n\u00e3o estava trabalhando. O meu mais novo tinha uns quatro anos\u2026 Antes disso, a mais velha apresentava alguns problemas de sa\u00fade. Ela estava tendo o que agora sabemos serem convuls\u00f5es, m\u00faltiplas convuls\u00f5es por dia. Chegou um momento em definitivo quando o beb\u00ea estava em minhas m\u00e3os e eu pude ver [minha filha mais velha] no topo da escada e ela estava balan\u00e7ando. E se eu n\u00e3o a tivesse alcan\u00e7ado a tempo, ela teria ca\u00eddo da escada. Eu disse ao m\u00e9dico: \u201cN\u00e3o consigo mais fazer isso, estou com muita dificuldade, n\u00e3o consigo mant\u00ea-la segura\u201d.<\/p>\n<p>Ent\u00e3o, nos mudamos de volta para o apartamento em que mor\u00e1vamos antes. Foi bastante \u00fatil, no sentido de que era apenas de um andar, n\u00e3o haviam degraus e n\u00e3o precis\u00e1vamos nos preocupar com ter espa\u00e7o suficiente. Depois, com o passar do tempo, percebemos que est\u00e1vamos presos\u2026 porque os alugu\u00e9is tinham aumentado exponencialmente. Isso aconteceu depois de cerca de cinco anos pagando aluguel. Todos os anos, t\u00ednhamos de nos mudar porque os propriet\u00e1rios aumentavam nosso aluguel de forma t\u00e3o exponencial que n\u00e3o consegu\u00edamos pagar. Est\u00e1vamos tendo que nos afastar cada vez mais. As condi\u00e7\u00f5es nas propriedades eram muito ruins e n\u00e3o pod\u00edamos fazer nada sobre isso.<\/p>\n<p>Nesse momento, vi este aviso para casas a pre\u00e7os acess\u00edveis: \u201cVoc\u00ea sabe como s\u00e3o as casas a pre\u00e7os acess\u00edveis?\u201d Em Brixton, todos estes edif\u00edcios luxuosos est\u00e3o aparecendo. Toda a \u00e1rea <a href=\"https:\/\/cltweb.org\/pt\/\" target=\"_blank\" rel=\"noopener\">est\u00e1 se gentrificando<\/a>. \u00c9 acess\u00edvel apenas para pessoas que j\u00e1 est\u00e3o financeiramente muito confort\u00e1veis.<\/p>\n<p>Quando os organizadores do TTC apareceram e eu pude entender como esse \u00e9 um grande <a href=\"https:\/\/rioonwatch.org.br\/?p=64538\" target=\"_blank\" rel=\"noopener\">elemento da solu\u00e7\u00e3o para a habita\u00e7\u00e3o social<\/a>, tornou-se quase uma obriga\u00e7\u00e3o moral para mim estar envolvida, compartilhar minha hist\u00f3ria para que outras pessoas que possam estar se sentindo isoladas, como eu estava, tenham algum tipo de conforto em saber que n\u00e3o est\u00e3o sozinhas. De alguma forma, talvez, se nos unirmos e entregarmos essas casas, poder\u00edamos evitar que [o deslocamento] acontecesse. Na primeira reuni\u00e3o, conheci dois homens jovens que\u2026 trabalham em estreita colabora\u00e7\u00e3o como o nosso grupo nacional, o <a href=\"https:\/\/www.citizensuk.org\/\" target=\"_blank\" rel=\"noopener\">Citizens UK<\/a>, [que] nos colocou em contato com o <a href=\"https:\/\/x.com\/londonclt?lang=en\" target=\"_blank\" rel=\"noopener\">TTC do Leste de Londres<\/a>. Naquela \u00e9poca, o TTC do Leste de Londres estava para entregar sua primeira casa.<\/p>\n<p>[Enquanto isso,] o TTC de Londres fez uma oferta, mas a autoridade local, a <a href=\"https:\/\/www.london.gov.uk\/\" target=\"_blank\" rel=\"noopener\">Autoridade da Grande Londres<\/a> (GLA), n\u00e3o se sentiu confort\u00e1vel em ceder um local t\u00e3o grande para um TTC novato. No entanto, ficaram t\u00e3o impressionados com o lance, que disseram que a nossa proposta era a melhor. Parte seria para alugu\u00e9is acess\u00edveis, parte seria vendida a propriet\u00e1rios particulares e parte seria para aluguel social, mas eles queriam designar 23 unidades a n\u00f3s, para que entreg\u00e1ssemos como parte do TTC.<\/p>\n<p>[Foi quando] o Citizens UK, atrav\u00e9s de seu comit\u00ea de incid\u00eancia pol\u00edtica, entrou em contato com o TTC do Leste de Londres porque, ao inv\u00e9s de criar um novo Termo Territorial Coletivo, a quest\u00e3o seria investir nas institui\u00e7\u00f5es que j\u00e1 temos. O TTC do Leste de Londres tornou-se, ent\u00e3o, <a href=\"https:\/\/www.londonclt.org\/\" target=\"_blank\" rel=\"noopener\">TTC de Londres<\/a>.<\/p>\n<figure id=\"attachment_73678\" aria-describedby=\"caption-attachment-73678\" style=\"width: 1214px\" class=\"wp-caption aligncenter\"><a href=\"https:\/\/rioonwatch.org.br\/wp-content\/uploads\/2024\/05\/A-Moradia-Citizens-no-TTC-de-Londres-prove-11-casas-permanentemente-acessiveis-para-a-populacao-local.-Foto-site-do-TTC-de-Londres.webp\"><img loading=\"lazy\" decoding=\"async\" class=\"wp-image-73678 size-full\" title=\"A Moradia Citizens no TTC de Londres prov\u00ea 11 casas permanentemente acess\u00edveis para a popula\u00e7\u00e3o local. Foto: site do TTC de Londres\" src=\"https:\/\/rioonwatch.org.br\/wp-content\/uploads\/2024\/05\/A-Moradia-Citizens-no-TTC-de-Londres-prove-11-casas-permanentemente-acessiveis-para-a-populacao-local.-Foto-site-do-TTC-de-Londres.webp\" alt=\"A Moradia Citizens no TTC de Londres prov\u00ea 11 casas permanentemente acess\u00edveis para a popula\u00e7\u00e3o local. Foto: site do TTC de Londres\" width=\"1214\" height=\"744\" srcset=\"https:\/\/rioonwatch.org.br\/wp-content\/uploads\/2024\/05\/A-Moradia-Citizens-no-TTC-de-Londres-prove-11-casas-permanentemente-acessiveis-para-a-populacao-local.-Foto-site-do-TTC-de-Londres.webp 1214w, https:\/\/rioonwatch.org.br\/wp-content\/uploads\/2024\/05\/A-Moradia-Citizens-no-TTC-de-Londres-prove-11-casas-permanentemente-acessiveis-para-a-populacao-local.-Foto-site-do-TTC-de-Londres-620x380.webp 620w\" sizes=\"(max-width: 1214px) 100vw, 1214px\" \/><\/a><figcaption id=\"caption-attachment-73678\" class=\"wp-caption-text\">A &#8216;Citizens House&#8217; [pr\u00e9dio denominado &#8216;Casa dos Cidad\u00e3es&#8217;] no TTC de Londres prov\u00ea 11 casas permanentemente acess\u00edveis para a popula\u00e7\u00e3o local. Foto: Site do TTC de Londres<\/figcaption><\/figure>\n<h3><b><i>RioOnWatch: <\/i><\/b><b>Como foi sua experi\u00eancia ao tentar criar moradias populares por meio do TTC de Londres?<\/b><\/h3>\n<p><b>Razia Khanom:<\/b> Em 2019, ingressei no conselho do TTC de Londres. O projeto come\u00e7ou em 2018, mas demorou muito. Era de baixa prioridade para a Autoridade da Grande Londres em termos de pedidos de financiamento. Perdemos alguns membros importantes porque eles <a href=\"https:\/\/www.theguardian.com\/commentisfree\/2024\/feb\/20\/london-affordable-homes-housebuilding-crisis\" target=\"_blank\" rel=\"noopener\">n\u00e3o tinham como continuar pagando seus alugu\u00e9is<\/a>. Eles tiveram que se mudar. Tornou-se ainda mais importante para n\u00f3s que isso fosse levado adiante. Tivemos uma s\u00e9rie de encontros muito dif\u00edceis. Por sermos um TTC pequeno, descobrimos que havia expectativas sobre n\u00f3s que n\u00e3o existiam sobre outros desenvolvedores. O modelo ainda n\u00e3o havia sido amplamente utilizado, ent\u00e3o, havia muita incerteza sobre ele.<\/p>\n<p>Houve o que eu consideraria uma falta de respeito pelo que est\u00e1vamos tentando fazer\u2026 O nosso projeto estava quase em risco quando a Inglaterra decidiu pelo <a href=\"https:\/\/www.britannica.com\/topic\/Brexit\" target=\"_blank\" rel=\"noopener\">Brexit<\/a>. Antes disso, a Europa financiou alguns dos nossos projectos habitacionais\u2026 Apresentamos um pedido de financiamento antes da data oficial de sa\u00edda. Como a GLA demorou muito, eles nem sequer compareceram a uma das reuni\u00f5es do painel que eles pr\u00f3prios organizaram. O prazo passou e, por fim, eles voltaram e disseram: \u201cN\u00e3o temos mais esse seguro. N\u00f3s lhe daremos esse financiamento, mas se voc\u00eas n\u00e3o forem para al\u00e9m do processo de planejamento, ter\u00e1 que reembolsar esse dinheiro\u201d. Eram \u00a3530.000 (R$3,6 milh\u00f5es)! De onde ir\u00edamos conseguir esse dinheiro? [Se isso acontecesse,] nos levaria \u00e0 fal\u00eancia.<\/p>\n<p>Os diretores de v\u00e1rios grupos de todos os projetos do TTC de Londres foram chamados para uma reuni\u00e3o com nossos parceiros-chave para que eles pudessem falar pessoalmente com esses comit\u00eas e dizer porque ele n\u00e3o seria capaz de levar seus projetos adiante\u2026 Ent\u00e3o, para nossa alegria, cerca de uma hora antes de comparecermos \u00e0 reuni\u00e3o, recebemos uma carta dizendo: \u201cFaremos uma concess\u00e3o para voc\u00ea. Voc\u00ea n\u00e3o precisa devolver o dinheiro se n\u00e3o sa\u00edrem da fase de planejamento\u201d.<\/p>\n<p>Aquilo realmente destacou o poder que t\u00ednhamos, a partir dos diferentes testemunhos.<\/p>\n<p>No final de tudo, n\u00e3o quiseram comparecer \u00e0 reuni\u00e3o, pois acharam que seria contraproducente. Eles pensaram que est\u00e1vamos presentes apenas para lhes dizer que haviam nos decepcionado. Quando, na verdade, o que procur\u00e1vamos era saber quais eram os principais assuntos dentro da GLA. Havia algo que pud\u00e9ssemos fazer para ajudar? E como voc\u00ea toma decis\u00f5es para que possamos contornar isso tamb\u00e9m? Vamos trabalhar juntos! Porque n\u00e3o podemos fazer [o TTC] funcionar sem o seu financiamento e voc\u00ea n\u00e3o consegue entregar habita\u00e7\u00e3o sozinhos. O GLA tem muito dinheiro para gastar, n\u00e3o tem pessoal para distribuir os fundos, mas estamos aqui para ajud\u00e1-los a fazer isso.<\/p>\n<figure id=\"attachment_73680\" aria-describedby=\"caption-attachment-73680\" style=\"width: 2048px\" class=\"wp-caption aligncenter\"><a href=\"https:\/\/rioonwatch.org.br\/wp-content\/uploads\/2024\/05\/Razia-Khanom-e-outras-liderancas-do-TTC-em-um-tour-no-Grupo-Esperanca-um-dos-parceiros-do-projeto-Termo-Territorial-Coletivo.-Foto-Barbara-Dias.jpg\"><img loading=\"lazy\" decoding=\"async\" class=\"wp-image-73680 size-full\" title=\"Razia Khanom e outras lideran\u00e7as do TTC em um tour no Grupo Esperan\u00e7a, um dos parceiros do projeto Termo Territorial Coletivo. Foto: B\u00e1rbara Dias\" src=\"https:\/\/rioonwatch.org.br\/wp-content\/uploads\/2024\/05\/Razia-Khanom-e-outras-liderancas-do-TTC-em-um-tour-no-Grupo-Esperanca-um-dos-parceiros-do-projeto-Termo-Territorial-Coletivo.-Foto-Barbara-Dias.jpg\" alt=\"Razia Khanom e outras lideran\u00e7as do TTC em um tour no Grupo Esperan\u00e7a, um dos parceiros do projeto Termo Territorial Coletivo. Foto: B\u00e1rbara Dias\" width=\"2048\" height=\"1367\" srcset=\"https:\/\/rioonwatch.org.br\/wp-content\/uploads\/2024\/05\/Razia-Khanom-e-outras-liderancas-do-TTC-em-um-tour-no-Grupo-Esperanca-um-dos-parceiros-do-projeto-Termo-Territorial-Coletivo.-Foto-Barbara-Dias.jpg 2048w, https:\/\/rioonwatch.org.br\/wp-content\/uploads\/2024\/05\/Razia-Khanom-e-outras-liderancas-do-TTC-em-um-tour-no-Grupo-Esperanca-um-dos-parceiros-do-projeto-Termo-Territorial-Coletivo.-Foto-Barbara-Dias-620x414.jpg 620w\" sizes=\"(max-width: 2048px) 100vw, 2048px\" \/><\/a><figcaption id=\"caption-attachment-73680\" class=\"wp-caption-text\">Razia Khanom e outras lideran\u00e7as de TTCs em uma visita no Grupo Esperan\u00e7a, um dos parceiros do Projeto Termo Territorial Coletivo. Foto: B\u00e1rbara Dias<\/figcaption><\/figure>\n<h3><b><i>RioOnWatch: <\/i><\/b><b>Como \u00e9 a sua mobiliza\u00e7\u00e3o no dia a dia?\u00a0<\/b><\/h3>\n<p><b>Razia Khanom:<\/b> Eu me encontro com pessoas da minha comunidade que est\u00e3o lutando por moradia, com pessoas que est\u00e3o envolvidas noutros grupos de dire\u00e7\u00e3o e em outras unidades da nossa organiza\u00e7\u00e3o. Isso me faz perceber que a habita\u00e7\u00e3o \u00e9 uma quest\u00e3o muito urgente neste momento. H\u00e1 d\u00e9cadas vivemos uma <a href=\"https:\/\/rioonwatch.org.br\/?p=43751\" target=\"_blank\" rel=\"noopener\">crise imobili\u00e1ria<\/a>, mas mudan\u00e7as recentes\u2014recess\u00e3o econ\u00f4mica, austeridade, mudan\u00e7a de governo, quase tivemos uma recess\u00e3o dupla e infla\u00e7\u00e3o\u2014tudo tem impacto sobre ela. Tudo se resume, no final das contas, \u00e0 renda que as pessoas t\u00eam e \u00e0s oportunidades de emprego. Tudo est\u00e1 interligado.<\/p>\n<p>Eu trabalho na escola da minha filha. O modelo de TTC n\u00e3o \u00e9 para todos l\u00e1, porque alguns t\u00eam renda t\u00e3o baixa que, na verdade, precisam de moradia social, n\u00e3o de moradia a pre\u00e7o acess\u00edvel. Eles n\u00e3o teriam recursos para viver em casas, nem que sejam para serem economicamente acess\u00edveis.<\/p>\n<p>A autoridade local n\u00e3o tem ideia de que precisa desta ajuda\u2026 A raz\u00e3o pela qual estou contando tudo isso \u00e9 porque, quase semanalmente, encontro-me com pessoas, vejo pessoas que est\u00e3o em dificuldades, tanto no setor privado como na lista de espera para habita\u00e7\u00e3o p\u00fablica. Cada vez que penso que estou ficando muito cansada e sinto que n\u00e3o estou chegando a lugar nenhum, e acho que vou fazer as malas, encontro pessoas assim&#8230; e suas hist\u00f3rias me fazem continuar. Mobiliza\u00e7\u00e3o no dia a dia sempre come\u00e7a com conex\u00f5es um a um com todos aqueles que t\u00eam interesse em suas comunidades.<\/p>\n<figure id=\"attachment_73681\" aria-describedby=\"caption-attachment-73681\" style=\"width: 2048px\" class=\"wp-caption aligncenter\"><a href=\"https:\/\/rioonwatch.org.br\/wp-content\/uploads\/2024\/05\/Razia-Khanom-participa-em-uma-troca-entre-praticantes-do-TTC-e-o-Grupo-Esperanca-na-Zona-Oeste-do-Rio.-Foto-Barbara-Dias.jpg\"><img loading=\"lazy\" decoding=\"async\" class=\"wp-image-73681 size-full\" title=\"Razia Khanom participa em uma troca entre lideran\u00e7as internacionais do TTC e o Grupo Esperan\u00e7a, na Zona Oeste do Rio. Foto: B\u00e1rbara Dias\" src=\"https:\/\/rioonwatch.org.br\/wp-content\/uploads\/2024\/05\/Razia-Khanom-participa-em-uma-troca-entre-praticantes-do-TTC-e-o-Grupo-Esperanca-na-Zona-Oeste-do-Rio.-Foto-Barbara-Dias.jpg\" alt=\"Razia Khanom participa em uma troca entre lideran\u00e7as internacionais do TTC e o Grupo Esperan\u00e7a, na Zona Oeste do Rio. Foto: B\u00e1rbara Dias\" width=\"2048\" height=\"1367\" srcset=\"https:\/\/rioonwatch.org.br\/wp-content\/uploads\/2024\/05\/Razia-Khanom-participa-em-uma-troca-entre-praticantes-do-TTC-e-o-Grupo-Esperanca-na-Zona-Oeste-do-Rio.-Foto-Barbara-Dias.jpg 2048w, https:\/\/rioonwatch.org.br\/wp-content\/uploads\/2024\/05\/Razia-Khanom-participa-em-uma-troca-entre-praticantes-do-TTC-e-o-Grupo-Esperanca-na-Zona-Oeste-do-Rio.-Foto-Barbara-Dias-620x414.jpg 620w\" sizes=\"(max-width: 2048px) 100vw, 2048px\" \/><\/a><figcaption id=\"caption-attachment-73681\" class=\"wp-caption-text\">Razia Khanom participa em uma troca entre lideran\u00e7as internacionais de TTCs e o Grupo Esperan\u00e7a, na Zona Oeste do Rio. Foto: B\u00e1rbara Dias<\/figcaption><\/figure>\n<h3><b><i>RioOnWatch: <\/i><\/b><b>Voc\u00ea pode me contar sobre o projeto de TTC no qual voc\u00ea est\u00e1 trabalhando agora em seu bairro?<\/b><\/h3>\n<p><b>Razia Khanom: <\/b>Para a <a href=\"https:\/\/www.londonclt.org\/christchurch-road\" target=\"_blank\" rel=\"noopener\">Christchurch Road, em Lambeth<\/a>, o cronograma original era que as pessoas come\u00e7ariam a se mudar em 2021. Agora, estamos em 2024. O projeto foi adiado sem culpa nossa, ent\u00e3o solicitamos mais \u00a3120.000. Eles nos pediram que demonstr\u00e1ssemos que existe apoio local para isso, embora j\u00e1 o tenhamos feito muitas e muitas vezes antes. Queriam saber se havia algum apoio pol\u00edtico. Agora, se as comunidades locais est\u00e3o pedindo isso e se h\u00e1 escassez de habita\u00e7\u00e3o, n\u00e3o tenho a certeza do que significaria mais apoio pol\u00edtico.<\/p>\n<p>O l\u00edder local disse, de fato, que o Departamento de Planejamento n\u00e3o daria permiss\u00e3o de planejamento para o local, porque ele tem ordens de prote\u00e7\u00e3o de \u00e1rvores. \u00c9 um espa\u00e7o verde e n\u00e3o podemos construir em espa\u00e7o verde, embora a \u00faltima vez que esse terreno tenha sido utilizado tenha sido para habita\u00e7\u00e3o. Por causa disso, nossa verba foi recusada.<\/p>\n<p>Estou procurando outras maneiras de solicitar financiamento, para que possamos levar esse projeto adiante e nossa popula\u00e7\u00e3o local possa permanecer l\u00e1. Isso estabelecer\u00e1 um precedente de que n\u00e3o seremos intimidados ou deixados de lado.<\/p>\n<p>A nossa proposta inicial era uma <a href=\"https:\/\/www.archdaily.com.br\/br\/1005378\/habitacao-de-uso-misto-uma-ferramenta-para-ativacao-urbana\" target=\"_blank\" rel=\"noopener\">habita\u00e7\u00e3o de uso misto<\/a>, por isso, quer\u00edamos garantir que o piso t\u00e9rreo fosse acess\u00edvel para pessoas com defici\u00eancia e para os idosos que quisessem ficar na comunidade. O pr\u00e9dio onde moro tem uma grande popula\u00e7\u00e3o idosa. Quer\u00edamos ter certeza de que eles poderiam ficar. Depois, come\u00e7amos a construir apartamentos de dois e tr\u00eas quartos para fam\u00edlias.<\/p>\n<p>Uma das primeiras obje\u00e7\u00f5es que surgiram dizia que n\u00e3o precisamos de unidades familiares em Lambeth. Eles est\u00e3o baseando isso na queda do n\u00famero de matr\u00edculas nas escolas. Mas \u00e9 aqui que entra a tolice. Como as fam\u00edlias n\u00e3o t\u00eam habita\u00e7\u00e3o adequada, n\u00e3o t\u00eam habita\u00e7\u00e3o acess\u00edvel, est\u00e3o se mudando. N\u00e3o \u00e9 que n\u00e3o precisemos de habita\u00e7\u00f5es familiares, precisamos delas: pois os moradores [com crian\u00e7as] est\u00e3o sendo for\u00e7ados a se mudar.<\/p>\n<p>\u00c9 muito dif\u00edcil conversar com as autoridades locais porque elas s\u00e3o muito fechadas. Elas fazem todas essas promessas quando querem ser votadas, mas quando se trata de cumpri-las, por qualquer motivo, n\u00e3o querem ou n\u00e3o podem. A raz\u00e3o pela qual continuo \u00e9 porque acho que a <a href=\"https:\/\/terradedireitos.org.br\/noticias\/noticias\/novas-diretrizes-da-onu-para-a-implementacao-do-direito-a-moradia-adequada-sao-publicadas\/23248\" target=\"_blank\" rel=\"noopener\">habita\u00e7\u00e3o \u00e9 um direito b\u00e1sico para todos<\/a>. Penso que \u00e9 uma grande injusti\u00e7a que na Gr\u00e3-Bretanha n\u00e3o tenhamos tido habita\u00e7\u00e3o adequada desde a d\u00e9cada de 1980.<\/p>\n<figure id=\"attachment_73684\" aria-describedby=\"caption-attachment-73684\" style=\"width: 2000px\" class=\"wp-caption aligncenter\"><a href=\"https:\/\/rioonwatch.org.br\/wp-content\/uploads\/2024\/05\/Razia-Khanom.-Arte-Katie-Pope.jpg\"><img loading=\"lazy\" decoding=\"async\" class=\"wp-image-73684 size-full\" title=\"Razia Khanom. Arte: Katie Pope\" src=\"https:\/\/rioonwatch.org.br\/wp-content\/uploads\/2024\/05\/Razia-Khanom.-Arte-Katie-Pope.jpg\" alt=\"Razia Khanom. Arte: Katie Pope\" width=\"2000\" height=\"1400\" srcset=\"https:\/\/rioonwatch.org.br\/wp-content\/uploads\/2024\/05\/Razia-Khanom.-Arte-Katie-Pope.jpg 2000w, https:\/\/rioonwatch.org.br\/wp-content\/uploads\/2024\/05\/Razia-Khanom.-Arte-Katie-Pope-620x434.jpg 620w\" sizes=\"(max-width: 2000px) 100vw, 2000px\" \/><\/a><figcaption id=\"caption-attachment-73684\" class=\"wp-caption-text\">Razia Khanom. Arte: Katie Pope<\/figcaption><\/figure>\n<h3><b><i>RioOnWatch: <\/i><\/b><b>Voc\u00ea mencionou ter aprendido sobre paralelos entre a vida nas favelas do Rio e a Palestina ocupada quando visitou o Morro da <\/b><a href=\"https:\/\/rioonwatch.org.br\/?tag=providencia\" target=\"_blank\" rel=\"noopener\"><span style=\"font-weight: 400;\">Provid\u00eancia<\/span><\/a><b>. Voc\u00ea pode falar mais sobre isso?<\/b><\/h3>\n<p><b>Razia Khanom:<\/b> A pol\u00edcia brasileira usa\u2014nosso guia tur\u00edstico da favela da <a href=\"https:\/\/rioonwatch.org.br\/?p=45316\" target=\"_blank\" rel=\"noopener\">Provid\u00eancia<\/a> nos alertou sobre isso\u2014<a href=\"https:\/\/rioonwatch.org.br\/?p=35379\" target=\"_blank\" rel=\"noopener\">armas israelenses<\/a>, quando atingem, digamos, seu &#8216;fim \u00fatil&#8217; [tornando-se desatualizadas para uso em Israel]\u2026 Isso \u00e9 <a href=\"https:\/\/www.brasildefatorj.com.br\/2019\/04\/09\/opiniao-or-rio-de-janeiro-laboratorio-para-uma-politica-de-controle\" target=\"_blank\" rel=\"noopener\">algo que aprendi<\/a> quando fui \u00e0 Provid\u00eancia.<\/p>\n<p>As pessoas que vivem em favelas tamb\u00e9m t\u00eam estado sujeitas a pol\u00edticas injustas e desonestas. Elas t\u00eam <a href=\"https:\/\/rioonwatch.org.br\/?tag=Neglig%C3%AAncia-do-Estado\" target=\"_blank\" rel=\"noopener\">necessidades que n\u00e3o est\u00e3o sendo atendidas<\/a>\u2026 [mas] ainda est\u00e3o tirando o <a href=\"https:\/\/rioonwatch.org.br\/?tag=solucao-comunitaria\" target=\"_blank\" rel=\"noopener\">melhor de uma situa\u00e7\u00e3o muito ruim<\/a>. Tenho visto muita engenhosidade nas favelas. Para onde quer que eu olhasse, via uma casa. Olhei para o beco, outra casa. Olhei para aquele lado, outra casa. Eles responderam a uma necessidade de maneira muito criativa.<\/p>\n<p><figure id=\"attachment_73686\" aria-describedby=\"caption-attachment-73686\" style=\"width: 1913px\" class=\"wp-caption aligncenter\"><a href=\"https:\/\/rioonwatch.org.br\/wp-content\/uploads\/2024\/05\/Razia-Khanom-a-esquerda-aplaudindo-ao-final-de-apresentacao-dramatica-de-Cosme-Felippsen-no-Morro-da-Providencia-durante-passeio-pela-primeira-favela.-Foto-Rebeca-Landeiro.jpg\"><img loading=\"lazy\" decoding=\"async\" class=\"wp-image-73686 size-full\" title=\"Razia Khanom [\u00e0 esquerda] aplaudindo ao final de apresenta\u00e7\u00e3o dram\u00e1tica de Cosme Felippsen no Morro da Provid\u00eancia durante passeio pela primeira favela. Foto: Rebeca Landeiro\" src=\"https:\/\/rioonwatch.org.br\/wp-content\/uploads\/2024\/05\/Razia-Khanom-a-esquerda-aplaudindo-ao-final-de-apresentacao-dramatica-de-Cosme-Felippsen-no-Morro-da-Providencia-durante-passeio-pela-primeira-favela.-Foto-Rebeca-Landeiro.jpg\" alt=\"Razia Khanom [\u00e0 esquerda] aplaudindo ao final de apresenta\u00e7\u00e3o dram\u00e1tica de Cosme Felippsen no Morro da Provid\u00eancia durante passeio pela primeira favela. Foto: Rebeca Landeiro\" width=\"1913\" height=\"2392\" srcset=\"https:\/\/rioonwatch.org.br\/wp-content\/uploads\/2024\/05\/Razia-Khanom-a-esquerda-aplaudindo-ao-final-de-apresentacao-dramatica-de-Cosme-Felippsen-no-Morro-da-Providencia-durante-passeio-pela-primeira-favela.-Foto-Rebeca-Landeiro.jpg 1913w, https:\/\/rioonwatch.org.br\/wp-content\/uploads\/2024\/05\/Razia-Khanom-a-esquerda-aplaudindo-ao-final-de-apresentacao-dramatica-de-Cosme-Felippsen-no-Morro-da-Providencia-durante-passeio-pela-primeira-favela.-Foto-Rebeca-Landeiro-496x620.jpg 496w, https:\/\/rioonwatch.org.br\/wp-content\/uploads\/2024\/05\/Razia-Khanom-a-esquerda-aplaudindo-ao-final-de-apresentacao-dramatica-de-Cosme-Felippsen-no-Morro-da-Providencia-durante-passeio-pela-primeira-favela.-Foto-Rebeca-Landeiro-1200x1500.jpg 1200w\" sizes=\"(max-width: 1913px) 100vw, 1913px\" \/><\/a><figcaption id=\"caption-attachment-73686\" class=\"wp-caption-text\">Razia Khanom [\u00e0 esquerda] aplaudindo ao final de apresenta\u00e7\u00e3o dram\u00e1tica de Cosme Felippsen no Morro da Provid\u00eancia durante passeio pela primeira favela. Foto: Rebeca Landeiro<\/figcaption><\/figure>Perder seus irm\u00e3os, perder seus familiares para a brutalidade e ainda ter esperan\u00e7a de melhorar e servir sua comunidade \u00e9 muito admir\u00e1vel. Parte de mim pensa que talvez aqueles que est\u00e3o no poder tenham medo disso. Essas pessoas [nas favelas do Brasil] t\u00eam um esp\u00edrito incr\u00edvel. Eles t\u00eam uma vontade muito forte. Fornecer espa\u00e7o para ver o que podem realmente alcan\u00e7ar s\u00f3 trar\u00e1 benef\u00edcios para o pa\u00eds.<\/p>\n<blockquote><p>\u201cEssas pessoas [nas favelas do Brasil] t\u00eam um esp\u00edrito incr\u00edvel. Eles t\u00eam uma vontade muito forte. Fornecer espa\u00e7o para ver o que podem realmente alcan\u00e7ar s\u00f3 trar\u00e1 benef\u00edcios para o pa\u00eds.\u201d<\/p><\/blockquote>\n<p>H\u00e1 coisas que os moradores das favelas est\u00e3o fazendo e que perdemos em Londres. Por exemplo, esse senso de comunidade&#8230; Minha aspira\u00e7\u00e3o agora \u00e9 replicar, tanto quanto poss\u00edvel, a nossa maneira, esse esp\u00edrito comunit\u00e1rio que tenho visto nas favelas\u2014essa paix\u00e3o resiliente, seguir em frente.<\/p>\n<figure id=\"attachment_73701\" aria-describedby=\"caption-attachment-73701\" style=\"width: 2448px\" class=\"wp-caption aligncenter\"><a href=\"https:\/\/rioonwatch.org.br\/wp-content\/uploads\/2024\/05\/Razia-Khanom-chega-ao-topo-da-primeira-favela-do-Brasil-o-Morro-da-Providencia.-A-Baia-de-Guanabara-e-a-Ponte-Rio-Niteroi-sao-vistas-ao-fundo.-Foto-Rebeca-Landeiro.jpg\"><img loading=\"lazy\" decoding=\"async\" class=\"wp-image-73701 size-full\" title=\"Razia Khanom chega ao topo da primeira favela do Brasil, o Morro da Provid\u00eancia. A Ba\u00eda de Guanabara e a Ponte Rio-Niter\u00f3i s\u00e3o vistas ao fundo. Foto: Rebeca Landeiro\" src=\"https:\/\/rioonwatch.org.br\/wp-content\/uploads\/2024\/05\/Razia-Khanom-chega-ao-topo-da-primeira-favela-do-Brasil-o-Morro-da-Providencia.-A-Baia-de-Guanabara-e-a-Ponte-Rio-Niteroi-sao-vistas-ao-fundo.-Foto-Rebeca-Landeiro.jpg\" alt=\"Razia Khanom chega ao topo da primeira favela do Brasil, o Morro da Provid\u00eancia. A Ba\u00eda de Guanabara e a Ponte Rio-Niter\u00f3i s\u00e3o vistas ao fundo. Foto: Rebeca Landeiro\" width=\"2448\" height=\"2432\" srcset=\"https:\/\/rioonwatch.org.br\/wp-content\/uploads\/2024\/05\/Razia-Khanom-chega-ao-topo-da-primeira-favela-do-Brasil-o-Morro-da-Providencia.-A-Baia-de-Guanabara-e-a-Ponte-Rio-Niteroi-sao-vistas-ao-fundo.-Foto-Rebeca-Landeiro.jpg 2448w, https:\/\/rioonwatch.org.br\/wp-content\/uploads\/2024\/05\/Razia-Khanom-chega-ao-topo-da-primeira-favela-do-Brasil-o-Morro-da-Providencia.-A-Baia-de-Guanabara-e-a-Ponte-Rio-Niteroi-sao-vistas-ao-fundo.-Foto-Rebeca-Landeiro-620x616.jpg 620w, https:\/\/rioonwatch.org.br\/wp-content\/uploads\/2024\/05\/Razia-Khanom-chega-ao-topo-da-primeira-favela-do-Brasil-o-Morro-da-Providencia.-A-Baia-de-Guanabara-e-a-Ponte-Rio-Niteroi-sao-vistas-ao-fundo.-Foto-Rebeca-Landeiro-1510x1500.jpg 1510w\" sizes=\"(max-width: 2448px) 100vw, 2448px\" \/><\/a><figcaption id=\"caption-attachment-73701\" class=\"wp-caption-text\">Razia Khanom chega ao topo da primeira favela do Brasil, o Morro da Provid\u00eancia. A Ba\u00eda de Guanabara e a ponte Rio-Niter\u00f3i s\u00e3o vistas ao fundo. Foto: Rebeca Landeiro<\/figcaption><\/figure>\n<h3><b><i>RioOnWatch:<\/i><\/b><b> Para encerrarmos, voc\u00ea pode me contar um pouco sobre como foi sua viagem ao Rio e o potencial para forjar solidariedade internacional entre os TTCs?\u00a0<\/b><\/h3>\n<p><b>Razia Khanom:<\/b> Fiquei muito animada para sair e conhecer as equipes. Eu n\u00e3o tinha ideia de como seria. Achei que poderia haver alguns passeios aqui e ali, mas foi muito mais do que eu imaginava.<\/p>\n<p>Quando <a href=\"https:\/\/www.instagram.com\/ocosmeoficial\/?hl=en\" target=\"_blank\" rel=\"noopener\">Cosme<\/a> estava compartilhando, aquilo trouxe minha mente de volta para o <em>front<\/em>. Temos uma dificuldade coletiva. <a href=\"https:\/\/www.amazon.com\/Healing-Collective-Trauma-Integrating-Intergenerational\/dp\/B08ZBPK21T\" target=\"_blank\" rel=\"noopener\">Temos uma dor coletiva<\/a>, uma dor compartilhada, e grande parte da cultura nas favelas lembra bastante a de Bangladesh e o que as nossas comunidades tiveram de fazer quando vieram para o Reino Unido para se manterem seguras. A comunidade de Bangladesh estava sendo morta no Leste de Londres apenas por ser \u201cparda\u201d, querendo moradia, emprego e sal\u00e1rios.<\/p>\n<p>Muitas vezes, existe a ideia de que as casas baratas ser\u00e3o de m\u00e1 qualidade e, se forem de m\u00e1 qualidade, ser\u00e3o mal conservadas, porque as pessoas com baixos rendimentos n\u00e3o sabem como, o qu\u00ea, ser civilizadas? Quando eu vi aquelas casas [nas favelas], eram lindas, t\u00e3o bem conservadas. As pessoas estavam t\u00e3o orgulhosas. Quando voc\u00ea d\u00e1 \u00e0s pessoas esse sentimento de propriedade, esse sentimento de pertencimento, esse controle, voc\u00ea as v\u00ea florescer. Sinto-me muito privilegiada por ter sido convidada n\u00e3o apenas para ver a Provid\u00eancia, mas tamb\u00e9m para ver como s\u00e3o suas casas. Tenho fotos e j\u00e1 as compartilhei com pessoas do nosso grupo de dire\u00e7\u00e3o da comunidade para mostrar o que \u00a37.200 (R$49.000) podem alcan\u00e7ar.<\/p>\n<figure id=\"attachment_73702\" aria-describedby=\"caption-attachment-73702\" style=\"width: 2560px\" class=\"wp-caption aligncenter\"><a href=\"https:\/\/rioonwatch.org.br\/wp-content\/uploads\/2024\/05\/Razia-Khanom-em-frente-a-escadaria-historica-da-Providencia.-Foto-Rebeca-Landeiro.jpg\"><img loading=\"lazy\" decoding=\"async\" class=\"wp-image-73702 size-full\" title=\"Razia Khanom em frente \u00e0 escadaria hist\u00f3rica da Provid\u00eancia. Foto: Rebeca Landeiro\" src=\"https:\/\/rioonwatch.org.br\/wp-content\/uploads\/2024\/05\/Razia-Khanom-em-frente-a-escadaria-historica-da-Providencia.-Foto-Rebeca-Landeiro.jpg\" alt=\"Razia Khanom em frente \u00e0 escadaria hist\u00f3rica da Provid\u00eancia. Foto: Rebeca Landeiro\" width=\"2560\" height=\"1707\" srcset=\"https:\/\/rioonwatch.org.br\/wp-content\/uploads\/2024\/05\/Razia-Khanom-em-frente-a-escadaria-historica-da-Providencia.-Foto-Rebeca-Landeiro.jpg 2560w, https:\/\/rioonwatch.org.br\/wp-content\/uploads\/2024\/05\/Razia-Khanom-em-frente-a-escadaria-historica-da-Providencia.-Foto-Rebeca-Landeiro-620x413.jpg 620w\" sizes=\"(max-width: 2560px) 100vw, 2560px\" \/><\/a><figcaption id=\"caption-attachment-73702\" class=\"wp-caption-text\">Razia Khanom em frente \u00e0 escadaria hist\u00f3rica da Provid\u00eancia. Foto: Rebeca Landeiro<\/figcaption><\/figure>\n<p>Hoje, vimos aquelas ameixazinhas, que eu amei, nas \u00e1rvores. Os moradores s\u00e3o t\u00e3o generosos e a sustentabilidade, meu Deus! Eles pensaram em todas as coisas que a comunidade poderia precisar. Todo mundo se conhece. H\u00e1 um v\u00ednculo. Tamb\u00e9m h\u00e1 seguran\u00e7a em cuidarmos uns dos outros. H\u00e1 um elemento que, se algu\u00e9m n\u00e3o est\u00e1 bem, se est\u00e1 envelhecendo, se algu\u00e9m est\u00e1 gr\u00e1vida, h\u00e1 um sentimento de responsabilidade ou de dever m\u00fatuo. Estou pensando em v\u00e1rias maneiras pelas quais o esp\u00edrito comunit\u00e1rio das favelas e a forma como os moradores se organizam podem ser implementados no Reino Unido.<\/p>\n<p><span style=\"font-weight: 400;\">O que eu gostaria de ver \u00e9 mais colabora\u00e7\u00e3o global. Muito pode ser alcan\u00e7ado quando as pessoas se re\u00fanem e t\u00eam espa\u00e7o para fazer o que desejam. Foi isso que [esta visita ao] Rio me fez pensar. H\u00e1 for\u00e7a em n\u00fameros.\u00a0<\/span><\/p>\n<figure id=\"attachment_73703\" aria-describedby=\"caption-attachment-73703\" style=\"width: 2048px\" class=\"wp-caption aligncenter\"><a href=\"https:\/\/rioonwatch.org.br\/wp-content\/uploads\/2024\/05\/Razia-Khanom-deixa-sua-mensagem-a-comunidade-do-Grupo-Esperanca-community-na-Zona-Oeste-do-Rio.-Foto-Barbara-Dias.jpg\"><img loading=\"lazy\" decoding=\"async\" class=\"wp-image-73703 size-full\" title=\"Razia Khanom deixa sua mensagem \u00e0 comunidade do Grupo Esperan\u00e7a community, na Zona Oeste do Rio. Foto: B\u00e1rbara Dias\" src=\"https:\/\/rioonwatch.org.br\/wp-content\/uploads\/2024\/05\/Razia-Khanom-deixa-sua-mensagem-a-comunidade-do-Grupo-Esperanca-community-na-Zona-Oeste-do-Rio.-Foto-Barbara-Dias.jpg\" alt=\"Razia Khanom deixa sua mensagem \u00e0 comunidade do Grupo Esperan\u00e7a community, na Zona Oeste do Rio. Foto: B\u00e1rbara Dias\" width=\"2048\" height=\"1367\" srcset=\"https:\/\/rioonwatch.org.br\/wp-content\/uploads\/2024\/05\/Razia-Khanom-deixa-sua-mensagem-a-comunidade-do-Grupo-Esperanca-community-na-Zona-Oeste-do-Rio.-Foto-Barbara-Dias.jpg 2048w, https:\/\/rioonwatch.org.br\/wp-content\/uploads\/2024\/05\/Razia-Khanom-deixa-sua-mensagem-a-comunidade-do-Grupo-Esperanca-community-na-Zona-Oeste-do-Rio.-Foto-Barbara-Dias-620x414.jpg 620w\" sizes=\"(max-width: 2048px) 100vw, 2048px\" \/><\/a><figcaption id=\"caption-attachment-73703\" class=\"wp-caption-text\">Razia Khanom deixa sua mensagem \u00e0 comunidade do Grupo Esperan\u00e7a, na Zona Oeste do Rio. Foto: B\u00e1rbara Dias<\/figcaption><\/figure>\n<p><i><span style=\"font-weight: 400;\">*<\/span><\/i><i>Tanto o RioOnWatch quanto o Projeto Termo Territorial Coletivo (TTC) s\u00e3o iniciativas da organiza\u00e7\u00e3o sem fins lucrativos Comunidades Catalisadoras (ComCat).<\/i><\/p>\n<hr \/>\n<h4><b data-stringify-type=\"bold\">Apoie nossos esfor\u00e7os para fornecer apoio estrat\u00e9gico \u00e0s favelas do Rio, incluindo o jornalismo hiperlocal, cr\u00edtico, inovador e incans\u00e1vel do\u00a0<\/b><b data-stringify-type=\"bold\"><i data-stringify-type=\"italic\">RioOnWatch<\/i><\/b>\u2014<a class=\"c-link\" href=\"http:\/\/www.bit.ly\/ApoieROW\" target=\"_blank\" rel=\"noopener noreferrer\" data-stringify-link=\"http:\/\/www.bit.ly\/ApoieROW\" data-sk=\"tooltip_parent\">doe aqui<\/a>.<\/h4>\n<!-- AddThis Advanced Settings generic via filter on the_content --><!-- AddThis Share Buttons generic via filter on the_content -->","protected":false},"excerpt":{"rendered":"<div class=\"mh-excerpt\"><p>Click Here for English A\u00a0quarta edi\u00e7\u00e3o\u00a0do Semin\u00e1rio Nacional do Termo Territorial Coletivo\u00a0est\u00e1 chegando\u00a0(nos dias 18-20 de junho)! Ou\u00e7a as vozes das palestrantes da \u00faltima edi\u00e7\u00e3o do evento em outubro de 2023, quando\u00a0Ashley Allen, diretora executiva <a class=\"mh-excerpt-more\" href=\"https:\/\/rioonwatch.org.br\/?p=73587\" title=\"Vozes do Semin\u00e1rio Nacional do TTC: Razia Khanom, Vice-Presidenta do TTC de Londres Diz que \u2018O Esp\u00edrito Comunit\u00e1rio das Favelas Deveria Ser Implementado no Reino Unido\u2019 [ENTREVISTA]\">[&#8230;]<\/a><!-- AddThis Advanced Settings generic via filter on get_the_excerpt --><!-- AddThis Share Buttons generic via filter on get_the_excerpt --><\/p>\n<\/div>","protected":false},"author":167,"featured_media":73589,"comment_status":"closed","ping_status":"closed","sticky":false,"template":"template-full.php","format":"standard","meta":{"_acf_changed":false,"_monsterinsights_skip_tracking":false,"_monsterinsights_sitenote_active":false,"_monsterinsights_sitenote_note":"","_monsterinsights_sitenote_category":0,"footnotes":""},"categories":[1621,1629,1626,1612,342],"tags":[259,759,1220,424,1258,395,909,994,594,257,358,758,838,1205,2539,476,711],"writer":[3430],"translator":[1895],"source":[],"ilustrador":[],"fotografo":[3184],"class_list":{"0":"post-73587","1":"post","2":"type-post","3":"status-publish","4":"format-standard","5":"has-post-thumbnail","7":"category-destaque","8":"category-entrevistas-e-perfis","9":"category-por-observadores-internacionais","10":"category-sociedade-civil","11":"category-solucoes","12":"tag-centro","13":"tag-comparacao-internacional","14":"tag-deficit-habitacional","15":"tag-direito-a-moradia","16":"tag-entrevista","17":"tag-gentrificacao-remocao-branca","18":"tag-habitacao-acessivel","19":"tag-habitacao-publica","20":"tag-londres","21":"tag-providencia","22":"tag-organizacao-comunitaria","23":"tag-orgulho-comunitario","24":"tag-politica-publica","25":"tag-reino-unido","26":"tag-sentimento-de-pertencimento","27":"tag-solucao-comunitaria","28":"tag-clt","29":"writer-sana-khan","30":"translator-francine-oliveira","31":"fotografo-barbara-dias"},"acf":[],"yoast_head":"<!-- This site is optimized with the Yoast SEO plugin v25.6 - https:\/\/yoast.com\/wordpress\/plugins\/seo\/ -->\n<title>Vozes do Semin\u00e1rio Nacional do TTC: Razia Khanom, Vice-Presidenta do TTC de Londres Diz que \u2018O Esp\u00edrito Comunit\u00e1rio das Favelas Deveria Ser Implementado no Reino Unido\u2019 [ENTREVISTA] - RioOnWatch<\/title>\n<meta name=\"robots\" content=\"index, follow, max-snippet:-1, max-image-preview:large, max-video-preview:-1\" \/>\n<link rel=\"canonical\" href=\"https:\/\/rioonwatch.org.br\/?p=73587\" \/>\n<meta property=\"og:locale\" content=\"pt_BR\" \/>\n<meta property=\"og:type\" content=\"article\" \/>\n<meta property=\"og:title\" content=\"Vozes do Semin\u00e1rio Nacional do TTC: Razia Khanom, Vice-Presidenta do TTC de Londres Diz que \u2018O Esp\u00edrito Comunit\u00e1rio das Favelas Deveria Ser Implementado no Reino Unido\u2019 [ENTREVISTA] - RioOnWatch\" \/>\n<meta property=\"og:description\" content=\"Click Here for English A\u00a0quarta edi\u00e7\u00e3o\u00a0do Semin\u00e1rio Nacional do Termo Territorial Coletivo\u00a0est\u00e1 chegando\u00a0(nos dias 18-20 de junho)! Ou\u00e7a as vozes das palestrantes da \u00faltima edi\u00e7\u00e3o do evento em outubro de 2023, quando\u00a0Ashley Allen, diretora executiva [...]\" \/>\n<meta property=\"og:url\" content=\"https:\/\/rioonwatch.org.br\/?p=73587\" \/>\n<meta property=\"og:site_name\" content=\"RioOnWatch\" \/>\n<meta property=\"article:published_time\" content=\"2024-06-17T13:07:08+00:00\" \/>\n<meta property=\"article:modified_time\" content=\"2024-06-19T17:02:35+00:00\" \/>\n<meta property=\"og:image\" content=\"https:\/\/rioonwatch.org.br\/wp-content\/uploads\/2024\/05\/Razia-Khanom-fala-no-5\u00b0-Aniversario-e-3\u00b0-Seminario-Nacional-do-Termo-Territorial-Coletivo.-Foto-Barbara-Dias.png\" \/>\n\t<meta property=\"og:image:width\" content=\"1030\" \/>\n\t<meta property=\"og:image:height\" content=\"590\" \/>\n\t<meta property=\"og:image:type\" content=\"image\/png\" \/>\n<meta name=\"author\" content=\"Julio Santos Filho\" \/>\n<meta name=\"twitter:card\" content=\"summary_large_image\" \/>\n<meta name=\"twitter:label1\" content=\"Escrito por\" \/>\n\t<meta name=\"twitter:data1\" content=\"Julio Santos Filho\" \/>\n\t<meta name=\"twitter:label2\" content=\"Est. tempo de leitura\" \/>\n\t<meta name=\"twitter:data2\" content=\"21 minutos\" \/>\n<script type=\"application\/ld+json\" class=\"yoast-schema-graph\">{\"@context\":\"https:\/\/schema.org\",\"@graph\":[{\"@type\":\"Article\",\"@id\":\"https:\/\/rioonwatch.org.br\/?p=73587#article\",\"isPartOf\":{\"@id\":\"https:\/\/rioonwatch.org.br\/?p=73587\"},\"author\":{\"name\":\"Julio Santos Filho\",\"@id\":\"https:\/\/rioonwatch.org.br\/#\/schema\/person\/476bc75767957d3535b65b796667cd36\"},\"headline\":\"Vozes do Semin\u00e1rio Nacional do TTC: Razia Khanom, Vice-Presidenta do TTC de Londres Diz que \u2018O Esp\u00edrito Comunit\u00e1rio das Favelas Deveria Ser Implementado no Reino Unido\u2019 [ENTREVISTA]\",\"datePublished\":\"2024-06-17T13:07:08+00:00\",\"dateModified\":\"2024-06-19T17:02:35+00:00\",\"mainEntityOfPage\":{\"@id\":\"https:\/\/rioonwatch.org.br\/?p=73587\"},\"wordCount\":3584,\"publisher\":{\"@id\":\"https:\/\/rioonwatch.org.br\/#organization\"},\"image\":{\"@id\":\"https:\/\/rioonwatch.org.br\/?p=73587#primaryimage\"},\"thumbnailUrl\":\"https:\/\/rioonwatch.org.br\/wp-content\/uploads\/2024\/05\/Razia-Khanom-fala-no-5\u00b0-Aniversario-e-3\u00b0-Seminario-Nacional-do-Termo-Territorial-Coletivo.-Foto-Barbara-Dias.png\",\"keywords\":[\"Centro\",\"compara\u00e7\u00e3o internacional\",\"d\u00e9ficit habitacional\",\"Direito \u00e0 Moradia\",\"entrevista\",\"gentrifica\u00e7\u00e3o\",\"habita\u00e7\u00e3o acess\u00edvel\",\"habita\u00e7\u00e3o p\u00fablica\",\"Londres\",\"Morro da Provid\u00eancia\",\"organiza\u00e7\u00e3o comunit\u00e1ria\",\"orgulho comunit\u00e1rio\",\"pol\u00edtica p\u00fablica\",\"Reino Unido\",\"sentimento de pertencimento\",\"solu\u00e7\u00e3o comunit\u00e1ria\",\"Termo Territorial Coletivo (TTC) \/ Community Land Trust (CLT)\"],\"articleSection\":[\"*Destaque\",\"Entrevistas e Perfis\",\"Escrito por Aliados\",\"Sociedade Civil\",\"Solu\u00e7\u00f5es\"],\"inLanguage\":\"pt-BR\"},{\"@type\":\"WebPage\",\"@id\":\"https:\/\/rioonwatch.org.br\/?p=73587\",\"url\":\"https:\/\/rioonwatch.org.br\/?p=73587\",\"name\":\"Vozes do Semin\u00e1rio Nacional do TTC: Razia Khanom, Vice-Presidenta do TTC de Londres Diz que \u2018O Esp\u00edrito Comunit\u00e1rio das Favelas Deveria Ser Implementado no Reino Unido\u2019 [ENTREVISTA] - RioOnWatch\",\"isPartOf\":{\"@id\":\"https:\/\/rioonwatch.org.br\/#website\"},\"primaryImageOfPage\":{\"@id\":\"https:\/\/rioonwatch.org.br\/?p=73587#primaryimage\"},\"image\":{\"@id\":\"https:\/\/rioonwatch.org.br\/?p=73587#primaryimage\"},\"thumbnailUrl\":\"https:\/\/rioonwatch.org.br\/wp-content\/uploads\/2024\/05\/Razia-Khanom-fala-no-5\u00b0-Aniversario-e-3\u00b0-Seminario-Nacional-do-Termo-Territorial-Coletivo.-Foto-Barbara-Dias.png\",\"datePublished\":\"2024-06-17T13:07:08+00:00\",\"dateModified\":\"2024-06-19T17:02:35+00:00\",\"breadcrumb\":{\"@id\":\"https:\/\/rioonwatch.org.br\/?p=73587#breadcrumb\"},\"inLanguage\":\"pt-BR\",\"potentialAction\":[{\"@type\":\"ReadAction\",\"target\":[\"https:\/\/rioonwatch.org.br\/?p=73587\"]}]},{\"@type\":\"ImageObject\",\"inLanguage\":\"pt-BR\",\"@id\":\"https:\/\/rioonwatch.org.br\/?p=73587#primaryimage\",\"url\":\"https:\/\/rioonwatch.org.br\/wp-content\/uploads\/2024\/05\/Razia-Khanom-fala-no-5\u00b0-Aniversario-e-3\u00b0-Seminario-Nacional-do-Termo-Territorial-Coletivo.-Foto-Barbara-Dias.png\",\"contentUrl\":\"https:\/\/rioonwatch.org.br\/wp-content\/uploads\/2024\/05\/Razia-Khanom-fala-no-5\u00b0-Aniversario-e-3\u00b0-Seminario-Nacional-do-Termo-Territorial-Coletivo.-Foto-Barbara-Dias.png\",\"width\":2041,\"height\":1170,\"caption\":\"Razia Khanom fala no 5\u00b0 Anivers\u00e1rio e 3\u00b0 Semin\u00e1rio Nacional do Termo Territorial Coletivo. Foto: Barbara Dias\"},{\"@type\":\"BreadcrumbList\",\"@id\":\"https:\/\/rioonwatch.org.br\/?p=73587#breadcrumb\",\"itemListElement\":[{\"@type\":\"ListItem\",\"position\":1,\"name\":\"In\u00edcio\",\"item\":\"https:\/\/rioonwatch.org.br\/\"},{\"@type\":\"ListItem\",\"position\":2,\"name\":\"Vozes do Semin\u00e1rio Nacional do TTC: Razia Khanom, Vice-Presidenta do TTC de Londres Diz que \u2018O Esp\u00edrito Comunit\u00e1rio das Favelas Deveria Ser Implementado no Reino Unido\u2019 [ENTREVISTA]\"}]},{\"@type\":\"WebSite\",\"@id\":\"https:\/\/rioonwatch.org.br\/#website\",\"url\":\"https:\/\/rioonwatch.org.br\/\",\"name\":\"RioOnWatch\",\"description\":\"relatos das favelas cariocas\",\"publisher\":{\"@id\":\"https:\/\/rioonwatch.org.br\/#organization\"},\"potentialAction\":[{\"@type\":\"SearchAction\",\"target\":{\"@type\":\"EntryPoint\",\"urlTemplate\":\"https:\/\/rioonwatch.org.br\/?s={search_term_string}\"},\"query-input\":{\"@type\":\"PropertyValueSpecification\",\"valueRequired\":true,\"valueName\":\"search_term_string\"}}],\"inLanguage\":\"pt-BR\"},{\"@type\":\"Organization\",\"@id\":\"https:\/\/rioonwatch.org.br\/#organization\",\"name\":\"RioOnWatch\",\"url\":\"https:\/\/rioonwatch.org.br\/\",\"logo\":{\"@type\":\"ImageObject\",\"inLanguage\":\"pt-BR\",\"@id\":\"https:\/\/rioonwatch.org.br\/#\/schema\/logo\/image\/\",\"url\":\"https:\/\/rioonwatch.org.br\/wp-content\/uploads\/2021\/06\/RioOnWatchcabecalhoPT11anos-2.png\",\"contentUrl\":\"https:\/\/rioonwatch.org.br\/wp-content\/uploads\/2021\/06\/RioOnWatchcabecalhoPT11anos-2.png\",\"width\":779,\"height\":277,\"caption\":\"RioOnWatch\"},\"image\":{\"@id\":\"https:\/\/rioonwatch.org.br\/#\/schema\/logo\/image\/\"}},{\"@type\":\"Person\",\"@id\":\"https:\/\/rioonwatch.org.br\/#\/schema\/person\/476bc75767957d3535b65b796667cd36\",\"name\":\"Julio Santos Filho\",\"image\":{\"@type\":\"ImageObject\",\"inLanguage\":\"pt-BR\",\"@id\":\"https:\/\/rioonwatch.org.br\/#\/schema\/person\/image\/\",\"url\":\"https:\/\/secure.gravatar.com\/avatar\/ca138f7666182a292a8ce4ca14fb81f8?s=96&d=blank&r=g\",\"contentUrl\":\"https:\/\/secure.gravatar.com\/avatar\/ca138f7666182a292a8ce4ca14fb81f8?s=96&d=blank&r=g\",\"caption\":\"Julio Santos Filho\"},\"url\":\"https:\/\/rioonwatch.org.br\/?author=167\"}]}<\/script>\n<!-- \/ Yoast SEO plugin. -->","yoast_head_json":{"title":"Vozes do Semin\u00e1rio Nacional do TTC: Razia Khanom, Vice-Presidenta do TTC de Londres Diz que \u2018O Esp\u00edrito Comunit\u00e1rio das Favelas Deveria Ser Implementado no Reino Unido\u2019 [ENTREVISTA] - RioOnWatch","robots":{"index":"index","follow":"follow","max-snippet":"max-snippet:-1","max-image-preview":"max-image-preview:large","max-video-preview":"max-video-preview:-1"},"canonical":"https:\/\/rioonwatch.org.br\/?p=73587","og_locale":"pt_BR","og_type":"article","og_title":"Vozes do Semin\u00e1rio Nacional do TTC: Razia Khanom, Vice-Presidenta do TTC de Londres Diz que \u2018O Esp\u00edrito Comunit\u00e1rio das Favelas Deveria Ser Implementado no Reino Unido\u2019 [ENTREVISTA] - RioOnWatch","og_description":"Click Here for English A\u00a0quarta edi\u00e7\u00e3o\u00a0do Semin\u00e1rio Nacional do Termo Territorial Coletivo\u00a0est\u00e1 chegando\u00a0(nos dias 18-20 de junho)! Ou\u00e7a as vozes das palestrantes da \u00faltima edi\u00e7\u00e3o do evento em outubro de 2023, quando\u00a0Ashley Allen, diretora executiva [...]","og_url":"https:\/\/rioonwatch.org.br\/?p=73587","og_site_name":"RioOnWatch","article_published_time":"2024-06-17T13:07:08+00:00","article_modified_time":"2024-06-19T17:02:35+00:00","og_image":[{"url":"https:\/\/rioonwatch.org.br\/wp-content\/uploads\/2024\/05\/Razia-Khanom-fala-no-5\u00b0-Aniversario-e-3\u00b0-Seminario-Nacional-do-Termo-Territorial-Coletivo.-Foto-Barbara-Dias.png","width":1030,"height":590,"type":"image\/png"}],"author":"Julio Santos Filho","twitter_card":"summary_large_image","twitter_misc":{"Escrito por":"Julio Santos Filho","Est. tempo de leitura":"21 minutos"},"schema":{"@context":"https:\/\/schema.org","@graph":[{"@type":"Article","@id":"https:\/\/rioonwatch.org.br\/?p=73587#article","isPartOf":{"@id":"https:\/\/rioonwatch.org.br\/?p=73587"},"author":{"name":"Julio Santos Filho","@id":"https:\/\/rioonwatch.org.br\/#\/schema\/person\/476bc75767957d3535b65b796667cd36"},"headline":"Vozes do Semin\u00e1rio Nacional do TTC: Razia Khanom, Vice-Presidenta do TTC de Londres Diz que \u2018O Esp\u00edrito Comunit\u00e1rio das Favelas Deveria Ser Implementado no Reino Unido\u2019 [ENTREVISTA]","datePublished":"2024-06-17T13:07:08+00:00","dateModified":"2024-06-19T17:02:35+00:00","mainEntityOfPage":{"@id":"https:\/\/rioonwatch.org.br\/?p=73587"},"wordCount":3584,"publisher":{"@id":"https:\/\/rioonwatch.org.br\/#organization"},"image":{"@id":"https:\/\/rioonwatch.org.br\/?p=73587#primaryimage"},"thumbnailUrl":"https:\/\/rioonwatch.org.br\/wp-content\/uploads\/2024\/05\/Razia-Khanom-fala-no-5\u00b0-Aniversario-e-3\u00b0-Seminario-Nacional-do-Termo-Territorial-Coletivo.-Foto-Barbara-Dias.png","keywords":["Centro","compara\u00e7\u00e3o internacional","d\u00e9ficit habitacional","Direito \u00e0 Moradia","entrevista","gentrifica\u00e7\u00e3o","habita\u00e7\u00e3o acess\u00edvel","habita\u00e7\u00e3o p\u00fablica","Londres","Morro da Provid\u00eancia","organiza\u00e7\u00e3o comunit\u00e1ria","orgulho comunit\u00e1rio","pol\u00edtica p\u00fablica","Reino Unido","sentimento de pertencimento","solu\u00e7\u00e3o comunit\u00e1ria","Termo Territorial Coletivo (TTC) \/ Community Land Trust (CLT)"],"articleSection":["*Destaque","Entrevistas e Perfis","Escrito por Aliados","Sociedade Civil","Solu\u00e7\u00f5es"],"inLanguage":"pt-BR"},{"@type":"WebPage","@id":"https:\/\/rioonwatch.org.br\/?p=73587","url":"https:\/\/rioonwatch.org.br\/?p=73587","name":"Vozes do Semin\u00e1rio Nacional do TTC: Razia Khanom, Vice-Presidenta do TTC de Londres Diz que \u2018O Esp\u00edrito Comunit\u00e1rio das Favelas Deveria Ser Implementado no Reino Unido\u2019 [ENTREVISTA] - RioOnWatch","isPartOf":{"@id":"https:\/\/rioonwatch.org.br\/#website"},"primaryImageOfPage":{"@id":"https:\/\/rioonwatch.org.br\/?p=73587#primaryimage"},"image":{"@id":"https:\/\/rioonwatch.org.br\/?p=73587#primaryimage"},"thumbnailUrl":"https:\/\/rioonwatch.org.br\/wp-content\/uploads\/2024\/05\/Razia-Khanom-fala-no-5\u00b0-Aniversario-e-3\u00b0-Seminario-Nacional-do-Termo-Territorial-Coletivo.-Foto-Barbara-Dias.png","datePublished":"2024-06-17T13:07:08+00:00","dateModified":"2024-06-19T17:02:35+00:00","breadcrumb":{"@id":"https:\/\/rioonwatch.org.br\/?p=73587#breadcrumb"},"inLanguage":"pt-BR","potentialAction":[{"@type":"ReadAction","target":["https:\/\/rioonwatch.org.br\/?p=73587"]}]},{"@type":"ImageObject","inLanguage":"pt-BR","@id":"https:\/\/rioonwatch.org.br\/?p=73587#primaryimage","url":"https:\/\/rioonwatch.org.br\/wp-content\/uploads\/2024\/05\/Razia-Khanom-fala-no-5\u00b0-Aniversario-e-3\u00b0-Seminario-Nacional-do-Termo-Territorial-Coletivo.-Foto-Barbara-Dias.png","contentUrl":"https:\/\/rioonwatch.org.br\/wp-content\/uploads\/2024\/05\/Razia-Khanom-fala-no-5\u00b0-Aniversario-e-3\u00b0-Seminario-Nacional-do-Termo-Territorial-Coletivo.-Foto-Barbara-Dias.png","width":2041,"height":1170,"caption":"Razia Khanom fala no 5\u00b0 Anivers\u00e1rio e 3\u00b0 Semin\u00e1rio Nacional do Termo Territorial Coletivo. Foto: Barbara Dias"},{"@type":"BreadcrumbList","@id":"https:\/\/rioonwatch.org.br\/?p=73587#breadcrumb","itemListElement":[{"@type":"ListItem","position":1,"name":"In\u00edcio","item":"https:\/\/rioonwatch.org.br\/"},{"@type":"ListItem","position":2,"name":"Vozes do Semin\u00e1rio Nacional do TTC: Razia Khanom, Vice-Presidenta do TTC de Londres Diz que \u2018O Esp\u00edrito Comunit\u00e1rio das Favelas Deveria Ser Implementado no Reino Unido\u2019 [ENTREVISTA]"}]},{"@type":"WebSite","@id":"https:\/\/rioonwatch.org.br\/#website","url":"https:\/\/rioonwatch.org.br\/","name":"RioOnWatch","description":"relatos das favelas cariocas","publisher":{"@id":"https:\/\/rioonwatch.org.br\/#organization"},"potentialAction":[{"@type":"SearchAction","target":{"@type":"EntryPoint","urlTemplate":"https:\/\/rioonwatch.org.br\/?s={search_term_string}"},"query-input":{"@type":"PropertyValueSpecification","valueRequired":true,"valueName":"search_term_string"}}],"inLanguage":"pt-BR"},{"@type":"Organization","@id":"https:\/\/rioonwatch.org.br\/#organization","name":"RioOnWatch","url":"https:\/\/rioonwatch.org.br\/","logo":{"@type":"ImageObject","inLanguage":"pt-BR","@id":"https:\/\/rioonwatch.org.br\/#\/schema\/logo\/image\/","url":"https:\/\/rioonwatch.org.br\/wp-content\/uploads\/2021\/06\/RioOnWatchcabecalhoPT11anos-2.png","contentUrl":"https:\/\/rioonwatch.org.br\/wp-content\/uploads\/2021\/06\/RioOnWatchcabecalhoPT11anos-2.png","width":779,"height":277,"caption":"RioOnWatch"},"image":{"@id":"https:\/\/rioonwatch.org.br\/#\/schema\/logo\/image\/"}},{"@type":"Person","@id":"https:\/\/rioonwatch.org.br\/#\/schema\/person\/476bc75767957d3535b65b796667cd36","name":"Julio Santos Filho","image":{"@type":"ImageObject","inLanguage":"pt-BR","@id":"https:\/\/rioonwatch.org.br\/#\/schema\/person\/image\/","url":"https:\/\/secure.gravatar.com\/avatar\/ca138f7666182a292a8ce4ca14fb81f8?s=96&d=blank&r=g","contentUrl":"https:\/\/secure.gravatar.com\/avatar\/ca138f7666182a292a8ce4ca14fb81f8?s=96&d=blank&r=g","caption":"Julio Santos Filho"},"url":"https:\/\/rioonwatch.org.br\/?author=167"}]}},"_links":{"self":[{"href":"https:\/\/rioonwatch.org.br\/index.php?rest_route=\/wp\/v2\/posts\/73587"}],"collection":[{"href":"https:\/\/rioonwatch.org.br\/index.php?rest_route=\/wp\/v2\/posts"}],"about":[{"href":"https:\/\/rioonwatch.org.br\/index.php?rest_route=\/wp\/v2\/types\/post"}],"author":[{"embeddable":true,"href":"https:\/\/rioonwatch.org.br\/index.php?rest_route=\/wp\/v2\/users\/167"}],"replies":[{"embeddable":true,"href":"https:\/\/rioonwatch.org.br\/index.php?rest_route=%2Fwp%2Fv2%2Fcomments&post=73587"}],"version-history":[{"count":29,"href":"https:\/\/rioonwatch.org.br\/index.php?rest_route=\/wp\/v2\/posts\/73587\/revisions"}],"predecessor-version":[{"id":74067,"href":"https:\/\/rioonwatch.org.br\/index.php?rest_route=\/wp\/v2\/posts\/73587\/revisions\/74067"}],"wp:featuredmedia":[{"embeddable":true,"href":"https:\/\/rioonwatch.org.br\/index.php?rest_route=\/wp\/v2\/media\/73589"}],"wp:attachment":[{"href":"https:\/\/rioonwatch.org.br\/index.php?rest_route=%2Fwp%2Fv2%2Fmedia&parent=73587"}],"wp:term":[{"taxonomy":"category","embeddable":true,"href":"https:\/\/rioonwatch.org.br\/index.php?rest_route=%2Fwp%2Fv2%2Fcategories&post=73587"},{"taxonomy":"post_tag","embeddable":true,"href":"https:\/\/rioonwatch.org.br\/index.php?rest_route=%2Fwp%2Fv2%2Ftags&post=73587"},{"taxonomy":"writer","embeddable":true,"href":"https:\/\/rioonwatch.org.br\/index.php?rest_route=%2Fwp%2Fv2%2Fwriter&post=73587"},{"taxonomy":"translator","embeddable":true,"href":"https:\/\/rioonwatch.org.br\/index.php?rest_route=%2Fwp%2Fv2%2Ftranslator&post=73587"},{"taxonomy":"source","embeddable":true,"href":"https:\/\/rioonwatch.org.br\/index.php?rest_route=%2Fwp%2Fv2%2Fsource&post=73587"},{"taxonomy":"ilustrador","embeddable":true,"href":"https:\/\/rioonwatch.org.br\/index.php?rest_route=%2Fwp%2Fv2%2Filustrador&post=73587"},{"taxonomy":"fotografo","embeddable":true,"href":"https:\/\/rioonwatch.org.br\/index.php?rest_route=%2Fwp%2Fv2%2Ffotografo&post=73587"}],"curies":[{"name":"wp","href":"https:\/\/api.w.org\/{rel}","templated":true}]}}