{"id":73618,"date":"2024-06-12T09:15:39","date_gmt":"2024-06-12T12:15:39","guid":{"rendered":"https:\/\/rioonwatch.org.br\/?p=73618"},"modified":"2024-07-23T17:16:40","modified_gmt":"2024-07-23T20:16:40","slug":"neste-dia-do-meio-ambiente-conheca-o-documentario-como-sobreviver-ao-racismo-ambiental-um-instrumento-contra-a-invisibilidade-climatica-da-baixada-fluminense-resenha","status":"publish","type":"post","link":"https:\/\/rioonwatch.org.br\/?p=73618","title":{"rendered":"Neste M\u00eas do Meio Ambiente, Entenda o Desafio de Visibilizar o Racismo Ambiental Atrav\u00e9s da Hist\u00f3ria do Document\u00e1rio, &#8216;Como Sobreviver ao Racismo Ambiental&#8217;"},"content":{"rendered":"<p><iframe src=\"https:\/\/drive.google.com\/file\/d\/1PBxcnNMEgoZmBGKcqj3a2NwF5j5bIinF\/preview\" width=\"1030\" height=\"563\"><span data-mce-type=\"bookmark\" style=\"display: inline-block; width: 0px; overflow: hidden; line-height: 0;\" class=\"mce_SELRES_start\">\ufeff<\/span><\/iframe><\/p>\n<h4 style=\"text-align: right;\"><a href=\"https:\/\/bit.ly\/4cIi2jj\" target=\"_blank\" rel=\"noopener\"><em><strong>Click Here for English<img decoding=\"async\" class=\"alignright wp-image-15790 lazyloaded\" src=\"https:\/\/rioonwatch.org.br\/wp-content\/uploads\/2012\/08\/EN-standard-e1439583104716.jpg\" alt=\"\" width=\"20\" height=\"20\" data-src=\"https:\/\/rioonwatch.org.br\/wp-content\/uploads\/2012\/08\/EN-standard-e1439583104716.jpg\" \/><\/strong><\/em><\/a><\/h4>\n<p><em><strong>Neste <a href=\"https:\/\/www.politize.com.br\/mes-meio-ambiente\/\" target=\"_blank\" rel=\"noopener\">m\u00eas que comemora o meio ambiente<\/a>, o RioOnWatch traz ao p\u00fablico os bastidores do document\u00e1rio <a href=\"https:\/\/www.instagram.com\/comosobreviver__\/\" target=\"_blank\" rel=\"noopener\">Como Sobreviver ao Racismo Ambiental<\/a>. Dividido em quatro cap\u00edtulos, o document\u00e1rio-em-evolu\u00e7\u00e3o \u00e9 um instrumento contra a invisibilidade clim\u00e1tica na <a href=\"https:\/\/rioonwatch.org.br\/?tag=baixada-fluminense\" target=\"_blank\" rel=\"noopener\">Baixada Fluminense<\/a>. Com recursos do Edital Fundo Casa 2022 e de financiamento coletivo, a obra, produzida pela <a href=\"https:\/\/www.visao.coop\/\" target=\"_blank\" rel=\"noopener\">Vis\u00e3o Coop<\/a>, foi inteiramente filmada na Baixada e evidencia uma realidade de <a href=\"https:\/\/rioonwatch.org.br\/?p=61270\" target=\"_blank\" rel=\"noopener\">problemas ambientais cotidianos<\/a>, que traz s\u00e9rias consequ\u00eancias \u00e0 popula\u00e7\u00e3o h\u00e1 d\u00e9cadas. Sua finaliza\u00e7\u00e3o depende de recursos adicionais, remetendo a mais um elemento da escassez vivida na Baixada Fluminense.<\/strong><\/em><\/p>\n<p>Quando se quer medir os efeitos devastadores de uma <a href=\"https:\/\/rioonwatch.org.br\/?p=72665\" target=\"_blank\" rel=\"noopener\">emerg\u00eancia clim\u00e1tica<\/a>, como <a href=\"https:\/\/rioonwatch.org.br\/?p=72016\" target=\"_blank\" rel=\"noopener\">fortes pancadas de chuvas<\/a>, basta observar seus impactos imediatos em \u00e1reas perif\u00e9ricas. Em <a href=\"https:\/\/portalb.com.br\/chuvas-castigam-queimados-periferia-sofreu-com-inundacoes-defesa-civil-orienta-quem-teve-prejuizo-material\/\" target=\"_blank\" rel=\"noopener\">fevereiro de 2020<\/a>, na cidade de <a href=\"https:\/\/rioonwatch.org.br\/?tag=Queimados\" target=\"_blank\" rel=\"noopener\">Queimados<\/a>, na Baixada Fluminense, n\u00e3o foi diferente. <span style=\"font-weight: 400;\">As fortes chuvas fizeram com que bairros inteiros da cidade ficassem embaixo d&#8217;\u00e1gua, causando transtornos, <a href=\"https:\/\/rioonwatch.org.br\/?p=72000\" target=\"_blank\" rel=\"noopener\">ansiedade e medo<\/a>, preocupa\u00e7\u00e3o e perdas materiais para muitos que demoraram anos para terem algum conforto em suas resid\u00eancias. Essas hist\u00f3rias n\u00e3o sa\u00edram da cabe\u00e7a da jornalista <\/span><a href=\"https:\/\/www.linkedin.com\/in\/fabriciabxd\/?originalSubdomain=br\" target=\"_blank\" rel=\"noopener\">Fabr\u00edcia Sterce<\/a><span style=\"font-weight: 400;\">, moradora da regi\u00e3o.\u00a0<\/span><\/p>\n<p>Durante a enchente de 2020 em Queimados, Fabr\u00edcia, que \u00e9 cria do bairro da <a href=\"https:\/\/www.facebook.com\/people\/Moradores-do-Bairro-da-Pedreira-de-Queimados\/100069831201841\/\" target=\"_blank\" rel=\"noopener\">Pedreira<\/a>, organizou com um grupo de amigos uma esp\u00e9cie de gabinete emergencial de crises, que formulou o primeiro diagn\u00f3stico de vulnerabilidade clim\u00e1tica da cidade. Entrevistaram e entregaram c\u00f3pias para <a href=\"https:\/\/pt.wikipedia.org\/wiki\/Elei%C3%A7%C3%A3o_municipal_de_Queimados_em_2020\" target=\"_blank\" rel=\"noopener\">todos os candidatos<\/a> \u00e0 prefeitura da cidade, pr\u00f3ximo da \u00e9poca das elei\u00e7\u00f5es municipais.<\/p>\n<p><span style=\"font-weight: 400;\">O levantamento n\u00e3o serviu apenas para elencar os problemas estruturais locais, tampouco se restringiu a responsabilizar os futuros gestores p\u00fablicos pelo compromisso em solucion\u00e1-los. Para al\u00e9m disso, ficou decidido entre o grupo que o monitoramento deveria ser permanente. <\/span><\/p>\n<p><span style=\"font-weight: 400;\">Testemunhando o <\/span><a href=\"https:\/\/rioonwatch.org.br\/?tag=Neglig%C3%AAncia-do-Estado\"><span style=\"font-weight: 400;\">descaso do poder p\u00fablico<\/span><\/a><span style=\"font-weight: 400;\"> e o aumento da precariza\u00e7\u00e3o socioambiental, o grupo resolveu levantar anualmente informa\u00e7\u00f5es sobre o estado da vulnerabilidade clim\u00e1tica.\u00a0 A iniciativa se transformou na <\/span><a href=\"https:\/\/www.visao.coop\/\"><span style=\"font-weight: 400;\">Vis\u00e3o Coop<\/span><\/a><span style=\"font-weight: 400;\">, um laborat\u00f3rio c\u00edvico, organizado em redes de coopera\u00e7\u00e3o com foco em tecnologias sociais, digitais e verdes na Baixada. O ac\u00famulo dos materiais e dos esfor\u00e7os realizados em conjunto com tecnologias sociais, resultaram em material suficiente para dirigir um document\u00e1rio que narra as consequ\u00eancias das <\/span><a href=\"https:\/\/rioonwatch.org.br\/?tag=mudancas-climaticas\"><span style=\"font-weight: 400;\">mudan\u00e7as clim\u00e1ticas<\/span><\/a><span style=\"font-weight: 400;\"> na Baixada Fluminense.<\/span><\/p>\n<blockquote><p><span style=\"font-weight: 400;\">\u201cA Vis\u00e3o Coop, ap\u00f3s a enchente de 2020 em Queimados, come\u00e7ou a trabalhar em iniciativas como a <\/span>Brigada Contra Enchentes e o N\u00facleo de Defesa Ambiental,<span style=\"font-weight: 400;\"> eixos de a\u00e7\u00e3o emergencial em meio \u00e0s mudan\u00e7as clim\u00e1ticas que atingem nossas periferias. Est\u00e1vamos pensando em poss\u00edveis mitiga\u00e7\u00f5es coletivas para diminuir esses impactos, o que resultou no <\/span>Projeto Avatar,<span style=\"font-weight: 400;\"> que consistia no monitoramento de desastres clim\u00e1ticos a partir dos quatro elementos: \u00e1gua, fogo, terra e ar, partindo do princ\u00edpio de que esses elementos est\u00e3o interconectados e s\u00e3o os temas do document\u00e1rio. O filme nasce desse processo, registrando o <a href=\"https:\/\/rioonwatch.org.br\/?tag=justi\u00e7a-ambiental\" target=\"_blank\" rel=\"noopener\">racismo ambiental<\/a> em quatro munic\u00edpios da Baixada: <\/span>Queimados, <a href=\"https:\/\/rioonwatch.org.br\/?tag=Nova-Igua\u00e7u\" target=\"_blank\" rel=\"noopener\">Nova Igua\u00e7u<\/a>, <a href=\"https:\/\/rioonwatch.org.br\/?tag=Itagua\u00ed\" target=\"_blank\" rel=\"noopener\">Itagua\u00ed<\/a> e <a href=\"https:\/\/rioonwatch.org.br\/?tag=Duque-de-Caxias\" target=\"_blank\" rel=\"noopener\">Duque de Caxias<\/a>.<span style=\"font-weight: 400;\">\u201d <\/span><span style=\"font-weight: 400;\">\u2014 Fabr\u00edcia Sterce<\/span><\/p><\/blockquote>\n<figure id=\"attachment_73732\" aria-describedby=\"caption-attachment-73732\" style=\"width: 1600px\" class=\"wp-caption alignnone\"><a href=\"https:\/\/rioonwatch.org.br\/wp-content\/uploads\/2024\/06\/Equipe-do-Instituto-EAE-e-do-documentario-Como-Sobreviver-ao-Racismo-Ambiental-na-producao-do-episodio-fogo.-Foto.jpeg\"><img fetchpriority=\"high\" decoding=\"async\" class=\"wp-image-73732 size-full\" title=\"Equipe do Instituto Educa\u00e7\u00e3o Ambiental e Ecoturismo e do document\u00e1rio &quot;Como Sobreviver ao Racismo Ambiental&quot; na produ\u00e7\u00e3o do epis\u00f3dio &quot;Fogo&quot; na Serra do Vulc\u00e3o, em Nova Igua\u00e7u. Foto: Divulga\u00e7\u00e3o\" src=\"https:\/\/rioonwatch.org.br\/wp-content\/uploads\/2024\/06\/Equipe-do-Instituto-EAE-e-do-documentario-Como-Sobreviver-ao-Racismo-Ambiental-na-producao-do-episodio-fogo.-Foto.jpeg\" alt=\"Equipe do Instituto Educa\u00e7\u00e3o Ambiental e Ecoturismo e do document\u00e1rio &quot;Como Sobreviver ao Racismo Ambiental&quot; na produ\u00e7\u00e3o do epis\u00f3dio &quot;Fogo&quot; na Serra do Vulc\u00e3o, em Nova Igua\u00e7u. Foto: Divulga\u00e7\u00e3o\" width=\"1600\" height=\"1066\" srcset=\"https:\/\/rioonwatch.org.br\/wp-content\/uploads\/2024\/06\/Equipe-do-Instituto-EAE-e-do-documentario-Como-Sobreviver-ao-Racismo-Ambiental-na-producao-do-episodio-fogo.-Foto.jpeg 1600w, https:\/\/rioonwatch.org.br\/wp-content\/uploads\/2024\/06\/Equipe-do-Instituto-EAE-e-do-documentario-Como-Sobreviver-ao-Racismo-Ambiental-na-producao-do-episodio-fogo.-Foto-620x413.jpeg 620w\" sizes=\"(max-width: 1600px) 100vw, 1600px\" \/><\/a><figcaption id=\"caption-attachment-73732\" class=\"wp-caption-text\">Equipe do Instituto Educa\u00e7\u00e3o Ambiental e Ecoturismo e do document\u00e1rio &#8220;Como Sobreviver ao Racismo Ambiental&#8221; na produ\u00e7\u00e3o do epis\u00f3dio &#8220;Fogo&#8221; na Serra do Vulc\u00e3o, em Nova Igua\u00e7u. Foto: Divulga\u00e7\u00e3o<\/figcaption><\/figure>\n<h3>Racismo Ambiental: Um Desafio Audiovisual<\/h3>\n<p><span style=\"font-weight: 400;\">Historicamente, pessoas negras e de baixa renda que viviam nas periferias do pa\u00eds sofriam mais com casos de calor extremo, intoxica\u00e7\u00e3o provocados pelo contato com o lixo t\u00f3xico, al\u00e9m de ter uma maior ocorr\u00eancia de eventos clim\u00e1ticos extremos e de forma geral, atividades que colocam em risco a sa\u00fade das popula\u00e7\u00f5es perif\u00e9ricas. Pessoas que foram levadas a viver em \u00e1reas menos valorizadas, onde os servi\u00e7os p\u00fablicos pouco chegam.<\/span><\/p>\n<p><span style=\"font-weight: 400;\">Por todo esse contexto, em 2022<\/span>, a Vis\u00e3o Coop tomou a decis\u00e3o de produzir o <a href=\"https:\/\/instituto215.org.br\/como-sobreviver-ao-racismo-ambiental\/\" target=\"_blank\" rel=\"noopener\">document\u00e1rio, &#8220;Como Sobreviver ao Racismo Ambiental&#8221;<\/a>. Dentre os problemas decorrentes do <a href=\"https:\/\/rioonwatch.org.br\/?p=72000\" target=\"_blank\" rel=\"noopener\">racismo ambiental<\/a> est\u00e3o: a falta de <a href=\"https:\/\/rioonwatch.org.br\/?tag=saneamento\" target=\"_blank\" rel=\"noopener\">saneamento b\u00e1sico<\/a>, <a href=\"https:\/\/extra.globo.com\/noticias\/rio\/falta-de-coleta-leva-moradores-retirarem-proprio-lixo-na-baixada-fluminense-14988173.html\" target=\"_blank\" rel=\"noopener\">coleta de lixo<\/a>, rede de esgoto, <a href=\"https:\/\/rioonwatch.org.br\/?p=72673\" target=\"_blank\" rel=\"noopener\">acesso \u00e0 \u00e1gua<\/a> pot\u00e1vel e instala\u00e7\u00e3o de aterros sanit\u00e1rios. <span style=\"font-weight: 400;\">O termo <\/span><a href=\"https:\/\/rioonwatch.org.br\/?page_id=57426\"><i><span style=\"font-weight: 400;\">racismo<\/span><\/i><\/a><span style=\"font-weight: 400;\"> \u00e9 colocado devido \u00e0 predomin\u00e2ncia da popula\u00e7\u00e3o negra nos territ\u00f3rios mais atingidos pela escassez de pol\u00edticas socioambientais. O racismo ambiental \u00e9 agravado pela falta de infraestrutura p\u00fablica e no descaso frequente dos tomadores de decis\u00e3o com problemas observados em regi\u00f5es tratadas como \u201czona de sacrif\u00edcio\u201d \u2014 um dos principais conceitos abordados no filme. <\/span><\/p>\n<blockquote><p><span style=\"font-weight: 400;\">\u201c\u2019Como Sobreviver ao Racismo Ambiental\u2019\u2026 tamb\u00e9m convive com um <\/span><a href=\"https:\/\/benfeitoria.com\/projeto\/comosobreviver\"><span style=\"font-weight: 400;\">tipo muito espec\u00edfico de escassez: a financeira<\/span><\/a><span style=\"font-weight: 400;\">. Circulando com vers\u00f5es simplificadas em cineclubes, inclusive, fora do Estado do Rio, o filme ainda n\u00e3o est\u00e1 finalizado. Devido a grande quantidade de materiais brutos, o investimento inicial de R$13.000 n\u00e3o foi o suficiente para cobrir o processo de edi\u00e7\u00e3o da obra que conta com mais de 100 horas de grava\u00e7\u00e3o de conte\u00fado original.\u00a0 A vers\u00e3o atual em exibi\u00e7\u00e3o ainda conta com metade dos quatro temas.\u201d \u2014 Fabr\u00edcia Sterce<\/span><\/p><\/blockquote>\n<figure id=\"attachment_73730\" aria-describedby=\"caption-attachment-73730\" style=\"width: 1600px\" class=\"wp-caption aligncenter\"><a href=\"https:\/\/rioonwatch.org.br\/wp-content\/uploads\/2024\/06\/bairro-Santa-Rosa-em-Queimados-na-sede-do-@_projetosementesdofuturo-coletando-depoimentos-e-imagens-dos-desastres-sofridos-pelos-moradores-desse-territorio.jpeg\"><img decoding=\"async\" class=\"wp-image-73730 size-full\" title=\"Grava\u00e7\u00e3o do cap\u00edtulo &quot;\u00c1gua&quot; do document\u00e1rio &quot;Como Sobreviver ao Racismo Ambiental&quot; no bairro Santa Rosa, em Queimados, na sede do Projeto Sementes do Futuro. Foto: Divulga\u00e7\u00e3oGrava\u00e7\u00e3o do cap\u00edtulo &quot;\u00c1gua&quot; do document\u00e1rio &quot;Como Sobreviver ao Racismo Ambiental&quot;, no bairro Santa Rosa em Queimados na sede do Projeto Sementes do Futuro. Foto: Divulga\u00e7\u00e3o\" src=\"https:\/\/rioonwatch.org.br\/wp-content\/uploads\/2024\/06\/bairro-Santa-Rosa-em-Queimados-na-sede-do-@_projetosementesdofuturo-coletando-depoimentos-e-imagens-dos-desastres-sofridos-pelos-moradores-desse-territorio.jpeg\" alt=\"Grava\u00e7\u00e3o do cap\u00edtulo &quot;\u00c1gua&quot; do document\u00e1rio &quot;Como Sobreviver ao Racismo Ambiental&quot; no bairro Santa Rosa, em Queimados, na sede do Projeto Sementes do Futuro. Foto: Divulga\u00e7\u00e3o\" width=\"1600\" height=\"1066\" srcset=\"https:\/\/rioonwatch.org.br\/wp-content\/uploads\/2024\/06\/bairro-Santa-Rosa-em-Queimados-na-sede-do-@_projetosementesdofuturo-coletando-depoimentos-e-imagens-dos-desastres-sofridos-pelos-moradores-desse-territorio.jpeg 1600w, https:\/\/rioonwatch.org.br\/wp-content\/uploads\/2024\/06\/bairro-Santa-Rosa-em-Queimados-na-sede-do-@_projetosementesdofuturo-coletando-depoimentos-e-imagens-dos-desastres-sofridos-pelos-moradores-desse-territorio-620x413.jpeg 620w\" sizes=\"(max-width: 1600px) 100vw, 1600px\" \/><\/a><figcaption id=\"caption-attachment-73730\" class=\"wp-caption-text\">Grava\u00e7\u00e3o do cap\u00edtulo &#8220;\u00c1gua&#8221; do document\u00e1rio &#8220;Como Sobreviver ao Racismo Ambiental&#8221; no bairro Santa Rosa, em Queimados, na sede do Projeto Sementes do Futuro. Foto: Divulga\u00e7\u00e3o<\/figcaption><\/figure>\n<p>Para Fabr\u00edcia, produzir cultura de forma independente na Baixada, est\u00e1 se tornando mais poss\u00edvel, por\u00e9m o processo \u00e9 lento.<\/p>\n<blockquote><p>\u201cTemos grandes artistas, fazedores de cultura, que enaltecem nossas mem\u00f3rias, belezas, contextos e express\u00f5es, que colocam a Baixada em evid\u00eancia. Sinto que os editais voltados pra c\u00e1 t\u00eam crescido, o que \u00e9 um grande avan\u00e7o, mas ainda temos muito pra caminhar. \u00c9 importante valorizar os projetos do tamanho que eles s\u00e3o, ainda temos pouco suporte a projetos de grande porte, por exemplo, como um filme longa-metragem.\u201d \u2014 Fabr\u00edcia Sterce<\/p><\/blockquote>\n<p>O document\u00e1rio apresentado pela historiadora <a href=\"https:\/\/www.instagram.com\/jucoutinho93\/\" target=\"_blank\" rel=\"noopener\">Juliana Coutinho<\/a>, moradora do Complexo da Torre, em Queimados, destaca os processos de desigualdades socioambientais, a falta de infraestrutura, de servi\u00e7os p\u00fablicos e a viol\u00eancia, que se agravam com a industrializa\u00e7\u00e3o na regi\u00e3o. O filme busca mostrar o protagonismo do territ\u00f3rio, mostrando como seus moradores resistem e constroem estrat\u00e9gias de vida, mesmo diante das adversidades.<\/p>\n<p><iframe src=\"https:\/\/drive.google.com\/file\/d\/1m-wM-OvaiuTUb5XiZ43WoyAoQnluuFOI\/preview\" width=\"1030\" height=\"563\"><span data-mce-type=\"bookmark\" style=\"display: inline-block; width: 0px; overflow: hidden; line-height: 0;\" class=\"mce_SELRES_start\">\ufeff<\/span><\/iframe><\/p>\n<p><iframe src=\"https:\/\/drive.google.com\/file\/d\/187VoTbRmOyfyqMlDWxFAwdbDhFzzEO08\/preview\" width=\"1030\" height=\"563\"><span data-mce-type=\"bookmark\" style=\"display: inline-block; width: 0px; overflow: hidden; line-height: 0;\" class=\"mce_SELRES_start\">\ufeff<\/span><span data-mce-type=\"bookmark\" style=\"display: inline-block; width: 0px; overflow: hidden; line-height: 0;\" class=\"mce_SELRES_start\">\ufeff<\/span><span data-mce-type=\"bookmark\" style=\"display: inline-block; width: 0px; overflow: hidden; line-height: 0;\" class=\"mce_SELRES_start\">\ufeff<\/span><\/iframe><\/p>\n<p data-sourcepos=\"9:3-9:411\">A apresentadora ressalta a mensagem do filme como uma den\u00fancia, utilizando os quatro elementos da natureza para destacar que ela n\u00e3o \u00e9 nossa inimiga. No entanto, ela pontua que, para garantir sua ampla divulga\u00e7\u00e3o, almejam exibi-lo em escolas, cineclubes, universidades, f\u00f3runs e outros espa\u00e7os onde o debate sobre essa tem\u00e1tica \u00e9 crucial.<\/p>\n<blockquote>\n<p data-sourcepos=\"9:3-9:411\">\u201c[O filme] fala muito sobre como a gente consegue se desenvolver, o nosso mecanismo de defesa e tamb\u00e9m nossa estrat\u00e9gia de sobreviv\u00eancia\u2026 Conseguimos desenvolver coisas muito fant\u00e1sticas, que s\u00e3o as tecnologias do territ\u00f3rio e as pessoas que desenvolvem isso.\u201d \u2014 Juliana Coutinho<\/p>\n<\/blockquote>\n<h3>Aus\u00eancia de Pol\u00edticas P\u00fablicas Evidencia Necessidade de Ouvir Vozes Perif\u00e9ricas<\/h3>\n<p>Historicamente, na Baixada Fluminense, conjunto de territ\u00f3rios que engloba 13 cidades, com aproximadamente 4 milh\u00f5es de habitantes, as poucas pol\u00edticas empregadas chegam de forma insuficiente, mal planejadas e mal executadas. Isso, infelizmente, leva a n\u00e3o supera\u00e7\u00e3o da vulnerabilidade clim\u00e1tica.<\/p>\n<p>Alguns t\u00eam chamado essa realidade de invisibilidade clim\u00e1tica. <span style=\"font-weight: 400;\">Todos os anos, moradores da regi\u00e3o <a href=\"https:\/\/rioonwatch.org.br\/?p=72857\" target=\"_blank\" rel=\"noopener\">sofrem com desastres<\/a> como enchentes, queimadas, polui\u00e7\u00e3o do ar e da terra. S\u00e3o trag\u00e9dias e consequ\u00eancias ambientais que j\u00e1 se tornaram cotidianos em lugares onde \u00e9 recorrente a falta de fiscaliza\u00e7\u00e3o, a busca pelo lucro a qualquer custo, a falta de investimento p\u00fablico e a inefici\u00eancia da infraestrutura urbana. S\u00e3o impactos cru\u00e9is que provocam diversos tipos de doen\u00e7as cr\u00f4nicas nos moradores ao redor, os impedindo de ter uma vida segura e digna.\u00a0<\/span><\/p>\n<p><span style=\"font-weight: 400;\">A equipe da Vis\u00e3o Coop procurou gestores p\u00fablicos da Baixada para o filme, mas o foco foi amplificar a voz dos moradores.\u00a0<\/span><\/p>\n<blockquote><p>\u201cN\u00f3s quer\u00edamos romper com o mito do jornalismo imparcial e ass\u00e9ptico. O objetivo principal foi que o document\u00e1rio se transformasse numa narrativa pol\u00edtica pela sobreviv\u00eancia de periferias contra o descaso p\u00fablico, contra o pacto com grandes poluidores e extrativistas. Existem diversas formas de produzir press\u00e3o e monitoramento sobre as pol\u00edticas p\u00fablicas de adapta\u00e7\u00e3o, que hoje s\u00e3o mais urgentes que nunca. Com as mudan\u00e7as clim\u00e1ticas, secas extremas e tempestades em grandes propor\u00e7\u00f5es ser\u00e3o cada vez mais frequentes e lugares atravessados pelo racismo ambiental sofrer\u00e3o esses impactos de forma desproporcional.\u201d\u00a0 \u2014 Fabr\u00edcia Sterce<\/p><\/blockquote>\n<p>Fabr\u00edcia reflete sobre o <a href=\"https:\/\/g1.globo.com\/jornal-nacional\/noticia\/2024\/06\/03\/veja-os-fatos-marcantes-desde-o-inicio-do-maior-desastre-climatico-da-historia-do-rio-grande-do-sul.ghtml\" target=\"_blank\" rel=\"noopener\">cen\u00e1rio devastador<\/a> que ocorre atualmente no Sul do pa\u00eds:<\/p>\n<blockquote><p>\u201cPrecisamos ter em mente que a calamidade p\u00fablica que estamos acompanhando com muita tristeza no <a href=\"https:\/\/www.brasil247.com\/regionais\/sul\/sobe-para-172-numero-de-mortes-provocadas-pelas-cheias-no-rio-grande-do-sul\" target=\"_blank\" rel=\"noopener\">Rio Grande do Sul<\/a>, tamb\u00e9m \u00e9 resultado da degrada\u00e7\u00e3o ambiental e da falta de pol\u00edticas de adapta\u00e7\u00e3o. Precisamos cobrar o poder p\u00fablico por investimentos em pol\u00edticas efetivas e preventivas, com a participa\u00e7\u00e3o e aval dos moradores, para que deixem de agir depois que o pior j\u00e1 aconteceu e vidas se perderam.\u201d<\/p><\/blockquote>\n<blockquote class=\"instagram-media\" style=\"background: #FFF; border: 0; border-radius: 3px; box-shadow: 0 0 1px 0 rgba(0,0,0,0.5),0 1px 10px 0 rgba(0,0,0,0.15); margin: 1px; max-width: 540px; min-width: 326px; padding: 0; width: calc(100% - 2px);\" data-instgrm-captioned=\"\" data-instgrm-permalink=\"https:\/\/www.instagram.com\/p\/CsRzMEspvPO\/?utm_source=ig_embed&amp;utm_campaign=loading\" data-instgrm-version=\"14\">\n<div style=\"padding: 16px;\">\n<p>&nbsp;<\/p>\n<div style=\"display: flex; flex-direction: row; align-items: center;\">\n<div style=\"background-color: #f4f4f4; border-radius: 50%; flex-grow: 0; height: 40px; margin-right: 14px; width: 40px;\"><\/div>\n<div style=\"display: flex; flex-direction: column; flex-grow: 1; justify-content: center;\">\n<div style=\"background-color: #f4f4f4; border-radius: 4px; flex-grow: 0; height: 14px; margin-bottom: 6px; width: 100px;\"><\/div>\n<div style=\"background-color: #f4f4f4; border-radius: 4px; flex-grow: 0; height: 14px; width: 60px;\"><\/div>\n<\/div>\n<\/div>\n<div style=\"padding: 19% 0;\"><\/div>\n<div style=\"display: block; height: 50px; margin: 0 auto 12px; width: 50px;\"><\/div>\n<div style=\"padding-top: 8px;\">\n<div style=\"color: #3897f0; font-family: Arial,sans-serif; font-size: 14px; font-style: normal; font-weight: 550; line-height: 18px;\">Ver essa foto no Instagram<\/div>\n<\/div>\n<div style=\"padding: 12.5% 0;\"><\/div>\n<div style=\"display: flex; flex-direction: row; margin-bottom: 14px; align-items: center;\">\n<div>\n<div style=\"background-color: #f4f4f4; border-radius: 50%; height: 12.5px; width: 12.5px; transform: translateX(0px) translateY(7px);\"><\/div>\n<div style=\"background-color: #f4f4f4; height: 12.5px; transform: rotate(-45deg) translateX(3px) translateY(1px); width: 12.5px; flex-grow: 0; margin-right: 14px; margin-left: 2px;\"><\/div>\n<div style=\"background-color: #f4f4f4; border-radius: 50%; height: 12.5px; width: 12.5px; transform: translateX(9px) translateY(-18px);\"><\/div>\n<\/div>\n<div style=\"margin-left: 8px;\">\n<div style=\"background-color: #f4f4f4; border-radius: 50%; flex-grow: 0; height: 20px; width: 20px;\"><\/div>\n<div style=\"width: 0; height: 0; border-top: 2px solid transparent; border-left: 6px solid #f4f4f4; border-bottom: 2px solid transparent; transform: translateX(16px) translateY(-4px) rotate(30deg);\"><\/div>\n<\/div>\n<div style=\"margin-left: auto;\">\n<div style=\"width: 0px; border-top: 8px solid #F4F4F4; border-right: 8px solid transparent; transform: translateY(16px);\"><\/div>\n<div style=\"background-color: #f4f4f4; flex-grow: 0; height: 12px; width: 16px; transform: translateY(-4px);\"><\/div>\n<div style=\"width: 0; height: 0; border-top: 8px solid #F4F4F4; border-left: 8px solid transparent; transform: translateY(-4px) translateX(8px);\"><\/div>\n<\/div>\n<\/div>\n<div style=\"display: flex; flex-direction: column; flex-grow: 1; justify-content: center; margin-bottom: 24px;\">\n<div style=\"background-color: #f4f4f4; border-radius: 4px; flex-grow: 0; height: 14px; margin-bottom: 6px; width: 224px;\"><\/div>\n<div style=\"background-color: #f4f4f4; border-radius: 4px; flex-grow: 0; height: 14px; width: 144px;\"><\/div>\n<\/div>\n<p>&nbsp;<\/p>\n<p style=\"color: #c9c8cd; font-family: Arial,sans-serif; font-size: 14px; line-height: 17px; margin-bottom: 0; margin-top: 8px; overflow: hidden; padding: 8px 0 7px; text-align: center; text-overflow: ellipsis; white-space: nowrap;\"><a style=\"color: #c9c8cd; font-family: Arial,sans-serif; font-size: 14px; font-style: normal; font-weight: normal; line-height: 17px; text-decoration: none;\" href=\"https:\/\/www.instagram.com\/p\/CsRzMEspvPO\/?utm_source=ig_embed&amp;utm_campaign=loading\" target=\"_blank\" rel=\"noopener\">Uma publica\u00e7\u00e3o compartilhada por Como sobreviver ao Racismo Ambiental (@comosobreviver__)<\/a><\/p>\n<\/div>\n<\/blockquote>\n<p><script async src=\"\/\/www.instagram.com\/embed.js\"><\/script><\/p>\n<p>Os epis\u00f3dios do Document\u00e1rio <em>Como Sobreviver ao Racismo Ambiental<\/em>\u00a0ser\u00e3o disponibilizados nas redes da Vis\u00e3o Coop, ainda sem data prevista de lan\u00e7amento.<\/p>\n<p><a href=\"https:\/\/rioonwatch.org.br\/wp-content\/uploads\/2024\/06\/Print-da-tela-de-abertura-do-Documentario-Como-Sobreviver-ao-Racismo-Ambiental.-Foto-Visao-Coop.png\"><img loading=\"lazy\" decoding=\"async\" class=\"wp-image-73781 size-full\" title=\"Print da tela de abertura do Document\u00e1rio 'Como Sobreviver ao Racismo Ambiental'. Foto: Vis\u00e3o Coop\" src=\"https:\/\/rioonwatch.org.br\/wp-content\/uploads\/2024\/06\/Print-da-tela-de-abertura-do-Documentario-Como-Sobreviver-ao-Racismo-Ambiental.-Foto-Visao-Coop.png\" alt=\"Print da tela de abertura do Document\u00e1rio 'Como Sobreviver ao Racismo Ambiental'. Foto: Vis\u00e3o Coop\" width=\"1366\" height=\"768\" srcset=\"https:\/\/rioonwatch.org.br\/wp-content\/uploads\/2024\/06\/Print-da-tela-de-abertura-do-Documentario-Como-Sobreviver-ao-Racismo-Ambiental.-Foto-Visao-Coop.png 1366w, https:\/\/rioonwatch.org.br\/wp-content\/uploads\/2024\/06\/Print-da-tela-de-abertura-do-Documentario-Como-Sobreviver-ao-Racismo-Ambiental.-Foto-Visao-Coop-620x349.png 620w\" sizes=\"(max-width: 1366px) 100vw, 1366px\" \/><\/a> Print da tela de abertura do document\u00e1rio &#8216;Como Sobreviver ao Racismo Ambiental&#8217;. Foto: Vis\u00e3o Coop<\/p>\n<h2><strong>Para doar para a produ\u00e7\u00e3o do &#8216;Como Sobreviver ao Racismo Ambiental&#8217; entre em contato por email: passa@vis\u00e3o.com.<\/strong><\/h2>\n<p><em>Sobre o autor: <a href=\"https:\/\/www.instagram.com\/fabio_leon_bxd\/\" target=\"_blank\" rel=\"noopener\">Fabio Leon<\/a>\u00a0\u00e9 jornalista, ativista dos direitos humanos e assessor de comunica\u00e7\u00e3o no\u00a0<a href=\"https:\/\/forumgritabaixada.org.br\/\" target=\"_blank\" rel=\"noopener noreferrer\">F\u00f3rum Grita Baixada<\/a>.<\/em><\/p>\n<hr \/>\n<h4><b data-stringify-type=\"bold\">Apoie nossos esfor\u00e7os para fornecer apoio estrat\u00e9gico \u00e0s favelas do Rio, incluindo o jornalismo hiperlocal, cr\u00edtico, inovador e incans\u00e1vel do\u00a0<\/b><b data-stringify-type=\"bold\"><i data-stringify-type=\"italic\">RioOnWatch<\/i><\/b>\u2014<a class=\"c-link\" href=\"http:\/\/www.bit.ly\/ApoieROW\" target=\"_blank\" rel=\"noopener noreferrer\" data-stringify-link=\"http:\/\/www.bit.ly\/ApoieROW\" data-sk=\"tooltip_parent\">doe aqui<\/a>.<\/h4>\n<!-- AddThis Advanced Settings generic via filter on the_content --><!-- AddThis Share Buttons generic via filter on the_content -->","protected":false},"excerpt":{"rendered":"<div class=\"mh-excerpt\"><p>\ufeff Click Here for English Neste m\u00eas que comemora o meio ambiente, o RioOnWatch traz ao p\u00fablico os bastidores do document\u00e1rio Como Sobreviver ao Racismo Ambiental. Dividido em quatro cap\u00edtulos, o document\u00e1rio-em-evolu\u00e7\u00e3o \u00e9 um instrumento <a class=\"mh-excerpt-more\" href=\"https:\/\/rioonwatch.org.br\/?p=73618\" title=\"Neste M\u00eas do Meio Ambiente, Entenda o Desafio de Visibilizar o Racismo Ambiental Atrav\u00e9s da Hist\u00f3ria do Document\u00e1rio, &#8216;Como Sobreviver ao Racismo Ambiental&#8217;\">[&#8230;]<\/a><!-- AddThis Advanced Settings generic via filter on get_the_excerpt --><!-- AddThis Share Buttons generic via filter on get_the_excerpt --><\/p>\n<\/div>","protected":false},"author":179,"featured_media":73716,"comment_status":"closed","ping_status":"closed","sticky":false,"template":"template-full.php","format":"standard","meta":{"_acf_changed":false,"_monsterinsights_skip_tracking":false,"_monsterinsights_sitenote_active":false,"_monsterinsights_sitenote_note":"","_monsterinsights_sitenote_category":0,"footnotes":""},"categories":[1621,1625,1388,3170,1612,1639,1638],"tags":[510,334,959,1738,50,1091,363,965,2278,1368,1583,3112,106,1304,1719,417,961,2451,1590,2139,492,1308],"writer":[2177],"translator":[],"source":[],"ilustrador":[],"fotografo":[],"class_list":{"0":"post-73618","1":"post","2":"type-post","3":"status-publish","4":"format-standard","5":"has-post-thumbnail","7":"category-destaque","8":"category-por-correspondentes-comunitarios","9":"category-formas-de-apoiar","10":"category-justica-climatica","11":"category-sociedade-civil","12":"category-sustentabilidade","13":"category-video","14":"tag-agua","15":"tag-arte","16":"tag-baixada-fluminense","17":"tag-captacao-de-recursos","18":"tag-cinema","19":"tag-duque-de-caxias","20":"tag-educacao-ambiental","21":"tag-enchente","22":"tag-ferramentas-para-mobilizacao","23":"tag-filme","24":"tag-itaguai","25":"tag-justica-climatica","26":"tag-meio-ambiente","27":"tag-organizacao-criativa","28":"tag-mudancas-climaticas","29":"tag-negligencia-do-estado","30":"tag-nova-iguacu","31":"tag-politicas-publicas","32":"tag-queimados","33":"tag-justica-ambiental","34":"tag-saneamento","35":"tag-taticas-de-organizacao","36":"writer-fabio-leon"},"acf":[],"yoast_head":"<!-- This site is optimized with the Yoast SEO plugin v25.6 - https:\/\/yoast.com\/wordpress\/plugins\/seo\/ -->\n<title>Neste M\u00eas do Meio Ambiente, Entenda o Desafio de Visibilizar o Racismo Ambiental Atrav\u00e9s da Hist\u00f3ria do Document\u00e1rio, &#039;Como Sobreviver ao Racismo Ambiental&#039; - RioOnWatch<\/title>\n<meta name=\"robots\" content=\"index, follow, max-snippet:-1, max-image-preview:large, max-video-preview:-1\" \/>\n<link rel=\"canonical\" href=\"https:\/\/rioonwatch.org.br\/?p=73618\" \/>\n<meta property=\"og:locale\" content=\"pt_BR\" \/>\n<meta property=\"og:type\" content=\"article\" \/>\n<meta property=\"og:title\" content=\"Neste M\u00eas do Meio Ambiente, Entenda o Desafio de Visibilizar o Racismo Ambiental Atrav\u00e9s da Hist\u00f3ria do Document\u00e1rio, &#039;Como Sobreviver ao Racismo Ambiental&#039; - RioOnWatch\" \/>\n<meta property=\"og:description\" content=\"\ufeff Click Here for English Neste m\u00eas que comemora o meio ambiente, o RioOnWatch traz ao p\u00fablico os bastidores do document\u00e1rio Como Sobreviver ao Racismo Ambiental. Dividido em quatro cap\u00edtulos, o document\u00e1rio-em-evolu\u00e7\u00e3o \u00e9 um instrumento [...]\" \/>\n<meta property=\"og:url\" content=\"https:\/\/rioonwatch.org.br\/?p=73618\" \/>\n<meta property=\"og:site_name\" content=\"RioOnWatch\" \/>\n<meta property=\"article:published_time\" content=\"2024-06-12T12:15:39+00:00\" \/>\n<meta property=\"article:modified_time\" content=\"2024-07-23T20:16:40+00:00\" \/>\n<meta property=\"og:image\" content=\"https:\/\/rioonwatch.org.br\/wp-content\/uploads\/2024\/06\/Foto-da-campanha-de-financiamento-coletivo-para-o-documentario-Como-Sobreviver-ao-Racismo-Ambiental-2022.jpg\" \/>\n\t<meta property=\"og:image:width\" content=\"470\" \/>\n\t<meta property=\"og:image:height\" content=\"270\" \/>\n\t<meta property=\"og:image:type\" content=\"image\/jpeg\" \/>\n<meta name=\"author\" content=\"Janaina Tavares\" \/>\n<meta name=\"twitter:card\" content=\"summary_large_image\" \/>\n<meta name=\"twitter:label1\" content=\"Escrito por\" \/>\n\t<meta name=\"twitter:data1\" content=\"Janaina Tavares\" \/>\n\t<meta name=\"twitter:label2\" content=\"Est. tempo de leitura\" \/>\n\t<meta name=\"twitter:data2\" content=\"7 minutos\" \/>\n<script type=\"application\/ld+json\" class=\"yoast-schema-graph\">{\"@context\":\"https:\/\/schema.org\",\"@graph\":[{\"@type\":\"Article\",\"@id\":\"https:\/\/rioonwatch.org.br\/?p=73618#article\",\"isPartOf\":{\"@id\":\"https:\/\/rioonwatch.org.br\/?p=73618\"},\"author\":{\"name\":\"Janaina Tavares\",\"@id\":\"https:\/\/rioonwatch.org.br\/#\/schema\/person\/feb227e5e7679aacc3d672e375cae1bd\"},\"headline\":\"Neste M\u00eas do Meio Ambiente, Entenda o Desafio de Visibilizar o Racismo Ambiental Atrav\u00e9s da Hist\u00f3ria do Document\u00e1rio, &#8216;Como Sobreviver ao Racismo Ambiental&#8217;\",\"datePublished\":\"2024-06-12T12:15:39+00:00\",\"dateModified\":\"2024-07-23T20:16:40+00:00\",\"mainEntityOfPage\":{\"@id\":\"https:\/\/rioonwatch.org.br\/?p=73618\"},\"wordCount\":1699,\"publisher\":{\"@id\":\"https:\/\/rioonwatch.org.br\/#organization\"},\"image\":{\"@id\":\"https:\/\/rioonwatch.org.br\/?p=73618#primaryimage\"},\"thumbnailUrl\":\"https:\/\/rioonwatch.org.br\/wp-content\/uploads\/2024\/06\/Foto-da-campanha-de-financiamento-coletivo-para-o-documentario-Como-Sobreviver-ao-Racismo-Ambiental-2022.jpg\",\"keywords\":[\"\u00e1gua\",\"arte\",\"Baixada Fluminense\",\"capta\u00e7\u00e3o de recursos\",\"cinema\",\"Duque de Caxias\",\"educa\u00e7\u00e3o ambiental\",\"enchente\",\"ferramentas para mobiliza\u00e7\u00e3o\",\"filme\",\"Itagua\u00ed\",\"Justi\u00e7a Clim\u00e1tica\",\"meio ambiente\",\"mobiliza\u00e7\u00e3o criativa\",\"mudan\u00e7as clim\u00e1ticas\",\"Neglig\u00eancia do Estado\",\"Nova Igua\u00e7u\",\"pol\u00edticas p\u00fablicas\",\"Queimados\",\"Racismo ambiental\",\"saneamento\",\"t\u00e1ticas de organiza\u00e7\u00e3o\"],\"articleSection\":[\"*Destaque\",\"Escrito por Comunicadores Populares\",\"Formas de Apoiar\",\"Justi\u00e7a Clim\u00e1tica\",\"Sociedade Civil\",\"Sustentabilidade\",\"V\u00eddeo\"],\"inLanguage\":\"pt-BR\"},{\"@type\":\"WebPage\",\"@id\":\"https:\/\/rioonwatch.org.br\/?p=73618\",\"url\":\"https:\/\/rioonwatch.org.br\/?p=73618\",\"name\":\"Neste M\u00eas do Meio Ambiente, Entenda o Desafio de Visibilizar o Racismo Ambiental Atrav\u00e9s da Hist\u00f3ria do Document\u00e1rio, 'Como Sobreviver ao Racismo Ambiental' - RioOnWatch\",\"isPartOf\":{\"@id\":\"https:\/\/rioonwatch.org.br\/#website\"},\"primaryImageOfPage\":{\"@id\":\"https:\/\/rioonwatch.org.br\/?p=73618#primaryimage\"},\"image\":{\"@id\":\"https:\/\/rioonwatch.org.br\/?p=73618#primaryimage\"},\"thumbnailUrl\":\"https:\/\/rioonwatch.org.br\/wp-content\/uploads\/2024\/06\/Foto-da-campanha-de-financiamento-coletivo-para-o-documentario-Como-Sobreviver-ao-Racismo-Ambiental-2022.jpg\",\"datePublished\":\"2024-06-12T12:15:39+00:00\",\"dateModified\":\"2024-07-23T20:16:40+00:00\",\"breadcrumb\":{\"@id\":\"https:\/\/rioonwatch.org.br\/?p=73618#breadcrumb\"},\"inLanguage\":\"pt-BR\",\"potentialAction\":[{\"@type\":\"ReadAction\",\"target\":[\"https:\/\/rioonwatch.org.br\/?p=73618\"]}]},{\"@type\":\"ImageObject\",\"inLanguage\":\"pt-BR\",\"@id\":\"https:\/\/rioonwatch.org.br\/?p=73618#primaryimage\",\"url\":\"https:\/\/rioonwatch.org.br\/wp-content\/uploads\/2024\/06\/Foto-da-campanha-de-financiamento-coletivo-para-o-documentario-Como-Sobreviver-ao-Racismo-Ambiental-2022.jpg\",\"contentUrl\":\"https:\/\/rioonwatch.org.br\/wp-content\/uploads\/2024\/06\/Foto-da-campanha-de-financiamento-coletivo-para-o-documentario-Como-Sobreviver-ao-Racismo-Ambiental-2022.jpg\",\"width\":470,\"height\":270},{\"@type\":\"BreadcrumbList\",\"@id\":\"https:\/\/rioonwatch.org.br\/?p=73618#breadcrumb\",\"itemListElement\":[{\"@type\":\"ListItem\",\"position\":1,\"name\":\"In\u00edcio\",\"item\":\"https:\/\/rioonwatch.org.br\/\"},{\"@type\":\"ListItem\",\"position\":2,\"name\":\"Neste M\u00eas do Meio Ambiente, Entenda o Desafio de Visibilizar o Racismo Ambiental Atrav\u00e9s da Hist\u00f3ria do Document\u00e1rio, &#8216;Como Sobreviver ao Racismo Ambiental&#8217;\"}]},{\"@type\":\"WebSite\",\"@id\":\"https:\/\/rioonwatch.org.br\/#website\",\"url\":\"https:\/\/rioonwatch.org.br\/\",\"name\":\"RioOnWatch\",\"description\":\"relatos das favelas cariocas\",\"publisher\":{\"@id\":\"https:\/\/rioonwatch.org.br\/#organization\"},\"potentialAction\":[{\"@type\":\"SearchAction\",\"target\":{\"@type\":\"EntryPoint\",\"urlTemplate\":\"https:\/\/rioonwatch.org.br\/?s={search_term_string}\"},\"query-input\":{\"@type\":\"PropertyValueSpecification\",\"valueRequired\":true,\"valueName\":\"search_term_string\"}}],\"inLanguage\":\"pt-BR\"},{\"@type\":\"Organization\",\"@id\":\"https:\/\/rioonwatch.org.br\/#organization\",\"name\":\"RioOnWatch\",\"url\":\"https:\/\/rioonwatch.org.br\/\",\"logo\":{\"@type\":\"ImageObject\",\"inLanguage\":\"pt-BR\",\"@id\":\"https:\/\/rioonwatch.org.br\/#\/schema\/logo\/image\/\",\"url\":\"https:\/\/rioonwatch.org.br\/wp-content\/uploads\/2021\/06\/RioOnWatchcabecalhoPT11anos-2.png\",\"contentUrl\":\"https:\/\/rioonwatch.org.br\/wp-content\/uploads\/2021\/06\/RioOnWatchcabecalhoPT11anos-2.png\",\"width\":779,\"height\":277,\"caption\":\"RioOnWatch\"},\"image\":{\"@id\":\"https:\/\/rioonwatch.org.br\/#\/schema\/logo\/image\/\"}},{\"@type\":\"Person\",\"@id\":\"https:\/\/rioonwatch.org.br\/#\/schema\/person\/feb227e5e7679aacc3d672e375cae1bd\",\"name\":\"Janaina Tavares\",\"image\":{\"@type\":\"ImageObject\",\"inLanguage\":\"pt-BR\",\"@id\":\"https:\/\/rioonwatch.org.br\/#\/schema\/person\/image\/\",\"url\":\"https:\/\/secure.gravatar.com\/avatar\/83bb5bb4f8b0c5ad63f35939640eaaa2?s=96&d=blank&r=g\",\"contentUrl\":\"https:\/\/secure.gravatar.com\/avatar\/83bb5bb4f8b0c5ad63f35939640eaaa2?s=96&d=blank&r=g\",\"caption\":\"Janaina Tavares\"},\"url\":\"https:\/\/rioonwatch.org.br\/?author=179\"}]}<\/script>\n<!-- \/ Yoast SEO plugin. -->","yoast_head_json":{"title":"Neste M\u00eas do Meio Ambiente, Entenda o Desafio de Visibilizar o Racismo Ambiental Atrav\u00e9s da Hist\u00f3ria do Document\u00e1rio, 'Como Sobreviver ao Racismo Ambiental' - RioOnWatch","robots":{"index":"index","follow":"follow","max-snippet":"max-snippet:-1","max-image-preview":"max-image-preview:large","max-video-preview":"max-video-preview:-1"},"canonical":"https:\/\/rioonwatch.org.br\/?p=73618","og_locale":"pt_BR","og_type":"article","og_title":"Neste M\u00eas do Meio Ambiente, Entenda o Desafio de Visibilizar o Racismo Ambiental Atrav\u00e9s da Hist\u00f3ria do Document\u00e1rio, 'Como Sobreviver ao Racismo Ambiental' - RioOnWatch","og_description":"\ufeff Click Here for English Neste m\u00eas que comemora o meio ambiente, o RioOnWatch traz ao p\u00fablico os bastidores do document\u00e1rio Como Sobreviver ao Racismo Ambiental. Dividido em quatro cap\u00edtulos, o document\u00e1rio-em-evolu\u00e7\u00e3o \u00e9 um instrumento [...]","og_url":"https:\/\/rioonwatch.org.br\/?p=73618","og_site_name":"RioOnWatch","article_published_time":"2024-06-12T12:15:39+00:00","article_modified_time":"2024-07-23T20:16:40+00:00","og_image":[{"width":470,"height":270,"url":"https:\/\/rioonwatch.org.br\/wp-content\/uploads\/2024\/06\/Foto-da-campanha-de-financiamento-coletivo-para-o-documentario-Como-Sobreviver-ao-Racismo-Ambiental-2022.jpg","type":"image\/jpeg"}],"author":"Janaina Tavares","twitter_card":"summary_large_image","twitter_misc":{"Escrito por":"Janaina Tavares","Est. tempo de leitura":"7 minutos"},"schema":{"@context":"https:\/\/schema.org","@graph":[{"@type":"Article","@id":"https:\/\/rioonwatch.org.br\/?p=73618#article","isPartOf":{"@id":"https:\/\/rioonwatch.org.br\/?p=73618"},"author":{"name":"Janaina Tavares","@id":"https:\/\/rioonwatch.org.br\/#\/schema\/person\/feb227e5e7679aacc3d672e375cae1bd"},"headline":"Neste M\u00eas do Meio Ambiente, Entenda o Desafio de Visibilizar o Racismo Ambiental Atrav\u00e9s da Hist\u00f3ria do Document\u00e1rio, &#8216;Como Sobreviver ao Racismo Ambiental&#8217;","datePublished":"2024-06-12T12:15:39+00:00","dateModified":"2024-07-23T20:16:40+00:00","mainEntityOfPage":{"@id":"https:\/\/rioonwatch.org.br\/?p=73618"},"wordCount":1699,"publisher":{"@id":"https:\/\/rioonwatch.org.br\/#organization"},"image":{"@id":"https:\/\/rioonwatch.org.br\/?p=73618#primaryimage"},"thumbnailUrl":"https:\/\/rioonwatch.org.br\/wp-content\/uploads\/2024\/06\/Foto-da-campanha-de-financiamento-coletivo-para-o-documentario-Como-Sobreviver-ao-Racismo-Ambiental-2022.jpg","keywords":["\u00e1gua","arte","Baixada Fluminense","capta\u00e7\u00e3o de recursos","cinema","Duque de Caxias","educa\u00e7\u00e3o ambiental","enchente","ferramentas para mobiliza\u00e7\u00e3o","filme","Itagua\u00ed","Justi\u00e7a Clim\u00e1tica","meio ambiente","mobiliza\u00e7\u00e3o criativa","mudan\u00e7as clim\u00e1ticas","Neglig\u00eancia do Estado","Nova Igua\u00e7u","pol\u00edticas p\u00fablicas","Queimados","Racismo ambiental","saneamento","t\u00e1ticas de organiza\u00e7\u00e3o"],"articleSection":["*Destaque","Escrito por Comunicadores Populares","Formas de Apoiar","Justi\u00e7a Clim\u00e1tica","Sociedade Civil","Sustentabilidade","V\u00eddeo"],"inLanguage":"pt-BR"},{"@type":"WebPage","@id":"https:\/\/rioonwatch.org.br\/?p=73618","url":"https:\/\/rioonwatch.org.br\/?p=73618","name":"Neste M\u00eas do Meio Ambiente, Entenda o Desafio de Visibilizar o Racismo Ambiental Atrav\u00e9s da Hist\u00f3ria do Document\u00e1rio, 'Como Sobreviver ao Racismo Ambiental' - RioOnWatch","isPartOf":{"@id":"https:\/\/rioonwatch.org.br\/#website"},"primaryImageOfPage":{"@id":"https:\/\/rioonwatch.org.br\/?p=73618#primaryimage"},"image":{"@id":"https:\/\/rioonwatch.org.br\/?p=73618#primaryimage"},"thumbnailUrl":"https:\/\/rioonwatch.org.br\/wp-content\/uploads\/2024\/06\/Foto-da-campanha-de-financiamento-coletivo-para-o-documentario-Como-Sobreviver-ao-Racismo-Ambiental-2022.jpg","datePublished":"2024-06-12T12:15:39+00:00","dateModified":"2024-07-23T20:16:40+00:00","breadcrumb":{"@id":"https:\/\/rioonwatch.org.br\/?p=73618#breadcrumb"},"inLanguage":"pt-BR","potentialAction":[{"@type":"ReadAction","target":["https:\/\/rioonwatch.org.br\/?p=73618"]}]},{"@type":"ImageObject","inLanguage":"pt-BR","@id":"https:\/\/rioonwatch.org.br\/?p=73618#primaryimage","url":"https:\/\/rioonwatch.org.br\/wp-content\/uploads\/2024\/06\/Foto-da-campanha-de-financiamento-coletivo-para-o-documentario-Como-Sobreviver-ao-Racismo-Ambiental-2022.jpg","contentUrl":"https:\/\/rioonwatch.org.br\/wp-content\/uploads\/2024\/06\/Foto-da-campanha-de-financiamento-coletivo-para-o-documentario-Como-Sobreviver-ao-Racismo-Ambiental-2022.jpg","width":470,"height":270},{"@type":"BreadcrumbList","@id":"https:\/\/rioonwatch.org.br\/?p=73618#breadcrumb","itemListElement":[{"@type":"ListItem","position":1,"name":"In\u00edcio","item":"https:\/\/rioonwatch.org.br\/"},{"@type":"ListItem","position":2,"name":"Neste M\u00eas do Meio Ambiente, Entenda o Desafio de Visibilizar o Racismo Ambiental Atrav\u00e9s da Hist\u00f3ria do Document\u00e1rio, &#8216;Como Sobreviver ao Racismo Ambiental&#8217;"}]},{"@type":"WebSite","@id":"https:\/\/rioonwatch.org.br\/#website","url":"https:\/\/rioonwatch.org.br\/","name":"RioOnWatch","description":"relatos das favelas cariocas","publisher":{"@id":"https:\/\/rioonwatch.org.br\/#organization"},"potentialAction":[{"@type":"SearchAction","target":{"@type":"EntryPoint","urlTemplate":"https:\/\/rioonwatch.org.br\/?s={search_term_string}"},"query-input":{"@type":"PropertyValueSpecification","valueRequired":true,"valueName":"search_term_string"}}],"inLanguage":"pt-BR"},{"@type":"Organization","@id":"https:\/\/rioonwatch.org.br\/#organization","name":"RioOnWatch","url":"https:\/\/rioonwatch.org.br\/","logo":{"@type":"ImageObject","inLanguage":"pt-BR","@id":"https:\/\/rioonwatch.org.br\/#\/schema\/logo\/image\/","url":"https:\/\/rioonwatch.org.br\/wp-content\/uploads\/2021\/06\/RioOnWatchcabecalhoPT11anos-2.png","contentUrl":"https:\/\/rioonwatch.org.br\/wp-content\/uploads\/2021\/06\/RioOnWatchcabecalhoPT11anos-2.png","width":779,"height":277,"caption":"RioOnWatch"},"image":{"@id":"https:\/\/rioonwatch.org.br\/#\/schema\/logo\/image\/"}},{"@type":"Person","@id":"https:\/\/rioonwatch.org.br\/#\/schema\/person\/feb227e5e7679aacc3d672e375cae1bd","name":"Janaina Tavares","image":{"@type":"ImageObject","inLanguage":"pt-BR","@id":"https:\/\/rioonwatch.org.br\/#\/schema\/person\/image\/","url":"https:\/\/secure.gravatar.com\/avatar\/83bb5bb4f8b0c5ad63f35939640eaaa2?s=96&d=blank&r=g","contentUrl":"https:\/\/secure.gravatar.com\/avatar\/83bb5bb4f8b0c5ad63f35939640eaaa2?s=96&d=blank&r=g","caption":"Janaina Tavares"},"url":"https:\/\/rioonwatch.org.br\/?author=179"}]}},"_links":{"self":[{"href":"https:\/\/rioonwatch.org.br\/index.php?rest_route=\/wp\/v2\/posts\/73618"}],"collection":[{"href":"https:\/\/rioonwatch.org.br\/index.php?rest_route=\/wp\/v2\/posts"}],"about":[{"href":"https:\/\/rioonwatch.org.br\/index.php?rest_route=\/wp\/v2\/types\/post"}],"author":[{"embeddable":true,"href":"https:\/\/rioonwatch.org.br\/index.php?rest_route=\/wp\/v2\/users\/179"}],"replies":[{"embeddable":true,"href":"https:\/\/rioonwatch.org.br\/index.php?rest_route=%2Fwp%2Fv2%2Fcomments&post=73618"}],"version-history":[{"count":69,"href":"https:\/\/rioonwatch.org.br\/index.php?rest_route=\/wp\/v2\/posts\/73618\/revisions"}],"predecessor-version":[{"id":74828,"href":"https:\/\/rioonwatch.org.br\/index.php?rest_route=\/wp\/v2\/posts\/73618\/revisions\/74828"}],"wp:featuredmedia":[{"embeddable":true,"href":"https:\/\/rioonwatch.org.br\/index.php?rest_route=\/wp\/v2\/media\/73716"}],"wp:attachment":[{"href":"https:\/\/rioonwatch.org.br\/index.php?rest_route=%2Fwp%2Fv2%2Fmedia&parent=73618"}],"wp:term":[{"taxonomy":"category","embeddable":true,"href":"https:\/\/rioonwatch.org.br\/index.php?rest_route=%2Fwp%2Fv2%2Fcategories&post=73618"},{"taxonomy":"post_tag","embeddable":true,"href":"https:\/\/rioonwatch.org.br\/index.php?rest_route=%2Fwp%2Fv2%2Ftags&post=73618"},{"taxonomy":"writer","embeddable":true,"href":"https:\/\/rioonwatch.org.br\/index.php?rest_route=%2Fwp%2Fv2%2Fwriter&post=73618"},{"taxonomy":"translator","embeddable":true,"href":"https:\/\/rioonwatch.org.br\/index.php?rest_route=%2Fwp%2Fv2%2Ftranslator&post=73618"},{"taxonomy":"source","embeddable":true,"href":"https:\/\/rioonwatch.org.br\/index.php?rest_route=%2Fwp%2Fv2%2Fsource&post=73618"},{"taxonomy":"ilustrador","embeddable":true,"href":"https:\/\/rioonwatch.org.br\/index.php?rest_route=%2Fwp%2Fv2%2Filustrador&post=73618"},{"taxonomy":"fotografo","embeddable":true,"href":"https:\/\/rioonwatch.org.br\/index.php?rest_route=%2Fwp%2Fv2%2Ffotografo&post=73618"}],"curies":[{"name":"wp","href":"https:\/\/api.w.org\/{rel}","templated":true}]}}