{"id":73650,"date":"2024-05-31T14:52:59","date_gmt":"2024-05-31T17:52:59","guid":{"rendered":"https:\/\/rioonwatch.org.br\/?p=73650"},"modified":"2025-09-15T10:22:37","modified_gmt":"2025-09-15T13:22:37","slug":"exposicao-memoria-climatica-das-favelas-esteve-no-museu-de-favela-durante-a-22a-semana-nacional-dos-museus-levando-relatos-de-cinco-favelas-cariocas-sobre-o-clima-ao-ppg","status":"publish","type":"post","link":"https:\/\/rioonwatch.org.br\/?p=73650","title":{"rendered":"Exposi\u00e7\u00e3o \u2018Mem\u00f3ria Clim\u00e1tica das Favelas\u2019 Exibida no Museu de Favela Durante a 22\u00aa Semana Nacional dos Museus, Levando Relatos de Favelas Cariocas sobre o Clima ao Pav\u00e3o-Pav\u00e3ozinho\/Cantagalo"},"content":{"rendered":"<figure id=\"attachment_73690\" aria-describedby=\"caption-attachment-73690\" style=\"width: 2000px\" class=\"wp-caption aligncenter\"><a href=\"https:\/\/rioonwatch.org.br\/wp-content\/uploads\/2024\/05\/Nivaldo-de-Moura-segura-homenagem-ao-seu-projeto.png\"><img fetchpriority=\"high\" decoding=\"async\" class=\"wp-image-73690 size-full\" title=\"Nivaldo de Moura toca em data na linha do tempo da exposi\u00e7\u00e3o que reconhece sua iniciativa de solu\u00e7\u00e3o, Favela+Limpa. Foto: Luiza de Andrade\" src=\"https:\/\/rioonwatch.org.br\/wp-content\/uploads\/2024\/05\/Nivaldo-de-Moura-segura-homenagem-ao-seu-projeto.png\" alt=\"Nivaldo de Moura toca em data na linha do tempo da exposi\u00e7\u00e3o que reconhece sua iniciativa de solu\u00e7\u00e3o, Favela+Limpa. Foto: Luiza de Andrade\" width=\"2000\" height=\"1298\" srcset=\"https:\/\/rioonwatch.org.br\/wp-content\/uploads\/2024\/05\/Nivaldo-de-Moura-segura-homenagem-ao-seu-projeto.png 2000w, https:\/\/rioonwatch.org.br\/wp-content\/uploads\/2024\/05\/Nivaldo-de-Moura-segura-homenagem-ao-seu-projeto-620x402.png 620w\" sizes=\"(max-width: 2000px) 100vw, 2000px\" \/><\/a><figcaption id=\"caption-attachment-73690\" class=\"wp-caption-text\">Nivaldo de Moura toca em data na linha do tempo da exposi\u00e7\u00e3o que reconhece sua iniciativa de solu\u00e7\u00e3o, Favela+Limpa. Foto: Luiza de Andrade<\/figcaption><\/figure>\n<h4 style=\"text-align: right;\"><em><strong><a href=\"https:\/\/bit.ly\/3z2m8E7\" target=\"_blank\" rel=\"noopener\">Click Here for English<img decoding=\"async\" class=\"alignright wp-image-15790 lazyloaded\" src=\"https:\/\/rioonwatch.org.br\/wp-content\/uploads\/2012\/08\/EN-standard-e1439583104716.jpg\" alt=\"\" width=\"20\" height=\"20\" data-src=\"https:\/\/rioonwatch.org.br\/wp-content\/uploads\/2012\/08\/EN-standard-e1439583104716.jpg\" \/><\/a><\/strong><\/em><\/h4>\n<p><em>A exposi\u00e7\u00e3o <a href=\"https:\/\/www.favelasustentavel.org\/memoria-climatica\" target=\"_blank\" rel=\"noopener\">Mem\u00f3ria Clim\u00e1tica das Favelas<\/a>, organizada pelos museus e projetos de mem\u00f3ria integrantes da Rede Favela Sustent\u00e1vel (<a href=\"https:\/\/bit.ly\/RFSnoROW\" rel=\"noopener\">RFS<\/a>)*, est\u00e1 em exibi\u00e7\u00e3o do dia 6 de maio a 4 de junho, no Museu de Favela (<a href=\"https:\/\/rioonwatch.org.br\/?tag=museu-de-favela\" target=\"_blank\" rel=\"noopener\">MUF<\/a>) do <a href=\"https:\/\/rioonwatch.org.br\/?tag=Pav\u00e3o-Pav\u00e3ozinho\" target=\"_blank\" rel=\"noopener\">Pav\u00e3o-Pav\u00e3ozinho<\/a> e <a href=\"https:\/\/rioonwatch.org.br\/?tag=Cantagalo\" target=\"_blank\" rel=\"noopener\">Cantagalo<\/a>, situado na Rua Alberto de Campos, 12, Ipanema, Zona Sul do Rio de Janeiro, como parte da programa\u00e7\u00e3o da 22\u00aa Semana Nacional de Museus. Sob a organiza\u00e7\u00e3o do MUF, a abertura do evento ocorreu no dia 13 de maio, com a presen\u00e7a de membros do museu e visitantes, que, al\u00e9m de participarem de uma visita a exposi\u00e7\u00e3o, puderam assistir a pe\u00e7a \u201c<a href=\"https:\/\/www.instagram.com\/p\/C6tvGNwO_D4\/?img_index=1\" target=\"_blank\" rel=\"noopener\">Cadeira de Balan\u00e7o<\/a>\u201d, do <a href=\"https:\/\/www.instagram.com\/coletivoreverbere\/\" target=\"_blank\" rel=\"noopener\">Coletivo Reverbere<\/a>, encenada por <a href=\"https:\/\/www.instagram.com\/dudu_gehlen\/\" target=\"_blank\" rel=\"noopener\">Dudu Gehlen<\/a>, que, com muita sensibilidade, fala sobre o tema de mem\u00f3rias de um familiar que j\u00e1 partiu.<\/em><\/p>\n<p><span style=\"font-weight: 400;\">A exposi\u00e7\u00e3o Mem\u00f3ria Clim\u00e1tica das Favelas surgiu como um produto final da realiza\u00e7\u00e3o de cinco <\/span><span style=\"font-weight: 400;\"><a href=\"https:\/\/rioonwatch.org.br\/?tag=serie-memoria-climatica-das-favelas\" target=\"_blank\" rel=\"noopener\">rodas de mem\u00f3ria clim\u00e1tica<\/a> das favelas<\/span><span style=\"font-weight: 400;\">, realizadas em 2023 pelos museus comunit\u00e1rios: <\/span><a href=\"https:\/\/rioonwatch.org.br\/?p=68480\" target=\"_blank\" rel=\"noopener\"><span style=\"font-weight: 400;\">Museu da Mar\u00e9<\/span><\/a><span style=\"font-weight: 400;\"> do <\/span><a href=\"https:\/\/rioonwatch.org.br\/?tag=complexo-da-mare\" target=\"_blank\" rel=\"noopener\"><span style=\"font-weight: 400;\">Complexo da Mar\u00e9<\/span><\/a><span style=\"font-weight: 400;\">, <\/span><a href=\"https:\/\/rioonwatch.org.br\/?p=66233\" target=\"_blank\" rel=\"noopener\"><span style=\"font-weight: 400;\">Museu Sankofa<\/span><\/a><span style=\"font-weight: 400;\"> da <\/span><a href=\"https:\/\/rioonwatch.org.br\/?tag=rocinha\" target=\"_blank\" rel=\"noopener\"><span style=\"font-weight: 400;\">Rocinha<\/span><\/a><span style=\"font-weight: 400;\">, N\u00facleo de Orienta\u00e7\u00e3o e Pesquisa Hist\u00f3rica de Santa Cruz (<\/span><a href=\"https:\/\/rioonwatch.org.br\/?p=68201\" target=\"_blank\" rel=\"noopener\"><span style=\"font-weight: 400;\">NOPH<\/span><\/a><span style=\"font-weight: 400;\">) de <\/span><a href=\"https:\/\/rioonwatch.org.br\/?tag=Antares\" target=\"_blank\" rel=\"noopener\"><span style=\"font-weight: 400;\">Antares<\/span><\/a><span style=\"font-weight: 400;\">, Museu de Favela (<\/span><a href=\"https:\/\/rioonwatch.org.br\/?p=68463\" target=\"_blank\" rel=\"noopener\"><span style=\"font-weight: 400;\">MUF<\/span><\/a><span style=\"font-weight: 400;\">) do Pav\u00e3o-Pav\u00e3ozinho e Cantagalo e o <\/span><a href=\"https:\/\/rioonwatch.org.br\/?p=66937\" target=\"_blank\" rel=\"noopener\"><span style=\"font-weight: 400;\">N\u00facleo de Mem\u00f3rias<\/span><span style=\"font-weight: 400;\"> do <\/span><span style=\"font-weight: 400;\">Vidigal<\/span><\/a><span style=\"font-weight: 400;\">, todos integrantes do Grupo de Trabalho Cultura e Mem\u00f3ria Local, da <a href=\"http:\/\/www.favelasustentavel.org\" target=\"_blank\" rel=\"noopener\">Rede Favela Sustent\u00e1vel<\/a>.<\/span><\/p>\n<figure id=\"attachment_73655\" aria-describedby=\"caption-attachment-73655\" style=\"width: 2560px\" class=\"wp-caption aligncenter\"><a href=\"https:\/\/rioonwatch.org.br\/wp-content\/uploads\/2024\/05\/Visitantes-participam-da-abertura-da-Exposicao-Memoria-Climatica-das-Favelas-no-Museu-de-Favela.-Foto-Barbara-Dias-scaled.jpg\"><img decoding=\"async\" class=\"wp-image-73655 size-full\" title=\"Visitantes participam da abertura da Exposi\u00e7\u00e3o Mem\u00f3ria Clim\u00e1tica das Favelas, no Museu de Favela. Foto: B\u00e1rbara Dias\" src=\"https:\/\/rioonwatch.org.br\/wp-content\/uploads\/2024\/05\/Visitantes-participam-da-abertura-da-Exposicao-Memoria-Climatica-das-Favelas-no-Museu-de-Favela.-Foto-Barbara-Dias-scaled.jpg\" alt=\"Visitantes participam da abertura da Exposi\u00e7\u00e3o Mem\u00f3ria Clim\u00e1tica das Favelas, no Museu de Favela. Foto: B\u00e1rbara Dias\" width=\"2560\" height=\"1709\" srcset=\"https:\/\/rioonwatch.org.br\/wp-content\/uploads\/2024\/05\/Visitantes-participam-da-abertura-da-Exposicao-Memoria-Climatica-das-Favelas-no-Museu-de-Favela.-Foto-Barbara-Dias-scaled.jpg 2560w, https:\/\/rioonwatch.org.br\/wp-content\/uploads\/2024\/05\/Visitantes-participam-da-abertura-da-Exposicao-Memoria-Climatica-das-Favelas-no-Museu-de-Favela.-Foto-Barbara-Dias-620x414.jpg 620w\" sizes=\"(max-width: 2560px) 100vw, 2560px\" \/><\/a><figcaption id=\"caption-attachment-73655\" class=\"wp-caption-text\">Visitantes participam da abertura da exposi\u00e7\u00e3o Mem\u00f3ria Clim\u00e1tica das Favelas, no Museu de Favela. Foto: B\u00e1rbara Dias<\/figcaption><\/figure>\n<p><span style=\"font-weight: 400;\">A <\/span><a href=\"https:\/\/www.favelasustentavel.org\/memoria-climatica\"><span style=\"font-weight: 400;\">exposi\u00e7\u00e3o \u00e9 constitu\u00edda<\/span><\/a><span style=\"font-weight: 400;\"> por relatos e mem\u00f3rias sobre o clima, narrados sob a perspectiva de residentes de cinco favelas da cidade do Rio e exibida em formato de v\u00eddeo, <\/span><i><span style=\"font-weight: 400;\">banners<\/span><\/i><span style=\"font-weight: 400;\">, uma linha do tempo, e mapa interativo, que possibilitam a observa\u00e7\u00e3o dessas mem\u00f3rias que fazem parte da hist\u00f3ria das favelas participantes. Al\u00e9m desses elementos, a exposi\u00e7\u00e3o tamb\u00e9m inclui, um mapa de museus e projetos de mem\u00f3ria da Rede Favela Sustent\u00e1vel e a obra chamada &#8220;Po\u00e7o das Mem\u00f3rias&#8221;, concebida pela artista pl\u00e1stica <\/span><a href=\"https:\/\/www.linkedin.com\/in\/belasartesevania\/?originalSubdomain=br\" target=\"_blank\" rel=\"noopener\"><span style=\"font-weight: 400;\">Ev\u00e2nia de Paula<\/span><\/a><span style=\"font-weight: 400;\">, do <a href=\"https:\/\/rioonwatch.org.br\/?tag=Vidigal\" target=\"_blank\" rel=\"noopener\">Vidigal<\/a>, que conta com cerca de 100 fotografias, onde os visitantes podem interagir com a estrutura. <\/span><span style=\"font-weight: 400;\">Na abertura, M\u00e1rcia Souza, fundadora do MUF, que <a href=\"https:\/\/www.museudefavela.org\/2023\/11\/27\/muf-comemora-seus-15-anos-e-lanca-no-territorio-o-plano-integrado-de-saude-nas-favelas-do-rio-de-janeiro\/\" target=\"_blank\" rel=\"noopener\">completou 15 anos<\/a> de exist\u00eancia, falou sobre a exposi\u00e7\u00e3o e convidou todos os visitantes a participarem da pe\u00e7a de teatro \u201cCadeira de Balan\u00e7o\u201d:<\/span><\/p>\n<blockquote><p><span style=\"font-weight: 400;\">\u201cEu me chamo M\u00e1rcia, sou uma das fundadoras do Museu de Favela. A gente est\u00e1 recebendo esse projeto, desta pe\u00e7a, \u201cCadeira de Balan\u00e7o\u201d, que \u00e9 um momento muito especial para mim\u2026 O museu est\u00e1 aberto para todos e est\u00e1 acontecendo a Exposi\u00e7\u00e3o Mem\u00f3ria Clim\u00e1tica das Favelas. Quero agradecer a todos voc\u00eas&#8230; dizer que estou muito feliz e vamos para a apresenta\u00e7\u00e3o.\u201d<\/span><\/p><\/blockquote>\n<figure id=\"attachment_73657\" aria-describedby=\"caption-attachment-73657\" style=\"width: 2560px\" class=\"wp-caption aligncenter\"><a href=\"https:\/\/rioonwatch.org.br\/wp-content\/uploads\/2024\/05\/Ator-Dudu-Gehlen-encena-a-peca-de-teatro-Cadeira-de-Balanco-durante-a-abertura-da-Exposicao-Memoria-Climatica-das-Favelas-no-Museu-de-Favela.-Foto-Barbara-Dias--scaled.jpg\"><img loading=\"lazy\" decoding=\"async\" class=\"wp-image-73657 size-full\" title=\"Ator Dudu Gehlen encena a pe\u00e7a de teatro \u201cCadeira de Balan\u00e7o\u201d durante a abertura da Exposi\u00e7\u00e3o Mem\u00f3ria Clim\u00e1tica das Favelas, no Museu de Favela. Foto: B\u00e1rbara Dias\" src=\"https:\/\/rioonwatch.org.br\/wp-content\/uploads\/2024\/05\/Ator-Dudu-Gehlen-encena-a-peca-de-teatro-Cadeira-de-Balanco-durante-a-abertura-da-Exposicao-Memoria-Climatica-das-Favelas-no-Museu-de-Favela.-Foto-Barbara-Dias--scaled.jpg\" alt=\"Ator Dudu Gehlen encena a pe\u00e7a de teatro \u201cCadeira de Balan\u00e7o\u201d durante a abertura da Exposi\u00e7\u00e3o Mem\u00f3ria Clim\u00e1tica das Favelas, no Museu de Favela. Foto: B\u00e1rbara Dias\" width=\"2560\" height=\"1709\" srcset=\"https:\/\/rioonwatch.org.br\/wp-content\/uploads\/2024\/05\/Ator-Dudu-Gehlen-encena-a-peca-de-teatro-Cadeira-de-Balanco-durante-a-abertura-da-Exposicao-Memoria-Climatica-das-Favelas-no-Museu-de-Favela.-Foto-Barbara-Dias--scaled.jpg 2560w, https:\/\/rioonwatch.org.br\/wp-content\/uploads\/2024\/05\/Ator-Dudu-Gehlen-encena-a-peca-de-teatro-Cadeira-de-Balanco-durante-a-abertura-da-Exposicao-Memoria-Climatica-das-Favelas-no-Museu-de-Favela.-Foto-Barbara-Dias--620x414.jpg 620w\" sizes=\"(max-width: 2560px) 100vw, 2560px\" \/><\/a><figcaption id=\"caption-attachment-73657\" class=\"wp-caption-text\">Ator Dudu Gehlen encena a pe\u00e7a de teatro \u201cCadeira de Balan\u00e7o\u201d durante a abertura da exposi\u00e7\u00e3o Mem\u00f3ria Clim\u00e1tica das Favelas, no Museu de Favela. Foto: B\u00e1rbara Dias<\/figcaption><\/figure>\n<p><span style=\"font-weight: 400;\">A pe\u00e7a \u201cCadeira de Balan\u00e7o\u201d, do <\/span><a href=\"https:\/\/www.instagram.com\/coletivoreverbere\/\" target=\"_blank\" rel=\"noopener\"><span style=\"font-weight: 400;\">Coletivo Reverbere<\/span><\/a><span style=\"font-weight: 400;\">, foi encenada pelo ator <\/span><a href=\"https:\/\/www.instagram.com\/dudu_gehlen\/\" target=\"_blank\" rel=\"noopener\"><span style=\"font-weight: 400;\">Dudu Gehlen<\/span><\/a><span style=\"font-weight: 400;\"> e retratou a rela\u00e7\u00e3o entre o tempo e a morte como uma tentativa de materializa\u00e7\u00e3o do afeto e reconstru\u00e7\u00e3o de algu\u00e9m que j\u00e1 se foi. Perguntamos ao ator maranhense, qual a import\u00e2ncia da pe\u00e7a ser exibida na abertura de uma exposi\u00e7\u00e3o sobre mem\u00f3rias clim\u00e1ticas, j\u00e1 que a pe\u00e7a tamb\u00e9m fala de mem\u00f3rias afetivas.<\/span><\/p>\n<blockquote><p><span style=\"font-weight: 400;\">\u201cA pe\u00e7a que a gente apresentou no Museu de Favela se chama Cadeira de Balan\u00e7o. Foi muito importante trazer para esse espa\u00e7o do museu, principalmente na semana dos museus, porque essa pe\u00e7a tem tudo a ver com preserva\u00e7\u00e3o de mem\u00f3rias. A gente trabalha o tempo inteiro documentando a exist\u00eancia das mulheres da minha fam\u00edlia, sobretudo, a de Dona Ca\u00e7ula, que \u00e9 minha bisav\u00f3. Ent\u00e3o, para a gente, \u00e9 muito rico trazer isso e abrir esse di\u00e1logo de discuss\u00e3o, que essas mem\u00f3rias familiares precisam ser preservadas.\u201d <\/span>\u2014 <span style=\"font-weight: 400;\">Dudu Gehlen\u00a0<\/span><\/p><\/blockquote>\n<figure id=\"attachment_73658\" aria-describedby=\"caption-attachment-73658\" style=\"width: 2560px\" class=\"wp-caption aligncenter\"><a href=\"https:\/\/rioonwatch.org.br\/wp-content\/uploads\/2024\/05\/Marcia-Souza-uma-das-fundadoras-do-MUF-fala-durante-a-abertura-da-Exposicao-Memoria-Climatica-das-Favelas-no-Museu-de-Favela.-Foto-Barbara-Dias--scaled.jpg\"><img loading=\"lazy\" decoding=\"async\" class=\"wp-image-73658 size-full\" title=\"Marcia Souza, uma das fundadoras do MUF, fala durante a abertura da Exposi\u00e7\u00e3o Mem\u00f3ria Clim\u00e1tica das Favelas, no Museu de Favela. Foto: B\u00e1rbara Dias\" src=\"https:\/\/rioonwatch.org.br\/wp-content\/uploads\/2024\/05\/Marcia-Souza-uma-das-fundadoras-do-MUF-fala-durante-a-abertura-da-Exposicao-Memoria-Climatica-das-Favelas-no-Museu-de-Favela.-Foto-Barbara-Dias--scaled.jpg\" alt=\"Marcia Souza, uma das fundadoras do MUF, fala durante a abertura da Exposi\u00e7\u00e3o Mem\u00f3ria Clim\u00e1tica das Favelas, no Museu de Favela. Foto: B\u00e1rbara Dias\u00a0\" width=\"2560\" height=\"1709\" srcset=\"https:\/\/rioonwatch.org.br\/wp-content\/uploads\/2024\/05\/Marcia-Souza-uma-das-fundadoras-do-MUF-fala-durante-a-abertura-da-Exposicao-Memoria-Climatica-das-Favelas-no-Museu-de-Favela.-Foto-Barbara-Dias--scaled.jpg 2560w, https:\/\/rioonwatch.org.br\/wp-content\/uploads\/2024\/05\/Marcia-Souza-uma-das-fundadoras-do-MUF-fala-durante-a-abertura-da-Exposicao-Memoria-Climatica-das-Favelas-no-Museu-de-Favela.-Foto-Barbara-Dias--620x414.jpg 620w\" sizes=\"(max-width: 2560px) 100vw, 2560px\" \/><\/a><figcaption id=\"caption-attachment-73658\" class=\"wp-caption-text\">Marcia Souza, uma das fundadoras do MUF, fala durante a abertura da Exposi\u00e7\u00e3o Mem\u00f3ria Clim\u00e1tica das Favelas, no Museu de Favela. Foto: B\u00e1rbara Dias<\/figcaption><\/figure>\n<p><span style=\"font-weight: 400;\">Ap\u00f3s a apresenta\u00e7\u00e3o, os presentes foram convidados a visitar a exposi\u00e7\u00e3o Mem\u00f3ria Clim\u00e1tica das Favelas. Marcia falou do processo de participar das rodas de mem\u00f3ria clim\u00e1tica e qual a import\u00e2ncia da exposi\u00e7\u00e3o voltar para o territ\u00f3rio, para que moradores e visitantes possam conhecer o resultado do trabalho.<\/span><\/p>\n<blockquote><p><span style=\"font-weight: 400;\">\u201cEu participei de todo o processo de forma\u00e7\u00e3o de ideias para as rodas de conversa e ver essa primeira etapa realizada e receber aqui a exposi\u00e7\u00e3o \u00e9 de grande import\u00e2ncia. A fala dos moradores, eles se olharem e conseguirem tamb\u00e9m ver que n\u00e3o \u00e9 s\u00f3 aqui, que tem outros lugares, com problemas muito semelhantes. E isso \u00e9 tamb\u00e9m uma coisa muito importante deles poderem se identificarem. Porque muitas vezes a gente pensa que s\u00f3 acontece aqui, s\u00f3 a gente que \u00e9 abandonada, s\u00f3 a gente que passa por isso. E olhar [e ver] que n\u00e3o \u00e9 s\u00f3 [aqui], que tem muitos outros lugares acontecendo\u2026 E a\u00ed, [acontecer essas] trocas e solu\u00e7\u00f5es, \u2018olha l\u00e1, eles resolveram de um jeito, aqui de outro\u2019. \u00c9 muito importante essa troca. E, \u00e9 isso, abrigar essa constru\u00e7\u00e3o, num sentido, de que [eu] que participei, que eu pude contribuir com essa constru\u00e7\u00e3o.\u201d \u2014 M\u00e1rcia Souza, co-fundadora do Museu de Favela<\/span><\/p><\/blockquote>\n<p><span style=\"font-weight: 400;\">A exposi\u00e7\u00e3o esteve presente no Pav\u00e3o-Pav\u00e3ozinho e Cantagalo durante a <a href=\"https:\/\/drive.google.com\/file\/d\/1hhY5WZ5O2BQmeIRu4bVfr9VGPZMLpxHU\/view\" target=\"_blank\" rel=\"noopener\">22\u00aa Semana Nacional de Museus<\/a> (<\/span><a href=\"https:\/\/www.gov.br\/museus\/pt-br\/assuntos\/noticias\/ibram-divulga-o-tema-da-22a-semana-nacional-de-museus\" target=\"_blank\" rel=\"noopener\"><span style=\"font-weight: 400;\">SNM<\/span><\/a><span style=\"font-weight: 400;\">) cujo tema foi &#8220;Museus, Educa\u00e7\u00e3o e Pesquisa&#8221;, com mais de 1.087 institui\u00e7\u00f5es participantes no Brasil, em comemora\u00e7\u00e3o ao Dia Internacional do Museu (18 de maio). Em sua 22\u00aa edi\u00e7\u00e3o, o evento aconteceu entre os dias 13 e 19 de maio e contou com a participa\u00e7\u00e3o de museus, institui\u00e7\u00f5es de mem\u00f3ria e espa\u00e7os culturais de todo o pa\u00eds.\u00a0<\/span><\/p>\n<figure id=\"attachment_73659\" aria-describedby=\"caption-attachment-73659\" style=\"width: 2560px\" class=\"wp-caption aligncenter\"><a href=\"https:\/\/rioonwatch.org.br\/wp-content\/uploads\/2024\/05\/Marcia-Souza-recebe-visitantes-na-Exposicao-Memoria-Climatica-das-Favelas-no-Museu-da-Favela.-Foto-Barbara-Dias-scaled.jpg\"><img loading=\"lazy\" decoding=\"async\" class=\"wp-image-73659 size-full\" title=\"Marcia Souza recebe visitantes na Exposi\u00e7\u00e3o Mem\u00f3ria Clim\u00e1tica das Favelas no Museu da Favela. Foto: B\u00e1rbara Dias\" src=\"https:\/\/rioonwatch.org.br\/wp-content\/uploads\/2024\/05\/Marcia-Souza-recebe-visitantes-na-Exposicao-Memoria-Climatica-das-Favelas-no-Museu-da-Favela.-Foto-Barbara-Dias-scaled.jpg\" alt=\"Marcia Souza recebe visitantes na Exposi\u00e7\u00e3o Mem\u00f3ria Clim\u00e1tica das Favelas no Museu da Favela. Foto: B\u00e1rbara Dias\" width=\"2560\" height=\"1709\" srcset=\"https:\/\/rioonwatch.org.br\/wp-content\/uploads\/2024\/05\/Marcia-Souza-recebe-visitantes-na-Exposicao-Memoria-Climatica-das-Favelas-no-Museu-da-Favela.-Foto-Barbara-Dias-scaled.jpg 2560w, https:\/\/rioonwatch.org.br\/wp-content\/uploads\/2024\/05\/Marcia-Souza-recebe-visitantes-na-Exposicao-Memoria-Climatica-das-Favelas-no-Museu-da-Favela.-Foto-Barbara-Dias-620x414.jpg 620w\" sizes=\"(max-width: 2560px) 100vw, 2560px\" \/><\/a><figcaption id=\"caption-attachment-73659\" class=\"wp-caption-text\">Marcia Souza recebe visitantes na exposi\u00e7\u00e3o Mem\u00f3ria Clim\u00e1tica das Favelas no Museu da Favela. Foto: B\u00e1rbara Dias<\/figcaption><\/figure>\n<p>A participa\u00e7\u00e3o do MUF na Semana dos Museus com a exposi\u00e7\u00e3o \u201cMem\u00f3ria Clim\u00e1tica das Favelas\u201d e diversas atividades como oficinas, pe\u00e7as teatrais, visitas guiadas, saraus e o ciclo de estudos \u201cJeito MUF de Fazer Museu\u201d busca contribuir com a preserva\u00e7\u00e3o da mem\u00f3ria das favelas cariocas.<\/p>\n<p>A exposi\u00e7\u00e3o continua no MUF at\u00e9 4 de junho, quando ser\u00e1 transferida para o CEASM, na Mar\u00e9, onde passar\u00e1 o m\u00eas de junho formando parte do curr\u00edculo de jovens moradores da comunidade. Para maiores informa\u00e7\u00f5es sobre visita\u00e7\u00e3o no MUF, <a href=\"https:\/\/www.museudefavela.org\/\" target=\"_blank\" rel=\"noopener\">entre em contato<\/a>. Veja as <a href=\"https:\/\/docs.google.com\/document\/d\/1j-BO1PXNog96mcgfzgFsM3vo489pwpXVpK3gZMzydy4\/edit?usp=sharing\" target=\"_blank\" rel=\"noopener\">orienta\u00e7\u00f5es para convidar a exposi\u00e7\u00e3o ao seu espa\u00e7o aqui<\/a>.<\/p>\n<h3>N\u00e3o perca o \u00e1lbum por B\u00e1rbara Dias e Luiza de Andrade <a href=\"https:\/\/www.flickr.com\/photos\/catcomm\/sets\/72177720316989382\/\" target=\"_blank\" rel=\"noopener\">no Flickr<\/a>:<\/h3>\n<p><a title=\"Exposi\u00e7\u00e3o de Mem\u00f3ria Clim\u00e1tica das Favelas no MUF, PPG, 13 e 17 de maio de 2024\" href=\"https:\/\/www.flickr.com\/photos\/catcomm\/albums\/72177720316989382\" data-flickr-embed=\"true\"><img loading=\"lazy\" decoding=\"async\" src=\"https:\/\/live.staticflickr.com\/65535\/53723845714_91fb522fc7_b.jpg\" alt=\"Exposi\u00e7\u00e3o de Mem\u00f3ria Clim\u00e1tica das Favelas no MUF, PPG, 13 e 17 de maio de 2024\" width=\"1024\" height=\"768\" \/><\/a><script async src=\"\/\/embedr.flickr.com\/assets\/client-code.js\" charset=\"utf-8\"><\/script><\/p>\n<p><i><span style=\"font-weight: 400;\">*A Rede Favela Sustent\u00e1vel (RFS) e o RioOnWatch s\u00e3o articulados pela Comunidades Catalisadoras (ComCat).<\/span><\/i><\/p>\n<p><em>Sobre a autora e fot\u00f3grafa:\u00a0<a href=\"https:\/\/bit.ly\/3Gc3OJU\" target=\"_blank\" rel=\"noopener\">B\u00e1rbara Dias<\/a>, cria de Bangu, possui licenciatura em Ci\u00eancias Biol\u00f3gicas, mestrado em Educa\u00e7\u00e3o Ambiental e atua como professora da rede p\u00fablica desde 2006. \u00c9 fotojornalista e trabalha tamb\u00e9m com fotografia documental. \u00c9 comunicadora popular formada pelo N\u00facleo Piratininga de Comunica\u00e7\u00e3o (<a href=\"https:\/\/bit.ly\/3i2GcdN\" target=\"_blank\" rel=\"noopener\">NPC<\/a>) e co-fundadora do\u00a0<a href=\"https:\/\/bit.ly\/3vfY8bj\" target=\"_blank\" rel=\"noopener\">Coletivo Fotoguerrilha<\/a>.<\/em><\/p>\n<hr \/>\n<h4><b data-stringify-type=\"bold\">Apoie nossos esfor\u00e7os para fornecer apoio estrat\u00e9gico \u00e0s favelas do Rio, incluindo o jornalismo hiperlocal, cr\u00edtico, inovador e incans\u00e1vel do\u00a0<\/b><b data-stringify-type=\"bold\"><i data-stringify-type=\"italic\">RioOnWatch<\/i><\/b>\u2014<a class=\"c-link\" href=\"http:\/\/www.bit.ly\/ApoieROW\" target=\"_blank\" rel=\"noopener noreferrer\" data-stringify-link=\"http:\/\/www.bit.ly\/ApoieROW\" data-sk=\"tooltip_parent\">doe aqui<\/a>.<\/h4>\n<!-- AddThis Advanced Settings generic via filter on the_content --><!-- AddThis Share Buttons generic via filter on the_content -->","protected":false},"excerpt":{"rendered":"<div class=\"mh-excerpt\"><p>Click Here for English A exposi\u00e7\u00e3o Mem\u00f3ria Clim\u00e1tica das Favelas, organizada pelos museus e projetos de mem\u00f3ria integrantes da Rede Favela Sustent\u00e1vel (RFS)*, est\u00e1 em exibi\u00e7\u00e3o do dia 6 de maio a 4 de junho, <a class=\"mh-excerpt-more\" href=\"https:\/\/rioonwatch.org.br\/?p=73650\" title=\"Exposi\u00e7\u00e3o \u2018Mem\u00f3ria Clim\u00e1tica das Favelas\u2019 Exibida no Museu de Favela Durante a 22\u00aa Semana Nacional dos Museus, Levando Relatos de Favelas Cariocas sobre o Clima ao Pav\u00e3o-Pav\u00e3ozinho\/Cantagalo\">[&#8230;]<\/a><!-- AddThis Advanced Settings generic via filter on get_the_excerpt --><!-- AddThis Share Buttons generic via filter on get_the_excerpt --><\/p>\n<\/div>","protected":false},"author":179,"featured_media":73690,"comment_status":"closed","ping_status":"closed","sticky":false,"template":"template-full.php","format":"standard","meta":{"_acf_changed":false,"_monsterinsights_skip_tracking":false,"_monsterinsights_sitenote_active":false,"_monsterinsights_sitenote_note":"","_monsterinsights_sitenote_category":0,"footnotes":""},"categories":[1621,1627,1639],"tags":[229,316,922,1146,128,469,1304,2188,1111,439,588,2901,3334,335,383],"writer":[3244],"translator":[],"source":[],"ilustrador":[],"fotografo":[3184],"class_list":{"0":"post-73650","1":"post","2":"type-post","3":"status-publish","4":"format-standard","5":"has-post-thumbnail","7":"category-destaque","8":"category-relato-de-evento","9":"category-sustentabilidade","10":"tag-cantagalo","11":"tag-educacao","12":"tag-evento","13":"tag-exposicao","14":"tag-historia","15":"tag-memoria","16":"tag-organizacao-criativa","17":"tag-museologia-social","18":"tag-museu","19":"tag-pavao-pavaozinho","20":"tag-pesquisa","21":"tag-rfs","22":"tag-serie-memoria-climatica-das-favelas","23":"tag-teatro","24":"tag-zona-sul","25":"writer-barbara-dias","26":"fotografo-barbara-dias"},"acf":[],"yoast_head":"<!-- This site is optimized with the Yoast SEO plugin v25.6 - https:\/\/yoast.com\/wordpress\/plugins\/seo\/ -->\n<title>Exposi\u00e7\u00e3o \u2018Mem\u00f3ria Clim\u00e1tica das Favelas\u2019 Exibida no Museu de Favela Durante a 22\u00aa Semana Nacional dos Museus, Levando Relatos de Favelas Cariocas sobre o Clima ao Pav\u00e3o-Pav\u00e3ozinho\/Cantagalo - RioOnWatch<\/title>\n<meta name=\"robots\" content=\"index, follow, max-snippet:-1, max-image-preview:large, max-video-preview:-1\" \/>\n<link rel=\"canonical\" href=\"https:\/\/rioonwatch.org.br\/?p=73650\" \/>\n<meta property=\"og:locale\" content=\"pt_BR\" \/>\n<meta property=\"og:type\" content=\"article\" \/>\n<meta property=\"og:title\" content=\"Exposi\u00e7\u00e3o \u2018Mem\u00f3ria Clim\u00e1tica das Favelas\u2019 Exibida no Museu de Favela Durante a 22\u00aa Semana Nacional dos Museus, Levando Relatos de Favelas Cariocas sobre o Clima ao Pav\u00e3o-Pav\u00e3ozinho\/Cantagalo - RioOnWatch\" \/>\n<meta property=\"og:description\" content=\"Click Here for English A exposi\u00e7\u00e3o Mem\u00f3ria Clim\u00e1tica das Favelas, organizada pelos museus e projetos de mem\u00f3ria integrantes da Rede Favela Sustent\u00e1vel (RFS)*, est\u00e1 em exibi\u00e7\u00e3o do dia 6 de maio a 4 de junho, [...]\" \/>\n<meta property=\"og:url\" content=\"https:\/\/rioonwatch.org.br\/?p=73650\" \/>\n<meta property=\"og:site_name\" content=\"RioOnWatch\" \/>\n<meta property=\"article:published_time\" content=\"2024-05-31T17:52:59+00:00\" \/>\n<meta property=\"article:modified_time\" content=\"2025-09-15T13:22:37+00:00\" \/>\n<meta property=\"og:image\" content=\"https:\/\/rioonwatch.org.br\/wp-content\/uploads\/2024\/05\/Nivaldo-de-Moura-segura-homenagem-ao-seu-projeto.png\" \/>\n\t<meta property=\"og:image:width\" content=\"2000\" \/>\n\t<meta property=\"og:image:height\" content=\"1298\" \/>\n\t<meta property=\"og:image:type\" content=\"image\/png\" \/>\n<meta name=\"author\" content=\"Janaina Tavares\" \/>\n<meta name=\"twitter:card\" content=\"summary_large_image\" \/>\n<meta name=\"twitter:label1\" content=\"Escrito por\" \/>\n\t<meta name=\"twitter:data1\" content=\"Janaina Tavares\" \/>\n\t<meta name=\"twitter:label2\" content=\"Est. tempo de leitura\" \/>\n\t<meta name=\"twitter:data2\" content=\"7 minutos\" \/>\n<script type=\"application\/ld+json\" class=\"yoast-schema-graph\">{\"@context\":\"https:\/\/schema.org\",\"@graph\":[{\"@type\":\"Article\",\"@id\":\"https:\/\/rioonwatch.org.br\/?p=73650#article\",\"isPartOf\":{\"@id\":\"https:\/\/rioonwatch.org.br\/?p=73650\"},\"author\":{\"name\":\"Janaina Tavares\",\"@id\":\"https:\/\/rioonwatch.org.br\/#\/schema\/person\/feb227e5e7679aacc3d672e375cae1bd\"},\"headline\":\"Exposi\u00e7\u00e3o \u2018Mem\u00f3ria Clim\u00e1tica das Favelas\u2019 Exibida no Museu de Favela Durante a 22\u00aa Semana Nacional dos Museus, Levando Relatos de Favelas Cariocas sobre o Clima ao Pav\u00e3o-Pav\u00e3ozinho\/Cantagalo\",\"datePublished\":\"2024-05-31T17:52:59+00:00\",\"dateModified\":\"2025-09-15T13:22:37+00:00\",\"mainEntityOfPage\":{\"@id\":\"https:\/\/rioonwatch.org.br\/?p=73650\"},\"wordCount\":1350,\"publisher\":{\"@id\":\"https:\/\/rioonwatch.org.br\/#organization\"},\"image\":{\"@id\":\"https:\/\/rioonwatch.org.br\/?p=73650#primaryimage\"},\"thumbnailUrl\":\"https:\/\/rioonwatch.org.br\/wp-content\/uploads\/2024\/05\/Nivaldo-de-Moura-segura-homenagem-ao-seu-projeto.png\",\"keywords\":[\"Cantagalo\",\"educa\u00e7\u00e3o\",\"evento\",\"exposi\u00e7\u00e3o\",\"hist\u00f3ria\",\"Mem\u00f3rias Faveladas\",\"mobiliza\u00e7\u00e3o criativa\",\"museologia social\",\"museu\",\"Pav\u00e3o-Pav\u00e3ozinho\",\"pesquisa\",\"Rede Favela Sustent\u00e1vel\",\"S\u00e9rie: Mem\u00f3ria Clim\u00e1tica das Favelas\",\"teatro\",\"Zona Sul\"],\"articleSection\":[\"*Destaque\",\"Cobertura de Eventos\",\"Sustentabilidade\"],\"inLanguage\":\"pt-BR\"},{\"@type\":\"WebPage\",\"@id\":\"https:\/\/rioonwatch.org.br\/?p=73650\",\"url\":\"https:\/\/rioonwatch.org.br\/?p=73650\",\"name\":\"Exposi\u00e7\u00e3o \u2018Mem\u00f3ria Clim\u00e1tica das Favelas\u2019 Exibida no Museu de Favela Durante a 22\u00aa Semana Nacional dos Museus, Levando Relatos de Favelas Cariocas sobre o Clima ao Pav\u00e3o-Pav\u00e3ozinho\/Cantagalo - RioOnWatch\",\"isPartOf\":{\"@id\":\"https:\/\/rioonwatch.org.br\/#website\"},\"primaryImageOfPage\":{\"@id\":\"https:\/\/rioonwatch.org.br\/?p=73650#primaryimage\"},\"image\":{\"@id\":\"https:\/\/rioonwatch.org.br\/?p=73650#primaryimage\"},\"thumbnailUrl\":\"https:\/\/rioonwatch.org.br\/wp-content\/uploads\/2024\/05\/Nivaldo-de-Moura-segura-homenagem-ao-seu-projeto.png\",\"datePublished\":\"2024-05-31T17:52:59+00:00\",\"dateModified\":\"2025-09-15T13:22:37+00:00\",\"breadcrumb\":{\"@id\":\"https:\/\/rioonwatch.org.br\/?p=73650#breadcrumb\"},\"inLanguage\":\"pt-BR\",\"potentialAction\":[{\"@type\":\"ReadAction\",\"target\":[\"https:\/\/rioonwatch.org.br\/?p=73650\"]}]},{\"@type\":\"ImageObject\",\"inLanguage\":\"pt-BR\",\"@id\":\"https:\/\/rioonwatch.org.br\/?p=73650#primaryimage\",\"url\":\"https:\/\/rioonwatch.org.br\/wp-content\/uploads\/2024\/05\/Nivaldo-de-Moura-segura-homenagem-ao-seu-projeto.png\",\"contentUrl\":\"https:\/\/rioonwatch.org.br\/wp-content\/uploads\/2024\/05\/Nivaldo-de-Moura-segura-homenagem-ao-seu-projeto.png\",\"width\":2000,\"height\":1298},{\"@type\":\"BreadcrumbList\",\"@id\":\"https:\/\/rioonwatch.org.br\/?p=73650#breadcrumb\",\"itemListElement\":[{\"@type\":\"ListItem\",\"position\":1,\"name\":\"In\u00edcio\",\"item\":\"https:\/\/rioonwatch.org.br\/\"},{\"@type\":\"ListItem\",\"position\":2,\"name\":\"Exposi\u00e7\u00e3o \u2018Mem\u00f3ria Clim\u00e1tica das Favelas\u2019 Exibida no Museu de Favela Durante a 22\u00aa Semana Nacional dos Museus, Levando Relatos de Favelas Cariocas sobre o Clima ao Pav\u00e3o-Pav\u00e3ozinho\/Cantagalo\"}]},{\"@type\":\"WebSite\",\"@id\":\"https:\/\/rioonwatch.org.br\/#website\",\"url\":\"https:\/\/rioonwatch.org.br\/\",\"name\":\"RioOnWatch\",\"description\":\"relatos das favelas cariocas\",\"publisher\":{\"@id\":\"https:\/\/rioonwatch.org.br\/#organization\"},\"potentialAction\":[{\"@type\":\"SearchAction\",\"target\":{\"@type\":\"EntryPoint\",\"urlTemplate\":\"https:\/\/rioonwatch.org.br\/?s={search_term_string}\"},\"query-input\":{\"@type\":\"PropertyValueSpecification\",\"valueRequired\":true,\"valueName\":\"search_term_string\"}}],\"inLanguage\":\"pt-BR\"},{\"@type\":\"Organization\",\"@id\":\"https:\/\/rioonwatch.org.br\/#organization\",\"name\":\"RioOnWatch\",\"url\":\"https:\/\/rioonwatch.org.br\/\",\"logo\":{\"@type\":\"ImageObject\",\"inLanguage\":\"pt-BR\",\"@id\":\"https:\/\/rioonwatch.org.br\/#\/schema\/logo\/image\/\",\"url\":\"https:\/\/rioonwatch.org.br\/wp-content\/uploads\/2021\/06\/RioOnWatchcabecalhoPT11anos-2.png\",\"contentUrl\":\"https:\/\/rioonwatch.org.br\/wp-content\/uploads\/2021\/06\/RioOnWatchcabecalhoPT11anos-2.png\",\"width\":779,\"height\":277,\"caption\":\"RioOnWatch\"},\"image\":{\"@id\":\"https:\/\/rioonwatch.org.br\/#\/schema\/logo\/image\/\"}},{\"@type\":\"Person\",\"@id\":\"https:\/\/rioonwatch.org.br\/#\/schema\/person\/feb227e5e7679aacc3d672e375cae1bd\",\"name\":\"Janaina Tavares\",\"image\":{\"@type\":\"ImageObject\",\"inLanguage\":\"pt-BR\",\"@id\":\"https:\/\/rioonwatch.org.br\/#\/schema\/person\/image\/\",\"url\":\"https:\/\/secure.gravatar.com\/avatar\/83bb5bb4f8b0c5ad63f35939640eaaa2?s=96&d=blank&r=g\",\"contentUrl\":\"https:\/\/secure.gravatar.com\/avatar\/83bb5bb4f8b0c5ad63f35939640eaaa2?s=96&d=blank&r=g\",\"caption\":\"Janaina Tavares\"},\"url\":\"https:\/\/rioonwatch.org.br\/?author=179\"}]}<\/script>\n<!-- \/ Yoast SEO plugin. -->","yoast_head_json":{"title":"Exposi\u00e7\u00e3o \u2018Mem\u00f3ria Clim\u00e1tica das Favelas\u2019 Exibida no Museu de Favela Durante a 22\u00aa Semana Nacional dos Museus, Levando Relatos de Favelas Cariocas sobre o Clima ao Pav\u00e3o-Pav\u00e3ozinho\/Cantagalo - RioOnWatch","robots":{"index":"index","follow":"follow","max-snippet":"max-snippet:-1","max-image-preview":"max-image-preview:large","max-video-preview":"max-video-preview:-1"},"canonical":"https:\/\/rioonwatch.org.br\/?p=73650","og_locale":"pt_BR","og_type":"article","og_title":"Exposi\u00e7\u00e3o \u2018Mem\u00f3ria Clim\u00e1tica das Favelas\u2019 Exibida no Museu de Favela Durante a 22\u00aa Semana Nacional dos Museus, Levando Relatos de Favelas Cariocas sobre o Clima ao Pav\u00e3o-Pav\u00e3ozinho\/Cantagalo - RioOnWatch","og_description":"Click Here for English A exposi\u00e7\u00e3o Mem\u00f3ria Clim\u00e1tica das Favelas, organizada pelos museus e projetos de mem\u00f3ria integrantes da Rede Favela Sustent\u00e1vel (RFS)*, est\u00e1 em exibi\u00e7\u00e3o do dia 6 de maio a 4 de junho, [...]","og_url":"https:\/\/rioonwatch.org.br\/?p=73650","og_site_name":"RioOnWatch","article_published_time":"2024-05-31T17:52:59+00:00","article_modified_time":"2025-09-15T13:22:37+00:00","og_image":[{"url":"https:\/\/rioonwatch.org.br\/wp-content\/uploads\/2024\/05\/Nivaldo-de-Moura-segura-homenagem-ao-seu-projeto.png","width":2000,"height":1298,"type":"image\/png"}],"author":"Janaina Tavares","twitter_card":"summary_large_image","twitter_misc":{"Escrito por":"Janaina Tavares","Est. tempo de leitura":"7 minutos"},"schema":{"@context":"https:\/\/schema.org","@graph":[{"@type":"Article","@id":"https:\/\/rioonwatch.org.br\/?p=73650#article","isPartOf":{"@id":"https:\/\/rioonwatch.org.br\/?p=73650"},"author":{"name":"Janaina Tavares","@id":"https:\/\/rioonwatch.org.br\/#\/schema\/person\/feb227e5e7679aacc3d672e375cae1bd"},"headline":"Exposi\u00e7\u00e3o \u2018Mem\u00f3ria Clim\u00e1tica das Favelas\u2019 Exibida no Museu de Favela Durante a 22\u00aa Semana Nacional dos Museus, Levando Relatos de Favelas Cariocas sobre o Clima ao Pav\u00e3o-Pav\u00e3ozinho\/Cantagalo","datePublished":"2024-05-31T17:52:59+00:00","dateModified":"2025-09-15T13:22:37+00:00","mainEntityOfPage":{"@id":"https:\/\/rioonwatch.org.br\/?p=73650"},"wordCount":1350,"publisher":{"@id":"https:\/\/rioonwatch.org.br\/#organization"},"image":{"@id":"https:\/\/rioonwatch.org.br\/?p=73650#primaryimage"},"thumbnailUrl":"https:\/\/rioonwatch.org.br\/wp-content\/uploads\/2024\/05\/Nivaldo-de-Moura-segura-homenagem-ao-seu-projeto.png","keywords":["Cantagalo","educa\u00e7\u00e3o","evento","exposi\u00e7\u00e3o","hist\u00f3ria","Mem\u00f3rias Faveladas","mobiliza\u00e7\u00e3o criativa","museologia social","museu","Pav\u00e3o-Pav\u00e3ozinho","pesquisa","Rede Favela Sustent\u00e1vel","S\u00e9rie: Mem\u00f3ria Clim\u00e1tica das Favelas","teatro","Zona Sul"],"articleSection":["*Destaque","Cobertura de Eventos","Sustentabilidade"],"inLanguage":"pt-BR"},{"@type":"WebPage","@id":"https:\/\/rioonwatch.org.br\/?p=73650","url":"https:\/\/rioonwatch.org.br\/?p=73650","name":"Exposi\u00e7\u00e3o \u2018Mem\u00f3ria Clim\u00e1tica das Favelas\u2019 Exibida no Museu de Favela Durante a 22\u00aa Semana Nacional dos Museus, Levando Relatos de Favelas Cariocas sobre o Clima ao Pav\u00e3o-Pav\u00e3ozinho\/Cantagalo - RioOnWatch","isPartOf":{"@id":"https:\/\/rioonwatch.org.br\/#website"},"primaryImageOfPage":{"@id":"https:\/\/rioonwatch.org.br\/?p=73650#primaryimage"},"image":{"@id":"https:\/\/rioonwatch.org.br\/?p=73650#primaryimage"},"thumbnailUrl":"https:\/\/rioonwatch.org.br\/wp-content\/uploads\/2024\/05\/Nivaldo-de-Moura-segura-homenagem-ao-seu-projeto.png","datePublished":"2024-05-31T17:52:59+00:00","dateModified":"2025-09-15T13:22:37+00:00","breadcrumb":{"@id":"https:\/\/rioonwatch.org.br\/?p=73650#breadcrumb"},"inLanguage":"pt-BR","potentialAction":[{"@type":"ReadAction","target":["https:\/\/rioonwatch.org.br\/?p=73650"]}]},{"@type":"ImageObject","inLanguage":"pt-BR","@id":"https:\/\/rioonwatch.org.br\/?p=73650#primaryimage","url":"https:\/\/rioonwatch.org.br\/wp-content\/uploads\/2024\/05\/Nivaldo-de-Moura-segura-homenagem-ao-seu-projeto.png","contentUrl":"https:\/\/rioonwatch.org.br\/wp-content\/uploads\/2024\/05\/Nivaldo-de-Moura-segura-homenagem-ao-seu-projeto.png","width":2000,"height":1298},{"@type":"BreadcrumbList","@id":"https:\/\/rioonwatch.org.br\/?p=73650#breadcrumb","itemListElement":[{"@type":"ListItem","position":1,"name":"In\u00edcio","item":"https:\/\/rioonwatch.org.br\/"},{"@type":"ListItem","position":2,"name":"Exposi\u00e7\u00e3o \u2018Mem\u00f3ria Clim\u00e1tica das Favelas\u2019 Exibida no Museu de Favela Durante a 22\u00aa Semana Nacional dos Museus, Levando Relatos de Favelas Cariocas sobre o Clima ao Pav\u00e3o-Pav\u00e3ozinho\/Cantagalo"}]},{"@type":"WebSite","@id":"https:\/\/rioonwatch.org.br\/#website","url":"https:\/\/rioonwatch.org.br\/","name":"RioOnWatch","description":"relatos das favelas cariocas","publisher":{"@id":"https:\/\/rioonwatch.org.br\/#organization"},"potentialAction":[{"@type":"SearchAction","target":{"@type":"EntryPoint","urlTemplate":"https:\/\/rioonwatch.org.br\/?s={search_term_string}"},"query-input":{"@type":"PropertyValueSpecification","valueRequired":true,"valueName":"search_term_string"}}],"inLanguage":"pt-BR"},{"@type":"Organization","@id":"https:\/\/rioonwatch.org.br\/#organization","name":"RioOnWatch","url":"https:\/\/rioonwatch.org.br\/","logo":{"@type":"ImageObject","inLanguage":"pt-BR","@id":"https:\/\/rioonwatch.org.br\/#\/schema\/logo\/image\/","url":"https:\/\/rioonwatch.org.br\/wp-content\/uploads\/2021\/06\/RioOnWatchcabecalhoPT11anos-2.png","contentUrl":"https:\/\/rioonwatch.org.br\/wp-content\/uploads\/2021\/06\/RioOnWatchcabecalhoPT11anos-2.png","width":779,"height":277,"caption":"RioOnWatch"},"image":{"@id":"https:\/\/rioonwatch.org.br\/#\/schema\/logo\/image\/"}},{"@type":"Person","@id":"https:\/\/rioonwatch.org.br\/#\/schema\/person\/feb227e5e7679aacc3d672e375cae1bd","name":"Janaina Tavares","image":{"@type":"ImageObject","inLanguage":"pt-BR","@id":"https:\/\/rioonwatch.org.br\/#\/schema\/person\/image\/","url":"https:\/\/secure.gravatar.com\/avatar\/83bb5bb4f8b0c5ad63f35939640eaaa2?s=96&d=blank&r=g","contentUrl":"https:\/\/secure.gravatar.com\/avatar\/83bb5bb4f8b0c5ad63f35939640eaaa2?s=96&d=blank&r=g","caption":"Janaina Tavares"},"url":"https:\/\/rioonwatch.org.br\/?author=179"}]}},"_links":{"self":[{"href":"https:\/\/rioonwatch.org.br\/index.php?rest_route=\/wp\/v2\/posts\/73650"}],"collection":[{"href":"https:\/\/rioonwatch.org.br\/index.php?rest_route=\/wp\/v2\/posts"}],"about":[{"href":"https:\/\/rioonwatch.org.br\/index.php?rest_route=\/wp\/v2\/types\/post"}],"author":[{"embeddable":true,"href":"https:\/\/rioonwatch.org.br\/index.php?rest_route=\/wp\/v2\/users\/179"}],"replies":[{"embeddable":true,"href":"https:\/\/rioonwatch.org.br\/index.php?rest_route=%2Fwp%2Fv2%2Fcomments&post=73650"}],"version-history":[{"count":25,"href":"https:\/\/rioonwatch.org.br\/index.php?rest_route=\/wp\/v2\/posts\/73650\/revisions"}],"predecessor-version":[{"id":74538,"href":"https:\/\/rioonwatch.org.br\/index.php?rest_route=\/wp\/v2\/posts\/73650\/revisions\/74538"}],"wp:featuredmedia":[{"embeddable":true,"href":"https:\/\/rioonwatch.org.br\/index.php?rest_route=\/wp\/v2\/media\/73690"}],"wp:attachment":[{"href":"https:\/\/rioonwatch.org.br\/index.php?rest_route=%2Fwp%2Fv2%2Fmedia&parent=73650"}],"wp:term":[{"taxonomy":"category","embeddable":true,"href":"https:\/\/rioonwatch.org.br\/index.php?rest_route=%2Fwp%2Fv2%2Fcategories&post=73650"},{"taxonomy":"post_tag","embeddable":true,"href":"https:\/\/rioonwatch.org.br\/index.php?rest_route=%2Fwp%2Fv2%2Ftags&post=73650"},{"taxonomy":"writer","embeddable":true,"href":"https:\/\/rioonwatch.org.br\/index.php?rest_route=%2Fwp%2Fv2%2Fwriter&post=73650"},{"taxonomy":"translator","embeddable":true,"href":"https:\/\/rioonwatch.org.br\/index.php?rest_route=%2Fwp%2Fv2%2Ftranslator&post=73650"},{"taxonomy":"source","embeddable":true,"href":"https:\/\/rioonwatch.org.br\/index.php?rest_route=%2Fwp%2Fv2%2Fsource&post=73650"},{"taxonomy":"ilustrador","embeddable":true,"href":"https:\/\/rioonwatch.org.br\/index.php?rest_route=%2Fwp%2Fv2%2Filustrador&post=73650"},{"taxonomy":"fotografo","embeddable":true,"href":"https:\/\/rioonwatch.org.br\/index.php?rest_route=%2Fwp%2Fv2%2Ffotografo&post=73650"}],"curies":[{"name":"wp","href":"https:\/\/api.w.org\/{rel}","templated":true}]}}