{"id":73892,"date":"2024-06-18T10:03:15","date_gmt":"2024-06-18T13:03:15","guid":{"rendered":"https:\/\/rioonwatch.org.br\/?p=73892"},"modified":"2024-06-28T12:49:08","modified_gmt":"2024-06-28T15:49:08","slug":"rede-favela-sustentavel-em-brasilia-comitiva-formada-por-mobilizadores-de-favelas-cariocas-e-aliados-apresenta-dados-e-vivencias-sobre-energia-justa-e-limpa-para-autoridades-federais","status":"publish","type":"post","link":"https:\/\/rioonwatch.org.br\/?p=73892","title":{"rendered":"Rede Favela Sustent\u00e1vel em Bras\u00edlia: Comitiva Formada por Mobilizadores de Favelas e Aliados Apresenta Dados e Viv\u00eancias Sobre Energia Justa e Limpa para Autoridades Federais"},"content":{"rendered":"<p><a href=\"https:\/\/rioonwatch.org.br\/wp-content\/uploads\/2024\/06\/RFS-na-Camara-Federal.jpg\"><img fetchpriority=\"high\" decoding=\"async\" class=\"alignright size-full wp-image-74029\" src=\"https:\/\/rioonwatch.org.br\/wp-content\/uploads\/2024\/06\/RFS-na-Camara-Federal.jpg\" alt=\"\" width=\"2048\" height=\"1542\" srcset=\"https:\/\/rioonwatch.org.br\/wp-content\/uploads\/2024\/06\/RFS-na-Camara-Federal.jpg 2048w, https:\/\/rioonwatch.org.br\/wp-content\/uploads\/2024\/06\/RFS-na-Camara-Federal-620x467.jpg 620w, https:\/\/rioonwatch.org.br\/wp-content\/uploads\/2024\/06\/RFS-na-Camara-Federal-1992x1500.jpg 1992w, https:\/\/rioonwatch.org.br\/wp-content\/uploads\/2024\/06\/RFS-na-Camara-Federal-678x509.jpg 678w, https:\/\/rioonwatch.org.br\/wp-content\/uploads\/2024\/06\/RFS-na-Camara-Federal-326x245.jpg 326w, https:\/\/rioonwatch.org.br\/wp-content\/uploads\/2024\/06\/RFS-na-Camara-Federal-80x60.jpg 80w\" sizes=\"(max-width: 2048px) 100vw, 2048px\" \/><\/a><em>Entre os dias 26 e 29 de maio, a comitiva formada por 19 mobilizadores, representando favelas fluminenses com 1,2 milh\u00f5es de habitantes, junto de aliados, levou suas pautas em prol da energia justa e limpa para Bras\u00edlia.<\/em><\/p>\n<h4 style=\"text-align: right;\"><em><strong><a href=\"https:\/\/bit.ly\/45MkrXB\" target=\"_blank\" rel=\"noopener\">Click Here for English<img decoding=\"async\" class=\"alignright wp-image-15790 lazyloaded\" src=\"https:\/\/rioonwatch.org.br\/wp-content\/uploads\/2012\/08\/EN-standard-e1439583104716.jpg\" alt=\"\" width=\"20\" height=\"20\" data-src=\"https:\/\/rioonwatch.org.br\/wp-content\/uploads\/2012\/08\/EN-standard-e1439583104716.jpg\" \/><\/a><\/strong><\/em><\/h4>\n<p><span style=\"font-weight: 400;\">Foram dias intensos e de di\u00e1logos potentes e produtivos sobre acesso, qualidade e efici\u00eancia energ\u00e9tica nas favelas. Incidindo em prol de energia justa, a <a href=\"https:\/\/www.favelasustentavel.org\/s\/folder-digital.pdf\" target=\"_blank\" rel=\"noopener\">comitiva<\/a> da Rede Favela Sustent\u00e1vel &#8216;<a href=\"https:\/\/www.favelasustentavel.org\/atividade\/rumo-a-braslia-pela-energia-justa\" target=\"_blank\" rel=\"noopener\">Rumo a Bras\u00edlia pela Energia Justa<\/a>&#8216; teve diversas reuni\u00f5es, conversas e participou ativamente da audi\u00eancia p\u00fablica \u2018Transi\u00e7\u00e3o Energ\u00e9tica Justa: Papel Social da Energia Solar\u2019, solicitada pelo Deputado Bandeira de Melo, presidente da Comiss\u00e3o de Minas e Energia. A audi\u00eancia aconteceu no <a href=\"https:\/\/www.gov.br\/insa\/pt-br\/assuntos\/noticias\/29-de-maio-dia-mundial-da-energia\" target=\"_blank\" rel=\"noopener\">Dia Mundial da Energia<\/a>, 29 de maio, e proporcionou um amplo di\u00e1logo sobre o Solar Social.<\/span><\/p>\n<p><span style=\"font-weight: 400;\">A participa\u00e7\u00e3o da comitiva se baseou nos dados sobre o tema da energia que v\u00eam sendo pesquisados h\u00e1 anos pela Rede Favela Sustent\u00e1vel, como o <\/span><a href=\"https:\/\/comcat.org\/wp-content\/uploads\/2023\/04\/2023-RELATORIO-Eficiencia-Energetica-nas-Favelas.pdf\" target=\"_blank\" rel=\"noopener\"><span style=\"font-weight: 400;\">relat\u00f3rio <\/span><i><span style=\"font-weight: 400;\">Efici\u00eancia Energ\u00e9tica nas Favelas<\/span><\/i><\/a> <span style=\"font-weight: 400;\">e em iniciativas que j\u00e1 desenvolvem solu\u00e7\u00f5es para a energia nas favelas. Puderam dialogar com parlamentares e atores relevantes do setor.\u00a0<\/span><\/p>\n<figure id=\"attachment_74030\" aria-describedby=\"caption-attachment-74030\" style=\"width: 501px\" class=\"wp-caption alignright\"><a href=\"https:\/\/rioonwatch.org.br\/wp-content\/uploads\/2024\/06\/Folder-RFS-Rumo-a-Brasilia-pagina-1-scaled.jpg\"><img decoding=\"async\" class=\"wp-image-74030\" src=\"https:\/\/rioonwatch.org.br\/wp-content\/uploads\/2024\/06\/Folder-RFS-Rumo-a-Brasilia-pagina-1-scaled.jpg\" alt=\"\" width=\"501\" height=\"354\" srcset=\"https:\/\/rioonwatch.org.br\/wp-content\/uploads\/2024\/06\/Folder-RFS-Rumo-a-Brasilia-pagina-1-scaled.jpg 2560w, https:\/\/rioonwatch.org.br\/wp-content\/uploads\/2024\/06\/Folder-RFS-Rumo-a-Brasilia-pagina-1-620x438.jpg 620w\" sizes=\"(max-width: 501px) 100vw, 501px\" \/><\/a><figcaption id=\"caption-attachment-74030\" class=\"wp-caption-text\">Folder da Comitiva Rumo a Bras\u00edlia (frente).<\/figcaption><\/figure>\n<p><span style=\"font-weight: 400;\">A comitiva p\u00f4de, ao longo do per\u00edodo em Bras\u00edlia, dialogar os tr\u00eas temas-chave que foram levantados coletivamente durante a prepara\u00e7\u00e3o e cria\u00e7\u00e3o do plano de incid\u00eancia pol\u00edtica do grupo, sendo estes:<\/span><\/p>\n<ul>\n<li style=\"font-weight: 400;\" aria-level=\"1\"><span style=\"font-weight: 400;\">Revis\u00e3o da licita\u00e7\u00e3o das concession\u00e1rias;<\/span><\/li>\n<li style=\"font-weight: 400;\" aria-level=\"1\"><span style=\"font-weight: 400;\">Expans\u00e3o da tarifa social;<\/span><\/li>\n<li style=\"font-weight: 400;\" aria-level=\"1\"><span style=\"font-weight: 400;\">Impulsionar energia solar social.<\/span><\/li>\n<\/ul>\n<p><span style=\"font-weight: 400;\">Junto aos parceiros nacionais <a href=\"https:\/\/arayara.org\/\" target=\"_blank\" rel=\"noopener\">Arayara<\/a>, <a href=\"https:\/\/climainfo.org.br\/\" target=\"_blank\" rel=\"noopener\">ClimaInfo<\/a>, <a href=\"https:\/\/inesc.org.br\/\" target=\"_blank\" rel=\"noopener\">Inesc<\/a>, Instituto Clima e Sociedade (<a href=\"https:\/\/climaesociedade.org\/\" target=\"_blank\" rel=\"noopener\">ICS<\/a>), <a href=\"https:\/\/polis.org.br\/\" target=\"_blank\" rel=\"noopener\">Instituto P\u00f3lis<\/a>, <a href=\"https:\/\/www.energialemon.com.br\/\" target=\"_blank\" rel=\"noopener\">Lemon Energy<\/a> e <a href=\"https:\/\/www.instagram.com\/revolusolar\/\" target=\"_blank\" rel=\"noopener\">Revolusolar<\/a>, o grupo de mobilizadores das favelas do Rio de Janeiro abriu di\u00e1logo com muitos \u00f3rg\u00e3os de diferentes setores p\u00fablicos.<\/span><\/p>\n<p><span style=\"font-weight: 400;\">A comitiva iniciou sua jornada no dia 26 com uma visita ao <a href=\"https:\/\/www.congressonacional.leg.br\/\" target=\"_blank\" rel=\"noopener\">Congresso Nacional<\/a>, onde puderam conhecer lugares que foram palco do debate nos dias seguintes: Audit\u00f3rio Ulysses Guimar\u00e3es, Sal\u00e3o Verde, <\/span><span style=\"font-weight: 400;\">J<\/span><span style=\"font-weight: 400;\">ardim de Palmeiras Imperiais, Pra\u00e7a dos Tr\u00eas Poderes, e outros espa\u00e7os circundando os demais anexos e edif\u00edcios onde muitas informa\u00e7\u00f5es enriquecedoras sobre as duas casas legislativas foram compartilhadas. A comitiva p\u00f4de tamb\u00e9m visitar a <\/span><a href=\"https:\/\/www2.camara.leg.br\/a-camara\/visiteacamara\/cultura-na-camara\/historia-arte-e-cultura\/exposicoes-2024\/8-de-janeiro-na-camara-dos-deputados\" target=\"_blank\" rel=\"noopener\"><span style=\"font-weight: 400;\">exposi\u00e7\u00e3o sobre o dia 8 de janeiro<\/span><\/a><span style=\"font-weight: 400;\">, que marca um ano da depreda\u00e7\u00e3o das sedes dos tr\u00eas poderes.<\/span><\/p>\n<p><span style=\"font-weight: 400;\">O primeiro dia da comitiva encerrou com uma recep\u00e7\u00e3o de abertura proporcionada pelos parceiros do Instituto Arayara, onde as organiza\u00e7\u00f5es parceiras puderam se conhecer presencialmente, confraternizar, e alinhar pontos importantes acerca dos compromissos da semana.<\/span><\/p>\n<p><span style=\"font-weight: 400;\">No dia 27 pela manh\u00e3, a comitiva realizou, no Plen\u00e1rio 16 da C\u00e2mara, a Reuni\u00e3o P\u00fablica: &#8220;<a href=\"https:\/\/www.gov.br\/aneel\/pt-br\/assuntos\/noticias\/2024\/rede-favela-sustentavel-apresenta-estudo-sobre-eficiencia-energetica-nas-comunidades-durante-reuniao-na-aneel\" target=\"_blank\" rel=\"noopener\">Justi\u00e7a Energ\u00e9tica nas Favelas: Dados e Solu\u00e7\u00f5es da Ponta<\/a>&#8220;, \u00fanico evento integral da comitiva onde todos os integrantes apresentaram depoimentos juntos dos dados levantados sobre justi\u00e7a energ\u00e9tica nas favelas do Rio: uma introdu\u00e7\u00e3o e complemento crucial para a audi\u00eancia que seria realizada dois dias ap\u00f3s.<\/span><\/p>\n<h3>Assista \u00e0 <a href=\"https:\/\/bit.ly\/EnergiaJustaApresenta\" target=\"_blank\" rel=\"noopener\">apresenta\u00e7\u00e3o completa<\/a> realizada na C\u00e2mara dos Deputados:<\/h3>\n<p><iframe title=\"YouTube video player\" src=\"https:\/\/www.youtube.com\/embed\/MdOtVt1n59E?si=lvNJZ3snGIG8ESPc\" width=\"1030\" height=\"563\" frameborder=\"0\" allowfullscreen=\"allowfullscreen\"><span data-mce-type=\"bookmark\" style=\"display: inline-block; width: 0px; overflow: hidden; line-height: 0;\" class=\"mce_SELRES_start\">\ufeff<\/span><\/iframe><\/p>\n<p><span style=\"font-weight: 400;\">\u00c0 tarde deste dia a comitiva teve uma longa reuni\u00e3o fechada, de tr\u00eas horas, com diversos t\u00e9cnicos na Ag\u00eancia Nacional de Energia El\u00e9trica (<a href=\"https:\/\/rioonwatch.org.br\/?tag=aneel\" target=\"_blank\" rel=\"noopener\">ANEEL<\/a>). Nesta reuni\u00e3o o relat\u00f3rio de efici\u00eancia energ\u00e9tica foi apresentado por completo e algumas falas da comitiva levaram a conhecimento do \u00f3rg\u00e3o regulador os desafios vividos por tr\u00e1s dos dados apresentados. Os elogios prestados \u00e0 pesquisa pelos t\u00e9cnicos da ANEEL trouxeram ao saber de todos, que neste relat\u00f3rio h\u00e1 dados in\u00e9ditos, que estavam sendo apresentados pela primeira vez para a ag\u00eancia e informa\u00e7\u00f5es que h\u00e1 anos a ag\u00eancia busca forma de diagnosticar sobre a popula\u00e7\u00e3o brasileira, mas que s\u00e3o sens\u00edveis e dif\u00edceis de coletar por pessoas externas \u00e0 comunidade. Exemplos incluem: qual o valor m\u00e9dio que um morador de favela consegue pagar na sua conta de luz, e da rela\u00e7\u00e3o inversa entre renda e &#8216;gato&#8217;, mesmo dentro da mesma favela, provando que o mesmo se trata principalmente de uma ferramenta para garantia de uma necessidade b\u00e1sica na aus\u00eancia de recursos financeiros, e n\u00e3o uma op\u00e7\u00e3o criminosa. Foi realizada uma troca sobre como o \u00f3rg\u00e3o atua diante de alguns dos desafios apresentados. Este di\u00e1logo resultou em um convite feito pela ANEEL para que o coletivo esteja representado, em julho, em <em>workshop<\/em> internacional sobre perdas &#8216;n\u00e3o-t\u00e9cnicas&#8217;.\u00a0<\/span><\/p>\n<figure id=\"attachment_73900\" aria-describedby=\"caption-attachment-73900\" style=\"width: 2048px\" class=\"wp-caption aligncenter\"><a href=\"https:\/\/rioonwatch.org.br\/wp-content\/uploads\/2024\/06\/Rede-Favela-Sustentavel-na-Reuniao-Publica-Justica-Energetica-nas-Favelas-Dados-e-Solucoes-da-Ponta-no-dia-27-de-maio-em-Brasilia.-Foto-Patricia.jpg\"><img loading=\"lazy\" decoding=\"async\" class=\"wp-image-73900 size-full\" title=\"Rede Favela Sustent\u00e1vel apresentou para a Ag\u00eancia Nacional de Energia El\u00e9trica (ANEEL) o resultado do estudo \u201cEfici\u00eancia Energ\u00e9tica nas Favelas&quot;, no dia 27 de maio, em Bras\u00edlia. Foto: Patr\u00edcia Schneidewind\" src=\"https:\/\/rioonwatch.org.br\/wp-content\/uploads\/2024\/06\/Rede-Favela-Sustentavel-na-Reuniao-Publica-Justica-Energetica-nas-Favelas-Dados-e-Solucoes-da-Ponta-no-dia-27-de-maio-em-Brasilia.-Foto-Patricia.jpg\" alt=\"Rede Favela Sustent\u00e1vel apresentou para a Ag\u00eancia Nacional de Energia El\u00e9trica (ANEEL) o resultado do estudo \u201cEfici\u00eancia Energ\u00e9tica nas Favelas&quot;, no dia 27 de maio, em Bras\u00edlia. Foto: Patr\u00edcia Schneidewind\" width=\"2048\" height=\"665\" srcset=\"https:\/\/rioonwatch.org.br\/wp-content\/uploads\/2024\/06\/Rede-Favela-Sustentavel-na-Reuniao-Publica-Justica-Energetica-nas-Favelas-Dados-e-Solucoes-da-Ponta-no-dia-27-de-maio-em-Brasilia.-Foto-Patricia.jpg 2048w, https:\/\/rioonwatch.org.br\/wp-content\/uploads\/2024\/06\/Rede-Favela-Sustentavel-na-Reuniao-Publica-Justica-Energetica-nas-Favelas-Dados-e-Solucoes-da-Ponta-no-dia-27-de-maio-em-Brasilia.-Foto-Patricia-620x201.jpg 620w\" sizes=\"(max-width: 2048px) 100vw, 2048px\" \/><\/a><figcaption id=\"caption-attachment-73900\" class=\"wp-caption-text\">Rede Favela Sustent\u00e1vel apresentou para a Ag\u00eancia Nacional de Energia El\u00e9trica (ANEEL) o resultado do estudo \u201cEfici\u00eancia Energ\u00e9tica nas Favelas&#8221;, no dia 27 de maio, em Bras\u00edlia. Foto: Patr\u00edcia Schneidewind<\/figcaption><\/figure>\n<figure id=\"attachment_74031\" aria-describedby=\"caption-attachment-74031\" style=\"width: 500px\" class=\"wp-caption alignright\"><a href=\"https:\/\/rioonwatch.org.br\/wp-content\/uploads\/2024\/06\/Folder-RFS-Rumo-a-Brasilia-pagina-2-scaled.jpg\"><img loading=\"lazy\" decoding=\"async\" class=\"wp-image-74031\" src=\"https:\/\/rioonwatch.org.br\/wp-content\/uploads\/2024\/06\/Folder-RFS-Rumo-a-Brasilia-pagina-2-scaled.jpg\" alt=\"\" width=\"500\" height=\"354\" srcset=\"https:\/\/rioonwatch.org.br\/wp-content\/uploads\/2024\/06\/Folder-RFS-Rumo-a-Brasilia-pagina-2-scaled.jpg 2560w, https:\/\/rioonwatch.org.br\/wp-content\/uploads\/2024\/06\/Folder-RFS-Rumo-a-Brasilia-pagina-2-620x438.jpg 620w\" sizes=\"(max-width: 500px) 100vw, 500px\" \/><\/a><figcaption id=\"caption-attachment-74031\" class=\"wp-caption-text\">Folder da Comitiva Rumo a Bras\u00edlia (verso).<\/figcaption><\/figure>\n<p><span style=\"font-weight: 400;\">J\u00e1 na ter\u00e7a-feira, dia 28 de maio, a agenda lotada de reuni\u00f5es se iniciou com a presen\u00e7a da comitiva na cerim\u00f4nia de Solenidade \u00e0 Mata Atl\u00e2ntica no Congresso Nacional. Logo em seguida, a comitiva se reuniu com a Frente Ambientalista da C\u00e2mara atrav\u00e9s do <a href=\"https:\/\/www.camara.leg.br\/deputados\/178986\" target=\"_blank\" rel=\"noopener\">Deputado Nilto Tatto<\/a> e o <a href=\"https:\/\/www.pedrocampospe.com.br\/\" target=\"_blank\" rel=\"noopener\">Deputado Pedro Campos<\/a>, em um di\u00e1logo amplo onde a comitiva p\u00f4de apresentar algumas solu\u00e7\u00f5es. <a href=\"https:\/\/rioonwatch.org.br\/?p=53359\" target=\"_blank\" rel=\"noopener\">Luis Cassiano<\/a> compartilhou o projeto <a href=\"https:\/\/rioonwatch.org.br\/?tag=teto-verde\" target=\"_blank\" rel=\"noopener\">Teto Verde Favela<\/a> do <a href=\"https:\/\/rioonwatch.org.br\/?tag=parque-arara\" target=\"_blank\" rel=\"noopener\">Parque Arar\u00e1<\/a>, <a href=\"https:\/\/www.commonities.org\/br\/project\/vale-encantado\/\" target=\"_blank\" rel=\"noopener\">Ot\u00e1vio Barros<\/a> apresentou o biossistema de tratamento de esgoto constru\u00eddo pelos moradores do <a href=\"https:\/\/rioonwatch.org.br\/?tag=Vale-Encantado\" target=\"_blank\" rel=\"noopener\">Vale Encantado<\/a>\u00a0e a Revolusolar, suas iniciativas em prol da energia solar na <a href=\"https:\/\/rioonwatch.org.br\/?tag=morro-da-babilonia\" target=\"_blank\" rel=\"noopener\">Babil\u00f4nia<\/a>, <a href=\"https:\/\/rioonwatch.org.br\/?tag=Chap\u00e9u-Mangueira\" target=\"_blank\" rel=\"noopener\">Chap\u00e9u-Mangueira<\/a> e al\u00e9m. Ao fim da reuni\u00e3o, um apelo foi feito para que o Estado possa olhar a atua\u00e7\u00e3o dos mobilizadores de favela como um trabalho essencial diante das crises clim\u00e1ticas. Ainda neste dia, a comitiva tamb\u00e9m teceu di\u00e1logos em prol de suas pautas com os <a href=\"https:\/\/www.camara.leg.br\/deputados\/220605\" target=\"_blank\" rel=\"noopener\">Deputados Bandeira de Mello<\/a> e <a href=\"https:\/\/www.camara.leg.br\/deputados\/220598\" target=\"_blank\" rel=\"noopener\">Tarc\u00edsio Motta<\/a>.<\/span><\/p>\n<p><span style=\"font-weight: 400;\">Pela tarde, o grupo se reuniu no <a href=\"https:\/\/www.gov.br\/cidades\/pt-br\" target=\"_blank\" rel=\"noopener\">Minist\u00e9rio das Cidades<\/a> com a Secretaria Nacional de Periferias (<a href=\"https:\/\/www.gov.br\/cidades\/pt-br\/assuntos\/periferias\" target=\"_blank\" rel=\"noopener\">SNP<\/a>)<strong>,<\/strong> onde conheceram e dialogaram com o <a href=\"https:\/\/www.uol.com.br\/ecoa\/ultimas-noticias\/2023\/07\/19\/secretario-guilherme-simoes-leva-voz-das-periferias-para-o-planalto-central.htm\" target=\"_blank\" rel=\"noopener\">Secret\u00e1rio Guilherme Sim\u00f5es<\/a>. Nesta reuni\u00e3o, foi apresentado \u00e0 comitiva o trabalho e as compet\u00eancias da Secretaria, al\u00e9m de informa\u00e7\u00f5es sobre a <a href=\"https:\/\/www.gov.br\/cidades\/pt-br\/acesso-a-informacao\/acoes-e-programas\/periferias\/caravanadasperiferias\" target=\"_blank\" rel=\"noopener\">Caravana das Periferias<\/a><strong>, <\/strong>o <a href=\"https:\/\/www.gov.br\/cidades\/pt-br\/premioperiferiaviva\" target=\"_blank\" rel=\"noopener\">Pr\u00eamio Periferia Viva<\/a> e o <a href=\"https:\/\/www.gov.br\/cidades\/pt-br\/acesso-a-informacao\/acoes-e-programas\/periferias\/mapa-das-periferias\" target=\"_blank\" rel=\"noopener\">Mapa das Periferias<\/a>, que pretende servir de catalisador para as interven\u00e7\u00f5es p\u00fablicas, colocando em di\u00e1logo o governo e as iniciativas perif\u00e9ricas existentes e j\u00e1 consolidadas. Al\u00e9m de tamb\u00e9m falarem sobre o novo Programa de Acelera\u00e7\u00e3o do Crescimento (PAC) e os locais onde ser\u00e3o executadas novas obras com solu\u00e7\u00f5es baseadas na natureza no Rio de Janeiro, como o Complexo da Mar\u00e9 e do Alem\u00e3o.<\/span><\/p>\n<p>&nbsp;<\/p>\n<figure id=\"attachment_74032\" aria-describedby=\"caption-attachment-74032\" style=\"width: 1920px\" class=\"wp-caption alignright\"><a href=\"https:\/\/rioonwatch.org.br\/wp-content\/uploads\/2024\/06\/Gabrielle-Concecio.jpg\"><img loading=\"lazy\" decoding=\"async\" class=\"wp-image-74032 size-full\" src=\"https:\/\/rioonwatch.org.br\/wp-content\/uploads\/2024\/06\/Gabrielle-Concecio.jpg\" alt=\"\" width=\"1920\" height=\"1080\" srcset=\"https:\/\/rioonwatch.org.br\/wp-content\/uploads\/2024\/06\/Gabrielle-Concecio.jpg 1920w, https:\/\/rioonwatch.org.br\/wp-content\/uploads\/2024\/06\/Gabrielle-Concecio-620x349.jpg 620w\" sizes=\"(max-width: 1920px) 100vw, 1920px\" \/><\/a><figcaption id=\"caption-attachment-74032\" class=\"wp-caption-text\">Gabrielle Concei\u00e7\u00e3o, integrante do projeto Alfazendo na Cidade de Deus, presta seu depoimento. Foto: Patricia Schneidewind<\/figcaption><\/figure>\n<p><span style=\"font-weight: 400;\">Por fim, no dia 29 de maio, no Dia Mundial da Energia, a comitiva iniciou o dia com uma reuni\u00e3o fechada no Minist\u00e9rio de Minas e Energia (<a href=\"https:\/\/www.gov.br\/mme\/pt-br\" target=\"_blank\" rel=\"noopener\">MME<\/a>) junto do Secret\u00e1rio Nacional de Energia El\u00e9trica, Gentil Nogueira, e outros t\u00e9cnicos. Nesta reuni\u00e3o, a comitiva p\u00f4de dialogar, apresentar e debater sobre os temas pertinentes \u00e0s suas tr\u00eas pautas e os dados relevantes ao minist\u00e9rio sobre acesso e qualidade de energia nas favelas. O Secret\u00e1rio trouxe ao saber de todos que apesar de comumente a favela ser criminalizada pelos furtos de energia, \u00e9 no asfalto que est\u00e3o os maiores \u00edndices do famoso \u201cgato\u201d e que a concession\u00e1ria \u00e9 recorrentemente pressionada pelo Minist\u00e9rio para resolver esse tipo de desafio.<\/span><\/p>\n<figure id=\"attachment_73914\" aria-describedby=\"caption-attachment-73914\" style=\"width: 1920px\" class=\"wp-caption aligncenter\"><a href=\"https:\/\/rioonwatch.org.br\/wp-content\/uploads\/2024\/06\/Nill-Santos-da-Associacao-Mulheres-de-Atitude-e-Compromisso-Social-na-Comitiva-em-Brasilia-pela-Rede-Favela-Sustentavel.-Foto.jpg\"><img loading=\"lazy\" decoding=\"async\" class=\"wp-image-73914 size-full\" title=\"Nill Santos da Associa\u00e7\u00e3o Mulheres de Atitude e Compromisso Social na Comitiva em Bras\u00edlia, pela Rede Favela Sustent\u00e1vel. Foto: Patricia Schneidewind\" src=\"https:\/\/rioonwatch.org.br\/wp-content\/uploads\/2024\/06\/Nill-Santos-da-Associacao-Mulheres-de-Atitude-e-Compromisso-Social-na-Comitiva-em-Brasilia-pela-Rede-Favela-Sustentavel.-Foto.jpg\" alt=\"Nill Santos da Associa\u00e7\u00e3o Mulheres de Atitude e Compromisso Social na Comitiva em Bras\u00edlia, pela Rede Favela Sustent\u00e1vel. Foto: Patricia Schneidewind\" width=\"1920\" height=\"1080\" srcset=\"https:\/\/rioonwatch.org.br\/wp-content\/uploads\/2024\/06\/Nill-Santos-da-Associacao-Mulheres-de-Atitude-e-Compromisso-Social-na-Comitiva-em-Brasilia-pela-Rede-Favela-Sustentavel.-Foto.jpg 1920w, https:\/\/rioonwatch.org.br\/wp-content\/uploads\/2024\/06\/Nill-Santos-da-Associacao-Mulheres-de-Atitude-e-Compromisso-Social-na-Comitiva-em-Brasilia-pela-Rede-Favela-Sustentavel.-Foto-620x349.jpg 620w\" sizes=\"(max-width: 1920px) 100vw, 1920px\" \/><\/a><figcaption id=\"caption-attachment-73914\" class=\"wp-caption-text\">Nill Santos da Associa\u00e7\u00e3o Mulheres de Atitude e Compromisso Social se apresenta em Bras\u00edlia, pela Rede Favela Sustent\u00e1vel. Foto: Patricia Schneidewind<\/figcaption><\/figure>\n<p><span style=\"font-weight: 400;\">A t\u00e3o aguardada <\/span><span style=\"font-weight: 400;\">audi\u00eancia p\u00fablica &#8220;<a href=\"https:\/\/www.camara.leg.br\/proposicoesWeb\/fichadetramitacao?idProposicao=2428147\" target=\"_blank\" rel=\"noopener\">Transi\u00e7\u00e3o Energ\u00e9tica Justa &#8211; Papel Social da Energia Solar<\/a>&#8220;, <\/span><span style=\"font-weight: 400;\">solicitada pela Comiss\u00e3o Permanente de Minas e Energia, ocorreu logo na sequ\u00eancia da reuni\u00e3o no MME. Realizada no Plen\u00e1rio 14 do Anexo II da C\u00e2mara dos Deputados e <\/span><a href=\"https:\/\/bit.ly\/4eeylpy\" target=\"_blank\" rel=\"noopener\"><span style=\"font-weight: 400;\">transmitida ao vivo<\/span><\/a><span style=\"font-weight: 400;\">, contou com falas potentes da Rede Favela Sustent\u00e1vel. <a href=\"https:\/\/habitability.com.br\/eduardo-avila\/\" target=\"_blank\" rel=\"noopener\">Eduardo \u00c1vila<\/a> da Revolusolar abordou a crise clim\u00e1tica e a transi\u00e7\u00e3o energ\u00e9tica, a gera\u00e7\u00e3o distribu\u00edda com energia solar, os pap\u00e9is da energia solar e as oportunidades em pol\u00edticas p\u00fablicas. <a href=\"https:\/\/labjaca.com\/quem-somos\/kayo-moura\/\" target=\"_blank\" rel=\"noopener\">Kayo Moura<\/a> do <a href=\"https:\/\/labjaca.com\/\" target=\"_blank\" rel=\"noopener\">LabJaca<\/a> apresentou alguns dados fundamentais do relat\u00f3rio <\/span><i><span style=\"font-weight: 400;\">Efici\u00eancia Energ\u00e9tica nas Favelas<\/span><\/i><span style=\"font-weight: 400;\">. E <a href=\"https:\/\/www.linkedin.com\/in\/nill-santos-a7b99b183\/\" target=\"_blank\" rel=\"noopener\">Nill Santos<\/a> da <a href=\"https:\/\/bit.ly\/AMACInauguraSolarROW\" target=\"_blank\" rel=\"noopener\">Associa\u00e7\u00e3o Mulheres de Atitude e Compromisso Social<\/a> emocionou o p\u00fablico contando sua hist\u00f3ria como v\u00edtima de viol\u00eancia que superou, enfatizando que:<\/span><\/p>\n<blockquote><p><span style=\"font-weight: 400;\"> \u201cN\u00e3o ter acesso \u00e0 energia \u00e9 tamb\u00e9m uma forma de viol\u00eancia. Ou [a m\u00e3e] come, ou ela paga a conta de luz. A energia solar n\u00e3o s\u00f3 diminui o custo da luz, mas d\u00e1 dignidade a essa mulher, pois ela pode fazer um curso e come\u00e7ar a instalar novas placas solares dentro da comunidade. Hoje, uma conta de luz que era <\/span><span style=\"font-weight: 400;\">dif\u00edcil <\/span><span style=\"font-weight: 400;\">de pagar no valor de R$300 \u00e0 R$400, chega R$100. \u201d<\/span><\/p><\/blockquote>\n<p><span style=\"font-weight: 400;\">Para a comitiva da Rede Favela Sustent\u00e1vel, foram dias de muitas conquistas e contatos valiosos, provenientes de uma longa jornada iniciada em 2020 com o foco na gera\u00e7\u00e3o cidad\u00e3 de dados em 2022. Apesar de ter nascido do que seria apenas um curso de pesquisa, tomou propor\u00e7\u00f5es inimagin\u00e1veis e fundamentais para uma incid\u00eancia pol\u00edtica em prol de uma energia mais justa e participativa, onde a favela protagoniza. Bras\u00edlia tamb\u00e9m \u00e9 nossa!<\/span><\/p>\n<h3>N\u00e3o perca o \u00e1lbum por Patr\u00edcia Schneidewind no <a href=\"https:\/\/bit.ly\/EnergiaJustaFotos\" target=\"_blank\" rel=\"noopener\">Flickr<\/a>:<\/h3>\n<p><a title=\"Rumo a Bras\u00edlia pela Energia Justa \u2014 RFS 26-29 de maio de 2024\" href=\"https:\/\/www.flickr.com\/photos\/catcomm\/albums\/72177720317480848\" data-flickr-embed=\"true\"><img loading=\"lazy\" decoding=\"async\" src=\"https:\/\/live.staticflickr.com\/65535\/53759035312_a8f7b69844_h.jpg\" alt=\"Rumo a Bras\u00edlia pela Energia Justa \u2014 RFS 26-29 de maio de 2024\" width=\"1030\" height=\"563\" \/><\/a><script async src=\"\/\/embedr.flickr.com\/assets\/client-code.js\" charset=\"utf-8\"><\/script><\/p>\n<p><i>*A Rede Favela Sustent\u00e1vel (RFS) e o RioOnWatch s\u00e3o articulados pela Comunidades Catalisadoras (ComCat).<\/i><\/p>\n<hr \/>\n<h4><b data-stringify-type=\"bold\">Apoie nossos esfor\u00e7os para fornecer apoio estrat\u00e9gico \u00e0s favelas do Rio, incluindo o jornalismo hiperlocal, cr\u00edtico, inovador e incans\u00e1vel do\u00a0<\/b><b data-stringify-type=\"bold\"><i data-stringify-type=\"italic\">RioOnWatch<\/i><\/b>\u2014<a class=\"c-link\" href=\"http:\/\/www.bit.ly\/ApoieROW\" target=\"_blank\" rel=\"noopener noreferrer\" data-stringify-link=\"http:\/\/www.bit.ly\/ApoieROW\" data-sk=\"tooltip_parent\">doe aqui<\/a>.<\/h4>\n<!-- AddThis Advanced Settings generic via filter on the_content --><!-- AddThis Share Buttons generic via filter on the_content -->","protected":false},"excerpt":{"rendered":"<div class=\"mh-excerpt\"><p>Entre os dias 26 e 29 de maio, a comitiva formada por 19 mobilizadores, representando favelas fluminenses com 1,2 milh\u00f5es de habitantes, junto de aliados, levou suas pautas em prol da energia justa e limpa <a class=\"mh-excerpt-more\" href=\"https:\/\/rioonwatch.org.br\/?p=73892\" title=\"Rede Favela Sustent\u00e1vel em Bras\u00edlia: Comitiva Formada por Mobilizadores de Favelas e Aliados Apresenta Dados e Viv\u00eancias Sobre Energia Justa e Limpa para Autoridades Federais\">[&#8230;]<\/a><!-- AddThis Advanced Settings generic via filter on get_the_excerpt --><!-- AddThis Share Buttons generic via filter on get_the_excerpt --><\/p>\n<\/div>","protected":false},"author":179,"featured_media":74029,"comment_status":"closed","ping_status":"closed","sticky":false,"template":"template-full.php","format":"standard","meta":{"_acf_changed":false,"_monsterinsights_skip_tracking":false,"_monsterinsights_sitenote_active":false,"_monsterinsights_sitenote_note":"","_monsterinsights_sitenote_category":0,"footnotes":""},"categories":[1621,1627,1632,1633,3170,344,3206,342,1639,1638],"tags":[2733,2519,479,3021,1998,2026,3112,3155,635,588,1033,2901,2588,2970,476,404],"writer":[3145],"translator":[],"source":[],"ilustrador":[],"fotografo":[],"class_list":{"0":"post-73892","1":"post","2":"type-post","3":"status-publish","4":"format-standard","5":"has-post-thumbnail","7":"category-destaque","8":"category-relato-de-evento","9":"category-pesquisa-e-analise","10":"category-foto-reportagens","11":"category-justica-climatica","12":"category-politicas","13":"category-representatividade","14":"category-solucoes","15":"category-sustentabilidade","16":"category-video","17":"tag-aneel","18":"tag-brasilia","19":"tag-democracia","20":"tag-eficiencia-energetica","21":"tag-energia-solar","22":"tag-favela-e-solucao","23":"tag-justica-climatica","24":"tag-labjaca","25":"tag-light","26":"tag-pesquisa","27":"tag-politica","28":"tag-rfs","29":"tag-resultados-da-pesquisa","30":"tag-serie-justica-energetica","31":"tag-solucao-comunitaria","32":"tag-sustentabilidade","33":"writer-rede-favela-sustentavel"},"acf":[],"yoast_head":"<!-- This site is optimized with the Yoast SEO plugin v25.6 - https:\/\/yoast.com\/wordpress\/plugins\/seo\/ -->\n<title>Rede Favela Sustent\u00e1vel em Bras\u00edlia: Comitiva Formada por Mobilizadores de Favelas e Aliados Apresenta Dados e Viv\u00eancias Sobre Energia Justa e Limpa para Autoridades Federais - RioOnWatch<\/title>\n<meta name=\"robots\" content=\"index, follow, max-snippet:-1, max-image-preview:large, max-video-preview:-1\" \/>\n<link rel=\"canonical\" href=\"https:\/\/rioonwatch.org.br\/?p=73892\" \/>\n<meta property=\"og:locale\" content=\"pt_BR\" \/>\n<meta property=\"og:type\" content=\"article\" \/>\n<meta property=\"og:title\" content=\"Rede Favela Sustent\u00e1vel em Bras\u00edlia: Comitiva Formada por Mobilizadores de Favelas e Aliados Apresenta Dados e Viv\u00eancias Sobre Energia Justa e Limpa para Autoridades Federais - RioOnWatch\" \/>\n<meta property=\"og:description\" content=\"Entre os dias 26 e 29 de maio, a comitiva formada por 19 mobilizadores, representando favelas fluminenses com 1,2 milh\u00f5es de habitantes, junto de aliados, levou suas pautas em prol da energia justa e limpa [...]\" \/>\n<meta property=\"og:url\" content=\"https:\/\/rioonwatch.org.br\/?p=73892\" \/>\n<meta property=\"og:site_name\" content=\"RioOnWatch\" \/>\n<meta property=\"article:published_time\" content=\"2024-06-18T13:03:15+00:00\" \/>\n<meta property=\"article:modified_time\" content=\"2024-06-28T15:49:08+00:00\" \/>\n<meta property=\"og:image\" content=\"https:\/\/rioonwatch.org.br\/wp-content\/uploads\/2024\/06\/RFS-na-Camara-Federal.jpg\" \/>\n\t<meta property=\"og:image:width\" content=\"2048\" \/>\n\t<meta property=\"og:image:height\" content=\"1542\" \/>\n\t<meta property=\"og:image:type\" content=\"image\/jpeg\" \/>\n<meta name=\"author\" content=\"Janaina Tavares\" \/>\n<meta name=\"twitter:card\" content=\"summary_large_image\" \/>\n<meta name=\"twitter:label1\" content=\"Escrito por\" \/>\n\t<meta name=\"twitter:data1\" content=\"Janaina Tavares\" \/>\n\t<meta name=\"twitter:label2\" content=\"Est. tempo de leitura\" \/>\n\t<meta name=\"twitter:data2\" content=\"10 minutos\" \/>\n<script type=\"application\/ld+json\" class=\"yoast-schema-graph\">{\"@context\":\"https:\/\/schema.org\",\"@graph\":[{\"@type\":\"Article\",\"@id\":\"https:\/\/rioonwatch.org.br\/?p=73892#article\",\"isPartOf\":{\"@id\":\"https:\/\/rioonwatch.org.br\/?p=73892\"},\"author\":{\"name\":\"Janaina Tavares\",\"@id\":\"https:\/\/rioonwatch.org.br\/#\/schema\/person\/feb227e5e7679aacc3d672e375cae1bd\"},\"headline\":\"Rede Favela Sustent\u00e1vel em Bras\u00edlia: Comitiva Formada por Mobilizadores de Favelas e Aliados Apresenta Dados e Viv\u00eancias Sobre Energia Justa e Limpa para Autoridades Federais\",\"datePublished\":\"2024-06-18T13:03:15+00:00\",\"dateModified\":\"2024-06-28T15:49:08+00:00\",\"mainEntityOfPage\":{\"@id\":\"https:\/\/rioonwatch.org.br\/?p=73892\"},\"wordCount\":1682,\"publisher\":{\"@id\":\"https:\/\/rioonwatch.org.br\/#organization\"},\"image\":{\"@id\":\"https:\/\/rioonwatch.org.br\/?p=73892#primaryimage\"},\"thumbnailUrl\":\"https:\/\/rioonwatch.org.br\/wp-content\/uploads\/2024\/06\/RFS-na-Camara-Federal.jpg\",\"keywords\":[\"ANEEL\",\"Bras\u00edlia\",\"Democracia\",\"efici\u00eancia energ\u00e9tica\",\"energia solar\",\"Favela \u00e9 solu\u00e7\u00e3o\",\"Justi\u00e7a Clim\u00e1tica\",\"LabJaca\",\"Light\",\"pesquisa\",\"pol\u00edtica\",\"Rede Favela Sustent\u00e1vel\",\"resultados da pesquisa\",\"S\u00e9rie: Justi\u00e7a Energ\u00e9tica\",\"solu\u00e7\u00e3o comunit\u00e1ria\",\"sustentabilidade\"],\"articleSection\":[\"*Destaque\",\"Cobertura de Eventos\",\"Dados e Pesquisa\",\"Fotorreportagens\",\"Justi\u00e7a Clim\u00e1tica\",\"Pol\u00edticas\",\"Representatividade\",\"Solu\u00e7\u00f5es\",\"Sustentabilidade\",\"V\u00eddeo\"],\"inLanguage\":\"pt-BR\"},{\"@type\":\"WebPage\",\"@id\":\"https:\/\/rioonwatch.org.br\/?p=73892\",\"url\":\"https:\/\/rioonwatch.org.br\/?p=73892\",\"name\":\"Rede Favela Sustent\u00e1vel em Bras\u00edlia: Comitiva Formada por Mobilizadores de Favelas e Aliados Apresenta Dados e Viv\u00eancias Sobre Energia Justa e Limpa para Autoridades Federais - RioOnWatch\",\"isPartOf\":{\"@id\":\"https:\/\/rioonwatch.org.br\/#website\"},\"primaryImageOfPage\":{\"@id\":\"https:\/\/rioonwatch.org.br\/?p=73892#primaryimage\"},\"image\":{\"@id\":\"https:\/\/rioonwatch.org.br\/?p=73892#primaryimage\"},\"thumbnailUrl\":\"https:\/\/rioonwatch.org.br\/wp-content\/uploads\/2024\/06\/RFS-na-Camara-Federal.jpg\",\"datePublished\":\"2024-06-18T13:03:15+00:00\",\"dateModified\":\"2024-06-28T15:49:08+00:00\",\"breadcrumb\":{\"@id\":\"https:\/\/rioonwatch.org.br\/?p=73892#breadcrumb\"},\"inLanguage\":\"pt-BR\",\"potentialAction\":[{\"@type\":\"ReadAction\",\"target\":[\"https:\/\/rioonwatch.org.br\/?p=73892\"]}]},{\"@type\":\"ImageObject\",\"inLanguage\":\"pt-BR\",\"@id\":\"https:\/\/rioonwatch.org.br\/?p=73892#primaryimage\",\"url\":\"https:\/\/rioonwatch.org.br\/wp-content\/uploads\/2024\/06\/RFS-na-Camara-Federal.jpg\",\"contentUrl\":\"https:\/\/rioonwatch.org.br\/wp-content\/uploads\/2024\/06\/RFS-na-Camara-Federal.jpg\",\"width\":2048,\"height\":1542,\"caption\":\"Jovens da RFS falam sobre a idealiza\u00e7\u00e3o e constru\u00e7\u00e3o da atividade COP das Favelas, durante o Grande Encontro Anual de 2023. Foto: B\u00e1rbara Dias\"},{\"@type\":\"BreadcrumbList\",\"@id\":\"https:\/\/rioonwatch.org.br\/?p=73892#breadcrumb\",\"itemListElement\":[{\"@type\":\"ListItem\",\"position\":1,\"name\":\"In\u00edcio\",\"item\":\"https:\/\/rioonwatch.org.br\/\"},{\"@type\":\"ListItem\",\"position\":2,\"name\":\"Rede Favela Sustent\u00e1vel em Bras\u00edlia: Comitiva Formada por Mobilizadores de Favelas e Aliados Apresenta Dados e Viv\u00eancias Sobre Energia Justa e Limpa para Autoridades Federais\"}]},{\"@type\":\"WebSite\",\"@id\":\"https:\/\/rioonwatch.org.br\/#website\",\"url\":\"https:\/\/rioonwatch.org.br\/\",\"name\":\"RioOnWatch\",\"description\":\"relatos das favelas cariocas\",\"publisher\":{\"@id\":\"https:\/\/rioonwatch.org.br\/#organization\"},\"potentialAction\":[{\"@type\":\"SearchAction\",\"target\":{\"@type\":\"EntryPoint\",\"urlTemplate\":\"https:\/\/rioonwatch.org.br\/?s={search_term_string}\"},\"query-input\":{\"@type\":\"PropertyValueSpecification\",\"valueRequired\":true,\"valueName\":\"search_term_string\"}}],\"inLanguage\":\"pt-BR\"},{\"@type\":\"Organization\",\"@id\":\"https:\/\/rioonwatch.org.br\/#organization\",\"name\":\"RioOnWatch\",\"url\":\"https:\/\/rioonwatch.org.br\/\",\"logo\":{\"@type\":\"ImageObject\",\"inLanguage\":\"pt-BR\",\"@id\":\"https:\/\/rioonwatch.org.br\/#\/schema\/logo\/image\/\",\"url\":\"https:\/\/rioonwatch.org.br\/wp-content\/uploads\/2021\/06\/RioOnWatchcabecalhoPT11anos-2.png\",\"contentUrl\":\"https:\/\/rioonwatch.org.br\/wp-content\/uploads\/2021\/06\/RioOnWatchcabecalhoPT11anos-2.png\",\"width\":779,\"height\":277,\"caption\":\"RioOnWatch\"},\"image\":{\"@id\":\"https:\/\/rioonwatch.org.br\/#\/schema\/logo\/image\/\"}},{\"@type\":\"Person\",\"@id\":\"https:\/\/rioonwatch.org.br\/#\/schema\/person\/feb227e5e7679aacc3d672e375cae1bd\",\"name\":\"Janaina Tavares\",\"image\":{\"@type\":\"ImageObject\",\"inLanguage\":\"pt-BR\",\"@id\":\"https:\/\/rioonwatch.org.br\/#\/schema\/person\/image\/\",\"url\":\"https:\/\/secure.gravatar.com\/avatar\/83bb5bb4f8b0c5ad63f35939640eaaa2?s=96&d=blank&r=g\",\"contentUrl\":\"https:\/\/secure.gravatar.com\/avatar\/83bb5bb4f8b0c5ad63f35939640eaaa2?s=96&d=blank&r=g\",\"caption\":\"Janaina Tavares\"},\"url\":\"https:\/\/rioonwatch.org.br\/?author=179\"}]}<\/script>\n<!-- \/ Yoast SEO plugin. -->","yoast_head_json":{"title":"Rede Favela Sustent\u00e1vel em Bras\u00edlia: Comitiva Formada por Mobilizadores de Favelas e Aliados Apresenta Dados e Viv\u00eancias Sobre Energia Justa e Limpa para Autoridades Federais - RioOnWatch","robots":{"index":"index","follow":"follow","max-snippet":"max-snippet:-1","max-image-preview":"max-image-preview:large","max-video-preview":"max-video-preview:-1"},"canonical":"https:\/\/rioonwatch.org.br\/?p=73892","og_locale":"pt_BR","og_type":"article","og_title":"Rede Favela Sustent\u00e1vel em Bras\u00edlia: Comitiva Formada por Mobilizadores de Favelas e Aliados Apresenta Dados e Viv\u00eancias Sobre Energia Justa e Limpa para Autoridades Federais - RioOnWatch","og_description":"Entre os dias 26 e 29 de maio, a comitiva formada por 19 mobilizadores, representando favelas fluminenses com 1,2 milh\u00f5es de habitantes, junto de aliados, levou suas pautas em prol da energia justa e limpa [...]","og_url":"https:\/\/rioonwatch.org.br\/?p=73892","og_site_name":"RioOnWatch","article_published_time":"2024-06-18T13:03:15+00:00","article_modified_time":"2024-06-28T15:49:08+00:00","og_image":[{"width":2048,"height":1542,"url":"https:\/\/rioonwatch.org.br\/wp-content\/uploads\/2024\/06\/RFS-na-Camara-Federal.jpg","type":"image\/jpeg"}],"author":"Janaina Tavares","twitter_card":"summary_large_image","twitter_misc":{"Escrito por":"Janaina Tavares","Est. tempo de leitura":"10 minutos"},"schema":{"@context":"https:\/\/schema.org","@graph":[{"@type":"Article","@id":"https:\/\/rioonwatch.org.br\/?p=73892#article","isPartOf":{"@id":"https:\/\/rioonwatch.org.br\/?p=73892"},"author":{"name":"Janaina Tavares","@id":"https:\/\/rioonwatch.org.br\/#\/schema\/person\/feb227e5e7679aacc3d672e375cae1bd"},"headline":"Rede Favela Sustent\u00e1vel em Bras\u00edlia: Comitiva Formada por Mobilizadores de Favelas e Aliados Apresenta Dados e Viv\u00eancias Sobre Energia Justa e Limpa para Autoridades Federais","datePublished":"2024-06-18T13:03:15+00:00","dateModified":"2024-06-28T15:49:08+00:00","mainEntityOfPage":{"@id":"https:\/\/rioonwatch.org.br\/?p=73892"},"wordCount":1682,"publisher":{"@id":"https:\/\/rioonwatch.org.br\/#organization"},"image":{"@id":"https:\/\/rioonwatch.org.br\/?p=73892#primaryimage"},"thumbnailUrl":"https:\/\/rioonwatch.org.br\/wp-content\/uploads\/2024\/06\/RFS-na-Camara-Federal.jpg","keywords":["ANEEL","Bras\u00edlia","Democracia","efici\u00eancia energ\u00e9tica","energia solar","Favela \u00e9 solu\u00e7\u00e3o","Justi\u00e7a Clim\u00e1tica","LabJaca","Light","pesquisa","pol\u00edtica","Rede Favela Sustent\u00e1vel","resultados da pesquisa","S\u00e9rie: Justi\u00e7a Energ\u00e9tica","solu\u00e7\u00e3o comunit\u00e1ria","sustentabilidade"],"articleSection":["*Destaque","Cobertura de Eventos","Dados e Pesquisa","Fotorreportagens","Justi\u00e7a Clim\u00e1tica","Pol\u00edticas","Representatividade","Solu\u00e7\u00f5es","Sustentabilidade","V\u00eddeo"],"inLanguage":"pt-BR"},{"@type":"WebPage","@id":"https:\/\/rioonwatch.org.br\/?p=73892","url":"https:\/\/rioonwatch.org.br\/?p=73892","name":"Rede Favela Sustent\u00e1vel em Bras\u00edlia: Comitiva Formada por Mobilizadores de Favelas e Aliados Apresenta Dados e Viv\u00eancias Sobre Energia Justa e Limpa para Autoridades Federais - RioOnWatch","isPartOf":{"@id":"https:\/\/rioonwatch.org.br\/#website"},"primaryImageOfPage":{"@id":"https:\/\/rioonwatch.org.br\/?p=73892#primaryimage"},"image":{"@id":"https:\/\/rioonwatch.org.br\/?p=73892#primaryimage"},"thumbnailUrl":"https:\/\/rioonwatch.org.br\/wp-content\/uploads\/2024\/06\/RFS-na-Camara-Federal.jpg","datePublished":"2024-06-18T13:03:15+00:00","dateModified":"2024-06-28T15:49:08+00:00","breadcrumb":{"@id":"https:\/\/rioonwatch.org.br\/?p=73892#breadcrumb"},"inLanguage":"pt-BR","potentialAction":[{"@type":"ReadAction","target":["https:\/\/rioonwatch.org.br\/?p=73892"]}]},{"@type":"ImageObject","inLanguage":"pt-BR","@id":"https:\/\/rioonwatch.org.br\/?p=73892#primaryimage","url":"https:\/\/rioonwatch.org.br\/wp-content\/uploads\/2024\/06\/RFS-na-Camara-Federal.jpg","contentUrl":"https:\/\/rioonwatch.org.br\/wp-content\/uploads\/2024\/06\/RFS-na-Camara-Federal.jpg","width":2048,"height":1542,"caption":"Jovens da RFS falam sobre a idealiza\u00e7\u00e3o e constru\u00e7\u00e3o da atividade COP das Favelas, durante o Grande Encontro Anual de 2023. Foto: B\u00e1rbara Dias"},{"@type":"BreadcrumbList","@id":"https:\/\/rioonwatch.org.br\/?p=73892#breadcrumb","itemListElement":[{"@type":"ListItem","position":1,"name":"In\u00edcio","item":"https:\/\/rioonwatch.org.br\/"},{"@type":"ListItem","position":2,"name":"Rede Favela Sustent\u00e1vel em Bras\u00edlia: Comitiva Formada por Mobilizadores de Favelas e Aliados Apresenta Dados e Viv\u00eancias Sobre Energia Justa e Limpa para Autoridades Federais"}]},{"@type":"WebSite","@id":"https:\/\/rioonwatch.org.br\/#website","url":"https:\/\/rioonwatch.org.br\/","name":"RioOnWatch","description":"relatos das favelas cariocas","publisher":{"@id":"https:\/\/rioonwatch.org.br\/#organization"},"potentialAction":[{"@type":"SearchAction","target":{"@type":"EntryPoint","urlTemplate":"https:\/\/rioonwatch.org.br\/?s={search_term_string}"},"query-input":{"@type":"PropertyValueSpecification","valueRequired":true,"valueName":"search_term_string"}}],"inLanguage":"pt-BR"},{"@type":"Organization","@id":"https:\/\/rioonwatch.org.br\/#organization","name":"RioOnWatch","url":"https:\/\/rioonwatch.org.br\/","logo":{"@type":"ImageObject","inLanguage":"pt-BR","@id":"https:\/\/rioonwatch.org.br\/#\/schema\/logo\/image\/","url":"https:\/\/rioonwatch.org.br\/wp-content\/uploads\/2021\/06\/RioOnWatchcabecalhoPT11anos-2.png","contentUrl":"https:\/\/rioonwatch.org.br\/wp-content\/uploads\/2021\/06\/RioOnWatchcabecalhoPT11anos-2.png","width":779,"height":277,"caption":"RioOnWatch"},"image":{"@id":"https:\/\/rioonwatch.org.br\/#\/schema\/logo\/image\/"}},{"@type":"Person","@id":"https:\/\/rioonwatch.org.br\/#\/schema\/person\/feb227e5e7679aacc3d672e375cae1bd","name":"Janaina Tavares","image":{"@type":"ImageObject","inLanguage":"pt-BR","@id":"https:\/\/rioonwatch.org.br\/#\/schema\/person\/image\/","url":"https:\/\/secure.gravatar.com\/avatar\/83bb5bb4f8b0c5ad63f35939640eaaa2?s=96&d=blank&r=g","contentUrl":"https:\/\/secure.gravatar.com\/avatar\/83bb5bb4f8b0c5ad63f35939640eaaa2?s=96&d=blank&r=g","caption":"Janaina Tavares"},"url":"https:\/\/rioonwatch.org.br\/?author=179"}]}},"_links":{"self":[{"href":"https:\/\/rioonwatch.org.br\/index.php?rest_route=\/wp\/v2\/posts\/73892"}],"collection":[{"href":"https:\/\/rioonwatch.org.br\/index.php?rest_route=\/wp\/v2\/posts"}],"about":[{"href":"https:\/\/rioonwatch.org.br\/index.php?rest_route=\/wp\/v2\/types\/post"}],"author":[{"embeddable":true,"href":"https:\/\/rioonwatch.org.br\/index.php?rest_route=\/wp\/v2\/users\/179"}],"replies":[{"embeddable":true,"href":"https:\/\/rioonwatch.org.br\/index.php?rest_route=%2Fwp%2Fv2%2Fcomments&post=73892"}],"version-history":[{"count":36,"href":"https:\/\/rioonwatch.org.br\/index.php?rest_route=\/wp\/v2\/posts\/73892\/revisions"}],"predecessor-version":[{"id":74025,"href":"https:\/\/rioonwatch.org.br\/index.php?rest_route=\/wp\/v2\/posts\/73892\/revisions\/74025"}],"wp:featuredmedia":[{"embeddable":true,"href":"https:\/\/rioonwatch.org.br\/index.php?rest_route=\/wp\/v2\/media\/74029"}],"wp:attachment":[{"href":"https:\/\/rioonwatch.org.br\/index.php?rest_route=%2Fwp%2Fv2%2Fmedia&parent=73892"}],"wp:term":[{"taxonomy":"category","embeddable":true,"href":"https:\/\/rioonwatch.org.br\/index.php?rest_route=%2Fwp%2Fv2%2Fcategories&post=73892"},{"taxonomy":"post_tag","embeddable":true,"href":"https:\/\/rioonwatch.org.br\/index.php?rest_route=%2Fwp%2Fv2%2Ftags&post=73892"},{"taxonomy":"writer","embeddable":true,"href":"https:\/\/rioonwatch.org.br\/index.php?rest_route=%2Fwp%2Fv2%2Fwriter&post=73892"},{"taxonomy":"translator","embeddable":true,"href":"https:\/\/rioonwatch.org.br\/index.php?rest_route=%2Fwp%2Fv2%2Ftranslator&post=73892"},{"taxonomy":"source","embeddable":true,"href":"https:\/\/rioonwatch.org.br\/index.php?rest_route=%2Fwp%2Fv2%2Fsource&post=73892"},{"taxonomy":"ilustrador","embeddable":true,"href":"https:\/\/rioonwatch.org.br\/index.php?rest_route=%2Fwp%2Fv2%2Filustrador&post=73892"},{"taxonomy":"fotografo","embeddable":true,"href":"https:\/\/rioonwatch.org.br\/index.php?rest_route=%2Fwp%2Fv2%2Ffotografo&post=73892"}],"curies":[{"name":"wp","href":"https:\/\/api.w.org\/{rel}","templated":true}]}}