{"id":73993,"date":"2024-06-21T09:45:21","date_gmt":"2024-06-21T12:45:21","guid":{"rendered":"https:\/\/rioonwatch.org.br\/?p=73993"},"modified":"2025-09-15T10:20:43","modified_gmt":"2025-09-15T13:20:43","slug":"no-ceasm-no-complexo-da-mare-exposicao-memoria-climatica-das-favelas-dialoga-com-jovens-do-ecoa-mare-e-preparatorio-da-instituicao","status":"publish","type":"post","link":"https:\/\/rioonwatch.org.br\/?p=73993","title":{"rendered":"No CEASM, no Complexo da Mar\u00e9, Exposi\u00e7\u00e3o \u2018Mem\u00f3ria Clim\u00e1tica das Favelas\u2019 Dialoga com Jovens do Ecoa Mar\u00e9 e Preparat\u00f3rio da Institui\u00e7\u00e3o"},"content":{"rendered":"<figure id=\"attachment_74004\" aria-describedby=\"caption-attachment-74004\" style=\"width: 2560px\" class=\"wp-caption aligncenter\"><a href=\"https:\/\/rioonwatch.org.br\/wp-content\/uploads\/2024\/06\/Estudantes-do-preparatorio-do-CEASM-participaram-da-abertura-da-Exposicao-Memoria-Climatica-das-Favelas-na-Mare-Foto-Barbara-Dias-scaled.jpg\"><img fetchpriority=\"high\" decoding=\"async\" class=\"wp-image-74004 size-full\" title=\"Estudantes do preparat\u00f3rio do CEASM participaram da abertura da Exposi\u00e7\u00e3o Mem\u00f3ria Clim\u00e1tica das Favelas no Complexo da Mar\u00e9. Foto: B\u00e1rbara Dias\" src=\"https:\/\/rioonwatch.org.br\/wp-content\/uploads\/2024\/06\/Estudantes-do-preparatorio-do-CEASM-participaram-da-abertura-da-Exposicao-Memoria-Climatica-das-Favelas-na-Mare-Foto-Barbara-Dias-scaled.jpg\" alt=\"Estudantes do preparat\u00f3rio do CEASM participaram da abertura da Exposi\u00e7\u00e3o Mem\u00f3ria Clim\u00e1tica das Favelas no Complexo da Mar\u00e9. Foto: B\u00e1rbara Dias\" width=\"2560\" height=\"1709\" srcset=\"https:\/\/rioonwatch.org.br\/wp-content\/uploads\/2024\/06\/Estudantes-do-preparatorio-do-CEASM-participaram-da-abertura-da-Exposicao-Memoria-Climatica-das-Favelas-na-Mare-Foto-Barbara-Dias-scaled.jpg 2560w, https:\/\/rioonwatch.org.br\/wp-content\/uploads\/2024\/06\/Estudantes-do-preparatorio-do-CEASM-participaram-da-abertura-da-Exposicao-Memoria-Climatica-das-Favelas-na-Mare-Foto-Barbara-Dias-620x414.jpg 620w\" sizes=\"(max-width: 2560px) 100vw, 2560px\" \/><\/a><figcaption id=\"caption-attachment-74004\" class=\"wp-caption-text\">Estudantes do preparat\u00f3rio do CEASM participaram da exposi\u00e7\u00e3o Mem\u00f3ria Clim\u00e1tica das Favelas, no Complexo da Mar\u00e9. Foto: B\u00e1rbara Dias<\/figcaption><\/figure>\n<h4 style=\"text-align: right;\"><em><strong><a href=\"https:\/\/bit.ly\/3VRHHPo\" target=\"_blank\" rel=\"noopener\">Click Here for English<img decoding=\"async\" class=\"alignright wp-image-15790 lazyloaded\" src=\"https:\/\/rioonwatch.org.br\/wp-content\/uploads\/2012\/08\/EN-standard-e1439583104716.jpg\" alt=\"\" width=\"20\" height=\"20\" data-src=\"https:\/\/rioonwatch.org.br\/wp-content\/uploads\/2012\/08\/EN-standard-e1439583104716.jpg\" \/><\/a><\/strong><\/em><\/h4>\n<p><em>A exposi\u00e7\u00e3o\u00a0<a href=\"https:\/\/www.favelasustentavel.org\/memoria-climatica\" rel=\"noopener\">Mem\u00f3ria Clim\u00e1tica das Favelas<\/a>, organizada pelos museus e projetos de mem\u00f3ria integrantes da Rede Favela Sustent\u00e1vel (<a href=\"https:\/\/bit.ly\/RFSnoROW\" rel=\"noopener\">RFS<\/a>)*, est\u00e1 em exibi\u00e7\u00e3o neste m\u00eas do meio ambiente, no Centro de Estudos e A\u00e7\u00f5es Solid\u00e1rias da Mar\u00e9 (<a href=\"https:\/\/www.instagram.com\/ceasmoficial\/\" target=\"_blank\" rel=\"noopener\">CEASM<\/a>), no <a href=\"https:\/\/rioonwatch.org.br\/?tag=Complexo-da-Mar\u00e9\" target=\"_blank\" rel=\"noopener\">Complexo da Mar\u00e9<\/a>, <a href=\"https:\/\/rioonwatch.org.br\/?tag=Zona-Norte\" target=\"_blank\" rel=\"noopener\">Zona Norte<\/a> do Rio de Janeiro. O evento de abertura ocorreu no <a href=\"https:\/\/www.unesco.org\/pt\/days\/environment\" target=\"_blank\" rel=\"noopener\">Dia Mundial do Meio Ambiente<\/a>, na presen\u00e7a de coordenadores, estudantes e professores do <a href=\"https:\/\/www.instagram.com\/preparatorioceasm\/\" target=\"_blank\" rel=\"noopener\">Projeto Preparat\u00f3rio do CEASM<\/a>, de jovens bolsistas da <a href=\"https:\/\/www.faperj.br\/\" target=\"_blank\" rel=\"noopener\">FAPERJ<\/a> que realizam projetos no <a href=\"https:\/\/www.instagram.com\/museudamare\/?hl=en\" target=\"_blank\" rel=\"noopener\">Museu da Mar\u00e9<\/a>, al\u00e9m dos jovens e coordenadores do projeto <a href=\"https:\/\/www.instagram.com\/ecoamare\/?__d=11\" target=\"_blank\" rel=\"noopener\">Ecoa Mar\u00e9<\/a>, que, al\u00e9m de prestigiarem a exposi\u00e7\u00e3o, apresentaram o trabalho de educa\u00e7\u00e3o socioambiental que \u00e9 desenvolvido no territ\u00f3rio da Mar\u00e9.<\/em><\/p>\n<p><span style=\"font-weight: 400;\">A <a href=\"https:\/\/rioonwatch.org.br\/?s=%22Exposi%C3%A7%C3%A3o+Mem%C3%B3ria+Clim%C3%A1tica+das+Favelas%22\" target=\"_blank\" rel=\"noopener\">exposi\u00e7\u00e3o<\/a> surgiu como um produto final da realiza\u00e7\u00e3o de cinco <\/span><a href=\"https:\/\/rioonwatch.org.br\/?tag=serie-memoria-climatica-das-favelas\" target=\"_blank\" rel=\"noopener\"><span style=\"font-weight: 400;\">rodas de mem\u00f3ria clim\u00e1tica das favelas<\/span><\/a><span style=\"font-weight: 400;\">, realizadas pelos museus comunit\u00e1rios: <\/span><a href=\"https:\/\/rioonwatch.org.br\/?p=68480\" target=\"_blank\" rel=\"noopener\"><span style=\"font-weight: 400;\">Museu da Mar\u00e9<\/span><\/a><span style=\"font-weight: 400;\"> do <\/span><span style=\"font-weight: 400;\">Complexo da Mar\u00e9<\/span><span style=\"font-weight: 400;\">, <\/span><a href=\"https:\/\/rioonwatch.org.br\/?p=66233\" target=\"_blank\" rel=\"noopener\"><span style=\"font-weight: 400;\">Museu Sankofa<\/span><\/a><span style=\"font-weight: 400;\"> da <\/span><a href=\"https:\/\/rioonwatch.org.br\/?tag=rocinha\" target=\"_blank\" rel=\"noopener\"><span style=\"font-weight: 400;\">Rocinha<\/span><\/a><span style=\"font-weight: 400;\">, N\u00facleo de Orienta\u00e7\u00e3o e Pesquisa Hist\u00f3rica de Santa Cruz (<\/span><a href=\"https:\/\/rioonwatch.org.br\/?p=68201\" target=\"_blank\" rel=\"noopener\"><span style=\"font-weight: 400;\">NOPH<\/span><\/a><span style=\"font-weight: 400;\">) de <\/span><a href=\"https:\/\/rioonwatch.org.br\/?tag=Antares\" target=\"_blank\" rel=\"noopener\"><span style=\"font-weight: 400;\">Antares<\/span><\/a><span style=\"font-weight: 400;\">, Museu de Favela (<\/span><a href=\"https:\/\/rioonwatch.org.br\/?p=68463\" target=\"_blank\" rel=\"noopener\"><span style=\"font-weight: 400;\">MUF<\/span><\/a><span style=\"font-weight: 400;\">) do <a href=\"https:\/\/rioonwatch.org.br\/?p=73650\" target=\"_blank\" rel=\"noopener\">Pav\u00e3o-Pav\u00e3ozinho\/Cantagalo<\/a> e o <\/span><a href=\"https:\/\/rioonwatch.org.br\/?p=66937\" target=\"_blank\" rel=\"noopener\"><span style=\"font-weight: 400;\">N\u00facleo de Mem\u00f3rias<\/span><\/a><span style=\"font-weight: 400;\"> do <\/span><a href=\"https:\/\/rioonwatch.org.br\/?tag=Vidigal\" target=\"_blank\" rel=\"noopener\"><span style=\"font-weight: 400;\">Vidigal<\/span><\/a><span style=\"font-weight: 400;\">, todos integrantes do GT Cultura e Mem\u00f3ria Local da Rede Favela Sustent\u00e1vel.<\/span><\/p>\n<figure id=\"attachment_74008\" aria-describedby=\"caption-attachment-74008\" style=\"width: 2560px\" class=\"wp-caption aligncenter\"><a href=\"https:\/\/rioonwatch.org.br\/wp-content\/uploads\/2024\/06\/Estudantes-do-preparatorio-do-CEASM-jovens-do-Ecoa-Mare-e-do-projeto-do-Museu-da-Mare-participaram-da-abertura-da-Exposicao-Memoria-Climatica-das-Favelas.-Foto-Barbara-Dias-scaled.jpg\"><img decoding=\"async\" class=\"wp-image-74008 size-full\" title=\"Estudantes do preparat\u00f3rio do CEASM, jovens do Ecoa Mar\u00e9 e de projetos do Museu da Mar\u00e9 participaram da abertura da Exposi\u00e7\u00e3o Mem\u00f3ria Clim\u00e1tica das Favelas. Foto: B\u00e1rbara Dias\" src=\"https:\/\/rioonwatch.org.br\/wp-content\/uploads\/2024\/06\/Estudantes-do-preparatorio-do-CEASM-jovens-do-Ecoa-Mare-e-do-projeto-do-Museu-da-Mare-participaram-da-abertura-da-Exposicao-Memoria-Climatica-das-Favelas.-Foto-Barbara-Dias-scaled.jpg\" alt=\"Estudantes do preparat\u00f3rio do CEASM, jovens do Ecoa Mar\u00e9 e de projetos do Museu da Mar\u00e9 participaram da abertura da Exposi\u00e7\u00e3o Mem\u00f3ria Clim\u00e1tica das Favelas. Foto: B\u00e1rbara Dias\" width=\"2560\" height=\"1709\" srcset=\"https:\/\/rioonwatch.org.br\/wp-content\/uploads\/2024\/06\/Estudantes-do-preparatorio-do-CEASM-jovens-do-Ecoa-Mare-e-do-projeto-do-Museu-da-Mare-participaram-da-abertura-da-Exposicao-Memoria-Climatica-das-Favelas.-Foto-Barbara-Dias-scaled.jpg 2560w, https:\/\/rioonwatch.org.br\/wp-content\/uploads\/2024\/06\/Estudantes-do-preparatorio-do-CEASM-jovens-do-Ecoa-Mare-e-do-projeto-do-Museu-da-Mare-participaram-da-abertura-da-Exposicao-Memoria-Climatica-das-Favelas.-Foto-Barbara-Dias-620x414.jpg 620w\" sizes=\"(max-width: 2560px) 100vw, 2560px\" \/><\/a><figcaption id=\"caption-attachment-74008\" class=\"wp-caption-text\">Estudantes do preparat\u00f3rio do CEASM, jovens do Ecoa Mar\u00e9 e de projetos do Museu da Mar\u00e9 participaram da abertura da Exposi\u00e7\u00e3o Mem\u00f3ria Clim\u00e1tica das Favelas. Foto: B\u00e1rbara Dias<\/figcaption><\/figure>\n<p>Antes da inaugura\u00e7\u00e3o oficial da exposi\u00e7\u00e3o, que contou com um momento solene de \u201ccorte de fita\u201d, realizado pela <a href=\"https:\/\/www.instagram.com\/damascena.marli\" target=\"_blank\" rel=\"noopener\">Marli Damascena<\/a>, cerca de 50 estudantes do <a href=\"https:\/\/wikifavelas.com.br\/index.php\/Centro_de_Estudos_e_A%C3%A7%C3%B5es_Solid%C3%A1rias_da_Mar%C3%A9\" target=\"_blank\" rel=\"noopener\">Preparat\u00f3rio do CEASM<\/a> estiveram presentes numa apresenta\u00e7\u00e3o sobre a import\u00e2ncia da exposi\u00e7\u00e3o Mem\u00f3ria Clim\u00e1tica das Favelas ser realizada na Mar\u00e9, contextualizando um trabalho que j\u00e1 havia sido realizado uma semana antes com os jovens, onde eles assistiram <a href=\"https:\/\/www.youtube.com\/watch?v=5jt1ueBDGjs\" target=\"_blank\" rel=\"noopener\">ao v\u00eddeo<\/a> oficial da exposi\u00e7\u00e3o, compartilhando um pouco do processo das rodas de mem\u00f3rias nas cinco favelas participantes e tamb\u00e9m onde os mesmos realizaram debates sobre as <a href=\"https:\/\/rioonwatch.org.br\/?tag=mudancas-climaticas\" target=\"_blank\" rel=\"noopener\">mudan\u00e7as clim\u00e1ticas<\/a>.<\/p>\n<blockquote><p>\u201cN\u00f3s fizemos as nossas rodas sobre mudan\u00e7as clim\u00e1ticas&#8230; [Hoje] vamos fazer aqui uma abertura solene, simb\u00f3lica, e voc\u00eas v\u00e3o ver na exposi\u00e7\u00e3o exatamente tudo o que n\u00f3s conversamos. As rodas de Mem\u00f3rias Clim\u00e1ticas foram feitas em cinco favelas do Rio de Janeiro, na Mar\u00e9, em Antares, na Rocinha, no PPG e no Vidigal. E a\u00ed, voc\u00eas v\u00e3o ver aquela linha do tempo que est\u00e1 ali, cada morador contando a sua hist\u00f3ria.\u201d \u2014 Marli Damascena, co-fundadora do Museu da Mar\u00e9<\/p><\/blockquote>\n<figure id=\"attachment_74010\" aria-describedby=\"caption-attachment-74010\" style=\"width: 2560px\" class=\"wp-caption aligncenter\"><a href=\"https:\/\/rioonwatch.org.br\/wp-content\/uploads\/2024\/06\/Marli-Damascena-realiza-a-abertura-solene-da-Exposicao-Memoria-Climatica-das-Favelas-no-CEASM-na-Mare.-Foto-Barbara-Dias-scaled.jpg\"><img loading=\"lazy\" decoding=\"async\" class=\"wp-image-74010 size-full\" title=\"Marli Damascena realiza a abertura solene da Exposi\u00e7\u00e3o Mem\u00f3ria Clim\u00e1tica das Favelas no CEASM, no Complexo da Mar\u00e9. Foto: B\u00e1rbara Dias\" src=\"https:\/\/rioonwatch.org.br\/wp-content\/uploads\/2024\/06\/Marli-Damascena-realiza-a-abertura-solene-da-Exposicao-Memoria-Climatica-das-Favelas-no-CEASM-na-Mare.-Foto-Barbara-Dias-scaled.jpg\" alt=\"Marli Damascena realiza a abertura solene da Exposi\u00e7\u00e3o Mem\u00f3ria Clim\u00e1tica das Favelas no CEASM, no Complexo da Mar\u00e9. Foto: B\u00e1rbara Dias\" width=\"2560\" height=\"1709\" srcset=\"https:\/\/rioonwatch.org.br\/wp-content\/uploads\/2024\/06\/Marli-Damascena-realiza-a-abertura-solene-da-Exposicao-Memoria-Climatica-das-Favelas-no-CEASM-na-Mare.-Foto-Barbara-Dias-scaled.jpg 2560w, https:\/\/rioonwatch.org.br\/wp-content\/uploads\/2024\/06\/Marli-Damascena-realiza-a-abertura-solene-da-Exposicao-Memoria-Climatica-das-Favelas-no-CEASM-na-Mare.-Foto-Barbara-Dias-620x414.jpg 620w\" sizes=\"(max-width: 2560px) 100vw, 2560px\" \/><\/a><figcaption id=\"caption-attachment-74010\" class=\"wp-caption-text\">Marli Damascena realiza a abertura solene da exposi\u00e7\u00e3o Mem\u00f3ria Clim\u00e1tica das Favelas no CEASM, no Complexo da Mar\u00e9. Foto: B\u00e1rbara Dias<\/figcaption><\/figure>\n<p><span style=\"font-weight: 400;\">Marli Damascena ent\u00e3o realizou a abertura solene da exposi\u00e7\u00e3o Mem\u00f3ria Clim\u00e1tica das Favelas no CEASM, mostrando o<\/span><span style=\"font-weight: 400;\">s <a href=\"https:\/\/rioonwatch.org.br\/?s=%22Exposi%C3%A7%C3%A3o+Mem%C3%B3ria+Clim%C3%A1tica+das+Favelas%22\" target=\"_blank\" rel=\"noopener\"><em>banners<\/em> e linha do tempo da exposi\u00e7\u00e3o que possibilitam a visualiza\u00e7\u00e3o<\/a> de hist\u00f3rias, solu\u00e7\u00f5es e eventos clim\u00e1ticos marcantes para as cinco favelas participantes.\u00a0<\/span><\/p>\n<p>Durante o evento, conversamos com a coordenadora pedag\u00f3gica do preparat\u00f3rio do CEASM sobre a import\u00e2ncia dos estudantes estarem vivenciando a exposi\u00e7\u00e3o Mem\u00f3ria Clim\u00e1tica das Favelas. Ela nos disse que os alunos passam por uma forma\u00e7\u00e3o com debates sobre mudan\u00e7as clim\u00e1ticas durante as aulas.<\/p>\n<blockquote><p>\u201cA gente j\u00e1 vem debatendo sobre a quest\u00e3o das mudan\u00e7as clim\u00e1ticas&#8230; a\u00e7\u00f5es que aconteceram no Museu da Mar\u00e9&#8230; Os professores j\u00e1 v\u00eam trabalhando em cima das mudan\u00e7as clim\u00e1ticas, do que vem acontecendo, das trag\u00e9dias e do que pode vir. Ent\u00e3o, a gente entendeu que \u00e9 muito importante que eles [os estudantes do preparat\u00f3rio] tivessem essa retrospectiva&#8230; do quanto a gente vem sofrendo com essas a\u00e7\u00f5es, que n\u00e3o \u00e9 de agora, n\u00e3o \u00e9 um fato isolado, isso j\u00e1 vem de muito tempo. Ent\u00e3o, a quest\u00e3o dos <a href=\"https:\/\/rioonwatch.org.br\/?tag=serie-taticas-de-mitigacao-de-deslizamentos\" target=\"_blank\" rel=\"noopener\">deslizamentos<\/a>, enfim, v\u00e1rias coisas que tem dentro da exposi\u00e7\u00e3o, a gente traz isso enquanto um assunto de sala de aula. Acho que foi perfeita essa jun\u00e7\u00e3o. Vai ser muito bom essa exposi\u00e7\u00e3o estar aqui.\u201d \u2014 Thais Felicidade, coordenadora pedag\u00f3gica do preparat\u00f3rio do CEASM<\/p><\/blockquote>\n<p><a href=\"https:\/\/www.instagram.com\/cidarodrigues.59\" target=\"_blank\" rel=\"noopener\">Cida Rodrigues<\/a>, uma das conselheiras do Ecoa Mar\u00e9 e do CEASM, apresentou o projeto Ecoa Mar\u00e9 e fez uma contextualiza\u00e7\u00e3o sobre como \u00e9 o trabalhada a tem\u00e1tica socioambiental, no territ\u00f3rio.<\/p>\n<blockquote><p>\u201cO projeto da Ecoa funciona de segunda a sexta, de nove \u00e0 meio-dia, eles tamb\u00e9m fazem forma\u00e7\u00e3o aqui no espa\u00e7o, desenvolvem oficinas nos espa\u00e7os p\u00fablicos, nas escolas p\u00fablicas, trabalhando a quest\u00e3o socioambiental.\u201d \u2014 Cida Rodrigues<\/p><\/blockquote>\n<p>Fernanda Souza, jovem do projeto Ecoa Mar\u00e9, apresentou a linha de trabalho que ela e os demais jovens desenvolvem.<\/p>\n<blockquote><p>\u201cO Ecoa \u00e9 voltado para a educa\u00e7\u00e3o socioambiental, a gente tem forma\u00e7\u00f5es para levar um pouco do nosso conhecimento, do que vem acontecendo no mundo e no meio ambiente para as pessoas de uma forma l\u00fadica. Esse ano, nosso foco s\u00e3o as escolas, mas a gente n\u00e3o se prende a isso, a gente participa de outras institui\u00e7\u00f5es&#8230; [Partindo] da metodologia de sensibiliza\u00e7\u00e3o e mobiliza\u00e7\u00e3o.\u201d \u2014 Fernanda Souza<\/p><\/blockquote>\n<figure id=\"attachment_74015\" aria-describedby=\"caption-attachment-74015\" style=\"width: 2560px\" class=\"wp-caption aligncenter\"><a href=\"https:\/\/rioonwatch.org.br\/wp-content\/uploads\/2024\/06\/Jovens-do-projeto-Ecoa-Mare-apresentam-um-pouco-do-trabalho-de-educacao-socioambiental-que-realizam-na-Mare-durante-a-abertura-da-Exposicao-Memoria-Climatica-das-Favelas.-Foto-Barbara-Dias-scaled.jpg\"><img loading=\"lazy\" decoding=\"async\" class=\"wp-image-74015 size-full\" title=\"Jovens do projeto Ecoa Mar\u00e9 apresentam um pouco do trabalho de educa\u00e7\u00e3o socioambiental que realizam na Mar\u00e9,durante a abertura da Exposi\u00e7\u00e3o Mem\u00f3ria Clim\u00e1tica das Favelas. Foto: B\u00e1rbara Dias\" src=\"https:\/\/rioonwatch.org.br\/wp-content\/uploads\/2024\/06\/Jovens-do-projeto-Ecoa-Mare-apresentam-um-pouco-do-trabalho-de-educacao-socioambiental-que-realizam-na-Mare-durante-a-abertura-da-Exposicao-Memoria-Climatica-das-Favelas.-Foto-Barbara-Dias-scaled.jpg\" alt=\"Jovens do projeto Ecoa Mar\u00e9 apresentam um pouco do trabalho de educa\u00e7\u00e3o socioambiental que realizam na Mar\u00e9 durante a abertura da Exposi\u00e7\u00e3o Mem\u00f3ria Clim\u00e1tica das Favelas. Foto: B\u00e1rbara Dias\" width=\"2560\" height=\"1709\" srcset=\"https:\/\/rioonwatch.org.br\/wp-content\/uploads\/2024\/06\/Jovens-do-projeto-Ecoa-Mare-apresentam-um-pouco-do-trabalho-de-educacao-socioambiental-que-realizam-na-Mare-durante-a-abertura-da-Exposicao-Memoria-Climatica-das-Favelas.-Foto-Barbara-Dias-scaled.jpg 2560w, https:\/\/rioonwatch.org.br\/wp-content\/uploads\/2024\/06\/Jovens-do-projeto-Ecoa-Mare-apresentam-um-pouco-do-trabalho-de-educacao-socioambiental-que-realizam-na-Mare-durante-a-abertura-da-Exposicao-Memoria-Climatica-das-Favelas.-Foto-Barbara-Dias-620x414.jpg 620w\" sizes=\"(max-width: 2560px) 100vw, 2560px\" \/><\/a><figcaption id=\"caption-attachment-74015\" class=\"wp-caption-text\">Jovens do projeto Ecoa Mar\u00e9 apresentam um pouco do trabalho de educa\u00e7\u00e3o socioambiental que realizam na Mar\u00e9 durante a abertura da exposi\u00e7\u00e3o Mem\u00f3ria Clim\u00e1tica das Favelas. Foto: B\u00e1rbara Dias<\/figcaption><\/figure>\n<p><span style=\"font-weight: 400;\">Os jovens do Ecoa Mar\u00e9 montaram uma linha do tempo com fotos das a\u00e7\u00f5es e forma\u00e7\u00f5es que realizam na Mar\u00e9. Falaram tamb\u00e9m do projeto <\/span><span style=\"font-weight: 400;\">VIC<\/span><span style=\"font-weight: 400;\">, sigla para &#8220;<\/span><span style=\"font-weight: 400;\">Voz, Interpreta\u00e7\u00e3o e Corpo&#8221;<\/span><span style=\"font-weight: 400;\">, onde eles realizam esquetes para as crian\u00e7as que passam pelo projeto. Al\u00e9m de todas essas atividades, o Ecoa Mar\u00e9 tamb\u00e9m trabalha realizando o reaproveitamento de materiais na constru\u00e7\u00e3o de brinquedos e jogos.\u00a0<\/span><\/p>\n<figure id=\"attachment_74017\" aria-describedby=\"caption-attachment-74017\" style=\"width: 2560px\" class=\"wp-caption aligncenter\"><a href=\"https:\/\/rioonwatch.org.br\/wp-content\/uploads\/2024\/06\/Estudantes-do-preparatorio-do-CEASM-seguram-um-brinquedo-feito-de-materiais-reaproveitados-scaled.jpg\"><img loading=\"lazy\" decoding=\"async\" class=\"wp-image-74017 size-full\" title=\"Estudantes do preparat\u00f3rio do CEASM seguram um brinquedo feito de materiais reaproveitados, desenvolvido pelos jovens do projeto Ecoa Mar\u00e9 durante a abertura da Exposi\u00e7\u00e3o Mem\u00f3ria Clim\u00e1tica das Favelas. na Mar\u00e9. Foto: B\u00e1rbara Dias\" src=\"https:\/\/rioonwatch.org.br\/wp-content\/uploads\/2024\/06\/Estudantes-do-preparatorio-do-CEASM-seguram-um-brinquedo-feito-de-materiais-reaproveitados-scaled.jpg\" alt=\"Estudantes do preparat\u00f3rio do CEASM seguram um brinquedo feito de materiais reaproveitados, desenvolvido pelos jovens do projeto Ecoa Mar\u00e9 durante a abertura da Exposi\u00e7\u00e3o Mem\u00f3ria Clim\u00e1tica das Favelas. na Mar\u00e9. Foto: B\u00e1rbara Dias\" width=\"2560\" height=\"1709\" srcset=\"https:\/\/rioonwatch.org.br\/wp-content\/uploads\/2024\/06\/Estudantes-do-preparatorio-do-CEASM-seguram-um-brinquedo-feito-de-materiais-reaproveitados-scaled.jpg 2560w, https:\/\/rioonwatch.org.br\/wp-content\/uploads\/2024\/06\/Estudantes-do-preparatorio-do-CEASM-seguram-um-brinquedo-feito-de-materiais-reaproveitados-620x414.jpg 620w\" sizes=\"(max-width: 2560px) 100vw, 2560px\" \/><\/a><figcaption id=\"caption-attachment-74017\" class=\"wp-caption-text\">Estudantes do preparat\u00f3rio do CEASM seguram um brinquedo feito de materiais reaproveitados, desenvolvido pelos jovens do projeto Ecoa Mar\u00e9 durante a abertura da exposi\u00e7\u00e3o Mem\u00f3ria Clim\u00e1tica das Favelas. na Mar\u00e9. Foto: B\u00e1rbara Dias<\/figcaption><\/figure>\n<p>Entrevistado, <a href=\"https:\/\/www.instagram.com\/gpaivacarvalho\" target=\"_blank\" rel=\"noopener\">Guilherme Paiva<\/a>, coordenador do Ecoa Mar\u00e9, falou sobre a import\u00e2ncia da exposi\u00e7\u00e3o de Mem\u00f3rias Clim\u00e1ticas chegar ao territ\u00f3rio.<\/p>\n<blockquote><p>\u201cEssa exposi\u00e7\u00e3o \u00e9 extremamente importante para os moradores da nossa regi\u00e3o, porque as nossas mem\u00f3rias geralmente s\u00e3o muito esquecidas, n\u00e3o s\u00e3o muito faladas. Nossas mem\u00f3rias n\u00e3o est\u00e3o sendo veiculadas por grandes m\u00eddias de comunica\u00e7\u00e3o. Ent\u00e3o, quando parte da pr\u00f3pria favela falar sobre essas mem\u00f3rias, sobre as suas pr\u00f3prias viv\u00eancias, isso \u00e9 de import\u00e2ncia muito grande para o reconhecimento, para a nossa identidade, nosso pertencimento ao local onde a gente vive.<\/p>\n<p>O Ecoa Mar\u00e9 tem o prop\u00f3sito de sensibilizar e mobilizar os moradores da nossa regi\u00e3o sobre as quest\u00f5es socioambientais que a Mar\u00e9 vive. Quando a gente trabalha com mem\u00f3ria, a gente entende que esse local tem hist\u00f3ria, esse local tem o que falar sobre o meio ambiente, o que falar sobre essas mudan\u00e7as clim\u00e1ticas. As mudan\u00e7as clim\u00e1ticas, hoje, est\u00e3o saindo na m\u00eddia, mas n\u00e3o se fala dessas mudan\u00e7as clim\u00e1ticas dentro da favela. Quem \u00e9 que vai ser prejudicado? Quem \u00e9 que est\u00e1 na ponta que vai ser sempre prejudicado pelas mudan\u00e7as clim\u00e1ticas? S\u00e3o as pessoas mais pobres, s\u00e3o as pessoas negras que moram nessas periferias.\u201d \u2013 Guilherme Paiva, coordenador do Ecoa Mar\u00e9<\/p><\/blockquote>\n<figure id=\"attachment_74019\" aria-describedby=\"caption-attachment-74019\" style=\"width: 2048px\" class=\"wp-caption aligncenter\"><a href=\"https:\/\/rioonwatch.org.br\/wp-content\/uploads\/2024\/06\/Jovens-que-participaram-da-abertura-da-Exposicao-Memoria-Climatica-das-Favelas-colocam-suas-sugestoes-de-melhorias-no-mapa-da-Rede-Favela-Sustentavel.-Foto-Barbara-Dias.jpg\"><img loading=\"lazy\" decoding=\"async\" class=\"wp-image-74019 size-full\" title=\"Jovens que participaram da abertura da Exposi\u00e7\u00e3o Mem\u00f3ria Clim\u00e1tica das Favelas colocam suas sugest\u00f5es de melhorias no mapa da Rede Favela Sustent\u00e1vel. Foto: B\u00e1rbara Dias\" src=\"https:\/\/rioonwatch.org.br\/wp-content\/uploads\/2024\/06\/Jovens-que-participaram-da-abertura-da-Exposicao-Memoria-Climatica-das-Favelas-colocam-suas-sugestoes-de-melhorias-no-mapa-da-Rede-Favela-Sustentavel.-Foto-Barbara-Dias.jpg\" alt=\"Jovens que participaram da abertura da Exposi\u00e7\u00e3o Mem\u00f3ria Clim\u00e1tica das Favelas colocam suas sugest\u00f5es de melhorias no mapa da Rede Favela Sustent\u00e1vel. Foto: B\u00e1rbara Dias\" width=\"2048\" height=\"1367\" srcset=\"https:\/\/rioonwatch.org.br\/wp-content\/uploads\/2024\/06\/Jovens-que-participaram-da-abertura-da-Exposicao-Memoria-Climatica-das-Favelas-colocam-suas-sugestoes-de-melhorias-no-mapa-da-Rede-Favela-Sustentavel.-Foto-Barbara-Dias.jpg 2048w, https:\/\/rioonwatch.org.br\/wp-content\/uploads\/2024\/06\/Jovens-que-participaram-da-abertura-da-Exposicao-Memoria-Climatica-das-Favelas-colocam-suas-sugestoes-de-melhorias-no-mapa-da-Rede-Favela-Sustentavel.-Foto-Barbara-Dias-620x414.jpg 620w\" sizes=\"(max-width: 2048px) 100vw, 2048px\" \/><\/a><figcaption id=\"caption-attachment-74019\" class=\"wp-caption-text\">Jovens que participaram da abertura da exposi\u00e7\u00e3o Mem\u00f3ria Clim\u00e1tica das Favelas colocam suas sugest\u00f5es de melhorias no mapa do Rio de Janeiro, artesanal e interativo, da exposi\u00e7\u00e3o, feito pela pr\u00f3pria Marli Damascena. Foto: B\u00e1rbara Dias<\/figcaption><\/figure>\n<p>No final da atividade, os jovens do Preparat\u00f3rio do CEASM e do Ecoa Mar\u00e9 interagiram com o mapa artesanal do Rio de Janeiro, produzido para a exposi\u00e7\u00e3o pela Marli Damascena. Ali, colaram <em>post-its<\/em>, indicando melhorias que esperam para seu territ\u00f3rio. As atividades do Dia Mundial do Meio Ambiente se encerraram com os estudantes sendo apresentados a brinquedos e jogos feitos com materiais reaproveitados pelos jovens do Ecoa Mar\u00e9, que, al\u00e9m de demonstrarem suas produ\u00e7\u00f5es, explicaram a diferen\u00e7a entre reciclagem e reaproveitamento.<\/p>\n<h3>N\u00e3o perca o \u00e1lbum por B\u00e1rbara Dias <a href=\"https:\/\/flic.kr\/s\/aHBqjBu4ts\" target=\"_blank\" rel=\"noopener\">no Flickr<\/a>:<\/h3>\n<p><a title=\"Exposi\u00e7\u00e3o de Mem\u00f3ria Clim\u00e1tica das Favelas no CEASM, Mar\u00e9, 05 de junho de 2024\" href=\"https:\/\/www.flickr.com\/photos\/catcomm\/albums\/72177720317702388\" data-flickr-embed=\"true\"><img loading=\"lazy\" decoding=\"async\" src=\"https:\/\/live.staticflickr.com\/65535\/53775997914_2c15e0522a_h.jpg\" alt=\"Exposi\u00e7\u00e3o de Mem\u00f3ria Clim\u00e1tica das Favelas no CEASM, Mar\u00e9, 05 de junho de 2024\" width=\"1600\" height=\"1200\" \/><\/a><script async src=\"\/\/embedr.flickr.com\/assets\/client-code.js\" charset=\"utf-8\"><\/script><\/p>\n<p><span style=\"font-weight: 400;\">*A Rede Favela Sustent\u00e1vel (RFS) e o <em>RioOnWatch<\/em> s\u00e3o articulados pela Comunidades Catalisadoras (ComCat)<\/span><\/p>\n<p><em>Sobre a autora e fot\u00f3grafa:\u00a0<a href=\"https:\/\/bit.ly\/3Gc3OJU\" target=\"_blank\" rel=\"noopener\">B\u00e1rbara Dias<\/a>, cria de Bangu, possui licenciatura em Ci\u00eancias Biol\u00f3gicas, mestrado em Educa\u00e7\u00e3o Ambiental e atua como professora da rede p\u00fablica desde 2006. \u00c9 fotojornalista e trabalha tamb\u00e9m com fotografia documental. \u00c9 comunicadora popular formada pelo N\u00facleo Piratininga de Comunica\u00e7\u00e3o (<a href=\"https:\/\/bit.ly\/3i2GcdN\" target=\"_blank\" rel=\"noopener\">NPC<\/a>) e co-fundadora do\u00a0<a href=\"https:\/\/bit.ly\/3vfY8bj\" target=\"_blank\" rel=\"noopener\">Coletivo Fotoguerrilha<\/a>.<\/em><\/p>\n<hr \/>\n<h4><b data-stringify-type=\"bold\">Apoie nossos esfor\u00e7os para fornecer apoio estrat\u00e9gico \u00e0s favelas do Rio, incluindo o jornalismo hiperlocal, cr\u00edtico, inovador e incans\u00e1vel do\u00a0<\/b><b data-stringify-type=\"bold\"><i data-stringify-type=\"italic\">RioOnWatch<\/i><\/b>\u2014<a class=\"c-link\" href=\"http:\/\/www.bit.ly\/ApoieROW\" target=\"_blank\" rel=\"noopener noreferrer\" data-stringify-link=\"http:\/\/www.bit.ly\/ApoieROW\" data-sk=\"tooltip_parent\">doe aqui<\/a>.<\/h4>\n<!-- AddThis Advanced Settings generic via filter on the_content --><!-- AddThis Share Buttons generic via filter on the_content -->","protected":false},"excerpt":{"rendered":"<div class=\"mh-excerpt\"><p>Click Here for English A exposi\u00e7\u00e3o\u00a0Mem\u00f3ria Clim\u00e1tica das Favelas, organizada pelos museus e projetos de mem\u00f3ria integrantes da Rede Favela Sustent\u00e1vel (RFS)*, est\u00e1 em exibi\u00e7\u00e3o neste m\u00eas do meio ambiente, no Centro de Estudos e <a class=\"mh-excerpt-more\" href=\"https:\/\/rioonwatch.org.br\/?p=73993\" title=\"No CEASM, no Complexo da Mar\u00e9, Exposi\u00e7\u00e3o \u2018Mem\u00f3ria Clim\u00e1tica das Favelas\u2019 Dialoga com Jovens do Ecoa Mar\u00e9 e Preparat\u00f3rio da Institui\u00e7\u00e3o\">[&#8230;]<\/a><!-- AddThis Advanced Settings generic via filter on get_the_excerpt --><!-- AddThis Share Buttons generic via filter on get_the_excerpt --><\/p>\n<\/div>","protected":false},"author":179,"featured_media":74004,"comment_status":"closed","ping_status":"closed","sticky":false,"template":"template-full.php","format":"standard","meta":{"_acf_changed":false,"_monsterinsights_skip_tracking":false,"_monsterinsights_sitenote_active":false,"_monsterinsights_sitenote_note":"","_monsterinsights_sitenote_category":0,"footnotes":""},"categories":[1627,342,1639],"tags":[2357,332,316,363,965,922,1146,3112,113,469,1719,104,2139,361,2901,3334,476,218],"writer":[3244],"translator":[],"source":[],"ilustrador":[],"fotografo":[3184],"class_list":{"0":"post-73993","1":"post","2":"type-post","3":"status-publish","4":"format-standard","5":"has-post-thumbnail","7":"category-relato-de-evento","8":"category-solucoes","9":"category-sustentabilidade","10":"tag-ceasm","11":"tag-complexo-da-mare","12":"tag-educacao","13":"tag-educacao-ambiental","14":"tag-enchente","15":"tag-evento","16":"tag-exposicao","17":"tag-justica-climatica","18":"tag-juventude","19":"tag-memoria","20":"tag-mudancas-climaticas","21":"tag-pvnc","22":"tag-justica-ambiental","23":"tag-reciclagem","24":"tag-rfs","25":"tag-serie-memoria-climatica-das-favelas","26":"tag-solucao-comunitaria","27":"tag-zona-norte","28":"writer-barbara-dias","29":"fotografo-barbara-dias"},"acf":[],"yoast_head":"<!-- This site is optimized with the Yoast SEO plugin v25.6 - https:\/\/yoast.com\/wordpress\/plugins\/seo\/ -->\n<title>No CEASM, no Complexo da Mar\u00e9, Exposi\u00e7\u00e3o \u2018Mem\u00f3ria Clim\u00e1tica das Favelas\u2019 Dialoga com Jovens do Ecoa Mar\u00e9 e Preparat\u00f3rio da Institui\u00e7\u00e3o - RioOnWatch<\/title>\n<meta name=\"robots\" content=\"index, follow, max-snippet:-1, max-image-preview:large, max-video-preview:-1\" \/>\n<link rel=\"canonical\" href=\"https:\/\/rioonwatch.org.br\/?p=73993\" \/>\n<meta property=\"og:locale\" content=\"pt_BR\" \/>\n<meta property=\"og:type\" content=\"article\" \/>\n<meta property=\"og:title\" content=\"No CEASM, no Complexo da Mar\u00e9, Exposi\u00e7\u00e3o \u2018Mem\u00f3ria Clim\u00e1tica das Favelas\u2019 Dialoga com Jovens do Ecoa Mar\u00e9 e Preparat\u00f3rio da Institui\u00e7\u00e3o - RioOnWatch\" \/>\n<meta property=\"og:description\" content=\"Click Here for English A exposi\u00e7\u00e3o\u00a0Mem\u00f3ria Clim\u00e1tica das Favelas, organizada pelos museus e projetos de mem\u00f3ria integrantes da Rede Favela Sustent\u00e1vel (RFS)*, est\u00e1 em exibi\u00e7\u00e3o neste m\u00eas do meio ambiente, no Centro de Estudos e [...]\" \/>\n<meta property=\"og:url\" content=\"https:\/\/rioonwatch.org.br\/?p=73993\" \/>\n<meta property=\"og:site_name\" content=\"RioOnWatch\" \/>\n<meta property=\"article:published_time\" content=\"2024-06-21T12:45:21+00:00\" \/>\n<meta property=\"article:modified_time\" content=\"2025-09-15T13:20:43+00:00\" \/>\n<meta property=\"og:image\" content=\"https:\/\/rioonwatch.org.br\/wp-content\/uploads\/2024\/06\/Estudantes-do-preparatorio-do-CEASM-participaram-da-abertura-da-Exposicao-Memoria-Climatica-das-Favelas-na-Mare-Foto-Barbara-Dias-scaled.jpg\" \/>\n\t<meta property=\"og:image:width\" content=\"2560\" \/>\n\t<meta property=\"og:image:height\" content=\"1709\" \/>\n\t<meta property=\"og:image:type\" content=\"image\/jpeg\" \/>\n<meta name=\"author\" content=\"Janaina Tavares\" \/>\n<meta name=\"twitter:card\" content=\"summary_large_image\" \/>\n<meta name=\"twitter:label1\" content=\"Escrito por\" \/>\n\t<meta name=\"twitter:data1\" content=\"Janaina Tavares\" \/>\n\t<meta name=\"twitter:label2\" content=\"Est. tempo de leitura\" \/>\n\t<meta name=\"twitter:data2\" content=\"7 minutos\" \/>\n<script type=\"application\/ld+json\" class=\"yoast-schema-graph\">{\"@context\":\"https:\/\/schema.org\",\"@graph\":[{\"@type\":\"Article\",\"@id\":\"https:\/\/rioonwatch.org.br\/?p=73993#article\",\"isPartOf\":{\"@id\":\"https:\/\/rioonwatch.org.br\/?p=73993\"},\"author\":{\"name\":\"Janaina Tavares\",\"@id\":\"https:\/\/rioonwatch.org.br\/#\/schema\/person\/feb227e5e7679aacc3d672e375cae1bd\"},\"headline\":\"No CEASM, no Complexo da Mar\u00e9, Exposi\u00e7\u00e3o \u2018Mem\u00f3ria Clim\u00e1tica das Favelas\u2019 Dialoga com Jovens do Ecoa Mar\u00e9 e Preparat\u00f3rio da Institui\u00e7\u00e3o\",\"datePublished\":\"2024-06-21T12:45:21+00:00\",\"dateModified\":\"2025-09-15T13:20:43+00:00\",\"mainEntityOfPage\":{\"@id\":\"https:\/\/rioonwatch.org.br\/?p=73993\"},\"wordCount\":1588,\"publisher\":{\"@id\":\"https:\/\/rioonwatch.org.br\/#organization\"},\"image\":{\"@id\":\"https:\/\/rioonwatch.org.br\/?p=73993#primaryimage\"},\"thumbnailUrl\":\"https:\/\/rioonwatch.org.br\/wp-content\/uploads\/2024\/06\/Estudantes-do-preparatorio-do-CEASM-participaram-da-abertura-da-Exposicao-Memoria-Climatica-das-Favelas-na-Mare-Foto-Barbara-Dias-scaled.jpg\",\"keywords\":[\"CEASM\",\"Complexo da Mar\u00e9\",\"educa\u00e7\u00e3o\",\"educa\u00e7\u00e3o ambiental\",\"enchente\",\"evento\",\"exposi\u00e7\u00e3o\",\"Justi\u00e7a Clim\u00e1tica\",\"juventude\",\"Mem\u00f3rias Faveladas\",\"mudan\u00e7as clim\u00e1ticas\",\"Pr\u00e9-Vestibular\",\"Racismo ambiental\",\"reciclagem\",\"Rede Favela Sustent\u00e1vel\",\"S\u00e9rie: Mem\u00f3ria Clim\u00e1tica das Favelas\",\"solu\u00e7\u00e3o comunit\u00e1ria\",\"Zona Norte\"],\"articleSection\":[\"Cobertura de Eventos\",\"Solu\u00e7\u00f5es\",\"Sustentabilidade\"],\"inLanguage\":\"pt-BR\"},{\"@type\":\"WebPage\",\"@id\":\"https:\/\/rioonwatch.org.br\/?p=73993\",\"url\":\"https:\/\/rioonwatch.org.br\/?p=73993\",\"name\":\"No CEASM, no Complexo da Mar\u00e9, Exposi\u00e7\u00e3o \u2018Mem\u00f3ria Clim\u00e1tica das Favelas\u2019 Dialoga com Jovens do Ecoa Mar\u00e9 e Preparat\u00f3rio da Institui\u00e7\u00e3o - RioOnWatch\",\"isPartOf\":{\"@id\":\"https:\/\/rioonwatch.org.br\/#website\"},\"primaryImageOfPage\":{\"@id\":\"https:\/\/rioonwatch.org.br\/?p=73993#primaryimage\"},\"image\":{\"@id\":\"https:\/\/rioonwatch.org.br\/?p=73993#primaryimage\"},\"thumbnailUrl\":\"https:\/\/rioonwatch.org.br\/wp-content\/uploads\/2024\/06\/Estudantes-do-preparatorio-do-CEASM-participaram-da-abertura-da-Exposicao-Memoria-Climatica-das-Favelas-na-Mare-Foto-Barbara-Dias-scaled.jpg\",\"datePublished\":\"2024-06-21T12:45:21+00:00\",\"dateModified\":\"2025-09-15T13:20:43+00:00\",\"breadcrumb\":{\"@id\":\"https:\/\/rioonwatch.org.br\/?p=73993#breadcrumb\"},\"inLanguage\":\"pt-BR\",\"potentialAction\":[{\"@type\":\"ReadAction\",\"target\":[\"https:\/\/rioonwatch.org.br\/?p=73993\"]}]},{\"@type\":\"ImageObject\",\"inLanguage\":\"pt-BR\",\"@id\":\"https:\/\/rioonwatch.org.br\/?p=73993#primaryimage\",\"url\":\"https:\/\/rioonwatch.org.br\/wp-content\/uploads\/2024\/06\/Estudantes-do-preparatorio-do-CEASM-participaram-da-abertura-da-Exposicao-Memoria-Climatica-das-Favelas-na-Mare-Foto-Barbara-Dias-scaled.jpg\",\"contentUrl\":\"https:\/\/rioonwatch.org.br\/wp-content\/uploads\/2024\/06\/Estudantes-do-preparatorio-do-CEASM-participaram-da-abertura-da-Exposicao-Memoria-Climatica-das-Favelas-na-Mare-Foto-Barbara-Dias-scaled.jpg\",\"width\":2560,\"height\":1709,\"caption\":\"Estudantes do preparat\u00f3rio do CEASM participaram da abertura da Exposi\u00e7\u00e3o Mem\u00f3ria Clim\u00e1tica das Favelas, na Mar\u00e9, Foto: B\u00e1rbara Dias\"},{\"@type\":\"BreadcrumbList\",\"@id\":\"https:\/\/rioonwatch.org.br\/?p=73993#breadcrumb\",\"itemListElement\":[{\"@type\":\"ListItem\",\"position\":1,\"name\":\"In\u00edcio\",\"item\":\"https:\/\/rioonwatch.org.br\/\"},{\"@type\":\"ListItem\",\"position\":2,\"name\":\"No CEASM, no Complexo da Mar\u00e9, Exposi\u00e7\u00e3o \u2018Mem\u00f3ria Clim\u00e1tica das Favelas\u2019 Dialoga com Jovens do Ecoa Mar\u00e9 e Preparat\u00f3rio da Institui\u00e7\u00e3o\"}]},{\"@type\":\"WebSite\",\"@id\":\"https:\/\/rioonwatch.org.br\/#website\",\"url\":\"https:\/\/rioonwatch.org.br\/\",\"name\":\"RioOnWatch\",\"description\":\"relatos das favelas cariocas\",\"publisher\":{\"@id\":\"https:\/\/rioonwatch.org.br\/#organization\"},\"potentialAction\":[{\"@type\":\"SearchAction\",\"target\":{\"@type\":\"EntryPoint\",\"urlTemplate\":\"https:\/\/rioonwatch.org.br\/?s={search_term_string}\"},\"query-input\":{\"@type\":\"PropertyValueSpecification\",\"valueRequired\":true,\"valueName\":\"search_term_string\"}}],\"inLanguage\":\"pt-BR\"},{\"@type\":\"Organization\",\"@id\":\"https:\/\/rioonwatch.org.br\/#organization\",\"name\":\"RioOnWatch\",\"url\":\"https:\/\/rioonwatch.org.br\/\",\"logo\":{\"@type\":\"ImageObject\",\"inLanguage\":\"pt-BR\",\"@id\":\"https:\/\/rioonwatch.org.br\/#\/schema\/logo\/image\/\",\"url\":\"https:\/\/rioonwatch.org.br\/wp-content\/uploads\/2021\/06\/RioOnWatchcabecalhoPT11anos-2.png\",\"contentUrl\":\"https:\/\/rioonwatch.org.br\/wp-content\/uploads\/2021\/06\/RioOnWatchcabecalhoPT11anos-2.png\",\"width\":779,\"height\":277,\"caption\":\"RioOnWatch\"},\"image\":{\"@id\":\"https:\/\/rioonwatch.org.br\/#\/schema\/logo\/image\/\"}},{\"@type\":\"Person\",\"@id\":\"https:\/\/rioonwatch.org.br\/#\/schema\/person\/feb227e5e7679aacc3d672e375cae1bd\",\"name\":\"Janaina Tavares\",\"image\":{\"@type\":\"ImageObject\",\"inLanguage\":\"pt-BR\",\"@id\":\"https:\/\/rioonwatch.org.br\/#\/schema\/person\/image\/\",\"url\":\"https:\/\/secure.gravatar.com\/avatar\/83bb5bb4f8b0c5ad63f35939640eaaa2?s=96&d=blank&r=g\",\"contentUrl\":\"https:\/\/secure.gravatar.com\/avatar\/83bb5bb4f8b0c5ad63f35939640eaaa2?s=96&d=blank&r=g\",\"caption\":\"Janaina Tavares\"},\"url\":\"https:\/\/rioonwatch.org.br\/?author=179\"}]}<\/script>\n<!-- \/ Yoast SEO plugin. -->","yoast_head_json":{"title":"No CEASM, no Complexo da Mar\u00e9, Exposi\u00e7\u00e3o \u2018Mem\u00f3ria Clim\u00e1tica das Favelas\u2019 Dialoga com Jovens do Ecoa Mar\u00e9 e Preparat\u00f3rio da Institui\u00e7\u00e3o - RioOnWatch","robots":{"index":"index","follow":"follow","max-snippet":"max-snippet:-1","max-image-preview":"max-image-preview:large","max-video-preview":"max-video-preview:-1"},"canonical":"https:\/\/rioonwatch.org.br\/?p=73993","og_locale":"pt_BR","og_type":"article","og_title":"No CEASM, no Complexo da Mar\u00e9, Exposi\u00e7\u00e3o \u2018Mem\u00f3ria Clim\u00e1tica das Favelas\u2019 Dialoga com Jovens do Ecoa Mar\u00e9 e Preparat\u00f3rio da Institui\u00e7\u00e3o - RioOnWatch","og_description":"Click Here for English A exposi\u00e7\u00e3o\u00a0Mem\u00f3ria Clim\u00e1tica das Favelas, organizada pelos museus e projetos de mem\u00f3ria integrantes da Rede Favela Sustent\u00e1vel (RFS)*, est\u00e1 em exibi\u00e7\u00e3o neste m\u00eas do meio ambiente, no Centro de Estudos e [...]","og_url":"https:\/\/rioonwatch.org.br\/?p=73993","og_site_name":"RioOnWatch","article_published_time":"2024-06-21T12:45:21+00:00","article_modified_time":"2025-09-15T13:20:43+00:00","og_image":[{"width":2560,"height":1709,"url":"https:\/\/rioonwatch.org.br\/wp-content\/uploads\/2024\/06\/Estudantes-do-preparatorio-do-CEASM-participaram-da-abertura-da-Exposicao-Memoria-Climatica-das-Favelas-na-Mare-Foto-Barbara-Dias-scaled.jpg","type":"image\/jpeg"}],"author":"Janaina Tavares","twitter_card":"summary_large_image","twitter_misc":{"Escrito por":"Janaina Tavares","Est. tempo de leitura":"7 minutos"},"schema":{"@context":"https:\/\/schema.org","@graph":[{"@type":"Article","@id":"https:\/\/rioonwatch.org.br\/?p=73993#article","isPartOf":{"@id":"https:\/\/rioonwatch.org.br\/?p=73993"},"author":{"name":"Janaina Tavares","@id":"https:\/\/rioonwatch.org.br\/#\/schema\/person\/feb227e5e7679aacc3d672e375cae1bd"},"headline":"No CEASM, no Complexo da Mar\u00e9, Exposi\u00e7\u00e3o \u2018Mem\u00f3ria Clim\u00e1tica das Favelas\u2019 Dialoga com Jovens do Ecoa Mar\u00e9 e Preparat\u00f3rio da Institui\u00e7\u00e3o","datePublished":"2024-06-21T12:45:21+00:00","dateModified":"2025-09-15T13:20:43+00:00","mainEntityOfPage":{"@id":"https:\/\/rioonwatch.org.br\/?p=73993"},"wordCount":1588,"publisher":{"@id":"https:\/\/rioonwatch.org.br\/#organization"},"image":{"@id":"https:\/\/rioonwatch.org.br\/?p=73993#primaryimage"},"thumbnailUrl":"https:\/\/rioonwatch.org.br\/wp-content\/uploads\/2024\/06\/Estudantes-do-preparatorio-do-CEASM-participaram-da-abertura-da-Exposicao-Memoria-Climatica-das-Favelas-na-Mare-Foto-Barbara-Dias-scaled.jpg","keywords":["CEASM","Complexo da Mar\u00e9","educa\u00e7\u00e3o","educa\u00e7\u00e3o ambiental","enchente","evento","exposi\u00e7\u00e3o","Justi\u00e7a Clim\u00e1tica","juventude","Mem\u00f3rias Faveladas","mudan\u00e7as clim\u00e1ticas","Pr\u00e9-Vestibular","Racismo ambiental","reciclagem","Rede Favela Sustent\u00e1vel","S\u00e9rie: Mem\u00f3ria Clim\u00e1tica das Favelas","solu\u00e7\u00e3o comunit\u00e1ria","Zona Norte"],"articleSection":["Cobertura de Eventos","Solu\u00e7\u00f5es","Sustentabilidade"],"inLanguage":"pt-BR"},{"@type":"WebPage","@id":"https:\/\/rioonwatch.org.br\/?p=73993","url":"https:\/\/rioonwatch.org.br\/?p=73993","name":"No CEASM, no Complexo da Mar\u00e9, Exposi\u00e7\u00e3o \u2018Mem\u00f3ria Clim\u00e1tica das Favelas\u2019 Dialoga com Jovens do Ecoa Mar\u00e9 e Preparat\u00f3rio da Institui\u00e7\u00e3o - RioOnWatch","isPartOf":{"@id":"https:\/\/rioonwatch.org.br\/#website"},"primaryImageOfPage":{"@id":"https:\/\/rioonwatch.org.br\/?p=73993#primaryimage"},"image":{"@id":"https:\/\/rioonwatch.org.br\/?p=73993#primaryimage"},"thumbnailUrl":"https:\/\/rioonwatch.org.br\/wp-content\/uploads\/2024\/06\/Estudantes-do-preparatorio-do-CEASM-participaram-da-abertura-da-Exposicao-Memoria-Climatica-das-Favelas-na-Mare-Foto-Barbara-Dias-scaled.jpg","datePublished":"2024-06-21T12:45:21+00:00","dateModified":"2025-09-15T13:20:43+00:00","breadcrumb":{"@id":"https:\/\/rioonwatch.org.br\/?p=73993#breadcrumb"},"inLanguage":"pt-BR","potentialAction":[{"@type":"ReadAction","target":["https:\/\/rioonwatch.org.br\/?p=73993"]}]},{"@type":"ImageObject","inLanguage":"pt-BR","@id":"https:\/\/rioonwatch.org.br\/?p=73993#primaryimage","url":"https:\/\/rioonwatch.org.br\/wp-content\/uploads\/2024\/06\/Estudantes-do-preparatorio-do-CEASM-participaram-da-abertura-da-Exposicao-Memoria-Climatica-das-Favelas-na-Mare-Foto-Barbara-Dias-scaled.jpg","contentUrl":"https:\/\/rioonwatch.org.br\/wp-content\/uploads\/2024\/06\/Estudantes-do-preparatorio-do-CEASM-participaram-da-abertura-da-Exposicao-Memoria-Climatica-das-Favelas-na-Mare-Foto-Barbara-Dias-scaled.jpg","width":2560,"height":1709,"caption":"Estudantes do preparat\u00f3rio do CEASM participaram da abertura da Exposi\u00e7\u00e3o Mem\u00f3ria Clim\u00e1tica das Favelas, na Mar\u00e9, Foto: B\u00e1rbara Dias"},{"@type":"BreadcrumbList","@id":"https:\/\/rioonwatch.org.br\/?p=73993#breadcrumb","itemListElement":[{"@type":"ListItem","position":1,"name":"In\u00edcio","item":"https:\/\/rioonwatch.org.br\/"},{"@type":"ListItem","position":2,"name":"No CEASM, no Complexo da Mar\u00e9, Exposi\u00e7\u00e3o \u2018Mem\u00f3ria Clim\u00e1tica das Favelas\u2019 Dialoga com Jovens do Ecoa Mar\u00e9 e Preparat\u00f3rio da Institui\u00e7\u00e3o"}]},{"@type":"WebSite","@id":"https:\/\/rioonwatch.org.br\/#website","url":"https:\/\/rioonwatch.org.br\/","name":"RioOnWatch","description":"relatos das favelas cariocas","publisher":{"@id":"https:\/\/rioonwatch.org.br\/#organization"},"potentialAction":[{"@type":"SearchAction","target":{"@type":"EntryPoint","urlTemplate":"https:\/\/rioonwatch.org.br\/?s={search_term_string}"},"query-input":{"@type":"PropertyValueSpecification","valueRequired":true,"valueName":"search_term_string"}}],"inLanguage":"pt-BR"},{"@type":"Organization","@id":"https:\/\/rioonwatch.org.br\/#organization","name":"RioOnWatch","url":"https:\/\/rioonwatch.org.br\/","logo":{"@type":"ImageObject","inLanguage":"pt-BR","@id":"https:\/\/rioonwatch.org.br\/#\/schema\/logo\/image\/","url":"https:\/\/rioonwatch.org.br\/wp-content\/uploads\/2021\/06\/RioOnWatchcabecalhoPT11anos-2.png","contentUrl":"https:\/\/rioonwatch.org.br\/wp-content\/uploads\/2021\/06\/RioOnWatchcabecalhoPT11anos-2.png","width":779,"height":277,"caption":"RioOnWatch"},"image":{"@id":"https:\/\/rioonwatch.org.br\/#\/schema\/logo\/image\/"}},{"@type":"Person","@id":"https:\/\/rioonwatch.org.br\/#\/schema\/person\/feb227e5e7679aacc3d672e375cae1bd","name":"Janaina Tavares","image":{"@type":"ImageObject","inLanguage":"pt-BR","@id":"https:\/\/rioonwatch.org.br\/#\/schema\/person\/image\/","url":"https:\/\/secure.gravatar.com\/avatar\/83bb5bb4f8b0c5ad63f35939640eaaa2?s=96&d=blank&r=g","contentUrl":"https:\/\/secure.gravatar.com\/avatar\/83bb5bb4f8b0c5ad63f35939640eaaa2?s=96&d=blank&r=g","caption":"Janaina Tavares"},"url":"https:\/\/rioonwatch.org.br\/?author=179"}]}},"_links":{"self":[{"href":"https:\/\/rioonwatch.org.br\/index.php?rest_route=\/wp\/v2\/posts\/73993"}],"collection":[{"href":"https:\/\/rioonwatch.org.br\/index.php?rest_route=\/wp\/v2\/posts"}],"about":[{"href":"https:\/\/rioonwatch.org.br\/index.php?rest_route=\/wp\/v2\/types\/post"}],"author":[{"embeddable":true,"href":"https:\/\/rioonwatch.org.br\/index.php?rest_route=\/wp\/v2\/users\/179"}],"replies":[{"embeddable":true,"href":"https:\/\/rioonwatch.org.br\/index.php?rest_route=%2Fwp%2Fv2%2Fcomments&post=73993"}],"version-history":[{"count":32,"href":"https:\/\/rioonwatch.org.br\/index.php?rest_route=\/wp\/v2\/posts\/73993\/revisions"}],"predecessor-version":[{"id":74593,"href":"https:\/\/rioonwatch.org.br\/index.php?rest_route=\/wp\/v2\/posts\/73993\/revisions\/74593"}],"wp:featuredmedia":[{"embeddable":true,"href":"https:\/\/rioonwatch.org.br\/index.php?rest_route=\/wp\/v2\/media\/74004"}],"wp:attachment":[{"href":"https:\/\/rioonwatch.org.br\/index.php?rest_route=%2Fwp%2Fv2%2Fmedia&parent=73993"}],"wp:term":[{"taxonomy":"category","embeddable":true,"href":"https:\/\/rioonwatch.org.br\/index.php?rest_route=%2Fwp%2Fv2%2Fcategories&post=73993"},{"taxonomy":"post_tag","embeddable":true,"href":"https:\/\/rioonwatch.org.br\/index.php?rest_route=%2Fwp%2Fv2%2Ftags&post=73993"},{"taxonomy":"writer","embeddable":true,"href":"https:\/\/rioonwatch.org.br\/index.php?rest_route=%2Fwp%2Fv2%2Fwriter&post=73993"},{"taxonomy":"translator","embeddable":true,"href":"https:\/\/rioonwatch.org.br\/index.php?rest_route=%2Fwp%2Fv2%2Ftranslator&post=73993"},{"taxonomy":"source","embeddable":true,"href":"https:\/\/rioonwatch.org.br\/index.php?rest_route=%2Fwp%2Fv2%2Fsource&post=73993"},{"taxonomy":"ilustrador","embeddable":true,"href":"https:\/\/rioonwatch.org.br\/index.php?rest_route=%2Fwp%2Fv2%2Filustrador&post=73993"},{"taxonomy":"fotografo","embeddable":true,"href":"https:\/\/rioonwatch.org.br\/index.php?rest_route=%2Fwp%2Fv2%2Ffotografo&post=73993"}],"curies":[{"name":"wp","href":"https:\/\/api.w.org\/{rel}","templated":true}]}}