{"id":74570,"date":"2024-07-26T15:08:13","date_gmt":"2024-07-26T18:08:13","guid":{"rendered":"https:\/\/rioonwatch.org.br\/?p=74570"},"modified":"2024-09-09T14:52:17","modified_gmt":"2024-09-09T17:52:17","slug":"autogestao-com-propriedade-coletiva-fortalece-praticas-comunitarias-em-cidades-latino-americanas","status":"publish","type":"post","link":"https:\/\/rioonwatch.org.br\/?p=74570","title":{"rendered":"Cooperativas Habitacionais e Outras Experi\u00eancias de Autogest\u00e3o com Propriedade Coletiva Fortalecem Pr\u00e1ticas Comunit\u00e1rias em Cidades Latino-Americanas"},"content":{"rendered":"<figure id=\"attachment_74646\" aria-describedby=\"caption-attachment-74646\" style=\"width: 1600px\" class=\"wp-caption aligncenter\"><a href=\"https:\/\/rioonwatch.org.br\/wp-content\/uploads\/2024\/07\/Mapa-das-Cooperativas-Habitacionais-de-usuarios-e-Termos-Territoriais-Coletivos-na-America-Latina.-Elaboracao-e-arte-Pedro-Lima-2.png\"><img fetchpriority=\"high\" decoding=\"async\" class=\"wp-image-74646 size-full\" title=\"Mapa das Cooperativas Habitacionais de usu\u00e1rios e Termos Territoriais Coletivos na Am\u00e9rica Latina. Elabora\u00e7\u00e3o e arte: Pedro Lima\" src=\"https:\/\/rioonwatch.org.br\/wp-content\/uploads\/2024\/07\/Mapa-das-Cooperativas-Habitacionais-de-usuarios-e-Termos-Territoriais-Coletivos-na-America-Latina.-Elaboracao-e-arte-Pedro-Lima-2.png\" alt=\"Mapa das Cooperativas Habitacionais de usu\u00e1rios e Termos Territoriais Coletivos na Am\u00e9rica Latina. Elabora\u00e7\u00e3o e arte: Pedro Lima\" width=\"1600\" height=\"981\" srcset=\"https:\/\/rioonwatch.org.br\/wp-content\/uploads\/2024\/07\/Mapa-das-Cooperativas-Habitacionais-de-usuarios-e-Termos-Territoriais-Coletivos-na-America-Latina.-Elaboracao-e-arte-Pedro-Lima-2.png 1600w, https:\/\/rioonwatch.org.br\/wp-content\/uploads\/2024\/07\/Mapa-das-Cooperativas-Habitacionais-de-usuarios-e-Termos-Territoriais-Coletivos-na-America-Latina.-Elaboracao-e-arte-Pedro-Lima-2-620x380.png 620w\" sizes=\"(max-width: 1600px) 100vw, 1600px\" \/><\/a><figcaption id=\"caption-attachment-74646\" class=\"wp-caption-text\">Mapa das Cooperativas Habitacionais de usu\u00e1rios e Termos Territoriais Coletivos na Am\u00e9rica Latina. Elabora\u00e7\u00e3o e arte: Pedro Lima<\/figcaption><\/figure>\n<p style=\"text-align: right;\"><a href=\"https:\/\/bit.ly\/3Xpr7aH\" target=\"_blank\" rel=\"noopener\"><em><strong>Click Here for English<\/strong><\/em><\/a><a href=\"https:\/\/bit.ly\/4geOsnL\" target=\"_blank\" rel=\"noopener\"><img decoding=\"async\" class=\"lazyloaded alignright wp-image-15790\" src=\"https:\/\/rioonwatch.org.br\/wp-content\/uploads\/2012\/08\/EN-standard-e1439583104716.jpg\" alt=\"\" width=\"20\" height=\"20\" data-src=\"https:\/\/rioonwatch.org.br\/wp-content\/uploads\/2012\/08\/EN-standard-e1439583104716.jpg\" \/><\/a><\/p>\n<p><i><span style=\"font-weight: 400;\">Esta reportagem \u00e9 fruto da pesquisa de doutorado em andamento \u201cPropriedade coletiva e autogest\u00e3o da moradia na Am\u00e9rica Latina: desafios e horizontes contempor\u00e2neos\u201d, por Pedro Lima e orientada pela professora Raquel Rolnik e financiada pela Funda\u00e7\u00e3o de Amparo \u00e0 Pesquisa do Estado de S\u00e3o Paulo (FAPESP), processo n\u00ba 2022\/14524-0, na Universidade de S\u00e3o Paulo (<a href=\"https:\/\/bit.ly\/2KERYuJ\" target=\"_blank\" rel=\"noopener\">USP<\/a>). Esta mat\u00e9ria visa tornar p\u00fablico alguns dos seus resultados.<\/span><\/i><\/p>\n<h3>Propriedade Coletiva \u00c9 uma Realidade na Am\u00e9rica Latina Hoje?<\/h3>\n<figure id=\"attachment_70315\" aria-describedby=\"caption-attachment-70315\" style=\"width: 500px\" class=\"wp-caption alignright\"><a href=\"https:\/\/rioonwatch.org.br\/wp-content\/uploads\/2023\/09\/Moradores-na-fase-de-construcao-de-Shangri-la-na-decada-de-1990.-Foto-Dossie-UMP.jpeg\"><img decoding=\"async\" class=\"wp-image-70315\" title=\"Moradores na fase de constru\u00e7\u00e3o de Shangri-l\u00e1, na d\u00e9cada de 1990. Foto: Dossi\u00ea UMP\" src=\"https:\/\/rioonwatch.org.br\/wp-content\/uploads\/2023\/09\/Moradores-na-fase-de-construcao-de-Shangri-la-na-decada-de-1990.-Foto-Dossie-UMP-620x412.jpeg\" alt=\"Moradores na fase de constru\u00e7\u00e3o de Shangri-l\u00e1, na d\u00e9cada de 1990. Foto: Dossi\u00ea UMP\" width=\"500\" height=\"333\" srcset=\"https:\/\/rioonwatch.org.br\/wp-content\/uploads\/2023\/09\/Moradores-na-fase-de-construcao-de-Shangri-la-na-decada-de-1990.-Foto-Dossie-UMP-620x412.jpeg 620w, https:\/\/rioonwatch.org.br\/wp-content\/uploads\/2023\/09\/Moradores-na-fase-de-construcao-de-Shangri-la-na-decada-de-1990.-Foto-Dossie-UMP.jpeg 648w\" sizes=\"(max-width: 500px) 100vw, 500px\" \/><\/a><figcaption id=\"caption-attachment-70315\" class=\"wp-caption-text\">Moradores na fase de constru\u00e7\u00e3o de Shangri-l\u00e1, na d\u00e9cada de 1990. Foto: Dossi\u00ea UMP<\/figcaption><\/figure>\n<p><span style=\"font-weight: 400;\">H\u00e1 atualmente, na <\/span><a href=\"https:\/\/bit.ly\/2rWQlN5\" target=\"_blank\" rel=\"noopener\">Am\u00e9rica Latina<\/a><span style=\"font-weight: 400;\"> ao menos 11 pa\u00edses\u2014mais <\/span><a href=\"https:\/\/bit.ly\/2TtqkEL\" target=\"_blank\" rel=\"noopener\">Porto Rico<\/a><span style=\"font-weight: 400;\">\u2014que possuem comunidades ou conjuntos urbanos habitados em autogest\u00e3o com propriedade coletiva, tanto na forma de <\/span><a href=\"https:\/\/bit.ly\/3ksomQB\" target=\"_blank\" rel=\"noopener\">cooperativas habitacionais<\/a><span style=\"font-weight: 400;\"> de usu\u00e1rios ou Termos Territoriais Coletivos (<\/span><a href=\"https:\/\/bit.ly\/TTCsNoRioOnWatch\" target=\"_blank\" rel=\"noopener\">TTC<\/a><span style=\"font-weight: 400;\">)*. Esta reportagem torna p\u00fablico os resultados de um mapeamento e caracteriza\u00e7\u00e3o dos territ\u00f3rios, que t\u00eam sido constru\u00eddos atrav\u00e9s de pesquisa bibliogr\u00e1fica, materiais produzidos pelas pr\u00f3prias comunidades ou por pesquisadores diretamente engajados nos projetos, al\u00e9m de visitas e entrevistas com seus moradores, lideran\u00e7as e parceiros.<\/span><\/p>\n<p>A experi\u00eancia cooperativista com maior escala e que serve de refer\u00eancia para praticamente todas as demais \u00e9 a uruguaia. Os princ\u00edpios do sistema de usu\u00e1rios ganharam seus contornos gerais no <a href=\"https:\/\/bit.ly\/3tmdQ7i\" target=\"_blank\" rel=\"noopener\">Uruguai<\/a>, mas com inspira\u00e7\u00f5es suecas, de pr\u00e1ticas camponesas e de povos tradicionais latinoamericanos.<\/p>\n<p><span style=\"font-weight: 400;\">A cooperativa \u00e9 uma organiza\u00e7\u00e3o coletiva de fam\u00edlias trabalhadoras, que, juntas, possuem a propriedade da terra e do conjunto de unidades, pr\u00e9dios ou casas. Cada fam\u00edlia \u00e9 cotista da cooperativa e usu\u00e1ria de uma unidade habitacional. Isso significa que todas as casas, pr\u00e9dios e espa\u00e7os comuns s\u00e3o de todos ao mesmo tempo e que as fam\u00edlias podem usar as unidades apenas para morar\u2014n\u00e3o podem vender, alugar, ceder ou especular. Em caso de mudan\u00e7a, a cota na cooperativa e o direito de uso de uma unidade n\u00e3o s\u00e3o objetos de uma venda, mas de um repasse a outra fam\u00edlia, sem valoriza\u00e7\u00e3o, e com a media\u00e7\u00e3o da cooperativa. Dentro das fam\u00edlias, a cota pode ser passada por heran\u00e7a e o direito de uso \u00e9 vital\u00edcio.<\/span><\/p>\n<p><span style=\"font-weight: 400;\">A Federa\u00e7\u00e3o Uruguaia de Cooperativas de Moradia por Ajuda M\u00fatua (<\/span><a href=\"https:\/\/bit.ly\/4eRrbrg\" target=\"_blank\" rel=\"noopener\">FUCVAM<\/a>) \u00e9 a federa\u00e7\u00e3o que re\u00fane as mais de 500 cooperativas habitadas (al\u00e9m daquelas em etapas de forma\u00e7\u00e3o e constru\u00e7\u00e3o) de ajuda m\u00fatua no Uruguai, ou seja, aquelas constru\u00eddas em <a href=\"https:\/\/bit.ly\/2XqPbhH\" target=\"_blank\" rel=\"noopener\">mutir\u00e3o<\/a>. A Federa\u00e7\u00e3o de Cooperativas de Vivienda (<a href=\"https:\/\/bit.ly\/3RV4AR0\" target=\"_blank\" rel=\"noopener\">FECOVI<\/a>) <span style=\"font-weight: 400;\">re\u00fane as cooperativas de poupan\u00e7a pr\u00e9via (<\/span><i><span style=\"font-weight: 400;\">ahorro previo<\/span><\/i><span style=\"font-weight: 400;\">, em espanhol), isto \u00e9, aquelas que constroem com autogest\u00e3o, mas contratando empresas ou cooperativas de trabalho. Pelo levantamento realizado para esta pesquisa, s\u00e3o, ao menos, 85 cooperativas habitadas atualmente.\u00a0<\/span><\/p>\n<p><span style=\"font-weight: 400;\">A maioria das cooperativas de ambas federa\u00e7\u00f5es est\u00e1 na capital Montevid\u00e9u, mas tamb\u00e9m em cidades do interior do pa\u00eds. As cooperativas uruguaias conseguiram se desenvolver porque praticamente desde o in\u00edcio da sua hist\u00f3ria contam com o apoio de uma pol\u00edtica p\u00fablica de financiamento. Houve um per\u00edodo de interrup\u00e7\u00e3o do financiamento durante a <\/span><a href=\"https:\/\/bit.ly\/3LbxRTJ\" target=\"_blank\" rel=\"noopener\">ditadura militar uruguaia<\/a> (1973<span style=\"font-weight: 400;\">\u2014<\/span>1985)<span style=\"font-weight: 400;\"> e nos primeiros anos de redemocratiza\u00e7\u00e3o, mas, no s\u00e9culo XXI, as cooperativas voltaram a ocupar uma posi\u00e7\u00e3o de destaque na pol\u00edtica habitacional uruguaia.<\/span><\/p>\n<p><span style=\"font-weight: 400;\">Com a escala e a relev\u00e2ncia da experi\u00eancia uruguaia, a FUCVAM\u00a0a partir dos anos 1990, decidiu iniciar um processo de difus\u00e3o do seu modelo de cooperativismo pela Am\u00e9rica Latina: com ajuda m\u00fatua, autogest\u00e3o e propriedade coletiva. Participou da constru\u00e7\u00e3o de federa\u00e7\u00f5es semelhantes em outros pa\u00edses, combinando a sua experi\u00eancia com as especificidades e os saberes de movimentos sociais e organiza\u00e7\u00f5es locais que j\u00e1 trabalhavam com o tema da moradia.\u00a0<\/span><\/p>\n<p>No Paraguai, foi formada a Central de Cooperativas Habitacionais por Ajuda M\u00fatua do Paraguai (<a href=\"https:\/\/bit.ly\/4cpPWcG\" target=\"_blank\" rel=\"noopener\">CCVAMP<\/a>), com ao menos quatro cooperativas habitadas e quase 400 unidades no total. Em Cochabamba, na Bol\u00edvia, formou-se o Comit\u00ea Articulador de Cooperativas Habitacionais por Ajuda M\u00fatua (<a href=\"https:\/\/bit.ly\/45PH51o\" target=\"_blank\" rel=\"noopener\">CACVAM<\/a>), hoje, com dois conjuntos habitados com 42 unidades no total.<\/p>\n<figure id=\"attachment_74651\" aria-describedby=\"caption-attachment-74651\" style=\"width: 500px\" class=\"wp-caption alignright\"><a href=\"https:\/\/rioonwatch.org.br\/wp-content\/uploads\/2024\/07\/Cooperativistas-da-cooperativa-Fe-e-Esperanca-Guatemala-com-os-alimentos-produzidos-na-horta-comunitaria.-Foto-Coceavis.png\"><img loading=\"lazy\" decoding=\"async\" class=\"wp-image-74651\" title=\"Cooperativistas da cooperativa F\u00e9 e Esperan\u00e7a, Guatemala, com os alimentos produzidos na horta comunit\u00e1ria. Foto: Coceavis\" src=\"https:\/\/rioonwatch.org.br\/wp-content\/uploads\/2024\/07\/Cooperativistas-da-cooperativa-Fe-e-Esperanca-Guatemala-com-os-alimentos-produzidos-na-horta-comunitaria.-Foto-Coceavis-620x445.png\" alt=\"Cooperativistas da cooperativa F\u00e9 e Esperan\u00e7a, Guatemala, com os alimentos produzidos na horta comunit\u00e1ria. Foto: Coceavis\" width=\"500\" height=\"359\" srcset=\"https:\/\/rioonwatch.org.br\/wp-content\/uploads\/2024\/07\/Cooperativistas-da-cooperativa-Fe-e-Esperanca-Guatemala-com-os-alimentos-produzidos-na-horta-comunitaria.-Foto-Coceavis-620x445.png 620w, https:\/\/rioonwatch.org.br\/wp-content\/uploads\/2024\/07\/Cooperativistas-da-cooperativa-Fe-e-Esperanca-Guatemala-com-os-alimentos-produzidos-na-horta-comunitaria.-Foto-Coceavis.png 937w\" sizes=\"(max-width: 500px) 100vw, 500px\" \/><\/a><figcaption id=\"caption-attachment-74651\" class=\"wp-caption-text\">Cooperativistas da cooperativa F\u00e9 e Esperan\u00e7a, Guatemala, com os alimentos produzidos na horta comunit\u00e1ria. Foto: Coceavis<\/figcaption><\/figure>\n<p>E, na Am\u00e9rica Central, formou-se a Coordenadoria Centro-Americana Autogestion\u00e1ria de Habita\u00e7\u00e3o Solid\u00e1ria (<a href=\"https:\/\/bit.ly\/3RWFph0\" target=\"_blank\" rel=\"noopener\">COCEAVIS<\/a>), com quatro cooperativas habitadas em El Salvador (mais de 90 unidades), tr\u00eas na Nicar\u00e1gua (cerca de 70 unidades), duas na Guatemala (cerca de 20 unidades) e quatro em Honduras (mais de 400 unidades).<\/p>\n<p><span style=\"font-weight: 400;\">Ainda que n\u00e3o participando ativamente, a experi\u00eancia uruguaia influenciou e tem di\u00e1logo com as cooperativas <\/span>de Palo Alto (quase 200 unidades) e Guendaliza&#8217;a (48 unidades), na Cidade do M\u00e9xico, al\u00e9m de<span style=\"font-weight: 400;\">\u00a0com as seis cooperativas de propriedade coletiva do <\/span>Movimento de Ocupantes de Inquilinos (<a href=\"https:\/\/bit.ly\/3W5XVok\" target=\"_blank\" rel=\"noopener\">MOI<\/a>)<span style=\"font-weight: 400;\"> e<\/span> do movimento Los Pibes. Tem tamb\u00e9m articula\u00e7\u00e3o<span style=\"font-weight: 400;\">\u00a0com 112 unidades no total em <\/span>Buenos Aires, Argentina, e com os <a href=\"https:\/\/bit.ly\/4fkuPKv\" target=\"_blank\" rel=\"noopener\">Campamentos de Pioneros<\/a>, movimento de luta pela moradia que ocupa terrenos vazios, principalmente na regi\u00e3o metropolitana de Caracas, Venezuela, onde construiu ao menos dez conjuntos autogestion\u00e1rios e de propriedade coletiva com cerca de 1000 unidades no total, <span style=\"font-weight: 400;\">que nomearam <\/span><i><span style=\"font-weight: 400;\">Nuevas Comunidades Socialistas.<\/span><\/i><\/p>\n<p>Al\u00e9m das cooperativas de usu\u00e1rios, h\u00e1 outra forma importante de propriedade coletiva no continente: o <a href=\"http:\/\/www.termoterritorialcoletivo.org\" target=\"_blank\" rel=\"noopener\">Termo Territorial Coletivo<\/a> (TTC). Nesses contextos, a <a href=\"https:\/\/bit.ly\/NovosCaminhosTTC\" target=\"_blank\" rel=\"noopener\">propriedade da terra \u00e9 coletiva<\/a>, em nome de uma organiza\u00e7\u00e3o composta de moradores, e a propriedade das edifica\u00e7\u00f5es \u00e9 individual. Assim como nas cooperativas, <span style=\"font-weight: 400;\">a gest\u00e3o coletiva da propriedade <\/span>impede a especula\u00e7\u00e3o sobre a terra, mantendo-a acess\u00edvel a fam\u00edlias de baixa renda e faz com que o processo de transmiss\u00e3o das unidades seja mediado pela coletividade, buscando barrar a <a href=\"https:\/\/bit.ly\/2x3RFCy\" target=\"_blank\" rel=\"noopener\">especula\u00e7\u00e3o imobili\u00e1ria<\/a> e a <a href=\"https:\/\/bit.ly\/2wYNOXe\" target=\"_blank\" rel=\"noopener\">gentrifica\u00e7\u00e3o<\/a>.<\/p>\n<p><span style=\"font-weight: 400;\">Segundo o levantamento realizado ao longo desta pesquisa e al\u00e9m, h\u00e1, ao menos, dois contextos com TTCs estabelecidos e habitados na Am\u00e9rica Latina: em<\/span><span style=\"font-weight: 400;\">\u00a0Porto Rico<\/span><span style=\"font-weight: 400;\">, onde existem hoje tr\u00eas TTCs inclusive a refer\u00eancia mundial, <a href=\"https:\/\/bit.ly\/35RyM6A\" target=\"_blank\" rel=\"noopener\">TTC Ca\u00f1o Mart\u00edn Pe\u00f1a<\/a>, com <a href=\"https:\/\/rioonwatch.org.br\/?p=63100\" target=\"_blank\" rel=\"noopener\">mais de 2000 fam\u00edlias aderentes<\/a>, e a <\/span><a href=\"https:\/\/bit.ly\/3W67pky\" target=\"_blank\" rel=\"noopener\">Comunidad Maria Auxiliadora<\/a>, em Cochabamba, na Bol\u00edvia, com cerca de 500 fam\u00edlias moradoras.<\/p>\n<p>H\u00e1 tamb\u00e9m o prospectivo caso da <a href=\"https:\/\/bit.ly\/45KubzZ\" target=\"_blank\" rel=\"noopener\">Comunidade Shangri-l\u00e1<\/a>, na <a href=\"https:\/\/bit.ly\/2Ih14w9\" target=\"_blank\" rel=\"noopener\">Taquara<\/a>, localidade de <a href=\"https:\/\/bit.ly\/3cEuW2M\" target=\"_blank\" rel=\"noopener\">Jacarepagu\u00e1<\/a>, bairro da <a href=\"https:\/\/bit.ly\/2x3k8bw\" target=\"_blank\" rel=\"noopener\">Zona Oeste<\/a> do Rio de Janeiro, que foi fundada como uma cooperativa habitacional, com 29 unidades e, atualmente, passa por um processo jur\u00eddico e de mobiliza\u00e7\u00e3o comunit\u00e1ria para se tornar um TTC.<\/p>\n<figure id=\"attachment_70268\" aria-describedby=\"caption-attachment-70268\" style=\"width: 2560px\" class=\"wp-caption aligncenter\"><a href=\"https:\/\/rioonwatch.org.br\/wp-content\/uploads\/2023\/09\/Cooperativa-habitacional-Shangrila-Foto-Alenxadre-Cerqueira-scaled.jpg\"><img loading=\"lazy\" decoding=\"async\" class=\"wp-image-70268 size-full\" title=\"Cooperativa habitacional Shangril\u00e1 Foto: Alexandre Cerqueira\" src=\"https:\/\/rioonwatch.org.br\/wp-content\/uploads\/2023\/09\/Cooperativa-habitacional-Shangrila-Foto-Alenxadre-Cerqueira-scaled.jpg\" alt=\"Cooperativa habitacional Shangril\u00e1 Foto: Alexandre Cerqueira\" width=\"2560\" height=\"1707\" srcset=\"https:\/\/rioonwatch.org.br\/wp-content\/uploads\/2023\/09\/Cooperativa-habitacional-Shangrila-Foto-Alenxadre-Cerqueira-scaled.jpg 2560w, https:\/\/rioonwatch.org.br\/wp-content\/uploads\/2023\/09\/Cooperativa-habitacional-Shangrila-Foto-Alenxadre-Cerqueira-620x413.jpg 620w, https:\/\/rioonwatch.org.br\/wp-content\/uploads\/2023\/09\/Cooperativa-habitacional-Shangrila-Foto-Alenxadre-Cerqueira-944x629.jpg 944w\" sizes=\"(max-width: 2560px) 100vw, 2560px\" \/><\/a><figcaption id=\"caption-attachment-70268\" class=\"wp-caption-text\">Cooperativa habitacional Shangri-l\u00e1 Foto: Alexandre Cerqueira<\/figcaption><\/figure>\n<p><span style=\"font-weight: 400;\">A propriedade coletiva \u00e9 reconhecida pela legisla\u00e7\u00e3o local apenas em tr\u00eas pa\u00edses latino-americanos: Uruguai, Paraguai e Porto Rico. Nos demais pa\u00edses, onde este tipo de propriedade n\u00e3o \u00e9 reconhecida, tampouco regulamentada pelo Estado, os pr\u00f3prios moradores caracterizam sua forma de propriedade como coletiva e lutam por sua exist\u00eancia, manuten\u00e7\u00e3o e reconhecimento enquanto tal. S\u00e3o, portanto, territ\u00f3rios em luta e em disputa, buscando sustentar a mobiliza\u00e7\u00e3o comunit\u00e1ria e suas formas de propriedade coletiva em meio a in\u00fameras amea\u00e7as, como a aus\u00eancia de financiamento. O TTC possibilita a gest\u00e3o coletiva da terra nestes contextos atrav\u00e9s de uma pessoa jur\u00eddica cuja gest\u00e3o \u00e9 realizada pelos moradores.<\/span><\/p>\n<h3>Para Al\u00e9m da Individualiza\u00e7\u00e3o da Propriedade<\/h3>\n<p><span style=\"font-weight: 400;\">A propriedade coletiva, superando a l\u00f3gica hegem\u00f4nica de individualiza\u00e7\u00e3o da propriedade, ap\u00f3s o t\u00e9rmino da constru\u00e7\u00e3o das moradias, \u00e9 uma ferramenta importante que evita que sejam despejados e mant\u00e9m a acessibilidade das unidades para grupos de baixa renda e vulnerabilizados. Mas, al\u00e9m disso, nesses territ\u00f3rios, se exercita uma diversidade de pr\u00e1ticas socioterritoriais comunit\u00e1rias, que transbordam a produ\u00e7\u00e3o da habita\u00e7\u00e3o, e buscam enfrentar coletivamente as muitas vulnerabilidades sociais e econ\u00f4micas \u00e0s quais as fam\u00edlias s\u00e3o submetidas.<\/span><\/p>\n<p><span style=\"font-weight: 400;\">Essas pr\u00e1ticas s\u00f3 s\u00e3o poss\u00edveis por conta da propriedade coletiva ou, no m\u00ednimo, s\u00e3o impulsionadas ou fortalecidas por essa forma de propriedade, demonstrando que a propriedade coletiva associada \u00e0 autogest\u00e3o pode ser muito mais que uma regulamenta\u00e7\u00e3o abstrata, mas um exerc\u00edcio vivo, em movimento, do direito \u00e0 moradia em coletividade.<\/span><\/p>\n<p><span style=\"font-weight: 400;\">Para muitas das experi\u00eancias que constru\u00edram coletivamente os conjuntos habitacionais e as unidades onde vivem, propriedade coletiva \u00e9 sin\u00f4nimo de financiamento coletivo. Isso \u00e9 diferente do financiamento habitacional individualizado com o qual estamos acostumados, em que cada fam\u00edlia \u00e9 respons\u00e1vel sozinha pelo pagamento das suas parcelas e sujeita a despejos em caso de atraso ou n\u00e3o-pagamento. O financiamento coletivo significa que a comunidade obt\u00e9m um cr\u00e9dito para construir junta, sendo coletivamente respons\u00e1vel pelo pagamento de todas as parcelas, sem individualiza\u00e7\u00e3o. Assim, todo m\u00eas, as fam\u00edlias re\u00fanem as suas partes do financiamento, mas pagam o banco como coletivo.<\/span><\/p>\n<p><span style=\"font-weight: 400;\">Esse \u00e9 um mecanismo que garante a elas uma seguran\u00e7a da posse muito maior, pois como todos s\u00e3o donos e benefici\u00e1rios do empr\u00e9stimo juntos, uma fam\u00edlia n\u00e3o pode ser despejada sozinha. Assim, a responsabilidade pelo pagamento do financiamento n\u00e3o \u00e9 mediada pela amea\u00e7a da remo\u00e7\u00e3o por um agente externo, como o poder p\u00fablico ou um banco, e sim pelo compromisso das fam\u00edlias com a comunidade.\u00a0<\/span><\/p>\n<p><span style=\"font-weight: 400;\">Em casos de inadimpl\u00eancia, a propriedade coletiva e a autogest\u00e3o abrem espa\u00e7o para que solu\u00e7\u00f5es alternativas ao despejo, mais sens\u00edveis e solid\u00e1rias \u00e0s dificuldades pelas quais passam as fam\u00edlias, possam ser exercitadas. Algumas cooperativas uruguaias grandes, com muitos moradores, desenvolveram um sistema de fundo de socorro, que arrecada uma pequena quantia de todos os moradores mensalmente, formando uma poupan\u00e7a, que pode ser usada para apoiar as fam\u00edlias em situa\u00e7\u00f5es tempor\u00e1rias de incapacidade de pagamento, como perda de emprego ou problemas de sa\u00fade. Entretanto, com um n\u00famero cada vez maior de cooperativas pequenas no Uruguai e de fam\u00edlias com dificuldades econ\u00f4micas, o movimento lutou e conquistou um subs\u00eddio \u00e0 presta\u00e7\u00e3o oferecido pelo Estado, evitando que as fam\u00edlias mais pobres comprometam excessivamente sua renda com a moradia. Essa pol\u00edtica, atualmente, tem um impacto importante no sistema cooperativo uruguaio.<\/span><\/p>\n<p><span style=\"font-weight: 400;\">Em alguns dos territ\u00f3rios, como Palo Alto no M\u00e9xico e algumas cooperativas de poupan\u00e7a pr\u00e9via uruguaias, foram experimentadas formas de financiamento populares, como cooperativas de cr\u00e9dito, em contextos de cortes ou inexist\u00eancia de financiamento p\u00fablico. A comunidade Maria Auxiliadora, na Bol\u00edvia, utilizou o <\/span><a href=\"https:\/\/bit.ly\/3VOVXsb\" target=\"_blank\" rel=\"noopener\"><i>pasanaku<\/i><\/a><span style=\"font-weight: 400;\">, uma pr\u00e1tica ancestral de poupan\u00e7a coletiva, para remunerar os t\u00e9cnicos que contribu\u00edram na elabora\u00e7\u00e3o de projetos. <\/span><\/p>\n<p><span style=\"font-weight: 400;\">Se, por um lado, essas formas alternativas de financiamento surgem em contextos de falta de apoio estatal e dificuldades, por outro, apontam para a possibilidade de autonomia financeira das comunidades. Ser financiado pode ser bom, mas tamb\u00e9m pode ser uma amarra, j\u00e1 que, em muitos casos, as pol\u00edticas que apoiam as comunidades com cr\u00e9dito s\u00e3o acompanhadas de normas e regras que desmobilizam ou bloqueiam as a\u00e7\u00f5es comunit\u00e1rias e pr\u00e1ticas pol\u00edticas mais criativas.<\/span><\/p>\n<figure id=\"attachment_74649\" aria-describedby=\"caption-attachment-74649\" style=\"width: 500px\" class=\"wp-caption alignright\"><a href=\"https:\/\/rioonwatch.org.br\/wp-content\/uploads\/2024\/07\/Construcao-de-espaco-de-apoio-escolar-na-Comunidade-Maria-Auxiliadora-Bolivia.-Foto-Periferia.jpg\"><img loading=\"lazy\" decoding=\"async\" class=\"wp-image-74649\" title=\"Constru\u00e7\u00e3o de espa\u00e7o de apoio escolar na Comunidade Maria Auxiliadora, Bol\u00edvia. Foto: Periferia\" src=\"https:\/\/rioonwatch.org.br\/wp-content\/uploads\/2024\/07\/Construcao-de-espaco-de-apoio-escolar-na-Comunidade-Maria-Auxiliadora-Bolivia.-Foto-Periferia.jpg\" alt=\"Constru\u00e7\u00e3o de espa\u00e7o de apoio escolar na Comunidade Maria Auxiliadora, Bol\u00edvia. Foto: Periferia\" width=\"500\" height=\"375\" srcset=\"https:\/\/rioonwatch.org.br\/wp-content\/uploads\/2024\/07\/Construcao-de-espaco-de-apoio-escolar-na-Comunidade-Maria-Auxiliadora-Bolivia.-Foto-Periferia.jpg 617w, https:\/\/rioonwatch.org.br\/wp-content\/uploads\/2024\/07\/Construcao-de-espaco-de-apoio-escolar-na-Comunidade-Maria-Auxiliadora-Bolivia.-Foto-Periferia-326x245.jpg 326w, https:\/\/rioonwatch.org.br\/wp-content\/uploads\/2024\/07\/Construcao-de-espaco-de-apoio-escolar-na-Comunidade-Maria-Auxiliadora-Bolivia.-Foto-Periferia-80x60.jpg 80w\" sizes=\"(max-width: 500px) 100vw, 500px\" \/><\/a><figcaption id=\"caption-attachment-74649\" class=\"wp-caption-text\">Constru\u00e7\u00e3o de espa\u00e7o de apoio escolar na Comunidade Maria Auxiliadora, Bol\u00edvia. Foto: Periferia<\/figcaption><\/figure>\n<p><span style=\"font-weight: 400;\">Com o passar dos anos, as federa\u00e7\u00f5es e movimentos que constroem essas experi\u00eancias, que se formaram tendo a moradia como objetivo maior, come\u00e7aram a desenvolver tamb\u00e9m pr\u00e1ticas de trabalho, consumo e <a href=\"http:\/\/bit.ly\/2h6msG4\" target=\"_blank\" rel=\"noopener\">economia solid\u00e1ria<\/a>. Assim, vai se ampliando a compreens\u00e3o daquilo que pode ser constru\u00eddo coletivamente para atender a outras necessidades comuns das comunidades.\u00a0<\/span><\/p>\n<p>Um projeto de <a href=\"https:\/\/rioonwatch.org.br\/?tag=horta-comunitaria\" target=\"_blank\" rel=\"noopener\">hortas comunit\u00e1rias<\/a>, para consumo e venda, \u00e9 desenvolvido nas cooperativas centro-americanas. Em algumas tamb\u00e9m foram constitu\u00eddas cooperativas produtivas de diferentes \u00e1reas, assim como em Maria Auxiliadora (na Bol\u00edvia) e algumas das <em>Novas Comunidades Socialistas<\/em> venezuelanas. Essas s\u00e3o tentativas de respostas, no campo da economia popular solid\u00e1ria, para o enfrentamento de um contexto crescente de crise do trabalho formal, e condi\u00e7\u00f5es cada vez mais vulner\u00e1veis nas formas de trabalho informal.<\/p>\n<p><span style=\"font-weight: 400;\">Em 2020, a ONG <a href=\"https:\/\/bit.ly\/3ryjApE\" target=\"_blank\" rel=\"noopener\">We Effect<\/a> (antigo Centro Cooperativista Sueco), apoiadora da maioria dos territ\u00f3rios mapeados, em parceria com Urbamonde e Cohabitat Network, <\/span><a href=\"https:\/\/bit.ly\/ResilienciaHGC\"><span style=\"font-weight: 400;\">realizou uma pesquisa<\/span><\/a><span style=\"font-weight: 400;\"> em v\u00e1rios territ\u00f3rios populares ao redor do mundo. Foi demonstrado que as iniciativas comunit\u00e1rias e autogestion\u00e1rias de produ\u00e7\u00e3o, compra coletiva e compartilhamento de alimentos e outros recursos essenciais foram fundamentais para a seguran\u00e7a alimentar, sustento e cuidado com a sa\u00fade das fam\u00edlias durante a pandemia da Covid-19. E ainda, que as comunidades que possuem regimes coletivos de propriedade, como TTCs e cooperativas, foram aquelas que mais desenvolveram este tipo de a\u00e7\u00e3o.<\/span><\/p>\n<p><iframe title=\"YouTube video player\" src=\"https:\/\/www.youtube.com\/embed\/sJ9ohLD40cQ?si=LtFBx8t3utXhRUMA\" width=\"1030\" height=\"563\" frameborder=\"0\" allowfullscreen=\"allowfullscreen\"><span data-mce-type=\"bookmark\" style=\"display: inline-block; width: 0px; overflow: hidden; line-height: 0;\" class=\"mce_SELRES_start\">\ufeff<\/span><\/iframe><\/p>\n<p><span style=\"font-weight: 400;\">V\u00e1rios territ\u00f3rios em propriedade coletiva constru\u00edram e gestionam equipamentos sociais abertos \u00e0 toda vizinhan\u00e7a. A grande maioria das cooperativas uruguaias, mexicanas, argentinas, paraguaias, venezuelanas e centro-americanas possui <\/span><i><span style=\"font-weight: 400;\">salones comunales<\/span><\/i><span style=\"font-weight: 400;\"> (em portugu\u00eas, sal\u00f5es comunit\u00e1rios ou sal\u00f5es de usos m\u00faltiplos), espa\u00e7os tradicionais onde se realizam as assembleias, se elaboram os projetos, e s\u00e3o feitas festas e outras atividades comunit\u00e1rias. Inclusive, s\u00e3o cedidos \u00e0 organiza\u00e7\u00f5es vizinhas ou a grupos cooperativos em forma\u00e7\u00e3o. <\/span><span style=\"font-weight: 400;\">Muitas t\u00eam escolas e creches, como as cooperativas do MOI em Buenos Aires e a comunidade Maria Auxiliadora em Cochabamba. Desenvolvem pr\u00e1ticas de socializa\u00e7\u00e3o do cuidado, que trazem para a esfera da comunidade temas que at\u00e9 ent\u00e3o estavam reservados \u00e0 esfera privada das fam\u00edlias, sobrecarregando especialmente as mulheres. <\/span><\/p>\n<p><span style=\"font-weight: 400;\">Maria Auxiliadora tamb\u00e9m possui formas comunit\u00e1rias de enfrentamento da viol\u00eancia, sobretudo \u00e0s viol\u00eancias de g\u00eanero e dom\u00e9sticas, com a forma\u00e7\u00e3o de comiss\u00f5es para media\u00e7\u00e3o dos conflitos e uso de instrumentos tradicionais simples, como apitos, para alertar a vizinhan\u00e7a de situa\u00e7\u00f5es de perigo, em um contexto\u2014comum aos demais territ\u00f3rios\u2014no qual a pol\u00edcia n\u00e3o \u00e9 uma institui\u00e7\u00e3o confi\u00e1vel. Em El Salvador h\u00e1 casos onde at\u00e9 mesmo as infraestruturas ambientais e de saneamento foram constru\u00eddas em ajuda m\u00fatua e s\u00e3o geridas pelos pr\u00f3prios cooperativistas, atendendo n\u00e3o somente eles, mas os vizinhos.<\/span><\/p>\n<figure id=\"attachment_74652\" aria-describedby=\"caption-attachment-74652\" style=\"width: 977px\" class=\"wp-caption aligncenter\"><a href=\"https:\/\/rioonwatch.org.br\/wp-content\/uploads\/2024\/07\/Construcao-de-infraestruturas-na-cooperativa-13-de-Enero-El-Salvador-2008.-Foto-Fundasal-e-Centro-Cooperativista-Sueco.jpg\"><img loading=\"lazy\" decoding=\"async\" class=\"wp-image-74652 size-full\" title=\"Constru\u00e7\u00e3o de infraestruturas na cooperativa 13 de Enero, El Salvador, 2008. Foto: Fundasal e Centro Cooperativista Sueco\" src=\"https:\/\/rioonwatch.org.br\/wp-content\/uploads\/2024\/07\/Construcao-de-infraestruturas-na-cooperativa-13-de-Enero-El-Salvador-2008.-Foto-Fundasal-e-Centro-Cooperativista-Sueco.jpg\" alt=\"Constru\u00e7\u00e3o de infraestruturas na cooperativa 13 de Enero, El Salvador, 2008. Foto: Fundasal e Centro Cooperativista Sueco\" width=\"977\" height=\"655\" srcset=\"https:\/\/rioonwatch.org.br\/wp-content\/uploads\/2024\/07\/Construcao-de-infraestruturas-na-cooperativa-13-de-Enero-El-Salvador-2008.-Foto-Fundasal-e-Centro-Cooperativista-Sueco.jpg 977w, https:\/\/rioonwatch.org.br\/wp-content\/uploads\/2024\/07\/Construcao-de-infraestruturas-na-cooperativa-13-de-Enero-El-Salvador-2008.-Foto-Fundasal-e-Centro-Cooperativista-Sueco-620x416.jpg 620w\" sizes=\"(max-width: 977px) 100vw, 977px\" \/><\/a><figcaption id=\"caption-attachment-74652\" class=\"wp-caption-text\">Constru\u00e7\u00e3o de infraestruturas na cooperativa 13 de Enero, El Salvador, 2008. Foto: Fundasal e Centro Cooperativista Sueco<\/figcaption><\/figure>\n<p><span style=\"font-weight: 400;\">H\u00e1 tamb\u00e9m cl\u00ednicas populares, como em Palo Alto, na Cidade do M\u00e9xico. Guendaliza&#8217;a, na mesma cidade, tem um restaurante comunit\u00e1rio. E Tebelpa, hist\u00f3rica cooperativa da FUCVAM em Montevid\u00e9u, tem um clube de compras ou mercado comunit\u00e1rio, que vende produtos a pre\u00e7o de custo para todo o bairro. Esse \u00e9 um dos espa\u00e7os em funcionamento que restaram do per\u00edodo dos anos 1970 e 1980, quando os complexos cooperativos uruguaios desenvolveram v\u00e1rios desses equipamentos sociais. Foram espa\u00e7os de resist\u00eancia \u00e0 ditadura e de manuten\u00e7\u00e3o da vida do movimento popular em um momento em que estavam impossibilitados de construir novos conjuntos. <\/span><\/p>\n<p><span style=\"font-weight: 400;\">Hoje, com as mudan\u00e7as no programa de cooperativas, a redu\u00e7\u00e3o dos recursos disponibilizados para cada grupo, e a chegada de equipamentos estatais e servi\u00e7os privados, as novas cooperativas t\u00eam muita dificuldade para construir esses espa\u00e7os. A maioria consegue no m\u00e1ximo erguer seus sal\u00f5es comunit\u00e1rios.<\/span><\/p>\n<figure id=\"attachment_74808\" aria-describedby=\"caption-attachment-74808\" style=\"width: 2560px\" class=\"wp-caption alignnone\"><a href=\"https:\/\/rioonwatch.org.br\/wp-content\/uploads\/2024\/07\/Alimentos-a-venda-no-clube-de-compras-da-Cooperativa-Tebelpa-Uruguai-2023.-Foto-Pedro-Lima-scaled.jpg\"><img loading=\"lazy\" decoding=\"async\" class=\"wp-image-74808 size-full\" title=\"Alimentos \u00e0 venda no clube de compras da Cooperativa Tebelpa, Uruguai, 2023. Foto: Pedro Lima\" src=\"https:\/\/rioonwatch.org.br\/wp-content\/uploads\/2024\/07\/Alimentos-a-venda-no-clube-de-compras-da-Cooperativa-Tebelpa-Uruguai-2023.-Foto-Pedro-Lima-scaled.jpg\" alt=\"Alimentos \u00e0 venda no clube de compras da Cooperativa Tebelpa, Uruguai, 2023. Foto: Pedro Lima\" width=\"2560\" height=\"1920\" srcset=\"https:\/\/rioonwatch.org.br\/wp-content\/uploads\/2024\/07\/Alimentos-a-venda-no-clube-de-compras-da-Cooperativa-Tebelpa-Uruguai-2023.-Foto-Pedro-Lima-scaled.jpg 2560w, https:\/\/rioonwatch.org.br\/wp-content\/uploads\/2024\/07\/Alimentos-a-venda-no-clube-de-compras-da-Cooperativa-Tebelpa-Uruguai-2023.-Foto-Pedro-Lima-620x465.jpg 620w, https:\/\/rioonwatch.org.br\/wp-content\/uploads\/2024\/07\/Alimentos-a-venda-no-clube-de-compras-da-Cooperativa-Tebelpa-Uruguai-2023.-Foto-Pedro-Lima-2000x1500.jpg 2000w, https:\/\/rioonwatch.org.br\/wp-content\/uploads\/2024\/07\/Alimentos-a-venda-no-clube-de-compras-da-Cooperativa-Tebelpa-Uruguai-2023.-Foto-Pedro-Lima-678x509.jpg 678w, https:\/\/rioonwatch.org.br\/wp-content\/uploads\/2024\/07\/Alimentos-a-venda-no-clube-de-compras-da-Cooperativa-Tebelpa-Uruguai-2023.-Foto-Pedro-Lima-326x245.jpg 326w, https:\/\/rioonwatch.org.br\/wp-content\/uploads\/2024\/07\/Alimentos-a-venda-no-clube-de-compras-da-Cooperativa-Tebelpa-Uruguai-2023.-Foto-Pedro-Lima-80x60.jpg 80w\" sizes=\"(max-width: 2560px) 100vw, 2560px\" \/><\/a><figcaption id=\"caption-attachment-74808\" class=\"wp-caption-text\">Alimentos \u00e0 venda no clube de compras da Cooperativa Tebelpa, Uruguai, 2023. Foto: Pedro Lima<\/figcaption><\/figure>\n<p><span style=\"font-weight: 400;\">Esse \u00e9 um tema muito importante porque, ao construir infraestruturas e equipamentos sociais de forma autogestionada, as comunidades n\u00e3o constroem s\u00f3 espa\u00e7os f\u00edsicos ou estruturas que reproduzem o modelo de equipamentos p\u00fablicos geridos pelo Estado. Na verdade, experimentam outras formas de gest\u00e3o, outros projetos pedag\u00f3gicos e de sa\u00fade e outras arquiteturas, cuja concep\u00e7\u00e3o parte dos saberes e das demandas populares e da capacidade de imagina\u00e7\u00e3o de <a href=\"https:\/\/bit.ly\/3Xypqci\" target=\"_blank\" rel=\"noopener\">outras formas de cuidado coletivo<\/a>.\u00a0<\/span><\/p>\n<p><span style=\"font-weight: 400;\">Al\u00e9m disso, h\u00e1 movimentos que desenvolvem espa\u00e7os de forma\u00e7\u00e3o pol\u00edtica e cooperativista, como as <\/span><i><span style=\"font-weight: 400;\">guard\u00edas<\/span><\/i><span style=\"font-weight: 400;\"> do MOI, em Buenos Aires, que s\u00e3o lugares de boas-vindas e forma\u00e7\u00e3o dos novos cooperativistas, a <\/span>Escola Nacional de Forma\u00e7\u00e3o (<a href=\"https:\/\/bit.ly\/46mj6XV\" target=\"_blank\" rel=\"noopener\">ENFORMA<\/a>) da FUCVAM<span style=\"font-weight: 400;\">, que optou pela educa\u00e7\u00e3o popular de inspira\u00e7\u00e3o freireana e pelo protagonismo dos pr\u00f3prios cooperativistas na coordena\u00e7\u00e3o das atividades de forma\u00e7\u00e3o, e a <\/span><a href=\"https:\/\/bit.ly\/3WgQsCK\" target=\"_blank\" rel=\"noopener\">Escola Regional de Forma\u00e7\u00e3o Cooperativista<\/a> da COCEAVIS<span style=\"font-weight: 400;\">. S\u00e3o lugares fundamentais para que conceitos como a propriedade coletiva, autogest\u00e3o e ajuda m\u00fatua n\u00e3o s\u00f3 sejam compreendidos, mas apropriados e renovados pelas novas gera\u00e7\u00f5es. <\/span><\/p>\n<p><span style=\"font-weight: 400;\">Muitos dos grupos tamb\u00e9m participam de redes internacionais, como a<\/span> Coaliz\u00e3o Internacional do Habitat da Am\u00e9rica Latina (<a href=\"https:\/\/bit.ly\/4fat0jn\" target=\"_blank\" rel=\"noopener\">HIC-AL<\/a>) e Secretaria Latinoamericana de Moradia e H\u00e1bitat Popular (<a href=\"https:\/\/bit.ly\/4cQCmiz\" target=\"_blank\" rel=\"noopener\">SELVIHP<\/a>)<span style=\"font-weight: 400;\">, que promovem trocas de experi\u00eancias, re\u00fanem for\u00e7as nas lutas e difundem internacionalmente esses casos latinos. E ao longo do seu percurso de trabalho, os movimentos buscam construir consci\u00eancia da dimens\u00e3o das suas lutas: mais coletivas e perenes que a luta individual pela moradia e muito mais abrangentes que o tema da habita\u00e7\u00e3o, ainda que partindo dele.<\/span><\/p>\n<figure id=\"attachment_74809\" aria-describedby=\"caption-attachment-74809\" style=\"width: 1518px\" class=\"wp-caption alignnone\"><a href=\"https:\/\/rioonwatch.org.br\/wp-content\/uploads\/2024\/07\/Jornal-Raices-del-Cano-produzido-no-TTC-do-Cano-Martin-Pena-em-Porto-Rico-onde-sao-relatadas-as-atividades-comunitarias-realizadas-no-territorio-Reproducao-TTC-do-Cano-Martin-Pena.png\"><img loading=\"lazy\" decoding=\"async\" class=\"wp-image-74809 size-full\" title=\"Jornal \u201cRa\u00edces del Ca\u00f1o\u201d, produzido no TTC Ca\u00f1o Mart\u00edn Pe\u00f1a, em Porto Rico, onde s\u00e3o relatadas as atividades comunit\u00e1rias realizadas no territ\u00f3rio Reprodu\u00e7\u00e3o: TTC Ca\u00f1o Mart\u00edn Pe\u00f1a\" src=\"https:\/\/rioonwatch.org.br\/wp-content\/uploads\/2024\/07\/Jornal-Raices-del-Cano-produzido-no-TTC-do-Cano-Martin-Pena-em-Porto-Rico-onde-sao-relatadas-as-atividades-comunitarias-realizadas-no-territorio-Reproducao-TTC-do-Cano-Martin-Pena.png\" alt=\"Jornal \u201cRa\u00edces del Ca\u00f1o\u201d, produzido no TTC Ca\u00f1o Mart\u00edn Pe\u00f1a, em Porto Rico, onde s\u00e3o relatadas as atividades comunit\u00e1rias realizadas no territ\u00f3rio Reprodu\u00e7\u00e3o: TTC Ca\u00f1o Mart\u00edn Pe\u00f1a\" width=\"1518\" height=\"828\" srcset=\"https:\/\/rioonwatch.org.br\/wp-content\/uploads\/2024\/07\/Jornal-Raices-del-Cano-produzido-no-TTC-do-Cano-Martin-Pena-em-Porto-Rico-onde-sao-relatadas-as-atividades-comunitarias-realizadas-no-territorio-Reproducao-TTC-do-Cano-Martin-Pena.png 1518w, https:\/\/rioonwatch.org.br\/wp-content\/uploads\/2024\/07\/Jornal-Raices-del-Cano-produzido-no-TTC-do-Cano-Martin-Pena-em-Porto-Rico-onde-sao-relatadas-as-atividades-comunitarias-realizadas-no-territorio-Reproducao-TTC-do-Cano-Martin-Pena-620x338.png 620w\" sizes=\"(max-width: 1518px) 100vw, 1518px\" \/><\/a><figcaption id=\"caption-attachment-74809\" class=\"wp-caption-text\">Jornal \u201c<em>Ra\u00edces del Ca\u00f1o<\/em>\u201d, produzido no TTC Ca\u00f1o Mart\u00edn Pe\u00f1a, em Porto Rico, onde s\u00e3o relatadas as atividades comunit\u00e1rias realizadas no territ\u00f3rio Reprodu\u00e7\u00e3o: TTC Ca\u00f1o Mart\u00edn Pe\u00f1a<\/figcaption><\/figure>\n<p><span style=\"font-weight: 400;\">Todas as pr\u00e1ticas que citamos representam tentativas em curso de enfrentamento de dimens\u00f5es muito diversas de vulnerabilidade \u00e0s quais as fam\u00edlias e as comunidades est\u00e3o submetidas atualmente. Representam um sopro de esperan\u00e7a da organiza\u00e7\u00e3o coletiva, popular e solid\u00e1ria para resistir, enfrentar e transformar contextos urbanos cada vez mais tomados pelo individualismo, autoritarismo, viol\u00eancia e pelas l\u00f3gicas extrativistas. Por isso, ao mesmo tempo que s\u00e3o potentes, enfrentam in\u00fameras dificuldades e contradi\u00e7\u00f5es para se sustentarem e se desenvolverem. Contudo, \u00e9 fundamental celebrarmos a sua exist\u00eancia &#8211; como forma de fortalec\u00ea-las &#8211; e aprendermos com a sua experi\u00eancia &#8211; como forma de inspirar e informar novas lutas. O aprendizado com essas experi\u00eancias demonstra que o exerc\u00edcio de outras formas de propriedade, em oposi\u00e7\u00e3o \u00e0 primazia do privado, contribui muito para fortalecer as disputas e os debates em torno de um outro modelo de cidade.<\/span><\/p>\n<h3>Assista a <a href=\"https:\/\/bit.ly\/3y3NyJT\" target=\"_blank\" rel=\"noopener\">Apresenta\u00e7\u00e3o<\/a> Realizada por Pedro Lima sobre Sua Pesquisa:<\/h3>\n<p><iframe title=\"YouTube video player\" src=\"https:\/\/www.youtube.com\/embed\/2us4YD877U0?si=tsP6ALx0ocQUt7ob\" width=\"1030\" height=\"567\" frameborder=\"0\" allowfullscreen=\"allowfullscreen\"><span data-mce-type=\"bookmark\" style=\"display: inline-block; width: 0px; overflow: hidden; line-height: 0;\" class=\"mce_SELRES_start\">\ufeff<\/span><\/iframe><\/p>\n<p><em><span style=\"font-weight: 400;\">Sobre o autor: Pedro Lima \u00e9 arquiteto urbanista, doutorando na Faculdade de Arquitetura e Urbanismo, e pesquisador do LabCidade FAUUSP, onde trabalha, al\u00e9m dos temas da autogest\u00e3o e da propriedade coletiva, com cartografias cr\u00edticas e processos coletivos de leitura e planejamento territorial.<\/span><\/em><\/p>\n<hr \/>\n<h4><b data-stringify-type=\"bold\">Apoie nossos esfor\u00e7os para fornecer apoio estrat\u00e9gico \u00e0s favelas do Rio, incluindo o jornalismo hiperlocal, cr\u00edtico, inovador e incans\u00e1vel do\u00a0<\/b><b data-stringify-type=\"bold\"><i data-stringify-type=\"italic\">RioOnWatch<\/i><\/b>\u2014<a class=\"c-link\" href=\"http:\/\/www.bit.ly\/ApoieROW\" target=\"_blank\" rel=\"noopener noreferrer\" data-stringify-link=\"http:\/\/www.bit.ly\/ApoieROW\" data-sk=\"tooltip_parent\">doe aqui<\/a>.<\/h4>\n<!-- AddThis Advanced Settings generic via filter on the_content --><!-- AddThis Share Buttons generic via filter on the_content -->","protected":false},"excerpt":{"rendered":"<div class=\"mh-excerpt\"><p>Click Here for English Esta reportagem \u00e9 fruto da pesquisa de doutorado em andamento \u201cPropriedade coletiva e autogest\u00e3o da moradia na Am\u00e9rica Latina: desafios e horizontes contempor\u00e2neos\u201d, por Pedro Lima e orientada pela professora Raquel <a class=\"mh-excerpt-more\" href=\"https:\/\/rioonwatch.org.br\/?p=74570\" title=\"Cooperativas Habitacionais e Outras Experi\u00eancias de Autogest\u00e3o com Propriedade Coletiva Fortalecem Pr\u00e1ticas Comunit\u00e1rias em Cidades Latino-Americanas\">[&#8230;]<\/a><!-- AddThis Advanced Settings generic via filter on get_the_excerpt --><!-- AddThis Share Buttons generic via filter on get_the_excerpt --><\/p>\n<\/div>","protected":false},"author":167,"featured_media":74646,"comment_status":"closed","ping_status":"closed","sticky":false,"template":"template-full.php","format":"standard","meta":{"_acf_changed":false,"_monsterinsights_skip_tracking":false,"_monsterinsights_sitenote_active":false,"_monsterinsights_sitenote_note":"","_monsterinsights_sitenote_category":0,"footnotes":""},"categories":[2323,1621,1632,1626,1612,1638],"tags":[1170,2308,2099,2522,759,826,2506,1220,424,2196,396,395,909,3315,1560,2138,711,2103,2670],"writer":[3439],"translator":[],"source":[],"ilustrador":[],"fotografo":[],"class_list":{"0":"post-74570","1":"post","2":"type-post","3":"status-publish","4":"format-standard","5":"has-post-thumbnail","7":"category-urbanismopopular","8":"category-destaque","9":"category-pesquisa-e-analise","10":"category-por-observadores-internacionais","11":"category-sociedade-civil","12":"category-video","13":"tag-america-latina","14":"tag-argentina","15":"tag-bolivia","16":"tag-cano-martin-pena","17":"tag-comparacao-internacional","18":"tag-cooperativa","19":"tag-cooperativa-shangri-la","20":"tag-deficit-habitacional","21":"tag-direito-a-moradia","22":"tag-economia-solidaria","23":"tag-especulacao-imobiliaria","24":"tag-gentrificacao-remocao-branca","25":"tag-habitacao-acessivel","26":"tag-inseguranca-habitacional","27":"tag-mexico","28":"tag-porto-rico","29":"tag-clt","30":"tag-uruguai","31":"tag-venezuela","32":"writer-pedro-lima"},"acf":[],"yoast_head":"<!-- This site is optimized with the Yoast SEO plugin v25.6 - https:\/\/yoast.com\/wordpress\/plugins\/seo\/ -->\n<title>Cooperativas Habitacionais e Outras Experi\u00eancias de Autogest\u00e3o com Propriedade Coletiva Fortalecem Pr\u00e1ticas Comunit\u00e1rias em Cidades Latino-Americanas - RioOnWatch<\/title>\n<meta name=\"robots\" content=\"index, follow, max-snippet:-1, max-image-preview:large, max-video-preview:-1\" \/>\n<link rel=\"canonical\" href=\"https:\/\/rioonwatch.org.br\/?p=74570\" \/>\n<meta property=\"og:locale\" content=\"pt_BR\" \/>\n<meta property=\"og:type\" content=\"article\" \/>\n<meta property=\"og:title\" content=\"Cooperativas Habitacionais e Outras Experi\u00eancias de Autogest\u00e3o com Propriedade Coletiva Fortalecem Pr\u00e1ticas Comunit\u00e1rias em Cidades Latino-Americanas - RioOnWatch\" \/>\n<meta property=\"og:description\" content=\"Click Here for English Esta reportagem \u00e9 fruto da pesquisa de doutorado em andamento \u201cPropriedade coletiva e autogest\u00e3o da moradia na Am\u00e9rica Latina: desafios e horizontes contempor\u00e2neos\u201d, por Pedro Lima e orientada pela professora Raquel [...]\" \/>\n<meta property=\"og:url\" content=\"https:\/\/rioonwatch.org.br\/?p=74570\" \/>\n<meta property=\"og:site_name\" content=\"RioOnWatch\" \/>\n<meta property=\"article:published_time\" content=\"2024-07-26T18:08:13+00:00\" \/>\n<meta property=\"article:modified_time\" content=\"2024-09-09T17:52:17+00:00\" \/>\n<meta property=\"og:image\" content=\"https:\/\/rioonwatch.org.br\/wp-content\/uploads\/2024\/07\/Mapa-das-Cooperativas-Habitacionais-de-usuarios-e-Termos-Territoriais-Coletivos-na-America-Latina.-Elaboracao-e-arte-Pedro-Lima-2.png\" \/>\n\t<meta property=\"og:image:width\" content=\"1600\" \/>\n\t<meta property=\"og:image:height\" content=\"981\" \/>\n\t<meta property=\"og:image:type\" content=\"image\/png\" \/>\n<meta name=\"author\" content=\"Julio Santos Filho\" \/>\n<meta name=\"twitter:card\" content=\"summary_large_image\" \/>\n<meta name=\"twitter:label1\" content=\"Escrito por\" \/>\n\t<meta name=\"twitter:data1\" content=\"Julio Santos Filho\" \/>\n\t<meta name=\"twitter:label2\" content=\"Est. tempo de leitura\" \/>\n\t<meta name=\"twitter:data2\" content=\"18 minutos\" \/>\n<script type=\"application\/ld+json\" class=\"yoast-schema-graph\">{\"@context\":\"https:\/\/schema.org\",\"@graph\":[{\"@type\":\"Article\",\"@id\":\"https:\/\/rioonwatch.org.br\/?p=74570#article\",\"isPartOf\":{\"@id\":\"https:\/\/rioonwatch.org.br\/?p=74570\"},\"author\":{\"name\":\"Julio Santos Filho\",\"@id\":\"https:\/\/rioonwatch.org.br\/#\/schema\/person\/476bc75767957d3535b65b796667cd36\"},\"headline\":\"Cooperativas Habitacionais e Outras Experi\u00eancias de Autogest\u00e3o com Propriedade Coletiva Fortalecem Pr\u00e1ticas Comunit\u00e1rias em Cidades Latino-Americanas\",\"datePublished\":\"2024-07-26T18:08:13+00:00\",\"dateModified\":\"2024-09-09T17:52:17+00:00\",\"mainEntityOfPage\":{\"@id\":\"https:\/\/rioonwatch.org.br\/?p=74570\"},\"wordCount\":3214,\"publisher\":{\"@id\":\"https:\/\/rioonwatch.org.br\/#organization\"},\"image\":{\"@id\":\"https:\/\/rioonwatch.org.br\/?p=74570#primaryimage\"},\"thumbnailUrl\":\"https:\/\/rioonwatch.org.br\/wp-content\/uploads\/2024\/07\/Mapa-das-Cooperativas-Habitacionais-de-usuarios-e-Termos-Territoriais-Coletivos-na-America-Latina.-Elaboracao-e-arte-Pedro-Lima-2.png\",\"keywords\":[\"Am\u00e9rica Latina\",\"Argentina\",\"Bolivia\",\"Ca\u00f1o Mart\u00edn Pe\u00f1a\",\"compara\u00e7\u00e3o internacional\",\"cooperativa\",\"Cooperativa Shangri-l\u00e1\",\"d\u00e9ficit habitacional\",\"Direito \u00e0 Moradia\",\"economia solid\u00e1ria\",\"especula\u00e7\u00e3o imobili\u00e1ria\",\"gentrifica\u00e7\u00e3o\",\"habita\u00e7\u00e3o acess\u00edvel\",\"inseguran\u00e7a habitacional\",\"M\u00e9xico\",\"Porto Rico\",\"Termo Territorial Coletivo (TTC) \/ Community Land Trust (CLT)\",\"Uruguai\",\"Venezuela\"],\"articleSection\":[\"#UrbanismoPopular\",\"*Destaque\",\"Dados e Pesquisa\",\"Escrito por Aliados\",\"Sociedade Civil\",\"V\u00eddeo\"],\"inLanguage\":\"pt-BR\"},{\"@type\":\"WebPage\",\"@id\":\"https:\/\/rioonwatch.org.br\/?p=74570\",\"url\":\"https:\/\/rioonwatch.org.br\/?p=74570\",\"name\":\"Cooperativas Habitacionais e Outras Experi\u00eancias de Autogest\u00e3o com Propriedade Coletiva Fortalecem Pr\u00e1ticas Comunit\u00e1rias em Cidades Latino-Americanas - RioOnWatch\",\"isPartOf\":{\"@id\":\"https:\/\/rioonwatch.org.br\/#website\"},\"primaryImageOfPage\":{\"@id\":\"https:\/\/rioonwatch.org.br\/?p=74570#primaryimage\"},\"image\":{\"@id\":\"https:\/\/rioonwatch.org.br\/?p=74570#primaryimage\"},\"thumbnailUrl\":\"https:\/\/rioonwatch.org.br\/wp-content\/uploads\/2024\/07\/Mapa-das-Cooperativas-Habitacionais-de-usuarios-e-Termos-Territoriais-Coletivos-na-America-Latina.-Elaboracao-e-arte-Pedro-Lima-2.png\",\"datePublished\":\"2024-07-26T18:08:13+00:00\",\"dateModified\":\"2024-09-09T17:52:17+00:00\",\"breadcrumb\":{\"@id\":\"https:\/\/rioonwatch.org.br\/?p=74570#breadcrumb\"},\"inLanguage\":\"pt-BR\",\"potentialAction\":[{\"@type\":\"ReadAction\",\"target\":[\"https:\/\/rioonwatch.org.br\/?p=74570\"]}]},{\"@type\":\"ImageObject\",\"inLanguage\":\"pt-BR\",\"@id\":\"https:\/\/rioonwatch.org.br\/?p=74570#primaryimage\",\"url\":\"https:\/\/rioonwatch.org.br\/wp-content\/uploads\/2024\/07\/Mapa-das-Cooperativas-Habitacionais-de-usuarios-e-Termos-Territoriais-Coletivos-na-America-Latina.-Elaboracao-e-arte-Pedro-Lima-2.png\",\"contentUrl\":\"https:\/\/rioonwatch.org.br\/wp-content\/uploads\/2024\/07\/Mapa-das-Cooperativas-Habitacionais-de-usuarios-e-Termos-Territoriais-Coletivos-na-America-Latina.-Elaboracao-e-arte-Pedro-Lima-2.png\",\"width\":1600,\"height\":981,\"caption\":\"Mapa das Cooperativas Habitacionais de usu\u00e1rios e Termos Territoriais Coletivos na Am\u00e9rica Latina. Elabora\u00e7\u00e3o e arte: Pedro Lima\"},{\"@type\":\"BreadcrumbList\",\"@id\":\"https:\/\/rioonwatch.org.br\/?p=74570#breadcrumb\",\"itemListElement\":[{\"@type\":\"ListItem\",\"position\":1,\"name\":\"In\u00edcio\",\"item\":\"https:\/\/rioonwatch.org.br\/\"},{\"@type\":\"ListItem\",\"position\":2,\"name\":\"Cooperativas Habitacionais e Outras Experi\u00eancias de Autogest\u00e3o com Propriedade Coletiva Fortalecem Pr\u00e1ticas Comunit\u00e1rias em Cidades Latino-Americanas\"}]},{\"@type\":\"WebSite\",\"@id\":\"https:\/\/rioonwatch.org.br\/#website\",\"url\":\"https:\/\/rioonwatch.org.br\/\",\"name\":\"RioOnWatch\",\"description\":\"relatos das favelas cariocas\",\"publisher\":{\"@id\":\"https:\/\/rioonwatch.org.br\/#organization\"},\"potentialAction\":[{\"@type\":\"SearchAction\",\"target\":{\"@type\":\"EntryPoint\",\"urlTemplate\":\"https:\/\/rioonwatch.org.br\/?s={search_term_string}\"},\"query-input\":{\"@type\":\"PropertyValueSpecification\",\"valueRequired\":true,\"valueName\":\"search_term_string\"}}],\"inLanguage\":\"pt-BR\"},{\"@type\":\"Organization\",\"@id\":\"https:\/\/rioonwatch.org.br\/#organization\",\"name\":\"RioOnWatch\",\"url\":\"https:\/\/rioonwatch.org.br\/\",\"logo\":{\"@type\":\"ImageObject\",\"inLanguage\":\"pt-BR\",\"@id\":\"https:\/\/rioonwatch.org.br\/#\/schema\/logo\/image\/\",\"url\":\"https:\/\/rioonwatch.org.br\/wp-content\/uploads\/2021\/06\/RioOnWatchcabecalhoPT11anos-2.png\",\"contentUrl\":\"https:\/\/rioonwatch.org.br\/wp-content\/uploads\/2021\/06\/RioOnWatchcabecalhoPT11anos-2.png\",\"width\":779,\"height\":277,\"caption\":\"RioOnWatch\"},\"image\":{\"@id\":\"https:\/\/rioonwatch.org.br\/#\/schema\/logo\/image\/\"}},{\"@type\":\"Person\",\"@id\":\"https:\/\/rioonwatch.org.br\/#\/schema\/person\/476bc75767957d3535b65b796667cd36\",\"name\":\"Julio Santos Filho\",\"image\":{\"@type\":\"ImageObject\",\"inLanguage\":\"pt-BR\",\"@id\":\"https:\/\/rioonwatch.org.br\/#\/schema\/person\/image\/\",\"url\":\"https:\/\/secure.gravatar.com\/avatar\/ca138f7666182a292a8ce4ca14fb81f8?s=96&d=blank&r=g\",\"contentUrl\":\"https:\/\/secure.gravatar.com\/avatar\/ca138f7666182a292a8ce4ca14fb81f8?s=96&d=blank&r=g\",\"caption\":\"Julio Santos Filho\"},\"url\":\"https:\/\/rioonwatch.org.br\/?author=167\"}]}<\/script>\n<!-- \/ Yoast SEO plugin. -->","yoast_head_json":{"title":"Cooperativas Habitacionais e Outras Experi\u00eancias de Autogest\u00e3o com Propriedade Coletiva Fortalecem Pr\u00e1ticas Comunit\u00e1rias em Cidades Latino-Americanas - RioOnWatch","robots":{"index":"index","follow":"follow","max-snippet":"max-snippet:-1","max-image-preview":"max-image-preview:large","max-video-preview":"max-video-preview:-1"},"canonical":"https:\/\/rioonwatch.org.br\/?p=74570","og_locale":"pt_BR","og_type":"article","og_title":"Cooperativas Habitacionais e Outras Experi\u00eancias de Autogest\u00e3o com Propriedade Coletiva Fortalecem Pr\u00e1ticas Comunit\u00e1rias em Cidades Latino-Americanas - RioOnWatch","og_description":"Click Here for English Esta reportagem \u00e9 fruto da pesquisa de doutorado em andamento \u201cPropriedade coletiva e autogest\u00e3o da moradia na Am\u00e9rica Latina: desafios e horizontes contempor\u00e2neos\u201d, por Pedro Lima e orientada pela professora Raquel [...]","og_url":"https:\/\/rioonwatch.org.br\/?p=74570","og_site_name":"RioOnWatch","article_published_time":"2024-07-26T18:08:13+00:00","article_modified_time":"2024-09-09T17:52:17+00:00","og_image":[{"width":1600,"height":981,"url":"https:\/\/rioonwatch.org.br\/wp-content\/uploads\/2024\/07\/Mapa-das-Cooperativas-Habitacionais-de-usuarios-e-Termos-Territoriais-Coletivos-na-America-Latina.-Elaboracao-e-arte-Pedro-Lima-2.png","type":"image\/png"}],"author":"Julio Santos Filho","twitter_card":"summary_large_image","twitter_misc":{"Escrito por":"Julio Santos Filho","Est. tempo de leitura":"18 minutos"},"schema":{"@context":"https:\/\/schema.org","@graph":[{"@type":"Article","@id":"https:\/\/rioonwatch.org.br\/?p=74570#article","isPartOf":{"@id":"https:\/\/rioonwatch.org.br\/?p=74570"},"author":{"name":"Julio Santos Filho","@id":"https:\/\/rioonwatch.org.br\/#\/schema\/person\/476bc75767957d3535b65b796667cd36"},"headline":"Cooperativas Habitacionais e Outras Experi\u00eancias de Autogest\u00e3o com Propriedade Coletiva Fortalecem Pr\u00e1ticas Comunit\u00e1rias em Cidades Latino-Americanas","datePublished":"2024-07-26T18:08:13+00:00","dateModified":"2024-09-09T17:52:17+00:00","mainEntityOfPage":{"@id":"https:\/\/rioonwatch.org.br\/?p=74570"},"wordCount":3214,"publisher":{"@id":"https:\/\/rioonwatch.org.br\/#organization"},"image":{"@id":"https:\/\/rioonwatch.org.br\/?p=74570#primaryimage"},"thumbnailUrl":"https:\/\/rioonwatch.org.br\/wp-content\/uploads\/2024\/07\/Mapa-das-Cooperativas-Habitacionais-de-usuarios-e-Termos-Territoriais-Coletivos-na-America-Latina.-Elaboracao-e-arte-Pedro-Lima-2.png","keywords":["Am\u00e9rica Latina","Argentina","Bolivia","Ca\u00f1o Mart\u00edn Pe\u00f1a","compara\u00e7\u00e3o internacional","cooperativa","Cooperativa Shangri-l\u00e1","d\u00e9ficit habitacional","Direito \u00e0 Moradia","economia solid\u00e1ria","especula\u00e7\u00e3o imobili\u00e1ria","gentrifica\u00e7\u00e3o","habita\u00e7\u00e3o acess\u00edvel","inseguran\u00e7a habitacional","M\u00e9xico","Porto Rico","Termo Territorial Coletivo (TTC) \/ Community Land Trust (CLT)","Uruguai","Venezuela"],"articleSection":["#UrbanismoPopular","*Destaque","Dados e Pesquisa","Escrito por Aliados","Sociedade Civil","V\u00eddeo"],"inLanguage":"pt-BR"},{"@type":"WebPage","@id":"https:\/\/rioonwatch.org.br\/?p=74570","url":"https:\/\/rioonwatch.org.br\/?p=74570","name":"Cooperativas Habitacionais e Outras Experi\u00eancias de Autogest\u00e3o com Propriedade Coletiva Fortalecem Pr\u00e1ticas Comunit\u00e1rias em Cidades Latino-Americanas - RioOnWatch","isPartOf":{"@id":"https:\/\/rioonwatch.org.br\/#website"},"primaryImageOfPage":{"@id":"https:\/\/rioonwatch.org.br\/?p=74570#primaryimage"},"image":{"@id":"https:\/\/rioonwatch.org.br\/?p=74570#primaryimage"},"thumbnailUrl":"https:\/\/rioonwatch.org.br\/wp-content\/uploads\/2024\/07\/Mapa-das-Cooperativas-Habitacionais-de-usuarios-e-Termos-Territoriais-Coletivos-na-America-Latina.-Elaboracao-e-arte-Pedro-Lima-2.png","datePublished":"2024-07-26T18:08:13+00:00","dateModified":"2024-09-09T17:52:17+00:00","breadcrumb":{"@id":"https:\/\/rioonwatch.org.br\/?p=74570#breadcrumb"},"inLanguage":"pt-BR","potentialAction":[{"@type":"ReadAction","target":["https:\/\/rioonwatch.org.br\/?p=74570"]}]},{"@type":"ImageObject","inLanguage":"pt-BR","@id":"https:\/\/rioonwatch.org.br\/?p=74570#primaryimage","url":"https:\/\/rioonwatch.org.br\/wp-content\/uploads\/2024\/07\/Mapa-das-Cooperativas-Habitacionais-de-usuarios-e-Termos-Territoriais-Coletivos-na-America-Latina.-Elaboracao-e-arte-Pedro-Lima-2.png","contentUrl":"https:\/\/rioonwatch.org.br\/wp-content\/uploads\/2024\/07\/Mapa-das-Cooperativas-Habitacionais-de-usuarios-e-Termos-Territoriais-Coletivos-na-America-Latina.-Elaboracao-e-arte-Pedro-Lima-2.png","width":1600,"height":981,"caption":"Mapa das Cooperativas Habitacionais de usu\u00e1rios e Termos Territoriais Coletivos na Am\u00e9rica Latina. Elabora\u00e7\u00e3o e arte: Pedro Lima"},{"@type":"BreadcrumbList","@id":"https:\/\/rioonwatch.org.br\/?p=74570#breadcrumb","itemListElement":[{"@type":"ListItem","position":1,"name":"In\u00edcio","item":"https:\/\/rioonwatch.org.br\/"},{"@type":"ListItem","position":2,"name":"Cooperativas Habitacionais e Outras Experi\u00eancias de Autogest\u00e3o com Propriedade Coletiva Fortalecem Pr\u00e1ticas Comunit\u00e1rias em Cidades Latino-Americanas"}]},{"@type":"WebSite","@id":"https:\/\/rioonwatch.org.br\/#website","url":"https:\/\/rioonwatch.org.br\/","name":"RioOnWatch","description":"relatos das favelas cariocas","publisher":{"@id":"https:\/\/rioonwatch.org.br\/#organization"},"potentialAction":[{"@type":"SearchAction","target":{"@type":"EntryPoint","urlTemplate":"https:\/\/rioonwatch.org.br\/?s={search_term_string}"},"query-input":{"@type":"PropertyValueSpecification","valueRequired":true,"valueName":"search_term_string"}}],"inLanguage":"pt-BR"},{"@type":"Organization","@id":"https:\/\/rioonwatch.org.br\/#organization","name":"RioOnWatch","url":"https:\/\/rioonwatch.org.br\/","logo":{"@type":"ImageObject","inLanguage":"pt-BR","@id":"https:\/\/rioonwatch.org.br\/#\/schema\/logo\/image\/","url":"https:\/\/rioonwatch.org.br\/wp-content\/uploads\/2021\/06\/RioOnWatchcabecalhoPT11anos-2.png","contentUrl":"https:\/\/rioonwatch.org.br\/wp-content\/uploads\/2021\/06\/RioOnWatchcabecalhoPT11anos-2.png","width":779,"height":277,"caption":"RioOnWatch"},"image":{"@id":"https:\/\/rioonwatch.org.br\/#\/schema\/logo\/image\/"}},{"@type":"Person","@id":"https:\/\/rioonwatch.org.br\/#\/schema\/person\/476bc75767957d3535b65b796667cd36","name":"Julio Santos Filho","image":{"@type":"ImageObject","inLanguage":"pt-BR","@id":"https:\/\/rioonwatch.org.br\/#\/schema\/person\/image\/","url":"https:\/\/secure.gravatar.com\/avatar\/ca138f7666182a292a8ce4ca14fb81f8?s=96&d=blank&r=g","contentUrl":"https:\/\/secure.gravatar.com\/avatar\/ca138f7666182a292a8ce4ca14fb81f8?s=96&d=blank&r=g","caption":"Julio Santos Filho"},"url":"https:\/\/rioonwatch.org.br\/?author=167"}]}},"_links":{"self":[{"href":"https:\/\/rioonwatch.org.br\/index.php?rest_route=\/wp\/v2\/posts\/74570"}],"collection":[{"href":"https:\/\/rioonwatch.org.br\/index.php?rest_route=\/wp\/v2\/posts"}],"about":[{"href":"https:\/\/rioonwatch.org.br\/index.php?rest_route=\/wp\/v2\/types\/post"}],"author":[{"embeddable":true,"href":"https:\/\/rioonwatch.org.br\/index.php?rest_route=\/wp\/v2\/users\/167"}],"replies":[{"embeddable":true,"href":"https:\/\/rioonwatch.org.br\/index.php?rest_route=%2Fwp%2Fv2%2Fcomments&post=74570"}],"version-history":[{"count":27,"href":"https:\/\/rioonwatch.org.br\/index.php?rest_route=\/wp\/v2\/posts\/74570\/revisions"}],"predecessor-version":[{"id":75601,"href":"https:\/\/rioonwatch.org.br\/index.php?rest_route=\/wp\/v2\/posts\/74570\/revisions\/75601"}],"wp:featuredmedia":[{"embeddable":true,"href":"https:\/\/rioonwatch.org.br\/index.php?rest_route=\/wp\/v2\/media\/74646"}],"wp:attachment":[{"href":"https:\/\/rioonwatch.org.br\/index.php?rest_route=%2Fwp%2Fv2%2Fmedia&parent=74570"}],"wp:term":[{"taxonomy":"category","embeddable":true,"href":"https:\/\/rioonwatch.org.br\/index.php?rest_route=%2Fwp%2Fv2%2Fcategories&post=74570"},{"taxonomy":"post_tag","embeddable":true,"href":"https:\/\/rioonwatch.org.br\/index.php?rest_route=%2Fwp%2Fv2%2Ftags&post=74570"},{"taxonomy":"writer","embeddable":true,"href":"https:\/\/rioonwatch.org.br\/index.php?rest_route=%2Fwp%2Fv2%2Fwriter&post=74570"},{"taxonomy":"translator","embeddable":true,"href":"https:\/\/rioonwatch.org.br\/index.php?rest_route=%2Fwp%2Fv2%2Ftranslator&post=74570"},{"taxonomy":"source","embeddable":true,"href":"https:\/\/rioonwatch.org.br\/index.php?rest_route=%2Fwp%2Fv2%2Fsource&post=74570"},{"taxonomy":"ilustrador","embeddable":true,"href":"https:\/\/rioonwatch.org.br\/index.php?rest_route=%2Fwp%2Fv2%2Filustrador&post=74570"},{"taxonomy":"fotografo","embeddable":true,"href":"https:\/\/rioonwatch.org.br\/index.php?rest_route=%2Fwp%2Fv2%2Ffotografo&post=74570"}],"curies":[{"name":"wp","href":"https:\/\/api.w.org\/{rel}","templated":true}]}}