{"id":74595,"date":"2024-07-06T09:25:54","date_gmt":"2024-07-06T12:25:54","guid":{"rendered":"https:\/\/rioonwatch.org.br\/?p=74595"},"modified":"2024-07-24T18:37:37","modified_gmt":"2024-07-24T21:37:37","slug":"1a-parada-do-orgulho-lgbt-da-ilha-do-governador-contra-o-fascismo-o-machismo-e-a-homofobia","status":"publish","type":"post","link":"https:\/\/rioonwatch.org.br\/?p=74595","title":{"rendered":"1\u00aa Parada do Orgulho LGBT+ da Ilha do Governador: Conquista de D\u00e9cadas em Bairro Antigo e Conservador do Rio de Janeiro"},"content":{"rendered":"<figure id=\"attachment_74629\" aria-describedby=\"caption-attachment-74629\" style=\"width: 2560px\" class=\"wp-caption aligncenter\"><a href=\"https:\/\/rioonwatch.org.br\/wp-content\/uploads\/2024\/07\/1a-Parada-LGBT-da-ILha-do-Governador-Drag-Mariana-Crocs-2--scaled.jpg\"><img fetchpriority=\"high\" decoding=\"async\" class=\"wp-image-74629 size-full\" title=\"Apresenta\u00e7\u00e3o da Drag Mariana Crocs na 1\u00aa Parada LGBT da Ilha do Governador. Foto: Amanda Baroni\" src=\"https:\/\/rioonwatch.org.br\/wp-content\/uploads\/2024\/07\/1a-Parada-LGBT-da-ILha-do-Governador-Drag-Mariana-Crocs-2--scaled.jpg\" alt=\"Apresenta\u00e7\u00e3o da Drag Mariana Crocs na 1\u00aa Parada LGBT da Ilha do Governador. Foto: Amanda Baroni\" width=\"2560\" height=\"1707\" srcset=\"https:\/\/rioonwatch.org.br\/wp-content\/uploads\/2024\/07\/1a-Parada-LGBT-da-ILha-do-Governador-Drag-Mariana-Crocs-2--scaled.jpg 2560w, https:\/\/rioonwatch.org.br\/wp-content\/uploads\/2024\/07\/1a-Parada-LGBT-da-ILha-do-Governador-Drag-Mariana-Crocs-2--620x413.jpg 620w\" sizes=\"(max-width: 2560px) 100vw, 2560px\" \/><\/a><figcaption id=\"caption-attachment-74629\" class=\"wp-caption-text\">Apresenta\u00e7\u00e3o da Drag Mariana Crocs na 1\u00aa Parada LGBT da Ilha do Governador. Foto: Amanda Baroni<\/figcaption><\/figure>\n<h4 style=\"text-align: right;\"><a href=\"https:\/\/bit.ly\/3WkAWFZ\" target=\"_blank\" rel=\"noopener\"><em><strong>Click Here for English<img decoding=\"async\" class=\"alignright wp-image-15790 lazyloaded\" src=\"https:\/\/rioonwatch.org.br\/wp-content\/uploads\/2012\/08\/EN-standard-e1439583104716.jpg\" alt=\"\" width=\"20\" height=\"20\" data-src=\"https:\/\/rioonwatch.org.br\/wp-content\/uploads\/2012\/08\/EN-standard-e1439583104716.jpg\" \/><\/strong><\/em><\/a><\/h4>\n<p><em><span style=\"font-weight: 400;\">Em um s\u00e1bado ensolarado, 29 de junho, foi realizada a <a href=\"https:\/\/bit.ly\/3RXtaAw\" target=\"_blank\" rel=\"noopener\">1\u00b0 Parada do Orgulho LGBT+<\/a> da <a href=\"https:\/\/bit.ly\/303L5v0\" target=\"_blank\" rel=\"noopener\">Ilha do Governador<\/a> aos p\u00e9s do <a href=\"https:\/\/bit.ly\/2UbzAxW\" target=\"_blank\" rel=\"noopener\">Morro do Dend\u00ea<\/a>, no <a href=\"https:\/\/bit.ly\/3XOzVbB\" target=\"_blank\" rel=\"noopener\">Aterro do Cocot\u00e1<\/a>, <a href=\"https:\/\/bit.ly\/2ETpYR1\" target=\"_blank\" rel=\"noopener\">Zona Norte<\/a> do Rio. O evento foi uma realiza\u00e7\u00e3o da <a href=\"https:\/\/bit.ly\/4cO20UK\" target=\"_blank\" rel=\"noopener\">ONG Encontro das Cores<\/a>, que atua em maior parte com crian\u00e7as e jovens <a href=\"https:\/\/bit.ly\/3tetDRj\" target=\"_blank\" rel=\"noopener\">LGBT+<\/a> de favelas e bairros perif\u00e9ricos da Ilha. Um marco hist\u00f3rico para o bairro, a manifesta\u00e7\u00e3o simboliza a resist\u00eancia e a conquista de espa\u00e7o pela comunidade LGBT+ em um bairro tradicionalmente conservador.<\/span><\/em><\/p>\n<blockquote><p><span style=\"font-weight: 400;\"> \u201cNunca teve uma p<\/span><span style=\"font-weight: 400;\">arada aqui no nosso territ\u00f3rio. A Ilha do Governador \u00e9 um bairro extremamente conservador, cercado por quart\u00e9is, s\u00f3 que a popula\u00e7\u00e3o LGBT+ existe aqui dentro. Ent\u00e3o, a gente quis trazer essa ideia, essa luta para o nosso bairro, para que as pessoas entendam tamb\u00e9m que a gente est\u00e1 aqui, que a gente existe, que a gente precisa comemorar&#8230; celebrar nossa vida&#8230; por estarmos vivos.\u201d \u2014 <a href=\"https:\/\/bit.ly\/3xQFADu\" target=\"_blank\" rel=\"noopener\">Byron Teixeira<\/a><\/span><\/p><\/blockquote>\n<p><span style=\"font-weight: 400;\">Segundo o fundador da ONG e idealizador da parada, o insulano Byron Teixeira, cria da favela de <a href=\"https:\/\/bit.ly\/47esm0k\" target=\"_blank\" rel=\"noopener\">Itacolomi<\/a>, a proposta do evento \u00e9 construir um espa\u00e7o seguro, de orgulho e pertencimento para a comunidade LGBT+ da Ilha e dos bairros do entorno, do <a href=\"https:\/\/bit.ly\/3RXNnWX\" target=\"_blank\" rel=\"noopener\">sub\u00farbio da Leopoldina<\/a>.<\/span><\/p>\n<p><span style=\"font-weight: 400;\">A ONG Encontro das Cores <a href=\"https:\/\/bit.ly\/3Ldhy8T\" target=\"_blank\" rel=\"noopener\">surgiu em 2018<\/a>, ap\u00f3s um caso de <a href=\"https:\/\/bit.ly\/4eXd7MW\" target=\"_blank\" rel=\"noopener\">homofobia<\/a> vivida por Byron, quando ainda fazia parte de sua igreja. A partir disso, ele e outros jovens LGBT+ iniciaram encontros com rodas de conversa na Ilha do Governador. O intuito era criar um espa\u00e7o para di\u00e1logo e de apoio m\u00fatuo.<\/span><\/p>\n<blockquote><p><span style=\"font-weight: 400;\"> \u201cQuando eu estava num momento de muita depress\u00e3o, eu fui procurar quem eu achava que era a minha lideran\u00e7a naquele momento. E a\u00ed, [ao] inv\u00e9s de acolhimento, eu recebi &#8216;aqui n\u00e3o \u00e9 seu lugar se for para ser desse jeito&#8217;. Ent\u00e3o, fundei o Encontro das Cores com o intuito de ser um local de acolhimento para pessoas que passaram ou passam coisas que eu passei ou parecidas com isso.\u201d \u2014 Byron Teixeira <\/span><\/p><\/blockquote>\n<figure id=\"attachment_74613\" aria-describedby=\"caption-attachment-74613\" style=\"width: 2560px\" class=\"wp-caption aligncenter\"><a href=\"https:\/\/rioonwatch.org.br\/wp-content\/uploads\/2024\/07\/1a-Parada-LGBT-da-ILha-do-Governador-Byron-Teixeira--scaled.jpg\"><img decoding=\"async\" class=\"wp-image-74613 size-full\" title=\"\u00a0Byron Teixeira apresentando a 1\u00aa Parada do Orgulho LGBT+ da Ilha do Governador. Foto: Amanda Baroni\" src=\"https:\/\/rioonwatch.org.br\/wp-content\/uploads\/2024\/07\/1a-Parada-LGBT-da-ILha-do-Governador-Byron-Teixeira--scaled.jpg\" alt=\"\u00a0Byron Teixeira apresentando a 1\u00aa Parada do Orgulho LGBT+ da Ilha do Governador. Foto: Amanda Baroni\" width=\"2560\" height=\"1707\" srcset=\"https:\/\/rioonwatch.org.br\/wp-content\/uploads\/2024\/07\/1a-Parada-LGBT-da-ILha-do-Governador-Byron-Teixeira--scaled.jpg 2560w, https:\/\/rioonwatch.org.br\/wp-content\/uploads\/2024\/07\/1a-Parada-LGBT-da-ILha-do-Governador-Byron-Teixeira--620x413.jpg 620w\" sizes=\"(max-width: 2560px) 100vw, 2560px\" \/><\/a><figcaption id=\"caption-attachment-74613\" class=\"wp-caption-text\">Byron Teixeira apresentando a 1\u00aa Parada do Orgulho LGBT+ da Ilha do Governador. Foto: Amanda Baroni<\/figcaption><\/figure>\n<p><span style=\"font-weight: 400;\">A cantora, <a href=\"https:\/\/bit.ly\/2WKGsUF\" target=\"_blank\" rel=\"noopener\">agente comunit\u00e1ria de sa\u00fade<\/a> e volunt\u00e1ria da ONG, Juliana Macedo, conta que a ONG tem dois grandes p\u00fablicos: a comunidade local da Ilha do Governador e o acolhimento de pessoas LGBTQIAPN+. Para ela, o diferencial do Encontro das Cores \u00e9 combinar trabalho social com conscientiza\u00e7\u00e3o contra a LGBTQIAPN+fobia.<\/span><\/p>\n<blockquote><p><span style=\"font-weight: 400;\">\u201cO trabalho educativo que a gente faz <a href=\"https:\/\/bit.ly\/3S0ewbI\" target=\"_blank\" rel=\"noopener\">com crian\u00e7as<\/a>, por exemplo, sempre tem a apresenta\u00e7\u00e3o de uma drag, exatamente como uma forma de quebrar esse paradigma e preconceito, da gente ter um voz ativa, de ser presente na comunidade para todo mundo. N\u00f3s tamb\u00e9m somos agentes transformadores, a gente n\u00e3o \u00e9 s\u00f3 gay, l\u00e9sbica. \u00c9 tirar esse estere\u00f3tipo de que \u00e9 s\u00f3 isso, de que \u00e9 s\u00f3 putaria. A gente quer fazer um trabalho para a comunidade como um todo.\u201d \u2014 Juliana Macedo<\/span><\/p><\/blockquote>\n<blockquote class=\"instagram-media\" style=\"background: #FFF; border: 0; border-radius: 3px; box-shadow: 0 0 1px 0 rgba(0,0,0,0.5),0 1px 10px 0 rgba(0,0,0,0.15); margin: 1px; max-width: 540px; min-width: 326px; padding: 0; width: calc(100% - 2px);\" data-instgrm-captioned=\"\" data-instgrm-permalink=\"https:\/\/www.instagram.com\/p\/CA6P9HKH5eN\/?utm_source=ig_embed&amp;utm_campaign=loading\" data-instgrm-version=\"14\">\n<div style=\"padding: 16px;\">\n<p>&nbsp;<\/p>\n<div style=\"display: flex; flex-direction: row; align-items: center;\">\n<div style=\"background-color: #f4f4f4; border-radius: 50%; flex-grow: 0; height: 40px; margin-right: 14px; width: 40px;\"><\/div>\n<div style=\"display: flex; flex-direction: column; flex-grow: 1; justify-content: center;\">\n<div style=\"background-color: #f4f4f4; border-radius: 4px; flex-grow: 0; height: 14px; margin-bottom: 6px; width: 100px;\"><\/div>\n<div style=\"background-color: #f4f4f4; border-radius: 4px; flex-grow: 0; height: 14px; width: 60px;\"><\/div>\n<\/div>\n<\/div>\n<div style=\"padding: 19% 0;\"><\/div>\n<div style=\"display: block; height: 50px; margin: 0 auto 12px; width: 50px;\"><\/div>\n<div style=\"padding-top: 8px;\">\n<div style=\"color: #3897f0; font-family: Arial,sans-serif; font-size: 14px; font-style: normal; font-weight: 550; line-height: 18px;\">Ver essa foto no Instagram<\/div>\n<\/div>\n<div style=\"padding: 12.5% 0;\"><\/div>\n<div style=\"display: flex; flex-direction: row; margin-bottom: 14px; align-items: center;\">\n<div>\n<div style=\"background-color: #f4f4f4; border-radius: 50%; height: 12.5px; width: 12.5px; transform: translateX(0px) translateY(7px);\"><\/div>\n<div style=\"background-color: #f4f4f4; height: 12.5px; transform: rotate(-45deg) translateX(3px) translateY(1px); width: 12.5px; flex-grow: 0; margin-right: 14px; margin-left: 2px;\"><\/div>\n<div style=\"background-color: #f4f4f4; border-radius: 50%; height: 12.5px; width: 12.5px; transform: translateX(9px) translateY(-18px);\"><\/div>\n<\/div>\n<div style=\"margin-left: 8px;\">\n<div style=\"background-color: #f4f4f4; border-radius: 50%; flex-grow: 0; height: 20px; width: 20px;\"><\/div>\n<div style=\"width: 0; height: 0; border-top: 2px solid transparent; border-left: 6px solid #f4f4f4; border-bottom: 2px solid transparent; transform: translateX(16px) translateY(-4px) rotate(30deg);\"><\/div>\n<\/div>\n<div style=\"margin-left: auto;\">\n<div style=\"width: 0px; border-top: 8px solid #F4F4F4; border-right: 8px solid transparent; transform: translateY(16px);\"><\/div>\n<div style=\"background-color: #f4f4f4; flex-grow: 0; height: 12px; width: 16px; transform: translateY(-4px);\"><\/div>\n<div style=\"width: 0; height: 0; border-top: 8px solid #F4F4F4; border-left: 8px solid transparent; transform: translateY(-4px) translateX(8px);\"><\/div>\n<\/div>\n<\/div>\n<div style=\"display: flex; flex-direction: column; flex-grow: 1; justify-content: center; margin-bottom: 24px;\">\n<div style=\"background-color: #f4f4f4; border-radius: 4px; flex-grow: 0; height: 14px; margin-bottom: 6px; width: 224px;\"><\/div>\n<div style=\"background-color: #f4f4f4; border-radius: 4px; flex-grow: 0; height: 14px; width: 144px;\"><\/div>\n<\/div>\n<p>&nbsp;<\/p>\n<p style=\"color: #c9c8cd; font-family: Arial,sans-serif; font-size: 14px; line-height: 17px; margin-bottom: 0; margin-top: 8px; overflow: hidden; padding: 8px 0 7px; text-align: center; text-overflow: ellipsis; white-space: nowrap;\"><a style=\"color: #c9c8cd; font-family: Arial,sans-serif; font-size: 14px; font-style: normal; font-weight: normal; line-height: 17px; text-decoration: none;\" href=\"https:\/\/www.instagram.com\/p\/CA6P9HKH5eN\/?utm_source=ig_embed&amp;utm_campaign=loading\" target=\"_blank\" rel=\"noopener\">Uma publica\u00e7\u00e3o compartilhada por Encontro Das Cores &#x1f3f3;&#xfe0f;&#x200d;&#x1f308; (@encontrodascoresong)<\/a><\/p>\n<\/div>\n<\/blockquote>\n<p><script async src=\"\/\/www.instagram.com\/embed.js\"><\/script><\/p>\n<div class=\"flex flex-grow flex-col max-w-full\">\n<div class=\"min-h-[20px] text-message flex flex-col items-start whitespace-pre-wrap break-words [.text-message+&amp;]:mt-5 juice:w-full juice:items-end overflow-x-auto gap-2\" dir=\"auto\" data-message-author-role=\"assistant\" data-message-id=\"feadb602-5f45-4966-a05e-5d8d6fd0495e\">\n<div class=\"flex w-full flex-col gap-1 juice:empty:hidden juice:first:pt-[3px]\">\n<div class=\"markdown prose w-full break-words dark:prose-invert light\">\n<h3>Aos P\u00e9s do Morro do Dend\u00ea ou na Praia de S\u00e3o Bento: Uma Ilha em Luta por Liberdade<\/h3>\n<figure id=\"attachment_74728\" aria-describedby=\"caption-attachment-74728\" style=\"width: 500px\" class=\"wp-caption alignright\"><a href=\"https:\/\/rioonwatch.org.br\/wp-content\/uploads\/2024\/07\/Aterro-do-Cocota.-Foto-Ilha-Noticias.jpeg\"><img loading=\"lazy\" decoding=\"async\" class=\"wp-image-74728\" title=\"Aterro do Cocot\u00e1. Foto: Ilha Not\u00edcias\" src=\"https:\/\/rioonwatch.org.br\/wp-content\/uploads\/2024\/07\/Aterro-do-Cocota.-Foto-Ilha-Noticias-620x358.jpeg\" alt=\"Aterro do Cocot\u00e1. Foto: Ilha Not\u00edcias\" width=\"500\" height=\"288\" srcset=\"https:\/\/rioonwatch.org.br\/wp-content\/uploads\/2024\/07\/Aterro-do-Cocota.-Foto-Ilha-Noticias-620x358.jpeg 620w, https:\/\/rioonwatch.org.br\/wp-content\/uploads\/2024\/07\/Aterro-do-Cocota.-Foto-Ilha-Noticias.jpeg 1052w\" sizes=\"(max-width: 500px) 100vw, 500px\" \/><\/a><figcaption id=\"caption-attachment-74728\" class=\"wp-caption-text\">Aterro do Cocot\u00e1. Foto: Ilha Not\u00edcias<\/figcaption><\/figure>\n<p>A cria\u00e7\u00e3o da Parada do Orgulho LGBT+ da Ilha n\u00e3o simboliza s\u00f3 um <a href=\"https:\/\/bit.ly\/4cFbAt0\" target=\"_blank\" rel=\"noopener\">marco importante na luta por direitos<\/a>, mas a quebra de preconceitos. Em um bairro conservador, com um retrato negativo dos LGBT+ na m\u00eddia local, que representa a presen\u00e7a dos LGBT+ no bairro como algo <a href=\"https:\/\/bit.ly\/4btr7Lv\" target=\"_blank\" rel=\"noopener\">da ordem do perigo<\/a> e do <a href=\"https:\/\/bit.ly\/4610a0Q\" target=\"_blank\" rel=\"noopener\">dist\u00farbio social<\/a>, j\u00e1 chamados de &#8220;figuras estranhas&#8221; no <a href=\"https:\/\/bit.ly\/4eONQ7R\" target=\"_blank\" rel=\"noopener\">editorial do jornal do bairro<\/a>, esse espa\u00e7o de desafio \u00e0 <a href=\"https:\/\/bit.ly\/3VRk9ua\" target=\"_blank\" rel=\"noopener\">cisheteronormatividade<\/a>, de promo\u00e7\u00e3o do respeito \u00e0 diversidade, \u00e9 fundamental. Sobretudo no Aterro do Cocot\u00e1, espa\u00e7o de viv\u00eancias LGBT+ na Ilha, um territ\u00f3rio onde a <a href=\"https:\/\/bit.ly\/3VQQUrf\" target=\"_blank\" rel=\"noopener\">homofobia j\u00e1 violentou<\/a> e a <a href=\"https:\/\/bit.ly\/3XTR2co\" target=\"_blank\" rel=\"noopener\">transfobia j\u00e1 matou<\/a>, a Parada da Ilha subverte e transforma esse espa\u00e7o de dor.<\/p>\n<blockquote><p>\u201cA gente luta para ter essa parada da Ilha h\u00e1 muito tempo. Come\u00e7amos com encontros educativos, palestras e rodas de conversa. E a\u00ed, a gente come\u00e7ou a ter uma coisa de ajudar as pessoas. Foi natural. A partir disso, viramos ONG e a ter um espa\u00e7o, o <a href=\"https:\/\/bit.ly\/45PIuVG\" target=\"_blank\" rel=\"noopener\">Quiosque Sunset<\/a> [na Praia de S\u00e3o Bento], que se tornou um <em>point<\/em>. Ent\u00e3o, come\u00e7amos a querer fazer a parada&#8230; mas era dif\u00edcil porque t\u00ednhamos que ter autoriza\u00e7\u00e3o, alvar\u00e1, essas coisas.\u201d \u2014 Juliana Macedo<\/p><\/blockquote>\n<\/div>\n<\/div>\n<\/div>\n<\/div>\n<blockquote class=\"instagram-media\" style=\"background: #FFF; border: 0; border-radius: 3px; box-shadow: 0 0 1px 0 rgba(0,0,0,0.5),0 1px 10px 0 rgba(0,0,0,0.15); margin: 1px; max-width: 540px; min-width: 326px; padding: 0; width: calc(100% - 2px);\" data-instgrm-captioned=\"\" data-instgrm-permalink=\"https:\/\/www.instagram.com\/reel\/C8Sk4ALOwxt\/?utm_source=ig_embed&amp;utm_campaign=loading\" data-instgrm-version=\"14\">\n<div style=\"padding: 16px;\">\n<p>&nbsp;<\/p>\n<div style=\"display: flex; flex-direction: row; align-items: center;\">\n<div style=\"background-color: #f4f4f4; border-radius: 50%; flex-grow: 0; height: 40px; margin-right: 14px; width: 40px;\"><\/div>\n<div style=\"display: flex; flex-direction: column; flex-grow: 1; justify-content: center;\">\n<div style=\"background-color: #f4f4f4; border-radius: 4px; flex-grow: 0; height: 14px; margin-bottom: 6px; width: 100px;\"><\/div>\n<div style=\"background-color: #f4f4f4; border-radius: 4px; flex-grow: 0; height: 14px; width: 60px;\"><\/div>\n<\/div>\n<\/div>\n<div style=\"padding: 19% 0;\"><\/div>\n<div style=\"display: block; height: 50px; margin: 0 auto 12px; width: 50px;\"><\/div>\n<div style=\"padding-top: 8px;\">\n<div style=\"color: #3897f0; font-family: Arial,sans-serif; font-size: 14px; font-style: normal; font-weight: 550; line-height: 18px;\">Ver essa foto no Instagram<\/div>\n<\/div>\n<div style=\"padding: 12.5% 0;\"><\/div>\n<div style=\"display: flex; flex-direction: row; margin-bottom: 14px; align-items: center;\">\n<div>\n<div style=\"background-color: #f4f4f4; border-radius: 50%; height: 12.5px; width: 12.5px; transform: translateX(0px) translateY(7px);\"><\/div>\n<div style=\"background-color: #f4f4f4; height: 12.5px; transform: rotate(-45deg) translateX(3px) translateY(1px); width: 12.5px; flex-grow: 0; margin-right: 14px; margin-left: 2px;\"><\/div>\n<div style=\"background-color: #f4f4f4; border-radius: 50%; height: 12.5px; width: 12.5px; transform: translateX(9px) translateY(-18px);\"><\/div>\n<\/div>\n<div style=\"margin-left: 8px;\">\n<div style=\"background-color: #f4f4f4; border-radius: 50%; flex-grow: 0; height: 20px; width: 20px;\"><\/div>\n<div style=\"width: 0; height: 0; border-top: 2px solid transparent; border-left: 6px solid #f4f4f4; border-bottom: 2px solid transparent; transform: translateX(16px) translateY(-4px) rotate(30deg);\"><\/div>\n<\/div>\n<div style=\"margin-left: auto;\">\n<div style=\"width: 0px; border-top: 8px solid #F4F4F4; border-right: 8px solid transparent; transform: translateY(16px);\"><\/div>\n<div style=\"background-color: #f4f4f4; flex-grow: 0; height: 12px; width: 16px; transform: translateY(-4px);\"><\/div>\n<div style=\"width: 0; height: 0; border-top: 8px solid #F4F4F4; border-left: 8px solid transparent; transform: translateY(-4px) translateX(8px);\"><\/div>\n<\/div>\n<\/div>\n<div style=\"display: flex; flex-direction: column; flex-grow: 1; justify-content: center; margin-bottom: 24px;\">\n<div style=\"background-color: #f4f4f4; border-radius: 4px; flex-grow: 0; height: 14px; margin-bottom: 6px; width: 224px;\"><\/div>\n<div style=\"background-color: #f4f4f4; border-radius: 4px; flex-grow: 0; height: 14px; width: 144px;\"><\/div>\n<\/div>\n<p>&nbsp;<\/p>\n<p style=\"color: #c9c8cd; font-family: Arial,sans-serif; font-size: 14px; line-height: 17px; margin-bottom: 0; margin-top: 8px; overflow: hidden; padding: 8px 0 7px; text-align: center; text-overflow: ellipsis; white-space: nowrap;\"><a style=\"color: #c9c8cd; font-family: Arial,sans-serif; font-size: 14px; font-style: normal; font-weight: normal; line-height: 17px; text-decoration: none;\" href=\"https:\/\/www.instagram.com\/reel\/C8Sk4ALOwxt\/?utm_source=ig_embed&amp;utm_campaign=loading\" target=\"_blank\" rel=\"noopener\">Uma publica\u00e7\u00e3o compartilhada por &#x1f319; LUA DRAG &#x1f319; (@luadrag)<\/a><\/p>\n<\/div>\n<\/blockquote>\n<p><script async src=\"\/\/www.instagram.com\/embed.js\"><\/script><\/p>\n<p><span style=\"font-weight: 400;\">At\u00e9 a realiza\u00e7\u00e3o da Parada LGBT+, al\u00e9m da burocracia, foram necess\u00e1rios anos de mobiliza\u00e7\u00e3o local. Outros eventos organizados pela ONG funcionaram como um precursor da 1\u00aa Parada da Ilha.<\/span><\/p>\n<blockquote><p>\u201cA gente come\u00e7ou fazendo o <a href=\"https:\/\/bit.ly\/4cS5R35\" target=\"_blank\" rel=\"noopener\">Festival das Cores<\/a>, que no come\u00e7o se chamava <a href=\"https:\/\/bit.ly\/3zytpMk\" target=\"_blank\" rel=\"noopener\">Feira das Cores<\/a>, que, al\u00e9m das apresenta\u00e7\u00f5es art\u00edsticas, tinha o pessoal tamb\u00e9m vendendo comidas e artesanatos. Foi h\u00e1 tr\u00eas anos. Na segunda edi\u00e7\u00e3o, percebemos que era mais um festival do que uma feira, e a\u00ed nomeamos como Festival das Cores. Era [realizado] na Arena [Renato Russo]. Esse ano [de 2024], conseguimos entrar em contato com a Prefeitura. Foi muito dif\u00edcil. Tiveram v\u00e1rios empecilhos. V\u00e1rias vezes tentaram derrubar para n\u00e3o acontecer. Mas esse ano, como a ONG foi crescendo, foi criando mais for\u00e7a, foi mais dif\u00edcil deles &#8216;brecarem&#8217; a gente. E conseguimos fazer essa parada aqui. Foi muito dif\u00edcil, porque, mesmo depois da autoriza\u00e7\u00e3o, vinham coisas do tipo &#8216;tem que ter banheiro qu\u00edmico e a gente [da Prefeitura] n\u00e3o vai dar&#8217;, &#8216;tem que ter tal quantidade disso e daquilo&#8217; e v\u00e1rias coisinhas para que a gente n\u00e3o conseguisse fazer. Mas a gente bateu o p\u00e9 e insistiu um pouquinho e gra\u00e7as a Deus deu tudo certo.\u201d \u2014 Juliana Macedo<\/p><\/blockquote>\n<p><span style=\"font-weight: 400;\">Al\u00e9m das barreiras burocr\u00e1ticas, organizadores relatam intimida\u00e7\u00f5es que precederam a realiza\u00e7\u00e3o da 1\u00aa Parada do Orgulho LGBT+ da Ilha do Governador. No entanto, o engajamento coletivo, ainda assim, prevaleceu e decidiu ocupar as ruas da Ilha no dia seguinte ao Dia Internacional do <a href=\"https:\/\/bit.ly\/4cFbAt0\" target=\"_blank\" rel=\"noopener\">Orgulho LGBTQIAPN+<\/a> e exigir igualdade de direitos.\u00a0<\/span><\/p>\n<blockquote><p><span style=\"font-weight: 400;\">\u201cA gente recebeu diversas amea\u00e7as [atrav\u00e9s de] mensagens e coment\u00e1rios [nas redes sociais]. A Parada \u00e9 uma coisa que sempre sonhei em realizar desde que comecei o movimento aqui na Ilha do Governador. Eu n\u00e3o constru\u00ed isso sozinho. Foram muitas pessoas colocando a m\u00e3o e trabalhando para isso acontecer. Quando a gente fala de Parada LGBT+, a gente tem uma vis\u00e3o &#8216;tipo <a href=\"https:\/\/bit.ly\/2WL6FUi\" target=\"_blank\" rel=\"noopener\">Zona Sul<\/a>&#8216;, de ter que se deslocar para ir para l\u00e1, sabe? Ent\u00e3o, construir isso aqui, no meu bairro, para as pessoas que vivem aqui comigo, que constroem essa luta, pode mostrar para as outras pessoas que a gente est\u00e1 aqui, resiste e existe. Para mim \u00e9 de extrema import\u00e2ncia. Para al\u00e9m de um evento de comemora\u00e7\u00e3o, ele tem um marco hist\u00f3rico para nossa viv\u00eancia. Isso para mim n\u00e3o tem pre\u00e7o. Tem pessoas de 10, 30, 60 anos [de idade] aqui hoje para celebrar o Dia do Orgulho. N\u00e3o s\u00f3 pessoas LGBTs, mas aliados, pessoas h\u00e9tero-cis que acreditam na nossa luta e acreditam que a gente pode ter um futuro melhor, de mais respeito e igualdade&#8230;. precisamos de fato cada vez mais celebrar o Dia do Orgulho, reafirmar nossa posi\u00e7\u00e3o e lembrar quem n\u00f3s somos.\u201d \u2014 Byron Teixeira<\/span><\/p><\/blockquote>\n<figure id=\"attachment_74621\" aria-describedby=\"caption-attachment-74621\" style=\"width: 2560px\" class=\"wp-caption aligncenter\"><a href=\"https:\/\/rioonwatch.org.br\/wp-content\/uploads\/2024\/07\/Foto-1-1a-Parada-LGBT-da-ILha-do-Governador-Drag-Mariana-Crocs-scaled.jpg\"><img loading=\"lazy\" decoding=\"async\" class=\"wp-image-74621 size-full\" title=\"Drag Mariana Crocs na 1\u00aa Parada do Orgulho LGBT+ da Ilha do Governador. Foto: Amanda Baroni\" src=\"https:\/\/rioonwatch.org.br\/wp-content\/uploads\/2024\/07\/Foto-1-1a-Parada-LGBT-da-ILha-do-Governador-Drag-Mariana-Crocs-scaled.jpg\" alt=\"Drag Mariana Crocs na 1\u00aa Parada do Orgulho LGBT+ da Ilha do Governador. Foto: Amanda Baroni\" width=\"2560\" height=\"1971\" srcset=\"https:\/\/rioonwatch.org.br\/wp-content\/uploads\/2024\/07\/Foto-1-1a-Parada-LGBT-da-ILha-do-Governador-Drag-Mariana-Crocs-scaled.jpg 2560w, https:\/\/rioonwatch.org.br\/wp-content\/uploads\/2024\/07\/Foto-1-1a-Parada-LGBT-da-ILha-do-Governador-Drag-Mariana-Crocs-620x477.jpg 620w, https:\/\/rioonwatch.org.br\/wp-content\/uploads\/2024\/07\/Foto-1-1a-Parada-LGBT-da-ILha-do-Governador-Drag-Mariana-Crocs-1948x1500.jpg 1948w\" sizes=\"(max-width: 2560px) 100vw, 2560px\" \/><\/a><figcaption id=\"caption-attachment-74621\" class=\"wp-caption-text\">Drag Mariana Crocs na 1\u00aa Parada do Orgulho LGBT+ da Ilha do Governador. Foto: Amanda Baroni<\/figcaption><\/figure>\n<figure id=\"attachment_74729\" aria-describedby=\"caption-attachment-74729\" style=\"width: 500px\" class=\"wp-caption alignright\"><a href=\"https:\/\/rioonwatch.org.br\/wp-content\/uploads\/2024\/07\/Quiosque-GLS-Bacanas-o-primeiro-bar-LGBT-insulano.-Foto-Facebook-Bacanas.jpg\"><img loading=\"lazy\" decoding=\"async\" class=\"wp-image-74729\" title=\"Quiosque GLS Bacana's, o primeiro bar LGBT+ da Ilha do Governador, hoje, um quiosque sob novo nome, ainda frequentado por membros da comunidade, mas que deixou de se autoafirmar enquanto um espa\u00e7o LGBT+. Foto: Facebook Bacana's\" src=\"https:\/\/rioonwatch.org.br\/wp-content\/uploads\/2024\/07\/Quiosque-GLS-Bacanas-o-primeiro-bar-LGBT-insulano.-Foto-Facebook-Bacanas-620x349.jpg\" alt=\"Quiosque GLS Bacana's, o primeiro bar LGBT+ da Ilha do Governador, hoje, um quiosque sob novo nome, ainda frequentado por membros da comunidade, mas que deixou de se autoafirmar enquanto um espa\u00e7o LGBT+. Foto: Facebook Bacana's\" width=\"500\" height=\"281\" srcset=\"https:\/\/rioonwatch.org.br\/wp-content\/uploads\/2024\/07\/Quiosque-GLS-Bacanas-o-primeiro-bar-LGBT-insulano.-Foto-Facebook-Bacanas-620x349.jpg 620w, https:\/\/rioonwatch.org.br\/wp-content\/uploads\/2024\/07\/Quiosque-GLS-Bacanas-o-primeiro-bar-LGBT-insulano.-Foto-Facebook-Bacanas.jpg 960w\" sizes=\"(max-width: 500px) 100vw, 500px\" \/><\/a><figcaption id=\"caption-attachment-74729\" class=\"wp-caption-text\">Quiosque GLS Bacana&#8217;s, o primeiro bar LGBT+ da Ilha do Governador, hoje, um quiosque sob novo nome, ainda frequentado por membros da comunidade, mas que deixou de se autoafirmar enquanto um espa\u00e7o LGBT+. Foto: Facebook Bacana&#8217;s<\/figcaption><\/figure>\n<p>O evento ocupou a pista de skate e a <a href=\"https:\/\/bit.ly\/4crrTdc\" target=\"_blank\" rel=\"noopener\">Areninha Cultural Renato Russo<\/a>, ambos no Aterro do Cocot\u00e1, al\u00e9m do Quiosque LGBT+ Sunset, no bairro do <a href=\"https:\/\/bit.ly\/4bPcmDf\" target=\"_blank\" rel=\"noopener\">Gale\u00e3o<\/a>, mais especificamente na Praia de S\u00e3o Bento, outro <a href=\"https:\/\/bit.ly\/3XTh3bz\" target=\"_blank\" rel=\"noopener\">point tradicional dos LGBT+<\/a> insulanos. Lugar onde, <a href=\"https:\/\/bit.ly\/4cL2ls1\" target=\"_blank\" rel=\"noopener\">durante d\u00e9cadas<\/a>, funcionou o hist\u00f3rico <a href=\"https:\/\/bit.ly\/4cNI58A\" target=\"_blank\" rel=\"noopener\">Quiosque Bacana&#8217;s<\/a>, um karok\u00ea bar, \u00e0 \u00e9poca, identificado como &#8220;<a href=\"https:\/\/bit.ly\/3XRTOyA\" target=\"_blank\" rel=\"noopener\">GLS<\/a>&#8220;, hoje, um quiosque ainda frequentado por membros da comunidade, mas que mudou de nome e deixou de se autoafirmar enquanto um espa\u00e7o da comunidade LGBT+ insulana.<\/p>\n<p>O Quiosque Sunset, portanto, \u00e9 o \u00fanico bar LGBT+ em funcionamento atualmente e somente o terceiro da hist\u00f3ria da Ilha do Governador, o <a href=\"https:\/\/bit.ly\/4eSR9e8\" target=\"_blank\" rel=\"noopener\">bairro mais antigo<\/a> do Rio de Janeiro. O segundo foi o extinto bar <a href=\"https:\/\/bit.ly\/3xJ7RMp\" target=\"_blank\" rel=\"noopener\">Free Space<\/a>, no bairro dos Banc\u00e1rios. \u00c9 importante remarcar que Cocot\u00e1, Banc\u00e1rios e Gale\u00e3o, espa\u00e7os de sociabiliza\u00e7\u00e3o LGBT+ dos insulanos, s\u00e3o bairros populares. <a href=\"https:\/\/bit.ly\/3RVAuN2\" target=\"_blank\" rel=\"noopener\">Territ\u00f3rios afluentes da Ilha<\/a>, como o <a href=\"https:\/\/bit.ly\/3LdqVVZ\" target=\"_blank\" rel=\"noopener\">Jardim Guanabara<\/a>, <a href=\"https:\/\/bit.ly\/3LbaZ6V\" target=\"_blank\" rel=\"noopener\">Ribeira<\/a> ou <a href=\"https:\/\/bit.ly\/3RYYQ8S\" target=\"_blank\" rel=\"noopener\">Moner\u00f3<\/a> n\u00e3o se mostraram, ao longo do tempo, seguros para empreendimentos LGBT+, apesar da comunidade estar presente em toda a Ilha.<\/p>\n<figure id=\"attachment_74732\" aria-describedby=\"caption-attachment-74732\" style=\"width: 1080px\" class=\"wp-caption aligncenter\"><a href=\"https:\/\/rioonwatch.org.br\/wp-content\/uploads\/2024\/07\/Quiosque-Sunset-unico-bar-LGBT-da-Ilha-do-Governador-onde-ocorrem-festas-e-o-famoso-concurso-Drag-Sunset.-Foto-Instagram-@sunsetnightrj.jpg\"><img loading=\"lazy\" decoding=\"async\" class=\"wp-image-74732 size-full\" title=\"Quiosque Sunset, \u00fanico bar LGBT+ da Ilha do Governador, onde ocorrem festas e o famoso concurso Drag Sunset. Foto: Instagram @sunsetnightrj\" src=\"https:\/\/rioonwatch.org.br\/wp-content\/uploads\/2024\/07\/Quiosque-Sunset-unico-bar-LGBT-da-Ilha-do-Governador-onde-ocorrem-festas-e-o-famoso-concurso-Drag-Sunset.-Foto-Instagram-@sunsetnightrj.jpg\" alt=\"Quiosque Sunset, \u00fanico bar LGBT+ da Ilha do Governador, onde ocorrem festas e o famoso concurso Drag Sunset. Foto: Instagram @sunsetnightrj\" width=\"1080\" height=\"565\" srcset=\"https:\/\/rioonwatch.org.br\/wp-content\/uploads\/2024\/07\/Quiosque-Sunset-unico-bar-LGBT-da-Ilha-do-Governador-onde-ocorrem-festas-e-o-famoso-concurso-Drag-Sunset.-Foto-Instagram-@sunsetnightrj.jpg 1080w, https:\/\/rioonwatch.org.br\/wp-content\/uploads\/2024\/07\/Quiosque-Sunset-unico-bar-LGBT-da-Ilha-do-Governador-onde-ocorrem-festas-e-o-famoso-concurso-Drag-Sunset.-Foto-Instagram-@sunsetnightrj-620x324.jpg 620w\" sizes=\"(max-width: 1080px) 100vw, 1080px\" \/><\/a><figcaption id=\"caption-attachment-74732\" class=\"wp-caption-text\">Quiosque Sunset, \u00fanico bar LGBT+ da Ilha do Governador, onde ocorrem festas e o famoso concurso Drag Sunset. Foto: Instagram @sunsetnightrj<\/figcaption><\/figure>\n<p>A Parada da Ilha contou com um cronograma diverso durante todo o dia com: a\u00e7\u00f5es sociais, <a href=\"https:\/\/bit.ly\/462ETUj\" target=\"_blank\" rel=\"noopener\">mutir\u00e3o\u00a0de plantio<\/a>, shows de <a href=\"https:\/\/bit.ly\/4btgfxi\" target=\"_blank\" rel=\"noopener\">drag<\/a>, apresenta\u00e7\u00f5es de <a href=\"https:\/\/bit.ly\/4cMkUeK\" target=\"_blank\" rel=\"noopener\"><em>Ballroom<\/em><\/a>, performances e pocket shows de artistas LGBTQIAPN+, al\u00e9m de uma festa de encerramento no Sunset.<\/p>\n<blockquote class=\"instagram-media\" style=\"background: #FFF; border: 0; border-radius: 3px; box-shadow: 0 0 1px 0 rgba(0,0,0,0.5),0 1px 10px 0 rgba(0,0,0,0.15); margin: 1px; max-width: 540px; min-width: 326px; padding: 0; width: calc(100% - 2px);\" data-instgrm-captioned=\"\" data-instgrm-permalink=\"https:\/\/www.instagram.com\/reel\/C85R5ipu3YZ\/?utm_source=ig_embed&amp;utm_campaign=loading\" data-instgrm-version=\"14\">\n<div style=\"padding: 16px;\">\n<p>&nbsp;<\/p>\n<div style=\"display: flex; flex-direction: row; align-items: center;\">\n<div style=\"background-color: #f4f4f4; border-radius: 50%; flex-grow: 0; height: 40px; margin-right: 14px; width: 40px;\"><\/div>\n<div style=\"display: flex; flex-direction: column; flex-grow: 1; justify-content: center;\">\n<div style=\"background-color: #f4f4f4; border-radius: 4px; flex-grow: 0; height: 14px; margin-bottom: 6px; width: 100px;\"><\/div>\n<div style=\"background-color: #f4f4f4; border-radius: 4px; flex-grow: 0; height: 14px; width: 60px;\"><\/div>\n<\/div>\n<\/div>\n<div style=\"padding: 19% 0;\"><\/div>\n<div style=\"display: block; height: 50px; margin: 0 auto 12px; width: 50px;\"><\/div>\n<div style=\"padding-top: 8px;\">\n<div style=\"color: #3897f0; font-family: Arial,sans-serif; font-size: 14px; font-style: normal; font-weight: 550; line-height: 18px;\">Ver essa foto no Instagram<\/div>\n<\/div>\n<div style=\"padding: 12.5% 0;\"><\/div>\n<div style=\"display: flex; flex-direction: row; margin-bottom: 14px; align-items: center;\">\n<div>\n<div style=\"background-color: #f4f4f4; border-radius: 50%; height: 12.5px; width: 12.5px; transform: translateX(0px) translateY(7px);\"><\/div>\n<div style=\"background-color: #f4f4f4; height: 12.5px; transform: rotate(-45deg) translateX(3px) translateY(1px); width: 12.5px; flex-grow: 0; margin-right: 14px; margin-left: 2px;\"><\/div>\n<div style=\"background-color: #f4f4f4; border-radius: 50%; height: 12.5px; width: 12.5px; transform: translateX(9px) translateY(-18px);\"><\/div>\n<\/div>\n<div style=\"margin-left: 8px;\">\n<div style=\"background-color: #f4f4f4; border-radius: 50%; flex-grow: 0; height: 20px; width: 20px;\"><\/div>\n<div style=\"width: 0; height: 0; border-top: 2px solid transparent; border-left: 6px solid #f4f4f4; border-bottom: 2px solid transparent; transform: translateX(16px) translateY(-4px) rotate(30deg);\"><\/div>\n<\/div>\n<div style=\"margin-left: auto;\">\n<div style=\"width: 0px; border-top: 8px solid #F4F4F4; border-right: 8px solid transparent; transform: translateY(16px);\"><\/div>\n<div style=\"background-color: #f4f4f4; flex-grow: 0; height: 12px; width: 16px; transform: translateY(-4px);\"><\/div>\n<div style=\"width: 0; height: 0; border-top: 8px solid #F4F4F4; border-left: 8px solid transparent; transform: translateY(-4px) translateX(8px);\"><\/div>\n<\/div>\n<\/div>\n<div style=\"display: flex; flex-direction: column; flex-grow: 1; justify-content: center; margin-bottom: 24px;\">\n<div style=\"background-color: #f4f4f4; border-radius: 4px; flex-grow: 0; height: 14px; margin-bottom: 6px; width: 224px;\"><\/div>\n<div style=\"background-color: #f4f4f4; border-radius: 4px; flex-grow: 0; height: 14px; width: 144px;\"><\/div>\n<\/div>\n<p>&nbsp;<\/p>\n<p style=\"color: #c9c8cd; font-family: Arial,sans-serif; font-size: 14px; line-height: 17px; margin-bottom: 0; margin-top: 8px; overflow: hidden; padding: 8px 0 7px; text-align: center; text-overflow: ellipsis; white-space: nowrap;\"><a style=\"color: #c9c8cd; font-family: Arial,sans-serif; font-size: 14px; font-style: normal; font-weight: normal; line-height: 17px; text-decoration: none;\" href=\"https:\/\/www.instagram.com\/reel\/C85R5ipu3YZ\/?utm_source=ig_embed&amp;utm_campaign=loading\" target=\"_blank\" rel=\"noopener\">Uma publica\u00e7\u00e3o compartilhada por &#x1f319; LUA DRAG &#x1f319; (@luadrag)<\/a><\/p>\n<\/div>\n<\/blockquote>\n<p><script async src=\"\/\/www.instagram.com\/embed.js\"><\/script><\/p>\n<p>Estiveram presentes artistas, ativistas da causa, coletivos, autoridades, empresas, e institui\u00e7\u00f5es da sociedade civil. Algumas das organiza\u00e7\u00f5es que ajudaram a construir a 1\u00aa Parada do Orgulho LGBT+ da Ilha foram: <a href=\"https:\/\/bit.ly\/3WbJjF1\" target=\"_blank\" rel=\"noopener\">Agrofloresta do Cocot\u00e1<\/a>, <a href=\"https:\/\/bit.ly\/4cNEUxG\" target=\"_blank\" rel=\"noopener\">GT Maracaj\u00e1<\/a>, Areninha Cultural Renato Russo, <a href=\"https:\/\/bit.ly\/4cLnzoU\" target=\"_blank\" rel=\"noopener\">Movimento de Educa\u00e7\u00e3o Popular Esperan\u00e7a Garcia<\/a>,<a href=\"https:\/\/bit.ly\/3XP5YIE\" target=\"_blank\" rel=\"noopener\"> Injusti\u00e7ada<\/a>, <a href=\"https:\/\/bit.ly\/3WdnIfF\" target=\"_blank\" rel=\"noopener\">Quiosque Sem Frescura<\/a>, Pol\u00edcia Militar do Estado do Rio de Janeiro (<a href=\"https:\/\/bit.ly\/3fW6s7q\" target=\"_blank\" rel=\"noopener\">PMERJ<\/a>), <a href=\"https:\/\/bit.ly\/3zu5sFU\" target=\"_blank\" rel=\"noopener\">33\u00aa Comiss\u00e3o de Diversidade Sexual e G\u00eanero<\/a> da Ordem dos Advogados do Brasil (<a href=\"https:\/\/bit.ly\/2IiXfJV\" target=\"_blank\" rel=\"noopener\">OAB<\/a>), <a href=\"https:\/\/bit.ly\/4cw5Fqz\" target=\"_blank\" rel=\"noopener\">Na\u00e7\u00e3o Alarde<\/a>, Funda\u00e7\u00e3o Oswaldo Cruz (<a href=\"https:\/\/bit.ly\/2WWkKw0\" target=\"_blank\" rel=\"noopener\">Fiocruz<\/a>), <a href=\"https:\/\/bit.ly\/2L2rRzD\" target=\"_blank\" rel=\"noopener\">Comiss\u00e3o de Defesa dos Direitos Humanos e Cidadania<\/a> da <a href=\"https:\/\/bit.ly\/3crY2BE\" target=\"_blank\" rel=\"noopener\">Alerj<\/a>, Projeto Pela Vida e <a href=\"https:\/\/bit.ly\/4ePMkSX\" target=\"_blank\" rel=\"noopener\">Faculdade Est\u00e1cio de S\u00e1<\/a>. Al\u00e9m disso, participaram tamb\u00e9m autoridades, seus representantes e importantes figuras pol\u00edticas, como a Vereadora <a href=\"https:\/\/bit.ly\/3xC7xPy\" target=\"_blank\" rel=\"noopener\">M\u00f4nica Ben\u00edcio<\/a>, \u00fanica vereadora l\u00e9sbica da <a href=\"https:\/\/bit.ly\/2P7wf3I\" target=\"_blank\" rel=\"noopener\">C\u00e2mara Municipal<\/a> do Rio de Janeiro, vi\u00fava da ex-Vereadora <a href=\"https:\/\/bit.ly\/2ZubT41\" target=\"_blank\" rel=\"noopener\">Marielle Franco<\/a> e cria da <a href=\"https:\/\/bit.ly\/3l0WQKR\" target=\"_blank\" rel=\"noopener\">Mar\u00e9<\/a>, o presidente municipal do Partido dos Trabalhadores (<a href=\"https:\/\/bit.ly\/2U74Huw\" target=\"_blank\" rel=\"noopener\">PT<\/a>) <a href=\"https:\/\/bit.ly\/3RUbOV8\" target=\"_blank\" rel=\"noopener\">Thiago Santana<\/a>, <a href=\"https:\/\/bit.ly\/3RYH9X5\" target=\"_blank\" rel=\"noopener\">Pedro Mara<\/a>, professor, ativista em defesa de <a href=\"https:\/\/bit.ly\/3XPYVzr\" target=\"_blank\" rel=\"noopener\">LGBT+ no esporte<\/a> e assessor do Deputado Estadual <a href=\"https:\/\/bit.ly\/2Wza5tM\" target=\"_blank\" rel=\"noopener\">Fl\u00e1vio Serafini<\/a>, representantes do mantato da Deputada Estadual <a href=\"https:\/\/bit.ly\/3Tl6IzB\" target=\"_blank\" rel=\"noopener\">Dani Monteiro<\/a> e o jornalista <a href=\"https:\/\/bit.ly\/3zqQ9h8\" target=\"_blank\" rel=\"noopener\">Glenn Greenwald<\/a>, vi\u00favo de ex-Deputado Federal <a href=\"https:\/\/bit.ly\/3wEFjmy\" target=\"_blank\" rel=\"noopener\">David Miranda<\/a>, que era gay e cria do <a href=\"https:\/\/bit.ly\/2MMIK37\" target=\"_blank\" rel=\"noopener\">Jacarezinho<\/a>, falecido em 2023.<\/p>\n<blockquote class=\"instagram-media\" style=\"background: #FFF; border: 0; border-radius: 3px; box-shadow: 0 0 1px 0 rgba(0,0,0,0.5),0 1px 10px 0 rgba(0,0,0,0.15); margin: 1px; max-width: 540px; min-width: 326px; padding: 0; width: calc(100% - 2px);\" data-instgrm-captioned=\"\" data-instgrm-permalink=\"https:\/\/www.instagram.com\/reel\/C82JDbrp3pb\/?utm_source=ig_embed&amp;utm_campaign=loading\" data-instgrm-version=\"14\">\n<div style=\"padding: 16px;\">\n<p>&nbsp;<\/p>\n<div style=\"display: flex; flex-direction: row; align-items: center;\">\n<div style=\"background-color: #f4f4f4; border-radius: 50%; flex-grow: 0; height: 40px; margin-right: 14px; width: 40px;\"><\/div>\n<div style=\"display: flex; flex-direction: column; flex-grow: 1; justify-content: center;\">\n<div style=\"background-color: #f4f4f4; border-radius: 4px; flex-grow: 0; height: 14px; margin-bottom: 6px; width: 100px;\"><\/div>\n<div style=\"background-color: #f4f4f4; border-radius: 4px; flex-grow: 0; height: 14px; width: 60px;\"><\/div>\n<\/div>\n<\/div>\n<div style=\"padding: 19% 0;\"><\/div>\n<div style=\"display: block; height: 50px; margin: 0 auto 12px; width: 50px;\"><\/div>\n<div style=\"padding-top: 8px;\">\n<div style=\"color: #3897f0; font-family: Arial,sans-serif; font-size: 14px; font-style: normal; font-weight: 550; line-height: 18px;\">Ver essa foto no Instagram<\/div>\n<\/div>\n<div style=\"padding: 12.5% 0;\"><\/div>\n<div style=\"display: flex; flex-direction: row; margin-bottom: 14px; align-items: center;\">\n<div>\n<div style=\"background-color: #f4f4f4; border-radius: 50%; height: 12.5px; width: 12.5px; transform: translateX(0px) translateY(7px);\"><\/div>\n<div style=\"background-color: #f4f4f4; height: 12.5px; transform: rotate(-45deg) translateX(3px) translateY(1px); width: 12.5px; flex-grow: 0; margin-right: 14px; margin-left: 2px;\"><\/div>\n<div style=\"background-color: #f4f4f4; border-radius: 50%; height: 12.5px; width: 12.5px; transform: translateX(9px) translateY(-18px);\"><\/div>\n<\/div>\n<div style=\"margin-left: 8px;\">\n<div style=\"background-color: #f4f4f4; border-radius: 50%; flex-grow: 0; height: 20px; width: 20px;\"><\/div>\n<div style=\"width: 0; height: 0; border-top: 2px solid transparent; border-left: 6px solid #f4f4f4; border-bottom: 2px solid transparent; transform: translateX(16px) translateY(-4px) rotate(30deg);\"><\/div>\n<\/div>\n<div style=\"margin-left: auto;\">\n<div style=\"width: 0px; border-top: 8px solid #F4F4F4; border-right: 8px solid transparent; transform: translateY(16px);\"><\/div>\n<div style=\"background-color: #f4f4f4; flex-grow: 0; height: 12px; width: 16px; transform: translateY(-4px);\"><\/div>\n<div style=\"width: 0; height: 0; border-top: 8px solid #F4F4F4; border-left: 8px solid transparent; transform: translateY(-4px) translateX(8px);\"><\/div>\n<\/div>\n<\/div>\n<div style=\"display: flex; flex-direction: column; flex-grow: 1; justify-content: center; margin-bottom: 24px;\">\n<div style=\"background-color: #f4f4f4; border-radius: 4px; flex-grow: 0; height: 14px; margin-bottom: 6px; width: 224px;\"><\/div>\n<div style=\"background-color: #f4f4f4; border-radius: 4px; flex-grow: 0; height: 14px; width: 144px;\"><\/div>\n<\/div>\n<p>&nbsp;<\/p>\n<p style=\"color: #c9c8cd; font-family: Arial,sans-serif; font-size: 14px; line-height: 17px; margin-bottom: 0; margin-top: 8px; overflow: hidden; padding: 8px 0 7px; text-align: center; text-overflow: ellipsis; white-space: nowrap;\"><a style=\"color: #c9c8cd; font-family: Arial,sans-serif; font-size: 14px; font-style: normal; font-weight: normal; line-height: 17px; text-decoration: none;\" href=\"https:\/\/www.instagram.com\/reel\/C82JDbrp3pb\/?utm_source=ig_embed&amp;utm_campaign=loading\" target=\"_blank\" rel=\"noopener\">Uma publica\u00e7\u00e3o compartilhada por Monica Benicio &#x1f3f3;&#xfe0f;&#x200d;&#x1f308; (@monicaterezabenicio)<\/a><\/p>\n<\/div>\n<\/blockquote>\n<p><script async src=\"\/\/www.instagram.com\/embed.js\"><\/script><\/p>\n<p>Entre os artistas do segmento<em> drag<\/em>, estavam Mariana Crocs, <a href=\"https:\/\/bit.ly\/4eUvfqU\" target=\"_blank\" rel=\"noopener\">Yunny Drag<\/a>, <a href=\"https:\/\/bit.ly\/3W7l1ft\" target=\"_blank\" rel=\"noopener\">Lua Drag<\/a>, <a href=\"https:\/\/bit.ly\/3Wc0syI\" target=\"_blank\" rel=\"noopener\">Naomih Leon<\/a>, <a href=\"https:\/\/bit.ly\/467AG1X\" target=\"_blank\" rel=\"noopener\">Ravena Creole<\/a>, <a href=\"https:\/\/bit.ly\/45YwoJX\" target=\"_blank\" rel=\"noopener\">Shannon Skarllet<\/a>, <a href=\"https:\/\/bit.ly\/4bx9SsX\" target=\"_blank\" rel=\"noopener\">Chanel<\/a>, <a href=\"https:\/\/bit.ly\/3xKWLXi\" target=\"_blank\" rel=\"noopener\">Lalita Queen<\/a>, <a href=\"https:\/\/bit.ly\/3WcxONO\" target=\"_blank\" rel=\"noopener\">Opulence<\/a>, <a href=\"https:\/\/bit.ly\/4bpGNQ9\" target=\"_blank\" rel=\"noopener\">Betina Polaroid<\/a>, <a href=\"https:\/\/bit.ly\/45Pf2Pw\" target=\"_blank\" rel=\"noopener\">Natasha Princess<\/a>, <a href=\"https:\/\/bit.ly\/3L6VdKh\" target=\"_blank\" rel=\"noopener\">Manalu<\/a>, <a href=\"https:\/\/bit.ly\/4cuvR58\" target=\"_blank\" rel=\"noopener\">C\u00fatis Negra<\/a>, Ramona, <a href=\"https:\/\/bit.ly\/3L938qk\" target=\"_blank\" rel=\"noopener\">Conga Bombreia<\/a>, <a href=\"https:\/\/bit.ly\/3W9xhw7\" target=\"_blank\" rel=\"noopener\">Ganashea<\/a>, <a href=\"https:\/\/bit.ly\/4cuw3RU\" target=\"_blank\" rel=\"noopener\">Mel\u00e2nica Drag<\/a> e <a href=\"https:\/\/bit.ly\/3WfAUAH\" target=\"_blank\" rel=\"noopener\">Naja<\/a>. Os DJs foram <a href=\"https:\/\/bit.ly\/4643HLJ\" target=\"_blank\" rel=\"noopener\">Janayara<\/a>, <a href=\"https:\/\/bit.ly\/4bxHDu1\" target=\"_blank\" rel=\"noopener\">Mello<\/a>, <a href=\"https:\/\/bit.ly\/4croJ9p\" target=\"_blank\" rel=\"noopener\">Aurora Visage<\/a>, Toni, <a href=\"https:\/\/bit.ly\/3XK4JdL\" target=\"_blank\" rel=\"noopener\">Pam Belli<\/a> e <a href=\"https:\/\/bit.ly\/3S0sHOe\" target=\"_blank\" rel=\"noopener\">No\u00e9<\/a>, enquanto os cantores foram <a href=\"https:\/\/bit.ly\/3XV0xbj\" target=\"_blank\" rel=\"noopener\">Ruffo<\/a>, <a href=\"https:\/\/bit.ly\/3xJl4EO\" target=\"_blank\" rel=\"noopener\">Dornelles<\/a>, <a href=\"https:\/\/bit.ly\/3XN3evi\" target=\"_blank\" rel=\"noopener\">Lala Bitch<\/a>, <a href=\"https:\/\/bit.ly\/3XLXKAT\" target=\"_blank\" rel=\"noopener\">\u00cfMNO<\/a> e <a href=\"https:\/\/bit.ly\/3VOFXGI\" target=\"_blank\" rel=\"noopener\">WE-SY<\/a>, a <a href=\"https:\/\/bit.ly\/4cyCqmX\" target=\"_blank\" rel=\"noopener\">Banda Marep\u00f4<\/a>. Tamb\u00e9m, marcaram presen\u00e7a os dan\u00e7arinos <a href=\"https:\/\/bit.ly\/3xRmJZ3\" target=\"_blank\" rel=\"noopener\">Gabriel Rocha<\/a>, <a href=\"https:\/\/bit.ly\/45N0gcl\" target=\"_blank\" rel=\"noopener\">Bront<\/a> e Kastellany.<\/p>\n<figure id=\"attachment_74626\" aria-describedby=\"caption-attachment-74626\" style=\"width: 2560px\" class=\"wp-caption aligncenter\"><a href=\"https:\/\/rioonwatch.org.br\/wp-content\/uploads\/2024\/07\/1a-Parada-LGBT-da-ILha-do-Governador-5-scaled.jpg\"><img loading=\"lazy\" decoding=\"async\" class=\"wp-image-74626 size-full\" title=\"Drag Natasha Princess na 1\u00aa Parada do Orgulho LGBT+ da Ilha do Governador. Foto: Amanda Baroni\" src=\"https:\/\/rioonwatch.org.br\/wp-content\/uploads\/2024\/07\/1a-Parada-LGBT-da-ILha-do-Governador-5-scaled.jpg\" alt=\"Drag Natasha Princess na 1\u00aa Parada do Orgulho LGBT+ da Ilha do Governador. Foto: Amanda Baroni\" width=\"2560\" height=\"1707\" srcset=\"https:\/\/rioonwatch.org.br\/wp-content\/uploads\/2024\/07\/1a-Parada-LGBT-da-ILha-do-Governador-5-scaled.jpg 2560w, https:\/\/rioonwatch.org.br\/wp-content\/uploads\/2024\/07\/1a-Parada-LGBT-da-ILha-do-Governador-5-620x413.jpg 620w\" sizes=\"(max-width: 2560px) 100vw, 2560px\" \/><\/a><figcaption id=\"caption-attachment-74626\" class=\"wp-caption-text\">Drag Natasha Princess na 1\u00aa Parada do Orgulho LGBT+ da Ilha do Governador. Foto: Amanda Baroni<\/figcaption><\/figure>\n<p>A ocasi\u00e3o promoveu tamb\u00e9m a Feira da Diversidade, com diversos empreendimentos, sendo eles: <a href=\"https:\/\/bit.ly\/3zvUFuU\" target=\"_blank\" rel=\"noopener\">Arm\u00e1rio das Amigas<\/a>, <a href=\"https:\/\/bit.ly\/45Td3dc\" target=\"_blank\" rel=\"noopener\">Portal de Jade<\/a>, <a href=\"https:\/\/bit.ly\/3VKlYZM\" target=\"_blank\" rel=\"noopener\">Brech\u00f3 Capivara<\/a>, Don Quiser, Flash Tattoo, <a href=\"https:\/\/bit.ly\/3zuogos\" target=\"_blank\" rel=\"noopener\">Tornado Carioca Bataria Gourmet<\/a>, <a href=\"https:\/\/bit.ly\/4ciJgwV\" target=\"_blank\" rel=\"noopener\">Pissart Ferreira<\/a>, <a href=\"https:\/\/bit.ly\/4ctUQ8o\" target=\"_blank\" rel=\"noopener\">Coisinhas que Fiz<\/a>, Unje Mimo, <a href=\"https:\/\/bit.ly\/3W64p7U\" target=\"_blank\" rel=\"noopener\">Leli Lanches e Petiscos<\/a>, <a href=\"https:\/\/bit.ly\/3XO2plS\" target=\"_blank\" rel=\"noopener\">Casa Frida<\/a>, <a href=\"https:\/\/bit.ly\/4eSF7Sb\" target=\"_blank\" rel=\"noopener\">Mori Artes<\/a>, <a href=\"https:\/\/bit.ly\/3VQMHEb\" target=\"_blank\" rel=\"noopener\">Tropos Store<\/a>, Kathy&#8217;s Store, <a href=\"https:\/\/bit.ly\/3zDOXH9\" target=\"_blank\" rel=\"noopener\">Nuastral<\/a> e <a href=\"https:\/\/bit.ly\/3zuoyvy\" target=\"_blank\" rel=\"noopener\">Donna de Mim<\/a>.<\/p>\n<p>O festival serviu de encontro nessa luta que atravessa gera\u00e7\u00f5es. Artistas da favela do <a href=\"https:\/\/bit.ly\/4cmEpe6\" target=\"_blank\" rel=\"noopener\">Boogie Woogie<\/a>, Roberto Moraes e Amaurhy Blutos, criadores das personagens Marina Crocs e Yunny Drag, pioneiros h\u00e1 30 anos da performance insulana de drag, celebram a conquista de um legado do qual s\u00e3o parte. Roberto conta como era desafiadora a aceita\u00e7\u00e3o pelas pessoas.<\/p>\n<blockquote><p>\u201cComo j\u00e1 tenho uma hist\u00f3ria aqui na Ilha, j\u00e1 fui queen de bateria de v\u00e1rios blocos de carnaval, a Ilha sempre me abra\u00e7ou [artisticamente]. Mas, as coisas que eram para gays nunca funcionavam. Eu era uma \u2018bolha\u2019 n\u00e9, uma coisa diferente. Eu quero agora ajudar o coletivo para que todo mundo possa ir e vir e viver sua vida na diversidade. No passado, os bares fechavam, as boates. Qualquer movimento gay n\u00e3o funcionava. E agora, gra\u00e7as a Deus, estamos aqui.\u201d \u2014 Roberto Moraes<\/p><\/blockquote>\n<figure id=\"attachment_74720\" aria-describedby=\"caption-attachment-74720\" style=\"width: 2560px\" class=\"wp-caption aligncenter\"><a href=\"https:\/\/rioonwatch.org.br\/wp-content\/uploads\/2024\/07\/1a-Parada-LGBT-da-Ilha-do-Governador.-Foto-Amanda-Baroni-scaled.jpg\"><img loading=\"lazy\" decoding=\"async\" class=\"wp-image-74720 size-full\" title=\"1\u00aa Parada do Orgulho LGBT da Ilha do Governador. Foto: Amanda Baroni\" src=\"https:\/\/rioonwatch.org.br\/wp-content\/uploads\/2024\/07\/1a-Parada-LGBT-da-Ilha-do-Governador.-Foto-Amanda-Baroni-scaled.jpg\" alt=\"1\u00aa Parada do Orgulho LGBT da Ilha do Governador. Foto: Amanda Baroni\" width=\"2560\" height=\"1707\" srcset=\"https:\/\/rioonwatch.org.br\/wp-content\/uploads\/2024\/07\/1a-Parada-LGBT-da-Ilha-do-Governador.-Foto-Amanda-Baroni-scaled.jpg 2560w, https:\/\/rioonwatch.org.br\/wp-content\/uploads\/2024\/07\/1a-Parada-LGBT-da-Ilha-do-Governador.-Foto-Amanda-Baroni-620x413.jpg 620w\" sizes=\"(max-width: 2560px) 100vw, 2560px\" \/><\/a><figcaption id=\"caption-attachment-74720\" class=\"wp-caption-text\">1\u00aa Parada do Orgulho LGBT+ da Ilha do Governador. Foto: Amanda Baroni<\/figcaption><\/figure>\n<p>Amaurhy conta que o evento simboliza a conquista de um sonho que parecia distante, j\u00e1 que nunca teve apoio.<\/p>\n<blockquote><p>\u201c\u00c9 algo que h\u00e1 muitos anos, eu e um grupo de pessoas antigas aqui da Ilha tentamos fazer&#8230; para quebrar esses tabus. E nunca teve algu\u00e9m que pudesse dar esse suporte para a gente. Hoje, com o Byron, com o Encontro das Cores, estamos trazendo essa nova Era para a Ilha&#8230;Acordei chorando hoje, me maquiei chorando. A import\u00e2ncia desse evento \u00e9 muito grande porque sempre que me montava para sair aqui e ir nos bares, era &#8216;se retirem&#8217;. Fui em alguns bares que tinham aqui na Ilha, mas acabaram porque n\u00e3o tinham essa for\u00e7a, esse comando de persistir em algo que poderia se fincar nesse ch\u00e3o como raiz.\u201d \u2014 Amaurhy Blutos<\/p><\/blockquote>\n<blockquote class=\"instagram-media\" style=\"background: #FFF; border: 0; border-radius: 3px; box-shadow: 0 0 1px 0 rgba(0,0,0,0.5),0 1px 10px 0 rgba(0,0,0,0.15); margin: 1px; max-width: 540px; min-width: 326px; padding: 0; width: calc(100% - 2px);\" data-instgrm-captioned=\"\" data-instgrm-permalink=\"https:\/\/www.instagram.com\/reel\/C84q2k3uDQa\/?utm_source=ig_embed&amp;utm_campaign=loading\" data-instgrm-version=\"14\">\n<div style=\"padding: 16px;\">\n<p>&nbsp;<\/p>\n<div style=\"display: flex; flex-direction: row; align-items: center;\">\n<div style=\"background-color: #f4f4f4; border-radius: 50%; flex-grow: 0; height: 40px; margin-right: 14px; width: 40px;\"><\/div>\n<div style=\"display: flex; flex-direction: column; flex-grow: 1; justify-content: center;\">\n<div style=\"background-color: #f4f4f4; border-radius: 4px; flex-grow: 0; height: 14px; margin-bottom: 6px; width: 100px;\"><\/div>\n<div style=\"background-color: #f4f4f4; border-radius: 4px; flex-grow: 0; height: 14px; width: 60px;\"><\/div>\n<\/div>\n<\/div>\n<div style=\"padding: 19% 0;\"><\/div>\n<div style=\"display: block; height: 50px; margin: 0 auto 12px; width: 50px;\"><\/div>\n<div style=\"padding-top: 8px;\">\n<div style=\"color: #3897f0; font-family: Arial,sans-serif; font-size: 14px; font-style: normal; font-weight: 550; line-height: 18px;\">Ver essa foto no Instagram<\/div>\n<\/div>\n<div style=\"padding: 12.5% 0;\"><\/div>\n<div style=\"display: flex; flex-direction: row; margin-bottom: 14px; align-items: center;\">\n<div>\n<div style=\"background-color: #f4f4f4; border-radius: 50%; height: 12.5px; width: 12.5px; transform: translateX(0px) translateY(7px);\"><\/div>\n<div style=\"background-color: #f4f4f4; height: 12.5px; transform: rotate(-45deg) translateX(3px) translateY(1px); width: 12.5px; flex-grow: 0; margin-right: 14px; margin-left: 2px;\"><\/div>\n<div style=\"background-color: #f4f4f4; border-radius: 50%; height: 12.5px; width: 12.5px; transform: translateX(9px) translateY(-18px);\"><\/div>\n<\/div>\n<div style=\"margin-left: 8px;\">\n<div style=\"background-color: #f4f4f4; border-radius: 50%; flex-grow: 0; height: 20px; width: 20px;\"><\/div>\n<div style=\"width: 0; height: 0; border-top: 2px solid transparent; border-left: 6px solid #f4f4f4; border-bottom: 2px solid transparent; transform: translateX(16px) translateY(-4px) rotate(30deg);\"><\/div>\n<\/div>\n<div style=\"margin-left: auto;\">\n<div style=\"width: 0px; border-top: 8px solid #F4F4F4; border-right: 8px solid transparent; transform: translateY(16px);\"><\/div>\n<div style=\"background-color: #f4f4f4; flex-grow: 0; height: 12px; width: 16px; transform: translateY(-4px);\"><\/div>\n<div style=\"width: 0; height: 0; border-top: 8px solid #F4F4F4; border-left: 8px solid transparent; transform: translateY(-4px) translateX(8px);\"><\/div>\n<\/div>\n<\/div>\n<div style=\"display: flex; flex-direction: column; flex-grow: 1; justify-content: center; margin-bottom: 24px;\">\n<div style=\"background-color: #f4f4f4; border-radius: 4px; flex-grow: 0; height: 14px; margin-bottom: 6px; width: 224px;\"><\/div>\n<div style=\"background-color: #f4f4f4; border-radius: 4px; flex-grow: 0; height: 14px; width: 144px;\"><\/div>\n<\/div>\n<p>&nbsp;<\/p>\n<p style=\"color: #c9c8cd; font-family: Arial,sans-serif; font-size: 14px; line-height: 17px; margin-bottom: 0; margin-top: 8px; overflow: hidden; padding: 8px 0 7px; text-align: center; text-overflow: ellipsis; white-space: nowrap;\"><a style=\"color: #c9c8cd; font-family: Arial,sans-serif; font-size: 14px; font-style: normal; font-weight: normal; line-height: 17px; text-decoration: none;\" href=\"https:\/\/www.instagram.com\/reel\/C84q2k3uDQa\/?utm_source=ig_embed&amp;utm_campaign=loading\" target=\"_blank\" rel=\"noopener\">Uma publica\u00e7\u00e3o compartilhada por Yunny Drag (@yunnydragoficial)<\/a><\/p>\n<\/div>\n<\/blockquote>\n<p><script async src=\"\/\/www.instagram.com\/embed.js\"><\/script><\/p>\n<p>Ele tamb\u00e9m deixou evidente o quanto esse evento \u00e9 fundamental, um marco para comunidade LGBTQIAPN+ na regi\u00e3o.<\/p>\n<blockquote><p>\u201cPara mim, est\u00e1 sendo inexplic\u00e1vel&#8230; T\u00e1 sendo muito impactante e decisivo para eles verem e falarem &#8216;realmente aqui existe uma cultura LGBTQIAPN+&#8217;. Estamos aqui para lutar pela nossa causa, n\u00e3o importa o que voc\u00ea diz insulano, importa que nos engulam, que a gente existe aqui dentro. Comecei com 17 e agora estou com 44. Parei por conta do casamento na \u00e9poca porque [eram duas op\u00e7\u00f5es] \u2018ou voc\u00ea casa ou voc\u00ea \u00e9 drag\u2019. Tinha que viver, que sobreviver. Ent\u00e3o, quando o Sunset abriu aqui na Ilha do Governador, eu falei &#8216;n\u00e3o, eu vou entrar nesse rol\u00ea tamb\u00e9m. Eu mere\u00e7o! Eu constru\u00ed isso aqui, ent\u00e3o, vou estar presente&#8217;. Eu e Mariana sofremos muito preconceito. A gente ia para os blocos montado porque n\u00e3o tinha outro lugar para a gente ir. A gente ia para o carnaval. De dez fotos, de dez elogios, 30 era desprezo. Mas a gente t\u00e1 a\u00ed \u00f3, anos e anos botando a cara todo carnaval, [em] todos os blocos da Ilha, at\u00e9 ser convidada para ser musa, para ser rainha de bloco, at\u00e9 conquistar o reconhecimento de drag que n\u00f3s temos na Ilha do Governador. Isso que est\u00e1 acontecendo hoje \u00e9 um marco de uma nova hist\u00f3ria da Ilha do Governador. Para algumas pessoas, isso aqui \u00e9 s\u00f3 uma festa, mas, para mim, isso aqui \u00e9 uma luta&#8230; realmente ganhamos essa luta!\u201d \u2014 Amaurhy Blutos<\/p><\/blockquote>\n<figure id=\"attachment_74627\" aria-describedby=\"caption-attachment-74627\" style=\"width: 2560px\" class=\"wp-caption aligncenter\"><a href=\"https:\/\/rioonwatch.org.br\/wp-content\/uploads\/2024\/07\/1a-Parada-LGBT-da-ILha-do-Governador-Drag-Yunny-scaled.jpg\"><img loading=\"lazy\" decoding=\"async\" class=\"wp-image-74627 size-full\" title=\"Yunny Drag na 1\u00aa Parada do Orgulho LGBT+ da Ilha do Governador. Foto: Amanda Baroni\" src=\"https:\/\/rioonwatch.org.br\/wp-content\/uploads\/2024\/07\/1a-Parada-LGBT-da-ILha-do-Governador-Drag-Yunny-scaled.jpg\" alt=\"Yunny Drag na 1\u00aa Parada do Orgulho LGBT+ da Ilha do Governador. Foto: Amanda Baroni\" width=\"2560\" height=\"1707\" srcset=\"https:\/\/rioonwatch.org.br\/wp-content\/uploads\/2024\/07\/1a-Parada-LGBT-da-ILha-do-Governador-Drag-Yunny-scaled.jpg 2560w, https:\/\/rioonwatch.org.br\/wp-content\/uploads\/2024\/07\/1a-Parada-LGBT-da-ILha-do-Governador-Drag-Yunny-620x413.jpg 620w\" sizes=\"(max-width: 2560px) 100vw, 2560px\" \/><\/a><figcaption id=\"caption-attachment-74627\" class=\"wp-caption-text\">Yunny Drag na 1\u00aa Parada do Orgulho LGBT+ da Ilha do Governador. Foto: Amanda Baroni<\/figcaption><\/figure>\n<p>A gestora e diretora de projetos do <a href=\"https:\/\/bit.ly\/3XQ2DZT\" target=\"_blank\" rel=\"noopener\">Corporativo Black<\/a>, <a href=\"https:\/\/bit.ly\/3WcnlC8\" target=\"_blank\" rel=\"noopener\">Anne Beatriz<\/a>, v\u00ea o encontro como uma oportunidade de humanizar e naturalizar as diferen\u00e7as na regi\u00e3o.<\/p>\n<blockquote><p>\u201cEssa parada \u00e9 um ato. Estamos aqui para expressar a nossa diversidade, a nossa viv\u00eancia e \u00e9 muito importante que a gente possa falar cada vez mais da popula\u00e7\u00e3o LGBT+. E tamb\u00e9m que a gente possa agregar isso \u00e0s pautas das mulheres negras tamb\u00e9m, \u00e0s pautas das minorias, dos imigrantes. Que a gente possa cada vez mais produzir cultura e empreender&#8230; Ent\u00e3o, a Parada LGBT+ aqui hoje quer dizer que a gente existe. Por mais que outros possam dizer o contr\u00e1rio, \u00e9 um lugar para fam\u00edlias, \u00e9 um lugar para a gente celebrar, \u00e9 um lugar para a gente ser feliz e ser o que \u00e9. E eu acho que n\u00e3o tem nada mais importante do que voc\u00ea chegar num lugar e saber que voc\u00ea \u00e9 quem voc\u00ea \u00e9 e t\u00e1 tudo bem. Eu acho que esse \u00e9 o ponto principal disso aqui tudo.\u201d \u2014 Anne Beatriz<\/p><\/blockquote>\n<figure id=\"attachment_74721\" aria-describedby=\"caption-attachment-74721\" style=\"width: 2560px\" class=\"wp-caption aligncenter\"><a href=\"https:\/\/rioonwatch.org.br\/wp-content\/uploads\/2024\/07\/Participantes-da-1a-Parada-LGBT-da-Ilha-do-Governador-assistem-e-registram-uma-performance-drag.-Foto-Amanda-Baroni-scaled.jpg\"><img loading=\"lazy\" decoding=\"async\" class=\"wp-image-74721 size-full\" title=\"Participantes da 1\u00aa Parada do Orgulho LGBT+ da Ilha do Governador assistem e registram uma performance drag. Foto: Amanda Baroni\" src=\"https:\/\/rioonwatch.org.br\/wp-content\/uploads\/2024\/07\/Participantes-da-1a-Parada-LGBT-da-Ilha-do-Governador-assistem-e-registram-uma-performance-drag.-Foto-Amanda-Baroni-scaled.jpg\" alt=\"Participantes da 1\u00aa Parada do Orgulho LGBT+ da Ilha do Governador assistem e registram uma performance drag. Foto: Amanda Baroni\" width=\"2560\" height=\"1717\" srcset=\"https:\/\/rioonwatch.org.br\/wp-content\/uploads\/2024\/07\/Participantes-da-1a-Parada-LGBT-da-Ilha-do-Governador-assistem-e-registram-uma-performance-drag.-Foto-Amanda-Baroni-scaled.jpg 2560w, https:\/\/rioonwatch.org.br\/wp-content\/uploads\/2024\/07\/Participantes-da-1a-Parada-LGBT-da-Ilha-do-Governador-assistem-e-registram-uma-performance-drag.-Foto-Amanda-Baroni-620x416.jpg 620w\" sizes=\"(max-width: 2560px) 100vw, 2560px\" \/><\/a><figcaption id=\"caption-attachment-74721\" class=\"wp-caption-text\">Participantes da 1\u00aa Parada do Orgulho LGBT+ da Ilha do Governador assistem e registram uma performance drag. Foto: Amanda Baroni<\/figcaption><\/figure>\n<p><span style=\"font-weight: 400;\">O estudante Yohan Ara\u00fajo, morador do localidade do <a href=\"https:\/\/bit.ly\/4crH722\" target=\"_blank\" rel=\"noopener\">Tau\u00e1<\/a>, na Ilha, diz que a parada \u00e9 importante por exigir a garantia de direitos b\u00e1sicos, <\/span><span style=\"font-weight: 400;\">al\u00e9m de trazer bastante esperan\u00e7a para a luta coletiva. <\/span><\/p>\n<blockquote><p><span style=\"font-weight: 400;\">\u201cA gente est\u00e1 fazendo um evento num lugar que \u00e9 bem conservador e homof\u00f3bico. \u00c9 muito lindo ver o que a gente est\u00e1 fazendo, ocupando esse espa\u00e7o&#8230; Pra mim, \u00e9 a esperan\u00e7a de que a gente pode vencer muito e de que isso aqui \u00e9 s\u00f3 o come\u00e7o.\u201d \u2014 Yohan Ara\u00fajo<\/span><\/p><\/blockquote>\n<p><span style=\"font-weight: 400;\">Gabbie Rosa, estudante, moradora do bairro da <a href=\"https:\/\/bit.ly\/3xEZLEB\" target=\"_blank\" rel=\"noopener\">Portuguesa<\/a>, compartilha sentimentos parecidos sobre a 1\u00aa Parada do Orgulho LGBT+ da Ilha do Governador:<\/span><\/p>\n<blockquote><p>\u201cEu nasci e cresci aqui na Ilha e nunca enxerguei aqui como um lugar que me acolhesse, sabe. Ent\u00e3o, quando o Byron come\u00e7ou com a proposta do Encontro das Cores e da Parada, fiquei muito feliz. Conheci muita gente por causa disso e tamb\u00e9m me senti acolhida.\u201d \u2014 Gabbie Rosa<\/p><\/blockquote>\n<figure id=\"attachment_74632\" aria-describedby=\"caption-attachment-74632\" style=\"width: 2560px\" class=\"wp-caption aligncenter\"><a href=\"https:\/\/rioonwatch.org.br\/wp-content\/uploads\/2024\/07\/1a-Parada-LGBT-da-Ilha-do-Governador-Amanda-Baroni-scaled.jpg\"><img loading=\"lazy\" decoding=\"async\" class=\"wp-image-74632 size-full\" title=\"1\u00aa Parada LGBT da Ilha do Governador. Foto: Amanda Baroni\" src=\"https:\/\/rioonwatch.org.br\/wp-content\/uploads\/2024\/07\/1a-Parada-LGBT-da-Ilha-do-Governador-Amanda-Baroni-scaled.jpg\" alt=\"1\u00aa Parada LGBT da Ilha do Governador. Foto: Amanda Baroni\" width=\"2560\" height=\"720\" srcset=\"https:\/\/rioonwatch.org.br\/wp-content\/uploads\/2024\/07\/1a-Parada-LGBT-da-Ilha-do-Governador-Amanda-Baroni-scaled.jpg 2560w, https:\/\/rioonwatch.org.br\/wp-content\/uploads\/2024\/07\/1a-Parada-LGBT-da-Ilha-do-Governador-Amanda-Baroni-620x174.jpg 620w\" sizes=\"(max-width: 2560px) 100vw, 2560px\" \/><\/a><figcaption id=\"caption-attachment-74632\" class=\"wp-caption-text\">1\u00aa Parada LGBT da Ilha do Governador. Foto: Amanda Baroni<\/figcaption><\/figure>\n<p>O professor Rhuan Paulo de Sousa, cria de <a href=\"https:\/\/bit.ly\/3W7PolQ\" target=\"_blank\" rel=\"noopener\">Ramos<\/a>, bairro vizinho \u00e0 Ilha do Governador e idealizador de Noemih Leon, refor\u00e7a o papel pol\u00edtico que essa parada tem. Segundo ele, a maior contribui\u00e7\u00e3o de um evento como esse \u00e9 ampliar as bases sociais no bairro para a luta LGBT+.<\/p>\n<blockquote><p>\u201c\u00c9 todos os dias que a gente resiste. A gente precisa estar aqui e a gente tem que se amar pelo que a gente \u00e9, n\u00e3o pelo o que a sociedade falou para gente. Eu acho que essa parada aqui na Ilha \u00e9 primordial para o desenvolvimento de um <a href=\"https:\/\/bit.ly\/2Xgzmbx\" target=\"_blank\" rel=\"noopener\">sentimento de pertencimento<\/a>&#8230; Andei conversando com o pessoal e perguntei o que voc\u00ea espera como fruto da 1\u00b0 Parada do Orgulho LGBT+ aqui da Ilha? O que voc\u00ea espera que mude? E as pessoas falaram: amor, mais respeito, mais a\u00e7\u00f5es culturais na Ilha do Governador, que a gente n\u00e3o precise se deslocar 20, 30, 40 km para encontrar artistas que a gente gosta&#8230; pertencimento tem muito a ver com territ\u00f3rio. Os nossos t\u00eam que ser ocupando pela nossa arte, pela arte que a gente produz. E a gente produz muita arte&#8230; que esse seja o in\u00edcio de uma grande comunidade&#8230; olhando cada um aqui, agora, est\u00e3o nascendo v\u00e1rias lideran\u00e7as populares. V\u00e1rias lideran\u00e7as que v\u00e3o continuar n\u00e3o s\u00f3 no m\u00eas de junho, mas v\u00e3o continuar a construir essa cena, essa cultura LGBT+ insulana, essa pot\u00eancia o ano inteiro.\u201d \u2014 Rhuan Paulo de Sousa<\/p><\/blockquote>\n<p>Mais do que nunca, a luta dos LGBT+ insulanos \u00e9 por um lugar seguro, por direitos, pelo empoderamento coletivo da comunidade LGBT+ em toda sua diversidade, pelo reconhecimento de que suas trajet\u00f3rias devem ser motivo de orgulho, n\u00e3o escondidas dentro de arm\u00e1rios. Em um bairro tradicional como a Ilha, esse orgulho tamb\u00e9m passa pelo fortalecimento das ra\u00edzes dessas pessoas, fortemente fincadas \u00e0quele ch\u00e3o.<\/p>\n<blockquote class=\"instagram-media\" style=\"background: #FFF; border: 0; border-radius: 3px; box-shadow: 0 0 1px 0 rgba(0,0,0,0.5),0 1px 10px 0 rgba(0,0,0,0.15); margin: 1px; max-width: 540px; min-width: 326px; padding: 0; width: calc(100% - 2px);\" data-instgrm-captioned=\"\" data-instgrm-permalink=\"https:\/\/www.instagram.com\/p\/CszYW8Nx1ic\/?utm_source=ig_embed&amp;utm_campaign=loading\" data-instgrm-version=\"14\">\n<div style=\"padding: 16px;\">\n<p>&nbsp;<\/p>\n<div style=\"display: flex; flex-direction: row; align-items: center;\">\n<div style=\"background-color: #f4f4f4; border-radius: 50%; flex-grow: 0; height: 40px; margin-right: 14px; width: 40px;\"><\/div>\n<div style=\"display: flex; flex-direction: column; flex-grow: 1; justify-content: center;\">\n<div style=\"background-color: #f4f4f4; border-radius: 4px; flex-grow: 0; height: 14px; margin-bottom: 6px; width: 100px;\"><\/div>\n<div style=\"background-color: #f4f4f4; border-radius: 4px; flex-grow: 0; height: 14px; width: 60px;\"><\/div>\n<\/div>\n<\/div>\n<div style=\"padding: 19% 0;\"><\/div>\n<div style=\"display: block; height: 50px; margin: 0 auto 12px; width: 50px;\"><\/div>\n<div style=\"padding-top: 8px;\">\n<div style=\"color: #3897f0; font-family: Arial,sans-serif; font-size: 14px; font-style: normal; font-weight: 550; line-height: 18px;\">Ver essa foto no Instagram<\/div>\n<\/div>\n<div style=\"padding: 12.5% 0;\"><\/div>\n<div style=\"display: flex; flex-direction: row; margin-bottom: 14px; align-items: center;\">\n<div>\n<div style=\"background-color: #f4f4f4; border-radius: 50%; height: 12.5px; width: 12.5px; transform: translateX(0px) translateY(7px);\"><\/div>\n<div style=\"background-color: #f4f4f4; height: 12.5px; transform: rotate(-45deg) translateX(3px) translateY(1px); width: 12.5px; flex-grow: 0; margin-right: 14px; margin-left: 2px;\"><\/div>\n<div style=\"background-color: #f4f4f4; border-radius: 50%; height: 12.5px; width: 12.5px; transform: translateX(9px) translateY(-18px);\"><\/div>\n<\/div>\n<div style=\"margin-left: 8px;\">\n<div style=\"background-color: #f4f4f4; border-radius: 50%; flex-grow: 0; height: 20px; width: 20px;\"><\/div>\n<div style=\"width: 0; height: 0; border-top: 2px solid transparent; border-left: 6px solid #f4f4f4; border-bottom: 2px solid transparent; transform: translateX(16px) translateY(-4px) rotate(30deg);\"><\/div>\n<\/div>\n<div style=\"margin-left: auto;\">\n<div style=\"width: 0px; border-top: 8px solid #F4F4F4; border-right: 8px solid transparent; transform: translateY(16px);\"><\/div>\n<div style=\"background-color: #f4f4f4; flex-grow: 0; height: 12px; width: 16px; transform: translateY(-4px);\"><\/div>\n<div style=\"width: 0; height: 0; border-top: 8px solid #F4F4F4; border-left: 8px solid transparent; transform: translateY(-4px) translateX(8px);\"><\/div>\n<\/div>\n<\/div>\n<div style=\"display: flex; flex-direction: column; flex-grow: 1; justify-content: center; margin-bottom: 24px;\">\n<div style=\"background-color: #f4f4f4; border-radius: 4px; flex-grow: 0; height: 14px; margin-bottom: 6px; width: 224px;\"><\/div>\n<div style=\"background-color: #f4f4f4; border-radius: 4px; flex-grow: 0; height: 14px; width: 144px;\"><\/div>\n<\/div>\n<p>&nbsp;<\/p>\n<p style=\"color: #c9c8cd; font-family: Arial,sans-serif; font-size: 14px; line-height: 17px; margin-bottom: 0; margin-top: 8px; overflow: hidden; padding: 8px 0 7px; text-align: center; text-overflow: ellipsis; white-space: nowrap;\"><a style=\"color: #c9c8cd; font-family: Arial,sans-serif; font-size: 14px; font-style: normal; font-weight: normal; line-height: 17px; text-decoration: none;\" href=\"https:\/\/www.instagram.com\/p\/CszYW8Nx1ic\/?utm_source=ig_embed&amp;utm_campaign=loading\" target=\"_blank\" rel=\"noopener\">Uma publica\u00e7\u00e3o compartilhada por &#x1f319; LUA DRAG &#x1f319; (@luadrag)<\/a><\/p>\n<\/div>\n<\/blockquote>\n<p><script async src=\"\/\/www.instagram.com\/embed.js\"><\/script><\/p>\n<div class=\"flex flex-grow flex-col max-w-full\">\n<div class=\"min-h-[20px] text-message flex flex-col items-start whitespace-pre-wrap break-words [.text-message+&amp;]:mt-5 juice:w-full juice:items-end overflow-x-auto gap-2\" dir=\"auto\" data-message-author-role=\"assistant\" data-message-id=\"c54d088b-ec6e-4653-817e-4c45025df494\">\n<div class=\"flex w-full flex-col gap-1 juice:empty:hidden juice:first:pt-[3px]\">\n<div class=\"markdown prose w-full break-words dark:prose-invert light\">\n<p>A 1\u00aa Parada do Orgulho LGBT+ na Ilha do Governador representa um marco para toda a regi\u00e3o do sub\u00farbio da Leopoldina. Ela simboliza a resist\u00eancia e a conquista de espa\u00e7o pela comunidade no bairro mais antigo do Rio de Janeiro. Essa mobiliza\u00e7\u00e3o facilita iniciativas inclusivas a n\u00edvel local, promove a solidariedade e engaja os moradores da Ilha com a causa LGBT+, al\u00e9m de homenagear e celebrar as hist\u00f3rias das matriarcas, patriarcas e traviarcas LGBT+ insulanas, que, atrav\u00e9s de d\u00e9cadas de luta, tornaram poss\u00edvel que, em 2024, acontecesse a 1\u00aa Parada do Orgulho LGBT+ da Ilha do Governador.<\/p>\n<p><iframe src=\"https:\/\/drive.google.com\/file\/d\/1LAZOnp4zqHm6gOwlWgH1XoQRZBL_ObyX\/preview\" width=\"1030\" height=\"563\"><span data-mce-type=\"bookmark\" style=\"display: inline-block; width: 0px; overflow: hidden; line-height: 0;\" class=\"mce_SELRES_start\">\ufeff<\/span><\/iframe><\/p>\n<\/div>\n<\/div>\n<\/div>\n<\/div>\n<div class=\"mt-1 flex gap-3 empty:hidden juice:-ml-3\">\n<div class=\"items-center justify-start rounded-xl p-1 flex\">\n<div class=\"flex items-center\">\n<div class=\"flex\"><em>Sobre a autora: <\/em><i data-stringify-type=\"italic\"><a class=\"c-link\" href=\"https:\/\/bit.ly\/3p94eas\" target=\"_blank\" rel=\"noopener noreferrer\" data-stringify-link=\"https:\/\/bit.ly\/3p94eas\" data-sk=\"tooltip_parent\">Amanda Baroni Lopes<\/a><\/i><i data-stringify-type=\"italic\">\u00a0\u00e9 estudante de jornalismo na Unicarioca e foi aluna do 1\u00b0 Laborat\u00f3rio de Jornalismo do\u00a0<\/i><i data-stringify-type=\"italic\"><a class=\"c-link\" href=\"https:\/\/bit.ly\/33tm8dz\" target=\"_blank\" rel=\"noopener noreferrer\" data-stringify-link=\"http:\/\/bit.ly\/2YfGMc5\" data-sk=\"tooltip_parent\">Mar\u00e9 de Not\u00edcias<\/a><\/i><i data-stringify-type=\"italic\">. \u00c9 autora do\u00a0<\/i><a href=\"https:\/\/bit.ly\/3p49ufB\" target=\"_blank\" rel=\"noopener\"><i data-stringify-type=\"italic\">Guia Antiass\u00e9dio no Breaking<\/i><\/a><i data-stringify-type=\"italic\">, um manual que explica ao p\u00fablico do Hip Hop sobre o que \u00e9 ou n\u00e3o ass\u00e9dio e orienta sobre o que fazer nessas situa\u00e7\u00f5es. Amanda \u00e9 cria do\u00a0Morro do Timbau\u00a0e atualmente mora na\u00a0<a href=\"https:\/\/bit.ly\/2FMTjwP\" target=\"_blank\" rel=\"noopener\">Vila do Jo\u00e3o<\/a>, ambos no Complexo da Mar\u00e9.<\/i><\/div>\n<\/div>\n<\/div>\n<\/div>\n<hr \/>\n<h4><b data-stringify-type=\"bold\">Apoie nossos esfor\u00e7os para fornecer apoio estrat\u00e9gico \u00e0s favelas do Rio, incluindo o jornalismo hiperlocal, cr\u00edtico, inovador e incans\u00e1vel do\u00a0<\/b><b data-stringify-type=\"bold\"><i data-stringify-type=\"italic\">RioOnWatch<\/i><\/b>\u2014<a class=\"c-link\" href=\"http:\/\/www.bit.ly\/ApoieROW\" target=\"_blank\" rel=\"noopener noreferrer\" data-stringify-link=\"http:\/\/www.bit.ly\/ApoieROW\" data-sk=\"tooltip_parent\">doe aqui<\/a>.<\/h4>\n<!-- AddThis Advanced Settings generic via filter on the_content --><!-- AddThis Share Buttons generic via filter on the_content -->","protected":false},"excerpt":{"rendered":"<div class=\"mh-excerpt\"><p>Click Here for English Em um s\u00e1bado ensolarado, 29 de junho, foi realizada a 1\u00b0 Parada do Orgulho LGBT+ da Ilha do Governador aos p\u00e9s do Morro do Dend\u00ea, no Aterro do Cocot\u00e1, Zona Norte <a class=\"mh-excerpt-more\" href=\"https:\/\/rioonwatch.org.br\/?p=74595\" title=\"1\u00aa Parada do Orgulho LGBT+ da Ilha do Governador: Conquista de D\u00e9cadas em Bairro Antigo e Conservador do Rio de Janeiro\">[&#8230;]<\/a><!-- AddThis Advanced Settings generic via filter on get_the_excerpt --><!-- AddThis Share Buttons generic via filter on get_the_excerpt --><\/p>\n<\/div>","protected":false},"author":179,"featured_media":74629,"comment_status":"closed","ping_status":"closed","sticky":false,"template":"template-full.php","format":"standard","meta":{"_acf_changed":false,"_monsterinsights_skip_tracking":false,"_monsterinsights_sitenote_active":false,"_monsterinsights_sitenote_note":"","_monsterinsights_sitenote_category":0,"footnotes":""},"categories":[1621,1627,3206],"tags":[334,3444,2880,81,88,3443,2227,2219,3152,2173,1398,2432,218],"writer":[3181],"translator":[],"source":[],"ilustrador":[],"fotografo":[3338],"class_list":{"0":"post-74595","1":"post","2":"type-post","3":"status-publish","4":"format-standard","5":"has-post-thumbnail","7":"category-destaque","8":"category-relato-de-evento","9":"category-representatividade","10":"tag-arte","11":"tag-boogie-woogie","12":"tag-complexo-do-dende","13":"tag-cultura","14":"tag-direitos-humanos","15":"tag-espaco-de-acolhimento","16":"tag-galeao","17":"tag-ilha-do-governador","18":"tag-itacolomi","19":"tag-leopoldina","20":"tag-lgbt","21":"tag-representatividade","22":"tag-zona-norte","23":"writer-amanda-baroni-lopes","24":"fotografo-amanda-baroni-lopes"},"acf":[],"yoast_head":"<!-- This site is optimized with the Yoast SEO plugin v25.6 - https:\/\/yoast.com\/wordpress\/plugins\/seo\/ -->\n<title>1\u00aa Parada do Orgulho LGBT+ da Ilha do Governador: Conquista de D\u00e9cadas em Bairro Antigo e Conservador do Rio de Janeiro - RioOnWatch<\/title>\n<meta name=\"robots\" content=\"index, follow, max-snippet:-1, max-image-preview:large, max-video-preview:-1\" \/>\n<link rel=\"canonical\" href=\"https:\/\/rioonwatch.org.br\/?p=74595\" \/>\n<meta property=\"og:locale\" content=\"pt_BR\" \/>\n<meta property=\"og:type\" content=\"article\" \/>\n<meta property=\"og:title\" content=\"1\u00aa Parada do Orgulho LGBT+ da Ilha do Governador: Conquista de D\u00e9cadas em Bairro Antigo e Conservador do Rio de Janeiro - RioOnWatch\" \/>\n<meta property=\"og:description\" content=\"Click Here for English Em um s\u00e1bado ensolarado, 29 de junho, foi realizada a 1\u00b0 Parada do Orgulho LGBT+ da Ilha do Governador aos p\u00e9s do Morro do Dend\u00ea, no Aterro do Cocot\u00e1, Zona Norte [...]\" \/>\n<meta property=\"og:url\" content=\"https:\/\/rioonwatch.org.br\/?p=74595\" \/>\n<meta property=\"og:site_name\" content=\"RioOnWatch\" \/>\n<meta property=\"article:published_time\" content=\"2024-07-06T12:25:54+00:00\" \/>\n<meta property=\"article:modified_time\" content=\"2024-07-24T21:37:37+00:00\" \/>\n<meta property=\"og:image\" content=\"https:\/\/rioonwatch.org.br\/wp-content\/uploads\/2024\/07\/1a-Parada-LGBT-da-ILha-do-Governador-Drag-Mariana-Crocs-2--scaled.jpg\" \/>\n\t<meta property=\"og:image:width\" content=\"2560\" \/>\n\t<meta property=\"og:image:height\" content=\"1707\" \/>\n\t<meta property=\"og:image:type\" content=\"image\/jpeg\" \/>\n<meta name=\"author\" content=\"Janaina Tavares\" \/>\n<meta name=\"twitter:card\" content=\"summary_large_image\" \/>\n<meta name=\"twitter:label1\" content=\"Escrito por\" \/>\n\t<meta name=\"twitter:data1\" content=\"Janaina Tavares\" \/>\n\t<meta name=\"twitter:label2\" content=\"Est. tempo de leitura\" \/>\n\t<meta name=\"twitter:data2\" content=\"12 minutos\" \/>\n<script type=\"application\/ld+json\" class=\"yoast-schema-graph\">{\"@context\":\"https:\/\/schema.org\",\"@graph\":[{\"@type\":\"Article\",\"@id\":\"https:\/\/rioonwatch.org.br\/?p=74595#article\",\"isPartOf\":{\"@id\":\"https:\/\/rioonwatch.org.br\/?p=74595\"},\"author\":{\"name\":\"Janaina Tavares\",\"@id\":\"https:\/\/rioonwatch.org.br\/#\/schema\/person\/feb227e5e7679aacc3d672e375cae1bd\"},\"headline\":\"1\u00aa Parada do Orgulho LGBT+ da Ilha do Governador: Conquista de D\u00e9cadas em Bairro Antigo e Conservador do Rio de Janeiro\",\"datePublished\":\"2024-07-06T12:25:54+00:00\",\"dateModified\":\"2024-07-24T21:37:37+00:00\",\"mainEntityOfPage\":{\"@id\":\"https:\/\/rioonwatch.org.br\/?p=74595\"},\"wordCount\":3557,\"publisher\":{\"@id\":\"https:\/\/rioonwatch.org.br\/#organization\"},\"image\":{\"@id\":\"https:\/\/rioonwatch.org.br\/?p=74595#primaryimage\"},\"thumbnailUrl\":\"https:\/\/rioonwatch.org.br\/wp-content\/uploads\/2024\/07\/1a-Parada-LGBT-da-ILha-do-Governador-Drag-Mariana-Crocs-2--scaled.jpg\",\"keywords\":[\"arte\",\"Boogie Woogie\",\"Complexo do Dend\u00ea\",\"cultura\",\"Direitos Humanos\",\"Espa\u00e7o de acolhimento\",\"Gale\u00e3o\",\"Ilha do Governador\",\"Itacolomi\",\"Leopoldina\",\"LGBTQIAPN+\",\"representatividade\",\"Zona Norte\"],\"articleSection\":[\"*Destaque\",\"Cobertura de Eventos\",\"Representatividade\"],\"inLanguage\":\"pt-BR\"},{\"@type\":\"WebPage\",\"@id\":\"https:\/\/rioonwatch.org.br\/?p=74595\",\"url\":\"https:\/\/rioonwatch.org.br\/?p=74595\",\"name\":\"1\u00aa Parada do Orgulho LGBT+ da Ilha do Governador: Conquista de D\u00e9cadas em Bairro Antigo e Conservador do Rio de Janeiro - RioOnWatch\",\"isPartOf\":{\"@id\":\"https:\/\/rioonwatch.org.br\/#website\"},\"primaryImageOfPage\":{\"@id\":\"https:\/\/rioonwatch.org.br\/?p=74595#primaryimage\"},\"image\":{\"@id\":\"https:\/\/rioonwatch.org.br\/?p=74595#primaryimage\"},\"thumbnailUrl\":\"https:\/\/rioonwatch.org.br\/wp-content\/uploads\/2024\/07\/1a-Parada-LGBT-da-ILha-do-Governador-Drag-Mariana-Crocs-2--scaled.jpg\",\"datePublished\":\"2024-07-06T12:25:54+00:00\",\"dateModified\":\"2024-07-24T21:37:37+00:00\",\"breadcrumb\":{\"@id\":\"https:\/\/rioonwatch.org.br\/?p=74595#breadcrumb\"},\"inLanguage\":\"pt-BR\",\"potentialAction\":[{\"@type\":\"ReadAction\",\"target\":[\"https:\/\/rioonwatch.org.br\/?p=74595\"]}]},{\"@type\":\"ImageObject\",\"inLanguage\":\"pt-BR\",\"@id\":\"https:\/\/rioonwatch.org.br\/?p=74595#primaryimage\",\"url\":\"https:\/\/rioonwatch.org.br\/wp-content\/uploads\/2024\/07\/1a-Parada-LGBT-da-ILha-do-Governador-Drag-Mariana-Crocs-2--scaled.jpg\",\"contentUrl\":\"https:\/\/rioonwatch.org.br\/wp-content\/uploads\/2024\/07\/1a-Parada-LGBT-da-ILha-do-Governador-Drag-Mariana-Crocs-2--scaled.jpg\",\"width\":2560,\"height\":1707,\"caption\":\"Apresenta\u00e7\u00e3o da Drag Mariana Crocs na 1\u00aa Parada LGBT da Ilha do Governador. Foto: Amanda Baroni\"},{\"@type\":\"BreadcrumbList\",\"@id\":\"https:\/\/rioonwatch.org.br\/?p=74595#breadcrumb\",\"itemListElement\":[{\"@type\":\"ListItem\",\"position\":1,\"name\":\"In\u00edcio\",\"item\":\"https:\/\/rioonwatch.org.br\/\"},{\"@type\":\"ListItem\",\"position\":2,\"name\":\"1\u00aa Parada do Orgulho LGBT+ da Ilha do Governador: Conquista de D\u00e9cadas em Bairro Antigo e Conservador do Rio de Janeiro\"}]},{\"@type\":\"WebSite\",\"@id\":\"https:\/\/rioonwatch.org.br\/#website\",\"url\":\"https:\/\/rioonwatch.org.br\/\",\"name\":\"RioOnWatch\",\"description\":\"relatos das favelas cariocas\",\"publisher\":{\"@id\":\"https:\/\/rioonwatch.org.br\/#organization\"},\"potentialAction\":[{\"@type\":\"SearchAction\",\"target\":{\"@type\":\"EntryPoint\",\"urlTemplate\":\"https:\/\/rioonwatch.org.br\/?s={search_term_string}\"},\"query-input\":{\"@type\":\"PropertyValueSpecification\",\"valueRequired\":true,\"valueName\":\"search_term_string\"}}],\"inLanguage\":\"pt-BR\"},{\"@type\":\"Organization\",\"@id\":\"https:\/\/rioonwatch.org.br\/#organization\",\"name\":\"RioOnWatch\",\"url\":\"https:\/\/rioonwatch.org.br\/\",\"logo\":{\"@type\":\"ImageObject\",\"inLanguage\":\"pt-BR\",\"@id\":\"https:\/\/rioonwatch.org.br\/#\/schema\/logo\/image\/\",\"url\":\"https:\/\/rioonwatch.org.br\/wp-content\/uploads\/2021\/06\/RioOnWatchcabecalhoPT11anos-2.png\",\"contentUrl\":\"https:\/\/rioonwatch.org.br\/wp-content\/uploads\/2021\/06\/RioOnWatchcabecalhoPT11anos-2.png\",\"width\":779,\"height\":277,\"caption\":\"RioOnWatch\"},\"image\":{\"@id\":\"https:\/\/rioonwatch.org.br\/#\/schema\/logo\/image\/\"}},{\"@type\":\"Person\",\"@id\":\"https:\/\/rioonwatch.org.br\/#\/schema\/person\/feb227e5e7679aacc3d672e375cae1bd\",\"name\":\"Janaina Tavares\",\"image\":{\"@type\":\"ImageObject\",\"inLanguage\":\"pt-BR\",\"@id\":\"https:\/\/rioonwatch.org.br\/#\/schema\/person\/image\/\",\"url\":\"https:\/\/secure.gravatar.com\/avatar\/83bb5bb4f8b0c5ad63f35939640eaaa2?s=96&d=blank&r=g\",\"contentUrl\":\"https:\/\/secure.gravatar.com\/avatar\/83bb5bb4f8b0c5ad63f35939640eaaa2?s=96&d=blank&r=g\",\"caption\":\"Janaina Tavares\"},\"url\":\"https:\/\/rioonwatch.org.br\/?author=179\"}]}<\/script>\n<!-- \/ Yoast SEO plugin. -->","yoast_head_json":{"title":"1\u00aa Parada do Orgulho LGBT+ da Ilha do Governador: Conquista de D\u00e9cadas em Bairro Antigo e Conservador do Rio de Janeiro - RioOnWatch","robots":{"index":"index","follow":"follow","max-snippet":"max-snippet:-1","max-image-preview":"max-image-preview:large","max-video-preview":"max-video-preview:-1"},"canonical":"https:\/\/rioonwatch.org.br\/?p=74595","og_locale":"pt_BR","og_type":"article","og_title":"1\u00aa Parada do Orgulho LGBT+ da Ilha do Governador: Conquista de D\u00e9cadas em Bairro Antigo e Conservador do Rio de Janeiro - RioOnWatch","og_description":"Click Here for English Em um s\u00e1bado ensolarado, 29 de junho, foi realizada a 1\u00b0 Parada do Orgulho LGBT+ da Ilha do Governador aos p\u00e9s do Morro do Dend\u00ea, no Aterro do Cocot\u00e1, Zona Norte [...]","og_url":"https:\/\/rioonwatch.org.br\/?p=74595","og_site_name":"RioOnWatch","article_published_time":"2024-07-06T12:25:54+00:00","article_modified_time":"2024-07-24T21:37:37+00:00","og_image":[{"width":2560,"height":1707,"url":"https:\/\/rioonwatch.org.br\/wp-content\/uploads\/2024\/07\/1a-Parada-LGBT-da-ILha-do-Governador-Drag-Mariana-Crocs-2--scaled.jpg","type":"image\/jpeg"}],"author":"Janaina Tavares","twitter_card":"summary_large_image","twitter_misc":{"Escrito por":"Janaina Tavares","Est. tempo de leitura":"12 minutos"},"schema":{"@context":"https:\/\/schema.org","@graph":[{"@type":"Article","@id":"https:\/\/rioonwatch.org.br\/?p=74595#article","isPartOf":{"@id":"https:\/\/rioonwatch.org.br\/?p=74595"},"author":{"name":"Janaina Tavares","@id":"https:\/\/rioonwatch.org.br\/#\/schema\/person\/feb227e5e7679aacc3d672e375cae1bd"},"headline":"1\u00aa Parada do Orgulho LGBT+ da Ilha do Governador: Conquista de D\u00e9cadas em Bairro Antigo e Conservador do Rio de Janeiro","datePublished":"2024-07-06T12:25:54+00:00","dateModified":"2024-07-24T21:37:37+00:00","mainEntityOfPage":{"@id":"https:\/\/rioonwatch.org.br\/?p=74595"},"wordCount":3557,"publisher":{"@id":"https:\/\/rioonwatch.org.br\/#organization"},"image":{"@id":"https:\/\/rioonwatch.org.br\/?p=74595#primaryimage"},"thumbnailUrl":"https:\/\/rioonwatch.org.br\/wp-content\/uploads\/2024\/07\/1a-Parada-LGBT-da-ILha-do-Governador-Drag-Mariana-Crocs-2--scaled.jpg","keywords":["arte","Boogie Woogie","Complexo do Dend\u00ea","cultura","Direitos Humanos","Espa\u00e7o de acolhimento","Gale\u00e3o","Ilha do Governador","Itacolomi","Leopoldina","LGBTQIAPN+","representatividade","Zona Norte"],"articleSection":["*Destaque","Cobertura de Eventos","Representatividade"],"inLanguage":"pt-BR"},{"@type":"WebPage","@id":"https:\/\/rioonwatch.org.br\/?p=74595","url":"https:\/\/rioonwatch.org.br\/?p=74595","name":"1\u00aa Parada do Orgulho LGBT+ da Ilha do Governador: Conquista de D\u00e9cadas em Bairro Antigo e Conservador do Rio de Janeiro - RioOnWatch","isPartOf":{"@id":"https:\/\/rioonwatch.org.br\/#website"},"primaryImageOfPage":{"@id":"https:\/\/rioonwatch.org.br\/?p=74595#primaryimage"},"image":{"@id":"https:\/\/rioonwatch.org.br\/?p=74595#primaryimage"},"thumbnailUrl":"https:\/\/rioonwatch.org.br\/wp-content\/uploads\/2024\/07\/1a-Parada-LGBT-da-ILha-do-Governador-Drag-Mariana-Crocs-2--scaled.jpg","datePublished":"2024-07-06T12:25:54+00:00","dateModified":"2024-07-24T21:37:37+00:00","breadcrumb":{"@id":"https:\/\/rioonwatch.org.br\/?p=74595#breadcrumb"},"inLanguage":"pt-BR","potentialAction":[{"@type":"ReadAction","target":["https:\/\/rioonwatch.org.br\/?p=74595"]}]},{"@type":"ImageObject","inLanguage":"pt-BR","@id":"https:\/\/rioonwatch.org.br\/?p=74595#primaryimage","url":"https:\/\/rioonwatch.org.br\/wp-content\/uploads\/2024\/07\/1a-Parada-LGBT-da-ILha-do-Governador-Drag-Mariana-Crocs-2--scaled.jpg","contentUrl":"https:\/\/rioonwatch.org.br\/wp-content\/uploads\/2024\/07\/1a-Parada-LGBT-da-ILha-do-Governador-Drag-Mariana-Crocs-2--scaled.jpg","width":2560,"height":1707,"caption":"Apresenta\u00e7\u00e3o da Drag Mariana Crocs na 1\u00aa Parada LGBT da Ilha do Governador. Foto: Amanda Baroni"},{"@type":"BreadcrumbList","@id":"https:\/\/rioonwatch.org.br\/?p=74595#breadcrumb","itemListElement":[{"@type":"ListItem","position":1,"name":"In\u00edcio","item":"https:\/\/rioonwatch.org.br\/"},{"@type":"ListItem","position":2,"name":"1\u00aa Parada do Orgulho LGBT+ da Ilha do Governador: Conquista de D\u00e9cadas em Bairro Antigo e Conservador do Rio de Janeiro"}]},{"@type":"WebSite","@id":"https:\/\/rioonwatch.org.br\/#website","url":"https:\/\/rioonwatch.org.br\/","name":"RioOnWatch","description":"relatos das favelas cariocas","publisher":{"@id":"https:\/\/rioonwatch.org.br\/#organization"},"potentialAction":[{"@type":"SearchAction","target":{"@type":"EntryPoint","urlTemplate":"https:\/\/rioonwatch.org.br\/?s={search_term_string}"},"query-input":{"@type":"PropertyValueSpecification","valueRequired":true,"valueName":"search_term_string"}}],"inLanguage":"pt-BR"},{"@type":"Organization","@id":"https:\/\/rioonwatch.org.br\/#organization","name":"RioOnWatch","url":"https:\/\/rioonwatch.org.br\/","logo":{"@type":"ImageObject","inLanguage":"pt-BR","@id":"https:\/\/rioonwatch.org.br\/#\/schema\/logo\/image\/","url":"https:\/\/rioonwatch.org.br\/wp-content\/uploads\/2021\/06\/RioOnWatchcabecalhoPT11anos-2.png","contentUrl":"https:\/\/rioonwatch.org.br\/wp-content\/uploads\/2021\/06\/RioOnWatchcabecalhoPT11anos-2.png","width":779,"height":277,"caption":"RioOnWatch"},"image":{"@id":"https:\/\/rioonwatch.org.br\/#\/schema\/logo\/image\/"}},{"@type":"Person","@id":"https:\/\/rioonwatch.org.br\/#\/schema\/person\/feb227e5e7679aacc3d672e375cae1bd","name":"Janaina Tavares","image":{"@type":"ImageObject","inLanguage":"pt-BR","@id":"https:\/\/rioonwatch.org.br\/#\/schema\/person\/image\/","url":"https:\/\/secure.gravatar.com\/avatar\/83bb5bb4f8b0c5ad63f35939640eaaa2?s=96&d=blank&r=g","contentUrl":"https:\/\/secure.gravatar.com\/avatar\/83bb5bb4f8b0c5ad63f35939640eaaa2?s=96&d=blank&r=g","caption":"Janaina Tavares"},"url":"https:\/\/rioonwatch.org.br\/?author=179"}]}},"_links":{"self":[{"href":"https:\/\/rioonwatch.org.br\/index.php?rest_route=\/wp\/v2\/posts\/74595"}],"collection":[{"href":"https:\/\/rioonwatch.org.br\/index.php?rest_route=\/wp\/v2\/posts"}],"about":[{"href":"https:\/\/rioonwatch.org.br\/index.php?rest_route=\/wp\/v2\/types\/post"}],"author":[{"embeddable":true,"href":"https:\/\/rioonwatch.org.br\/index.php?rest_route=\/wp\/v2\/users\/179"}],"replies":[{"embeddable":true,"href":"https:\/\/rioonwatch.org.br\/index.php?rest_route=%2Fwp%2Fv2%2Fcomments&post=74595"}],"version-history":[{"count":89,"href":"https:\/\/rioonwatch.org.br\/index.php?rest_route=\/wp\/v2\/posts\/74595\/revisions"}],"predecessor-version":[{"id":74850,"href":"https:\/\/rioonwatch.org.br\/index.php?rest_route=\/wp\/v2\/posts\/74595\/revisions\/74850"}],"wp:featuredmedia":[{"embeddable":true,"href":"https:\/\/rioonwatch.org.br\/index.php?rest_route=\/wp\/v2\/media\/74629"}],"wp:attachment":[{"href":"https:\/\/rioonwatch.org.br\/index.php?rest_route=%2Fwp%2Fv2%2Fmedia&parent=74595"}],"wp:term":[{"taxonomy":"category","embeddable":true,"href":"https:\/\/rioonwatch.org.br\/index.php?rest_route=%2Fwp%2Fv2%2Fcategories&post=74595"},{"taxonomy":"post_tag","embeddable":true,"href":"https:\/\/rioonwatch.org.br\/index.php?rest_route=%2Fwp%2Fv2%2Ftags&post=74595"},{"taxonomy":"writer","embeddable":true,"href":"https:\/\/rioonwatch.org.br\/index.php?rest_route=%2Fwp%2Fv2%2Fwriter&post=74595"},{"taxonomy":"translator","embeddable":true,"href":"https:\/\/rioonwatch.org.br\/index.php?rest_route=%2Fwp%2Fv2%2Ftranslator&post=74595"},{"taxonomy":"source","embeddable":true,"href":"https:\/\/rioonwatch.org.br\/index.php?rest_route=%2Fwp%2Fv2%2Fsource&post=74595"},{"taxonomy":"ilustrador","embeddable":true,"href":"https:\/\/rioonwatch.org.br\/index.php?rest_route=%2Fwp%2Fv2%2Filustrador&post=74595"},{"taxonomy":"fotografo","embeddable":true,"href":"https:\/\/rioonwatch.org.br\/index.php?rest_route=%2Fwp%2Fv2%2Ffotografo&post=74595"}],"curies":[{"name":"wp","href":"https:\/\/api.w.org\/{rel}","templated":true}]}}