{"id":74659,"date":"2024-07-05T15:32:00","date_gmt":"2024-07-05T18:32:00","guid":{"rendered":"https:\/\/rioonwatch.org.br\/?p=74659"},"modified":"2024-09-09T14:17:07","modified_gmt":"2024-09-09T17:17:07","slug":"ginga-ato-sublime-da-subversao-video","status":"publish","type":"post","link":"https:\/\/rioonwatch.org.br\/?p=74659","title":{"rendered":"Ginga \u2014 Ato Sublime da Subvers\u00e3o [V\u00cdDEO]"},"content":{"rendered":"<p><iframe title=\"YouTube video player\" src=\"https:\/\/www.youtube.com\/embed\/krX8ssRQ64s?si=VNpyKoCDpcUB77M9\" width=\"1030\" height=\"563\" frameborder=\"0\" allowfullscreen=\"allowfullscreen\"><span data-mce-type=\"bookmark\" style=\"display: inline-block; width: 0px; overflow: hidden; line-height: 0;\" class=\"mce_SELRES_start\">\ufeff<\/span><\/iframe><\/p>\n<h4 style=\"text-align: right;\"><em><strong><a href=\"https:\/\/bit.ly\/3ymTFZM\" target=\"_blank\" rel=\"noopener\">Click Here for English<img decoding=\"async\" class=\"alignright wp-image-15790 lazyloaded\" src=\"https:\/\/rioonwatch.org.br\/wp-content\/uploads\/2012\/08\/EN-standard-e1439583104716.jpg\" alt=\"\" width=\"20\" height=\"20\" data-src=\"https:\/\/rioonwatch.org.br\/wp-content\/uploads\/2012\/08\/EN-standard-e1439583104716.jpg\" \/><\/a><\/strong><\/em><\/h4>\n<p><em><i data-stringify-type=\"italic\">Esta mat\u00e9ria faz parte da s\u00e9rie de\u00a0<\/i><i data-stringify-type=\"italic\"><a class=\"c-link\" href=\"https:\/\/bit.ly\/SeriePotencias\" target=\"_blank\" rel=\"noopener noreferrer\" data-stringify-link=\"https:\/\/bit.ly\/SeriePotencias\" data-sk=\"tooltip_parent\">Mem\u00f3rias de Pot\u00eancias Faveladas<\/a><\/i><i data-stringify-type=\"italic\"> do RioOnWatch, que visa documentar e celebrar a hist\u00f3ria das favelas do Rio de Janeiro atrav\u00e9s de relatos e reportagens sobre a mem\u00f3ria coletiva em sua luta cotidiana pelo direito a uma vida plena.\u00a0<\/i>Neste 5 de julho, <a href=\"https:\/\/bit.ly\/4bvOmES\" target=\"_blank\" rel=\"noopener\">Dia Mundial da Capoeira<\/a>, <a href=\"https:\/\/bit.ly\/GinjaSublime\" target=\"_blank\" rel=\"noopener\">este minidocument\u00e1rio<\/a> visa apresentar a capoeira como estrat\u00e9gia afro-diasp\u00f3rica de sobreviv\u00eancia, al\u00e9m de ferramenta para a sa\u00fade f\u00edsica e mental, s\u00edmbolo de pertencimento e ativo para o desenvolvimento das subjetividades, sobretudo, de crian\u00e7as negras.<\/em><\/p>\n<p>Iniciado na <a href=\"https:\/\/bit.ly\/31LlvLC\" target=\"_blank\" rel=\"noopener\">capoeira<\/a> aos 14 anos como um presente de anivers\u00e1rio dado por sua m\u00e3e, o estudante de direito Eduardo Costa, hoje com 38 anos, \u00e9 mais conhecido como <a href=\"https:\/\/bit.ly\/3RQoNXV\" target=\"_blank\" rel=\"noopener\">Mestrando Morcego<\/a>. Ele d\u00e1 aula de capoeira junto ao <a href=\"https:\/\/bit.ly\/4bM3Ncl\" target=\"_blank\" rel=\"noopener\">Centro Cultural Igua\u00e7u Arte Capoeira<\/a>, seja nas sedes da organiza\u00e7\u00e3o ou nas ruas de <a href=\"https:\/\/bit.ly\/2YytCa6\" target=\"_blank\" rel=\"noopener\">Nova Igua\u00e7u<\/a>, cidade da <a href=\"https:\/\/bit.ly\/32JVvht\" target=\"_blank\" rel=\"noopener\">Baixada Fluminense<\/a>, regi\u00e3o do <a href=\"https:\/\/bit.ly\/304NeGi\" target=\"_blank\" rel=\"noopener\">Grande Rio<\/a>.<\/p>\n<figure id=\"attachment_74677\" aria-describedby=\"caption-attachment-74677\" style=\"width: 1366px\" class=\"wp-caption aligncenter\"><a href=\"https:\/\/rioonwatch.org.br\/wp-content\/uploads\/2024\/07\/Eduardo-Costa-o-Mestrando-Morcego-fala-sobre-a-capoeira-e-sua-atuacao-em-Nova-Iguacu.png\"><img fetchpriority=\"high\" decoding=\"async\" class=\"wp-image-74677 size-full\" title=\"Eduardo Costa, o Mestrando Morcego fala sobre a capoeira e sua atua\u00e7\u00e3o em Nova Igua\u00e7u.\" src=\"https:\/\/rioonwatch.org.br\/wp-content\/uploads\/2024\/07\/Eduardo-Costa-o-Mestrando-Morcego-fala-sobre-a-capoeira-e-sua-atuacao-em-Nova-Iguacu.png\" alt=\"Eduardo Costa, o Mestrando Morcego fala sobre a capoeira e sua atua\u00e7\u00e3o em Nova Igua\u00e7u.\" width=\"1366\" height=\"688\" srcset=\"https:\/\/rioonwatch.org.br\/wp-content\/uploads\/2024\/07\/Eduardo-Costa-o-Mestrando-Morcego-fala-sobre-a-capoeira-e-sua-atuacao-em-Nova-Iguacu.png 1366w, https:\/\/rioonwatch.org.br\/wp-content\/uploads\/2024\/07\/Eduardo-Costa-o-Mestrando-Morcego-fala-sobre-a-capoeira-e-sua-atuacao-em-Nova-Iguacu-620x312.png 620w\" sizes=\"(max-width: 1366px) 100vw, 1366px\" \/><\/a><figcaption id=\"caption-attachment-74677\" class=\"wp-caption-text\">Eduardo Costa, o Mestrando Morcego fala sobre a capoeira e sua atua\u00e7\u00e3o em Nova Igua\u00e7u.<\/figcaption><\/figure>\n<figure id=\"attachment_74669\" aria-describedby=\"caption-attachment-74669\" style=\"width: 500px\" class=\"wp-caption alignright\"><a href=\"https:\/\/rioonwatch.org.br\/wp-content\/uploads\/2024\/07\/Centro-Cultural-Iguacu-Arte-Capoeira-cuja-sede-fica-em-Camary-na-cidade-de-Nova-Iguacu.-Foto-Redes-Sociais.jpg\"><img decoding=\"async\" class=\"wp-image-74669\" title=\"Centro Cultural Igua\u00e7u Arte Capoeira, cuja sede fica em Carmary, na cidade de Nova Igua\u00e7u. Foto: Redes Sociais\" src=\"https:\/\/rioonwatch.org.br\/wp-content\/uploads\/2024\/07\/Centro-Cultural-Iguacu-Arte-Capoeira-cuja-sede-fica-em-Camary-na-cidade-de-Nova-Iguacu.-Foto-Redes-Sociais-617x620.jpg\" alt=\"Centro Cultural Igua\u00e7u Arte Capoeira, cuja sede fica em Carmary, na cidade de Nova Igua\u00e7u. Foto: Redes Sociais\" width=\"500\" height=\"502\" srcset=\"https:\/\/rioonwatch.org.br\/wp-content\/uploads\/2024\/07\/Centro-Cultural-Iguacu-Arte-Capoeira-cuja-sede-fica-em-Camary-na-cidade-de-Nova-Iguacu.-Foto-Redes-Sociais-617x620.jpg 617w, https:\/\/rioonwatch.org.br\/wp-content\/uploads\/2024\/07\/Centro-Cultural-Iguacu-Arte-Capoeira-cuja-sede-fica-em-Camary-na-cidade-de-Nova-Iguacu.-Foto-Redes-Sociais.jpg 720w\" sizes=\"(max-width: 500px) 100vw, 500px\" \/><\/a><figcaption id=\"caption-attachment-74669\" class=\"wp-caption-text\">Centro Cultural Igua\u00e7u Arte Capoeira, cuja sede fica em Carmary, na cidade de Nova Igua\u00e7u. Foto: Redes Sociais<\/figcaption><\/figure>\n<p>Assim como qualquer outra express\u00e3o da <a href=\"https:\/\/bit.ly\/3LdIJAk\" target=\"_blank\" rel=\"noopener\">Di\u00e1spora Africana<\/a>, a capoeira ainda sofre com o racismo, inclusive religioso, com estigmas e preconceitos. Mestrando Morcego durante a videorreportagem remarcou esse fato, inclusive do ponto de vista pessoal, de sua trajet\u00f3ria.<\/p>\n<blockquote><p>&#8220;Comecei capoeira nos meus 14 anos&#8230; estou nessa batida h\u00e1 24 anos&#8230; [mas j\u00e1] tive que parar por causa do servi\u00e7o militar obrigat\u00f3rio&#8230; depois, tive que parar por quest\u00f5es de trabalho. N\u00e3o tem jeito, a gente n\u00e3o tem recursos. A capoeira \u00e9 muito mal vista, mas acredito que isso est\u00e1 mudando&#8230; A capoeira n\u00e3o tem religi\u00e3o, ela \u00e9 pra todos! Eu mesmo sou evang\u00e9lico, sou crist\u00e3o e estou na capoeira.&#8221; \u2014 Eduardo Costa (Mestrando Morcego)<\/p><\/blockquote>\n<p>Mesmo sem incentivo p\u00fablico, suas aulas mobilizam mais de 30 jovens por semana. Em um ato sublime de subvers\u00e3o da criminaliza\u00e7\u00e3o da cultura afrodiasp\u00f3rica, essas aulas de ancestralidade negra atrav\u00e9s da autodefesa t\u00eam como maior parte de seu p\u00fablico crian\u00e7as menores de 10 anos.<\/p>\n<p>Fundado em dezembro de 2006, o <a href=\"https:\/\/bit.ly\/3RTZ0y8\" target=\"_blank\" rel=\"noopener\">Igua\u00e7u Arte Capoeira<\/a>\u00a0\u00e9 dirigido pelo <a href=\"https:\/\/bit.ly\/3L8Ckqa\" target=\"_blank\" rel=\"noopener\">Mestre Keto<\/a>. Sua sede fica no bairro <a href=\"https:\/\/bit.ly\/3W9I4Gu\" target=\"_blank\" rel=\"noopener\">Carmary<\/a>, em Nova Igua\u00e7u. Esse centro funciona como n\u00facleo de v\u00e1rios grupos do projeto, que levam a ginga e a ancestralidade afro-brasileira da capoeira a alunos de bairros adjacentes.<\/p>\n<p>Respons\u00e1vel pelas aulas de capoeira no bairro <a href=\"https:\/\/bit.ly\/43yU9FS\" target=\"_blank\" rel=\"noopener\">Nova Am\u00e9rica<\/a>, Mestrando Morcego acredita que a capoeira \u00e9 uma ferramenta de forja social, para al\u00e9m dos benef\u00edcios ao corpo f\u00edsico. Ele direciona os movimentos corporais alinhados a uma postura firme e justa, que prepara o indiv\u00edduo, sobretudo a crian\u00e7a, para o conv\u00edvio em sociedade.<\/p>\n<figure id=\"attachment_74676\" aria-describedby=\"caption-attachment-74676\" style=\"width: 1366px\" class=\"wp-caption aligncenter\"><a href=\"https:\/\/rioonwatch.org.br\/wp-content\/uploads\/2024\/07\/As-aulas-de-ancestralidade-negra-atraves-da-autodefesa-de-Mestrando-Morcego-tem-como-maior-parte-de-seu-publico-criancas-menores-de-10-anos-1.png\"><img loading=\"lazy\" decoding=\"async\" class=\"wp-image-74676 size-full\" title=\"As aulas de ancestralidade negra atrav\u00e9s da autodefesa de Mestrando Morcego t\u00eam como maior parte de seu p\u00fablico crian\u00e7as menores de 10 anos.\" src=\"https:\/\/rioonwatch.org.br\/wp-content\/uploads\/2024\/07\/As-aulas-de-ancestralidade-negra-atraves-da-autodefesa-de-Mestrando-Morcego-tem-como-maior-parte-de-seu-publico-criancas-menores-de-10-anos-1.png\" alt=\"As aulas de ancestralidade negra atrav\u00e9s da autodefesa de Mestrando Morcego t\u00eam como maior parte de seu p\u00fablico crian\u00e7as menores de 10 anos.\" width=\"1366\" height=\"690\" srcset=\"https:\/\/rioonwatch.org.br\/wp-content\/uploads\/2024\/07\/As-aulas-de-ancestralidade-negra-atraves-da-autodefesa-de-Mestrando-Morcego-tem-como-maior-parte-de-seu-publico-criancas-menores-de-10-anos-1.png 1366w, https:\/\/rioonwatch.org.br\/wp-content\/uploads\/2024\/07\/As-aulas-de-ancestralidade-negra-atraves-da-autodefesa-de-Mestrando-Morcego-tem-como-maior-parte-de-seu-publico-criancas-menores-de-10-anos-1-620x313.png 620w\" sizes=\"(max-width: 1366px) 100vw, 1366px\" \/><\/a><figcaption id=\"caption-attachment-74676\" class=\"wp-caption-text\">As aulas de ancestralidade negra atrav\u00e9s da autodefesa de Mestrando Morcego t\u00eam como maior parte de seu p\u00fablico crian\u00e7as menores de 10 anos.<\/figcaption><\/figure>\n<p>Nos batizados da capoeira, o praticante recebe um novo nome, um apelido que finca o seu pertencimento. Assim como Keto e Morcego, os alunos tamb\u00e9m recebem nomes de capoeirista. Uma de suas alunas graduadas, Dyennie dos Santos, 33 anos, recebeu o apelido de Cegonha. Ela contou sobre a import\u00e2ncia do resgate da ancestralidade promovido pela capoeira e pelo trabalho de Mestrando Morcego e Mestre Keto.<\/p>\n<blockquote><p>&#8220;Eu j\u00e1 pratiquei outros esportes, mas, na capoeira, eu me identifiquei porque a capoeira tem o resgate da nossa ancestralidade&#8230; Estou dando aula para as crian\u00e7as, era algo que eu jamais imaginei fazer e as crian\u00e7as me receberam muito bem&#8230; se eu conseguir ser um ter\u00e7o do que eles [Mestre Keto e Mestrando Morcego] representam pra mim vai ser maravilhoso!&#8221; \u2014 Dyennie dos Santos (Cegonha)<\/p><\/blockquote>\n<p>J\u00e1 os relatos de Cristofer Nascimento, 29 anos, apelidado de Charada, apontam para os benef\u00edcios \u00e0 sa\u00fade f\u00edsica decorrentes da pr\u00e1tica da capoeira. Para ele, acometido de uma doen\u00e7a respirat\u00f3ria, foi not\u00e1vel a sua melhora<strong>.<\/strong><\/p>\n<blockquote><p>&#8220;Estou nessa caminhada desde 2004. Desde crian\u00e7a, a capoeira vem trazendo benef\u00edcios pra minha sa\u00fade. Tenho problemas de sa\u00fade respirat\u00f3ria, mas fui melhorando. Hoje em dia, eu sou muito grato \u00e0 capoeira. Conheci amigos e um Mestrando [Morcego] que \u00e9 um pai pra mim. J\u00e1 me tirou de muitos problemas, j\u00e1 me deu muitos conselhos.&#8221; \u2014 Cristofer Nascimento (Charada)<\/p><\/blockquote>\n<p>No entanto, os impactos da capoeira tamb\u00e9m se extendem a camadas mais subjetivas da exist\u00eancia do indiv\u00edduo. Sobretudo se essa pessoa \u00e9 afrodiasp\u00f3rica e moradora de um territ\u00f3rio estigmatizado e de maioria negra, como Nova Igua\u00e7u, capoeira \u00e9 um encontro consigo mesmo, uma realiza\u00e7\u00e3o f\u00edsica e mental.<\/p>\n<figure id=\"attachment_74683\" aria-describedby=\"caption-attachment-74683\" style=\"width: 1366px\" class=\"wp-caption aligncenter\"><a href=\"https:\/\/rioonwatch.org.br\/wp-content\/uploads\/2024\/07\/Aula-de-capoeira-do-Mestrando-Morcego-1.png\"><img loading=\"lazy\" decoding=\"async\" class=\"wp-image-74683 size-full\" title=\"Aula de capoeira do Mestrando Morcego\" src=\"https:\/\/rioonwatch.org.br\/wp-content\/uploads\/2024\/07\/Aula-de-capoeira-do-Mestrando-Morcego-1.png\" alt=\"Aula de capoeira do Mestrando Morcego\" width=\"1366\" height=\"687\" srcset=\"https:\/\/rioonwatch.org.br\/wp-content\/uploads\/2024\/07\/Aula-de-capoeira-do-Mestrando-Morcego-1.png 1366w, https:\/\/rioonwatch.org.br\/wp-content\/uploads\/2024\/07\/Aula-de-capoeira-do-Mestrando-Morcego-1-620x312.png 620w\" sizes=\"(max-width: 1366px) 100vw, 1366px\" \/><\/a><figcaption id=\"caption-attachment-74683\" class=\"wp-caption-text\">Aula de capoeira do Mestrando Morcego<\/figcaption><\/figure>\n<p>Mestrando Morcego reflete como, para ele, a capoeira foi uma ferramenta para a supera\u00e7\u00e3o da timidez. A ginga negra, ato sublime da subvers\u00e3o, \u00e9 tamb\u00e9m sobre autoestima e sa\u00fade mental.<\/p>\n<blockquote><p>&#8220;A capoeira pra mim foi um divisor de \u00e1guas. Eu era uma crian\u00e7a muito quieta, muito calada. A capoeira me ajudou a me soltar. Atrav\u00e9s da capoeira pude conhecer lugares que eu nem imaginava!&#8221; \u2014 Eduardo Costa (Mestrando Morcego)<\/p><\/blockquote>\n<p>Assim como para ele, para outros, a capoeira desempenha fun\u00e7\u00e3o que, a princ\u00edpio, n\u00e3o s\u00e3o esperadas. \u00c9 assim tamb\u00e9m para Thaiane Christine, 31 anos, apelidada de Cacheada, uma das alunas de Morcego, que se fortalece na ginga negra ancestral em sua luta contra a ansiedade.<\/p>\n<blockquote><p>&#8220;Comecei minha jornada em 2019. Sigo treinando com o Mestrando Morcego&#8230; a capoeira agregou na minha vida qualidade&#8230; porque eu sofro de ansiedade&#8230; \u00e0s vezes, a gente vem pro treino com a cabe\u00e7a cheia, com muitas coisas, e na capoeira voc\u00ea consegue simplesmente abrir a mente. Ali \u00e9 s\u00f3 voc\u00ea, a movimenta\u00e7\u00e3o, a m\u00fasica, voc\u00ea consegue se envolver. Eu consegui n\u00e3o s\u00f3 colegas de treino, consegui uma fam\u00edlia na capoeira.&#8221; \u2014 Thaiane Christine (Cacheada)<\/p><\/blockquote>\n<figure id=\"attachment_74673\" aria-describedby=\"caption-attachment-74673\" style=\"width: 1366px\" class=\"wp-caption aligncenter\"><a href=\"https:\/\/rioonwatch.org.br\/wp-content\/uploads\/2024\/07\/Aula-de-capoeira-do-Mestrando-Morcego.png\"><img loading=\"lazy\" decoding=\"async\" class=\"wp-image-74673 size-full\" title=\"Aula de capoeira do Mestrando Morcego.\" src=\"https:\/\/rioonwatch.org.br\/wp-content\/uploads\/2024\/07\/Aula-de-capoeira-do-Mestrando-Morcego.png\" alt=\"Aula de capoeira do Mestrando Morcego.\" width=\"1366\" height=\"729\" srcset=\"https:\/\/rioonwatch.org.br\/wp-content\/uploads\/2024\/07\/Aula-de-capoeira-do-Mestrando-Morcego.png 1366w, https:\/\/rioonwatch.org.br\/wp-content\/uploads\/2024\/07\/Aula-de-capoeira-do-Mestrando-Morcego-620x331.png 620w\" sizes=\"(max-width: 1366px) 100vw, 1366px\" \/><\/a><figcaption id=\"caption-attachment-74673\" class=\"wp-caption-text\">Aula de capoeira do Mestrando Morcego.<\/figcaption><\/figure>\n<h3>Circuito de Rodas de Capoeira do Centro Cultural Igua\u00e7u Arte Capoeira:<\/h3>\n<ul>\n<li>Rodas do mestre Keto: Toda \u00faltima quinta do m\u00eas a partir das 19h. Rua Democracia 226, Carmary, Nova Igua\u00e7u.<\/li>\n<li>Mestrando Morcego: Toda 2\u00aa quarta-feira de dois em dois meses (bimestral) a partir das 19h. Normalmente, fazemos na Pra\u00e7a do Nova Am\u00e9rica, mas, devido \u00e0 falta de energia el\u00e9trica, estamos realizando na pracinha beirando a linha do trem na Av. Goi\u00e2nia.<\/li>\n<li>Mestrando Pez\u00e3o: Todo 3\u00ba s\u00e1bado do m\u00eas a partir das 19h. Pra\u00e7a do Catatau, pr\u00f3ximo ao INSS de Nova Igua\u00e7u.<\/li>\n<li>Professor Devagar: Toda 1\u00aa quarta-feira do m\u00eas a partir das 19h. Pra\u00e7a Zumbi dos Palmares, Comendador Soares.<\/li>\n<li>Mestrando Merreca: Toda 2\u00aa sexta-feira do m\u00eas a partir das 19h. Pra\u00e7a do BESC, Boa Esperan\u00e7a<\/li>\n<\/ul>\n<h3>Assista \u00e0 Videorreportagem <a href=\"https:\/\/bit.ly\/GinjaSublime\" target=\"_blank\" rel=\"noopener\">Aqui<\/a>.<\/h3>\n<figure id=\"attachment_74678\" aria-describedby=\"caption-attachment-74678\" style=\"width: 1366px\" class=\"wp-caption aligncenter\"><a href=\"https:\/\/rioonwatch.org.br\/wp-content\/uploads\/2024\/07\/Mestrando-Morcego-toca-o-berimbau-em-sua-aula-de-capoeira-em-Nova-Iguacu.png\"><img loading=\"lazy\" decoding=\"async\" class=\"wp-image-74678 size-full\" title=\"Mestrando Morcego toca o berimbau em sua aula de capoeira em Nova Igua\u00e7u\" src=\"https:\/\/rioonwatch.org.br\/wp-content\/uploads\/2024\/07\/Mestrando-Morcego-toca-o-berimbau-em-sua-aula-de-capoeira-em-Nova-Iguacu.png\" alt=\"Mestrando Morcego toca o berimbau em sua aula de capoeira em Nova Igua\u00e7u\" width=\"1366\" height=\"646\" srcset=\"https:\/\/rioonwatch.org.br\/wp-content\/uploads\/2024\/07\/Mestrando-Morcego-toca-o-berimbau-em-sua-aula-de-capoeira-em-Nova-Iguacu.png 1366w, https:\/\/rioonwatch.org.br\/wp-content\/uploads\/2024\/07\/Mestrando-Morcego-toca-o-berimbau-em-sua-aula-de-capoeira-em-Nova-Iguacu-620x293.png 620w\" sizes=\"(max-width: 1366px) 100vw, 1366px\" \/><\/a><figcaption id=\"caption-attachment-74678\" class=\"wp-caption-text\">Mestrando Morcego toca o berimbau em sua aula de capoeira em Nova Igua\u00e7u<\/figcaption><\/figure>\n<p><em>Sobre o autor:\u00a0<a href=\"https:\/\/bit.ly\/4ctEb50\" target=\"_blank\" rel=\"noopener\">MC Onni<\/a> \u00e9 oriundo de Nova Igua\u00e7u, Baixada Fluminense. Atua desde 2008 como produtor cultural do Alma Versada e do Sarau V (2014). O rapper lan\u00e7ou seu primeiro EP em 2017, Sagrado Favelado em 2023 e anunciou o disco novo para 2024.<\/em><\/p>\n<hr \/>\n<h4><b data-stringify-type=\"bold\">Apoie nossos esfor\u00e7os para fornecer apoio estrat\u00e9gico \u00e0s favelas do Rio, incluindo o jornalismo hiperlocal, cr\u00edtico, inovador e incans\u00e1vel do\u00a0<\/b><b data-stringify-type=\"bold\"><i data-stringify-type=\"italic\">RioOnWatch<\/i><\/b>\u2014<a class=\"c-link\" href=\"http:\/\/www.bit.ly\/ApoieROW\" target=\"_blank\" rel=\"noopener noreferrer\" data-stringify-link=\"http:\/\/www.bit.ly\/ApoieROW\" data-sk=\"tooltip_parent\">doe aqui<\/a>.<\/h4>\n<!-- AddThis Advanced Settings generic via filter on the_content --><!-- AddThis Share Buttons generic via filter on the_content -->","protected":false},"excerpt":{"rendered":"<div class=\"mh-excerpt\"><p>\ufeff Click Here for English Esta mat\u00e9ria faz parte da s\u00e9rie de\u00a0Mem\u00f3rias de Pot\u00eancias Faveladas do RioOnWatch, que visa documentar e celebrar a hist\u00f3ria das favelas do Rio de Janeiro atrav\u00e9s de relatos e reportagens <a class=\"mh-excerpt-more\" href=\"https:\/\/rioonwatch.org.br\/?p=74659\" title=\"Ginga \u2014 Ato Sublime da Subvers\u00e3o [V\u00cdDEO]\">[&#8230;]<\/a><!-- AddThis Advanced Settings generic via filter on get_the_excerpt --><!-- AddThis Share Buttons generic via filter on get_the_excerpt --><\/p>\n<\/div>","protected":false},"author":167,"featured_media":74678,"comment_status":"closed","ping_status":"closed","sticky":false,"template":"template-full.php","format":"standard","meta":{"_acf_changed":false,"_monsterinsights_skip_tracking":false,"_monsterinsights_sitenote_active":false,"_monsterinsights_sitenote_note":"","_monsterinsights_sitenote_category":0,"footnotes":""},"categories":[1621,1615,1629,1625,342,1638],"tags":[959,921,513,422,333,1372,469,1970,961,1525,294,2069,3432],"writer":[3343],"translator":[],"source":[],"ilustrador":[],"fotografo":[],"class_list":{"0":"post-74659","1":"post","2":"type-post","3":"status-publish","4":"format-standard","5":"has-post-thumbnail","7":"category-destaque","8":"category-cultura-da-favela","9":"category-entrevistas-e-perfis","10":"category-por-correspondentes-comunitarios","11":"category-solucoes","12":"category-video","13":"tag-baixada-fluminense","14":"tag-capoeira","15":"tag-cultura-afro-brasileira","16":"tag-cultura-de-rua","17":"tag-diaspora","18":"tag-grande-rio","19":"tag-memoria","20":"tag-negritude","21":"tag-nova-iguacu","22":"tag-ponto-de-cultura","23":"tag-saude","24":"tag-saude-mental","25":"tag-serie-memorias-de-potencias-faveladas","26":"writer-mc-onni"},"acf":[],"yoast_head":"<!-- This site is optimized with the Yoast SEO plugin v25.6 - https:\/\/yoast.com\/wordpress\/plugins\/seo\/ -->\n<title>Ginga \u2014 Ato Sublime da Subvers\u00e3o [V\u00cdDEO] - RioOnWatch<\/title>\n<meta name=\"robots\" content=\"index, follow, max-snippet:-1, max-image-preview:large, max-video-preview:-1\" \/>\n<link rel=\"canonical\" href=\"https:\/\/rioonwatch.org.br\/?p=74659\" \/>\n<meta property=\"og:locale\" content=\"pt_BR\" \/>\n<meta property=\"og:type\" content=\"article\" \/>\n<meta property=\"og:title\" content=\"Ginga \u2014 Ato Sublime da Subvers\u00e3o [V\u00cdDEO] - RioOnWatch\" \/>\n<meta property=\"og:description\" content=\"\ufeff Click Here for English Esta mat\u00e9ria faz parte da s\u00e9rie de\u00a0Mem\u00f3rias de Pot\u00eancias Faveladas do RioOnWatch, que visa documentar e celebrar a hist\u00f3ria das favelas do Rio de Janeiro atrav\u00e9s de relatos e reportagens [...]\" \/>\n<meta property=\"og:url\" content=\"https:\/\/rioonwatch.org.br\/?p=74659\" \/>\n<meta property=\"og:site_name\" content=\"RioOnWatch\" \/>\n<meta property=\"article:published_time\" content=\"2024-07-05T18:32:00+00:00\" \/>\n<meta property=\"article:modified_time\" content=\"2024-09-09T17:17:07+00:00\" \/>\n<meta property=\"og:image\" content=\"https:\/\/rioonwatch.org.br\/wp-content\/uploads\/2024\/07\/Mestrando-Morcego-toca-o-berimbau-em-sua-aula-de-capoeira-em-Nova-Iguacu.png\" \/>\n\t<meta property=\"og:image:width\" content=\"1366\" \/>\n\t<meta property=\"og:image:height\" content=\"646\" \/>\n\t<meta property=\"og:image:type\" content=\"image\/png\" \/>\n<meta name=\"author\" content=\"Julio Santos Filho\" \/>\n<meta name=\"twitter:card\" content=\"summary_large_image\" \/>\n<meta name=\"twitter:label1\" content=\"Escrito por\" \/>\n\t<meta name=\"twitter:data1\" content=\"Julio Santos Filho\" \/>\n\t<meta name=\"twitter:label2\" content=\"Est. tempo de leitura\" \/>\n\t<meta name=\"twitter:data2\" content=\"7 minutos\" \/>\n<script type=\"application\/ld+json\" class=\"yoast-schema-graph\">{\"@context\":\"https:\/\/schema.org\",\"@graph\":[{\"@type\":\"Article\",\"@id\":\"https:\/\/rioonwatch.org.br\/?p=74659#article\",\"isPartOf\":{\"@id\":\"https:\/\/rioonwatch.org.br\/?p=74659\"},\"author\":{\"name\":\"Julio Santos Filho\",\"@id\":\"https:\/\/rioonwatch.org.br\/#\/schema\/person\/476bc75767957d3535b65b796667cd36\"},\"headline\":\"Ginga \u2014 Ato Sublime da Subvers\u00e3o [V\u00cdDEO]\",\"datePublished\":\"2024-07-05T18:32:00+00:00\",\"dateModified\":\"2024-09-09T17:17:07+00:00\",\"mainEntityOfPage\":{\"@id\":\"https:\/\/rioonwatch.org.br\/?p=74659\"},\"wordCount\":1279,\"publisher\":{\"@id\":\"https:\/\/rioonwatch.org.br\/#organization\"},\"image\":{\"@id\":\"https:\/\/rioonwatch.org.br\/?p=74659#primaryimage\"},\"thumbnailUrl\":\"https:\/\/rioonwatch.org.br\/wp-content\/uploads\/2024\/07\/Mestrando-Morcego-toca-o-berimbau-em-sua-aula-de-capoeira-em-Nova-Iguacu.png\",\"keywords\":[\"Baixada Fluminense\",\"capoeira\",\"Cultura Afro-brasileira\",\"cultura de rua\",\"Di\u00e1spora Africana\",\"Grande Rio\",\"Mem\u00f3rias Faveladas\",\"negritude\",\"Nova Igua\u00e7u\",\"Ponto de Cultura\",\"sa\u00fade\",\"sa\u00fade mental\",\"S\u00e9rie: Mem\u00f3rias de Pot\u00eancias Faveladas\"],\"articleSection\":[\"*Destaque\",\"Cultura da Favela\",\"Entrevistas e Perfis\",\"Escrito por Comunicadores Populares\",\"Solu\u00e7\u00f5es\",\"V\u00eddeo\"],\"inLanguage\":\"pt-BR\"},{\"@type\":\"WebPage\",\"@id\":\"https:\/\/rioonwatch.org.br\/?p=74659\",\"url\":\"https:\/\/rioonwatch.org.br\/?p=74659\",\"name\":\"Ginga \u2014 Ato Sublime da Subvers\u00e3o [V\u00cdDEO] - RioOnWatch\",\"isPartOf\":{\"@id\":\"https:\/\/rioonwatch.org.br\/#website\"},\"primaryImageOfPage\":{\"@id\":\"https:\/\/rioonwatch.org.br\/?p=74659#primaryimage\"},\"image\":{\"@id\":\"https:\/\/rioonwatch.org.br\/?p=74659#primaryimage\"},\"thumbnailUrl\":\"https:\/\/rioonwatch.org.br\/wp-content\/uploads\/2024\/07\/Mestrando-Morcego-toca-o-berimbau-em-sua-aula-de-capoeira-em-Nova-Iguacu.png\",\"datePublished\":\"2024-07-05T18:32:00+00:00\",\"dateModified\":\"2024-09-09T17:17:07+00:00\",\"breadcrumb\":{\"@id\":\"https:\/\/rioonwatch.org.br\/?p=74659#breadcrumb\"},\"inLanguage\":\"pt-BR\",\"potentialAction\":[{\"@type\":\"ReadAction\",\"target\":[\"https:\/\/rioonwatch.org.br\/?p=74659\"]}]},{\"@type\":\"ImageObject\",\"inLanguage\":\"pt-BR\",\"@id\":\"https:\/\/rioonwatch.org.br\/?p=74659#primaryimage\",\"url\":\"https:\/\/rioonwatch.org.br\/wp-content\/uploads\/2024\/07\/Mestrando-Morcego-toca-o-berimbau-em-sua-aula-de-capoeira-em-Nova-Iguacu.png\",\"contentUrl\":\"https:\/\/rioonwatch.org.br\/wp-content\/uploads\/2024\/07\/Mestrando-Morcego-toca-o-berimbau-em-sua-aula-de-capoeira-em-Nova-Iguacu.png\",\"width\":1366,\"height\":646,\"caption\":\"Mestrando Morcego toca o berimbau em sua aula de capoeira em Nova Igua\u00e7u\"},{\"@type\":\"BreadcrumbList\",\"@id\":\"https:\/\/rioonwatch.org.br\/?p=74659#breadcrumb\",\"itemListElement\":[{\"@type\":\"ListItem\",\"position\":1,\"name\":\"In\u00edcio\",\"item\":\"https:\/\/rioonwatch.org.br\/\"},{\"@type\":\"ListItem\",\"position\":2,\"name\":\"Ginga \u2014 Ato Sublime da Subvers\u00e3o [V\u00cdDEO]\"}]},{\"@type\":\"WebSite\",\"@id\":\"https:\/\/rioonwatch.org.br\/#website\",\"url\":\"https:\/\/rioonwatch.org.br\/\",\"name\":\"RioOnWatch\",\"description\":\"relatos das favelas cariocas\",\"publisher\":{\"@id\":\"https:\/\/rioonwatch.org.br\/#organization\"},\"potentialAction\":[{\"@type\":\"SearchAction\",\"target\":{\"@type\":\"EntryPoint\",\"urlTemplate\":\"https:\/\/rioonwatch.org.br\/?s={search_term_string}\"},\"query-input\":{\"@type\":\"PropertyValueSpecification\",\"valueRequired\":true,\"valueName\":\"search_term_string\"}}],\"inLanguage\":\"pt-BR\"},{\"@type\":\"Organization\",\"@id\":\"https:\/\/rioonwatch.org.br\/#organization\",\"name\":\"RioOnWatch\",\"url\":\"https:\/\/rioonwatch.org.br\/\",\"logo\":{\"@type\":\"ImageObject\",\"inLanguage\":\"pt-BR\",\"@id\":\"https:\/\/rioonwatch.org.br\/#\/schema\/logo\/image\/\",\"url\":\"https:\/\/rioonwatch.org.br\/wp-content\/uploads\/2021\/06\/RioOnWatchcabecalhoPT11anos-2.png\",\"contentUrl\":\"https:\/\/rioonwatch.org.br\/wp-content\/uploads\/2021\/06\/RioOnWatchcabecalhoPT11anos-2.png\",\"width\":779,\"height\":277,\"caption\":\"RioOnWatch\"},\"image\":{\"@id\":\"https:\/\/rioonwatch.org.br\/#\/schema\/logo\/image\/\"}},{\"@type\":\"Person\",\"@id\":\"https:\/\/rioonwatch.org.br\/#\/schema\/person\/476bc75767957d3535b65b796667cd36\",\"name\":\"Julio Santos Filho\",\"image\":{\"@type\":\"ImageObject\",\"inLanguage\":\"pt-BR\",\"@id\":\"https:\/\/rioonwatch.org.br\/#\/schema\/person\/image\/\",\"url\":\"https:\/\/secure.gravatar.com\/avatar\/ca138f7666182a292a8ce4ca14fb81f8?s=96&d=blank&r=g\",\"contentUrl\":\"https:\/\/secure.gravatar.com\/avatar\/ca138f7666182a292a8ce4ca14fb81f8?s=96&d=blank&r=g\",\"caption\":\"Julio Santos Filho\"},\"url\":\"https:\/\/rioonwatch.org.br\/?author=167\"}]}<\/script>\n<!-- \/ Yoast SEO plugin. -->","yoast_head_json":{"title":"Ginga \u2014 Ato Sublime da Subvers\u00e3o [V\u00cdDEO] - RioOnWatch","robots":{"index":"index","follow":"follow","max-snippet":"max-snippet:-1","max-image-preview":"max-image-preview:large","max-video-preview":"max-video-preview:-1"},"canonical":"https:\/\/rioonwatch.org.br\/?p=74659","og_locale":"pt_BR","og_type":"article","og_title":"Ginga \u2014 Ato Sublime da Subvers\u00e3o [V\u00cdDEO] - RioOnWatch","og_description":"\ufeff Click Here for English Esta mat\u00e9ria faz parte da s\u00e9rie de\u00a0Mem\u00f3rias de Pot\u00eancias Faveladas do RioOnWatch, que visa documentar e celebrar a hist\u00f3ria das favelas do Rio de Janeiro atrav\u00e9s de relatos e reportagens [...]","og_url":"https:\/\/rioonwatch.org.br\/?p=74659","og_site_name":"RioOnWatch","article_published_time":"2024-07-05T18:32:00+00:00","article_modified_time":"2024-09-09T17:17:07+00:00","og_image":[{"width":1366,"height":646,"url":"https:\/\/rioonwatch.org.br\/wp-content\/uploads\/2024\/07\/Mestrando-Morcego-toca-o-berimbau-em-sua-aula-de-capoeira-em-Nova-Iguacu.png","type":"image\/png"}],"author":"Julio Santos Filho","twitter_card":"summary_large_image","twitter_misc":{"Escrito por":"Julio Santos Filho","Est. tempo de leitura":"7 minutos"},"schema":{"@context":"https:\/\/schema.org","@graph":[{"@type":"Article","@id":"https:\/\/rioonwatch.org.br\/?p=74659#article","isPartOf":{"@id":"https:\/\/rioonwatch.org.br\/?p=74659"},"author":{"name":"Julio Santos Filho","@id":"https:\/\/rioonwatch.org.br\/#\/schema\/person\/476bc75767957d3535b65b796667cd36"},"headline":"Ginga \u2014 Ato Sublime da Subvers\u00e3o [V\u00cdDEO]","datePublished":"2024-07-05T18:32:00+00:00","dateModified":"2024-09-09T17:17:07+00:00","mainEntityOfPage":{"@id":"https:\/\/rioonwatch.org.br\/?p=74659"},"wordCount":1279,"publisher":{"@id":"https:\/\/rioonwatch.org.br\/#organization"},"image":{"@id":"https:\/\/rioonwatch.org.br\/?p=74659#primaryimage"},"thumbnailUrl":"https:\/\/rioonwatch.org.br\/wp-content\/uploads\/2024\/07\/Mestrando-Morcego-toca-o-berimbau-em-sua-aula-de-capoeira-em-Nova-Iguacu.png","keywords":["Baixada Fluminense","capoeira","Cultura Afro-brasileira","cultura de rua","Di\u00e1spora Africana","Grande Rio","Mem\u00f3rias Faveladas","negritude","Nova Igua\u00e7u","Ponto de Cultura","sa\u00fade","sa\u00fade mental","S\u00e9rie: Mem\u00f3rias de Pot\u00eancias Faveladas"],"articleSection":["*Destaque","Cultura da Favela","Entrevistas e Perfis","Escrito por Comunicadores Populares","Solu\u00e7\u00f5es","V\u00eddeo"],"inLanguage":"pt-BR"},{"@type":"WebPage","@id":"https:\/\/rioonwatch.org.br\/?p=74659","url":"https:\/\/rioonwatch.org.br\/?p=74659","name":"Ginga \u2014 Ato Sublime da Subvers\u00e3o [V\u00cdDEO] - RioOnWatch","isPartOf":{"@id":"https:\/\/rioonwatch.org.br\/#website"},"primaryImageOfPage":{"@id":"https:\/\/rioonwatch.org.br\/?p=74659#primaryimage"},"image":{"@id":"https:\/\/rioonwatch.org.br\/?p=74659#primaryimage"},"thumbnailUrl":"https:\/\/rioonwatch.org.br\/wp-content\/uploads\/2024\/07\/Mestrando-Morcego-toca-o-berimbau-em-sua-aula-de-capoeira-em-Nova-Iguacu.png","datePublished":"2024-07-05T18:32:00+00:00","dateModified":"2024-09-09T17:17:07+00:00","breadcrumb":{"@id":"https:\/\/rioonwatch.org.br\/?p=74659#breadcrumb"},"inLanguage":"pt-BR","potentialAction":[{"@type":"ReadAction","target":["https:\/\/rioonwatch.org.br\/?p=74659"]}]},{"@type":"ImageObject","inLanguage":"pt-BR","@id":"https:\/\/rioonwatch.org.br\/?p=74659#primaryimage","url":"https:\/\/rioonwatch.org.br\/wp-content\/uploads\/2024\/07\/Mestrando-Morcego-toca-o-berimbau-em-sua-aula-de-capoeira-em-Nova-Iguacu.png","contentUrl":"https:\/\/rioonwatch.org.br\/wp-content\/uploads\/2024\/07\/Mestrando-Morcego-toca-o-berimbau-em-sua-aula-de-capoeira-em-Nova-Iguacu.png","width":1366,"height":646,"caption":"Mestrando Morcego toca o berimbau em sua aula de capoeira em Nova Igua\u00e7u"},{"@type":"BreadcrumbList","@id":"https:\/\/rioonwatch.org.br\/?p=74659#breadcrumb","itemListElement":[{"@type":"ListItem","position":1,"name":"In\u00edcio","item":"https:\/\/rioonwatch.org.br\/"},{"@type":"ListItem","position":2,"name":"Ginga \u2014 Ato Sublime da Subvers\u00e3o [V\u00cdDEO]"}]},{"@type":"WebSite","@id":"https:\/\/rioonwatch.org.br\/#website","url":"https:\/\/rioonwatch.org.br\/","name":"RioOnWatch","description":"relatos das favelas cariocas","publisher":{"@id":"https:\/\/rioonwatch.org.br\/#organization"},"potentialAction":[{"@type":"SearchAction","target":{"@type":"EntryPoint","urlTemplate":"https:\/\/rioonwatch.org.br\/?s={search_term_string}"},"query-input":{"@type":"PropertyValueSpecification","valueRequired":true,"valueName":"search_term_string"}}],"inLanguage":"pt-BR"},{"@type":"Organization","@id":"https:\/\/rioonwatch.org.br\/#organization","name":"RioOnWatch","url":"https:\/\/rioonwatch.org.br\/","logo":{"@type":"ImageObject","inLanguage":"pt-BR","@id":"https:\/\/rioonwatch.org.br\/#\/schema\/logo\/image\/","url":"https:\/\/rioonwatch.org.br\/wp-content\/uploads\/2021\/06\/RioOnWatchcabecalhoPT11anos-2.png","contentUrl":"https:\/\/rioonwatch.org.br\/wp-content\/uploads\/2021\/06\/RioOnWatchcabecalhoPT11anos-2.png","width":779,"height":277,"caption":"RioOnWatch"},"image":{"@id":"https:\/\/rioonwatch.org.br\/#\/schema\/logo\/image\/"}},{"@type":"Person","@id":"https:\/\/rioonwatch.org.br\/#\/schema\/person\/476bc75767957d3535b65b796667cd36","name":"Julio Santos Filho","image":{"@type":"ImageObject","inLanguage":"pt-BR","@id":"https:\/\/rioonwatch.org.br\/#\/schema\/person\/image\/","url":"https:\/\/secure.gravatar.com\/avatar\/ca138f7666182a292a8ce4ca14fb81f8?s=96&d=blank&r=g","contentUrl":"https:\/\/secure.gravatar.com\/avatar\/ca138f7666182a292a8ce4ca14fb81f8?s=96&d=blank&r=g","caption":"Julio Santos Filho"},"url":"https:\/\/rioonwatch.org.br\/?author=167"}]}},"_links":{"self":[{"href":"https:\/\/rioonwatch.org.br\/index.php?rest_route=\/wp\/v2\/posts\/74659"}],"collection":[{"href":"https:\/\/rioonwatch.org.br\/index.php?rest_route=\/wp\/v2\/posts"}],"about":[{"href":"https:\/\/rioonwatch.org.br\/index.php?rest_route=\/wp\/v2\/types\/post"}],"author":[{"embeddable":true,"href":"https:\/\/rioonwatch.org.br\/index.php?rest_route=\/wp\/v2\/users\/167"}],"replies":[{"embeddable":true,"href":"https:\/\/rioonwatch.org.br\/index.php?rest_route=%2Fwp%2Fv2%2Fcomments&post=74659"}],"version-history":[{"count":27,"href":"https:\/\/rioonwatch.org.br\/index.php?rest_route=\/wp\/v2\/posts\/74659\/revisions"}],"predecessor-version":[{"id":75589,"href":"https:\/\/rioonwatch.org.br\/index.php?rest_route=\/wp\/v2\/posts\/74659\/revisions\/75589"}],"wp:featuredmedia":[{"embeddable":true,"href":"https:\/\/rioonwatch.org.br\/index.php?rest_route=\/wp\/v2\/media\/74678"}],"wp:attachment":[{"href":"https:\/\/rioonwatch.org.br\/index.php?rest_route=%2Fwp%2Fv2%2Fmedia&parent=74659"}],"wp:term":[{"taxonomy":"category","embeddable":true,"href":"https:\/\/rioonwatch.org.br\/index.php?rest_route=%2Fwp%2Fv2%2Fcategories&post=74659"},{"taxonomy":"post_tag","embeddable":true,"href":"https:\/\/rioonwatch.org.br\/index.php?rest_route=%2Fwp%2Fv2%2Ftags&post=74659"},{"taxonomy":"writer","embeddable":true,"href":"https:\/\/rioonwatch.org.br\/index.php?rest_route=%2Fwp%2Fv2%2Fwriter&post=74659"},{"taxonomy":"translator","embeddable":true,"href":"https:\/\/rioonwatch.org.br\/index.php?rest_route=%2Fwp%2Fv2%2Ftranslator&post=74659"},{"taxonomy":"source","embeddable":true,"href":"https:\/\/rioonwatch.org.br\/index.php?rest_route=%2Fwp%2Fv2%2Fsource&post=74659"},{"taxonomy":"ilustrador","embeddable":true,"href":"https:\/\/rioonwatch.org.br\/index.php?rest_route=%2Fwp%2Fv2%2Filustrador&post=74659"},{"taxonomy":"fotografo","embeddable":true,"href":"https:\/\/rioonwatch.org.br\/index.php?rest_route=%2Fwp%2Fv2%2Ffotografo&post=74659"}],"curies":[{"name":"wp","href":"https:\/\/api.w.org\/{rel}","templated":true}]}}