{"id":74985,"date":"2024-08-12T16:24:16","date_gmt":"2024-08-12T19:24:16","guid":{"rendered":"https:\/\/rioonwatch.org.br\/?p=74985"},"modified":"2024-10-15T17:34:42","modified_gmt":"2024-10-15T20:34:42","slug":"v-conferencia-municipal-das-cidades-conheca-as-reivindicacoes-populares-para-a-politica-urbana-nacional","status":"publish","type":"post","link":"https:\/\/rioonwatch.org.br\/?p=74985","title":{"rendered":"Conhe\u00e7a as Reivindica\u00e7\u00f5es Populares para a Pol\u00edtica Urbana Nacional Fruto da V Confer\u00eancia Municipal das Cidades no Rio de Janeiro"},"content":{"rendered":"<figure id=\"attachment_75365\" aria-describedby=\"caption-attachment-75365\" style=\"width: 1196px\" class=\"wp-caption aligncenter\"><a href=\"https:\/\/rioonwatch.org.br\/wp-content\/uploads\/2024\/08\/V-Conferencia-Municipal-das-Cidades.png\"><img fetchpriority=\"high\" decoding=\"async\" class=\"wp-image-75365 size-full\" title=\"A V Confer\u00eancia Municipal de Cidades, uma das etapas VI Confer\u00eancia Nacional das Cidades, aconteceu em 29 e 30 de junho de 2024 no Porto Maravalley, na Regi\u00e3o Portu\u00e1ria, Centro do Rio. Foto: Print\" src=\"https:\/\/rioonwatch.org.br\/wp-content\/uploads\/2024\/08\/V-Conferencia-Municipal-das-Cidades.png\" alt=\"A V Confer\u00eancia Municipal de Cidades, uma das etapas VI Confer\u00eancia Nacional das Cidades, aconteceu em 29 e 30 de junho de 2024 no Porto Maravalley, na Regi\u00e3o Portu\u00e1ria, Centro do Rio. Foto: Print\" width=\"1196\" height=\"528\" srcset=\"https:\/\/rioonwatch.org.br\/wp-content\/uploads\/2024\/08\/V-Conferencia-Municipal-das-Cidades.png 1196w, https:\/\/rioonwatch.org.br\/wp-content\/uploads\/2024\/08\/V-Conferencia-Municipal-das-Cidades-620x274.png 620w, https:\/\/rioonwatch.org.br\/wp-content\/uploads\/2024\/08\/V-Conferencia-Municipal-das-Cidades-768x339.png 768w\" sizes=\"(max-width: 1196px) 100vw, 1196px\" \/><\/a><figcaption id=\"caption-attachment-75365\" class=\"wp-caption-text\">A V Confer\u00eancia Municipal de Cidades, uma das etapas VI Confer\u00eancia Nacional das Cidades, aconteceu em 29 e 30 de junho de 2024 no Porto Maravalley, na Regi\u00e3o Portu\u00e1ria, Centro do Rio. Foto: Print<\/figcaption><\/figure>\n<p style=\"text-align: right;\"><a href=\"https:\/\/bit.ly\/487VcjL\" target=\"_blank\" rel=\"noopener\"><em><strong>Click Here for English<\/strong><\/em><\/a><a href=\"https:\/\/bit.ly\/487VcjL\"><img decoding=\"async\" class=\"lazyloaded alignright wp-image-15790\" src=\"https:\/\/rioonwatch.org.br\/wp-content\/uploads\/2012\/08\/EN-standard-e1439583104716.jpg\" alt=\"\" width=\"20\" height=\"20\" data-src=\"https:\/\/rioonwatch.org.br\/wp-content\/uploads\/2012\/08\/EN-standard-e1439583104716.jpg\" \/><\/a><\/p>\n<p><em><span style=\"font-weight: 400;\">Nos dias 29 e 30 de junho de 2024, no <\/span><a href=\"https:\/\/bit.ly\/4fAH5XG\" target=\"_blank\" rel=\"noopener\"><span style=\"font-weight: 400;\">Porto Maravalley<\/span><\/a><span style=\"font-weight: 400;\">, na Regi\u00e3o Portu\u00e1ria, <a href=\"https:\/\/bit.ly\/3m7rrqz\" target=\"_blank\" rel=\"noopener\">Centro<\/a> do Rio, <a href=\"https:\/\/bit.ly\/3TeKa6e\">aconteceu<\/a> a <\/span><a href=\"https:\/\/bit.ly\/3WCX0vF\" target=\"_blank\" rel=\"noopener\"><span style=\"font-weight: 400;\">V Confer\u00eancia Municipal de Cidades<\/span><\/a>, uma das etapas <a href=\"https:\/\/bit.ly\/3Yz8WkN\" target=\"_blank\" rel=\"noopener\"><span style=\"font-weight: 400;\">VI <\/span><span style=\"font-weight: 400;\">Confer\u00eancia Nacional das Cidades<\/span><\/a><span style=\"font-weight: 400;\">. O local abriga startups e a sede do Instituto de Matem\u00e1tica Pura e Aplicada (<\/span><span style=\"font-weight: 400;\">IMPA Tech<\/span><span style=\"font-weight: 400;\">). O <a href=\"https:\/\/planejamentourbano.prefeitura.rio\/conferencia-municipal-da-cidade-do-rio-de-janeiro-2024\/\">evento reuniu<\/a> representantes do Executivo e Legislativo municipal, estadual e federal, al\u00e9m de movimentos populares e ONGs.<\/span><\/em><\/p>\n<p><span style=\"font-weight: 400;\">Em 2024, o <\/span><a href=\"https:\/\/bit.ly\/3bRCiSO\" target=\"_blank\" rel=\"noopener\"><span style=\"font-weight: 400;\">governo federal<\/span><\/a><span style=\"font-weight: 400;\">, por meio do <\/span><a href=\"https:\/\/bit.ly\/1NtvELZ\" target=\"_blank\" rel=\"noopener\"><span style=\"font-weight: 400;\">Minist\u00e9rio das Cidades<\/span><\/a><span style=\"font-weight: 400;\">, iniciou <\/span><span style=\"font-weight: 400;\">a VI <\/span><span style=\"font-weight: 400;\">Confer\u00eancia Nacional das Cidades<\/span><span style=\"font-weight: 400;\">. Ap\u00f3s a <\/span><a href=\"https:\/\/bit.ly\/46CWDWK\" target=\"_blank\" rel=\"noopener\"><span style=\"font-weight: 400;\">publica\u00e7\u00e3o do regimento<\/span><\/a><span style=\"font-weight: 400;\"> e texto base de discuss\u00e3o, inicia-se a fase estadual, onde cada unidade federativa deve estabelecer suas regras internas para as etapas estaduais e municipais da Confer\u00eancia. <\/span><\/p>\n<figure id=\"attachment_75005\" aria-describedby=\"caption-attachment-75005\" style=\"width: 300px\" class=\"wp-caption alignright\"><a href=\"https:\/\/rioonwatch.org.br\/wp-content\/uploads\/2024\/08\/Arte-de-divulgacao-das-inscricoes-para-a-Conferencia-Municipal-das-Cidades-Rio-2024-cujo-processo-participantes-denunciam-ter-sido-complicado.-Foto-Prefeitura.jpg\"><img decoding=\"async\" class=\"wp-image-75005\" title=\"Arte de divulga\u00e7\u00e3o das inscri\u00e7\u00f5es para a Confer\u00eancia Municipal das Cidades - Rio 2024, cujo processo participantes denunciam ter sido complicado. Foto: Prefeitura\" src=\"https:\/\/rioonwatch.org.br\/wp-content\/uploads\/2024\/08\/Arte-de-divulgacao-das-inscricoes-para-a-Conferencia-Municipal-das-Cidades-Rio-2024-cujo-processo-participantes-denunciam-ter-sido-complicado.-Foto-Prefeitura-496x620.jpg\" alt=\"Arte de divulga\u00e7\u00e3o das inscri\u00e7\u00f5es para a Confer\u00eancia Municipal das Cidades - Rio 2024, cujo processo participantes denunciam ter sido complicado. Foto: Prefeitura\" width=\"300\" height=\"375\" srcset=\"https:\/\/rioonwatch.org.br\/wp-content\/uploads\/2024\/08\/Arte-de-divulgacao-das-inscricoes-para-a-Conferencia-Municipal-das-Cidades-Rio-2024-cujo-processo-participantes-denunciam-ter-sido-complicado.-Foto-Prefeitura-496x620.jpg 496w, https:\/\/rioonwatch.org.br\/wp-content\/uploads\/2024\/08\/Arte-de-divulgacao-das-inscricoes-para-a-Conferencia-Municipal-das-Cidades-Rio-2024-cujo-processo-participantes-denunciam-ter-sido-complicado.-Foto-Prefeitura.jpg 1080w\" sizes=\"(max-width: 300px) 100vw, 300px\" \/><\/a><figcaption id=\"caption-attachment-75005\" class=\"wp-caption-text\">Arte de divulga\u00e7\u00e3o das inscri\u00e7\u00f5es para a Confer\u00eancia Municipal das Cidades &#8211; Rio 2024, cujo processo participantes denunciam ter sido complicado. Foto: Prefeitura<\/figcaption><\/figure>\n<p><span style=\"font-weight: 400;\">A primeira etapa \u00e9 a municipal, requisito para promover uma gest\u00e3o democr\u00e1tica urbana, garantindo a <a href=\"https:\/\/bit.ly\/3anyNBi\" target=\"_blank\" rel=\"noopener\">participa\u00e7\u00e3o efetiva<\/a> da popula\u00e7\u00e3o. Segundo as regras, a comiss\u00e3o organizadora deve refletir a proporcionalidade de diversos setores: 42,3% para o poder p\u00fablico, 26,7% para movimentos populares, 9,9% para sindicatos e empres\u00e1rios, 7% para entidades acad\u00eamicas e conselhos, e 4,2% para ONGs com atua\u00e7\u00e3o na \u00e1rea do desenvolvimento urbano. Essa proporcionalidade visa mobilizar a sociedade civil e o poder p\u00fablico em n\u00edvel municipal. <\/span><span style=\"font-weight: 400;\">Depois das etapas municipais, os debates seguem para a estadual e, finalmente, para a nacional. <\/span><\/p>\n<p>O grande objetivo do processo \u00e9 atualizar a Pol\u00edtica Nacional de Desenvolvimento Urbano (<a href=\"https:\/\/bit.ly\/4fCfIfY\" target=\"_blank\" rel=\"noopener\">PNDU<\/a>), alinhando-a \u00e0s realidades e desafios locais atuais. A PNDU visa reduzir desigualdades socioespaciais e promover a reforma urbana, conforme preconiza o <a href=\"https:\/\/bit.ly\/40ZEP4s\" target=\"_blank\" rel=\"noopener\">Estatuto da Cidade<\/a>.<\/p>\n<p>Ap\u00f3s a derrubada da Presidente <a href=\"https:\/\/bit.ly\/2SYMDC8\" target=\"_blank\" rel=\"noopener\">Dilma Rousseff<\/a> em <a href=\"https:\/\/bit.ly\/3M0E3hP\" target=\"_blank\" rel=\"noopener\">2016<\/a>, houve um desmonte dos \u00f3rg\u00e3os respons\u00e1veis por capitanear os debates e a pol\u00edtica urbana em n\u00edvel nacional. Instaurou-se um v\u00e1cuo no debate e na orienta\u00e7\u00e3o do enfrentamento \u00e0s quest\u00f5es inerentes \u00e0 pol\u00edtica urbana brasileira. Com a retomada das confer\u00eancias, j\u00e1 no terceiro governo do Presidente <a href=\"https:\/\/bit.ly\/2KbJ6eO\" target=\"_blank\" rel=\"noopener\">Lula<\/a>, pautas de anos de aus\u00eancia de debates da agenda urbana municipal foram trazidas \u00e0 tona.<\/p>\n<p><span style=\"font-weight: 400;\">Foram disponibilizadas 823 vagas para delegados e 250 para observadores. <\/span><span style=\"font-weight: 400;\">O regimento interno estabeleceu crit\u00e9rios para debates, vota\u00e7\u00e3o e elei\u00e7\u00e3o dos representantes do Conselho Municipal de Pol\u00edtica Urbana (<\/span><a href=\"https:\/\/bit.ly\/3YEY3hD\" target=\"_blank\" rel=\"noopener\"><span style=\"font-weight: 400;\">COMPUR<\/span><\/a><span style=\"font-weight: 400;\">), bem como dos 143 delegados para a Confer\u00eancia Estadual.\u00a0<\/span><\/p>\n<p><span style=\"font-weight: 400;\">No entanto, \u00e9 preciso registrar que a organiza\u00e7\u00e3o da Confer\u00eancia Municipal de 2024 foi criticada por sua rapidez. A comiss\u00e3o organizadora teve apenas um m\u00eas para preparar o evento e sua divulga\u00e7\u00e3o foi insuficiente. O processo de inscri\u00e7\u00e3o foi complicado, o que dificultou a participa\u00e7\u00e3o de setores populares. <\/span><\/p>\n<h3>V Confer\u00eancia Municipal de Cidades: Mobiliza\u00e7\u00e3o Social e Crise Clim\u00e1tica<\/h3>\n<p>A abertura da V Confer\u00eancia Municipal de Cidades contou com representantes de diversos setores, incluindo dos Executivos e Legislativos municipal, estadual e federal, al\u00e9m de movimentos populares e ONGs. <a href=\"https:\/\/bit.ly\/3H8wyn5\" target=\"_blank\" rel=\"noopener\">Tain\u00e1 de Paula<\/a>, vereadora e ex-secret\u00e1ria de Meio Ambiente e Clima da Cidade do Rio, denunciou que mais de 50% dos domic\u00edlios do estado do Rio de Janeiro n\u00e3o t\u00eam <a href=\"https:\/\/bit.ly\/3uXbZ9S\" target=\"_blank\" rel=\"noopener\">acesso pleno \u00e0 \u00e1gua<\/a> e saneamento e que \u00e9 necess\u00e1ria uma revis\u00e3o do <a href=\"https:\/\/bit.ly\/3YIa6uB\" target=\"_blank\" rel=\"noopener\">Marco Legal do Saneamento B\u00e1sico<\/a>. Enquanto isso, <a href=\"https:\/\/bit.ly\/4fEP9q6\" target=\"_blank\" rel=\"noopener\">Marcelo Braga Edmundo<\/a>, da Central de Movimentos Populares (<a href=\"https:\/\/bit.ly\/3gRFfW8\" target=\"_blank\" rel=\"noopener\">CMP<\/a>) e da <a href=\"https:\/\/bit.ly\/3o3XU29\" target=\"_blank\" rel=\"noopener\">Ocupa\u00e7\u00e3o Vito Giannotti<\/a>, defendeu a gest\u00e3o democr\u00e1tica e a <a href=\"https:\/\/bit.ly\/3anyNBi\" target=\"_blank\" rel=\"noopener\">participa\u00e7\u00e3o<\/a> popular constante na defini\u00e7\u00e3o das pol\u00edticas urbanas das cidades.<\/p>\n<blockquote><p>\u201cQueria saudar a presen\u00e7a das associa\u00e7\u00f5es, dos movimentos e ocupa\u00e7\u00f5es aqui presentes! \u00c9 para essa turma que temos que pensar uma nova cidade! Queria lamentar tamb\u00e9m a aus\u00eancia do senhor prefeito, que deve ter coisa mais importante a fazer do que participar do movimento de democracia na cidade. Queria lembrar tamb\u00e9m que a gest\u00e3o democr\u00e1tica e a democracia em ano de elei\u00e7\u00e3o principalmente n\u00e3o se fazem simplesmente com voto na urna. E o voto na urna, n\u00e3o quer dizer que aquele eleito possa fazer o que quer na cidade. A cidade tem que ser ouvida sempre! N\u00e3o pode ser decis\u00e3o de um.\u201d \u2014 Marcelo Braga Edmundo<\/p><\/blockquote>\n<blockquote class=\"instagram-media\" style=\"background: #FFF; border: 0; border-radius: 3px; box-shadow: 0 0 1px 0 rgba(0,0,0,0.5),0 1px 10px 0 rgba(0,0,0,0.15); margin: 1px; max-width: 540px; min-width: 326px; padding: 0; width: calc(100% - 2px);\" data-instgrm-captioned=\"\" data-instgrm-permalink=\"https:\/\/www.instagram.com\/reel\/C-a0Mjhpd3_\/?utm_source=ig_embed&amp;utm_campaign=loading\" data-instgrm-version=\"14\">\n<div style=\"padding: 16px;\">\n<p>&nbsp;<\/p>\n<div style=\"display: flex; flex-direction: row; align-items: center;\">\n<div style=\"background-color: #f4f4f4; border-radius: 50%; flex-grow: 0; height: 40px; margin-right: 14px; width: 40px;\"><\/div>\n<div style=\"display: flex; flex-direction: column; flex-grow: 1; justify-content: center;\">\n<div style=\"background-color: #f4f4f4; border-radius: 4px; flex-grow: 0; height: 14px; margin-bottom: 6px; width: 100px;\"><\/div>\n<div style=\"background-color: #f4f4f4; border-radius: 4px; flex-grow: 0; height: 14px; width: 60px;\"><\/div>\n<\/div>\n<\/div>\n<div style=\"padding: 19% 0;\"><\/div>\n<div style=\"display: block; height: 50px; margin: 0 auto 12px; width: 50px;\"><\/div>\n<div style=\"padding-top: 8px;\">\n<div style=\"color: #3897f0; font-family: Arial,sans-serif; font-size: 14px; font-style: normal; font-weight: 550; line-height: 18px;\">Ver esta publica\u00e7\u00e3o no Instagram<\/div>\n<\/div>\n<div style=\"padding: 12.5% 0;\"><\/div>\n<div style=\"display: flex; flex-direction: row; margin-bottom: 14px; align-items: center;\">\n<div>\n<div style=\"background-color: #f4f4f4; border-radius: 50%; height: 12.5px; width: 12.5px; transform: translateX(0px) translateY(7px);\"><\/div>\n<div style=\"background-color: #f4f4f4; height: 12.5px; transform: rotate(-45deg) translateX(3px) translateY(1px); width: 12.5px; flex-grow: 0; margin-right: 14px; margin-left: 2px;\"><\/div>\n<div style=\"background-color: #f4f4f4; border-radius: 50%; height: 12.5px; width: 12.5px; transform: translateX(9px) translateY(-18px);\"><\/div>\n<\/div>\n<div style=\"margin-left: 8px;\">\n<div style=\"background-color: #f4f4f4; border-radius: 50%; flex-grow: 0; height: 20px; width: 20px;\"><\/div>\n<div style=\"width: 0; height: 0; border-top: 2px solid transparent; border-left: 6px solid #f4f4f4; border-bottom: 2px solid transparent; transform: translateX(16px) translateY(-4px) rotate(30deg);\"><\/div>\n<\/div>\n<div style=\"margin-left: auto;\">\n<div style=\"width: 0px; border-top: 8px solid #F4F4F4; border-right: 8px solid transparent; transform: translateY(16px);\"><\/div>\n<div style=\"background-color: #f4f4f4; flex-grow: 0; height: 12px; width: 16px; transform: translateY(-4px);\"><\/div>\n<div style=\"width: 0; height: 0; border-top: 8px solid #F4F4F4; border-left: 8px solid transparent; transform: translateY(-4px) translateX(8px);\"><\/div>\n<\/div>\n<\/div>\n<div style=\"display: flex; flex-direction: column; flex-grow: 1; justify-content: center; margin-bottom: 24px;\">\n<div style=\"background-color: #f4f4f4; border-radius: 4px; flex-grow: 0; height: 14px; margin-bottom: 6px; width: 224px;\"><\/div>\n<div style=\"background-color: #f4f4f4; border-radius: 4px; flex-grow: 0; height: 14px; width: 144px;\"><\/div>\n<\/div>\n<p>&nbsp;<\/p>\n<p style=\"color: #c9c8cd; font-family: Arial,sans-serif; font-size: 14px; line-height: 17px; margin-bottom: 0; margin-top: 8px; overflow: hidden; padding: 8px 0 7px; text-align: center; text-overflow: ellipsis; white-space: nowrap;\"><a style=\"color: #c9c8cd; font-family: Arial,sans-serif; font-size: 14px; font-style: normal; font-weight: normal; line-height: 17px; text-decoration: none;\" href=\"https:\/\/www.instagram.com\/reel\/C-a0Mjhpd3_\/?utm_source=ig_embed&amp;utm_campaign=loading\" target=\"_blank\" rel=\"noopener\">Uma publica\u00e7\u00e3o partilhada por Fala Manguinhos (@falamanguinhos)<\/a><\/p>\n<\/div>\n<\/blockquote>\n<p><script async src=\"\/\/www.instagram.com\/embed.js\"><\/script><\/p>\n<p>Os debates foram divididos em grupos de trabalho, abordando oito eixos tem\u00e1ticos definidos pelo Minist\u00e9rio das Cidades: habita\u00e7\u00e3o e regulariza\u00e7\u00e3o fundi\u00e1ria, saneamento b\u00e1sico, <a href=\"https:\/\/bit.ly\/ACorDaMobilidade\" target=\"_blank\" rel=\"noopener\">mobilidade urbana<\/a>, controle social e gest\u00e3o democr\u00e1tica, gest\u00e3o interfederativa e das regi\u00f5es metropolitanas, <a href=\"https:\/\/bit.ly\/2x21lxb\" target=\"_blank\" rel=\"noopener\">sustentabilidade ambiental<\/a> e <a href=\"https:\/\/bit.ly\/3wZrbkN\" target=\"_blank\" rel=\"noopener\">emerg\u00eancias clim\u00e1ticas<\/a>, transforma\u00e7\u00e3o e inclus\u00e3o digital no territ\u00f3rio, <a href=\"https:\/\/bit.ly\/2YplD1T\" target=\"_blank\" rel=\"noopener\">seguran\u00e7a p\u00fablica<\/a> e o enfrentamento do controle armado dos territ\u00f3rios populares.<\/p>\n<figure id=\"attachment_75002\" aria-describedby=\"caption-attachment-75002\" style=\"width: 1366px\" class=\"wp-caption aligncenter\"><a href=\"https:\/\/rioonwatch.org.br\/wp-content\/uploads\/2024\/08\/Marcelo-Braga-Edmundo-da-Central-de-Movimentos-Populares-CMP-e-da-Ocupacao-Vito-Giannotti-defendeu-a-gestao-democratica-da-cidade-e-criticou-ausencia-do-prefeito.-Foto-Print.png\"><img loading=\"lazy\" decoding=\"async\" class=\"wp-image-75002 size-full\" title=\"Marcelo Braga Edmundo, da Central de Movimentos Populares (CMP) e da Ocupa\u00e7\u00e3o Vito Giannotti, defendeu a gest\u00e3o democr\u00e1tica da cidade e criticou aus\u00eancia do prefeito. Foto: Print\" src=\"https:\/\/rioonwatch.org.br\/wp-content\/uploads\/2024\/08\/Marcelo-Braga-Edmundo-da-Central-de-Movimentos-Populares-CMP-e-da-Ocupacao-Vito-Giannotti-defendeu-a-gestao-democratica-da-cidade-e-criticou-ausencia-do-prefeito.-Foto-Print.png\" alt=\"Marcelo Braga Edmundo, da Central de Movimentos Populares (CMP) e da Ocupa\u00e7\u00e3o Vito Giannotti, defendeu a gest\u00e3o democr\u00e1tica da cidade e criticou aus\u00eancia do prefeito. Foto: Print\" width=\"1366\" height=\"768\" srcset=\"https:\/\/rioonwatch.org.br\/wp-content\/uploads\/2024\/08\/Marcelo-Braga-Edmundo-da-Central-de-Movimentos-Populares-CMP-e-da-Ocupacao-Vito-Giannotti-defendeu-a-gestao-democratica-da-cidade-e-criticou-ausencia-do-prefeito.-Foto-Print.png 1366w, https:\/\/rioonwatch.org.br\/wp-content\/uploads\/2024\/08\/Marcelo-Braga-Edmundo-da-Central-de-Movimentos-Populares-CMP-e-da-Ocupacao-Vito-Giannotti-defendeu-a-gestao-democratica-da-cidade-e-criticou-ausencia-do-prefeito.-Foto-Print-620x349.png 620w\" sizes=\"(max-width: 1366px) 100vw, 1366px\" \/><\/a><figcaption id=\"caption-attachment-75002\" class=\"wp-caption-text\">Marcelo Braga Edmundo, da Central de Movimentos Populares (CMP) e da Ocupa\u00e7\u00e3o Vito Giannotti, defendeu a gest\u00e3o democr\u00e1tica da cidade e criticou aus\u00eancia do prefeito. Foto: Print<\/figcaption><\/figure>\n<p data-sourcepos=\"7:1-7:1006\">O primeiro dia da confer\u00eancia se dedicou a discutir os primeiros quatro eixos, enquanto o segundo se prop\u00f4s a discutir os demais. Ap\u00f3s os debates e apresenta\u00e7\u00f5es, as propostas s\u00e3o submetidas \u00e0s respectivas mesas. Ap\u00f3s a submiss\u00e3o, a mesa realiza a leitura e, em seguida, ocorre o debate e a vota\u00e7\u00e3o das propostas finais, j\u00e1 ajustadas. Se necess\u00e1rio, disp\u00f5e-se de tempo definido pelo regimento interno da confer\u00eancia para exposi\u00e7\u00f5es a favor ou contra as propostas. A seguir, apresentam-se os destaques para a proposta em quest\u00e3o, a partir de emendas enviadas por escrito \u00e0 mesa. Por fim, cada eixo elege at\u00e9 quatro propostas, que s\u00e3o votadas na plen\u00e1ria final e aprovadas por maioria simples dos participantes.<\/p>\n<h3>Propostas dos Grupos de Trabalho (GTs) na Confer\u00eancia<\/h3>\n<p><span style=\"font-weight: 400;\">Como <a href=\"https:\/\/bit.ly\/3TeKa6e\">resultado dos debates<\/a>, obteve-se os seguintes encaminhamentos por eixo:<\/span><\/p>\n<ul>\n<li aria-level=\"1\"><b>Controle Social e Gest\u00e3o Democr\u00e1tica das Cidades<\/b><\/li>\n<\/ul>\n<p data-sourcepos=\"7:1-7:444\">Em \u00e2mbito municipal, prop\u00f4s-se a cria\u00e7\u00e3o do Conselho Municipal das Cidades do Rio de Janeiro, com base na estrutura do Conselho Nacional das Cidades e a implementa\u00e7\u00e3o do or\u00e7amento participativo desde a sua concep\u00e7\u00e3o, com participa\u00e7\u00e3o popular antes do envio \u00e0 <a href=\"https:\/\/bit.ly\/3jIhz5K\" target=\"_blank\" rel=\"noopener\">C\u00e2mara Municipal<\/a> do projeto de lei de diretrizes or\u00e7ament\u00e1rias.<\/p>\n<p data-sourcepos=\"7:1-7:444\">Como encaminhamento para a Confer\u00eancia Estadual, prop\u00f4s-se a integra\u00e7\u00e3o f\u00edsica, operacional e tarif\u00e1ria metropolitana nos sistemas ferrovi\u00e1rios e metrovi\u00e1rios, al\u00e9m da reativa\u00e7\u00e3o da Esta\u00e7\u00e3o Leopoldina para uso ferrovi\u00e1rio. Prop\u00f4s-se tamb\u00e9m a recupera\u00e7\u00e3o de \u00e1reas agr\u00edcolas na cidade do Rio como medida de adapta\u00e7\u00e3o clim\u00e1tica e mitiga\u00e7\u00e3o.<\/p>\n<blockquote>\n<p data-sourcepos=\"7:1-7:444\">&#8220;As confer\u00eancias retomadas pelo governo federal&#8230; s\u00e3o momentos especiais de participa\u00e7\u00e3o na gest\u00e3o democr\u00e1tica das cidades, onde todos devemos participar, todos os movimentos&#8230; A conversa, no entanto, n\u00e3o acaba com o t\u00e9rmino da confer\u00eancia, a conversa tem que acontecer com todos os segmentos sociais, discutindo a ocupa\u00e7\u00e3o e o uso dos espa\u00e7os urbanos de forma democr\u00e1tica. A gest\u00e3o democr\u00e1tica das cidades tem que contemplar a audi\u00e7\u00e3o de todos os segmentos.&#8221; \u2014 Jorge Silva, Sindicato dos Engenheiros<\/p>\n<\/blockquote>\n<ul>\n<li aria-level=\"1\"><b>Habita\u00e7\u00e3o e Regulariza\u00e7\u00e3o Fundi\u00e1ria<\/b><\/li>\n<\/ul>\n<p data-sourcepos=\"7:1-7:991\">Em \u00e2mbito municipal, prop\u00f4s-se que a pol\u00edtica habitacional do munic\u00edpio preveja: a regulamenta\u00e7\u00e3o e operacionaliza\u00e7\u00e3o do programa de autogest\u00e3o; a cria\u00e7\u00e3o de uma superintend\u00eancia dedicada aos condom\u00ednios do <a href=\"https:\/\/bit.ly\/3PmnlfF\" target=\"_blank\" rel=\"noopener\">Minha Casa Minha Vida<\/a>; a destina\u00e7\u00e3o de, no m\u00ednimo, de 1% do recurso or\u00e7ament\u00e1rio municipal para a pol\u00edtica habitacional, coordenada pela Secretaria Municipal de Habita\u00e7\u00e3o (<a href=\"https:\/\/bit.ly\/3eTA4Et\" target=\"_blank\" rel=\"noopener\">SMH<\/a>); a incorpora\u00e7\u00e3o do Fundo Municipal de Habita\u00e7\u00e3o de Interesse Social (<a href=\"https:\/\/bit.ly\/3SGOdaV\" target=\"_blank\" rel=\"noopener\">FMHIS<\/a>)\u00a0ao Sistema Nacional de Habita\u00e7\u00e3o de Interesse Social (<a href=\"https:\/\/bit.ly\/3SGJFSd\" target=\"_blank\" rel=\"noopener\">SNHIS<\/a>), tendo o conselho gestor do FMHIS\u00a0parit\u00e1rio papel deliberativo e fiscalizador; a destina\u00e7\u00e3o priorit\u00e1ria de im\u00f3veis p\u00fablicos para a provis\u00e3o de <span style=\"font-weight: 400;\">Habita\u00e7\u00e3o de Interesse Social <\/span>(<a href=\"https:\/\/bit.ly\/3LV1RDF\" target=\"_blank\" rel=\"noopener\">HIS<\/a>); a amplia\u00e7\u00e3o dos recursos do FMHIS com a capta\u00e7\u00e3o dos recursos da <a href=\"https:\/\/bit.ly\/3WUbdpp\" target=\"_blank\" rel=\"noopener\">Reurb E<\/a> e destina\u00e7\u00e3o dos mesmos para a <a href=\"https:\/\/bit.ly\/3ymN3e3\" target=\"_blank\" rel=\"noopener\">Reurb S<\/a>; a retomada da elabora\u00e7\u00e3o do <a href=\"https:\/\/bit.ly\/3SIgFt0\" target=\"_blank\" rel=\"noopener\">Plano Municipal de Habita\u00e7\u00e3o de Interesse Social<\/a> como marco regulat\u00f3rio e a previs\u00e3o de cria\u00e7\u00e3o de programa de loca\u00e7\u00e3o social e de programa de assist\u00eancia t\u00e9cnica para HIS; a defini\u00e7\u00e3o de par\u00e2metros de adapta\u00e7\u00e3o para <a href=\"https:\/\/bit.ly\/3RnfGNB\" target=\"_blank\" rel=\"noopener\">mudan\u00e7a clim\u00e1tica<\/a> como obrigat\u00f3rios para projetos de HIS e urbaniza\u00e7\u00e3o de favelas; a suspens\u00e3o dos despejos; e a cria\u00e7\u00e3o de programa de aux\u00edlio \u00e0 moradia para fam\u00edlias v\u00edtimas de eventos socioclim\u00e1ticos, com valor adequado e reajustado anualmente com base no \u00cdndice Nacional de Pre\u00e7os ao Consumidor Amplo (<a href=\"https:\/\/bit.ly\/4chJEuR\" target=\"_blank\" rel=\"noopener\">IPCA<\/a>).<\/p>\n<blockquote>\n<p data-sourcepos=\"7:1-7:991\">&#8220;A agenda do passado est\u00e1 velha, carcomida e ningu\u00e9m resolve. O problema da regulariza\u00e7\u00e3o fundi\u00e1ria, por exemplo, no <a href=\"https:\/\/bit.ly\/2xHHPpW\" target=\"_blank\" rel=\"noopener\">Cantagalo<\/a>, do lado da minha casa, est\u00e1 tudo pronto para regularizar h\u00e1 pelo menos dez, 15 anos e n\u00e3o acontece eu n\u00e3o sei porqu\u00ea. Os cart\u00f3rios reconheceram tudo, est\u00e1 tudo nos conformes, mas h\u00e1 uma conspira\u00e7\u00e3o patrimonialista&#8230; \u00c9 isso que ningu\u00e9m consegue mexer. E eu pergunto a voc\u00eas, o <a href=\"https:\/\/bit.ly\/40ZEP4s\" target=\"_blank\" rel=\"noopener\">Estatuto das Cidades<\/a> est\u00e1 onde? Parece que sumiu! Tem v\u00e1rios mecanismos importantes de recupera\u00e7\u00e3o, democratiza\u00e7\u00e3o da cidade, da propriedade&#8230; Quando um governo faz uma obra, n\u00e3o devemos esquecer que dali ele pode retirar os recursos que ele vai utilizar para fazer a democracia funcionar naquela regi\u00e3o onde houve a interven\u00e7\u00e3o urbana.&#8221; \u2014 <a href=\"https:\/\/bit.ly\/4cdcw7q\" target=\"_blank\" rel=\"noopener\">Asp\u00e1sia Camargo<\/a><\/p>\n<\/blockquote>\n<p>No tema da moradia, um dos destaques foi a fala de Gianni Marchezini, representante do Movimento Nacional de Luta pela Moradia (<a href=\"https:\/\/bit.ly\/32S0rBU\" target=\"_blank\" rel=\"noopener\">MNLM<\/a>).<\/p>\n<blockquote><p>\u201cEu queria s\u00f3 relembrar que o t\u00edtulo de propriedade \u00e9 uma porta de entrada para a especula\u00e7\u00e3o imobili\u00e1ria, n\u00e9? Que [com isso o] <a href=\"http:\/\/www.termoterritorialcoletivo.org\">direito \u00e0 moradia n\u00e3o se resume no t\u00edtulo de propriedade<\/a>. O direito \u00e0 moradia \u00e9 muito mais que isso. Quem precisa de t\u00edtulo de propriedade para circular \u00e9 o mercado, que depende da especula\u00e7\u00e3o. O trabalhador precisa de moradia digna. O trabalhador precisa de um governo que n\u00e3o seja gerente de mercado. \u00c9 s\u00f3 para deixar claro que a gente precisa construir, sabe? \u00c9 uma outra discuss\u00e3o quando a gente fala de direito \u00e0 moradia e de titula\u00e7\u00e3o. A nossa <a href=\"https:\/\/rioonwatch.org.br\/?tag=clt\">titula\u00e7\u00e3o precisa garantir o nosso direito de morar<\/a>, n\u00e3o o nosso direito de transformar nossa <a href=\"https:\/\/rioonwatch.org.br\/?p=68802\">moradia em moeda do mercado<\/a>.\u201d \u2014 <a href=\"https:\/\/bit.ly\/4fAz3hg\" target=\"_blank\" rel=\"noopener\">Gianni Marchezini<\/a><\/p><\/blockquote>\n<p><span style=\"font-weight: 400;\">Como encaminhamento para a Confer\u00eancia Estadual, prop\u00f4s-se a suspens\u00e3o das ordens de despejo e destina\u00e7\u00e3o dos im\u00f3veis p\u00fablicos estaduais para Habita\u00e7\u00e3o de Interesse Social<\/span><span style=\"font-weight: 400;\">\u00a0e a garantia na destina\u00e7\u00e3o de, no m\u00ednimo, 1% dos recursos or\u00e7ament\u00e1rios do estado para a pol\u00edtica de HIS.<\/span><\/p>\n<figure id=\"attachment_67410\" aria-describedby=\"caption-attachment-67410\" style=\"width: 2560px\" class=\"wp-caption aligncenter\"><a href=\"https:\/\/rioonwatch.org.br\/wp-content\/uploads\/2023\/04\/Populacao-na-galeria-da-Camara-12abr-Precisamos-exercer-nosso-direito-de-ter-moradia-porque-nao-e-so-um-direito-e-um-dever.-Foto-Leonardo-Coelho-scaled.jpg\"><img loading=\"lazy\" decoding=\"async\" class=\"wp-image-67410 size-full\" title=\"Popula\u00e7\u00e3o na galeria da C\u00e2mara em 12 abril de 2023, onde se l\u00ea em um dos cartazes: 'Precisamos exercer nosso direito de ter moradia, porque n\u00e3o \u00e9 s\u00f3 um direito, \u00e9 um dever!'. Foto: Leonardo Coelho\" src=\"https:\/\/rioonwatch.org.br\/wp-content\/uploads\/2023\/04\/Populacao-na-galeria-da-Camara-12abr-Precisamos-exercer-nosso-direito-de-ter-moradia-porque-nao-e-so-um-direito-e-um-dever.-Foto-Leonardo-Coelho-scaled.jpg\" alt=\"Popula\u00e7\u00e3o na galeria da C\u00e2mara em 12 abril de 2023, onde se l\u00ea em um dos cartazes: 'Precisamos exercer nosso direito de ter moradia, porque n\u00e3o \u00e9 s\u00f3 um direito, \u00e9 um dever!'. Foto: Leonardo Coelho\" width=\"2560\" height=\"1707\" srcset=\"https:\/\/rioonwatch.org.br\/wp-content\/uploads\/2023\/04\/Populacao-na-galeria-da-Camara-12abr-Precisamos-exercer-nosso-direito-de-ter-moradia-porque-nao-e-so-um-direito-e-um-dever.-Foto-Leonardo-Coelho-scaled.jpg 2560w, https:\/\/rioonwatch.org.br\/wp-content\/uploads\/2023\/04\/Populacao-na-galeria-da-Camara-12abr-Precisamos-exercer-nosso-direito-de-ter-moradia-porque-nao-e-so-um-direito-e-um-dever.-Foto-Leonardo-Coelho-620x413.jpg 620w, https:\/\/rioonwatch.org.br\/wp-content\/uploads\/2023\/04\/Populacao-na-galeria-da-Camara-12abr-Precisamos-exercer-nosso-direito-de-ter-moradia-porque-nao-e-so-um-direito-e-um-dever.-Foto-Leonardo-Coelho-944x629.jpg 944w\" sizes=\"(max-width: 2560px) 100vw, 2560px\" \/><\/a><figcaption id=\"caption-attachment-67410\" class=\"wp-caption-text\">Popula\u00e7\u00e3o na galeria da C\u00e2mara em 12 abril de 2023 defendendo o Termo Territorial Coletivo e outros mecanismos de garantia de moradia acess\u00edvel, onde se l\u00ea em um dos cartazes: &#8216;Precisamos exercer nosso direito de ter moradia, porque n\u00e3o \u00e9 s\u00f3 um direito, \u00e9 um dever!&#8217;. Foto: Leonardo Coelho<\/figcaption><\/figure>\n<ul>\n<li aria-level=\"1\"><b>Mobilidade Urbana<\/b><\/li>\n<\/ul>\n<p><span style=\"font-weight: 400;\">No eixo da mobilidade, os delegados propuseram a transfer\u00eancia da gest\u00e3o das cal\u00e7adas para o setor p\u00fablico, com a utiliza\u00e7\u00e3o de recursos p\u00fablicos para sua adequa\u00e7\u00e3o e manuten\u00e7\u00e3o, garantindo acessibilidade universal e o desenvolvimento de planos de pedestrianiza\u00e7\u00e3o (devolver o acesso \u00e0s ruas ao pedestre), al\u00e9m da implanta\u00e7\u00e3o de novas ciclovias a serem criadas em espa\u00e7os hoje destinados aos carros; a garantia de transporte p\u00fablico em diversas horas do dia, incluindo o per\u00edodo noturno, com intervalos regulares e razo\u00e1veis al\u00e9m da provis\u00e3o de abrigos cobertos e com informa\u00e7\u00f5es via GPS dos coletivos e a <a href=\"https:\/\/bit.ly\/3Agq5pq\" target=\"_blank\" rel=\"noopener\">tarifa zero<\/a>, com redu\u00e7\u00e3o ou elimina\u00e7\u00e3o do valor da tarifa p\u00fablica.<\/span><\/p>\n<p><span style=\"font-weight: 400;\">Como encaminhamento para a Confer\u00eancia Estadual, prop\u00f4s-se a expans\u00e3o de corredores de transporte priorizando o transporte sobre trilhos e a parceria entre o estado e o munic\u00edpio do Rio para a efetiva\u00e7\u00e3o de mais liga\u00e7\u00f5es aquavi\u00e1rias.<\/span><\/p>\n<blockquote class=\"instagram-media\" style=\"background: #FFF; border: 0; border-radius: 3px; box-shadow: 0 0 1px 0 rgba(0,0,0,0.5),0 1px 10px 0 rgba(0,0,0,0.15); margin: 1px; max-width: 540px; min-width: 326px; padding: 0; width: calc(100% - 2px);\" data-instgrm-captioned=\"\" data-instgrm-permalink=\"https:\/\/www.instagram.com\/reel\/C9er0eIJMD8\/?utm_source=ig_embed&amp;utm_campaign=loading\" data-instgrm-version=\"14\">\n<div style=\"padding: 16px;\">\n<p>&nbsp;<\/p>\n<div style=\"display: flex; flex-direction: row; align-items: center;\">\n<div style=\"background-color: #f4f4f4; border-radius: 50%; flex-grow: 0; height: 40px; margin-right: 14px; width: 40px;\"><\/div>\n<div style=\"display: flex; flex-direction: column; flex-grow: 1; justify-content: center;\">\n<div style=\"background-color: #f4f4f4; border-radius: 4px; flex-grow: 0; height: 14px; margin-bottom: 6px; width: 100px;\"><\/div>\n<div style=\"background-color: #f4f4f4; border-radius: 4px; flex-grow: 0; height: 14px; width: 60px;\"><\/div>\n<\/div>\n<\/div>\n<div style=\"padding: 19% 0;\"><\/div>\n<div style=\"display: block; height: 50px; margin: 0 auto 12px; width: 50px;\"><\/div>\n<div style=\"padding-top: 8px;\">\n<div style=\"color: #3897f0; font-family: Arial,sans-serif; font-size: 14px; font-style: normal; font-weight: 550; line-height: 18px;\">Ver esta publica\u00e7\u00e3o no Instagram<\/div>\n<\/div>\n<div style=\"padding: 12.5% 0;\"><\/div>\n<div style=\"display: flex; flex-direction: row; margin-bottom: 14px; align-items: center;\">\n<div>\n<div style=\"background-color: #f4f4f4; border-radius: 50%; height: 12.5px; width: 12.5px; transform: translateX(0px) translateY(7px);\"><\/div>\n<div style=\"background-color: #f4f4f4; height: 12.5px; transform: rotate(-45deg) translateX(3px) translateY(1px); width: 12.5px; flex-grow: 0; margin-right: 14px; margin-left: 2px;\"><\/div>\n<div style=\"background-color: #f4f4f4; border-radius: 50%; height: 12.5px; width: 12.5px; transform: translateX(9px) translateY(-18px);\"><\/div>\n<\/div>\n<div style=\"margin-left: 8px;\">\n<div style=\"background-color: #f4f4f4; border-radius: 50%; flex-grow: 0; height: 20px; width: 20px;\"><\/div>\n<div style=\"width: 0; height: 0; border-top: 2px solid transparent; border-left: 6px solid #f4f4f4; border-bottom: 2px solid transparent; transform: translateX(16px) translateY(-4px) rotate(30deg);\"><\/div>\n<\/div>\n<div style=\"margin-left: auto;\">\n<div style=\"width: 0px; border-top: 8px solid #F4F4F4; border-right: 8px solid transparent; transform: translateY(16px);\"><\/div>\n<div style=\"background-color: #f4f4f4; flex-grow: 0; height: 12px; width: 16px; transform: translateY(-4px);\"><\/div>\n<div style=\"width: 0; height: 0; border-top: 8px solid #F4F4F4; border-left: 8px solid transparent; transform: translateY(-4px) translateX(8px);\"><\/div>\n<\/div>\n<\/div>\n<div style=\"display: flex; flex-direction: column; flex-grow: 1; justify-content: center; margin-bottom: 24px;\">\n<div style=\"background-color: #f4f4f4; border-radius: 4px; flex-grow: 0; height: 14px; margin-bottom: 6px; width: 224px;\"><\/div>\n<div style=\"background-color: #f4f4f4; border-radius: 4px; flex-grow: 0; height: 14px; width: 144px;\"><\/div>\n<\/div>\n<p>&nbsp;<\/p>\n<p style=\"color: #c9c8cd; font-family: Arial,sans-serif; font-size: 14px; line-height: 17px; margin-bottom: 0; margin-top: 8px; overflow: hidden; padding: 8px 0 7px; text-align: center; text-overflow: ellipsis; white-space: nowrap;\"><a style=\"color: #c9c8cd; font-family: Arial,sans-serif; font-size: 14px; font-style: normal; font-weight: normal; line-height: 17px; text-decoration: none;\" href=\"https:\/\/www.instagram.com\/reel\/C9er0eIJMD8\/?utm_source=ig_embed&amp;utm_campaign=loading\" target=\"_blank\" rel=\"noopener\">Uma publica\u00e7\u00e3o partilhada por Taina\u0301 de Paula (@tainadepaularj)<\/a><\/p>\n<\/div>\n<\/blockquote>\n<p><script async src=\"\/\/www.instagram.com\/embed.js\"><\/script><\/p>\n<ul>\n<li aria-level=\"1\"><b>Saneamento B\u00e1sico e Ambiental<\/b><\/li>\n<\/ul>\n<p>No tema do saneamento, as propostas foram: implanta\u00e7\u00e3o de duas usinas de recupera\u00e7\u00e3o energ\u00e9tica, com separa\u00e7\u00e3o manual e associada a cooperativas de catadores, sendo localizadas uma no <a href=\"https:\/\/bit.ly\/2UuN6Ae\" target=\"_blank\" rel=\"noopener\">Caju<\/a> (em terreno p\u00fablico), na <a href=\"https:\/\/bit.ly\/29y4HuI\" target=\"_blank\" rel=\"noopener\">Zona Portu\u00e1ria<\/a>, e outra na <a href=\"https:\/\/bit.ly\/2x3k8bw\" target=\"_blank\" rel=\"noopener\">Zona Oeste<\/a>; a hierarquiza\u00e7\u00e3o de locais para prioriza\u00e7\u00e3o na interven\u00e7\u00e3o em saneamento b\u00e1sico e utilizando como metodologia crit\u00e9rios t\u00e9cnicos como risco, exposi\u00e7\u00e3o, susceptibilidade e resili\u00eancia aos efeitos das <a href=\"https:\/\/bit.ly\/3RnfGNB\" target=\"_blank\" rel=\"noopener\">mudan\u00e7as clim\u00e1ticas<\/a>.<\/p>\n<p>Como encaminhamento para a Confer\u00eancia Estadual, prop\u00f4s-se a altera\u00e7\u00e3o do decreto que regulamenta a tarifa social, a fim de incorporar novas categorias de usu\u00e1rios, como os inscritos no <a href=\"https:\/\/bit.ly\/3EGF1Lm\" target=\"_blank\" rel=\"noopener\">Cad\u00fanico<\/a> e moradores de favelas e \u00c1reas de Especial Interesse Social (<a href=\"https:\/\/bit.ly\/3LWETvV\" target=\"_blank\" rel=\"noopener\">AEIS<\/a>); a revis\u00e3o das tarifas sociais em conjuntos habitacionais do Banco Nacional de Habita\u00e7\u00e3o (<a href=\"https:\/\/bit.ly\/3yJ5ObO\" target=\"_blank\" rel=\"noopener\">BNH<\/a>); a rediscuss\u00e3o da tarifa social nos contratos de concess\u00e3o visando a inclus\u00e3o de benefici\u00e1rios do Cad\u00fanico; que a Ag\u00eancia Reguladora de Energia e Saneamento B\u00e1sico (<a href=\"https:\/\/bit.ly\/46DQUje\" target=\"_blank\" rel=\"noopener\">AGENERSA<\/a>) seja mais cobrada em seu papel e fun\u00e7\u00e3o regulat\u00f3ria; a antecipa\u00e7\u00e3o da revis\u00e3o dos contratos de concess\u00e3o para inclus\u00e3o do atendimento de todas as favelas; o direcionamento dos valores recebidos a t\u00edtulo de outorga pela concess\u00e3o dos servi\u00e7os de saneamento para investimento em \u00e1reas de baixa renda; e a profissionaliza\u00e7\u00e3o das ag\u00eancias reguladoras das concess\u00f5es de saneamento.<\/p>\n<blockquote class=\"instagram-media\" style=\"background: #FFF; border: 0; border-radius: 3px; box-shadow: 0 0 1px 0 rgba(0,0,0,0.5),0 1px 10px 0 rgba(0,0,0,0.15); margin: 1px; max-width: 540px; min-width: 326px; padding: 0; width: calc(100% - 2px);\" data-instgrm-captioned=\"\" data-instgrm-permalink=\"https:\/\/www.instagram.com\/reel\/C8zvo2PJk0d\/?utm_source=ig_embed&amp;utm_campaign=loading\" data-instgrm-version=\"14\">\n<div style=\"padding: 16px;\">\n<p>&nbsp;<\/p>\n<div style=\"display: flex; flex-direction: row; align-items: center;\">\n<div style=\"background-color: #f4f4f4; border-radius: 50%; flex-grow: 0; height: 40px; margin-right: 14px; width: 40px;\"><\/div>\n<div style=\"display: flex; flex-direction: column; flex-grow: 1; justify-content: center;\">\n<div style=\"background-color: #f4f4f4; border-radius: 4px; flex-grow: 0; height: 14px; margin-bottom: 6px; width: 100px;\"><\/div>\n<div style=\"background-color: #f4f4f4; border-radius: 4px; flex-grow: 0; height: 14px; width: 60px;\"><\/div>\n<\/div>\n<\/div>\n<div style=\"padding: 19% 0;\"><\/div>\n<div style=\"display: block; height: 50px; margin: 0 auto 12px; width: 50px;\"><\/div>\n<div style=\"padding-top: 8px;\">\n<div style=\"color: #3897f0; font-family: Arial,sans-serif; font-size: 14px; font-style: normal; font-weight: 550; line-height: 18px;\">Ver esta publica\u00e7\u00e3o no Instagram<\/div>\n<\/div>\n<div style=\"padding: 12.5% 0;\"><\/div>\n<div style=\"display: flex; flex-direction: row; margin-bottom: 14px; align-items: center;\">\n<div>\n<div style=\"background-color: #f4f4f4; border-radius: 50%; height: 12.5px; width: 12.5px; transform: translateX(0px) translateY(7px);\"><\/div>\n<div style=\"background-color: #f4f4f4; height: 12.5px; transform: rotate(-45deg) translateX(3px) translateY(1px); width: 12.5px; flex-grow: 0; margin-right: 14px; margin-left: 2px;\"><\/div>\n<div style=\"background-color: #f4f4f4; border-radius: 50%; height: 12.5px; width: 12.5px; transform: translateX(9px) translateY(-18px);\"><\/div>\n<\/div>\n<div style=\"margin-left: 8px;\">\n<div style=\"background-color: #f4f4f4; border-radius: 50%; flex-grow: 0; height: 20px; width: 20px;\"><\/div>\n<div style=\"width: 0; height: 0; border-top: 2px solid transparent; border-left: 6px solid #f4f4f4; border-bottom: 2px solid transparent; transform: translateX(16px) translateY(-4px) rotate(30deg);\"><\/div>\n<\/div>\n<div style=\"margin-left: auto;\">\n<div style=\"width: 0px; border-top: 8px solid #F4F4F4; border-right: 8px solid transparent; transform: translateY(16px);\"><\/div>\n<div style=\"background-color: #f4f4f4; flex-grow: 0; height: 12px; width: 16px; transform: translateY(-4px);\"><\/div>\n<div style=\"width: 0; height: 0; border-top: 8px solid #F4F4F4; border-left: 8px solid transparent; transform: translateY(-4px) translateX(8px);\"><\/div>\n<\/div>\n<\/div>\n<div style=\"display: flex; flex-direction: column; flex-grow: 1; justify-content: center; margin-bottom: 24px;\">\n<div style=\"background-color: #f4f4f4; border-radius: 4px; flex-grow: 0; height: 14px; margin-bottom: 6px; width: 224px;\"><\/div>\n<div style=\"background-color: #f4f4f4; border-radius: 4px; flex-grow: 0; height: 14px; width: 144px;\"><\/div>\n<\/div>\n<p>&nbsp;<\/p>\n<p style=\"color: #c9c8cd; font-family: Arial,sans-serif; font-size: 14px; line-height: 17px; margin-bottom: 0; margin-top: 8px; overflow: hidden; padding: 8px 0 7px; text-align: center; text-overflow: ellipsis; white-space: nowrap;\"><a style=\"color: #c9c8cd; font-family: Arial,sans-serif; font-size: 14px; font-style: normal; font-weight: normal; line-height: 17px; text-decoration: none;\" href=\"https:\/\/www.instagram.com\/reel\/C8zvo2PJk0d\/?utm_source=ig_embed&amp;utm_campaign=loading\" target=\"_blank\" rel=\"noopener\">Uma publica\u00e7\u00e3o partilhada por Taina\u0301 de Paula (@tainadepaularj)<\/a><\/p>\n<\/div>\n<\/blockquote>\n<p><script async src=\"\/\/www.instagram.com\/embed.js\"><\/script><\/p>\n<ul>\n<li aria-level=\"1\"><b>Sustentabilidade Ambiental e Emerg\u00eancias Clim\u00e1ticas<\/b><\/li>\n<\/ul>\n<p>Algumas propostas no tema da sustentabilidade foram: a cria\u00e7\u00e3o da escola popular de boas pr\u00e1ticas socioambientais; a implementa\u00e7\u00e3o de coleta seletiva e a instala\u00e7\u00e3o de ecopontos pela Companhia Municipal de Limpeza Urbana (<a href=\"https:\/\/bit.ly\/2X2Ab76\" target=\"_blank\" rel=\"noopener\">COMLURB<\/a>); a inclus\u00e3o da <a href=\"https:\/\/bit.ly\/4dSclQn\" target=\"_blank\" rel=\"noopener\">biorremedia\u00e7\u00e3o<\/a> como pol\u00edtica p\u00fablica; a implementa\u00e7\u00e3o de projetos de recupera\u00e7\u00e3o e preserva\u00e7\u00e3o de todos os ambientes naturais da cidade; a recomposi\u00e7\u00e3o or\u00e7ament\u00e1ria e abertura de concursos para os \u00f3rg\u00e3os ambientais e urban\u00edsticos; a elabora\u00e7\u00e3o de leis que visem a padroniza\u00e7\u00e3o das taxas de luz e \u00e1gua para os benefici\u00e1rios do programa <a href=\"https:\/\/bit.ly\/2wYPD6w\" target=\"_blank\" rel=\"noopener\">Minha Casa Minha Vida<\/a>; que o licenciamento seja realizado pela Secretaria Municipal de Meio Ambiente e Clima (<a href=\"https:\/\/bit.ly\/4fPaUUv\" target=\"_blank\" rel=\"noopener\">SMAC<\/a>); a execu\u00e7\u00e3o do plano de arboriza\u00e7\u00e3o urbana e planos afins; a implementa\u00e7\u00e3o do Conselho Municipal de Saneamento Ambiental com participa\u00e7\u00e3o da sociedade civil; a reurbaniza\u00e7\u00e3o dos territ\u00f3rios vulner\u00e1veis; a regulariza\u00e7\u00e3o fundi\u00e1ria; a previs\u00e3o or\u00e7ament\u00e1ria municipal para adapta\u00e7\u00e3o \u00e0s mudan\u00e7as clim\u00e1ticas, entre outros.<\/p>\n<blockquote><p>\u201cO pessoal da luta urbana, da luta pela moradia j\u00e1 est\u00e1 careca de saber quais s\u00e3o os pontos estrat\u00e9gicos que a gente precisa bater o p\u00e9&#8230; o Rio de Janeiro precisa falar para o Brasil inteiro porque a gente n\u00e3o avan\u00e7ou na regulariza\u00e7\u00e3o fundi\u00e1ria&#8230; e a gente precisa falar onde est\u00e3o e como andam os condom\u00ednios do Minha Casa Minha Vida ainda sem titula\u00e7\u00e3o, ainda sem habite-se e muitos at\u00e9 sem condom\u00ednio!\u201d \u2014 Tain\u00e1 de Paula<\/p><\/blockquote>\n<figure id=\"attachment_67075\" aria-describedby=\"caption-attachment-67075\" style=\"width: 500px\" class=\"wp-caption alignright\"><a href=\"https:\/\/rioonwatch.org.br\/wp-content\/uploads\/2023\/03\/Situacao-atual-de-uma-casa-atingida-pelo-temporal-de-2019-vista-de-dentro-de-outra-casa-atingida-pelo-mesmo-evento-climatico-extremo.-Foto-Igor-Albuquerque-scaled.jpg\"><img loading=\"lazy\" decoding=\"async\" class=\"wp-image-67075\" title=\"Situa\u00e7\u00e3o de uma casa atingida pelo temporal de 2019 no Vidigal, vista de dentro de outra casa atingida pelo mesmo evento clim\u00e1tico extremo. Foto: Igor Albuquerque\" src=\"https:\/\/rioonwatch.org.br\/wp-content\/uploads\/2023\/03\/Situacao-atual-de-uma-casa-atingida-pelo-temporal-de-2019-vista-de-dentro-de-outra-casa-atingida-pelo-mesmo-evento-climatico-extremo.-Foto-Igor-Albuquerque-scaled.jpg\" alt=\"Situa\u00e7\u00e3o de uma casa atingida pelo temporal de 2019 no Vidigal, vista de dentro de outra casa atingida pelo mesmo evento clim\u00e1tico extremo. Foto: Igor Albuquerque\" width=\"500\" height=\"749\" srcset=\"https:\/\/rioonwatch.org.br\/wp-content\/uploads\/2023\/03\/Situacao-atual-de-uma-casa-atingida-pelo-temporal-de-2019-vista-de-dentro-de-outra-casa-atingida-pelo-mesmo-evento-climatico-extremo.-Foto-Igor-Albuquerque-scaled.jpg 1709w, https:\/\/rioonwatch.org.br\/wp-content\/uploads\/2023\/03\/Situacao-atual-de-uma-casa-atingida-pelo-temporal-de-2019-vista-de-dentro-de-outra-casa-atingida-pelo-mesmo-evento-climatico-extremo.-Foto-Igor-Albuquerque-414x620.jpg 414w, https:\/\/rioonwatch.org.br\/wp-content\/uploads\/2023\/03\/Situacao-atual-de-uma-casa-atingida-pelo-temporal-de-2019-vista-de-dentro-de-outra-casa-atingida-pelo-mesmo-evento-climatico-extremo.-Foto-Igor-Albuquerque-420x629.jpg 420w\" sizes=\"(max-width: 500px) 100vw, 500px\" \/><\/a><figcaption id=\"caption-attachment-67075\" class=\"wp-caption-text\">Situa\u00e7\u00e3o de uma casa atingida pelo temporal de 2019 no Vidigal, vista de dentro de outra casa atingida pelo mesmo evento clim\u00e1tico extremo. Foto: Igor Albuquerque<\/figcaption><\/figure>\n<p>Como encaminhamento para a Confer\u00eancia Estadual, prop\u00f4s-se que as empresas privadas que atuam na constru\u00e7\u00e3o de empreendimentos do Minha Casa Minha Vida sejam obrigadas a investir em constru\u00e7\u00f5es sustent\u00e1veis; a cria\u00e7\u00e3o de portal de transpar\u00eancia para publiciza\u00e7\u00e3o das a\u00e7\u00f5es de investimentos relacionados a sustentabilidade, medidas compensat\u00f3rias e royalties; a vincula\u00e7\u00e3o dos planos setoriais ao Plano de A\u00e7\u00e3o Clim\u00e1tica e transformando o Plano de A\u00e7\u00e3o Clim\u00e1tica em obriga\u00e7\u00e3o legal, articulando-o ao Plano Diretor e a proposi\u00e7\u00e3o de pol\u00edticas e instrumentos para pessoas vulner\u00e1veis.<\/p>\n<ul>\n<li aria-level=\"1\"><b>Seguran\u00e7a P\u00fablica e o Enfrentamento do Controle Armado dos Territ\u00f3rios Populares<\/b><\/li>\n<\/ul>\n<p>Neste tema, os encaminhamentos para a municipalidade e a Confer\u00eancia Estadual foram os mesmos: n\u00e3o armamento da <a href=\"https:\/\/bit.ly\/3hmf4Ef\" target=\"_blank\" rel=\"noopener\">Guarda Municipal<\/a>, cria\u00e7\u00e3o de uma pol\u00edtica habitacional que limite o poder e a expans\u00e3o de grupos armados com diretrizes espec\u00edficas, remodela\u00e7\u00e3o da Pol\u00edtica de Seguran\u00e7a com a proibi\u00e7\u00e3o do uso de armas de fogo, fim das a\u00e7\u00f5es militares em favelas e a institucionaliza\u00e7\u00e3o da pr\u00e1tica do <a href=\"https:\/\/bit.ly\/3mqvSiE\" target=\"_blank\" rel=\"noopener\">uso de c\u00e2meras corporais<\/a> por agentes policiais.<\/p>\n<ul>\n<li aria-level=\"1\"><b>Transforma\u00e7\u00e3o e Inclus\u00e3o Digital no Territ\u00f3rio<\/b><\/li>\n<\/ul>\n<p>Prop\u00f4s-se a cria\u00e7\u00e3o de um \u00f3rg\u00e3o encarregado da inova\u00e7\u00e3o, da transforma\u00e7\u00e3o e da inclus\u00e3o digital e respons\u00e1vel, tamb\u00e9m, pela governan\u00e7a dos programas, a cria\u00e7\u00e3o do Conselho Municipal de Transforma\u00e7\u00e3o e Inclus\u00e3o Digital nos moldes do Conselho Municipal da Cidade<\/p>\n<ul>\n<li aria-level=\"1\"><b>Gest\u00e3o Interfederativa e das Regi\u00f5es Metropolitanas, Coopera\u00e7\u00e3o e Cons\u00f3rcios<\/b><\/li>\n<\/ul>\n<p><span style=\"font-weight: 400;\">Prop\u00f4s-se o resgate e a implementa\u00e7\u00e3o do Fundo Nacional de Desenvolvimento Urbano (<a href=\"https:\/\/bit.ly\/3T8InzA\" target=\"_blank\" rel=\"noopener\">FNDU<\/a>); a cria\u00e7\u00e3o do Sistema Nacional de Habita\u00e7\u00e3o de Interesse Social (<a href=\"https:\/\/bit.ly\/3T6GyD0\" target=\"_blank\" rel=\"noopener\">SNHIS<\/a>); a amplia\u00e7\u00e3o da participa\u00e7\u00e3o da sociedade civil para 20% no <a href=\"https:\/\/bit.ly\/3X3A0X3\" target=\"_blank\" rel=\"noopener\">Conselho Deliberativo Metropolitano<\/a> e a implementa\u00e7\u00e3o de uma gest\u00e3o interfederativa integrada \u00e0 resili\u00eancia ambiental.<\/span><\/p>\n<h3>Cidades Mais Justas<\/h3>\n<p>Vivenciou-se, nos \u00faltimos dez anos, uma crise no que tange a aus\u00eancia de propostas sobre pol\u00edticas urbanas nacionais. A retomada tem como um de seus s\u00edmbolos a realiza\u00e7\u00e3o da 6\u00aa Confer\u00eancia Nacional das Cidades e suas etapas subnacionais, que t\u00eam importante papel de fomentar e valorizar a discuss\u00e3o democr\u00e1tica. Nos pr\u00f3ximos anos, a efetiva\u00e7\u00e3o dos pleitos destas confer\u00eancias poder\u00e1 come\u00e7ar a ser vista, mas n\u00e3o sem haver fiscaliza\u00e7\u00e3o. Por isso, nosso papel enquanto cidad\u00e3o \u00e9 debater, eleger nossos representantes de forma consciente e cobrar dos eleitos que suas propostas saiam do papel.<\/p>\n<hr \/>\n<h4><b data-stringify-type=\"bold\">Apoie nossos esfor\u00e7os para fornecer apoio estrat\u00e9gico \u00e0s favelas do Rio, incluindo o jornalismo hiperlocal, cr\u00edtico, inovador e incans\u00e1vel do\u00a0<\/b><b data-stringify-type=\"bold\"><i data-stringify-type=\"italic\">RioOnWatch<\/i><\/b>\u2014<a class=\"c-link\" href=\"http:\/\/www.bit.ly\/ApoieROW\" target=\"_blank\" rel=\"noopener noreferrer\" data-stringify-link=\"http:\/\/www.bit.ly\/ApoieROW\" data-sk=\"tooltip_parent\">doe aqui<\/a>.<\/h4>\n<!-- AddThis Advanced Settings generic via filter on the_content --><!-- AddThis Share Buttons generic via filter on the_content -->","protected":false},"excerpt":{"rendered":"<div class=\"mh-excerpt\"><p>Click Here for English Nos dias 29 e 30 de junho de 2024, no Porto Maravalley, na Regi\u00e3o Portu\u00e1ria, Centro do Rio, aconteceu a V Confer\u00eancia Municipal de Cidades, uma das etapas VI Confer\u00eancia Nacional <a class=\"mh-excerpt-more\" href=\"https:\/\/rioonwatch.org.br\/?p=74985\" title=\"Conhe\u00e7a as Reivindica\u00e7\u00f5es Populares para a Pol\u00edtica Urbana Nacional Fruto da V Confer\u00eancia Municipal das Cidades no Rio de Janeiro\">[&#8230;]<\/a><!-- AddThis Advanced Settings generic via filter on get_the_excerpt --><!-- AddThis Share Buttons generic via filter on get_the_excerpt --><\/p>\n<\/div>","protected":false},"author":179,"featured_media":75365,"comment_status":"closed","ping_status":"closed","sticky":false,"template":"template-full.php","format":"standard","meta":{"_acf_changed":false,"_monsterinsights_skip_tracking":false,"_monsterinsights_sitenote_active":false,"_monsterinsights_sitenote_note":"","_monsterinsights_sitenote_category":0,"footnotes":""},"categories":[1618,1621,1627,3175,344,3206,1612],"tags":[2056,881,3460,474,2761,831,424,2194,909,246,1773,560,1719,417,473,304,2400,2451,433,1134,494,492,672,1109,711,370,1065,184],"writer":[3457],"translator":[],"source":[],"ilustrador":[],"fotografo":[],"class_list":{"0":"post-74985","1":"post","2":"type-post","3":"status-publish","4":"format-standard","5":"has-post-thumbnail","7":"category-olhonaparticipacao","8":"category-destaque","9":"category-relato-de-evento","10":"category-democracia","11":"category-politicas","12":"category-representatividade","13":"category-sociedade-civil","14":"tag-aeis-zeis","15":"tag-caju","16":"tag-conferencia-das-cidades","17":"tag-democracia-participativa","18":"tag-direito-a-agua","19":"tag-direito-a-cidade","20":"tag-direito-a-moradia","21":"tag-estatuto-da-cidade","22":"tag-habitacao-acessivel","23":"tag-minha-casa-minha-vida","24":"tag-ministerio-das-cidades","25":"tag-mobilidade","26":"tag-mudancas-climaticas","27":"tag-negligencia-do-estado","28":"tag-orcamento-participativo","29":"tag-participacao","30":"tag-planejamento-participativo","31":"tag-politicas-publicas","32":"tag-porto-maravilha","33":"tag-recomendacoes-politicas","34":"tag-regiao-do-porto","35":"tag-saneamento","36":"tag-seguranca-publica","37":"tag-sociedade-civil","38":"tag-clt","39":"tag-transporte-publico","40":"tag-urbanismo","41":"tag-zona-oeste","42":"writer-guilherme-rodrigues-barbosa"},"acf":[],"yoast_head":"<!-- This site is optimized with the Yoast SEO plugin v25.6 - https:\/\/yoast.com\/wordpress\/plugins\/seo\/ -->\n<title>Conhe\u00e7a as Reivindica\u00e7\u00f5es Populares para a Pol\u00edtica Urbana Nacional Fruto da V Confer\u00eancia Municipal das Cidades no Rio de Janeiro - RioOnWatch<\/title>\n<meta name=\"robots\" content=\"index, follow, max-snippet:-1, max-image-preview:large, max-video-preview:-1\" \/>\n<link rel=\"canonical\" href=\"https:\/\/rioonwatch.org.br\/?p=74985\" \/>\n<meta property=\"og:locale\" content=\"pt_BR\" \/>\n<meta property=\"og:type\" content=\"article\" \/>\n<meta property=\"og:title\" content=\"Conhe\u00e7a as Reivindica\u00e7\u00f5es Populares para a Pol\u00edtica Urbana Nacional Fruto da V Confer\u00eancia Municipal das Cidades no Rio de Janeiro - RioOnWatch\" \/>\n<meta property=\"og:description\" content=\"Click Here for English Nos dias 29 e 30 de junho de 2024, no Porto Maravalley, na Regi\u00e3o Portu\u00e1ria, Centro do Rio, aconteceu a V Confer\u00eancia Municipal de Cidades, uma das etapas VI Confer\u00eancia Nacional [...]\" \/>\n<meta property=\"og:url\" content=\"https:\/\/rioonwatch.org.br\/?p=74985\" \/>\n<meta property=\"og:site_name\" content=\"RioOnWatch\" \/>\n<meta property=\"article:published_time\" content=\"2024-08-12T19:24:16+00:00\" \/>\n<meta property=\"article:modified_time\" content=\"2024-10-15T20:34:42+00:00\" \/>\n<meta property=\"og:image\" content=\"https:\/\/rioonwatch.org.br\/wp-content\/uploads\/2024\/08\/V-Conferencia-Municipal-das-Cidades.png\" \/>\n\t<meta property=\"og:image:width\" content=\"1196\" \/>\n\t<meta property=\"og:image:height\" content=\"528\" \/>\n\t<meta property=\"og:image:type\" content=\"image\/png\" \/>\n<meta name=\"author\" content=\"Janaina Tavares\" \/>\n<meta name=\"twitter:card\" content=\"summary_large_image\" \/>\n<meta name=\"twitter:label1\" content=\"Escrito por\" \/>\n\t<meta name=\"twitter:data1\" content=\"Janaina Tavares\" \/>\n\t<meta name=\"twitter:label2\" content=\"Est. tempo de leitura\" \/>\n\t<meta name=\"twitter:data2\" content=\"14 minutos\" \/>\n<script type=\"application\/ld+json\" class=\"yoast-schema-graph\">{\"@context\":\"https:\/\/schema.org\",\"@graph\":[{\"@type\":\"Article\",\"@id\":\"https:\/\/rioonwatch.org.br\/?p=74985#article\",\"isPartOf\":{\"@id\":\"https:\/\/rioonwatch.org.br\/?p=74985\"},\"author\":{\"name\":\"Janaina Tavares\",\"@id\":\"https:\/\/rioonwatch.org.br\/#\/schema\/person\/feb227e5e7679aacc3d672e375cae1bd\"},\"headline\":\"Conhe\u00e7a as Reivindica\u00e7\u00f5es Populares para a Pol\u00edtica Urbana Nacional Fruto da V Confer\u00eancia Municipal das Cidades no Rio de Janeiro\",\"datePublished\":\"2024-08-12T19:24:16+00:00\",\"dateModified\":\"2024-10-15T20:34:42+00:00\",\"mainEntityOfPage\":{\"@id\":\"https:\/\/rioonwatch.org.br\/?p=74985\"},\"wordCount\":3167,\"publisher\":{\"@id\":\"https:\/\/rioonwatch.org.br\/#organization\"},\"image\":{\"@id\":\"https:\/\/rioonwatch.org.br\/?p=74985#primaryimage\"},\"thumbnailUrl\":\"https:\/\/rioonwatch.org.br\/wp-content\/uploads\/2024\/08\/V-Conferencia-Municipal-das-Cidades.png\",\"keywords\":[\"AEIS \/ ZEIS\",\"Caju\",\"Confer\u00eancia das Cidades\",\"democracia participativa\",\"direito \u00e0 \u00e1gua\",\"Direito \u00e0 Cidade\",\"Direito \u00e0 Moradia\",\"Estatuto da Cidade\",\"habita\u00e7\u00e3o acess\u00edvel\",\"Minha Casa Minha Vida\",\"Minist\u00e9rio das Cidades\",\"mobilidade\",\"mudan\u00e7as clim\u00e1ticas\",\"Neglig\u00eancia do Estado\",\"or\u00e7amento participativo\",\"participa\u00e7\u00e3o\",\"planejamento participativo\",\"pol\u00edticas p\u00fablicas\",\"Porto Maravilha\",\"recomenda\u00e7\u00f5es pol\u00edticas\",\"Regi\u00e3o do Porto\",\"saneamento\",\"seguran\u00e7a p\u00fablica\",\"sociedade civil\",\"Termo Territorial Coletivo (TTC) \/ Community Land Trust (CLT)\",\"transporte p\u00fablico\",\"urbanismo\",\"Zona Oeste\"],\"articleSection\":[\"#OlhoNaParticipa\u00e7\u00e3o\",\"*Destaque\",\"Cobertura de Eventos\",\"Democracia\",\"Pol\u00edticas\",\"Representatividade\",\"Sociedade Civil\"],\"inLanguage\":\"pt-BR\"},{\"@type\":\"WebPage\",\"@id\":\"https:\/\/rioonwatch.org.br\/?p=74985\",\"url\":\"https:\/\/rioonwatch.org.br\/?p=74985\",\"name\":\"Conhe\u00e7a as Reivindica\u00e7\u00f5es Populares para a Pol\u00edtica Urbana Nacional Fruto da V Confer\u00eancia Municipal das Cidades no Rio de Janeiro - RioOnWatch\",\"isPartOf\":{\"@id\":\"https:\/\/rioonwatch.org.br\/#website\"},\"primaryImageOfPage\":{\"@id\":\"https:\/\/rioonwatch.org.br\/?p=74985#primaryimage\"},\"image\":{\"@id\":\"https:\/\/rioonwatch.org.br\/?p=74985#primaryimage\"},\"thumbnailUrl\":\"https:\/\/rioonwatch.org.br\/wp-content\/uploads\/2024\/08\/V-Conferencia-Municipal-das-Cidades.png\",\"datePublished\":\"2024-08-12T19:24:16+00:00\",\"dateModified\":\"2024-10-15T20:34:42+00:00\",\"breadcrumb\":{\"@id\":\"https:\/\/rioonwatch.org.br\/?p=74985#breadcrumb\"},\"inLanguage\":\"pt-BR\",\"potentialAction\":[{\"@type\":\"ReadAction\",\"target\":[\"https:\/\/rioonwatch.org.br\/?p=74985\"]}]},{\"@type\":\"ImageObject\",\"inLanguage\":\"pt-BR\",\"@id\":\"https:\/\/rioonwatch.org.br\/?p=74985#primaryimage\",\"url\":\"https:\/\/rioonwatch.org.br\/wp-content\/uploads\/2024\/08\/V-Conferencia-Municipal-das-Cidades.png\",\"contentUrl\":\"https:\/\/rioonwatch.org.br\/wp-content\/uploads\/2024\/08\/V-Conferencia-Municipal-das-Cidades.png\",\"width\":1196,\"height\":528},{\"@type\":\"BreadcrumbList\",\"@id\":\"https:\/\/rioonwatch.org.br\/?p=74985#breadcrumb\",\"itemListElement\":[{\"@type\":\"ListItem\",\"position\":1,\"name\":\"In\u00edcio\",\"item\":\"https:\/\/rioonwatch.org.br\/\"},{\"@type\":\"ListItem\",\"position\":2,\"name\":\"Conhe\u00e7a as Reivindica\u00e7\u00f5es Populares para a Pol\u00edtica Urbana Nacional Fruto da V Confer\u00eancia Municipal das Cidades no Rio de Janeiro\"}]},{\"@type\":\"WebSite\",\"@id\":\"https:\/\/rioonwatch.org.br\/#website\",\"url\":\"https:\/\/rioonwatch.org.br\/\",\"name\":\"RioOnWatch\",\"description\":\"relatos das favelas cariocas\",\"publisher\":{\"@id\":\"https:\/\/rioonwatch.org.br\/#organization\"},\"potentialAction\":[{\"@type\":\"SearchAction\",\"target\":{\"@type\":\"EntryPoint\",\"urlTemplate\":\"https:\/\/rioonwatch.org.br\/?s={search_term_string}\"},\"query-input\":{\"@type\":\"PropertyValueSpecification\",\"valueRequired\":true,\"valueName\":\"search_term_string\"}}],\"inLanguage\":\"pt-BR\"},{\"@type\":\"Organization\",\"@id\":\"https:\/\/rioonwatch.org.br\/#organization\",\"name\":\"RioOnWatch\",\"url\":\"https:\/\/rioonwatch.org.br\/\",\"logo\":{\"@type\":\"ImageObject\",\"inLanguage\":\"pt-BR\",\"@id\":\"https:\/\/rioonwatch.org.br\/#\/schema\/logo\/image\/\",\"url\":\"https:\/\/rioonwatch.org.br\/wp-content\/uploads\/2021\/06\/RioOnWatchcabecalhoPT11anos-2.png\",\"contentUrl\":\"https:\/\/rioonwatch.org.br\/wp-content\/uploads\/2021\/06\/RioOnWatchcabecalhoPT11anos-2.png\",\"width\":779,\"height\":277,\"caption\":\"RioOnWatch\"},\"image\":{\"@id\":\"https:\/\/rioonwatch.org.br\/#\/schema\/logo\/image\/\"}},{\"@type\":\"Person\",\"@id\":\"https:\/\/rioonwatch.org.br\/#\/schema\/person\/feb227e5e7679aacc3d672e375cae1bd\",\"name\":\"Janaina Tavares\",\"image\":{\"@type\":\"ImageObject\",\"inLanguage\":\"pt-BR\",\"@id\":\"https:\/\/rioonwatch.org.br\/#\/schema\/person\/image\/\",\"url\":\"https:\/\/secure.gravatar.com\/avatar\/83bb5bb4f8b0c5ad63f35939640eaaa2?s=96&d=blank&r=g\",\"contentUrl\":\"https:\/\/secure.gravatar.com\/avatar\/83bb5bb4f8b0c5ad63f35939640eaaa2?s=96&d=blank&r=g\",\"caption\":\"Janaina Tavares\"},\"url\":\"https:\/\/rioonwatch.org.br\/?author=179\"}]}<\/script>\n<!-- \/ Yoast SEO plugin. -->","yoast_head_json":{"title":"Conhe\u00e7a as Reivindica\u00e7\u00f5es Populares para a Pol\u00edtica Urbana Nacional Fruto da V Confer\u00eancia Municipal das Cidades no Rio de Janeiro - RioOnWatch","robots":{"index":"index","follow":"follow","max-snippet":"max-snippet:-1","max-image-preview":"max-image-preview:large","max-video-preview":"max-video-preview:-1"},"canonical":"https:\/\/rioonwatch.org.br\/?p=74985","og_locale":"pt_BR","og_type":"article","og_title":"Conhe\u00e7a as Reivindica\u00e7\u00f5es Populares para a Pol\u00edtica Urbana Nacional Fruto da V Confer\u00eancia Municipal das Cidades no Rio de Janeiro - RioOnWatch","og_description":"Click Here for English Nos dias 29 e 30 de junho de 2024, no Porto Maravalley, na Regi\u00e3o Portu\u00e1ria, Centro do Rio, aconteceu a V Confer\u00eancia Municipal de Cidades, uma das etapas VI Confer\u00eancia Nacional [...]","og_url":"https:\/\/rioonwatch.org.br\/?p=74985","og_site_name":"RioOnWatch","article_published_time":"2024-08-12T19:24:16+00:00","article_modified_time":"2024-10-15T20:34:42+00:00","og_image":[{"width":1196,"height":528,"url":"https:\/\/rioonwatch.org.br\/wp-content\/uploads\/2024\/08\/V-Conferencia-Municipal-das-Cidades.png","type":"image\/png"}],"author":"Janaina Tavares","twitter_card":"summary_large_image","twitter_misc":{"Escrito por":"Janaina Tavares","Est. tempo de leitura":"14 minutos"},"schema":{"@context":"https:\/\/schema.org","@graph":[{"@type":"Article","@id":"https:\/\/rioonwatch.org.br\/?p=74985#article","isPartOf":{"@id":"https:\/\/rioonwatch.org.br\/?p=74985"},"author":{"name":"Janaina Tavares","@id":"https:\/\/rioonwatch.org.br\/#\/schema\/person\/feb227e5e7679aacc3d672e375cae1bd"},"headline":"Conhe\u00e7a as Reivindica\u00e7\u00f5es Populares para a Pol\u00edtica Urbana Nacional Fruto da V Confer\u00eancia Municipal das Cidades no Rio de Janeiro","datePublished":"2024-08-12T19:24:16+00:00","dateModified":"2024-10-15T20:34:42+00:00","mainEntityOfPage":{"@id":"https:\/\/rioonwatch.org.br\/?p=74985"},"wordCount":3167,"publisher":{"@id":"https:\/\/rioonwatch.org.br\/#organization"},"image":{"@id":"https:\/\/rioonwatch.org.br\/?p=74985#primaryimage"},"thumbnailUrl":"https:\/\/rioonwatch.org.br\/wp-content\/uploads\/2024\/08\/V-Conferencia-Municipal-das-Cidades.png","keywords":["AEIS \/ ZEIS","Caju","Confer\u00eancia das Cidades","democracia participativa","direito \u00e0 \u00e1gua","Direito \u00e0 Cidade","Direito \u00e0 Moradia","Estatuto da Cidade","habita\u00e7\u00e3o acess\u00edvel","Minha Casa Minha Vida","Minist\u00e9rio das Cidades","mobilidade","mudan\u00e7as clim\u00e1ticas","Neglig\u00eancia do Estado","or\u00e7amento participativo","participa\u00e7\u00e3o","planejamento participativo","pol\u00edticas p\u00fablicas","Porto Maravilha","recomenda\u00e7\u00f5es pol\u00edticas","Regi\u00e3o do Porto","saneamento","seguran\u00e7a p\u00fablica","sociedade civil","Termo Territorial Coletivo (TTC) \/ Community Land Trust (CLT)","transporte p\u00fablico","urbanismo","Zona Oeste"],"articleSection":["#OlhoNaParticipa\u00e7\u00e3o","*Destaque","Cobertura de Eventos","Democracia","Pol\u00edticas","Representatividade","Sociedade Civil"],"inLanguage":"pt-BR"},{"@type":"WebPage","@id":"https:\/\/rioonwatch.org.br\/?p=74985","url":"https:\/\/rioonwatch.org.br\/?p=74985","name":"Conhe\u00e7a as Reivindica\u00e7\u00f5es Populares para a Pol\u00edtica Urbana Nacional Fruto da V Confer\u00eancia Municipal das Cidades no Rio de Janeiro - RioOnWatch","isPartOf":{"@id":"https:\/\/rioonwatch.org.br\/#website"},"primaryImageOfPage":{"@id":"https:\/\/rioonwatch.org.br\/?p=74985#primaryimage"},"image":{"@id":"https:\/\/rioonwatch.org.br\/?p=74985#primaryimage"},"thumbnailUrl":"https:\/\/rioonwatch.org.br\/wp-content\/uploads\/2024\/08\/V-Conferencia-Municipal-das-Cidades.png","datePublished":"2024-08-12T19:24:16+00:00","dateModified":"2024-10-15T20:34:42+00:00","breadcrumb":{"@id":"https:\/\/rioonwatch.org.br\/?p=74985#breadcrumb"},"inLanguage":"pt-BR","potentialAction":[{"@type":"ReadAction","target":["https:\/\/rioonwatch.org.br\/?p=74985"]}]},{"@type":"ImageObject","inLanguage":"pt-BR","@id":"https:\/\/rioonwatch.org.br\/?p=74985#primaryimage","url":"https:\/\/rioonwatch.org.br\/wp-content\/uploads\/2024\/08\/V-Conferencia-Municipal-das-Cidades.png","contentUrl":"https:\/\/rioonwatch.org.br\/wp-content\/uploads\/2024\/08\/V-Conferencia-Municipal-das-Cidades.png","width":1196,"height":528},{"@type":"BreadcrumbList","@id":"https:\/\/rioonwatch.org.br\/?p=74985#breadcrumb","itemListElement":[{"@type":"ListItem","position":1,"name":"In\u00edcio","item":"https:\/\/rioonwatch.org.br\/"},{"@type":"ListItem","position":2,"name":"Conhe\u00e7a as Reivindica\u00e7\u00f5es Populares para a Pol\u00edtica Urbana Nacional Fruto da V Confer\u00eancia Municipal das Cidades no Rio de Janeiro"}]},{"@type":"WebSite","@id":"https:\/\/rioonwatch.org.br\/#website","url":"https:\/\/rioonwatch.org.br\/","name":"RioOnWatch","description":"relatos das favelas cariocas","publisher":{"@id":"https:\/\/rioonwatch.org.br\/#organization"},"potentialAction":[{"@type":"SearchAction","target":{"@type":"EntryPoint","urlTemplate":"https:\/\/rioonwatch.org.br\/?s={search_term_string}"},"query-input":{"@type":"PropertyValueSpecification","valueRequired":true,"valueName":"search_term_string"}}],"inLanguage":"pt-BR"},{"@type":"Organization","@id":"https:\/\/rioonwatch.org.br\/#organization","name":"RioOnWatch","url":"https:\/\/rioonwatch.org.br\/","logo":{"@type":"ImageObject","inLanguage":"pt-BR","@id":"https:\/\/rioonwatch.org.br\/#\/schema\/logo\/image\/","url":"https:\/\/rioonwatch.org.br\/wp-content\/uploads\/2021\/06\/RioOnWatchcabecalhoPT11anos-2.png","contentUrl":"https:\/\/rioonwatch.org.br\/wp-content\/uploads\/2021\/06\/RioOnWatchcabecalhoPT11anos-2.png","width":779,"height":277,"caption":"RioOnWatch"},"image":{"@id":"https:\/\/rioonwatch.org.br\/#\/schema\/logo\/image\/"}},{"@type":"Person","@id":"https:\/\/rioonwatch.org.br\/#\/schema\/person\/feb227e5e7679aacc3d672e375cae1bd","name":"Janaina Tavares","image":{"@type":"ImageObject","inLanguage":"pt-BR","@id":"https:\/\/rioonwatch.org.br\/#\/schema\/person\/image\/","url":"https:\/\/secure.gravatar.com\/avatar\/83bb5bb4f8b0c5ad63f35939640eaaa2?s=96&d=blank&r=g","contentUrl":"https:\/\/secure.gravatar.com\/avatar\/83bb5bb4f8b0c5ad63f35939640eaaa2?s=96&d=blank&r=g","caption":"Janaina Tavares"},"url":"https:\/\/rioonwatch.org.br\/?author=179"}]}},"_links":{"self":[{"href":"https:\/\/rioonwatch.org.br\/index.php?rest_route=\/wp\/v2\/posts\/74985"}],"collection":[{"href":"https:\/\/rioonwatch.org.br\/index.php?rest_route=\/wp\/v2\/posts"}],"about":[{"href":"https:\/\/rioonwatch.org.br\/index.php?rest_route=\/wp\/v2\/types\/post"}],"author":[{"embeddable":true,"href":"https:\/\/rioonwatch.org.br\/index.php?rest_route=\/wp\/v2\/users\/179"}],"replies":[{"embeddable":true,"href":"https:\/\/rioonwatch.org.br\/index.php?rest_route=%2Fwp%2Fv2%2Fcomments&post=74985"}],"version-history":[{"count":45,"href":"https:\/\/rioonwatch.org.br\/index.php?rest_route=\/wp\/v2\/posts\/74985\/revisions"}],"predecessor-version":[{"id":76081,"href":"https:\/\/rioonwatch.org.br\/index.php?rest_route=\/wp\/v2\/posts\/74985\/revisions\/76081"}],"wp:featuredmedia":[{"embeddable":true,"href":"https:\/\/rioonwatch.org.br\/index.php?rest_route=\/wp\/v2\/media\/75365"}],"wp:attachment":[{"href":"https:\/\/rioonwatch.org.br\/index.php?rest_route=%2Fwp%2Fv2%2Fmedia&parent=74985"}],"wp:term":[{"taxonomy":"category","embeddable":true,"href":"https:\/\/rioonwatch.org.br\/index.php?rest_route=%2Fwp%2Fv2%2Fcategories&post=74985"},{"taxonomy":"post_tag","embeddable":true,"href":"https:\/\/rioonwatch.org.br\/index.php?rest_route=%2Fwp%2Fv2%2Ftags&post=74985"},{"taxonomy":"writer","embeddable":true,"href":"https:\/\/rioonwatch.org.br\/index.php?rest_route=%2Fwp%2Fv2%2Fwriter&post=74985"},{"taxonomy":"translator","embeddable":true,"href":"https:\/\/rioonwatch.org.br\/index.php?rest_route=%2Fwp%2Fv2%2Ftranslator&post=74985"},{"taxonomy":"source","embeddable":true,"href":"https:\/\/rioonwatch.org.br\/index.php?rest_route=%2Fwp%2Fv2%2Fsource&post=74985"},{"taxonomy":"ilustrador","embeddable":true,"href":"https:\/\/rioonwatch.org.br\/index.php?rest_route=%2Fwp%2Fv2%2Filustrador&post=74985"},{"taxonomy":"fotografo","embeddable":true,"href":"https:\/\/rioonwatch.org.br\/index.php?rest_route=%2Fwp%2Fv2%2Ffotografo&post=74985"}],"curies":[{"name":"wp","href":"https:\/\/api.w.org\/{rel}","templated":true}]}}