{"id":75073,"date":"2024-08-19T09:20:53","date_gmt":"2024-08-19T12:20:53","guid":{"rendered":"https:\/\/rioonwatch.org.br\/?p=75073"},"modified":"2024-09-09T14:38:55","modified_gmt":"2024-09-09T17:38:55","slug":"mulheres-negras-no-podio-olimpiadas-de-paris-2024-parte-1-beatriz-souza-rebeca-andrade-e-ana-patricia-e-duda-sao-ouro","status":"publish","type":"post","link":"https:\/\/rioonwatch.org.br\/?p=75073","title":{"rendered":"Mulheres Negras no P\u00f3dio! Olimp\u00edadas de Paris 2024, Parte 1: Beatriz Souza, Rebeca Andrade e Ana Patr\u00edcia e Duda S\u00e3o Ouro!"},"content":{"rendered":"<figure id=\"attachment_75078\" aria-describedby=\"caption-attachment-75078\" style=\"width: 2560px\" class=\"wp-caption alignright\"><a href=\"https:\/\/rioonwatch.org.br\/wp-content\/uploads\/2024\/08\/Bia-Souza-beijando-sua-merecida-medalha-de-ouro-a-primeira-para-o-Brasil-nos-Jogos-Olimpicos-em-Paris.-Foto-Gazeta-Esportiva-scaled.jpeg\"><img fetchpriority=\"high\" decoding=\"async\" class=\"wp-image-75078 size-full\" title=\"A judoca Bia Souza beijando sua merecida medalha de ouro, a primeira para o Brasil nos Jogos Ol\u00edmpicos de Paris 2024. Foto: Gazeta Esportiva\" src=\"https:\/\/rioonwatch.org.br\/wp-content\/uploads\/2024\/08\/Bia-Souza-beijando-sua-merecida-medalha-de-ouro-a-primeira-para-o-Brasil-nos-Jogos-Olimpicos-em-Paris.-Foto-Gazeta-Esportiva-scaled.jpeg\" alt=\"A judoca Bia Souza beijando sua merecida medalha de ouro, a primeira para o Brasil nos Jogos Ol\u00edmpicos de Paris 2024. Foto: Gazeta Esportiva\" width=\"2560\" height=\"1704\" srcset=\"https:\/\/rioonwatch.org.br\/wp-content\/uploads\/2024\/08\/Bia-Souza-beijando-sua-merecida-medalha-de-ouro-a-primeira-para-o-Brasil-nos-Jogos-Olimpicos-em-Paris.-Foto-Gazeta-Esportiva-scaled.jpeg 2560w, https:\/\/rioonwatch.org.br\/wp-content\/uploads\/2024\/08\/Bia-Souza-beijando-sua-merecida-medalha-de-ouro-a-primeira-para-o-Brasil-nos-Jogos-Olimpicos-em-Paris.-Foto-Gazeta-Esportiva-620x413.jpeg 620w\" sizes=\"(max-width: 2560px) 100vw, 2560px\" \/><\/a><figcaption id=\"caption-attachment-75078\" class=\"wp-caption-text\">A judoca Bia Souza beijando sua merecida medalha de ouro, a primeira para o Brasil nos Jogos Ol\u00edmpicos de Paris 2024. Foto: Gazeta Esportiva<\/figcaption><\/figure>\n<h4 style=\"text-align: right;\"><em><strong><a href=\"https:\/\/bit.ly\/3ThdYPI\" target=\"_blank\" rel=\"noopener\">Click Here for English<img decoding=\"async\" class=\"alignright wp-image-15790 lazyloaded\" src=\"https:\/\/rioonwatch.org.br\/wp-content\/uploads\/2012\/08\/EN-standard-e1439583104716.jpg\" alt=\"\" width=\"20\" height=\"20\" data-src=\"https:\/\/rioonwatch.org.br\/wp-content\/uploads\/2012\/08\/EN-standard-e1439583104716.jpg\" \/><\/a><\/strong><\/em><\/h4>\n<p><em><span style=\"font-weight: 400;\">Esta \u00e9 a <a href=\"https:\/\/rioonwatch.org.br\/?p=75171\">primeira parte de uma mat\u00e9ria de duas partes<\/a> sobre as conquistas de representatividade nas Olimp\u00edadas de 2024.<\/span><\/em><\/p>\n<p><span style=\"font-weight: 400;\">Os <a href=\"http:\/\/bit.ly\/2x1r6O2\" target=\"_blank\" rel=\"noopener\">Jogos Ol\u00edmpicos<\/a> t\u00eam <a href=\"https:\/\/bit.ly\/3AmMR9N\" target=\"_blank\" rel=\"noopener\">uma hist\u00f3ria nociva<\/a> para as cidades escolhidas como sede, mas tamb\u00e9m s\u00e3o momentos chave na constru\u00e7\u00e3o d<\/span><span style=\"font-weight: 400;\">o imagin\u00e1rio popular sobre alguns grupos, de representatividade e de entender que alta performance em esportes ol\u00edmpicos s\u00f3 se concretiza se acompanhada de investimentos. <\/span><\/p>\n<p><span style=\"font-weight: 400;\">Nos <a href=\"https:\/\/bit.ly\/3SJVKFW\" target=\"_blank\" rel=\"noopener\">Jogos Ol\u00edmpicos de Paris 2024<\/a>, o Brasil ganhou somente tr\u00eas medalhas de ouro, todas conquistadas por mulheres negras, frutos de projetos sociais e de pol\u00edticas p\u00fablicas de investimento nos esportes e nas atletas, s\u00e3o elas: <a href=\"https:\/\/bit.ly\/3M9mLyR\" target=\"_blank\" rel=\"noopener\">Beatriz Souza<\/a>, no jud\u00f4, <a href=\"https:\/\/bit.ly\/3AjFrJM\" target=\"_blank\" rel=\"noopener\">Rebeca Andrade<\/a>, no solo da gin\u00e1stica ol\u00edmpica, e a dupla <a href=\"https:\/\/bit.ly\/46RGBIM\" target=\"_blank\" rel=\"noopener\">Duda<\/a> e <a href=\"https:\/\/bit.ly\/4dH5jh3\" target=\"_blank\" rel=\"noopener\">Ana Patr\u00edcia<\/a><\/span><span style=\"font-weight: 400;\">, no v\u00f4lei de praia. Essa primazia das mulheres n\u00e3o \u00e9 um fato isolado. J\u00e1 nas Olimp\u00edadas de T\u00f3quio, em 2021, a <a href=\"https:\/\/bit.ly\/3fCT4q3\" target=\"_blank\" rel=\"noopener\">vitoriosa presen\u00e7a negra<\/a> entre os medalhistas chamou aten\u00e7\u00e3o.<\/span><\/p>\n<h3>Beatriz Souza: Primeiro Ouro do Brasil nas Olimp\u00edadas de Paris 2024<\/h3>\n<figure id=\"attachment_75158\" aria-describedby=\"caption-attachment-75158\" style=\"width: 500px\" class=\"wp-caption alignright\"><a href=\"https:\/\/rioonwatch.org.br\/wp-content\/uploads\/2024\/08\/Beatriz-Souza-vence-israelense-e-conquista-medalha-de-ouro-no-judo.-Foto-Alexandre-Loureiro-Comite-Olimpico-Brasileiro.jpg\"><img decoding=\"async\" class=\"wp-image-75158\" title=\"Beatriz Souza vence israelense e conquista medalha de ouro no jud\u00f4. Foto: Alexandre Loureiro\/Comit\u00ea Ol\u00edmpico Brasileiro\" src=\"https:\/\/rioonwatch.org.br\/wp-content\/uploads\/2024\/08\/Beatriz-Souza-vence-israelense-e-conquista-medalha-de-ouro-no-judo.-Foto-Alexandre-Loureiro-Comite-Olimpico-Brasileiro-620x413.jpg\" alt=\"Beatriz Souza vence israelense e conquista medalha de ouro no jud\u00f4. Foto: Alexandre Loureiro\/Comit\u00ea Ol\u00edmpico Brasileiro\" width=\"500\" height=\"333\" srcset=\"https:\/\/rioonwatch.org.br\/wp-content\/uploads\/2024\/08\/Beatriz-Souza-vence-israelense-e-conquista-medalha-de-ouro-no-judo.-Foto-Alexandre-Loureiro-Comite-Olimpico-Brasileiro-620x413.jpg 620w, https:\/\/rioonwatch.org.br\/wp-content\/uploads\/2024\/08\/Beatriz-Souza-vence-israelense-e-conquista-medalha-de-ouro-no-judo.-Foto-Alexandre-Loureiro-Comite-Olimpico-Brasileiro-768x511.jpg 768w, https:\/\/rioonwatch.org.br\/wp-content\/uploads\/2024\/08\/Beatriz-Souza-vence-israelense-e-conquista-medalha-de-ouro-no-judo.-Foto-Alexandre-Loureiro-Comite-Olimpico-Brasileiro.jpg 984w\" sizes=\"(max-width: 500px) 100vw, 500px\" \/><\/a><figcaption id=\"caption-attachment-75158\" class=\"wp-caption-text\">Beatriz Souza vence israelense e conquista medalha de ouro no jud\u00f4. Foto: Alexandre Loureiro\/Comit\u00ea Ol\u00edmpico Brasileiro<\/figcaption><\/figure>\n<p><span style=\"font-weight: 400;\">O Brasil conquistou seu <a href=\"https:\/\/bit.ly\/3YDxYPS\" target=\"_blank\" rel=\"noopener\">primeiro ouro ol\u00edmpico<\/a> na categoria feminina +78Kg do jud\u00f4 gra\u00e7as a <\/span><span style=\"font-weight: 400;\">Beatriz Souza<\/span><span style=\"font-weight: 400;\">, mulher negra, gorda, nascida em Peru\u00edbe, litoral de <a href=\"https:\/\/bit.ly\/2KHGo4P\" target=\"_blank\" rel=\"noopener\">S\u00e3o Paulo<\/a>. Esse feito n\u00e3o s\u00f3 encheu o pa\u00eds de orgulho, mas tamb\u00e9m trouxe \u00e0 tona a import\u00e2ncia de reconhecer e celebrar a participa\u00e7\u00e3o e as conquistas de atletas afro-brasileiras. Al\u00e9m disso, Beatriz tamb\u00e9m \u00e9 prova viva de que pessoas gordas podem ser atl\u00e9ticas, podem ser atletas de alta performance e campe\u00e3s ol\u00edmpicas.<\/span><\/p>\n<p><span style=\"font-weight: 400;\">Ela representa a luta di\u00e1ria contra as barreiras raciais, de g\u00eanero e gordof\u00f3bicas no esporte. Sua vit\u00f3ria \u00e9 um s\u00edmbolo de esperan\u00e7a para muitas jovens negras e gordas que sonham em ocupar espa\u00e7os de destaque no esporte. Beatriz inspira novas gera\u00e7\u00f5es a acreditar que \u00e9 poss\u00edvel alcan\u00e7ar grandes feitos, independentemente de cor, da origem, do g\u00eanero ou do peso. <\/span><\/p>\n<p><span style=\"font-weight: 400;\">Logo ap\u00f3s conquistar o ouro, Bia Souza emocionou o Brasil com uma chamada de v\u00eddeo com seus familiares:<\/span><\/p>\n<blockquote><p><span style=\"font-weight: 400;\">\u201cEu consegui! Eu consegui! Deu certo m\u00e3e! Deu certo pai! Eu consegui! Foi pela v\u00f3, \u00e9 pra v\u00f3, m\u00e3e. Eu amo voc\u00eas mais que tudo. Eu amo voc\u00eas!\u201d<\/span><\/p><\/blockquote>\n<p>Beatriz Souza, primeira campe\u00e3 ol\u00edmpica em 2024, recebe <a href=\"https:\/\/bit.ly\/3AlhOAr\" target=\"_blank\" rel=\"noopener\">Bolsa Atleta<\/a>, pol\u00edtica p\u00fablica do <a href=\"https:\/\/bit.ly\/4dqzqtu\" target=\"_blank\" rel=\"noopener\">Minist\u00e9rio dos Esportes<\/a>. voltada para o apoio de atletas de alta performance. Assim como a maioria dos esportistas negros, Bia come\u00e7ou sua trajet\u00f3ria em um projeto social em seu territ\u00f3rio. Fundado pelo sensei Samuel Lopes, o projeto social <a href=\"https:\/\/bit.ly\/3YOYRQW\" target=\"_blank\" rel=\"noopener\">Associa\u00e7\u00e3o de Jud\u00f4 Budokan de Peru\u00edbe<\/a>\u00a0oferece aulas gratuitas de jud\u00f4 para crian\u00e7as em situa\u00e7\u00e3o de vulnerabilidade social.<\/p>\n<p><span style=\"font-weight: 400;\">Essa conquista evidencia um movimento crescente de valoriza\u00e7\u00e3o e visibilidade das mulheres negras em diversas esferas da sociedade. Um impacto dessa vit\u00f3ria foi o expressivo aumento de seguidores nas redes sociais de Bia Souza ap\u00f3s conquistar o ouro. Isso reflete o reconhecimento do que ela conquistou como atleta e demonstra que ela \u00e9 uma figura que inspira.<\/span><\/p>\n<h3>Rebeca Andrade: a For\u00e7a da Representatividade Negra<\/h3>\n<figure id=\"attachment_75102\" aria-describedby=\"caption-attachment-75102\" style=\"width: 1200px\" class=\"wp-caption aligncenter\"><a href=\"https:\/\/rioonwatch.org.br\/wp-content\/uploads\/2024\/08\/4510500-campanha-dourada-de-rebeca-andrade-foi-c-1200x0-2.webp\"><img loading=\"lazy\" decoding=\"async\" class=\"wp-image-75102 size-full\" title=\"Ginasta Rebeca Andrade posa com sua medalha de ouro conquistada na apresenta\u00e7\u00e3o do solo nas Olimp\u00edadas em Paris 2024. Rebeca fez hist\u00f3ria e se tornou a maior medalhista ol\u00edmpica brasileira. Foto: PurePeople\" src=\"https:\/\/rioonwatch.org.br\/wp-content\/uploads\/2024\/08\/4510500-campanha-dourada-de-rebeca-andrade-foi-c-1200x0-2.webp\" alt=\"Ginasta Rebeca Andrade posa com sua medalha de ouro conquistada na apresenta\u00e7\u00e3o do solo nas Olimp\u00edadas em Paris 2024. Rebeca fez hist\u00f3ria e se tornou a maior medalhista ol\u00edmpica brasileira. Foto: PurePeople\" width=\"1200\" height=\"675\" srcset=\"https:\/\/rioonwatch.org.br\/wp-content\/uploads\/2024\/08\/4510500-campanha-dourada-de-rebeca-andrade-foi-c-1200x0-2.webp 1200w, https:\/\/rioonwatch.org.br\/wp-content\/uploads\/2024\/08\/4510500-campanha-dourada-de-rebeca-andrade-foi-c-1200x0-2-620x349.webp 620w\" sizes=\"(max-width: 1200px) 100vw, 1200px\" \/><\/a><figcaption id=\"caption-attachment-75102\" class=\"wp-caption-text\">Ginasta Rebeca Andrade posa com sua medalha de ouro conquistada na apresenta\u00e7\u00e3o do solo nas Olimp\u00edadas em Paris 2024. Rebeca fez hist\u00f3ria e se tornou a maior medalhista ol\u00edmpica brasileira. Foto: PurePeople<\/figcaption><\/figure>\n<p>Rebeca Andrade marcou presen\u00e7a nos Jogos Ol\u00edmpicos de 2024 e foi a segunda pessoa a ganhar ouro pelo Brasil nesta edi\u00e7\u00e3o. A ginasta de 25 anos, cria de Guarulhos, S\u00e3o Paulo \u00e9 considerada a melhor atleta em sua modalidade no Brasil e uma das melhores do mundo. A paulista j\u00e1 tinha uma medalha de ouro no salto e outra de prata no individual geral, conquistadas em T\u00f3quio em 2021. No entanto, em Paris 2024, ela se superou e conquistou: ouro no solo, prata no salto, prata no individual geral e bronze no geral por equipes junto \u00e0s outras ginastas da sele\u00e7\u00e3o brasileira.<\/p>\n<p>Em um p\u00f3dio hist\u00f3rico do solo, junto a Rebeca Andrade estavam somente <a href=\"https:\/\/bit.ly\/3LdIJAk\" target=\"_blank\" rel=\"noopener\">ginastas afrodiasp\u00f3ricas<\/a>: <a href=\"https:\/\/bit.ly\/3SMlDFm\" target=\"_blank\" rel=\"noopener\">Simone Biles<\/a>, em segundo, e <a href=\"https:\/\/bit.ly\/4dG6FbR\" target=\"_blank\" rel=\"noopener\">Jordan Chiles<\/a>, em terceiro, ambas ginastas negras estadunidenses. Primeiro p\u00f3dio completamente negro da gin\u00e1stica ol\u00edmpica, um <a href=\"https:\/\/bit.ly\/4cnzusI\" target=\"_blank\" rel=\"noopener\">esporte historicamente branco<\/a>.<\/p>\n<figure id=\"attachment_75112\" aria-describedby=\"caption-attachment-75112\" style=\"width: 1280px\" class=\"wp-caption aligncenter\"><a href=\"https:\/\/rioonwatch.org.br\/wp-content\/uploads\/2024\/08\/Rebeca-Andrade-e-reverenciada-por-Simone-Biles-e-Jordan-Chiles-consecutivamente-prata-e-bronze-no-solo-olimpico-em-Paris-2024.-Foto-Leandro-Couri-EM-D.A-Press.jpg\"><img loading=\"lazy\" decoding=\"async\" class=\"wp-image-75112 size-full\" title=\"Rebeca Andrade \u00e9 reverenciada por Simone Biles e Jordan Chiles, consecutivamente prata e bronze no solo ol\u00edmpico em Paris 2024. Foto: Leandro Couri\/EM\/D.A Press\" src=\"https:\/\/rioonwatch.org.br\/wp-content\/uploads\/2024\/08\/Rebeca-Andrade-e-reverenciada-por-Simone-Biles-e-Jordan-Chiles-consecutivamente-prata-e-bronze-no-solo-olimpico-em-Paris-2024.-Foto-Leandro-Couri-EM-D.A-Press.jpg\" alt=\"Rebeca Andrade \u00e9 reverenciada por Simone Biles e Jordan Chiles, consecutivamente prata e bronze no solo ol\u00edmpico em Paris 2024. Foto: Leandro Couri\/EM\/D.A Press\" width=\"1280\" height=\"853\" srcset=\"https:\/\/rioonwatch.org.br\/wp-content\/uploads\/2024\/08\/Rebeca-Andrade-e-reverenciada-por-Simone-Biles-e-Jordan-Chiles-consecutivamente-prata-e-bronze-no-solo-olimpico-em-Paris-2024.-Foto-Leandro-Couri-EM-D.A-Press.jpg 1280w, https:\/\/rioonwatch.org.br\/wp-content\/uploads\/2024\/08\/Rebeca-Andrade-e-reverenciada-por-Simone-Biles-e-Jordan-Chiles-consecutivamente-prata-e-bronze-no-solo-olimpico-em-Paris-2024.-Foto-Leandro-Couri-EM-D.A-Press-620x413.jpg 620w\" sizes=\"(max-width: 1280px) 100vw, 1280px\" \/><\/a><figcaption id=\"caption-attachment-75112\" class=\"wp-caption-text\">Rebeca Andrade \u00e9 reverenciada por Simone Biles e Jordan Chiles, consecutivamente prata e bronze no solo ol\u00edmpico em Paris 2024. Foto: Leandro Couri\/EM\/D.A Press<\/figcaption><\/figure>\n<p>No entanto, dias depois, a equipe romena entrou com um <a href=\"https:\/\/bit.ly\/3SM6bJg\" target=\"_blank\" rel=\"noopener\">pedido de revis\u00e3o do resultado<\/a> e a atleta romena Ana Maria B\u0103rbosu foi declarada terceira colocada. Essa decis\u00e3o, <a href=\"https:\/\/bit.ly\/3SO0R86\" target=\"_blank\" rel=\"noopener\">j\u00e1 declarada como final<\/a>, obriga Jordan a devolver sua medalha de bronze. Isso foi interpretado por muitos como falta de <a href=\"https:\/\/bit.ly\/46NulsQ\" target=\"_blank\" rel=\"noopener\"><em>fair play<\/em><\/a> da atleta, da equipe e da federa\u00e7\u00e3o romenas. Depois de se tornarem alvo de cr\u00edticas, a <a href=\"https:\/\/bit.ly\/3WI9UZE\" target=\"_blank\" rel=\"noopener\">Federa\u00e7\u00e3o Romena sugeriu<\/a> que a medalha de bronze fosse dividida entre Jordan (que ficou em quinto lugar depois do recurso romeno), <a href=\"https:\/\/bit.ly\/3X0St7L\" target=\"_blank\" rel=\"noopener\">Ana Maria B\u0103rbosu<\/a> (declarada terceira) e <a href=\"https:\/\/bit.ly\/4crAV9g\" target=\"_blank\" rel=\"noopener\">Sabrina Maneca-Voinea<\/a> (outra romena, declarada quarta). No entanto, independentemente da proposta romena, Jordan teve que devolver a medalha, que foi dada a Ana Maria dez dias depois do p\u00f3dio de Paris em uma <a href=\"https:\/\/bit.ly\/4cKwoPL\" target=\"_blank\" rel=\"noopener\">cerim\u00f4nia em Bucareste<\/a>, capital da Rom\u00eania.<\/p>\n<p><span style=\"font-weight: 400;\">No esteio das m\u00faltiplas conquistas de Rebeca, internautas trouxeram \u00e0 tona um v\u00eddeo antigo dela<\/span>\u00a0em Guarulhos, cidade da Grande S\u00e3o Paulo, treinando ao lado da pioneira <a href=\"https:\/\/bit.ly\/3yBPvx9\" target=\"_blank\" rel=\"noopener\">Daiane dos Santos<\/a><span style=\"font-weight: 400;\">, hoje, com 41 anos. Essa redescoberta mostra que, para que houvesse Rebeca, antes houve uma Daiane. \u00c9 evid\u00eancia do quanto a representatividade \u00e9 importante, sobretudo em um esporte branco, como a gin\u00e1stica ol\u00edmpica.<\/span><\/p>\n<blockquote class=\"twitter-tweet\" data-media-max-width=\"560\">\n<p dir=\"ltr\" lang=\"pt\">MEU DEUS! A Daiane dos Santos ensinando gin\u00e1stica pra Rebeca Andrade em entrevista antiga \u2764\ufe0f <a href=\"https:\/\/t.co\/S2m60cNky0\">pic.twitter.com\/S2m60cNky0<\/a><\/p>\n<p>\u2014 POPTime (@siteptbr) <a href=\"https:\/\/twitter.com\/siteptbr\/status\/1820495511763497102?ref_src=twsrc%5Etfw\">August 5, 2024<\/a><\/p><\/blockquote>\n<p><script async src=\"https:\/\/platform.twitter.com\/widgets.js\" charset=\"utf-8\"><\/script><\/p>\n<p>Depois de Paris, Rebeca \u00e9 oficialmente a <a href=\"https:\/\/bit.ly\/3WGZIk6\" target=\"_blank\" rel=\"noopener\">maior medalhista da hist\u00f3ria do Brasil<\/a> nas Olimp\u00edadas. A <a href=\"https:\/\/bit.ly\/46HnAZq\" target=\"_blank\" rel=\"noopener\">cidad\u00e3 brasileira que mais ganhou<\/a> medalhas em olimp\u00edadas iniciou sua brilhante trajet\u00f3ria na gin\u00e1stica 20 anos atr\u00e1s, <a href=\"https:\/\/bit.ly\/3SOV0j7\" target=\"_blank\" rel=\"noopener\">em um projeto social<\/a> em Guarulhos. Essa iniciativa social que lan\u00e7ou Rebeca, hoje, \u00e9 bastante procurada ap\u00f3s as conquistas da atleta. O Programa de Inicia\u00e7\u00e3o Esportiva &#8211; <a href=\"https:\/\/bit.ly\/3yGapLJ\" target=\"_blank\" rel=\"noopener\">Gin\u00e1stica Art\u00edstica Guarulhos<\/a> abriu <a href=\"https:\/\/bit.ly\/4dwI5uc\" target=\"_blank\" rel=\"noopener\">425 vagas<\/a> para a inicia\u00e7\u00e3o na gin\u00e1stica art\u00edstica e, em menos de dois dias, todas as vagas haviam sido preenchidas e ainda havia mais de 90 crian\u00e7as na lista de espera.<\/p>\n<h3>Duda e Ana Patr\u00edcia Realizam o Sonho do P\u00f3dio Ol\u00edmpico no V\u00f4lei de Praia<\/h3>\n<p><a href=\"https:\/\/bit.ly\/4dmJjrV\" target=\"_blank\" rel=\"noopener\">Ap\u00f3s oito anos<\/a> de espera, o v\u00f4lei de praia do Brasil volta a ganhar uma medalha de ouro pelas m\u00e3os de duas mulheres negras, uma delas nordestina. Com muita determina\u00e7\u00e3o, a <a href=\"https:\/\/bit.ly\/46RnL4z\" target=\"_blank\" rel=\"noopener\">sergipana<\/a> Duda Lisboa, de 26 anos, e a <a href=\"https:\/\/bit.ly\/3SSODuS\" target=\"_blank\" rel=\"noopener\">mineira<\/a> Ana Patr\u00edcia Ramos, tamb\u00e9m de 26 anos, conquistaram o primeiro lugar no p\u00f3dio do v\u00f4lei de praia nas Olimp\u00edadas de Paris.<\/p>\n<p>As atletas iniciaram suas carreiras esportivas ainda na inf\u00e2ncia, contudo, de maneiras muito distintas. Criada na praia, Duda \u00e9 filha de uma jogadora profissional de v\u00f4lei de praia, <a href=\"https:\/\/bit.ly\/3SUpjEV\" target=\"_blank\" rel=\"noopener\">Cida Lisboa<\/a>. Al\u00e9m de jogadora, Cida desenvolveu\u00a0um <a href=\"https:\/\/bit.ly\/3yDVfGR\" target=\"_blank\" rel=\"noopener\">projeto social como treinadora<\/a> em sua cidade, <a href=\"https:\/\/bit.ly\/3X5Y3Wz\" target=\"_blank\" rel=\"noopener\">S\u00e3o Crist\u00f3v\u00e3o<\/a>, em Sergipe, na <a href=\"https:\/\/bit.ly\/3M72ABV\" target=\"_blank\" rel=\"noopener\">Grande Aracaju<\/a>, cujo centro de treinamentos era voltado <a href=\"https:\/\/bit.ly\/3AsKKGW\" target=\"_blank\" rel=\"noopener\">para lapidar talentos<\/a>. A pr\u00f3pria filha Duda se tornou exemplo ao come\u00e7ar a competir aos 12 anos.<\/p>\n<p>J\u00e1 Ana Patr\u00edcia \u00e9 filha do interior e cresceu bem longe da praia. Na cidade de <a href=\"https:\/\/bit.ly\/4dOtmun\" target=\"_blank\" rel=\"noopener\">Espinosa<\/a>, na divisa entre Minas Gerais e <a href=\"https:\/\/bit.ly\/3DuKUJW\" target=\"_blank\" rel=\"noopener\">Bahia<\/a>, come\u00e7ou no futebol e no handebol, as modalidades dispon\u00edveis em seu territ\u00f3rio. Seu sonho era ser atleta. Aos 16 anos, um treinador viu potencial nela para o v\u00f4lei de praia e conseguiu uma vaga para que ela treinasse em Betim, cidade a 707 Km de dist\u00e2ncia. Depois de somente quatro meses treinando, ela foi convocada para o <a href=\"https:\/\/bit.ly\/3AvDnhV\" target=\"_blank\" rel=\"noopener\">Centro de Treinamento de Saquarema<\/a>, da Confedera\u00e7\u00e3o Brasileira de V\u00f4lei (<a href=\"https:\/\/bit.ly\/3AnW8DM\" target=\"_blank\" rel=\"noopener\">CBV<\/a>), e se mudou para o Rio de Janeiro.<\/p>\n<p><span style=\"font-weight: 400;\">Nos \u00faltimos anos, as jogadoras passaram por momentos de cobran\u00e7a e sofrimento depois de serem eliminadas das Olimp\u00edadas de T\u00f3quio. Naquela ocasi\u00e3o, ambas faziam dupla com outras atletas e perderam partidas nas quartas e oitavas de final. Desde 2022, elas decidiram se mudar novamente, desta vez, para Uberl\u00e2ndia, cidade no interior de Minas Gerais. Apesar de bem longe do mar, o <a href=\"https:\/\/bit.ly\/3YNh9lp\" target=\"_blank\" rel=\"noopener\">Praia Clube<\/a> resolveu investir na modalidade e, em dois anos de trabalho, ajudou a conquistar o ouro ol\u00edmpico para o Brasil.<\/span><\/p>\n<blockquote><p><span style=\"font-weight: 400;\"> \u201cPor favor, agora, quando forem falar, falem tamb\u00e9m que a gente deu o sangue para ser campe\u00e3o ol\u00edmpico para voc\u00eas.\u201d \u2014 Ana Patr\u00edcia Ramos<\/span><\/p><\/blockquote>\n<p>Duda e Ana Patr\u00edcia s\u00e3o apenas a segunda dupla brasileira na hist\u00f3ria a conquistar o ouro no v\u00f4lei de praia feminino. A primeira e \u00fanica dupla antes delas a subir no lugar mais alto do p\u00f3dio na modalidade foi <a href=\"https:\/\/bit.ly\/3SMlyBs\" target=\"_blank\" rel=\"noopener\">Jacqueline Silva e Sandra Pires<\/a> nas <a href=\"https:\/\/bit.ly\/3jzb3io\" target=\"_blank\" rel=\"noopener\">Olimp\u00edadas de Atlanta 1996<\/a>.<\/p>\n<p>Beatriz Souza, Rebeca Andrade, Duda Lisboa e Ana Patr\u00edcia Ramos s\u00e3o refer\u00eancia para milh\u00f5es de pessoas. As \u00fanicas campe\u00e3s do pa\u00eds s\u00e3o mulheres negras, de favelas e periferias, do nordeste e do interior. Essas medalhas s\u00e3o fruto das oportunidades que as atletas receberam. \u00c9 preciso ficar evidente que n\u00e3o se faz campe\u00e3s ol\u00edmpicas s\u00f3 com o esfor\u00e7o e o empenho individuais. \u00c9 preciso haver pol\u00edticas p\u00fablicas que apoiem a popula\u00e7\u00e3o a explorar seus potenciais no ramo esportivo. Essas quatro atletas s\u00e3o a prova de que, com investimento, as mulheres negras, as favelas e as periferias podem tudo, inclusive, ganhar medalhas de ouro para o Brasil.<\/p>\n<h4><em><span style=\"font-weight: 400;\">Esta \u00e9 a <a href=\"https:\/\/rioonwatch.org.br\/?p=75171\">primeira parte de uma mat\u00e9ria de duas partes<\/a> sobre as conquistas de representatividade das Olimp\u00edadas de 2024. <a href=\"https:\/\/rioonwatch.org.br\/?p=75171\">Clique aqui para Parte 2<\/a>.<\/span><\/em><\/h4>\n<p><em>Sobre o autor:\u00a0<i data-stringify-type=\"italic\"><a href=\"https:\/\/bit.ly\/3eKEkFg\" target=\"_blank\" rel=\"noopener\">Cleyton Santanna<\/a> \u00e9 jornalista e roteirista formado pela\u00a0<\/i><i data-stringify-type=\"italic\"><a class=\"c-link\" href=\"http:\/\/bit.ly\/36D8IMt\" target=\"_blank\" rel=\"noopener noreferrer\" data-stringify-link=\"http:\/\/bit.ly\/36D8IMt\" data-sk=\"tooltip_parent\">UFRRJ<\/a><\/i><i data-stringify-type=\"italic\">\u00a0e pela\u00a0<\/i><i data-stringify-type=\"italic\"><a class=\"c-link\" href=\"https:\/\/bit.ly\/3pGPU6Q\" target=\"_blank\" rel=\"noopener noreferrer\" data-stringify-link=\"http:\/\/bit.ly\/3pGPU6Q\" data-sk=\"tooltip_parent\">CriaAtivo Film School<\/a><\/i><i data-stringify-type=\"italic\">. Em\u00a0<\/i><i data-stringify-type=\"italic\"><a class=\"c-link\" href=\"http:\/\/bit.ly\/3qGqBDt\" target=\"_blank\" rel=\"noopener noreferrer\" data-stringify-link=\"http:\/\/bit.ly\/3qGqBDt\" data-sk=\"tooltip_parent\">seu canal no YouTube<\/a><\/i><i data-stringify-type=\"italic\">, discorre sobre curiosidades, ancestralidade e cultura afro-brasileira. Em 2017, produziu dois document\u00e1rios, \u201cEntre Negros\u201d e \u201c<\/i><i data-stringify-type=\"italic\"><a class=\"c-link\" href=\"https:\/\/bit.ly\/2P1xdyj\" target=\"_blank\" rel=\"noopener noreferrer\" data-stringify-link=\"https:\/\/bit.ly\/2P1xdyj\" data-sk=\"tooltip_parent\">Tudo Vai Ficar Bem<\/a><\/i><i data-stringify-type=\"italic\">\u201d, e, em 2018, foi premiado como roteirista, com o curta-metragem \u201c<\/i><i data-stringify-type=\"italic\"><a class=\"c-link\" href=\"https:\/\/bit.ly\/3bGKRib\" target=\"_blank\" rel=\"noopener noreferrer\" data-stringify-link=\"https:\/\/bit.ly\/3bGKRib\" data-sk=\"tooltip_parent\">Vandinho<\/a><\/i><i data-stringify-type=\"italic\">\u201d, pela Creative Economy Network. Atualmente, atua como comunicador no Museu do Amanh\u00e3 e \u00e9 o apresentador do podcast\u00a0<\/i><i data-stringify-type=\"italic\"><a class=\"c-link\" href=\"http:\/\/spoti.fi\/2OQPVsg\" target=\"_blank\" rel=\"noopener noreferrer\" data-stringify-link=\"http:\/\/spoti.fi\/2OQPVsg\" data-sk=\"tooltip_parent\">Influ\u00eancia Negra<\/a><\/i><i data-stringify-type=\"italic\">.<\/i><\/em><\/p>\n<div class=\"entry-content clearfix\">\n<hr \/>\n<h4><b data-stringify-type=\"bold\">Apoie nossos esfor\u00e7os para fornecer apoio estrat\u00e9gico \u00e0s favelas do Rio, incluindo o jornalismo hiperlocal, cr\u00edtico, inovador e incans\u00e1vel do\u00a0<\/b><b data-stringify-type=\"bold\"><i data-stringify-type=\"italic\">RioOnWatch<\/i><\/b>\u2014<a class=\"c-link\" href=\"http:\/\/www.bit.ly\/ApoieROW\" target=\"_blank\" rel=\"noopener noreferrer\" data-stringify-link=\"http:\/\/www.bit.ly\/ApoieROW\" data-sk=\"tooltip_parent\">doe aqui<\/a>.<\/h4>\n<\/div>\n<!-- AddThis Advanced Settings generic via filter on the_content --><!-- AddThis Share Buttons generic via filter on the_content -->","protected":false},"excerpt":{"rendered":"<div class=\"mh-excerpt\"><p>Click Here for English Esta \u00e9 a primeira parte de uma mat\u00e9ria de duas partes sobre as conquistas de representatividade nas Olimp\u00edadas de 2024. Os Jogos Ol\u00edmpicos t\u00eam uma hist\u00f3ria nociva para as cidades escolhidas <a class=\"mh-excerpt-more\" href=\"https:\/\/rioonwatch.org.br\/?p=75073\" title=\"Mulheres Negras no P\u00f3dio! Olimp\u00edadas de Paris 2024, Parte 1: Beatriz Souza, Rebeca Andrade e Ana Patr\u00edcia e Duda S\u00e3o Ouro!\">[&#8230;]<\/a><!-- AddThis Advanced Settings generic via filter on get_the_excerpt --><!-- AddThis Share Buttons generic via filter on get_the_excerpt --><\/p>\n<\/div>","protected":false},"author":179,"featured_media":75158,"comment_status":"closed","ping_status":"closed","sticky":false,"template":"template-full.php","format":"standard","meta":{"_acf_changed":false,"_monsterinsights_skip_tracking":false,"_monsterinsights_sitenote_active":false,"_monsterinsights_sitenote_note":"","_monsterinsights_sitenote_category":0,"footnotes":""},"categories":[1621,1625,344,3206],"tags":[3253,292,42,723,1240,3109,1970,2451,2432,998,3466],"writer":[3004],"translator":[],"source":[],"ilustrador":[],"fotografo":[],"class_list":{"0":"post-75073","1":"post","2":"type-post","3":"status-publish","4":"format-standard","5":"has-post-thumbnail","7":"category-destaque","8":"category-por-correspondentes-comunitarios","9":"category-politicas","10":"category-representatividade","11":"tag-antirracismo","12":"tag-esporte","13":"tag-genero","14":"tag-investimento-publico","15":"tag-megaeventos","16":"tag-minas-gerais","17":"tag-negritude","18":"tag-politicas-publicas","19":"tag-representatividade","20":"tag-sao-paulo","21":"tag-sergipe","22":"writer-cleyton-santanna"},"acf":[],"yoast_head":"<!-- This site is optimized with the Yoast SEO plugin v25.6 - https:\/\/yoast.com\/wordpress\/plugins\/seo\/ -->\n<title>Mulheres Negras no P\u00f3dio! Olimp\u00edadas de Paris 2024, Parte 1: Beatriz Souza, Rebeca Andrade e Ana Patr\u00edcia e Duda S\u00e3o Ouro! - RioOnWatch<\/title>\n<meta name=\"robots\" content=\"index, follow, max-snippet:-1, max-image-preview:large, max-video-preview:-1\" \/>\n<link rel=\"canonical\" href=\"https:\/\/rioonwatch.org.br\/?p=75073\" \/>\n<meta property=\"og:locale\" content=\"pt_BR\" \/>\n<meta property=\"og:type\" content=\"article\" \/>\n<meta property=\"og:title\" content=\"Mulheres Negras no P\u00f3dio! Olimp\u00edadas de Paris 2024, Parte 1: Beatriz Souza, Rebeca Andrade e Ana Patr\u00edcia e Duda S\u00e3o Ouro! - RioOnWatch\" \/>\n<meta property=\"og:description\" content=\"Click Here for English Esta \u00e9 a primeira parte de uma mat\u00e9ria de duas partes sobre as conquistas de representatividade nas Olimp\u00edadas de 2024. Os Jogos Ol\u00edmpicos t\u00eam uma hist\u00f3ria nociva para as cidades escolhidas [...]\" \/>\n<meta property=\"og:url\" content=\"https:\/\/rioonwatch.org.br\/?p=75073\" \/>\n<meta property=\"og:site_name\" content=\"RioOnWatch\" \/>\n<meta property=\"article:published_time\" content=\"2024-08-19T12:20:53+00:00\" \/>\n<meta property=\"article:modified_time\" content=\"2024-09-09T17:38:55+00:00\" \/>\n<meta property=\"og:image\" content=\"https:\/\/rioonwatch.org.br\/wp-content\/uploads\/2024\/08\/Beatriz-Souza-vence-israelense-e-conquista-medalha-de-ouro-no-judo.-Foto-Alexandre-Loureiro-Comite-Olimpico-Brasileiro.jpg\" \/>\n\t<meta property=\"og:image:width\" content=\"984\" \/>\n\t<meta property=\"og:image:height\" content=\"655\" \/>\n\t<meta property=\"og:image:type\" content=\"image\/jpeg\" \/>\n<meta name=\"author\" content=\"Janaina Tavares\" \/>\n<meta name=\"twitter:card\" content=\"summary_large_image\" \/>\n<meta name=\"twitter:label1\" content=\"Escrito por\" \/>\n\t<meta name=\"twitter:data1\" content=\"Janaina Tavares\" \/>\n\t<meta name=\"twitter:label2\" content=\"Est. tempo de leitura\" \/>\n\t<meta name=\"twitter:data2\" content=\"11 minutos\" \/>\n<script type=\"application\/ld+json\" class=\"yoast-schema-graph\">{\"@context\":\"https:\/\/schema.org\",\"@graph\":[{\"@type\":\"Article\",\"@id\":\"https:\/\/rioonwatch.org.br\/?p=75073#article\",\"isPartOf\":{\"@id\":\"https:\/\/rioonwatch.org.br\/?p=75073\"},\"author\":{\"name\":\"Janaina Tavares\",\"@id\":\"https:\/\/rioonwatch.org.br\/#\/schema\/person\/feb227e5e7679aacc3d672e375cae1bd\"},\"headline\":\"Mulheres Negras no P\u00f3dio! Olimp\u00edadas de Paris 2024, Parte 1: Beatriz Souza, Rebeca Andrade e Ana Patr\u00edcia e Duda S\u00e3o Ouro!\",\"datePublished\":\"2024-08-19T12:20:53+00:00\",\"dateModified\":\"2024-09-09T17:38:55+00:00\",\"mainEntityOfPage\":{\"@id\":\"https:\/\/rioonwatch.org.br\/?p=75073\"},\"wordCount\":1853,\"publisher\":{\"@id\":\"https:\/\/rioonwatch.org.br\/#organization\"},\"image\":{\"@id\":\"https:\/\/rioonwatch.org.br\/?p=75073#primaryimage\"},\"thumbnailUrl\":\"https:\/\/rioonwatch.org.br\/wp-content\/uploads\/2024\/08\/Beatriz-Souza-vence-israelense-e-conquista-medalha-de-ouro-no-judo.-Foto-Alexandre-Loureiro-Comite-Olimpico-Brasileiro.jpg\",\"keywords\":[\"Antirracismo\",\"esporte\",\"g\u00eanero\",\"investimento p\u00fablico\",\"Megaeventos\",\"Minas Gerais\",\"negritude\",\"pol\u00edticas p\u00fablicas\",\"representatividade\",\"S\u00e3o Paulo\",\"Sergipe\"],\"articleSection\":[\"*Destaque\",\"Escrito por Comunicadores Populares\",\"Pol\u00edticas\",\"Representatividade\"],\"inLanguage\":\"pt-BR\"},{\"@type\":\"WebPage\",\"@id\":\"https:\/\/rioonwatch.org.br\/?p=75073\",\"url\":\"https:\/\/rioonwatch.org.br\/?p=75073\",\"name\":\"Mulheres Negras no P\u00f3dio! Olimp\u00edadas de Paris 2024, Parte 1: Beatriz Souza, Rebeca Andrade e Ana Patr\u00edcia e Duda S\u00e3o Ouro! - RioOnWatch\",\"isPartOf\":{\"@id\":\"https:\/\/rioonwatch.org.br\/#website\"},\"primaryImageOfPage\":{\"@id\":\"https:\/\/rioonwatch.org.br\/?p=75073#primaryimage\"},\"image\":{\"@id\":\"https:\/\/rioonwatch.org.br\/?p=75073#primaryimage\"},\"thumbnailUrl\":\"https:\/\/rioonwatch.org.br\/wp-content\/uploads\/2024\/08\/Beatriz-Souza-vence-israelense-e-conquista-medalha-de-ouro-no-judo.-Foto-Alexandre-Loureiro-Comite-Olimpico-Brasileiro.jpg\",\"datePublished\":\"2024-08-19T12:20:53+00:00\",\"dateModified\":\"2024-09-09T17:38:55+00:00\",\"breadcrumb\":{\"@id\":\"https:\/\/rioonwatch.org.br\/?p=75073#breadcrumb\"},\"inLanguage\":\"pt-BR\",\"potentialAction\":[{\"@type\":\"ReadAction\",\"target\":[\"https:\/\/rioonwatch.org.br\/?p=75073\"]}]},{\"@type\":\"ImageObject\",\"inLanguage\":\"pt-BR\",\"@id\":\"https:\/\/rioonwatch.org.br\/?p=75073#primaryimage\",\"url\":\"https:\/\/rioonwatch.org.br\/wp-content\/uploads\/2024\/08\/Beatriz-Souza-vence-israelense-e-conquista-medalha-de-ouro-no-judo.-Foto-Alexandre-Loureiro-Comite-Olimpico-Brasileiro.jpg\",\"contentUrl\":\"https:\/\/rioonwatch.org.br\/wp-content\/uploads\/2024\/08\/Beatriz-Souza-vence-israelense-e-conquista-medalha-de-ouro-no-judo.-Foto-Alexandre-Loureiro-Comite-Olimpico-Brasileiro.jpg\",\"width\":984,\"height\":655,\"caption\":\"Beatriz Souza vence israelense e conquista medalha de ouro no jud\u00f4. Foto: Alexandre Loureiro\/Comit\u00ea Ol\u00edmpico Brasileiro\"},{\"@type\":\"BreadcrumbList\",\"@id\":\"https:\/\/rioonwatch.org.br\/?p=75073#breadcrumb\",\"itemListElement\":[{\"@type\":\"ListItem\",\"position\":1,\"name\":\"In\u00edcio\",\"item\":\"https:\/\/rioonwatch.org.br\/\"},{\"@type\":\"ListItem\",\"position\":2,\"name\":\"Mulheres Negras no P\u00f3dio! Olimp\u00edadas de Paris 2024, Parte 1: Beatriz Souza, Rebeca Andrade e Ana Patr\u00edcia e Duda S\u00e3o Ouro!\"}]},{\"@type\":\"WebSite\",\"@id\":\"https:\/\/rioonwatch.org.br\/#website\",\"url\":\"https:\/\/rioonwatch.org.br\/\",\"name\":\"RioOnWatch\",\"description\":\"relatos das favelas cariocas\",\"publisher\":{\"@id\":\"https:\/\/rioonwatch.org.br\/#organization\"},\"potentialAction\":[{\"@type\":\"SearchAction\",\"target\":{\"@type\":\"EntryPoint\",\"urlTemplate\":\"https:\/\/rioonwatch.org.br\/?s={search_term_string}\"},\"query-input\":{\"@type\":\"PropertyValueSpecification\",\"valueRequired\":true,\"valueName\":\"search_term_string\"}}],\"inLanguage\":\"pt-BR\"},{\"@type\":\"Organization\",\"@id\":\"https:\/\/rioonwatch.org.br\/#organization\",\"name\":\"RioOnWatch\",\"url\":\"https:\/\/rioonwatch.org.br\/\",\"logo\":{\"@type\":\"ImageObject\",\"inLanguage\":\"pt-BR\",\"@id\":\"https:\/\/rioonwatch.org.br\/#\/schema\/logo\/image\/\",\"url\":\"https:\/\/rioonwatch.org.br\/wp-content\/uploads\/2021\/06\/RioOnWatchcabecalhoPT11anos-2.png\",\"contentUrl\":\"https:\/\/rioonwatch.org.br\/wp-content\/uploads\/2021\/06\/RioOnWatchcabecalhoPT11anos-2.png\",\"width\":779,\"height\":277,\"caption\":\"RioOnWatch\"},\"image\":{\"@id\":\"https:\/\/rioonwatch.org.br\/#\/schema\/logo\/image\/\"}},{\"@type\":\"Person\",\"@id\":\"https:\/\/rioonwatch.org.br\/#\/schema\/person\/feb227e5e7679aacc3d672e375cae1bd\",\"name\":\"Janaina Tavares\",\"image\":{\"@type\":\"ImageObject\",\"inLanguage\":\"pt-BR\",\"@id\":\"https:\/\/rioonwatch.org.br\/#\/schema\/person\/image\/\",\"url\":\"https:\/\/secure.gravatar.com\/avatar\/83bb5bb4f8b0c5ad63f35939640eaaa2?s=96&d=blank&r=g\",\"contentUrl\":\"https:\/\/secure.gravatar.com\/avatar\/83bb5bb4f8b0c5ad63f35939640eaaa2?s=96&d=blank&r=g\",\"caption\":\"Janaina Tavares\"},\"url\":\"https:\/\/rioonwatch.org.br\/?author=179\"}]}<\/script>\n<!-- \/ Yoast SEO plugin. -->","yoast_head_json":{"title":"Mulheres Negras no P\u00f3dio! Olimp\u00edadas de Paris 2024, Parte 1: Beatriz Souza, Rebeca Andrade e Ana Patr\u00edcia e Duda S\u00e3o Ouro! - RioOnWatch","robots":{"index":"index","follow":"follow","max-snippet":"max-snippet:-1","max-image-preview":"max-image-preview:large","max-video-preview":"max-video-preview:-1"},"canonical":"https:\/\/rioonwatch.org.br\/?p=75073","og_locale":"pt_BR","og_type":"article","og_title":"Mulheres Negras no P\u00f3dio! Olimp\u00edadas de Paris 2024, Parte 1: Beatriz Souza, Rebeca Andrade e Ana Patr\u00edcia e Duda S\u00e3o Ouro! - RioOnWatch","og_description":"Click Here for English Esta \u00e9 a primeira parte de uma mat\u00e9ria de duas partes sobre as conquistas de representatividade nas Olimp\u00edadas de 2024. Os Jogos Ol\u00edmpicos t\u00eam uma hist\u00f3ria nociva para as cidades escolhidas [...]","og_url":"https:\/\/rioonwatch.org.br\/?p=75073","og_site_name":"RioOnWatch","article_published_time":"2024-08-19T12:20:53+00:00","article_modified_time":"2024-09-09T17:38:55+00:00","og_image":[{"width":984,"height":655,"url":"https:\/\/rioonwatch.org.br\/wp-content\/uploads\/2024\/08\/Beatriz-Souza-vence-israelense-e-conquista-medalha-de-ouro-no-judo.-Foto-Alexandre-Loureiro-Comite-Olimpico-Brasileiro.jpg","type":"image\/jpeg"}],"author":"Janaina Tavares","twitter_card":"summary_large_image","twitter_misc":{"Escrito por":"Janaina Tavares","Est. tempo de leitura":"11 minutos"},"schema":{"@context":"https:\/\/schema.org","@graph":[{"@type":"Article","@id":"https:\/\/rioonwatch.org.br\/?p=75073#article","isPartOf":{"@id":"https:\/\/rioonwatch.org.br\/?p=75073"},"author":{"name":"Janaina Tavares","@id":"https:\/\/rioonwatch.org.br\/#\/schema\/person\/feb227e5e7679aacc3d672e375cae1bd"},"headline":"Mulheres Negras no P\u00f3dio! Olimp\u00edadas de Paris 2024, Parte 1: Beatriz Souza, Rebeca Andrade e Ana Patr\u00edcia e Duda S\u00e3o Ouro!","datePublished":"2024-08-19T12:20:53+00:00","dateModified":"2024-09-09T17:38:55+00:00","mainEntityOfPage":{"@id":"https:\/\/rioonwatch.org.br\/?p=75073"},"wordCount":1853,"publisher":{"@id":"https:\/\/rioonwatch.org.br\/#organization"},"image":{"@id":"https:\/\/rioonwatch.org.br\/?p=75073#primaryimage"},"thumbnailUrl":"https:\/\/rioonwatch.org.br\/wp-content\/uploads\/2024\/08\/Beatriz-Souza-vence-israelense-e-conquista-medalha-de-ouro-no-judo.-Foto-Alexandre-Loureiro-Comite-Olimpico-Brasileiro.jpg","keywords":["Antirracismo","esporte","g\u00eanero","investimento p\u00fablico","Megaeventos","Minas Gerais","negritude","pol\u00edticas p\u00fablicas","representatividade","S\u00e3o Paulo","Sergipe"],"articleSection":["*Destaque","Escrito por Comunicadores Populares","Pol\u00edticas","Representatividade"],"inLanguage":"pt-BR"},{"@type":"WebPage","@id":"https:\/\/rioonwatch.org.br\/?p=75073","url":"https:\/\/rioonwatch.org.br\/?p=75073","name":"Mulheres Negras no P\u00f3dio! Olimp\u00edadas de Paris 2024, Parte 1: Beatriz Souza, Rebeca Andrade e Ana Patr\u00edcia e Duda S\u00e3o Ouro! - RioOnWatch","isPartOf":{"@id":"https:\/\/rioonwatch.org.br\/#website"},"primaryImageOfPage":{"@id":"https:\/\/rioonwatch.org.br\/?p=75073#primaryimage"},"image":{"@id":"https:\/\/rioonwatch.org.br\/?p=75073#primaryimage"},"thumbnailUrl":"https:\/\/rioonwatch.org.br\/wp-content\/uploads\/2024\/08\/Beatriz-Souza-vence-israelense-e-conquista-medalha-de-ouro-no-judo.-Foto-Alexandre-Loureiro-Comite-Olimpico-Brasileiro.jpg","datePublished":"2024-08-19T12:20:53+00:00","dateModified":"2024-09-09T17:38:55+00:00","breadcrumb":{"@id":"https:\/\/rioonwatch.org.br\/?p=75073#breadcrumb"},"inLanguage":"pt-BR","potentialAction":[{"@type":"ReadAction","target":["https:\/\/rioonwatch.org.br\/?p=75073"]}]},{"@type":"ImageObject","inLanguage":"pt-BR","@id":"https:\/\/rioonwatch.org.br\/?p=75073#primaryimage","url":"https:\/\/rioonwatch.org.br\/wp-content\/uploads\/2024\/08\/Beatriz-Souza-vence-israelense-e-conquista-medalha-de-ouro-no-judo.-Foto-Alexandre-Loureiro-Comite-Olimpico-Brasileiro.jpg","contentUrl":"https:\/\/rioonwatch.org.br\/wp-content\/uploads\/2024\/08\/Beatriz-Souza-vence-israelense-e-conquista-medalha-de-ouro-no-judo.-Foto-Alexandre-Loureiro-Comite-Olimpico-Brasileiro.jpg","width":984,"height":655,"caption":"Beatriz Souza vence israelense e conquista medalha de ouro no jud\u00f4. Foto: Alexandre Loureiro\/Comit\u00ea Ol\u00edmpico Brasileiro"},{"@type":"BreadcrumbList","@id":"https:\/\/rioonwatch.org.br\/?p=75073#breadcrumb","itemListElement":[{"@type":"ListItem","position":1,"name":"In\u00edcio","item":"https:\/\/rioonwatch.org.br\/"},{"@type":"ListItem","position":2,"name":"Mulheres Negras no P\u00f3dio! Olimp\u00edadas de Paris 2024, Parte 1: Beatriz Souza, Rebeca Andrade e Ana Patr\u00edcia e Duda S\u00e3o Ouro!"}]},{"@type":"WebSite","@id":"https:\/\/rioonwatch.org.br\/#website","url":"https:\/\/rioonwatch.org.br\/","name":"RioOnWatch","description":"relatos das favelas cariocas","publisher":{"@id":"https:\/\/rioonwatch.org.br\/#organization"},"potentialAction":[{"@type":"SearchAction","target":{"@type":"EntryPoint","urlTemplate":"https:\/\/rioonwatch.org.br\/?s={search_term_string}"},"query-input":{"@type":"PropertyValueSpecification","valueRequired":true,"valueName":"search_term_string"}}],"inLanguage":"pt-BR"},{"@type":"Organization","@id":"https:\/\/rioonwatch.org.br\/#organization","name":"RioOnWatch","url":"https:\/\/rioonwatch.org.br\/","logo":{"@type":"ImageObject","inLanguage":"pt-BR","@id":"https:\/\/rioonwatch.org.br\/#\/schema\/logo\/image\/","url":"https:\/\/rioonwatch.org.br\/wp-content\/uploads\/2021\/06\/RioOnWatchcabecalhoPT11anos-2.png","contentUrl":"https:\/\/rioonwatch.org.br\/wp-content\/uploads\/2021\/06\/RioOnWatchcabecalhoPT11anos-2.png","width":779,"height":277,"caption":"RioOnWatch"},"image":{"@id":"https:\/\/rioonwatch.org.br\/#\/schema\/logo\/image\/"}},{"@type":"Person","@id":"https:\/\/rioonwatch.org.br\/#\/schema\/person\/feb227e5e7679aacc3d672e375cae1bd","name":"Janaina Tavares","image":{"@type":"ImageObject","inLanguage":"pt-BR","@id":"https:\/\/rioonwatch.org.br\/#\/schema\/person\/image\/","url":"https:\/\/secure.gravatar.com\/avatar\/83bb5bb4f8b0c5ad63f35939640eaaa2?s=96&d=blank&r=g","contentUrl":"https:\/\/secure.gravatar.com\/avatar\/83bb5bb4f8b0c5ad63f35939640eaaa2?s=96&d=blank&r=g","caption":"Janaina Tavares"},"url":"https:\/\/rioonwatch.org.br\/?author=179"}]}},"_links":{"self":[{"href":"https:\/\/rioonwatch.org.br\/index.php?rest_route=\/wp\/v2\/posts\/75073"}],"collection":[{"href":"https:\/\/rioonwatch.org.br\/index.php?rest_route=\/wp\/v2\/posts"}],"about":[{"href":"https:\/\/rioonwatch.org.br\/index.php?rest_route=\/wp\/v2\/types\/post"}],"author":[{"embeddable":true,"href":"https:\/\/rioonwatch.org.br\/index.php?rest_route=\/wp\/v2\/users\/179"}],"replies":[{"embeddable":true,"href":"https:\/\/rioonwatch.org.br\/index.php?rest_route=%2Fwp%2Fv2%2Fcomments&post=75073"}],"version-history":[{"count":86,"href":"https:\/\/rioonwatch.org.br\/index.php?rest_route=\/wp\/v2\/posts\/75073\/revisions"}],"predecessor-version":[{"id":75597,"href":"https:\/\/rioonwatch.org.br\/index.php?rest_route=\/wp\/v2\/posts\/75073\/revisions\/75597"}],"wp:featuredmedia":[{"embeddable":true,"href":"https:\/\/rioonwatch.org.br\/index.php?rest_route=\/wp\/v2\/media\/75158"}],"wp:attachment":[{"href":"https:\/\/rioonwatch.org.br\/index.php?rest_route=%2Fwp%2Fv2%2Fmedia&parent=75073"}],"wp:term":[{"taxonomy":"category","embeddable":true,"href":"https:\/\/rioonwatch.org.br\/index.php?rest_route=%2Fwp%2Fv2%2Fcategories&post=75073"},{"taxonomy":"post_tag","embeddable":true,"href":"https:\/\/rioonwatch.org.br\/index.php?rest_route=%2Fwp%2Fv2%2Ftags&post=75073"},{"taxonomy":"writer","embeddable":true,"href":"https:\/\/rioonwatch.org.br\/index.php?rest_route=%2Fwp%2Fv2%2Fwriter&post=75073"},{"taxonomy":"translator","embeddable":true,"href":"https:\/\/rioonwatch.org.br\/index.php?rest_route=%2Fwp%2Fv2%2Ftranslator&post=75073"},{"taxonomy":"source","embeddable":true,"href":"https:\/\/rioonwatch.org.br\/index.php?rest_route=%2Fwp%2Fv2%2Fsource&post=75073"},{"taxonomy":"ilustrador","embeddable":true,"href":"https:\/\/rioonwatch.org.br\/index.php?rest_route=%2Fwp%2Fv2%2Filustrador&post=75073"},{"taxonomy":"fotografo","embeddable":true,"href":"https:\/\/rioonwatch.org.br\/index.php?rest_route=%2Fwp%2Fv2%2Ffotografo&post=75073"}],"curies":[{"name":"wp","href":"https:\/\/api.w.org\/{rel}","templated":true}]}}