{"id":76504,"date":"2024-12-12T13:13:42","date_gmt":"2024-12-12T16:13:42","guid":{"rendered":"https:\/\/rioonwatch.org.br\/?p=76504"},"modified":"2025-02-23T20:25:39","modified_gmt":"2025-02-23T23:25:39","slug":"complexo-do-lins-e-complexo-do-18-estao-na-apa-dos-pretos-forros-e-possuem-historico-de-deslizamentos-mas-so-um-tem-sirenes","status":"publish","type":"post","link":"https:\/\/rioonwatch.org.br\/?p=76504","title":{"rendered":"Complexo do Lins e Complexo do 18 Est\u00e3o na APA dos Pretos Forros e Possuem Hist\u00f3rico de Deslizamentos: Mas S\u00f3 Um Tem Sirenes"},"content":{"rendered":"<figure id=\"attachment_76620\" aria-describedby=\"caption-attachment-76620\" style=\"width: 2546px\" class=\"wp-caption aligncenter\"><a href=\"https:\/\/rioonwatch.org.br\/wp-content\/uploads\/2024\/12\/Manutencao-sirenes-pela-prefeitura.png\"><img fetchpriority=\"high\" decoding=\"async\" class=\"wp-image-76620 size-full\" title=\"Manuten\u00e7\u00e3o de sirenes em 2022 no Complexo do Lins. Foto: Prefeitura do Rio de Janeiro\" src=\"https:\/\/rioonwatch.org.br\/wp-content\/uploads\/2024\/12\/Manutencao-sirenes-pela-prefeitura.png\" alt=\"Manuten\u00e7\u00e3o de sirenes em 2022 no Complexo do Lins. Foto: Prefeitura do Rio de Janeiro\" width=\"2546\" height=\"1501\" srcset=\"https:\/\/rioonwatch.org.br\/wp-content\/uploads\/2024\/12\/Manutencao-sirenes-pela-prefeitura.png 2546w, https:\/\/rioonwatch.org.br\/wp-content\/uploads\/2024\/12\/Manutencao-sirenes-pela-prefeitura-620x366.png 620w, https:\/\/rioonwatch.org.br\/wp-content\/uploads\/2024\/12\/Manutencao-sirenes-pela-prefeitura-768x453.png 768w, https:\/\/rioonwatch.org.br\/wp-content\/uploads\/2024\/12\/Manutencao-sirenes-pela-prefeitura-1536x906.png 1536w, https:\/\/rioonwatch.org.br\/wp-content\/uploads\/2024\/12\/Manutencao-sirenes-pela-prefeitura-2048x1207.png 2048w\" sizes=\"(max-width: 2546px) 100vw, 2546px\" \/><\/a><figcaption id=\"caption-attachment-76620\" class=\"wp-caption-text\">Manuten\u00e7\u00e3o de sirenes em 2022 no Complexo do Lins. Foto: Prefeitura do Rio de Janeiro<\/figcaption><\/figure>\n<p style=\"text-align: right;\"><em><strong><a href=\"https:\/\/bit.ly\/407Tuwr\" target=\"_blank\" rel=\"noopener noreferrer\">Click Here for English<\/a><a href=\"https:\/\/bit.ly\/407Tuwr\" rel=\"noopener noreferrer\"><img decoding=\"async\" class=\"alignright wp-image-15790\" src=\"http:\/\/rioonwatch.org.br\/wp-content\/uploads\/2012\/08\/EN-standard-e1439583104716.jpg\" alt=\"\" width=\"20\" height=\"20\" \/><\/a><\/strong><\/em><\/p>\n<p><em><a href=\"https:\/\/rioonwatch.org\/wp-content\/uploads\/2019\/08\/BehnerStiefel.png\" target=\"_blank\" rel=\"noopener\"><img decoding=\"async\" class=\"alignright wp-image-55315\" src=\"https:\/\/rioonwatch.org\/wp-content\/uploads\/2019\/08\/BehnerStiefel.png\" sizes=\"(max-width: 200px) 100vw, 200px\" srcset=\"https:\/\/rioonwatch.org\/wp-content\/uploads\/2019\/08\/BehnerStiefel.png 1934w, https:\/\/rioonwatch.org\/wp-content\/uploads\/2019\/08\/BehnerStiefel-300x102.png 300w, https:\/\/rioonwatch.org\/wp-content\/uploads\/2019\/08\/BehnerStiefel-768x261.png 768w, https:\/\/rioonwatch.org\/wp-content\/uploads\/2019\/08\/BehnerStiefel-1024x348.png 1024w\" alt=\"Centro Behner Stiefel de Estudos Brasileiros\" width=\"200\" height=\"68\" \/><\/a><\/em><\/p>\n<p><em>Esta mat\u00e9ria faz parte de uma\u00a0<a href=\"https:\/\/bit.ly\/SerieSDSU\" target=\"_blank\" rel=\"noopener noreferrer\">s\u00e9rie<\/a>\u00a0gerada por uma parceria com o\u00a0<a href=\"https:\/\/bit.ly\/SDSUDigitalBrazilProject\" target=\"_blank\" rel=\"noopener noreferrer\">Digital Brazil Project<\/a>\u00a0do\u00a0<a href=\"http:\/\/bit.ly\/2zcymI6\" target=\"_blank\" rel=\"noopener noreferrer\">Centro Behner Stiefel de Estudos Brasileiros<\/a>\u00a0da Universidade Estadual de San Diego na Calif\u00f3rnia, para produzir mat\u00e9rias sobre justi\u00e7a ambiental nas favelas fluminenses.<\/em><\/p>\n<p><span style=\"font-weight: 400;\">Nos \u00faltimos anos, as <\/span><a href=\"https:\/\/bit.ly\/3RnfGNB\" target=\"_blank\" rel=\"noopener\">mudan\u00e7as clim\u00e1ticas<\/a><span style=\"font-weight: 400;\"> t\u00eam intensificado os <\/span><a href=\"https:\/\/bit.ly\/2TmZjUf\" target=\"_blank\" rel=\"noopener\">deslizamentos de terra<\/a><span style=\"font-weight: 400;\"> na cidade do Rio de Janeiro, um problema que afeta milhares de pessoas, entre eles moradores das favelas do <\/span><a href=\"https:\/\/bit.ly\/3brxQcN\" target=\"_blank\" rel=\"noopener\">Complexo do Lins<\/a> e do <a href=\"https:\/\/bit.ly\/3QPS4C2\" target=\"_blank\" rel=\"noopener\">Complexo do 18<\/a>, na <a href=\"https:\/\/bit.ly\/2ETpYR1\" target=\"_blank\" rel=\"noopener\">Zona Norte<\/a><span style=\"font-weight: 400;\">. O <a href=\"https:\/\/rioonwatch.org.br\/?p=43137\">aumento da intensidade das chuvas<\/a> tem saturado o solo das encostas, tornando-as mais suscept\u00edveis a deslizamentos.<\/span><\/p>\n<p><span style=\"font-weight: 400;\">O <\/span><a href=\"https:\/\/bit.ly\/3BiEaUb\" target=\"_blank\" rel=\"noopener\">desmatamento e a urbaniza\u00e7\u00e3o baseada no asfalto<\/a> s\u00f3 <a href=\"https:\/\/bit.ly\/4ePEXd2\">exacerbam os efeitos destas chuvas intensas<\/a>. A remo\u00e7\u00e3o da vegeta\u00e7\u00e3o reduz a capacidade do solo de absorver \u00e1gua, enquanto o asfalto e cimento impermeabilizam o solo. Entre outras \u00e1reas, o <a href=\"https:\/\/bit.ly\/3Ycds8d\" target=\"_blank\" rel=\"noopener\">Maci\u00e7o da Tijuca<\/a><span style=\"font-weight: 400;\">, uma das mais importantes forma\u00e7\u00f5es geol\u00f3gicas e ecol\u00f3gicas do Rio de Janeiro, \u00e9 diretamente afetado. \u00c9<\/span>\u00a0lar de algumas das mais ic\u00f4nicas paisagens cariocas, como o <a href=\"https:\/\/bit.ly\/3B8vJL1\" target=\"_blank\" rel=\"noopener\">Corcovado<\/a> e a <a href=\"https:\/\/bit.ly\/3ZfCzGq\" target=\"_blank\" rel=\"noopener\">Pedra da G\u00e1vea<\/a>, mas se extende at\u00e9 o sub\u00farbio carioca. Tamb\u00e9m \u00e9 um ref\u00fagio de biodiversidade, abrigando uma rica variedade de flora e fauna da <a href=\"https:\/\/bit.ly\/3h5TGpv\" target=\"_blank\" rel=\"noopener\">Mata Atl\u00e2ntica<\/a>. O maci\u00e7o est\u00e1 inserido no <a href=\"https:\/\/bit.ly\/49qIs8x\" target=\"_blank\" rel=\"noopener\">Parque Nacional da Tijuca<\/a>, que oferece uma vasta gama de atividades para os amantes da natureza e do esporte.<\/p>\n<figure id=\"attachment_76591\" aria-describedby=\"caption-attachment-76591\" style=\"width: 1998px\" class=\"wp-caption aligncenter\"><a href=\"https:\/\/rioonwatch.org.br\/wp-content\/uploads\/2024\/12\/Serra-dos-Pretos-Forros-parte-do-Macico-da-Tijuca-com-a-Zona-Norte-ao-fundo.-Foto-Veronica-Beck.jpg\"><img loading=\"lazy\" decoding=\"async\" class=\"wp-image-76591 size-full\" title=\"Serra dos Pretos Forros, parte do Maci\u00e7o da Tijuca, com a Zona Norte ao fundo. Foto: Veronica Beck\" src=\"https:\/\/rioonwatch.org.br\/wp-content\/uploads\/2024\/12\/Serra-dos-Pretos-Forros-parte-do-Macico-da-Tijuca-com-a-Zona-Norte-ao-fundo.-Foto-Veronica-Beck.jpg\" alt=\"Serra dos Pretos Forros, parte do Maci\u00e7o da Tijuca, com a Zona Norte ao fundo. Foto: Veronica Beck\" width=\"1998\" height=\"900\" srcset=\"https:\/\/rioonwatch.org.br\/wp-content\/uploads\/2024\/12\/Serra-dos-Pretos-Forros-parte-do-Macico-da-Tijuca-com-a-Zona-Norte-ao-fundo.-Foto-Veronica-Beck.jpg 1998w, https:\/\/rioonwatch.org.br\/wp-content\/uploads\/2024\/12\/Serra-dos-Pretos-Forros-parte-do-Macico-da-Tijuca-com-a-Zona-Norte-ao-fundo.-Foto-Veronica-Beck-620x279.jpg 620w, https:\/\/rioonwatch.org.br\/wp-content\/uploads\/2024\/12\/Serra-dos-Pretos-Forros-parte-do-Macico-da-Tijuca-com-a-Zona-Norte-ao-fundo.-Foto-Veronica-Beck-768x346.jpg 768w, https:\/\/rioonwatch.org.br\/wp-content\/uploads\/2024\/12\/Serra-dos-Pretos-Forros-parte-do-Macico-da-Tijuca-com-a-Zona-Norte-ao-fundo.-Foto-Veronica-Beck-1536x692.jpg 1536w\" sizes=\"(max-width: 1998px) 100vw, 1998px\" \/><\/a><figcaption id=\"caption-attachment-76591\" class=\"wp-caption-text\">Serra dos Pretos Forros, parte do Maci\u00e7o da Tijuca, com a Zona Norte ao fundo. Foto: Veronica Beck<\/figcaption><\/figure>\n<p>Menos conhecido, o Maci\u00e7o da Tijuca tamb\u00e9m cont\u00e9m a \u00c1rea de Prote\u00e7\u00e3o Ambiental (<a href=\"https:\/\/bit.ly\/3BhlX9k\" target=\"_blank\" rel=\"noopener\">APA<\/a>) da <a href=\"https:\/\/bit.ly\/4ioq04p\" target=\"_blank\" rel=\"noopener\">Serra dos Pretos Forros<\/a>, que se estende entre os bairros de <a href=\"https:\/\/bit.ly\/41pN0u1\" target=\"_blank\" rel=\"noopener\">\u00c1gua Santa<\/a> e <a href=\"https:\/\/bit.ly\/4g8kUbc\" target=\"_blank\" rel=\"noopener\">Lins de Vasconcelos<\/a>, servindo como um divisor natural entre <a href=\"https:\/\/bit.ly\/3cEuW2M\" target=\"_blank\" rel=\"noopener\">Jacarepagu\u00e1<\/a> e o <a href=\"https:\/\/bit.ly\/3D9krGZ\" target=\"_blank\" rel=\"noopener\">Grande M\u00e9ier<\/a>, entre as zonas <a href=\"https:\/\/bit.ly\/2x3k8bw\" target=\"_blank\" rel=\"noopener\">Oeste<\/a> e Norte. Criada em 2000, a APA busca\u00a0proteger essa regi\u00e3o, que abrange 2.645,7 hectares. A Serra dos Pretos Forros recebeu este nome porque era um local onde pessoas negras escravizadas buscavam abrigo, formando <a href=\"https:\/\/bit.ly\/34mhrnh\" target=\"_blank\" rel=\"noopener\">quilombos<\/a> e, posteriormente, in\u00fameras favelas na Serra, entre elas o Complexo do Lins e o Complexo do 18.<\/p>\n<figure id=\"attachment_76590\" aria-describedby=\"caption-attachment-76590\" style=\"width: 1067px\" class=\"wp-caption aligncenter\"><a href=\"https:\/\/rioonwatch.org.br\/wp-content\/uploads\/2024\/12\/APA-da-Serra-dos-Pretos-Forros-com-seus-limites.-Mapa-Google-Earth.jpg\"><img loading=\"lazy\" decoding=\"async\" class=\"wp-image-76590 size-full\" title=\"APA da Serra dos Pretos Forros, com seus limites demarcados em no mapa, est\u00e1 no cora\u00e7\u00e3o do Rio de Janeiro e separa o sub\u00farbio da Zona Norte da Zona Oeste. A via expressa Linha Amarela tamb\u00e9m est\u00e1 apontada no mapa e cruza por dentro desta parte do Maci\u00e7o da Tijuca atrav\u00e9s de um t\u00fanel. Mapa: Google Earth\" src=\"https:\/\/rioonwatch.org.br\/wp-content\/uploads\/2024\/12\/APA-da-Serra-dos-Pretos-Forros-com-seus-limites.-Mapa-Google-Earth.jpg\" alt=\"APA da Serra dos Pretos Forros, com seus limites demarcados em no mapa, est\u00e1 no cora\u00e7\u00e3o do Rio de Janeiro e separa o sub\u00farbio da Zona Norte da Zona Oeste. A via expressa Linha Amarela tamb\u00e9m est\u00e1 apontada no mapa e cruza por dentro desta parte do Maci\u00e7o da Tijuca atrav\u00e9s de um t\u00fanel. Mapa: Google Earth\" width=\"1067\" height=\"624\" srcset=\"https:\/\/rioonwatch.org.br\/wp-content\/uploads\/2024\/12\/APA-da-Serra-dos-Pretos-Forros-com-seus-limites.-Mapa-Google-Earth.jpg 1067w, https:\/\/rioonwatch.org.br\/wp-content\/uploads\/2024\/12\/APA-da-Serra-dos-Pretos-Forros-com-seus-limites.-Mapa-Google-Earth-620x363.jpg 620w, https:\/\/rioonwatch.org.br\/wp-content\/uploads\/2024\/12\/APA-da-Serra-dos-Pretos-Forros-com-seus-limites.-Mapa-Google-Earth-768x449.jpg 768w\" sizes=\"(max-width: 1067px) 100vw, 1067px\" \/><\/a><figcaption id=\"caption-attachment-76590\" class=\"wp-caption-text\">APA da Serra dos Pretos Forros, com seus limites demarcados em no mapa, est\u00e1 no cora\u00e7\u00e3o do Rio de Janeiro e separa o sub\u00farbio da Zona Norte da Zona Oeste. A via expressa Linha Amarela tamb\u00e9m est\u00e1 apontada no mapa e cruza por dentro desta parte do Maci\u00e7o da Tijuca atrav\u00e9s de um t\u00fanel. Mapa: Google Earth<\/figcaption><\/figure>\n<p><span style=\"font-weight: 400;\">O Complexo do Lins \u00e9 formado pelas comunidades: Outero, <a href=\"https:\/\/bit.ly\/2NO29gQ\" target=\"_blank\" rel=\"noopener\">Camarista M\u00e9ier<\/a>, Ouro Preto, Pretos Forros, Morro do C\u00e9u, Morro Nossa Senhora da Guia, Santa Terezinha, Morro da Cachoeira Grande, Morro da Cotia, Cachoeirinha, Dona Francisca, Morro do Amor, Barro Preto, Vila Cabu\u00e7u, Barro Vermelho, Morro da Bacia e Morro do Encontro. <\/span><\/p>\n<p><span style=\"font-weight: 400;\">J\u00e1 o Complexo do 18 \u00e9 formado por: Morro do 18, <a href=\"https:\/\/bit.ly\/3B80FuR\" target=\"_blank\" rel=\"noopener\">Morro do Gamb\u00e1<\/a>, Morro do Encontro, Lemos de Brito e Sa\u00e7u. A popula\u00e7\u00e3o de ambos complexos foi impactada nos \u00faltimos anos pelas chuvas extremas e deslizamentos de terra.\u00a0<\/span><\/p>\n<h3>Longe do Ideal: Comunidades Pr\u00f3ximas com Realidades Diferentes<\/h3>\n<p><span style=\"font-weight: 400;\">Apesar de estarem localizadas na mesma APA e de serem complexos vizinhos, a realidade de uma \u00e9 bem diferente da outra quando se fala de <a href=\"https:\/\/rioonwatch.org.br\/?p=44116\">interven\u00e7\u00f5es p\u00fablicas para mitigar as emerg\u00eancias clim\u00e1ticas<\/a>. Enquanto no Complexo do Lins h\u00e1 sirenes instaladas, ponto de acolhimento, obras de conten\u00e7\u00e3o na <a href=\"https:\/\/bit.ly\/4g1Fmdk\" target=\"_blank\" rel=\"noopener\">Estrada Graja\u00fa-Jacarepagu\u00e1<\/a><\/span><span style=\"font-weight: 400;\"> e treinamento dos moradores para situa\u00e7\u00f5es de emerg\u00eancia clim\u00e1tica, no Complexo do 18 n\u00e3o h\u00e1 nada disso.<\/span><\/p>\n<p><span style=\"font-weight: 400;\">Morador e presidente do <\/span><a href=\"https:\/\/bit.ly\/4g70kHG\" target=\"_blank\" rel=\"noopener\">Projeto Social Fam\u00edlia 18<\/a><span style=\"font-weight: 400;\">, o pedagogo Lucas Prates conta que, al\u00e9m de n\u00e3o haver sirenes no Complexo do 18, nunca foi realizado treinamento ou simula\u00e7\u00e3o para preven\u00e7\u00e3o de acidentes, mesmo com in\u00fameras solicita\u00e7\u00f5es realizadas pelos moradores.<\/span><\/p>\n<blockquote><p><span style=\"font-weight: 400;\">\u201c<\/span><span style=\"font-weight: 400;\">A comunidade tem um hist\u00f3rico de casas desocupadas pela Defesa Civil por causa de deslizamentos. Nos \u00faltimos cinco anos, ocorreram quatro incidentes graves de deslizamento com queda de barreiras e interdi\u00e7\u00e3o total ou parcial de quatro casas<\/span><span style=\"font-weight: 400;\">.\u201d \u2014 Lucas Prates<\/span><\/p><\/blockquote>\n<p><b><\/b>Segundo Lucas, aconteceu algo inimagin\u00e1vel: o barranco cedeu e arrastou pedras e paredes de uma antiga casa j\u00e1 demolida anteriormente pela Defesa Civil. Esses escombros carreados pelo deslizamento atingiram uma outra casa, que ficou destru\u00edda.<\/p>\n<figure id=\"attachment_76621\" aria-describedby=\"caption-attachment-76621\" style=\"width: 1040px\" class=\"wp-caption aligncenter\"><a href=\"https:\/\/rioonwatch.org.br\/wp-content\/uploads\/2024\/12\/Barranco-cedeu.png\"><img loading=\"lazy\" decoding=\"async\" class=\"wp-image-76621 size-full\" title=\"Segundo Lucas, o barranco cedeu e arrastou pedras e paredes de uma antiga casa j\u00e1 demolida anteriormente pela Defesa Civil, que dessa vez atingiu uma outra casa. Foto: Lucas Prates\/Projeto Social Fam\u00edlia 18\" src=\"https:\/\/rioonwatch.org.br\/wp-content\/uploads\/2024\/12\/Barranco-cedeu.png\" alt=\"Segundo Lucas, o barranco cedeu e arrastou pedras e paredes de uma antiga casa j\u00e1 demolida anteriormente pela Defesa Civil, que dessa vez atingiu uma outra casa. Foto: Lucas Prates\/Projeto Social Fam\u00edlia 18\" width=\"1040\" height=\"536\" srcset=\"https:\/\/rioonwatch.org.br\/wp-content\/uploads\/2024\/12\/Barranco-cedeu.png 1040w, https:\/\/rioonwatch.org.br\/wp-content\/uploads\/2024\/12\/Barranco-cedeu-620x320.png 620w, https:\/\/rioonwatch.org.br\/wp-content\/uploads\/2024\/12\/Barranco-cedeu-768x396.png 768w\" sizes=\"(max-width: 1040px) 100vw, 1040px\" \/><\/a><figcaption id=\"caption-attachment-76621\" class=\"wp-caption-text\">Segundo Lucas, o barranco cedeu e arrastou pedras e paredes de uma antiga casa j\u00e1 demolida anteriormente pela Defesa Civil, que dessa vez atingiu uma outra casa. Foto: Lucas Prates\/Projeto Social Fam\u00edlia 18<\/figcaption><\/figure>\n<p>Criado na comunidade Cachoeira Grande, uma das favelas do Complexo do Lins, o assistente social Rafael Sousa relata que h\u00e1 sirenes na maioria das favelas do Complexo. Rafael, tamb\u00e9m fundador da <em><a href=\"https:\/\/bit.ly\/4ieusTe\" target=\"_blank\" rel=\"noopener\">Voz do Lins<\/a><\/em>, conta que algumas sirenes estavam com problemas de manuten\u00e7\u00e3o, mas que j\u00e1 foram consertadas. Segundo ele, nos \u00faltimos seis anos, houve apenas uma simula\u00e7\u00e3o de evacua\u00e7\u00e3o para os pontos de apoio espalhados pela favela.<\/p>\n<blockquote><p>\u201cDe modo geral, j\u00e1 aconteceram diversos deslizamentos, tanto de pedras, que interditaram grandes \u00e1reas, quanto de barrancos, chegando a soterrar algumas pessoas no passado, mas sem v\u00edtimas fatais. Sobre a quantidade de domic\u00edlios afetados, n\u00e3o tenho como precisar o n\u00famero. Ao longo de 30 anos, muitas casas foram afetadas e, \u00e0s vezes, um deslizamento fecha um caminho ou interdita uma rua. Nem sempre as casas s\u00e3o afetadas diretamente, mas em v\u00e1rias situa\u00e7\u00f5es foram.\u201d \u2014 Rafael Sousa<\/p><\/blockquote>\n<p><span style=\"font-weight: 400;\">Em <\/span><a href=\"https:\/\/bit.ly\/4iqaJQD\" target=\"_blank\" rel=\"noopener\"><span style=\"font-weight: 400;\">maio de 2023<\/span><\/a>, <span style=\"font-weight: 400;\">houve um deslizamento de terra no Morro da Cotia, no Complexo do Lins. Oito pessoas ficaram feridas e uma faleceu. Dos feridos, sete eram menores de idade, sendo quatro crian\u00e7as pequenas. Todos eram da mesma fam\u00edlia, que teve a casa destru\u00edda e outras duas ficaram interditadas. Segundo o <a href=\"https:\/\/bit.ly\/3CMHqYq\" target=\"_blank\" rel=\"noopener\">Painel Clim\u00e1tico da Casa Fluminense<\/a>, os c<\/span><span style=\"font-weight: 400;\">omplexos do Lins e do 18, juntos, possuem 328 domic\u00edlios em \u00e1reas de risco de deslizamento<strong>.<\/strong><\/span><\/p>\n<p>O <a href=\"https:\/\/bit.ly\/3OxRXcm\" target=\"_blank\" rel=\"noopener\">Mapa de Risco Alto para Inunda\u00e7\u00f5es e Deslizamentos<\/a>, produzido pela <a href=\"https:\/\/bit.ly\/2qmYcYQ\" target=\"_blank\" rel=\"noopener\">Casa Fluminense<\/a>, indica que o Complexo do 18 possui 81 domic\u00edlios em \u00e1rea de risco de deslizamento. Desses, mais da metade est\u00e3o localizados na Favela Lemos de Brito, em <a href=\"https:\/\/bit.ly\/3l6LoC5\" target=\"_blank\" rel=\"noopener\">Quintino Bocai\u00fava<\/a>, com 42 domic\u00edlios em \u00e1rea de risco de deslizamento. <span style=\"font-weight: 400;\">De forma geral, o mapa mostra que <\/span>70% das pessoas afetadas por eventos clim\u00e1ticos extremos, como fortes chuvas e deslizamentos, residem em \u00e1reas de alto risco, e que 60% dos internados por doen\u00e7as de veicula\u00e7\u00e3o h\u00eddrica s\u00e3o negros, evidenciando a interse\u00e7\u00e3o entre <a href=\"https:\/\/bit.ly\/2XvPcl5\" target=\"_blank\" rel=\"noopener\">racismo ambiental<\/a> e <a href=\"https:\/\/bit.ly\/SerieJusticaClimatica\" target=\"_blank\" rel=\"noopener\">injusti\u00e7a clim\u00e1tica<\/a>.<\/p>\n<figure id=\"attachment_76622\" aria-describedby=\"caption-attachment-76622\" style=\"width: 852px\" class=\"wp-caption aligncenter\"><a href=\"https:\/\/rioonwatch.org.br\/wp-content\/uploads\/2024\/12\/Complexo-18-captura.png\"><img loading=\"lazy\" decoding=\"async\" class=\"wp-image-76622 size-full\" title=\"Captura de tela do mapa de domic\u00edlios em \u00e1reas de risco de deslizamento na regi\u00e3o do Complexo do 18. Fonte: Casa Fluminense\" src=\"https:\/\/rioonwatch.org.br\/wp-content\/uploads\/2024\/12\/Complexo-18-captura.png\" alt=\"Captura de tela do mapa de domic\u00edlios em \u00e1reas de risco de deslizamento na regi\u00e3o do Complexo do 18. Fonte: Casa Fluminense\" width=\"852\" height=\"504\" srcset=\"https:\/\/rioonwatch.org.br\/wp-content\/uploads\/2024\/12\/Complexo-18-captura.png 852w, https:\/\/rioonwatch.org.br\/wp-content\/uploads\/2024\/12\/Complexo-18-captura-620x367.png 620w, https:\/\/rioonwatch.org.br\/wp-content\/uploads\/2024\/12\/Complexo-18-captura-768x454.png 768w\" sizes=\"(max-width: 852px) 100vw, 852px\" \/><\/a><figcaption id=\"caption-attachment-76622\" class=\"wp-caption-text\">Captura de tela do mapa de domic\u00edlios em \u00e1reas de risco de deslizamento na regi\u00e3o do Complexo do 18. Fonte: Casa Fluminense<\/figcaption><\/figure>\n<p>J\u00e1 no Complexo do Lins s\u00e3o 411 domic\u00edlios localizados em \u00e1rea de risco de deslizamento. Desses, 247 est\u00e3o localizados nas comunidades Dona Franciscana, Barro Preto e Cabu\u00e7u, localizados em Lins de Vasconcelos. Se juntarmos os dois complexos, teremos 328 domic\u00edlios em \u00e1reas de risco de deslizamento.<\/p>\n<figure id=\"attachment_76586\" aria-describedby=\"caption-attachment-76586\" style=\"width: 852px\" class=\"wp-caption aligncenter\"><a href=\"https:\/\/rioonwatch.org.br\/wp-content\/uploads\/2024\/12\/Complexo-do-Lins-Captura-de-Tela-do-Mapa-de-Domicilios-em-areas-de-risco-de-deslizamento-feito-pela-Casa-Fluminense.jpg\"><img loading=\"lazy\" decoding=\"async\" class=\"wp-image-76586\" title=\"Captura de Tela do Mapa de Domic\u00edlios em \u00e1reas de risco de deslizamento na regi\u00e3o do Complexo do Lins. Fonte: Casa Fluminense\" src=\"https:\/\/rioonwatch.org.br\/wp-content\/uploads\/2024\/12\/Complexo-do-Lins-Captura-de-Tela-do-Mapa-de-Domicilios-em-areas-de-risco-de-deslizamento-feito-pela-Casa-Fluminense.jpg\" alt=\"Captura de Tela do Mapa de Domic\u00edlios em \u00e1reas de risco de deslizamento na regi\u00e3o do Complexo do Lins. Fonte: Casa Fluminense\" width=\"852\" height=\"389\" srcset=\"https:\/\/rioonwatch.org.br\/wp-content\/uploads\/2024\/12\/Complexo-do-Lins-Captura-de-Tela-do-Mapa-de-Domicilios-em-areas-de-risco-de-deslizamento-feito-pela-Casa-Fluminense.jpg 1031w, https:\/\/rioonwatch.org.br\/wp-content\/uploads\/2024\/12\/Complexo-do-Lins-Captura-de-Tela-do-Mapa-de-Domicilios-em-areas-de-risco-de-deslizamento-feito-pela-Casa-Fluminense-620x283.jpg 620w, https:\/\/rioonwatch.org.br\/wp-content\/uploads\/2024\/12\/Complexo-do-Lins-Captura-de-Tela-do-Mapa-de-Domicilios-em-areas-de-risco-de-deslizamento-feito-pela-Casa-Fluminense-768x351.jpg 768w\" sizes=\"(max-width: 852px) 100vw, 852px\" \/><\/a><figcaption id=\"caption-attachment-76586\" class=\"wp-caption-text\">Captura de tela do mapa de domic\u00edlios em \u00e1reas de risco de deslizamento na regi\u00e3o do Complexo do Lins. Fonte: Casa Fluminense<\/figcaption><\/figure>\n<p>O mapa utilizou os endere\u00e7os recenseados pelo <a href=\"https:\/\/bit.ly\/3WlbsZr\" target=\"_blank\" rel=\"noopener\">Censo Demogr\u00e1fico 2022<\/a>, do Instituto Brasileiro de Geografia e Estat\u00edstica (<a href=\"https:\/\/bit.ly\/2VttR6f\" target=\"_blank\" rel=\"noopener\">IBGE<\/a>) na regi\u00e3o metropolitana do Rio de Janeiro e sua rela\u00e7\u00e3o com as cartas de susceptibilidade a movimentos gravitacionais de massa e inunda\u00e7\u00f5es, disponibilizadas na escala municipal, pelo Servi\u00e7o Geol\u00f3gico do Brasil (<a href=\"https:\/\/bit.ly\/3CPcWVL\" target=\"_blank\" rel=\"noopener\">SGB<\/a>).<\/p>\n<p>Estima-se que os danos causados por deslizamentos e inunda\u00e7\u00f5es na Regi\u00e3o Metropolitana do Rio de Janeiro somam mais de R$500 milh\u00f5es nos \u00faltimos cinco anos. O painel tamb\u00e9m mostra que um a cada cinco lares fluminenses est\u00e3o em \u00e1reas de alto risco de inunda\u00e7\u00e3o, um a cada 100 lares est\u00e3o em \u00e1reas de alto risco de deslizamento e 3 milh\u00f5es de pessoas s\u00e3o afetadas com eventos de fortes chuvas.<\/p>\n<p>Rafael relata que houve um deslizamento h\u00e1 cerca de dois anos, mas foi por motivos n\u00e3o naturais, devido a uma infiltra\u00e7\u00e3o em uma \u00e1rea de risco geot\u00e9cnico no Morro da Cotia. O deslizamento causou um \u00f3bito.<\/p>\n<blockquote><p>\u201cSobre a situa\u00e7\u00e3o dos moradores, depende da comunidade. Algumas s\u00e3o muito mais suscet\u00edveis a deslizamentos, como Boca do Mato, Morro do C\u00e9u, Morro da Cotia, Encontro, Cachoeira Grande, parte da Cachoeirinha, Barro Preto e Vila Cabu\u00e7u. Essas \u00e1reas s\u00e3o mais inclinadas e t\u00eam muitos cursos d\u2019\u00e1gua, o que aumenta o risco de deslizamentos. Nessas comunidades, as pessoas ficam mais preocupadas com a possibilidade de deslizamentos.\u201d \u2014 Rafael Sousa<\/p><\/blockquote>\n<figure id=\"attachment_76583\" aria-describedby=\"caption-attachment-76583\" style=\"width: 300px\" class=\"wp-caption alignright\"><a href=\"https:\/\/rioonwatch.org.br\/wp-content\/uploads\/2024\/12\/Lucas-relata-que-o-barranco-da-base-de-uma-casa-cedeu-atingindo-a-casa-abaixo.jpeg\"><img loading=\"lazy\" decoding=\"async\" class=\"wp-image-76583\" title=\"Lucas relata que o barranco da base de uma casa cedeu, atingindo a casa abaixo, interditando o caminho por meses. Ele conta que a casa branca abaixo tem uma marca\u00e7\u00e3o na parede, sendo altura que o barro chegou. Foto: Lucas Prates\/Projeto Social Fam\u00edlia 18\" src=\"https:\/\/rioonwatch.org.br\/wp-content\/uploads\/2024\/12\/Lucas-relata-que-o-barranco-da-base-de-uma-casa-cedeu-atingindo-a-casa-abaixo-465x620.jpeg\" alt=\"Lucas relata que o barranco da base de uma casa cedeu, atingindo a casa abaixo, interditando o caminho por meses. Ele conta que a casa branca abaixo tem uma marca\u00e7\u00e3o na parede, sendo altura que o barro chegou. Foto: Lucas Prates\/Projeto Social Fam\u00edlia 18\" width=\"300\" height=\"400\" srcset=\"https:\/\/rioonwatch.org.br\/wp-content\/uploads\/2024\/12\/Lucas-relata-que-o-barranco-da-base-de-uma-casa-cedeu-atingindo-a-casa-abaixo-465x620.jpeg 465w, https:\/\/rioonwatch.org.br\/wp-content\/uploads\/2024\/12\/Lucas-relata-que-o-barranco-da-base-de-uma-casa-cedeu-atingindo-a-casa-abaixo-768x1024.jpeg 768w, https:\/\/rioonwatch.org.br\/wp-content\/uploads\/2024\/12\/Lucas-relata-que-o-barranco-da-base-de-uma-casa-cedeu-atingindo-a-casa-abaixo.jpeg 780w\" sizes=\"(max-width: 300px) 100vw, 300px\" \/><\/a><figcaption id=\"caption-attachment-76583\" class=\"wp-caption-text\">Lucas relata que o barranco da base de uma casa cedeu, atingindo a casa abaixo, interditando o caminho por meses. Ele conta que a casa branca abaixo tem uma marca\u00e7\u00e3o na parede, sendo altura que o barro chegou. Foto: Lucas Prates\/Projeto Social Fam\u00edlia 18<\/figcaption><\/figure>\n<p><span style=\"font-weight: 400;\">Lucas conta que tr\u00eas fam\u00edlias foram removidas de suas casas e perderam boa parte das mob\u00edlias. Ele ressalta que frequentemente h\u00e1 incidentes de quedas de \u00e1rvores destruindo total ou parcialmente casas. Algumas pessoas buscam ref\u00fagios em casa de parentes em dias com maiores chuvas, raios e ventanias fortes, parte da <a href=\"https:\/\/bit.ly\/49AL0jn\" target=\"_blank\" rel=\"noopener\">ansiedade clim\u00e1tica<\/a>.<\/span><\/p>\n<blockquote><p><span style=\"font-weight: 400;\">\u201c<\/span><span style=\"font-weight: 400;\">O mais recente ocorreu no ver\u00e3o desse ano, onde um grande deslizamento na Rua La\u00eds Areda colocou em risco algumas casas na comunidade e, no mesmo per\u00edodo, mas em regi\u00e3o de mata, outro grande deslizamento afetou o abastecimento de \u00e1gua da comunidade por dias<\/span><span style=\"font-weight: 400;\">.\u201d \u2014 Lucas Prates<\/span><\/p><\/blockquote>\n<p>Lucas relata que o barranco da base de uma casa cedeu, atingindo a casa abaixo, interditando o caminho por meses. Ele conta que a casa branca abaixo tem uma marca\u00e7\u00e3o na parede, que mostra a altura que o barro chegou no \u00faltimo deslizamento.<\/p>\n<h3>Nenhuma Sirene Instalada na Atual Administra\u00e7\u00e3o Municipal (2021-2024)<\/h3>\n<p>Questionada via <a href=\"https:\/\/bit.ly\/3QN9b6o\" target=\"_blank\" rel=\"noopener\">Lei de Acesso \u00e0 Informa\u00e7\u00e3o<\/a>, a Prefeitura da Cidade do Rio de Janeiro <a href=\"https:\/\/bit.ly\/3BpJy7Q\" target=\"_blank\" rel=\"noopener\">informou<\/a> que o Sistema de Alarme Sonoro \u00e9 composto por 164 esta\u00e7\u00f5es sonoras e que todas est\u00e3o funcionando. Na resposta, a Prefeitura afirma n\u00e3o haver solicita\u00e7\u00f5es para instala\u00e7\u00e3o de novas sirenes e que, na atual administra\u00e7\u00e3o municipal, n\u00e3o houve instala\u00e7\u00f5es, apenas manuten\u00e7\u00e3o das sirenes j\u00e1 existentes e treinamentos.<\/p>\n<blockquote><p>\u201cA implanta\u00e7\u00e3o das esta\u00e7\u00f5es do Sistema de Alarme Sonoro foi iniciada em 2011, ap\u00f3s as fortes chuvas de abril de 2010, sendo totalmente conclu\u00edda em 2012. A primeira esta\u00e7\u00e3o foi inaugurada no dia 21 de janeiro de 2011, no morro do Borel, na Tijuca, que recebeu tr\u00eas conjuntos de alto-falantes voltados para as \u00e1reas de maior risco.\u201d \u2014 Prefeitura do Rio de Janeiro<\/p><\/blockquote>\n<p>Sobre a manuten\u00e7\u00e3o, a Prefeitura explica que o contrato de manuten\u00e7\u00e3o do Sistema de Alarme Sonoro inclui manuten\u00e7\u00f5es preventivas, com cronograma de visitas t\u00e9cnicas \u00e0s esta\u00e7\u00f5es e manuten\u00e7\u00e3o corretiva, sempre que \u00e9 identificada alguma falha na operacionalidade. A empresa respons\u00e1vel pela manuten\u00e7\u00e3o \u00e9 a <a href=\"https:\/\/bit.ly\/4gvyPrq\" target=\"_blank\" rel=\"noopener\">Gridlab Sistemas e Servi\u00e7os Ltda<\/a>. O valor total do contrato \u00e9 de R$7.899.000,13, com prazo inicial de 720 dias corridos.<\/p>\n<blockquote><p>\u201cTodas as esta\u00e7\u00f5es que integram o Sistema de Alarme Sonoro recebem manuten\u00e7\u00f5es preventivas em cada etapa correspondente ao per\u00edodo de 30 dias. As manuten\u00e7\u00f5es de car\u00e1ter corretivo ocorrem sempre que s\u00e3o identificadas falhas na operacionalidade de alguma esta\u00e7\u00e3o.\u201d \u2014 Prefeitura do Rio de Janeiro<\/p><\/blockquote>\n<figure id=\"attachment_76584\" aria-describedby=\"caption-attachment-76584\" style=\"width: 300px\" class=\"wp-caption alignright\"><a href=\"https:\/\/rioonwatch.org.br\/wp-content\/uploads\/2024\/12\/Lucas-conta-que-uma-outra-casa-tambem-foi-atingida-restando-pouca-parte-dela.jpeg\"><img loading=\"lazy\" decoding=\"async\" class=\"wp-image-76584\" title=\"Lucas conta que uma outra casa tamb\u00e9m foi atingida, restando pouca parte de sua estrutura de p\u00e9. Ele detalha que nessa casa morava uma fam\u00edlia de tr\u00eas pessoas. Foto: Lucas Prates\/Projeto Social Fam\u00edlia 18\" src=\"https:\/\/rioonwatch.org.br\/wp-content\/uploads\/2024\/12\/Lucas-conta-que-uma-outra-casa-tambem-foi-atingida-restando-pouca-parte-dela-465x620.jpeg\" alt=\"Lucas conta que uma outra casa tamb\u00e9m foi atingida, restando pouca parte de sua estrutura de p\u00e9. Ele detalha que nessa casa morava uma fam\u00edlia de tr\u00eas pessoas. Foto: Lucas Prates\/Projeto Social Fam\u00edlia 18\" width=\"300\" height=\"400\" srcset=\"https:\/\/rioonwatch.org.br\/wp-content\/uploads\/2024\/12\/Lucas-conta-que-uma-outra-casa-tambem-foi-atingida-restando-pouca-parte-dela-465x620.jpeg 465w, https:\/\/rioonwatch.org.br\/wp-content\/uploads\/2024\/12\/Lucas-conta-que-uma-outra-casa-tambem-foi-atingida-restando-pouca-parte-dela-768x1024.jpeg 768w, https:\/\/rioonwatch.org.br\/wp-content\/uploads\/2024\/12\/Lucas-conta-que-uma-outra-casa-tambem-foi-atingida-restando-pouca-parte-dela.jpeg 780w\" sizes=\"(max-width: 300px) 100vw, 300px\" \/><\/a><figcaption id=\"caption-attachment-76584\" class=\"wp-caption-text\">Lucas conta que uma outra casa tamb\u00e9m foi atingida, restando pouca parte de sua estrutura de p\u00e9. Ele detalha que nessa casa morava uma fam\u00edlia de tr\u00eas pessoas. Foto: Lucas Prates\/Projeto Social Fam\u00edlia 18<\/figcaption><\/figure>\n<p>Sobre a instala\u00e7\u00e3o de novas sirenes, a Prefeitura relata que estudos est\u00e3o sendo realizados para atualizar o mapeamento de risco geol\u00f3gico na cidade. Al\u00e9m disso, explica que, ap\u00f3s a conclus\u00e3o, ser\u00e1 poss\u00edvel fazer a mitiga\u00e7\u00e3o de \u00e1reas de alto risco em algumas comunidades, possibilitando a indica\u00e7\u00e3o da necessidade de instala\u00e7\u00e3o de novas sirenes em novas \u00e1reas. No entanto, n\u00e3o informou o prazo do fim dos estudos.<\/p>\n<h3>Sem Sirenes, Sem Treinamentos, Sem Simula\u00e7\u00f5es de Evacua\u00e7\u00e3o no Complexo do 18<\/h3>\n<p>Lucas Prates conta que ele e outras lideran\u00e7as locais j\u00e1 solicitaram por diferentes meios a instala\u00e7\u00e3o de sirenes e a realiza\u00e7\u00e3o de treinamentos, mas que, at\u00e9 hoje, as favelas do Complexo do 18 seguem sem sirenes. Sem sirenes, simula\u00e7\u00f5es e treinamentos, a popula\u00e7\u00e3o se v\u00ea sozinha em situa\u00e7\u00f5es de emerg\u00eancia clim\u00e1tica.<\/p>\n<blockquote><p>\u201cJ\u00e1 procuramos a Defesa Civil para a instala\u00e7\u00e3o de sirenes e plano de a\u00e7\u00e3o para fortes chuvas. Foram enviados diversos e-mails, mas sem sucesso. Nas oportunidades em que a Defesa Civil esteve aqui, tamb\u00e9m por chamado dos moradores, solicitamos novamente essa estrutura de apoio e alerta. E, at\u00e9 hoje, nada.\u201d \u2014 Lucas Prates<\/p><\/blockquote>\n<p>Treinamentos e simula\u00e7\u00f5es nunca foram realizados no Complexo do 18. J\u00e1 no Complexo do Lins elas j\u00e1 foram realizadas. A \u00faltima aconteceu em setembro de 2023.<\/p>\n<p>Em resposta via Lei de Acesso \u00e0 Informa\u00e7\u00e3o, a prefeitura do Rio explica que s\u00e3o realizadas capacita\u00e7\u00f5es em defesa civil, primeiros socorros, preven\u00e7\u00e3o e combate a inc\u00eandios nas forma\u00e7\u00f5es de N\u00facleos de Prote\u00e7\u00e3o e Defesa Civil (<a href=\"https:\/\/bit.ly\/3ZC5Tsb\" target=\"_blank\" rel=\"noopener\">NUPDEC<\/a>). Al\u00e9m disso, s\u00e3o realizados Exerc\u00edcios Simulados de Desocupa\u00e7\u00e3o. As forma\u00e7\u00f5es de NUPDEC e os simulados s\u00e3o realizados pela Subsecretaria de Prote\u00e7\u00e3o e Defesa Civil do munic\u00edpio.<\/p>\n<blockquote><p>\u201cO Exerc\u00edcio Simulado de Desocupa\u00e7\u00e3o de \u00e1reas de alto risco geol\u00f3gico faz parte do conjunto de estrat\u00e9gias da Subsecretaria de Prote\u00e7\u00e3o e Defesa Civil visando a preven\u00e7\u00e3o e prepara\u00e7\u00e3o para o pr\u00f3ximo per\u00edodo cr\u00edtico associado \u00e0s fortes chuvas.\u201d \u2014 Prefeitura Rio de Janeiro<\/p><\/blockquote>\n<p>Ainda segundo a Prefeitura, quando h\u00e1 exerc\u00edcio simulado de desocupa\u00e7\u00e3o de \u00e1reas de alto risco geol\u00f3gico, as atividades seguem o cronograma abaixo:<\/p>\n<table>\n<tbody>\n<tr>\n<td><b>Hor\u00e1rio<\/b><\/td>\n<td style=\"text-align: center;\"><b>Atividade<\/b><\/td>\n<\/tr>\n<tr>\n<td style=\"text-align: center;\"><span style=\"font-weight: 400;\">9:00<\/span><\/td>\n<td><span style=\"font-weight: 400;\">In\u00edcio das atividades com mobiliza\u00e7\u00e3o da rede comunit\u00e1ria formada por volunt\u00e1rios, moradores e \u00f3rg\u00e3os municipais. A Defesa Civil abre o evento e apresenta a estrat\u00e9gia aos participantes. Os Pontos de Apoio s\u00e3o abertos e preparados para recepcionar os moradores das \u00e1reas de alto risco.<\/span><\/td>\n<\/tr>\n<tr>\n<td style=\"text-align: center;\"><span style=\"font-weight: 400;\">9:30<\/span><\/td>\n<td><span style=\"font-weight: 400;\">As equipes j\u00e1 se encontram posicionadas nos Pontos de Apoio \/ Encontro preparadas para recepcionar os moradores. A Ger\u00eancia de Monitoramento e Alertas de Desastres da SUBPDEC, baseada no Centro de Opera\u00e7\u00f5es Rio, emite pelas sirenes o Aviso de Chuva Forte, mensagem sonora que informa sobre a possibilidade de chuva forte para as horas seguintes.<\/span><\/td>\n<\/tr>\n<tr>\n<td style=\"text-align: center;\"><span style=\"font-weight: 400;\">10:00<\/span><\/td>\n<td><span style=\"font-weight: 400;\">As sirenes s\u00e3o acionadas com o toque de desocupa\u00e7\u00e3o, atrav\u00e9s do <a href=\"https:\/\/bit.ly\/3CW6BHP\" target=\"_blank\" rel=\"noopener\">Centro de Opera\u00e7\u00f5es Rio<\/a>, informando sobre a necessidade da desocupa\u00e7\u00e3o dos moradores para os Pontos de Apoio ou locais seguros. A rede comunit\u00e1ria apoia os moradores em seu deslocamento e os recebe, aproveitando a oportunidade para apresentar a estrat\u00e9gia, informar os meios de acesso aos servi\u00e7os de emerg\u00eancia (CBMERJ 193, Defesa Civil 199), tirar d\u00favidas e receber demandas de atendimentos.<\/span><\/td>\n<\/tr>\n<tr>\n<td style=\"text-align: center;\"><span style=\"font-weight: 400;\">11:00<\/span><\/td>\n<td><span style=\"font-weight: 400;\">\u00c9 realizado o \u00faltimo toque das sirenes com a mensagem de retorno \u00e0 normalidade. Neste momento, os moradores s\u00e3o orientados sobre as condi\u00e7\u00f5es favor\u00e1veis ao retorno aos seus im\u00f3veis.<\/span><\/td>\n<\/tr>\n<\/tbody>\n<\/table>\n<p>A Prefeitura tamb\u00e9m <a href=\"https:\/\/bit.ly\/4iBAb63\" target=\"_blank\" rel=\"noopener\">informou<\/a> que, de janeiro a agosto de 2024, foram realizados &#8220;um N\u00facleo de Prote\u00e7\u00e3o e Defesa Civil e 15 exerc\u00edcios Simulados de Desocupa\u00e7\u00e3o&#8221;, nenhum deles nas favelas do Complexo do Lins e do Complexo do 18. Na atual administra\u00e7\u00e3o municipal (2021-2024), foram realizados 17 exerc\u00edcios simulados de desocupa\u00e7\u00e3o de \u00e1reas de risco, sendo 14 para \u00e1reas de risco geol\u00f3gico e tr\u00eas para locais expostos a inunda\u00e7\u00f5es e alagamentos. Tamb\u00e9m informou que 24 bairros e comunidades j\u00e1 receberam algum tipo de atividade.<\/p>\n<p>Na atual administra\u00e7\u00e3o municipal (2021-2024), foram realizadas 14 atividades de riscos geol\u00f3gicos. Em tr\u00eas datas, no Complexo do Lins: 4 julho de 2021, 1\u00b0 de setembro de 2023 e 17 de maio de 2024. Das 15 comunidades que fazem parte do Complexo do Lins, apenas cinco receberam atividades: Morro do C\u00e9u e Pretos Forros (duas vezes cada) e Matriz, Ouro Preto e S\u00e3o Jo\u00e3o (uma vez cada). Nenhuma atividade foi realizada nas Favelas do Complexo do 18. Ao todo, a Prefeitura estima que 456 pessoas tenham participado de pelo menos um dos 17 treinamentos realizados pelo NUPDEC.<\/p>\n<p>Rafael Sousa conta que existe di\u00e1logo constante da Defesa Civil com a Associa\u00e7\u00e3o de Moradores e que a <em>Voz do Lins<\/em> possui contato direto com o gerente da Defesa Civil da Zona Norte. Eles sempre mant\u00e9m contato e compartilhando informa\u00e7\u00f5es.<\/p>\n<blockquote><p>\u201cExiste um grupo que aconselha as associa\u00e7\u00f5es de moradores do Complexo do Lins, sempre em di\u00e1logo com a Defesa Civil, especialmente, em momentos de previs\u00e3o de grandes chuvas. Apoiamos na comunica\u00e7\u00e3o e no di\u00e1logo. E temos um contato direto com o gerente da Defesa Civil da Zona Norte para sinalizar essas quest\u00f5es. Identificamos problemas junto com os l\u00edderes comunit\u00e1rios e compartilhamos essas informa\u00e7\u00f5es.\u201d \u2014 Rafael Sousa<\/p><\/blockquote>\n<h3>Projeto Social Fam\u00edlia 18 e <em>Voz do Lins<\/em> Trabalham para Reduzir os Impactos Ambientais<\/h3>\n<p><a href=\"https:\/\/bit.ly\/3VoUkSL\">Combater os deslizamentos<\/a> de terra envolve uma combina\u00e7\u00e3o de medidas preventivas, monitoramento cont\u00ednuo e a\u00e7\u00f5es emergenciais. Al\u00e9m disso, o reflorestamento deve ser pol\u00edtica p\u00fablica, visando manter vegeta\u00e7\u00e3o com extenso sistema de ra\u00edzes em encostas. Isso ajuda a estabilizar o solo, pois as ra\u00edzes atuam como \u00e2ncoras, segurando o solo, mesmo encharcado.<\/p>\n<p>A instala\u00e7\u00e3o de <a href=\"https:\/\/bit.ly\/41idEok\" target=\"_blank\" rel=\"noopener\">sistemas de drenagem<\/a> s\u00e3o importantes para direcionar a \u00e1gua da chuva para longe das encostas, evitando o encharcamento do solo. Trabalhos como desenvolver campanhas educativas para informar a popula\u00e7\u00e3o sobre os riscos e as medidas de preven\u00e7\u00e3o tamb\u00e9m s\u00e3o importantes para conscientizar e educar moradores. O Projeto Fam\u00edlia Social 18 e <em>Voz do Linz<\/em> trabalham em algumas a\u00e7\u00f5es para diminuir os impactos ambientais em suas comunidades.<\/p>\n<p>Lucas Prates conta que existem quatro projetos em andamento que ocorrem nas comunidades do Complexo do 18: Mutir\u00e3o de Reflorestamento, <a href=\"https:\/\/bit.ly\/41krxmc\" target=\"_blank\" rel=\"noopener\">Trilhando no 18<\/a>, <a href=\"https:\/\/bit.ly\/4ifRnhj\" target=\"_blank\" rel=\"noopener\">Coletivo Pretos Forros<\/a> e Projeto Social Fam\u00edlia 18, todos com o objetivo de conscientizar e reflorestar partes desmatadas da APA dos Pretos Forros.<\/p>\n<p>Rafael explica que a <em>Voz do Lins<\/em>, criada em 2013, participa da constru\u00e7\u00e3o da <a href=\"https:\/\/bit.ly\/41ykhmG\" target=\"_blank\" rel=\"noopener\">Agenda do Grande M\u00e9ier<\/a> e desenvolveu um trabalho de pesquisa junto com a <a href=\"https:\/\/bit.ly\/2WDhuUk\" target=\"_blank\" rel=\"noopener\">Fiocruz<\/a> sobre quest\u00f5es ligadas ao meio ambiente, saneamento e sa\u00fade no territ\u00f3rio.<\/p>\n<blockquote><p>\u201cN\u00e3o \u00e9 uma pesquisa, mas sim um trabalho no territ\u00f3rio, abordando quest\u00f5es ligadas ao meio ambiente, saneamento b\u00e1sico e sa\u00fade. Estamos fazendo um raio-x de como o meio ambiente est\u00e1 influenciando a vida das pessoas, as mudan\u00e7as clim\u00e1ticas e a escassez de \u00e1gua tratada. A partir desse plano, vamos instalar filtros para que as pessoas tenham acesso \u00e0 \u00e1gua tratada e pot\u00e1vel. Tamb\u00e9m vamos implantar bacias de evapotranspira\u00e7\u00e3o para evitar o descarte de esgoto nos rios.\u201d \u2014 Rafael Sousa<\/p><\/blockquote>\n<figure id=\"attachment_76623\" aria-describedby=\"caption-attachment-76623\" style=\"width: 1438px\" class=\"wp-caption aligncenter\"><a href=\"https:\/\/rioonwatch.org.br\/wp-content\/uploads\/2024\/12\/Reuniao-Lins.png\"><img loading=\"lazy\" decoding=\"async\" class=\"wp-image-76623 size-full\" title=\"Reuni\u00e3o no Complexo do Lins para debater a Agenda Grande M\u00e9ier 2030. Foto: Rede Voz do Lins\" src=\"https:\/\/rioonwatch.org.br\/wp-content\/uploads\/2024\/12\/Reuniao-Lins.png\" alt=\"Reuni\u00e3o no Complexo do Lins para debater a Agenda Grande M\u00e9ier 2030. Foto: Rede Voz do Lins\" width=\"1438\" height=\"761\" srcset=\"https:\/\/rioonwatch.org.br\/wp-content\/uploads\/2024\/12\/Reuniao-Lins.png 1438w, https:\/\/rioonwatch.org.br\/wp-content\/uploads\/2024\/12\/Reuniao-Lins-620x328.png 620w, https:\/\/rioonwatch.org.br\/wp-content\/uploads\/2024\/12\/Reuniao-Lins-768x406.png 768w\" sizes=\"(max-width: 1438px) 100vw, 1438px\" \/><\/a><figcaption id=\"caption-attachment-76623\" class=\"wp-caption-text\">Reuni\u00e3o no Complexo do Lins para debater a Agenda Grande M\u00e9ier 2030. Foto: Rede<em> Voz do Lins<\/em><\/figcaption><\/figure>\n<h3>Como Funciona o Sistema de Alerta: O Que Fazer em Caso de Chuvas Extremas e Deslizamentos?<\/h3>\n<p>Em <a href=\"https:\/\/bit.ly\/4iBAb63\" target=\"_blank\" rel=\"noopener\">resposta<\/a> via Lei de Acesso \u00e0 Informa\u00e7\u00e3o, a Prefeitura explica que o Sistema de Alerta e Alarme Comunit\u00e1rio para Chuvas Fortes monitora 103 comunidades de alto risco geol\u00f3gico, acionando as sirenes sempre quando s\u00e3o atingidos \u00edndices pluviom\u00e9tricos necess\u00e1rios para a desocupa\u00e7\u00e3o preventiva.<\/p>\n<blockquote><p>\u201cO sistema de alertas sonoros \u00e9 baseado no monitoramento dos \u00edndices cr\u00edticos de chuva por meteorologistas do Alerta Rio, lotados no COR, onde profissionais da Defesa Civil Municipal atuam de forma integrada, 24 horas por dia, na Ger\u00eancia de Monitoramento e Alertas de Desastres. O trabalho conta ainda com a participa\u00e7\u00e3o de l\u00edderes e volunt\u00e1rios das comunidades, al\u00e9m de pontos de apoio previamente definidos, caso haja a necessidade de evacuar provisoriamente moradores. Integram o sistema 83 pluvi\u00f4metros, 164 sirenes e 194 pontos de apoio.\u201d \u2014 Prefeitura do Rio de Janeiro<\/p><\/blockquote>\n<p>O sistema <a href=\"https:\/\/bit.ly\/2tXt8AK\" target=\"_blank\" rel=\"noopener\">Alerta Rio<\/a> \u00e9 uma ferramenta crucial para avisar sobre chuvas intensas e riscos de deslizamentos. Por isso, \u00e9 importante ficar atento, monitorar os alertas meteorol\u00f3gicos e as sirenes de emerg\u00eancia. Sobretudo, \u00e9 preciso expandir o sistema de sirenes para todos os pontos vulner\u00e1veis a deslizamentos de terra no Rio. E, depois de instaladas as sirenes, \u00e9 preciso treinar os moradores, pois, em meio a uma emerg\u00eancia clim\u00e1tica, n\u00e3o basta ouvir as sirenes e querer evacuar o local em perigo: \u00e9 preciso conhecer as rotas de evacua\u00e7\u00e3o, os abrigos tempor\u00e1rios mais pr\u00f3ximos e saber o que fazer ou n\u00e3o. Para isso, \u00e9 preciso que a Prefeitura e o Governo do Estado ofere\u00e7am treinamentos e simula\u00e7\u00f5es \u00e0 popula\u00e7\u00e3o das favelas.<\/p>\n<p><a href=\"https:\/\/bit.ly\/3VoUkSL\" target=\"_blank\" rel=\"noopener\">Saiba o que fazer<\/a> antes, durante e ap\u00f3s um deslizamento de terra:<\/p>\n<ul>\n<li><b>Antes do Deslizamento<\/b><\/li>\n<\/ul>\n<ol>\n<li style=\"font-weight: 400;\" aria-level=\"1\"><span style=\"font-weight: 400;\">Fique atento aos alertas<\/span><span style=\"font-weight: 400;\">: Monitore os alertas meteorol\u00f3gicos e as sirenes de emerg\u00eancia. O sistema Alerta Rio \u00e9 uma ferramenta crucial para avisar sobre chuvas intensas e riscos de deslizamentos.<\/span><\/li>\n<li style=\"font-weight: 400;\" aria-level=\"1\"><span style=\"font-weight: 400;\">Planeje Rotas de Fuga<\/span><span style=\"font-weight: 400;\">: Conhe\u00e7a as rotas de evacua\u00e7\u00e3o e os abrigos tempor\u00e1rios mais pr\u00f3ximos.<\/span><\/li>\n<\/ol>\n<ul>\n<li><b>Durante o Deslizamento<\/b><\/li>\n<\/ul>\n<ol>\n<li style=\"font-weight: 400;\" aria-level=\"1\"><span style=\"font-weight: 400;\">Evacue Imediatamente<\/span><span style=\"font-weight: 400;\">: Se ouvir as sirenes ou perceber sinais de deslizamento (como rachaduras no solo ou barulhos de deslizamento), evacue a \u00e1rea imediatamente.<\/span><\/li>\n<li style=\"font-weight: 400;\" aria-level=\"1\"><span style=\"font-weight: 400;\">Evite \u00c1reas de Risco<\/span><span style=\"font-weight: 400;\">: N\u00e3o tente atravessar \u00e1reas onde o deslizamento est\u00e1 ocorrendo. Procure um local seguro, longe de encostas e vales.<\/span><\/li>\n<li style=\"font-weight: 400;\" aria-level=\"1\"><span style=\"font-weight: 400;\">Ajude os Vizinhos<\/span><span style=\"font-weight: 400;\">: Se poss\u00edvel, ajude pessoas idosas, crian\u00e7as e aqueles com mobilidade reduzida a evacuarem.<\/span><\/li>\n<\/ol>\n<ul>\n<li><b>Ap\u00f3s o Deslizamento<\/b><\/li>\n<\/ul>\n<ol>\n<li style=\"font-weight: 400;\" aria-level=\"1\"><span style=\"font-weight: 400;\">Evite Retornar Imediatamente<\/span><span style=\"font-weight: 400;\">: N\u00e3o volte para a \u00e1rea afetada at\u00e9 que as autoridades confirmem que \u00e9 seguro.<\/span><\/li>\n<li style=\"font-weight: 400;\" aria-level=\"1\"><span style=\"font-weight: 400;\">Informe as Autoridades<\/span><span style=\"font-weight: 400;\">: Se voc\u00ea estiver seguro, informe as autoridades sobre o deslizamento e qualquer pessoa que possa estar em perigo.<\/span><\/li>\n<li style=\"font-weight: 400;\" aria-level=\"1\"><span style=\"font-weight: 400;\">Procure Abrigo<\/span><span style=\"font-weight: 400;\">: Dirija-se a um abrigo tempor\u00e1rio se sua casa foi afetada ou se as autoridades recomendarem.<\/span><\/li>\n<\/ol>\n<ul>\n<li><b>Medidas de Seguran\u00e7a Adicionais<\/b><\/li>\n<\/ul>\n<ol>\n<li style=\"font-weight: 400;\" aria-level=\"1\"><span style=\"font-weight: 400;\">Tenha um Kit de Emerg\u00eancia<\/span><span style=\"font-weight: 400;\">: Mantenha um kit de emerg\u00eancia com itens essenciais como \u00e1gua, alimentos n\u00e3o perec\u00edveis, medicamentos, lanternas e baterias.<\/span><\/li>\n<li style=\"font-weight: 400;\" aria-level=\"1\"><span style=\"font-weight: 400;\">Eduque-se e Participe de Treinamentos<\/span><span style=\"font-weight: 400;\">: Participe de treinamentos e campanhas educativas sobre como agir em situa\u00e7\u00f5es de desastres naturais.<\/span><\/li>\n<\/ol>\n<p><span style=\"font-weight: 400;\">Lembre-se de sempre ter em m\u00e3os os n\u00fameros da <a href=\"https:\/\/bit.ly\/4fGuHoB\" target=\"_blank\" rel=\"noopener\">Defesa Civil Estadual<\/a> (199), <a href=\"https:\/\/bit.ly\/3OxPfDI\" target=\"_blank\" rel=\"noopener\">Defesa Civil Municipal<\/a> (1746), <a href=\"https:\/\/bit.ly\/4eSbSxx\" target=\"_blank\" rel=\"noopener\">Corpo de Bombeiros<\/a> (193) e <a href=\"https:\/\/bit.ly\/3fW6s7q\" target=\"_blank\" rel=\"noopener\">Pol\u00edcia Militar<\/a> (190). E tamb\u00e9m ter acesso \u00e0s informa\u00e7\u00f5es adicionais dos sites das institui\u00e7\u00f5es de defesa civil <\/span><span style=\"font-weight: 400;\">e do <\/span><span style=\"font-weight: 400;\">Centro de Previs\u00f5es do Tempo e Estudos Clim\u00e1ticos<\/span><span style=\"font-weight: 400;\"> (<a href=\"https:\/\/bit.ly\/4gdcoHh\" target=\"_blank\" rel=\"noopener\">Cepen<\/a>).<\/span><\/p>\n<p><i>Sobre o autor:\u00a0<\/i><a href=\"https:\/\/bit.ly\/3BY8eCD\" target=\"_blank\" rel=\"noopener\"><i>Felipe Migliani<\/i><\/a><i>\u00a0\u00e9 formado em Jornalismo pela Unicarioca e tem especializa\u00e7\u00e3o em jornalismo investigativo. Atua como jornalista independente e rep\u00f3rter freelancer nos jornais Meia Hora e Estad\u00e3o. \u00c9 colaborador do\u00a0<\/i><a href=\"https:\/\/bit.ly\/3BJ3Tmu\" target=\"_blank\" rel=\"noopener\"><i>Coletivo Engenhos de Hist\u00f3rias<\/i><\/a><i>, que investiga e resgata hist\u00f3rias e mem\u00f3rias da regi\u00e3o do Grande M\u00e9ier, e do\u00a0<\/i><a href=\"https:\/\/bit.ly\/3vHDkdv\" target=\"_blank\" rel=\"noopener\"><i>PerifaConnection<\/i><\/a><i>.<\/i><\/p>\n<hr \/>\n<h4><b data-stringify-type=\"bold\">Apoie nossos esfor\u00e7os para fornecer apoio estrat\u00e9gico \u00e0s favelas do Rio, incluindo o jornalismo hiperlocal, cr\u00edtico, inovador e incans\u00e1vel do\u00a0<\/b><b data-stringify-type=\"bold\"><i data-stringify-type=\"italic\">RioOnWatch<\/i><\/b>\u2014<a class=\"c-link\" href=\"http:\/\/www.bit.ly\/ApoieROW\" target=\"_blank\" rel=\"noopener noreferrer\" data-stringify-link=\"http:\/\/www.bit.ly\/ApoieROW\" data-sk=\"tooltip_parent\">doe aqui<\/a>.<\/h4>\n<!-- AddThis Advanced Settings generic via filter on the_content --><!-- AddThis Share Buttons generic via filter on the_content -->","protected":false},"excerpt":{"rendered":"<div class=\"mh-excerpt\"><p>Click Here for English Esta mat\u00e9ria faz parte de uma\u00a0s\u00e9rie\u00a0gerada por uma parceria com o\u00a0Digital Brazil Project\u00a0do\u00a0Centro Behner Stiefel de Estudos Brasileiros\u00a0da Universidade Estadual de San Diego na Calif\u00f3rnia, para produzir mat\u00e9rias sobre justi\u00e7a ambiental <a class=\"mh-excerpt-more\" href=\"https:\/\/rioonwatch.org.br\/?p=76504\" title=\"Complexo do Lins e Complexo do 18 Est\u00e3o na APA dos Pretos Forros e Possuem Hist\u00f3rico de Deslizamentos: Mas S\u00f3 Um Tem Sirenes\">[&#8230;]<\/a><!-- AddThis Advanced Settings generic via filter on get_the_excerpt --><!-- AddThis Share Buttons generic via filter on get_the_excerpt --><\/p>\n<\/div>","protected":false},"author":167,"featured_media":76620,"comment_status":"closed","ping_status":"closed","sticky":false,"template":"template-full.php","format":"standard","meta":{"_acf_changed":false,"_monsterinsights_skip_tracking":false,"_monsterinsights_sitenote_active":false,"_monsterinsights_sitenote_note":"","_monsterinsights_sitenote_category":0,"footnotes":""},"categories":[1857,1621,1632,1625,3170,1620,342,1639],"tags":[1232,3512,3445,3504,3500,1514,1597,11,3492,645,2625,3501,322,735,3112,3510,3513,3505,3498,3499,3509,3502,3496,3506,1518,3497,1719,417,3494,3493,359,3507,3495,567,3514,1966,427,964,3511,492,1768,2693,3508,404,3503,218],"writer":[3185],"translator":[],"source":[],"ilustrador":[],"fotografo":[],"class_list":{"0":"post-76504","1":"post","2":"type-post","3":"status-publish","4":"format-standard","5":"has-post-thumbnail","7":"category-olhonaurbanizacao","8":"category-destaque","9":"category-pesquisa-e-analise","10":"category-por-correspondentes-comunitarios","11":"category-justica-climatica","12":"category-olhonaupp","13":"category-solucoes","14":"category-sustentabilidade","15":"tag-area-de-protecao-ambiental","16":"tag-bacia-de-evapotranspiracao","17":"tag-barro-preto","18":"tag-barro-vermelho","19":"tag-cachoeirinha","20":"tag-camarista-meier","21":"tag-casa-fluminense","22":"tag-chuvas","23":"tag-complexo-do-18","24":"tag-complexo-do-lins","25":"tag-defesa-civil","26":"tag-dona-francisca","27":"tag-esgoto","28":"tag-floresta-da-tijuca","29":"tag-justica-climatica","30":"tag-lemos-de-brito","31":"tag-meier","32":"tag-morro-da-bacia","33":"tag-morro-da-cachoeira-grande","34":"tag-morro-da-cotia","35":"tag-morro-do-18","36":"tag-morro-do-amor","37":"tag-morro-do-ceu","38":"tag-morro-do-encontro","39":"tag-morro-do-gamba","40":"tag-morro-nossa-senhora-da-guia","41":"tag-mudancas-climaticas","42":"tag-negligencia-do-estado","43":"tag-ouro-preto","44":"tag-outero","45":"tag-participacao-zero","46":"tag-pedra-da-gavea","47":"tag-pretos-forros","48":"tag-quilombo","49":"tag-quintino","50":"tag-resiliencia","51":"tag-risco-de-deslizamento","52":"tag-risco-de-enchente","53":"tag-sacu","54":"tag-saneamento","55":"tag-santa-terezinha","56":"tag-serie-direitos-humanos-com-apoio-do-centro-behner-stiefel-da-sdsu","57":"tag-serra-dos-pretos-forros","58":"tag-sustentabilidade","59":"tag-vila-cabucu","60":"tag-zona-norte","61":"writer-felipe-migliani"},"acf":[],"yoast_head":"<!-- This site is optimized with the Yoast SEO plugin v25.6 - https:\/\/yoast.com\/wordpress\/plugins\/seo\/ -->\n<title>Complexo do Lins e Complexo do 18 Est\u00e3o na APA dos Pretos Forros e Possuem Hist\u00f3rico de Deslizamentos: Mas S\u00f3 Um Tem Sirenes - RioOnWatch<\/title>\n<meta name=\"robots\" content=\"index, follow, max-snippet:-1, max-image-preview:large, max-video-preview:-1\" \/>\n<link rel=\"canonical\" href=\"https:\/\/rioonwatch.org.br\/?p=76504\" \/>\n<meta property=\"og:locale\" content=\"pt_BR\" \/>\n<meta property=\"og:type\" content=\"article\" \/>\n<meta property=\"og:title\" content=\"Complexo do Lins e Complexo do 18 Est\u00e3o na APA dos Pretos Forros e Possuem Hist\u00f3rico de Deslizamentos: Mas S\u00f3 Um Tem Sirenes - RioOnWatch\" \/>\n<meta property=\"og:description\" content=\"Click Here for English Esta mat\u00e9ria faz parte de uma\u00a0s\u00e9rie\u00a0gerada por uma parceria com o\u00a0Digital Brazil Project\u00a0do\u00a0Centro Behner Stiefel de Estudos Brasileiros\u00a0da Universidade Estadual de San Diego na Calif\u00f3rnia, para produzir mat\u00e9rias sobre justi\u00e7a ambiental [...]\" \/>\n<meta property=\"og:url\" content=\"https:\/\/rioonwatch.org.br\/?p=76504\" \/>\n<meta property=\"og:site_name\" content=\"RioOnWatch\" \/>\n<meta property=\"article:published_time\" content=\"2024-12-12T16:13:42+00:00\" \/>\n<meta property=\"article:modified_time\" content=\"2025-02-23T23:25:39+00:00\" \/>\n<meta property=\"og:image\" content=\"https:\/\/rioonwatch.org.br\/wp-content\/uploads\/2024\/12\/Manutencao-sirenes-pela-prefeitura-768x453.png\" \/>\n\t<meta property=\"og:image:width\" content=\"768\" \/>\n\t<meta property=\"og:image:height\" content=\"453\" \/>\n\t<meta property=\"og:image:type\" content=\"image\/png\" \/>\n<meta name=\"author\" content=\"Julio Santos Filho\" \/>\n<meta name=\"twitter:card\" content=\"summary_large_image\" \/>\n<meta name=\"twitter:label1\" content=\"Escrito por\" \/>\n\t<meta name=\"twitter:data1\" content=\"Julio Santos Filho\" \/>\n\t<meta name=\"twitter:label2\" content=\"Est. tempo de leitura\" \/>\n\t<meta name=\"twitter:data2\" content=\"19 minutos\" \/>\n<script type=\"application\/ld+json\" class=\"yoast-schema-graph\">{\"@context\":\"https:\/\/schema.org\",\"@graph\":[{\"@type\":\"Article\",\"@id\":\"https:\/\/rioonwatch.org.br\/?p=76504#article\",\"isPartOf\":{\"@id\":\"https:\/\/rioonwatch.org.br\/?p=76504\"},\"author\":{\"name\":\"Julio Santos Filho\",\"@id\":\"https:\/\/rioonwatch.org.br\/#\/schema\/person\/476bc75767957d3535b65b796667cd36\"},\"headline\":\"Complexo do Lins e Complexo do 18 Est\u00e3o na APA dos Pretos Forros e Possuem Hist\u00f3rico de Deslizamentos: Mas S\u00f3 Um Tem Sirenes\",\"datePublished\":\"2024-12-12T16:13:42+00:00\",\"dateModified\":\"2025-02-23T23:25:39+00:00\",\"mainEntityOfPage\":{\"@id\":\"https:\/\/rioonwatch.org.br\/?p=76504\"},\"wordCount\":3944,\"publisher\":{\"@id\":\"https:\/\/rioonwatch.org.br\/#organization\"},\"image\":{\"@id\":\"https:\/\/rioonwatch.org.br\/?p=76504#primaryimage\"},\"thumbnailUrl\":\"https:\/\/rioonwatch.org.br\/wp-content\/uploads\/2024\/12\/Manutencao-sirenes-pela-prefeitura.png\",\"keywords\":[\"\u00c1rea de Prote\u00e7\u00e3o Ambiental\",\"bacia de evapotranspira\u00e7\u00e3o\",\"Barro Preto\",\"Barro Vermelho\",\"Cachoeirinha\",\"Camarista M\u00e9ier\",\"Casa Fluminense\",\"chuvas\",\"Complexo do 18\",\"Complexo do Lins\",\"Defesa Civil\",\"Dona Francisca\",\"esgoto\",\"Floresta da Tijuca\",\"Justi\u00e7a Clim\u00e1tica\",\"Lemos de Brito\",\"M\u00e9ier\",\"Morro da Bacia\",\"Morro da Cachoeira Grande\",\"Morro da Cotia\",\"Morro do 18\",\"Morro do Amor\",\"Morro do C\u00e9u\",\"Morro do Encontro\",\"Morro do Gamb\u00e1\",\"Morro Nossa Senhora da Guia\",\"mudan\u00e7as clim\u00e1ticas\",\"Neglig\u00eancia do Estado\",\"Ouro Preto\",\"Outero\",\"participa\u00e7\u00e3o zero\",\"Pedra da G\u00e1vea\",\"Pretos Forros\",\"Quilombo\",\"Quintino\",\"resili\u00eancia\",\"risco de deslizamento\",\"risco de enchente\",\"Sa\u00e7u\",\"saneamento\",\"Santa Terezinha\",\"S\u00e9rie Apoiada pelo Centro Behner Stiefel\/SDSU\",\"Serra dos Pretos Forros\",\"sustentabilidade\",\"Vila Cabu\u00e7u\",\"Zona Norte\"],\"articleSection\":[\"#OlhoNaUrbaniza\u00e7\u00e3o\",\"*Destaque\",\"Dados e Pesquisa\",\"Escrito por Comunicadores Populares\",\"Justi\u00e7a Clim\u00e1tica\",\"Seguran\u00e7a P\u00fablica\",\"Solu\u00e7\u00f5es\",\"Sustentabilidade\"],\"inLanguage\":\"pt-BR\"},{\"@type\":\"WebPage\",\"@id\":\"https:\/\/rioonwatch.org.br\/?p=76504\",\"url\":\"https:\/\/rioonwatch.org.br\/?p=76504\",\"name\":\"Complexo do Lins e Complexo do 18 Est\u00e3o na APA dos Pretos Forros e Possuem Hist\u00f3rico de Deslizamentos: Mas S\u00f3 Um Tem Sirenes - RioOnWatch\",\"isPartOf\":{\"@id\":\"https:\/\/rioonwatch.org.br\/#website\"},\"primaryImageOfPage\":{\"@id\":\"https:\/\/rioonwatch.org.br\/?p=76504#primaryimage\"},\"image\":{\"@id\":\"https:\/\/rioonwatch.org.br\/?p=76504#primaryimage\"},\"thumbnailUrl\":\"https:\/\/rioonwatch.org.br\/wp-content\/uploads\/2024\/12\/Manutencao-sirenes-pela-prefeitura.png\",\"datePublished\":\"2024-12-12T16:13:42+00:00\",\"dateModified\":\"2025-02-23T23:25:39+00:00\",\"breadcrumb\":{\"@id\":\"https:\/\/rioonwatch.org.br\/?p=76504#breadcrumb\"},\"inLanguage\":\"pt-BR\",\"potentialAction\":[{\"@type\":\"ReadAction\",\"target\":[\"https:\/\/rioonwatch.org.br\/?p=76504\"]}]},{\"@type\":\"ImageObject\",\"inLanguage\":\"pt-BR\",\"@id\":\"https:\/\/rioonwatch.org.br\/?p=76504#primaryimage\",\"url\":\"https:\/\/rioonwatch.org.br\/wp-content\/uploads\/2024\/12\/Manutencao-sirenes-pela-prefeitura.png\",\"contentUrl\":\"https:\/\/rioonwatch.org.br\/wp-content\/uploads\/2024\/12\/Manutencao-sirenes-pela-prefeitura.png\",\"width\":2546,\"height\":1501},{\"@type\":\"BreadcrumbList\",\"@id\":\"https:\/\/rioonwatch.org.br\/?p=76504#breadcrumb\",\"itemListElement\":[{\"@type\":\"ListItem\",\"position\":1,\"name\":\"In\u00edcio\",\"item\":\"https:\/\/rioonwatch.org.br\/\"},{\"@type\":\"ListItem\",\"position\":2,\"name\":\"Complexo do Lins e Complexo do 18 Est\u00e3o na APA dos Pretos Forros e Possuem Hist\u00f3rico de Deslizamentos: Mas S\u00f3 Um Tem Sirenes\"}]},{\"@type\":\"WebSite\",\"@id\":\"https:\/\/rioonwatch.org.br\/#website\",\"url\":\"https:\/\/rioonwatch.org.br\/\",\"name\":\"RioOnWatch\",\"description\":\"relatos das favelas cariocas\",\"publisher\":{\"@id\":\"https:\/\/rioonwatch.org.br\/#organization\"},\"potentialAction\":[{\"@type\":\"SearchAction\",\"target\":{\"@type\":\"EntryPoint\",\"urlTemplate\":\"https:\/\/rioonwatch.org.br\/?s={search_term_string}\"},\"query-input\":{\"@type\":\"PropertyValueSpecification\",\"valueRequired\":true,\"valueName\":\"search_term_string\"}}],\"inLanguage\":\"pt-BR\"},{\"@type\":\"Organization\",\"@id\":\"https:\/\/rioonwatch.org.br\/#organization\",\"name\":\"RioOnWatch\",\"url\":\"https:\/\/rioonwatch.org.br\/\",\"logo\":{\"@type\":\"ImageObject\",\"inLanguage\":\"pt-BR\",\"@id\":\"https:\/\/rioonwatch.org.br\/#\/schema\/logo\/image\/\",\"url\":\"https:\/\/rioonwatch.org.br\/wp-content\/uploads\/2021\/06\/RioOnWatchcabecalhoPT11anos-2.png\",\"contentUrl\":\"https:\/\/rioonwatch.org.br\/wp-content\/uploads\/2021\/06\/RioOnWatchcabecalhoPT11anos-2.png\",\"width\":779,\"height\":277,\"caption\":\"RioOnWatch\"},\"image\":{\"@id\":\"https:\/\/rioonwatch.org.br\/#\/schema\/logo\/image\/\"}},{\"@type\":\"Person\",\"@id\":\"https:\/\/rioonwatch.org.br\/#\/schema\/person\/476bc75767957d3535b65b796667cd36\",\"name\":\"Julio Santos Filho\",\"image\":{\"@type\":\"ImageObject\",\"inLanguage\":\"pt-BR\",\"@id\":\"https:\/\/rioonwatch.org.br\/#\/schema\/person\/image\/\",\"url\":\"https:\/\/secure.gravatar.com\/avatar\/ca138f7666182a292a8ce4ca14fb81f8?s=96&d=blank&r=g\",\"contentUrl\":\"https:\/\/secure.gravatar.com\/avatar\/ca138f7666182a292a8ce4ca14fb81f8?s=96&d=blank&r=g\",\"caption\":\"Julio Santos Filho\"},\"url\":\"https:\/\/rioonwatch.org.br\/?author=167\"}]}<\/script>\n<!-- \/ Yoast SEO plugin. -->","yoast_head_json":{"title":"Complexo do Lins e Complexo do 18 Est\u00e3o na APA dos Pretos Forros e Possuem Hist\u00f3rico de Deslizamentos: Mas S\u00f3 Um Tem Sirenes - RioOnWatch","robots":{"index":"index","follow":"follow","max-snippet":"max-snippet:-1","max-image-preview":"max-image-preview:large","max-video-preview":"max-video-preview:-1"},"canonical":"https:\/\/rioonwatch.org.br\/?p=76504","og_locale":"pt_BR","og_type":"article","og_title":"Complexo do Lins e Complexo do 18 Est\u00e3o na APA dos Pretos Forros e Possuem Hist\u00f3rico de Deslizamentos: Mas S\u00f3 Um Tem Sirenes - RioOnWatch","og_description":"Click Here for English Esta mat\u00e9ria faz parte de uma\u00a0s\u00e9rie\u00a0gerada por uma parceria com o\u00a0Digital Brazil Project\u00a0do\u00a0Centro Behner Stiefel de Estudos Brasileiros\u00a0da Universidade Estadual de San Diego na Calif\u00f3rnia, para produzir mat\u00e9rias sobre justi\u00e7a ambiental [...]","og_url":"https:\/\/rioonwatch.org.br\/?p=76504","og_site_name":"RioOnWatch","article_published_time":"2024-12-12T16:13:42+00:00","article_modified_time":"2025-02-23T23:25:39+00:00","og_image":[{"width":768,"height":453,"url":"https:\/\/rioonwatch.org.br\/wp-content\/uploads\/2024\/12\/Manutencao-sirenes-pela-prefeitura-768x453.png","type":"image\/png"}],"author":"Julio Santos Filho","twitter_card":"summary_large_image","twitter_misc":{"Escrito por":"Julio Santos Filho","Est. tempo de leitura":"19 minutos"},"schema":{"@context":"https:\/\/schema.org","@graph":[{"@type":"Article","@id":"https:\/\/rioonwatch.org.br\/?p=76504#article","isPartOf":{"@id":"https:\/\/rioonwatch.org.br\/?p=76504"},"author":{"name":"Julio Santos Filho","@id":"https:\/\/rioonwatch.org.br\/#\/schema\/person\/476bc75767957d3535b65b796667cd36"},"headline":"Complexo do Lins e Complexo do 18 Est\u00e3o na APA dos Pretos Forros e Possuem Hist\u00f3rico de Deslizamentos: Mas S\u00f3 Um Tem Sirenes","datePublished":"2024-12-12T16:13:42+00:00","dateModified":"2025-02-23T23:25:39+00:00","mainEntityOfPage":{"@id":"https:\/\/rioonwatch.org.br\/?p=76504"},"wordCount":3944,"publisher":{"@id":"https:\/\/rioonwatch.org.br\/#organization"},"image":{"@id":"https:\/\/rioonwatch.org.br\/?p=76504#primaryimage"},"thumbnailUrl":"https:\/\/rioonwatch.org.br\/wp-content\/uploads\/2024\/12\/Manutencao-sirenes-pela-prefeitura.png","keywords":["\u00c1rea de Prote\u00e7\u00e3o Ambiental","bacia de evapotranspira\u00e7\u00e3o","Barro Preto","Barro Vermelho","Cachoeirinha","Camarista M\u00e9ier","Casa Fluminense","chuvas","Complexo do 18","Complexo do Lins","Defesa Civil","Dona Francisca","esgoto","Floresta da Tijuca","Justi\u00e7a Clim\u00e1tica","Lemos de Brito","M\u00e9ier","Morro da Bacia","Morro da Cachoeira Grande","Morro da Cotia","Morro do 18","Morro do Amor","Morro do C\u00e9u","Morro do Encontro","Morro do Gamb\u00e1","Morro Nossa Senhora da Guia","mudan\u00e7as clim\u00e1ticas","Neglig\u00eancia do Estado","Ouro Preto","Outero","participa\u00e7\u00e3o zero","Pedra da G\u00e1vea","Pretos Forros","Quilombo","Quintino","resili\u00eancia","risco de deslizamento","risco de enchente","Sa\u00e7u","saneamento","Santa Terezinha","S\u00e9rie Apoiada pelo Centro Behner Stiefel\/SDSU","Serra dos Pretos Forros","sustentabilidade","Vila Cabu\u00e7u","Zona Norte"],"articleSection":["#OlhoNaUrbaniza\u00e7\u00e3o","*Destaque","Dados e Pesquisa","Escrito por Comunicadores Populares","Justi\u00e7a Clim\u00e1tica","Seguran\u00e7a P\u00fablica","Solu\u00e7\u00f5es","Sustentabilidade"],"inLanguage":"pt-BR"},{"@type":"WebPage","@id":"https:\/\/rioonwatch.org.br\/?p=76504","url":"https:\/\/rioonwatch.org.br\/?p=76504","name":"Complexo do Lins e Complexo do 18 Est\u00e3o na APA dos Pretos Forros e Possuem Hist\u00f3rico de Deslizamentos: Mas S\u00f3 Um Tem Sirenes - RioOnWatch","isPartOf":{"@id":"https:\/\/rioonwatch.org.br\/#website"},"primaryImageOfPage":{"@id":"https:\/\/rioonwatch.org.br\/?p=76504#primaryimage"},"image":{"@id":"https:\/\/rioonwatch.org.br\/?p=76504#primaryimage"},"thumbnailUrl":"https:\/\/rioonwatch.org.br\/wp-content\/uploads\/2024\/12\/Manutencao-sirenes-pela-prefeitura.png","datePublished":"2024-12-12T16:13:42+00:00","dateModified":"2025-02-23T23:25:39+00:00","breadcrumb":{"@id":"https:\/\/rioonwatch.org.br\/?p=76504#breadcrumb"},"inLanguage":"pt-BR","potentialAction":[{"@type":"ReadAction","target":["https:\/\/rioonwatch.org.br\/?p=76504"]}]},{"@type":"ImageObject","inLanguage":"pt-BR","@id":"https:\/\/rioonwatch.org.br\/?p=76504#primaryimage","url":"https:\/\/rioonwatch.org.br\/wp-content\/uploads\/2024\/12\/Manutencao-sirenes-pela-prefeitura.png","contentUrl":"https:\/\/rioonwatch.org.br\/wp-content\/uploads\/2024\/12\/Manutencao-sirenes-pela-prefeitura.png","width":2546,"height":1501},{"@type":"BreadcrumbList","@id":"https:\/\/rioonwatch.org.br\/?p=76504#breadcrumb","itemListElement":[{"@type":"ListItem","position":1,"name":"In\u00edcio","item":"https:\/\/rioonwatch.org.br\/"},{"@type":"ListItem","position":2,"name":"Complexo do Lins e Complexo do 18 Est\u00e3o na APA dos Pretos Forros e Possuem Hist\u00f3rico de Deslizamentos: Mas S\u00f3 Um Tem Sirenes"}]},{"@type":"WebSite","@id":"https:\/\/rioonwatch.org.br\/#website","url":"https:\/\/rioonwatch.org.br\/","name":"RioOnWatch","description":"relatos das favelas cariocas","publisher":{"@id":"https:\/\/rioonwatch.org.br\/#organization"},"potentialAction":[{"@type":"SearchAction","target":{"@type":"EntryPoint","urlTemplate":"https:\/\/rioonwatch.org.br\/?s={search_term_string}"},"query-input":{"@type":"PropertyValueSpecification","valueRequired":true,"valueName":"search_term_string"}}],"inLanguage":"pt-BR"},{"@type":"Organization","@id":"https:\/\/rioonwatch.org.br\/#organization","name":"RioOnWatch","url":"https:\/\/rioonwatch.org.br\/","logo":{"@type":"ImageObject","inLanguage":"pt-BR","@id":"https:\/\/rioonwatch.org.br\/#\/schema\/logo\/image\/","url":"https:\/\/rioonwatch.org.br\/wp-content\/uploads\/2021\/06\/RioOnWatchcabecalhoPT11anos-2.png","contentUrl":"https:\/\/rioonwatch.org.br\/wp-content\/uploads\/2021\/06\/RioOnWatchcabecalhoPT11anos-2.png","width":779,"height":277,"caption":"RioOnWatch"},"image":{"@id":"https:\/\/rioonwatch.org.br\/#\/schema\/logo\/image\/"}},{"@type":"Person","@id":"https:\/\/rioonwatch.org.br\/#\/schema\/person\/476bc75767957d3535b65b796667cd36","name":"Julio Santos Filho","image":{"@type":"ImageObject","inLanguage":"pt-BR","@id":"https:\/\/rioonwatch.org.br\/#\/schema\/person\/image\/","url":"https:\/\/secure.gravatar.com\/avatar\/ca138f7666182a292a8ce4ca14fb81f8?s=96&d=blank&r=g","contentUrl":"https:\/\/secure.gravatar.com\/avatar\/ca138f7666182a292a8ce4ca14fb81f8?s=96&d=blank&r=g","caption":"Julio Santos Filho"},"url":"https:\/\/rioonwatch.org.br\/?author=167"}]}},"_links":{"self":[{"href":"https:\/\/rioonwatch.org.br\/index.php?rest_route=\/wp\/v2\/posts\/76504"}],"collection":[{"href":"https:\/\/rioonwatch.org.br\/index.php?rest_route=\/wp\/v2\/posts"}],"about":[{"href":"https:\/\/rioonwatch.org.br\/index.php?rest_route=\/wp\/v2\/types\/post"}],"author":[{"embeddable":true,"href":"https:\/\/rioonwatch.org.br\/index.php?rest_route=\/wp\/v2\/users\/167"}],"replies":[{"embeddable":true,"href":"https:\/\/rioonwatch.org.br\/index.php?rest_route=%2Fwp%2Fv2%2Fcomments&post=76504"}],"version-history":[{"count":39,"href":"https:\/\/rioonwatch.org.br\/index.php?rest_route=\/wp\/v2\/posts\/76504\/revisions"}],"predecessor-version":[{"id":76962,"href":"https:\/\/rioonwatch.org.br\/index.php?rest_route=\/wp\/v2\/posts\/76504\/revisions\/76962"}],"wp:featuredmedia":[{"embeddable":true,"href":"https:\/\/rioonwatch.org.br\/index.php?rest_route=\/wp\/v2\/media\/76620"}],"wp:attachment":[{"href":"https:\/\/rioonwatch.org.br\/index.php?rest_route=%2Fwp%2Fv2%2Fmedia&parent=76504"}],"wp:term":[{"taxonomy":"category","embeddable":true,"href":"https:\/\/rioonwatch.org.br\/index.php?rest_route=%2Fwp%2Fv2%2Fcategories&post=76504"},{"taxonomy":"post_tag","embeddable":true,"href":"https:\/\/rioonwatch.org.br\/index.php?rest_route=%2Fwp%2Fv2%2Ftags&post=76504"},{"taxonomy":"writer","embeddable":true,"href":"https:\/\/rioonwatch.org.br\/index.php?rest_route=%2Fwp%2Fv2%2Fwriter&post=76504"},{"taxonomy":"translator","embeddable":true,"href":"https:\/\/rioonwatch.org.br\/index.php?rest_route=%2Fwp%2Fv2%2Ftranslator&post=76504"},{"taxonomy":"source","embeddable":true,"href":"https:\/\/rioonwatch.org.br\/index.php?rest_route=%2Fwp%2Fv2%2Fsource&post=76504"},{"taxonomy":"ilustrador","embeddable":true,"href":"https:\/\/rioonwatch.org.br\/index.php?rest_route=%2Fwp%2Fv2%2Filustrador&post=76504"},{"taxonomy":"fotografo","embeddable":true,"href":"https:\/\/rioonwatch.org.br\/index.php?rest_route=%2Fwp%2Fv2%2Ffotografo&post=76504"}],"curies":[{"name":"wp","href":"https:\/\/api.w.org\/{rel}","templated":true}]}}