{"id":76613,"date":"2025-01-09T17:28:04","date_gmt":"2025-01-09T20:28:04","guid":{"rendered":"https:\/\/rioonwatch.org.br\/?p=76613"},"modified":"2026-04-14T10:00:26","modified_gmt":"2026-04-14T13:00:26","slug":"folha-do-borel-conheca-o-historico-jornal-de-favela-do-rio-produzido-no-periodo-da-ditadura-civil-militar","status":"publish","type":"post","link":"https:\/\/rioonwatch.org.br\/?p=76613","title":{"rendered":"Folha do Borel: Conhe\u00e7a o Hist\u00f3rico Jornal de Favela Produzido no Per\u00edodo da Ditadura Civil-Militar"},"content":{"rendered":"<figure id=\"attachment_76672\" aria-describedby=\"caption-attachment-76672\" style=\"width: 1200px\" class=\"wp-caption aligncenter\"><a href=\"https:\/\/rioonwatch.org.br\/wp-content\/uploads\/2024\/12\/O-jornal-Folha-do-Borel.-Acervo-Igor-Soares.jpeg\"><img fetchpriority=\"high\" decoding=\"async\" class=\"wp-image-76672 size-full\" title=\"O jornal Folha do Borel, fundado na d\u00e9cada de 1970, foi uma importante m\u00eddia favelada que atuou contra o regime ditatorial e em defesa de direitos dos moradores de favela at\u00e9 sua \u00faltima edi\u00e7\u00e3o em 1988. Acervo Igor Soares\" src=\"https:\/\/rioonwatch.org.br\/wp-content\/uploads\/2024\/12\/O-jornal-Folha-do-Borel.-Acervo-Igor-Soares.jpeg\" alt=\"O jornal Folha do Borel, fundado na d\u00e9cada de 1970, foi uma importante m\u00eddia favelada que atuou contra o regime ditatorial e em defesa de direitos dos moradores de favela at\u00e9 sua \u00faltima edi\u00e7\u00e3o em 1988. Acervo Igor Soares\" width=\"1200\" height=\"1600\" srcset=\"https:\/\/rioonwatch.org.br\/wp-content\/uploads\/2024\/12\/O-jornal-Folha-do-Borel.-Acervo-Igor-Soares.jpeg 1200w, https:\/\/rioonwatch.org.br\/wp-content\/uploads\/2024\/12\/O-jornal-Folha-do-Borel.-Acervo-Igor-Soares-465x620.jpeg 465w, https:\/\/rioonwatch.org.br\/wp-content\/uploads\/2024\/12\/O-jornal-Folha-do-Borel.-Acervo-Igor-Soares-1125x1500.jpeg 1125w, https:\/\/rioonwatch.org.br\/wp-content\/uploads\/2024\/12\/O-jornal-Folha-do-Borel.-Acervo-Igor-Soares-768x1024.jpeg 768w, https:\/\/rioonwatch.org.br\/wp-content\/uploads\/2024\/12\/O-jornal-Folha-do-Borel.-Acervo-Igor-Soares-1152x1536.jpeg 1152w\" sizes=\"(max-width: 1200px) 100vw, 1200px\" \/><\/a><figcaption id=\"caption-attachment-76672\" class=\"wp-caption-text\">O jornal <em>Folha do Borel<\/em>, fundado na d\u00e9cada de 1970, foi uma importante m\u00eddia favelada que atuou contra o regime ditatorial e em defesa de direitos dos moradores de favela at\u00e9 sua \u00faltima edi\u00e7\u00e3o em 1988. Acervo: Igor Soares<\/figcaption><\/figure>\n<p style=\"text-align: right;\"><em><strong><a href=\"https:\/\/bit.ly\/4jtH9dP\" target=\"_blank\" rel=\"noopener noreferrer\">Click Here for English<\/a><a href=\"https:\/\/bit.ly\/4jtH9dP\" rel=\"noopener noreferrer\"><img decoding=\"async\" class=\"alignright wp-image-15790\" src=\"http:\/\/rioonwatch.org.br\/wp-content\/uploads\/2012\/08\/EN-standard-e1439583104716.jpg\" alt=\"\" width=\"20\" height=\"20\" \/><\/a><\/strong><\/em><\/p>\n<p><em>Esta mat\u00e9ria faz parte da s\u00e9rie de\u00a0<a href=\"https:\/\/bit.ly\/SeriePotencias\" target=\"_blank\" rel=\"noopener\">Mem\u00f3rias de Pot\u00eancias Faveladas<\/a>\u00a0do RioOnWatch, que visa documentar e celebrar a hist\u00f3ria das favelas do Rio de Janeiro atrav\u00e9s de relatos e reportagens sobre a mem\u00f3ria coletiva em sua luta cotidiana pelo direito a uma vida plena.<\/em><\/p>\n<p><span style=\"font-weight: 400;\">O jornal <em>Folha do Borel<\/em>, f<\/span>undado na d\u00e9cada de 1970, foi uma importante m\u00eddia favelada que atuou contra o <a href=\"https:\/\/bit.ly\/39nMkZ2\" target=\"_blank\" rel=\"noopener\">regime ditatorial<\/a> e em defesa de direitos dos moradores de favela at\u00e9 sua \u00faltima edi\u00e7\u00e3o em 1988. <span style=\"font-weight: 400;\">O <a href=\"https:\/\/bit.ly\/2AoXRtJ\" target=\"_blank\" rel=\"noopener\">Morro do Borel<\/a>, comunidade na <a href=\"https:\/\/rioonwatch.org.br\/?tag=tijuca\">Grande Tijuca<\/a>, <a href=\"https:\/\/rioonwatch.org.br\/?tag=zona-norte\">Zona Norte<\/a> do Rio de Janeiro, sempre foi marcado pela resist\u00eancia, desde a <a href=\"https:\/\/bit.ly\/41xpD1r\" target=\"_blank\" rel=\"noopener\">sua funda\u00e7\u00e3o em 1921<\/a>. Seus primeiros moradores foram a popula\u00e7\u00e3o removida dos <a href=\"https:\/\/bit.ly\/3GzLnPo\" target=\"_blank\" rel=\"noopener\">Morros do Castelo e de Santo Ant\u00f4nio, demolidos<\/a>. Os moradores se mobilizavam em torno de pautas e interesses comuns, como creches, posse de terra, lazer, \u00e1gua, entre outras demandas, que se estendem at\u00e9 hoje.<\/span><\/p>\n<p>Borel foi a favela que criou a Uni\u00e3o dos Trabalhadores Favelados (<a href=\"https:\/\/bit.ly\/4iBfXco\" target=\"_blank\" rel=\"noopener\">UTF<\/a>) em 1954, ainda na democracia brasileira p\u00f3s-Segunda Guerra Mundial, dez anos antes do golpe de Estado que inaugurou a ditadura militar.\u00a0 Mauro Amoroso, historiador e professor da <a href=\"https:\/\/bit.ly\/2KQx9xm\" target=\"_blank\" rel=\"noopener\">UERJ<\/a>, aponta que o contexto hist\u00f3rico do Brasil era de muita repress\u00e3o por parte do regime, mas, por outro lado, de muita resist\u00eancia da popula\u00e7\u00e3o, exemplificada pela UTF.<\/p>\n<blockquote><p>\u201cA Uni\u00e3o dos Trabalhadores Favelados foi a primeira institui\u00e7\u00e3o que reuniu associa\u00e7\u00f5es de moradores de favelas. S\u00f3 a\u00ed voc\u00ea coloca um pioneirismo na hist\u00f3ria de luta e de milit\u00e2ncia do Morro do Borel, brigando contra remo\u00e7\u00f5es.\u201d \u2014 Mauro Amoroso<\/p><\/blockquote>\n<p>Esse cen\u00e1rio se deu em luta judicial, com empresas brigando pela posse das terras onde se localiza o Morro do Borel. \u201cA <a href=\"https:\/\/bit.ly\/4gAD19E\" target=\"_blank\" rel=\"noopener\">UTF foi muito atuante<\/a> na luta por direitos, tentando lan\u00e7ar candidatos que representassem os interesses dos moradores, principalmente no Legislativo, como o advogado Antoine Magarino Torres Filho, que colaborou para a cria\u00e7\u00e3o da UTF e na luta dos moradores\u201d, sinaliza Mauro. No entanto, em 1964 aconteceu o golpe militar.<\/p>\n<blockquote><p>\u201cCom o <a href=\"https:\/\/bit.ly\/3BhQwfp\" target=\"_blank\" rel=\"noopener\">Golpe de 1964<\/a>, a UTF sofre um grande impacto. S\u00f3 se rearticula a partir dos anos 1970. Muitas vezes, a atua\u00e7\u00e3o de grupos mais novos e mais velhos entravam em choque, mas todos continuavam militando pela causa da reorganiza\u00e7\u00e3o do Borel e da milit\u00e2ncia contra a ditadura.\u201d \u2014 Mauro Amoroso<\/p><\/blockquote>\n<p>Ao longo da hist\u00f3ria do Morro do Borel, a <a href=\"https:\/\/bit.ly\/3OSs5rV\" target=\"_blank\" rel=\"noopener\">comunica\u00e7\u00e3o comunit\u00e1ria<\/a> se mostrou um caminho poss\u00edvel para resguardar e reivindicar direitos para a favela. \u201cA imprensa favelada \u00e9 importante para o jornalismo porque instaura um outro jornalismo que n\u00e3o \u00e9 o da m\u00eddia tradicional, convencional. Outras possibilidades, d\u00e1 oportunidade para os agentes, as pessoas das favelas terem atua\u00e7\u00e3o entre sua voz publicada e publicizada, para que essa voz possa ser ouvida e, por outro lado, fala de temas que interessam mais diretamente a esse p\u00fablico\u201d, ressalta Marialva Barbosa, professora de Jornalismo da <a href=\"https:\/\/bit.ly\/2KgADIe\" target=\"_blank\" rel=\"noopener\">UFRJ<\/a>.<\/p>\n<p>\u00c9 exatamente esse o caso do jornal <em>Folha do Borel<\/em>. Fundado na d\u00e9cada de 1970, \u00e9 um exemplo da busca pela potencializa\u00e7\u00e3o das vozes faveladas. \u00c9 o que relata Miramar Castilho, 70, morador antigo, que chegou ao Borel com 10 anos, ainda nos anos 1960, e participou de diversas mobiliza\u00e7\u00f5es na favela. Ele foi um dos participantes do jornal <em>Folha do Borel<\/em> e conta um pouco dessa hist\u00f3ria, afirmando que o jornal era bem aceito pela favela.<\/p>\n<blockquote><p>\u201cO jornal surgiu com a necessidade de divulgar os filmes do Cineclube Oscarito, que veio junto com a estudante de sociologia Marisa Pal\u00e1cio. Ela trouxe para o Borel um projetor, a m\u00e1quina de passar filme daquelas antigas, projetor 16 mm, e come\u00e7ou os trabalhos com um grupo formado por pessoas aqui da capela da igreja&#8230; A gente fazia o jornal tipo um esqueleto, primeiramente. Cada um fazia uma determinada parte. Eu, por exemplo, ficava com a parte de divers\u00e3o, palavras cruzadas, jogo dos sete erros. Tinha a Miriam, que fazia o hor\u00f3scopo Madame Mira. A gente sa\u00eda pelo morro para distribuir o jornal, que tinha uma tiragem de cerca de 1.000 exemplares, datilografadas naquelas m\u00e1quinas antigas. As fotos [eram] em preto e branco, [tinha] alguns desenhos.<\/p><\/blockquote>\n<blockquote><p>Era de grande aceita\u00e7\u00e3o. As pessoas ficavam olhando o jornal; mas, muitas vezes, usavam o jornal para sentar na cal\u00e7ada ap\u00f3s a leitura&#8230; Era um trabalho \u00e1rduo, que ocorria uma vez por semana. A gente se juntava para subir a parte mais alta do morro e distribuir abaixo.\u201d\u00a0\u2014 Miramar Castilho<\/p><\/blockquote>\n<p>Em entrevista, Rute Barros, que coordenou o <a href=\"https:\/\/bit.ly\/4gt6p1l\" target=\"_blank\" rel=\"noopener\">Projeto Condutores de Mem\u00f3ria<\/a>, afirma que o nome <em>Folha do Borel<\/em> foi dado ap\u00f3s uma consulta com todos os participantes. O jornal nasceu em 1976, conforme registros de exemplares existentes. Segundo ela, o jornal funcionou por mais de dez anos, tendo sua \u00faltima edi\u00e7\u00e3o em 1988.<\/p>\n<figure id=\"attachment_76674\" aria-describedby=\"caption-attachment-76674\" style=\"width: 1200px\" class=\"wp-caption aligncenter\"><a href=\"https:\/\/rioonwatch.org.br\/wp-content\/uploads\/2024\/12\/Jornal-Folha-do-Borel-circulou-por-mais-de-dez-anos-e-colaborou-para-potencializar-as-vozes-faveladas-em-sua-luta-por-direitos.-Acervo-Igor-Soares.jpeg\"><img decoding=\"async\" class=\"wp-image-76674 size-full\" title=\"Jornal Folha do Borel circulou por mais de dez anos e colaborou para potencializar as vozes faveladas em sua luta por direitos. A capa desta edi\u00e7\u00e3o traz chamadas de reportagens que falam sobre a elei\u00e7\u00e3o para a Associa\u00e7\u00e3o de Moradores, fala do papel social da Unidos da Tijuca para o Borel, da Igreja local, entre outros. Acervo Igor Soares\" src=\"https:\/\/rioonwatch.org.br\/wp-content\/uploads\/2024\/12\/Jornal-Folha-do-Borel-circulou-por-mais-de-dez-anos-e-colaborou-para-potencializar-as-vozes-faveladas-em-sua-luta-por-direitos.-Acervo-Igor-Soares.jpeg\" alt=\"Jornal Folha do Borel circulou por mais de dez anos e colaborou para potencializar as vozes faveladas em sua luta por direitos. A capa desta edi\u00e7\u00e3o traz chamadas de reportagens que falam sobre a elei\u00e7\u00e3o para a Associa\u00e7\u00e3o de Moradores, fala do papel social da Unidos da Tijuca para o Borel, da Igreja local, entre outros. Acervo Igor Soares\" width=\"1200\" height=\"1600\" srcset=\"https:\/\/rioonwatch.org.br\/wp-content\/uploads\/2024\/12\/Jornal-Folha-do-Borel-circulou-por-mais-de-dez-anos-e-colaborou-para-potencializar-as-vozes-faveladas-em-sua-luta-por-direitos.-Acervo-Igor-Soares.jpeg 1200w, https:\/\/rioonwatch.org.br\/wp-content\/uploads\/2024\/12\/Jornal-Folha-do-Borel-circulou-por-mais-de-dez-anos-e-colaborou-para-potencializar-as-vozes-faveladas-em-sua-luta-por-direitos.-Acervo-Igor-Soares-465x620.jpeg 465w, https:\/\/rioonwatch.org.br\/wp-content\/uploads\/2024\/12\/Jornal-Folha-do-Borel-circulou-por-mais-de-dez-anos-e-colaborou-para-potencializar-as-vozes-faveladas-em-sua-luta-por-direitos.-Acervo-Igor-Soares-1125x1500.jpeg 1125w, https:\/\/rioonwatch.org.br\/wp-content\/uploads\/2024\/12\/Jornal-Folha-do-Borel-circulou-por-mais-de-dez-anos-e-colaborou-para-potencializar-as-vozes-faveladas-em-sua-luta-por-direitos.-Acervo-Igor-Soares-768x1024.jpeg 768w, https:\/\/rioonwatch.org.br\/wp-content\/uploads\/2024\/12\/Jornal-Folha-do-Borel-circulou-por-mais-de-dez-anos-e-colaborou-para-potencializar-as-vozes-faveladas-em-sua-luta-por-direitos.-Acervo-Igor-Soares-1152x1536.jpeg 1152w\" sizes=\"(max-width: 1200px) 100vw, 1200px\" \/><\/a><figcaption id=\"caption-attachment-76674\" class=\"wp-caption-text\">Jornal <em>Folha do Borel<\/em> circulou por mais de dez anos e colaborou para potencializar as vozes faveladas em sua luta por direitos. A capa desta edi\u00e7\u00e3o traz chamadas de reportagens que falam sobre a elei\u00e7\u00e3o para a Associa\u00e7\u00e3o de Moradores, fala do papel social da Unidos da Tijuca para o Borel, da igreja local, entre outros. Acervo: Igor Soares<\/figcaption><\/figure>\n<p>A impress\u00e3o era realizada com a <a href=\"https:\/\/rioonwatch.org.br\/?tag=pastoral-de-favelas\">ajuda da Igreja Cat\u00f3lica<\/a>. Al\u00e9m disso, os comerciantes locais colaboravam como podiam, segundo Barros. Miramar diz que se cogitou a possibilidade de cobrar centavos \u00e0 \u00e9poca para sustentar o jornal, mas a ideia n\u00e3o prosperou e o jornal continuou funcionando com as colabora\u00e7\u00f5es dos comerciantes e da igreja.<\/p>\n<p>O conte\u00fado do jornal girava em torno de pautas de interesse comum dos moradores. No entanto, as lutas n\u00e3o se restringiam apenas ao Borel. Havia o acolhimento de demandas de outras favelas, como o <a href=\"https:\/\/bit.ly\/2XYwO1q\" target=\"_blank\" rel=\"noopener\">Morro da Formiga<\/a>, tamb\u00e9m localizado na Tijuca, que ganhou espa\u00e7o para trazer suas demandas no per\u00edodo.<\/p>\n<p>A reuni\u00e3o de pauta era realizada na Igrejinha, uma localidade no alto do morro, que faz refer\u00eancia a uma igreja Cat\u00f3lica. E, como parte dos integrantes n\u00e3o era da favela, o grupo de fora ficava a cargo de trocar informa\u00e7\u00f5es com outros ve\u00edculos de comunica\u00e7\u00e3o. Como os integrantes do jornal n\u00e3o tinham instrumento para ajudar na produ\u00e7\u00e3o das not\u00edcias, uma m\u00e1quina de escrever foi doada na \u00e9poca por uma estudante da UFRJ, segundo Miramar.<\/p>\n<p><em>Folha do Borel<\/em> tinha editorias, que n\u00e3o se alteravam nas edi\u00e7\u00f5es subsequentes: editorial, entrevistas, <em>O Lingu\u00e3o<\/em> (dedicado a trazer informes de reuni\u00f5es e assembleias realizadas na associa\u00e7\u00e3o de moradores), hor\u00f3scopo, jogos, cantinho po\u00e9tico e culin\u00e1ria.<\/p>\n<figure id=\"attachment_76671\" aria-describedby=\"caption-attachment-76671\" style=\"width: 1200px\" class=\"wp-caption alignnone\"><a href=\"https:\/\/rioonwatch.org.br\/wp-content\/uploads\/2024\/12\/Editorial-reclama-da-crescente-imobilidade-dos-trabalhadores-frente-aos-precos-abusivos.-Acervo-Igor-Soares.jpeg\"><img loading=\"lazy\" decoding=\"async\" class=\"wp-image-76671 size-full\" title=\"Editorial reclama da condi\u00e7\u00e3o do transporte p\u00fablico, de seus aumentos suscessivos, dos baixos sal\u00e1rios de passageiros, motoristas e cobradores e da crescente imobilidade dos trabalhadores frente aos pre\u00e7os abusivos dos transportes p\u00fablicos. Acervo Igor Soares\" src=\"https:\/\/rioonwatch.org.br\/wp-content\/uploads\/2024\/12\/Editorial-reclama-da-crescente-imobilidade-dos-trabalhadores-frente-aos-precos-abusivos.-Acervo-Igor-Soares.jpeg\" alt=\"Editorial reclama da condi\u00e7\u00e3o do transporte p\u00fablico, de seus aumentos suscessivos, dos baixos sal\u00e1rios de passageiros, motoristas e cobradores e da crescente imobilidade dos trabalhadores frente aos pre\u00e7os abusivos dos transportes p\u00fablicos. Acervo Igor Soares\" width=\"1200\" height=\"1600\" srcset=\"https:\/\/rioonwatch.org.br\/wp-content\/uploads\/2024\/12\/Editorial-reclama-da-crescente-imobilidade-dos-trabalhadores-frente-aos-precos-abusivos.-Acervo-Igor-Soares.jpeg 1200w, https:\/\/rioonwatch.org.br\/wp-content\/uploads\/2024\/12\/Editorial-reclama-da-crescente-imobilidade-dos-trabalhadores-frente-aos-precos-abusivos.-Acervo-Igor-Soares-465x620.jpeg 465w, https:\/\/rioonwatch.org.br\/wp-content\/uploads\/2024\/12\/Editorial-reclama-da-crescente-imobilidade-dos-trabalhadores-frente-aos-precos-abusivos.-Acervo-Igor-Soares-1125x1500.jpeg 1125w, https:\/\/rioonwatch.org.br\/wp-content\/uploads\/2024\/12\/Editorial-reclama-da-crescente-imobilidade-dos-trabalhadores-frente-aos-precos-abusivos.-Acervo-Igor-Soares-768x1024.jpeg 768w, https:\/\/rioonwatch.org.br\/wp-content\/uploads\/2024\/12\/Editorial-reclama-da-crescente-imobilidade-dos-trabalhadores-frente-aos-precos-abusivos.-Acervo-Igor-Soares-1152x1536.jpeg 1152w\" sizes=\"(max-width: 1200px) 100vw, 1200px\" \/><\/a><figcaption id=\"caption-attachment-76671\" class=\"wp-caption-text\">Editorial reclama da condi\u00e7\u00e3o do transporte p\u00fablico, de seus aumentos sucessivos, dos baixos sal\u00e1rios de passageiros, motoristas e cobradores e da crescente imobilidade dos trabalhadores frente aos pre\u00e7os abusivos dos transportes p\u00fablicos. Acervo: Igor Soares<\/figcaption><\/figure>\n<p>Assim como qualquer jornal, as principais not\u00edcias constavam na capa, trazendo a manchete e os boxes com outras not\u00edcias que o leitor poderia encontrar naquela edi\u00e7\u00e3o.<\/p>\n<p>O jornal tinha diferen\u00e7as tipogr\u00e1ficas e tamb\u00e9m discrep\u00e2ncias na linguagem e na ortografia. No entanto, essa diferen\u00e7a ortogr\u00e1fica n\u00e3o era relevante, uma vez que o foco era informar. Erros no jornal eram corrigidos com um peda\u00e7o de papel em cima do que foi escrito, j\u00e1 que a m\u00e1quina de escrever n\u00e3o permitia errar uma palavra. O peri\u00f3dico era feito em folha de papel A4. Na capa, constava o logotipo com nome do ve\u00edculo <i>Folha do Borel<\/i> escrito \u00e0 m\u00e3o, inspirado no jornal <i>Folha de S\u00e3o Paulo<\/i>. Havia tamb\u00e9m informa\u00e7\u00f5es de ano e tiragem. Rodava-se de 1.000 a 1.200 exemplares por tiragem semanal.<strong>\u00a0<\/strong><\/p>\n<p>Quando o assunto \u00e9 o conte\u00fado que o jornal abordava, em um exemplar, de 1982, por exemplo, houve uma convoca\u00e7\u00e3o dos moradores para votarem de maneira consciente nas elei\u00e7\u00f5es para governador. Ap\u00f3s anos de dura luta pelo voto direto, <a href=\"https:\/\/bit.ly\/49xdOdR\" target=\"_blank\" rel=\"noopener\">1982 marca o retorno das elei\u00e7\u00f5es diretas para os governos estaduais<\/a>. \u00c9 importante lembrar que nesse per\u00edodo ainda n\u00e3o era permitido aos brasileiros votar para presidente. O controle do pa\u00eds ainda estava nas m\u00e3os dos militares. S\u00f3 anos depois, <a href=\"https:\/\/bit.ly\/4ghHL43\" target=\"_blank\" rel=\"noopener\">em 1989, o voto direto para presidente<\/a> voltou a ser permitido; quatro anos depois do fim da ditadura militar.<\/p>\n<p>A <i>Folha do Borel<\/i> n\u00e3o tinha apenas o car\u00e1ter denuncista, mas evidenciava a coragem de trazer em sua edi\u00e7\u00e3o um texto com a opini\u00e3o do jornal sobre as elei\u00e7\u00f5es, o per\u00edodo ditatorial e o ditador <a href=\"https:\/\/bit.ly\/4ghbjyY\" target=\"_blank\" rel=\"noopener\">Jo\u00e3o Figueiredo<\/a>. O ve\u00edculo publicou duras cr\u00edticas \u00e0 pol\u00edtica e ao regime, se referindo ao militares como \u201cos homens\u201d, que n\u00e3o permitiam que fosse escolhido um presidente, mas s\u00f3 governadores.<\/p>\n<p>\u201cNada melhora, pelo contr\u00e1rio, cada vez mais comemos pior, nossos sal\u00e1rios diminuem, o transporte \u00e9 pior e mais caro, moramos em p\u00e9ssimas condi\u00e7\u00f5es, o atendimento m\u00e9dico \u00e9 pior e mais caro por causa da incompet\u00eancia do governo. E pouco caso com a sa\u00fade do povo\u201d, dizia um trecho do editorial publicado.<\/p>\n<figure id=\"attachment_76670\" aria-describedby=\"caption-attachment-76670\" style=\"width: 1200px\" class=\"wp-caption aligncenter\"><a href=\"https:\/\/rioonwatch.org.br\/wp-content\/uploads\/2024\/12\/Editorial-de-Folha-do-Borel-sobre-as-eleicoes-de-1982-ainda-sob-a-ditadura-militar.-Acervo-Igor-Soares.jpeg\"><img loading=\"lazy\" decoding=\"async\" class=\"wp-image-76670 size-full\" title=\"Editorial de Folha do Borel sobre as elei\u00e7\u00f5es de 1982, ainda sob a ditadura militar. Acervo Igor Soares\" src=\"https:\/\/rioonwatch.org.br\/wp-content\/uploads\/2024\/12\/Editorial-de-Folha-do-Borel-sobre-as-eleicoes-de-1982-ainda-sob-a-ditadura-militar.-Acervo-Igor-Soares.jpeg\" alt=\"Editorial de Folha do Borel sobre as elei\u00e7\u00f5es de 1982, ainda sob a ditadura militar. Acervo Igor Soares\" width=\"1200\" height=\"1600\" srcset=\"https:\/\/rioonwatch.org.br\/wp-content\/uploads\/2024\/12\/Editorial-de-Folha-do-Borel-sobre-as-eleicoes-de-1982-ainda-sob-a-ditadura-militar.-Acervo-Igor-Soares.jpeg 1200w, https:\/\/rioonwatch.org.br\/wp-content\/uploads\/2024\/12\/Editorial-de-Folha-do-Borel-sobre-as-eleicoes-de-1982-ainda-sob-a-ditadura-militar.-Acervo-Igor-Soares-465x620.jpeg 465w, https:\/\/rioonwatch.org.br\/wp-content\/uploads\/2024\/12\/Editorial-de-Folha-do-Borel-sobre-as-eleicoes-de-1982-ainda-sob-a-ditadura-militar.-Acervo-Igor-Soares-1125x1500.jpeg 1125w, https:\/\/rioonwatch.org.br\/wp-content\/uploads\/2024\/12\/Editorial-de-Folha-do-Borel-sobre-as-eleicoes-de-1982-ainda-sob-a-ditadura-militar.-Acervo-Igor-Soares-768x1024.jpeg 768w, https:\/\/rioonwatch.org.br\/wp-content\/uploads\/2024\/12\/Editorial-de-Folha-do-Borel-sobre-as-eleicoes-de-1982-ainda-sob-a-ditadura-militar.-Acervo-Igor-Soares-1152x1536.jpeg 1152w\" sizes=\"(max-width: 1200px) 100vw, 1200px\" \/><\/a><figcaption id=\"caption-attachment-76670\" class=\"wp-caption-text\">Editorial de <em>Folha do Borel<\/em> sobre as elei\u00e7\u00f5es de 1982, ainda sob a ditadura militar. Acervo: Igor Soares<\/figcaption><\/figure>\n<p>Naquela mesma edi\u00e7\u00e3o, moradoras faziam um chamamento p\u00fablico de mulheres para discutirem a sociedade e por que homens estavam indo trabalhar e elas precisavam ficar em casa cuidando dos filhos. Elas queriam igualdade de g\u00eanero. As mulheres queriam creches para deixar os filhos\u2013uma luta que se estende at\u00e9 os dias atuais. Era um movimento feminista num pa\u00eds em que o debate do feminismo ainda n\u00e3o contemplava as mulheres faveladas. Independentemente disso, elas se mobilizaram no Borel, em sororidade favelada.<\/p>\n<p>\u201cCompanheiras, a Associa\u00e7\u00e3o do Borel est\u00e1 com um trabalho de mulheres, que \u00e9 o Departamento Feminino, no qual n\u00f3s, mulheres, discutimos os nossos direitos junto com os dos homens: a cria\u00e7\u00e3o dos nossos filhos sem escolas, o sinal, que \u00e9 um perigo para todos, principalmente, para os nossos filhos e o direito de dividirmos com o nosso companheiro a luta do dia a dia. Discutimos todos os problemas, inclusive, o da carestia. J\u00e1 que somos mulheres, n\u00e3o servimos s\u00f3 para lavar, cozinhar e passar. Somos m\u00e3es, amantes e mulher. M\u00e3e para criar os nossos filhos sem levar em conta a carestia. Amante para dividirmos o nosso amor com nosso companheiro. Mulher para ser parente principalmente na doen\u00e7a\u201d, dizia um trecho do jornal.<\/p>\n<blockquote><p>\u201cPor mais que a gente j\u00e1 estivesse na parte final da hist\u00f3ria militar, \u00e9 sempre importante lembrar que ainda aconteceram alguns eventos que foram chocantes para a hist\u00f3ria do Brasil, como o <a href=\"https:\/\/bit.ly\/41PDAs3\" target=\"_blank\" rel=\"noopener\">atentado do Riocentro<\/a>. O pr\u00f3prio com\u00edcio das \u2018<a href=\"https:\/\/bit.ly\/2W28lo9\" target=\"_blank\" rel=\"noopener\">Diretas J\u00e1!<\/a>\u2019 foi muito mobilizador, mostrava o quanto a sociedade queria o fim da ditadura. Teve muita ades\u00e3o, mas n\u00e3o foi o suficiente para fazer com que tiv\u00e9ssemos elei\u00e7\u00f5es diretas em 1985, como a sociedade desejava.&#8221; \u2014 Mauro Amoroso<\/p><\/blockquote>\n<p>\u201c\u00c9 um per\u00edodo que os militares ainda estavam, de certa forma, dentro da ideologia. E restrita, ainda seguravam muita coisa. E isso no campo da censura era bem n\u00edtido\u201d, complementa Mauro, pontuando que a censura estava presente no campo art\u00edstico e cultural, nas novelas e demais produ\u00e7\u00f5es.<\/p>\n<p>Ele cita a obra <a href=\"https:\/\/bit.ly\/3OSF1y1\" target=\"_blank\" rel=\"noopener\"><em>O Jornalismo Popular nas Favelas Cariocas<\/em><\/a>, de Marco Morel, lan\u00e7ada em 1986, que retrata a comunica\u00e7\u00e3o comunit\u00e1ria como ferramenta de transforma\u00e7\u00e3o local. \u201cMostra como \u00e9 que, por meio do jornalismo comunit\u00e1rio, da imprensa comunit\u00e1ria, os moradores de favela estavam reorganizando seu movimento social\u201d, j\u00e1 que estavam mobilizados e falando sobre a retomada da Federa\u00e7\u00e3o de Associa\u00e7\u00f5es de Favelas do Rio de Janeiro (<a href=\"https:\/\/bit.ly\/3hRFuR7\" target=\"_blank\" rel=\"noopener\">FAFERJ<\/a>), na \u00e9poca, Federa\u00e7\u00e3o das Associa\u00e7\u00f5es de Favelas do Estado da Guanabara (<a href=\"https:\/\/bit.ly\/3ZsWEcC\" target=\"_blank\" rel=\"noopener\">FAFEG<\/a>), que havia sido <a href=\"https:\/\/bit.ly\/3D9TXp1\" target=\"_blank\" rel=\"noopener\">perseguida e posta na ilegalidade<\/a> desde o in\u00edcio da ditadura, nos anos 1960.<\/p>\n<p>\u201cDestacam-se grupos pol\u00edticos, por exemplo, envolvidos com o povo Borel. Voc\u00ea teve muitos militantes da A\u00e7\u00e3o Popular, que era um grupo que vem da Igreja Cat\u00f3lica. Tamb\u00e9m teve alguns militantes famosos e o grupo do Movimento Armado Oito de Outubro (<a href=\"https:\/\/bit.ly\/2YwElVu\" target=\"_blank\" rel=\"noopener\">MR8<\/a>), um grupo revolucion\u00e1rio marxista, que participou da luta armada contra a ditadura militar.\u201d Segundo o pesquisador, ap\u00f3s o desmantelamento dos grupos armados, os militantes passaram a procurar novas formas de continuar lutando contra o regime e come\u00e7aram a dialogar com outros grupos, como nas favelas. Embora os diversos grupos tivessem suas tens\u00f5es, buscava-se, ent\u00e3o, uma &#8220;conviv\u00eancia t\u00e1tica&#8221;, de acordo com Amoroso, disputando associa\u00e7\u00f5es de moradores, entre outras frentes.<\/p>\n<blockquote><p>\u201cA <em>Folha do Borel<\/em> teve um papel important\u00edssimo de rearticula\u00e7\u00e3o da milit\u00e2ncia, principalmente uma milit\u00e2ncia mais jovem no pr\u00f3prio Borel. Ent\u00e3o, \u00e9 importante ressaltar esse papel da comunica\u00e7\u00e3o popular, que, ao mesmo tempo, serviu como um estopim para a reorganiza\u00e7\u00e3o de uma milit\u00e2ncia jovem favelada no Morro do Borel e acabou se tornando uma refer\u00eancia.\u201d \u2014 Mauro Amoroso<\/p><\/blockquote>\n<figure id=\"attachment_76675\" aria-describedby=\"caption-attachment-76675\" style=\"width: 1200px\" class=\"wp-caption aligncenter\"><a href=\"https:\/\/rioonwatch.org.br\/wp-content\/uploads\/2024\/12\/Capa-de-Folha-do-Borel-publicado-entre-as-decadas-de-1970-e-1980-traz-ilustracoes-e-manchetes-bem-acessiveis-e-comunicativas-demandando-direitos-e-chamando-os-moradores-a-luta.-Acervo-Igor-Soares.jpeg\"><img loading=\"lazy\" decoding=\"async\" class=\"wp-image-76675 size-full\" title=\"Capa de Folha do Borel publicado entre as d\u00e9cadas de 1970 e 1980 traz ilustra\u00e7\u00f5es e manchetes bem acess\u00edveis e comunicativas, demandando direitos e chamando os moradores \u00e0 luta. Acervo Igor Soares\" src=\"https:\/\/rioonwatch.org.br\/wp-content\/uploads\/2024\/12\/Capa-de-Folha-do-Borel-publicado-entre-as-decadas-de-1970-e-1980-traz-ilustracoes-e-manchetes-bem-acessiveis-e-comunicativas-demandando-direitos-e-chamando-os-moradores-a-luta.-Acervo-Igor-Soares.jpeg\" alt=\"Capa de Folha do Borel publicado entre as d\u00e9cadas de 1970 e 1980 traz ilustra\u00e7\u00f5es e manchetes bem acess\u00edveis e comunicativas, demandando direitos e chamando os moradores \u00e0 luta. Acervo Igor Soares\" width=\"1200\" height=\"1600\" srcset=\"https:\/\/rioonwatch.org.br\/wp-content\/uploads\/2024\/12\/Capa-de-Folha-do-Borel-publicado-entre-as-decadas-de-1970-e-1980-traz-ilustracoes-e-manchetes-bem-acessiveis-e-comunicativas-demandando-direitos-e-chamando-os-moradores-a-luta.-Acervo-Igor-Soares.jpeg 1200w, https:\/\/rioonwatch.org.br\/wp-content\/uploads\/2024\/12\/Capa-de-Folha-do-Borel-publicado-entre-as-decadas-de-1970-e-1980-traz-ilustracoes-e-manchetes-bem-acessiveis-e-comunicativas-demandando-direitos-e-chamando-os-moradores-a-luta.-Acervo-Igor-Soares-465x620.jpeg 465w, https:\/\/rioonwatch.org.br\/wp-content\/uploads\/2024\/12\/Capa-de-Folha-do-Borel-publicado-entre-as-decadas-de-1970-e-1980-traz-ilustracoes-e-manchetes-bem-acessiveis-e-comunicativas-demandando-direitos-e-chamando-os-moradores-a-luta.-Acervo-Igor-Soares-1125x1500.jpeg 1125w, https:\/\/rioonwatch.org.br\/wp-content\/uploads\/2024\/12\/Capa-de-Folha-do-Borel-publicado-entre-as-decadas-de-1970-e-1980-traz-ilustracoes-e-manchetes-bem-acessiveis-e-comunicativas-demandando-direitos-e-chamando-os-moradores-a-luta.-Acervo-Igor-Soares-768x1024.jpeg 768w, https:\/\/rioonwatch.org.br\/wp-content\/uploads\/2024\/12\/Capa-de-Folha-do-Borel-publicado-entre-as-decadas-de-1970-e-1980-traz-ilustracoes-e-manchetes-bem-acessiveis-e-comunicativas-demandando-direitos-e-chamando-os-moradores-a-luta.-Acervo-Igor-Soares-1152x1536.jpeg 1152w\" sizes=\"(max-width: 1200px) 100vw, 1200px\" \/><\/a><figcaption id=\"caption-attachment-76675\" class=\"wp-caption-text\">Capa de <em>Folha do Borel<\/em> publicado entre as d\u00e9cadas de 1970 e 1980 traz ilustra\u00e7\u00f5es e manchetes bem acess\u00edveis e comunicativas, demandando direitos e chamando os moradores \u00e0 luta. Acervo: Igor Soares<\/figcaption><\/figure>\n<p><em>Sobre o autor:\u00a0<a href=\"https:\/\/bit.ly\/42EoKTz\" target=\"_blank\" rel=\"noopener\">Igor Soares<\/a>\u00a0\u00e9 cria do Morro do Borel e jornalista pela Universidade Federal do Rio de Janeiro (UFRJ). Atualmente contribui com o #Colabora e atua como freelancer. Tem experi\u00eancia em cobertura de cidades, direitos humanos e seguran\u00e7a p\u00fablica, j\u00e1 tendo passado pela reda\u00e7\u00e3o do Estad\u00e3o, do Portal iG e produzido reportagens para a Folha de S\u00e3o Paulo.<\/em><\/p>\n<hr \/>\n<h4><b data-stringify-type=\"bold\">Apoie nossos esfor\u00e7os para fornecer apoio estrat\u00e9gico \u00e0s favelas do Rio, incluindo o jornalismo hiperlocal, cr\u00edtico, inovador e incans\u00e1vel do\u00a0<\/b><b data-stringify-type=\"bold\"><i data-stringify-type=\"italic\">RioOnWatch<\/i><\/b>\u2014<a class=\"c-link\" href=\"http:\/\/www.bit.ly\/ApoieROW\" target=\"_blank\" rel=\"noopener noreferrer\" data-stringify-link=\"http:\/\/www.bit.ly\/ApoieROW\" data-sk=\"tooltip_parent\">doe aqui<\/a>.<\/h4>\n<!-- AddThis Advanced Settings generic via filter on the_content --><!-- AddThis Share Buttons generic via filter on the_content -->","protected":false},"excerpt":{"rendered":"<div class=\"mh-excerpt\"><p>Click Here for English Esta mat\u00e9ria faz parte da s\u00e9rie de\u00a0Mem\u00f3rias de Pot\u00eancias Faveladas\u00a0do RioOnWatch, que visa documentar e celebrar a hist\u00f3ria das favelas do Rio de Janeiro atrav\u00e9s de relatos e reportagens sobre a <a class=\"mh-excerpt-more\" href=\"https:\/\/rioonwatch.org.br\/?p=76613\" title=\"Folha do Borel: Conhe\u00e7a o Hist\u00f3rico Jornal de Favela Produzido no Per\u00edodo da Ditadura Civil-Militar\">[&#8230;]<\/a><!-- AddThis Advanced Settings generic via filter on get_the_excerpt --><!-- AddThis Share Buttons generic via filter on get_the_excerpt --><\/p>\n<\/div>","protected":false},"author":167,"featured_media":76672,"comment_status":"closed","ping_status":"closed","sticky":false,"template":"template-full.php","format":"standard","meta":{"_acf_changed":false,"_monsterinsights_skip_tracking":false,"_monsterinsights_sitenote_active":false,"_monsterinsights_sitenote_note":"","_monsterinsights_sitenote_category":0,"footnotes":""},"categories":[1621,3175,1625,1613,1616,1612,342],"tags":[704,1530,1023,60,128,2548,1166,469,232,2131,86,14,3432,1344,218],"writer":[3415],"translator":[],"source":[],"ilustrador":[],"fotografo":[],"class_list":{"0":"post-76613","1":"post","2":"type-post","3":"status-publish","4":"format-standard","5":"has-post-thumbnail","7":"category-destaque","8":"category-democracia","9":"category-por-correspondentes-comunitarios","10":"category-midia-comunitaria","11":"category-qualidades-da-favela","12":"category-sociedade-civil","13":"category-solucoes","14":"tag-borel","15":"tag-midia-comunitaria","16":"tag-ditadura-militar","17":"tag-tijuca","18":"tag-historia","19":"tag-igreja-catolica","20":"tag-jornalismo","21":"tag-memoria","22":"tag-morro-da-formiga","23":"tag-morro-do-castelo","24":"tag-pastoral-de-favelas","25":"tag-remocao","26":"tag-serie-memorias-de-potencias-faveladas","27":"tag-serie-comunicacao-comunitaria","28":"tag-zona-norte","29":"writer-igor-soares"},"acf":[],"yoast_head":"<!-- This site is optimized with the Yoast SEO plugin v25.6 - https:\/\/yoast.com\/wordpress\/plugins\/seo\/ -->\n<title>Folha do Borel: Conhe\u00e7a o Hist\u00f3rico Jornal de Favela Produzido no Per\u00edodo da Ditadura Civil-Militar - RioOnWatch<\/title>\n<meta name=\"robots\" content=\"index, follow, max-snippet:-1, max-image-preview:large, max-video-preview:-1\" \/>\n<link rel=\"canonical\" href=\"https:\/\/rioonwatch.org.br\/?p=76613\" \/>\n<meta property=\"og:locale\" content=\"pt_BR\" \/>\n<meta property=\"og:type\" content=\"article\" \/>\n<meta property=\"og:title\" content=\"Folha do Borel: Conhe\u00e7a o Hist\u00f3rico Jornal de Favela Produzido no Per\u00edodo da Ditadura Civil-Militar - RioOnWatch\" \/>\n<meta property=\"og:description\" content=\"Click Here for English Esta mat\u00e9ria faz parte da s\u00e9rie de\u00a0Mem\u00f3rias de Pot\u00eancias Faveladas\u00a0do RioOnWatch, que visa documentar e celebrar a hist\u00f3ria das favelas do Rio de Janeiro atrav\u00e9s de relatos e reportagens sobre a [...]\" \/>\n<meta property=\"og:url\" content=\"https:\/\/rioonwatch.org.br\/?p=76613\" \/>\n<meta property=\"og:site_name\" content=\"RioOnWatch\" \/>\n<meta property=\"article:published_time\" content=\"2025-01-09T20:28:04+00:00\" \/>\n<meta property=\"article:modified_time\" content=\"2026-04-14T13:00:26+00:00\" \/>\n<meta property=\"og:image\" content=\"https:\/\/rioonwatch.org.br\/wp-content\/uploads\/2024\/12\/O-jornal-Folha-do-Borel.-Acervo-Igor-Soares.jpeg\" \/>\n\t<meta property=\"og:image:width\" content=\"1200\" \/>\n\t<meta property=\"og:image:height\" content=\"1600\" \/>\n\t<meta property=\"og:image:type\" content=\"image\/jpeg\" \/>\n<meta name=\"author\" content=\"Julio Santos Filho\" \/>\n<meta name=\"twitter:card\" content=\"summary_large_image\" \/>\n<meta name=\"twitter:label1\" content=\"Escrito por\" \/>\n\t<meta name=\"twitter:data1\" content=\"Julio Santos Filho\" \/>\n\t<meta name=\"twitter:label2\" content=\"Est. tempo de leitura\" \/>\n\t<meta name=\"twitter:data2\" content=\"12 minutos\" \/>\n<script type=\"application\/ld+json\" class=\"yoast-schema-graph\">{\"@context\":\"https:\/\/schema.org\",\"@graph\":[{\"@type\":\"Article\",\"@id\":\"https:\/\/rioonwatch.org.br\/?p=76613#article\",\"isPartOf\":{\"@id\":\"https:\/\/rioonwatch.org.br\/?p=76613\"},\"author\":{\"name\":\"Julio Santos Filho\",\"@id\":\"https:\/\/rioonwatch.org.br\/#\/schema\/person\/476bc75767957d3535b65b796667cd36\"},\"headline\":\"Folha do Borel: Conhe\u00e7a o Hist\u00f3rico Jornal de Favela Produzido no Per\u00edodo da Ditadura Civil-Militar\",\"datePublished\":\"2025-01-09T20:28:04+00:00\",\"dateModified\":\"2026-04-14T13:00:26+00:00\",\"mainEntityOfPage\":{\"@id\":\"https:\/\/rioonwatch.org.br\/?p=76613\"},\"wordCount\":2404,\"publisher\":{\"@id\":\"https:\/\/rioonwatch.org.br\/#organization\"},\"image\":{\"@id\":\"https:\/\/rioonwatch.org.br\/?p=76613#primaryimage\"},\"thumbnailUrl\":\"https:\/\/rioonwatch.org.br\/wp-content\/uploads\/2024\/12\/O-jornal-Folha-do-Borel.-Acervo-Igor-Soares.jpeg\",\"keywords\":[\"Borel\",\"Comunica\u00e7\u00e3o Comunit\u00e1ria\",\"Ditadura Militar\",\"Grande Tijuca\",\"hist\u00f3ria\",\"Igreja Cat\u00f3lica\",\"jornalismo\",\"Mem\u00f3rias Faveladas\",\"Morro da Formiga\",\"Morro do Castelo\",\"Pastoral das Favelas\",\"Remo\u00e7\u00e3o\",\"S\u00e9rie: Mem\u00f3rias de Pot\u00eancias Faveladas\",\"S\u00e9rie: Perfis de M\u00eddia Comunit\u00e1ria\",\"Zona Norte\"],\"articleSection\":[\"*Destaque\",\"Democracia\",\"Escrito por Comunicadores Populares\",\"M\u00eddia Comunit\u00e1ria\",\"Qualidades da Favela\",\"Sociedade Civil\",\"Solu\u00e7\u00f5es\"],\"inLanguage\":\"pt-BR\"},{\"@type\":\"WebPage\",\"@id\":\"https:\/\/rioonwatch.org.br\/?p=76613\",\"url\":\"https:\/\/rioonwatch.org.br\/?p=76613\",\"name\":\"Folha do Borel: Conhe\u00e7a o Hist\u00f3rico Jornal de Favela Produzido no Per\u00edodo da Ditadura Civil-Militar - RioOnWatch\",\"isPartOf\":{\"@id\":\"https:\/\/rioonwatch.org.br\/#website\"},\"primaryImageOfPage\":{\"@id\":\"https:\/\/rioonwatch.org.br\/?p=76613#primaryimage\"},\"image\":{\"@id\":\"https:\/\/rioonwatch.org.br\/?p=76613#primaryimage\"},\"thumbnailUrl\":\"https:\/\/rioonwatch.org.br\/wp-content\/uploads\/2024\/12\/O-jornal-Folha-do-Borel.-Acervo-Igor-Soares.jpeg\",\"datePublished\":\"2025-01-09T20:28:04+00:00\",\"dateModified\":\"2026-04-14T13:00:26+00:00\",\"breadcrumb\":{\"@id\":\"https:\/\/rioonwatch.org.br\/?p=76613#breadcrumb\"},\"inLanguage\":\"pt-BR\",\"potentialAction\":[{\"@type\":\"ReadAction\",\"target\":[\"https:\/\/rioonwatch.org.br\/?p=76613\"]}]},{\"@type\":\"ImageObject\",\"inLanguage\":\"pt-BR\",\"@id\":\"https:\/\/rioonwatch.org.br\/?p=76613#primaryimage\",\"url\":\"https:\/\/rioonwatch.org.br\/wp-content\/uploads\/2024\/12\/O-jornal-Folha-do-Borel.-Acervo-Igor-Soares.jpeg\",\"contentUrl\":\"https:\/\/rioonwatch.org.br\/wp-content\/uploads\/2024\/12\/O-jornal-Folha-do-Borel.-Acervo-Igor-Soares.jpeg\",\"width\":1200,\"height\":1600,\"caption\":\"O jornal Folha do Borel, fundado na d\u00e9cada de 1970, foi uma importante m\u00eddia favelada que atuou contra o regime ditatorial e em defesa de direitos dos moradores de favela at\u00e9 sua \u00faltima edi\u00e7\u00e3o em 1988. Acervo Igor Soares\"},{\"@type\":\"BreadcrumbList\",\"@id\":\"https:\/\/rioonwatch.org.br\/?p=76613#breadcrumb\",\"itemListElement\":[{\"@type\":\"ListItem\",\"position\":1,\"name\":\"In\u00edcio\",\"item\":\"https:\/\/rioonwatch.org.br\/\"},{\"@type\":\"ListItem\",\"position\":2,\"name\":\"Folha do Borel: Conhe\u00e7a o Hist\u00f3rico Jornal de Favela Produzido no Per\u00edodo da Ditadura Civil-Militar\"}]},{\"@type\":\"WebSite\",\"@id\":\"https:\/\/rioonwatch.org.br\/#website\",\"url\":\"https:\/\/rioonwatch.org.br\/\",\"name\":\"RioOnWatch\",\"description\":\"relatos das favelas cariocas\",\"publisher\":{\"@id\":\"https:\/\/rioonwatch.org.br\/#organization\"},\"potentialAction\":[{\"@type\":\"SearchAction\",\"target\":{\"@type\":\"EntryPoint\",\"urlTemplate\":\"https:\/\/rioonwatch.org.br\/?s={search_term_string}\"},\"query-input\":{\"@type\":\"PropertyValueSpecification\",\"valueRequired\":true,\"valueName\":\"search_term_string\"}}],\"inLanguage\":\"pt-BR\"},{\"@type\":\"Organization\",\"@id\":\"https:\/\/rioonwatch.org.br\/#organization\",\"name\":\"RioOnWatch\",\"url\":\"https:\/\/rioonwatch.org.br\/\",\"logo\":{\"@type\":\"ImageObject\",\"inLanguage\":\"pt-BR\",\"@id\":\"https:\/\/rioonwatch.org.br\/#\/schema\/logo\/image\/\",\"url\":\"https:\/\/rioonwatch.org.br\/wp-content\/uploads\/2021\/06\/RioOnWatchcabecalhoPT11anos-2.png\",\"contentUrl\":\"https:\/\/rioonwatch.org.br\/wp-content\/uploads\/2021\/06\/RioOnWatchcabecalhoPT11anos-2.png\",\"width\":779,\"height\":277,\"caption\":\"RioOnWatch\"},\"image\":{\"@id\":\"https:\/\/rioonwatch.org.br\/#\/schema\/logo\/image\/\"}},{\"@type\":\"Person\",\"@id\":\"https:\/\/rioonwatch.org.br\/#\/schema\/person\/476bc75767957d3535b65b796667cd36\",\"name\":\"Julio Santos Filho\",\"image\":{\"@type\":\"ImageObject\",\"inLanguage\":\"pt-BR\",\"@id\":\"https:\/\/rioonwatch.org.br\/#\/schema\/person\/image\/\",\"url\":\"https:\/\/secure.gravatar.com\/avatar\/ca138f7666182a292a8ce4ca14fb81f8?s=96&d=blank&r=g\",\"contentUrl\":\"https:\/\/secure.gravatar.com\/avatar\/ca138f7666182a292a8ce4ca14fb81f8?s=96&d=blank&r=g\",\"caption\":\"Julio Santos Filho\"},\"url\":\"https:\/\/rioonwatch.org.br\/?author=167\"}]}<\/script>\n<!-- \/ Yoast SEO plugin. -->","yoast_head_json":{"title":"Folha do Borel: Conhe\u00e7a o Hist\u00f3rico Jornal de Favela Produzido no Per\u00edodo da Ditadura Civil-Militar - RioOnWatch","robots":{"index":"index","follow":"follow","max-snippet":"max-snippet:-1","max-image-preview":"max-image-preview:large","max-video-preview":"max-video-preview:-1"},"canonical":"https:\/\/rioonwatch.org.br\/?p=76613","og_locale":"pt_BR","og_type":"article","og_title":"Folha do Borel: Conhe\u00e7a o Hist\u00f3rico Jornal de Favela Produzido no Per\u00edodo da Ditadura Civil-Militar - RioOnWatch","og_description":"Click Here for English Esta mat\u00e9ria faz parte da s\u00e9rie de\u00a0Mem\u00f3rias de Pot\u00eancias Faveladas\u00a0do RioOnWatch, que visa documentar e celebrar a hist\u00f3ria das favelas do Rio de Janeiro atrav\u00e9s de relatos e reportagens sobre a [...]","og_url":"https:\/\/rioonwatch.org.br\/?p=76613","og_site_name":"RioOnWatch","article_published_time":"2025-01-09T20:28:04+00:00","article_modified_time":"2026-04-14T13:00:26+00:00","og_image":[{"width":1200,"height":1600,"url":"https:\/\/rioonwatch.org.br\/wp-content\/uploads\/2024\/12\/O-jornal-Folha-do-Borel.-Acervo-Igor-Soares.jpeg","type":"image\/jpeg"}],"author":"Julio Santos Filho","twitter_card":"summary_large_image","twitter_misc":{"Escrito por":"Julio Santos Filho","Est. tempo de leitura":"12 minutos"},"schema":{"@context":"https:\/\/schema.org","@graph":[{"@type":"Article","@id":"https:\/\/rioonwatch.org.br\/?p=76613#article","isPartOf":{"@id":"https:\/\/rioonwatch.org.br\/?p=76613"},"author":{"name":"Julio Santos Filho","@id":"https:\/\/rioonwatch.org.br\/#\/schema\/person\/476bc75767957d3535b65b796667cd36"},"headline":"Folha do Borel: Conhe\u00e7a o Hist\u00f3rico Jornal de Favela Produzido no Per\u00edodo da Ditadura Civil-Militar","datePublished":"2025-01-09T20:28:04+00:00","dateModified":"2026-04-14T13:00:26+00:00","mainEntityOfPage":{"@id":"https:\/\/rioonwatch.org.br\/?p=76613"},"wordCount":2404,"publisher":{"@id":"https:\/\/rioonwatch.org.br\/#organization"},"image":{"@id":"https:\/\/rioonwatch.org.br\/?p=76613#primaryimage"},"thumbnailUrl":"https:\/\/rioonwatch.org.br\/wp-content\/uploads\/2024\/12\/O-jornal-Folha-do-Borel.-Acervo-Igor-Soares.jpeg","keywords":["Borel","Comunica\u00e7\u00e3o Comunit\u00e1ria","Ditadura Militar","Grande Tijuca","hist\u00f3ria","Igreja Cat\u00f3lica","jornalismo","Mem\u00f3rias Faveladas","Morro da Formiga","Morro do Castelo","Pastoral das Favelas","Remo\u00e7\u00e3o","S\u00e9rie: Mem\u00f3rias de Pot\u00eancias Faveladas","S\u00e9rie: Perfis de M\u00eddia Comunit\u00e1ria","Zona Norte"],"articleSection":["*Destaque","Democracia","Escrito por Comunicadores Populares","M\u00eddia Comunit\u00e1ria","Qualidades da Favela","Sociedade Civil","Solu\u00e7\u00f5es"],"inLanguage":"pt-BR"},{"@type":"WebPage","@id":"https:\/\/rioonwatch.org.br\/?p=76613","url":"https:\/\/rioonwatch.org.br\/?p=76613","name":"Folha do Borel: Conhe\u00e7a o Hist\u00f3rico Jornal de Favela Produzido no Per\u00edodo da Ditadura Civil-Militar - RioOnWatch","isPartOf":{"@id":"https:\/\/rioonwatch.org.br\/#website"},"primaryImageOfPage":{"@id":"https:\/\/rioonwatch.org.br\/?p=76613#primaryimage"},"image":{"@id":"https:\/\/rioonwatch.org.br\/?p=76613#primaryimage"},"thumbnailUrl":"https:\/\/rioonwatch.org.br\/wp-content\/uploads\/2024\/12\/O-jornal-Folha-do-Borel.-Acervo-Igor-Soares.jpeg","datePublished":"2025-01-09T20:28:04+00:00","dateModified":"2026-04-14T13:00:26+00:00","breadcrumb":{"@id":"https:\/\/rioonwatch.org.br\/?p=76613#breadcrumb"},"inLanguage":"pt-BR","potentialAction":[{"@type":"ReadAction","target":["https:\/\/rioonwatch.org.br\/?p=76613"]}]},{"@type":"ImageObject","inLanguage":"pt-BR","@id":"https:\/\/rioonwatch.org.br\/?p=76613#primaryimage","url":"https:\/\/rioonwatch.org.br\/wp-content\/uploads\/2024\/12\/O-jornal-Folha-do-Borel.-Acervo-Igor-Soares.jpeg","contentUrl":"https:\/\/rioonwatch.org.br\/wp-content\/uploads\/2024\/12\/O-jornal-Folha-do-Borel.-Acervo-Igor-Soares.jpeg","width":1200,"height":1600,"caption":"O jornal Folha do Borel, fundado na d\u00e9cada de 1970, foi uma importante m\u00eddia favelada que atuou contra o regime ditatorial e em defesa de direitos dos moradores de favela at\u00e9 sua \u00faltima edi\u00e7\u00e3o em 1988. Acervo Igor Soares"},{"@type":"BreadcrumbList","@id":"https:\/\/rioonwatch.org.br\/?p=76613#breadcrumb","itemListElement":[{"@type":"ListItem","position":1,"name":"In\u00edcio","item":"https:\/\/rioonwatch.org.br\/"},{"@type":"ListItem","position":2,"name":"Folha do Borel: Conhe\u00e7a o Hist\u00f3rico Jornal de Favela Produzido no Per\u00edodo da Ditadura Civil-Militar"}]},{"@type":"WebSite","@id":"https:\/\/rioonwatch.org.br\/#website","url":"https:\/\/rioonwatch.org.br\/","name":"RioOnWatch","description":"relatos das favelas cariocas","publisher":{"@id":"https:\/\/rioonwatch.org.br\/#organization"},"potentialAction":[{"@type":"SearchAction","target":{"@type":"EntryPoint","urlTemplate":"https:\/\/rioonwatch.org.br\/?s={search_term_string}"},"query-input":{"@type":"PropertyValueSpecification","valueRequired":true,"valueName":"search_term_string"}}],"inLanguage":"pt-BR"},{"@type":"Organization","@id":"https:\/\/rioonwatch.org.br\/#organization","name":"RioOnWatch","url":"https:\/\/rioonwatch.org.br\/","logo":{"@type":"ImageObject","inLanguage":"pt-BR","@id":"https:\/\/rioonwatch.org.br\/#\/schema\/logo\/image\/","url":"https:\/\/rioonwatch.org.br\/wp-content\/uploads\/2021\/06\/RioOnWatchcabecalhoPT11anos-2.png","contentUrl":"https:\/\/rioonwatch.org.br\/wp-content\/uploads\/2021\/06\/RioOnWatchcabecalhoPT11anos-2.png","width":779,"height":277,"caption":"RioOnWatch"},"image":{"@id":"https:\/\/rioonwatch.org.br\/#\/schema\/logo\/image\/"}},{"@type":"Person","@id":"https:\/\/rioonwatch.org.br\/#\/schema\/person\/476bc75767957d3535b65b796667cd36","name":"Julio Santos Filho","image":{"@type":"ImageObject","inLanguage":"pt-BR","@id":"https:\/\/rioonwatch.org.br\/#\/schema\/person\/image\/","url":"https:\/\/secure.gravatar.com\/avatar\/ca138f7666182a292a8ce4ca14fb81f8?s=96&d=blank&r=g","contentUrl":"https:\/\/secure.gravatar.com\/avatar\/ca138f7666182a292a8ce4ca14fb81f8?s=96&d=blank&r=g","caption":"Julio Santos Filho"},"url":"https:\/\/rioonwatch.org.br\/?author=167"}]}},"_links":{"self":[{"href":"https:\/\/rioonwatch.org.br\/index.php?rest_route=\/wp\/v2\/posts\/76613"}],"collection":[{"href":"https:\/\/rioonwatch.org.br\/index.php?rest_route=\/wp\/v2\/posts"}],"about":[{"href":"https:\/\/rioonwatch.org.br\/index.php?rest_route=\/wp\/v2\/types\/post"}],"author":[{"embeddable":true,"href":"https:\/\/rioonwatch.org.br\/index.php?rest_route=\/wp\/v2\/users\/167"}],"replies":[{"embeddable":true,"href":"https:\/\/rioonwatch.org.br\/index.php?rest_route=%2Fwp%2Fv2%2Fcomments&post=76613"}],"version-history":[{"count":38,"href":"https:\/\/rioonwatch.org.br\/index.php?rest_route=\/wp\/v2\/posts\/76613\/revisions"}],"predecessor-version":[{"id":77025,"href":"https:\/\/rioonwatch.org.br\/index.php?rest_route=\/wp\/v2\/posts\/76613\/revisions\/77025"}],"wp:featuredmedia":[{"embeddable":true,"href":"https:\/\/rioonwatch.org.br\/index.php?rest_route=\/wp\/v2\/media\/76672"}],"wp:attachment":[{"href":"https:\/\/rioonwatch.org.br\/index.php?rest_route=%2Fwp%2Fv2%2Fmedia&parent=76613"}],"wp:term":[{"taxonomy":"category","embeddable":true,"href":"https:\/\/rioonwatch.org.br\/index.php?rest_route=%2Fwp%2Fv2%2Fcategories&post=76613"},{"taxonomy":"post_tag","embeddable":true,"href":"https:\/\/rioonwatch.org.br\/index.php?rest_route=%2Fwp%2Fv2%2Ftags&post=76613"},{"taxonomy":"writer","embeddable":true,"href":"https:\/\/rioonwatch.org.br\/index.php?rest_route=%2Fwp%2Fv2%2Fwriter&post=76613"},{"taxonomy":"translator","embeddable":true,"href":"https:\/\/rioonwatch.org.br\/index.php?rest_route=%2Fwp%2Fv2%2Ftranslator&post=76613"},{"taxonomy":"source","embeddable":true,"href":"https:\/\/rioonwatch.org.br\/index.php?rest_route=%2Fwp%2Fv2%2Fsource&post=76613"},{"taxonomy":"ilustrador","embeddable":true,"href":"https:\/\/rioonwatch.org.br\/index.php?rest_route=%2Fwp%2Fv2%2Filustrador&post=76613"},{"taxonomy":"fotografo","embeddable":true,"href":"https:\/\/rioonwatch.org.br\/index.php?rest_route=%2Fwp%2Fv2%2Ffotografo&post=76613"}],"curies":[{"name":"wp","href":"https:\/\/api.w.org\/{rel}","templated":true}]}}