{"id":76654,"date":"2025-01-28T16:41:39","date_gmt":"2025-01-28T19:41:39","guid":{"rendered":"https:\/\/rioonwatch.org.br\/?p=76654"},"modified":"2025-03-24T14:00:21","modified_gmt":"2025-03-24T17:00:21","slug":"cuca-de-familiar-de-vitima-do-estado-do-morro-da-coroa-a-referencia-de-militancia-favelada-perfil","status":"publish","type":"post","link":"https:\/\/rioonwatch.org.br\/?p=76654","title":{"rendered":"Cuca, a Personifica\u00e7\u00e3o do Luto \u00e0 Luta: De Familiar de V\u00edtima do Estado \u00e0 Refer\u00eancia de Milit\u00e2ncia Favelada [PERFIL]"},"content":{"rendered":"<figure id=\"attachment_76682\" aria-describedby=\"caption-attachment-76682\" style=\"width: 2560px\" class=\"wp-caption aligncenter\"><a href=\"https:\/\/rioonwatch.org.br\/wp-content\/uploads\/2024\/12\/Cuca-e-uma-lideranca-do-Morro-da-Coroa-parte-do-movimento-de-familiares-de-vitimas-do-Estado-militante-de-direitos-humanos-presente-em-diversos-atos-pela-cidade-scaled.jpg\"><img fetchpriority=\"high\" decoding=\"async\" class=\"wp-image-76682 size-full\" title=\"Cuca \u00e9 uma lideran\u00e7a do Morro da Coroa, parte do movimento de familiares de v\u00edtimas do Estado, militante de direitos humanos presente em diversos atos pela cidade. Foto: Vin\u00edcius Ribeiro\" src=\"https:\/\/rioonwatch.org.br\/wp-content\/uploads\/2024\/12\/Cuca-e-uma-lideranca-do-Morro-da-Coroa-parte-do-movimento-de-familiares-de-vitimas-do-Estado-militante-de-direitos-humanos-presente-em-diversos-atos-pela-cidade-scaled.jpg\" alt=\"Cuca \u00e9 uma lideran\u00e7a do Morro da Coroa, parte do movimento de familiares de v\u00edtimas do Estado, militante de direitos humanos presente em diversos atos pela cidade. Foto: Vin\u00edcius Ribeiro\" width=\"2560\" height=\"1707\" srcset=\"https:\/\/rioonwatch.org.br\/wp-content\/uploads\/2024\/12\/Cuca-e-uma-lideranca-do-Morro-da-Coroa-parte-do-movimento-de-familiares-de-vitimas-do-Estado-militante-de-direitos-humanos-presente-em-diversos-atos-pela-cidade-scaled.jpg 2560w, https:\/\/rioonwatch.org.br\/wp-content\/uploads\/2024\/12\/Cuca-e-uma-lideranca-do-Morro-da-Coroa-parte-do-movimento-de-familiares-de-vitimas-do-Estado-militante-de-direitos-humanos-presente-em-diversos-atos-pela-cidade-620x413.jpg 620w, https:\/\/rioonwatch.org.br\/wp-content\/uploads\/2024\/12\/Cuca-e-uma-lideranca-do-Morro-da-Coroa-parte-do-movimento-de-familiares-de-vitimas-do-Estado-militante-de-direitos-humanos-presente-em-diversos-atos-pela-cidade-768x512.jpg 768w, https:\/\/rioonwatch.org.br\/wp-content\/uploads\/2024\/12\/Cuca-e-uma-lideranca-do-Morro-da-Coroa-parte-do-movimento-de-familiares-de-vitimas-do-Estado-militante-de-direitos-humanos-presente-em-diversos-atos-pela-cidade-1536x1024.jpg 1536w, https:\/\/rioonwatch.org.br\/wp-content\/uploads\/2024\/12\/Cuca-e-uma-lideranca-do-Morro-da-Coroa-parte-do-movimento-de-familiares-de-vitimas-do-Estado-militante-de-direitos-humanos-presente-em-diversos-atos-pela-cidade-2048x1365.jpg 2048w\" sizes=\"(max-width: 2560px) 100vw, 2560px\" \/><\/a><figcaption id=\"caption-attachment-76682\" class=\"wp-caption-text\">Cuca \u00e9 uma lideran\u00e7a do Morro da Coroa, parte do movimento de familiares de v\u00edtimas do Estado, militante de direitos humanos presente em diversos atos pela cidade. Foto: Vin\u00edcius Ribeiro<\/figcaption><\/figure>\n<p style=\"text-align: right;\"><em><strong><a href=\"https:\/\/bit.ly\/43lpGOX\" target=\"_blank\" rel=\"noopener noreferrer\">Click Here for English<\/a><a href=\"https:\/\/bit.ly\/43lpGOX\" rel=\"noopener noreferrer\"><img decoding=\"async\" class=\"alignright wp-image-15790\" src=\"http:\/\/rioonwatch.org.br\/wp-content\/uploads\/2012\/08\/EN-standard-e1439583104716.jpg\" alt=\"\" width=\"20\" height=\"20\" \/><\/a><\/strong><\/em><\/p>\n<p><em>Esta mat\u00e9ria faz parte da s\u00e9rie de\u00a0<a href=\"https:\/\/bit.ly\/SeriePotencias\" target=\"_blank\" rel=\"noopener\">Mem\u00f3rias de Pot\u00eancias Faveladas<\/a>\u00a0do RioOnWatch, que visa documentar e celebrar a hist\u00f3ria das favelas do Rio de Janeiro atrav\u00e9s de relatos e reportagens sobre a mem\u00f3ria coletiva em sua luta cotidiana pelo direito a uma vida plena.<\/em><\/p>\n<p><span style=\"font-weight: 400;\">Na d\u00e9cada de 1990, no <a href=\"https:\/\/bit.ly\/3ed8YVj\" target=\"_blank\" rel=\"noopener\">Morro da Coroa<\/a>, no bairro do <a href=\"https:\/\/bit.ly\/3ZVdSkd\" target=\"_blank\" rel=\"noopener\">Catumbi<\/a>, <a href=\"https:\/\/bit.ly\/2x1dXEP\" target=\"_blank\" rel=\"noopener\">Centro<\/a>, um caso de <a href=\"https:\/\/bit.ly\/30PUPsB\" target=\"_blank\" rel=\"noopener\">viol\u00eancia policial<\/a> mudou a vida de Luciano Norberto dos Santos, mais conhecido como Cuca. Na \u00e9poca, ele era dirigente da Associa\u00e7\u00e3o de Moradores do Morro da Coroa quando um jovem de 15 anos foi morto pela Pol\u00edcia Militar (<a href=\"https:\/\/bit.ly\/3fW6s7q\" target=\"_blank\" rel=\"noopener\">PMERJ<\/a>).\u00a0<\/span><\/p>\n<blockquote><p><span style=\"font-weight: 400;\">\u201cO primeiro caso que aconteceu l\u00e1 no <\/span>Morro da Coroa<span style=\"font-weight: 400;\"> onde eu moro foi o caso da Dilamar. O filho dela foi morto com 15 anos. Na \u00e9poca, eu era o diretor da Associa\u00e7\u00e3o de Moradores. Esse caso repercutiu muito, porque o rapaz era estudante e estava com 15 anos de idade e foi morto com um tiro na testa por um sargento da Pol\u00edcia Militar. Na \u00e9poca, ele forjou o garoto, botou um pouquinho de droga e uma arma, o &#8216;kit bandido&#8217;, e tentou incriminar o menino. E isso a\u00ed revoltou a gente. Nos mobilizamos e fomos para a luta!\u201d <\/span><span style=\"font-weight: 400;\">\u2014<\/span><span style=\"font-weight: 400;\"> Cuca<\/span><\/p><\/blockquote>\n<p><span style=\"font-weight: 400;\">O que Cuca n\u00e3o esperava era que, anos depois, seu pr\u00f3prio irm\u00e3o, Josenildo dos Santos, na \u00e9poca com 42 anos, tamb\u00e9m seria morto a tiros pela mesma pol\u00edcia durante uma opera\u00e7\u00e3o policial. <\/span>No dia 2 de abril de 2009, Josenildo saiu da oficina mec\u00e2nica onde trabalhava como lanterneiro em dire\u00e7\u00e3o a um bar no Morro da Coroa para comprar cigarros, quando foi alvejado com tiros de fuzil na nuca durante uma opera\u00e7\u00e3o policial. Desde ent\u00e3o, o foco principal de luta de Cuca tem sido obter justi\u00e7a por seu irm\u00e3o.<\/p>\n<figure id=\"attachment_77011\" aria-describedby=\"caption-attachment-77011\" style=\"width: 2549px\" class=\"wp-caption alignright\"><a href=\"https:\/\/rioonwatch.org.br\/wp-content\/uploads\/2025\/01\/Protesto-de-vitimas-2024.png\"><img decoding=\"async\" class=\"wp-image-77011 size-full\" title=\"Protesto de v\u00edtimas de viol\u00eancia de Estado em 25\/09\/24 pedindo justi\u00e7a por William e Samuel do Chapad\u00e3o. Foto: Vin\u00edcius Ribeiro\" src=\"https:\/\/rioonwatch.org.br\/wp-content\/uploads\/2025\/01\/Protesto-de-vitimas-2024.png\" alt=\"Protesto de v\u00edtimas de viol\u00eancia de Estado em 25\/09\/24 pedindo justi\u00e7a por William e Samuel do Chapad\u00e3o. Foto: Vin\u00edcius Ribeiro\" width=\"2549\" height=\"1660\" srcset=\"https:\/\/rioonwatch.org.br\/wp-content\/uploads\/2025\/01\/Protesto-de-vitimas-2024.png 2549w, https:\/\/rioonwatch.org.br\/wp-content\/uploads\/2025\/01\/Protesto-de-vitimas-2024-620x404.png 620w, https:\/\/rioonwatch.org.br\/wp-content\/uploads\/2025\/01\/Protesto-de-vitimas-2024-768x500.png 768w, https:\/\/rioonwatch.org.br\/wp-content\/uploads\/2025\/01\/Protesto-de-vitimas-2024-1536x1000.png 1536w, https:\/\/rioonwatch.org.br\/wp-content\/uploads\/2025\/01\/Protesto-de-vitimas-2024-2048x1334.png 2048w\" sizes=\"(max-width: 2549px) 100vw, 2549px\" \/><\/a><figcaption id=\"caption-attachment-77011\" class=\"wp-caption-text\">Protesto de v\u00edtimas de viol\u00eancia de Estado em 25\/09\/24 pedindo justi\u00e7a por William e Samuel do Chapad\u00e3o. Foto: Vin\u00edcius Ribeiro<\/figcaption><\/figure>\n<p>Haviam passado 14 anos de espera quando, em 2023, os policiais que assassinaram seu irm\u00e3o fossem condenados a <a href=\"https:\/\/bit.ly\/3OXFz5K\">54 anos de pris\u00e3o<\/a>. De acordo com o Minist\u00e9rio P\u00fablico do Rio (<a href=\"https:\/\/bit.ly\/2JqdMwR\" target=\"_blank\" rel=\"noopener\">MP-RJ<\/a>), os policiais agiram com \u201cviol\u00eancia desnecess\u00e1ria, sem que tivesse sido comprovado que os mesmos teriam sofrido ataque durante a incurs\u00e3o\u201d. A mobiliza\u00e7\u00e3o dos familiares das v\u00edtimas foi fundamental para esse desfecho. Cuca, que perdeu a m\u00e3e enquanto aguardava por justi\u00e7a, disse:<\/p>\n<blockquote><p><span style=\"font-weight: 400;\">\u201cAntes da minha m\u00e3e morrer, eu prometi a ela que a gente n\u00e3o ia descansar enquanto esse caso n\u00e3o fosse esclarecido e a gente levasse os culpados para serem responsabilizados. E ela sempre falou para a gente continuar apoiando a luta das m\u00e3es de v\u00edtimas do Estado, porque, assim como aconteceu com meu irm\u00e3o, acontece com muitos!&#8221;<\/span><\/p><\/blockquote>\n<figure id=\"attachment_76686\" aria-describedby=\"caption-attachment-76686\" style=\"width: 1707px\" class=\"wp-caption aligncenter\"><a href=\"https:\/\/rioonwatch.org.br\/wp-content\/uploads\/2024\/12\/Cuca-com-monumento-em-homenagem-a-Zumbi-dos-Palmares-ao-fundo-scaled.jpg\"><img loading=\"lazy\" decoding=\"async\" class=\"wp-image-76686 size-full\" title=\"Cuca com monumento em homenagem a Zumbi dos Palmares ao fundo. Foto: Vin\u00edcius Ribeiro\" src=\"https:\/\/rioonwatch.org.br\/wp-content\/uploads\/2024\/12\/Cuca-com-monumento-em-homenagem-a-Zumbi-dos-Palmares-ao-fundo-scaled.jpg\" alt=\"Cuca com monumento em homenagem a Zumbi dos Palmares ao fundo. Foto: Vin\u00edcius Ribeiro\" width=\"1707\" height=\"2560\" srcset=\"https:\/\/rioonwatch.org.br\/wp-content\/uploads\/2024\/12\/Cuca-com-monumento-em-homenagem-a-Zumbi-dos-Palmares-ao-fundo-scaled.jpg 1707w, https:\/\/rioonwatch.org.br\/wp-content\/uploads\/2024\/12\/Cuca-com-monumento-em-homenagem-a-Zumbi-dos-Palmares-ao-fundo-413x620.jpg 413w, https:\/\/rioonwatch.org.br\/wp-content\/uploads\/2024\/12\/Cuca-com-monumento-em-homenagem-a-Zumbi-dos-Palmares-ao-fundo-1000x1500.jpg 1000w, https:\/\/rioonwatch.org.br\/wp-content\/uploads\/2024\/12\/Cuca-com-monumento-em-homenagem-a-Zumbi-dos-Palmares-ao-fundo-768x1152.jpg 768w, https:\/\/rioonwatch.org.br\/wp-content\/uploads\/2024\/12\/Cuca-com-monumento-em-homenagem-a-Zumbi-dos-Palmares-ao-fundo-1024x1536.jpg 1024w, https:\/\/rioonwatch.org.br\/wp-content\/uploads\/2024\/12\/Cuca-com-monumento-em-homenagem-a-Zumbi-dos-Palmares-ao-fundo-1365x2048.jpg 1365w\" sizes=\"(max-width: 1707px) 100vw, 1707px\" \/><\/a><figcaption id=\"caption-attachment-76686\" class=\"wp-caption-text\">Cuca com monumento em homenagem a Zumbi dos Palmares ao fundo. Foto: Vin\u00edcius Ribeiro<\/figcaption><\/figure>\n<h3>Cuca: Um Defensor dos Direitos Humanos<\/h3>\n<p>Cuca \u00e9 um homem calmo, tranquilo e humilde, com uma for\u00e7a e resili\u00eancia inigual\u00e1veis. Um defensor dos direitos humanos, que, ao longo dos anos, se engajou em diferentes causas. \u00c9 comum encontr\u00e1-lo nas ruas em diferentes atos, sejam em apoio \u00e0s mulheres, \u00e0 causa <a href=\"https:\/\/bit.ly\/3tetDRj\" target=\"_blank\" rel=\"noopener\">LGBTQIAPN+<\/a>, contra o racismo ou na luta por moradia. Cuca sempre est\u00e1 l\u00e1.<\/p>\n<figure id=\"attachment_76684\" aria-describedby=\"caption-attachment-76684\" style=\"width: 2560px\" class=\"wp-caption aligncenter\"><a href=\"https:\/\/rioonwatch.org.br\/wp-content\/uploads\/2024\/12\/Cuca-segura-uma-faixa-que-pede-a-liberdade-para-a-Palestina-em-ato-no-Centro-do-Rio-de-Janeiro-scaled.jpg\"><img loading=\"lazy\" decoding=\"async\" class=\"wp-image-76684 size-full\" title=\"Cuca segura uma faixa que pede a liberdade para a Palestina em ato no Centro do Rio de Janeiro. Foto: Vin\u00edcius Ribeiro\" src=\"https:\/\/rioonwatch.org.br\/wp-content\/uploads\/2024\/12\/Cuca-segura-uma-faixa-que-pede-a-liberdade-para-a-Palestina-em-ato-no-Centro-do-Rio-de-Janeiro-scaled.jpg\" alt=\"Cuca segura uma faixa que pede a liberdade para a Palestina em ato no Centro do Rio de Janeiro. Foto: Vin\u00edcius Ribeiro\" width=\"2560\" height=\"1707\" srcset=\"https:\/\/rioonwatch.org.br\/wp-content\/uploads\/2024\/12\/Cuca-segura-uma-faixa-que-pede-a-liberdade-para-a-Palestina-em-ato-no-Centro-do-Rio-de-Janeiro-scaled.jpg 2560w, https:\/\/rioonwatch.org.br\/wp-content\/uploads\/2024\/12\/Cuca-segura-uma-faixa-que-pede-a-liberdade-para-a-Palestina-em-ato-no-Centro-do-Rio-de-Janeiro-620x413.jpg 620w, https:\/\/rioonwatch.org.br\/wp-content\/uploads\/2024\/12\/Cuca-segura-uma-faixa-que-pede-a-liberdade-para-a-Palestina-em-ato-no-Centro-do-Rio-de-Janeiro-768x512.jpg 768w, https:\/\/rioonwatch.org.br\/wp-content\/uploads\/2024\/12\/Cuca-segura-uma-faixa-que-pede-a-liberdade-para-a-Palestina-em-ato-no-Centro-do-Rio-de-Janeiro-1536x1024.jpg 1536w, https:\/\/rioonwatch.org.br\/wp-content\/uploads\/2024\/12\/Cuca-segura-uma-faixa-que-pede-a-liberdade-para-a-Palestina-em-ato-no-Centro-do-Rio-de-Janeiro-2048x1365.jpg 2048w\" sizes=\"(max-width: 2560px) 100vw, 2560px\" \/><\/a><figcaption id=\"caption-attachment-76684\" class=\"wp-caption-text\">Cuca segura uma faixa que pede a liberdade para a Palestina em ato no Centro do Rio de Janeiro. Foto: Vin\u00edcius Ribeiro<\/figcaption><\/figure>\n<p>Em 2018, um grupo de militantes LGBTQIAPN+ se organizou para ocupar o <a href=\"https:\/\/bit.ly\/3VIVw3A\" target=\"_blank\" rel=\"noopener\">antigo pr\u00e9dio do Autom\u00f3vel Clube<\/a> na <a href=\"https:\/\/bit.ly\/2MJJTZc\" target=\"_blank\" rel=\"noopener\">Lapa<\/a>, Centro do Rio. O objetivo da ocupa\u00e7\u00e3o era fazer com que a prefeitura cedesse o im\u00f3vel que estava abandonado, para acolher pessoas assistidas pela <a href=\"https:\/\/bit.ly\/3Xpx07n\" target=\"_blank\" rel=\"noopener\">Casa Nem<\/a>, no acolhimento de pessoas LGBTQIAPN+ e em situa\u00e7\u00e3o de vulnerabilidade.<\/p>\n<p>Cuca chegou no local com mais dois amigos arquitetos que queriam apoiar o movimento e, durante essa visita, a chegada da <a href=\"https:\/\/bit.ly\/3hmf4Ef\" target=\"_blank\" rel=\"noopener\">Guarda Municipal<\/a> e da Pol\u00edcia Militar fez com que Cuca ficasse na ocupa\u00e7\u00e3o e pedisse apoio de advogados defensores dos direitos humanos. Naquele momento, alguns jornalistas independentes que acompanharam o processo de ocupa\u00e7\u00e3o do espa\u00e7o n\u00e3o tinham mais como sair da ocupa\u00e7\u00e3o. Por\u00e9m, Cuca avistou uma janela e, com o aux\u00edlio de uma escada, ajudou na sa\u00edda dos profissionais do pr\u00e9dio. Cuca ficou na ocupa\u00e7\u00e3o por mais duas semanas, at\u00e9 o \u00faltimo dia da ocupa\u00e7\u00e3o. Ele ajudou na negocia\u00e7\u00e3o para que n\u00e3o acontecesse nenhuma agress\u00e3o aos ocupantes.<\/p>\n<blockquote><p>\u201cChegaram l\u00e1 j\u00e1 com o mandato oficial que \u00e9 para tirar mesmo todo mundo, entendeu? Eles chegaram \u00e0s 4 horas, mas n\u00e3o entraram. Ficaram l\u00e1 fora na porta at\u00e9 que deu 6h30. A\u00ed, j\u00e1 come\u00e7aram a bater na porta. A\u00ed, eu fui l\u00e1, atendi eles.\u201d \u2014 Cuca<\/p><\/blockquote>\n<p>Em 2019, Cuca foi eleito conselheiro do Conselho Estadual de Defesa dos Direitos Humanos (<a href=\"https:\/\/bit.ly\/4iGPutW\" target=\"_blank\" rel=\"noopener\">CEDDH-RJ<\/a>) e teve dois mandatos de dois anos cada. Como conselheiro do CEDDH-RJ, atuou em centenas de casos de viola\u00e7\u00f5es de direitos humanos.<\/p>\n<blockquote><p>\u201cCuca \u00e9 uma das principais refer\u00eancias de luta de direitos humanos no estado do Rio de Janeiro\u2026 ele, mesmo sendo v\u00edtima da viol\u00eancia policial, quando foi conselheiro de defesa dos direitos humanos, fazia a defesa dos direitos humanos de forma indiscriminada para todas as pessoas. Inclusive, fui com ele a alguns alojamentos da Pol\u00edcia Militar para averiguar den\u00fancias de viola\u00e7\u00f5es de direitos humanos sofridas por esses militares [em seus batalh\u00f5es]. Militares que tiveram que dormir em colch\u00f5es com infesta\u00e7\u00e3o de percevejo, em alojamentos absolutamente degradantes, sem banheiros ou vesti\u00e1rios, com policiais femininas tendo que dividir vesti\u00e1rio com policiais masculinos, ou seja, flagrantes situa\u00e7\u00f5es onde esses policiais tinham seus direitos humanos violados&#8230; Ent\u00e3o, ele \u00e9 uma figura que \u00e9 uma grande refer\u00eancia no estado do Rio de Janeiro.\u201d \u2014 Rodrigo Mondego (advogado popular, ex-presidente do CEDDH-RJ)<\/p><\/blockquote>\n<blockquote class=\"instagram-media\" style=\"background: #FFF; border: 0; border-radius: 3px; box-shadow: 0 0 1px 0 rgba(0,0,0,0.5),0 1px 10px 0 rgba(0,0,0,0.15); margin: 1px; max-width: 540px; min-width: 326px; padding: 0; width: calc(100% - 2px);\" data-instgrm-captioned=\"\" data-instgrm-permalink=\"https:\/\/www.instagram.com\/p\/C4sbipPLONX\/?utm_source=ig_embed&amp;utm_campaign=loading\" data-instgrm-version=\"14\">\n<div style=\"padding: 16px;\">\n<p>&nbsp;<\/p>\n<div style=\"display: flex; flex-direction: row; align-items: center;\">\n<div style=\"background-color: #f4f4f4; border-radius: 50%; flex-grow: 0; height: 40px; margin-right: 14px; width: 40px;\"><\/div>\n<div style=\"display: flex; flex-direction: column; flex-grow: 1; justify-content: center;\">\n<div style=\"background-color: #f4f4f4; border-radius: 4px; flex-grow: 0; height: 14px; margin-bottom: 6px; width: 100px;\"><\/div>\n<div style=\"background-color: #f4f4f4; border-radius: 4px; flex-grow: 0; height: 14px; width: 60px;\"><\/div>\n<\/div>\n<\/div>\n<div style=\"padding: 19% 0;\"><\/div>\n<div style=\"display: block; height: 50px; margin: 0 auto 12px; width: 50px;\"><\/div>\n<div style=\"padding-top: 8px;\">\n<div style=\"color: #3897f0; font-family: Arial,sans-serif; font-size: 14px; font-style: normal; font-weight: 550; line-height: 18px;\">Ver esta publica\u00e7\u00e3o no Instagram<\/div>\n<\/div>\n<div style=\"padding: 12.5% 0;\"><\/div>\n<div style=\"display: flex; flex-direction: row; margin-bottom: 14px; align-items: center;\">\n<div>\n<div style=\"background-color: #f4f4f4; border-radius: 50%; height: 12.5px; width: 12.5px; transform: translateX(0px) translateY(7px);\"><\/div>\n<div style=\"background-color: #f4f4f4; height: 12.5px; transform: rotate(-45deg) translateX(3px) translateY(1px); width: 12.5px; flex-grow: 0; margin-right: 14px; margin-left: 2px;\"><\/div>\n<div style=\"background-color: #f4f4f4; border-radius: 50%; height: 12.5px; width: 12.5px; transform: translateX(9px) translateY(-18px);\"><\/div>\n<\/div>\n<div style=\"margin-left: 8px;\">\n<div style=\"background-color: #f4f4f4; border-radius: 50%; flex-grow: 0; height: 20px; width: 20px;\"><\/div>\n<div style=\"width: 0; height: 0; border-top: 2px solid transparent; border-left: 6px solid #f4f4f4; border-bottom: 2px solid transparent; transform: translateX(16px) translateY(-4px) rotate(30deg);\"><\/div>\n<\/div>\n<div style=\"margin-left: auto;\">\n<div style=\"width: 0px; border-top: 8px solid #F4F4F4; border-right: 8px solid transparent; transform: translateY(16px);\"><\/div>\n<div style=\"background-color: #f4f4f4; flex-grow: 0; height: 12px; width: 16px; transform: translateY(-4px);\"><\/div>\n<div style=\"width: 0; height: 0; border-top: 8px solid #F4F4F4; border-left: 8px solid transparent; transform: translateY(-4px) translateX(8px);\"><\/div>\n<\/div>\n<\/div>\n<div style=\"display: flex; flex-direction: column; flex-grow: 1; justify-content: center; margin-bottom: 24px;\">\n<div style=\"background-color: #f4f4f4; border-radius: 4px; flex-grow: 0; height: 14px; margin-bottom: 6px; width: 224px;\"><\/div>\n<div style=\"background-color: #f4f4f4; border-radius: 4px; flex-grow: 0; height: 14px; width: 144px;\"><\/div>\n<\/div>\n<p>&nbsp;<\/p>\n<p style=\"color: #c9c8cd; font-family: Arial,sans-serif; font-size: 14px; line-height: 17px; margin-bottom: 0; margin-top: 8px; overflow: hidden; padding: 8px 0 7px; text-align: center; text-overflow: ellipsis; white-space: nowrap;\"><a style=\"color: #c9c8cd; font-family: Arial,sans-serif; font-size: 14px; font-style: normal; font-weight: normal; line-height: 17px; text-decoration: none;\" href=\"https:\/\/www.instagram.com\/p\/C4sbipPLONX\/?utm_source=ig_embed&amp;utm_campaign=loading\" target=\"_blank\" rel=\"noopener\">Uma publica\u00e7\u00e3o partilhada por Rodrigo Mondego (@mondegorodrigo)<\/a><\/p>\n<\/div>\n<\/blockquote>\n<p><script async src=\"\/\/www.instagram.com\/embed.js\"><\/script><\/p>\n<h3>Atua\u00e7\u00e3o no Movimento de Familiares e V\u00edtimas de Viol\u00eancia de Estado<\/h3>\n<p>Cuca est\u00e1 presente e ajuda a articular diversos atos dos movimentos de <a href=\"https:\/\/bit.ly\/1zLJ2W9\">v\u00edtimas de viol\u00eancia de Estado<\/a>, desde atos populares at\u00e9 reuni\u00f5es com \u00f3rg\u00e3os do Estado, como a <a href=\"https:\/\/bit.ly\/2F6okiw\" target=\"_blank\" rel=\"noopener\">Defensoria P\u00fablica<\/a> ou o Minist\u00e9rio P\u00fablico.<\/p>\n<figure id=\"attachment_77012\" aria-describedby=\"caption-attachment-77012\" style=\"width: 1473px\" class=\"wp-caption alignright\"><a href=\"https:\/\/rioonwatch.org.br\/wp-content\/uploads\/2025\/01\/Vitimas-no-MPF.png\"><img loading=\"lazy\" decoding=\"async\" class=\"wp-image-77012 size-full\" title=\"V\u00edtimas de viol\u00eancia de Estado no MPF. Foto: Vin\u00edcius Ribeiro\" src=\"https:\/\/rioonwatch.org.br\/wp-content\/uploads\/2025\/01\/Vitimas-no-MPF.png\" alt=\"V\u00edtimas de viol\u00eancia de Estado no MPF. Foto: Vin\u00edcius Ribeiro\" width=\"1473\" height=\"313\" srcset=\"https:\/\/rioonwatch.org.br\/wp-content\/uploads\/2025\/01\/Vitimas-no-MPF.png 1473w, https:\/\/rioonwatch.org.br\/wp-content\/uploads\/2025\/01\/Vitimas-no-MPF-620x132.png 620w, https:\/\/rioonwatch.org.br\/wp-content\/uploads\/2025\/01\/Vitimas-no-MPF-768x163.png 768w\" sizes=\"(max-width: 1473px) 100vw, 1473px\" \/><\/a><figcaption id=\"caption-attachment-77012\" class=\"wp-caption-text\">V\u00edtimas de viol\u00eancia de Estado no MPF. Foto: Vin\u00edcius Ribeiro<\/figcaption><\/figure>\n<p>Em uma de suas atua\u00e7\u00f5es, em 19 de setembro de 2023, ajudou os coletivos de mulheres <a href=\"https:\/\/bit.ly\/4fjoGNz\">P\u00e3o e Rosas<\/a> e <a href=\"https:\/\/bit.ly\/3fj3hVD\" target=\"_blank\" rel=\"noopener\">M\u00e3es de Manguinhos<\/a>\u00a0na organiza\u00e7\u00e3o do <a href=\"https:\/\/bit.ly\/3ZDUfvQ\">ato justi\u00e7a para as v\u00edtimas de viol\u00eancia do Estado<\/a> na Universidade do Estado do Rio de Janeiro (<a href=\"https:\/\/bit.ly\/2KQx9xm\" target=\"_blank\" rel=\"noopener\">UERJ<\/a>), no qual foram entregues dezenas de placas em homenagem \u00e0s v\u00edtimas de viol\u00eancia de Estado. O evento reuniu mais de 300 pessoas no audit\u00f3rio da universidade, com dezenas de familiares de v\u00edtimas da viol\u00eancia do Estado.<\/p>\n<figure id=\"attachment_76692\" aria-describedby=\"caption-attachment-76692\" style=\"width: 2560px\" class=\"wp-caption aligncenter\"><a href=\"https:\/\/rioonwatch.org.br\/wp-content\/uploads\/2024\/12\/Ato-de-familiares-de-vitimas-de-violencia-de-Estado-na-Uerj-scaled.jpg\"><img loading=\"lazy\" decoding=\"async\" class=\"wp-image-76692 size-full\" title=\"Ato de familiares de v\u00edtimas de viol\u00eancia de Estado na Uerj. Foto: Vin\u00edcius Ribeiro\" src=\"https:\/\/rioonwatch.org.br\/wp-content\/uploads\/2024\/12\/Ato-de-familiares-de-vitimas-de-violencia-de-Estado-na-Uerj-scaled.jpg\" alt=\"Ato de familiares de v\u00edtimas de viol\u00eancia de Estado na Uerj. Foto: Vin\u00edcius Ribeiro\" width=\"2560\" height=\"1707\" srcset=\"https:\/\/rioonwatch.org.br\/wp-content\/uploads\/2024\/12\/Ato-de-familiares-de-vitimas-de-violencia-de-Estado-na-Uerj-scaled.jpg 2560w, https:\/\/rioonwatch.org.br\/wp-content\/uploads\/2024\/12\/Ato-de-familiares-de-vitimas-de-violencia-de-Estado-na-Uerj-620x413.jpg 620w, https:\/\/rioonwatch.org.br\/wp-content\/uploads\/2024\/12\/Ato-de-familiares-de-vitimas-de-violencia-de-Estado-na-Uerj-768x512.jpg 768w, https:\/\/rioonwatch.org.br\/wp-content\/uploads\/2024\/12\/Ato-de-familiares-de-vitimas-de-violencia-de-Estado-na-Uerj-1536x1024.jpg 1536w, https:\/\/rioonwatch.org.br\/wp-content\/uploads\/2024\/12\/Ato-de-familiares-de-vitimas-de-violencia-de-Estado-na-Uerj-2048x1365.jpg 2048w\" sizes=\"(max-width: 2560px) 100vw, 2560px\" \/><\/a><figcaption id=\"caption-attachment-76692\" class=\"wp-caption-text\">Ato de familiares de v\u00edtimas de viol\u00eancia de Estado na Uerj. Foto: Vin\u00edcius Ribeiro<\/figcaption><\/figure>\n<p><span style=\"font-weight: 400;\">De forma bastante precisa, a <a href=\"https:\/\/bit.ly\/42c7QuF\" target=\"_blank\" rel=\"noopener\">Vereadora Monica Cunha<\/a>, m\u00e3e de <a href=\"https:\/\/bit.ly\/4geFdDZ\" target=\"_blank\" rel=\"noopener\">Rafael da Silva Cunha<\/a> que tamb\u00e9m foi v\u00edtima de Estado\u2014<a href=\"https:\/\/rioonwatch.org.br\/?p=18634\">jovem que cumpria medidas socioeducativas<\/a> e que foi morto aos 20 anos por um policial civil em dezembro de 2006\u2014destacou que as v\u00edtimas e familiares ali presentes tamb\u00e9m eram v\u00edtimas do <a href=\"https:\/\/bit.ly\/3JUDW48\" target=\"_blank\" rel=\"noopener\">racismo estrutural<\/a>. \u00c9 importante lembrar que Monica Cunha \u00e9 a fundadora da <a href=\"https:\/\/bit.ly\/3OpNxFy\" target=\"_blank\" rel=\"noopener\">Comiss\u00e3o Especial de Combate ao Racismo<\/a>, que, posteriormente, <a href=\"https:\/\/bit.ly\/3VJ8MFc\" target=\"_blank\" rel=\"noopener\">tornou-se permanente<\/a>.<\/span><\/p>\n<p><a href=\"https:\/\/bit.ly\/3VFWiya\">Ana Paula Oliveira<\/a> tamb\u00e9m \u00e9 m\u00e3e de v\u00edtima de Estado. Seu filho Johnathan de Oliveira Lima, de apenas 19 anos, foi assassinado pela Pol\u00edcia Militar com um tiro disparado por um agente da Unidade de Pol\u00edcia Pacificadora (<a href=\"https:\/\/bit.ly\/2x52t2Y\" target=\"_blank\" rel=\"noopener\">UPP<\/a>). O jovem voltava da casa de sua av\u00f3 na favela de Manguinhos. Ela comenta que Cuca sempre se fez presente ao longo de sua luta.<\/p>\n<blockquote><p>\u201cEu lembro que conheci o Cuca j\u00e1 no movimento de m\u00e3es e familiares [de v\u00edtimas de viol\u00eancia de Estado], ele fazendo parte da <a href=\"https:\/\/bit.ly\/4iEWtDI\" target=\"_blank\" rel=\"noopener\">Rede Contra a Viol\u00eancia<\/a> e sempre com esse jeito dele, acolhendo todo mundo, querendo ouvir cada familiar, cada pessoa, dando a m\u00e3o para todo mundo, sempre jogando a gente para cima. \u00c9 um grande companheiro de luta, \u00e9 uma pessoa com a qual eu me orgulho caminhar ao lado nessa luta. Porque a nossa luta n\u00e3o \u00e9 uma luta f\u00e1cil e ouvir o Cuca falando da perda do irm\u00e3o dele e em consequ\u00eancia da perda desse irm\u00e3o, falar do <a href=\"https:\/\/rioonwatch.org.br\/?p=73126\">adoecimento da m\u00e3e<\/a> dele e da perda da m\u00e3e tamb\u00e9m, me leva a refletir um pouco sobre a minha filha mesmo, sobre o papel dos irm\u00e3os que perdem seus irm\u00e3os por conta dessa viol\u00eancia do Estado. Para al\u00e9m do cuidado com a gente, ele \u00e9 uma pessoa muito querida no meio da luta, muito respeitada e admirada tamb\u00e9m, pelo tanto que ele se dedica a essa luta.\u201d \u2014 Ana Paula Oliveira (fundadora de M\u00e3es de Manguinhos, m\u00e3e v\u00edtima de viol\u00eancia, defensora de direitos humanos e pedagoga)<\/p><\/blockquote>\n<figure id=\"attachment_76680\" aria-describedby=\"caption-attachment-76680\" style=\"width: 2560px\" class=\"wp-caption aligncenter\"><a href=\"https:\/\/rioonwatch.org.br\/wp-content\/uploads\/2024\/12\/Ana-Paula-Oliveira-fundadora-de-Maes-de-Manguinhos-defensora-dos-direitos-humanos-e-pedagoga-ao-lado-de-Cuca.-Foto-Vinicius-Ribeiro-scaled.jpg\"><img loading=\"lazy\" decoding=\"async\" class=\"wp-image-76680 size-full\" title=\"Ana Paula Oliveira, fundadora de M\u00e3es de Manguinhos, defensora dos direitos humanos e pedagoga, ao lado de Cuca. Foto: Vin\u00edcius Ribeiro\" src=\"https:\/\/rioonwatch.org.br\/wp-content\/uploads\/2024\/12\/Ana-Paula-Oliveira-fundadora-de-Maes-de-Manguinhos-defensora-dos-direitos-humanos-e-pedagoga-ao-lado-de-Cuca.-Foto-Vinicius-Ribeiro-scaled.jpg\" alt=\"Ana Paula Oliveira, fundadora de M\u00e3es de Manguinhos, defensora dos direitos humanos e pedagoga, ao lado de Cuca. Foto: Vin\u00edcius Ribeiro\" width=\"2560\" height=\"1707\" srcset=\"https:\/\/rioonwatch.org.br\/wp-content\/uploads\/2024\/12\/Ana-Paula-Oliveira-fundadora-de-Maes-de-Manguinhos-defensora-dos-direitos-humanos-e-pedagoga-ao-lado-de-Cuca.-Foto-Vinicius-Ribeiro-scaled.jpg 2560w, https:\/\/rioonwatch.org.br\/wp-content\/uploads\/2024\/12\/Ana-Paula-Oliveira-fundadora-de-Maes-de-Manguinhos-defensora-dos-direitos-humanos-e-pedagoga-ao-lado-de-Cuca.-Foto-Vinicius-Ribeiro-620x413.jpg 620w, https:\/\/rioonwatch.org.br\/wp-content\/uploads\/2024\/12\/Ana-Paula-Oliveira-fundadora-de-Maes-de-Manguinhos-defensora-dos-direitos-humanos-e-pedagoga-ao-lado-de-Cuca.-Foto-Vinicius-Ribeiro-768x512.jpg 768w, https:\/\/rioonwatch.org.br\/wp-content\/uploads\/2024\/12\/Ana-Paula-Oliveira-fundadora-de-Maes-de-Manguinhos-defensora-dos-direitos-humanos-e-pedagoga-ao-lado-de-Cuca.-Foto-Vinicius-Ribeiro-1536x1024.jpg 1536w, https:\/\/rioonwatch.org.br\/wp-content\/uploads\/2024\/12\/Ana-Paula-Oliveira-fundadora-de-Maes-de-Manguinhos-defensora-dos-direitos-humanos-e-pedagoga-ao-lado-de-Cuca.-Foto-Vinicius-Ribeiro-2048x1365.jpg 2048w\" sizes=\"(max-width: 2560px) 100vw, 2560px\" \/><\/a><figcaption id=\"caption-attachment-76680\" class=\"wp-caption-text\">Ana Paula Oliveira, fundadora de M\u00e3es de Manguinhos, defensora dos direitos humanos e pedagoga, ao lado de Cuca. Foto: Vin\u00edcius Ribeiro<\/figcaption><\/figure>\n<p>A atua\u00e7\u00e3o incans\u00e1vel de Cuca nos movimentos de familiares de v\u00edtimas de viol\u00eancia do Estado \u00e9 prova de como a luta por justi\u00e7a muda a vida. Sua postura destemida e solid\u00e1ria, sempre apoiando e oferecendo um ombro amigo num momento de dor e de luto, o fez ser respeitado e admirado em v\u00e1rios aspectos pelos defensores dos direitos humanos.<\/p>\n<blockquote><p>\u201cCuca \u00e9 um defensor de direitos humanos incans\u00e1vel. Ele tem lutado ao longo de todos esses anos n\u00e3o s\u00f3 pelo caso que vitimou o irm\u00e3o dele, mas tem lutado tamb\u00e9m em apoio a outros familiares, em especial \u00e0s m\u00e3es que perderam seus filhos para a viol\u00eancia do Estado. Ele tem sido apoio fundamental para muitas fam\u00edlias, acompanha de perto os casos e participa dos atos, das reuni\u00f5es, das constru\u00e7\u00f5es de pol\u00edticas p\u00fablicas, enfim, tendo no horizonte da sua atua\u00e7\u00e3o tanto o protesto, a reivindica\u00e7\u00e3o, a manifesta\u00e7\u00e3o, mas tamb\u00e9m a participa\u00e7\u00e3o de coletivos e espa\u00e7os de constru\u00e7\u00e3o de acesso a direitos.\u201d \u2014 Guilherme Pimentel (ex-ouvidor geral da Defensoria P\u00fablica do Rio de Janeiro e atual coordenador t\u00e9cnico da Rede de Apoio e Aten\u00e7\u00e3o \u00e0s V\u00edtimas de Viol\u00eancia do Estado &#8211; RAAVE)<\/p><\/blockquote>\n<figure id=\"attachment_76694\" aria-describedby=\"caption-attachment-76694\" style=\"width: 2560px\" class=\"wp-caption aligncenter\"><a href=\"https:\/\/rioonwatch.org.br\/wp-content\/uploads\/2024\/12\/Protesto-de-vitimas-de-violencia-de-Estado.-Foto-Vinicius-Ribeiro-scaled.jpg\"><img loading=\"lazy\" decoding=\"async\" class=\"wp-image-76694 size-full\" title=\"Protesto de v\u00edtimas de viol\u00eancia de Estado. Foto: Vin\u00edcius Ribeiro\" src=\"https:\/\/rioonwatch.org.br\/wp-content\/uploads\/2024\/12\/Protesto-de-vitimas-de-violencia-de-Estado.-Foto-Vinicius-Ribeiro-scaled.jpg\" alt=\"Protesto de v\u00edtimas de viol\u00eancia de Estado. Foto: Vin\u00edcius Ribeiro\" width=\"2560\" height=\"1920\" srcset=\"https:\/\/rioonwatch.org.br\/wp-content\/uploads\/2024\/12\/Protesto-de-vitimas-de-violencia-de-Estado.-Foto-Vinicius-Ribeiro-scaled.jpg 2560w, https:\/\/rioonwatch.org.br\/wp-content\/uploads\/2024\/12\/Protesto-de-vitimas-de-violencia-de-Estado.-Foto-Vinicius-Ribeiro-620x465.jpg 620w, https:\/\/rioonwatch.org.br\/wp-content\/uploads\/2024\/12\/Protesto-de-vitimas-de-violencia-de-Estado.-Foto-Vinicius-Ribeiro-2000x1500.jpg 2000w, https:\/\/rioonwatch.org.br\/wp-content\/uploads\/2024\/12\/Protesto-de-vitimas-de-violencia-de-Estado.-Foto-Vinicius-Ribeiro-768x576.jpg 768w, https:\/\/rioonwatch.org.br\/wp-content\/uploads\/2024\/12\/Protesto-de-vitimas-de-violencia-de-Estado.-Foto-Vinicius-Ribeiro-1536x1152.jpg 1536w, https:\/\/rioonwatch.org.br\/wp-content\/uploads\/2024\/12\/Protesto-de-vitimas-de-violencia-de-Estado.-Foto-Vinicius-Ribeiro-2048x1536.jpg 2048w, https:\/\/rioonwatch.org.br\/wp-content\/uploads\/2024\/12\/Protesto-de-vitimas-de-violencia-de-Estado.-Foto-Vinicius-Ribeiro-678x509.jpg 678w, https:\/\/rioonwatch.org.br\/wp-content\/uploads\/2024\/12\/Protesto-de-vitimas-de-violencia-de-Estado.-Foto-Vinicius-Ribeiro-326x245.jpg 326w, https:\/\/rioonwatch.org.br\/wp-content\/uploads\/2024\/12\/Protesto-de-vitimas-de-violencia-de-Estado.-Foto-Vinicius-Ribeiro-80x60.jpg 80w\" sizes=\"(max-width: 2560px) 100vw, 2560px\" \/><\/a><figcaption id=\"caption-attachment-76694\" class=\"wp-caption-text\">Protesto de v\u00edtimas de viol\u00eancia de Estado. Foto: Vin\u00edcius Ribeiro<\/figcaption><\/figure>\n<p>Cuca \u00e9 a personifica\u00e7\u00e3o do luto \u00e0 luta. \u00c9 a manifesta\u00e7\u00e3o talvez menos esperada causada pela viol\u00eancia de Estado. Assim como ele, figuras como Monica Cunha, Ana Paula e centenas de outros familiares de v\u00edtimas, mesmo em momentos de dor, encontram na defesa dos direitos humanos um motivo para seguir lutando pela mem\u00f3ria e legado de seus familiares, assassinados pelo Estado.<\/p>\n<p><em><strong>Sobre os autores:<\/strong> <\/em><\/p>\n<p><em><a class=\"c-link\" tabindex=\"-1\" href=\"https:\/\/bit.ly\/3hDyudK\" rel=\"noopener noreferrer\" data-stringify-link=\"https:\/\/bit.ly\/3hDyudK\" data-sk=\"tooltip_parent\" data-remove-tab-index=\"true\"><span class=\"c-mrkdwn__highlight\">Vin\u00edcius<\/span>\u00a0<span class=\"c-mrkdwn__highlight\">Ribeiro<\/span><\/a> \u00e9 nascido e criado na Zona Oeste, entre a Estrada da Posse, em Sant\u00edssimo, e o Barata, em Realengo. Atualmente, mora na Mangueira. Jornalista, cineasta e fot\u00f3grafo, \u00e9 membro do <a class=\"c-link\" tabindex=\"-1\" href=\"https:\/\/bit.ly\/3vfY8bj\" rel=\"noopener noreferrer\" data-stringify-link=\"https:\/\/bit.ly\/3vfY8bj\" data-sk=\"tooltip_parent\" data-remove-tab-index=\"true\">Coletivo Fotoguerrilha<\/a>. Assina dire\u00e7\u00e3o e roteiro dos curtas <a class=\"c-link\" tabindex=\"-1\" href=\"https:\/\/bit.ly\/3Y2XZEX\" rel=\"noopener noreferrer\" data-stringify-link=\"https:\/\/youtu.be\/2mE7UUymocs\" data-sk=\"tooltip_parent\" data-remove-tab-index=\"true\">Sobreviver<\/a>,\u00a0<a class=\"c-link\" tabindex=\"-1\" href=\"https:\/\/bit.ly\/3FPRBt1\" rel=\"noopener noreferrer\" data-stringify-link=\"https:\/\/bit.ly\/3FPRBt1\" data-sk=\"tooltip_parent\" data-remove-tab-index=\"true\">Dame Candole<\/a>,\u00a0<a class=\"c-link\" tabindex=\"-1\" href=\"https:\/\/bit.ly\/3jr5czR\" rel=\"noopener noreferrer\" data-stringify-link=\"https:\/\/www.youtube.com\/watch?v=9-vIUocJ6zY\" data-sk=\"tooltip_parent\" data-remove-tab-index=\"true\">Sob o Mesmo Teto<\/a>,\u00a0<a class=\"c-link\" tabindex=\"-1\" href=\"https:\/\/bit.ly\/3wRcHD5\" rel=\"noopener noreferrer\" data-stringify-link=\"https:\/\/youtu.be\/4RrEj6zAKk8\" data-sk=\"tooltip_parent\" data-remove-tab-index=\"true\">Entregadores<\/a> e <a href=\"https:\/\/www.instagram.com\/uberizacaodoc\">On: Uberiza\u00e7\u00e3o o Que Voc\u00ea N\u00e3o V\u00ea<\/a>. Atualmente, est\u00e1 em um projeto sobre camel\u00f4s no Rio de Janeiro.<\/em><\/p>\n<p><em><a href=\"https:\/\/www.instagram.com\/lnovello.foto\/\" target=\"_blank\" rel=\"noopener\">Lucas Novello<\/a>\u00a0\u00e9 graduado em jornalismo pela Universidade Est\u00e1cio de S\u00e1, fot\u00f3grafo e filmmaker. Criado no\u00a0<a href=\"https:\/\/rioonwatch.org.br\/?tag=morro-da-babil%C3%B4nia\" target=\"_blank\" rel=\"noopener\">Morro da Babil\u00f4nia<\/a>, \u00e9 membro do Coletivo Fotoguerrilha, onde atua com comunica\u00e7\u00e3o popular e fotojornalismo, cobrindo manifesta\u00e7\u00f5es, ocupa\u00e7\u00f5es culturais, movimentos sociais e lutas por moradia. Em 2022, foi diretor de fotografia e editor do document\u00e1rio curta-metragem \u201cON: Uberiza\u00e7\u00e3o \u2013 O Que Voc\u00ea N\u00e3o V\u00ea\u201d, com dire\u00e7\u00e3o de Vin\u00edcius Ribeiro. Al\u00e9m disso, atua como filmmaker freelancer em diversos segmentos do mercado audiovisual.<\/em><\/p>\n<hr \/>\n<h4><b data-stringify-type=\"bold\">Apoie nossos esfor\u00e7os para fornecer apoio estrat\u00e9gico \u00e0s favelas do Rio, incluindo o jornalismo hiperlocal, cr\u00edtico, inovador e incans\u00e1vel do\u00a0<\/b><b data-stringify-type=\"bold\"><i data-stringify-type=\"italic\">RioOnWatch<\/i><\/b>\u2014<a class=\"c-link\" href=\"http:\/\/www.bit.ly\/ApoieROW\" rel=\"noopener noreferrer\" data-stringify-link=\"http:\/\/www.bit.ly\/ApoieROW\" data-sk=\"tooltip_parent\">doe aqui<\/a>.<\/h4>\n<!-- AddThis Advanced Settings generic via filter on the_content --><!-- AddThis Share Buttons generic via filter on the_content -->","protected":false},"excerpt":{"rendered":"<div class=\"mh-excerpt\"><p>Click Here for English Esta mat\u00e9ria faz parte da s\u00e9rie de\u00a0Mem\u00f3rias de Pot\u00eancias Faveladas\u00a0do RioOnWatch, que visa documentar e celebrar a hist\u00f3ria das favelas do Rio de Janeiro atrav\u00e9s de relatos e reportagens sobre a <a class=\"mh-excerpt-more\" href=\"https:\/\/rioonwatch.org.br\/?p=76654\" title=\"Cuca, a Personifica\u00e7\u00e3o do Luto \u00e0 Luta: De Familiar de V\u00edtima do Estado \u00e0 Refer\u00eancia de Milit\u00e2ncia Favelada [PERFIL]\">[&#8230;]<\/a><!-- AddThis Advanced Settings generic via filter on get_the_excerpt --><!-- AddThis Share Buttons generic via filter on get_the_excerpt --><\/p>\n<\/div>","protected":false},"author":167,"featured_media":76682,"comment_status":"closed","ping_status":"closed","sticky":false,"template":"template-full.php","format":"standard","meta":{"_acf_changed":false,"_monsterinsights_skip_tracking":false,"_monsterinsights_sitenote_active":false,"_monsterinsights_sitenote_note":"","_monsterinsights_sitenote_category":0,"footnotes":""},"categories":[1621,1629,1625,1633,1620,1612],"tags":[1259,655,259,1800,1239,1795,2161,469,3241,33,298,774,283,35,3432,92,920,52],"writer":[3424,3256],"translator":[],"source":[],"ilustrador":[],"fotografo":[],"class_list":{"0":"post-76654","1":"post","2":"type-post","3":"status-publish","4":"format-standard","5":"has-post-thumbnail","7":"category-destaque","8":"category-entrevistas-e-perfis","9":"category-por-correspondentes-comunitarios","10":"category-foto-reportagens","11":"category-olhonaupp","12":"category-sociedade-civil","13":"tag-assassinato","14":"tag-associacao-de-moradores","15":"tag-centro","16":"tag-chapadao","17":"tag-criminalizacao-da-pobreza","18":"tag-lideranca-comunitaria","19":"tag-maes-de-manguinhos","20":"tag-memoria","21":"tag-monica-cunha","22":"tag-morro-da-coroa","23":"tag-perfil-de-lideranca","24":"tag-policia-militar","25":"tag-rede-contra-violencia","26":"tag-santa-teresa","27":"tag-serie-memorias-de-potencias-faveladas","28":"tag-upp","29":"tag-violencia-de-estado","30":"tag-violencia-policial","31":"writer-lucas-novello","32":"writer-vinicius-ribeiro"},"acf":[],"yoast_head":"<!-- This site is optimized with the Yoast SEO plugin v25.6 - https:\/\/yoast.com\/wordpress\/plugins\/seo\/ -->\n<title>Cuca, a Personifica\u00e7\u00e3o do Luto \u00e0 Luta: De Familiar de V\u00edtima do Estado \u00e0 Refer\u00eancia de Milit\u00e2ncia Favelada [PERFIL] - RioOnWatch<\/title>\n<meta name=\"robots\" content=\"index, follow, max-snippet:-1, max-image-preview:large, max-video-preview:-1\" \/>\n<link rel=\"canonical\" href=\"https:\/\/rioonwatch.org.br\/?p=76654\" \/>\n<meta property=\"og:locale\" content=\"pt_BR\" \/>\n<meta property=\"og:type\" content=\"article\" \/>\n<meta property=\"og:title\" content=\"Cuca, a Personifica\u00e7\u00e3o do Luto \u00e0 Luta: De Familiar de V\u00edtima do Estado \u00e0 Refer\u00eancia de Milit\u00e2ncia Favelada [PERFIL] - RioOnWatch\" \/>\n<meta property=\"og:description\" content=\"Click Here for English Esta mat\u00e9ria faz parte da s\u00e9rie de\u00a0Mem\u00f3rias de Pot\u00eancias Faveladas\u00a0do RioOnWatch, que visa documentar e celebrar a hist\u00f3ria das favelas do Rio de Janeiro atrav\u00e9s de relatos e reportagens sobre a [...]\" \/>\n<meta property=\"og:url\" content=\"https:\/\/rioonwatch.org.br\/?p=76654\" \/>\n<meta property=\"og:site_name\" content=\"RioOnWatch\" \/>\n<meta property=\"article:published_time\" content=\"2025-01-28T19:41:39+00:00\" \/>\n<meta property=\"article:modified_time\" content=\"2025-03-24T17:00:21+00:00\" \/>\n<meta property=\"og:image\" content=\"https:\/\/rioonwatch.org.br\/wp-content\/uploads\/2024\/12\/Cuca-e-uma-lideranca-do-Morro-da-Coroa-parte-do-movimento-de-familiares-de-vitimas-do-Estado-militante-de-direitos-humanos-presente-em-diversos-atos-pela-cidade-scaled.jpg\" \/>\n\t<meta property=\"og:image:width\" content=\"2560\" \/>\n\t<meta property=\"og:image:height\" content=\"1707\" \/>\n\t<meta property=\"og:image:type\" content=\"image\/jpeg\" \/>\n<meta name=\"author\" content=\"Julio Santos Filho\" \/>\n<meta name=\"twitter:card\" content=\"summary_large_image\" \/>\n<meta name=\"twitter:label1\" content=\"Escrito por\" \/>\n\t<meta name=\"twitter:data1\" content=\"Julio Santos Filho\" \/>\n\t<meta name=\"twitter:label2\" content=\"Est. tempo de leitura\" \/>\n\t<meta name=\"twitter:data2\" content=\"9 minutos\" \/>\n<script type=\"application\/ld+json\" class=\"yoast-schema-graph\">{\"@context\":\"https:\/\/schema.org\",\"@graph\":[{\"@type\":\"Article\",\"@id\":\"https:\/\/rioonwatch.org.br\/?p=76654#article\",\"isPartOf\":{\"@id\":\"https:\/\/rioonwatch.org.br\/?p=76654\"},\"author\":{\"name\":\"Julio Santos Filho\",\"@id\":\"https:\/\/rioonwatch.org.br\/#\/schema\/person\/476bc75767957d3535b65b796667cd36\"},\"headline\":\"Cuca, a Personifica\u00e7\u00e3o do Luto \u00e0 Luta: De Familiar de V\u00edtima do Estado \u00e0 Refer\u00eancia de Milit\u00e2ncia Favelada [PERFIL]\",\"datePublished\":\"2025-01-28T19:41:39+00:00\",\"dateModified\":\"2025-03-24T17:00:21+00:00\",\"mainEntityOfPage\":{\"@id\":\"https:\/\/rioonwatch.org.br\/?p=76654\"},\"wordCount\":2141,\"publisher\":{\"@id\":\"https:\/\/rioonwatch.org.br\/#organization\"},\"image\":{\"@id\":\"https:\/\/rioonwatch.org.br\/?p=76654#primaryimage\"},\"thumbnailUrl\":\"https:\/\/rioonwatch.org.br\/wp-content\/uploads\/2024\/12\/Cuca-e-uma-lideranca-do-Morro-da-Coroa-parte-do-movimento-de-familiares-de-vitimas-do-Estado-militante-de-direitos-humanos-presente-em-diversos-atos-pela-cidade-scaled.jpg\",\"keywords\":[\"assassinato\",\"Associa\u00e7\u00e3o de Moradores\",\"Centro\",\"Chapad\u00e3o\",\"criminaliza\u00e7\u00e3o da pobreza\",\"lideran\u00e7a comunit\u00e1ria\",\"M\u00e3es de Manguinhos\",\"Mem\u00f3rias Faveladas\",\"Monica Cunha\",\"Morro da Coroa\",\"perfil de lideran\u00e7a\",\"Pol\u00edcia Militar\",\"Rede Contra Viol\u00eancia\",\"Santa Teresa\",\"S\u00e9rie: Mem\u00f3rias de Pot\u00eancias Faveladas\",\"UPP\",\"viol\u00eancia de Estado\",\"viol\u00eancia policial\"],\"articleSection\":[\"*Destaque\",\"Entrevistas e Perfis\",\"Escrito por Comunicadores Populares\",\"Fotorreportagens\",\"Seguran\u00e7a P\u00fablica\",\"Sociedade Civil\"],\"inLanguage\":\"pt-BR\"},{\"@type\":\"WebPage\",\"@id\":\"https:\/\/rioonwatch.org.br\/?p=76654\",\"url\":\"https:\/\/rioonwatch.org.br\/?p=76654\",\"name\":\"Cuca, a Personifica\u00e7\u00e3o do Luto \u00e0 Luta: De Familiar de V\u00edtima do Estado \u00e0 Refer\u00eancia de Milit\u00e2ncia Favelada [PERFIL] - RioOnWatch\",\"isPartOf\":{\"@id\":\"https:\/\/rioonwatch.org.br\/#website\"},\"primaryImageOfPage\":{\"@id\":\"https:\/\/rioonwatch.org.br\/?p=76654#primaryimage\"},\"image\":{\"@id\":\"https:\/\/rioonwatch.org.br\/?p=76654#primaryimage\"},\"thumbnailUrl\":\"https:\/\/rioonwatch.org.br\/wp-content\/uploads\/2024\/12\/Cuca-e-uma-lideranca-do-Morro-da-Coroa-parte-do-movimento-de-familiares-de-vitimas-do-Estado-militante-de-direitos-humanos-presente-em-diversos-atos-pela-cidade-scaled.jpg\",\"datePublished\":\"2025-01-28T19:41:39+00:00\",\"dateModified\":\"2025-03-24T17:00:21+00:00\",\"breadcrumb\":{\"@id\":\"https:\/\/rioonwatch.org.br\/?p=76654#breadcrumb\"},\"inLanguage\":\"pt-BR\",\"potentialAction\":[{\"@type\":\"ReadAction\",\"target\":[\"https:\/\/rioonwatch.org.br\/?p=76654\"]}]},{\"@type\":\"ImageObject\",\"inLanguage\":\"pt-BR\",\"@id\":\"https:\/\/rioonwatch.org.br\/?p=76654#primaryimage\",\"url\":\"https:\/\/rioonwatch.org.br\/wp-content\/uploads\/2024\/12\/Cuca-e-uma-lideranca-do-Morro-da-Coroa-parte-do-movimento-de-familiares-de-vitimas-do-Estado-militante-de-direitos-humanos-presente-em-diversos-atos-pela-cidade-scaled.jpg\",\"contentUrl\":\"https:\/\/rioonwatch.org.br\/wp-content\/uploads\/2024\/12\/Cuca-e-uma-lideranca-do-Morro-da-Coroa-parte-do-movimento-de-familiares-de-vitimas-do-Estado-militante-de-direitos-humanos-presente-em-diversos-atos-pela-cidade-scaled.jpg\",\"width\":2560,\"height\":1707,\"caption\":\"Cuca \u00e9 uma lideran\u00e7a do Morro da Coroa, parte do movimento de familiares de v\u00edtimas do Estado, militante de direitos humanos presente em diversos atos pela cidade.\"},{\"@type\":\"BreadcrumbList\",\"@id\":\"https:\/\/rioonwatch.org.br\/?p=76654#breadcrumb\",\"itemListElement\":[{\"@type\":\"ListItem\",\"position\":1,\"name\":\"In\u00edcio\",\"item\":\"https:\/\/rioonwatch.org.br\/\"},{\"@type\":\"ListItem\",\"position\":2,\"name\":\"Cuca, a Personifica\u00e7\u00e3o do Luto \u00e0 Luta: De Familiar de V\u00edtima do Estado \u00e0 Refer\u00eancia de Milit\u00e2ncia Favelada [PERFIL]\"}]},{\"@type\":\"WebSite\",\"@id\":\"https:\/\/rioonwatch.org.br\/#website\",\"url\":\"https:\/\/rioonwatch.org.br\/\",\"name\":\"RioOnWatch\",\"description\":\"relatos das favelas cariocas\",\"publisher\":{\"@id\":\"https:\/\/rioonwatch.org.br\/#organization\"},\"potentialAction\":[{\"@type\":\"SearchAction\",\"target\":{\"@type\":\"EntryPoint\",\"urlTemplate\":\"https:\/\/rioonwatch.org.br\/?s={search_term_string}\"},\"query-input\":{\"@type\":\"PropertyValueSpecification\",\"valueRequired\":true,\"valueName\":\"search_term_string\"}}],\"inLanguage\":\"pt-BR\"},{\"@type\":\"Organization\",\"@id\":\"https:\/\/rioonwatch.org.br\/#organization\",\"name\":\"RioOnWatch\",\"url\":\"https:\/\/rioonwatch.org.br\/\",\"logo\":{\"@type\":\"ImageObject\",\"inLanguage\":\"pt-BR\",\"@id\":\"https:\/\/rioonwatch.org.br\/#\/schema\/logo\/image\/\",\"url\":\"https:\/\/rioonwatch.org.br\/wp-content\/uploads\/2021\/06\/RioOnWatchcabecalhoPT11anos-2.png\",\"contentUrl\":\"https:\/\/rioonwatch.org.br\/wp-content\/uploads\/2021\/06\/RioOnWatchcabecalhoPT11anos-2.png\",\"width\":779,\"height\":277,\"caption\":\"RioOnWatch\"},\"image\":{\"@id\":\"https:\/\/rioonwatch.org.br\/#\/schema\/logo\/image\/\"}},{\"@type\":\"Person\",\"@id\":\"https:\/\/rioonwatch.org.br\/#\/schema\/person\/476bc75767957d3535b65b796667cd36\",\"name\":\"Julio Santos Filho\",\"image\":{\"@type\":\"ImageObject\",\"inLanguage\":\"pt-BR\",\"@id\":\"https:\/\/rioonwatch.org.br\/#\/schema\/person\/image\/\",\"url\":\"https:\/\/secure.gravatar.com\/avatar\/ca138f7666182a292a8ce4ca14fb81f8?s=96&d=blank&r=g\",\"contentUrl\":\"https:\/\/secure.gravatar.com\/avatar\/ca138f7666182a292a8ce4ca14fb81f8?s=96&d=blank&r=g\",\"caption\":\"Julio Santos Filho\"},\"url\":\"https:\/\/rioonwatch.org.br\/?author=167\"}]}<\/script>\n<!-- \/ Yoast SEO plugin. -->","yoast_head_json":{"title":"Cuca, a Personifica\u00e7\u00e3o do Luto \u00e0 Luta: De Familiar de V\u00edtima do Estado \u00e0 Refer\u00eancia de Milit\u00e2ncia Favelada [PERFIL] - RioOnWatch","robots":{"index":"index","follow":"follow","max-snippet":"max-snippet:-1","max-image-preview":"max-image-preview:large","max-video-preview":"max-video-preview:-1"},"canonical":"https:\/\/rioonwatch.org.br\/?p=76654","og_locale":"pt_BR","og_type":"article","og_title":"Cuca, a Personifica\u00e7\u00e3o do Luto \u00e0 Luta: De Familiar de V\u00edtima do Estado \u00e0 Refer\u00eancia de Milit\u00e2ncia Favelada [PERFIL] - RioOnWatch","og_description":"Click Here for English Esta mat\u00e9ria faz parte da s\u00e9rie de\u00a0Mem\u00f3rias de Pot\u00eancias Faveladas\u00a0do RioOnWatch, que visa documentar e celebrar a hist\u00f3ria das favelas do Rio de Janeiro atrav\u00e9s de relatos e reportagens sobre a [...]","og_url":"https:\/\/rioonwatch.org.br\/?p=76654","og_site_name":"RioOnWatch","article_published_time":"2025-01-28T19:41:39+00:00","article_modified_time":"2025-03-24T17:00:21+00:00","og_image":[{"width":2560,"height":1707,"url":"https:\/\/rioonwatch.org.br\/wp-content\/uploads\/2024\/12\/Cuca-e-uma-lideranca-do-Morro-da-Coroa-parte-do-movimento-de-familiares-de-vitimas-do-Estado-militante-de-direitos-humanos-presente-em-diversos-atos-pela-cidade-scaled.jpg","type":"image\/jpeg"}],"author":"Julio Santos Filho","twitter_card":"summary_large_image","twitter_misc":{"Escrito por":"Julio Santos Filho","Est. tempo de leitura":"9 minutos"},"schema":{"@context":"https:\/\/schema.org","@graph":[{"@type":"Article","@id":"https:\/\/rioonwatch.org.br\/?p=76654#article","isPartOf":{"@id":"https:\/\/rioonwatch.org.br\/?p=76654"},"author":{"name":"Julio Santos Filho","@id":"https:\/\/rioonwatch.org.br\/#\/schema\/person\/476bc75767957d3535b65b796667cd36"},"headline":"Cuca, a Personifica\u00e7\u00e3o do Luto \u00e0 Luta: De Familiar de V\u00edtima do Estado \u00e0 Refer\u00eancia de Milit\u00e2ncia Favelada [PERFIL]","datePublished":"2025-01-28T19:41:39+00:00","dateModified":"2025-03-24T17:00:21+00:00","mainEntityOfPage":{"@id":"https:\/\/rioonwatch.org.br\/?p=76654"},"wordCount":2141,"publisher":{"@id":"https:\/\/rioonwatch.org.br\/#organization"},"image":{"@id":"https:\/\/rioonwatch.org.br\/?p=76654#primaryimage"},"thumbnailUrl":"https:\/\/rioonwatch.org.br\/wp-content\/uploads\/2024\/12\/Cuca-e-uma-lideranca-do-Morro-da-Coroa-parte-do-movimento-de-familiares-de-vitimas-do-Estado-militante-de-direitos-humanos-presente-em-diversos-atos-pela-cidade-scaled.jpg","keywords":["assassinato","Associa\u00e7\u00e3o de Moradores","Centro","Chapad\u00e3o","criminaliza\u00e7\u00e3o da pobreza","lideran\u00e7a comunit\u00e1ria","M\u00e3es de Manguinhos","Mem\u00f3rias Faveladas","Monica Cunha","Morro da Coroa","perfil de lideran\u00e7a","Pol\u00edcia Militar","Rede Contra Viol\u00eancia","Santa Teresa","S\u00e9rie: Mem\u00f3rias de Pot\u00eancias Faveladas","UPP","viol\u00eancia de Estado","viol\u00eancia policial"],"articleSection":["*Destaque","Entrevistas e Perfis","Escrito por Comunicadores Populares","Fotorreportagens","Seguran\u00e7a P\u00fablica","Sociedade Civil"],"inLanguage":"pt-BR"},{"@type":"WebPage","@id":"https:\/\/rioonwatch.org.br\/?p=76654","url":"https:\/\/rioonwatch.org.br\/?p=76654","name":"Cuca, a Personifica\u00e7\u00e3o do Luto \u00e0 Luta: De Familiar de V\u00edtima do Estado \u00e0 Refer\u00eancia de Milit\u00e2ncia Favelada [PERFIL] - RioOnWatch","isPartOf":{"@id":"https:\/\/rioonwatch.org.br\/#website"},"primaryImageOfPage":{"@id":"https:\/\/rioonwatch.org.br\/?p=76654#primaryimage"},"image":{"@id":"https:\/\/rioonwatch.org.br\/?p=76654#primaryimage"},"thumbnailUrl":"https:\/\/rioonwatch.org.br\/wp-content\/uploads\/2024\/12\/Cuca-e-uma-lideranca-do-Morro-da-Coroa-parte-do-movimento-de-familiares-de-vitimas-do-Estado-militante-de-direitos-humanos-presente-em-diversos-atos-pela-cidade-scaled.jpg","datePublished":"2025-01-28T19:41:39+00:00","dateModified":"2025-03-24T17:00:21+00:00","breadcrumb":{"@id":"https:\/\/rioonwatch.org.br\/?p=76654#breadcrumb"},"inLanguage":"pt-BR","potentialAction":[{"@type":"ReadAction","target":["https:\/\/rioonwatch.org.br\/?p=76654"]}]},{"@type":"ImageObject","inLanguage":"pt-BR","@id":"https:\/\/rioonwatch.org.br\/?p=76654#primaryimage","url":"https:\/\/rioonwatch.org.br\/wp-content\/uploads\/2024\/12\/Cuca-e-uma-lideranca-do-Morro-da-Coroa-parte-do-movimento-de-familiares-de-vitimas-do-Estado-militante-de-direitos-humanos-presente-em-diversos-atos-pela-cidade-scaled.jpg","contentUrl":"https:\/\/rioonwatch.org.br\/wp-content\/uploads\/2024\/12\/Cuca-e-uma-lideranca-do-Morro-da-Coroa-parte-do-movimento-de-familiares-de-vitimas-do-Estado-militante-de-direitos-humanos-presente-em-diversos-atos-pela-cidade-scaled.jpg","width":2560,"height":1707,"caption":"Cuca \u00e9 uma lideran\u00e7a do Morro da Coroa, parte do movimento de familiares de v\u00edtimas do Estado, militante de direitos humanos presente em diversos atos pela cidade."},{"@type":"BreadcrumbList","@id":"https:\/\/rioonwatch.org.br\/?p=76654#breadcrumb","itemListElement":[{"@type":"ListItem","position":1,"name":"In\u00edcio","item":"https:\/\/rioonwatch.org.br\/"},{"@type":"ListItem","position":2,"name":"Cuca, a Personifica\u00e7\u00e3o do Luto \u00e0 Luta: De Familiar de V\u00edtima do Estado \u00e0 Refer\u00eancia de Milit\u00e2ncia Favelada [PERFIL]"}]},{"@type":"WebSite","@id":"https:\/\/rioonwatch.org.br\/#website","url":"https:\/\/rioonwatch.org.br\/","name":"RioOnWatch","description":"relatos das favelas cariocas","publisher":{"@id":"https:\/\/rioonwatch.org.br\/#organization"},"potentialAction":[{"@type":"SearchAction","target":{"@type":"EntryPoint","urlTemplate":"https:\/\/rioonwatch.org.br\/?s={search_term_string}"},"query-input":{"@type":"PropertyValueSpecification","valueRequired":true,"valueName":"search_term_string"}}],"inLanguage":"pt-BR"},{"@type":"Organization","@id":"https:\/\/rioonwatch.org.br\/#organization","name":"RioOnWatch","url":"https:\/\/rioonwatch.org.br\/","logo":{"@type":"ImageObject","inLanguage":"pt-BR","@id":"https:\/\/rioonwatch.org.br\/#\/schema\/logo\/image\/","url":"https:\/\/rioonwatch.org.br\/wp-content\/uploads\/2021\/06\/RioOnWatchcabecalhoPT11anos-2.png","contentUrl":"https:\/\/rioonwatch.org.br\/wp-content\/uploads\/2021\/06\/RioOnWatchcabecalhoPT11anos-2.png","width":779,"height":277,"caption":"RioOnWatch"},"image":{"@id":"https:\/\/rioonwatch.org.br\/#\/schema\/logo\/image\/"}},{"@type":"Person","@id":"https:\/\/rioonwatch.org.br\/#\/schema\/person\/476bc75767957d3535b65b796667cd36","name":"Julio Santos Filho","image":{"@type":"ImageObject","inLanguage":"pt-BR","@id":"https:\/\/rioonwatch.org.br\/#\/schema\/person\/image\/","url":"https:\/\/secure.gravatar.com\/avatar\/ca138f7666182a292a8ce4ca14fb81f8?s=96&d=blank&r=g","contentUrl":"https:\/\/secure.gravatar.com\/avatar\/ca138f7666182a292a8ce4ca14fb81f8?s=96&d=blank&r=g","caption":"Julio Santos Filho"},"url":"https:\/\/rioonwatch.org.br\/?author=167"}]}},"_links":{"self":[{"href":"https:\/\/rioonwatch.org.br\/index.php?rest_route=\/wp\/v2\/posts\/76654"}],"collection":[{"href":"https:\/\/rioonwatch.org.br\/index.php?rest_route=\/wp\/v2\/posts"}],"about":[{"href":"https:\/\/rioonwatch.org.br\/index.php?rest_route=\/wp\/v2\/types\/post"}],"author":[{"embeddable":true,"href":"https:\/\/rioonwatch.org.br\/index.php?rest_route=\/wp\/v2\/users\/167"}],"replies":[{"embeddable":true,"href":"https:\/\/rioonwatch.org.br\/index.php?rest_route=%2Fwp%2Fv2%2Fcomments&post=76654"}],"version-history":[{"count":34,"href":"https:\/\/rioonwatch.org.br\/index.php?rest_route=\/wp\/v2\/posts\/76654\/revisions"}],"predecessor-version":[{"id":77486,"href":"https:\/\/rioonwatch.org.br\/index.php?rest_route=\/wp\/v2\/posts\/76654\/revisions\/77486"}],"wp:featuredmedia":[{"embeddable":true,"href":"https:\/\/rioonwatch.org.br\/index.php?rest_route=\/wp\/v2\/media\/76682"}],"wp:attachment":[{"href":"https:\/\/rioonwatch.org.br\/index.php?rest_route=%2Fwp%2Fv2%2Fmedia&parent=76654"}],"wp:term":[{"taxonomy":"category","embeddable":true,"href":"https:\/\/rioonwatch.org.br\/index.php?rest_route=%2Fwp%2Fv2%2Fcategories&post=76654"},{"taxonomy":"post_tag","embeddable":true,"href":"https:\/\/rioonwatch.org.br\/index.php?rest_route=%2Fwp%2Fv2%2Ftags&post=76654"},{"taxonomy":"writer","embeddable":true,"href":"https:\/\/rioonwatch.org.br\/index.php?rest_route=%2Fwp%2Fv2%2Fwriter&post=76654"},{"taxonomy":"translator","embeddable":true,"href":"https:\/\/rioonwatch.org.br\/index.php?rest_route=%2Fwp%2Fv2%2Ftranslator&post=76654"},{"taxonomy":"source","embeddable":true,"href":"https:\/\/rioonwatch.org.br\/index.php?rest_route=%2Fwp%2Fv2%2Fsource&post=76654"},{"taxonomy":"ilustrador","embeddable":true,"href":"https:\/\/rioonwatch.org.br\/index.php?rest_route=%2Fwp%2Fv2%2Filustrador&post=76654"},{"taxonomy":"fotografo","embeddable":true,"href":"https:\/\/rioonwatch.org.br\/index.php?rest_route=%2Fwp%2Fv2%2Ffotografo&post=76654"}],"curies":[{"name":"wp","href":"https:\/\/api.w.org\/{rel}","templated":true}]}}