{"id":76698,"date":"2025-01-13T16:08:14","date_gmt":"2025-01-13T19:08:14","guid":{"rendered":"https:\/\/rioonwatch.org.br\/?p=76698"},"modified":"2025-01-27T13:00:19","modified_gmt":"2025-01-27T16:00:19","slug":"enquanto-a-grande-midia-estigmatiza-as-favelas-do-entorno-do-parque-nacional-da-tijuca-nada-fala-sobre-a-expansao-desenfreada-das-mansoes-e-grandes-condominios-na-area-do-parque-opiniao","status":"publish","type":"post","link":"https:\/\/rioonwatch.org.br\/?p=76698","title":{"rendered":"Enquanto a Grande M\u00eddia Estigmatiza as Favelas do Entorno do Parque Nacional da Tijuca, Nada Fala sobre a Expans\u00e3o Desenfreada das Mans\u00f5es e Grandes Condom\u00ednios [OPINI\u00c3O]"},"content":{"rendered":"<div class=\"mceTemp\"><\/div>\n<figure id=\"attachment_76904\" aria-describedby=\"caption-attachment-76904\" style=\"width: 2560px\" class=\"wp-caption aligncenter\"><a href=\"https:\/\/rioonwatch.org.br\/wp-content\/uploads\/2025\/01\/Materia-no-O-Globo-14-de-dezembro-de-2024-scaled.jpg\"><img fetchpriority=\"high\" decoding=\"async\" class=\"wp-image-76904 size-full\" title=\"Mat\u00e9ria enviesada, no O Globo, 14 de dezembro de 2024, &quot;Floresta da Tijuca, cercada por favelas e pela viol\u00eancia&quot;, gera rea\u00e7\u00e3o de bi\u00f3loga que compartilha sua opini\u00e3o com o RioOnWatch.\" src=\"https:\/\/rioonwatch.org.br\/wp-content\/uploads\/2025\/01\/Materia-no-O-Globo-14-de-dezembro-de-2024-scaled.jpg\" alt=\"Mat\u00e9ria enviesada, no O Globo, 14 de dezembro de 2024, &quot;Floresta da Tijuca, cercada por favelas e pela viol\u00eancia&quot;, gera rea\u00e7\u00e3o de bi\u00f3loga que compartilha sua opini\u00e3o com o RioOnWatch.\" width=\"2560\" height=\"1788\" srcset=\"https:\/\/rioonwatch.org.br\/wp-content\/uploads\/2025\/01\/Materia-no-O-Globo-14-de-dezembro-de-2024-scaled.jpg 2560w, https:\/\/rioonwatch.org.br\/wp-content\/uploads\/2025\/01\/Materia-no-O-Globo-14-de-dezembro-de-2024-620x433.jpg 620w, https:\/\/rioonwatch.org.br\/wp-content\/uploads\/2025\/01\/Materia-no-O-Globo-14-de-dezembro-de-2024-768x537.jpg 768w, https:\/\/rioonwatch.org.br\/wp-content\/uploads\/2025\/01\/Materia-no-O-Globo-14-de-dezembro-de-2024-1536x1073.jpg 1536w, https:\/\/rioonwatch.org.br\/wp-content\/uploads\/2025\/01\/Materia-no-O-Globo-14-de-dezembro-de-2024-2048x1431.jpg 2048w\" sizes=\"(max-width: 2560px) 100vw, 2560px\" \/><\/a><figcaption id=\"caption-attachment-76904\" class=\"wp-caption-text\">Mat\u00e9ria enviesada, publicada no <em>O Globo <\/em>impresso, em 14 de dezembro de 2024, &#8220;Floresta da Tijuca, cercada por favelas e pela viol\u00eancia&#8221;, gera rea\u00e7\u00e3o de analista ambiental do ICMBio, que compartilha sua opini\u00e3o abaixo com os leitores do <em>RioOnWatch<\/em>. Fonte da imagem:<em> Jornal O Globo<\/em><\/figcaption><\/figure>\n<p style=\"text-align: right;\"><em><strong><a href=\"https:\/\/bit.ly\/4hKXTLZ\" target=\"_blank\" rel=\"noopener noreferrer\">Click Here for English<\/a><\/strong><\/em><em><strong><a href=\"https:\/\/bit.ly\/4hKXTLZ\" target=\"_blank\" rel=\"noopener noreferrer\"><img decoding=\"async\" class=\"alignright wp-image-15790\" src=\"http:\/\/rioonwatch.org.br\/wp-content\/uploads\/2012\/08\/EN-standard-e1439583104716.jpg\" alt=\"\" width=\"20\" height=\"20\" \/><\/a><\/strong><\/em><\/p>\n<p><em><a href=\"https:\/\/rioonwatch.org\/wp-content\/uploads\/2019\/08\/BehnerStiefel.png\" rel=\"noopener\"><img decoding=\"async\" class=\"alignright wp-image-55315\" src=\"https:\/\/rioonwatch.org\/wp-content\/uploads\/2019\/08\/BehnerStiefel.png\" sizes=\"(max-width: 200px) 100vw, 200px\" srcset=\"https:\/\/rioonwatch.org\/wp-content\/uploads\/2019\/08\/BehnerStiefel.png 1934w, https:\/\/rioonwatch.org\/wp-content\/uploads\/2019\/08\/BehnerStiefel-300x102.png 300w, https:\/\/rioonwatch.org\/wp-content\/uploads\/2019\/08\/BehnerStiefel-768x261.png 768w, https:\/\/rioonwatch.org\/wp-content\/uploads\/2019\/08\/BehnerStiefel-1024x348.png 1024w\" alt=\"Centro Behner Stiefel de Estudos Brasileiros\" width=\"200\" height=\"68\" \/><\/a><\/em><\/p>\n<p><em>Esta mat\u00e9ria, <span style=\"font-weight: 400;\">escrita por Isaura Bredariol, analista ambiental do ICMBio que atua na equipe socioambiental do Parque Nacional da Tijuca,<\/span>\u00a0faz parte de uma <a href=\"https:\/\/bit.ly\/SerieSDSU\" target=\"_blank\" rel=\"noopener noreferrer\">s\u00e9rie<\/a>\u00a0gerada por uma parceria com o\u00a0<a href=\"https:\/\/bit.ly\/SDSUDigitalBrazilProject\" target=\"_blank\" rel=\"noopener noreferrer\">Digital Brazil Project<\/a>\u00a0do\u00a0<a href=\"http:\/\/bit.ly\/2zcymI6\" target=\"_blank\" rel=\"noopener noreferrer\">Centro Behner Stiefel de Estudos Brasileiros<\/a> da Universidade Estadual de San Diego na Calif\u00f3rnia, para produzir mat\u00e9rias sobre justi\u00e7a ambiental nas favelas fluminenses.<span style=\"font-weight: 400;\">\u00a0<\/span><\/em><\/p>\n<p><span style=\"font-weight: 400;\"><a href=\"https:\/\/bit.ly\/3B4XPmQ\" target=\"_blank\" rel=\"noopener\">Floresta da Tijuca<\/a>, cercada por condom\u00ednios e mans\u00f5es de luxo. Poderia ser essa a amea\u00e7a anunciada na reportagem acima, de <em>O Globo,<\/em> publicada s\u00e1bado, 14 de dezembro de 2024. Afinal, a expans\u00e3o urbana \u00e9 um desafio na conserva\u00e7\u00e3o de florestas urbanas em todo o mundo, independentemente da presen\u00e7a de favelas. Quantas mans\u00f5es n\u00e3o foram autuadas e embargadas pelo <a href=\"https:\/\/bit.ly\/4iNmWPx\" target=\"_blank\" rel=\"noopener\">ICMBio<\/a> e, antes, pelo <a href=\"https:\/\/bit.ly\/3Dnbj1E\" target=\"_blank\" rel=\"noopener\">IBAMA<\/a>? Quantos condom\u00ednios prediais n\u00e3o suprimiram florestas do entorno do <a href=\"https:\/\/bit.ly\/3PsiS9i\" target=\"_blank\" rel=\"noopener\">Parque Nacional da Tijuca<\/a>, reduzindo o habitat das esp\u00e9cies que ele abriga e acentuando o efeito de borda da cidade sobre a floresta? O que dizer, ent\u00e3o, das expans\u00f5es da Rua Candido Ben\u00edcio, em <a href=\"https:\/\/bit.ly\/3cEuW2M\" target=\"_blank\" rel=\"noopener\">Jacarepagu\u00e1<\/a>, que, asfalto vem, asfalto vai, seguem historicamente ignorando o projeto de <a href=\"https:\/\/bit.ly\/4fphu2k\" target=\"_blank\" rel=\"noopener\">corredor de fauna<\/a> que visava manter o fluxo da fauna entre o Parque Nacional da Tijuca e o <a href=\"https:\/\/bit.ly\/30E2zNw\" target=\"_blank\" rel=\"noopener\">Parque Estadual da Pedra Branca<\/a>, fundamental para garantir a viabilidade gen\u00e9tica das popula\u00e7\u00f5es nativas do <a href=\"https:\/\/bit.ly\/3Ycds8d\" target=\"_blank\" rel=\"noopener\">Maci\u00e7o da Tijuca<\/a>? O que dizer das linhas de transmiss\u00e3o de eletricidade que cortam todo o Parque e mant\u00e9m um enorme corredor de esp\u00e9cies ex\u00f3ticas invasoras, altamente combust\u00edveis, como amea\u00e7a crescente, face \u00e0s <a href=\"https:\/\/bit.ly\/3RnfGNB\" target=\"_blank\" rel=\"noopener\">mudan\u00e7as clim\u00e1ticas<\/a>? Obras de infraestrutura urbanas, habita\u00e7\u00f5es de classe baixa, m\u00e9dia e alta, torres de telecomunica\u00e7\u00f5es, polui\u00e7\u00e3o industrial e veicular&#8230; a lista de amea\u00e7as \u00e0 Floresta da Tijuca \u00e9 vasta e diversa.\u00a0<\/span><\/p>\n<p><span style=\"font-weight: 400;\">Mas, como sempre, a not\u00edcia de amea\u00e7a \u00e9 a favela. A pobreza, mais uma vez, \u00e9 a culpada pelas amea\u00e7as ambientais e de seguran\u00e7a. Sim, existe crime organizado nas favelas. Sim, existe <a href=\"https:\/\/www.metropoles.com\/brasil\/quarteto-usava-apartamento-em-copacabana-para-vender-drogas-no-rio\">crime organizado em coberturas de Copacabana<\/a> e <a href=\"https:\/\/oglobo.globo.com\/rio\/bairros\/ex-traficante-usuarios-de-drogas-contam-como-funciona-trafico-em-condominios-da-barra-recreio-16467817\">condom\u00ednios da Barra da Tijuca<\/a>. Sim, existiu <a href=\"https:\/\/bit.ly\/3P2WP9A\" target=\"_blank\" rel=\"noopener\">tr\u00e1fico de drogas na comitiva presidencial<\/a> de Bolsonaro <a href=\"https:\/\/noticias.uol.com.br\/politica\/ultimas-noticias\/2021\/05\/31\/sargento-cocaina-fab.htm\" target=\"_blank\" rel=\"noopener\">em avi\u00e3o da FAB<\/a>. Existiu <a href=\"https:\/\/noticias.uol.com.br\/politica\/ultimas-noticias\/2013\/11\/25\/pf-apreende-450-kg-de-cocaina-em-helicoptero-da-familia-perrella.htm\" target=\"_blank\" rel=\"noopener\">tr\u00e1fico de drogas em helic\u00f3ptero de senador<\/a>, na fazenda <a href=\"https:\/\/congressoemfoco.uol.com.br\/projeto-bula\/reportagem\/empresa-que-segundo-investigacoes-recebeu-r-2-milhoes-em-nome-de-aecio-pertence-ao-dono-do-helicoptero-apreendido-com-cocaina\/\" target=\"_blank\" rel=\"noopener\">da fam\u00edlia Neves<\/a>. \u00c9 poss\u00edvel comprar drogas <a href=\"https:\/\/noticias.uol.com.br\/cotidiano\/ultimas-noticias\/2020\/08\/01\/policia-prende-dupla-copacaban.htm\">nas areias de Ipanema<\/a> e\u00a0<a href=\"https:\/\/congressoemfoco.uol.com.br\/area\/governo\/heroi-brilhante-as-vezes-que-bolsonaro-e-flavio-defenderam-miliciano-morto\/\">homenagear milicianos no Congresso Nacional<\/a>. Mas, no mapa do cintur\u00e3o do crime, figuram as favelas.\u00a0\u00a0\u00a0<\/span><\/p>\n<p><span style=\"font-weight: 400;\">Como a lei do Sistema Nacional de Unidades de Conserva\u00e7\u00e3o preconiza, o Parque Nacional da Tijuca conta com uma gest\u00e3o participativa. Das 45 representa\u00e7\u00f5es no seu Conselho Consultivo, somente 5 s\u00e3o lideran\u00e7as de favelas. Considerando que a atividade \u00e9 volunt\u00e1ria e que as reuni\u00f5es atendem ao hor\u00e1rio de trabalho das representa\u00e7\u00f5es de \u00f3rg\u00e3os p\u00fablicos, parece not\u00e1vel que dediquem suas horas, entre tantos desafios, \u00e0 gest\u00e3o da Unidade de Conserva\u00e7\u00e3o. Ainda assim, \u00e9 insuficiente em um parque encravado na matriz urbana do Rio de Janeiro. Por isso, parte da pequena equipe de que o ICMBio disp\u00f5e para a \u00e1rea se dedica \u00e0 rela\u00e7\u00e3o entre o \u00f3rg\u00e3o e as favelas vizinhas.\u00a0<\/span><\/p>\n<figure id=\"attachment_61715\" aria-describedby=\"caption-attachment-61715\" style=\"width: 1920px\" class=\"wp-caption aligncenter\"><a href=\"https:\/\/rioonwatch.org.br\/wp-content\/uploads\/2022\/05\/Biossistema-completo.jpg\"><img loading=\"lazy\" decoding=\"async\" class=\"wp-image-61715 size-full\" title=\"Biossistema de esgoto constru\u00eddo por moradores do Vale Encantado, favela encravada na Floresta Tijuca.\" src=\"https:\/\/rioonwatch.org.br\/wp-content\/uploads\/2022\/05\/Biossistema-completo.jpg\" alt=\"Biossistema de esgoto constru\u00eddo por moradores do Vale Encantado, favela encravada na Floresta Tijuca.\" width=\"1920\" height=\"1080\" srcset=\"https:\/\/rioonwatch.org.br\/wp-content\/uploads\/2022\/05\/Biossistema-completo.jpg 1920w, https:\/\/rioonwatch.org.br\/wp-content\/uploads\/2022\/05\/Biossistema-completo-620x349.jpg 620w, https:\/\/rioonwatch.org.br\/wp-content\/uploads\/2022\/05\/Biossistema-completo-1118x629.jpg 1118w, https:\/\/rioonwatch.org.br\/wp-content\/uploads\/2022\/05\/Biossistema-completo-768x432.jpg 768w\" sizes=\"(max-width: 1920px) 100vw, 1920px\" \/><\/a><figcaption id=\"caption-attachment-61715\" class=\"wp-caption-text\"><a href=\"https:\/\/rioonwatch.org.br\/?p=61687\">Biossistema de esgoto<\/a> constru\u00eddo por moradores do Vale Encantado, favela encravada na Floresta Tijuca, como resposta \u00e0 falta de investimento p\u00fablico no saneamento, ap\u00f3s mais de um s\u00e9culo. Foto: Douglas Dobby<\/figcaption><\/figure>\n<p>O <a href=\"https:\/\/bit.ly\/41CJNax\" target=\"_blank\" rel=\"noopener\">Programa Favela-Parque<\/a>, obriga\u00e7\u00e3o contratual da concess\u00e3o do Trem do Corcovado, apoia iniciativas socioambientais no <a href=\"https:\/\/bit.ly\/3jDpnFX\" target=\"_blank\" rel=\"noopener\">Guararapes<\/a>, <a href=\"https:\/\/bit.ly\/1IIwrcP\" target=\"_blank\" rel=\"noopener\">Cerro Cor\u00e1<\/a> e <a href=\"https:\/\/bit.ly\/3oG5PDl\" target=\"_blank\" rel=\"noopener\">Morro dos Prazeres<\/a>. Todos os anos volunt\u00e1rios de projetos comunit\u00e1rios participam de forma\u00e7\u00f5es e recebem recursos para investir em atividades educativas, culturais, esportivas e ambientais, sem remunera\u00e7\u00e3o de pessoal. As inscri\u00e7\u00f5es para 2025, inclusive, est\u00e3o abertas no momento. O Programa de Responsabilidade Socioambiental \u00e9 custeado por obriga\u00e7\u00e3o contratual da concession\u00e1ria Paineiras-Corcovado e atua com uma incubadora de iniciativas socioambientais e de <a href=\"https:\/\/rioonwatch.org.br\/?cat=1628\">Turismo de Base Comunit\u00e1ria<\/a> no Santa Marta, Guararapes e Cerro Cor\u00e1. Em 2024, foram 15 projetos desenvolvidos por moradores que se dedicam intensamente a melhorar suas comunidades sem qualquer remunera\u00e7\u00e3o pessoal.<\/p>\n<figure id=\"attachment_76705\" aria-describedby=\"caption-attachment-76705\" style=\"width: 1536px\" class=\"wp-caption aligncenter\"><a href=\"https:\/\/rioonwatch.org.br\/wp-content\/uploads\/2024\/12\/As-favelas-do-Guararapes-e-Cerro-Cora-vizinhas-da-Floresta-da-Tijuca-no-Rio-de-Janeiro.-Foto-Daniella-Mendes.webp\"><img loading=\"lazy\" decoding=\"async\" class=\"wp-image-76705 size-full\" title=\"As favelas do Guararapes e Cerro Cor\u00e1, vizinhas da Floresta da Tijuca, no Rio de Janeiro. Foto: Daniella Mendes\" src=\"https:\/\/rioonwatch.org.br\/wp-content\/uploads\/2024\/12\/As-favelas-do-Guararapes-e-Cerro-Cora-vizinhas-da-Floresta-da-Tijuca-no-Rio-de-Janeiro.-Foto-Daniella-Mendes.webp\" alt=\"As favelas do Guararapes e Cerro Cor\u00e1, vizinhas da Floresta da Tijuca, no Rio de Janeiro. Foto: Daniella Mendes\" width=\"1536\" height=\"1024\" srcset=\"https:\/\/rioonwatch.org.br\/wp-content\/uploads\/2024\/12\/As-favelas-do-Guararapes-e-Cerro-Cora-vizinhas-da-Floresta-da-Tijuca-no-Rio-de-Janeiro.-Foto-Daniella-Mendes.webp 1536w, https:\/\/rioonwatch.org.br\/wp-content\/uploads\/2024\/12\/As-favelas-do-Guararapes-e-Cerro-Cora-vizinhas-da-Floresta-da-Tijuca-no-Rio-de-Janeiro.-Foto-Daniella-Mendes-620x413.webp 620w, https:\/\/rioonwatch.org.br\/wp-content\/uploads\/2024\/12\/As-favelas-do-Guararapes-e-Cerro-Cora-vizinhas-da-Floresta-da-Tijuca-no-Rio-de-Janeiro.-Foto-Daniella-Mendes-768x512.webp 768w\" sizes=\"(max-width: 1536px) 100vw, 1536px\" \/><\/a><figcaption id=\"caption-attachment-76705\" class=\"wp-caption-text\">As favelas do Guararapes e <a href=\"https:\/\/rioonwatch.org.br\/?p=52171\">Cerro Cor\u00e1<\/a>, vizinhas da Floresta da Tijuca e participantes ativos do Programa Favela-Parque, no Rio de Janeiro. Foto: Daniella Mendes<\/figcaption><\/figure>\n<p>Em 2023, Isis Lopes, uma aluna da Universidade Federal do Rio de Janeiro (<a href=\"https:\/\/bit.ly\/2KgADIe\" target=\"_blank\" rel=\"noopener\">UFRJ<\/a>) participante do Programa PIBIC\/ICMBio, sob orienta\u00e7\u00e3o de uma analista ambiental e de pesquisadores da <a href=\"https:\/\/bit.ly\/3BOLPtv\" target=\"_blank\" rel=\"noopener\">Refauna<\/a>, com o apoio de alguns volunt\u00e1rios, realizou um levantamento n\u00e3o exaustivo de institui\u00e7\u00f5es e iniciativas comunit\u00e1rias em favelas da <a href=\"https:\/\/bit.ly\/3581ZK2\" target=\"_blank\" rel=\"noopener\">Grande Tijuca<\/a> localizadas no entorno imediato do parque. Em apenas dois meses, ela contatou 25 organiza\u00e7\u00f5es, algumas formalizadas e com algum tipo de apoio financeiro, outras totalmente volunt\u00e1rias e realizadas com recursos pr\u00f3prios. A amostra \u00e9 m\u00ednima perto do que se conhece ao circular pelas favelas do Rio de Janeiro, mas confirma uma organiza\u00e7\u00e3o social pujante, feita por moradores que trabalham, estudam, cuidam da fam\u00edlia e, ainda assim, encontram tempo para se dedicar ao que os governos n\u00e3o fazem em territ\u00f3rios historicamente esquecidos pelas pol\u00edticas p\u00fablicas. O mesmo estudo realizou cerca de uma centena de entrevistas estruturadas com moradores dessas favelas. A maioria dos entrevistados frequenta a floresta para recrea\u00e7\u00e3o. A ampla maioria identifica mais pontos positivos em viver pr\u00f3ximo \u00e0 mata, bem como vantagens que a floresta confere \u00e0 cidade, como o clima e a oportunidade de contato com a natureza.<\/p>\n<figure id=\"attachment_32947\" aria-describedby=\"caption-attachment-32947\" style=\"width: 500px\" class=\"wp-caption alignright\"><a href=\"https:\/\/rioonwatch.org.br\/wp-content\/uploads\/2018\/05\/Rolerocinha7.jpg\"><img loading=\"lazy\" decoding=\"async\" class=\"wp-image-32947\" title=\"Turismo de base comunit\u00e1ria na Rocinha\" src=\"https:\/\/rioonwatch.org.br\/wp-content\/uploads\/2018\/05\/Rolerocinha7-620x465.jpg\" alt=\"Turismo de base comunit\u00e1ria na Rocinha\" width=\"500\" height=\"375\" srcset=\"https:\/\/rioonwatch.org.br\/wp-content\/uploads\/2018\/05\/Rolerocinha7-620x465.jpg 620w, https:\/\/rioonwatch.org.br\/wp-content\/uploads\/2018\/05\/Rolerocinha7-352x264.jpg 352w, https:\/\/rioonwatch.org.br\/wp-content\/uploads\/2018\/05\/Rolerocinha7-768x576.jpg 768w, https:\/\/rioonwatch.org.br\/wp-content\/uploads\/2018\/05\/Rolerocinha7-174x131.jpg 174w, https:\/\/rioonwatch.org.br\/wp-content\/uploads\/2018\/05\/Rolerocinha7-300x225.jpg 300w, https:\/\/rioonwatch.org.br\/wp-content\/uploads\/2018\/05\/Rolerocinha7-70x53.jpg 70w, https:\/\/rioonwatch.org.br\/wp-content\/uploads\/2018\/05\/Rolerocinha7.jpg 960w\" sizes=\"(max-width: 500px) 100vw, 500px\" \/><\/a><figcaption id=\"caption-attachment-32947\" class=\"wp-caption-text\">Turismo ecol\u00f3gico de base comunit\u00e1rio na Rocinha<\/figcaption><\/figure>\n<p>Em 2024, uma parceria entre ICMBio, UERJ, Paineiras-Corcovado, <a href=\"https:\/\/bit.ly\/3VOfoCn\" target=\"_blank\" rel=\"noopener\">Cooperativa Anfitri\u00f5es do Parque<\/a> e <a href=\"https:\/\/bit.ly\/4iCzTvw\" target=\"_blank\" rel=\"noopener\">Coletivo de Guias do Santa Marta<\/a> realizou o <a href=\"https:\/\/bit.ly\/4gLAGIH\" target=\"_blank\" rel=\"noopener\">Semin\u00e1rio Favela &amp; Floresta Expor Tour<\/a>, que contou com um dia de debates, uma feira de <a href=\"https:\/\/rioonwatch.org.br\/?p=52171\">turismo de base comunit\u00e1ria<\/a> e um roteiro de visita tur\u00edstica. Representantes de oito comunidades localizadas no entorno de unidades de conserva\u00e7\u00e3o cariocas compartilharam suas experi\u00eancias e n\u00e3o deixaram qualquer d\u00favida restar sobre o valor econ\u00f4mico, cultural e ambiental da visita\u00e7\u00e3o tur\u00edstica amplamente promovida pelas favelas. Apesar de dados sobre o quantitativo de visitantes ainda n\u00e3o estarem dispon\u00edveis, associa\u00e7\u00f5es de moradores da <a href=\"https:\/\/bit.ly\/3dzwwUD\" target=\"_blank\" rel=\"noopener\">Rocinha<\/a> e <a href=\"https:\/\/bit.ly\/3VQjpGy\" target=\"_blank\" rel=\"noopener\">TurisRio<\/a> acabaram de lan\u00e7ar um aplicativo para monitorar o turismo, tamanha a propor\u00e7\u00e3o que a atividade ganhou na comunidade.<\/p>\n<p><span style=\"font-weight: 400;\">Com tantos exemplos de iniciativas que contribuem nas mais diversas tem\u00e1ticas, com diferentes p\u00fablicos, para a constru\u00e7\u00e3o de uma cidade mais justa, mais verde e mais segura para todo mundo, s\u00f3 podemos concluir que a realidade no dia a dia difere bastante do sangue que escorre das p\u00e1ginas dos jornais. As favelas querem, sim aparecer nos mapas e nas not\u00edcias. Mas o que t\u00eam a mostrar \u00e9 muita iniciativa, organiza\u00e7\u00e3o comunit\u00e1ria, dedica\u00e7\u00e3o ao bem comum, preocupa\u00e7\u00e3o com a sustentabilidade e a valoriza\u00e7\u00e3o da natureza.\u00a0<\/span><\/p>\n<hr \/>\n<h4><b data-stringify-type=\"bold\">Apoie nossos esfor\u00e7os para fornecer apoio estrat\u00e9gico \u00e0s favelas do Rio, incluindo o jornalismo hiperlocal, cr\u00edtico, inovador e incans\u00e1vel do\u00a0<\/b><b data-stringify-type=\"bold\"><i data-stringify-type=\"italic\">RioOnWatch<\/i><\/b>\u2014<a class=\"c-link\" href=\"http:\/\/www.bit.ly\/ApoieROW\" target=\"_blank\" rel=\"noopener noreferrer\" data-stringify-link=\"http:\/\/www.bit.ly\/ApoieROW\" data-sk=\"tooltip_parent\">doe aqui<\/a>.<\/h4>\n<!-- AddThis Advanced Settings generic via filter on the_content --><!-- AddThis Share Buttons generic via filter on the_content -->","protected":false},"excerpt":{"rendered":"<div class=\"mh-excerpt\"><p>Click Here for English Esta mat\u00e9ria, escrita por Isaura Bredariol, analista ambiental do ICMBio que atua na equipe socioambiental do Parque Nacional da Tijuca,\u00a0faz parte de uma s\u00e9rie\u00a0gerada por uma parceria com o\u00a0Digital Brazil Project\u00a0do\u00a0Centro <a class=\"mh-excerpt-more\" href=\"https:\/\/rioonwatch.org.br\/?p=76698\" title=\"Enquanto a Grande M\u00eddia Estigmatiza as Favelas do Entorno do Parque Nacional da Tijuca, Nada Fala sobre a Expans\u00e3o Desenfreada das Mans\u00f5es e Grandes Condom\u00ednios [OPINI\u00c3O]\">[&#8230;]<\/a><!-- AddThis Advanced Settings generic via filter on get_the_excerpt --><!-- AddThis Share Buttons generic via filter on get_the_excerpt --><\/p>\n<\/div>","protected":false},"author":167,"featured_media":76904,"comment_status":"closed","ping_status":"closed","sticky":false,"template":"template-full.php","format":"standard","meta":{"_acf_changed":false,"_monsterinsights_skip_tracking":false,"_monsterinsights_sitenote_active":false,"_monsterinsights_sitenote_note":"","_monsterinsights_sitenote_category":0,"footnotes":""},"categories":[1617,1621,1631,1626,3170,1630,1639],"tags":[386,274,1014,931,2096,735,732,60,1996,3517,2478,447,44,1760,307,566,126,180,2693,825,493],"writer":[3515],"translator":[],"source":[],"ilustrador":[],"fotografo":[],"class_list":{"0":"post-76698","1":"post","2":"type-post","3":"status-publish","4":"format-standard","5":"has-post-thumbnail","7":"category-olhonagentrificacao","8":"category-destaque","9":"category-entendendo-o-rio","10":"category-por-observadores-internacionais","11":"category-justica-climatica","12":"category-opiniao","13":"category-sustentabilidade","14":"tag-estigma","15":"tag-barra-da-tijuca","16":"tag-cerro-cora","17":"tag-copacabana","18":"tag-desmatamento","19":"tag-floresta-da-tijuca","20":"tag-globo","21":"tag-tijuca","22":"tag-guararapes","23":"tag-ibama","24":"tag-icmbio","25":"tag-jacarepagua","26":"tag-prazeres","27":"tag-narrativa-midiatica","28":"tag-opiniao","29":"tag-parque-estadual-da-pedra-branca","30":"tag-preconceito","31":"tag-santa-marta","32":"tag-serie-direitos-humanos-com-apoio-do-centro-behner-stiefel-da-sdsu","33":"tag-turismo","34":"tag-urbanizacao","35":"writer-isaura-bredariol"},"acf":[],"yoast_head":"<!-- This site is optimized with the Yoast SEO plugin v25.6 - https:\/\/yoast.com\/wordpress\/plugins\/seo\/ -->\n<title>Enquanto a Grande M\u00eddia Estigmatiza as Favelas do Entorno do Parque Nacional da Tijuca, Nada Fala sobre a Expans\u00e3o Desenfreada das Mans\u00f5es e Grandes Condom\u00ednios [OPINI\u00c3O] - RioOnWatch<\/title>\n<meta name=\"robots\" content=\"index, follow, max-snippet:-1, max-image-preview:large, max-video-preview:-1\" \/>\n<link rel=\"canonical\" href=\"https:\/\/rioonwatch.org.br\/?p=76698\" \/>\n<meta property=\"og:locale\" content=\"pt_BR\" \/>\n<meta property=\"og:type\" content=\"article\" \/>\n<meta property=\"og:title\" content=\"Enquanto a Grande M\u00eddia Estigmatiza as Favelas do Entorno do Parque Nacional da Tijuca, Nada Fala sobre a Expans\u00e3o Desenfreada das Mans\u00f5es e Grandes Condom\u00ednios [OPINI\u00c3O] - RioOnWatch\" \/>\n<meta property=\"og:description\" content=\"Click Here for English Esta mat\u00e9ria, escrita por Isaura Bredariol, analista ambiental do ICMBio que atua na equipe socioambiental do Parque Nacional da Tijuca,\u00a0faz parte de uma s\u00e9rie\u00a0gerada por uma parceria com o\u00a0Digital Brazil Project\u00a0do\u00a0Centro [...]\" \/>\n<meta property=\"og:url\" content=\"https:\/\/rioonwatch.org.br\/?p=76698\" \/>\n<meta property=\"og:site_name\" content=\"RioOnWatch\" \/>\n<meta property=\"article:published_time\" content=\"2025-01-13T19:08:14+00:00\" \/>\n<meta property=\"article:modified_time\" content=\"2025-01-27T16:00:19+00:00\" \/>\n<meta property=\"og:image\" content=\"https:\/\/rioonwatch.org.br\/wp-content\/uploads\/2025\/01\/Materia-no-O-Globo-14-de-dezembro-de-2024-scaled.jpg\" \/>\n\t<meta property=\"og:image:width\" content=\"2560\" \/>\n\t<meta property=\"og:image:height\" content=\"1788\" \/>\n\t<meta property=\"og:image:type\" content=\"image\/jpeg\" \/>\n<meta name=\"author\" content=\"Julio Santos Filho\" \/>\n<meta name=\"twitter:card\" content=\"summary_large_image\" \/>\n<meta name=\"twitter:label1\" content=\"Escrito por\" \/>\n\t<meta name=\"twitter:data1\" content=\"Julio Santos Filho\" \/>\n\t<meta name=\"twitter:label2\" content=\"Est. tempo de leitura\" \/>\n\t<meta name=\"twitter:data2\" content=\"8 minutos\" \/>\n<script type=\"application\/ld+json\" class=\"yoast-schema-graph\">{\"@context\":\"https:\/\/schema.org\",\"@graph\":[{\"@type\":\"Article\",\"@id\":\"https:\/\/rioonwatch.org.br\/?p=76698#article\",\"isPartOf\":{\"@id\":\"https:\/\/rioonwatch.org.br\/?p=76698\"},\"author\":{\"name\":\"Julio Santos Filho\",\"@id\":\"https:\/\/rioonwatch.org.br\/#\/schema\/person\/476bc75767957d3535b65b796667cd36\"},\"headline\":\"Enquanto a Grande M\u00eddia Estigmatiza as Favelas do Entorno do Parque Nacional da Tijuca, Nada Fala sobre a Expans\u00e3o Desenfreada das Mans\u00f5es e Grandes Condom\u00ednios [OPINI\u00c3O]\",\"datePublished\":\"2025-01-13T19:08:14+00:00\",\"dateModified\":\"2025-01-27T16:00:19+00:00\",\"mainEntityOfPage\":{\"@id\":\"https:\/\/rioonwatch.org.br\/?p=76698\"},\"wordCount\":1284,\"publisher\":{\"@id\":\"https:\/\/rioonwatch.org.br\/#organization\"},\"image\":{\"@id\":\"https:\/\/rioonwatch.org.br\/?p=76698#primaryimage\"},\"thumbnailUrl\":\"https:\/\/rioonwatch.org.br\/wp-content\/uploads\/2025\/01\/Materia-no-O-Globo-14-de-dezembro-de-2024-scaled.jpg\",\"keywords\":[\"#StopFavelaStigma\",\"Barra da Tijuca\",\"Cerro Cor\u00e1\",\"Copacabana\",\"desmatamento\",\"Floresta da Tijuca\",\"Globo\",\"Grande Tijuca\",\"Guararapes\",\"IBAMA\",\"ICMBio\",\"Jacarepagu\u00e1\",\"Morro dos Prazeres\",\"narrativa midi\u00e1tica\",\"opini\u00e3o\",\"Parque Estadual da Pedra Branca\",\"preconceito\",\"Santa Marta\",\"S\u00e9rie Apoiada pelo Centro Behner Stiefel\/SDSU\",\"turismo\",\"urbaniza\u00e7\u00e3o\"],\"articleSection\":[\"#OlhoNaGentrifica\u00e7\u00e3o\",\"*Destaque\",\"Entendendo o Rio\",\"Escrito por Aliados\",\"Justi\u00e7a Clim\u00e1tica\",\"Opini\u00e3o\",\"Sustentabilidade\"],\"inLanguage\":\"pt-BR\"},{\"@type\":\"WebPage\",\"@id\":\"https:\/\/rioonwatch.org.br\/?p=76698\",\"url\":\"https:\/\/rioonwatch.org.br\/?p=76698\",\"name\":\"Enquanto a Grande M\u00eddia Estigmatiza as Favelas do Entorno do Parque Nacional da Tijuca, Nada Fala sobre a Expans\u00e3o Desenfreada das Mans\u00f5es e Grandes Condom\u00ednios [OPINI\u00c3O] - RioOnWatch\",\"isPartOf\":{\"@id\":\"https:\/\/rioonwatch.org.br\/#website\"},\"primaryImageOfPage\":{\"@id\":\"https:\/\/rioonwatch.org.br\/?p=76698#primaryimage\"},\"image\":{\"@id\":\"https:\/\/rioonwatch.org.br\/?p=76698#primaryimage\"},\"thumbnailUrl\":\"https:\/\/rioonwatch.org.br\/wp-content\/uploads\/2025\/01\/Materia-no-O-Globo-14-de-dezembro-de-2024-scaled.jpg\",\"datePublished\":\"2025-01-13T19:08:14+00:00\",\"dateModified\":\"2025-01-27T16:00:19+00:00\",\"breadcrumb\":{\"@id\":\"https:\/\/rioonwatch.org.br\/?p=76698#breadcrumb\"},\"inLanguage\":\"pt-BR\",\"potentialAction\":[{\"@type\":\"ReadAction\",\"target\":[\"https:\/\/rioonwatch.org.br\/?p=76698\"]}]},{\"@type\":\"ImageObject\",\"inLanguage\":\"pt-BR\",\"@id\":\"https:\/\/rioonwatch.org.br\/?p=76698#primaryimage\",\"url\":\"https:\/\/rioonwatch.org.br\/wp-content\/uploads\/2025\/01\/Materia-no-O-Globo-14-de-dezembro-de-2024-scaled.jpg\",\"contentUrl\":\"https:\/\/rioonwatch.org.br\/wp-content\/uploads\/2025\/01\/Materia-no-O-Globo-14-de-dezembro-de-2024-scaled.jpg\",\"width\":2560,\"height\":1788},{\"@type\":\"BreadcrumbList\",\"@id\":\"https:\/\/rioonwatch.org.br\/?p=76698#breadcrumb\",\"itemListElement\":[{\"@type\":\"ListItem\",\"position\":1,\"name\":\"In\u00edcio\",\"item\":\"https:\/\/rioonwatch.org.br\/\"},{\"@type\":\"ListItem\",\"position\":2,\"name\":\"Enquanto a Grande M\u00eddia Estigmatiza as Favelas do Entorno do Parque Nacional da Tijuca, Nada Fala sobre a Expans\u00e3o Desenfreada das Mans\u00f5es e Grandes Condom\u00ednios [OPINI\u00c3O]\"}]},{\"@type\":\"WebSite\",\"@id\":\"https:\/\/rioonwatch.org.br\/#website\",\"url\":\"https:\/\/rioonwatch.org.br\/\",\"name\":\"RioOnWatch\",\"description\":\"relatos das favelas cariocas\",\"publisher\":{\"@id\":\"https:\/\/rioonwatch.org.br\/#organization\"},\"potentialAction\":[{\"@type\":\"SearchAction\",\"target\":{\"@type\":\"EntryPoint\",\"urlTemplate\":\"https:\/\/rioonwatch.org.br\/?s={search_term_string}\"},\"query-input\":{\"@type\":\"PropertyValueSpecification\",\"valueRequired\":true,\"valueName\":\"search_term_string\"}}],\"inLanguage\":\"pt-BR\"},{\"@type\":\"Organization\",\"@id\":\"https:\/\/rioonwatch.org.br\/#organization\",\"name\":\"RioOnWatch\",\"url\":\"https:\/\/rioonwatch.org.br\/\",\"logo\":{\"@type\":\"ImageObject\",\"inLanguage\":\"pt-BR\",\"@id\":\"https:\/\/rioonwatch.org.br\/#\/schema\/logo\/image\/\",\"url\":\"https:\/\/rioonwatch.org.br\/wp-content\/uploads\/2021\/06\/RioOnWatchcabecalhoPT11anos-2.png\",\"contentUrl\":\"https:\/\/rioonwatch.org.br\/wp-content\/uploads\/2021\/06\/RioOnWatchcabecalhoPT11anos-2.png\",\"width\":779,\"height\":277,\"caption\":\"RioOnWatch\"},\"image\":{\"@id\":\"https:\/\/rioonwatch.org.br\/#\/schema\/logo\/image\/\"}},{\"@type\":\"Person\",\"@id\":\"https:\/\/rioonwatch.org.br\/#\/schema\/person\/476bc75767957d3535b65b796667cd36\",\"name\":\"Julio Santos Filho\",\"image\":{\"@type\":\"ImageObject\",\"inLanguage\":\"pt-BR\",\"@id\":\"https:\/\/rioonwatch.org.br\/#\/schema\/person\/image\/\",\"url\":\"https:\/\/secure.gravatar.com\/avatar\/ca138f7666182a292a8ce4ca14fb81f8?s=96&d=blank&r=g\",\"contentUrl\":\"https:\/\/secure.gravatar.com\/avatar\/ca138f7666182a292a8ce4ca14fb81f8?s=96&d=blank&r=g\",\"caption\":\"Julio Santos Filho\"},\"url\":\"https:\/\/rioonwatch.org.br\/?author=167\"}]}<\/script>\n<!-- \/ Yoast SEO plugin. -->","yoast_head_json":{"title":"Enquanto a Grande M\u00eddia Estigmatiza as Favelas do Entorno do Parque Nacional da Tijuca, Nada Fala sobre a Expans\u00e3o Desenfreada das Mans\u00f5es e Grandes Condom\u00ednios [OPINI\u00c3O] - RioOnWatch","robots":{"index":"index","follow":"follow","max-snippet":"max-snippet:-1","max-image-preview":"max-image-preview:large","max-video-preview":"max-video-preview:-1"},"canonical":"https:\/\/rioonwatch.org.br\/?p=76698","og_locale":"pt_BR","og_type":"article","og_title":"Enquanto a Grande M\u00eddia Estigmatiza as Favelas do Entorno do Parque Nacional da Tijuca, Nada Fala sobre a Expans\u00e3o Desenfreada das Mans\u00f5es e Grandes Condom\u00ednios [OPINI\u00c3O] - RioOnWatch","og_description":"Click Here for English Esta mat\u00e9ria, escrita por Isaura Bredariol, analista ambiental do ICMBio que atua na equipe socioambiental do Parque Nacional da Tijuca,\u00a0faz parte de uma s\u00e9rie\u00a0gerada por uma parceria com o\u00a0Digital Brazil Project\u00a0do\u00a0Centro [...]","og_url":"https:\/\/rioonwatch.org.br\/?p=76698","og_site_name":"RioOnWatch","article_published_time":"2025-01-13T19:08:14+00:00","article_modified_time":"2025-01-27T16:00:19+00:00","og_image":[{"width":2560,"height":1788,"url":"https:\/\/rioonwatch.org.br\/wp-content\/uploads\/2025\/01\/Materia-no-O-Globo-14-de-dezembro-de-2024-scaled.jpg","type":"image\/jpeg"}],"author":"Julio Santos Filho","twitter_card":"summary_large_image","twitter_misc":{"Escrito por":"Julio Santos Filho","Est. tempo de leitura":"8 minutos"},"schema":{"@context":"https:\/\/schema.org","@graph":[{"@type":"Article","@id":"https:\/\/rioonwatch.org.br\/?p=76698#article","isPartOf":{"@id":"https:\/\/rioonwatch.org.br\/?p=76698"},"author":{"name":"Julio Santos Filho","@id":"https:\/\/rioonwatch.org.br\/#\/schema\/person\/476bc75767957d3535b65b796667cd36"},"headline":"Enquanto a Grande M\u00eddia Estigmatiza as Favelas do Entorno do Parque Nacional da Tijuca, Nada Fala sobre a Expans\u00e3o Desenfreada das Mans\u00f5es e Grandes Condom\u00ednios [OPINI\u00c3O]","datePublished":"2025-01-13T19:08:14+00:00","dateModified":"2025-01-27T16:00:19+00:00","mainEntityOfPage":{"@id":"https:\/\/rioonwatch.org.br\/?p=76698"},"wordCount":1284,"publisher":{"@id":"https:\/\/rioonwatch.org.br\/#organization"},"image":{"@id":"https:\/\/rioonwatch.org.br\/?p=76698#primaryimage"},"thumbnailUrl":"https:\/\/rioonwatch.org.br\/wp-content\/uploads\/2025\/01\/Materia-no-O-Globo-14-de-dezembro-de-2024-scaled.jpg","keywords":["#StopFavelaStigma","Barra da Tijuca","Cerro Cor\u00e1","Copacabana","desmatamento","Floresta da Tijuca","Globo","Grande Tijuca","Guararapes","IBAMA","ICMBio","Jacarepagu\u00e1","Morro dos Prazeres","narrativa midi\u00e1tica","opini\u00e3o","Parque Estadual da Pedra Branca","preconceito","Santa Marta","S\u00e9rie Apoiada pelo Centro Behner Stiefel\/SDSU","turismo","urbaniza\u00e7\u00e3o"],"articleSection":["#OlhoNaGentrifica\u00e7\u00e3o","*Destaque","Entendendo o Rio","Escrito por Aliados","Justi\u00e7a Clim\u00e1tica","Opini\u00e3o","Sustentabilidade"],"inLanguage":"pt-BR"},{"@type":"WebPage","@id":"https:\/\/rioonwatch.org.br\/?p=76698","url":"https:\/\/rioonwatch.org.br\/?p=76698","name":"Enquanto a Grande M\u00eddia Estigmatiza as Favelas do Entorno do Parque Nacional da Tijuca, Nada Fala sobre a Expans\u00e3o Desenfreada das Mans\u00f5es e Grandes Condom\u00ednios [OPINI\u00c3O] - RioOnWatch","isPartOf":{"@id":"https:\/\/rioonwatch.org.br\/#website"},"primaryImageOfPage":{"@id":"https:\/\/rioonwatch.org.br\/?p=76698#primaryimage"},"image":{"@id":"https:\/\/rioonwatch.org.br\/?p=76698#primaryimage"},"thumbnailUrl":"https:\/\/rioonwatch.org.br\/wp-content\/uploads\/2025\/01\/Materia-no-O-Globo-14-de-dezembro-de-2024-scaled.jpg","datePublished":"2025-01-13T19:08:14+00:00","dateModified":"2025-01-27T16:00:19+00:00","breadcrumb":{"@id":"https:\/\/rioonwatch.org.br\/?p=76698#breadcrumb"},"inLanguage":"pt-BR","potentialAction":[{"@type":"ReadAction","target":["https:\/\/rioonwatch.org.br\/?p=76698"]}]},{"@type":"ImageObject","inLanguage":"pt-BR","@id":"https:\/\/rioonwatch.org.br\/?p=76698#primaryimage","url":"https:\/\/rioonwatch.org.br\/wp-content\/uploads\/2025\/01\/Materia-no-O-Globo-14-de-dezembro-de-2024-scaled.jpg","contentUrl":"https:\/\/rioonwatch.org.br\/wp-content\/uploads\/2025\/01\/Materia-no-O-Globo-14-de-dezembro-de-2024-scaled.jpg","width":2560,"height":1788},{"@type":"BreadcrumbList","@id":"https:\/\/rioonwatch.org.br\/?p=76698#breadcrumb","itemListElement":[{"@type":"ListItem","position":1,"name":"In\u00edcio","item":"https:\/\/rioonwatch.org.br\/"},{"@type":"ListItem","position":2,"name":"Enquanto a Grande M\u00eddia Estigmatiza as Favelas do Entorno do Parque Nacional da Tijuca, Nada Fala sobre a Expans\u00e3o Desenfreada das Mans\u00f5es e Grandes Condom\u00ednios [OPINI\u00c3O]"}]},{"@type":"WebSite","@id":"https:\/\/rioonwatch.org.br\/#website","url":"https:\/\/rioonwatch.org.br\/","name":"RioOnWatch","description":"relatos das favelas cariocas","publisher":{"@id":"https:\/\/rioonwatch.org.br\/#organization"},"potentialAction":[{"@type":"SearchAction","target":{"@type":"EntryPoint","urlTemplate":"https:\/\/rioonwatch.org.br\/?s={search_term_string}"},"query-input":{"@type":"PropertyValueSpecification","valueRequired":true,"valueName":"search_term_string"}}],"inLanguage":"pt-BR"},{"@type":"Organization","@id":"https:\/\/rioonwatch.org.br\/#organization","name":"RioOnWatch","url":"https:\/\/rioonwatch.org.br\/","logo":{"@type":"ImageObject","inLanguage":"pt-BR","@id":"https:\/\/rioonwatch.org.br\/#\/schema\/logo\/image\/","url":"https:\/\/rioonwatch.org.br\/wp-content\/uploads\/2021\/06\/RioOnWatchcabecalhoPT11anos-2.png","contentUrl":"https:\/\/rioonwatch.org.br\/wp-content\/uploads\/2021\/06\/RioOnWatchcabecalhoPT11anos-2.png","width":779,"height":277,"caption":"RioOnWatch"},"image":{"@id":"https:\/\/rioonwatch.org.br\/#\/schema\/logo\/image\/"}},{"@type":"Person","@id":"https:\/\/rioonwatch.org.br\/#\/schema\/person\/476bc75767957d3535b65b796667cd36","name":"Julio Santos Filho","image":{"@type":"ImageObject","inLanguage":"pt-BR","@id":"https:\/\/rioonwatch.org.br\/#\/schema\/person\/image\/","url":"https:\/\/secure.gravatar.com\/avatar\/ca138f7666182a292a8ce4ca14fb81f8?s=96&d=blank&r=g","contentUrl":"https:\/\/secure.gravatar.com\/avatar\/ca138f7666182a292a8ce4ca14fb81f8?s=96&d=blank&r=g","caption":"Julio Santos Filho"},"url":"https:\/\/rioonwatch.org.br\/?author=167"}]}},"_links":{"self":[{"href":"https:\/\/rioonwatch.org.br\/index.php?rest_route=\/wp\/v2\/posts\/76698"}],"collection":[{"href":"https:\/\/rioonwatch.org.br\/index.php?rest_route=\/wp\/v2\/posts"}],"about":[{"href":"https:\/\/rioonwatch.org.br\/index.php?rest_route=\/wp\/v2\/types\/post"}],"author":[{"embeddable":true,"href":"https:\/\/rioonwatch.org.br\/index.php?rest_route=\/wp\/v2\/users\/167"}],"replies":[{"embeddable":true,"href":"https:\/\/rioonwatch.org.br\/index.php?rest_route=%2Fwp%2Fv2%2Fcomments&post=76698"}],"version-history":[{"count":31,"href":"https:\/\/rioonwatch.org.br\/index.php?rest_route=\/wp\/v2\/posts\/76698\/revisions"}],"predecessor-version":[{"id":76987,"href":"https:\/\/rioonwatch.org.br\/index.php?rest_route=\/wp\/v2\/posts\/76698\/revisions\/76987"}],"wp:featuredmedia":[{"embeddable":true,"href":"https:\/\/rioonwatch.org.br\/index.php?rest_route=\/wp\/v2\/media\/76904"}],"wp:attachment":[{"href":"https:\/\/rioonwatch.org.br\/index.php?rest_route=%2Fwp%2Fv2%2Fmedia&parent=76698"}],"wp:term":[{"taxonomy":"category","embeddable":true,"href":"https:\/\/rioonwatch.org.br\/index.php?rest_route=%2Fwp%2Fv2%2Fcategories&post=76698"},{"taxonomy":"post_tag","embeddable":true,"href":"https:\/\/rioonwatch.org.br\/index.php?rest_route=%2Fwp%2Fv2%2Ftags&post=76698"},{"taxonomy":"writer","embeddable":true,"href":"https:\/\/rioonwatch.org.br\/index.php?rest_route=%2Fwp%2Fv2%2Fwriter&post=76698"},{"taxonomy":"translator","embeddable":true,"href":"https:\/\/rioonwatch.org.br\/index.php?rest_route=%2Fwp%2Fv2%2Ftranslator&post=76698"},{"taxonomy":"source","embeddable":true,"href":"https:\/\/rioonwatch.org.br\/index.php?rest_route=%2Fwp%2Fv2%2Fsource&post=76698"},{"taxonomy":"ilustrador","embeddable":true,"href":"https:\/\/rioonwatch.org.br\/index.php?rest_route=%2Fwp%2Fv2%2Filustrador&post=76698"},{"taxonomy":"fotografo","embeddable":true,"href":"https:\/\/rioonwatch.org.br\/index.php?rest_route=%2Fwp%2Fv2%2Ffotografo&post=76698"}],"curies":[{"name":"wp","href":"https:\/\/api.w.org\/{rel}","templated":true}]}}