{"id":76983,"date":"2025-01-29T10:35:36","date_gmt":"2025-01-29T13:35:36","guid":{"rendered":"https:\/\/rioonwatch.org.br\/?p=76983"},"modified":"2025-02-07T10:15:57","modified_gmt":"2025-02-07T13:15:57","slug":"fundacao-do-museu-social-quilombo-do-salgueiro-salvaguarda-historia-dos-ancestrais-de-uma-das-favelas-mais-antigas-do-rio-de-janeiro","status":"publish","type":"post","link":"https:\/\/rioonwatch.org.br\/?p=76983","title":{"rendered":"Funda\u00e7\u00e3o do Museu Social Quilombo do Salgueiro Salvaguarda Hist\u00f3ria dos Ancestrais de uma das Favelas Mais Antigas do Rio de Janeiro"},"content":{"rendered":"<figure id=\"attachment_76992\" aria-describedby=\"caption-attachment-76992\" style=\"width: 2048px\" class=\"wp-caption aligncenter\"><a href=\"https:\/\/rioonwatch.org.br\/wp-content\/uploads\/2025\/01\/Participantes-da-Fundacao-do-Museu-Quilombo-do-Salgueiro.-Foto-Barbara-Dias.jpg\"><img fetchpriority=\"high\" decoding=\"async\" class=\"wp-image-76992 size-full\" title=\"Participantes da Funda\u00e7\u00e3o do Museu Quilombo do Salgueiro. Foto: B\u00e1rbara Dias\" src=\"https:\/\/rioonwatch.org.br\/wp-content\/uploads\/2025\/01\/Participantes-da-Fundacao-do-Museu-Quilombo-do-Salgueiro.-Foto-Barbara-Dias.jpg\" alt=\"Participantes da Funda\u00e7\u00e3o do Museu Quilombo do Salgueiro. Foto: B\u00e1rbara Dias\" width=\"2048\" height=\"1367\" srcset=\"https:\/\/rioonwatch.org.br\/wp-content\/uploads\/2025\/01\/Participantes-da-Fundacao-do-Museu-Quilombo-do-Salgueiro.-Foto-Barbara-Dias.jpg 2048w, https:\/\/rioonwatch.org.br\/wp-content\/uploads\/2025\/01\/Participantes-da-Fundacao-do-Museu-Quilombo-do-Salgueiro.-Foto-Barbara-Dias-620x414.jpg 620w, https:\/\/rioonwatch.org.br\/wp-content\/uploads\/2025\/01\/Participantes-da-Fundacao-do-Museu-Quilombo-do-Salgueiro.-Foto-Barbara-Dias-768x513.jpg 768w, https:\/\/rioonwatch.org.br\/wp-content\/uploads\/2025\/01\/Participantes-da-Fundacao-do-Museu-Quilombo-do-Salgueiro.-Foto-Barbara-Dias-1536x1025.jpg 1536w\" sizes=\"(max-width: 2048px) 100vw, 2048px\" \/><\/a><figcaption id=\"caption-attachment-76992\" class=\"wp-caption-text\">Participantes da Funda\u00e7\u00e3o do Museu Quilombo do Salgueiro. Foto: B\u00e1rbara Dias<\/figcaption><\/figure>\n<p style=\"text-align: right;\"><em><strong><a href=\"https:\/\/bit.ly\/40Hr7EA\" target=\"_blank\" rel=\"noopener noreferrer\">Click Here for English<\/a><a href=\"https:\/\/bit.ly\/40Hr7EA\" rel=\"noopener noreferrer\"><img decoding=\"async\" class=\"alignright wp-image-15790\" src=\"http:\/\/rioonwatch.org.br\/wp-content\/uploads\/2012\/08\/EN-standard-e1439583104716.jpg\" alt=\"\" width=\"20\" height=\"20\" \/><\/a><\/strong><\/em><\/p>\n<p><span style=\"font-weight: 400;\">No dia 18 de janeiro de 2025, o <a href=\"https:\/\/bit.ly\/36xHerx\" target=\"_blank\" rel=\"noopener\">Morro do Salgueiro<\/a>, uma das <a href=\"https:\/\/bit.ly\/40R9pje\" target=\"_blank\" rel=\"noopener\">favelas mais antigas do Rio de Janeiro<\/a>, um verdadeiro quilombo urbano na <a href=\"https:\/\/bit.ly\/3581ZK2\" target=\"_blank\" rel=\"noopener\">Tijuca<\/a>, <a href=\"https:\/\/bit.ly\/2ETpYR1\" target=\"_blank\" rel=\"noopener\">Zona Norte<\/a> da cidade, inaugurou o <\/span><a href=\"https:\/\/bit.ly\/40OsSky\" target=\"_blank\" rel=\"noopener\">Museu Social Quilombo do Salgueiro<\/a>, na sede do <a href=\"https:\/\/bit.ly\/3CnsCj3\" target=\"_blank\" rel=\"noopener\">Instituto Sal-Laje<\/a><span style=\"font-weight: 400;\">. O museu social nasceu com a miss\u00e3o de dar mais visibilidade \u00e0 Hist\u00f3ria de um territ\u00f3rio marcado pela luta quilombola e viv\u00eancia comunit\u00e1ria, com um enfoque na preserva\u00e7\u00e3o do patrim\u00f4nio material e imaterial da regi\u00e3o.<\/span><\/p>\n<p><span style=\"font-weight: 400;\">O evento contou com a presen\u00e7a de representantes de diversos grupos atuantes no territ\u00f3rio como: o grupo cultural <\/span><a href=\"https:\/\/bit.ly\/4gy9ywF\" target=\"_blank\" rel=\"noopener\"><span style=\"font-weight: 400;\">Caxambu do Salgueiro<\/span><\/a><span style=\"font-weight: 400;\">, a <a href=\"https:\/\/bit.ly\/3CnoNdy\" target=\"_blank\" rel=\"noopener\">Associa\u00e7\u00e3o de Moradores do Morro do Salgueiro<\/a>, o <\/span><a href=\"https:\/\/www.instagram.com\/erveirosdosalgueiro\/\" target=\"_blank\" rel=\"noopener\"><span style=\"font-weight: 400;\">Coletivo de Erveiras e Erveiros do Salgueiro<\/span><\/a><span style=\"font-weight: 400;\">, a R\u00e1dio-Poste Comunit\u00e1ria <\/span><a href=\"https:\/\/bit.ly\/40x2z0J\" target=\"_blank\" rel=\"noopener\"><span style=\"font-weight: 400;\">&#8216;Se Liga Salgueiro&#8217;<\/span><\/a><span style=\"font-weight: 400;\">, entre outros coletivos locais. Al\u00e9m disso, na cerim\u00f4nia de funda\u00e7\u00e3o do Museu Quilombo do Salgueiro tamb\u00e9m foi realizada a retomada das reuni\u00f5es da <\/span><a href=\"https:\/\/rioonwatch.org.br\/?p=66857\"><span style=\"font-weight: 400;\">Rede de Museologia Social do Rio de Janeiro<\/span><\/a><span style=\"font-weight: 400;\"> (<a href=\"https:\/\/bit.ly\/3WrPNiL\" target=\"_blank\" rel=\"noopener\">REMUS-RJ<\/a>) neste ano, o que levou \u00e0 presen\u00e7a de outros integrantes da rede e <a href=\"https:\/\/rioonwatch.org.br\/?p=52171\" target=\"_blank\" rel=\"noopener\">museus sociais e de favelas<\/a> do Rio de Janeiro.\u00a0<\/span><\/p>\n<p>A programa\u00e7\u00e3o do dia foi bem extensa e come\u00e7ou \u00e0s dez horas com um caf\u00e9 da manh\u00e3 na padaria <a href=\"https:\/\/bit.ly\/3PMyJk7\" target=\"_blank\" rel=\"noopener\">Caliel Culin\u00e1ria Artesanal<\/a>, que trabalha com princ\u00edpios de <a href=\"https:\/\/bit.ly\/2PfAWGK\" target=\"_blank\" rel=\"noopener\">pr\u00e1ticas agroecol\u00f3gicas<\/a> e de <a href=\"https:\/\/bit.ly\/3eGBXql\" target=\"_blank\" rel=\"noopener\">cozinha solid\u00e1ria<\/a>. Durante esse momento os participantes do evento puderam se reunir para viv\u00eancia dessa experi\u00eancia de um caf\u00e9 de qualidade, al\u00e9m de ter um momento de troca e reencontros.<\/p>\n<figure id=\"attachment_76993\" aria-describedby=\"caption-attachment-76993\" style=\"width: 2048px\" class=\"wp-caption aligncenter\"><a href=\"https:\/\/rioonwatch.org.br\/wp-content\/uploads\/2025\/01\/Aproximadamente-70-pessoas-participaram-do-evento-de-fundacao-do-Museu-Quilombo-do-Salgueiro.-Foto-Barbara-Dias.jpg\"><img decoding=\"async\" class=\"wp-image-76993 size-full\" title=\"Aproximadamente 70 pessoas participaram do evento de funda\u00e7\u00e3o do Museu Quilombo do Salgueiro. Foto: B\u00e1rbara Dias\" src=\"https:\/\/rioonwatch.org.br\/wp-content\/uploads\/2025\/01\/Aproximadamente-70-pessoas-participaram-do-evento-de-fundacao-do-Museu-Quilombo-do-Salgueiro.-Foto-Barbara-Dias.jpg\" alt=\"Aproximadamente 70 pessoas participaram do evento de funda\u00e7\u00e3o do Museu Quilombo do Salgueiro. Foto: B\u00e1rbara Dias\" width=\"2048\" height=\"1367\" srcset=\"https:\/\/rioonwatch.org.br\/wp-content\/uploads\/2025\/01\/Aproximadamente-70-pessoas-participaram-do-evento-de-fundacao-do-Museu-Quilombo-do-Salgueiro.-Foto-Barbara-Dias.jpg 2048w, https:\/\/rioonwatch.org.br\/wp-content\/uploads\/2025\/01\/Aproximadamente-70-pessoas-participaram-do-evento-de-fundacao-do-Museu-Quilombo-do-Salgueiro.-Foto-Barbara-Dias-620x414.jpg 620w, https:\/\/rioonwatch.org.br\/wp-content\/uploads\/2025\/01\/Aproximadamente-70-pessoas-participaram-do-evento-de-fundacao-do-Museu-Quilombo-do-Salgueiro.-Foto-Barbara-Dias-768x513.jpg 768w, https:\/\/rioonwatch.org.br\/wp-content\/uploads\/2025\/01\/Aproximadamente-70-pessoas-participaram-do-evento-de-fundacao-do-Museu-Quilombo-do-Salgueiro.-Foto-Barbara-Dias-1536x1025.jpg 1536w\" sizes=\"(max-width: 2048px) 100vw, 2048px\" \/><\/a><figcaption id=\"caption-attachment-76993\" class=\"wp-caption-text\">Aproximadamente 70 pessoas participaram do evento de funda\u00e7\u00e3o do Museu Quilombo do Salgueiro. Foto: B\u00e1rbara Dias<\/figcaption><\/figure>\n<p>Ap\u00f3s o caf\u00e9 da manh\u00e3, os presentes foram convidados a se encaminhar para a inaugura\u00e7\u00e3o do Museu Social Quilombo do Salgueiro e para a reuni\u00e3o da REMUS-RJ. Ap\u00f3s uma sauda\u00e7\u00e3o aos presentes, todos os participantes, aproximadamente 70 pessoas, se apresentaram dizendo de onde vinham e qual territ\u00f3rio e organiza\u00e7\u00e3o representavam, numa demonstra\u00e7\u00e3o org\u00e2nica da diversidade de territ\u00f3rios ali presentes, abrangendo desde a <a href=\"https:\/\/bit.ly\/32JVvht\" target=\"_blank\" rel=\"noopener\">Baixada Fluminense<\/a>, todas as zonas da cidade do Rio de Janeiro, al\u00e9m dos munic\u00edpios de <a href=\"https:\/\/bit.ly\/2zvYph5\" target=\"_blank\" rel=\"noopener\">S\u00e3o Gon\u00e7alo<\/a> e <a href=\"https:\/\/bit.ly\/2xtrOnO\" target=\"_blank\" rel=\"noopener\">Niter\u00f3i<\/a>.<\/p>\n<p>Ap\u00f3s esse momento inicial, <a href=\"https:\/\/bit.ly\/40OEtjo\" target=\"_blank\" rel=\"noopener\">Marcelo Paz Olajinmina<\/a>, cozinheiro, quilombola cria do Morro do Salgueiro e vice-presidente do grupo de Caxambu do morro agradeceu a presen\u00e7a de todos e falou da import\u00e2ncia da funda\u00e7\u00e3o do museu na favela.<\/p>\n<blockquote><p><span style=\"font-weight: 400;\">\u201cGratid\u00e3o pela presen\u00e7a de todos voc\u00eas aqui. N\u00f3s aqui do Morro do Salgueiro, dos coletivos do Morro do Salgueiro, n\u00f3s estamos muito emocionados por todo esse movimento que est\u00e1 acontecendo. \u00c9 um sonho que n\u00f3s t\u00ednhamos de estar integrando uma rede, uma rede para fortalecer o que o Morro do Salgueiro j\u00e1 faz e para o Morro do Salgueiro tamb\u00e9m fortalecer, porque essa favela aqui \u00e9 uma favela majoritariamente preta. Bem, eu me chamo Marcelo Paz Olajinmina, sou cria do Morro do Salgueiro, de fam\u00edlia tradicional quilombola. Sou cozinheiro, estou vice-presidente do Caxambu de Salgueiro. Fa\u00e7o parte tamb\u00e9m do coletivo de erveiras e erveiros daqui do Morro do Salgueiro, que tem uma integra\u00e7\u00e3o tamb\u00e9m com o coletivo do Ewe Saberes Tradicionais, que trata as ervas medicinais, mas no aspecto lit\u00fargico&#8230; Estou muito grato pela presen\u00e7a de todos voc\u00eas aqui. Estou aqui com voc\u00eas e tamb\u00e9m estou na cozinha preparando um frango com Ora-pro-n\u00f3bis, com a folha que foi colhida aqui no Morro do Salgueiro, essa favela que tamb\u00e9m tem essa ancestralidade muito forte com as ervas medicinais, com esse saber que passa pelas plantas, pelas \u00e1rvores centen\u00e1rias. Isso aqui \u00e9 um quilombo, surge como quilombo antes mesmo da aboli\u00e7\u00e3o da escravatura e muitas dessas fam\u00edlias descendentes, desses primeiros moradores, ainda vivem aqui nesse territ\u00f3rio e a gente mant\u00e9m essa tradi\u00e7\u00e3o at\u00e9 os dias de hoje.\u201d<\/span><span style=\"font-weight: 400;\"> \u2014 Marcelo Paz Olajinmina\u00a0<\/span><\/p><\/blockquote>\n<figure id=\"attachment_76994\" aria-describedby=\"caption-attachment-76994\" style=\"width: 2048px\" class=\"wp-caption aligncenter\"><a href=\"https:\/\/rioonwatch.org.br\/wp-content\/uploads\/2025\/01\/Marcelo-Paz-Olajinmina-da-as-boas-vindas-aos-participantes-do-evento-de-fundacao-do-Museu-Quilombo-do-Salgueiro.-Foto-Barbara-Dias.jpg\"><img loading=\"lazy\" decoding=\"async\" class=\"wp-image-76994 size-full\" title=\"Marcelo Paz Olajinmina d\u00e1 as boas vindas aos participantes do evento de funda\u00e7\u00e3o do Museu Quilombo do Salgueiro. Foto: B\u00e1rbara Dias\" src=\"https:\/\/rioonwatch.org.br\/wp-content\/uploads\/2025\/01\/Marcelo-Paz-Olajinmina-da-as-boas-vindas-aos-participantes-do-evento-de-fundacao-do-Museu-Quilombo-do-Salgueiro.-Foto-Barbara-Dias.jpg\" alt=\"Marcelo Paz Olajinmina d\u00e1 as boas vindas aos participantes do evento de funda\u00e7\u00e3o do Museu Quilombo do Salgueiro. Foto: B\u00e1rbara Dias\" width=\"2048\" height=\"1367\" srcset=\"https:\/\/rioonwatch.org.br\/wp-content\/uploads\/2025\/01\/Marcelo-Paz-Olajinmina-da-as-boas-vindas-aos-participantes-do-evento-de-fundacao-do-Museu-Quilombo-do-Salgueiro.-Foto-Barbara-Dias.jpg 2048w, https:\/\/rioonwatch.org.br\/wp-content\/uploads\/2025\/01\/Marcelo-Paz-Olajinmina-da-as-boas-vindas-aos-participantes-do-evento-de-fundacao-do-Museu-Quilombo-do-Salgueiro.-Foto-Barbara-Dias-620x414.jpg 620w, https:\/\/rioonwatch.org.br\/wp-content\/uploads\/2025\/01\/Marcelo-Paz-Olajinmina-da-as-boas-vindas-aos-participantes-do-evento-de-fundacao-do-Museu-Quilombo-do-Salgueiro.-Foto-Barbara-Dias-768x513.jpg 768w, https:\/\/rioonwatch.org.br\/wp-content\/uploads\/2025\/01\/Marcelo-Paz-Olajinmina-da-as-boas-vindas-aos-participantes-do-evento-de-fundacao-do-Museu-Quilombo-do-Salgueiro.-Foto-Barbara-Dias-1536x1025.jpg 1536w\" sizes=\"(max-width: 2048px) 100vw, 2048px\" \/><\/a><figcaption id=\"caption-attachment-76994\" class=\"wp-caption-text\">Marcelo Paz Olajinmina d\u00e1 as boas vindas aos participantes do evento de funda\u00e7\u00e3o do Museu Quilombo do Salgueiro. Foto: B\u00e1rbara Dias<\/figcaption><\/figure>\n<p>Ap\u00f3s a fala do Marcelo, <a href=\"https:\/\/bit.ly\/3WC2rvS\" target=\"_blank\" rel=\"noopener\">Emerson Menezes<\/a>, integrante do Instituto Sal-Lage e do Caxambu do Salgueiro fez uma apresenta\u00e7\u00e3o contextualizando o processo hist\u00f3rico de surgimento e ocupa\u00e7\u00e3o da favela, al\u00e9m de apresentar um grande n\u00famero de coletivos, movimentos, institui\u00e7\u00f5es e organiza\u00e7\u00f5es presentes no territ\u00f3rio, que carregam hist\u00f3rias vivas do Salgueiro.<\/p>\n<blockquote><p>\u201cO Morro do Salgueiro&#8230; ainda no final do s\u00e9culo XIX, iniciou sua primeira ocupa\u00e7\u00e3o a partir de escravizados fugidos das fazendas de cafezais do <a href=\"https:\/\/bit.ly\/35MsR3z\" target=\"_blank\" rel=\"noopener\">Alto da Boa Vista<\/a>. Inicialmente, ele recebeu o nome de Morro dos Trapicheiros [por conta do <a href=\"https:\/\/pt.wikipedia.org\/wiki\/Rio_Trapicheiros\">Rio Trapicheiros<\/a>], constituindo-se um dos primeiros quilombos urbanos aqui da cidade. Ent\u00e3o, essas origens se d\u00e3o antes mesmo do fim da escravid\u00e3o, efetivamente, antes da chegada de <a href=\"https:\/\/bit.ly\/3PVHN6i\" target=\"_blank\" rel=\"noopener\">Domingos Alves Salgueiro<\/a>, que \u00e9 quem posteriormente d\u00e1 o nome, efetivamente, ao morro. E uma outra etapa dessa ocupa\u00e7\u00e3o se d\u00e1 j\u00e1 no in\u00edcio do s\u00e9culo XX, com a chegada de pessoas do interior do estado do Rio de Janeiro e de outras regi\u00f5es do Sudeste, como Minas Gerais. Essa favela secular cultiva uma diversidade cultural&#8230; al\u00e9m do samba e do funk. Express\u00f5es como ladainhas, benzedeiras, terreiros de culto afro, folias de reis, maculel\u00ea, bailes no estilo charme, as rodas do nosso patrim\u00f4nio cultural imaterial do Brasil, que \u00e9 o Caxambu do Salgueiro. Portanto, um breve hist\u00f3rico d\u00e1 a dimens\u00e3o desse morro, que se confunde justamente com as origens afrodiasp\u00f3ricas neste pa\u00eds.\u201d \u2014 Emerson Menezes<\/p><\/blockquote>\n<figure id=\"attachment_76995\" aria-describedby=\"caption-attachment-76995\" style=\"width: 2048px\" class=\"wp-caption aligncenter\"><a href=\"https:\/\/rioonwatch.org.br\/wp-content\/uploads\/2025\/01\/Emerson-Menezes-faz-uma-contextualizacao-historica-da-ocupacao-do-Salgueiro-aos-participantes-do-evento-de-fundacao-do-Museu-Quilombo-do-Salgueiro.-Foto-Barbara-Dias.jpg\"><img loading=\"lazy\" decoding=\"async\" class=\"wp-image-76995 size-full\" title=\"Emerson Menezes faz uma contextualiza\u00e7\u00e3o hist\u00f3rica da ocupa\u00e7\u00e3o do Salgueiro aos participantes do evento de funda\u00e7\u00e3o do Museu Quilombo do Salgueiro. Foto B\u00e1rbara Dias\" src=\"https:\/\/rioonwatch.org.br\/wp-content\/uploads\/2025\/01\/Emerson-Menezes-faz-uma-contextualizacao-historica-da-ocupacao-do-Salgueiro-aos-participantes-do-evento-de-fundacao-do-Museu-Quilombo-do-Salgueiro.-Foto-Barbara-Dias.jpg\" alt=\"Emerson Menezes faz uma contextualiza\u00e7\u00e3o hist\u00f3rica da ocupa\u00e7\u00e3o do Salgueiro aos participantes do evento de funda\u00e7\u00e3o do Museu Quilombo do Salgueiro. Foto B\u00e1rbara Dias\" width=\"2048\" height=\"1365\" srcset=\"https:\/\/rioonwatch.org.br\/wp-content\/uploads\/2025\/01\/Emerson-Menezes-faz-uma-contextualizacao-historica-da-ocupacao-do-Salgueiro-aos-participantes-do-evento-de-fundacao-do-Museu-Quilombo-do-Salgueiro.-Foto-Barbara-Dias.jpg 2048w, https:\/\/rioonwatch.org.br\/wp-content\/uploads\/2025\/01\/Emerson-Menezes-faz-uma-contextualizacao-historica-da-ocupacao-do-Salgueiro-aos-participantes-do-evento-de-fundacao-do-Museu-Quilombo-do-Salgueiro.-Foto-Barbara-Dias-620x413.jpg 620w, https:\/\/rioonwatch.org.br\/wp-content\/uploads\/2025\/01\/Emerson-Menezes-faz-uma-contextualizacao-historica-da-ocupacao-do-Salgueiro-aos-participantes-do-evento-de-fundacao-do-Museu-Quilombo-do-Salgueiro.-Foto-Barbara-Dias-768x512.jpg 768w, https:\/\/rioonwatch.org.br\/wp-content\/uploads\/2025\/01\/Emerson-Menezes-faz-uma-contextualizacao-historica-da-ocupacao-do-Salgueiro-aos-participantes-do-evento-de-fundacao-do-Museu-Quilombo-do-Salgueiro.-Foto-Barbara-Dias-1536x1024.jpg 1536w\" sizes=\"(max-width: 2048px) 100vw, 2048px\" \/><\/a><figcaption id=\"caption-attachment-76995\" class=\"wp-caption-text\">Emerson Menezes faz uma contextualiza\u00e7\u00e3o hist\u00f3rica da ocupa\u00e7\u00e3o do Salgueiro aos participantes do evento de funda\u00e7\u00e3o do Museu Quilombo do Salgueiro. Foto B\u00e1rbara Dias<\/figcaption><\/figure>\n<p>Dentre os exemplos de coletivos, grupos culturais, empreendimentos sociais e institui\u00e7\u00f5es p\u00fablicas mapeadas no territ\u00f3rio, Emerson citou o Grupo Cultural Caxambu do Salgueiro, a Associa\u00e7\u00e3o de Moradores, a Escola Municipal Bombeiro Geraldo Dias, a Creche Ra\u00edzes do Salgueiro, o Coletivo das Erveiras e Erveiros do Salgueiro, o Hortas Cariocas, a <a href=\"https:\/\/rioonwatch.org.br\/?p=66203\">Biblioteca Comunit\u00e1ria Jurema Batista<\/a>, a R\u00e1dio Comunit\u00e1ria Se Liga Salgueiro, o Bloco Carnavalesco Ra\u00edzes da Tijuca, a Padaria Caliel, a Capelinha de S\u00e3o Sebasti\u00e3o, Recep\u00e7\u00f5es de Folias de diversas Folias de Reis, e os terreiros de religi\u00e3o de matriz africana, sem mencionar as iniciativas de turismo de base comunit\u00e1ria.<\/p>\n<p>Ap\u00f3s a fala dos anfitri\u00f5es, o professor, <a href=\"https:\/\/rioonwatch.org.br\/?s=%22mario+chagas%22\">Mario Chagas<\/a>, diretor do <a href=\"https:\/\/bit.ly\/3BVleb4\" target=\"_blank\" rel=\"noopener\">Museu da Rep\u00fablica<\/a> e do Instituto Brasileiro de Museus (<a href=\"https:\/\/bit.ly\/3EaRriP\" target=\"_blank\" rel=\"noopener\">IBRAM<\/a>), falou sobre a import\u00e2ncia da funda\u00e7\u00e3o do Museu Quilombo do Salgueiro.<\/p>\n<blockquote><p>\u201cEnt\u00e3o, estamos hoje aqui, dia 18 de janeiro de 2025, realizando a primeira reuni\u00e3o da rede de museologia social do Rio de Janeiro do ano de 2025 e para nossa alegria estamos participando do lan\u00e7amento do Museu Social Quilombo do Salgueiro. \u00c9 uma not\u00edcia extraordin\u00e1ria e \u00e9 uma grande realiza\u00e7\u00e3o, na verdade, porque iniciamos as reuni\u00f5es da rede com esse lan\u00e7amento e esse Museu Social. Ele \u00e9 o reconhecimento de uma tradi\u00e7\u00e3o, de um patrim\u00f4nio, de uma mem\u00f3ria j\u00e1 existente aqui no Morro do Salgueiro e esse museu vem consolidar tudo isso, vem fortalecer tudo isso e sistematizar. Hoje, a apresenta\u00e7\u00e3o que n\u00f3s aqui j\u00e1 tivemos realizada pelo Emerson foi not\u00e1vel, extraordin\u00e1ria, apresentando toda a pot\u00eancia e a dimens\u00e3o cultural do Morro do Salgueiro, isso \u00e9 importante. Eu estou convencido, tenho certeza de que o lan\u00e7amento desse museu aqui no Morro do Salgueiro trar\u00e1 uma contribui\u00e7\u00e3o importante para o territ\u00f3rio, para a comunidade, mas ele tamb\u00e9m traz uma contribui\u00e7\u00e3o importante para a pr\u00f3pria Rede de Museologia Social. Na verdade, \u00e9 um movimento que se fortalece. Eu gostaria de pensar esse museu como um museu-semente, ele tem uma conex\u00e3o com a ancestralidade, mas ele explode agora olhando o futuro e, com tudo isso, ele tamb\u00e9m \u00e9 um museu que vai produzir novos frutos, novas sementes.\u201d \u2014 Mario Chagas<\/p><\/blockquote>\n<figure id=\"attachment_76996\" aria-describedby=\"caption-attachment-76996\" style=\"width: 2048px\" class=\"wp-caption aligncenter\"><a href=\"https:\/\/rioonwatch.org.br\/wp-content\/uploads\/2025\/01\/Professor-Doutor-Mario-Chagas-falou-sobre-a-importancia-da-fundacao-do-museu-do-salgueiro-em-sua-fala-aos-participantes-do-evento-de-fundacao-do-Museu-Quilombo-do-Salgueiro.-Foto-Barbara-Dias.jpg\"><img loading=\"lazy\" decoding=\"async\" class=\"wp-image-76996 size-full\" title=\"Professor Doutor Mario Chagas falou sobre a import\u00e2ncia da funda\u00e7\u00e3o do museu do salgueiro em sua fala aos participantes do evento de funda\u00e7\u00e3o do Museu Quilombo do Salgueiro. Foto: B\u00e1rbara Dias\" src=\"https:\/\/rioonwatch.org.br\/wp-content\/uploads\/2025\/01\/Professor-Doutor-Mario-Chagas-falou-sobre-a-importancia-da-fundacao-do-museu-do-salgueiro-em-sua-fala-aos-participantes-do-evento-de-fundacao-do-Museu-Quilombo-do-Salgueiro.-Foto-Barbara-Dias.jpg\" alt=\"Professor Doutor Mario Chagas falou sobre a import\u00e2ncia da funda\u00e7\u00e3o do museu do salgueiro em sua fala aos participantes do evento de funda\u00e7\u00e3o do Museu Quilombo do Salgueiro. Foto: B\u00e1rbara Dias\" width=\"2048\" height=\"1365\" srcset=\"https:\/\/rioonwatch.org.br\/wp-content\/uploads\/2025\/01\/Professor-Doutor-Mario-Chagas-falou-sobre-a-importancia-da-fundacao-do-museu-do-salgueiro-em-sua-fala-aos-participantes-do-evento-de-fundacao-do-Museu-Quilombo-do-Salgueiro.-Foto-Barbara-Dias.jpg 2048w, https:\/\/rioonwatch.org.br\/wp-content\/uploads\/2025\/01\/Professor-Doutor-Mario-Chagas-falou-sobre-a-importancia-da-fundacao-do-museu-do-salgueiro-em-sua-fala-aos-participantes-do-evento-de-fundacao-do-Museu-Quilombo-do-Salgueiro.-Foto-Barbara-Dias-620x413.jpg 620w, https:\/\/rioonwatch.org.br\/wp-content\/uploads\/2025\/01\/Professor-Doutor-Mario-Chagas-falou-sobre-a-importancia-da-fundacao-do-museu-do-salgueiro-em-sua-fala-aos-participantes-do-evento-de-fundacao-do-Museu-Quilombo-do-Salgueiro.-Foto-Barbara-Dias-768x512.jpg 768w, https:\/\/rioonwatch.org.br\/wp-content\/uploads\/2025\/01\/Professor-Doutor-Mario-Chagas-falou-sobre-a-importancia-da-fundacao-do-museu-do-salgueiro-em-sua-fala-aos-participantes-do-evento-de-fundacao-do-Museu-Quilombo-do-Salgueiro.-Foto-Barbara-Dias-1536x1024.jpg 1536w\" sizes=\"(max-width: 2048px) 100vw, 2048px\" \/><\/a><figcaption id=\"caption-attachment-76996\" class=\"wp-caption-text\">Professor Doutor Mario Chagas falou sobre a import\u00e2ncia da funda\u00e7\u00e3o do museu do Salgueiro em sua fala aos participantes do evento de funda\u00e7\u00e3o do Museu Quilombo do Salgueiro. Foto: B\u00e1rbara Dias<\/figcaption><\/figure>\n<p>Ap\u00f3s a funda\u00e7\u00e3o do Museu do Salgueiro, foi realizada a reuni\u00e3o inaugural das atividades da REMUS-RJ em 2025, que reuniu profissionais e representantes de diversos museus e projetos sociais da cidade. Entre os destaques dessa primeira atividade anual, est\u00e3o a divulga\u00e7\u00e3o do evento, a come\u00e7ar no dia 8 de fevereiro no Museu de Arte do Rio, do <a href=\"https:\/\/bit.ly\/42xkEhP\" target=\"_blank\" rel=\"noopener\">2\u00ba Festival de Museologia Social no Rio<\/a>, a entrega de certificados aos museus que passaram a integrar a rede e a leitura da <a href=\"https:\/\/bit.ly\/4hABtN4\" target=\"_blank\" rel=\"noopener\">Carta de Princ\u00edpios<\/a> da REMUS-RJ.<\/p>\n<p>No meio do dia, um almo\u00e7o feito a base de uma culin\u00e1ria ancestral, com pratos como o frango caipira com a Ora-pro-n\u00f3bis, uma de v\u00e1rias Plantas Aliment\u00edcias N\u00e3o Convencionais (PANCs) bastante abundantes no Salgueiro, foi preparado e servido pela Caliel, proporcionando uma imers\u00e3o nos sabores tradicionais da cultura quilombola do Morro do Salgueiro. Nascida e criada no Morro do Salgueiro, integrante e segunda tesoureira do Caxambu do Salgueiro, al\u00e9m de seu papel na Biblioteca Jurema Batista e no coletivo de Erveiras e Erveiros do Salgueiro, Denise Santos falou sobre a import\u00e2ncia da funda\u00e7\u00e3o do museu social no territ\u00f3rio.<\/p>\n<blockquote><p>\u201c\u00c9 fundamental pra gente, enquanto morador, enquanto pessoas que trabalham nessa \u00e1rea social, seja no turismo, seja na \u00e1rea de manuten\u00e7\u00e3o do nosso patrim\u00f4nio local. Essa quest\u00e3o do Museu Quilombo do Salgueiro pra gente vai trazer muitos resgates tamb\u00e9m, muitos jovens que s\u00e3o crias do Salgueiro n\u00e3o conhecem a Hist\u00f3ria da nossa comunidade. A gente tem v\u00e1rios pontos da comunidade que n\u00e3o s\u00e3o mais aqueles pontos que a gente viveu enquanto jovem, enquanto crian\u00e7a. Hoje, eles est\u00e3o modificados, mas a gente pode falar sobre o que acontecia nesse local. Ent\u00e3o, pra gente \u00e9 muito importante fazer parte dessa rede, que se formou em quest\u00e3o de museu a c\u00e9u aberto nas comunidades. J\u00e1 tem toda uma mem\u00f3ria ali colocada, o museu s\u00f3 vem mesmo pra formatar o que j\u00e1 existe na favela.\u201d \u2014 Denise Santos<\/p><\/blockquote>\n<figure id=\"attachment_76997\" aria-describedby=\"caption-attachment-76997\" style=\"width: 2048px\" class=\"wp-caption aligncenter\"><a href=\"https:\/\/rioonwatch.org.br\/wp-content\/uploads\/2025\/01\/Denise-Santos-moradora-do-Salgueiro-nos-falou-sobre-a-importancia-da-fundacao-do-Museu-e-do-Caxambu-do-Salgueiro.-Foto-Barbara-Dias.jpg\"><img loading=\"lazy\" decoding=\"async\" class=\"wp-image-76997 size-full\" title=\"Denise Santos, moradora do Salgueiro, falou sobre a import\u00e2ncia da funda\u00e7\u00e3o do Museu Quilombo do Salgueiro e do Caxambu da comunidade. Foto: B\u00e1rbara Dias\" src=\"https:\/\/rioonwatch.org.br\/wp-content\/uploads\/2025\/01\/Denise-Santos-moradora-do-Salgueiro-nos-falou-sobre-a-importancia-da-fundacao-do-Museu-e-do-Caxambu-do-Salgueiro.-Foto-Barbara-Dias.jpg\" alt=\"Denise Santos, moradora do Salgueiro, falou sobre a import\u00e2ncia da funda\u00e7\u00e3o do Museu Quilombo do Salgueiro e do Caxambu da comunidade. Foto: B\u00e1rbara Dias\" width=\"2048\" height=\"1367\" srcset=\"https:\/\/rioonwatch.org.br\/wp-content\/uploads\/2025\/01\/Denise-Santos-moradora-do-Salgueiro-nos-falou-sobre-a-importancia-da-fundacao-do-Museu-e-do-Caxambu-do-Salgueiro.-Foto-Barbara-Dias.jpg 2048w, https:\/\/rioonwatch.org.br\/wp-content\/uploads\/2025\/01\/Denise-Santos-moradora-do-Salgueiro-nos-falou-sobre-a-importancia-da-fundacao-do-Museu-e-do-Caxambu-do-Salgueiro.-Foto-Barbara-Dias-620x414.jpg 620w, https:\/\/rioonwatch.org.br\/wp-content\/uploads\/2025\/01\/Denise-Santos-moradora-do-Salgueiro-nos-falou-sobre-a-importancia-da-fundacao-do-Museu-e-do-Caxambu-do-Salgueiro.-Foto-Barbara-Dias-768x513.jpg 768w, https:\/\/rioonwatch.org.br\/wp-content\/uploads\/2025\/01\/Denise-Santos-moradora-do-Salgueiro-nos-falou-sobre-a-importancia-da-fundacao-do-Museu-e-do-Caxambu-do-Salgueiro.-Foto-Barbara-Dias-1536x1025.jpg 1536w\" sizes=\"(max-width: 2048px) 100vw, 2048px\" \/><\/a><figcaption id=\"caption-attachment-76997\" class=\"wp-caption-text\">Denise Santos, moradora do Salgueiro, falou sobre a import\u00e2ncia da funda\u00e7\u00e3o do Museu Quilombo do Salgueiro e do Caxambu da comunidade. Foto: B\u00e1rbara Dias<\/figcaption><\/figure>\n<p>Denise Santos nos falou tamb\u00e9m sobre a import\u00e2ncia do Caxambu ser <a href=\"https:\/\/bit.ly\/3VmUTtw\" target=\"_blank\" rel=\"noopener\">patrim\u00f4nio imaterial brasileiro<\/a> reconhecido pelo Instituto do Patrim\u00f4nio Hist\u00f3rico e Art\u00edstico Nacional (<a href=\"https:\/\/bit.ly\/40Dv50T\" target=\"_blank\" rel=\"noopener\">IPHAN<\/a>):<\/p>\n<blockquote><p>\u201cIsso \u00e9 importante tamb\u00e9m para falar sobre o nosso Caxambu, porque a gente fez um resgate do nosso Caxambu. No nosso Caxambu, de outrora, crian\u00e7a n\u00e3o podia participar do Caxambu. Era dito que s\u00f3 os adultos poderiam participar. Nesse resgate que a gente fez, nesse novo reencontro, nessa nova reeleitura do Caxambu, a gente conseguiu colocar crian\u00e7as e jovens para participar. E o nosso Caxambu, ele n\u00e3o se fixava s\u00f3 num local. Hoje, ele est\u00e1 aqui, sediado no espa\u00e7o cultural Sal-Lage, mas, antes, ele acontecia em v\u00e1rios setores da comunidade. Tinha v\u00e1rias personalidades que davam refer\u00eancia a esse Caxambu. A gente tinha Seu Geraldo, Dona Tia Guida; ent\u00e3o, a gente trazia dentro tamb\u00e9m do nosso Caxambu, muitas coisas do nosso repert\u00f3rio, coisas que aconteciam na comunidade na \u00e9poca&#8230; Isso \u00e9 bom pra gente trazer para as pessoas que vir\u00e3o visitar a nossa comunidade, para que, quando falarem do Caxambu, eles possam entender qual \u00e9 o contexto dele dentro de nossa comunidade. Que ele n\u00e3o se regionalizava num local s\u00f3, ele era diverso dentro da comunidade, seja na festa junina, ou ap\u00f3s as sess\u00f5es religiosas de matriz africana. E, depois, vinha a brincadeira de dan\u00e7ar com o Caxambu.\u201d<\/p><\/blockquote>\n<p>Ap\u00f3s o almo\u00e7o ocorreu tamb\u00e9m, uma grande aula de ancestralidade a partir de dois patrim\u00f4nios culturais do Morro do Salgueiro: a oficina com os Erveiros e Erveiras do Salgueiro e o Caxambu do Salgueiro.<\/p>\n<figure id=\"attachment_76998\" aria-describedby=\"caption-attachment-76998\" style=\"width: 2048px\" class=\"wp-caption aligncenter\"><a href=\"https:\/\/rioonwatch.org.br\/wp-content\/uploads\/2025\/01\/Silvania-da-Silva-do-Coletivo-de-erveiras-e-erveiros-do-Salgueiro-fala-sobre-a-importancia-de-se-preservar-conhecimentos-ancestrais-sobre-as-ervas.-Foto-Barbara-Dias.jpg\"><img loading=\"lazy\" decoding=\"async\" class=\"wp-image-76998 size-full\" title=\"Silvania da Silva, do Coletivo de erveiras e erveiros do Salgueiro, fala sobre a import\u00e2ncia de se preservar conhecimentos ancestrais sobre as ervas. Foto: B\u00e1rbara Dias\" src=\"https:\/\/rioonwatch.org.br\/wp-content\/uploads\/2025\/01\/Silvania-da-Silva-do-Coletivo-de-erveiras-e-erveiros-do-Salgueiro-fala-sobre-a-importancia-de-se-preservar-conhecimentos-ancestrais-sobre-as-ervas.-Foto-Barbara-Dias.jpg\" alt=\"Silvania da Silva, do Coletivo de erveiras e erveiros do Salgueiro, fala sobre a import\u00e2ncia de se preservar conhecimentos ancestrais sobre as ervas. Foto: B\u00e1rbara Dias\" width=\"2048\" height=\"1365\" srcset=\"https:\/\/rioonwatch.org.br\/wp-content\/uploads\/2025\/01\/Silvania-da-Silva-do-Coletivo-de-erveiras-e-erveiros-do-Salgueiro-fala-sobre-a-importancia-de-se-preservar-conhecimentos-ancestrais-sobre-as-ervas.-Foto-Barbara-Dias.jpg 2048w, https:\/\/rioonwatch.org.br\/wp-content\/uploads\/2025\/01\/Silvania-da-Silva-do-Coletivo-de-erveiras-e-erveiros-do-Salgueiro-fala-sobre-a-importancia-de-se-preservar-conhecimentos-ancestrais-sobre-as-ervas.-Foto-Barbara-Dias-620x413.jpg 620w, https:\/\/rioonwatch.org.br\/wp-content\/uploads\/2025\/01\/Silvania-da-Silva-do-Coletivo-de-erveiras-e-erveiros-do-Salgueiro-fala-sobre-a-importancia-de-se-preservar-conhecimentos-ancestrais-sobre-as-ervas.-Foto-Barbara-Dias-768x512.jpg 768w, https:\/\/rioonwatch.org.br\/wp-content\/uploads\/2025\/01\/Silvania-da-Silva-do-Coletivo-de-erveiras-e-erveiros-do-Salgueiro-fala-sobre-a-importancia-de-se-preservar-conhecimentos-ancestrais-sobre-as-ervas.-Foto-Barbara-Dias-1536x1024.jpg 1536w\" sizes=\"(max-width: 2048px) 100vw, 2048px\" \/><\/a><figcaption id=\"caption-attachment-76998\" class=\"wp-caption-text\">Silvania da Silva, do Coletivo de erveiras e erveiros do Salgueiro, fala sobre a import\u00e2ncia de se preservar conhecimentos ancestrais sobre as ervas. Foto: B\u00e1rbara Dias<\/figcaption><\/figure>\n<p>O <a href=\"https:\/\/rioonwatch.org.br\/?p=58741\">Coletivo de Erveiras e Erveiros<\/a> conduziu uma oficina, onde os participantes puderam compartilhar conhecimentos sobre o uso das ervas na medicina tradicional e na cura popular. Silvania da Silva, criada no morro do Salgueiro, neta de erveiros, falou sobre a import\u00e2ncia do coletivo.<\/p>\n<blockquote><p>\u201cFui criada aqui no Morro do Salgueiro. Como a gente sempre vem conversando, o Coletivo de Erveiras e Erveiros do Salgueiro \u00e9 100% ancestral. N\u00f3s, aqui, somos herdeiros, somos netos, somos filhos&#8230; tenho muito orgulho de ter sido criada aqui, com meu av\u00f4 que rezava Ladainha&#8230; Hoje, eu estou aqui para relembrar: mem\u00f3ria afetiva \u00e9 muito importante pra mim, ser criada com a minha av\u00f3, com os valores que minha av\u00f3 me passou e, hoje, estar resgatando essa mem\u00f3ria, procurando fazer com que essa nossa tradi\u00e7\u00e3o permane\u00e7a viva. Ent\u00e3o, eu parabenizo a todos n\u00f3s, porque o nosso grupo est\u00e1 se perpetuando, se fortalecendo. \u00c9 um orgulho fazer parte. \u00c9 um orgulho estar aqui com voc\u00eas. \u00c9 um orgulho estar levando a nossa bandeira pra frente, fazendo evoluir e crescer.\u201d \u2014 Silvania da Silva<\/p><\/blockquote>\n<figure id=\"attachment_76999\" aria-describedby=\"caption-attachment-76999\" style=\"width: 2048px\" class=\"wp-caption aligncenter\"><a href=\"https:\/\/rioonwatch.org.br\/wp-content\/uploads\/2025\/01\/Apresentacao-do-Caxambu-do-Salgueiro-durante-o-evento-de-inauguracao-do-Museu-Social-do-Salgueiro.-Foto-Barbara-Dias.jpg\"><img loading=\"lazy\" decoding=\"async\" class=\"wp-image-76999 size-full\" title=\"Apresenta\u00e7\u00e3o do Caxambu do Salgueiro no evento de inaugura\u00e7\u00e3o do Museu Social do Salgueiro. Foto: B\u00e1rbara Dias\" src=\"https:\/\/rioonwatch.org.br\/wp-content\/uploads\/2025\/01\/Apresentacao-do-Caxambu-do-Salgueiro-durante-o-evento-de-inauguracao-do-Museu-Social-do-Salgueiro.-Foto-Barbara-Dias.jpg\" alt=\"Apresenta\u00e7\u00e3o do Caxambu do Salgueiro no evento de inaugura\u00e7\u00e3o do Museu Social do Salgueiro. Foto: B\u00e1rbara Dias\" width=\"2048\" height=\"1367\" srcset=\"https:\/\/rioonwatch.org.br\/wp-content\/uploads\/2025\/01\/Apresentacao-do-Caxambu-do-Salgueiro-durante-o-evento-de-inauguracao-do-Museu-Social-do-Salgueiro.-Foto-Barbara-Dias.jpg 2048w, https:\/\/rioonwatch.org.br\/wp-content\/uploads\/2025\/01\/Apresentacao-do-Caxambu-do-Salgueiro-durante-o-evento-de-inauguracao-do-Museu-Social-do-Salgueiro.-Foto-Barbara-Dias-620x414.jpg 620w, https:\/\/rioonwatch.org.br\/wp-content\/uploads\/2025\/01\/Apresentacao-do-Caxambu-do-Salgueiro-durante-o-evento-de-inauguracao-do-Museu-Social-do-Salgueiro.-Foto-Barbara-Dias-768x513.jpg 768w, https:\/\/rioonwatch.org.br\/wp-content\/uploads\/2025\/01\/Apresentacao-do-Caxambu-do-Salgueiro-durante-o-evento-de-inauguracao-do-Museu-Social-do-Salgueiro.-Foto-Barbara-Dias-1536x1025.jpg 1536w\" sizes=\"(max-width: 2048px) 100vw, 2048px\" \/><\/a><figcaption id=\"caption-attachment-76999\" class=\"wp-caption-text\">Apresenta\u00e7\u00e3o do Caxambu do Salgueiro no evento de inaugura\u00e7\u00e3o do Museu Social do Salgueiro. Foto: B\u00e1rbara Dias<\/figcaption><\/figure>\n<p>O Caxambu do Salgueiro chegou trazendo a apresenta\u00e7\u00e3o de <a href=\"https:\/\/bit.ly\/4ggeXbu\" target=\"_blank\" rel=\"noopener\">Jongo<\/a> de um grande patrim\u00f4nio da cultura afro-diasp\u00f3rica brasileira e da comunidade do Salgueiro. A apresenta\u00e7\u00e3o contou com a explica\u00e7\u00e3o de como os tambores \u201cconversam\u201d entre si, os passos de umbigada e as sauda\u00e7\u00f5es aos tambores para se come\u00e7ar e finalizar uma roda de Caxambu. Ao final, todos foram convidados para entrar na roda e vivenciar um pouco da ancestralidade dessa resist\u00eancia cultural do Salgueiro.<\/p>\n<figure id=\"attachment_77000\" aria-describedby=\"caption-attachment-77000\" style=\"width: 2048px\" class=\"wp-caption aligncenter\"><a href=\"https:\/\/rioonwatch.org.br\/wp-content\/uploads\/2025\/01\/Marcelo-Paz-Olajinmina-fala-aos-presentes-durante-a-caminhada-no-territorio-do-Salgueiro.-Foto-Barbara-Dias.jpg\"><img loading=\"lazy\" decoding=\"async\" class=\"wp-image-77000 size-full\" title=\"Marcelo Paz Olajinmina fala aos presentes durante a caminhada no territ\u00f3rio do Salgueiro. Foto: B\u00e1rbara Dias\" src=\"https:\/\/rioonwatch.org.br\/wp-content\/uploads\/2025\/01\/Marcelo-Paz-Olajinmina-fala-aos-presentes-durante-a-caminhada-no-territorio-do-Salgueiro.-Foto-Barbara-Dias.jpg\" alt=\"Marcelo Paz Olajinmina fala aos presentes durante a caminhada no territ\u00f3rio do Salgueiro. Foto: B\u00e1rbara Dias\" width=\"2048\" height=\"1367\" srcset=\"https:\/\/rioonwatch.org.br\/wp-content\/uploads\/2025\/01\/Marcelo-Paz-Olajinmina-fala-aos-presentes-durante-a-caminhada-no-territorio-do-Salgueiro.-Foto-Barbara-Dias.jpg 2048w, https:\/\/rioonwatch.org.br\/wp-content\/uploads\/2025\/01\/Marcelo-Paz-Olajinmina-fala-aos-presentes-durante-a-caminhada-no-territorio-do-Salgueiro.-Foto-Barbara-Dias-620x414.jpg 620w, https:\/\/rioonwatch.org.br\/wp-content\/uploads\/2025\/01\/Marcelo-Paz-Olajinmina-fala-aos-presentes-durante-a-caminhada-no-territorio-do-Salgueiro.-Foto-Barbara-Dias-768x513.jpg 768w, https:\/\/rioonwatch.org.br\/wp-content\/uploads\/2025\/01\/Marcelo-Paz-Olajinmina-fala-aos-presentes-durante-a-caminhada-no-territorio-do-Salgueiro.-Foto-Barbara-Dias-1536x1025.jpg 1536w\" sizes=\"(max-width: 2048px) 100vw, 2048px\" \/><\/a><figcaption id=\"caption-attachment-77000\" class=\"wp-caption-text\">Marcelo Paz Olajinmina fala aos presentes durante a caminhada no territ\u00f3rio do Salgueiro. Foto: B\u00e1rbara Dias<\/figcaption><\/figure>\n<p>O dia de atividades foi encerrado com uma caminhada no territ\u00f3rio do Salgueiro, onde os participantes puderam conhecer de perto os espa\u00e7os culturais, sociais e hist\u00f3ricos do morro, alguns deles apresentados durante a fala de Emerson Menezes, como por exemplo a <a href=\"https:\/\/bit.ly\/40saigs\" target=\"_blank\" rel=\"noopener\">Capelinha de S\u00e3o Sebasti\u00e3o<\/a>, de onde parte a tradicional prociss\u00e3o do santo padroeiro da cidade do Rio de Janeiro e tamb\u00e9m do Morro do Salgueiro.<\/p>\n<p>Durante a caminhada, tamb\u00e9m foram observadas constru\u00e7\u00f5es, como as muretas de conten\u00e7\u00e3o de planta\u00e7\u00f5es erguidas por escravizados e alguns pr\u00e9dios centen\u00e1rios como a Escola Municipal Bombeiro Geraldo Dias, fundada em 1919, e o casar\u00e3o de pedra da Goulart, uma das constru\u00e7\u00f5es mais antigas Salgueiro, que o Museu Social Quilombo do Salgueiro tem inten\u00e7\u00e3o que seja tombado como patrim\u00f4nio hist\u00f3rico e futuramente possa vir a ser revitalizado e transformado em um espa\u00e7o para todos os grupos e coletivos da favela.<\/p>\n<h3>N\u00e3o perca o \u00e1lbum por B\u00e1rbara Dias\u00a0<a href=\"https:\/\/bit.ly\/MuseuSalgueiroFotos\" target=\"_blank\" rel=\"noopener\">no Flickr<\/a>:<\/h3>\n<p><a title=\"Funda\u00e7\u00e3o do Museu Social Quilombo do Salgueiro, 18 de janeiro de 2025\" href=\"https:\/\/www.flickr.com\/photos\/catcomm\/albums\/72177720323338587\" data-flickr-embed=\"true\"><img loading=\"lazy\" decoding=\"async\" src=\"https:\/\/live.staticflickr.com\/65535\/54281875099_487275b620_b.jpg\" alt=\"Funda\u00e7\u00e3o do Museu Social Quilombo do Salgueiro, 18 de janeiro de 2025\" width=\"1024\" height=\"768\" \/><\/a><script async src=\"\/\/embedr.flickr.com\/assets\/client-code.js\" charset=\"utf-8\"><\/script><\/p>\n<p><em>Sobre a autora:\u00a0<a href=\"https:\/\/bit.ly\/3Gc3OJU\" target=\"_blank\" rel=\"noopener\">B\u00e1rbara Dias<\/a>, cria de Bangu, possui licenciatura em Ci\u00eancias Biol\u00f3gicas, mestrado em Educa\u00e7\u00e3o Ambiental e atua como professora da rede p\u00fablica desde 2006. \u00c9 fotojornalista e trabalha tamb\u00e9m com fotografia documental. \u00c9 comunicadora popular formada pelo N\u00facleo Piratininga de Comunica\u00e7\u00e3o (<a href=\"https:\/\/bit.ly\/3i2GcdN\" target=\"_blank\" rel=\"noopener\">NPC<\/a>) e co-fundadora do\u00a0<a href=\"https:\/\/bit.ly\/3vfY8bj\" target=\"_blank\" rel=\"noopener\">Coletivo Fotoguerrilha<\/a>.<\/em><\/p>\n<hr \/>\n<h4><b data-stringify-type=\"bold\">Apoie nossos esfor\u00e7os para fornecer apoio estrat\u00e9gico \u00e0s favelas do Rio, incluindo o jornalismo hiperlocal, cr\u00edtico, inovador e incans\u00e1vel do\u00a0<\/b><b data-stringify-type=\"bold\"><i data-stringify-type=\"italic\">RioOnWatch<\/i><\/b>\u2014<a class=\"c-link\" href=\"http:\/\/www.bit.ly\/ApoieROW\" target=\"_blank\" rel=\"noopener noreferrer\" data-stringify-link=\"http:\/\/www.bit.ly\/ApoieROW\" data-sk=\"tooltip_parent\">doe aqui<\/a>.<\/h4>\n<!-- AddThis Advanced Settings generic via filter on the_content --><!-- AddThis Share Buttons generic via filter on the_content -->","protected":false},"excerpt":{"rendered":"<div class=\"mh-excerpt\"><p>Click Here for English No dia 18 de janeiro de 2025, o Morro do Salgueiro, uma das favelas mais antigas do Rio de Janeiro, um verdadeiro quilombo urbano na Tijuca, Zona Norte da cidade, inaugurou <a class=\"mh-excerpt-more\" href=\"https:\/\/rioonwatch.org.br\/?p=76983\" title=\"Funda\u00e7\u00e3o do Museu Social Quilombo do Salgueiro Salvaguarda Hist\u00f3ria dos Ancestrais de uma das Favelas Mais Antigas do Rio de Janeiro\">[&#8230;]<\/a><!-- AddThis Advanced Settings generic via filter on get_the_excerpt --><!-- AddThis Share Buttons generic via filter on get_the_excerpt --><\/p>\n<\/div>","protected":false},"author":167,"featured_media":76992,"comment_status":"closed","ping_status":"closed","sticky":false,"template":"template-full.php","format":"standard","meta":{"_acf_changed":false,"_monsterinsights_skip_tracking":false,"_monsterinsights_sitenote_active":false,"_monsterinsights_sitenote_note":"","_monsterinsights_sitenote_category":0,"footnotes":""},"categories":[1621,1627,1615,1625,1633,1612,342,1639],"tags":[513,735,60,469,1304,2188,1111,2368,1297,567,2432,3360,754,825,218],"writer":[3244],"translator":[],"source":[],"ilustrador":[],"fotografo":[3184],"class_list":{"0":"post-76983","1":"post","2":"type-post","3":"status-publish","4":"format-standard","5":"has-post-thumbnail","7":"category-destaque","8":"category-relato-de-evento","9":"category-cultura-da-favela","10":"category-por-correspondentes-comunitarios","11":"category-foto-reportagens","12":"category-sociedade-civil","13":"category-solucoes","14":"category-sustentabilidade","15":"tag-cultura-afro-brasileira","16":"tag-floresta-da-tijuca","17":"tag-tijuca","18":"tag-memoria","19":"tag-organizacao-criativa","20":"tag-museologia-social","21":"tag-museu","22":"tag-museu-comunitario","23":"tag-preservacao-historica","24":"tag-quilombo","25":"tag-representatividade","26":"tag-rios-em-favelas","27":"tag-salgueiro","28":"tag-turismo","29":"tag-zona-norte","30":"writer-barbara-dias","31":"fotografo-barbara-dias"},"acf":[],"yoast_head":"<!-- This site is optimized with the Yoast SEO plugin v25.6 - https:\/\/yoast.com\/wordpress\/plugins\/seo\/ -->\n<title>Funda\u00e7\u00e3o do Museu Social Quilombo do Salgueiro Salvaguarda Hist\u00f3ria dos Ancestrais de uma das Favelas Mais Antigas do Rio de Janeiro - RioOnWatch<\/title>\n<meta name=\"robots\" content=\"index, follow, max-snippet:-1, max-image-preview:large, max-video-preview:-1\" \/>\n<link rel=\"canonical\" href=\"https:\/\/rioonwatch.org.br\/?p=76983\" \/>\n<meta property=\"og:locale\" content=\"pt_BR\" \/>\n<meta property=\"og:type\" content=\"article\" \/>\n<meta property=\"og:title\" content=\"Funda\u00e7\u00e3o do Museu Social Quilombo do Salgueiro Salvaguarda Hist\u00f3ria dos Ancestrais de uma das Favelas Mais Antigas do Rio de Janeiro - RioOnWatch\" \/>\n<meta property=\"og:description\" content=\"Click Here for English No dia 18 de janeiro de 2025, o Morro do Salgueiro, uma das favelas mais antigas do Rio de Janeiro, um verdadeiro quilombo urbano na Tijuca, Zona Norte da cidade, inaugurou [...]\" \/>\n<meta property=\"og:url\" content=\"https:\/\/rioonwatch.org.br\/?p=76983\" \/>\n<meta property=\"og:site_name\" content=\"RioOnWatch\" \/>\n<meta property=\"article:published_time\" content=\"2025-01-29T13:35:36+00:00\" \/>\n<meta property=\"article:modified_time\" content=\"2025-02-07T13:15:57+00:00\" \/>\n<meta property=\"og:image\" content=\"https:\/\/rioonwatch.org.br\/wp-content\/uploads\/2025\/01\/Participantes-da-Fundacao-do-Museu-Quilombo-do-Salgueiro.-Foto-Barbara-Dias.jpg\" \/>\n\t<meta property=\"og:image:width\" content=\"2048\" \/>\n\t<meta property=\"og:image:height\" content=\"1367\" \/>\n\t<meta property=\"og:image:type\" content=\"image\/jpeg\" \/>\n<meta name=\"author\" content=\"Julio Santos Filho\" \/>\n<meta name=\"twitter:card\" content=\"summary_large_image\" \/>\n<meta name=\"twitter:label1\" content=\"Escrito por\" \/>\n\t<meta name=\"twitter:data1\" content=\"Julio Santos Filho\" \/>\n\t<meta name=\"twitter:label2\" content=\"Est. tempo de leitura\" \/>\n\t<meta name=\"twitter:data2\" content=\"10 minutos\" \/>\n<script type=\"application\/ld+json\" class=\"yoast-schema-graph\">{\"@context\":\"https:\/\/schema.org\",\"@graph\":[{\"@type\":\"Article\",\"@id\":\"https:\/\/rioonwatch.org.br\/?p=76983#article\",\"isPartOf\":{\"@id\":\"https:\/\/rioonwatch.org.br\/?p=76983\"},\"author\":{\"name\":\"Julio Santos Filho\",\"@id\":\"https:\/\/rioonwatch.org.br\/#\/schema\/person\/476bc75767957d3535b65b796667cd36\"},\"headline\":\"Funda\u00e7\u00e3o do Museu Social Quilombo do Salgueiro Salvaguarda Hist\u00f3ria dos Ancestrais de uma das Favelas Mais Antigas do Rio de Janeiro\",\"datePublished\":\"2025-01-29T13:35:36+00:00\",\"dateModified\":\"2025-02-07T13:15:57+00:00\",\"mainEntityOfPage\":{\"@id\":\"https:\/\/rioonwatch.org.br\/?p=76983\"},\"wordCount\":2724,\"publisher\":{\"@id\":\"https:\/\/rioonwatch.org.br\/#organization\"},\"image\":{\"@id\":\"https:\/\/rioonwatch.org.br\/?p=76983#primaryimage\"},\"thumbnailUrl\":\"https:\/\/rioonwatch.org.br\/wp-content\/uploads\/2025\/01\/Participantes-da-Fundacao-do-Museu-Quilombo-do-Salgueiro.-Foto-Barbara-Dias.jpg\",\"keywords\":[\"Cultura Afro-brasileira\",\"Floresta da Tijuca\",\"Grande Tijuca\",\"Mem\u00f3rias Faveladas\",\"mobiliza\u00e7\u00e3o criativa\",\"museologia social\",\"museu\",\"Museu comunit\u00e1rio\",\"preserva\u00e7\u00e3o hist\u00f3rica\",\"Quilombo\",\"representatividade\",\"rios em favelas\",\"Salgueiro\",\"turismo\",\"Zona Norte\"],\"articleSection\":[\"*Destaque\",\"Cobertura de Eventos\",\"Cultura da Favela\",\"Escrito por Comunicadores Populares\",\"Fotorreportagens\",\"Sociedade Civil\",\"Solu\u00e7\u00f5es\",\"Sustentabilidade\"],\"inLanguage\":\"pt-BR\"},{\"@type\":\"WebPage\",\"@id\":\"https:\/\/rioonwatch.org.br\/?p=76983\",\"url\":\"https:\/\/rioonwatch.org.br\/?p=76983\",\"name\":\"Funda\u00e7\u00e3o do Museu Social Quilombo do Salgueiro Salvaguarda Hist\u00f3ria dos Ancestrais de uma das Favelas Mais Antigas do Rio de Janeiro - RioOnWatch\",\"isPartOf\":{\"@id\":\"https:\/\/rioonwatch.org.br\/#website\"},\"primaryImageOfPage\":{\"@id\":\"https:\/\/rioonwatch.org.br\/?p=76983#primaryimage\"},\"image\":{\"@id\":\"https:\/\/rioonwatch.org.br\/?p=76983#primaryimage\"},\"thumbnailUrl\":\"https:\/\/rioonwatch.org.br\/wp-content\/uploads\/2025\/01\/Participantes-da-Fundacao-do-Museu-Quilombo-do-Salgueiro.-Foto-Barbara-Dias.jpg\",\"datePublished\":\"2025-01-29T13:35:36+00:00\",\"dateModified\":\"2025-02-07T13:15:57+00:00\",\"breadcrumb\":{\"@id\":\"https:\/\/rioonwatch.org.br\/?p=76983#breadcrumb\"},\"inLanguage\":\"pt-BR\",\"potentialAction\":[{\"@type\":\"ReadAction\",\"target\":[\"https:\/\/rioonwatch.org.br\/?p=76983\"]}]},{\"@type\":\"ImageObject\",\"inLanguage\":\"pt-BR\",\"@id\":\"https:\/\/rioonwatch.org.br\/?p=76983#primaryimage\",\"url\":\"https:\/\/rioonwatch.org.br\/wp-content\/uploads\/2025\/01\/Participantes-da-Fundacao-do-Museu-Quilombo-do-Salgueiro.-Foto-Barbara-Dias.jpg\",\"contentUrl\":\"https:\/\/rioonwatch.org.br\/wp-content\/uploads\/2025\/01\/Participantes-da-Fundacao-do-Museu-Quilombo-do-Salgueiro.-Foto-Barbara-Dias.jpg\",\"width\":2048,\"height\":1367,\"caption\":\"Participantes da Funda\u00e7\u00e3o do Museu Quilombo do Salgueiro. Foto: B\u00e1rbara Dias\"},{\"@type\":\"BreadcrumbList\",\"@id\":\"https:\/\/rioonwatch.org.br\/?p=76983#breadcrumb\",\"itemListElement\":[{\"@type\":\"ListItem\",\"position\":1,\"name\":\"In\u00edcio\",\"item\":\"https:\/\/rioonwatch.org.br\/\"},{\"@type\":\"ListItem\",\"position\":2,\"name\":\"Funda\u00e7\u00e3o do Museu Social Quilombo do Salgueiro Salvaguarda Hist\u00f3ria dos Ancestrais de uma das Favelas Mais Antigas do Rio de Janeiro\"}]},{\"@type\":\"WebSite\",\"@id\":\"https:\/\/rioonwatch.org.br\/#website\",\"url\":\"https:\/\/rioonwatch.org.br\/\",\"name\":\"RioOnWatch\",\"description\":\"relatos das favelas cariocas\",\"publisher\":{\"@id\":\"https:\/\/rioonwatch.org.br\/#organization\"},\"potentialAction\":[{\"@type\":\"SearchAction\",\"target\":{\"@type\":\"EntryPoint\",\"urlTemplate\":\"https:\/\/rioonwatch.org.br\/?s={search_term_string}\"},\"query-input\":{\"@type\":\"PropertyValueSpecification\",\"valueRequired\":true,\"valueName\":\"search_term_string\"}}],\"inLanguage\":\"pt-BR\"},{\"@type\":\"Organization\",\"@id\":\"https:\/\/rioonwatch.org.br\/#organization\",\"name\":\"RioOnWatch\",\"url\":\"https:\/\/rioonwatch.org.br\/\",\"logo\":{\"@type\":\"ImageObject\",\"inLanguage\":\"pt-BR\",\"@id\":\"https:\/\/rioonwatch.org.br\/#\/schema\/logo\/image\/\",\"url\":\"https:\/\/rioonwatch.org.br\/wp-content\/uploads\/2021\/06\/RioOnWatchcabecalhoPT11anos-2.png\",\"contentUrl\":\"https:\/\/rioonwatch.org.br\/wp-content\/uploads\/2021\/06\/RioOnWatchcabecalhoPT11anos-2.png\",\"width\":779,\"height\":277,\"caption\":\"RioOnWatch\"},\"image\":{\"@id\":\"https:\/\/rioonwatch.org.br\/#\/schema\/logo\/image\/\"}},{\"@type\":\"Person\",\"@id\":\"https:\/\/rioonwatch.org.br\/#\/schema\/person\/476bc75767957d3535b65b796667cd36\",\"name\":\"Julio Santos Filho\",\"image\":{\"@type\":\"ImageObject\",\"inLanguage\":\"pt-BR\",\"@id\":\"https:\/\/rioonwatch.org.br\/#\/schema\/person\/image\/\",\"url\":\"https:\/\/secure.gravatar.com\/avatar\/ca138f7666182a292a8ce4ca14fb81f8?s=96&d=blank&r=g\",\"contentUrl\":\"https:\/\/secure.gravatar.com\/avatar\/ca138f7666182a292a8ce4ca14fb81f8?s=96&d=blank&r=g\",\"caption\":\"Julio Santos Filho\"},\"url\":\"https:\/\/rioonwatch.org.br\/?author=167\"}]}<\/script>\n<!-- \/ Yoast SEO plugin. -->","yoast_head_json":{"title":"Funda\u00e7\u00e3o do Museu Social Quilombo do Salgueiro Salvaguarda Hist\u00f3ria dos Ancestrais de uma das Favelas Mais Antigas do Rio de Janeiro - RioOnWatch","robots":{"index":"index","follow":"follow","max-snippet":"max-snippet:-1","max-image-preview":"max-image-preview:large","max-video-preview":"max-video-preview:-1"},"canonical":"https:\/\/rioonwatch.org.br\/?p=76983","og_locale":"pt_BR","og_type":"article","og_title":"Funda\u00e7\u00e3o do Museu Social Quilombo do Salgueiro Salvaguarda Hist\u00f3ria dos Ancestrais de uma das Favelas Mais Antigas do Rio de Janeiro - RioOnWatch","og_description":"Click Here for English No dia 18 de janeiro de 2025, o Morro do Salgueiro, uma das favelas mais antigas do Rio de Janeiro, um verdadeiro quilombo urbano na Tijuca, Zona Norte da cidade, inaugurou [...]","og_url":"https:\/\/rioonwatch.org.br\/?p=76983","og_site_name":"RioOnWatch","article_published_time":"2025-01-29T13:35:36+00:00","article_modified_time":"2025-02-07T13:15:57+00:00","og_image":[{"width":2048,"height":1367,"url":"https:\/\/rioonwatch.org.br\/wp-content\/uploads\/2025\/01\/Participantes-da-Fundacao-do-Museu-Quilombo-do-Salgueiro.-Foto-Barbara-Dias.jpg","type":"image\/jpeg"}],"author":"Julio Santos Filho","twitter_card":"summary_large_image","twitter_misc":{"Escrito por":"Julio Santos Filho","Est. tempo de leitura":"10 minutos"},"schema":{"@context":"https:\/\/schema.org","@graph":[{"@type":"Article","@id":"https:\/\/rioonwatch.org.br\/?p=76983#article","isPartOf":{"@id":"https:\/\/rioonwatch.org.br\/?p=76983"},"author":{"name":"Julio Santos Filho","@id":"https:\/\/rioonwatch.org.br\/#\/schema\/person\/476bc75767957d3535b65b796667cd36"},"headline":"Funda\u00e7\u00e3o do Museu Social Quilombo do Salgueiro Salvaguarda Hist\u00f3ria dos Ancestrais de uma das Favelas Mais Antigas do Rio de Janeiro","datePublished":"2025-01-29T13:35:36+00:00","dateModified":"2025-02-07T13:15:57+00:00","mainEntityOfPage":{"@id":"https:\/\/rioonwatch.org.br\/?p=76983"},"wordCount":2724,"publisher":{"@id":"https:\/\/rioonwatch.org.br\/#organization"},"image":{"@id":"https:\/\/rioonwatch.org.br\/?p=76983#primaryimage"},"thumbnailUrl":"https:\/\/rioonwatch.org.br\/wp-content\/uploads\/2025\/01\/Participantes-da-Fundacao-do-Museu-Quilombo-do-Salgueiro.-Foto-Barbara-Dias.jpg","keywords":["Cultura Afro-brasileira","Floresta da Tijuca","Grande Tijuca","Mem\u00f3rias Faveladas","mobiliza\u00e7\u00e3o criativa","museologia social","museu","Museu comunit\u00e1rio","preserva\u00e7\u00e3o hist\u00f3rica","Quilombo","representatividade","rios em favelas","Salgueiro","turismo","Zona Norte"],"articleSection":["*Destaque","Cobertura de Eventos","Cultura da Favela","Escrito por Comunicadores Populares","Fotorreportagens","Sociedade Civil","Solu\u00e7\u00f5es","Sustentabilidade"],"inLanguage":"pt-BR"},{"@type":"WebPage","@id":"https:\/\/rioonwatch.org.br\/?p=76983","url":"https:\/\/rioonwatch.org.br\/?p=76983","name":"Funda\u00e7\u00e3o do Museu Social Quilombo do Salgueiro Salvaguarda Hist\u00f3ria dos Ancestrais de uma das Favelas Mais Antigas do Rio de Janeiro - RioOnWatch","isPartOf":{"@id":"https:\/\/rioonwatch.org.br\/#website"},"primaryImageOfPage":{"@id":"https:\/\/rioonwatch.org.br\/?p=76983#primaryimage"},"image":{"@id":"https:\/\/rioonwatch.org.br\/?p=76983#primaryimage"},"thumbnailUrl":"https:\/\/rioonwatch.org.br\/wp-content\/uploads\/2025\/01\/Participantes-da-Fundacao-do-Museu-Quilombo-do-Salgueiro.-Foto-Barbara-Dias.jpg","datePublished":"2025-01-29T13:35:36+00:00","dateModified":"2025-02-07T13:15:57+00:00","breadcrumb":{"@id":"https:\/\/rioonwatch.org.br\/?p=76983#breadcrumb"},"inLanguage":"pt-BR","potentialAction":[{"@type":"ReadAction","target":["https:\/\/rioonwatch.org.br\/?p=76983"]}]},{"@type":"ImageObject","inLanguage":"pt-BR","@id":"https:\/\/rioonwatch.org.br\/?p=76983#primaryimage","url":"https:\/\/rioonwatch.org.br\/wp-content\/uploads\/2025\/01\/Participantes-da-Fundacao-do-Museu-Quilombo-do-Salgueiro.-Foto-Barbara-Dias.jpg","contentUrl":"https:\/\/rioonwatch.org.br\/wp-content\/uploads\/2025\/01\/Participantes-da-Fundacao-do-Museu-Quilombo-do-Salgueiro.-Foto-Barbara-Dias.jpg","width":2048,"height":1367,"caption":"Participantes da Funda\u00e7\u00e3o do Museu Quilombo do Salgueiro. Foto: B\u00e1rbara Dias"},{"@type":"BreadcrumbList","@id":"https:\/\/rioonwatch.org.br\/?p=76983#breadcrumb","itemListElement":[{"@type":"ListItem","position":1,"name":"In\u00edcio","item":"https:\/\/rioonwatch.org.br\/"},{"@type":"ListItem","position":2,"name":"Funda\u00e7\u00e3o do Museu Social Quilombo do Salgueiro Salvaguarda Hist\u00f3ria dos Ancestrais de uma das Favelas Mais Antigas do Rio de Janeiro"}]},{"@type":"WebSite","@id":"https:\/\/rioonwatch.org.br\/#website","url":"https:\/\/rioonwatch.org.br\/","name":"RioOnWatch","description":"relatos das favelas cariocas","publisher":{"@id":"https:\/\/rioonwatch.org.br\/#organization"},"potentialAction":[{"@type":"SearchAction","target":{"@type":"EntryPoint","urlTemplate":"https:\/\/rioonwatch.org.br\/?s={search_term_string}"},"query-input":{"@type":"PropertyValueSpecification","valueRequired":true,"valueName":"search_term_string"}}],"inLanguage":"pt-BR"},{"@type":"Organization","@id":"https:\/\/rioonwatch.org.br\/#organization","name":"RioOnWatch","url":"https:\/\/rioonwatch.org.br\/","logo":{"@type":"ImageObject","inLanguage":"pt-BR","@id":"https:\/\/rioonwatch.org.br\/#\/schema\/logo\/image\/","url":"https:\/\/rioonwatch.org.br\/wp-content\/uploads\/2021\/06\/RioOnWatchcabecalhoPT11anos-2.png","contentUrl":"https:\/\/rioonwatch.org.br\/wp-content\/uploads\/2021\/06\/RioOnWatchcabecalhoPT11anos-2.png","width":779,"height":277,"caption":"RioOnWatch"},"image":{"@id":"https:\/\/rioonwatch.org.br\/#\/schema\/logo\/image\/"}},{"@type":"Person","@id":"https:\/\/rioonwatch.org.br\/#\/schema\/person\/476bc75767957d3535b65b796667cd36","name":"Julio Santos Filho","image":{"@type":"ImageObject","inLanguage":"pt-BR","@id":"https:\/\/rioonwatch.org.br\/#\/schema\/person\/image\/","url":"https:\/\/secure.gravatar.com\/avatar\/ca138f7666182a292a8ce4ca14fb81f8?s=96&d=blank&r=g","contentUrl":"https:\/\/secure.gravatar.com\/avatar\/ca138f7666182a292a8ce4ca14fb81f8?s=96&d=blank&r=g","caption":"Julio Santos Filho"},"url":"https:\/\/rioonwatch.org.br\/?author=167"}]}},"_links":{"self":[{"href":"https:\/\/rioonwatch.org.br\/index.php?rest_route=\/wp\/v2\/posts\/76983"}],"collection":[{"href":"https:\/\/rioonwatch.org.br\/index.php?rest_route=\/wp\/v2\/posts"}],"about":[{"href":"https:\/\/rioonwatch.org.br\/index.php?rest_route=\/wp\/v2\/types\/post"}],"author":[{"embeddable":true,"href":"https:\/\/rioonwatch.org.br\/index.php?rest_route=\/wp\/v2\/users\/167"}],"replies":[{"embeddable":true,"href":"https:\/\/rioonwatch.org.br\/index.php?rest_route=%2Fwp%2Fv2%2Fcomments&post=76983"}],"version-history":[{"count":17,"href":"https:\/\/rioonwatch.org.br\/index.php?rest_route=\/wp\/v2\/posts\/76983\/revisions"}],"predecessor-version":[{"id":77037,"href":"https:\/\/rioonwatch.org.br\/index.php?rest_route=\/wp\/v2\/posts\/76983\/revisions\/77037"}],"wp:featuredmedia":[{"embeddable":true,"href":"https:\/\/rioonwatch.org.br\/index.php?rest_route=\/wp\/v2\/media\/76992"}],"wp:attachment":[{"href":"https:\/\/rioonwatch.org.br\/index.php?rest_route=%2Fwp%2Fv2%2Fmedia&parent=76983"}],"wp:term":[{"taxonomy":"category","embeddable":true,"href":"https:\/\/rioonwatch.org.br\/index.php?rest_route=%2Fwp%2Fv2%2Fcategories&post=76983"},{"taxonomy":"post_tag","embeddable":true,"href":"https:\/\/rioonwatch.org.br\/index.php?rest_route=%2Fwp%2Fv2%2Ftags&post=76983"},{"taxonomy":"writer","embeddable":true,"href":"https:\/\/rioonwatch.org.br\/index.php?rest_route=%2Fwp%2Fv2%2Fwriter&post=76983"},{"taxonomy":"translator","embeddable":true,"href":"https:\/\/rioonwatch.org.br\/index.php?rest_route=%2Fwp%2Fv2%2Ftranslator&post=76983"},{"taxonomy":"source","embeddable":true,"href":"https:\/\/rioonwatch.org.br\/index.php?rest_route=%2Fwp%2Fv2%2Fsource&post=76983"},{"taxonomy":"ilustrador","embeddable":true,"href":"https:\/\/rioonwatch.org.br\/index.php?rest_route=%2Fwp%2Fv2%2Filustrador&post=76983"},{"taxonomy":"fotografo","embeddable":true,"href":"https:\/\/rioonwatch.org.br\/index.php?rest_route=%2Fwp%2Fv2%2Ffotografo&post=76983"}],"curies":[{"name":"wp","href":"https:\/\/api.w.org\/{rel}","templated":true}]}}