{"id":77112,"date":"2025-02-15T10:44:35","date_gmt":"2025-02-15T13:44:35","guid":{"rendered":"https:\/\/rioonwatch.org.br\/?p=77112"},"modified":"2025-02-26T08:20:23","modified_gmt":"2025-02-26T11:20:23","slug":"universidade-indigena-plurietnica-aldeia-maracana-conhecimento-pedagogia-da-floresta-e-epistemologia-indigena-no-coracao-do-rio","status":"publish","type":"post","link":"https:\/\/rioonwatch.org.br\/?p=77112","title":{"rendered":"Universidade Ind\u00edgena Pluri\u00e9tnica Aldeia Maracan\u00e3: Conhecimento, Pedagogia da Floresta e Epistemologia Ind\u00edgena no Cora\u00e7\u00e3o do Rio"},"content":{"rendered":"<figure id=\"attachment_77126\" aria-describedby=\"caption-attachment-77126\" style=\"width: 1080px\" class=\"wp-caption aligncenter\"><a href=\"https:\/\/rioonwatch.org.br\/wp-content\/uploads\/2025\/02\/Representantes-da-Aldeia-Maracana-no-Festival-Anama-Sapopemba-onde-apresentara-sua-rica-tradicao-de-canto-danca-e-cultura-ancestrais.-Foto-Sophia-Vie.jpg\"><img fetchpriority=\"high\" decoding=\"async\" class=\"wp-image-77126 size-full\" title=\"Representantes da Aldeia Maracan\u00e3 no Festival Anama Sapopemba, onde apresentara sua rica tradi\u00e7\u00e3o de canto, dan\u00e7a e cultura ancestrais. Foto: Sophia Vie\" src=\"https:\/\/rioonwatch.org.br\/wp-content\/uploads\/2025\/02\/Representantes-da-Aldeia-Maracana-no-Festival-Anama-Sapopemba-onde-apresentara-sua-rica-tradicao-de-canto-danca-e-cultura-ancestrais.-Foto-Sophia-Vie.jpg\" alt=\"Representantes da Aldeia Maracan\u00e3 no Festival Anama Sapopemba, onde apresentara sua rica tradi\u00e7\u00e3o de canto, dan\u00e7a e cultura ancestrais. Foto: Sophia Vie\" width=\"1080\" height=\"720\" srcset=\"https:\/\/rioonwatch.org.br\/wp-content\/uploads\/2025\/02\/Representantes-da-Aldeia-Maracana-no-Festival-Anama-Sapopemba-onde-apresentara-sua-rica-tradicao-de-canto-danca-e-cultura-ancestrais.-Foto-Sophia-Vie.jpg 1080w, https:\/\/rioonwatch.org.br\/wp-content\/uploads\/2025\/02\/Representantes-da-Aldeia-Maracana-no-Festival-Anama-Sapopemba-onde-apresentara-sua-rica-tradicao-de-canto-danca-e-cultura-ancestrais.-Foto-Sophia-Vie-620x413.jpg 620w, https:\/\/rioonwatch.org.br\/wp-content\/uploads\/2025\/02\/Representantes-da-Aldeia-Maracana-no-Festival-Anama-Sapopemba-onde-apresentara-sua-rica-tradicao-de-canto-danca-e-cultura-ancestrais.-Foto-Sophia-Vie-768x512.jpg 768w\" sizes=\"(max-width: 1080px) 100vw, 1080px\" \/><\/a><figcaption id=\"caption-attachment-77126\" class=\"wp-caption-text\">Representantes da Aldeia Maracan\u00e3 no Festival Anama Sapopemba, onde apresentara sua rica tradi\u00e7\u00e3o de canto, dan\u00e7a e cultura ancestrais. Foto: Sophia Vie<\/figcaption><\/figure>\n<p style=\"text-align: right;\"><em><strong><a href=\"https:\/\/bit.ly\/4hH7GCZ\" target=\"_blank\" rel=\"noopener noreferrer\">Click Here for English<\/a><a href=\"https:\/\/bit.ly\/4hH7GCZ\" rel=\"noopener noreferrer\"><img decoding=\"async\" class=\"alignright wp-image-15790\" src=\"http:\/\/rioonwatch.org.br\/wp-content\/uploads\/2012\/08\/EN-standard-e1439583104716.jpg\" alt=\"\" width=\"20\" height=\"20\" \/><\/a><\/strong><\/em><\/p>\n<p><em><a href=\"https:\/\/rioonwatch.org\/wp-content\/uploads\/2019\/08\/BehnerStiefel.png\" target=\"_blank\" rel=\"noopener\"><img decoding=\"async\" class=\"alignright wp-image-55315\" src=\"https:\/\/rioonwatch.org\/wp-content\/uploads\/2019\/08\/BehnerStiefel.png\" sizes=\"(max-width: 200px) 100vw, 200px\" srcset=\"https:\/\/rioonwatch.org\/wp-content\/uploads\/2019\/08\/BehnerStiefel.png 1934w, https:\/\/rioonwatch.org\/wp-content\/uploads\/2019\/08\/BehnerStiefel-300x102.png 300w, https:\/\/rioonwatch.org\/wp-content\/uploads\/2019\/08\/BehnerStiefel-768x261.png 768w, https:\/\/rioonwatch.org\/wp-content\/uploads\/2019\/08\/BehnerStiefel-1024x348.png 1024w\" alt=\"Centro Behner Stiefel de Estudos Brasileiros\" width=\"200\" height=\"68\" \/><\/a><\/em><\/p>\n<p><em>Esta mat\u00e9ria, fruto de uma entrevista com M\u00f4nica Lima Mura Mana\u00fa Arawak, \u00fanica professora universit\u00e1ria da etnia Mura, faz parte de uma <a href=\"https:\/\/bit.ly\/SerieSDSU\" target=\"_blank\" rel=\"noopener noreferrer\">s\u00e9rie<\/a>\u00a0gerada por uma parceria com o\u00a0<a href=\"https:\/\/bit.ly\/SDSUDigitalBrazilProject\" target=\"_blank\" rel=\"noopener noreferrer\">Digital Brazil Project<\/a>\u00a0do\u00a0<a href=\"http:\/\/bit.ly\/2zcymI6\" target=\"_blank\" rel=\"noopener noreferrer\">Centro Behner Stiefel de Estudos Brasileiros<\/a>\u00a0da Universidade Estadual de San Diego na Calif\u00f3rnia, para produzir mat\u00e9rias sobre justi\u00e7a ambiental nas favelas fluminenses.<\/em><\/p>\n<blockquote><p>\u201cO maior desafio [nosso], al\u00e9m da falta de recursos e de apoio para uma formaliza\u00e7\u00e3o pelo Estado, \u00e9 recebermos ataques frequentes do pr\u00f3prio Estado e da especula\u00e7\u00e3o imobili\u00e1ria, que insiste em nos expulsar de nosso territ\u00f3rio ancestral para a realiza\u00e7\u00e3o de seus projetos. Recentemente, recebemos uma ordem de despejo, por\u00e9m, mobilizamos for\u00e7as pol\u00edticas importantes nacional e internacionalmente (pela) demarca\u00e7\u00e3o de nossas terras, a formaliza\u00e7\u00e3o de nossa Universidade Ind\u00edgena Pluri\u00e9tnica Aldeia Maracan\u00e3, a restaura\u00e7\u00e3o do antigo <a href=\"https:\/\/rioonwatch.org.br\/?p=21403\">Museu do \u00cdndio<\/a>, pela sua hist\u00f3ria junto \u00e0 luta dos povos ind\u00edgenas. Al\u00e9m de honrar a mem\u00f3ria dos povos ind\u00edgenas, [o UIPAM] funciona como um centro de acolhimento, j\u00e1 que j\u00e1 somos um museu vivo. Da mesma forma, o seu tombamento deveria ser uma urgente pol\u00edtica na cidade que invadiu a floresta!\u201d \u2014 M\u00f4nica Lima Mura Mana\u00fa Arawak<\/p><\/blockquote>\n<h3>A \u00danica Professora Universit\u00e1ria da Etnia Mura Reflete sobre a Import\u00e2ncia da UIPAM<\/h3>\n<p><span style=\"font-weight: 400;\">M\u00f4nica Lima Mura Mana\u00fa Arawak, PhD, professora da Universidade Ind\u00edgena Pluri\u00e9tnica Aldeia Maracan\u00e3 (<a href=\"https:\/\/bit.ly\/3QhJwCU\" target=\"_blank\" rel=\"noopener\">UIPAM<\/a>) e cria da cidade do Rio de Janeiro, do <a href=\"https:\/\/bit.ly\/3WZeovB\" target=\"_blank\" rel=\"noopener\">povo Mura<\/a>, de l\u00edngua <a href=\"https:\/\/bit.ly\/41erMyK\" target=\"_blank\" rel=\"noopener\">Arawak<\/a>, fundadora do <a href=\"https:\/\/bit.ly\/3Qguyxd\" target=\"_blank\" rel=\"noopener\">Coletivo Matriarcado Ancestral<\/a>, afirma que a pedagogia da floresta pode ser a sa\u00edda para os problemas gerados pela <a href=\"https:\/\/bit.ly\/41i1Ty3\" target=\"_blank\" rel=\"noopener\">colonialidade<\/a> e modernidade. Ela descreve a import\u00e2ncia do trabalho da Universidade Ind\u00edgena Pluri\u00e9tnica Aldeia Maracan\u00e3 para a cidade, mas, sobretudo, para aqueles que residem e resistem na <a href=\"https:\/\/bit.ly\/33SfAEg\">Aldeia Maracan\u00e3<\/a>, uma aldeia ind\u00edgena em plena regi\u00e3o central do Rio de Janeiro, que vem se <a href=\"https:\/\/rioonwatch.org.br\/?p=38463\">reconstruindo<\/a> e <a href=\"http:\/\/bit.ly\/2szLvaW\">crescendo<\/a> desde as <a href=\"https:\/\/rioonwatch.org.br\/?p=22316\">remo\u00e7\u00f5es<\/a> pr\u00e9-ol\u00edmpicas.<\/span><\/p>\n<blockquote><p>\u201cContinuamos na resist\u00eancia e na autodefesa do nosso <a href=\"https:\/\/bit.ly\/4hD5yMB\" target=\"_blank\" rel=\"noopener\">corpo-territ\u00f3rio<\/a>. Na Aldeia Maracan\u00e3 diariamente funciona a vida, o manejo, a autonomia, a autogest\u00e3o e a pedagogia da floresta, e tudo est\u00e1 sendo transmitido na Universidade Ind\u00edgena Pluri\u00e9tnica Aldeia Maracan\u00e3 (UIPAM). Tamb\u00e9m diariamente recebemos alunos e professores das escolas e universidades estaduais, municipais e federais. A vida acontece na Pluriversidade, j\u00e1 que somos uma aldeia multi\u00e9tnica e cada etnia \u00e9 uma universidade, e, portanto, um territ\u00f3rio que produz <a href=\"https:\/\/bit.ly\/4i2fUFH\" target=\"_blank\" rel=\"noopener\">etnoconhecimento<\/a>. Forjamos a Pluriversidade Ind\u00edgena Aldeia Maracan\u00e3 sem a estrutura e os recursos necess\u00e1rios, mas com a nossa autonomia universit\u00e1ria sendo constru\u00edda pelos pr\u00f3prios ind\u00edgenas. Estamos enfrentando os desafios di\u00e1rios, mas produzindo nosso pr\u00f3prio conhecimento na pr\u00e1tica e gerindo nosso territ\u00f3rio. A UIPAM influenciou e redefiniu a percep\u00e7\u00e3o das culturas ind\u00edgenas no cen\u00e1rio urbano do Rio de Janeiro. Diariamente, recebe universidades, escolas e outras institui\u00e7\u00f5es nacionais e internacionais para debates, mutir\u00f5es, aulas, oficinas e viv\u00eancias, promovendo uma forma\u00e7\u00e3o intercultural cr\u00edtica. Muitos dos seus professores tamb\u00e9m lecionam em outras universidades e escolas, espalhando seus conhecimentos e disputando narrativas.\u201d \u2014 M\u00f4nica Lima Mura Mana\u00fa Arawak<\/p><\/blockquote>\n<p><iframe src=\"https:\/\/drive.google.com\/file\/d\/1XiLSAahsZh7XdZWQf81GoA42fZT9tqpX\/preview\" width=\"1030\" height=\"563\"><span data-mce-type=\"bookmark\" style=\"display: inline-block; width: 0px; overflow: hidden; line-height: 0;\" class=\"mce_SELRES_start\">\ufeff<\/span><\/iframe><\/p>\n<p>Segundo a professora Arawak, a sa\u00edda para a crise ambiental e clim\u00e1tica \u00e9 ancestral. O \u00fanico caminho para o futuro \u00e9 a supera\u00e7\u00e3o dos supostos \u201cdescobrimentos da Am\u00e9rica\u201d. \u00c9 superando a colonialidade europeia no mundo, fincando novos alicerces sob as bases do respeito ao corpo-territ\u00f3rio, que a humanidade pode sobreviver a si mesma. S\u00f3 a tecnologia ind\u00edgena, origin\u00e1ria e ancestral pode salvar o mundo do legado de destrui\u00e7\u00e3o das tecnologias branco-europeias.<\/p>\n<blockquote><p>\u201cA (nossa) resist\u00eancia cultural e pol\u00edtica&#8230; inclui a transi\u00e7\u00e3o diante da emerg\u00eancia ecol\u00f3gica e da crise ambiental, com pr\u00e1ticas ind\u00edgenas como alternativas tecnol\u00f3gicas para enfrentar desafios ambientais e contrapor o projeto de (des)envolvimento mercantil que destr\u00f3i a vida e a natureza gerando escassez e viol\u00eancia. O projeto da UIPAM apresenta as bases e princ\u00edpios de manejo ind\u00edgena para reconhecimento e parceria com institui\u00e7\u00f5es educacionais e governamentais. A Universidade Ind\u00edgena Pluri\u00e9tnica Aldeia Maracan\u00e3 \u00e9 um espa\u00e7o de encontro, troca de saberes e informa\u00e7\u00f5es, articula\u00e7\u00e3o, (re)produ\u00e7\u00e3o de conhecimentos coletivos, comunica\u00e7\u00e3o, luta social, (re)defini\u00e7\u00e3o de estrat\u00e9gias, atua\u00e7\u00e3o conjunta e fortalecimento da resist\u00eancia dos povos ind\u00edgenas e de comunidades tradicionais, quilombolas, afrodescendentes, pescadores, artes\u00e3os, camponeses, favelados, grupos de resist\u00eancia de comunidades atingidas por megaempreendimentos e megaeventos capitalistas, em situa\u00e7\u00e3o (sub)urbana, estudantes e pesquisadores interessados e reconhecidos por sua atua\u00e7\u00e3o engajada junto aos movimentos de resist\u00eancia e insurg\u00eancias.\u201d \u2014 M\u00f4nica Lima Mura Mana\u00fa Arawak<\/p><\/blockquote>\n<figure id=\"attachment_77087\" aria-describedby=\"caption-attachment-77087\" style=\"width: 500px\" class=\"wp-caption alignright\"><a href=\"https:\/\/rioonwatch.org.br\/wp-content\/uploads\/2025\/02\/Universidade-Indigena-Plurietnica-Aldeia-Maracana-UPIAM.png\"><img loading=\"lazy\" decoding=\"async\" class=\"wp-image-77087\" title=\"Universidade Ind\u00edgena Pluri\u00e9tnica Aldeia Maracan\u00e3 (UIPAM). Foto: Redes Sociais\" src=\"https:\/\/rioonwatch.org.br\/wp-content\/uploads\/2025\/02\/Universidade-Indigena-Plurietnica-Aldeia-Maracana-UPIAM-496x620.png\" alt=\"Universidade Ind\u00edgena Pluri\u00e9tnica Aldeia Maracan\u00e3 (UIPAM). Foto: Redes Sociais\" width=\"500\" height=\"625\" srcset=\"https:\/\/rioonwatch.org.br\/wp-content\/uploads\/2025\/02\/Universidade-Indigena-Plurietnica-Aldeia-Maracana-UPIAM-496x620.png 496w, https:\/\/rioonwatch.org.br\/wp-content\/uploads\/2025\/02\/Universidade-Indigena-Plurietnica-Aldeia-Maracana-UPIAM.png 614w\" sizes=\"(max-width: 500px) 100vw, 500px\" \/><\/a><figcaption id=\"caption-attachment-77087\" class=\"wp-caption-text\">Universidade Ind\u00edgena Pluri\u00e9tnica Aldeia Maracan\u00e3 (UIPAM). Foto: Redes Sociais<\/figcaption><\/figure>\n<p>Para al\u00e9m de sua contribui\u00e7\u00e3o tecnol\u00f3gica para a sociedade, a universidade ind\u00edgena tamb\u00e9m atua como centro de forma\u00e7\u00e3o e de incid\u00eancia pol\u00edtica. Especialmente em um per\u00edodo de <a href=\"https:\/\/bit.ly\/3iBAbsu\" target=\"_blank\" rel=\"noopener\">fragilidade democr\u00e1tica<\/a>, a UIPAM fortalece a democracia brasileira.<\/p>\n<blockquote><p>\u201cA universidade tamb\u00e9m atua como espa\u00e7o de forma\u00e7\u00e3o pol\u00edtica cr\u00edtica ao modelo de (des)envolvimento socioecon\u00f4mico e cultural dominante, propondo perspectivas e estrat\u00e9gias de supera\u00e7\u00e3o deste modelo, no contexto geopol\u00edtico da cidade-modelo capitalista globalizada [sede da Copa do Mundo de 2014, das Olimp\u00edadas de 2016 e o G20 2024]&#8230; Este espa\u00e7o tamb\u00e9m serve para reconstituir as perspectivas de atua\u00e7\u00e3o, o projeto pol\u00edtico-pedag\u00f3gico e os princ\u00edpios de manejo comunit\u00e1rio dos movimentos de resist\u00eancia e da aldeia-universidade dos povos do Maracan\u00e3, promovendo pesquisas, ensino e valoriza\u00e7\u00e3o da sabedoria e ci\u00eancia dos povos tradicionais, al\u00e9m de forma\u00e7\u00e3o superior. O objetivo da UIPAM \u00e9 dar visibilidade e fortalecer as pautas ind\u00edgenas, tanto dos aldeados quanto dos urbanos. Participa de debates nacionais e internacionais sobre pol\u00edticas p\u00fablicas para ind\u00edgenas, incluindo confer\u00eancias oficiais. \u00c9 pioneira na discuss\u00e3o sobre o apagamento dos ind\u00edgenas na cidade, debatendo h\u00e1 mais de duas d\u00e9cadas a quest\u00e3o do ind\u00edgena em contexto urbano e o resgate daqueles que perderam a consci\u00eancia de sua identidade ind\u00edgena. A UIPAM \u00e9 um laborat\u00f3rio de articula\u00e7\u00f5es e forma\u00e7\u00e3o pol\u00edtica sob a perspectiva da cultura ind\u00edgena, apresentando vis\u00f5es de mundo alternativas&#8230;, funcionando tamb\u00e9m como um centro de acolhimento de ind\u00edgenas nacionais e internacionais. Com o Rio de Janeiro tendo a maior propor\u00e7\u00e3o de ind\u00edgenas n\u00e3o aldeados, a UIPAM tem sido fundamental para o reconhecimento e avan\u00e7o identit\u00e1rio.\u201d \u2014 M\u00f4nica Lima Mura Mana\u00fa Arawak<\/p><\/blockquote>\n<h3>Uma Universidade que Ensina a Superar os Desafios de Hoje com Saberes Ancestrais<\/h3>\n<p>Desde 2006, a UIPAM aborda os desafios e aspira\u00e7\u00f5es das comunidades ind\u00edgenas urbanas no Brasil ao ser um espa\u00e7o de encontro, troca de saberes, articula\u00e7\u00e3o, produ\u00e7\u00e3o de conhecimentos coletivos, comunica\u00e7\u00e3o, luta social e fortalecimento da resist\u00eancia dos povos ind\u00edgenas e comunidades tradicionais. Este espa\u00e7o promove uma forma\u00e7\u00e3o pol\u00edtica cr\u00edtica ao modelo de desenvolvimento sociopol\u00edtico e econ\u00f4mico dominante e prop\u00f5e perspectivas e estrat\u00e9gias para super\u00e1-lo, especialmente no contexto urbano do Rio de Janeiro.<\/p>\n<p>A professora Monica acredita que a reforma do antigo pr\u00e9dio do Museu do \u00cdndio deveria ser feita urgentemente pelo Estado, pois \u00e9 um espa\u00e7o de acolhida a ind\u00edgenas fora de suas aldeias no Rio de Janeiro, onde podem ser quem s\u00e3o em meio \u00e0 cidade.<\/p>\n<blockquote><p>\u201cN\u00f3s j\u00e1 somos um &#8216;Centro de Refer\u00eancia e Acolhimento Ind\u00edgena&#8217;, pois ind\u00edgenas do Brasil e do mundo s\u00e3o acolhidos na Aldeia Maracan\u00e3. Os ind\u00edgenas quando chegam no Rio de Janeiro procuram a Aldeia Maracan\u00e3. O pr\u00e9dio do Antigo Museu do \u00cdndio deve ser tombado enquanto patrim\u00f4nio hist\u00f3rico e de mem\u00f3ria material, e n\u00f3s ind\u00edgenas que compomos o movimento e a universidade ind\u00edgena tombados como patrim\u00f4nio hist\u00f3rico, mem\u00f3ria viva e imaterial.\u201d \u2014 M\u00f4nica Lima Mura Mana\u00fa Arawak<\/p><\/blockquote>\n<p>O pr\u00e9dio do antigo Museu do \u00cdndio, uma vez reformado, deve ser sede da Universidade Ind\u00edgena Pluri\u00e9tnica Aldeia Maracan\u00e3. Este museu vivo poderia, ent\u00e3o, estabelecer parcerias, conv\u00eanios e interc\u00e2mbios com a <a href=\"https:\/\/bit.ly\/3QoTqTa\" target=\"_blank\" rel=\"noopener\">Universidade Federal Intercultural Ind\u00edgena<\/a>, que o Minist\u00e9rio da Educa\u00e7\u00e3o (<a href=\"https:\/\/bit.ly\/3l8ua3t\" target=\"_blank\" rel=\"noopener\">MEC<\/a>) e o Minist\u00e9rio dos Povos Ind\u00edgenas (<a href=\"https:\/\/bit.ly\/4b3BebB\" target=\"_blank\" rel=\"noopener\">MPI<\/a>) est\u00e3o criando.<\/p>\n<figure id=\"attachment_77137\" aria-describedby=\"caption-attachment-77137\" style=\"width: 2560px\" class=\"wp-caption aligncenter\"><a href=\"https:\/\/rioonwatch.org.br\/wp-content\/uploads\/2025\/02\/Predio-do-antigo-Museu-do-Indio.-Foto-Tania-Rego-Agencia-Brasil-scaled.jpg\"><img loading=\"lazy\" decoding=\"async\" class=\"wp-image-77137 size-full\" title=\"Pr\u00e9dio do antigo Museu do \u00cdndio precisa de reformas e, segundo os ind\u00edgenas da Aldeia Maracan\u00e3, deveria se tornar um centro pluri\u00e9tnico de acolhida aos povos origin\u00e1rios. Foto: T\u00e2nia R\u00eago\/Ag\u00eancia Brasil\" src=\"https:\/\/rioonwatch.org.br\/wp-content\/uploads\/2025\/02\/Predio-do-antigo-Museu-do-Indio.-Foto-Tania-Rego-Agencia-Brasil-scaled.jpg\" alt=\"Pr\u00e9dio do antigo Museu do \u00cdndio precisa de reformas e, segundo os ind\u00edgenas da Aldeia Maracan\u00e3, deveria se tornar um centro pluri\u00e9tnico de acolhida aos povos origin\u00e1rios. Foto: T\u00e2nia R\u00eago\/Ag\u00eancia Brasil\" width=\"2560\" height=\"1704\" srcset=\"https:\/\/rioonwatch.org.br\/wp-content\/uploads\/2025\/02\/Predio-do-antigo-Museu-do-Indio.-Foto-Tania-Rego-Agencia-Brasil-scaled.jpg 2560w, https:\/\/rioonwatch.org.br\/wp-content\/uploads\/2025\/02\/Predio-do-antigo-Museu-do-Indio.-Foto-Tania-Rego-Agencia-Brasil-620x413.jpg 620w, https:\/\/rioonwatch.org.br\/wp-content\/uploads\/2025\/02\/Predio-do-antigo-Museu-do-Indio.-Foto-Tania-Rego-Agencia-Brasil-768x511.jpg 768w, https:\/\/rioonwatch.org.br\/wp-content\/uploads\/2025\/02\/Predio-do-antigo-Museu-do-Indio.-Foto-Tania-Rego-Agencia-Brasil-1536x1022.jpg 1536w, https:\/\/rioonwatch.org.br\/wp-content\/uploads\/2025\/02\/Predio-do-antigo-Museu-do-Indio.-Foto-Tania-Rego-Agencia-Brasil-2048x1363.jpg 2048w\" sizes=\"(max-width: 2560px) 100vw, 2560px\" \/><\/a><figcaption id=\"caption-attachment-77137\" class=\"wp-caption-text\">Pr\u00e9dio do antigo Museu do \u00cdndio precisa de reformas e, segundo os ind\u00edgenas da Aldeia Maracan\u00e3, deveria se tornar um centro pluri\u00e9tnico de acolhida aos povos origin\u00e1rios. Foto: T\u00e2nia R\u00eago\/<em>Ag\u00eancia Brasil<\/em><\/figcaption><\/figure>\n<p><span style=\"font-weight: 400;\">A UIPAM tem formado professores e alunos diariamente, atrav\u00e9s de uma educa\u00e7\u00e3o pol\u00edtica libert\u00e1ria e decolonial. A partir de seu car\u00e1ter in\u00e9dito, surgem muitas parcerias e interc\u00e2mbios nacionais e internacionais, assim, la\u00e7os v\u00e3o se estreitando e a Aldeia Maracan\u00e3 como um todo vai se tornando mais forte.\u00a0<\/span><\/p>\n<p>Em 2024, o Coletivo Matriarcado Ancestral, atuante na resist\u00eancia e no desenvolvimento da UIPAM, foi contemplado em um edital da Funda\u00e7\u00e3o Nacional de Artes (FUNARTE), e com isso est\u00e1 construindo mais espa\u00e7os de moradia e melhorias na estrutura da aldeia, inclusive sua cozinha.<\/p>\n<p>Ao ser perguntada sobre qual mensagem deixaria para a popula\u00e7\u00e3o que ainda n\u00e3o tem ideia do que est\u00e1 acontecendo na Aldeia Maracan\u00e3 e sobre todo o conhecimento produzido pela Universidade Ind\u00edgena Pluri\u00e9tnica Aldeia Maracan\u00e3, a professora faz um convite ao p\u00fablico em geral para visitar a universidade e ajudar a construir alternativas \u00e0 crise ambiental e clim\u00e1tica. O conhecimento que salvar\u00e1 o mundo \u00e9 ancestral: todos devem p\u00f4-lo em pr\u00e1tica para reverter os danos provocados pela modernidade.<\/p>\n<blockquote><p>\u201cVenha nos conhecer, que venha conhecer nossos projetos e a\u00e7\u00f5es para que possam sentir a mem\u00f3ria ancestral pulsar e vivenciar nossas pr\u00e1ticas. Tamb\u00e9m gostaria de dizer que todos no Brasil possuem um ancestral ind\u00edgena ou negro na sua \u00e1rvore geneal\u00f3gica, ent\u00e3o, que n\u00e3o neguem essa mem\u00f3ria, que possui o conhecimento e a tecnologia que podem resolver a quest\u00e3o da emerg\u00eancia clim\u00e1tica.\u201d \u2014 M\u00f4nica Lima Mura Mana\u00fa Arawak<\/p><\/blockquote>\n<p>A Tekohaw Marak\u00e0\u2019n\u00e3, Aldeia Pluri\u00e9tnica Maracan\u00e3, em pleno centro urbano do Rio de Janeiro, representa a resist\u00eancia da ancestralidade ind\u00edgena, mesmo que sob o concreto da coloniza\u00e7\u00e3o, um concreto que ela vem literalmente quebrando com suas a\u00e7\u00f5es agroecol\u00f3gicas. Epicentro latino-americano da retomada de territ\u00f3rios por ind\u00edgenas em contexto urbano, a Tekohaw Marak\u00e0&#8217;n\u00e3 \u00e9 um portal para a floresta no meio da cidade e a UIPAM \u00e9 tamb\u00e9m o resultado da resist\u00eancia de gera\u00e7\u00f5es de ind\u00edgenas, que lutam para que suas epistemologias baseiam ensino, pesquisa e extens\u00e3o, que recebam investimento e que se tornem pol\u00edticas p\u00fablicas e educacionais.<\/p>\n<blockquote class=\"instagram-media\" style=\"background: #FFF; border: 0; border-radius: 3px; box-shadow: 0 0 1px 0 rgba(0,0,0,0.5),0 1px 10px 0 rgba(0,0,0,0.15); margin: 1px; max-width: 540px; min-width: 326px; padding: 0; width: calc(100% - 2px);\" data-instgrm-captioned=\"\" data-instgrm-permalink=\"https:\/\/www.instagram.com\/p\/DF8eZL9JMlm\/?utm_source=ig_embed&amp;utm_campaign=loading\" data-instgrm-version=\"14\">\n<div style=\"padding: 16px;\">\n<p>&nbsp;<\/p>\n<div style=\"display: flex; flex-direction: row; align-items: center;\">\n<div style=\"background-color: #f4f4f4; border-radius: 50%; flex-grow: 0; height: 40px; margin-right: 14px; width: 40px;\"><\/div>\n<div style=\"display: flex; flex-direction: column; flex-grow: 1; justify-content: center;\">\n<div style=\"background-color: #f4f4f4; border-radius: 4px; flex-grow: 0; height: 14px; margin-bottom: 6px; width: 100px;\"><\/div>\n<div style=\"background-color: #f4f4f4; border-radius: 4px; flex-grow: 0; height: 14px; width: 60px;\"><\/div>\n<\/div>\n<\/div>\n<div style=\"padding: 19% 0;\"><\/div>\n<div style=\"display: block; height: 50px; margin: 0 auto 12px; width: 50px;\"><\/div>\n<div style=\"padding-top: 8px;\">\n<div style=\"color: #3897f0; font-family: Arial,sans-serif; font-size: 14px; font-style: normal; font-weight: 550; line-height: 18px;\">Ver esta publica\u00e7\u00e3o no Instagram<\/div>\n<\/div>\n<div style=\"padding: 12.5% 0;\"><\/div>\n<div style=\"display: flex; flex-direction: row; margin-bottom: 14px; align-items: center;\">\n<div>\n<div style=\"background-color: #f4f4f4; border-radius: 50%; height: 12.5px; width: 12.5px; transform: translateX(0px) translateY(7px);\"><\/div>\n<div style=\"background-color: #f4f4f4; height: 12.5px; transform: rotate(-45deg) translateX(3px) translateY(1px); width: 12.5px; flex-grow: 0; margin-right: 14px; margin-left: 2px;\"><\/div>\n<div style=\"background-color: #f4f4f4; border-radius: 50%; height: 12.5px; width: 12.5px; transform: translateX(9px) translateY(-18px);\"><\/div>\n<\/div>\n<div style=\"margin-left: 8px;\">\n<div style=\"background-color: #f4f4f4; border-radius: 50%; flex-grow: 0; height: 20px; width: 20px;\"><\/div>\n<div style=\"width: 0; height: 0; border-top: 2px solid transparent; border-left: 6px solid #f4f4f4; border-bottom: 2px solid transparent; transform: translateX(16px) translateY(-4px) rotate(30deg);\"><\/div>\n<\/div>\n<div style=\"margin-left: auto;\">\n<div style=\"width: 0px; border-top: 8px solid #F4F4F4; border-right: 8px solid transparent; transform: translateY(16px);\"><\/div>\n<div style=\"background-color: #f4f4f4; flex-grow: 0; height: 12px; width: 16px; transform: translateY(-4px);\"><\/div>\n<div style=\"width: 0; height: 0; border-top: 8px solid #F4F4F4; border-left: 8px solid transparent; transform: translateY(-4px) translateX(8px);\"><\/div>\n<\/div>\n<\/div>\n<div style=\"display: flex; flex-direction: column; flex-grow: 1; justify-content: center; margin-bottom: 24px;\">\n<div style=\"background-color: #f4f4f4; border-radius: 4px; flex-grow: 0; height: 14px; margin-bottom: 6px; width: 224px;\"><\/div>\n<div style=\"background-color: #f4f4f4; border-radius: 4px; flex-grow: 0; height: 14px; width: 144px;\"><\/div>\n<\/div>\n<p>&nbsp;<\/p>\n<p style=\"color: #c9c8cd; font-family: Arial,sans-serif; font-size: 14px; line-height: 17px; margin-bottom: 0; margin-top: 8px; overflow: hidden; padding: 8px 0 7px; text-align: center; text-overflow: ellipsis; white-space: nowrap;\"><a style=\"color: #c9c8cd; font-family: Arial,sans-serif; font-size: 14px; font-style: normal; font-weight: normal; line-height: 17px; text-decoration: none;\" href=\"https:\/\/www.instagram.com\/p\/DF8eZL9JMlm\/?utm_source=ig_embed&amp;utm_campaign=loading\" target=\"_blank\" rel=\"noopener\">Uma publica\u00e7\u00e3o partilhada por Mi\u0301dia NINJA (@midianinja)<\/a><\/p>\n<\/div>\n<\/blockquote>\n<p><script async src=\"\/\/www.instagram.com\/embed.js\"><\/script><\/p>\n<p><i><span style=\"font-weight: 400;\">Sobre a autora: <\/span><\/i><a href=\"https:\/\/bit.ly\/3WIhnYG\" target=\"_blank\" rel=\"noopener\"><i><span style=\"font-weight: 400;\">Dayse Alves<\/span><\/i><\/a><i><span style=\"font-weight: 400;\"> \u00e9 professora, comunicadora popular formada pelo N\u00facleo Piratininga de Comunica\u00e7\u00e3o (NPC) e cria de Duque de Caxias.<\/span><\/i><\/p>\n<hr \/>\n<h4><b data-stringify-type=\"bold\">Apoie nossos esfor\u00e7os para fornecer apoio estrat\u00e9gico \u00e0s favelas do Rio, incluindo o jornalismo hiperlocal, cr\u00edtico, inovador e incans\u00e1vel do\u00a0<\/b><b data-stringify-type=\"bold\"><i data-stringify-type=\"italic\">RioOnWatch<\/i><\/b>\u2014<a class=\"c-link\" href=\"http:\/\/www.bit.ly\/ApoieROW\" target=\"_blank\" rel=\"noopener noreferrer\" data-stringify-link=\"http:\/\/www.bit.ly\/ApoieROW\" data-sk=\"tooltip_parent\">doe aqui<\/a>.<\/h4>\n<!-- AddThis Advanced Settings generic via filter on the_content --><!-- AddThis Share Buttons generic via filter on the_content -->","protected":false},"excerpt":{"rendered":"<div class=\"mh-excerpt\"><p>Click Here for English Esta mat\u00e9ria, fruto de uma entrevista com M\u00f4nica Lima Mura Mana\u00fa Arawak, \u00fanica professora universit\u00e1ria da etnia Mura, faz parte de uma s\u00e9rie\u00a0gerada por uma parceria com o\u00a0Digital Brazil Project\u00a0do\u00a0Centro Behner <a class=\"mh-excerpt-more\" href=\"https:\/\/rioonwatch.org.br\/?p=77112\" title=\"Universidade Ind\u00edgena Pluri\u00e9tnica Aldeia Maracan\u00e3: Conhecimento, Pedagogia da Floresta e Epistemologia Ind\u00edgena no Cora\u00e7\u00e3o do Rio\">[&#8230;]<\/a><!-- AddThis Advanced Settings generic via filter on get_the_excerpt --><!-- AddThis Share Buttons generic via filter on get_the_excerpt --><\/p>\n<\/div>","protected":false},"author":167,"featured_media":77126,"comment_status":"closed","ping_status":"closed","sticky":false,"template":"template-full.php","format":"standard","meta":{"_acf_changed":false,"_monsterinsights_skip_tracking":false,"_monsterinsights_sitenote_active":false,"_monsterinsights_sitenote_note":"","_monsterinsights_sitenote_category":0,"footnotes":""},"categories":[1621,1629,1625,3170,342,1639],"tags":[301,614,1006,550,60,1574,722,466,1304,2693,239,218],"writer":[3523],"translator":[],"source":[],"ilustrador":[],"fotografo":[],"class_list":{"0":"post-77112","1":"post","2":"type-post","3":"status-publish","4":"format-standard","5":"has-post-thumbnail","7":"category-destaque","8":"category-entrevistas-e-perfis","9":"category-por-correspondentes-comunitarios","10":"category-justica-climatica","11":"category-solucoes","12":"category-sustentabilidade","13":"tag-agroecologia","14":"tag-aldeia-maracana","15":"tag-asfalto-x-favela","16":"tag-direito-a-terra","17":"tag-tijuca","18":"tag-indigenas","19":"tag-legado","20":"tag-maracana","21":"tag-organizacao-criativa","22":"tag-serie-direitos-humanos-com-apoio-do-centro-behner-stiefel-da-sdsu","23":"tag-universidade","24":"tag-zona-norte","25":"writer-dayse-alves"},"acf":[],"yoast_head":"<!-- This site is optimized with the Yoast SEO plugin v25.6 - https:\/\/yoast.com\/wordpress\/plugins\/seo\/ -->\n<title>Universidade Ind\u00edgena Pluri\u00e9tnica Aldeia Maracan\u00e3: Conhecimento, Pedagogia da Floresta e Epistemologia Ind\u00edgena no Cora\u00e7\u00e3o do Rio - RioOnWatch<\/title>\n<meta name=\"robots\" content=\"index, follow, max-snippet:-1, max-image-preview:large, max-video-preview:-1\" \/>\n<link rel=\"canonical\" href=\"https:\/\/rioonwatch.org.br\/?p=77112\" \/>\n<meta property=\"og:locale\" content=\"pt_BR\" \/>\n<meta property=\"og:type\" content=\"article\" \/>\n<meta property=\"og:title\" content=\"Universidade Ind\u00edgena Pluri\u00e9tnica Aldeia Maracan\u00e3: Conhecimento, Pedagogia da Floresta e Epistemologia Ind\u00edgena no Cora\u00e7\u00e3o do Rio - RioOnWatch\" \/>\n<meta property=\"og:description\" content=\"Click Here for English Esta mat\u00e9ria, fruto de uma entrevista com M\u00f4nica Lima Mura Mana\u00fa Arawak, \u00fanica professora universit\u00e1ria da etnia Mura, faz parte de uma s\u00e9rie\u00a0gerada por uma parceria com o\u00a0Digital Brazil Project\u00a0do\u00a0Centro Behner [...]\" \/>\n<meta property=\"og:url\" content=\"https:\/\/rioonwatch.org.br\/?p=77112\" \/>\n<meta property=\"og:site_name\" content=\"RioOnWatch\" \/>\n<meta property=\"article:published_time\" content=\"2025-02-15T13:44:35+00:00\" \/>\n<meta property=\"article:modified_time\" content=\"2025-02-26T11:20:23+00:00\" \/>\n<meta property=\"og:image\" content=\"https:\/\/rioonwatch.org.br\/wp-content\/uploads\/2025\/02\/Representantes-da-Aldeia-Maracana-no-Festival-Anama-Sapopemba-onde-apresentara-sua-rica-tradicao-de-canto-danca-e-cultura-ancestrais.-Foto-Sophia-Vie.jpg\" \/>\n\t<meta property=\"og:image:width\" content=\"1080\" \/>\n\t<meta property=\"og:image:height\" content=\"720\" \/>\n\t<meta property=\"og:image:type\" content=\"image\/jpeg\" \/>\n<meta name=\"author\" content=\"Julio Santos Filho\" \/>\n<meta name=\"twitter:card\" content=\"summary_large_image\" \/>\n<meta name=\"twitter:label1\" content=\"Escrito por\" \/>\n\t<meta name=\"twitter:data1\" content=\"Julio Santos Filho\" \/>\n\t<meta name=\"twitter:label2\" content=\"Est. tempo de leitura\" \/>\n\t<meta name=\"twitter:data2\" content=\"6 minutos\" \/>\n<script type=\"application\/ld+json\" class=\"yoast-schema-graph\">{\"@context\":\"https:\/\/schema.org\",\"@graph\":[{\"@type\":\"Article\",\"@id\":\"https:\/\/rioonwatch.org.br\/?p=77112#article\",\"isPartOf\":{\"@id\":\"https:\/\/rioonwatch.org.br\/?p=77112\"},\"author\":{\"name\":\"Julio Santos Filho\",\"@id\":\"https:\/\/rioonwatch.org.br\/#\/schema\/person\/476bc75767957d3535b65b796667cd36\"},\"headline\":\"Universidade Ind\u00edgena Pluri\u00e9tnica Aldeia Maracan\u00e3: Conhecimento, Pedagogia da Floresta e Epistemologia Ind\u00edgena no Cora\u00e7\u00e3o do Rio\",\"datePublished\":\"2025-02-15T13:44:35+00:00\",\"dateModified\":\"2025-02-26T11:20:23+00:00\",\"mainEntityOfPage\":{\"@id\":\"https:\/\/rioonwatch.org.br\/?p=77112\"},\"wordCount\":1980,\"publisher\":{\"@id\":\"https:\/\/rioonwatch.org.br\/#organization\"},\"image\":{\"@id\":\"https:\/\/rioonwatch.org.br\/?p=77112#primaryimage\"},\"thumbnailUrl\":\"https:\/\/rioonwatch.org.br\/wp-content\/uploads\/2025\/02\/Representantes-da-Aldeia-Maracana-no-Festival-Anama-Sapopemba-onde-apresentara-sua-rica-tradicao-de-canto-danca-e-cultura-ancestrais.-Foto-Sophia-Vie.jpg\",\"keywords\":[\"agroecologia\",\"Aldeia Maracan\u00e3\",\"asfalto x favela\",\"direito \u00e0 terra\",\"Grande Tijuca\",\"ind\u00edgenas\",\"Legado Ol\u00edmpico\",\"Maracan\u00e3\",\"mobiliza\u00e7\u00e3o criativa\",\"S\u00e9rie Apoiada pelo Centro Behner Stiefel\/SDSU\",\"universidade\",\"Zona Norte\"],\"articleSection\":[\"*Destaque\",\"Entrevistas e Perfis\",\"Escrito por Comunicadores Populares\",\"Justi\u00e7a Clim\u00e1tica\",\"Solu\u00e7\u00f5es\",\"Sustentabilidade\"],\"inLanguage\":\"pt-BR\"},{\"@type\":\"WebPage\",\"@id\":\"https:\/\/rioonwatch.org.br\/?p=77112\",\"url\":\"https:\/\/rioonwatch.org.br\/?p=77112\",\"name\":\"Universidade Ind\u00edgena Pluri\u00e9tnica Aldeia Maracan\u00e3: Conhecimento, Pedagogia da Floresta e Epistemologia Ind\u00edgena no Cora\u00e7\u00e3o do Rio - RioOnWatch\",\"isPartOf\":{\"@id\":\"https:\/\/rioonwatch.org.br\/#website\"},\"primaryImageOfPage\":{\"@id\":\"https:\/\/rioonwatch.org.br\/?p=77112#primaryimage\"},\"image\":{\"@id\":\"https:\/\/rioonwatch.org.br\/?p=77112#primaryimage\"},\"thumbnailUrl\":\"https:\/\/rioonwatch.org.br\/wp-content\/uploads\/2025\/02\/Representantes-da-Aldeia-Maracana-no-Festival-Anama-Sapopemba-onde-apresentara-sua-rica-tradicao-de-canto-danca-e-cultura-ancestrais.-Foto-Sophia-Vie.jpg\",\"datePublished\":\"2025-02-15T13:44:35+00:00\",\"dateModified\":\"2025-02-26T11:20:23+00:00\",\"breadcrumb\":{\"@id\":\"https:\/\/rioonwatch.org.br\/?p=77112#breadcrumb\"},\"inLanguage\":\"pt-BR\",\"potentialAction\":[{\"@type\":\"ReadAction\",\"target\":[\"https:\/\/rioonwatch.org.br\/?p=77112\"]}]},{\"@type\":\"ImageObject\",\"inLanguage\":\"pt-BR\",\"@id\":\"https:\/\/rioonwatch.org.br\/?p=77112#primaryimage\",\"url\":\"https:\/\/rioonwatch.org.br\/wp-content\/uploads\/2025\/02\/Representantes-da-Aldeia-Maracana-no-Festival-Anama-Sapopemba-onde-apresentara-sua-rica-tradicao-de-canto-danca-e-cultura-ancestrais.-Foto-Sophia-Vie.jpg\",\"contentUrl\":\"https:\/\/rioonwatch.org.br\/wp-content\/uploads\/2025\/02\/Representantes-da-Aldeia-Maracana-no-Festival-Anama-Sapopemba-onde-apresentara-sua-rica-tradicao-de-canto-danca-e-cultura-ancestrais.-Foto-Sophia-Vie.jpg\",\"width\":1080,\"height\":720,\"caption\":\"Representantes da Aldeia Maracan\u00e3 no Festival Anama Sapopemba, onde apresentara sua rica tradi\u00e7\u00e3o de canto, dan\u00e7a e cultura ancestrais. Foto: Sophia Vie\"},{\"@type\":\"BreadcrumbList\",\"@id\":\"https:\/\/rioonwatch.org.br\/?p=77112#breadcrumb\",\"itemListElement\":[{\"@type\":\"ListItem\",\"position\":1,\"name\":\"In\u00edcio\",\"item\":\"https:\/\/rioonwatch.org.br\/\"},{\"@type\":\"ListItem\",\"position\":2,\"name\":\"Universidade Ind\u00edgena Pluri\u00e9tnica Aldeia Maracan\u00e3: Conhecimento, Pedagogia da Floresta e Epistemologia Ind\u00edgena no Cora\u00e7\u00e3o do Rio\"}]},{\"@type\":\"WebSite\",\"@id\":\"https:\/\/rioonwatch.org.br\/#website\",\"url\":\"https:\/\/rioonwatch.org.br\/\",\"name\":\"RioOnWatch\",\"description\":\"relatos das favelas cariocas\",\"publisher\":{\"@id\":\"https:\/\/rioonwatch.org.br\/#organization\"},\"potentialAction\":[{\"@type\":\"SearchAction\",\"target\":{\"@type\":\"EntryPoint\",\"urlTemplate\":\"https:\/\/rioonwatch.org.br\/?s={search_term_string}\"},\"query-input\":{\"@type\":\"PropertyValueSpecification\",\"valueRequired\":true,\"valueName\":\"search_term_string\"}}],\"inLanguage\":\"pt-BR\"},{\"@type\":\"Organization\",\"@id\":\"https:\/\/rioonwatch.org.br\/#organization\",\"name\":\"RioOnWatch\",\"url\":\"https:\/\/rioonwatch.org.br\/\",\"logo\":{\"@type\":\"ImageObject\",\"inLanguage\":\"pt-BR\",\"@id\":\"https:\/\/rioonwatch.org.br\/#\/schema\/logo\/image\/\",\"url\":\"https:\/\/rioonwatch.org.br\/wp-content\/uploads\/2021\/06\/RioOnWatchcabecalhoPT11anos-2.png\",\"contentUrl\":\"https:\/\/rioonwatch.org.br\/wp-content\/uploads\/2021\/06\/RioOnWatchcabecalhoPT11anos-2.png\",\"width\":779,\"height\":277,\"caption\":\"RioOnWatch\"},\"image\":{\"@id\":\"https:\/\/rioonwatch.org.br\/#\/schema\/logo\/image\/\"}},{\"@type\":\"Person\",\"@id\":\"https:\/\/rioonwatch.org.br\/#\/schema\/person\/476bc75767957d3535b65b796667cd36\",\"name\":\"Julio Santos Filho\",\"image\":{\"@type\":\"ImageObject\",\"inLanguage\":\"pt-BR\",\"@id\":\"https:\/\/rioonwatch.org.br\/#\/schema\/person\/image\/\",\"url\":\"https:\/\/secure.gravatar.com\/avatar\/ca138f7666182a292a8ce4ca14fb81f8?s=96&d=blank&r=g\",\"contentUrl\":\"https:\/\/secure.gravatar.com\/avatar\/ca138f7666182a292a8ce4ca14fb81f8?s=96&d=blank&r=g\",\"caption\":\"Julio Santos Filho\"},\"url\":\"https:\/\/rioonwatch.org.br\/?author=167\"}]}<\/script>\n<!-- \/ Yoast SEO plugin. -->","yoast_head_json":{"title":"Universidade Ind\u00edgena Pluri\u00e9tnica Aldeia Maracan\u00e3: Conhecimento, Pedagogia da Floresta e Epistemologia Ind\u00edgena no Cora\u00e7\u00e3o do Rio - RioOnWatch","robots":{"index":"index","follow":"follow","max-snippet":"max-snippet:-1","max-image-preview":"max-image-preview:large","max-video-preview":"max-video-preview:-1"},"canonical":"https:\/\/rioonwatch.org.br\/?p=77112","og_locale":"pt_BR","og_type":"article","og_title":"Universidade Ind\u00edgena Pluri\u00e9tnica Aldeia Maracan\u00e3: Conhecimento, Pedagogia da Floresta e Epistemologia Ind\u00edgena no Cora\u00e7\u00e3o do Rio - RioOnWatch","og_description":"Click Here for English Esta mat\u00e9ria, fruto de uma entrevista com M\u00f4nica Lima Mura Mana\u00fa Arawak, \u00fanica professora universit\u00e1ria da etnia Mura, faz parte de uma s\u00e9rie\u00a0gerada por uma parceria com o\u00a0Digital Brazil Project\u00a0do\u00a0Centro Behner [...]","og_url":"https:\/\/rioonwatch.org.br\/?p=77112","og_site_name":"RioOnWatch","article_published_time":"2025-02-15T13:44:35+00:00","article_modified_time":"2025-02-26T11:20:23+00:00","og_image":[{"width":1080,"height":720,"url":"https:\/\/rioonwatch.org.br\/wp-content\/uploads\/2025\/02\/Representantes-da-Aldeia-Maracana-no-Festival-Anama-Sapopemba-onde-apresentara-sua-rica-tradicao-de-canto-danca-e-cultura-ancestrais.-Foto-Sophia-Vie.jpg","type":"image\/jpeg"}],"author":"Julio Santos Filho","twitter_card":"summary_large_image","twitter_misc":{"Escrito por":"Julio Santos Filho","Est. tempo de leitura":"6 minutos"},"schema":{"@context":"https:\/\/schema.org","@graph":[{"@type":"Article","@id":"https:\/\/rioonwatch.org.br\/?p=77112#article","isPartOf":{"@id":"https:\/\/rioonwatch.org.br\/?p=77112"},"author":{"name":"Julio Santos Filho","@id":"https:\/\/rioonwatch.org.br\/#\/schema\/person\/476bc75767957d3535b65b796667cd36"},"headline":"Universidade Ind\u00edgena Pluri\u00e9tnica Aldeia Maracan\u00e3: Conhecimento, Pedagogia da Floresta e Epistemologia Ind\u00edgena no Cora\u00e7\u00e3o do Rio","datePublished":"2025-02-15T13:44:35+00:00","dateModified":"2025-02-26T11:20:23+00:00","mainEntityOfPage":{"@id":"https:\/\/rioonwatch.org.br\/?p=77112"},"wordCount":1980,"publisher":{"@id":"https:\/\/rioonwatch.org.br\/#organization"},"image":{"@id":"https:\/\/rioonwatch.org.br\/?p=77112#primaryimage"},"thumbnailUrl":"https:\/\/rioonwatch.org.br\/wp-content\/uploads\/2025\/02\/Representantes-da-Aldeia-Maracana-no-Festival-Anama-Sapopemba-onde-apresentara-sua-rica-tradicao-de-canto-danca-e-cultura-ancestrais.-Foto-Sophia-Vie.jpg","keywords":["agroecologia","Aldeia Maracan\u00e3","asfalto x favela","direito \u00e0 terra","Grande Tijuca","ind\u00edgenas","Legado Ol\u00edmpico","Maracan\u00e3","mobiliza\u00e7\u00e3o criativa","S\u00e9rie Apoiada pelo Centro Behner Stiefel\/SDSU","universidade","Zona Norte"],"articleSection":["*Destaque","Entrevistas e Perfis","Escrito por Comunicadores Populares","Justi\u00e7a Clim\u00e1tica","Solu\u00e7\u00f5es","Sustentabilidade"],"inLanguage":"pt-BR"},{"@type":"WebPage","@id":"https:\/\/rioonwatch.org.br\/?p=77112","url":"https:\/\/rioonwatch.org.br\/?p=77112","name":"Universidade Ind\u00edgena Pluri\u00e9tnica Aldeia Maracan\u00e3: Conhecimento, Pedagogia da Floresta e Epistemologia Ind\u00edgena no Cora\u00e7\u00e3o do Rio - RioOnWatch","isPartOf":{"@id":"https:\/\/rioonwatch.org.br\/#website"},"primaryImageOfPage":{"@id":"https:\/\/rioonwatch.org.br\/?p=77112#primaryimage"},"image":{"@id":"https:\/\/rioonwatch.org.br\/?p=77112#primaryimage"},"thumbnailUrl":"https:\/\/rioonwatch.org.br\/wp-content\/uploads\/2025\/02\/Representantes-da-Aldeia-Maracana-no-Festival-Anama-Sapopemba-onde-apresentara-sua-rica-tradicao-de-canto-danca-e-cultura-ancestrais.-Foto-Sophia-Vie.jpg","datePublished":"2025-02-15T13:44:35+00:00","dateModified":"2025-02-26T11:20:23+00:00","breadcrumb":{"@id":"https:\/\/rioonwatch.org.br\/?p=77112#breadcrumb"},"inLanguage":"pt-BR","potentialAction":[{"@type":"ReadAction","target":["https:\/\/rioonwatch.org.br\/?p=77112"]}]},{"@type":"ImageObject","inLanguage":"pt-BR","@id":"https:\/\/rioonwatch.org.br\/?p=77112#primaryimage","url":"https:\/\/rioonwatch.org.br\/wp-content\/uploads\/2025\/02\/Representantes-da-Aldeia-Maracana-no-Festival-Anama-Sapopemba-onde-apresentara-sua-rica-tradicao-de-canto-danca-e-cultura-ancestrais.-Foto-Sophia-Vie.jpg","contentUrl":"https:\/\/rioonwatch.org.br\/wp-content\/uploads\/2025\/02\/Representantes-da-Aldeia-Maracana-no-Festival-Anama-Sapopemba-onde-apresentara-sua-rica-tradicao-de-canto-danca-e-cultura-ancestrais.-Foto-Sophia-Vie.jpg","width":1080,"height":720,"caption":"Representantes da Aldeia Maracan\u00e3 no Festival Anama Sapopemba, onde apresentara sua rica tradi\u00e7\u00e3o de canto, dan\u00e7a e cultura ancestrais. Foto: Sophia Vie"},{"@type":"BreadcrumbList","@id":"https:\/\/rioonwatch.org.br\/?p=77112#breadcrumb","itemListElement":[{"@type":"ListItem","position":1,"name":"In\u00edcio","item":"https:\/\/rioonwatch.org.br\/"},{"@type":"ListItem","position":2,"name":"Universidade Ind\u00edgena Pluri\u00e9tnica Aldeia Maracan\u00e3: Conhecimento, Pedagogia da Floresta e Epistemologia Ind\u00edgena no Cora\u00e7\u00e3o do Rio"}]},{"@type":"WebSite","@id":"https:\/\/rioonwatch.org.br\/#website","url":"https:\/\/rioonwatch.org.br\/","name":"RioOnWatch","description":"relatos das favelas cariocas","publisher":{"@id":"https:\/\/rioonwatch.org.br\/#organization"},"potentialAction":[{"@type":"SearchAction","target":{"@type":"EntryPoint","urlTemplate":"https:\/\/rioonwatch.org.br\/?s={search_term_string}"},"query-input":{"@type":"PropertyValueSpecification","valueRequired":true,"valueName":"search_term_string"}}],"inLanguage":"pt-BR"},{"@type":"Organization","@id":"https:\/\/rioonwatch.org.br\/#organization","name":"RioOnWatch","url":"https:\/\/rioonwatch.org.br\/","logo":{"@type":"ImageObject","inLanguage":"pt-BR","@id":"https:\/\/rioonwatch.org.br\/#\/schema\/logo\/image\/","url":"https:\/\/rioonwatch.org.br\/wp-content\/uploads\/2021\/06\/RioOnWatchcabecalhoPT11anos-2.png","contentUrl":"https:\/\/rioonwatch.org.br\/wp-content\/uploads\/2021\/06\/RioOnWatchcabecalhoPT11anos-2.png","width":779,"height":277,"caption":"RioOnWatch"},"image":{"@id":"https:\/\/rioonwatch.org.br\/#\/schema\/logo\/image\/"}},{"@type":"Person","@id":"https:\/\/rioonwatch.org.br\/#\/schema\/person\/476bc75767957d3535b65b796667cd36","name":"Julio Santos Filho","image":{"@type":"ImageObject","inLanguage":"pt-BR","@id":"https:\/\/rioonwatch.org.br\/#\/schema\/person\/image\/","url":"https:\/\/secure.gravatar.com\/avatar\/ca138f7666182a292a8ce4ca14fb81f8?s=96&d=blank&r=g","contentUrl":"https:\/\/secure.gravatar.com\/avatar\/ca138f7666182a292a8ce4ca14fb81f8?s=96&d=blank&r=g","caption":"Julio Santos Filho"},"url":"https:\/\/rioonwatch.org.br\/?author=167"}]}},"_links":{"self":[{"href":"https:\/\/rioonwatch.org.br\/index.php?rest_route=\/wp\/v2\/posts\/77112"}],"collection":[{"href":"https:\/\/rioonwatch.org.br\/index.php?rest_route=\/wp\/v2\/posts"}],"about":[{"href":"https:\/\/rioonwatch.org.br\/index.php?rest_route=\/wp\/v2\/types\/post"}],"author":[{"embeddable":true,"href":"https:\/\/rioonwatch.org.br\/index.php?rest_route=\/wp\/v2\/users\/167"}],"replies":[{"embeddable":true,"href":"https:\/\/rioonwatch.org.br\/index.php?rest_route=%2Fwp%2Fv2%2Fcomments&post=77112"}],"version-history":[{"count":35,"href":"https:\/\/rioonwatch.org.br\/index.php?rest_route=\/wp\/v2\/posts\/77112\/revisions"}],"predecessor-version":[{"id":77220,"href":"https:\/\/rioonwatch.org.br\/index.php?rest_route=\/wp\/v2\/posts\/77112\/revisions\/77220"}],"wp:featuredmedia":[{"embeddable":true,"href":"https:\/\/rioonwatch.org.br\/index.php?rest_route=\/wp\/v2\/media\/77126"}],"wp:attachment":[{"href":"https:\/\/rioonwatch.org.br\/index.php?rest_route=%2Fwp%2Fv2%2Fmedia&parent=77112"}],"wp:term":[{"taxonomy":"category","embeddable":true,"href":"https:\/\/rioonwatch.org.br\/index.php?rest_route=%2Fwp%2Fv2%2Fcategories&post=77112"},{"taxonomy":"post_tag","embeddable":true,"href":"https:\/\/rioonwatch.org.br\/index.php?rest_route=%2Fwp%2Fv2%2Ftags&post=77112"},{"taxonomy":"writer","embeddable":true,"href":"https:\/\/rioonwatch.org.br\/index.php?rest_route=%2Fwp%2Fv2%2Fwriter&post=77112"},{"taxonomy":"translator","embeddable":true,"href":"https:\/\/rioonwatch.org.br\/index.php?rest_route=%2Fwp%2Fv2%2Ftranslator&post=77112"},{"taxonomy":"source","embeddable":true,"href":"https:\/\/rioonwatch.org.br\/index.php?rest_route=%2Fwp%2Fv2%2Fsource&post=77112"},{"taxonomy":"ilustrador","embeddable":true,"href":"https:\/\/rioonwatch.org.br\/index.php?rest_route=%2Fwp%2Fv2%2Filustrador&post=77112"},{"taxonomy":"fotografo","embeddable":true,"href":"https:\/\/rioonwatch.org.br\/index.php?rest_route=%2Fwp%2Fv2%2Ffotografo&post=77112"}],"curies":[{"name":"wp","href":"https:\/\/api.w.org\/{rel}","templated":true}]}}