{"id":77151,"date":"2025-07-26T15:07:11","date_gmt":"2025-07-26T18:07:11","guid":{"rendered":"https:\/\/rioonwatch.org.br\/?p=77151"},"modified":"2025-08-01T20:55:25","modified_gmt":"2025-08-01T23:55:25","slug":"um-olhar-sobre-os-termos-territoriais-coletivos-e-como-eles-combatem-a-crise-da-moradia-acessivel","status":"publish","type":"post","link":"https:\/\/rioonwatch.org.br\/?p=77151","title":{"rendered":"Um Olhar Sobre os Termos Territoriais Coletivos Estadunidenses e Como Eles Combatem a Crise da Moradia Acess\u00edvel"},"content":{"rendered":"<figure id=\"attachment_77492\" aria-describedby=\"caption-attachment-77492\" style=\"width: 1024px\" class=\"wp-caption aligncenter\"><a href=\"https:\/\/rioonwatch.org.br\/wp-content\/uploads\/2025\/03\/Moradia-e-direito-humano.-Foto-Luiz-C.-Ribeiro-Daily-News-L.P.webp\"><img fetchpriority=\"high\" decoding=\"async\" class=\"wp-image-77492 size-full\" title=\"Uma ativista pelo direito \u00e0 moradia segura um cartaz durante uma coletiva de imprensa e lan\u00e7amento da Campanha Or\u00e7amento para Moradias Acess\u00edveis com o Coaliz\u00e3o Progressista da C\u00e2mara dos Vereadores da cidade de Nova York e organiza\u00e7\u00f5es que lutam por moradia nos degraus da prefeitura em 11 de mar\u00e7o de 2024. Foto: Luiz C. Ribeiro\/Daily News, L.P.\" src=\"https:\/\/rioonwatch.org.br\/wp-content\/uploads\/2025\/03\/Moradia-e-direito-humano.-Foto-Luiz-C.-Ribeiro-Daily-News-L.P.webp\" alt=\"Uma ativista pelo direito \u00e0 moradia segura um cartaz durante uma coletiva de imprensa e lan\u00e7amento da Campanha Or\u00e7amento para Moradias Acess\u00edveis com o Coaliz\u00e3o Progressista da C\u00e2mara dos Vereadores da cidade de Nova York e organiza\u00e7\u00f5es que lutam por moradia nos degraus da prefeitura em 11 de mar\u00e7o de 2024. Foto: Luiz C. Ribeiro\/Daily News, L.P.\" width=\"1024\" height=\"576\" srcset=\"https:\/\/rioonwatch.org.br\/wp-content\/uploads\/2025\/03\/Moradia-e-direito-humano.-Foto-Luiz-C.-Ribeiro-Daily-News-L.P.webp 1024w, https:\/\/rioonwatch.org.br\/wp-content\/uploads\/2025\/03\/Moradia-e-direito-humano.-Foto-Luiz-C.-Ribeiro-Daily-News-L.P-620x349.webp 620w, https:\/\/rioonwatch.org.br\/wp-content\/uploads\/2025\/03\/Moradia-e-direito-humano.-Foto-Luiz-C.-Ribeiro-Daily-News-L.P-768x432.webp 768w, https:\/\/rioonwatch.org.br\/wp-content\/uploads\/2025\/03\/Moradia-e-direito-humano.-Foto-Luiz-C.-Ribeiro-Daily-News-L.P-678x381.webp 678w\" sizes=\"(max-width: 1024px) 100vw, 1024px\" \/><\/a><figcaption id=\"caption-attachment-77492\" class=\"wp-caption-text\">Uma ativista pelo direito \u00e0 moradia segura um cartaz durante uma coletiva de imprensa e lan\u00e7amento da Campanha Or\u00e7amento para Moradias Acess\u00edveis com o Coaliz\u00e3o Progressista da C\u00e2mara dos Vereadores da cidade de Nova York e organiza\u00e7\u00f5es que lutam por moradia nos degraus da prefeitura em 11 de mar\u00e7o de 2024. Foto: Luiz C. Ribeiro\/Daily News, L.P.<\/figcaption><\/figure>\n<h4 style=\"text-align: right;\"><em><strong><a href=\"https:\/\/bit.ly\/41YVabf\" target=\"_blank\" rel=\"noopener\">Click Here for English<\/a><a href=\"https:\/\/bit.ly\/41YVabf\" target=\"_blank\" rel=\"noopener\"><img decoding=\"async\" class=\"alignright wp-image-15790\" src=\"https:\/\/rioonwatch.org.br\/wp-content\/uploads\/2012\/08\/EN-standard-e1439583104716.jpg\" alt=\"\" width=\"20\" height=\"20\" \/><\/a><\/strong><\/em><\/h4>\n<p><em>Leia a mat\u00e9ria original por Rebecca Schneid, em ingl\u00eas, na Time <a href=\"https:\/\/bit.ly\/41YVabf\" target=\"_blank\" rel=\"noopener\">aqui<\/a>. O RioOnWatch traduz mat\u00e9rias do ingl\u00eas para que brasileiros possam ter acesso e acompanhar temas ou an\u00e1lises cobertos fora do pa\u00eds, que nem sempre s\u00e3o cobertos no Brasil.<\/em><\/p>\n<p><span style=\"font-weight: 400;\">Quando Christin Carter descobriu que seria m\u00e3e em 2002, ela decidiu que era hora de comprar uma casa. Embora muitas fam\u00edlias tomem a mesma decis\u00e3o, Christin estava especialmente determinada: ela queria garantir que seus filhos n\u00e3o passariam pela mesma falta de estabilidade <\/span><span style=\"font-weight: 400;\">habitacional <\/span><span style=\"font-weight: 400;\">que ela passou na sua inf\u00e2ncia, no sul do estado da Calif\u00f3rnia.<\/span><\/p>\n<blockquote><p><span style=\"font-weight: 400;\">\u201c<\/span>Honestamente, a pobreza de onde eu vim foi catastr\u00f3fica e eu sabia que tinha que quebrar esse ciclo. Eu n\u00e3o sabia como, mas eu sabia que tinha que quebr\u00e1-lo.\u201d \u2014 Christin Carter<\/p><\/blockquote>\n<p>Ela foi exclu\u00edda do mercado imobili\u00e1rio formal gra\u00e7as aos pre\u00e7os altos e, como m\u00e3e solteira, ela sabia que precisaria de ajuda. Por fim, o assistente respons\u00e1vel pelo seu caso no programa habitacional Se\u00e7\u00e3o 8\u2014um programa do governo federal estadunidense que oferece assist\u00eancia no acesso \u00e0 loca\u00e7\u00e3o de moradias para fam\u00edlias de baixa renda\u2013encaminhou-a para uma palestra informativa. O evento foi organizado pela <a href=\"https:\/\/bit.ly\/4l6r5PP\" target=\"_blank\" rel=\"noopener\">Proud Ground<\/a>, uma organiza\u00e7\u00e3o sem fins lucrativos da regi\u00e3o noroeste dos Estados Unidos, que \u00e9 um Termo Territorial Coletivo (<a href=\"https:\/\/bit.ly\/TTCsNoRioOnWatch\" target=\"_blank\" rel=\"noopener\">TTC<\/a>).<\/p>\n<p>O modelo t\u00edpico [norteamericano] de TTC se baseia na compra e desenvolvimento de terrenos por uma organiza\u00e7\u00e3o sem fins lucrativos [conhe\u00e7a <a href=\"https:\/\/bit.ly\/4mqRnfH\">o TTC brasileiro aqui<\/a>]. Compradores ou locat\u00e1rios individuais compram uma casa ou unidade nesse terreno por um pre\u00e7o acess\u00edvel em um contrato de arrendamento de longo prazo (geralmente de 99 anos). TTCs como Proud Ground costumam oferecer servi\u00e7os adicionais, que v\u00e3o al\u00e9m da t\u00edpica rela\u00e7\u00e3o locador-locat\u00e1rio.<\/p>\n<p>A Proud Ground deu a Christin a orienta\u00e7\u00e3o e o apoio necess\u00e1rios durante o processo, j\u00e1 que ela n\u00e3o podia contar com a ajuda de membros da fam\u00edlia que j\u00e1 tivessem passado pela experi\u00eancia de comprar uma casa. O modelo de lideran\u00e7a t\u00edpico de um TTC nos EUA \u00e9 um conselho tripartite: um ter\u00e7o \u00e9 composto por profissionais, incluindo advogados e empres\u00e1rios, que podem oferecer conhecimento financeiro e jur\u00eddico, outro ter\u00e7o \u00e9 formado por membros da comunidade, e o \u00faltimo ter\u00e7o \u00e9 composto por arrendat\u00e1rios, ou seja, pessoas que moram ou utilizam terras do TTC. Dessa forma, os arrendat\u00e1rios t\u00eam voz ativa nas decis\u00f5es sobre o que acontece com o terreno em que moram.<\/p>\n<p>\u201cAmo o fato de que a comunidade e os propriet\u00e1rios t\u00eam um papel na organiza\u00e7\u00e3o, porque quem \u00e9 mais especialista em moradia do que a pessoa que vai viver l\u00e1, n\u00e9?\u201d, diz Kristin King-Ries, advogada que representa TTCs e, atualmente, est\u00e1 organizando uma colabora\u00e7\u00e3o jur\u00eddica de TTCs em nome do <a href=\"https:\/\/bit.ly\/3E2aZWN\" target=\"_blank\" rel=\"noopener\">Centro Internacional para TTCs<\/a>.<\/p>\n<p>Christin, 42, comprou sua casa em Portland com a Proud Ground em 2011 e, como propriet\u00e1ria de primeira gera\u00e7\u00e3o, ela diz que o impacto que isso teve na vida de sua fam\u00edlia vai muito al\u00e9m das quest\u00f5es financeiras. \u201cFazer parte da comunidade tem sido extremamente ben\u00e9fico\u201d, disse Christin \u00e0 <em>Time<\/em>. \u201cPude fazer marquinhas na parede \u00e0 medida em que meus filhos foram crescendo\u2026 o presente da estabilidade, o orgulho que d\u00e1 \u00e9 algo que eu jamais poderia retribuir\u201d.<\/p>\n<p>A Proud Ground \u00e9 apenas um exemplo dos modelos de Termos Territoriais Coletivos nos Estados Unidos. De acordo com <a href=\"https:\/\/bit.ly\/4chM8eg\" target=\"_blank\" rel=\"noopener\">um relat\u00f3rio<\/a> do <a href=\"https:\/\/bit.ly\/4ceOYAw\" target=\"_blank\" rel=\"noopener\">Instituto Lincoln de Pol\u00edticas da Terra<\/a>, em janeiro de 2024, havia 308 TTCs em 48 estados, na capital Washington, D.C., e no territ\u00f3rio estadunidense de <a href=\"https:\/\/bit.ly\/3mbotGY\" target=\"_blank\" rel=\"noopener\">Porto Rico<\/a>, enquanto foram <a href=\"https:\/\/bit.ly\/41V0NIM\" target=\"_blank\" rel=\"noopener\">289<\/a> em 2021, 225 <a href=\"https:\/\/bit.ly\/4hX8lj0\" target=\"_blank\" rel=\"noopener\">em 2018<\/a> e 162 <a href=\"https:\/\/bit.ly\/4caXBMA\" target=\"_blank\" rel=\"noopener\">em 2006<\/a>. O relat\u00f3rio foi co-escrito por Kristin King-Ries. Embora os TTCs ainda sejam relativamente raros, Christin afirma que houve uma \u201cexplos\u00e3o\u201d de interesse por esse modelo desde que ela come\u00e7ou a trabalhar com ele em 2017, com cidades maiores come\u00e7ando a se envolver na cria\u00e7\u00e3o de TTCs e fornecendo financiamento e subs\u00eddios para as organiza\u00e7\u00f5es sem fins lucrativos de suas regi\u00f5es.<\/p>\n<blockquote><p>\u201cOu\u00e7o muito interesse de pessoas de todo o pa\u00eds querendo usar as ferramentas jur\u00eddicas para uma variedade de coisas, n\u00e3o apenas para moradia, mas tamb\u00e9m para comunidades, neg\u00f3cios, terras agr\u00edcolas e espa\u00e7os verdes.\u201d \u2014\u00a0Christin Carter<\/p><\/blockquote>\n<p>Ela v\u00ea o modelo de moradia oferecido pelo TTC como uma forma de enfrentar a crescente <a href=\"https:\/\/bit.ly\/4ce7Hw4\" target=\"_blank\" rel=\"noopener\">crise de moradia acess\u00edvel<\/a>, tema que recebeu grande aten\u00e7\u00e3o na <a href=\"https:\/\/bit.ly\/3FRjtRd\" target=\"_blank\" rel=\"noopener\">elei\u00e7\u00e3o de 2024<\/a>.<\/p>\n<p>Embora os TTCs estejam crescendo em popularidade, o modelo n\u00e3o \u00e9 novo. <a href=\"https:\/\/bit.ly\/2KV93ST\" target=\"_blank\" rel=\"noopener\">Suas ra\u00edzes remontam<\/a> ao Movimento dos Direitos Civis no Sul dos Estados Unidos, como uma resposta \u201c\u00e0 longa hist\u00f3ria de pol\u00edticas habitacionais racistas e \u00e0s injusti\u00e7as sociais e econ\u00f4micas dos Estados Unidos\u201d, segundo Christie Peale, CEO e presidenta do conselho do <a href=\"https:\/\/bit.ly\/3G3naTJ\" target=\"_blank\" rel=\"noopener\">Termo Territorial Coletivo Interboro<\/a>\u00a0em Nova York.<\/p>\n<p>A organiza\u00e7\u00e3o de base comunit\u00e1ria\u00a0<a href=\"https:\/\/bit.ly\/2mRNTdK\" target=\"_blank\" rel=\"noopener\">New Communities<\/a>, em Albany, no estado da Ge\u00f3rgia, fundada em 1969 como uma fazenda coletiva para evitar o deslocamento de comunidades negras, atrav\u00e9s de terras comunit\u00e1rias, \u00e9 frequentemente considerada o modelo original de Termo Territorial Coletivo. Embora os TTCs tenham evolu\u00eddo ao longo do tempo, Christie Peale afirma que o \u201ccontrole comunit\u00e1rio e o empoderamento\u201d continuam sendo centrais para o sistema.<\/p>\n<blockquote><p><span style=\"font-weight: 400;\">\u201c<\/span><span style=\"font-weight: 400;\">O modelo<\/span><span style=\"font-weight: 400;\"> proporciona estabilidade. \u00c9 meu. Eu sou a dona da casa. Posso deix\u00e1-la para os meus filhos&#8230; Antes de fecharmos o neg\u00f3cio da casa, n\u00f3s pass\u00e1vamos de carro pelo bairro e eu me emocionava s\u00f3 de pensar que meus filhos <\/span><span style=\"font-weight: 400;\">iriam crescer<\/span><span style=\"font-weight: 400;\"> nesse bairro.\u201d \u2014\u00a0Christin Carter<\/span><\/p><\/blockquote>\n<h3><b>Como os T<\/b><b>TCs <\/b><b>Poderiam E<\/b><b>nfrentar a Crise de Moradias a Pre\u00e7os Acess\u00edveis?<\/b><\/h3>\n<p>Muitos programas federais estadunidenses com o intuito de incentivar a constru\u00e7\u00e3o de moradias para fam\u00edlias de baixa renda t\u00eam prazo de validade. Muitos empreendimentos de moradia acess\u00edvel financiados pelo Cr\u00e9dito Fiscal para Habita\u00e7\u00e3o de Baixa Renda (LIHTC, em ingl\u00eas) t\u00eam um limite de 30 anos de acessibilidade\u2014um prazo que est\u00e1 pr\u00f3ximo de acabar para muitos benefici\u00e1rios desse programa social. De fato, a <a href=\"https:\/\/bit.ly\/3myyMV6\" target=\"_blank\" rel=\"noopener\">Coaliz\u00e3o Nacional de Habita\u00e7\u00e3o de Baixa Renda dos EUA<\/a>\u00a0estima que quase 500.000 unidades financiadas pelo LIHTC\u2014um n\u00famero que representa quase um quarto de todas as unidades LIHTC\u2014atingir\u00e3o o limite de 30 anos at\u00e9 o final da d\u00e9cada. Uma vez que esse prazo expire, Kristin afirma:<\/p>\n<blockquote><p>\u201cAs pessoas que viveram ali e constru\u00edram uma vida, uma comunidade\u2026 de repente, n\u00e3o s\u00e3o mais bem-vindas. Elas n\u00e3o conseguem mais arcar com o custo de viver ali.\u201d \u2014\u00a0Kristin King-Ries<\/p><\/blockquote>\n<p>No caso dos TTCs, a acessibilidade de longo prazo est\u00e1 incorporada no DNA do modelo, com suas estruturas de arrendamento de longo prazo e o modelo de lideran\u00e7a integrados \u00e0 estrutura da organiza\u00e7\u00e3o sem fins lucrativos.<\/p>\n<p>Os TTCs tamb\u00e9m preservam a acessibilidade por meio de seu modelo de propriedade comunit\u00e1ria: em vez de determinar a acessibilidade com base em uma fra\u00e7\u00e3o do valor de mercado, os TTCs vendem as unidades para os propriet\u00e1rios a um valor equivalente a um ter\u00e7o da renda mediana local, garantindo que elas permane\u00e7am acess\u00edveis para moradores de baixa renda. E, quando um propriet\u00e1rio de TTC vende sua unidade, ele deve seguir o mesmo princ\u00edpio de precifica\u00e7\u00e3o para garantir que a unidade continue acess\u00edvel.<\/p>\n<blockquote><p>\u201cIsso n\u00e3o significa que sua casa n\u00e3o possa ser uma fonte de gera\u00e7\u00e3o de riqueza, mas significa que ela n\u00e3o \u00e9 uma a\u00e7\u00e3o&#8230; N\u00e3o \u00e9 um investimento para algu\u00e9m de outra parte do pa\u00eds ou do mundo.\u201d \u2014\u00a0Kristin King-Ries<\/p><\/blockquote>\n<p><a href=\"https:\/\/bit.ly\/42tnXpK\" target=\"_blank\" rel=\"noopener\">De acordo com<\/a> o Instituto Lincoln de Pol\u00edticas da Terra, ter casa pr\u00f3pria \u00e9 o &#8220;fator explicativo e mais robusto&#8221; da riqueza em lares de baixa renda e de grupos minorit\u00e1rios. <a href=\"https:\/\/bit.ly\/4cd8cXz\" target=\"_blank\" rel=\"noopener\">Muitos estudos tamb\u00e9m mostram<\/a> os benef\u00edcios mentais e financeiros da casa pr\u00f3pria, incluindo o aumento da riqueza familiar, maior estabilidade financeira, maior participa\u00e7\u00e3o no mercado de trabalho, maior envolvimento em atividades pol\u00edticas e sociais, al\u00e9m de benef\u00edcios para a sa\u00fade.<\/p>\n<p>Christie Peale afirma que o modelo do TTC permite que haja taxas muito mais baixas de inadimpl\u00eancia e execu\u00e7\u00e3o hipotec\u00e1ria, j\u00e1 que os moradores participam da tomada de decis\u00f5es e trabalham de perto com os TTCs\u2014que s\u00e3o os propriet\u00e1rios da terra\u2014para garantir que possam ser orientados de perto ao longo do processo de moradia.<\/p>\n<blockquote><p>\u201cDurante a crise hipotec\u00e1ria de 2008 [nos Estados Unidos], os propriet\u00e1rios de casas em TTCs tiveram taxas muito mais baixas de inadimpl\u00eancia e de execu\u00e7\u00e3o hipotec\u00e1ria do que os demais, porque os TTCs n\u00e3o apenas fornecem casas de boa qualidade, que se encaixam de maneira respons\u00e1vel [em termos de financeiros, \u00e0s capacidades do morador], mas tamb\u00e9m porque os TTCs t\u00eam um papel de guardi\u00e3o [da moradia acess\u00edvel], constroem e mant\u00eam rela\u00e7\u00f5es com os moradores.\u201d \u2014 Christie Peale<\/p><\/blockquote>\n<p>A rela\u00e7\u00e3o pr\u00f3xima que a organiza\u00e7\u00e3o sem fins lucrativos mant\u00e9m com os moradores permite uma comunica\u00e7\u00e3o mais pessoal: se um residente atrasa o pagamento do aluguel, o TTC consegue identificar o problema cedo, intervir e oferecer ao morador acesso \u00e0 orienta\u00e7\u00e3o habitacional e a outros servi\u00e7os que ajudem o propriet\u00e1rio a se estabilizar, o que evita a execu\u00e7\u00e3o hipotec\u00e1ria.<\/p>\n<p>Comprar uma casa pelo TTC pode ser um degrau para algo maior; <a href=\"https:\/\/bit.ly\/3FPgjgN\" target=\"_blank\" rel=\"noopener\">segundo um relat\u00f3rio<\/a> publicado pelo Instituto Lincoln de Pol\u00edticas de Terra em 2021, 60% das pessoas que eram propriet\u00e1rias de casas em TTCs conseguiram, posteriormente, comprar uma casa \u00e0 pre\u00e7o de mercado.<\/p>\n<h3><b>Termos Territoriais Coletivos Oferecem \u00e0s Pessoas a Chance de Criar Ra\u00edzes<\/b><\/h3>\n<p>Proud Ground \u00e9 um exemplo da \u201cestrutura t\u00edpica\u201d de um TTC\u2014com a propriedade individual da casa\u2014, segundo Christie, no entanto, em cidades como Nova York, o modelo tamb\u00e9m pode ser utilizado para instala\u00e7\u00f5es comunit\u00e1rias e de estilo cooperativo.<\/p>\n<p>Brian H. mora no edif\u00edcio localizado na Avenida Arlington, 248, no Brooklyn, h\u00e1 seis anos. O pr\u00e9dio de 21 unidades foi oficialmente adquirido <a href=\"https:\/\/bit.ly\/4j8Nhac\" target=\"_blank\" rel=\"noopener\">em mar\u00e7o de 2024<\/a> pelo Termo Territorial Coletivo de East New York (<a href=\"https:\/\/bit.ly\/447Ok5X\" target=\"_blank\" rel=\"noopener\">ENYCLT<\/a>). Esse foi o primeiro im\u00f3vel comprado pelo ENYCLT. Brian H. e seus vizinhos passaram anos trabalhando com a organiza\u00e7\u00e3o sem fins lucrativos para transferir a propriedade do antigo dono para a comunidade.<\/p>\n<blockquote><p>\u201cHouve um movimento dos moradores dizendo: \u2018Chega! N\u00e3o temos servi\u00e7os de qualidade. Nosso propriet\u00e1rio n\u00e3o est\u00e1 presente&#8217;. E, ent\u00e3o, um dos l\u00edderes dos moradores j\u00e1 era membro do Community Land Trust, o que gerou uma boa sinergia.\u201d \u2014 Boris Santos, presidente do ENYCLT<\/p><\/blockquote>\n<p>Desde que compraram o im\u00f3vel, o ENYCLT tem trabalhado com arquitetos e engenheiros para reformar o pr\u00e9dio. J\u00e1 limparam o por\u00e3o e o <em>hall<\/em> de entrada, instalaram c\u00e2meras de seguran\u00e7a e est\u00e3o \u201ctransformando a propriedade, que era um modelo de aluguel tradicional, em um modelo cooperativo\u201d, explica Boris.<\/p>\n<p>Agora, todas as decis\u00f5es tomadas na Avenida Arlington, 248, envolvem todos os moradores. Criar uma mentalidade de comunidade entre todos os que vivem no pr\u00e9dio garante que conflitos pessoais n\u00e3o interfiram na constru\u00e7\u00e3o de um ambiente onde todos se sintam confort\u00e1veis. Boris afirma que o ENYCLT trabalha n\u00e3o s\u00f3 para mudar a situa\u00e7\u00e3o f\u00edsica das moradias, mas tamb\u00e9m para envolver os moradores no processo e empoder\u00e1-los para a tomada de decis\u00f5es.<\/p>\n<blockquote><p>\u201cN\u00f3s n\u00e3o somos ensinados a ter uma economia cooperativa. Nos ensinam que h\u00e1 uma pessoa no comando e que voc\u00ea deve se submeter a ela&#8230; E se a gente acabasse com isso tudo? E se, ao inv\u00e9s disso, todos tivessem participa\u00e7\u00e3o? E se cada um se responsabilizasse pelo outro, de uma forma mais igualit\u00e1ria?\u201d \u2014 Boris Santos<\/p><\/blockquote>\n<p>Brian H. diz que os moradores da Avenida Arlington, 248 est\u00e3o come\u00e7ando a \u201ccriar ra\u00edzes\u201d no pr\u00e9dio, que agora podem chamar de lar. \u201cAgora temos algo que \u00e9 nosso,\u201d diz ele. \u201cE todos n\u00f3s somos respons\u00e1veis por [esse enraizamento], porque todos vivemos aqui\u201d.<\/p>\n<hr \/>\n<h4><b data-stringify-type=\"bold\">Apoie nossos esfor\u00e7os para fornecer apoio estrat\u00e9gico \u00e0s favelas do Rio, incluindo o jornalismo hiperlocal, cr\u00edtico, inovador e incans\u00e1vel do\u00a0<\/b><b data-stringify-type=\"bold\"><i data-stringify-type=\"italic\">RioOnWatch<\/i><\/b>\u2014<a class=\"c-link\" href=\"http:\/\/www.bit.ly\/ApoieROW\" target=\"_blank\" rel=\"noopener noreferrer\" data-stringify-link=\"http:\/\/www.bit.ly\/ApoieROW\" data-sk=\"tooltip_parent\">doe aqui<\/a>.<\/h4>\n<!-- AddThis Advanced Settings generic via filter on the_content --><!-- AddThis Share Buttons generic via filter on the_content -->","protected":false},"excerpt":{"rendered":"<div class=\"mh-excerpt\"><p>Click Here for English Leia a mat\u00e9ria original por Rebecca Schneid, em ingl\u00eas, na Time aqui. O RioOnWatch traduz mat\u00e9rias do ingl\u00eas para que brasileiros possam ter acesso e acompanhar temas ou an\u00e1lises cobertos fora <a class=\"mh-excerpt-more\" href=\"https:\/\/rioonwatch.org.br\/?p=77151\" title=\"Um Olhar Sobre os Termos Territoriais Coletivos Estadunidenses e Como Eles Combatem a Crise da Moradia Acess\u00edvel\">[&#8230;]<\/a><!-- AddThis Advanced Settings generic via filter on get_the_excerpt --><!-- AddThis Share Buttons generic via filter on get_the_excerpt --><\/p>\n<\/div>","protected":false},"author":167,"featured_media":77492,"comment_status":"closed","ping_status":"closed","sticky":false,"template":"template-full.php","format":"standard","meta":{"_acf_changed":false,"_monsterinsights_skip_tracking":false,"_monsterinsights_sitenote_active":false,"_monsterinsights_sitenote_note":"","_monsterinsights_sitenote_category":0,"footnotes":""},"categories":[1617,1634],"tags":[759,1220,424,396,818,395,909,3315,711,578,1168],"writer":[3536],"translator":[1785],"source":[],"ilustrador":[],"fotografo":[],"class_list":{"0":"post-77151","1":"post","2":"type-post","3":"status-publish","4":"format-standard","5":"has-post-thumbnail","7":"category-olhonagentrificacao","8":"category-traducoes","9":"tag-comparacao-internacional","10":"tag-deficit-habitacional","11":"tag-direito-a-moradia","12":"tag-especulacao-imobiliaria","13":"tag-eua","14":"tag-gentrificacao-remocao-branca","15":"tag-habitacao-acessivel","16":"tag-inseguranca-habitacional","17":"tag-clt","18":"tag-trabalho-e-renda","19":"tag-traducao","20":"writer-rebecca-schneid","21":"translator-maria-fernanda-godinho"},"acf":[],"yoast_head":"<!-- This site is optimized with the Yoast SEO plugin v25.6 - https:\/\/yoast.com\/wordpress\/plugins\/seo\/ -->\n<title>Um Olhar Sobre os Termos Territoriais Coletivos Estadunidenses e Como Eles Combatem a Crise da Moradia Acess\u00edvel - RioOnWatch<\/title>\n<meta name=\"robots\" content=\"index, follow, max-snippet:-1, max-image-preview:large, max-video-preview:-1\" \/>\n<link rel=\"canonical\" href=\"https:\/\/rioonwatch.org.br\/?p=77151\" \/>\n<meta property=\"og:locale\" content=\"pt_BR\" \/>\n<meta property=\"og:type\" content=\"article\" \/>\n<meta property=\"og:title\" content=\"Um Olhar Sobre os Termos Territoriais Coletivos Estadunidenses e Como Eles Combatem a Crise da Moradia Acess\u00edvel - RioOnWatch\" \/>\n<meta property=\"og:description\" content=\"Click Here for English Leia a mat\u00e9ria original por Rebecca Schneid, em ingl\u00eas, na Time aqui. O RioOnWatch traduz mat\u00e9rias do ingl\u00eas para que brasileiros possam ter acesso e acompanhar temas ou an\u00e1lises cobertos fora [...]\" \/>\n<meta property=\"og:url\" content=\"https:\/\/rioonwatch.org.br\/?p=77151\" \/>\n<meta property=\"og:site_name\" content=\"RioOnWatch\" \/>\n<meta property=\"article:published_time\" content=\"2025-07-26T18:07:11+00:00\" \/>\n<meta property=\"article:modified_time\" content=\"2025-08-01T23:55:25+00:00\" \/>\n<meta property=\"og:image\" content=\"https:\/\/rioonwatch.org.br\/wp-content\/uploads\/2025\/03\/Moradia-e-direito-humano.-Foto-Luiz-C.-Ribeiro-Daily-News-L.P.webp\" \/>\n\t<meta property=\"og:image:width\" content=\"1024\" \/>\n\t<meta property=\"og:image:height\" content=\"576\" \/>\n\t<meta property=\"og:image:type\" content=\"image\/webp\" \/>\n<meta name=\"author\" content=\"Julio Santos Filho\" \/>\n<meta name=\"twitter:card\" content=\"summary_large_image\" \/>\n<meta name=\"twitter:label1\" content=\"Escrito por\" \/>\n\t<meta name=\"twitter:data1\" content=\"Julio Santos Filho\" \/>\n\t<meta name=\"twitter:label2\" content=\"Est. tempo de leitura\" \/>\n\t<meta name=\"twitter:data2\" content=\"10 minutos\" \/>\n<script type=\"application\/ld+json\" class=\"yoast-schema-graph\">{\"@context\":\"https:\/\/schema.org\",\"@graph\":[{\"@type\":\"Article\",\"@id\":\"https:\/\/rioonwatch.org.br\/?p=77151#article\",\"isPartOf\":{\"@id\":\"https:\/\/rioonwatch.org.br\/?p=77151\"},\"author\":{\"name\":\"Julio Santos Filho\",\"@id\":\"https:\/\/rioonwatch.org.br\/#\/schema\/person\/476bc75767957d3535b65b796667cd36\"},\"headline\":\"Um Olhar Sobre os Termos Territoriais Coletivos Estadunidenses e Como Eles Combatem a Crise da Moradia Acess\u00edvel\",\"datePublished\":\"2025-07-26T18:07:11+00:00\",\"dateModified\":\"2025-08-01T23:55:25+00:00\",\"mainEntityOfPage\":{\"@id\":\"https:\/\/rioonwatch.org.br\/?p=77151\"},\"wordCount\":2182,\"publisher\":{\"@id\":\"https:\/\/rioonwatch.org.br\/#organization\"},\"image\":{\"@id\":\"https:\/\/rioonwatch.org.br\/?p=77151#primaryimage\"},\"thumbnailUrl\":\"https:\/\/rioonwatch.org.br\/wp-content\/uploads\/2025\/03\/Moradia-e-direito-humano.-Foto-Luiz-C.-Ribeiro-Daily-News-L.P.webp\",\"keywords\":[\"compara\u00e7\u00e3o internacional\",\"d\u00e9ficit habitacional\",\"Direito \u00e0 Moradia\",\"especula\u00e7\u00e3o imobili\u00e1ria\",\"EUA\",\"gentrifica\u00e7\u00e3o\",\"habita\u00e7\u00e3o acess\u00edvel\",\"inseguran\u00e7a habitacional\",\"Termo Territorial Coletivo (TTC) \/ Community Land Trust (CLT)\",\"Trabalho e renda\",\"tradu\u00e7\u00e3o\"],\"articleSection\":[\"#OlhoNaGentrifica\u00e7\u00e3o\",\"Traduzidas do Ingl\u00eas\"],\"inLanguage\":\"pt-BR\"},{\"@type\":\"WebPage\",\"@id\":\"https:\/\/rioonwatch.org.br\/?p=77151\",\"url\":\"https:\/\/rioonwatch.org.br\/?p=77151\",\"name\":\"Um Olhar Sobre os Termos Territoriais Coletivos Estadunidenses e Como Eles Combatem a Crise da Moradia Acess\u00edvel - RioOnWatch\",\"isPartOf\":{\"@id\":\"https:\/\/rioonwatch.org.br\/#website\"},\"primaryImageOfPage\":{\"@id\":\"https:\/\/rioonwatch.org.br\/?p=77151#primaryimage\"},\"image\":{\"@id\":\"https:\/\/rioonwatch.org.br\/?p=77151#primaryimage\"},\"thumbnailUrl\":\"https:\/\/rioonwatch.org.br\/wp-content\/uploads\/2025\/03\/Moradia-e-direito-humano.-Foto-Luiz-C.-Ribeiro-Daily-News-L.P.webp\",\"datePublished\":\"2025-07-26T18:07:11+00:00\",\"dateModified\":\"2025-08-01T23:55:25+00:00\",\"breadcrumb\":{\"@id\":\"https:\/\/rioonwatch.org.br\/?p=77151#breadcrumb\"},\"inLanguage\":\"pt-BR\",\"potentialAction\":[{\"@type\":\"ReadAction\",\"target\":[\"https:\/\/rioonwatch.org.br\/?p=77151\"]}]},{\"@type\":\"ImageObject\",\"inLanguage\":\"pt-BR\",\"@id\":\"https:\/\/rioonwatch.org.br\/?p=77151#primaryimage\",\"url\":\"https:\/\/rioonwatch.org.br\/wp-content\/uploads\/2025\/03\/Moradia-e-direito-humano.-Foto-Luiz-C.-Ribeiro-Daily-News-L.P.webp\",\"contentUrl\":\"https:\/\/rioonwatch.org.br\/wp-content\/uploads\/2025\/03\/Moradia-e-direito-humano.-Foto-Luiz-C.-Ribeiro-Daily-News-L.P.webp\",\"width\":1024,\"height\":576,\"caption\":\"Uma ativista pelo direito \u00e0 moradia segura um cartaz durante uma coletiva de imprensa e lan\u00e7amento da Campanha Or\u00e7amento para Moradias Acess\u00edveis com o Coaliz\u00e3o Progressista da C\u00e2mara dos Vereadores da cidade de Nova York e organiza\u00e7\u00f5es que lutam por moradia nos degraus da prefeitura em 11 de mar\u00e7o de 2024. Foto: Luiz C. Ribeiro\/Daily News, L.P.\"},{\"@type\":\"BreadcrumbList\",\"@id\":\"https:\/\/rioonwatch.org.br\/?p=77151#breadcrumb\",\"itemListElement\":[{\"@type\":\"ListItem\",\"position\":1,\"name\":\"In\u00edcio\",\"item\":\"https:\/\/rioonwatch.org.br\/\"},{\"@type\":\"ListItem\",\"position\":2,\"name\":\"Um Olhar Sobre os Termos Territoriais Coletivos Estadunidenses e Como Eles Combatem a Crise da Moradia Acess\u00edvel\"}]},{\"@type\":\"WebSite\",\"@id\":\"https:\/\/rioonwatch.org.br\/#website\",\"url\":\"https:\/\/rioonwatch.org.br\/\",\"name\":\"RioOnWatch\",\"description\":\"relatos das favelas cariocas\",\"publisher\":{\"@id\":\"https:\/\/rioonwatch.org.br\/#organization\"},\"potentialAction\":[{\"@type\":\"SearchAction\",\"target\":{\"@type\":\"EntryPoint\",\"urlTemplate\":\"https:\/\/rioonwatch.org.br\/?s={search_term_string}\"},\"query-input\":{\"@type\":\"PropertyValueSpecification\",\"valueRequired\":true,\"valueName\":\"search_term_string\"}}],\"inLanguage\":\"pt-BR\"},{\"@type\":\"Organization\",\"@id\":\"https:\/\/rioonwatch.org.br\/#organization\",\"name\":\"RioOnWatch\",\"url\":\"https:\/\/rioonwatch.org.br\/\",\"logo\":{\"@type\":\"ImageObject\",\"inLanguage\":\"pt-BR\",\"@id\":\"https:\/\/rioonwatch.org.br\/#\/schema\/logo\/image\/\",\"url\":\"https:\/\/rioonwatch.org.br\/wp-content\/uploads\/2021\/06\/RioOnWatchcabecalhoPT11anos-2.png\",\"contentUrl\":\"https:\/\/rioonwatch.org.br\/wp-content\/uploads\/2021\/06\/RioOnWatchcabecalhoPT11anos-2.png\",\"width\":779,\"height\":277,\"caption\":\"RioOnWatch\"},\"image\":{\"@id\":\"https:\/\/rioonwatch.org.br\/#\/schema\/logo\/image\/\"}},{\"@type\":\"Person\",\"@id\":\"https:\/\/rioonwatch.org.br\/#\/schema\/person\/476bc75767957d3535b65b796667cd36\",\"name\":\"Julio Santos Filho\",\"image\":{\"@type\":\"ImageObject\",\"inLanguage\":\"pt-BR\",\"@id\":\"https:\/\/rioonwatch.org.br\/#\/schema\/person\/image\/\",\"url\":\"https:\/\/secure.gravatar.com\/avatar\/ca138f7666182a292a8ce4ca14fb81f8?s=96&d=blank&r=g\",\"contentUrl\":\"https:\/\/secure.gravatar.com\/avatar\/ca138f7666182a292a8ce4ca14fb81f8?s=96&d=blank&r=g\",\"caption\":\"Julio Santos Filho\"},\"url\":\"https:\/\/rioonwatch.org.br\/?author=167\"}]}<\/script>\n<!-- \/ Yoast SEO plugin. -->","yoast_head_json":{"title":"Um Olhar Sobre os Termos Territoriais Coletivos Estadunidenses e Como Eles Combatem a Crise da Moradia Acess\u00edvel - RioOnWatch","robots":{"index":"index","follow":"follow","max-snippet":"max-snippet:-1","max-image-preview":"max-image-preview:large","max-video-preview":"max-video-preview:-1"},"canonical":"https:\/\/rioonwatch.org.br\/?p=77151","og_locale":"pt_BR","og_type":"article","og_title":"Um Olhar Sobre os Termos Territoriais Coletivos Estadunidenses e Como Eles Combatem a Crise da Moradia Acess\u00edvel - RioOnWatch","og_description":"Click Here for English Leia a mat\u00e9ria original por Rebecca Schneid, em ingl\u00eas, na Time aqui. O RioOnWatch traduz mat\u00e9rias do ingl\u00eas para que brasileiros possam ter acesso e acompanhar temas ou an\u00e1lises cobertos fora [...]","og_url":"https:\/\/rioonwatch.org.br\/?p=77151","og_site_name":"RioOnWatch","article_published_time":"2025-07-26T18:07:11+00:00","article_modified_time":"2025-08-01T23:55:25+00:00","og_image":[{"width":1024,"height":576,"url":"https:\/\/rioonwatch.org.br\/wp-content\/uploads\/2025\/03\/Moradia-e-direito-humano.-Foto-Luiz-C.-Ribeiro-Daily-News-L.P.webp","type":"image\/webp"}],"author":"Julio Santos Filho","twitter_card":"summary_large_image","twitter_misc":{"Escrito por":"Julio Santos Filho","Est. tempo de leitura":"10 minutos"},"schema":{"@context":"https:\/\/schema.org","@graph":[{"@type":"Article","@id":"https:\/\/rioonwatch.org.br\/?p=77151#article","isPartOf":{"@id":"https:\/\/rioonwatch.org.br\/?p=77151"},"author":{"name":"Julio Santos Filho","@id":"https:\/\/rioonwatch.org.br\/#\/schema\/person\/476bc75767957d3535b65b796667cd36"},"headline":"Um Olhar Sobre os Termos Territoriais Coletivos Estadunidenses e Como Eles Combatem a Crise da Moradia Acess\u00edvel","datePublished":"2025-07-26T18:07:11+00:00","dateModified":"2025-08-01T23:55:25+00:00","mainEntityOfPage":{"@id":"https:\/\/rioonwatch.org.br\/?p=77151"},"wordCount":2182,"publisher":{"@id":"https:\/\/rioonwatch.org.br\/#organization"},"image":{"@id":"https:\/\/rioonwatch.org.br\/?p=77151#primaryimage"},"thumbnailUrl":"https:\/\/rioonwatch.org.br\/wp-content\/uploads\/2025\/03\/Moradia-e-direito-humano.-Foto-Luiz-C.-Ribeiro-Daily-News-L.P.webp","keywords":["compara\u00e7\u00e3o internacional","d\u00e9ficit habitacional","Direito \u00e0 Moradia","especula\u00e7\u00e3o imobili\u00e1ria","EUA","gentrifica\u00e7\u00e3o","habita\u00e7\u00e3o acess\u00edvel","inseguran\u00e7a habitacional","Termo Territorial Coletivo (TTC) \/ Community Land Trust (CLT)","Trabalho e renda","tradu\u00e7\u00e3o"],"articleSection":["#OlhoNaGentrifica\u00e7\u00e3o","Traduzidas do Ingl\u00eas"],"inLanguage":"pt-BR"},{"@type":"WebPage","@id":"https:\/\/rioonwatch.org.br\/?p=77151","url":"https:\/\/rioonwatch.org.br\/?p=77151","name":"Um Olhar Sobre os Termos Territoriais Coletivos Estadunidenses e Como Eles Combatem a Crise da Moradia Acess\u00edvel - RioOnWatch","isPartOf":{"@id":"https:\/\/rioonwatch.org.br\/#website"},"primaryImageOfPage":{"@id":"https:\/\/rioonwatch.org.br\/?p=77151#primaryimage"},"image":{"@id":"https:\/\/rioonwatch.org.br\/?p=77151#primaryimage"},"thumbnailUrl":"https:\/\/rioonwatch.org.br\/wp-content\/uploads\/2025\/03\/Moradia-e-direito-humano.-Foto-Luiz-C.-Ribeiro-Daily-News-L.P.webp","datePublished":"2025-07-26T18:07:11+00:00","dateModified":"2025-08-01T23:55:25+00:00","breadcrumb":{"@id":"https:\/\/rioonwatch.org.br\/?p=77151#breadcrumb"},"inLanguage":"pt-BR","potentialAction":[{"@type":"ReadAction","target":["https:\/\/rioonwatch.org.br\/?p=77151"]}]},{"@type":"ImageObject","inLanguage":"pt-BR","@id":"https:\/\/rioonwatch.org.br\/?p=77151#primaryimage","url":"https:\/\/rioonwatch.org.br\/wp-content\/uploads\/2025\/03\/Moradia-e-direito-humano.-Foto-Luiz-C.-Ribeiro-Daily-News-L.P.webp","contentUrl":"https:\/\/rioonwatch.org.br\/wp-content\/uploads\/2025\/03\/Moradia-e-direito-humano.-Foto-Luiz-C.-Ribeiro-Daily-News-L.P.webp","width":1024,"height":576,"caption":"Uma ativista pelo direito \u00e0 moradia segura um cartaz durante uma coletiva de imprensa e lan\u00e7amento da Campanha Or\u00e7amento para Moradias Acess\u00edveis com o Coaliz\u00e3o Progressista da C\u00e2mara dos Vereadores da cidade de Nova York e organiza\u00e7\u00f5es que lutam por moradia nos degraus da prefeitura em 11 de mar\u00e7o de 2024. Foto: Luiz C. Ribeiro\/Daily News, L.P."},{"@type":"BreadcrumbList","@id":"https:\/\/rioonwatch.org.br\/?p=77151#breadcrumb","itemListElement":[{"@type":"ListItem","position":1,"name":"In\u00edcio","item":"https:\/\/rioonwatch.org.br\/"},{"@type":"ListItem","position":2,"name":"Um Olhar Sobre os Termos Territoriais Coletivos Estadunidenses e Como Eles Combatem a Crise da Moradia Acess\u00edvel"}]},{"@type":"WebSite","@id":"https:\/\/rioonwatch.org.br\/#website","url":"https:\/\/rioonwatch.org.br\/","name":"RioOnWatch","description":"relatos das favelas cariocas","publisher":{"@id":"https:\/\/rioonwatch.org.br\/#organization"},"potentialAction":[{"@type":"SearchAction","target":{"@type":"EntryPoint","urlTemplate":"https:\/\/rioonwatch.org.br\/?s={search_term_string}"},"query-input":{"@type":"PropertyValueSpecification","valueRequired":true,"valueName":"search_term_string"}}],"inLanguage":"pt-BR"},{"@type":"Organization","@id":"https:\/\/rioonwatch.org.br\/#organization","name":"RioOnWatch","url":"https:\/\/rioonwatch.org.br\/","logo":{"@type":"ImageObject","inLanguage":"pt-BR","@id":"https:\/\/rioonwatch.org.br\/#\/schema\/logo\/image\/","url":"https:\/\/rioonwatch.org.br\/wp-content\/uploads\/2021\/06\/RioOnWatchcabecalhoPT11anos-2.png","contentUrl":"https:\/\/rioonwatch.org.br\/wp-content\/uploads\/2021\/06\/RioOnWatchcabecalhoPT11anos-2.png","width":779,"height":277,"caption":"RioOnWatch"},"image":{"@id":"https:\/\/rioonwatch.org.br\/#\/schema\/logo\/image\/"}},{"@type":"Person","@id":"https:\/\/rioonwatch.org.br\/#\/schema\/person\/476bc75767957d3535b65b796667cd36","name":"Julio Santos Filho","image":{"@type":"ImageObject","inLanguage":"pt-BR","@id":"https:\/\/rioonwatch.org.br\/#\/schema\/person\/image\/","url":"https:\/\/secure.gravatar.com\/avatar\/ca138f7666182a292a8ce4ca14fb81f8?s=96&d=blank&r=g","contentUrl":"https:\/\/secure.gravatar.com\/avatar\/ca138f7666182a292a8ce4ca14fb81f8?s=96&d=blank&r=g","caption":"Julio Santos Filho"},"url":"https:\/\/rioonwatch.org.br\/?author=167"}]}},"_links":{"self":[{"href":"https:\/\/rioonwatch.org.br\/index.php?rest_route=\/wp\/v2\/posts\/77151"}],"collection":[{"href":"https:\/\/rioonwatch.org.br\/index.php?rest_route=\/wp\/v2\/posts"}],"about":[{"href":"https:\/\/rioonwatch.org.br\/index.php?rest_route=\/wp\/v2\/types\/post"}],"author":[{"embeddable":true,"href":"https:\/\/rioonwatch.org.br\/index.php?rest_route=\/wp\/v2\/users\/167"}],"replies":[{"embeddable":true,"href":"https:\/\/rioonwatch.org.br\/index.php?rest_route=%2Fwp%2Fv2%2Fcomments&post=77151"}],"version-history":[{"count":17,"href":"https:\/\/rioonwatch.org.br\/index.php?rest_route=\/wp\/v2\/posts\/77151\/revisions"}],"predecessor-version":[{"id":78857,"href":"https:\/\/rioonwatch.org.br\/index.php?rest_route=\/wp\/v2\/posts\/77151\/revisions\/78857"}],"wp:featuredmedia":[{"embeddable":true,"href":"https:\/\/rioonwatch.org.br\/index.php?rest_route=\/wp\/v2\/media\/77492"}],"wp:attachment":[{"href":"https:\/\/rioonwatch.org.br\/index.php?rest_route=%2Fwp%2Fv2%2Fmedia&parent=77151"}],"wp:term":[{"taxonomy":"category","embeddable":true,"href":"https:\/\/rioonwatch.org.br\/index.php?rest_route=%2Fwp%2Fv2%2Fcategories&post=77151"},{"taxonomy":"post_tag","embeddable":true,"href":"https:\/\/rioonwatch.org.br\/index.php?rest_route=%2Fwp%2Fv2%2Ftags&post=77151"},{"taxonomy":"writer","embeddable":true,"href":"https:\/\/rioonwatch.org.br\/index.php?rest_route=%2Fwp%2Fv2%2Fwriter&post=77151"},{"taxonomy":"translator","embeddable":true,"href":"https:\/\/rioonwatch.org.br\/index.php?rest_route=%2Fwp%2Fv2%2Ftranslator&post=77151"},{"taxonomy":"source","embeddable":true,"href":"https:\/\/rioonwatch.org.br\/index.php?rest_route=%2Fwp%2Fv2%2Fsource&post=77151"},{"taxonomy":"ilustrador","embeddable":true,"href":"https:\/\/rioonwatch.org.br\/index.php?rest_route=%2Fwp%2Fv2%2Filustrador&post=77151"},{"taxonomy":"fotografo","embeddable":true,"href":"https:\/\/rioonwatch.org.br\/index.php?rest_route=%2Fwp%2Fv2%2Ffotografo&post=77151"}],"curies":[{"name":"wp","href":"https:\/\/api.w.org\/{rel}","templated":true}]}}