{"id":77170,"date":"2025-02-27T10:07:11","date_gmt":"2025-02-27T13:07:11","guid":{"rendered":"https:\/\/rioonwatch.org.br\/?p=77170"},"modified":"2025-03-08T16:21:00","modified_gmt":"2025-03-08T19:21:00","slug":"a-coroacao-do-cria-na-avenida-estacao-primeira-de-mangueira-exalta-o-orgulho-de-ser-favela-enquanto-conta-a-historia-dos-povos-bantu-no-carnaval-2025","status":"publish","type":"post","link":"https:\/\/rioonwatch.org.br\/?p=77170","title":{"rendered":"A Coroa\u00e7\u00e3o do Cria na Avenida: Esta\u00e7\u00e3o Primeira de Mangueira Exalta o &#8216;Orgulho de Ser Favela&#8217; Enquanto Conta a Hist\u00f3ria dos Povos Bantu no Carnaval 2025 [ENTREVISTA]"},"content":{"rendered":"<figure id=\"attachment_77190\" aria-describedby=\"caption-attachment-77190\" style=\"width: 1080px\" class=\"wp-caption aligncenter\"><a href=\"https:\/\/rioonwatch.org.br\/wp-content\/uploads\/2025\/02\/A-Estacao-Primeira-de-Mangueira-em-2025-coroa-o-cria-de-favela-na-Sapucai-descendente-dos-Bantu-e-propoe-afrofuturos-bantu-favelados.-Foto-Redes-Sociais.jpg\"><img fetchpriority=\"high\" decoding=\"async\" class=\"wp-image-77190 size-full\" title=\"A Esta\u00e7\u00e3o Primeira de Mangueira em 2025 coroa o cria de favela na Sapuca\u00ed, descendente dos Bantu, interpretado, em sua fase jovem, por Flavio Lopes, mais conhecido como Flavinho, e prop\u00f5e afrofuturos bantu-favelados. Foto: Redes Sociais\" src=\"https:\/\/rioonwatch.org.br\/wp-content\/uploads\/2025\/02\/A-Estacao-Primeira-de-Mangueira-em-2025-coroa-o-cria-de-favela-na-Sapucai-descendente-dos-Bantu-e-propoe-afrofuturos-bantu-favelados.-Foto-Redes-Sociais.jpg\" alt=\"A Esta\u00e7\u00e3o Primeira de Mangueira em 2025 coroa o cria de favela na Sapuca\u00ed, descendente dos Bantu, interpretado, em sua fase jovem, por Flavio Lopes, mais conhecido como Flavinho, e prop\u00f5e afrofuturos bantu-favelados. Foto: Redes Sociais\" width=\"1080\" height=\"1350\" srcset=\"https:\/\/rioonwatch.org.br\/wp-content\/uploads\/2025\/02\/A-Estacao-Primeira-de-Mangueira-em-2025-coroa-o-cria-de-favela-na-Sapucai-descendente-dos-Bantu-e-propoe-afrofuturos-bantu-favelados.-Foto-Redes-Sociais.jpg 1080w, https:\/\/rioonwatch.org.br\/wp-content\/uploads\/2025\/02\/A-Estacao-Primeira-de-Mangueira-em-2025-coroa-o-cria-de-favela-na-Sapucai-descendente-dos-Bantu-e-propoe-afrofuturos-bantu-favelados.-Foto-Redes-Sociais-496x620.jpg 496w, https:\/\/rioonwatch.org.br\/wp-content\/uploads\/2025\/02\/A-Estacao-Primeira-de-Mangueira-em-2025-coroa-o-cria-de-favela-na-Sapucai-descendente-dos-Bantu-e-propoe-afrofuturos-bantu-favelados.-Foto-Redes-Sociais-768x960.jpg 768w\" sizes=\"(max-width: 1080px) 100vw, 1080px\" \/><\/a><figcaption id=\"caption-attachment-77190\" class=\"wp-caption-text\">A Esta\u00e7\u00e3o Primeira de Mangueira em 2025 coroa o cria de favela na Sapuca\u00ed, descendente dos Bantu, interpretado, em sua fase jovem, por Flavio Lopes, mais conhecido como Flavinho, e prop\u00f5e afrofuturos bantu-favelados. Foto: Redes Sociais<\/figcaption><\/figure>\n<p style=\"text-align: right;\"><em><strong><a href=\"https:\/\/bit.ly\/4ioGRDI\" target=\"_blank\" rel=\"noopener noreferrer\">Click Here for English<\/a><a href=\"https:\/\/bit.ly\/4ioGRDI\" rel=\"noopener noreferrer\"><img decoding=\"async\" class=\"alignright wp-image-15790\" src=\"http:\/\/rioonwatch.org.br\/wp-content\/uploads\/2012\/08\/EN-standard-e1439583104716.jpg\" alt=\"\" width=\"20\" height=\"20\" \/><\/a><\/strong><\/em><\/p>\n<p><span style=\"font-weight: 400;\">O <a href=\"https:\/\/bit.ly\/3tXVBRf\" target=\"_blank\" rel=\"noopener\">Carnaval 2025<\/a> est\u00e1 chegando e mostrando um povo cada vez mais orgulhoso de si e de sua Hist\u00f3ria. <a href=\"https:\/\/bit.ly\/3QpcYan\" target=\"_blank\" rel=\"noopener\">Das 12 escolas do grupo especial<\/a>, apenas duas n\u00e3o levam para a Sapuca\u00ed enredos afro-ind\u00edgenas: <a href=\"https:\/\/bit.ly\/4hO2b5m\" target=\"_blank\" rel=\"noopener\">Mocidade<\/a> e <a href=\"https:\/\/bit.ly\/434sK1V\" target=\"_blank\" rel=\"noopener\">Vila Isabel<\/a>. Todas as outras dez agremia\u00e7\u00f5es trazem a religiosidade dos <a href=\"https:\/\/bit.ly\/43ojKVB\" target=\"_blank\" rel=\"noopener\">povos africanos<\/a>, <a href=\"https:\/\/bit.ly\/3D3PT9Z\" target=\"_blank\" rel=\"noopener\">afro-brasileiros<\/a>, <a href=\"https:\/\/bit.ly\/4kcfr5F\" target=\"_blank\" rel=\"noopener\">ind\u00edgenas e da floresta<\/a>, <a href=\"https:\/\/bit.ly\/3XdqZvA\" target=\"_blank\" rel=\"noopener\">afro-ind\u00edgenas<\/a>, a <a href=\"https:\/\/bit.ly\/41b5WL6\" target=\"_blank\" rel=\"noopener\">Hist\u00f3ria negra brasileira<\/a>, da <a href=\"https:\/\/bit.ly\/41n4HtJ\" target=\"_blank\" rel=\"noopener\">transgeneridade afrobrasileira<\/a>, <a href=\"https:\/\/bit.ly\/41756PE\" target=\"_blank\" rel=\"noopener\"><em>itans<\/em><\/a>, <a href=\"https:\/\/bit.ly\/419C1CZ\" target=\"_blank\" rel=\"noopener\">hist\u00f3rias m\u00edticas<\/a> dos <a href=\"https:\/\/bit.ly\/4kasILK\" target=\"_blank\" rel=\"noopener\">orix\u00e1s yorub\u00e1s<\/a>, e <a href=\"https:\/\/bit.ly\/416XuMY\" target=\"_blank\" rel=\"noopener\">grandes personagens do carnaval<\/a>, que <a href=\"https:\/\/bit.ly\/435kv5B\" target=\"_blank\" rel=\"noopener\">ainda se fazem muito presentes<\/a>\u00a0nos terreiros e barrac\u00f5es das escolas de samba.<\/span><\/p>\n<p><span style=\"font-weight: 400;\">No entanto, s\u00f3 uma agremia\u00e7\u00e3o <a href=\"https:\/\/bit.ly\/434jNWn\" target=\"_blank\" rel=\"noopener\">coloca a favela e o cria no centro<\/a> da maior festa do mundo. S\u00f3 uma escola coroa um cria de <a href=\"https:\/\/bit.ly\/3EQyXnX\" target=\"_blank\" rel=\"noopener\"><em>Kenner<\/em> no p\u00e9<\/a>, sem camisa, com cord\u00e3ozinho de ouro, dan\u00e7ando passinho com <a href=\"https:\/\/bit.ly\/416u2XC\" target=\"_blank\" rel=\"noopener\">seu riscado<\/a> no <a href=\"https:\/\/bit.ly\/41odlrJ\" target=\"_blank\" rel=\"noopener\">cabelo nevado<\/a> em verde-e-rosa: a <a href=\"https:\/\/bit.ly\/3yHWvFg\" target=\"_blank\" rel=\"noopener\">Esta\u00e7\u00e3o Primeira de Mangueira<\/a>.<\/span><\/p>\n<figure id=\"attachment_77230\" aria-describedby=\"caption-attachment-77230\" style=\"width: 1080px\" class=\"wp-caption aligncenter\"><a href=\"https:\/\/rioonwatch.org.br\/wp-content\/uploads\/2025\/02\/O-cria-coroado-em-sua-fase-jovem-adulto-no-ensaio-tecnico-da-Mangueira-em-fevereiro-de-2025-com-os-Arcos-da-Apoteose-de-fundo.-Foto-Mangueira-1.jpg\"><img decoding=\"async\" class=\"wp-image-77230 size-full\" title=\"O cria coroado, em sua fase jovem adulto, no ensaio t\u00e9cnico da Mangueira em fevereiro de 2025, com os Arcos da Apoteose de fundo. Foto: Mangueira\" src=\"https:\/\/rioonwatch.org.br\/wp-content\/uploads\/2025\/02\/O-cria-coroado-em-sua-fase-jovem-adulto-no-ensaio-tecnico-da-Mangueira-em-fevereiro-de-2025-com-os-Arcos-da-Apoteose-de-fundo.-Foto-Mangueira-1.jpg\" alt=\"O cria coroado, em sua fase jovem adulto, no ensaio t\u00e9cnico da Mangueira em fevereiro de 2025, com os Arcos da Apoteose de fundo. Foto: Mangueira\" width=\"1080\" height=\"1350\" srcset=\"https:\/\/rioonwatch.org.br\/wp-content\/uploads\/2025\/02\/O-cria-coroado-em-sua-fase-jovem-adulto-no-ensaio-tecnico-da-Mangueira-em-fevereiro-de-2025-com-os-Arcos-da-Apoteose-de-fundo.-Foto-Mangueira-1.jpg 1080w, https:\/\/rioonwatch.org.br\/wp-content\/uploads\/2025\/02\/O-cria-coroado-em-sua-fase-jovem-adulto-no-ensaio-tecnico-da-Mangueira-em-fevereiro-de-2025-com-os-Arcos-da-Apoteose-de-fundo.-Foto-Mangueira-1-496x620.jpg 496w, https:\/\/rioonwatch.org.br\/wp-content\/uploads\/2025\/02\/O-cria-coroado-em-sua-fase-jovem-adulto-no-ensaio-tecnico-da-Mangueira-em-fevereiro-de-2025-com-os-Arcos-da-Apoteose-de-fundo.-Foto-Mangueira-1-768x960.jpg 768w\" sizes=\"(max-width: 1080px) 100vw, 1080px\" \/><\/a><figcaption id=\"caption-attachment-77230\" class=\"wp-caption-text\">O cria coroado, em sua fase jovem adulto, no ensaio t\u00e9cnico da Mangueira em fevereiro de 2025, com os Arcos da Apoteose de fundo. Foto: Mangueira<\/figcaption><\/figure>\n<p><span style=\"font-weight: 400;\">Um enredo que, ao falar dos povos bantu e de como mudaram o Brasil a partir de seus saberes e cren\u00e7as, traz repara\u00e7\u00f5es hist\u00f3ricas e, como diz o samba mangueirense, guia o <a href=\"https:\/\/bit.ly\/3DcoB17\" target=\"_blank\" rel=\"noopener\"><em>kamutu\u00ea<\/em><\/a>\u2014a cabe\u00e7a, morada do sagrado para os Bantu, onde mora o <a href=\"https:\/\/bit.ly\/3QCH0HI\">minkise pessoal<\/a>\u2014de todos os negros de <a href=\"https:\/\/bit.ly\/2J8Xt4f\" target=\"_blank\" rel=\"noopener\">Mangueira<\/a> e da <a href=\"https:\/\/bit.ly\/3LdIJAk\" target=\"_blank\" rel=\"noopener\">di\u00e1spora<\/a> em dire\u00e7\u00e3o ao autoconhecimento.<\/span><\/p>\n<blockquote class=\"instagram-media\" style=\"background: #FFF; border: 0; border-radius: 3px; box-shadow: 0 0 1px 0 rgba(0,0,0,0.5),0 1px 10px 0 rgba(0,0,0,0.15); margin: 1px; max-width: 540px; min-width: 326px; padding: 0; width: calc(100% - 2px);\" data-instgrm-captioned=\"\" data-instgrm-permalink=\"https:\/\/www.instagram.com\/reel\/DFjeWFyxYyj\/?utm_source=ig_embed&amp;utm_campaign=loading\" data-instgrm-version=\"14\">\n<div style=\"padding: 16px;\">\n<p>&nbsp;<\/p>\n<div style=\"display: flex; flex-direction: row; align-items: center;\">\n<div style=\"background-color: #f4f4f4; border-radius: 50%; flex-grow: 0; height: 40px; margin-right: 14px; width: 40px;\"><\/div>\n<div style=\"display: flex; flex-direction: column; flex-grow: 1; justify-content: center;\">\n<div style=\"background-color: #f4f4f4; border-radius: 4px; flex-grow: 0; height: 14px; margin-bottom: 6px; width: 100px;\"><\/div>\n<div style=\"background-color: #f4f4f4; border-radius: 4px; flex-grow: 0; height: 14px; width: 60px;\"><\/div>\n<\/div>\n<\/div>\n<div style=\"padding: 19% 0;\"><\/div>\n<div style=\"display: block; height: 50px; margin: 0 auto 12px; width: 50px;\"><\/div>\n<div style=\"padding-top: 8px;\">\n<div style=\"color: #3897f0; font-family: Arial,sans-serif; font-size: 14px; font-style: normal; font-weight: 550; line-height: 18px;\">Ver esta publica\u00e7\u00e3o no Instagram<\/div>\n<\/div>\n<div style=\"padding: 12.5% 0;\"><\/div>\n<div style=\"display: flex; flex-direction: row; margin-bottom: 14px; align-items: center;\">\n<div>\n<div style=\"background-color: #f4f4f4; border-radius: 50%; height: 12.5px; width: 12.5px; transform: translateX(0px) translateY(7px);\"><\/div>\n<div style=\"background-color: #f4f4f4; height: 12.5px; transform: rotate(-45deg) translateX(3px) translateY(1px); width: 12.5px; flex-grow: 0; margin-right: 14px; margin-left: 2px;\"><\/div>\n<div style=\"background-color: #f4f4f4; border-radius: 50%; height: 12.5px; width: 12.5px; transform: translateX(9px) translateY(-18px);\"><\/div>\n<\/div>\n<div style=\"margin-left: 8px;\">\n<div style=\"background-color: #f4f4f4; border-radius: 50%; flex-grow: 0; height: 20px; width: 20px;\"><\/div>\n<div style=\"width: 0; height: 0; border-top: 2px solid transparent; border-left: 6px solid #f4f4f4; border-bottom: 2px solid transparent; transform: translateX(16px) translateY(-4px) rotate(30deg);\"><\/div>\n<\/div>\n<div style=\"margin-left: auto;\">\n<div style=\"width: 0px; border-top: 8px solid #F4F4F4; border-right: 8px solid transparent; transform: translateY(16px);\"><\/div>\n<div style=\"background-color: #f4f4f4; flex-grow: 0; height: 12px; width: 16px; transform: translateY(-4px);\"><\/div>\n<div style=\"width: 0; height: 0; border-top: 8px solid #F4F4F4; border-left: 8px solid transparent; transform: translateY(-4px) translateX(8px);\"><\/div>\n<\/div>\n<\/div>\n<div style=\"display: flex; flex-direction: column; flex-grow: 1; justify-content: center; margin-bottom: 24px;\">\n<div style=\"background-color: #f4f4f4; border-radius: 4px; flex-grow: 0; height: 14px; margin-bottom: 6px; width: 224px;\"><\/div>\n<div style=\"background-color: #f4f4f4; border-radius: 4px; flex-grow: 0; height: 14px; width: 144px;\"><\/div>\n<\/div>\n<p>&nbsp;<\/p>\n<p style=\"color: #c9c8cd; font-family: Arial,sans-serif; font-size: 14px; line-height: 17px; margin-bottom: 0; margin-top: 8px; overflow: hidden; padding: 8px 0 7px; text-align: center; text-overflow: ellipsis; white-space: nowrap;\"><a style=\"color: #c9c8cd; font-family: Arial,sans-serif; font-size: 14px; font-style: normal; font-weight: normal; line-height: 17px; text-decoration: none;\" href=\"https:\/\/www.instagram.com\/reel\/DFjeWFyxYyj\/?utm_source=ig_embed&amp;utm_campaign=loading\" target=\"_blank\" rel=\"noopener\">Uma publica\u00e7\u00e3o partilhada por Mangueira (@mangueira_oficial)<\/a><\/p>\n<\/div>\n<\/blockquote>\n<p><script async src=\"\/\/www.instagram.com\/embed.js\"><\/script><\/p>\n<p><span style=\"font-weight: 400;\">Uma das matriarcas do samba, fundada em uma das favelas <a href=\"https:\/\/bit.ly\/41kUJZL\" target=\"_blank\" rel=\"noopener\">mais antigas da cidade<\/a>, ir\u00e1 apresentar a Hist\u00f3ria dos <a href=\"https:\/\/bit.ly\/4eMuS0f\" target=\"_blank\" rel=\"noopener\">povos Bantu<\/a> em <a href=\"https:\/\/bit.ly\/416UIHB\" target=\"_blank\" rel=\"noopener\">Congo<\/a>, <a href=\"https:\/\/bit.ly\/3EOu0fk\" target=\"_blank\" rel=\"noopener\">Angola<\/a>\u00a0e <a href=\"https:\/\/bit.ly\/35Emi24\" target=\"_blank\" rel=\"noopener\">Mo\u00e7ambique<\/a>, suas religi\u00f5es, seu sequestro e chegada no <a href=\"https:\/\/bit.ly\/3DM3ePP\" target=\"_blank\" rel=\"noopener\">Cais do Valongo<\/a>, suas <a href=\"https:\/\/bit.ly\/4hNuf96\" target=\"_blank\" rel=\"noopener\">m\u00faltiplas formas de resist\u00eancia<\/a>, sua contribui\u00e7\u00e3o para as <a href=\"https:\/\/bit.ly\/4gUAHd4\" target=\"_blank\" rel=\"noopener\">macumbas cariocas<\/a>, com a introdu\u00e7\u00e3o do <a href=\"https:\/\/bit.ly\/4gKz5CI\" target=\"_blank\" rel=\"noopener\">culto \u00e0s inquices<\/a> e da <a href=\"https:\/\/bit.ly\/3QutiXo\" target=\"_blank\" rel=\"noopener\">tradi\u00e7\u00e3o congo-angola<\/a> do <a href=\"https:\/\/bit.ly\/366wpNu\" target=\"_blank\" rel=\"noopener\">candombl\u00e9<\/a>, e como a chegada dessa popula\u00e7\u00e3o atravessa a todos em Mangueira at\u00e9 hoje. Portanto, em 2025, a Mangueira desfila a <a href=\"https:\/\/rioonwatch.org.br\/?p=35084\">epistemologia de cria<\/a> enquanto faz repara\u00e7\u00f5es hist\u00f3ricas, al\u00e9m de se propor a pensar afrofuturos Bantu-favelados.<\/span><\/p>\n<p><span style=\"font-weight: 400;\">Para entender melhor como a Mangueira pretende &#8220;tomar a cidade de assalto&#8221;, como diz outra parte do samba em 2025, <em>RioOnWatch<\/em> entrevistou Hudson de Oliveira Brito, mais conhecido como <a href=\"https:\/\/bit.ly\/4hLEWsC\" target=\"_blank\" rel=\"noopener\">Taranta Neto<\/a>, um dos mestres da bateria &#8220;Tem que Respeitar meu Tamborim&#8221;, <a href=\"https:\/\/bit.ly\/4gOYWt5\" target=\"_blank\" rel=\"noopener\">atual Estandarte de Ouro<\/a> e neto de <a href=\"https:\/\/bit.ly\/4b6nWel\" target=\"_blank\" rel=\"noopener\">Taranta<\/a>, hist\u00f3rico mestre de bateria da escola, e o carnavalesco <a href=\"https:\/\/bit.ly\/4hLLZSn\" target=\"_blank\" rel=\"noopener\">Sidnei Fran\u00e7a<\/a>, estreante no carnaval do Rio, mas j\u00e1 experiente no carnaval paulista. <\/span><span style=\"font-weight: 400;\">Nos reunimos para conversar antes do <a href=\"https:\/\/bit.ly\/4368H38\" target=\"_blank\" rel=\"noopener\">ensaio de rua<\/a>, que acontece toda quinta e domingo at\u00e9 a semana anterior ao carnaval na Rua Visconde de Niter\u00f3i, aos p\u00e9s do Morro da Mangueira. Neste dia, ao fim do ensaio, ainda aconteceria um baile funk no morro verde e rosa.<\/span><\/p>\n<p><iframe title=\"YouTube video player\" src=\"https:\/\/www.youtube.com\/embed\/dl4QN638zrA?si=Vj3tEbl-Ziyo4b4d\" width=\"1030\" height=\"563\" frameborder=\"0\" allowfullscreen=\"allowfullscreen\" data-mce-fragment=\"1\"><span data-mce-type=\"bookmark\" style=\"display: inline-block; width: 0px; overflow: hidden; line-height: 0;\" class=\"mce_SELRES_start\">\ufeff<\/span><\/iframe><\/p>\n<p>Apesar do dia agitado, Taranta Neto e Sidnei Fran\u00e7a conversaram longamente com o <em>RioOnWatch<\/em> na sala da diretoria da bateria, abordando seus pontos de vista sobre o carnaval 2025. Conversamos um pouco sobre o enredo \u201c<a href=\"https:\/\/bit.ly\/41cnEy2\" target=\"_blank\" rel=\"noopener\">\u00c0 Flor da Terra<\/a>: o Rio da negritude entre dores e paix\u00f5es&#8221; e a expectativa para o desfile.<\/p>\n<h3><b><i>RioOnWatch<\/i><\/b><b>: De in\u00edcio vou pedir, por favor, que se apresentem.<\/b><span style=\"font-weight: 400;\">\u00a0<\/span><\/h3>\n<figure id=\"attachment_77185\" aria-describedby=\"caption-attachment-77185\" style=\"width: 500px\" class=\"wp-caption alignright\"><a href=\"https:\/\/rioonwatch.org.br\/wp-content\/uploads\/2025\/02\/Taranta-Neto-um-dos-mestres-da-bateria-da-Mangueira-atual-Estandarte-de-Ouro-do-carnaval-carioca-e-o-carnavalesco-Sidnei-Franca-que-estreia-em-2025-no-carnaval-carioca.-Foto-Rhuan-Goncalves-scaled.jpg\"><img loading=\"lazy\" decoding=\"async\" class=\"wp-image-77185\" title=\"Taranta Neto, um dos mestres da bateria da Mangueira, atual Estandarte de Ouro do carnaval carioca, e o carnavalesco Sidnei Fran\u00e7a, que estreia em 2025 no carnaval carioca. Foto: Rhuan Gon\u00e7alves\" src=\"https:\/\/rioonwatch.org.br\/wp-content\/uploads\/2025\/02\/Taranta-Neto-um-dos-mestres-da-bateria-da-Mangueira-atual-Estandarte-de-Ouro-do-carnaval-carioca-e-o-carnavalesco-Sidnei-Franca-que-estreia-em-2025-no-carnaval-carioca.-Foto-Rhuan-Goncalves-620x413.jpg\" alt=\"Taranta Neto, um dos mestres da bateria da Mangueira, atual Estandarte de Ouro do carnaval carioca, e o carnavalesco Sidnei Fran\u00e7a, que estreia em 2025 no carnaval carioca. Foto: Rhuan Gon\u00e7alves\" width=\"500\" height=\"333\" srcset=\"https:\/\/rioonwatch.org.br\/wp-content\/uploads\/2025\/02\/Taranta-Neto-um-dos-mestres-da-bateria-da-Mangueira-atual-Estandarte-de-Ouro-do-carnaval-carioca-e-o-carnavalesco-Sidnei-Franca-que-estreia-em-2025-no-carnaval-carioca.-Foto-Rhuan-Goncalves-620x413.jpg 620w, https:\/\/rioonwatch.org.br\/wp-content\/uploads\/2025\/02\/Taranta-Neto-um-dos-mestres-da-bateria-da-Mangueira-atual-Estandarte-de-Ouro-do-carnaval-carioca-e-o-carnavalesco-Sidnei-Franca-que-estreia-em-2025-no-carnaval-carioca.-Foto-Rhuan-Goncalves-768x512.jpg 768w, https:\/\/rioonwatch.org.br\/wp-content\/uploads\/2025\/02\/Taranta-Neto-um-dos-mestres-da-bateria-da-Mangueira-atual-Estandarte-de-Ouro-do-carnaval-carioca-e-o-carnavalesco-Sidnei-Franca-que-estreia-em-2025-no-carnaval-carioca.-Foto-Rhuan-Goncalves-1536x1024.jpg 1536w, https:\/\/rioonwatch.org.br\/wp-content\/uploads\/2025\/02\/Taranta-Neto-um-dos-mestres-da-bateria-da-Mangueira-atual-Estandarte-de-Ouro-do-carnaval-carioca-e-o-carnavalesco-Sidnei-Franca-que-estreia-em-2025-no-carnaval-carioca.-Foto-Rhuan-Goncalves-2048x1365.jpg 2048w\" sizes=\"(max-width: 500px) 100vw, 500px\" \/><\/a><figcaption id=\"caption-attachment-77185\" class=\"wp-caption-text\">Taranta Neto, um dos mestres da bateria da Mangueira, atual Estandarte de Ouro do carnaval carioca, e o carnavalesco Sidnei Fran\u00e7a, que estreia em 2025 no carnaval carioca. Foto: Rhuan Gon\u00e7alves<\/figcaption><\/figure>\n<p><span style=\"font-weight: 400;\"><b>Taranta Neto:<\/b>\u00a0<\/span>Meu nome \u00e9 Hudson, mais conhecido como Taranta Neto, cria aqui da Mangueira desde sempre, n\u00e9? Desde a barriga da m\u00e3e. A gente que nasce aqui no morro n\u00e3o tem como escolher, n\u00f3s j\u00e1 nascemos aqui dentro da quadra. J\u00e1 tem que ficar aqui dentro, n\u00e3o tem como, n\u00e3o tem sa\u00edda. Tamb\u00e9m sou neto de mestre de bateria: Taranta, que foi mestre da bateria da Mangueira. Eu estou mestre desde 2023, fazendo dupla com <a href=\"https:\/\/bit.ly\/41fmIsB\" target=\"_blank\" rel=\"noopener\">Rodrigo Explos\u00e3o<\/a>.<\/p>\n<p>E \u00e9 isso, estamos a\u00ed nessa luta de tentar levar a Mangueira ao t\u00edtulo que \u00e9 o mais importante para a gente independente de qualquer coisa. Acho que pra gente aqui de dentro e at\u00e9 pra quem \u00e9 mangueirense de fora tamb\u00e9m o mais importante \u00e9 levar a Mangueira ao t\u00edtulo e deixar a comunidade feliz.<\/p>\n<p><strong>Sidnei Fran\u00e7a: <\/strong>Bom, eu sou Sidnei Fran\u00e7a, carnavalesco da Mangueira. \u00c9 meu primeiro ano a convite da Presidenta <a href=\"https:\/\/bit.ly\/41qW2X5\" target=\"_blank\" rel=\"noopener\">Guanayra Firmino<\/a>. \u00c9 minha estreia no Carnaval do Rio, n\u00e3o s\u00f3 na Mangueira, mas no carnaval carioca. A minha hist\u00f3ria \u00e9 toda no carnaval de S\u00e3o Paulo e, como algu\u00e9m nascido na capital paulistana, toda a minha tradi\u00e7\u00e3o de samba vem de l\u00e1. Minha m\u00e3e era passista de uma escola de samba chamada <a href=\"https:\/\/bit.ly\/4gXw6qy\" target=\"_blank\" rel=\"noopener\">Mocidade Alegre<\/a>, que ficou gr\u00e1vida com 16 anos, muito nova, n\u00e9? Ela me levou para a escola de samba desde cedo e eu t\u00f4 l\u00e1 praticamente desde que nasci, desde quando eu n\u00e3o tinha nem idade pra desfilar, depois fui para a ala das crian\u00e7as.<\/p>\n<p>Em S\u00e3o Paulo, eu tenho uma tradi\u00e7\u00e3o de departamento jovem, como l\u00e1 n\u00e3o tem escola mirim, o que tem dentro das escolas \u00e9 departamento jovem onde voc\u00ea atua entendendo todos os segmentos para saber o que te agrada. E a\u00ed, desse departamento jovem, te direcionam para a ala das crian\u00e7as, para Mestre Sala e Porta Bandeira Mirim ou para bateria. Enfim, \u00e9 meio que um vestibular, vamos dizer assim.<\/p>\n<p>Do departamento jovem, fui para o departamento cultural da escola. Sempre gostei de Hist\u00f3ria, pesquisa e como departamento cultural eu comecei a assessorar antigos carnavalescos. Um dia, um carnavalesco saiu da escola e a presidente falou \u201cao inv\u00e9s de contratar algu\u00e9m, voc\u00ea podia ser o carnavalesco\u201d. Eu falei \u201cN\u00e3o, mas eu n\u00e3o sou um carnavalesco. Eu sou cria da escola [da Mocidade Alegre]\u201d e ela respondeu: \u201cmas o cria pode virar o carnavalesco\u201d. Aceitei o desafio e estou aqui at\u00e9 hoje, indo para o meu d\u00e9cimo sexto ano como carnavalesco.<\/p>\n<p>E, como eu disse, \u00e9 o meu primeiro ano na Mangueira, a convite da Presidenta Guanayra Firmino. Um ano atr\u00e1s, no desfile das campe\u00e3s do Rio, foi quando ela me chamou e falou: \u201cVem pro Rio. Estou te convidando pra ser carnavalesco da minha escola\u201d. De l\u00e1 pra c\u00e1 \u00e9 hist\u00f3ria.<\/p>\n<figure id=\"attachment_77186\" aria-describedby=\"caption-attachment-77186\" style=\"width: 2560px\" class=\"wp-caption aligncenter\"><a href=\"https:\/\/rioonwatch.org.br\/wp-content\/uploads\/2025\/02\/Quadra-da-Estacao-Primeira-de-Mangueira-um-dos-terreiros-mais-importantes-da-historia-do-samba-carioca.-Foto-Rhuan-Goncalves-scaled.jpg\"><img loading=\"lazy\" decoding=\"async\" class=\"wp-image-77186 size-full\" title=\"Quadra da Esta\u00e7\u00e3o Primeira de Mangueira, um dos terreiros mais importantes da hist\u00f3ria do samba carioca. Foto: Rhuan Gon\u00e7alves\" src=\"https:\/\/rioonwatch.org.br\/wp-content\/uploads\/2025\/02\/Quadra-da-Estacao-Primeira-de-Mangueira-um-dos-terreiros-mais-importantes-da-historia-do-samba-carioca.-Foto-Rhuan-Goncalves-scaled.jpg\" alt=\"Quadra da Esta\u00e7\u00e3o Primeira de Mangueira, um dos terreiros mais importantes da hist\u00f3ria do samba carioca. Foto: Rhuan Gon\u00e7alves\" width=\"2560\" height=\"1707\" srcset=\"https:\/\/rioonwatch.org.br\/wp-content\/uploads\/2025\/02\/Quadra-da-Estacao-Primeira-de-Mangueira-um-dos-terreiros-mais-importantes-da-historia-do-samba-carioca.-Foto-Rhuan-Goncalves-scaled.jpg 2560w, https:\/\/rioonwatch.org.br\/wp-content\/uploads\/2025\/02\/Quadra-da-Estacao-Primeira-de-Mangueira-um-dos-terreiros-mais-importantes-da-historia-do-samba-carioca.-Foto-Rhuan-Goncalves-620x413.jpg 620w, https:\/\/rioonwatch.org.br\/wp-content\/uploads\/2025\/02\/Quadra-da-Estacao-Primeira-de-Mangueira-um-dos-terreiros-mais-importantes-da-historia-do-samba-carioca.-Foto-Rhuan-Goncalves-768x512.jpg 768w, https:\/\/rioonwatch.org.br\/wp-content\/uploads\/2025\/02\/Quadra-da-Estacao-Primeira-de-Mangueira-um-dos-terreiros-mais-importantes-da-historia-do-samba-carioca.-Foto-Rhuan-Goncalves-1536x1024.jpg 1536w, https:\/\/rioonwatch.org.br\/wp-content\/uploads\/2025\/02\/Quadra-da-Estacao-Primeira-de-Mangueira-um-dos-terreiros-mais-importantes-da-historia-do-samba-carioca.-Foto-Rhuan-Goncalves-2048x1365.jpg 2048w\" sizes=\"(max-width: 2560px) 100vw, 2560px\" \/><\/a><figcaption id=\"caption-attachment-77186\" class=\"wp-caption-text\">Quadra da Esta\u00e7\u00e3o Primeira de Mangueira, um dos terreiros mais importantes da hist\u00f3ria do samba carioca. Foto: Rhuan Gon\u00e7alves<\/figcaption><\/figure>\n<figure id=\"attachment_77187\" aria-describedby=\"caption-attachment-77187\" style=\"width: 500px\" class=\"wp-caption alignright\"><a href=\"https:\/\/rioonwatch.org.br\/wp-content\/uploads\/2025\/02\/Taranta-Neto-e-Rodrigo-Explosao-mestres-de-bateria-da-Mangueira.-Foto-Redes-Sociais.jpg\"><img loading=\"lazy\" decoding=\"async\" class=\"wp-image-77187\" title=\"Taranta Neto e Rodrigo Explos\u00e3o, mestres de bateria da Mangueira. Foto: Redes Sociais\" src=\"https:\/\/rioonwatch.org.br\/wp-content\/uploads\/2025\/02\/Taranta-Neto-e-Rodrigo-Explosao-mestres-de-bateria-da-Mangueira.-Foto-Redes-Sociais-620x584.jpg\" alt=\"Taranta Neto e Rodrigo Explos\u00e3o, mestres de bateria da Mangueira. Foto: Redes Sociais\" width=\"500\" height=\"471\" srcset=\"https:\/\/rioonwatch.org.br\/wp-content\/uploads\/2025\/02\/Taranta-Neto-e-Rodrigo-Explosao-mestres-de-bateria-da-Mangueira.-Foto-Redes-Sociais-620x584.jpg 620w, https:\/\/rioonwatch.org.br\/wp-content\/uploads\/2025\/02\/Taranta-Neto-e-Rodrigo-Explosao-mestres-de-bateria-da-Mangueira.-Foto-Redes-Sociais-768x723.jpg 768w, https:\/\/rioonwatch.org.br\/wp-content\/uploads\/2025\/02\/Taranta-Neto-e-Rodrigo-Explosao-mestres-de-bateria-da-Mangueira.-Foto-Redes-Sociais.jpg 1080w\" sizes=\"(max-width: 500px) 100vw, 500px\" \/><\/a><figcaption id=\"caption-attachment-77187\" class=\"wp-caption-text\">Taranta Neto e Rodrigo Explos\u00e3o, mestres de bateria da Mangueira. Foto: Redes Sociais<\/figcaption><\/figure>\n<h3><b><i>RioOnWatch<\/i><\/b><b>: Mestre Taranta Neto gostaria que voc\u00ea contasse como foi a ideia de criar junto com o Rodrigo Explos\u00e3o o esquenta da bateria baseado em dois funks cariocas t\u00e3o simb\u00f3licos e como pra voc\u00ea esses funks dialogam com o enredo?<\/b><\/h3>\n<p><strong>Taranta Neto: <\/strong>Na verdade, n\u00e3o foi uma ideia exatamente criada por n\u00f3s. Estudando o enredo pro <a href=\"https:\/\/bit.ly\/4iga03U\" target=\"_blank\" rel=\"noopener\">mini desfile<\/a> a gente tinha que fazer algo diferente e a\u00ed nada mais justo do que retratar o que o enredo pede, no caso o funk <a href=\"https:\/\/bit.ly\/4bdvM5K\" target=\"_blank\" rel=\"noopener\">Rap da Felicidade<\/a>: \u201cEu s\u00f3 quero \u00e9 ser feliz, andar tranquilamente na favela que eu nasci\u201d. Acho que o enredo retrata demais isso, a Hist\u00f3ria do povo negro. Um povo que sofreu, mas que entre esse sofrimento e a dor, tinha as paix\u00f5es dele: que eram se reunir, brincar e zoar. \u00c9 o que a gente \u00e9 hoje!<\/p>\n<p>Sabe, eu realmente nunca tinha ouvido falar do povo banto e falar desse enredo foi um acerto do Sidnei. Quando ele prop\u00f4s esse enredo acho que ningu\u00e9m entendeu diretamente o que significava e depois de uma reuni\u00e3o l\u00e1 no terceiro andar que ele chegou e explicou pra gente, acho que todo mundo saiu de l\u00e1 maravilhado.<\/p>\n<p>Ent\u00e3o, nada mais justo do que a gente retratar o que a gente \u00e9, o nosso dia a dia. \u00c9 a nossa hist\u00f3ria mesmo, nossa cultura. \u00c9 isso.<\/p>\n<p>Mas basicamente, a ideia do funk n\u00e3o foi uma ideia criada n\u00e3o. \u00c9 que a gente tinha que fazer algo pro mini desfile. Colocamos esses funks na bateria e o resto j\u00e1 estava pronto. Como a gente costuma dizer: &#8220;Sempre foi isso, a gente s\u00f3 tinha que achar.<\/p>\n<p><iframe style=\"border: none; overflow: hidden;\" src=\"https:\/\/www.facebook.com\/plugins\/video.php?height=314&amp;href=https%3A%2F%2Fwww.facebook.com%2Fcn1brasil%2Fvideos%2F1352357959243422%2F&amp;show_text=false&amp;width=560&amp;t=20\" width=\"1030\" height=\"563\" frameborder=\"0\" scrolling=\"no\" allowfullscreen=\"allowfullscreen\"><span data-mce-type=\"bookmark\" style=\"display: inline-block; width: 0px; overflow: hidden; line-height: 0;\" class=\"mce_SELRES_start\">\ufeff<\/span><\/iframe><\/p>\n<figure id=\"attachment_77188\" aria-describedby=\"caption-attachment-77188\" style=\"width: 500px\" class=\"wp-caption alignright\"><a href=\"https:\/\/rioonwatch.org.br\/wp-content\/uploads\/2025\/02\/Sidney-Franca-carnavalesco-estreiante-na-Mangueira-em-2025.-Foto-Redes-Sociais.jpg\"><img loading=\"lazy\" decoding=\"async\" class=\"wp-image-77188\" title=\"Sidney Fran\u00e7a, carnavalesco estreiante na Mangueira em 2025. Foto: Redes Sociais\" src=\"https:\/\/rioonwatch.org.br\/wp-content\/uploads\/2025\/02\/Sidney-Franca-carnavalesco-estreiante-na-Mangueira-em-2025.-Foto-Redes-Sociais-496x620.jpg\" alt=\"Sidney Fran\u00e7a, carnavalesco estreiante na Mangueira em 2025. Foto: Redes Sociais\" width=\"500\" height=\"625\" srcset=\"https:\/\/rioonwatch.org.br\/wp-content\/uploads\/2025\/02\/Sidney-Franca-carnavalesco-estreiante-na-Mangueira-em-2025.-Foto-Redes-Sociais-496x620.jpg 496w, https:\/\/rioonwatch.org.br\/wp-content\/uploads\/2025\/02\/Sidney-Franca-carnavalesco-estreiante-na-Mangueira-em-2025.-Foto-Redes-Sociais-768x960.jpg 768w, https:\/\/rioonwatch.org.br\/wp-content\/uploads\/2025\/02\/Sidney-Franca-carnavalesco-estreiante-na-Mangueira-em-2025.-Foto-Redes-Sociais.jpg 1080w\" sizes=\"(max-width: 500px) 100vw, 500px\" \/><\/a><figcaption id=\"caption-attachment-77188\" class=\"wp-caption-text\">Sidney Fran\u00e7a, carnavalesco estreiante na Mangueira em 2025. Foto: Redes Sociais<\/figcaption><\/figure>\n<h3><b><i>RioOnWatch: <\/i><\/b>E por estarmos falando sobre o enredo, Sidnei, voc\u00ea pode nos contar como voc\u00ea chegou \u00e0 decis\u00e3o de trabalhar com essa tem\u00e1tica?<\/h3>\n<p><strong>Sidnei Fran\u00e7a: <\/strong>A Presidenta Guanayra me contratou para ser carnavalesco da Mangueira e ela deixou muito claro desde o momento zero que a escola n\u00e3o tinha um enredo, n\u00e3o tinha uma hist\u00f3ria para contar e que ela esperava isso de mim. Ela falou \u201cOlha, fica a teu crit\u00e9rio. L\u00f3gico, a gente precisa aceitar, o enredo precisa ter a ver com a escola, mas voc\u00ea fica com a liberdade de propor alguma coisa\u201d.<\/p>\n<p>E a\u00ed eu fiquei feliz at\u00e9 porque bacana o carnavalesco ser autor daquilo que vai ser contado e eu passei a ler muita coisa. Eu j\u00e1 queria alguma coisa que tivesse muito a cara da Mangueira e do Rio de Janeiro para ter identidade, para ter assimila\u00e7\u00e3o pela comunidade da Mangueira e a\u00ed chegou a mim um livro chamado \u201c\u00c0 Flor da Terra\u201d, que falava sobre a chegada dos <a href=\"https:\/\/bit.ly\/4bjOhWu\" target=\"_blank\" rel=\"noopener\">Pretos Novos<\/a>.<\/p>\n<p>Quem s\u00e3o os pretos novos? Pretos novos eram os escravizados que entravam pelo Cais do Valongo at\u00e9 30 dias depois de sua chegada. Quer dizer que a pessoa fazia pouco tempo que estava no Rio. Ent\u00e3o, depois de 30 dias j\u00e1 n\u00e3o era mais preto novo, ou seja, j\u00e1 era da casa vamos dizer assim.<\/p>\n<p>Olha que incr\u00edvel, hoje a gente est\u00e1 aqui no desfile falando do cria do Morro da Mangueira. E n\u00e3o era s\u00f3 enquanto preto novo e a preta nova que os brancos colonizadores dividiam os negros. Dividiam por idade tamb\u00e9m. <span style=\"font-weight: 400;\">Crian\u00e7a era moleque novo, moleca nova e, dependendo da idade, era chamado de cria.<\/span><\/p>\n<p><span style=\"font-weight: 400;\">Esse livro me chamou muita aten\u00e7\u00e3o porque falava que 80% dos pretos que chegaram no Rio de Janeiro eram Bantu. Cara, se 80% \u00e9 Bantu, onde vai parar tudo o que eles trouxeram da \u00c1frica para c\u00e1, que ningu\u00e9m fala?<\/span><\/p>\n<p><span style=\"font-weight: 400;\">Acho que o maior m\u00e9rito desse enredo da Mangueira \u00e9 justamente trazer essa autoria, trazer respeito para um agrupamento de negros que nunca foi falado. Ent\u00e3o, por exemplo, todo mundo fala de Orix\u00e1, mas n\u00e3o fala de Nkice (ou inquice). Falam dos Nag\u00f4s, dos Iorub\u00e1s, mas n\u00e3o falam dos Bantu. <\/span><\/p>\n<p><span style=\"font-weight: 400;\">Samba, por exemplo, \u00e9 uma palavra Bantu. Quilombo \u00e9 bantu, quitanda \u00e9 bantu. Quitute, dengo, xod\u00f3, chamego, ent\u00e3o, assim, a gente est\u00e1 o dia inteiro falando e entendendo a vida em Bantu, mas quase ningu\u00e9m sabe o que significa e quem s\u00e3o e foram os Bantu. Ent\u00e3o, isso tamb\u00e9m \u00e9 uma covardia com esse povo, com a mem\u00f3ria desse povo. <\/span><\/p>\n<p><iframe title=\"YouTube video player\" src=\"https:\/\/www.youtube.com\/embed\/oLX6boWaWo0?si=ak7uyJGbUXUE9nbC\" width=\"1030\" height=\"563\" frameborder=\"0\" allowfullscreen=\"allowfullscreen\"><span data-mce-type=\"bookmark\" style=\"display: inline-block; width: 0px; overflow: hidden; line-height: 0;\" class=\"mce_SELRES_start\">\ufeff<\/span><\/iframe><\/p>\n<p><span style=\"font-weight: 400;\">A ideia de \u201c\u00c0 Flor da Terra\u201d \u00e9 mostrar que a Mangueira tem autoridade como poucas outras escolas t\u00eam de falar sobre Rio, negritude, cria, morro, favela, comunidade, respeito e ancestralidade. N\u00e3o tinha outra escola para trazer esse novelo, para apresentar essa hist\u00f3ria para a sociedade. Ent\u00e3o, \u00e9 isso que a gente vem buscando fazer. Esse enredo veio da necessidade de falar do Rio, inclusive do Rio de hoje. O cria \u00e9 o Rio de hoje, mas entendendo que do passado vem o nosso presente.\u00a0<\/span><\/p>\n<figure id=\"attachment_77189\" aria-describedby=\"caption-attachment-77189\" style=\"width: 1080px\" class=\"wp-caption aligncenter\"><a href=\"https:\/\/rioonwatch.org.br\/wp-content\/uploads\/2025\/02\/Componentes-da-Mangueira-durante-ensaio-de-rua-na-Visconde-de-Niteroi-celebram-a-resistencia-dos-povos-Bantu.-Foto-Redes-Sociais.jpg\"><img loading=\"lazy\" decoding=\"async\" class=\"wp-image-77189 size-full\" title=\"Componentes da Mangueira durante ensaio de rua na Visconde de Niter\u00f3i celebram a resist\u00eancia dos povos Bantu. Foto: Redes Sociais\" src=\"https:\/\/rioonwatch.org.br\/wp-content\/uploads\/2025\/02\/Componentes-da-Mangueira-durante-ensaio-de-rua-na-Visconde-de-Niteroi-celebram-a-resistencia-dos-povos-Bantu.-Foto-Redes-Sociais.jpg\" alt=\"Componentes da Mangueira durante ensaio de rua na Visconde de Niter\u00f3i celebram a resist\u00eancia dos povos Bantu. Foto: Redes Sociais\" width=\"1080\" height=\"1350\" srcset=\"https:\/\/rioonwatch.org.br\/wp-content\/uploads\/2025\/02\/Componentes-da-Mangueira-durante-ensaio-de-rua-na-Visconde-de-Niteroi-celebram-a-resistencia-dos-povos-Bantu.-Foto-Redes-Sociais.jpg 1080w, https:\/\/rioonwatch.org.br\/wp-content\/uploads\/2025\/02\/Componentes-da-Mangueira-durante-ensaio-de-rua-na-Visconde-de-Niteroi-celebram-a-resistencia-dos-povos-Bantu.-Foto-Redes-Sociais-496x620.jpg 496w, https:\/\/rioonwatch.org.br\/wp-content\/uploads\/2025\/02\/Componentes-da-Mangueira-durante-ensaio-de-rua-na-Visconde-de-Niteroi-celebram-a-resistencia-dos-povos-Bantu.-Foto-Redes-Sociais-768x960.jpg 768w\" sizes=\"(max-width: 1080px) 100vw, 1080px\" \/><\/a><figcaption id=\"caption-attachment-77189\" class=\"wp-caption-text\">Componentes da Mangueira durante ensaio de rua na Visconde de Niter\u00f3i celebram a resist\u00eancia dos povos Bantu. Foto: Redes Sociais<\/figcaption><\/figure>\n<h3><b><i>RioOnWatch: <\/i><\/b>Aproveitando esse gancho, h\u00e1 um termo Bantu central para o enredo 2025, que est\u00e1 presente no samba, que s\u00e3o as chamadas \u201cCasas de Zungu\u201d. O que s\u00e3o elas? Qual a rela\u00e7\u00e3o entre as \u201cCasas de Zungu\u201d e o Morro da Mangueira?<\/h3>\n<p><span style=\"font-weight: 400;\"><strong>Sidnei Fran\u00e7a: <\/strong><\/span><span style=\"font-weight: 400;\">Sim. Ali\u00e1s, o Morro da Mangueira \u00e9 uma grande Casa de Zungu, que \u00e9 outro exemplo do apagamento Bantu. Os Bantu criaram no centro do Rio de Janeiro antigo, as Casas de Zungu, que eram uma esp\u00e9cie de quilombos urbanos. O quilombo cl\u00e1ssico que a gente conhece era no meio do mato, era longe, que era para onde os pretos fugiam para se livrar da escraviza\u00e7\u00e3o ou dos maus tratos dos senhores. Ent\u00e3o, eles iam para os quilombos afastados. Mas, dentro da cidade, tinham as Casas de Zungu, que apesar de chamar casa, n\u00e3o eram s\u00f3 uma casa, mas uma esp\u00e9cie de vila. Ent\u00e3o, voc\u00ea ia onde hoje \u00e9 a <a href=\"https:\/\/bit.ly\/3F3ZfTG\" target=\"_blank\" rel=\"noopener\">Sa\u00fade<\/a>, <a href=\"https:\/\/bit.ly\/37IXjJZ\" target=\"_blank\" rel=\"noopener\">Gamboa<\/a>, <a href=\"https:\/\/bit.ly\/3EX08gX\" target=\"_blank\" rel=\"noopener\">Santo Cristo<\/a>, <a href=\"https:\/\/bit.ly\/35frsCY\" target=\"_blank\" rel=\"noopener\">Pra\u00e7a Onze<\/a>, <a href=\"https:\/\/bit.ly\/3r3cffy\" target=\"_blank\" rel=\"noopener\">Cidade Nova<\/a>, <a href=\"https:\/\/bit.ly\/3dOf51P\" target=\"_blank\" rel=\"noopener\">Est\u00e1cio<\/a>, voc\u00ea encontrava vilas, becos, uma esp\u00e9cie de corti\u00e7o. E, nesses lugares, os pretos se aquilombavam, se uniam e a pol\u00edcia n\u00e3o entrava. Ent\u00e3o, as Casas de Zungu eram lugar de prote\u00e7\u00e3o. <\/span><\/p>\n<p><span style=\"font-weight: 400;\">Nas Casas de Zungu, jogava-se capoeira. Nas Casas de Zungu, voc\u00ea tinha inicia\u00e7\u00e3o no santo, voc\u00ea se iniciava no candombl\u00e9. Nas Casas de Zungu, voc\u00ea se alimentava. Por isso, chamavam-nas de \u201c<a href=\"https:\/\/bit.ly\/4bkqOV8\" target=\"_blank\" rel=\"noopener\">Zungu<\/a>\u201d, que, na <a href=\"https:\/\/bit.ly\/4biytDb\" target=\"_blank\" rel=\"noopener\">l\u00edngua kikongo<\/a>, \u00e9 a jun\u00e7\u00e3o de \u201cnzu\u201d, que quer dizer casa, e \u201cungu\u201d ou <a href=\"https:\/\/bit.ly\/3QB4WeC\" target=\"_blank\" rel=\"noopener\">Angu<\/a>, um prato africano muito popular at\u00e9 hoje.<\/span><\/p>\n<p>As Casas de Zungu eram verdadeiras c\u00e9lulas de prote\u00e7\u00e3o, onde voc\u00ea podia ser voc\u00ea mesmo. Ent\u00e3o, se na rua te criticavam porque voc\u00ea fazia macumba e jogava capoeira, dentro da Casa de Zungu era um ambiente preto, ent\u00e3o, voc\u00ea tinha liberdade pra ser voc\u00ea mesmo. Quando a pol\u00edcia vinha e tentava destruir uma Casa de Zungu, dois meses depois aparecia outra Casa de Zungu. Ent\u00e3o, o preto sempre foi pelas frestas, pelos caminhos alternativos para poder resistir. Foi assim desde 1830 at\u00e9 1910, ent\u00e3o, s\u00e3o quase 100 anos de Casa de Zungu. Hoje em dia, as crian\u00e7as n\u00e3o aprendem, n\u00e3o sabem o que \u00e9 uma Casa de Zungu, olha como a hist\u00f3ria \u00e9 covarde com a negritude. Ent\u00e3o, voc\u00ea vai pra escola pra saber quem \u00e9 Dom Pedro, pra saber o <span style=\"font-weight: 400;\">\u201c<\/span>descobrimento do Brasil<span style=\"font-weight: 400;\">\u201d<\/span>, mas ningu\u00e9m te fala sobre Casa de Zungu, que n\u00e3o \u00e9 uma hist\u00f3ria inventada, que \u00e9 algo bem real.<\/p>\n<p>Ent\u00e3o, o que a Mangueira est\u00e1 fazendo \u00e9 resgatar muita coisa da cultura Bantu que foi sendo apagada, que foi sendo silenciada. A Mangueira est\u00e1 dizendo que toda favela moderna \u00e9 uma verdadeira Casa de Zungu. Hoje, claro, os mecanismos s\u00e3o outros, o jeito que faz samba \u00e9 diferente, talvez n\u00e3o seja mais a capoeira daquela maneira, mas ainda tem o funk, o charme, o passinho, que s\u00e3o outras maneiras do corpo se expressar. Voc\u00ea tem novas ferramentas dialogando com a modernidade, mas ainda \u00e9 uma grande Casa de Zungu. Aqui dentro voc\u00ea est\u00e1 de uma certa forma compreendido, enquanto l\u00e1 fora n\u00e3o entendem quem voc\u00ea \u00e9.<\/p>\n<blockquote class=\"instagram-media\" style=\"background: #FFF; border: 0; border-radius: 3px; box-shadow: 0 0 1px 0 rgba(0,0,0,0.5),0 1px 10px 0 rgba(0,0,0,0.15); margin: 1px; max-width: 540px; min-width: 326px; padding: 0; width: calc(100% - 2px);\" data-instgrm-captioned=\"\" data-instgrm-permalink=\"https:\/\/www.instagram.com\/p\/DDKtqEQtN-d\/?utm_source=ig_embed&amp;utm_campaign=loading\" data-instgrm-version=\"14\">\n<div style=\"padding: 16px;\">\n<p>&nbsp;<\/p>\n<div style=\"display: flex; flex-direction: row; align-items: center;\">\n<div style=\"background-color: #f4f4f4; border-radius: 50%; flex-grow: 0; height: 40px; margin-right: 14px; width: 40px;\"><\/div>\n<div style=\"display: flex; flex-direction: column; flex-grow: 1; justify-content: center;\">\n<div style=\"background-color: #f4f4f4; border-radius: 4px; flex-grow: 0; height: 14px; margin-bottom: 6px; width: 100px;\"><\/div>\n<div style=\"background-color: #f4f4f4; border-radius: 4px; flex-grow: 0; height: 14px; width: 60px;\"><\/div>\n<\/div>\n<\/div>\n<div style=\"padding: 19% 0;\"><\/div>\n<div style=\"display: block; height: 50px; margin: 0 auto 12px; width: 50px;\"><\/div>\n<div style=\"padding-top: 8px;\">\n<div style=\"color: #3897f0; font-family: Arial,sans-serif; font-size: 14px; font-style: normal; font-weight: 550; line-height: 18px;\">Ver esta publica\u00e7\u00e3o no Instagram<\/div>\n<\/div>\n<div style=\"padding: 12.5% 0;\"><\/div>\n<div style=\"display: flex; flex-direction: row; margin-bottom: 14px; align-items: center;\">\n<div>\n<div style=\"background-color: #f4f4f4; border-radius: 50%; height: 12.5px; width: 12.5px; transform: translateX(0px) translateY(7px);\"><\/div>\n<div style=\"background-color: #f4f4f4; height: 12.5px; transform: rotate(-45deg) translateX(3px) translateY(1px); width: 12.5px; flex-grow: 0; margin-right: 14px; margin-left: 2px;\"><\/div>\n<div style=\"background-color: #f4f4f4; border-radius: 50%; height: 12.5px; width: 12.5px; transform: translateX(9px) translateY(-18px);\"><\/div>\n<\/div>\n<div style=\"margin-left: 8px;\">\n<div style=\"background-color: #f4f4f4; border-radius: 50%; flex-grow: 0; height: 20px; width: 20px;\"><\/div>\n<div style=\"width: 0; height: 0; border-top: 2px solid transparent; border-left: 6px solid #f4f4f4; border-bottom: 2px solid transparent; transform: translateX(16px) translateY(-4px) rotate(30deg);\"><\/div>\n<\/div>\n<div style=\"margin-left: auto;\">\n<div style=\"width: 0px; border-top: 8px solid #F4F4F4; border-right: 8px solid transparent; transform: translateY(16px);\"><\/div>\n<div style=\"background-color: #f4f4f4; flex-grow: 0; height: 12px; width: 16px; transform: translateY(-4px);\"><\/div>\n<div style=\"width: 0; height: 0; border-top: 8px solid #F4F4F4; border-left: 8px solid transparent; transform: translateY(-4px) translateX(8px);\"><\/div>\n<\/div>\n<\/div>\n<div style=\"display: flex; flex-direction: column; flex-grow: 1; justify-content: center; margin-bottom: 24px;\">\n<div style=\"background-color: #f4f4f4; border-radius: 4px; flex-grow: 0; height: 14px; margin-bottom: 6px; width: 224px;\"><\/div>\n<div style=\"background-color: #f4f4f4; border-radius: 4px; flex-grow: 0; height: 14px; width: 144px;\"><\/div>\n<\/div>\n<p>&nbsp;<\/p>\n<p style=\"color: #c9c8cd; font-family: Arial,sans-serif; font-size: 14px; line-height: 17px; margin-bottom: 0; margin-top: 8px; overflow: hidden; padding: 8px 0 7px; text-align: center; text-overflow: ellipsis; white-space: nowrap;\"><a style=\"color: #c9c8cd; font-family: Arial,sans-serif; font-size: 14px; font-style: normal; font-weight: normal; line-height: 17px; text-decoration: none;\" href=\"https:\/\/www.instagram.com\/p\/DDKtqEQtN-d\/?utm_source=ig_embed&amp;utm_campaign=loading\" target=\"_blank\" rel=\"noopener\">Uma publica\u00e7\u00e3o partilhada por Mangueira (@mangueira_oficial)<\/a><\/p>\n<\/div>\n<\/blockquote>\n<p><script async src=\"\/\/www.instagram.com\/embed.js\"><\/script><\/p>\n<h3><b><i>RioOnWatch: <\/i><\/b>Nessa linha de racioc\u00ednio sobre a Casa de Zungu e sua rela\u00e7\u00e3o com o Morro da Mangueira, Mestre Taranta conte um pouco do que voc\u00ea sabe sobre a Hist\u00f3ria do morro e de seu av\u00f4, mencionando a import\u00e2ncia dele para voc\u00ea e para a bateria.<\/h3>\n<p><span style=\"font-weight: 400;\"><strong>Taranta Neto: <\/strong><\/span><span style=\"font-weight: 400;\">Sim!<\/span> Ent\u00e3o, a Mangueira foi fundada a partir de blocos, n\u00e9? Tinha o bloco dos Arengueiros, o bloco da Tia F\u00e9, essas coisas todas. E a quadra da Mangueira real era ali no Buraco Quente, era l\u00e1 na Casa da Tatarav\u00f3 da Guanayra, que hoje \u00e9 a presidente da escola. Foi ali numa reuni\u00e3o que eles resolveram fundar a Mangueira. Al\u00e9m de ser a quadra, essa casa tamb\u00e9m funcionava como um terreiro. Ent\u00e3o, a gente, desde antes, a gente \u00e9 isso a\u00ed: resist\u00eancia!<\/p>\n<p>Meu av\u00f4 \u00e9 o meu maior \u00eddolo. Foi o cara que me ensinou tudo. Eu fico emocionado pra falar dele porque \u00e9 uma coisa que eu n\u00e3o consigo ainda, porque apesar de ter 10, 12 anos que ele se foi, eu ainda n\u00e3o consigo meio que aceitar. Ele sempre falava que o sonho dele era me ver mestre e, l\u00e1 no come\u00e7o, esse n\u00e3o era meu sonho. Meu sonho era ser jogador de futebol. Com o passar do tempo, ele foi me acostumando a viver nesse mundo de bateria. Eu vinha uma vez ou outra. Nesse costume de vir com ele aos s\u00e1bados, eu fui me apaixonando. E assim, nunca mais quis sair daqui.<\/p>\n<figure id=\"attachment_77238\" aria-describedby=\"caption-attachment-77238\" style=\"width: 2560px\" class=\"wp-caption aligncenter\"><a href=\"https:\/\/rioonwatch.org.br\/wp-content\/uploads\/2025\/02\/Tipografia-de-artes-urbanas-envelopam-os-instrumentos-da-Mangueira-em-2025.-Foto-Rhuan-Goncalves-scaled.jpg\"><img loading=\"lazy\" decoding=\"async\" class=\"wp-image-77238 size-full\" title=\"Tipografia de artes urbanas envelopam os instrumentos da Mangueira em 2025. Foto: Rhuan Gon\u00e7alves\" src=\"https:\/\/rioonwatch.org.br\/wp-content\/uploads\/2025\/02\/Tipografia-de-artes-urbanas-envelopam-os-instrumentos-da-Mangueira-em-2025.-Foto-Rhuan-Goncalves-scaled.jpg\" alt=\"Tipografia de artes urbanas envelopam os instrumentos da Mangueira em 2025. Foto: Rhuan Gon\u00e7alves\" width=\"2560\" height=\"1707\" srcset=\"https:\/\/rioonwatch.org.br\/wp-content\/uploads\/2025\/02\/Tipografia-de-artes-urbanas-envelopam-os-instrumentos-da-Mangueira-em-2025.-Foto-Rhuan-Goncalves-scaled.jpg 2560w, https:\/\/rioonwatch.org.br\/wp-content\/uploads\/2025\/02\/Tipografia-de-artes-urbanas-envelopam-os-instrumentos-da-Mangueira-em-2025.-Foto-Rhuan-Goncalves-620x413.jpg 620w, https:\/\/rioonwatch.org.br\/wp-content\/uploads\/2025\/02\/Tipografia-de-artes-urbanas-envelopam-os-instrumentos-da-Mangueira-em-2025.-Foto-Rhuan-Goncalves-768x512.jpg 768w, https:\/\/rioonwatch.org.br\/wp-content\/uploads\/2025\/02\/Tipografia-de-artes-urbanas-envelopam-os-instrumentos-da-Mangueira-em-2025.-Foto-Rhuan-Goncalves-1536x1024.jpg 1536w, https:\/\/rioonwatch.org.br\/wp-content\/uploads\/2025\/02\/Tipografia-de-artes-urbanas-envelopam-os-instrumentos-da-Mangueira-em-2025.-Foto-Rhuan-Goncalves-2048x1365.jpg 2048w\" sizes=\"(max-width: 2560px) 100vw, 2560px\" \/><\/a><figcaption id=\"caption-attachment-77238\" class=\"wp-caption-text\">Tipografia de artes urbanas envelopam os instrumentos da Mangueira em 2025. Foto: Rhuan Gon\u00e7alves<\/figcaption><\/figure>\n<p>Abandonei o futebol e estou aqui at\u00e9 hoje. Gra\u00e7as a Deus, eu estou conseguindo cumprir o legado que ele deixou. Foi uma coisa que eu prometi a ele, que eu seria o que ele sempre achou que eu deveria ser. Seguir o legado dele, ser um mestre, ter uma passagem, independente de um ano, tr\u00eas anos, cinco anos, dez anos, \u00e9 passar aqui, fazer um bom trabalho, ser humilde e ajudar quem tem que ajudar.<\/p>\n<blockquote class=\"instagram-media\" style=\"background: #FFF; border: 0; border-radius: 3px; box-shadow: 0 0 1px 0 rgba(0,0,0,0.5),0 1px 10px 0 rgba(0,0,0,0.15); margin: 1px; max-width: 540px; min-width: 326px; padding: 0; width: calc(100% - 2px);\" data-instgrm-captioned=\"\" data-instgrm-permalink=\"https:\/\/www.instagram.com\/reel\/DChz4V4Meu7\/?utm_source=ig_embed&amp;utm_campaign=loading\" data-instgrm-version=\"14\">\n<div style=\"padding: 16px;\">\n<p>&nbsp;<\/p>\n<div style=\"display: flex; flex-direction: row; align-items: center;\">\n<div style=\"background-color: #f4f4f4; border-radius: 50%; flex-grow: 0; height: 40px; margin-right: 14px; width: 40px;\"><\/div>\n<div style=\"display: flex; flex-direction: column; flex-grow: 1; justify-content: center;\">\n<div style=\"background-color: #f4f4f4; border-radius: 4px; flex-grow: 0; height: 14px; margin-bottom: 6px; width: 100px;\"><\/div>\n<div style=\"background-color: #f4f4f4; border-radius: 4px; flex-grow: 0; height: 14px; width: 60px;\"><\/div>\n<\/div>\n<\/div>\n<div style=\"padding: 19% 0;\"><\/div>\n<div style=\"display: block; height: 50px; margin: 0 auto 12px; width: 50px;\"><\/div>\n<div style=\"padding-top: 8px;\">\n<div style=\"color: #3897f0; font-family: Arial,sans-serif; font-size: 14px; font-style: normal; font-weight: 550; line-height: 18px;\">Ver esta publica\u00e7\u00e3o no Instagram<\/div>\n<\/div>\n<div style=\"padding: 12.5% 0;\"><\/div>\n<div style=\"display: flex; flex-direction: row; margin-bottom: 14px; align-items: center;\">\n<div>\n<div style=\"background-color: #f4f4f4; border-radius: 50%; height: 12.5px; width: 12.5px; transform: translateX(0px) translateY(7px);\"><\/div>\n<div style=\"background-color: #f4f4f4; height: 12.5px; transform: rotate(-45deg) translateX(3px) translateY(1px); width: 12.5px; flex-grow: 0; margin-right: 14px; margin-left: 2px;\"><\/div>\n<div style=\"background-color: #f4f4f4; border-radius: 50%; height: 12.5px; width: 12.5px; transform: translateX(9px) translateY(-18px);\"><\/div>\n<\/div>\n<div style=\"margin-left: 8px;\">\n<div style=\"background-color: #f4f4f4; border-radius: 50%; flex-grow: 0; height: 20px; width: 20px;\"><\/div>\n<div style=\"width: 0; height: 0; border-top: 2px solid transparent; border-left: 6px solid #f4f4f4; border-bottom: 2px solid transparent; transform: translateX(16px) translateY(-4px) rotate(30deg);\"><\/div>\n<\/div>\n<div style=\"margin-left: auto;\">\n<div style=\"width: 0px; border-top: 8px solid #F4F4F4; border-right: 8px solid transparent; transform: translateY(16px);\"><\/div>\n<div style=\"background-color: #f4f4f4; flex-grow: 0; height: 12px; width: 16px; transform: translateY(-4px);\"><\/div>\n<div style=\"width: 0; height: 0; border-top: 8px solid #F4F4F4; border-left: 8px solid transparent; transform: translateY(-4px) translateX(8px);\"><\/div>\n<\/div>\n<\/div>\n<div style=\"display: flex; flex-direction: column; flex-grow: 1; justify-content: center; margin-bottom: 24px;\">\n<div style=\"background-color: #f4f4f4; border-radius: 4px; flex-grow: 0; height: 14px; margin-bottom: 6px; width: 224px;\"><\/div>\n<div style=\"background-color: #f4f4f4; border-radius: 4px; flex-grow: 0; height: 14px; width: 144px;\"><\/div>\n<\/div>\n<p>&nbsp;<\/p>\n<p style=\"color: #c9c8cd; font-family: Arial,sans-serif; font-size: 14px; line-height: 17px; margin-bottom: 0; margin-top: 8px; overflow: hidden; padding: 8px 0 7px; text-align: center; text-overflow: ellipsis; white-space: nowrap;\"><a style=\"color: #c9c8cd; font-family: Arial,sans-serif; font-size: 14px; font-style: normal; font-weight: normal; line-height: 17px; text-decoration: none;\" href=\"https:\/\/www.instagram.com\/reel\/DChz4V4Meu7\/?utm_source=ig_embed&amp;utm_campaign=loading\" target=\"_blank\" rel=\"noopener\">Uma publica\u00e7\u00e3o partilhada por Mangueira (@mangueira_oficial)<\/a><\/p>\n<\/div>\n<\/blockquote>\n<p><script async src=\"\/\/www.instagram.com\/embed.js\"><\/script><\/p>\n<h3><b><i>RioOnWatch: <\/i><\/b>Sidnei, sobre o ensaio t\u00e9cnico, a comiss\u00e3o de frente fez bastante sucesso a exemplo do personagem representando o Nganga, que se transforma no cria coroado. Voc\u00ea pode contar um pouco sobre essa ideia?<\/h3>\n<p><span style=\"font-weight: 400;\"><strong>Sidnei Fran\u00e7a:\u00a0<\/strong><\/span><span style=\"font-weight: 400;\">Assim como a bateria que o Hudson falou, todo mundo buscava algum molho diferente para o ensaio t\u00e9cnico. Com isso nossos core\u00f3grafos, Carina e Lucas, foram at\u00e9 o Barrac\u00e3o conversar comigo e minha equipe pra ver se tinha alguma hist\u00f3ria, alguma coisa forte mas que no desfile n\u00e3o fosse aparecer t\u00e3o marcante para a comiss\u00e3o poder sobressair. E lembramos dos <a href=\"https:\/\/bit.ly\/41x094a\" target=\"_blank\" rel=\"noopener\">Ngangas<\/a>, uma esp\u00e9cie de sacerdote, a grande for\u00e7a dele \u00e9 a a transforma\u00e7\u00e3o. Ent\u00e3o o que a gente pensou? Vamos transformar ele de um s\u00e1bio sacerdote no cria do morro. E ent\u00e3o surgiu essa ideia. E foi muito bonito escolher Flavio Lopes, mais conhecido como <a href=\"https:\/\/bit.ly\/3ETfgfj\" target=\"_blank\" rel=\"noopener\">Flavinho<\/a>, que \u00e9 um menino de comunidade que dan\u00e7a passinho para ser esse personagem do cria jovem, chegando \u00e0 vida adulta. Foi um sucesso muito grande no ensaio t\u00e9cnico, j\u00e1 que a Mangueira brilhou muito desde a comiss\u00e3o de frente aquela cena muito forte do Nganga saindo daquele manto africano e se revelando um cria coroado do morro de Mangueira, de verde e rosa, dan\u00e7ando passinho. Foi um momento muito bonito, mas muito bonito mesmo! \u00c9 um m\u00e9rito coletivo desde a equipe de pesquisa do enredo Stephanie e Tinoco, aos nossos core\u00f3grafos.<\/span><\/p>\n<blockquote class=\"instagram-media\" style=\"background: #FFF; border: 0; border-radius: 3px; box-shadow: 0 0 1px 0 rgba(0,0,0,0.5),0 1px 10px 0 rgba(0,0,0,0.15); margin: 1px; max-width: 540px; min-width: 326px; padding: 0; width: calc(100% - 2px);\" data-instgrm-permalink=\"https:\/\/www.instagram.com\/reel\/DGZZUKKxcXu\/?utm_source=ig_embed&amp;utm_campaign=loading\" data-instgrm-version=\"14\">\n<div style=\"padding: 16px;\">\n<p>&nbsp;<\/p>\n<div style=\"display: flex; flex-direction: row; align-items: center;\">\n<div style=\"background-color: #f4f4f4; border-radius: 50%; flex-grow: 0; height: 40px; margin-right: 14px; width: 40px;\"><\/div>\n<div style=\"display: flex; flex-direction: column; flex-grow: 1; justify-content: center;\">\n<div style=\"background-color: #f4f4f4; border-radius: 4px; flex-grow: 0; height: 14px; margin-bottom: 6px; width: 100px;\"><\/div>\n<div style=\"background-color: #f4f4f4; border-radius: 4px; flex-grow: 0; height: 14px; width: 60px;\"><\/div>\n<\/div>\n<\/div>\n<div style=\"padding: 19% 0;\"><\/div>\n<div style=\"display: block; height: 50px; margin: 0 auto 12px; width: 50px;\"><\/div>\n<div style=\"padding-top: 8px;\">\n<div style=\"color: #3897f0; font-family: Arial,sans-serif; font-size: 14px; font-style: normal; font-weight: 550; line-height: 18px;\">Ver esta publica\u00e7\u00e3o no Instagram<\/div>\n<\/div>\n<div style=\"padding: 12.5% 0;\"><\/div>\n<div style=\"display: flex; flex-direction: row; margin-bottom: 14px; align-items: center;\">\n<div>\n<div style=\"background-color: #f4f4f4; border-radius: 50%; height: 12.5px; width: 12.5px; transform: translateX(0px) translateY(7px);\"><\/div>\n<div style=\"background-color: #f4f4f4; height: 12.5px; transform: rotate(-45deg) translateX(3px) translateY(1px); width: 12.5px; flex-grow: 0; margin-right: 14px; margin-left: 2px;\"><\/div>\n<div style=\"background-color: #f4f4f4; border-radius: 50%; height: 12.5px; width: 12.5px; transform: translateX(9px) translateY(-18px);\"><\/div>\n<\/div>\n<div style=\"margin-left: 8px;\">\n<div style=\"background-color: #f4f4f4; border-radius: 50%; flex-grow: 0; height: 20px; width: 20px;\"><\/div>\n<div style=\"width: 0; height: 0; border-top: 2px solid transparent; border-left: 6px solid #f4f4f4; border-bottom: 2px solid transparent; transform: translateX(16px) translateY(-4px) rotate(30deg);\"><\/div>\n<\/div>\n<div style=\"margin-left: auto;\">\n<div style=\"width: 0px; border-top: 8px solid #F4F4F4; border-right: 8px solid transparent; transform: translateY(16px);\"><\/div>\n<div style=\"background-color: #f4f4f4; flex-grow: 0; height: 12px; width: 16px; transform: translateY(-4px);\"><\/div>\n<div style=\"width: 0; height: 0; border-top: 8px solid #F4F4F4; border-left: 8px solid transparent; transform: translateY(-4px) translateX(8px);\"><\/div>\n<\/div>\n<\/div>\n<div style=\"display: flex; flex-direction: column; flex-grow: 1; justify-content: center; margin-bottom: 24px;\">\n<div style=\"background-color: #f4f4f4; border-radius: 4px; flex-grow: 0; height: 14px; margin-bottom: 6px; width: 224px;\"><\/div>\n<div style=\"background-color: #f4f4f4; border-radius: 4px; flex-grow: 0; height: 14px; width: 144px;\"><\/div>\n<\/div>\n<p>&nbsp;<\/p>\n<p style=\"color: #c9c8cd; font-family: Arial,sans-serif; font-size: 14px; line-height: 17px; margin-bottom: 0; margin-top: 8px; overflow: hidden; padding: 8px 0 7px; text-align: center; text-overflow: ellipsis; white-space: nowrap;\"><a style=\"color: #c9c8cd; font-family: Arial,sans-serif; font-size: 14px; font-style: normal; font-weight: normal; line-height: 17px; text-decoration: none;\" href=\"https:\/\/www.instagram.com\/reel\/DGZZUKKxcXu\/?utm_source=ig_embed&amp;utm_campaign=loading\" target=\"_blank\" rel=\"noopener\">Uma publica\u00e7\u00e3o partilhada por Carnaval.RJ (@carnaval.rj)<\/a><\/p>\n<\/div>\n<\/blockquote>\n<p><script async src=\"\/\/www.instagram.com\/embed.js\"><\/script><\/p>\n<h3><b><i>RioOnWatch: <\/i><\/b>Mestre, qual \u00e9 o trecho do samba que mais te emociona?<\/h3>\n<p><span style=\"font-weight: 400;\"><strong>Taranta Neto: <\/strong><\/span><span style=\"font-weight: 400;\">P\u00f4, tem v\u00e1rios, mas o que retrata a nossa vida aqui, vou falar s\u00f3 por mim, no geral, \u00e9 a parte do \u201co alvo que a bala insiste em achar\u201d. Esse a\u00ed \u00e9 o que retrata a gente, n\u00e3o tem jeito. A gente \u00e9 acostumado a acordar aqui com tiroteio. Hoje, menos. Atualmente o morro da Mangueira est\u00e1 muito mais tranquilo. Mas vira e mexe ainda tem uma opera\u00e7\u00e3o que a gente fica acordado, na atividade, com aquele medo por familiares e amigos que moram em outras partes do morro. Sabe?<\/span><\/p>\n<blockquote class=\"instagram-media\" style=\"background: #FFF; border: 0; border-radius: 3px; box-shadow: 0 0 1px 0 rgba(0,0,0,0.5),0 1px 10px 0 rgba(0,0,0,0.15); margin: 1px; max-width: 540px; min-width: 326px; padding: 0; width: calc(100% - 2px);\" data-instgrm-captioned=\"\" data-instgrm-permalink=\"https:\/\/www.instagram.com\/p\/DGistnYxSx6\/?utm_source=ig_embed&amp;utm_campaign=loading\" data-instgrm-version=\"14\">\n<div style=\"padding: 16px;\">\n<p>&nbsp;<\/p>\n<div style=\"display: flex; flex-direction: row; align-items: center;\">\n<div style=\"background-color: #f4f4f4; border-radius: 50%; flex-grow: 0; height: 40px; margin-right: 14px; width: 40px;\"><\/div>\n<div style=\"display: flex; flex-direction: column; flex-grow: 1; justify-content: center;\">\n<div style=\"background-color: #f4f4f4; border-radius: 4px; flex-grow: 0; height: 14px; margin-bottom: 6px; width: 100px;\"><\/div>\n<div style=\"background-color: #f4f4f4; border-radius: 4px; flex-grow: 0; height: 14px; width: 60px;\"><\/div>\n<\/div>\n<\/div>\n<div style=\"padding: 19% 0;\"><\/div>\n<div style=\"display: block; height: 50px; margin: 0 auto 12px; width: 50px;\"><\/div>\n<div style=\"padding-top: 8px;\">\n<div style=\"color: #3897f0; font-family: Arial,sans-serif; font-size: 14px; font-style: normal; font-weight: 550; line-height: 18px;\">Ver esta publica\u00e7\u00e3o no Instagram<\/div>\n<\/div>\n<div style=\"padding: 12.5% 0;\"><\/div>\n<div style=\"display: flex; flex-direction: row; margin-bottom: 14px; align-items: center;\">\n<div>\n<div style=\"background-color: #f4f4f4; border-radius: 50%; height: 12.5px; width: 12.5px; transform: translateX(0px) translateY(7px);\"><\/div>\n<div style=\"background-color: #f4f4f4; height: 12.5px; transform: rotate(-45deg) translateX(3px) translateY(1px); width: 12.5px; flex-grow: 0; margin-right: 14px; margin-left: 2px;\"><\/div>\n<div style=\"background-color: #f4f4f4; border-radius: 50%; height: 12.5px; width: 12.5px; transform: translateX(9px) translateY(-18px);\"><\/div>\n<\/div>\n<div style=\"margin-left: 8px;\">\n<div style=\"background-color: #f4f4f4; border-radius: 50%; flex-grow: 0; height: 20px; width: 20px;\"><\/div>\n<div style=\"width: 0; height: 0; border-top: 2px solid transparent; border-left: 6px solid #f4f4f4; border-bottom: 2px solid transparent; transform: translateX(16px) translateY(-4px) rotate(30deg);\"><\/div>\n<\/div>\n<div style=\"margin-left: auto;\">\n<div style=\"width: 0px; border-top: 8px solid #F4F4F4; border-right: 8px solid transparent; transform: translateY(16px);\"><\/div>\n<div style=\"background-color: #f4f4f4; flex-grow: 0; height: 12px; width: 16px; transform: translateY(-4px);\"><\/div>\n<div style=\"width: 0; height: 0; border-top: 8px solid #F4F4F4; border-left: 8px solid transparent; transform: translateY(-4px) translateX(8px);\"><\/div>\n<\/div>\n<\/div>\n<div style=\"display: flex; flex-direction: column; flex-grow: 1; justify-content: center; margin-bottom: 24px;\">\n<div style=\"background-color: #f4f4f4; border-radius: 4px; flex-grow: 0; height: 14px; margin-bottom: 6px; width: 224px;\"><\/div>\n<div style=\"background-color: #f4f4f4; border-radius: 4px; flex-grow: 0; height: 14px; width: 144px;\"><\/div>\n<\/div>\n<p>&nbsp;<\/p>\n<p style=\"color: #c9c8cd; font-family: Arial,sans-serif; font-size: 14px; line-height: 17px; margin-bottom: 0; margin-top: 8px; overflow: hidden; padding: 8px 0 7px; text-align: center; text-overflow: ellipsis; white-space: nowrap;\"><a style=\"color: #c9c8cd; font-family: Arial,sans-serif; font-size: 14px; font-style: normal; font-weight: normal; line-height: 17px; text-decoration: none;\" href=\"https:\/\/www.instagram.com\/p\/DGistnYxSx6\/?utm_source=ig_embed&amp;utm_campaign=loading\" target=\"_blank\" rel=\"noopener\">Uma publica\u00e7\u00e3o partilhada por Mangueira (@mangueira_oficial)<\/a><\/p>\n<\/div>\n<\/blockquote>\n<p><script async src=\"\/\/www.instagram.com\/embed.js\"><\/script><\/p>\n<p><span style=\"font-weight: 400;\">Essa parte do samba \u00e9 a que mais mexe. N\u00e3o s\u00f3 comigo, acredito que com 100% da escola e da comunidade.\u00a0<\/span><\/p>\n<figure id=\"attachment_77228\" aria-describedby=\"caption-attachment-77228\" style=\"width: 1080px\" class=\"wp-caption aligncenter\"><a href=\"https:\/\/rioonwatch.org.br\/wp-content\/uploads\/2025\/02\/O-cria-coroado-em-sua-fase-jovem-adulto-no-ensaio-tecnico-da-Mangueira-em-fevereiro-de-2025.-Foto-Mangueira.jpg\"><img loading=\"lazy\" decoding=\"async\" class=\"wp-image-77228 size-full\" title=\"O cria coroado, em sua fase jovem adulto, no ensaio t\u00e9cnico da Mangueira em fevereiro de 2025. Foto: J.M. Arruda\/Mangueira\" src=\"https:\/\/rioonwatch.org.br\/wp-content\/uploads\/2025\/02\/O-cria-coroado-em-sua-fase-jovem-adulto-no-ensaio-tecnico-da-Mangueira-em-fevereiro-de-2025.-Foto-Mangueira.jpg\" alt=\"O cria coroado, em sua fase jovem adulto, no ensaio t\u00e9cnico da Mangueira em fevereiro de 2025. Foto: J.M. Arruda\/Mangueira\" width=\"1080\" height=\"1350\" srcset=\"https:\/\/rioonwatch.org.br\/wp-content\/uploads\/2025\/02\/O-cria-coroado-em-sua-fase-jovem-adulto-no-ensaio-tecnico-da-Mangueira-em-fevereiro-de-2025.-Foto-Mangueira.jpg 1080w, https:\/\/rioonwatch.org.br\/wp-content\/uploads\/2025\/02\/O-cria-coroado-em-sua-fase-jovem-adulto-no-ensaio-tecnico-da-Mangueira-em-fevereiro-de-2025.-Foto-Mangueira-496x620.jpg 496w, https:\/\/rioonwatch.org.br\/wp-content\/uploads\/2025\/02\/O-cria-coroado-em-sua-fase-jovem-adulto-no-ensaio-tecnico-da-Mangueira-em-fevereiro-de-2025.-Foto-Mangueira-768x960.jpg 768w\" sizes=\"(max-width: 1080px) 100vw, 1080px\" \/><\/a><figcaption id=\"caption-attachment-77228\" class=\"wp-caption-text\">O cria coroado, em sua fase jovem adulto, no ensaio t\u00e9cnico da Mangueira em fevereiro de 2025. Foto: J.M. Arruda\/Mangueira<\/figcaption><\/figure>\n<h3><b><i>RioOnWatch: <\/i><\/b>Continuando sobre o enredo 2025 da Mangueira, as baterias de escola de samba possuem instrumentos Bantu e com isso, a escola optou por homenagear a cu\u00edca em uma das alegorias. Sidnei, pode nos falar um pouquinho sobre isso?<\/h3>\n<p><span style=\"font-weight: 400;\"><strong>Sidnei Fran\u00e7a:\u00a0<\/strong><\/span><span style=\"font-weight: 400;\">Eu diria que n\u00e3o \u00e9 nenhuma op\u00e7\u00e3o. Nas pesquisas que a gente fez, o <a href=\"https:\/\/bit.ly\/4k7EqXA\" target=\"_blank\" rel=\"noopener\">instrumento Bantu mais difundido no Brasil<\/a>, claro que decodificado numa musicalidade, instrumentalidade musical e percussiva moderna, foi a cu\u00edca. <\/span>Ent\u00e3o, n\u00e3o podia ser outro instrumento mesmo. Tanto \u00e9 que, quando a gente chegou na cidade de Lubango, em Angola, fomos no Museu de Antropologia e a guia come\u00e7ou a falar, &#8220;ah, aqui est\u00e1 a <a href=\"https:\/\/bit.ly\/4391dMz\" target=\"_blank\" rel=\"noopener\">pu\u00edta, que vira a cu\u00edca<\/a>\u201d. Eu olhei e falei \u201ccaramba!\u201d.<\/p>\n<p>Ent\u00e3o, eu digo que a cu\u00edca escolheu o enredo. Foi a cu\u00edca que falou, cara, voc\u00eas v\u00e3o falar da ancestralidade Bantu, ent\u00e3o, saibam que eu estou aqui, que se n\u00e3o for por mim, n\u00e3o \u00e9. Ent\u00e3o, eu, particularmente, fico muito emocionado de ter a cu\u00edca dentro do desfile de uma forma ampliada, porque normalmente a bateria \u00e9 o som, mas o visual \u00e9 s\u00f3 a fantasia. Ent\u00e3o, quando voc\u00ea traz o discurso da bateria para uma alegoria e faz disso uma coisa central na maneira de contar a hist\u00f3ria, eu acho isso bonito. Mostra que a bateria n\u00e3o est\u00e1 ali s\u00f3 para fazer o som que vai no desfile, tem ancestralidade. Ent\u00e3o, vejo que vai ser um momento muito bonito no desfile, n\u00e3o tenho d\u00favida.<\/p>\n<h3><b><i>RioOnWatch: <\/i><\/b>Para concluir nossa conversa, qual sua perspectiva de legado do Carnaval 2025 da Mangueira?<\/h3>\n<p><span style=\"font-weight: 400;\"><strong>Sidnei Fran\u00e7a:\u00a0<\/strong><\/span><span style=\"font-weight: 400;\">Levando adiante, eu n\u00e3o sei o que vai acontecer nesse desfile, porque a gente sabe que s\u00e3o muitos fatores, s\u00e3o nove quesitos que t\u00eam que confluir e gerar um t\u00edtulo para a escola. \u00c9 l\u00f3gico que eu quero que a Mangueira seja campe\u00e3, mas quero que esse desfile tamb\u00e9m marque a comunidade. <\/span><\/p>\n<p><span style=\"font-weight: 400;\">Por exemplo, vejo o <a href=\"https:\/\/bit.ly\/3EPWy8q\" target=\"_blank\" rel=\"noopener\">Jos\u00e9 William<\/a> [que representa o cria crian\u00e7a na Mangueira em 2025], que \u00e9 o filho da Laura, que trabalha no nosso almoxarifado, que s\u00e3o aqui do Morro de Mangueira, toda a fam\u00edlia \u00e9 da escola. <\/span>Esse enredo tamb\u00e9m ajuda ele a entender quem ele \u00e9. Para mim, isso j\u00e1 \u00e9 muito satisfat\u00f3rio. J\u00e1 \u00e9 um grande presente! Que fique na hist\u00f3ria da Mangueira como um carnaval de legado, sensacional para a escola.<\/p>\n<figure id=\"attachment_77224\" aria-describedby=\"caption-attachment-77224\" style=\"width: 1080px\" class=\"wp-caption aligncenter\"><a style=\"font-style: italic; font-weight: bold;\" href=\"https:\/\/rioonwatch.org.br\/wp-content\/uploads\/2025\/02\/Jose-William-cria-da-Mangueira-descendente-de-bambas-que-representa-o-cria-crianca-no-desfile-da-Mangueira-em-2025.-Foto-Thais-Brum-Mangueira.jpg\"><img loading=\"lazy\" decoding=\"async\" class=\"wp-image-77224 size-full\" title=\"Jos\u00e9 William, cria da Mangueira, descendente de bambas, que representa o cria crian\u00e7a no desfile da Mangueira em 2025. Foto: Thais Brum\/Mangueira\" src=\"https:\/\/rioonwatch.org.br\/wp-content\/uploads\/2025\/02\/Jose-William-cria-da-Mangueira-descendente-de-bambas-que-representa-o-cria-crianca-no-desfile-da-Mangueira-em-2025.-Foto-Thais-Brum-Mangueira.jpg\" alt=\"Jos\u00e9 William, cria da Mangueira, descendente de bambas, que representa o cria crian\u00e7a no desfile da Mangueira em 2025. Foto: Thais Brum\/Mangueira\" width=\"1080\" height=\"1350\" srcset=\"https:\/\/rioonwatch.org.br\/wp-content\/uploads\/2025\/02\/Jose-William-cria-da-Mangueira-descendente-de-bambas-que-representa-o-cria-crianca-no-desfile-da-Mangueira-em-2025.-Foto-Thais-Brum-Mangueira.jpg 1080w, https:\/\/rioonwatch.org.br\/wp-content\/uploads\/2025\/02\/Jose-William-cria-da-Mangueira-descendente-de-bambas-que-representa-o-cria-crianca-no-desfile-da-Mangueira-em-2025.-Foto-Thais-Brum-Mangueira-496x620.jpg 496w, https:\/\/rioonwatch.org.br\/wp-content\/uploads\/2025\/02\/Jose-William-cria-da-Mangueira-descendente-de-bambas-que-representa-o-cria-crianca-no-desfile-da-Mangueira-em-2025.-Foto-Thais-Brum-Mangueira-768x960.jpg 768w\" sizes=\"(max-width: 1080px) 100vw, 1080px\" \/><\/a><figcaption id=\"caption-attachment-77224\" class=\"wp-caption-text\">Jos\u00e9 William, cria da Mangueira, descendente de bambas, que representa o cria crian\u00e7a no desfile da Mangueira em 2025. Foto: Thais Brum\/Mangueira<\/figcaption><\/figure>\n<p>Quando eu falo para a escola, n\u00e3o \u00e9 s\u00f3 para lideran\u00e7as, \u00e9 nos colocar na condi\u00e7\u00e3o de componentes, de sambistas: a Mangueira est\u00e1 acima de todos n\u00f3s. Que essa escola pulse nesse carnaval n\u00e3o s\u00f3 pelo resultado, mas para que, daqui 100 anos, algu\u00e9m lembre: \u201c\u00f3, teve um carnaval que falou sobre o cria, sobre o Morro, sobre o que \u00e9 ser favela, o orgulho de ser favela, sobre ser Bantu\u201d.<\/p>\n<figure id=\"attachment_77237\" aria-describedby=\"caption-attachment-77237\" style=\"width: 2560px\" class=\"wp-caption aligncenter\"><a href=\"https:\/\/rioonwatch.org.br\/wp-content\/uploads\/2025\/02\/O-orgulho-de-ser-favela-e-reafirmado-a-todo-momento-inclusive-nos-instrumentos-da-bateria-tem-que-respeitar-meu-tamborim.-Foto-Rhuan-Goncalves-scaled.jpg\"><img loading=\"lazy\" decoding=\"async\" class=\"wp-image-77237 size-full\" title=\"O orgulho de ser favela \u00e9 reafirmado a todo momento, inclusive nos instrumentos da bateria tem que respeitar meu tamborim. Foto: Rhuan Gon\u00e7alves\" src=\"https:\/\/rioonwatch.org.br\/wp-content\/uploads\/2025\/02\/O-orgulho-de-ser-favela-e-reafirmado-a-todo-momento-inclusive-nos-instrumentos-da-bateria-tem-que-respeitar-meu-tamborim.-Foto-Rhuan-Goncalves-scaled.jpg\" alt=\"O orgulho de ser favela \u00e9 reafirmado a todo momento, inclusive nos instrumentos da bateria tem que respeitar meu tamborim. Foto: Rhuan Gon\u00e7alves\" width=\"2560\" height=\"1707\" srcset=\"https:\/\/rioonwatch.org.br\/wp-content\/uploads\/2025\/02\/O-orgulho-de-ser-favela-e-reafirmado-a-todo-momento-inclusive-nos-instrumentos-da-bateria-tem-que-respeitar-meu-tamborim.-Foto-Rhuan-Goncalves-scaled.jpg 2560w, https:\/\/rioonwatch.org.br\/wp-content\/uploads\/2025\/02\/O-orgulho-de-ser-favela-e-reafirmado-a-todo-momento-inclusive-nos-instrumentos-da-bateria-tem-que-respeitar-meu-tamborim.-Foto-Rhuan-Goncalves-620x413.jpg 620w, https:\/\/rioonwatch.org.br\/wp-content\/uploads\/2025\/02\/O-orgulho-de-ser-favela-e-reafirmado-a-todo-momento-inclusive-nos-instrumentos-da-bateria-tem-que-respeitar-meu-tamborim.-Foto-Rhuan-Goncalves-768x512.jpg 768w, https:\/\/rioonwatch.org.br\/wp-content\/uploads\/2025\/02\/O-orgulho-de-ser-favela-e-reafirmado-a-todo-momento-inclusive-nos-instrumentos-da-bateria-tem-que-respeitar-meu-tamborim.-Foto-Rhuan-Goncalves-1536x1024.jpg 1536w, https:\/\/rioonwatch.org.br\/wp-content\/uploads\/2025\/02\/O-orgulho-de-ser-favela-e-reafirmado-a-todo-momento-inclusive-nos-instrumentos-da-bateria-tem-que-respeitar-meu-tamborim.-Foto-Rhuan-Goncalves-2048x1365.jpg 2048w\" sizes=\"(max-width: 2560px) 100vw, 2560px\" \/><\/a><figcaption id=\"caption-attachment-77237\" class=\"wp-caption-text\">O orgulho de ser favela \u00e9 reafirmado a todo momento, inclusive nos instrumentos da bateria Tem que Respeitar Meu Tamborim. Foto: Rhuan Gon\u00e7alves<\/figcaption><\/figure>\n<p>Ali\u00e1s, eu converso muito com a Guanayra sobre essas quest\u00f5es do futuro, a gente bate muito papo, sabe esses papos de fim de noite? Tipo, para de falar de carnaval para falar de tudo. E uma coisa que esses dias a gente estava falando \u00e9 que \u00e9 bonito pensar no passado da Mangueira, mas tamb\u00e9m \u00e9 importante projetar hoje o que a Mangueira vai ser daqui para frente. Por isso, a est\u00e9tica que eu estou tentando plantar nesse carnaval n\u00e3o \u00e9 s\u00f3 a de uma escola tradicional. \u00c9 uma escola antiga e tradicional, mas que tem que olhar para o futuro, com um visual mais moderno, mais despojado, sem perder a tradi\u00e7\u00e3o, o verde-rosa, os signos.<\/p>\n<p>A Mangueira visualmente precisa se conectar com a modernidade pl\u00e1stica at\u00e9 para que a crian\u00e7a de hoje olhe, se interesse e queira continuar essa tradi\u00e7\u00e3o no futuro, se n\u00e3o ela come\u00e7a a perder interesse e falar: \u201ccara, \u00e9 legal que tem Mangueira l\u00e1 no morro, mas acho que n\u00e3o \u00e9 o que eu quero, acho que eu quero outra coisa\u201d. <span style=\"font-weight: 400;\">Ent\u00e3o, o que a gente precisa hoje \u00e9 ter a consci\u00eancia de que o nosso trabalho promove tamb\u00e9m a <a href=\"https:\/\/bit.ly\/3XjmoYB\" target=\"_blank\" rel=\"noopener\">Mangueira do Amanh\u00e3<\/a>, a Mangueira do futuro.<\/span><\/p>\n<h3>Assista ao \u201cManifesto: O Rio \u00c9 Banto &#8211; Mangueira 2025\u201d <a href=\"https:\/\/bit.ly\/3ET9lqI\" target=\"_blank\" rel=\"noopener\">Aqui<\/a>.<\/h3>\n<p><iframe title=\"YouTube video player\" src=\"https:\/\/www.youtube.com\/embed\/0HiMMiFFORQ?si=mXqGy3-szom0jpHD\" width=\"1030\" height=\"563\" frameborder=\"0\" allowfullscreen=\"allowfullscreen\"><span data-mce-type=\"bookmark\" style=\"display: inline-block; width: 0px; overflow: hidden; line-height: 0;\" class=\"mce_SELRES_start\">\ufeff<\/span><\/iframe><\/p>\n<p><i>Esta entrevista foi editada e condensada para maior clareza.<\/i><\/p>\n<p><i><em>Sobre o autor:\u00a0<a href=\"https:\/\/bit.ly\/4eufxls\" target=\"_blank\" rel=\"noopener\">Rhuan Gon\u00e7alves<\/a>\u00a0\u00e9 natural de Maca\u00e9, cidade do Norte Fluminense, possui licenciatura em Hist\u00f3ria pela\u00a0<a href=\"https:\/\/bit.ly\/3eoFKDN\" target=\"_blank\" rel=\"noopener\">PUC-Rio<\/a>, dirige e produz o document\u00e1rio \u201cMenino de 47 Vai a Campo\u201d, sobre a funda\u00e7\u00e3o do time profissional de futebol do\u00a0<a href=\"https:\/\/bit.ly\/3ZajeXp\" target=\"_blank\" rel=\"noopener\">G.R.E.S. Imp\u00e9rio Serrano<\/a>, \u00e9 fot\u00f3grafo do acervo do\u00a0<a href=\"https:\/\/bit.ly\/3sZpuFp\" target=\"_blank\" rel=\"noopener\">Imagens do Povo<\/a>, vinculado ao\u00a0<a href=\"https:\/\/bit.ly\/2K5GMsr\" target=\"_blank\" rel=\"noopener\">Observat\u00f3rio de Favelas<\/a>, localizado no Complexo da Mar\u00e9, e ritmista do Imp\u00e9rio Serrano e da <a href=\"https:\/\/bit.ly\/3yHWvFg\" target=\"_blank\" rel=\"noopener\">Esta\u00e7\u00e3o Primeira de Mangueira<\/a>.<\/em><\/i><\/p>\n<hr \/>\n<h4><b data-stringify-type=\"bold\">Apoie nossos esfor\u00e7os para fornecer apoio estrat\u00e9gico \u00e0s favelas do Rio, incluindo o jornalismo hiperlocal, cr\u00edtico, inovador e incans\u00e1vel do\u00a0<\/b><b data-stringify-type=\"bold\"><i data-stringify-type=\"italic\">RioOnWatch<\/i><\/b>\u2014<a class=\"c-link\" href=\"http:\/\/www.bit.ly\/ApoieROW\" target=\"_blank\" rel=\"noopener noreferrer\" data-stringify-link=\"http:\/\/www.bit.ly\/ApoieROW\" data-sk=\"tooltip_parent\">doe aqui<\/a>.<\/h4>\n<!-- AddThis Advanced Settings generic via filter on the_content --><!-- AddThis Share Buttons generic via filter on the_content -->","protected":false},"excerpt":{"rendered":"<div class=\"mh-excerpt\"><p>Click Here for English O Carnaval 2025 est\u00e1 chegando e mostrando um povo cada vez mais orgulhoso de si e de sua Hist\u00f3ria. Das 12 escolas do grupo especial, apenas duas n\u00e3o levam para a <a class=\"mh-excerpt-more\" href=\"https:\/\/rioonwatch.org.br\/?p=77170\" title=\"A Coroa\u00e7\u00e3o do Cria na Avenida: Esta\u00e7\u00e3o Primeira de Mangueira Exalta o &#8216;Orgulho de Ser Favela&#8217; Enquanto Conta a Hist\u00f3ria dos Povos Bantu no Carnaval 2025 [ENTREVISTA]\">[&#8230;]<\/a><!-- AddThis Advanced Settings generic via filter on get_the_excerpt --><!-- AddThis Share Buttons generic via filter on get_the_excerpt --><\/p>\n<\/div>","protected":false},"author":167,"featured_media":77190,"comment_status":"closed","ping_status":"closed","sticky":false,"template":"template-full.php","format":"standard","meta":{"_acf_changed":false,"_monsterinsights_skip_tracking":false,"_monsterinsights_sitenote_active":false,"_monsterinsights_sitenote_note":"","_monsterinsights_sitenote_category":0,"footnotes":""},"categories":[1621,1615,1629,1625,1616,3206,342],"tags":[329,3391,3528,328,3139,3524,1541,214,2229,3527,513,421,333,3143,128,3526,607,2145,3525,1329,1194,1229,650,2084,218],"writer":[3468],"translator":[],"source":[],"ilustrador":[],"fotografo":[],"class_list":{"0":"post-77170","1":"post","2":"type-post","3":"status-publish","4":"format-standard","5":"has-post-thumbnail","7":"category-destaque","8":"category-cultura-da-favela","9":"category-entrevistas-e-perfis","10":"category-por-correspondentes-comunitarios","11":"category-qualidades-da-favela","12":"category-representatividade","13":"category-solucoes","14":"tag-africa","15":"tag-afrofuturismo","16":"tag-ancestralidade","17":"tag-angola","18":"tag-aquilombamento","19":"tag-bantu","20":"tag-candomble","21":"tag-carnaval","22":"tag-congo","23":"tag-cria","24":"tag-cultura-afro-brasileira","25":"tag-cultura-da-favela","26":"tag-diaspora","27":"tag-direito-a-favela","28":"tag-historia","29":"tag-ioruba","30":"tag-mangueira","31":"tag-mocambique","32":"tag-nago","33":"tag-pequena-africa","34":"tag-pretos-novos","35":"tag-reparacao","36":"tag-samba","37":"tag-sambodromo","38":"tag-zona-norte","39":"writer-rhuan-goncalves"},"acf":[],"yoast_head":"<!-- This site is optimized with the Yoast SEO plugin v25.6 - https:\/\/yoast.com\/wordpress\/plugins\/seo\/ -->\n<title>A Coroa\u00e7\u00e3o do Cria na Avenida: Esta\u00e7\u00e3o Primeira de Mangueira Exalta o &#039;Orgulho de Ser Favela&#039; Enquanto Conta a Hist\u00f3ria dos Povos Bantu no Carnaval 2025 [ENTREVISTA] - RioOnWatch<\/title>\n<meta name=\"robots\" content=\"index, follow, max-snippet:-1, max-image-preview:large, max-video-preview:-1\" \/>\n<link rel=\"canonical\" href=\"https:\/\/rioonwatch.org.br\/?p=77170\" \/>\n<meta property=\"og:locale\" content=\"pt_BR\" \/>\n<meta property=\"og:type\" content=\"article\" \/>\n<meta property=\"og:title\" content=\"A Coroa\u00e7\u00e3o do Cria na Avenida: Esta\u00e7\u00e3o Primeira de Mangueira Exalta o &#039;Orgulho de Ser Favela&#039; Enquanto Conta a Hist\u00f3ria dos Povos Bantu no Carnaval 2025 [ENTREVISTA] - RioOnWatch\" \/>\n<meta property=\"og:description\" content=\"Click Here for English O Carnaval 2025 est\u00e1 chegando e mostrando um povo cada vez mais orgulhoso de si e de sua Hist\u00f3ria. Das 12 escolas do grupo especial, apenas duas n\u00e3o levam para a [...]\" \/>\n<meta property=\"og:url\" content=\"https:\/\/rioonwatch.org.br\/?p=77170\" \/>\n<meta property=\"og:site_name\" content=\"RioOnWatch\" \/>\n<meta property=\"article:published_time\" content=\"2025-02-27T13:07:11+00:00\" \/>\n<meta property=\"article:modified_time\" content=\"2025-03-08T19:21:00+00:00\" \/>\n<meta property=\"og:image\" content=\"https:\/\/rioonwatch.org.br\/wp-content\/uploads\/2025\/02\/A-Estacao-Primeira-de-Mangueira-em-2025-coroa-o-cria-de-favela-na-Sapucai-descendente-dos-Bantu-e-propoe-afrofuturos-bantu-favelados.-Foto-Redes-Sociais.jpg\" \/>\n\t<meta property=\"og:image:width\" content=\"1080\" \/>\n\t<meta property=\"og:image:height\" content=\"1350\" \/>\n\t<meta property=\"og:image:type\" content=\"image\/jpeg\" \/>\n<meta name=\"author\" content=\"Julio Santos Filho\" \/>\n<meta name=\"twitter:card\" content=\"summary_large_image\" \/>\n<meta name=\"twitter:label1\" content=\"Escrito por\" \/>\n\t<meta name=\"twitter:data1\" content=\"Julio Santos Filho\" \/>\n\t<meta name=\"twitter:label2\" content=\"Est. tempo de leitura\" \/>\n\t<meta name=\"twitter:data2\" content=\"25 minutos\" \/>\n<script type=\"application\/ld+json\" class=\"yoast-schema-graph\">{\"@context\":\"https:\/\/schema.org\",\"@graph\":[{\"@type\":\"Article\",\"@id\":\"https:\/\/rioonwatch.org.br\/?p=77170#article\",\"isPartOf\":{\"@id\":\"https:\/\/rioonwatch.org.br\/?p=77170\"},\"author\":{\"name\":\"Julio Santos Filho\",\"@id\":\"https:\/\/rioonwatch.org.br\/#\/schema\/person\/476bc75767957d3535b65b796667cd36\"},\"headline\":\"A Coroa\u00e7\u00e3o do Cria na Avenida: Esta\u00e7\u00e3o Primeira de Mangueira Exalta o &#8216;Orgulho de Ser Favela&#8217; Enquanto Conta a Hist\u00f3ria dos Povos Bantu no Carnaval 2025 [ENTREVISTA]\",\"datePublished\":\"2025-02-27T13:07:11+00:00\",\"dateModified\":\"2025-03-08T19:21:00+00:00\",\"mainEntityOfPage\":{\"@id\":\"https:\/\/rioonwatch.org.br\/?p=77170\"},\"wordCount\":4294,\"publisher\":{\"@id\":\"https:\/\/rioonwatch.org.br\/#organization\"},\"image\":{\"@id\":\"https:\/\/rioonwatch.org.br\/?p=77170#primaryimage\"},\"thumbnailUrl\":\"https:\/\/rioonwatch.org.br\/wp-content\/uploads\/2025\/02\/A-Estacao-Primeira-de-Mangueira-em-2025-coroa-o-cria-de-favela-na-Sapucai-descendente-dos-Bantu-e-propoe-afrofuturos-bantu-favelados.-Foto-Redes-Sociais.jpg\",\"keywords\":[\"\u00c1frica\",\"afrofuturismo\",\"Ancestralidade\",\"Angola\",\"Aquilombamento\",\"Bantu\",\"Candombl\u00e9\",\"carnaval\",\"Congo\",\"cria\",\"Cultura Afro-brasileira\",\"cultura da favela\",\"Di\u00e1spora Africana\",\"Direito \u00e0 favela\",\"hist\u00f3ria\",\"Iorub\u00e1\",\"Mangueira\",\"Mo\u00e7ambique\",\"Nag\u00f4\",\"Pequena \u00c1frica\",\"Pretos Novos\",\"repara\u00e7\u00e3o\",\"samba\",\"samb\u00f3dromo\",\"Zona Norte\"],\"articleSection\":[\"*Destaque\",\"Cultura da Favela\",\"Entrevistas e Perfis\",\"Escrito por Comunicadores Populares\",\"Qualidades da Favela\",\"Representatividade\",\"Solu\u00e7\u00f5es\"],\"inLanguage\":\"pt-BR\"},{\"@type\":\"WebPage\",\"@id\":\"https:\/\/rioonwatch.org.br\/?p=77170\",\"url\":\"https:\/\/rioonwatch.org.br\/?p=77170\",\"name\":\"A Coroa\u00e7\u00e3o do Cria na Avenida: Esta\u00e7\u00e3o Primeira de Mangueira Exalta o 'Orgulho de Ser Favela' Enquanto Conta a Hist\u00f3ria dos Povos Bantu no Carnaval 2025 [ENTREVISTA] - RioOnWatch\",\"isPartOf\":{\"@id\":\"https:\/\/rioonwatch.org.br\/#website\"},\"primaryImageOfPage\":{\"@id\":\"https:\/\/rioonwatch.org.br\/?p=77170#primaryimage\"},\"image\":{\"@id\":\"https:\/\/rioonwatch.org.br\/?p=77170#primaryimage\"},\"thumbnailUrl\":\"https:\/\/rioonwatch.org.br\/wp-content\/uploads\/2025\/02\/A-Estacao-Primeira-de-Mangueira-em-2025-coroa-o-cria-de-favela-na-Sapucai-descendente-dos-Bantu-e-propoe-afrofuturos-bantu-favelados.-Foto-Redes-Sociais.jpg\",\"datePublished\":\"2025-02-27T13:07:11+00:00\",\"dateModified\":\"2025-03-08T19:21:00+00:00\",\"breadcrumb\":{\"@id\":\"https:\/\/rioonwatch.org.br\/?p=77170#breadcrumb\"},\"inLanguage\":\"pt-BR\",\"potentialAction\":[{\"@type\":\"ReadAction\",\"target\":[\"https:\/\/rioonwatch.org.br\/?p=77170\"]}]},{\"@type\":\"ImageObject\",\"inLanguage\":\"pt-BR\",\"@id\":\"https:\/\/rioonwatch.org.br\/?p=77170#primaryimage\",\"url\":\"https:\/\/rioonwatch.org.br\/wp-content\/uploads\/2025\/02\/A-Estacao-Primeira-de-Mangueira-em-2025-coroa-o-cria-de-favela-na-Sapucai-descendente-dos-Bantu-e-propoe-afrofuturos-bantu-favelados.-Foto-Redes-Sociais.jpg\",\"contentUrl\":\"https:\/\/rioonwatch.org.br\/wp-content\/uploads\/2025\/02\/A-Estacao-Primeira-de-Mangueira-em-2025-coroa-o-cria-de-favela-na-Sapucai-descendente-dos-Bantu-e-propoe-afrofuturos-bantu-favelados.-Foto-Redes-Sociais.jpg\",\"width\":1080,\"height\":1350,\"caption\":\"A Esta\u00e7\u00e3o Primeira de Mangueira em 2025 coroa o cria de favela na Sapuca\u00ed, descendente dos Bantu e prop\u00f5e afrofuturos bantu-favelados. Foto: Redes Sociais\"},{\"@type\":\"BreadcrumbList\",\"@id\":\"https:\/\/rioonwatch.org.br\/?p=77170#breadcrumb\",\"itemListElement\":[{\"@type\":\"ListItem\",\"position\":1,\"name\":\"In\u00edcio\",\"item\":\"https:\/\/rioonwatch.org.br\/\"},{\"@type\":\"ListItem\",\"position\":2,\"name\":\"A Coroa\u00e7\u00e3o do Cria na Avenida: Esta\u00e7\u00e3o Primeira de Mangueira Exalta o &#8216;Orgulho de Ser Favela&#8217; Enquanto Conta a Hist\u00f3ria dos Povos Bantu no Carnaval 2025 [ENTREVISTA]\"}]},{\"@type\":\"WebSite\",\"@id\":\"https:\/\/rioonwatch.org.br\/#website\",\"url\":\"https:\/\/rioonwatch.org.br\/\",\"name\":\"RioOnWatch\",\"description\":\"relatos das favelas cariocas\",\"publisher\":{\"@id\":\"https:\/\/rioonwatch.org.br\/#organization\"},\"potentialAction\":[{\"@type\":\"SearchAction\",\"target\":{\"@type\":\"EntryPoint\",\"urlTemplate\":\"https:\/\/rioonwatch.org.br\/?s={search_term_string}\"},\"query-input\":{\"@type\":\"PropertyValueSpecification\",\"valueRequired\":true,\"valueName\":\"search_term_string\"}}],\"inLanguage\":\"pt-BR\"},{\"@type\":\"Organization\",\"@id\":\"https:\/\/rioonwatch.org.br\/#organization\",\"name\":\"RioOnWatch\",\"url\":\"https:\/\/rioonwatch.org.br\/\",\"logo\":{\"@type\":\"ImageObject\",\"inLanguage\":\"pt-BR\",\"@id\":\"https:\/\/rioonwatch.org.br\/#\/schema\/logo\/image\/\",\"url\":\"https:\/\/rioonwatch.org.br\/wp-content\/uploads\/2021\/06\/RioOnWatchcabecalhoPT11anos-2.png\",\"contentUrl\":\"https:\/\/rioonwatch.org.br\/wp-content\/uploads\/2021\/06\/RioOnWatchcabecalhoPT11anos-2.png\",\"width\":779,\"height\":277,\"caption\":\"RioOnWatch\"},\"image\":{\"@id\":\"https:\/\/rioonwatch.org.br\/#\/schema\/logo\/image\/\"}},{\"@type\":\"Person\",\"@id\":\"https:\/\/rioonwatch.org.br\/#\/schema\/person\/476bc75767957d3535b65b796667cd36\",\"name\":\"Julio Santos Filho\",\"image\":{\"@type\":\"ImageObject\",\"inLanguage\":\"pt-BR\",\"@id\":\"https:\/\/rioonwatch.org.br\/#\/schema\/person\/image\/\",\"url\":\"https:\/\/secure.gravatar.com\/avatar\/ca138f7666182a292a8ce4ca14fb81f8?s=96&d=blank&r=g\",\"contentUrl\":\"https:\/\/secure.gravatar.com\/avatar\/ca138f7666182a292a8ce4ca14fb81f8?s=96&d=blank&r=g\",\"caption\":\"Julio Santos Filho\"},\"url\":\"https:\/\/rioonwatch.org.br\/?author=167\"}]}<\/script>\n<!-- \/ Yoast SEO plugin. -->","yoast_head_json":{"title":"A Coroa\u00e7\u00e3o do Cria na Avenida: Esta\u00e7\u00e3o Primeira de Mangueira Exalta o 'Orgulho de Ser Favela' Enquanto Conta a Hist\u00f3ria dos Povos Bantu no Carnaval 2025 [ENTREVISTA] - RioOnWatch","robots":{"index":"index","follow":"follow","max-snippet":"max-snippet:-1","max-image-preview":"max-image-preview:large","max-video-preview":"max-video-preview:-1"},"canonical":"https:\/\/rioonwatch.org.br\/?p=77170","og_locale":"pt_BR","og_type":"article","og_title":"A Coroa\u00e7\u00e3o do Cria na Avenida: Esta\u00e7\u00e3o Primeira de Mangueira Exalta o 'Orgulho de Ser Favela' Enquanto Conta a Hist\u00f3ria dos Povos Bantu no Carnaval 2025 [ENTREVISTA] - RioOnWatch","og_description":"Click Here for English O Carnaval 2025 est\u00e1 chegando e mostrando um povo cada vez mais orgulhoso de si e de sua Hist\u00f3ria. Das 12 escolas do grupo especial, apenas duas n\u00e3o levam para a [...]","og_url":"https:\/\/rioonwatch.org.br\/?p=77170","og_site_name":"RioOnWatch","article_published_time":"2025-02-27T13:07:11+00:00","article_modified_time":"2025-03-08T19:21:00+00:00","og_image":[{"width":1080,"height":1350,"url":"https:\/\/rioonwatch.org.br\/wp-content\/uploads\/2025\/02\/A-Estacao-Primeira-de-Mangueira-em-2025-coroa-o-cria-de-favela-na-Sapucai-descendente-dos-Bantu-e-propoe-afrofuturos-bantu-favelados.-Foto-Redes-Sociais.jpg","type":"image\/jpeg"}],"author":"Julio Santos Filho","twitter_card":"summary_large_image","twitter_misc":{"Escrito por":"Julio Santos Filho","Est. tempo de leitura":"25 minutos"},"schema":{"@context":"https:\/\/schema.org","@graph":[{"@type":"Article","@id":"https:\/\/rioonwatch.org.br\/?p=77170#article","isPartOf":{"@id":"https:\/\/rioonwatch.org.br\/?p=77170"},"author":{"name":"Julio Santos Filho","@id":"https:\/\/rioonwatch.org.br\/#\/schema\/person\/476bc75767957d3535b65b796667cd36"},"headline":"A Coroa\u00e7\u00e3o do Cria na Avenida: Esta\u00e7\u00e3o Primeira de Mangueira Exalta o &#8216;Orgulho de Ser Favela&#8217; Enquanto Conta a Hist\u00f3ria dos Povos Bantu no Carnaval 2025 [ENTREVISTA]","datePublished":"2025-02-27T13:07:11+00:00","dateModified":"2025-03-08T19:21:00+00:00","mainEntityOfPage":{"@id":"https:\/\/rioonwatch.org.br\/?p=77170"},"wordCount":4294,"publisher":{"@id":"https:\/\/rioonwatch.org.br\/#organization"},"image":{"@id":"https:\/\/rioonwatch.org.br\/?p=77170#primaryimage"},"thumbnailUrl":"https:\/\/rioonwatch.org.br\/wp-content\/uploads\/2025\/02\/A-Estacao-Primeira-de-Mangueira-em-2025-coroa-o-cria-de-favela-na-Sapucai-descendente-dos-Bantu-e-propoe-afrofuturos-bantu-favelados.-Foto-Redes-Sociais.jpg","keywords":["\u00c1frica","afrofuturismo","Ancestralidade","Angola","Aquilombamento","Bantu","Candombl\u00e9","carnaval","Congo","cria","Cultura Afro-brasileira","cultura da favela","Di\u00e1spora Africana","Direito \u00e0 favela","hist\u00f3ria","Iorub\u00e1","Mangueira","Mo\u00e7ambique","Nag\u00f4","Pequena \u00c1frica","Pretos Novos","repara\u00e7\u00e3o","samba","samb\u00f3dromo","Zona Norte"],"articleSection":["*Destaque","Cultura da Favela","Entrevistas e Perfis","Escrito por Comunicadores Populares","Qualidades da Favela","Representatividade","Solu\u00e7\u00f5es"],"inLanguage":"pt-BR"},{"@type":"WebPage","@id":"https:\/\/rioonwatch.org.br\/?p=77170","url":"https:\/\/rioonwatch.org.br\/?p=77170","name":"A Coroa\u00e7\u00e3o do Cria na Avenida: Esta\u00e7\u00e3o Primeira de Mangueira Exalta o 'Orgulho de Ser Favela' Enquanto Conta a Hist\u00f3ria dos Povos Bantu no Carnaval 2025 [ENTREVISTA] - RioOnWatch","isPartOf":{"@id":"https:\/\/rioonwatch.org.br\/#website"},"primaryImageOfPage":{"@id":"https:\/\/rioonwatch.org.br\/?p=77170#primaryimage"},"image":{"@id":"https:\/\/rioonwatch.org.br\/?p=77170#primaryimage"},"thumbnailUrl":"https:\/\/rioonwatch.org.br\/wp-content\/uploads\/2025\/02\/A-Estacao-Primeira-de-Mangueira-em-2025-coroa-o-cria-de-favela-na-Sapucai-descendente-dos-Bantu-e-propoe-afrofuturos-bantu-favelados.-Foto-Redes-Sociais.jpg","datePublished":"2025-02-27T13:07:11+00:00","dateModified":"2025-03-08T19:21:00+00:00","breadcrumb":{"@id":"https:\/\/rioonwatch.org.br\/?p=77170#breadcrumb"},"inLanguage":"pt-BR","potentialAction":[{"@type":"ReadAction","target":["https:\/\/rioonwatch.org.br\/?p=77170"]}]},{"@type":"ImageObject","inLanguage":"pt-BR","@id":"https:\/\/rioonwatch.org.br\/?p=77170#primaryimage","url":"https:\/\/rioonwatch.org.br\/wp-content\/uploads\/2025\/02\/A-Estacao-Primeira-de-Mangueira-em-2025-coroa-o-cria-de-favela-na-Sapucai-descendente-dos-Bantu-e-propoe-afrofuturos-bantu-favelados.-Foto-Redes-Sociais.jpg","contentUrl":"https:\/\/rioonwatch.org.br\/wp-content\/uploads\/2025\/02\/A-Estacao-Primeira-de-Mangueira-em-2025-coroa-o-cria-de-favela-na-Sapucai-descendente-dos-Bantu-e-propoe-afrofuturos-bantu-favelados.-Foto-Redes-Sociais.jpg","width":1080,"height":1350,"caption":"A Esta\u00e7\u00e3o Primeira de Mangueira em 2025 coroa o cria de favela na Sapuca\u00ed, descendente dos Bantu e prop\u00f5e afrofuturos bantu-favelados. Foto: Redes Sociais"},{"@type":"BreadcrumbList","@id":"https:\/\/rioonwatch.org.br\/?p=77170#breadcrumb","itemListElement":[{"@type":"ListItem","position":1,"name":"In\u00edcio","item":"https:\/\/rioonwatch.org.br\/"},{"@type":"ListItem","position":2,"name":"A Coroa\u00e7\u00e3o do Cria na Avenida: Esta\u00e7\u00e3o Primeira de Mangueira Exalta o &#8216;Orgulho de Ser Favela&#8217; Enquanto Conta a Hist\u00f3ria dos Povos Bantu no Carnaval 2025 [ENTREVISTA]"}]},{"@type":"WebSite","@id":"https:\/\/rioonwatch.org.br\/#website","url":"https:\/\/rioonwatch.org.br\/","name":"RioOnWatch","description":"relatos das favelas cariocas","publisher":{"@id":"https:\/\/rioonwatch.org.br\/#organization"},"potentialAction":[{"@type":"SearchAction","target":{"@type":"EntryPoint","urlTemplate":"https:\/\/rioonwatch.org.br\/?s={search_term_string}"},"query-input":{"@type":"PropertyValueSpecification","valueRequired":true,"valueName":"search_term_string"}}],"inLanguage":"pt-BR"},{"@type":"Organization","@id":"https:\/\/rioonwatch.org.br\/#organization","name":"RioOnWatch","url":"https:\/\/rioonwatch.org.br\/","logo":{"@type":"ImageObject","inLanguage":"pt-BR","@id":"https:\/\/rioonwatch.org.br\/#\/schema\/logo\/image\/","url":"https:\/\/rioonwatch.org.br\/wp-content\/uploads\/2021\/06\/RioOnWatchcabecalhoPT11anos-2.png","contentUrl":"https:\/\/rioonwatch.org.br\/wp-content\/uploads\/2021\/06\/RioOnWatchcabecalhoPT11anos-2.png","width":779,"height":277,"caption":"RioOnWatch"},"image":{"@id":"https:\/\/rioonwatch.org.br\/#\/schema\/logo\/image\/"}},{"@type":"Person","@id":"https:\/\/rioonwatch.org.br\/#\/schema\/person\/476bc75767957d3535b65b796667cd36","name":"Julio Santos Filho","image":{"@type":"ImageObject","inLanguage":"pt-BR","@id":"https:\/\/rioonwatch.org.br\/#\/schema\/person\/image\/","url":"https:\/\/secure.gravatar.com\/avatar\/ca138f7666182a292a8ce4ca14fb81f8?s=96&d=blank&r=g","contentUrl":"https:\/\/secure.gravatar.com\/avatar\/ca138f7666182a292a8ce4ca14fb81f8?s=96&d=blank&r=g","caption":"Julio Santos Filho"},"url":"https:\/\/rioonwatch.org.br\/?author=167"}]}},"_links":{"self":[{"href":"https:\/\/rioonwatch.org.br\/index.php?rest_route=\/wp\/v2\/posts\/77170"}],"collection":[{"href":"https:\/\/rioonwatch.org.br\/index.php?rest_route=\/wp\/v2\/posts"}],"about":[{"href":"https:\/\/rioonwatch.org.br\/index.php?rest_route=\/wp\/v2\/types\/post"}],"author":[{"embeddable":true,"href":"https:\/\/rioonwatch.org.br\/index.php?rest_route=\/wp\/v2\/users\/167"}],"replies":[{"embeddable":true,"href":"https:\/\/rioonwatch.org.br\/index.php?rest_route=%2Fwp%2Fv2%2Fcomments&post=77170"}],"version-history":[{"count":46,"href":"https:\/\/rioonwatch.org.br\/index.php?rest_route=\/wp\/v2\/posts\/77170\/revisions"}],"predecessor-version":[{"id":77260,"href":"https:\/\/rioonwatch.org.br\/index.php?rest_route=\/wp\/v2\/posts\/77170\/revisions\/77260"}],"wp:featuredmedia":[{"embeddable":true,"href":"https:\/\/rioonwatch.org.br\/index.php?rest_route=\/wp\/v2\/media\/77190"}],"wp:attachment":[{"href":"https:\/\/rioonwatch.org.br\/index.php?rest_route=%2Fwp%2Fv2%2Fmedia&parent=77170"}],"wp:term":[{"taxonomy":"category","embeddable":true,"href":"https:\/\/rioonwatch.org.br\/index.php?rest_route=%2Fwp%2Fv2%2Fcategories&post=77170"},{"taxonomy":"post_tag","embeddable":true,"href":"https:\/\/rioonwatch.org.br\/index.php?rest_route=%2Fwp%2Fv2%2Ftags&post=77170"},{"taxonomy":"writer","embeddable":true,"href":"https:\/\/rioonwatch.org.br\/index.php?rest_route=%2Fwp%2Fv2%2Fwriter&post=77170"},{"taxonomy":"translator","embeddable":true,"href":"https:\/\/rioonwatch.org.br\/index.php?rest_route=%2Fwp%2Fv2%2Ftranslator&post=77170"},{"taxonomy":"source","embeddable":true,"href":"https:\/\/rioonwatch.org.br\/index.php?rest_route=%2Fwp%2Fv2%2Fsource&post=77170"},{"taxonomy":"ilustrador","embeddable":true,"href":"https:\/\/rioonwatch.org.br\/index.php?rest_route=%2Fwp%2Fv2%2Filustrador&post=77170"},{"taxonomy":"fotografo","embeddable":true,"href":"https:\/\/rioonwatch.org.br\/index.php?rest_route=%2Fwp%2Fv2%2Ffotografo&post=77170"}],"curies":[{"name":"wp","href":"https:\/\/api.w.org\/{rel}","templated":true}]}}