{"id":77306,"date":"2025-03-13T09:59:59","date_gmt":"2025-03-13T12:59:59","guid":{"rendered":"https:\/\/rioonwatch.org.br\/?p=77306"},"modified":"2025-04-01T10:36:17","modified_gmt":"2025-04-01T13:36:17","slug":"empreendedorismo-feminino-letramento-racial-autonomia-financeira-para-mulheres-de-jardim-gramacho-duque-de-caxias","status":"publish","type":"post","link":"https:\/\/rioonwatch.org.br\/?p=77306","title":{"rendered":"Empreendedorismo Feminino + Letramento Racial = Autonomia Financeira para Mulheres de Jardim Gramacho, Duque de Caxias"},"content":{"rendered":"<figure id=\"attachment_77347\" aria-describedby=\"caption-attachment-77347\" style=\"width: 1207px\" class=\"wp-caption aligncenter\"><a href=\"https:\/\/rioonwatch.org.br\/wp-content\/uploads\/2025\/03\/Pega-Visao.png\"><img fetchpriority=\"high\" decoding=\"async\" class=\"wp-image-77347 size-full\" src=\"https:\/\/rioonwatch.org.br\/wp-content\/uploads\/2025\/03\/Pega-Visao.png\" alt=\"\" width=\"1207\" height=\"576\" srcset=\"https:\/\/rioonwatch.org.br\/wp-content\/uploads\/2025\/03\/Pega-Visao.png 1207w, https:\/\/rioonwatch.org.br\/wp-content\/uploads\/2025\/03\/Pega-Visao-620x296.png 620w, https:\/\/rioonwatch.org.br\/wp-content\/uploads\/2025\/03\/Pega-Visao-768x367.png 768w\" sizes=\"(max-width: 1207px) 100vw, 1207px\" \/><\/a><figcaption id=\"caption-attachment-77347\" class=\"wp-caption-text\">Pega Vis\u00e3o &#8211; Empreendedorismo para o Futuro<\/figcaption><\/figure>\n<p style=\"text-align: right;\"><em><strong><a href=\"https:\/\/bit.ly\/4hS3bEU\" target=\"_blank\" rel=\"noopener noreferrer\">Click Here for English<\/a><a href=\"https:\/\/bit.ly\/4hS3bEU\" target=\"_blank\" rel=\"noopener noreferrer\"><img decoding=\"async\" class=\"alignright wp-image-15790\" src=\"http:\/\/rioonwatch.org.br\/wp-content\/uploads\/2012\/08\/EN-standard-e1439583104716.jpg\" alt=\"\" width=\"20\" height=\"20\" \/><\/a><\/strong><\/em><\/p>\n<p><span style=\"font-weight: 400;\">Neste M\u00eas da Mulher, em um dos territ\u00f3rios mais vulner\u00e1veis da <a href=\"https:\/\/bit.ly\/31OS3Vq\" target=\"_blank\" rel=\"noopener\">Baixada Fluminense<\/a>, <\/span><span style=\"font-weight: 400;\">uma iniciativa est\u00e1 transformando a realidade de mulheres negras de baixa escolaridade. O projeto<\/span><span style=\"font-weight: 400;\">\u00a0<\/span><a href=\"https:\/\/bit.ly\/41UxDtd\" target=\"_blank\" rel=\"noopener\">Pega Vis\u00e3o &#8211; Empreendedorismo para o Futuro<\/a><span style=\"font-weight: 400;\">, do <a href=\"https:\/\/bit.ly\/47U3b2p\" target=\"_blank\" rel=\"noopener\">Baixada Lab<\/a>, busca fortalecer a autonomia financeira e a educa\u00e7\u00e3o antirracista entre mulheres de 18 a 50 anos no bairro de <a href=\"https:\/\/bit.ly\/31OS3Vq\" target=\"_blank\" rel=\"noopener\">Jardim Gramacho<\/a>, em <a href=\"https:\/\/bit.ly\/2ZjNemE\" target=\"_blank\" rel=\"noopener\">Duque de Caxias<\/a>.\u00a0<\/span><\/p>\n<p><span style=\"font-weight: 400;\">Desde 2023, o Pega Vis\u00e3o atende m\u00e3es e jovens que j\u00e1 possuem ou que desejam criar seu pr\u00f3prio neg\u00f3cio, promovendo o empreendedorismo como ferramenta de emancipa\u00e7\u00e3o e gera\u00e7\u00e3o de renda. Em um territ\u00f3rio onde milhares de pessoas vivem com menos de <\/span><a href=\"https:\/\/bit.ly\/3DFbgyK\" target=\"_blank\" rel=\"noopener\"><span style=\"font-weight: 400;\">R$3 por dia<\/span><\/a><span style=\"font-weight: 400;\">, iniciativas como essa representam, mais do que oportunidades econ\u00f4micas: espa\u00e7os de fortalecimento pessoal e comunit\u00e1rio.<\/span><\/p>\n<p><span style=\"font-weight: 400;\">O projeto, que j\u00e1 impacta cerca de 100 mulheres, conta com oficineiros e colaboradores que j\u00e1 empreendem nos ramos da educa\u00e7\u00e3o, m\u00eddia, papelaria, maquiagem e espa\u00e7os colaborativos. O Pega Vis\u00e3o tamb\u00e9m j\u00e1 atuou em parceria com organiza\u00e7\u00f5es locais como a<\/span><span style=\"font-weight: 400;\">\u00a0<\/span><a href=\"https:\/\/bit.ly\/3DsoleO\" target=\"_blank\" rel=\"noopener\"><span style=\"font-weight: 400;\">Pamen Cheifa<\/span><\/a><span style=\"font-weight: 400;\"> ao longo de seus 12 meses. \u00c0s participantes, o projeto oferece oficinas, palestras e exerc\u00edcios pr\u00e1ticos sobre desenvolvimento de marca, solu\u00e7\u00f5es criativas e marketing digital. Cinco mulheres receberam investimentos diretos para seus neg\u00f3cios por meio do Baixada Lab, com o apoio da <\/span><a href=\"https:\/\/bit.ly\/43GvL8E\" target=\"_blank\" rel=\"noopener\"><span style=\"font-weight: 400;\">Open Society Foundations<\/span><\/a><span style=\"font-weight: 400;\"> e do Instituto de Estudos da Religi\u00e3o (<\/span><a href=\"https:\/\/bit.ly\/3Fllrcm\" target=\"_blank\" rel=\"noopener\"><span style=\"font-weight: 400;\">ISER<\/span><\/a><span style=\"font-weight: 400;\">). <\/span><\/p>\n<p><span style=\"font-weight: 400;\">O projeto hoje est\u00e1 em sua segunda fase, iniciada em agosto de 2024, com foco maior para as redes sociais e nas tem\u00e1ticas raciais, com a presen\u00e7a de duas empreendedoras negras, uma na \u00e1rea da beleza e outra na \u00e1rea de gest\u00e3o de neg\u00f3cios. Atualmente, o projeto acontece dentro de uma unidade da igreja <a href=\"https:\/\/bit.ly\/4iDd3TF\" target=\"_blank\" rel=\"noopener\">Assembleia de Deus<\/a>.<\/span><\/p>\n<blockquote><p><span style=\"font-weight: 400;\">\u201cTrabalho na \u00e1rea de Nail Designer, de manicure desde os meus 12 anos. Um tempo atr\u00e1s eu estava desacreditada, at\u00e9 eu entrar no curso\u2026 No come\u00e7o [eu pensei]: \u00e9 muita coisa que a gente n\u00e3o tem aqui [em Jardim Gramacho]. [Por isso \u00e9 importante] um curso gratuito, pra abrir nossa mente e [nos ajudar] a seguir nossos sonhos e nossa carreira.<\/span><span style=\"font-weight: 400;\">\u201d \u2014 Lorrane de Pontes, aluna do Pega Vis\u00e3o<\/span><\/p><\/blockquote>\n<p><span style=\"font-weight: 400;\">Uma das oficineiras adotou uma abordagem de <\/span>conta\u00e7\u00e3o de hist\u00f3rias<span style=\"font-weight: 400;\"> para conduzir sua did\u00e1tica. Ela iniciou compartilhando sua pr\u00f3pria trajet\u00f3ria, descrevendo sua viv\u00eancia em uma favela, onde morava com sua m\u00e3e e irm\u00e3s em condi\u00e7\u00f5es extremamente prec\u00e1rias. Ao longo do relato, destacou a import\u00e2ncia dos projetos sociais, explicando que, desde a inf\u00e2ncia e adolesc\u00eancia, participou de diversas iniciativas desse tipo, que foram fundamentais para seu avan\u00e7o educacional e para o acesso ao ensino superior. <\/span>Apesar do percurso acad\u00eamico, ela sempre teve o desejo de empreender no ramo da maquiagem. Durante a oficina, ao ensinar as meninas, enfatizou a necessidade de disciplina e rigor na constru\u00e7\u00e3o de uma postura que as afastasse de caminhos como a prostitui\u00e7\u00e3o, relacionamentos abusivos e envolvimento com drogas.<\/p>\n<figure id=\"attachment_77313\" aria-describedby=\"caption-attachment-77313\" style=\"width: 1365px\" class=\"wp-caption aligncenter\"><a href=\"https:\/\/rioonwatch.org.br\/wp-content\/uploads\/2025\/03\/No-projeto-Pega-Visao-as-participantes-aprendem-a-promover-seus-negocios-nas-oficinas-de-fotografia-para-redes-sociais.-Foto-Divulgacao.jpg\"><img decoding=\"async\" class=\"wp-image-77313 size-full\" title=\"No projeto Pega Vis\u00e3o, as participantes aprendem a promover seus neg\u00f3cios nas oficinas de fotografia para redes sociais. Foto: Divulga\u00e7\u00e3o\" src=\"https:\/\/rioonwatch.org.br\/wp-content\/uploads\/2025\/03\/No-projeto-Pega-Visao-as-participantes-aprendem-a-promover-seus-negocios-nas-oficinas-de-fotografia-para-redes-sociais.-Foto-Divulgacao.jpg\" alt=\"No projeto Pega Vis\u00e3o, as participantes aprendem a promover seus neg\u00f3cios nas oficinas de fotografia para redes sociais. Foto: Divulga\u00e7\u00e3o\" width=\"1365\" height=\"2048\" srcset=\"https:\/\/rioonwatch.org.br\/wp-content\/uploads\/2025\/03\/No-projeto-Pega-Visao-as-participantes-aprendem-a-promover-seus-negocios-nas-oficinas-de-fotografia-para-redes-sociais.-Foto-Divulgacao.jpg 1365w, https:\/\/rioonwatch.org.br\/wp-content\/uploads\/2025\/03\/No-projeto-Pega-Visao-as-participantes-aprendem-a-promover-seus-negocios-nas-oficinas-de-fotografia-para-redes-sociais.-Foto-Divulgacao-413x620.jpg 413w, https:\/\/rioonwatch.org.br\/wp-content\/uploads\/2025\/03\/No-projeto-Pega-Visao-as-participantes-aprendem-a-promover-seus-negocios-nas-oficinas-de-fotografia-para-redes-sociais.-Foto-Divulgacao-1000x1500.jpg 1000w, https:\/\/rioonwatch.org.br\/wp-content\/uploads\/2025\/03\/No-projeto-Pega-Visao-as-participantes-aprendem-a-promover-seus-negocios-nas-oficinas-de-fotografia-para-redes-sociais.-Foto-Divulgacao-768x1152.jpg 768w, https:\/\/rioonwatch.org.br\/wp-content\/uploads\/2025\/03\/No-projeto-Pega-Visao-as-participantes-aprendem-a-promover-seus-negocios-nas-oficinas-de-fotografia-para-redes-sociais.-Foto-Divulgacao-1024x1536.jpg 1024w\" sizes=\"(max-width: 1365px) 100vw, 1365px\" \/><\/a><figcaption id=\"caption-attachment-77313\" class=\"wp-caption-text\">No projeto Pega Vis\u00e3o, as participantes aprendem a promover seus neg\u00f3cios nas oficinas de fotografia para redes sociais. Foto: Divulga\u00e7\u00e3o<\/figcaption><\/figure>\n<h3>O Letramento Racial e o Jardim Gramacho<\/h3>\n<p>O projeto tem impulsionado mulheres que atuam em diversas \u00e1reas, como manicure, confeitaria, papelaria criativa, com\u00e9rcio de roupas e alimenta\u00e7\u00e3o. Al\u00e9m de oferecer qualifica\u00e7\u00e3o profissional, a iniciativa incorpora uma abordagem de <a href=\"https:\/\/bit.ly\/3DAEfUn\" target=\"_blank\" rel=\"noopener\">letramento racial<\/a> em todas as suas atividades, ajudando as mulheres a se reconhecerem e se fortalecerem a partir de sua identidade racial e do contexto social em que est\u00e3o inseridas.<\/p>\n<blockquote><p>\u201cAprendi que eu sou capaz, que eu posso, que eu consigo\u2026 atrav\u00e9s do projeto estou conseguindo me reinventar, abrindo novas janelas e aprendendo a cada dia mais. Tinha muito receio de tentar e errar. [Com os] professores aprendi que, atrav\u00e9s dos meus erros, nos aperfei\u00e7oamos e crescemos.\u201d \u2014 Camila Trindade, aluna do Pega Vis\u00e3o<\/p><\/blockquote>\n<p>Em seu artigo <em><a href=\"https:\/\/www.researchgate.net\/publication\/283091928_Letramento_Racial_Critico_Atraves_de_Narrativas_Autobiograficas_Com_atividades_Reflexivas_Ponta_Grossa_Pr_Editora_Estudio_Texto_2015\" target=\"_blank\" rel=\"noopener\">Letramento racial cr\u00edtico atrav\u00e9s de narrativas autobiogr\u00e1ficas: com atividades reflexivas<\/a><\/em>, a linguista e professora Aparecida de Jesus Ferreira afirma que o \u201cletramento racial cr\u00edtico \u00e9 refletir sobre ra\u00e7a e racismo, e nos possibilita ver o nosso pr\u00f3prio entendimento de como ra\u00e7a e racismo s\u00e3o tratados no nosso dia a dia, e o quanto ra\u00e7a e racismo t\u00eam impacto em nossas identidades sociais e em nossas vidas, seja no trabalho, seja no ambiente escolar, universit\u00e1rio, seja em nossas fam\u00edlias, seja nas nossas rela\u00e7\u00f5es sociais\u201d.<\/p>\n<p>Abordando o letramento racial cr\u00edtico em suas atividades, o projeto Pega Vis\u00e3o ajuda empreendedoras negras a compreenderem como ra\u00e7a e racismo afetam suas trajet\u00f3rias e oportunidades de neg\u00f3cio. Ao reconhecer essas din\u00e2micas, elas podem fortalecer sua identidade, valorizar seus saberes e criar estrat\u00e9gias para superar barreiras estruturais.<\/p>\n<blockquote><p>\u201cFalar de autonomia financeira no territ\u00f3rio de Jardim Gramacho \u00e9 importante, porque n\u00f3s estamos falando de um territ\u00f3rio impactado por mais de 30 anos do principal aterro sanit\u00e1rio da Am\u00e9rica Latina. Esse impacto gerou uma s\u00e9rie de problemas de infraestrutura, aus\u00eancia de saneamento b\u00e1sico, pol\u00edtica p\u00fablica de habita\u00e7\u00e3o&#8230; Ali [o poder p\u00fablico] n\u00e3o atende \u00e0 necessidade dos moradores das \u00e1reas mais precarizadas. Pensar a autonomia financeira \u00e9 romper com a l\u00f3gica assistencialista, que \u00e9 muito forte no territ\u00f3rio, e ajudar a organizar, de maneira coletiva, uma consci\u00eancia empreendedora em di\u00e1logo com uma pr\u00e1tica paulo-freiriana de leitura do mundo, precedendo a leitura do texto. Logo, uma leitura social que gere responsabilidade com as finan\u00e7as, uma perspectiva de empreendedorismo em rede, porque se o problema \u00e9 estrutural, nenhum empreendedor vai conseguir resolver isso sozinho, ent\u00e3o, ele vai ter que criar um ecossistema com outros empreendedores e empreendedoras, a fim de fomentar uma economia local robusta, forte, que possa prover de maneira significativa os neg\u00f3cios e seus clientes do territ\u00f3rio e para al\u00e9m do territ\u00f3rio.\u201d \u2014 Vladimir de Oliveira, coordenador pedag\u00f3gico do Baixada Lab<\/p><\/blockquote>\n<figure id=\"attachment_77318\" aria-describedby=\"caption-attachment-77318\" style=\"width: 2296px\" class=\"wp-caption aligncenter\"><a href=\"https:\/\/rioonwatch.org.br\/wp-content\/uploads\/2025\/03\/Participantes-aprendem-estrategias-de-marketing-e-comunicacao-para-negocio-de-beleza-voltados-para-o-publico-negro-com-a-maquiadora-Mariana-Sandes-de-vermelho.-Foto-Divulgacao.jpeg\"><img loading=\"lazy\" decoding=\"async\" class=\"wp-image-77318 size-full\" title=\"Participantes aprendem estrat\u00e9gias de marketing e comunica\u00e7\u00e3o para neg\u00f3cio de beleza voltados para o p\u00fablico negro com a maquiadora Mariana Sandes (de vermelho). Foto: Divulga\u00e7\u00e3o\" src=\"https:\/\/rioonwatch.org.br\/wp-content\/uploads\/2025\/03\/Participantes-aprendem-estrategias-de-marketing-e-comunicacao-para-negocio-de-beleza-voltados-para-o-publico-negro-com-a-maquiadora-Mariana-Sandes-de-vermelho.-Foto-Divulgacao.jpeg\" alt=\"Participantes aprendem estrat\u00e9gias de marketing e comunica\u00e7\u00e3o para neg\u00f3cio de beleza voltados para o p\u00fablico negro com a maquiadora Mariana Sandes (de vermelho). Foto: Divulga\u00e7\u00e3o\" width=\"2296\" height=\"1995\" srcset=\"https:\/\/rioonwatch.org.br\/wp-content\/uploads\/2025\/03\/Participantes-aprendem-estrategias-de-marketing-e-comunicacao-para-negocio-de-beleza-voltados-para-o-publico-negro-com-a-maquiadora-Mariana-Sandes-de-vermelho.-Foto-Divulgacao.jpeg 2296w, https:\/\/rioonwatch.org.br\/wp-content\/uploads\/2025\/03\/Participantes-aprendem-estrategias-de-marketing-e-comunicacao-para-negocio-de-beleza-voltados-para-o-publico-negro-com-a-maquiadora-Mariana-Sandes-de-vermelho.-Foto-Divulgacao-620x539.jpeg 620w, https:\/\/rioonwatch.org.br\/wp-content\/uploads\/2025\/03\/Participantes-aprendem-estrategias-de-marketing-e-comunicacao-para-negocio-de-beleza-voltados-para-o-publico-negro-com-a-maquiadora-Mariana-Sandes-de-vermelho.-Foto-Divulgacao-1726x1500.jpeg 1726w, https:\/\/rioonwatch.org.br\/wp-content\/uploads\/2025\/03\/Participantes-aprendem-estrategias-de-marketing-e-comunicacao-para-negocio-de-beleza-voltados-para-o-publico-negro-com-a-maquiadora-Mariana-Sandes-de-vermelho.-Foto-Divulgacao-768x667.jpeg 768w, https:\/\/rioonwatch.org.br\/wp-content\/uploads\/2025\/03\/Participantes-aprendem-estrategias-de-marketing-e-comunicacao-para-negocio-de-beleza-voltados-para-o-publico-negro-com-a-maquiadora-Mariana-Sandes-de-vermelho.-Foto-Divulgacao-1536x1335.jpeg 1536w, https:\/\/rioonwatch.org.br\/wp-content\/uploads\/2025\/03\/Participantes-aprendem-estrategias-de-marketing-e-comunicacao-para-negocio-de-beleza-voltados-para-o-publico-negro-com-a-maquiadora-Mariana-Sandes-de-vermelho.-Foto-Divulgacao-2048x1780.jpeg 2048w\" sizes=\"(max-width: 2296px) 100vw, 2296px\" \/><\/a><figcaption id=\"caption-attachment-77318\" class=\"wp-caption-text\">Participantes aprendem estrat\u00e9gias de marketing e comunica\u00e7\u00e3o para neg\u00f3cio de beleza voltados para o p\u00fablico negro com a maquiadora Mariana Sandes (de vermelho). Foto: Divulga\u00e7\u00e3o<\/figcaption><\/figure>\n<p>Jardim Gramacho, em Duque de Caxias, \u00e9, historicamente, uma das regi\u00f5es mais empobrecidas da Baixada Fluminense, marcada por d\u00e9cadas de vulnerabilidade social e econ\u00f4mica. O territ\u00f3rio ganhou visibilidade internacional com o document\u00e1rio <a href=\"https:\/\/bit.ly\/41XkDmF\" target=\"_blank\" rel=\"noopener\"><i>Lixo Extraordin\u00e1rio<\/i><\/a> (2010), do artista pl\u00e1stico <a href=\"https:\/\/www.nytimes.com\/2023\/12\/06\/special-series\/vik-muniz-brazil-garbage-art.html\">Vik Muniz<\/a>, que retrata a dura realidade dos catadores de materiais recicl\u00e1veis do antigo aterro sanit\u00e1rio\u2014por muitos anos, o maior da Am\u00e9rica Latina.<\/p>\n<p><span style=\"font-weight: 400;\"><a href=\"http:\/\/bit.ly\/2tXIhP3\">Mesmo ap\u00f3s o fechamento<\/a> deste aterro em 2012, as condi\u00e7\u00f5es de vida da popula\u00e7\u00e3o local permaneceram prec\u00e1rias, com altos \u00edndices de desemprego, falta de infraestrutura b\u00e1sica e com servi\u00e7os p\u00fablicos de p\u00e9ssima qualidade. Em meio a esse cen\u00e1rio, Jardim Gramacho <a href=\"https:\/\/rioonwatch.org.br\/?p=42751\">abriga diversas organiza\u00e7\u00f5es<\/a> do terceiro setor que atuam, principalmente, em assist\u00eancia social, distribui\u00e7\u00e3o de alimentos e projetos de educa\u00e7\u00e3o popular. O projeto Pega Vis\u00e3o busca preencher a lacuna de iniciativas que promovam autonomia financeira e capacita\u00e7\u00e3o empreendedora com metas estruturadas, acesso a recursos e acompanhamento cont\u00ednuo.<\/span><\/p>\n<h3>Da Correria \u00e0 Constru\u00e7\u00e3o: A Influ\u00eancia da Universidade da Correria no Pega Vis\u00e3o<\/h3>\n<p>O projeto Pega Vis\u00e3o nasceu por influ\u00eancia da iniciativa denominada Universidade da Correria, do escritor e ativista <a href=\"https:\/\/bit.ly\/4kJKS7o\" target=\"_blank\" rel=\"noopener\">Anderson Fran\u00e7a<\/a>, que promoveu encontros, <i>workshops<\/i> e palestras gratuitas com o objetivo de ensinar jovens a empreender e desafiar os padr\u00f5es tradicionais do mercado. Em seu blog <a href=\"https:\/\/bit.ly\/3FmVxES\" target=\"_blank\" rel=\"noopener\"><i>Coluna de Ter\u00e7a<\/i><\/a>, ele compartilha relatos e reflex\u00f5es sobre a experi\u00eancia e o impacto da iniciativa:<\/p>\n<blockquote><p>\u201c[Universidade da Correria foi um] projeto que criei quando morava no <a href=\"https:\/\/bit.ly\/421n2g7\" target=\"_blank\" rel=\"noopener\">Morro do 18<\/a>, e fiz a primeira turma no [Complexo da] Mar\u00e9, em 2013. Vendia camisetas com a logo do projeto por R$39. Com o dinheiro, fiz a primeira turma. Ao fim de cinco anos, tinha formado 4.300 afroempreendedores. Nossa escola come\u00e7ou no beco. Dei aula em viela, bar, igreja, pres\u00eddio, dentro da minha casa e no galp\u00e3o da <a href=\"https:\/\/bit.ly\/3FjAjrt\" target=\"_blank\" rel=\"noopener\">A\u00e7\u00e3o da Cidadania<\/a>. A proposta era o fortalecimento de neg\u00f3cios pretos e a cria\u00e7\u00e3o de uma classe m\u00e9dia negra no Brasil, o que ainda n\u00e3o h\u00e1. O maior reflexo da escravid\u00e3o. Vivia de favela em favela dando aula. Era um educador popular. Era feliz, ensinando pessoas a controlar suas finan\u00e7as, montar estrat\u00e9gia de neg\u00f3cio. \u00c9ramos a aceleradora e incubadora de neg\u00f3cios de pessoas que eram rejeitadas. Mont\u00e1vamos um <em>pitch<\/em> e muitos alunos conseguiam investimento. Fizemos aquilo que estava dentro dos ideais de <a href=\"https:\/\/bit.ly\/3DMd1Kn\" target=\"_blank\" rel=\"noopener\">Marcus Garvey<\/a>.\u201d<\/p><\/blockquote>\n<p>O Pega Vis\u00e3o ent\u00e3o nasce do mesmo esp\u00edrito: a valoriza\u00e7\u00e3o do conhecimento perif\u00e9rico, da autonomia empreendedora e da pot\u00eancia criativa das quebradas, buscando fortalecer trajet\u00f3rias de resist\u00eancia e inova\u00e7\u00e3o, conectando saberes populares, oportunidades e redes de apoio para ampliar o impacto de neg\u00f3cios e iniciativas lideradas por pessoas das periferias.<\/p>\n<blockquote><p><span style=\"font-weight: 400;\">\u201cPercebo que Anderson Fran\u00e7a, em alguma medida, foi pioneiro&#8230; essa perspectiva pode muito bem flertar com esse discurso utilit\u00e1rio, esse discurso da individualidade, da meritocracia. Mas cabe a gente fazer <\/span><span style=\"font-weight: 400;\">a <\/span><a href=\"https:\/\/bit.ly\/4iMwIk8\" target=\"_blank\" rel=\"noopener\"><span style=\"font-weight: 400;\">nossa contranarrativa<\/span><\/a><span style=\"font-weight: 400;\">, fazer a nossa cr\u00edtica. A gente tem leitura para isso, a gente n\u00e3o \u00e9 bobo. Mas eu s\u00f3 estou deixando claro para voc\u00ea que o que a gente est\u00e1 disputando \u00e9 um campo que a esquerda demoniza. O empreendedor \u00e9 tratado como uma esp\u00e9cie, digamos assim, de classe trabalhadora que foi cooptada pelo discurso da extrema-direita. Eles n\u00e3o est\u00e3o errados em alguma medida. S\u00f3 que a gente est\u00e1 l\u00e1 furando a bolha.\u201d \u2014<\/span><span style=\"font-weight: 400;\"> Vladimir de Oliveira, coordenador pedag\u00f3gico do Baixada Lab<\/span><\/p><\/blockquote>\n<figure id=\"attachment_77341\" aria-describedby=\"caption-attachment-77341\" style=\"width: 2048px\" class=\"wp-caption aligncenter\"><a href=\"https:\/\/rioonwatch.org.br\/wp-content\/uploads\/2025\/03\/Parte-da-turma-atual-do-Pega-Visao-e-ao-centro-o-coordenador-pedagogico-Vladimir-de-Oliveira.-Foto-Francisco-Pinho.jpg\"><img loading=\"lazy\" decoding=\"async\" class=\"size-full wp-image-77341\" src=\"https:\/\/rioonwatch.org.br\/wp-content\/uploads\/2025\/03\/Parte-da-turma-atual-do-Pega-Visao-e-ao-centro-o-coordenador-pedagogico-Vladimir-de-Oliveira.-Foto-Francisco-Pinho.jpg\" alt=\"Parte da turma atual do Pega Visa\u0303o e ao centro o coordenador pedago\u0301gico Vladimir de Oliveira. Foto Francisco Pinho\" width=\"2048\" height=\"1365\" srcset=\"https:\/\/rioonwatch.org.br\/wp-content\/uploads\/2025\/03\/Parte-da-turma-atual-do-Pega-Visao-e-ao-centro-o-coordenador-pedagogico-Vladimir-de-Oliveira.-Foto-Francisco-Pinho.jpg 2048w, https:\/\/rioonwatch.org.br\/wp-content\/uploads\/2025\/03\/Parte-da-turma-atual-do-Pega-Visao-e-ao-centro-o-coordenador-pedagogico-Vladimir-de-Oliveira.-Foto-Francisco-Pinho-620x413.jpg 620w, https:\/\/rioonwatch.org.br\/wp-content\/uploads\/2025\/03\/Parte-da-turma-atual-do-Pega-Visao-e-ao-centro-o-coordenador-pedagogico-Vladimir-de-Oliveira.-Foto-Francisco-Pinho-768x512.jpg 768w, https:\/\/rioonwatch.org.br\/wp-content\/uploads\/2025\/03\/Parte-da-turma-atual-do-Pega-Visao-e-ao-centro-o-coordenador-pedagogico-Vladimir-de-Oliveira.-Foto-Francisco-Pinho-1536x1024.jpg 1536w\" sizes=\"(max-width: 2048px) 100vw, 2048px\" \/><\/a><figcaption id=\"caption-attachment-77341\" class=\"wp-caption-text\">Parte da turma atual do Pega Visa\u0303o e ao centro o coordenador pedago\u0301gico Vladimir de Oliveira. Foto Francisco Pinho<\/figcaption><\/figure>\n<p>O coordenador pedag\u00f3gico tamb\u00e9m destaca um ponto que considera fundamental e que tem sido tema frequente em suas conversas com as alunas. Menciona que, em sua atua\u00e7\u00e3o, trabalha com um conceito chamado &#8220;prosperidade compartilhada&#8221;, algo que considera um dado relevante. Segundo ele, no universo das alunas, a palavra <i>prosperidade<\/i> \u00e9 extremamente presente, pois cerca de 90% delas v\u00eam de igrejas pentecostais e neopentecostais, onde essa terminologia \u00e9 amplamente utilizada em contextos teol\u00f3gicos. No entanto, o que geralmente n\u00e3o est\u00e1 presente nesses discursos pentecostais \u00e9 o elemento do <em>compartilhar<\/em>\u2014dividir, repartir e multiplicar\u2014n\u00e3o apenas recursos financeiros, mas tamb\u00e9m informa\u00e7\u00f5es, tecnologia, conhecimento, redes de contato e de apoio e, sobretudo, oportunidades.<\/p>\n<p>Assim, o projeto Pega Vis\u00e3o se destaca como a \u00fanica iniciativa voltada para a forma\u00e7\u00e3o empreendedora de mulheres negras e jovens em Jardim Gramacho, oferecendo capacita\u00e7\u00e3o pr\u00e1tica, fortalecimento de redes de apoio e investimento direto em neg\u00f3cios locais.\u00a0Apesar dos desafios, como a falta de financiamento e a aus\u00eancia de equipamentos p\u00fablicos para sediar as atividades, a iniciativa segue capacitando mulheres negras perif\u00e9ricas e mostrando que empreendedorismo, educa\u00e7\u00e3o e rede de apoio s\u00e3o ferramentas poderosas para transformar realidades.<strong><br \/>\n<\/strong><\/p>\n<blockquote><p>\u201c[Como] moradora de Jardim Gramacho, o projeto Pega Vis\u00e3o foi um divisor de \u00e1guas pra mim, porque me deu um norte no meu neg\u00f3cio. Eu estava muito sem dire\u00e7\u00e3o, n\u00e3o sabia muito o que fazer, pra onde ir e precificar. O curso me deu uma expectativa melhor\u2026 sobre o que quero fazer\u2026O curso foi muito did\u00e1tico, com exerc\u00edcios pra fazer em casa, com professores do mercado de trabalho\u2026 Eu consegui ser contemplada com uma quantia [no final do curso]; esse valor foi aben\u00e7oado pra mim. Pude dar entrada no meu maquin\u00e1rio novo de trabalho, que eu precisava muito, que \u00e9 uma prensa plana 40&#215;60\u2026 S\u00f3 tenho a agradecer a toda equipe e a todos os colaboradores, que nesse per\u00edodo nos deram muita for\u00e7a pra n\u00e3o desistir. Mesmo estando num bairro prec\u00e1rio como Jardim Gramacho, a gente tem potencial de trabalho, somos pot\u00eancia, somos mulheres empreendedoras. Precisamos muito trabalhar e dar o nosso melhor \u201d \u2014 Monique Costa, aluna do Pega Vis\u00e3o<\/p><\/blockquote>\n<p><i><span style=\"font-weight: 400;\">Sobre a autora: Janaina Tavares \u00e9 cria de Nova Igua\u00e7u, Baixada Fluminense, sociolinguista, revisora, orientadora de projetos e doutoranda no PIPGLA-UFRJ. Integra o Coletivo de Estudos em Letramentos Contempor\u00e2neos (UFRRJ). Investiga narrativas e letramentos de sobreviv\u00eancia e esperan\u00e7a em igrejas evang\u00e9licas antifundamentalistas.<\/span><\/i><\/p>\n<hr \/>\n<h4><b data-stringify-type=\"bold\">Apoie nossos esfor\u00e7os para fornecer apoio estrat\u00e9gico \u00e0s favelas do Rio, incluindo o jornalismo hiperlocal, cr\u00edtico, inovador e incans\u00e1vel do\u00a0<\/b><b data-stringify-type=\"bold\"><i data-stringify-type=\"italic\">RioOnWatch<\/i><\/b>\u2014<a class=\"c-link\" href=\"http:\/\/www.bit.ly\/ApoieROW\" target=\"_blank\" rel=\"noopener noreferrer\" data-stringify-link=\"http:\/\/www.bit.ly\/ApoieROW\" data-sk=\"tooltip_parent\">doe aqui<\/a>.<\/h4>\n<!-- AddThis Advanced Settings generic via filter on the_content --><!-- AddThis Share Buttons generic via filter on the_content -->","protected":false},"excerpt":{"rendered":"<div class=\"mh-excerpt\"><p>Click Here for English Neste M\u00eas da Mulher, em um dos territ\u00f3rios mais vulner\u00e1veis da Baixada Fluminense, uma iniciativa est\u00e1 transformando a realidade de mulheres negras de baixa escolaridade. O projeto\u00a0Pega Vis\u00e3o &#8211; Empreendedorismo para <a class=\"mh-excerpt-more\" href=\"https:\/\/rioonwatch.org.br\/?p=77306\" title=\"Empreendedorismo Feminino + Letramento Racial = Autonomia Financeira para Mulheres de Jardim Gramacho, Duque de Caxias\">[&#8230;]<\/a><!-- AddThis Advanced Settings generic via filter on get_the_excerpt --><!-- AddThis Share Buttons generic via filter on get_the_excerpt --><\/p>\n<\/div>","protected":false},"author":167,"featured_media":77347,"comment_status":"closed","ping_status":"closed","sticky":false,"template":"template-full.php","format":"standard","meta":{"_acf_changed":false,"_monsterinsights_skip_tracking":false,"_monsterinsights_sitenote_active":false,"_monsterinsights_sitenote_note":"","_monsterinsights_sitenote_category":0,"footnotes":""},"categories":[1621,1629,1625,1616,1612,342],"tags":[573,3530,959,1431,1091,688,731,42,2546,710,3203,700,125,476,578],"writer":[3201],"translator":[],"source":[],"ilustrador":[],"fotografo":[],"class_list":{"0":"post-77306","1":"post","2":"type-post","3":"status-publish","4":"format-standard","5":"has-post-thumbnail","7":"category-destaque","8":"category-entrevistas-e-perfis","9":"category-por-correspondentes-comunitarios","10":"category-qualidades-da-favela","11":"category-sociedade-civil","12":"category-solucoes","13":"tag-artesanato","14":"tag-autonomia-financeira","15":"tag-baixada-fluminense","16":"tag-dia-internacional-da-mulher","17":"tag-duque-de-caxias","18":"tag-empoderamento","19":"tag-empreendedorismo","20":"tag-genero","21":"tag-igreja-evangelica","22":"tag-jardim-gramacho","23":"tag-paulo-freire","24":"tag-perfil","25":"tag-religiao","26":"tag-solucao-comunitaria","27":"tag-trabalho-e-renda","28":"writer-janaina-tavares"},"acf":[],"yoast_head":"<!-- This site is optimized with the Yoast SEO plugin v25.6 - https:\/\/yoast.com\/wordpress\/plugins\/seo\/ -->\n<title>Empreendedorismo Feminino + Letramento Racial = Autonomia Financeira para Mulheres de Jardim Gramacho, Duque de Caxias - RioOnWatch<\/title>\n<meta name=\"robots\" content=\"index, follow, max-snippet:-1, max-image-preview:large, max-video-preview:-1\" \/>\n<link rel=\"canonical\" href=\"https:\/\/rioonwatch.org.br\/?p=77306\" \/>\n<meta property=\"og:locale\" content=\"pt_BR\" \/>\n<meta property=\"og:type\" content=\"article\" \/>\n<meta property=\"og:title\" content=\"Empreendedorismo Feminino + Letramento Racial = Autonomia Financeira para Mulheres de Jardim Gramacho, Duque de Caxias - RioOnWatch\" \/>\n<meta property=\"og:description\" content=\"Click Here for English Neste M\u00eas da Mulher, em um dos territ\u00f3rios mais vulner\u00e1veis da Baixada Fluminense, uma iniciativa est\u00e1 transformando a realidade de mulheres negras de baixa escolaridade. O projeto\u00a0Pega Vis\u00e3o &#8211; Empreendedorismo para [...]\" \/>\n<meta property=\"og:url\" content=\"https:\/\/rioonwatch.org.br\/?p=77306\" \/>\n<meta property=\"og:site_name\" content=\"RioOnWatch\" \/>\n<meta property=\"article:published_time\" content=\"2025-03-13T12:59:59+00:00\" \/>\n<meta property=\"article:modified_time\" content=\"2025-04-01T13:36:17+00:00\" \/>\n<meta property=\"og:image\" content=\"https:\/\/rioonwatch.org.br\/wp-content\/uploads\/2025\/03\/Pega-Visao.png\" \/>\n\t<meta property=\"og:image:width\" content=\"1207\" \/>\n\t<meta property=\"og:image:height\" content=\"576\" \/>\n\t<meta property=\"og:image:type\" content=\"image\/png\" \/>\n<meta name=\"author\" content=\"Julio Santos Filho\" \/>\n<meta name=\"twitter:card\" content=\"summary_large_image\" \/>\n<meta name=\"twitter:label1\" content=\"Escrito por\" \/>\n\t<meta name=\"twitter:data1\" content=\"Julio Santos Filho\" \/>\n\t<meta name=\"twitter:label2\" content=\"Est. tempo de leitura\" \/>\n\t<meta name=\"twitter:data2\" content=\"8 minutos\" \/>\n<script type=\"application\/ld+json\" class=\"yoast-schema-graph\">{\"@context\":\"https:\/\/schema.org\",\"@graph\":[{\"@type\":\"Article\",\"@id\":\"https:\/\/rioonwatch.org.br\/?p=77306#article\",\"isPartOf\":{\"@id\":\"https:\/\/rioonwatch.org.br\/?p=77306\"},\"author\":{\"name\":\"Julio Santos Filho\",\"@id\":\"https:\/\/rioonwatch.org.br\/#\/schema\/person\/476bc75767957d3535b65b796667cd36\"},\"headline\":\"Empreendedorismo Feminino + Letramento Racial = Autonomia Financeira para Mulheres de Jardim Gramacho, Duque de Caxias\",\"datePublished\":\"2025-03-13T12:59:59+00:00\",\"dateModified\":\"2025-04-01T13:36:17+00:00\",\"mainEntityOfPage\":{\"@id\":\"https:\/\/rioonwatch.org.br\/?p=77306\"},\"wordCount\":2159,\"publisher\":{\"@id\":\"https:\/\/rioonwatch.org.br\/#organization\"},\"image\":{\"@id\":\"https:\/\/rioonwatch.org.br\/?p=77306#primaryimage\"},\"thumbnailUrl\":\"https:\/\/rioonwatch.org.br\/wp-content\/uploads\/2025\/03\/Pega-Visao.png\",\"keywords\":[\"artesanato\",\"autonomia financeira\",\"Baixada Fluminense\",\"Dia Internacional da Mulher\",\"Duque de Caxias\",\"empoderamento\",\"empreendedorismo\",\"g\u00eanero\",\"igreja evang\u00e9lica\",\"Jardim Gramacho\",\"Paulo Freire\",\"perfil\",\"religi\u00e3o\",\"solu\u00e7\u00e3o comunit\u00e1ria\",\"Trabalho e renda\"],\"articleSection\":[\"*Destaque\",\"Entrevistas e Perfis\",\"Escrito por Comunicadores Populares\",\"Qualidades da Favela\",\"Sociedade Civil\",\"Solu\u00e7\u00f5es\"],\"inLanguage\":\"pt-BR\"},{\"@type\":\"WebPage\",\"@id\":\"https:\/\/rioonwatch.org.br\/?p=77306\",\"url\":\"https:\/\/rioonwatch.org.br\/?p=77306\",\"name\":\"Empreendedorismo Feminino + Letramento Racial = Autonomia Financeira para Mulheres de Jardim Gramacho, Duque de Caxias - RioOnWatch\",\"isPartOf\":{\"@id\":\"https:\/\/rioonwatch.org.br\/#website\"},\"primaryImageOfPage\":{\"@id\":\"https:\/\/rioonwatch.org.br\/?p=77306#primaryimage\"},\"image\":{\"@id\":\"https:\/\/rioonwatch.org.br\/?p=77306#primaryimage\"},\"thumbnailUrl\":\"https:\/\/rioonwatch.org.br\/wp-content\/uploads\/2025\/03\/Pega-Visao.png\",\"datePublished\":\"2025-03-13T12:59:59+00:00\",\"dateModified\":\"2025-04-01T13:36:17+00:00\",\"breadcrumb\":{\"@id\":\"https:\/\/rioonwatch.org.br\/?p=77306#breadcrumb\"},\"inLanguage\":\"pt-BR\",\"potentialAction\":[{\"@type\":\"ReadAction\",\"target\":[\"https:\/\/rioonwatch.org.br\/?p=77306\"]}]},{\"@type\":\"ImageObject\",\"inLanguage\":\"pt-BR\",\"@id\":\"https:\/\/rioonwatch.org.br\/?p=77306#primaryimage\",\"url\":\"https:\/\/rioonwatch.org.br\/wp-content\/uploads\/2025\/03\/Pega-Visao.png\",\"contentUrl\":\"https:\/\/rioonwatch.org.br\/wp-content\/uploads\/2025\/03\/Pega-Visao.png\",\"width\":1207,\"height\":576},{\"@type\":\"BreadcrumbList\",\"@id\":\"https:\/\/rioonwatch.org.br\/?p=77306#breadcrumb\",\"itemListElement\":[{\"@type\":\"ListItem\",\"position\":1,\"name\":\"In\u00edcio\",\"item\":\"https:\/\/rioonwatch.org.br\/\"},{\"@type\":\"ListItem\",\"position\":2,\"name\":\"Empreendedorismo Feminino + Letramento Racial = Autonomia Financeira para Mulheres de Jardim Gramacho, Duque de Caxias\"}]},{\"@type\":\"WebSite\",\"@id\":\"https:\/\/rioonwatch.org.br\/#website\",\"url\":\"https:\/\/rioonwatch.org.br\/\",\"name\":\"RioOnWatch\",\"description\":\"relatos das favelas cariocas\",\"publisher\":{\"@id\":\"https:\/\/rioonwatch.org.br\/#organization\"},\"potentialAction\":[{\"@type\":\"SearchAction\",\"target\":{\"@type\":\"EntryPoint\",\"urlTemplate\":\"https:\/\/rioonwatch.org.br\/?s={search_term_string}\"},\"query-input\":{\"@type\":\"PropertyValueSpecification\",\"valueRequired\":true,\"valueName\":\"search_term_string\"}}],\"inLanguage\":\"pt-BR\"},{\"@type\":\"Organization\",\"@id\":\"https:\/\/rioonwatch.org.br\/#organization\",\"name\":\"RioOnWatch\",\"url\":\"https:\/\/rioonwatch.org.br\/\",\"logo\":{\"@type\":\"ImageObject\",\"inLanguage\":\"pt-BR\",\"@id\":\"https:\/\/rioonwatch.org.br\/#\/schema\/logo\/image\/\",\"url\":\"https:\/\/rioonwatch.org.br\/wp-content\/uploads\/2021\/06\/RioOnWatchcabecalhoPT11anos-2.png\",\"contentUrl\":\"https:\/\/rioonwatch.org.br\/wp-content\/uploads\/2021\/06\/RioOnWatchcabecalhoPT11anos-2.png\",\"width\":779,\"height\":277,\"caption\":\"RioOnWatch\"},\"image\":{\"@id\":\"https:\/\/rioonwatch.org.br\/#\/schema\/logo\/image\/\"}},{\"@type\":\"Person\",\"@id\":\"https:\/\/rioonwatch.org.br\/#\/schema\/person\/476bc75767957d3535b65b796667cd36\",\"name\":\"Julio Santos Filho\",\"image\":{\"@type\":\"ImageObject\",\"inLanguage\":\"pt-BR\",\"@id\":\"https:\/\/rioonwatch.org.br\/#\/schema\/person\/image\/\",\"url\":\"https:\/\/secure.gravatar.com\/avatar\/ca138f7666182a292a8ce4ca14fb81f8?s=96&d=blank&r=g\",\"contentUrl\":\"https:\/\/secure.gravatar.com\/avatar\/ca138f7666182a292a8ce4ca14fb81f8?s=96&d=blank&r=g\",\"caption\":\"Julio Santos Filho\"},\"url\":\"https:\/\/rioonwatch.org.br\/?author=167\"}]}<\/script>\n<!-- \/ Yoast SEO plugin. -->","yoast_head_json":{"title":"Empreendedorismo Feminino + Letramento Racial = Autonomia Financeira para Mulheres de Jardim Gramacho, Duque de Caxias - RioOnWatch","robots":{"index":"index","follow":"follow","max-snippet":"max-snippet:-1","max-image-preview":"max-image-preview:large","max-video-preview":"max-video-preview:-1"},"canonical":"https:\/\/rioonwatch.org.br\/?p=77306","og_locale":"pt_BR","og_type":"article","og_title":"Empreendedorismo Feminino + Letramento Racial = Autonomia Financeira para Mulheres de Jardim Gramacho, Duque de Caxias - RioOnWatch","og_description":"Click Here for English Neste M\u00eas da Mulher, em um dos territ\u00f3rios mais vulner\u00e1veis da Baixada Fluminense, uma iniciativa est\u00e1 transformando a realidade de mulheres negras de baixa escolaridade. O projeto\u00a0Pega Vis\u00e3o &#8211; Empreendedorismo para [...]","og_url":"https:\/\/rioonwatch.org.br\/?p=77306","og_site_name":"RioOnWatch","article_published_time":"2025-03-13T12:59:59+00:00","article_modified_time":"2025-04-01T13:36:17+00:00","og_image":[{"width":1207,"height":576,"url":"https:\/\/rioonwatch.org.br\/wp-content\/uploads\/2025\/03\/Pega-Visao.png","type":"image\/png"}],"author":"Julio Santos Filho","twitter_card":"summary_large_image","twitter_misc":{"Escrito por":"Julio Santos Filho","Est. tempo de leitura":"8 minutos"},"schema":{"@context":"https:\/\/schema.org","@graph":[{"@type":"Article","@id":"https:\/\/rioonwatch.org.br\/?p=77306#article","isPartOf":{"@id":"https:\/\/rioonwatch.org.br\/?p=77306"},"author":{"name":"Julio Santos Filho","@id":"https:\/\/rioonwatch.org.br\/#\/schema\/person\/476bc75767957d3535b65b796667cd36"},"headline":"Empreendedorismo Feminino + Letramento Racial = Autonomia Financeira para Mulheres de Jardim Gramacho, Duque de Caxias","datePublished":"2025-03-13T12:59:59+00:00","dateModified":"2025-04-01T13:36:17+00:00","mainEntityOfPage":{"@id":"https:\/\/rioonwatch.org.br\/?p=77306"},"wordCount":2159,"publisher":{"@id":"https:\/\/rioonwatch.org.br\/#organization"},"image":{"@id":"https:\/\/rioonwatch.org.br\/?p=77306#primaryimage"},"thumbnailUrl":"https:\/\/rioonwatch.org.br\/wp-content\/uploads\/2025\/03\/Pega-Visao.png","keywords":["artesanato","autonomia financeira","Baixada Fluminense","Dia Internacional da Mulher","Duque de Caxias","empoderamento","empreendedorismo","g\u00eanero","igreja evang\u00e9lica","Jardim Gramacho","Paulo Freire","perfil","religi\u00e3o","solu\u00e7\u00e3o comunit\u00e1ria","Trabalho e renda"],"articleSection":["*Destaque","Entrevistas e Perfis","Escrito por Comunicadores Populares","Qualidades da Favela","Sociedade Civil","Solu\u00e7\u00f5es"],"inLanguage":"pt-BR"},{"@type":"WebPage","@id":"https:\/\/rioonwatch.org.br\/?p=77306","url":"https:\/\/rioonwatch.org.br\/?p=77306","name":"Empreendedorismo Feminino + Letramento Racial = Autonomia Financeira para Mulheres de Jardim Gramacho, Duque de Caxias - RioOnWatch","isPartOf":{"@id":"https:\/\/rioonwatch.org.br\/#website"},"primaryImageOfPage":{"@id":"https:\/\/rioonwatch.org.br\/?p=77306#primaryimage"},"image":{"@id":"https:\/\/rioonwatch.org.br\/?p=77306#primaryimage"},"thumbnailUrl":"https:\/\/rioonwatch.org.br\/wp-content\/uploads\/2025\/03\/Pega-Visao.png","datePublished":"2025-03-13T12:59:59+00:00","dateModified":"2025-04-01T13:36:17+00:00","breadcrumb":{"@id":"https:\/\/rioonwatch.org.br\/?p=77306#breadcrumb"},"inLanguage":"pt-BR","potentialAction":[{"@type":"ReadAction","target":["https:\/\/rioonwatch.org.br\/?p=77306"]}]},{"@type":"ImageObject","inLanguage":"pt-BR","@id":"https:\/\/rioonwatch.org.br\/?p=77306#primaryimage","url":"https:\/\/rioonwatch.org.br\/wp-content\/uploads\/2025\/03\/Pega-Visao.png","contentUrl":"https:\/\/rioonwatch.org.br\/wp-content\/uploads\/2025\/03\/Pega-Visao.png","width":1207,"height":576},{"@type":"BreadcrumbList","@id":"https:\/\/rioonwatch.org.br\/?p=77306#breadcrumb","itemListElement":[{"@type":"ListItem","position":1,"name":"In\u00edcio","item":"https:\/\/rioonwatch.org.br\/"},{"@type":"ListItem","position":2,"name":"Empreendedorismo Feminino + Letramento Racial = Autonomia Financeira para Mulheres de Jardim Gramacho, Duque de Caxias"}]},{"@type":"WebSite","@id":"https:\/\/rioonwatch.org.br\/#website","url":"https:\/\/rioonwatch.org.br\/","name":"RioOnWatch","description":"relatos das favelas cariocas","publisher":{"@id":"https:\/\/rioonwatch.org.br\/#organization"},"potentialAction":[{"@type":"SearchAction","target":{"@type":"EntryPoint","urlTemplate":"https:\/\/rioonwatch.org.br\/?s={search_term_string}"},"query-input":{"@type":"PropertyValueSpecification","valueRequired":true,"valueName":"search_term_string"}}],"inLanguage":"pt-BR"},{"@type":"Organization","@id":"https:\/\/rioonwatch.org.br\/#organization","name":"RioOnWatch","url":"https:\/\/rioonwatch.org.br\/","logo":{"@type":"ImageObject","inLanguage":"pt-BR","@id":"https:\/\/rioonwatch.org.br\/#\/schema\/logo\/image\/","url":"https:\/\/rioonwatch.org.br\/wp-content\/uploads\/2021\/06\/RioOnWatchcabecalhoPT11anos-2.png","contentUrl":"https:\/\/rioonwatch.org.br\/wp-content\/uploads\/2021\/06\/RioOnWatchcabecalhoPT11anos-2.png","width":779,"height":277,"caption":"RioOnWatch"},"image":{"@id":"https:\/\/rioonwatch.org.br\/#\/schema\/logo\/image\/"}},{"@type":"Person","@id":"https:\/\/rioonwatch.org.br\/#\/schema\/person\/476bc75767957d3535b65b796667cd36","name":"Julio Santos Filho","image":{"@type":"ImageObject","inLanguage":"pt-BR","@id":"https:\/\/rioonwatch.org.br\/#\/schema\/person\/image\/","url":"https:\/\/secure.gravatar.com\/avatar\/ca138f7666182a292a8ce4ca14fb81f8?s=96&d=blank&r=g","contentUrl":"https:\/\/secure.gravatar.com\/avatar\/ca138f7666182a292a8ce4ca14fb81f8?s=96&d=blank&r=g","caption":"Julio Santos Filho"},"url":"https:\/\/rioonwatch.org.br\/?author=167"}]}},"_links":{"self":[{"href":"https:\/\/rioonwatch.org.br\/index.php?rest_route=\/wp\/v2\/posts\/77306"}],"collection":[{"href":"https:\/\/rioonwatch.org.br\/index.php?rest_route=\/wp\/v2\/posts"}],"about":[{"href":"https:\/\/rioonwatch.org.br\/index.php?rest_route=\/wp\/v2\/types\/post"}],"author":[{"embeddable":true,"href":"https:\/\/rioonwatch.org.br\/index.php?rest_route=\/wp\/v2\/users\/167"}],"replies":[{"embeddable":true,"href":"https:\/\/rioonwatch.org.br\/index.php?rest_route=%2Fwp%2Fv2%2Fcomments&post=77306"}],"version-history":[{"count":23,"href":"https:\/\/rioonwatch.org.br\/index.php?rest_route=\/wp\/v2\/posts\/77306\/revisions"}],"predecessor-version":[{"id":77550,"href":"https:\/\/rioonwatch.org.br\/index.php?rest_route=\/wp\/v2\/posts\/77306\/revisions\/77550"}],"wp:featuredmedia":[{"embeddable":true,"href":"https:\/\/rioonwatch.org.br\/index.php?rest_route=\/wp\/v2\/media\/77347"}],"wp:attachment":[{"href":"https:\/\/rioonwatch.org.br\/index.php?rest_route=%2Fwp%2Fv2%2Fmedia&parent=77306"}],"wp:term":[{"taxonomy":"category","embeddable":true,"href":"https:\/\/rioonwatch.org.br\/index.php?rest_route=%2Fwp%2Fv2%2Fcategories&post=77306"},{"taxonomy":"post_tag","embeddable":true,"href":"https:\/\/rioonwatch.org.br\/index.php?rest_route=%2Fwp%2Fv2%2Ftags&post=77306"},{"taxonomy":"writer","embeddable":true,"href":"https:\/\/rioonwatch.org.br\/index.php?rest_route=%2Fwp%2Fv2%2Fwriter&post=77306"},{"taxonomy":"translator","embeddable":true,"href":"https:\/\/rioonwatch.org.br\/index.php?rest_route=%2Fwp%2Fv2%2Ftranslator&post=77306"},{"taxonomy":"source","embeddable":true,"href":"https:\/\/rioonwatch.org.br\/index.php?rest_route=%2Fwp%2Fv2%2Fsource&post=77306"},{"taxonomy":"ilustrador","embeddable":true,"href":"https:\/\/rioonwatch.org.br\/index.php?rest_route=%2Fwp%2Fv2%2Filustrador&post=77306"},{"taxonomy":"fotografo","embeddable":true,"href":"https:\/\/rioonwatch.org.br\/index.php?rest_route=%2Fwp%2Fv2%2Ffotografo&post=77306"}],"curies":[{"name":"wp","href":"https:\/\/api.w.org\/{rel}","templated":true}]}}