{"id":77367,"date":"2025-03-14T13:42:46","date_gmt":"2025-03-14T16:42:46","guid":{"rendered":"https:\/\/rioonwatch.org.br\/?p=77367"},"modified":"2025-03-24T13:54:03","modified_gmt":"2025-03-24T16:54:03","slug":"divas-da-resistencia-refletindo-o-legado-de-marielle-franco-grupo-empodera-mulheres-de-conjuntos-habitacionais-de-marica","status":"publish","type":"post","link":"https:\/\/rioonwatch.org.br\/?p=77367","title":{"rendered":"Divas da Resist\u00eancia: Refletindo o Legado de Marielle Franco, Grupo Empodera Mulheres de Conjuntos Habitacionais de Maric\u00e1"},"content":{"rendered":"<figure id=\"attachment_77391\" aria-describedby=\"caption-attachment-77391\" style=\"width: 1197px\" class=\"wp-caption aligncenter\"><a href=\"https:\/\/rioonwatch.org.br\/wp-content\/uploads\/2025\/03\/Divas.png\"><img fetchpriority=\"high\" decoding=\"async\" class=\"wp-image-77391 size-full\" src=\"https:\/\/rioonwatch.org.br\/wp-content\/uploads\/2025\/03\/Divas.png\" alt=\"Divas unindo e reunindo for\u00e7as. Andreia Araujo, N\u00edzia Felix de Souza, Vanessa Malaquias, Ana Claudia Francisco Moreira, Aline Leite Valentim, Claudinha Moreira e Neide Felix da Silva. Foto: Arquivo Pessoal\" width=\"1197\" height=\"764\" srcset=\"https:\/\/rioonwatch.org.br\/wp-content\/uploads\/2025\/03\/Divas.png 1197w, https:\/\/rioonwatch.org.br\/wp-content\/uploads\/2025\/03\/Divas-620x396.png 620w, https:\/\/rioonwatch.org.br\/wp-content\/uploads\/2025\/03\/Divas-768x490.png 768w\" sizes=\"(max-width: 1197px) 100vw, 1197px\" \/><\/a><figcaption id=\"caption-attachment-77391\" class=\"wp-caption-text\">Divas unindo e reunindo for\u00e7as. Andreia Araujo, N\u00edzia Felix de Souza, Vanessa Malaquias, Ana Claudia Francisco Moreira, Aline Leite Valentim, Claudinha Moreira e Neide Felix da Silva. Foto: Arquivo pessoal<\/figcaption><\/figure>\n<p style=\"text-align: right;\"><em><strong><a href=\"https:\/\/bit.ly\/4immvv4\" target=\"_blank\" rel=\"noopener noreferrer\">Click Here for English<\/a><a href=\"https:\/\/bit.ly\/4immvv4\" rel=\"noopener noreferrer\"><img decoding=\"async\" class=\"alignright wp-image-15790\" src=\"http:\/\/rioonwatch.org.br\/wp-content\/uploads\/2012\/08\/EN-standard-e1439583104716.jpg\" alt=\"\" width=\"20\" height=\"20\" \/><\/a><\/strong><\/em><\/p>\n<blockquote><p>\u201cUma palavra de ordem para nossa vida, em meio a essa crise: que n\u00f3s possamos viver com respeito a todas, cada uma com seu corpo, cada uma \u00e0 sua maneira, cada uma na sua forma de resist\u00eancia di\u00e1ria!&#8230; Precisamos sempre nos perguntar: o que \u00e9 ser mulher? O que cada uma de n\u00f3s deixou de fazer ou fez com algum n\u00edvel de dificuldade pela identidade de g\u00eanero, pelo fato de ser mulher? A pergunta n\u00e3o \u00e9 ret\u00f3rica, ela \u00e9 objetiva, \u00e9 para refletirmos no dia a dia, no passo a passo de todas as mulheres, no conjunto da maioria da popula\u00e7\u00e3o&#8230; que, infelizmente, \u00e9 sub-representada.\u201d \u2014 Marielle Franco<\/p><\/blockquote>\n<p><span style=\"font-weight: 400;\">Em seu \u00faltimo discurso na C\u00e2mara de Vereadores do Rio de Janeiro, em 8 de mar\u00e7o de 2018, <\/span><a href=\"https:\/\/bit.ly\/2YHxjy4\" target=\"_blank\" rel=\"noopener\">Marielle Franco<\/a> jamais imaginaria que sua fala <a href=\"http:\/\/bit.ly\/3v29oXz\">causaria uma revolu\u00e7\u00e3o<\/a>, principalmente feminina, entre mulheres pretas de favelas e periferias. Junto \u00e0s suas falas, o legado de <a href=\"https:\/\/bit.ly\/4bTS6BH\" target=\"_blank\" rel=\"noopener\">seu mandato<\/a>\u00a0inspira at\u00e9 hoje mulheres para al\u00e9m do Rio de Janeiro. Na cidade de <a href=\"https:\/\/bit.ly\/2qZaJSC\" target=\"_blank\" rel=\"noopener\">Maric\u00e1<\/a>, no <a href=\"https:\/\/bit.ly\/3V4qXG5\">Leste Fluminense<\/a>, <a href=\"https:\/\/bit.ly\/4c6CpXA\">mais um<\/a> projeto inspirado no <a href=\"https:\/\/bit.ly\/38pQ7GO\" target=\"_blank\" rel=\"noopener\">legado de Marielle<\/a> tem auxiliado a mudan\u00e7a de vida de pessoas: o Grupo Divas, que empodera mulheres dos conjuntos habitacionais Minha Casa, Minha Vida (<a href=\"https:\/\/bit.ly\/2wYPD6w\" target=\"_blank\" rel=\"noopener\">MCMV<\/a>) de Ino\u00e3 e Itaipua\u00e7u.<\/p>\n<blockquote><p>\u201cA morte da Marielle causou um boom. Foi depois da morte dela que passamos a ver deputadas, vereadoras, <a href=\"https:\/\/bit.ly\/3JczSfQ\">mulheres de favela na C\u00e2mara<\/a>. Eu, como uma mulher negra de comunidade, <a href=\"https:\/\/bit.ly\/3XMibw6\">antes n\u00e3o via isso, da gente poder entrar em certos espa\u00e7os<\/a>, e foi depois da morte da Marielle que passamos a ver isso. Pra mim, esse foi um grande legado que ela deixou: a gente poder estar em certos espa\u00e7os.\u201d \u2014 Vanessa Malaquias, idealizadora do Grupo Divas<\/p><\/blockquote>\n<p>Criado em 14 de maio de 2023, o <a href=\"https:\/\/bit.ly\/3FvknTe\" target=\"_blank\" rel=\"noopener\">Grupo Divas<\/a> celebrou sua funda\u00e7\u00e3o no Dia das M\u00e3es, servindo mocot\u00f3 para as comunidades dos condom\u00ednios de Ino\u00e3 e de Itaipua\u00e7u. Para se saber mais a respeito do projeto, <em>RioOnWatch<\/em> conversou com as fundadoras e integrantes sobre suas hist\u00f3rias de vida, perspectivas, sonhos e, principalmente, sobre o que \u00e9 e como \u00e9 ser uma \u201cDiva\u201d.<\/p>\n<figure id=\"attachment_77395\" aria-describedby=\"caption-attachment-77395\" style=\"width: 1419px\" class=\"wp-caption aligncenter\"><a href=\"https:\/\/rioonwatch.org.br\/wp-content\/uploads\/2025\/03\/Divas-de-Marica.png\"><img decoding=\"async\" class=\"wp-image-77395 size-full\" title=\"Divas de Maric\u00e1 reunidas para o Dia das M\u00e3es. Foto: Arquivo pessoal\" src=\"https:\/\/rioonwatch.org.br\/wp-content\/uploads\/2025\/03\/Divas-de-Marica.png\" alt=\"Divas de Maric\u00e1 reunidas para o Dia das M\u00e3es. Foto: Arquivo pessoal\" width=\"1419\" height=\"543\" srcset=\"https:\/\/rioonwatch.org.br\/wp-content\/uploads\/2025\/03\/Divas-de-Marica.png 1419w, https:\/\/rioonwatch.org.br\/wp-content\/uploads\/2025\/03\/Divas-de-Marica-620x237.png 620w, https:\/\/rioonwatch.org.br\/wp-content\/uploads\/2025\/03\/Divas-de-Marica-768x294.png 768w\" sizes=\"(max-width: 1419px) 100vw, 1419px\" \/><\/a><figcaption id=\"caption-attachment-77395\" class=\"wp-caption-text\">Divas de Maric\u00e1 reunidas para o Dia das M\u00e3es. Foto: Arquivo pessoal<\/figcaption><\/figure>\n<p>Vanessa Malaquias relata que sua luta come\u00e7ou em 2017, quando uma enchente atingiu o condom\u00ednio Minha Casa, Minha Vida Itaipua\u00e7u, onde morava na \u00e9poca. Desesperada, Vanessa saiu de casa \u00e0s pressas para socorrer vizinhos mais vulner\u00e1veis. Dentre as pessoas que socorreu, havia muitas m\u00e3es com crian\u00e7as de colo\u2014algumas com defici\u00eancias e at\u00edpicas, al\u00e9m de pessoas idosas. Segundo a idealizadora do projeto, aquela situa\u00e7\u00e3o despertou em Vanessa a necessidade de fazer algo que impactasse os moradores do local.<\/p>\n<blockquote>\n<figure id=\"attachment_77381\" aria-describedby=\"caption-attachment-77381\" style=\"width: 500px\" class=\"wp-caption alignright\"><a href=\"https:\/\/rioonwatch.org.br\/wp-content\/uploads\/2025\/03\/Vanessa-Malaquias-durante-o-evento-do-outubro-rosa.jpeg\"><img loading=\"lazy\" decoding=\"async\" class=\"wp-image-77381\" title=\"Vanessa Malaquias durante o evento do outubro rosa. Foto: Arquivo pessoal\" src=\"https:\/\/rioonwatch.org.br\/wp-content\/uploads\/2025\/03\/Vanessa-Malaquias-durante-o-evento-do-outubro-rosa-620x349.jpeg\" alt=\"Vanessa Malaquias durante o evento do outubro rosa. Foto: Arquivo pessoal\" width=\"500\" height=\"281\" srcset=\"https:\/\/rioonwatch.org.br\/wp-content\/uploads\/2025\/03\/Vanessa-Malaquias-durante-o-evento-do-outubro-rosa-620x349.jpeg 620w, https:\/\/rioonwatch.org.br\/wp-content\/uploads\/2025\/03\/Vanessa-Malaquias-durante-o-evento-do-outubro-rosa-768x432.jpeg 768w, https:\/\/rioonwatch.org.br\/wp-content\/uploads\/2025\/03\/Vanessa-Malaquias-durante-o-evento-do-outubro-rosa-1536x864.jpeg 1536w, https:\/\/rioonwatch.org.br\/wp-content\/uploads\/2025\/03\/Vanessa-Malaquias-durante-o-evento-do-outubro-rosa-678x381.jpeg 678w, https:\/\/rioonwatch.org.br\/wp-content\/uploads\/2025\/03\/Vanessa-Malaquias-durante-o-evento-do-outubro-rosa.jpeg 1600w\" sizes=\"(max-width: 500px) 100vw, 500px\" \/><\/a><figcaption id=\"caption-attachment-77381\" class=\"wp-caption-text\">Vanessa Malaquias durante o evento do outubro rosa. Foto: Arquivo pessoal<\/figcaption><\/figure>\n<p>\u201cA cria\u00e7\u00e3o do Grupo Divas surgiu quando a gente precisou se ajudar por conta de uma enchente. Teve uma enchente aqui no Minha Casa, Minha Vida e, depois disso, n\u00f3s mulheres percebemos que precis\u00e1vamos nos ajudar. E eu comecei a preparar comida na minha casa para distribuir para as pessoas. Esses alimentos vinham da igreja, da Prefeitura, de algu\u00e9m que vinha doar mesmo, de v\u00e1rias institui\u00e7\u00f5es. A\u00ed, comecei a criar um grupo de mulheres. Sem precisar pedir nada, vinha uma com uma vasilha de comida, outra me avisava de algu\u00e9m que estava precisando. Eu sempre tive vontade de fazer a\u00e7\u00e3o social, trabalhar com essas coisas, e a gente j\u00e1 fazia sem saber, por conta da enchente. E a\u00ed, consegui avan\u00e7ar com as atividades, devido \u00e0 demanda. Vinham me perguntar pra quem est\u00e1vamos fazendo, quem era o vereador. E n\u00e3o era pra [nenhum pol\u00edtico]. Era um grupo de mulheres querendo fazer essas a\u00e7\u00f5es, independente de Prefeitura, independente de alguma outra institui\u00e7\u00e3o.\u201d \u2014 Vanessa Malaquias<\/p><\/blockquote>\n<p>At\u00e9 ser oficializado em maio de 2023, o grupo j\u00e1 atuava continuamente no MCMV Itaipua\u00e7u. Segundo Andreia Araujo, empreendedora e vice-presidente do Grupo Divas, at\u00e9 maio de 2023, para suprir a grande demanda da comunidade, elas compartilhavam e trocavam alimentos, numa esp\u00e9cie de \u2018escambo\u2019, uma pr\u00e1tica t\u00edpica de <a href=\"https:\/\/bit.ly\/33ufwZQ\" target=\"_blank\" rel=\"noopener\">economia solid\u00e1ria<\/a>.<\/p>\n<blockquote><p>\u201cNessa mesma \u00e9poca, ela (Vanessa), me deu a ideia, \u2018Andreia, voc\u00ea t\u00e1 fazendo o qu\u00ea de doa\u00e7\u00e3o\u2019? E esse grupo, junto comigo, aproveitando a ideia que ela deu, come\u00e7ou a fazer trocas em Maric\u00e1 e Itaipua\u00e7u, uma troca geral. Aqui, em Itabora\u00ed, Maric\u00e1 e Itaipua\u00e7u\u2026 faz\u00edamos trocas com os com\u00e9rcios, com os col\u00e9gios. V\u00edamos onde estava fazendo doa\u00e7\u00e3o, a gente aproveitava e fazia um compartilhamento e troca de alimentos. Troc\u00e1vamos a\u00e7\u00facar por farinha\u2026 \u2018oh, t\u00e1 tendo doa\u00e7\u00e3o de farinha aqui\u2019! Se a gente tinha muito a\u00e7\u00facar, ia l\u00e1 e trocava\u2026 foi muito bacana isso. E assim estamos at\u00e9 hoje.\u201d \u2014 Andreia Araujo<\/p><\/blockquote>\n<p>Vanessa e o grupo seguiram com as atividades com a pretens\u00e3o de expandir para outro conjunto habitacional, o MCMV Ino\u00e3. Em 2023, o grupo cresceu, assim como a demanda, j\u00e1 que mais mulheres integraram o projeto. Hoje, Divas de Maric\u00e1 ultrapassa 100 participantes e colaboradoras. A expans\u00e3o do grupo gerou uma reflex\u00e3o \u00e0quele movimento. As integrantes perceberam que o projeto deveria ir al\u00e9m da distribui\u00e7\u00e3o de alimentos.<\/p>\n<p>O objetivo dali em diante seria transformar a percep\u00e7\u00e3o sobre os conjuntos habitacionais, modificar o olhar das pessoas de fora dos condom\u00ednios e, sobretudo, o olhar das moradoras sobre seu pr\u00f3prio territ\u00f3rio. Mostr\u00e1-las, enfim, que era poss\u00edvel viver com mais dignidade, independentemente do lugar onde se mora. Al\u00e9m disso, mostrar que \u00e9 poss\u00edvel ocupar espa\u00e7os que achavam que nunca poderiam estar, mostrar conquistas e vit\u00f3rias que elas poderiam ter ao adquirir mais conhecimento atrav\u00e9s de cursos, palestras, rodas de conversas, eventos culturais, entre outros. Finalmente, mostrar \u00e0s mulheres da comunidade seu potencial para empreender e ter autonomia financeira.<\/p>\n<p>Vanessa afirma que n\u00e3o consegue ficar indiferente a pessoas que necessitam de ajuda. Ela falou de sua tristeza ao ver um jovem negro morrer dentro do condom\u00ednio. Quando viu a m\u00e3e aos prantos e uma pastora orando ao lado do corpo daquele jovem, Vanessa conta que se desesperou, mas procurou fazer o que podia para ajudar. Ficou muito triste ao ver que ningu\u00e9m falava nem fazia nada, agindo como se fosse algo banal.<\/p>\n<blockquote><p>\u201cEu n\u00e3o me senti fora daquele contexto, daquela fam\u00edlia. N\u00e3o foi meu filho, mas eu estava ali naquele momento, vendo um jovem perder a vida. Um jovem negro. E ningu\u00e9m falou nada, ningu\u00e9m se incomodou. S\u00f3 tinha uma pastora ali orando por aquele corpo, sabe? Ent\u00e3o, s\u00e3o coisas que me impactam, principalmente quando se fala da viol\u00eancia dentro da favela. Ent\u00e3o, n\u00f3s que estamos dentro das comunidades, temos que fazer o outro entender o que estamos passando, o que estamos fazendo&#8230; Se eu resisto, \u00e9 para fazer o outro entender que essas mulheres precisam se reunir, precisam ter outras formas de buscar o alimento, de buscar outras formas de renda.\u201d \u2014 Vanessa Malaquias<\/p><\/blockquote>\n<p>Vanessa se emociona ao falar das transforma\u00e7\u00f5es na vida das mulheres do grupo. Fala da import\u00e2ncia de v\u00ea-las empreendendo ao lado de outros comerciantes e diz que uma valoriza e prioriza o trabalho da outra. Criou-se, portanto, uma economia em rede, onde todas prosperam juntas.<\/p>\n<figure id=\"attachment_77394\" aria-describedby=\"caption-attachment-77394\" style=\"width: 987px\" class=\"wp-caption aligncenter\"><a href=\"https:\/\/rioonwatch.org.br\/wp-content\/uploads\/2025\/03\/Divas-3.png\"><img loading=\"lazy\" decoding=\"async\" class=\"wp-image-77394 size-full\" title=\"Finalizando o bate-papo com as Divas. Foto: Arquivo pessoal\" src=\"https:\/\/rioonwatch.org.br\/wp-content\/uploads\/2025\/03\/Divas-3.png\" alt=\"Finalizando o bate-papo com as Divas. Foto: Arquivo pessoal\" width=\"987\" height=\"452\" srcset=\"https:\/\/rioonwatch.org.br\/wp-content\/uploads\/2025\/03\/Divas-3.png 987w, https:\/\/rioonwatch.org.br\/wp-content\/uploads\/2025\/03\/Divas-3-620x284.png 620w, https:\/\/rioonwatch.org.br\/wp-content\/uploads\/2025\/03\/Divas-3-768x352.png 768w\" sizes=\"(max-width: 987px) 100vw, 987px\" \/><\/a><figcaption id=\"caption-attachment-77394\" class=\"wp-caption-text\">Finalizando o bate-papo com as Divas. Foto: Arquivo pessoal<\/figcaption><\/figure>\n<p>Uma das mulheres que foi impactada pela a\u00e7\u00e3o do grupo \u00e9 Aline Leite Valentim. M\u00e3e at\u00edpica de uma crian\u00e7a autista, morava na cidade do Rio de Janeiro e foi morar em Maric\u00e1 para escapar de um ciclo de viol\u00eancia dom\u00e9stica. Ela conta que fugiu do ex-marido com o filho ainda beb\u00ea e conseguiu uma casa no condom\u00ednio MCMV de Itaipua\u00e7u. Passou por diversas dificuldades at\u00e9 conseguir um benef\u00edcio para o filho. Fez cursos de culin\u00e1ria, de boleira e de confeiteira, uma de suas fontes de renda agora. Ela entrou para o Grupo Divas onde, hoje, coordena o grupo de m\u00e3es at\u00edpicas. Al\u00e9m de promover a troca de experi\u00eancias no grupo, \u00e9 Aline quem orienta as outras m\u00e3es quanto aos direitos das crian\u00e7as do espectro autista e pessoas com defici\u00eancia em geral.<\/p>\n<p>Aline lamenta o preconceito que os moradores dos conjuntos habitacionais sofrem ao procurarem por emprego ou divulgarem seus trabalhos. Ela mesmo conta que, certa vez, perdeu uma encomenda de bolo quando falou para a cliente onde morava.<\/p>\n<blockquote><p>\u201cEu estava fechando a encomenda e estava tudo tranquilo, at\u00e9 a cliente perguntar onde eu morava. Assim que eu falei, ela encerrou a conversa dizendo: \u2018ent\u00e3o, deixa\u2019. Eu n\u00e3o entendi e ainda tentei argumentar, dizendo que eu faria a entrega. Mas, ela desligou e n\u00e3o quis nem saber, como se meu trabalho n\u00e3o tivesse valor nenhum. E at\u00e9 para conseguir emprego \u00e9 dif\u00edcil. Quando voc\u00ea diz de onde vem, diz que mora aqui, eles n\u00e3o te d\u00e3o nem confian\u00e7a.\u201d \u2014 Aline Leite Valentim<\/p><\/blockquote>\n<figure id=\"attachment_77398\" aria-describedby=\"caption-attachment-77398\" style=\"width: 300px\" class=\"wp-caption alignright\"><a href=\"https:\/\/rioonwatch.org.br\/wp-content\/uploads\/2025\/03\/Ana-Claudia-Francisco-Moreira-Aline-Leite-Valentim-e-Claudinha-Moreira.jpeg.png\"><img loading=\"lazy\" decoding=\"async\" class=\"wp-image-77398\" title=\"Ana Claudia Francisco Moreira, Aline Leite Valentim e Claudinha Moreira. Foto: Arquivo Pessoal\" src=\"https:\/\/rioonwatch.org.br\/wp-content\/uploads\/2025\/03\/Ana-Claudia-Francisco-Moreira-Aline-Leite-Valentim-e-Claudinha-Moreira.jpeg.png\" alt=\"Ana Claudia Francisco Moreira, Aline Leite Valentim e Claudinha Moreira. Foto: Arquivo Pessoal\" width=\"300\" height=\"216\" srcset=\"https:\/\/rioonwatch.org.br\/wp-content\/uploads\/2025\/03\/Ana-Claudia-Francisco-Moreira-Aline-Leite-Valentim-e-Claudinha-Moreira.jpeg.png 1192w, https:\/\/rioonwatch.org.br\/wp-content\/uploads\/2025\/03\/Ana-Claudia-Francisco-Moreira-Aline-Leite-Valentim-e-Claudinha-Moreira.jpeg-620x447.png 620w, https:\/\/rioonwatch.org.br\/wp-content\/uploads\/2025\/03\/Ana-Claudia-Francisco-Moreira-Aline-Leite-Valentim-e-Claudinha-Moreira.jpeg-768x553.png 768w\" sizes=\"(max-width: 300px) 100vw, 300px\" \/><\/a><figcaption id=\"caption-attachment-77398\" class=\"wp-caption-text\">Ana Claudia Francisco Moreira, Aline Leite Valentim e Claudinha Moreira. Foto: Arquivo pessoal<\/figcaption><\/figure>\n<p>Outra m\u00e3e at\u00edpica do Divas \u00e9 Ana Claudia Francisco Moreira. M\u00e3e de Claudia Moreira, a Claudinha, como \u00e9 carinhosamente chamada por todos, Ana Claudia se mudou de Teres\u00f3polis para Maric\u00e1 em busca de uma vida mais tranquila com sua filha. Rec\u00e9m-chegada ao grupo, Ana Claudia relata que, quando soube do acolhimento para crian\u00e7as pessoas com defici\u00eancias, come\u00e7ou a se aproximar do Grupo Divas. Ela nos conta que, por ser m\u00e3e solo, recebe um suporte emocional muito grande e importante por parte das outras Divas. Para complementar sua renda, Ana Claudia conta que sua filha Claudinha faz pulseiras e colares para vender dentro do condom\u00ednio, o que ajuda na compra de itens para a filha ou para a dispensa da casa.<\/p>\n<blockquote><p>\u201c\u00c9 s\u00f3 eu e ela. O dinheiro que ganho com meu trabalho \u00e9 pouco, n\u00e3o recebo benef\u00edcio nenhum. Ent\u00e3o, ela come\u00e7ou a fazer essas pulseirinhas para brincar, at\u00e9 que come\u00e7ou faltar o leite dela, faltar o dinheiro para comprar mais material para fazer as pulseiras. Foi quando tive a ideia de comprar mais material e fazer para vender. O que a gente conseguiu vender hoje j\u00e1 deu para comprar um leite, comprar p\u00e3o. N\u00e3o \u00e9 muito, mas, ajuda bastante.\u201d \u2014 Ana Claudia Francisco Moreira<\/p><\/blockquote>\n<p>Assim como Aline, Ana Claudia reflete sobre o preconceito externo com os moradores do condom\u00ednio MCMV de Itaipua\u00e7u, onde vive atualmente. Nos conta que motoristas de aplicativos n\u00e3o entram para pegar ou deixar passageiros e que, algumas vezes, idosos e cadeirantes que moram longe da entrada do condom\u00ednio precisam caminhar uma dist\u00e2ncia bastante longa. Por conta de epis\u00f3dios como este, Ana Claudia aponta a falta de respeito com moradores e, principalmente, com as pessoas com defici\u00eancia que vivem no local.<\/p>\n<p>Apesar de todas as adversidades que enfrentam, as mulheres do Grupo Divas resistem. Al\u00e9m do acolhimento que oferecem umas as outras, o projeto sedia cursos para adultos, como de empreendedorismo e artesanato, e aulas para crian\u00e7as, de capoeira, de lutas, al\u00e9m de refor\u00e7o escolar. Segundo Millena Torres, diretora e coordenadora do Divas, a inclus\u00e3o de crian\u00e7as e m\u00e3es at\u00edpicas \u00e9 uma prioridade.<\/p>\n<blockquote><p>\u201cA gente j\u00e1 teve algumas a\u00e7\u00f5es aqui no condom\u00ednio. Tivemos, por exemplo, uma palestra do Outubro Rosa, onde a gente serviu um almo\u00e7o comunit\u00e1rio. Falamos sobre a import\u00e2ncia da vacina\u00e7\u00e3o e sobre a preven\u00e7\u00e3o do c\u00e2ncer de mama. Fizemos o evento do Dia das Crian\u00e7as com 100 crian\u00e7as. Fizemos o Natal das crian\u00e7as at\u00edpicas, atendemos 25 crian\u00e7as e apadrinhamos elas. Tamb\u00e9m fizemos nosso Natal Solid\u00e1rio, com um almo\u00e7o para quase 200 pessoas. Tivemos at\u00e9 o nosso Papai Noel.\u201d \u2014 Millene Torres<\/p><\/blockquote>\n<p>Mulheres apoiando mulheres e fazendo a diferen\u00e7a na comunidade onde vivem, uma apoiando a outra, sem deixar ningu\u00e9m para tr\u00e1s, \u00e9 o cerne do Grupo Divas. Para a realiza\u00e7\u00e3o de eventos ou alguma comemora\u00e7\u00e3o, cada uma doa aquilo que pode, al\u00e9m de seu tempo. Janaina Torres, m\u00e3e de Millene, diz que prefere atuar na cozinha preparando pratos para os eventos, onde se sente mais \u00e0 vontade, ao lado das colegas m\u00e3e e filha, Dona Nizia F\u00e9lix de Souza e Neide F\u00e9lix da Silva. Todas falam da satisfa\u00e7\u00e3o de poder fazer algo por quem precisa.<\/p>\n<figure id=\"attachment_77396\" aria-describedby=\"caption-attachment-77396\" style=\"width: 1575px\" class=\"wp-caption aligncenter\"><a href=\"https:\/\/rioonwatch.org.br\/wp-content\/uploads\/2025\/03\/Divas-em-roda.png\"><img loading=\"lazy\" decoding=\"async\" class=\"wp-image-77396 size-full\" title=\"Divas de Maric\u00e1 reunidas. Foto: Arquivo pessoal\" src=\"https:\/\/rioonwatch.org.br\/wp-content\/uploads\/2025\/03\/Divas-em-roda.png\" alt=\"Divas de Maric\u00e1 reunidas. Foto: Arquivo pessoal\" width=\"1575\" height=\"717\" srcset=\"https:\/\/rioonwatch.org.br\/wp-content\/uploads\/2025\/03\/Divas-em-roda.png 1575w, https:\/\/rioonwatch.org.br\/wp-content\/uploads\/2025\/03\/Divas-em-roda-620x282.png 620w, https:\/\/rioonwatch.org.br\/wp-content\/uploads\/2025\/03\/Divas-em-roda-768x350.png 768w, https:\/\/rioonwatch.org.br\/wp-content\/uploads\/2025\/03\/Divas-em-roda-1536x699.png 1536w\" sizes=\"(max-width: 1575px) 100vw, 1575px\" \/><\/a><figcaption id=\"caption-attachment-77396\" class=\"wp-caption-text\">Divas de Maric\u00e1 reunidas. Foto: Arquivo pessoal<\/figcaption><\/figure>\n<p>Desde sua oficializa\u00e7\u00e3o em maio de 2023, o Grupo Divas segue em expans\u00e3o. Al\u00e9m de atuar nos conjuntos habitacionais MCMV Itaipua\u00e7u e MCMV Ino\u00e3, as Divas j\u00e1 chegaram a outros territ\u00f3rios maricaenses, como Retiro, Marine e na Favela do Risca Faca, onde as atividades s\u00e3o realizadas dentro de igrejas evang\u00e9licas.<\/p>\n<p>Em seu \u00faltimo discurso, a Vereadora Marielle Franco perguntou: \u201cO que \u00e9 ser mulher\u201d? A isso o Grupo Divas responde com suas a\u00e7\u00f5es de cidadania e solidariedade dentro das comunidades e favelas de Maric\u00e1.<\/p>\n<p>Refletindo sobre a \u00e9poca em que morava perto da C\u00e2mara Municipal do Rio de Janeiro, Aline, coordenadora do grupo de m\u00e3es at\u00edpicas do Divas, conta: \u201cComo vi v\u00e1rias [rodas de conversas de Marielle Franco] com mulheres negras e de favela, eu tento trazer isso pra c\u00e1, para as m\u00e3es at\u00edpicas. Porque \u00e9 aonde a gente desabafa e faz trocas de experi\u00eancias\u201d.<\/p>\n<p>Para as Divas de Maric\u00e1, o legado de Marielle Franco encoraja e incentiva as mulheres a n\u00e3o serem indiferentes \u00e0s quest\u00f5es de outras mulheres. \u00c9 uma heran\u00e7a de luta cotidiana por melhorias de suas comunidades.<\/p>\n<p><em>Sobre a autora:\u00a0<a href=\"https:\/\/bit.ly\/3AR0ce3\" target=\"_blank\" rel=\"noopener\">Carla Regina Aguiar dos Santos<\/a>\u00a0\u00e9 jornalista comunit\u00e1ria, cria do Morro do Turano, que sempre prioriza o cotidiano das favelas em seu trabalho, mostrando al\u00e9m do que se v\u00ea nas m\u00eddias tradicionais. J\u00e1 contribuiu para a Ag\u00eancia de Not\u00edcias das Favelas (<a href=\"https:\/\/bit.ly\/2UEpzKH\" target=\"_blank\" rel=\"noopener\">ANF<\/a>),\u00a0<a href=\"http:\/\/bit.ly\/18ucK6e\" target=\"_blank\" rel=\"noopener\">A P\u00fablica<\/a>, Portal\u00a0<a href=\"https:\/\/bit.ly\/3aHMa3N\" target=\"_blank\" rel=\"noopener\">Eu, Rio!<\/a>\u00a0e\u00a0<a href=\"https:\/\/bit.ly\/3o47qDO\" target=\"_blank\" rel=\"noopener\">Terra<\/a>. Recebeu os pr\u00eamios ANF de Jornalismo, na categoria cultura, e o Neuza Maria de Jornalismo.<\/em><\/p>\n<hr \/>\n<h4><b data-stringify-type=\"bold\">Apoie nossos esfor\u00e7os para fornecer apoio estrat\u00e9gico \u00e0s favelas do Rio, incluindo o jornalismo hiperlocal, cr\u00edtico, inovador e incans\u00e1vel do\u00a0<\/b><b data-stringify-type=\"bold\"><i data-stringify-type=\"italic\">RioOnWatch<\/i><\/b>\u2014<a class=\"c-link\" href=\"http:\/\/www.bit.ly\/ApoieROW\" target=\"_blank\" rel=\"noopener noreferrer\" data-stringify-link=\"http:\/\/www.bit.ly\/ApoieROW\" data-sk=\"tooltip_parent\">doe aqui<\/a>.<\/h4>\n<!-- AddThis Advanced Settings generic via filter on the_content --><!-- AddThis Share Buttons generic via filter on the_content -->","protected":false},"excerpt":{"rendered":"<div class=\"mh-excerpt\"><p>Click Here for English \u201cUma palavra de ordem para nossa vida, em meio a essa crise: que n\u00f3s possamos viver com respeito a todas, cada uma com seu corpo, cada uma \u00e0 sua maneira, cada <a class=\"mh-excerpt-more\" href=\"https:\/\/rioonwatch.org.br\/?p=77367\" title=\"Divas da Resist\u00eancia: Refletindo o Legado de Marielle Franco, Grupo Empodera Mulheres de Conjuntos Habitacionais de Maric\u00e1\">[&#8230;]<\/a><!-- AddThis Advanced Settings generic via filter on get_the_excerpt --><!-- AddThis Share Buttons generic via filter on get_the_excerpt --><\/p>\n<\/div>","protected":false},"author":167,"featured_media":77391,"comment_status":"closed","ping_status":"closed","sticky":false,"template":"template-full.php","format":"standard","meta":{"_acf_changed":false,"_monsterinsights_skip_tracking":false,"_monsterinsights_sitenote_active":false,"_monsterinsights_sitenote_note":"","_monsterinsights_sitenote_category":0,"footnotes":""},"categories":[1621,1629,1625,1612,342],"tags":[386,1431,687,2196,688,731,42,1372,994,2312,1578,1585,2033,246,1304,3533,3531,126,476,2387],"writer":[3178],"translator":[],"source":[],"ilustrador":[],"fotografo":[],"class_list":{"0":"post-77367","1":"post","2":"type-post","3":"status-publish","4":"format-standard","5":"has-post-thumbnail","7":"category-destaque","8":"category-entrevistas-e-perfis","9":"category-por-correspondentes-comunitarios","10":"category-sociedade-civil","11":"category-solucoes","12":"tag-estigma","13":"tag-dia-internacional-da-mulher","14":"tag-economia","15":"tag-economia-solidaria","16":"tag-empoderamento","17":"tag-empreendedorismo","18":"tag-genero","19":"tag-grande-rio","20":"tag-habitacao-publica","21":"tag-legado-de-marielle","22":"tag-leste-fluminense","23":"tag-marica","24":"tag-marielle-franco","25":"tag-minha-casa-minha-vida","26":"tag-organizacao-criativa","27":"tag-mudanca-de-narrativa","28":"tag-necessidades-especificas","29":"tag-preconceito","30":"tag-solucao-comunitaria","31":"tag-violencia-contra-a-mulher","32":"writer-carla-regina"},"acf":[],"yoast_head":"<!-- This site is optimized with the Yoast SEO plugin v25.6 - https:\/\/yoast.com\/wordpress\/plugins\/seo\/ -->\n<title>Divas da Resist\u00eancia: Refletindo o Legado de Marielle Franco, Grupo Empodera Mulheres de Conjuntos Habitacionais de Maric\u00e1 - RioOnWatch<\/title>\n<meta name=\"robots\" content=\"index, follow, max-snippet:-1, max-image-preview:large, max-video-preview:-1\" \/>\n<link rel=\"canonical\" href=\"https:\/\/rioonwatch.org.br\/?p=77367\" \/>\n<meta property=\"og:locale\" content=\"pt_BR\" \/>\n<meta property=\"og:type\" content=\"article\" \/>\n<meta property=\"og:title\" content=\"Divas da Resist\u00eancia: Refletindo o Legado de Marielle Franco, Grupo Empodera Mulheres de Conjuntos Habitacionais de Maric\u00e1 - RioOnWatch\" \/>\n<meta property=\"og:description\" content=\"Click Here for English \u201cUma palavra de ordem para nossa vida, em meio a essa crise: que n\u00f3s possamos viver com respeito a todas, cada uma com seu corpo, cada uma \u00e0 sua maneira, cada [...]\" \/>\n<meta property=\"og:url\" content=\"https:\/\/rioonwatch.org.br\/?p=77367\" \/>\n<meta property=\"og:site_name\" content=\"RioOnWatch\" \/>\n<meta property=\"article:published_time\" content=\"2025-03-14T16:42:46+00:00\" \/>\n<meta property=\"article:modified_time\" content=\"2025-03-24T16:54:03+00:00\" \/>\n<meta property=\"og:image\" content=\"https:\/\/rioonwatch.org.br\/wp-content\/uploads\/2025\/03\/Divas.png\" \/>\n\t<meta property=\"og:image:width\" content=\"1197\" \/>\n\t<meta property=\"og:image:height\" content=\"764\" \/>\n\t<meta property=\"og:image:type\" content=\"image\/png\" \/>\n<meta name=\"author\" content=\"Julio Santos Filho\" \/>\n<meta name=\"twitter:card\" content=\"summary_large_image\" \/>\n<meta name=\"twitter:label1\" content=\"Escrito por\" \/>\n\t<meta name=\"twitter:data1\" content=\"Julio Santos Filho\" \/>\n\t<meta name=\"twitter:label2\" content=\"Est. tempo de leitura\" \/>\n\t<meta name=\"twitter:data2\" content=\"10 minutos\" \/>\n<script type=\"application\/ld+json\" class=\"yoast-schema-graph\">{\"@context\":\"https:\/\/schema.org\",\"@graph\":[{\"@type\":\"Article\",\"@id\":\"https:\/\/rioonwatch.org.br\/?p=77367#article\",\"isPartOf\":{\"@id\":\"https:\/\/rioonwatch.org.br\/?p=77367\"},\"author\":{\"name\":\"Julio Santos Filho\",\"@id\":\"https:\/\/rioonwatch.org.br\/#\/schema\/person\/476bc75767957d3535b65b796667cd36\"},\"headline\":\"Divas da Resist\u00eancia: Refletindo o Legado de Marielle Franco, Grupo Empodera Mulheres de Conjuntos Habitacionais de Maric\u00e1\",\"datePublished\":\"2025-03-14T16:42:46+00:00\",\"dateModified\":\"2025-03-24T16:54:03+00:00\",\"mainEntityOfPage\":{\"@id\":\"https:\/\/rioonwatch.org.br\/?p=77367\"},\"wordCount\":2490,\"publisher\":{\"@id\":\"https:\/\/rioonwatch.org.br\/#organization\"},\"image\":{\"@id\":\"https:\/\/rioonwatch.org.br\/?p=77367#primaryimage\"},\"thumbnailUrl\":\"https:\/\/rioonwatch.org.br\/wp-content\/uploads\/2025\/03\/Divas.png\",\"keywords\":[\"#StopFavelaStigma\",\"Dia Internacional da Mulher\",\"economia\",\"economia solid\u00e1ria\",\"empoderamento\",\"empreendedorismo\",\"g\u00eanero\",\"Grande Rio\",\"habita\u00e7\u00e3o p\u00fablica\",\"Legado de Marielle\",\"Leste Fluminense\",\"Maric\u00e1\",\"Marielle Franco\",\"Minha Casa Minha Vida\",\"mobiliza\u00e7\u00e3o criativa\",\"mudan\u00e7a de narrativa\",\"necessidades espec\u00edficas\",\"preconceito\",\"solu\u00e7\u00e3o comunit\u00e1ria\",\"viol\u00eancia contra a mulher\"],\"articleSection\":[\"*Destaque\",\"Entrevistas e Perfis\",\"Escrito por Comunicadores Populares\",\"Sociedade Civil\",\"Solu\u00e7\u00f5es\"],\"inLanguage\":\"pt-BR\"},{\"@type\":\"WebPage\",\"@id\":\"https:\/\/rioonwatch.org.br\/?p=77367\",\"url\":\"https:\/\/rioonwatch.org.br\/?p=77367\",\"name\":\"Divas da Resist\u00eancia: Refletindo o Legado de Marielle Franco, Grupo Empodera Mulheres de Conjuntos Habitacionais de Maric\u00e1 - RioOnWatch\",\"isPartOf\":{\"@id\":\"https:\/\/rioonwatch.org.br\/#website\"},\"primaryImageOfPage\":{\"@id\":\"https:\/\/rioonwatch.org.br\/?p=77367#primaryimage\"},\"image\":{\"@id\":\"https:\/\/rioonwatch.org.br\/?p=77367#primaryimage\"},\"thumbnailUrl\":\"https:\/\/rioonwatch.org.br\/wp-content\/uploads\/2025\/03\/Divas.png\",\"datePublished\":\"2025-03-14T16:42:46+00:00\",\"dateModified\":\"2025-03-24T16:54:03+00:00\",\"breadcrumb\":{\"@id\":\"https:\/\/rioonwatch.org.br\/?p=77367#breadcrumb\"},\"inLanguage\":\"pt-BR\",\"potentialAction\":[{\"@type\":\"ReadAction\",\"target\":[\"https:\/\/rioonwatch.org.br\/?p=77367\"]}]},{\"@type\":\"ImageObject\",\"inLanguage\":\"pt-BR\",\"@id\":\"https:\/\/rioonwatch.org.br\/?p=77367#primaryimage\",\"url\":\"https:\/\/rioonwatch.org.br\/wp-content\/uploads\/2025\/03\/Divas.png\",\"contentUrl\":\"https:\/\/rioonwatch.org.br\/wp-content\/uploads\/2025\/03\/Divas.png\",\"width\":1197,\"height\":764},{\"@type\":\"BreadcrumbList\",\"@id\":\"https:\/\/rioonwatch.org.br\/?p=77367#breadcrumb\",\"itemListElement\":[{\"@type\":\"ListItem\",\"position\":1,\"name\":\"In\u00edcio\",\"item\":\"https:\/\/rioonwatch.org.br\/\"},{\"@type\":\"ListItem\",\"position\":2,\"name\":\"Divas da Resist\u00eancia: Refletindo o Legado de Marielle Franco, Grupo Empodera Mulheres de Conjuntos Habitacionais de Maric\u00e1\"}]},{\"@type\":\"WebSite\",\"@id\":\"https:\/\/rioonwatch.org.br\/#website\",\"url\":\"https:\/\/rioonwatch.org.br\/\",\"name\":\"RioOnWatch\",\"description\":\"relatos das favelas cariocas\",\"publisher\":{\"@id\":\"https:\/\/rioonwatch.org.br\/#organization\"},\"potentialAction\":[{\"@type\":\"SearchAction\",\"target\":{\"@type\":\"EntryPoint\",\"urlTemplate\":\"https:\/\/rioonwatch.org.br\/?s={search_term_string}\"},\"query-input\":{\"@type\":\"PropertyValueSpecification\",\"valueRequired\":true,\"valueName\":\"search_term_string\"}}],\"inLanguage\":\"pt-BR\"},{\"@type\":\"Organization\",\"@id\":\"https:\/\/rioonwatch.org.br\/#organization\",\"name\":\"RioOnWatch\",\"url\":\"https:\/\/rioonwatch.org.br\/\",\"logo\":{\"@type\":\"ImageObject\",\"inLanguage\":\"pt-BR\",\"@id\":\"https:\/\/rioonwatch.org.br\/#\/schema\/logo\/image\/\",\"url\":\"https:\/\/rioonwatch.org.br\/wp-content\/uploads\/2021\/06\/RioOnWatchcabecalhoPT11anos-2.png\",\"contentUrl\":\"https:\/\/rioonwatch.org.br\/wp-content\/uploads\/2021\/06\/RioOnWatchcabecalhoPT11anos-2.png\",\"width\":779,\"height\":277,\"caption\":\"RioOnWatch\"},\"image\":{\"@id\":\"https:\/\/rioonwatch.org.br\/#\/schema\/logo\/image\/\"}},{\"@type\":\"Person\",\"@id\":\"https:\/\/rioonwatch.org.br\/#\/schema\/person\/476bc75767957d3535b65b796667cd36\",\"name\":\"Julio Santos Filho\",\"image\":{\"@type\":\"ImageObject\",\"inLanguage\":\"pt-BR\",\"@id\":\"https:\/\/rioonwatch.org.br\/#\/schema\/person\/image\/\",\"url\":\"https:\/\/secure.gravatar.com\/avatar\/ca138f7666182a292a8ce4ca14fb81f8?s=96&d=blank&r=g\",\"contentUrl\":\"https:\/\/secure.gravatar.com\/avatar\/ca138f7666182a292a8ce4ca14fb81f8?s=96&d=blank&r=g\",\"caption\":\"Julio Santos Filho\"},\"url\":\"https:\/\/rioonwatch.org.br\/?author=167\"}]}<\/script>\n<!-- \/ Yoast SEO plugin. -->","yoast_head_json":{"title":"Divas da Resist\u00eancia: Refletindo o Legado de Marielle Franco, Grupo Empodera Mulheres de Conjuntos Habitacionais de Maric\u00e1 - RioOnWatch","robots":{"index":"index","follow":"follow","max-snippet":"max-snippet:-1","max-image-preview":"max-image-preview:large","max-video-preview":"max-video-preview:-1"},"canonical":"https:\/\/rioonwatch.org.br\/?p=77367","og_locale":"pt_BR","og_type":"article","og_title":"Divas da Resist\u00eancia: Refletindo o Legado de Marielle Franco, Grupo Empodera Mulheres de Conjuntos Habitacionais de Maric\u00e1 - RioOnWatch","og_description":"Click Here for English \u201cUma palavra de ordem para nossa vida, em meio a essa crise: que n\u00f3s possamos viver com respeito a todas, cada uma com seu corpo, cada uma \u00e0 sua maneira, cada [...]","og_url":"https:\/\/rioonwatch.org.br\/?p=77367","og_site_name":"RioOnWatch","article_published_time":"2025-03-14T16:42:46+00:00","article_modified_time":"2025-03-24T16:54:03+00:00","og_image":[{"width":1197,"height":764,"url":"https:\/\/rioonwatch.org.br\/wp-content\/uploads\/2025\/03\/Divas.png","type":"image\/png"}],"author":"Julio Santos Filho","twitter_card":"summary_large_image","twitter_misc":{"Escrito por":"Julio Santos Filho","Est. tempo de leitura":"10 minutos"},"schema":{"@context":"https:\/\/schema.org","@graph":[{"@type":"Article","@id":"https:\/\/rioonwatch.org.br\/?p=77367#article","isPartOf":{"@id":"https:\/\/rioonwatch.org.br\/?p=77367"},"author":{"name":"Julio Santos Filho","@id":"https:\/\/rioonwatch.org.br\/#\/schema\/person\/476bc75767957d3535b65b796667cd36"},"headline":"Divas da Resist\u00eancia: Refletindo o Legado de Marielle Franco, Grupo Empodera Mulheres de Conjuntos Habitacionais de Maric\u00e1","datePublished":"2025-03-14T16:42:46+00:00","dateModified":"2025-03-24T16:54:03+00:00","mainEntityOfPage":{"@id":"https:\/\/rioonwatch.org.br\/?p=77367"},"wordCount":2490,"publisher":{"@id":"https:\/\/rioonwatch.org.br\/#organization"},"image":{"@id":"https:\/\/rioonwatch.org.br\/?p=77367#primaryimage"},"thumbnailUrl":"https:\/\/rioonwatch.org.br\/wp-content\/uploads\/2025\/03\/Divas.png","keywords":["#StopFavelaStigma","Dia Internacional da Mulher","economia","economia solid\u00e1ria","empoderamento","empreendedorismo","g\u00eanero","Grande Rio","habita\u00e7\u00e3o p\u00fablica","Legado de Marielle","Leste Fluminense","Maric\u00e1","Marielle Franco","Minha Casa Minha Vida","mobiliza\u00e7\u00e3o criativa","mudan\u00e7a de narrativa","necessidades espec\u00edficas","preconceito","solu\u00e7\u00e3o comunit\u00e1ria","viol\u00eancia contra a mulher"],"articleSection":["*Destaque","Entrevistas e Perfis","Escrito por Comunicadores Populares","Sociedade Civil","Solu\u00e7\u00f5es"],"inLanguage":"pt-BR"},{"@type":"WebPage","@id":"https:\/\/rioonwatch.org.br\/?p=77367","url":"https:\/\/rioonwatch.org.br\/?p=77367","name":"Divas da Resist\u00eancia: Refletindo o Legado de Marielle Franco, Grupo Empodera Mulheres de Conjuntos Habitacionais de Maric\u00e1 - RioOnWatch","isPartOf":{"@id":"https:\/\/rioonwatch.org.br\/#website"},"primaryImageOfPage":{"@id":"https:\/\/rioonwatch.org.br\/?p=77367#primaryimage"},"image":{"@id":"https:\/\/rioonwatch.org.br\/?p=77367#primaryimage"},"thumbnailUrl":"https:\/\/rioonwatch.org.br\/wp-content\/uploads\/2025\/03\/Divas.png","datePublished":"2025-03-14T16:42:46+00:00","dateModified":"2025-03-24T16:54:03+00:00","breadcrumb":{"@id":"https:\/\/rioonwatch.org.br\/?p=77367#breadcrumb"},"inLanguage":"pt-BR","potentialAction":[{"@type":"ReadAction","target":["https:\/\/rioonwatch.org.br\/?p=77367"]}]},{"@type":"ImageObject","inLanguage":"pt-BR","@id":"https:\/\/rioonwatch.org.br\/?p=77367#primaryimage","url":"https:\/\/rioonwatch.org.br\/wp-content\/uploads\/2025\/03\/Divas.png","contentUrl":"https:\/\/rioonwatch.org.br\/wp-content\/uploads\/2025\/03\/Divas.png","width":1197,"height":764},{"@type":"BreadcrumbList","@id":"https:\/\/rioonwatch.org.br\/?p=77367#breadcrumb","itemListElement":[{"@type":"ListItem","position":1,"name":"In\u00edcio","item":"https:\/\/rioonwatch.org.br\/"},{"@type":"ListItem","position":2,"name":"Divas da Resist\u00eancia: Refletindo o Legado de Marielle Franco, Grupo Empodera Mulheres de Conjuntos Habitacionais de Maric\u00e1"}]},{"@type":"WebSite","@id":"https:\/\/rioonwatch.org.br\/#website","url":"https:\/\/rioonwatch.org.br\/","name":"RioOnWatch","description":"relatos das favelas cariocas","publisher":{"@id":"https:\/\/rioonwatch.org.br\/#organization"},"potentialAction":[{"@type":"SearchAction","target":{"@type":"EntryPoint","urlTemplate":"https:\/\/rioonwatch.org.br\/?s={search_term_string}"},"query-input":{"@type":"PropertyValueSpecification","valueRequired":true,"valueName":"search_term_string"}}],"inLanguage":"pt-BR"},{"@type":"Organization","@id":"https:\/\/rioonwatch.org.br\/#organization","name":"RioOnWatch","url":"https:\/\/rioonwatch.org.br\/","logo":{"@type":"ImageObject","inLanguage":"pt-BR","@id":"https:\/\/rioonwatch.org.br\/#\/schema\/logo\/image\/","url":"https:\/\/rioonwatch.org.br\/wp-content\/uploads\/2021\/06\/RioOnWatchcabecalhoPT11anos-2.png","contentUrl":"https:\/\/rioonwatch.org.br\/wp-content\/uploads\/2021\/06\/RioOnWatchcabecalhoPT11anos-2.png","width":779,"height":277,"caption":"RioOnWatch"},"image":{"@id":"https:\/\/rioonwatch.org.br\/#\/schema\/logo\/image\/"}},{"@type":"Person","@id":"https:\/\/rioonwatch.org.br\/#\/schema\/person\/476bc75767957d3535b65b796667cd36","name":"Julio Santos Filho","image":{"@type":"ImageObject","inLanguage":"pt-BR","@id":"https:\/\/rioonwatch.org.br\/#\/schema\/person\/image\/","url":"https:\/\/secure.gravatar.com\/avatar\/ca138f7666182a292a8ce4ca14fb81f8?s=96&d=blank&r=g","contentUrl":"https:\/\/secure.gravatar.com\/avatar\/ca138f7666182a292a8ce4ca14fb81f8?s=96&d=blank&r=g","caption":"Julio Santos Filho"},"url":"https:\/\/rioonwatch.org.br\/?author=167"}]}},"_links":{"self":[{"href":"https:\/\/rioonwatch.org.br\/index.php?rest_route=\/wp\/v2\/posts\/77367"}],"collection":[{"href":"https:\/\/rioonwatch.org.br\/index.php?rest_route=\/wp\/v2\/posts"}],"about":[{"href":"https:\/\/rioonwatch.org.br\/index.php?rest_route=\/wp\/v2\/types\/post"}],"author":[{"embeddable":true,"href":"https:\/\/rioonwatch.org.br\/index.php?rest_route=\/wp\/v2\/users\/167"}],"replies":[{"embeddable":true,"href":"https:\/\/rioonwatch.org.br\/index.php?rest_route=%2Fwp%2Fv2%2Fcomments&post=77367"}],"version-history":[{"count":24,"href":"https:\/\/rioonwatch.org.br\/index.php?rest_route=\/wp\/v2\/posts\/77367\/revisions"}],"predecessor-version":[{"id":77480,"href":"https:\/\/rioonwatch.org.br\/index.php?rest_route=\/wp\/v2\/posts\/77367\/revisions\/77480"}],"wp:featuredmedia":[{"embeddable":true,"href":"https:\/\/rioonwatch.org.br\/index.php?rest_route=\/wp\/v2\/media\/77391"}],"wp:attachment":[{"href":"https:\/\/rioonwatch.org.br\/index.php?rest_route=%2Fwp%2Fv2%2Fmedia&parent=77367"}],"wp:term":[{"taxonomy":"category","embeddable":true,"href":"https:\/\/rioonwatch.org.br\/index.php?rest_route=%2Fwp%2Fv2%2Fcategories&post=77367"},{"taxonomy":"post_tag","embeddable":true,"href":"https:\/\/rioonwatch.org.br\/index.php?rest_route=%2Fwp%2Fv2%2Ftags&post=77367"},{"taxonomy":"writer","embeddable":true,"href":"https:\/\/rioonwatch.org.br\/index.php?rest_route=%2Fwp%2Fv2%2Fwriter&post=77367"},{"taxonomy":"translator","embeddable":true,"href":"https:\/\/rioonwatch.org.br\/index.php?rest_route=%2Fwp%2Fv2%2Ftranslator&post=77367"},{"taxonomy":"source","embeddable":true,"href":"https:\/\/rioonwatch.org.br\/index.php?rest_route=%2Fwp%2Fv2%2Fsource&post=77367"},{"taxonomy":"ilustrador","embeddable":true,"href":"https:\/\/rioonwatch.org.br\/index.php?rest_route=%2Fwp%2Fv2%2Filustrador&post=77367"},{"taxonomy":"fotografo","embeddable":true,"href":"https:\/\/rioonwatch.org.br\/index.php?rest_route=%2Fwp%2Fv2%2Ffotografo&post=77367"}],"curies":[{"name":"wp","href":"https:\/\/api.w.org\/{rel}","templated":true}]}}