{"id":77427,"date":"2025-03-20T13:18:38","date_gmt":"2025-03-20T16:18:38","guid":{"rendered":"https:\/\/rioonwatch.org.br\/?p=77427"},"modified":"2025-04-01T10:44:35","modified_gmt":"2025-04-01T13:44:35","slug":"temporal-aflige-luta-agroecologica-no-morro-da-providencia-evidenciando-a-falta-de-politicas-ambientais-e-desassistencia-a-solucoes-de-favela-para-crise-climatica","status":"publish","type":"post","link":"https:\/\/rioonwatch.org.br\/?p=77427","title":{"rendered":"Temporal Aflige Luta Agroecol\u00f3gica no Morro da Provid\u00eancia, Evidenciando a Falta de Pol\u00edticas Ambientais e Desassist\u00eancia a Solu\u00e7\u00f5es de Favela para Crise Clim\u00e1tica"},"content":{"rendered":"<figure id=\"attachment_77432\" aria-describedby=\"caption-attachment-77432\" style=\"width: 1600px\" class=\"wp-caption aligncenter\"><a href=\"https:\/\/rioonwatch.org.br\/wp-content\/uploads\/2025\/03\/Projeto-Providencia-Agroecologica-vista-do-Tunel-Joao-Ricardo.-Foto-Amanda-Baroni.jpeg\"><img fetchpriority=\"high\" decoding=\"async\" class=\"wp-image-77432 size-full\" title=\"Projeto Provid\u00eancia Agroecol\u00f3gica vista do T\u00fanel Jo\u00e3o Ricardo. Foto: Amanda Baroni\" src=\"https:\/\/rioonwatch.org.br\/wp-content\/uploads\/2025\/03\/Projeto-Providencia-Agroecologica-vista-do-Tunel-Joao-Ricardo.-Foto-Amanda-Baroni.jpeg\" alt=\"Projeto Provid\u00eancia Agroecol\u00f3gica vista do T\u00fanel Jo\u00e3o Ricardo. Foto: Amanda Baroni\" width=\"1600\" height=\"900\" srcset=\"https:\/\/rioonwatch.org.br\/wp-content\/uploads\/2025\/03\/Projeto-Providencia-Agroecologica-vista-do-Tunel-Joao-Ricardo.-Foto-Amanda-Baroni.jpeg 1600w, https:\/\/rioonwatch.org.br\/wp-content\/uploads\/2025\/03\/Projeto-Providencia-Agroecologica-vista-do-Tunel-Joao-Ricardo.-Foto-Amanda-Baroni-620x349.jpeg 620w, https:\/\/rioonwatch.org.br\/wp-content\/uploads\/2025\/03\/Projeto-Providencia-Agroecologica-vista-do-Tunel-Joao-Ricardo.-Foto-Amanda-Baroni-768x432.jpeg 768w, https:\/\/rioonwatch.org.br\/wp-content\/uploads\/2025\/03\/Projeto-Providencia-Agroecologica-vista-do-Tunel-Joao-Ricardo.-Foto-Amanda-Baroni-1536x864.jpeg 1536w, https:\/\/rioonwatch.org.br\/wp-content\/uploads\/2025\/03\/Projeto-Providencia-Agroecologica-vista-do-Tunel-Joao-Ricardo.-Foto-Amanda-Baroni-678x381.jpeg 678w\" sizes=\"(max-width: 1600px) 100vw, 1600px\" \/><\/a><figcaption id=\"caption-attachment-77432\" class=\"wp-caption-text\">Provid\u00eancia Agroecol\u00f3gica vista do T\u00fanel Jo\u00e3o Ricardo. Foto: Amanda Baroni<\/figcaption><\/figure>\n<p style=\"text-align: right;\"><em><strong><a href=\"https:\/\/bit.ly\/423E2kV\" target=\"_blank\" rel=\"noopener noreferrer\">Click Here for English<\/a><a href=\"https:\/\/bit.ly\/423E2kV\" rel=\"noopener noreferrer\"><img decoding=\"async\" class=\"alignright wp-image-15790\" src=\"http:\/\/rioonwatch.org.br\/wp-content\/uploads\/2012\/08\/EN-standard-e1439583104716.jpg\" alt=\"\" width=\"20\" height=\"20\" \/><\/a><\/strong><\/em><\/p>\n<p><span style=\"font-weight: 400;\">O forte temporal que atingiu a cidade do Rio de Janeiro no dia 12 de mar\u00e7o de 2025 causou alagamentos, quedas de \u00e1rvores, dentre outros impactos no Grande Rio. Um dos territ\u00f3rios afetados foi a regi\u00e3o mais arborizada do <\/span><a href=\"https:\/\/bit.ly\/2KUZXFB\" target=\"_blank\" rel=\"noopener\"><span style=\"font-weight: 400;\">Morro da Provid\u00eancia<\/span><\/a><span style=\"font-weight: 400;\">, situada acima do T\u00fanel Jo\u00e3o Ricardo no <\/span><a href=\"https:\/\/bit.ly\/2x1dXEP\" target=\"_blank\" rel=\"noopener\"><span style=\"font-weight: 400;\">Centro<\/span><\/a> da cidade. A<span style=\"font-weight: 400;\">\u00a0tempestade atingiu moradias e o projeto de educa\u00e7\u00e3o socioambiental <\/span><a href=\"https:\/\/bit.ly\/3APK4LV\" target=\"_blank\" rel=\"noopener\"><span style=\"font-weight: 400;\">Provid\u00eancia Agroecol\u00f3gica<\/span><\/a><span style=\"font-weight: 400;\">.<\/span><\/p>\n<p><span style=\"font-weight: 400;\">A casa de Jhony Rony, morador do Morro da Provid\u00eancia, teve seu telhado atingido por uma \u00e1rvore.<\/span><\/p>\n<blockquote><p><span style=\"font-weight: 400;\">\u201cFoi muito r\u00e1pido. A gente come\u00e7ou a ver uns raios, veio um vento, depois veio um barulho. Parecia que a casa ia cair. A gente n\u00e3o imaginava que ia ser isso aqui. Uma dia antes, o cara tirou alguns galhos da \u00e1rvore pra mim, que ele considerou mais perigoso. Gra\u00e7as a Deus que ele podou. N\u00e3o houve acidente na casa, foram mais galhos pequenos que quebraram as telhas. Mas quando sa\u00ed de casa, para o lado de fora, onde \u00e9 a minha \u00e1rea, fiquei chocado. Falei &#8216;caramba, olha a grossura desses galhos!&#8217; Eram enormes.\u201d \u2014 Jhony Rony<\/span><\/p><\/blockquote>\n<figure id=\"attachment_77431\" aria-describedby=\"caption-attachment-77431\" style=\"width: 1600px\" class=\"wp-caption aligncenter\"><a href=\"https:\/\/rioonwatch.org.br\/wp-content\/uploads\/2025\/03\/Entrada-da-casa-de-Jhonny-Rony-com-arvores-que-cairam-Amanda-Baroni.jpeg\"><img decoding=\"async\" class=\"wp-image-77431 size-full\" title=\"Entrada da casa de Jhonny Rony com \u00e1rvores que ca\u00edram. Foto: Amanda Baroni\" src=\"https:\/\/rioonwatch.org.br\/wp-content\/uploads\/2025\/03\/Entrada-da-casa-de-Jhonny-Rony-com-arvores-que-cairam-Amanda-Baroni.jpeg\" alt=\"Entrada da casa de Jhonny Rony com \u00e1rvores que ca\u00edram. Foto: Amanda Baroni\" width=\"1600\" height=\"900\" srcset=\"https:\/\/rioonwatch.org.br\/wp-content\/uploads\/2025\/03\/Entrada-da-casa-de-Jhonny-Rony-com-arvores-que-cairam-Amanda-Baroni.jpeg 1600w, https:\/\/rioonwatch.org.br\/wp-content\/uploads\/2025\/03\/Entrada-da-casa-de-Jhonny-Rony-com-arvores-que-cairam-Amanda-Baroni-620x349.jpeg 620w, https:\/\/rioonwatch.org.br\/wp-content\/uploads\/2025\/03\/Entrada-da-casa-de-Jhonny-Rony-com-arvores-que-cairam-Amanda-Baroni-768x432.jpeg 768w, https:\/\/rioonwatch.org.br\/wp-content\/uploads\/2025\/03\/Entrada-da-casa-de-Jhonny-Rony-com-arvores-que-cairam-Amanda-Baroni-1536x864.jpeg 1536w, https:\/\/rioonwatch.org.br\/wp-content\/uploads\/2025\/03\/Entrada-da-casa-de-Jhonny-Rony-com-arvores-que-cairam-Amanda-Baroni-678x381.jpeg 678w\" sizes=\"(max-width: 1600px) 100vw, 1600px\" \/><\/a><figcaption id=\"caption-attachment-77431\" class=\"wp-caption-text\">Entrada da casa de Jhonny Rony com \u00e1rvores que ca\u00edram. Foto: Amanda Baroni<\/figcaption><\/figure>\n<p><span style=\"font-weight: 400;\">Maelene Silva \u00e9 moradora e trabalha na Provid\u00eancia Agroecol\u00f3gica. Apesar de n\u00e3o ter sofrido danos pela tempestade, seus vizinhos n\u00e3o tiveram a mesma sorte.<\/span><\/p>\n<blockquote><p><span style=\"font-weight: 400;\">\u201cQuando come\u00e7ou tudo, eu estava em casa. Eu vi as \u00e1rvores quebrando. Era um vento pra l\u00e1 e pra c\u00e1, a gente achou at\u00e9 que a casa ia voar. A\u00ed, eu desci pra c\u00e1 pro projeto. Quando eu desci, de noite mesmo, ficamos sem luz. J\u00e1 estava tudo destru\u00eddo. Foi muita coisa mesmo. Quebrou a casa do vizinho. Quebrou a telha da cozinha dele. Eu estava fazendo janta, foi muito de repente. Na mesma hora, ficamos sem luz, que s\u00f3 voltou dois dias depois. E hoje, dia 14 de mar\u00e7o, ainda estamos sem internet. Tamb\u00e9m queimou o ventilador.\u201d \u2014 Maelene Silva<\/span><\/p><\/blockquote>\n<p><span style=\"font-weight: 400;\">Segundo Luciana Santana, outra moradora que teve o telhado quebrado, o temporal foi r\u00e1pido, mas forte o suficiente para que pesados galhos atingissem as telhas de sua casa.<\/span><\/p>\n<blockquote><p><span style=\"font-weight: 400;\">\u201cEssa chuva come\u00e7ou assim, ventava bem pouquinho, ventava\u2026 Meu filho estava sentado aqui, e a\u00ed falei: &#8216;Vai pegar a roupa ali na corda&#8217;. A\u00ed ele: \u2018N\u00e3o, m\u00e3e, n\u00e3o vai chover n\u00e3o&#8217;. A\u00ed eu falei \u2018Homem, quer saber? Vou tirar a roupa&#8217;. A\u00ed assim que eu tirei, veio aquele vento derrubando tudo: as calhas; um galho grand\u00e3o ali, que quebrou as telhas. Parecia que o mundo vinha se acabando. Sorte minha foi que as outras \u00e1rvores vieram por cima da casa e ca\u00edram l\u00e1 embaixo, na rua. A outra quase caiu aqui em cima e quebrou a telha. E a gente fica morrendo de medo dessas chuvas, n\u00e9? \u00c9 a primeira vez [que isso acontece]. Vinha vento todos os anos, mas as \u00e1rvores nunca ca\u00edam. Mas eu sempre fico: \u2018tem que podar pelo menos os galhos, n\u00e9?\u2019 Meu filho sempre me diz: &#8216;M\u00e3e, vai l\u00e1 pra minha casa em Cordovil\u2019, mas eu sempre digo: &#8216;n\u00e3o, j\u00e1 t\u00f4 acostumada aqui. N\u00e3o vou sair daqui. N\u00e3o vou vender minha casa a pre\u00e7o de banana. Eu j\u00e1 estou acostumada a ficar aqui sozinha, sozinha eu e Deus.&#8217; Gosto ali da ONG [Provid\u00eancia Agroecol\u00f3gica], do mercado que \u00e9 pertinho n\u00e9? De ir na casa da minha irm\u00e3, que \u00e9 perto. Tem vezes que s\u00f3 n\u00e3o \u00e9 muito fresco por causa do bafo do t\u00fanel. Mas eu gosto [de morar aqui].\u201d \u2014 Luciana Santana<\/span><\/p><\/blockquote>\n<figure id=\"attachment_77433\" aria-describedby=\"caption-attachment-77433\" style=\"width: 1280px\" class=\"wp-caption aligncenter\"><a href=\"https:\/\/rioonwatch.org.br\/wp-content\/uploads\/2025\/03\/Tanque-quebrado-pelas-arvores-no-quintal-de-Luciana-Santana.-Foto-Amanda-Baroni.jpeg\"><img loading=\"lazy\" decoding=\"async\" class=\"wp-image-77433 size-full\" title=\"As \u00e1rvores derrubadas pelo \u00faltimo temporal no Rio de Janeiro quebraram o tanque do quintal de Luciana Santana. Foto: Amanda Baroni\" src=\"https:\/\/rioonwatch.org.br\/wp-content\/uploads\/2025\/03\/Tanque-quebrado-pelas-arvores-no-quintal-de-Luciana-Santana.-Foto-Amanda-Baroni.jpeg\" alt=\"As \u00e1rvores derrubadas pelo \u00faltimo temporal no Rio de Janeiro quebraram o tanque do quintal de Luciana Santana. Foto: Amanda Baroni\" width=\"1280\" height=\"720\" srcset=\"https:\/\/rioonwatch.org.br\/wp-content\/uploads\/2025\/03\/Tanque-quebrado-pelas-arvores-no-quintal-de-Luciana-Santana.-Foto-Amanda-Baroni.jpeg 1280w, https:\/\/rioonwatch.org.br\/wp-content\/uploads\/2025\/03\/Tanque-quebrado-pelas-arvores-no-quintal-de-Luciana-Santana.-Foto-Amanda-Baroni-620x349.jpeg 620w, https:\/\/rioonwatch.org.br\/wp-content\/uploads\/2025\/03\/Tanque-quebrado-pelas-arvores-no-quintal-de-Luciana-Santana.-Foto-Amanda-Baroni-768x432.jpeg 768w, https:\/\/rioonwatch.org.br\/wp-content\/uploads\/2025\/03\/Tanque-quebrado-pelas-arvores-no-quintal-de-Luciana-Santana.-Foto-Amanda-Baroni-678x381.jpeg 678w\" sizes=\"(max-width: 1280px) 100vw, 1280px\" \/><\/a><figcaption id=\"caption-attachment-77433\" class=\"wp-caption-text\">As \u00e1rvores derrubadas pelo \u00faltimo temporal no Rio de Janeiro quebraram o tanque do quintal de Luciana Santana. Foto: Amanda Baroni<\/figcaption><\/figure>\n<h3>Do Lix\u00e3o \u00e0 Revitaliza\u00e7\u00e3o: Origens da Agrofloresta Urbana da Provid\u00eancia<\/h3>\n<p>Uma das fundadoras da <a href=\"https:\/\/www.instagram.com\/providencia_agroecologica\">Provid\u00eancia Agroecol\u00f3gica<\/a>, que teve in\u00edcio em 2013, Alessandra Roque, conta que o local, na \u00e9poca, era um lix\u00e3o. Ela come\u00e7ou a frequentar o espa\u00e7o para recolher terra para as plantas de sua casa. No entanto, ela lembra que, enquanto recolhia terra, tamb\u00e9m retirava parte do lixo acumulado. Com o passar do tempo, acabou reflorestando o local, que se tornou sede de atividades socioambientais da comunidade, culminando na funda\u00e7\u00e3o da Provid\u00eancia Agroecol\u00f3gica. Coordenado por Lorena Portela e Alessandra Roque, o projeto oferece atividades voltadas \u00e0 educa\u00e7\u00e3o socioambiental da comunidade.<\/p>\n<figure id=\"attachment_77430\" aria-describedby=\"caption-attachment-77430\" style=\"width: 1200px\" class=\"wp-caption aligncenter\"><a href=\"https:\/\/rioonwatch.org.br\/wp-content\/uploads\/2025\/03\/Projeto-Providencia-Agroecologica-antes-do-temporal.-Foto-Divulgacao.jpeg\"><img loading=\"lazy\" decoding=\"async\" class=\"wp-image-77430 size-full\" title=\"Projeto Provid\u00eancia Agroecol\u00f3gica antes do temporal. Foto: Divulga\u00e7\u00e3o\" src=\"https:\/\/rioonwatch.org.br\/wp-content\/uploads\/2025\/03\/Projeto-Providencia-Agroecologica-antes-do-temporal.-Foto-Divulgacao.jpeg\" alt=\"Projeto Provid\u00eancia Agroecol\u00f3gica antes do temporal. Foto: Divulga\u00e7\u00e3o\" width=\"1200\" height=\"1600\" srcset=\"https:\/\/rioonwatch.org.br\/wp-content\/uploads\/2025\/03\/Projeto-Providencia-Agroecologica-antes-do-temporal.-Foto-Divulgacao.jpeg 1200w, https:\/\/rioonwatch.org.br\/wp-content\/uploads\/2025\/03\/Projeto-Providencia-Agroecologica-antes-do-temporal.-Foto-Divulgacao-465x620.jpeg 465w, https:\/\/rioonwatch.org.br\/wp-content\/uploads\/2025\/03\/Projeto-Providencia-Agroecologica-antes-do-temporal.-Foto-Divulgacao-1125x1500.jpeg 1125w, https:\/\/rioonwatch.org.br\/wp-content\/uploads\/2025\/03\/Projeto-Providencia-Agroecologica-antes-do-temporal.-Foto-Divulgacao-768x1024.jpeg 768w, https:\/\/rioonwatch.org.br\/wp-content\/uploads\/2025\/03\/Projeto-Providencia-Agroecologica-antes-do-temporal.-Foto-Divulgacao-1152x1536.jpeg 1152w\" sizes=\"(max-width: 1200px) 100vw, 1200px\" \/><\/a><figcaption id=\"caption-attachment-77430\" class=\"wp-caption-text\">Espa\u00e7o da Provid\u00eancia Agroecol\u00f3gica antes do temporal. Foto: Divulga\u00e7\u00e3o<\/figcaption><\/figure>\n<p>Apesar de s\u00f3 ter durado cerca de dez minutos, a tempestade do dia 12 de mar\u00e7o <a href=\"https:\/\/www.vakinha.com.br\/vaquinha\/reparo-emergencial-na-providencia-agroecologica\">destruiu parte do telhado da sala onde a Provid\u00eancia Agroecol\u00f3gica<\/a> abriga as aulas do pr\u00e9-vestibular comunit\u00e1rio Machado de Assis, al\u00e9m de ter quebrado galhos de \u00e1rvores cultivadas no espa\u00e7o. Alessandra, mateira e ra\u00edzeira, como prefere ser chamada, explica que a causa dos alagamentos, quedas de \u00e1rvores e outros problemas deixados pelo temporal reside na falta de um planejamento de cidade sustent\u00e1vel, que leve em conta o papel da natureza para a seguran\u00e7a urbana e sua import\u00e2ncia para o bem estar social.<\/p>\n<figure id=\"attachment_77434\" aria-describedby=\"caption-attachment-77434\" style=\"width: 1200px\" class=\"wp-caption aligncenter\"><a href=\"https:\/\/rioonwatch.org.br\/wp-content\/uploads\/2025\/03\/Ponto-de-vista-do-Espaco-do-projeto-Providencia-Agroecologica-para-a-Rua-Rivadavia-Correa-antes-do-temporal.-Foto-Amanda-Baroni.jpeg\"><img loading=\"lazy\" decoding=\"async\" class=\"wp-image-77434 size-full\" title=\"Ponto de vista do Espa\u00e7o do projeto Provid\u00eancia Agroecol\u00f3gica para a Rua Rivad\u00e1via Corr\u00eaa antes do temporal. Foto: Amanda Baroni\" src=\"https:\/\/rioonwatch.org.br\/wp-content\/uploads\/2025\/03\/Ponto-de-vista-do-Espaco-do-projeto-Providencia-Agroecologica-para-a-Rua-Rivadavia-Correa-antes-do-temporal.-Foto-Amanda-Baroni.jpeg\" alt=\"Ponto de vista do Espa\u00e7o do projeto Provid\u00eancia Agroecol\u00f3gica para a Rua Rivad\u00e1via Corr\u00eaa antes do temporal. Foto: Amanda Baroni\" width=\"1200\" height=\"1600\" srcset=\"https:\/\/rioonwatch.org.br\/wp-content\/uploads\/2025\/03\/Ponto-de-vista-do-Espaco-do-projeto-Providencia-Agroecologica-para-a-Rua-Rivadavia-Correa-antes-do-temporal.-Foto-Amanda-Baroni.jpeg 1200w, https:\/\/rioonwatch.org.br\/wp-content\/uploads\/2025\/03\/Ponto-de-vista-do-Espaco-do-projeto-Providencia-Agroecologica-para-a-Rua-Rivadavia-Correa-antes-do-temporal.-Foto-Amanda-Baroni-465x620.jpeg 465w, https:\/\/rioonwatch.org.br\/wp-content\/uploads\/2025\/03\/Ponto-de-vista-do-Espaco-do-projeto-Providencia-Agroecologica-para-a-Rua-Rivadavia-Correa-antes-do-temporal.-Foto-Amanda-Baroni-1125x1500.jpeg 1125w, https:\/\/rioonwatch.org.br\/wp-content\/uploads\/2025\/03\/Ponto-de-vista-do-Espaco-do-projeto-Providencia-Agroecologica-para-a-Rua-Rivadavia-Correa-antes-do-temporal.-Foto-Amanda-Baroni-768x1024.jpeg 768w, https:\/\/rioonwatch.org.br\/wp-content\/uploads\/2025\/03\/Ponto-de-vista-do-Espaco-do-projeto-Providencia-Agroecologica-para-a-Rua-Rivadavia-Correa-antes-do-temporal.-Foto-Amanda-Baroni-1152x1536.jpeg 1152w\" sizes=\"(max-width: 1200px) 100vw, 1200px\" \/><\/a><figcaption id=\"caption-attachment-77434\" class=\"wp-caption-text\">Ponto de vista do Espa\u00e7o da Provid\u00eancia Agroecol\u00f3gica para a Rua Rivad\u00e1via Corr\u00eaa antes do temporal. Foto: Divulga\u00e7\u00e3o<\/figcaption><\/figure>\n<figure id=\"attachment_77435\" aria-describedby=\"caption-attachment-77435\" style=\"width: 300px\" class=\"wp-caption alignright\"><a href=\"https:\/\/rioonwatch.org.br\/wp-content\/uploads\/2025\/03\/Ponto-de-vista-do-Espaco-do-projeto-Providencia-Agroecologica-para-a-Rua-Rivadavia-Correa-depois-do-temporal-Amanda-Baroni-.jpeg\"><img loading=\"lazy\" decoding=\"async\" class=\"wp-image-77435\" title=\"Ponto de vista do Espa\u00e7o do projeto Provid\u00eancia Agroecol\u00f3gica para a Rua Rivad\u00e1via Corr\u00eaa depois do temporal. Foto: Amanda Baroni\" src=\"https:\/\/rioonwatch.org.br\/wp-content\/uploads\/2025\/03\/Ponto-de-vista-do-Espaco-do-projeto-Providencia-Agroecologica-para-a-Rua-Rivadavia-Correa-depois-do-temporal-Amanda-Baroni-.jpeg\" alt=\"Ponto de vista do Espa\u00e7o do projeto Provid\u00eancia Agroecol\u00f3gica para a Rua Rivad\u00e1via Corr\u00eaa depois do temporal. Foto: Amanda Baroni\" width=\"300\" height=\"533\" srcset=\"https:\/\/rioonwatch.org.br\/wp-content\/uploads\/2025\/03\/Ponto-de-vista-do-Espaco-do-projeto-Providencia-Agroecologica-para-a-Rua-Rivadavia-Correa-depois-do-temporal-Amanda-Baroni-.jpeg 720w, https:\/\/rioonwatch.org.br\/wp-content\/uploads\/2025\/03\/Ponto-de-vista-do-Espaco-do-projeto-Providencia-Agroecologica-para-a-Rua-Rivadavia-Correa-depois-do-temporal-Amanda-Baroni--349x620.jpeg 349w\" sizes=\"(max-width: 300px) 100vw, 300px\" \/><\/a><figcaption id=\"caption-attachment-77435\" class=\"wp-caption-text\">Ponto de vista do espa\u00e7o da Provid\u00eancia Agroecol\u00f3gica para a Rua Rivad\u00e1via Corr\u00eaa depois do temporal. Foto: Amanda Baroni<\/figcaption><\/figure>\n<p><span style=\"font-weight: 400;\">Segundo ela, o discurso da grande m\u00eddia responsabiliza a natureza pelos impactos negativos de temporais. Ao tratar a natureza como um \u201cproblema\u201d, essas narrativas encorajam a remo\u00e7\u00e3o de \u00e1rvores na favela e no asfalto, o que n\u00e3o representa uma solu\u00e7\u00e3o adequada. <\/span><\/p>\n<p><span style=\"font-weight: 400;\">Quanto menos \u00e1rvores, ela afirma, mais quente e desequilibrado fica o ambiente. Segundo a mateira, \u00e1rvores funcionam como p\u00e1ra-raios<\/span><span style=\"font-weight: 400;\"> em tempestades, suportam ventos fortes, refrescam ambientes, seguram solos atrav\u00e9s de suas ra\u00edzes. Sobretudo em \u00e1reas de declive, como o Morro da Provid\u00eancia, \u00e1rvores evitam deslizamentos. Alessandra tamb\u00e9m explica que a remo\u00e7\u00e3o arbitr\u00e1ria de \u00e1rvores pode contribuir para a inseguran\u00e7a urbana frente \u00e0s mudan\u00e7as clim\u00e1ticas.<\/span><\/p>\n<blockquote><p><span style=\"font-weight: 400;\">\u201cExistem v\u00e1rios fatores [que influenciam a fragilidade desta regi\u00e3o da Provid\u00eancia]. Aqui era um lix\u00e3o, ent\u00e3o, o solo n\u00e3o \u00e9 muito est\u00e1vel. A gente limpou e ainda estamos reflorestando, mas ainda n\u00e3o deu tempo de ter uma compacta\u00e7\u00e3o do solo t\u00e3o grande. O fato de ser inclinado vai levando [parte do solo]. Mas em outros lugares, mesmo na Zona Sul, ou que n\u00e3o s\u00e3o morro, as \u00e1rvores tamb\u00e9m ca\u00edram. E isso tamb\u00e9m \u00e9 [importante] de ser falado&#8230; as \u00e1rvores em volta s\u00e3o a prote\u00e7\u00e3o da nossa casa. Quando as \u00e1rvores caem, voc\u00ea pode ver que as constru\u00e7\u00f5es ficaram no lugar. Tem esse lado aqui que n\u00e3o tem \u00e1rvores: [ali] o telhado voou. Os outros vizinhos que n\u00e3o t\u00eam \u00e1rvores, eles tiveram danos nas suas casas&#8230; a gente n\u00e3o entende que elas se sacrificaram para nossa prote\u00e7\u00e3o, entende? Tem todo um olhar, uma outra forma de ver: voc\u00ea v\u00ea que ca\u00edram todas essas \u00e1rvores, que s\u00e3o grandes, e elas foram muito generosas com a gente. Se essas \u00e1rvores n\u00e3o tivessem ca\u00eddo, n\u00e3o tivessem feito essa barreira de prote\u00e7\u00e3o, quantas [outras] casas teriam desmoronado? Quantas pessoas teriam morrido? Sabe?\u201d \u2014 Alessandra Roque<\/span><\/p><\/blockquote>\n<p><span style=\"font-weight: 400;\">Para Alessandra, os danos causados por este temporal revelam a problem\u00e1tica falta de pol\u00edticas ambientais voltadas \u00e0 mitiga\u00e7\u00e3o e \u00e0 adapta\u00e7\u00e3o urbana, sobretudo pol\u00edticas direcionadas \u00e0s favelas. Essa lacuna resulta na falta de estrutura para responder \u00e0 severidade destes eventos.<\/span><\/p>\n<blockquote><p><span style=\"font-weight: 400;\">\u201cVoc\u00ea vem aqui e v\u00ea uma agrofloresta. Mesmo depois do temporal n\u00e3o existe uma pol\u00edtica para a gente fazer uma agrofloresta dentro de um meio urbano. Quando a gente vai participar de um edital, a gente tem que inscrever a Provid\u00eancia Agroecol\u00f3gica em editais, por exemplo, de oficinas com ervas, editais para fazer xarope&#8230; Claro que um edital assim ajuda a gente a manter nossas atividades, mas nos impossibilita de ter um fundo para fazer todas essas podas, fazer obras de conten\u00e7\u00e3o. A gente n\u00e3o consegue ter uma pol\u00edtica p\u00fablica que atenda o que a gente est\u00e1 fazendo, mesmo que a gente esteja plantando, mesmo com todas essas \u00e1rvores j\u00e1 aqui. Para o Estado, \u00e9 como se elas n\u00e3o estivessem.\u201d \u2014 Alessandra Roque<\/span><\/p><\/blockquote>\n<p>Consequentemente, ap\u00f3s a trag\u00e9dia do dia 12, a Provid\u00eancia Agroecol\u00f3gica lan\u00e7ou uma <a href=\"https:\/\/www.vakinha.com.br\/vaquinha\/reparo-emergencial-na-providencia-agroecologica\">vaquinha para gerar os recursos necess\u00e1rios para realizar os cortes e retirar \u00e1rvores danificadas que impedem o funcionamento do trabalho<\/a> e geram risco para as atividades e os moradores.<\/p>\n<figure id=\"attachment_77436\" aria-describedby=\"caption-attachment-77436\" style=\"width: 1600px\" class=\"wp-caption aligncenter\"><a href=\"https:\/\/rioonwatch.org.br\/wp-content\/uploads\/2025\/03\/Ponto-de-vista-do-Espaco-do-projeto-Providencia-Agroecologica-para-a-Rua-Rivadavia-Correa-depois-da-poda.-Foto-Amanda-Baroni.jpeg\"><img loading=\"lazy\" decoding=\"async\" class=\"wp-image-77436 size-full\" title=\"Ponto de vista do Espa\u00e7o do projeto Provid\u00eancia Agroecol\u00f3gica para a Rua Rivad\u00e1via Corr\u00eaa,depois da poda. Foto: Amanda Baroni\" src=\"https:\/\/rioonwatch.org.br\/wp-content\/uploads\/2025\/03\/Ponto-de-vista-do-Espaco-do-projeto-Providencia-Agroecologica-para-a-Rua-Rivadavia-Correa-depois-da-poda.-Foto-Amanda-Baroni.jpeg\" alt=\"Ponto de vista do Espa\u00e7o do projeto Provid\u00eancia Agroecol\u00f3gica para a Rua Rivad\u00e1via Corr\u00eaa depois da poda. Foto: Amanda Baroni\" width=\"1600\" height=\"900\" srcset=\"https:\/\/rioonwatch.org.br\/wp-content\/uploads\/2025\/03\/Ponto-de-vista-do-Espaco-do-projeto-Providencia-Agroecologica-para-a-Rua-Rivadavia-Correa-depois-da-poda.-Foto-Amanda-Baroni.jpeg 1600w, https:\/\/rioonwatch.org.br\/wp-content\/uploads\/2025\/03\/Ponto-de-vista-do-Espaco-do-projeto-Providencia-Agroecologica-para-a-Rua-Rivadavia-Correa-depois-da-poda.-Foto-Amanda-Baroni-620x349.jpeg 620w, https:\/\/rioonwatch.org.br\/wp-content\/uploads\/2025\/03\/Ponto-de-vista-do-Espaco-do-projeto-Providencia-Agroecologica-para-a-Rua-Rivadavia-Correa-depois-da-poda.-Foto-Amanda-Baroni-768x432.jpeg 768w, https:\/\/rioonwatch.org.br\/wp-content\/uploads\/2025\/03\/Ponto-de-vista-do-Espaco-do-projeto-Providencia-Agroecologica-para-a-Rua-Rivadavia-Correa-depois-da-poda.-Foto-Amanda-Baroni-1536x864.jpeg 1536w, https:\/\/rioonwatch.org.br\/wp-content\/uploads\/2025\/03\/Ponto-de-vista-do-Espaco-do-projeto-Providencia-Agroecologica-para-a-Rua-Rivadavia-Correa-depois-da-poda.-Foto-Amanda-Baroni-678x381.jpeg 678w\" sizes=\"(max-width: 1600px) 100vw, 1600px\" \/><\/a><figcaption id=\"caption-attachment-77436\" class=\"wp-caption-text\">Ponto de vista do espa\u00e7o da Provid\u00eancia Agroecol\u00f3gica para a Rua Rivad\u00e1via Corr\u00eaa depois da poda p\u00f3s-temporal. Foto: Amanda Baroni<\/figcaption><\/figure>\n<p><span style=\"font-weight: 400;\">No dia 12 de mar\u00e7o, o Centro de Opera\u00e7\u00f5es Rio (COR) registrou elevados \u00edndices de <\/span><a href=\"https:\/\/bit.ly\/4kAAWNz\" target=\"_blank\" rel=\"noopener\"><span style=\"font-weight: 400;\">precipita\u00e7\u00e3o, quedas de \u00e1rvores<\/span><\/a><span style=\"font-weight: 400;\"> e de estruturas em bairros da Zona Sul e na regi\u00e3o central, como na Avenida Presidente Vargas. N\u00e3o houve, entretanto, nenhum registro oficial sobre as consequ\u00eancias do temporal deste dia no Morro da Provid\u00eancia.<\/span><\/p>\n<h3>O Projeto Provid\u00eancia Agroecol\u00f3gica e Sua Import\u00e2ncia para Solu\u00e7\u00f5es Ambientais na Provid\u00eancia<\/h3>\n<p><span style=\"font-weight: 400;\">Apesar da <a href=\"https:\/\/rioonwatch.org.br\/?tag=negligencia-do-estado\">neglig\u00eancia do poder p\u00fablico<\/a> em rela\u00e7\u00e3o aos impactos da crise clim\u00e1tica nas favelas, bem como a falta de suporte e visibilidade \u00e0s solu\u00e7\u00f5es locais para combater tais impactos, projetos como a Provid\u00eancia Agroecol\u00f3gica se consolidam de forma adaptativa e aut\u00f4noma. L\u00e1, s\u00e3o oferecidas aulas de educa\u00e7\u00e3o socioambiental para crian\u00e7as da Provid\u00eancia e atividades como oficinas de bordado, de costura, de yoga e o pr\u00e9-vestibular comunit\u00e1rio. <\/span><\/p>\n<figure id=\"attachment_77438\" aria-describedby=\"caption-attachment-77438\" style=\"width: 1600px\" class=\"wp-caption aligncenter\"><a href=\"https:\/\/rioonwatch.org.br\/wp-content\/uploads\/2025\/03\/Telhado-que-voou-na-Espaco-do-projeto-Providencia-Agroecologica-sala-do-pre-vestibular.-Foto-Amanda-Baroni.jpeg\"><img loading=\"lazy\" decoding=\"async\" class=\"wp-image-77438 size-full\" title=\"As fortes chuvas do dia 12\/03 arrancaram parte do telhado da sala onde ocorrem as aulas de pr\u00e9-vestibular do Provid\u00eancia Agroecol\u00f3gica. Foto: Amanda Baroni\" src=\"https:\/\/rioonwatch.org.br\/wp-content\/uploads\/2025\/03\/Telhado-que-voou-na-Espaco-do-projeto-Providencia-Agroecologica-sala-do-pre-vestibular.-Foto-Amanda-Baroni.jpeg\" alt=\"As fortes chuvas do dia 12\/03 arrancaram parte do telhado da sala onde ocorrem as aulas de pr\u00e9-vestibular do Provid\u00eancia Agroecol\u00f3gica. Foto: Amanda Baroni\" width=\"1600\" height=\"900\" srcset=\"https:\/\/rioonwatch.org.br\/wp-content\/uploads\/2025\/03\/Telhado-que-voou-na-Espaco-do-projeto-Providencia-Agroecologica-sala-do-pre-vestibular.-Foto-Amanda-Baroni.jpeg 1600w, https:\/\/rioonwatch.org.br\/wp-content\/uploads\/2025\/03\/Telhado-que-voou-na-Espaco-do-projeto-Providencia-Agroecologica-sala-do-pre-vestibular.-Foto-Amanda-Baroni-620x349.jpeg 620w, https:\/\/rioonwatch.org.br\/wp-content\/uploads\/2025\/03\/Telhado-que-voou-na-Espaco-do-projeto-Providencia-Agroecologica-sala-do-pre-vestibular.-Foto-Amanda-Baroni-768x432.jpeg 768w, https:\/\/rioonwatch.org.br\/wp-content\/uploads\/2025\/03\/Telhado-que-voou-na-Espaco-do-projeto-Providencia-Agroecologica-sala-do-pre-vestibular.-Foto-Amanda-Baroni-1536x864.jpeg 1536w, https:\/\/rioonwatch.org.br\/wp-content\/uploads\/2025\/03\/Telhado-que-voou-na-Espaco-do-projeto-Providencia-Agroecologica-sala-do-pre-vestibular.-Foto-Amanda-Baroni-678x381.jpeg 678w\" sizes=\"(max-width: 1600px) 100vw, 1600px\" \/><\/a><figcaption id=\"caption-attachment-77438\" class=\"wp-caption-text\">As fortes chuvas do dia 12\/03 arrancaram parte do telhado da sala onde ocorrem as aulas de pr\u00e9-vestibular da Provid\u00eancia Agroecol\u00f3gica. Foto: Amanda Baroni<\/figcaption><\/figure>\n<p>De acordo com Lorena, o projeto tamb\u00e9m educa sobre a import\u00e2ncia das \u00e1rvores e da preserva\u00e7\u00e3o associada \u00e0 produ\u00e7\u00e3o de alimentos em um contexto de eventos clim\u00e1ticos cada vez mais imprevis\u00edveis e sobre a necessidade de uma educa\u00e7\u00e3o ambiental que promova a harmonia entre o meio ambiente e a cidade.<\/p>\n<blockquote><p><span style=\"font-weight: 400;\">\u201cQuando chove, quando tem qualquer vento mais extremo ou quando, como agora, que ficou muito tempo sem chover e choveu &#8216;tudo de uma vez&#8217;, as \u00e1rvores demandam poda, demandam manuten\u00e7\u00e3o. Ent\u00e3o, com a falta desses servi\u00e7os p\u00fablicos, muitas \u00e1rvores n\u00e3o resistiram e ca\u00edram galhos. Acho que ainda sim, \u00e9 melhor com as \u00e1rvores do que sem. A gente sempre fala isso: parece que a \u00e1rvore \u00e9 o problema, mas n\u00e3o \u00e9. As ra\u00edzes ajudam a segurar o solo em si. Podia ter sido pior, podia ter tido um deslizamento (se n\u00e3o fosse pelas \u00e1rvores). Elas recebem a maior carga da chuva e de vento, ent\u00e3o as casas ficam mais protegidas. Ainda melhor com as \u00e1rvores. No Rio, boa parte das favelas est\u00e1 nos morros, ent\u00e3o a \u00e1rvore vai ter esse papel de ajudar no sistema de drenagem da \u00e1gua. Ela recebe o impacto de chuva e impede que isso v\u00e1 diretamente para o solo. Suas ra\u00edzes conseguem fazer com que a \u00e1gua penetre no solo lentamente, o que evita enchentes, deslizamentos e faz um trabalho imenso de conten\u00e7\u00e3o. As \u00e1rvores salvam vidas e precisam estar presentes. Tem um trabalho do di\u00e1logo ali, di\u00e1rio, de tentar cuidar um pouco disso, mas, mesmo assim, a galera \u00e0s vezes arranca as \u00e1rvores mesmo e n\u00e3o tem o que fazer.\u201d \u2014 Lorena Portela<\/span><\/p><\/blockquote>\n<blockquote class=\"instagram-media\" style=\"background: #FFF; border: 0; border-radius: 3px; box-shadow: 0 0 1px 0 rgba(0,0,0,0.5),0 1px 10px 0 rgba(0,0,0,0.15); margin: 1px; max-width: 540px; min-width: 326px; padding: 0; width: calc(100% - 2px);\" data-instgrm-captioned=\"\" data-instgrm-permalink=\"https:\/\/www.instagram.com\/p\/DHTnL9cRWtT\/?utm_source=ig_embed&amp;utm_campaign=loading\" data-instgrm-version=\"14\">\n<div style=\"padding: 16px;\">\n<p>&nbsp;<\/p>\n<div style=\"display: flex; flex-direction: row; align-items: center;\">\n<div style=\"background-color: #f4f4f4; border-radius: 50%; flex-grow: 0; height: 40px; margin-right: 14px; width: 40px;\"><\/div>\n<div style=\"display: flex; flex-direction: column; flex-grow: 1; justify-content: center;\">\n<div style=\"background-color: #f4f4f4; border-radius: 4px; flex-grow: 0; height: 14px; margin-bottom: 6px; width: 100px;\"><\/div>\n<div style=\"background-color: #f4f4f4; border-radius: 4px; flex-grow: 0; height: 14px; width: 60px;\"><\/div>\n<\/div>\n<\/div>\n<div style=\"padding: 19% 0;\"><\/div>\n<div style=\"display: block; height: 50px; margin: 0 auto 12px; width: 50px;\"><\/div>\n<div style=\"padding-top: 8px;\">\n<div style=\"color: #3897f0; font-family: Arial,sans-serif; font-size: 14px; font-style: normal; font-weight: 550; line-height: 18px;\">Ver esta publica\u00e7\u00e3o no Instagram<\/div>\n<\/div>\n<div style=\"padding: 12.5% 0;\"><\/div>\n<div style=\"display: flex; flex-direction: row; margin-bottom: 14px; align-items: center;\">\n<div>\n<div style=\"background-color: #f4f4f4; border-radius: 50%; height: 12.5px; width: 12.5px; transform: translateX(0px) translateY(7px);\"><\/div>\n<div style=\"background-color: #f4f4f4; height: 12.5px; transform: rotate(-45deg) translateX(3px) translateY(1px); width: 12.5px; flex-grow: 0; margin-right: 14px; margin-left: 2px;\"><\/div>\n<div style=\"background-color: #f4f4f4; border-radius: 50%; height: 12.5px; width: 12.5px; transform: translateX(9px) translateY(-18px);\"><\/div>\n<\/div>\n<div style=\"margin-left: 8px;\">\n<div style=\"background-color: #f4f4f4; border-radius: 50%; flex-grow: 0; height: 20px; width: 20px;\"><\/div>\n<div style=\"width: 0; height: 0; border-top: 2px solid transparent; border-left: 6px solid #f4f4f4; border-bottom: 2px solid transparent; transform: translateX(16px) translateY(-4px) rotate(30deg);\"><\/div>\n<\/div>\n<div style=\"margin-left: auto;\">\n<div style=\"width: 0px; border-top: 8px solid #F4F4F4; border-right: 8px solid transparent; transform: translateY(16px);\"><\/div>\n<div style=\"background-color: #f4f4f4; flex-grow: 0; height: 12px; width: 16px; transform: translateY(-4px);\"><\/div>\n<div style=\"width: 0; height: 0; border-top: 8px solid #F4F4F4; border-left: 8px solid transparent; transform: translateY(-4px) translateX(8px);\"><\/div>\n<\/div>\n<\/div>\n<div style=\"display: flex; flex-direction: column; flex-grow: 1; justify-content: center; margin-bottom: 24px;\">\n<div style=\"background-color: #f4f4f4; border-radius: 4px; flex-grow: 0; height: 14px; margin-bottom: 6px; width: 224px;\"><\/div>\n<div style=\"background-color: #f4f4f4; border-radius: 4px; flex-grow: 0; height: 14px; width: 144px;\"><\/div>\n<\/div>\n<p>&nbsp;<\/p>\n<p style=\"color: #c9c8cd; font-family: Arial,sans-serif; font-size: 14px; line-height: 17px; margin-bottom: 0; margin-top: 8px; overflow: hidden; padding: 8px 0 7px; text-align: center; text-overflow: ellipsis; white-space: nowrap;\"><a style=\"color: #c9c8cd; font-family: Arial,sans-serif; font-size: 14px; font-style: normal; font-weight: normal; line-height: 17px; text-decoration: none;\" href=\"https:\/\/www.instagram.com\/p\/DHTnL9cRWtT\/?utm_source=ig_embed&amp;utm_campaign=loading\" target=\"_blank\" rel=\"noopener\">Uma publica\u00e7\u00e3o partilhada por Uma escola em constru\u00e7\u00e3o (@providencia_agroecologica)<\/a><\/p>\n<\/div>\n<\/blockquote>\n<p><script async src=\"\/\/www.instagram.com\/embed.js\"><\/script><\/p>\n<p><span style=\"font-weight: 400;\">Quanto \u00e0s pol\u00edticas p\u00fablicas, Lorena conclui que o atual desafio clim\u00e1tico imp\u00f5e a governantes um posicionamento mais respons\u00e1vel, que proponham e executem melhorias sociais para a posteridade, ao inv\u00e9s de projetos <a href=\"https:\/\/bit.ly\/3RkM1EU\" target=\"_blank\" rel=\"noopener\">paliativos ou sem continuidade<\/a>. A neglig\u00eancia do Estado deixa vulner\u00e1veis as popula\u00e7\u00f5es que mais precisam construir infraestruturas de resili\u00eancia clim\u00e1tica.\u00a0<\/span><\/p>\n<blockquote><p><span style=\"font-weight: 400;\">\u201cNo contexto de favela, a partir do trabalho que a gente j\u00e1 faz h\u00e1 anos, tem uma dimens\u00e3o que \u00e9 conseguir associar a pol\u00edtica de prote\u00e7\u00e3o ambiental \u00e0 moradia digna e \u00e0s condi\u00e7\u00f5es b\u00e1sicas de vida. Principalmente em um morro, que \u00e9 um territ\u00f3rio muito adensado, com pouco espa\u00e7o, e onde, estruturalmente, falta um sistema de saneamento, de coleta de res\u00edduos s\u00f3lidos, de esgotamento sanit\u00e1rio, onde a \u00e1gua n\u00e3o chega bem, que t\u00e1 longe de feiras boas, com alimentos frescos, sem veneno&#8230; \u00e9 dif\u00edcil. Ent\u00e3o, n\u00e3o d\u00e1 pra pensar em pol\u00edtica ambiental desconectada de outras pol\u00edticas de prote\u00e7\u00e3o social, de acesso \u00e0 sa\u00fade&#8230; Isso realmente demanda uma a\u00e7\u00e3o entre inst\u00e2ncias do governo e um conhecimento muito profundo do territ\u00f3rio. \u00c9 conseguir desenvolver processos de quem j\u00e1 tem protagonismo no territ\u00f3rio, porque quem \u00e9 de l\u00e1 vai saber pensar as solu\u00e7\u00f5es. \u00c9 muito mais f\u00e1cil ir com \u2018kits\u2019, com ideias prontas, algo que vai gerar n\u00famero, que mostra rapidamente que vai ter resultado. No entanto, os processos que causam mudan\u00e7as estruturais s\u00e3o mais demorados, passam por fortalecer iniciativas que j\u00e1 acontecem [nas favelas], como a nossa e muitas outras ligadas ao meio ambiente e \u00e0 agricultura no Rio de Janeiro. Acho que pol\u00edticas que fortale\u00e7am essas atividades s\u00e3o o melhor caminho.\u201d \u2014 Lorena Portela<\/span><\/p><\/blockquote>\n<div class=\"mt-1 flex gap-3 empty:hidden juice:-ml-3\">\n<div class=\"items-center justify-start rounded-xl p-1 flex\">\n<div class=\"flex items-center\">\n<div class=\"flex\"><em>Sobre a autora:\u00a0<\/em><i data-stringify-type=\"italic\"><a class=\"c-link\" href=\"https:\/\/bit.ly\/3p94eas\" target=\"_blank\" rel=\"noopener noreferrer\" data-stringify-link=\"https:\/\/bit.ly\/3p94eas\" data-sk=\"tooltip_parent\">Amanda Baroni Lopes<\/a><\/i><i data-stringify-type=\"italic\">\u00a0\u00e9 formada em jornalismo na Unicarioca e foi aluna do 1\u00b0 Laborat\u00f3rio de Jornalismo do\u00a0<\/i><i data-stringify-type=\"italic\"><a class=\"c-link\" href=\"https:\/\/bit.ly\/33tm8dz\" target=\"_blank\" rel=\"noopener noreferrer\" data-stringify-link=\"http:\/\/bit.ly\/2YfGMc5\" data-sk=\"tooltip_parent\">Mar\u00e9 de Not\u00edcias<\/a><\/i><i data-stringify-type=\"italic\">. \u00c9 autora do\u00a0<\/i><a href=\"https:\/\/bit.ly\/3p49ufB\" target=\"_blank\" rel=\"noopener\"><i data-stringify-type=\"italic\">Guia Antiass\u00e9dio no Breaking<\/i><\/a><i data-stringify-type=\"italic\">, um manual que explica ao p\u00fablico do Hip Hop sobre o que \u00e9 ou n\u00e3o ass\u00e9dio e orienta sobre o que fazer nessas situa\u00e7\u00f5es. Amanda \u00e9 cria do\u00a0Morro do Timbau\u00a0e atualmente mora na\u00a0<a href=\"https:\/\/bit.ly\/2FMTjwP\" target=\"_blank\" rel=\"noopener\">Vila do Jo\u00e3o<\/a>, ambos no Complexo da Mar\u00e9.<\/i><\/div>\n<\/div>\n<\/div>\n<\/div>\n<hr \/>\n<h4><b data-stringify-type=\"bold\">Apoie nossos esfor\u00e7os para fornecer apoio estrat\u00e9gico \u00e0s favelas do Rio, incluindo o jornalismo hiperlocal, cr\u00edtico, inovador e incans\u00e1vel do\u00a0<\/b><b data-stringify-type=\"bold\"><i data-stringify-type=\"italic\">RioOnWatch<\/i><\/b>\u2014<a class=\"c-link\" href=\"http:\/\/www.bit.ly\/ApoieROW\" target=\"_blank\" rel=\"noopener noreferrer\" data-stringify-link=\"http:\/\/www.bit.ly\/ApoieROW\" data-sk=\"tooltip_parent\">doe aqui<\/a>.<\/h4>\n<!-- AddThis Advanced Settings generic via filter on the_content --><!-- AddThis Share Buttons generic via filter on the_content -->","protected":false},"excerpt":{"rendered":"<div class=\"mh-excerpt\"><p>Click Here for English O forte temporal que atingiu a cidade do Rio de Janeiro no dia 12 de mar\u00e7o de 2025 causou alagamentos, quedas de \u00e1rvores, dentre outros impactos no Grande Rio. Um dos <a class=\"mh-excerpt-more\" href=\"https:\/\/rioonwatch.org.br\/?p=77427\" title=\"Temporal Aflige Luta Agroecol\u00f3gica no Morro da Provid\u00eancia, Evidenciando a Falta de Pol\u00edticas Ambientais e Desassist\u00eancia a Solu\u00e7\u00f5es de Favela para Crise Clim\u00e1tica\">[&#8230;]<\/a><!-- AddThis Advanced Settings generic via filter on get_the_excerpt --><!-- AddThis Share Buttons generic via filter on get_the_excerpt --><\/p>\n<\/div>","protected":false},"author":167,"featured_media":77432,"comment_status":"closed","ping_status":"closed","sticky":false,"template":"template-full.php","format":"standard","meta":{"_acf_changed":false,"_monsterinsights_skip_tracking":false,"_monsterinsights_sitenote_active":false,"_monsterinsights_sitenote_note":"","_monsterinsights_sitenote_category":0,"footnotes":""},"categories":[1621,346,1625,1388,3170,1612,1639],"tags":[302,301,300,259,11,1147,257,1719,417,3372,104,297,494,476],"writer":[3181],"translator":[],"source":[],"ilustrador":[],"fotografo":[3338],"class_list":{"0":"post-77427","1":"post","2":"type-post","3":"status-publish","4":"format-standard","5":"has-post-thumbnail","7":"category-destaque","8":"category-denuncias","9":"category-por-correspondentes-comunitarios","10":"category-formas-de-apoiar","11":"category-justica-climatica","12":"category-sociedade-civil","13":"category-sustentabilidade","14":"tag-agricultura-urbana","15":"tag-agroecologia","16":"tag-agrofloresta","17":"tag-centro","18":"tag-chuvas","19":"tag-espacos-verdes","20":"tag-providencia","21":"tag-mudancas-climaticas","22":"tag-negligencia-do-estado","23":"tag-perda-e-prejuizo","24":"tag-pvnc","25":"tag-reflorestamento","26":"tag-regiao-do-porto","27":"tag-solucao-comunitaria","28":"writer-amanda-baroni-lopes","29":"fotografo-amanda-baroni-lopes"},"acf":[],"yoast_head":"<!-- This site is optimized with the Yoast SEO plugin v25.6 - https:\/\/yoast.com\/wordpress\/plugins\/seo\/ -->\n<title>Temporal Aflige Luta Agroecol\u00f3gica no Morro da Provid\u00eancia, Evidenciando a Falta de Pol\u00edticas Ambientais e Desassist\u00eancia a Solu\u00e7\u00f5es de Favela para Crise Clim\u00e1tica - RioOnWatch<\/title>\n<meta name=\"robots\" content=\"index, follow, max-snippet:-1, max-image-preview:large, max-video-preview:-1\" \/>\n<link rel=\"canonical\" href=\"https:\/\/rioonwatch.org.br\/?p=77427\" \/>\n<meta property=\"og:locale\" content=\"pt_BR\" \/>\n<meta property=\"og:type\" content=\"article\" \/>\n<meta property=\"og:title\" content=\"Temporal Aflige Luta Agroecol\u00f3gica no Morro da Provid\u00eancia, Evidenciando a Falta de Pol\u00edticas Ambientais e Desassist\u00eancia a Solu\u00e7\u00f5es de Favela para Crise Clim\u00e1tica - RioOnWatch\" \/>\n<meta property=\"og:description\" content=\"Click Here for English O forte temporal que atingiu a cidade do Rio de Janeiro no dia 12 de mar\u00e7o de 2025 causou alagamentos, quedas de \u00e1rvores, dentre outros impactos no Grande Rio. Um dos [...]\" \/>\n<meta property=\"og:url\" content=\"https:\/\/rioonwatch.org.br\/?p=77427\" \/>\n<meta property=\"og:site_name\" content=\"RioOnWatch\" \/>\n<meta property=\"article:published_time\" content=\"2025-03-20T16:18:38+00:00\" \/>\n<meta property=\"article:modified_time\" content=\"2025-04-01T13:44:35+00:00\" \/>\n<meta property=\"og:image\" content=\"https:\/\/rioonwatch.org.br\/wp-content\/uploads\/2025\/03\/Projeto-Providencia-Agroecologica-vista-do-Tunel-Joao-Ricardo.-Foto-Amanda-Baroni.jpeg\" \/>\n\t<meta property=\"og:image:width\" content=\"1600\" \/>\n\t<meta property=\"og:image:height\" content=\"900\" \/>\n\t<meta property=\"og:image:type\" content=\"image\/jpeg\" \/>\n<meta name=\"author\" content=\"Julio Santos Filho\" \/>\n<meta name=\"twitter:card\" content=\"summary_large_image\" \/>\n<meta name=\"twitter:label1\" content=\"Escrito por\" \/>\n\t<meta name=\"twitter:data1\" content=\"Julio Santos Filho\" \/>\n\t<meta name=\"twitter:label2\" content=\"Est. tempo de leitura\" \/>\n\t<meta name=\"twitter:data2\" content=\"8 minutos\" \/>\n<script type=\"application\/ld+json\" class=\"yoast-schema-graph\">{\"@context\":\"https:\/\/schema.org\",\"@graph\":[{\"@type\":\"Article\",\"@id\":\"https:\/\/rioonwatch.org.br\/?p=77427#article\",\"isPartOf\":{\"@id\":\"https:\/\/rioonwatch.org.br\/?p=77427\"},\"author\":{\"name\":\"Julio Santos Filho\",\"@id\":\"https:\/\/rioonwatch.org.br\/#\/schema\/person\/476bc75767957d3535b65b796667cd36\"},\"headline\":\"Temporal Aflige Luta Agroecol\u00f3gica no Morro da Provid\u00eancia, Evidenciando a Falta de Pol\u00edticas Ambientais e Desassist\u00eancia a Solu\u00e7\u00f5es de Favela para Crise Clim\u00e1tica\",\"datePublished\":\"2025-03-20T16:18:38+00:00\",\"dateModified\":\"2025-04-01T13:44:35+00:00\",\"mainEntityOfPage\":{\"@id\":\"https:\/\/rioonwatch.org.br\/?p=77427\"},\"wordCount\":2477,\"publisher\":{\"@id\":\"https:\/\/rioonwatch.org.br\/#organization\"},\"image\":{\"@id\":\"https:\/\/rioonwatch.org.br\/?p=77427#primaryimage\"},\"thumbnailUrl\":\"https:\/\/rioonwatch.org.br\/wp-content\/uploads\/2025\/03\/Projeto-Providencia-Agroecologica-vista-do-Tunel-Joao-Ricardo.-Foto-Amanda-Baroni.jpeg\",\"keywords\":[\"agricultura urbana\",\"agroecologia\",\"agrofloresta\",\"Centro\",\"chuvas\",\"espa\u00e7os verdes\",\"Morro da Provid\u00eancia\",\"mudan\u00e7as clim\u00e1ticas\",\"Neglig\u00eancia do Estado\",\"perda e preju\u00edzo\",\"Pr\u00e9-Vestibular\",\"reflorestamento\",\"Regi\u00e3o do Porto\",\"solu\u00e7\u00e3o comunit\u00e1ria\"],\"articleSection\":[\"*Destaque\",\"Den\u00fancias\",\"Escrito por Comunicadores Populares\",\"Formas de Apoiar\",\"Justi\u00e7a Clim\u00e1tica\",\"Sociedade Civil\",\"Sustentabilidade\"],\"inLanguage\":\"pt-BR\"},{\"@type\":\"WebPage\",\"@id\":\"https:\/\/rioonwatch.org.br\/?p=77427\",\"url\":\"https:\/\/rioonwatch.org.br\/?p=77427\",\"name\":\"Temporal Aflige Luta Agroecol\u00f3gica no Morro da Provid\u00eancia, Evidenciando a Falta de Pol\u00edticas Ambientais e Desassist\u00eancia a Solu\u00e7\u00f5es de Favela para Crise Clim\u00e1tica - RioOnWatch\",\"isPartOf\":{\"@id\":\"https:\/\/rioonwatch.org.br\/#website\"},\"primaryImageOfPage\":{\"@id\":\"https:\/\/rioonwatch.org.br\/?p=77427#primaryimage\"},\"image\":{\"@id\":\"https:\/\/rioonwatch.org.br\/?p=77427#primaryimage\"},\"thumbnailUrl\":\"https:\/\/rioonwatch.org.br\/wp-content\/uploads\/2025\/03\/Projeto-Providencia-Agroecologica-vista-do-Tunel-Joao-Ricardo.-Foto-Amanda-Baroni.jpeg\",\"datePublished\":\"2025-03-20T16:18:38+00:00\",\"dateModified\":\"2025-04-01T13:44:35+00:00\",\"breadcrumb\":{\"@id\":\"https:\/\/rioonwatch.org.br\/?p=77427#breadcrumb\"},\"inLanguage\":\"pt-BR\",\"potentialAction\":[{\"@type\":\"ReadAction\",\"target\":[\"https:\/\/rioonwatch.org.br\/?p=77427\"]}]},{\"@type\":\"ImageObject\",\"inLanguage\":\"pt-BR\",\"@id\":\"https:\/\/rioonwatch.org.br\/?p=77427#primaryimage\",\"url\":\"https:\/\/rioonwatch.org.br\/wp-content\/uploads\/2025\/03\/Projeto-Providencia-Agroecologica-vista-do-Tunel-Joao-Ricardo.-Foto-Amanda-Baroni.jpeg\",\"contentUrl\":\"https:\/\/rioonwatch.org.br\/wp-content\/uploads\/2025\/03\/Projeto-Providencia-Agroecologica-vista-do-Tunel-Joao-Ricardo.-Foto-Amanda-Baroni.jpeg\",\"width\":1600,\"height\":900,\"caption\":\"Projeto Provid\u00eancia Agroecol\u00f3gica vista do T\u00fanel Jo\u00e3o Ricardo. Foto: Amanda Baroni\"},{\"@type\":\"BreadcrumbList\",\"@id\":\"https:\/\/rioonwatch.org.br\/?p=77427#breadcrumb\",\"itemListElement\":[{\"@type\":\"ListItem\",\"position\":1,\"name\":\"In\u00edcio\",\"item\":\"https:\/\/rioonwatch.org.br\/\"},{\"@type\":\"ListItem\",\"position\":2,\"name\":\"Temporal Aflige Luta Agroecol\u00f3gica no Morro da Provid\u00eancia, Evidenciando a Falta de Pol\u00edticas Ambientais e Desassist\u00eancia a Solu\u00e7\u00f5es de Favela para Crise Clim\u00e1tica\"}]},{\"@type\":\"WebSite\",\"@id\":\"https:\/\/rioonwatch.org.br\/#website\",\"url\":\"https:\/\/rioonwatch.org.br\/\",\"name\":\"RioOnWatch\",\"description\":\"relatos das favelas cariocas\",\"publisher\":{\"@id\":\"https:\/\/rioonwatch.org.br\/#organization\"},\"potentialAction\":[{\"@type\":\"SearchAction\",\"target\":{\"@type\":\"EntryPoint\",\"urlTemplate\":\"https:\/\/rioonwatch.org.br\/?s={search_term_string}\"},\"query-input\":{\"@type\":\"PropertyValueSpecification\",\"valueRequired\":true,\"valueName\":\"search_term_string\"}}],\"inLanguage\":\"pt-BR\"},{\"@type\":\"Organization\",\"@id\":\"https:\/\/rioonwatch.org.br\/#organization\",\"name\":\"RioOnWatch\",\"url\":\"https:\/\/rioonwatch.org.br\/\",\"logo\":{\"@type\":\"ImageObject\",\"inLanguage\":\"pt-BR\",\"@id\":\"https:\/\/rioonwatch.org.br\/#\/schema\/logo\/image\/\",\"url\":\"https:\/\/rioonwatch.org.br\/wp-content\/uploads\/2021\/06\/RioOnWatchcabecalhoPT11anos-2.png\",\"contentUrl\":\"https:\/\/rioonwatch.org.br\/wp-content\/uploads\/2021\/06\/RioOnWatchcabecalhoPT11anos-2.png\",\"width\":779,\"height\":277,\"caption\":\"RioOnWatch\"},\"image\":{\"@id\":\"https:\/\/rioonwatch.org.br\/#\/schema\/logo\/image\/\"}},{\"@type\":\"Person\",\"@id\":\"https:\/\/rioonwatch.org.br\/#\/schema\/person\/476bc75767957d3535b65b796667cd36\",\"name\":\"Julio Santos Filho\",\"image\":{\"@type\":\"ImageObject\",\"inLanguage\":\"pt-BR\",\"@id\":\"https:\/\/rioonwatch.org.br\/#\/schema\/person\/image\/\",\"url\":\"https:\/\/secure.gravatar.com\/avatar\/ca138f7666182a292a8ce4ca14fb81f8?s=96&d=blank&r=g\",\"contentUrl\":\"https:\/\/secure.gravatar.com\/avatar\/ca138f7666182a292a8ce4ca14fb81f8?s=96&d=blank&r=g\",\"caption\":\"Julio Santos Filho\"},\"url\":\"https:\/\/rioonwatch.org.br\/?author=167\"}]}<\/script>\n<!-- \/ Yoast SEO plugin. -->","yoast_head_json":{"title":"Temporal Aflige Luta Agroecol\u00f3gica no Morro da Provid\u00eancia, Evidenciando a Falta de Pol\u00edticas Ambientais e Desassist\u00eancia a Solu\u00e7\u00f5es de Favela para Crise Clim\u00e1tica - RioOnWatch","robots":{"index":"index","follow":"follow","max-snippet":"max-snippet:-1","max-image-preview":"max-image-preview:large","max-video-preview":"max-video-preview:-1"},"canonical":"https:\/\/rioonwatch.org.br\/?p=77427","og_locale":"pt_BR","og_type":"article","og_title":"Temporal Aflige Luta Agroecol\u00f3gica no Morro da Provid\u00eancia, Evidenciando a Falta de Pol\u00edticas Ambientais e Desassist\u00eancia a Solu\u00e7\u00f5es de Favela para Crise Clim\u00e1tica - RioOnWatch","og_description":"Click Here for English O forte temporal que atingiu a cidade do Rio de Janeiro no dia 12 de mar\u00e7o de 2025 causou alagamentos, quedas de \u00e1rvores, dentre outros impactos no Grande Rio. Um dos [...]","og_url":"https:\/\/rioonwatch.org.br\/?p=77427","og_site_name":"RioOnWatch","article_published_time":"2025-03-20T16:18:38+00:00","article_modified_time":"2025-04-01T13:44:35+00:00","og_image":[{"width":1600,"height":900,"url":"https:\/\/rioonwatch.org.br\/wp-content\/uploads\/2025\/03\/Projeto-Providencia-Agroecologica-vista-do-Tunel-Joao-Ricardo.-Foto-Amanda-Baroni.jpeg","type":"image\/jpeg"}],"author":"Julio Santos Filho","twitter_card":"summary_large_image","twitter_misc":{"Escrito por":"Julio Santos Filho","Est. tempo de leitura":"8 minutos"},"schema":{"@context":"https:\/\/schema.org","@graph":[{"@type":"Article","@id":"https:\/\/rioonwatch.org.br\/?p=77427#article","isPartOf":{"@id":"https:\/\/rioonwatch.org.br\/?p=77427"},"author":{"name":"Julio Santos Filho","@id":"https:\/\/rioonwatch.org.br\/#\/schema\/person\/476bc75767957d3535b65b796667cd36"},"headline":"Temporal Aflige Luta Agroecol\u00f3gica no Morro da Provid\u00eancia, Evidenciando a Falta de Pol\u00edticas Ambientais e Desassist\u00eancia a Solu\u00e7\u00f5es de Favela para Crise Clim\u00e1tica","datePublished":"2025-03-20T16:18:38+00:00","dateModified":"2025-04-01T13:44:35+00:00","mainEntityOfPage":{"@id":"https:\/\/rioonwatch.org.br\/?p=77427"},"wordCount":2477,"publisher":{"@id":"https:\/\/rioonwatch.org.br\/#organization"},"image":{"@id":"https:\/\/rioonwatch.org.br\/?p=77427#primaryimage"},"thumbnailUrl":"https:\/\/rioonwatch.org.br\/wp-content\/uploads\/2025\/03\/Projeto-Providencia-Agroecologica-vista-do-Tunel-Joao-Ricardo.-Foto-Amanda-Baroni.jpeg","keywords":["agricultura urbana","agroecologia","agrofloresta","Centro","chuvas","espa\u00e7os verdes","Morro da Provid\u00eancia","mudan\u00e7as clim\u00e1ticas","Neglig\u00eancia do Estado","perda e preju\u00edzo","Pr\u00e9-Vestibular","reflorestamento","Regi\u00e3o do Porto","solu\u00e7\u00e3o comunit\u00e1ria"],"articleSection":["*Destaque","Den\u00fancias","Escrito por Comunicadores Populares","Formas de Apoiar","Justi\u00e7a Clim\u00e1tica","Sociedade Civil","Sustentabilidade"],"inLanguage":"pt-BR"},{"@type":"WebPage","@id":"https:\/\/rioonwatch.org.br\/?p=77427","url":"https:\/\/rioonwatch.org.br\/?p=77427","name":"Temporal Aflige Luta Agroecol\u00f3gica no Morro da Provid\u00eancia, Evidenciando a Falta de Pol\u00edticas Ambientais e Desassist\u00eancia a Solu\u00e7\u00f5es de Favela para Crise Clim\u00e1tica - RioOnWatch","isPartOf":{"@id":"https:\/\/rioonwatch.org.br\/#website"},"primaryImageOfPage":{"@id":"https:\/\/rioonwatch.org.br\/?p=77427#primaryimage"},"image":{"@id":"https:\/\/rioonwatch.org.br\/?p=77427#primaryimage"},"thumbnailUrl":"https:\/\/rioonwatch.org.br\/wp-content\/uploads\/2025\/03\/Projeto-Providencia-Agroecologica-vista-do-Tunel-Joao-Ricardo.-Foto-Amanda-Baroni.jpeg","datePublished":"2025-03-20T16:18:38+00:00","dateModified":"2025-04-01T13:44:35+00:00","breadcrumb":{"@id":"https:\/\/rioonwatch.org.br\/?p=77427#breadcrumb"},"inLanguage":"pt-BR","potentialAction":[{"@type":"ReadAction","target":["https:\/\/rioonwatch.org.br\/?p=77427"]}]},{"@type":"ImageObject","inLanguage":"pt-BR","@id":"https:\/\/rioonwatch.org.br\/?p=77427#primaryimage","url":"https:\/\/rioonwatch.org.br\/wp-content\/uploads\/2025\/03\/Projeto-Providencia-Agroecologica-vista-do-Tunel-Joao-Ricardo.-Foto-Amanda-Baroni.jpeg","contentUrl":"https:\/\/rioonwatch.org.br\/wp-content\/uploads\/2025\/03\/Projeto-Providencia-Agroecologica-vista-do-Tunel-Joao-Ricardo.-Foto-Amanda-Baroni.jpeg","width":1600,"height":900,"caption":"Projeto Provid\u00eancia Agroecol\u00f3gica vista do T\u00fanel Jo\u00e3o Ricardo. Foto: Amanda Baroni"},{"@type":"BreadcrumbList","@id":"https:\/\/rioonwatch.org.br\/?p=77427#breadcrumb","itemListElement":[{"@type":"ListItem","position":1,"name":"In\u00edcio","item":"https:\/\/rioonwatch.org.br\/"},{"@type":"ListItem","position":2,"name":"Temporal Aflige Luta Agroecol\u00f3gica no Morro da Provid\u00eancia, Evidenciando a Falta de Pol\u00edticas Ambientais e Desassist\u00eancia a Solu\u00e7\u00f5es de Favela para Crise Clim\u00e1tica"}]},{"@type":"WebSite","@id":"https:\/\/rioonwatch.org.br\/#website","url":"https:\/\/rioonwatch.org.br\/","name":"RioOnWatch","description":"relatos das favelas cariocas","publisher":{"@id":"https:\/\/rioonwatch.org.br\/#organization"},"potentialAction":[{"@type":"SearchAction","target":{"@type":"EntryPoint","urlTemplate":"https:\/\/rioonwatch.org.br\/?s={search_term_string}"},"query-input":{"@type":"PropertyValueSpecification","valueRequired":true,"valueName":"search_term_string"}}],"inLanguage":"pt-BR"},{"@type":"Organization","@id":"https:\/\/rioonwatch.org.br\/#organization","name":"RioOnWatch","url":"https:\/\/rioonwatch.org.br\/","logo":{"@type":"ImageObject","inLanguage":"pt-BR","@id":"https:\/\/rioonwatch.org.br\/#\/schema\/logo\/image\/","url":"https:\/\/rioonwatch.org.br\/wp-content\/uploads\/2021\/06\/RioOnWatchcabecalhoPT11anos-2.png","contentUrl":"https:\/\/rioonwatch.org.br\/wp-content\/uploads\/2021\/06\/RioOnWatchcabecalhoPT11anos-2.png","width":779,"height":277,"caption":"RioOnWatch"},"image":{"@id":"https:\/\/rioonwatch.org.br\/#\/schema\/logo\/image\/"}},{"@type":"Person","@id":"https:\/\/rioonwatch.org.br\/#\/schema\/person\/476bc75767957d3535b65b796667cd36","name":"Julio Santos Filho","image":{"@type":"ImageObject","inLanguage":"pt-BR","@id":"https:\/\/rioonwatch.org.br\/#\/schema\/person\/image\/","url":"https:\/\/secure.gravatar.com\/avatar\/ca138f7666182a292a8ce4ca14fb81f8?s=96&d=blank&r=g","contentUrl":"https:\/\/secure.gravatar.com\/avatar\/ca138f7666182a292a8ce4ca14fb81f8?s=96&d=blank&r=g","caption":"Julio Santos Filho"},"url":"https:\/\/rioonwatch.org.br\/?author=167"}]}},"_links":{"self":[{"href":"https:\/\/rioonwatch.org.br\/index.php?rest_route=\/wp\/v2\/posts\/77427"}],"collection":[{"href":"https:\/\/rioonwatch.org.br\/index.php?rest_route=\/wp\/v2\/posts"}],"about":[{"href":"https:\/\/rioonwatch.org.br\/index.php?rest_route=\/wp\/v2\/types\/post"}],"author":[{"embeddable":true,"href":"https:\/\/rioonwatch.org.br\/index.php?rest_route=\/wp\/v2\/users\/167"}],"replies":[{"embeddable":true,"href":"https:\/\/rioonwatch.org.br\/index.php?rest_route=%2Fwp%2Fv2%2Fcomments&post=77427"}],"version-history":[{"count":16,"href":"https:\/\/rioonwatch.org.br\/index.php?rest_route=\/wp\/v2\/posts\/77427\/revisions"}],"predecessor-version":[{"id":77552,"href":"https:\/\/rioonwatch.org.br\/index.php?rest_route=\/wp\/v2\/posts\/77427\/revisions\/77552"}],"wp:featuredmedia":[{"embeddable":true,"href":"https:\/\/rioonwatch.org.br\/index.php?rest_route=\/wp\/v2\/media\/77432"}],"wp:attachment":[{"href":"https:\/\/rioonwatch.org.br\/index.php?rest_route=%2Fwp%2Fv2%2Fmedia&parent=77427"}],"wp:term":[{"taxonomy":"category","embeddable":true,"href":"https:\/\/rioonwatch.org.br\/index.php?rest_route=%2Fwp%2Fv2%2Fcategories&post=77427"},{"taxonomy":"post_tag","embeddable":true,"href":"https:\/\/rioonwatch.org.br\/index.php?rest_route=%2Fwp%2Fv2%2Ftags&post=77427"},{"taxonomy":"writer","embeddable":true,"href":"https:\/\/rioonwatch.org.br\/index.php?rest_route=%2Fwp%2Fv2%2Fwriter&post=77427"},{"taxonomy":"translator","embeddable":true,"href":"https:\/\/rioonwatch.org.br\/index.php?rest_route=%2Fwp%2Fv2%2Ftranslator&post=77427"},{"taxonomy":"source","embeddable":true,"href":"https:\/\/rioonwatch.org.br\/index.php?rest_route=%2Fwp%2Fv2%2Fsource&post=77427"},{"taxonomy":"ilustrador","embeddable":true,"href":"https:\/\/rioonwatch.org.br\/index.php?rest_route=%2Fwp%2Fv2%2Filustrador&post=77427"},{"taxonomy":"fotografo","embeddable":true,"href":"https:\/\/rioonwatch.org.br\/index.php?rest_route=%2Fwp%2Fv2%2Ffotografo&post=77427"}],"curies":[{"name":"wp","href":"https:\/\/api.w.org\/{rel}","templated":true}]}}