{"id":7763,"date":"2013-10-04T14:55:36","date_gmt":"2013-10-04T17:55:36","guid":{"rendered":"http:\/\/rioonwatch.org.br\/?p=7763"},"modified":"2024-06-20T16:29:56","modified_gmt":"2024-06-20T19:29:56","slug":"vila-autodromo-se-mantem-firme-contra-a-remocao-em-negociacoes-com-o-prefeito","status":"publish","type":"post","link":"https:\/\/rioonwatch.org.br\/?p=7763","title":{"rendered":"Vila Aut\u00f3dromo se Mant\u00e9m Firme Contra a Remo\u00e7\u00e3o em Negocia\u00e7\u00f5es com o Prefeito"},"content":{"rendered":"<p dir=\"ltr\" style=\"text-align: right;\"><em><strong><a href=\"http:\/\/bit.ly\/24suApL\" target=\"_blank\" rel=\"noopener noreferrer\">Click Here for English<img decoding=\"async\" width=\"20\" height=\"20\" class=\"alignright wp-image-15790\" src=\"http:\/\/rioonwatch.org.br\/wp-content\/uploads\/2012\/08\/EN-standard-e1439583104716.jpg\" \/><\/a><\/strong><\/em><\/p>\n<p dir=\"ltr\">Na quarta-feira \u00e0 noite, mais de 160 moradores de lideran\u00e7as da <a href=\"http:\/\/bit.ly\/Nfddvg\" target=\"_blank\" rel=\"noopener\">Vila Aut\u00f3dromo<\/a>\u00a0lotaram a igreja local S\u00e3o Jos\u00e9 Oper\u00e1rio para discutir a sua pr\u00f3xima reuni\u00e3o com o Prefeito Eduardo Paes, no domingo. O Prefeito <a href=\"http:\/\/bit.ly\/1d6tAuf\" target=\"_blank\" rel=\"noopener\">prometeu a perman\u00eancia da comunidade<\/a> em 09 de junho. No entanto, desde ent\u00e3o, os secret\u00e1rios de Habita\u00e7\u00e3o e Meio Ambiente t\u00eam se reunido com uma comiss\u00e3o de moradores, planejadores urbanos da UFRJ e UFF, e defensores p\u00fablicos do Estado, mostrando-lhes os planos para a constru\u00e7\u00e3o que visa dar acesso dos transportes para o Parque Ol\u00edmpico adjacente que, se conclu\u00edda, eliminaria quase metade da comunidade. \u201cO prefeito chamou essas reuni\u00f5es de \u2018negocia\u00e7\u00f5es\u2019, mas n\u00e3o temos sido capazes de expor o nosso ponto de vista nelas, porque, principalmente, \u00e9 ele falando o tempo todo&#8221;, disse Inalva Brito da Associa\u00e7\u00e3o de Moradores. &#8220;No domingo, s\u00f3 vamos precisar de uma palavra para dizer o que pensamos: N\u00e3o&#8221;.<\/p>\n<p dir=\"ltr\"><a href=\"http:\/\/rioonwatch.org.br\/?attachment_id=11359\" rel=\"attachment wp-att-11359\"><img fetchpriority=\"high\" decoding=\"async\" class=\"alignright size-full wp-image-11359\" title=\"Assessores t\u00e9cnicos mostram o plano com a comunidade\" src=\"http:\/\/rioonwatch.org\/wp-content\/uploads\/2013\/10\/DSC_0274.jpg\" alt=\"\" width=\"324\" height=\"215\" \/><\/a><\/p>\n<p>Os engenheiros e urbanistas que ajudaram a elaborar o <a href=\"http:\/\/bit.ly\/MhfsEx\" target=\"_blank\" rel=\"noopener\">Plano Popular<\/a> para a urbaniza\u00e7\u00e3o da Vila Aut\u00f3dromo estavam presentes e explicaram que a nova proposta do prefeito para a comunidade n\u00e3o s\u00f3 visa remover quase a metade dos moradores, mas tamb\u00e9m pretende remover a estrada principal da comunidade e inclui uma constru\u00e7\u00e3o de eleva\u00e7\u00e3o de dois metros acima da superf\u00edcie da comunidade em todos os lados, deixando-a altamente propensa a inunda\u00e7\u00f5es. Projetistas t\u00e9cnicos do Plano Popular por sua vez, elaboraram uma resposta \u00e0 \u00faltima proposta do prefeito, que ainda permite o mesmo acesso \u00e0s instala\u00e7\u00f5es ol\u00edmpicas, mas sem o risco de inunda\u00e7\u00e3o, e apenas com os poucos moradores que, de fato, querem sair de suas casas e serem reassentados, para serem reassentados em novas unidades dentro da pr\u00f3pria comunidade.<\/p>\n<p dir=\"ltr\"><a href=\"http:\/\/rioonwatch.org.br\/?attachment_id=11363\" rel=\"attachment wp-att-11363\"><img decoding=\"async\" class=\"alignright size-full wp-image-11363\" title=\"Audi\u00eancia Popular sobre remo\u00e7\u00f5es na ocupa\u00e7\u00e3o Manoel Congo\" src=\"http:\/\/rioonwatch.org\/wp-content\/uploads\/2013\/10\/Audi\u00eancia-Popular.jpg\" alt=\"\" width=\"324\" height=\"215\" \/><\/a><\/p>\n<p>Os moradores que falaram na reuni\u00e3o advertiram ao grupo que a qualidade dos apartamentos do <a href=\"http:\/\/bit.ly\/Y4U9oJ\" target=\"_blank\" rel=\"noopener\">Minha Casa, Minha Vida<\/a> que a prefeitura vem oferecendo por meses n\u00e3o pode ser assegurada, especialmente com os recentes <a href=\"http:\/\/bit.ly\/ZmY555\" target=\"_blank\" rel=\"noopener\">relatos<\/a> de edif\u00edcios que sofreram inunda\u00e7\u00f5es logo ap\u00f3s a constru\u00e7\u00e3o. &#8220;Pense no que voc\u00ea estaria deixando para tr\u00e1s aqui&#8221;, advertiu o pedreiro Aleide Gomez, 64. &#8220;Eu morei em v\u00e1rias comunidades diferentes, e Vila Aut\u00f3dromo \u00e9 especialmente pac\u00edfica e calma. Pessoas cuidam umas das outras aqui&#8221;.<\/p>\n<p>Esta reuni\u00e3o acompanha o adiamento, ocorrido na \u00faltima sexta-feira, de uma audi\u00eancia p\u00fablica sobre <a href=\"http:\/\/bit.ly\/X51Qvb\" target=\"_blank\" rel=\"noopener\">remo\u00e7\u00f5es<\/a>\u00a0da Comiss\u00e3o de Direitos Humanos na Prefeitura do Rio. Quando a audi\u00eancia foi cancelada 30 minutos antes do que estava programado para come\u00e7ar, os moradores e aliados <a href=\"http:\/\/bit.ly\/18XTCwf\" target=\"_blank\" rel=\"noopener\">organizaram uma \u201caudi\u00eancia popular&#8221;<\/a> no subsolo da ocupa\u00e7\u00e3o urbana adjacente <a href=\"http:\/\/bit.ly\/MyWO4B\" target=\"_blank\" rel=\"noopener\">Manoel Congo<\/a>. Inalva Brito em seu depoimento falou longamente sobre a for\u00e7a cont\u00ednua da Vila Aut\u00f3dromo.<\/p>\n<p>O Prefeito Eduardo Paes chamou alguns moradores da Vila Aut\u00f3dromo para se encontrarem com ele no Riocentro, na manh\u00e3 de domingo, 6 de outubro, \u00e0s 09:00h. Um grupo de moradores e simpatizantes partir\u00e3o juntos da comunidade \u00e0s 08:00h para a reuni\u00e3o. Para mais informa\u00e7\u00f5es consulte a <a href=\"http:\/\/on.fb.me\/GCcZCH\" target=\"_blank\" rel=\"noopener\">p\u00e1gina do evento<\/a> no Facebook.<\/p>\n<!-- AddThis Advanced Settings generic via filter on the_content --><!-- AddThis Share Buttons generic via filter on the_content -->","protected":false},"excerpt":{"rendered":"<div class=\"mh-excerpt\"><p>Click Here for English Na quarta-feira \u00e0 noite, mais de 160 moradores de lideran\u00e7as da Vila Aut\u00f3dromo\u00a0lotaram a igreja local S\u00e3o Jos\u00e9 Oper\u00e1rio para discutir a sua pr\u00f3xima reuni\u00e3o com o Prefeito Eduardo Paes, no <a class=\"mh-excerpt-more\" href=\"https:\/\/rioonwatch.org.br\/?p=7763\" title=\"Vila Aut\u00f3dromo se Mant\u00e9m Firme Contra a Remo\u00e7\u00e3o em Negocia\u00e7\u00f5es com o Prefeito\">[&#8230;]<\/a><!-- AddThis Advanced Settings generic via filter on get_the_excerpt --><!-- AddThis Share Buttons generic via filter on get_the_excerpt --><\/p>\n<\/div>","protected":false},"author":129,"featured_media":7806,"comment_status":"closed","ping_status":"closed","sticky":false,"template":"","format":"standard","meta":{"_acf_changed":false,"_monsterinsights_skip_tracking":false,"_monsterinsights_sitenote_active":false,"_monsterinsights_sitenote_note":"","_monsterinsights_sitenote_category":0,"footnotes":""},"categories":[1618,1614,1635,346,344],"tags":[274,88,484,447,408,1240,78,358,359,801,14,476,55],"writer":[489],"translator":[273],"source":[],"ilustrador":[],"fotografo":[],"class_list":{"0":"post-7763","1":"post","2":"type-post","3":"status-publish","4":"format-standard","5":"has-post-thumbnail","7":"category-olhonaparticipacao","8":"category-olhonasremocoes","9":"category-1635","10":"category-denuncias","11":"category-politicas","12":"tag-barra-da-tijuca","13":"tag-direitos-humanos","14":"tag-prefeito-eduardo-paes","15":"tag-jacarepagua","16":"tag-manoel-congo","17":"tag-megaeventos","18":"tag-olimpiadas","19":"tag-organizacao-comunitaria","20":"tag-participacao-zero","21":"tag-plano-popular","22":"tag-remocao","23":"tag-solucao-comunitaria","24":"tag-vila-autodromo","25":"writer-catherine-osborn","26":"translator-roseli-franco"},"acf":[],"yoast_head":"<!-- This site is optimized with the Yoast SEO plugin v25.6 - https:\/\/yoast.com\/wordpress\/plugins\/seo\/ -->\n<title>Vila Aut\u00f3dromo se Mant\u00e9m Firme Contra a Remo\u00e7\u00e3o em Negocia\u00e7\u00f5es com o Prefeito - RioOnWatch<\/title>\n<meta name=\"robots\" content=\"index, follow, max-snippet:-1, max-image-preview:large, max-video-preview:-1\" \/>\n<link rel=\"canonical\" href=\"https:\/\/rioonwatch.org.br\/?p=7763\" \/>\n<meta property=\"og:locale\" content=\"pt_BR\" \/>\n<meta property=\"og:type\" content=\"article\" \/>\n<meta property=\"og:title\" content=\"Vila Aut\u00f3dromo se Mant\u00e9m Firme Contra a Remo\u00e7\u00e3o em Negocia\u00e7\u00f5es com o Prefeito - RioOnWatch\" \/>\n<meta property=\"og:description\" content=\"Click Here for English Na quarta-feira \u00e0 noite, mais de 160 moradores de lideran\u00e7as da Vila Aut\u00f3dromo\u00a0lotaram a igreja local S\u00e3o Jos\u00e9 Oper\u00e1rio para discutir a sua pr\u00f3xima reuni\u00e3o com o Prefeito Eduardo Paes, no [...]\" \/>\n<meta property=\"og:url\" content=\"https:\/\/rioonwatch.org.br\/?p=7763\" \/>\n<meta property=\"og:site_name\" content=\"RioOnWatch\" \/>\n<meta property=\"article:published_time\" content=\"2013-10-04T17:55:36+00:00\" \/>\n<meta property=\"article:modified_time\" content=\"2024-06-20T19:29:56+00:00\" \/>\n<meta property=\"og:image\" content=\"https:\/\/rioonwatch.org.br\/wp-content\/uploads\/2013\/10\/va-meeting-capa.jpg\" \/>\n\t<meta property=\"og:image:width\" content=\"299\" \/>\n\t<meta property=\"og:image:height\" content=\"210\" \/>\n\t<meta property=\"og:image:type\" content=\"image\/jpeg\" \/>\n<meta name=\"author\" content=\"Admin\" \/>\n<meta name=\"twitter:card\" content=\"summary_large_image\" \/>\n<meta name=\"twitter:label1\" content=\"Escrito por\" \/>\n\t<meta name=\"twitter:data1\" content=\"Admin\" \/>\n\t<meta name=\"twitter:label2\" content=\"Est. tempo de leitura\" \/>\n\t<meta name=\"twitter:data2\" content=\"3 minutos\" \/>\n<script type=\"application\/ld+json\" class=\"yoast-schema-graph\">{\"@context\":\"https:\/\/schema.org\",\"@graph\":[{\"@type\":\"Article\",\"@id\":\"https:\/\/rioonwatch.org.br\/?p=7763#article\",\"isPartOf\":{\"@id\":\"https:\/\/rioonwatch.org.br\/?p=7763\"},\"author\":{\"name\":\"Admin\",\"@id\":\"https:\/\/rioonwatch.org.br\/#\/schema\/person\/11d64c290506f9df50c71b850c473f68\"},\"headline\":\"Vila Aut\u00f3dromo se Mant\u00e9m Firme Contra a Remo\u00e7\u00e3o em Negocia\u00e7\u00f5es com o Prefeito\",\"datePublished\":\"2013-10-04T17:55:36+00:00\",\"dateModified\":\"2024-06-20T19:29:56+00:00\",\"mainEntityOfPage\":{\"@id\":\"https:\/\/rioonwatch.org.br\/?p=7763\"},\"wordCount\":548,\"publisher\":{\"@id\":\"https:\/\/rioonwatch.org.br\/#organization\"},\"image\":{\"@id\":\"https:\/\/rioonwatch.org.br\/?p=7763#primaryimage\"},\"thumbnailUrl\":\"https:\/\/rioonwatch.org.br\/wp-content\/uploads\/2013\/10\/va-meeting-capa.jpg\",\"keywords\":[\"Barra da Tijuca\",\"Direitos Humanos\",\"Eduardo Paes\",\"Jacarepagu\u00e1\",\"Manoel Congo\",\"Megaeventos\",\"Olimp\u00edadas\",\"organiza\u00e7\u00e3o comunit\u00e1ria\",\"participa\u00e7\u00e3o zero\",\"Plano Popular\",\"Remo\u00e7\u00e3o\",\"solu\u00e7\u00e3o comunit\u00e1ria\",\"Vila Aut\u00f3dromo\"],\"articleSection\":[\"#OlhoNaParticipa\u00e7\u00e3o\",\"#OlhoNasRemo\u00e7\u00f5es\",\"#Rio2016\",\"Den\u00fancias\",\"Pol\u00edticas\"],\"inLanguage\":\"pt-BR\"},{\"@type\":\"WebPage\",\"@id\":\"https:\/\/rioonwatch.org.br\/?p=7763\",\"url\":\"https:\/\/rioonwatch.org.br\/?p=7763\",\"name\":\"Vila Aut\u00f3dromo se Mant\u00e9m Firme Contra a Remo\u00e7\u00e3o em Negocia\u00e7\u00f5es com o Prefeito - RioOnWatch\",\"isPartOf\":{\"@id\":\"https:\/\/rioonwatch.org.br\/#website\"},\"primaryImageOfPage\":{\"@id\":\"https:\/\/rioonwatch.org.br\/?p=7763#primaryimage\"},\"image\":{\"@id\":\"https:\/\/rioonwatch.org.br\/?p=7763#primaryimage\"},\"thumbnailUrl\":\"https:\/\/rioonwatch.org.br\/wp-content\/uploads\/2013\/10\/va-meeting-capa.jpg\",\"datePublished\":\"2013-10-04T17:55:36+00:00\",\"dateModified\":\"2024-06-20T19:29:56+00:00\",\"breadcrumb\":{\"@id\":\"https:\/\/rioonwatch.org.br\/?p=7763#breadcrumb\"},\"inLanguage\":\"pt-BR\",\"potentialAction\":[{\"@type\":\"ReadAction\",\"target\":[\"https:\/\/rioonwatch.org.br\/?p=7763\"]}]},{\"@type\":\"ImageObject\",\"inLanguage\":\"pt-BR\",\"@id\":\"https:\/\/rioonwatch.org.br\/?p=7763#primaryimage\",\"url\":\"https:\/\/rioonwatch.org.br\/wp-content\/uploads\/2013\/10\/va-meeting-capa.jpg\",\"contentUrl\":\"https:\/\/rioonwatch.org.br\/wp-content\/uploads\/2013\/10\/va-meeting-capa.jpg\",\"width\":299,\"height\":210},{\"@type\":\"BreadcrumbList\",\"@id\":\"https:\/\/rioonwatch.org.br\/?p=7763#breadcrumb\",\"itemListElement\":[{\"@type\":\"ListItem\",\"position\":1,\"name\":\"In\u00edcio\",\"item\":\"https:\/\/rioonwatch.org.br\/\"},{\"@type\":\"ListItem\",\"position\":2,\"name\":\"Vila Aut\u00f3dromo se Mant\u00e9m Firme Contra a Remo\u00e7\u00e3o em Negocia\u00e7\u00f5es com o Prefeito\"}]},{\"@type\":\"WebSite\",\"@id\":\"https:\/\/rioonwatch.org.br\/#website\",\"url\":\"https:\/\/rioonwatch.org.br\/\",\"name\":\"RioOnWatch\",\"description\":\"relatos das favelas cariocas\",\"publisher\":{\"@id\":\"https:\/\/rioonwatch.org.br\/#organization\"},\"potentialAction\":[{\"@type\":\"SearchAction\",\"target\":{\"@type\":\"EntryPoint\",\"urlTemplate\":\"https:\/\/rioonwatch.org.br\/?s={search_term_string}\"},\"query-input\":{\"@type\":\"PropertyValueSpecification\",\"valueRequired\":true,\"valueName\":\"search_term_string\"}}],\"inLanguage\":\"pt-BR\"},{\"@type\":\"Organization\",\"@id\":\"https:\/\/rioonwatch.org.br\/#organization\",\"name\":\"RioOnWatch\",\"url\":\"https:\/\/rioonwatch.org.br\/\",\"logo\":{\"@type\":\"ImageObject\",\"inLanguage\":\"pt-BR\",\"@id\":\"https:\/\/rioonwatch.org.br\/#\/schema\/logo\/image\/\",\"url\":\"https:\/\/rioonwatch.org.br\/wp-content\/uploads\/2021\/06\/RioOnWatchcabecalhoPT11anos-2.png\",\"contentUrl\":\"https:\/\/rioonwatch.org.br\/wp-content\/uploads\/2021\/06\/RioOnWatchcabecalhoPT11anos-2.png\",\"width\":779,\"height\":277,\"caption\":\"RioOnWatch\"},\"image\":{\"@id\":\"https:\/\/rioonwatch.org.br\/#\/schema\/logo\/image\/\"}},{\"@type\":\"Person\",\"@id\":\"https:\/\/rioonwatch.org.br\/#\/schema\/person\/11d64c290506f9df50c71b850c473f68\",\"name\":\"Admin\",\"image\":{\"@type\":\"ImageObject\",\"inLanguage\":\"pt-BR\",\"@id\":\"https:\/\/rioonwatch.org.br\/#\/schema\/person\/image\/\",\"url\":\"https:\/\/secure.gravatar.com\/avatar\/56211ac74568383903349a1485e3c325?s=96&d=blank&r=g\",\"contentUrl\":\"https:\/\/secure.gravatar.com\/avatar\/56211ac74568383903349a1485e3c325?s=96&d=blank&r=g\",\"caption\":\"Admin\"},\"url\":\"https:\/\/rioonwatch.org.br\/?author=129\"}]}<\/script>\n<!-- \/ Yoast SEO plugin. -->","yoast_head_json":{"title":"Vila Aut\u00f3dromo se Mant\u00e9m Firme Contra a Remo\u00e7\u00e3o em Negocia\u00e7\u00f5es com o Prefeito - RioOnWatch","robots":{"index":"index","follow":"follow","max-snippet":"max-snippet:-1","max-image-preview":"max-image-preview:large","max-video-preview":"max-video-preview:-1"},"canonical":"https:\/\/rioonwatch.org.br\/?p=7763","og_locale":"pt_BR","og_type":"article","og_title":"Vila Aut\u00f3dromo se Mant\u00e9m Firme Contra a Remo\u00e7\u00e3o em Negocia\u00e7\u00f5es com o Prefeito - RioOnWatch","og_description":"Click Here for English Na quarta-feira \u00e0 noite, mais de 160 moradores de lideran\u00e7as da Vila Aut\u00f3dromo\u00a0lotaram a igreja local S\u00e3o Jos\u00e9 Oper\u00e1rio para discutir a sua pr\u00f3xima reuni\u00e3o com o Prefeito Eduardo Paes, no [...]","og_url":"https:\/\/rioonwatch.org.br\/?p=7763","og_site_name":"RioOnWatch","article_published_time":"2013-10-04T17:55:36+00:00","article_modified_time":"2024-06-20T19:29:56+00:00","og_image":[{"width":299,"height":210,"url":"https:\/\/rioonwatch.org.br\/wp-content\/uploads\/2013\/10\/va-meeting-capa.jpg","type":"image\/jpeg"}],"author":"Admin","twitter_card":"summary_large_image","twitter_misc":{"Escrito por":"Admin","Est. tempo de leitura":"3 minutos"},"schema":{"@context":"https:\/\/schema.org","@graph":[{"@type":"Article","@id":"https:\/\/rioonwatch.org.br\/?p=7763#article","isPartOf":{"@id":"https:\/\/rioonwatch.org.br\/?p=7763"},"author":{"name":"Admin","@id":"https:\/\/rioonwatch.org.br\/#\/schema\/person\/11d64c290506f9df50c71b850c473f68"},"headline":"Vila Aut\u00f3dromo se Mant\u00e9m Firme Contra a Remo\u00e7\u00e3o em Negocia\u00e7\u00f5es com o Prefeito","datePublished":"2013-10-04T17:55:36+00:00","dateModified":"2024-06-20T19:29:56+00:00","mainEntityOfPage":{"@id":"https:\/\/rioonwatch.org.br\/?p=7763"},"wordCount":548,"publisher":{"@id":"https:\/\/rioonwatch.org.br\/#organization"},"image":{"@id":"https:\/\/rioonwatch.org.br\/?p=7763#primaryimage"},"thumbnailUrl":"https:\/\/rioonwatch.org.br\/wp-content\/uploads\/2013\/10\/va-meeting-capa.jpg","keywords":["Barra da Tijuca","Direitos Humanos","Eduardo Paes","Jacarepagu\u00e1","Manoel Congo","Megaeventos","Olimp\u00edadas","organiza\u00e7\u00e3o comunit\u00e1ria","participa\u00e7\u00e3o zero","Plano Popular","Remo\u00e7\u00e3o","solu\u00e7\u00e3o comunit\u00e1ria","Vila Aut\u00f3dromo"],"articleSection":["#OlhoNaParticipa\u00e7\u00e3o","#OlhoNasRemo\u00e7\u00f5es","#Rio2016","Den\u00fancias","Pol\u00edticas"],"inLanguage":"pt-BR"},{"@type":"WebPage","@id":"https:\/\/rioonwatch.org.br\/?p=7763","url":"https:\/\/rioonwatch.org.br\/?p=7763","name":"Vila Aut\u00f3dromo se Mant\u00e9m Firme Contra a Remo\u00e7\u00e3o em Negocia\u00e7\u00f5es com o Prefeito - RioOnWatch","isPartOf":{"@id":"https:\/\/rioonwatch.org.br\/#website"},"primaryImageOfPage":{"@id":"https:\/\/rioonwatch.org.br\/?p=7763#primaryimage"},"image":{"@id":"https:\/\/rioonwatch.org.br\/?p=7763#primaryimage"},"thumbnailUrl":"https:\/\/rioonwatch.org.br\/wp-content\/uploads\/2013\/10\/va-meeting-capa.jpg","datePublished":"2013-10-04T17:55:36+00:00","dateModified":"2024-06-20T19:29:56+00:00","breadcrumb":{"@id":"https:\/\/rioonwatch.org.br\/?p=7763#breadcrumb"},"inLanguage":"pt-BR","potentialAction":[{"@type":"ReadAction","target":["https:\/\/rioonwatch.org.br\/?p=7763"]}]},{"@type":"ImageObject","inLanguage":"pt-BR","@id":"https:\/\/rioonwatch.org.br\/?p=7763#primaryimage","url":"https:\/\/rioonwatch.org.br\/wp-content\/uploads\/2013\/10\/va-meeting-capa.jpg","contentUrl":"https:\/\/rioonwatch.org.br\/wp-content\/uploads\/2013\/10\/va-meeting-capa.jpg","width":299,"height":210},{"@type":"BreadcrumbList","@id":"https:\/\/rioonwatch.org.br\/?p=7763#breadcrumb","itemListElement":[{"@type":"ListItem","position":1,"name":"In\u00edcio","item":"https:\/\/rioonwatch.org.br\/"},{"@type":"ListItem","position":2,"name":"Vila Aut\u00f3dromo se Mant\u00e9m Firme Contra a Remo\u00e7\u00e3o em Negocia\u00e7\u00f5es com o Prefeito"}]},{"@type":"WebSite","@id":"https:\/\/rioonwatch.org.br\/#website","url":"https:\/\/rioonwatch.org.br\/","name":"RioOnWatch","description":"relatos das favelas cariocas","publisher":{"@id":"https:\/\/rioonwatch.org.br\/#organization"},"potentialAction":[{"@type":"SearchAction","target":{"@type":"EntryPoint","urlTemplate":"https:\/\/rioonwatch.org.br\/?s={search_term_string}"},"query-input":{"@type":"PropertyValueSpecification","valueRequired":true,"valueName":"search_term_string"}}],"inLanguage":"pt-BR"},{"@type":"Organization","@id":"https:\/\/rioonwatch.org.br\/#organization","name":"RioOnWatch","url":"https:\/\/rioonwatch.org.br\/","logo":{"@type":"ImageObject","inLanguage":"pt-BR","@id":"https:\/\/rioonwatch.org.br\/#\/schema\/logo\/image\/","url":"https:\/\/rioonwatch.org.br\/wp-content\/uploads\/2021\/06\/RioOnWatchcabecalhoPT11anos-2.png","contentUrl":"https:\/\/rioonwatch.org.br\/wp-content\/uploads\/2021\/06\/RioOnWatchcabecalhoPT11anos-2.png","width":779,"height":277,"caption":"RioOnWatch"},"image":{"@id":"https:\/\/rioonwatch.org.br\/#\/schema\/logo\/image\/"}},{"@type":"Person","@id":"https:\/\/rioonwatch.org.br\/#\/schema\/person\/11d64c290506f9df50c71b850c473f68","name":"Admin","image":{"@type":"ImageObject","inLanguage":"pt-BR","@id":"https:\/\/rioonwatch.org.br\/#\/schema\/person\/image\/","url":"https:\/\/secure.gravatar.com\/avatar\/56211ac74568383903349a1485e3c325?s=96&d=blank&r=g","contentUrl":"https:\/\/secure.gravatar.com\/avatar\/56211ac74568383903349a1485e3c325?s=96&d=blank&r=g","caption":"Admin"},"url":"https:\/\/rioonwatch.org.br\/?author=129"}]}},"_links":{"self":[{"href":"https:\/\/rioonwatch.org.br\/index.php?rest_route=\/wp\/v2\/posts\/7763"}],"collection":[{"href":"https:\/\/rioonwatch.org.br\/index.php?rest_route=\/wp\/v2\/posts"}],"about":[{"href":"https:\/\/rioonwatch.org.br\/index.php?rest_route=\/wp\/v2\/types\/post"}],"author":[{"embeddable":true,"href":"https:\/\/rioonwatch.org.br\/index.php?rest_route=\/wp\/v2\/users\/129"}],"replies":[{"embeddable":true,"href":"https:\/\/rioonwatch.org.br\/index.php?rest_route=%2Fwp%2Fv2%2Fcomments&post=7763"}],"version-history":[{"count":48,"href":"https:\/\/rioonwatch.org.br\/index.php?rest_route=\/wp\/v2\/posts\/7763\/revisions"}],"predecessor-version":[{"id":30948,"href":"https:\/\/rioonwatch.org.br\/index.php?rest_route=\/wp\/v2\/posts\/7763\/revisions\/30948"}],"wp:featuredmedia":[{"embeddable":true,"href":"https:\/\/rioonwatch.org.br\/index.php?rest_route=\/wp\/v2\/media\/7806"}],"wp:attachment":[{"href":"https:\/\/rioonwatch.org.br\/index.php?rest_route=%2Fwp%2Fv2%2Fmedia&parent=7763"}],"wp:term":[{"taxonomy":"category","embeddable":true,"href":"https:\/\/rioonwatch.org.br\/index.php?rest_route=%2Fwp%2Fv2%2Fcategories&post=7763"},{"taxonomy":"post_tag","embeddable":true,"href":"https:\/\/rioonwatch.org.br\/index.php?rest_route=%2Fwp%2Fv2%2Ftags&post=7763"},{"taxonomy":"writer","embeddable":true,"href":"https:\/\/rioonwatch.org.br\/index.php?rest_route=%2Fwp%2Fv2%2Fwriter&post=7763"},{"taxonomy":"translator","embeddable":true,"href":"https:\/\/rioonwatch.org.br\/index.php?rest_route=%2Fwp%2Fv2%2Ftranslator&post=7763"},{"taxonomy":"source","embeddable":true,"href":"https:\/\/rioonwatch.org.br\/index.php?rest_route=%2Fwp%2Fv2%2Fsource&post=7763"},{"taxonomy":"ilustrador","embeddable":true,"href":"https:\/\/rioonwatch.org.br\/index.php?rest_route=%2Fwp%2Fv2%2Filustrador&post=7763"},{"taxonomy":"fotografo","embeddable":true,"href":"https:\/\/rioonwatch.org.br\/index.php?rest_route=%2Fwp%2Fv2%2Ffotografo&post=7763"}],"curies":[{"name":"wp","href":"https:\/\/api.w.org\/{rel}","templated":true}]}}