{"id":78054,"date":"2025-06-29T15:16:05","date_gmt":"2025-06-29T18:16:05","guid":{"rendered":"https:\/\/rioonwatch.org.br\/?p=78054"},"modified":"2025-11-12T12:21:02","modified_gmt":"2025-11-12T15:21:02","slug":"cerro-cora-moradores-em-movimento-coletivo-desenvolve-territorio-atraves-da-alfabetizacao-memoria-cultura-e-cinema-perfil","status":"publish","type":"post","link":"https:\/\/rioonwatch.org.br\/?p=78054","title":{"rendered":"Cerro Cor\u00e1 Moradores em Movimento: Coletivo Desenvolve Territ\u00f3rio Atrav\u00e9s da Alfabetiza\u00e7\u00e3o, Mem\u00f3ria, Cultura e Cinema [PERFIL]"},"content":{"rendered":"<figure id=\"attachment_78055\" aria-describedby=\"caption-attachment-78055\" style=\"width: 2048px\" class=\"wp-caption alignnone\"><a href=\"https:\/\/rioonwatch.org.br\/wp-content\/uploads\/2025\/05\/Jeferson-Dias-integrante-do-coletivo-Cerro-Cora-Moradores-em-Movimento-a-frente-da-contacao-de-historia-para-cerca-de-20-criancas-na-biblioteca-comunitaria-do-territorio.-Foto-Barbara-DiasComCat.jpg\"><img fetchpriority=\"high\" decoding=\"async\" class=\"wp-image-78055 size-full\" title=\"Jeferson Dias, integrante do Cerro Cor\u00e1 Moradores em Movimento, \u00e0 frente da conta\u00e7\u00e3o de hist\u00f3ria para cerca de 20 crian\u00e7as na Biblioteca Comunit\u00e1ria do Cerro Cor\u00e1. Foto: B\u00e1rbara Dias\" src=\"https:\/\/rioonwatch.org.br\/wp-content\/uploads\/2025\/05\/Jeferson-Dias-integrante-do-coletivo-Cerro-Cora-Moradores-em-Movimento-a-frente-da-contacao-de-historia-para-cerca-de-20-criancas-na-biblioteca-comunitaria-do-territorio.-Foto-Barbara-DiasComCat.jpg\" alt=\"Jeferson Dias, integrante do Cerro Cor\u00e1 Moradores em Movimento, \u00e0 frente da conta\u00e7\u00e3o de hist\u00f3ria para cerca de 20 crian\u00e7as na Biblioteca Comunit\u00e1ria do Cerro Cor\u00e1. Foto: B\u00e1rbara Dias\" width=\"2048\" height=\"1367\" srcset=\"https:\/\/rioonwatch.org.br\/wp-content\/uploads\/2025\/05\/Jeferson-Dias-integrante-do-coletivo-Cerro-Cora-Moradores-em-Movimento-a-frente-da-contacao-de-historia-para-cerca-de-20-criancas-na-biblioteca-comunitaria-do-territorio.-Foto-Barbara-DiasComCat.jpg 2048w, https:\/\/rioonwatch.org.br\/wp-content\/uploads\/2025\/05\/Jeferson-Dias-integrante-do-coletivo-Cerro-Cora-Moradores-em-Movimento-a-frente-da-contacao-de-historia-para-cerca-de-20-criancas-na-biblioteca-comunitaria-do-territorio.-Foto-Barbara-DiasComCat-620x414.jpg 620w, https:\/\/rioonwatch.org.br\/wp-content\/uploads\/2025\/05\/Jeferson-Dias-integrante-do-coletivo-Cerro-Cora-Moradores-em-Movimento-a-frente-da-contacao-de-historia-para-cerca-de-20-criancas-na-biblioteca-comunitaria-do-territorio.-Foto-Barbara-DiasComCat-768x513.jpg 768w, https:\/\/rioonwatch.org.br\/wp-content\/uploads\/2025\/05\/Jeferson-Dias-integrante-do-coletivo-Cerro-Cora-Moradores-em-Movimento-a-frente-da-contacao-de-historia-para-cerca-de-20-criancas-na-biblioteca-comunitaria-do-territorio.-Foto-Barbara-DiasComCat-1536x1025.jpg 1536w\" sizes=\"(max-width: 2048px) 100vw, 2048px\" \/><\/a><figcaption id=\"caption-attachment-78055\" class=\"wp-caption-text\">Jeferson Dias, integrante do Cerro Cor\u00e1 Moradores em Movimento, \u00e0 frente da conta\u00e7\u00e3o de hist\u00f3ria para cerca de 20 crian\u00e7as na Biblioteca Comunit\u00e1ria do Cerro Cor\u00e1. Foto: B\u00e1rbara Dias<\/figcaption><\/figure>\n<p style=\"text-align: right;\"><a href=\"https:\/\/bit.ly\/4fwksns\" target=\"_blank\" rel=\"noopener\"><em><strong>Click Here for English<\/strong><\/em><img decoding=\"async\" class=\"alignright wp-image-15790\" src=\"https:\/\/rioonwatch.org.br\/wp-content\/uploads\/2012\/08\/EN-standard-e1439583104716.jpg\" alt=\"\" width=\"20\" height=\"20\" \/><\/a><\/p>\n<p><span style=\"font-weight: 400;\">Em 2013, na favela do <a href=\"https:\/\/bit.ly\/30NBR5h\" target=\"_blank\" rel=\"noopener\">Cerro Cor\u00e1<\/a>, entre os bairros de <a href=\"https:\/\/bit.ly\/3f2hhmE\" target=\"_blank\" rel=\"noopener\">Cosme Velho<\/a> e <a href=\"https:\/\/rioonwatch.org.br\/?tag=santa-teresa\">Santa Teresa<\/a>, na <a href=\"https:\/\/bit.ly\/2WL6FUi\" target=\"_blank\" rel=\"noopener\">Zona Sul<\/a> da cidade do Rio de Janeiro<\/span><i style=\"font-size: 16px;\">, <\/i>o <a href=\"https:\/\/bit.ly\/3ZRlwM5\" target=\"_blank\" rel=\"noopener\">Coletivo Cerro Cor\u00e1 Moradores em Movimento<\/a> foi fundado junto com o nascimento do projeto de mem\u00f3ria social <a style=\"font-size: 16px;\" href=\"https:\/\/bit.ly\/40GawCH\" target=\"_blank\" rel=\"noopener\">Mem\u00f3rias do Cerro Cor\u00e1<\/a><span style=\"font-weight: 400;\">. Ap\u00f3s ocupar a sede desativada da Associa\u00e7\u00e3o de Moradores local em 2014, o grupo inaugurou a <a href=\"https:\/\/bit.ly\/43bYFgy\" target=\"_blank\" rel=\"noopener\">Biblioteca Comunit\u00e1ria do Cerro Cor\u00e1<\/a>, que, hoje, funciona como um dos mais importantes p\u00f3los da comunidade.<\/span><\/p>\n<blockquote><p><span style=\"font-weight: 400;\">\u201cA primeira exposi\u00e7\u00e3o aconteceu em 13 de agosto de 2013. A gente come\u00e7ou meio inocente, sem saber o que estava fazendo&#8230; O intuito principal [era] trazer \u00e0 tona essa import\u00e2ncia da mem\u00f3ria, sobretudo, das pessoas que fazem e fizeram parte da constru\u00e7\u00e3o do que \u00e9 o Cerro Cor\u00e1&#8230; N\u00f3s, no Cerro Cor\u00e1, temos os nossos micro-her\u00f3is, pessoas super importantes, tipo o Seu Murciano Marinho, que foi respons\u00e1vel, na \u00e9poca, pela \u00e1gua, pela luz e por outros feitos grandiosos para o morro. Dona Baia, que foi parteira, a gente conversou muito com ela, mas ela n\u00e3o quis ser gravada, n\u00e3o permitiu ser gravada&#8230; A gente pensa muito nessa constru\u00e7\u00e3o de identidade [a partir] do passado.<\/span><span style=\"font-weight: 400;\">\u201d<\/span><span style=\"font-weight: 400;\"> \u2014 Ricardo Rodrigues<\/span><\/p><\/blockquote>\n<p><span style=\"font-weight: 400;\">Atualmente, ao chegar na sede da <\/span><span style=\"font-weight: 400;\">Biblioteca Comunit\u00e1ria do Cerro Cor\u00e1,<\/span><span style=\"font-weight: 400;\"> \u00e9 poss\u00edvel ver as fotos antigas na parede: imagens cotidianas das moradias no in\u00edcio da ocupa\u00e7\u00e3o do morro, das festas e bailes da favela. Ricardo, um dos co-fundadores do coletivo, conta o que os motivou a criar Mem\u00f3rias do Cerro Cor\u00e1 e explica como foi o processo de pesquisa e de participa\u00e7\u00e3o dos moradores, que emprestaram seus arquivos pessoais para a montagem do acervo, hoje \u00e0 disposi\u00e7\u00e3o da comunidade.<\/span><\/p>\n<blockquote><p><span style=\"font-weight: 400;\">\u201cA gente, na primeira exposi\u00e7\u00e3o, fez um mutir\u00e3o de porta em porta, recolhendo fotos antigas e tal. Escaneava e a\u00ed devolvia na semana seguinte. A Dona Sulica participou muito disso, porque convencia as outras pessoas a darem suas fotos. E a\u00ed, \u00e0s vezes, o filho d\u00e1 a foto, mas n\u00e3o lembra mais de quem era a casa, quem era a pessoa e tal. E a\u00ed, ela falava: &#8216;aqui era a casa do fulano e tal, aqui tinha uma \u00e1rvore, tal hist\u00f3ria da \u00e1rvore, tal hist\u00f3ria da pessoa, quem morou antes daquela pessoa vir morar e tal&#8217;. Ela foi muito importante nessa constru\u00e7\u00e3o das hist\u00f3rias.\u201d \u2014<\/span><span style=\"font-weight: 400;\">\u00a0Ricardo Rodrigues<\/span><\/p><\/blockquote>\n<figure id=\"attachment_78057\" aria-describedby=\"caption-attachment-78057\" style=\"width: 2048px\" class=\"wp-caption aligncenter\"><a href=\"https:\/\/rioonwatch.org.br\/wp-content\/uploads\/2025\/05\/Ricardo-Rodrigues-integrante-do-coletivo-ao-lado-da-exposicao-Memorias-do-Cerro-Cora-que-fica-exposta-na-biblioteca-comunitaria.-Foto-Barbara-DiasComCat.jpg\"><img decoding=\"async\" class=\"wp-image-78057 size-full\" title=\"Ricardo Rodrigues posa ao lado da exposi\u00e7\u00e3o &quot;Mem\u00f3rias do Cerro Cor\u00e1\u201d, exposta permanentemente na Biblioteca Comunit\u00e1ria do Cerro Cor\u00e1. Foto: B\u00e1rbara Dias\" src=\"https:\/\/rioonwatch.org.br\/wp-content\/uploads\/2025\/05\/Ricardo-Rodrigues-integrante-do-coletivo-ao-lado-da-exposicao-Memorias-do-Cerro-Cora-que-fica-exposta-na-biblioteca-comunitaria.-Foto-Barbara-DiasComCat.jpg\" alt=\"Ricardo Rodrigues posa ao lado da exposi\u00e7\u00e3o &quot;Mem\u00f3rias do Cerro Cor\u00e1\u201d, exposta permanentemente na Biblioteca Comunit\u00e1ria do Cerro Cor\u00e1. Foto: B\u00e1rbara Dias\" width=\"2048\" height=\"1367\" srcset=\"https:\/\/rioonwatch.org.br\/wp-content\/uploads\/2025\/05\/Ricardo-Rodrigues-integrante-do-coletivo-ao-lado-da-exposicao-Memorias-do-Cerro-Cora-que-fica-exposta-na-biblioteca-comunitaria.-Foto-Barbara-DiasComCat.jpg 2048w, https:\/\/rioonwatch.org.br\/wp-content\/uploads\/2025\/05\/Ricardo-Rodrigues-integrante-do-coletivo-ao-lado-da-exposicao-Memorias-do-Cerro-Cora-que-fica-exposta-na-biblioteca-comunitaria.-Foto-Barbara-DiasComCat-620x414.jpg 620w, https:\/\/rioonwatch.org.br\/wp-content\/uploads\/2025\/05\/Ricardo-Rodrigues-integrante-do-coletivo-ao-lado-da-exposicao-Memorias-do-Cerro-Cora-que-fica-exposta-na-biblioteca-comunitaria.-Foto-Barbara-DiasComCat-768x513.jpg 768w, https:\/\/rioonwatch.org.br\/wp-content\/uploads\/2025\/05\/Ricardo-Rodrigues-integrante-do-coletivo-ao-lado-da-exposicao-Memorias-do-Cerro-Cora-que-fica-exposta-na-biblioteca-comunitaria.-Foto-Barbara-DiasComCat-1536x1025.jpg 1536w\" sizes=\"(max-width: 2048px) 100vw, 2048px\" \/><\/a><figcaption id=\"caption-attachment-78057\" class=\"wp-caption-text\">Ricardo Rodrigues posa ao lado da exposi\u00e7\u00e3o permanente &#8220;Mem\u00f3rias do Cerro Cor\u00e1\u201d, na Biblioteca Comunit\u00e1ria do Cerro Cor\u00e1. Foto: B\u00e1rbara Dias<\/figcaption><\/figure>\n<p><span style=\"font-weight: 400;\">A <a href=\"https:\/\/bit.ly\/43NEEM5\" target=\"_blank\" rel=\"noopener\">biblioteca comunit\u00e1ria<\/a> possui tamb\u00e9m um amplo acervo de livros e desenvolve diariamente atividades junto aos moradores. Andr\u00e9 Martins, coordenador da biblioteca, explica que o trabalho desenvolvido no espa\u00e7o inclui media\u00e7\u00e3o de leitura, empr\u00e9stimo de livros, oficinas e a\u00e7\u00f5es pedag\u00f3gicas. Ele informou que o p\u00fablico que frequenta a biblioteca diariamente busca essas atividades. O p\u00fablico predominante corresponde a crian\u00e7as entre dois e 14 anos de idade, mas a biblioteca possui um acervo de livros que atende a todas as faixas et\u00e1rias.<\/span><\/p>\n<blockquote><p><span style=\"font-weight: 400;\">\u201cA gente abre a biblioteca de segunda a sexta e opera dessa maneira: sempre fazendo uma media\u00e7\u00e3o de leitura e alguma oficina. Mas sempre com essa entrada pela literatura. E \u00e9 sempre o Jeferson que est\u00e1 \u00e0 frente [da conta\u00e7\u00e3o de hist\u00f3rias]. Eu fico ali coordenando junto com ele, mas as media\u00e7\u00f5es \u00e9 ele que faz.<\/span><span style=\"font-weight: 400;\">\u201d \u2014 Andr\u00e9 Martins\u00a0<\/span><\/p><\/blockquote>\n<figure id=\"attachment_78058\" aria-describedby=\"caption-attachment-78058\" style=\"width: 2048px\" class=\"wp-caption aligncenter\"><a href=\"https:\/\/rioonwatch.org.br\/wp-content\/uploads\/2025\/05\/Da-esquerda-para-direita-os-integrantes-do-coletivo-Ricardo-Rodrigues-Luciane-Medeiros-Andre-Martins-e-Jeferson-Dias-na-biblioteca-comunitaria-do-territorio.-Foto-Barbara-DiasComCat.jpg\"><img loading=\"lazy\" decoding=\"async\" class=\"wp-image-78058 size-full\" title=\"Da esquerda para direita, os integrantes do coletivo: Ricardo Rodrigues, Luciane Medeiros, Andr\u00e9 Martins e Jeferson Dias na Biblioteca Comunit\u00e1ria do Cerro Cor\u00e1. Foto: B\u00e1rbara Dias\" src=\"https:\/\/rioonwatch.org.br\/wp-content\/uploads\/2025\/05\/Da-esquerda-para-direita-os-integrantes-do-coletivo-Ricardo-Rodrigues-Luciane-Medeiros-Andre-Martins-e-Jeferson-Dias-na-biblioteca-comunitaria-do-territorio.-Foto-Barbara-DiasComCat.jpg\" alt=\"Da esquerda para direita, os integrantes do coletivo: Ricardo Rodrigues, Luciane Medeiros, Andr\u00e9 Martins e Jeferson Dias na Biblioteca Comunit\u00e1ria do Cerro Cor\u00e1. Foto: B\u00e1rbara Dias\" width=\"2048\" height=\"1367\" srcset=\"https:\/\/rioonwatch.org.br\/wp-content\/uploads\/2025\/05\/Da-esquerda-para-direita-os-integrantes-do-coletivo-Ricardo-Rodrigues-Luciane-Medeiros-Andre-Martins-e-Jeferson-Dias-na-biblioteca-comunitaria-do-territorio.-Foto-Barbara-DiasComCat.jpg 2048w, https:\/\/rioonwatch.org.br\/wp-content\/uploads\/2025\/05\/Da-esquerda-para-direita-os-integrantes-do-coletivo-Ricardo-Rodrigues-Luciane-Medeiros-Andre-Martins-e-Jeferson-Dias-na-biblioteca-comunitaria-do-territorio.-Foto-Barbara-DiasComCat-620x414.jpg 620w, https:\/\/rioonwatch.org.br\/wp-content\/uploads\/2025\/05\/Da-esquerda-para-direita-os-integrantes-do-coletivo-Ricardo-Rodrigues-Luciane-Medeiros-Andre-Martins-e-Jeferson-Dias-na-biblioteca-comunitaria-do-territorio.-Foto-Barbara-DiasComCat-768x513.jpg 768w, https:\/\/rioonwatch.org.br\/wp-content\/uploads\/2025\/05\/Da-esquerda-para-direita-os-integrantes-do-coletivo-Ricardo-Rodrigues-Luciane-Medeiros-Andre-Martins-e-Jeferson-Dias-na-biblioteca-comunitaria-do-territorio.-Foto-Barbara-DiasComCat-1536x1025.jpg 1536w\" sizes=\"(max-width: 2048px) 100vw, 2048px\" \/><\/a><figcaption id=\"caption-attachment-78058\" class=\"wp-caption-text\">Da esquerda para direita, os integrantes do coletivo: Ricardo Rodrigues, Luciane Medeiros, Andr\u00e9 Martins e Jeferson Dias na Biblioteca Comunit\u00e1ria do Cerro Cor\u00e1. Foto: B\u00e1rbara Dias<\/figcaption><\/figure>\n<p>Andr\u00e9 mencionou tamb\u00e9m o <a href=\"https:\/\/bit.ly\/43x4CDz\" target=\"_blank\" rel=\"noopener\">Cine Morr\u00e3o<\/a>, o cineclube dos moradores do Cerro Cor\u00e1. Ao exibir filmes gratuitamente, em espa\u00e7os p\u00fablicos e com eventos abertos \u00e0 comunidade, o coletivo audiovisual garante acesso ao <a href=\"https:\/\/bit.ly\/43MnLl1\" target=\"_blank\" rel=\"noopener\">cinema<\/a> na favela. As sess\u00f5es, em geral, s\u00e3o seguidas de debate.<\/p>\n<blockquote><p>\u201c[A gente] faz o Cine Morr\u00e3o num espa\u00e7o aberto, para atender todo mundo, inclusive, quem est\u00e1 passando, que vai ver o filme que est\u00e1 sendo exibido&#8230; Todos os moradores do territ\u00f3rio podem chegar para assistir e participar do debate.\u201d \u2014 Andr\u00e9 Martins<\/p><\/blockquote>\n<p>Durante uma atividade recente, Jeferson Dias contava a hist\u00f3ria afroreferenciada <i><a href=\"https:\/\/bit.ly\/44TcdyK\" target=\"_blank\" rel=\"noopener\">Er\u00e9 mi: mitologia africana para crian\u00e7as<\/a>\u00a0<\/i>para aproximadamente 20 crian\u00e7as que estavam presentes na atividade. \u00c9 a partir das leituras mediadas que estimulam as crian\u00e7as a ler e pegar gosto pelos livros. Durante a conta\u00e7\u00e3o da hist\u00f3ria, Jeferson estimulou algumas crian\u00e7as em fase de <a href=\"https:\/\/bit.ly\/456Vo3n\" target=\"_blank\" rel=\"noopener\">alfabetiza\u00e7\u00e3o<\/a> a ler junto com ele. Ao final da leitura coletiva, as crian\u00e7as foram convidadas a expressar sua opini\u00e3o sobre o livro em uma oficina de cria\u00e7\u00e3o de desenhos. Ap\u00f3s a oficina, Jeferson, que \u00e9 respons\u00e1vel pela parte pedag\u00f3gica da biblioteca, comentou sobre a import\u00e2ncia deste trabalho.<\/p>\n<blockquote><p>\u201c[Em] toda parte da biblioteca, eu sou respons\u00e1vel pelo livro e leitura com as crian\u00e7as. Ent\u00e3o, aqui, eu fa\u00e7o parte da media\u00e7\u00e3o de leitura. Eu tenho a pr\u00e1tica de toda semana fazer esse trabalho de livro e leitura, de incentivar a leitura, de [incentivar] pegar no livro. Porque, assim, a grande maioria das nossas crian\u00e7as, elas v\u00eam com d\u00e9ficit muito grande na escola. E a gente n\u00e3o tem a estrutura necess\u00e1ria para trabalhar a alfabetiza\u00e7\u00e3o com as crian\u00e7as. Mas a gente entende que passando o incentivo da leitura, por mais que eles n\u00e3o saibam ler, eles gostam de hist\u00f3ria, eles gostam de entender hist\u00f3ria, de ler e de ver. Tem crian\u00e7a que ainda est\u00e1 no processo de alfabetiza\u00e7\u00e3o, ou ainda na creche, que quer ler, quer ver as imagens. Ent\u00e3o, a gente faz esse trabalho de fomento \u00e0 leitura.\u201d \u2014 Jeferson Dias<\/p><\/blockquote>\n<figure id=\"attachment_78570\" aria-describedby=\"caption-attachment-78570\" style=\"width: 2048px\" class=\"wp-caption aligncenter\"><a href=\"https:\/\/rioonwatch.org.br\/wp-content\/uploads\/2025\/06\/Jeferson-Dias.jpg\"><img loading=\"lazy\" decoding=\"async\" class=\"wp-image-78570 size-full\" title=\"Jeferson Dias, integrante do coletivo, conta a hist\u00f3ria \u201cEr\u00e9 mi: mitologia africana para crian\u00e7as\u201d e incentiva a leitura de uma jovem moradora na Biblioteca Comunit\u00e1ria do Cerro Cor\u00e1. Foto: B\u00e1rbara Dias\" src=\"https:\/\/rioonwatch.org.br\/wp-content\/uploads\/2025\/06\/Jeferson-Dias.jpg\" alt=\"Jeferson Dias, integrante do coletivo, conta a hist\u00f3ria \u201cEr\u00e9 mi: mitologia africana para crian\u00e7as\u201d e incentiva a leitura de uma jovem moradora na Biblioteca Comunit\u00e1ria do Cerro Cor\u00e1. Foto: B\u00e1rbara Dias\" width=\"2048\" height=\"1367\" srcset=\"https:\/\/rioonwatch.org.br\/wp-content\/uploads\/2025\/06\/Jeferson-Dias.jpg 2048w, https:\/\/rioonwatch.org.br\/wp-content\/uploads\/2025\/06\/Jeferson-Dias-620x414.jpg 620w, https:\/\/rioonwatch.org.br\/wp-content\/uploads\/2025\/06\/Jeferson-Dias-768x513.jpg 768w, https:\/\/rioonwatch.org.br\/wp-content\/uploads\/2025\/06\/Jeferson-Dias-1536x1025.jpg 1536w\" sizes=\"(max-width: 2048px) 100vw, 2048px\" \/><\/a><figcaption id=\"caption-attachment-78570\" class=\"wp-caption-text\">Jeferson Dias, integrante do coletivo, conta a hist\u00f3ria \u201cEr\u00e9 mi: mitologia africana para crian\u00e7as\u201d e incentiva a leitura de jovens moradores na Biblioteca Comunit\u00e1ria do Cerro Cor\u00e1. Foto: B\u00e1rbara Dias<\/figcaption><\/figure>\n<p>No que diz respeito \u00e0 curadoria dos livros que comp\u00f5em o acervo, Jeferson explica que a sele\u00e7\u00e3o das obras e das tem\u00e1ticas se preocupa com o desenvolvimento de um trabalho educativo com as crian\u00e7as que frequentam a biblioteca.<\/p>\n<blockquote><p>\u201cEu fa\u00e7o um apanhado dos livros que eu vou ler durante a semana. Eu vou lendo os livros que eu vou [apresentar \u00e0s crian\u00e7as] para pegar a pr\u00e1tica da leitura, vou fazendo as pesquisas do que precisa [para apresentar o] livro, e a\u00ed eu trago um tema referente \u00e0quele dia. Pode ser a \u00e1gua, a terra\u2026 Ent\u00e3o, eu busco alguns temas que est\u00e3o dentro do cotidiano deles para fazer essa introdu\u00e7\u00e3o \u00e0 leitura. E a\u00ed vem a pr\u00e1tica no desenho. Tem vezes que eu fa\u00e7o desenho, tem vezes que a gente faz isso no cineclube. Ent\u00e3o, a gente vai fazendo esse trabalho de acordo com o dia e com o tema.\u201d \u2014 Jeferson Dias<\/p><\/blockquote>\n<p>Por tr\u00e1s de todos os bastidores est\u00e1 Luciane Medeiros, tamb\u00e9m integrante do Coletivo Cerro Cor\u00e1 Moradores em Movimento e coordenadora administrativa. Luciane cuida da capta\u00e7\u00e3o de recursos para manter o projeto funcionando e do dia a dia administrativo da biblioteca. \u00c0s vezes, ela participa de oficinas e de toda a organiza\u00e7\u00e3o das aulas-passeio, quando a Biblioteca Comunit\u00e1ria do Cerro Cor\u00e1 leva as crian\u00e7as que frequentam o espa\u00e7o a <a href=\"https:\/\/bit.ly\/4jFXr1U\" target=\"_blank\" rel=\"noopener\">museus<\/a>, parques e, inclusive, a outras bibliotecas.<\/p>\n<blockquote><p>\u201cO coletivo realiza o acesso \u00e0 cidade com passeios para outros espa\u00e7os, outras culturas, [incluindo] museus, bibliotecas, parques e exposi\u00e7\u00f5es. Costumam ser um diferencial para nossos leitores. Sou tamb\u00e9m respons\u00e1vel por ministrar oficinas de culin\u00e1ria e artesanato, que complementam as atividades da biblioteca.\u201d \u2014\u00a0Luciane Medeiros<\/p><\/blockquote>\n<figure id=\"attachment_78060\" aria-describedby=\"caption-attachment-78060\" style=\"width: 2048px\" class=\"wp-caption aligncenter\"><a href=\"https:\/\/rioonwatch.org.br\/wp-content\/uploads\/2025\/05\/Bernardo-Medeiros-e-Francisco-Rodrigues-criancas-que-participam-das-atividades-de-leituras-e-contacao-de-historias-na-Biblioteca-Comunitaria-do-Cerro-Cora.-Foto-Barbara-DiasComCat.jpg\"><img loading=\"lazy\" decoding=\"async\" class=\"wp-image-78060 size-full\" title=\"Bernardo Medeiros e Francisco Rodrigues participam das atividades de leitura e conta\u00e7\u00e3o de hist\u00f3rias na Biblioteca Comunit\u00e1ria do Cerro Cor\u00e1. Foto: B\u00e1rbara Dias\" src=\"https:\/\/rioonwatch.org.br\/wp-content\/uploads\/2025\/05\/Bernardo-Medeiros-e-Francisco-Rodrigues-criancas-que-participam-das-atividades-de-leituras-e-contacao-de-historias-na-Biblioteca-Comunitaria-do-Cerro-Cora.-Foto-Barbara-DiasComCat.jpg\" alt=\"Bernardo Medeiros e Francisco Rodrigues participam das atividades de leitura e conta\u00e7\u00e3o de hist\u00f3rias na Biblioteca Comunit\u00e1ria do Cerro Cor\u00e1. Foto: B\u00e1rbara Dias\" width=\"2048\" height=\"1367\" srcset=\"https:\/\/rioonwatch.org.br\/wp-content\/uploads\/2025\/05\/Bernardo-Medeiros-e-Francisco-Rodrigues-criancas-que-participam-das-atividades-de-leituras-e-contacao-de-historias-na-Biblioteca-Comunitaria-do-Cerro-Cora.-Foto-Barbara-DiasComCat.jpg 2048w, https:\/\/rioonwatch.org.br\/wp-content\/uploads\/2025\/05\/Bernardo-Medeiros-e-Francisco-Rodrigues-criancas-que-participam-das-atividades-de-leituras-e-contacao-de-historias-na-Biblioteca-Comunitaria-do-Cerro-Cora.-Foto-Barbara-DiasComCat-620x414.jpg 620w, https:\/\/rioonwatch.org.br\/wp-content\/uploads\/2025\/05\/Bernardo-Medeiros-e-Francisco-Rodrigues-criancas-que-participam-das-atividades-de-leituras-e-contacao-de-historias-na-Biblioteca-Comunitaria-do-Cerro-Cora.-Foto-Barbara-DiasComCat-768x513.jpg 768w, https:\/\/rioonwatch.org.br\/wp-content\/uploads\/2025\/05\/Bernardo-Medeiros-e-Francisco-Rodrigues-criancas-que-participam-das-atividades-de-leituras-e-contacao-de-historias-na-Biblioteca-Comunitaria-do-Cerro-Cora.-Foto-Barbara-DiasComCat-1536x1025.jpg 1536w\" sizes=\"(max-width: 2048px) 100vw, 2048px\" \/><\/a><figcaption id=\"caption-attachment-78060\" class=\"wp-caption-text\">Bernardo Medeiros e Francisco Rodrigues participam das atividades de leitura e conta\u00e7\u00e3o de hist\u00f3rias na Biblioteca Comunit\u00e1ria do Cerro Cor\u00e1. Foto: B\u00e1rbara Dias<\/figcaption><\/figure>\n<p><span style=\"font-weight: 400;\">Dentre as crian\u00e7as que participaram da atividade de conta\u00e7\u00e3o de hist\u00f3rias, Francisco Rodrigues*, de seis anos de idade e em processo de alfabetiza\u00e7\u00e3o, fala que gosta da biblioteca porque<\/span><span style=\"font-weight: 400;\"> \u201cna minha idade, eu s\u00f3 gosto de ler as figuras dos livros\u201d.<\/span><span style=\"font-weight: 400;\"> J\u00e1 Bernardo Medeiros*, de sete anos, diz que frequenta o espa\u00e7o porque <\/span><span style=\"font-weight: 400;\">\u201caqui tem livros, brincadeiras, hist\u00f3rias e lanches\u201d.<\/span><\/p>\n<p><span style=\"font-weight: 400;\">Em favelas, onde a <a href=\"https:\/\/bit.ly\/2Rku5Mf\" target=\"_blank\" rel=\"noopener\">neglig\u00eancia do Estado<\/a> \u00e9 uma realidade, o Coletivo Cerro Cor\u00e1 Moradores em Movimento resiste na constru\u00e7\u00e3o de um ponto de educa\u00e7\u00e3o, cultura e <a href=\"https:\/\/bit.ly\/MCLancamentoNoROW\" target=\"_blank\" rel=\"noopener\">mem\u00f3ria<\/a> por meio de iniciativas como o Cine Morr\u00e3o, a Biblioteca Comunit\u00e1ria e o Mem\u00f3rias do Cerro Cor\u00e1. Al\u00e9m de oferecer atividades aos moradores, principalmente \u00e0s crian\u00e7as, essas frentes de trabalho criam espa\u00e7os de pertencimento e viv\u00eancias que valorizam as hist\u00f3rias do Cerro Cor\u00e1, de forma aut\u00f4noma, afetiva e coletiva.<\/span><\/p>\n<p><span style=\"font-weight: 400;\">*As crian\u00e7as foram entrevistadas com autoriza\u00e7\u00e3o de seus respons\u00e1veis.<\/span><\/p>\n<p><em>Sobre a autora:\u00a0<a href=\"https:\/\/bit.ly\/3Gc3OJU\" target=\"_blank\" rel=\"noopener\">B\u00e1rbara Dias<\/a>, cria de Bangu, possui licenciatura em Ci\u00eancias Biol\u00f3gicas, mestrado em Educa\u00e7\u00e3o Ambiental e atua como professora da rede p\u00fablica desde 2006. \u00c9 fotojornalista e trabalha tamb\u00e9m com fotografia documental. \u00c9 comunicadora popular formada pelo N\u00facleo Piratininga de Comunica\u00e7\u00e3o (<a href=\"https:\/\/bit.ly\/3i2GcdN\" target=\"_blank\" rel=\"noopener\">NPC<\/a>) e co-fundadora do\u00a0<a href=\"https:\/\/bit.ly\/3vfY8bj\" target=\"_blank\" rel=\"noopener\">Coletivo Fotoguerrilha<\/a>.<\/em><\/p>\n<hr \/>\n<h4><b data-stringify-type=\"bold\">Apoie nossos esfor\u00e7os para fornecer apoio estrat\u00e9gico \u00e0s favelas do Rio, incluindo o jornalismo hiperlocal, cr\u00edtico, inovador e incans\u00e1vel do\u00a0<\/b><b data-stringify-type=\"bold\"><i data-stringify-type=\"italic\">RioOnWatch<\/i><\/b>\u2014<a class=\"c-link\" href=\"http:\/\/www.bit.ly\/ApoieROW\" target=\"_blank\" rel=\"noopener noreferrer\" data-stringify-link=\"http:\/\/www.bit.ly\/ApoieROW\" data-sk=\"tooltip_parent\">doe aqui<\/a>.<\/h4>\n<!-- AddThis Advanced Settings generic via filter on the_content --><!-- AddThis Share Buttons generic via filter on the_content -->","protected":false},"excerpt":{"rendered":"<div class=\"mh-excerpt\"><p>Click Here for English Em 2013, na favela do Cerro Cor\u00e1, entre os bairros de Cosme Velho e Santa Teresa, na Zona Sul da cidade do Rio de Janeiro, o Coletivo Cerro Cor\u00e1 Moradores em <a class=\"mh-excerpt-more\" href=\"https:\/\/rioonwatch.org.br\/?p=78054\" title=\"Cerro Cor\u00e1 Moradores em Movimento: Coletivo Desenvolve Territ\u00f3rio Atrav\u00e9s da Alfabetiza\u00e7\u00e3o, Mem\u00f3ria, Cultura e Cinema [PERFIL]\">[&#8230;]<\/a><!-- AddThis Advanced Settings generic via filter on get_the_excerpt --><!-- AddThis Share Buttons generic via filter on get_the_excerpt --><\/p>\n<\/div>","protected":false},"author":167,"featured_media":78055,"comment_status":"closed","ping_status":"closed","sticky":false,"template":"template-full.php","format":"standard","meta":{"_acf_changed":false,"_monsterinsights_skip_tracking":false,"_monsterinsights_sitenote_active":false,"_monsterinsights_sitenote_note":"","_monsterinsights_sitenote_category":0,"footnotes":""},"categories":[1629,1625,1616,342],"tags":[1905,1005,1014,2315,50,1015,2070,876,316,113,511,1304,2188,2074,35,476,383],"writer":[3244],"translator":[],"source":[],"ilustrador":[],"fotografo":[3184],"class_list":{"0":"post-78054","1":"post","2":"type-post","3":"status-publish","4":"format-standard","5":"has-post-thumbnail","7":"category-entrevistas-e-perfis","8":"category-por-correspondentes-comunitarios","9":"category-qualidades-da-favela","10":"category-solucoes","11":"tag-alfabetizacao","12":"tag-biblioteca","13":"tag-cerro-cora","14":"tag-cineclube","15":"tag-cinema","16":"tag-cosme-velho","17":"tag-direito-a-educacao","18":"tag-direitos-da-crianca","19":"tag-educacao","20":"tag-juventude","21":"tag-literatura","22":"tag-organizacao-criativa","23":"tag-museologia-social","24":"tag-rede-favela-sustentavel","25":"tag-santa-teresa","26":"tag-solucao-comunitaria","27":"tag-zona-sul","28":"writer-barbara-dias","29":"fotografo-barbara-dias"},"acf":[],"yoast_head":"<!-- This site is optimized with the Yoast SEO plugin v25.6 - https:\/\/yoast.com\/wordpress\/plugins\/seo\/ -->\n<title>Cerro Cor\u00e1 Moradores em Movimento: Coletivo Desenvolve Territ\u00f3rio Atrav\u00e9s da Alfabetiza\u00e7\u00e3o, Mem\u00f3ria, Cultura e Cinema [PERFIL] - RioOnWatch<\/title>\n<meta name=\"robots\" content=\"index, follow, max-snippet:-1, max-image-preview:large, max-video-preview:-1\" \/>\n<link rel=\"canonical\" href=\"https:\/\/rioonwatch.org.br\/?p=78054\" \/>\n<meta property=\"og:locale\" content=\"pt_BR\" \/>\n<meta property=\"og:type\" content=\"article\" \/>\n<meta property=\"og:title\" content=\"Cerro Cor\u00e1 Moradores em Movimento: Coletivo Desenvolve Territ\u00f3rio Atrav\u00e9s da Alfabetiza\u00e7\u00e3o, Mem\u00f3ria, Cultura e Cinema [PERFIL] - RioOnWatch\" \/>\n<meta property=\"og:description\" content=\"Click Here for English Em 2013, na favela do Cerro Cor\u00e1, entre os bairros de Cosme Velho e Santa Teresa, na Zona Sul da cidade do Rio de Janeiro, o Coletivo Cerro Cor\u00e1 Moradores em [...]\" \/>\n<meta property=\"og:url\" content=\"https:\/\/rioonwatch.org.br\/?p=78054\" \/>\n<meta property=\"og:site_name\" content=\"RioOnWatch\" \/>\n<meta property=\"article:published_time\" content=\"2025-06-29T18:16:05+00:00\" \/>\n<meta property=\"article:modified_time\" content=\"2025-11-12T15:21:02+00:00\" \/>\n<meta property=\"og:image\" content=\"https:\/\/rioonwatch.org.br\/wp-content\/uploads\/2025\/05\/Jeferson-Dias-integrante-do-coletivo-Cerro-Cora-Moradores-em-Movimento-a-frente-da-contacao-de-historia-para-cerca-de-20-criancas-na-biblioteca-comunitaria-do-territorio.-Foto-Barbara-DiasComCat.jpg\" \/>\n\t<meta property=\"og:image:width\" content=\"2048\" \/>\n\t<meta property=\"og:image:height\" content=\"1367\" \/>\n\t<meta property=\"og:image:type\" content=\"image\/jpeg\" \/>\n<meta name=\"author\" content=\"Julio Santos Filho\" \/>\n<meta name=\"twitter:card\" content=\"summary_large_image\" \/>\n<meta name=\"twitter:label1\" content=\"Escrito por\" \/>\n\t<meta name=\"twitter:data1\" content=\"Julio Santos Filho\" \/>\n\t<meta name=\"twitter:label2\" content=\"Est. tempo de leitura\" \/>\n\t<meta name=\"twitter:data2\" content=\"7 minutos\" \/>\n<script type=\"application\/ld+json\" class=\"yoast-schema-graph\">{\"@context\":\"https:\/\/schema.org\",\"@graph\":[{\"@type\":\"Article\",\"@id\":\"https:\/\/rioonwatch.org.br\/?p=78054#article\",\"isPartOf\":{\"@id\":\"https:\/\/rioonwatch.org.br\/?p=78054\"},\"author\":{\"name\":\"Julio Santos Filho\",\"@id\":\"https:\/\/rioonwatch.org.br\/#\/schema\/person\/476bc75767957d3535b65b796667cd36\"},\"headline\":\"Cerro Cor\u00e1 Moradores em Movimento: Coletivo Desenvolve Territ\u00f3rio Atrav\u00e9s da Alfabetiza\u00e7\u00e3o, Mem\u00f3ria, Cultura e Cinema [PERFIL]\",\"datePublished\":\"2025-06-29T18:16:05+00:00\",\"dateModified\":\"2025-11-12T15:21:02+00:00\",\"mainEntityOfPage\":{\"@id\":\"https:\/\/rioonwatch.org.br\/?p=78054\"},\"wordCount\":1664,\"publisher\":{\"@id\":\"https:\/\/rioonwatch.org.br\/#organization\"},\"image\":{\"@id\":\"https:\/\/rioonwatch.org.br\/?p=78054#primaryimage\"},\"thumbnailUrl\":\"https:\/\/rioonwatch.org.br\/wp-content\/uploads\/2025\/05\/Jeferson-Dias-integrante-do-coletivo-Cerro-Cora-Moradores-em-Movimento-a-frente-da-contacao-de-historia-para-cerca-de-20-criancas-na-biblioteca-comunitaria-do-territorio.-Foto-Barbara-DiasComCat.jpg\",\"keywords\":[\"alfabetiza\u00e7\u00e3o\",\"Bibliotecas\",\"Cerro Cor\u00e1\",\"cineclube\",\"cinema\",\"Cosme Velho\",\"direito \u00e0 educa\u00e7\u00e3o\",\"direitos da crian\u00e7a\",\"educa\u00e7\u00e3o\",\"juventude\",\"literatura\",\"mobiliza\u00e7\u00e3o criativa\",\"museologia social\",\"Perfis Integrantes da Rede Favela Sustent\u00e1vel\",\"Santa Teresa\",\"solu\u00e7\u00e3o comunit\u00e1ria\",\"Zona Sul\"],\"articleSection\":[\"Entrevistas e Perfis\",\"Escrito por Comunicadores Populares\",\"Qualidades da Favela\",\"Solu\u00e7\u00f5es\"],\"inLanguage\":\"pt-BR\"},{\"@type\":\"WebPage\",\"@id\":\"https:\/\/rioonwatch.org.br\/?p=78054\",\"url\":\"https:\/\/rioonwatch.org.br\/?p=78054\",\"name\":\"Cerro Cor\u00e1 Moradores em Movimento: Coletivo Desenvolve Territ\u00f3rio Atrav\u00e9s da Alfabetiza\u00e7\u00e3o, Mem\u00f3ria, Cultura e Cinema [PERFIL] - RioOnWatch\",\"isPartOf\":{\"@id\":\"https:\/\/rioonwatch.org.br\/#website\"},\"primaryImageOfPage\":{\"@id\":\"https:\/\/rioonwatch.org.br\/?p=78054#primaryimage\"},\"image\":{\"@id\":\"https:\/\/rioonwatch.org.br\/?p=78054#primaryimage\"},\"thumbnailUrl\":\"https:\/\/rioonwatch.org.br\/wp-content\/uploads\/2025\/05\/Jeferson-Dias-integrante-do-coletivo-Cerro-Cora-Moradores-em-Movimento-a-frente-da-contacao-de-historia-para-cerca-de-20-criancas-na-biblioteca-comunitaria-do-territorio.-Foto-Barbara-DiasComCat.jpg\",\"datePublished\":\"2025-06-29T18:16:05+00:00\",\"dateModified\":\"2025-11-12T15:21:02+00:00\",\"breadcrumb\":{\"@id\":\"https:\/\/rioonwatch.org.br\/?p=78054#breadcrumb\"},\"inLanguage\":\"pt-BR\",\"potentialAction\":[{\"@type\":\"ReadAction\",\"target\":[\"https:\/\/rioonwatch.org.br\/?p=78054\"]}]},{\"@type\":\"ImageObject\",\"inLanguage\":\"pt-BR\",\"@id\":\"https:\/\/rioonwatch.org.br\/?p=78054#primaryimage\",\"url\":\"https:\/\/rioonwatch.org.br\/wp-content\/uploads\/2025\/05\/Jeferson-Dias-integrante-do-coletivo-Cerro-Cora-Moradores-em-Movimento-a-frente-da-contacao-de-historia-para-cerca-de-20-criancas-na-biblioteca-comunitaria-do-territorio.-Foto-Barbara-DiasComCat.jpg\",\"contentUrl\":\"https:\/\/rioonwatch.org.br\/wp-content\/uploads\/2025\/05\/Jeferson-Dias-integrante-do-coletivo-Cerro-Cora-Moradores-em-Movimento-a-frente-da-contacao-de-historia-para-cerca-de-20-criancas-na-biblioteca-comunitaria-do-territorio.-Foto-Barbara-DiasComCat.jpg\",\"width\":2048,\"height\":1367,\"caption\":\"Jeferson Dias, integrante do coletivo Cerro Cor\u00e1 Moradores em Movimento, \u00e0 frente da conta\u00e7\u00e3o de hist\u00f3ria para cerca de 20 crian\u00e7as na biblioteca comunit\u00e1ria do territ\u00f3rio. Foto: B\u00e1rbara Dias\/ComCat\"},{\"@type\":\"BreadcrumbList\",\"@id\":\"https:\/\/rioonwatch.org.br\/?p=78054#breadcrumb\",\"itemListElement\":[{\"@type\":\"ListItem\",\"position\":1,\"name\":\"In\u00edcio\",\"item\":\"https:\/\/rioonwatch.org.br\/\"},{\"@type\":\"ListItem\",\"position\":2,\"name\":\"Cerro Cor\u00e1 Moradores em Movimento: Coletivo Desenvolve Territ\u00f3rio Atrav\u00e9s da Alfabetiza\u00e7\u00e3o, Mem\u00f3ria, Cultura e Cinema [PERFIL]\"}]},{\"@type\":\"WebSite\",\"@id\":\"https:\/\/rioonwatch.org.br\/#website\",\"url\":\"https:\/\/rioonwatch.org.br\/\",\"name\":\"RioOnWatch\",\"description\":\"relatos das favelas cariocas\",\"publisher\":{\"@id\":\"https:\/\/rioonwatch.org.br\/#organization\"},\"potentialAction\":[{\"@type\":\"SearchAction\",\"target\":{\"@type\":\"EntryPoint\",\"urlTemplate\":\"https:\/\/rioonwatch.org.br\/?s={search_term_string}\"},\"query-input\":{\"@type\":\"PropertyValueSpecification\",\"valueRequired\":true,\"valueName\":\"search_term_string\"}}],\"inLanguage\":\"pt-BR\"},{\"@type\":\"Organization\",\"@id\":\"https:\/\/rioonwatch.org.br\/#organization\",\"name\":\"RioOnWatch\",\"url\":\"https:\/\/rioonwatch.org.br\/\",\"logo\":{\"@type\":\"ImageObject\",\"inLanguage\":\"pt-BR\",\"@id\":\"https:\/\/rioonwatch.org.br\/#\/schema\/logo\/image\/\",\"url\":\"https:\/\/rioonwatch.org.br\/wp-content\/uploads\/2021\/06\/RioOnWatchcabecalhoPT11anos-2.png\",\"contentUrl\":\"https:\/\/rioonwatch.org.br\/wp-content\/uploads\/2021\/06\/RioOnWatchcabecalhoPT11anos-2.png\",\"width\":779,\"height\":277,\"caption\":\"RioOnWatch\"},\"image\":{\"@id\":\"https:\/\/rioonwatch.org.br\/#\/schema\/logo\/image\/\"}},{\"@type\":\"Person\",\"@id\":\"https:\/\/rioonwatch.org.br\/#\/schema\/person\/476bc75767957d3535b65b796667cd36\",\"name\":\"Julio Santos Filho\",\"image\":{\"@type\":\"ImageObject\",\"inLanguage\":\"pt-BR\",\"@id\":\"https:\/\/rioonwatch.org.br\/#\/schema\/person\/image\/\",\"url\":\"https:\/\/secure.gravatar.com\/avatar\/ca138f7666182a292a8ce4ca14fb81f8?s=96&d=blank&r=g\",\"contentUrl\":\"https:\/\/secure.gravatar.com\/avatar\/ca138f7666182a292a8ce4ca14fb81f8?s=96&d=blank&r=g\",\"caption\":\"Julio Santos Filho\"},\"url\":\"https:\/\/rioonwatch.org.br\/?author=167\"}]}<\/script>\n<!-- \/ Yoast SEO plugin. -->","yoast_head_json":{"title":"Cerro Cor\u00e1 Moradores em Movimento: Coletivo Desenvolve Territ\u00f3rio Atrav\u00e9s da Alfabetiza\u00e7\u00e3o, Mem\u00f3ria, Cultura e Cinema [PERFIL] - RioOnWatch","robots":{"index":"index","follow":"follow","max-snippet":"max-snippet:-1","max-image-preview":"max-image-preview:large","max-video-preview":"max-video-preview:-1"},"canonical":"https:\/\/rioonwatch.org.br\/?p=78054","og_locale":"pt_BR","og_type":"article","og_title":"Cerro Cor\u00e1 Moradores em Movimento: Coletivo Desenvolve Territ\u00f3rio Atrav\u00e9s da Alfabetiza\u00e7\u00e3o, Mem\u00f3ria, Cultura e Cinema [PERFIL] - RioOnWatch","og_description":"Click Here for English Em 2013, na favela do Cerro Cor\u00e1, entre os bairros de Cosme Velho e Santa Teresa, na Zona Sul da cidade do Rio de Janeiro, o Coletivo Cerro Cor\u00e1 Moradores em [...]","og_url":"https:\/\/rioonwatch.org.br\/?p=78054","og_site_name":"RioOnWatch","article_published_time":"2025-06-29T18:16:05+00:00","article_modified_time":"2025-11-12T15:21:02+00:00","og_image":[{"width":2048,"height":1367,"url":"https:\/\/rioonwatch.org.br\/wp-content\/uploads\/2025\/05\/Jeferson-Dias-integrante-do-coletivo-Cerro-Cora-Moradores-em-Movimento-a-frente-da-contacao-de-historia-para-cerca-de-20-criancas-na-biblioteca-comunitaria-do-territorio.-Foto-Barbara-DiasComCat.jpg","type":"image\/jpeg"}],"author":"Julio Santos Filho","twitter_card":"summary_large_image","twitter_misc":{"Escrito por":"Julio Santos Filho","Est. tempo de leitura":"7 minutos"},"schema":{"@context":"https:\/\/schema.org","@graph":[{"@type":"Article","@id":"https:\/\/rioonwatch.org.br\/?p=78054#article","isPartOf":{"@id":"https:\/\/rioonwatch.org.br\/?p=78054"},"author":{"name":"Julio Santos Filho","@id":"https:\/\/rioonwatch.org.br\/#\/schema\/person\/476bc75767957d3535b65b796667cd36"},"headline":"Cerro Cor\u00e1 Moradores em Movimento: Coletivo Desenvolve Territ\u00f3rio Atrav\u00e9s da Alfabetiza\u00e7\u00e3o, Mem\u00f3ria, Cultura e Cinema [PERFIL]","datePublished":"2025-06-29T18:16:05+00:00","dateModified":"2025-11-12T15:21:02+00:00","mainEntityOfPage":{"@id":"https:\/\/rioonwatch.org.br\/?p=78054"},"wordCount":1664,"publisher":{"@id":"https:\/\/rioonwatch.org.br\/#organization"},"image":{"@id":"https:\/\/rioonwatch.org.br\/?p=78054#primaryimage"},"thumbnailUrl":"https:\/\/rioonwatch.org.br\/wp-content\/uploads\/2025\/05\/Jeferson-Dias-integrante-do-coletivo-Cerro-Cora-Moradores-em-Movimento-a-frente-da-contacao-de-historia-para-cerca-de-20-criancas-na-biblioteca-comunitaria-do-territorio.-Foto-Barbara-DiasComCat.jpg","keywords":["alfabetiza\u00e7\u00e3o","Bibliotecas","Cerro Cor\u00e1","cineclube","cinema","Cosme Velho","direito \u00e0 educa\u00e7\u00e3o","direitos da crian\u00e7a","educa\u00e7\u00e3o","juventude","literatura","mobiliza\u00e7\u00e3o criativa","museologia social","Perfis Integrantes da Rede Favela Sustent\u00e1vel","Santa Teresa","solu\u00e7\u00e3o comunit\u00e1ria","Zona Sul"],"articleSection":["Entrevistas e Perfis","Escrito por Comunicadores Populares","Qualidades da Favela","Solu\u00e7\u00f5es"],"inLanguage":"pt-BR"},{"@type":"WebPage","@id":"https:\/\/rioonwatch.org.br\/?p=78054","url":"https:\/\/rioonwatch.org.br\/?p=78054","name":"Cerro Cor\u00e1 Moradores em Movimento: Coletivo Desenvolve Territ\u00f3rio Atrav\u00e9s da Alfabetiza\u00e7\u00e3o, Mem\u00f3ria, Cultura e Cinema [PERFIL] - RioOnWatch","isPartOf":{"@id":"https:\/\/rioonwatch.org.br\/#website"},"primaryImageOfPage":{"@id":"https:\/\/rioonwatch.org.br\/?p=78054#primaryimage"},"image":{"@id":"https:\/\/rioonwatch.org.br\/?p=78054#primaryimage"},"thumbnailUrl":"https:\/\/rioonwatch.org.br\/wp-content\/uploads\/2025\/05\/Jeferson-Dias-integrante-do-coletivo-Cerro-Cora-Moradores-em-Movimento-a-frente-da-contacao-de-historia-para-cerca-de-20-criancas-na-biblioteca-comunitaria-do-territorio.-Foto-Barbara-DiasComCat.jpg","datePublished":"2025-06-29T18:16:05+00:00","dateModified":"2025-11-12T15:21:02+00:00","breadcrumb":{"@id":"https:\/\/rioonwatch.org.br\/?p=78054#breadcrumb"},"inLanguage":"pt-BR","potentialAction":[{"@type":"ReadAction","target":["https:\/\/rioonwatch.org.br\/?p=78054"]}]},{"@type":"ImageObject","inLanguage":"pt-BR","@id":"https:\/\/rioonwatch.org.br\/?p=78054#primaryimage","url":"https:\/\/rioonwatch.org.br\/wp-content\/uploads\/2025\/05\/Jeferson-Dias-integrante-do-coletivo-Cerro-Cora-Moradores-em-Movimento-a-frente-da-contacao-de-historia-para-cerca-de-20-criancas-na-biblioteca-comunitaria-do-territorio.-Foto-Barbara-DiasComCat.jpg","contentUrl":"https:\/\/rioonwatch.org.br\/wp-content\/uploads\/2025\/05\/Jeferson-Dias-integrante-do-coletivo-Cerro-Cora-Moradores-em-Movimento-a-frente-da-contacao-de-historia-para-cerca-de-20-criancas-na-biblioteca-comunitaria-do-territorio.-Foto-Barbara-DiasComCat.jpg","width":2048,"height":1367,"caption":"Jeferson Dias, integrante do coletivo Cerro Cor\u00e1 Moradores em Movimento, \u00e0 frente da conta\u00e7\u00e3o de hist\u00f3ria para cerca de 20 crian\u00e7as na biblioteca comunit\u00e1ria do territ\u00f3rio. Foto: B\u00e1rbara Dias\/ComCat"},{"@type":"BreadcrumbList","@id":"https:\/\/rioonwatch.org.br\/?p=78054#breadcrumb","itemListElement":[{"@type":"ListItem","position":1,"name":"In\u00edcio","item":"https:\/\/rioonwatch.org.br\/"},{"@type":"ListItem","position":2,"name":"Cerro Cor\u00e1 Moradores em Movimento: Coletivo Desenvolve Territ\u00f3rio Atrav\u00e9s da Alfabetiza\u00e7\u00e3o, Mem\u00f3ria, Cultura e Cinema [PERFIL]"}]},{"@type":"WebSite","@id":"https:\/\/rioonwatch.org.br\/#website","url":"https:\/\/rioonwatch.org.br\/","name":"RioOnWatch","description":"relatos das favelas cariocas","publisher":{"@id":"https:\/\/rioonwatch.org.br\/#organization"},"potentialAction":[{"@type":"SearchAction","target":{"@type":"EntryPoint","urlTemplate":"https:\/\/rioonwatch.org.br\/?s={search_term_string}"},"query-input":{"@type":"PropertyValueSpecification","valueRequired":true,"valueName":"search_term_string"}}],"inLanguage":"pt-BR"},{"@type":"Organization","@id":"https:\/\/rioonwatch.org.br\/#organization","name":"RioOnWatch","url":"https:\/\/rioonwatch.org.br\/","logo":{"@type":"ImageObject","inLanguage":"pt-BR","@id":"https:\/\/rioonwatch.org.br\/#\/schema\/logo\/image\/","url":"https:\/\/rioonwatch.org.br\/wp-content\/uploads\/2021\/06\/RioOnWatchcabecalhoPT11anos-2.png","contentUrl":"https:\/\/rioonwatch.org.br\/wp-content\/uploads\/2021\/06\/RioOnWatchcabecalhoPT11anos-2.png","width":779,"height":277,"caption":"RioOnWatch"},"image":{"@id":"https:\/\/rioonwatch.org.br\/#\/schema\/logo\/image\/"}},{"@type":"Person","@id":"https:\/\/rioonwatch.org.br\/#\/schema\/person\/476bc75767957d3535b65b796667cd36","name":"Julio Santos Filho","image":{"@type":"ImageObject","inLanguage":"pt-BR","@id":"https:\/\/rioonwatch.org.br\/#\/schema\/person\/image\/","url":"https:\/\/secure.gravatar.com\/avatar\/ca138f7666182a292a8ce4ca14fb81f8?s=96&d=blank&r=g","contentUrl":"https:\/\/secure.gravatar.com\/avatar\/ca138f7666182a292a8ce4ca14fb81f8?s=96&d=blank&r=g","caption":"Julio Santos Filho"},"url":"https:\/\/rioonwatch.org.br\/?author=167"}]}},"_links":{"self":[{"href":"https:\/\/rioonwatch.org.br\/index.php?rest_route=\/wp\/v2\/posts\/78054"}],"collection":[{"href":"https:\/\/rioonwatch.org.br\/index.php?rest_route=\/wp\/v2\/posts"}],"about":[{"href":"https:\/\/rioonwatch.org.br\/index.php?rest_route=\/wp\/v2\/types\/post"}],"author":[{"embeddable":true,"href":"https:\/\/rioonwatch.org.br\/index.php?rest_route=\/wp\/v2\/users\/167"}],"replies":[{"embeddable":true,"href":"https:\/\/rioonwatch.org.br\/index.php?rest_route=%2Fwp%2Fv2%2Fcomments&post=78054"}],"version-history":[{"count":23,"href":"https:\/\/rioonwatch.org.br\/index.php?rest_route=\/wp\/v2\/posts\/78054\/revisions"}],"predecessor-version":[{"id":80204,"href":"https:\/\/rioonwatch.org.br\/index.php?rest_route=\/wp\/v2\/posts\/78054\/revisions\/80204"}],"wp:featuredmedia":[{"embeddable":true,"href":"https:\/\/rioonwatch.org.br\/index.php?rest_route=\/wp\/v2\/media\/78055"}],"wp:attachment":[{"href":"https:\/\/rioonwatch.org.br\/index.php?rest_route=%2Fwp%2Fv2%2Fmedia&parent=78054"}],"wp:term":[{"taxonomy":"category","embeddable":true,"href":"https:\/\/rioonwatch.org.br\/index.php?rest_route=%2Fwp%2Fv2%2Fcategories&post=78054"},{"taxonomy":"post_tag","embeddable":true,"href":"https:\/\/rioonwatch.org.br\/index.php?rest_route=%2Fwp%2Fv2%2Ftags&post=78054"},{"taxonomy":"writer","embeddable":true,"href":"https:\/\/rioonwatch.org.br\/index.php?rest_route=%2Fwp%2Fv2%2Fwriter&post=78054"},{"taxonomy":"translator","embeddable":true,"href":"https:\/\/rioonwatch.org.br\/index.php?rest_route=%2Fwp%2Fv2%2Ftranslator&post=78054"},{"taxonomy":"source","embeddable":true,"href":"https:\/\/rioonwatch.org.br\/index.php?rest_route=%2Fwp%2Fv2%2Fsource&post=78054"},{"taxonomy":"ilustrador","embeddable":true,"href":"https:\/\/rioonwatch.org.br\/index.php?rest_route=%2Fwp%2Fv2%2Filustrador&post=78054"},{"taxonomy":"fotografo","embeddable":true,"href":"https:\/\/rioonwatch.org.br\/index.php?rest_route=%2Fwp%2Fv2%2Ffotografo&post=78054"}],"curies":[{"name":"wp","href":"https:\/\/api.w.org\/{rel}","templated":true}]}}