{"id":78100,"date":"2025-06-15T14:27:24","date_gmt":"2025-06-15T17:27:24","guid":{"rendered":"https:\/\/rioonwatch.org.br\/?p=78100"},"modified":"2025-06-24T18:10:09","modified_gmt":"2025-06-24T21:10:09","slug":"a-gente-atua-com-genero-e-clima-conheca-o-espaco-gaia-no-complexo-do-salgueiro-em-sao-goncalo","status":"publish","type":"post","link":"https:\/\/rioonwatch.org.br\/?p=78100","title":{"rendered":"&#8216;A Gente Atua com G\u00eanero e Clima&#8217;: Conhe\u00e7a o Espa\u00e7o Gaia no Complexo do Salgueiro, em S\u00e3o Gon\u00e7alo"},"content":{"rendered":"<figure id=\"attachment_78122\" aria-describedby=\"caption-attachment-78122\" style=\"width: 1600px\" class=\"wp-caption aligncenter\"><a href=\"https:\/\/rioonwatch.org.br\/wp-content\/uploads\/2025\/05\/Projeto-comecou-embaixo-de-arvore-no-Complexo-do-Salgueiro-ate-conseguirem-uma-sede-para-acoes-com-mulheres-no-territorio.-Foto-Lorena-Aguete.jpeg\" rel=\"noopener\"><img fetchpriority=\"high\" decoding=\"async\" class=\"wp-image-78122 size-full\" title=\"Projeto come\u00e7ou em 2022, embaixo de uma \u00e1rvore no Complexo do Salgueiro, at\u00e9 conseguir uma sede para a\u00e7\u00f5es com mulheres no territ\u00f3rio. Foto: Lorena Aguete\" src=\"https:\/\/rioonwatch.org.br\/wp-content\/uploads\/2025\/05\/Projeto-comecou-embaixo-de-arvore-no-Complexo-do-Salgueiro-ate-conseguirem-uma-sede-para-acoes-com-mulheres-no-territorio.-Foto-Lorena-Aguete.jpeg\" alt=\"Projeto come\u00e7ou em 2022, embaixo de uma \u00e1rvore no Complexo do Salgueiro, at\u00e9 conseguir uma sede para a\u00e7\u00f5es com mulheres no territ\u00f3rio. Foto: Lorena Aguete\" width=\"1600\" height=\"1066\" srcset=\"https:\/\/rioonwatch.org.br\/wp-content\/uploads\/2025\/05\/Projeto-comecou-embaixo-de-arvore-no-Complexo-do-Salgueiro-ate-conseguirem-uma-sede-para-acoes-com-mulheres-no-territorio.-Foto-Lorena-Aguete.jpeg 1600w, https:\/\/rioonwatch.org.br\/wp-content\/uploads\/2025\/05\/Projeto-comecou-embaixo-de-arvore-no-Complexo-do-Salgueiro-ate-conseguirem-uma-sede-para-acoes-com-mulheres-no-territorio.-Foto-Lorena-Aguete-620x413.jpeg 620w, https:\/\/rioonwatch.org.br\/wp-content\/uploads\/2025\/05\/Projeto-comecou-embaixo-de-arvore-no-Complexo-do-Salgueiro-ate-conseguirem-uma-sede-para-acoes-com-mulheres-no-territorio.-Foto-Lorena-Aguete-768x512.jpeg 768w, https:\/\/rioonwatch.org.br\/wp-content\/uploads\/2025\/05\/Projeto-comecou-embaixo-de-arvore-no-Complexo-do-Salgueiro-ate-conseguirem-uma-sede-para-acoes-com-mulheres-no-territorio.-Foto-Lorena-Aguete-1536x1023.jpeg 1536w\" sizes=\"(max-width: 1600px) 100vw, 1600px\" \/><\/a><figcaption id=\"caption-attachment-78122\" class=\"wp-caption-text\">Projeto come\u00e7ou em 2022, embaixo de uma \u00e1rvore no Complexo do Salgueiro, at\u00e9 conseguir uma sede para a\u00e7\u00f5es com mulheres no territ\u00f3rio. Foto: Lorena Aguete<\/figcaption><\/figure>\n<h4 style=\"text-align: right;\"><a href=\"https:\/\/bit.ly\/3ZBmYlN\" target=\"_blank\" rel=\"noopener\"><em><strong>Click Here for English<img decoding=\"async\" class=\"alignright wp-image-15790\" src=\"https:\/\/rioonwatch.org.br\/wp-content\/uploads\/2012\/08\/EN-standard-e1439583104716.jpg\" alt=\"\" width=\"20\" height=\"20\" \/><\/strong><\/em><\/a><\/h4>\n<p><em><a href=\"https:\/\/rioonwatch.org\/wp-content\/uploads\/2019\/08\/BehnerStiefel.png\" rel=\"noopener\"><img decoding=\"async\" class=\"alignright wp-image-55315\" src=\"https:\/\/rioonwatch.org\/wp-content\/uploads\/2019\/08\/BehnerStiefel.png\" sizes=\"(max-width: 200px) 100vw, 200px\" srcset=\"https:\/\/rioonwatch.org\/wp-content\/uploads\/2019\/08\/BehnerStiefel.png 1934w, https:\/\/rioonwatch.org\/wp-content\/uploads\/2019\/08\/BehnerStiefel-300x102.png 300w, https:\/\/rioonwatch.org\/wp-content\/uploads\/2019\/08\/BehnerStiefel-768x261.png 768w, https:\/\/rioonwatch.org\/wp-content\/uploads\/2019\/08\/BehnerStiefel-1024x348.png 1024w\" alt=\"Centro Behner Stiefel de Estudos Brasileiros\" width=\"200\" height=\"68\" \/><\/a><\/em><\/p>\n<p><em>Esta mat\u00e9ria faz parte de uma\u00a0<a href=\"https:\/\/bit.ly\/SerieSDSU\" target=\"_blank\" rel=\"noopener noreferrer\">s\u00e9rie<\/a>\u00a0gerada por uma parceria com o\u00a0<a href=\"https:\/\/bit.ly\/SDSUDigitalBrazilProject\" target=\"_blank\" rel=\"noopener noreferrer\">Digital Brazil Project<\/a>\u00a0do\u00a0<a href=\"http:\/\/bit.ly\/2zcymI6\" target=\"_blank\" rel=\"noopener noreferrer\">Centro Behner Stiefel de Estudos Brasileiros<\/a>\u00a0da Universidade Estadual de San Diego na Calif\u00f3rnia, para produzir mat\u00e9rias sobre justi\u00e7a ambiental nas favelas fluminenses.<\/em><\/p>\n<p>Na <a href=\"https:\/\/bit.ly\/2kFp5ol\" target=\"_blank\" rel=\"noopener\">regi\u00e3o metropolitana<\/a> do Rio de Janeiro, a popula\u00e7\u00e3o das favelas e periferias do munic\u00edpio de <a href=\"https:\/\/bit.ly\/2zvYph5\" target=\"_blank\" rel=\"noopener\">S\u00e3o Gon\u00e7alo<\/a>, <a href=\"https:\/\/rioonwatch.org.br\/?tag=leste-fluminense\">Leste Fluminense<\/a>, enfrenta realidades prec\u00e1rias e desafiadoras. Com o intuito de transformar estas realidades, um grupo de mulheres de <a href=\"https:\/\/bit.ly\/2OfxrSB\" target=\"_blank\" rel=\"noopener\">Jardim Catarina<\/a>, Itaoca e <a href=\"https:\/\/bit.ly\/2X5eLqH\" target=\"_blank\" rel=\"noopener\">Complexo do Salgueiro<\/a> vem desenvolvendo iniciativas para a promo\u00e7\u00e3o da <a href=\"https:\/\/bit.ly\/SerieJusticaClimatica\" target=\"_blank\" rel=\"noopener\">justi\u00e7a ambiental e clim\u00e1tica<\/a>, do <a href=\"https:\/\/bit.ly\/3gVa1vs\" target=\"_blank\" rel=\"noopener\">letramento de g\u00eanero<\/a>, do empoderamento feminino e da gera\u00e7\u00e3o de oportunidades de <a href=\"https:\/\/bit.ly\/3eC1pYX\" target=\"_blank\" rel=\"noopener\">trabalho e renda<\/a> para mulheres da \u00e1rea e do entorno.<\/p>\n<p><span style=\"font-weight: 400;\">Idealizadora e diretora-presidente da organiza\u00e7\u00e3o, Laura Torres contou que, hoje, o <a href=\"https:\/\/bit.ly\/3ljpHiR\" target=\"_blank\" rel=\"noopener\">Espa\u00e7o Gaia<\/a> atende 110 crian\u00e7as e 80 mulheres\u2014destas, 15 s\u00e3o gestantes. Laura \u00e9 cria do Jardim Catarina, mas, desde 2022, atua no vizinho Complexo do Salgueiro.<\/span><\/p>\n<blockquote><p><span style=\"font-weight: 400;\">\u201cO Espa\u00e7o Gaia \u00e9 um lugar de empoderamento e emancipa\u00e7\u00e3o dentro do Complexo do Salgueiro. \u00c9 uma organiza\u00e7\u00e3o composta por mulheres de S\u00e3o Gon\u00e7alo.\u201d \u2014 Laura Torres<\/span><\/p><\/blockquote>\n<p><span style=\"font-weight: 400;\">Nas iniciativas j\u00e1 criadas pelo Espa\u00e7o Gaia, incluem-se a\u00e7\u00f5es para: promover a participa\u00e7\u00e3o da mulher na sociedade; seu letramento de g\u00eanero; a <a href=\"https:\/\/bit.ly\/3wCxt9e\" target=\"_blank\" rel=\"noopener\">seguran\u00e7a alimentar<\/a>, com <a href=\"https:\/\/bit.ly\/2qANkXf\" target=\"_blank\" rel=\"noopener\">horta comunit\u00e1ria<\/a> e curso de <a href=\"https:\/\/bit.ly\/3m9wO8v\" target=\"_blank\" rel=\"noopener\">agrofloresta<\/a>; gerar oportunidades de renda, <\/span><span style=\"font-weight: 400;\">com cursos de trancista e cer\u00e2mica; e <\/span><span style=\"font-weight: 400;\">produzir dados sobre <a href=\"https:\/\/bit.ly\/2XvPcl5\" target=\"_blank\" rel=\"noopener\">racismo ambiental<\/a> e o impacto das mudan\u00e7as clim\u00e1ticas. Uma das a\u00e7\u00f5es do Espa\u00e7o Gaia consiste em <\/span><a href=\"https:\/\/bit.ly\/3SrM02S\" target=\"_blank\" rel=\"noopener\"><span style=\"font-weight: 400;\">monitorar os pontos de enchentes<\/span><\/a><span style=\"font-weight: 400;\"> dentro do Complexo do Salgueiro e informar seus moradores atrav\u00e9s de um grupo em um aplicativo de mensagens.<\/span><\/p>\n<blockquote><p>\u201cA gente se define como uma organiza\u00e7\u00e3o da sociedade civil que atua com g\u00eanero e clima. Essas s\u00e3o as nossas duas principais causas e, dentro delas, entendemos que \u00e9 muito importante falar sobre ra\u00e7a e classe, porque a gente est\u00e1 dentro de um territ\u00f3rio de favela, de uma <a href=\"https:\/\/bit.ly\/4bS6BFs\" target=\"_blank\" rel=\"noopener\">zona de sacrif\u00edcio<\/a>, que \u00e9 pr\u00f3ximo de um antigo lix\u00e3o. A <a href=\"https:\/\/bit.ly\/44Y34Fc\" target=\"_blank\" rel=\"noopener\">maioria l\u00e1 dentro \u00e9 mulher<\/a> e, obviamente, s\u00e3o pessoas pretas, pessoas pardas, pessoas sem escolaridade. E isso acaba impactando tamb\u00e9m no quanto de renda essas pessoas t\u00eam.\u201d \u2014 Laura Torres<\/p><\/blockquote>\n<p>Das mulheres participantes dos projetos do Espa\u00e7o Gaia, 50, segundo Laura, moram na Favela de Itaoca, perto do antigo lix\u00e3o, que se situava entre a Estrada de Itaoca e o bairro Fazenda dos Mineiros, perpassando o Complexo do Salgueiro. Com o fechamento do <a href=\"https:\/\/bit.ly\/4kC4yt3\" target=\"_blank\" rel=\"noopener\">lix\u00e3o de Itaoca<\/a>, em 2012, por conta da <a href=\"https:\/\/bit.ly\/3Fd6adZ\" target=\"_blank\" rel=\"noopener\">lei de res\u00edduos s\u00f3lidos<\/a>, as moradoras da regi\u00e3o que trabalhavam como <a href=\"https:\/\/bit.ly\/2Je2zio\" target=\"_blank\" rel=\"noopener\">coletoras de materiais recicl\u00e1veis<\/a> n\u00e3o tiveram para onde ir e nem de onde tirar seu sustento.<\/p>\n<blockquote><p>\u201cN\u00e3o receberam indeniza\u00e7\u00e3o, diferentemente [dos coletores de materiais recicl\u00e1veis] <a href=\"https:\/\/bit.ly\/4mwbAl7\" target=\"_blank\" rel=\"noopener\">do lix\u00e3o de Jardim Gramacho<\/a>. Aqui, dentro de S\u00e3o Gon\u00e7alo, n\u00e3o se recebeu essa indeniza\u00e7\u00e3o. Essas pessoas nunca viram o dinheiro. E isso acaba impactando todo o restante da hist\u00f3ria do antigo lix\u00e3o, [gera] impacto social e econ\u00f4mico.\u201d \u2014 Laura Torres<\/p><\/blockquote>\n<p>Muitas moradoras da Favela de Itaoca atendidas pelo Espa\u00e7o Gaia foram afetadas pelo fechamento do lix\u00e3o. \u00c9 o caso de Flaviele Souza Cruz, 32 anos, que tem quatro filhos e vive com a fam\u00edlia no Complexo do Salgueiro. Ela participa de projetos do Espa\u00e7o Gaia desde 2023.<\/p>\n<blockquote><p>\u201cEra a \u00fanica renda que a gente tinha. Quando o lix\u00e3o saiu, de repente, sem [o poder p\u00fablico] dar aux\u00edlio aos moradores daqui, que trabalhavam no lix\u00e3o, [essa situa\u00e7\u00e3o] deixou a gente sem sa\u00edda. Sem ter de onde tirar. Ent\u00e3o, at\u00e9 hoje, muitas catam material de reciclagem, procuram fazer uma faxina&#8230; Mas tamb\u00e9m \u00e9 dif\u00edcil, hoje em dia, arrumar trabalho, porque as patroas n\u00e3o querem assinar a carteira de diarista.\u201d \u2014 Flaviele Cruz<\/p><\/blockquote>\n<p>Ela mencionou que o fechamento do lix\u00e3o de Itaoca tamb\u00e9m afetou a sa\u00fade e a seguran\u00e7a alimentar das ex-catadoras.<\/p>\n<blockquote><p>\u201cMuitas pessoas tiravam esse dinheiro do lix\u00e3o para poder comprar rem\u00e9dios, alimentos, al\u00e9m do que a gente pegava l\u00e1. N\u00e3o vou falar que a gente n\u00e3o comia as coisas que vinham de l\u00e1 do lix\u00e3o, porque a gente comia. Muitos alimentos que vinham bons a gente aproveitava.\u201d \u2014 Flaviele Cruz<\/p><\/blockquote>\n<figure id=\"attachment_78123\" aria-describedby=\"caption-attachment-78123\" style=\"width: 1600px\" class=\"wp-caption aligncenter\"><a href=\"https:\/\/rioonwatch.org.br\/wp-content\/uploads\/2025\/05\/Laura-Torres-ministra-oficina-de-doulagem-coletiva-para-enfrentamento-ao-racismo-ambiental.-Foto-Divulgacao.jpeg\" rel=\"noopener\"><img loading=\"lazy\" decoding=\"async\" class=\"wp-image-78123 size-full\" title=\"Laura Torres ministra oficina de doulagem coletiva como estrat\u00e9gia para o enfrentamento ao racismo ambiental. Foto: Divulga\u00e7\u00e3o\" src=\"https:\/\/rioonwatch.org.br\/wp-content\/uploads\/2025\/05\/Laura-Torres-ministra-oficina-de-doulagem-coletiva-para-enfrentamento-ao-racismo-ambiental.-Foto-Divulgacao.jpeg\" alt=\"Laura Torres ministra oficina de doulagem coletiva como estrat\u00e9gia para o enfrentamento ao racismo ambiental. Foto: Divulga\u00e7\u00e3o\" width=\"1600\" height=\"1066\" srcset=\"https:\/\/rioonwatch.org.br\/wp-content\/uploads\/2025\/05\/Laura-Torres-ministra-oficina-de-doulagem-coletiva-para-enfrentamento-ao-racismo-ambiental.-Foto-Divulgacao.jpeg 1600w, https:\/\/rioonwatch.org.br\/wp-content\/uploads\/2025\/05\/Laura-Torres-ministra-oficina-de-doulagem-coletiva-para-enfrentamento-ao-racismo-ambiental.-Foto-Divulgacao-620x413.jpeg 620w, https:\/\/rioonwatch.org.br\/wp-content\/uploads\/2025\/05\/Laura-Torres-ministra-oficina-de-doulagem-coletiva-para-enfrentamento-ao-racismo-ambiental.-Foto-Divulgacao-768x512.jpeg 768w, https:\/\/rioonwatch.org.br\/wp-content\/uploads\/2025\/05\/Laura-Torres-ministra-oficina-de-doulagem-coletiva-para-enfrentamento-ao-racismo-ambiental.-Foto-Divulgacao-1536x1023.jpeg 1536w\" sizes=\"(max-width: 1600px) 100vw, 1600px\" \/><\/a><figcaption id=\"caption-attachment-78123\" class=\"wp-caption-text\">Laura Torres ministra oficina de doulagem coletiva como estrat\u00e9gia de enfrentamento \u00e0 viol\u00eancia obst\u00e9trica. Foto: Divulga\u00e7\u00e3o<\/figcaption><\/figure>\n<p>O Espa\u00e7o Gaia foi criado, inicialmente, para oferecer forma\u00e7\u00f5es de conscientiza\u00e7\u00e3o sobre <a href=\"https:\/\/bit.ly\/43F9PJL\" target=\"_blank\" rel=\"noopener\">viol\u00eancia obst\u00e9trica<\/a> \u00e0 popula\u00e7\u00e3o local. Segundo Laura, foi o primeiro projeto do territ\u00f3rio a trabalhar com emancipa\u00e7\u00e3o e fugir de um assistencialismo destitu\u00eddo de um trabalho de base. Com o tempo, as idealizadoras identificaram outras necessidades no territ\u00f3rio que precisavam ser debatidas e abordadas.<\/p>\n<blockquote><p>\u201cEu estendia uma canga embaixo de uma \u00e1rvore e sentava com as pessoas para conversar sobre viol\u00eancia obst\u00e9trica. Uma amiga tinha uns banquinhos e faz\u00edamos uma roda para conversar. Depois de um ano, mais ou menos, n\u00f3s conseguimos uma sede. Tudo chega para a gente, desde casos de viol\u00eancia dom\u00e9stica at\u00e9 gente sem ter o que comer.\u201d \u2014 Laura Torres<\/p><\/blockquote>\n<p>No aprofundamento de sua busca pela promo\u00e7\u00e3o de direitos no territ\u00f3rio, a organiza\u00e7\u00e3o criou o <a href=\"https:\/\/bit.ly\/4kEH0Ep\" target=\"_blank\" rel=\"noopener\">Observat\u00f3rio de Olho em Itaoca<\/a>. Com o apoio de moradores, o Observat\u00f3rio realiza pesquisas para mapear as necessidades da comunidade com o intuito de incidir por pol\u00edticas p\u00fablicas.<\/p>\n<blockquote><p>\u201cNo ano passado, lan\u00e7amos um <a href=\"https:\/\/bit.ly\/3SYf16g\" target=\"_blank\" rel=\"noopener\">relat\u00f3rio sobre monitoramento socioambiental<\/a>. \u00c9 muito mais palp\u00e1vel lutar por pol\u00edticas p\u00fablicas <a href=\"https:\/\/rioonwatch.org.br\/?p=57393\">quando se t\u00eam dados<\/a>.\u201d \u2014 Laura Torres<\/p><\/blockquote>\n<p>Das 42 resid\u00eancias com que a pesquisa foi realizada, foi poss\u00edvel registrar a entrevista de 32. Dos moradores das resid\u00eancias entrevistadas, 75% s\u00e3o mulheres e 81,3% delas s\u00e3o negras. Quando o assunto \u00e9 <a href=\"https:\/\/bit.ly\/43TgWPU\" target=\"_blank\" rel=\"noopener\">saneamento<\/a>, 78,1% dos entrevistados n\u00e3o t\u00eam esgoto encanado, e 92,9% das pessoas que n\u00e3o t\u00eam acesso ao tratamento de esgoto s\u00e3o pretas. Al\u00e9m disso, 28,1% da resid\u00eancias n\u00e3o t\u00eam vaso sanit\u00e1rio. Das casas entrevistadas, 75% n\u00e3o t\u00eam acesso \u00e0 \u00e1gua, ou a \u00e1gua que chega no domic\u00edlio n\u00e3o \u00e9 pot\u00e1vel, e 78,1% usam bicas coletivas. Com rela\u00e7\u00e3o aos res\u00edduos, 90,6% queimam o lixo produzido por n\u00e3o terem acesso aos servi\u00e7os municipais de coleta de lixo.<\/p>\n<figure id=\"attachment_78124\" aria-describedby=\"caption-attachment-78124\" style=\"width: 1600px\" class=\"wp-caption aligncenter\"><a href=\"https:\/\/rioonwatch.org.br\/wp-content\/uploads\/2025\/05\/No-Complexo-do-Salgueiro-moradores-alguns-moradores-ainda-tem-que-carregar-agua-para-beber.-Espaco-Gaia-tambem-atua-na-intersecao-entre-genero-e-clima.-Foto-Divulgacao.jpeg\"><img loading=\"lazy\" decoding=\"async\" class=\"wp-image-78124 size-full\" title=\"No Complexo do Salgueiro, algumas moradoras ainda t\u00eam que carregar \u00e1gua para consumo dom\u00e9stico em baldes e gal\u00f5es. Neste sentido, o Espa\u00e7o Gaia tamb\u00e9m atua na interse\u00e7\u00e3o entre clima, g\u00eanero e ra\u00e7a. Foto: Divulga\u00e7\u00e3o\" src=\"https:\/\/rioonwatch.org.br\/wp-content\/uploads\/2025\/05\/No-Complexo-do-Salgueiro-moradores-alguns-moradores-ainda-tem-que-carregar-agua-para-beber.-Espaco-Gaia-tambem-atua-na-intersecao-entre-genero-e-clima.-Foto-Divulgacao.jpeg\" alt=\"No Complexo do Salgueiro, algumas moradoras ainda t\u00eam que carregar \u00e1gua para consumo dom\u00e9stico em baldes e gal\u00f5es. Neste sentido, o Espa\u00e7o Gaia tamb\u00e9m atua na interse\u00e7\u00e3o entre clima, g\u00eanero e ra\u00e7a. Foto: Divulga\u00e7\u00e3o\" width=\"1600\" height=\"1066\" srcset=\"https:\/\/rioonwatch.org.br\/wp-content\/uploads\/2025\/05\/No-Complexo-do-Salgueiro-moradores-alguns-moradores-ainda-tem-que-carregar-agua-para-beber.-Espaco-Gaia-tambem-atua-na-intersecao-entre-genero-e-clima.-Foto-Divulgacao.jpeg 1600w, https:\/\/rioonwatch.org.br\/wp-content\/uploads\/2025\/05\/No-Complexo-do-Salgueiro-moradores-alguns-moradores-ainda-tem-que-carregar-agua-para-beber.-Espaco-Gaia-tambem-atua-na-intersecao-entre-genero-e-clima.-Foto-Divulgacao-620x413.jpeg 620w, https:\/\/rioonwatch.org.br\/wp-content\/uploads\/2025\/05\/No-Complexo-do-Salgueiro-moradores-alguns-moradores-ainda-tem-que-carregar-agua-para-beber.-Espaco-Gaia-tambem-atua-na-intersecao-entre-genero-e-clima.-Foto-Divulgacao-768x512.jpeg 768w, https:\/\/rioonwatch.org.br\/wp-content\/uploads\/2025\/05\/No-Complexo-do-Salgueiro-moradores-alguns-moradores-ainda-tem-que-carregar-agua-para-beber.-Espaco-Gaia-tambem-atua-na-intersecao-entre-genero-e-clima.-Foto-Divulgacao-1536x1023.jpeg 1536w\" sizes=\"(max-width: 1600px) 100vw, 1600px\" \/><\/a><figcaption id=\"caption-attachment-78124\" class=\"wp-caption-text\">No Complexo do Salgueiro, algumas moradoras ainda t\u00eam que carregar \u00e1gua para consumo dom\u00e9stico em baldes e gal\u00f5es. Neste sentido, o Espa\u00e7o Gaia tamb\u00e9m atua na interse\u00e7\u00e3o entre clima, g\u00eanero e ra\u00e7a. Foto: Divulga\u00e7\u00e3o<\/figcaption><\/figure>\n<p>Al\u00e9m disso, a organiza\u00e7\u00e3o est\u00e1 desenvolvendo uma pesquisa sobre economia do cuidado e racismo ambiental com 100 mulheres, entre moradoras atendidas pelo Espa\u00e7o Gaia e outras que vivem perto do antigo lix\u00e3o de Itaoca, em parceria com <a href=\"https:\/\/bit.ly\/3FUsk4P\" target=\"_blank\" rel=\"noopener\">La Poderosa<\/a>, organiza\u00e7\u00e3o da sociedade civil da Argentina. A ideia de fazer esse monitoramento surgiu a partir da conversa com as gestantes do projeto.<\/p>\n<blockquote><p>\u201cA gente fez uma pesquisa para entender como \u00e9 a vida das mulheres que moram no Complexo do Salgueiro, principalmente no que a gente chama de economia do cuidado, que s\u00e3o aquelas tarefas do dia a dia, tipo cuidar da casa, dos filhos, dos mais velhos, tudo isso que quase sempre sobra para as mulheres. Quer\u00edamos saber como a falta de estrutura no territ\u00f3rio\u2014como a falta d\u2019\u00e1gua, a dificuldade para conseguir vaga em creche, o transporte ruim, ou aquele que nem chega\u2014atrapalha a rotina dessas mulheres e mexe com a <a href=\"https:\/\/bit.ly\/3SwtO8z\" target=\"_blank\" rel=\"noopener\">sa\u00fade mental<\/a> e emocional delas.\u201d \u2014 Laura Torres<\/p><\/blockquote>\n<p>Um dos dados desta nova pesquisa revela a dificuldade de acesso a transporte p\u00fablico, o que pode dificultar o acesso das mulheres ao posto de sa\u00fade ou o acesso de seus filhos \u00e0 creche. Das entrevistadas, 65% afirmam, segundo Laura, que levam mais de 15 minutos para fazer o trajeto at\u00e9 o ponto de \u00f4nibus a p\u00e9. Com rela\u00e7\u00e3o aos gastos com transporte, o valor da passagem chega a consumir 25% da renda de quem vive na regi\u00e3o. Outro problema \u00e9 o acesso \u00e0 \u00e1gua, j\u00e1 que mais da metade das pessoas sofre com a falta d\u2019\u00e1gua e, dessas pessoas, 80% s\u00e3o mulheres. Destas mulheres, quase 43% disseram que saem para buscar \u00e1gua sozinhas.<\/p>\n<p>Al\u00e9m dessa iniciativa, <span style=\"font-weight: 400;\">o Espa\u00e7o Gaia est\u00e1<\/span><span style=\"font-weight: 400;\"> construindo a <\/span><a href=\"https:\/\/bit.ly\/4dHcas6\" target=\"_blank\" rel=\"noopener\"><span style=\"font-weight: 400;\">Agenda Ressuscita S\u00e3o Gon\u00e7alo<\/span><\/a><span style=\"font-weight: 400;\">. Como resposta \u00e0 Agenda 2030 da ONU, que determina metas para garantir a <a href=\"https:\/\/bit.ly\/3HLJhze\" target=\"_blank\" rel=\"noopener\">justi\u00e7a social<\/a> e ambiental para toda a popula\u00e7\u00e3o global at\u00e9 2030, a Agenda Ressuscita S\u00e3o Gon\u00e7alo faz parte de um movimento de Agendas 2030 Territoriais que, segundo o Espa\u00e7o Gaia, \u201ctrazem as prioridades reais de cada regi\u00e3o, mostrando o que precisa ser feito ali, com base na viv\u00eancia de quem constr\u00f3i o dia a dia daquele lugar.\u201d<\/span><\/p>\n<p><span style=\"font-weight: 400;\">Elaborada em conjunto com outros movimentos e coletivos de S\u00e3o Gon\u00e7alo, a Agenda Ressuscita S\u00e3o Gon\u00e7alo<\/span><span style=\"font-weight: 400;\">\u00a0re\u00fane demandas das sete favelas do Complexo do Salgueiro (desde saneamento e mobilidade a sa\u00fade, educa\u00e7\u00e3o e justi\u00e7a clim\u00e1tica) para serem entregues \u00e0<\/span> <span style=\"font-weight: 400;\">C\u00e2mara dos Vereadores<\/span><span style=\"font-weight: 400;\"> e \u00e0 prefeitura de S\u00e3o Gon\u00e7alo em julho deste ano. <\/span>O objetivo \u00e9 identificar as lacunas no que diz respeito \u00e0 falta de acesso aos direitos b\u00e1sicos, al\u00e9m de propor novas tecnologias para a garantia destes direitos.<\/p>\n<blockquote class=\"instagram-media\" style=\"background: #FFF; border: 0; border-radius: 3px; box-shadow: 0 0 1px 0 rgba(0,0,0,0.5),0 1px 10px 0 rgba(0,0,0,0.15); margin: 1px; max-width: 540px; min-width: 326px; padding: 0; width: calc(100% - 2px);\" data-instgrm-captioned=\"\" data-instgrm-permalink=\"https:\/\/www.instagram.com\/p\/DJbtqVoRK1C\/?utm_source=ig_embed&amp;utm_campaign=loading\" data-instgrm-version=\"14\">\n<div style=\"padding: 16px;\">\n<p>&nbsp;<\/p>\n<div style=\"display: flex; flex-direction: row; align-items: center;\">\n<div style=\"background-color: #f4f4f4; border-radius: 50%; flex-grow: 0; height: 40px; margin-right: 14px; width: 40px;\"><\/div>\n<div style=\"display: flex; flex-direction: column; flex-grow: 1; justify-content: center;\">\n<div style=\"background-color: #f4f4f4; border-radius: 4px; flex-grow: 0; height: 14px; margin-bottom: 6px; width: 100px;\"><\/div>\n<div style=\"background-color: #f4f4f4; border-radius: 4px; flex-grow: 0; height: 14px; width: 60px;\"><\/div>\n<\/div>\n<\/div>\n<div style=\"padding: 19% 0;\"><\/div>\n<div style=\"display: block; height: 50px; margin: 0 auto 12px; width: 50px;\"><\/div>\n<div style=\"padding-top: 8px;\">\n<div style=\"color: #3897f0; font-family: Arial,sans-serif; font-size: 14px; font-style: normal; font-weight: 550; line-height: 18px;\">Ver esta publica\u00e7\u00e3o no Instagram<\/div>\n<\/div>\n<div style=\"padding: 12.5% 0;\"><\/div>\n<div style=\"display: flex; flex-direction: row; margin-bottom: 14px; align-items: center;\">\n<div>\n<div style=\"background-color: #f4f4f4; border-radius: 50%; height: 12.5px; width: 12.5px; transform: translateX(0px) translateY(7px);\"><\/div>\n<div style=\"background-color: #f4f4f4; height: 12.5px; transform: rotate(-45deg) translateX(3px) translateY(1px); width: 12.5px; flex-grow: 0; margin-right: 14px; margin-left: 2px;\"><\/div>\n<div style=\"background-color: #f4f4f4; border-radius: 50%; height: 12.5px; width: 12.5px; transform: translateX(9px) translateY(-18px);\"><\/div>\n<\/div>\n<div style=\"margin-left: 8px;\">\n<div style=\"background-color: #f4f4f4; border-radius: 50%; flex-grow: 0; height: 20px; width: 20px;\"><\/div>\n<div style=\"width: 0; height: 0; border-top: 2px solid transparent; border-left: 6px solid #f4f4f4; border-bottom: 2px solid transparent; transform: translateX(16px) translateY(-4px) rotate(30deg);\"><\/div>\n<\/div>\n<div style=\"margin-left: auto;\">\n<div style=\"width: 0px; border-top: 8px solid #F4F4F4; border-right: 8px solid transparent; transform: translateY(16px);\"><\/div>\n<div style=\"background-color: #f4f4f4; flex-grow: 0; height: 12px; width: 16px; transform: translateY(-4px);\"><\/div>\n<div style=\"width: 0; height: 0; border-top: 8px solid #F4F4F4; border-left: 8px solid transparent; transform: translateY(-4px) translateX(8px);\"><\/div>\n<\/div>\n<\/div>\n<div style=\"display: flex; flex-direction: column; flex-grow: 1; justify-content: center; margin-bottom: 24px;\">\n<div style=\"background-color: #f4f4f4; border-radius: 4px; flex-grow: 0; height: 14px; margin-bottom: 6px; width: 224px;\"><\/div>\n<div style=\"background-color: #f4f4f4; border-radius: 4px; flex-grow: 0; height: 14px; width: 144px;\"><\/div>\n<\/div>\n<p>&nbsp;<\/p>\n<p style=\"color: #c9c8cd; font-family: Arial,sans-serif; font-size: 14px; line-height: 17px; margin-bottom: 0; margin-top: 8px; overflow: hidden; padding: 8px 0 7px; text-align: center; text-overflow: ellipsis; white-space: nowrap;\"><a style=\"color: #c9c8cd; font-family: Arial,sans-serif; font-size: 14px; font-style: normal; font-weight: normal; line-height: 17px; text-decoration: none;\" href=\"https:\/\/www.instagram.com\/p\/DJbtqVoRK1C\/?utm_source=ig_embed&amp;utm_campaign=loading\" target=\"_blank\" rel=\"noopener\">Uma publica\u00e7\u00e3o partilhada por ASSOCIA\u00c7\u00c3O ESPA\u00c7O GAIA (@gaia.espaco)<\/a><\/p>\n<\/div>\n<\/blockquote>\n<p><script async src=\"\/\/www.instagram.com\/embed.js\"><\/script><\/p>\n<p>\u201cNesse relat\u00f3rio de monitoramento, a gente fala, por exemplo, sobre algumas tecnologias sociais e ancestrais idealizadas pelos moradores para sobreviverem no territ\u00f3rio\u201d, disse Laura, que mencionou a doulagem coletiva como uma dessas tecnologias, utilizada no acompanhamento de gestantes do territ\u00f3rio, seja antes ou ap\u00f3s o parto.<\/p>\n<p>A aut\u00f4noma Bruna Oliveira, 33 anos, tem tr\u00eas filhos e \u00e9 moradora do Complexo do Salgueiro. Ela percebeu a import\u00e2ncia da quest\u00e3o ambiental durante sua r\u00e1pida participa\u00e7\u00e3o no projeto de doulagem coletiva.<\/p>\n<blockquote><p>\u201cL\u00e1 [no Espa\u00e7o Gaia] tinha um curso em que eu n\u00e3o participei, por\u00e9m o pouco que eu vi foi muito legal. As meninas plantavam, elas mesmas colhiam e levavam para casa, para o seu prato de cada dia. Isso foi muito bom, at\u00e9 mesmo para as crian\u00e7as que iam com suas m\u00e3es, porque ali elas aprendiam a comer saud\u00e1vel, ali elas aprendiam o que \u00e9 voc\u00ea plantar para comer.\u201d \u2014 Bruna Oliveira<\/p><\/blockquote>\n<p>O Espa\u00e7o Gaia tamb\u00e9m oferecia <a href=\"https:\/\/bit.ly\/3FYztBh\" target=\"_blank\" rel=\"noopener\">forma\u00e7\u00e3o em agrofloresta<\/a>\u00a0\u00e0s mulheres do territ\u00f3rio, que aprendiam a manejar planta\u00e7\u00f5es de salsinha, manjeric\u00e3o, tomate, cana-de-a\u00e7\u00facar, dentre outras verduras e legumes. Essa demanda foi identificada ap\u00f3s a organiza\u00e7\u00e3o perceber car\u00eancias nutricionais entre as crian\u00e7as do Complexo do Salgueiro. Apesar de ser fundamental para a vida mais saud\u00e1vel da comunidade, o projeto de agrofloresta est\u00e1 parado desde a mudan\u00e7a de sede do Espa\u00e7o Gaia, em dezembro de 2024. Apesar das dificuldades, as membras do projeto esperam que seja poss\u00edvel <a href=\"https:\/\/bit.ly\/3SWX3kE\" target=\"_blank\" rel=\"noopener\">retomar as hortas comunit\u00e1rias<\/a> em breve. No momento, elas est\u00e3o em busca de editais que possam apoi\u00e1-las e tamb\u00e9m <a href=\"https:\/\/bit.ly\/3Tt0u2I\" target=\"_blank\" rel=\"noopener\">lan\u00e7aram uma vaquinha<\/a> para comprar um novo espa\u00e7o onde sejam capazes de realizar suas miss\u00f5es.<\/p>\n<blockquote><p>\u201c[A forma\u00e7\u00e3o em agrofloresta] Vem como aporte nutricional. Entendemos a necessidade de pensar em frutas e legumes, que s\u00e3o alimentos caros. O curso era para que elas tivessem acesso a frutas, legumes e verduras mais saud\u00e1veis, sem agrot\u00f3xicos. E a ideia do curso era a gente promover a consci\u00eancia ambiental com elas. Ent\u00e3o, a gente falou sobre o racismo ambiental, a gente falou sobre os mangues que tem l\u00e1.\u201d \u2014 Laura Torres<\/p><\/blockquote>\n<p>Com o objetivo de ampliar o debate e influir em pol\u00edticas de seguran\u00e7a para as mulheres gestantes, o Espa\u00e7o Gaia promove o <a href=\"https:\/\/bit.ly\/4l9yKw0\" target=\"_blank\" rel=\"noopener\">Programa Ciclos<\/a>, uma roda de gestantes que \u00e9 realizada semestralmente, consistindo em um acompanhamento de doulagem coletiva para gestantes; e a Roda de Gestantes, que promove trocas de conhecimento sobre o processo da maternidade para as m\u00e3es do Complexo, como instru\u00e7\u00f5es para o parto.<\/p>\n<blockquote class=\"instagram-media\" style=\"background: #FFF; border: 0; border-radius: 3px; box-shadow: 0 0 1px 0 rgba(0,0,0,0.5),0 1px 10px 0 rgba(0,0,0,0.15); margin: 1px; max-width: 540px; min-width: 326px; padding: 0; width: calc(100% - 2px);\" data-instgrm-captioned=\"\" data-instgrm-permalink=\"https:\/\/www.instagram.com\/reel\/DEFVEApRYTl\/?utm_source=ig_embed&amp;utm_campaign=loading\" data-instgrm-version=\"14\">\n<div style=\"padding: 16px;\">\n<p>&nbsp;<\/p>\n<div style=\"display: flex; flex-direction: row; align-items: center;\">\n<div style=\"background-color: #f4f4f4; border-radius: 50%; flex-grow: 0; height: 40px; margin-right: 14px; width: 40px;\"><\/div>\n<div style=\"display: flex; flex-direction: column; flex-grow: 1; justify-content: center;\">\n<div style=\"background-color: #f4f4f4; border-radius: 4px; flex-grow: 0; height: 14px; margin-bottom: 6px; width: 100px;\"><\/div>\n<div style=\"background-color: #f4f4f4; border-radius: 4px; flex-grow: 0; height: 14px; width: 60px;\"><\/div>\n<\/div>\n<\/div>\n<div style=\"padding: 19% 0;\"><\/div>\n<div style=\"display: block; height: 50px; margin: 0 auto 12px; width: 50px;\"><\/div>\n<div style=\"padding-top: 8px;\">\n<div style=\"color: #3897f0; font-family: Arial,sans-serif; font-size: 14px; font-style: normal; font-weight: 550; line-height: 18px;\">Ver esta publica\u00e7\u00e3o no Instagram<\/div>\n<\/div>\n<div style=\"padding: 12.5% 0;\"><\/div>\n<div style=\"display: flex; flex-direction: row; margin-bottom: 14px; align-items: center;\">\n<div>\n<div style=\"background-color: #f4f4f4; border-radius: 50%; height: 12.5px; width: 12.5px; transform: translateX(0px) translateY(7px);\"><\/div>\n<div style=\"background-color: #f4f4f4; height: 12.5px; transform: rotate(-45deg) translateX(3px) translateY(1px); width: 12.5px; flex-grow: 0; margin-right: 14px; margin-left: 2px;\"><\/div>\n<div style=\"background-color: #f4f4f4; border-radius: 50%; height: 12.5px; width: 12.5px; transform: translateX(9px) translateY(-18px);\"><\/div>\n<\/div>\n<div style=\"margin-left: 8px;\">\n<div style=\"background-color: #f4f4f4; border-radius: 50%; flex-grow: 0; height: 20px; width: 20px;\"><\/div>\n<div style=\"width: 0; height: 0; border-top: 2px solid transparent; border-left: 6px solid #f4f4f4; border-bottom: 2px solid transparent; transform: translateX(16px) translateY(-4px) rotate(30deg);\"><\/div>\n<\/div>\n<div style=\"margin-left: auto;\">\n<div style=\"width: 0px; border-top: 8px solid #F4F4F4; border-right: 8px solid transparent; transform: translateY(16px);\"><\/div>\n<div style=\"background-color: #f4f4f4; flex-grow: 0; height: 12px; width: 16px; transform: translateY(-4px);\"><\/div>\n<div style=\"width: 0; height: 0; border-top: 8px solid #F4F4F4; border-left: 8px solid transparent; transform: translateY(-4px) translateX(8px);\"><\/div>\n<\/div>\n<\/div>\n<div style=\"display: flex; flex-direction: column; flex-grow: 1; justify-content: center; margin-bottom: 24px;\">\n<div style=\"background-color: #f4f4f4; border-radius: 4px; flex-grow: 0; height: 14px; margin-bottom: 6px; width: 224px;\"><\/div>\n<div style=\"background-color: #f4f4f4; border-radius: 4px; flex-grow: 0; height: 14px; width: 144px;\"><\/div>\n<\/div>\n<p>&nbsp;<\/p>\n<p style=\"color: #c9c8cd; font-family: Arial,sans-serif; font-size: 14px; line-height: 17px; margin-bottom: 0; margin-top: 8px; overflow: hidden; padding: 8px 0 7px; text-align: center; text-overflow: ellipsis; white-space: nowrap;\"><a style=\"color: #c9c8cd; font-family: Arial,sans-serif; font-size: 14px; font-style: normal; font-weight: normal; line-height: 17px; text-decoration: none;\" href=\"https:\/\/www.instagram.com\/reel\/DEFVEApRYTl\/?utm_source=ig_embed&amp;utm_campaign=loading\" target=\"_blank\" rel=\"noopener\">Uma publica\u00e7\u00e3o partilhada por ASSOCIA\u00c7\u00c3O ESPA\u00c7O GAIA (@gaia.espaco)<\/a><\/p>\n<\/div>\n<\/blockquote>\n<p><script async src=\"\/\/www.instagram.com\/embed.js\"><\/script><\/p>\n<blockquote><p>\u201cReceb\u00edamos muitos casos de viol\u00eancia obst\u00e9trica, casos em que o companheiro n\u00e3o p\u00f4de entrar porque funcion\u00e1rios do hospital n\u00e3o deixaram. Casos de empurrar a barriga e cortar. Eu pegava todas essas den\u00fancias, encaminhava para o poder p\u00fablico e eles faziam fiscaliza\u00e7\u00e3o na maternidade. Com isso, a gente conseguiu algumas coisas a n\u00edvel at\u00e9 muito importante, como uma c\u00e2mara mortu\u00e1ria e uma autoclave.\u201d \u2014 Laura Torres<\/p><\/blockquote>\n<p>A diretora afirmou que algumas a\u00e7\u00f5es da organiza\u00e7\u00e3o j\u00e1 provocaram respostas do poder p\u00fablico \u00e0quilo que classificam como viol\u00eancia obst\u00e9trica.\u00a0 Segundo Laura, por meio de den\u00fancia \u00e0 C\u00e2mara Municipal de S\u00e3o Gon\u00e7alo, os equipamentos foram instalados na Maternidade Municipal M\u00e1rio Niajar.<\/p>\n<p>Para Flaviele, o Espa\u00e7o Gaia \u00e9, sobretudo, um lugar de troca de ensinamentos.<\/p>\n<blockquote><p>\u201cO projeto vem ajudando muito a mim e a muitas outras m\u00e3es aqui do Salgueiro. Ensina a gente muita coisa, a como passar por situa\u00e7\u00f5es que, antes, a gente se desesperava, mas, hoje em dia, a gente respira fundo e conversa. N\u00e3o \u00e9 s\u00f3 pelo alimento [que a organiza\u00e7\u00e3o est\u00e1 aqui], \u00e9 pelo prop\u00f3sito de ensinar a gente a saber nossos direitos, a conversar e a botar para fora as coisas que est\u00e1 sentindo.\u201d \u2014 Flaviele Cruz<\/p><\/blockquote>\n<p>Bruna tamb\u00e9m lembrou de quando conheceu o projeto e a import\u00e2ncia que essas mulheres tiveram ao apoi\u00e1-la durante uma depress\u00e3o na gravidez.<\/p>\n<blockquote><p>\u201cEu estava com seis meses de gesta\u00e7\u00e3o, passando por uma depress\u00e3o porque eu tinha acabado de perder minha m\u00e3e, tinha sido mandada embora [do trabalho] gr\u00e1vida. N\u00e3o sabia dos meus direitos. Por meio do Gaia, hoje, eu j\u00e1 sei dos meus direitos.\u201d\u00a0\u2014 Bruna Oliveira<\/p><\/blockquote>\n<p><span style=\"font-weight: 400;\">De acordo com Laura, o objetivo \u00e9 replicar as tecnologias pensadas e praticadas pelo Espa\u00e7o Gaia em outras favelas do Rio de Janeiro, j\u00e1 que \u201ca gente entende que [as atividades que o Espa\u00e7o Gaia realiza] n\u00e3o s\u00e3o uma necessidade apenas do Complexo do Salgueiro\u201d. O desejo das integrantes \u00e9 que, em todas as favelas, as m\u00e3es possam contar com uma rede de apoio t\u00e3o diversa, flex\u00edvel e resiliente como a que o Espa\u00e7o Gaia prov\u00ea \u00e0s m\u00e3es de Itaoca, Jardim Catarina e Complexo do Salgueiro.<\/span><\/p>\n<p><em>Sobre o autor:\u00a0<a href=\"https:\/\/bit.ly\/42EoKTz\" target=\"_blank\" rel=\"noopener\">Igor Soares<\/a>\u00a0\u00e9 cria do Morro do Borel e jornalista pela Universidade Federal do Rio de Janeiro (UFRJ). Atualmente contribui com o #Colabora e atua como freelancer. Tem experi\u00eancia em cobertura de cidades, direitos humanos e seguran\u00e7a p\u00fablica, j\u00e1 tendo passado pela reda\u00e7\u00e3o do Estad\u00e3o, do Portal iG e produzido reportagens para a Folha de S\u00e3o Paulo.<\/em><\/p>\n<hr \/>\n<h4><b data-stringify-type=\"bold\">Apoie nossos esfor\u00e7os para fornecer apoio estrat\u00e9gico \u00e0s favelas do Rio, incluindo o jornalismo hiperlocal, cr\u00edtico, inovador e incans\u00e1vel do\u00a0<\/b><b data-stringify-type=\"bold\"><i data-stringify-type=\"italic\">RioOnWatch<\/i><\/b>\u2014<a class=\"c-link\" href=\"http:\/\/www.bit.ly\/ApoieROW\" target=\"_blank\" rel=\"noopener noreferrer\" data-stringify-link=\"http:\/\/www.bit.ly\/ApoieROW\" data-sk=\"tooltip_parent\">doe aqui<\/a>.<\/h4>\n<!-- AddThis Advanced Settings generic via filter on the_content --><!-- AddThis Share Buttons generic via filter on the_content -->","protected":false},"excerpt":{"rendered":"<div class=\"mh-excerpt\"><p>Click Here for English Esta mat\u00e9ria faz parte de uma\u00a0s\u00e9rie\u00a0gerada por uma parceria com o\u00a0Digital Brazil Project\u00a0do\u00a0Centro Behner Stiefel de Estudos Brasileiros\u00a0da Universidade Estadual de San Diego na Calif\u00f3rnia, para produzir mat\u00e9rias sobre justi\u00e7a ambiental <a class=\"mh-excerpt-more\" href=\"https:\/\/rioonwatch.org.br\/?p=78100\" title=\"&#8216;A Gente Atua com G\u00eanero e Clima&#8217;: Conhe\u00e7a o Espa\u00e7o Gaia no Complexo do Salgueiro, em S\u00e3o Gon\u00e7alo\">[&#8230;]<\/a><!-- AddThis Advanced Settings generic via filter on get_the_excerpt --><!-- AddThis Share Buttons generic via filter on get_the_excerpt --><\/p>\n<\/div>","protected":false},"author":167,"featured_media":78122,"comment_status":"closed","ping_status":"closed","sticky":false,"template":"template-full.php","format":"standard","meta":{"_acf_changed":false,"_monsterinsights_skip_tracking":false,"_monsterinsights_sitenote_active":false,"_monsterinsights_sitenote_note":"","_monsterinsights_sitenote_category":0,"footnotes":""},"categories":[1621,1629,1625,3170,1612,342,1639],"tags":[300,299,103,2291,2214,363,3571,42,1554,1372,1097,2818,3112,1578,2465,1719,700,588,1525,2139,492,231,294,2069,3099,2693,1347,476,578,2085],"writer":[3415],"translator":[],"source":[],"ilustrador":[],"fotografo":[],"class_list":{"0":"post-78100","1":"post","2":"type-post","3":"status-publish","4":"format-standard","5":"has-post-thumbnail","7":"category-destaque","8":"category-entrevistas-e-perfis","9":"category-por-correspondentes-comunitarios","10":"category-justica-climatica","11":"category-sociedade-civil","12":"category-solucoes","13":"category-sustentabilidade","14":"tag-agrofloresta","15":"tag-alimentacao","16":"tag-catadores","17":"tag-complexo-do-salgueiro","18":"tag-dados","19":"tag-educacao-ambiental","20":"tag-favela-de-itaoca","21":"tag-genero","22":"tag-gestao-de-residuos","23":"tag-grande-rio","24":"tag-horta-comunitaria","25":"tag-jardim-catarina","26":"tag-justica-climatica","27":"tag-leste-fluminense","28":"tag-lixao","29":"tag-mudancas-climaticas","30":"tag-perfil","31":"tag-pesquisa","32":"tag-ponto-de-cultura","33":"tag-justica-ambiental","34":"tag-saneamento","35":"tag-sao-goncalo","36":"tag-saude","37":"tag-saude-mental","38":"tag-seguranca-alimentar","39":"tag-serie-direitos-humanos-com-apoio-do-centro-behner-stiefel-da-sdsu","40":"tag-solucao","41":"tag-solucao-comunitaria","42":"tag-trabalho-e-renda","43":"tag-vigilancia-sanitaria","44":"writer-igor-soares"},"acf":[],"yoast_head":"<!-- This site is optimized with the Yoast SEO plugin v25.6 - https:\/\/yoast.com\/wordpress\/plugins\/seo\/ -->\n<title>&#039;A Gente Atua com G\u00eanero e Clima&#039;: Conhe\u00e7a o Espa\u00e7o Gaia no Complexo do Salgueiro, em S\u00e3o Gon\u00e7alo - RioOnWatch<\/title>\n<meta name=\"robots\" content=\"index, follow, max-snippet:-1, max-image-preview:large, max-video-preview:-1\" \/>\n<link rel=\"canonical\" href=\"https:\/\/rioonwatch.org.br\/?p=78100\" \/>\n<meta property=\"og:locale\" content=\"pt_BR\" \/>\n<meta property=\"og:type\" content=\"article\" \/>\n<meta property=\"og:title\" content=\"&#039;A Gente Atua com G\u00eanero e Clima&#039;: Conhe\u00e7a o Espa\u00e7o Gaia no Complexo do Salgueiro, em S\u00e3o Gon\u00e7alo - RioOnWatch\" \/>\n<meta property=\"og:description\" content=\"Click Here for English Esta mat\u00e9ria faz parte de uma\u00a0s\u00e9rie\u00a0gerada por uma parceria com o\u00a0Digital Brazil Project\u00a0do\u00a0Centro Behner Stiefel de Estudos Brasileiros\u00a0da Universidade Estadual de San Diego na Calif\u00f3rnia, para produzir mat\u00e9rias sobre justi\u00e7a ambiental [...]\" \/>\n<meta property=\"og:url\" content=\"https:\/\/rioonwatch.org.br\/?p=78100\" \/>\n<meta property=\"og:site_name\" content=\"RioOnWatch\" \/>\n<meta property=\"article:published_time\" content=\"2025-06-15T17:27:24+00:00\" \/>\n<meta property=\"article:modified_time\" content=\"2025-06-24T21:10:09+00:00\" \/>\n<meta property=\"og:image\" content=\"https:\/\/rioonwatch.org.br\/wp-content\/uploads\/2025\/05\/Projeto-comecou-embaixo-de-arvore-no-Complexo-do-Salgueiro-ate-conseguirem-uma-sede-para-acoes-com-mulheres-no-territorio.-Foto-Lorena-Aguete.jpeg\" \/>\n\t<meta property=\"og:image:width\" content=\"1600\" \/>\n\t<meta property=\"og:image:height\" content=\"1066\" \/>\n\t<meta property=\"og:image:type\" content=\"image\/jpeg\" \/>\n<meta name=\"author\" content=\"Julio Santos Filho\" \/>\n<meta name=\"twitter:card\" content=\"summary_large_image\" \/>\n<meta name=\"twitter:label1\" content=\"Escrito por\" \/>\n\t<meta name=\"twitter:data1\" content=\"Julio Santos Filho\" \/>\n\t<meta name=\"twitter:label2\" content=\"Est. tempo de leitura\" \/>\n\t<meta name=\"twitter:data2\" content=\"10 minutos\" \/>\n<script type=\"application\/ld+json\" class=\"yoast-schema-graph\">{\"@context\":\"https:\/\/schema.org\",\"@graph\":[{\"@type\":\"Article\",\"@id\":\"https:\/\/rioonwatch.org.br\/?p=78100#article\",\"isPartOf\":{\"@id\":\"https:\/\/rioonwatch.org.br\/?p=78100\"},\"author\":{\"name\":\"Julio Santos Filho\",\"@id\":\"https:\/\/rioonwatch.org.br\/#\/schema\/person\/476bc75767957d3535b65b796667cd36\"},\"headline\":\"&#8216;A Gente Atua com G\u00eanero e Clima&#8217;: Conhe\u00e7a o Espa\u00e7o Gaia no Complexo do Salgueiro, em S\u00e3o Gon\u00e7alo\",\"datePublished\":\"2025-06-15T17:27:24+00:00\",\"dateModified\":\"2025-06-24T21:10:09+00:00\",\"mainEntityOfPage\":{\"@id\":\"https:\/\/rioonwatch.org.br\/?p=78100\"},\"wordCount\":2634,\"publisher\":{\"@id\":\"https:\/\/rioonwatch.org.br\/#organization\"},\"image\":{\"@id\":\"https:\/\/rioonwatch.org.br\/?p=78100#primaryimage\"},\"thumbnailUrl\":\"https:\/\/rioonwatch.org.br\/wp-content\/uploads\/2025\/05\/Projeto-comecou-embaixo-de-arvore-no-Complexo-do-Salgueiro-ate-conseguirem-uma-sede-para-acoes-com-mulheres-no-territorio.-Foto-Lorena-Aguete.jpeg\",\"keywords\":[\"agrofloresta\",\"alimenta\u00e7\u00e3o\",\"catadores\",\"Complexo do Salgueiro\",\"dados\",\"educa\u00e7\u00e3o ambiental\",\"Favela de Itaoca\",\"g\u00eanero\",\"gest\u00e3o de res\u00edduos\",\"Grande Rio\",\"horta comunit\u00e1ria\",\"Jardim Catarina\",\"Justi\u00e7a Clim\u00e1tica\",\"Leste Fluminense\",\"Lix\u00e3o\",\"mudan\u00e7as clim\u00e1ticas\",\"perfil\",\"pesquisa\",\"Ponto de Cultura\",\"Racismo ambiental\",\"saneamento\",\"S\u00e3o Gon\u00e7alo\",\"sa\u00fade\",\"sa\u00fade mental\",\"seguran\u00e7a alimentar\",\"S\u00e9rie Apoiada pelo Centro Behner Stiefel\/SDSU\",\"solu\u00e7\u00e3o\",\"solu\u00e7\u00e3o comunit\u00e1ria\",\"Trabalho e renda\",\"Vigil\u00e2ncia Sanit\u00e1ria\"],\"articleSection\":[\"*Destaque\",\"Entrevistas e Perfis\",\"Escrito por Comunicadores Populares\",\"Justi\u00e7a Clim\u00e1tica\",\"Sociedade Civil\",\"Solu\u00e7\u00f5es\",\"Sustentabilidade\"],\"inLanguage\":\"pt-BR\"},{\"@type\":\"WebPage\",\"@id\":\"https:\/\/rioonwatch.org.br\/?p=78100\",\"url\":\"https:\/\/rioonwatch.org.br\/?p=78100\",\"name\":\"'A Gente Atua com G\u00eanero e Clima': Conhe\u00e7a o Espa\u00e7o Gaia no Complexo do Salgueiro, em S\u00e3o Gon\u00e7alo - RioOnWatch\",\"isPartOf\":{\"@id\":\"https:\/\/rioonwatch.org.br\/#website\"},\"primaryImageOfPage\":{\"@id\":\"https:\/\/rioonwatch.org.br\/?p=78100#primaryimage\"},\"image\":{\"@id\":\"https:\/\/rioonwatch.org.br\/?p=78100#primaryimage\"},\"thumbnailUrl\":\"https:\/\/rioonwatch.org.br\/wp-content\/uploads\/2025\/05\/Projeto-comecou-embaixo-de-arvore-no-Complexo-do-Salgueiro-ate-conseguirem-uma-sede-para-acoes-com-mulheres-no-territorio.-Foto-Lorena-Aguete.jpeg\",\"datePublished\":\"2025-06-15T17:27:24+00:00\",\"dateModified\":\"2025-06-24T21:10:09+00:00\",\"breadcrumb\":{\"@id\":\"https:\/\/rioonwatch.org.br\/?p=78100#breadcrumb\"},\"inLanguage\":\"pt-BR\",\"potentialAction\":[{\"@type\":\"ReadAction\",\"target\":[\"https:\/\/rioonwatch.org.br\/?p=78100\"]}]},{\"@type\":\"ImageObject\",\"inLanguage\":\"pt-BR\",\"@id\":\"https:\/\/rioonwatch.org.br\/?p=78100#primaryimage\",\"url\":\"https:\/\/rioonwatch.org.br\/wp-content\/uploads\/2025\/05\/Projeto-comecou-embaixo-de-arvore-no-Complexo-do-Salgueiro-ate-conseguirem-uma-sede-para-acoes-com-mulheres-no-territorio.-Foto-Lorena-Aguete.jpeg\",\"contentUrl\":\"https:\/\/rioonwatch.org.br\/wp-content\/uploads\/2025\/05\/Projeto-comecou-embaixo-de-arvore-no-Complexo-do-Salgueiro-ate-conseguirem-uma-sede-para-acoes-com-mulheres-no-territorio.-Foto-Lorena-Aguete.jpeg\",\"width\":1600,\"height\":1066,\"caption\":\"Projeto come\u00e7ou embaixo de \u00e1rvore no Complexo do Salgueiro at\u00e9 conseguirem uma sede para a\u00e7\u00f5es com mulheres no territ\u00f3rio. Foto: Lorena Aguete\"},{\"@type\":\"BreadcrumbList\",\"@id\":\"https:\/\/rioonwatch.org.br\/?p=78100#breadcrumb\",\"itemListElement\":[{\"@type\":\"ListItem\",\"position\":1,\"name\":\"In\u00edcio\",\"item\":\"https:\/\/rioonwatch.org.br\/\"},{\"@type\":\"ListItem\",\"position\":2,\"name\":\"&#8216;A Gente Atua com G\u00eanero e Clima&#8217;: Conhe\u00e7a o Espa\u00e7o Gaia no Complexo do Salgueiro, em S\u00e3o Gon\u00e7alo\"}]},{\"@type\":\"WebSite\",\"@id\":\"https:\/\/rioonwatch.org.br\/#website\",\"url\":\"https:\/\/rioonwatch.org.br\/\",\"name\":\"RioOnWatch\",\"description\":\"relatos das favelas cariocas\",\"publisher\":{\"@id\":\"https:\/\/rioonwatch.org.br\/#organization\"},\"potentialAction\":[{\"@type\":\"SearchAction\",\"target\":{\"@type\":\"EntryPoint\",\"urlTemplate\":\"https:\/\/rioonwatch.org.br\/?s={search_term_string}\"},\"query-input\":{\"@type\":\"PropertyValueSpecification\",\"valueRequired\":true,\"valueName\":\"search_term_string\"}}],\"inLanguage\":\"pt-BR\"},{\"@type\":\"Organization\",\"@id\":\"https:\/\/rioonwatch.org.br\/#organization\",\"name\":\"RioOnWatch\",\"url\":\"https:\/\/rioonwatch.org.br\/\",\"logo\":{\"@type\":\"ImageObject\",\"inLanguage\":\"pt-BR\",\"@id\":\"https:\/\/rioonwatch.org.br\/#\/schema\/logo\/image\/\",\"url\":\"https:\/\/rioonwatch.org.br\/wp-content\/uploads\/2021\/06\/RioOnWatchcabecalhoPT11anos-2.png\",\"contentUrl\":\"https:\/\/rioonwatch.org.br\/wp-content\/uploads\/2021\/06\/RioOnWatchcabecalhoPT11anos-2.png\",\"width\":779,\"height\":277,\"caption\":\"RioOnWatch\"},\"image\":{\"@id\":\"https:\/\/rioonwatch.org.br\/#\/schema\/logo\/image\/\"}},{\"@type\":\"Person\",\"@id\":\"https:\/\/rioonwatch.org.br\/#\/schema\/person\/476bc75767957d3535b65b796667cd36\",\"name\":\"Julio Santos Filho\",\"image\":{\"@type\":\"ImageObject\",\"inLanguage\":\"pt-BR\",\"@id\":\"https:\/\/rioonwatch.org.br\/#\/schema\/person\/image\/\",\"url\":\"https:\/\/secure.gravatar.com\/avatar\/ca138f7666182a292a8ce4ca14fb81f8?s=96&d=blank&r=g\",\"contentUrl\":\"https:\/\/secure.gravatar.com\/avatar\/ca138f7666182a292a8ce4ca14fb81f8?s=96&d=blank&r=g\",\"caption\":\"Julio Santos Filho\"},\"url\":\"https:\/\/rioonwatch.org.br\/?author=167\"}]}<\/script>\n<!-- \/ Yoast SEO plugin. -->","yoast_head_json":{"title":"'A Gente Atua com G\u00eanero e Clima': Conhe\u00e7a o Espa\u00e7o Gaia no Complexo do Salgueiro, em S\u00e3o Gon\u00e7alo - RioOnWatch","robots":{"index":"index","follow":"follow","max-snippet":"max-snippet:-1","max-image-preview":"max-image-preview:large","max-video-preview":"max-video-preview:-1"},"canonical":"https:\/\/rioonwatch.org.br\/?p=78100","og_locale":"pt_BR","og_type":"article","og_title":"'A Gente Atua com G\u00eanero e Clima': Conhe\u00e7a o Espa\u00e7o Gaia no Complexo do Salgueiro, em S\u00e3o Gon\u00e7alo - RioOnWatch","og_description":"Click Here for English Esta mat\u00e9ria faz parte de uma\u00a0s\u00e9rie\u00a0gerada por uma parceria com o\u00a0Digital Brazil Project\u00a0do\u00a0Centro Behner Stiefel de Estudos Brasileiros\u00a0da Universidade Estadual de San Diego na Calif\u00f3rnia, para produzir mat\u00e9rias sobre justi\u00e7a ambiental [...]","og_url":"https:\/\/rioonwatch.org.br\/?p=78100","og_site_name":"RioOnWatch","article_published_time":"2025-06-15T17:27:24+00:00","article_modified_time":"2025-06-24T21:10:09+00:00","og_image":[{"width":1600,"height":1066,"url":"https:\/\/rioonwatch.org.br\/wp-content\/uploads\/2025\/05\/Projeto-comecou-embaixo-de-arvore-no-Complexo-do-Salgueiro-ate-conseguirem-uma-sede-para-acoes-com-mulheres-no-territorio.-Foto-Lorena-Aguete.jpeg","type":"image\/jpeg"}],"author":"Julio Santos Filho","twitter_card":"summary_large_image","twitter_misc":{"Escrito por":"Julio Santos Filho","Est. tempo de leitura":"10 minutos"},"schema":{"@context":"https:\/\/schema.org","@graph":[{"@type":"Article","@id":"https:\/\/rioonwatch.org.br\/?p=78100#article","isPartOf":{"@id":"https:\/\/rioonwatch.org.br\/?p=78100"},"author":{"name":"Julio Santos Filho","@id":"https:\/\/rioonwatch.org.br\/#\/schema\/person\/476bc75767957d3535b65b796667cd36"},"headline":"&#8216;A Gente Atua com G\u00eanero e Clima&#8217;: Conhe\u00e7a o Espa\u00e7o Gaia no Complexo do Salgueiro, em S\u00e3o Gon\u00e7alo","datePublished":"2025-06-15T17:27:24+00:00","dateModified":"2025-06-24T21:10:09+00:00","mainEntityOfPage":{"@id":"https:\/\/rioonwatch.org.br\/?p=78100"},"wordCount":2634,"publisher":{"@id":"https:\/\/rioonwatch.org.br\/#organization"},"image":{"@id":"https:\/\/rioonwatch.org.br\/?p=78100#primaryimage"},"thumbnailUrl":"https:\/\/rioonwatch.org.br\/wp-content\/uploads\/2025\/05\/Projeto-comecou-embaixo-de-arvore-no-Complexo-do-Salgueiro-ate-conseguirem-uma-sede-para-acoes-com-mulheres-no-territorio.-Foto-Lorena-Aguete.jpeg","keywords":["agrofloresta","alimenta\u00e7\u00e3o","catadores","Complexo do Salgueiro","dados","educa\u00e7\u00e3o ambiental","Favela de Itaoca","g\u00eanero","gest\u00e3o de res\u00edduos","Grande Rio","horta comunit\u00e1ria","Jardim Catarina","Justi\u00e7a Clim\u00e1tica","Leste Fluminense","Lix\u00e3o","mudan\u00e7as clim\u00e1ticas","perfil","pesquisa","Ponto de Cultura","Racismo ambiental","saneamento","S\u00e3o Gon\u00e7alo","sa\u00fade","sa\u00fade mental","seguran\u00e7a alimentar","S\u00e9rie Apoiada pelo Centro Behner Stiefel\/SDSU","solu\u00e7\u00e3o","solu\u00e7\u00e3o comunit\u00e1ria","Trabalho e renda","Vigil\u00e2ncia Sanit\u00e1ria"],"articleSection":["*Destaque","Entrevistas e Perfis","Escrito por Comunicadores Populares","Justi\u00e7a Clim\u00e1tica","Sociedade Civil","Solu\u00e7\u00f5es","Sustentabilidade"],"inLanguage":"pt-BR"},{"@type":"WebPage","@id":"https:\/\/rioonwatch.org.br\/?p=78100","url":"https:\/\/rioonwatch.org.br\/?p=78100","name":"'A Gente Atua com G\u00eanero e Clima': Conhe\u00e7a o Espa\u00e7o Gaia no Complexo do Salgueiro, em S\u00e3o Gon\u00e7alo - RioOnWatch","isPartOf":{"@id":"https:\/\/rioonwatch.org.br\/#website"},"primaryImageOfPage":{"@id":"https:\/\/rioonwatch.org.br\/?p=78100#primaryimage"},"image":{"@id":"https:\/\/rioonwatch.org.br\/?p=78100#primaryimage"},"thumbnailUrl":"https:\/\/rioonwatch.org.br\/wp-content\/uploads\/2025\/05\/Projeto-comecou-embaixo-de-arvore-no-Complexo-do-Salgueiro-ate-conseguirem-uma-sede-para-acoes-com-mulheres-no-territorio.-Foto-Lorena-Aguete.jpeg","datePublished":"2025-06-15T17:27:24+00:00","dateModified":"2025-06-24T21:10:09+00:00","breadcrumb":{"@id":"https:\/\/rioonwatch.org.br\/?p=78100#breadcrumb"},"inLanguage":"pt-BR","potentialAction":[{"@type":"ReadAction","target":["https:\/\/rioonwatch.org.br\/?p=78100"]}]},{"@type":"ImageObject","inLanguage":"pt-BR","@id":"https:\/\/rioonwatch.org.br\/?p=78100#primaryimage","url":"https:\/\/rioonwatch.org.br\/wp-content\/uploads\/2025\/05\/Projeto-comecou-embaixo-de-arvore-no-Complexo-do-Salgueiro-ate-conseguirem-uma-sede-para-acoes-com-mulheres-no-territorio.-Foto-Lorena-Aguete.jpeg","contentUrl":"https:\/\/rioonwatch.org.br\/wp-content\/uploads\/2025\/05\/Projeto-comecou-embaixo-de-arvore-no-Complexo-do-Salgueiro-ate-conseguirem-uma-sede-para-acoes-com-mulheres-no-territorio.-Foto-Lorena-Aguete.jpeg","width":1600,"height":1066,"caption":"Projeto come\u00e7ou embaixo de \u00e1rvore no Complexo do Salgueiro at\u00e9 conseguirem uma sede para a\u00e7\u00f5es com mulheres no territ\u00f3rio. Foto: Lorena Aguete"},{"@type":"BreadcrumbList","@id":"https:\/\/rioonwatch.org.br\/?p=78100#breadcrumb","itemListElement":[{"@type":"ListItem","position":1,"name":"In\u00edcio","item":"https:\/\/rioonwatch.org.br\/"},{"@type":"ListItem","position":2,"name":"&#8216;A Gente Atua com G\u00eanero e Clima&#8217;: Conhe\u00e7a o Espa\u00e7o Gaia no Complexo do Salgueiro, em S\u00e3o Gon\u00e7alo"}]},{"@type":"WebSite","@id":"https:\/\/rioonwatch.org.br\/#website","url":"https:\/\/rioonwatch.org.br\/","name":"RioOnWatch","description":"relatos das favelas cariocas","publisher":{"@id":"https:\/\/rioonwatch.org.br\/#organization"},"potentialAction":[{"@type":"SearchAction","target":{"@type":"EntryPoint","urlTemplate":"https:\/\/rioonwatch.org.br\/?s={search_term_string}"},"query-input":{"@type":"PropertyValueSpecification","valueRequired":true,"valueName":"search_term_string"}}],"inLanguage":"pt-BR"},{"@type":"Organization","@id":"https:\/\/rioonwatch.org.br\/#organization","name":"RioOnWatch","url":"https:\/\/rioonwatch.org.br\/","logo":{"@type":"ImageObject","inLanguage":"pt-BR","@id":"https:\/\/rioonwatch.org.br\/#\/schema\/logo\/image\/","url":"https:\/\/rioonwatch.org.br\/wp-content\/uploads\/2021\/06\/RioOnWatchcabecalhoPT11anos-2.png","contentUrl":"https:\/\/rioonwatch.org.br\/wp-content\/uploads\/2021\/06\/RioOnWatchcabecalhoPT11anos-2.png","width":779,"height":277,"caption":"RioOnWatch"},"image":{"@id":"https:\/\/rioonwatch.org.br\/#\/schema\/logo\/image\/"}},{"@type":"Person","@id":"https:\/\/rioonwatch.org.br\/#\/schema\/person\/476bc75767957d3535b65b796667cd36","name":"Julio Santos Filho","image":{"@type":"ImageObject","inLanguage":"pt-BR","@id":"https:\/\/rioonwatch.org.br\/#\/schema\/person\/image\/","url":"https:\/\/secure.gravatar.com\/avatar\/ca138f7666182a292a8ce4ca14fb81f8?s=96&d=blank&r=g","contentUrl":"https:\/\/secure.gravatar.com\/avatar\/ca138f7666182a292a8ce4ca14fb81f8?s=96&d=blank&r=g","caption":"Julio Santos Filho"},"url":"https:\/\/rioonwatch.org.br\/?author=167"}]}},"_links":{"self":[{"href":"https:\/\/rioonwatch.org.br\/index.php?rest_route=\/wp\/v2\/posts\/78100"}],"collection":[{"href":"https:\/\/rioonwatch.org.br\/index.php?rest_route=\/wp\/v2\/posts"}],"about":[{"href":"https:\/\/rioonwatch.org.br\/index.php?rest_route=\/wp\/v2\/types\/post"}],"author":[{"embeddable":true,"href":"https:\/\/rioonwatch.org.br\/index.php?rest_route=\/wp\/v2\/users\/167"}],"replies":[{"embeddable":true,"href":"https:\/\/rioonwatch.org.br\/index.php?rest_route=%2Fwp%2Fv2%2Fcomments&post=78100"}],"version-history":[{"count":39,"href":"https:\/\/rioonwatch.org.br\/index.php?rest_route=\/wp\/v2\/posts\/78100\/revisions"}],"predecessor-version":[{"id":78477,"href":"https:\/\/rioonwatch.org.br\/index.php?rest_route=\/wp\/v2\/posts\/78100\/revisions\/78477"}],"wp:featuredmedia":[{"embeddable":true,"href":"https:\/\/rioonwatch.org.br\/index.php?rest_route=\/wp\/v2\/media\/78122"}],"wp:attachment":[{"href":"https:\/\/rioonwatch.org.br\/index.php?rest_route=%2Fwp%2Fv2%2Fmedia&parent=78100"}],"wp:term":[{"taxonomy":"category","embeddable":true,"href":"https:\/\/rioonwatch.org.br\/index.php?rest_route=%2Fwp%2Fv2%2Fcategories&post=78100"},{"taxonomy":"post_tag","embeddable":true,"href":"https:\/\/rioonwatch.org.br\/index.php?rest_route=%2Fwp%2Fv2%2Ftags&post=78100"},{"taxonomy":"writer","embeddable":true,"href":"https:\/\/rioonwatch.org.br\/index.php?rest_route=%2Fwp%2Fv2%2Fwriter&post=78100"},{"taxonomy":"translator","embeddable":true,"href":"https:\/\/rioonwatch.org.br\/index.php?rest_route=%2Fwp%2Fv2%2Ftranslator&post=78100"},{"taxonomy":"source","embeddable":true,"href":"https:\/\/rioonwatch.org.br\/index.php?rest_route=%2Fwp%2Fv2%2Fsource&post=78100"},{"taxonomy":"ilustrador","embeddable":true,"href":"https:\/\/rioonwatch.org.br\/index.php?rest_route=%2Fwp%2Fv2%2Filustrador&post=78100"},{"taxonomy":"fotografo","embeddable":true,"href":"https:\/\/rioonwatch.org.br\/index.php?rest_route=%2Fwp%2Fv2%2Ffotografo&post=78100"}],"curies":[{"name":"wp","href":"https:\/\/api.w.org\/{rel}","templated":true}]}}