{"id":78248,"date":"2025-07-08T15:04:20","date_gmt":"2025-07-08T18:04:20","guid":{"rendered":"https:\/\/rioonwatch.org.br\/?p=78248"},"modified":"2025-08-11T12:16:43","modified_gmt":"2025-08-11T15:16:43","slug":"o-catarinao-novo-jornal-comunitario-trabalha-memoria-e-identidade-do-jardim-catarina-maior-bairro-de-sao-goncalo","status":"publish","type":"post","link":"https:\/\/rioonwatch.org.br\/?p=78248","title":{"rendered":"&#8216;O Catarin\u00e3o&#8217;: Novo Jornal Comunit\u00e1rio Trabalha Mem\u00f3ria e Identidade do Jardim Catarina, Maior Bairro de S\u00e3o Gon\u00e7alo"},"content":{"rendered":"<figure id=\"attachment_78622\" aria-describedby=\"caption-attachment-78622\" style=\"width: 1920px\" class=\"wp-caption aligncenter\"><a href=\"https:\/\/rioonwatch.org.br\/wp-content\/uploads\/2025\/07\/Morador-le-jornal-O-Catarinao-distribuido-gratuitamente-no-bairro-de-Sao-Gonlalo.-Foto-Samara-Oliveira-scaled-1.jpg\"><img fetchpriority=\"high\" decoding=\"async\" class=\"wp-image-78622 size-full\" title=\"Morador l\u00ea jornal 'O Catarin\u00e3o', distribu\u00eddo gratuitamente no maior bairro de S\u00e3o Gon\u00e7alo. Foto: Samara Oliveira\" src=\"https:\/\/rioonwatch.org.br\/wp-content\/uploads\/2025\/07\/Morador-le-jornal-O-Catarinao-distribuido-gratuitamente-no-bairro-de-Sao-Gonlalo.-Foto-Samara-Oliveira-scaled-1.jpg\" alt=\"Morador l\u00ea jornal 'O Catarin\u00e3o', distribu\u00eddo gratuitamente no maior bairro de S\u00e3o Gon\u00e7alo. Foto: Samara Oliveira\" width=\"1920\" height=\"1424\" srcset=\"https:\/\/rioonwatch.org.br\/wp-content\/uploads\/2025\/07\/Morador-le-jornal-O-Catarinao-distribuido-gratuitamente-no-bairro-de-Sao-Gonlalo.-Foto-Samara-Oliveira-scaled-1.jpg 1920w, https:\/\/rioonwatch.org.br\/wp-content\/uploads\/2025\/07\/Morador-le-jornal-O-Catarinao-distribuido-gratuitamente-no-bairro-de-Sao-Gonlalo.-Foto-Samara-Oliveira-scaled-1-620x460.jpg 620w, https:\/\/rioonwatch.org.br\/wp-content\/uploads\/2025\/07\/Morador-le-jornal-O-Catarinao-distribuido-gratuitamente-no-bairro-de-Sao-Gonlalo.-Foto-Samara-Oliveira-scaled-1-768x570.jpg 768w, https:\/\/rioonwatch.org.br\/wp-content\/uploads\/2025\/07\/Morador-le-jornal-O-Catarinao-distribuido-gratuitamente-no-bairro-de-Sao-Gonlalo.-Foto-Samara-Oliveira-scaled-1-1536x1139.jpg 1536w, https:\/\/rioonwatch.org.br\/wp-content\/uploads\/2025\/07\/Morador-le-jornal-O-Catarinao-distribuido-gratuitamente-no-bairro-de-Sao-Gonlalo.-Foto-Samara-Oliveira-scaled-1-80x60.jpg 80w\" sizes=\"(max-width: 1920px) 100vw, 1920px\" \/><\/a><figcaption id=\"caption-attachment-78622\" class=\"wp-caption-text\">Morador l\u00ea jornal <em>O Catarin\u00e3o<\/em>, distribu\u00eddo gratuitamente no maior bairro de S\u00e3o Gon\u00e7alo. Foto: Samara Oliveira<\/figcaption><\/figure>\n<h4 style=\"text-align: right;\"><a href=\"https:\/\/bit.ly\/41AbaB9\" target=\"_blank\" rel=\"noopener\"><em><strong>Click Here for English<img decoding=\"async\" class=\"alignright wp-image-15790\" src=\"https:\/\/rioonwatch.org.br\/wp-content\/uploads\/2012\/08\/EN-standard-e1439583104716.jpg\" alt=\"\" width=\"20\" height=\"20\" \/><\/strong><\/em><\/a><\/h4>\n<p><em>Esta mat\u00e9ria faz parte de uma s\u00e9rie sobre\u00a0<a href=\"https:\/\/rioonwatch.org.br\/?tag=serie-comunicacao-comunitaria\" target=\"_blank\" rel=\"noopener noreferrer\">ve\u00edculos de comunica\u00e7\u00e3o comunit\u00e1ria<\/a>.\u00a0<\/em><\/p>\n<p><span style=\"font-weight: 400;\">Lan\u00e7ado em outubro de 2024, o jornal <a href=\"https:\/\/bit.ly\/4dXHtPF\" target=\"_blank\" rel=\"noopener\"><em>O Catarin\u00e3o<\/em><\/a> retrata o <a href=\"https:\/\/bit.ly\/2OfxrSB\" target=\"_blank\" rel=\"noopener\">Jardim Catarina<\/a>, em <a href=\"https:\/\/bit.ly\/2zvYph5\" target=\"_blank\" rel=\"noopener\">S\u00e3o Gon\u00e7alo<\/a>, cidade do <a href=\"https:\/\/bit.ly\/3V4qXG5\" target=\"_blank\" rel=\"noopener\">Leste Fluminense<\/a>, no <a href=\"https:\/\/bit.ly\/304NeGi\" target=\"_blank\" rel=\"noopener\">Grande Rio<\/a>, com informa\u00e7\u00f5es pertinentes para os moradores, al\u00e9m de promover o resgate da hist\u00f3ria, da mem\u00f3ria e da identidade do territ\u00f3rio. Com 6.000 exemplares mensais<\/span><span style=\"font-weight: 400;\">, o impresso criado pela jornalista Samara Oliveira tem como objetivo promover o <a href=\"https:\/\/bit.ly\/2Xgzmbx\" target=\"_blank\" rel=\"noopener\">sentimento de pertencimento<\/a> por meio de informa\u00e7\u00f5es de qualidade sobre a regi\u00e3o. Al\u00e9m disso, O Catarin\u00e3o \u00e9 uma ferramenta de luta de uma regi\u00e3o perif\u00e9rica, que busca potencializar as vozes e reivindicar direitos dos moradores.<\/span><\/p>\n<p><iframe src=\"https:\/\/drive.google.com\/file\/d\/1LZ4db_yyKn2fBel1vamRvNemCOJDKcxg\/preview\" width=\"515\" height=\"650\"><span data-mce-type=\"bookmark\" style=\"display: inline-block; width: 0px; overflow: hidden; line-height: 0;\" class=\"mce_SELRES_start\">\ufeff<\/span><span data-mce-type=\"bookmark\" style=\"display: inline-block; width: 0px; overflow: hidden; line-height: 0;\" class=\"mce_SELRES_start\">\ufeff<\/span><\/iframe><\/p>\n<p><span style=\"font-weight: 400;\">A idealizadora do projeto \u00e9 cria do Jardim Catarina e acredita que a comunica\u00e7\u00e3o pode trazer transforma\u00e7\u00f5es para o territ\u00f3rio. De acordo com Samara, a motiva\u00e7\u00e3o para criar o jornal surgiu do inc\u00f4modo com a forma que seu territ\u00f3rio era retratado pelas m\u00eddias tradicionais: sempre pela chave da viol\u00eancia e da criminalidade, <a href=\"https:\/\/bit.ly\/MareBunkerPotencia\" target=\"_blank\" rel=\"noopener\">ignorando toda a pot\u00eancia<\/a> que constr\u00f3i o territ\u00f3rio.<\/span><\/p>\n<blockquote><p><span style=\"font-weight: 400;\">\u201cA comunica\u00e7\u00e3o \u00e9 capaz de mudar realidades. Uma coisa que sempre me incomodou sobre o Jardim Catarina \u00e9 a falta de conhecimento das pessoas sobre a hist\u00f3ria do territ\u00f3rio. Eu acho que todo jornal de favela acaba tendo como ponto de partida para a sua cria\u00e7\u00e3o o inc\u00f4modo de como a <a href=\"https:\/\/bit.ly\/2KFIy3x\" target=\"_blank\" rel=\"noopener\">m\u00eddia hegem\u00f4nica trata<\/a> a nossa favela, nosso territ\u00f3rio&#8230; <em>O Catarin\u00e3o<\/em> nasce a partir desse inc\u00f4modo, de saber que \u00e9 um territ\u00f3rio muito rico, com uma hist\u00f3ria muito rica e pouco conhecida pelos moradores. Cresci sempre muito inquieta sobre a hist\u00f3ria do Jardim Catarina. Ent\u00e3o, o ponto principal foi esse resgate de mem\u00f3ria e identidade.\u201d \u2014 Samara Oliveira\u00a0<\/span><\/p><\/blockquote>\n<p>Distribu\u00eddo gratuitamente, o processo de produ\u00e7\u00e3o do jornal \u00e9 feito por uma equipe fixa de sete pessoas, entre rep\u00f3rteres, produtores e profissionais de m\u00eddias sociais, al\u00e9m de volunt\u00e1rios. \u201cMuito disso sou eu que fa\u00e7o, mas as outras pessoas tamb\u00e9m [fazem muito pelo <em>O Catarin\u00e3o<\/em>]. Sem elas, eu n\u00e3o conseguiria fazer tudo,\u201d afirma Samara.<\/p>\n<p><iframe src=\"https:\/\/drive.google.com\/file\/d\/1zU5bDDL6CAPsx9M1vYmbWwt8thkRDBlQ\/preview\" width=\"515\" height=\"650\"><span data-mce-type=\"bookmark\" style=\"display: inline-block; width: 0px; overflow: hidden; line-height: 0;\" class=\"mce_SELRES_start\">\ufeff<\/span><\/iframe><\/p>\n<p>Considerado o <a href=\"https:\/\/bit.ly\/45oThpZ\" target=\"_blank\" rel=\"noopener\">maior loteamento da Am\u00e9rica Latina<\/a> e o bairro mais populoso de S\u00e3o Gon\u00e7alo, o Jardim Catarina enfrenta muitos problemas corriqueiros que causam preju\u00edzo e impactam a sa\u00fade dos moradores na regi\u00e3o. \u00c9 o caso, por exemplo, dos frequentes alagamentos que <a href=\"https:\/\/bit.ly\/3IcZaem\" target=\"_blank\" rel=\"noopener\">atingem S\u00e3o Gon\u00e7alo<\/a> e outras cidades do Grande Rio em todos os ver\u00f5es. Problemas geralmente invis\u00edveis para a m\u00eddia tradicional e para o Estado. \u201cNo ver\u00e3o, no in\u00edcio do ano, a gente fez [reportagens] sobre as chuvas de ver\u00e3o e os constantes alagamentos que acontecem no Jardim Catarina&#8230; Explicamos por que isso acontece e trouxemos tamb\u00e9m o contexto hist\u00f3rico\u201d, explica Samara.<\/p>\n<p>Como todo ve\u00edculo de <a href=\"https:\/\/bit.ly\/3OSs5rV\" target=\"_blank\" rel=\"noopener\">comunica\u00e7\u00e3o comunit\u00e1ria<\/a>, os <a href=\"https:\/\/bit.ly\/3anZqdl\" target=\"_blank\" rel=\"noopener\">desafios s\u00e3o enormes<\/a> para manter suas atividades em funcionamento.<\/p>\n<blockquote><p>\u201cOs desafios est\u00e3o sempre voltados \u00e0 falta de verba, de dinheiro, porque, por mais que apare\u00e7am muitas pessoas querendo investir e colocar dinheiro, a gente n\u00e3o pode aceitar qualquer oferta. Costumo falar que al\u00e9m do desafio de chegar ao dinheiro, \u00e9 chegar a recursos de uma maneira que se alinhe com os nossos valores&#8230; Entre os muitos impactos que um ve\u00edculo de favela pode trazer para o territ\u00f3rio, [est\u00e1] o resgate da mem\u00f3ria e da identidade, que s\u00e3o objetivos principais. Informamos as pessoas sobre a hist\u00f3ria do Jardim Catarina, desde como surgiu, enquanto um loteamento, como se desenvolveu at\u00e9 chegar ao que \u00e9 hoje. Esse ve\u00edculo de not\u00edcia \u00e9 fundamental para informar a popula\u00e7\u00e3o do <a href=\"https:\/\/bit.ly\/4mUxtL0\" target=\"_blank\" rel=\"noopener\">bairro mais populoso de S\u00e3o Gon\u00e7alo<\/a>.\u201d \u2014 Samara Oliveira<\/p><\/blockquote>\n<figure id=\"attachment_78595\" aria-describedby=\"caption-attachment-78595\" style=\"width: 1920px\" class=\"wp-caption aligncenter\"><a href=\"https:\/\/rioonwatch.org.br\/wp-content\/uploads\/2025\/07\/Samara-Oliveira-e-jornalista-e-fundadora-do-jornal-Catarinao.-Foto-Arquivo-O-Catarinao-scaled.jpg\"><img decoding=\"async\" class=\"wp-image-78595 size-full\" title=\"Uma das miss\u00f5es d'O Catarin\u00e3o \u00e9 resgatar a mem\u00f3ria e a identidade do territ\u00f3rio, diz Samara Oliveira, jornalista e fundadora do jornal. Foto: Arquivo 'O Catarin\u00e3o'\" src=\"https:\/\/rioonwatch.org.br\/wp-content\/uploads\/2025\/07\/Samara-Oliveira-e-jornalista-e-fundadora-do-jornal-Catarinao.-Foto-Arquivo-O-Catarinao-scaled.jpg\" alt=\"Uma das miss\u00f5es d'O Catarin\u00e3o \u00e9 resgatar a mem\u00f3ria e a identidade do territ\u00f3rio, diz Samara Oliveira, jornalista e fundadora do jornal. Foto: Arquivo 'O Catarin\u00e3o'\" width=\"1920\" height=\"2560\" srcset=\"https:\/\/rioonwatch.org.br\/wp-content\/uploads\/2025\/07\/Samara-Oliveira-e-jornalista-e-fundadora-do-jornal-Catarinao.-Foto-Arquivo-O-Catarinao-scaled.jpg 1920w, https:\/\/rioonwatch.org.br\/wp-content\/uploads\/2025\/07\/Samara-Oliveira-e-jornalista-e-fundadora-do-jornal-Catarinao.-Foto-Arquivo-O-Catarinao-465x620.jpg 465w, https:\/\/rioonwatch.org.br\/wp-content\/uploads\/2025\/07\/Samara-Oliveira-e-jornalista-e-fundadora-do-jornal-Catarinao.-Foto-Arquivo-O-Catarinao-1125x1500.jpg 1125w, https:\/\/rioonwatch.org.br\/wp-content\/uploads\/2025\/07\/Samara-Oliveira-e-jornalista-e-fundadora-do-jornal-Catarinao.-Foto-Arquivo-O-Catarinao-768x1024.jpg 768w, https:\/\/rioonwatch.org.br\/wp-content\/uploads\/2025\/07\/Samara-Oliveira-e-jornalista-e-fundadora-do-jornal-Catarinao.-Foto-Arquivo-O-Catarinao-1152x1536.jpg 1152w, https:\/\/rioonwatch.org.br\/wp-content\/uploads\/2025\/07\/Samara-Oliveira-e-jornalista-e-fundadora-do-jornal-Catarinao.-Foto-Arquivo-O-Catarinao-1536x2048.jpg 1536w\" sizes=\"(max-width: 1920px) 100vw, 1920px\" \/><\/a><figcaption id=\"caption-attachment-78595\" class=\"wp-caption-text\">Uma das miss\u00f5es d&#8217;<em>O Catarin\u00e3o<\/em> \u00e9 resgatar a mem\u00f3ria e a identidade do territ\u00f3rio, diz Samara Oliveira, jornalista e fundadora do jornal. Foto: Arquivo <em>O Catarin\u00e3o<\/em><\/figcaption><\/figure>\n<p>De acordo com a criadora do jornal, n\u00e3o h\u00e1 um limite de edi\u00e7\u00f5es a serem produzidas, mas h\u00e1 um esfor\u00e7o para trabalhar o pertencimento \u00e0 regi\u00e3o a partir das mem\u00f3rias do territ\u00f3rio. \u201cDepois que a gente entender que a galera t\u00e1 munida de informa\u00e7\u00e3o e conhecimento sobre a hist\u00f3ria do seu pr\u00f3prio bairro, a\u00ed a gente traz as coisas mais factuais\u201d, afirma Samara.<\/p>\n<blockquote><p>\u201cQuando a gente foi distribuir o jornal, tinha um senhor sentado na cal\u00e7ada. Distribu\u00edmos para ele tamb\u00e9m. Depois, eu percebi que ele estava chorando, emocionado, olhando para o jornal. A\u00ed, eu cheguei perto, perguntei se estava tudo bem e ele falou que sim, muito emocionado, porque o amigo dele, Marcos Delfim, foi lembrado e estava sendo retratado ali no jornal. Marcos Delfim foi o primeiro jornalista do Jardim Catarina a fazer um jornal e, coincid\u00eancia ou n\u00e3o da ancestralidade ou do universo, Marcos Delfim era meu tio.\u201d \u2014 Samara Oliveira<\/p><\/blockquote>\n<p>O tio da jovem faleceu, mas enquanto viveu coordenou o jornal <em>Folha Popular<\/em>. Samara diz que n\u00e3o tem informa\u00e7\u00f5es sobre quanto tempo durou o jornal que o tio desenvolveu no territ\u00f3rio, uma vez que sua fam\u00edlia tamb\u00e9m n\u00e3o tem registros desse trabalho.<\/p>\n<p>J\u00e1 o atual <em>O Catarin\u00e3o<\/em> passou a ter edi\u00e7\u00f5es bimestrais em raz\u00e3o dos recursos necess\u00e1rios para impress\u00e3o. Na primeira edi\u00e7\u00e3o, o projeto ganhou uma verba de uma organiza\u00e7\u00e3o que j\u00e1 visava a publica\u00e7\u00e3o de edi\u00e7\u00e3o do jornal. No primeiro material, o foco foi a desinforma\u00e7\u00e3o nas elei\u00e7\u00f5es. Com a verba, mais duas edi\u00e7\u00f5es do jornal foram impressas, sendo a \u00faltima com foco em desinforma\u00e7\u00e3o ambiental. A edi\u00e7\u00e3o deste bimestre est\u00e1 sendo produzida neste momento.<\/p>\n<p>Como ferramenta de transforma\u00e7\u00e3o no territ\u00f3rio, <em>O Catarin\u00e3o<\/em> busca potencializar as vozes faveladas na garantia de direitos.<\/p>\n<blockquote><p>\u201cA gente j\u00e1 provoca, a gente j\u00e1 reivindica direitos quando a gente est\u00e1 ali, e tamb\u00e9m traz isso na mat\u00e9ria. Quando a gente informa o direito daquele morador.\u201d \u2014 Samara Oliveira<\/p><\/blockquote>\n<p>Para o futuro, as expectativas s\u00e3o realizar grandes reportagens. \u201cPara n\u00e3o ser s\u00f3 um jornal que \u00e9 entregue de m\u00e3o em m\u00e3o na rua, mas ser uma ferramenta que mobiliza e traz luta para poder fazer melhorias no territ\u00f3rio mesmo\u201d, sinaliza Samara.<\/p>\n<p>Al\u00e9m disso, o jornal busca a formaliza\u00e7\u00e3o e poder remunerar os colaboradores. Tamb\u00e9m existe o objetivo de transformar a iniciativa em um instituto, que passaria a ter um alcance mais amplo em seus campos de atua\u00e7\u00e3o.<\/p>\n<blockquote><p>\u201cExiste o plano sobre como a gente quer impactar para al\u00e9m do jornal, para al\u00e9m da comunica\u00e7\u00e3o. Vejo <em>O Catarin\u00e3o<\/em> como um instituto que faz um trabalho ali, com pessoas que fazem uso abusivo de \u00e1lcool e outras drogas, talvez trabalhando ali no <a href=\"https:\/\/bit.ly\/4f7ktNP\" target=\"_blank\" rel=\"noopener\">combate \u00e0 fome<\/a> tamb\u00e9m, pensando de alguma maneira que seja n\u00e3o s\u00f3 uma distribui\u00e7\u00e3o de cesta b\u00e1sica, por exemplo, mas fazer <a href=\"https:\/\/bit.ly\/3eC1pYX\" target=\"_blank\" rel=\"noopener\">gera\u00e7\u00e3o de renda<\/a> com essas pessoas.\u201d \u2014 Samara Oliveira<\/p><\/blockquote>\n<p>Desde que come\u00e7ou a ser distribu\u00eddo, o jornal inspira a simpatia dos moradores da regi\u00e3o. \u201cAs pessoas receberam sempre muito bem, com muita empolga\u00e7\u00e3o e entusiasmo. Sempre que percebiam que era um jornal do Jardim Catarina, voltavam para falar com a gente, para perguntar mais sobre como \u00e9 feito, quem est\u00e1 por tr\u00e1s. Percebo ali que existe um grande potencial de ser uma <a href=\"https:\/\/bit.ly\/3ZmAIRl\" target=\"_blank\" rel=\"noopener\">ferramenta de mobiliza\u00e7\u00e3o<\/a>, por que o que \u00e9 comunica\u00e7\u00e3o popular, sen\u00e3o isso?\u201d, destaca a fundadora.<\/p>\n<p><iframe src=\"https:\/\/drive.google.com\/file\/d\/1pAzkhEKRlvooQ48Y_7BEbh8Eu1vMENCV\/preview\" width=\"515\" height=\"650\"><span data-mce-type=\"bookmark\" style=\"display: inline-block; width: 0px; overflow: hidden; line-height: 0;\" class=\"mce_SELRES_start\">\ufeff<\/span><\/iframe><\/p>\n<p>De toda a equipe, Samara \u00e9 a \u00fanica jornalista. Ela acredita que <em>O Catarin\u00e3o<\/em> deve informar de maneira \u00e9tica, com precis\u00e3o e qualidade. \u201cTenho essa grande responsabilidade. Primeiro, al\u00e9m de fazer com qualidade e precis\u00e3o, com uma linguagem n\u00e3o s\u00f3 acess\u00edvel, mas tamb\u00e9m rica de conhecimento para as pessoas. Eu sei que a gente tem que trazer a linguagem para dentro mesmo, a linguagem de periferia, de favela, por\u00e9m, tamb\u00e9m \u00e9 importante a gente adicionar vocabul\u00e1rio para as pessoas que est\u00e3o lendo,\u201d frisa, apontando que h\u00e1 uma p\u00e1gina no jornal intitulada \u201cQue Nomes S\u00e3o Esses\u201d, com um gloss\u00e1rio das palavras usadas e que o leitor pode encontrar na edi\u00e7\u00e3o.<\/p>\n<p>H\u00e1 mais de 20 anos atuando no bairro, o jornaleiro Oscar da Silva Lima, de 57 anos, fala sobre como tem colaborado com <em>O Catarin\u00e3o<\/em>. Ele tem sido respons\u00e1vel por um dos pontos de distribui\u00e7\u00e3o dos exemplares: sua banca de jornal. \u201cQuem leu o jornal gostou de saber da hist\u00f3ria do bairro. As pessoas gostam,\u201d afirma Oscar.\u00a0Para ele, \u00e9 fundamental manter o jornal impresso, sobretudo na Era da internet e dos aparelhos celulares.<\/p>\n<blockquote><p>\u201cHoje em dia, tudo \u00e9 celular. A pessoa levanta e j\u00e1 est\u00e1 com o celular na cabeceira da cama, a\u00ed n\u00e3o vai mais para banca de jornal.\u201d \u2014 Oscar da Silva Lima<\/p><\/blockquote>\n<p>O dono da banca destaca a estrat\u00e9gia usada para fazer o jornal alcan\u00e7ar mais moradores do bairro. \u201cEu fa\u00e7o assim: a pessoa vem aqui comprar outro jornal, eu aproveito e j\u00e1 coloco um <em>O Catarin\u00e3o<\/em>. Mas v\u00eam pessoas aqui pedir o jornal e eu entrego tamb\u00e9m. Tudo o que for para informar sobre o bairro \u00e9 muito bom\u201d, ele conta.<\/p>\n<figure id=\"attachment_78627\" aria-describedby=\"caption-attachment-78627\" style=\"width: 1200px\" class=\"wp-caption aligncenter\"><a href=\"https:\/\/rioonwatch.org.br\/wp-content\/uploads\/2025\/07\/Oscar-e-comerciante-e-tem-uma-banca-de-jornal-onde-ajuda-a-distribuir-exemplares-de-O-Catarinao.-Foto-Synara-Azevedo-1.jpeg\"><img loading=\"lazy\" decoding=\"async\" class=\"wp-image-78627 size-full\" title=\"Oscar \u00e9 comerciante e tem uma banca de jornal, onde ajuda a distribuir exemplares de 'O Catarin\u00e3o'. Foto: Synara Azevedo\" src=\"https:\/\/rioonwatch.org.br\/wp-content\/uploads\/2025\/07\/Oscar-e-comerciante-e-tem-uma-banca-de-jornal-onde-ajuda-a-distribuir-exemplares-de-O-Catarinao.-Foto-Synara-Azevedo-1.jpeg\" alt=\"Oscar \u00e9 comerciante e tem uma banca de jornal, onde ajuda a distribuir exemplares de 'O Catarin\u00e3o'. Foto: Synara Azevedo\" width=\"1200\" height=\"978\" srcset=\"https:\/\/rioonwatch.org.br\/wp-content\/uploads\/2025\/07\/Oscar-e-comerciante-e-tem-uma-banca-de-jornal-onde-ajuda-a-distribuir-exemplares-de-O-Catarinao.-Foto-Synara-Azevedo-1.jpeg 1200w, https:\/\/rioonwatch.org.br\/wp-content\/uploads\/2025\/07\/Oscar-e-comerciante-e-tem-uma-banca-de-jornal-onde-ajuda-a-distribuir-exemplares-de-O-Catarinao.-Foto-Synara-Azevedo-1-620x505.jpeg 620w, https:\/\/rioonwatch.org.br\/wp-content\/uploads\/2025\/07\/Oscar-e-comerciante-e-tem-uma-banca-de-jornal-onde-ajuda-a-distribuir-exemplares-de-O-Catarinao.-Foto-Synara-Azevedo-1-768x626.jpeg 768w\" sizes=\"(max-width: 1200px) 100vw, 1200px\" \/><\/a><figcaption id=\"caption-attachment-78627\" class=\"wp-caption-text\">Oscar \u00e9 comerciante e tem uma banca de jornal, onde ajuda a distribuir exemplares de <em>O Catarin\u00e3o<\/em>. Foto: Synara Azevedo<\/figcaption><\/figure>\n<p>Por outro lado, leitores conseguem acessar o jornal em uma s\u00e9rie de outros espa\u00e7os de refer\u00eancia na comunidade. \u00c9 o que diz Lucas Siqueira Gon\u00e7alves, 27 anos, morador, ator, professor de geografia, que afirma sempre encontrar o jornal em pontos de distribui\u00e7\u00e3o, como lojas de materiais de constru\u00e7\u00e3o, mercados da regi\u00e3o, sem conta com a distribui\u00e7\u00e3o, feita pela pr\u00f3pria equipe: \u201cLembro de quando eu era pequeno, ainda n\u00e3o entendia muito bem essa quest\u00e3o de prefeito, como funcionava. Eu falava que eu queria ser prefeito do Jardim Catarina, porque queria sempre uma evolu\u00e7\u00e3o, um progresso para esse bairro. Quando eu vejo <em>O Catarin\u00e3o<\/em>, um jornal dedicado pro Jardim Catarina, \u00e9 uma emo\u00e7\u00e3o gigantesca de ver que n\u00e3o estou sozinho nessa luta pelo bairro&#8221;. Lucas diz que se identifica com as hist\u00f3rias contadas pelo jornal do Jardim Catarina.<\/p>\n<blockquote><p>\u201cExiste uma pluralidade ali de hist\u00f3rias, de not\u00edcias. Ent\u00e3o, eu acho que isso faz com que eu me identifique ainda mais com <em>O Catarin\u00e3o<\/em>, sabe? E tem ainda essa paix\u00e3o pelo bairro, que eu levo tamb\u00e9m por esse jornal, pelo <em>O Catarin\u00e3o<\/em>. Porque, de fato, no Jardim Catarina, sendo o maior loteamento da Am\u00e9rica Latina, existe uma diversidade grande de hist\u00f3rias, de not\u00edcias que abrangem muitas fam\u00edlias e de acontecimentos que afetam a comunidade.&#8221; \u2014 Lucas Siqueira Gon\u00e7alves<\/p><\/blockquote>\n<p>Para o professor e morador, chama a aten\u00e7\u00e3o a vers\u00e3o digital do jornal, que tamb\u00e9m funciona por meio de um site. \u201cA gente consegue compartilhar de forma virtual tamb\u00e9m, n\u00e3o s\u00f3 de hist\u00f3ria falada, mas tamb\u00e9m de modo que a rede social faz com que o compartilhamento dessas not\u00edcias chegue mais nas pessoas\u201d, diz Lucas, ressaltando a linguagem usada no jornal como \u201cperfeitamente acess\u00edvel e compreens\u00edvel, tanto para pessoas que n\u00e3o t\u00eam muita instru\u00e7\u00e3o, quanto para pessoas que t\u00eam\u201d.<\/p>\n<p>Entre os temas abordados no jornal, o professor afirma que gosta das curiosidades sobre o bairro: \u201cSaber que antigamente era uma fazenda de laranja e o porqu\u00ea do nome Jardim Catarina. S\u00e3o sempre essas curiosidades hist\u00f3ricas com as quais mais me identifico.\u201d<\/p>\n<p>Confirmando a vis\u00e3o de Lucas, Samara Oliveira conta que o jornal \u00e9 muito bem recebido pelos moradores e afirma que ele tem o apoio da comunidade do Jardim Catarina. Segundo ela, isso se deve ao fato de que, antes d&#8217; <em>O Catarin\u00e3o<\/em>, os moradores <a href=\"https:\/\/bit.ly\/4kHplfs\" target=\"_blank\" rel=\"noopener\">n\u00e3o viam as narrativas do territ\u00f3rio veiculadas<\/a> na m\u00eddia. O mesmo fator que levou Samara a fundar o jornal faz O Catarin\u00e3o ser bem aceito por seus vizinhos no Jardim Catarina.<\/p>\n<blockquote><p>\u201cA gente recebe apoios da maneira que a comunidade pode ajudar, seja divulgando ou com alguns empreendedores pedindo para deixar exemplares nos seus estabelecimentos para distribui\u00e7\u00e3o, porque, de fato, gostaram e apoiam a iniciativa. A gente recebe mensagem pelas redes sociais pedindo para deixar jornais l\u00e1, ou ent\u00e3o sobre como \u00e9 que faz para vir buscar. A gente foi abra\u00e7ado pela comunidade. Nunca tive d\u00favidas de que isso aconteceria, mas, de fato, \u00e9 muito bom ver acontecendo.\u201d \u2014 Samara Oliveira<\/p><\/blockquote>\n<p><em>Sobre o autor:\u00a0<a href=\"https:\/\/bit.ly\/42EoKTz\" target=\"_blank\" rel=\"noopener\">Igor Soares<\/a> \u00e9 cria do Morro do Borel e jornalista pela Universidade Federal do Rio de Janeiro (UFRJ). Atualmente, contribui com o #Colabora e atua como freelancer. Tem experi\u00eancia em cobertura de cidades, direitos humanos e seguran\u00e7a p\u00fablica, j\u00e1 tendo passado pela reda\u00e7\u00e3o do Estad\u00e3o, do Portal iG e produzido reportagens para a Folha de S\u00e3o Paulo.<\/em><\/p>\n<hr \/>\n<h4><b data-stringify-type=\"bold\">Apoie nossos esfor\u00e7os para fornecer apoio estrat\u00e9gico \u00e0s favelas do Rio, incluindo o jornalismo hiperlocal, cr\u00edtico, inovador e incans\u00e1vel do\u00a0<\/b><b data-stringify-type=\"bold\"><i data-stringify-type=\"italic\">RioOnWatch<\/i><\/b>\u2014<a class=\"c-link\" href=\"http:\/\/www.bit.ly\/ApoieROW\" target=\"_blank\" rel=\"noopener noreferrer\" data-stringify-link=\"http:\/\/www.bit.ly\/ApoieROW\" data-sk=\"tooltip_parent\">doe aqui<\/a>.<\/h4>\n<!-- AddThis Advanced Settings generic via filter on the_content --><!-- AddThis Share Buttons generic via filter on the_content -->","protected":false},"excerpt":{"rendered":"<div class=\"mh-excerpt\"><p>Click Here for English Esta mat\u00e9ria faz parte de uma s\u00e9rie sobre\u00a0ve\u00edculos de comunica\u00e7\u00e3o comunit\u00e1ria.\u00a0 Lan\u00e7ado em outubro de 2024, o jornal O Catarin\u00e3o retrata o Jardim Catarina, em S\u00e3o Gon\u00e7alo, cidade do Leste Fluminense, <a class=\"mh-excerpt-more\" href=\"https:\/\/rioonwatch.org.br\/?p=78248\" title=\"&#8216;O Catarin\u00e3o&#8217;: Novo Jornal Comunit\u00e1rio Trabalha Mem\u00f3ria e Identidade do Jardim Catarina, Maior Bairro de S\u00e3o Gon\u00e7alo\">[&#8230;]<\/a><!-- AddThis Advanced Settings generic via filter on get_the_excerpt --><!-- AddThis Share Buttons generic via filter on get_the_excerpt --><\/p>\n<\/div>","protected":false},"author":167,"featured_media":78622,"comment_status":"closed","ping_status":"closed","sticky":false,"template":"template-full.php","format":"standard","meta":{"_acf_changed":false,"_monsterinsights_skip_tracking":false,"_monsterinsights_sitenote_active":false,"_monsterinsights_sitenote_note":"","_monsterinsights_sitenote_category":0,"footnotes":""},"categories":[1621,1625,1613,1616,342],"tags":[965,2278,1372,2818,1578,469,3533,1760,231,2539,1344],"writer":[3415],"translator":[],"source":[],"ilustrador":[],"fotografo":[],"class_list":{"0":"post-78248","1":"post","2":"type-post","3":"status-publish","4":"format-standard","5":"has-post-thumbnail","7":"category-destaque","8":"category-por-correspondentes-comunitarios","9":"category-midia-comunitaria","10":"category-qualidades-da-favela","11":"category-solucoes","12":"tag-enchente","13":"tag-ferramentas-para-mobilizacao","14":"tag-grande-rio","15":"tag-jardim-catarina","16":"tag-leste-fluminense","17":"tag-memoria","18":"tag-mudanca-de-narrativa","19":"tag-narrativa-midiatica","20":"tag-sao-goncalo","21":"tag-sentimento-de-pertencimento","22":"tag-serie-comunicacao-comunitaria","23":"writer-igor-soares"},"acf":[],"yoast_head":"<!-- This site is optimized with the Yoast SEO plugin v25.6 - https:\/\/yoast.com\/wordpress\/plugins\/seo\/ -->\n<title>&#039;O Catarin\u00e3o&#039;: Novo Jornal Comunit\u00e1rio Trabalha Mem\u00f3ria e Identidade do Jardim Catarina, Maior Bairro de S\u00e3o Gon\u00e7alo - RioOnWatch<\/title>\n<meta name=\"robots\" content=\"index, follow, max-snippet:-1, max-image-preview:large, max-video-preview:-1\" \/>\n<link rel=\"canonical\" href=\"https:\/\/rioonwatch.org.br\/?p=78248\" \/>\n<meta property=\"og:locale\" content=\"pt_BR\" \/>\n<meta property=\"og:type\" content=\"article\" \/>\n<meta property=\"og:title\" content=\"&#039;O Catarin\u00e3o&#039;: Novo Jornal Comunit\u00e1rio Trabalha Mem\u00f3ria e Identidade do Jardim Catarina, Maior Bairro de S\u00e3o Gon\u00e7alo - RioOnWatch\" \/>\n<meta property=\"og:description\" content=\"Click Here for English Esta mat\u00e9ria faz parte de uma s\u00e9rie sobre\u00a0ve\u00edculos de comunica\u00e7\u00e3o comunit\u00e1ria.\u00a0 Lan\u00e7ado em outubro de 2024, o jornal O Catarin\u00e3o retrata o Jardim Catarina, em S\u00e3o Gon\u00e7alo, cidade do Leste Fluminense, [...]\" \/>\n<meta property=\"og:url\" content=\"https:\/\/rioonwatch.org.br\/?p=78248\" \/>\n<meta property=\"og:site_name\" content=\"RioOnWatch\" \/>\n<meta property=\"article:published_time\" content=\"2025-07-08T18:04:20+00:00\" \/>\n<meta property=\"article:modified_time\" content=\"2025-08-11T15:16:43+00:00\" \/>\n<meta property=\"og:image\" content=\"https:\/\/rioonwatch.org.br\/wp-content\/uploads\/2025\/07\/Morador-le-jornal-O-Catarinao-distribuido-gratuitamente-no-bairro-de-Sao-Gonlalo.-Foto-Samara-Oliveira-scaled-1.jpg\" \/>\n\t<meta property=\"og:image:width\" content=\"1920\" \/>\n\t<meta property=\"og:image:height\" content=\"1424\" \/>\n\t<meta property=\"og:image:type\" content=\"image\/jpeg\" \/>\n<meta name=\"author\" content=\"Julio Santos Filho\" \/>\n<meta name=\"twitter:card\" content=\"summary_large_image\" \/>\n<meta name=\"twitter:label1\" content=\"Escrito por\" \/>\n\t<meta name=\"twitter:data1\" content=\"Julio Santos Filho\" \/>\n\t<meta name=\"twitter:label2\" content=\"Est. tempo de leitura\" \/>\n\t<meta name=\"twitter:data2\" content=\"9 minutos\" \/>\n<script type=\"application\/ld+json\" class=\"yoast-schema-graph\">{\"@context\":\"https:\/\/schema.org\",\"@graph\":[{\"@type\":\"Article\",\"@id\":\"https:\/\/rioonwatch.org.br\/?p=78248#article\",\"isPartOf\":{\"@id\":\"https:\/\/rioonwatch.org.br\/?p=78248\"},\"author\":{\"name\":\"Julio Santos Filho\",\"@id\":\"https:\/\/rioonwatch.org.br\/#\/schema\/person\/476bc75767957d3535b65b796667cd36\"},\"headline\":\"&#8216;O Catarin\u00e3o&#8217;: Novo Jornal Comunit\u00e1rio Trabalha Mem\u00f3ria e Identidade do Jardim Catarina, Maior Bairro de S\u00e3o Gon\u00e7alo\",\"datePublished\":\"2025-07-08T18:04:20+00:00\",\"dateModified\":\"2025-08-11T15:16:43+00:00\",\"mainEntityOfPage\":{\"@id\":\"https:\/\/rioonwatch.org.br\/?p=78248\"},\"wordCount\":2286,\"publisher\":{\"@id\":\"https:\/\/rioonwatch.org.br\/#organization\"},\"image\":{\"@id\":\"https:\/\/rioonwatch.org.br\/?p=78248#primaryimage\"},\"thumbnailUrl\":\"https:\/\/rioonwatch.org.br\/wp-content\/uploads\/2025\/07\/Morador-le-jornal-O-Catarinao-distribuido-gratuitamente-no-bairro-de-Sao-Gonlalo.-Foto-Samara-Oliveira-scaled-1.jpg\",\"keywords\":[\"enchente\",\"ferramentas para mobiliza\u00e7\u00e3o\",\"Grande Rio\",\"Jardim Catarina\",\"Leste Fluminense\",\"Mem\u00f3rias Faveladas\",\"mudan\u00e7a de narrativa\",\"narrativa midi\u00e1tica\",\"S\u00e3o Gon\u00e7alo\",\"sentimento de pertencimento\",\"S\u00e9rie: Perfis de M\u00eddia Comunit\u00e1ria\"],\"articleSection\":[\"*Destaque\",\"Escrito por Comunicadores Populares\",\"M\u00eddia Comunit\u00e1ria\",\"Qualidades da Favela\",\"Solu\u00e7\u00f5es\"],\"inLanguage\":\"pt-BR\"},{\"@type\":\"WebPage\",\"@id\":\"https:\/\/rioonwatch.org.br\/?p=78248\",\"url\":\"https:\/\/rioonwatch.org.br\/?p=78248\",\"name\":\"'O Catarin\u00e3o': Novo Jornal Comunit\u00e1rio Trabalha Mem\u00f3ria e Identidade do Jardim Catarina, Maior Bairro de S\u00e3o Gon\u00e7alo - RioOnWatch\",\"isPartOf\":{\"@id\":\"https:\/\/rioonwatch.org.br\/#website\"},\"primaryImageOfPage\":{\"@id\":\"https:\/\/rioonwatch.org.br\/?p=78248#primaryimage\"},\"image\":{\"@id\":\"https:\/\/rioonwatch.org.br\/?p=78248#primaryimage\"},\"thumbnailUrl\":\"https:\/\/rioonwatch.org.br\/wp-content\/uploads\/2025\/07\/Morador-le-jornal-O-Catarinao-distribuido-gratuitamente-no-bairro-de-Sao-Gonlalo.-Foto-Samara-Oliveira-scaled-1.jpg\",\"datePublished\":\"2025-07-08T18:04:20+00:00\",\"dateModified\":\"2025-08-11T15:16:43+00:00\",\"breadcrumb\":{\"@id\":\"https:\/\/rioonwatch.org.br\/?p=78248#breadcrumb\"},\"inLanguage\":\"pt-BR\",\"potentialAction\":[{\"@type\":\"ReadAction\",\"target\":[\"https:\/\/rioonwatch.org.br\/?p=78248\"]}]},{\"@type\":\"ImageObject\",\"inLanguage\":\"pt-BR\",\"@id\":\"https:\/\/rioonwatch.org.br\/?p=78248#primaryimage\",\"url\":\"https:\/\/rioonwatch.org.br\/wp-content\/uploads\/2025\/07\/Morador-le-jornal-O-Catarinao-distribuido-gratuitamente-no-bairro-de-Sao-Gonlalo.-Foto-Samara-Oliveira-scaled-1.jpg\",\"contentUrl\":\"https:\/\/rioonwatch.org.br\/wp-content\/uploads\/2025\/07\/Morador-le-jornal-O-Catarinao-distribuido-gratuitamente-no-bairro-de-Sao-Gonlalo.-Foto-Samara-Oliveira-scaled-1.jpg\",\"width\":1920,\"height\":1424,\"caption\":\"Morador l\u00ea jornal 'O Catarin\u00e3o', distribu\u00eddo gratuitamente no maior bairro de S\u00e3o Gon\u00e7alo. Foto: Samara Oliveira\"},{\"@type\":\"BreadcrumbList\",\"@id\":\"https:\/\/rioonwatch.org.br\/?p=78248#breadcrumb\",\"itemListElement\":[{\"@type\":\"ListItem\",\"position\":1,\"name\":\"In\u00edcio\",\"item\":\"https:\/\/rioonwatch.org.br\/\"},{\"@type\":\"ListItem\",\"position\":2,\"name\":\"&#8216;O Catarin\u00e3o&#8217;: Novo Jornal Comunit\u00e1rio Trabalha Mem\u00f3ria e Identidade do Jardim Catarina, Maior Bairro de S\u00e3o Gon\u00e7alo\"}]},{\"@type\":\"WebSite\",\"@id\":\"https:\/\/rioonwatch.org.br\/#website\",\"url\":\"https:\/\/rioonwatch.org.br\/\",\"name\":\"RioOnWatch\",\"description\":\"relatos das favelas cariocas\",\"publisher\":{\"@id\":\"https:\/\/rioonwatch.org.br\/#organization\"},\"potentialAction\":[{\"@type\":\"SearchAction\",\"target\":{\"@type\":\"EntryPoint\",\"urlTemplate\":\"https:\/\/rioonwatch.org.br\/?s={search_term_string}\"},\"query-input\":{\"@type\":\"PropertyValueSpecification\",\"valueRequired\":true,\"valueName\":\"search_term_string\"}}],\"inLanguage\":\"pt-BR\"},{\"@type\":\"Organization\",\"@id\":\"https:\/\/rioonwatch.org.br\/#organization\",\"name\":\"RioOnWatch\",\"url\":\"https:\/\/rioonwatch.org.br\/\",\"logo\":{\"@type\":\"ImageObject\",\"inLanguage\":\"pt-BR\",\"@id\":\"https:\/\/rioonwatch.org.br\/#\/schema\/logo\/image\/\",\"url\":\"https:\/\/rioonwatch.org.br\/wp-content\/uploads\/2021\/06\/RioOnWatchcabecalhoPT11anos-2.png\",\"contentUrl\":\"https:\/\/rioonwatch.org.br\/wp-content\/uploads\/2021\/06\/RioOnWatchcabecalhoPT11anos-2.png\",\"width\":779,\"height\":277,\"caption\":\"RioOnWatch\"},\"image\":{\"@id\":\"https:\/\/rioonwatch.org.br\/#\/schema\/logo\/image\/\"}},{\"@type\":\"Person\",\"@id\":\"https:\/\/rioonwatch.org.br\/#\/schema\/person\/476bc75767957d3535b65b796667cd36\",\"name\":\"Julio Santos Filho\",\"image\":{\"@type\":\"ImageObject\",\"inLanguage\":\"pt-BR\",\"@id\":\"https:\/\/rioonwatch.org.br\/#\/schema\/person\/image\/\",\"url\":\"https:\/\/secure.gravatar.com\/avatar\/ca138f7666182a292a8ce4ca14fb81f8?s=96&d=blank&r=g\",\"contentUrl\":\"https:\/\/secure.gravatar.com\/avatar\/ca138f7666182a292a8ce4ca14fb81f8?s=96&d=blank&r=g\",\"caption\":\"Julio Santos Filho\"},\"url\":\"https:\/\/rioonwatch.org.br\/?author=167\"}]}<\/script>\n<!-- \/ Yoast SEO plugin. -->","yoast_head_json":{"title":"'O Catarin\u00e3o': Novo Jornal Comunit\u00e1rio Trabalha Mem\u00f3ria e Identidade do Jardim Catarina, Maior Bairro de S\u00e3o Gon\u00e7alo - RioOnWatch","robots":{"index":"index","follow":"follow","max-snippet":"max-snippet:-1","max-image-preview":"max-image-preview:large","max-video-preview":"max-video-preview:-1"},"canonical":"https:\/\/rioonwatch.org.br\/?p=78248","og_locale":"pt_BR","og_type":"article","og_title":"'O Catarin\u00e3o': Novo Jornal Comunit\u00e1rio Trabalha Mem\u00f3ria e Identidade do Jardim Catarina, Maior Bairro de S\u00e3o Gon\u00e7alo - RioOnWatch","og_description":"Click Here for English Esta mat\u00e9ria faz parte de uma s\u00e9rie sobre\u00a0ve\u00edculos de comunica\u00e7\u00e3o comunit\u00e1ria.\u00a0 Lan\u00e7ado em outubro de 2024, o jornal O Catarin\u00e3o retrata o Jardim Catarina, em S\u00e3o Gon\u00e7alo, cidade do Leste Fluminense, [...]","og_url":"https:\/\/rioonwatch.org.br\/?p=78248","og_site_name":"RioOnWatch","article_published_time":"2025-07-08T18:04:20+00:00","article_modified_time":"2025-08-11T15:16:43+00:00","og_image":[{"width":1920,"height":1424,"url":"https:\/\/rioonwatch.org.br\/wp-content\/uploads\/2025\/07\/Morador-le-jornal-O-Catarinao-distribuido-gratuitamente-no-bairro-de-Sao-Gonlalo.-Foto-Samara-Oliveira-scaled-1.jpg","type":"image\/jpeg"}],"author":"Julio Santos Filho","twitter_card":"summary_large_image","twitter_misc":{"Escrito por":"Julio Santos Filho","Est. tempo de leitura":"9 minutos"},"schema":{"@context":"https:\/\/schema.org","@graph":[{"@type":"Article","@id":"https:\/\/rioonwatch.org.br\/?p=78248#article","isPartOf":{"@id":"https:\/\/rioonwatch.org.br\/?p=78248"},"author":{"name":"Julio Santos Filho","@id":"https:\/\/rioonwatch.org.br\/#\/schema\/person\/476bc75767957d3535b65b796667cd36"},"headline":"&#8216;O Catarin\u00e3o&#8217;: Novo Jornal Comunit\u00e1rio Trabalha Mem\u00f3ria e Identidade do Jardim Catarina, Maior Bairro de S\u00e3o Gon\u00e7alo","datePublished":"2025-07-08T18:04:20+00:00","dateModified":"2025-08-11T15:16:43+00:00","mainEntityOfPage":{"@id":"https:\/\/rioonwatch.org.br\/?p=78248"},"wordCount":2286,"publisher":{"@id":"https:\/\/rioonwatch.org.br\/#organization"},"image":{"@id":"https:\/\/rioonwatch.org.br\/?p=78248#primaryimage"},"thumbnailUrl":"https:\/\/rioonwatch.org.br\/wp-content\/uploads\/2025\/07\/Morador-le-jornal-O-Catarinao-distribuido-gratuitamente-no-bairro-de-Sao-Gonlalo.-Foto-Samara-Oliveira-scaled-1.jpg","keywords":["enchente","ferramentas para mobiliza\u00e7\u00e3o","Grande Rio","Jardim Catarina","Leste Fluminense","Mem\u00f3rias Faveladas","mudan\u00e7a de narrativa","narrativa midi\u00e1tica","S\u00e3o Gon\u00e7alo","sentimento de pertencimento","S\u00e9rie: Perfis de M\u00eddia Comunit\u00e1ria"],"articleSection":["*Destaque","Escrito por Comunicadores Populares","M\u00eddia Comunit\u00e1ria","Qualidades da Favela","Solu\u00e7\u00f5es"],"inLanguage":"pt-BR"},{"@type":"WebPage","@id":"https:\/\/rioonwatch.org.br\/?p=78248","url":"https:\/\/rioonwatch.org.br\/?p=78248","name":"'O Catarin\u00e3o': Novo Jornal Comunit\u00e1rio Trabalha Mem\u00f3ria e Identidade do Jardim Catarina, Maior Bairro de S\u00e3o Gon\u00e7alo - RioOnWatch","isPartOf":{"@id":"https:\/\/rioonwatch.org.br\/#website"},"primaryImageOfPage":{"@id":"https:\/\/rioonwatch.org.br\/?p=78248#primaryimage"},"image":{"@id":"https:\/\/rioonwatch.org.br\/?p=78248#primaryimage"},"thumbnailUrl":"https:\/\/rioonwatch.org.br\/wp-content\/uploads\/2025\/07\/Morador-le-jornal-O-Catarinao-distribuido-gratuitamente-no-bairro-de-Sao-Gonlalo.-Foto-Samara-Oliveira-scaled-1.jpg","datePublished":"2025-07-08T18:04:20+00:00","dateModified":"2025-08-11T15:16:43+00:00","breadcrumb":{"@id":"https:\/\/rioonwatch.org.br\/?p=78248#breadcrumb"},"inLanguage":"pt-BR","potentialAction":[{"@type":"ReadAction","target":["https:\/\/rioonwatch.org.br\/?p=78248"]}]},{"@type":"ImageObject","inLanguage":"pt-BR","@id":"https:\/\/rioonwatch.org.br\/?p=78248#primaryimage","url":"https:\/\/rioonwatch.org.br\/wp-content\/uploads\/2025\/07\/Morador-le-jornal-O-Catarinao-distribuido-gratuitamente-no-bairro-de-Sao-Gonlalo.-Foto-Samara-Oliveira-scaled-1.jpg","contentUrl":"https:\/\/rioonwatch.org.br\/wp-content\/uploads\/2025\/07\/Morador-le-jornal-O-Catarinao-distribuido-gratuitamente-no-bairro-de-Sao-Gonlalo.-Foto-Samara-Oliveira-scaled-1.jpg","width":1920,"height":1424,"caption":"Morador l\u00ea jornal 'O Catarin\u00e3o', distribu\u00eddo gratuitamente no maior bairro de S\u00e3o Gon\u00e7alo. Foto: Samara Oliveira"},{"@type":"BreadcrumbList","@id":"https:\/\/rioonwatch.org.br\/?p=78248#breadcrumb","itemListElement":[{"@type":"ListItem","position":1,"name":"In\u00edcio","item":"https:\/\/rioonwatch.org.br\/"},{"@type":"ListItem","position":2,"name":"&#8216;O Catarin\u00e3o&#8217;: Novo Jornal Comunit\u00e1rio Trabalha Mem\u00f3ria e Identidade do Jardim Catarina, Maior Bairro de S\u00e3o Gon\u00e7alo"}]},{"@type":"WebSite","@id":"https:\/\/rioonwatch.org.br\/#website","url":"https:\/\/rioonwatch.org.br\/","name":"RioOnWatch","description":"relatos das favelas cariocas","publisher":{"@id":"https:\/\/rioonwatch.org.br\/#organization"},"potentialAction":[{"@type":"SearchAction","target":{"@type":"EntryPoint","urlTemplate":"https:\/\/rioonwatch.org.br\/?s={search_term_string}"},"query-input":{"@type":"PropertyValueSpecification","valueRequired":true,"valueName":"search_term_string"}}],"inLanguage":"pt-BR"},{"@type":"Organization","@id":"https:\/\/rioonwatch.org.br\/#organization","name":"RioOnWatch","url":"https:\/\/rioonwatch.org.br\/","logo":{"@type":"ImageObject","inLanguage":"pt-BR","@id":"https:\/\/rioonwatch.org.br\/#\/schema\/logo\/image\/","url":"https:\/\/rioonwatch.org.br\/wp-content\/uploads\/2021\/06\/RioOnWatchcabecalhoPT11anos-2.png","contentUrl":"https:\/\/rioonwatch.org.br\/wp-content\/uploads\/2021\/06\/RioOnWatchcabecalhoPT11anos-2.png","width":779,"height":277,"caption":"RioOnWatch"},"image":{"@id":"https:\/\/rioonwatch.org.br\/#\/schema\/logo\/image\/"}},{"@type":"Person","@id":"https:\/\/rioonwatch.org.br\/#\/schema\/person\/476bc75767957d3535b65b796667cd36","name":"Julio Santos Filho","image":{"@type":"ImageObject","inLanguage":"pt-BR","@id":"https:\/\/rioonwatch.org.br\/#\/schema\/person\/image\/","url":"https:\/\/secure.gravatar.com\/avatar\/ca138f7666182a292a8ce4ca14fb81f8?s=96&d=blank&r=g","contentUrl":"https:\/\/secure.gravatar.com\/avatar\/ca138f7666182a292a8ce4ca14fb81f8?s=96&d=blank&r=g","caption":"Julio Santos Filho"},"url":"https:\/\/rioonwatch.org.br\/?author=167"}]}},"_links":{"self":[{"href":"https:\/\/rioonwatch.org.br\/index.php?rest_route=\/wp\/v2\/posts\/78248"}],"collection":[{"href":"https:\/\/rioonwatch.org.br\/index.php?rest_route=\/wp\/v2\/posts"}],"about":[{"href":"https:\/\/rioonwatch.org.br\/index.php?rest_route=\/wp\/v2\/types\/post"}],"author":[{"embeddable":true,"href":"https:\/\/rioonwatch.org.br\/index.php?rest_route=\/wp\/v2\/users\/167"}],"replies":[{"embeddable":true,"href":"https:\/\/rioonwatch.org.br\/index.php?rest_route=%2Fwp%2Fv2%2Fcomments&post=78248"}],"version-history":[{"count":48,"href":"https:\/\/rioonwatch.org.br\/index.php?rest_route=\/wp\/v2\/posts\/78248\/revisions"}],"predecessor-version":[{"id":78972,"href":"https:\/\/rioonwatch.org.br\/index.php?rest_route=\/wp\/v2\/posts\/78248\/revisions\/78972"}],"wp:featuredmedia":[{"embeddable":true,"href":"https:\/\/rioonwatch.org.br\/index.php?rest_route=\/wp\/v2\/media\/78622"}],"wp:attachment":[{"href":"https:\/\/rioonwatch.org.br\/index.php?rest_route=%2Fwp%2Fv2%2Fmedia&parent=78248"}],"wp:term":[{"taxonomy":"category","embeddable":true,"href":"https:\/\/rioonwatch.org.br\/index.php?rest_route=%2Fwp%2Fv2%2Fcategories&post=78248"},{"taxonomy":"post_tag","embeddable":true,"href":"https:\/\/rioonwatch.org.br\/index.php?rest_route=%2Fwp%2Fv2%2Ftags&post=78248"},{"taxonomy":"writer","embeddable":true,"href":"https:\/\/rioonwatch.org.br\/index.php?rest_route=%2Fwp%2Fv2%2Fwriter&post=78248"},{"taxonomy":"translator","embeddable":true,"href":"https:\/\/rioonwatch.org.br\/index.php?rest_route=%2Fwp%2Fv2%2Ftranslator&post=78248"},{"taxonomy":"source","embeddable":true,"href":"https:\/\/rioonwatch.org.br\/index.php?rest_route=%2Fwp%2Fv2%2Fsource&post=78248"},{"taxonomy":"ilustrador","embeddable":true,"href":"https:\/\/rioonwatch.org.br\/index.php?rest_route=%2Fwp%2Fv2%2Filustrador&post=78248"},{"taxonomy":"fotografo","embeddable":true,"href":"https:\/\/rioonwatch.org.br\/index.php?rest_route=%2Fwp%2Fv2%2Ffotografo&post=78248"}],"curies":[{"name":"wp","href":"https:\/\/api.w.org\/{rel}","templated":true}]}}