{"id":78332,"date":"2025-06-20T17:59:36","date_gmt":"2025-06-20T20:59:36","guid":{"rendered":"https:\/\/rioonwatch.org.br\/?p=78332"},"modified":"2025-07-08T12:54:38","modified_gmt":"2025-07-08T15:54:38","slug":"a-gente-ta-fazendo-no-micro-porque-tem-muita-gente-destruindo-no-macro-teto-verde-favela-une-arte-clima-e-meio-ambiente-em-tarde-cultural-no-parque-arara-em-benfica","status":"publish","type":"post","link":"https:\/\/rioonwatch.org.br\/?p=78332","title":{"rendered":"\u2018A Gente T\u00e1 Fazendo no Micro Porque Tem Muita Gente Destruindo no Macro\u2019: Teto Verde Favela Une Arte, Clima e Meio Ambiente em Tarde Cultural no Parque Arar\u00e1, em Benfica"},"content":{"rendered":"<figure id=\"attachment_78341\" aria-describedby=\"caption-attachment-78341\" style=\"width: 1280px\" class=\"wp-caption aligncenter\"><a href=\"https:\/\/rioonwatch.org.br\/wp-content\/uploads\/2025\/06\/Atraindo-liderancas-comunitarias-empreendedores-e-ativistas-de-diferentes-favelas-do-Rio-o-evento-organizado-pelo-Teto-Verde-difundiu-solucoes-de-base-comunitaria-para-questoes-sociais-e-ambientais.jpeg\"><img fetchpriority=\"high\" decoding=\"async\" class=\"wp-image-78341 size-full\" title=\"Reunindo lideran\u00e7as comunit\u00e1rias, empreendedores e ativistas de diferentes favelas do Rio, o evento organizado pelo Teto Verde Favela ajudou a difundir conhecimentos e solu\u00e7\u00f5es socioambientais de base comunit\u00e1ria. Foto: Amanda Baroni\" src=\"https:\/\/rioonwatch.org.br\/wp-content\/uploads\/2025\/06\/Atraindo-liderancas-comunitarias-empreendedores-e-ativistas-de-diferentes-favelas-do-Rio-o-evento-organizado-pelo-Teto-Verde-difundiu-solucoes-de-base-comunitaria-para-questoes-sociais-e-ambientais.jpeg\" alt=\"Reunindo lideran\u00e7as comunit\u00e1rias, empreendedores e ativistas de diferentes favelas do Rio, o evento organizado pelo Teto Verde Favela ajudou a difundir conhecimentos e solu\u00e7\u00f5es socioambientais de base comunit\u00e1ria. Foto: Amanda Baroni\" width=\"1280\" height=\"720\" srcset=\"https:\/\/rioonwatch.org.br\/wp-content\/uploads\/2025\/06\/Atraindo-liderancas-comunitarias-empreendedores-e-ativistas-de-diferentes-favelas-do-Rio-o-evento-organizado-pelo-Teto-Verde-difundiu-solucoes-de-base-comunitaria-para-questoes-sociais-e-ambientais.jpeg 1280w, https:\/\/rioonwatch.org.br\/wp-content\/uploads\/2025\/06\/Atraindo-liderancas-comunitarias-empreendedores-e-ativistas-de-diferentes-favelas-do-Rio-o-evento-organizado-pelo-Teto-Verde-difundiu-solucoes-de-base-comunitaria-para-questoes-sociais-e-ambientais-620x349.jpeg 620w, https:\/\/rioonwatch.org.br\/wp-content\/uploads\/2025\/06\/Atraindo-liderancas-comunitarias-empreendedores-e-ativistas-de-diferentes-favelas-do-Rio-o-evento-organizado-pelo-Teto-Verde-difundiu-solucoes-de-base-comunitaria-para-questoes-sociais-e-ambientais-768x432.jpeg 768w, https:\/\/rioonwatch.org.br\/wp-content\/uploads\/2025\/06\/Atraindo-liderancas-comunitarias-empreendedores-e-ativistas-de-diferentes-favelas-do-Rio-o-evento-organizado-pelo-Teto-Verde-difundiu-solucoes-de-base-comunitaria-para-questoes-sociais-e-ambientais-678x381.jpeg 678w\" sizes=\"(max-width: 1280px) 100vw, 1280px\" \/><\/a><figcaption id=\"caption-attachment-78341\" class=\"wp-caption-text\">Reunindo lideran\u00e7as comunit\u00e1rias, empreendedores e ativistas de diferentes favelas do Rio, o evento organizado pelo Teto Verde Favela ajudou a difundir conhecimentos e solu\u00e7\u00f5es socioambientais de base comunit\u00e1ria. Foto: Amanda Baroni Lopes<\/figcaption><\/figure>\n<h4 style=\"text-align: right;\"><a href=\"https:\/\/bit.ly\/4kgoNvO\" target=\"_blank\" rel=\"noopener\"><em><strong>Click Here for English<img decoding=\"async\" class=\"alignright wp-image-15790\" src=\"https:\/\/rioonwatch.org.br\/wp-content\/uploads\/2012\/08\/EN-standard-e1439583104716.jpg\" alt=\"\" width=\"20\" height=\"20\" \/><\/strong><\/em><\/a><\/h4>\n<p><em><span style=\"font-weight: 400;\">A cada ano, no dia 21 de junho, cada vez mais pessoas pelo mundo comemoram o <a href=\"https:\/\/rioonwatch.org.br\/?p=74500\" target=\"_blank\" rel=\"noopener\">Dia Mundial da Localiza\u00e7\u00e3o<\/a>. Em 2020, a ONG <a href=\"https:\/\/bit.ly\/4n6lpGK\" target=\"_blank\" rel=\"noopener\">Futuros Locais<\/a> (Local Futures) organizou o primeiro Dia Mundial da Localiza\u00e7\u00e3o. In\u00fameros cidad\u00e3os, iniciativas e organiza\u00e7\u00f5es est\u00e3o envolvidos na localiza\u00e7\u00e3o, mesmo que n\u00e3o se enxerguem desta forma. A localiza\u00e7\u00e3o, em termos simples, \u00e9 concentrarmos o nosso foco perto de n\u00f3s\u2014construindo o bem-estar e a autossufici\u00eancia comunit\u00e1ria por meio de sistemas locais de alimenta\u00e7\u00e3o, economia, moradia, conhecimento e muito mais. N\u00e3o se trata de nacionalismo ou isolacionismo, mas sim de nos afastarmos da depend\u00eancia de uma globaliza\u00e7\u00e3o hier\u00e1rquica e focarmos em como podemos fortalecer o mundo, da base para o topo: fortalecendo as nossas comunidades e suas pr\u00f3prias formas de exist\u00eancia e sistemas de produ\u00e7\u00e3o, enquanto os outros fazem o mesmo. Em homenagem ao Dia Mundial da Localiza\u00e7\u00e3o de 2025, o RioOnWatch elaborou essa mat\u00e9ria sobre <i>a difus\u00e3o de conhecimento e tecnologias locais baseadas na natureza na comunidade do Parque Arar\u00e1, em Benfica, Zona Norte do Rio, em um<\/i> evento que comp\u00f4s o <a href=\"https:\/\/worldlocalizationday.org\/events\/\">calend\u00e1rio 2025 do Dia Mundial da Localiza\u00e7\u00e3o<\/a>, agenda mundialmente reconhecida e celebrada por mais de 100 pa\u00edses.<\/span><\/em><\/p>\n<p><span style=\"font-weight: 400;\">No dia 07 de junho, celebrando a Semana Nacional do Meio Ambiente e participando da Agenda Mundial do Dia Mundial da Localiza\u00e7\u00e3o, o projeto <a href=\"https:\/\/rioonwatch.org.br\/?p=53359\" target=\"_blank\" rel=\"noopener\">Teto Verde Favela<\/a> promoveu uma tarde cultural no <a href=\"https:\/\/bit.ly\/2oE7df9\" target=\"_blank\" rel=\"noopener\">Parque Arar\u00e1<\/a>, em <a href=\"https:\/\/bit.ly\/3yOBsC3\" target=\"_blank\" rel=\"noopener\">Benfica<\/a>, <a href=\"https:\/\/bit.ly\/2ETpYR1\" target=\"_blank\" rel=\"noopener\">Zona Norte<\/a> do Rio de Janeiro. A Pra\u00e7a da Nacional (Pra\u00e7a Z\u00e9lia Duarte Borges), localizada na entrada da comunidade, acolheu o evento.\u00a0<\/span><\/p>\n<p><span style=\"font-weight: 400;\">Cerca de 60 pessoas, al\u00e9m dos que circulavam pela pra\u00e7a, participaram do dia de atividades, incluindo ativistas ambientais e lideran\u00e7as comunit\u00e1rias, como Severino Franco, da Amigos do Parque Ecol\u00f3gico da Rocinha (<a href=\"https:\/\/bit.ly\/4e0iISB\" target=\"_blank\" rel=\"noopener\">APER<\/a>); Neuza Nascimento, colunista da <a href=\"https:\/\/bit.ly\/3Ztj7qU\" target=\"_blank\" rel=\"noopener\">Lupa do Bem<\/a>; Emerson Menezes, do coletivo <a href=\"https:\/\/bit.ly\/4kxXFta\" target=\"_blank\" rel=\"noopener\">Erveiros e Erveiras do Salgueiro<\/a>; Claudia Queiroga, do projeto de gastronomia social <a href=\"https:\/\/bit.ly\/4kIoXwX\" target=\"_blank\" rel=\"noopener\">Gastromotiva<\/a>; Al\u00ea Castanheda, Tiririca e Daniel Real, do projeto local Quintal do Arar\u00e1; Val\u00e9ria Santana, pesquisadora de direito da natureza; Sergio Anversa, professor de meio ambiente da Uniabeu; Lenilza Leal, artes\u00e3 e catadora de recicl\u00e1veis; junto de diversos moradores do Parque Arar\u00e1. Apresenta\u00e7\u00f5es de rap, sarau de poesia, palestras e oficinas compuseram a programa\u00e7\u00e3o.<br \/>\n<\/span><\/p>\n<h3>Meio Ambiente na &#8216;Linguagem, Ritmo e Jeito da Favela&#8217;<\/h3>\n<p>Respons\u00e1vel pela organiza\u00e7\u00e3o do evento, o <a href=\"http:\/\/bit.ly\/TetoVerdeVideo\">Teto Verde Favela<\/a> representa uma <a href=\"https:\/\/bit.ly\/2x3Vt6O\" target=\"_blank\" rel=\"noopener\">solu\u00e7\u00e3o de base comunit\u00e1ria<\/a> para as <a href=\"https:\/\/bit.ly\/4mTEawJ\" target=\"_blank\" rel=\"noopener\">ilhas de calor urbanas<\/a>, fen\u00f4meno que tem se agravado com a <a href=\"https:\/\/bit.ly\/4iGbRPE\" target=\"_blank\" rel=\"noopener\">crise clim\u00e1tica<\/a>. Para Luis Cassiano Silva, que criou o projeto em 2012, o encontro neste Dia do Meio Ambiente estimulou a pr\u00e1tica de <a href=\"https:\/\/bit.ly\/3ZX1gsn\" target=\"_blank\" rel=\"noopener\">a\u00e7\u00f5es ambientais<\/a> em favelas\u2014das mais simples, como plantar, \u00e0s mais complexas, como construir e instalar tetos verdes.<\/p>\n<blockquote><p>\u201cTeve um dia que a gente fez uma entrevista para [um portal] da Fran\u00e7a. E a\u00ed eu resolvi inovar: trouxe meu term\u00f4metro a laser para a rua e comecei a medir o ch\u00e3o, os carros, as paredes e at\u00e9 brincar com os moradores: &#8216;Voc\u00ea t\u00e1 dando quanto [a temperatura] do asfalto?&#8217;. A\u00ed as pessoas: &#8217;52\u00ba, 47\u00ba&#8217;. A\u00ed, quando eles viram 67\u00ba, 69\u00ba, eles ficaram surpresos. A\u00ed eu comecei a notar: voc\u00ea n\u00e3o v\u00ea um cachorro vira-lata na rua. E, geralmente, esse calor bate em cima dos telhados tamb\u00e9m. Hoje, a gente t\u00e1 usando muito telhas de metal. Isso vai batendo nessas telhas e vai ampliando a onda de calor que fica em cima de n\u00f3s. Eu sei que eu n\u00e3o vou resolver isso sozinho. A gente t\u00e1 fazendo no micro porque tem muita gente destruindo no macro. E eu entendo que a gente t\u00e1 fazendo [algo] pequeninho, mas isso \u00e9 importante pra caramba. \u00c9 um motivo da gente ficar feliz.\u201d \u2014 Luis Cassiano Silva<\/p><\/blockquote>\n<figure id=\"attachment_78343\" aria-describedby=\"caption-attachment-78343\" style=\"width: 1600px\" class=\"wp-caption aligncenter\"><a href=\"https:\/\/rioonwatch.org.br\/wp-content\/uploads\/2025\/06\/Idealizador-do-projeto-Teto-Verde-Favela-Luis-Cassiano-discutiu-a-importancia-de-sensibilizar-os-moradores-de-favela-sobre-as-tematicas-ambientais-Foto-Amanda-Baroni.jpeg\"><img decoding=\"async\" class=\"wp-image-78343 size-full\" title=\"Idealizador do projeto Teto Verde Favela, Luis Cassiano discutiu a import\u00e2ncia de sensibilizar os moradores de favelas sobre as tem\u00e1ticas ambientais. Foto: Amanda Baroni\u00a0\" src=\"https:\/\/rioonwatch.org.br\/wp-content\/uploads\/2025\/06\/Idealizador-do-projeto-Teto-Verde-Favela-Luis-Cassiano-discutiu-a-importancia-de-sensibilizar-os-moradores-de-favela-sobre-as-tematicas-ambientais-Foto-Amanda-Baroni.jpeg\" alt=\"Idealizador do projeto Teto Verde Favela, Luis Cassiano discutiu a import\u00e2ncia de sensibilizar os moradores de favelas sobre as tem\u00e1ticas ambientais. Foto: Amanda Baroni\u00a0\" width=\"1600\" height=\"900\" srcset=\"https:\/\/rioonwatch.org.br\/wp-content\/uploads\/2025\/06\/Idealizador-do-projeto-Teto-Verde-Favela-Luis-Cassiano-discutiu-a-importancia-de-sensibilizar-os-moradores-de-favela-sobre-as-tematicas-ambientais-Foto-Amanda-Baroni.jpeg 1600w, https:\/\/rioonwatch.org.br\/wp-content\/uploads\/2025\/06\/Idealizador-do-projeto-Teto-Verde-Favela-Luis-Cassiano-discutiu-a-importancia-de-sensibilizar-os-moradores-de-favela-sobre-as-tematicas-ambientais-Foto-Amanda-Baroni-620x349.jpeg 620w, https:\/\/rioonwatch.org.br\/wp-content\/uploads\/2025\/06\/Idealizador-do-projeto-Teto-Verde-Favela-Luis-Cassiano-discutiu-a-importancia-de-sensibilizar-os-moradores-de-favela-sobre-as-tematicas-ambientais-Foto-Amanda-Baroni-768x432.jpeg 768w, https:\/\/rioonwatch.org.br\/wp-content\/uploads\/2025\/06\/Idealizador-do-projeto-Teto-Verde-Favela-Luis-Cassiano-discutiu-a-importancia-de-sensibilizar-os-moradores-de-favela-sobre-as-tematicas-ambientais-Foto-Amanda-Baroni-1536x864.jpeg 1536w, https:\/\/rioonwatch.org.br\/wp-content\/uploads\/2025\/06\/Idealizador-do-projeto-Teto-Verde-Favela-Luis-Cassiano-discutiu-a-importancia-de-sensibilizar-os-moradores-de-favela-sobre-as-tematicas-ambientais-Foto-Amanda-Baroni-678x381.jpeg 678w\" sizes=\"(max-width: 1600px) 100vw, 1600px\" \/><\/a><figcaption id=\"caption-attachment-78343\" class=\"wp-caption-text\">Realizador do projeto Teto Verde Favela, Luis Cassiano discutiu a import\u00e2ncia de sensibilizar os moradores de favelas sobre as tem\u00e1ticas ambientais. Foto: Amanda Baroni Lopes<\/figcaption><\/figure>\n<p><span style=\"font-weight: 400;\">O Parque Arar\u00e1 \u00e9 uma favela situada entre <\/span><span style=\"font-weight: 400;\">os bairros de <a href=\"https:\/\/bit.ly\/4kGAr4h\" target=\"_blank\" rel=\"noopener\">Manguinhos<\/a> e Benfica<\/span><span style=\"font-weight: 400;\">. A proximidade do Parque Arar\u00e1 com a Avenida Brasil\u2014via expressa que concentra <\/span><a href=\"https:\/\/bit.ly\/3HS8FmB\" target=\"_blank\" rel=\"noopener\"><span style=\"font-weight: 400;\">maior fluxo de ve\u00edculos<\/span><\/a><span style=\"font-weight: 400;\"> na cidade do Rio\u2014e com a Refinaria de Manguinhos (Refinaria Refit)\u2014produz calor e emite gases de efeito estufa contribuindo com a ilha de calor evidente na comunidade.\u00a0<\/span><\/p>\n<p>At\u00e9 o momento, o Parque Arar\u00e1 possui apenas duas \u00e1reas verdes, a Pra\u00e7a Matupiri e a Pra\u00e7a da Nacional. Com lideran\u00e7as de Cassiano, a Pra\u00e7a da Nacional se tornou um ponto ambiental na comunidade. H\u00e1, nesta regi\u00e3o, cinco tetos verdes: um na casa de Cassiano, tr\u00eas em estabelecimentos comerciais e um no ponto de motot\u00e1xi da Pra\u00e7a da Nacional. Para Cassiano, o interesse de moradores em implementar a tecnologia do teto verde em seus lares tende a crescer \u00e0 medida que a\u00e7\u00f5es estrat\u00e9gicas de sensibiliza\u00e7\u00e3o \u00e0 tem\u00e1tica ambiental se popularizam na comunidade. Uma destas a\u00e7\u00f5es estrat\u00e9gias, ele afirma, foi a realiza\u00e7\u00e3o do evento do dia 07 de junho.<\/p>\n<figure id=\"attachment_78344\" aria-describedby=\"caption-attachment-78344\" style=\"width: 1600px\" class=\"wp-caption aligncenter\"><a href=\"https:\/\/rioonwatch.org.br\/wp-content\/uploads\/2025\/06\/Na-casa-de-Cassiano-o-primeiro-teto-verde-do-Parque-Arara-representa-o-pontape-de-uma-solucao-local-para-as-ilhas-de-calor-urbanas-Foto-Amanda-Baroni.jpeg\"><img loading=\"lazy\" decoding=\"async\" class=\"wp-image-78344 size-full\" title=\"Na casa de Cassiano, o primeiro teto verde do Parque Arar\u00e1 representa o pontap\u00e9 de uma solu\u00e7\u00e3o local para as ilhas de calor urbanas. Foto: Amanda Baroni\" src=\"https:\/\/rioonwatch.org.br\/wp-content\/uploads\/2025\/06\/Na-casa-de-Cassiano-o-primeiro-teto-verde-do-Parque-Arara-representa-o-pontape-de-uma-solucao-local-para-as-ilhas-de-calor-urbanas-Foto-Amanda-Baroni.jpeg\" alt=\"Na casa de Cassiano, o primeiro teto verde do Parque Arar\u00e1 representa o pontap\u00e9 de uma solu\u00e7\u00e3o local para as ilhas de calor urbanas. Foto: Amanda Baroni\" width=\"1600\" height=\"900\" srcset=\"https:\/\/rioonwatch.org.br\/wp-content\/uploads\/2025\/06\/Na-casa-de-Cassiano-o-primeiro-teto-verde-do-Parque-Arara-representa-o-pontape-de-uma-solucao-local-para-as-ilhas-de-calor-urbanas-Foto-Amanda-Baroni.jpeg 1600w, https:\/\/rioonwatch.org.br\/wp-content\/uploads\/2025\/06\/Na-casa-de-Cassiano-o-primeiro-teto-verde-do-Parque-Arara-representa-o-pontape-de-uma-solucao-local-para-as-ilhas-de-calor-urbanas-Foto-Amanda-Baroni-620x349.jpeg 620w, https:\/\/rioonwatch.org.br\/wp-content\/uploads\/2025\/06\/Na-casa-de-Cassiano-o-primeiro-teto-verde-do-Parque-Arara-representa-o-pontape-de-uma-solucao-local-para-as-ilhas-de-calor-urbanas-Foto-Amanda-Baroni-768x432.jpeg 768w, https:\/\/rioonwatch.org.br\/wp-content\/uploads\/2025\/06\/Na-casa-de-Cassiano-o-primeiro-teto-verde-do-Parque-Arara-representa-o-pontape-de-uma-solucao-local-para-as-ilhas-de-calor-urbanas-Foto-Amanda-Baroni-1536x864.jpeg 1536w, https:\/\/rioonwatch.org.br\/wp-content\/uploads\/2025\/06\/Na-casa-de-Cassiano-o-primeiro-teto-verde-do-Parque-Arara-representa-o-pontape-de-uma-solucao-local-para-as-ilhas-de-calor-urbanas-Foto-Amanda-Baroni-678x381.jpeg 678w\" sizes=\"(max-width: 1600px) 100vw, 1600px\" \/><\/a><figcaption id=\"caption-attachment-78344\" class=\"wp-caption-text\">Sobre a casa de Cassiano, o primeiro teto verde do Parque Arar\u00e1 representa o pontap\u00e9 de uma solu\u00e7\u00e3o local para as ilhas de calor urbanas. Foto: Amanda Baroni Lopes<\/figcaption><\/figure>\n<blockquote><p><span style=\"font-weight: 400;\">\u201cA <a href=\"https:\/\/bit.ly\/3PjaGKs\" target=\"_blank\" rel=\"noopener\">cultura<\/a> serve para aproximar as pessoas pra elas come\u00e7arem a pegar informa\u00e7\u00f5es. Fica mais leve [de introduzir o tema ambiental] do que eu trazer uma por\u00e7\u00e3o de bi\u00f3logos aqui e, de repente, ningu\u00e9m entender nada e achar chato. Quando eu comecei a pesquisar sobre teto verde, consegui encontrar um jeito de falar sobre ambientalismo [de um modo] menos chato. Por isso o nome \u00e9 Teto Verde Favela, porque eu trago para a linguagem, ritmo e jeito da favela.\u201d \u2014 Luis Cassiano Silva<\/span><\/p><\/blockquote>\n<h3>Conhecimento Que N\u00e3o Depende do &#8216;Saber Acad\u00eamico&#8217;<\/h3>\n<p>Uma das atividades promovidas pelo evento foi a visita guiada \u00e0 <a href=\"https:\/\/bit.ly\/4dZQuaT\" target=\"_blank\" rel=\"noopener\">horta comunit\u00e1ria<\/a> Lilian Cecilia, constru\u00edda dentro do espa\u00e7o da Cl\u00ednica da Fam\u00edlia Medalhista Ol\u00edmpico Maur\u00edcio Silva, localizada no Parque Arar\u00e1. A visita foi mediada por Sergio Anversa, professor de meio ambiente e respons\u00e1vel pela horta. O projeto surgiu ap\u00f3s a cl\u00ednica identificar a necessidade de complementar o tratamento de seus pacientes psiqui\u00e1tricos, muitos dos quais s\u00e3o moradores do Parque Arar\u00e1. Inaugurada em abril de 2024, a horta possui esp\u00e9cies como babosa, aroeira, mil-folhas, al\u00e9m de Plantas Aliment\u00edcias N\u00e3o-Convencionais (<a href=\"https:\/\/bit.ly\/4mW29vc\" target=\"_blank\" rel=\"noopener\">PANCs<\/a>) e milho.<\/p>\n<blockquote><p>\u201cA administradora da Cl\u00ednica da Fam\u00edlia solicitou um trabalho [ambiental] para a gente e falou que muitos pacientes da psiquiatria ficavam aguardando [ter um] m\u00e9dico, porque n\u00e3o tinha. Ficavam muito ansiosos. A\u00ed, fiz a proposta da horta para a terceira idade. Ent\u00e3o, ela vem para c\u00e1 na inten\u00e7\u00e3o da gente trabalhar isso, mas n\u00e3o qualquer horta. A gente pensou numa filosofia para ela: a gente escolheu seguran\u00e7a alimentar e sustentabilidade, e buscar a <a href=\"https:\/\/bit.ly\/3ZDYgS9\" target=\"_blank\" rel=\"noopener\">ancestralidade<\/a> dessas pessoas [seus saberes com as ervas] trazendo pra c\u00e1 a concep\u00e7\u00e3o delas. Cada um deixa sua contribui\u00e7\u00e3o.\u201d \u2014 Sergio Anversa<\/p><\/blockquote>\n<p>Com microfone aberto ao p\u00fablico, diferentes lideran\u00e7as e ativistas compartilharam suas experi\u00eancias, destacando que a natureza disp\u00f5e de in\u00fameras solu\u00e7\u00f5es para os desafios vividos por favelas. Para Emerson Menezes, do <a href=\"https:\/\/bit.ly\/4kxXFta\" target=\"_blank\" rel=\"noopener\">coletivo Erveiras e Erveiros do Salgueiro<\/a>, abordar o tema tamb\u00e9m contribui com o resgate de saberes ancestrais, tradicionalmente cultivados de forma popular.<\/p>\n<blockquote><p>\u201cAcho que esse conhecimento sempre existiu e vai continuar existindo <a href=\"https:\/\/bit.ly\/3FS7Vxp\">independentemente da anu\u00eancia do saber acad\u00eamico<\/a>. Pela sua praticidade, inclusividade e por quest\u00f5es tamb\u00e9m de renda. Porque, \u00e0s vezes, moradores de favela n\u00e3o t\u00eam acesso a rem\u00e9dios industrializados [por conta do] custo. Ter acesso a um rem\u00e9dio natural, que voc\u00ea colhe da tua pr\u00f3pria horta, busca dentro de uma \u00e1rea de floresta ou em horta comunit\u00e1ria, \u00e9 muito mais interessante. Ao mesmo tempo, ter a parceria e entendimento da academia de que aquele saber \u00e9 efetivo, eu acho tamb\u00e9m que \u00e9 fant\u00e1stico. Essa integra\u00e7\u00e3o se faz cada vez mais necess\u00e1ria, porque [este saber ancestral] j\u00e1 est\u00e1 institu\u00eddo h\u00e1 muitas gera\u00e7\u00f5es. Em muitos momentos a ci\u00eancia refutou isso, [mas] hoje, quando a gente faz um trabalho [cient\u00edfico] de investiga\u00e7\u00e3o dessas plantas, a gente v\u00ea que as propriedades que nossas av\u00f3s diziam que as plantas tinham s\u00e3o reconhecidas pela academia&#8230; Mas a gente fala que \u00e9 imprescind\u00edvel ir ao m\u00e9dico: uma coisa n\u00e3o anula a outra.\u201d \u2014 Emerson Menezes<\/p><\/blockquote>\n<figure id=\"attachment_78346\" aria-describedby=\"caption-attachment-78346\" style=\"width: 1280px\" class=\"wp-caption aligncenter\"><a href=\"https:\/\/rioonwatch.org.br\/wp-content\/uploads\/2025\/06\/Emerson-Menezes-do-Erveiras-e-Erveiros-do-Salgueiro-provocou-reflexoes-sobre-a-integracao-entre-saber-ancestral-e-conhecimento-cientifico-Foto-Amanda-Baroni.jpeg\"><img loading=\"lazy\" decoding=\"async\" class=\"wp-image-78346 size-full\" title=\"Emerson Menezes, do coletivo Erveiras e Erveiros do Salgueiro, provocou reflex\u00f5es sobre a integra\u00e7\u00e3o entre saber ancestral e conhecimento cient\u00edfico. Foto: Amanda Baroni\" src=\"https:\/\/rioonwatch.org.br\/wp-content\/uploads\/2025\/06\/Emerson-Menezes-do-Erveiras-e-Erveiros-do-Salgueiro-provocou-reflexoes-sobre-a-integracao-entre-saber-ancestral-e-conhecimento-cientifico-Foto-Amanda-Baroni.jpeg\" alt=\"Emerson Menezes, do Erveiras e Erveiros do Salgueiro, provocou reflex\u00f5es sobre a integra\u00e7\u00e3o entre saber ancestral e conhecimento cient\u00edfico. Foto: Amanda Baroni\u00a0\" width=\"1280\" height=\"720\" srcset=\"https:\/\/rioonwatch.org.br\/wp-content\/uploads\/2025\/06\/Emerson-Menezes-do-Erveiras-e-Erveiros-do-Salgueiro-provocou-reflexoes-sobre-a-integracao-entre-saber-ancestral-e-conhecimento-cientifico-Foto-Amanda-Baroni.jpeg 1280w, https:\/\/rioonwatch.org.br\/wp-content\/uploads\/2025\/06\/Emerson-Menezes-do-Erveiras-e-Erveiros-do-Salgueiro-provocou-reflexoes-sobre-a-integracao-entre-saber-ancestral-e-conhecimento-cientifico-Foto-Amanda-Baroni-620x349.jpeg 620w, https:\/\/rioonwatch.org.br\/wp-content\/uploads\/2025\/06\/Emerson-Menezes-do-Erveiras-e-Erveiros-do-Salgueiro-provocou-reflexoes-sobre-a-integracao-entre-saber-ancestral-e-conhecimento-cientifico-Foto-Amanda-Baroni-768x432.jpeg 768w, https:\/\/rioonwatch.org.br\/wp-content\/uploads\/2025\/06\/Emerson-Menezes-do-Erveiras-e-Erveiros-do-Salgueiro-provocou-reflexoes-sobre-a-integracao-entre-saber-ancestral-e-conhecimento-cientifico-Foto-Amanda-Baroni-678x381.jpeg 678w\" sizes=\"(max-width: 1280px) 100vw, 1280px\" \/><\/a><figcaption id=\"caption-attachment-78346\" class=\"wp-caption-text\">Emerson Menezes, do Erveiras e Erveiros do Salgueiro, provocou reflex\u00f5es sobre a integra\u00e7\u00e3o entre saber ancestral e conhecimento cient\u00edfico. Foto: Amanda Baroni Lopes<\/figcaption><\/figure>\n<p>Claudia Queiroga, cozinheira solid\u00e1ria formada no projeto Gastromotiva e fundadora da <a href=\"https:\/\/bit.ly\/4kB32aV\">primeira<\/a> Escola de Gastronomia Social no bairro do Engenho da Rainha, comentou que a favela j\u00e1 tem ideias inovadoras, mas, para que se concretizem, o apoio efetivo ao <a href=\"https:\/\/bit.ly\/4kMuNOo\" target=\"_blank\" rel=\"noopener\">empreendedorismo<\/a> faz-se necess\u00e1rio.<\/p>\n<blockquote><p>\u201cAs pessoas acham que \u00e9 de dinheiro que a gente precisa, [mas] n\u00e3o \u00e9. A gente precisa de oportunidade, de visibilidade. Como fazer com que aquele [que vem da favela], que t\u00e1 ali tentando seu melhor, seja visto? \u00c9 essa vis\u00e3o que a gente precisa, de que os projetos precisam sair de dentro da favela, de que a gente precisa chegar e falar sobre eles. Dentro do projeto que fa\u00e7o parte, tenho uma amiga que faz sab\u00e3o ecol\u00f3gico, mas que n\u00e3o pode ser usado em qualquer lugar [amplamente vendido e distribu\u00eddo] porque ele n\u00e3o tem [um selo da] vigil\u00e2ncia sanit\u00e1ria. Mas ele limpa! E a gente prova que ele limpa! Ent\u00e3o, o que a gente pode fazer por essa mulher? Criar oportunidades para ela fazer o r\u00f3tulo desse sab\u00e3o! Como melhorar a vida daquele cidad\u00e3o sem s\u00f3 dar dinheiro, sem <a href=\"https:\/\/bit.ly\/TTCCooper\" target=\"_blank\" rel=\"noopener\">planejamento<\/a>? \u00c9 segurar na m\u00e3o, de verdade!\u201d \u2014 Claudia Queiroga<\/p><\/blockquote>\n<figure id=\"attachment_78348\" aria-describedby=\"caption-attachment-78348\" style=\"width: 1360px\" class=\"wp-caption aligncenter\"><a href=\"https:\/\/rioonwatch.org.br\/wp-content\/uploads\/2025\/06\/Claudia-Queiroga-discutiu-caminhos-possiveis-para-concretizar-ideias-inovadoras-de-favelas-Foto-Amanda-Baroni.jpeg\"><img loading=\"lazy\" decoding=\"async\" class=\"wp-image-78348 size-full\" title=\"Claudia Queiroga, do Gastromotiva, discutiu caminhos poss\u00edveis para concretizar ideias inovadoras que surgem nas favelas. Foto: Amanda Baroni\u00a0\" src=\"https:\/\/rioonwatch.org.br\/wp-content\/uploads\/2025\/06\/Claudia-Queiroga-discutiu-caminhos-possiveis-para-concretizar-ideias-inovadoras-de-favelas-Foto-Amanda-Baroni.jpeg\" alt=\"Claudia Queiroga, do Gastromotiva, discutiu caminhos poss\u00edveis para concretizar ideias inovadoras que surgem nas favelas. Foto: Amanda Baroni\u00a0\" width=\"1360\" height=\"660\" srcset=\"https:\/\/rioonwatch.org.br\/wp-content\/uploads\/2025\/06\/Claudia-Queiroga-discutiu-caminhos-possiveis-para-concretizar-ideias-inovadoras-de-favelas-Foto-Amanda-Baroni.jpeg 1360w, https:\/\/rioonwatch.org.br\/wp-content\/uploads\/2025\/06\/Claudia-Queiroga-discutiu-caminhos-possiveis-para-concretizar-ideias-inovadoras-de-favelas-Foto-Amanda-Baroni-620x301.jpeg 620w, https:\/\/rioonwatch.org.br\/wp-content\/uploads\/2025\/06\/Claudia-Queiroga-discutiu-caminhos-possiveis-para-concretizar-ideias-inovadoras-de-favelas-Foto-Amanda-Baroni-768x373.jpeg 768w\" sizes=\"(max-width: 1360px) 100vw, 1360px\" \/><\/a><figcaption id=\"caption-attachment-78348\" class=\"wp-caption-text\">Claudia Queiroga, do Gastromotiva, discutiu caminhos poss\u00edveis para concretizar ideias inovadoras que surgem nas favelas. Foto: Amanda Baroni Lopes<\/figcaption><\/figure>\n<p>A empreendedora insiste que a favela \u00e9 especialista e tem que ser ouvida na busca de solu\u00e7\u00f5es para os problemas do territ\u00f3rio. A viv\u00eancia \u00e9 a melhor escola e est\u00edmulo na inven\u00e7\u00e3o de solu\u00e7\u00f5es efetivas, baratas e reproduz\u00edveis, como o Teto Verde Favela.<\/p>\n<blockquote><p>\u201cQuando o Cassiano traz a tem\u00e1tica do teto verde, \u00e9 incr\u00edvel de imaginar que, com o verde em cima do seu telhado, voc\u00ea diminui a temperatura quente desses lugares sem gastar muito. Esse trabalho transforma ambientes, vidas e pessoas. Fazer dentro de favela, no lugar que a pessoa est\u00e1, essa \u00e9 a import\u00e2ncia de fazer neg\u00f3cio de favela. Se estamos dentro da favela \u00e9 aqui que t\u00e1 o poder de transformar, os bons lugares pra se comer, pra se viver. Voc\u00ea transforma de dentro pra fora.\u201d \u2014 Claudia Queiroga<\/p><\/blockquote>\n<h3>&#8216;A Gente \u00c9 Um Coletivo, A Natureza \u00c9 Um Coletivo&#8217;<\/h3>\n<p>Os artistas <a href=\"https:\/\/bit.ly\/448ATRT\" target=\"_blank\" rel=\"noopener\">Big Papo Reto<\/a>, <a href=\"https:\/\/bit.ly\/3HXCUZn\" target=\"_blank\" rel=\"noopener\">Boc\u00e3o 1313<\/a>, <a href=\"https:\/\/bit.ly\/4ldRs5L\" target=\"_blank\" rel=\"noopener\">Ed MC<\/a>, <a href=\"https:\/\/bit.ly\/3ZwSpOe\" target=\"_blank\" rel=\"noopener\">Jo\u00e3o Black<\/a> e MC Tales de Mileto tamb\u00e9m marcaram presen\u00e7a no evento e defenderam as culturas que surgem dentro das favelas.<\/p>\n<blockquote><p>\u201c\u00c9 muito importante termos eventos como esse pra conscientizar as pessoas da pr\u00f3pria comunidade sobre meio ambiente, <a href=\"https:\/\/bit.ly\/4j58mlQ\" target=\"_blank\" rel=\"noopener\">sustentabilidade<\/a>&#8230; Sobre o pr\u00f3prio empreendedorismo, para as pessoas aprenderem a ganhar seu p\u00e3o de cada dia. O rap \u00e9 mecanismo de transforma\u00e7\u00e3o porque, atrav\u00e9s da <a href=\"https:\/\/bit.ly\/4kfB3xT\" target=\"_blank\" rel=\"noopener\">m\u00fasica<\/a>, n\u00f3s podemos atingir as pessoas.\u201d \u2014 MC Tales de Mileto<\/p><\/blockquote>\n<figure id=\"attachment_78349\" aria-describedby=\"caption-attachment-78349\" style=\"width: 1280px\" class=\"wp-caption aligncenter\"><a href=\"https:\/\/rioonwatch.org.br\/wp-content\/uploads\/2025\/06\/Mc-Tales-de-Mileto-apresentou-sua-musica-e-defendeu-o-rap-como-instrumento-de-transformacao-social-Foto-Amanda-Baroni.jpeg\"><img loading=\"lazy\" decoding=\"async\" class=\"wp-image-78349 size-full\" title=\"MC Tales de Mileto apresentou sua m\u00fasica e defendeu o rap como instrumento de transforma\u00e7\u00e3o social. Foto: Amanda Baroni\" src=\"https:\/\/rioonwatch.org.br\/wp-content\/uploads\/2025\/06\/Mc-Tales-de-Mileto-apresentou-sua-musica-e-defendeu-o-rap-como-instrumento-de-transformacao-social-Foto-Amanda-Baroni.jpeg\" alt=\"MC Tales de Mileto apresentou sua m\u00fasica e defendeu o rap como instrumento de transforma\u00e7\u00e3o social. Foto: Amanda Baroni\" width=\"1280\" height=\"720\" srcset=\"https:\/\/rioonwatch.org.br\/wp-content\/uploads\/2025\/06\/Mc-Tales-de-Mileto-apresentou-sua-musica-e-defendeu-o-rap-como-instrumento-de-transformacao-social-Foto-Amanda-Baroni.jpeg 1280w, https:\/\/rioonwatch.org.br\/wp-content\/uploads\/2025\/06\/Mc-Tales-de-Mileto-apresentou-sua-musica-e-defendeu-o-rap-como-instrumento-de-transformacao-social-Foto-Amanda-Baroni-620x349.jpeg 620w, https:\/\/rioonwatch.org.br\/wp-content\/uploads\/2025\/06\/Mc-Tales-de-Mileto-apresentou-sua-musica-e-defendeu-o-rap-como-instrumento-de-transformacao-social-Foto-Amanda-Baroni-768x432.jpeg 768w, https:\/\/rioonwatch.org.br\/wp-content\/uploads\/2025\/06\/Mc-Tales-de-Mileto-apresentou-sua-musica-e-defendeu-o-rap-como-instrumento-de-transformacao-social-Foto-Amanda-Baroni-678x381.jpeg 678w\" sizes=\"(max-width: 1280px) 100vw, 1280px\" \/><\/a><figcaption id=\"caption-attachment-78349\" class=\"wp-caption-text\">MC Tales de Mileto apresentou sua m\u00fasica e defendeu o rap como instrumento de transforma\u00e7\u00e3o social. Foto: Amanda Baroni Lopes<\/figcaption><\/figure>\n<p>Tigo Conex\u00e3o Penetra, artista do <a href=\"https:\/\/bit.ly\/3VHcsor\" target=\"_blank\" rel=\"noopener\">Hip Hop<\/a> e arte-educador de basquete atuante nas favelas de Santa Tereza e al\u00e9m, tamb\u00e9m esteve presente.<\/p>\n<blockquote><p>\u201cA import\u00e2ncia desse evento \u00e9 ver essa pra\u00e7a bonita, revitalizada, com v\u00e1rias esp\u00e9cies [de plantas] ao redor. \u00c9 de voc\u00ea buscar autoconhecimento e entender como funciona a natureza, tanto dentro quanto fora do ser humano. E saber que a gente \u00e9 um coletivo, que a natureza \u00e9 um coletivo.\u201d \u2014 Tigo Conex\u00e3o Penetra<\/p><\/blockquote>\n<p>Para a rapper e cria do Arar\u00e1, taPre Poetisa, introduzir quest\u00f5es ambientais a partir da arte, sobretudo atrav\u00e9s do Hip Hop, pode potencializar solu\u00e7\u00f5es e ampliar discuss\u00f5es sobre diferentes problemas, como a <a href=\"https:\/\/bit.ly\/4f7ktNP\" target=\"_blank\" rel=\"noopener\">inseguran\u00e7a alimentar<\/a>.<\/p>\n<blockquote><p>\u201cO povo da favela tem muitos problemas e, infelizmente, a gente n\u00e3o vai olhar pra quest\u00e3o ambiental se voc\u00ea t\u00e1 com fome, se voc\u00ea n\u00e3o tem o que vestir. S\u00e3o muitos problemas. A gente fica s\u00f3 nisso e esquece que, \u00e0s vezes, esse problema pode ser solucionado atrav\u00e9s de uma nova ideia. A horta da cl\u00ednica \u00e9 um jeito de solucionar esse problema. Porque, daqui a pouco, quem sabe a gente n\u00e3o t\u00e1 plantando e colhendo frutos [dessa horta]? Ent\u00e3o, de alguma forma, a gente j\u00e1 t\u00e1 solucionando o problema da fome, porque os alimentos saud\u00e1veis s\u00e3o mais caros. \u00c9 muito importante a gente ter esse tipo de solu\u00e7\u00e3o, de atitude.\u201d \u2014 taPre Poetisa<\/p><\/blockquote>\n<figure id=\"attachment_78350\" aria-describedby=\"caption-attachment-78350\" style=\"width: 1600px\" class=\"wp-caption aligncenter\"><a href=\"https:\/\/rioonwatch.org.br\/wp-content\/uploads\/2025\/06\/taPre-Poetisa-celebra-o-projeto-da-horta-comunitaria-ao-lembrar-que-as-solucoes-podem-vir-de-dentro-Foto-Amanda-Baroni.jpeg\"><img loading=\"lazy\" decoding=\"async\" class=\"wp-image-78350 size-full\" title=\"taPre Poetisa celebra o projeto da horta comunit\u00e1ria ao lembrar aos demais participantes que as solu\u00e7\u00f5es podem vir de dentro. Foto: Amanda Baroni\" src=\"https:\/\/rioonwatch.org.br\/wp-content\/uploads\/2025\/06\/taPre-Poetisa-celebra-o-projeto-da-horta-comunitaria-ao-lembrar-que-as-solucoes-podem-vir-de-dentro-Foto-Amanda-Baroni.jpeg\" alt=\"taPre Poetisa celebra o projeto da horta comunit\u00e1ria ao lembrar aos demais participantes que as solu\u00e7\u00f5es podem vir de dentro. Foto: Amanda Baroni\" width=\"1600\" height=\"900\" srcset=\"https:\/\/rioonwatch.org.br\/wp-content\/uploads\/2025\/06\/taPre-Poetisa-celebra-o-projeto-da-horta-comunitaria-ao-lembrar-que-as-solucoes-podem-vir-de-dentro-Foto-Amanda-Baroni.jpeg 1600w, https:\/\/rioonwatch.org.br\/wp-content\/uploads\/2025\/06\/taPre-Poetisa-celebra-o-projeto-da-horta-comunitaria-ao-lembrar-que-as-solucoes-podem-vir-de-dentro-Foto-Amanda-Baroni-620x349.jpeg 620w, https:\/\/rioonwatch.org.br\/wp-content\/uploads\/2025\/06\/taPre-Poetisa-celebra-o-projeto-da-horta-comunitaria-ao-lembrar-que-as-solucoes-podem-vir-de-dentro-Foto-Amanda-Baroni-768x432.jpeg 768w, https:\/\/rioonwatch.org.br\/wp-content\/uploads\/2025\/06\/taPre-Poetisa-celebra-o-projeto-da-horta-comunitaria-ao-lembrar-que-as-solucoes-podem-vir-de-dentro-Foto-Amanda-Baroni-1536x864.jpeg 1536w, https:\/\/rioonwatch.org.br\/wp-content\/uploads\/2025\/06\/taPre-Poetisa-celebra-o-projeto-da-horta-comunitaria-ao-lembrar-que-as-solucoes-podem-vir-de-dentro-Foto-Amanda-Baroni-678x381.jpeg 678w\" sizes=\"(max-width: 1600px) 100vw, 1600px\" \/><\/a><figcaption id=\"caption-attachment-78350\" class=\"wp-caption-text\">taPre Poetisa celebra o projeto da horta comunit\u00e1ria ao lembrar aos demais participantes que as solu\u00e7\u00f5es podem vir de dentro. Foto: Amanda Baroni Lopes<\/figcaption><\/figure>\n<p><span style=\"font-weight: 400;\">Leia abaixo, na \u00edntegra, o poema de taPre Poetisa, recitado no evento realizado pelo Teto Verde Favela:<\/span><\/p>\n<blockquote><p>\u201cEm meio \u00e0 selva de concreto,<br \/>\nonde o olhar s\u00f3 enxerga tijolos e cimentos,<br \/>\nse deparar com teto verde e florido,<br \/>\nse tem impress\u00e3o que o dono daquele lugar talvez esteja enlouquecido.<\/p>\n<p>Nessa loucura ecol\u00f3gica,<br \/>\nnesse caos urbano,<br \/>\nonde o calor \u00e9 excessivo,<br \/>\nter uma sombra de plantas \u00e9 um privil\u00e9gio vivo.<\/p>\n<p>Uma pena poucos enxergarem isso.<\/p>\n<p>E al\u00e9m do contraste,<br \/>\ndo cinza do cimento,<br \/>\npara o verde das plantas,<br \/>\nsentir o frescor ao inv\u00e9s de morma\u00e7o,<br \/>\nsentir que as plantas realmente nos livram desse abafado.\u201d \u2014 taPre Poetisa<\/p><\/blockquote>\n<p><em>Sobre a autora: <i data-stringify-type=\"italic\"><a class=\"c-link\" href=\"https:\/\/bit.ly\/3p94eas\" target=\"_blank\" rel=\"noopener noreferrer\" data-stringify-link=\"https:\/\/bit.ly\/3p94eas\" data-sk=\"tooltip_parent\">Amanda Baroni Lopes<\/a><\/i><i data-stringify-type=\"italic\">\u00a0\u00e9 formada em jornalismo na Unicarioca e foi aluna do 1\u00b0 Laborat\u00f3rio de Jornalismo do\u00a0<\/i><i data-stringify-type=\"italic\"><a class=\"c-link\" href=\"https:\/\/bit.ly\/33tm8dz\" target=\"_blank\" rel=\"noopener noreferrer\" data-stringify-link=\"http:\/\/bit.ly\/2YfGMc5\" data-sk=\"tooltip_parent\">Mar\u00e9 de Not\u00edcias<\/a><\/i><i data-stringify-type=\"italic\">. \u00c9 autora do\u00a0<\/i><a href=\"https:\/\/bit.ly\/3p49ufB\" target=\"_blank\" rel=\"noopener\"><i data-stringify-type=\"italic\">Guia Antiass\u00e9dio no Breaking<\/i><\/a><i data-stringify-type=\"italic\">, um manual que explica ao p\u00fablico do Hip Hop sobre o que \u00e9 ou n\u00e3o ass\u00e9dio e orienta sobre o que fazer nessas situa\u00e7\u00f5es. Amanda \u00e9 cria do\u00a0Morro do Timbau\u00a0e atualmente mora na\u00a0<a href=\"https:\/\/bit.ly\/2FMTjwP\" target=\"_blank\" rel=\"noopener\">Vila do Jo\u00e3o<\/a>, ambos no Complexo da Mar\u00e9.<\/i><\/em><\/p>\n<hr \/>\n<h4><b data-stringify-type=\"bold\">Apoie nossos esfor\u00e7os para fornecer apoio estrat\u00e9gico \u00e0s favelas do Rio, incluindo o jornalismo hiperlocal, cr\u00edtico, inovador e incans\u00e1vel do\u00a0<\/b><b data-stringify-type=\"bold\"><i data-stringify-type=\"italic\">RioOnWatch<\/i><\/b>\u2014<a class=\"c-link\" href=\"http:\/\/www.bit.ly\/ApoieROW\" target=\"_blank\" rel=\"noopener noreferrer\" data-stringify-link=\"http:\/\/www.bit.ly\/ApoieROW\" data-sk=\"tooltip_parent\">doe aqui<\/a>.<\/h4>\n<!-- AddThis Advanced Settings generic via filter on the_content --><!-- AddThis Share Buttons generic via filter on the_content -->","protected":false},"excerpt":{"rendered":"<div class=\"mh-excerpt\"><p>Click Here for English A cada ano, no dia 21 de junho, cada vez mais pessoas pelo mundo comemoram o Dia Mundial da Localiza\u00e7\u00e3o. Em 2020, a ONG Futuros Locais (Local Futures) organizou o primeiro <a class=\"mh-excerpt-more\" href=\"https:\/\/rioonwatch.org.br\/?p=78332\" title=\"\u2018A Gente T\u00e1 Fazendo no Micro Porque Tem Muita Gente Destruindo no Macro\u2019: Teto Verde Favela Une Arte, Clima e Meio Ambiente em Tarde Cultural no Parque Arar\u00e1, em Benfica\">[&#8230;]<\/a><!-- AddThis Advanced Settings generic via filter on get_the_excerpt --><!-- AddThis Share Buttons generic via filter on get_the_excerpt --><\/p>\n<\/div>","protected":false},"author":192,"featured_media":78341,"comment_status":"closed","ping_status":"closed","sticky":false,"template":"template-full.php","format":"standard","meta":{"_acf_changed":false,"_monsterinsights_skip_tracking":false,"_monsterinsights_sitenote_active":false,"_monsterinsights_sitenote_note":"","_monsterinsights_sitenote_category":0,"footnotes":""},"categories":[1627,1615,1616,1612,342,1639],"tags":[3528,334,3079,81,303,363,922,1096,18,1097,1148,3112,3440,106,1304,1719,1707,102,1718,2549,476,404,1441,218],"writer":[3181],"translator":[],"source":[],"ilustrador":[],"fotografo":[3338],"class_list":{"0":"post-78332","1":"post","2":"type-post","3":"status-publish","4":"format-standard","5":"has-post-thumbnail","7":"category-relato-de-evento","8":"category-cultura-da-favela","9":"category-qualidades-da-favela","10":"category-sociedade-civil","11":"category-solucoes","12":"category-sustentabilidade","13":"tag-ancestralidade","14":"tag-arte","15":"tag-benfica","16":"tag-cultura","17":"tag-ecologia","18":"tag-educacao-ambiental","19":"tag-evento","20":"tag-favela-como-modelo-sustentavel","21":"tag-hip-hop","22":"tag-horta-comunitaria","23":"tag-ilhas-de-calor","24":"tag-justica-climatica","25":"tag-localizacao","26":"tag-meio-ambiente","27":"tag-organizacao-criativa","28":"tag-mudancas-climaticas","29":"tag-parque-arara","30":"tag-poesia","31":"tag-rap","32":"tag-serie-intercambios-da-rfs","33":"tag-solucao-comunitaria","34":"tag-sustentabilidade","35":"tag-teto-verde","36":"tag-zona-norte","37":"writer-amanda-baroni-lopes","38":"fotografo-amanda-baroni-lopes"},"acf":[],"yoast_head":"<!-- This site is optimized with the Yoast SEO plugin v25.6 - https:\/\/yoast.com\/wordpress\/plugins\/seo\/ -->\n<title>\u2018A Gente T\u00e1 Fazendo no Micro Porque Tem Muita Gente Destruindo no Macro\u2019: Teto Verde Favela Une Arte, Clima e Meio Ambiente em Tarde Cultural no Parque Arar\u00e1, em Benfica - RioOnWatch<\/title>\n<meta name=\"robots\" content=\"index, follow, max-snippet:-1, max-image-preview:large, max-video-preview:-1\" \/>\n<link rel=\"canonical\" href=\"https:\/\/rioonwatch.org.br\/?p=78332\" \/>\n<meta property=\"og:locale\" content=\"pt_BR\" \/>\n<meta property=\"og:type\" content=\"article\" \/>\n<meta property=\"og:title\" content=\"\u2018A Gente T\u00e1 Fazendo no Micro Porque Tem Muita Gente Destruindo no Macro\u2019: Teto Verde Favela Une Arte, Clima e Meio Ambiente em Tarde Cultural no Parque Arar\u00e1, em Benfica - RioOnWatch\" \/>\n<meta property=\"og:description\" content=\"Click Here for English A cada ano, no dia 21 de junho, cada vez mais pessoas pelo mundo comemoram o Dia Mundial da Localiza\u00e7\u00e3o. Em 2020, a ONG Futuros Locais (Local Futures) organizou o primeiro [...]\" \/>\n<meta property=\"og:url\" content=\"https:\/\/rioonwatch.org.br\/?p=78332\" \/>\n<meta property=\"og:site_name\" content=\"RioOnWatch\" \/>\n<meta property=\"article:published_time\" content=\"2025-06-20T20:59:36+00:00\" \/>\n<meta property=\"article:modified_time\" content=\"2025-07-08T15:54:38+00:00\" \/>\n<meta property=\"og:image\" content=\"https:\/\/rioonwatch.org.br\/wp-content\/uploads\/2025\/06\/Atraindo-liderancas-comunitarias-empreendedores-e-ativistas-de-diferentes-favelas-do-Rio-o-evento-organizado-pelo-Teto-Verde-difundiu-solucoes-de-base-comunitaria-para-questoes-sociais-e-ambientais.jpeg\" \/>\n\t<meta property=\"og:image:width\" content=\"1280\" \/>\n\t<meta property=\"og:image:height\" content=\"720\" \/>\n\t<meta property=\"og:image:type\" content=\"image\/jpeg\" \/>\n<meta name=\"author\" content=\"Beatriz Miranda\" \/>\n<meta name=\"twitter:card\" content=\"summary_large_image\" \/>\n<meta name=\"twitter:label1\" content=\"Escrito por\" \/>\n\t<meta name=\"twitter:data1\" content=\"Beatriz Miranda\" \/>\n\t<meta name=\"twitter:label2\" content=\"Est. tempo de leitura\" \/>\n\t<meta name=\"twitter:data2\" content=\"9 minutos\" \/>\n<script type=\"application\/ld+json\" class=\"yoast-schema-graph\">{\"@context\":\"https:\/\/schema.org\",\"@graph\":[{\"@type\":\"Article\",\"@id\":\"https:\/\/rioonwatch.org.br\/?p=78332#article\",\"isPartOf\":{\"@id\":\"https:\/\/rioonwatch.org.br\/?p=78332\"},\"author\":{\"name\":\"Beatriz Miranda\",\"@id\":\"https:\/\/rioonwatch.org.br\/#\/schema\/person\/1150bfc199e76e22909b454a0c139c4b\"},\"headline\":\"\u2018A Gente T\u00e1 Fazendo no Micro Porque Tem Muita Gente Destruindo no Macro\u2019: Teto Verde Favela Une Arte, Clima e Meio Ambiente em Tarde Cultural no Parque Arar\u00e1, em Benfica\",\"datePublished\":\"2025-06-20T20:59:36+00:00\",\"dateModified\":\"2025-07-08T15:54:38+00:00\",\"mainEntityOfPage\":{\"@id\":\"https:\/\/rioonwatch.org.br\/?p=78332\"},\"wordCount\":2535,\"publisher\":{\"@id\":\"https:\/\/rioonwatch.org.br\/#organization\"},\"image\":{\"@id\":\"https:\/\/rioonwatch.org.br\/?p=78332#primaryimage\"},\"thumbnailUrl\":\"https:\/\/rioonwatch.org.br\/wp-content\/uploads\/2025\/06\/Atraindo-liderancas-comunitarias-empreendedores-e-ativistas-de-diferentes-favelas-do-Rio-o-evento-organizado-pelo-Teto-Verde-difundiu-solucoes-de-base-comunitaria-para-questoes-sociais-e-ambientais.jpeg\",\"keywords\":[\"Ancestralidade\",\"arte\",\"Benfica\",\"cultura\",\"ecologia\",\"educa\u00e7\u00e3o ambiental\",\"evento\",\"Favela Como Modelo Sustent\u00e1vel\",\"Hip Hop\",\"horta comunit\u00e1ria\",\"Ilhas de Calor\",\"Justi\u00e7a Clim\u00e1tica\",\"localiza\u00e7\u00e3o\",\"meio ambiente\",\"mobiliza\u00e7\u00e3o criativa\",\"mudan\u00e7as clim\u00e1ticas\",\"Parque Arar\u00e1\",\"poesia\",\"rap\",\"S\u00e9rie: Interc\u00e2mbios da RFS\",\"solu\u00e7\u00e3o comunit\u00e1ria\",\"sustentabilidade\",\"teto verde\",\"Zona Norte\"],\"articleSection\":[\"Cobertura de Eventos\",\"Cultura da Favela\",\"Qualidades da Favela\",\"Sociedade Civil\",\"Solu\u00e7\u00f5es\",\"Sustentabilidade\"],\"inLanguage\":\"pt-BR\"},{\"@type\":\"WebPage\",\"@id\":\"https:\/\/rioonwatch.org.br\/?p=78332\",\"url\":\"https:\/\/rioonwatch.org.br\/?p=78332\",\"name\":\"\u2018A Gente T\u00e1 Fazendo no Micro Porque Tem Muita Gente Destruindo no Macro\u2019: Teto Verde Favela Une Arte, Clima e Meio Ambiente em Tarde Cultural no Parque Arar\u00e1, em Benfica - RioOnWatch\",\"isPartOf\":{\"@id\":\"https:\/\/rioonwatch.org.br\/#website\"},\"primaryImageOfPage\":{\"@id\":\"https:\/\/rioonwatch.org.br\/?p=78332#primaryimage\"},\"image\":{\"@id\":\"https:\/\/rioonwatch.org.br\/?p=78332#primaryimage\"},\"thumbnailUrl\":\"https:\/\/rioonwatch.org.br\/wp-content\/uploads\/2025\/06\/Atraindo-liderancas-comunitarias-empreendedores-e-ativistas-de-diferentes-favelas-do-Rio-o-evento-organizado-pelo-Teto-Verde-difundiu-solucoes-de-base-comunitaria-para-questoes-sociais-e-ambientais.jpeg\",\"datePublished\":\"2025-06-20T20:59:36+00:00\",\"dateModified\":\"2025-07-08T15:54:38+00:00\",\"breadcrumb\":{\"@id\":\"https:\/\/rioonwatch.org.br\/?p=78332#breadcrumb\"},\"inLanguage\":\"pt-BR\",\"potentialAction\":[{\"@type\":\"ReadAction\",\"target\":[\"https:\/\/rioonwatch.org.br\/?p=78332\"]}]},{\"@type\":\"ImageObject\",\"inLanguage\":\"pt-BR\",\"@id\":\"https:\/\/rioonwatch.org.br\/?p=78332#primaryimage\",\"url\":\"https:\/\/rioonwatch.org.br\/wp-content\/uploads\/2025\/06\/Atraindo-liderancas-comunitarias-empreendedores-e-ativistas-de-diferentes-favelas-do-Rio-o-evento-organizado-pelo-Teto-Verde-difundiu-solucoes-de-base-comunitaria-para-questoes-sociais-e-ambientais.jpeg\",\"contentUrl\":\"https:\/\/rioonwatch.org.br\/wp-content\/uploads\/2025\/06\/Atraindo-liderancas-comunitarias-empreendedores-e-ativistas-de-diferentes-favelas-do-Rio-o-evento-organizado-pelo-Teto-Verde-difundiu-solucoes-de-base-comunitaria-para-questoes-sociais-e-ambientais.jpeg\",\"width\":1280,\"height\":720,\"caption\":\"Atraindo lideran\u00e7as comunit\u00e1rias, empreendedores e ativistas de diferentes favelas do Rio, o evento organizado pelo Teto Verde Favela ajudou a difundir conhecimentos e solu\u00e7\u00f5es socioambientais de base comunit\u00e1ria. Foto: Amanda Baroni\"},{\"@type\":\"BreadcrumbList\",\"@id\":\"https:\/\/rioonwatch.org.br\/?p=78332#breadcrumb\",\"itemListElement\":[{\"@type\":\"ListItem\",\"position\":1,\"name\":\"In\u00edcio\",\"item\":\"https:\/\/rioonwatch.org.br\/\"},{\"@type\":\"ListItem\",\"position\":2,\"name\":\"\u2018A Gente T\u00e1 Fazendo no Micro Porque Tem Muita Gente Destruindo no Macro\u2019: Teto Verde Favela Une Arte, Clima e Meio Ambiente em Tarde Cultural no Parque Arar\u00e1, em Benfica\"}]},{\"@type\":\"WebSite\",\"@id\":\"https:\/\/rioonwatch.org.br\/#website\",\"url\":\"https:\/\/rioonwatch.org.br\/\",\"name\":\"RioOnWatch\",\"description\":\"relatos das favelas cariocas\",\"publisher\":{\"@id\":\"https:\/\/rioonwatch.org.br\/#organization\"},\"potentialAction\":[{\"@type\":\"SearchAction\",\"target\":{\"@type\":\"EntryPoint\",\"urlTemplate\":\"https:\/\/rioonwatch.org.br\/?s={search_term_string}\"},\"query-input\":{\"@type\":\"PropertyValueSpecification\",\"valueRequired\":true,\"valueName\":\"search_term_string\"}}],\"inLanguage\":\"pt-BR\"},{\"@type\":\"Organization\",\"@id\":\"https:\/\/rioonwatch.org.br\/#organization\",\"name\":\"RioOnWatch\",\"url\":\"https:\/\/rioonwatch.org.br\/\",\"logo\":{\"@type\":\"ImageObject\",\"inLanguage\":\"pt-BR\",\"@id\":\"https:\/\/rioonwatch.org.br\/#\/schema\/logo\/image\/\",\"url\":\"https:\/\/rioonwatch.org.br\/wp-content\/uploads\/2021\/06\/RioOnWatchcabecalhoPT11anos-2.png\",\"contentUrl\":\"https:\/\/rioonwatch.org.br\/wp-content\/uploads\/2021\/06\/RioOnWatchcabecalhoPT11anos-2.png\",\"width\":779,\"height\":277,\"caption\":\"RioOnWatch\"},\"image\":{\"@id\":\"https:\/\/rioonwatch.org.br\/#\/schema\/logo\/image\/\"}},{\"@type\":\"Person\",\"@id\":\"https:\/\/rioonwatch.org.br\/#\/schema\/person\/1150bfc199e76e22909b454a0c139c4b\",\"name\":\"Beatriz Miranda\",\"image\":{\"@type\":\"ImageObject\",\"inLanguage\":\"pt-BR\",\"@id\":\"https:\/\/rioonwatch.org.br\/#\/schema\/person\/image\/\",\"url\":\"https:\/\/secure.gravatar.com\/avatar\/41a514d4cb8be1f42ceaebd1038a447b?s=96&d=blank&r=g\",\"contentUrl\":\"https:\/\/secure.gravatar.com\/avatar\/41a514d4cb8be1f42ceaebd1038a447b?s=96&d=blank&r=g\",\"caption\":\"Beatriz Miranda\"},\"url\":\"https:\/\/rioonwatch.org.br\/?author=192\"}]}<\/script>\n<!-- \/ Yoast SEO plugin. -->","yoast_head_json":{"title":"\u2018A Gente T\u00e1 Fazendo no Micro Porque Tem Muita Gente Destruindo no Macro\u2019: Teto Verde Favela Une Arte, Clima e Meio Ambiente em Tarde Cultural no Parque Arar\u00e1, em Benfica - RioOnWatch","robots":{"index":"index","follow":"follow","max-snippet":"max-snippet:-1","max-image-preview":"max-image-preview:large","max-video-preview":"max-video-preview:-1"},"canonical":"https:\/\/rioonwatch.org.br\/?p=78332","og_locale":"pt_BR","og_type":"article","og_title":"\u2018A Gente T\u00e1 Fazendo no Micro Porque Tem Muita Gente Destruindo no Macro\u2019: Teto Verde Favela Une Arte, Clima e Meio Ambiente em Tarde Cultural no Parque Arar\u00e1, em Benfica - RioOnWatch","og_description":"Click Here for English A cada ano, no dia 21 de junho, cada vez mais pessoas pelo mundo comemoram o Dia Mundial da Localiza\u00e7\u00e3o. Em 2020, a ONG Futuros Locais (Local Futures) organizou o primeiro [...]","og_url":"https:\/\/rioonwatch.org.br\/?p=78332","og_site_name":"RioOnWatch","article_published_time":"2025-06-20T20:59:36+00:00","article_modified_time":"2025-07-08T15:54:38+00:00","og_image":[{"width":1280,"height":720,"url":"https:\/\/rioonwatch.org.br\/wp-content\/uploads\/2025\/06\/Atraindo-liderancas-comunitarias-empreendedores-e-ativistas-de-diferentes-favelas-do-Rio-o-evento-organizado-pelo-Teto-Verde-difundiu-solucoes-de-base-comunitaria-para-questoes-sociais-e-ambientais.jpeg","type":"image\/jpeg"}],"author":"Beatriz Miranda","twitter_card":"summary_large_image","twitter_misc":{"Escrito por":"Beatriz Miranda","Est. tempo de leitura":"9 minutos"},"schema":{"@context":"https:\/\/schema.org","@graph":[{"@type":"Article","@id":"https:\/\/rioonwatch.org.br\/?p=78332#article","isPartOf":{"@id":"https:\/\/rioonwatch.org.br\/?p=78332"},"author":{"name":"Beatriz Miranda","@id":"https:\/\/rioonwatch.org.br\/#\/schema\/person\/1150bfc199e76e22909b454a0c139c4b"},"headline":"\u2018A Gente T\u00e1 Fazendo no Micro Porque Tem Muita Gente Destruindo no Macro\u2019: Teto Verde Favela Une Arte, Clima e Meio Ambiente em Tarde Cultural no Parque Arar\u00e1, em Benfica","datePublished":"2025-06-20T20:59:36+00:00","dateModified":"2025-07-08T15:54:38+00:00","mainEntityOfPage":{"@id":"https:\/\/rioonwatch.org.br\/?p=78332"},"wordCount":2535,"publisher":{"@id":"https:\/\/rioonwatch.org.br\/#organization"},"image":{"@id":"https:\/\/rioonwatch.org.br\/?p=78332#primaryimage"},"thumbnailUrl":"https:\/\/rioonwatch.org.br\/wp-content\/uploads\/2025\/06\/Atraindo-liderancas-comunitarias-empreendedores-e-ativistas-de-diferentes-favelas-do-Rio-o-evento-organizado-pelo-Teto-Verde-difundiu-solucoes-de-base-comunitaria-para-questoes-sociais-e-ambientais.jpeg","keywords":["Ancestralidade","arte","Benfica","cultura","ecologia","educa\u00e7\u00e3o ambiental","evento","Favela Como Modelo Sustent\u00e1vel","Hip Hop","horta comunit\u00e1ria","Ilhas de Calor","Justi\u00e7a Clim\u00e1tica","localiza\u00e7\u00e3o","meio ambiente","mobiliza\u00e7\u00e3o criativa","mudan\u00e7as clim\u00e1ticas","Parque Arar\u00e1","poesia","rap","S\u00e9rie: Interc\u00e2mbios da RFS","solu\u00e7\u00e3o comunit\u00e1ria","sustentabilidade","teto verde","Zona Norte"],"articleSection":["Cobertura de Eventos","Cultura da Favela","Qualidades da Favela","Sociedade Civil","Solu\u00e7\u00f5es","Sustentabilidade"],"inLanguage":"pt-BR"},{"@type":"WebPage","@id":"https:\/\/rioonwatch.org.br\/?p=78332","url":"https:\/\/rioonwatch.org.br\/?p=78332","name":"\u2018A Gente T\u00e1 Fazendo no Micro Porque Tem Muita Gente Destruindo no Macro\u2019: Teto Verde Favela Une Arte, Clima e Meio Ambiente em Tarde Cultural no Parque Arar\u00e1, em Benfica - RioOnWatch","isPartOf":{"@id":"https:\/\/rioonwatch.org.br\/#website"},"primaryImageOfPage":{"@id":"https:\/\/rioonwatch.org.br\/?p=78332#primaryimage"},"image":{"@id":"https:\/\/rioonwatch.org.br\/?p=78332#primaryimage"},"thumbnailUrl":"https:\/\/rioonwatch.org.br\/wp-content\/uploads\/2025\/06\/Atraindo-liderancas-comunitarias-empreendedores-e-ativistas-de-diferentes-favelas-do-Rio-o-evento-organizado-pelo-Teto-Verde-difundiu-solucoes-de-base-comunitaria-para-questoes-sociais-e-ambientais.jpeg","datePublished":"2025-06-20T20:59:36+00:00","dateModified":"2025-07-08T15:54:38+00:00","breadcrumb":{"@id":"https:\/\/rioonwatch.org.br\/?p=78332#breadcrumb"},"inLanguage":"pt-BR","potentialAction":[{"@type":"ReadAction","target":["https:\/\/rioonwatch.org.br\/?p=78332"]}]},{"@type":"ImageObject","inLanguage":"pt-BR","@id":"https:\/\/rioonwatch.org.br\/?p=78332#primaryimage","url":"https:\/\/rioonwatch.org.br\/wp-content\/uploads\/2025\/06\/Atraindo-liderancas-comunitarias-empreendedores-e-ativistas-de-diferentes-favelas-do-Rio-o-evento-organizado-pelo-Teto-Verde-difundiu-solucoes-de-base-comunitaria-para-questoes-sociais-e-ambientais.jpeg","contentUrl":"https:\/\/rioonwatch.org.br\/wp-content\/uploads\/2025\/06\/Atraindo-liderancas-comunitarias-empreendedores-e-ativistas-de-diferentes-favelas-do-Rio-o-evento-organizado-pelo-Teto-Verde-difundiu-solucoes-de-base-comunitaria-para-questoes-sociais-e-ambientais.jpeg","width":1280,"height":720,"caption":"Atraindo lideran\u00e7as comunit\u00e1rias, empreendedores e ativistas de diferentes favelas do Rio, o evento organizado pelo Teto Verde Favela ajudou a difundir conhecimentos e solu\u00e7\u00f5es socioambientais de base comunit\u00e1ria. Foto: Amanda Baroni"},{"@type":"BreadcrumbList","@id":"https:\/\/rioonwatch.org.br\/?p=78332#breadcrumb","itemListElement":[{"@type":"ListItem","position":1,"name":"In\u00edcio","item":"https:\/\/rioonwatch.org.br\/"},{"@type":"ListItem","position":2,"name":"\u2018A Gente T\u00e1 Fazendo no Micro Porque Tem Muita Gente Destruindo no Macro\u2019: Teto Verde Favela Une Arte, Clima e Meio Ambiente em Tarde Cultural no Parque Arar\u00e1, em Benfica"}]},{"@type":"WebSite","@id":"https:\/\/rioonwatch.org.br\/#website","url":"https:\/\/rioonwatch.org.br\/","name":"RioOnWatch","description":"relatos das favelas cariocas","publisher":{"@id":"https:\/\/rioonwatch.org.br\/#organization"},"potentialAction":[{"@type":"SearchAction","target":{"@type":"EntryPoint","urlTemplate":"https:\/\/rioonwatch.org.br\/?s={search_term_string}"},"query-input":{"@type":"PropertyValueSpecification","valueRequired":true,"valueName":"search_term_string"}}],"inLanguage":"pt-BR"},{"@type":"Organization","@id":"https:\/\/rioonwatch.org.br\/#organization","name":"RioOnWatch","url":"https:\/\/rioonwatch.org.br\/","logo":{"@type":"ImageObject","inLanguage":"pt-BR","@id":"https:\/\/rioonwatch.org.br\/#\/schema\/logo\/image\/","url":"https:\/\/rioonwatch.org.br\/wp-content\/uploads\/2021\/06\/RioOnWatchcabecalhoPT11anos-2.png","contentUrl":"https:\/\/rioonwatch.org.br\/wp-content\/uploads\/2021\/06\/RioOnWatchcabecalhoPT11anos-2.png","width":779,"height":277,"caption":"RioOnWatch"},"image":{"@id":"https:\/\/rioonwatch.org.br\/#\/schema\/logo\/image\/"}},{"@type":"Person","@id":"https:\/\/rioonwatch.org.br\/#\/schema\/person\/1150bfc199e76e22909b454a0c139c4b","name":"Beatriz Miranda","image":{"@type":"ImageObject","inLanguage":"pt-BR","@id":"https:\/\/rioonwatch.org.br\/#\/schema\/person\/image\/","url":"https:\/\/secure.gravatar.com\/avatar\/41a514d4cb8be1f42ceaebd1038a447b?s=96&d=blank&r=g","contentUrl":"https:\/\/secure.gravatar.com\/avatar\/41a514d4cb8be1f42ceaebd1038a447b?s=96&d=blank&r=g","caption":"Beatriz Miranda"},"url":"https:\/\/rioonwatch.org.br\/?author=192"}]}},"_links":{"self":[{"href":"https:\/\/rioonwatch.org.br\/index.php?rest_route=\/wp\/v2\/posts\/78332"}],"collection":[{"href":"https:\/\/rioonwatch.org.br\/index.php?rest_route=\/wp\/v2\/posts"}],"about":[{"href":"https:\/\/rioonwatch.org.br\/index.php?rest_route=\/wp\/v2\/types\/post"}],"author":[{"embeddable":true,"href":"https:\/\/rioonwatch.org.br\/index.php?rest_route=\/wp\/v2\/users\/192"}],"replies":[{"embeddable":true,"href":"https:\/\/rioonwatch.org.br\/index.php?rest_route=%2Fwp%2Fv2%2Fcomments&post=78332"}],"version-history":[{"count":52,"href":"https:\/\/rioonwatch.org.br\/index.php?rest_route=\/wp\/v2\/posts\/78332\/revisions"}],"predecessor-version":[{"id":78616,"href":"https:\/\/rioonwatch.org.br\/index.php?rest_route=\/wp\/v2\/posts\/78332\/revisions\/78616"}],"wp:featuredmedia":[{"embeddable":true,"href":"https:\/\/rioonwatch.org.br\/index.php?rest_route=\/wp\/v2\/media\/78341"}],"wp:attachment":[{"href":"https:\/\/rioonwatch.org.br\/index.php?rest_route=%2Fwp%2Fv2%2Fmedia&parent=78332"}],"wp:term":[{"taxonomy":"category","embeddable":true,"href":"https:\/\/rioonwatch.org.br\/index.php?rest_route=%2Fwp%2Fv2%2Fcategories&post=78332"},{"taxonomy":"post_tag","embeddable":true,"href":"https:\/\/rioonwatch.org.br\/index.php?rest_route=%2Fwp%2Fv2%2Ftags&post=78332"},{"taxonomy":"writer","embeddable":true,"href":"https:\/\/rioonwatch.org.br\/index.php?rest_route=%2Fwp%2Fv2%2Fwriter&post=78332"},{"taxonomy":"translator","embeddable":true,"href":"https:\/\/rioonwatch.org.br\/index.php?rest_route=%2Fwp%2Fv2%2Ftranslator&post=78332"},{"taxonomy":"source","embeddable":true,"href":"https:\/\/rioonwatch.org.br\/index.php?rest_route=%2Fwp%2Fv2%2Fsource&post=78332"},{"taxonomy":"ilustrador","embeddable":true,"href":"https:\/\/rioonwatch.org.br\/index.php?rest_route=%2Fwp%2Fv2%2Filustrador&post=78332"},{"taxonomy":"fotografo","embeddable":true,"href":"https:\/\/rioonwatch.org.br\/index.php?rest_route=%2Fwp%2Fv2%2Ffotografo&post=78332"}],"curies":[{"name":"wp","href":"https:\/\/api.w.org\/{rel}","templated":true}]}}