{"id":78397,"date":"2025-08-29T21:21:28","date_gmt":"2025-08-30T00:21:28","guid":{"rendered":"https:\/\/rioonwatch.org.br\/?p=78397"},"modified":"2025-11-14T11:51:01","modified_gmt":"2025-11-14T14:51:01","slug":"projeto-inclusao-transformando-vidas-por-meio-do-amor-ao-proximo-educacao-esportes-e-cultura-perfil","status":"publish","type":"post","link":"https:\/\/rioonwatch.org.br\/?p=78397","title":{"rendered":"Projeto Inclus\u00e3o: Transformando Vidas Por Meio do Amor ao Pr\u00f3ximo, Educa\u00e7\u00e3o, Esportes e Cultura em \u00c9den, S\u00e3o Jo\u00e3o de Meriti [PERFIL]"},"content":{"rendered":"<p><a href=\"https:\/\/rioonwatch.org.br\/wp-content\/uploads\/2025\/06\/Uma-casinha-azul-turquesa-abriga-o-Projeto-Inclusao-foto-Poppy-Okyere-scaled-1-scaled-1.jpg\"><img fetchpriority=\"high\" decoding=\"async\" class=\"aligncenter wp-image-78398 size-full\" src=\"https:\/\/rioonwatch.org.br\/wp-content\/uploads\/2025\/06\/Uma-casinha-azul-turquesa-abriga-o-Projeto-Inclusao-foto-Poppy-Okyere-scaled-1-scaled-1.jpg\" alt=\"\" width=\"2560\" height=\"1781\" srcset=\"https:\/\/rioonwatch.org.br\/wp-content\/uploads\/2025\/06\/Uma-casinha-azul-turquesa-abriga-o-Projeto-Inclusao-foto-Poppy-Okyere-scaled-1-scaled-1.jpg 2560w, https:\/\/rioonwatch.org.br\/wp-content\/uploads\/2025\/06\/Uma-casinha-azul-turquesa-abriga-o-Projeto-Inclusao-foto-Poppy-Okyere-scaled-1-scaled-1-620x431.jpg 620w, https:\/\/rioonwatch.org.br\/wp-content\/uploads\/2025\/06\/Uma-casinha-azul-turquesa-abriga-o-Projeto-Inclusao-foto-Poppy-Okyere-scaled-1-scaled-1-768x534.jpg 768w, https:\/\/rioonwatch.org.br\/wp-content\/uploads\/2025\/06\/Uma-casinha-azul-turquesa-abriga-o-Projeto-Inclusao-foto-Poppy-Okyere-scaled-1-scaled-1-1536x1069.jpg 1536w, https:\/\/rioonwatch.org.br\/wp-content\/uploads\/2025\/06\/Uma-casinha-azul-turquesa-abriga-o-Projeto-Inclusao-foto-Poppy-Okyere-scaled-1-scaled-1-2048x1425.jpg 2048w\" sizes=\"(max-width: 2560px) 100vw, 2560px\" \/><\/a><\/p>\n<p style=\"text-align: right;\"><a href=\"https:\/\/bit.ly\/4mhpuGq\" target=\"_blank\" rel=\"noopener\"><em><strong>Click Here for English<\/strong><\/em><img decoding=\"async\" class=\"alignright wp-image-15790\" src=\"https:\/\/rioonwatch.org.br\/wp-content\/uploads\/2012\/08\/EN-standard-e1439583104716.jpg\" alt=\"\" width=\"20\" height=\"20\" \/><\/a><\/p>\n<p><i>Este artigo faz parte de uma\u00a0<\/i><a href=\"https:\/\/bit.ly\/PerfisRFS\" target=\"_blank\" rel=\"noopener\"><i>s\u00e9rie de perfis de iniciativas integrantes da Rede Favela Sustent\u00e1vel<\/i><\/a><i>.<\/i><\/p>\n<blockquote><p><strong><span style=\"text-decoration: underline;\">Iniciativa<\/span><\/strong>: Projeto Inclus\u00e3o<br \/>\n<strong><span style=\"text-decoration: underline;\">Contato<\/span><\/strong>: <a href=\"https:\/\/bit.ly\/3cQYFHv\" target=\"_blank\" rel=\"noopener\">Facebook<\/a>\u00a0|\u00a0<a href=\"https:\/\/bit.ly\/3xk1Lxb\" target=\"_blank\" rel=\"noopener\">Instagram<\/a><strong> |\u00a0<\/strong>WhatsApp +55 (21) 964686394 e 976688714<br \/>\n<strong><span style=\"text-decoration: underline;\">Ano de Funda\u00e7\u00e3o<\/span><\/strong>: 2014<br \/>\n<strong><span style=\"text-decoration: underline;\">Comunidade<\/span><\/strong>: \u00c9den, S\u00e3o Jo\u00e3o de Meriti<br \/>\n<strong><span style=\"text-decoration: underline;\">Miss\u00e3o<\/span><\/strong>: Transformar vidas atrav\u00e9s do amor ao pr\u00f3ximo, educa\u00e7\u00e3o, esporte e cultura.<br \/>\n<strong><span style=\"text-decoration: underline;\">Eventos P\u00fablicos<\/span><\/strong>: H\u00e1 uma variedade de atividades abertas ao p\u00fablico, como feiras de artesanato e mutir\u00f5es de coleta de lixo que promovem uma comunidade limpa, sustent\u00e1vel e a preserva\u00e7\u00e3o do meio ambiente. O projeto tamb\u00e9m celebra <a href=\"https:\/\/bit.ly\/3ZIRXwg\" target=\"_blank\" rel=\"noopener\">animadas festas juninas<\/a>. Informa\u00e7\u00f5es s\u00e3o divulgadas pelo perfil da institui\u00e7\u00e3o no <a href=\"https:\/\/bit.ly\/3xk1Lxb\" target=\"_blank\" rel=\"noopener\">Instagram<\/a> e por grupos de WhatsApp comunit\u00e1rios dos quais faz parte.<strong><strong><br \/>\n<\/strong><span style=\"text-decoration: underline;\">Como Contribuir<\/span><\/strong>: Doe o seu tempo por meio de trabalho volunt\u00e1rio, contribua com materiais e bens de necessidade espec\u00edfica (como lanches para as crian\u00e7as, biscoitos, material escolar e outros) ou fa\u00e7a doa\u00e7\u00f5es em dinheiro.<\/p><\/blockquote>\n<p><em>Escondida numa rua lateral da comunidade do <a href=\"https:\/\/bit.ly\/2TYIcYD\" target=\"_blank\" rel=\"noopener\">\u00c9den<\/a>, uma casinha azul-turquesa acolhedora, com um pequeno quintal, abriga o <a href=\"https:\/\/bit.ly\/3xk1Lxb\" target=\"_blank\" rel=\"noopener\">Projeto Inclus\u00e3o<\/a>. Um quadro fixado \u00e0 parede destaca a variedade de atividades e recursos oferecidos \u00e0 comunidade: de <a href=\"https:\/\/bit.ly\/3Z7ZeWe\" target=\"_blank\" rel=\"noopener\">xadrez<\/a> \u00e0 poesia, de literatura ao futebol. Entre as atividades est\u00e3o o atendimento terap\u00eautico, com psic\u00f3logo, neuropsicopedagoga e fonoaudi\u00f3loga para as pessoas da comunidade, auxiliando na aprendizagem, traumas e viv\u00eancias. Em parceria com a <a href=\"https:\/\/gerandofalcoes.com\">Gerando Falc\u00f5es<\/a> oferecem empregabilidade e renda com cursos para a comunidade. <\/em><em>Muitas fam\u00edlias desse bairro de <a href=\"https:\/\/bit.ly\/32hi3Hn\">S\u00e3o Jo\u00e3o de Meriti<\/a>, munic\u00edpio da <a href=\"https:\/\/bit.ly\/32JVvht\" target=\"_blank\" rel=\"noopener\">Baixada Fluminense<\/a>, conseguem arcar apenas com o b\u00e1sico para suprir suas necessidades fundamentais. Por meio de parcerias com outras organiza\u00e7\u00f5es, institui\u00e7\u00f5es e apoiadores privados, o Projeto Inclus\u00e3o atua para preencher essas lacunas, oferecendo acesso, acolhimento e oportunidades \u00e0 comunidade.<\/em><\/p>\n<h3>Como Tudo Come\u00e7ou: Origens e Filosofia Pedag\u00f3gica<\/h3>\n<figure id=\"attachment_78480\" aria-describedby=\"caption-attachment-78480\" style=\"width: 500px\" class=\"wp-caption alignright\"><a href=\"https:\/\/rioonwatch.org.br\/wp-content\/uploads\/2025\/06\/Projeto-Inclusao-Elida-Nascimento-e-o-marido-Marcos-Junior-scaled-1.jpg\"><img decoding=\"async\" class=\"wp-image-78480\" title=\"\u00c9lida Nascimento e o marido, Marcos J\u00fanior, fundadores do projeto. Quando trabalhava em uma escola, \u00c9lida percebeu que seus alunos enfrentavam dificuldades e sentiam-se desconectados com o que aprendiam\u2014uma preocupa\u00e7\u00e3o que deu origem ao Projeto Inclus\u00e3o. Foto: Pauline Okyere\" src=\"https:\/\/rioonwatch.org.br\/wp-content\/uploads\/2025\/06\/Projeto-Inclusao-Elida-Nascimento-e-o-marido-Marcos-Junior-scaled-1-620x465.jpg\" alt=\"\u00c9lida Nascimento e o marido, Marcos J\u00fanior, fundadores do projeto. Quando trabalhava em uma escola, \u00c9lida percebeu que seus alunos enfrentavam dificuldades e sentiam-se desconectados com o que aprendiam\u2014uma preocupa\u00e7\u00e3o que deu origem ao Projeto Inclus\u00e3o. Foto: Pauline Okyere\" width=\"500\" height=\"375\" srcset=\"https:\/\/rioonwatch.org.br\/wp-content\/uploads\/2025\/06\/Projeto-Inclusao-Elida-Nascimento-e-o-marido-Marcos-Junior-scaled-1-620x465.jpg 620w, https:\/\/rioonwatch.org.br\/wp-content\/uploads\/2025\/06\/Projeto-Inclusao-Elida-Nascimento-e-o-marido-Marcos-Junior-scaled-1-2000x1500.jpg 2000w, https:\/\/rioonwatch.org.br\/wp-content\/uploads\/2025\/06\/Projeto-Inclusao-Elida-Nascimento-e-o-marido-Marcos-Junior-scaled-1-768x576.jpg 768w, https:\/\/rioonwatch.org.br\/wp-content\/uploads\/2025\/06\/Projeto-Inclusao-Elida-Nascimento-e-o-marido-Marcos-Junior-scaled-1-1536x1152.jpg 1536w, https:\/\/rioonwatch.org.br\/wp-content\/uploads\/2025\/06\/Projeto-Inclusao-Elida-Nascimento-e-o-marido-Marcos-Junior-scaled-1-2048x1536.jpg 2048w, https:\/\/rioonwatch.org.br\/wp-content\/uploads\/2025\/06\/Projeto-Inclusao-Elida-Nascimento-e-o-marido-Marcos-Junior-scaled-1-678x509.jpg 678w, https:\/\/rioonwatch.org.br\/wp-content\/uploads\/2025\/06\/Projeto-Inclusao-Elida-Nascimento-e-o-marido-Marcos-Junior-scaled-1-326x245.jpg 326w, https:\/\/rioonwatch.org.br\/wp-content\/uploads\/2025\/06\/Projeto-Inclusao-Elida-Nascimento-e-o-marido-Marcos-Junior-scaled-1-80x60.jpg 80w\" sizes=\"(max-width: 500px) 100vw, 500px\" \/><\/a><figcaption id=\"caption-attachment-78480\" class=\"wp-caption-text\">\u00c9lida Nascimento e o marido, Marcos J\u00fanior, fundadores do projeto. Quando trabalhava em uma escola, \u00c9lida percebeu que seus alunos enfrentavam dificuldades e sentiam-se desconectados com o que aprendiam\u2014uma preocupa\u00e7\u00e3o que deu origem ao Projeto Inclus\u00e3o. Foto: Pauline Okyere<\/figcaption><\/figure>\n<p>O Projeto Inclus\u00e3o vem fortalecendo e ampliando a sociabilidade, o autoconhecimento e a autonomia dos moradores do \u00c9den desde 2014. Atuando em defesa da equidade, em especial para crian\u00e7as e jovens, a iniciativa desenvolve maneiras criativas e inteligentes de promover a <a href=\"https:\/\/bit.ly\/33Qij3a\" target=\"_blank\" rel=\"noopener\">educa\u00e7\u00e3o<\/a> e fomentar o conhecimento na comunidade.<\/p>\n<blockquote><p>\u201c\u00c9 um espa\u00e7o onde [os moradores] podem entrar, vir e ficar&#8230; se sentem em casa. O prop\u00f3sito \u00e9 esse mesmo, eles se sentirem em casa, mesmo, acolhidos de verdade.\u201d \u2014 \u00c9lida Nascimento<\/p><\/blockquote>\n<p>Fundado pela pedagoga \u00c9lida Nascimento e seu marido, Marcos Ant\u00f4nio J\u00fanior, o Projeto Inclus\u00e3o sempre teve a educa\u00e7\u00e3o como eixo principal. Na \u00e9poca em que trabalhava em uma escola, \u00c9lida percebeu que muitos de seus alunos enfrentavam <a href=\"https:\/\/bit.ly\/3x0X1uH\" target=\"_blank\" rel=\"noopener\">dificuldades no aprendizado<\/a>\u2014alguns, inclusive, j\u00e1 haviam repetido v\u00e1rias s\u00e9ries ainda muito pequenos. A falta de motiva\u00e7\u00e3o e de alegria das crian\u00e7as no ato de aprender era o que deixava \u00c9lida mais aflita. Foi sua busca pelas causas mais profundas desses desafios que deu origem ao Projeto Inclus\u00e3o.<\/p>\n<p>A princ\u00edpio, \u00c9lida e Marcos n\u00e3o tinham a inten\u00e7\u00e3o de fundar uma institui\u00e7\u00e3o. A ideia foi ganhando forma \u00e0 medida que percebiam que o refor\u00e7o educacional n\u00e3o formal conduzia a melhores resultados escolares, mais alegria no aprendizado e transforma\u00e7\u00f5es sociais. O que come\u00e7ou como uma pequena iniciativa para ajudar um grupo de dez crian\u00e7as cresceu rapidamente, com outro grupo surgindo logo em seguida.<\/p>\n<p>Desde o primeiro curso, em 2014, voltado \u00e0 <a href=\"https:\/\/bit.ly\/3T2sXMS\" target=\"_blank\" rel=\"noopener\">alfabetiza\u00e7\u00e3o<\/a> de dez crian\u00e7as, \u00c9lida se empenha em adotar uma abordagem diferente dos m\u00e9todos tradicionais da educa\u00e7\u00e3o formal. Um dos pilares da metodologia do Projeto Inclus\u00e3o \u00e9 criar conte\u00fados a partir das viv\u00eancias das crian\u00e7as e destacar as conex\u00f5es entre os temas curriculares e sua relev\u00e2ncia no cotidiano dos alunos. A proposta tamb\u00e9m enfatiza o reconhecimento e o desenvolvimento do que \u00c9lida chama de \u201cintelig\u00eancias m\u00faltiplas\u201d, incentivando as crian\u00e7as a descobrirem suas pr\u00f3prias habilidades e talentos, em vez de se compararem constantemente com os outros.<\/p>\n<figure id=\"attachment_78497\" aria-describedby=\"caption-attachment-78497\" style=\"width: 2560px\" class=\"wp-caption aligncenter\"><a href=\"https:\/\/rioonwatch.org.br\/wp-content\/uploads\/2025\/06\/Projeto-Inclusao-Pauline-Okyere-scaled.jpg\"><img loading=\"lazy\" decoding=\"async\" class=\"wp-image-78497 size-full\" title=\"Esporte, arte, aprendizado e muito carinho se fazem presentes em cada canto do Projeto Inclus\u00e3o. Tudo ali \u00e9 pensado com cuidado e inten\u00e7\u00e3o para construir esperan\u00e7a, conhecimento e oportunidades para toda a comunidade. Foto: Pauline Okyere\" src=\"https:\/\/rioonwatch.org.br\/wp-content\/uploads\/2025\/06\/Projeto-Inclusao-Pauline-Okyere-scaled.jpg\" alt=\"Esporte, arte, aprendizado e muito carinho se fazem presentes em cada canto do Projeto Inclus\u00e3o. Tudo ali \u00e9 pensado com cuidado e inten\u00e7\u00e3o para construir esperan\u00e7a, conhecimento e oportunidades para toda a comunidade. Foto: Pauline Okyere\" width=\"2560\" height=\"2272\" srcset=\"https:\/\/rioonwatch.org.br\/wp-content\/uploads\/2025\/06\/Projeto-Inclusao-Pauline-Okyere-scaled.jpg 2560w, https:\/\/rioonwatch.org.br\/wp-content\/uploads\/2025\/06\/Projeto-Inclusao-Pauline-Okyere-620x550.jpg 620w, https:\/\/rioonwatch.org.br\/wp-content\/uploads\/2025\/06\/Projeto-Inclusao-Pauline-Okyere-1690x1500.jpg 1690w, https:\/\/rioonwatch.org.br\/wp-content\/uploads\/2025\/06\/Projeto-Inclusao-Pauline-Okyere-768x682.jpg 768w, https:\/\/rioonwatch.org.br\/wp-content\/uploads\/2025\/06\/Projeto-Inclusao-Pauline-Okyere-1536x1363.jpg 1536w, https:\/\/rioonwatch.org.br\/wp-content\/uploads\/2025\/06\/Projeto-Inclusao-Pauline-Okyere-2048x1818.jpg 2048w\" sizes=\"(max-width: 2560px) 100vw, 2560px\" \/><\/a><figcaption id=\"caption-attachment-78497\" class=\"wp-caption-text\">Esporte, arte, aprendizado e muito carinho se fazem presentes em cada canto do Projeto Inclus\u00e3o. Tudo ali \u00e9 pensado com cuidado e inten\u00e7\u00e3o para construir esperan\u00e7a, conhecimento e oportunidades para toda a comunidade. Foto: Pauline Okyere<\/figcaption><\/figure>\n<p>A educa\u00e7\u00e3o e o conhecimento s\u00e3o apresentados aos participantes de forma leve e envolvente, muitas vezes incorporando brincadeiras, livros de hist\u00f3rias, <a href=\"https:\/\/bit.ly\/1TDWJkq\" target=\"_blank\" rel=\"noopener\">m\u00fasica<\/a> e <a href=\"https:\/\/bit.ly\/1wcf1Pv\">esportes<\/a>. Assim, os cursos oferecidos pelo Projeto Inclus\u00e3o t\u00eam um impacto maior do que pode parecer \u00e0 primeira vista. Os participantes v\u00e3o desenvolvendo autoconfian\u00e7a, respeito e amor-pr\u00f3prio de maneira sutil. Al\u00e9m disso, aprendem a valorizar os la\u00e7os comunit\u00e1rios e a reconhecer a import\u00e2ncia de recursos intang\u00edveis, como a <a href=\"https:\/\/bit.ly\/3hwffNz\" target=\"_blank\" rel=\"noopener\">sa\u00fade<\/a> e a educa\u00e7\u00e3o.<\/p>\n<blockquote><p><span style=\"font-weight: 400;\">\u201cNo nosso pa\u00eds a gente perde muito por falta de informa\u00e7\u00e3o mesmo, de conhecimento&#8230; falta muita informa\u00e7\u00e3o. Por mais que a gente tenha todo esse acesso \u00e0 internet hoje, a informa\u00e7\u00e3o n\u00e3o chega com clareza para as pessoas. E isso dificulta muito.\u201d \u2014 \u00c9lida Nascimento\u00a0<\/span><\/p><\/blockquote>\n<h3>Acesso, Dignidade e Pertencimento<\/h3>\n<figure id=\"attachment_78481\" aria-describedby=\"caption-attachment-78481\" style=\"width: 500px\" class=\"wp-caption alignright\"><a href=\"https:\/\/rioonwatch.org.br\/wp-content\/uploads\/2025\/06\/Projeto-Inclusao-cantinho-da-leitura-foto-Pauline-Okeyere-scaled-1.jpg\"><img loading=\"lazy\" decoding=\"async\" class=\"wp-image-78481\" title=\"A esta\u00e7\u00e3o de leitura do Projeto Inclus\u00e3o, onde qualquer pessoa pode passar e pegar um livro emprestado. A leitura \u00e9 incentivada como forma de explorar novas hist\u00f3rias, ideias e mundos. Foto: Pauline Okyere\" src=\"https:\/\/rioonwatch.org.br\/wp-content\/uploads\/2025\/06\/Projeto-Inclusao-cantinho-da-leitura-foto-Pauline-Okeyere-scaled-1-620x465.jpg\" alt=\"A esta\u00e7\u00e3o de leitura do Projeto Inclus\u00e3o, onde qualquer pessoa pode passar e pegar um livro emprestado. A leitura \u00e9 incentivada como forma de explorar novas hist\u00f3rias, ideias e mundos. Foto: Pauline Okyere\" width=\"500\" height=\"375\" srcset=\"https:\/\/rioonwatch.org.br\/wp-content\/uploads\/2025\/06\/Projeto-Inclusao-cantinho-da-leitura-foto-Pauline-Okeyere-scaled-1-620x465.jpg 620w, https:\/\/rioonwatch.org.br\/wp-content\/uploads\/2025\/06\/Projeto-Inclusao-cantinho-da-leitura-foto-Pauline-Okeyere-scaled-1-2000x1500.jpg 2000w, https:\/\/rioonwatch.org.br\/wp-content\/uploads\/2025\/06\/Projeto-Inclusao-cantinho-da-leitura-foto-Pauline-Okeyere-scaled-1-768x576.jpg 768w, https:\/\/rioonwatch.org.br\/wp-content\/uploads\/2025\/06\/Projeto-Inclusao-cantinho-da-leitura-foto-Pauline-Okeyere-scaled-1-1536x1152.jpg 1536w, https:\/\/rioonwatch.org.br\/wp-content\/uploads\/2025\/06\/Projeto-Inclusao-cantinho-da-leitura-foto-Pauline-Okeyere-scaled-1-2048x1536.jpg 2048w, https:\/\/rioonwatch.org.br\/wp-content\/uploads\/2025\/06\/Projeto-Inclusao-cantinho-da-leitura-foto-Pauline-Okeyere-scaled-1-678x509.jpg 678w, https:\/\/rioonwatch.org.br\/wp-content\/uploads\/2025\/06\/Projeto-Inclusao-cantinho-da-leitura-foto-Pauline-Okeyere-scaled-1-326x245.jpg 326w, https:\/\/rioonwatch.org.br\/wp-content\/uploads\/2025\/06\/Projeto-Inclusao-cantinho-da-leitura-foto-Pauline-Okeyere-scaled-1-80x60.jpg 80w\" sizes=\"(max-width: 500px) 100vw, 500px\" \/><\/a><figcaption id=\"caption-attachment-78481\" class=\"wp-caption-text\">A esta\u00e7\u00e3o de leitura do Projeto Inclus\u00e3o, onde qualquer pessoa pode passar e pegar um livro emprestado. A leitura \u00e9 incentivada como forma de explorar novas hist\u00f3rias, ideias e mundos. Foto: Pauline Okyere<\/figcaption><\/figure>\n<p>Uma r\u00e1pida olhada pelo perfil da organiza\u00e7\u00e3o <a href=\"https:\/\/bit.ly\/3xk1Lxb\">no Instagram<\/a> mostra quanta reflex\u00e3o, cuidado e consci\u00eancia inspiram as atividades. As <a href=\"https:\/\/bit.ly\/3Zpeyh7\" target=\"_blank\" rel=\"noopener\">oficinas de leitura<\/a>, por exemplo, estimulam a empatia, convidando as crian\u00e7as a se colocarem no lugar do outro, vivenciando realidades diferentes e enxergando o mundo atrav\u00e9s de outras lentes. Elas tamb\u00e9m fortalecem la\u00e7os de fam\u00edlia ao convidarem pais e filhos a lerem juntos. Atividades esportivas e culturais s\u00e3o igualmente intencionais. O futebol vai al\u00e9m do jogo, pois ensina coletividade, inclus\u00e3o e <a href=\"https:\/\/bit.ly\/2Xgzmbx\" target=\"_blank\" rel=\"noopener\">sentimento de pertencimento<\/a>. Al\u00e9m da express\u00e3o art\u00edstica e do exerc\u00edcio f\u00edsico, a <a href=\"https:\/\/bit.ly\/4k70LEk\" target=\"_blank\" rel=\"noopener\">capoeira<\/a> promove respeito, disciplina e coopera\u00e7\u00e3o, ao mesmo tempo que celebra a <a href=\"https:\/\/bit.ly\/1ruUDso\" target=\"_blank\" rel=\"noopener\">cultura afro-brasileira<\/a>. Em uma comunidade majoritariamente negra como o \u00c9den, essas atividades oferecem n\u00e3o apenas movimento, mas tamb\u00e9m uma conex\u00e3o mais profunda com a hist\u00f3ria, a identidade e a diversidade que definem n\u00e3o s\u00f3 a comunidade, como todo o pa\u00eds. Cada postagem, seja ela sobre literatura, esporte ou arte, reflete a abordagem pedag\u00f3gica cuidadosamente constru\u00edda pelo projeto, com cada detalhe pensado para educar, empoderar e unir a comunidade.<\/p>\n<p>Embora o Projeto Inclus\u00e3o tamb\u00e9m ofere\u00e7a uma variedade de cursos voltados especificamente para <a href=\"https:\/\/bit.ly\/44Fqw9Z\">adultos e idosos<\/a>, seu foco continua sendo o apoio a crian\u00e7as e adolescentes. Com o tempo, a equipe percebeu que, trabalhando com as crian\u00e7as do \u00c9den, naturalmente alcan\u00e7ava suas fam\u00edlias. Hoje, a iniciativa \u00e9 amplamente conhecida em toda a favela. A educa\u00e7\u00e3o por meio do esporte, da <a href=\"https:\/\/bit.ly\/1N7w66v\" target=\"_blank\" rel=\"noopener\">arte<\/a>, da <a href=\"https:\/\/bit.ly\/1Y1P5lT\" target=\"_blank\" rel=\"noopener\">literatura<\/a> e da m\u00fasica \u00e9 vista n\u00e3o s\u00f3 como uma ferramenta de crescimento individual, mas tamb\u00e9m como um meio de fortalecer toda a comunidade.<\/p>\n<figure id=\"attachment_78484\" aria-describedby=\"caption-attachment-78484\" style=\"width: 500px\" class=\"wp-caption alignright\"><a href=\"https:\/\/rioonwatch.org.br\/wp-content\/uploads\/2025\/06\/Aula-de-informtatica-no-Projeto-Inclusao-Foto-Poppy-Okyere.jpg\"><img loading=\"lazy\" decoding=\"async\" class=\"wp-image-78484\" title=\"Aula de inform\u00e1tica no Projeto Inclus\u00e3o. Foto: Pauline Okyere\" src=\"https:\/\/rioonwatch.org.br\/wp-content\/uploads\/2025\/06\/Aula-de-informtatica-no-Projeto-Inclusao-Foto-Poppy-Okyere-620x465.jpg\" alt=\"Aula de inform\u00e1tica no Projeto Inclus\u00e3o. Foto: Pauline Okyere\" width=\"500\" height=\"375\" srcset=\"https:\/\/rioonwatch.org.br\/wp-content\/uploads\/2025\/06\/Aula-de-informtatica-no-Projeto-Inclusao-Foto-Poppy-Okyere-620x465.jpg 620w, https:\/\/rioonwatch.org.br\/wp-content\/uploads\/2025\/06\/Aula-de-informtatica-no-Projeto-Inclusao-Foto-Poppy-Okyere-768x576.jpg 768w, https:\/\/rioonwatch.org.br\/wp-content\/uploads\/2025\/06\/Aula-de-informtatica-no-Projeto-Inclusao-Foto-Poppy-Okyere-1536x1152.jpg 1536w, https:\/\/rioonwatch.org.br\/wp-content\/uploads\/2025\/06\/Aula-de-informtatica-no-Projeto-Inclusao-Foto-Poppy-Okyere-678x509.jpg 678w, https:\/\/rioonwatch.org.br\/wp-content\/uploads\/2025\/06\/Aula-de-informtatica-no-Projeto-Inclusao-Foto-Poppy-Okyere-326x245.jpg 326w, https:\/\/rioonwatch.org.br\/wp-content\/uploads\/2025\/06\/Aula-de-informtatica-no-Projeto-Inclusao-Foto-Poppy-Okyere-80x60.jpg 80w, https:\/\/rioonwatch.org.br\/wp-content\/uploads\/2025\/06\/Aula-de-informtatica-no-Projeto-Inclusao-Foto-Poppy-Okyere.jpg 1600w\" sizes=\"(max-width: 500px) 100vw, 500px\" \/><\/a><figcaption id=\"caption-attachment-78484\" class=\"wp-caption-text\">Aula de inform\u00e1tica no Projeto Inclus\u00e3o. Foto: Pauline Okyere<\/figcaption><\/figure>\n<p>Apesar do impacto positivo que a iniciativa j\u00e1 teve na vida de muitas fam\u00edlias, o cotidiano da favela ainda imp\u00f5e desafios significativos. A maioria dos servi\u00e7os p\u00fablicos e das atividades culturais fica concentrada em outras partes da cidade, o que obriga os moradores do \u00c9den a caminhar grandes dist\u00e2ncias ou gastar com <a href=\"https:\/\/bit.ly\/364yc50\" target=\"_blank\" rel=\"noopener\">transporte p\u00fablico<\/a> quantias das quais muitas vezes n\u00e3o disp\u00f5em. \u00c0s vezes o projeto ajuda a cobrir esses custos, mas os recursos s\u00e3o limitados.<\/p>\n<p>Ainda assim, a organiza\u00e7\u00e3o segue em frente, oferecendo uma programa\u00e7\u00e3o semanal consistente que inclui poesia, leitura, inform\u00e1tica, futebol, xadrez e capoeira. Mesmo quando as atividades precisam ser reduzidas, o foco continua sendo em garantir <a href=\"https:\/\/bit.ly\/1XvDqvk\" target=\"_blank\" rel=\"noopener\">acesso<\/a> significativo \u00e0 educa\u00e7\u00e3o e \u00e0 cultura dentro da pr\u00f3pria comunidade.<\/p>\n<blockquote><p>\u201cAs pessoas acham que para viver bem t\u00eam que sair daqui e n\u00e3o, voc\u00ea pode viver bem aqui! Voc\u00ea pode ter acesso por aqui. \u00c9 mais dif\u00edcil? \u00c9, mas \u00e9 poss\u00edvel ter. \u00c9 um processo. A gente procura muito isso. Trabalhar tamb\u00e9m essa quest\u00e3o da mente das pessoas e falar de pertencimento, mesmo: \u2018Eu gosto daqui, eu tenho contato com a minha vizinhan\u00e7a, l\u00e1 tem um bom curso, tem um bom acesso\u2026 tem vida de qualidade na minha comunidade.\u2019\u201d \u2014 \u00c9lida Nascimento<\/p><\/blockquote>\n<h3>De Olho no Futuro<\/h3>\n<p>Com o apoio de volunt\u00e1rios e organiza\u00e7\u00f5es parceiras, o Projeto Inclus\u00e3o espera, em breve, lan\u00e7ar um <a href=\"https:\/\/bit.ly\/3LlCOb9\" target=\"_blank\" rel=\"noopener\">pr\u00e9-vestibular popular<\/a>. Tamb\u00e9m est\u00e1 nos planos futuros transformar o espa\u00e7o em um polo oficial de aplica\u00e7\u00e3o do vestibular, de forma a reduzir ainda mais as barreiras de acesso dos moradores locais ao ensino superior.<\/p>\n<p>Outro objetivo \u00e9 expandir a \u00e1rea de forma\u00e7\u00e3o em tecnologia. Com o mercado de trabalho cada vez mais voltado para o digital, a iniciativa busca oferecer uma capacita\u00e7\u00e3o mais aprofundada em inform\u00e1tica, ajudando crian\u00e7as e adolescentes da comunidade a desenvolver habilidades pr\u00e1ticas e ampliar suas chances de inser\u00e7\u00e3o no mundo do trabalho.<\/p>\n<p>Os planos para novos cursos s\u00e3o t\u00e3o diversos quanto as necessidades da comunidade, abrangendo temas como maternidade, <a href=\"https:\/\/bit.ly\/2THofFi\" target=\"_blank\" rel=\"noopener\">consci\u00eancia ambiental<\/a> e <a href=\"https:\/\/bit.ly\/2zkfSGC\" target=\"_blank\" rel=\"noopener\">sustentabilidade<\/a>. Por meio da Rede Favela Sustent\u00e1vel (<a href=\"https:\/\/bit.ly\/RFSnoROW\" target=\"_blank\" rel=\"noopener\">RFS<\/a>), os fundadores \u00c9lida Nascimento e Marcos Ant\u00f4nio J\u00fanior receberam forma\u00e7\u00f5es valiosas, firmaram importantes parcerias e encontraram energia renovada para seguir fazendo o que fazem de melhor: construir esperan\u00e7a, conhecimento e oportunidades de dentro de sua pr\u00f3pria comunidade.<\/p>\n<p><em>Para mais informa\u00e7\u00f5es ou para participar do projeto, entre em contato com o Projeto Inclus\u00e3o por meio de suas redes sociais no <a href=\"https:\/\/bit.ly\/3xk1Lxb\" target=\"_blank\" rel=\"noopener\">Instagram<\/a>, WhatsApp e\u00a0<a href=\"https:\/\/bit.ly\/3cQYFHv\" target=\"_blank\" rel=\"noopener\">Facebook<\/a>.<\/em><\/p>\n<div style=\"width: 1030px; height: 750px; background: #000; display: flex; align-items: center; justify-content: center;\"><iframe style=\"border: none; overflow: hidden;\" src=\"https:\/\/www.facebook.com\/plugins\/video.php?height=476&amp;href=https%3A%2F%2Fwww.facebook.com%2Fpieden2014%2Fvideos%2F546719398478717%2F&amp;show_text=false&amp;width=267&amp;t=0\" width=\"563\" height=\"750\" frameborder=\"0\" scrolling=\"no\" allowfullscreen=\"allowfullscreen\"><br \/>\n<\/iframe><\/div>\n<hr \/>\n<h4><b data-stringify-type=\"bold\">Apoie nossos esfor\u00e7os para fornecer apoio estrat\u00e9gico \u00e0s favelas do Rio, incluindo o jornalismo hiperlocal, cr\u00edtico, inovador e incans\u00e1vel do\u00a0<\/b><b data-stringify-type=\"bold\"><i data-stringify-type=\"italic\">RioOnWatch<\/i><\/b>\u2014<a class=\"c-link\" href=\"http:\/\/www.bit.ly\/ApoieROW\" rel=\"noopener noreferrer\" data-stringify-link=\"http:\/\/www.bit.ly\/ApoieROW\" data-sk=\"tooltip_parent\">doe aqui<\/a>.<\/h4>\n<!-- AddThis Advanced Settings generic via filter on the_content --><!-- AddThis Share Buttons generic via filter on the_content -->","protected":false},"excerpt":{"rendered":"<div class=\"mh-excerpt\"><p>Click Here for English Este artigo faz parte de uma\u00a0s\u00e9rie de perfis de iniciativas integrantes da Rede Favela Sustent\u00e1vel. Iniciativa: Projeto Inclus\u00e3o Contato: Facebook\u00a0|\u00a0Instagram |\u00a0WhatsApp +55 (21) 964686394 e 976688714 Ano de Funda\u00e7\u00e3o: 2014 Comunidade: <a class=\"mh-excerpt-more\" href=\"https:\/\/rioonwatch.org.br\/?p=78397\" title=\"Projeto Inclus\u00e3o: Transformando Vidas Por Meio do Amor ao Pr\u00f3ximo, Educa\u00e7\u00e3o, Esportes e Cultura em \u00c9den, S\u00e3o Jo\u00e3o de Meriti [PERFIL]\">[&#8230;]<\/a><!-- AddThis Advanced Settings generic via filter on get_the_excerpt --><!-- AddThis Share Buttons generic via filter on get_the_excerpt --><\/p>\n<\/div>","protected":false},"author":189,"featured_media":78398,"comment_status":"closed","ping_status":"closed","sticky":false,"template":"template-full.php","format":"standard","meta":{"_acf_changed":false,"_monsterinsights_skip_tracking":false,"_monsterinsights_sitenote_active":false,"_monsterinsights_sitenote_note":"","_monsterinsights_sitenote_category":0,"footnotes":""},"categories":[1621,1629,1626,1388,1616,1612,342],"tags":[934,1905,334,959,921,81,876,2866,316,292,1120,1554,1372,113,20,276,2074,104,112,2539,1347,476],"writer":[3573],"translator":[],"source":[],"ilustrador":[],"fotografo":[],"class_list":{"0":"post-78397","1":"post","2":"type-post","3":"status-publish","4":"format-standard","5":"has-post-thumbnail","7":"category-destaque","8":"category-entrevistas-e-perfis","9":"category-por-observadores-internacionais","10":"category-formas-de-apoiar","11":"category-qualidades-da-favela","12":"category-sociedade-civil","13":"category-solucoes","14":"tag-acesso","15":"tag-alfabetizacao","16":"tag-arte","17":"tag-baixada-fluminense","18":"tag-capoeira","19":"tag-cultura","20":"tag-direitos-da-crianca","21":"tag-eden","22":"tag-educacao","23":"tag-esporte","24":"tag-futebol","25":"tag-gestao-de-residuos","26":"tag-grande-rio","27":"tag-juventude","28":"tag-musica","29":"tag-mutirao","30":"tag-rede-favela-sustentavel","31":"tag-pvnc","32":"tag-sao-joao-de-meriti","33":"tag-sentimento-de-pertencimento","34":"tag-solucao","35":"tag-solucao-comunitaria","36":"writer-pauline-okyere"},"acf":[],"yoast_head":"<!-- This site is optimized with the Yoast SEO plugin v25.6 - https:\/\/yoast.com\/wordpress\/plugins\/seo\/ -->\n<title>Projeto Inclus\u00e3o: Transformando Vidas Por Meio do Amor ao Pr\u00f3ximo, Educa\u00e7\u00e3o, Esportes e Cultura em \u00c9den, S\u00e3o Jo\u00e3o de Meriti [PERFIL] - RioOnWatch<\/title>\n<meta name=\"robots\" content=\"index, follow, max-snippet:-1, max-image-preview:large, max-video-preview:-1\" \/>\n<link rel=\"canonical\" href=\"https:\/\/rioonwatch.org.br\/?p=78397\" \/>\n<meta property=\"og:locale\" content=\"pt_BR\" \/>\n<meta property=\"og:type\" content=\"article\" \/>\n<meta property=\"og:title\" content=\"Projeto Inclus\u00e3o: Transformando Vidas Por Meio do Amor ao Pr\u00f3ximo, Educa\u00e7\u00e3o, Esportes e Cultura em \u00c9den, S\u00e3o Jo\u00e3o de Meriti [PERFIL] - RioOnWatch\" \/>\n<meta property=\"og:description\" content=\"Click Here for English Este artigo faz parte de uma\u00a0s\u00e9rie de perfis de iniciativas integrantes da Rede Favela Sustent\u00e1vel. Iniciativa: Projeto Inclus\u00e3o Contato: Facebook\u00a0|\u00a0Instagram |\u00a0WhatsApp +55 (21) 964686394 e 976688714 Ano de Funda\u00e7\u00e3o: 2014 Comunidade: [...]\" \/>\n<meta property=\"og:url\" content=\"https:\/\/rioonwatch.org.br\/?p=78397\" \/>\n<meta property=\"og:site_name\" content=\"RioOnWatch\" \/>\n<meta property=\"article:published_time\" content=\"2025-08-30T00:21:28+00:00\" \/>\n<meta property=\"article:modified_time\" content=\"2025-11-14T14:51:01+00:00\" \/>\n<meta property=\"og:image\" content=\"https:\/\/rioonwatch.org.br\/wp-content\/uploads\/2025\/06\/Uma-casinha-azul-turquesa-abriga-o-Projeto-Inclusao-foto-Poppy-Okyere-scaled-1-scaled-1.jpg\" \/>\n\t<meta property=\"og:image:width\" content=\"2560\" \/>\n\t<meta property=\"og:image:height\" content=\"1781\" \/>\n\t<meta property=\"og:image:type\" content=\"image\/jpeg\" \/>\n<meta name=\"author\" content=\"Clau Guimar\u00e3es\" \/>\n<meta name=\"twitter:card\" content=\"summary_large_image\" \/>\n<meta name=\"twitter:label1\" content=\"Escrito por\" \/>\n\t<meta name=\"twitter:data1\" content=\"Clau Guimar\u00e3es\" \/>\n\t<meta name=\"twitter:label2\" content=\"Est. tempo de leitura\" \/>\n\t<meta name=\"twitter:data2\" content=\"9 minutos\" \/>\n<script type=\"application\/ld+json\" class=\"yoast-schema-graph\">{\"@context\":\"https:\/\/schema.org\",\"@graph\":[{\"@type\":\"Article\",\"@id\":\"https:\/\/rioonwatch.org.br\/?p=78397#article\",\"isPartOf\":{\"@id\":\"https:\/\/rioonwatch.org.br\/?p=78397\"},\"author\":{\"name\":\"Clau Guimar\u00e3es\",\"@id\":\"https:\/\/rioonwatch.org.br\/#\/schema\/person\/60477056fd70290836c7501475e308f3\"},\"headline\":\"Projeto Inclus\u00e3o: Transformando Vidas Por Meio do Amor ao Pr\u00f3ximo, Educa\u00e7\u00e3o, Esportes e Cultura em \u00c9den, S\u00e3o Jo\u00e3o de Meriti [PERFIL]\",\"datePublished\":\"2025-08-30T00:21:28+00:00\",\"dateModified\":\"2025-11-14T14:51:01+00:00\",\"mainEntityOfPage\":{\"@id\":\"https:\/\/rioonwatch.org.br\/?p=78397\"},\"wordCount\":1748,\"publisher\":{\"@id\":\"https:\/\/rioonwatch.org.br\/#organization\"},\"image\":{\"@id\":\"https:\/\/rioonwatch.org.br\/?p=78397#primaryimage\"},\"thumbnailUrl\":\"https:\/\/rioonwatch.org.br\/wp-content\/uploads\/2025\/06\/Uma-casinha-azul-turquesa-abriga-o-Projeto-Inclusao-foto-Poppy-Okyere-scaled-1-scaled-1.jpg\",\"keywords\":[\"acesso\",\"alfabetiza\u00e7\u00e3o\",\"arte\",\"Baixada Fluminense\",\"capoeira\",\"cultura\",\"direitos da crian\u00e7a\",\"\u00c9den\",\"educa\u00e7\u00e3o\",\"esporte\",\"futebol\",\"gest\u00e3o de res\u00edduos\",\"Grande Rio\",\"juventude\",\"m\u00fasica\",\"mutir\u00e3o\",\"Perfis Integrantes da Rede Favela Sustent\u00e1vel\",\"Pr\u00e9-Vestibular\",\"S\u00e3o Jo\u00e3o de Meriti\",\"sentimento de pertencimento\",\"solu\u00e7\u00e3o\",\"solu\u00e7\u00e3o comunit\u00e1ria\"],\"articleSection\":[\"*Destaque\",\"Entrevistas e Perfis\",\"Escrito por Aliados\",\"Formas de Apoiar\",\"Qualidades da Favela\",\"Sociedade Civil\",\"Solu\u00e7\u00f5es\"],\"inLanguage\":\"pt-BR\"},{\"@type\":\"WebPage\",\"@id\":\"https:\/\/rioonwatch.org.br\/?p=78397\",\"url\":\"https:\/\/rioonwatch.org.br\/?p=78397\",\"name\":\"Projeto Inclus\u00e3o: Transformando Vidas Por Meio do Amor ao Pr\u00f3ximo, Educa\u00e7\u00e3o, Esportes e Cultura em \u00c9den, S\u00e3o Jo\u00e3o de Meriti [PERFIL] - RioOnWatch\",\"isPartOf\":{\"@id\":\"https:\/\/rioonwatch.org.br\/#website\"},\"primaryImageOfPage\":{\"@id\":\"https:\/\/rioonwatch.org.br\/?p=78397#primaryimage\"},\"image\":{\"@id\":\"https:\/\/rioonwatch.org.br\/?p=78397#primaryimage\"},\"thumbnailUrl\":\"https:\/\/rioonwatch.org.br\/wp-content\/uploads\/2025\/06\/Uma-casinha-azul-turquesa-abriga-o-Projeto-Inclusao-foto-Poppy-Okyere-scaled-1-scaled-1.jpg\",\"datePublished\":\"2025-08-30T00:21:28+00:00\",\"dateModified\":\"2025-11-14T14:51:01+00:00\",\"breadcrumb\":{\"@id\":\"https:\/\/rioonwatch.org.br\/?p=78397#breadcrumb\"},\"inLanguage\":\"pt-BR\",\"potentialAction\":[{\"@type\":\"ReadAction\",\"target\":[\"https:\/\/rioonwatch.org.br\/?p=78397\"]}]},{\"@type\":\"ImageObject\",\"inLanguage\":\"pt-BR\",\"@id\":\"https:\/\/rioonwatch.org.br\/?p=78397#primaryimage\",\"url\":\"https:\/\/rioonwatch.org.br\/wp-content\/uploads\/2025\/06\/Uma-casinha-azul-turquesa-abriga-o-Projeto-Inclusao-foto-Poppy-Okyere-scaled-1-scaled-1.jpg\",\"contentUrl\":\"https:\/\/rioonwatch.org.br\/wp-content\/uploads\/2025\/06\/Uma-casinha-azul-turquesa-abriga-o-Projeto-Inclusao-foto-Poppy-Okyere-scaled-1-scaled-1.jpg\",\"width\":2560,\"height\":1781},{\"@type\":\"BreadcrumbList\",\"@id\":\"https:\/\/rioonwatch.org.br\/?p=78397#breadcrumb\",\"itemListElement\":[{\"@type\":\"ListItem\",\"position\":1,\"name\":\"In\u00edcio\",\"item\":\"https:\/\/rioonwatch.org.br\/\"},{\"@type\":\"ListItem\",\"position\":2,\"name\":\"Projeto Inclus\u00e3o: Transformando Vidas Por Meio do Amor ao Pr\u00f3ximo, Educa\u00e7\u00e3o, Esportes e Cultura em \u00c9den, S\u00e3o Jo\u00e3o de Meriti [PERFIL]\"}]},{\"@type\":\"WebSite\",\"@id\":\"https:\/\/rioonwatch.org.br\/#website\",\"url\":\"https:\/\/rioonwatch.org.br\/\",\"name\":\"RioOnWatch\",\"description\":\"relatos das favelas cariocas\",\"publisher\":{\"@id\":\"https:\/\/rioonwatch.org.br\/#organization\"},\"potentialAction\":[{\"@type\":\"SearchAction\",\"target\":{\"@type\":\"EntryPoint\",\"urlTemplate\":\"https:\/\/rioonwatch.org.br\/?s={search_term_string}\"},\"query-input\":{\"@type\":\"PropertyValueSpecification\",\"valueRequired\":true,\"valueName\":\"search_term_string\"}}],\"inLanguage\":\"pt-BR\"},{\"@type\":\"Organization\",\"@id\":\"https:\/\/rioonwatch.org.br\/#organization\",\"name\":\"RioOnWatch\",\"url\":\"https:\/\/rioonwatch.org.br\/\",\"logo\":{\"@type\":\"ImageObject\",\"inLanguage\":\"pt-BR\",\"@id\":\"https:\/\/rioonwatch.org.br\/#\/schema\/logo\/image\/\",\"url\":\"https:\/\/rioonwatch.org.br\/wp-content\/uploads\/2021\/06\/RioOnWatchcabecalhoPT11anos-2.png\",\"contentUrl\":\"https:\/\/rioonwatch.org.br\/wp-content\/uploads\/2021\/06\/RioOnWatchcabecalhoPT11anos-2.png\",\"width\":779,\"height\":277,\"caption\":\"RioOnWatch\"},\"image\":{\"@id\":\"https:\/\/rioonwatch.org.br\/#\/schema\/logo\/image\/\"}},{\"@type\":\"Person\",\"@id\":\"https:\/\/rioonwatch.org.br\/#\/schema\/person\/60477056fd70290836c7501475e308f3\",\"name\":\"Clau Guimar\u00e3es\",\"image\":{\"@type\":\"ImageObject\",\"inLanguage\":\"pt-BR\",\"@id\":\"https:\/\/rioonwatch.org.br\/#\/schema\/person\/image\/\",\"url\":\"https:\/\/secure.gravatar.com\/avatar\/d3c7c802891cd0be7580519c331d257f?s=96&d=blank&r=g\",\"contentUrl\":\"https:\/\/secure.gravatar.com\/avatar\/d3c7c802891cd0be7580519c331d257f?s=96&d=blank&r=g\",\"caption\":\"Clau Guimar\u00e3es\"},\"url\":\"https:\/\/rioonwatch.org.br\/?author=189\"}]}<\/script>\n<!-- \/ Yoast SEO plugin. -->","yoast_head_json":{"title":"Projeto Inclus\u00e3o: Transformando Vidas Por Meio do Amor ao Pr\u00f3ximo, Educa\u00e7\u00e3o, Esportes e Cultura em \u00c9den, S\u00e3o Jo\u00e3o de Meriti [PERFIL] - RioOnWatch","robots":{"index":"index","follow":"follow","max-snippet":"max-snippet:-1","max-image-preview":"max-image-preview:large","max-video-preview":"max-video-preview:-1"},"canonical":"https:\/\/rioonwatch.org.br\/?p=78397","og_locale":"pt_BR","og_type":"article","og_title":"Projeto Inclus\u00e3o: Transformando Vidas Por Meio do Amor ao Pr\u00f3ximo, Educa\u00e7\u00e3o, Esportes e Cultura em \u00c9den, S\u00e3o Jo\u00e3o de Meriti [PERFIL] - RioOnWatch","og_description":"Click Here for English Este artigo faz parte de uma\u00a0s\u00e9rie de perfis de iniciativas integrantes da Rede Favela Sustent\u00e1vel. Iniciativa: Projeto Inclus\u00e3o Contato: Facebook\u00a0|\u00a0Instagram |\u00a0WhatsApp +55 (21) 964686394 e 976688714 Ano de Funda\u00e7\u00e3o: 2014 Comunidade: [...]","og_url":"https:\/\/rioonwatch.org.br\/?p=78397","og_site_name":"RioOnWatch","article_published_time":"2025-08-30T00:21:28+00:00","article_modified_time":"2025-11-14T14:51:01+00:00","og_image":[{"width":2560,"height":1781,"url":"https:\/\/rioonwatch.org.br\/wp-content\/uploads\/2025\/06\/Uma-casinha-azul-turquesa-abriga-o-Projeto-Inclusao-foto-Poppy-Okyere-scaled-1-scaled-1.jpg","type":"image\/jpeg"}],"author":"Clau Guimar\u00e3es","twitter_card":"summary_large_image","twitter_misc":{"Escrito por":"Clau Guimar\u00e3es","Est. tempo de leitura":"9 minutos"},"schema":{"@context":"https:\/\/schema.org","@graph":[{"@type":"Article","@id":"https:\/\/rioonwatch.org.br\/?p=78397#article","isPartOf":{"@id":"https:\/\/rioonwatch.org.br\/?p=78397"},"author":{"name":"Clau Guimar\u00e3es","@id":"https:\/\/rioonwatch.org.br\/#\/schema\/person\/60477056fd70290836c7501475e308f3"},"headline":"Projeto Inclus\u00e3o: Transformando Vidas Por Meio do Amor ao Pr\u00f3ximo, Educa\u00e7\u00e3o, Esportes e Cultura em \u00c9den, S\u00e3o Jo\u00e3o de Meriti [PERFIL]","datePublished":"2025-08-30T00:21:28+00:00","dateModified":"2025-11-14T14:51:01+00:00","mainEntityOfPage":{"@id":"https:\/\/rioonwatch.org.br\/?p=78397"},"wordCount":1748,"publisher":{"@id":"https:\/\/rioonwatch.org.br\/#organization"},"image":{"@id":"https:\/\/rioonwatch.org.br\/?p=78397#primaryimage"},"thumbnailUrl":"https:\/\/rioonwatch.org.br\/wp-content\/uploads\/2025\/06\/Uma-casinha-azul-turquesa-abriga-o-Projeto-Inclusao-foto-Poppy-Okyere-scaled-1-scaled-1.jpg","keywords":["acesso","alfabetiza\u00e7\u00e3o","arte","Baixada Fluminense","capoeira","cultura","direitos da crian\u00e7a","\u00c9den","educa\u00e7\u00e3o","esporte","futebol","gest\u00e3o de res\u00edduos","Grande Rio","juventude","m\u00fasica","mutir\u00e3o","Perfis Integrantes da Rede Favela Sustent\u00e1vel","Pr\u00e9-Vestibular","S\u00e3o Jo\u00e3o de Meriti","sentimento de pertencimento","solu\u00e7\u00e3o","solu\u00e7\u00e3o comunit\u00e1ria"],"articleSection":["*Destaque","Entrevistas e Perfis","Escrito por Aliados","Formas de Apoiar","Qualidades da Favela","Sociedade Civil","Solu\u00e7\u00f5es"],"inLanguage":"pt-BR"},{"@type":"WebPage","@id":"https:\/\/rioonwatch.org.br\/?p=78397","url":"https:\/\/rioonwatch.org.br\/?p=78397","name":"Projeto Inclus\u00e3o: Transformando Vidas Por Meio do Amor ao Pr\u00f3ximo, Educa\u00e7\u00e3o, Esportes e Cultura em \u00c9den, S\u00e3o Jo\u00e3o de Meriti [PERFIL] - RioOnWatch","isPartOf":{"@id":"https:\/\/rioonwatch.org.br\/#website"},"primaryImageOfPage":{"@id":"https:\/\/rioonwatch.org.br\/?p=78397#primaryimage"},"image":{"@id":"https:\/\/rioonwatch.org.br\/?p=78397#primaryimage"},"thumbnailUrl":"https:\/\/rioonwatch.org.br\/wp-content\/uploads\/2025\/06\/Uma-casinha-azul-turquesa-abriga-o-Projeto-Inclusao-foto-Poppy-Okyere-scaled-1-scaled-1.jpg","datePublished":"2025-08-30T00:21:28+00:00","dateModified":"2025-11-14T14:51:01+00:00","breadcrumb":{"@id":"https:\/\/rioonwatch.org.br\/?p=78397#breadcrumb"},"inLanguage":"pt-BR","potentialAction":[{"@type":"ReadAction","target":["https:\/\/rioonwatch.org.br\/?p=78397"]}]},{"@type":"ImageObject","inLanguage":"pt-BR","@id":"https:\/\/rioonwatch.org.br\/?p=78397#primaryimage","url":"https:\/\/rioonwatch.org.br\/wp-content\/uploads\/2025\/06\/Uma-casinha-azul-turquesa-abriga-o-Projeto-Inclusao-foto-Poppy-Okyere-scaled-1-scaled-1.jpg","contentUrl":"https:\/\/rioonwatch.org.br\/wp-content\/uploads\/2025\/06\/Uma-casinha-azul-turquesa-abriga-o-Projeto-Inclusao-foto-Poppy-Okyere-scaled-1-scaled-1.jpg","width":2560,"height":1781},{"@type":"BreadcrumbList","@id":"https:\/\/rioonwatch.org.br\/?p=78397#breadcrumb","itemListElement":[{"@type":"ListItem","position":1,"name":"In\u00edcio","item":"https:\/\/rioonwatch.org.br\/"},{"@type":"ListItem","position":2,"name":"Projeto Inclus\u00e3o: Transformando Vidas Por Meio do Amor ao Pr\u00f3ximo, Educa\u00e7\u00e3o, Esportes e Cultura em \u00c9den, S\u00e3o Jo\u00e3o de Meriti [PERFIL]"}]},{"@type":"WebSite","@id":"https:\/\/rioonwatch.org.br\/#website","url":"https:\/\/rioonwatch.org.br\/","name":"RioOnWatch","description":"relatos das favelas cariocas","publisher":{"@id":"https:\/\/rioonwatch.org.br\/#organization"},"potentialAction":[{"@type":"SearchAction","target":{"@type":"EntryPoint","urlTemplate":"https:\/\/rioonwatch.org.br\/?s={search_term_string}"},"query-input":{"@type":"PropertyValueSpecification","valueRequired":true,"valueName":"search_term_string"}}],"inLanguage":"pt-BR"},{"@type":"Organization","@id":"https:\/\/rioonwatch.org.br\/#organization","name":"RioOnWatch","url":"https:\/\/rioonwatch.org.br\/","logo":{"@type":"ImageObject","inLanguage":"pt-BR","@id":"https:\/\/rioonwatch.org.br\/#\/schema\/logo\/image\/","url":"https:\/\/rioonwatch.org.br\/wp-content\/uploads\/2021\/06\/RioOnWatchcabecalhoPT11anos-2.png","contentUrl":"https:\/\/rioonwatch.org.br\/wp-content\/uploads\/2021\/06\/RioOnWatchcabecalhoPT11anos-2.png","width":779,"height":277,"caption":"RioOnWatch"},"image":{"@id":"https:\/\/rioonwatch.org.br\/#\/schema\/logo\/image\/"}},{"@type":"Person","@id":"https:\/\/rioonwatch.org.br\/#\/schema\/person\/60477056fd70290836c7501475e308f3","name":"Clau Guimar\u00e3es","image":{"@type":"ImageObject","inLanguage":"pt-BR","@id":"https:\/\/rioonwatch.org.br\/#\/schema\/person\/image\/","url":"https:\/\/secure.gravatar.com\/avatar\/d3c7c802891cd0be7580519c331d257f?s=96&d=blank&r=g","contentUrl":"https:\/\/secure.gravatar.com\/avatar\/d3c7c802891cd0be7580519c331d257f?s=96&d=blank&r=g","caption":"Clau Guimar\u00e3es"},"url":"https:\/\/rioonwatch.org.br\/?author=189"}]}},"_links":{"self":[{"href":"https:\/\/rioonwatch.org.br\/index.php?rest_route=\/wp\/v2\/posts\/78397"}],"collection":[{"href":"https:\/\/rioonwatch.org.br\/index.php?rest_route=\/wp\/v2\/posts"}],"about":[{"href":"https:\/\/rioonwatch.org.br\/index.php?rest_route=\/wp\/v2\/types\/post"}],"author":[{"embeddable":true,"href":"https:\/\/rioonwatch.org.br\/index.php?rest_route=\/wp\/v2\/users\/189"}],"replies":[{"embeddable":true,"href":"https:\/\/rioonwatch.org.br\/index.php?rest_route=%2Fwp%2Fv2%2Fcomments&post=78397"}],"version-history":[{"count":24,"href":"https:\/\/rioonwatch.org.br\/index.php?rest_route=\/wp\/v2\/posts\/78397\/revisions"}],"predecessor-version":[{"id":80224,"href":"https:\/\/rioonwatch.org.br\/index.php?rest_route=\/wp\/v2\/posts\/78397\/revisions\/80224"}],"wp:featuredmedia":[{"embeddable":true,"href":"https:\/\/rioonwatch.org.br\/index.php?rest_route=\/wp\/v2\/media\/78398"}],"wp:attachment":[{"href":"https:\/\/rioonwatch.org.br\/index.php?rest_route=%2Fwp%2Fv2%2Fmedia&parent=78397"}],"wp:term":[{"taxonomy":"category","embeddable":true,"href":"https:\/\/rioonwatch.org.br\/index.php?rest_route=%2Fwp%2Fv2%2Fcategories&post=78397"},{"taxonomy":"post_tag","embeddable":true,"href":"https:\/\/rioonwatch.org.br\/index.php?rest_route=%2Fwp%2Fv2%2Ftags&post=78397"},{"taxonomy":"writer","embeddable":true,"href":"https:\/\/rioonwatch.org.br\/index.php?rest_route=%2Fwp%2Fv2%2Fwriter&post=78397"},{"taxonomy":"translator","embeddable":true,"href":"https:\/\/rioonwatch.org.br\/index.php?rest_route=%2Fwp%2Fv2%2Ftranslator&post=78397"},{"taxonomy":"source","embeddable":true,"href":"https:\/\/rioonwatch.org.br\/index.php?rest_route=%2Fwp%2Fv2%2Fsource&post=78397"},{"taxonomy":"ilustrador","embeddable":true,"href":"https:\/\/rioonwatch.org.br\/index.php?rest_route=%2Fwp%2Fv2%2Filustrador&post=78397"},{"taxonomy":"fotografo","embeddable":true,"href":"https:\/\/rioonwatch.org.br\/index.php?rest_route=%2Fwp%2Fv2%2Ffotografo&post=78397"}],"curies":[{"name":"wp","href":"https:\/\/api.w.org\/{rel}","templated":true}]}}