{"id":78405,"date":"2025-07-28T14:10:13","date_gmt":"2025-07-28T17:10:13","guid":{"rendered":"https:\/\/rioonwatch.org.br\/?p=78405"},"modified":"2025-11-14T11:57:27","modified_gmt":"2025-11-14T14:57:27","slug":"nos-ensinou-a-transformar-afeto-em-filme-conheca-o-legado-de-cadu-barcellos-cria-da-mare-que-dignificou-a-favela-no-cinema-nacional","status":"publish","type":"post","link":"https:\/\/rioonwatch.org.br\/?p=78405","title":{"rendered":"&#8216;Nos Ensinou a Transformar Afeto em Filme&#8217;: Conhe\u00e7a o Legado de Cadu Barcellos, Cria da Mar\u00e9 que Dignificou a Favela no Cinema Nacional"},"content":{"rendered":"<figure id=\"attachment_78430\" aria-describedby=\"caption-attachment-78430\" style=\"width: 1168px\" class=\"wp-caption aligncenter\"><a href=\"https:\/\/rioonwatch.org.br\/wp-content\/uploads\/2025\/06\/Da-formacao-a-docencia_-Cadu-entre-oficinas-e-encontros-na-ESPOCC-onde-se-formou-e-depois-voltou-como-professor-e-inspiracao.jpg\"><img fetchpriority=\"high\" decoding=\"async\" class=\"wp-image-78430 size-full\" title=\"Atr\u00e1s de C\u00e2mera: Cadu entre oficinas, aprendizados e encontros na Escola Popular de Comunica\u00e7\u00e3o Cr\u00edtica, onde o cineasta se formou e retornou como professor de uma nova gera\u00e7\u00e3o de sonhadores. Foto: Divulga\u00e7\u00e3o\" src=\"https:\/\/rioonwatch.org.br\/wp-content\/uploads\/2025\/06\/Da-formacao-a-docencia_-Cadu-entre-oficinas-e-encontros-na-ESPOCC-onde-se-formou-e-depois-voltou-como-professor-e-inspiracao.jpg\" alt=\"Atr\u00e1s de C\u00e2mera: Cadu entre oficinas, aprendizados e encontros na Escola Popular de Comunica\u00e7\u00e3o Cr\u00edtica, onde o cineasta se formou e retornou como professor de uma nova gera\u00e7\u00e3o de sonhadores. Foto: Divulga\u00e7\u00e3o\" width=\"1168\" height=\"688\" srcset=\"https:\/\/rioonwatch.org.br\/wp-content\/uploads\/2025\/06\/Da-formacao-a-docencia_-Cadu-entre-oficinas-e-encontros-na-ESPOCC-onde-se-formou-e-depois-voltou-como-professor-e-inspiracao.jpg 1168w, https:\/\/rioonwatch.org.br\/wp-content\/uploads\/2025\/06\/Da-formacao-a-docencia_-Cadu-entre-oficinas-e-encontros-na-ESPOCC-onde-se-formou-e-depois-voltou-como-professor-e-inspiracao-620x365.jpg 620w, https:\/\/rioonwatch.org.br\/wp-content\/uploads\/2025\/06\/Da-formacao-a-docencia_-Cadu-entre-oficinas-e-encontros-na-ESPOCC-onde-se-formou-e-depois-voltou-como-professor-e-inspiracao-768x452.jpg 768w\" sizes=\"(max-width: 1168px) 100vw, 1168px\" \/><\/a><figcaption id=\"caption-attachment-78430\" class=\"wp-caption-text\">Atr\u00e1s de C\u00e2mera: Cadu entre oficinas, aprendizados e encontros na Escola Popular de Comunica\u00e7\u00e3o Cr\u00edtica, onde o cineasta se formou e retornou como professor de uma nova gera\u00e7\u00e3o de sonhadores. Foto: Divulga\u00e7\u00e3o<\/figcaption><\/figure>\n<p style=\"text-align: right;\"><a href=\"https:\/\/bit.ly\/41jsgDl\" target=\"_blank\" rel=\"noopener\"><em><strong>Click Here for English<img decoding=\"async\" class=\"alignright wp-image-15790\" src=\"https:\/\/rioonwatch.org.br\/wp-content\/uploads\/2012\/08\/EN-standard-e1439583104716.jpg\" alt=\"\" width=\"20\" height=\"20\" \/><\/strong><\/em><\/a><\/p>\n<figure id=\"attachment_78437\" aria-describedby=\"caption-attachment-78437\" style=\"width: 300px\" class=\"wp-caption alignright\"><a href=\"https:\/\/rioonwatch.org.br\/wp-content\/uploads\/2025\/06\/Cadu-Barcellos-ainda-crianca-com-a-mae-Neilde-e-o-Padrastro-Willian-que-sempre-cultivou-afeto-e-resistencia-na-Mare-scaled.jpg\"><img decoding=\"async\" class=\"wp-image-78437\" title=\"Com sua m\u00e3e, Neilde e padrastro, Willian, Cadu cresceu aprendendo sobre afeto e resist\u00eancia. Foto: Arquivo de fam\u00edlia\" src=\"https:\/\/rioonwatch.org.br\/wp-content\/uploads\/2025\/06\/Cadu-Barcellos-ainda-crianca-com-a-mae-Neilde-e-o-Padrastro-Willian-que-sempre-cultivou-afeto-e-resistencia-na-Mare-349x620.jpg\" alt=\"Com sua m\u00e3e, Neilde e padrastro, Willian, Cadu cresceu aprendendo sobre afeto e resist\u00eancia. Foto: Arquivo de fam\u00edlia\" width=\"300\" height=\"533\" srcset=\"https:\/\/rioonwatch.org.br\/wp-content\/uploads\/2025\/06\/Cadu-Barcellos-ainda-crianca-com-a-mae-Neilde-e-o-Padrastro-Willian-que-sempre-cultivou-afeto-e-resistencia-na-Mare-349x620.jpg 349w, https:\/\/rioonwatch.org.br\/wp-content\/uploads\/2025\/06\/Cadu-Barcellos-ainda-crianca-com-a-mae-Neilde-e-o-Padrastro-Willian-que-sempre-cultivou-afeto-e-resistencia-na-Mare-844x1500.jpg 844w, https:\/\/rioonwatch.org.br\/wp-content\/uploads\/2025\/06\/Cadu-Barcellos-ainda-crianca-com-a-mae-Neilde-e-o-Padrastro-Willian-que-sempre-cultivou-afeto-e-resistencia-na-Mare-768x1365.jpg 768w, https:\/\/rioonwatch.org.br\/wp-content\/uploads\/2025\/06\/Cadu-Barcellos-ainda-crianca-com-a-mae-Neilde-e-o-Padrastro-Willian-que-sempre-cultivou-afeto-e-resistencia-na-Mare-865x1536.jpg 865w, https:\/\/rioonwatch.org.br\/wp-content\/uploads\/2025\/06\/Cadu-Barcellos-ainda-crianca-com-a-mae-Neilde-e-o-Padrastro-Willian-que-sempre-cultivou-afeto-e-resistencia-na-Mare-1153x2048.jpg 1153w, https:\/\/rioonwatch.org.br\/wp-content\/uploads\/2025\/06\/Cadu-Barcellos-ainda-crianca-com-a-mae-Neilde-e-o-Padrastro-Willian-que-sempre-cultivou-afeto-e-resistencia-na-Mare-scaled.jpg 1441w\" sizes=\"(max-width: 300px) 100vw, 300px\" \/><\/a><figcaption id=\"caption-attachment-78437\" class=\"wp-caption-text\">Com sua m\u00e3e, Neilde e padrastro, Willian, Cadu cresceu aprendendo sobre afeto e resist\u00eancia. Foto: Arquivo de fam\u00edlia<\/figcaption><\/figure>\n<p><span style=\"font-size: 16px;\"><a href=\"https:\/\/bit.ly\/2ETpYR1\" target=\"_blank\" rel=\"noopener\">Zona Norte<\/a> do Rio, <\/span><a style=\"font-size: 16px;\" href=\"https:\/\/bit.ly\/3b74e23\" target=\"_blank\" rel=\"noopener\">Complexo da Mar\u00e9<\/a><span style=\"font-size: 16px;\">, <a href=\"https:\/\/bit.ly\/2XkWQsj\" target=\"_blank\" rel=\"noopener\">Favela do Pinheiro<\/a>, Bloco 07, Apartamento 502. Ali, <a href=\"https:\/\/bit.ly\/4lioqC5\" target=\"_blank\" rel=\"noopener\">Cadu Barcellos<\/a> cresceu ao lado da m\u00e3e, Neilde, da irm\u00e3, Leth\u00edcia, e do padrasto, Willian, em um lar que transbordava afeto, resist\u00eancia e arte. Embora a fam\u00edlia n\u00e3o more mais no endere\u00e7o, o local permanece vivo na <\/span><a style=\"font-size: 16px;\" href=\"https:\/\/bit.ly\/3GY6P3q\" target=\"_blank\" rel=\"noopener\">mem\u00f3ria coletiva mareense<\/a><span style=\"font-size: 16px;\">: foi o ber\u00e7o de um cria cuja trajet\u00f3ria transformou a favela em linguagem cinematogr\u00e1fica. Reconhecendo, em 2025, os cinco anos sem Cadu Barcellos, o <em>RioOnWatch<\/em> celebra o legado do artista mareense que dignificou a favela no cinema brasileiro.\u00a0\u00a0<\/span><\/p>\n<p><span style=\"font-weight: 400;\">Cadu nasceu em 1986 no Complexo da Mar\u00e9, territ\u00f3rio que hoje tem aproximadamente <a href=\"https:\/\/bit.ly\/4kMiz8d\" target=\"_blank\" rel=\"noopener\">125.000 moradores<\/a>, distribu\u00eddos em 16 favelas, marcadas pela <a href=\"https:\/\/bit.ly\/4kNjW6B\" target=\"_blank\" rel=\"noopener\">rica diversidade cultural<\/a>, <a href=\"https:\/\/bit.ly\/4brc455\" target=\"_blank\" rel=\"noopener\">hist\u00f3rias de resist\u00eancia<\/a> e de <a href=\"https:\/\/bit.ly\/4lc4WPm\" target=\"_blank\" rel=\"noopener\">organiza\u00e7\u00e3o comunit\u00e1ria<\/a>. Desde pequeno, da janela do apartamento 502 do bloco 07 do <a href=\"https:\/\/bit.ly\/3HOascp\" target=\"_blank\" rel=\"noopener\">Conjunto Pinheiro<\/a>, Cadu observava o cotidiano mareense: becos, vielas, cores e sons que, mais tarde, se tornariam mat\u00e9ria-prima de sua arte.<\/span><\/p>\n<blockquote><p><span style=\"font-weight: 400;\">\u201cEu sinto esse sentimento de reconhecimento, um orgulho por ter criado meu filho na Mar\u00e9, na favela, e ele ter se tornado um artista que \u00e9 inspira\u00e7\u00e3o. Um artista que \u00e9 orgulho n\u00e3o s\u00f3 para mim, mas para a fam\u00edlia e todos os outros cidad\u00e3os da favela.\u201d <\/span><span style=\"font-weight: 400;\">\u2014 <\/span><span style=\"font-weight: 400;\">Neilde Barcelos<\/span><\/p><\/blockquote>\n<p><span style=\"font-weight: 400;\">\u00c9 com a m\u00e3e de Neilde, av\u00f3 materna de Cadu, Dona Irene, que a hist\u00f3ria da fam\u00edlia de Cadu come\u00e7a na Mar\u00e9. Vinda de S\u00e3o Fid\u00e9lis, munic\u00edpio do Norte Fluminense, Dona Irene foi levada para a favela com a promessa, feita pelo ent\u00e3o Governador <a href=\"https:\/\/bit.ly\/3ZBWSz0\" target=\"_blank\" rel=\"noopener\">Carlos Lacerda<\/a> nos anos 1960, de que a estadia <a href=\"https:\/\/bit.ly\/3G1fD8u\" target=\"_blank\" rel=\"noopener\">seria provis\u00f3ria<\/a>. <\/span><\/p>\n<p><span style=\"font-weight: 400;\">No entanto, o provis\u00f3rio tornou-se permanente, e foi na <a href=\"https:\/\/bit.ly\/2LMcg6I\" target=\"_blank\" rel=\"noopener\">Nova Holanda<\/a>, uma das favelas do Complexo da Mar\u00e9, onde Neilde cresceu e construiu sua hist\u00f3ria. J\u00e1 adulta, mudou-se para o Conjunto Pinheiro, na Favela do Pinheiro, onde Cadu nasceu e foi criado, crescendo com uma hist\u00f3ria atravessada por resist\u00eancias e contradi\u00e7\u00f5es.\u00a0<\/span><\/p>\n<p><span style=\"font-weight: 400;\">Nos anos 1990, enquanto o tr\u00e1fico e a viol\u00eancia avan\u00e7avam na Mar\u00e9, Neilde\u2014militante social desde a d\u00e9cada de 1980\u2014lutava para garantir ao filho uma inf\u00e2ncia digna. Essa base familiar afetuosa, apesar dos problemas do cotidiano da favela, foi fundamental para a forma\u00e7\u00e3o do artista e ativista que Cadu se tornaria.<\/span><\/p>\n<h3><b>Mestre da S\u00e9tima Arte Para Uma Nova Gera\u00e7\u00e3o de Sonhadores<\/b><\/h3>\n<p>A alma de artista de Cadu Barcellos nunca precisou de um r\u00f3tulo para se manifestar. Essa ess\u00eancia criativa, pulsante e livre encontrou seu primeiro palco na <a href=\"https:\/\/rioonwatch.org.br\/?p=75047\" target=\"_blank\" rel=\"noopener\">dan\u00e7a<\/a>. Aos 15 anos, ingressou no <a href=\"https:\/\/bit.ly\/3J9Oykt\" target=\"_blank\" rel=\"noopener\">Corpo de Dan\u00e7a da Mar\u00e9,<\/a> projeto que lhe apresentou o mundo da express\u00e3o corporal. Ali, ele descobriu a pot\u00eancia do movimento como forma de narrar hist\u00f3rias e conectar-se com suas ra\u00edzes afro-brasileiras.<\/p>\n<figure id=\"attachment_78433\" aria-describedby=\"caption-attachment-78433\" style=\"width: 300px\" class=\"wp-caption alignright\"><a href=\"https:\/\/rioonwatch.org.br\/wp-content\/uploads\/2025\/06\/Ainda-adolescente-nos-palcos-e-nos-ensaios-do-Corpo-de-Danca-da-Mare-Cadu-experimentou-a-arte-como-expressao-Foto-arquivo-Monique-Ribeiro.jpeg\"><img loading=\"lazy\" decoding=\"async\" class=\"wp-image-78433\" title=\"Ainda adolescente, nos palcos e nos ensaios do Corpo de Dan\u00e7a da Mar\u00e9, Cadu experimentou contar hist\u00f3rias atrav\u00e9s da express\u00e3o corporal. Foto: Arquivo Monique Ribeiro\" src=\"https:\/\/rioonwatch.org.br\/wp-content\/uploads\/2025\/06\/Ainda-adolescente-nos-palcos-e-nos-ensaios-do-Corpo-de-Danca-da-Mare-Cadu-experimentou-a-arte-como-expressao-Foto-arquivo-Monique-Ribeiro.jpeg\" alt=\"Ainda adolescente, nos palcos e nos ensaios do Corpo de Dan\u00e7a da Mar\u00e9, Cadu experimentou contar hist\u00f3rias atrav\u00e9s da express\u00e3o corporal. Foto: Arquivo Monique Ribeiro\" width=\"300\" height=\"400\" srcset=\"https:\/\/rioonwatch.org.br\/wp-content\/uploads\/2025\/06\/Ainda-adolescente-nos-palcos-e-nos-ensaios-do-Corpo-de-Danca-da-Mare-Cadu-experimentou-a-arte-como-expressao-Foto-arquivo-Monique-Ribeiro.jpeg 1200w, https:\/\/rioonwatch.org.br\/wp-content\/uploads\/2025\/06\/Ainda-adolescente-nos-palcos-e-nos-ensaios-do-Corpo-de-Danca-da-Mare-Cadu-experimentou-a-arte-como-expressao-Foto-arquivo-Monique-Ribeiro-465x620.jpeg 465w, https:\/\/rioonwatch.org.br\/wp-content\/uploads\/2025\/06\/Ainda-adolescente-nos-palcos-e-nos-ensaios-do-Corpo-de-Danca-da-Mare-Cadu-experimentou-a-arte-como-expressao-Foto-arquivo-Monique-Ribeiro-1125x1500.jpeg 1125w, https:\/\/rioonwatch.org.br\/wp-content\/uploads\/2025\/06\/Ainda-adolescente-nos-palcos-e-nos-ensaios-do-Corpo-de-Danca-da-Mare-Cadu-experimentou-a-arte-como-expressao-Foto-arquivo-Monique-Ribeiro-768x1024.jpeg 768w, https:\/\/rioonwatch.org.br\/wp-content\/uploads\/2025\/06\/Ainda-adolescente-nos-palcos-e-nos-ensaios-do-Corpo-de-Danca-da-Mare-Cadu-experimentou-a-arte-como-expressao-Foto-arquivo-Monique-Ribeiro-1152x1536.jpeg 1152w\" sizes=\"(max-width: 300px) 100vw, 300px\" \/><\/a><figcaption id=\"caption-attachment-78433\" class=\"wp-caption-text\">Ainda adolescente, nos palcos e nos ensaios do Corpo de Dan\u00e7a da Mar\u00e9, Cadu experimentou contar hist\u00f3rias atrav\u00e9s da express\u00e3o corporal. Foto: Arquivo Monique Ribeiro<\/figcaption><\/figure>\n<p>\u201cImagina, a gente com 14, 16 anos, viajando sozinho, pegando \u00f4nibus, avi\u00e3o, sem os pais&#8230; Foi m\u00e1gico demais. Era muita coragem e muita emo\u00e7\u00e3o. O Corpo de Dan\u00e7a da Mar\u00e9 abriu o mundo pra gente,&#8221; recorda Vitor Santiago, amigo de inf\u00e2ncia e parceiro de trajet\u00f3ria art\u00edstica de Cadu.\u200b Outro amigo de Cadu, o fot\u00f3grafo J\u00e9ferson Vasconcelos, tamb\u00e9m cria da Mar\u00e9, lembra e destaca a inventividade art\u00edstica do cineasta mareense.<\/p>\n<blockquote><p><span style=\"font-weight: 400;\">\u201cTeve uma cena que foi muito marcante: o Cadu pegou uns tubos de PVC que faziam parte do <\/span>cen\u00e1rio e criou uma sequ\u00eancia percussiva ali, na hora, improvisando com o corpo de dan\u00e7a. Era muito ele: criatividade pulsando, arte nascendo do improviso. Esse gesto dizia tudo sobre quem o Cadu era.\u201d \u2014 J\u00e9ferson Vasconcelos<\/p><\/blockquote>\n<p>Aos 17 anos, em uma entrevista a um programa da <em>Rede Globo<\/em>, Cadu j\u00e1 explicava com naturalidade que a unha pintada &#8220;<a href=\"https:\/\/bit.ly\/3G2kZQM\" target=\"_blank\" rel=\"noopener\">era de artista<\/a>&#8220;, sinal precoce de uma identidade que ele abra\u00e7ava com orgulho. Era essa mesma urg\u00eancia expressiva que, gradualmente, buscaria uma nova forma de se perpetuar. N\u00e3o demorou para que o artista que aprendeu a narrar com o corpo se tornasse, posteriormente, um mestre da s\u00e9tima arte para uma nova gera\u00e7\u00e3o de sonhadores.<\/p>\n<p>Cadu Barcellos iniciou sua trajet\u00f3ria audiovisual no pr\u00f3prio territ\u00f3rio onde cresceu. Em 2006, foi aluno da <a href=\"https:\/\/bit.ly\/4nsAm6b\" target=\"_blank\" rel=\"noopener\">Escola de Cinema Darcy Ribeiro<\/a> e da Escola Popular de Comunica\u00e7\u00e3o Cr\u00edtica (<a href=\"https:\/\/bit.ly\/45LCzmP\" target=\"_blank\" rel=\"noopener\">ESPOCC<\/a>), sendo a \u00faltima ligada ao <a href=\"https:\/\/bit.ly\/2K5GMsr\" target=\"_blank\" rel=\"noopener\">Observat\u00f3rio de Favelas<\/a>, um espa\u00e7o que articula forma\u00e7\u00e3o, arte e milit\u00e2ncia nas periferias<span style=\"font-weight: 400;\">, a partir da sua base na Mar\u00e9<\/span>. Foi na ESPOCC que Cadu deu seus primeiros passos no cinema, e onde, anos mais tarde, lecionou, multiplicando saberes na mesma escola que o havia formado, como relembra <a href=\"https:\/\/rioonwatch.org.br\/?s=%22Jailson+de+Souza+e+Silva%22\">Jailson de Souza e Silva<\/a>, fundador do <a href=\"https:\/\/bit.ly\/3Atdcca\" target=\"_blank\" rel=\"noopener\">Observat\u00f3rio de Favelas<\/a>.<\/p>\n<p>O ponto de partida para a carreira profissional de Cadu no cinema foi um curta-metragem que uniu forma\u00e7\u00e3o e territ\u00f3rio: <a href=\"https:\/\/bit.ly\/4k4P40b\" target=\"_blank\" rel=\"noopener\"><em>Feira da Teixeira<\/em><\/a>, realizado em 2006. O filme foi seu projeto de conclus\u00e3o na ESPOCC, um exerc\u00edcio audiovisual coletivo que mergulhava em um cen\u00e1rio que ele conhecia desde pequeno. Mais do que um trabalho de estudante, o curta j\u00e1 trazia a marca de Cadu: um olhar atento para a <a href=\"https:\/\/bit.ly\/4jmYt2M\" target=\"_blank\" rel=\"noopener\">pot\u00eancia cultural<\/a> e econ\u00f4mica da favela, registrando a vida, o com\u00e9rcio e as trocas de uma tradicional feira livre da Mar\u00e9.<\/p>\n<p><iframe title=\"YouTube video player\" src=\"https:\/\/www.youtube.com\/embed\/BSCU5SeX12g?si=ltZorygcKftMTM8D\" width=\"1030\" height=\"563\" frameborder=\"0\" allowfullscreen=\"allowfullscreen\"><span data-mce-type=\"bookmark\" style=\"display: inline-block; width: 0px; overflow: hidden; line-height: 0;\" class=\"mce_SELRES_start\">\ufeff<\/span><\/iframe><\/p>\n<figure id=\"attachment_78436\" aria-describedby=\"caption-attachment-78436\" style=\"width: 300px\" class=\"wp-caption alignright\"><a href=\"https:\/\/rioonwatch.org.br\/wp-content\/uploads\/2025\/06\/Fotos-Cadu-5x-Favela-_CANNES.jpg\"><img loading=\"lazy\" decoding=\"async\" class=\"wp-image-78436\" title=\"Em 2010, Cadu representou seu curta, &quot;Deixa Voar&quot;, do filme &quot;5x Favela, Agora Por N\u00f3s Mesmos&quot;, no reconhecido Festival de Cinema de Cannes, na Fran\u00e7a. Foto: Divulga\u00e7\u00e3o\" src=\"https:\/\/rioonwatch.org.br\/wp-content\/uploads\/2025\/06\/Fotos-Cadu-5x-Favela-_CANNES-465x620.jpg\" alt=\"Em 2010, Cadu representou seu curta, &quot;Deixa Voar&quot;, do filme &quot;5x Favela, Agora Por N\u00f3s Mesmos&quot;, no reconhecido Festival de Cinema de Cannes, na Fran\u00e7a. Foto: Divulga\u00e7\u00e3o\" width=\"300\" height=\"400\" srcset=\"https:\/\/rioonwatch.org.br\/wp-content\/uploads\/2025\/06\/Fotos-Cadu-5x-Favela-_CANNES-465x620.jpg 465w, https:\/\/rioonwatch.org.br\/wp-content\/uploads\/2025\/06\/Fotos-Cadu-5x-Favela-_CANNES-768x1024.jpg 768w, https:\/\/rioonwatch.org.br\/wp-content\/uploads\/2025\/06\/Fotos-Cadu-5x-Favela-_CANNES.jpg 960w\" sizes=\"(max-width: 300px) 100vw, 300px\" \/><\/a><figcaption id=\"caption-attachment-78436\" class=\"wp-caption-text\">Em 2010, Cadu representou seu curta, &#8220;Deixa Voar&#8221;, do filme &#8220;5x Favela, Agora Por N\u00f3s Mesmos&#8221;, no reconhecido Festival de Cinema de Cannes, na Fran\u00e7a. Foto: Divulga\u00e7\u00e3o<\/figcaption><\/figure>\n<p>J\u00e1 em 2007, Cadu Barcellos esteve \u00e0 frente da dire\u00e7\u00e3o do programa <em><a href=\"https:\/\/bit.ly\/4n2Bkpr\" target=\"_blank\" rel=\"noopener\">Cr\u00f4nicas da Cidade<\/a><\/em>, uma s\u00e9rie de seis epis\u00f3dios, de 30 minutos cada, exibida pelo <em>Canal Futura<\/em>. O projeto teve alcance nacional, mergulhando no cotidiano das periferias de seis metr\u00f3poles brasileiras: Rio de Janeiro, S\u00e3o Paulo, Belo Horizonte, Florian\u00f3polis, Recife e Fortaleza. A genialidade do formato, no entanto, consistiu em seu processo colaborativo: a partir de laborat\u00f3rios realizados em cada cidade, cr\u00f4nicas escritas por moradores foram transformadas em roteiros de fic\u00e7\u00e3o. Em uma invers\u00e3o de pap\u00e9is que definia o trabalho de Cadu, os pr\u00f3prios autores se tornaram parte da equipe t\u00e9cnica e, em muitos casos, tamb\u00e9m atuaram em seus pr\u00f3prios filmes. Era Cadu em sua ess\u00eancia: n\u00e3o apenas colocando a periferia na tela, mas entregando as ferramentas para que a pr\u00f3pria periferia contasse suas hist\u00f3rias.<\/p>\n<p>A virada em sua carreira veio em 2010 com a dire\u00e7\u00e3o do curta <em>Deixa Voar<\/em>, um dos cinco epis\u00f3dios que comp\u00f5em o aclamado longa-metragem <a href=\"https:\/\/bit.ly\/3G4iqxF\" target=\"_blank\" rel=\"noopener\"><em>5x Favela, Agora por N\u00f3s Mesmos<\/em><\/a>. O filme, produzido por Cac\u00e1 Diegues, foi um marco no cinema brasileiro, alcan\u00e7ando <a href=\"https:\/\/www.hollywoodreporter.com\/movies\/movie-reviews\/5-x-favela-now-ourselves-29634\" target=\"_blank\" rel=\"noopener\">reconhecimento internacional<\/a> com sua sele\u00e7\u00e3o para a mostra <i>Un Certain Regard<\/i><i>,<\/i> do Festival de Cannes, em 2010. Dentro deste projeto de sucesso, a genialidade particular de Cadu era evidente. Para Cac\u00e1 Diegues, <em>Deixa Voar<\/em> era \u201cum filme muito pessoal, cheio das inven\u00e7\u00f5es dele. Mais do que inspira\u00e7\u00e3o, era uma premoni\u00e7\u00e3o do que precisava ser feito. Ele n\u00e3o esperava permiss\u00e3o. Ele fazia,\u201d como falou ao document\u00e1rio <em>Cadu Barcellos: Cria N\u00e3o Morre, Vira Lenda<\/em>.<\/p>\n<p>Em 2011, Cadu estreou <em>Mais um na Multid\u00e3o<\/em>, document\u00e1rio que, estetica e politicamente, evidenciava a marca de sua obra.<\/p>\n<blockquote><p>\u201cComecei com um curta-metragem que aborda as remo\u00e7\u00f5es da primeira pra\u00e7a constru\u00edda pelos moradores do <a href=\"https:\/\/bit.ly\/2KUZXFB\" target=\"_blank\" rel=\"noopener\">Morro da Provid\u00eancia<\/a>. A partir dali, segui trabalhando temas principalmente relacionados \u00e0 representa\u00e7\u00e3o e \u00e0 constru\u00e7\u00e3o da imagem em torno das popula\u00e7\u00f5es pretas, faveladas e perif\u00e9ricas do Rio.\u201d \u2014 Cadu Barcellos<\/p><\/blockquote>\n<p>Aos 25 anos de idade, sua identidade art\u00edstica, agora consolidada no cinema, j\u00e1 chamava a aten\u00e7\u00e3o da grande imprensa. Em uma mat\u00e9ria publicada em <em>O Globo<\/em>\u00a0sobre o lan\u00e7amento de <em>5x Pacifica\u00e7\u00e3o<\/em>, do qual Cadu era roteirista, ele foi descrito como um ativista social, cuja ambi\u00e7\u00e3o definia o tamanho de seu sonho: \u201cO que eu quero para mim \u00e9 que as pessoas possam um dia chegar ao cinema e escolher se querem ver <em>Shrek, Crep\u00fasculo 8<\/em> ou o filme do Cadu,\u201d afirmou o cineasta \u00e0 entrevista daquela mat\u00e9ria. Com o sucesso de projetos como <em>5x Favela, Agora por N\u00f3s Mesmos<\/em>, apadrinhado por Cac\u00e1 Diegues, Cadu provava que o jovem da Mar\u00e9 n\u00e3o apenas contava hist\u00f3rias, mas estava pronto para disputar as maiores bilheterias.<\/p>\n<figure id=\"attachment_78478\" aria-describedby=\"caption-attachment-78478\" style=\"width: 2560px\" class=\"wp-caption aligncenter\"><a href=\"https:\/\/rioonwatch.org.br\/wp-content\/uploads\/2025\/06\/Reportagem-Meta-Tapete-Vermelho.-Foto-O-Globo-scaled.jpg\"><img loading=\"lazy\" decoding=\"async\" class=\"wp-image-78478 size-full\" title=\"Reportagem &quot;Meta: Tapete Vermelho&quot; retratou a pot\u00eancia de Cadu Barcellos, sua notoridade internacional na busca por representar cinematograficamente a vis\u00e3o local das favelas e de seus moradores. Fonte da imagem: Jornal &lt;em&gt;O Globo&lt;\/em&gt;\" src=\"https:\/\/rioonwatch.org.br\/wp-content\/uploads\/2025\/06\/Reportagem-Meta-Tapete-Vermelho.-Foto-O-Globo-scaled.jpg\" alt=\"Reportagem &quot;Meta: Tapete Vermelho&quot; retratou a pot\u00eancia de Cadu Barcellos, sua notoridade internacional na busca por representar cinematograficamente a vis\u00e3o local das favelas e de seus moradores. Fonte da imagem: Jornal &lt;em&gt;O Globo&lt;\/em&gt;\" width=\"2560\" height=\"1391\" srcset=\"https:\/\/rioonwatch.org.br\/wp-content\/uploads\/2025\/06\/Reportagem-Meta-Tapete-Vermelho.-Foto-O-Globo-scaled.jpg 2560w, https:\/\/rioonwatch.org.br\/wp-content\/uploads\/2025\/06\/Reportagem-Meta-Tapete-Vermelho.-Foto-O-Globo-620x337.jpg 620w, https:\/\/rioonwatch.org.br\/wp-content\/uploads\/2025\/06\/Reportagem-Meta-Tapete-Vermelho.-Foto-O-Globo-768x417.jpg 768w, https:\/\/rioonwatch.org.br\/wp-content\/uploads\/2025\/06\/Reportagem-Meta-Tapete-Vermelho.-Foto-O-Globo-1536x835.jpg 1536w, https:\/\/rioonwatch.org.br\/wp-content\/uploads\/2025\/06\/Reportagem-Meta-Tapete-Vermelho.-Foto-O-Globo-2048x1113.jpg 2048w\" sizes=\"(max-width: 2560px) 100vw, 2560px\" \/><\/a><figcaption id=\"caption-attachment-78478\" class=\"wp-caption-text\">Reportagem &#8220;Meta: Tapete Vermelho&#8221; retratou a pot\u00eancia de Cadu Barcellos, sua notoriedade internacional na busca por representar cinematograficamente a vis\u00e3o local das favelas e de seus moradores. Fonte da imagem: <em>Jornal O Globo<\/em><\/figcaption><\/figure>\n<p>Cadu tamb\u00e9m atuou na empresa <a href=\"https:\/\/bit.ly\/3GcIhDw\" target=\"_blank\" rel=\"noopener\">Porta dos Fundos<\/a> como assistente de dire\u00e7\u00e3o do programa <a href=\"https:\/\/bit.ly\/43RvwHH\" target=\"_blank\" rel=\"noopener\"><em>Greg News<\/em><\/a>, apresentado por <a href=\"https:\/\/bit.ly\/4kKdsVX\" target=\"_blank\" rel=\"noopener\">Greg\u00f3rio Duvivier<\/a>. Sua atua\u00e7\u00e3o no humor cr\u00edtico e em defesa da representatividade negra nas m\u00eddias tradicionais foi um marco importante em sua trajet\u00f3ria.\u200b No trabalho que desempenhou para o <em>Greg News<\/em>, Cadu se destacou como grande c\u00e9rebro criativo. Foi roteirista e diretor de mat\u00e9rias do programa, acionando estrategicamente o humor cr\u00edtico para desconstruir estere\u00f3tipos e pautar o debate racial e social com uma autenticidade e acidez raras na televis\u00e3o.<\/p>\n<p>Sua import\u00e2ncia era constantemente destacada pelos colegas. No epis\u00f3dio <a href=\"https:\/\/bit.ly\/44l8Wr2\" target=\"_blank\" rel=\"noopener\"><em>Boa Noite, Fam\u00edlia<\/em><\/a>\u00a0do programa Greg News em homenagem ao Cadu, celebra-se, inclusive, o modo afetivo como a genialidade do mareense operava, a proximidade com que se dirigia aos colegas de trabalho (\u201cFala, Fam\u00edlia\u201d e \u201cBoa Noite, Fam\u00edlia\u201d). Neste epis\u00f3dio, o apresentador Greg\u00f3rio Duvivier afirmou que Cadu \u201censinava \u00e0 equipe a cada pauta\u201d, trazendo uma perspectiva sobre a realidade das favelas e do racismo que o resto do time, majoritariamente branco e de classe m\u00e9dia, n\u00e3o acessava. Um exemplo not\u00e1vel de seu trabalho foi um quadro sobre a viol\u00eancia policial, no qual Cadu construiu uma narrativa que expunha o absurdo e a l\u00f3gica perversa por tr\u00e1s da chamada <a href=\"https:\/\/bit.ly\/2AyvJ7w\" target=\"_blank\" rel=\"noopener\">guerra \u00e0s drogas<\/a>. Ele n\u00e3o apenas representava, mas comandava a narrativa, provando que o humor mais afiado podia ser a arma mais eficaz para a cr\u00edtica social.<\/p>\n<p><iframe title=\"YouTube video player\" src=\"https:\/\/www.youtube.com\/embed\/ghQ9Oa9fR3w?si=ceseNwzBN0VgaK5a\" width=\"1030\" height=\"563\" frameborder=\"0\" allowfullscreen=\"allowfullscreen\"><span data-mce-type=\"bookmark\" style=\"display: inline-block; width: 0px; overflow: hidden; line-height: 0;\" class=\"mce_SELRES_start\">\ufeff<\/span><\/iframe><\/p>\n<h3><b>Viv\u00eancia Como Mat\u00e9ria-Prima Para a Arte<\/b><\/h3>\n<p>Conhecido pelo seu carisma, generosidade e riso f\u00e1cil, Cadu \u00e9 uma refer\u00eancia para muitos jovens da Mar\u00e9 e de outras favelas do Rio. Um deles \u00e9 o empreendedor social <a href=\"https:\/\/bit.ly\/44n6JLQ\" target=\"_blank\" rel=\"noopener\">Raull Santiago<\/a>, do <a href=\"https:\/\/bit.ly\/3Y5i4gj\" target=\"_blank\" rel=\"noopener\">Instituto Papo Reto<\/a>: \u201cCara, [sobre] o Cadu tenho milhares de hist\u00f3rias, mas a principal \u00e9 lembrar que ele foi meu professor antes de tudo. Ele era esse amigo maravilhoso, mas era, primeiro, uma refer\u00eancia para mim\u201d.<\/p>\n<p><iframe title=\"YouTube video player\" src=\"https:\/\/www.youtube.com\/embed\/DENXwruTdcc?si=ROJR1NTnoId6cTQg\" width=\"1030\" height=\"563\" frameborder=\"0\" allowfullscreen=\"allowfullscreen\"><span data-mce-type=\"bookmark\" style=\"display: inline-block; width: 0px; overflow: hidden; line-height: 0;\" class=\"mce_SELRES_start\">\ufeff<\/span><\/iframe><\/p>\n<p>Com uma c\u00e2mera na m\u00e3o, Cadu provava ser poss\u00edvel construir narrativas potentes e verdadeiras de dentro para fora, sem esperar pela permiss\u00e3o da m\u00eddia tradicional. O grande aprendizado que o cinema de Cadu deixou n\u00e3o foi t\u00e9cnico, mas existencial: a li\u00e7\u00e3o de que a pr\u00f3pria viv\u00eancia \u00e9 mat\u00e9ria-prima para a arte e, sobretudo, uma ferramenta para a transforma\u00e7\u00e3o social.<\/p>\n<p>A fot\u00f3grafa, produtora audiovisual e cria da Mar\u00e9, Mayara Don\u00e1ria, foi aluna de Cadu no curso de cinema da ESPOCC. Ela guarda na mem\u00f3ria o impacto que Cadu teve em sua forma\u00e7\u00e3o: \u201cAprendi a fazer cinema com ele. Cadu me deu ferramentas e confian\u00e7a para contar nossas hist\u00f3rias\u201d.<\/p>\n<p>Outra prova viva do legado de Cadu \u00e9 a hist\u00f3ria do artista, fil\u00f3sofo e ativista ambiental Emerson Matos. Os dois se cruzaram em um festival de cinema no Rio em 2014. De um lado, Emerson, natural de Lagoa do Dion\u00edsio, povoado do interior da Bahia, e um estudante receoso de que o audiovisual n\u00e3o fosse para ele, por n\u00e3o ser de fam\u00edlia rica. Do outro, Cadu, o cria da Mar\u00e9 que j\u00e1 tinha seu nome no cartaz de um filme sobre as <a href=\"https:\/\/bit.ly\/3M12GL5\" target=\"_blank\" rel=\"noopener\">batalhas do passinho<\/a>. Quando Emerson confessou seu medo, Cadu apontou para o pr\u00f3prio cartaz em um gesto e, segundo Emerson, disse: \u201cCara, s\u00f3 continua. Olha o que eu t\u00f4 fazendo aqui\u201d.<\/p>\n<p>Aquele foi, nas palavras de Emerson, seu \u201cprimeiro sopro de coragem para enfrentar um mercado elitista\u201d. O destino, com sua ironia cortante, quis que a not\u00edcia do assassinato de Cadu chegasse no mesmo dia em que Emerson ganhava seu primeiro edital de cinema, atrav\u00e9s da Lei Aldir Blanc. O sonho de reencontrar o mestre para dizer \u201cobrigado, deu certo\u201d foi interrompido. Mas a gratid\u00e3o virou motor: o dinheiro do pr\u00eamio se tornou, tamb\u00e9m, uma <a href=\"https:\/\/bit.ly\/4kLudQx\" target=\"_blank\" rel=\"noopener\">homenagem em v\u00eddeo<\/a> para que a coragem de Cadu continuasse inspirando outros sonhadores a continuar.<\/p>\n<blockquote class=\"instagram-media\" style=\"background: #FFF; border: 0; border-radius: 3px; box-shadow: 0 0 1px 0 rgba(0,0,0,0.5),0 1px 10px 0 rgba(0,0,0,0.15); margin: 1px; max-width: 540px; min-width: 326px; padding: 0; width: calc(100% - 2px);\" data-instgrm-captioned=\"\" data-instgrm-permalink=\"https:\/\/www.instagram.com\/tv\/CWHd6SRvUg2\/?utm_source=ig_embed&amp;utm_campaign=loading\" data-instgrm-version=\"14\">\n<div style=\"padding: 16px;\">\n<p>&nbsp;<\/p>\n<div style=\"display: flex; flex-direction: row; align-items: center;\">\n<div style=\"background-color: #f4f4f4; border-radius: 50%; flex-grow: 0; height: 40px; margin-right: 14px; width: 40px;\"><\/div>\n<div style=\"display: flex; flex-direction: column; flex-grow: 1; justify-content: center;\">\n<div style=\"background-color: #f4f4f4; border-radius: 4px; flex-grow: 0; height: 14px; margin-bottom: 6px; width: 100px;\"><\/div>\n<div style=\"background-color: #f4f4f4; border-radius: 4px; flex-grow: 0; height: 14px; width: 60px;\"><\/div>\n<\/div>\n<\/div>\n<div style=\"padding: 19% 0;\"><\/div>\n<div style=\"display: block; height: 50px; margin: 0 auto 12px; width: 50px;\"><\/div>\n<div style=\"padding-top: 8px;\">\n<div style=\"color: #3897f0; font-family: Arial,sans-serif; font-size: 14px; font-style: normal; font-weight: 550; line-height: 18px;\">Ver essa foto no Instagram<\/div>\n<\/div>\n<div style=\"padding: 12.5% 0;\"><\/div>\n<div style=\"display: flex; flex-direction: row; margin-bottom: 14px; align-items: center;\">\n<div>\n<div style=\"background-color: #f4f4f4; border-radius: 50%; height: 12.5px; width: 12.5px; transform: translateX(0px) translateY(7px);\"><\/div>\n<div style=\"background-color: #f4f4f4; height: 12.5px; transform: rotate(-45deg) translateX(3px) translateY(1px); width: 12.5px; flex-grow: 0; margin-right: 14px; margin-left: 2px;\"><\/div>\n<div style=\"background-color: #f4f4f4; border-radius: 50%; height: 12.5px; width: 12.5px; transform: translateX(9px) translateY(-18px);\"><\/div>\n<\/div>\n<div style=\"margin-left: 8px;\">\n<div style=\"background-color: #f4f4f4; border-radius: 50%; flex-grow: 0; height: 20px; width: 20px;\"><\/div>\n<div style=\"width: 0; height: 0; border-top: 2px solid transparent; border-left: 6px solid #f4f4f4; border-bottom: 2px solid transparent; transform: translateX(16px) translateY(-4px) rotate(30deg);\"><\/div>\n<\/div>\n<div style=\"margin-left: auto;\">\n<div style=\"width: 0px; border-top: 8px solid #F4F4F4; border-right: 8px solid transparent; transform: translateY(16px);\"><\/div>\n<div style=\"background-color: #f4f4f4; flex-grow: 0; height: 12px; width: 16px; transform: translateY(-4px);\"><\/div>\n<div style=\"width: 0; height: 0; border-top: 8px solid #F4F4F4; border-left: 8px solid transparent; transform: translateY(-4px) translateX(8px);\"><\/div>\n<\/div>\n<\/div>\n<div style=\"display: flex; flex-direction: column; flex-grow: 1; justify-content: center; margin-bottom: 24px;\">\n<div style=\"background-color: #f4f4f4; border-radius: 4px; flex-grow: 0; height: 14px; margin-bottom: 6px; width: 224px;\"><\/div>\n<div style=\"background-color: #f4f4f4; border-radius: 4px; flex-grow: 0; height: 14px; width: 144px;\"><\/div>\n<\/div>\n<p>&nbsp;<\/p>\n<p style=\"color: #c9c8cd; font-family: Arial,sans-serif; font-size: 14px; line-height: 17px; margin-bottom: 0; margin-top: 8px; overflow: hidden; padding: 8px 0 7px; text-align: center; text-overflow: ellipsis; white-space: nowrap;\"><a style=\"color: #c9c8cd; font-family: Arial,sans-serif; font-size: 14px; font-style: normal; font-weight: normal; line-height: 17px; text-decoration: none;\" href=\"https:\/\/www.instagram.com\/tv\/CWHd6SRvUg2\/?utm_source=ig_embed&amp;utm_campaign=loading\" target=\"_blank\" rel=\"noopener\">Uma publica\u00e7\u00e3o compartilhada por Emerson Matos (@o.pensadista)<\/a><\/p>\n<\/div>\n<\/blockquote>\n<p><script async src=\"\/\/www.instagram.com\/embed.js\"><\/script><\/p>\n<h3>\u2018Ele Nos Ensinou a Transformar Afeto em Filme\u2019<\/h3>\n<p>Em novembro de 2020, Cadu Barcellos <a href=\"https:\/\/bit.ly\/3SSDjih\" target=\"_blank\" rel=\"noopener\">foi assassinado<\/a> aos 34 anos, durante uma tentativa de assalto no Centro do Rio de Janeiro. Sua morte gerou indigna\u00e7\u00e3o na Mar\u00e9 e em toda a cena cultural carioca.<\/p>\n<p>Em 2025, a <a href=\"https:\/\/bit.ly\/43R670W\" target=\"_blank\" rel=\"noopener\">Iroko Produtora<\/a> realizou o document\u00e1rio <em>Cadu Barcellos: Cria n\u00e3o morre, vira lenda<\/em>\u00a0e promoveu uma exibi\u00e7\u00e3o piloto no <a href=\"https:\/\/bit.ly\/4n6PmGj\" target=\"_blank\" rel=\"noopener\">CineBela Mar\u00e9<\/a> em fevereiro de 2025. O filme, produzido por amigos e parceiros de Cadu, homenageia sua trajet\u00f3ria e celebra sua vida e obra.<\/p>\n<blockquote><p>\u201cFoi emocionante ver a hist\u00f3ria do meu filho ser contada, mostrar o trabalho dele. O quanto foi importante para ele sair do corpo de dan\u00e7a e se tornar um cineasta, que era uma coisa que ele queria muito. Gostar\u00edamos de estar aqui contando a hist\u00f3ria dele com ele aqui, mas, infelizmente, n\u00e3o d\u00e1. Mas ficou na mem\u00f3ria o bom trabalho que ele fez, bom lembrar do que ele deixou para os jovens da Mar\u00e9 e de muitas outras favelas.\u201d \u2014 Neilde Barcelos<\/p><\/blockquote>\n<figure id=\"attachment_78438\" aria-describedby=\"caption-attachment-78438\" style=\"width: 2560px\" class=\"wp-caption aligncenter\"><a href=\"https:\/\/rioonwatch.org.br\/wp-content\/uploads\/2025\/06\/Bastidores-do-documentario-sobre-memoria-de-Cadu-e-legado-de-sua-obra-Foto-dibulgacao-scaled.jpg\"><img loading=\"lazy\" decoding=\"async\" class=\"wp-image-78438 size-full\" title=\"Bastidores do document\u00e1rio sobre a vida e obra de Cadu, que foi realizado por colegas e amigos do cineasta. Foto: Divulga\u00e7\u00e3o\" src=\"https:\/\/rioonwatch.org.br\/wp-content\/uploads\/2025\/06\/Bastidores-do-documentario-sobre-memoria-de-Cadu-e-legado-de-sua-obra-Foto-dibulgacao-scaled.jpg\" alt=\"Bastidores do document\u00e1rio sobre a vida e obra de Cadu, que foi realizado por colegas e amigos do cineasta. Foto: Divulga\u00e7\u00e3o\" width=\"2560\" height=\"1707\" srcset=\"https:\/\/rioonwatch.org.br\/wp-content\/uploads\/2025\/06\/Bastidores-do-documentario-sobre-memoria-de-Cadu-e-legado-de-sua-obra-Foto-dibulgacao-scaled.jpg 2560w, https:\/\/rioonwatch.org.br\/wp-content\/uploads\/2025\/06\/Bastidores-do-documentario-sobre-memoria-de-Cadu-e-legado-de-sua-obra-Foto-dibulgacao-620x413.jpg 620w, https:\/\/rioonwatch.org.br\/wp-content\/uploads\/2025\/06\/Bastidores-do-documentario-sobre-memoria-de-Cadu-e-legado-de-sua-obra-Foto-dibulgacao-768x512.jpg 768w, https:\/\/rioonwatch.org.br\/wp-content\/uploads\/2025\/06\/Bastidores-do-documentario-sobre-memoria-de-Cadu-e-legado-de-sua-obra-Foto-dibulgacao-1536x1024.jpg 1536w, https:\/\/rioonwatch.org.br\/wp-content\/uploads\/2025\/06\/Bastidores-do-documentario-sobre-memoria-de-Cadu-e-legado-de-sua-obra-Foto-dibulgacao-2048x1365.jpg 2048w\" sizes=\"(max-width: 2560px) 100vw, 2560px\" \/><\/a><figcaption id=\"caption-attachment-78438\" class=\"wp-caption-text\">Bastidores do document\u00e1rio sobre a vida e obra de Cadu, que foi realizado por colegas e amigos do cineasta. Foto: Divulga\u00e7\u00e3o<\/figcaption><\/figure>\n<figure id=\"attachment_78449\" aria-describedby=\"caption-attachment-78449\" style=\"width: 300px\" class=\"wp-caption alignright\"><a href=\"https:\/\/rioonwatch.org.br\/wp-content\/uploads\/2025\/06\/Ao-lado-de-seu-filho-Bernardo-Cadu-enxergava-na-paternidade-uma-extensao-do-seu-compromisso-com-a-vida-com-o-territorio-e-com-o-futuro-das-proximas-geracoes.jpg\"><img loading=\"lazy\" decoding=\"async\" class=\"wp-image-78449\" title=\"Ao lado de seu filho, Bernardo, e da ex-esposa, Gabriela Alves, Cadu enxergava na paternidade uma extens\u00e3o do seu compromisso com a vida, com o territ\u00f3rio e com o futuro das pr\u00f3ximas gera\u00e7\u00f5es. Foto: Arquivo Gabriela Alves\" src=\"https:\/\/rioonwatch.org.br\/wp-content\/uploads\/2025\/06\/Ao-lado-de-seu-filho-Bernardo-Cadu-enxergava-na-paternidade-uma-extensao-do-seu-compromisso-com-a-vida-com-o-territorio-e-com-o-futuro-das-proximas-geracoes-413x620.jpg\" alt=\"Ao lado de seu filho, Bernardo, e da ex-esposa, Gabriela Alves, Cadu enxergava na paternidade uma extens\u00e3o do seu compromisso com a vida, com o territ\u00f3rio e com o futuro das pr\u00f3ximas gera\u00e7\u00f5es. Foto: Arquivo Gabriela Alves\" width=\"300\" height=\"450\" srcset=\"https:\/\/rioonwatch.org.br\/wp-content\/uploads\/2025\/06\/Ao-lado-de-seu-filho-Bernardo-Cadu-enxergava-na-paternidade-uma-extensao-do-seu-compromisso-com-a-vida-com-o-territorio-e-com-o-futuro-das-proximas-geracoes-413x620.jpg 413w, https:\/\/rioonwatch.org.br\/wp-content\/uploads\/2025\/06\/Ao-lado-de-seu-filho-Bernardo-Cadu-enxergava-na-paternidade-uma-extensao-do-seu-compromisso-com-a-vida-com-o-territorio-e-com-o-futuro-das-proximas-geracoes.jpg 720w\" sizes=\"(max-width: 300px) 100vw, 300px\" \/><\/a><figcaption id=\"caption-attachment-78449\" class=\"wp-caption-text\">Ao lado de seu filho, Bernardo, e da ex-esposa, Gabriela Alves, Cadu enxergava na paternidade uma extens\u00e3o do seu compromisso com a vida, com o territ\u00f3rio e com o futuro das pr\u00f3ximas gera\u00e7\u00f5es. Foto: Arquivo Gabriela Alves<\/figcaption><\/figure>\n<p>\u201cTodos eram amigos do Cadu\u2014desde o c\u00e2mera ao produtor. Ele reunia pessoas, afetos, fazia um cinema humano,\u201d disse o roteirista e diretor Wagner Novais. Para ele, a decis\u00e3o de dirigir um filme sobre Cadu nasceu de uma urg\u00eancia: a de disputar a mem\u00f3ria do amigo e grande cineasta carioca. Ele explica que, ap\u00f3s a morte tr\u00e1gica de Cadu, as buscas por seu nome na internet foram <a href=\"https:\/\/bit.ly\/2x39npy\" target=\"_blank\" rel=\"noopener\">dominadas pela narrativa da viol\u00eancia<\/a>, ofuscando o legado de sua vida e obra. O filme representou, portanto, uma ferramenta para reverter essa l\u00f3gica e gerar conte\u00fado positivo sobre sua hist\u00f3ria\u2014assim como esta reportagem, que se soma a esse movimento de exalta\u00e7\u00e3o e de resgate \u00e0 mem\u00f3ria e ao legado de Cadu Barcellos.<\/p>\n<blockquote><p>\u201cPrecis\u00e1vamos fazer um filme solar, que celebrasse a pot\u00eancia dele em vida. O filme nasceu do desejo de produzir uma outra mem\u00f3ria, de deixar um presente. Um presente para o Bernardo [filho de Cadu], para que ele saiba o tamanho do pai que teve. E um presente para os futuros cineastas, para que vejam no Cadu uma inspira\u00e7\u00e3o. No fim, \u00e9 isso que a arte faz, certo? Ela produz mem\u00f3ria coletiva. E a mem\u00f3ria que a gente quer que fique sobre o Cadu \u00e9 a de sua luz, de seu afeto e de um legado que inspira o futuro. Documentar o legado do Cadu \u00e9 uma miss\u00e3o, porque o cinema dele era especial: n\u00e3o filmava um tema, filmava a vida. O legado dele \u00e9 esse: a prova de que a nossa viv\u00eancia \u00e9 a mat\u00e9ria-prima mais potente que existe. Ele nos ensinou a transformar afeto em filme e essa \u00e9 uma li\u00e7\u00e3o que n\u00e3o pode ser esquecida, precisa ser documentada para inspirar sempre.\u201d \u2014 Wagner Novais<\/p><\/blockquote>\n<p dir=\"ltr\">Para al\u00e9m de tudo o que Cadu construiu, transmitiu e deixou como legado atrav\u00e9s de sua arte e seu pensamento, a mem\u00f3ria do cineasta permanece acesa atrav\u00e9s do <a href=\"https:\/\/bit.ly\/45ECe3g\" target=\"_blank\" rel=\"noopener\">Parque Ecol\u00f3gico Cadu Barcellos<\/a>. Um espa\u00e7o verde, p\u00fablico e, por muitos, conhecido como a \u201cmata da Mar\u00e9\u201d. O Parque foi renomeado em homenagem ao cineasta como uma a\u00e7\u00e3o do <a href=\"http:\/\/bit.ly\/2XCc5is\" target=\"_blank\" rel=\"noopener\">Novembro Negro<\/a> atrav\u00e9s do <a href=\"https:\/\/bit.ly\/4lAcGeu\" target=\"_blank\" rel=\"noopener\" data-saferedirecturl=\"https:\/\/www.google.com\/url?q=https:\/\/aplicnt.camara.rj.gov.br\/Apl\/Legislativos\/scpro2124.nsf\/c888cbe0d030fefa03258654007275e3\/523ebe9ad4e146c2032587890060eb9f?OpenDocument&amp;source=gmail&amp;ust=1752929836433000&amp;usg=AOvVaw1cBMyEfVBkkxQ5u9lH-T7p\">Projeto de Lei n\u00ba\u00a0866\/2021<\/a>, criado em 10 de novembro de 2021, um ano ap\u00f3s o brutal assassinato de Cadu.<\/p>\n<p>Com sua \u00e1rea biodiversa de aproximadamente 44.000 m\u00b2, o Parque Ecol\u00f3gico Cadu Barcellos \u00e9 considerado o \u201cpulm\u00e3o verde\u201d da Mar\u00e9 no contexto da intensa urbaniza\u00e7\u00e3o desta comunidade. Al\u00e9m disso, sob gest\u00e3o da <a href=\"https:\/\/bit.ly\/4nT7KD0\" target=\"_blank\" rel=\"noopener\" data-saferedirecturl=\"https:\/\/www.google.com\/url?q=https:\/\/www.instagram.com\/parque.ecologicoo\/&amp;source=gmail&amp;ust=1752929836434000&amp;usg=AOvVaw0tJcccJclHjxTi8B756HYm\">Associa\u00e7\u00e3o de Moradores do Parque Ecol\u00f3gico da Mar\u00e9<\/a>, \u00e9 ponto de converg\u00eancia de iniciativas fundamentais para o desenvolvimento e bem-estar dos moradores, como atividades <a href=\"https:\/\/bit.ly\/4momGaY\" target=\"_blank\" rel=\"noopener\">socioeducativas, culturais<\/a> e <a href=\"https:\/\/bit.ly\/40HZLyQ\" target=\"_blank\" rel=\"noopener\">ambientais<\/a> para a comunidade e <a href=\"https:\/\/bit.ly\/3U9bmmS\" target=\"_blank\" rel=\"noopener\">doa\u00e7\u00e3o de alimentos org\u00e2nicos<\/a>.<\/p>\n<p>Cadu Barcellos permanece vivo na mem\u00f3ria coletiva, nas telas e nos cora\u00e7\u00f5es de todos que acreditam na pot\u00eancia transformadora da arte nascida nas periferias. Assim como Cadu sonhava e lutava, sua hist\u00f3ria segue viva, inspirando novas gera\u00e7\u00f5es a criarem, resistirem e transformarem o mundo.<\/p>\n<h3><strong>Conhe\u00e7a Aqui a Filmografia de Cadu Barcellos:<\/strong><\/h3>\n<ul>\n<li style=\"font-weight: 400;\" aria-level=\"1\"><b>2006 \u2013 <a href=\"https:\/\/bit.ly\/4k4P40b\" target=\"_blank\" rel=\"noopener\"><em>Feira da Teixeira<\/em><\/a> (Curta-metragem)<\/b>\n<ul>\n<li style=\"font-weight: 400;\" aria-level=\"2\"><span style=\"font-weight: 400;\"><span style=\"font-weight: 400;\">Primeiro trabalho de Cadu, realizado como projeto de conclus\u00e3o de curso na Escola Popular de Comunica\u00e7\u00e3o Cr\u00edtica (ESPOCC). O filme \u00e9 um registro documental e afetivo sobre a tradicional feira livre da Mar\u00e9, explorando sua import\u00e2ncia cultural e econ\u00f4mica para a comunidade.<\/span><\/span><\/li>\n<\/ul>\n<\/li>\n<\/ul>\n<ul>\n<li style=\"font-weight: 400;\" aria-level=\"1\"><b>2007 &#8211; <em>Cr\u00f4nicas da Cidade<\/em> (S\u00e9rie de TV &#8211; <em>Canal Futura<\/em>)<\/b><b><br \/>\n<\/b><\/p>\n<ul>\n<li style=\"font-weight: 400;\" aria-level=\"2\"><span style=\"font-weight: 400;\">Cadu esteve \u00e0 frente desta s\u00e9rie de seis programas, que transformava cr\u00f4nicas de moradores de periferias de todo o Brasil em roteiros de fic\u00e7\u00e3o. O projeto era colaborativo, envolvendo os pr\u00f3prios autores como membros da equipe t\u00e9cnica e como atores.<\/span><\/li>\n<\/ul>\n<\/li>\n<\/ul>\n<ul>\n<li style=\"font-weight: 400;\" aria-level=\"1\"><b>2010 \u2013 <em>5x Favela, Agora por N\u00f3s Mesmos<\/em> (Longa-metragem)<\/b>\n<ul>\n<li style=\"font-weight: 400;\" aria-level=\"2\"><span style=\"font-weight: 400;\">Cadu dirigiu o epis\u00f3dio <\/span><em>Deixa Voar<\/em><span style=\"font-weight: 400;\">, um dos cinco segmentos do aclamado longa produzido por Cac\u00e1 Diegues. O filme foi um marco no cinema brasileiro e teve reconhecimento internacional com sua sele\u00e7\u00e3o para o Festival de Cannes.<\/span><\/li>\n<\/ul>\n<\/li>\n<\/ul>\n<ul>\n<li style=\"font-weight: 400;\" aria-level=\"1\"><b>2011 \u2013 <em>Mais um na Multid\u00e3o<\/em> (Curta-metragem)<\/b>\n<ul>\n<li style=\"font-weight: 400;\" aria-level=\"2\"><span style=\"font-weight: 400;\">Document\u00e1rio que aborda as remo\u00e7\u00f5es de moradores do Morro da Provid\u00eancia para a constru\u00e7\u00e3o do Projeto <a href=\"https:\/\/bit.ly\/4ef55iF\" target=\"_blank\" rel=\"noopener\">Morar Carioca<\/a>. Foi a obra que marcou seu in\u00edcio formal no cinema, j\u00e1 com o olhar voltado para as quest\u00f5es de territ\u00f3rio e direitos humanos.<\/span><\/li>\n<\/ul>\n<\/li>\n<\/ul>\n<ul>\n<li style=\"font-weight: 400;\" aria-level=\"1\"><b>2012 \u2013 <em>5x Pacifica\u00e7\u00e3o<\/em> (Longa-metragem)<\/b>\n<ul>\n<li style=\"font-weight: 400;\" aria-level=\"2\"><span style=\"font-weight: 400;\">Cadu foi um dos diretores deste document\u00e1rio, que investiga os impactos e as contradi\u00e7\u00f5es do projeto das Unidades de Pol\u00edcia Pacificadora (<a href=\"https:\/\/bit.ly\/2x52t2Y\" target=\"_blank\" rel=\"noopener\">UPPs<\/a>) em cinco favelas do Rio de Janeiro.<\/span><\/li>\n<\/ul>\n<\/li>\n<\/ul>\n<ul>\n<li style=\"font-weight: 400;\" aria-level=\"1\"><b>2013 \u2013 <em>A Batalha do Passinho: O Filme<\/em> (Longa-metragem)<\/b>\n<ul>\n<li style=\"font-weight: 400;\" aria-level=\"2\"><span style=\"font-weight: 400;\">Document\u00e1rio que Cadu dirigiu, registrando a explos\u00e3o cultural do passinho, um estilo de dan\u00e7a que nasceu nas favelas e se tornou um fen\u00f4meno global. O filme celebra a criatividade e a resili\u00eancia da juventude perif\u00e9rica.<\/span><\/li>\n<\/ul>\n<\/li>\n<\/ul>\n<ul>\n<li style=\"font-weight: 400;\" aria-level=\"1\"><b>2016 \u2013 <em>Guti<\/em> (Document\u00e1rio)<\/b>\n<ul>\n<li style=\"font-weight: 400;\" aria-level=\"2\"><span style=\"font-weight: 400;\">Document\u00e1rio sens\u00edvel, codirigido por Cadu, que acompanha a jornada de Guti, um jovem trans em sua busca por identidade, aceita\u00e7\u00e3o e liberdade em meio aos desafios sociais.<\/span><\/li>\n<\/ul>\n<\/li>\n<\/ul>\n<ul>\n<li style=\"font-weight: 400;\" aria-level=\"1\"><b>2017 a 2020 \u2013 <a href=\"https:\/\/bit.ly\/4eckoc0\" target=\"_blank\" rel=\"noopener\"><em>Greg News com Greg\u00f3rio Duvivier<\/em><\/a> (Programa de TV na <em>HBO<\/em>)<\/b>\n<ul>\n<li style=\"font-weight: 400;\" aria-level=\"1\">Como roteirista e diretor de mat\u00e9rias, Cadu foi uma voz fundamental no programa, trazendo sua perspectiva cr\u00edtica e seu humor afiado para pautar temas como racismo, viol\u00eancia policial e desigualdade social no hor\u00e1rio nobre da TV por assinatura.<\/li>\n<\/ul>\n<\/li>\n<\/ul>\n<p><i><span style=\"font-weight: 400;\">Sobre a autora: Juliana Portella \u00e9 jornalista (UFRRJ), mestre em Educa\u00e7\u00e3o pelo Programa de Educa\u00e7\u00e3o, Cultura e Comunica\u00e7\u00e3o em Periferias Urbanas (FEBF\/UERJ), e s\u00f3cia-fundadora da Iroko Produtora e Assessoria.<\/span><\/i><\/p>\n<hr \/>\n<h4><b data-stringify-type=\"bold\">Apoie nossos esfor\u00e7os para fornecer apoio estrat\u00e9gico \u00e0s favelas do Rio, incluindo o jornalismo hiperlocal, cr\u00edtico, inovador e incans\u00e1vel do\u00a0<\/b><b data-stringify-type=\"bold\"><i data-stringify-type=\"italic\">RioOnWatch<\/i><\/b>\u2014<a class=\"c-link\" href=\"http:\/\/www.bit.ly\/ApoieROW\" target=\"_blank\" rel=\"noopener noreferrer\" data-stringify-link=\"http:\/\/www.bit.ly\/ApoieROW\" data-sk=\"tooltip_parent\">doe aqui<\/a>.<\/h4>\n<!-- AddThis Advanced Settings generic via filter on the_content --><!-- AddThis Share Buttons generic via filter on the_content -->","protected":false},"excerpt":{"rendered":"<div class=\"mh-excerpt\"><p>Click Here for English Zona Norte do Rio, Complexo da Mar\u00e9, Favela do Pinheiro, Bloco 07, Apartamento 502. Ali, Cadu Barcellos cresceu ao lado da m\u00e3e, Neilde, da irm\u00e3, Leth\u00edcia, e do padrasto, Willian, em <a class=\"mh-excerpt-more\" href=\"https:\/\/rioonwatch.org.br\/?p=78405\" title=\"&#8216;Nos Ensinou a Transformar Afeto em Filme&#8217;: Conhe\u00e7a o Legado de Cadu Barcellos, Cria da Mar\u00e9 que Dignificou a Favela no Cinema Nacional\">[&#8230;]<\/a><!-- AddThis Advanced Settings generic via filter on get_the_excerpt --><!-- AddThis Share Buttons generic via filter on get_the_excerpt --><\/p>\n<\/div>","protected":false},"author":192,"featured_media":78430,"comment_status":"closed","ping_status":"closed","sticky":false,"template":"template-full.php","format":"standard","meta":{"_acf_changed":false,"_monsterinsights_skip_tracking":false,"_monsterinsights_sitenote_active":false,"_monsterinsights_sitenote_note":"","_monsterinsights_sitenote_category":0,"footnotes":""},"categories":[1621,1615,1629,1625,1616,3206],"tags":[386,334,50,332,2355,421,270,257,3533,1760,350,2844,663,298,2432,2539,3432,1311],"writer":[1290],"translator":[],"source":[],"ilustrador":[],"fotografo":[],"class_list":{"0":"post-78405","1":"post","2":"type-post","3":"status-publish","4":"format-standard","5":"has-post-thumbnail","7":"category-destaque","8":"category-cultura-da-favela","9":"category-entrevistas-e-perfis","10":"category-por-correspondentes-comunitarios","11":"category-qualidades-da-favela","12":"category-representatividade","13":"tag-estigma","14":"tag-arte","15":"tag-cinema","16":"tag-complexo-da-mare","17":"tag-conjunto-pinheiro","18":"tag-cultura-da-favela","19":"tag-morar-carioca","20":"tag-providencia","21":"tag-mudanca-de-narrativa","22":"tag-narrativa-midiatica","23":"tag-nova-holanda","24":"tag-obituario","25":"tag-observatorio-de-favelas","26":"tag-perfil-de-lideranca","27":"tag-representatividade","28":"tag-sentimento-de-pertencimento","29":"tag-serie-memorias-de-potencias-faveladas","30":"tag-vila-do-pinheiro","31":"writer-juliana-portella"},"acf":[],"yoast_head":"<!-- This site is optimized with the Yoast SEO plugin v25.6 - https:\/\/yoast.com\/wordpress\/plugins\/seo\/ -->\n<title>&#039;Nos Ensinou a Transformar Afeto em Filme&#039;: Conhe\u00e7a o Legado de Cadu Barcellos, Cria da Mar\u00e9 que Dignificou a Favela no Cinema Nacional - RioOnWatch<\/title>\n<meta name=\"robots\" content=\"index, follow, max-snippet:-1, max-image-preview:large, max-video-preview:-1\" \/>\n<link rel=\"canonical\" href=\"https:\/\/rioonwatch.org.br\/?p=78405\" \/>\n<meta property=\"og:locale\" content=\"pt_BR\" \/>\n<meta property=\"og:type\" content=\"article\" \/>\n<meta property=\"og:title\" content=\"&#039;Nos Ensinou a Transformar Afeto em Filme&#039;: Conhe\u00e7a o Legado de Cadu Barcellos, Cria da Mar\u00e9 que Dignificou a Favela no Cinema Nacional - RioOnWatch\" \/>\n<meta property=\"og:description\" content=\"Click Here for English Zona Norte do Rio, Complexo da Mar\u00e9, Favela do Pinheiro, Bloco 07, Apartamento 502. Ali, Cadu Barcellos cresceu ao lado da m\u00e3e, Neilde, da irm\u00e3, Leth\u00edcia, e do padrasto, Willian, em [...]\" \/>\n<meta property=\"og:url\" content=\"https:\/\/rioonwatch.org.br\/?p=78405\" \/>\n<meta property=\"og:site_name\" content=\"RioOnWatch\" \/>\n<meta property=\"article:published_time\" content=\"2025-07-28T17:10:13+00:00\" \/>\n<meta property=\"article:modified_time\" content=\"2025-11-14T14:57:27+00:00\" \/>\n<meta property=\"og:image\" content=\"https:\/\/rioonwatch.org.br\/wp-content\/uploads\/2025\/06\/Da-formacao-a-docencia_-Cadu-entre-oficinas-e-encontros-na-ESPOCC-onde-se-formou-e-depois-voltou-como-professor-e-inspiracao.jpg\" \/>\n\t<meta property=\"og:image:width\" content=\"1168\" \/>\n\t<meta property=\"og:image:height\" content=\"688\" \/>\n\t<meta property=\"og:image:type\" content=\"image\/jpeg\" \/>\n<meta name=\"author\" content=\"Beatriz Miranda\" \/>\n<meta name=\"twitter:card\" content=\"summary_large_image\" \/>\n<meta name=\"twitter:label1\" content=\"Escrito por\" \/>\n\t<meta name=\"twitter:data1\" content=\"Beatriz Miranda\" \/>\n\t<meta name=\"twitter:label2\" content=\"Est. tempo de leitura\" \/>\n\t<meta name=\"twitter:data2\" content=\"18 minutos\" \/>\n<script type=\"application\/ld+json\" class=\"yoast-schema-graph\">{\"@context\":\"https:\/\/schema.org\",\"@graph\":[{\"@type\":\"Article\",\"@id\":\"https:\/\/rioonwatch.org.br\/?p=78405#article\",\"isPartOf\":{\"@id\":\"https:\/\/rioonwatch.org.br\/?p=78405\"},\"author\":{\"name\":\"Beatriz Miranda\",\"@id\":\"https:\/\/rioonwatch.org.br\/#\/schema\/person\/1150bfc199e76e22909b454a0c139c4b\"},\"headline\":\"&#8216;Nos Ensinou a Transformar Afeto em Filme&#8217;: Conhe\u00e7a o Legado de Cadu Barcellos, Cria da Mar\u00e9 que Dignificou a Favela no Cinema Nacional\",\"datePublished\":\"2025-07-28T17:10:13+00:00\",\"dateModified\":\"2025-11-14T14:57:27+00:00\",\"mainEntityOfPage\":{\"@id\":\"https:\/\/rioonwatch.org.br\/?p=78405\"},\"wordCount\":3481,\"publisher\":{\"@id\":\"https:\/\/rioonwatch.org.br\/#organization\"},\"image\":{\"@id\":\"https:\/\/rioonwatch.org.br\/?p=78405#primaryimage\"},\"thumbnailUrl\":\"https:\/\/rioonwatch.org.br\/wp-content\/uploads\/2025\/06\/Da-formacao-a-docencia_-Cadu-entre-oficinas-e-encontros-na-ESPOCC-onde-se-formou-e-depois-voltou-como-professor-e-inspiracao.jpg\",\"keywords\":[\"#StopFavelaStigma\",\"arte\",\"cinema\",\"Complexo da Mar\u00e9\",\"Conjunto Pinheiro\",\"cultura da favela\",\"Morar Carioca\",\"Morro da Provid\u00eancia\",\"mudan\u00e7a de narrativa\",\"narrativa midi\u00e1tica\",\"Nova Holanda\",\"obitu\u00e1rio\",\"Observat\u00f3rio de Favelas\",\"perfil de lideran\u00e7a\",\"representatividade\",\"sentimento de pertencimento\",\"S\u00e9rie: Mem\u00f3rias de Pot\u00eancias Faveladas\",\"Vila do Pinheiro\"],\"articleSection\":[\"*Destaque\",\"Cultura da Favela\",\"Entrevistas e Perfis\",\"Escrito por Comunicadores Populares\",\"Qualidades da Favela\",\"Representatividade\"],\"inLanguage\":\"pt-BR\"},{\"@type\":\"WebPage\",\"@id\":\"https:\/\/rioonwatch.org.br\/?p=78405\",\"url\":\"https:\/\/rioonwatch.org.br\/?p=78405\",\"name\":\"'Nos Ensinou a Transformar Afeto em Filme': Conhe\u00e7a o Legado de Cadu Barcellos, Cria da Mar\u00e9 que Dignificou a Favela no Cinema Nacional - RioOnWatch\",\"isPartOf\":{\"@id\":\"https:\/\/rioonwatch.org.br\/#website\"},\"primaryImageOfPage\":{\"@id\":\"https:\/\/rioonwatch.org.br\/?p=78405#primaryimage\"},\"image\":{\"@id\":\"https:\/\/rioonwatch.org.br\/?p=78405#primaryimage\"},\"thumbnailUrl\":\"https:\/\/rioonwatch.org.br\/wp-content\/uploads\/2025\/06\/Da-formacao-a-docencia_-Cadu-entre-oficinas-e-encontros-na-ESPOCC-onde-se-formou-e-depois-voltou-como-professor-e-inspiracao.jpg\",\"datePublished\":\"2025-07-28T17:10:13+00:00\",\"dateModified\":\"2025-11-14T14:57:27+00:00\",\"breadcrumb\":{\"@id\":\"https:\/\/rioonwatch.org.br\/?p=78405#breadcrumb\"},\"inLanguage\":\"pt-BR\",\"potentialAction\":[{\"@type\":\"ReadAction\",\"target\":[\"https:\/\/rioonwatch.org.br\/?p=78405\"]}]},{\"@type\":\"ImageObject\",\"inLanguage\":\"pt-BR\",\"@id\":\"https:\/\/rioonwatch.org.br\/?p=78405#primaryimage\",\"url\":\"https:\/\/rioonwatch.org.br\/wp-content\/uploads\/2025\/06\/Da-formacao-a-docencia_-Cadu-entre-oficinas-e-encontros-na-ESPOCC-onde-se-formou-e-depois-voltou-como-professor-e-inspiracao.jpg\",\"contentUrl\":\"https:\/\/rioonwatch.org.br\/wp-content\/uploads\/2025\/06\/Da-formacao-a-docencia_-Cadu-entre-oficinas-e-encontros-na-ESPOCC-onde-se-formou-e-depois-voltou-como-professor-e-inspiracao.jpg\",\"width\":1168,\"height\":688,\"caption\":\"Cadu entre oficinas, aprendizados e encontros na Escola Popular de Comunica\u00e7\u00e3o Cr\u00edtica, onde o cineasta se formou e retornou como professor de uma nova gera\u00e7\u00e3o de sonhadores. Foto: Divulga\u00e7\u00e3o\"},{\"@type\":\"BreadcrumbList\",\"@id\":\"https:\/\/rioonwatch.org.br\/?p=78405#breadcrumb\",\"itemListElement\":[{\"@type\":\"ListItem\",\"position\":1,\"name\":\"In\u00edcio\",\"item\":\"https:\/\/rioonwatch.org.br\/\"},{\"@type\":\"ListItem\",\"position\":2,\"name\":\"&#8216;Nos Ensinou a Transformar Afeto em Filme&#8217;: Conhe\u00e7a o Legado de Cadu Barcellos, Cria da Mar\u00e9 que Dignificou a Favela no Cinema Nacional\"}]},{\"@type\":\"WebSite\",\"@id\":\"https:\/\/rioonwatch.org.br\/#website\",\"url\":\"https:\/\/rioonwatch.org.br\/\",\"name\":\"RioOnWatch\",\"description\":\"relatos das favelas cariocas\",\"publisher\":{\"@id\":\"https:\/\/rioonwatch.org.br\/#organization\"},\"potentialAction\":[{\"@type\":\"SearchAction\",\"target\":{\"@type\":\"EntryPoint\",\"urlTemplate\":\"https:\/\/rioonwatch.org.br\/?s={search_term_string}\"},\"query-input\":{\"@type\":\"PropertyValueSpecification\",\"valueRequired\":true,\"valueName\":\"search_term_string\"}}],\"inLanguage\":\"pt-BR\"},{\"@type\":\"Organization\",\"@id\":\"https:\/\/rioonwatch.org.br\/#organization\",\"name\":\"RioOnWatch\",\"url\":\"https:\/\/rioonwatch.org.br\/\",\"logo\":{\"@type\":\"ImageObject\",\"inLanguage\":\"pt-BR\",\"@id\":\"https:\/\/rioonwatch.org.br\/#\/schema\/logo\/image\/\",\"url\":\"https:\/\/rioonwatch.org.br\/wp-content\/uploads\/2021\/06\/RioOnWatchcabecalhoPT11anos-2.png\",\"contentUrl\":\"https:\/\/rioonwatch.org.br\/wp-content\/uploads\/2021\/06\/RioOnWatchcabecalhoPT11anos-2.png\",\"width\":779,\"height\":277,\"caption\":\"RioOnWatch\"},\"image\":{\"@id\":\"https:\/\/rioonwatch.org.br\/#\/schema\/logo\/image\/\"}},{\"@type\":\"Person\",\"@id\":\"https:\/\/rioonwatch.org.br\/#\/schema\/person\/1150bfc199e76e22909b454a0c139c4b\",\"name\":\"Beatriz Miranda\",\"image\":{\"@type\":\"ImageObject\",\"inLanguage\":\"pt-BR\",\"@id\":\"https:\/\/rioonwatch.org.br\/#\/schema\/person\/image\/\",\"url\":\"https:\/\/secure.gravatar.com\/avatar\/41a514d4cb8be1f42ceaebd1038a447b?s=96&d=blank&r=g\",\"contentUrl\":\"https:\/\/secure.gravatar.com\/avatar\/41a514d4cb8be1f42ceaebd1038a447b?s=96&d=blank&r=g\",\"caption\":\"Beatriz Miranda\"},\"url\":\"https:\/\/rioonwatch.org.br\/?author=192\"}]}<\/script>\n<!-- \/ Yoast SEO plugin. -->","yoast_head_json":{"title":"'Nos Ensinou a Transformar Afeto em Filme': Conhe\u00e7a o Legado de Cadu Barcellos, Cria da Mar\u00e9 que Dignificou a Favela no Cinema Nacional - RioOnWatch","robots":{"index":"index","follow":"follow","max-snippet":"max-snippet:-1","max-image-preview":"max-image-preview:large","max-video-preview":"max-video-preview:-1"},"canonical":"https:\/\/rioonwatch.org.br\/?p=78405","og_locale":"pt_BR","og_type":"article","og_title":"'Nos Ensinou a Transformar Afeto em Filme': Conhe\u00e7a o Legado de Cadu Barcellos, Cria da Mar\u00e9 que Dignificou a Favela no Cinema Nacional - RioOnWatch","og_description":"Click Here for English Zona Norte do Rio, Complexo da Mar\u00e9, Favela do Pinheiro, Bloco 07, Apartamento 502. Ali, Cadu Barcellos cresceu ao lado da m\u00e3e, Neilde, da irm\u00e3, Leth\u00edcia, e do padrasto, Willian, em [...]","og_url":"https:\/\/rioonwatch.org.br\/?p=78405","og_site_name":"RioOnWatch","article_published_time":"2025-07-28T17:10:13+00:00","article_modified_time":"2025-11-14T14:57:27+00:00","og_image":[{"width":1168,"height":688,"url":"https:\/\/rioonwatch.org.br\/wp-content\/uploads\/2025\/06\/Da-formacao-a-docencia_-Cadu-entre-oficinas-e-encontros-na-ESPOCC-onde-se-formou-e-depois-voltou-como-professor-e-inspiracao.jpg","type":"image\/jpeg"}],"author":"Beatriz Miranda","twitter_card":"summary_large_image","twitter_misc":{"Escrito por":"Beatriz Miranda","Est. tempo de leitura":"18 minutos"},"schema":{"@context":"https:\/\/schema.org","@graph":[{"@type":"Article","@id":"https:\/\/rioonwatch.org.br\/?p=78405#article","isPartOf":{"@id":"https:\/\/rioonwatch.org.br\/?p=78405"},"author":{"name":"Beatriz Miranda","@id":"https:\/\/rioonwatch.org.br\/#\/schema\/person\/1150bfc199e76e22909b454a0c139c4b"},"headline":"&#8216;Nos Ensinou a Transformar Afeto em Filme&#8217;: Conhe\u00e7a o Legado de Cadu Barcellos, Cria da Mar\u00e9 que Dignificou a Favela no Cinema Nacional","datePublished":"2025-07-28T17:10:13+00:00","dateModified":"2025-11-14T14:57:27+00:00","mainEntityOfPage":{"@id":"https:\/\/rioonwatch.org.br\/?p=78405"},"wordCount":3481,"publisher":{"@id":"https:\/\/rioonwatch.org.br\/#organization"},"image":{"@id":"https:\/\/rioonwatch.org.br\/?p=78405#primaryimage"},"thumbnailUrl":"https:\/\/rioonwatch.org.br\/wp-content\/uploads\/2025\/06\/Da-formacao-a-docencia_-Cadu-entre-oficinas-e-encontros-na-ESPOCC-onde-se-formou-e-depois-voltou-como-professor-e-inspiracao.jpg","keywords":["#StopFavelaStigma","arte","cinema","Complexo da Mar\u00e9","Conjunto Pinheiro","cultura da favela","Morar Carioca","Morro da Provid\u00eancia","mudan\u00e7a de narrativa","narrativa midi\u00e1tica","Nova Holanda","obitu\u00e1rio","Observat\u00f3rio de Favelas","perfil de lideran\u00e7a","representatividade","sentimento de pertencimento","S\u00e9rie: Mem\u00f3rias de Pot\u00eancias Faveladas","Vila do Pinheiro"],"articleSection":["*Destaque","Cultura da Favela","Entrevistas e Perfis","Escrito por Comunicadores Populares","Qualidades da Favela","Representatividade"],"inLanguage":"pt-BR"},{"@type":"WebPage","@id":"https:\/\/rioonwatch.org.br\/?p=78405","url":"https:\/\/rioonwatch.org.br\/?p=78405","name":"'Nos Ensinou a Transformar Afeto em Filme': Conhe\u00e7a o Legado de Cadu Barcellos, Cria da Mar\u00e9 que Dignificou a Favela no Cinema Nacional - RioOnWatch","isPartOf":{"@id":"https:\/\/rioonwatch.org.br\/#website"},"primaryImageOfPage":{"@id":"https:\/\/rioonwatch.org.br\/?p=78405#primaryimage"},"image":{"@id":"https:\/\/rioonwatch.org.br\/?p=78405#primaryimage"},"thumbnailUrl":"https:\/\/rioonwatch.org.br\/wp-content\/uploads\/2025\/06\/Da-formacao-a-docencia_-Cadu-entre-oficinas-e-encontros-na-ESPOCC-onde-se-formou-e-depois-voltou-como-professor-e-inspiracao.jpg","datePublished":"2025-07-28T17:10:13+00:00","dateModified":"2025-11-14T14:57:27+00:00","breadcrumb":{"@id":"https:\/\/rioonwatch.org.br\/?p=78405#breadcrumb"},"inLanguage":"pt-BR","potentialAction":[{"@type":"ReadAction","target":["https:\/\/rioonwatch.org.br\/?p=78405"]}]},{"@type":"ImageObject","inLanguage":"pt-BR","@id":"https:\/\/rioonwatch.org.br\/?p=78405#primaryimage","url":"https:\/\/rioonwatch.org.br\/wp-content\/uploads\/2025\/06\/Da-formacao-a-docencia_-Cadu-entre-oficinas-e-encontros-na-ESPOCC-onde-se-formou-e-depois-voltou-como-professor-e-inspiracao.jpg","contentUrl":"https:\/\/rioonwatch.org.br\/wp-content\/uploads\/2025\/06\/Da-formacao-a-docencia_-Cadu-entre-oficinas-e-encontros-na-ESPOCC-onde-se-formou-e-depois-voltou-como-professor-e-inspiracao.jpg","width":1168,"height":688,"caption":"Cadu entre oficinas, aprendizados e encontros na Escola Popular de Comunica\u00e7\u00e3o Cr\u00edtica, onde o cineasta se formou e retornou como professor de uma nova gera\u00e7\u00e3o de sonhadores. Foto: Divulga\u00e7\u00e3o"},{"@type":"BreadcrumbList","@id":"https:\/\/rioonwatch.org.br\/?p=78405#breadcrumb","itemListElement":[{"@type":"ListItem","position":1,"name":"In\u00edcio","item":"https:\/\/rioonwatch.org.br\/"},{"@type":"ListItem","position":2,"name":"&#8216;Nos Ensinou a Transformar Afeto em Filme&#8217;: Conhe\u00e7a o Legado de Cadu Barcellos, Cria da Mar\u00e9 que Dignificou a Favela no Cinema Nacional"}]},{"@type":"WebSite","@id":"https:\/\/rioonwatch.org.br\/#website","url":"https:\/\/rioonwatch.org.br\/","name":"RioOnWatch","description":"relatos das favelas cariocas","publisher":{"@id":"https:\/\/rioonwatch.org.br\/#organization"},"potentialAction":[{"@type":"SearchAction","target":{"@type":"EntryPoint","urlTemplate":"https:\/\/rioonwatch.org.br\/?s={search_term_string}"},"query-input":{"@type":"PropertyValueSpecification","valueRequired":true,"valueName":"search_term_string"}}],"inLanguage":"pt-BR"},{"@type":"Organization","@id":"https:\/\/rioonwatch.org.br\/#organization","name":"RioOnWatch","url":"https:\/\/rioonwatch.org.br\/","logo":{"@type":"ImageObject","inLanguage":"pt-BR","@id":"https:\/\/rioonwatch.org.br\/#\/schema\/logo\/image\/","url":"https:\/\/rioonwatch.org.br\/wp-content\/uploads\/2021\/06\/RioOnWatchcabecalhoPT11anos-2.png","contentUrl":"https:\/\/rioonwatch.org.br\/wp-content\/uploads\/2021\/06\/RioOnWatchcabecalhoPT11anos-2.png","width":779,"height":277,"caption":"RioOnWatch"},"image":{"@id":"https:\/\/rioonwatch.org.br\/#\/schema\/logo\/image\/"}},{"@type":"Person","@id":"https:\/\/rioonwatch.org.br\/#\/schema\/person\/1150bfc199e76e22909b454a0c139c4b","name":"Beatriz Miranda","image":{"@type":"ImageObject","inLanguage":"pt-BR","@id":"https:\/\/rioonwatch.org.br\/#\/schema\/person\/image\/","url":"https:\/\/secure.gravatar.com\/avatar\/41a514d4cb8be1f42ceaebd1038a447b?s=96&d=blank&r=g","contentUrl":"https:\/\/secure.gravatar.com\/avatar\/41a514d4cb8be1f42ceaebd1038a447b?s=96&d=blank&r=g","caption":"Beatriz Miranda"},"url":"https:\/\/rioonwatch.org.br\/?author=192"}]}},"_links":{"self":[{"href":"https:\/\/rioonwatch.org.br\/index.php?rest_route=\/wp\/v2\/posts\/78405"}],"collection":[{"href":"https:\/\/rioonwatch.org.br\/index.php?rest_route=\/wp\/v2\/posts"}],"about":[{"href":"https:\/\/rioonwatch.org.br\/index.php?rest_route=\/wp\/v2\/types\/post"}],"author":[{"embeddable":true,"href":"https:\/\/rioonwatch.org.br\/index.php?rest_route=\/wp\/v2\/users\/192"}],"replies":[{"embeddable":true,"href":"https:\/\/rioonwatch.org.br\/index.php?rest_route=%2Fwp%2Fv2%2Fcomments&post=78405"}],"version-history":[{"count":65,"href":"https:\/\/rioonwatch.org.br\/index.php?rest_route=\/wp\/v2\/posts\/78405\/revisions"}],"predecessor-version":[{"id":79120,"href":"https:\/\/rioonwatch.org.br\/index.php?rest_route=\/wp\/v2\/posts\/78405\/revisions\/79120"}],"wp:featuredmedia":[{"embeddable":true,"href":"https:\/\/rioonwatch.org.br\/index.php?rest_route=\/wp\/v2\/media\/78430"}],"wp:attachment":[{"href":"https:\/\/rioonwatch.org.br\/index.php?rest_route=%2Fwp%2Fv2%2Fmedia&parent=78405"}],"wp:term":[{"taxonomy":"category","embeddable":true,"href":"https:\/\/rioonwatch.org.br\/index.php?rest_route=%2Fwp%2Fv2%2Fcategories&post=78405"},{"taxonomy":"post_tag","embeddable":true,"href":"https:\/\/rioonwatch.org.br\/index.php?rest_route=%2Fwp%2Fv2%2Ftags&post=78405"},{"taxonomy":"writer","embeddable":true,"href":"https:\/\/rioonwatch.org.br\/index.php?rest_route=%2Fwp%2Fv2%2Fwriter&post=78405"},{"taxonomy":"translator","embeddable":true,"href":"https:\/\/rioonwatch.org.br\/index.php?rest_route=%2Fwp%2Fv2%2Ftranslator&post=78405"},{"taxonomy":"source","embeddable":true,"href":"https:\/\/rioonwatch.org.br\/index.php?rest_route=%2Fwp%2Fv2%2Fsource&post=78405"},{"taxonomy":"ilustrador","embeddable":true,"href":"https:\/\/rioonwatch.org.br\/index.php?rest_route=%2Fwp%2Fv2%2Filustrador&post=78405"},{"taxonomy":"fotografo","embeddable":true,"href":"https:\/\/rioonwatch.org.br\/index.php?rest_route=%2Fwp%2Fv2%2Ffotografo&post=78405"}],"curies":[{"name":"wp","href":"https:\/\/api.w.org\/{rel}","templated":true}]}}