{"id":78586,"date":"2025-06-30T15:11:30","date_gmt":"2025-06-30T18:11:30","guid":{"rendered":"https:\/\/rioonwatch.org.br\/?p=78586"},"modified":"2025-08-11T12:21:39","modified_gmt":"2025-08-11T15:21:39","slug":"joao-danado-tradicao-resistencia-e-potencia-cultural-no-coracao-do-morro-santo-amaro-imagens","status":"publish","type":"post","link":"https:\/\/rioonwatch.org.br\/?p=78586","title":{"rendered":"Jo\u00e3o Danado: Tradi\u00e7\u00e3o, Resist\u00eancia e Pot\u00eancia Cultural no Cora\u00e7\u00e3o do Morro Santo Amaro [IMAGENS]"},"content":{"rendered":"<figure id=\"attachment_78518\" aria-describedby=\"caption-attachment-78518\" style=\"width: 1024px\" class=\"wp-caption aligncenter\"><a href=\"https:\/\/rioonwatch.org.br\/wp-content\/uploads\/2025\/06\/Equipe-e-dancarinos-apos-apresentacao-no-Arraia-do-Tuiuti-2024-Foto-Suzane-Mendes.jpg\"><img fetchpriority=\"high\" decoding=\"async\" class=\"wp-image-78518 size-full\" title=\"Equipe e dan\u00e7arinos da quadrilha junina Jo\u00e3o Danado ap\u00f3s apresenta\u00e7\u00e3o no Arrai\u00e1 do Tuiuti de 2024, no Morro do Tuiuti, na Zona Norte. Foto: Suzane Mendes\" src=\"https:\/\/rioonwatch.org.br\/wp-content\/uploads\/2025\/06\/Equipe-e-dancarinos-apos-apresentacao-no-Arraia-do-Tuiuti-2024-Foto-Suzane-Mendes.jpg\" alt=\"Equipe e dan\u00e7arinos da quadrilha junina Jo\u00e3o Danado ap\u00f3s apresenta\u00e7\u00e3o no Arrai\u00e1 do Tuiuti de 2024, no Morro do Tuiuti, na Zona Norte. Foto: Suzane Mendes\" width=\"1024\" height=\"683\" srcset=\"https:\/\/rioonwatch.org.br\/wp-content\/uploads\/2025\/06\/Equipe-e-dancarinos-apos-apresentacao-no-Arraia-do-Tuiuti-2024-Foto-Suzane-Mendes.jpg 1024w, https:\/\/rioonwatch.org.br\/wp-content\/uploads\/2025\/06\/Equipe-e-dancarinos-apos-apresentacao-no-Arraia-do-Tuiuti-2024-Foto-Suzane-Mendes-620x414.jpg 620w, https:\/\/rioonwatch.org.br\/wp-content\/uploads\/2025\/06\/Equipe-e-dancarinos-apos-apresentacao-no-Arraia-do-Tuiuti-2024-Foto-Suzane-Mendes-768x512.jpg 768w\" sizes=\"(max-width: 1024px) 100vw, 1024px\" \/><\/a><figcaption id=\"caption-attachment-78518\" class=\"wp-caption-text\">Equipe e dan\u00e7arinos da quadrilha junina Jo\u00e3o Danado ap\u00f3s apresenta\u00e7\u00e3o no Arrai\u00e1 do Tuiuti de 2024, no Morro do Tuiuti, na Zona Norte. Foto: Suzane Mendes<\/figcaption><\/figure>\n<h4 style=\"text-align: right;\"><a href=\"https:\/\/bit.ly\/4ogYJ76\" target=\"_blank\" rel=\"noopener\"><em><strong>Click Here for English<img decoding=\"async\" class=\"alignright wp-image-15790\" src=\"https:\/\/rioonwatch.org.br\/wp-content\/uploads\/2012\/08\/EN-standard-e1439583104716.jpg\" alt=\"\" width=\"20\" height=\"20\" \/><\/strong><\/em><\/a><\/h4>\n<p><span style=\"font-weight: 400;\">Na <a href=\"https:\/\/bit.ly\/2WL6FUi\" target=\"_blank\" rel=\"noopener\">Zona Sul<\/a> do Rio de Janeiro, mais precisamente entre os bairros do <a href=\"https:\/\/bit.ly\/44oxkae\" target=\"_blank\" rel=\"noopener\">Catete<\/a>, <a href=\"https:\/\/bit.ly\/3Fma0Pq\" target=\"_blank\" rel=\"noopener\">Gl\u00f3ria<\/a>, e <a href=\"https:\/\/rioonwatch.org.br\/?tag=santa-teresa\">Santa Teresa<\/a>, se localiza o <a href=\"https:\/\/bit.ly\/3DZwZym\" target=\"_blank\" rel=\"noopener\">Morro Santo Amaro<\/a>. Na madrugada de 7 de junho, Santo Amaro se preparava para mais uma de suas tradicionais festas juninas, mas o que era um momento de alegria se transformou em dor e revolta quando a <a href=\"https:\/\/bit.ly\/30PUPsB\" target=\"_blank\" rel=\"noopener\">brutalidade policial<\/a> tirou a vida do jovem <a href=\"https:\/\/bit.ly\/4ldmLhe\" target=\"_blank\" rel=\"noopener\">Herus Guimar\u00e3es Mendes<\/a>, 24 anos, e <a href=\"https:\/\/bit.ly\/4nDEnok\" target=\"_blank\" rel=\"noopener\">traumatizou dezenas de crian\u00e7as e moradores<\/a>.<\/span><\/p>\n<p><span style=\"font-weight: 400;\">Diante da grande disparidade social e <a href=\"https:\/\/bit.ly\/3I7xf3n\" target=\"_blank\" rel=\"noopener\">desvaloriza\u00e7\u00e3o das vidas faveladas<\/a>, a <a href=\"https:\/\/bit.ly\/4nCPeio\" target=\"_blank\" rel=\"noopener\">luta por justi\u00e7a<\/a> e equidade \u00e9 uma <a href=\"https:\/\/bit.ly\/44vQrit\" target=\"_blank\" rel=\"noopener\">constante no cen\u00e1rio das favelas<\/a><\/span><span style=\"font-weight: 400;\">. <\/span><\/p>\n<figure id=\"attachment_78524\" aria-describedby=\"caption-attachment-78524\" style=\"width: 1248px\" class=\"wp-caption aligncenter\"><a href=\"https:\/\/rioonwatch.org.br\/wp-content\/uploads\/2025\/06\/Apresentacao-da-quadrilha-junina-em-homenagem-a-Herus-Guimaraes-Mendes-Foto-Arquivo-Junina-Joao-Danado.png\"><img decoding=\"async\" class=\"wp-image-78524 size-full\" title=\"Em 18 de junho, a quadrilha junina do Santo Amaro se apresentou em homenagem a Herus, morador assassinado pelo BOPE em 07 de junho durante a tradicional festa junina da comunidade. Foto: Arquivo Junina Jo\u00e3o Danado\" src=\"https:\/\/rioonwatch.org.br\/wp-content\/uploads\/2025\/06\/Apresentacao-da-quadrilha-junina-em-homenagem-a-Herus-Guimaraes-Mendes-Foto-Arquivo-Junina-Joao-Danado.png\" alt=\"Em 18 de junho, a quadrilha junina do Santo Amaro se apresentou em homenagem a Herus, morador assassinado pelo BOPE em 07 de junho durante a tradicional festa junina da comunidade. Foto: Arquivo Junina Jo\u00e3o Danado\" width=\"1248\" height=\"1242\" srcset=\"https:\/\/rioonwatch.org.br\/wp-content\/uploads\/2025\/06\/Apresentacao-da-quadrilha-junina-em-homenagem-a-Herus-Guimaraes-Mendes-Foto-Arquivo-Junina-Joao-Danado.png 1248w, https:\/\/rioonwatch.org.br\/wp-content\/uploads\/2025\/06\/Apresentacao-da-quadrilha-junina-em-homenagem-a-Herus-Guimaraes-Mendes-Foto-Arquivo-Junina-Joao-Danado-620x617.png 620w, https:\/\/rioonwatch.org.br\/wp-content\/uploads\/2025\/06\/Apresentacao-da-quadrilha-junina-em-homenagem-a-Herus-Guimaraes-Mendes-Foto-Arquivo-Junina-Joao-Danado-768x764.png 768w\" sizes=\"(max-width: 1248px) 100vw, 1248px\" \/><\/a><figcaption id=\"caption-attachment-78524\" class=\"wp-caption-text\">Em 18 de junho, a quadrilha junina do Santo Amaro se apresentou em homenagem a Herus, morador assassinado pelo BOPE em 07 de junho durante a tradicional festa junina da comunidade. Foto: Arquivo Junina Jo\u00e3o Danado<\/figcaption><\/figure>\n<p><span style=\"font-weight: 400;\">A for\u00e7a para continuar vem do coletivo. A fala de Simone Rocha, atual presidente da quadrilha junina do Santo Amaro, na recente apresenta\u00e7\u00e3o do grupo no dia 18 de junho expressa essa realidade.<\/span><\/p>\n<blockquote><p><span style=\"font-weight: 400;\">\u201cDiante de todo o ocorrido a gente optou por fazer essa apresenta\u00e7\u00e3o. Inclusive, a pedido da M\u00f4nica, m\u00e3e do Herus. A gente pensou em desistir, em acabar com o grupo, em cancelar a agenda. Mas n\u00e3o \u00e9 justo com a comunidade, com os componentes. N\u00e3o \u00e9 justo com a cultura que luta para resistir sem a ajuda do Estado. Quando o Estado entra, ele entra pra fazer o que ele fez. Mas n\u00f3s seremos resist\u00eancia.\u201d \u2014 Simone Rocha<\/span><\/p><\/blockquote>\n<p><iframe title=\"YouTube video player\" src=\"https:\/\/www.youtube.com\/embed\/bUbjnlJ7nnk?si=rO1hp5rFQCGuAEqX\" width=\"1030\" height=\"563\" frameborder=\"0\" allowfullscreen=\"allowfullscreen\" data-mce-fragment=\"1\"><span data-mce-type=\"bookmark\" style=\"display: inline-block; width: 0px; overflow: hidden; line-height: 0;\" class=\"mce_SELRES_start\">\ufeff<\/span><span data-mce-type=\"bookmark\" style=\"display: inline-block; width: 0px; overflow: hidden; line-height: 0;\" class=\"mce_SELRES_start\">\ufeff<\/span><\/iframe><\/p>\n<p><span style=\"font-weight: 400;\">A festa junina no Morro Santo Amaro \u00e9 uma tradi\u00e7\u00e3o cultural existente h\u00e1 d\u00e9cadas. Inicialmente, a quadrilha junina n\u00e3o possu\u00eda um nome oficial, entretanto, ap\u00f3s uma vota\u00e7\u00e3o veio o nome: Jo\u00e3o Danado. Desde a d\u00e9cada de 1980, a Jo\u00e3o Danado \u00e9 um s\u00edmbolo de resist\u00eancia cultural, que atravessa gera\u00e7\u00f5es no Santo Amaro. <\/span><span style=\"font-weight: 400;\">Criada por moradores, a quadrilha estilizada se destaca por seus figurinos luxuosos e temas que valorizam artes e culturas do Brasil e do mundo. Para al\u00e9m do entretenimento, o grupo beneficia o com\u00e9rcio local e oferece oportunidades para crian\u00e7as e jovens da comunidade.<\/span><\/p>\n<figure id=\"attachment_78520\" aria-describedby=\"caption-attachment-78520\" style=\"width: 1178px\" class=\"wp-caption aligncenter\"><a href=\"https:\/\/rioonwatch.org.br\/wp-content\/uploads\/2025\/06\/Quadrilha-junina-de-1989-uma-das-primeiras-do-Santo-Amaro-Foto-Arquivo-Junina-Joao-Danado.png\"><img loading=\"lazy\" decoding=\"async\" class=\"wp-image-78520 size-full\" title=\"Quadrilha junina do Morro Santo Amaro em 1989, uma das primeiras a serem realizadas no morro. Foto: Arquivo Junina Jo\u00e3o Danado\" src=\"https:\/\/rioonwatch.org.br\/wp-content\/uploads\/2025\/06\/Quadrilha-junina-de-1989-uma-das-primeiras-do-Santo-Amaro-Foto-Arquivo-Junina-Joao-Danado.png\" alt=\"Quadrilha junina do Morro Santo Amaro em 1989, uma das primeiras a serem realizadas no morro. Foto: Arquivo Junina Jo\u00e3o Danado\" width=\"1178\" height=\"878\" srcset=\"https:\/\/rioonwatch.org.br\/wp-content\/uploads\/2025\/06\/Quadrilha-junina-de-1989-uma-das-primeiras-do-Santo-Amaro-Foto-Arquivo-Junina-Joao-Danado.png 1178w, https:\/\/rioonwatch.org.br\/wp-content\/uploads\/2025\/06\/Quadrilha-junina-de-1989-uma-das-primeiras-do-Santo-Amaro-Foto-Arquivo-Junina-Joao-Danado-620x462.png 620w, https:\/\/rioonwatch.org.br\/wp-content\/uploads\/2025\/06\/Quadrilha-junina-de-1989-uma-das-primeiras-do-Santo-Amaro-Foto-Arquivo-Junina-Joao-Danado-768x572.png 768w, https:\/\/rioonwatch.org.br\/wp-content\/uploads\/2025\/06\/Quadrilha-junina-de-1989-uma-das-primeiras-do-Santo-Amaro-Foto-Arquivo-Junina-Joao-Danado-80x60.png 80w\" sizes=\"(max-width: 1178px) 100vw, 1178px\" \/><\/a><figcaption id=\"caption-attachment-78520\" class=\"wp-caption-text\">Quadrilha junina do Morro Santo Amaro em 1989, uma das primeiras a serem realizadas no morro. Foto: Arquivo Junina Jo\u00e3o Danado<\/figcaption><\/figure>\n<p>Entre 1989 e 1994, casais e cavalheiros representavam a Jo\u00e3o Danado com coreografias ensaiadas e passos marcados. Esses primeiros anos foram a base para a constru\u00e7\u00e3o do legado da quadrilha, que, a partir de 1994, ganhou uma expans\u00e3o: a Jo\u00e3o Danado Mirim, voltada para as crian\u00e7as da comunidade. A cria\u00e7\u00e3o dessa vertente colaborou para a preserva\u00e7\u00e3o cultural da festividade e garantiu que a tradi\u00e7\u00e3o fosse passada de gera\u00e7\u00e3o em gera\u00e7\u00e3o. No mesmo per\u00edodo, a junina ganhou espa\u00e7o no campo do morro, onde se apresenta at\u00e9 hoje, atraindo moradores e visitantes de todo o estado do Rio.<\/p>\n<figure id=\"attachment_78521\" aria-describedby=\"caption-attachment-78521\" style=\"width: 1180px\" class=\"wp-caption aligncenter\"><a href=\"https:\/\/rioonwatch.org.br\/wp-content\/uploads\/2025\/06\/Grupo-mirim-em-uma-Festa-Junina-do-Morro-Santo-Amaro-na-decada-de-1990-Foto-Arquivo-Junina-Joao-Danado.png\"><img loading=\"lazy\" decoding=\"async\" class=\"wp-image-78521 size-full\" title=\"Grupo mirim em uma festa junina do Morro Santo Amaro na d\u00e9cada de 1990. Foto: Arquivo Junina Jo\u00e3o Danado\" src=\"https:\/\/rioonwatch.org.br\/wp-content\/uploads\/2025\/06\/Grupo-mirim-em-uma-Festa-Junina-do-Morro-Santo-Amaro-na-decada-de-1990-Foto-Arquivo-Junina-Joao-Danado.png\" alt=\"Grupo mirim em uma festa junina do Morro Santo Amaro na d\u00e9cada de 1990. Foto: Arquivo Junina Jo\u00e3o Danado\" width=\"1180\" height=\"916\" srcset=\"https:\/\/rioonwatch.org.br\/wp-content\/uploads\/2025\/06\/Grupo-mirim-em-uma-Festa-Junina-do-Morro-Santo-Amaro-na-decada-de-1990-Foto-Arquivo-Junina-Joao-Danado.png 1180w, https:\/\/rioonwatch.org.br\/wp-content\/uploads\/2025\/06\/Grupo-mirim-em-uma-Festa-Junina-do-Morro-Santo-Amaro-na-decada-de-1990-Foto-Arquivo-Junina-Joao-Danado-620x481.png 620w, https:\/\/rioonwatch.org.br\/wp-content\/uploads\/2025\/06\/Grupo-mirim-em-uma-Festa-Junina-do-Morro-Santo-Amaro-na-decada-de-1990-Foto-Arquivo-Junina-Joao-Danado-768x596.png 768w\" sizes=\"(max-width: 1180px) 100vw, 1180px\" \/><\/a><figcaption id=\"caption-attachment-78521\" class=\"wp-caption-text\">Grupo mirim em uma festa junina do Morro Santo Amaro na d\u00e9cada de 1990. Foto: Arquivo Junina Jo\u00e3o Danado<\/figcaption><\/figure>\n<p>1995 foi um momento de extrema import\u00e2ncia, onde a rede de apoio se expandiu, trazendo suporte essencial que trouxe novas possibilidades de estruturas, figurinos e o reconhecimento do valor cultural da Jo\u00e3o Danado.<\/p>\n<figure id=\"attachment_78512\" aria-describedby=\"caption-attachment-78512\" style=\"width: 1244px\" class=\"wp-caption aligncenter\"><a href=\"https:\/\/rioonwatch.org.br\/wp-content\/uploads\/2025\/06\/Apresentacao-no-Morro-Santo-Amaro-na-decada-de-90-Foto-Arquivo-Junina-Joao-Danado.png\"><img loading=\"lazy\" decoding=\"async\" class=\"wp-image-78512 size-full\" title=\"Apresenta\u00e7\u00e3o no Morro Santo Amaro na d\u00e9cada de 1990. Foto: Arquivo Junina Jo\u00e3o Danado\" src=\"https:\/\/rioonwatch.org.br\/wp-content\/uploads\/2025\/06\/Apresentacao-no-Morro-Santo-Amaro-na-decada-de-90-Foto-Arquivo-Junina-Joao-Danado.png\" alt=\"Apresenta\u00e7\u00e3o no Morro Santo Amaro na d\u00e9cada de 1990. Foto: Arquivo Junina Jo\u00e3o Danado\" width=\"1244\" height=\"774\" srcset=\"https:\/\/rioonwatch.org.br\/wp-content\/uploads\/2025\/06\/Apresentacao-no-Morro-Santo-Amaro-na-decada-de-90-Foto-Arquivo-Junina-Joao-Danado.png 1244w, https:\/\/rioonwatch.org.br\/wp-content\/uploads\/2025\/06\/Apresentacao-no-Morro-Santo-Amaro-na-decada-de-90-Foto-Arquivo-Junina-Joao-Danado-620x386.png 620w, https:\/\/rioonwatch.org.br\/wp-content\/uploads\/2025\/06\/Apresentacao-no-Morro-Santo-Amaro-na-decada-de-90-Foto-Arquivo-Junina-Joao-Danado-768x478.png 768w\" sizes=\"(max-width: 1244px) 100vw, 1244px\" \/><\/a><figcaption id=\"caption-attachment-78512\" class=\"wp-caption-text\">Apresenta\u00e7\u00e3o no Morro Santo Amaro na d\u00e9cada de 1990. Foto: Arquivo Junina Jo\u00e3o Danado<\/figcaption><\/figure>\n<p><span style=\"font-weight: 400;\">Durante o ano de 1998 a quadrilha teve a chance de realizar o sonho de dan\u00e7ar no tradicional e famoso Arrai\u00e1 do Rio, ent\u00e3o, realizado no Samb\u00f3dromo. Esse foi um marco na trajet\u00f3ria da Jo\u00e3o Danado, que apresentou o <strong>\u201c<\/strong>Pav\u00e3o Misterioso\u201d na avenida e ganhou a competi\u00e7\u00e3o.<\/span><\/p>\n<figure id=\"attachment_78510\" aria-describedby=\"caption-attachment-78510\" style=\"width: 1118px\" class=\"wp-caption aligncenter\"><a href=\"https:\/\/rioonwatch.org.br\/wp-content\/uploads\/2025\/06\/Apresentacao-na-antiga-festa-junina-que-ocorria-no-Sambodromo-do-Rio-o-Arraia-do-Rio-em-1998-Foto-Arquivo-Junina-Joao-Danado.png\"><img loading=\"lazy\" decoding=\"async\" class=\"wp-image-78510 size-full\" title=\"Apresentac\u0327a\u0303o na antiga festa junina que ocorria no Sambo\u0301dromo do Rio, o Arrai\u00e1 do Rio, em 1998. Foto: Arquivo Junina Jo\u00e3o Danado\" src=\"https:\/\/rioonwatch.org.br\/wp-content\/uploads\/2025\/06\/Apresentacao-na-antiga-festa-junina-que-ocorria-no-Sambodromo-do-Rio-o-Arraia-do-Rio-em-1998-Foto-Arquivo-Junina-Joao-Danado.png\" alt=\"Apresentac\u0327a\u0303o na antiga festa junina que ocorria no Sambo\u0301dromo do Rio, o Arrai\u00e1 do Rio, em 1998. Foto: Arquivo Junina Jo\u00e3o Danado\" width=\"1118\" height=\"746\" srcset=\"https:\/\/rioonwatch.org.br\/wp-content\/uploads\/2025\/06\/Apresentacao-na-antiga-festa-junina-que-ocorria-no-Sambodromo-do-Rio-o-Arraia-do-Rio-em-1998-Foto-Arquivo-Junina-Joao-Danado.png 1118w, https:\/\/rioonwatch.org.br\/wp-content\/uploads\/2025\/06\/Apresentacao-na-antiga-festa-junina-que-ocorria-no-Sambodromo-do-Rio-o-Arraia-do-Rio-em-1998-Foto-Arquivo-Junina-Joao-Danado-620x414.png 620w, https:\/\/rioonwatch.org.br\/wp-content\/uploads\/2025\/06\/Apresentacao-na-antiga-festa-junina-que-ocorria-no-Sambodromo-do-Rio-o-Arraia-do-Rio-em-1998-Foto-Arquivo-Junina-Joao-Danado-768x512.png 768w\" sizes=\"(max-width: 1118px) 100vw, 1118px\" \/><\/a><figcaption id=\"caption-attachment-78510\" class=\"wp-caption-text\">Apresentac\u0327a\u0303o na antiga festa junina que ocorria no Sambo\u0301dromo do Rio, o Arrai\u00e1 do Rio, em 1998. Foto: Arquivo Junina Jo\u00e3o Danado<\/figcaption><\/figure>\n<figure id=\"attachment_78519\" aria-describedby=\"caption-attachment-78519\" style=\"width: 980px\" class=\"wp-caption aligncenter\"><a href=\"https:\/\/rioonwatch.org.br\/wp-content\/uploads\/2025\/06\/Premiacoes-na-decada-de-1990-Foto-Arquivo-Junina-Joao-Danado.png\"><img loading=\"lazy\" decoding=\"async\" class=\"wp-image-78519 size-full\" title=\"Apresentac\u0327a\u0303o na antiga festa junina que ocorria no Sambo\u0301dromo do Rio, o Arrai\u00e1 do Rio, em 1998. Foto: Arquivo Junina Jo\u00e3o Danado\" src=\"https:\/\/rioonwatch.org.br\/wp-content\/uploads\/2025\/06\/Premiacoes-na-decada-de-1990-Foto-Arquivo-Junina-Joao-Danado.png\" alt=\"Apresentac\u0327a\u0303o na antiga festa junina que ocorria no Sambo\u0301dromo do Rio, o Arrai\u00e1 do Rio, em 1998. Foto: Arquivo Junina Jo\u00e3o Danado\" width=\"980\" height=\"1240\" srcset=\"https:\/\/rioonwatch.org.br\/wp-content\/uploads\/2025\/06\/Premiacoes-na-decada-de-1990-Foto-Arquivo-Junina-Joao-Danado.png 980w, https:\/\/rioonwatch.org.br\/wp-content\/uploads\/2025\/06\/Premiacoes-na-decada-de-1990-Foto-Arquivo-Junina-Joao-Danado-490x620.png 490w, https:\/\/rioonwatch.org.br\/wp-content\/uploads\/2025\/06\/Premiacoes-na-decada-de-1990-Foto-Arquivo-Junina-Joao-Danado-768x972.png 768w\" sizes=\"(max-width: 980px) 100vw, 980px\" \/><\/a><figcaption id=\"caption-attachment-78519\" class=\"wp-caption-text\">Apresentac\u0327a\u0303o na antiga festa junina que ocorria no Sambo\u0301dromo do Rio, o Arrai\u00e1 do Rio, em 1998. Foto: Arquivo Junina Jo\u00e3o Danado<\/figcaption><\/figure>\n<p>Dos ensaios \u00e0s apresenta\u00e7\u00f5es, a comunidade se mant\u00e9m unida para propagar a cultura junina dentro e fora de seu territ\u00f3rio. Jo\u00e3o Danado transpassa obst\u00e1culos na conquista de mostrar seu trabalho em diversos eventos juninos pelo estado do Rio de Janeiro. A equipe de apoio se torna essencial, desde o apoio motivacional, durante os ensaios, at\u00e9 na hora de carregar as fantasias e dos preparos para as apresenta\u00e7\u00f5es.<\/p>\n<figure id=\"attachment_78517\" aria-describedby=\"caption-attachment-78517\" style=\"width: 1024px\" class=\"wp-caption aligncenter\"><a href=\"https:\/\/rioonwatch.org.br\/wp-content\/uploads\/2025\/06\/Equipe-de-apoio-na-apresentacao-no-Arraia-a-Roca-e-Nossa-Manguinhos-2024-Foto-Suzane-Mendes.jpg\"><img loading=\"lazy\" decoding=\"async\" class=\"wp-image-78517 size-full\" title=\"Equipe de apoio na apresenta\u00e7\u00e3o da Jo\u00e3o Danado no Arrai\u00e1 &quot;A Ro\u00e7a \u00e9 Nossa&quot; de 2024, em Manguinhos. Foto: Suzane Mendes\" src=\"https:\/\/rioonwatch.org.br\/wp-content\/uploads\/2025\/06\/Equipe-de-apoio-na-apresentacao-no-Arraia-a-Roca-e-Nossa-Manguinhos-2024-Foto-Suzane-Mendes.jpg\" alt=\"Equipe de apoio na apresenta\u00e7\u00e3o da Jo\u00e3o Danado no Arrai\u00e1 &quot;A Ro\u00e7a \u00e9 Nossa&quot; de 2024, em Manguinhos. Foto: Suzane Mendes\" width=\"1024\" height=\"683\" srcset=\"https:\/\/rioonwatch.org.br\/wp-content\/uploads\/2025\/06\/Equipe-de-apoio-na-apresentacao-no-Arraia-a-Roca-e-Nossa-Manguinhos-2024-Foto-Suzane-Mendes.jpg 1024w, https:\/\/rioonwatch.org.br\/wp-content\/uploads\/2025\/06\/Equipe-de-apoio-na-apresentacao-no-Arraia-a-Roca-e-Nossa-Manguinhos-2024-Foto-Suzane-Mendes-620x414.jpg 620w, https:\/\/rioonwatch.org.br\/wp-content\/uploads\/2025\/06\/Equipe-de-apoio-na-apresentacao-no-Arraia-a-Roca-e-Nossa-Manguinhos-2024-Foto-Suzane-Mendes-768x512.jpg 768w\" sizes=\"(max-width: 1024px) 100vw, 1024px\" \/><\/a><figcaption id=\"caption-attachment-78517\" class=\"wp-caption-text\">Equipe de apoio na apresenta\u00e7\u00e3o da Jo\u00e3o Danado no Arrai\u00e1 &#8220;A Ro\u00e7a \u00e9 Nossa&#8221; de 2024, em Manguinhos. Foto: Suzane Mendes<\/figcaption><\/figure>\n<p>A equipe da Jo\u00e3o Danado \u00e9 composta, majoritariamente, por fam\u00edlias do Santo Amaro. A tradi\u00e7\u00e3o \u00e9 intergeracional, m\u00e3es que dan\u00e7avam nos anos 1990, hoje, apoiam suas filhas e filhos a continuarem seu legado.<\/p>\n<figure id=\"attachment_78522\" aria-describedby=\"caption-attachment-78522\" style=\"width: 1024px\" class=\"wp-caption aligncenter\"><a href=\"https:\/\/rioonwatch.org.br\/wp-content\/uploads\/2025\/06\/O-apoio-geracional-e-frequente-e-se-mostra-essencial-na-Quadrilha-Joao-Danado-Foto-Suzane-Mendes.jpg\"><img loading=\"lazy\" decoding=\"async\" class=\"wp-image-78522 size-full\" title=\"O apoio intergeracional \u00e9 frequente e se mostra essencial na quadrilha Jo\u00e3o Danado. Foto: Suzane Mendes\" src=\"https:\/\/rioonwatch.org.br\/wp-content\/uploads\/2025\/06\/O-apoio-geracional-e-frequente-e-se-mostra-essencial-na-Quadrilha-Joao-Danado-Foto-Suzane-Mendes.jpg\" alt=\"O apoio intergeracional \u00e9 frequente e se mostra essencial na quadrilha Jo\u00e3o Danado. Foto: Suzane Mendes\" width=\"1024\" height=\"683\" srcset=\"https:\/\/rioonwatch.org.br\/wp-content\/uploads\/2025\/06\/O-apoio-geracional-e-frequente-e-se-mostra-essencial-na-Quadrilha-Joao-Danado-Foto-Suzane-Mendes.jpg 1024w, https:\/\/rioonwatch.org.br\/wp-content\/uploads\/2025\/06\/O-apoio-geracional-e-frequente-e-se-mostra-essencial-na-Quadrilha-Joao-Danado-Foto-Suzane-Mendes-620x414.jpg 620w, https:\/\/rioonwatch.org.br\/wp-content\/uploads\/2025\/06\/O-apoio-geracional-e-frequente-e-se-mostra-essencial-na-Quadrilha-Joao-Danado-Foto-Suzane-Mendes-768x512.jpg 768w\" sizes=\"(max-width: 1024px) 100vw, 1024px\" \/><\/a><figcaption id=\"caption-attachment-78522\" class=\"wp-caption-text\">O apoio intergeracional \u00e9 frequente e se mostra essencial na quadrilha Jo\u00e3o Danado. Foto: Suzane Mendes<\/figcaption><\/figure>\n<p><span style=\"font-weight: 400;\">O grupo tamb\u00e9m atrai jovens de diversas gera\u00e7\u00f5es, que v\u00eaem na dan\u00e7a uma forma de express\u00e3o e, na Jo\u00e3o Danado, uma representa\u00e7\u00e3o da sua cultura local.<\/span><\/p>\n<figure id=\"attachment_78515\" aria-describedby=\"caption-attachment-78515\" style=\"width: 1024px\" class=\"wp-caption aligncenter\"><a href=\"https:\/\/rioonwatch.org.br\/wp-content\/uploads\/2025\/06\/Encanto-das-criancas-assistindo-a-apresentacao-do-Joao-Danado-2024-Foto-Suzane-Mendes.jpg\"><img loading=\"lazy\" decoding=\"async\" class=\"wp-image-78515 size-full\" title=\"Encantadas, as crian\u00e7as assistem \u00e0 apresenta\u00e7\u00e3o da Jo\u00e3o Danado em 2024. Foto: Suzane Mendes\" src=\"https:\/\/rioonwatch.org.br\/wp-content\/uploads\/2025\/06\/Encanto-das-criancas-assistindo-a-apresentacao-do-Joao-Danado-2024-Foto-Suzane-Mendes.jpg\" alt=\"Encantadas, as crian\u00e7as assistem \u00e0 apresenta\u00e7\u00e3o da Jo\u00e3o Danado em 2024. Foto: Suzane Mendes\" width=\"1024\" height=\"683\" srcset=\"https:\/\/rioonwatch.org.br\/wp-content\/uploads\/2025\/06\/Encanto-das-criancas-assistindo-a-apresentacao-do-Joao-Danado-2024-Foto-Suzane-Mendes.jpg 1024w, https:\/\/rioonwatch.org.br\/wp-content\/uploads\/2025\/06\/Encanto-das-criancas-assistindo-a-apresentacao-do-Joao-Danado-2024-Foto-Suzane-Mendes-620x414.jpg 620w, https:\/\/rioonwatch.org.br\/wp-content\/uploads\/2025\/06\/Encanto-das-criancas-assistindo-a-apresentacao-do-Joao-Danado-2024-Foto-Suzane-Mendes-768x512.jpg 768w\" sizes=\"(max-width: 1024px) 100vw, 1024px\" \/><\/a><figcaption id=\"caption-attachment-78515\" class=\"wp-caption-text\">Encantadas, as crian\u00e7as assistem \u00e0 apresenta\u00e7\u00e3o da Jo\u00e3o Danado em 2024. Foto: Suzane Mendes<\/figcaption><\/figure>\n<p><span style=\"font-weight: 400;\">A riqueza da cultura perif\u00e9rica, muitas vezes desvalorizada, existe, resiste, e persiste. Hoje, a Quadrilha Jo\u00e3o Danado \u00e9 muito mais do que um grupo cultural. Ela simboliza afeto, respeito, acolhimento, uni\u00e3o e resist\u00eancia coletiva dentro da cultura popular. Ao perguntar aos moradores do Santo Amaro o que a festa junina e o Jo\u00e3o Danado significa para eles, respostas como \u201ccultura\u201d, \u201chist\u00f3ria\u201d, \u201clazer\u201d e \u201ccomida t\u00edpica\u201d foram ressaltadas. <\/span><\/p>\n<figure id=\"attachment_78513\" aria-describedby=\"caption-attachment-78513\" style=\"width: 1024px\" class=\"wp-caption aligncenter\"><a href=\"https:\/\/rioonwatch.org.br\/wp-content\/uploads\/2025\/06\/Apresentacao-no-Arraia-do-Tuiuti-2024-Foto-Suzane-Mendes.jpg\"><img loading=\"lazy\" decoding=\"async\" class=\"wp-image-78513 size-full\" title=\"Apresenta\u00e7\u00e3o no Arrai\u00e1 do Tuiuti de 2024. Foto: Suzane Mendes\" src=\"https:\/\/rioonwatch.org.br\/wp-content\/uploads\/2025\/06\/Apresentacao-no-Arraia-do-Tuiuti-2024-Foto-Suzane-Mendes.jpg\" alt=\"Apresenta\u00e7\u00e3o no Arrai\u00e1 do Tuiuti de 2024. Foto: Suzane Mendes\" width=\"1024\" height=\"683\" srcset=\"https:\/\/rioonwatch.org.br\/wp-content\/uploads\/2025\/06\/Apresentacao-no-Arraia-do-Tuiuti-2024-Foto-Suzane-Mendes.jpg 1024w, https:\/\/rioonwatch.org.br\/wp-content\/uploads\/2025\/06\/Apresentacao-no-Arraia-do-Tuiuti-2024-Foto-Suzane-Mendes-620x414.jpg 620w, https:\/\/rioonwatch.org.br\/wp-content\/uploads\/2025\/06\/Apresentacao-no-Arraia-do-Tuiuti-2024-Foto-Suzane-Mendes-768x512.jpg 768w\" sizes=\"(max-width: 1024px) 100vw, 1024px\" \/><\/a><figcaption id=\"caption-attachment-78513\" class=\"wp-caption-text\">Apresenta\u00e7\u00e3o no Arrai\u00e1 do Tuiuti de 2024. Foto: Suzane Mendes<\/figcaption><\/figure>\n<figure id=\"attachment_78511\" aria-describedby=\"caption-attachment-78511\" style=\"width: 1023px\" class=\"wp-caption aligncenter\"><a href=\"https:\/\/rioonwatch.org.br\/wp-content\/uploads\/2025\/06\/Apresentacao-no-Arraia-do-Tuiuti-2024-Foto-Suzane-Mendes3.jpg\"><img loading=\"lazy\" decoding=\"async\" class=\"wp-image-78511 size-full\" title=\"Apresenta\u00e7\u00e3o no Arrai\u00e1 do Tuiuti 2024. Foto: Suzane Mendes\" src=\"https:\/\/rioonwatch.org.br\/wp-content\/uploads\/2025\/06\/Apresentacao-no-Arraia-do-Tuiuti-2024-Foto-Suzane-Mendes3.jpg\" alt=\"Apresenta\u00e7\u00e3o no Arrai\u00e1 do Tuiuti 2024. Foto: Suzane Mendes\" width=\"1023\" height=\"731\" srcset=\"https:\/\/rioonwatch.org.br\/wp-content\/uploads\/2025\/06\/Apresentacao-no-Arraia-do-Tuiuti-2024-Foto-Suzane-Mendes3.jpg 1023w, https:\/\/rioonwatch.org.br\/wp-content\/uploads\/2025\/06\/Apresentacao-no-Arraia-do-Tuiuti-2024-Foto-Suzane-Mendes3-620x443.jpg 620w, https:\/\/rioonwatch.org.br\/wp-content\/uploads\/2025\/06\/Apresentacao-no-Arraia-do-Tuiuti-2024-Foto-Suzane-Mendes3-768x549.jpg 768w\" sizes=\"(max-width: 1023px) 100vw, 1023px\" \/><\/a><figcaption id=\"caption-attachment-78511\" class=\"wp-caption-text\">Apresenta\u00e7\u00e3o no Arrai\u00e1 do Tuiuti 2024. Foto: Suzane Mendes<\/figcaption><\/figure>\n<figure id=\"attachment_78514\" aria-describedby=\"caption-attachment-78514\" style=\"width: 1024px\" class=\"wp-caption aligncenter\"><a href=\"https:\/\/rioonwatch.org.br\/wp-content\/uploads\/2025\/06\/Apresentacao-no-Arraia-do-Tuiuti-2024-Foto-Suzane-Mendes2.jpg\"><img loading=\"lazy\" decoding=\"async\" class=\"wp-image-78514 size-full\" title=\"Apresenta\u00e7\u00e3o no Arrai\u00e1 do Tuiuti 2024. Foto: Suzane Mendes\" src=\"https:\/\/rioonwatch.org.br\/wp-content\/uploads\/2025\/06\/Apresentacao-no-Arraia-do-Tuiuti-2024-Foto-Suzane-Mendes2.jpg\" alt=\"Apresenta\u00e7\u00e3o no Arrai\u00e1 do Tuiuti 2024. Foto: Suzane Mendes\" width=\"1024\" height=\"683\" srcset=\"https:\/\/rioonwatch.org.br\/wp-content\/uploads\/2025\/06\/Apresentacao-no-Arraia-do-Tuiuti-2024-Foto-Suzane-Mendes2.jpg 1024w, https:\/\/rioonwatch.org.br\/wp-content\/uploads\/2025\/06\/Apresentacao-no-Arraia-do-Tuiuti-2024-Foto-Suzane-Mendes2-620x414.jpg 620w, https:\/\/rioonwatch.org.br\/wp-content\/uploads\/2025\/06\/Apresentacao-no-Arraia-do-Tuiuti-2024-Foto-Suzane-Mendes2-768x512.jpg 768w\" sizes=\"(max-width: 1024px) 100vw, 1024px\" \/><\/a><figcaption id=\"caption-attachment-78514\" class=\"wp-caption-text\">Apresenta\u00e7\u00e3o no Arrai\u00e1 do Tuiuti 2024. Foto: Suzane Mendes<\/figcaption><\/figure>\n<p><span style=\"font-weight: 400;\">Todo o movimento art\u00edstico nascido no morro atrav\u00e9s da quadrilha tem reflexo no cotidiano dos moradores ao longo do ano e faz com que as novas gera\u00e7\u00f5es tenham refer\u00eancias positivas.<\/span><\/p>\n<figure id=\"attachment_78516\" aria-describedby=\"caption-attachment-78516\" style=\"width: 998px\" class=\"wp-caption aligncenter\"><a href=\"https:\/\/rioonwatch.org.br\/wp-content\/uploads\/2025\/06\/Ensaio-da-coreografia-na-quadra-da-Pedro-Americo-em-maio-de-2025-Foto-Arquivo-Junina-Joao-Danado.png\"><img loading=\"lazy\" decoding=\"async\" class=\"wp-image-78516 size-full\" title=\"Ensaio de coreografia na quadra da Rua Pedro Am\u00e9rico, no Santo Amaro, em maio de 2025. Foto: Arquivo Junina Jo\u00e3o Danado\" src=\"https:\/\/rioonwatch.org.br\/wp-content\/uploads\/2025\/06\/Ensaio-da-coreografia-na-quadra-da-Pedro-Americo-em-maio-de-2025-Foto-Arquivo-Junina-Joao-Danado.png\" alt=\"Ensaio de coreografia na quadra da Rua Pedro Am\u00e9rico, no Santo Amaro, em maio de 2025. Foto: Arquivo Junina Jo\u00e3o Danado\" width=\"998\" height=\"1252\" srcset=\"https:\/\/rioonwatch.org.br\/wp-content\/uploads\/2025\/06\/Ensaio-da-coreografia-na-quadra-da-Pedro-Americo-em-maio-de-2025-Foto-Arquivo-Junina-Joao-Danado.png 998w, https:\/\/rioonwatch.org.br\/wp-content\/uploads\/2025\/06\/Ensaio-da-coreografia-na-quadra-da-Pedro-Americo-em-maio-de-2025-Foto-Arquivo-Junina-Joao-Danado-494x620.png 494w, https:\/\/rioonwatch.org.br\/wp-content\/uploads\/2025\/06\/Ensaio-da-coreografia-na-quadra-da-Pedro-Americo-em-maio-de-2025-Foto-Arquivo-Junina-Joao-Danado-768x963.png 768w\" sizes=\"(max-width: 998px) 100vw, 998px\" \/><\/a><figcaption id=\"caption-attachment-78516\" class=\"wp-caption-text\">Ensaio de coreografia na quadra da Rua Pedro Am\u00e9rico, no Santo Amaro, em maio de 2025. Foto: Arquivo Junina Jo\u00e3o Danado<\/figcaption><\/figure>\n<p><i><span style=\"font-weight: 400;\">Sobre a autora: Amanda Rocha \u00e9 jornalista e pesquisadora cultural, com experi\u00eancia em reportagem, reda\u00e7\u00e3o e produ\u00e7\u00e3o de eventos. Engajada em movimentos socioculturais, acredita na educa\u00e7\u00e3o e cultura como ferramentas de transforma\u00e7\u00e3o. Atua como volunt\u00e1ria no <\/span><\/i><a href=\"https:\/\/bit.ly\/4k1CUoF\" target=\"_blank\" rel=\"noopener\"><i><span style=\"font-weight: 400;\">Instituto Ame o Santo Amaro<\/span><\/i><\/a><i><span style=\"font-weight: 400;\">.\u00a0<\/span><\/i><\/p>\n<p><i><span style=\"font-weight: 400;\">Sobre a autora: Nandara Mendes \u00e9 nascida e criada no Morro Santo Amaro, arquiteta e urbanista pela Universidade Federal Fluminense (UFF), e mestra em estudos e planejamento urbano pela Universidade Aalto, na Finl\u00e2ndia). Atualmente, conduz sua pesquisa de doutorado em antropologia cultural pela Universidade de Helsinque, com foco em regenera\u00e7\u00e3o urbana atrav\u00e9s de m\u00e9todos baseados em patrim\u00f4nios culturais. Atua como volunt\u00e1ria no Instituto Ame o Santo Amaro.<\/span><\/i><\/p>\n<hr \/>\n<h4><b data-stringify-type=\"bold\">Apoie nossos esfor\u00e7os para fornecer apoio estrat\u00e9gico \u00e0s favelas do Rio, incluindo o jornalismo hiperlocal, cr\u00edtico, inovador e incans\u00e1vel do\u00a0<\/b><b data-stringify-type=\"bold\"><i data-stringify-type=\"italic\">RioOnWatch<\/i><\/b>\u2014<a class=\"c-link\" href=\"http:\/\/www.bit.ly\/ApoieROW\" target=\"_blank\" rel=\"noopener noreferrer\" data-stringify-link=\"http:\/\/www.bit.ly\/ApoieROW\" data-sk=\"tooltip_parent\">doe aqui<\/a>.<\/h4>\n<!-- AddThis Advanced Settings generic via filter on the_content --><!-- AddThis Share Buttons generic via filter on the_content -->","protected":false},"excerpt":{"rendered":"<div class=\"mh-excerpt\"><p>Click Here for English Na Zona Sul do Rio de Janeiro, mais precisamente entre os bairros do Catete, Gl\u00f3ria, e Santa Teresa, se localiza o Morro Santo Amaro. Na madrugada de 7 de junho, Santo <a class=\"mh-excerpt-more\" href=\"https:\/\/rioonwatch.org.br\/?p=78586\" title=\"Jo\u00e3o Danado: Tradi\u00e7\u00e3o, Resist\u00eancia e Pot\u00eancia Cultural no Cora\u00e7\u00e3o do Morro Santo Amaro [IMAGENS]\">[&#8230;]<\/a><!-- AddThis Advanced Settings generic via filter on get_the_excerpt --><!-- AddThis Share Buttons generic via filter on get_the_excerpt --><\/p>\n<\/div>","protected":false},"author":167,"featured_media":78518,"comment_status":"closed","ping_status":"closed","sticky":false,"template":"template-full.php","format":"standard","meta":{"_acf_changed":false,"_monsterinsights_skip_tracking":false,"_monsterinsights_sitenote_active":false,"_monsterinsights_sitenote_note":"","_monsterinsights_sitenote_category":0,"footnotes":""},"categories":[1621,1615,1625,1633,342],"tags":[334,3576,513,421,422,1893,2774,469,1525,35,543,2539,383],"writer":[3577,3578],"translator":[],"source":[],"ilustrador":[],"fotografo":[],"class_list":{"0":"post-78586","1":"post","2":"type-post","3":"status-publish","4":"format-standard","5":"has-post-thumbnail","7":"category-destaque","8":"category-cultura-da-favela","9":"category-por-correspondentes-comunitarios","10":"category-foto-reportagens","11":"category-solucoes","12":"tag-arte","13":"tag-catete","14":"tag-cultura-afro-brasileira","15":"tag-cultura-da-favela","16":"tag-cultura-de-rua","17":"tag-festa-junina","18":"tag-gloria","19":"tag-memoria","20":"tag-ponto-de-cultura","21":"tag-santa-teresa","22":"tag-santo-amaro","23":"tag-sentimento-de-pertencimento","24":"tag-zona-sul","25":"writer-amanda-rocha","26":"writer-nandara-mendes"},"acf":[],"yoast_head":"<!-- This site is optimized with the Yoast SEO plugin v25.6 - https:\/\/yoast.com\/wordpress\/plugins\/seo\/ -->\n<title>Jo\u00e3o Danado: Tradi\u00e7\u00e3o, Resist\u00eancia e Pot\u00eancia Cultural no Cora\u00e7\u00e3o do Morro Santo Amaro [IMAGENS] - RioOnWatch<\/title>\n<meta name=\"robots\" content=\"index, follow, max-snippet:-1, max-image-preview:large, max-video-preview:-1\" \/>\n<link rel=\"canonical\" href=\"https:\/\/rioonwatch.org.br\/?p=78586\" \/>\n<meta property=\"og:locale\" content=\"pt_BR\" \/>\n<meta property=\"og:type\" content=\"article\" \/>\n<meta property=\"og:title\" content=\"Jo\u00e3o Danado: Tradi\u00e7\u00e3o, Resist\u00eancia e Pot\u00eancia Cultural no Cora\u00e7\u00e3o do Morro Santo Amaro [IMAGENS] - RioOnWatch\" \/>\n<meta property=\"og:description\" content=\"Click Here for English Na Zona Sul do Rio de Janeiro, mais precisamente entre os bairros do Catete, Gl\u00f3ria, e Santa Teresa, se localiza o Morro Santo Amaro. Na madrugada de 7 de junho, Santo [...]\" \/>\n<meta property=\"og:url\" content=\"https:\/\/rioonwatch.org.br\/?p=78586\" \/>\n<meta property=\"og:site_name\" content=\"RioOnWatch\" \/>\n<meta property=\"article:published_time\" content=\"2025-06-30T18:11:30+00:00\" \/>\n<meta property=\"article:modified_time\" content=\"2025-08-11T15:21:39+00:00\" \/>\n<meta property=\"og:image\" content=\"https:\/\/rioonwatch.org.br\/wp-content\/uploads\/2025\/06\/Equipe-e-dancarinos-apos-apresentacao-no-Arraia-do-Tuiuti-2024-Foto-Suzane-Mendes.jpg\" \/>\n\t<meta property=\"og:image:width\" content=\"1024\" \/>\n\t<meta property=\"og:image:height\" content=\"683\" \/>\n\t<meta property=\"og:image:type\" content=\"image\/jpeg\" \/>\n<meta name=\"author\" content=\"Julio Santos Filho\" \/>\n<meta name=\"twitter:card\" content=\"summary_large_image\" \/>\n<meta name=\"twitter:label1\" content=\"Escrito por\" \/>\n\t<meta name=\"twitter:data1\" content=\"Julio Santos Filho\" \/>\n\t<meta name=\"twitter:label2\" content=\"Est. tempo de leitura\" \/>\n\t<meta name=\"twitter:data2\" content=\"10 minutos\" \/>\n<script type=\"application\/ld+json\" class=\"yoast-schema-graph\">{\"@context\":\"https:\/\/schema.org\",\"@graph\":[{\"@type\":\"Article\",\"@id\":\"https:\/\/rioonwatch.org.br\/?p=78586#article\",\"isPartOf\":{\"@id\":\"https:\/\/rioonwatch.org.br\/?p=78586\"},\"author\":{\"name\":\"Julio Santos Filho\",\"@id\":\"https:\/\/rioonwatch.org.br\/#\/schema\/person\/476bc75767957d3535b65b796667cd36\"},\"headline\":\"Jo\u00e3o Danado: Tradi\u00e7\u00e3o, Resist\u00eancia e Pot\u00eancia Cultural no Cora\u00e7\u00e3o do Morro Santo Amaro [IMAGENS]\",\"datePublished\":\"2025-06-30T18:11:30+00:00\",\"dateModified\":\"2025-08-11T15:21:39+00:00\",\"mainEntityOfPage\":{\"@id\":\"https:\/\/rioonwatch.org.br\/?p=78586\"},\"wordCount\":1306,\"publisher\":{\"@id\":\"https:\/\/rioonwatch.org.br\/#organization\"},\"image\":{\"@id\":\"https:\/\/rioonwatch.org.br\/?p=78586#primaryimage\"},\"thumbnailUrl\":\"https:\/\/rioonwatch.org.br\/wp-content\/uploads\/2025\/06\/Equipe-e-dancarinos-apos-apresentacao-no-Arraia-do-Tuiuti-2024-Foto-Suzane-Mendes.jpg\",\"keywords\":[\"arte\",\"Catete\",\"Cultura Afro-brasileira\",\"cultura da favela\",\"cultura de rua\",\"festa junina\",\"Gl\u00f3ria\",\"Mem\u00f3rias Faveladas\",\"Ponto de Cultura\",\"Santa Teresa\",\"Santo Amaro\",\"sentimento de pertencimento\",\"Zona Sul\"],\"articleSection\":[\"*Destaque\",\"Cultura da Favela\",\"Escrito por Comunicadores Populares\",\"Fotorreportagens\",\"Solu\u00e7\u00f5es\"],\"inLanguage\":\"pt-BR\"},{\"@type\":\"WebPage\",\"@id\":\"https:\/\/rioonwatch.org.br\/?p=78586\",\"url\":\"https:\/\/rioonwatch.org.br\/?p=78586\",\"name\":\"Jo\u00e3o Danado: Tradi\u00e7\u00e3o, Resist\u00eancia e Pot\u00eancia Cultural no Cora\u00e7\u00e3o do Morro Santo Amaro [IMAGENS] - RioOnWatch\",\"isPartOf\":{\"@id\":\"https:\/\/rioonwatch.org.br\/#website\"},\"primaryImageOfPage\":{\"@id\":\"https:\/\/rioonwatch.org.br\/?p=78586#primaryimage\"},\"image\":{\"@id\":\"https:\/\/rioonwatch.org.br\/?p=78586#primaryimage\"},\"thumbnailUrl\":\"https:\/\/rioonwatch.org.br\/wp-content\/uploads\/2025\/06\/Equipe-e-dancarinos-apos-apresentacao-no-Arraia-do-Tuiuti-2024-Foto-Suzane-Mendes.jpg\",\"datePublished\":\"2025-06-30T18:11:30+00:00\",\"dateModified\":\"2025-08-11T15:21:39+00:00\",\"breadcrumb\":{\"@id\":\"https:\/\/rioonwatch.org.br\/?p=78586#breadcrumb\"},\"inLanguage\":\"pt-BR\",\"potentialAction\":[{\"@type\":\"ReadAction\",\"target\":[\"https:\/\/rioonwatch.org.br\/?p=78586\"]}]},{\"@type\":\"ImageObject\",\"inLanguage\":\"pt-BR\",\"@id\":\"https:\/\/rioonwatch.org.br\/?p=78586#primaryimage\",\"url\":\"https:\/\/rioonwatch.org.br\/wp-content\/uploads\/2025\/06\/Equipe-e-dancarinos-apos-apresentacao-no-Arraia-do-Tuiuti-2024-Foto-Suzane-Mendes.jpg\",\"contentUrl\":\"https:\/\/rioonwatch.org.br\/wp-content\/uploads\/2025\/06\/Equipe-e-dancarinos-apos-apresentacao-no-Arraia-do-Tuiuti-2024-Foto-Suzane-Mendes.jpg\",\"width\":1024,\"height\":683,\"caption\":\"Equipe e dan\u00e7arinos da quadrilha junina Jo\u00e3o Danado ap\u00f3s apresenta\u00e7\u00e3o no Arrai\u00e1 do Tuiuti de 2024, no Morro do Tuiuti, na Zona Norte. Foto: Suzane Mendes\"},{\"@type\":\"BreadcrumbList\",\"@id\":\"https:\/\/rioonwatch.org.br\/?p=78586#breadcrumb\",\"itemListElement\":[{\"@type\":\"ListItem\",\"position\":1,\"name\":\"In\u00edcio\",\"item\":\"https:\/\/rioonwatch.org.br\/\"},{\"@type\":\"ListItem\",\"position\":2,\"name\":\"Jo\u00e3o Danado: Tradi\u00e7\u00e3o, Resist\u00eancia e Pot\u00eancia Cultural no Cora\u00e7\u00e3o do Morro Santo Amaro [IMAGENS]\"}]},{\"@type\":\"WebSite\",\"@id\":\"https:\/\/rioonwatch.org.br\/#website\",\"url\":\"https:\/\/rioonwatch.org.br\/\",\"name\":\"RioOnWatch\",\"description\":\"relatos das favelas cariocas\",\"publisher\":{\"@id\":\"https:\/\/rioonwatch.org.br\/#organization\"},\"potentialAction\":[{\"@type\":\"SearchAction\",\"target\":{\"@type\":\"EntryPoint\",\"urlTemplate\":\"https:\/\/rioonwatch.org.br\/?s={search_term_string}\"},\"query-input\":{\"@type\":\"PropertyValueSpecification\",\"valueRequired\":true,\"valueName\":\"search_term_string\"}}],\"inLanguage\":\"pt-BR\"},{\"@type\":\"Organization\",\"@id\":\"https:\/\/rioonwatch.org.br\/#organization\",\"name\":\"RioOnWatch\",\"url\":\"https:\/\/rioonwatch.org.br\/\",\"logo\":{\"@type\":\"ImageObject\",\"inLanguage\":\"pt-BR\",\"@id\":\"https:\/\/rioonwatch.org.br\/#\/schema\/logo\/image\/\",\"url\":\"https:\/\/rioonwatch.org.br\/wp-content\/uploads\/2021\/06\/RioOnWatchcabecalhoPT11anos-2.png\",\"contentUrl\":\"https:\/\/rioonwatch.org.br\/wp-content\/uploads\/2021\/06\/RioOnWatchcabecalhoPT11anos-2.png\",\"width\":779,\"height\":277,\"caption\":\"RioOnWatch\"},\"image\":{\"@id\":\"https:\/\/rioonwatch.org.br\/#\/schema\/logo\/image\/\"}},{\"@type\":\"Person\",\"@id\":\"https:\/\/rioonwatch.org.br\/#\/schema\/person\/476bc75767957d3535b65b796667cd36\",\"name\":\"Julio Santos Filho\",\"image\":{\"@type\":\"ImageObject\",\"inLanguage\":\"pt-BR\",\"@id\":\"https:\/\/rioonwatch.org.br\/#\/schema\/person\/image\/\",\"url\":\"https:\/\/secure.gravatar.com\/avatar\/ca138f7666182a292a8ce4ca14fb81f8?s=96&d=blank&r=g\",\"contentUrl\":\"https:\/\/secure.gravatar.com\/avatar\/ca138f7666182a292a8ce4ca14fb81f8?s=96&d=blank&r=g\",\"caption\":\"Julio Santos Filho\"},\"url\":\"https:\/\/rioonwatch.org.br\/?author=167\"}]}<\/script>\n<!-- \/ Yoast SEO plugin. -->","yoast_head_json":{"title":"Jo\u00e3o Danado: Tradi\u00e7\u00e3o, Resist\u00eancia e Pot\u00eancia Cultural no Cora\u00e7\u00e3o do Morro Santo Amaro [IMAGENS] - RioOnWatch","robots":{"index":"index","follow":"follow","max-snippet":"max-snippet:-1","max-image-preview":"max-image-preview:large","max-video-preview":"max-video-preview:-1"},"canonical":"https:\/\/rioonwatch.org.br\/?p=78586","og_locale":"pt_BR","og_type":"article","og_title":"Jo\u00e3o Danado: Tradi\u00e7\u00e3o, Resist\u00eancia e Pot\u00eancia Cultural no Cora\u00e7\u00e3o do Morro Santo Amaro [IMAGENS] - RioOnWatch","og_description":"Click Here for English Na Zona Sul do Rio de Janeiro, mais precisamente entre os bairros do Catete, Gl\u00f3ria, e Santa Teresa, se localiza o Morro Santo Amaro. Na madrugada de 7 de junho, Santo [...]","og_url":"https:\/\/rioonwatch.org.br\/?p=78586","og_site_name":"RioOnWatch","article_published_time":"2025-06-30T18:11:30+00:00","article_modified_time":"2025-08-11T15:21:39+00:00","og_image":[{"width":1024,"height":683,"url":"https:\/\/rioonwatch.org.br\/wp-content\/uploads\/2025\/06\/Equipe-e-dancarinos-apos-apresentacao-no-Arraia-do-Tuiuti-2024-Foto-Suzane-Mendes.jpg","type":"image\/jpeg"}],"author":"Julio Santos Filho","twitter_card":"summary_large_image","twitter_misc":{"Escrito por":"Julio Santos Filho","Est. tempo de leitura":"10 minutos"},"schema":{"@context":"https:\/\/schema.org","@graph":[{"@type":"Article","@id":"https:\/\/rioonwatch.org.br\/?p=78586#article","isPartOf":{"@id":"https:\/\/rioonwatch.org.br\/?p=78586"},"author":{"name":"Julio Santos Filho","@id":"https:\/\/rioonwatch.org.br\/#\/schema\/person\/476bc75767957d3535b65b796667cd36"},"headline":"Jo\u00e3o Danado: Tradi\u00e7\u00e3o, Resist\u00eancia e Pot\u00eancia Cultural no Cora\u00e7\u00e3o do Morro Santo Amaro [IMAGENS]","datePublished":"2025-06-30T18:11:30+00:00","dateModified":"2025-08-11T15:21:39+00:00","mainEntityOfPage":{"@id":"https:\/\/rioonwatch.org.br\/?p=78586"},"wordCount":1306,"publisher":{"@id":"https:\/\/rioonwatch.org.br\/#organization"},"image":{"@id":"https:\/\/rioonwatch.org.br\/?p=78586#primaryimage"},"thumbnailUrl":"https:\/\/rioonwatch.org.br\/wp-content\/uploads\/2025\/06\/Equipe-e-dancarinos-apos-apresentacao-no-Arraia-do-Tuiuti-2024-Foto-Suzane-Mendes.jpg","keywords":["arte","Catete","Cultura Afro-brasileira","cultura da favela","cultura de rua","festa junina","Gl\u00f3ria","Mem\u00f3rias Faveladas","Ponto de Cultura","Santa Teresa","Santo Amaro","sentimento de pertencimento","Zona Sul"],"articleSection":["*Destaque","Cultura da Favela","Escrito por Comunicadores Populares","Fotorreportagens","Solu\u00e7\u00f5es"],"inLanguage":"pt-BR"},{"@type":"WebPage","@id":"https:\/\/rioonwatch.org.br\/?p=78586","url":"https:\/\/rioonwatch.org.br\/?p=78586","name":"Jo\u00e3o Danado: Tradi\u00e7\u00e3o, Resist\u00eancia e Pot\u00eancia Cultural no Cora\u00e7\u00e3o do Morro Santo Amaro [IMAGENS] - RioOnWatch","isPartOf":{"@id":"https:\/\/rioonwatch.org.br\/#website"},"primaryImageOfPage":{"@id":"https:\/\/rioonwatch.org.br\/?p=78586#primaryimage"},"image":{"@id":"https:\/\/rioonwatch.org.br\/?p=78586#primaryimage"},"thumbnailUrl":"https:\/\/rioonwatch.org.br\/wp-content\/uploads\/2025\/06\/Equipe-e-dancarinos-apos-apresentacao-no-Arraia-do-Tuiuti-2024-Foto-Suzane-Mendes.jpg","datePublished":"2025-06-30T18:11:30+00:00","dateModified":"2025-08-11T15:21:39+00:00","breadcrumb":{"@id":"https:\/\/rioonwatch.org.br\/?p=78586#breadcrumb"},"inLanguage":"pt-BR","potentialAction":[{"@type":"ReadAction","target":["https:\/\/rioonwatch.org.br\/?p=78586"]}]},{"@type":"ImageObject","inLanguage":"pt-BR","@id":"https:\/\/rioonwatch.org.br\/?p=78586#primaryimage","url":"https:\/\/rioonwatch.org.br\/wp-content\/uploads\/2025\/06\/Equipe-e-dancarinos-apos-apresentacao-no-Arraia-do-Tuiuti-2024-Foto-Suzane-Mendes.jpg","contentUrl":"https:\/\/rioonwatch.org.br\/wp-content\/uploads\/2025\/06\/Equipe-e-dancarinos-apos-apresentacao-no-Arraia-do-Tuiuti-2024-Foto-Suzane-Mendes.jpg","width":1024,"height":683,"caption":"Equipe e dan\u00e7arinos da quadrilha junina Jo\u00e3o Danado ap\u00f3s apresenta\u00e7\u00e3o no Arrai\u00e1 do Tuiuti de 2024, no Morro do Tuiuti, na Zona Norte. Foto: Suzane Mendes"},{"@type":"BreadcrumbList","@id":"https:\/\/rioonwatch.org.br\/?p=78586#breadcrumb","itemListElement":[{"@type":"ListItem","position":1,"name":"In\u00edcio","item":"https:\/\/rioonwatch.org.br\/"},{"@type":"ListItem","position":2,"name":"Jo\u00e3o Danado: Tradi\u00e7\u00e3o, Resist\u00eancia e Pot\u00eancia Cultural no Cora\u00e7\u00e3o do Morro Santo Amaro [IMAGENS]"}]},{"@type":"WebSite","@id":"https:\/\/rioonwatch.org.br\/#website","url":"https:\/\/rioonwatch.org.br\/","name":"RioOnWatch","description":"relatos das favelas cariocas","publisher":{"@id":"https:\/\/rioonwatch.org.br\/#organization"},"potentialAction":[{"@type":"SearchAction","target":{"@type":"EntryPoint","urlTemplate":"https:\/\/rioonwatch.org.br\/?s={search_term_string}"},"query-input":{"@type":"PropertyValueSpecification","valueRequired":true,"valueName":"search_term_string"}}],"inLanguage":"pt-BR"},{"@type":"Organization","@id":"https:\/\/rioonwatch.org.br\/#organization","name":"RioOnWatch","url":"https:\/\/rioonwatch.org.br\/","logo":{"@type":"ImageObject","inLanguage":"pt-BR","@id":"https:\/\/rioonwatch.org.br\/#\/schema\/logo\/image\/","url":"https:\/\/rioonwatch.org.br\/wp-content\/uploads\/2021\/06\/RioOnWatchcabecalhoPT11anos-2.png","contentUrl":"https:\/\/rioonwatch.org.br\/wp-content\/uploads\/2021\/06\/RioOnWatchcabecalhoPT11anos-2.png","width":779,"height":277,"caption":"RioOnWatch"},"image":{"@id":"https:\/\/rioonwatch.org.br\/#\/schema\/logo\/image\/"}},{"@type":"Person","@id":"https:\/\/rioonwatch.org.br\/#\/schema\/person\/476bc75767957d3535b65b796667cd36","name":"Julio Santos Filho","image":{"@type":"ImageObject","inLanguage":"pt-BR","@id":"https:\/\/rioonwatch.org.br\/#\/schema\/person\/image\/","url":"https:\/\/secure.gravatar.com\/avatar\/ca138f7666182a292a8ce4ca14fb81f8?s=96&d=blank&r=g","contentUrl":"https:\/\/secure.gravatar.com\/avatar\/ca138f7666182a292a8ce4ca14fb81f8?s=96&d=blank&r=g","caption":"Julio Santos Filho"},"url":"https:\/\/rioonwatch.org.br\/?author=167"}]}},"_links":{"self":[{"href":"https:\/\/rioonwatch.org.br\/index.php?rest_route=\/wp\/v2\/posts\/78586"}],"collection":[{"href":"https:\/\/rioonwatch.org.br\/index.php?rest_route=\/wp\/v2\/posts"}],"about":[{"href":"https:\/\/rioonwatch.org.br\/index.php?rest_route=\/wp\/v2\/types\/post"}],"author":[{"embeddable":true,"href":"https:\/\/rioonwatch.org.br\/index.php?rest_route=\/wp\/v2\/users\/167"}],"replies":[{"embeddable":true,"href":"https:\/\/rioonwatch.org.br\/index.php?rest_route=%2Fwp%2Fv2%2Fcomments&post=78586"}],"version-history":[{"count":13,"href":"https:\/\/rioonwatch.org.br\/index.php?rest_route=\/wp\/v2\/posts\/78586\/revisions"}],"predecessor-version":[{"id":78975,"href":"https:\/\/rioonwatch.org.br\/index.php?rest_route=\/wp\/v2\/posts\/78586\/revisions\/78975"}],"wp:featuredmedia":[{"embeddable":true,"href":"https:\/\/rioonwatch.org.br\/index.php?rest_route=\/wp\/v2\/media\/78518"}],"wp:attachment":[{"href":"https:\/\/rioonwatch.org.br\/index.php?rest_route=%2Fwp%2Fv2%2Fmedia&parent=78586"}],"wp:term":[{"taxonomy":"category","embeddable":true,"href":"https:\/\/rioonwatch.org.br\/index.php?rest_route=%2Fwp%2Fv2%2Fcategories&post=78586"},{"taxonomy":"post_tag","embeddable":true,"href":"https:\/\/rioonwatch.org.br\/index.php?rest_route=%2Fwp%2Fv2%2Ftags&post=78586"},{"taxonomy":"writer","embeddable":true,"href":"https:\/\/rioonwatch.org.br\/index.php?rest_route=%2Fwp%2Fv2%2Fwriter&post=78586"},{"taxonomy":"translator","embeddable":true,"href":"https:\/\/rioonwatch.org.br\/index.php?rest_route=%2Fwp%2Fv2%2Ftranslator&post=78586"},{"taxonomy":"source","embeddable":true,"href":"https:\/\/rioonwatch.org.br\/index.php?rest_route=%2Fwp%2Fv2%2Fsource&post=78586"},{"taxonomy":"ilustrador","embeddable":true,"href":"https:\/\/rioonwatch.org.br\/index.php?rest_route=%2Fwp%2Fv2%2Filustrador&post=78586"},{"taxonomy":"fotografo","embeddable":true,"href":"https:\/\/rioonwatch.org.br\/index.php?rest_route=%2Fwp%2Fv2%2Ffotografo&post=78586"}],"curies":[{"name":"wp","href":"https:\/\/api.w.org\/{rel}","templated":true}]}}