{"id":78612,"date":"2025-11-17T08:12:16","date_gmt":"2025-11-17T11:12:16","guid":{"rendered":"https:\/\/rioonwatch.org.br\/?p=78612"},"modified":"2025-12-15T19:22:50","modified_gmt":"2025-12-15T22:22:50","slug":"dona-pascoalina-conheca-a-historia-da-parteira-e-rezadeira-do-morro-do-borel","status":"publish","type":"post","link":"https:\/\/rioonwatch.org.br\/?p=78612","title":{"rendered":"Dona Pascoalina: Conhe\u00e7a a Hist\u00f3ria da Parteira e Rezadeira do Morro do Borel"},"content":{"rendered":"<figure id=\"attachment_78679\" aria-describedby=\"caption-attachment-78679\" style=\"width: 1438px\" class=\"wp-caption aligncenter\"><a href=\"https:\/\/rioonwatch.org.br\/wp-content\/uploads\/2025\/07\/Pascoalina-Oliveira-da-Silva-conhecida-como-Pascoal-foi-uma-importante-moradora-do-Borel-conhecida-por-suas-rezas-e-partos-realizados-na-favela.-Foto-Igor-Soares1-scaled.jpg\"><img fetchpriority=\"high\" decoding=\"async\" class=\"wp-image-78679 size-full\" title=\"Pascoalina Oliveira da Silva, conhecida como Pascoal, foi uma importante moradora do Borel, conhecida por suas rezas e pelos partos realizados na favela. Foto: Igor Soares\" src=\"https:\/\/rioonwatch.org.br\/wp-content\/uploads\/2025\/07\/Pascoalina-Oliveira-da-Silva-conhecida-como-Pascoal-foi-uma-importante-moradora-do-Borel-conhecida-por-suas-rezas-e-partos-realizados-na-favela.-Foto-Igor-Soares1-scaled.jpg\" alt=\"Pascoalina Oliveira da Silva, conhecida como Pascoal, foi uma importante moradora do Borel, conhecida por suas rezas e pelos partos realizados na favela. Foto: Igor Soares\" width=\"1438\" height=\"2560\" srcset=\"https:\/\/rioonwatch.org.br\/wp-content\/uploads\/2025\/07\/Pascoalina-Oliveira-da-Silva-conhecida-como-Pascoal-foi-uma-importante-moradora-do-Borel-conhecida-por-suas-rezas-e-partos-realizados-na-favela.-Foto-Igor-Soares1-scaled.jpg 1438w, https:\/\/rioonwatch.org.br\/wp-content\/uploads\/2025\/07\/Pascoalina-Oliveira-da-Silva-conhecida-como-Pascoal-foi-uma-importante-moradora-do-Borel-conhecida-por-suas-rezas-e-partos-realizados-na-favela.-Foto-Igor-Soares1-348x620.jpg 348w, https:\/\/rioonwatch.org.br\/wp-content\/uploads\/2025\/07\/Pascoalina-Oliveira-da-Silva-conhecida-como-Pascoal-foi-uma-importante-moradora-do-Borel-conhecida-por-suas-rezas-e-partos-realizados-na-favela.-Foto-Igor-Soares1-842x1500.jpg 842w, https:\/\/rioonwatch.org.br\/wp-content\/uploads\/2025\/07\/Pascoalina-Oliveira-da-Silva-conhecida-como-Pascoal-foi-uma-importante-moradora-do-Borel-conhecida-por-suas-rezas-e-partos-realizados-na-favela.-Foto-Igor-Soares1-768x1367.jpg 768w, https:\/\/rioonwatch.org.br\/wp-content\/uploads\/2025\/07\/Pascoalina-Oliveira-da-Silva-conhecida-como-Pascoal-foi-uma-importante-moradora-do-Borel-conhecida-por-suas-rezas-e-partos-realizados-na-favela.-Foto-Igor-Soares1-863x1536.jpg 863w, https:\/\/rioonwatch.org.br\/wp-content\/uploads\/2025\/07\/Pascoalina-Oliveira-da-Silva-conhecida-como-Pascoal-foi-uma-importante-moradora-do-Borel-conhecida-por-suas-rezas-e-partos-realizados-na-favela.-Foto-Igor-Soares1-1150x2048.jpg 1150w\" sizes=\"(max-width: 1438px) 100vw, 1438px\" \/><\/a><figcaption id=\"caption-attachment-78679\" class=\"wp-caption-text\">Pascoalina Oliveira da Silva, conhecida como Pascoal, foi uma importante moradora do Borel, conhecida por suas rezas e pelos partos realizados na favela. Foto: Igor Soares<\/figcaption><\/figure>\n<p style=\"text-align: right;\"><a href=\"https:\/\/bit.ly\/4iDEC0D\" target=\"_blank\" rel=\"noopener\"><em><strong>Click Here for English<\/strong><\/em><img decoding=\"async\" class=\"alignright wp-image-15790\" src=\"https:\/\/rioonwatch.org.br\/wp-content\/uploads\/2012\/08\/EN-standard-e1439583104716.jpg\" alt=\"\" width=\"20\" height=\"20\" \/><\/a><\/p>\n<p><em>Esta mat\u00e9ria marca o <a href=\"http:\/\/bit.ly\/2XCc5is\" rel=\"noopener\">M\u00eas da Consci\u00eancia Negra<\/a> de 2025 e faz parte da s\u00e9rie de <a href=\"https:\/\/bit.ly\/SeriePotencias\" target=\"_blank\" rel=\"noopener\">Mem\u00f3rias de Pot\u00eancias Faveladas<\/a> do RioOnWatch, que visa documentar e celebrar a hist\u00f3ria das favelas do Rio de Janeiro atrav\u00e9s de relatos e reportagens sobre a mem\u00f3ria coletiva e a luta cotidiana dos moradores pelo direito a uma vida plena.<\/em><\/p>\n<p><span style=\"font-weight: 400;\">Quase todo dia, era certo encontrar Dona Pascoalina, como era conhecida Pascoalina Oliveira da Silva, sentada na cadeira fora de casa tomando um banho de sol. Era o que ela gostava de fazer para ver o vai-e-vem de moradores \u00e0 beira de sua porta, na Rua Nova, uma das localidades do <a href=\"https:\/\/bit.ly\/2AoXRtJ\" target=\"_blank\" rel=\"noopener\">Morro do Borel<\/a>, na <a href=\"https:\/\/bit.ly\/3581ZK2\" target=\"_blank\" rel=\"noopener\">Tijuca<\/a>, <a href=\"https:\/\/bit.ly\/2ETpYR1\" target=\"_blank\" rel=\"noopener\">Zona Norte<\/a> do Rio. <\/span><\/p>\n<p><span style=\"font-weight: 400;\">Todos os que passavam por ela faziam quest\u00e3o de cumpriment\u00e1-la. Seu passatempo era tirar do bolso um pacote de fumo de rolo (um tipo de tabaco) e acender seu cachimbo. \u201cBeber um pouco, fumar um cachimbo e comer comida saud\u00e1vel\u201d, segundo a matriarca do Borel, era o segredo para sua longevidade. Ela morreu aos 88 anos, em novembro de 2019, no <a href=\"http:\/\/bit.ly\/2XCc5is\" target=\"_blank\" rel=\"noopener\">M\u00eas da Consci\u00eancia Negra<\/a>, de forma natural. Mas n\u00e3o se sabe sua idade exata. Isso porque ela tinha dois registros de nascimento com datas diferentes. Nem sua fam\u00edlia sabe ao certo. <\/span><\/p>\n<p><span style=\"font-weight: 400;\">Seu cachimbo foi trocado v\u00e1rias vezes ao longo dos anos. Segundo Dona Pascoalina, \u201cn\u00e3o tem muito tempo [desde a \u00faltima troca], n\u00e3o. Eles racham de um lado, racham do outro. A\u00ed, eu vou cortando ele assim pra tirar o <\/span>coisinho [alguma coisa dentro do cachimbo]<span style=\"font-weight: 400;\">. A\u00ed, eu fico l\u00e1, deitada na cama. Vem uma fumacinha. Tem hora que ele n\u00e3o quer acender, eu xingo ele, vivo com ele\u201d.<\/span><\/p>\n<p><span style=\"font-weight: 400;\">Em uma entrevista realizada em julho de 2019, \u00faltimo ano de sua vida, ela compartilhou um pouco de sua hist\u00f3ria, como uma mulher negra que deixou sua fam\u00edlia no campo para vir ao Rio de Janeiro trabalhar e tentar uma vida melhor. Nascida no interior de <\/span><a href=\"https:\/\/bit.ly\/3otLToV\" target=\"_blank\" rel=\"noopener\"><span style=\"font-weight: 400;\">Minas Gerais<\/span><\/a><span style=\"font-weight: 400;\">, Pascoal, como era popularmente conhecida, come\u00e7ou a trabalhar aos cinco anos, ajudando os pais na lavoura de um fazendeiro. A fam\u00edlia tamb\u00e9m n\u00e3o sabe ao certo qual \u00e9 a cidade de nascimento de Pascoalina.<\/span><\/p>\n<blockquote><p>\u201cCultivava as plantas&#8230; A\u00ed, eu s\u00f3 ficava l\u00e1 com os neg\u00f3cios de ro\u00e7a, tratando de galinha, tratando de porco. Trabalhava na enxada tamb\u00e9m. Era pequenininha, eu tinha cinco anos. Era trabalho s\u00f3 e a gente morava numa casa e tinha que andar a p\u00e9. Porque n\u00e3o tinha nada, n\u00e3o tinha carro. O colono tamb\u00e9m dava alguma coisa pra gente, dava uma cota de arroz, dava uma cota de feij\u00e3o, dava uma cota de farinha.\u201d \u2014 Pascoalina Oliveira da Silva<\/p><\/blockquote>\n<p>Ao decidir vir para a capital fluminense, deixou para tr\u00e1s tr\u00eas irm\u00e3os e chegou aos onze anos de trem com uma tia. \u201cEu vim de Maria Fuma\u00e7a\u201d, relembrou. Assim que chegou, morou no bairro da <a href=\"https:\/\/bit.ly\/2PUK0Rs\" target=\"_blank\" rel=\"noopener\">Penha<\/a>, onde trabalhou pela primeira vez.<strong>\u00a0<\/strong><\/p>\n<p>Depois de algum tempo estabelecida no Rio, Pascoalina construiu<span style=\"font-weight: 400;\">\u00a0uma casinha no <\/span><a href=\"https:\/\/bit.ly\/36xHerx\" target=\"_blank\" rel=\"noopener\"><span style=\"font-weight: 400;\">Morro do Salgueiro<\/span><\/a><span style=\"font-weight: 400;\">, tamb\u00e9m na Zona Norte. Por l\u00e1, j\u00e1 muito adepta do <\/span><a href=\"https:\/\/bit.ly\/2ReSP8y\" target=\"_blank\" rel=\"noopener\"><span style=\"font-weight: 400;\">samba<\/span><\/a><span style=\"font-weight: 400;\"> e de suas express\u00f5es religiosas, passou a integrar a ala das baianas do <\/span><a href=\"https:\/\/bit.ly\/3GA5nV3\" target=\"_blank\" rel=\"noopener\"><span style=\"font-weight: 400;\">Gr\u00eamio Recreativo Escola de Samba Acad\u00eamicos do Salgueiro<\/span><\/a><span style=\"font-weight: 400;\">.<\/span><\/p>\n<blockquote><p>\u201cArrumei esse velho a\u00ed, o pai de um desses meninos a\u00ed [o falecido pai de uns de seus filhos, do qual ela n\u00e3o se lembra o nome], a\u00ed, fiquei com ele [por um tempo]&#8230; Quando eu vim do Salgueiro, eu j\u00e1 vim para c\u00e1 com outro cara. A\u00ed, [depois de um tempo,] eu larguei o outro cara para l\u00e1 [o homem do Salgueiro], que era imprest\u00e1vel, era mulherengo&#8230; Eu tamb\u00e9m fui muito namoradeira. Na verdade, curti muito a minha vida: ia para os bailes dan\u00e7ar.\u201d \u2014 Pascoalina Oliveira da Silva<\/p><\/blockquote>\n<figure id=\"attachment_78730\" aria-describedby=\"caption-attachment-78730\" style=\"width: 1080px\" class=\"wp-caption aligncenter\"><a href=\"https:\/\/rioonwatch.org.br\/wp-content\/uploads\/2025\/07\/Apos-sair-do-Morro-do-Salgueiro-Pascoalina-chegou-ao-Borel-com-19-anos-e-la-viveu-ate-o-fim-da-vida.-Foto-Igor-Soares.jpeg\"><img decoding=\"async\" class=\"wp-image-78730 size-full\" title=\"Ap\u00f3s sair do Morro do Salgueiro, Pascoalina chegou ao Borel com 19 anos e l\u00e1 viveu at\u00e9 o fim da vida. Foto: Igor Soares\" src=\"https:\/\/rioonwatch.org.br\/wp-content\/uploads\/2025\/07\/Apos-sair-do-Morro-do-Salgueiro-Pascoalina-chegou-ao-Borel-com-19-anos-e-la-viveu-ate-o-fim-da-vida.-Foto-Igor-Soares.jpeg\" alt=\"Ap\u00f3s sair do Morro do Salgueiro, Pascoalina chegou ao Borel com 19 anos e l\u00e1 viveu at\u00e9 o fim da vida. Foto: Igor Soares\" width=\"1080\" height=\"1350\" srcset=\"https:\/\/rioonwatch.org.br\/wp-content\/uploads\/2025\/07\/Apos-sair-do-Morro-do-Salgueiro-Pascoalina-chegou-ao-Borel-com-19-anos-e-la-viveu-ate-o-fim-da-vida.-Foto-Igor-Soares.jpeg 1080w, https:\/\/rioonwatch.org.br\/wp-content\/uploads\/2025\/07\/Apos-sair-do-Morro-do-Salgueiro-Pascoalina-chegou-ao-Borel-com-19-anos-e-la-viveu-ate-o-fim-da-vida.-Foto-Igor-Soares-496x620.jpeg 496w, https:\/\/rioonwatch.org.br\/wp-content\/uploads\/2025\/07\/Apos-sair-do-Morro-do-Salgueiro-Pascoalina-chegou-ao-Borel-com-19-anos-e-la-viveu-ate-o-fim-da-vida.-Foto-Igor-Soares-768x960.jpeg 768w\" sizes=\"(max-width: 1080px) 100vw, 1080px\" \/><\/a><figcaption id=\"caption-attachment-78730\" class=\"wp-caption-text\">Ap\u00f3s sair do Morro do Salgueiro, Pascoalina chegou ao Borel aos 19 anos e l\u00e1 viveu at\u00e9 o fim da vida. Foto: Igor Soares<\/figcaption><\/figure>\n<p>Pascoalina foi criada pela prima e pela madrinha. Aos 19 anos, mudou-se para o Morro do Borel, come\u00e7ou a estudar e chegou \u00e0 quarta s\u00e9rie. Ela viu todas as transforma\u00e7\u00f5es pelas quais a favela passou: das ruas de lama e casas de estuque \u00e0 alvenaria e \u00e0 pavimenta\u00e7\u00e3o na favela. \u201cQuando eu cheguei, isso aqui tudo era de estuque\u201d, disse. \u201cIsso aqui era tudo barro. Eu n\u00e3o tenho mais a no\u00e7\u00e3o das coisas como antes\u2026 mas essa casa aqui, [foi] o patr\u00e3o que me ajudou a fazer\u201d, contou, fazendo refer\u00eancia ao seu ex-chefe na casa de uma fam\u00edlia onde trabalhou.<\/p>\n<p><span style=\"font-weight: 400;\">No Rio, passou a maior parte da vida <\/span><a href=\"https:\/\/bit.ly\/30IPplY\" target=\"_blank\" rel=\"noopener\"><span style=\"font-weight: 400;\">trabalhando como dom\u00e9stica<\/span><\/a><span style=\"font-weight: 400;\">\u00a0em diferentes resid\u00eancias. \u201cJ\u00e1 trabalhei em <\/span><a href=\"https:\/\/bit.ly\/3aYr10N\" target=\"_blank\" rel=\"noopener\"><span style=\"font-weight: 400;\">Copacabana<\/span><\/a><span style=\"font-weight: 400;\"> em uma casa. J\u00e1 trabalhei na Conde de Bonfim ali [embaixo], tamb\u00e9m l\u00e1 em uma pra\u00e7a do <\/span><a href=\"https:\/\/bit.ly\/2x1dXEP\" target=\"_blank\" rel=\"noopener\"><span style=\"font-weight: 400;\">Centro<\/span><\/a><span style=\"font-weight: 400;\"> [sem dar detalhes de qual pra\u00e7a]. Trabalhava com madame\u201d, disse a rel\u00edquia do Borel.<\/span><\/p>\n<h3>Rezadeira e Parteira do Morro<\/h3>\n<p><span style=\"font-weight: 400;\">Ent\u00e3o, considerada quase imortal, Pascoalina guardava seus mist\u00e9rios: tinha duas idades. Apesar de ela bater no peito dizendo ter uma idade, sua fam\u00edlia afirma que a idade era outra. A filha, Maria Ant\u00f4nia de Oliveira Soares, de <\/span>65 anos,<span style=\"font-weight: 400;\"> revela que a m\u00e3e \u00e9 um pouco mais velha do que falava. Isso porque ela fez os documentos duas vezes. Segundo Maria Ant\u00f4nia, \u201cno cart\u00f3rio, o escrevente deu uma nova data [de nascimento] para ela.&#8221; O fato \u00e9 que a idade era s\u00f3 um detalhe na vida de uma mulher que transbordava de jovialidade e desejo de viver.<\/span><\/p>\n<p>Pascoal lembrou-se da \u00e9poca em que era parteira e rezadeira na favela e do momento em que realizou o parto do pr\u00f3prio neto, Victor, em casa. A pr\u00e1tica era comum. \u201cFoi minha m\u00e3e que fez o parto do Victor\u201d, diz <span style=\"font-weight: 400;\">Maria Ant\u00f4nia<\/span>.<\/p>\n<p>A ancestralidade tamb\u00e9m se materializava na espiritualidade que carregava dentro de si, levando a pr\u00e1tica de parteira como heran\u00e7a de Dona Zazinha, uma senhora que morava em um quintal vizinho e fazia suas rezas e seus partos quando o terreno ainda n\u00e3o tinha muitas casas, como hoje em dia. \u201cEra ela que fazia meus partos a\u00ed, dentro de casa\u201d, conta a matriarca, ressaltando que alguns de seus filhos nasceram pelas m\u00e3os da amiga Zazinha.<\/p>\n<figure id=\"attachment_79414\" aria-describedby=\"caption-attachment-79414\" style=\"width: 500px\" class=\"wp-caption alignright\"><a href=\"https:\/\/rioonwatch.org.br\/wp-content\/uploads\/2025\/09\/Pascoalina-reunida-com-alguns-de-seus-filhos-Valmir-e-Maria-Antonia-a-esquerda-da-mae-e-Lidia-a-direita.-Foto-Igor-Soares.jpeg\"><img loading=\"lazy\" decoding=\"async\" class=\"wp-image-79414\" title=\"Pascoalina reunida com alguns de seus filhos, da direita para a esquerda: Valmir, Maria Ant\u00f4nia e L\u00eddia. Foto: Igor Soares\" src=\"https:\/\/rioonwatch.org.br\/wp-content\/uploads\/2025\/09\/Pascoalina-reunida-com-alguns-de-seus-filhos-Valmir-e-Maria-Antonia-a-esquerda-da-mae-e-Lidia-a-direita.-Foto-Igor-Soares-465x620.jpeg\" alt=\"Pascoalina reunida com alguns de seus filhos, da direita para a esquerda: Valmir, Maria Ant\u00f4nia e L\u00eddia. Foto: Igor Soares\" width=\"500\" height=\"667\" srcset=\"https:\/\/rioonwatch.org.br\/wp-content\/uploads\/2025\/09\/Pascoalina-reunida-com-alguns-de-seus-filhos-Valmir-e-Maria-Antonia-a-esquerda-da-mae-e-Lidia-a-direita.-Foto-Igor-Soares-465x620.jpeg 465w, https:\/\/rioonwatch.org.br\/wp-content\/uploads\/2025\/09\/Pascoalina-reunida-com-alguns-de-seus-filhos-Valmir-e-Maria-Antonia-a-esquerda-da-mae-e-Lidia-a-direita.-Foto-Igor-Soares-768x1024.jpeg 768w, https:\/\/rioonwatch.org.br\/wp-content\/uploads\/2025\/09\/Pascoalina-reunida-com-alguns-de-seus-filhos-Valmir-e-Maria-Antonia-a-esquerda-da-mae-e-Lidia-a-direita.-Foto-Igor-Soares.jpeg 774w\" sizes=\"(max-width: 500px) 100vw, 500px\" \/><\/a><figcaption id=\"caption-attachment-79414\" class=\"wp-caption-text\">Pascoalina reunida com alguns de seus filhos, da esquerda para a direita: L\u00eddia, Ant\u00f4nia e Valmir. Foto: Igor Soares<\/figcaption><\/figure>\n<p>Muitas foram as vezes em que diversos moradores tamb\u00e9m entravam na casa de Pascoalina para pedir ajuda. L\u00e1 dentro havia um espa\u00e7o reservado para a devo\u00e7\u00e3o da santa para a qual fazia seus pedidos de prote\u00e7\u00e3o e sa\u00fade. Nossa Senhora Aparecida tinha um espa\u00e7o mais destacado no altar. \u201cTodo dia fa\u00e7o o meu pedido, n\u00e3o \u00e9, santinha? Tem uma outra santinha l\u00e1 dentro, que [\u00e9 pra quem] eu fa\u00e7o meus pedidos pelas crian\u00e7as.<\/p>\n<p>Apesar de sua filha destacar que ela era mais ligada ao <a href=\"https:\/\/bit.ly\/366wpNu\" target=\"_blank\" rel=\"noopener\">candombl\u00e9<\/a>, quando questionada sobre sua religi\u00e3o, Dona Pascoalina dizia ser cat\u00f3lica. \u201cSou cat\u00f3lica: Cat\u00f3lica Apost\u00f3lica Romana\u201d. No entanto, como muitos brasileiros, ela tamb\u00e9m se apoiava nas tradi\u00e7\u00f5es religiosas afro-brasileiras para curar e proteger os seus. \u201cJ\u00e1 rezei [como rezadeira e benzedeira] algumas crian\u00e7as. A gente vinha ao encontro tamb\u00e9m [do candombl\u00e9]\u201d.<\/p>\n<p>Ana Paula Rodrigues, 45 anos, cria da comunidade, relembra o legado da rezadeira do Borel. Ela afirma ter tido duas filhas rezadas por Pascoalina. Ana sempre foi vizinha de Pascoal, que morava a duas casas de dist\u00e2ncia.<\/p>\n<blockquote><p>\u201cEla rezava as crian\u00e7as todas. Rezou a Marceli, rezou a Milena. Como parteira, lembro de hist\u00f3rias que falavam que ela fez muito parto. E, como rezadeira, a gente ia l\u00e1 para ela poder rezar as crian\u00e7as. [Tinha] quebrante, naquela \u00e9poca tinha muito isso.\u201d \u2014 Ana Paula Rodrigues<\/p><\/blockquote>\n<p>A dimens\u00e3o da import\u00e2ncia de Pascoal para o Borel foi refor\u00e7ada por sua filha.<\/p>\n<blockquote><p>\u201cMinha m\u00e3e foi uma das pe\u00e7as raras muito importantes na minha vida. N\u00e3o s\u00f3 para mim, mas para a maioria das pessoas do Borel. Ela fez muito parto, muitas rezas no Borel.\u201d \u2014 Maria Ant\u00f4nia de Oliveira Soares<\/p><\/blockquote>\n<h3>As Muitas Mudan\u00e7as que Viu na Favela<\/h3>\n<p>Com o passar dos anos, as lutas das favelas por dignidade e respeito tamb\u00e9m constitu\u00edram parte da mem\u00f3ria de Pascoalina. Ela relatou diversos conflitos com a pol\u00edcia. Pascoal lembrou que, antigamente, seus filhos eram agredidos e levados pela pol\u00edcia regularmente.<\/p>\n<blockquote><p>\u201cAqui, vinha a pol\u00edcia: &#8216;vem c\u00e1&#8217;. Pegava meu filho, levava l\u00e1 para cima, para baixo, metia o pau. Depois, carregava para o distrito [policial]. Fui parar tamb\u00e9m muito tempo l\u00e1 [no distrito policial] atr\u00e1s deles&#8230; Voc\u00ea descia e s\u00f3 via os corpos estirados&#8230; Mudou tudo, mudou o morro. N\u00e3o tem mais morte [como tinha], voc\u00ea sa\u00eda e ficava vendo corpo no ch\u00e3o. N\u00e3o tem mais isso hoje. De vez em quando, tem o helic\u00f3ptero [da pol\u00edcia] a\u00ed e d\u00e1 um tiro, igual na quarta-feira passada.\u201d \u2014 Pascoalina Oliveira da Silva<\/p><\/blockquote>\n<p>Dentro desta realidade, ela tinha um medo: morrer baleada. \u201cA morte, quando ela quiser vir, ela pode vir, mas n\u00e3o matada com fogo\u201d.<\/p>\n<p>As rezas, \u00e0quela altura, eram menos frequentes devido ao fato de Pascoal ter machucado o joelho. \u201cDepois que eu fiquei doente, fiquei sem for\u00e7a, sem anima\u00e7\u00e3o, sem \u00e2nimo. Nem equil\u00edbrio no corpo eu tenho\u201d, diz, ressaltando sua condi\u00e7\u00e3o.<\/p>\n<p>Os cabelos completamente tomados de fios brancos, segundo ela, eram de tanto pensar na vida. \u201c\u00c9 sangue quente de tanto pensar na vida. Penso na vida, penso nos filhos, penso nas minhas netas. A\u00ed, meu cabelo ficou branco rapidinho.&#8221;<\/p>\n<p>Pascoalina Oliveira da Silva morreu no dia 17 de novembro de 2019. Ela deixou 5 filhos, dos 16 que teve. Conheceu 16 netos, 38 bisnetos e 6 tataranetos. Seu legado e sua contribui\u00e7\u00e3o para a hist\u00f3ria e a identidade do Morro do Borel s\u00e3o muito maiores do que sua partida e ainda est\u00e3o presentes no morro, mesmo seis anos ap\u00f3s sua morte.<\/p>\n<p>*Algumas informa\u00e7\u00f5es n\u00e3o foram confirmadas, como o local de nascimento e a idade, porque os documentos de Pascoalina Oliveira da Silva ficaram com uma das filhas que morreu em 2024.<\/p>\n<p><em>Sobre o autor:\u00a0<a href=\"https:\/\/bit.ly\/42EoKTz\" target=\"_blank\" rel=\"noopener\">Igor Soares<\/a>\u00a0\u00e9 cria do Morro do Borel e jornalista pela Universidade Federal do Rio de Janeiro (UFRJ). Atualmente contribui com o #Colabora e atua como freelancer. Tem experi\u00eancia em cobertura de cidades, direitos humanos e seguran\u00e7a p\u00fablica, j\u00e1 tendo passado pela reda\u00e7\u00e3o do Estad\u00e3o, do Portal iG e produzido reportagens para a Folha de S\u00e3o Paulo.<\/em><\/p>\n<hr \/>\n<h4><b data-stringify-type=\"bold\">Apoie nossos esfor\u00e7os para fornecer apoio estrat\u00e9gico \u00e0s favelas do Rio, incluindo o jornalismo hiperlocal, cr\u00edtico, inovador e incans\u00e1vel do\u00a0<\/b><b data-stringify-type=\"bold\"><i data-stringify-type=\"italic\">RioOnWatch<\/i><\/b>\u2014<a class=\"c-link\" href=\"http:\/\/www.bit.ly\/ApoieROW\" target=\"_blank\" rel=\"noopener noreferrer\" data-stringify-link=\"http:\/\/www.bit.ly\/ApoieROW\" data-sk=\"tooltip_parent\">doe aqui<\/a>.<\/h4>\n<!-- AddThis Advanced Settings generic via filter on the_content --><!-- AddThis Share Buttons generic via filter on the_content -->","protected":false},"excerpt":{"rendered":"<div class=\"mh-excerpt\"><p>Click Here for English Esta mat\u00e9ria marca o M\u00eas da Consci\u00eancia Negra de 2025 e faz parte da s\u00e9rie de Mem\u00f3rias de Pot\u00eancias Faveladas do RioOnWatch, que visa documentar e celebrar a hist\u00f3ria das favelas <a class=\"mh-excerpt-more\" href=\"https:\/\/rioonwatch.org.br\/?p=78612\" title=\"Dona Pascoalina: Conhe\u00e7a a Hist\u00f3ria da Parteira e Rezadeira do Morro do Borel\">[&#8230;]<\/a><!-- AddThis Advanced Settings generic via filter on get_the_excerpt --><!-- AddThis Share Buttons generic via filter on get_the_excerpt --><\/p>\n<\/div>","protected":false},"author":167,"featured_media":78679,"comment_status":"closed","ping_status":"closed","sticky":false,"template":"template-full.php","format":"standard","meta":{"_acf_changed":false,"_monsterinsights_skip_tracking":false,"_monsterinsights_sitenote_active":false,"_monsterinsights_sitenote_note":"","_monsterinsights_sitenote_category":0,"footnotes":""},"categories":[1629,1625],"tags":[3528,704,1541,259,931,421,688,60,2548,448,469,915,3109,498,125,754,650,294,3432,375,218],"writer":[3415],"translator":[],"source":[],"ilustrador":[],"fotografo":[],"class_list":{"0":"post-78612","1":"post","2":"type-post","3":"status-publish","4":"format-standard","5":"has-post-thumbnail","7":"category-entrevistas-e-perfis","8":"category-por-correspondentes-comunitarios","9":"tag-ancestralidade","10":"tag-borel","11":"tag-candomble","12":"tag-centro","13":"tag-copacabana","14":"tag-cultura-da-favela","15":"tag-empoderamento","16":"tag-tijuca","17":"tag-igreja-catolica","18":"tag-lideranca","19":"tag-memoria","20":"tag-mes-da-consciencia-negra","21":"tag-minas-gerais","22":"tag-penha","23":"tag-religiao","24":"tag-salgueiro","25":"tag-samba","26":"tag-saude","27":"tag-serie-memorias-de-potencias-faveladas","28":"tag-terceira-idade","29":"tag-zona-norte","30":"writer-igor-soares"},"acf":[],"yoast_head":"<!-- This site is optimized with the Yoast SEO plugin v25.6 - https:\/\/yoast.com\/wordpress\/plugins\/seo\/ -->\n<title>Dona Pascoalina: Conhe\u00e7a a Hist\u00f3ria da Parteira e Rezadeira do Morro do Borel - RioOnWatch<\/title>\n<meta name=\"robots\" content=\"index, follow, max-snippet:-1, max-image-preview:large, max-video-preview:-1\" \/>\n<link rel=\"canonical\" href=\"https:\/\/rioonwatch.org.br\/?p=78612\" \/>\n<meta property=\"og:locale\" content=\"pt_BR\" \/>\n<meta property=\"og:type\" content=\"article\" \/>\n<meta property=\"og:title\" content=\"Dona Pascoalina: Conhe\u00e7a a Hist\u00f3ria da Parteira e Rezadeira do Morro do Borel - RioOnWatch\" \/>\n<meta property=\"og:description\" content=\"Click Here for English Esta mat\u00e9ria marca o M\u00eas da Consci\u00eancia Negra de 2025 e faz parte da s\u00e9rie de Mem\u00f3rias de Pot\u00eancias Faveladas do RioOnWatch, que visa documentar e celebrar a hist\u00f3ria das favelas [...]\" \/>\n<meta property=\"og:url\" content=\"https:\/\/rioonwatch.org.br\/?p=78612\" \/>\n<meta property=\"og:site_name\" content=\"RioOnWatch\" \/>\n<meta property=\"article:published_time\" content=\"2025-11-17T11:12:16+00:00\" \/>\n<meta property=\"article:modified_time\" content=\"2025-12-15T22:22:50+00:00\" \/>\n<meta property=\"og:image\" content=\"https:\/\/rioonwatch.org.br\/wp-content\/uploads\/2025\/07\/Pascoalina-Oliveira-da-Silva-conhecida-como-Pascoal-foi-uma-importante-moradora-do-Borel-conhecida-por-suas-rezas-e-partos-realizados-na-favela.-Foto-Igor-Soares1-scaled.jpg\" \/>\n\t<meta property=\"og:image:width\" content=\"1438\" \/>\n\t<meta property=\"og:image:height\" content=\"2560\" \/>\n\t<meta property=\"og:image:type\" content=\"image\/jpeg\" \/>\n<meta name=\"author\" content=\"Julio Santos Filho\" \/>\n<meta name=\"twitter:card\" content=\"summary_large_image\" \/>\n<meta name=\"twitter:label1\" content=\"Escrito por\" \/>\n\t<meta name=\"twitter:data1\" content=\"Julio Santos Filho\" \/>\n\t<meta name=\"twitter:label2\" content=\"Est. tempo de leitura\" \/>\n\t<meta name=\"twitter:data2\" content=\"9 minutos\" \/>\n<script type=\"application\/ld+json\" class=\"yoast-schema-graph\">{\"@context\":\"https:\/\/schema.org\",\"@graph\":[{\"@type\":\"Article\",\"@id\":\"https:\/\/rioonwatch.org.br\/?p=78612#article\",\"isPartOf\":{\"@id\":\"https:\/\/rioonwatch.org.br\/?p=78612\"},\"author\":{\"name\":\"Julio Santos Filho\",\"@id\":\"https:\/\/rioonwatch.org.br\/#\/schema\/person\/476bc75767957d3535b65b796667cd36\"},\"headline\":\"Dona Pascoalina: Conhe\u00e7a a Hist\u00f3ria da Parteira e Rezadeira do Morro do Borel\",\"datePublished\":\"2025-11-17T11:12:16+00:00\",\"dateModified\":\"2025-12-15T22:22:50+00:00\",\"mainEntityOfPage\":{\"@id\":\"https:\/\/rioonwatch.org.br\/?p=78612\"},\"wordCount\":1890,\"publisher\":{\"@id\":\"https:\/\/rioonwatch.org.br\/#organization\"},\"image\":{\"@id\":\"https:\/\/rioonwatch.org.br\/?p=78612#primaryimage\"},\"thumbnailUrl\":\"https:\/\/rioonwatch.org.br\/wp-content\/uploads\/2025\/07\/Pascoalina-Oliveira-da-Silva-conhecida-como-Pascoal-foi-uma-importante-moradora-do-Borel-conhecida-por-suas-rezas-e-partos-realizados-na-favela.-Foto-Igor-Soares1-scaled.jpg\",\"keywords\":[\"Ancestralidade\",\"Borel\",\"Candombl\u00e9\",\"Centro\",\"Copacabana\",\"cultura da favela\",\"empoderamento\",\"Grande Tijuca\",\"Igreja Cat\u00f3lica\",\"lideran\u00e7a\",\"Mem\u00f3rias Faveladas\",\"M\u00eas da Consci\u00eancia Negra\",\"Minas Gerais\",\"Penha\",\"religi\u00e3o\",\"Salgueiro\",\"samba\",\"sa\u00fade\",\"S\u00e9rie: Mem\u00f3rias de Pot\u00eancias Faveladas\",\"terceira idade\",\"Zona Norte\"],\"articleSection\":[\"Entrevistas e Perfis\",\"Escrito por Comunicadores Populares\"],\"inLanguage\":\"pt-BR\"},{\"@type\":\"WebPage\",\"@id\":\"https:\/\/rioonwatch.org.br\/?p=78612\",\"url\":\"https:\/\/rioonwatch.org.br\/?p=78612\",\"name\":\"Dona Pascoalina: Conhe\u00e7a a Hist\u00f3ria da Parteira e Rezadeira do Morro do Borel - RioOnWatch\",\"isPartOf\":{\"@id\":\"https:\/\/rioonwatch.org.br\/#website\"},\"primaryImageOfPage\":{\"@id\":\"https:\/\/rioonwatch.org.br\/?p=78612#primaryimage\"},\"image\":{\"@id\":\"https:\/\/rioonwatch.org.br\/?p=78612#primaryimage\"},\"thumbnailUrl\":\"https:\/\/rioonwatch.org.br\/wp-content\/uploads\/2025\/07\/Pascoalina-Oliveira-da-Silva-conhecida-como-Pascoal-foi-uma-importante-moradora-do-Borel-conhecida-por-suas-rezas-e-partos-realizados-na-favela.-Foto-Igor-Soares1-scaled.jpg\",\"datePublished\":\"2025-11-17T11:12:16+00:00\",\"dateModified\":\"2025-12-15T22:22:50+00:00\",\"breadcrumb\":{\"@id\":\"https:\/\/rioonwatch.org.br\/?p=78612#breadcrumb\"},\"inLanguage\":\"pt-BR\",\"potentialAction\":[{\"@type\":\"ReadAction\",\"target\":[\"https:\/\/rioonwatch.org.br\/?p=78612\"]}]},{\"@type\":\"ImageObject\",\"inLanguage\":\"pt-BR\",\"@id\":\"https:\/\/rioonwatch.org.br\/?p=78612#primaryimage\",\"url\":\"https:\/\/rioonwatch.org.br\/wp-content\/uploads\/2025\/07\/Pascoalina-Oliveira-da-Silva-conhecida-como-Pascoal-foi-uma-importante-moradora-do-Borel-conhecida-por-suas-rezas-e-partos-realizados-na-favela.-Foto-Igor-Soares1-scaled.jpg\",\"contentUrl\":\"https:\/\/rioonwatch.org.br\/wp-content\/uploads\/2025\/07\/Pascoalina-Oliveira-da-Silva-conhecida-como-Pascoal-foi-uma-importante-moradora-do-Borel-conhecida-por-suas-rezas-e-partos-realizados-na-favela.-Foto-Igor-Soares1-scaled.jpg\",\"width\":1438,\"height\":2560,\"caption\":\"Pascoalina Oliveira da Silva, conhecida como Pascoal, foi uma importante moradora do Borel, conhecida por suas rezas e partos realizados na favela. Foto: Igor Soares\"},{\"@type\":\"BreadcrumbList\",\"@id\":\"https:\/\/rioonwatch.org.br\/?p=78612#breadcrumb\",\"itemListElement\":[{\"@type\":\"ListItem\",\"position\":1,\"name\":\"In\u00edcio\",\"item\":\"https:\/\/rioonwatch.org.br\/\"},{\"@type\":\"ListItem\",\"position\":2,\"name\":\"Dona Pascoalina: Conhe\u00e7a a Hist\u00f3ria da Parteira e Rezadeira do Morro do Borel\"}]},{\"@type\":\"WebSite\",\"@id\":\"https:\/\/rioonwatch.org.br\/#website\",\"url\":\"https:\/\/rioonwatch.org.br\/\",\"name\":\"RioOnWatch\",\"description\":\"relatos das favelas cariocas\",\"publisher\":{\"@id\":\"https:\/\/rioonwatch.org.br\/#organization\"},\"potentialAction\":[{\"@type\":\"SearchAction\",\"target\":{\"@type\":\"EntryPoint\",\"urlTemplate\":\"https:\/\/rioonwatch.org.br\/?s={search_term_string}\"},\"query-input\":{\"@type\":\"PropertyValueSpecification\",\"valueRequired\":true,\"valueName\":\"search_term_string\"}}],\"inLanguage\":\"pt-BR\"},{\"@type\":\"Organization\",\"@id\":\"https:\/\/rioonwatch.org.br\/#organization\",\"name\":\"RioOnWatch\",\"url\":\"https:\/\/rioonwatch.org.br\/\",\"logo\":{\"@type\":\"ImageObject\",\"inLanguage\":\"pt-BR\",\"@id\":\"https:\/\/rioonwatch.org.br\/#\/schema\/logo\/image\/\",\"url\":\"https:\/\/rioonwatch.org.br\/wp-content\/uploads\/2021\/06\/RioOnWatchcabecalhoPT11anos-2.png\",\"contentUrl\":\"https:\/\/rioonwatch.org.br\/wp-content\/uploads\/2021\/06\/RioOnWatchcabecalhoPT11anos-2.png\",\"width\":779,\"height\":277,\"caption\":\"RioOnWatch\"},\"image\":{\"@id\":\"https:\/\/rioonwatch.org.br\/#\/schema\/logo\/image\/\"}},{\"@type\":\"Person\",\"@id\":\"https:\/\/rioonwatch.org.br\/#\/schema\/person\/476bc75767957d3535b65b796667cd36\",\"name\":\"Julio Santos Filho\",\"image\":{\"@type\":\"ImageObject\",\"inLanguage\":\"pt-BR\",\"@id\":\"https:\/\/rioonwatch.org.br\/#\/schema\/person\/image\/\",\"url\":\"https:\/\/secure.gravatar.com\/avatar\/ca138f7666182a292a8ce4ca14fb81f8?s=96&d=blank&r=g\",\"contentUrl\":\"https:\/\/secure.gravatar.com\/avatar\/ca138f7666182a292a8ce4ca14fb81f8?s=96&d=blank&r=g\",\"caption\":\"Julio Santos Filho\"},\"url\":\"https:\/\/rioonwatch.org.br\/?author=167\"}]}<\/script>\n<!-- \/ Yoast SEO plugin. -->","yoast_head_json":{"title":"Dona Pascoalina: Conhe\u00e7a a Hist\u00f3ria da Parteira e Rezadeira do Morro do Borel - RioOnWatch","robots":{"index":"index","follow":"follow","max-snippet":"max-snippet:-1","max-image-preview":"max-image-preview:large","max-video-preview":"max-video-preview:-1"},"canonical":"https:\/\/rioonwatch.org.br\/?p=78612","og_locale":"pt_BR","og_type":"article","og_title":"Dona Pascoalina: Conhe\u00e7a a Hist\u00f3ria da Parteira e Rezadeira do Morro do Borel - RioOnWatch","og_description":"Click Here for English Esta mat\u00e9ria marca o M\u00eas da Consci\u00eancia Negra de 2025 e faz parte da s\u00e9rie de Mem\u00f3rias de Pot\u00eancias Faveladas do RioOnWatch, que visa documentar e celebrar a hist\u00f3ria das favelas [...]","og_url":"https:\/\/rioonwatch.org.br\/?p=78612","og_site_name":"RioOnWatch","article_published_time":"2025-11-17T11:12:16+00:00","article_modified_time":"2025-12-15T22:22:50+00:00","og_image":[{"width":1438,"height":2560,"url":"https:\/\/rioonwatch.org.br\/wp-content\/uploads\/2025\/07\/Pascoalina-Oliveira-da-Silva-conhecida-como-Pascoal-foi-uma-importante-moradora-do-Borel-conhecida-por-suas-rezas-e-partos-realizados-na-favela.-Foto-Igor-Soares1-scaled.jpg","type":"image\/jpeg"}],"author":"Julio Santos Filho","twitter_card":"summary_large_image","twitter_misc":{"Escrito por":"Julio Santos Filho","Est. tempo de leitura":"9 minutos"},"schema":{"@context":"https:\/\/schema.org","@graph":[{"@type":"Article","@id":"https:\/\/rioonwatch.org.br\/?p=78612#article","isPartOf":{"@id":"https:\/\/rioonwatch.org.br\/?p=78612"},"author":{"name":"Julio Santos Filho","@id":"https:\/\/rioonwatch.org.br\/#\/schema\/person\/476bc75767957d3535b65b796667cd36"},"headline":"Dona Pascoalina: Conhe\u00e7a a Hist\u00f3ria da Parteira e Rezadeira do Morro do Borel","datePublished":"2025-11-17T11:12:16+00:00","dateModified":"2025-12-15T22:22:50+00:00","mainEntityOfPage":{"@id":"https:\/\/rioonwatch.org.br\/?p=78612"},"wordCount":1890,"publisher":{"@id":"https:\/\/rioonwatch.org.br\/#organization"},"image":{"@id":"https:\/\/rioonwatch.org.br\/?p=78612#primaryimage"},"thumbnailUrl":"https:\/\/rioonwatch.org.br\/wp-content\/uploads\/2025\/07\/Pascoalina-Oliveira-da-Silva-conhecida-como-Pascoal-foi-uma-importante-moradora-do-Borel-conhecida-por-suas-rezas-e-partos-realizados-na-favela.-Foto-Igor-Soares1-scaled.jpg","keywords":["Ancestralidade","Borel","Candombl\u00e9","Centro","Copacabana","cultura da favela","empoderamento","Grande Tijuca","Igreja Cat\u00f3lica","lideran\u00e7a","Mem\u00f3rias Faveladas","M\u00eas da Consci\u00eancia Negra","Minas Gerais","Penha","religi\u00e3o","Salgueiro","samba","sa\u00fade","S\u00e9rie: Mem\u00f3rias de Pot\u00eancias Faveladas","terceira idade","Zona Norte"],"articleSection":["Entrevistas e Perfis","Escrito por Comunicadores Populares"],"inLanguage":"pt-BR"},{"@type":"WebPage","@id":"https:\/\/rioonwatch.org.br\/?p=78612","url":"https:\/\/rioonwatch.org.br\/?p=78612","name":"Dona Pascoalina: Conhe\u00e7a a Hist\u00f3ria da Parteira e Rezadeira do Morro do Borel - RioOnWatch","isPartOf":{"@id":"https:\/\/rioonwatch.org.br\/#website"},"primaryImageOfPage":{"@id":"https:\/\/rioonwatch.org.br\/?p=78612#primaryimage"},"image":{"@id":"https:\/\/rioonwatch.org.br\/?p=78612#primaryimage"},"thumbnailUrl":"https:\/\/rioonwatch.org.br\/wp-content\/uploads\/2025\/07\/Pascoalina-Oliveira-da-Silva-conhecida-como-Pascoal-foi-uma-importante-moradora-do-Borel-conhecida-por-suas-rezas-e-partos-realizados-na-favela.-Foto-Igor-Soares1-scaled.jpg","datePublished":"2025-11-17T11:12:16+00:00","dateModified":"2025-12-15T22:22:50+00:00","breadcrumb":{"@id":"https:\/\/rioonwatch.org.br\/?p=78612#breadcrumb"},"inLanguage":"pt-BR","potentialAction":[{"@type":"ReadAction","target":["https:\/\/rioonwatch.org.br\/?p=78612"]}]},{"@type":"ImageObject","inLanguage":"pt-BR","@id":"https:\/\/rioonwatch.org.br\/?p=78612#primaryimage","url":"https:\/\/rioonwatch.org.br\/wp-content\/uploads\/2025\/07\/Pascoalina-Oliveira-da-Silva-conhecida-como-Pascoal-foi-uma-importante-moradora-do-Borel-conhecida-por-suas-rezas-e-partos-realizados-na-favela.-Foto-Igor-Soares1-scaled.jpg","contentUrl":"https:\/\/rioonwatch.org.br\/wp-content\/uploads\/2025\/07\/Pascoalina-Oliveira-da-Silva-conhecida-como-Pascoal-foi-uma-importante-moradora-do-Borel-conhecida-por-suas-rezas-e-partos-realizados-na-favela.-Foto-Igor-Soares1-scaled.jpg","width":1438,"height":2560,"caption":"Pascoalina Oliveira da Silva, conhecida como Pascoal, foi uma importante moradora do Borel, conhecida por suas rezas e partos realizados na favela. Foto: Igor Soares"},{"@type":"BreadcrumbList","@id":"https:\/\/rioonwatch.org.br\/?p=78612#breadcrumb","itemListElement":[{"@type":"ListItem","position":1,"name":"In\u00edcio","item":"https:\/\/rioonwatch.org.br\/"},{"@type":"ListItem","position":2,"name":"Dona Pascoalina: Conhe\u00e7a a Hist\u00f3ria da Parteira e Rezadeira do Morro do Borel"}]},{"@type":"WebSite","@id":"https:\/\/rioonwatch.org.br\/#website","url":"https:\/\/rioonwatch.org.br\/","name":"RioOnWatch","description":"relatos das favelas cariocas","publisher":{"@id":"https:\/\/rioonwatch.org.br\/#organization"},"potentialAction":[{"@type":"SearchAction","target":{"@type":"EntryPoint","urlTemplate":"https:\/\/rioonwatch.org.br\/?s={search_term_string}"},"query-input":{"@type":"PropertyValueSpecification","valueRequired":true,"valueName":"search_term_string"}}],"inLanguage":"pt-BR"},{"@type":"Organization","@id":"https:\/\/rioonwatch.org.br\/#organization","name":"RioOnWatch","url":"https:\/\/rioonwatch.org.br\/","logo":{"@type":"ImageObject","inLanguage":"pt-BR","@id":"https:\/\/rioonwatch.org.br\/#\/schema\/logo\/image\/","url":"https:\/\/rioonwatch.org.br\/wp-content\/uploads\/2021\/06\/RioOnWatchcabecalhoPT11anos-2.png","contentUrl":"https:\/\/rioonwatch.org.br\/wp-content\/uploads\/2021\/06\/RioOnWatchcabecalhoPT11anos-2.png","width":779,"height":277,"caption":"RioOnWatch"},"image":{"@id":"https:\/\/rioonwatch.org.br\/#\/schema\/logo\/image\/"}},{"@type":"Person","@id":"https:\/\/rioonwatch.org.br\/#\/schema\/person\/476bc75767957d3535b65b796667cd36","name":"Julio Santos Filho","image":{"@type":"ImageObject","inLanguage":"pt-BR","@id":"https:\/\/rioonwatch.org.br\/#\/schema\/person\/image\/","url":"https:\/\/secure.gravatar.com\/avatar\/ca138f7666182a292a8ce4ca14fb81f8?s=96&d=blank&r=g","contentUrl":"https:\/\/secure.gravatar.com\/avatar\/ca138f7666182a292a8ce4ca14fb81f8?s=96&d=blank&r=g","caption":"Julio Santos Filho"},"url":"https:\/\/rioonwatch.org.br\/?author=167"}]}},"_links":{"self":[{"href":"https:\/\/rioonwatch.org.br\/index.php?rest_route=\/wp\/v2\/posts\/78612"}],"collection":[{"href":"https:\/\/rioonwatch.org.br\/index.php?rest_route=\/wp\/v2\/posts"}],"about":[{"href":"https:\/\/rioonwatch.org.br\/index.php?rest_route=\/wp\/v2\/types\/post"}],"author":[{"embeddable":true,"href":"https:\/\/rioonwatch.org.br\/index.php?rest_route=\/wp\/v2\/users\/167"}],"replies":[{"embeddable":true,"href":"https:\/\/rioonwatch.org.br\/index.php?rest_route=%2Fwp%2Fv2%2Fcomments&post=78612"}],"version-history":[{"count":37,"href":"https:\/\/rioonwatch.org.br\/index.php?rest_route=\/wp\/v2\/posts\/78612\/revisions"}],"predecessor-version":[{"id":80727,"href":"https:\/\/rioonwatch.org.br\/index.php?rest_route=\/wp\/v2\/posts\/78612\/revisions\/80727"}],"wp:featuredmedia":[{"embeddable":true,"href":"https:\/\/rioonwatch.org.br\/index.php?rest_route=\/wp\/v2\/media\/78679"}],"wp:attachment":[{"href":"https:\/\/rioonwatch.org.br\/index.php?rest_route=%2Fwp%2Fv2%2Fmedia&parent=78612"}],"wp:term":[{"taxonomy":"category","embeddable":true,"href":"https:\/\/rioonwatch.org.br\/index.php?rest_route=%2Fwp%2Fv2%2Fcategories&post=78612"},{"taxonomy":"post_tag","embeddable":true,"href":"https:\/\/rioonwatch.org.br\/index.php?rest_route=%2Fwp%2Fv2%2Ftags&post=78612"},{"taxonomy":"writer","embeddable":true,"href":"https:\/\/rioonwatch.org.br\/index.php?rest_route=%2Fwp%2Fv2%2Fwriter&post=78612"},{"taxonomy":"translator","embeddable":true,"href":"https:\/\/rioonwatch.org.br\/index.php?rest_route=%2Fwp%2Fv2%2Ftranslator&post=78612"},{"taxonomy":"source","embeddable":true,"href":"https:\/\/rioonwatch.org.br\/index.php?rest_route=%2Fwp%2Fv2%2Fsource&post=78612"},{"taxonomy":"ilustrador","embeddable":true,"href":"https:\/\/rioonwatch.org.br\/index.php?rest_route=%2Fwp%2Fv2%2Filustrador&post=78612"},{"taxonomy":"fotografo","embeddable":true,"href":"https:\/\/rioonwatch.org.br\/index.php?rest_route=%2Fwp%2Fv2%2Ffotografo&post=78612"}],"curies":[{"name":"wp","href":"https:\/\/api.w.org\/{rel}","templated":true}]}}