{"id":78636,"date":"2025-07-10T22:27:39","date_gmt":"2025-07-11T01:27:39","guid":{"rendered":"https:\/\/rioonwatch.org.br\/?p=78636"},"modified":"2025-07-25T00:09:02","modified_gmt":"2025-07-25T03:09:02","slug":"no-museu-da-mare-decima-edicao-de-julho-negro-une-favela-e-causa-palestina-pelo-fim-do-terrorismo-de-estado","status":"publish","type":"post","link":"https:\/\/rioonwatch.org.br\/?p=78636","title":{"rendered":"D\u00e9cima Edi\u00e7\u00e3o de \u2018Julho Negro\u2019 Une Favela e Causa Palestina Pelo Fim do Terrorismo de Estado"},"content":{"rendered":"<figure id=\"attachment_78645\" aria-describedby=\"caption-attachment-78645\" style=\"width: 1600px\" class=\"wp-caption aligncenter\"><a href=\"https:\/\/rioonwatch.org.br\/wp-content\/uploads\/2025\/07\/Militantes-da-causa-palestina-se-uniram-a-ativistas-de-favelas-brasileiras-para-discutir-a-resistencia-e-o-combate-a-violencia-de-Estado-no-Sul-Global.-Foto-Amanda-Baroni.jpeg\"><img fetchpriority=\"high\" decoding=\"async\" class=\"wp-image-78645 size-full\" title=\"Militantes da causa palestina se uniram a ativistas de favelas brasileiras para discutir a resist\u00eancia e o combate \u00e0 viol\u00eancia de Estado no Sul Global. Foto: Amanda Baroni\" src=\"https:\/\/rioonwatch.org.br\/wp-content\/uploads\/2025\/07\/Militantes-da-causa-palestina-se-uniram-a-ativistas-de-favelas-brasileiras-para-discutir-a-resistencia-e-o-combate-a-violencia-de-Estado-no-Sul-Global.-Foto-Amanda-Baroni.jpeg\" alt=\"Militantes da causa palestina se uniram a ativistas de favelas brasileiras para discutir a resist\u00eancia e o combate \u00e0 viol\u00eancia de Estado no Sul Global. Foto: Amanda Baroni\" width=\"1600\" height=\"832\" srcset=\"https:\/\/rioonwatch.org.br\/wp-content\/uploads\/2025\/07\/Militantes-da-causa-palestina-se-uniram-a-ativistas-de-favelas-brasileiras-para-discutir-a-resistencia-e-o-combate-a-violencia-de-Estado-no-Sul-Global.-Foto-Amanda-Baroni.jpeg 1600w, https:\/\/rioonwatch.org.br\/wp-content\/uploads\/2025\/07\/Militantes-da-causa-palestina-se-uniram-a-ativistas-de-favelas-brasileiras-para-discutir-a-resistencia-e-o-combate-a-violencia-de-Estado-no-Sul-Global.-Foto-Amanda-Baroni-620x322.jpeg 620w, https:\/\/rioonwatch.org.br\/wp-content\/uploads\/2025\/07\/Militantes-da-causa-palestina-se-uniram-a-ativistas-de-favelas-brasileiras-para-discutir-a-resistencia-e-o-combate-a-violencia-de-Estado-no-Sul-Global.-Foto-Amanda-Baroni-768x399.jpeg 768w, https:\/\/rioonwatch.org.br\/wp-content\/uploads\/2025\/07\/Militantes-da-causa-palestina-se-uniram-a-ativistas-de-favelas-brasileiras-para-discutir-a-resistencia-e-o-combate-a-violencia-de-Estado-no-Sul-Global.-Foto-Amanda-Baroni-1536x799.jpeg 1536w\" sizes=\"(max-width: 1600px) 100vw, 1600px\" \/><\/a><figcaption id=\"caption-attachment-78645\" class=\"wp-caption-text\">Defensores da causa palestina se uniram a professores, pensadores e ativistas de favelas e periferias brasileiras para discutir a resist\u00eancia e o combate \u00e0 viol\u00eancia de Estado. Foto: Amanda Baroni<\/figcaption><\/figure>\n<h4 style=\"text-align: right;\"><a href=\"https:\/\/bit.ly\/4m2ObGI\" target=\"_blank\" rel=\"noopener\"><em><strong>Click Here for English<img decoding=\"async\" class=\"alignright wp-image-15790\" src=\"https:\/\/rioonwatch.org.br\/wp-content\/uploads\/2012\/08\/EN-standard-e1439583104716.jpg\" alt=\"\" width=\"20\" height=\"20\" \/><\/strong><\/em><\/a><\/h4>\n<p><span style=\"font-weight: 400;\"><em>No s\u00e1bado, 5 de julho, no <a href=\"https:\/\/bit.ly\/43u2Zb6\" target=\"_blank\" rel=\"noopener\">Museu da Mar\u00e9<\/a>, no <a href=\"https:\/\/bit.ly\/2K1s59x\" target=\"_blank\" rel=\"noopener\">Complexo da Mar\u00e9<\/a>, <a href=\"https:\/\/bit.ly\/2ETpYR1\" target=\"_blank\" rel=\"noopener\">Zona Norte<\/a> do Rio, aconteceu a d\u00e9cima edi\u00e7\u00e3o do <a href=\"https:\/\/bit.ly\/JulhoNegronoROW\" target=\"_blank\" rel=\"noopener\">Julho Negro<\/a>, com rodas de conversa protagonizadas por mulheres negras, de favelas e de periferias.<\/em><\/span><\/p>\n<p>O Julho Negro \u00e9 uma mobiliza\u00e7\u00e3o que, <a href=\"https:\/\/bit.ly\/2aLe8t0\" target=\"_blank\" rel=\"noopener\">desde 2016<\/a>, une for\u00e7as de diversos pa\u00edses do mundo, como Brasil, <a href=\"https:\/\/bit.ly\/2OUpQW0\" target=\"_blank\" rel=\"noopener\">Palestina<\/a>,\u00a0<a href=\"https:\/\/bit.ly\/3eVLofp\" target=\"_blank\" rel=\"noopener\">Haiti<\/a>,\u00a0<a href=\"https:\/\/bit.ly\/2R6jh75\" target=\"_blank\" rel=\"noopener\">M\u00e9xico<\/a>,\u00a0<a href=\"https:\/\/bit.ly\/3hqVeb0\" target=\"_blank\" rel=\"noopener\">Chile<\/a>,\u00a0<a href=\"https:\/\/bit.ly\/2YuduWX\" target=\"_blank\" rel=\"noopener\">Honduras, Col\u00f4mbia<\/a>,\u00a0<a href=\"https:\/\/bit.ly\/2CRD0ka\" target=\"_blank\" rel=\"noopener\">Argentina, \u00cdndia<\/a>,\u00a0<a href=\"https:\/\/bit.ly\/3z5bhUk\" target=\"_blank\" rel=\"noopener\">\u00c1frica do Sul<\/a>,\u00a0<a href=\"https:\/\/bit.ly\/3grhhxj\" target=\"_blank\" rel=\"noopener\">Qu\u00eania<\/a>\u00a0e <a href=\"https:\/\/bit.ly\/2YPJc38\" target=\"_blank\" rel=\"noopener\">movimentos como o\u00a0<em>Black Lives Matter<\/em><\/a>\u00a0(em portugu\u00eas, \u201cVidas Negras Importam\u201d), dos\u00a0<a href=\"https:\/\/bit.ly\/2y11XaE\" target=\"_blank\" rel=\"noopener\">Estados Unidos<\/a>. Parceiros internacionais que lutam em seus territ\u00f3rios contra\u00a0<a href=\"https:\/\/bit.ly\/JulhoNegro2021\" target=\"_blank\" rel=\"noopener\">o racismo, a militariza\u00e7\u00e3o e o apartheid<\/a>.<\/p>\n<p><span style=\"font-weight: 400;\">Em sua d\u00e9cima edi\u00e7\u00e3o, o Julho Negro 2025 reuniu cerca de 50 pessoas, em um<\/span><span style=\"font-weight: 400;\"> evento organizado e protagonizado pelos movimentos de <a href=\"https:\/\/bit.ly\/42poWGu\" target=\"_blank\" rel=\"noopener\">m\u00e3es e familiares de v\u00edtimas de viol\u00eancia do Estado<\/a> e por movimentos de favela do <a href=\"https:\/\/bit.ly\/304NeGi\" target=\"_blank\" rel=\"noopener\">Grande Rio<\/a>. O dia contou com <\/span><span style=\"font-weight: 400;\">palestrantes, como: <a href=\"https:\/\/bit.ly\/4lqM3Zl\" target=\"_blank\" rel=\"noopener\">Gizele Martins<\/a>, jornalista do Complexo da Mar\u00e9; <a href=\"https:\/\/bit.ly\/4f7lGFP\" target=\"_blank\" rel=\"noopener\">Giselle Florentino<\/a>, da <a href=\"https:\/\/bit.ly\/4ksBpjL\" target=\"_blank\" rel=\"noopener\">Iniciativa Direito \u00e0 Mem\u00f3ria e Justi\u00e7a Racial<\/a>;\u00a0Priscilla Ferreira, do <\/span><a href=\"https:\/\/bit.ly\/40MHr7A\" target=\"_blank\" rel=\"noopener\"><span style=\"font-weight: 400;\">Sauti Yetu<\/span><\/a><span style=\"font-weight: 400;\">;<\/span><span style=\"font-weight: 400;\"> Silvio Wittlin, do <a href=\"https:\/\/bit.ly\/4nMjszr\" target=\"_blank\" rel=\"noopener\">Coletivo \u00c1rabes e Judeus pela Paz<\/a>; Marcos Feres, da Federa\u00e7\u00e3o \u00c1rabe Palestina do Brasil (<\/span><a href=\"https:\/\/bit.ly\/4lW5LfF\" target=\"_blank\" rel=\"noopener\"><span style=\"font-weight: 400;\">Fepal<\/span><\/a>)<span style=\"font-weight: 400;\">; Badra El Cheikh, da <\/span><a href=\"https:\/\/bit.ly\/459M8bk\" target=\"_blank\" rel=\"noopener\"><span style=\"font-weight: 400;\">Juventude Sana\u00fad<\/span><\/a><span style=\"font-weight: 400;\">; alguns familiares de v\u00edtimas de viol\u00eancia do Estado de <a href=\"https:\/\/bit.ly\/2RR28KT\" target=\"_blank\" rel=\"noopener\">S\u00e3o Paulo<\/a>, como Sandra de Jesus, m\u00e3e de Luiz Fernando, e Maria Cristina Quirino e Danylo Amilcar, m\u00e3e e irm\u00e3o, respectivamente, de Denys Henrique; <a href=\"https:\/\/bit.ly\/44so46b\" target=\"_blank\" rel=\"noopener\">Soraya Misleh<\/a>, da <a href=\"https:\/\/bit.ly\/4eHzExL\" target=\"_blank\" rel=\"noopener\">Frente em Defesa do Povo Palestino em SP<\/a>; Nicole Burrowes, da organiza\u00e7\u00e3o estadunidense <a href=\"http:\/\/bit.ly\/4lQeEY4\" target=\"_blank\" rel=\"noopener\">Sister to Sister<\/a>.<br \/>\n<\/span><\/p>\n<p><span style=\"font-weight: 400;\">Tamb\u00e9m estiveram presentes professores, ativistas e representantes de organiza\u00e7\u00f5es, coletivos e institui\u00e7\u00f5es, como <\/span><a href=\"https:\/\/bit.ly\/3TwYAOH\" target=\"_blank\" rel=\"noopener\"><span style=\"font-weight: 400;\">Rede de Comunidades e Familiares contra a Viol\u00eancia<\/span><\/a><span style=\"font-weight: 400;\">;<\/span><span style=\"font-weight: 400;\">\u00a0<\/span><a href=\"https:\/\/bit.ly\/452FNz7\" target=\"_blank\" rel=\"noopener\"><span style=\"font-weight: 400;\">Mar\u00e9 0800<\/span><\/a><span style=\"font-weight: 400;\">; Grupo Tortura Nunca Mais<\/span><span style=\"font-weight: 400;\"> (<\/span><a href=\"https:\/\/bit.ly\/4koNu9n\" target=\"_blank\" rel=\"noopener\"><span style=\"font-weight: 400;\">GTNM-RJ<\/span><\/a>)<span style=\"font-weight: 400;\">; <\/span><a href=\"https:\/\/bit.ly\/3Gs4pKv\" target=\"_blank\" rel=\"noopener\"><span style=\"font-weight: 400;\">Jubileu Sul<\/span><\/a><span style=\"font-weight: 400;\">; Instituto Pol\u00edticas Alternativas para o Cone Sul (<a href=\"https:\/\/bit.ly\/3IsZn0T\" target=\"_blank\" rel=\"noopener\">PACS<\/a>); <\/span><a href=\"https:\/\/bit.ly\/4nMq2WF\" target=\"_blank\" rel=\"noopener\"><span style=\"font-weight: 400;\">M\u00eddia 1508<\/span><\/a><span style=\"font-weight: 400;\">; <a href=\"https:\/\/bit.ly\/44uvINt\" target=\"_blank\" rel=\"noopener\">Artvsm<\/a>; <\/span><a href=\"https:\/\/bit.ly\/3Kn2ju9\" target=\"_blank\" rel=\"noopener\"><span style=\"font-weight: 400;\">BDS Brasil<\/span><\/a><span style=\"font-weight: 400;\">;<\/span><span style=\"font-weight: 400;\">\u00a0Cap\u00edtulo Brasil do Comit\u00ea Internacional Paz; Justi\u00e7a e Dignidade aos Povos; o <\/span><a href=\"https:\/\/bit.ly\/44uir7C\" target=\"_blank\" rel=\"noopener\"><span style=\"font-weight: 400;\">Comit\u00ea Carioca de Solidariedade a Cuba e \u00e0s Causas Justas<\/span><\/a><span style=\"font-weight: 400;\">;<\/span><span style=\"font-weight: 400;\">\u00a0<\/span><span style=\"font-weight: 400;\">Movimento dos Pequenos Agricultores (<a href=\"https:\/\/bit.ly\/3GkaOaC\" target=\"_blank\" rel=\"noopener\">MPA<\/a>)<\/span><span style=\"font-weight: 400;\">;<\/span><span style=\"font-weight: 400;\"> <a href=\"https:\/\/bit.ly\/3IkspzQ\" target=\"_blank\" rel=\"noopener\">Ra\u00edzes do Brasil<\/a>; <\/span><a href=\"https:\/\/bit.ly\/3MDmHHW\" target=\"_blank\" rel=\"noopener\"><span style=\"font-weight: 400;\">Monica Cunha<\/span><\/a><span style=\"font-weight: 400;\">, ex-vereadora da cidade do Rio de Janeiro, fundadora do <\/span><a href=\"https:\/\/bit.ly\/4kt8tbe\" target=\"_blank\" rel=\"noopener\"><span style=\"font-weight: 400;\">Movimento Moleque<\/span><\/a><span style=\"font-weight: 400;\">;<\/span><span style=\"font-weight: 400;\">\u00a0<\/span><a href=\"https:\/\/bit.ly\/3Q1AgC7\" target=\"_blank\" rel=\"noopener\"><span style=\"font-weight: 400;\">Rede Nacional de M\u00e3es e Familiares V\u00edtimas de Terrorismo do Estado<\/span><\/a><span style=\"font-weight: 400;\">;<\/span><span style=\"font-weight: 400;\">\u00a0<\/span><span style=\"font-weight: 400;\">Funda\u00e7\u00e3o de Apoio \u00e0 Escola T\u00e9cnica (<\/span><span style=\"font-weight: 400;\"><a href=\"https:\/\/bit.ly\/44xaWNi\" target=\"_blank\" rel=\"noopener\">FAETEC<\/a>); Iniciativa Anarquista Abolicionista; <\/span><a href=\"https:\/\/bit.ly\/3TdcT9N\" target=\"_blank\" rel=\"noopener\"><span style=\"font-weight: 400;\">Coletiva Mulheres de Pedra<\/span><\/a><span style=\"font-weight: 400;\">, de <a href=\"https:\/\/bit.ly\/30ANrlw\" target=\"_blank\" rel=\"noopener\">Pedra de Guaratiba<\/a>; <\/span><a href=\"https:\/\/bit.ly\/4bKIUhw\" target=\"_blank\" rel=\"noopener\"><span style=\"font-weight: 400;\">CEM &#8211; Centro de Integra\u00e7\u00e3o na Serra da Miseric\u00f3rdia<\/span><\/a><span style=\"font-weight: 400;\">; <a href=\"https:\/\/bit.ly\/44xblPO\" target=\"_blank\" rel=\"noopener\">Marcha da Maconha Rio de Janeiro<\/a>; Universidade Federal Fluminense (<a href=\"https:\/\/bit.ly\/3h2kC6O\" target=\"_blank\" rel=\"noopener\">UFF<\/a>); Universidade Federal Rural do Rio de Janeiro (<a href=\"https:\/\/bit.ly\/36D8IMt\" target=\"_blank\" rel=\"noopener\">UFRRJ<\/a>); e Coaliz\u00e3o de Solidariedade de Newark (<\/span><a href=\"https:\/\/bit.ly\/46aFN3q\" target=\"_blank\" rel=\"noopener\"><span style=\"font-weight: 400;\">Newark Solidarity Coalition<\/span><\/a>), de Nova J\u00e9rsei, nos Estados Unidos<span style=\"font-weight: 400;\">.<\/span><\/p>\n<p><span style=\"font-weight: 400;\">Ao longo do evento, palestrantes e participantes refletiram sobre as consequ\u00eancias da internacionaliza\u00e7\u00e3o da viol\u00eancia, pensando em estrat\u00e9gias conjuntas de enfrentamento dessa militariza\u00e7\u00e3o. Para tal, foram organizadas tr\u00eas mesas de debate: \u201c10 Anos de Interven\u00e7\u00e3o Federal na Mar\u00e9\u201d, \u201cResist\u00eancias Abolicionistas\u201d e \u201cResist\u00eancia Contra o Genoc\u00eddio Palestino\u201d.<\/span><\/p>\n<h3><strong>&#8216;Descobrimos que N\u00e3o \u00c9 um Problema [S\u00f3] do Brasil!&#8217;<\/strong><\/h3>\n<p>Na mesa \u201c10 Anos de Interven\u00e7\u00e3o Federal na Mar\u00e9&#8221;, Maria Cristina Quirino, m\u00e3e de um dos jovens assassinados no <a href=\"https:\/\/bit.ly\/3Iew9CX\" target=\"_blank\" rel=\"noopener\">massacre de Parais\u00f3polis<\/a>, ocorrido em 2019 em S\u00e3o Paulo, destacou que as fam\u00edlias\u2014<a href=\"https:\/\/bit.ly\/4bwtpdC\" target=\"_blank\" rel=\"noopener\">mais precisamente, as m\u00e3es<\/a>\u2014s\u00e3o as primeiras a <a href=\"https:\/\/bit.ly\/44JZT25\" target=\"_blank\" rel=\"noopener\">sentir os impactos<\/a> deste tipo de viol\u00eancia. Ela apontou como a viol\u00eancia \u00e9 reproduzida de forma semelhante em diferentes regi\u00f5es do pa\u00eds e como isso a tornou a mobilizadora do <a href=\"https:\/\/bit.ly\/44lAzQW\" target=\"_blank\" rel=\"noopener\">Projeto Os 9 Que Perdemos<\/a>.<\/p>\n<blockquote><p><span style=\"font-weight: 400;\">\u201cA primeira coisa que [os \u00f3rg\u00e3os respons\u00e1veis] falaram foi [que pessoas morreram pisoteadas]. O corpo do meu filho n\u00e3o tinha um osso quebrado. Eu e outros familiares ficamos no aguardo do parecer da Corregedoria da Pol\u00edcia Militar [de S\u00e3o Paulo] e a\u00ed veio a surpresa: em nota, eles falaram que os jovens acima de 18 eram respons\u00e1veis pelas pr\u00f3prias mortes e, no caso dos menores de idade, um deles era meu filho, os pais \u00e9 que eram os respons\u00e1veis. A corregedoria tinha que fazer alguma coisa, dar o exemplo, prender [os respons\u00e1veis]. N\u00e3o falar que eu matei meu filho. Minha maior preocupa\u00e7\u00e3o foi mostrar a verdade. <\/span><\/p>\n<p><span style=\"font-weight: 400;\">Uma parceria com a Defensoria P\u00fablica do Estado de S\u00e3o Paulo me deu a esperan\u00e7a [de saber o que de fato aconteceu]. Nossos filhos n\u00e3o foram mortos com armas de fogo, mas com aquelas que eles julgam n\u00e3o letais: com agress\u00e3o, bala de borracha, spray de pimenta, cassetete. Foram encurralados e asfixiados [com o spray de pimenta] e morreram em p\u00e9 numa viela. A gente conseguiu provar, l\u00e1 em S\u00e3o Paulo, que o 16\u00ba Batalh\u00e3o, que atuou na morte dos meninos, \u00e9 o mais letal, o que mais matou durante um per\u00edodo de dez anos. [Esse batalh\u00e3o] tamb\u00e9m atuou na <a href=\"https:\/\/bit.ly\/4j2KW1v\" target=\"_blank\" rel=\"noopener\">ditadura militar<\/a>, \u00e9 hist\u00f3rico [esse desrespeito aos Direitos Humanos pelo batalh\u00e3o local]. Pesquisamos sobre as armas que mataram os nossos filhos e elas v\u00eam de <a href=\"https:\/\/bit.ly\/4lXm0ZT\" target=\"_blank\" rel=\"noopener\">Israel<\/a>. A quest\u00e3o \u00e9: o <a href=\"https:\/\/bit.ly\/33dA2AA\" target=\"_blank\" rel=\"noopener\">baile funk<\/a> incomoda muita gente e as <a href=\"https:\/\/bit.ly\/2MN5255\" target=\"_blank\" rel=\"noopener\">pessoas acham que \u00e9 a pol\u00edcia que resolve<\/a> &#8216;o problema&#8217; do baile [existir]. A gente tem que pedir o fim disso. J\u00e1 basta. Me tornei a pesquisadora do caso do meu filho e, hoje, estamos mostrando muita coisa que a sociedade n\u00e3o sabe, mas que precisa tomar conhecimento.&#8221; \u2014 Maria Cristina Quirino<\/span><\/p><\/blockquote>\n<figure id=\"attachment_78647\" aria-describedby=\"caption-attachment-78647\" style=\"width: 1600px\" class=\"wp-caption aligncenter\"><a href=\"https:\/\/rioonwatch.org.br\/wp-content\/uploads\/2025\/07\/Atraves-do-projeto-Os-9-Que-Perdemos-maes-como-Maria-Cristina-Quirino-lutam-por-justica-e-pela-memoria-de-jovens-vitimas-de-violencia-policial-no-Brasil.-Foto-Amanda-Baroni.jpeg\"><img decoding=\"async\" class=\"wp-image-78647 size-full\" title=\"Atrav\u00e9s do projeto Os 9 Que Perdemos, m\u00e3es como Maria Cristina Quirino lutam por justi\u00e7a e pela mem\u00f3ria de jovens v\u00edtimas de viol\u00eancia policial no Brasil. Foto: Amanda Baroni\" src=\"https:\/\/rioonwatch.org.br\/wp-content\/uploads\/2025\/07\/Atraves-do-projeto-Os-9-Que-Perdemos-maes-como-Maria-Cristina-Quirino-lutam-por-justica-e-pela-memoria-de-jovens-vitimas-de-violencia-policial-no-Brasil.-Foto-Amanda-Baroni.jpeg\" alt=\"Atrav\u00e9s do projeto Os 9 Que Perdemos, m\u00e3es como Maria Cristina Quirino lutam por justi\u00e7a e pela mem\u00f3ria de jovens v\u00edtimas de viol\u00eancia policial no Brasil. Foto: Amanda Baroni.\" width=\"1600\" height=\"1200\" srcset=\"https:\/\/rioonwatch.org.br\/wp-content\/uploads\/2025\/07\/Atraves-do-projeto-Os-9-Que-Perdemos-maes-como-Maria-Cristina-Quirino-lutam-por-justica-e-pela-memoria-de-jovens-vitimas-de-violencia-policial-no-Brasil.-Foto-Amanda-Baroni.jpeg 1600w, https:\/\/rioonwatch.org.br\/wp-content\/uploads\/2025\/07\/Atraves-do-projeto-Os-9-Que-Perdemos-maes-como-Maria-Cristina-Quirino-lutam-por-justica-e-pela-memoria-de-jovens-vitimas-de-violencia-policial-no-Brasil.-Foto-Amanda-Baroni-620x465.jpeg 620w, https:\/\/rioonwatch.org.br\/wp-content\/uploads\/2025\/07\/Atraves-do-projeto-Os-9-Que-Perdemos-maes-como-Maria-Cristina-Quirino-lutam-por-justica-e-pela-memoria-de-jovens-vitimas-de-violencia-policial-no-Brasil.-Foto-Amanda-Baroni-768x576.jpeg 768w, https:\/\/rioonwatch.org.br\/wp-content\/uploads\/2025\/07\/Atraves-do-projeto-Os-9-Que-Perdemos-maes-como-Maria-Cristina-Quirino-lutam-por-justica-e-pela-memoria-de-jovens-vitimas-de-violencia-policial-no-Brasil.-Foto-Amanda-Baroni-1536x1152.jpeg 1536w, https:\/\/rioonwatch.org.br\/wp-content\/uploads\/2025\/07\/Atraves-do-projeto-Os-9-Que-Perdemos-maes-como-Maria-Cristina-Quirino-lutam-por-justica-e-pela-memoria-de-jovens-vitimas-de-violencia-policial-no-Brasil.-Foto-Amanda-Baroni-678x509.jpeg 678w, https:\/\/rioonwatch.org.br\/wp-content\/uploads\/2025\/07\/Atraves-do-projeto-Os-9-Que-Perdemos-maes-como-Maria-Cristina-Quirino-lutam-por-justica-e-pela-memoria-de-jovens-vitimas-de-violencia-policial-no-Brasil.-Foto-Amanda-Baroni-326x245.jpeg 326w, https:\/\/rioonwatch.org.br\/wp-content\/uploads\/2025\/07\/Atraves-do-projeto-Os-9-Que-Perdemos-maes-como-Maria-Cristina-Quirino-lutam-por-justica-e-pela-memoria-de-jovens-vitimas-de-violencia-policial-no-Brasil.-Foto-Amanda-Baroni-80x60.jpeg 80w\" sizes=\"(max-width: 1600px) 100vw, 1600px\" \/><\/a><figcaption id=\"caption-attachment-78647\" class=\"wp-caption-text\">Atrav\u00e9s do projeto Os 9 Que Perdemos, m\u00e3es como Maria Cristina Quirino lutam por justi\u00e7a e pela mem\u00f3ria de jovens v\u00edtimas de viol\u00eancia policial no Brasil. Foto: Amanda Baroni<\/figcaption><\/figure>\n<p>Esta luta tamb\u00e9m \u00e9 vivida por Sandra de Jesus, m\u00e3e de Luiz Fernando, <a href=\"https:\/\/bit.ly\/4lkGT10\" target=\"_blank\" rel=\"noopener\">assassinado \u00e0 queima-roupa em 2023<\/a>. Luiz foi executado pela ROTA (sigla para Rondas Ostensivas Tobias de Aguiar), tropa de elite da Pol\u00edcia Militar de S\u00e3o Paulo. Sua morte foi justificada como uma troca de tiros, vers\u00e3o que, segundo a fam\u00edlia, n\u00e3o corresponde aos fatos.<\/p>\n<blockquote><p>\u201cA realidade de S\u00e3o Paulo \u00e9 bem diferente da do Rio. Aqui, voc\u00eas t\u00eam interven\u00e7\u00f5es militares, n\u00f3s, treinamento militar. Meu filho levou uma rajada de sete tiros de calibre 762 pelas costas. Por que falei o calibre da arma? Porque a ROTA \u00e9 treinada por Israel. A pol\u00edcia de S\u00e3o Paulo compra armas israelenses e recebe treinamento deles. N\u00e3o foi a bala de Israel que matou meu filho, foi o treinamento de exterm\u00ednio&#8230; Os boletins [de ocorr\u00eancias desses casos] s\u00e3o todos \u2018copia e cola\u2019: &#8216;Troca de tiro&#8217;, &#8216;Persegui\u00e7\u00e3o&#8217;. Os policiais que mataram meu filho hoje est\u00e3o sendo julgados s\u00f3 porque eu tenho as imagens das c\u00e2meras corporais. Meu filho foi executado com requintes de crueldade. Fui pra aquele local e achei o corpo dele no ch\u00e3o, no sereno, com o bon\u00e9 dele em cima de uma manta t\u00e9rmica. A primeira coisa que fiz como m\u00e3e foi pedir desculpas, porque todas as informa\u00e7\u00f5es que eu tinha eram que foi uma troca de tiro e eu n\u00e3o criei filho pra fazer coisas erradas. Eu n\u00e3o tinha o contexto [do que realmente tinha acontecido]. S\u00f3 que quando chegou a per\u00edcia, um policial entregou uma arma que o perito n\u00e3o achou no corpo do meu filho. No Brasil, n\u00e3o h\u00e1 pena de morte. Na Constitui\u00e7\u00e3o, h\u00e1 o direito \u00e0 vida e esse direito ao meu filho foi negado. Ent\u00e3o, n\u00e3o importa o que ele estava fazendo. Todos n\u00f3s temos direito de errar e aprender. O Estado de S\u00e3o Paulo n\u00e3o permitiu que ele fosse conduzido a uma delegacia e que cumprisse uma pena. O Estado n\u00e3o permite uma mulher a ter um aborto, mas a gente tem que criar pra eles executarem. Isso n\u00e3o \u00e9 justo.\u201d \u2014 Sandra de Jesus<\/p><\/blockquote>\n<p>Ela tamb\u00e9m exp\u00f4s como essa viol\u00eancia muda por completo a vida das m\u00e3es.<\/p>\n<blockquote><p>\u201cQuando nosso filho morre, n\u00f3s viramos advogadas, detetives, temos que aprender pol\u00edtica, n\u00f3s perdemos fam\u00edlia, emprego, sa\u00fade, renda. N\u00e3o existe justi\u00e7a pra uma m\u00e3e que perdeu o filho pra uma <a href=\"https:\/\/bit.ly\/3GsgLlC\" target=\"_blank\" rel=\"noopener\">letalidade policial<\/a>. Porque, se daqui a 10 anos o Estado reconhecer a execu\u00e7\u00e3o, sem defesa e com nega\u00e7\u00e3o de socorro (t\u00e1 na c\u00e2mera deles, eles, inclusive, coagindo a m\u00e9dica), o meu Luiz Fernando n\u00e3o volta pra casa pra me chamar de m\u00e3e. N\u00e3o vai me dar um beijo e dizer: &#8216;eu te amo&#8217;. Hoje, meu sonho \u00e9 fazer uma faculdade de advocacia. Vou tentar lutar o m\u00e1ximo que eu puder porque quero atuar <a href=\"https:\/\/bit.ly\/2VN4Ft6\" target=\"_blank\" rel=\"noopener\">por n\u00f3s e para n\u00f3s<\/a>. Tem uma coisa que o Estado n\u00e3o conseguiu e n\u00e3o vai conseguir tirar de mim: ser a m\u00e3e do Luiz Fernando.\u201d \u2015 Sandra de Jesus<\/p><\/blockquote>\n<p>Para Gizele Martins, dialogar sobre a viol\u00eancia de Estado na Mar\u00e9 \u00e9 uma das in\u00fameras maneiras de unir for\u00e7as com lutas e povos ao redor do mundo, que enfrentam situa\u00e7\u00f5es muito semelhantes \u00e0s que ocorrem nas favelas cariocas.<\/p>\n<blockquote><p>\u201cOs palestinos circularam o mundo durante estes <a href=\"https:\/\/bit.ly\/44LB45P\" target=\"_blank\" rel=\"noopener\">70 anos de Nakba<\/a> [termo que se refere ao in\u00edcio do <a href=\"https:\/\/bit.ly\/3GyiyG1\" target=\"_blank\" rel=\"noopener\">holocausto palestino<\/a>], buscando movimentos sociais com realidades semelhantes a eles. Foi durante os <a href=\"https:\/\/bit.ly\/2x3bOsc\" target=\"_blank\" rel=\"noopener\">megaeventos no Rio<\/a>, <a href=\"https:\/\/bit.ly\/2Rb4tSC\" target=\"_blank\" rel=\"noopener\">Copa do Mundo<\/a>, <a href=\"https:\/\/bit.ly\/2x1r6O2\" target=\"_blank\" rel=\"noopener\">Olimp\u00edadas<\/a>, que a gente teve contato com o movimento palestino e que eles come\u00e7aram a nos mostrar que essa militariza\u00e7\u00e3o, projeto de controle de territ\u00f3rios e de povos \u00e9 internacional. Por exemplo, o fichamento que o ex\u00e9rcito fazia h\u00e1 dez anos [quando as favelas foram pacificadas] \u00e9 igual ao <a href=\"https:\/\/bit.ly\/3TCyhGU\" target=\"_blank\" rel=\"noopener\"><em>checkpoint<\/em><\/a> da <a href=\"https:\/\/bit.ly\/40j8JCu\" target=\"_blank\" rel=\"noopener\">Palestina<\/a>. O ex\u00e9rcito revistava quem entrava e sa\u00eda da comunidade, principalmente, a juventude [aqui na Mar\u00e9]. Os primeiros caveir\u00f5es que circularam no Brasil foram utilizados no Apartheid da \u00c1frica do Sul. Os novos caveir\u00f5es s\u00e3o israelenses. E a\u00ed, foi nessa conex\u00e3o com o movimento palestino que descobrimos que n\u00e3o \u00e9 o problema [s\u00f3] do Brasil&#8230; S\u00e3o formas eficientes para controlar a vida negra e da favela. A hist\u00f3ria da escravid\u00e3o nas favelas nunca acabou porque nunca houve repara\u00e7\u00e3o para esses territ\u00f3rios. A pol\u00edcia chega aqui pra controlar o nosso dia a dia, nossa sa\u00fade, educa\u00e7\u00e3o, cultura, comunica\u00e7\u00e3o comunit\u00e1ria. Por que que existe opera\u00e7\u00e3o policial aqui com a desculpa de <a href=\"https:\/\/bit.ly\/2AyvJ7w\" target=\"_blank\" rel=\"noopener\">guerra \u00e0s drogas<\/a>? Por que no asfalto n\u00e3o tem ningu\u00e9m invadindo condom\u00ednio se l\u00e1 tamb\u00e9m fumam maconha? Por que o Brasil n\u00e3o legaliza? Porque n\u00e3o quer! O Estado est\u00e1 ganhando muito dinheiro por tr\u00e1s disso. Ele n\u00e3o est\u00e1 interessado em reparar as m\u00e3es [que perderam seus filhos]. O Estado est\u00e1 interessado em nos usar como moeda de troca e em nos escravizar. A pol\u00edcia s\u00f3 tem essa fun\u00e7\u00e3o [de perpetuar a viol\u00eancia contra a favela] e n\u00e3o vai mudar. A gente enxerga a pol\u00edcia como [o novo] capit\u00e3o do mato e a <a href=\"https:\/\/bit.ly\/3m57h5t\" target=\"_blank\" rel=\"noopener\">m\u00eddia tem o papel de marginalizar a gente<\/a>. Tudo \u00e9 uma estrutura de Estado quando a gente para pra pensar. A gente precisa <a href=\"https:\/\/bit.ly\/2S3y2oG\" target=\"_blank\" rel=\"noopener\">abolir as pol\u00edcias<\/a> e construir uma sociedade sem elas. Parece um sonho muito distante, mas \u00e9 poss\u00edvel quando a gente pensa no fim da escravatura.\u201d \u2015 Gizele Martins<\/p><\/blockquote>\n<h3><b>&#8216;A Nossa Luta \u00c9 Uma S\u00f3&#8217;<\/b><\/h3>\n<figure id=\"attachment_78648\" aria-describedby=\"caption-attachment-78648\" style=\"width: 1402px\" class=\"wp-caption aligncenter\"><a href=\"https:\/\/rioonwatch.org.br\/wp-content\/uploads\/2025\/07\/Na-mesa-Resistencias-Abolicionistas-Priscilla-Ferreira-defende-a-garantia-de-justica-em-sua-dimensao-mais-integral-da-justica-linguistica-a-justica-somatica.-Foto-Amanda-Baroni.jpeg\"><img loading=\"lazy\" decoding=\"async\" class=\"size-full wp-image-78648\" src=\"https:\/\/rioonwatch.org.br\/wp-content\/uploads\/2025\/07\/Na-mesa-Resistencias-Abolicionistas-Priscilla-Ferreira-defende-a-garantia-de-justica-em-sua-dimensao-mais-integral-da-justica-linguistica-a-justica-somatica.-Foto-Amanda-Baroni.jpeg\" alt=\"Na mesa \u201cResist\u00eancias Abolicionistas\u201d, Priscilla Ferreira defende a garantia de justi\u00e7a em sua dimens\u00e3o mais integral - da justi\u00e7a lingu\u00edstica \u00e0 justi\u00e7a som\u00e1tica. Foto Amanda Baroni \" width=\"1402\" height=\"1108\" srcset=\"https:\/\/rioonwatch.org.br\/wp-content\/uploads\/2025\/07\/Na-mesa-Resistencias-Abolicionistas-Priscilla-Ferreira-defende-a-garantia-de-justica-em-sua-dimensao-mais-integral-da-justica-linguistica-a-justica-somatica.-Foto-Amanda-Baroni.jpeg 1402w, https:\/\/rioonwatch.org.br\/wp-content\/uploads\/2025\/07\/Na-mesa-Resistencias-Abolicionistas-Priscilla-Ferreira-defende-a-garantia-de-justica-em-sua-dimensao-mais-integral-da-justica-linguistica-a-justica-somatica.-Foto-Amanda-Baroni-620x490.jpeg 620w, https:\/\/rioonwatch.org.br\/wp-content\/uploads\/2025\/07\/Na-mesa-Resistencias-Abolicionistas-Priscilla-Ferreira-defende-a-garantia-de-justica-em-sua-dimensao-mais-integral-da-justica-linguistica-a-justica-somatica.-Foto-Amanda-Baroni-768x607.jpeg 768w\" sizes=\"(max-width: 1402px) 100vw, 1402px\" \/><\/a><figcaption id=\"caption-attachment-78648\" class=\"wp-caption-text\">Na mesa \u201cResist\u00eancias Abolicionistas\u201d, Priscilla Ferreira defende a garantia de justi\u00e7a em sua dimens\u00e3o mais integral &#8211; da justi\u00e7a lingu\u00edstica \u00e0 justi\u00e7a som\u00e1tica. Foto Amanda Baroni<\/figcaption><\/figure>\n<p>Durante a segunda mesa, \u201cResist\u00eancias Abolicionistas\u201d, Priscilla Ferreira, da Sauti Yetu, levantou reflex\u00f5es sobre os caminhos poss\u00edveis para a <a href=\"https:\/\/rioonwatch.org.br\/?tag=reforma-da-policia\">reforma da pol\u00edcia<\/a>: desconstru\u00e7\u00e3o da viol\u00eancia e sobre o conceito de policiamento, come\u00e7ando pelas rela\u00e7\u00f5es interpessoais.<\/p>\n<blockquote><p><span style=\"font-weight: 400;\">\u201cPoliciamento n\u00e3o \u00e9 uma institui\u00e7\u00e3o, \u00e9 uma profiss\u00e3o, uma forma de governan\u00e7a. \u00c9 como a gente internaliza no nosso imagin\u00e1rio, como a gente lida com conflitos. A pol\u00edcia, enquanto institui\u00e7\u00e3o capitalista, racista, \u00e9 uma das express\u00f5es de governan\u00e7a teoricamente feitas pra regular conflitos de classe, raciais e patriarcais. Como bicho relacional que a gente \u00e9, o conflito \u00e9 parte de estar junto e funciona na nossa intimidade. Ent\u00e3o, como a gente come\u00e7a a desenvolver uma forma de governan\u00e7a mutuamente determinada e respeitosa, e come\u00e7a a assumir a responsabilidade de pensar de maneira expansiva o que s\u00e3o esses conflitos, da onde v\u00eam e como respondemos a eles? A gente tem que pensar a justi\u00e7a [e a solu\u00e7\u00e3o de problemas sociais] de uma forma interdependente. Quando a gente t\u00e1 falando de justi\u00e7a, n\u00e3o se resume a encarcerar um policial assassino, a gente t\u00e1 falando de justi\u00e7a econ\u00f4mica, lingu\u00edstica, som\u00e1tica, em rela\u00e7\u00e3o \u00e0 sa\u00fade do nosso corpo, de justi\u00e7a temporal, que trata de pensar se a gente consegue ter a gest\u00e3o do nosso pr\u00f3prio tempo [entre outras]. <\/span><\/p>\n<p><span style=\"font-weight: 400;\">Quando a gente come\u00e7ar a falar de bem-estar, vamos estar discutindo \u2018abolicionismos\u2019. Quantas formas de resposta [solu\u00e7\u00f5es] a gente \u00e9 capaz de fazer [criar]? Em quantos problemas a gente pode intervir antes de uma situa\u00e7\u00e3o [ruim] acontecer? Quando a gente fala pra uma menina ficar de perna fechada, porque a gente sabe o risco do machismo, a gente tem como intervir [na raiz do problema] antes que ele aconte\u00e7a? Como a gente gere as nossas emo\u00e7\u00f5es de forma abolicionista? Como lidamos com o corpo do outro para discutir uma rela\u00e7\u00e3o [afetiva]? Voc\u00ea consegue assumir o risco de perder a pessoa que ama por voc\u00ea n\u00e3o ser o que ela esperava antes que vire um <a href=\"https:\/\/bit.ly\/4fEstWI\" target=\"_blank\" rel=\"noopener\">feminic\u00eddio<\/a>? A gente acha que policiamento come\u00e7a com as capitanias heredit\u00e1rias [de forma hist\u00f3rica e distante de n\u00f3s], mas tem muitas formas de pensar o policiamento, come\u00e7ando por n\u00f3s mesmos.&#8221; \u2015 Priscilla Ferreira<\/span><\/p><\/blockquote>\n<figure id=\"attachment_78650\" aria-describedby=\"caption-attachment-78650\" style=\"width: 1517px\" class=\"wp-caption aligncenter\"><a href=\"https:\/\/rioonwatch.org.br\/wp-content\/uploads\/2025\/07\/Gizele-Martins-Marcos-Feres-Badra-El-Cheikh-Patricia-Oliveira-Soraya-Misleh-e-Silvio-Wittlin-debatem-na-mesa-final-Resistencia-Contra-o-Genocidio-Palestino.-Foto-Amanda-Baroni.jpeg\"><img loading=\"lazy\" decoding=\"async\" class=\"size-full wp-image-78650\" src=\"https:\/\/rioonwatch.org.br\/wp-content\/uploads\/2025\/07\/Gizele-Martins-Marcos-Feres-Badra-El-Cheikh-Patricia-Oliveira-Soraya-Misleh-e-Silvio-Wittlin-debatem-na-mesa-final-Resistencia-Contra-o-Genocidio-Palestino.-Foto-Amanda-Baroni.jpeg\" alt=\"Gizele Martins, Marcos Feres, Badra El Cheikh, Patr\u00edcia Oliveira, Soraya Misleh e Silvio Wittlin debatem na mesa final, \u201cResist\u00eancia Contra o Genoc\u00eddio Palestino\u201d. Foto: Amanda Baroni \" width=\"1517\" height=\"885\" srcset=\"https:\/\/rioonwatch.org.br\/wp-content\/uploads\/2025\/07\/Gizele-Martins-Marcos-Feres-Badra-El-Cheikh-Patricia-Oliveira-Soraya-Misleh-e-Silvio-Wittlin-debatem-na-mesa-final-Resistencia-Contra-o-Genocidio-Palestino.-Foto-Amanda-Baroni.jpeg 1517w, https:\/\/rioonwatch.org.br\/wp-content\/uploads\/2025\/07\/Gizele-Martins-Marcos-Feres-Badra-El-Cheikh-Patricia-Oliveira-Soraya-Misleh-e-Silvio-Wittlin-debatem-na-mesa-final-Resistencia-Contra-o-Genocidio-Palestino.-Foto-Amanda-Baroni-620x362.jpeg 620w, https:\/\/rioonwatch.org.br\/wp-content\/uploads\/2025\/07\/Gizele-Martins-Marcos-Feres-Badra-El-Cheikh-Patricia-Oliveira-Soraya-Misleh-e-Silvio-Wittlin-debatem-na-mesa-final-Resistencia-Contra-o-Genocidio-Palestino.-Foto-Amanda-Baroni-768x448.jpeg 768w\" sizes=\"(max-width: 1517px) 100vw, 1517px\" \/><\/a><figcaption id=\"caption-attachment-78650\" class=\"wp-caption-text\">Gizele Martins, Marcos Feres, Badra El Cheikh, Patr\u00edcia Oliveira, Soraya Misleh e Silvio Wittlin debatem na mesa final, \u201cResist\u00eancia Contra o Genoc\u00eddio Palestino\u201d. Foto: Amanda Baroni<\/figcaption><\/figure>\n<p><span style=\"font-weight: 400;\">Na terceira mesa, Soraya Misleh, ativista palestino-brasileira e membra da Frente em Defesa do Palestino em SP, discutiu o papel fundamental do Brasil em quebrar o ciclo de viol\u00eancia nas favelas.<\/span><\/p>\n<blockquote><p>\u201cNos \u00faltimos 20 anos, o Brasil se tornou o <a href=\"https:\/\/bit.ly\/3GBptyc\" target=\"_blank\" rel=\"noopener\">quinto maior importador de tecnologia militar israelense<\/a>. S\u00e3o armas que est\u00e3o no ex\u00e9rcito, na for\u00e7a a\u00e9rea brasileira. Agora, durante essa fase do genoc\u00eddio em Gaza, o ex\u00e9rcito brasileiro tentou <a href=\"https:\/\/bit.ly\/3IrttSw\" target=\"_blank\" rel=\"noopener\">comprar 36 blindados israelenses<\/a> ao valor de um bilh\u00e3o de reais. S\u00f3 n\u00e3o conseguiu consolidar isso porque fizemos uma campanha grande dentro do movimento de <a href=\"https:\/\/bit.ly\/3GKicMo\" target=\"_blank\" rel=\"noopener\">BDS<\/a>, sigla para o movimento Boicote, Desinvestimento e San\u00e7\u00f5es, liderado por palestinos para pressionar Israel a cumprir o direito internacional por meio de a\u00e7\u00f5es n\u00e3o-violentas. Faz muito tempo que a gente t\u00e1 denunciando: aqui no Rio, S\u00e3o Paulo, Santa Catarina, Amazonas\u2026 \u00e9 o mesmo [armamento] que mata os palestinos todo dia. A gente teve <a href=\"https:\/\/bit.ly\/4kAqaG1\" target=\"_blank\" rel=\"noopener\">600 fuzis militares comprados<\/a> [de Israel] em 2022 pela Pol\u00edcia Militar do Rio de Janeiro, que foram parar na m\u00e3o do Bope, do Choque. \u00c9 assim que o Estado entra aqui nas comunidades, com as mesmas armas testadas nos corpos palestinos&#8230; A nossa luta \u00e9 uma s\u00f3. N\u00f3s temos que ecoar que essa luta \u00e9 nossa luta, e que a gente tem que se sentir como povo palestino. Somos todos palestinos! A gente n\u00e3o precisa mais de palavras. O passo fundamental a ser adotado pelo Brasil \u00e9 romper rela\u00e7\u00f5es. Esse \u00e9 o passo que o povo palestino precisa. \u00c9 quest\u00e3o de vida ou morte.\u201d \u2015 Soraya Misleh<\/p><\/blockquote>\n<h3><b>Palestina Livre! Favela Livre!<\/b><\/h3>\n<p>Na mesa \u201cResist\u00eancia Contra o Genoc\u00eddio Palestino\u201d, terceira e \u00faltima do evento, Marcos Feres, da Fepal, falou sobre o papel determinante da uni\u00e3o internacional nessa luta.<\/p>\n<blockquote><p>\u201cQuando a gente v\u00ea a constru\u00e7\u00e3o de uma tecnologia de exterm\u00ednio e normaliza o uso dela, voc\u00ea est\u00e1 criando terreno para [que ela seja] usada em qualquer outra popula\u00e7\u00e3o ou conflito&#8230; Entender a quest\u00e3o palestina, seu n\u00edvel da viol\u00eancia e de brutalidade, \u00e9 entender que esse padr\u00e3o vai vir pra c\u00e1. Combater isso a partir daqui \u00e9 uma quest\u00e3o de sobreviv\u00eancia.\u201d \u2015 Marcos Feres<\/p><\/blockquote>\n<p>Al\u00e9m dos debates, o evento contou com uma programa\u00e7\u00e3o art\u00edstica e cultural, incluindo, a exposi\u00e7\u00e3o \u201c10 anos de Julho Negro\u201d, realizada pelo coletivo M\u00eddia 1508, com registros de in\u00fameros atos contra a viol\u00eancia de Estado, e uma homenagem a Elaine Freitas, poetisa e defensora do movimento negro que faleceu durante a primeira edi\u00e7\u00e3o do Julho Negro, v\u00edtima de um infarto fulminante.<\/p>\n<figure id=\"attachment_78651\" aria-describedby=\"caption-attachment-78651\" style=\"width: 1600px\" class=\"wp-caption aligncenter\"><a href=\"https:\/\/rioonwatch.org.br\/wp-content\/uploads\/2025\/07\/Exposicao-10-anos-de-Julho-Negro-exibiu-registros-de-atos-contra-as-tragicas-consequencias-da-violencia-de-Estado-contra-populacoes-perifericas-e-faveladas.-Foto-Amanda-Baroni.jpeg\"><img loading=\"lazy\" decoding=\"async\" class=\"wp-image-78651 size-full\" title=\"Exposi\u00e7\u00e3o \u201c10 anos de Julho Negro\u201d exibiu registros de atos contra as tr\u00e1gicas consequ\u00eancias da viol\u00eancia de Estado contra popula\u00e7\u00f5es perif\u00e9ricas e faveladas. Foto: Amanda Baroni\" src=\"https:\/\/rioonwatch.org.br\/wp-content\/uploads\/2025\/07\/Exposicao-10-anos-de-Julho-Negro-exibiu-registros-de-atos-contra-as-tragicas-consequencias-da-violencia-de-Estado-contra-populacoes-perifericas-e-faveladas.-Foto-Amanda-Baroni.jpeg\" alt=\"Exposi\u00e7\u00e3o \u201c10 anos de Julho Negro\u201d exibiu registros de atos contra as tr\u00e1gicas consequ\u00eancias da viol\u00eancia de Estado contra popula\u00e7\u00f5es perif\u00e9ricas e faveladas. Foto: Amanda Baroni\" width=\"1600\" height=\"1200\" srcset=\"https:\/\/rioonwatch.org.br\/wp-content\/uploads\/2025\/07\/Exposicao-10-anos-de-Julho-Negro-exibiu-registros-de-atos-contra-as-tragicas-consequencias-da-violencia-de-Estado-contra-populacoes-perifericas-e-faveladas.-Foto-Amanda-Baroni.jpeg 1600w, https:\/\/rioonwatch.org.br\/wp-content\/uploads\/2025\/07\/Exposicao-10-anos-de-Julho-Negro-exibiu-registros-de-atos-contra-as-tragicas-consequencias-da-violencia-de-Estado-contra-populacoes-perifericas-e-faveladas.-Foto-Amanda-Baroni-620x465.jpeg 620w, https:\/\/rioonwatch.org.br\/wp-content\/uploads\/2025\/07\/Exposicao-10-anos-de-Julho-Negro-exibiu-registros-de-atos-contra-as-tragicas-consequencias-da-violencia-de-Estado-contra-populacoes-perifericas-e-faveladas.-Foto-Amanda-Baroni-768x576.jpeg 768w, https:\/\/rioonwatch.org.br\/wp-content\/uploads\/2025\/07\/Exposicao-10-anos-de-Julho-Negro-exibiu-registros-de-atos-contra-as-tragicas-consequencias-da-violencia-de-Estado-contra-populacoes-perifericas-e-faveladas.-Foto-Amanda-Baroni-1536x1152.jpeg 1536w, https:\/\/rioonwatch.org.br\/wp-content\/uploads\/2025\/07\/Exposicao-10-anos-de-Julho-Negro-exibiu-registros-de-atos-contra-as-tragicas-consequencias-da-violencia-de-Estado-contra-populacoes-perifericas-e-faveladas.-Foto-Amanda-Baroni-678x509.jpeg 678w, https:\/\/rioonwatch.org.br\/wp-content\/uploads\/2025\/07\/Exposicao-10-anos-de-Julho-Negro-exibiu-registros-de-atos-contra-as-tragicas-consequencias-da-violencia-de-Estado-contra-populacoes-perifericas-e-faveladas.-Foto-Amanda-Baroni-326x245.jpeg 326w, https:\/\/rioonwatch.org.br\/wp-content\/uploads\/2025\/07\/Exposicao-10-anos-de-Julho-Negro-exibiu-registros-de-atos-contra-as-tragicas-consequencias-da-violencia-de-Estado-contra-populacoes-perifericas-e-faveladas.-Foto-Amanda-Baroni-80x60.jpeg 80w\" sizes=\"(max-width: 1600px) 100vw, 1600px\" \/><\/a><figcaption id=\"caption-attachment-78651\" class=\"wp-caption-text\">Exposi\u00e7\u00e3o \u201c10 anos de Julho Negro\u201d exibiu registros de atos contra as tr\u00e1gicas consequ\u00eancias da viol\u00eancia de Estado contra popula\u00e7\u00f5es perif\u00e9ricas e faveladas. Foto: Amanda Baroni<\/figcaption><\/figure>\n<p><span style=\"font-weight: 400;\">Leia abaixo, na \u00edntegra, o poema de Elaine Freitas, recitado durante o evento por Frans\u00e9rgio Goulart, um dos fundadores do Julho Negro:<\/span><\/p>\n<blockquote>\n<h3><strong><i>Metr\u00f3pole<\/i><\/strong><\/h3>\n<p><i><span style=\"font-weight: 400;\">O mundo que vejo<\/span><\/i><br \/>\n<i><span style=\"font-weight: 400;\">se divide em guetos \u2013<\/span><\/i><br \/>\n<i><span style=\"font-weight: 400;\">cada peda\u00e7o da cidade<\/span><\/i><br \/>\n<i><span style=\"font-weight: 400;\">sitiado<\/span><\/i><br \/>\n<i><span style=\"font-weight: 400;\">por mon\u00f3tonos solil\u00f3quios<\/span><\/i><br \/>\n<i><span style=\"font-weight: 400;\">sem que os habitantes<\/span><\/i><br \/>\n<i><span style=\"font-weight: 400;\">realmente se enxerguem<\/span><\/i><br \/>\n<i><span style=\"font-weight: 400;\">apesar de podermos definir<\/span><\/i><br \/>\n<i><span style=\"font-weight: 400;\">este territ\u00f3rio<\/span><\/i><br \/>\n<i><span style=\"font-weight: 400;\">pela total vigil\u00e2ncia,<\/span><\/i><br \/>\n<i><span style=\"font-weight: 400;\">a onipresen\u00e7a dos olhos.<\/span><\/i><br \/>\n<i><span style=\"font-weight: 400;\">Aqui,<\/span><\/i><br \/>\n<i><span style=\"font-weight: 400;\">os encontros<\/span><\/i><br \/>\n<i><span style=\"font-weight: 400;\">s\u00e3o<\/span><\/i><br \/>\n<i><span style=\"font-weight: 400;\">sem abra\u00e7os<\/span><\/i><br \/>\n<i><span style=\"font-weight: 400;\">(apesar dos beijos)<\/span><\/i><br \/>\n<i><span style=\"font-weight: 400;\">e percebo<\/span><\/i><br \/>\n<i><span style=\"font-weight: 400;\">porque tanto me apraz<\/span><\/i><br \/>\n<i><span style=\"font-weight: 400;\">ser pelo avesso <\/span><\/i><br \/>\n<i><span style=\"font-weight: 400;\">\u2015 Elaine Freitas<\/span><\/i><\/p><\/blockquote>\n<p><em>Sobre a autora:\u00a0<i data-stringify-type=\"italic\"><a class=\"c-link\" href=\"https:\/\/bit.ly\/3p94eas\" target=\"_blank\" rel=\"noopener noreferrer\" data-stringify-link=\"https:\/\/bit.ly\/3p94eas\" data-sk=\"tooltip_parent\">Amanda Baroni Lopes<\/a><\/i><i data-stringify-type=\"italic\">\u00a0\u00e9 formada em jornalismo na Unicarioca e foi aluna do 1\u00b0 Laborat\u00f3rio de Jornalismo do\u00a0<\/i><i data-stringify-type=\"italic\"><a class=\"c-link\" href=\"https:\/\/bit.ly\/33tm8dz\" target=\"_blank\" rel=\"noopener noreferrer\" data-stringify-link=\"http:\/\/bit.ly\/2YfGMc5\" data-sk=\"tooltip_parent\">Mar\u00e9 de Not\u00edcias<\/a><\/i><i data-stringify-type=\"italic\">. \u00c9 autora do\u00a0<\/i><a href=\"https:\/\/bit.ly\/3p49ufB\" target=\"_blank\" rel=\"noopener\"><i data-stringify-type=\"italic\">Guia Antiass\u00e9dio no Breaking<\/i><\/a><i data-stringify-type=\"italic\">, um manual que explica ao p\u00fablico do Hip Hop sobre o que \u00e9 ou n\u00e3o ass\u00e9dio e orienta sobre o que fazer nessas situa\u00e7\u00f5es. Amanda \u00e9 cria do\u00a0Morro do Timbau\u00a0e atualmente mora na\u00a0<a href=\"https:\/\/bit.ly\/2FMTjwP\" target=\"_blank\" rel=\"noopener\">Vila do Jo\u00e3o<\/a>, ambos no Complexo da Mar\u00e9.<\/i><\/em><\/p>\n<hr \/>\n<h4><b data-stringify-type=\"bold\">Apoie nossos esfor\u00e7os para fornecer apoio estrat\u00e9gico \u00e0s favelas do Rio, incluindo o jornalismo hiperlocal, cr\u00edtico, inovador e incans\u00e1vel do\u00a0<\/b><b data-stringify-type=\"bold\"><i data-stringify-type=\"italic\">RioOnWatch<\/i><\/b>\u2014<a class=\"c-link\" href=\"http:\/\/www.bit.ly\/ApoieROW\" target=\"_blank\" rel=\"noopener noreferrer\" data-stringify-link=\"http:\/\/www.bit.ly\/ApoieROW\" data-sk=\"tooltip_parent\">doe aqui<\/a>.<\/h4>\n<!-- AddThis Advanced Settings generic via filter on the_content --><!-- AddThis Share Buttons generic via filter on the_content -->","protected":false},"excerpt":{"rendered":"<div class=\"mh-excerpt\"><p>Click Here for English No s\u00e1bado, 5 de julho, no Museu da Mar\u00e9, no Complexo da Mar\u00e9, Zona Norte do Rio, aconteceu a d\u00e9cima edi\u00e7\u00e3o do Julho Negro, com rodas de conversa protagonizadas por mulheres <a class=\"mh-excerpt-more\" href=\"https:\/\/rioonwatch.org.br\/?p=78636\" title=\"D\u00e9cima Edi\u00e7\u00e3o de \u2018Julho Negro\u2019 Une Favela e Causa Palestina Pelo Fim do Terrorismo de Estado\">[&#8230;]<\/a><!-- AddThis Advanced Settings generic via filter on get_the_excerpt --><!-- AddThis Share Buttons generic via filter on get_the_excerpt --><\/p>\n<\/div>","protected":false},"author":192,"featured_media":78650,"comment_status":"closed","ping_status":"closed","sticky":false,"template":"template-full.php","format":"standard","meta":{"_acf_changed":false,"_monsterinsights_skip_tracking":false,"_monsterinsights_sitenote_active":false,"_monsterinsights_sitenote_note":"","_monsterinsights_sitenote_category":0,"footnotes":""},"categories":[1627,1620],"tags":[3307,3253,787,759,332,90,88,1023,514,818,922,1372,2253,2449,1936,1106,2168,3581,102,774,919,998,2600,30,920,52,218],"writer":[3181],"translator":[],"source":[],"ilustrador":[],"fotografo":[3338],"class_list":{"0":"post-78636","1":"post","2":"type-post","3":"status-publish","4":"format-standard","5":"has-post-thumbnail","7":"category-relato-de-evento","8":"category-olhonaupp","9":"tag-aborto","10":"tag-antirracismo","11":"tag-chacina","12":"tag-comparacao-internacional","13":"tag-complexo-da-mare","14":"tag-defensoria-publica","15":"tag-direitos-humanos","16":"tag-ditadura-militar","17":"tag-escravidao","18":"tag-eua","19":"tag-evento","20":"tag-grande-rio","21":"tag-guerra-as-drogas","22":"tag-israel","23":"tag-julho-negro","24":"tag-museu-da-mare","25":"tag-palestina","26":"tag-pena-de-morte","27":"tag-poesia","28":"tag-policia-militar","29":"tag-reforma-da-policia","30":"tag-sao-paulo","31":"tag-solidariedade-internacional","32":"tag-violencia","33":"tag-violencia-de-estado","34":"tag-violencia-policial","35":"tag-zona-norte","36":"writer-amanda-baroni-lopes","37":"fotografo-amanda-baroni-lopes"},"acf":[],"yoast_head":"<!-- This site is optimized with the Yoast SEO plugin v25.6 - https:\/\/yoast.com\/wordpress\/plugins\/seo\/ -->\n<title>D\u00e9cima Edi\u00e7\u00e3o de \u2018Julho Negro\u2019 Une Favela e Causa Palestina Pelo Fim do Terrorismo de Estado - RioOnWatch<\/title>\n<meta name=\"robots\" content=\"index, follow, max-snippet:-1, max-image-preview:large, max-video-preview:-1\" \/>\n<link rel=\"canonical\" href=\"https:\/\/rioonwatch.org.br\/?p=78636\" \/>\n<meta property=\"og:locale\" content=\"pt_BR\" \/>\n<meta property=\"og:type\" content=\"article\" \/>\n<meta property=\"og:title\" content=\"D\u00e9cima Edi\u00e7\u00e3o de \u2018Julho Negro\u2019 Une Favela e Causa Palestina Pelo Fim do Terrorismo de Estado - RioOnWatch\" \/>\n<meta property=\"og:description\" content=\"Click Here for English No s\u00e1bado, 5 de julho, no Museu da Mar\u00e9, no Complexo da Mar\u00e9, Zona Norte do Rio, aconteceu a d\u00e9cima edi\u00e7\u00e3o do Julho Negro, com rodas de conversa protagonizadas por mulheres [...]\" \/>\n<meta property=\"og:url\" content=\"https:\/\/rioonwatch.org.br\/?p=78636\" \/>\n<meta property=\"og:site_name\" content=\"RioOnWatch\" \/>\n<meta property=\"article:published_time\" content=\"2025-07-11T01:27:39+00:00\" \/>\n<meta property=\"article:modified_time\" content=\"2025-07-25T03:09:02+00:00\" \/>\n<meta property=\"og:image\" content=\"https:\/\/rioonwatch.org.br\/wp-content\/uploads\/2025\/07\/Gizele-Martins-Marcos-Feres-Badra-El-Cheikh-Patricia-Oliveira-Soraya-Misleh-e-Silvio-Wittlin-debatem-na-mesa-final-Resistencia-Contra-o-Genocidio-Palestino.-Foto-Amanda-Baroni.jpeg\" \/>\n\t<meta property=\"og:image:width\" content=\"1517\" \/>\n\t<meta property=\"og:image:height\" content=\"885\" \/>\n\t<meta property=\"og:image:type\" content=\"image\/jpeg\" \/>\n<meta name=\"author\" content=\"Beatriz Miranda\" \/>\n<meta name=\"twitter:card\" content=\"summary_large_image\" \/>\n<meta name=\"twitter:label1\" content=\"Escrito por\" \/>\n\t<meta name=\"twitter:data1\" content=\"Beatriz Miranda\" \/>\n\t<meta name=\"twitter:label2\" content=\"Est. tempo de leitura\" \/>\n\t<meta name=\"twitter:data2\" content=\"8 minutos\" \/>\n<script type=\"application\/ld+json\" class=\"yoast-schema-graph\">{\"@context\":\"https:\/\/schema.org\",\"@graph\":[{\"@type\":\"Article\",\"@id\":\"https:\/\/rioonwatch.org.br\/?p=78636#article\",\"isPartOf\":{\"@id\":\"https:\/\/rioonwatch.org.br\/?p=78636\"},\"author\":{\"name\":\"Beatriz Miranda\",\"@id\":\"https:\/\/rioonwatch.org.br\/#\/schema\/person\/1150bfc199e76e22909b454a0c139c4b\"},\"headline\":\"D\u00e9cima Edi\u00e7\u00e3o de \u2018Julho Negro\u2019 Une Favela e Causa Palestina Pelo Fim do Terrorismo de Estado\",\"datePublished\":\"2025-07-11T01:27:39+00:00\",\"dateModified\":\"2025-07-25T03:09:02+00:00\",\"mainEntityOfPage\":{\"@id\":\"https:\/\/rioonwatch.org.br\/?p=78636\"},\"wordCount\":3095,\"publisher\":{\"@id\":\"https:\/\/rioonwatch.org.br\/#organization\"},\"image\":{\"@id\":\"https:\/\/rioonwatch.org.br\/?p=78636#primaryimage\"},\"thumbnailUrl\":\"https:\/\/rioonwatch.org.br\/wp-content\/uploads\/2025\/07\/Gizele-Martins-Marcos-Feres-Badra-El-Cheikh-Patricia-Oliveira-Soraya-Misleh-e-Silvio-Wittlin-debatem-na-mesa-final-Resistencia-Contra-o-Genocidio-Palestino.-Foto-Amanda-Baroni.jpeg\",\"keywords\":[\"aborto\",\"Antirracismo\",\"chacina\",\"compara\u00e7\u00e3o internacional\",\"Complexo da Mar\u00e9\",\"Defensoria P\u00fablica\",\"Direitos Humanos\",\"Ditadura Militar\",\"escravid\u00e3o\",\"EUA\",\"evento\",\"Grande Rio\",\"guerra \u00e0s drogas\",\"Israel\",\"Julho Negro\",\"Museu da Mar\u00e9\",\"Palestina\",\"pena de morte\",\"poesia\",\"Pol\u00edcia Militar\",\"reforma da pol\u00edcia\",\"S\u00e3o Paulo\",\"solidariedade internacional\",\"viol\u00eancia\",\"viol\u00eancia de Estado\",\"viol\u00eancia policial\",\"Zona Norte\"],\"articleSection\":[\"Cobertura de Eventos\",\"Seguran\u00e7a P\u00fablica\"],\"inLanguage\":\"pt-BR\"},{\"@type\":\"WebPage\",\"@id\":\"https:\/\/rioonwatch.org.br\/?p=78636\",\"url\":\"https:\/\/rioonwatch.org.br\/?p=78636\",\"name\":\"D\u00e9cima Edi\u00e7\u00e3o de \u2018Julho Negro\u2019 Une Favela e Causa Palestina Pelo Fim do Terrorismo de Estado - RioOnWatch\",\"isPartOf\":{\"@id\":\"https:\/\/rioonwatch.org.br\/#website\"},\"primaryImageOfPage\":{\"@id\":\"https:\/\/rioonwatch.org.br\/?p=78636#primaryimage\"},\"image\":{\"@id\":\"https:\/\/rioonwatch.org.br\/?p=78636#primaryimage\"},\"thumbnailUrl\":\"https:\/\/rioonwatch.org.br\/wp-content\/uploads\/2025\/07\/Gizele-Martins-Marcos-Feres-Badra-El-Cheikh-Patricia-Oliveira-Soraya-Misleh-e-Silvio-Wittlin-debatem-na-mesa-final-Resistencia-Contra-o-Genocidio-Palestino.-Foto-Amanda-Baroni.jpeg\",\"datePublished\":\"2025-07-11T01:27:39+00:00\",\"dateModified\":\"2025-07-25T03:09:02+00:00\",\"breadcrumb\":{\"@id\":\"https:\/\/rioonwatch.org.br\/?p=78636#breadcrumb\"},\"inLanguage\":\"pt-BR\",\"potentialAction\":[{\"@type\":\"ReadAction\",\"target\":[\"https:\/\/rioonwatch.org.br\/?p=78636\"]}]},{\"@type\":\"ImageObject\",\"inLanguage\":\"pt-BR\",\"@id\":\"https:\/\/rioonwatch.org.br\/?p=78636#primaryimage\",\"url\":\"https:\/\/rioonwatch.org.br\/wp-content\/uploads\/2025\/07\/Gizele-Martins-Marcos-Feres-Badra-El-Cheikh-Patricia-Oliveira-Soraya-Misleh-e-Silvio-Wittlin-debatem-na-mesa-final-Resistencia-Contra-o-Genocidio-Palestino.-Foto-Amanda-Baroni.jpeg\",\"contentUrl\":\"https:\/\/rioonwatch.org.br\/wp-content\/uploads\/2025\/07\/Gizele-Martins-Marcos-Feres-Badra-El-Cheikh-Patricia-Oliveira-Soraya-Misleh-e-Silvio-Wittlin-debatem-na-mesa-final-Resistencia-Contra-o-Genocidio-Palestino.-Foto-Amanda-Baroni.jpeg\",\"width\":1517,\"height\":885,\"caption\":\"Gizele Martins, Marcos Feres, Badra El Cheikh, Patr\u00edcia Oliveira, Soraya Misleh e Silvio Wittlin debatem na mesa final, \u201cResist\u00eancia Contra o Genoc\u00eddio Palestino\u201d. Foto: Amanda Baroni\"},{\"@type\":\"BreadcrumbList\",\"@id\":\"https:\/\/rioonwatch.org.br\/?p=78636#breadcrumb\",\"itemListElement\":[{\"@type\":\"ListItem\",\"position\":1,\"name\":\"In\u00edcio\",\"item\":\"https:\/\/rioonwatch.org.br\/\"},{\"@type\":\"ListItem\",\"position\":2,\"name\":\"D\u00e9cima Edi\u00e7\u00e3o de \u2018Julho Negro\u2019 Une Favela e Causa Palestina Pelo Fim do Terrorismo de Estado\"}]},{\"@type\":\"WebSite\",\"@id\":\"https:\/\/rioonwatch.org.br\/#website\",\"url\":\"https:\/\/rioonwatch.org.br\/\",\"name\":\"RioOnWatch\",\"description\":\"relatos das favelas cariocas\",\"publisher\":{\"@id\":\"https:\/\/rioonwatch.org.br\/#organization\"},\"potentialAction\":[{\"@type\":\"SearchAction\",\"target\":{\"@type\":\"EntryPoint\",\"urlTemplate\":\"https:\/\/rioonwatch.org.br\/?s={search_term_string}\"},\"query-input\":{\"@type\":\"PropertyValueSpecification\",\"valueRequired\":true,\"valueName\":\"search_term_string\"}}],\"inLanguage\":\"pt-BR\"},{\"@type\":\"Organization\",\"@id\":\"https:\/\/rioonwatch.org.br\/#organization\",\"name\":\"RioOnWatch\",\"url\":\"https:\/\/rioonwatch.org.br\/\",\"logo\":{\"@type\":\"ImageObject\",\"inLanguage\":\"pt-BR\",\"@id\":\"https:\/\/rioonwatch.org.br\/#\/schema\/logo\/image\/\",\"url\":\"https:\/\/rioonwatch.org.br\/wp-content\/uploads\/2021\/06\/RioOnWatchcabecalhoPT11anos-2.png\",\"contentUrl\":\"https:\/\/rioonwatch.org.br\/wp-content\/uploads\/2021\/06\/RioOnWatchcabecalhoPT11anos-2.png\",\"width\":779,\"height\":277,\"caption\":\"RioOnWatch\"},\"image\":{\"@id\":\"https:\/\/rioonwatch.org.br\/#\/schema\/logo\/image\/\"}},{\"@type\":\"Person\",\"@id\":\"https:\/\/rioonwatch.org.br\/#\/schema\/person\/1150bfc199e76e22909b454a0c139c4b\",\"name\":\"Beatriz Miranda\",\"image\":{\"@type\":\"ImageObject\",\"inLanguage\":\"pt-BR\",\"@id\":\"https:\/\/rioonwatch.org.br\/#\/schema\/person\/image\/\",\"url\":\"https:\/\/secure.gravatar.com\/avatar\/41a514d4cb8be1f42ceaebd1038a447b?s=96&d=blank&r=g\",\"contentUrl\":\"https:\/\/secure.gravatar.com\/avatar\/41a514d4cb8be1f42ceaebd1038a447b?s=96&d=blank&r=g\",\"caption\":\"Beatriz Miranda\"},\"url\":\"https:\/\/rioonwatch.org.br\/?author=192\"}]}<\/script>\n<!-- \/ Yoast SEO plugin. -->","yoast_head_json":{"title":"D\u00e9cima Edi\u00e7\u00e3o de \u2018Julho Negro\u2019 Une Favela e Causa Palestina Pelo Fim do Terrorismo de Estado - RioOnWatch","robots":{"index":"index","follow":"follow","max-snippet":"max-snippet:-1","max-image-preview":"max-image-preview:large","max-video-preview":"max-video-preview:-1"},"canonical":"https:\/\/rioonwatch.org.br\/?p=78636","og_locale":"pt_BR","og_type":"article","og_title":"D\u00e9cima Edi\u00e7\u00e3o de \u2018Julho Negro\u2019 Une Favela e Causa Palestina Pelo Fim do Terrorismo de Estado - RioOnWatch","og_description":"Click Here for English No s\u00e1bado, 5 de julho, no Museu da Mar\u00e9, no Complexo da Mar\u00e9, Zona Norte do Rio, aconteceu a d\u00e9cima edi\u00e7\u00e3o do Julho Negro, com rodas de conversa protagonizadas por mulheres [...]","og_url":"https:\/\/rioonwatch.org.br\/?p=78636","og_site_name":"RioOnWatch","article_published_time":"2025-07-11T01:27:39+00:00","article_modified_time":"2025-07-25T03:09:02+00:00","og_image":[{"width":1517,"height":885,"url":"https:\/\/rioonwatch.org.br\/wp-content\/uploads\/2025\/07\/Gizele-Martins-Marcos-Feres-Badra-El-Cheikh-Patricia-Oliveira-Soraya-Misleh-e-Silvio-Wittlin-debatem-na-mesa-final-Resistencia-Contra-o-Genocidio-Palestino.-Foto-Amanda-Baroni.jpeg","type":"image\/jpeg"}],"author":"Beatriz Miranda","twitter_card":"summary_large_image","twitter_misc":{"Escrito por":"Beatriz Miranda","Est. tempo de leitura":"8 minutos"},"schema":{"@context":"https:\/\/schema.org","@graph":[{"@type":"Article","@id":"https:\/\/rioonwatch.org.br\/?p=78636#article","isPartOf":{"@id":"https:\/\/rioonwatch.org.br\/?p=78636"},"author":{"name":"Beatriz Miranda","@id":"https:\/\/rioonwatch.org.br\/#\/schema\/person\/1150bfc199e76e22909b454a0c139c4b"},"headline":"D\u00e9cima Edi\u00e7\u00e3o de \u2018Julho Negro\u2019 Une Favela e Causa Palestina Pelo Fim do Terrorismo de Estado","datePublished":"2025-07-11T01:27:39+00:00","dateModified":"2025-07-25T03:09:02+00:00","mainEntityOfPage":{"@id":"https:\/\/rioonwatch.org.br\/?p=78636"},"wordCount":3095,"publisher":{"@id":"https:\/\/rioonwatch.org.br\/#organization"},"image":{"@id":"https:\/\/rioonwatch.org.br\/?p=78636#primaryimage"},"thumbnailUrl":"https:\/\/rioonwatch.org.br\/wp-content\/uploads\/2025\/07\/Gizele-Martins-Marcos-Feres-Badra-El-Cheikh-Patricia-Oliveira-Soraya-Misleh-e-Silvio-Wittlin-debatem-na-mesa-final-Resistencia-Contra-o-Genocidio-Palestino.-Foto-Amanda-Baroni.jpeg","keywords":["aborto","Antirracismo","chacina","compara\u00e7\u00e3o internacional","Complexo da Mar\u00e9","Defensoria P\u00fablica","Direitos Humanos","Ditadura Militar","escravid\u00e3o","EUA","evento","Grande Rio","guerra \u00e0s drogas","Israel","Julho Negro","Museu da Mar\u00e9","Palestina","pena de morte","poesia","Pol\u00edcia Militar","reforma da pol\u00edcia","S\u00e3o Paulo","solidariedade internacional","viol\u00eancia","viol\u00eancia de Estado","viol\u00eancia policial","Zona Norte"],"articleSection":["Cobertura de Eventos","Seguran\u00e7a P\u00fablica"],"inLanguage":"pt-BR"},{"@type":"WebPage","@id":"https:\/\/rioonwatch.org.br\/?p=78636","url":"https:\/\/rioonwatch.org.br\/?p=78636","name":"D\u00e9cima Edi\u00e7\u00e3o de \u2018Julho Negro\u2019 Une Favela e Causa Palestina Pelo Fim do Terrorismo de Estado - RioOnWatch","isPartOf":{"@id":"https:\/\/rioonwatch.org.br\/#website"},"primaryImageOfPage":{"@id":"https:\/\/rioonwatch.org.br\/?p=78636#primaryimage"},"image":{"@id":"https:\/\/rioonwatch.org.br\/?p=78636#primaryimage"},"thumbnailUrl":"https:\/\/rioonwatch.org.br\/wp-content\/uploads\/2025\/07\/Gizele-Martins-Marcos-Feres-Badra-El-Cheikh-Patricia-Oliveira-Soraya-Misleh-e-Silvio-Wittlin-debatem-na-mesa-final-Resistencia-Contra-o-Genocidio-Palestino.-Foto-Amanda-Baroni.jpeg","datePublished":"2025-07-11T01:27:39+00:00","dateModified":"2025-07-25T03:09:02+00:00","breadcrumb":{"@id":"https:\/\/rioonwatch.org.br\/?p=78636#breadcrumb"},"inLanguage":"pt-BR","potentialAction":[{"@type":"ReadAction","target":["https:\/\/rioonwatch.org.br\/?p=78636"]}]},{"@type":"ImageObject","inLanguage":"pt-BR","@id":"https:\/\/rioonwatch.org.br\/?p=78636#primaryimage","url":"https:\/\/rioonwatch.org.br\/wp-content\/uploads\/2025\/07\/Gizele-Martins-Marcos-Feres-Badra-El-Cheikh-Patricia-Oliveira-Soraya-Misleh-e-Silvio-Wittlin-debatem-na-mesa-final-Resistencia-Contra-o-Genocidio-Palestino.-Foto-Amanda-Baroni.jpeg","contentUrl":"https:\/\/rioonwatch.org.br\/wp-content\/uploads\/2025\/07\/Gizele-Martins-Marcos-Feres-Badra-El-Cheikh-Patricia-Oliveira-Soraya-Misleh-e-Silvio-Wittlin-debatem-na-mesa-final-Resistencia-Contra-o-Genocidio-Palestino.-Foto-Amanda-Baroni.jpeg","width":1517,"height":885,"caption":"Gizele Martins, Marcos Feres, Badra El Cheikh, Patr\u00edcia Oliveira, Soraya Misleh e Silvio Wittlin debatem na mesa final, \u201cResist\u00eancia Contra o Genoc\u00eddio Palestino\u201d. Foto: Amanda Baroni"},{"@type":"BreadcrumbList","@id":"https:\/\/rioonwatch.org.br\/?p=78636#breadcrumb","itemListElement":[{"@type":"ListItem","position":1,"name":"In\u00edcio","item":"https:\/\/rioonwatch.org.br\/"},{"@type":"ListItem","position":2,"name":"D\u00e9cima Edi\u00e7\u00e3o de \u2018Julho Negro\u2019 Une Favela e Causa Palestina Pelo Fim do Terrorismo de Estado"}]},{"@type":"WebSite","@id":"https:\/\/rioonwatch.org.br\/#website","url":"https:\/\/rioonwatch.org.br\/","name":"RioOnWatch","description":"relatos das favelas cariocas","publisher":{"@id":"https:\/\/rioonwatch.org.br\/#organization"},"potentialAction":[{"@type":"SearchAction","target":{"@type":"EntryPoint","urlTemplate":"https:\/\/rioonwatch.org.br\/?s={search_term_string}"},"query-input":{"@type":"PropertyValueSpecification","valueRequired":true,"valueName":"search_term_string"}}],"inLanguage":"pt-BR"},{"@type":"Organization","@id":"https:\/\/rioonwatch.org.br\/#organization","name":"RioOnWatch","url":"https:\/\/rioonwatch.org.br\/","logo":{"@type":"ImageObject","inLanguage":"pt-BR","@id":"https:\/\/rioonwatch.org.br\/#\/schema\/logo\/image\/","url":"https:\/\/rioonwatch.org.br\/wp-content\/uploads\/2021\/06\/RioOnWatchcabecalhoPT11anos-2.png","contentUrl":"https:\/\/rioonwatch.org.br\/wp-content\/uploads\/2021\/06\/RioOnWatchcabecalhoPT11anos-2.png","width":779,"height":277,"caption":"RioOnWatch"},"image":{"@id":"https:\/\/rioonwatch.org.br\/#\/schema\/logo\/image\/"}},{"@type":"Person","@id":"https:\/\/rioonwatch.org.br\/#\/schema\/person\/1150bfc199e76e22909b454a0c139c4b","name":"Beatriz Miranda","image":{"@type":"ImageObject","inLanguage":"pt-BR","@id":"https:\/\/rioonwatch.org.br\/#\/schema\/person\/image\/","url":"https:\/\/secure.gravatar.com\/avatar\/41a514d4cb8be1f42ceaebd1038a447b?s=96&d=blank&r=g","contentUrl":"https:\/\/secure.gravatar.com\/avatar\/41a514d4cb8be1f42ceaebd1038a447b?s=96&d=blank&r=g","caption":"Beatriz Miranda"},"url":"https:\/\/rioonwatch.org.br\/?author=192"}]}},"_links":{"self":[{"href":"https:\/\/rioonwatch.org.br\/index.php?rest_route=\/wp\/v2\/posts\/78636"}],"collection":[{"href":"https:\/\/rioonwatch.org.br\/index.php?rest_route=\/wp\/v2\/posts"}],"about":[{"href":"https:\/\/rioonwatch.org.br\/index.php?rest_route=\/wp\/v2\/types\/post"}],"author":[{"embeddable":true,"href":"https:\/\/rioonwatch.org.br\/index.php?rest_route=\/wp\/v2\/users\/192"}],"replies":[{"embeddable":true,"href":"https:\/\/rioonwatch.org.br\/index.php?rest_route=%2Fwp%2Fv2%2Fcomments&post=78636"}],"version-history":[{"count":40,"href":"https:\/\/rioonwatch.org.br\/index.php?rest_route=\/wp\/v2\/posts\/78636\/revisions"}],"predecessor-version":[{"id":78822,"href":"https:\/\/rioonwatch.org.br\/index.php?rest_route=\/wp\/v2\/posts\/78636\/revisions\/78822"}],"wp:featuredmedia":[{"embeddable":true,"href":"https:\/\/rioonwatch.org.br\/index.php?rest_route=\/wp\/v2\/media\/78650"}],"wp:attachment":[{"href":"https:\/\/rioonwatch.org.br\/index.php?rest_route=%2Fwp%2Fv2%2Fmedia&parent=78636"}],"wp:term":[{"taxonomy":"category","embeddable":true,"href":"https:\/\/rioonwatch.org.br\/index.php?rest_route=%2Fwp%2Fv2%2Fcategories&post=78636"},{"taxonomy":"post_tag","embeddable":true,"href":"https:\/\/rioonwatch.org.br\/index.php?rest_route=%2Fwp%2Fv2%2Ftags&post=78636"},{"taxonomy":"writer","embeddable":true,"href":"https:\/\/rioonwatch.org.br\/index.php?rest_route=%2Fwp%2Fv2%2Fwriter&post=78636"},{"taxonomy":"translator","embeddable":true,"href":"https:\/\/rioonwatch.org.br\/index.php?rest_route=%2Fwp%2Fv2%2Ftranslator&post=78636"},{"taxonomy":"source","embeddable":true,"href":"https:\/\/rioonwatch.org.br\/index.php?rest_route=%2Fwp%2Fv2%2Fsource&post=78636"},{"taxonomy":"ilustrador","embeddable":true,"href":"https:\/\/rioonwatch.org.br\/index.php?rest_route=%2Fwp%2Fv2%2Filustrador&post=78636"},{"taxonomy":"fotografo","embeddable":true,"href":"https:\/\/rioonwatch.org.br\/index.php?rest_route=%2Fwp%2Fv2%2Ffotografo&post=78636"}],"curies":[{"name":"wp","href":"https:\/\/api.w.org\/{rel}","templated":true}]}}