{"id":78741,"date":"2025-07-22T15:38:06","date_gmt":"2025-07-22T18:38:06","guid":{"rendered":"https:\/\/rioonwatch.org.br\/?p=78741"},"modified":"2025-11-14T11:58:57","modified_gmt":"2025-11-14T14:58:57","slug":"o-que-significa-saude-dos-rios-explorando-os-rios-cariocas-e-sua-ligacao-com-a-saude-humana-referencia","status":"publish","type":"post","link":"https:\/\/rioonwatch.org.br\/?p=78741","title":{"rendered":"O Que Significa \u2018Sa\u00fade dos Rios\u2019? Explorando os Rios Cariocas e Sua Liga\u00e7\u00e3o com a Sa\u00fade Humana [REFER\u00caNCIA]"},"content":{"rendered":"<p style=\"text-align: right;\"><a href=\"https:\/\/bit.ly\/4kMUw8c\" target=\"_blank\" rel=\"noopener\"><em><strong>Click Here for English<img decoding=\"async\" class=\"alignright wp-image-15790\" src=\"https:\/\/rioonwatch.org.br\/wp-content\/uploads\/2012\/08\/EN-standard-e1439583104716.jpg\" alt=\"\" width=\"20\" height=\"20\" \/><\/strong><\/em><\/a><\/p>\n<p><em><a href=\"https:\/\/rioonwatch.org\/wp-content\/uploads\/2019\/08\/BehnerStiefel.png\" rel=\"noopener\"><img decoding=\"async\" class=\"alignright wp-image-55315\" src=\"https:\/\/rioonwatch.org\/wp-content\/uploads\/2019\/08\/BehnerStiefel.png\" sizes=\"(max-width: 200px) 100vw, 200px\" srcset=\"https:\/\/rioonwatch.org\/wp-content\/uploads\/2019\/08\/BehnerStiefel.png 1934w, https:\/\/rioonwatch.org\/wp-content\/uploads\/2019\/08\/BehnerStiefel-300x102.png 300w, https:\/\/rioonwatch.org\/wp-content\/uploads\/2019\/08\/BehnerStiefel-768x261.png 768w, https:\/\/rioonwatch.org\/wp-content\/uploads\/2019\/08\/BehnerStiefel-1024x348.png 1024w\" alt=\"Centro Behner Stiefel de Estudos Brasileiros\" width=\"200\" height=\"68\" \/><\/a><\/em><\/p>\n<p><em>Esta mat\u00e9ria faz parte de uma\u00a0<a href=\"https:\/\/bit.ly\/SerieSDSU\" rel=\"noopener noreferrer\">s\u00e9rie<\/a>\u00a0gerada por uma parceria com o\u00a0<a href=\"https:\/\/bit.ly\/SDSUDigitalBrazilProject\" rel=\"noopener noreferrer\">Digital Brazil Project<\/a>\u00a0do\u00a0<a href=\"http:\/\/bit.ly\/2zcymI6\" rel=\"noopener noreferrer\">Centro Behner Stiefel de Estudos Brasileiros<\/a>\u00a0da Universidade Estadual de San Diego na Calif\u00f3rnia, para produzir mat\u00e9rias sobre justi\u00e7a ambiental nas favelas fluminenses.<\/em><\/p>\n<p>O termo \u201csa\u00fade dos rios\u201d \u00e9 usado por comunidades, pesquisadores e jornalistas para falar sobre a qualidade da \u00e1gua em todo o mundo. Mas a sa\u00fade dos rios vai <a href=\"https:\/\/bit.ly\/4eYqwor\" target=\"_blank\" rel=\"noopener\">al\u00e9m de avalia\u00e7\u00f5es t\u00e9cnicas<\/a> sobre n\u00edveis de polui\u00e7\u00e3o. Cada vez mais, a sa\u00fade dos rios \u00e9 pensada de forma sist\u00eamica: como um rio corre, quais esp\u00e9cies\u2014e pessoas\u2014vivem nele e ao seu redor, e o qu\u00e3o bem ele consegue se recuperar de danos. Assim como acontece com a sa\u00fade humana, os rios podem apresentar sinais de estresse, ter dificuldade para se recuperar de traumas e at\u00e9 mesmo precisar de tratamento.<\/p>\n<p>Um grupo de pesquisadores do Reino Unido vem explorando a ideia de &#8220;riverkin&#8221; (em tradu\u00e7\u00e3o livre, &#8220;rio-parente&#8221;, num convite a pensarmos neles como seres vivos e relacionais), <a href=\"https:\/\/bit.ly\/3H6MWr4\" target=\"_blank\" rel=\"noopener\">demonstrando<\/a> que rios saud\u00e1veis n\u00e3o s\u00e3o apenas vitais para garantir ecossistemas diversos e equilibrados, mas tamb\u00e9m essenciais para a sa\u00fade das comunidades humanas. Estes pesquisadores argumentam que a objetifica\u00e7\u00e3o dos rios tem sido prejudicial \u00e0 sa\u00fade humana e que devemos nos reconectar com eles em um la\u00e7o de parentesco, como comunidades ind\u00edgenas sempre fizeram. Hoje, alguns lugares do mundo reconhecem os corpos d\u2019\u00e1gua como detentores de direitos, como no caso da <a href=\"http:\/\/glo.bo\/4nXBOO9\" target=\"_blank\" rel=\"noopener\">Lagoa do Mar Menor<\/a>, na Espanha.<\/p>\n<blockquote><p>\u201cEu gostaria de ver uma mudan\u00e7a no conceito cient\u00edfico do que \u00e9 a sa\u00fade de um rio, para um que atenda a todos os crit\u00e9rios da biodiversidade\u2026 e tamb\u00e9m inclua a possibilidade de sustentar uma rela\u00e7\u00e3o pr\u00f3spera com as pessoas \u00e0 sua volta e com aquelas que interagem com ele.\u201d \u2014 <a href=\"https:\/\/bit.ly\/4f2HsKG\" target=\"_blank\" rel=\"noopener\">Dra. Julia Martin-Ortega<\/a><\/p><\/blockquote>\n<p>Com essa compreens\u00e3o mais ampla, e para explorar como anda a sa\u00fade dos rios na cidade do Rio de Janeiro, o <em>RioOnWatch<\/em> acompanhou um tour de uma semana por rios em favelas da capital, organizado pela <a href=\"https:\/\/bit.ly\/RFSsite\" target=\"_blank\" rel=\"noopener\">Rede Favela Sustent\u00e1vel<\/a> em junho de 2025. Tamb\u00e9m entrevistamos dois ge\u00f3grafos que estudam os cursos d\u2019\u00e1gua urbanos da cidade e sua rela\u00e7\u00e3o com as favelas. A condi\u00e7\u00e3o dos cursos d\u2019\u00e1gua na cidade \u00e9 desoladora: no Rio\u2014onde afluentes naturais s\u00e3o pavimentados e canalizados por toda a cidade\u2014a sa\u00fade dos rios est\u00e1 diretamente relacionada \u00e0 sa\u00fade de suas comunidades.<\/p>\n<h3>Os Desafios da Sa\u00fade dos Rios Cariocas<\/h3>\n<p>De acordo com o <a href=\"https:\/\/bit.ly\/3IJ1DB7\" target=\"_blank\" rel=\"noopener\">Instituto Trata Brasil<\/a>, quase metade da popula\u00e7\u00e3o do pa\u00eds, 100 milh\u00f5es de pessoas, n\u00e3o tem acesso \u00e0 coleta ou tratamento de esgoto no Brasil.<\/p>\n<p><a href=\"https:\/\/bit.ly\/4eY78YK\" target=\"_blank\" rel=\"noopener\">Ad\u00e3o Castro<\/a> \u00e9 ge\u00f3grafo e cria da favela de <a href=\"https:\/\/bit.ly\/2lvBTO8\">Rio das Pedras<\/a>, na Zona Oeste do Rio. Fez sua disserta\u00e7\u00e3o de mestrado na Universidade Federal Fluminense (UFF) sobre o rio que d\u00e1 nome \u00e0 sua comunidade, e sua tese de doutorado sobre o <a href=\"https:\/\/bit.ly\/3r8UkWR\" target=\"_blank\" rel=\"noopener\">Rio Guandu<\/a>, respons\u00e1vel por abastecer o Grande Rio com \u00e1gua pot\u00e1vel.<\/p>\n<blockquote><p>\u201cA gente v\u00ea aqui o que acontece no caso do Rio das Pedras. Existe uma coleta, mas que destina o esgoto diretamente para o rio. E por que a gente chegou nesse cen\u00e1rio? Porque a gente foi se distanciando. As sociedades foram cada vez mais se distanciando [dos seus rios].\u201d \u2014 Ad\u00e3o Castro<\/p><\/blockquote>\n<p>Assim como Ad\u00e3o, a ge\u00f3grafa <a href=\"https:\/\/bit.ly\/40sBLzJ\" target=\"_blank\" rel=\"noopener\">Kessy Almeida<\/a> integra o projeto <a href=\"https:\/\/bit.ly\/40udb1r\" target=\"_blank\" rel=\"noopener\">Conex\u00f5es Rios<\/a>, dedicado \u00e0 educa\u00e7\u00e3o ambiental cr\u00edtica, e atua na reconex\u00e3o entre comunidades e seus rios locais por meio de atividades participativas em escolas p\u00fablicas. Doutoranda em Gest\u00e3o e Planejamento Ambiental pela UFRJ, ela explica que o conceito de sa\u00fade dos rios vem sendo gradualmente compreendido no Brasil.<\/p>\n<blockquote><p>\u201cEsse conceito, \u2018sa\u00fade dos rios\u2019, j\u00e1 \u00e9 bem definido. Alguns ge\u00f3grafos e geomorf\u00f3logos j\u00e1 trabalham bastante com [ele]. Acho que no Brasil n\u00e3o \u00e9 t\u00e3o difundido, mas j\u00e1 t\u00eam muitos estudos nessa \u00e1rea.\u201d \u2014 Kessy Almeida<\/p><\/blockquote>\n<figure id=\"attachment_78745\" aria-describedby=\"caption-attachment-78745\" style=\"width: 2048px\" class=\"wp-caption aligncenter\"><a href=\"https:\/\/rioonwatch.org.br\/wp-content\/uploads\/2025\/07\/Kessy-e-Adao-mostram-um-mapa-de-rio-das-pedras-foto-Douglas-Teixeira-Agencia-Lume.jpg\"><img fetchpriority=\"high\" decoding=\"async\" class=\"wp-image-78745 size-full\" title=\"Kessy Almeida e Ad\u00e3o Castro mostram o mapa do Rio das Pedras durante visita da Rede Favela Sustent\u00e1vel \u00e0 comunidade de mesmo nome durante o tour investigativo \u201cRios de Favelas\u201d. Foto: Douglas Teixeira\/Ag\u00eancia Lume\" src=\"https:\/\/rioonwatch.org.br\/wp-content\/uploads\/2025\/07\/Kessy-e-Adao-mostram-um-mapa-de-rio-das-pedras-foto-Douglas-Teixeira-Agencia-Lume.jpg\" alt=\"Kessy Almeida e Ad\u00e3o Castro mostram o mapa do Rio das Pedras durante visita da Rede Favela Sustent\u00e1vel \u00e0 comunidade de mesmo nome durante o tour investigativo \u201cRios de Favelas\u201d. Foto: Douglas Teixeira\/Ag\u00eancia Lume\" width=\"2048\" height=\"1536\" srcset=\"https:\/\/rioonwatch.org.br\/wp-content\/uploads\/2025\/07\/Kessy-e-Adao-mostram-um-mapa-de-rio-das-pedras-foto-Douglas-Teixeira-Agencia-Lume.jpg 2048w, https:\/\/rioonwatch.org.br\/wp-content\/uploads\/2025\/07\/Kessy-e-Adao-mostram-um-mapa-de-rio-das-pedras-foto-Douglas-Teixeira-Agencia-Lume-620x465.jpg 620w, https:\/\/rioonwatch.org.br\/wp-content\/uploads\/2025\/07\/Kessy-e-Adao-mostram-um-mapa-de-rio-das-pedras-foto-Douglas-Teixeira-Agencia-Lume-2000x1500.jpg 2000w, https:\/\/rioonwatch.org.br\/wp-content\/uploads\/2025\/07\/Kessy-e-Adao-mostram-um-mapa-de-rio-das-pedras-foto-Douglas-Teixeira-Agencia-Lume-768x576.jpg 768w, https:\/\/rioonwatch.org.br\/wp-content\/uploads\/2025\/07\/Kessy-e-Adao-mostram-um-mapa-de-rio-das-pedras-foto-Douglas-Teixeira-Agencia-Lume-1536x1152.jpg 1536w, https:\/\/rioonwatch.org.br\/wp-content\/uploads\/2025\/07\/Kessy-e-Adao-mostram-um-mapa-de-rio-das-pedras-foto-Douglas-Teixeira-Agencia-Lume-678x509.jpg 678w, https:\/\/rioonwatch.org.br\/wp-content\/uploads\/2025\/07\/Kessy-e-Adao-mostram-um-mapa-de-rio-das-pedras-foto-Douglas-Teixeira-Agencia-Lume-326x245.jpg 326w, https:\/\/rioonwatch.org.br\/wp-content\/uploads\/2025\/07\/Kessy-e-Adao-mostram-um-mapa-de-rio-das-pedras-foto-Douglas-Teixeira-Agencia-Lume-80x60.jpg 80w\" sizes=\"(max-width: 2048px) 100vw, 2048px\" \/><\/a><figcaption id=\"caption-attachment-78745\" class=\"wp-caption-text\">Kessy Almeida e Ad\u00e3o Castro mostram o mapa do Rio das Pedras durante visita da Rede Favela Sustent\u00e1vel \u00e0 comunidade de mesmo nome durante o tour investigativo \u201cRios de Favelas\u201d. Foto: Douglas Teixeira\/Ag\u00eancia Lume<\/figcaption><\/figure>\n<p>Kessy tamb\u00e9m participa do grupo <a href=\"https:\/\/bit.ly\/44ObhK4\" target=\"_blank\" rel=\"noopener\">GEOMORPHOS<\/a>, que realiza an\u00e1lises de bacias hidrogr\u00e1ficas em diversas regi\u00f5es do Brasil. Ela conta que sua experi\u00eancia com os dois grupos, um focado em an\u00e1lise geoespacial e o outro em educa\u00e7\u00e3o, a fez perceber que a quest\u00e3o da sa\u00fade dos rios requer uma abordagem cient\u00edfica e baseada em pol\u00edticas educacionais.<\/p>\n<blockquote><p>\u201c[A sa\u00fade dos rios] se refere \u00e0 capacidade que um rio tem de desempenhar suas fun\u00e7\u00f5es naturais. [E isso se trata] de todo o ecossistema adjacente ao rio, do entorno dele. [Inclui] ele sustentar a biodiversidade, os animais, a mata, e regular o fluxo dos sedimentos e fornecer a \u00e1gua, [al\u00e9m de] atividades culturais, recreativas, econ\u00f4micas. A sa\u00fade de um rio est\u00e1 diretamente relacionada \u00e0 sa\u00fade de um ecossistema\u2026 e, tamb\u00e9m, diretamente relacionada \u00e0 sa\u00fade humana.\u201d \u2014 Kessy Almeida<\/p><\/blockquote>\n<p>Hoje, grande parte do Rio de Janeiro se desconectou das fun\u00e7\u00f5es naturais dos muitos rios que o cortam. A maioria das pessoas passou a enxergar os rios como canais de esgoto.<\/p>\n<blockquote><p>\u201cDentro das comunidades mais pobres, esses rios canalizados tamb\u00e9m s\u00e3o entendidos como val\u00f5es, um termo muito usado aqui no Rio de Janeiro para entender onde \u00e9 o despejo de lixo e esgoto\u2026 Quando a gente fala assim, \u2018[aqui] n\u00e3o tem rio, [s\u00f3] tem <a href=\"https:\/\/bit.ly\/3GYlzQ1\" target=\"_blank\" rel=\"noopener\">val\u00e3o<\/a>\u2019, \u00e9 porque a sociedade entende aquele rio como um lugar de despejo de esgoto e lixo.\u201d \u2014 Kessy Almeida<\/p><\/blockquote>\n<p>A pesquisa de Ad\u00e3o descreve como os rios da cidade passaram a servir como vetores de doen\u00e7as.<\/p>\n<blockquote><p>\u201cAqui, num cen\u00e1rio de chuva\u2026 se o rio subir um pouquinho, j\u00e1 chega nas casas. Consequentemente, vai inundar. E essa \u00e1gua traz muitos problemas. Muitas doen\u00e7as: leptospirose, leishmaniose, hepatite. E o Rio das Pedras, dentro do contexto da cidade do Rio de Janeiro, \u00e9 uma das favelas com o maior n\u00famero de doen\u00e7as de veicula\u00e7\u00e3o h\u00eddrica.\u201d \u2014 Ad\u00e3o Castro<\/p><\/blockquote>\n<figure id=\"attachment_78760\" aria-describedby=\"caption-attachment-78760\" style=\"width: 2048px\" class=\"wp-caption aligncenter\"><a href=\"https:\/\/rioonwatch.org.br\/wp-content\/uploads\/2025\/07\/Rio-Acari-se-transformou-em-canal-Foto-Barbara-Dias.jpg\"><img loading=\"lazy\" decoding=\"async\" class=\"wp-image-78760 size-full\" title=\"Na favela de Acari, um afluente do Rio Acari corre com esgoto ao lado das casas da comunidade. Foto: B\u00e1rbara Dias\" src=\"https:\/\/rioonwatch.org.br\/wp-content\/uploads\/2025\/07\/Rio-Acari-se-transformou-em-canal-Foto-Barbara-Dias.jpg\" alt=\"Na favela de Acari, um afluente do Rio Acari corre com esgoto ao lado das casas da comunidade. Foto: B\u00e1rbara Dias\" width=\"2048\" height=\"1367\" srcset=\"https:\/\/rioonwatch.org.br\/wp-content\/uploads\/2025\/07\/Rio-Acari-se-transformou-em-canal-Foto-Barbara-Dias.jpg 2048w, https:\/\/rioonwatch.org.br\/wp-content\/uploads\/2025\/07\/Rio-Acari-se-transformou-em-canal-Foto-Barbara-Dias-620x414.jpg 620w, https:\/\/rioonwatch.org.br\/wp-content\/uploads\/2025\/07\/Rio-Acari-se-transformou-em-canal-Foto-Barbara-Dias-768x513.jpg 768w, https:\/\/rioonwatch.org.br\/wp-content\/uploads\/2025\/07\/Rio-Acari-se-transformou-em-canal-Foto-Barbara-Dias-1536x1025.jpg 1536w\" sizes=\"(max-width: 2048px) 100vw, 2048px\" \/><\/a><figcaption id=\"caption-attachment-78760\" class=\"wp-caption-text\">Na favela de Acari, um afluente do Rio Acari corre com esgoto ao lado das casas da comunidade. Foto: B\u00e1rbara Dias<\/figcaption><\/figure>\n<p>Segundo Kessy, mudar a perspectiva dos moradores \u00e9 o primeiro passo para resolver o problema.<\/p>\n<blockquote><p>\u201cSe a sociedade entende que o rio \u00e9 um val\u00e3o, \u00e9 assim que ela vai se relacionar com ele. E como \u00e9 poss\u00edvel pensar numa sociedade saud\u00e1vel se o rio est\u00e1 doente? Se ele n\u00e3o consegue mais cumprir suas fun\u00e7\u00f5es naturais e ecol\u00f3gicas?&#8230; \u00c9 uma via de m\u00e3o dupla: um rio doente reflete uma sociedade doente, e uma sociedade saud\u00e1vel depende de um rio saud\u00e1vel.\u201d \u2014 Kessy Almeida<\/p><\/blockquote>\n<p>O desafio n\u00e3o se restringe \u00e0s favelas da cidade, embora sejam as \u00e1reas mais impactadas. Os rios doentes do Rio de Janeiro comprometem a sa\u00fade de todos.<\/p>\n<blockquote><p>\u201c[Essa \u00e9 a situa\u00e7\u00e3o] em v\u00e1rias partes da cidade, inclusive em \u00e1reas urbanizadas. Numa urbaniza\u00e7\u00e3o mais antiga, em bairros de classe m\u00e9dia, no pr\u00f3prio Rio Maracan\u00e3, por exemplo, a gente n\u00e3o vai encontrar lixo assim, mas vai encontrar um rio extremamente polu\u00eddo.\u201d \u2014 Ad\u00e3o Castro<\/p><\/blockquote>\n<figure id=\"attachment_78748\" aria-describedby=\"caption-attachment-78748\" style=\"width: 4049px\" class=\"wp-caption aligncenter\"><a href=\"https:\/\/rioonwatch.org.br\/wp-content\/uploads\/2025\/07\/Rio-Marcana-atravessa-a-Tijuca.png\"><img loading=\"lazy\" decoding=\"async\" class=\"wp-image-78748 size-full\" title=\"O Rio Maracan\u00e3 atravessa o tradicional bairro da Tijuca. Foto: RioOnWatch\" src=\"https:\/\/rioonwatch.org.br\/wp-content\/uploads\/2025\/07\/Rio-Marcana-atravessa-a-Tijuca.png\" alt=\"O Rio Maracan\u00e3 atravessa o tradicional bairro da Tijuca. Foto: RioOnWatch\" width=\"4049\" height=\"2272\" srcset=\"https:\/\/rioonwatch.org.br\/wp-content\/uploads\/2025\/07\/Rio-Marcana-atravessa-a-Tijuca.png 4049w, https:\/\/rioonwatch.org.br\/wp-content\/uploads\/2025\/07\/Rio-Marcana-atravessa-a-Tijuca-620x348.png 620w, https:\/\/rioonwatch.org.br\/wp-content\/uploads\/2025\/07\/Rio-Marcana-atravessa-a-Tijuca-768x431.png 768w, https:\/\/rioonwatch.org.br\/wp-content\/uploads\/2025\/07\/Rio-Marcana-atravessa-a-Tijuca-1536x862.png 1536w, https:\/\/rioonwatch.org.br\/wp-content\/uploads\/2025\/07\/Rio-Marcana-atravessa-a-Tijuca-2048x1149.png 2048w, https:\/\/rioonwatch.org.br\/wp-content\/uploads\/2025\/07\/Rio-Marcana-atravessa-a-Tijuca-678x381.png 678w\" sizes=\"(max-width: 4049px) 100vw, 4049px\" \/><\/a><figcaption id=\"caption-attachment-78748\" class=\"wp-caption-text\">O Rio Maracan\u00e3 atravessa o tradicional bairro da Tijuca. Foto: <em>RioOnWatch<\/em><\/figcaption><\/figure>\n<h3>Revertendo o Curso: Como Reconstruir Nossa Liga\u00e7\u00e3o com os Rios da Cidade<\/h3>\n<p>Qual \u00e9 a solu\u00e7\u00e3o? Tanto Ad\u00e3o quanto Kessy destacam a afinidade das comunidades ind\u00edgenas brasileiras com os cursos de \u00e1gua, bem como a necessidade de aprendermos com elas para promover di\u00e1logos sobre a sa\u00fade dos rios cariocas.<\/p>\n<blockquote><p>\u201cOs ind\u00edgenas no Brasil n\u00e3o conseguem se ver separados do rio. O rio \u00e9 como se fosse um pai, uma m\u00e3e, um bra\u00e7o.\u201d \u2014 Ad\u00e3o Castro<\/p><\/blockquote>\n<figure id=\"attachment_78756\" aria-describedby=\"caption-attachment-78756\" style=\"width: 500px\" class=\"wp-caption alignright\"><a href=\"https:\/\/rioonwatch.org.br\/wp-content\/uploads\/2025\/07\/Valao-da-Rocinha-oculto-sob-grades-scaled-1.jpg\"><img loading=\"lazy\" decoding=\"async\" class=\"wp-image-78756\" title=\"O val\u00e3o na maior favela do Rio, a Rocinha, \u00e9 coberto por grades\u2014o que n\u00e3o disfar\u00e7a o cheiro de esgoto. Foto: RioOnWatch\" src=\"https:\/\/rioonwatch.org.br\/wp-content\/uploads\/2025\/07\/Valao-da-Rocinha-oculto-sob-grades-scaled-1-413x620.jpg\" alt=\"O val\u00e3o na maior favela do Rio, a Rocinha, \u00e9 coberto por grades\u2014o que n\u00e3o disfar\u00e7a o cheiro de esgoto. Foto: RioOnWatch\" width=\"500\" height=\"750\" srcset=\"https:\/\/rioonwatch.org.br\/wp-content\/uploads\/2025\/07\/Valao-da-Rocinha-oculto-sob-grades-scaled-1-413x620.jpg 413w, https:\/\/rioonwatch.org.br\/wp-content\/uploads\/2025\/07\/Valao-da-Rocinha-oculto-sob-grades-scaled-1-1000x1500.jpg 1000w, https:\/\/rioonwatch.org.br\/wp-content\/uploads\/2025\/07\/Valao-da-Rocinha-oculto-sob-grades-scaled-1-768x1152.jpg 768w, https:\/\/rioonwatch.org.br\/wp-content\/uploads\/2025\/07\/Valao-da-Rocinha-oculto-sob-grades-scaled-1-1024x1536.jpg 1024w, https:\/\/rioonwatch.org.br\/wp-content\/uploads\/2025\/07\/Valao-da-Rocinha-oculto-sob-grades-scaled-1-1366x2048.jpg 1366w, https:\/\/rioonwatch.org.br\/wp-content\/uploads\/2025\/07\/Valao-da-Rocinha-oculto-sob-grades-scaled-1.jpg 1707w\" sizes=\"(max-width: 500px) 100vw, 500px\" \/><\/a><figcaption id=\"caption-attachment-78756\" class=\"wp-caption-text\">O val\u00e3o na maior favela do Rio, a Rocinha, \u00e9 coberto por grades\u2014o que n\u00e3o disfar\u00e7a o cheiro de esgoto. Foto: <em>RioOnWatch<\/em><\/figcaption><\/figure>\n<p>Infelizmente, a mercantiliza\u00e7\u00e3o dos rios ocorreu durante e desde a coloniza\u00e7\u00e3o portuguesa do pa\u00eds.<\/p>\n<blockquote><p>\u201cOs povos origin\u00e1rios aqui no Brasil tinham uma rela\u00e7\u00e3o intr\u00ednseca e indissoci\u00e1vel com o rio. Com a coloniza\u00e7\u00e3o, a gente tem o per\u00edodo de apropria\u00e7\u00e3o. O colonizador, o portugu\u00eas e outras nacionalidades, olhou para o rio e disse: posso utilizar esse rio para produ\u00e7\u00e3o de cana-de-a\u00e7\u00facar, para irrigar a produ\u00e7\u00e3o, para operar o moinho do engenho\u2026 Ent\u00e3o, a gente foi construindo uma vis\u00e3o utilitarista: o rio apenas enquanto recurso. O rio que serve para navega\u00e7\u00e3o, para utiliza\u00e7\u00e3o da \u00e1gua, para abastecimento humano e industrial, para voc\u00ea diluir tamb\u00e9m o esgoto. \u00c9 muito contradit\u00f3rio. A \u00e1gua d\u00e1 a vida e, no entanto, a gente descarta tudo o que tem de ruim na \u00e1gua.\u201d \u2014 Ad\u00e3o Castro<\/p><\/blockquote>\n<p>Kessy destaca os desafios que o atual sistema econ\u00f4mico mundial imp\u00f5e \u00e0 manuten\u00e7\u00e3o das rela\u00e7\u00f5es humano-ecol\u00f3gicas.<\/p>\n<blockquote><p>\u201cA nossa sociedade capitalista acaba afastando muito o ser humano da natureza, transformando a natureza numa cole\u00e7\u00e3o de objetos [ou de recursos]\u2026 Mas algumas comunidades tradicionais entendem a natureza de uma outra perspectiva\u2026 \u00c9 uma rela\u00e7\u00e3o m\u00fatua: a natureza \u00e9 onde voc\u00ea busca o seu alimento, onde voc\u00ea brinca, onde voc\u00ea reza.\u201d \u2014 Kessy Almeida<\/p><\/blockquote>\n<p>No <a href=\"https:\/\/bit.ly\/4lHT3RH\" target=\"_blank\" rel=\"noopener\">Equador<\/a> e na <a href=\"http:\/\/glo.bo\/4mcGj5M\" target=\"_blank\" rel=\"noopener\">Nova Zel\u00e2ndia<\/a>, os rios receberam personalidade jur\u00eddica\u2014uma designa\u00e7\u00e3o que fortalece a rela\u00e7\u00e3o entre humanos e rios.<\/p>\n<blockquote><p>\u201cSe a gente parar para olhar o que est\u00e1 sendo feito fora do Brasil&#8230; alguns pa\u00edses, como o Equador, j\u00e1 est\u00e3o pensando um pouco mais&#8230; nos direitos da natureza. Entendendo, por exemplo, o rio enquanto [personalidade jur\u00eddica] para garantir que ele seja um sistema saud\u00e1vel\u2026 A Nova Zel\u00e2ndia tamb\u00e9m foi pioneira. Junto com o povo Maori, concedeu personalidade jur\u00eddica ao Rio Whanganui. Isso reconhece o rio como um ente vivo e de direitos&#8230; S\u00e3o exemplos que a gente pode aprender, incorporar e explorar.\u201d \u2014 Kessy Almeida<\/p><\/blockquote>\n<p>Segundo Kessy e Ad\u00e3o, h\u00e1 medidas claras que pesquisadores, formuladores de pol\u00edticas p\u00fablicas e moradores podem tomar no Rio de Janeiro para proteger seus rios.<\/p>\n<blockquote><p>\u201cQuando eu penso para onde a gente vai, acho que existem dois caminhos. Um que n\u00e3o \u00e9 t\u00e3o positivo, que \u00e9 esse caminho da neglig\u00eancia, da intensa degrada\u00e7\u00e3o&#8230; dos nossos rios e dos nossos elementos naturais. Mas, como pesquisadora e ge\u00f3grafa, eu acredito que existe um outro rumo: a educa\u00e7\u00e3o pode nos ajudar a trilhar um caminho melhor, diferente.\u201d \u2014 Kessy Almeida<\/p><\/blockquote>\n<p>Grande parte do trabalho educativo realizado atualmente sobre os rios da cidade \u00e9 liderado por <a href=\"https:\/\/bit.ly\/44FVeiR\" target=\"_blank\" rel=\"noopener\">grupos comunit\u00e1rios<\/a>, <a href=\"https:\/\/bit.ly\/3GB1DTn\" target=\"_blank\" rel=\"noopener\">organiza\u00e7\u00f5es n\u00e3o governamentais<\/a>, <a href=\"https:\/\/www.geasur.com\/\" target=\"_blank\" rel=\"noopener\">grupos universit\u00e1rios<\/a> e de <a href=\"https:\/\/bit.ly\/4m0HZPn\" target=\"_blank\" rel=\"noopener\">pesquisa<\/a>, al\u00e9m de <a href=\"https:\/\/bit.ly\/44Hhw3N\" target=\"_blank\" rel=\"noopener\">alguns \u00f3rg\u00e3os p\u00fablicos<\/a>.<\/p>\n<p>De acordo com Kessy, o trabalho educativo realizado por esses grupos, embora n\u00e3o seja uma solu\u00e7\u00e3o cient\u00edfica \u201ct\u00edpica\u201d para o problema, \u00e9 a ferramenta mais poderosa para come\u00e7armos a refletir sobre a sa\u00fade dos rios.<\/p>\n<blockquote><p>\u201cSe a educa\u00e7\u00e3o estiver alinhada com estudos cient\u00edficos, dialogando com a gest\u00e3o p\u00fablica e respeitando as comunidades e os saberes tradicionais, eu acredito que a gente consiga restabelecer a conex\u00e3o entre a sociedade e os nossos rios.\u201d \u2014 Kessy Almeida<\/p><\/blockquote>\n<p>Kessy descreve a educa\u00e7\u00e3o como um caminho para a formula\u00e7\u00e3o de pol\u00edticas, que podem consagrar os direitos dos rios, e das comunidades que deles dependem, em lei.<\/p>\n<blockquote><p>\u201cIsso come\u00e7a pelo b\u00e1sico: garantir direitos b\u00e1sicos [\u00e0 moradia], a um ambiente saud\u00e1vel para se viver. Pensar tamb\u00e9m pol\u00edticas p\u00fablicas [que atendam \u00e0s reais necessidades da popula\u00e7\u00e3o]&#8230; [aproximar os] saberes produzidos na universidade das comunidades locais.\u201d \u2014 Kessy Almeida<\/p><\/blockquote>\n<p>Por fim, ela enfatiza que as necessidades n\u00e3o podem ser atendidas sem sabermos quais elas s\u00e3o, o que requer outro componente: a escuta.<\/p>\n<blockquote><p>\u201cO primeiro passo \u00e9 ouvir: ouvir o que o rio tem a dizer, ouvir o que a comunidade tem a dizer e pensar [as necessidades] de cada um&#8230; Que n\u00e3o seja de cima para baixo&#8230; Que de fato, [possamos ter] um cen\u00e1rio mais justo [do ponto de vista] ambiental e social.\u201d \u2014 Kessy Almeida<\/p><\/blockquote>\n<hr \/>\n<h4><b data-stringify-type=\"bold\">Apoie nossos esfor\u00e7os para fornecer apoio estrat\u00e9gico \u00e0s favelas do Rio, incluindo o jornalismo hiperlocal, cr\u00edtico, inovador e incans\u00e1vel do\u00a0<\/b><b data-stringify-type=\"bold\"><i data-stringify-type=\"italic\">RioOnWatch<\/i><\/b>\u2014<a class=\"c-link\" href=\"http:\/\/www.bit.ly\/ApoieROW\" rel=\"noopener noreferrer\" data-stringify-link=\"http:\/\/www.bit.ly\/ApoieROW\" data-sk=\"tooltip_parent\">doe aqui<\/a>.<\/h4>\n<!-- AddThis Advanced Settings generic via filter on the_content --><!-- AddThis Share Buttons generic via filter on the_content -->","protected":false},"excerpt":{"rendered":"<div class=\"mh-excerpt\"><p>Click Here for English Esta mat\u00e9ria faz parte de uma\u00a0s\u00e9rie\u00a0gerada por uma parceria com o\u00a0Digital Brazil Project\u00a0do\u00a0Centro Behner Stiefel de Estudos Brasileiros\u00a0da Universidade Estadual de San Diego na Calif\u00f3rnia, para produzir mat\u00e9rias sobre justi\u00e7a ambiental <a class=\"mh-excerpt-more\" href=\"https:\/\/rioonwatch.org.br\/?p=78741\" title=\"O Que Significa \u2018Sa\u00fade dos Rios\u2019? Explorando os Rios Cariocas e Sua Liga\u00e7\u00e3o com a Sa\u00fade Humana [REFER\u00caNCIA]\">[&#8230;]<\/a><!-- AddThis Advanced Settings generic via filter on get_the_excerpt --><!-- AddThis Share Buttons generic via filter on get_the_excerpt --><\/p>\n<\/div>","protected":false},"author":189,"featured_media":78742,"comment_status":"closed","ping_status":"closed","sticky":false,"template":"template-full.php","format":"standard","meta":{"_acf_changed":false,"_monsterinsights_skip_tracking":false,"_monsterinsights_sitenote_active":false,"_monsterinsights_sitenote_note":"","_monsterinsights_sitenote_category":0,"footnotes":""},"categories":[1621,1632,1631,1629,1626,344,342,1639],"tags":[592,510,338,2761,1258,322,1637,2901,1393,2001,3341,3360,16,492,2693,2193,184],"writer":[3580],"translator":[1971],"source":[],"ilustrador":[],"fotografo":[3582],"class_list":{"0":"post-78741","1":"post","2":"type-post","3":"status-publish","4":"format-standard","5":"has-post-thumbnail","7":"category-destaque","8":"category-pesquisa-e-analise","9":"category-entendendo-o-rio","10":"category-entrevistas-e-perfis","11":"category-por-observadores-internacionais","12":"category-politicas","13":"category-solucoes","14":"category-sustentabilidade","15":"tag-acari","16":"tag-agua","17":"tag-direito","18":"tag-direito-a-agua","19":"tag-entrevista","20":"tag-esgoto","21":"tag-referencia","22":"tag-rfs","23":"tag-rio-das-pedras","24":"tag-rio-guandu","25":"tag-rio-maracana","26":"tag-rios-em-favelas","27":"tag-rocinha","28":"tag-saneamento","29":"tag-serie-direitos-humanos-com-apoio-do-centro-behner-stiefel-da-sdsu","30":"tag-ufrj","31":"tag-zona-oeste","32":"writer-ranee-brady","33":"translator-geovanna-giannini","34":"fotografo-douglas-teixeira"},"acf":[],"yoast_head":"<!-- This site is optimized with the Yoast SEO plugin v25.6 - https:\/\/yoast.com\/wordpress\/plugins\/seo\/ -->\n<title>O Que Significa \u2018Sa\u00fade dos Rios\u2019? Explorando os Rios Cariocas e Sua Liga\u00e7\u00e3o com a Sa\u00fade Humana [REFER\u00caNCIA] - RioOnWatch<\/title>\n<meta name=\"robots\" content=\"index, follow, max-snippet:-1, max-image-preview:large, max-video-preview:-1\" \/>\n<link rel=\"canonical\" href=\"https:\/\/rioonwatch.org.br\/?p=78741\" \/>\n<meta property=\"og:locale\" content=\"pt_BR\" \/>\n<meta property=\"og:type\" content=\"article\" \/>\n<meta property=\"og:title\" content=\"O Que Significa \u2018Sa\u00fade dos Rios\u2019? Explorando os Rios Cariocas e Sua Liga\u00e7\u00e3o com a Sa\u00fade Humana [REFER\u00caNCIA] - RioOnWatch\" \/>\n<meta property=\"og:description\" content=\"Click Here for English Esta mat\u00e9ria faz parte de uma\u00a0s\u00e9rie\u00a0gerada por uma parceria com o\u00a0Digital Brazil Project\u00a0do\u00a0Centro Behner Stiefel de Estudos Brasileiros\u00a0da Universidade Estadual de San Diego na Calif\u00f3rnia, para produzir mat\u00e9rias sobre justi\u00e7a ambiental [...]\" \/>\n<meta property=\"og:url\" content=\"https:\/\/rioonwatch.org.br\/?p=78741\" \/>\n<meta property=\"og:site_name\" content=\"RioOnWatch\" \/>\n<meta property=\"article:published_time\" content=\"2025-07-22T18:38:06+00:00\" \/>\n<meta property=\"article:modified_time\" content=\"2025-11-14T14:58:57+00:00\" \/>\n<meta property=\"og:image\" content=\"https:\/\/rioonwatch.org.br\/wp-content\/uploads\/2025\/07\/Rio-das-Pedras-photo-river-health-article-Photo-Douglas-Teixeira-Agencia-Lume.jpg\" \/>\n\t<meta property=\"og:image:width\" content=\"2048\" \/>\n\t<meta property=\"og:image:height\" content=\"1536\" \/>\n\t<meta property=\"og:image:type\" content=\"image\/jpeg\" \/>\n<meta name=\"author\" content=\"Clau Guimar\u00e3es\" \/>\n<meta name=\"twitter:card\" content=\"summary_large_image\" \/>\n<meta name=\"twitter:label1\" content=\"Escrito por\" \/>\n\t<meta name=\"twitter:data1\" content=\"Clau Guimar\u00e3es\" \/>\n\t<meta name=\"twitter:label2\" content=\"Est. tempo de leitura\" \/>\n\t<meta name=\"twitter:data2\" content=\"7 minutos\" \/>\n<script type=\"application\/ld+json\" class=\"yoast-schema-graph\">{\"@context\":\"https:\/\/schema.org\",\"@graph\":[{\"@type\":\"Article\",\"@id\":\"https:\/\/rioonwatch.org.br\/?p=78741#article\",\"isPartOf\":{\"@id\":\"https:\/\/rioonwatch.org.br\/?p=78741\"},\"author\":{\"name\":\"Clau Guimar\u00e3es\",\"@id\":\"https:\/\/rioonwatch.org.br\/#\/schema\/person\/60477056fd70290836c7501475e308f3\"},\"headline\":\"O Que Significa \u2018Sa\u00fade dos Rios\u2019? Explorando os Rios Cariocas e Sua Liga\u00e7\u00e3o com a Sa\u00fade Humana [REFER\u00caNCIA]\",\"datePublished\":\"2025-07-22T18:38:06+00:00\",\"dateModified\":\"2025-11-14T14:58:57+00:00\",\"mainEntityOfPage\":{\"@id\":\"https:\/\/rioonwatch.org.br\/?p=78741\"},\"wordCount\":2147,\"publisher\":{\"@id\":\"https:\/\/rioonwatch.org.br\/#organization\"},\"image\":{\"@id\":\"https:\/\/rioonwatch.org.br\/?p=78741#primaryimage\"},\"thumbnailUrl\":\"https:\/\/rioonwatch.org.br\/wp-content\/uploads\/2025\/07\/Rio-das-Pedras-photo-river-health-article-Photo-Douglas-Teixeira-Agencia-Lume.jpg\",\"keywords\":[\"Acari\",\"\u00e1gua\",\"direito\",\"direito \u00e0 \u00e1gua\",\"entrevista\",\"esgoto\",\"Mat\u00e9rias de Refer\u00eancia\",\"Rede Favela Sustent\u00e1vel\",\"Rio das Pedras\",\"Rio Guandu\",\"Rio Maracan\u00e3\",\"rios em favelas\",\"Rocinha\",\"saneamento\",\"S\u00e9rie Apoiada pelo Centro Behner Stiefel\/SDSU\",\"UFRJ\",\"Zona Oeste\"],\"articleSection\":[\"*Destaque\",\"Dados e Pesquisa\",\"Entendendo o Rio\",\"Entrevistas e Perfis\",\"Escrito por Aliados\",\"Pol\u00edticas\",\"Solu\u00e7\u00f5es\",\"Sustentabilidade\"],\"inLanguage\":\"pt-BR\"},{\"@type\":\"WebPage\",\"@id\":\"https:\/\/rioonwatch.org.br\/?p=78741\",\"url\":\"https:\/\/rioonwatch.org.br\/?p=78741\",\"name\":\"O Que Significa \u2018Sa\u00fade dos Rios\u2019? Explorando os Rios Cariocas e Sua Liga\u00e7\u00e3o com a Sa\u00fade Humana [REFER\u00caNCIA] - RioOnWatch\",\"isPartOf\":{\"@id\":\"https:\/\/rioonwatch.org.br\/#website\"},\"primaryImageOfPage\":{\"@id\":\"https:\/\/rioonwatch.org.br\/?p=78741#primaryimage\"},\"image\":{\"@id\":\"https:\/\/rioonwatch.org.br\/?p=78741#primaryimage\"},\"thumbnailUrl\":\"https:\/\/rioonwatch.org.br\/wp-content\/uploads\/2025\/07\/Rio-das-Pedras-photo-river-health-article-Photo-Douglas-Teixeira-Agencia-Lume.jpg\",\"datePublished\":\"2025-07-22T18:38:06+00:00\",\"dateModified\":\"2025-11-14T14:58:57+00:00\",\"breadcrumb\":{\"@id\":\"https:\/\/rioonwatch.org.br\/?p=78741#breadcrumb\"},\"inLanguage\":\"pt-BR\",\"potentialAction\":[{\"@type\":\"ReadAction\",\"target\":[\"https:\/\/rioonwatch.org.br\/?p=78741\"]}]},{\"@type\":\"ImageObject\",\"inLanguage\":\"pt-BR\",\"@id\":\"https:\/\/rioonwatch.org.br\/?p=78741#primaryimage\",\"url\":\"https:\/\/rioonwatch.org.br\/wp-content\/uploads\/2025\/07\/Rio-das-Pedras-photo-river-health-article-Photo-Douglas-Teixeira-Agencia-Lume.jpg\",\"contentUrl\":\"https:\/\/rioonwatch.org.br\/wp-content\/uploads\/2025\/07\/Rio-das-Pedras-photo-river-health-article-Photo-Douglas-Teixeira-Agencia-Lume.jpg\",\"width\":2048,\"height\":1536,\"caption\":\"Rio das Pedras. Foto: Douglas Teixeira\/Ag\u00eancia Lume\"},{\"@type\":\"BreadcrumbList\",\"@id\":\"https:\/\/rioonwatch.org.br\/?p=78741#breadcrumb\",\"itemListElement\":[{\"@type\":\"ListItem\",\"position\":1,\"name\":\"In\u00edcio\",\"item\":\"https:\/\/rioonwatch.org.br\/\"},{\"@type\":\"ListItem\",\"position\":2,\"name\":\"O Que Significa \u2018Sa\u00fade dos Rios\u2019? Explorando os Rios Cariocas e Sua Liga\u00e7\u00e3o com a Sa\u00fade Humana [REFER\u00caNCIA]\"}]},{\"@type\":\"WebSite\",\"@id\":\"https:\/\/rioonwatch.org.br\/#website\",\"url\":\"https:\/\/rioonwatch.org.br\/\",\"name\":\"RioOnWatch\",\"description\":\"relatos das favelas cariocas\",\"publisher\":{\"@id\":\"https:\/\/rioonwatch.org.br\/#organization\"},\"potentialAction\":[{\"@type\":\"SearchAction\",\"target\":{\"@type\":\"EntryPoint\",\"urlTemplate\":\"https:\/\/rioonwatch.org.br\/?s={search_term_string}\"},\"query-input\":{\"@type\":\"PropertyValueSpecification\",\"valueRequired\":true,\"valueName\":\"search_term_string\"}}],\"inLanguage\":\"pt-BR\"},{\"@type\":\"Organization\",\"@id\":\"https:\/\/rioonwatch.org.br\/#organization\",\"name\":\"RioOnWatch\",\"url\":\"https:\/\/rioonwatch.org.br\/\",\"logo\":{\"@type\":\"ImageObject\",\"inLanguage\":\"pt-BR\",\"@id\":\"https:\/\/rioonwatch.org.br\/#\/schema\/logo\/image\/\",\"url\":\"https:\/\/rioonwatch.org.br\/wp-content\/uploads\/2021\/06\/RioOnWatchcabecalhoPT11anos-2.png\",\"contentUrl\":\"https:\/\/rioonwatch.org.br\/wp-content\/uploads\/2021\/06\/RioOnWatchcabecalhoPT11anos-2.png\",\"width\":779,\"height\":277,\"caption\":\"RioOnWatch\"},\"image\":{\"@id\":\"https:\/\/rioonwatch.org.br\/#\/schema\/logo\/image\/\"}},{\"@type\":\"Person\",\"@id\":\"https:\/\/rioonwatch.org.br\/#\/schema\/person\/60477056fd70290836c7501475e308f3\",\"name\":\"Clau Guimar\u00e3es\",\"image\":{\"@type\":\"ImageObject\",\"inLanguage\":\"pt-BR\",\"@id\":\"https:\/\/rioonwatch.org.br\/#\/schema\/person\/image\/\",\"url\":\"https:\/\/secure.gravatar.com\/avatar\/d3c7c802891cd0be7580519c331d257f?s=96&d=blank&r=g\",\"contentUrl\":\"https:\/\/secure.gravatar.com\/avatar\/d3c7c802891cd0be7580519c331d257f?s=96&d=blank&r=g\",\"caption\":\"Clau Guimar\u00e3es\"},\"url\":\"https:\/\/rioonwatch.org.br\/?author=189\"}]}<\/script>\n<!-- \/ Yoast SEO plugin. -->","yoast_head_json":{"title":"O Que Significa \u2018Sa\u00fade dos Rios\u2019? Explorando os Rios Cariocas e Sua Liga\u00e7\u00e3o com a Sa\u00fade Humana [REFER\u00caNCIA] - RioOnWatch","robots":{"index":"index","follow":"follow","max-snippet":"max-snippet:-1","max-image-preview":"max-image-preview:large","max-video-preview":"max-video-preview:-1"},"canonical":"https:\/\/rioonwatch.org.br\/?p=78741","og_locale":"pt_BR","og_type":"article","og_title":"O Que Significa \u2018Sa\u00fade dos Rios\u2019? Explorando os Rios Cariocas e Sua Liga\u00e7\u00e3o com a Sa\u00fade Humana [REFER\u00caNCIA] - RioOnWatch","og_description":"Click Here for English Esta mat\u00e9ria faz parte de uma\u00a0s\u00e9rie\u00a0gerada por uma parceria com o\u00a0Digital Brazil Project\u00a0do\u00a0Centro Behner Stiefel de Estudos Brasileiros\u00a0da Universidade Estadual de San Diego na Calif\u00f3rnia, para produzir mat\u00e9rias sobre justi\u00e7a ambiental [...]","og_url":"https:\/\/rioonwatch.org.br\/?p=78741","og_site_name":"RioOnWatch","article_published_time":"2025-07-22T18:38:06+00:00","article_modified_time":"2025-11-14T14:58:57+00:00","og_image":[{"width":2048,"height":1536,"url":"https:\/\/rioonwatch.org.br\/wp-content\/uploads\/2025\/07\/Rio-das-Pedras-photo-river-health-article-Photo-Douglas-Teixeira-Agencia-Lume.jpg","type":"image\/jpeg"}],"author":"Clau Guimar\u00e3es","twitter_card":"summary_large_image","twitter_misc":{"Escrito por":"Clau Guimar\u00e3es","Est. tempo de leitura":"7 minutos"},"schema":{"@context":"https:\/\/schema.org","@graph":[{"@type":"Article","@id":"https:\/\/rioonwatch.org.br\/?p=78741#article","isPartOf":{"@id":"https:\/\/rioonwatch.org.br\/?p=78741"},"author":{"name":"Clau Guimar\u00e3es","@id":"https:\/\/rioonwatch.org.br\/#\/schema\/person\/60477056fd70290836c7501475e308f3"},"headline":"O Que Significa \u2018Sa\u00fade dos Rios\u2019? Explorando os Rios Cariocas e Sua Liga\u00e7\u00e3o com a Sa\u00fade Humana [REFER\u00caNCIA]","datePublished":"2025-07-22T18:38:06+00:00","dateModified":"2025-11-14T14:58:57+00:00","mainEntityOfPage":{"@id":"https:\/\/rioonwatch.org.br\/?p=78741"},"wordCount":2147,"publisher":{"@id":"https:\/\/rioonwatch.org.br\/#organization"},"image":{"@id":"https:\/\/rioonwatch.org.br\/?p=78741#primaryimage"},"thumbnailUrl":"https:\/\/rioonwatch.org.br\/wp-content\/uploads\/2025\/07\/Rio-das-Pedras-photo-river-health-article-Photo-Douglas-Teixeira-Agencia-Lume.jpg","keywords":["Acari","\u00e1gua","direito","direito \u00e0 \u00e1gua","entrevista","esgoto","Mat\u00e9rias de Refer\u00eancia","Rede Favela Sustent\u00e1vel","Rio das Pedras","Rio Guandu","Rio Maracan\u00e3","rios em favelas","Rocinha","saneamento","S\u00e9rie Apoiada pelo Centro Behner Stiefel\/SDSU","UFRJ","Zona Oeste"],"articleSection":["*Destaque","Dados e Pesquisa","Entendendo o Rio","Entrevistas e Perfis","Escrito por Aliados","Pol\u00edticas","Solu\u00e7\u00f5es","Sustentabilidade"],"inLanguage":"pt-BR"},{"@type":"WebPage","@id":"https:\/\/rioonwatch.org.br\/?p=78741","url":"https:\/\/rioonwatch.org.br\/?p=78741","name":"O Que Significa \u2018Sa\u00fade dos Rios\u2019? Explorando os Rios Cariocas e Sua Liga\u00e7\u00e3o com a Sa\u00fade Humana [REFER\u00caNCIA] - RioOnWatch","isPartOf":{"@id":"https:\/\/rioonwatch.org.br\/#website"},"primaryImageOfPage":{"@id":"https:\/\/rioonwatch.org.br\/?p=78741#primaryimage"},"image":{"@id":"https:\/\/rioonwatch.org.br\/?p=78741#primaryimage"},"thumbnailUrl":"https:\/\/rioonwatch.org.br\/wp-content\/uploads\/2025\/07\/Rio-das-Pedras-photo-river-health-article-Photo-Douglas-Teixeira-Agencia-Lume.jpg","datePublished":"2025-07-22T18:38:06+00:00","dateModified":"2025-11-14T14:58:57+00:00","breadcrumb":{"@id":"https:\/\/rioonwatch.org.br\/?p=78741#breadcrumb"},"inLanguage":"pt-BR","potentialAction":[{"@type":"ReadAction","target":["https:\/\/rioonwatch.org.br\/?p=78741"]}]},{"@type":"ImageObject","inLanguage":"pt-BR","@id":"https:\/\/rioonwatch.org.br\/?p=78741#primaryimage","url":"https:\/\/rioonwatch.org.br\/wp-content\/uploads\/2025\/07\/Rio-das-Pedras-photo-river-health-article-Photo-Douglas-Teixeira-Agencia-Lume.jpg","contentUrl":"https:\/\/rioonwatch.org.br\/wp-content\/uploads\/2025\/07\/Rio-das-Pedras-photo-river-health-article-Photo-Douglas-Teixeira-Agencia-Lume.jpg","width":2048,"height":1536,"caption":"Rio das Pedras. Foto: Douglas Teixeira\/Ag\u00eancia Lume"},{"@type":"BreadcrumbList","@id":"https:\/\/rioonwatch.org.br\/?p=78741#breadcrumb","itemListElement":[{"@type":"ListItem","position":1,"name":"In\u00edcio","item":"https:\/\/rioonwatch.org.br\/"},{"@type":"ListItem","position":2,"name":"O Que Significa \u2018Sa\u00fade dos Rios\u2019? Explorando os Rios Cariocas e Sua Liga\u00e7\u00e3o com a Sa\u00fade Humana [REFER\u00caNCIA]"}]},{"@type":"WebSite","@id":"https:\/\/rioonwatch.org.br\/#website","url":"https:\/\/rioonwatch.org.br\/","name":"RioOnWatch","description":"relatos das favelas cariocas","publisher":{"@id":"https:\/\/rioonwatch.org.br\/#organization"},"potentialAction":[{"@type":"SearchAction","target":{"@type":"EntryPoint","urlTemplate":"https:\/\/rioonwatch.org.br\/?s={search_term_string}"},"query-input":{"@type":"PropertyValueSpecification","valueRequired":true,"valueName":"search_term_string"}}],"inLanguage":"pt-BR"},{"@type":"Organization","@id":"https:\/\/rioonwatch.org.br\/#organization","name":"RioOnWatch","url":"https:\/\/rioonwatch.org.br\/","logo":{"@type":"ImageObject","inLanguage":"pt-BR","@id":"https:\/\/rioonwatch.org.br\/#\/schema\/logo\/image\/","url":"https:\/\/rioonwatch.org.br\/wp-content\/uploads\/2021\/06\/RioOnWatchcabecalhoPT11anos-2.png","contentUrl":"https:\/\/rioonwatch.org.br\/wp-content\/uploads\/2021\/06\/RioOnWatchcabecalhoPT11anos-2.png","width":779,"height":277,"caption":"RioOnWatch"},"image":{"@id":"https:\/\/rioonwatch.org.br\/#\/schema\/logo\/image\/"}},{"@type":"Person","@id":"https:\/\/rioonwatch.org.br\/#\/schema\/person\/60477056fd70290836c7501475e308f3","name":"Clau Guimar\u00e3es","image":{"@type":"ImageObject","inLanguage":"pt-BR","@id":"https:\/\/rioonwatch.org.br\/#\/schema\/person\/image\/","url":"https:\/\/secure.gravatar.com\/avatar\/d3c7c802891cd0be7580519c331d257f?s=96&d=blank&r=g","contentUrl":"https:\/\/secure.gravatar.com\/avatar\/d3c7c802891cd0be7580519c331d257f?s=96&d=blank&r=g","caption":"Clau Guimar\u00e3es"},"url":"https:\/\/rioonwatch.org.br\/?author=189"}]}},"_links":{"self":[{"href":"https:\/\/rioonwatch.org.br\/index.php?rest_route=\/wp\/v2\/posts\/78741"}],"collection":[{"href":"https:\/\/rioonwatch.org.br\/index.php?rest_route=\/wp\/v2\/posts"}],"about":[{"href":"https:\/\/rioonwatch.org.br\/index.php?rest_route=\/wp\/v2\/types\/post"}],"author":[{"embeddable":true,"href":"https:\/\/rioonwatch.org.br\/index.php?rest_route=\/wp\/v2\/users\/189"}],"replies":[{"embeddable":true,"href":"https:\/\/rioonwatch.org.br\/index.php?rest_route=%2Fwp%2Fv2%2Fcomments&post=78741"}],"version-history":[{"count":28,"href":"https:\/\/rioonwatch.org.br\/index.php?rest_route=\/wp\/v2\/posts\/78741\/revisions"}],"predecessor-version":[{"id":80233,"href":"https:\/\/rioonwatch.org.br\/index.php?rest_route=\/wp\/v2\/posts\/78741\/revisions\/80233"}],"wp:featuredmedia":[{"embeddable":true,"href":"https:\/\/rioonwatch.org.br\/index.php?rest_route=\/wp\/v2\/media\/78742"}],"wp:attachment":[{"href":"https:\/\/rioonwatch.org.br\/index.php?rest_route=%2Fwp%2Fv2%2Fmedia&parent=78741"}],"wp:term":[{"taxonomy":"category","embeddable":true,"href":"https:\/\/rioonwatch.org.br\/index.php?rest_route=%2Fwp%2Fv2%2Fcategories&post=78741"},{"taxonomy":"post_tag","embeddable":true,"href":"https:\/\/rioonwatch.org.br\/index.php?rest_route=%2Fwp%2Fv2%2Ftags&post=78741"},{"taxonomy":"writer","embeddable":true,"href":"https:\/\/rioonwatch.org.br\/index.php?rest_route=%2Fwp%2Fv2%2Fwriter&post=78741"},{"taxonomy":"translator","embeddable":true,"href":"https:\/\/rioonwatch.org.br\/index.php?rest_route=%2Fwp%2Fv2%2Ftranslator&post=78741"},{"taxonomy":"source","embeddable":true,"href":"https:\/\/rioonwatch.org.br\/index.php?rest_route=%2Fwp%2Fv2%2Fsource&post=78741"},{"taxonomy":"ilustrador","embeddable":true,"href":"https:\/\/rioonwatch.org.br\/index.php?rest_route=%2Fwp%2Fv2%2Filustrador&post=78741"},{"taxonomy":"fotografo","embeddable":true,"href":"https:\/\/rioonwatch.org.br\/index.php?rest_route=%2Fwp%2Fv2%2Ffotografo&post=78741"}],"curies":[{"name":"wp","href":"https:\/\/api.w.org\/{rel}","templated":true}]}}