{"id":78761,"date":"2025-08-13T12:02:15","date_gmt":"2025-08-13T15:02:15","guid":{"rendered":"https:\/\/rioonwatch.org.br\/?p=78761"},"modified":"2025-11-14T11:54:13","modified_gmt":"2025-11-14T14:54:13","slug":"casa-de-santa-ana-projeto-pioneiro-da-cidade-de-deus-combate-o-asilamento-e-resiste-ha-mais-de-30-anos-na-favela-um-idoso-quer-o-que-tem-certeza-que-merece-perfil","status":"publish","type":"post","link":"https:\/\/rioonwatch.org.br\/?p=78761","title":{"rendered":"Casa de Santa Ana, Projeto Pioneiro da Cidade de Deus, Combate o Asilamento e Resiste H\u00e1 Mais de 30 Anos na Favela: \u2018Um Idoso Quer O Que Tem Certeza Que Merece\u2019 [PERFIL]"},"content":{"rendered":"<figure id=\"attachment_78780\" aria-describedby=\"caption-attachment-78780\" style=\"width: 1702px\" class=\"wp-caption aligncenter\"><a href=\"https:\/\/rioonwatch.org.br\/wp-content\/uploads\/2025\/07\/Desde-sua-fundacao-a-Casa-de-Santa-Ana-oferece-oficinas-voltadas-a-saude-ao-desenvolvimento-e-ao-bem-estar-de-idosos-da-Cidade-de-Deus.-Foto-Arquivo-pessoal.jpg\"><img fetchpriority=\"high\" decoding=\"async\" class=\"wp-image-78780 size-full\" title=\"Desde sua funda\u00e7\u00e3o, a Casa de Santa Ana oferece atividades e oficinas voltadas \u00e0 sa\u00fade, ao desenvolvimento e ao bem-estar de idosos da Cidade de Deus. Foto: Acervo pessoal\" src=\"https:\/\/rioonwatch.org.br\/wp-content\/uploads\/2025\/07\/Desde-sua-fundacao-a-Casa-de-Santa-Ana-oferece-oficinas-voltadas-a-saude-ao-desenvolvimento-e-ao-bem-estar-de-idosos-da-Cidade-de-Deus.-Foto-Arquivo-pessoal.jpg\" alt=\"Desde sua funda\u00e7\u00e3o, a Casa de Santa Ana oferece atividades e oficinas voltadas \u00e0 sa\u00fade, ao desenvolvimento e ao bem-estar de idosos da Cidade de Deus. Foto: Acervo pessoal\" width=\"1702\" height=\"1048\" srcset=\"https:\/\/rioonwatch.org.br\/wp-content\/uploads\/2025\/07\/Desde-sua-fundacao-a-Casa-de-Santa-Ana-oferece-oficinas-voltadas-a-saude-ao-desenvolvimento-e-ao-bem-estar-de-idosos-da-Cidade-de-Deus.-Foto-Arquivo-pessoal.jpg 1702w, https:\/\/rioonwatch.org.br\/wp-content\/uploads\/2025\/07\/Desde-sua-fundacao-a-Casa-de-Santa-Ana-oferece-oficinas-voltadas-a-saude-ao-desenvolvimento-e-ao-bem-estar-de-idosos-da-Cidade-de-Deus.-Foto-Arquivo-pessoal-620x382.jpg 620w, https:\/\/rioonwatch.org.br\/wp-content\/uploads\/2025\/07\/Desde-sua-fundacao-a-Casa-de-Santa-Ana-oferece-oficinas-voltadas-a-saude-ao-desenvolvimento-e-ao-bem-estar-de-idosos-da-Cidade-de-Deus.-Foto-Arquivo-pessoal-768x473.jpg 768w, https:\/\/rioonwatch.org.br\/wp-content\/uploads\/2025\/07\/Desde-sua-fundacao-a-Casa-de-Santa-Ana-oferece-oficinas-voltadas-a-saude-ao-desenvolvimento-e-ao-bem-estar-de-idosos-da-Cidade-de-Deus.-Foto-Arquivo-pessoal-1536x946.jpg 1536w\" sizes=\"(max-width: 1702px) 100vw, 1702px\" \/><\/a><figcaption id=\"caption-attachment-78780\" class=\"wp-caption-text\">Desde 1991, a Casa de Santa Ana oferece atividades e oficinas voltadas \u00e0 sa\u00fade, ao desenvolvimento e ao bem-estar de idosos da Cidade de Deus. Foto: Acervo pessoal<\/figcaption><\/figure>\n<p style=\"text-align: right;\"><a href=\"https:\/\/bit.ly\/425jjO6\" target=\"_blank\" rel=\"noopener\"><em><strong>Click Here for English<img decoding=\"async\" class=\"alignright wp-image-15790\" src=\"https:\/\/rioonwatch.org.br\/wp-content\/uploads\/2012\/08\/EN-standard-e1439583104716.jpg\" alt=\"\" width=\"20\" height=\"20\" \/><\/strong><\/em><\/a><\/p>\n<p><i><span style=\"font-weight: 400;\">Criada em 1988, inicialmente para oferecer apoio religioso a um grupo de 20 idosos na <\/span><\/i><a href=\"https:\/\/bit.ly\/2rF8MuX\"><i><span style=\"font-weight: 400;\">Cidade de Deus<\/span><\/i><\/a><i><span style=\"font-weight: 400;\">, na Zona Oeste do Rio de Janeiro, a <\/span><\/i><a href=\"https:\/\/bit.ly\/4f3rOPm\"><i><span style=\"font-weight: 400;\">Casa de Santa Ana<\/span><\/i><\/a><i><span style=\"font-weight: 400;\"> se tornou, em 1991, o primeiro <\/span><\/i><a href=\"https:\/\/bit.ly\/45qV0es\"><i><span style=\"font-weight: 400;\">centro-dia<\/span><\/i><\/a><i><span style=\"font-weight: 400;\"> e centro de conviv\u00eancia para idosos dentro de uma favela brasileira. Com uma abordagem inovadora e pioneira juntando oficinas voltadas para a promo\u00e7\u00e3o da sa\u00fade integral, de bem-estar, de preven\u00e7\u00e3o do asilamento e isolamento social, o projeto tem como principal objetivo acolher idosos da regi\u00e3o durante o expediente de trabalho de seus familiares.\u00a0<\/span><\/i><\/p>\n<p><i><span style=\"font-weight: 400;\">A Casa oferece, na parte do dia, diversas atividades de promo\u00e7\u00e3o \u00e0 sa\u00fade, \u00e0 cultura e \u00e0 educa\u00e7\u00e3o. As atividades priorizam o p\u00fablico de terceira idade, mas tamb\u00e9m s\u00e3o abertas para crian\u00e7as e jovens da regi\u00e3o. Essa abordagem intergeracional tem como objetivo promover a sociabilidade entre diferentes gera\u00e7\u00f5es da comunidade, prevenindo o isolamento t\u00e3o comum \u00e0 terceira idade.<\/span><\/i><\/p>\n<h3>&#8216;Lugar de Velho \u00c9 Onde Ele Quiser&#8217;<\/h3>\n<figure id=\"attachment_78781\" aria-describedby=\"caption-attachment-78781\" style=\"width: 500px\" class=\"wp-caption alignright\"><a href=\"https:\/\/rioonwatch.org.br\/wp-content\/uploads\/2025\/07\/Curso-da-Casa-de-Santa-Ana-para-cuidadores-de-idosos-integrava-diferentes-geracoes-e-estimulava-a-cultura-do-cuidado-com-a-terceira-idade.-Na-foto-turma-de-fevereiro-de-2015.jpg\"><img decoding=\"async\" class=\"wp-image-78781\" title=\"Curso da Casa de Santa Ana para cuidadores de idosos integrava diferentes gera\u00e7\u00f5es e estimulava a cultura do cuidado com a terceira idade. Na foto, turma de fevereiro de 2015. Foto: Acervo pessoal\" src=\"https:\/\/rioonwatch.org.br\/wp-content\/uploads\/2025\/07\/Curso-da-Casa-de-Santa-Ana-para-cuidadores-de-idosos-integrava-diferentes-geracoes-e-estimulava-a-cultura-do-cuidado-com-a-terceira-idade.-Na-foto-turma-de-fevereiro-de-2015.jpg\" alt=\"Curso da Casa de Santa Ana para cuidadores de idosos integrava diferentes gera\u00e7\u00f5es e estimulava a cultura do cuidado com a terceira idade. Na foto, turma de fevereiro de 2015. Foto: Acervo pessoal\" width=\"500\" height=\"373\" srcset=\"https:\/\/rioonwatch.org.br\/wp-content\/uploads\/2025\/07\/Curso-da-Casa-de-Santa-Ana-para-cuidadores-de-idosos-integrava-diferentes-geracoes-e-estimulava-a-cultura-do-cuidado-com-a-terceira-idade.-Na-foto-turma-de-fevereiro-de-2015.jpg 960w, https:\/\/rioonwatch.org.br\/wp-content\/uploads\/2025\/07\/Curso-da-Casa-de-Santa-Ana-para-cuidadores-de-idosos-integrava-diferentes-geracoes-e-estimulava-a-cultura-do-cuidado-com-a-terceira-idade.-Na-foto-turma-de-fevereiro-de-2015-620x463.jpg 620w, https:\/\/rioonwatch.org.br\/wp-content\/uploads\/2025\/07\/Curso-da-Casa-de-Santa-Ana-para-cuidadores-de-idosos-integrava-diferentes-geracoes-e-estimulava-a-cultura-do-cuidado-com-a-terceira-idade.-Na-foto-turma-de-fevereiro-de-2015-768x574.jpg 768w, https:\/\/rioonwatch.org.br\/wp-content\/uploads\/2025\/07\/Curso-da-Casa-de-Santa-Ana-para-cuidadores-de-idosos-integrava-diferentes-geracoes-e-estimulava-a-cultura-do-cuidado-com-a-terceira-idade.-Na-foto-turma-de-fevereiro-de-2015-80x60.jpg 80w\" sizes=\"(max-width: 500px) 100vw, 500px\" \/><\/a><figcaption id=\"caption-attachment-78781\" class=\"wp-caption-text\">Curso da Casa de Santa Ana para cuidadores de idosos integrava diferentes gera\u00e7\u00f5es e estimulava a cultura do cuidado com a terceira idade. Na foto, a turma de fevereiro de 2015. Foto: Acervo pessoal<\/figcaption><\/figure>\n<p><span style=\"font-weight: 400;\">O centro-dia da<\/span><span style=\"font-weight: 400;\"> Casa de Santa Ana come\u00e7a com a assistente social Maria de Lourdes <\/span><span style=\"font-weight: 400;\">Braz<\/span><span style=\"font-weight: 400;\"> quando ainda estagiava, entre 1989 e 1991, na Casa Gerontol\u00f3gica de Aeron\u00e1utica Brigadeiro Eduardo Gomes (CGABEG), na <\/span><a href=\"https:\/\/bit.ly\/303L5v0\"><span style=\"font-weight: 400;\">Ilha do Governador<\/span><\/a><span style=\"font-weight: 400;\">. Durante sua forma\u00e7\u00e3o, Lourdes visitou diversos asilos, tendo contato com a dura realidade de abandono de muitos idosos institucionalizados. Nesta experi\u00eancia, Lourdes descobriu <\/span><span style=\"font-weight: 400;\">tamb\u00e9m<\/span><span style=\"font-weight: 400;\"> os chamados centros de conviv\u00eancia e centros-dia.<\/span><\/p>\n<p><span style=\"font-weight: 400;\">Como funcionam? <\/span><span style=\"font-weight: 400;\">Propondo<\/span><span style=\"font-weight: 400;\"> a preven\u00e7\u00e3o<\/span><span style=\"font-weight: 400;\"> do modelo de asilamento, os centros-dia e centros de conviv\u00eancia n\u00e3o abrigam os idosos de forma integral <\/span><span style=\"font-weight: 400;\">ou<\/span><span style=\"font-weight: 400;\"> definitiva, mas prestam assist\u00eancia diurna a idosos e suas fam\u00edlias (no caso dos centros-dia) e oferecem atividades de integra\u00e7\u00e3o social (<\/span><span style=\"font-weight: 400;\">no caso dos<\/span><span style=\"font-weight: 400;\"> centros de conviv\u00eancia). Deste modo, buscam restabelecer a sociabilidade do idoso, combatendo, assim, seu isolamento e seu abandono, situa\u00e7\u00f5es comuns no modelo de asilamento.<\/span><\/p>\n<p><span style=\"font-weight: 400;\">Em 1991, Lourdes conheceu a Casa de Santa Ana que pertence a <\/span><a href=\"https:\/\/bit.ly\/4lJPjzu\"><span style=\"font-weight: 400;\">Par\u00f3quia Pai Eterno e S\u00e3o Jos\u00e9<\/span><\/a><span style=\"font-weight: 400;\">, na Cidade de Deus, j\u00e1 acolhendo um pequeno grupo de idosos da comunidade. Sua experi\u00eancia pesquisando os centros-dia e centros de conviv\u00eancia inspiraram Lourdes a propor ainda mais alternativas para o apoio a estes idosos que viviam em situa\u00e7\u00e3o de vulnerabilidade social.\u00a0<\/span><\/p>\n<p><span style=\"font-weight: 400;\">Com o apoio da igreja, em espa\u00e7o cedido por ela para a implanta\u00e7\u00e3o do centro-dia e centro de conviv\u00eancia, Lourdes inaugurou a iniciativa de assist\u00eancia social que at\u00e9 hoje \u00e9 realizada l\u00e1, na Travessa D\u00e9bora, N\u00famero 107. Mais tarde o im\u00f3vel foi cedido oficialmente em regime de Comodato.<\/span><\/p>\n<p>Apesar da proposta inicial priorizar a terceira idade, outras faixas et\u00e1rias foram inclu\u00eddas ao longo do tempo, integrando todas as gera\u00e7\u00f5es da comunidade.<\/p>\n<figure id=\"attachment_78801\" aria-describedby=\"caption-attachment-78801\" style=\"width: 500px\" class=\"wp-caption alignright\"><a href=\"https:\/\/rioonwatch.org.br\/wp-content\/uploads\/2025\/07\/Geralda-Pereira-cujo-imovel-doado-ao-projeto-transformou-se-na-Casa-de-Geralda.-Dona-Geralda-ilustrou-a-capa-da-revista-internacional-BOLD-em-1997.-Foto-Acervo-pessoal.png\"><img loading=\"lazy\" decoding=\"async\" class=\"wp-image-78801\" title=\"Geralda Pereira, cujo im\u00f3vel, doado ao projeto, transformou-se na Casa de Geralda. Em 1997, Dona Geralda ilustrou a capa da revista internacional BOLD para mat\u00e9ria sobre a Casa de Santa Ana. Foto: Acervo pessoal\" src=\"https:\/\/rioonwatch.org.br\/wp-content\/uploads\/2025\/07\/Geralda-Pereira-cujo-imovel-doado-ao-projeto-transformou-se-na-Casa-de-Geralda.-Dona-Geralda-ilustrou-a-capa-da-revista-internacional-BOLD-em-1997.-Foto-Acervo-pessoal.png\" alt=\"Geralda Pereira, cujo im\u00f3vel, doado ao projeto, transformou-se na Casa de Geralda. Em 1997, Dona Geralda ilustrou a capa da revista internacional BOLD para mat\u00e9ria sobre a Casa de Santa Ana. Foto: Acervo pessoal\" width=\"500\" height=\"589\" srcset=\"https:\/\/rioonwatch.org.br\/wp-content\/uploads\/2025\/07\/Geralda-Pereira-cujo-imovel-doado-ao-projeto-transformou-se-na-Casa-de-Geralda.-Dona-Geralda-ilustrou-a-capa-da-revista-internacional-BOLD-em-1997.-Foto-Acervo-pessoal.png 775w, https:\/\/rioonwatch.org.br\/wp-content\/uploads\/2025\/07\/Geralda-Pereira-cujo-imovel-doado-ao-projeto-transformou-se-na-Casa-de-Geralda.-Dona-Geralda-ilustrou-a-capa-da-revista-internacional-BOLD-em-1997.-Foto-Acervo-pessoal-526x620.png 526w, https:\/\/rioonwatch.org.br\/wp-content\/uploads\/2025\/07\/Geralda-Pereira-cujo-imovel-doado-ao-projeto-transformou-se-na-Casa-de-Geralda.-Dona-Geralda-ilustrou-a-capa-da-revista-internacional-BOLD-em-1997.-Foto-Acervo-pessoal-768x905.png 768w\" sizes=\"(max-width: 500px) 100vw, 500px\" \/><\/a><figcaption id=\"caption-attachment-78801\" class=\"wp-caption-text\">Geralda Pereira, cujo im\u00f3vel, doado ao projeto, transformou-se na Casa de Geralda. Em 1997, Dona Geralda ilustrou a capa da revista BOLD, do Instituto Internacional sobre Envelhecimento, para mat\u00e9ria sobre a Casa de Santa Ana. Foto: Acervo pessoal<\/figcaption><\/figure>\n<p><span style=\"font-weight: 400;\">As primeiras a\u00e7\u00f5es da Casa de Santa Ana priorizavam a promo\u00e7\u00e3o da sa\u00fade da terceira idade: cuidados como nutri\u00e7\u00e3o, higiene, curativos, fisioterapia, atividades f\u00edsicas, suporte emocional e terapias alternativas (como shiatsu, acupuntura e medita\u00e7\u00e3o).<\/span><\/p>\n<p><span style=\"font-weight: 400;\">Sendo os principais objetivos da Casa o cuidado, a promo\u00e7\u00e3o da sa\u00fade, acolhimento, e seguran\u00e7a do idoso, logo o projeto de Oficinas de Capacita\u00e7\u00e3o e Sensibiliza\u00e7\u00e3o de Cuidadores Familiares e Comunit\u00e1rios passou a ser <\/span><a href=\"https:\/\/bit.ly\/3TJwqQN\"><span style=\"font-weight: 400;\">um dos projetos principais da Casa<\/span><\/a><span style=\"font-weight: 400;\">. Neste per\u00edodo, a Casa teve como foco a prepara\u00e7\u00e3o de cuidadores familiares e informais, voltadas para pessoas de quase todas as idades. Infelizmente foi interrompido por volta de 2016 por falta de recursos financeiros.\u00a0<\/span><\/p>\n<p><span style=\"font-weight: 400;\">N\u00e3o demorou muito para que outras vertentes, como educa\u00e7\u00e3o, meio ambiente e cultura, tamb\u00e9m integrassem o leque de atua\u00e7\u00e3o da Casa por meio de palestras e oficinas. Com o tempo, os projetos se expandiram para a cria\u00e7\u00e3o de uma horta familiar comunit\u00e1ria, agricultura, dan\u00e7a, percuss\u00e3o e outras express\u00f5es art\u00edsticas<\/span><span style=\"font-weight: 400;\">. Atividades terap\u00eauticas, como oficinas de croch\u00ea, culin\u00e1ria e grupo de leitura tamb\u00e9m se tornaram comuns. E passeios para fora da comunidade com apoio de organiza\u00e7\u00f5es parceiras tamb\u00e9m aconteciam. Teve at\u00e9 um grupo de coral intergeracional, o <\/span><a href=\"https:\/\/bit.ly\/47rOHtE\"><span style=\"font-weight: 400;\">Grupo Vozes da Cidade de Deus<\/span><\/a><span style=\"font-weight: 400;\">, que recebeu apoio de um coral de ex-alunos da universidade estadosunidense, o <\/span><a href=\"https:\/\/yalealumnichorus.org\/\"><span style=\"font-weight: 400;\">Yale Alumni Chorus Foundation<\/span><\/a><span style=\"font-weight: 400;\">.<\/span><\/p>\n<p><span style=\"font-weight: 400;\">Em 1998, a Casa de Santa Ana se manteve como nome fantasia, com a iniciativa se formalizando com denomina\u00e7\u00e3o de Centro Dia Santa Ana (CEDISA), tendo portanto seu pr\u00f3prio CNPJ. A partir de ent\u00e3o passou a receber apoio internacional diretamente, da Caritas Holanda, e mantendo apoios da Funda\u00e7\u00e3o Holanda\/Brasil e IBISS. seus primeiros parceiros holandeses.<\/span><\/p>\n<p><span style=\"font-weight: 400;\">A partir dos anos 2000, o projeto ganhou um segundo espa\u00e7o, a Casa de Geralda, na Rua Samaritana, N\u00famero 7, que se tornou o primeiro centro de fisioterapia da Cidade de Deus. O im\u00f3vel foi doado por Geralda Pereira da Silva, idosa atendida pelo projeto at\u00e9 falecer. Pequeno e sem estrutura adequada, o im\u00f3vel foi demolido e no seu lugar foi constru\u00edda uma casa de tr\u00eas andares. O espa\u00e7o sediava diversos atendimento, al\u00e9m da <\/span><a href=\"https:\/\/bit.ly\/4fq5lw5\"><span style=\"font-weight: 400;\">fisioterapia especializada<\/span><\/a><span style=\"font-weight: 400;\">, como massoterapia, curativos para pessoas portadoras de feridas cr\u00f4nicas (como \u00falceras varicosas), terapias integrativas (acupuntura, auriculoterapia, pranaterapia, medita\u00e7\u00e3o, shiatsu, aromaterapia, dentre outras), psicologia em grupo e individual, oficina de educa\u00e7\u00e3o financeira, palestras sobre temas variados e rodas de conversas.<\/span><\/p>\n<p><span style=\"font-weight: 400;\">A Casa de Geralda tamb\u00e9m foi local de est\u00e1gio para alunos em forma\u00e7\u00e3o acad\u00eamica, chegando a ter 12 profissionais atendendo de forma cont\u00ednua os mais de 150 idosos inscritos. Constru\u00edda e mantida por mais de duas d\u00e9cadas pelo editor Geraldo Jord\u00e3o, fundador da editora Sextante, fechou as portas durante a <\/span><a href=\"https:\/\/bit.ly\/34yIvzX\"><span style=\"font-weight: 400;\">pandemia<\/span><\/a><span style=\"font-weight: 400;\"> por falta de verba.<\/span><\/p>\n<figure id=\"attachment_78783\" aria-describedby=\"caption-attachment-78783\" style=\"width: 500px\" class=\"wp-caption alignright\"><a href=\"https:\/\/rioonwatch.org.br\/wp-content\/uploads\/2025\/07\/Premio-lancado-pela-Associacao-de-Imprensa-da-Barra-AIB-que-celebra-anualmente-ONGs-que-mais-se-destacaram-com-trabalhos-acoes-ou-projetos-sociais-em-beneficio-da-sociedade.-Foto-Acervo-pessoal.jpg\"><img loading=\"lazy\" decoding=\"async\" class=\"wp-image-78783\" title=\"Em 2013, Casa de Santa Ana foi premiada pela Associa\u00e7\u00e3o de Imprensa da Barra (AIB), que celebra, anualmente, ONGs que mais se destacaram com trabalhos, a\u00e7\u00f5es ou projetos sociais em benef\u00edcio da sociedade. Foto: Acervo pessoal\" src=\"https:\/\/rioonwatch.org.br\/wp-content\/uploads\/2025\/07\/Premio-lancado-pela-Associacao-de-Imprensa-da-Barra-AIB-que-celebra-anualmente-ONGs-que-mais-se-destacaram-com-trabalhos-acoes-ou-projetos-sociais-em-beneficio-da-sociedade.-Foto-Acervo-pessoal.jpg\" alt=\"Em 2013, Casa de Santa Ana foi premiada pela Associa\u00e7\u00e3o de Imprensa da Barra (AIB), que celebra, anualmente, ONGs que mais se destacaram com trabalhos, a\u00e7\u00f5es ou projetos sociais em benef\u00edcio da sociedade. Foto: Acervo pessoal\" width=\"500\" height=\"282\" srcset=\"https:\/\/rioonwatch.org.br\/wp-content\/uploads\/2025\/07\/Premio-lancado-pela-Associacao-de-Imprensa-da-Barra-AIB-que-celebra-anualmente-ONGs-que-mais-se-destacaram-com-trabalhos-acoes-ou-projetos-sociais-em-beneficio-da-sociedade.-Foto-Acervo-pessoal.jpg 960w, https:\/\/rioonwatch.org.br\/wp-content\/uploads\/2025\/07\/Premio-lancado-pela-Associacao-de-Imprensa-da-Barra-AIB-que-celebra-anualmente-ONGs-que-mais-se-destacaram-com-trabalhos-acoes-ou-projetos-sociais-em-beneficio-da-sociedade.-Foto-Acervo-pessoal-620x349.jpg 620w, https:\/\/rioonwatch.org.br\/wp-content\/uploads\/2025\/07\/Premio-lancado-pela-Associacao-de-Imprensa-da-Barra-AIB-que-celebra-anualmente-ONGs-que-mais-se-destacaram-com-trabalhos-acoes-ou-projetos-sociais-em-beneficio-da-sociedade.-Foto-Acervo-pessoal-768x433.jpg 768w, https:\/\/rioonwatch.org.br\/wp-content\/uploads\/2025\/07\/Premio-lancado-pela-Associacao-de-Imprensa-da-Barra-AIB-que-celebra-anualmente-ONGs-que-mais-se-destacaram-com-trabalhos-acoes-ou-projetos-sociais-em-beneficio-da-sociedade.-Foto-Acervo-pessoal-678x381.jpg 678w\" sizes=\"(max-width: 500px) 100vw, 500px\" \/><\/a><figcaption id=\"caption-attachment-78783\" class=\"wp-caption-text\">Em 2010 e por mais 2 anos seguidos a Casa de Santa Ana foi premiada pela Associa\u00e7\u00e3o de Imprensa da Barra (AIB), que celebra, anualmente, ONGs que mais se destacaram com trabalhos, a\u00e7\u00f5es ou projetos sociais em benef\u00edcio da sociedade. Foto: Acervo pessoal<\/figcaption><\/figure>\n<p><span style=\"font-weight: 400;\">Em sua trajet\u00f3ria, a Casa realizou in\u00fameras forma\u00e7\u00f5es itinerantes em cuidados de idosos pelo Rio de Janeiro, apresentando a Casa de Santa Ana e seu modelo assistencial em v\u00e1rias regi\u00f5es do Brasil, e algumas cidades de pa\u00edses da Europa, Cuba, e Estados Unidos, angariando reconhecimento local, nacional e internacional na luta por dignidade para os idosos.<\/span><\/p>\n<p><span style=\"font-weight: 400;\">Assim sendo, Lourdes se tornou uma refer\u00eancia no tema e se tornou conselheira do <\/span><a href=\"https:\/\/bit.ly\/46dqruV\"><span style=\"font-weight: 400;\">Conselho Estadual de Defesa dos Direitos da Pessoa Idosa<\/span><\/a><span style=\"font-weight: 400;\"> do Rio de Janeiro CEDEPI\/RJ, que foi criado em 1996 junto a diversas outras organiza\u00e7\u00f5es da sociedade civil e do poder p\u00fablico, incluindo a Casa de Santa Ana como uma das organiza\u00e7\u00f5es representantes da sociedade civil, representando tamb\u00e9m a Cidade de Deus, \u00fanica favela a ter um centro-dia para idosos, e um centro de <a href=\"https:\/\/bit.ly\/4oLL7AU\">conviv\u00eancia intergeracional<\/a>.<\/span><\/p>\n<p><span style=\"font-weight: 400;\">O projeto coleciona reconhecimentos nacionais e internacionais, dentre eles, destaque, em 2002, no <\/span><a href=\"https:\/\/bit.ly\/3JnYHdu\"><span style=\"font-weight: 400;\">Concurso Banco Real Talentos da Maturidade<\/span><\/a><span style=\"font-weight: 400;\">, Pr\u00eamio Inclus\u00e3o Cultural da Pessoa Idosa (Secretaria da Identidade e Diversidade do Minist\u00e9rio da Cultura e Instituto Empreender), o <\/span><a href=\"https:\/\/bit.ly\/410inKo\"><span style=\"font-weight: 400;\">Pr\u00eamio de Responsabilidade Social Carvalho Hosken<\/span><\/a><span style=\"font-weight: 400;\"> da Associa\u00e7\u00e3o de Imprensa da Barra (AIB) que premiou a Casa tr\u00eas vezes, uma homenagem no <\/span><a href=\"https:\/\/bit.ly\/4kLRJvQ\"><span style=\"font-weight: 400;\">Pr\u00eamio Internacional BrazilFoundation<\/span><\/a><span style=\"font-weight: 400;\">, em 2014; entre outros, e v\u00e1rias reportagens na m\u00eddia.<\/span><\/p>\n<p>Ao longo dos anos, a Casa de Santa Ana transformou-se em refer\u00eancia, inspirando outros projetos no estado do Rio.<\/p>\n<figure id=\"attachment_78803\" aria-describedby=\"caption-attachment-78803\" style=\"width: 500px\" class=\"wp-caption alignright\"><a href=\"https:\/\/rioonwatch.org.br\/wp-content\/uploads\/2025\/07\/A-Casa-de-Santa-Ana-foi-reconhecida-pelo-vice-prefeito-da-cidade-holandesa-de-Beek-em-2003.-Foto-Acervo-pessoal.png\"><img loading=\"lazy\" decoding=\"async\" class=\"wp-image-78803\" title=\"A Casa de Santa Ana foi reconhecida pelo vice-prefeito da cidade holandesa de Beek em 2003. Foto: Acervo pessoal\" src=\"https:\/\/rioonwatch.org.br\/wp-content\/uploads\/2025\/07\/A-Casa-de-Santa-Ana-foi-reconhecida-pelo-vice-prefeito-da-cidade-holandesa-de-Beek-em-2003.-Foto-Acervo-pessoal.png\" alt=\"A Casa de Santa Ana foi reconhecida pelo vice-prefeito da cidade holandesa de Beek, em 2003. Foto: Acervo pessoal\" width=\"500\" height=\"692\" srcset=\"https:\/\/rioonwatch.org.br\/wp-content\/uploads\/2025\/07\/A-Casa-de-Santa-Ana-foi-reconhecida-pelo-vice-prefeito-da-cidade-holandesa-de-Beek-em-2003.-Foto-Acervo-pessoal.png 886w, https:\/\/rioonwatch.org.br\/wp-content\/uploads\/2025\/07\/A-Casa-de-Santa-Ana-foi-reconhecida-pelo-vice-prefeito-da-cidade-holandesa-de-Beek-em-2003.-Foto-Acervo-pessoal-448x620.png 448w, https:\/\/rioonwatch.org.br\/wp-content\/uploads\/2025\/07\/A-Casa-de-Santa-Ana-foi-reconhecida-pelo-vice-prefeito-da-cidade-holandesa-de-Beek-em-2003.-Foto-Acervo-pessoal-768x1063.png 768w\" sizes=\"(max-width: 500px) 100vw, 500px\" \/><\/a><figcaption id=\"caption-attachment-78803\" class=\"wp-caption-text\">A Casa de Santa Ana foi reconhecida pelo vice-prefeito da cidade holandesa de Beek em 2003. Foto: Acervo pessoal<\/figcaption><\/figure>\n<p><span style=\"font-weight: 400;\">Um deles \u00e9 o <\/span><a href=\"https:\/\/bit.ly\/4o0wnhn\"><span style=\"font-weight: 400;\">Centro de Atendimento \u00e0 Pessoa Idosa Jos\u00e9 Conrado<\/span><\/a><span style=\"font-weight: 400;\">, em Volta Redonda, <\/span><span style=\"font-weight: 400;\">e <\/span><span style=\"font-weight: 400;\">outro, o <\/span><a href=\"https:\/\/bit.ly\/4175LBj\"><span style=\"font-weight: 400;\">Centro de Promo\u00e7\u00e3o Social Abrigo do Cristo Redentor<\/span><\/a><span style=\"font-weight: 400;\">, em <\/span><a href=\"https:\/\/bit.ly\/2WApp9y\"><span style=\"font-weight: 400;\">Bonsucesso<\/span><\/a><span style=\"font-weight: 400;\">.<\/span><\/p>\n<blockquote><p>\u201cEsse conv\u00edvio \u00e9 uma troca que os mais jovens aprendem com os mais velhos sobre a velhice e tendem a encarar de forma mais positiva, na maioria das vezes, e o idoso pega essa energia da juventude, essa alegria, e se lembra das coisas boas tamb\u00e9m [da pr\u00f3pria vida]. Chega uma certa idade da vida [em] que voc\u00ea vive muito as lembran\u00e7as e se elas s\u00e3o boas, te abastecem.<\/p>\n<p>A idade cronol\u00f3gica \u00e9 uma [s\u00f3 para todos], n\u00e3o tem jeito, mas a condi\u00e7\u00e3o biol\u00f3gica varia de pessoa para pessoa. As pessoas falam que velho \u00e9 tudo igual. N\u00e3o \u00e9, depende de como [essa pessoa] viveu.<\/p>\n<p>A gente entende que voc\u00ea come\u00e7a a envelhecer na barriga da m\u00e3e e, se desde cedo voc\u00ea tem uma conviv\u00eancia boa, a tend\u00eancia \u00e9 tornar a velhice algo mais positivo.<\/p>\n<p>A maior parte do preconceito em torno disso \u00e9 por causa dessa separa\u00e7\u00e3o de conviv\u00eancia, \u2018de lugar de velho\u2019, de \u2018lugar de jovem\u2019. Lugar de velho \u00e9 onde ele quiser.\u201d \u2014 Maria de Lourdes<\/p><\/blockquote>\n<p>Ao todo, a organiza\u00e7\u00e3o beneficiou centenas de idosos moradores da Cidade de Deus, al\u00e9m de suas fam\u00edlias e milhares de outras pessoas direta e indiretamente.<\/p>\n<p>Isso dito, apesar de sua longa caminhada e impactos t\u00e3o positivos e reconhecidos, at\u00e9 a Casa de Santa Ana atravessa dificuldades para sua sobreviv\u00eancia. Se agravou desde a pandemia, momento em que perdeu apoiadores.<\/p>\n<p>O funcionamento da Casa de Santa Ana depende de doa\u00e7\u00e3o de recursos para pagar suas contas essenciais, como \u00e1gua, luz, g\u00e1s, internet, limpeza, higiene, alimenta\u00e7\u00e3o, al\u00e9m da remunera\u00e7\u00e3o da equipe, que j\u00e1 teve um time multidisciplinar de 20 colaboradores e, hoje, conta com apenas duas pessoas.<\/p>\n<p>Al\u00e9m disso, os dois espa\u00e7os f\u00edsicos que sediam os projetos da organiza\u00e7\u00e3o (a Casa de Geralda e a pr\u00f3pria Casa de Santa Ana) eventualmente precisam de reparos e reformas em toda a sua parte estrutural (hidr\u00e1ulica, el\u00e9trica e pintura).<\/p>\n<p><span style=\"font-weight: 400;\">Atualmente, o espa\u00e7o atende, em m\u00e9dia, 25 idosos, oferecendo oficinas de medita\u00e7\u00e3o \u00e0 dist\u00e2ncia, cinesioterapia, <\/span><a href=\"https:\/\/bit.ly\/3GTa8t0\"><span style=\"font-weight: 400;\">bal\u00e9<\/span><\/a><span style=\"font-weight: 400;\">, gin\u00e1stica, atividades terap\u00eauticas, como artesanato, rodas de conversa, grupo de ora\u00e7\u00e3o, entre outras atividades intergeracionais. Tudo isso realizado com o apoio de organiza\u00e7\u00f5es parceiras, com<\/span><span style=\"font-weight: 400;\">o a Par\u00f3quia Pai Eterno<\/span><span style=\"font-weight: 400;\">, o <\/span><a href=\"https:\/\/bit.ly\/4fyX2Oy\"><span style=\"font-weight: 400;\">Instituto de Pranaterapia<\/span><\/a><span style=\"font-weight: 400;\">, o <\/span><span style=\"font-weight: 400;\">Devaki<\/span><span style=\"font-weight: 400;\">, <\/span><a href=\"https:\/\/bit.ly\/3J78ULt\"><span style=\"font-weight: 400;\">Farmanguinhos<\/span><\/a><span style=\"font-weight: 400;\">, <\/span><a href=\"https:\/\/bit.ly\/2WDhuUk\"><span style=\"font-weight: 400;\">Fiocruz<\/span><\/a><span style=\"font-weight: 400;\">, <\/span><a href=\"https:\/\/bit.ly\/40YZJCS\"><span style=\"font-weight: 400;\">SESI-Cidadania<\/span><\/a><span style=\"font-weight: 400;\">, <\/span><a href=\"https:\/\/bit.ly\/3J86dcr\"><span style=\"font-weight: 400;\">Polo de Educa\u00e7\u00e3o do SESC<\/span><\/a><span style=\"font-weight: 400;\"> e <\/span><a href=\"https:\/\/bit.ly\/45wu9xN\"><span style=\"font-weight: 400;\">CRAS Elis Regina<\/span><\/a><span style=\"font-weight: 400;\">. J\u00e1 a Casa de Geralda, atualmente, abre duas vezes por semana para atividades da <\/span><a href=\"https:\/\/bit.ly\/4otvtdn\"><span style=\"font-weight: 400;\">Igreja Messi\u00e2nica<\/span><\/a><span style=\"font-weight: 400;\"> com a comunidade.<\/span><\/p>\n<figure id=\"attachment_78784\" aria-describedby=\"caption-attachment-78784\" style=\"width: 1280px\" class=\"wp-caption aligncenter\"><a href=\"https:\/\/rioonwatch.org.br\/wp-content\/uploads\/2025\/07\/Participacao-do-Grupo-Misturidade-formado-por-idosos-da-Casa-de-Santa-Ana-em-evento-do-Movimento-Longevidade-Brasil-no-Dia-Internacional-do-Idoso.-Foto-Acervo-pessoal.jpg\"><img loading=\"lazy\" decoding=\"async\" class=\"wp-image-78784 size-full\" title=\"Participa\u00e7\u00e3o do Grupo Misturidade, formado por idosas da Casa de Santa Ana, em evento do Movimento Longevidade Brasil, no Dia Internacional do Idoso, em 2017. Foto: Acervo pessoal\" src=\"https:\/\/rioonwatch.org.br\/wp-content\/uploads\/2025\/07\/Participacao-do-Grupo-Misturidade-formado-por-idosos-da-Casa-de-Santa-Ana-em-evento-do-Movimento-Longevidade-Brasil-no-Dia-Internacional-do-Idoso.-Foto-Acervo-pessoal.jpg\" alt=\"Participa\u00e7\u00e3o do Grupo Misturidade, formado por idosas da Casa de Santa Ana, em evento do Movimento Longevidade Brasil, no Dia Internacional do Idoso, em 2017. Foto: Acervo pessoal\" width=\"1280\" height=\"781\" srcset=\"https:\/\/rioonwatch.org.br\/wp-content\/uploads\/2025\/07\/Participacao-do-Grupo-Misturidade-formado-por-idosos-da-Casa-de-Santa-Ana-em-evento-do-Movimento-Longevidade-Brasil-no-Dia-Internacional-do-Idoso.-Foto-Acervo-pessoal.jpg 1280w, https:\/\/rioonwatch.org.br\/wp-content\/uploads\/2025\/07\/Participacao-do-Grupo-Misturidade-formado-por-idosos-da-Casa-de-Santa-Ana-em-evento-do-Movimento-Longevidade-Brasil-no-Dia-Internacional-do-Idoso.-Foto-Acervo-pessoal-620x378.jpg 620w, https:\/\/rioonwatch.org.br\/wp-content\/uploads\/2025\/07\/Participacao-do-Grupo-Misturidade-formado-por-idosos-da-Casa-de-Santa-Ana-em-evento-do-Movimento-Longevidade-Brasil-no-Dia-Internacional-do-Idoso.-Foto-Acervo-pessoal-768x469.jpg 768w\" sizes=\"(max-width: 1280px) 100vw, 1280px\" \/><\/a><figcaption id=\"caption-attachment-78784\" class=\"wp-caption-text\">Participa\u00e7\u00e3o do Grupo Misturidade, formado por idosas da Casa de Santa Ana, em evento do Movimento Longevidade Brasil, no Dia Internacional do Idoso, em 2017. Foto: Acervo pessoal<\/figcaption><\/figure>\n<blockquote><p><span style=\"font-weight: 400;\">\u201cOuvi uma [das idosas] dizer que convida as amigas pra almo\u00e7ar, pra sair no final de semana\u2026 Onde voc\u00ea faz esse tipo de contato se n\u00e3o \u00e9 num espa\u00e7o assim? As pessoas falam: \u2018Ah, \u00e9 uma casa que recebe os velhinhos pra passar o dia l\u00e1, ficar esperando a morte chegar.\u2019 Aqui o que a gente menos espera \u00e9 isso. Essa casa tem muita vida, energia. Elas<\/span><span style=\"font-weight: 400;\"> [idosas] <\/span><span style=\"font-weight: 400;\">t\u00eam muita coisa pra oferecer. At\u00e9 o ano passado, t\u00ednhamos aulas de bal\u00e9 com alunas de 86 anos participando. Eu t\u00f4 com 67 anos e n\u00e3o me sinto com essa idade, sinto que ainda tenho <\/span><span style=\"font-weight: 400;\">muitas coisas<\/span><span style=\"font-weight: 400;\"> pra fazer, energia e vitalidade, mas fico imaginando pessoas da minha idade que j\u00e1 est\u00e3o entregando os pontos, que n\u00e3o t\u00eam mais perspectivas<\/span><span style=\"font-weight: 400;\">, <\/span><span style=\"font-weight: 400;\">e aqui a gente v\u00ea isso nelas, que elas t\u00eam perspectivas. \u00c9 um lugar que oferece poucos recursos [no momento] e com riscos [por estar dentro de uma comunidade], mas oferece tamb\u00e9m possibilidades. Essa [Casa] aqui \u00e9 uma delas. Aqui funciona como uma casa, precisa de cuidados com<\/span><span style=\"font-weight: 400;\">o<\/span><span style=\"font-weight: 400;\"> limpeza, alimenta\u00e7\u00e3o, manuten\u00e7\u00e3o, tudo o que \u00e9 preciso para ter bem-estar \u00e9 o que a gente precisa aqui. O ideal \u00e9 a gente ter pelo menos R$42.000,00 por m\u00eas para ter uma equipe b\u00e1sica, mas a real \u00e9 que a gente n\u00e3o tem nem 10% disso. Tem horas que entro em parafuso, porque \u00e9 muita responsabilidade. A gente teve que reduzir o valor que os [colaboradores] ganhavam. Se as pessoas j\u00e1 n\u00e3o apoiam o projeto funcionando, se a gente para [de fazer um trabalho como esse \u00e9 pior ainda].\u201d \u2014 Maria de Lourdes<\/span><\/p><\/blockquote>\n<p>Hoje, a entidade \u00e9 mantida atrav\u00e9s de doa\u00e7\u00f5es, editais, parcerias com outras organiza\u00e7\u00f5es, voluntariado, patroc\u00ednio e campanhas para suprir necessidades b\u00e1sicas. Uma dessas a\u00e7\u00f5es recentes foi a Fejunina, feijoada beneficente que teve como prop\u00f3sito arrecadar fundos para o projeto.<\/p>\n<blockquote><p>\u201cA gente faz as coisas com o recurso que consegue. A feijoada que fizemos, come\u00e7amos a divulgar dois meses antes pra poder arrecadar dinheiro para pagar mais dois meses de sal\u00e1rio para os colaboradores fixos. Isso d\u00e1 uma ang\u00fastia, inseguran\u00e7a, porque voc\u00ea nunca sabe como vai ser daqui a um m\u00eas, ent\u00e3o, voc\u00ea n\u00e3o tem uma continuidade. A gente recebe gente do Brasil e de fora porque aqui \u00e9 um ponto de refer\u00eancia, nacional e internacional. Um projeto desse, pra funcionar adequadamente, tem que ter apoio cont\u00ednuo. O governo tem que investir.&#8221; \u2014 Maria de Lourdes<\/p><\/blockquote>\n<figure id=\"attachment_78979\" aria-describedby=\"caption-attachment-78979\" style=\"width: 1983px\" class=\"wp-caption aligncenter\"><a href=\"https:\/\/rioonwatch.org.br\/wp-content\/uploads\/2025\/08\/Fejunina.png\"><img loading=\"lazy\" decoding=\"async\" class=\"wp-image-78979 size-full\" title=\"O projeto desenvolve diversas iniciativas para se autossustentar. Uma delas foi a feijoada beneficente &quot;Fejunina&quot;, realizada em junho de 2025 Foto: Amanda Baroni\" src=\"https:\/\/rioonwatch.org.br\/wp-content\/uploads\/2025\/08\/Fejunina.png\" alt=\"O projeto desenvolve diversas iniciativas para se autossustentar. Uma delas foi a feijoada beneficente &quot;Fejunina&quot;, realizada em junho de 2025 Foto: Amanda Baroni\" width=\"1983\" height=\"767\" srcset=\"https:\/\/rioonwatch.org.br\/wp-content\/uploads\/2025\/08\/Fejunina.png 1983w, https:\/\/rioonwatch.org.br\/wp-content\/uploads\/2025\/08\/Fejunina-620x240.png 620w, https:\/\/rioonwatch.org.br\/wp-content\/uploads\/2025\/08\/Fejunina-768x297.png 768w, https:\/\/rioonwatch.org.br\/wp-content\/uploads\/2025\/08\/Fejunina-1536x594.png 1536w\" sizes=\"(max-width: 1983px) 100vw, 1983px\" \/><\/a><figcaption id=\"caption-attachment-78979\" class=\"wp-caption-text\">O projeto desenvolve diversas iniciativas para se autossustentar. Uma delas foi a feijoada beneficente &#8220;Fejunina&#8221;, realizada em junho de 2025 Foto: Amanda Baroni<\/figcaption><\/figure>\n<p>Para Miriam Machado, 65, uma das idosas atendidas pelo projeto h\u00e1 15 anos, a dificuldade da Casa em conseguir apoio est\u00e1 relacionada ao preconceito com a velhice:<\/p>\n<blockquote><p>\u201cAcho que eles d\u00e3o muita import\u00e2ncia pra crian\u00e7as porque s\u00e3o crian\u00e7as [com uma vis\u00e3o estereotipada de que elas s\u00e3o o futuro] e os velhos n\u00e3o, porque &#8216;daqui a pouco vai morrer&#8217; e a crian\u00e7a tem o que oferecer. O idoso j\u00e1 n\u00e3o [tem mais]. \u2014 Miriam Machado<\/p><\/blockquote>\n<p>Vanalice Magalh\u00e3es, 66, atendida pela Casa h\u00e1 oito anos, relata que vivenciar desrespeito e invisibilidade nesta fase da vida \u00e9 muito comum:<\/p>\n<blockquote><p>\u201cNo ano passado, um m\u00e9dico da Cl\u00ednica da Fam\u00edlia foi na minha casa [prescrever rem\u00e9dios pra mim] e ficou s\u00f3 tr\u00eas minutos. Eu tive que falar pra ele que aquele rem\u00e9dio eu n\u00e3o podia tomar, porque era anticoagulante e ele fez assim, &#8216;Como \u00e9 que voc\u00ea sabe?&#8217;, eu disse: &#8216;Porque meu cardiologista disse que n\u00e3o posso tomar&#8217;. Mesmo assim, ele botou na receita. Ele nunca mais voltou. Tem tr\u00eas meses que pegaram meu exame de sangue e urina, at\u00e9 hoje ningu\u00e9m voltou. [Essa falta de interesse em investir na gente] \u00e9 porque velho \u00e9 caro. Pra uma crian\u00e7a, qualquer bobeirinha fica feliz. Voc\u00ea d\u00e1 um pacote de biscoito e ela sai pulando, e um idoso n\u00e3o. Sabe o que \u00e9 bom e ruim e quer o que tem certeza que merece.\u201d \u2014 Vanalice Magalh\u00e3es<\/p><\/blockquote>\n<div class=\"mceTemp\"><\/div>\n<figure id=\"attachment_78980\" aria-describedby=\"caption-attachment-78980\" style=\"width: 2356px\" class=\"wp-caption aligncenter\"><a href=\"https:\/\/rioonwatch.org.br\/wp-content\/uploads\/2025\/08\/Fejunina2.png\"><img loading=\"lazy\" decoding=\"async\" class=\"wp-image-78980 size-full\" title=\"Na foto, da esquerda para a direita, Vanalice, Miriam, Sidneia (colaboradora fixa), Wilson (colaborador fixo), Nancy Lomeu da Silva, uma das fundadoras da Casa de Santa Ana, e Laura, todas atendidas pelo projeto, na feijoada beneficente \u201cFejunina\u201d. Foto: Amanda Baroni\" src=\"https:\/\/rioonwatch.org.br\/wp-content\/uploads\/2025\/08\/Fejunina2.png\" alt=\"Na foto, da esquerda para a direita, Vanalice, Miriam, Sidneia (colaboradora fixa), Wilson (colaborador fixo), Nancy Lomeu da Silva, uma das fundadoras da Casa de Santa Ana, e Laura, todas atendidas pelo projeto, na feijoada beneficente \u201cFejunina\u201d. Foto: Amanda Baroni\" width=\"2356\" height=\"1372\" srcset=\"https:\/\/rioonwatch.org.br\/wp-content\/uploads\/2025\/08\/Fejunina2.png 2356w, https:\/\/rioonwatch.org.br\/wp-content\/uploads\/2025\/08\/Fejunina2-620x361.png 620w, https:\/\/rioonwatch.org.br\/wp-content\/uploads\/2025\/08\/Fejunina2-768x447.png 768w, https:\/\/rioonwatch.org.br\/wp-content\/uploads\/2025\/08\/Fejunina2-1536x894.png 1536w, https:\/\/rioonwatch.org.br\/wp-content\/uploads\/2025\/08\/Fejunina2-2048x1193.png 2048w\" sizes=\"(max-width: 2356px) 100vw, 2356px\" \/><\/a><figcaption id=\"caption-attachment-78980\" class=\"wp-caption-text\">Na foto, da esquerda para a direita, Vanalice, Miriam, Sidneia (colaboradora fixa), Wilson (colaborador fixo), Nancy Lomeu da Silva, uma das fundadoras da Casa de Santa Ana, e Laura, todas atendidas pelo projeto, na feijoada beneficente \u201cFejunina\u201d. Foto: Amanda Baroni<\/figcaption><\/figure>\n<h3>\u2018A Gente N\u00e3o T\u00e1 Se Preparando Para Uma Popula\u00e7\u00e3o Que T\u00e1 Vivendo Mais\u2019<\/h3>\n<p><span style=\"font-weight: 400;\">Refletindo sobre o estigma contra a terceira idade, Lourdes alerta sobre a urg\u00eancia em estimular a mudan\u00e7a de pensamento a respeito do tema.<\/span><\/p>\n<blockquote><p>\u201cA sociedade ainda n\u00e3o entendeu que a popula\u00e7\u00e3o est\u00e1 envelhecendo de uma forma acelerada. A gente n\u00e3o t\u00e1 se preparando para uma popula\u00e7\u00e3o que t\u00e1 vivendo mais e sem qualidade de vida. J\u00e1 t\u00e1 tendo idoso que mora na rua, pedindo esmola em sinal, precisa de uma institui\u00e7\u00e3o pra morar porque a fam\u00edlia n\u00e3o pode cuidar, mas n\u00e3o tem [esse tipo de institui\u00e7\u00e3o]. A gente tem que pensar no futuro [que ser\u00e1 a velhice]. A minha preocupa\u00e7\u00e3o \u00e9 quando a gente vai acordar pra isso, quando vai priorizar de fato uma popula\u00e7\u00e3o que precisa, porque, querendo ou n\u00e3o, as pessoas envelhecem e precisam de v\u00e1rios recursos. E quem cuida disso? Se n\u00e3o tem recurso adequado nem pra crian\u00e7a e jovem, o que se faz com o idoso? A minha preocupa\u00e7\u00e3o \u00e9 justamente essa: que as pessoas entendam que quem n\u00e3o morre jovem, vai envelhecer, e se voc\u00ea envelhece sem condi\u00e7\u00e3o, a\u00ed, a coisa fica muito mais complicada. Eu t\u00f4 num universo micro. Isso que a gente faz aqui na Cidade de Deus \u00e9 um gr\u00e3o de areia no universo. Imagina isso multiplicado? N\u00e3o tem idoso s\u00f3 aqui. Aqui que a gente tem essa infraestrutura m\u00ednima j\u00e1 enfrenta tantas dificuldades pra manter, imagina no lugar que n\u00e3o tem nada [pra esse p\u00fablico]. Muita gente morre sem nenhum tipo de assist\u00eancia. Que Brasil \u00e9 esse que a gente t\u00e1 construindo pra eles?\u201d \u2014 Maria de Lourdes<\/p><\/blockquote>\n<p>Al\u00e9m dos atendidos, Wilson Carlos, colaborador fixo do projeto h\u00e1 20 anos, refor\u00e7a a import\u00e2ncia de apoiar a terceira idade e ressalta seu papel fundamental na sociedade.<\/p>\n<blockquote><p>\u201cHoje em dia, se d\u00e1 mais valor [em projetos] para crian\u00e7as porque elas s\u00e3o o futuro, mas n\u00e3o olham para o idoso que j\u00e1 foi [isso tamb\u00e9m] e tem muito mais para ensinar para gente. Uma crian\u00e7a pode ensinar algo pra voc\u00ea, mas a experi\u00eancia que o idoso tem da vida ensina muito mais.\u201d \u2014 Wilson Carlos<\/p><\/blockquote>\n<figure id=\"attachment_78788\" aria-describedby=\"caption-attachment-78788\" style=\"width: 1114px\" class=\"wp-caption aligncenter\"><a href=\"https:\/\/rioonwatch.org.br\/wp-content\/uploads\/2025\/07\/A-Casa-de-Santa-Ana-promove-a-inclusao-social-e-o-cuidado-a-saude-de-idosos-da-Cidade-de-Deus-integrando-diferentes-geracoes-em-suas-iniciativas.-Foto-Acervo-pessoal.jpg\"><img loading=\"lazy\" decoding=\"async\" class=\"wp-image-78788 size-full\" title=\"A Casa de Santa Ana promove a inclus\u00e3o social e o cuidado \u00e0 sa\u00fade de idosos da Cidade de Deus, integrando diferentes gera\u00e7\u00f5es em suas iniciativas. Foto: Acervo pessoal\" src=\"https:\/\/rioonwatch.org.br\/wp-content\/uploads\/2025\/07\/A-Casa-de-Santa-Ana-promove-a-inclusao-social-e-o-cuidado-a-saude-de-idosos-da-Cidade-de-Deus-integrando-diferentes-geracoes-em-suas-iniciativas.-Foto-Acervo-pessoal.jpg\" alt=\"A Casa de Santa Ana promove a inclus\u00e3o social e o cuidado \u00e0 sa\u00fade de idosos da Cidade de Deus, integrando diferentes gera\u00e7\u00f5es em suas iniciativas. Foto: Acervo pessoal\" width=\"1114\" height=\"1440\" srcset=\"https:\/\/rioonwatch.org.br\/wp-content\/uploads\/2025\/07\/A-Casa-de-Santa-Ana-promove-a-inclusao-social-e-o-cuidado-a-saude-de-idosos-da-Cidade-de-Deus-integrando-diferentes-geracoes-em-suas-iniciativas.-Foto-Acervo-pessoal.jpg 1114w, https:\/\/rioonwatch.org.br\/wp-content\/uploads\/2025\/07\/A-Casa-de-Santa-Ana-promove-a-inclusao-social-e-o-cuidado-a-saude-de-idosos-da-Cidade-de-Deus-integrando-diferentes-geracoes-em-suas-iniciativas.-Foto-Acervo-pessoal-480x620.jpg 480w, https:\/\/rioonwatch.org.br\/wp-content\/uploads\/2025\/07\/A-Casa-de-Santa-Ana-promove-a-inclusao-social-e-o-cuidado-a-saude-de-idosos-da-Cidade-de-Deus-integrando-diferentes-geracoes-em-suas-iniciativas.-Foto-Acervo-pessoal-768x993.jpg 768w\" sizes=\"(max-width: 1114px) 100vw, 1114px\" \/><\/a><figcaption id=\"caption-attachment-78788\" class=\"wp-caption-text\">A Casa de Santa Ana promove a inclus\u00e3o social e o cuidado \u00e0 sa\u00fade de idosos da Cidade de Deus, integrando diferentes gera\u00e7\u00f5es em suas iniciativas. Foto: Acervo pessoal<\/figcaption><\/figure>\n<p>Mesmo com todos os desafios enfrentados atualmente pela Casa de Santa Ana, o projeto transformou\u2014e continua transformando\u2014 muitas vidas na terceira idade. Miriam conta, por exemplo, que a Casa a ajudou a superar a depress\u00e3o ap\u00f3s a perda de seu filho.<\/p>\n<blockquote><p>\u201cEu escutei um batuque [vindo de] l\u00e1. Era percuss\u00e3o. Eu n\u00e3o sabia que podia entrar. A\u00ed, eu fui l\u00e1 pra assistir. Bateu no meu cora\u00e7\u00e3o aquele batuque. Eu gosto de barulho. A\u00ed, comecei a fazer [aula] e, um dia, Lourdes me chamou: &#8216;Por que voc\u00ea n\u00e3o vem ficar com a gente?&#8217; Agora fa\u00e7o gin\u00e1stica l\u00e1, vou para [a reza] do ter\u00e7o e passeio, tudo que tiver que me chamam, eu t\u00f4 indo. Muitos filhos trabalham fora e os idosos ficam sozinhos em casa. Ent\u00e3o, h\u00e1 pessoas que deixam os pais, os av\u00f3s ali ficam mais tranquilos porque sabem que tem gente olhando. Quando uma precisa, leva a outra no banheiro. As pessoas podem trabalhar mais tranquilas porque sabem que o idoso t\u00e1 num lugar seguro. Por isso que \u00e9 importante [esse trabalho]. Agora a gente n\u00e3o tem tanto contato com os jovens porque mudaram os hor\u00e1rios e oficinas, por falta de verba. A\u00ed, a gente se afastou das crian\u00e7as. A gente ficava pr\u00f3ximo deles pra fazer com que eles tratassem os av\u00f3s com respeito em casa. Mas agora n\u00e3o t\u00e1 tendo, e faz muita falta.\u201d \u2014 Miriam Machado<\/p><\/blockquote>\n<p>Vanalice, por sua vez, explica como o projeto a ajudou a construir novas amizades e a redescobrir sua sociabilidade:<\/p>\n<blockquote><p>\u201cA Casa ajudou na solid\u00e3o, porque eu ficava muito sozinha. [Gosto muito] das amizades, a gente tem passeios, vai pra lugares diferentes, conhece outras pessoas. A vida n\u00e3o \u00e9 s\u00f3 aquele quadrado [da sua casa, da sua vida], tem que se expandir, conversar. Nesse lance de conversar, um vai aprendendo com o outro e vai mudando [entendendo que h\u00e1 mais coisas al\u00e9m disso]. \u00c9 muito aprendizado. Antes a gente ficava muito na nossa bolha. [Aqui] vai abrindo a mente da gente. O mundo n\u00e3o \u00e9 t\u00e3o pequenininho como a gente imagina. Gosto das amizades porque quando junta essas \u2018jovens\u2019 \u00e9 uma b\u00ean\u00e7\u00e3o. Tem pessoas que voc\u00ea desabafa seus problemas, tem quem faz gracinhas, a\u00ed voc\u00ea d\u00e1 boas risadas.\u201d \u2014 Vanalice Magalh\u00e3es<\/p><\/blockquote>\n<p>Aos 86, Maria Jos\u00e9 dos Santos participa das atividades da Casa h\u00e1 30 anos, praticamente desde sua funda\u00e7\u00e3o. Zez\u00e9\u2014como \u00e9 conhecida na Casa\u2014 comenta que, gra\u00e7as ao projeto, desfruta de companhias em sua rotina:<\/p>\n<blockquote><p>\u201c[Aqui \u00e9 bom] pra nos distrair. L\u00e1 em casa tamb\u00e9m fico sozinha porque os outros trabalham. Tenho at\u00e9 os cachorros [pra fazer companhia]&#8230; mas em casa sou s\u00f3 eu, aqui n\u00e3o.\u201d \u2014 Maria Jos\u00e9 do Santos<\/p><\/blockquote>\n<h3><b>Mudar a Rela\u00e7\u00e3o Com a Velhice Come\u00e7a No Presente\u00a0<\/b><\/h3>\n<p>A fundadora do projeto explica que os obst\u00e1culos para a exist\u00eancia da Casa s\u00e3o reflexo da neglig\u00eancia com o idoso. No entanto,ressalta que h\u00e1 esperan\u00e7a para mudar esse cen\u00e1rio. Lourdes compartilha seu sonho de um futuro onde o cuidado com as velhices substitua a <a href=\"https:\/\/bit.ly\/2Rku5Mf\" target=\"_blank\" rel=\"noopener\">neglig\u00eancia do Estado<\/a>.<\/p>\n<blockquote><p>\u201cTem v\u00e1rias coisas que a gente ganhou que seriam o suficiente pra ter o projeto replicado em v\u00e1rios lugares. Se pr\u00eamio desse dinheiro, a gente tava rico! Mas, na pr\u00e1tica, n\u00e3o \u00e9 assim. \u00c9 muita burocracia e dificuldade. J\u00e1 pensei em desistir, mas o que mais quero \u00e9 ver esse projeto prosperar. Tem que investir mais [numa sociedade para eles]. A gente [sociedade] n\u00e3o tem o m\u00ednimo [de estrutura]. Para andar de \u00f4nibus ou pela cidade, n\u00e3o tem acessibilidade adequada pra acolher eles, n\u00e3o tem profissionais, nem cuidadores. Muitos cuidadores s\u00e3o jogados para atender idosos sem saber o que est\u00e3o fazendo, cometendo viol\u00eancias&#8230; N\u00f3s temos todas as idades numa pessoa s\u00f3. Eu acho que tem jeito pra esse cen\u00e1rio, se ensinarmos crian\u00e7as e jovens que v\u00e3o envelhecer e [que desde] muito cedo eles t\u00eam que se cuidar, cuidar da pr\u00f3pria velhice. Porque se fizer como a gente [nossa gera\u00e7\u00e3o], que deixou pra cuidar disso s\u00f3 quando envelheceu, a\u00ed, fica mais dif\u00edcil. A gente precisa mudar essa cultura, ter mais educa\u00e7\u00e3o em rela\u00e7\u00e3o \u00e0 velhice.\u201d \u2014 Maria de Lourdes<\/p><\/blockquote>\n<p>Nos pr\u00f3ximos anos, Lourdes deseja ver seu projeto replicado e que a sociedade, finalmente, se d\u00ea conta de seu erro e reconhe\u00e7a a relev\u00e2ncia dos idosos para a coletividade.<\/p>\n<blockquote><p>\u201cTenho sonho de ver mais projetos como a Casa de Santa Ana em outras comunidades. N\u00e3o precisam ser projetos iguais ao nosso, mas que o idoso possa ter acolhimento como tem aqui. N\u00e3o precisa ter muita coisa [uma estrutura imensa]. N\u00e3o \u00e9 dif\u00edcil, \u00e9 f\u00e1cil. [O que \u00e9 preciso, de fato] \u00e9 acolhimento, carinho e abrir novas possibilidades pra eles. [\u00c9 preciso] ver o potencial que cada um deles tem. Em espa\u00e7os como esse, as pessoas [como um todo] t\u00eam mais possibilidades de evoluir, de crescer [mesmo na velhice].\u201d \u2014 Maria de Lourdes<\/p><\/blockquote>\n<h3><i>Para apoiar financeiramente, doe atrav\u00e9s do Pix do Centro Dia Santa Ana (CNPJ): 03.483.529\/0001-00.<\/i><\/h3>\n<p>A Casa recebe doa\u00e7\u00f5es tanto de dinheiro, como de insumos diversos (alimentos, higiene, limpeza, etc.). Tamb\u00e9m recebe pessoas volunt\u00e1rias nas \u00e1reas de enfermaria, nutri\u00e7\u00e3o, psicologia, assist\u00eancia social, fisioterapia, terapia ocupacional, fonoaudiologia, educa\u00e7\u00e3o f\u00edsica e cuidado de idosos. Consulte como voc\u00ea pode ajudar nos canais da Casa de Santa Ana no <a href=\"https:\/\/bit.ly\/4dphteI\" target=\"_blank\" rel=\"noopener\">Instagram<\/a> e <a href=\"https:\/\/bit.ly\/4o51xnz\" target=\"_blank\" rel=\"noopener\">Facebook<\/a>, ou entre em contato pelo WhatsApp +55(21)96928-3517.<\/p>\n<p><em>Sobre a autora:\u00a0<i data-stringify-type=\"italic\"><a class=\"c-link\" href=\"https:\/\/bit.ly\/3p94eas\" target=\"_blank\" rel=\"noopener noreferrer\" data-stringify-link=\"https:\/\/bit.ly\/3p94eas\" data-sk=\"tooltip_parent\">Amanda Baroni Lopes<\/a><\/i><i data-stringify-type=\"italic\">\u00a0\u00e9 formada em jornalismo na Unicarioca e foi aluna do 1\u00b0 Laborat\u00f3rio de Jornalismo do\u00a0<\/i><i data-stringify-type=\"italic\"><a class=\"c-link\" href=\"https:\/\/bit.ly\/33tm8dz\" target=\"_blank\" rel=\"noopener noreferrer\" data-stringify-link=\"http:\/\/bit.ly\/2YfGMc5\" data-sk=\"tooltip_parent\">Mar\u00e9 de Not\u00edcias<\/a><\/i><i data-stringify-type=\"italic\">. \u00c9 autora do\u00a0<\/i><a href=\"https:\/\/bit.ly\/3p49ufB\" target=\"_blank\" rel=\"noopener\"><i data-stringify-type=\"italic\">Guia Antiass\u00e9dio no Breaking<\/i><\/a><i data-stringify-type=\"italic\">, um manual que explica ao p\u00fablico do Hip Hop sobre o que \u00e9 ou n\u00e3o ass\u00e9dio e orienta sobre o que fazer nessas situa\u00e7\u00f5es. Amanda \u00e9 cria do Morro do Timbau,\u00a0no Complexo da Mar\u00e9.<\/i><\/em><\/p>\n<hr \/>\n<h4><b data-stringify-type=\"bold\">Apoie nossos esfor\u00e7os para fornecer apoio estrat\u00e9gico \u00e0s favelas do Rio, incluindo o jornalismo hiperlocal, cr\u00edtico, inovador e incans\u00e1vel do\u00a0<\/b><b data-stringify-type=\"bold\"><i data-stringify-type=\"italic\">RioOnWatch<\/i><\/b>\u2014<a class=\"c-link\" href=\"http:\/\/www.bit.ly\/ApoieROW\" target=\"_blank\" rel=\"noopener noreferrer\" data-stringify-link=\"http:\/\/www.bit.ly\/ApoieROW\" data-sk=\"tooltip_parent\">doe aqui<\/a>.<\/h4>\n<!-- AddThis Advanced Settings generic via filter on the_content --><!-- AddThis Share Buttons generic via filter on the_content -->","protected":false},"excerpt":{"rendered":"<div class=\"mh-excerpt\"><p>Click Here for English Criada em 1988, inicialmente para oferecer apoio religioso a um grupo de 20 idosos na Cidade de Deus, na Zona Oeste do Rio de Janeiro, a Casa de Santa Ana se <a class=\"mh-excerpt-more\" href=\"https:\/\/rioonwatch.org.br\/?p=78761\" title=\"Casa de Santa Ana, Projeto Pioneiro da Cidade de Deus, Combate o Asilamento e Resiste H\u00e1 Mais de 30 Anos na Favela: \u2018Um Idoso Quer O Que Tem Certeza Que Merece\u2019 [PERFIL]\">[&#8230;]<\/a><!-- AddThis Advanced Settings generic via filter on get_the_excerpt --><!-- AddThis Share Buttons generic via filter on get_the_excerpt --><\/p>\n<\/div>","protected":false},"author":192,"featured_media":78780,"comment_status":"closed","ping_status":"closed","sticky":false,"template":"template-full.php","format":"standard","meta":{"_acf_changed":false,"_monsterinsights_skip_tracking":false,"_monsterinsights_sitenote_active":false,"_monsterinsights_sitenote_note":"","_monsterinsights_sitenote_category":0,"footnotes":""},"categories":[1621,1629,1625,1388,344,1616,342],"tags":[3530,2061,554,750,3610,88,3443,2166,2548,2219,700,2074,294,1109,375,184],"writer":[3181],"translator":[],"source":[],"ilustrador":[],"fotografo":[],"class_list":{"0":"post-78761","1":"post","2":"type-post","3":"status-publish","4":"format-standard","5":"has-post-thumbnail","7":"category-destaque","8":"category-entrevistas-e-perfis","9":"category-por-correspondentes-comunitarios","10":"category-formas-de-apoiar","11":"category-politicas","12":"category-qualidades-da-favela","13":"category-solucoes","14":"tag-autonomia-financeira","15":"tag-bonsucesso","16":"tag-cidade-de-deus","17":"tag-clinica-da-familia","18":"tag-conexao-intergeracional","19":"tag-direitos-humanos","20":"tag-espaco-de-acolhimento","21":"tag-estatuto-do-idoso","22":"tag-igreja-catolica","23":"tag-ilha-do-governador","24":"tag-perfil","25":"tag-rede-favela-sustentavel","26":"tag-saude","27":"tag-sociedade-civil","28":"tag-terceira-idade","29":"tag-zona-oeste","30":"writer-amanda-baroni-lopes"},"acf":[],"yoast_head":"<!-- This site is optimized with the Yoast SEO plugin v25.6 - https:\/\/yoast.com\/wordpress\/plugins\/seo\/ -->\n<title>Casa de Santa Ana, Projeto Pioneiro da Cidade de Deus, Combate o Asilamento e Resiste H\u00e1 Mais de 30 Anos na Favela: \u2018Um Idoso Quer O Que Tem Certeza Que Merece\u2019 [PERFIL] - RioOnWatch<\/title>\n<meta name=\"robots\" content=\"index, follow, max-snippet:-1, max-image-preview:large, max-video-preview:-1\" \/>\n<link rel=\"canonical\" href=\"https:\/\/rioonwatch.org.br\/?p=78761\" \/>\n<meta property=\"og:locale\" content=\"pt_BR\" \/>\n<meta property=\"og:type\" content=\"article\" \/>\n<meta property=\"og:title\" content=\"Casa de Santa Ana, Projeto Pioneiro da Cidade de Deus, Combate o Asilamento e Resiste H\u00e1 Mais de 30 Anos na Favela: \u2018Um Idoso Quer O Que Tem Certeza Que Merece\u2019 [PERFIL] - RioOnWatch\" \/>\n<meta property=\"og:description\" content=\"Click Here for English Criada em 1988, inicialmente para oferecer apoio religioso a um grupo de 20 idosos na Cidade de Deus, na Zona Oeste do Rio de Janeiro, a Casa de Santa Ana se [...]\" \/>\n<meta property=\"og:url\" content=\"https:\/\/rioonwatch.org.br\/?p=78761\" \/>\n<meta property=\"og:site_name\" content=\"RioOnWatch\" \/>\n<meta property=\"article:published_time\" content=\"2025-08-13T15:02:15+00:00\" \/>\n<meta property=\"article:modified_time\" content=\"2025-11-14T14:54:13+00:00\" \/>\n<meta property=\"og:image\" content=\"https:\/\/rioonwatch.org.br\/wp-content\/uploads\/2025\/07\/Desde-sua-fundacao-a-Casa-de-Santa-Ana-oferece-oficinas-voltadas-a-saude-ao-desenvolvimento-e-ao-bem-estar-de-idosos-da-Cidade-de-Deus.-Foto-Arquivo-pessoal.jpg\" \/>\n\t<meta property=\"og:image:width\" content=\"1702\" \/>\n\t<meta property=\"og:image:height\" content=\"1048\" \/>\n\t<meta property=\"og:image:type\" content=\"image\/jpeg\" \/>\n<meta name=\"author\" content=\"Beatriz Miranda\" \/>\n<meta name=\"twitter:card\" content=\"summary_large_image\" \/>\n<meta name=\"twitter:label1\" content=\"Escrito por\" \/>\n\t<meta name=\"twitter:data1\" content=\"Beatriz Miranda\" \/>\n\t<meta name=\"twitter:label2\" content=\"Est. tempo de leitura\" \/>\n\t<meta name=\"twitter:data2\" content=\"15 minutos\" \/>\n<script type=\"application\/ld+json\" class=\"yoast-schema-graph\">{\"@context\":\"https:\/\/schema.org\",\"@graph\":[{\"@type\":\"Article\",\"@id\":\"https:\/\/rioonwatch.org.br\/?p=78761#article\",\"isPartOf\":{\"@id\":\"https:\/\/rioonwatch.org.br\/?p=78761\"},\"author\":{\"name\":\"Beatriz Miranda\",\"@id\":\"https:\/\/rioonwatch.org.br\/#\/schema\/person\/1150bfc199e76e22909b454a0c139c4b\"},\"headline\":\"Casa de Santa Ana, Projeto Pioneiro da Cidade de Deus, Combate o Asilamento e Resiste H\u00e1 Mais de 30 Anos na Favela: \u2018Um Idoso Quer O Que Tem Certeza Que Merece\u2019 [PERFIL]\",\"datePublished\":\"2025-08-13T15:02:15+00:00\",\"dateModified\":\"2025-11-14T14:54:13+00:00\",\"mainEntityOfPage\":{\"@id\":\"https:\/\/rioonwatch.org.br\/?p=78761\"},\"wordCount\":4097,\"publisher\":{\"@id\":\"https:\/\/rioonwatch.org.br\/#organization\"},\"image\":{\"@id\":\"https:\/\/rioonwatch.org.br\/?p=78761#primaryimage\"},\"thumbnailUrl\":\"https:\/\/rioonwatch.org.br\/wp-content\/uploads\/2025\/07\/Desde-sua-fundacao-a-Casa-de-Santa-Ana-oferece-oficinas-voltadas-a-saude-ao-desenvolvimento-e-ao-bem-estar-de-idosos-da-Cidade-de-Deus.-Foto-Arquivo-pessoal.jpg\",\"keywords\":[\"autonomia financeira\",\"Bonsucesso\",\"Cidade de Deus\",\"Cl\u00ednica da Fam\u00edlia\",\"conex\u00e3o intergeracional\",\"Direitos Humanos\",\"Espa\u00e7o de acolhimento\",\"Estatuto do Idoso\",\"Igreja Cat\u00f3lica\",\"Ilha do Governador\",\"perfil\",\"Perfis Integrantes da Rede Favela Sustent\u00e1vel\",\"sa\u00fade\",\"sociedade civil\",\"terceira idade\",\"Zona Oeste\"],\"articleSection\":[\"*Destaque\",\"Entrevistas e Perfis\",\"Escrito por Comunicadores Populares\",\"Formas de Apoiar\",\"Pol\u00edticas\",\"Qualidades da Favela\",\"Solu\u00e7\u00f5es\"],\"inLanguage\":\"pt-BR\"},{\"@type\":\"WebPage\",\"@id\":\"https:\/\/rioonwatch.org.br\/?p=78761\",\"url\":\"https:\/\/rioonwatch.org.br\/?p=78761\",\"name\":\"Casa de Santa Ana, Projeto Pioneiro da Cidade de Deus, Combate o Asilamento e Resiste H\u00e1 Mais de 30 Anos na Favela: \u2018Um Idoso Quer O Que Tem Certeza Que Merece\u2019 [PERFIL] - RioOnWatch\",\"isPartOf\":{\"@id\":\"https:\/\/rioonwatch.org.br\/#website\"},\"primaryImageOfPage\":{\"@id\":\"https:\/\/rioonwatch.org.br\/?p=78761#primaryimage\"},\"image\":{\"@id\":\"https:\/\/rioonwatch.org.br\/?p=78761#primaryimage\"},\"thumbnailUrl\":\"https:\/\/rioonwatch.org.br\/wp-content\/uploads\/2025\/07\/Desde-sua-fundacao-a-Casa-de-Santa-Ana-oferece-oficinas-voltadas-a-saude-ao-desenvolvimento-e-ao-bem-estar-de-idosos-da-Cidade-de-Deus.-Foto-Arquivo-pessoal.jpg\",\"datePublished\":\"2025-08-13T15:02:15+00:00\",\"dateModified\":\"2025-11-14T14:54:13+00:00\",\"breadcrumb\":{\"@id\":\"https:\/\/rioonwatch.org.br\/?p=78761#breadcrumb\"},\"inLanguage\":\"pt-BR\",\"potentialAction\":[{\"@type\":\"ReadAction\",\"target\":[\"https:\/\/rioonwatch.org.br\/?p=78761\"]}]},{\"@type\":\"ImageObject\",\"inLanguage\":\"pt-BR\",\"@id\":\"https:\/\/rioonwatch.org.br\/?p=78761#primaryimage\",\"url\":\"https:\/\/rioonwatch.org.br\/wp-content\/uploads\/2025\/07\/Desde-sua-fundacao-a-Casa-de-Santa-Ana-oferece-oficinas-voltadas-a-saude-ao-desenvolvimento-e-ao-bem-estar-de-idosos-da-Cidade-de-Deus.-Foto-Arquivo-pessoal.jpg\",\"contentUrl\":\"https:\/\/rioonwatch.org.br\/wp-content\/uploads\/2025\/07\/Desde-sua-fundacao-a-Casa-de-Santa-Ana-oferece-oficinas-voltadas-a-saude-ao-desenvolvimento-e-ao-bem-estar-de-idosos-da-Cidade-de-Deus.-Foto-Arquivo-pessoal.jpg\",\"width\":1702,\"height\":1048,\"caption\":\"Desde sua funda\u00e7\u00e3o, a Casa de Santa Ana oferece atividades e oficinas voltadas \u00e0 sa\u00fade, ao desenvolvimento e ao bem-estar de idosos da Cidade de Deus. Foto: Arquivo pessoal\"},{\"@type\":\"BreadcrumbList\",\"@id\":\"https:\/\/rioonwatch.org.br\/?p=78761#breadcrumb\",\"itemListElement\":[{\"@type\":\"ListItem\",\"position\":1,\"name\":\"In\u00edcio\",\"item\":\"https:\/\/rioonwatch.org.br\/\"},{\"@type\":\"ListItem\",\"position\":2,\"name\":\"Casa de Santa Ana, Projeto Pioneiro da Cidade de Deus, Combate o Asilamento e Resiste H\u00e1 Mais de 30 Anos na Favela: \u2018Um Idoso Quer O Que Tem Certeza Que Merece\u2019 [PERFIL]\"}]},{\"@type\":\"WebSite\",\"@id\":\"https:\/\/rioonwatch.org.br\/#website\",\"url\":\"https:\/\/rioonwatch.org.br\/\",\"name\":\"RioOnWatch\",\"description\":\"relatos das favelas cariocas\",\"publisher\":{\"@id\":\"https:\/\/rioonwatch.org.br\/#organization\"},\"potentialAction\":[{\"@type\":\"SearchAction\",\"target\":{\"@type\":\"EntryPoint\",\"urlTemplate\":\"https:\/\/rioonwatch.org.br\/?s={search_term_string}\"},\"query-input\":{\"@type\":\"PropertyValueSpecification\",\"valueRequired\":true,\"valueName\":\"search_term_string\"}}],\"inLanguage\":\"pt-BR\"},{\"@type\":\"Organization\",\"@id\":\"https:\/\/rioonwatch.org.br\/#organization\",\"name\":\"RioOnWatch\",\"url\":\"https:\/\/rioonwatch.org.br\/\",\"logo\":{\"@type\":\"ImageObject\",\"inLanguage\":\"pt-BR\",\"@id\":\"https:\/\/rioonwatch.org.br\/#\/schema\/logo\/image\/\",\"url\":\"https:\/\/rioonwatch.org.br\/wp-content\/uploads\/2021\/06\/RioOnWatchcabecalhoPT11anos-2.png\",\"contentUrl\":\"https:\/\/rioonwatch.org.br\/wp-content\/uploads\/2021\/06\/RioOnWatchcabecalhoPT11anos-2.png\",\"width\":779,\"height\":277,\"caption\":\"RioOnWatch\"},\"image\":{\"@id\":\"https:\/\/rioonwatch.org.br\/#\/schema\/logo\/image\/\"}},{\"@type\":\"Person\",\"@id\":\"https:\/\/rioonwatch.org.br\/#\/schema\/person\/1150bfc199e76e22909b454a0c139c4b\",\"name\":\"Beatriz Miranda\",\"image\":{\"@type\":\"ImageObject\",\"inLanguage\":\"pt-BR\",\"@id\":\"https:\/\/rioonwatch.org.br\/#\/schema\/person\/image\/\",\"url\":\"https:\/\/secure.gravatar.com\/avatar\/41a514d4cb8be1f42ceaebd1038a447b?s=96&d=blank&r=g\",\"contentUrl\":\"https:\/\/secure.gravatar.com\/avatar\/41a514d4cb8be1f42ceaebd1038a447b?s=96&d=blank&r=g\",\"caption\":\"Beatriz Miranda\"},\"url\":\"https:\/\/rioonwatch.org.br\/?author=192\"}]}<\/script>\n<!-- \/ Yoast SEO plugin. -->","yoast_head_json":{"title":"Casa de Santa Ana, Projeto Pioneiro da Cidade de Deus, Combate o Asilamento e Resiste H\u00e1 Mais de 30 Anos na Favela: \u2018Um Idoso Quer O Que Tem Certeza Que Merece\u2019 [PERFIL] - RioOnWatch","robots":{"index":"index","follow":"follow","max-snippet":"max-snippet:-1","max-image-preview":"max-image-preview:large","max-video-preview":"max-video-preview:-1"},"canonical":"https:\/\/rioonwatch.org.br\/?p=78761","og_locale":"pt_BR","og_type":"article","og_title":"Casa de Santa Ana, Projeto Pioneiro da Cidade de Deus, Combate o Asilamento e Resiste H\u00e1 Mais de 30 Anos na Favela: \u2018Um Idoso Quer O Que Tem Certeza Que Merece\u2019 [PERFIL] - RioOnWatch","og_description":"Click Here for English Criada em 1988, inicialmente para oferecer apoio religioso a um grupo de 20 idosos na Cidade de Deus, na Zona Oeste do Rio de Janeiro, a Casa de Santa Ana se [...]","og_url":"https:\/\/rioonwatch.org.br\/?p=78761","og_site_name":"RioOnWatch","article_published_time":"2025-08-13T15:02:15+00:00","article_modified_time":"2025-11-14T14:54:13+00:00","og_image":[{"width":1702,"height":1048,"url":"https:\/\/rioonwatch.org.br\/wp-content\/uploads\/2025\/07\/Desde-sua-fundacao-a-Casa-de-Santa-Ana-oferece-oficinas-voltadas-a-saude-ao-desenvolvimento-e-ao-bem-estar-de-idosos-da-Cidade-de-Deus.-Foto-Arquivo-pessoal.jpg","type":"image\/jpeg"}],"author":"Beatriz Miranda","twitter_card":"summary_large_image","twitter_misc":{"Escrito por":"Beatriz Miranda","Est. tempo de leitura":"15 minutos"},"schema":{"@context":"https:\/\/schema.org","@graph":[{"@type":"Article","@id":"https:\/\/rioonwatch.org.br\/?p=78761#article","isPartOf":{"@id":"https:\/\/rioonwatch.org.br\/?p=78761"},"author":{"name":"Beatriz Miranda","@id":"https:\/\/rioonwatch.org.br\/#\/schema\/person\/1150bfc199e76e22909b454a0c139c4b"},"headline":"Casa de Santa Ana, Projeto Pioneiro da Cidade de Deus, Combate o Asilamento e Resiste H\u00e1 Mais de 30 Anos na Favela: \u2018Um Idoso Quer O Que Tem Certeza Que Merece\u2019 [PERFIL]","datePublished":"2025-08-13T15:02:15+00:00","dateModified":"2025-11-14T14:54:13+00:00","mainEntityOfPage":{"@id":"https:\/\/rioonwatch.org.br\/?p=78761"},"wordCount":4097,"publisher":{"@id":"https:\/\/rioonwatch.org.br\/#organization"},"image":{"@id":"https:\/\/rioonwatch.org.br\/?p=78761#primaryimage"},"thumbnailUrl":"https:\/\/rioonwatch.org.br\/wp-content\/uploads\/2025\/07\/Desde-sua-fundacao-a-Casa-de-Santa-Ana-oferece-oficinas-voltadas-a-saude-ao-desenvolvimento-e-ao-bem-estar-de-idosos-da-Cidade-de-Deus.-Foto-Arquivo-pessoal.jpg","keywords":["autonomia financeira","Bonsucesso","Cidade de Deus","Cl\u00ednica da Fam\u00edlia","conex\u00e3o intergeracional","Direitos Humanos","Espa\u00e7o de acolhimento","Estatuto do Idoso","Igreja Cat\u00f3lica","Ilha do Governador","perfil","Perfis Integrantes da Rede Favela Sustent\u00e1vel","sa\u00fade","sociedade civil","terceira idade","Zona Oeste"],"articleSection":["*Destaque","Entrevistas e Perfis","Escrito por Comunicadores Populares","Formas de Apoiar","Pol\u00edticas","Qualidades da Favela","Solu\u00e7\u00f5es"],"inLanguage":"pt-BR"},{"@type":"WebPage","@id":"https:\/\/rioonwatch.org.br\/?p=78761","url":"https:\/\/rioonwatch.org.br\/?p=78761","name":"Casa de Santa Ana, Projeto Pioneiro da Cidade de Deus, Combate o Asilamento e Resiste H\u00e1 Mais de 30 Anos na Favela: \u2018Um Idoso Quer O Que Tem Certeza Que Merece\u2019 [PERFIL] - RioOnWatch","isPartOf":{"@id":"https:\/\/rioonwatch.org.br\/#website"},"primaryImageOfPage":{"@id":"https:\/\/rioonwatch.org.br\/?p=78761#primaryimage"},"image":{"@id":"https:\/\/rioonwatch.org.br\/?p=78761#primaryimage"},"thumbnailUrl":"https:\/\/rioonwatch.org.br\/wp-content\/uploads\/2025\/07\/Desde-sua-fundacao-a-Casa-de-Santa-Ana-oferece-oficinas-voltadas-a-saude-ao-desenvolvimento-e-ao-bem-estar-de-idosos-da-Cidade-de-Deus.-Foto-Arquivo-pessoal.jpg","datePublished":"2025-08-13T15:02:15+00:00","dateModified":"2025-11-14T14:54:13+00:00","breadcrumb":{"@id":"https:\/\/rioonwatch.org.br\/?p=78761#breadcrumb"},"inLanguage":"pt-BR","potentialAction":[{"@type":"ReadAction","target":["https:\/\/rioonwatch.org.br\/?p=78761"]}]},{"@type":"ImageObject","inLanguage":"pt-BR","@id":"https:\/\/rioonwatch.org.br\/?p=78761#primaryimage","url":"https:\/\/rioonwatch.org.br\/wp-content\/uploads\/2025\/07\/Desde-sua-fundacao-a-Casa-de-Santa-Ana-oferece-oficinas-voltadas-a-saude-ao-desenvolvimento-e-ao-bem-estar-de-idosos-da-Cidade-de-Deus.-Foto-Arquivo-pessoal.jpg","contentUrl":"https:\/\/rioonwatch.org.br\/wp-content\/uploads\/2025\/07\/Desde-sua-fundacao-a-Casa-de-Santa-Ana-oferece-oficinas-voltadas-a-saude-ao-desenvolvimento-e-ao-bem-estar-de-idosos-da-Cidade-de-Deus.-Foto-Arquivo-pessoal.jpg","width":1702,"height":1048,"caption":"Desde sua funda\u00e7\u00e3o, a Casa de Santa Ana oferece atividades e oficinas voltadas \u00e0 sa\u00fade, ao desenvolvimento e ao bem-estar de idosos da Cidade de Deus. Foto: Arquivo pessoal"},{"@type":"BreadcrumbList","@id":"https:\/\/rioonwatch.org.br\/?p=78761#breadcrumb","itemListElement":[{"@type":"ListItem","position":1,"name":"In\u00edcio","item":"https:\/\/rioonwatch.org.br\/"},{"@type":"ListItem","position":2,"name":"Casa de Santa Ana, Projeto Pioneiro da Cidade de Deus, Combate o Asilamento e Resiste H\u00e1 Mais de 30 Anos na Favela: \u2018Um Idoso Quer O Que Tem Certeza Que Merece\u2019 [PERFIL]"}]},{"@type":"WebSite","@id":"https:\/\/rioonwatch.org.br\/#website","url":"https:\/\/rioonwatch.org.br\/","name":"RioOnWatch","description":"relatos das favelas cariocas","publisher":{"@id":"https:\/\/rioonwatch.org.br\/#organization"},"potentialAction":[{"@type":"SearchAction","target":{"@type":"EntryPoint","urlTemplate":"https:\/\/rioonwatch.org.br\/?s={search_term_string}"},"query-input":{"@type":"PropertyValueSpecification","valueRequired":true,"valueName":"search_term_string"}}],"inLanguage":"pt-BR"},{"@type":"Organization","@id":"https:\/\/rioonwatch.org.br\/#organization","name":"RioOnWatch","url":"https:\/\/rioonwatch.org.br\/","logo":{"@type":"ImageObject","inLanguage":"pt-BR","@id":"https:\/\/rioonwatch.org.br\/#\/schema\/logo\/image\/","url":"https:\/\/rioonwatch.org.br\/wp-content\/uploads\/2021\/06\/RioOnWatchcabecalhoPT11anos-2.png","contentUrl":"https:\/\/rioonwatch.org.br\/wp-content\/uploads\/2021\/06\/RioOnWatchcabecalhoPT11anos-2.png","width":779,"height":277,"caption":"RioOnWatch"},"image":{"@id":"https:\/\/rioonwatch.org.br\/#\/schema\/logo\/image\/"}},{"@type":"Person","@id":"https:\/\/rioonwatch.org.br\/#\/schema\/person\/1150bfc199e76e22909b454a0c139c4b","name":"Beatriz Miranda","image":{"@type":"ImageObject","inLanguage":"pt-BR","@id":"https:\/\/rioonwatch.org.br\/#\/schema\/person\/image\/","url":"https:\/\/secure.gravatar.com\/avatar\/41a514d4cb8be1f42ceaebd1038a447b?s=96&d=blank&r=g","contentUrl":"https:\/\/secure.gravatar.com\/avatar\/41a514d4cb8be1f42ceaebd1038a447b?s=96&d=blank&r=g","caption":"Beatriz Miranda"},"url":"https:\/\/rioonwatch.org.br\/?author=192"}]}},"_links":{"self":[{"href":"https:\/\/rioonwatch.org.br\/index.php?rest_route=\/wp\/v2\/posts\/78761"}],"collection":[{"href":"https:\/\/rioonwatch.org.br\/index.php?rest_route=\/wp\/v2\/posts"}],"about":[{"href":"https:\/\/rioonwatch.org.br\/index.php?rest_route=\/wp\/v2\/types\/post"}],"author":[{"embeddable":true,"href":"https:\/\/rioonwatch.org.br\/index.php?rest_route=\/wp\/v2\/users\/192"}],"replies":[{"embeddable":true,"href":"https:\/\/rioonwatch.org.br\/index.php?rest_route=%2Fwp%2Fv2%2Fcomments&post=78761"}],"version-history":[{"count":53,"href":"https:\/\/rioonwatch.org.br\/index.php?rest_route=\/wp\/v2\/posts\/78761\/revisions"}],"predecessor-version":[{"id":80229,"href":"https:\/\/rioonwatch.org.br\/index.php?rest_route=\/wp\/v2\/posts\/78761\/revisions\/80229"}],"wp:featuredmedia":[{"embeddable":true,"href":"https:\/\/rioonwatch.org.br\/index.php?rest_route=\/wp\/v2\/media\/78780"}],"wp:attachment":[{"href":"https:\/\/rioonwatch.org.br\/index.php?rest_route=%2Fwp%2Fv2%2Fmedia&parent=78761"}],"wp:term":[{"taxonomy":"category","embeddable":true,"href":"https:\/\/rioonwatch.org.br\/index.php?rest_route=%2Fwp%2Fv2%2Fcategories&post=78761"},{"taxonomy":"post_tag","embeddable":true,"href":"https:\/\/rioonwatch.org.br\/index.php?rest_route=%2Fwp%2Fv2%2Ftags&post=78761"},{"taxonomy":"writer","embeddable":true,"href":"https:\/\/rioonwatch.org.br\/index.php?rest_route=%2Fwp%2Fv2%2Fwriter&post=78761"},{"taxonomy":"translator","embeddable":true,"href":"https:\/\/rioonwatch.org.br\/index.php?rest_route=%2Fwp%2Fv2%2Ftranslator&post=78761"},{"taxonomy":"source","embeddable":true,"href":"https:\/\/rioonwatch.org.br\/index.php?rest_route=%2Fwp%2Fv2%2Fsource&post=78761"},{"taxonomy":"ilustrador","embeddable":true,"href":"https:\/\/rioonwatch.org.br\/index.php?rest_route=%2Fwp%2Fv2%2Filustrador&post=78761"},{"taxonomy":"fotografo","embeddable":true,"href":"https:\/\/rioonwatch.org.br\/index.php?rest_route=%2Fwp%2Fv2%2Ffotografo&post=78761"}],"curies":[{"name":"wp","href":"https:\/\/api.w.org\/{rel}","templated":true}]}}