{"id":78827,"date":"2025-08-19T15:53:00","date_gmt":"2025-08-19T18:53:00","guid":{"rendered":"https:\/\/rioonwatch.org.br\/?p=78827"},"modified":"2025-11-14T11:53:25","modified_gmt":"2025-11-14T14:53:25","slug":"mobilidade-ativa-cidadania-e-sustentabilidade-atraves-da-bicicleta-pedala-queimados-movimenta-transformacao-social-na-baixada-fluminense-perfil","status":"publish","type":"post","link":"https:\/\/rioonwatch.org.br\/?p=78827","title":{"rendered":"Mobilidade Ativa, Cidadania e Sustentabilidade: Atrav\u00e9s da Bicicleta, Pedala Queimados Movimenta Transforma\u00e7\u00e3o Social na Baixada Fluminense [PERFIL]"},"content":{"rendered":"<figure id=\"attachment_78830\" aria-describedby=\"caption-attachment-78830\" style=\"width: 2048px\" class=\"wp-caption aligncenter\"><a href=\"https:\/\/rioonwatch.org.br\/wp-content\/uploads\/2025\/07\/Atividades-do-projeto-Pedala-Queimados.-Acervo-Pedala-Queimados.jpg\"><img fetchpriority=\"high\" decoding=\"async\" class=\"wp-image-78830 size-full\" title=\"As atividades oferecidas pelo Pedala Queimados incluem excurs\u00f5es de bicicleta pela \u00e1rea rural do munic\u00edpio. Acervo: Pedala Queimados.\" src=\"https:\/\/rioonwatch.org.br\/wp-content\/uploads\/2025\/07\/Atividades-do-projeto-Pedala-Queimados.-Acervo-Pedala-Queimados.jpg\" alt=\"As atividades oferecidas pelo Pedala Queimados incluem excurs\u00f5es de bicicleta pela \u00e1rea rural do munic\u00edpio. Acervo: Pedala Queimados.\" width=\"2048\" height=\"1152\" srcset=\"https:\/\/rioonwatch.org.br\/wp-content\/uploads\/2025\/07\/Atividades-do-projeto-Pedala-Queimados.-Acervo-Pedala-Queimados.jpg 2048w, https:\/\/rioonwatch.org.br\/wp-content\/uploads\/2025\/07\/Atividades-do-projeto-Pedala-Queimados.-Acervo-Pedala-Queimados-620x349.jpg 620w, https:\/\/rioonwatch.org.br\/wp-content\/uploads\/2025\/07\/Atividades-do-projeto-Pedala-Queimados.-Acervo-Pedala-Queimados-768x432.jpg 768w, https:\/\/rioonwatch.org.br\/wp-content\/uploads\/2025\/07\/Atividades-do-projeto-Pedala-Queimados.-Acervo-Pedala-Queimados-1536x864.jpg 1536w, https:\/\/rioonwatch.org.br\/wp-content\/uploads\/2025\/07\/Atividades-do-projeto-Pedala-Queimados.-Acervo-Pedala-Queimados-678x381.jpg 678w\" sizes=\"(max-width: 2048px) 100vw, 2048px\" \/><\/a><figcaption id=\"caption-attachment-78830\" class=\"wp-caption-text\">As atividades oferecidas pelo Pedala Queimados incluem excurs\u00f5es de bicicleta pela \u00e1rea rural do munic\u00edpio. Acervo: Pedala Queimados<\/figcaption><\/figure>\n<p style=\"text-align: right;\"><a href=\"https:\/\/bit.ly\/4lUQ8EN\" target=\"_blank\" rel=\"noopener\"><em><strong>Click Here for English<img decoding=\"async\" class=\"alignright wp-image-15790\" src=\"https:\/\/rioonwatch.org.br\/wp-content\/uploads\/2012\/08\/EN-standard-e1439583104716.jpg\" alt=\"\" width=\"20\" height=\"20\" \/><\/strong><\/em><\/a><\/p>\n<p><i data-stringify-type=\"italic\"><em><a href=\"https:\/\/rioonwatch.org.br\/wp-content\/uploads\/2019\/08\/SDSU.png\" target=\"_blank\" rel=\"noopener\"><img decoding=\"async\" class=\"alignright wp-image-42675\" src=\"https:\/\/rioonwatch.org.br\/wp-content\/uploads\/2019\/08\/SDSU-620x211.png\" sizes=\"(max-width: 200px) 100vw, 200px\" srcset=\"https:\/\/rioonwatch.org.br\/wp-content\/uploads\/2019\/08\/SDSU-620x211.png 620w, https:\/\/rioonwatch.org.br\/wp-content\/uploads\/2019\/08\/SDSU-768x261.png 768w, https:\/\/rioonwatch.org.br\/wp-content\/uploads\/2019\/08\/SDSU-1024x348.png 1024w, https:\/\/rioonwatch.org.br\/wp-content\/uploads\/2019\/08\/SDSU.png 1934w\" alt=\"\" width=\"200\" height=\"68\" \/><\/a><\/em><span style=\"font-weight: 400;\">Este artigo faz parte de uma <\/span><a href=\"https:\/\/bit.ly\/PerfisRFS\" target=\"_blank\" rel=\"noopener\"><span style=\"font-weight: 400;\">s\u00e9rie de perfis de iniciativas integrantes da Rede Favela Sustent\u00e1vel<\/span><\/a> <\/i><em>e faz\u00a0<\/em><em>parte de uma\u00a0<a href=\"https:\/\/bit.ly\/SerieSDSU\" target=\"_blank\" rel=\"noopener noreferrer\">s\u00e9rie<\/a>\u00a0gerada por uma parceria, com o\u00a0<a href=\"https:\/\/bit.ly\/SDSUDigitalBrazilProject\" target=\"_blank\" rel=\"noopener noreferrer\">Digital Brazil Project<\/a>\u00a0do\u00a0<a href=\"http:\/\/bit.ly\/2zcymI6\" target=\"_blank\" rel=\"noopener noreferrer\">Centro Behner Stiefel de Estudos Brasileiros<\/a>\u00a0da Universidade Estadual de San Diego na Calif\u00f3rnia, para produzir mat\u00e9rias sobre direitos humanos e justi\u00e7a socioambiental nas favelas cariocas.<\/em><\/p>\n<blockquote><p><span style=\"text-decoration: underline;\"><strong>Iniciativa<\/strong><\/span>: <span style=\"font-weight: 400;\">Pedala Queimados<\/span><br \/>\n<span style=\"text-decoration: underline;\"><strong>Contato<\/strong><\/span>:\u00a0<a href=\"https:\/\/bit.ly\/2Xy5Puw\" target=\"_blank\" rel=\"noopener\">Facebook<\/a>;\u00a0<a href=\"https:\/\/bit.ly\/2J7sUea\" target=\"_blank\" rel=\"noopener\">Instagram<\/a>; WhatsApp: +5521965508094<br \/>\n<span style=\"text-decoration: underline;\"><strong>Ano de Funda\u00e7\u00e3o<\/strong><\/span>: <span style=\"font-weight: 400;\">2015<\/span><br \/>\n<span style=\"text-decoration: underline;\"><strong>Munic\u00edpio<\/strong><\/span>: <span style=\"font-weight: 400;\">Queimados (Baixada Fluminense)<\/span><br \/>\n<span style=\"text-decoration: underline;\"><strong>Miss\u00e3o<\/strong><\/span>: <span style=\"font-weight: 400;\">Promover a transforma\u00e7\u00e3o social por meio da bicicleta, com foco na cria\u00e7\u00e3o de oportunidades, especialmente em rela\u00e7\u00e3o ao trabalho e renda, bem como na promo\u00e7\u00e3o da cidadania e redu\u00e7\u00e3o da desigualdade.<\/span><br \/>\n<strong><span style=\"text-decoration: underline;\">Eventos P\u00fablicos<\/span>:<\/strong> Pedala Queimados realiza atividades frequentes para beb\u00eas e suas fam\u00edlias no bairro Nossa Senhora de F\u00e1tima, conhecido como S\u00e3o Miguel, em Queimados, ensinando as crian\u00e7as a andar de bicicleta. Al\u00e9m disso, eventos especiais como o <a href=\"https:\/\/bit.ly\/454YseO\" target=\"_blank\" rel=\"noopener\">Festival Bike de Cria<\/a>\u00a0ou caminhadas conjuntas e excurs\u00f5es de bicicleta pelo ambiente rural da regi\u00e3o, como o <a href=\"https:\/\/bit.ly\/4m6ok0y\" target=\"_blank\" rel=\"noopener\">Anda Queimados<\/a>, s\u00e3o abertos ao p\u00fablico. Confira as p\u00e1ginas de m\u00eddia social para obter mais informa\u00e7\u00f5es sobre os pr\u00f3ximos eventos.<br \/>\n<strong><span style=\"text-decoration: underline;\">Como Contribuir<\/span>:<\/strong> <span style=\"font-weight: 400;\">Participe de eventos, divulgue os passeios tur\u00edsticos oferecidos pelo projeto ou seja volunt\u00e1rio, apoiando a institui\u00e7\u00e3o com seu conhecimento ou financeiramente, com doa\u00e7\u00f5es ou patroc\u00ednios cont\u00ednuos.<\/span><\/p><\/blockquote>\n<p><i><span style=\"font-weight: 400;\">O que come\u00e7ou, em 2015, como uma iniciativa para promover o <a href=\"https:\/\/bit.ly\/4o82Kuy\" target=\"_blank\" rel=\"noopener\">uso da bicicleta<\/a> como meio de transporte econ\u00f4mico e sustent\u00e1vel, logo se desenvolveu em uma associa\u00e7\u00e3o que integra v\u00e1rias demandas atuais em <a href=\"https:\/\/bit.ly\/3eVtNnO\" target=\"_blank\" rel=\"noopener\">Queimados<\/a>, munic\u00edpio da <a href=\"https:\/\/bit.ly\/32JVvht\" target=\"_blank\" rel=\"noopener\">Baixada Fluminense<\/a>, na <a href=\"https:\/\/bit.ly\/2kFp5ol\" target=\"_blank\" rel=\"noopener\">regi\u00e3o metropolitana<\/a> do Rio de Janeiro. Oficialmente registrado em 2019, o <\/span><\/i><a href=\"https:\/\/bit.ly\/2J7sUea\" target=\"_blank\" rel=\"noopener\"><em><span style=\"font-weight: 400;\">Pedala Queimados<\/span><\/em><\/a><i><span style=\"font-weight: 400;\"> incentiva e difunde o uso de bicicletas na cidade a fim de promover melhorias na <a href=\"https:\/\/bit.ly\/3AiJCGd\" target=\"_blank\" rel=\"noopener\">mobilidade sustent\u00e1vel<\/a>, bem como a transforma\u00e7\u00e3o social a partir deste meio de transporte.<\/span><\/i><\/p>\n<h3>&#8216;Percebi Que N\u00e3o Precisava Ficar Ref\u00e9m do Transporte P\u00fablico&#8217;<\/h3>\n<p><span style=\"font-weight: 400;\">Quando Carlos Leandro de Oliveira, fundador do Pedala Queimados, chegou a ter que percorrer diariamente 55km de bicicleta at\u00e9 o trabalho, ele repensou sua rela\u00e7\u00e3o com o deslocamento na cidade e com os modais.<\/span><\/p>\n<blockquote><p>\u201cEu pego a bicicleta e come\u00e7o a ir para o Rio, at\u00e9 que eu come\u00e7o a perceber que n\u00e3o precisava ficar ref\u00e9m do transporte p\u00fablico caso eu n\u00e3o tivesse recurso para me locomover. A bicicleta poderia me levar pra v\u00e1rios lugares, pra qualquer lugar. E, depois de fazer duas ciclo-viagens, uma pra S\u00e3o Paulo e outra entre Minas e Esp\u00edrito Santo, eu comecei a ver que, se eu pedalo o Brasil inteiro, as pessoas podem pedalar em Queimados, que \u00e9 um lugar plano, teoricamente confort\u00e1vel pra pedalar. Na verdade, n\u00e3o \u00e9 tanto porque n\u00e3o tem infraestrutura, mas as pessoas j\u00e1 pedalam aqui, n\u00e9? A\u00ed comecei a fazer uma mobiliza\u00e7\u00e3o pela bicicleta, [para incentivar] que as pessoas pedalassem aqui.\u201d \u2014 Carlos Leandro de Oliveira<\/p><\/blockquote>\n<p>O percurso di\u00e1rio de bicicleta compreendia o trecho que partia de Queimados at\u00e9 o <a href=\"https:\/\/bit.ly\/3m7rrqz\" target=\"_blank\" rel=\"noopener\">Centro<\/a> do Rio, e foi consequ\u00eancia do atraso no sal\u00e1rio de Carlos, que, na \u00e9poca, ainda estagiava. Esse acontecimento o incentivou, em 2015, a criar o Pedala Queimados e buscar promover uma maior conscientiza\u00e7\u00e3o sobre o tema na regi\u00e3o, al\u00e9m de liderar importantes projetos no segmento.<\/p>\n<p><iframe style=\"border: none; overflow: hidden;\" src=\"https:\/\/www.facebook.com\/plugins\/video.php?height=476&amp;href=https%3A%2F%2Fwww.facebook.com%2Freel%2F2066828243788725%2F&amp;show_text=true&amp;width=1030&amp;t=0\" width=\"1030\" height=\"650\" frameborder=\"0\" scrolling=\"no\" allowfullscreen=\"allowfullscreen\"><span data-mce-type=\"bookmark\" style=\"display: inline-block; width: 0px; overflow: hidden; line-height: 0;\" class=\"mce_SELRES_start\">\ufeff<\/span><span data-mce-type=\"bookmark\" style=\"display: inline-block; width: 0px; overflow: hidden; line-height: 0;\" class=\"mce_SELRES_start\">\ufeff<\/span><span data-mce-type=\"bookmark\" style=\"display: inline-block; width: 0px; overflow: hidden; line-height: 0;\" class=\"mce_SELRES_start\">\ufeff<\/span><\/iframe><\/p>\n<p>Uma das primeiras atividades do projeto foi um semin\u00e1rio realizado em parceria com o <a href=\"https:\/\/bit.ly\/45bkDzZ\" target=\"_blank\" rel=\"noopener\">Teto Brasil,<\/a> organiza\u00e7\u00e3o respons\u00e1vel por implementar iniciativas de moradia e habitat em favelas prec\u00e1rias. O encontro, que ocorreu cerca de um ano ap\u00f3s a cria\u00e7\u00e3o do Pedala, teve por objetivo discutir os desafios de se implementar uma pol\u00edtica ciclovi\u00e1ria na cidade.<\/p>\n<p>Neste mesmo per\u00edodo, entre os anos de 2016 a 2018, o munic\u00edpio de Queimados foi marcado por \u00edndices de viol\u00eancia que superaram as estat\u00edsticas de outras cidades brasileiras. <a href=\"https:\/\/bit.ly\/454XhMq\" target=\"_blank\" rel=\"noopener\">Dados levantados pelo Atlas da Viol\u00eancia<\/a> apontaram Queimados como o local mais violento do pa\u00eds naquele momento. Motivado a transformar essa realidade, Carlos passou a conferir ao Pedala Queimados uma abordagem cada vez mais profissionalizante.<\/p>\n<blockquote><p>\u201cComo \u00e9 que eu ia lutar por mobilidade se as pessoas n\u00e3o tavam conseguindo sobreviver? Ou eu ia ficar ali sozinho, lutando por isso ou, ent\u00e3o, mudava o foco e utilizava a bicicleta como instrumento [de transforma\u00e7\u00e3o] pra sobreviv\u00eancia daquelas pessoas. Entendendo o que levava as pessoas a sofrerem aquelas viol\u00eancias, \u00e0 morte&#8230; Algumas delas furtavam, muitas roubavam, [faziam] uso de entorpecente [aqui na regi\u00e3o]\u2026 se o motivo era esse (muitos roubavam porque n\u00e3o tinham trabalho, porque tinham baixa escolaridade), [pensei em propor] usar a bicicleta como ferramenta de capacita\u00e7\u00e3o, emprego e renda. A partir da\u00ed, sa\u00edmos com a ideia do projeto \u2018<a class=\"c-link\" href=\"https:\/\/bit.ly\/45txIWC\" target=\"_blank\" rel=\"noopener noreferrer\" data-stringify-link=\"https:\/\/bit.ly\/45txIWC\" data-sk=\"tooltip_parent\">Queimados Pedalando para o Futuro: por uma Cidade Mais Humana<\/a>\u2019.\u201d \u2014 Carlos Leandro de Oliveira<\/p><\/blockquote>\n<figure id=\"attachment_78870\" aria-describedby=\"caption-attachment-78870\" style=\"width: 2048px\" class=\"wp-caption aligncenter\"><a href=\"https:\/\/rioonwatch.org.br\/wp-content\/uploads\/2025\/07\/Carlos-iniciou-projeto-de-mobilidade-justa-em-Queimados-visando-democratizar-o-deslocamento-no-municipio.-Foto_-Canal-Off.jpg\"><img loading=\"lazy\" decoding=\"async\" class=\"wp-image-78870 size-full\" title=\"Carlos iniciou projeto de mobilidade justa em Queimados visando democratizar o deslocamento no munic\u00edpio. Foto: Canal Off\" src=\"https:\/\/rioonwatch.org.br\/wp-content\/uploads\/2025\/07\/Carlos-iniciou-projeto-de-mobilidade-justa-em-Queimados-visando-democratizar-o-deslocamento-no-municipio.-Foto_-Canal-Off.jpg\" alt=\"Carlos iniciou projeto de mobilidade justa em Queimados visando democratizar o deslocamento no munic\u00edpio. Foto: Canal Off\" width=\"2048\" height=\"1152\" srcset=\"https:\/\/rioonwatch.org.br\/wp-content\/uploads\/2025\/07\/Carlos-iniciou-projeto-de-mobilidade-justa-em-Queimados-visando-democratizar-o-deslocamento-no-municipio.-Foto_-Canal-Off.jpg 2048w, https:\/\/rioonwatch.org.br\/wp-content\/uploads\/2025\/07\/Carlos-iniciou-projeto-de-mobilidade-justa-em-Queimados-visando-democratizar-o-deslocamento-no-municipio.-Foto_-Canal-Off-620x349.jpg 620w, https:\/\/rioonwatch.org.br\/wp-content\/uploads\/2025\/07\/Carlos-iniciou-projeto-de-mobilidade-justa-em-Queimados-visando-democratizar-o-deslocamento-no-municipio.-Foto_-Canal-Off-768x432.jpg 768w, https:\/\/rioonwatch.org.br\/wp-content\/uploads\/2025\/07\/Carlos-iniciou-projeto-de-mobilidade-justa-em-Queimados-visando-democratizar-o-deslocamento-no-municipio.-Foto_-Canal-Off-1536x864.jpg 1536w, https:\/\/rioonwatch.org.br\/wp-content\/uploads\/2025\/07\/Carlos-iniciou-projeto-de-mobilidade-justa-em-Queimados-visando-democratizar-o-deslocamento-no-municipio.-Foto_-Canal-Off-678x381.jpg 678w\" sizes=\"(max-width: 2048px) 100vw, 2048px\" \/><\/a><figcaption id=\"caption-attachment-78870\" class=\"wp-caption-text\">Carlos iniciou projeto de mobilidade justa em Queimados visando democratizar o deslocamento no munic\u00edpio. Foto: <em>Canal Off<\/em><\/figcaption><\/figure>\n<p>A partir dessa inten\u00e7\u00e3o, o Pedala Queimados realizou, em 2018, sua primeira oficina de capacita\u00e7\u00e3o em montagem de bicicletas, facilitada pelo artes\u00e3o <a href=\"https:\/\/bit.ly\/45O4eTw\" target=\"_blank\" rel=\"noopener\">Klaus Wolkmann<\/a>, do <a href=\"https:\/\/bit.ly\/3Uukh2r\" target=\"_blank\" rel=\"noopener\">Art Bike Bamboo<\/a>, que ensinou 25 pessoas no antigo espa\u00e7o Portal Cultural, Centro de Queimados, a construir a estrutura de uma bicicleta usando bambu. A forma\u00e7\u00e3o integrou mulheres, idosos e jovens, al\u00e9m de alguns ex-presidi\u00e1rios, entre outros, gerando oportunidade e visibilidade. Dez bicicletas foram constru\u00eddas naquele momento e o conhecimento sobre como constru\u00ed-las permaneceu em Queimados. O montante para este projeto espec\u00edfico foi arrecadado atrav\u00e9s de uma campanha de financiamento coletivo.<\/p>\n<blockquote class=\"instagram-media\" style=\"background: #FFF; border: 0; border-radius: 3px; box-shadow: 0 0 1px 0 rgba(0,0,0,0.5),0 1px 10px 0 rgba(0,0,0,0.15); margin: 1px; max-width: 540px; min-width: 326px; padding: 0; width: calc(100% - 2px);\" data-instgrm-captioned=\"\" data-instgrm-permalink=\"https:\/\/www.instagram.com\/p\/DKSL-fSNXBv\/?utm_source=ig_embed&amp;utm_campaign=loading\" data-instgrm-version=\"14\">\n<div style=\"padding: 16px;\">\n<p>&nbsp;<\/p>\n<div style=\"display: flex; flex-direction: row; align-items: center;\">\n<div style=\"background-color: #f4f4f4; border-radius: 50%; flex-grow: 0; height: 40px; margin-right: 14px; width: 40px;\"><\/div>\n<div style=\"display: flex; flex-direction: column; flex-grow: 1; justify-content: center;\">\n<div style=\"background-color: #f4f4f4; border-radius: 4px; flex-grow: 0; height: 14px; margin-bottom: 6px; width: 100px;\"><\/div>\n<div style=\"background-color: #f4f4f4; border-radius: 4px; flex-grow: 0; height: 14px; width: 60px;\"><\/div>\n<\/div>\n<\/div>\n<div style=\"padding: 19% 0;\"><\/div>\n<div style=\"display: block; height: 50px; margin: 0 auto 12px; width: 50px;\"><\/div>\n<div style=\"padding-top: 8px;\">\n<div style=\"color: #3897f0; font-family: Arial,sans-serif; font-size: 14px; font-style: normal; font-weight: 550; line-height: 18px;\">Ver esta publica\u00e7\u00e3o no Instagram<\/div>\n<\/div>\n<div style=\"padding: 12.5% 0;\"><\/div>\n<div style=\"display: flex; flex-direction: row; margin-bottom: 14px; align-items: center;\">\n<div>\n<div style=\"background-color: #f4f4f4; border-radius: 50%; height: 12.5px; width: 12.5px; transform: translateX(0px) translateY(7px);\"><\/div>\n<div style=\"background-color: #f4f4f4; height: 12.5px; transform: rotate(-45deg) translateX(3px) translateY(1px); width: 12.5px; flex-grow: 0; margin-right: 14px; margin-left: 2px;\"><\/div>\n<div style=\"background-color: #f4f4f4; border-radius: 50%; height: 12.5px; width: 12.5px; transform: translateX(9px) translateY(-18px);\"><\/div>\n<\/div>\n<div style=\"margin-left: 8px;\">\n<div style=\"background-color: #f4f4f4; border-radius: 50%; flex-grow: 0; height: 20px; width: 20px;\"><\/div>\n<div style=\"width: 0; height: 0; border-top: 2px solid transparent; border-left: 6px solid #f4f4f4; border-bottom: 2px solid transparent; transform: translateX(16px) translateY(-4px) rotate(30deg);\"><\/div>\n<\/div>\n<div style=\"margin-left: auto;\">\n<div style=\"width: 0px; border-top: 8px solid #F4F4F4; border-right: 8px solid transparent; transform: translateY(16px);\"><\/div>\n<div style=\"background-color: #f4f4f4; flex-grow: 0; height: 12px; width: 16px; transform: translateY(-4px);\"><\/div>\n<div style=\"width: 0; height: 0; border-top: 8px solid #F4F4F4; border-left: 8px solid transparent; transform: translateY(-4px) translateX(8px);\"><\/div>\n<\/div>\n<\/div>\n<div style=\"display: flex; flex-direction: column; flex-grow: 1; justify-content: center; margin-bottom: 24px;\">\n<div style=\"background-color: #f4f4f4; border-radius: 4px; flex-grow: 0; height: 14px; margin-bottom: 6px; width: 224px;\"><\/div>\n<div style=\"background-color: #f4f4f4; border-radius: 4px; flex-grow: 0; height: 14px; width: 144px;\"><\/div>\n<\/div>\n<p>&nbsp;<\/p>\n<p style=\"color: #c9c8cd; font-family: Arial,sans-serif; font-size: 14px; line-height: 17px; margin-bottom: 0; margin-top: 8px; overflow: hidden; padding: 8px 0 7px; text-align: center; text-overflow: ellipsis; white-space: nowrap;\"><a style=\"color: #c9c8cd; font-family: Arial,sans-serif; font-size: 14px; font-style: normal; font-weight: normal; line-height: 17px; text-decoration: none;\" href=\"https:\/\/www.instagram.com\/p\/DKSL-fSNXBv\/?utm_source=ig_embed&amp;utm_campaign=loading\" target=\"_blank\" rel=\"noopener\">Uma publica\u00e7\u00e3o partilhada por Pedala Queimados (@pedalaqueimados)<\/a><\/p>\n<\/div>\n<\/blockquote>\n<p><script async src=\"\/\/www.instagram.com\/embed.js\"><\/script><\/p>\n<h3>Falta de Recursos Desafia Sustentabilidade do Projeto<\/h3>\n<p>Apesar do potencial da oficina, o alto custo de produ\u00e7\u00e3o dificultou a continuidade da proposta que visava, justamente, a democratiza\u00e7\u00e3o do acesso \u00e0 bicicleta em Queimados, evidenciando a quest\u00e3o financeira como uma das maiores barreiras enfrentadas por projetos comunit\u00e1rios de mobilidade sustent\u00e1vel ativa.<\/p>\n<figure id=\"attachment_78831\" aria-describedby=\"caption-attachment-78831\" style=\"width: 1200px\" class=\"wp-caption aligncenter\"><a href=\"https:\/\/rioonwatch.org.br\/wp-content\/uploads\/2025\/07\/Bicicletas-feitas-de-bambu.-Acervo-Pedala-Queimados.jpg\"><img loading=\"lazy\" decoding=\"async\" class=\"wp-image-78831 size-full\" title=\"Capacita\u00e7\u00e3o em bicicletas de bambu, oferecida pelo Pedala Queimados com objetivo de democratizar o acesso a bicicletas na regi\u00e3o. Acervo: Pedala Queimados.\" src=\"https:\/\/rioonwatch.org.br\/wp-content\/uploads\/2025\/07\/Bicicletas-feitas-de-bambu.-Acervo-Pedala-Queimados.jpg\" alt=\"Capacita\u00e7\u00e3o em bicicletas de bambu, oferecida pelo Pedala Queimados com objetivo de democratizar o acesso a bicicletas na regi\u00e3o. Acervo: Pedala Queimados.\" width=\"1200\" height=\"1600\" srcset=\"https:\/\/rioonwatch.org.br\/wp-content\/uploads\/2025\/07\/Bicicletas-feitas-de-bambu.-Acervo-Pedala-Queimados.jpg 1200w, https:\/\/rioonwatch.org.br\/wp-content\/uploads\/2025\/07\/Bicicletas-feitas-de-bambu.-Acervo-Pedala-Queimados-465x620.jpg 465w, https:\/\/rioonwatch.org.br\/wp-content\/uploads\/2025\/07\/Bicicletas-feitas-de-bambu.-Acervo-Pedala-Queimados-1125x1500.jpg 1125w, https:\/\/rioonwatch.org.br\/wp-content\/uploads\/2025\/07\/Bicicletas-feitas-de-bambu.-Acervo-Pedala-Queimados-768x1024.jpg 768w, https:\/\/rioonwatch.org.br\/wp-content\/uploads\/2025\/07\/Bicicletas-feitas-de-bambu.-Acervo-Pedala-Queimados-1152x1536.jpg 1152w\" sizes=\"(max-width: 1200px) 100vw, 1200px\" \/><\/a><figcaption id=\"caption-attachment-78831\" class=\"wp-caption-text\">Capacita\u00e7\u00e3o em bicicletas de bambu, oferecida pelo Pedala Queimados com objetivo de democratizar o acesso a bicicletas na regi\u00e3o. Acervo: Pedala Queimados<\/figcaption><\/figure>\n<p>Mesmo assim, al\u00e9m das oficinas de bicicleta de bambu, o Pedala Queimados tamb\u00e9m replicou, em 2018, o projeto da organiza\u00e7\u00e3o <a href=\"https:\/\/bit.ly\/45n9Tzy\" target=\"_blank\" rel=\"noopener\">Ameciclo<\/a>, que teve seu pontap\u00e9 inicial em Recife. Sob o nome Proposta Capital Bicicleta Abandonada (uma das atividades do Programa &#8220;Pedalando para o Futuro&#8221;, idealizado pelo Pedala Queimados), este novo projeto foi direcionado a conjuntos residenciais do programa <a href=\"https:\/\/bit.ly\/2wYPD6w\" target=\"_blank\" rel=\"noopener\">Minha Casa, Minha Vida<\/a>.<\/p>\n<p><span style=\"font-weight: 400;\">O projeto recolheu<\/span><span style=\"font-weight: 400;\">\u00a0bicicletas abandonadas em diversas regi\u00f5es da cidade do Rio de Janeiro para serem consertadas e doadas aos complexos habitacionais constru\u00eddos pelo Minha Casa, Minha Vida em Queimados <\/span>para uso coletivo dos moradores. O projeto pretendia viabilizar o acesso a um <a href=\"https:\/\/bit.ly\/44YIbt3\" target=\"_blank\" rel=\"noopener\">sistema de bicicletas compartilhadas<\/a>, al\u00e9m de oferecer aos moradores do territ\u00f3rio treinamentos sobre mec\u00e2nica, reparos de bicicleta, e uso consciente deste meio de mobilidade.<\/p>\n<blockquote><p>\u201cEntendendo que o que levava essas pessoas a sofrerem viol\u00eancia, morte, a furtar, roubar&#8230; Se o motivo era porque n\u00e3o tinham trabalho, [porque tinham] baixa escolaridade e um monte de [outras] quest\u00f5es&#8230; Vai usar bicicleta como ferramenta de capacita\u00e7\u00e3o, de emprego e <a href=\"https:\/\/bit.ly\/3eC1pYX\" target=\"_blank\" rel=\"noopener\">renda, de trabalho<\/a>.\u201d \u2014 Carlos Leandro de Oliveira<\/p><\/blockquote>\n<figure id=\"attachment_78872\" aria-describedby=\"caption-attachment-78872\" style=\"width: 1153px\" class=\"wp-caption aligncenter\"><a href=\"https:\/\/rioonwatch.org.br\/wp-content\/uploads\/2025\/07\/Bicicletas-eram-recolhidas-em-condominio-de-areas-nobres-do-Rio-de-Janeiro-para-serem-reformadas-e-entregues-a-moradores-de-baixa-renda.-Foto-Arquivo-pessoal.jpg\"><img loading=\"lazy\" decoding=\"async\" class=\"wp-image-78872 size-full\" title=\"Bicicletas eram recolhidas em condom\u00ednios de \u00e1reas nobres do Rio de Janeiro para serem reformadas e entregues a moradores de baixa renda de Queimados, cidade da Baixada Fluminense. Foto: Arquivo pessoal\" src=\"https:\/\/rioonwatch.org.br\/wp-content\/uploads\/2025\/07\/Bicicletas-eram-recolhidas-em-condominio-de-areas-nobres-do-Rio-de-Janeiro-para-serem-reformadas-e-entregues-a-moradores-de-baixa-renda.-Foto-Arquivo-pessoal.jpg\" alt=\"Bicicletas eram recolhidas em condom\u00ednios de \u00e1reas nobres do Rio de Janeiro para serem reformadas e entregues a moradores de baixa renda de Queimados, cidade da Baixada Fluminense. Foto: Arquivo pessoal\" width=\"1153\" height=\"2048\" srcset=\"https:\/\/rioonwatch.org.br\/wp-content\/uploads\/2025\/07\/Bicicletas-eram-recolhidas-em-condominio-de-areas-nobres-do-Rio-de-Janeiro-para-serem-reformadas-e-entregues-a-moradores-de-baixa-renda.-Foto-Arquivo-pessoal.jpg 1153w, https:\/\/rioonwatch.org.br\/wp-content\/uploads\/2025\/07\/Bicicletas-eram-recolhidas-em-condominio-de-areas-nobres-do-Rio-de-Janeiro-para-serem-reformadas-e-entregues-a-moradores-de-baixa-renda.-Foto-Arquivo-pessoal-349x620.jpg 349w, https:\/\/rioonwatch.org.br\/wp-content\/uploads\/2025\/07\/Bicicletas-eram-recolhidas-em-condominio-de-areas-nobres-do-Rio-de-Janeiro-para-serem-reformadas-e-entregues-a-moradores-de-baixa-renda.-Foto-Arquivo-pessoal-844x1500.jpg 844w, https:\/\/rioonwatch.org.br\/wp-content\/uploads\/2025\/07\/Bicicletas-eram-recolhidas-em-condominio-de-areas-nobres-do-Rio-de-Janeiro-para-serem-reformadas-e-entregues-a-moradores-de-baixa-renda.-Foto-Arquivo-pessoal-768x1364.jpg 768w, https:\/\/rioonwatch.org.br\/wp-content\/uploads\/2025\/07\/Bicicletas-eram-recolhidas-em-condominio-de-areas-nobres-do-Rio-de-Janeiro-para-serem-reformadas-e-entregues-a-moradores-de-baixa-renda.-Foto-Arquivo-pessoal-865x1536.jpg 865w\" sizes=\"(max-width: 1153px) 100vw, 1153px\" \/><\/a><figcaption id=\"caption-attachment-78872\" class=\"wp-caption-text\">Bicicletas eram recolhidas em condom\u00ednios de \u00e1reas nobres do Rio de Janeiro para serem reformadas e entregues a moradores de baixa renda de Queimados. Foto: Arquivo pessoal<\/figcaption><\/figure>\n<p>No entanto, a <a href=\"https:\/\/bit.ly\/2LstmZt\" target=\"_blank\" rel=\"noopener\">pandemia<\/a> impactou a conclus\u00e3o deste projeto, que ficou com as atividades pausadas at\u00e9 a flexibiliza\u00e7\u00e3o das restri\u00e7\u00f5es sanit\u00e1rias. Parte das bicicletas que j\u00e1 tinham sido recolhidas foram furtadas neste per\u00edodo. O material que sobrou foi doado ao projeto de nata\u00e7\u00e3o infantil <a href=\"https:\/\/bit.ly\/4mcpqIg\" target=\"_blank\" rel=\"noopener\">Golfinhos da Baixada<\/a> ou alocado em um galp\u00e3o do projeto Pedala Queimados. Apesar dos obst\u00e1culos, Carlos e seus companheiros perseveraram.<\/p>\n<figure id=\"attachment_78871\" aria-describedby=\"caption-attachment-78871\" style=\"width: 500px\" class=\"wp-caption alignright\"><a href=\"https:\/\/rioonwatch.org.br\/wp-content\/uploads\/2025\/07\/Na-foto-Carlos-Leandro-durante-uma-das-oficinas-realizadas-em-2022.-Foto-Arquivo-pessoal.jpg\"><img loading=\"lazy\" decoding=\"async\" class=\"wp-image-78871\" title=\"O projeto ofereceu curso de montagem de bicicletas utilizando bambu, iniciativa apoiada atrav\u00e9s de financiamento coletivo. Na foto, Carlos Leandro durante uma das oficinas realizadas em 2022. Foto: Arquivo pessoal\" src=\"https:\/\/rioonwatch.org.br\/wp-content\/uploads\/2025\/07\/Na-foto-Carlos-Leandro-durante-uma-das-oficinas-realizadas-em-2022.-Foto-Arquivo-pessoal-620x620.jpg\" alt=\"O projeto ofereceu curso de montagem de bicicletas utilizando bambu, iniciativa apoiada atrav\u00e9s de financiamento coletivo. Na foto, Carlos Leandro durante uma das oficinas realizadas em 2022. Foto: Arquivo pessoal\" width=\"500\" height=\"500\" srcset=\"https:\/\/rioonwatch.org.br\/wp-content\/uploads\/2025\/07\/Na-foto-Carlos-Leandro-durante-uma-das-oficinas-realizadas-em-2022.-Foto-Arquivo-pessoal-620x620.jpg 620w, https:\/\/rioonwatch.org.br\/wp-content\/uploads\/2025\/07\/Na-foto-Carlos-Leandro-durante-uma-das-oficinas-realizadas-em-2022.-Foto-Arquivo-pessoal.jpg 720w\" sizes=\"(max-width: 500px) 100vw, 500px\" \/><\/a><figcaption id=\"caption-attachment-78871\" class=\"wp-caption-text\">O projeto ofereceu curso de montagem de bicicletas utilizando bambu, iniciativa apoiada atrav\u00e9s de financiamento coletivo. Na foto, Carlos durante uma das oficinas realizadas em 2022. Foto: Arquivo pessoal<\/figcaption><\/figure>\n<blockquote><p>\u201cN\u00e3o conseguimos fazer a entrega final do projeto. Isso tamb\u00e9m \u00e9 ruim, porque, quando a gente chegou l\u00e1, mobilizou um monte de pessoas, principalmente crian\u00e7as e adolescentes e, no final, a gente n\u00e3o conseguiu entregar. Isso mexe com a expectativa deles, n\u00e9? No momento, a gente t\u00e1 se inscrevendo para um edital, pra tentar retomar esse projeto em outro territ\u00f3rio. Escrevemos esse ano para o <a href=\"https:\/\/bit.ly\/3UBCb3g\" target=\"_blank\" rel=\"noopener\">Bicicleta Brasil<\/a> e recebemos o selo, mas n\u00e3o conseguimos o pr\u00eamio [em dinheiro e nem a aprova\u00e7\u00e3o final], que de fato ia permitir isso. Nosso CNPJ foi indeferido por falta de declara\u00e7\u00e3o. Isso passa por recurso tamb\u00e9m, n\u00e9? Tem que pagar o contador e voc\u00ea n\u00e3o tem recurso, como \u00e9 que voc\u00ea paga? N\u00f3s estamos tentando resolver isso.\u201d \u2014 Carlos Leandro de Oliveira<\/p><\/blockquote>\n<p>Fora as barreiras j\u00e1 enfrentadas, fatores como a sustentabilidade econ\u00f4mica afetam a continuidade da iniciativa.<\/p>\n<blockquote><p>\u201cNenhum modelo de bicicleta compartilhada no Brasil e no mundo se sustenta somente com o custo do usu\u00e1rio [taxa cobrada pelo uso]. Se n\u00e3o tiver uma empresa patrocinando por tr\u00e1s, essa bicicleta n\u00e3o vai rodar. A mesma coisa aqui [em Queimados], porque voc\u00ea tem [que ter] manuten\u00e7\u00e3o, as ruas s\u00e3o muito prec\u00e1rias. Botar todo o custo na conta do usu\u00e1rio tamb\u00e9m n\u00e3o [se] justifica, porque o pre\u00e7o da passagem j\u00e1 \u00e9 caro e a ideia \u00e9 reduzir custo. \u00c9 uma quest\u00e3o [muito desafiadora]. Edital, financiamento, eram caminhos que a gente tava pensando, e isso fez com que a gente pensasse em outras formas de se manter, porque a pandemia escancarou uma realidade enorme, que foi a de como se manter a partir do que a gente faz.\u201d \u2014 Carlos Leandro de Oliveira<\/p><\/blockquote>\n<p><span style=\"font-weight: 400;\">Durante a pandemia, o Pedala Queimados se reinventou e a bicicleta se mostrou uma pe\u00e7a fundamental na supera\u00e7\u00e3o dos desafios impostos pela crise sanit\u00e1ria. <\/span><span style=\"font-weight: 400;\">Coletivos comunit\u00e1rios como <a href=\"https:\/\/bit.ly\/4fBipOX\" target=\"_blank\" rel=\"noopener\">Golfinhos da Baixada<\/a>, <a href=\"https:\/\/bit.ly\/45KC9wl\" target=\"_blank\" rel=\"noopener\">Coletivo Mundo Melhor<\/a>, Associa\u00e7\u00e3o dos Amigos do Para\u00edso (<a href=\"https:\/\/bit.ly\/4oqW0bc\" target=\"_blank\" rel=\"noopener\">AMPARA<\/a>), <a href=\"https:\/\/bit.ly\/3JfeM5e\" target=\"_blank\" rel=\"noopener\">Vis\u00e3o Coop<\/a>, Instituto Professora Marli Esteves, entre outros, se uniram no <\/span><a href=\"https:\/\/bit.ly\/3ISo72R\" target=\"_blank\" rel=\"noopener\"><span style=\"font-weight: 400;\">Movimento Uni\u00e3o Rio<\/span><\/a><span style=\"font-weight: 400;\"> para realizar entrega de cestas b\u00e1sicas e itens de higiene atrav\u00e9s das <em>bike-entregas<\/em>. A a\u00e7\u00e3o focou em atender munic\u00edpios da Baixada, como Queimados, Japeri, Nova Igua\u00e7u, S\u00e3o Jo\u00e3o de Meriti e outros<\/span><span style=\"font-weight: 400;\">. <\/span><\/p>\n<p>Embora tenha conseguido atravessar a pandemia, o Pedala Queimados ainda sente seus efeitos. Poucas bicicletas coletadas chegaram, de fato, aos novos usu\u00e1rios, sobretudo devido \u00e0 falta de espa\u00e7o, \u00e0 falta de recursos para reform\u00e1-las e a quest\u00f5es do territ\u00f3rio.<\/p>\n<blockquote><p>\u201c<span style=\"font-weight: 400;\">Ao longo dos anos [sobretudo depois da pandemia], o Pedala Queimados manteve suas atividades de forma pontual, oferecendo as oficinas das bicicletas de bambu em Queimados. No entanto, a montagem de bikes de bambu tem sido feita com recursos pr\u00f3prios, remanescentes da primeira oficina. O projeto sobrevive contando com recursos pontuais, como servi\u00e7os prestados por mim, e apoios, sejam financeiros, sejam de materiais. <\/span><span style=\"font-weight: 400;\">Al\u00e9m disso, a populariza\u00e7\u00e3o do potencial tur\u00edstico de Queimados tamb\u00e9m \u00e9 afetada pela<\/span> <span style=\"font-weight: 400;\">representa\u00e7\u00e3o violenta da regi\u00e3o. <\/span>Qual \u00e9 o contexto em que eles v\u00e3o falar sobre esse lugar? \u00c9 o contexto em que as pessoas da capital percebem a Baixada Fluminense como um lugar violento. \u00c9 o contexto que s\u00f3 as coisas ruins acontecem aqui\u2026 Como romper com esse estigma? Como atrair pessoas para virem aqui, valorizar e potencializar esse lugar? \u00c9 contra esse pano de fundo [que lutamos] por <a href=\"https:\/\/bit.ly\/2x39npy\" target=\"_blank\" rel=\"noopener\">n\u00e3o aceitar o estigma<\/a>, que \u00e9 colocado em n\u00f3s, como se fosse normal.\u201d \u2014 Carlos Leandro de Oliveira<\/p><\/blockquote>\n<h3>O Ecoturismo e o Empreendedorismo Sustent\u00e1vel Sob as Rodas do Pedala Queimados<\/h3>\n<p><span style=\"font-weight: 400;\">A partir do in\u00edcio da flexibiliza\u00e7\u00e3o das barreiras sanit\u00e1rias, o Pedala Queimados come\u00e7ou a oferecer, em 2022, passeios de bicicleta por rotas em meio \u00e0 natureza de Queimados. Somou-se, assim, ao movimento de ecoturismo na regi\u00e3o, promovendo atividades f\u00edsicas ao ar livre e que respeitavam o distanciamento social ainda exigido naquela fase da pandemia.<\/span><\/p>\n<p><span style=\"font-weight: 400;\">Atualmente, o Pedala Queimados oferece caminhadas e passeios coletivos pelas \u00e1reas rurais da cidade. Um desses eventos \u00e9 o <a href=\"https:\/\/bit.ly\/4oP0PLQ\" target=\"_blank\" rel=\"noopener\">Anda Queimados &#8211; Caminhada na Natureza<\/a>, que atrai participantes de todas as idades. As pessoas participam de bicicleta ou a p\u00e9, explorando as belezas das \u00e1reas rurais de Queimados. Cada participante realiza pequenas contribui\u00e7\u00f5es, ajudando a manter esta organiza\u00e7\u00e3o que \u00e9 a<\/span><span style=\"font-weight: 400;\">utofinanciada. Assim, o Pedala Queimados oferece uma experi\u00eancia comunit\u00e1ria segura que ajuda a inserir Queimados no mapa das capitais do ecoturismo.<\/span><\/p>\n<figure id=\"attachment_78874\" aria-describedby=\"caption-attachment-78874\" style=\"width: 1600px\" class=\"wp-caption aligncenter\"><a href=\"https:\/\/rioonwatch.org.br\/wp-content\/uploads\/2025\/07\/Entre-as-atividades-que-o-projeto-passou-a-desenvolver-apos-a-pandemia-foram-o-turismo-na-regiao-de-Queimados-visando-a-permanencia-da-iniciativa.-Foto_-Arquivo-pessoal.jpg\"><img loading=\"lazy\" decoding=\"async\" class=\"wp-image-78874 size-full\" title=\"Entre as atividades que o projeto passou a desenvolver ap\u00f3s a pandemia, est\u00e1 o ecoturismo na regi\u00e3o rural de Queimados. Foto: Arquivo pessoal\" src=\"https:\/\/rioonwatch.org.br\/wp-content\/uploads\/2025\/07\/Entre-as-atividades-que-o-projeto-passou-a-desenvolver-apos-a-pandemia-foram-o-turismo-na-regiao-de-Queimados-visando-a-permanencia-da-iniciativa.-Foto_-Arquivo-pessoal.jpg\" alt=\"Entre as atividades que o projeto passou a desenvolver ap\u00f3s a pandemia, est\u00e1 o ecoturismo na regi\u00e3o rural de Queimados. Foto: Arquivo pessoal\" width=\"1600\" height=\"1200\" srcset=\"https:\/\/rioonwatch.org.br\/wp-content\/uploads\/2025\/07\/Entre-as-atividades-que-o-projeto-passou-a-desenvolver-apos-a-pandemia-foram-o-turismo-na-regiao-de-Queimados-visando-a-permanencia-da-iniciativa.-Foto_-Arquivo-pessoal.jpg 1600w, https:\/\/rioonwatch.org.br\/wp-content\/uploads\/2025\/07\/Entre-as-atividades-que-o-projeto-passou-a-desenvolver-apos-a-pandemia-foram-o-turismo-na-regiao-de-Queimados-visando-a-permanencia-da-iniciativa.-Foto_-Arquivo-pessoal-620x465.jpg 620w, https:\/\/rioonwatch.org.br\/wp-content\/uploads\/2025\/07\/Entre-as-atividades-que-o-projeto-passou-a-desenvolver-apos-a-pandemia-foram-o-turismo-na-regiao-de-Queimados-visando-a-permanencia-da-iniciativa.-Foto_-Arquivo-pessoal-768x576.jpg 768w, https:\/\/rioonwatch.org.br\/wp-content\/uploads\/2025\/07\/Entre-as-atividades-que-o-projeto-passou-a-desenvolver-apos-a-pandemia-foram-o-turismo-na-regiao-de-Queimados-visando-a-permanencia-da-iniciativa.-Foto_-Arquivo-pessoal-1536x1152.jpg 1536w, https:\/\/rioonwatch.org.br\/wp-content\/uploads\/2025\/07\/Entre-as-atividades-que-o-projeto-passou-a-desenvolver-apos-a-pandemia-foram-o-turismo-na-regiao-de-Queimados-visando-a-permanencia-da-iniciativa.-Foto_-Arquivo-pessoal-678x509.jpg 678w, https:\/\/rioonwatch.org.br\/wp-content\/uploads\/2025\/07\/Entre-as-atividades-que-o-projeto-passou-a-desenvolver-apos-a-pandemia-foram-o-turismo-na-regiao-de-Queimados-visando-a-permanencia-da-iniciativa.-Foto_-Arquivo-pessoal-326x245.jpg 326w, https:\/\/rioonwatch.org.br\/wp-content\/uploads\/2025\/07\/Entre-as-atividades-que-o-projeto-passou-a-desenvolver-apos-a-pandemia-foram-o-turismo-na-regiao-de-Queimados-visando-a-permanencia-da-iniciativa.-Foto_-Arquivo-pessoal-80x60.jpg 80w\" sizes=\"(max-width: 1600px) 100vw, 1600px\" \/><\/a><figcaption id=\"caption-attachment-78874\" class=\"wp-caption-text\">Entre as atividades que o projeto passou a desenvolver ap\u00f3s a pandemia est\u00e1 o ecoturismo na regi\u00e3o rural de Queimados. Foto: Arquivo pessoal<\/figcaption><\/figure>\n<p><span style=\"font-weight: 400;\">Mesmo com os percal\u00e7os, em 2022, a Pedala Queimados iniciou um novo recorte de trabalho, atrav\u00e9s da<\/span><span style=\"font-weight: 400;\"> produ\u00e7\u00e3o sustent\u00e1vel de sacolas de compras, reutilizando materiais de grandes eventos, como o <\/span><a href=\"https:\/\/bit.ly\/3Jw4rlu\" target=\"_blank\" rel=\"noopener\"><span style=\"font-weight: 400;\">Shimano Fest<\/span><\/a><span style=\"font-weight: 400;\">, um dos maiores festivais de bike da Am\u00e9rica Latina, <\/span><span style=\"font-weight: 400;\">em S\u00e3o Paulo; <\/span><span style=\"font-weight: 400;\">a competi\u00e7\u00e3o de <\/span><span style=\"font-weight: 400;\">surfe<\/span>\u00a0<a href=\"https:\/\/bit.ly\/3Jgv6CQ\" target=\"_blank\" rel=\"noopener\"><span style=\"font-weight: 400;\">Rei e Rainha do Mar<\/span><\/a><span style=\"font-weight: 400;\">\u00a0e a <\/span><a href=\"https:\/\/bit.ly\/4oAmQO8\" target=\"_blank\" rel=\"noopener\"><span style=\"font-weight: 400;\">Meia Maratona do Cristo,<\/span><\/a><span style=\"font-weight: 400;\"> ambos realizados na cidade do Rio de Janeiro.\u00a0<\/span><\/p>\n<p><iframe style=\"border: none; overflow: hidden;\" src=\"https:\/\/www.facebook.com\/plugins\/post.php?href=https%3A%2F%2Fwww.facebook.com%2Fpedala.queimados.5%2Fposts%2Fpfbid02yrYcWkffmBZxVAS3WNu7GKDnQbp8VbKyuvTbFYcvUrwQ3FbDUDF5WLhLmpQ51R4xl&amp;show_text=true&amp;width=500\" width=\"500\" height=\"720\" frameborder=\"0\" scrolling=\"no\" allowfullscreen=\"allowfullscreen\"><\/iframe><\/p>\n<p><span style=\"font-weight: 400;\">As bolsas s\u00e3o produzidas no modelo que Carlos chama de <a href=\"https:\/\/bit.ly\/3UsoC6k\" target=\"_blank\" rel=\"noopener\">c\u00edrculo cont\u00ednuo<\/a> ou <a href=\"https:\/\/bit.ly\/3HAB7tz\" target=\"_blank\" rel=\"noopener\">trip\u00e9 sustent\u00e1vel<\/a>. A proposta consistia em receber as lonas utilizadas nestes eventos para transform\u00e1-las em bolsas reutiliz\u00e1veis por pessoas em situa\u00e7\u00e3o de vulnerabilidade social e moradoras de Queimados. Ao final, as bolsas eram compradas pelos organizadores dos mesmos eventos que cediam o material. <\/span><span style=\"font-weight: 400;\">Segundo Carlos, esse modelo promove justi\u00e7a em tr\u00eas pilares: ambiental, econ\u00f4mico e social.<\/span><\/p>\n<p><span style=\"font-weight: 400;\">No entanto, a produ\u00e7\u00e3o foi interrompida h\u00e1 dois meses, quando o galp\u00e3o, localizado no bairro de Nossa Senhora da Concei\u00e7\u00e3o, em Queimados, foi invadido e furtado. O espa\u00e7o teve toda sua fia\u00e7\u00e3o cortada e o maquin\u00e1rio para confec\u00e7\u00e3o das bolsas levado, causando v\u00e1rios preju\u00edzos. No momento, o projeto est\u00e1 focado em construir uma campanha de financiamento coletivo para retomar a produ\u00e7\u00e3o das sacolas.<\/span><\/p>\n<figure id=\"attachment_78873\" aria-describedby=\"caption-attachment-78873\" style=\"width: 1600px\" class=\"wp-caption aligncenter\"><a href=\"https:\/\/rioonwatch.org.br\/wp-content\/uploads\/2025\/07\/Alem-de-tratar-de-mobilidade-o-Pedala-Queimados-tambem-coordena-outras-acoes-socioambientais-como-a-confeccao-de-eco-bags-feitas-com-materias-doados-por-eventos-esportivos-Foto_-Arquivo-pessoal.jpg\"><img loading=\"lazy\" decoding=\"async\" class=\"wp-image-78873 size-full\" title=\"Al\u00e9m de tratar de mobilidade ativa, Pedala Queimados tamb\u00e9m coordena outras a\u00e7\u00f5es socioambientais, como a confec\u00e7\u00e3o de ecobags feitas com materiais doados por eventos esportivos Foto: Arquivo pessoal\" src=\"https:\/\/rioonwatch.org.br\/wp-content\/uploads\/2025\/07\/Alem-de-tratar-de-mobilidade-o-Pedala-Queimados-tambem-coordena-outras-acoes-socioambientais-como-a-confeccao-de-eco-bags-feitas-com-materias-doados-por-eventos-esportivos-Foto_-Arquivo-pessoal.jpg\" alt=\"Al\u00e9m de tratar de mobilidade ativa, Pedala Queimados tamb\u00e9m coordena outras a\u00e7\u00f5es socioambientais, como a confec\u00e7\u00e3o de ecobags feitas com materiais doados por eventos esportivos Foto: Arquivo pessoal\" width=\"1600\" height=\"900\" srcset=\"https:\/\/rioonwatch.org.br\/wp-content\/uploads\/2025\/07\/Alem-de-tratar-de-mobilidade-o-Pedala-Queimados-tambem-coordena-outras-acoes-socioambientais-como-a-confeccao-de-eco-bags-feitas-com-materias-doados-por-eventos-esportivos-Foto_-Arquivo-pessoal.jpg 1600w, https:\/\/rioonwatch.org.br\/wp-content\/uploads\/2025\/07\/Alem-de-tratar-de-mobilidade-o-Pedala-Queimados-tambem-coordena-outras-acoes-socioambientais-como-a-confeccao-de-eco-bags-feitas-com-materias-doados-por-eventos-esportivos-Foto_-Arquivo-pessoal-620x349.jpg 620w, https:\/\/rioonwatch.org.br\/wp-content\/uploads\/2025\/07\/Alem-de-tratar-de-mobilidade-o-Pedala-Queimados-tambem-coordena-outras-acoes-socioambientais-como-a-confeccao-de-eco-bags-feitas-com-materias-doados-por-eventos-esportivos-Foto_-Arquivo-pessoal-768x432.jpg 768w, https:\/\/rioonwatch.org.br\/wp-content\/uploads\/2025\/07\/Alem-de-tratar-de-mobilidade-o-Pedala-Queimados-tambem-coordena-outras-acoes-socioambientais-como-a-confeccao-de-eco-bags-feitas-com-materias-doados-por-eventos-esportivos-Foto_-Arquivo-pessoal-1536x864.jpg 1536w, https:\/\/rioonwatch.org.br\/wp-content\/uploads\/2025\/07\/Alem-de-tratar-de-mobilidade-o-Pedala-Queimados-tambem-coordena-outras-acoes-socioambientais-como-a-confeccao-de-eco-bags-feitas-com-materias-doados-por-eventos-esportivos-Foto_-Arquivo-pessoal-678x381.jpg 678w\" sizes=\"(max-width: 1600px) 100vw, 1600px\" \/><\/a><figcaption id=\"caption-attachment-78873\" class=\"wp-caption-text\">Al\u00e9m de tratar de mobilidade ativa, o Pedala Queimados coordena outras a\u00e7\u00f5es socioambientais, como a confec\u00e7\u00e3o de ecobags feitas com materiais doados por eventos esportivos. Foto: Arquivo pessoal<\/figcaption><\/figure>\n<h3>&#8216;Apontar Para a Mobilidade Ativa Como Prioridade&#8217;<\/h3>\n<p><span style=\"font-weight: 400;\">Atualmente, a Pra\u00e7a da Paz, localizada no bairro Nossa Senhora de F\u00e1tima, em Queimados, \u00e9 um endere\u00e7o central para o projeto, servindo tamb\u00e9m como um espa\u00e7o comunit\u00e1rio e palco para eventos e festivais. Todos os meses, nesta pra\u00e7a, crian\u00e7as entre dois e oito anos aprendem a andar de bicicleta com o Pedala Queimados. No espa\u00e7o, h\u00e1 paredes com grafite, pinturas e escritos, que servem para recordar os valores do bairro e para lembrar quem deixou uma marca no desenvolvimento e na hist\u00f3ria daquela regi\u00e3o. Ocupar esse espa\u00e7o, no bairro, \u00e9 visto como uma demonstra\u00e7\u00e3o de resist\u00eancia e esperan\u00e7a.<\/span><\/p>\n<p><span style=\"font-weight: 400;\">De acordo com Carlos, promover um trabalho social atrav\u00e9s das bicicletas \u00e9 fundamental para estimular mudan\u00e7as em pol\u00edticas p\u00fablicas para mobilidade urbana, ainda extremamente deficit\u00e1rias ou at\u00e9 mesmo inexistentes para regi\u00f5es perif\u00e9ricas do Grande Rio, como Queimados.<\/span><\/p>\n<blockquote><p><span style=\"font-weight: 400;\">\u201cO poder p\u00fablico coloca recurso pra investimento onde tem carro, n\u00e9? Mas pra bicicleta quase nenhum. Ent\u00e3o, como \u00e9 que voc\u00ea inverte essa l\u00f3gica? [Investindo] nas pessoas. Se voc\u00ea for olhar, o maior deslocamento das pessoas em Queimados \u00e9 a p\u00e9 e de bicicleta. E qual o investimento que voc\u00ea tem pra esse p\u00fablico? As cal\u00e7adas todas inacess\u00edveis. As ciclovias que fazem na cidade s\u00e3o na beira do rio, mal feitas, na primeira chuva que passa arrasta tudo, como aconteceu aqui. Ent\u00e3o, esse \u00e9 o grande desafio: apontar para a mobilidade ativa como prioridade no investimento p\u00fablico. \u00c9 o que diz o Estatuto da Cidade, que \u00e9 o que o orienta, o que [tamb\u00e9m] orienta a Pol\u00edtica Nacional de Mobilidade Urbana: cidade acima de 20.000 habitantes tem que investir, tem que ter um plano municipal de mobilidade, com a inclus\u00e3o da bicicleta, com participa\u00e7\u00e3o social, o que, infelizmente, a gest\u00e3o p\u00fablica n\u00e3o faz [em Queimados]. E eu, que numa \u00e9poca fui conselheiro de meio ambiente [no Conselho Municipal da Cidade de Queimados (COMDEMA)], percebi que [n\u00f3s], os ativistas ambientais, n\u00e3o temos for\u00e7a suficiente pra poder fortalecer esse debate. At\u00e9 porque, na <a href=\"https:\/\/bit.ly\/3Uo1llY\" target=\"_blank\" rel=\"noopener\">C\u00e2mara dos Vereadores [de Queimados<\/a>], n\u00e3o tem ningu\u00e9m batendo essa bola. Todo mundo que t\u00e1 l\u00e1 dentro utiliza carro e pensa cidade na \u00f3tica do carro. <\/span><span style=\"font-weight: 400;\">A gente coloca o nosso corpo em risco [caminhando e andando de bicicleta em Queimados. Ent\u00e3o,] a gente precisa ocupar esse lugar, precisa mostrar que nosso corpo est\u00e1 ali [e conquistar pol\u00edticas p\u00fablicas voltadas \u00e0 promo\u00e7\u00e3o da mobilidade ativa].\u201d \u2014 <\/span><span style=\"font-weight: 400;\">Carlos Leandro de Oliveira<\/span><\/p><\/blockquote>\n<p><em>Para mais informa\u00e7\u00f5es sobre o projeto, como participar, e <a href=\"https:\/\/bit.ly\/46YekSN\" target=\"_blank\" rel=\"noopener\">como ajudar<\/a>, entre em contato com o Pedala Queimados por meio de suas redes sociais no <a href=\"https:\/\/bit.ly\/2J7sUea\" target=\"_blank\" rel=\"noopener\">Instagram<\/a>, WhatsApp e <a href=\"https:\/\/bit.ly\/2Xy5Puw\" target=\"_blank\" rel=\"noopener\">Facebook<\/a>.\u00a0<\/em><\/p>\n<p><em>Sobre a autora:\u00a0<i data-stringify-type=\"italic\"><a class=\"c-link\" href=\"https:\/\/bit.ly\/3p94eas\" target=\"_blank\" rel=\"noopener noreferrer\" data-stringify-link=\"https:\/\/bit.ly\/3p94eas\" data-sk=\"tooltip_parent\">Amanda Baroni Lopes<\/a><\/i><i data-stringify-type=\"italic\">\u00a0\u00e9 formada em jornalismo na Unicarioca e foi aluna do 1\u00b0 Laborat\u00f3rio de Jornalismo do\u00a0<\/i><i data-stringify-type=\"italic\"><a class=\"c-link\" href=\"https:\/\/bit.ly\/33tm8dz\" target=\"_blank\" rel=\"noopener noreferrer\" data-stringify-link=\"http:\/\/bit.ly\/2YfGMc5\" data-sk=\"tooltip_parent\">Mar\u00e9 de Not\u00edcias<\/a><\/i><i data-stringify-type=\"italic\">. \u00c9 autora do\u00a0<\/i><a href=\"https:\/\/bit.ly\/3p49ufB\" target=\"_blank\" rel=\"noopener\"><i data-stringify-type=\"italic\">Guia Antiass\u00e9dio no Breaking<\/i><\/a><i data-stringify-type=\"italic\">, um manual que explica ao p\u00fablico do Hip Hop sobre o que \u00e9 ou n\u00e3o ass\u00e9dio e orienta sobre o que fazer nessas situa\u00e7\u00f5es. Amanda \u00e9 cria do Morro do Timbau,\u00a0no Complexo da Mar\u00e9.<\/i><\/em><\/p>\n<hr \/>\n<h4><b data-stringify-type=\"bold\">Apoie nossos esfor\u00e7os para fornecer apoio estrat\u00e9gico \u00e0s favelas do Rio, incluindo o jornalismo hiperlocal, cr\u00edtico, inovador e incans\u00e1vel do\u00a0<\/b><b data-stringify-type=\"bold\"><i data-stringify-type=\"italic\">RioOnWatch<\/i><\/b>\u2014<a class=\"c-link\" href=\"http:\/\/www.bit.ly\/ApoieROW\" target=\"_blank\" rel=\"noopener noreferrer\" data-stringify-link=\"http:\/\/www.bit.ly\/ApoieROW\" data-sk=\"tooltip_parent\">doe aqui<\/a>.<\/h4>\n<!-- AddThis Advanced Settings generic via filter on the_content --><!-- AddThis Share Buttons generic via filter on the_content -->","protected":false},"excerpt":{"rendered":"<div class=\"mh-excerpt\"><p>Click Here for English Este artigo faz parte de uma s\u00e9rie de perfis de iniciativas integrantes da Rede Favela Sustent\u00e1vel e faz\u00a0parte de uma\u00a0s\u00e9rie\u00a0gerada por uma parceria, com o\u00a0Digital Brazil Project\u00a0do\u00a0Centro Behner Stiefel de Estudos <a class=\"mh-excerpt-more\" href=\"https:\/\/rioonwatch.org.br\/?p=78827\" title=\"Mobilidade Ativa, Cidadania e Sustentabilidade: Atrav\u00e9s da Bicicleta, Pedala Queimados Movimenta Transforma\u00e7\u00e3o Social na Baixada Fluminense [PERFIL]\">[&#8230;]<\/a><!-- AddThis Advanced Settings generic via filter on get_the_excerpt --><!-- AddThis Share Buttons generic via filter on get_the_excerpt --><\/p>\n<\/div>","protected":false},"author":167,"featured_media":78830,"comment_status":"closed","ping_status":"closed","sticky":false,"template":"template-full.php","format":"standard","meta":{"_acf_changed":false,"_monsterinsights_skip_tracking":false,"_monsterinsights_sitenote_active":false,"_monsterinsights_sitenote_note":"","_monsterinsights_sitenote_category":0,"footnotes":""},"categories":[2323,1621,1629,1626,1625,342,1639,1726],"tags":[386,959,1962,1853,831,937,560,700,2074,1590,294,2693,404,578,764,1153],"writer":[3181,3573],"translator":[],"source":[],"ilustrador":[],"fotografo":[],"class_list":{"0":"post-78827","1":"post","2":"type-post","3":"status-publish","4":"format-standard","5":"has-post-thumbnail","7":"category-urbanismopopular","8":"category-destaque","9":"category-entrevistas-e-perfis","10":"category-por-observadores-internacionais","11":"category-por-correspondentes-comunitarios","12":"category-solucoes","13":"category-sustentabilidade","14":"category-transporte","15":"tag-estigma","16":"tag-baixada-fluminense","17":"tag-ciclismo","18":"tag-ciclovia","19":"tag-direito-a-cidade","20":"tag-direito-de-ir-e-vir","21":"tag-mobilidade","22":"tag-perfil","23":"tag-rede-favela-sustentavel","24":"tag-queimados","25":"tag-saude","26":"tag-serie-direitos-humanos-com-apoio-do-centro-behner-stiefel-da-sdsu","27":"tag-sustentabilidade","28":"tag-trabalho-e-renda","29":"tag-transporte","30":"tag-uso-de-bicicleta","31":"writer-amanda-baroni-lopes","32":"writer-pauline-okyere"},"acf":[],"yoast_head":"<!-- This site is optimized with the Yoast SEO plugin v25.6 - https:\/\/yoast.com\/wordpress\/plugins\/seo\/ -->\n<title>Mobilidade Ativa, Cidadania e Sustentabilidade: Atrav\u00e9s da Bicicleta, Pedala Queimados Movimenta Transforma\u00e7\u00e3o Social na Baixada Fluminense [PERFIL] - RioOnWatch<\/title>\n<meta name=\"robots\" content=\"index, follow, max-snippet:-1, max-image-preview:large, max-video-preview:-1\" \/>\n<link rel=\"canonical\" href=\"https:\/\/rioonwatch.org.br\/?p=78827\" \/>\n<meta property=\"og:locale\" content=\"pt_BR\" \/>\n<meta property=\"og:type\" content=\"article\" \/>\n<meta property=\"og:title\" content=\"Mobilidade Ativa, Cidadania e Sustentabilidade: Atrav\u00e9s da Bicicleta, Pedala Queimados Movimenta Transforma\u00e7\u00e3o Social na Baixada Fluminense [PERFIL] - RioOnWatch\" \/>\n<meta property=\"og:description\" content=\"Click Here for English Este artigo faz parte de uma s\u00e9rie de perfis de iniciativas integrantes da Rede Favela Sustent\u00e1vel e faz\u00a0parte de uma\u00a0s\u00e9rie\u00a0gerada por uma parceria, com o\u00a0Digital Brazil Project\u00a0do\u00a0Centro Behner Stiefel de Estudos [...]\" \/>\n<meta property=\"og:url\" content=\"https:\/\/rioonwatch.org.br\/?p=78827\" \/>\n<meta property=\"og:site_name\" content=\"RioOnWatch\" \/>\n<meta property=\"article:published_time\" content=\"2025-08-19T18:53:00+00:00\" \/>\n<meta property=\"article:modified_time\" content=\"2025-11-14T14:53:25+00:00\" \/>\n<meta property=\"og:image\" content=\"https:\/\/rioonwatch.org.br\/wp-content\/uploads\/2025\/07\/Atividades-do-projeto-Pedala-Queimados.-Acervo-Pedala-Queimados.jpg\" \/>\n\t<meta property=\"og:image:width\" content=\"2048\" \/>\n\t<meta property=\"og:image:height\" content=\"1152\" \/>\n\t<meta property=\"og:image:type\" content=\"image\/jpeg\" \/>\n<meta name=\"author\" content=\"Julio Santos Filho\" \/>\n<meta name=\"twitter:card\" content=\"summary_large_image\" \/>\n<meta name=\"twitter:label1\" content=\"Escrito por\" \/>\n\t<meta name=\"twitter:data1\" content=\"Julio Santos Filho\" \/>\n\t<meta name=\"twitter:label2\" content=\"Est. tempo de leitura\" \/>\n\t<meta name=\"twitter:data2\" content=\"12 minutos\" \/>\n<script type=\"application\/ld+json\" class=\"yoast-schema-graph\">{\"@context\":\"https:\/\/schema.org\",\"@graph\":[{\"@type\":\"Article\",\"@id\":\"https:\/\/rioonwatch.org.br\/?p=78827#article\",\"isPartOf\":{\"@id\":\"https:\/\/rioonwatch.org.br\/?p=78827\"},\"author\":{\"name\":\"Julio Santos Filho\",\"@id\":\"https:\/\/rioonwatch.org.br\/#\/schema\/person\/476bc75767957d3535b65b796667cd36\"},\"headline\":\"Mobilidade Ativa, Cidadania e Sustentabilidade: Atrav\u00e9s da Bicicleta, Pedala Queimados Movimenta Transforma\u00e7\u00e3o Social na Baixada Fluminense [PERFIL]\",\"datePublished\":\"2025-08-19T18:53:00+00:00\",\"dateModified\":\"2025-11-14T14:53:25+00:00\",\"mainEntityOfPage\":{\"@id\":\"https:\/\/rioonwatch.org.br\/?p=78827\"},\"wordCount\":3056,\"publisher\":{\"@id\":\"https:\/\/rioonwatch.org.br\/#organization\"},\"image\":{\"@id\":\"https:\/\/rioonwatch.org.br\/?p=78827#primaryimage\"},\"thumbnailUrl\":\"https:\/\/rioonwatch.org.br\/wp-content\/uploads\/2025\/07\/Atividades-do-projeto-Pedala-Queimados.-Acervo-Pedala-Queimados.jpg\",\"keywords\":[\"#StopFavelaStigma\",\"Baixada Fluminense\",\"ciclismo\",\"ciclovia\",\"Direito \u00e0 Cidade\",\"direito de ir e vir\",\"mobilidade\",\"perfil\",\"Perfis Integrantes da Rede Favela Sustent\u00e1vel\",\"Queimados\",\"sa\u00fade\",\"S\u00e9rie Apoiada pelo Centro Behner Stiefel\/SDSU\",\"sustentabilidade\",\"Trabalho e renda\",\"transporte\",\"uso de bicicleta\"],\"articleSection\":[\"#UrbanismoPopular\",\"*Destaque\",\"Entrevistas e Perfis\",\"Escrito por Aliados\",\"Escrito por Comunicadores Populares\",\"Solu\u00e7\u00f5es\",\"Sustentabilidade\",\"Transporte\"],\"inLanguage\":\"pt-BR\"},{\"@type\":\"WebPage\",\"@id\":\"https:\/\/rioonwatch.org.br\/?p=78827\",\"url\":\"https:\/\/rioonwatch.org.br\/?p=78827\",\"name\":\"Mobilidade Ativa, Cidadania e Sustentabilidade: Atrav\u00e9s da Bicicleta, Pedala Queimados Movimenta Transforma\u00e7\u00e3o Social na Baixada Fluminense [PERFIL] - RioOnWatch\",\"isPartOf\":{\"@id\":\"https:\/\/rioonwatch.org.br\/#website\"},\"primaryImageOfPage\":{\"@id\":\"https:\/\/rioonwatch.org.br\/?p=78827#primaryimage\"},\"image\":{\"@id\":\"https:\/\/rioonwatch.org.br\/?p=78827#primaryimage\"},\"thumbnailUrl\":\"https:\/\/rioonwatch.org.br\/wp-content\/uploads\/2025\/07\/Atividades-do-projeto-Pedala-Queimados.-Acervo-Pedala-Queimados.jpg\",\"datePublished\":\"2025-08-19T18:53:00+00:00\",\"dateModified\":\"2025-11-14T14:53:25+00:00\",\"breadcrumb\":{\"@id\":\"https:\/\/rioonwatch.org.br\/?p=78827#breadcrumb\"},\"inLanguage\":\"pt-BR\",\"potentialAction\":[{\"@type\":\"ReadAction\",\"target\":[\"https:\/\/rioonwatch.org.br\/?p=78827\"]}]},{\"@type\":\"ImageObject\",\"inLanguage\":\"pt-BR\",\"@id\":\"https:\/\/rioonwatch.org.br\/?p=78827#primaryimage\",\"url\":\"https:\/\/rioonwatch.org.br\/wp-content\/uploads\/2025\/07\/Atividades-do-projeto-Pedala-Queimados.-Acervo-Pedala-Queimados.jpg\",\"contentUrl\":\"https:\/\/rioonwatch.org.br\/wp-content\/uploads\/2025\/07\/Atividades-do-projeto-Pedala-Queimados.-Acervo-Pedala-Queimados.jpg\",\"width\":2048,\"height\":1152,\"caption\":\"Atividades do projeto Pedala Queimados. Acervo: Pedala Queimados\"},{\"@type\":\"BreadcrumbList\",\"@id\":\"https:\/\/rioonwatch.org.br\/?p=78827#breadcrumb\",\"itemListElement\":[{\"@type\":\"ListItem\",\"position\":1,\"name\":\"In\u00edcio\",\"item\":\"https:\/\/rioonwatch.org.br\/\"},{\"@type\":\"ListItem\",\"position\":2,\"name\":\"Mobilidade Ativa, Cidadania e Sustentabilidade: Atrav\u00e9s da Bicicleta, Pedala Queimados Movimenta Transforma\u00e7\u00e3o Social na Baixada Fluminense [PERFIL]\"}]},{\"@type\":\"WebSite\",\"@id\":\"https:\/\/rioonwatch.org.br\/#website\",\"url\":\"https:\/\/rioonwatch.org.br\/\",\"name\":\"RioOnWatch\",\"description\":\"relatos das favelas cariocas\",\"publisher\":{\"@id\":\"https:\/\/rioonwatch.org.br\/#organization\"},\"potentialAction\":[{\"@type\":\"SearchAction\",\"target\":{\"@type\":\"EntryPoint\",\"urlTemplate\":\"https:\/\/rioonwatch.org.br\/?s={search_term_string}\"},\"query-input\":{\"@type\":\"PropertyValueSpecification\",\"valueRequired\":true,\"valueName\":\"search_term_string\"}}],\"inLanguage\":\"pt-BR\"},{\"@type\":\"Organization\",\"@id\":\"https:\/\/rioonwatch.org.br\/#organization\",\"name\":\"RioOnWatch\",\"url\":\"https:\/\/rioonwatch.org.br\/\",\"logo\":{\"@type\":\"ImageObject\",\"inLanguage\":\"pt-BR\",\"@id\":\"https:\/\/rioonwatch.org.br\/#\/schema\/logo\/image\/\",\"url\":\"https:\/\/rioonwatch.org.br\/wp-content\/uploads\/2021\/06\/RioOnWatchcabecalhoPT11anos-2.png\",\"contentUrl\":\"https:\/\/rioonwatch.org.br\/wp-content\/uploads\/2021\/06\/RioOnWatchcabecalhoPT11anos-2.png\",\"width\":779,\"height\":277,\"caption\":\"RioOnWatch\"},\"image\":{\"@id\":\"https:\/\/rioonwatch.org.br\/#\/schema\/logo\/image\/\"}},{\"@type\":\"Person\",\"@id\":\"https:\/\/rioonwatch.org.br\/#\/schema\/person\/476bc75767957d3535b65b796667cd36\",\"name\":\"Julio Santos Filho\",\"image\":{\"@type\":\"ImageObject\",\"inLanguage\":\"pt-BR\",\"@id\":\"https:\/\/rioonwatch.org.br\/#\/schema\/person\/image\/\",\"url\":\"https:\/\/secure.gravatar.com\/avatar\/ca138f7666182a292a8ce4ca14fb81f8?s=96&d=blank&r=g\",\"contentUrl\":\"https:\/\/secure.gravatar.com\/avatar\/ca138f7666182a292a8ce4ca14fb81f8?s=96&d=blank&r=g\",\"caption\":\"Julio Santos Filho\"},\"url\":\"https:\/\/rioonwatch.org.br\/?author=167\"}]}<\/script>\n<!-- \/ Yoast SEO plugin. -->","yoast_head_json":{"title":"Mobilidade Ativa, Cidadania e Sustentabilidade: Atrav\u00e9s da Bicicleta, Pedala Queimados Movimenta Transforma\u00e7\u00e3o Social na Baixada Fluminense [PERFIL] - RioOnWatch","robots":{"index":"index","follow":"follow","max-snippet":"max-snippet:-1","max-image-preview":"max-image-preview:large","max-video-preview":"max-video-preview:-1"},"canonical":"https:\/\/rioonwatch.org.br\/?p=78827","og_locale":"pt_BR","og_type":"article","og_title":"Mobilidade Ativa, Cidadania e Sustentabilidade: Atrav\u00e9s da Bicicleta, Pedala Queimados Movimenta Transforma\u00e7\u00e3o Social na Baixada Fluminense [PERFIL] - RioOnWatch","og_description":"Click Here for English Este artigo faz parte de uma s\u00e9rie de perfis de iniciativas integrantes da Rede Favela Sustent\u00e1vel e faz\u00a0parte de uma\u00a0s\u00e9rie\u00a0gerada por uma parceria, com o\u00a0Digital Brazil Project\u00a0do\u00a0Centro Behner Stiefel de Estudos [...]","og_url":"https:\/\/rioonwatch.org.br\/?p=78827","og_site_name":"RioOnWatch","article_published_time":"2025-08-19T18:53:00+00:00","article_modified_time":"2025-11-14T14:53:25+00:00","og_image":[{"width":2048,"height":1152,"url":"https:\/\/rioonwatch.org.br\/wp-content\/uploads\/2025\/07\/Atividades-do-projeto-Pedala-Queimados.-Acervo-Pedala-Queimados.jpg","type":"image\/jpeg"}],"author":"Julio Santos Filho","twitter_card":"summary_large_image","twitter_misc":{"Escrito por":"Julio Santos Filho","Est. tempo de leitura":"12 minutos"},"schema":{"@context":"https:\/\/schema.org","@graph":[{"@type":"Article","@id":"https:\/\/rioonwatch.org.br\/?p=78827#article","isPartOf":{"@id":"https:\/\/rioonwatch.org.br\/?p=78827"},"author":{"name":"Julio Santos Filho","@id":"https:\/\/rioonwatch.org.br\/#\/schema\/person\/476bc75767957d3535b65b796667cd36"},"headline":"Mobilidade Ativa, Cidadania e Sustentabilidade: Atrav\u00e9s da Bicicleta, Pedala Queimados Movimenta Transforma\u00e7\u00e3o Social na Baixada Fluminense [PERFIL]","datePublished":"2025-08-19T18:53:00+00:00","dateModified":"2025-11-14T14:53:25+00:00","mainEntityOfPage":{"@id":"https:\/\/rioonwatch.org.br\/?p=78827"},"wordCount":3056,"publisher":{"@id":"https:\/\/rioonwatch.org.br\/#organization"},"image":{"@id":"https:\/\/rioonwatch.org.br\/?p=78827#primaryimage"},"thumbnailUrl":"https:\/\/rioonwatch.org.br\/wp-content\/uploads\/2025\/07\/Atividades-do-projeto-Pedala-Queimados.-Acervo-Pedala-Queimados.jpg","keywords":["#StopFavelaStigma","Baixada Fluminense","ciclismo","ciclovia","Direito \u00e0 Cidade","direito de ir e vir","mobilidade","perfil","Perfis Integrantes da Rede Favela Sustent\u00e1vel","Queimados","sa\u00fade","S\u00e9rie Apoiada pelo Centro Behner Stiefel\/SDSU","sustentabilidade","Trabalho e renda","transporte","uso de bicicleta"],"articleSection":["#UrbanismoPopular","*Destaque","Entrevistas e Perfis","Escrito por Aliados","Escrito por Comunicadores Populares","Solu\u00e7\u00f5es","Sustentabilidade","Transporte"],"inLanguage":"pt-BR"},{"@type":"WebPage","@id":"https:\/\/rioonwatch.org.br\/?p=78827","url":"https:\/\/rioonwatch.org.br\/?p=78827","name":"Mobilidade Ativa, Cidadania e Sustentabilidade: Atrav\u00e9s da Bicicleta, Pedala Queimados Movimenta Transforma\u00e7\u00e3o Social na Baixada Fluminense [PERFIL] - RioOnWatch","isPartOf":{"@id":"https:\/\/rioonwatch.org.br\/#website"},"primaryImageOfPage":{"@id":"https:\/\/rioonwatch.org.br\/?p=78827#primaryimage"},"image":{"@id":"https:\/\/rioonwatch.org.br\/?p=78827#primaryimage"},"thumbnailUrl":"https:\/\/rioonwatch.org.br\/wp-content\/uploads\/2025\/07\/Atividades-do-projeto-Pedala-Queimados.-Acervo-Pedala-Queimados.jpg","datePublished":"2025-08-19T18:53:00+00:00","dateModified":"2025-11-14T14:53:25+00:00","breadcrumb":{"@id":"https:\/\/rioonwatch.org.br\/?p=78827#breadcrumb"},"inLanguage":"pt-BR","potentialAction":[{"@type":"ReadAction","target":["https:\/\/rioonwatch.org.br\/?p=78827"]}]},{"@type":"ImageObject","inLanguage":"pt-BR","@id":"https:\/\/rioonwatch.org.br\/?p=78827#primaryimage","url":"https:\/\/rioonwatch.org.br\/wp-content\/uploads\/2025\/07\/Atividades-do-projeto-Pedala-Queimados.-Acervo-Pedala-Queimados.jpg","contentUrl":"https:\/\/rioonwatch.org.br\/wp-content\/uploads\/2025\/07\/Atividades-do-projeto-Pedala-Queimados.-Acervo-Pedala-Queimados.jpg","width":2048,"height":1152,"caption":"Atividades do projeto Pedala Queimados. Acervo: Pedala Queimados"},{"@type":"BreadcrumbList","@id":"https:\/\/rioonwatch.org.br\/?p=78827#breadcrumb","itemListElement":[{"@type":"ListItem","position":1,"name":"In\u00edcio","item":"https:\/\/rioonwatch.org.br\/"},{"@type":"ListItem","position":2,"name":"Mobilidade Ativa, Cidadania e Sustentabilidade: Atrav\u00e9s da Bicicleta, Pedala Queimados Movimenta Transforma\u00e7\u00e3o Social na Baixada Fluminense [PERFIL]"}]},{"@type":"WebSite","@id":"https:\/\/rioonwatch.org.br\/#website","url":"https:\/\/rioonwatch.org.br\/","name":"RioOnWatch","description":"relatos das favelas cariocas","publisher":{"@id":"https:\/\/rioonwatch.org.br\/#organization"},"potentialAction":[{"@type":"SearchAction","target":{"@type":"EntryPoint","urlTemplate":"https:\/\/rioonwatch.org.br\/?s={search_term_string}"},"query-input":{"@type":"PropertyValueSpecification","valueRequired":true,"valueName":"search_term_string"}}],"inLanguage":"pt-BR"},{"@type":"Organization","@id":"https:\/\/rioonwatch.org.br\/#organization","name":"RioOnWatch","url":"https:\/\/rioonwatch.org.br\/","logo":{"@type":"ImageObject","inLanguage":"pt-BR","@id":"https:\/\/rioonwatch.org.br\/#\/schema\/logo\/image\/","url":"https:\/\/rioonwatch.org.br\/wp-content\/uploads\/2021\/06\/RioOnWatchcabecalhoPT11anos-2.png","contentUrl":"https:\/\/rioonwatch.org.br\/wp-content\/uploads\/2021\/06\/RioOnWatchcabecalhoPT11anos-2.png","width":779,"height":277,"caption":"RioOnWatch"},"image":{"@id":"https:\/\/rioonwatch.org.br\/#\/schema\/logo\/image\/"}},{"@type":"Person","@id":"https:\/\/rioonwatch.org.br\/#\/schema\/person\/476bc75767957d3535b65b796667cd36","name":"Julio Santos Filho","image":{"@type":"ImageObject","inLanguage":"pt-BR","@id":"https:\/\/rioonwatch.org.br\/#\/schema\/person\/image\/","url":"https:\/\/secure.gravatar.com\/avatar\/ca138f7666182a292a8ce4ca14fb81f8?s=96&d=blank&r=g","contentUrl":"https:\/\/secure.gravatar.com\/avatar\/ca138f7666182a292a8ce4ca14fb81f8?s=96&d=blank&r=g","caption":"Julio Santos Filho"},"url":"https:\/\/rioonwatch.org.br\/?author=167"}]}},"_links":{"self":[{"href":"https:\/\/rioonwatch.org.br\/index.php?rest_route=\/wp\/v2\/posts\/78827"}],"collection":[{"href":"https:\/\/rioonwatch.org.br\/index.php?rest_route=\/wp\/v2\/posts"}],"about":[{"href":"https:\/\/rioonwatch.org.br\/index.php?rest_route=\/wp\/v2\/types\/post"}],"author":[{"embeddable":true,"href":"https:\/\/rioonwatch.org.br\/index.php?rest_route=\/wp\/v2\/users\/167"}],"replies":[{"embeddable":true,"href":"https:\/\/rioonwatch.org.br\/index.php?rest_route=%2Fwp%2Fv2%2Fcomments&post=78827"}],"version-history":[{"count":72,"href":"https:\/\/rioonwatch.org.br\/index.php?rest_route=\/wp\/v2\/posts\/78827\/revisions"}],"predecessor-version":[{"id":80227,"href":"https:\/\/rioonwatch.org.br\/index.php?rest_route=\/wp\/v2\/posts\/78827\/revisions\/80227"}],"wp:featuredmedia":[{"embeddable":true,"href":"https:\/\/rioonwatch.org.br\/index.php?rest_route=\/wp\/v2\/media\/78830"}],"wp:attachment":[{"href":"https:\/\/rioonwatch.org.br\/index.php?rest_route=%2Fwp%2Fv2%2Fmedia&parent=78827"}],"wp:term":[{"taxonomy":"category","embeddable":true,"href":"https:\/\/rioonwatch.org.br\/index.php?rest_route=%2Fwp%2Fv2%2Fcategories&post=78827"},{"taxonomy":"post_tag","embeddable":true,"href":"https:\/\/rioonwatch.org.br\/index.php?rest_route=%2Fwp%2Fv2%2Ftags&post=78827"},{"taxonomy":"writer","embeddable":true,"href":"https:\/\/rioonwatch.org.br\/index.php?rest_route=%2Fwp%2Fv2%2Fwriter&post=78827"},{"taxonomy":"translator","embeddable":true,"href":"https:\/\/rioonwatch.org.br\/index.php?rest_route=%2Fwp%2Fv2%2Ftranslator&post=78827"},{"taxonomy":"source","embeddable":true,"href":"https:\/\/rioonwatch.org.br\/index.php?rest_route=%2Fwp%2Fv2%2Fsource&post=78827"},{"taxonomy":"ilustrador","embeddable":true,"href":"https:\/\/rioonwatch.org.br\/index.php?rest_route=%2Fwp%2Fv2%2Filustrador&post=78827"},{"taxonomy":"fotografo","embeddable":true,"href":"https:\/\/rioonwatch.org.br\/index.php?rest_route=%2Fwp%2Fv2%2Ffotografo&post=78827"}],"curies":[{"name":"wp","href":"https:\/\/api.w.org\/{rel}","templated":true}]}}