{"id":78862,"date":"2025-07-31T20:54:02","date_gmt":"2025-07-31T23:54:02","guid":{"rendered":"https:\/\/rioonwatch.org.br\/?p=78862"},"modified":"2025-11-14T11:55:08","modified_gmt":"2025-11-14T14:55:08","slug":"peca-pactos-para-reflorestar-a-terra-retrata-2040-no-complexo-da-mare-onde-so-restaram-as-pragas-e-a-potencia-do-amor-ancestral-resenha","status":"publish","type":"post","link":"https:\/\/rioonwatch.org.br\/?p=78862","title":{"rendered":"Pe\u00e7a &#8216;Pactos para Reflorestar a Terra&#8217; Retrata 2040 no Complexo da Mar\u00e9, Onde &#8216;S\u00f3 Restaram as Pragas e a Pot\u00eancia do Amor Ancestral&#8217; [RESENHA]"},"content":{"rendered":"<figure id=\"attachment_78881\" aria-describedby=\"caption-attachment-78881\" style=\"width: 2560px\" class=\"wp-caption aligncenter\"><a href=\"https:\/\/rioonwatch.org.br\/wp-content\/uploads\/2025\/07\/As-irmas-Lino-se-acolhem-em-um-gesto-de-irmandade-diante-das-repressoes-vividas-antes-do-colapso.-Foto-Ana-Cristina-da-Silva-Jornal-O-Cidadao-scaled.jpg\"><img fetchpriority=\"high\" decoding=\"async\" class=\"wp-image-78881 size-full\" title=\"As irm\u00e3s Lino se acolhem, em um gesto de irmandade diante das repress\u00f5es vividas antes do colapso. Foto: Ana Cristina da Silva\/Jornal O Cidad\u00e3o\" src=\"https:\/\/rioonwatch.org.br\/wp-content\/uploads\/2025\/07\/As-irmas-Lino-se-acolhem-em-um-gesto-de-irmandade-diante-das-repressoes-vividas-antes-do-colapso.-Foto-Ana-Cristina-da-Silva-Jornal-O-Cidadao-scaled.jpg\" alt=\"As irm\u00e3s Lino se acolhem em um gesto de irmandade diante das repress\u00f5es vividas antes do colapso. Foto: Ana Cristina da Silva\/Jornal O Cidad\u00e3o\" width=\"2560\" height=\"1707\" srcset=\"https:\/\/rioonwatch.org.br\/wp-content\/uploads\/2025\/07\/As-irmas-Lino-se-acolhem-em-um-gesto-de-irmandade-diante-das-repressoes-vividas-antes-do-colapso.-Foto-Ana-Cristina-da-Silva-Jornal-O-Cidadao-scaled.jpg 2560w, https:\/\/rioonwatch.org.br\/wp-content\/uploads\/2025\/07\/As-irmas-Lino-se-acolhem-em-um-gesto-de-irmandade-diante-das-repressoes-vividas-antes-do-colapso.-Foto-Ana-Cristina-da-Silva-Jornal-O-Cidadao-620x413.jpg 620w, https:\/\/rioonwatch.org.br\/wp-content\/uploads\/2025\/07\/As-irmas-Lino-se-acolhem-em-um-gesto-de-irmandade-diante-das-repressoes-vividas-antes-do-colapso.-Foto-Ana-Cristina-da-Silva-Jornal-O-Cidadao-768x512.jpg 768w, https:\/\/rioonwatch.org.br\/wp-content\/uploads\/2025\/07\/As-irmas-Lino-se-acolhem-em-um-gesto-de-irmandade-diante-das-repressoes-vividas-antes-do-colapso.-Foto-Ana-Cristina-da-Silva-Jornal-O-Cidadao-1536x1024.jpg 1536w, https:\/\/rioonwatch.org.br\/wp-content\/uploads\/2025\/07\/As-irmas-Lino-se-acolhem-em-um-gesto-de-irmandade-diante-das-repressoes-vividas-antes-do-colapso.-Foto-Ana-Cristina-da-Silva-Jornal-O-Cidadao-2048x1366.jpg 2048w\" sizes=\"(max-width: 2560px) 100vw, 2560px\" \/><\/a><figcaption id=\"caption-attachment-78881\" class=\"wp-caption-text\">As irm\u00e3s Lino se acolhem em um gesto de irmandade diante das repress\u00f5es vividas antes do colapso. Foto: Ana Cristina da Silva\/<em>Jornal O Cidad\u00e3o<\/em><\/figcaption><\/figure>\n<p style=\"text-align: right;\"><a href=\"https:\/\/bit.ly\/3IYn7KG\" target=\"_blank\" rel=\"noopener\"><em><strong>Click Here for English<img decoding=\"async\" class=\"alignright wp-image-15790\" src=\"https:\/\/rioonwatch.org.br\/wp-content\/uploads\/2012\/08\/EN-standard-e1439583104716.jpg\" alt=\"\" width=\"20\" height=\"20\" \/><\/strong><\/em><\/a><\/p>\n<p><em><span style=\"font-weight: 400;\">Com dan\u00e7a, m\u00fasica, audiovisual e muitas risadas, duas bichas pretas encenam o fim da humanidade. Em 2040, no in\u00edcio da Era p\u00f3s-humana, a pe\u00e7a provoca: como est\u00e1 o <\/span><a href=\"https:\/\/bit.ly\/3l0WQKR\" target=\"_blank\" rel=\"noopener\"><span style=\"font-weight: 400;\">Complexo da Mar\u00e9<\/span><\/a><span style=\"font-weight: 400;\">? Como a favela pode ajudar a reconstruir o mundo?<\/span><\/em><\/p>\n<p><span style=\"font-weight: 400;\">A pe\u00e7a <\/span><i><span style=\"font-weight: 400;\">Pactos para Reflorestar a Terra<\/span><\/i><span style=\"font-weight: 400;\">, em cartaz <\/span><a href=\"https:\/\/www.instagram.com\/p\/DMTA1OTMc7r\/\"><span style=\"font-weight: 400;\">no Teatro SESC Copacabana<\/span><\/a><span style=\"font-weight: 400;\"> at\u00e9 o dia 10 de agosto, come\u00e7a com uma atmosfera de erotismo sutil e olhares intensos trocados com a plateia. Aos poucos, o espet\u00e1culo se torna um turbilh\u00e3o de sensa\u00e7\u00f5es: trilha sonora envolvente, cr\u00edtica afiada e a performance arrebatadora de <\/span><a href=\"https:\/\/bit.ly\/3UbuqAZ\"><span style=\"font-weight: 400;\">Wallace Lino<\/span><\/a><span style=\"font-weight: 400;\"> e <\/span><a href=\"https:\/\/bit.ly\/450rwFv\"><span style=\"font-weight: 400;\">Paulo Victor Lino<\/span><\/a><span style=\"font-weight: 400;\">, as irm\u00e3s Lino, que se autodenominam \u201cas pragas\u201d ou, como preferem, \u201c<a href=\"https:\/\/www.instagram.com\/reel\/DMyN6wMy8uh\/?igsh=d2kwa3p1NHBlbmNr\">as praguinhas<\/a>\u201d.<\/span><\/p>\n<blockquote><p><span style=\"font-weight: 400;\">\u201cN\u00e3o \u00e9 sobre plantar uma \u00e1rvore, \u00e9 sobre como plantar amor e tamb\u00e9m sobre o que n\u00e3o plantar&#8230; Quer\u00edamos criar uma pe\u00e7a que transbordasse alegria, nada de tristeza.\u201d \u2014 Desir\u00e9e Santos, codiretor<\/span><\/p><\/blockquote>\n<p>Em 2040, na Mar\u00e9, <a href=\"https:\/\/bit.ly\/3qsTKRW\">Zona Norte<\/a> do Rio de Janeiro, o mundo enfrenta colapsos causados pelas interven\u00e7\u00f5es humanas, gerando <a href=\"https:\/\/bit.ly\/3SMywA2\">enchentes<\/a>, <a href=\"https:\/\/bit.ly\/45eOS9b\">desmatamento<\/a>, e <a href=\"https:\/\/bit.ly\/3RnfGNB\">eventos clim\u00e1ticos extremos<\/a>, desencadeando o fim da humanidade. No entanto, no <a href=\"https:\/\/bit.ly\/3z2SrmS\">Morro do Timbau<\/a>, as irm\u00e3s Lino, negras e <a href=\"https:\/\/bit.ly\/3tetDRj\">LGBTQIAPN+<\/a>, seguem resistindo. Acostumadas a lutar para existir, elas agora se perguntam: como reconstruir e reflorestar o mundo a partir da afetividade, da irmandade e das mem\u00f3rias ancestrais de amor familiar, que as sustentaram durante a extin\u00e7\u00e3o da humanidade.<\/p>\n<p><span style=\"font-weight: 400;\">Nascidos no nordeste brasileiro e criados na Mar\u00e9, os artistas teatralizam no palco de suas pr\u00f3prias exist\u00eancias: dois corpos desviantes, que se colocam como parte do planeta e n\u00e3o acima dele. Com cerveja e cadeiras de praia sobre a laje, Paulo Victor e Wallace vivem em um cen\u00e1rio que alterna reflex\u00e3o e destrui\u00e7\u00e3o para culminar na reinven\u00e7\u00e3o do mundo a partir da favela. Nesse futuro p\u00f3s-humano que imaginam, apesar da humanidade j\u00e1 ter acabado, a Terra continua viva e com a possibilidade de reinven\u00e7\u00e3o e, portanto, de novas formas de viver.<\/span><\/p>\n<figure id=\"attachment_78883\" aria-describedby=\"caption-attachment-78883\" style=\"width: 2560px\" class=\"wp-caption aligncenter\"><a href=\"https:\/\/rioonwatch.org.br\/wp-content\/uploads\/2025\/07\/Wallace-Lino-e-Paulo-Victor.-Foto-Ana-Cristina-da-Silva-Jornal-O-Cidadao-scaled.jpg\"><img decoding=\"async\" class=\"wp-image-78883 size-full\" title=\"Wallace Lino e Paulo Victor Lino em uma reflex\u00e3o sens\u00edvel sobre as mulheres que os moldaram, recriando imagens afetivas na laje de casa, entre cadeiras de praia e um cooler. Foto: Ana Cristina da Silva\/Jornal O Cidad\u00e3o\" src=\"https:\/\/rioonwatch.org.br\/wp-content\/uploads\/2025\/07\/Wallace-Lino-e-Paulo-Victor.-Foto-Ana-Cristina-da-Silva-Jornal-O-Cidadao-scaled.jpg\" alt=\"Wallace Lino e Paulo Victor Lino em uma reflex\u00e3o sens\u00edvel sobre as mulheres que os moldaram, recriando imagens afetivas na laje de casa, entre cadeiras de praia e um cooler. Foto: Ana Cristina da Silva\/Jornal O Cidad\u00e3o\" width=\"2560\" height=\"1707\" srcset=\"https:\/\/rioonwatch.org.br\/wp-content\/uploads\/2025\/07\/Wallace-Lino-e-Paulo-Victor.-Foto-Ana-Cristina-da-Silva-Jornal-O-Cidadao-scaled.jpg 2560w, https:\/\/rioonwatch.org.br\/wp-content\/uploads\/2025\/07\/Wallace-Lino-e-Paulo-Victor.-Foto-Ana-Cristina-da-Silva-Jornal-O-Cidadao-620x413.jpg 620w, https:\/\/rioonwatch.org.br\/wp-content\/uploads\/2025\/07\/Wallace-Lino-e-Paulo-Victor.-Foto-Ana-Cristina-da-Silva-Jornal-O-Cidadao-768x512.jpg 768w, https:\/\/rioonwatch.org.br\/wp-content\/uploads\/2025\/07\/Wallace-Lino-e-Paulo-Victor.-Foto-Ana-Cristina-da-Silva-Jornal-O-Cidadao-1536x1024.jpg 1536w, https:\/\/rioonwatch.org.br\/wp-content\/uploads\/2025\/07\/Wallace-Lino-e-Paulo-Victor.-Foto-Ana-Cristina-da-Silva-Jornal-O-Cidadao-2048x1365.jpg 2048w\" sizes=\"(max-width: 2560px) 100vw, 2560px\" \/><\/a><figcaption id=\"caption-attachment-78883\" class=\"wp-caption-text\">Wallace Lino e Paulo Victor Lino em uma reflex\u00e3o sens\u00edvel sobre as mulheres que os moldaram, recriando imagens afetivas na laje de casa, entre cadeiras de praia e um cooler. Foto: Ana Cristina da Silva\/<em>Jornal O Cidad\u00e3o<\/em><\/figcaption><\/figure>\n<p>Eles dan\u00e7am, brigam, riem, se provocam, morrem e renascem. Cada gesto \u00e9 em combate \u00e0 l\u00f3gica colonial, \u00e0 normatividade, \u00e0 viol\u00eancia, que insistem em apagar corpos como os deles. A linguagem da pe\u00e7a \u00e9 t\u00e3o plural quanto suas emo\u00e7\u00f5es. Entre portugu\u00eas, espanhol, franc\u00eas e uma l\u00edngua inventada (ensinada ali mesmo ao p\u00fablico, na hora), a comunica\u00e7\u00e3o vira ato coletivo, com a participa\u00e7\u00e3o ativa da plateia.<\/p>\n<figure id=\"attachment_78884\" aria-describedby=\"caption-attachment-78884\" style=\"width: 2560px\" class=\"wp-caption aligncenter\"><a href=\"https:\/\/rioonwatch.org.br\/wp-content\/uploads\/2025\/07\/Em-meio-a-tapas-e-empurroes-as-irmas-Lino-entram-em-conflito-na-cena.-Foto-Ana-Cristina-da-Silva-Jornal-O-Cidadao-scaled.jpg\"><img loading=\"lazy\" decoding=\"async\" class=\"wp-image-78884 size-full\" title=\"Em meio a tapas e empurr\u00f5es, as irm\u00e3s Lino entram em conflito na cena. Foto: Ana Cristina da Silva\/Jornal O Cidad\u00e3o\" src=\"https:\/\/rioonwatch.org.br\/wp-content\/uploads\/2025\/07\/Em-meio-a-tapas-e-empurroes-as-irmas-Lino-entram-em-conflito-na-cena.-Foto-Ana-Cristina-da-Silva-Jornal-O-Cidadao-scaled.jpg\" alt=\"Em meio a tapas e empurr\u00f5es, as irm\u00e3s Lino entram em conflito na cena. Foto: Ana Cristina da Silva\/Jornal O Cidad\u00e3o\" width=\"2560\" height=\"1707\" srcset=\"https:\/\/rioonwatch.org.br\/wp-content\/uploads\/2025\/07\/Em-meio-a-tapas-e-empurroes-as-irmas-Lino-entram-em-conflito-na-cena.-Foto-Ana-Cristina-da-Silva-Jornal-O-Cidadao-scaled.jpg 2560w, https:\/\/rioonwatch.org.br\/wp-content\/uploads\/2025\/07\/Em-meio-a-tapas-e-empurroes-as-irmas-Lino-entram-em-conflito-na-cena.-Foto-Ana-Cristina-da-Silva-Jornal-O-Cidadao-620x413.jpg 620w, https:\/\/rioonwatch.org.br\/wp-content\/uploads\/2025\/07\/Em-meio-a-tapas-e-empurroes-as-irmas-Lino-entram-em-conflito-na-cena.-Foto-Ana-Cristina-da-Silva-Jornal-O-Cidadao-768x512.jpg 768w, https:\/\/rioonwatch.org.br\/wp-content\/uploads\/2025\/07\/Em-meio-a-tapas-e-empurroes-as-irmas-Lino-entram-em-conflito-na-cena.-Foto-Ana-Cristina-da-Silva-Jornal-O-Cidadao-1536x1024.jpg 1536w, https:\/\/rioonwatch.org.br\/wp-content\/uploads\/2025\/07\/Em-meio-a-tapas-e-empurroes-as-irmas-Lino-entram-em-conflito-na-cena.-Foto-Ana-Cristina-da-Silva-Jornal-O-Cidadao-2048x1365.jpg 2048w\" sizes=\"(max-width: 2560px) 100vw, 2560px\" \/><\/a><figcaption id=\"caption-attachment-78884\" class=\"wp-caption-text\">Em meio a tapas e empurr\u00f5es, as irm\u00e3s Lino entram em conflito na cena. Foto: Ana Cristina da Silva\/<em>Jornal O Cidad\u00e3o<\/em><\/figcaption><\/figure>\n<p><span style=\"font-weight: 400;\">O riso vem f\u00e1cil com piadas sobre signos ou <a href=\"https:\/\/bit.ly\/3U95OJ6\" target=\"_blank\" rel=\"noopener\">v\u00edcio no <em>Grindr<\/em><\/a> (aplicativo gay de relacionamentos), mas logo d\u00e1 lugar \u00e0 emo\u00e7\u00e3o em cenas que as irm\u00e3s Lino evocam as mulheres que os formaram: a m\u00e3e crente, as primas, a tia \u201cindecente\u201d do <\/span><a href=\"https:\/\/bit.ly\/329sBby\" target=\"_blank\" rel=\"noopener\"><span style=\"font-weight: 400;\">Parque Uni\u00e3o<\/span><\/a><span style=\"font-weight: 400;\">\u2014assim vista pelos vizinhos por gostar de beber\u2014, figuras centrais que garantiram \u00e0 dupla afeto e liberdade desde cedo. S\u00e3o cenas de alta carga emocional. Os pr\u00f3prios atores assumem ter dificuldade em representar em alguns momentos de suas vidas. No entanto, afirmam que, para a dramatiza\u00e7\u00e3o de suas trajet\u00f3rias neste plano dist\u00f3pico e afrofuturista da Mar\u00e9, a performance destas ocasi\u00f5es dif\u00edceis \u00e9 fundamental.<\/span><\/p>\n<p><span style=\"font-weight: 400;\">Entre gargalhadas, vestimentas chamativas e uma forte intera\u00e7\u00e3o com o p\u00fablico, o espet\u00e1culo desenvolve temas como a <\/span><a href=\"https:\/\/bit.ly\/2Rku5Mf\" target=\"_blank\" rel=\"noopener\"><span style=\"font-weight: 400;\">neglig\u00eancia<\/span><\/a><span style=\"font-weight: 400;\"> diante das pautas ind\u00edgenas e a falta da conex\u00e3o humana com a Terra, tratada apenas como um recurso a ser explorado e envenenado. E convida o p\u00fablico, a partir de uma perspectiva LGBTQIAPN+ de favela, a pensar nessa nova constru\u00e7\u00e3o, a imaginar futuros.<\/span><\/p>\n<figure id=\"attachment_78885\" aria-describedby=\"caption-attachment-78885\" style=\"width: 2560px\" class=\"wp-caption aligncenter\"><a href=\"https:\/\/rioonwatch.org.br\/wp-content\/uploads\/2025\/07\/Ao-final-da-peca-juntas-e-em-reflexao-sobre-a-reconstrucao-do-mundo-a-partir-da-afetividade.-Foto-Ana-Cristina-da-Silva-Jornal-O-Cidadao-scaled.jpg\"><img loading=\"lazy\" decoding=\"async\" class=\"wp-image-78885 size-full\" title=\"Ao final da pe\u00e7a, juntas e em reflex\u00e3o sobre a reconstru\u00e7\u00e3o do mundo a partir da afetividade. Foto: Ana Cristina da Silva\/Jornal O Cidad\u00e3o\" src=\"https:\/\/rioonwatch.org.br\/wp-content\/uploads\/2025\/07\/Ao-final-da-peca-juntas-e-em-reflexao-sobre-a-reconstrucao-do-mundo-a-partir-da-afetividade.-Foto-Ana-Cristina-da-Silva-Jornal-O-Cidadao-scaled.jpg\" alt=\"Ao final da pe\u00e7a, juntas e em reflex\u00e3o sobre a reconstru\u00e7\u00e3o do mundo a partir da afetividade. Foto: Ana Cristina da Silva\/Jornal O Cidad\u00e3o\" width=\"2560\" height=\"1707\" srcset=\"https:\/\/rioonwatch.org.br\/wp-content\/uploads\/2025\/07\/Ao-final-da-peca-juntas-e-em-reflexao-sobre-a-reconstrucao-do-mundo-a-partir-da-afetividade.-Foto-Ana-Cristina-da-Silva-Jornal-O-Cidadao-scaled.jpg 2560w, https:\/\/rioonwatch.org.br\/wp-content\/uploads\/2025\/07\/Ao-final-da-peca-juntas-e-em-reflexao-sobre-a-reconstrucao-do-mundo-a-partir-da-afetividade.-Foto-Ana-Cristina-da-Silva-Jornal-O-Cidadao-620x413.jpg 620w, https:\/\/rioonwatch.org.br\/wp-content\/uploads\/2025\/07\/Ao-final-da-peca-juntas-e-em-reflexao-sobre-a-reconstrucao-do-mundo-a-partir-da-afetividade.-Foto-Ana-Cristina-da-Silva-Jornal-O-Cidadao-768x512.jpg 768w, https:\/\/rioonwatch.org.br\/wp-content\/uploads\/2025\/07\/Ao-final-da-peca-juntas-e-em-reflexao-sobre-a-reconstrucao-do-mundo-a-partir-da-afetividade.-Foto-Ana-Cristina-da-Silva-Jornal-O-Cidadao-1536x1024.jpg 1536w, https:\/\/rioonwatch.org.br\/wp-content\/uploads\/2025\/07\/Ao-final-da-peca-juntas-e-em-reflexao-sobre-a-reconstrucao-do-mundo-a-partir-da-afetividade.-Foto-Ana-Cristina-da-Silva-Jornal-O-Cidadao-2048x1366.jpg 2048w\" sizes=\"(max-width: 2560px) 100vw, 2560px\" \/><\/a><figcaption id=\"caption-attachment-78885\" class=\"wp-caption-text\">Ao final da pe\u00e7a, juntas e em reflex\u00e3o sobre a reconstru\u00e7\u00e3o do mundo a partir da afetividade. Foto: Ana Cristina da Silva\/<em>Jornal O Cidad\u00e3o<\/em><\/figcaption><\/figure>\n<p><span style=\"font-weight: 400;\">Ao final, \u00e9 dif\u00edcil sair sem vontade de buscar nomes, hist\u00f3rias e mem\u00f3rias que j\u00e1 <\/span><a href=\"https:\/\/bit.ly\/3ZDY5DG\" target=\"_blank\" rel=\"noopener\"><span style=\"font-weight: 400;\">reflorestavam amor<\/span><\/a><span style=\"font-weight: 400;\">\u00a0muito <\/span><a href=\"https:\/\/bit.ly\/4afb6c0\" target=\"_blank\" rel=\"noopener\"><span style=\"font-weight: 400;\">antes do colapso<\/span><\/a> da humanidade, f<span style=\"font-weight: 400;\">iguras que se posicionaram no combate \u00e0 homofobia e \u00e0s viola\u00e7\u00f5es de direitos humanos.<\/span><\/p>\n<p><span style=\"font-weight: 400;\">Na pe\u00e7a, Paulo Victor em determinado momento d\u00e1 vida a <\/span><a href=\"https:\/\/bit.ly\/3HdREmY\" target=\"_blank\" rel=\"noopener\"><span style=\"font-weight: 400;\">Jo\u00e3o Francisco dos Santos<\/span><\/a><span style=\"font-weight: 400;\">, malandro temido e homossexual assumido, que se tornou um \u00edcone LGBT+ no s\u00e9culo XX. Figura lend\u00e1ria da boemia carioca, <\/span><a href=\"https:\/\/bit.ly\/40F34XF\" target=\"_blank\" rel=\"noopener\"><span style=\"font-weight: 400;\">Madame Sat\u00e3<\/span><\/a><span style=\"font-weight: 400;\">, como era conhecido, brilhou nos palcos do <\/span><a href=\"https:\/\/bit.ly\/40F34XF\" target=\"_blank\" rel=\"noopener\"><span style=\"font-weight: 400;\">Centro<\/span><\/a><span style=\"font-weight: 400;\"> do Rio e desafiou, com ousadia, os <\/span><a href=\"https:\/\/bit.ly\/45bvFVU\" target=\"_blank\" rel=\"noopener\"><span style=\"font-weight: 400;\">padr\u00f5es cisheteronormativos<\/span><\/a><span style=\"font-weight: 400;\">.<\/span><\/p>\n<figure id=\"attachment_78882\" aria-describedby=\"caption-attachment-78882\" style=\"width: 2560px\" class=\"wp-caption aligncenter\"><a href=\"https:\/\/rioonwatch.org.br\/wp-content\/uploads\/2025\/07\/Paulo-Victor-Lino-performa-Madame-Sata-icone-da-boemia-carioca-e-da-resistencia-LGBTQIAPN.Foto-Ana-Cristina-da-Silva-Jornal-O-Cidadao-scaled.jpg\"><img loading=\"lazy\" decoding=\"async\" class=\"wp-image-78882 size-full\" title=\"Paulo Victor Lino performa Madame Sat\u00e3, \u00edcone da boemia carioca e da resist\u00eancia LGBTQIAPN+. Foto: Ana Cristina da Silva\/Jornal O Cidad\u00e3o\" src=\"https:\/\/rioonwatch.org.br\/wp-content\/uploads\/2025\/07\/Paulo-Victor-Lino-performa-Madame-Sata-icone-da-boemia-carioca-e-da-resistencia-LGBTQIAPN.Foto-Ana-Cristina-da-Silva-Jornal-O-Cidadao-scaled.jpg\" alt=\"Paulo Victor Lino performa Madame Sat\u00e3, \u00edcone da boemia carioca e da resist\u00eancia LGBTQIAPN+. Foto: Ana Cristina da Silva\/Jornal O Cidad\u00e3o\" width=\"2560\" height=\"1707\" srcset=\"https:\/\/rioonwatch.org.br\/wp-content\/uploads\/2025\/07\/Paulo-Victor-Lino-performa-Madame-Sata-icone-da-boemia-carioca-e-da-resistencia-LGBTQIAPN.Foto-Ana-Cristina-da-Silva-Jornal-O-Cidadao-scaled.jpg 2560w, https:\/\/rioonwatch.org.br\/wp-content\/uploads\/2025\/07\/Paulo-Victor-Lino-performa-Madame-Sata-icone-da-boemia-carioca-e-da-resistencia-LGBTQIAPN.Foto-Ana-Cristina-da-Silva-Jornal-O-Cidadao-620x413.jpg 620w, https:\/\/rioonwatch.org.br\/wp-content\/uploads\/2025\/07\/Paulo-Victor-Lino-performa-Madame-Sata-icone-da-boemia-carioca-e-da-resistencia-LGBTQIAPN.Foto-Ana-Cristina-da-Silva-Jornal-O-Cidadao-768x512.jpg 768w, https:\/\/rioonwatch.org.br\/wp-content\/uploads\/2025\/07\/Paulo-Victor-Lino-performa-Madame-Sata-icone-da-boemia-carioca-e-da-resistencia-LGBTQIAPN.Foto-Ana-Cristina-da-Silva-Jornal-O-Cidadao-1536x1024.jpg 1536w, https:\/\/rioonwatch.org.br\/wp-content\/uploads\/2025\/07\/Paulo-Victor-Lino-performa-Madame-Sata-icone-da-boemia-carioca-e-da-resistencia-LGBTQIAPN.Foto-Ana-Cristina-da-Silva-Jornal-O-Cidadao-2048x1365.jpg 2048w\" sizes=\"(max-width: 2560px) 100vw, 2560px\" \/><\/a><figcaption id=\"caption-attachment-78882\" class=\"wp-caption-text\">Paulo Victor Lino performa Madame Sat\u00e3, \u00edcone da boemia carioca e da resist\u00eancia LGBTQIAPN+. Foto: Ana Cristina da Silva\/<em>Jornal O Cidad\u00e3o<\/em><\/figcaption><\/figure>\n<p><span style=\"font-weight: 400;\">\u201cN\u00e3o \u00e9 sobre o que falta, \u00e9 sobre o que se tem\u201d, enfatiza Wallace ao incentivar a performance de Paulo Victor como Madame Sat\u00e3. E, ao final da homenagem, completa de forma po\u00e9tica: \u201cMadame Sat\u00e3 precisou soprar para que pud\u00e9ssemos ventar\u201d.\u00a0<\/span><\/p>\n<blockquote><p><span style=\"font-weight: 400;\">\u201c\u00c9 uma pe\u00e7a poderosa, que v\u00eam de um lugar que as pessoas costumam desacreditar, mas t\u00eam muito a entregar, com v\u00eddeos, presen\u00e7a corporal e falas, que passaram a mensagem de forma leve.\u201d \u2014 Kevin Santos, 27, espectador da pe\u00e7a<\/span><\/p><\/blockquote>\n<p><i><span style=\"font-weight: 400;\">Pactos para Reflorestar a Terra <\/span><\/i><span style=\"font-weight: 400;\">est\u00e1 em cartaz no <\/span><a href=\"https:\/\/bit.ly\/45rFq3m\"><span style=\"font-weight: 400;\">Teatro SESC Copacabana<\/span><\/a><span style=\"font-weight: 400;\">, de quinta a domingo, \u00e0s 19h, at\u00e9 o dia 10 de agosto. H\u00e1 lista amiga para pessoas trans, o que garante gratuidade na pe\u00e7a para esse p\u00fablico. Para obter isen\u00e7\u00e3o do ingresso, pessoas trans devem entrar em contato com <\/span><a href=\"https:\/\/www.instagram.com\/entidademare\/\"><span style=\"font-weight: 400;\">Entidade Mar\u00e9 pelas redes sociais<\/span><\/a><span style=\"font-weight: 400;\">. Outros espectadores podem comprar ingressos diretamente na bilheteria do teatro por R$30 a inteira, R$15 a meia e R$10 para associados do SESC.\u00a0<\/span><\/p>\n<p><span style=\"font-weight: 400;\">A obra \u00e9 fruto de tr\u00eas anos de pesquisa pelos irm\u00e3os Wallace e Paulo Victor Lino, realizada pela <\/span><a href=\"https:\/\/bit.ly\/47h3Cqu\"><span style=\"font-weight: 400;\">Entidade Mar\u00e9<\/span><\/a><span style=\"font-weight: 400;\"> e sob dire\u00e7\u00e3o de <\/span><a href=\"https:\/\/bit.ly\/4l9NWJg\"><span style=\"font-weight: 400;\">Desir\u00e9e Santos<\/span><\/a><span style=\"font-weight: 400;\"> e <\/span><a href=\"https:\/\/bit.ly\/40MxPtP\"><span style=\"font-weight: 400;\">Renato Linhares<\/span><\/a><span style=\"font-weight: 400;\">.<\/span><\/p>\n<p><i><span style=\"font-weight: 400;\">Sobre a autora: <\/span><\/i><a href=\"https:\/\/bit.ly\/3MVXtoJ\"><i><span style=\"font-weight: 400;\">Karen Fontoura<\/span><\/i><\/a><i><span style=\"font-weight: 400;\"> \u00e9 estudante de jornalismo da <\/span><\/i><a href=\"https:\/\/bit.ly\/2KgADIe\"><i><span style=\"font-weight: 400;\">UFRJ<\/span><\/i><\/a><i><span style=\"font-weight: 400;\">, moradora da <a href=\"https:\/\/rioonwatch.org.br\/?tag=rocinha\">Rocinha<\/a> e rep\u00f3rter do <\/span><\/i><a href=\"https:\/\/bit.ly\/3lrUwNx\"><i><span style=\"font-weight: 400;\">Jornal Fala Ro\u00e7a<\/span><\/i><\/a><i><span style=\"font-weight: 400;\">, onde coordena a comunica\u00e7\u00e3o institucional e de projetos da organiza\u00e7\u00e3o. Ela atua com produ\u00e7\u00e3o audiovisual, reportagens e divulga\u00e7\u00e3o de iniciativas comunit\u00e1rias.<\/span><\/i><\/p>\n<hr \/>\n<h4><b data-stringify-type=\"bold\">Apoie nossos esfor\u00e7os para fornecer apoio estrat\u00e9gico \u00e0s favelas do Rio, incluindo o jornalismo hiperlocal, cr\u00edtico, inovador e incans\u00e1vel do\u00a0<\/b><b data-stringify-type=\"bold\"><i data-stringify-type=\"italic\">RioOnWatch<\/i><\/b>\u2014<a class=\"c-link\" href=\"http:\/\/www.bit.ly\/ApoieROW\" target=\"_blank\" rel=\"noopener noreferrer\" data-stringify-link=\"http:\/\/www.bit.ly\/ApoieROW\" data-sk=\"tooltip_parent\">doe aqui<\/a>.<\/h4>\n<!-- AddThis Advanced Settings generic via filter on the_content --><!-- AddThis Share Buttons generic via filter on the_content -->","protected":false},"excerpt":{"rendered":"<div class=\"mh-excerpt\"><p>Click Here for English Com dan\u00e7a, m\u00fasica, audiovisual e muitas risadas, duas bichas pretas encenam o fim da humanidade. Em 2040, no in\u00edcio da Era p\u00f3s-humana, a pe\u00e7a provoca: como est\u00e1 o Complexo da Mar\u00e9? <a class=\"mh-excerpt-more\" href=\"https:\/\/rioonwatch.org.br\/?p=78862\" title=\"Pe\u00e7a &#8216;Pactos para Reflorestar a Terra&#8217; Retrata 2040 no Complexo da Mar\u00e9, Onde &#8216;S\u00f3 Restaram as Pragas e a Pot\u00eancia do Amor Ancestral&#8217; [RESENHA]\">[&#8230;]<\/a><!-- AddThis Advanced Settings generic via filter on get_the_excerpt --><!-- AddThis Share Buttons generic via filter on get_the_excerpt --><\/p>\n<\/div>","protected":false},"author":167,"featured_media":78881,"comment_status":"closed","ping_status":"closed","sticky":false,"template":"template-full.php","format":"standard","meta":{"_acf_changed":false,"_monsterinsights_skip_tracking":false,"_monsterinsights_sitenote_active":false,"_monsterinsights_sitenote_note":"","_monsterinsights_sitenote_category":0,"footnotes":""},"categories":[1615,1625,1624,1639],"tags":[3528,334,332,421,2096,965,1398,106,1304,1076,1719,349,1370,751,335,218],"writer":[3397],"translator":[],"source":[],"ilustrador":[],"fotografo":[3584],"class_list":{"0":"post-78862","1":"post","2":"type-post","3":"status-publish","4":"format-standard","5":"has-post-thumbnail","7":"category-cultura-da-favela","8":"category-por-correspondentes-comunitarios","9":"category-resenha","10":"category-sustentabilidade","11":"tag-ancestralidade","12":"tag-arte","13":"tag-complexo-da-mare","14":"tag-cultura-da-favela","15":"tag-desmatamento","16":"tag-enchente","17":"tag-lgbt","18":"tag-meio-ambiente","19":"tag-organizacao-criativa","20":"tag-morro-do-timbau","21":"tag-mudancas-climaticas","22":"tag-parque-uniao","23":"tag-resenha","24":"tag-sesc","25":"tag-teatro","26":"tag-zona-norte","27":"writer-karen-fontoura","28":"fotografo-ana-cristina-da-silva"},"acf":[],"yoast_head":"<!-- This site is optimized with the Yoast SEO plugin v25.6 - https:\/\/yoast.com\/wordpress\/plugins\/seo\/ -->\n<title>Pe\u00e7a &#039;Pactos para Reflorestar a Terra&#039; Retrata 2040 no Complexo da Mar\u00e9, Onde &#039;S\u00f3 Restaram as Pragas e a Pot\u00eancia do Amor Ancestral&#039; [RESENHA] - RioOnWatch<\/title>\n<meta name=\"robots\" content=\"index, follow, max-snippet:-1, max-image-preview:large, max-video-preview:-1\" \/>\n<link rel=\"canonical\" href=\"https:\/\/rioonwatch.org.br\/?p=78862\" \/>\n<meta property=\"og:locale\" content=\"pt_BR\" \/>\n<meta property=\"og:type\" content=\"article\" \/>\n<meta property=\"og:title\" content=\"Pe\u00e7a &#039;Pactos para Reflorestar a Terra&#039; Retrata 2040 no Complexo da Mar\u00e9, Onde &#039;S\u00f3 Restaram as Pragas e a Pot\u00eancia do Amor Ancestral&#039; [RESENHA] - RioOnWatch\" \/>\n<meta property=\"og:description\" content=\"Click Here for English Com dan\u00e7a, m\u00fasica, audiovisual e muitas risadas, duas bichas pretas encenam o fim da humanidade. Em 2040, no in\u00edcio da Era p\u00f3s-humana, a pe\u00e7a provoca: como est\u00e1 o Complexo da Mar\u00e9? [...]\" \/>\n<meta property=\"og:url\" content=\"https:\/\/rioonwatch.org.br\/?p=78862\" \/>\n<meta property=\"og:site_name\" content=\"RioOnWatch\" \/>\n<meta property=\"article:published_time\" content=\"2025-07-31T23:54:02+00:00\" \/>\n<meta property=\"article:modified_time\" content=\"2025-11-14T14:55:08+00:00\" \/>\n<meta property=\"og:image\" content=\"https:\/\/rioonwatch.org.br\/wp-content\/uploads\/2025\/07\/As-irmas-Lino-se-acolhem-em-um-gesto-de-irmandade-diante-das-repressoes-vividas-antes-do-colapso.-Foto-Ana-Cristina-da-Silva-Jornal-O-Cidadao-scaled.jpg\" \/>\n\t<meta property=\"og:image:width\" content=\"2560\" \/>\n\t<meta property=\"og:image:height\" content=\"1707\" \/>\n\t<meta property=\"og:image:type\" content=\"image\/jpeg\" \/>\n<meta name=\"author\" content=\"Julio Santos Filho\" \/>\n<meta name=\"twitter:card\" content=\"summary_large_image\" \/>\n<meta name=\"twitter:label1\" content=\"Escrito por\" \/>\n\t<meta name=\"twitter:data1\" content=\"Julio Santos Filho\" \/>\n\t<meta name=\"twitter:label2\" content=\"Est. tempo de leitura\" \/>\n\t<meta name=\"twitter:data2\" content=\"7 minutos\" \/>\n<script type=\"application\/ld+json\" class=\"yoast-schema-graph\">{\"@context\":\"https:\/\/schema.org\",\"@graph\":[{\"@type\":\"Article\",\"@id\":\"https:\/\/rioonwatch.org.br\/?p=78862#article\",\"isPartOf\":{\"@id\":\"https:\/\/rioonwatch.org.br\/?p=78862\"},\"author\":{\"name\":\"Julio Santos Filho\",\"@id\":\"https:\/\/rioonwatch.org.br\/#\/schema\/person\/476bc75767957d3535b65b796667cd36\"},\"headline\":\"Pe\u00e7a &#8216;Pactos para Reflorestar a Terra&#8217; Retrata 2040 no Complexo da Mar\u00e9, Onde &#8216;S\u00f3 Restaram as Pragas e a Pot\u00eancia do Amor Ancestral&#8217; [RESENHA]\",\"datePublished\":\"2025-07-31T23:54:02+00:00\",\"dateModified\":\"2025-11-14T14:55:08+00:00\",\"mainEntityOfPage\":{\"@id\":\"https:\/\/rioonwatch.org.br\/?p=78862\"},\"wordCount\":1178,\"publisher\":{\"@id\":\"https:\/\/rioonwatch.org.br\/#organization\"},\"image\":{\"@id\":\"https:\/\/rioonwatch.org.br\/?p=78862#primaryimage\"},\"thumbnailUrl\":\"https:\/\/rioonwatch.org.br\/wp-content\/uploads\/2025\/07\/As-irmas-Lino-se-acolhem-em-um-gesto-de-irmandade-diante-das-repressoes-vividas-antes-do-colapso.-Foto-Ana-Cristina-da-Silva-Jornal-O-Cidadao-scaled.jpg\",\"keywords\":[\"Ancestralidade\",\"arte\",\"Complexo da Mar\u00e9\",\"cultura da favela\",\"desmatamento\",\"enchente\",\"LGBTQIAPN+\",\"meio ambiente\",\"mobiliza\u00e7\u00e3o criativa\",\"Morro do Timbau\",\"mudan\u00e7as clim\u00e1ticas\",\"Parque Uni\u00e3o\",\"Resenhas\",\"SESC\",\"teatro\",\"Zona Norte\"],\"articleSection\":[\"Cultura da Favela\",\"Escrito por Comunicadores Populares\",\"Resenhas\",\"Sustentabilidade\"],\"inLanguage\":\"pt-BR\"},{\"@type\":\"WebPage\",\"@id\":\"https:\/\/rioonwatch.org.br\/?p=78862\",\"url\":\"https:\/\/rioonwatch.org.br\/?p=78862\",\"name\":\"Pe\u00e7a 'Pactos para Reflorestar a Terra' Retrata 2040 no Complexo da Mar\u00e9, Onde 'S\u00f3 Restaram as Pragas e a Pot\u00eancia do Amor Ancestral' [RESENHA] - RioOnWatch\",\"isPartOf\":{\"@id\":\"https:\/\/rioonwatch.org.br\/#website\"},\"primaryImageOfPage\":{\"@id\":\"https:\/\/rioonwatch.org.br\/?p=78862#primaryimage\"},\"image\":{\"@id\":\"https:\/\/rioonwatch.org.br\/?p=78862#primaryimage\"},\"thumbnailUrl\":\"https:\/\/rioonwatch.org.br\/wp-content\/uploads\/2025\/07\/As-irmas-Lino-se-acolhem-em-um-gesto-de-irmandade-diante-das-repressoes-vividas-antes-do-colapso.-Foto-Ana-Cristina-da-Silva-Jornal-O-Cidadao-scaled.jpg\",\"datePublished\":\"2025-07-31T23:54:02+00:00\",\"dateModified\":\"2025-11-14T14:55:08+00:00\",\"breadcrumb\":{\"@id\":\"https:\/\/rioonwatch.org.br\/?p=78862#breadcrumb\"},\"inLanguage\":\"pt-BR\",\"potentialAction\":[{\"@type\":\"ReadAction\",\"target\":[\"https:\/\/rioonwatch.org.br\/?p=78862\"]}]},{\"@type\":\"ImageObject\",\"inLanguage\":\"pt-BR\",\"@id\":\"https:\/\/rioonwatch.org.br\/?p=78862#primaryimage\",\"url\":\"https:\/\/rioonwatch.org.br\/wp-content\/uploads\/2025\/07\/As-irmas-Lino-se-acolhem-em-um-gesto-de-irmandade-diante-das-repressoes-vividas-antes-do-colapso.-Foto-Ana-Cristina-da-Silva-Jornal-O-Cidadao-scaled.jpg\",\"contentUrl\":\"https:\/\/rioonwatch.org.br\/wp-content\/uploads\/2025\/07\/As-irmas-Lino-se-acolhem-em-um-gesto-de-irmandade-diante-das-repressoes-vividas-antes-do-colapso.-Foto-Ana-Cristina-da-Silva-Jornal-O-Cidadao-scaled.jpg\",\"width\":2560,\"height\":1707,\"caption\":\"As irm\u00e3s Lino se acolhem, em um gesto de irmandade diante das repress\u00f5es vividas antes do colapso. Foto: Ana Cristina da Silva\/Jornal O Cidad\u00e3o\"},{\"@type\":\"BreadcrumbList\",\"@id\":\"https:\/\/rioonwatch.org.br\/?p=78862#breadcrumb\",\"itemListElement\":[{\"@type\":\"ListItem\",\"position\":1,\"name\":\"In\u00edcio\",\"item\":\"https:\/\/rioonwatch.org.br\/\"},{\"@type\":\"ListItem\",\"position\":2,\"name\":\"Pe\u00e7a &#8216;Pactos para Reflorestar a Terra&#8217; Retrata 2040 no Complexo da Mar\u00e9, Onde &#8216;S\u00f3 Restaram as Pragas e a Pot\u00eancia do Amor Ancestral&#8217; [RESENHA]\"}]},{\"@type\":\"WebSite\",\"@id\":\"https:\/\/rioonwatch.org.br\/#website\",\"url\":\"https:\/\/rioonwatch.org.br\/\",\"name\":\"RioOnWatch\",\"description\":\"relatos das favelas cariocas\",\"publisher\":{\"@id\":\"https:\/\/rioonwatch.org.br\/#organization\"},\"potentialAction\":[{\"@type\":\"SearchAction\",\"target\":{\"@type\":\"EntryPoint\",\"urlTemplate\":\"https:\/\/rioonwatch.org.br\/?s={search_term_string}\"},\"query-input\":{\"@type\":\"PropertyValueSpecification\",\"valueRequired\":true,\"valueName\":\"search_term_string\"}}],\"inLanguage\":\"pt-BR\"},{\"@type\":\"Organization\",\"@id\":\"https:\/\/rioonwatch.org.br\/#organization\",\"name\":\"RioOnWatch\",\"url\":\"https:\/\/rioonwatch.org.br\/\",\"logo\":{\"@type\":\"ImageObject\",\"inLanguage\":\"pt-BR\",\"@id\":\"https:\/\/rioonwatch.org.br\/#\/schema\/logo\/image\/\",\"url\":\"https:\/\/rioonwatch.org.br\/wp-content\/uploads\/2021\/06\/RioOnWatchcabecalhoPT11anos-2.png\",\"contentUrl\":\"https:\/\/rioonwatch.org.br\/wp-content\/uploads\/2021\/06\/RioOnWatchcabecalhoPT11anos-2.png\",\"width\":779,\"height\":277,\"caption\":\"RioOnWatch\"},\"image\":{\"@id\":\"https:\/\/rioonwatch.org.br\/#\/schema\/logo\/image\/\"}},{\"@type\":\"Person\",\"@id\":\"https:\/\/rioonwatch.org.br\/#\/schema\/person\/476bc75767957d3535b65b796667cd36\",\"name\":\"Julio Santos Filho\",\"image\":{\"@type\":\"ImageObject\",\"inLanguage\":\"pt-BR\",\"@id\":\"https:\/\/rioonwatch.org.br\/#\/schema\/person\/image\/\",\"url\":\"https:\/\/secure.gravatar.com\/avatar\/ca138f7666182a292a8ce4ca14fb81f8?s=96&d=blank&r=g\",\"contentUrl\":\"https:\/\/secure.gravatar.com\/avatar\/ca138f7666182a292a8ce4ca14fb81f8?s=96&d=blank&r=g\",\"caption\":\"Julio Santos Filho\"},\"url\":\"https:\/\/rioonwatch.org.br\/?author=167\"}]}<\/script>\n<!-- \/ Yoast SEO plugin. -->","yoast_head_json":{"title":"Pe\u00e7a 'Pactos para Reflorestar a Terra' Retrata 2040 no Complexo da Mar\u00e9, Onde 'S\u00f3 Restaram as Pragas e a Pot\u00eancia do Amor Ancestral' [RESENHA] - RioOnWatch","robots":{"index":"index","follow":"follow","max-snippet":"max-snippet:-1","max-image-preview":"max-image-preview:large","max-video-preview":"max-video-preview:-1"},"canonical":"https:\/\/rioonwatch.org.br\/?p=78862","og_locale":"pt_BR","og_type":"article","og_title":"Pe\u00e7a 'Pactos para Reflorestar a Terra' Retrata 2040 no Complexo da Mar\u00e9, Onde 'S\u00f3 Restaram as Pragas e a Pot\u00eancia do Amor Ancestral' [RESENHA] - RioOnWatch","og_description":"Click Here for English Com dan\u00e7a, m\u00fasica, audiovisual e muitas risadas, duas bichas pretas encenam o fim da humanidade. Em 2040, no in\u00edcio da Era p\u00f3s-humana, a pe\u00e7a provoca: como est\u00e1 o Complexo da Mar\u00e9? [...]","og_url":"https:\/\/rioonwatch.org.br\/?p=78862","og_site_name":"RioOnWatch","article_published_time":"2025-07-31T23:54:02+00:00","article_modified_time":"2025-11-14T14:55:08+00:00","og_image":[{"width":2560,"height":1707,"url":"https:\/\/rioonwatch.org.br\/wp-content\/uploads\/2025\/07\/As-irmas-Lino-se-acolhem-em-um-gesto-de-irmandade-diante-das-repressoes-vividas-antes-do-colapso.-Foto-Ana-Cristina-da-Silva-Jornal-O-Cidadao-scaled.jpg","type":"image\/jpeg"}],"author":"Julio Santos Filho","twitter_card":"summary_large_image","twitter_misc":{"Escrito por":"Julio Santos Filho","Est. tempo de leitura":"7 minutos"},"schema":{"@context":"https:\/\/schema.org","@graph":[{"@type":"Article","@id":"https:\/\/rioonwatch.org.br\/?p=78862#article","isPartOf":{"@id":"https:\/\/rioonwatch.org.br\/?p=78862"},"author":{"name":"Julio Santos Filho","@id":"https:\/\/rioonwatch.org.br\/#\/schema\/person\/476bc75767957d3535b65b796667cd36"},"headline":"Pe\u00e7a &#8216;Pactos para Reflorestar a Terra&#8217; Retrata 2040 no Complexo da Mar\u00e9, Onde &#8216;S\u00f3 Restaram as Pragas e a Pot\u00eancia do Amor Ancestral&#8217; [RESENHA]","datePublished":"2025-07-31T23:54:02+00:00","dateModified":"2025-11-14T14:55:08+00:00","mainEntityOfPage":{"@id":"https:\/\/rioonwatch.org.br\/?p=78862"},"wordCount":1178,"publisher":{"@id":"https:\/\/rioonwatch.org.br\/#organization"},"image":{"@id":"https:\/\/rioonwatch.org.br\/?p=78862#primaryimage"},"thumbnailUrl":"https:\/\/rioonwatch.org.br\/wp-content\/uploads\/2025\/07\/As-irmas-Lino-se-acolhem-em-um-gesto-de-irmandade-diante-das-repressoes-vividas-antes-do-colapso.-Foto-Ana-Cristina-da-Silva-Jornal-O-Cidadao-scaled.jpg","keywords":["Ancestralidade","arte","Complexo da Mar\u00e9","cultura da favela","desmatamento","enchente","LGBTQIAPN+","meio ambiente","mobiliza\u00e7\u00e3o criativa","Morro do Timbau","mudan\u00e7as clim\u00e1ticas","Parque Uni\u00e3o","Resenhas","SESC","teatro","Zona Norte"],"articleSection":["Cultura da Favela","Escrito por Comunicadores Populares","Resenhas","Sustentabilidade"],"inLanguage":"pt-BR"},{"@type":"WebPage","@id":"https:\/\/rioonwatch.org.br\/?p=78862","url":"https:\/\/rioonwatch.org.br\/?p=78862","name":"Pe\u00e7a 'Pactos para Reflorestar a Terra' Retrata 2040 no Complexo da Mar\u00e9, Onde 'S\u00f3 Restaram as Pragas e a Pot\u00eancia do Amor Ancestral' [RESENHA] - RioOnWatch","isPartOf":{"@id":"https:\/\/rioonwatch.org.br\/#website"},"primaryImageOfPage":{"@id":"https:\/\/rioonwatch.org.br\/?p=78862#primaryimage"},"image":{"@id":"https:\/\/rioonwatch.org.br\/?p=78862#primaryimage"},"thumbnailUrl":"https:\/\/rioonwatch.org.br\/wp-content\/uploads\/2025\/07\/As-irmas-Lino-se-acolhem-em-um-gesto-de-irmandade-diante-das-repressoes-vividas-antes-do-colapso.-Foto-Ana-Cristina-da-Silva-Jornal-O-Cidadao-scaled.jpg","datePublished":"2025-07-31T23:54:02+00:00","dateModified":"2025-11-14T14:55:08+00:00","breadcrumb":{"@id":"https:\/\/rioonwatch.org.br\/?p=78862#breadcrumb"},"inLanguage":"pt-BR","potentialAction":[{"@type":"ReadAction","target":["https:\/\/rioonwatch.org.br\/?p=78862"]}]},{"@type":"ImageObject","inLanguage":"pt-BR","@id":"https:\/\/rioonwatch.org.br\/?p=78862#primaryimage","url":"https:\/\/rioonwatch.org.br\/wp-content\/uploads\/2025\/07\/As-irmas-Lino-se-acolhem-em-um-gesto-de-irmandade-diante-das-repressoes-vividas-antes-do-colapso.-Foto-Ana-Cristina-da-Silva-Jornal-O-Cidadao-scaled.jpg","contentUrl":"https:\/\/rioonwatch.org.br\/wp-content\/uploads\/2025\/07\/As-irmas-Lino-se-acolhem-em-um-gesto-de-irmandade-diante-das-repressoes-vividas-antes-do-colapso.-Foto-Ana-Cristina-da-Silva-Jornal-O-Cidadao-scaled.jpg","width":2560,"height":1707,"caption":"As irm\u00e3s Lino se acolhem, em um gesto de irmandade diante das repress\u00f5es vividas antes do colapso. Foto: Ana Cristina da Silva\/Jornal O Cidad\u00e3o"},{"@type":"BreadcrumbList","@id":"https:\/\/rioonwatch.org.br\/?p=78862#breadcrumb","itemListElement":[{"@type":"ListItem","position":1,"name":"In\u00edcio","item":"https:\/\/rioonwatch.org.br\/"},{"@type":"ListItem","position":2,"name":"Pe\u00e7a &#8216;Pactos para Reflorestar a Terra&#8217; Retrata 2040 no Complexo da Mar\u00e9, Onde &#8216;S\u00f3 Restaram as Pragas e a Pot\u00eancia do Amor Ancestral&#8217; [RESENHA]"}]},{"@type":"WebSite","@id":"https:\/\/rioonwatch.org.br\/#website","url":"https:\/\/rioonwatch.org.br\/","name":"RioOnWatch","description":"relatos das favelas cariocas","publisher":{"@id":"https:\/\/rioonwatch.org.br\/#organization"},"potentialAction":[{"@type":"SearchAction","target":{"@type":"EntryPoint","urlTemplate":"https:\/\/rioonwatch.org.br\/?s={search_term_string}"},"query-input":{"@type":"PropertyValueSpecification","valueRequired":true,"valueName":"search_term_string"}}],"inLanguage":"pt-BR"},{"@type":"Organization","@id":"https:\/\/rioonwatch.org.br\/#organization","name":"RioOnWatch","url":"https:\/\/rioonwatch.org.br\/","logo":{"@type":"ImageObject","inLanguage":"pt-BR","@id":"https:\/\/rioonwatch.org.br\/#\/schema\/logo\/image\/","url":"https:\/\/rioonwatch.org.br\/wp-content\/uploads\/2021\/06\/RioOnWatchcabecalhoPT11anos-2.png","contentUrl":"https:\/\/rioonwatch.org.br\/wp-content\/uploads\/2021\/06\/RioOnWatchcabecalhoPT11anos-2.png","width":779,"height":277,"caption":"RioOnWatch"},"image":{"@id":"https:\/\/rioonwatch.org.br\/#\/schema\/logo\/image\/"}},{"@type":"Person","@id":"https:\/\/rioonwatch.org.br\/#\/schema\/person\/476bc75767957d3535b65b796667cd36","name":"Julio Santos Filho","image":{"@type":"ImageObject","inLanguage":"pt-BR","@id":"https:\/\/rioonwatch.org.br\/#\/schema\/person\/image\/","url":"https:\/\/secure.gravatar.com\/avatar\/ca138f7666182a292a8ce4ca14fb81f8?s=96&d=blank&r=g","contentUrl":"https:\/\/secure.gravatar.com\/avatar\/ca138f7666182a292a8ce4ca14fb81f8?s=96&d=blank&r=g","caption":"Julio Santos Filho"},"url":"https:\/\/rioonwatch.org.br\/?author=167"}]}},"_links":{"self":[{"href":"https:\/\/rioonwatch.org.br\/index.php?rest_route=\/wp\/v2\/posts\/78862"}],"collection":[{"href":"https:\/\/rioonwatch.org.br\/index.php?rest_route=\/wp\/v2\/posts"}],"about":[{"href":"https:\/\/rioonwatch.org.br\/index.php?rest_route=\/wp\/v2\/types\/post"}],"author":[{"embeddable":true,"href":"https:\/\/rioonwatch.org.br\/index.php?rest_route=\/wp\/v2\/users\/167"}],"replies":[{"embeddable":true,"href":"https:\/\/rioonwatch.org.br\/index.php?rest_route=%2Fwp%2Fv2%2Fcomments&post=78862"}],"version-history":[{"count":21,"href":"https:\/\/rioonwatch.org.br\/index.php?rest_route=\/wp\/v2\/posts\/78862\/revisions"}],"predecessor-version":[{"id":80230,"href":"https:\/\/rioonwatch.org.br\/index.php?rest_route=\/wp\/v2\/posts\/78862\/revisions\/80230"}],"wp:featuredmedia":[{"embeddable":true,"href":"https:\/\/rioonwatch.org.br\/index.php?rest_route=\/wp\/v2\/media\/78881"}],"wp:attachment":[{"href":"https:\/\/rioonwatch.org.br\/index.php?rest_route=%2Fwp%2Fv2%2Fmedia&parent=78862"}],"wp:term":[{"taxonomy":"category","embeddable":true,"href":"https:\/\/rioonwatch.org.br\/index.php?rest_route=%2Fwp%2Fv2%2Fcategories&post=78862"},{"taxonomy":"post_tag","embeddable":true,"href":"https:\/\/rioonwatch.org.br\/index.php?rest_route=%2Fwp%2Fv2%2Ftags&post=78862"},{"taxonomy":"writer","embeddable":true,"href":"https:\/\/rioonwatch.org.br\/index.php?rest_route=%2Fwp%2Fv2%2Fwriter&post=78862"},{"taxonomy":"translator","embeddable":true,"href":"https:\/\/rioonwatch.org.br\/index.php?rest_route=%2Fwp%2Fv2%2Ftranslator&post=78862"},{"taxonomy":"source","embeddable":true,"href":"https:\/\/rioonwatch.org.br\/index.php?rest_route=%2Fwp%2Fv2%2Fsource&post=78862"},{"taxonomy":"ilustrador","embeddable":true,"href":"https:\/\/rioonwatch.org.br\/index.php?rest_route=%2Fwp%2Fv2%2Filustrador&post=78862"},{"taxonomy":"fotografo","embeddable":true,"href":"https:\/\/rioonwatch.org.br\/index.php?rest_route=%2Fwp%2Fv2%2Ffotografo&post=78862"}],"curies":[{"name":"wp","href":"https:\/\/api.w.org\/{rel}","templated":true}]}}