{"id":78876,"date":"2025-07-30T14:37:00","date_gmt":"2025-07-30T17:37:00","guid":{"rendered":"https:\/\/rioonwatch.org.br\/?p=78876"},"modified":"2025-11-14T11:56:05","modified_gmt":"2025-11-14T14:56:05","slug":"nao-foram-35-dias-foram-35-anos-maes-da-chacina-de-acari-resistem-por-justica-pelas-vitimas-de-desaparecimento-forcado","status":"publish","type":"post","link":"https:\/\/rioonwatch.org.br\/?p=78876","title":{"rendered":"&#8216;N\u00e3o Foram 35 Dias, Foram 35 Anos&#8217;: M\u00e3es da Chacina de Acari Resistem Por Justi\u00e7a Pelas V\u00edtimas de Desaparecimento For\u00e7ado"},"content":{"rendered":"<figure id=\"attachment_78888\" aria-describedby=\"caption-attachment-78888\" style=\"width: 2560px\" class=\"wp-caption alignright\"><a href=\"https:\/\/rioonwatch.org.br\/wp-content\/uploads\/2025\/08\/35-anos-desde-o-acontecimento-da-Chacina-de-Acari-maes-e-familiares-se-reunem-em-homenagem-as-onze-vitimas-de-desaparecimento-forcado-por-parte-de-agentes-de-Estado.-Foto-Barbara-Dias-scaled.jpg\"><img fetchpriority=\"high\" decoding=\"async\" class=\"wp-image-78888 size-full\" title=\"35 anos desde a Chacina de Acari. M\u00e3es e familiares se re\u00fanem em homenagem \u00e0s onze v\u00edtimas de desaparecimento for\u00e7ado por parte de agentes de Estado. Foto: B\u00e1rbara Dias\" src=\"https:\/\/rioonwatch.org.br\/wp-content\/uploads\/2025\/08\/35-anos-desde-o-acontecimento-da-Chacina-de-Acari-maes-e-familiares-se-reunem-em-homenagem-as-onze-vitimas-de-desaparecimento-forcado-por-parte-de-agentes-de-Estado.-Foto-Barbara-Dias-scaled.jpg\" alt=\"35 anos desde a Chacina de Acari. M\u00e3es e familiares se re\u00fanem em homenagem \u00e0s onze v\u00edtimas de desaparecimento for\u00e7ado por parte de agentes de Estado. Foto: B\u00e1rbara Dias\" width=\"2560\" height=\"1709\" srcset=\"https:\/\/rioonwatch.org.br\/wp-content\/uploads\/2025\/08\/35-anos-desde-o-acontecimento-da-Chacina-de-Acari-maes-e-familiares-se-reunem-em-homenagem-as-onze-vitimas-de-desaparecimento-forcado-por-parte-de-agentes-de-Estado.-Foto-Barbara-Dias-scaled.jpg 2560w, https:\/\/rioonwatch.org.br\/wp-content\/uploads\/2025\/08\/35-anos-desde-o-acontecimento-da-Chacina-de-Acari-maes-e-familiares-se-reunem-em-homenagem-as-onze-vitimas-de-desaparecimento-forcado-por-parte-de-agentes-de-Estado.-Foto-Barbara-Dias-620x414.jpg 620w, https:\/\/rioonwatch.org.br\/wp-content\/uploads\/2025\/08\/35-anos-desde-o-acontecimento-da-Chacina-de-Acari-maes-e-familiares-se-reunem-em-homenagem-as-onze-vitimas-de-desaparecimento-forcado-por-parte-de-agentes-de-Estado.-Foto-Barbara-Dias-768x513.jpg 768w, https:\/\/rioonwatch.org.br\/wp-content\/uploads\/2025\/08\/35-anos-desde-o-acontecimento-da-Chacina-de-Acari-maes-e-familiares-se-reunem-em-homenagem-as-onze-vitimas-de-desaparecimento-forcado-por-parte-de-agentes-de-Estado.-Foto-Barbara-Dias-1536x1025.jpg 1536w, https:\/\/rioonwatch.org.br\/wp-content\/uploads\/2025\/08\/35-anos-desde-o-acontecimento-da-Chacina-de-Acari-maes-e-familiares-se-reunem-em-homenagem-as-onze-vitimas-de-desaparecimento-forcado-por-parte-de-agentes-de-Estado.-Foto-Barbara-Dias-2048x1367.jpg 2048w\" sizes=\"(max-width: 2560px) 100vw, 2560px\" \/><\/a><figcaption id=\"caption-attachment-78888\" class=\"wp-caption-text\">35 anos desde a Chacina de Acari. M\u00e3es e familiares se re\u00fanem em homenagem \u00e0s onze v\u00edtimas de desaparecimento for\u00e7ado por parte de agentes de Estado. Foto: B\u00e1rbara Dias<\/figcaption><\/figure>\n<p style=\"text-align: right;\"><a href=\"https:\/\/bit.ly\/40ZIHVj\" target=\"_blank\" rel=\"noopener\"><em><strong>Click Here for English<img decoding=\"async\" class=\"alignright wp-image-15790\" src=\"https:\/\/rioonwatch.org.br\/wp-content\/uploads\/2012\/08\/EN-standard-e1439583104716.jpg\" alt=\"\" width=\"20\" height=\"20\" \/><\/strong><\/em><\/a><\/p>\n<p><span style=\"font-weight: 400;\">O <\/span><a href=\"https:\/\/bit.ly\/49yIWsJ\" target=\"_blank\" rel=\"noopener\"><span style=\"font-weight: 400;\">Coletivo Fala Akari<\/span><\/a><span style=\"font-weight: 400;\"> e o <\/span><a href=\"https:\/\/bit.ly\/2EAy1VF\" target=\"_blank\" rel=\"noopener\"><span style=\"font-weight: 400;\">Movimento M\u00e3es de Acari<\/span><\/a><span style=\"font-weight: 400;\"> realizaram, no \u00faltimo 26 de julho, uma atividade em reconhecimento aos 35 anos da <a href=\"https:\/\/rioonwatch.org.br\/?s=%22chacina+de+acari%22\">Chacina de Acari<\/a> e \u00e0 luta por justi\u00e7a \u00e0s v\u00edtimas da trag\u00e9dia. Sediado no Espa\u00e7o Cultural M\u00e3es de Acari, o evento contou com aproximadamente 50 pessoas, dentre elas representantes dos dois coletivos, m\u00e3es e familiares das v\u00edtimas de desaparecimento for\u00e7ado de <a href=\"https:\/\/bit.ly\/41nPHLz\" target=\"_blank\" rel=\"noopener\">Acari<\/a>, <a href=\"https:\/\/bit.ly\/2lSoGzh\" target=\"_blank\" rel=\"noopener\">familiares de v\u00edtimas de viol\u00eancia do Estado<\/a> de outros territ\u00f3rios, advogados e pesquisadores que acompanham o caso de Acari, representantes de mandatos de parlamentares e moradores da pr\u00f3pria favela de Acari.<\/span><\/p>\n<h3><b>Entre Amea\u00e7as, Cal\u00fanias e Indeniza\u00e7\u00f5es, o Percurso dos 35 Anos de Luta\u00a0<\/b><\/h3>\n<p><span style=\"font-weight: 400;\">No dia 26 de julho de 1990, Cristiane Souza Leite (16 anos), Rosana Lima de Souza (18 anos), Wallace do Nascimento (17 anos), Edio do Nascimento (41 anos), Luiz Carlos de Vasconcelos (37 anos), Mois\u00e9s dos Santos Cruz (31 anos), Ant\u00f4nio Carlos da Silva (17 anos), Viviane Rocha (13 anos), Luiz Henrique Euz\u00e9bio (17 anos), Hudson de Souza (16 anos), e Edson de Souza (17 anos), passavam o dia em um s\u00edtio em Suru\u00ed (Mag\u00e9), quando foram for\u00e7adamente retirados por um grupo de pessoas que se identificavam como policiais.<\/span><\/p>\n<p><span style=\"font-weight: 400;\">Os sequestradores buscavam j\u00f3ias e dinheiro e, ap\u00f3s \u201cnegociarem\u201d durante cerca de uma hora (segundo Dona Laudicena, uma testemunha do caso j\u00e1 falecida), levaram as onze v\u00edtimas para um endere\u00e7o desconhecido. Seus corpos jamais foram encontrados. Desde ent\u00e3o, as m\u00e3es dos desaparecidos buscam por seus filhos e exigem justi\u00e7a pelas v\u00edtimas, uma luta que j\u00e1 dura 35 anos. Tornaram-se <\/span><a href=\"https:\/\/bit.ly\/479pnZi\" target=\"_blank\" rel=\"noopener\"><span style=\"font-weight: 400;\">internacionalmente conhecidas<\/span><\/a><span style=\"font-weight: 400;\"> como as M\u00e3es de Acari, favela onde vivia a maioria dos onze desaparecidos.<\/span><\/p>\n<p><span style=\"font-weight: 400;\">Em seu empenho por denunciar os agentes de Estado respons\u00e1veis pela chacina, as m\u00e3es enfrentaram persegui\u00e7\u00f5es, cal\u00fanias, amea\u00e7as e uma fatalidade violenta. Edm\u00e9ia da Silva, uma das lideran\u00e7as das <a href=\"https:\/\/rioonwatch.org.br\/?tag=maes-de-acari\">M\u00e3es de Acari<\/a>, foi assassinada em 19 de janeiro de 1993. Os acusados do assassinato, entretanto, <a href=\"https:\/\/bit.ly\/4fmzBb0\" target=\"_blank\" rel=\"noopener\">foram absolvidos em 2024<\/a>. Em 1 de julho de 2022, 32 anos ap\u00f3s a chacina, a Assembleia Legislativa do Estado do Rio de Janeiro (ALERJ) sancionou a<\/span> <a href=\"https:\/\/bit.ly\/41jIdJu\"><span style=\"font-weight: 400;\">lei N\u00ba 9.753<\/span><\/a><span style=\"font-weight: 400;\"> que prev\u00ea o pagamento de indeniza\u00e7\u00e3o \u00e0s m\u00e3es das v\u00edtimas da Chacina de Acari por parte do Governo do Estado. Em 2024, <a href=\"https:\/\/bit.ly\/3HaTmFR\" target=\"_blank\" rel=\"noopener\">a Corte Interamericana de Direitos Humanos condenou<\/a> o Estado brasileiro pelo crime.\u00a0<\/span><\/p>\n<figure id=\"attachment_78892\" aria-describedby=\"caption-attachment-78892\" style=\"width: 2560px\" class=\"wp-caption aligncenter\"><a href=\"https:\/\/rioonwatch.org.br\/wp-content\/uploads\/2025\/08\/Cerca-de-50-pessoas-participaram-do-evento-que-marcou-os-35-anos-da-Chacina-de-Acari-na-sede-do-coletivo-Fala-Akari-em-26-de-julho-de-2025.-Foto-Barbara-Dias-scaled.jpg\"><img decoding=\"async\" class=\"wp-image-78892 size-full\" title=\"Cerca de 50 pessoas participaram do evento que marcou os 35 anos da Chacina de Acari, na sede do Coletivo Fala Akari, em 26 de julho de 2025. Foto: B\u00e1rbara Dias\" src=\"https:\/\/rioonwatch.org.br\/wp-content\/uploads\/2025\/08\/Cerca-de-50-pessoas-participaram-do-evento-que-marcou-os-35-anos-da-Chacina-de-Acari-na-sede-do-coletivo-Fala-Akari-em-26-de-julho-de-2025.-Foto-Barbara-Dias-scaled.jpg\" alt=\"Cerca de 50 pessoas participaram do evento que marcou os 35 anos da Chacina de Acari, na sede do Coletivo Fala Akari, em 26 de julho de 2025. Foto: B\u00e1rbara Dias\" width=\"2560\" height=\"1709\" srcset=\"https:\/\/rioonwatch.org.br\/wp-content\/uploads\/2025\/08\/Cerca-de-50-pessoas-participaram-do-evento-que-marcou-os-35-anos-da-Chacina-de-Acari-na-sede-do-coletivo-Fala-Akari-em-26-de-julho-de-2025.-Foto-Barbara-Dias-scaled.jpg 2560w, https:\/\/rioonwatch.org.br\/wp-content\/uploads\/2025\/08\/Cerca-de-50-pessoas-participaram-do-evento-que-marcou-os-35-anos-da-Chacina-de-Acari-na-sede-do-coletivo-Fala-Akari-em-26-de-julho-de-2025.-Foto-Barbara-Dias-620x414.jpg 620w, https:\/\/rioonwatch.org.br\/wp-content\/uploads\/2025\/08\/Cerca-de-50-pessoas-participaram-do-evento-que-marcou-os-35-anos-da-Chacina-de-Acari-na-sede-do-coletivo-Fala-Akari-em-26-de-julho-de-2025.-Foto-Barbara-Dias-768x513.jpg 768w, https:\/\/rioonwatch.org.br\/wp-content\/uploads\/2025\/08\/Cerca-de-50-pessoas-participaram-do-evento-que-marcou-os-35-anos-da-Chacina-de-Acari-na-sede-do-coletivo-Fala-Akari-em-26-de-julho-de-2025.-Foto-Barbara-Dias-1536x1025.jpg 1536w, https:\/\/rioonwatch.org.br\/wp-content\/uploads\/2025\/08\/Cerca-de-50-pessoas-participaram-do-evento-que-marcou-os-35-anos-da-Chacina-de-Acari-na-sede-do-coletivo-Fala-Akari-em-26-de-julho-de-2025.-Foto-Barbara-Dias-2048x1367.jpg 2048w\" sizes=\"(max-width: 2560px) 100vw, 2560px\" \/><\/a><figcaption id=\"caption-attachment-78892\" class=\"wp-caption-text\">Participantes do evento que marcou os 35 anos da Chacina de Acari, na sede do Coletivo Fala Akari, em 26 de julho de 2025. Foto: B\u00e1rbara Dias<\/figcaption><\/figure>\n<h3><b>&#8216;N\u00e3o Deixar Que a Mem\u00f3ria da Exist\u00eancia Desses Jovens Se Perca&#8217;<\/b><\/h3>\n<p><span style=\"font-weight: 400;\">Faixas espalhadas pelo espa\u00e7o que sediou o evento lembravam a hist\u00f3rica luta das <\/span><a href=\"https:\/\/bit.ly\/2OSJ6TT\"><span style=\"font-weight: 400;\">M\u00e3es de Acari<\/span><\/a><span style=\"font-weight: 400;\">, incluindo cartazes que, aludindo a placas de rua, comemoravam o nome das onze v\u00edtimas da chacina. Os cartazes tamb\u00e9m homenagearam os <\/span><a href=\"http:\/\/bit.ly\/1XHEDyr\"><span style=\"font-weight: 400;\">cinco jovens assassinados na Chacina de Costa Barros<\/span><\/a><span style=\"font-weight: 400;\">, cujo carro foi fuzilado pela Pol\u00edcia Militar com 111 tiros,<\/span><span style=\"font-weight: 400;\">\u00a0al\u00e9m de camisetas e bandeiras em mem\u00f3ria \u00e0s v\u00edtimas de viol\u00eancia de Estado.\u00a0<\/span><\/p>\n<p><span style=\"font-weight: 400;\">Buba Aguiar, soci\u00f3loga, comunicadora popular e integrante do Coletivo Fala Akari, introduziu o evento discutindo a import\u00e2ncia de realiz\u00e1-lo no dia em que completam-se 35 anos do desaparecimento das onze v\u00edtimas.\u00a0<\/span><\/p>\n<blockquote><p><span style=\"font-weight: 400;\">\u201cHoje a gente est\u00e1 fazendo esse evento pela mem\u00f3ria dos onze jovens que foram desaparecidos no caso conhecido como Chacina de Acari&#8230; A gente percebe o uso do desaparecimento for\u00e7ado pelas for\u00e7as policiais, [que s\u00e3o] as for\u00e7as de seguran\u00e7a do Estado, e pela mil\u00edcia. J\u00e1 \u00e9 um outro paralelo que a gente faz tamb\u00e9m: eles foram v\u00edtimas de desaparecimento for\u00e7ado por [um] grupo de exterm\u00ednio [chamado] cavalos corredores. E a\u00ed, com essa remodela\u00e7\u00e3o dos grupos de exterm\u00ednio, a gente tem o que, hoje, a gente conhece como mil\u00edcia. H\u00e1 v\u00e1rias formas de assassinar n\u00e3o s\u00f3 o corpo de uma pessoa, mas tentar assassinar, acabar com a sua exist\u00eancia, com a mem\u00f3ria de que aquela pessoa existiu. Por isso a gente hoje est\u00e1 aqui, para n\u00e3o deixar que a mem\u00f3ria da exist\u00eancia desses jovens, da import\u00e2ncia da luta das M\u00e3es de Acari e dos familiares que est\u00e3o com a gente hoje, se perca. Porque \u00e9 isso que o Estado quer.\u201d<\/span><span style=\"font-weight: 400;\"> \u2014 Buba Aguiar\u00a0<\/span><\/p><\/blockquote>\n<p><span style=\"font-weight: 400;\">Aline Leite, familiar de uma v\u00edtima da Chacina de Acari e integrante do Movimento M\u00e3es de Acari, deu seguimento \u00e0 abertura das atividades.<\/span><\/p>\n<blockquote><p><span style=\"font-weight: 400;\">\u201cEsse caso assolou tantas fam\u00edlias, tantas fam\u00edlias como a nossa fam\u00edlia, mas tamb\u00e9m toda uma comunidade,&#8230; todo o Rio de Janeiro, e at\u00e9 internacionalmente. Mas hoje n\u00f3s estamos aqui para contar e para falar sobre a mem\u00f3ria dos onze jovens que foram desaparecidos na d\u00e9cada de 1990 num s\u00edtio em Mag\u00e9&#8230; A gente fala que <\/span>n\u00e3o foram 35 dias, [ou] 35 meses. Foram 35 anos nessa data de hoje.<span style=\"font-weight: 400;\">\u201d \u2014 Aline Leite\u00a0<\/span><\/p><\/blockquote>\n<figure id=\"attachment_78895\" aria-describedby=\"caption-attachment-78895\" style=\"width: 2560px\" class=\"wp-caption aligncenter\"><a href=\"https:\/\/rioonwatch.org.br\/wp-content\/uploads\/2025\/08\/Luta-saudade-e-memoria.-Da-esquerda-para-a-direita-Deley-de-Acari-Aline-Leite-e-Marisa-Pinheiro-declamam-poemas-durante-o-evento.-Foto-Barbara-Dias-scaled.jpg\"><img loading=\"lazy\" decoding=\"async\" class=\"wp-image-78895 size-full\" title=\"Luta, saudade e mem\u00f3ria. Da esquerda para a direita: Deley de Acari, Aline Leite e Marisa Pinheiro declamam poemas durante o evento. Foto: B\u00e1rbara Dias\" src=\"https:\/\/rioonwatch.org.br\/wp-content\/uploads\/2025\/08\/Luta-saudade-e-memoria.-Da-esquerda-para-a-direita-Deley-de-Acari-Aline-Leite-e-Marisa-Pinheiro-declamam-poemas-durante-o-evento.-Foto-Barbara-Dias-scaled.jpg\" alt=\"Luta, saudade e mem\u00f3ria. Da esquerda para a direita: Deley de Acari, Aline Leite e Marisa Pinheiro declamam poemas durante o evento. Foto: B\u00e1rbara Dias\" width=\"2560\" height=\"1709\" srcset=\"https:\/\/rioonwatch.org.br\/wp-content\/uploads\/2025\/08\/Luta-saudade-e-memoria.-Da-esquerda-para-a-direita-Deley-de-Acari-Aline-Leite-e-Marisa-Pinheiro-declamam-poemas-durante-o-evento.-Foto-Barbara-Dias-scaled.jpg 2560w, https:\/\/rioonwatch.org.br\/wp-content\/uploads\/2025\/08\/Luta-saudade-e-memoria.-Da-esquerda-para-a-direita-Deley-de-Acari-Aline-Leite-e-Marisa-Pinheiro-declamam-poemas-durante-o-evento.-Foto-Barbara-Dias-620x414.jpg 620w, https:\/\/rioonwatch.org.br\/wp-content\/uploads\/2025\/08\/Luta-saudade-e-memoria.-Da-esquerda-para-a-direita-Deley-de-Acari-Aline-Leite-e-Marisa-Pinheiro-declamam-poemas-durante-o-evento.-Foto-Barbara-Dias-768x513.jpg 768w, https:\/\/rioonwatch.org.br\/wp-content\/uploads\/2025\/08\/Luta-saudade-e-memoria.-Da-esquerda-para-a-direita-Deley-de-Acari-Aline-Leite-e-Marisa-Pinheiro-declamam-poemas-durante-o-evento.-Foto-Barbara-Dias-1536x1025.jpg 1536w, https:\/\/rioonwatch.org.br\/wp-content\/uploads\/2025\/08\/Luta-saudade-e-memoria.-Da-esquerda-para-a-direita-Deley-de-Acari-Aline-Leite-e-Marisa-Pinheiro-declamam-poemas-durante-o-evento.-Foto-Barbara-Dias-2048x1367.jpg 2048w\" sizes=\"(max-width: 2560px) 100vw, 2560px\" \/><\/a><figcaption id=\"caption-attachment-78895\" class=\"wp-caption-text\">Luta, saudade e mem\u00f3ria. Da esquerda para a direita: Deley de Acari, Aline Leite e Marisa Pinheiro declamam poemas durante o evento. Foto: B\u00e1rbara Dias<\/figcaption><\/figure>\n<p><span style=\"font-weight: 400;\">A introdu\u00e7\u00e3o do evento deu lugar a uma roda de poesia apresentada por <a href=\"http:\/\/bit.ly\/2MijX5Y\">Deley de Acari<\/a>, produtor cultural, escritor, militante e poeta de Acari, junto de outros moradores. Marisa Pinheiro, do <\/span><a href=\"https:\/\/bit.ly\/3MZrvbR\"><span style=\"font-weight: 400;\">Espa\u00e7o Faveleira<\/span><\/a><span style=\"font-weight: 400;\">, declamou um poema por Jurema Ara\u00fajo, <\/span><span style=\"font-weight: 400;\">que aborda as dores e ang\u00fastias pela perda de um filho:<\/span><\/p>\n<blockquote><p><span style=\"font-weight: 400;\">LAMENTO (ou O MAIOR GOLPE DO MUNDO ou A DOR DOS POBRES \u00c9 PIEGUICE PARA OS INTELECTUAIS e OUTROS PSEUDOS AIS)<\/span><\/p>\n<p><span style=\"font-weight: 400;\">Perdi meu filho querido<\/span><br \/>\n<span style=\"font-weight: 400;\">Na estrada da minha vida<\/span><br \/>\n<span style=\"font-weight: 400;\">Choro l\u00e1grima do\u00edda<\/span><br \/>\n<span style=\"font-weight: 400;\">Do meu cora\u00e7\u00e3o partido<\/span><br \/>\n<span style=\"font-weight: 400;\">\u00a0<\/span><br \/>\n<span style=\"font-weight: 400;\">Choro meu filho sumido<\/span><br \/>\n<span style=\"font-weight: 400;\">A minha cria perdida<\/span><br \/>\n<span style=\"font-weight: 400;\">Que n\u00e3o perdi para a vida<\/span><br \/>\n<span style=\"font-weight: 400;\">Perdi para a morte violenta<\/span><br \/>\n<span style=\"font-weight: 400;\">\u00a0<\/span><br \/>\n<span style=\"font-weight: 400;\">Isso m\u00e3e nenhuma aguenta<\/span><br \/>\n<span style=\"font-weight: 400;\">\u00c9 a dor da mais do\u00edda<\/span><br \/>\n<span style=\"font-weight: 400;\">\u00c9 ter a alma retorcida<\/span><br \/>\n<span style=\"font-weight: 400;\">\u00c9 ferida que n\u00e3o cura<\/span><br \/>\n<span style=\"font-weight: 400;\">\u00a0<\/span><br \/>\n<span style=\"font-weight: 400;\">Estou andando \u00e0 procura<\/span><br \/>\n<span style=\"font-weight: 400;\">De paralisar o tempo<\/span><br \/>\n<span style=\"font-weight: 400;\">Para desfazer o momento<\/span><br \/>\n<span style=\"font-weight: 400;\">Da trag\u00e9dia acontecida<\/span><br \/>\n<span style=\"font-weight: 400;\">\u00a0<\/span><br \/>\n<span style=\"font-weight: 400;\">De resto, tamb\u00e9m morri<\/span><br \/>\n<span style=\"font-weight: 400;\">Naquele exato instante<\/span><br \/>\n<span style=\"font-weight: 400;\">Lembrar seu rosto \u00e9 calmante<\/span><br \/>\n<span style=\"font-weight: 400;\">Pro meu viver sem sentido.\u201d<\/span><br \/>\n<span style=\"font-weight: 400;\">(Poesia de Jurema Ara\u00fajo)<\/span><\/p><\/blockquote>\n<figure id=\"attachment_78898\" aria-describedby=\"caption-attachment-78898\" style=\"width: 2560px\" class=\"wp-caption aligncenter\"><a href=\"https:\/\/rioonwatch.org.br\/wp-content\/uploads\/2025\/08\/Integrantes-do-coletivo-Fala-Akari-Leticia-Pinheiro-e-Buba-Aguiar-destacam-a-importancia-de-valorizar-estas-lutas-como-forma-de-reivindicar-a-propria-existencia.-Foto-Barbara-Dias-scaled.jpg\"><img loading=\"lazy\" decoding=\"async\" class=\"wp-image-78898 size-full\" title=\"Integrantes do coletivo Fala Akari, Let\u00edcia Pinheiro e Buba Aguiar destacam a import\u00e2ncia de valorizar estas lutas como forma de reivindicar a pr\u00f3pria exist\u00eancia dentro de territ\u00f3rios como Acari. Foto: B\u00e1rbara Dias\" src=\"https:\/\/rioonwatch.org.br\/wp-content\/uploads\/2025\/08\/Integrantes-do-coletivo-Fala-Akari-Leticia-Pinheiro-e-Buba-Aguiar-destacam-a-importancia-de-valorizar-estas-lutas-como-forma-de-reivindicar-a-propria-existencia.-Foto-Barbara-Dias-scaled.jpg\" alt=\"Integrantes do coletivo Fala Akari, Let\u00edcia Pinheiro e Buba Aguiar destacam a import\u00e2ncia de valorizar estas lutas como forma de reivindicar a pr\u00f3pria exist\u00eancia dentro de territ\u00f3rios como Acari. Foto: B\u00e1rbara Dias\" width=\"2560\" height=\"1709\" srcset=\"https:\/\/rioonwatch.org.br\/wp-content\/uploads\/2025\/08\/Integrantes-do-coletivo-Fala-Akari-Leticia-Pinheiro-e-Buba-Aguiar-destacam-a-importancia-de-valorizar-estas-lutas-como-forma-de-reivindicar-a-propria-existencia.-Foto-Barbara-Dias-scaled.jpg 2560w, https:\/\/rioonwatch.org.br\/wp-content\/uploads\/2025\/08\/Integrantes-do-coletivo-Fala-Akari-Leticia-Pinheiro-e-Buba-Aguiar-destacam-a-importancia-de-valorizar-estas-lutas-como-forma-de-reivindicar-a-propria-existencia.-Foto-Barbara-Dias-620x414.jpg 620w, https:\/\/rioonwatch.org.br\/wp-content\/uploads\/2025\/08\/Integrantes-do-coletivo-Fala-Akari-Leticia-Pinheiro-e-Buba-Aguiar-destacam-a-importancia-de-valorizar-estas-lutas-como-forma-de-reivindicar-a-propria-existencia.-Foto-Barbara-Dias-768x513.jpg 768w, https:\/\/rioonwatch.org.br\/wp-content\/uploads\/2025\/08\/Integrantes-do-coletivo-Fala-Akari-Leticia-Pinheiro-e-Buba-Aguiar-destacam-a-importancia-de-valorizar-estas-lutas-como-forma-de-reivindicar-a-propria-existencia.-Foto-Barbara-Dias-1536x1025.jpg 1536w, https:\/\/rioonwatch.org.br\/wp-content\/uploads\/2025\/08\/Integrantes-do-coletivo-Fala-Akari-Leticia-Pinheiro-e-Buba-Aguiar-destacam-a-importancia-de-valorizar-estas-lutas-como-forma-de-reivindicar-a-propria-existencia.-Foto-Barbara-Dias-2048x1367.jpg 2048w\" sizes=\"(max-width: 2560px) 100vw, 2560px\" \/><\/a><figcaption id=\"caption-attachment-78898\" class=\"wp-caption-text\">Integrantes do coletivo Fala Akari, Let\u00edcia Pinheiro e Buba Aguiar destacam a import\u00e2ncia de valorizar estas lutas como forma de reivindicar a pr\u00f3pria exist\u00eancia dentro de territ\u00f3rios como Acari. Foto: B\u00e1rbara Dias<\/figcaption><\/figure>\n<p><span style=\"font-weight: 400;\">Em seguida, as moradoras de Acari e integrantes do Fala Akari, Buba Aguiar e Let\u00edcia Pinheiro, apresentaram o coletivo, sua atua\u00e7\u00e3o no territ\u00f3rio e suas diversas frentes de trabalho.<\/span><\/p>\n<blockquote><p><span style=\"font-weight: 400;\">\u201c[O Fala Akari] \u00e9 um coletivo de juventude, de n\u00f3s, mulheres crias do territ\u00f3rio. O ponto principal que eu acho que a gente carrega ao longo desses anos \u00e9 que a gente quer falar de den\u00fancia, a gente quer falar da viol\u00eancia, mas a gente n\u00e3o quer falar s\u00f3 disso. A gente tamb\u00e9m quer falar de possibilidade de futuro. Ent\u00e3o, a constru\u00e7\u00e3o do pr\u00e9-vestibular popular vem disso, a constru\u00e7\u00e3o da Agenda Acari, tamb\u00e9m vem disso&#8230; O coletivo usa a ferramenta da <a href=\"https:\/\/bit.ly\/AnirracistaFinal\" target=\"_blank\" rel=\"noopener\">comunica\u00e7\u00e3o comunit\u00e1ria<\/a> e da <a href=\"https:\/\/bit.ly\/3OpF8Az\" target=\"_blank\" rel=\"noopener\">educa\u00e7\u00e3o popular<\/a> como estrat\u00e9gia para que n\u00f3s, enquanto moradores, possamos pertencer a esse territ\u00f3rio tamb\u00e9m. E tem o ponto que \u00e9 o <a href=\"https:\/\/bit.ly\/46agRc9\" target=\"_blank\" rel=\"noopener\">terrorismo de Estado<\/a>, a chacina, o desaparecimento for\u00e7ado. N\u00e3o deve ser uma pauta s\u00f3 dos familiares, \u00e9 uma pauta coletiva, \u00e9 uma pauta de todo mundo. Ent\u00e3o, quanto mais a gente valoriza essa hist\u00f3ria, quanto mais a gente valoriza esse processo dessas lutas, \u00e9 tamb\u00e9m reivindicar a nossa pr\u00f3pria vida, a nossa pr\u00f3pria exist\u00eancia, dentro desse territ\u00f3rio.\u201d <\/span><span style=\"font-weight: 400;\">\u2014 Let\u00edcia Pinheiro<\/span><\/p><\/blockquote>\n<h3>&#8216;Elas Se Tornaram M\u00e3es Buscadoras de Seus Filhos&#8217;<\/h3>\n<p><span style=\"font-weight: 400;\">As rodas de conversa ocorridas no evento buscaram rememorar a hist\u00f3rica luta das M\u00e3es de Acari e seu legado para outros familiares de v\u00edtimas de viol\u00eancia de Estado. Duas m\u00e3es estiveram presentes no evento; as demais\u2014por conta da idade avan\u00e7ada ou de j\u00e1 terem falecido\u2014foram representadas por familiares das v\u00edtimas.\u00a0<\/span><\/p>\n<p><span style=\"font-weight: 400;\">Dona Teresa de Souza, m\u00e3e de Edson Souza Costa, que tinha 16 anos quando desapareceu, denunciou a falta de respostas em uma fala comovente.<\/span><\/p>\n<blockquote><p><span style=\"font-weight: 400;\">\u201cN\u00f3s estamos aqui ainda, [por\u00e9m] alguns pais j\u00e1 partiram sem saber not\u00edcia at\u00e9 agora\u2026 Nem os ossos dos nossos filhos deixaram pra n\u00f3s enterrarmos dignamente. Sumiram, desapareceram. O que eles fizeram? At\u00e9 hoje n\u00f3s n\u00e3o sabemos.\u201d \u2014 Dona Teresa de Souza<\/span><\/p><\/blockquote>\n<p><span style=\"font-weight: 400;\">Dona Ana Maria da Silva, m\u00e3e de Ant\u00f4nio Carlos da Silva, que tinha 17 anos quando desapareceu, foi a outra m\u00e3e que marcou presen\u00e7a no evento.\u00a0<\/span><\/p>\n<figure id=\"attachment_78900\" aria-describedby=\"caption-attachment-78900\" style=\"width: 2560px\" class=\"wp-caption aligncenter\"><a href=\"https:\/\/rioonwatch.org.br\/wp-content\/uploads\/2025\/08\/Dona-Teresa-de-Souza-uma-das-Maes-de-Acari-fala-sobre-sua-luta-sua-dor-e-a-falta-de-respostas-mesmo-35-anos-apos-a-chacina.-Foto-Barbara-Dias-scaled.jpg\"><img loading=\"lazy\" decoding=\"async\" class=\"wp-image-78900 size-full\" title=\"Dona Teresa de Souza, uma das M\u00e3es de Acari, fala sobre sua luta, sua dor e a falta de respostas mesmo 35 anos ap\u00f3s a chacina. Foto: B\u00e1rbara Dias\" src=\"https:\/\/rioonwatch.org.br\/wp-content\/uploads\/2025\/08\/Dona-Teresa-de-Souza-uma-das-Maes-de-Acari-fala-sobre-sua-luta-sua-dor-e-a-falta-de-respostas-mesmo-35-anos-apos-a-chacina.-Foto-Barbara-Dias-scaled.jpg\" alt=\"Dona Teresa de Souza, uma das M\u00e3es de Acari, fala sobre sua luta, sua dor e a falta de respostas mesmo 35 anos ap\u00f3s a chacina. Foto: B\u00e1rbara Dias\" width=\"2560\" height=\"1709\" srcset=\"https:\/\/rioonwatch.org.br\/wp-content\/uploads\/2025\/08\/Dona-Teresa-de-Souza-uma-das-Maes-de-Acari-fala-sobre-sua-luta-sua-dor-e-a-falta-de-respostas-mesmo-35-anos-apos-a-chacina.-Foto-Barbara-Dias-scaled.jpg 2560w, https:\/\/rioonwatch.org.br\/wp-content\/uploads\/2025\/08\/Dona-Teresa-de-Souza-uma-das-Maes-de-Acari-fala-sobre-sua-luta-sua-dor-e-a-falta-de-respostas-mesmo-35-anos-apos-a-chacina.-Foto-Barbara-Dias-620x414.jpg 620w, https:\/\/rioonwatch.org.br\/wp-content\/uploads\/2025\/08\/Dona-Teresa-de-Souza-uma-das-Maes-de-Acari-fala-sobre-sua-luta-sua-dor-e-a-falta-de-respostas-mesmo-35-anos-apos-a-chacina.-Foto-Barbara-Dias-768x513.jpg 768w, https:\/\/rioonwatch.org.br\/wp-content\/uploads\/2025\/08\/Dona-Teresa-de-Souza-uma-das-Maes-de-Acari-fala-sobre-sua-luta-sua-dor-e-a-falta-de-respostas-mesmo-35-anos-apos-a-chacina.-Foto-Barbara-Dias-1536x1025.jpg 1536w, https:\/\/rioonwatch.org.br\/wp-content\/uploads\/2025\/08\/Dona-Teresa-de-Souza-uma-das-Maes-de-Acari-fala-sobre-sua-luta-sua-dor-e-a-falta-de-respostas-mesmo-35-anos-apos-a-chacina.-Foto-Barbara-Dias-2048x1367.jpg 2048w\" sizes=\"(max-width: 2560px) 100vw, 2560px\" \/><\/a><figcaption id=\"caption-attachment-78900\" class=\"wp-caption-text\">Dona Teresa de Souza, uma das M\u00e3es de Acari, fala sobre sua luta, sua dor e a falta de respostas mesmo 35 anos ap\u00f3s a chacina. Foto: B\u00e1rbara Dias<\/figcaption><\/figure>\n<p><span style=\"font-weight: 400;\">Vanine de Souza Nascimento, uma das familiares das vitimas da Chacina de Acari, fez uma agradecimento p\u00fablico \u00e0s m\u00e3es que n\u00e3o desistiram da luta no in\u00edcio, quando se depararam com o desaparecimento de seus filhos.<\/span><\/p>\n<blockquote><p><span style=\"font-weight: 400;\">\u201cN\u00f3s, amigos e familiares, temos que agradecer hoje nessa manh\u00e3, a essas mulheres, que com coragem e sem ao menos terem no\u00e7\u00e3o de onde chegariam, \u00e9 que n\u00f3s estamos aqui. Elas foram as precursoras, iniciantes desse movimento [de m\u00e3es de v\u00edtimas de viol\u00eancia de Estado em diversas comunidades] que, at\u00e9 ent\u00e3o, n\u00e3o sabiam que se tornaria um movimento. Elas se juntaram e [se tornaram], em 1990, m\u00e3es buscadoras dos seus filhos que, com as pr\u00f3prias m\u00e3os, cavaram a terra, brigaram e puseram as suas vidas em risco.\u201d<\/span><span style=\"font-weight: 400;\"> \u2014 Vanine de Souza Nascimento <\/span><\/p><\/blockquote>\n<p><span style=\"font-weight: 400;\">Representando o <\/span><a href=\"https:\/\/bit.ly\/4fiXr7G\" target=\"_blank\" rel=\"noopener\"><span style=\"font-weight: 400;\">Projeto Legal ODH<\/span><\/a><span style=\"font-weight: 400;\">, que defende os direitos de crian\u00e7as, adolescentes e outros grupos em situa\u00e7\u00e3o de vulnerabilidade social, Lucas Arnaud compartilhou com as m\u00e3es e familiares presentes o panorama atual do processo do ponto de vista jur\u00eddico. O advogado comentou sobre o andamento da <\/span><a href=\"https:\/\/bit.ly\/3UAmrxn\" target=\"_blank\" rel=\"noopener\"><span style=\"font-weight: 400;\">condena\u00e7\u00e3o do Estado Brasileiro pela Corte Interamericana de Direitos Humanos<\/span><\/a><span style=\"font-weight: 400;\">, ocorrida em dezembro de 2024, pelo desaparecimento for\u00e7ado das onze v\u00edtimas.\u00a0<\/span><\/p>\n<blockquote><p><span style=\"font-weight: 400;\">&#8220;Foi feito um reconhecimento muito importante que, infelizmente, ainda n\u00e3o havia sido dado: de que o Estado \u00e9 respons\u00e1vel, e que houve o desaparecimento for\u00e7ado. Isso era uma briga antiga das fam\u00edlias, e que pode parecer uma quest\u00e3o t\u00e9cnica, mas \u00e9 muito importante. Mostrar que, realmente, \u00e9 um ato muito cruel usado, n\u00e3o s\u00f3 executar filhos, esposos, e de desaparecer com o corpo&#8230; Ent\u00e3o [ap\u00f3s a senten\u00e7a], pouco a pouco, os familiares est\u00e3o recebendo a indeniza\u00e7\u00e3o e est\u00e3o conseguindo a assist\u00eancia de sa\u00fade, que \u00e9 algo muito importante que a Corte Interamericana determina, que sejam reconhecidos os impactos que toda essa situa\u00e7\u00e3o gerou na <a href=\"https:\/\/bit.ly\/42poWGu\" target=\"_blank\" rel=\"noopener\">sa\u00fade das fam\u00edlias<\/a>&#8230; E, ao mesmo tempo, a Corte Interamericana tamb\u00e9m tem um aspecto muito interessante, que s\u00e3o as medidas de preven\u00e7\u00e3o, para evitar que esses casos continuem acontecendo.&#8221;<\/span><span style=\"font-weight: 400;\">\u00a0\u2014\u00a0Lucas Arnaud<\/span><\/p><\/blockquote>\n<figure id=\"attachment_78901\" aria-describedby=\"caption-attachment-78901\" style=\"width: 2560px\" class=\"wp-caption aligncenter\"><a href=\"https:\/\/rioonwatch.org.br\/wp-content\/uploads\/2025\/08\/Dona-Ana-Maria-da-Silva-uma-das-maes-de-Acari-assiste-as-falas-dos-participantes-do-debate-durante-o-evento.-Foto-Barbara-Dias-scaled.jpg\"><img loading=\"lazy\" decoding=\"async\" class=\"wp-image-78901 size-full\" title=\"Dona Ana Maria da Silva, uma das M\u00e3es de Acari, assiste \u00e0s falas dos participantes do debate durante o evento. Foto: B\u00e1rbara Dias\" src=\"https:\/\/rioonwatch.org.br\/wp-content\/uploads\/2025\/08\/Dona-Ana-Maria-da-Silva-uma-das-maes-de-Acari-assiste-as-falas-dos-participantes-do-debate-durante-o-evento.-Foto-Barbara-Dias-scaled.jpg\" alt=\"Dona Ana Maria da Silva, uma das M\u00e3es de Acari, assiste \u00e0s falas dos participantes do debate durante o evento. Foto: B\u00e1rbara Dias\" width=\"2560\" height=\"1709\" srcset=\"https:\/\/rioonwatch.org.br\/wp-content\/uploads\/2025\/08\/Dona-Ana-Maria-da-Silva-uma-das-maes-de-Acari-assiste-as-falas-dos-participantes-do-debate-durante-o-evento.-Foto-Barbara-Dias-scaled.jpg 2560w, https:\/\/rioonwatch.org.br\/wp-content\/uploads\/2025\/08\/Dona-Ana-Maria-da-Silva-uma-das-maes-de-Acari-assiste-as-falas-dos-participantes-do-debate-durante-o-evento.-Foto-Barbara-Dias-620x414.jpg 620w, https:\/\/rioonwatch.org.br\/wp-content\/uploads\/2025\/08\/Dona-Ana-Maria-da-Silva-uma-das-maes-de-Acari-assiste-as-falas-dos-participantes-do-debate-durante-o-evento.-Foto-Barbara-Dias-768x513.jpg 768w, https:\/\/rioonwatch.org.br\/wp-content\/uploads\/2025\/08\/Dona-Ana-Maria-da-Silva-uma-das-maes-de-Acari-assiste-as-falas-dos-participantes-do-debate-durante-o-evento.-Foto-Barbara-Dias-1536x1025.jpg 1536w, https:\/\/rioonwatch.org.br\/wp-content\/uploads\/2025\/08\/Dona-Ana-Maria-da-Silva-uma-das-maes-de-Acari-assiste-as-falas-dos-participantes-do-debate-durante-o-evento.-Foto-Barbara-Dias-2048x1367.jpg 2048w\" sizes=\"(max-width: 2560px) 100vw, 2560px\" \/><\/a><figcaption id=\"caption-attachment-78901\" class=\"wp-caption-text\">Dona Ana Maria da Silva, uma das M\u00e3es de Acari, assiste \u00e0s falas dos participantes do debate durante o evento. Foto: B\u00e1rbara Dias<\/figcaption><\/figure>\n<p><span style=\"font-weight: 400;\">F\u00e1bio Ara\u00fajo, professor e pesquisador que estudou o movimento das M\u00e3es de Acari, explicou como a luta destas mulheres foi, em muitos aspectos, pioneira.<\/span><\/p>\n<blockquote><p><span style=\"font-weight: 400;\">\u201cUma das grandezas do movimento M\u00e3es de Acari \u00e9 que \u00e9 o precursor, trazendo a capacidade de mobiliza\u00e7\u00e3o de grupos que, at\u00e9 ent\u00e3o, n\u00e3o conseguiam se mobilizar para fazer essas den\u00fancias. E como a gente ouviu aqui, em v\u00e1rios relatos, \u00e9 muito dif\u00edcil voc\u00ea fazer as den\u00fancias quando voc\u00ea mora no territ\u00f3rio, e est\u00e1 pr\u00f3ximo desses grupos. E no caso dos desaparecimentos, um agravante \u00e9 a aus\u00eancia do corpo\u2026 Voc\u00ea n\u00e3o pode denunciar uma morte porque n\u00e3o tem corpo. E do ponto de vista&#8230; da cultura comercial, da nossa cultura estatal, os desaparecimentos s\u00e3o tratados como fatos de menor relev\u00e2ncia.\u201d <\/span><span style=\"font-weight: 400;\">\u2014 F\u00e1bio Ara\u00fajo<\/span><\/p><\/blockquote>\n<h3>&#8216;Que Democracia \u00c9 Essa?&#8217;<\/h3>\n<p><span style=\"font-weight: 400;\">Nivia Raposo da <\/span><a href=\"https:\/\/www.instagram.com\/maesefamiliares\" target=\"_blank\" rel=\"noopener\"><span style=\"font-weight: 400;\">Movimento de M\u00e3es e Familiares de V\u00edtimas da Viol\u00eancia Letal do Estado e Desaparecidos For\u00e7ados<\/span><\/a>,<span style=\"font-weight: 400;\"> Patricia Oliveira da <\/span><a href=\"https:\/\/bit.ly\/2IR4WHR\" target=\"_blank\" rel=\"noopener\"><span style=\"font-weight: 400;\">Rede de Comunidades e Movimentos Contra a Viol\u00eancia<\/span><\/a><span style=\"font-weight: 400;\"> e a ex-vereadora <a href=\"https:\/\/rioonwatch.org.br\/?p=18634\">Monica Cunha<\/a>, co-fundadora do Movimento Moleque e criadora da<\/span> <a href=\"https:\/\/bit.ly\/3IUhqxm\" target=\"_blank\" rel=\"noopener\"><span style=\"font-weight: 400;\">Comiss\u00e3o de Combate ao Racismo na C\u00e2mara Rio<\/span><\/a><span style=\"font-weight: 400;\">, debateram a import\u00e2ncia da milit\u00e2ncia das M\u00e3es de Acari para outras m\u00e3es e familiares v\u00edtimas.<\/span><\/p>\n<blockquote><p><span style=\"font-weight: 400;\">\u201cSe eu sou a pessoa que eu sou hoje, \u00e9&#8230; porque a Vera e a Marilene abriram as portas&#8230; e ensinaram para todos os que est\u00e3o aqui hoje, e pra quem n\u00e3o est\u00e1 tamb\u00e9m, o que \u00e9 a luta dos familiares v\u00edtimas de viol\u00eancia. \u00c9 estar num ato, estar participando de audi\u00eancia p\u00fablica, \u00e9 estar reivindicando seus direitos, construindo um projeto de lei. Se a gente tem o que celebrar nesses 35 anos, [\u00e9 que as] M\u00e3es de Acari [ensinaram] para outras m\u00e3es e familiares que todos reivindiquem.&#8221; <\/span><span style=\"font-weight: 400;\">\u2014 Patricia Oliveira<\/span><\/p><\/blockquote>\n<figure id=\"attachment_78902\" aria-describedby=\"caption-attachment-78902\" style=\"width: 2560px\" class=\"wp-caption aligncenter\"><a href=\"https:\/\/rioonwatch.org.br\/wp-content\/uploads\/2025\/08\/Da-esquerda-para-a-direita-Nivia-Raposo-Patricia-Oliveira-e-Monica-Cunha-falam-sobre-o-legado-das-Maes-de-Acari-para-outras-maes-e-familiares-de-vitimas-de-violencia-de-Estado.-Foto-Barbara-Dias-scaled.jpg\"><img loading=\"lazy\" decoding=\"async\" class=\"wp-image-78902 size-full\" title=\"Da esquerda para a direita: Nivia Raposo, Patricia Oliveira e Monica Cunha falam sobre o legado das M\u00e3es de Acari para outras m\u00e3es e familiares de v\u00edtimas de viol\u00eancia de Estado. Foto: B\u00e1rbara Dias\" src=\"https:\/\/rioonwatch.org.br\/wp-content\/uploads\/2025\/08\/Da-esquerda-para-a-direita-Nivia-Raposo-Patricia-Oliveira-e-Monica-Cunha-falam-sobre-o-legado-das-Maes-de-Acari-para-outras-maes-e-familiares-de-vitimas-de-violencia-de-Estado.-Foto-Barbara-Dias-scaled.jpg\" alt=\"Da esquerda para a direita: Nivia Raposo, Patricia Oliveira e Monica Cunha falam sobre o legado das M\u00e3es de Acari para outras m\u00e3es e familiares de v\u00edtimas de viol\u00eancia de Estado. Foto: B\u00e1rbara Dias\" width=\"2560\" height=\"1709\" srcset=\"https:\/\/rioonwatch.org.br\/wp-content\/uploads\/2025\/08\/Da-esquerda-para-a-direita-Nivia-Raposo-Patricia-Oliveira-e-Monica-Cunha-falam-sobre-o-legado-das-Maes-de-Acari-para-outras-maes-e-familiares-de-vitimas-de-violencia-de-Estado.-Foto-Barbara-Dias-scaled.jpg 2560w, https:\/\/rioonwatch.org.br\/wp-content\/uploads\/2025\/08\/Da-esquerda-para-a-direita-Nivia-Raposo-Patricia-Oliveira-e-Monica-Cunha-falam-sobre-o-legado-das-Maes-de-Acari-para-outras-maes-e-familiares-de-vitimas-de-violencia-de-Estado.-Foto-Barbara-Dias-620x414.jpg 620w, https:\/\/rioonwatch.org.br\/wp-content\/uploads\/2025\/08\/Da-esquerda-para-a-direita-Nivia-Raposo-Patricia-Oliveira-e-Monica-Cunha-falam-sobre-o-legado-das-Maes-de-Acari-para-outras-maes-e-familiares-de-vitimas-de-violencia-de-Estado.-Foto-Barbara-Dias-768x513.jpg 768w, https:\/\/rioonwatch.org.br\/wp-content\/uploads\/2025\/08\/Da-esquerda-para-a-direita-Nivia-Raposo-Patricia-Oliveira-e-Monica-Cunha-falam-sobre-o-legado-das-Maes-de-Acari-para-outras-maes-e-familiares-de-vitimas-de-violencia-de-Estado.-Foto-Barbara-Dias-1536x1025.jpg 1536w, https:\/\/rioonwatch.org.br\/wp-content\/uploads\/2025\/08\/Da-esquerda-para-a-direita-Nivia-Raposo-Patricia-Oliveira-e-Monica-Cunha-falam-sobre-o-legado-das-Maes-de-Acari-para-outras-maes-e-familiares-de-vitimas-de-violencia-de-Estado.-Foto-Barbara-Dias-2048x1367.jpg 2048w\" sizes=\"(max-width: 2560px) 100vw, 2560px\" \/><\/a><figcaption id=\"caption-attachment-78902\" class=\"wp-caption-text\">Da esquerda para a direita: Nivia Raposo, Patricia Oliveira e Monica Cunha falam sobre o legado das M\u00e3es de Acari para outras m\u00e3es e familiares de v\u00edtimas de viol\u00eancia de Estado. Foto: B\u00e1rbara Dias<\/figcaption><\/figure>\n<p><span style=\"font-weight: 400;\">Monica Cunha <a href=\"https:\/\/bit.ly\/3rrdz2o\" target=\"_blank\" rel=\"noopener\">questiona a democracia em que vivemos<\/a>, pois o sistema ainda permite que ocorram desaparecimentos for\u00e7ados e assassinatos de jovens, majoritariamene negros, em chacinas e autos de resist\u00eancia.<\/span><\/p>\n<blockquote><p>&#8220;Como Patr\u00edcia falou, essas chacinas que falamos\u2014Acari, Candel\u00e1ria, Vig\u00e1rio Geral, e outras\u2014foram ap\u00f3s o t\u00e9rmino da Ditadura. Foi num pa\u00eds dito democr\u00e1tico. Que democracia \u00e9 essa? Olha a quantidade de chacinas. E se a gente for contar a quantidade de pessoas mortas e desaparecidas s\u00f3 nessa chacina, que a gente sabe que teve outras e a gente n\u00e3o contou, n\u00e3o tem essa conta\u2026 [Em] um pa\u00eds democr\u00e1tico. Ent\u00e3o, nesse pa\u00eds democr\u00e1tico que continua nos matando porque ele n\u00e3o ajudou um mil\u00edmetro para combater o racismo, elas e n\u00f3s continuamos a fazer hist\u00f3ria. Porque hoje, nesse pa\u00eds,&#8230; se voc\u00ea insistir em falar de seguran\u00e7a p\u00fablica, se voc\u00eas forem falar dessa viol\u00eancia, desse racismo que existe, t\u00eam que falar com os familiares de v\u00edtimas. N\u00e3o tem livro, n\u00e3o tem acad\u00eamico, n\u00e3o tem ningu\u00e9m que sabe falar sobre isso, sem n\u00f3s. As decis\u00f5es s\u00f3 aconteceram porque n\u00f3s botamos os nossos peitos na frente e fomos dizer que n\u00e3o quer\u00edamos.&#8221; \u2014 Monica Cunha<\/p><\/blockquote>\n<p><span style=\"font-weight: 400;\">Ap\u00f3s 35 anos, as M\u00e3es de Acari seguem como um movimento pioneiro nas lutas de mulheres familiares de v\u00edtimas de desaparecimento for\u00e7ado e viol\u00eancia de Estado. Com elas, forjou-se um legado de resist\u00eancia e persist\u00eancia seguido por v\u00e1rias outras m\u00e3es e familiares que tamb\u00e9m se tornam v\u00edtimas. Diante de um sil\u00eancio institucional que perdura por d\u00e9cadas, esses movimentos seguem na luta por mem\u00f3ria, verdade e justi\u00e7a.\u00a0<\/span><\/p>\n<h3><b>Veja o \u00e1lbum completo por B\u00e1rbara Dias <a href=\"https:\/\/bit.ly\/3UMH1dX\" target=\"_blank\" rel=\"noopener\">no Flickr<\/a>:<\/b><\/h3>\n<p><a title=\"&quot;35 anos da Chacina de Acari, mem\u00f3ria e luta&quot;, Acari, 26 de julho de 2025\" href=\"https:\/\/www.flickr.com\/photos\/catcomm\/albums\/72177720327995330\" data-flickr-embed=\"true\" data-footer=\"true\"><img loading=\"lazy\" decoding=\"async\" src=\"https:\/\/live.staticflickr.com\/65535\/54689764983_91a8a37eb8_h.jpg\" alt=\"&quot;35 anos da Chacina de Acari, mem\u00f3ria e luta&quot;, Acari, 26 de julho de 2025\" width=\"1600\" height=\"1200\" \/><\/a><script async src=\"\/\/embedr.flickr.com\/assets\/client-code.js\" charset=\"utf-8\"><\/script><\/p>\n<p><em>Sobre a autora:\u00a0<a href=\"https:\/\/bit.ly\/3Gc3OJU\" rel=\"noopener\">B\u00e1rbara Dias<\/a>, cria de Bangu, possui licenciatura em Ci\u00eancias Biol\u00f3gicas, mestrado em Educa\u00e7\u00e3o Ambiental e atua como professora da rede p\u00fablica desde 2006. \u00c9 fotojornalista e trabalha tamb\u00e9m com fotografia documental. \u00c9 comunicadora popular formada pelo N\u00facleo Piratininga de Comunica\u00e7\u00e3o (<a href=\"https:\/\/bit.ly\/3i2GcdN\" rel=\"noopener\">NPC<\/a>) e co-fundadora do\u00a0<a href=\"https:\/\/bit.ly\/3vfY8bj\" rel=\"noopener\">Coletivo Fotoguerrilha<\/a>.<\/em><\/p>\n<hr \/>\n<h4><b data-stringify-type=\"bold\">Apoie nossos esfor\u00e7os para fornecer apoio estrat\u00e9gico \u00e0s favelas do Rio, incluindo o jornalismo hiperlocal, cr\u00edtico, inovador e incans\u00e1vel do\u00a0<\/b><b data-stringify-type=\"bold\"><i data-stringify-type=\"italic\">RioOnWatch<\/i><\/b>\u2014<a class=\"c-link\" href=\"http:\/\/www.bit.ly\/ApoieROW\" rel=\"noopener noreferrer\" data-stringify-link=\"http:\/\/www.bit.ly\/ApoieROW\" data-sk=\"tooltip_parent\">doe aqui<\/a>.<\/h4>\n<!-- AddThis Advanced Settings generic via filter on the_content --><!-- AddThis Share Buttons generic via filter on the_content -->","protected":false},"excerpt":{"rendered":"<div class=\"mh-excerpt\"><p>Click Here for English O Coletivo Fala Akari e o Movimento M\u00e3es de Acari realizaram, no \u00faltimo 26 de julho, uma atividade em reconhecimento aos 35 anos da Chacina de Acari e \u00e0 luta por <a class=\"mh-excerpt-more\" href=\"https:\/\/rioonwatch.org.br\/?p=78876\" title=\"&#8216;N\u00e3o Foram 35 Dias, Foram 35 Anos&#8217;: M\u00e3es da Chacina de Acari Resistem Por Justi\u00e7a Pelas V\u00edtimas de Desaparecimento For\u00e7ado\">[&#8230;]<\/a><!-- AddThis Advanced Settings generic via filter on get_the_excerpt --><!-- AddThis Share Buttons generic via filter on get_the_excerpt --><\/p>\n<\/div>","protected":false},"author":192,"featured_media":78888,"comment_status":"closed","ping_status":"closed","sticky":false,"template":"template-full.php","format":"standard","meta":{"_acf_changed":false,"_monsterinsights_skip_tracking":false,"_monsterinsights_sitenote_active":false,"_monsterinsights_sitenote_note":"","_monsterinsights_sitenote_category":0,"footnotes":""},"categories":[1621,1627,3175,346,1625,1620],"tags":[592,1259,959,787,575,953,88,1023,3585,3241,3061,283,920,52,218],"writer":[3244],"translator":[],"source":[],"ilustrador":[],"fotografo":[3184],"class_list":{"0":"post-78876","1":"post","2":"type-post","3":"status-publish","4":"format-standard","5":"has-post-thumbnail","7":"category-destaque","8":"category-relato-de-evento","9":"category-democracia","10":"category-denuncias","11":"category-por-correspondentes-comunitarios","12":"category-olhonaupp","13":"tag-acari","14":"tag-assassinato","15":"tag-baixada-fluminense","16":"tag-chacina","17":"tag-costa-barros","18":"tag-desaparecimento","19":"tag-direitos-humanos","20":"tag-ditadura-militar","21":"tag-maes-de-acari","22":"tag-monica-cunha","23":"tag-movimento-moleque","24":"tag-rede-contra-violencia","25":"tag-violencia-de-estado","26":"tag-violencia-policial","27":"tag-zona-norte","28":"writer-barbara-dias","29":"fotografo-barbara-dias"},"acf":[],"yoast_head":"<!-- This site is optimized with the Yoast SEO plugin v25.6 - https:\/\/yoast.com\/wordpress\/plugins\/seo\/ -->\n<title>&#039;N\u00e3o Foram 35 Dias, Foram 35 Anos&#039;: M\u00e3es da Chacina de Acari Resistem Por Justi\u00e7a Pelas V\u00edtimas de Desaparecimento For\u00e7ado - RioOnWatch<\/title>\n<meta name=\"robots\" content=\"index, follow, max-snippet:-1, max-image-preview:large, max-video-preview:-1\" \/>\n<link rel=\"canonical\" href=\"https:\/\/rioonwatch.org.br\/?p=78876\" \/>\n<meta property=\"og:locale\" content=\"pt_BR\" \/>\n<meta property=\"og:type\" content=\"article\" \/>\n<meta property=\"og:title\" content=\"&#039;N\u00e3o Foram 35 Dias, Foram 35 Anos&#039;: M\u00e3es da Chacina de Acari Resistem Por Justi\u00e7a Pelas V\u00edtimas de Desaparecimento For\u00e7ado - RioOnWatch\" \/>\n<meta property=\"og:description\" content=\"Click Here for English O Coletivo Fala Akari e o Movimento M\u00e3es de Acari realizaram, no \u00faltimo 26 de julho, uma atividade em reconhecimento aos 35 anos da Chacina de Acari e \u00e0 luta por [...]\" \/>\n<meta property=\"og:url\" content=\"https:\/\/rioonwatch.org.br\/?p=78876\" \/>\n<meta property=\"og:site_name\" content=\"RioOnWatch\" \/>\n<meta property=\"article:published_time\" content=\"2025-07-30T17:37:00+00:00\" \/>\n<meta property=\"article:modified_time\" content=\"2025-11-14T14:56:05+00:00\" \/>\n<meta property=\"og:image\" content=\"https:\/\/rioonwatch.org.br\/wp-content\/uploads\/2025\/08\/35-anos-desde-o-acontecimento-da-Chacina-de-Acari-maes-e-familiares-se-reunem-em-homenagem-as-onze-vitimas-de-desaparecimento-forcado-por-parte-de-agentes-de-Estado.-Foto-Barbara-Dias-scaled.jpg\" \/>\n\t<meta property=\"og:image:width\" content=\"2560\" \/>\n\t<meta property=\"og:image:height\" content=\"1709\" \/>\n\t<meta property=\"og:image:type\" content=\"image\/jpeg\" \/>\n<meta name=\"author\" content=\"Beatriz Miranda\" \/>\n<meta name=\"twitter:card\" content=\"summary_large_image\" \/>\n<meta name=\"twitter:label1\" content=\"Escrito por\" \/>\n\t<meta name=\"twitter:data1\" content=\"Beatriz Miranda\" \/>\n\t<meta name=\"twitter:label2\" content=\"Est. tempo de leitura\" \/>\n\t<meta name=\"twitter:data2\" content=\"10 minutos\" \/>\n<script type=\"application\/ld+json\" class=\"yoast-schema-graph\">{\"@context\":\"https:\/\/schema.org\",\"@graph\":[{\"@type\":\"Article\",\"@id\":\"https:\/\/rioonwatch.org.br\/?p=78876#article\",\"isPartOf\":{\"@id\":\"https:\/\/rioonwatch.org.br\/?p=78876\"},\"author\":{\"name\":\"Beatriz Miranda\",\"@id\":\"https:\/\/rioonwatch.org.br\/#\/schema\/person\/1150bfc199e76e22909b454a0c139c4b\"},\"headline\":\"&#8216;N\u00e3o Foram 35 Dias, Foram 35 Anos&#8217;: M\u00e3es da Chacina de Acari Resistem Por Justi\u00e7a Pelas V\u00edtimas de Desaparecimento For\u00e7ado\",\"datePublished\":\"2025-07-30T17:37:00+00:00\",\"dateModified\":\"2025-11-14T14:56:05+00:00\",\"mainEntityOfPage\":{\"@id\":\"https:\/\/rioonwatch.org.br\/?p=78876\"},\"wordCount\":2730,\"publisher\":{\"@id\":\"https:\/\/rioonwatch.org.br\/#organization\"},\"image\":{\"@id\":\"https:\/\/rioonwatch.org.br\/?p=78876#primaryimage\"},\"thumbnailUrl\":\"https:\/\/rioonwatch.org.br\/wp-content\/uploads\/2025\/08\/35-anos-desde-o-acontecimento-da-Chacina-de-Acari-maes-e-familiares-se-reunem-em-homenagem-as-onze-vitimas-de-desaparecimento-forcado-por-parte-de-agentes-de-Estado.-Foto-Barbara-Dias-scaled.jpg\",\"keywords\":[\"Acari\",\"assassinato\",\"Baixada Fluminense\",\"chacina\",\"Costa Barros\",\"desaparecimento\",\"Direitos Humanos\",\"Ditadura Militar\",\"M\u00e3es de Acari\",\"Monica Cunha\",\"Movimento Moleque\",\"Rede Contra Viol\u00eancia\",\"viol\u00eancia de Estado\",\"viol\u00eancia policial\",\"Zona Norte\"],\"articleSection\":[\"*Destaque\",\"Cobertura de Eventos\",\"Democracia\",\"Den\u00fancias\",\"Escrito por Comunicadores Populares\",\"Seguran\u00e7a P\u00fablica\"],\"inLanguage\":\"pt-BR\"},{\"@type\":\"WebPage\",\"@id\":\"https:\/\/rioonwatch.org.br\/?p=78876\",\"url\":\"https:\/\/rioonwatch.org.br\/?p=78876\",\"name\":\"'N\u00e3o Foram 35 Dias, Foram 35 Anos': M\u00e3es da Chacina de Acari Resistem Por Justi\u00e7a Pelas V\u00edtimas de Desaparecimento For\u00e7ado - RioOnWatch\",\"isPartOf\":{\"@id\":\"https:\/\/rioonwatch.org.br\/#website\"},\"primaryImageOfPage\":{\"@id\":\"https:\/\/rioonwatch.org.br\/?p=78876#primaryimage\"},\"image\":{\"@id\":\"https:\/\/rioonwatch.org.br\/?p=78876#primaryimage\"},\"thumbnailUrl\":\"https:\/\/rioonwatch.org.br\/wp-content\/uploads\/2025\/08\/35-anos-desde-o-acontecimento-da-Chacina-de-Acari-maes-e-familiares-se-reunem-em-homenagem-as-onze-vitimas-de-desaparecimento-forcado-por-parte-de-agentes-de-Estado.-Foto-Barbara-Dias-scaled.jpg\",\"datePublished\":\"2025-07-30T17:37:00+00:00\",\"dateModified\":\"2025-11-14T14:56:05+00:00\",\"breadcrumb\":{\"@id\":\"https:\/\/rioonwatch.org.br\/?p=78876#breadcrumb\"},\"inLanguage\":\"pt-BR\",\"potentialAction\":[{\"@type\":\"ReadAction\",\"target\":[\"https:\/\/rioonwatch.org.br\/?p=78876\"]}]},{\"@type\":\"ImageObject\",\"inLanguage\":\"pt-BR\",\"@id\":\"https:\/\/rioonwatch.org.br\/?p=78876#primaryimage\",\"url\":\"https:\/\/rioonwatch.org.br\/wp-content\/uploads\/2025\/08\/35-anos-desde-o-acontecimento-da-Chacina-de-Acari-maes-e-familiares-se-reunem-em-homenagem-as-onze-vitimas-de-desaparecimento-forcado-por-parte-de-agentes-de-Estado.-Foto-Barbara-Dias-scaled.jpg\",\"contentUrl\":\"https:\/\/rioonwatch.org.br\/wp-content\/uploads\/2025\/08\/35-anos-desde-o-acontecimento-da-Chacina-de-Acari-maes-e-familiares-se-reunem-em-homenagem-as-onze-vitimas-de-desaparecimento-forcado-por-parte-de-agentes-de-Estado.-Foto-Barbara-Dias-scaled.jpg\",\"width\":2560,\"height\":1709,\"caption\":\"35 anos desde o acontecimento da Chacina de Acari. M\u00e3es e familiares se re\u00fanem em homenagem \u00e0s onze v\u00edtimas de desaparecimento for\u00e7ado por parte de agentes de Estado. Foto: B\u00e1rbara Dias\"},{\"@type\":\"BreadcrumbList\",\"@id\":\"https:\/\/rioonwatch.org.br\/?p=78876#breadcrumb\",\"itemListElement\":[{\"@type\":\"ListItem\",\"position\":1,\"name\":\"In\u00edcio\",\"item\":\"https:\/\/rioonwatch.org.br\/\"},{\"@type\":\"ListItem\",\"position\":2,\"name\":\"&#8216;N\u00e3o Foram 35 Dias, Foram 35 Anos&#8217;: M\u00e3es da Chacina de Acari Resistem Por Justi\u00e7a Pelas V\u00edtimas de Desaparecimento For\u00e7ado\"}]},{\"@type\":\"WebSite\",\"@id\":\"https:\/\/rioonwatch.org.br\/#website\",\"url\":\"https:\/\/rioonwatch.org.br\/\",\"name\":\"RioOnWatch\",\"description\":\"relatos das favelas cariocas\",\"publisher\":{\"@id\":\"https:\/\/rioonwatch.org.br\/#organization\"},\"potentialAction\":[{\"@type\":\"SearchAction\",\"target\":{\"@type\":\"EntryPoint\",\"urlTemplate\":\"https:\/\/rioonwatch.org.br\/?s={search_term_string}\"},\"query-input\":{\"@type\":\"PropertyValueSpecification\",\"valueRequired\":true,\"valueName\":\"search_term_string\"}}],\"inLanguage\":\"pt-BR\"},{\"@type\":\"Organization\",\"@id\":\"https:\/\/rioonwatch.org.br\/#organization\",\"name\":\"RioOnWatch\",\"url\":\"https:\/\/rioonwatch.org.br\/\",\"logo\":{\"@type\":\"ImageObject\",\"inLanguage\":\"pt-BR\",\"@id\":\"https:\/\/rioonwatch.org.br\/#\/schema\/logo\/image\/\",\"url\":\"https:\/\/rioonwatch.org.br\/wp-content\/uploads\/2021\/06\/RioOnWatchcabecalhoPT11anos-2.png\",\"contentUrl\":\"https:\/\/rioonwatch.org.br\/wp-content\/uploads\/2021\/06\/RioOnWatchcabecalhoPT11anos-2.png\",\"width\":779,\"height\":277,\"caption\":\"RioOnWatch\"},\"image\":{\"@id\":\"https:\/\/rioonwatch.org.br\/#\/schema\/logo\/image\/\"}},{\"@type\":\"Person\",\"@id\":\"https:\/\/rioonwatch.org.br\/#\/schema\/person\/1150bfc199e76e22909b454a0c139c4b\",\"name\":\"Beatriz Miranda\",\"image\":{\"@type\":\"ImageObject\",\"inLanguage\":\"pt-BR\",\"@id\":\"https:\/\/rioonwatch.org.br\/#\/schema\/person\/image\/\",\"url\":\"https:\/\/secure.gravatar.com\/avatar\/41a514d4cb8be1f42ceaebd1038a447b?s=96&d=blank&r=g\",\"contentUrl\":\"https:\/\/secure.gravatar.com\/avatar\/41a514d4cb8be1f42ceaebd1038a447b?s=96&d=blank&r=g\",\"caption\":\"Beatriz Miranda\"},\"url\":\"https:\/\/rioonwatch.org.br\/?author=192\"}]}<\/script>\n<!-- \/ Yoast SEO plugin. -->","yoast_head_json":{"title":"'N\u00e3o Foram 35 Dias, Foram 35 Anos': M\u00e3es da Chacina de Acari Resistem Por Justi\u00e7a Pelas V\u00edtimas de Desaparecimento For\u00e7ado - RioOnWatch","robots":{"index":"index","follow":"follow","max-snippet":"max-snippet:-1","max-image-preview":"max-image-preview:large","max-video-preview":"max-video-preview:-1"},"canonical":"https:\/\/rioonwatch.org.br\/?p=78876","og_locale":"pt_BR","og_type":"article","og_title":"'N\u00e3o Foram 35 Dias, Foram 35 Anos': M\u00e3es da Chacina de Acari Resistem Por Justi\u00e7a Pelas V\u00edtimas de Desaparecimento For\u00e7ado - RioOnWatch","og_description":"Click Here for English O Coletivo Fala Akari e o Movimento M\u00e3es de Acari realizaram, no \u00faltimo 26 de julho, uma atividade em reconhecimento aos 35 anos da Chacina de Acari e \u00e0 luta por [...]","og_url":"https:\/\/rioonwatch.org.br\/?p=78876","og_site_name":"RioOnWatch","article_published_time":"2025-07-30T17:37:00+00:00","article_modified_time":"2025-11-14T14:56:05+00:00","og_image":[{"width":2560,"height":1709,"url":"https:\/\/rioonwatch.org.br\/wp-content\/uploads\/2025\/08\/35-anos-desde-o-acontecimento-da-Chacina-de-Acari-maes-e-familiares-se-reunem-em-homenagem-as-onze-vitimas-de-desaparecimento-forcado-por-parte-de-agentes-de-Estado.-Foto-Barbara-Dias-scaled.jpg","type":"image\/jpeg"}],"author":"Beatriz Miranda","twitter_card":"summary_large_image","twitter_misc":{"Escrito por":"Beatriz Miranda","Est. tempo de leitura":"10 minutos"},"schema":{"@context":"https:\/\/schema.org","@graph":[{"@type":"Article","@id":"https:\/\/rioonwatch.org.br\/?p=78876#article","isPartOf":{"@id":"https:\/\/rioonwatch.org.br\/?p=78876"},"author":{"name":"Beatriz Miranda","@id":"https:\/\/rioonwatch.org.br\/#\/schema\/person\/1150bfc199e76e22909b454a0c139c4b"},"headline":"&#8216;N\u00e3o Foram 35 Dias, Foram 35 Anos&#8217;: M\u00e3es da Chacina de Acari Resistem Por Justi\u00e7a Pelas V\u00edtimas de Desaparecimento For\u00e7ado","datePublished":"2025-07-30T17:37:00+00:00","dateModified":"2025-11-14T14:56:05+00:00","mainEntityOfPage":{"@id":"https:\/\/rioonwatch.org.br\/?p=78876"},"wordCount":2730,"publisher":{"@id":"https:\/\/rioonwatch.org.br\/#organization"},"image":{"@id":"https:\/\/rioonwatch.org.br\/?p=78876#primaryimage"},"thumbnailUrl":"https:\/\/rioonwatch.org.br\/wp-content\/uploads\/2025\/08\/35-anos-desde-o-acontecimento-da-Chacina-de-Acari-maes-e-familiares-se-reunem-em-homenagem-as-onze-vitimas-de-desaparecimento-forcado-por-parte-de-agentes-de-Estado.-Foto-Barbara-Dias-scaled.jpg","keywords":["Acari","assassinato","Baixada Fluminense","chacina","Costa Barros","desaparecimento","Direitos Humanos","Ditadura Militar","M\u00e3es de Acari","Monica Cunha","Movimento Moleque","Rede Contra Viol\u00eancia","viol\u00eancia de Estado","viol\u00eancia policial","Zona Norte"],"articleSection":["*Destaque","Cobertura de Eventos","Democracia","Den\u00fancias","Escrito por Comunicadores Populares","Seguran\u00e7a P\u00fablica"],"inLanguage":"pt-BR"},{"@type":"WebPage","@id":"https:\/\/rioonwatch.org.br\/?p=78876","url":"https:\/\/rioonwatch.org.br\/?p=78876","name":"'N\u00e3o Foram 35 Dias, Foram 35 Anos': M\u00e3es da Chacina de Acari Resistem Por Justi\u00e7a Pelas V\u00edtimas de Desaparecimento For\u00e7ado - RioOnWatch","isPartOf":{"@id":"https:\/\/rioonwatch.org.br\/#website"},"primaryImageOfPage":{"@id":"https:\/\/rioonwatch.org.br\/?p=78876#primaryimage"},"image":{"@id":"https:\/\/rioonwatch.org.br\/?p=78876#primaryimage"},"thumbnailUrl":"https:\/\/rioonwatch.org.br\/wp-content\/uploads\/2025\/08\/35-anos-desde-o-acontecimento-da-Chacina-de-Acari-maes-e-familiares-se-reunem-em-homenagem-as-onze-vitimas-de-desaparecimento-forcado-por-parte-de-agentes-de-Estado.-Foto-Barbara-Dias-scaled.jpg","datePublished":"2025-07-30T17:37:00+00:00","dateModified":"2025-11-14T14:56:05+00:00","breadcrumb":{"@id":"https:\/\/rioonwatch.org.br\/?p=78876#breadcrumb"},"inLanguage":"pt-BR","potentialAction":[{"@type":"ReadAction","target":["https:\/\/rioonwatch.org.br\/?p=78876"]}]},{"@type":"ImageObject","inLanguage":"pt-BR","@id":"https:\/\/rioonwatch.org.br\/?p=78876#primaryimage","url":"https:\/\/rioonwatch.org.br\/wp-content\/uploads\/2025\/08\/35-anos-desde-o-acontecimento-da-Chacina-de-Acari-maes-e-familiares-se-reunem-em-homenagem-as-onze-vitimas-de-desaparecimento-forcado-por-parte-de-agentes-de-Estado.-Foto-Barbara-Dias-scaled.jpg","contentUrl":"https:\/\/rioonwatch.org.br\/wp-content\/uploads\/2025\/08\/35-anos-desde-o-acontecimento-da-Chacina-de-Acari-maes-e-familiares-se-reunem-em-homenagem-as-onze-vitimas-de-desaparecimento-forcado-por-parte-de-agentes-de-Estado.-Foto-Barbara-Dias-scaled.jpg","width":2560,"height":1709,"caption":"35 anos desde o acontecimento da Chacina de Acari. M\u00e3es e familiares se re\u00fanem em homenagem \u00e0s onze v\u00edtimas de desaparecimento for\u00e7ado por parte de agentes de Estado. Foto: B\u00e1rbara Dias"},{"@type":"BreadcrumbList","@id":"https:\/\/rioonwatch.org.br\/?p=78876#breadcrumb","itemListElement":[{"@type":"ListItem","position":1,"name":"In\u00edcio","item":"https:\/\/rioonwatch.org.br\/"},{"@type":"ListItem","position":2,"name":"&#8216;N\u00e3o Foram 35 Dias, Foram 35 Anos&#8217;: M\u00e3es da Chacina de Acari Resistem Por Justi\u00e7a Pelas V\u00edtimas de Desaparecimento For\u00e7ado"}]},{"@type":"WebSite","@id":"https:\/\/rioonwatch.org.br\/#website","url":"https:\/\/rioonwatch.org.br\/","name":"RioOnWatch","description":"relatos das favelas cariocas","publisher":{"@id":"https:\/\/rioonwatch.org.br\/#organization"},"potentialAction":[{"@type":"SearchAction","target":{"@type":"EntryPoint","urlTemplate":"https:\/\/rioonwatch.org.br\/?s={search_term_string}"},"query-input":{"@type":"PropertyValueSpecification","valueRequired":true,"valueName":"search_term_string"}}],"inLanguage":"pt-BR"},{"@type":"Organization","@id":"https:\/\/rioonwatch.org.br\/#organization","name":"RioOnWatch","url":"https:\/\/rioonwatch.org.br\/","logo":{"@type":"ImageObject","inLanguage":"pt-BR","@id":"https:\/\/rioonwatch.org.br\/#\/schema\/logo\/image\/","url":"https:\/\/rioonwatch.org.br\/wp-content\/uploads\/2021\/06\/RioOnWatchcabecalhoPT11anos-2.png","contentUrl":"https:\/\/rioonwatch.org.br\/wp-content\/uploads\/2021\/06\/RioOnWatchcabecalhoPT11anos-2.png","width":779,"height":277,"caption":"RioOnWatch"},"image":{"@id":"https:\/\/rioonwatch.org.br\/#\/schema\/logo\/image\/"}},{"@type":"Person","@id":"https:\/\/rioonwatch.org.br\/#\/schema\/person\/1150bfc199e76e22909b454a0c139c4b","name":"Beatriz Miranda","image":{"@type":"ImageObject","inLanguage":"pt-BR","@id":"https:\/\/rioonwatch.org.br\/#\/schema\/person\/image\/","url":"https:\/\/secure.gravatar.com\/avatar\/41a514d4cb8be1f42ceaebd1038a447b?s=96&d=blank&r=g","contentUrl":"https:\/\/secure.gravatar.com\/avatar\/41a514d4cb8be1f42ceaebd1038a447b?s=96&d=blank&r=g","caption":"Beatriz Miranda"},"url":"https:\/\/rioonwatch.org.br\/?author=192"}]}},"_links":{"self":[{"href":"https:\/\/rioonwatch.org.br\/index.php?rest_route=\/wp\/v2\/posts\/78876"}],"collection":[{"href":"https:\/\/rioonwatch.org.br\/index.php?rest_route=\/wp\/v2\/posts"}],"about":[{"href":"https:\/\/rioonwatch.org.br\/index.php?rest_route=\/wp\/v2\/types\/post"}],"author":[{"embeddable":true,"href":"https:\/\/rioonwatch.org.br\/index.php?rest_route=\/wp\/v2\/users\/192"}],"replies":[{"embeddable":true,"href":"https:\/\/rioonwatch.org.br\/index.php?rest_route=%2Fwp%2Fv2%2Fcomments&post=78876"}],"version-history":[{"count":35,"href":"https:\/\/rioonwatch.org.br\/index.php?rest_route=\/wp\/v2\/posts\/78876\/revisions"}],"predecessor-version":[{"id":78967,"href":"https:\/\/rioonwatch.org.br\/index.php?rest_route=\/wp\/v2\/posts\/78876\/revisions\/78967"}],"wp:featuredmedia":[{"embeddable":true,"href":"https:\/\/rioonwatch.org.br\/index.php?rest_route=\/wp\/v2\/media\/78888"}],"wp:attachment":[{"href":"https:\/\/rioonwatch.org.br\/index.php?rest_route=%2Fwp%2Fv2%2Fmedia&parent=78876"}],"wp:term":[{"taxonomy":"category","embeddable":true,"href":"https:\/\/rioonwatch.org.br\/index.php?rest_route=%2Fwp%2Fv2%2Fcategories&post=78876"},{"taxonomy":"post_tag","embeddable":true,"href":"https:\/\/rioonwatch.org.br\/index.php?rest_route=%2Fwp%2Fv2%2Ftags&post=78876"},{"taxonomy":"writer","embeddable":true,"href":"https:\/\/rioonwatch.org.br\/index.php?rest_route=%2Fwp%2Fv2%2Fwriter&post=78876"},{"taxonomy":"translator","embeddable":true,"href":"https:\/\/rioonwatch.org.br\/index.php?rest_route=%2Fwp%2Fv2%2Ftranslator&post=78876"},{"taxonomy":"source","embeddable":true,"href":"https:\/\/rioonwatch.org.br\/index.php?rest_route=%2Fwp%2Fv2%2Fsource&post=78876"},{"taxonomy":"ilustrador","embeddable":true,"href":"https:\/\/rioonwatch.org.br\/index.php?rest_route=%2Fwp%2Fv2%2Filustrador&post=78876"},{"taxonomy":"fotografo","embeddable":true,"href":"https:\/\/rioonwatch.org.br\/index.php?rest_route=%2Fwp%2Fv2%2Ffotografo&post=78876"}],"curies":[{"name":"wp","href":"https:\/\/api.w.org\/{rel}","templated":true}]}}