{"id":7895,"date":"2013-10-16T08:00:14","date_gmt":"2013-10-16T11:00:14","guid":{"rendered":"http:\/\/rioonwatch.org.br\/?p=7895"},"modified":"2015-08-14T18:24:44","modified_gmt":"2015-08-14T21:24:44","slug":"dia-de-criancas-tambem-e-dia-de-luta","status":"publish","type":"post","link":"https:\/\/rioonwatch.org.br\/?p=7895","title":{"rendered":"Dia de Crian\u00e7as Tamb\u00e9m \u00e9 Dia de Luta"},"content":{"rendered":"<p><em>Essa mat\u00e9ria \u00e9 uma contribui\u00e7\u00e3o ao <a href=\"http:\/\/bit.ly\/1gHqUF7\" target=\"_blank\">Blog Action Day 2013<\/a>, uma reflex\u00e3o de blogueiros de todo o mundo sobre o tema desse ano, Direitos Humanos.<\/em><\/p>\n<p>Nesse s\u00e1bado, dia 12, aconteceu o primeiro #OcupaSARAU, em conjunto com a festa do Dia das Crian\u00e7as do Morro dos Mineiros, realizado pelo coletivo <a href=\"http:\/\/bit.ly\/16ogZS6\" target=\"_blank\">OcupaALEM\u00c3O<\/a>. A ideia do Sarau foi comemorar o Dia das Crian\u00e7as relembrando a <a href=\"http:\/\/bit.ly\/17140Y1\" target=\"_blank\">Declara\u00e7\u00e3o Universal dos Direitos da Crian\u00e7a<\/a> promulgada em novembro de 1959 por representantes de centenas de pa\u00edses, destacando a parte que diz: &#8220;Todas as crian\u00e7as t\u00eam direito \u00e0 educa\u00e7\u00e3o e ao lazer&#8221;.<\/p>\n<p>Segundo o <a href=\"http:\/\/uni.cf\/17r7HAk\" target=\"_blank\">Fundo das Na\u00e7\u00f5es Unidas para a Inf\u00e2ncia (Unicef)<\/a>, no Brasil tem cerca de 60 milh\u00f5es de crian\u00e7as e adolescentes, e quase metade deles vivem na pobreza. Fam\u00edlias pobres tem menos acesso \u00e0 educa\u00e7\u00e3o, n\u00e3o tem dinheiro para alimentar bem os filhos e vivem em casas sem \u00e1gua pot\u00e1vel e rede de esgoto. As crian\u00e7as dessas fam\u00edlias tem mais chances de ficar doentes, ir mal na escola, ser abandonadas ou n\u00e3o receber a prote\u00e7\u00e3o que devem receber. E como vivem as crian\u00e7as das favelas cariocas?<\/p>\n<p><a href=\"http:\/\/rioonwatch.org.br\/?attachment_id=7897\" rel=\"attachment wp-att-7897\"><img fetchpriority=\"high\" decoding=\"async\" class=\"alignright size-full wp-image-7897\" title=\"Oficinas de desenho. Foto por Jo\u00e3o Lima\" src=\"http:\/\/rioonwatch.org.br\/wp-content\/uploads\/2013\/10\/sarau-alemao4.jpg\" alt=\"\" width=\"336\" height=\"223\" srcset=\"https:\/\/rioonwatch.org.br\/wp-content\/uploads\/2013\/10\/sarau-alemao4.jpg 800w, https:\/\/rioonwatch.org.br\/wp-content\/uploads\/2013\/10\/sarau-alemao4-398x264.jpg 398w, https:\/\/rioonwatch.org.br\/wp-content\/uploads\/2013\/10\/sarau-alemao4-620x412.jpg 620w\" sizes=\"(max-width: 336px) 100vw, 336px\" \/><\/a>O Sarau foi realizado na favela Morro dos Mineiros, parte integrante do <a href=\"http:\/\/bit.ly\/U0MiGm\" target=\"_blank\">Complexo de favelas do Alem\u00e3o<\/a>, local onde o <a href=\"http:\/\/bit.ly\/NnSmIP\" target=\"_blank\">Programa de Acelera\u00e7\u00e3o do Crescimento (PAC)<\/a> passou longe&#8211;considerada uma das regi\u00f5es mais rurais do Complexo do Alem\u00e3o. A maioria dos moradores da localidade chegaram de Minas Gerais, provavelmente na d\u00e9cada de 60 incentivada pelas ind\u00fastrias na regi\u00e3o, e se alojaram na regi\u00e3o que hoje \u00e9 chamada de Mineiros localizada na Zona Norte do Rio de Janeiro.<\/p>\n<p>No encontro rolou de tudo: varal fotogr\u00e1fico do coletivo Favela Arte e Foto retratando o cotidiano de v\u00e1rias favelas cariocas, a estreia do CineMURO com a exibi\u00e7\u00e3o do curta Tempo de Crian\u00e7a do cineasta Wagner Novais, oficinas de desenho, pintura corporal e muitas brincadeiras&#8211;refor\u00e7ando que toda crian\u00e7a tem o direito \u00e0 inf\u00e2ncia e direito \u00e0 express\u00e3o, do que se \u00e9 e de onde se vive.<\/p>\n<p><a href=\"http:\/\/rioonwatch.org.br\/?attachment_id=7898\" rel=\"attachment wp-att-7898\"><img decoding=\"async\" class=\"alignright size-full wp-image-7898\" title=\"Exibi\u00e7\u00e3o do curta Tempo de Crian\u00e7a do cineasta Wagner Novais. Foto por Jo\u00e3o Lima\" src=\"http:\/\/rioonwatch.org.br\/wp-content\/uploads\/2013\/10\/sarau-alemao3.jpg\" alt=\"\" width=\"336\" height=\"223\" srcset=\"https:\/\/rioonwatch.org.br\/wp-content\/uploads\/2013\/10\/sarau-alemao3.jpg 800w, https:\/\/rioonwatch.org.br\/wp-content\/uploads\/2013\/10\/sarau-alemao3-398x264.jpg 398w, https:\/\/rioonwatch.org.br\/wp-content\/uploads\/2013\/10\/sarau-alemao3-620x412.jpg 620w\" sizes=\"(max-width: 336px) 100vw, 336px\" \/><\/a>O evento tamb\u00e9m abra\u00e7ou a biblioteca Mini Mineirinhos, constru\u00edda no come\u00e7o do ano de forma colaborativa numa parceria do coletivo OcupaALEM\u00c3O e os moradores. A biblioteca funciona no topo do morro num pequeno espa\u00e7o cedido pelos moradores, do tamanho de uma sala pequena, com livros doados e estantes de caixotes. Atualmente, em restrutura\u00e7\u00e3o a biblioteca j\u00e1 recebeu crian\u00e7as no per\u00edodo da tarde para leitura e conta\u00e7\u00e3o de historias.<\/p>\n<p>S\u00e3o iniciativas deste tipo que levantam questionamentos sobre como o direito das crian\u00e7as s\u00e3o aplicados nas camadas populares. O Sarau n\u00e3o \u00e9 a \u00fanica solu\u00e7\u00e3o para\u00a0equilibrar as desigualdades destes direitos fundamentais, por\u00e9m ele \u00e9 capaz de nos apontar um caminho. E nesse caminho \u00e9 poss\u00edvel perceber o quanto \u00e9 fundamental a participa\u00e7\u00e3o dos moradores somada a diversos coletivos plurais, em suas vertentes, na luta por igualdade e democratiza\u00e7\u00e3o de direitos. S\u00f3 a constru\u00e7\u00e3o coletiva \u00e9 capaz de entender o territ\u00f3rio em toda sua complexidade e diversidade e amplificar sua pot\u00eancia.<\/p>\n<p><em>Thamyra Thamara de Ara\u00fajo \u00e9 jornalista, moradora do Complexo do Alem\u00e3o e integrante no coletivo <a href=\"http:\/\/on.fb.me\/1cp7bHE\" target=\"_blank\">OcupaALEM\u00c3O<\/a>.<\/em><\/p>\n<!-- AddThis Advanced Settings generic via filter on the_content --><!-- AddThis Share Buttons generic via filter on the_content -->","protected":false},"excerpt":{"rendered":"<div class=\"mh-excerpt\"><p>Essa mat\u00e9ria \u00e9 uma contribui\u00e7\u00e3o ao Blog Action Day 2013, uma reflex\u00e3o de blogueiros de todo o mundo sobre o tema desse ano, Direitos Humanos. Nesse s\u00e1bado, dia 12, aconteceu o primeiro #OcupaSARAU, em conjunto <a class=\"mh-excerpt-more\" href=\"https:\/\/rioonwatch.org.br\/?p=7895\" title=\"Dia de Crian\u00e7as Tamb\u00e9m \u00e9 Dia de Luta\">[&#8230;]<\/a><!-- AddThis Advanced Settings generic via filter on get_the_excerpt --><!-- AddThis Share Buttons generic via filter on get_the_excerpt --><\/p>\n<\/div>","protected":false},"author":132,"featured_media":7901,"comment_status":"closed","ping_status":"closed","sticky":false,"template":"","format":"standard","meta":{"_acf_changed":false,"_monsterinsights_skip_tracking":false,"_monsterinsights_sitenote_active":false,"_monsterinsights_sitenote_note":"","_monsterinsights_sitenote_category":0,"footnotes":""},"categories":[1618,344,342],"tags":[334,217,876,88,316,83,664,304,727,476],"writer":[875],"translator":[],"source":[],"ilustrador":[],"fotografo":[],"class_list":{"0":"post-7895","1":"post","2":"type-post","3":"status-publish","4":"format-standard","5":"has-post-thumbnail","7":"category-olhonaparticipacao","8":"category-politicas","9":"category-solucoes","10":"tag-arte","11":"tag-complexo-do-alemao","12":"tag-direitos-da-crianca","13":"tag-direitos-humanos","14":"tag-educacao","15":"tag-fotografia","16":"tag-ocupa-alemao","17":"tag-participacao","18":"tag-pobreza","19":"tag-solucao-comunitaria","20":"writer-thamyra-thamara-de-araujo"},"acf":[],"yoast_head":"<!-- This site is optimized with the Yoast SEO plugin v25.6 - https:\/\/yoast.com\/wordpress\/plugins\/seo\/ -->\n<title>Dia de Crian\u00e7as Tamb\u00e9m \u00e9 Dia de Luta - RioOnWatch<\/title>\n<meta name=\"robots\" content=\"index, follow, max-snippet:-1, max-image-preview:large, max-video-preview:-1\" \/>\n<link rel=\"canonical\" href=\"https:\/\/rioonwatch.org.br\/?p=7895\" \/>\n<meta property=\"og:locale\" content=\"pt_BR\" \/>\n<meta property=\"og:type\" content=\"article\" \/>\n<meta property=\"og:title\" content=\"Dia de Crian\u00e7as Tamb\u00e9m \u00e9 Dia de Luta - RioOnWatch\" \/>\n<meta property=\"og:description\" content=\"Essa mat\u00e9ria \u00e9 uma contribui\u00e7\u00e3o ao Blog Action Day 2013, uma reflex\u00e3o de blogueiros de todo o mundo sobre o tema desse ano, Direitos Humanos. Nesse s\u00e1bado, dia 12, aconteceu o primeiro #OcupaSARAU, em conjunto [...]\" \/>\n<meta property=\"og:url\" content=\"https:\/\/rioonwatch.org.br\/?p=7895\" \/>\n<meta property=\"og:site_name\" content=\"RioOnWatch\" \/>\n<meta property=\"article:published_time\" content=\"2013-10-16T11:00:14+00:00\" \/>\n<meta property=\"article:modified_time\" content=\"2015-08-14T21:24:44+00:00\" \/>\n<meta property=\"og:image\" content=\"https:\/\/rioonwatch.org.br\/wp-content\/uploads\/2013\/10\/sarau-alemao-capa.jpg\" \/>\n\t<meta property=\"og:image:width\" content=\"300\" \/>\n\t<meta property=\"og:image:height\" content=\"211\" \/>\n\t<meta property=\"og:image:type\" content=\"image\/jpeg\" \/>\n<meta name=\"author\" content=\"Felicity\" \/>\n<meta name=\"twitter:card\" content=\"summary_large_image\" \/>\n<meta name=\"twitter:label1\" content=\"Escrito por\" \/>\n\t<meta name=\"twitter:data1\" content=\"Felicity\" \/>\n\t<meta name=\"twitter:label2\" content=\"Est. tempo de leitura\" \/>\n\t<meta name=\"twitter:data2\" content=\"3 minutos\" \/>\n<script type=\"application\/ld+json\" class=\"yoast-schema-graph\">{\"@context\":\"https:\/\/schema.org\",\"@graph\":[{\"@type\":\"Article\",\"@id\":\"https:\/\/rioonwatch.org.br\/?p=7895#article\",\"isPartOf\":{\"@id\":\"https:\/\/rioonwatch.org.br\/?p=7895\"},\"author\":{\"name\":\"Felicity\",\"@id\":\"https:\/\/rioonwatch.org.br\/#\/schema\/person\/4d05cf5053c358ab740b3edd75a173f2\"},\"headline\":\"Dia de Crian\u00e7as Tamb\u00e9m \u00e9 Dia de Luta\",\"datePublished\":\"2013-10-16T11:00:14+00:00\",\"dateModified\":\"2015-08-14T21:24:44+00:00\",\"mainEntityOfPage\":{\"@id\":\"https:\/\/rioonwatch.org.br\/?p=7895\"},\"wordCount\":554,\"publisher\":{\"@id\":\"https:\/\/rioonwatch.org.br\/#organization\"},\"image\":{\"@id\":\"https:\/\/rioonwatch.org.br\/?p=7895#primaryimage\"},\"thumbnailUrl\":\"https:\/\/rioonwatch.org.br\/wp-content\/uploads\/2013\/10\/sarau-alemao-capa.jpg\",\"keywords\":[\"arte\",\"Complexo do Alem\u00e3o\",\"direitos da crian\u00e7a\",\"Direitos Humanos\",\"educa\u00e7\u00e3o\",\"fotografia\",\"Ocupa Alem\u00e3o\",\"participa\u00e7\u00e3o\",\"pobreza\",\"solu\u00e7\u00e3o comunit\u00e1ria\"],\"articleSection\":[\"#OlhoNaParticipa\u00e7\u00e3o\",\"Pol\u00edticas\",\"Solu\u00e7\u00f5es\"],\"inLanguage\":\"pt-BR\"},{\"@type\":\"WebPage\",\"@id\":\"https:\/\/rioonwatch.org.br\/?p=7895\",\"url\":\"https:\/\/rioonwatch.org.br\/?p=7895\",\"name\":\"Dia de Crian\u00e7as Tamb\u00e9m \u00e9 Dia de Luta - RioOnWatch\",\"isPartOf\":{\"@id\":\"https:\/\/rioonwatch.org.br\/#website\"},\"primaryImageOfPage\":{\"@id\":\"https:\/\/rioonwatch.org.br\/?p=7895#primaryimage\"},\"image\":{\"@id\":\"https:\/\/rioonwatch.org.br\/?p=7895#primaryimage\"},\"thumbnailUrl\":\"https:\/\/rioonwatch.org.br\/wp-content\/uploads\/2013\/10\/sarau-alemao-capa.jpg\",\"datePublished\":\"2013-10-16T11:00:14+00:00\",\"dateModified\":\"2015-08-14T21:24:44+00:00\",\"breadcrumb\":{\"@id\":\"https:\/\/rioonwatch.org.br\/?p=7895#breadcrumb\"},\"inLanguage\":\"pt-BR\",\"potentialAction\":[{\"@type\":\"ReadAction\",\"target\":[\"https:\/\/rioonwatch.org.br\/?p=7895\"]}]},{\"@type\":\"ImageObject\",\"inLanguage\":\"pt-BR\",\"@id\":\"https:\/\/rioonwatch.org.br\/?p=7895#primaryimage\",\"url\":\"https:\/\/rioonwatch.org.br\/wp-content\/uploads\/2013\/10\/sarau-alemao-capa.jpg\",\"contentUrl\":\"https:\/\/rioonwatch.org.br\/wp-content\/uploads\/2013\/10\/sarau-alemao-capa.jpg\",\"width\":300,\"height\":211},{\"@type\":\"BreadcrumbList\",\"@id\":\"https:\/\/rioonwatch.org.br\/?p=7895#breadcrumb\",\"itemListElement\":[{\"@type\":\"ListItem\",\"position\":1,\"name\":\"In\u00edcio\",\"item\":\"https:\/\/rioonwatch.org.br\/\"},{\"@type\":\"ListItem\",\"position\":2,\"name\":\"Dia de Crian\u00e7as Tamb\u00e9m \u00e9 Dia de Luta\"}]},{\"@type\":\"WebSite\",\"@id\":\"https:\/\/rioonwatch.org.br\/#website\",\"url\":\"https:\/\/rioonwatch.org.br\/\",\"name\":\"RioOnWatch\",\"description\":\"relatos das favelas cariocas\",\"publisher\":{\"@id\":\"https:\/\/rioonwatch.org.br\/#organization\"},\"potentialAction\":[{\"@type\":\"SearchAction\",\"target\":{\"@type\":\"EntryPoint\",\"urlTemplate\":\"https:\/\/rioonwatch.org.br\/?s={search_term_string}\"},\"query-input\":{\"@type\":\"PropertyValueSpecification\",\"valueRequired\":true,\"valueName\":\"search_term_string\"}}],\"inLanguage\":\"pt-BR\"},{\"@type\":\"Organization\",\"@id\":\"https:\/\/rioonwatch.org.br\/#organization\",\"name\":\"RioOnWatch\",\"url\":\"https:\/\/rioonwatch.org.br\/\",\"logo\":{\"@type\":\"ImageObject\",\"inLanguage\":\"pt-BR\",\"@id\":\"https:\/\/rioonwatch.org.br\/#\/schema\/logo\/image\/\",\"url\":\"https:\/\/rioonwatch.org.br\/wp-content\/uploads\/2021\/06\/RioOnWatchcabecalhoPT11anos-2.png\",\"contentUrl\":\"https:\/\/rioonwatch.org.br\/wp-content\/uploads\/2021\/06\/RioOnWatchcabecalhoPT11anos-2.png\",\"width\":779,\"height\":277,\"caption\":\"RioOnWatch\"},\"image\":{\"@id\":\"https:\/\/rioonwatch.org.br\/#\/schema\/logo\/image\/\"}},{\"@type\":\"Person\",\"@id\":\"https:\/\/rioonwatch.org.br\/#\/schema\/person\/4d05cf5053c358ab740b3edd75a173f2\",\"name\":\"Felicity\",\"image\":{\"@type\":\"ImageObject\",\"inLanguage\":\"pt-BR\",\"@id\":\"https:\/\/rioonwatch.org.br\/#\/schema\/person\/image\/\",\"url\":\"https:\/\/secure.gravatar.com\/avatar\/bfc904486dc0bba6015410a00fe3fc27?s=96&d=blank&r=g\",\"contentUrl\":\"https:\/\/secure.gravatar.com\/avatar\/bfc904486dc0bba6015410a00fe3fc27?s=96&d=blank&r=g\",\"caption\":\"Felicity\"},\"url\":\"https:\/\/rioonwatch.org.br\/?author=132\"}]}<\/script>\n<!-- \/ Yoast SEO plugin. -->","yoast_head_json":{"title":"Dia de Crian\u00e7as Tamb\u00e9m \u00e9 Dia de Luta - RioOnWatch","robots":{"index":"index","follow":"follow","max-snippet":"max-snippet:-1","max-image-preview":"max-image-preview:large","max-video-preview":"max-video-preview:-1"},"canonical":"https:\/\/rioonwatch.org.br\/?p=7895","og_locale":"pt_BR","og_type":"article","og_title":"Dia de Crian\u00e7as Tamb\u00e9m \u00e9 Dia de Luta - RioOnWatch","og_description":"Essa mat\u00e9ria \u00e9 uma contribui\u00e7\u00e3o ao Blog Action Day 2013, uma reflex\u00e3o de blogueiros de todo o mundo sobre o tema desse ano, Direitos Humanos. Nesse s\u00e1bado, dia 12, aconteceu o primeiro #OcupaSARAU, em conjunto [...]","og_url":"https:\/\/rioonwatch.org.br\/?p=7895","og_site_name":"RioOnWatch","article_published_time":"2013-10-16T11:00:14+00:00","article_modified_time":"2015-08-14T21:24:44+00:00","og_image":[{"width":300,"height":211,"url":"https:\/\/rioonwatch.org.br\/wp-content\/uploads\/2013\/10\/sarau-alemao-capa.jpg","type":"image\/jpeg"}],"author":"Felicity","twitter_card":"summary_large_image","twitter_misc":{"Escrito por":"Felicity","Est. tempo de leitura":"3 minutos"},"schema":{"@context":"https:\/\/schema.org","@graph":[{"@type":"Article","@id":"https:\/\/rioonwatch.org.br\/?p=7895#article","isPartOf":{"@id":"https:\/\/rioonwatch.org.br\/?p=7895"},"author":{"name":"Felicity","@id":"https:\/\/rioonwatch.org.br\/#\/schema\/person\/4d05cf5053c358ab740b3edd75a173f2"},"headline":"Dia de Crian\u00e7as Tamb\u00e9m \u00e9 Dia de Luta","datePublished":"2013-10-16T11:00:14+00:00","dateModified":"2015-08-14T21:24:44+00:00","mainEntityOfPage":{"@id":"https:\/\/rioonwatch.org.br\/?p=7895"},"wordCount":554,"publisher":{"@id":"https:\/\/rioonwatch.org.br\/#organization"},"image":{"@id":"https:\/\/rioonwatch.org.br\/?p=7895#primaryimage"},"thumbnailUrl":"https:\/\/rioonwatch.org.br\/wp-content\/uploads\/2013\/10\/sarau-alemao-capa.jpg","keywords":["arte","Complexo do Alem\u00e3o","direitos da crian\u00e7a","Direitos Humanos","educa\u00e7\u00e3o","fotografia","Ocupa Alem\u00e3o","participa\u00e7\u00e3o","pobreza","solu\u00e7\u00e3o comunit\u00e1ria"],"articleSection":["#OlhoNaParticipa\u00e7\u00e3o","Pol\u00edticas","Solu\u00e7\u00f5es"],"inLanguage":"pt-BR"},{"@type":"WebPage","@id":"https:\/\/rioonwatch.org.br\/?p=7895","url":"https:\/\/rioonwatch.org.br\/?p=7895","name":"Dia de Crian\u00e7as Tamb\u00e9m \u00e9 Dia de Luta - RioOnWatch","isPartOf":{"@id":"https:\/\/rioonwatch.org.br\/#website"},"primaryImageOfPage":{"@id":"https:\/\/rioonwatch.org.br\/?p=7895#primaryimage"},"image":{"@id":"https:\/\/rioonwatch.org.br\/?p=7895#primaryimage"},"thumbnailUrl":"https:\/\/rioonwatch.org.br\/wp-content\/uploads\/2013\/10\/sarau-alemao-capa.jpg","datePublished":"2013-10-16T11:00:14+00:00","dateModified":"2015-08-14T21:24:44+00:00","breadcrumb":{"@id":"https:\/\/rioonwatch.org.br\/?p=7895#breadcrumb"},"inLanguage":"pt-BR","potentialAction":[{"@type":"ReadAction","target":["https:\/\/rioonwatch.org.br\/?p=7895"]}]},{"@type":"ImageObject","inLanguage":"pt-BR","@id":"https:\/\/rioonwatch.org.br\/?p=7895#primaryimage","url":"https:\/\/rioonwatch.org.br\/wp-content\/uploads\/2013\/10\/sarau-alemao-capa.jpg","contentUrl":"https:\/\/rioonwatch.org.br\/wp-content\/uploads\/2013\/10\/sarau-alemao-capa.jpg","width":300,"height":211},{"@type":"BreadcrumbList","@id":"https:\/\/rioonwatch.org.br\/?p=7895#breadcrumb","itemListElement":[{"@type":"ListItem","position":1,"name":"In\u00edcio","item":"https:\/\/rioonwatch.org.br\/"},{"@type":"ListItem","position":2,"name":"Dia de Crian\u00e7as Tamb\u00e9m \u00e9 Dia de Luta"}]},{"@type":"WebSite","@id":"https:\/\/rioonwatch.org.br\/#website","url":"https:\/\/rioonwatch.org.br\/","name":"RioOnWatch","description":"relatos das favelas cariocas","publisher":{"@id":"https:\/\/rioonwatch.org.br\/#organization"},"potentialAction":[{"@type":"SearchAction","target":{"@type":"EntryPoint","urlTemplate":"https:\/\/rioonwatch.org.br\/?s={search_term_string}"},"query-input":{"@type":"PropertyValueSpecification","valueRequired":true,"valueName":"search_term_string"}}],"inLanguage":"pt-BR"},{"@type":"Organization","@id":"https:\/\/rioonwatch.org.br\/#organization","name":"RioOnWatch","url":"https:\/\/rioonwatch.org.br\/","logo":{"@type":"ImageObject","inLanguage":"pt-BR","@id":"https:\/\/rioonwatch.org.br\/#\/schema\/logo\/image\/","url":"https:\/\/rioonwatch.org.br\/wp-content\/uploads\/2021\/06\/RioOnWatchcabecalhoPT11anos-2.png","contentUrl":"https:\/\/rioonwatch.org.br\/wp-content\/uploads\/2021\/06\/RioOnWatchcabecalhoPT11anos-2.png","width":779,"height":277,"caption":"RioOnWatch"},"image":{"@id":"https:\/\/rioonwatch.org.br\/#\/schema\/logo\/image\/"}},{"@type":"Person","@id":"https:\/\/rioonwatch.org.br\/#\/schema\/person\/4d05cf5053c358ab740b3edd75a173f2","name":"Felicity","image":{"@type":"ImageObject","inLanguage":"pt-BR","@id":"https:\/\/rioonwatch.org.br\/#\/schema\/person\/image\/","url":"https:\/\/secure.gravatar.com\/avatar\/bfc904486dc0bba6015410a00fe3fc27?s=96&d=blank&r=g","contentUrl":"https:\/\/secure.gravatar.com\/avatar\/bfc904486dc0bba6015410a00fe3fc27?s=96&d=blank&r=g","caption":"Felicity"},"url":"https:\/\/rioonwatch.org.br\/?author=132"}]}},"_links":{"self":[{"href":"https:\/\/rioonwatch.org.br\/index.php?rest_route=\/wp\/v2\/posts\/7895"}],"collection":[{"href":"https:\/\/rioonwatch.org.br\/index.php?rest_route=\/wp\/v2\/posts"}],"about":[{"href":"https:\/\/rioonwatch.org.br\/index.php?rest_route=\/wp\/v2\/types\/post"}],"author":[{"embeddable":true,"href":"https:\/\/rioonwatch.org.br\/index.php?rest_route=\/wp\/v2\/users\/132"}],"replies":[{"embeddable":true,"href":"https:\/\/rioonwatch.org.br\/index.php?rest_route=%2Fwp%2Fv2%2Fcomments&post=7895"}],"version-history":[{"count":21,"href":"https:\/\/rioonwatch.org.br\/index.php?rest_route=\/wp\/v2\/posts\/7895\/revisions"}],"predecessor-version":[{"id":15583,"href":"https:\/\/rioonwatch.org.br\/index.php?rest_route=\/wp\/v2\/posts\/7895\/revisions\/15583"}],"wp:featuredmedia":[{"embeddable":true,"href":"https:\/\/rioonwatch.org.br\/index.php?rest_route=\/wp\/v2\/media\/7901"}],"wp:attachment":[{"href":"https:\/\/rioonwatch.org.br\/index.php?rest_route=%2Fwp%2Fv2%2Fmedia&parent=7895"}],"wp:term":[{"taxonomy":"category","embeddable":true,"href":"https:\/\/rioonwatch.org.br\/index.php?rest_route=%2Fwp%2Fv2%2Fcategories&post=7895"},{"taxonomy":"post_tag","embeddable":true,"href":"https:\/\/rioonwatch.org.br\/index.php?rest_route=%2Fwp%2Fv2%2Ftags&post=7895"},{"taxonomy":"writer","embeddable":true,"href":"https:\/\/rioonwatch.org.br\/index.php?rest_route=%2Fwp%2Fv2%2Fwriter&post=7895"},{"taxonomy":"translator","embeddable":true,"href":"https:\/\/rioonwatch.org.br\/index.php?rest_route=%2Fwp%2Fv2%2Ftranslator&post=7895"},{"taxonomy":"source","embeddable":true,"href":"https:\/\/rioonwatch.org.br\/index.php?rest_route=%2Fwp%2Fv2%2Fsource&post=7895"},{"taxonomy":"ilustrador","embeddable":true,"href":"https:\/\/rioonwatch.org.br\/index.php?rest_route=%2Fwp%2Fv2%2Filustrador&post=7895"},{"taxonomy":"fotografo","embeddable":true,"href":"https:\/\/rioonwatch.org.br\/index.php?rest_route=%2Fwp%2Fv2%2Ffotografo&post=7895"}],"curies":[{"name":"wp","href":"https:\/\/api.w.org\/{rel}","templated":true}]}}