{"id":79131,"date":"2025-09-11T14:00:04","date_gmt":"2025-09-11T17:00:04","guid":{"rendered":"https:\/\/rioonwatch.org.br\/?p=79131"},"modified":"2025-11-28T09:51:57","modified_gmt":"2025-11-28T12:51:57","slug":"favela-no-alto-da-boa-vista-combate-infestacao-de-borrachudos-sem-suporte-do-poder-publico-se-outras-associacoes-fizessem-um-mutirao-conjunto-a-gente-conseguiria-limpar-todo-o-rio","status":"publish","type":"post","link":"https:\/\/rioonwatch.org.br\/?p=79131","title":{"rendered":"Favela no Alto da Boa Vista Combate Infesta\u00e7\u00e3o de Borrachudos sem Suporte do Poder P\u00fablico: &#8216;Se Outras Associa\u00e7\u00f5es Fizessem um Mutir\u00e3o Conjunto\u2026 a Gente Conseguiria Limpar Todo o Rio\u2019"},"content":{"rendered":"<figure id=\"attachment_79196\" aria-describedby=\"caption-attachment-79196\" style=\"width: 1920px\" class=\"wp-caption aligncenter\"><a href=\"https:\/\/rioonwatch.org.br\/wp-content\/uploads\/2025\/09\/Sem-materiais-adequados-e-sem-apoio-do-poder-publico-a-ONG-Do-Mato-a-Macho-no-Alto-da-Boa-Vista-mobiliza-moradores-para-realizar-a-limpeza-dos-rios.-Foto-Arquivo-Rede-de-Suporte-e-Integracao-scaled.jpeg\"><img fetchpriority=\"high\" decoding=\"async\" class=\"wp-image-79196 size-full\" title=\"Sem materiais adequados e frente \u00e0 neglig\u00eancia do poder p\u00fablico, organiza\u00e7\u00e3o local mobiliza moradores para realizar a limpeza dos rios e combater a infesta\u00e7\u00e3o do inseto. Foto: Arquivo Rede de Suporte e Integra\u00e7\u00e3o\" src=\"https:\/\/rioonwatch.org.br\/wp-content\/uploads\/2025\/09\/Sem-materiais-adequados-e-sem-apoio-do-poder-publico-a-ONG-Do-Mato-a-Macho-no-Alto-da-Boa-Vista-mobiliza-moradores-para-realizar-a-limpeza-dos-rios.-Foto-Arquivo-Rede-de-Suporte-e-Integracao-scaled.jpeg\" alt=\"Sem materiais adequados e frente \u00e0 neglig\u00eancia do poder p\u00fablico, organiza\u00e7\u00e3o local mobiliza moradores para realizar a limpeza dos rios e combater a infesta\u00e7\u00e3o do inseto. Foto: Arquivo Rede de Suporte e Integra\u00e7\u00e3o\" width=\"1920\" height=\"2560\" srcset=\"https:\/\/rioonwatch.org.br\/wp-content\/uploads\/2025\/09\/Sem-materiais-adequados-e-sem-apoio-do-poder-publico-a-ONG-Do-Mato-a-Macho-no-Alto-da-Boa-Vista-mobiliza-moradores-para-realizar-a-limpeza-dos-rios.-Foto-Arquivo-Rede-de-Suporte-e-Integracao-scaled.jpeg 1920w, https:\/\/rioonwatch.org.br\/wp-content\/uploads\/2025\/09\/Sem-materiais-adequados-e-sem-apoio-do-poder-publico-a-ONG-Do-Mato-a-Macho-no-Alto-da-Boa-Vista-mobiliza-moradores-para-realizar-a-limpeza-dos-rios.-Foto-Arquivo-Rede-de-Suporte-e-Integracao-465x620.jpeg 465w, https:\/\/rioonwatch.org.br\/wp-content\/uploads\/2025\/09\/Sem-materiais-adequados-e-sem-apoio-do-poder-publico-a-ONG-Do-Mato-a-Macho-no-Alto-da-Boa-Vista-mobiliza-moradores-para-realizar-a-limpeza-dos-rios.-Foto-Arquivo-Rede-de-Suporte-e-Integracao-1125x1500.jpeg 1125w, https:\/\/rioonwatch.org.br\/wp-content\/uploads\/2025\/09\/Sem-materiais-adequados-e-sem-apoio-do-poder-publico-a-ONG-Do-Mato-a-Macho-no-Alto-da-Boa-Vista-mobiliza-moradores-para-realizar-a-limpeza-dos-rios.-Foto-Arquivo-Rede-de-Suporte-e-Integracao-768x1024.jpeg 768w, https:\/\/rioonwatch.org.br\/wp-content\/uploads\/2025\/09\/Sem-materiais-adequados-e-sem-apoio-do-poder-publico-a-ONG-Do-Mato-a-Macho-no-Alto-da-Boa-Vista-mobiliza-moradores-para-realizar-a-limpeza-dos-rios.-Foto-Arquivo-Rede-de-Suporte-e-Integracao-1152x1536.jpeg 1152w, https:\/\/rioonwatch.org.br\/wp-content\/uploads\/2025\/09\/Sem-materiais-adequados-e-sem-apoio-do-poder-publico-a-ONG-Do-Mato-a-Macho-no-Alto-da-Boa-Vista-mobiliza-moradores-para-realizar-a-limpeza-dos-rios.-Foto-Arquivo-Rede-de-Suporte-e-Integracao-1536x2048.jpeg 1536w\" sizes=\"(max-width: 1920px) 100vw, 1920px\" \/><\/a><figcaption id=\"caption-attachment-79196\" class=\"wp-caption-text\">Organiza\u00e7\u00e3o comunit\u00e1ria mobiliza moradores para realizar a limpeza dos rios e combater a infesta\u00e7\u00e3o do inseto, sem materiais adequados e frente \u00e0 neglig\u00eancia do poder p\u00fablico. Foto: Rede de Suporte e Integra\u00e7\u00e3o<\/figcaption><\/figure>\n<p style=\"text-align: right;\"><a href=\"https:\/\/bit.ly\/3W24LLN\" target=\"_blank\" rel=\"noopener\"><em><strong>Click Here for English<\/strong><\/em><img decoding=\"async\" class=\"alignright wp-image-15790\" src=\"https:\/\/rioonwatch.org.br\/wp-content\/uploads\/2012\/08\/EN-standard-e1439583104716.jpg\" alt=\"\" width=\"20\" height=\"20\" \/><\/a><\/p>\n<p><i data-stringify-type=\"italic\"><em><a href=\"https:\/\/rioonwatch.org.br\/wp-content\/uploads\/2019\/08\/SDSU.png\" target=\"_blank\" rel=\"noopener\"><img decoding=\"async\" class=\"alignright wp-image-42675\" src=\"https:\/\/rioonwatch.org.br\/wp-content\/uploads\/2019\/08\/SDSU-620x211.png\" sizes=\"(max-width: 200px) 100vw, 200px\" srcset=\"https:\/\/rioonwatch.org.br\/wp-content\/uploads\/2019\/08\/SDSU-620x211.png 620w, https:\/\/rioonwatch.org.br\/wp-content\/uploads\/2019\/08\/SDSU-768x261.png 768w, https:\/\/rioonwatch.org.br\/wp-content\/uploads\/2019\/08\/SDSU-1024x348.png 1024w, https:\/\/rioonwatch.org.br\/wp-content\/uploads\/2019\/08\/SDSU.png 1934w\" alt=\"\" width=\"200\" height=\"68\" \/><\/a><\/em>Este artigo faz parte d<\/i><em>e uma\u00a0<a href=\"https:\/\/bit.ly\/SerieSDSU\" target=\"_blank\" rel=\"noopener noreferrer\">s\u00e9rie<\/a>\u00a0gerada por uma parceria, com o\u00a0<a href=\"https:\/\/bit.ly\/SDSUDigitalBrazilProject\" target=\"_blank\" rel=\"noopener noreferrer\">Digital Brazil Project<\/a>\u00a0do\u00a0<a href=\"http:\/\/bit.ly\/2zcymI6\" target=\"_blank\" rel=\"noopener noreferrer\">Centro Behner Stiefel de Estudos Brasileiros<\/a>\u00a0da Universidade Estadual de San Diego na Calif\u00f3rnia, para produzir mat\u00e9rias sobre direitos humanos e justi\u00e7a socioambiental nas favelas cariocas.<\/em><\/p>\n<p><span style=\"font-weight: 400;\">Nuvens de borrachudos j\u00e1 fazem parte do cotidiano dos moradores da <\/span><a href=\"https:\/\/bit.ly\/40vjpim\"><span style=\"font-weight: 400;\">Mata Machado<\/span><\/a><span style=\"font-weight: 400;\">, no <\/span><a href=\"https:\/\/bit.ly\/35MsR3z\"><span style=\"font-weight: 400;\">Alto da Boa Vista<\/span><\/a><span style=\"font-weight: 400;\">, Rio de Janeiro. Para tentar conter a prolifera\u00e7\u00e3o do inseto, que tem negativamente afetado a qualidade de vida, os moradores organizam <\/span><a href=\"https:\/\/bit.ly\/2XqPbhH\"><span style=\"font-weight: 400;\">mutir\u00f5es<\/span><\/a><span style=\"font-weight: 400;\"> mensais de limpeza dos rios, por\u00e9m sentem falta de atua\u00e7\u00e3o na parte do poder p\u00fablico.<\/span><\/p>\n<figure id=\"attachment_79199\" aria-describedby=\"caption-attachment-79199\" style=\"width: 2560px\" class=\"wp-caption aligncenter\"><a href=\"https:\/\/rioonwatch.org.br\/wp-content\/uploads\/2025\/09\/Moradores-do-Alto-da-Boa-Vista-se-mobilizam-em-um-mutirao-de-limpeza-dos-rios-da-regiao.-Foto-Arquivo-Rede-de-Suporte-e-Integracao-scaled.jpeg\"><img loading=\"lazy\" decoding=\"async\" class=\"wp-image-79199 size-full\" title=\"Moradores da comunidade Mata Machado se mobilizam em um mutir\u00e3o de limpeza dos rios da regi\u00e3o. Foto: Arquivo Rede de Suporte e Integra\u00e7\u00e3o\" src=\"https:\/\/rioonwatch.org.br\/wp-content\/uploads\/2025\/09\/Moradores-do-Alto-da-Boa-Vista-se-mobilizam-em-um-mutirao-de-limpeza-dos-rios-da-regiao.-Foto-Arquivo-Rede-de-Suporte-e-Integracao-scaled.jpeg\" alt=\"Moradores do Alto da Boa Vista organizam um mutir\u00e3o mensal de limpeza dos rios da regi\u00e3o. Foto: Arquivo Rede de Suporte e Integra\u00e7\u00e3o\" width=\"2560\" height=\"1920\" srcset=\"https:\/\/rioonwatch.org.br\/wp-content\/uploads\/2025\/09\/Moradores-do-Alto-da-Boa-Vista-se-mobilizam-em-um-mutirao-de-limpeza-dos-rios-da-regiao.-Foto-Arquivo-Rede-de-Suporte-e-Integracao-scaled.jpeg 2560w, https:\/\/rioonwatch.org.br\/wp-content\/uploads\/2025\/09\/Moradores-do-Alto-da-Boa-Vista-se-mobilizam-em-um-mutirao-de-limpeza-dos-rios-da-regiao.-Foto-Arquivo-Rede-de-Suporte-e-Integracao-620x465.jpeg 620w, https:\/\/rioonwatch.org.br\/wp-content\/uploads\/2025\/09\/Moradores-do-Alto-da-Boa-Vista-se-mobilizam-em-um-mutirao-de-limpeza-dos-rios-da-regiao.-Foto-Arquivo-Rede-de-Suporte-e-Integracao-2000x1500.jpeg 2000w, https:\/\/rioonwatch.org.br\/wp-content\/uploads\/2025\/09\/Moradores-do-Alto-da-Boa-Vista-se-mobilizam-em-um-mutirao-de-limpeza-dos-rios-da-regiao.-Foto-Arquivo-Rede-de-Suporte-e-Integracao-768x576.jpeg 768w, https:\/\/rioonwatch.org.br\/wp-content\/uploads\/2025\/09\/Moradores-do-Alto-da-Boa-Vista-se-mobilizam-em-um-mutirao-de-limpeza-dos-rios-da-regiao.-Foto-Arquivo-Rede-de-Suporte-e-Integracao-1536x1152.jpeg 1536w, https:\/\/rioonwatch.org.br\/wp-content\/uploads\/2025\/09\/Moradores-do-Alto-da-Boa-Vista-se-mobilizam-em-um-mutirao-de-limpeza-dos-rios-da-regiao.-Foto-Arquivo-Rede-de-Suporte-e-Integracao-2048x1536.jpeg 2048w, https:\/\/rioonwatch.org.br\/wp-content\/uploads\/2025\/09\/Moradores-do-Alto-da-Boa-Vista-se-mobilizam-em-um-mutirao-de-limpeza-dos-rios-da-regiao.-Foto-Arquivo-Rede-de-Suporte-e-Integracao-678x509.jpeg 678w, https:\/\/rioonwatch.org.br\/wp-content\/uploads\/2025\/09\/Moradores-do-Alto-da-Boa-Vista-se-mobilizam-em-um-mutirao-de-limpeza-dos-rios-da-regiao.-Foto-Arquivo-Rede-de-Suporte-e-Integracao-326x245.jpeg 326w, https:\/\/rioonwatch.org.br\/wp-content\/uploads\/2025\/09\/Moradores-do-Alto-da-Boa-Vista-se-mobilizam-em-um-mutirao-de-limpeza-dos-rios-da-regiao.-Foto-Arquivo-Rede-de-Suporte-e-Integracao-80x60.jpeg 80w\" sizes=\"(max-width: 2560px) 100vw, 2560px\" \/><\/a><figcaption id=\"caption-attachment-79199\" class=\"wp-caption-text\">Moradores do Alto da Boa Vista organizam mutir\u00e3o mensal de limpeza dos rios da regi\u00e3o. Foto: Rede de Suporte e Integra\u00e7\u00e3o<\/figcaption><\/figure>\n<p><span style=\"font-weight: 400;\">\u201cA gente n\u00e3o consegue ficar na rua, nem bater um papo. Tenho uma filha e n\u00e3o consigo brincar com ela durante o dia. Desde a hora que a gente acorda at\u00e9 umas 18h, o borrachudo aparece\u201d, conta Cristiano Henrique de Jesus, 38 anos, morador da regi\u00e3o e coordenador da Rede de Suporte e Integra\u00e7\u00e3o (<\/span><a href=\"https:\/\/bit.ly\/3UWUMac\"><span style=\"font-weight: 400;\">RSI<\/span><\/a><span style=\"font-weight: 400;\">)<\/span><a href=\"https:\/\/www.instagram.com\/rsiabv\/\"><span style=\"font-weight: 400;\">,<\/span><\/a><span style=\"font-weight: 400;\"> grupo local que organiza as a\u00e7\u00f5es.<\/span><\/p>\n<p><span style=\"font-weight: 400;\">O borrachudo, inseto da fam\u00edlia <\/span><i><span style=\"font-weight: 400;\">Simuliidae<\/span><\/i><span style=\"font-weight: 400;\">, tem um ciclo de vida curto. A f\u00eamea vive cerca de 45 dias e pode colocar at\u00e9 2.500 ovos. A combina\u00e7\u00e3o das matas, c\u00f3rregos e cachoeiras do Alto da Boa Vista, que sempre geraram o inseto, somados ao <\/span><a href=\"https:\/\/bit.ly\/4p5crKu\"><span style=\"font-weight: 400;\">ac\u00famulo de lixo<\/span><\/a><span style=\"font-weight: 400;\">, esgoto nos rios e uso indevido do fumac\u00ea, favorecem a reprodu\u00e7\u00e3o ainda maior da esp\u00e9cie.<\/span><\/p>\n<p><span style=\"font-weight: 400;\">Os moradores que participam dos mutir\u00f5es t\u00eam arcado com os custos da limpeza, uma a\u00e7\u00e3o que beneficia tamb\u00e9m bairros adjacentes, como <\/span><a href=\"https:\/\/bit.ly\/2UVrwlZ\"><span style=\"font-weight: 400;\">Barra da Tijuca<\/span><\/a><span style=\"font-weight: 400;\">, <\/span><a href=\"https:\/\/bit.ly\/3Z4ahAC\"><span style=\"font-weight: 400;\">Itanhang\u00e1<\/span><\/a><span style=\"font-weight: 400;\"> e <\/span><a href=\"https:\/\/bit.ly\/3LwmFzX\"><span style=\"font-weight: 400;\">Muzema<\/span><\/a><span style=\"font-weight: 400;\">, que recebem as \u00e1guas desses rios.<\/span><\/p>\n<p><span style=\"font-weight: 400;\">\u201cFaltam materiais que a prefeitura tem: balaios, fac\u00f5es, vassouras para esfregar as pedras, sacos de lixo\u201d, relata Cristiano. Com o avan\u00e7o da infesta\u00e7\u00e3o para outras regi\u00f5es, os moradores alertam que as a\u00e7\u00f5es precisam ser coletivas e come\u00e7ar pelas nascentes, o que fica dif\u00edcil frente \u00e0 <\/span><a href=\"https:\/\/bit.ly\/2Rku5Mf\"><span style=\"font-weight: 400;\">aus\u00eancia do Estado<\/span><\/a><span style=\"font-weight: 400;\">.<\/span><\/p>\n<blockquote><p>\u201cA gente vai l\u00e1 na parte de cima do Chapad\u00e3o e vem descendo at\u00e9 a quadra. Se outras associa\u00e7\u00f5es fizessem um mutir\u00e3o conjunto, poderiam vir de outros pontos e, assim, a gente conseguiria limpar todo o rio.\u201d \u2014 Cristiano Henrique de Jesus<\/p><\/blockquote>\n<figure id=\"attachment_79200\" aria-describedby=\"caption-attachment-79200\" style=\"width: 1920px\" class=\"wp-caption aligncenter\"><a href=\"https:\/\/rioonwatch.org.br\/wp-content\/uploads\/2025\/09\/Moradores-do-Alto-da-Boa-Vista-limpando-os-rios-da-regiao.-Foto-Arquivo-Rede-de-Suporte-e-Integracao-scaled.jpeg\"><img loading=\"lazy\" decoding=\"async\" class=\"wp-image-79200 size-full\" title=\"Mesmo arcando com todos os custos do mutir\u00e3o, moradores limpam os rios do Alto da Boa Vista. Foto: Arquivo Rede de Suporte e Integra\u00e7\u00e3o\" src=\"https:\/\/rioonwatch.org.br\/wp-content\/uploads\/2025\/09\/Moradores-do-Alto-da-Boa-Vista-limpando-os-rios-da-regiao.-Foto-Arquivo-Rede-de-Suporte-e-Integracao-scaled.jpeg\" alt=\"Mesmo arcando com todos os custos do mutir\u00e3o, moradores limpam os rios do Alto da Boa Vista. Foto: Arquivo Rede de Suporte e Integra\u00e7\u00e3o\" width=\"1920\" height=\"2560\" srcset=\"https:\/\/rioonwatch.org.br\/wp-content\/uploads\/2025\/09\/Moradores-do-Alto-da-Boa-Vista-limpando-os-rios-da-regiao.-Foto-Arquivo-Rede-de-Suporte-e-Integracao-scaled.jpeg 1920w, https:\/\/rioonwatch.org.br\/wp-content\/uploads\/2025\/09\/Moradores-do-Alto-da-Boa-Vista-limpando-os-rios-da-regiao.-Foto-Arquivo-Rede-de-Suporte-e-Integracao-465x620.jpeg 465w, https:\/\/rioonwatch.org.br\/wp-content\/uploads\/2025\/09\/Moradores-do-Alto-da-Boa-Vista-limpando-os-rios-da-regiao.-Foto-Arquivo-Rede-de-Suporte-e-Integracao-1125x1500.jpeg 1125w, https:\/\/rioonwatch.org.br\/wp-content\/uploads\/2025\/09\/Moradores-do-Alto-da-Boa-Vista-limpando-os-rios-da-regiao.-Foto-Arquivo-Rede-de-Suporte-e-Integracao-768x1024.jpeg 768w, https:\/\/rioonwatch.org.br\/wp-content\/uploads\/2025\/09\/Moradores-do-Alto-da-Boa-Vista-limpando-os-rios-da-regiao.-Foto-Arquivo-Rede-de-Suporte-e-Integracao-1152x1536.jpeg 1152w, https:\/\/rioonwatch.org.br\/wp-content\/uploads\/2025\/09\/Moradores-do-Alto-da-Boa-Vista-limpando-os-rios-da-regiao.-Foto-Arquivo-Rede-de-Suporte-e-Integracao-1536x2048.jpeg 1536w\" sizes=\"(max-width: 1920px) 100vw, 1920px\" \/><\/a><figcaption id=\"caption-attachment-79200\" class=\"wp-caption-text\">Mesmo arcando com todos os custos do mutir\u00e3o, moradores limpam os rios do Alto da Boa Vista. Foto: Rede de Suporte e Integra\u00e7\u00e3o<\/figcaption><\/figure>\n<h3><b>Controle do Borrachudo Exige Equil\u00edbrio Ambiental<\/b><\/h3>\n<p><span style=\"font-weight: 400;\">Devido \u00e0 polui\u00e7\u00e3o e produtos qu\u00edmicos, muitos predadores naturais do inseto desapareceram, o que favorece sua superpopula\u00e7\u00e3o. Em outubro de 2024, os moradores buscaram a orienta\u00e7\u00e3o da bi\u00f3loga Rosilene Alc\u00e2ntara, especialista em vigil\u00e2ncia ambiental e controle de vetores. Ela alertou sobre o uso inadequado do fumac\u00ea, comum em \u00e1reas privadas e condom\u00ednios. \u201cO fumac\u00ea, usado como solu\u00e7\u00e3o emergencial, n\u00e3o \u00e9 eficaz. Na verdade, ele agrava o problema\u201d, explica Rosilene. <\/span><span style=\"font-weight: 400;\">\u00a0<\/span><\/p>\n<blockquote><p>\u201cAo usar o fumac\u00ea, a gente afasta o borrachudo por um tempo, mas mata quem deveria estar ajudando no controle. E a\u00ed, quando o inseto volta, encontra um ambiente sem resist\u00eancia nenhuma.\u201d \u2014 Roseliene Alc\u00e2ntara<\/p><\/blockquote>\n<p><span style=\"font-weight: 400;\">De acordo com Rosilene, o fumac\u00ea mata lib\u00e9lulas, pequenos p\u00e1ssaros, sapos, aranhas, entre outros. <\/span><\/p>\n<p><span style=\"font-weight: 400;\">A limpeza dos rios com escova\u00e7\u00e3o das pedras e retirada de res\u00edduos \u00e9 o \u201cm\u00e9todo mais eficaz e sustent\u00e1vel de controle\u201d, de acordo com a bi\u00f3loga. Ela orienta que, como complemento, \u00e9 poss\u00edvel utilizar o <\/span><a href=\"https:\/\/bit.ly\/4mRZa6U\"><span style=\"font-weight: 400;\">BTI<\/span><\/a><span style=\"font-weight: 400;\"> (<\/span><i><span style=\"font-weight: 400;\">Bacillus thuringiensis israelensis<\/span><\/i><span style=\"font-weight: 400;\">), um biolarvicida que atua especificamente nas larvas do borrachudo sem afetar seus predadores naturais.<\/span><\/p>\n<figure id=\"attachment_79197\" aria-describedby=\"caption-attachment-79197\" style=\"width: 2560px\" class=\"wp-caption aligncenter\"><a href=\"https:\/\/rioonwatch.org.br\/wp-content\/uploads\/2025\/09\/Com-auxilio-de-Rosilene-Alcantra-moradores-do-Alto-da-Boa-Vista-sao-orientados-a-realizar-limpeza-dos-rios-da-regiao-para-combater-a-proliferacao-dos-borrachudos.-Foto-Arquivo-Rede-de-scaled.jpeg\"><img loading=\"lazy\" decoding=\"async\" class=\"wp-image-79197 size-full\" title=\"Com aux\u00edlio de Rosilene Alc\u00e2ntra, moradores do Alto da Boa Vista s\u00e3o orientados a realizar limpeza dos rios da regi\u00e3o para combater a prolifera\u00e7\u00e3o dos borrachudos. Foto: Arquivo Rede de Suporte e Integra\u00e7\u00e3o\" src=\"https:\/\/rioonwatch.org.br\/wp-content\/uploads\/2025\/09\/Com-auxilio-de-Rosilene-Alcantra-moradores-do-Alto-da-Boa-Vista-sao-orientados-a-realizar-limpeza-dos-rios-da-regiao-para-combater-a-proliferacao-dos-borrachudos.-Foto-Arquivo-Rede-de-scaled.jpeg\" alt=\"Com aux\u00edlio de Rosilene Alc\u00e2ntra, moradores do Alto da Boa Vista s\u00e3o orientados a realizar limpeza dos rios da regi\u00e3o para combater a prolifera\u00e7\u00e3o dos borrachudos. Foto: Arquivo Rede de Suporte e Integra\u00e7\u00e3o\" width=\"2560\" height=\"1920\" srcset=\"https:\/\/rioonwatch.org.br\/wp-content\/uploads\/2025\/09\/Com-auxilio-de-Rosilene-Alcantra-moradores-do-Alto-da-Boa-Vista-sao-orientados-a-realizar-limpeza-dos-rios-da-regiao-para-combater-a-proliferacao-dos-borrachudos.-Foto-Arquivo-Rede-de-scaled.jpeg 2560w, https:\/\/rioonwatch.org.br\/wp-content\/uploads\/2025\/09\/Com-auxilio-de-Rosilene-Alcantra-moradores-do-Alto-da-Boa-Vista-sao-orientados-a-realizar-limpeza-dos-rios-da-regiao-para-combater-a-proliferacao-dos-borrachudos.-Foto-Arquivo-Rede-de-620x465.jpeg 620w, https:\/\/rioonwatch.org.br\/wp-content\/uploads\/2025\/09\/Com-auxilio-de-Rosilene-Alcantra-moradores-do-Alto-da-Boa-Vista-sao-orientados-a-realizar-limpeza-dos-rios-da-regiao-para-combater-a-proliferacao-dos-borrachudos.-Foto-Arquivo-Rede-de-2000x1500.jpeg 2000w, https:\/\/rioonwatch.org.br\/wp-content\/uploads\/2025\/09\/Com-auxilio-de-Rosilene-Alcantra-moradores-do-Alto-da-Boa-Vista-sao-orientados-a-realizar-limpeza-dos-rios-da-regiao-para-combater-a-proliferacao-dos-borrachudos.-Foto-Arquivo-Rede-de-768x576.jpeg 768w, https:\/\/rioonwatch.org.br\/wp-content\/uploads\/2025\/09\/Com-auxilio-de-Rosilene-Alcantra-moradores-do-Alto-da-Boa-Vista-sao-orientados-a-realizar-limpeza-dos-rios-da-regiao-para-combater-a-proliferacao-dos-borrachudos.-Foto-Arquivo-Rede-de-1536x1152.jpeg 1536w, https:\/\/rioonwatch.org.br\/wp-content\/uploads\/2025\/09\/Com-auxilio-de-Rosilene-Alcantra-moradores-do-Alto-da-Boa-Vista-sao-orientados-a-realizar-limpeza-dos-rios-da-regiao-para-combater-a-proliferacao-dos-borrachudos.-Foto-Arquivo-Rede-de-2048x1536.jpeg 2048w, https:\/\/rioonwatch.org.br\/wp-content\/uploads\/2025\/09\/Com-auxilio-de-Rosilene-Alcantra-moradores-do-Alto-da-Boa-Vista-sao-orientados-a-realizar-limpeza-dos-rios-da-regiao-para-combater-a-proliferacao-dos-borrachudos.-Foto-Arquivo-Rede-de-678x509.jpeg 678w, https:\/\/rioonwatch.org.br\/wp-content\/uploads\/2025\/09\/Com-auxilio-de-Rosilene-Alcantra-moradores-do-Alto-da-Boa-Vista-sao-orientados-a-realizar-limpeza-dos-rios-da-regiao-para-combater-a-proliferacao-dos-borrachudos.-Foto-Arquivo-Rede-de-326x245.jpeg 326w, https:\/\/rioonwatch.org.br\/wp-content\/uploads\/2025\/09\/Com-auxilio-de-Rosilene-Alcantra-moradores-do-Alto-da-Boa-Vista-sao-orientados-a-realizar-limpeza-dos-rios-da-regiao-para-combater-a-proliferacao-dos-borrachudos.-Foto-Arquivo-Rede-de-80x60.jpeg 80w\" sizes=\"(max-width: 2560px) 100vw, 2560px\" \/><\/a><figcaption id=\"caption-attachment-79197\" class=\"wp-caption-text\">Com aux\u00edlio de Rosilene Alc\u00e2ntra, moradores do Alto da Boa Vista s\u00e3o orientados a realizar limpeza dos rios da regi\u00e3o para combater a prolifera\u00e7\u00e3o dos borrachudos. Foto: Rede de Suporte e Integra\u00e7\u00e3o<\/figcaption><\/figure>\n<p><span style=\"font-weight: 400;\">Ainda assim, a infesta\u00e7\u00e3o segue em expans\u00e3o. J\u00e1 h\u00e1 relatos da presen\u00e7a dos insetos em <\/span><a href=\"https:\/\/bit.ly\/2JexIkL\"><span style=\"font-weight: 400;\">S\u00e3o Conrado<\/span><\/a><span style=\"font-weight: 400;\">, <\/span><a href=\"https:\/\/bit.ly\/3dzwwUD\"><span style=\"font-weight: 400;\">Rocinha<\/span><\/a><span style=\"font-weight: 400;\">, <\/span><a href=\"https:\/\/rioonwatch.org.br\/?tag=tijuca\"><span style=\"font-weight: 400;\">Tijuca<\/span><\/a><span style=\"font-weight: 400;\">, Itanhang\u00e1 e at\u00e9 na regi\u00e3o do <\/span><a href=\"https:\/\/bit.ly\/33SfAEg\"><span style=\"font-weight: 400;\">Maracan\u00e3<\/span><\/a><span style=\"font-weight: 400;\">. \u201cEles t\u00eam autonomia de voo de at\u00e9 5km e podem ser transportados em roupas, \u00f4nibus ou at\u00e9 mochilas. Se dez f\u00eameas viajam, s\u00e3o at\u00e9 25.000 ovos chegando em outro bairro\u201d, alerta a bi\u00f3loga.<\/span><\/p>\n<h3><b>Quando o Problema Chega na Barra, o Suporte do Estado Aparece<\/b><\/h3>\n<p><span style=\"font-weight: 400;\">O presidente da <\/span><a href=\"https:\/\/bit.ly\/47qiNOm\"><span style=\"font-weight: 400;\">Associa\u00e7\u00e3o de Moradores da <\/span><span style=\"font-weight: 400;\">Mata Machado<\/span><\/a><span style=\"font-weight: 400;\">, Marcos Paulo Costa, de 52 anos, relata que j\u00e1 foram feitos diversos pedidos de apoio ao poder p\u00fablico para combater a prolifera\u00e7\u00e3o dos insetos.<\/span><\/p>\n<blockquote><p><span style=\"font-weight: 400;\">\u201cA gente est\u00e1 um pouco abandonado pelo poder p\u00fablico. Somente agora, com o <\/span><a href=\"https:\/\/bit.ly\/4g2DnGK\"><span style=\"font-weight: 400;\">alarde em \u00e1reas de<\/span><\/a><span style=\"font-weight: 400;\"> maior poder aquisitivo, \u00e9 que come\u00e7aram a oferecer algum suporte, por meio da <\/span><a href=\"https:\/\/bit.ly\/2X2Ab76\"><span style=\"font-weight: 400;\">Comlurb<\/span><\/a><span style=\"font-weight: 400;\">.\u201d \u2014 Marcos Paulo Costa<\/span><\/p><\/blockquote>\n<p><span style=\"font-weight: 400;\">Ele refor\u00e7a que a atua\u00e7\u00e3o t\u00e9cnica e os treinamentos s\u00e3o indispens\u00e1veis, assim como a conscientiza\u00e7\u00e3o dos pr\u00f3prios moradores sobre o descarte inadequado de lixo, que contribui diretamente para o agravamento do problema.<\/span><\/p>\n<p><span style=\"font-weight: 400;\">O projeto <\/span><a href=\"https:\/\/bit.ly\/4m087tB\"><span style=\"font-weight: 400;\">Guardi\u00f5es do Rio<\/span><\/a><span style=\"font-weight: 400;\"> da Secretaria Municipal de Meio Ambiente e Clima (<\/span><a href=\"https:\/\/bit.ly\/42b6xxA\"><span style=\"font-weight: 400;\">SMAC<\/span><\/a><span style=\"font-weight: 400;\">), era para estar investindo na preserva\u00e7\u00e3o dos cursos d\u2019\u00e1gua. Moradores denunciam que a iniciativa aconteceu de forma prec\u00e1ria na comunidade. \u201cDeram s\u00f3 camisa e cal\u00e7a. Como entrar no rio sem bota ou luva?\u201d, questiona Sinara Teixeira, 27 anos, coordenadora do RSI e organizadora dos mutir\u00f5es.<\/span><\/p>\n<figure id=\"attachment_79198\" aria-describedby=\"caption-attachment-79198\" style=\"width: 1125px\" class=\"wp-caption aligncenter\"><a href=\"https:\/\/rioonwatch.org.br\/wp-content\/uploads\/2025\/09\/Moradores-escovam-as-pedras-para-remover-ovos-de-mosquitos-que-utilizam-esses-espacos-para-proliferacao.-Foto-Rede-de-Suporte-e-Integracao-scaled.jpeg\"><img loading=\"lazy\" decoding=\"async\" class=\"wp-image-79198 size-large\" title=\"Moradores escovam as pedras para remover ovos de mosquitos, os quais utilizam esses espa\u00e7os para prolifera\u00e7\u00e3o. Foto: Rede de Suporte e Integra\u00e7\u00e3o\" src=\"https:\/\/rioonwatch.org.br\/wp-content\/uploads\/2025\/09\/Moradores-escovam-as-pedras-para-remover-ovos-de-mosquitos-que-utilizam-esses-espacos-para-proliferacao.-Foto-Rede-de-Suporte-e-Integracao-1125x1500.jpeg\" alt=\"Moradores escovam as pedras para remover ovos de mosquitos, os quais utilizam esses espa\u00e7os para prolifera\u00e7\u00e3o. Foto: Rede de Suporte e Integra\u00e7\u00e3o\" width=\"1125\" height=\"1500\" srcset=\"https:\/\/rioonwatch.org.br\/wp-content\/uploads\/2025\/09\/Moradores-escovam-as-pedras-para-remover-ovos-de-mosquitos-que-utilizam-esses-espacos-para-proliferacao.-Foto-Rede-de-Suporte-e-Integracao-1125x1500.jpeg 1125w, https:\/\/rioonwatch.org.br\/wp-content\/uploads\/2025\/09\/Moradores-escovam-as-pedras-para-remover-ovos-de-mosquitos-que-utilizam-esses-espacos-para-proliferacao.-Foto-Rede-de-Suporte-e-Integracao-465x620.jpeg 465w, https:\/\/rioonwatch.org.br\/wp-content\/uploads\/2025\/09\/Moradores-escovam-as-pedras-para-remover-ovos-de-mosquitos-que-utilizam-esses-espacos-para-proliferacao.-Foto-Rede-de-Suporte-e-Integracao-768x1024.jpeg 768w, https:\/\/rioonwatch.org.br\/wp-content\/uploads\/2025\/09\/Moradores-escovam-as-pedras-para-remover-ovos-de-mosquitos-que-utilizam-esses-espacos-para-proliferacao.-Foto-Rede-de-Suporte-e-Integracao-1152x1536.jpeg 1152w, https:\/\/rioonwatch.org.br\/wp-content\/uploads\/2025\/09\/Moradores-escovam-as-pedras-para-remover-ovos-de-mosquitos-que-utilizam-esses-espacos-para-proliferacao.-Foto-Rede-de-Suporte-e-Integracao-1536x2048.jpeg 1536w, https:\/\/rioonwatch.org.br\/wp-content\/uploads\/2025\/09\/Moradores-escovam-as-pedras-para-remover-ovos-de-mosquitos-que-utilizam-esses-espacos-para-proliferacao.-Foto-Rede-de-Suporte-e-Integracao-scaled.jpeg 1920w\" sizes=\"(max-width: 1125px) 100vw, 1125px\" \/><\/a><figcaption id=\"caption-attachment-79198\" class=\"wp-caption-text\">Moradores escovam as pedras para remover ovos de borrachudos, os quais utilizam esses espa\u00e7os para prolifera\u00e7\u00e3o. Foto: Rede de Suporte e Integra\u00e7\u00e3o<\/figcaption><\/figure>\n<p><span style=\"font-weight: 400;\">Em nota, a SMAC informou que o programa n\u00e3o possui frentes ativas na regi\u00e3o desde 2024, mas reconhece a import\u00e2ncia da \u00e1rea e estuda retomar as atividades na comunidade Mata Machado. Segundo os moradores, o projeto ainda est\u00e1 em andamento na regi\u00e3o, mas sem os equipamentos adequados para sua execu\u00e7\u00e3o.<\/span><\/p>\n<p><span style=\"font-weight: 400;\">Enquanto aguardam medidas efetivas, moradores seguem organizando mutir\u00f5es e cobrando uma resposta concreta do poder p\u00fablico. A expectativa \u00e9 que a retomada do programa Guardi\u00f5es do Rio inclua, dessa vez, equipamentos de prote\u00e7\u00e3o, treinamento e remunera\u00e7\u00e3o adequados e a\u00e7\u00f5es articuladas com outras regi\u00f5es afetadas.<\/span><\/p>\n<p><i><span style=\"font-weight: 400;\">Sobre a autora: <\/span><\/i><a href=\"https:\/\/bit.ly\/3MVXtoJ\"><i><span style=\"font-weight: 400;\">Karen Fontoura<\/span><\/i><\/a><i><span style=\"font-weight: 400;\"> \u00e9 estudante de jornalismo da Universidade Federal do Rio de Janeiro (<\/span><\/i><a href=\"https:\/\/bit.ly\/2KgADIe\"><i><span style=\"font-weight: 400;\">UFRJ<\/span><\/i><\/a><i><span style=\"font-weight: 400;\">), moradora da Rocinha e rep\u00f3rter do <\/span><\/i><a href=\"https:\/\/bit.ly\/3lrUwNx\"><i><span style=\"font-weight: 400;\">Jornal Fala Ro\u00e7a<\/span><\/i><\/a><i><span style=\"font-weight: 400;\">, onde coordena a comunica\u00e7\u00e3o institucional e de projetos da organiza\u00e7\u00e3o. Ela atua com produ\u00e7\u00e3o audiovisual, reportagens e divulga\u00e7\u00e3o de iniciativas comunit\u00e1rias.<\/span><\/i><\/p>\n<hr \/>\n<h4><b data-stringify-type=\"bold\">Apoie nossos esfor\u00e7os para fornecer apoio estrat\u00e9gico \u00e0s favelas do Rio, incluindo o jornalismo hiperlocal, cr\u00edtico, inovador e incans\u00e1vel do\u00a0<\/b><b data-stringify-type=\"bold\"><i data-stringify-type=\"italic\">RioOnWatch<\/i><\/b>\u2014<a class=\"c-link\" href=\"http:\/\/www.bit.ly\/ApoieROW\" target=\"_blank\" rel=\"noopener noreferrer\" data-stringify-link=\"http:\/\/www.bit.ly\/ApoieROW\" data-sk=\"tooltip_parent\">doe aqui<\/a>.<\/h4>\n<!-- AddThis Advanced Settings generic via filter on the_content --><!-- AddThis Share Buttons generic via filter on the_content -->","protected":false},"excerpt":{"rendered":"<div class=\"mh-excerpt\"><p>Click Here for English Este artigo faz parte de uma\u00a0s\u00e9rie\u00a0gerada por uma parceria, com o\u00a0Digital Brazil Project\u00a0do\u00a0Centro Behner Stiefel de Estudos Brasileiros\u00a0da Universidade Estadual de San Diego na Calif\u00f3rnia, para produzir mat\u00e9rias sobre direitos humanos <a class=\"mh-excerpt-more\" href=\"https:\/\/rioonwatch.org.br\/?p=79131\" title=\"Favela no Alto da Boa Vista Combate Infesta\u00e7\u00e3o de Borrachudos sem Suporte do Poder P\u00fablico: &#8216;Se Outras Associa\u00e7\u00f5es Fizessem um Mutir\u00e3o Conjunto\u2026 a Gente Conseguiria Limpar Todo o Rio\u2019\">[&#8230;]<\/a><!-- AddThis Advanced Settings generic via filter on get_the_excerpt --><!-- AddThis Share Buttons generic via filter on get_the_excerpt --><\/p>\n<\/div>","protected":false},"author":167,"featured_media":79196,"comment_status":"closed","ping_status":"closed","sticky":false,"template":"template-full.php","format":"standard","meta":{"_acf_changed":false,"_monsterinsights_skip_tracking":false,"_monsterinsights_sitenote_active":false,"_monsterinsights_sitenote_note":"","_monsterinsights_sitenote_category":0,"footnotes":""},"categories":[1621,346,1625,342,1639],"tags":[1506,274,2553,623,735,1554,60,2594,466,2806,276,372,417,3586,2139,16,2369,2693,476],"writer":[3397],"translator":[],"source":[],"ilustrador":[],"fotografo":[],"class_list":{"0":"post-79131","1":"post","2":"type-post","3":"status-publish","4":"format-standard","5":"has-post-thumbnail","7":"category-destaque","8":"category-denuncias","9":"category-por-correspondentes-comunitarios","10":"category-solucoes","11":"category-sustentabilidade","12":"tag-alto-da-boa-vista","13":"tag-barra-da-tijuca","14":"tag-coleta-de-lixo","15":"tag-comlurb","16":"tag-floresta-da-tijuca","17":"tag-gestao-de-residuos","18":"tag-tijuca","19":"tag-itanhanga","20":"tag-maracana","21":"tag-mata-machado","22":"tag-mutirao","23":"tag-muzema","24":"tag-negligencia-do-estado","25":"tag-programa-guardioes-dos-rios","26":"tag-justica-ambiental","27":"tag-rocinha","28":"tag-sao-conrado","29":"tag-serie-direitos-humanos-com-apoio-do-centro-behner-stiefel-da-sdsu","30":"tag-solucao-comunitaria","31":"writer-karen-fontoura"},"acf":[],"yoast_head":"<!-- This site is optimized with the Yoast SEO plugin v25.6 - https:\/\/yoast.com\/wordpress\/plugins\/seo\/ -->\n<title>Favela no Alto da Boa Vista Combate Infesta\u00e7\u00e3o de Borrachudos sem Suporte do Poder P\u00fablico: &#039;Se Outras Associa\u00e7\u00f5es Fizessem um Mutir\u00e3o Conjunto\u2026 a Gente Conseguiria Limpar Todo o Rio\u2019 - RioOnWatch<\/title>\n<meta name=\"robots\" content=\"index, follow, max-snippet:-1, max-image-preview:large, max-video-preview:-1\" \/>\n<link rel=\"canonical\" href=\"https:\/\/rioonwatch.org.br\/?p=79131\" \/>\n<meta property=\"og:locale\" content=\"pt_BR\" \/>\n<meta property=\"og:type\" content=\"article\" \/>\n<meta property=\"og:title\" content=\"Favela no Alto da Boa Vista Combate Infesta\u00e7\u00e3o de Borrachudos sem Suporte do Poder P\u00fablico: &#039;Se Outras Associa\u00e7\u00f5es Fizessem um Mutir\u00e3o Conjunto\u2026 a Gente Conseguiria Limpar Todo o Rio\u2019 - RioOnWatch\" \/>\n<meta property=\"og:description\" content=\"Click Here for English Este artigo faz parte de uma\u00a0s\u00e9rie\u00a0gerada por uma parceria, com o\u00a0Digital Brazil Project\u00a0do\u00a0Centro Behner Stiefel de Estudos Brasileiros\u00a0da Universidade Estadual de San Diego na Calif\u00f3rnia, para produzir mat\u00e9rias sobre direitos humanos [...]\" \/>\n<meta property=\"og:url\" content=\"https:\/\/rioonwatch.org.br\/?p=79131\" \/>\n<meta property=\"og:site_name\" content=\"RioOnWatch\" \/>\n<meta property=\"article:published_time\" content=\"2025-09-11T17:00:04+00:00\" \/>\n<meta property=\"article:modified_time\" content=\"2025-11-28T12:51:57+00:00\" \/>\n<meta property=\"og:image\" content=\"https:\/\/rioonwatch.org.br\/wp-content\/uploads\/2025\/09\/Sem-materiais-adequados-e-sem-apoio-do-poder-publico-a-ONG-Do-Mato-a-Macho-no-Alto-da-Boa-Vista-mobiliza-moradores-para-realizar-a-limpeza-dos-rios.-Foto-Arquivo-Rede-de-Suporte-e-Integracao-scaled.jpeg\" \/>\n\t<meta property=\"og:image:width\" content=\"1920\" \/>\n\t<meta property=\"og:image:height\" content=\"2560\" \/>\n\t<meta property=\"og:image:type\" content=\"image\/jpeg\" \/>\n<meta name=\"author\" content=\"Julio Santos Filho\" \/>\n<meta name=\"twitter:card\" content=\"summary_large_image\" \/>\n<meta name=\"twitter:label1\" content=\"Escrito por\" \/>\n\t<meta name=\"twitter:data1\" content=\"Julio Santos Filho\" \/>\n\t<meta name=\"twitter:label2\" content=\"Est. tempo de leitura\" \/>\n\t<meta name=\"twitter:data2\" content=\"7 minutos\" \/>\n<script type=\"application\/ld+json\" class=\"yoast-schema-graph\">{\"@context\":\"https:\/\/schema.org\",\"@graph\":[{\"@type\":\"Article\",\"@id\":\"https:\/\/rioonwatch.org.br\/?p=79131#article\",\"isPartOf\":{\"@id\":\"https:\/\/rioonwatch.org.br\/?p=79131\"},\"author\":{\"name\":\"Julio Santos Filho\",\"@id\":\"https:\/\/rioonwatch.org.br\/#\/schema\/person\/476bc75767957d3535b65b796667cd36\"},\"headline\":\"Favela no Alto da Boa Vista Combate Infesta\u00e7\u00e3o de Borrachudos sem Suporte do Poder P\u00fablico: &#8216;Se Outras Associa\u00e7\u00f5es Fizessem um Mutir\u00e3o Conjunto\u2026 a Gente Conseguiria Limpar Todo o Rio\u2019\",\"datePublished\":\"2025-09-11T17:00:04+00:00\",\"dateModified\":\"2025-11-28T12:51:57+00:00\",\"mainEntityOfPage\":{\"@id\":\"https:\/\/rioonwatch.org.br\/?p=79131\"},\"wordCount\":1224,\"publisher\":{\"@id\":\"https:\/\/rioonwatch.org.br\/#organization\"},\"image\":{\"@id\":\"https:\/\/rioonwatch.org.br\/?p=79131#primaryimage\"},\"thumbnailUrl\":\"https:\/\/rioonwatch.org.br\/wp-content\/uploads\/2025\/09\/Sem-materiais-adequados-e-sem-apoio-do-poder-publico-a-ONG-Do-Mato-a-Macho-no-Alto-da-Boa-Vista-mobiliza-moradores-para-realizar-a-limpeza-dos-rios.-Foto-Arquivo-Rede-de-Suporte-e-Integracao-scaled.jpeg\",\"keywords\":[\"Alto da Boa Vista\",\"Barra da Tijuca\",\"coleta de lixo\",\"COMLURB\",\"Floresta da Tijuca\",\"gest\u00e3o de res\u00edduos\",\"Grande Tijuca\",\"Itanhang\u00e1\",\"Maracan\u00e3\",\"Mata Machado\",\"mutir\u00e3o\",\"Muzema\",\"Neglig\u00eancia do Estado\",\"Programa Guardi\u00f5es dos Rios\",\"Racismo ambiental\",\"Rocinha\",\"S\u00e3o Conrado\",\"S\u00e9rie Apoiada pelo Centro Behner Stiefel\/SDSU\",\"solu\u00e7\u00e3o comunit\u00e1ria\"],\"articleSection\":[\"*Destaque\",\"Den\u00fancias\",\"Escrito por Comunicadores Populares\",\"Solu\u00e7\u00f5es\",\"Sustentabilidade\"],\"inLanguage\":\"pt-BR\"},{\"@type\":\"WebPage\",\"@id\":\"https:\/\/rioonwatch.org.br\/?p=79131\",\"url\":\"https:\/\/rioonwatch.org.br\/?p=79131\",\"name\":\"Favela no Alto da Boa Vista Combate Infesta\u00e7\u00e3o de Borrachudos sem Suporte do Poder P\u00fablico: 'Se Outras Associa\u00e7\u00f5es Fizessem um Mutir\u00e3o Conjunto\u2026 a Gente Conseguiria Limpar Todo o Rio\u2019 - RioOnWatch\",\"isPartOf\":{\"@id\":\"https:\/\/rioonwatch.org.br\/#website\"},\"primaryImageOfPage\":{\"@id\":\"https:\/\/rioonwatch.org.br\/?p=79131#primaryimage\"},\"image\":{\"@id\":\"https:\/\/rioonwatch.org.br\/?p=79131#primaryimage\"},\"thumbnailUrl\":\"https:\/\/rioonwatch.org.br\/wp-content\/uploads\/2025\/09\/Sem-materiais-adequados-e-sem-apoio-do-poder-publico-a-ONG-Do-Mato-a-Macho-no-Alto-da-Boa-Vista-mobiliza-moradores-para-realizar-a-limpeza-dos-rios.-Foto-Arquivo-Rede-de-Suporte-e-Integracao-scaled.jpeg\",\"datePublished\":\"2025-09-11T17:00:04+00:00\",\"dateModified\":\"2025-11-28T12:51:57+00:00\",\"breadcrumb\":{\"@id\":\"https:\/\/rioonwatch.org.br\/?p=79131#breadcrumb\"},\"inLanguage\":\"pt-BR\",\"potentialAction\":[{\"@type\":\"ReadAction\",\"target\":[\"https:\/\/rioonwatch.org.br\/?p=79131\"]}]},{\"@type\":\"ImageObject\",\"inLanguage\":\"pt-BR\",\"@id\":\"https:\/\/rioonwatch.org.br\/?p=79131#primaryimage\",\"url\":\"https:\/\/rioonwatch.org.br\/wp-content\/uploads\/2025\/09\/Sem-materiais-adequados-e-sem-apoio-do-poder-publico-a-ONG-Do-Mato-a-Macho-no-Alto-da-Boa-Vista-mobiliza-moradores-para-realizar-a-limpeza-dos-rios.-Foto-Arquivo-Rede-de-Suporte-e-Integracao-scaled.jpeg\",\"contentUrl\":\"https:\/\/rioonwatch.org.br\/wp-content\/uploads\/2025\/09\/Sem-materiais-adequados-e-sem-apoio-do-poder-publico-a-ONG-Do-Mato-a-Macho-no-Alto-da-Boa-Vista-mobiliza-moradores-para-realizar-a-limpeza-dos-rios.-Foto-Arquivo-Rede-de-Suporte-e-Integracao-scaled.jpeg\",\"width\":1920,\"height\":2560,\"caption\":\"Sem materiais adequados e sem apoio do poder p\u00fablico, a ONG Do Mato a Macho, no Alto da Boa Vista, mobiliza moradores para realizar a limpeza dos rios. Foto: Arquivo Rede de Suporte e Integra\u00e7\u00e3o\"},{\"@type\":\"BreadcrumbList\",\"@id\":\"https:\/\/rioonwatch.org.br\/?p=79131#breadcrumb\",\"itemListElement\":[{\"@type\":\"ListItem\",\"position\":1,\"name\":\"In\u00edcio\",\"item\":\"https:\/\/rioonwatch.org.br\/\"},{\"@type\":\"ListItem\",\"position\":2,\"name\":\"Favela no Alto da Boa Vista Combate Infesta\u00e7\u00e3o de Borrachudos sem Suporte do Poder P\u00fablico: &#8216;Se Outras Associa\u00e7\u00f5es Fizessem um Mutir\u00e3o Conjunto\u2026 a Gente Conseguiria Limpar Todo o Rio\u2019\"}]},{\"@type\":\"WebSite\",\"@id\":\"https:\/\/rioonwatch.org.br\/#website\",\"url\":\"https:\/\/rioonwatch.org.br\/\",\"name\":\"RioOnWatch\",\"description\":\"relatos das favelas cariocas\",\"publisher\":{\"@id\":\"https:\/\/rioonwatch.org.br\/#organization\"},\"potentialAction\":[{\"@type\":\"SearchAction\",\"target\":{\"@type\":\"EntryPoint\",\"urlTemplate\":\"https:\/\/rioonwatch.org.br\/?s={search_term_string}\"},\"query-input\":{\"@type\":\"PropertyValueSpecification\",\"valueRequired\":true,\"valueName\":\"search_term_string\"}}],\"inLanguage\":\"pt-BR\"},{\"@type\":\"Organization\",\"@id\":\"https:\/\/rioonwatch.org.br\/#organization\",\"name\":\"RioOnWatch\",\"url\":\"https:\/\/rioonwatch.org.br\/\",\"logo\":{\"@type\":\"ImageObject\",\"inLanguage\":\"pt-BR\",\"@id\":\"https:\/\/rioonwatch.org.br\/#\/schema\/logo\/image\/\",\"url\":\"https:\/\/rioonwatch.org.br\/wp-content\/uploads\/2021\/06\/RioOnWatchcabecalhoPT11anos-2.png\",\"contentUrl\":\"https:\/\/rioonwatch.org.br\/wp-content\/uploads\/2021\/06\/RioOnWatchcabecalhoPT11anos-2.png\",\"width\":779,\"height\":277,\"caption\":\"RioOnWatch\"},\"image\":{\"@id\":\"https:\/\/rioonwatch.org.br\/#\/schema\/logo\/image\/\"}},{\"@type\":\"Person\",\"@id\":\"https:\/\/rioonwatch.org.br\/#\/schema\/person\/476bc75767957d3535b65b796667cd36\",\"name\":\"Julio Santos Filho\",\"image\":{\"@type\":\"ImageObject\",\"inLanguage\":\"pt-BR\",\"@id\":\"https:\/\/rioonwatch.org.br\/#\/schema\/person\/image\/\",\"url\":\"https:\/\/secure.gravatar.com\/avatar\/ca138f7666182a292a8ce4ca14fb81f8?s=96&d=blank&r=g\",\"contentUrl\":\"https:\/\/secure.gravatar.com\/avatar\/ca138f7666182a292a8ce4ca14fb81f8?s=96&d=blank&r=g\",\"caption\":\"Julio Santos Filho\"},\"url\":\"https:\/\/rioonwatch.org.br\/?author=167\"}]}<\/script>\n<!-- \/ Yoast SEO plugin. -->","yoast_head_json":{"title":"Favela no Alto da Boa Vista Combate Infesta\u00e7\u00e3o de Borrachudos sem Suporte do Poder P\u00fablico: 'Se Outras Associa\u00e7\u00f5es Fizessem um Mutir\u00e3o Conjunto\u2026 a Gente Conseguiria Limpar Todo o Rio\u2019 - RioOnWatch","robots":{"index":"index","follow":"follow","max-snippet":"max-snippet:-1","max-image-preview":"max-image-preview:large","max-video-preview":"max-video-preview:-1"},"canonical":"https:\/\/rioonwatch.org.br\/?p=79131","og_locale":"pt_BR","og_type":"article","og_title":"Favela no Alto da Boa Vista Combate Infesta\u00e7\u00e3o de Borrachudos sem Suporte do Poder P\u00fablico: 'Se Outras Associa\u00e7\u00f5es Fizessem um Mutir\u00e3o Conjunto\u2026 a Gente Conseguiria Limpar Todo o Rio\u2019 - RioOnWatch","og_description":"Click Here for English Este artigo faz parte de uma\u00a0s\u00e9rie\u00a0gerada por uma parceria, com o\u00a0Digital Brazil Project\u00a0do\u00a0Centro Behner Stiefel de Estudos Brasileiros\u00a0da Universidade Estadual de San Diego na Calif\u00f3rnia, para produzir mat\u00e9rias sobre direitos humanos [...]","og_url":"https:\/\/rioonwatch.org.br\/?p=79131","og_site_name":"RioOnWatch","article_published_time":"2025-09-11T17:00:04+00:00","article_modified_time":"2025-11-28T12:51:57+00:00","og_image":[{"width":1920,"height":2560,"url":"https:\/\/rioonwatch.org.br\/wp-content\/uploads\/2025\/09\/Sem-materiais-adequados-e-sem-apoio-do-poder-publico-a-ONG-Do-Mato-a-Macho-no-Alto-da-Boa-Vista-mobiliza-moradores-para-realizar-a-limpeza-dos-rios.-Foto-Arquivo-Rede-de-Suporte-e-Integracao-scaled.jpeg","type":"image\/jpeg"}],"author":"Julio Santos Filho","twitter_card":"summary_large_image","twitter_misc":{"Escrito por":"Julio Santos Filho","Est. tempo de leitura":"7 minutos"},"schema":{"@context":"https:\/\/schema.org","@graph":[{"@type":"Article","@id":"https:\/\/rioonwatch.org.br\/?p=79131#article","isPartOf":{"@id":"https:\/\/rioonwatch.org.br\/?p=79131"},"author":{"name":"Julio Santos Filho","@id":"https:\/\/rioonwatch.org.br\/#\/schema\/person\/476bc75767957d3535b65b796667cd36"},"headline":"Favela no Alto da Boa Vista Combate Infesta\u00e7\u00e3o de Borrachudos sem Suporte do Poder P\u00fablico: &#8216;Se Outras Associa\u00e7\u00f5es Fizessem um Mutir\u00e3o Conjunto\u2026 a Gente Conseguiria Limpar Todo o Rio\u2019","datePublished":"2025-09-11T17:00:04+00:00","dateModified":"2025-11-28T12:51:57+00:00","mainEntityOfPage":{"@id":"https:\/\/rioonwatch.org.br\/?p=79131"},"wordCount":1224,"publisher":{"@id":"https:\/\/rioonwatch.org.br\/#organization"},"image":{"@id":"https:\/\/rioonwatch.org.br\/?p=79131#primaryimage"},"thumbnailUrl":"https:\/\/rioonwatch.org.br\/wp-content\/uploads\/2025\/09\/Sem-materiais-adequados-e-sem-apoio-do-poder-publico-a-ONG-Do-Mato-a-Macho-no-Alto-da-Boa-Vista-mobiliza-moradores-para-realizar-a-limpeza-dos-rios.-Foto-Arquivo-Rede-de-Suporte-e-Integracao-scaled.jpeg","keywords":["Alto da Boa Vista","Barra da Tijuca","coleta de lixo","COMLURB","Floresta da Tijuca","gest\u00e3o de res\u00edduos","Grande Tijuca","Itanhang\u00e1","Maracan\u00e3","Mata Machado","mutir\u00e3o","Muzema","Neglig\u00eancia do Estado","Programa Guardi\u00f5es dos Rios","Racismo ambiental","Rocinha","S\u00e3o Conrado","S\u00e9rie Apoiada pelo Centro Behner Stiefel\/SDSU","solu\u00e7\u00e3o comunit\u00e1ria"],"articleSection":["*Destaque","Den\u00fancias","Escrito por Comunicadores Populares","Solu\u00e7\u00f5es","Sustentabilidade"],"inLanguage":"pt-BR"},{"@type":"WebPage","@id":"https:\/\/rioonwatch.org.br\/?p=79131","url":"https:\/\/rioonwatch.org.br\/?p=79131","name":"Favela no Alto da Boa Vista Combate Infesta\u00e7\u00e3o de Borrachudos sem Suporte do Poder P\u00fablico: 'Se Outras Associa\u00e7\u00f5es Fizessem um Mutir\u00e3o Conjunto\u2026 a Gente Conseguiria Limpar Todo o Rio\u2019 - RioOnWatch","isPartOf":{"@id":"https:\/\/rioonwatch.org.br\/#website"},"primaryImageOfPage":{"@id":"https:\/\/rioonwatch.org.br\/?p=79131#primaryimage"},"image":{"@id":"https:\/\/rioonwatch.org.br\/?p=79131#primaryimage"},"thumbnailUrl":"https:\/\/rioonwatch.org.br\/wp-content\/uploads\/2025\/09\/Sem-materiais-adequados-e-sem-apoio-do-poder-publico-a-ONG-Do-Mato-a-Macho-no-Alto-da-Boa-Vista-mobiliza-moradores-para-realizar-a-limpeza-dos-rios.-Foto-Arquivo-Rede-de-Suporte-e-Integracao-scaled.jpeg","datePublished":"2025-09-11T17:00:04+00:00","dateModified":"2025-11-28T12:51:57+00:00","breadcrumb":{"@id":"https:\/\/rioonwatch.org.br\/?p=79131#breadcrumb"},"inLanguage":"pt-BR","potentialAction":[{"@type":"ReadAction","target":["https:\/\/rioonwatch.org.br\/?p=79131"]}]},{"@type":"ImageObject","inLanguage":"pt-BR","@id":"https:\/\/rioonwatch.org.br\/?p=79131#primaryimage","url":"https:\/\/rioonwatch.org.br\/wp-content\/uploads\/2025\/09\/Sem-materiais-adequados-e-sem-apoio-do-poder-publico-a-ONG-Do-Mato-a-Macho-no-Alto-da-Boa-Vista-mobiliza-moradores-para-realizar-a-limpeza-dos-rios.-Foto-Arquivo-Rede-de-Suporte-e-Integracao-scaled.jpeg","contentUrl":"https:\/\/rioonwatch.org.br\/wp-content\/uploads\/2025\/09\/Sem-materiais-adequados-e-sem-apoio-do-poder-publico-a-ONG-Do-Mato-a-Macho-no-Alto-da-Boa-Vista-mobiliza-moradores-para-realizar-a-limpeza-dos-rios.-Foto-Arquivo-Rede-de-Suporte-e-Integracao-scaled.jpeg","width":1920,"height":2560,"caption":"Sem materiais adequados e sem apoio do poder p\u00fablico, a ONG Do Mato a Macho, no Alto da Boa Vista, mobiliza moradores para realizar a limpeza dos rios. Foto: Arquivo Rede de Suporte e Integra\u00e7\u00e3o"},{"@type":"BreadcrumbList","@id":"https:\/\/rioonwatch.org.br\/?p=79131#breadcrumb","itemListElement":[{"@type":"ListItem","position":1,"name":"In\u00edcio","item":"https:\/\/rioonwatch.org.br\/"},{"@type":"ListItem","position":2,"name":"Favela no Alto da Boa Vista Combate Infesta\u00e7\u00e3o de Borrachudos sem Suporte do Poder P\u00fablico: &#8216;Se Outras Associa\u00e7\u00f5es Fizessem um Mutir\u00e3o Conjunto\u2026 a Gente Conseguiria Limpar Todo o Rio\u2019"}]},{"@type":"WebSite","@id":"https:\/\/rioonwatch.org.br\/#website","url":"https:\/\/rioonwatch.org.br\/","name":"RioOnWatch","description":"relatos das favelas cariocas","publisher":{"@id":"https:\/\/rioonwatch.org.br\/#organization"},"potentialAction":[{"@type":"SearchAction","target":{"@type":"EntryPoint","urlTemplate":"https:\/\/rioonwatch.org.br\/?s={search_term_string}"},"query-input":{"@type":"PropertyValueSpecification","valueRequired":true,"valueName":"search_term_string"}}],"inLanguage":"pt-BR"},{"@type":"Organization","@id":"https:\/\/rioonwatch.org.br\/#organization","name":"RioOnWatch","url":"https:\/\/rioonwatch.org.br\/","logo":{"@type":"ImageObject","inLanguage":"pt-BR","@id":"https:\/\/rioonwatch.org.br\/#\/schema\/logo\/image\/","url":"https:\/\/rioonwatch.org.br\/wp-content\/uploads\/2021\/06\/RioOnWatchcabecalhoPT11anos-2.png","contentUrl":"https:\/\/rioonwatch.org.br\/wp-content\/uploads\/2021\/06\/RioOnWatchcabecalhoPT11anos-2.png","width":779,"height":277,"caption":"RioOnWatch"},"image":{"@id":"https:\/\/rioonwatch.org.br\/#\/schema\/logo\/image\/"}},{"@type":"Person","@id":"https:\/\/rioonwatch.org.br\/#\/schema\/person\/476bc75767957d3535b65b796667cd36","name":"Julio Santos Filho","image":{"@type":"ImageObject","inLanguage":"pt-BR","@id":"https:\/\/rioonwatch.org.br\/#\/schema\/person\/image\/","url":"https:\/\/secure.gravatar.com\/avatar\/ca138f7666182a292a8ce4ca14fb81f8?s=96&d=blank&r=g","contentUrl":"https:\/\/secure.gravatar.com\/avatar\/ca138f7666182a292a8ce4ca14fb81f8?s=96&d=blank&r=g","caption":"Julio Santos Filho"},"url":"https:\/\/rioonwatch.org.br\/?author=167"}]}},"_links":{"self":[{"href":"https:\/\/rioonwatch.org.br\/index.php?rest_route=\/wp\/v2\/posts\/79131"}],"collection":[{"href":"https:\/\/rioonwatch.org.br\/index.php?rest_route=\/wp\/v2\/posts"}],"about":[{"href":"https:\/\/rioonwatch.org.br\/index.php?rest_route=\/wp\/v2\/types\/post"}],"author":[{"embeddable":true,"href":"https:\/\/rioonwatch.org.br\/index.php?rest_route=\/wp\/v2\/users\/167"}],"replies":[{"embeddable":true,"href":"https:\/\/rioonwatch.org.br\/index.php?rest_route=%2Fwp%2Fv2%2Fcomments&post=79131"}],"version-history":[{"count":27,"href":"https:\/\/rioonwatch.org.br\/index.php?rest_route=\/wp\/v2\/posts\/79131\/revisions"}],"predecessor-version":[{"id":80221,"href":"https:\/\/rioonwatch.org.br\/index.php?rest_route=\/wp\/v2\/posts\/79131\/revisions\/80221"}],"wp:featuredmedia":[{"embeddable":true,"href":"https:\/\/rioonwatch.org.br\/index.php?rest_route=\/wp\/v2\/media\/79196"}],"wp:attachment":[{"href":"https:\/\/rioonwatch.org.br\/index.php?rest_route=%2Fwp%2Fv2%2Fmedia&parent=79131"}],"wp:term":[{"taxonomy":"category","embeddable":true,"href":"https:\/\/rioonwatch.org.br\/index.php?rest_route=%2Fwp%2Fv2%2Fcategories&post=79131"},{"taxonomy":"post_tag","embeddable":true,"href":"https:\/\/rioonwatch.org.br\/index.php?rest_route=%2Fwp%2Fv2%2Ftags&post=79131"},{"taxonomy":"writer","embeddable":true,"href":"https:\/\/rioonwatch.org.br\/index.php?rest_route=%2Fwp%2Fv2%2Fwriter&post=79131"},{"taxonomy":"translator","embeddable":true,"href":"https:\/\/rioonwatch.org.br\/index.php?rest_route=%2Fwp%2Fv2%2Ftranslator&post=79131"},{"taxonomy":"source","embeddable":true,"href":"https:\/\/rioonwatch.org.br\/index.php?rest_route=%2Fwp%2Fv2%2Fsource&post=79131"},{"taxonomy":"ilustrador","embeddable":true,"href":"https:\/\/rioonwatch.org.br\/index.php?rest_route=%2Fwp%2Fv2%2Filustrador&post=79131"},{"taxonomy":"fotografo","embeddable":true,"href":"https:\/\/rioonwatch.org.br\/index.php?rest_route=%2Fwp%2Fv2%2Ffotografo&post=79131"}],"curies":[{"name":"wp","href":"https:\/\/api.w.org\/{rel}","templated":true}]}}