{"id":79182,"date":"2025-09-04T16:51:59","date_gmt":"2025-09-04T19:51:59","guid":{"rendered":"https:\/\/rioonwatch.org.br\/?p=79182"},"modified":"2025-11-14T11:49:34","modified_gmt":"2025-11-14T14:49:34","slug":"em-rio-das-pedras-exposicao-de-memoria-climatica-das-favelas-muda-a-visao-que-a-gente-tem-sobre-nosso-pertencimento","status":"publish","type":"post","link":"https:\/\/rioonwatch.org.br\/?p=79182","title":{"rendered":"Em Rio das Pedras, Exposi\u00e7\u00e3o de Mem\u00f3ria Clim\u00e1tica das Favelas \u2018Muda a Vis\u00e3o Que a Gente Tem Sobre Nosso Pertencimento\u2019"},"content":{"rendered":"<p><iframe title=\"YouTube video player\" src=\"https:\/\/www.youtube.com\/embed\/n3ZYFwI5vAA?si=x6ybTPpdD6Jye9mo\" width=\"1030\" height=\"563\" frameborder=\"0\" allowfullscreen=\"allowfullscreen\"><span data-mce-type=\"bookmark\" style=\"display: inline-block; width: 0px; overflow: hidden; line-height: 0;\" class=\"mce_SELRES_start\">\ufeff<\/span><span data-mce-type=\"bookmark\" style=\"display: inline-block; width: 0px; overflow: hidden; line-height: 0;\" class=\"mce_SELRES_start\">\ufeff<\/span><\/iframe><\/p>\n<p style=\"text-align: right;\"><a href=\"https:\/\/bit.ly\/487zYVs\" target=\"_blank\" rel=\"noopener\"><em><strong>Click Here for English<\/strong><\/em><img decoding=\"async\" class=\"alignright wp-image-15790\" src=\"https:\/\/rioonwatch.org.br\/wp-content\/uploads\/2012\/08\/EN-standard-e1439583104716.jpg\" alt=\"\" width=\"20\" height=\"20\" \/><\/a><\/p>\n<p><span style=\"font-weight: 400;\">Ap\u00f3s seu <a href=\"https:\/\/bit.ly\/MCAcariNoROW\">tour por Acari<\/a>, Zona Norte do Rio de Janeiro, em agosto, a exposi\u00e7\u00e3o &#8216;<a href=\"https:\/\/bit.ly\/46BgZy8\" target=\"_blank\" rel=\"noopener\">Mem\u00f3ria Clim\u00e1tica das Favelas<\/a>&#8216; chega em <a href=\"https:\/\/bit.ly\/2WpaNbr\" target=\"_blank\" rel=\"noopener\">Rio das Pedras<\/a>, na <a href=\"https:\/\/bit.ly\/2VcmBwc\" target=\"_blank\" rel=\"noopener\">Zona Oeste<\/a>. Com um tour organizado pelos coletivos comunit\u00e1rios <\/span><a href=\"https:\/\/bit.ly\/4mwSn26\" target=\"_blank\" rel=\"noopener\"><span style=\"font-weight: 400;\">Conexo\u0303es Perife\u0301ricas RP<\/span><\/a>,\u00a0<a href=\"https:\/\/bit.ly\/4oZEsDn\"><span style=\"font-weight: 400;\">Semeando Amor<\/span><\/a> e <span style=\"font-weight: 400;\"><a href=\"https:\/\/bit.ly\/47k5Mpv\" target=\"_blank\" rel=\"noopener\">Recanto da Areinha<\/a>,<\/span><span style=\"font-weight: 400;\"> a exposi\u00e7\u00e3o fica dispon\u00edvel aos moradores entre 1 e 14 de setembro, <a href=\"https:\/\/bit.ly\/MCnaLume\">circulando por importantes<\/a> projetos, espa\u00e7os culturais, escolas e sedes de coletivos do territ\u00f3rio.<\/span><span style=\"font-weight: 400;\"><br \/>\n<\/span><\/p>\n<h3><span style=\"font-weight: 400;\">Assista ao v\u00eddeo da exposi\u00e7\u00e3o em Rio das Pedras acima, ou <a href=\"https:\/\/bit.ly\/MCRDPExpo\">clicando aqui<\/a>.<\/span><\/h3>\n<p><span style=\"font-weight: 400;\">De forma interativa e afetiva, com relatos in\u00e9ditos e dados hist\u00f3ricos, a \u2018Mem\u00f3ria Clim\u00e1tica das Favelas\u2019 apresenta <\/span><span style=\"font-weight: 400;\">as rela\u00e7\u00f5es entre clima, natureza e territ\u00f3rio de dez favelas fluminenses. Em Rio das Pedras, o tour seguir\u00e1 o seguinte trajeto: <a href=\"https:\/\/bit.ly\/4oZEsDn\">Semeando Amor<\/a> (dias 1-2 de setembro), <a href=\"https:\/\/bit.ly\/47k5Mpv\" target=\"_blank\" rel=\"noopener\">Recanto da Areinha<\/a> (dia 3), <a href=\"https:\/\/bit.ly\/3VtMWoC\" target=\"_blank\" rel=\"noopener\">CAIC Euclides da Cunha<\/a> (dias 4-5), Pr\u00e9-Vestibular comunit\u00e1rio (dia 6), <a href=\"https:\/\/bit.ly\/3buP47y\" target=\"_blank\" rel=\"noopener\">Cine e Rock<\/a> (dia 7), <a href=\"https:\/\/bit.ly\/45KkCEC\" target=\"_blank\" rel=\"noopener\">Centro Cultural Celinho<\/a> (dia 9), <a href=\"https:\/\/bit.ly\/3UUhIaa\" target=\"_blank\" rel=\"noopener\">GET Mestre Diego Braga<\/a> (GET de Rio das Pedras) (dia 10), <a href=\"https:\/\/bit.ly\/4n3OeTP\" target=\"_blank\" rel=\"noopener\">EDI Professora Em\u00edlia Maria Vieira de Oliveira<\/a> (Rua Velha) (dias 12-13) e Feira Engenheiro (dia 14), passando por todas as regi\u00f5es da quinta maior favela do Brasil.\u00a0<\/span><\/p>\n<figure id=\"attachment_79186\" aria-describedby=\"caption-attachment-79186\" style=\"width: 2048px\" class=\"wp-caption aligncenter\"><a href=\"https:\/\/rioonwatch.org.br\/wp-content\/uploads\/2025\/09\/Espaco-Semeando-Amor-foi-o-primeiro-de-Rio-das-Pedras-a-circular-a-exposicao-\u2018Memoria-Climatica-das-Favelas-no-territorio.-Foto-Barbara-Dias.jpg\"><img fetchpriority=\"high\" decoding=\"async\" class=\"size-full wp-image-79186\" src=\"https:\/\/rioonwatch.org.br\/wp-content\/uploads\/2025\/09\/Espaco-Semeando-Amor-foi-o-primeiro-de-Rio-das-Pedras-a-circular-a-exposicao-\u2018Memoria-Climatica-das-Favelas-no-territorio.-Foto-Barbara-Dias.jpg\" alt=\"Espa\u00e7o Semeando Amor foi o primeiro de Rio das Pedras a circular a exposi\u00e7\u00e3o \u2018Mem\u00f3ria Clim\u00e1tica das Favelas\u2019 no territ\u00f3rio. Foto: B\u00e1rbara Dias\" width=\"2048\" height=\"1367\" srcset=\"https:\/\/rioonwatch.org.br\/wp-content\/uploads\/2025\/09\/Espaco-Semeando-Amor-foi-o-primeiro-de-Rio-das-Pedras-a-circular-a-exposicao-\u2018Memoria-Climatica-das-Favelas-no-territorio.-Foto-Barbara-Dias.jpg 2048w, https:\/\/rioonwatch.org.br\/wp-content\/uploads\/2025\/09\/Espaco-Semeando-Amor-foi-o-primeiro-de-Rio-das-Pedras-a-circular-a-exposicao-\u2018Memoria-Climatica-das-Favelas-no-territorio.-Foto-Barbara-Dias-620x414.jpg 620w, https:\/\/rioonwatch.org.br\/wp-content\/uploads\/2025\/09\/Espaco-Semeando-Amor-foi-o-primeiro-de-Rio-das-Pedras-a-circular-a-exposicao-\u2018Memoria-Climatica-das-Favelas-no-territorio.-Foto-Barbara-Dias-768x513.jpg 768w, https:\/\/rioonwatch.org.br\/wp-content\/uploads\/2025\/09\/Espaco-Semeando-Amor-foi-o-primeiro-de-Rio-das-Pedras-a-circular-a-exposicao-\u2018Memoria-Climatica-das-Favelas-no-territorio.-Foto-Barbara-Dias-1536x1025.jpg 1536w\" sizes=\"(max-width: 2048px) 100vw, 2048px\" \/><\/a><figcaption id=\"caption-attachment-79186\" class=\"wp-caption-text\">Espa\u00e7o Semeando Amor foi o primeiro de Rio das Pedras a circular a exposi\u00e7\u00e3o \u2018Mem\u00f3ria Clim\u00e1tica das Favelas\u2019 no territ\u00f3rio. Foto: B\u00e1rbara Dias<\/figcaption><\/figure>\n<p><span style=\"font-weight: 400;\">O espa\u00e7o do <\/span><a href=\"https:\/\/bit.ly\/4oZEsDn\"><span style=\"font-weight: 400;\">Semeando Amor<\/span><\/a><span style=\"font-weight: 400;\"> sediou a estreia da exposi\u00e7\u00e3o em Rio das Pedras, no dia 1. O morador e articulador, <\/span><span style=\"font-weight: 400;\">Fernando Barros, que conduziu a roda de mem\u00f3ria clim\u00e1tica de Rio das Pedras, em setembro de 2024, que gerou os depoimentos de Rio das Pedras inclusos na exposi\u00e7\u00e3o, contextualizou o processo de constru\u00e7\u00e3o junto dos moradores.<\/span><\/p>\n<blockquote><p><span style=\"font-weight: 400;\">\u201cO dia da conversa da roda de mem\u00f3ria, pra mim, muito interessante e muito importante pro coletivo. Foi essencial para nossa forma\u00e7\u00e3o coletiva, nosso fortalecimento. Algumas carinhas conhecidas na roda de conversa, de algumas pessoas bem queridas, nesse dia eu tive a oportunidade de conhecer uma parte da minha terra, do Rio das Pedras, [atrav\u00e9s delas]. Compartilharam naquele momento [um] peda\u00e7o da nossa hist\u00f3ria de batalha. Eu j\u00e1 tinha um carinho por essas pessoas, s\u00f3 que saber que eles fizeram parte de uma luta, de uma resist\u00eancia, de uma conquista&#8230; muda pra gente a vis\u00e3o que a gente tem sobre algumas pessoas e a vis\u00e3o que a gente tem sobre o nosso pertencimento aqui na favela.\u201d \u2014 Fernando Barros<\/span><\/p><\/blockquote>\n<p><span style=\"font-weight: 400;\">Maria Wellen, moradora do Rio das Pedras e volunt\u00e1ria do Semeando Amor e do coletivo Conex\u00f5es Perif\u00e9ricas RP, compartilhou sua experi\u00eancia como participante da roda de mem\u00f3ria clim\u00e1tica.<\/span><\/p>\n<blockquote><p><span style=\"font-weight: 400;\">\u201cNa roda, eu lembro da gente ter falado&#8230; [da] <a href=\"https:\/\/bit.ly\/484rluq\" target=\"_blank\" rel=\"noopener\">ansiedade clim\u00e1tica<\/a>. A gente citou t\u00f3picos important\u00edssimos e aqui, nessa exposi\u00e7\u00e3o, eu estou at\u00e9 encarando ela ali: a Bacia das Mem\u00f3rias. [Ali na instala\u00e7\u00e3o] tem fotos reveladas de acontecimentos importantes para cada local (favela). E ali, tocando em umas fotos que tem do Rio das Pedras, que&#8230; falam bastante dessas ansiedades clim\u00e1ticas, desabamento, locais que queimaram&#8230; Acho que \u00e9 bastante importante para colocar voc\u00ea na realidade, tirar um pouco daquele &#8216;ah, n\u00e3o, \u00e9 passado&#8217;.\u00a0 E ali, est\u00e1 bem ali do seu lado, voc\u00ea vendo o que aconteceu. A gente ouve, assim, como se fosse um mito. E a\u00ed, vendo [as fotos] a gente se toca [de que] realmente aconteceu, n\u00e9?\u201d \u2014 Maria Wellen<\/span><\/p><\/blockquote>\n<figure id=\"attachment_79187\" aria-describedby=\"caption-attachment-79187\" style=\"width: 2048px\" class=\"wp-caption aligncenter\"><a href=\"https:\/\/rioonwatch.org.br\/wp-content\/uploads\/2025\/09\/Moradoras-interagem-com-a-Bacia-das-Memorias-e-observam-fotos-historicas-das-favelas-participantes-da-exposicao.-Foto-Barbara-Dias.jpg\"><img decoding=\"async\" class=\"wp-image-79187 size-full\" title=\"Moradoras interagem com a Bacia das Mem\u00f3rias e observam fotos hist\u00f3ricas das favelas participantes da exposi\u00e7\u00e3o. Foto: B\u00e1rbara Dias\" src=\"https:\/\/rioonwatch.org.br\/wp-content\/uploads\/2025\/09\/Moradoras-interagem-com-a-Bacia-das-Memorias-e-observam-fotos-historicas-das-favelas-participantes-da-exposicao.-Foto-Barbara-Dias.jpg\" alt=\"Moradoras interagem com a Bacia das Mem\u00f3rias e observam fotos hist\u00f3ricas das favelas participantes da exposi\u00e7\u00e3o. Foto: B\u00e1rbara Dias\" width=\"2048\" height=\"1367\" srcset=\"https:\/\/rioonwatch.org.br\/wp-content\/uploads\/2025\/09\/Moradoras-interagem-com-a-Bacia-das-Memorias-e-observam-fotos-historicas-das-favelas-participantes-da-exposicao.-Foto-Barbara-Dias.jpg 2048w, https:\/\/rioonwatch.org.br\/wp-content\/uploads\/2025\/09\/Moradoras-interagem-com-a-Bacia-das-Memorias-e-observam-fotos-historicas-das-favelas-participantes-da-exposicao.-Foto-Barbara-Dias-620x414.jpg 620w, https:\/\/rioonwatch.org.br\/wp-content\/uploads\/2025\/09\/Moradoras-interagem-com-a-Bacia-das-Memorias-e-observam-fotos-historicas-das-favelas-participantes-da-exposicao.-Foto-Barbara-Dias-768x513.jpg 768w, https:\/\/rioonwatch.org.br\/wp-content\/uploads\/2025\/09\/Moradoras-interagem-com-a-Bacia-das-Memorias-e-observam-fotos-historicas-das-favelas-participantes-da-exposicao.-Foto-Barbara-Dias-1536x1025.jpg 1536w\" sizes=\"(max-width: 2048px) 100vw, 2048px\" \/><\/a><figcaption id=\"caption-attachment-79187\" class=\"wp-caption-text\">Moradoras interagem com a Bacia das Mem\u00f3rias e observam fotos hist\u00f3ricas das favelas participantes da exposi\u00e7\u00e3o. Foto: B\u00e1rbara Dias<\/figcaption><\/figure>\n<p><span style=\"font-weight: 400;\">A abertura da exposi\u00e7\u00e3o em Rio das Pedras contou com a visita de moradoras antigas, como Dona Marilene Veras, que vive h\u00e1 mais de 30 anos na comunidade. Ela se recorda de Rio das Pedras no in\u00edcio de sua ocupa\u00e7\u00e3o.<\/span><\/p>\n<blockquote><p><span style=\"font-weight: 400;\">\u201cAqui era lagoa, n\u00e3o tinha [moradia] aqui. N\u00f3s come\u00e7amos com nosso barraquinho l\u00e1 no final. De l\u00e1 pra c\u00e1&#8230; s\u00f3 era \u00e1gua pura. O Rio das Pedras era \u00e1gua, aqui mesmo, s\u00f3 lagoa\u2026 A\u00ed foi fazendo luz\u2014era um bico de luz ali\u2014tinha jacar\u00e9, n\u00e9? [Era] barraco de madeira, s\u00f3 madeira. N\u00e3o tinha piso, nem pensar naquela \u00e9poca, n\u00e9? N\u00e3o tinha um neg\u00f3cio de cimento, n\u00e3o tinha. Ent\u00e3o, naquela \u00e9poca, era muito bom.\u201d \u2014 Marilene Veras<\/span><\/p><\/blockquote>\n<figure id=\"attachment_79183\" aria-describedby=\"caption-attachment-79183\" style=\"width: 2048px\" class=\"wp-caption aligncenter\"><a href=\"https:\/\/rioonwatch.org.br\/wp-content\/uploads\/2025\/09\/Moradores-interagem-com-o-mapa-confeccionado-pela-artesa-Marli-Damascena-cofundadora-do-Museu-da-Mare-na-estreia-da-exposicao-em-Rio-das-Pedras.-Foto-Barbara-Dias.jpg\"><img loading=\"lazy\" decoding=\"async\" class=\"wp-image-79183 size-full\" title=\"Moradores interagem com o mapa confeccionado pela artes\u00e3 Marli Damascena, cofundadora do Museu da Mar\u00e9, na estreia da exposi\u00e7\u00e3o em Rio das Pedras. Foto: B\u00e1rbara Dias\" src=\"https:\/\/rioonwatch.org.br\/wp-content\/uploads\/2025\/09\/Moradores-interagem-com-o-mapa-confeccionado-pela-artesa-Marli-Damascena-cofundadora-do-Museu-da-Mare-na-estreia-da-exposicao-em-Rio-das-Pedras.-Foto-Barbara-Dias.jpg\" alt=\"Moradores interagem com o mapa confeccionado pela artes\u00e3 Marli Damascena, cofundadora do Museu da Mar\u00e9, na estreia da exposi\u00e7\u00e3o em Rio das Pedras. Foto: B\u00e1rbara Dias\" width=\"2048\" height=\"1367\" srcset=\"https:\/\/rioonwatch.org.br\/wp-content\/uploads\/2025\/09\/Moradores-interagem-com-o-mapa-confeccionado-pela-artesa-Marli-Damascena-cofundadora-do-Museu-da-Mare-na-estreia-da-exposicao-em-Rio-das-Pedras.-Foto-Barbara-Dias.jpg 2048w, https:\/\/rioonwatch.org.br\/wp-content\/uploads\/2025\/09\/Moradores-interagem-com-o-mapa-confeccionado-pela-artesa-Marli-Damascena-cofundadora-do-Museu-da-Mare-na-estreia-da-exposicao-em-Rio-das-Pedras.-Foto-Barbara-Dias-620x414.jpg 620w, https:\/\/rioonwatch.org.br\/wp-content\/uploads\/2025\/09\/Moradores-interagem-com-o-mapa-confeccionado-pela-artesa-Marli-Damascena-cofundadora-do-Museu-da-Mare-na-estreia-da-exposicao-em-Rio-das-Pedras.-Foto-Barbara-Dias-768x513.jpg 768w, https:\/\/rioonwatch.org.br\/wp-content\/uploads\/2025\/09\/Moradores-interagem-com-o-mapa-confeccionado-pela-artesa-Marli-Damascena-cofundadora-do-Museu-da-Mare-na-estreia-da-exposicao-em-Rio-das-Pedras.-Foto-Barbara-Dias-1536x1025.jpg 1536w\" sizes=\"(max-width: 2048px) 100vw, 2048px\" \/><\/a><figcaption id=\"caption-attachment-79183\" class=\"wp-caption-text\">Moradores interagem com o mapa confeccionado pela artes\u00e3 Marli Damascena, cofundadora do Museu da Mar\u00e9, na estreia da exposi\u00e7\u00e3o em Rio das Pedras. Foto: B\u00e1rbara Dias<\/figcaption><\/figure>\n<p><span style=\"font-weight: 400;\">Carlos Silva, morador h\u00e1 44 anos, lutou por melhorias durante anos e trabalhou por 18 na <a href=\"https:\/\/bit.ly\/47qqkN7\" target=\"_blank\" rel=\"noopener\">Associa\u00e7\u00e3o de Moradores de Rio das Pedras<\/a>. Durante a roda de conversa que resultou na exposi\u00e7\u00e3o, prestou diversos depoimentos que comp\u00f5e a exposi\u00e7\u00e3o final. Ao ver o resultado na exposi\u00e7\u00e3o, enfatizou a import\u00e2ncia do engajamento dos moradores de favelas na constru\u00e7\u00e3o de uma mobiliza\u00e7\u00e3o popular por melhorias na qualidade de vida das pessoas.<\/span><\/p>\n<blockquote><p><span style=\"font-weight: 400;\">\u201c[Essa exposi\u00e7\u00e3o] \u00e9 muito importante para as pessoas conhecerem essa luta, essa garra [dos moradores], cada um nas suas periferias, nas nossas conex\u00f5es perif\u00e9ricas, Cidade de Deus, Acari, Penha. Inclusive eu conhe\u00e7o todas elas&#8230; \u00c9 importante essa visita aqui de conhecimento de luta das pessoas, n\u00e9? De moradores com as suas lutas pelo direito \u00e0 moradia, que todos n\u00f3s temos que ter o direito \u00e0 moradia digna, <a href=\"https:\/\/bit.ly\/3vraRvm\" target=\"_blank\" rel=\"noopener\">saneamento b\u00e1sico<\/a>, urbaniza\u00e7\u00e3o, pavimenta\u00e7\u00e3o, com \u00e1rea de esporte, lazer, cultura e sa\u00fade&#8230; Eu falo que eu sou um dos crias daqui, eu entrei nessa comunidade em 1979, participei dessas lutas de moradia, de sustentabilidade, voltadas para que as pessoas tivessem suas casas dignas.\u201d \u2014 Carlos Silva<\/span><\/p><\/blockquote>\n<figure id=\"attachment_79188\" aria-describedby=\"caption-attachment-79188\" style=\"width: 2048px\" class=\"wp-caption aligncenter\"><a href=\"https:\/\/rioonwatch.org.br\/wp-content\/uploads\/2025\/09\/Carlos-Silva-e-Marilene-Veras-moradores-de-longa-data-de-Rio-das-Pedras-compareceram-a-abertura-da-exposicao-no-Espaco-Semeando-Amor.-Foto-Barbara-Dias.jpg\"><img loading=\"lazy\" decoding=\"async\" class=\"wp-image-79188 size-full\" title=\"Carlos Silva e Marilene Veras, moradores de longa data de Rio das Pedras, compareceram \u00e0 abertura da exposi\u00e7\u00e3o no Espa\u00e7o Semeando Amor. Foto: B\u00e1rbara Dias\" src=\"https:\/\/rioonwatch.org.br\/wp-content\/uploads\/2025\/09\/Carlos-Silva-e-Marilene-Veras-moradores-de-longa-data-de-Rio-das-Pedras-compareceram-a-abertura-da-exposicao-no-Espaco-Semeando-Amor.-Foto-Barbara-Dias.jpg\" alt=\"Carlos Silva e Marilene Veras, moradores de longa data de Rio das Pedras, compareceram \u00e0 abertura da exposi\u00e7\u00e3o no Espa\u00e7o Semeando Amor. Foto: B\u00e1rbara Dias\" width=\"2048\" height=\"1367\" srcset=\"https:\/\/rioonwatch.org.br\/wp-content\/uploads\/2025\/09\/Carlos-Silva-e-Marilene-Veras-moradores-de-longa-data-de-Rio-das-Pedras-compareceram-a-abertura-da-exposicao-no-Espaco-Semeando-Amor.-Foto-Barbara-Dias.jpg 2048w, https:\/\/rioonwatch.org.br\/wp-content\/uploads\/2025\/09\/Carlos-Silva-e-Marilene-Veras-moradores-de-longa-data-de-Rio-das-Pedras-compareceram-a-abertura-da-exposicao-no-Espaco-Semeando-Amor.-Foto-Barbara-Dias-620x414.jpg 620w, https:\/\/rioonwatch.org.br\/wp-content\/uploads\/2025\/09\/Carlos-Silva-e-Marilene-Veras-moradores-de-longa-data-de-Rio-das-Pedras-compareceram-a-abertura-da-exposicao-no-Espaco-Semeando-Amor.-Foto-Barbara-Dias-768x513.jpg 768w, https:\/\/rioonwatch.org.br\/wp-content\/uploads\/2025\/09\/Carlos-Silva-e-Marilene-Veras-moradores-de-longa-data-de-Rio-das-Pedras-compareceram-a-abertura-da-exposicao-no-Espaco-Semeando-Amor.-Foto-Barbara-Dias-1536x1025.jpg 1536w\" sizes=\"(max-width: 2048px) 100vw, 2048px\" \/><\/a><figcaption id=\"caption-attachment-79188\" class=\"wp-caption-text\">Carlos Silva e Marilene Veras, moradores de longa data de Rio das Pedras, compareceram \u00e0 abertura da exposi\u00e7\u00e3o no espa\u00e7o do Semeando Amor. Foto: B\u00e1rbara Dias<\/figcaption><\/figure>\n<p><span style=\"font-weight: 400;\">Tamb\u00e9m moradora de Rio das Pedras e participante do projeto Semeando Amor, Claudia Santos contou como sua trajet\u00f3ria de vida se mistura com a hist\u00f3ria do territ\u00f3rio.<\/span><\/p>\n<blockquote><p><span style=\"font-weight: 400;\">\u201cEu cheguei aqui em Rio das Pedras no dia 19 de julho de 1991, ent\u00e3o estou h\u00e1 bastante tempo aqui. J\u00e1 vi o Rio das Pedras crescer em propor\u00e7\u00e3o gigantesca, e ter um evento desse na comunidade, para mim, que estou participando pela primeira vez, \u00e9 o m\u00e1ximo. Est\u00e1 sendo muito gostoso contribuir com a hist\u00f3ria, com a poesia que a gente fez no ano passado. \u00c9 uma pena que as pessoas ainda n\u00e3o entenderam o prop\u00f3sito disso, porque <a href=\"https:\/\/bit.ly\/3OChQbf\" target=\"_blank\" rel=\"noopener\">o lugar tem hist\u00f3ria<\/a>, n\u00f3s temos hist\u00f3rias&#8230; \u00c9 muita emo\u00e7\u00e3o [participar da exposi\u00e7\u00e3o]. Sabe o que eu queria? Que cada um dos moradores estivesse aqui para contribuir&#8230; Eu estou aqui participando, contribuindo, com vontade de trazer meus netos, meus parentes&#8230; O Rio das Pedras \u00e9 um lugar que tem muita hist\u00f3ria, n\u00e3o \u00e9 s\u00f3 a trag\u00e9dia, n\u00f3s temos pessoas trabalhadoras que criaram seus filhos, seus netos, chegaram aqui e fincaram o p\u00e9 na lama, sabe, para construir, para levantar o seu lar.\u201d \u2014 Claudia Santos<\/span><\/p><\/blockquote>\n<p><a href=\"https:\/\/bit.ly\/47hy6Jc\" target=\"_blank\" rel=\"noopener\"><span style=\"font-weight: 400;\">Confira aqui<\/span><\/a><span style=\"font-weight: 400;\"> e n\u00e3o perca o itiner\u00e1rio da exposi\u00e7\u00e3o \u2018Mem\u00f3ria Clim\u00e1tica das Favelas\u2019 em Rio das Pedras, que circula pelo territ\u00f3rio at\u00e9 <\/span>14 de setembro<span style=\"font-weight: 400;\">: <\/span><b><span style=\"font-weight: 400;\"><a href=\"https:\/\/bit.ly\/4oZEsDn\">Semeando Amor<\/a> (dias 1-2 de setembro), <a href=\"https:\/\/bit.ly\/47k5Mpv\" target=\"_blank\" rel=\"noopener\">Recanto da Areinha<\/a> (dia 3), <a href=\"https:\/\/bit.ly\/3VtMWoC\" target=\"_blank\" rel=\"noopener\">CAIC Euclides da Cunha<\/a> (dias 4-5), Pr\u00e9-Vestibular comunit\u00e1rio (dia 6), <a href=\"https:\/\/bit.ly\/3buP47y\" target=\"_blank\" rel=\"noopener\">Cine e Rock<\/a> (dia 7), <a href=\"https:\/\/bit.ly\/45KkCEC\" target=\"_blank\" rel=\"noopener\">Centro Cultural Celinho<\/a> (dia 9), <a href=\"https:\/\/bit.ly\/3UUhIaa\" target=\"_blank\" rel=\"noopener\">GET Mestre Diego Braga<\/a> (GET de Rio das Pedras) (dia 10), <a href=\"https:\/\/bit.ly\/4n3OeTP\" target=\"_blank\" rel=\"noopener\">EDI Professora Em\u00edlia Maria Vieira de Oliveira<\/a> (Rua Velha) (dias 12-13) e Feira Engenheiro (dia 14).\u00a0<\/span><\/b><\/p>\n<h3><b><a href=\"https:\/\/bit.ly\/MCemRDPFotos\">Veja o \u00e1lbum da exposi\u00e7\u00e3o<\/a> em todos seus pontos durante seu tour por Rio das Pedras:<\/b><\/h3>\n<p><a title=\"Exposi\u00e7\u00e3o 'Mem\u00f3ria Clim\u00e1tica das Favelas' no Projeto Social Semeando Amor, Rio das Pedras, 01 de setembro de 2025\" href=\"https:\/\/www.flickr.com\/photos\/catcomm\/albums\/72177720328771212\" data-flickr-embed=\"true\" data-footer=\"true\"><img loading=\"lazy\" decoding=\"async\" src=\"https:\/\/live.staticflickr.com\/65535\/54761190555_033600ff3e_h.jpg\" alt=\"Exposi\u00e7\u00e3o 'Mem\u00f3ria Clim\u00e1tica das Favelas' no Projeto Social Semeando Amor, Rio das Pedras, 01 de setembro de 2025\" width=\"1600\" height=\"1200\" \/><\/a><script async src=\"\/\/embedr.flickr.com\/assets\/client-code.js\" charset=\"utf-8\"><\/script><\/p>\n<p><em>*A Rede Favela Sustent\u00e1vel e o RioOnWatch s\u00e3o ambas iniciativas gerenciadas pela organiza\u00e7\u00e3o sem fins lucrativos, Comunidades Catalisadoras. A exposi\u00e7\u00e3o de Mem\u00f3ria Clim\u00e1tica das Favelas\u00a0re\u00fane 1.145 depoimentos de 382 moradores de dez favelas da capital fluminense, coletados e sistematizados ao longo de tr\u00eas anos de constru\u00e7\u00e3o coletiva. A\u00a0exposi\u00e7\u00e3o foi desenvolvida por onze museus e coletivos de mem\u00f3ria de favelas\u00a0integrantes da RFS:\u00a0<a href=\"https:\/\/bit.ly\/3VpRfRY\" rel=\"noopener\">Museu da Mar\u00e9<\/a>,\u00a0<a href=\"https:\/\/bit.ly\/3Ym5Hwi\" rel=\"noopener\">Museu Sankofa<\/a>,\u00a0<a href=\"https:\/\/bit.ly\/4d95ToV\" rel=\"noopener\">N\u00facleo de Orienta\u00e7\u00e3o e Pesquisa Hist\u00f3rica de Santa Cruz<\/a>,\u00a0<a href=\"https:\/\/bit.ly\/3Evtd3k\" rel=\"noopener\">Museu de Favela<\/a>,\u00a0<a href=\"https:\/\/bit.ly\/3CBLiYV\" rel=\"noopener\">N\u00facleo de Mem\u00f3rias do Vidigal<\/a>,\u00a0<a href=\"https:\/\/bit.ly\/4hEn5nZ\" rel=\"noopener\">Alfazendo<\/a>\u00a0(Cidade de Deus),\u00a0<a href=\"https:\/\/bit.ly\/4bKIUhw\" rel=\"noopener\">Centro de Integra\u00e7\u00e3o da Serra da Miseric\u00f3rdia<\/a>,\u00a0<a href=\"https:\/\/bit.ly\/3jtfLSI\" rel=\"noopener\">Museu do Horto<\/a>,\u00a0<a href=\"https:\/\/bit.ly\/49yIWsJ\" rel=\"noopener\">Fala Akari<\/a>,\u00a0<a href=\"https:\/\/bit.ly\/4mwSn26\" rel=\"noopener\">Conex\u00f5es Perif\u00e9ricas<\/a>\u00a0(Rio das Pedras) e\u00a0<a href=\"https:\/\/bit.ly\/3KIL0RM\" rel=\"noopener\">Museu das Remo\u00e7\u00f5es<\/a>.<br \/>\n<\/em><\/p>\n<p><em>Sobre a autora:\u00a0<a href=\"https:\/\/bit.ly\/3Gc3OJU\" rel=\"noopener\">B\u00e1rbara Dias<\/a>, cria de Bangu, possui licenciatura em Ci\u00eancias Biol\u00f3gicas, mestrado em Educa\u00e7\u00e3o Ambiental e atua como professora da rede p\u00fablica desde 2006. \u00c9 fotojornalista e trabalha tamb\u00e9m com fotografia documental. \u00c9 comunicadora popular formada pelo N\u00facleo Piratininga de Comunica\u00e7\u00e3o (<a href=\"https:\/\/bit.ly\/3i2GcdN\" rel=\"noopener\">NPC<\/a>) e co-fundadora do\u00a0<a href=\"https:\/\/bit.ly\/3vfY8bj\" rel=\"noopener\">Coletivo Fotoguerrilha<\/a>.<\/em><\/p>\n<hr \/>\n<h4><b data-stringify-type=\"bold\">Apoie nossos esfor\u00e7os para fornecer apoio estrat\u00e9gico \u00e0s favelas do Rio, incluindo o jornalismo hiperlocal, cr\u00edtico, inovador e incans\u00e1vel do\u00a0<\/b><b data-stringify-type=\"bold\"><i data-stringify-type=\"italic\">RioOnWatch<\/i><\/b>\u2014<a class=\"c-link\" href=\"http:\/\/www.bit.ly\/ApoieROW\" rel=\"noopener noreferrer\" data-stringify-link=\"http:\/\/www.bit.ly\/ApoieROW\" data-sk=\"tooltip_parent\">doe aqui<\/a>.<\/h4>\n<!-- AddThis Advanced Settings generic via filter on the_content --><!-- AddThis Share Buttons generic via filter on the_content -->","protected":false},"excerpt":{"rendered":"<div class=\"mh-excerpt\"><p>\ufeff\ufeff Click Here for English Ap\u00f3s seu tour por Acari, Zona Norte do Rio de Janeiro, em agosto, a exposi\u00e7\u00e3o &#8216;Mem\u00f3ria Clim\u00e1tica das Favelas&#8216; chega em Rio das Pedras, na Zona Oeste. Com um tour <a class=\"mh-excerpt-more\" href=\"https:\/\/rioonwatch.org.br\/?p=79182\" title=\"Em Rio das Pedras, Exposi\u00e7\u00e3o de Mem\u00f3ria Clim\u00e1tica das Favelas \u2018Muda a Vis\u00e3o Que a Gente Tem Sobre Nosso Pertencimento\u2019\">[&#8230;]<\/a><!-- AddThis Advanced Settings generic via filter on get_the_excerpt --><!-- AddThis Share Buttons generic via filter on get_the_excerpt --><\/p>\n<\/div>","protected":false},"author":192,"featured_media":79327,"comment_status":"closed","ping_status":"closed","sticky":false,"template":"template-full.php","format":"standard","meta":{"_acf_changed":false,"_monsterinsights_skip_tracking":false,"_monsterinsights_sitenote_active":false,"_monsterinsights_sitenote_note":"","_monsterinsights_sitenote_category":0,"footnotes":""},"categories":[1621,1627,1633,3170,1612,342],"tags":[363,965,1146,841,3112,1551,465,106,469,1719,2901,1393,3334,404,184],"writer":[3244],"translator":[],"source":[],"ilustrador":[],"fotografo":[3184],"class_list":{"0":"post-79182","1":"post","2":"type-post","3":"status-publish","4":"format-standard","5":"has-post-thumbnail","7":"category-destaque","8":"category-relato-de-evento","9":"category-foto-reportagens","10":"category-justica-climatica","11":"category-sociedade-civil","12":"category-solucoes","13":"tag-educacao-ambiental","14":"tag-enchente","15":"tag-exposicao","16":"tag-historia-oral","17":"tag-justica-climatica","18":"tag-lagoa","19":"tag-lagoa-de-jacarepagua","20":"tag-meio-ambiente","21":"tag-memoria","22":"tag-mudancas-climaticas","23":"tag-rfs","24":"tag-rio-das-pedras","25":"tag-serie-memoria-climatica-das-favelas","26":"tag-sustentabilidade","27":"tag-zona-oeste","28":"writer-barbara-dias","29":"fotografo-barbara-dias"},"acf":[],"yoast_head":"<!-- This site is optimized with the Yoast SEO plugin v25.6 - https:\/\/yoast.com\/wordpress\/plugins\/seo\/ -->\n<title>Em Rio das Pedras, Exposi\u00e7\u00e3o de Mem\u00f3ria Clim\u00e1tica das Favelas \u2018Muda a Vis\u00e3o Que a Gente Tem Sobre Nosso Pertencimento\u2019 - RioOnWatch<\/title>\n<meta name=\"robots\" content=\"index, follow, max-snippet:-1, max-image-preview:large, max-video-preview:-1\" \/>\n<link rel=\"canonical\" href=\"https:\/\/rioonwatch.org.br\/?p=79182\" \/>\n<meta property=\"og:locale\" content=\"pt_BR\" \/>\n<meta property=\"og:type\" content=\"article\" \/>\n<meta property=\"og:title\" content=\"Em Rio das Pedras, Exposi\u00e7\u00e3o de Mem\u00f3ria Clim\u00e1tica das Favelas \u2018Muda a Vis\u00e3o Que a Gente Tem Sobre Nosso Pertencimento\u2019 - RioOnWatch\" \/>\n<meta property=\"og:description\" content=\"\ufeff\ufeff Click Here for English Ap\u00f3s seu tour por Acari, Zona Norte do Rio de Janeiro, em agosto, a exposi\u00e7\u00e3o &#8216;Mem\u00f3ria Clim\u00e1tica das Favelas&#8216; chega em Rio das Pedras, na Zona Oeste. Com um tour [...]\" \/>\n<meta property=\"og:url\" content=\"https:\/\/rioonwatch.org.br\/?p=79182\" \/>\n<meta property=\"og:site_name\" content=\"RioOnWatch\" \/>\n<meta property=\"article:published_time\" content=\"2025-09-04T19:51:59+00:00\" \/>\n<meta property=\"article:modified_time\" content=\"2025-11-14T14:49:34+00:00\" \/>\n<meta property=\"og:image\" content=\"https:\/\/rioonwatch.org.br\/wp-content\/uploads\/2025\/09\/capa_memoria-climatica-rio-das-pedras_fotos.png\" \/>\n\t<meta property=\"og:image:width\" content=\"1920\" \/>\n\t<meta property=\"og:image:height\" content=\"1080\" \/>\n\t<meta property=\"og:image:type\" content=\"image\/png\" \/>\n<meta name=\"author\" content=\"Beatriz Miranda\" \/>\n<meta name=\"twitter:card\" content=\"summary_large_image\" \/>\n<meta name=\"twitter:label1\" content=\"Escrito por\" \/>\n\t<meta name=\"twitter:data1\" content=\"Beatriz Miranda\" \/>\n\t<meta name=\"twitter:label2\" content=\"Est. tempo de leitura\" \/>\n\t<meta name=\"twitter:data2\" content=\"6 minutos\" \/>\n<script type=\"application\/ld+json\" class=\"yoast-schema-graph\">{\"@context\":\"https:\/\/schema.org\",\"@graph\":[{\"@type\":\"Article\",\"@id\":\"https:\/\/rioonwatch.org.br\/?p=79182#article\",\"isPartOf\":{\"@id\":\"https:\/\/rioonwatch.org.br\/?p=79182\"},\"author\":{\"name\":\"Beatriz Miranda\",\"@id\":\"https:\/\/rioonwatch.org.br\/#\/schema\/person\/1150bfc199e76e22909b454a0c139c4b\"},\"headline\":\"Em Rio das Pedras, Exposi\u00e7\u00e3o de Mem\u00f3ria Clim\u00e1tica das Favelas \u2018Muda a Vis\u00e3o Que a Gente Tem Sobre Nosso Pertencimento\u2019\",\"datePublished\":\"2025-09-04T19:51:59+00:00\",\"dateModified\":\"2025-11-14T14:49:34+00:00\",\"mainEntityOfPage\":{\"@id\":\"https:\/\/rioonwatch.org.br\/?p=79182\"},\"wordCount\":1547,\"publisher\":{\"@id\":\"https:\/\/rioonwatch.org.br\/#organization\"},\"image\":{\"@id\":\"https:\/\/rioonwatch.org.br\/?p=79182#primaryimage\"},\"thumbnailUrl\":\"https:\/\/rioonwatch.org.br\/wp-content\/uploads\/2025\/09\/capa_memoria-climatica-rio-das-pedras_fotos.png\",\"keywords\":[\"educa\u00e7\u00e3o ambiental\",\"enchente\",\"exposi\u00e7\u00e3o\",\"hist\u00f3ria oral\",\"Justi\u00e7a Clim\u00e1tica\",\"Lagoa\",\"Lagoa de Jacarepagu\u00e1\",\"meio ambiente\",\"Mem\u00f3rias Faveladas\",\"mudan\u00e7as clim\u00e1ticas\",\"Rede Favela Sustent\u00e1vel\",\"Rio das Pedras\",\"S\u00e9rie: Mem\u00f3ria Clim\u00e1tica das Favelas\",\"sustentabilidade\",\"Zona Oeste\"],\"articleSection\":[\"*Destaque\",\"Cobertura de Eventos\",\"Fotorreportagens\",\"Justi\u00e7a Clim\u00e1tica\",\"Sociedade Civil\",\"Solu\u00e7\u00f5es\"],\"inLanguage\":\"pt-BR\"},{\"@type\":\"WebPage\",\"@id\":\"https:\/\/rioonwatch.org.br\/?p=79182\",\"url\":\"https:\/\/rioonwatch.org.br\/?p=79182\",\"name\":\"Em Rio das Pedras, Exposi\u00e7\u00e3o de Mem\u00f3ria Clim\u00e1tica das Favelas \u2018Muda a Vis\u00e3o Que a Gente Tem Sobre Nosso Pertencimento\u2019 - RioOnWatch\",\"isPartOf\":{\"@id\":\"https:\/\/rioonwatch.org.br\/#website\"},\"primaryImageOfPage\":{\"@id\":\"https:\/\/rioonwatch.org.br\/?p=79182#primaryimage\"},\"image\":{\"@id\":\"https:\/\/rioonwatch.org.br\/?p=79182#primaryimage\"},\"thumbnailUrl\":\"https:\/\/rioonwatch.org.br\/wp-content\/uploads\/2025\/09\/capa_memoria-climatica-rio-das-pedras_fotos.png\",\"datePublished\":\"2025-09-04T19:51:59+00:00\",\"dateModified\":\"2025-11-14T14:49:34+00:00\",\"breadcrumb\":{\"@id\":\"https:\/\/rioonwatch.org.br\/?p=79182#breadcrumb\"},\"inLanguage\":\"pt-BR\",\"potentialAction\":[{\"@type\":\"ReadAction\",\"target\":[\"https:\/\/rioonwatch.org.br\/?p=79182\"]}]},{\"@type\":\"ImageObject\",\"inLanguage\":\"pt-BR\",\"@id\":\"https:\/\/rioonwatch.org.br\/?p=79182#primaryimage\",\"url\":\"https:\/\/rioonwatch.org.br\/wp-content\/uploads\/2025\/09\/capa_memoria-climatica-rio-das-pedras_fotos.png\",\"contentUrl\":\"https:\/\/rioonwatch.org.br\/wp-content\/uploads\/2025\/09\/capa_memoria-climatica-rio-das-pedras_fotos.png\",\"width\":1920,\"height\":1080},{\"@type\":\"BreadcrumbList\",\"@id\":\"https:\/\/rioonwatch.org.br\/?p=79182#breadcrumb\",\"itemListElement\":[{\"@type\":\"ListItem\",\"position\":1,\"name\":\"In\u00edcio\",\"item\":\"https:\/\/rioonwatch.org.br\/\"},{\"@type\":\"ListItem\",\"position\":2,\"name\":\"Em Rio das Pedras, Exposi\u00e7\u00e3o de Mem\u00f3ria Clim\u00e1tica das Favelas \u2018Muda a Vis\u00e3o Que a Gente Tem Sobre Nosso Pertencimento\u2019\"}]},{\"@type\":\"WebSite\",\"@id\":\"https:\/\/rioonwatch.org.br\/#website\",\"url\":\"https:\/\/rioonwatch.org.br\/\",\"name\":\"RioOnWatch\",\"description\":\"relatos das favelas cariocas\",\"publisher\":{\"@id\":\"https:\/\/rioonwatch.org.br\/#organization\"},\"potentialAction\":[{\"@type\":\"SearchAction\",\"target\":{\"@type\":\"EntryPoint\",\"urlTemplate\":\"https:\/\/rioonwatch.org.br\/?s={search_term_string}\"},\"query-input\":{\"@type\":\"PropertyValueSpecification\",\"valueRequired\":true,\"valueName\":\"search_term_string\"}}],\"inLanguage\":\"pt-BR\"},{\"@type\":\"Organization\",\"@id\":\"https:\/\/rioonwatch.org.br\/#organization\",\"name\":\"RioOnWatch\",\"url\":\"https:\/\/rioonwatch.org.br\/\",\"logo\":{\"@type\":\"ImageObject\",\"inLanguage\":\"pt-BR\",\"@id\":\"https:\/\/rioonwatch.org.br\/#\/schema\/logo\/image\/\",\"url\":\"https:\/\/rioonwatch.org.br\/wp-content\/uploads\/2021\/06\/RioOnWatchcabecalhoPT11anos-2.png\",\"contentUrl\":\"https:\/\/rioonwatch.org.br\/wp-content\/uploads\/2021\/06\/RioOnWatchcabecalhoPT11anos-2.png\",\"width\":779,\"height\":277,\"caption\":\"RioOnWatch\"},\"image\":{\"@id\":\"https:\/\/rioonwatch.org.br\/#\/schema\/logo\/image\/\"}},{\"@type\":\"Person\",\"@id\":\"https:\/\/rioonwatch.org.br\/#\/schema\/person\/1150bfc199e76e22909b454a0c139c4b\",\"name\":\"Beatriz Miranda\",\"image\":{\"@type\":\"ImageObject\",\"inLanguage\":\"pt-BR\",\"@id\":\"https:\/\/rioonwatch.org.br\/#\/schema\/person\/image\/\",\"url\":\"https:\/\/secure.gravatar.com\/avatar\/41a514d4cb8be1f42ceaebd1038a447b?s=96&d=blank&r=g\",\"contentUrl\":\"https:\/\/secure.gravatar.com\/avatar\/41a514d4cb8be1f42ceaebd1038a447b?s=96&d=blank&r=g\",\"caption\":\"Beatriz Miranda\"},\"url\":\"https:\/\/rioonwatch.org.br\/?author=192\"}]}<\/script>\n<!-- \/ Yoast SEO plugin. -->","yoast_head_json":{"title":"Em Rio das Pedras, Exposi\u00e7\u00e3o de Mem\u00f3ria Clim\u00e1tica das Favelas \u2018Muda a Vis\u00e3o Que a Gente Tem Sobre Nosso Pertencimento\u2019 - RioOnWatch","robots":{"index":"index","follow":"follow","max-snippet":"max-snippet:-1","max-image-preview":"max-image-preview:large","max-video-preview":"max-video-preview:-1"},"canonical":"https:\/\/rioonwatch.org.br\/?p=79182","og_locale":"pt_BR","og_type":"article","og_title":"Em Rio das Pedras, Exposi\u00e7\u00e3o de Mem\u00f3ria Clim\u00e1tica das Favelas \u2018Muda a Vis\u00e3o Que a Gente Tem Sobre Nosso Pertencimento\u2019 - RioOnWatch","og_description":"\ufeff\ufeff Click Here for English Ap\u00f3s seu tour por Acari, Zona Norte do Rio de Janeiro, em agosto, a exposi\u00e7\u00e3o &#8216;Mem\u00f3ria Clim\u00e1tica das Favelas&#8216; chega em Rio das Pedras, na Zona Oeste. Com um tour [...]","og_url":"https:\/\/rioonwatch.org.br\/?p=79182","og_site_name":"RioOnWatch","article_published_time":"2025-09-04T19:51:59+00:00","article_modified_time":"2025-11-14T14:49:34+00:00","og_image":[{"url":"https:\/\/rioonwatch.org.br\/wp-content\/uploads\/2025\/09\/capa_memoria-climatica-rio-das-pedras_fotos.png","width":1920,"height":1080,"type":"image\/png"}],"author":"Beatriz Miranda","twitter_card":"summary_large_image","twitter_misc":{"Escrito por":"Beatriz Miranda","Est. tempo de leitura":"6 minutos"},"schema":{"@context":"https:\/\/schema.org","@graph":[{"@type":"Article","@id":"https:\/\/rioonwatch.org.br\/?p=79182#article","isPartOf":{"@id":"https:\/\/rioonwatch.org.br\/?p=79182"},"author":{"name":"Beatriz Miranda","@id":"https:\/\/rioonwatch.org.br\/#\/schema\/person\/1150bfc199e76e22909b454a0c139c4b"},"headline":"Em Rio das Pedras, Exposi\u00e7\u00e3o de Mem\u00f3ria Clim\u00e1tica das Favelas \u2018Muda a Vis\u00e3o Que a Gente Tem Sobre Nosso Pertencimento\u2019","datePublished":"2025-09-04T19:51:59+00:00","dateModified":"2025-11-14T14:49:34+00:00","mainEntityOfPage":{"@id":"https:\/\/rioonwatch.org.br\/?p=79182"},"wordCount":1547,"publisher":{"@id":"https:\/\/rioonwatch.org.br\/#organization"},"image":{"@id":"https:\/\/rioonwatch.org.br\/?p=79182#primaryimage"},"thumbnailUrl":"https:\/\/rioonwatch.org.br\/wp-content\/uploads\/2025\/09\/capa_memoria-climatica-rio-das-pedras_fotos.png","keywords":["educa\u00e7\u00e3o ambiental","enchente","exposi\u00e7\u00e3o","hist\u00f3ria oral","Justi\u00e7a Clim\u00e1tica","Lagoa","Lagoa de Jacarepagu\u00e1","meio ambiente","Mem\u00f3rias Faveladas","mudan\u00e7as clim\u00e1ticas","Rede Favela Sustent\u00e1vel","Rio das Pedras","S\u00e9rie: Mem\u00f3ria Clim\u00e1tica das Favelas","sustentabilidade","Zona Oeste"],"articleSection":["*Destaque","Cobertura de Eventos","Fotorreportagens","Justi\u00e7a Clim\u00e1tica","Sociedade Civil","Solu\u00e7\u00f5es"],"inLanguage":"pt-BR"},{"@type":"WebPage","@id":"https:\/\/rioonwatch.org.br\/?p=79182","url":"https:\/\/rioonwatch.org.br\/?p=79182","name":"Em Rio das Pedras, Exposi\u00e7\u00e3o de Mem\u00f3ria Clim\u00e1tica das Favelas \u2018Muda a Vis\u00e3o Que a Gente Tem Sobre Nosso Pertencimento\u2019 - RioOnWatch","isPartOf":{"@id":"https:\/\/rioonwatch.org.br\/#website"},"primaryImageOfPage":{"@id":"https:\/\/rioonwatch.org.br\/?p=79182#primaryimage"},"image":{"@id":"https:\/\/rioonwatch.org.br\/?p=79182#primaryimage"},"thumbnailUrl":"https:\/\/rioonwatch.org.br\/wp-content\/uploads\/2025\/09\/capa_memoria-climatica-rio-das-pedras_fotos.png","datePublished":"2025-09-04T19:51:59+00:00","dateModified":"2025-11-14T14:49:34+00:00","breadcrumb":{"@id":"https:\/\/rioonwatch.org.br\/?p=79182#breadcrumb"},"inLanguage":"pt-BR","potentialAction":[{"@type":"ReadAction","target":["https:\/\/rioonwatch.org.br\/?p=79182"]}]},{"@type":"ImageObject","inLanguage":"pt-BR","@id":"https:\/\/rioonwatch.org.br\/?p=79182#primaryimage","url":"https:\/\/rioonwatch.org.br\/wp-content\/uploads\/2025\/09\/capa_memoria-climatica-rio-das-pedras_fotos.png","contentUrl":"https:\/\/rioonwatch.org.br\/wp-content\/uploads\/2025\/09\/capa_memoria-climatica-rio-das-pedras_fotos.png","width":1920,"height":1080},{"@type":"BreadcrumbList","@id":"https:\/\/rioonwatch.org.br\/?p=79182#breadcrumb","itemListElement":[{"@type":"ListItem","position":1,"name":"In\u00edcio","item":"https:\/\/rioonwatch.org.br\/"},{"@type":"ListItem","position":2,"name":"Em Rio das Pedras, Exposi\u00e7\u00e3o de Mem\u00f3ria Clim\u00e1tica das Favelas \u2018Muda a Vis\u00e3o Que a Gente Tem Sobre Nosso Pertencimento\u2019"}]},{"@type":"WebSite","@id":"https:\/\/rioonwatch.org.br\/#website","url":"https:\/\/rioonwatch.org.br\/","name":"RioOnWatch","description":"relatos das favelas cariocas","publisher":{"@id":"https:\/\/rioonwatch.org.br\/#organization"},"potentialAction":[{"@type":"SearchAction","target":{"@type":"EntryPoint","urlTemplate":"https:\/\/rioonwatch.org.br\/?s={search_term_string}"},"query-input":{"@type":"PropertyValueSpecification","valueRequired":true,"valueName":"search_term_string"}}],"inLanguage":"pt-BR"},{"@type":"Organization","@id":"https:\/\/rioonwatch.org.br\/#organization","name":"RioOnWatch","url":"https:\/\/rioonwatch.org.br\/","logo":{"@type":"ImageObject","inLanguage":"pt-BR","@id":"https:\/\/rioonwatch.org.br\/#\/schema\/logo\/image\/","url":"https:\/\/rioonwatch.org.br\/wp-content\/uploads\/2021\/06\/RioOnWatchcabecalhoPT11anos-2.png","contentUrl":"https:\/\/rioonwatch.org.br\/wp-content\/uploads\/2021\/06\/RioOnWatchcabecalhoPT11anos-2.png","width":779,"height":277,"caption":"RioOnWatch"},"image":{"@id":"https:\/\/rioonwatch.org.br\/#\/schema\/logo\/image\/"}},{"@type":"Person","@id":"https:\/\/rioonwatch.org.br\/#\/schema\/person\/1150bfc199e76e22909b454a0c139c4b","name":"Beatriz Miranda","image":{"@type":"ImageObject","inLanguage":"pt-BR","@id":"https:\/\/rioonwatch.org.br\/#\/schema\/person\/image\/","url":"https:\/\/secure.gravatar.com\/avatar\/41a514d4cb8be1f42ceaebd1038a447b?s=96&d=blank&r=g","contentUrl":"https:\/\/secure.gravatar.com\/avatar\/41a514d4cb8be1f42ceaebd1038a447b?s=96&d=blank&r=g","caption":"Beatriz Miranda"},"url":"https:\/\/rioonwatch.org.br\/?author=192"}]}},"_links":{"self":[{"href":"https:\/\/rioonwatch.org.br\/index.php?rest_route=\/wp\/v2\/posts\/79182"}],"collection":[{"href":"https:\/\/rioonwatch.org.br\/index.php?rest_route=\/wp\/v2\/posts"}],"about":[{"href":"https:\/\/rioonwatch.org.br\/index.php?rest_route=\/wp\/v2\/types\/post"}],"author":[{"embeddable":true,"href":"https:\/\/rioonwatch.org.br\/index.php?rest_route=\/wp\/v2\/users\/192"}],"replies":[{"embeddable":true,"href":"https:\/\/rioonwatch.org.br\/index.php?rest_route=%2Fwp%2Fv2%2Fcomments&post=79182"}],"version-history":[{"count":20,"href":"https:\/\/rioonwatch.org.br\/index.php?rest_route=\/wp\/v2\/posts\/79182\/revisions"}],"predecessor-version":[{"id":80222,"href":"https:\/\/rioonwatch.org.br\/index.php?rest_route=\/wp\/v2\/posts\/79182\/revisions\/80222"}],"wp:featuredmedia":[{"embeddable":true,"href":"https:\/\/rioonwatch.org.br\/index.php?rest_route=\/wp\/v2\/media\/79327"}],"wp:attachment":[{"href":"https:\/\/rioonwatch.org.br\/index.php?rest_route=%2Fwp%2Fv2%2Fmedia&parent=79182"}],"wp:term":[{"taxonomy":"category","embeddable":true,"href":"https:\/\/rioonwatch.org.br\/index.php?rest_route=%2Fwp%2Fv2%2Fcategories&post=79182"},{"taxonomy":"post_tag","embeddable":true,"href":"https:\/\/rioonwatch.org.br\/index.php?rest_route=%2Fwp%2Fv2%2Ftags&post=79182"},{"taxonomy":"writer","embeddable":true,"href":"https:\/\/rioonwatch.org.br\/index.php?rest_route=%2Fwp%2Fv2%2Fwriter&post=79182"},{"taxonomy":"translator","embeddable":true,"href":"https:\/\/rioonwatch.org.br\/index.php?rest_route=%2Fwp%2Fv2%2Ftranslator&post=79182"},{"taxonomy":"source","embeddable":true,"href":"https:\/\/rioonwatch.org.br\/index.php?rest_route=%2Fwp%2Fv2%2Fsource&post=79182"},{"taxonomy":"ilustrador","embeddable":true,"href":"https:\/\/rioonwatch.org.br\/index.php?rest_route=%2Fwp%2Fv2%2Filustrador&post=79182"},{"taxonomy":"fotografo","embeddable":true,"href":"https:\/\/rioonwatch.org.br\/index.php?rest_route=%2Fwp%2Fv2%2Ffotografo&post=79182"}],"curies":[{"name":"wp","href":"https:\/\/api.w.org\/{rel}","templated":true}]}}