{"id":7921,"date":"2013-10-16T12:29:04","date_gmt":"2013-10-16T15:29:04","guid":{"rendered":"http:\/\/rioonwatch.org.br\/?p=7921"},"modified":"2024-06-20T16:29:56","modified_gmt":"2024-06-20T19:29:56","slug":"o-que-e-o-direito-a-cidade","status":"publish","type":"post","link":"https:\/\/rioonwatch.org.br\/?p=7921","title":{"rendered":"O que \u00e9 o Direito \u00e0 Cidade?"},"content":{"rendered":"<p style=\"text-align: right;\"><em><strong><a href=\"http:\/\/bit.ly\/1SsnfR0\" target=\"_blank\" rel=\"noopener noreferrer\">Click Here for English<img decoding=\"async\" width=\"20\" height=\"20\" class=\"alignright wp-image-15790\" src=\"http:\/\/rioonwatch.org.br\/wp-content\/uploads\/2012\/08\/EN-standard-e1439583104716.jpg\" alt=\"\" \/><\/a><\/strong><\/em><\/p>\n<p><em>Essa mat\u00e9ria \u00e9 uma contribui\u00e7\u00e3o ao\u00a0<a href=\"http:\/\/bit.ly\/1gHqUF7\" target=\"_blank\" rel=\"noopener\">Blog Action Day 2013<\/a>, uma reflex\u00e3o de blogueiros de todo o mundo sobre o tema desse ano, Direitos Humanos.<\/em><\/p>\n<p>Ao longo dos \u00faltimos anos tem havido muitos protestos e movimentos sociais sob o slogan &#8216;direito \u00e0 cidade&#8217;, desde\u00a0<a href=\"http:\/\/alj.am\/18iIkEs\" target=\"_blank\" rel=\"noopener\">moradores de conjuntos habitacionais em New Orleans<\/a> que desejam recuperar seus bairros antigos a <a href=\"http:\/\/bit.ly\/17rUZBr\" target=\"_blank\" rel=\"noopener\">berlinenses lutando contra a demoli\u00e7\u00e3o<\/a> da \u00faltima parte restante do muro de Berlim para a constru\u00e7\u00e3o de apartamentos de luxo, ou no Rio de Janeiro com as lutas de moradores resistindo \u00e0s <a href=\"http:\/\/bit.ly\/X51Qvb\" target=\"_blank\" rel=\"noopener\">remo\u00e7\u00f5es<\/a> para as prepara\u00e7\u00f5es para a Copa do Mundo do ano que vem e das Olimp\u00edadas de 2016. Estas quest\u00f5es concernem ao direito \u00e0 cidade. Mas o que esta frase realmente significa? O que \u00e9 este &#8220;direito&#8221;? Todos t\u00eam direito a tal? Por que \u00e9 importante?<\/p>\n<p><strong>A origem da ideia<\/strong><\/p>\n<p>O conceito foi desenvolvido pelo soci\u00f3logo franc\u00eas <a href=\"http:\/\/bit.ly\/19IibxA\" target=\"_blank\" rel=\"noopener\">Henri Lefebvre<\/a> em seu livro de 1968 <em>Le droit \u00e0 la ville<\/em>. Ele define o direito \u00e0 cidade como um direito de n\u00e3o exclus\u00e3o da sociedade urbana das qualidades e benef\u00edcios da vida urbana. No texto Lefebvre escreve sobre a segrega\u00e7\u00e3o s\u00f3cio-econ\u00f4mica e seu fen\u00f4meno de afastamento. Ele refere-se \u00e0 &#8220;trag\u00e9dia dos <em>banlieusards<\/em>\u201d, pessoas for\u00e7adas a viver em guetos residenciais longe do centro da cidade. Perante este cen\u00e1rio, ele exige o direito \u00e0 cidade como uma recupera\u00e7\u00e3o coletiva do espa\u00e7o urbano por grupos marginalizados que vivem nos distritos perif\u00e9ricos da cidade. Na d\u00e9cada de 90 as id\u00e9ias de Lefebvres foram retomadas nas \u00e1reas de geografia e planejamento urbano, e se tornou o slogan de muitos movimentos sociais.<\/p>\n<p><a href=\"http:\/\/rioonwatch.org.br\/wp-content\/uploads\/2013\/10\/urbanhabitat.org_.jpg\"><img fetchpriority=\"high\" decoding=\"async\" class=\"aligncenter wp-image-27212 size-content\" title=\"Foto por urbanhabitat.org\" src=\"http:\/\/rioonwatch.org.br\/wp-content\/uploads\/2013\/10\/urbanhabitat.org_-600x264.jpg\" alt=\"\" width=\"600\" height=\"264\" \/><\/a><\/p>\n<p>Hoje, a cidade centrada no mercado \u00e9 o foco, incluindo novos m\u00e9todos de produ\u00e7\u00e3o e novas formas de segrega\u00e7\u00e3o e exclus\u00e3o. H\u00e1 uma aus\u00eancia de participa\u00e7\u00e3o na forma\u00e7\u00e3o da cidade por aqueles que foram exclu\u00eddos do desenvolvimento econ\u00f4mico, para aqueles que foram deslocados por meio de <a href=\"http:\/\/bit.ly\/184FqS4\" target=\"_blank\" rel=\"noopener\">gentrifica\u00e7\u00e3o<\/a> ou para aqueles que est\u00e3o sofrendo com pol\u00edticas de imigra\u00e7\u00e3o excludentes. Os te\u00f3ricos sociais David Harvey e Margit Mayer delinearam a demanda por direito \u00e0 cidade como uma esp\u00e9cie de pedido para todas as pessoas que vivem na cidade.<\/p>\n<p><a href=\"http:\/\/bit.ly\/171FF4g\" target=\"_blank\" rel=\"noopener\">De acordo com Harvey<\/a>: &#8220;O direito \u00e0 cidade \u00e9 muito mais do que a liberdade individual para acessar os recursos urbanos: \u00e9 o direito de mudar a n\u00f3s mesmos, mudando a cidade. Ali\u00e1s, com frequ\u00eancia, n\u00e3o se trata de um direito individual uma vez que esta transforma\u00e7\u00e3o depende, inevitavelmente, do exerc\u00edcio de um poder coletivo para remodelar os processos de urbaniza\u00e7\u00e3o. A liberdade de criar e recriar nossas cidades e a n\u00f3s mesmos \u00e9, eu quero argumentar, um dos mais preciosos e dos mais negligenciado dos nossos direitos humanos\u201d.<\/p>\n<p><strong>O que isso significa?<\/strong><\/p>\n<p><a href=\"http:\/\/rioonwatch.org.br\/wp-content\/uploads\/2013\/10\/berlineur.de_.jpg\"><img decoding=\"async\" class=\"aligncenter wp-image-27213 size-content\" title=\"&quot;Reivendicar sua cidade&quot; em Berlin. Foto de berlineur.de\" src=\"http:\/\/rioonwatch.org.br\/wp-content\/uploads\/2013\/10\/berlineur.de_-600x264.jpg\" alt=\"\" width=\"600\" height=\"264\" \/><\/a><\/p>\n<p>O direito \u00e0 cidade n\u00e3o \u00e9 para ser entendido como um direito legal individual. Muitas vezes, \u00e9 visto como uma utopia social e como reivindica\u00e7\u00f5es coletivas inspiradas em id\u00e9ias e sugest\u00f5es de movimentos sociais para um mundo melhor. Este \u00e9 um slogan para os movimentos em todo o mundo, que lutam contra as manifesta\u00e7\u00f5es de muitas cidades modernas, em que os processos e servi\u00e7os p\u00fablicos foram privatizados e onde o desenvolvimento \u00e9 impulsionado principalmente se n\u00e3o exclusivamente por empresas e mercados. Gihan Perera, co-fundador do <a href=\"http:\/\/bit.ly\/1bvFyvn\" target=\"_blank\" rel=\"noopener\">Right to the City<\/a> Alliance, descreve-o como :<\/p>\n<blockquote><p>O direito \u00e0 cidade \u00e9 sobre o poder para a classe trabalhadora, para as pessoas de cor, para os imigrantes, os jovens e para todos os outros comprometidos com uma sociedade verdadeiramente democr\u00e1tica. Uma sociedade onde todos os habitantes da cidade t\u00eam o poder de moldar as decis\u00f5es e as condi\u00e7\u00f5es que afetam nossas vidas. Lutamos por melhorias concretas que resultam em comunidades mais fortes e um melhor estado de ser para os nossos amigos, familiares e para o futuro dos nossos filhos. Nossas organiza\u00e7\u00f5es defendem campanhas para a conquista de habita\u00e7\u00e3o, educa\u00e7\u00e3o, transporte e emprego. Lutamos por uma comunidade segura e seguran\u00e7a, sustentabilidade do bairro, justi\u00e7a ambiental e direito \u00e0 cultura, celebra\u00e7\u00e3o, descanso e espa\u00e7os p\u00fablicos. Estes s\u00e3o os resultados relevantes das nossas lutas para ter de volta a cidade. Estes s\u00e3o os objetivos que emolduram o direito \u00e0 cidade.<\/p><\/blockquote>\n<p><strong>O Direito \u00e0 Cidade no Rio de Janeiro<\/strong><\/p>\n<p>No Brasil, o <a href=\"http:\/\/bit.ly\/15HOcWN\" target=\"_blank\" rel=\"noopener\">Estatuto da Cidade<\/a> de 2001 inscreveu o direito \u00e0 cidade na lei federal. No entanto, no contexto das r\u00e1pidas transforma\u00e7\u00f5es em curso no Rio em prepara\u00e7\u00e3o para a Copa do Mundo de 2014 e as Olimp\u00edadas de 2016 e a falta de participa\u00e7\u00e3o p\u00fablica nestas transforma\u00e7\u00f5es, o direito coletivo \u00e0 cidade est\u00e1 seriamente comprometido. Os moradores de favelas s\u00e3o especialmente afetados, com <a href=\"http:\/\/bit.ly\/11VQuuW\" target=\"_blank\" rel=\"noopener\">milhares de pessoas enfrentando<\/a> a amea\u00e7a de remo\u00e7\u00e3o, passando por remo\u00e7\u00e3o ou que j\u00e1 foram removidos de suas casas. Em <a href=\"http:\/\/bit.ly\/12hqS0g\" target=\"_blank\" rel=\"noopener\">protestos<\/a> e debates por toda a cidade, os <a href=\"http:\/\/bit.ly\/H1kBPJ\" target=\"_blank\" rel=\"noopener\">moradores do Rio est\u00e3o questionando<\/a> at\u00e9 que ponto a sua cidade est\u00e1 sendo modelada sem eles e para os outros.<\/p>\n<!-- AddThis Advanced Settings generic via filter on the_content --><!-- AddThis Share Buttons generic via filter on the_content -->","protected":false},"excerpt":{"rendered":"<div class=\"mh-excerpt\"><p>Click Here for English Essa mat\u00e9ria \u00e9 uma contribui\u00e7\u00e3o ao\u00a0Blog Action Day 2013, uma reflex\u00e3o de blogueiros de todo o mundo sobre o tema desse ano, Direitos Humanos. Ao longo dos \u00faltimos anos tem havido <a class=\"mh-excerpt-more\" href=\"https:\/\/rioonwatch.org.br\/?p=7921\" title=\"O que \u00e9 o Direito \u00e0 Cidade?\">[&#8230;]<\/a><!-- AddThis Advanced Settings generic via filter on get_the_excerpt --><!-- AddThis Share Buttons generic via filter on get_the_excerpt --><\/p>\n<\/div>","protected":false},"author":129,"featured_media":27212,"comment_status":"closed","ping_status":"closed","sticky":false,"template":"","format":"standard","meta":{"_acf_changed":false,"_monsterinsights_skip_tracking":false,"_monsterinsights_sitenote_active":false,"_monsterinsights_sitenote_note":"","_monsterinsights_sitenote_category":0,"footnotes":""},"categories":[1618,1614,1635,344,342],"tags":[878,880,389,831,88,811,1240,797,78,304,14],"writer":[877],"translator":[273],"source":[],"ilustrador":[],"fotografo":[],"class_list":{"0":"post-7921","1":"post","2":"type-post","3":"status-publish","4":"format-standard","5":"has-post-thumbnail","7":"category-olhonaparticipacao","8":"category-olhonasremocoes","9":"category-1635","10":"category-politicas","11":"category-solucoes","12":"tag-blog-action-day","13":"tag-blog-action-day-2013-direitos-humanos","14":"tag-copa-do-mundo","15":"tag-direito-a-cidade","16":"tag-direitos-humanos","17":"tag-espaco-publico","18":"tag-megaeventos","19":"tag-movimentos-sociais","20":"tag-olimpiadas","21":"tag-participacao","22":"tag-remocao","23":"writer-patrick-isensee","24":"translator-roseli-franco"},"acf":[],"yoast_head":"<!-- This site is optimized with the Yoast SEO plugin v25.6 - https:\/\/yoast.com\/wordpress\/plugins\/seo\/ -->\n<title>O que \u00e9 o Direito \u00e0 Cidade? - RioOnWatch<\/title>\n<meta name=\"robots\" content=\"index, follow, max-snippet:-1, max-image-preview:large, max-video-preview:-1\" \/>\n<link rel=\"canonical\" href=\"https:\/\/rioonwatch.org.br\/?p=7921\" \/>\n<meta property=\"og:locale\" content=\"pt_BR\" \/>\n<meta property=\"og:type\" content=\"article\" \/>\n<meta property=\"og:title\" content=\"O que \u00e9 o Direito \u00e0 Cidade? - RioOnWatch\" \/>\n<meta property=\"og:description\" content=\"Click Here for English Essa mat\u00e9ria \u00e9 uma contribui\u00e7\u00e3o ao\u00a0Blog Action Day 2013, uma reflex\u00e3o de blogueiros de todo o mundo sobre o tema desse ano, Direitos Humanos. Ao longo dos \u00faltimos anos tem havido [...]\" \/>\n<meta property=\"og:url\" content=\"https:\/\/rioonwatch.org.br\/?p=7921\" \/>\n<meta property=\"og:site_name\" content=\"RioOnWatch\" \/>\n<meta property=\"article:published_time\" content=\"2013-10-16T15:29:04+00:00\" \/>\n<meta property=\"article:modified_time\" content=\"2024-06-20T19:29:56+00:00\" \/>\n<meta property=\"og:image\" content=\"https:\/\/rioonwatch.org.br\/wp-content\/uploads\/2013\/10\/urbanhabitat.org_.jpg\" \/>\n\t<meta property=\"og:image:width\" content=\"600\" \/>\n\t<meta property=\"og:image:height\" content=\"600\" \/>\n\t<meta property=\"og:image:type\" content=\"image\/jpeg\" \/>\n<meta name=\"author\" content=\"Admin\" \/>\n<meta name=\"twitter:card\" content=\"summary_large_image\" \/>\n<meta name=\"twitter:label1\" content=\"Escrito por\" \/>\n\t<meta name=\"twitter:data1\" content=\"Admin\" \/>\n\t<meta name=\"twitter:label2\" content=\"Est. tempo de leitura\" \/>\n\t<meta name=\"twitter:data2\" content=\"4 minutos\" \/>\n<script type=\"application\/ld+json\" class=\"yoast-schema-graph\">{\"@context\":\"https:\/\/schema.org\",\"@graph\":[{\"@type\":\"Article\",\"@id\":\"https:\/\/rioonwatch.org.br\/?p=7921#article\",\"isPartOf\":{\"@id\":\"https:\/\/rioonwatch.org.br\/?p=7921\"},\"author\":{\"name\":\"Admin\",\"@id\":\"https:\/\/rioonwatch.org.br\/#\/schema\/person\/11d64c290506f9df50c71b850c473f68\"},\"headline\":\"O que \u00e9 o Direito \u00e0 Cidade?\",\"datePublished\":\"2013-10-16T15:29:04+00:00\",\"dateModified\":\"2024-06-20T19:29:56+00:00\",\"mainEntityOfPage\":{\"@id\":\"https:\/\/rioonwatch.org.br\/?p=7921\"},\"wordCount\":856,\"publisher\":{\"@id\":\"https:\/\/rioonwatch.org.br\/#organization\"},\"image\":{\"@id\":\"https:\/\/rioonwatch.org.br\/?p=7921#primaryimage\"},\"thumbnailUrl\":\"https:\/\/rioonwatch.org.br\/wp-content\/uploads\/2013\/10\/urbanhabitat.org_.jpg\",\"keywords\":[\"Blog Action Day\",\"Blog Action Day 2013: Direitos Humanos\",\"Copa do Mundo\",\"Direito \u00e0 Cidade\",\"Direitos Humanos\",\"espa\u00e7o p\u00fablico\",\"Megaeventos\",\"movimentos sociais\",\"Olimp\u00edadas\",\"participa\u00e7\u00e3o\",\"Remo\u00e7\u00e3o\"],\"articleSection\":[\"#OlhoNaParticipa\u00e7\u00e3o\",\"#OlhoNasRemo\u00e7\u00f5es\",\"#Rio2016\",\"Pol\u00edticas\",\"Solu\u00e7\u00f5es\"],\"inLanguage\":\"pt-BR\"},{\"@type\":\"WebPage\",\"@id\":\"https:\/\/rioonwatch.org.br\/?p=7921\",\"url\":\"https:\/\/rioonwatch.org.br\/?p=7921\",\"name\":\"O que \u00e9 o Direito \u00e0 Cidade? - RioOnWatch\",\"isPartOf\":{\"@id\":\"https:\/\/rioonwatch.org.br\/#website\"},\"primaryImageOfPage\":{\"@id\":\"https:\/\/rioonwatch.org.br\/?p=7921#primaryimage\"},\"image\":{\"@id\":\"https:\/\/rioonwatch.org.br\/?p=7921#primaryimage\"},\"thumbnailUrl\":\"https:\/\/rioonwatch.org.br\/wp-content\/uploads\/2013\/10\/urbanhabitat.org_.jpg\",\"datePublished\":\"2013-10-16T15:29:04+00:00\",\"dateModified\":\"2024-06-20T19:29:56+00:00\",\"breadcrumb\":{\"@id\":\"https:\/\/rioonwatch.org.br\/?p=7921#breadcrumb\"},\"inLanguage\":\"pt-BR\",\"potentialAction\":[{\"@type\":\"ReadAction\",\"target\":[\"https:\/\/rioonwatch.org.br\/?p=7921\"]}]},{\"@type\":\"ImageObject\",\"inLanguage\":\"pt-BR\",\"@id\":\"https:\/\/rioonwatch.org.br\/?p=7921#primaryimage\",\"url\":\"https:\/\/rioonwatch.org.br\/wp-content\/uploads\/2013\/10\/urbanhabitat.org_.jpg\",\"contentUrl\":\"https:\/\/rioonwatch.org.br\/wp-content\/uploads\/2013\/10\/urbanhabitat.org_.jpg\",\"width\":600,\"height\":600},{\"@type\":\"BreadcrumbList\",\"@id\":\"https:\/\/rioonwatch.org.br\/?p=7921#breadcrumb\",\"itemListElement\":[{\"@type\":\"ListItem\",\"position\":1,\"name\":\"In\u00edcio\",\"item\":\"https:\/\/rioonwatch.org.br\/\"},{\"@type\":\"ListItem\",\"position\":2,\"name\":\"O que \u00e9 o Direito \u00e0 Cidade?\"}]},{\"@type\":\"WebSite\",\"@id\":\"https:\/\/rioonwatch.org.br\/#website\",\"url\":\"https:\/\/rioonwatch.org.br\/\",\"name\":\"RioOnWatch\",\"description\":\"relatos das favelas cariocas\",\"publisher\":{\"@id\":\"https:\/\/rioonwatch.org.br\/#organization\"},\"potentialAction\":[{\"@type\":\"SearchAction\",\"target\":{\"@type\":\"EntryPoint\",\"urlTemplate\":\"https:\/\/rioonwatch.org.br\/?s={search_term_string}\"},\"query-input\":{\"@type\":\"PropertyValueSpecification\",\"valueRequired\":true,\"valueName\":\"search_term_string\"}}],\"inLanguage\":\"pt-BR\"},{\"@type\":\"Organization\",\"@id\":\"https:\/\/rioonwatch.org.br\/#organization\",\"name\":\"RioOnWatch\",\"url\":\"https:\/\/rioonwatch.org.br\/\",\"logo\":{\"@type\":\"ImageObject\",\"inLanguage\":\"pt-BR\",\"@id\":\"https:\/\/rioonwatch.org.br\/#\/schema\/logo\/image\/\",\"url\":\"https:\/\/rioonwatch.org.br\/wp-content\/uploads\/2021\/06\/RioOnWatchcabecalhoPT11anos-2.png\",\"contentUrl\":\"https:\/\/rioonwatch.org.br\/wp-content\/uploads\/2021\/06\/RioOnWatchcabecalhoPT11anos-2.png\",\"width\":779,\"height\":277,\"caption\":\"RioOnWatch\"},\"image\":{\"@id\":\"https:\/\/rioonwatch.org.br\/#\/schema\/logo\/image\/\"}},{\"@type\":\"Person\",\"@id\":\"https:\/\/rioonwatch.org.br\/#\/schema\/person\/11d64c290506f9df50c71b850c473f68\",\"name\":\"Admin\",\"image\":{\"@type\":\"ImageObject\",\"inLanguage\":\"pt-BR\",\"@id\":\"https:\/\/rioonwatch.org.br\/#\/schema\/person\/image\/\",\"url\":\"https:\/\/secure.gravatar.com\/avatar\/56211ac74568383903349a1485e3c325?s=96&d=blank&r=g\",\"contentUrl\":\"https:\/\/secure.gravatar.com\/avatar\/56211ac74568383903349a1485e3c325?s=96&d=blank&r=g\",\"caption\":\"Admin\"},\"url\":\"https:\/\/rioonwatch.org.br\/?author=129\"}]}<\/script>\n<!-- \/ Yoast SEO plugin. -->","yoast_head_json":{"title":"O que \u00e9 o Direito \u00e0 Cidade? - RioOnWatch","robots":{"index":"index","follow":"follow","max-snippet":"max-snippet:-1","max-image-preview":"max-image-preview:large","max-video-preview":"max-video-preview:-1"},"canonical":"https:\/\/rioonwatch.org.br\/?p=7921","og_locale":"pt_BR","og_type":"article","og_title":"O que \u00e9 o Direito \u00e0 Cidade? - RioOnWatch","og_description":"Click Here for English Essa mat\u00e9ria \u00e9 uma contribui\u00e7\u00e3o ao\u00a0Blog Action Day 2013, uma reflex\u00e3o de blogueiros de todo o mundo sobre o tema desse ano, Direitos Humanos. Ao longo dos \u00faltimos anos tem havido [...]","og_url":"https:\/\/rioonwatch.org.br\/?p=7921","og_site_name":"RioOnWatch","article_published_time":"2013-10-16T15:29:04+00:00","article_modified_time":"2024-06-20T19:29:56+00:00","og_image":[{"width":600,"height":600,"url":"https:\/\/rioonwatch.org.br\/wp-content\/uploads\/2013\/10\/urbanhabitat.org_.jpg","type":"image\/jpeg"}],"author":"Admin","twitter_card":"summary_large_image","twitter_misc":{"Escrito por":"Admin","Est. tempo de leitura":"4 minutos"},"schema":{"@context":"https:\/\/schema.org","@graph":[{"@type":"Article","@id":"https:\/\/rioonwatch.org.br\/?p=7921#article","isPartOf":{"@id":"https:\/\/rioonwatch.org.br\/?p=7921"},"author":{"name":"Admin","@id":"https:\/\/rioonwatch.org.br\/#\/schema\/person\/11d64c290506f9df50c71b850c473f68"},"headline":"O que \u00e9 o Direito \u00e0 Cidade?","datePublished":"2013-10-16T15:29:04+00:00","dateModified":"2024-06-20T19:29:56+00:00","mainEntityOfPage":{"@id":"https:\/\/rioonwatch.org.br\/?p=7921"},"wordCount":856,"publisher":{"@id":"https:\/\/rioonwatch.org.br\/#organization"},"image":{"@id":"https:\/\/rioonwatch.org.br\/?p=7921#primaryimage"},"thumbnailUrl":"https:\/\/rioonwatch.org.br\/wp-content\/uploads\/2013\/10\/urbanhabitat.org_.jpg","keywords":["Blog Action Day","Blog Action Day 2013: Direitos Humanos","Copa do Mundo","Direito \u00e0 Cidade","Direitos Humanos","espa\u00e7o p\u00fablico","Megaeventos","movimentos sociais","Olimp\u00edadas","participa\u00e7\u00e3o","Remo\u00e7\u00e3o"],"articleSection":["#OlhoNaParticipa\u00e7\u00e3o","#OlhoNasRemo\u00e7\u00f5es","#Rio2016","Pol\u00edticas","Solu\u00e7\u00f5es"],"inLanguage":"pt-BR"},{"@type":"WebPage","@id":"https:\/\/rioonwatch.org.br\/?p=7921","url":"https:\/\/rioonwatch.org.br\/?p=7921","name":"O que \u00e9 o Direito \u00e0 Cidade? - RioOnWatch","isPartOf":{"@id":"https:\/\/rioonwatch.org.br\/#website"},"primaryImageOfPage":{"@id":"https:\/\/rioonwatch.org.br\/?p=7921#primaryimage"},"image":{"@id":"https:\/\/rioonwatch.org.br\/?p=7921#primaryimage"},"thumbnailUrl":"https:\/\/rioonwatch.org.br\/wp-content\/uploads\/2013\/10\/urbanhabitat.org_.jpg","datePublished":"2013-10-16T15:29:04+00:00","dateModified":"2024-06-20T19:29:56+00:00","breadcrumb":{"@id":"https:\/\/rioonwatch.org.br\/?p=7921#breadcrumb"},"inLanguage":"pt-BR","potentialAction":[{"@type":"ReadAction","target":["https:\/\/rioonwatch.org.br\/?p=7921"]}]},{"@type":"ImageObject","inLanguage":"pt-BR","@id":"https:\/\/rioonwatch.org.br\/?p=7921#primaryimage","url":"https:\/\/rioonwatch.org.br\/wp-content\/uploads\/2013\/10\/urbanhabitat.org_.jpg","contentUrl":"https:\/\/rioonwatch.org.br\/wp-content\/uploads\/2013\/10\/urbanhabitat.org_.jpg","width":600,"height":600},{"@type":"BreadcrumbList","@id":"https:\/\/rioonwatch.org.br\/?p=7921#breadcrumb","itemListElement":[{"@type":"ListItem","position":1,"name":"In\u00edcio","item":"https:\/\/rioonwatch.org.br\/"},{"@type":"ListItem","position":2,"name":"O que \u00e9 o Direito \u00e0 Cidade?"}]},{"@type":"WebSite","@id":"https:\/\/rioonwatch.org.br\/#website","url":"https:\/\/rioonwatch.org.br\/","name":"RioOnWatch","description":"relatos das favelas cariocas","publisher":{"@id":"https:\/\/rioonwatch.org.br\/#organization"},"potentialAction":[{"@type":"SearchAction","target":{"@type":"EntryPoint","urlTemplate":"https:\/\/rioonwatch.org.br\/?s={search_term_string}"},"query-input":{"@type":"PropertyValueSpecification","valueRequired":true,"valueName":"search_term_string"}}],"inLanguage":"pt-BR"},{"@type":"Organization","@id":"https:\/\/rioonwatch.org.br\/#organization","name":"RioOnWatch","url":"https:\/\/rioonwatch.org.br\/","logo":{"@type":"ImageObject","inLanguage":"pt-BR","@id":"https:\/\/rioonwatch.org.br\/#\/schema\/logo\/image\/","url":"https:\/\/rioonwatch.org.br\/wp-content\/uploads\/2021\/06\/RioOnWatchcabecalhoPT11anos-2.png","contentUrl":"https:\/\/rioonwatch.org.br\/wp-content\/uploads\/2021\/06\/RioOnWatchcabecalhoPT11anos-2.png","width":779,"height":277,"caption":"RioOnWatch"},"image":{"@id":"https:\/\/rioonwatch.org.br\/#\/schema\/logo\/image\/"}},{"@type":"Person","@id":"https:\/\/rioonwatch.org.br\/#\/schema\/person\/11d64c290506f9df50c71b850c473f68","name":"Admin","image":{"@type":"ImageObject","inLanguage":"pt-BR","@id":"https:\/\/rioonwatch.org.br\/#\/schema\/person\/image\/","url":"https:\/\/secure.gravatar.com\/avatar\/56211ac74568383903349a1485e3c325?s=96&d=blank&r=g","contentUrl":"https:\/\/secure.gravatar.com\/avatar\/56211ac74568383903349a1485e3c325?s=96&d=blank&r=g","caption":"Admin"},"url":"https:\/\/rioonwatch.org.br\/?author=129"}]}},"_links":{"self":[{"href":"https:\/\/rioonwatch.org.br\/index.php?rest_route=\/wp\/v2\/posts\/7921"}],"collection":[{"href":"https:\/\/rioonwatch.org.br\/index.php?rest_route=\/wp\/v2\/posts"}],"about":[{"href":"https:\/\/rioonwatch.org.br\/index.php?rest_route=\/wp\/v2\/types\/post"}],"author":[{"embeddable":true,"href":"https:\/\/rioonwatch.org.br\/index.php?rest_route=\/wp\/v2\/users\/129"}],"replies":[{"embeddable":true,"href":"https:\/\/rioonwatch.org.br\/index.php?rest_route=%2Fwp%2Fv2%2Fcomments&post=7921"}],"version-history":[{"count":56,"href":"https:\/\/rioonwatch.org.br\/index.php?rest_route=\/wp\/v2\/posts\/7921\/revisions"}],"predecessor-version":[{"id":27214,"href":"https:\/\/rioonwatch.org.br\/index.php?rest_route=\/wp\/v2\/posts\/7921\/revisions\/27214"}],"wp:featuredmedia":[{"embeddable":true,"href":"https:\/\/rioonwatch.org.br\/index.php?rest_route=\/wp\/v2\/media\/27212"}],"wp:attachment":[{"href":"https:\/\/rioonwatch.org.br\/index.php?rest_route=%2Fwp%2Fv2%2Fmedia&parent=7921"}],"wp:term":[{"taxonomy":"category","embeddable":true,"href":"https:\/\/rioonwatch.org.br\/index.php?rest_route=%2Fwp%2Fv2%2Fcategories&post=7921"},{"taxonomy":"post_tag","embeddable":true,"href":"https:\/\/rioonwatch.org.br\/index.php?rest_route=%2Fwp%2Fv2%2Ftags&post=7921"},{"taxonomy":"writer","embeddable":true,"href":"https:\/\/rioonwatch.org.br\/index.php?rest_route=%2Fwp%2Fv2%2Fwriter&post=7921"},{"taxonomy":"translator","embeddable":true,"href":"https:\/\/rioonwatch.org.br\/index.php?rest_route=%2Fwp%2Fv2%2Ftranslator&post=7921"},{"taxonomy":"source","embeddable":true,"href":"https:\/\/rioonwatch.org.br\/index.php?rest_route=%2Fwp%2Fv2%2Fsource&post=7921"},{"taxonomy":"ilustrador","embeddable":true,"href":"https:\/\/rioonwatch.org.br\/index.php?rest_route=%2Fwp%2Fv2%2Filustrador&post=7921"},{"taxonomy":"fotografo","embeddable":true,"href":"https:\/\/rioonwatch.org.br\/index.php?rest_route=%2Fwp%2Fv2%2Ffotografo&post=7921"}],"curies":[{"name":"wp","href":"https:\/\/api.w.org\/{rel}","templated":true}]}}