{"id":79356,"date":"2025-09-25T09:54:13","date_gmt":"2025-09-25T12:54:13","guid":{"rendered":"https:\/\/rioonwatch.org.br\/?p=79356"},"modified":"2025-11-14T11:45:25","modified_gmt":"2025-11-14T14:45:25","slug":"escolas-da-cidade-de-deus-utilizam-exposicao-memoria-climatica-das-favelas-como-peca-chave-na-educacao-climatica-local","status":"publish","type":"post","link":"https:\/\/rioonwatch.org.br\/?p=79356","title":{"rendered":"Escolas da Cidade de Deus Utilizam Exposi\u00e7\u00e3o \u2018Mem\u00f3ria Clim\u00e1tica das Favelas\u2019 Como Pe\u00e7a-Chave na Educa\u00e7\u00e3o Clim\u00e1tica Local"},"content":{"rendered":"<figure id=\"attachment_79361\" aria-describedby=\"caption-attachment-79361\" style=\"width: 2047px\" class=\"wp-caption aligncenter\"><a href=\"https:\/\/rioonwatch.org.br\/wp-content\/uploads\/2025\/09\/Jovens-estudantes-participam-do-lancamento-da-exposicao-Memoria-Climatica-das-Favelas-na-Cidade-de-Deus.-Foto-Barbara-Dias.jpg\"><img fetchpriority=\"high\" decoding=\"async\" class=\"wp-image-79361 size-full\" title=\"Jovens estudantes participam do lan\u00e7amento da exposi\u00e7\u00e3o Mem\u00f3ria Clim\u00e1tica das Favelas na Cidade de Deus. Foto: B\u00e1rbara Dias\" src=\"https:\/\/rioonwatch.org.br\/wp-content\/uploads\/2025\/09\/Jovens-estudantes-participam-do-lancamento-da-exposicao-Memoria-Climatica-das-Favelas-na-Cidade-de-Deus.-Foto-Barbara-Dias.jpg\" alt=\"Jovens estudantes participam do lan\u00e7amento da exposi\u00e7\u00e3o Mem\u00f3ria Clim\u00e1tica das Favelas na Cidade de Deus. Foto: B\u00e1rbara Dias\" width=\"2047\" height=\"1367\" srcset=\"https:\/\/rioonwatch.org.br\/wp-content\/uploads\/2025\/09\/Jovens-estudantes-participam-do-lancamento-da-exposicao-Memoria-Climatica-das-Favelas-na-Cidade-de-Deus.-Foto-Barbara-Dias.jpg 2047w, https:\/\/rioonwatch.org.br\/wp-content\/uploads\/2025\/09\/Jovens-estudantes-participam-do-lancamento-da-exposicao-Memoria-Climatica-das-Favelas-na-Cidade-de-Deus.-Foto-Barbara-Dias-620x414.jpg 620w, https:\/\/rioonwatch.org.br\/wp-content\/uploads\/2025\/09\/Jovens-estudantes-participam-do-lancamento-da-exposicao-Memoria-Climatica-das-Favelas-na-Cidade-de-Deus.-Foto-Barbara-Dias-768x513.jpg 768w, https:\/\/rioonwatch.org.br\/wp-content\/uploads\/2025\/09\/Jovens-estudantes-participam-do-lancamento-da-exposicao-Memoria-Climatica-das-Favelas-na-Cidade-de-Deus.-Foto-Barbara-Dias-1536x1026.jpg 1536w\" sizes=\"(max-width: 2047px) 100vw, 2047px\" \/><\/a><figcaption id=\"caption-attachment-79361\" class=\"wp-caption-text\">Jovens estudantes participam do lan\u00e7amento da exposi\u00e7\u00e3o Mem\u00f3ria Clim\u00e1tica das Favelas na Cidade de Deus. Foto: B\u00e1rbara Dias<\/figcaption><\/figure>\n<p style=\"text-align: right;\"><a href=\"https:\/\/bit.ly\/4nsOtYw\" target=\"_blank\" rel=\"noopener\"><em><strong>Click Here for English<\/strong><\/em><img decoding=\"async\" class=\"alignright wp-image-15790\" src=\"https:\/\/rioonwatch.org.br\/wp-content\/uploads\/2012\/08\/EN-standard-e1439583104716.jpg\" alt=\"\" width=\"20\" height=\"20\" \/><\/a><\/p>\n<p><span style=\"font-weight: 400;\">Ap\u00f3s circular na <\/span><a href=\"https:\/\/bit.ly\/MCLancamentoNoROW\"><span style=\"font-weight: 400;\">Mar\u00e9<\/span><\/a><span style=\"font-weight: 400;\">, em <\/span><a href=\"https:\/\/bit.ly\/MCAcariNoROW\"><span style=\"font-weight: 400;\">Acari<\/span><\/a><span style=\"font-weight: 400;\"> e em <\/span><a href=\"https:\/\/bit.ly\/4g8TClz\"><span style=\"font-weight: 400;\">Rio das Pedras<\/span><\/a><span style=\"font-weight: 400;\">, favelas onde teve intensa agenda de atividades e receptividade do p\u00fablico, a exposi\u00e7\u00e3o <\/span><a href=\"http:\/\/www.favelasustentavel.org\/memoria-climatica\"><span style=\"font-weight: 400;\">Mem\u00f3ria Clim\u00e1tica das Favelas<\/span><\/a><span style=\"font-weight: 400;\"> chega \u00e0 <\/span><a href=\"https:\/\/bit.ly\/3bDqT5N\">C<span style=\"font-weight: 400;\">idade de Deus<\/span><\/a><span style=\"font-weight: 400;\">, na<\/span> <a href=\"https:\/\/bit.ly\/2VcmBwc\"><span style=\"font-weight: 400;\">Zona Oeste<\/span><\/a><span style=\"font-weight: 400;\">. Organizada pela <\/span><a href=\"https:\/\/bit.ly\/47oDcmW\"><span style=\"font-weight: 400;\">Rede Favela Sustent\u00e1vel<\/span><\/a><span style=\"font-weight: 400;\">*, a exposi\u00e7\u00e3o est\u00e1 atualmente aberta ao p\u00fablico na<\/span> <a href=\"https:\/\/bit.ly\/3VtRGLe\"><span style=\"font-weight: 400;\">Escola Municipal Dorcelina Gomes da Costa<\/span><\/a><span style=\"font-weight: 400;\"> desde 17 de setembro, atrav\u00e9s do<\/span> <a href=\"https:\/\/bit.ly\/4hEn5nZ\"><span style=\"font-weight: 400;\">Grupo Alfazendo<\/span><\/a><span style=\"font-weight: 400;\">, integrante-fundador da RFS que foi anfitri\u00e3o local do projeto na CDD. Em seguida, circular\u00e1 por outras escolas da comunidade at\u00e9 3 de outubro. A expectativa \u00e9 que a exposi\u00e7\u00e3o chegar\u00e1 \u00e0 maioria dos alunos dos corpos docentes das quatro escolas. Al\u00e9m disso, seu acervo se tornar\u00e1 material pedag\u00f3gico para o Eco Rede, projeto de educa\u00e7\u00e3o socioambiental do Grupo Alfazendo.<\/span><\/p>\n<p><span style=\"font-weight: 400;\">No dia de lan\u00e7amento, na Escola Municipal Dorcelina Gomes da Costa, jovens educadores do Eco Rede utilizaram os banners, a linha do tempo e a bacia das mem\u00f3rias para abrir um di\u00e1logo com os alunos sobre a hist\u00f3ria da Cidade de Deus. Gabrielle da Concei\u00e7\u00e3o da Silva, coordenadora pedag\u00f3gica do Eco Rede, explica a proposta. <\/span><\/p>\n<blockquote><p><span style=\"font-weight: 400;\">\u201c[Eco Rede \u00e9] um projeto que acontece no territ\u00f3rio h\u00e1 14 anos. Todo ano a gente traz uma proposta diferente: jogos da mem\u00f3ria, jogos de quebra-cabe\u00e7a, jogos de tabuleiro gigante&#8230; E a\u00ed, nesse ano, a nossa proposta \u00e9 um pouco diferente, \u00e9 uma exposi\u00e7\u00e3o.\u201d \u2014 Gabrielle da Concei\u00e7\u00e3o da Silva<\/span><\/p><\/blockquote>\n<figure id=\"attachment_79362\" aria-describedby=\"caption-attachment-79362\" style=\"width: 2048px\" class=\"wp-caption aligncenter\"><a href=\"https:\/\/rioonwatch.org.br\/wp-content\/uploads\/2025\/09\/Em-atividade-pedagogica-facilitada-pelos-educadores-do-projeto-Eco-Rede-alunos-interagem-com-mapa-da-Cidade-de-Deus.-Foto-Barbara-Dias.jpg\"><img decoding=\"async\" class=\"wp-image-79362 size-full\" title=\"Em atividade pedag\u00f3gica facilitada pelos educadores do projeto Eco Rede, alunos interagem com mapa da Cidade de Deus. Foto: B\u00e1rbara Dias.\" src=\"https:\/\/rioonwatch.org.br\/wp-content\/uploads\/2025\/09\/Em-atividade-pedagogica-facilitada-pelos-educadores-do-projeto-Eco-Rede-alunos-interagem-com-mapa-da-Cidade-de-Deus.-Foto-Barbara-Dias.jpg\" alt=\"Em atividade pedag\u00f3gica facilitada pelos educadores do projeto Eco Rede, alunos interagem com mapa da Cidade de Deus. Foto: B\u00e1rbara Dias.\" width=\"2048\" height=\"1367\" srcset=\"https:\/\/rioonwatch.org.br\/wp-content\/uploads\/2025\/09\/Em-atividade-pedagogica-facilitada-pelos-educadores-do-projeto-Eco-Rede-alunos-interagem-com-mapa-da-Cidade-de-Deus.-Foto-Barbara-Dias.jpg 2048w, https:\/\/rioonwatch.org.br\/wp-content\/uploads\/2025\/09\/Em-atividade-pedagogica-facilitada-pelos-educadores-do-projeto-Eco-Rede-alunos-interagem-com-mapa-da-Cidade-de-Deus.-Foto-Barbara-Dias-620x414.jpg 620w, https:\/\/rioonwatch.org.br\/wp-content\/uploads\/2025\/09\/Em-atividade-pedagogica-facilitada-pelos-educadores-do-projeto-Eco-Rede-alunos-interagem-com-mapa-da-Cidade-de-Deus.-Foto-Barbara-Dias-768x513.jpg 768w, https:\/\/rioonwatch.org.br\/wp-content\/uploads\/2025\/09\/Em-atividade-pedagogica-facilitada-pelos-educadores-do-projeto-Eco-Rede-alunos-interagem-com-mapa-da-Cidade-de-Deus.-Foto-Barbara-Dias-1536x1025.jpg 1536w\" sizes=\"(max-width: 2048px) 100vw, 2048px\" \/><\/a><figcaption id=\"caption-attachment-79362\" class=\"wp-caption-text\">Em atividade pedag\u00f3gica facilitada pelos educadores do projeto Eco Rede, alunos interagem com mapa da Cidade de Deus. Foto: B\u00e1rbara Dias<\/figcaption><\/figure>\n<p><span style=\"font-weight: 400;\">Na atividade de <\/span><a href=\"https:\/\/bit.ly\/31Cdndy\"><span style=\"font-weight: 400;\">educa\u00e7\u00e3o socioambiental<\/span><\/a><span style=\"font-weight: 400;\"> conduzida pelo Eco Rede, tr\u00eas jovens educadores dividiram os alunos visitantes entre tr\u00eas grupos, explicando o contexto hist\u00f3rico que levou \u00e0 cria\u00e7\u00e3o da Cidade de Deus em 1966 e compartilhando mem\u00f3rias clim\u00e1ticas que a comunidade vivenciou desde sua funda\u00e7\u00e3o. Evelyn Cristina Neves, uma das jovens educadoras que apresentou a exposi\u00e7\u00e3o aos alunos, fala sobre a <\/span><a href=\"https:\/\/bit.ly\/3wrGTma\"><span style=\"font-weight: 400;\">origem da favela<\/span><\/a><span style=\"font-weight: 400;\">.<\/span><\/p>\n<blockquote><p><span style=\"font-weight: 400;\">\u201cA Cidade de Deus, antigamente, era uma fazenda. Em 1966, antes das obras terminarem [inicialmente para alojar trabalhadores], moradores removidos de favelas [v\u00edtimas de enchentes] vieram habitar aqui. [\u00c9 importante] falar sobre isso, sobre as enchentes e os desabrigados que vieram para a Cidade de Deus, que n\u00e3o foi criada para n\u00f3s moradores. Foi criada para os trabalhadores, para o crescimento da Zona Sul, mas a\u00ed [surgiu a quest\u00e3o dos] desabrigados das enchentes e das<\/span> <a href=\"https:\/\/bit.ly\/4lOlv3Q\"><span style=\"font-weight: 400;\">remo\u00e7\u00f5es<\/span><\/a><span style=\"font-weight: 400;\">, [e os impactados] vieram habitar aqui.\u201d \u2014 Evelyn Cristina Neves<\/span><\/p><\/blockquote>\n<p><span style=\"font-weight: 400;\">Na manh\u00e3 de atividades, no dia 17 de setembro,<\/span> <span style=\"font-weight: 400;\">Luciano Vicente, professor de l\u00edngua portuguesa da escola, acompanhou sua turma na abertura da exposi\u00e7\u00e3o. Ele reflete sobre a forma como as pessoas foram assentadas na Cidade de Deus.\u00a0<\/span><\/p>\n<blockquote><p><span style=\"font-weight: 400;\">\u201cA maneira como foi feita a aloca\u00e7\u00e3o foi equivocada, porque as pessoas vieram a partir das remo\u00e7\u00f5es, e eles [as autoridades respons\u00e1veis] fizeram isso de maneira atabalhoada. Al\u00e9m disso, uma outra quest\u00e3o que [uma estudante] colocou, que s\u00f3 tinha barro, mato, ou seja, botaram as pessoas aqui, distantes dos seus trabalhos, a maioria. E [as autoridades respons\u00e1veis] n\u00e3o deram\u2026 [as] outras assistencialidades que deveriam acontecer, como escolas, postos de sa\u00fade e transportes\u2026 o que culminou em um processo de crescimento demogr\u00e1fico da Cidade de Deus, sem nenhuma estrutura, sem nenhuma base de organiza\u00e7\u00e3o.\u201d \u2014 Luciano Vicente<\/span><\/p><\/blockquote>\n<figure id=\"attachment_79363\" aria-describedby=\"caption-attachment-79363\" style=\"width: 2048px\" class=\"wp-caption aligncenter\"><a href=\"https:\/\/rioonwatch.org.br\/wp-content\/uploads\/2025\/09\/Evelyn-Kayky-Gabrielle-e-Rian-educadores-socioambientais-do-projeto-Eco-Rede-refletem-junto-aos-alunos-sobre-as-memorias-climaticas-da-CIdade-de-Deus.-Foto-Barbara-Dias.jpg\"><img loading=\"lazy\" decoding=\"async\" class=\"wp-image-79363 size-full\" title=\"Evelyn, Kayky, Gabrielle e Rian, educadores socioambientais do projeto Eco Rede, refletem junto aos alunos sobre as mem\u00f3rias clim\u00e1ticas da Cidade de Deus. Foto: B\u00e1rbara Dias\" src=\"https:\/\/rioonwatch.org.br\/wp-content\/uploads\/2025\/09\/Evelyn-Kayky-Gabrielle-e-Rian-educadores-socioambientais-do-projeto-Eco-Rede-refletem-junto-aos-alunos-sobre-as-memorias-climaticas-da-CIdade-de-Deus.-Foto-Barbara-Dias.jpg\" alt=\"Evelyn, Kayky, Gabrielle e Rian, educadores socioambientais do projeto Eco Rede, refletem junto aos alunos sobre as mem\u00f3rias clim\u00e1ticas da Cidade de Deus. Foto: B\u00e1rbara Dias\" width=\"2048\" height=\"1367\" srcset=\"https:\/\/rioonwatch.org.br\/wp-content\/uploads\/2025\/09\/Evelyn-Kayky-Gabrielle-e-Rian-educadores-socioambientais-do-projeto-Eco-Rede-refletem-junto-aos-alunos-sobre-as-memorias-climaticas-da-CIdade-de-Deus.-Foto-Barbara-Dias.jpg 2048w, https:\/\/rioonwatch.org.br\/wp-content\/uploads\/2025\/09\/Evelyn-Kayky-Gabrielle-e-Rian-educadores-socioambientais-do-projeto-Eco-Rede-refletem-junto-aos-alunos-sobre-as-memorias-climaticas-da-CIdade-de-Deus.-Foto-Barbara-Dias-620x414.jpg 620w, https:\/\/rioonwatch.org.br\/wp-content\/uploads\/2025\/09\/Evelyn-Kayky-Gabrielle-e-Rian-educadores-socioambientais-do-projeto-Eco-Rede-refletem-junto-aos-alunos-sobre-as-memorias-climaticas-da-CIdade-de-Deus.-Foto-Barbara-Dias-768x513.jpg 768w, https:\/\/rioonwatch.org.br\/wp-content\/uploads\/2025\/09\/Evelyn-Kayky-Gabrielle-e-Rian-educadores-socioambientais-do-projeto-Eco-Rede-refletem-junto-aos-alunos-sobre-as-memorias-climaticas-da-CIdade-de-Deus.-Foto-Barbara-Dias-1536x1025.jpg 1536w\" sizes=\"(max-width: 2048px) 100vw, 2048px\" \/><\/a><figcaption id=\"caption-attachment-79363\" class=\"wp-caption-text\">Evelyn, Kayky, Gabrielle e Rian, educadores socioambientais do projeto Eco Rede, refletem junto aos alunos sobre as mem\u00f3rias clim\u00e1ticas da Cidade de Deus. Foto: B\u00e1rbara Dias<\/figcaption><\/figure>\n<p><span style=\"font-weight: 400;\">Participaram da inaugura\u00e7\u00e3o seis turmas, com aproximadamente 30 alunos cada, do Ensino Fundamental 2 e M\u00e9dio<\/span><i><span style=\"font-weight: 400;\">\u2014<\/span><\/i><span style=\"font-weight: 400;\">jovens com idades entre 12 e 16 anos. Kayky Cristiano Soares Silva, estudante do primeiro ano do Ensino M\u00e9dio, conta sua experi\u00eancia de aprendizagem atrav\u00e9s da exposi\u00e7\u00e3o.\u00a0<\/span><\/p>\n<blockquote><p><span style=\"font-weight: 400;\">\u201cEu gosto muito de aprender coisas novas\u2026 eu comecei a conhecer mais sobre toda a linha do tempo, desde a funda\u00e7\u00e3o da Cidade de Deus at\u00e9 os dias de agora. Foi muito legal. A gente estudou e a gente fez perguntas que gente da idade deles\u2026 conseguisse responder,&#8230; sobre as <\/span><a href=\"https:\/\/bit.ly\/4mqgv5I\"><span style=\"font-weight: 400;\">mudan\u00e7as clim\u00e1ticas<\/span><\/a><span style=\"font-weight: 400;\"> na favela.\u201d \u2014 Kayky Cristiano Soares Silva<\/span><\/p><\/blockquote>\n<p><span style=\"font-weight: 400;\">Ao longo da atividade, os estudantes debateram outros assuntos ligados \u00e0 mem\u00f3ria clim\u00e1tica local, refletindo coletivamente sobre como era o Rio Grande, rio principal da Cidade de Deus, e como ele est\u00e1 agora; se costumam ver pouca ou muita \u00e1rvore no caminho para a escola; quais <\/span><a href=\"https:\/\/bit.ly\/4cvHNEo\"><span style=\"font-weight: 400;\">impactos que as mudan\u00e7as clim\u00e1ticas causam na favela<\/span><\/a><span style=\"font-weight: 400;\">; se a Cidade de Deus de antigamente \u00e9 igual a de hoje; o que fariam se sua casa fosse alagada; e se conhecem algu\u00e9m que j\u00e1 teve a casa alagada. O objetivo da conversa foi estimular os estudantes a participar com suas viv\u00eancias e com hist\u00f3rias que ouviram de seus mais velhos.\u00a0<\/span><\/p>\n<figure id=\"attachment_79364\" aria-describedby=\"caption-attachment-79364\" style=\"width: 2048px\" class=\"wp-caption aligncenter\"><a href=\"https:\/\/rioonwatch.org.br\/wp-content\/uploads\/2025\/09\/Perguntas-norteadoras-da-atividade-de-educacao-socioambiental-ocorrida-durante-a-Exposicao-Memoria-Climatica-das-Favelas-na-Cidade-de-Deus.-Foto-Barbara-Dias.jpg\"><img loading=\"lazy\" decoding=\"async\" class=\"wp-image-79364 size-full\" title=\"Perguntas norteadoras da atividade de educa\u00e7\u00e3o socioambiental ocorrida durante a Exposi\u00e7\u00e3o Mem\u00f3ria Clim\u00e1tica das Favelas na Cidade de Deus. Foto: B\u00e1rbara Dias\" src=\"https:\/\/rioonwatch.org.br\/wp-content\/uploads\/2025\/09\/Perguntas-norteadoras-da-atividade-de-educacao-socioambiental-ocorrida-durante-a-Exposicao-Memoria-Climatica-das-Favelas-na-Cidade-de-Deus.-Foto-Barbara-Dias.jpg\" alt=\"Perguntas norteadoras da atividade de educa\u00e7\u00e3o socioambiental ocorrida durante a Exposi\u00e7\u00e3o Mem\u00f3ria Clim\u00e1tica das Favelas na Cidade de Deus. Foto: B\u00e1rbara Dias\" width=\"2048\" height=\"1367\" srcset=\"https:\/\/rioonwatch.org.br\/wp-content\/uploads\/2025\/09\/Perguntas-norteadoras-da-atividade-de-educacao-socioambiental-ocorrida-durante-a-Exposicao-Memoria-Climatica-das-Favelas-na-Cidade-de-Deus.-Foto-Barbara-Dias.jpg 2048w, https:\/\/rioonwatch.org.br\/wp-content\/uploads\/2025\/09\/Perguntas-norteadoras-da-atividade-de-educacao-socioambiental-ocorrida-durante-a-Exposicao-Memoria-Climatica-das-Favelas-na-Cidade-de-Deus.-Foto-Barbara-Dias-620x414.jpg 620w, https:\/\/rioonwatch.org.br\/wp-content\/uploads\/2025\/09\/Perguntas-norteadoras-da-atividade-de-educacao-socioambiental-ocorrida-durante-a-Exposicao-Memoria-Climatica-das-Favelas-na-Cidade-de-Deus.-Foto-Barbara-Dias-768x513.jpg 768w, https:\/\/rioonwatch.org.br\/wp-content\/uploads\/2025\/09\/Perguntas-norteadoras-da-atividade-de-educacao-socioambiental-ocorrida-durante-a-Exposicao-Memoria-Climatica-das-Favelas-na-Cidade-de-Deus.-Foto-Barbara-Dias-1536x1025.jpg 1536w\" sizes=\"(max-width: 2048px) 100vw, 2048px\" \/><\/a><figcaption id=\"caption-attachment-79364\" class=\"wp-caption-text\">Perguntas norteadoras da atividade de educa\u00e7\u00e3o socioambiental ocorrida durante a exposi\u00e7\u00e3o Mem\u00f3ria Clim\u00e1tica das Favelas na Cidade de Deus. Foto: B\u00e1rbara Dias<\/figcaption><\/figure>\n<p><span style=\"font-weight: 400;\">Iara Oliveira, fundadora e coordenadora do Alfazendo, aproveitou o momento para falar sobre a enchente de 1996, um evento marcante para a comunidade.<\/span><\/p>\n<blockquote><p><span style=\"font-weight: 400;\">\u201cTeve uma enchente grande na Cidade de Deus, em que morreram 62 pessoas. Houve pessoas que nem foram achadas, porque a \u00e1gua levou\u2026 Ent\u00e3o, por isso, \u00e9 importante a gente ter mem\u00f3ria. Eu, hoje, tenho 58 anos, eu tenho a idade de Cidade de Deus, [e] eu passei por duas enchentes. A ideia n\u00e3o \u00e9 que voc\u00eas revivam uma enchente, mas que voc\u00eas percebam que a Cidade de Deus \u00e9 cortada por tr\u00eas rios, e a import\u00e2ncia de cuidar do rio, e olhar a quest\u00e3o das enchentes. Pode ser que esse lado aqui n\u00e3o encha, mas a Rocinha 2, toda aquela \u00e1rea l\u00e1 de tr\u00e1s, quando chove, as pessoas t\u00eam p\u00e2nico. A mudan\u00e7a clim\u00e1tica traz uma <\/span><a href=\"https:\/\/rioonwatch.org.br\/?p=72000\"><span style=\"font-weight: 400;\">quest\u00e3o muito forte de p\u00e2nico<\/span><\/a><span style=\"font-weight: 400;\"> para as pessoas. Porque quando voc\u00ea n\u00e3o est\u00e1 em casa, voc\u00ea saiu para trabalhar, voc\u00ea pode voltar e a sua casa estar alagada. Por isso \u00e9 importante a gente reviver e lembrar que o <\/span><a href=\"https:\/\/bit.ly\/484rluq\"><span style=\"font-weight: 400;\">racismo ambiental<\/span><\/a><span style=\"font-weight: 400;\"> est\u00e1 ligado justamente a isso.\u201d \u2014 Iara Oliveira<\/span><\/p><\/blockquote>\n<p><span style=\"font-weight: 400;\">Ver\u00f4nica Cintra, diretora da escola, trabalha frequentemente em parceria com o projeto Eco Rede. Ela fala da experi\u00eancia de receber a exposi\u00e7\u00e3o na institui\u00e7\u00e3o de ensino onde trabalha.\u00a0<\/span><\/p>\n<blockquote><p><span style=\"font-weight: 400;\">\u201c\u00c9 muito bacana, muito importante, o retorno dessa exposi\u00e7\u00e3o aqui dentro da escola, e aqui na Cidade de Deus, e saber que a Cidade de Deus \u00e9 protagonista dessas a\u00e7\u00f5es socioambientais. Principalmente para mostrar que essas quest\u00f5es das mudan\u00e7as clim\u00e1ticas afetam de maneira desigual os territ\u00f3rios populares, o que a gente chama de racismo ambiental. E aqui, pra nossa escola, que tem um <a href=\"https:\/\/rioonwatch.org.br\/?p=57118\">projeto pedag\u00f3gico<\/a>\u00a0<\/span><a href=\"https:\/\/bit.ly\/SerieAntirracista\"><span style=\"font-weight: 400;\">antirracista<\/span><\/a><span style=\"font-weight: 400;\">, \u00e9 uma reflex\u00e3o fundamental fazer isso pra dentro da [comunidade escolar].\u201d \u2014 Ver\u00f4nica Cintra<\/span><\/p><\/blockquote>\n<h3>Veja o <a href=\"https:\/\/bit.ly\/MCemCDDFotos\">\u00c1lbum<\/a> da Abertura da Exposi\u00e7\u00e3o \u2018Mem\u00f3ria Clim\u00e1tica das Favelas\u2019 na Cidade de Deus:<\/h3>\n<p><a title=\"Exposi\u00e7\u00e3o 'Mem\u00f3ria Clim\u00e1tica das Favelas' na Cidade de Deus, 17 de setembro de 2025\" href=\"https:\/\/www.flickr.com\/photos\/catcomm\/albums\/72177720329152553\" data-flickr-embed=\"true\" data-footer=\"true\"><img loading=\"lazy\" decoding=\"async\" src=\"https:\/\/live.staticflickr.com\/65535\/54798403786_00fb96a89b_h.jpg\" alt=\"Exposi\u00e7\u00e3o 'Mem\u00f3ria Clim\u00e1tica das Favelas' na Cidade de Deus, 17 de setembro de 2025\" width=\"1600\" height=\"1200\" \/><\/a><script async src=\"\/\/embedr.flickr.com\/assets\/client-code.js\" charset=\"utf-8\"><\/script><\/p>\n<p><em>*A Rede Favela Sustent\u00e1vel e o RioOnWatch s\u00e3o ambas iniciativas gerenciadas pela organiza\u00e7\u00e3o sem fins lucrativos, Comunidades Catalisadoras. A exposi\u00e7\u00e3o de Mem\u00f3ria Clim\u00e1tica das Favelas\u00a0re\u00fane 1.145 depoimentos de 382 moradores de dez favelas da capital fluminense, coletados e sistematizados ao longo de tr\u00eas anos de constru\u00e7\u00e3o coletiva. A\u00a0exposi\u00e7\u00e3o foi desenvolvida por onze museus e coletivos de mem\u00f3ria de favelas\u00a0integrantes da RFS:\u00a0<a href=\"https:\/\/bit.ly\/3VpRfRY\" rel=\"noopener\">Museu da Mar\u00e9<\/a>,\u00a0<a href=\"https:\/\/bit.ly\/3Ym5Hwi\" rel=\"noopener\">Museu Sankofa<\/a>,\u00a0<a href=\"https:\/\/bit.ly\/4d95ToV\" rel=\"noopener\">N\u00facleo de Orienta\u00e7\u00e3o e Pesquisa Hist\u00f3rica de Santa Cruz<\/a>,\u00a0<a href=\"https:\/\/bit.ly\/3Evtd3k\" rel=\"noopener\">Museu de Favela<\/a>,\u00a0<a href=\"https:\/\/bit.ly\/3CBLiYV\" rel=\"noopener\">N\u00facleo de Mem\u00f3rias do Vidigal<\/a>,\u00a0<a href=\"https:\/\/bit.ly\/4hEn5nZ\" rel=\"noopener\">Alfazendo<\/a>\u00a0(Cidade de Deus),\u00a0<a href=\"https:\/\/bit.ly\/4bKIUhw\" rel=\"noopener\">Centro de Integra\u00e7\u00e3o da Serra da Miseric\u00f3rdia<\/a>,\u00a0<a href=\"https:\/\/bit.ly\/3jtfLSI\" rel=\"noopener\">Museu do Horto<\/a>,\u00a0<a href=\"https:\/\/bit.ly\/49yIWsJ\" rel=\"noopener\">Fala Akari<\/a>,\u00a0<a href=\"https:\/\/bit.ly\/4mwSn26\" rel=\"noopener\">Conex\u00f5es Perif\u00e9ricas<\/a>\u00a0(Rio das Pedras) e\u00a0<a href=\"https:\/\/bit.ly\/3KIL0RM\" rel=\"noopener\">Museu das Remo\u00e7\u00f5es<\/a>.<\/em><\/p>\n<p><em>Sobre a autora:\u00a0<a href=\"https:\/\/bit.ly\/3Gc3OJU\" rel=\"noopener\">B\u00e1rbara Dias<\/a>, cria de Bangu, possui licenciatura em Ci\u00eancias Biol\u00f3gicas, mestrado em Educa\u00e7\u00e3o Ambiental e atua como professora da rede p\u00fablica desde 2006. \u00c9 fotojornalista e trabalha tamb\u00e9m com fotografia documental. \u00c9 comunicadora popular formada pelo N\u00facleo Piratininga de Comunica\u00e7\u00e3o (<a href=\"https:\/\/bit.ly\/3i2GcdN\" rel=\"noopener\">NPC<\/a>) e co-fundadora do\u00a0<a href=\"https:\/\/bit.ly\/3vfY8bj\" rel=\"noopener\">Coletivo Fotoguerrilha<\/a>.<\/em><\/p>\n<hr \/>\n<h4><b data-stringify-type=\"bold\">Apoie nossos esfor\u00e7os para fornecer apoio estrat\u00e9gico \u00e0s favelas do Rio, incluindo o jornalismo hiperlocal, cr\u00edtico, inovador e incans\u00e1vel do\u00a0<\/b><b data-stringify-type=\"bold\"><i data-stringify-type=\"italic\">RioOnWatch<\/i><\/b>\u2014<a class=\"c-link\" href=\"http:\/\/www.bit.ly\/ApoieROW\" rel=\"noopener noreferrer\" data-stringify-link=\"http:\/\/www.bit.ly\/ApoieROW\" data-sk=\"tooltip_parent\">doe aqui<\/a>.<\/h4>\n<!-- AddThis Advanced Settings generic via filter on the_content --><!-- AddThis Share Buttons generic via filter on the_content -->","protected":false},"excerpt":{"rendered":"<div class=\"mh-excerpt\"><p>Click Here for English Ap\u00f3s circular na Mar\u00e9, em Acari e em Rio das Pedras, favelas onde teve intensa agenda de atividades e receptividade do p\u00fablico, a exposi\u00e7\u00e3o Mem\u00f3ria Clim\u00e1tica das Favelas chega \u00e0 Cidade <a class=\"mh-excerpt-more\" href=\"https:\/\/rioonwatch.org.br\/?p=79356\" title=\"Escolas da Cidade de Deus Utilizam Exposi\u00e7\u00e3o \u2018Mem\u00f3ria Clim\u00e1tica das Favelas\u2019 Como Pe\u00e7a-Chave na Educa\u00e7\u00e3o Clim\u00e1tica Local\">[&#8230;]<\/a><!-- AddThis Advanced Settings generic via filter on get_the_excerpt --><!-- AddThis Share Buttons generic via filter on get_the_excerpt --><\/p>\n<\/div>","protected":false},"author":192,"featured_media":79361,"comment_status":"closed","ping_status":"closed","sticky":false,"template":"template-full.php","format":"standard","meta":{"_acf_changed":false,"_monsterinsights_skip_tracking":false,"_monsterinsights_sitenote_active":false,"_monsterinsights_sitenote_note":"","_monsterinsights_sitenote_category":0,"footnotes":""},"categories":[1621,1625,3170,1616,1639],"tags":[592,554,1030,363,965,1146,128,3112,106,469,1719,2139,2901,1393,3217,3334,404,184],"writer":[3244],"translator":[],"source":[],"ilustrador":[],"fotografo":[3184],"class_list":{"0":"post-79356","1":"post","2":"type-post","3":"status-publish","4":"format-standard","5":"has-post-thumbnail","7":"category-destaque","8":"category-por-correspondentes-comunitarios","9":"category-justica-climatica","10":"category-qualidades-da-favela","11":"category-sustentabilidade","12":"tag-acari","13":"tag-cidade-de-deus","14":"tag-ciep","15":"tag-educacao-ambiental","16":"tag-enchente","17":"tag-exposicao","18":"tag-historia","19":"tag-justica-climatica","20":"tag-meio-ambiente","21":"tag-memoria","22":"tag-mudancas-climaticas","23":"tag-justica-ambiental","24":"tag-rfs","25":"tag-rio-das-pedras","26":"tag-rio-grande","27":"tag-serie-memoria-climatica-das-favelas","28":"tag-sustentabilidade","29":"tag-zona-oeste","30":"writer-barbara-dias","31":"fotografo-barbara-dias"},"acf":[],"yoast_head":"<!-- This site is optimized with the Yoast SEO plugin v25.6 - https:\/\/yoast.com\/wordpress\/plugins\/seo\/ -->\n<title>Escolas da Cidade de Deus Utilizam Exposi\u00e7\u00e3o \u2018Mem\u00f3ria Clim\u00e1tica das Favelas\u2019 Como Pe\u00e7a-Chave na Educa\u00e7\u00e3o Clim\u00e1tica Local - RioOnWatch<\/title>\n<meta name=\"robots\" content=\"index, follow, max-snippet:-1, max-image-preview:large, max-video-preview:-1\" \/>\n<link rel=\"canonical\" href=\"https:\/\/rioonwatch.org.br\/?p=79356\" \/>\n<meta property=\"og:locale\" content=\"pt_BR\" \/>\n<meta property=\"og:type\" content=\"article\" \/>\n<meta property=\"og:title\" content=\"Escolas da Cidade de Deus Utilizam Exposi\u00e7\u00e3o \u2018Mem\u00f3ria Clim\u00e1tica das Favelas\u2019 Como Pe\u00e7a-Chave na Educa\u00e7\u00e3o Clim\u00e1tica Local - RioOnWatch\" \/>\n<meta property=\"og:description\" content=\"Click Here for English Ap\u00f3s circular na Mar\u00e9, em Acari e em Rio das Pedras, favelas onde teve intensa agenda de atividades e receptividade do p\u00fablico, a exposi\u00e7\u00e3o Mem\u00f3ria Clim\u00e1tica das Favelas chega \u00e0 Cidade [...]\" \/>\n<meta property=\"og:url\" content=\"https:\/\/rioonwatch.org.br\/?p=79356\" \/>\n<meta property=\"og:site_name\" content=\"RioOnWatch\" \/>\n<meta property=\"article:published_time\" content=\"2025-09-25T12:54:13+00:00\" \/>\n<meta property=\"article:modified_time\" content=\"2025-11-14T14:45:25+00:00\" \/>\n<meta property=\"og:image\" content=\"https:\/\/rioonwatch.org.br\/wp-content\/uploads\/2025\/09\/Jovens-estudantes-participam-do-lancamento-da-exposicao-Memoria-Climatica-das-Favelas-na-Cidade-de-Deus.-Foto-Barbara-Dias.jpg\" \/>\n\t<meta property=\"og:image:width\" content=\"2047\" \/>\n\t<meta property=\"og:image:height\" content=\"1367\" \/>\n\t<meta property=\"og:image:type\" content=\"image\/jpeg\" \/>\n<meta name=\"author\" content=\"Beatriz Miranda\" \/>\n<meta name=\"twitter:card\" content=\"summary_large_image\" \/>\n<meta name=\"twitter:label1\" content=\"Escrito por\" \/>\n\t<meta name=\"twitter:data1\" content=\"Beatriz Miranda\" \/>\n\t<meta name=\"twitter:label2\" content=\"Est. tempo de leitura\" \/>\n\t<meta name=\"twitter:data2\" content=\"6 minutos\" \/>\n<script type=\"application\/ld+json\" class=\"yoast-schema-graph\">{\"@context\":\"https:\/\/schema.org\",\"@graph\":[{\"@type\":\"Article\",\"@id\":\"https:\/\/rioonwatch.org.br\/?p=79356#article\",\"isPartOf\":{\"@id\":\"https:\/\/rioonwatch.org.br\/?p=79356\"},\"author\":{\"name\":\"Beatriz Miranda\",\"@id\":\"https:\/\/rioonwatch.org.br\/#\/schema\/person\/1150bfc199e76e22909b454a0c139c4b\"},\"headline\":\"Escolas da Cidade de Deus Utilizam Exposi\u00e7\u00e3o \u2018Mem\u00f3ria Clim\u00e1tica das Favelas\u2019 Como Pe\u00e7a-Chave na Educa\u00e7\u00e3o Clim\u00e1tica Local\",\"datePublished\":\"2025-09-25T12:54:13+00:00\",\"dateModified\":\"2025-11-14T14:45:25+00:00\",\"mainEntityOfPage\":{\"@id\":\"https:\/\/rioonwatch.org.br\/?p=79356\"},\"wordCount\":1460,\"publisher\":{\"@id\":\"https:\/\/rioonwatch.org.br\/#organization\"},\"image\":{\"@id\":\"https:\/\/rioonwatch.org.br\/?p=79356#primaryimage\"},\"thumbnailUrl\":\"https:\/\/rioonwatch.org.br\/wp-content\/uploads\/2025\/09\/Jovens-estudantes-participam-do-lancamento-da-exposicao-Memoria-Climatica-das-Favelas-na-Cidade-de-Deus.-Foto-Barbara-Dias.jpg\",\"keywords\":[\"Acari\",\"Cidade de Deus\",\"CIEP\",\"educa\u00e7\u00e3o ambiental\",\"enchente\",\"exposi\u00e7\u00e3o\",\"hist\u00f3ria\",\"Justi\u00e7a Clim\u00e1tica\",\"meio ambiente\",\"Mem\u00f3rias Faveladas\",\"mudan\u00e7as clim\u00e1ticas\",\"Racismo ambiental\",\"Rede Favela Sustent\u00e1vel\",\"Rio das Pedras\",\"Rio Grande\",\"S\u00e9rie: Mem\u00f3ria Clim\u00e1tica das Favelas\",\"sustentabilidade\",\"Zona Oeste\"],\"articleSection\":[\"*Destaque\",\"Escrito por Comunicadores Populares\",\"Justi\u00e7a Clim\u00e1tica\",\"Qualidades da Favela\",\"Sustentabilidade\"],\"inLanguage\":\"pt-BR\"},{\"@type\":\"WebPage\",\"@id\":\"https:\/\/rioonwatch.org.br\/?p=79356\",\"url\":\"https:\/\/rioonwatch.org.br\/?p=79356\",\"name\":\"Escolas da Cidade de Deus Utilizam Exposi\u00e7\u00e3o \u2018Mem\u00f3ria Clim\u00e1tica das Favelas\u2019 Como Pe\u00e7a-Chave na Educa\u00e7\u00e3o Clim\u00e1tica Local - RioOnWatch\",\"isPartOf\":{\"@id\":\"https:\/\/rioonwatch.org.br\/#website\"},\"primaryImageOfPage\":{\"@id\":\"https:\/\/rioonwatch.org.br\/?p=79356#primaryimage\"},\"image\":{\"@id\":\"https:\/\/rioonwatch.org.br\/?p=79356#primaryimage\"},\"thumbnailUrl\":\"https:\/\/rioonwatch.org.br\/wp-content\/uploads\/2025\/09\/Jovens-estudantes-participam-do-lancamento-da-exposicao-Memoria-Climatica-das-Favelas-na-Cidade-de-Deus.-Foto-Barbara-Dias.jpg\",\"datePublished\":\"2025-09-25T12:54:13+00:00\",\"dateModified\":\"2025-11-14T14:45:25+00:00\",\"breadcrumb\":{\"@id\":\"https:\/\/rioonwatch.org.br\/?p=79356#breadcrumb\"},\"inLanguage\":\"pt-BR\",\"potentialAction\":[{\"@type\":\"ReadAction\",\"target\":[\"https:\/\/rioonwatch.org.br\/?p=79356\"]}]},{\"@type\":\"ImageObject\",\"inLanguage\":\"pt-BR\",\"@id\":\"https:\/\/rioonwatch.org.br\/?p=79356#primaryimage\",\"url\":\"https:\/\/rioonwatch.org.br\/wp-content\/uploads\/2025\/09\/Jovens-estudantes-participam-do-lancamento-da-exposicao-Memoria-Climatica-das-Favelas-na-Cidade-de-Deus.-Foto-Barbara-Dias.jpg\",\"contentUrl\":\"https:\/\/rioonwatch.org.br\/wp-content\/uploads\/2025\/09\/Jovens-estudantes-participam-do-lancamento-da-exposicao-Memoria-Climatica-das-Favelas-na-Cidade-de-Deus.-Foto-Barbara-Dias.jpg\",\"width\":2047,\"height\":1367,\"caption\":\"Jovens estudantes participam do lan\u00e7amento da exposi\u00e7\u00e3o Mem\u00f3ria Clim\u00e1tica das Favelas na Cidade de Deus. Foto: B\u00e1rbara Dias\"},{\"@type\":\"BreadcrumbList\",\"@id\":\"https:\/\/rioonwatch.org.br\/?p=79356#breadcrumb\",\"itemListElement\":[{\"@type\":\"ListItem\",\"position\":1,\"name\":\"In\u00edcio\",\"item\":\"https:\/\/rioonwatch.org.br\/\"},{\"@type\":\"ListItem\",\"position\":2,\"name\":\"Escolas da Cidade de Deus Utilizam Exposi\u00e7\u00e3o \u2018Mem\u00f3ria Clim\u00e1tica das Favelas\u2019 Como Pe\u00e7a-Chave na Educa\u00e7\u00e3o Clim\u00e1tica Local\"}]},{\"@type\":\"WebSite\",\"@id\":\"https:\/\/rioonwatch.org.br\/#website\",\"url\":\"https:\/\/rioonwatch.org.br\/\",\"name\":\"RioOnWatch\",\"description\":\"relatos das favelas cariocas\",\"publisher\":{\"@id\":\"https:\/\/rioonwatch.org.br\/#organization\"},\"potentialAction\":[{\"@type\":\"SearchAction\",\"target\":{\"@type\":\"EntryPoint\",\"urlTemplate\":\"https:\/\/rioonwatch.org.br\/?s={search_term_string}\"},\"query-input\":{\"@type\":\"PropertyValueSpecification\",\"valueRequired\":true,\"valueName\":\"search_term_string\"}}],\"inLanguage\":\"pt-BR\"},{\"@type\":\"Organization\",\"@id\":\"https:\/\/rioonwatch.org.br\/#organization\",\"name\":\"RioOnWatch\",\"url\":\"https:\/\/rioonwatch.org.br\/\",\"logo\":{\"@type\":\"ImageObject\",\"inLanguage\":\"pt-BR\",\"@id\":\"https:\/\/rioonwatch.org.br\/#\/schema\/logo\/image\/\",\"url\":\"https:\/\/rioonwatch.org.br\/wp-content\/uploads\/2021\/06\/RioOnWatchcabecalhoPT11anos-2.png\",\"contentUrl\":\"https:\/\/rioonwatch.org.br\/wp-content\/uploads\/2021\/06\/RioOnWatchcabecalhoPT11anos-2.png\",\"width\":779,\"height\":277,\"caption\":\"RioOnWatch\"},\"image\":{\"@id\":\"https:\/\/rioonwatch.org.br\/#\/schema\/logo\/image\/\"}},{\"@type\":\"Person\",\"@id\":\"https:\/\/rioonwatch.org.br\/#\/schema\/person\/1150bfc199e76e22909b454a0c139c4b\",\"name\":\"Beatriz Miranda\",\"image\":{\"@type\":\"ImageObject\",\"inLanguage\":\"pt-BR\",\"@id\":\"https:\/\/rioonwatch.org.br\/#\/schema\/person\/image\/\",\"url\":\"https:\/\/secure.gravatar.com\/avatar\/41a514d4cb8be1f42ceaebd1038a447b?s=96&d=blank&r=g\",\"contentUrl\":\"https:\/\/secure.gravatar.com\/avatar\/41a514d4cb8be1f42ceaebd1038a447b?s=96&d=blank&r=g\",\"caption\":\"Beatriz Miranda\"},\"url\":\"https:\/\/rioonwatch.org.br\/?author=192\"}]}<\/script>\n<!-- \/ Yoast SEO plugin. -->","yoast_head_json":{"title":"Escolas da Cidade de Deus Utilizam Exposi\u00e7\u00e3o \u2018Mem\u00f3ria Clim\u00e1tica das Favelas\u2019 Como Pe\u00e7a-Chave na Educa\u00e7\u00e3o Clim\u00e1tica Local - RioOnWatch","robots":{"index":"index","follow":"follow","max-snippet":"max-snippet:-1","max-image-preview":"max-image-preview:large","max-video-preview":"max-video-preview:-1"},"canonical":"https:\/\/rioonwatch.org.br\/?p=79356","og_locale":"pt_BR","og_type":"article","og_title":"Escolas da Cidade de Deus Utilizam Exposi\u00e7\u00e3o \u2018Mem\u00f3ria Clim\u00e1tica das Favelas\u2019 Como Pe\u00e7a-Chave na Educa\u00e7\u00e3o Clim\u00e1tica Local - RioOnWatch","og_description":"Click Here for English Ap\u00f3s circular na Mar\u00e9, em Acari e em Rio das Pedras, favelas onde teve intensa agenda de atividades e receptividade do p\u00fablico, a exposi\u00e7\u00e3o Mem\u00f3ria Clim\u00e1tica das Favelas chega \u00e0 Cidade [...]","og_url":"https:\/\/rioonwatch.org.br\/?p=79356","og_site_name":"RioOnWatch","article_published_time":"2025-09-25T12:54:13+00:00","article_modified_time":"2025-11-14T14:45:25+00:00","og_image":[{"width":2047,"height":1367,"url":"https:\/\/rioonwatch.org.br\/wp-content\/uploads\/2025\/09\/Jovens-estudantes-participam-do-lancamento-da-exposicao-Memoria-Climatica-das-Favelas-na-Cidade-de-Deus.-Foto-Barbara-Dias.jpg","type":"image\/jpeg"}],"author":"Beatriz Miranda","twitter_card":"summary_large_image","twitter_misc":{"Escrito por":"Beatriz Miranda","Est. tempo de leitura":"6 minutos"},"schema":{"@context":"https:\/\/schema.org","@graph":[{"@type":"Article","@id":"https:\/\/rioonwatch.org.br\/?p=79356#article","isPartOf":{"@id":"https:\/\/rioonwatch.org.br\/?p=79356"},"author":{"name":"Beatriz Miranda","@id":"https:\/\/rioonwatch.org.br\/#\/schema\/person\/1150bfc199e76e22909b454a0c139c4b"},"headline":"Escolas da Cidade de Deus Utilizam Exposi\u00e7\u00e3o \u2018Mem\u00f3ria Clim\u00e1tica das Favelas\u2019 Como Pe\u00e7a-Chave na Educa\u00e7\u00e3o Clim\u00e1tica Local","datePublished":"2025-09-25T12:54:13+00:00","dateModified":"2025-11-14T14:45:25+00:00","mainEntityOfPage":{"@id":"https:\/\/rioonwatch.org.br\/?p=79356"},"wordCount":1460,"publisher":{"@id":"https:\/\/rioonwatch.org.br\/#organization"},"image":{"@id":"https:\/\/rioonwatch.org.br\/?p=79356#primaryimage"},"thumbnailUrl":"https:\/\/rioonwatch.org.br\/wp-content\/uploads\/2025\/09\/Jovens-estudantes-participam-do-lancamento-da-exposicao-Memoria-Climatica-das-Favelas-na-Cidade-de-Deus.-Foto-Barbara-Dias.jpg","keywords":["Acari","Cidade de Deus","CIEP","educa\u00e7\u00e3o ambiental","enchente","exposi\u00e7\u00e3o","hist\u00f3ria","Justi\u00e7a Clim\u00e1tica","meio ambiente","Mem\u00f3rias Faveladas","mudan\u00e7as clim\u00e1ticas","Racismo ambiental","Rede Favela Sustent\u00e1vel","Rio das Pedras","Rio Grande","S\u00e9rie: Mem\u00f3ria Clim\u00e1tica das Favelas","sustentabilidade","Zona Oeste"],"articleSection":["*Destaque","Escrito por Comunicadores Populares","Justi\u00e7a Clim\u00e1tica","Qualidades da Favela","Sustentabilidade"],"inLanguage":"pt-BR"},{"@type":"WebPage","@id":"https:\/\/rioonwatch.org.br\/?p=79356","url":"https:\/\/rioonwatch.org.br\/?p=79356","name":"Escolas da Cidade de Deus Utilizam Exposi\u00e7\u00e3o \u2018Mem\u00f3ria Clim\u00e1tica das Favelas\u2019 Como Pe\u00e7a-Chave na Educa\u00e7\u00e3o Clim\u00e1tica Local - RioOnWatch","isPartOf":{"@id":"https:\/\/rioonwatch.org.br\/#website"},"primaryImageOfPage":{"@id":"https:\/\/rioonwatch.org.br\/?p=79356#primaryimage"},"image":{"@id":"https:\/\/rioonwatch.org.br\/?p=79356#primaryimage"},"thumbnailUrl":"https:\/\/rioonwatch.org.br\/wp-content\/uploads\/2025\/09\/Jovens-estudantes-participam-do-lancamento-da-exposicao-Memoria-Climatica-das-Favelas-na-Cidade-de-Deus.-Foto-Barbara-Dias.jpg","datePublished":"2025-09-25T12:54:13+00:00","dateModified":"2025-11-14T14:45:25+00:00","breadcrumb":{"@id":"https:\/\/rioonwatch.org.br\/?p=79356#breadcrumb"},"inLanguage":"pt-BR","potentialAction":[{"@type":"ReadAction","target":["https:\/\/rioonwatch.org.br\/?p=79356"]}]},{"@type":"ImageObject","inLanguage":"pt-BR","@id":"https:\/\/rioonwatch.org.br\/?p=79356#primaryimage","url":"https:\/\/rioonwatch.org.br\/wp-content\/uploads\/2025\/09\/Jovens-estudantes-participam-do-lancamento-da-exposicao-Memoria-Climatica-das-Favelas-na-Cidade-de-Deus.-Foto-Barbara-Dias.jpg","contentUrl":"https:\/\/rioonwatch.org.br\/wp-content\/uploads\/2025\/09\/Jovens-estudantes-participam-do-lancamento-da-exposicao-Memoria-Climatica-das-Favelas-na-Cidade-de-Deus.-Foto-Barbara-Dias.jpg","width":2047,"height":1367,"caption":"Jovens estudantes participam do lan\u00e7amento da exposi\u00e7\u00e3o Mem\u00f3ria Clim\u00e1tica das Favelas na Cidade de Deus. Foto: B\u00e1rbara Dias"},{"@type":"BreadcrumbList","@id":"https:\/\/rioonwatch.org.br\/?p=79356#breadcrumb","itemListElement":[{"@type":"ListItem","position":1,"name":"In\u00edcio","item":"https:\/\/rioonwatch.org.br\/"},{"@type":"ListItem","position":2,"name":"Escolas da Cidade de Deus Utilizam Exposi\u00e7\u00e3o \u2018Mem\u00f3ria Clim\u00e1tica das Favelas\u2019 Como Pe\u00e7a-Chave na Educa\u00e7\u00e3o Clim\u00e1tica Local"}]},{"@type":"WebSite","@id":"https:\/\/rioonwatch.org.br\/#website","url":"https:\/\/rioonwatch.org.br\/","name":"RioOnWatch","description":"relatos das favelas cariocas","publisher":{"@id":"https:\/\/rioonwatch.org.br\/#organization"},"potentialAction":[{"@type":"SearchAction","target":{"@type":"EntryPoint","urlTemplate":"https:\/\/rioonwatch.org.br\/?s={search_term_string}"},"query-input":{"@type":"PropertyValueSpecification","valueRequired":true,"valueName":"search_term_string"}}],"inLanguage":"pt-BR"},{"@type":"Organization","@id":"https:\/\/rioonwatch.org.br\/#organization","name":"RioOnWatch","url":"https:\/\/rioonwatch.org.br\/","logo":{"@type":"ImageObject","inLanguage":"pt-BR","@id":"https:\/\/rioonwatch.org.br\/#\/schema\/logo\/image\/","url":"https:\/\/rioonwatch.org.br\/wp-content\/uploads\/2021\/06\/RioOnWatchcabecalhoPT11anos-2.png","contentUrl":"https:\/\/rioonwatch.org.br\/wp-content\/uploads\/2021\/06\/RioOnWatchcabecalhoPT11anos-2.png","width":779,"height":277,"caption":"RioOnWatch"},"image":{"@id":"https:\/\/rioonwatch.org.br\/#\/schema\/logo\/image\/"}},{"@type":"Person","@id":"https:\/\/rioonwatch.org.br\/#\/schema\/person\/1150bfc199e76e22909b454a0c139c4b","name":"Beatriz Miranda","image":{"@type":"ImageObject","inLanguage":"pt-BR","@id":"https:\/\/rioonwatch.org.br\/#\/schema\/person\/image\/","url":"https:\/\/secure.gravatar.com\/avatar\/41a514d4cb8be1f42ceaebd1038a447b?s=96&d=blank&r=g","contentUrl":"https:\/\/secure.gravatar.com\/avatar\/41a514d4cb8be1f42ceaebd1038a447b?s=96&d=blank&r=g","caption":"Beatriz Miranda"},"url":"https:\/\/rioonwatch.org.br\/?author=192"}]}},"_links":{"self":[{"href":"https:\/\/rioonwatch.org.br\/index.php?rest_route=\/wp\/v2\/posts\/79356"}],"collection":[{"href":"https:\/\/rioonwatch.org.br\/index.php?rest_route=\/wp\/v2\/posts"}],"about":[{"href":"https:\/\/rioonwatch.org.br\/index.php?rest_route=\/wp\/v2\/types\/post"}],"author":[{"embeddable":true,"href":"https:\/\/rioonwatch.org.br\/index.php?rest_route=\/wp\/v2\/users\/192"}],"replies":[{"embeddable":true,"href":"https:\/\/rioonwatch.org.br\/index.php?rest_route=%2Fwp%2Fv2%2Fcomments&post=79356"}],"version-history":[{"count":26,"href":"https:\/\/rioonwatch.org.br\/index.php?rest_route=\/wp\/v2\/posts\/79356\/revisions"}],"predecessor-version":[{"id":80218,"href":"https:\/\/rioonwatch.org.br\/index.php?rest_route=\/wp\/v2\/posts\/79356\/revisions\/80218"}],"wp:featuredmedia":[{"embeddable":true,"href":"https:\/\/rioonwatch.org.br\/index.php?rest_route=\/wp\/v2\/media\/79361"}],"wp:attachment":[{"href":"https:\/\/rioonwatch.org.br\/index.php?rest_route=%2Fwp%2Fv2%2Fmedia&parent=79356"}],"wp:term":[{"taxonomy":"category","embeddable":true,"href":"https:\/\/rioonwatch.org.br\/index.php?rest_route=%2Fwp%2Fv2%2Fcategories&post=79356"},{"taxonomy":"post_tag","embeddable":true,"href":"https:\/\/rioonwatch.org.br\/index.php?rest_route=%2Fwp%2Fv2%2Ftags&post=79356"},{"taxonomy":"writer","embeddable":true,"href":"https:\/\/rioonwatch.org.br\/index.php?rest_route=%2Fwp%2Fv2%2Fwriter&post=79356"},{"taxonomy":"translator","embeddable":true,"href":"https:\/\/rioonwatch.org.br\/index.php?rest_route=%2Fwp%2Fv2%2Ftranslator&post=79356"},{"taxonomy":"source","embeddable":true,"href":"https:\/\/rioonwatch.org.br\/index.php?rest_route=%2Fwp%2Fv2%2Fsource&post=79356"},{"taxonomy":"ilustrador","embeddable":true,"href":"https:\/\/rioonwatch.org.br\/index.php?rest_route=%2Fwp%2Fv2%2Filustrador&post=79356"},{"taxonomy":"fotografo","embeddable":true,"href":"https:\/\/rioonwatch.org.br\/index.php?rest_route=%2Fwp%2Fv2%2Ffotografo&post=79356"}],"curies":[{"name":"wp","href":"https:\/\/api.w.org\/{rel}","templated":true}]}}