{"id":79391,"date":"2025-09-29T00:13:33","date_gmt":"2025-09-29T03:13:33","guid":{"rendered":"https:\/\/rioonwatch.org.br\/?p=79391"},"modified":"2025-11-14T11:44:40","modified_gmt":"2025-11-14T14:44:40","slug":"so-vamos-conseguir-juntos-isolado-a-gente-e-fraco-mutirao-de-limpeza-recupera-espaco-verde-do-caminho-anes-dias-no-complexo-da-coreia","status":"publish","type":"post","link":"https:\/\/rioonwatch.org.br\/?p=79391","title":{"rendered":"\u2018S\u00f3 Vamos Conseguir Juntos. Isolado, a Gente \u00c9 Fraco\u2019: Mutir\u00e3o de Limpeza Recupera Espa\u00e7o Verde no Complexo da Coreia"},"content":{"rendered":"<figure id=\"attachment_79395\" aria-describedby=\"caption-attachment-79395\" style=\"width: 2048px\" class=\"wp-caption aligncenter\"><a href=\"https:\/\/rioonwatch.org.br\/wp-content\/uploads\/2025\/09\/Mutirao-de-limpeza-deu-o-pontape-inicial-para-a-conservacao-e-o-reflorestamento-do-espaco-verde-do-Caminho-Anes-Dias-no-Complexo-da-Coreia.-Foto-Barbara-Dias.jpg\"><img fetchpriority=\"high\" decoding=\"async\" class=\"wp-image-79395 size-full\" title=\"Mutir\u00e3o de limpeza deu o pontap\u00e9 inicial para a conserva\u00e7\u00e3o e o reflorestamento do espa\u00e7o verde do Caminho Anes Dias, no Complexo da Coreia. Foto: B\u00e1rbara Dias\" src=\"https:\/\/rioonwatch.org.br\/wp-content\/uploads\/2025\/09\/Mutirao-de-limpeza-deu-o-pontape-inicial-para-a-conservacao-e-o-reflorestamento-do-espaco-verde-do-Caminho-Anes-Dias-no-Complexo-da-Coreia.-Foto-Barbara-Dias.jpg\" alt=\"Mutir\u00e3o de limpeza deu o pontap\u00e9 inicial para a conserva\u00e7\u00e3o e o reflorestamento do espa\u00e7o verde do Caminho Anes Dias, no Complexo da Coreia. Foto: B\u00e1rbara Dias\" width=\"2048\" height=\"1367\" srcset=\"https:\/\/rioonwatch.org.br\/wp-content\/uploads\/2025\/09\/Mutirao-de-limpeza-deu-o-pontape-inicial-para-a-conservacao-e-o-reflorestamento-do-espaco-verde-do-Caminho-Anes-Dias-no-Complexo-da-Coreia.-Foto-Barbara-Dias.jpg 2048w, https:\/\/rioonwatch.org.br\/wp-content\/uploads\/2025\/09\/Mutirao-de-limpeza-deu-o-pontape-inicial-para-a-conservacao-e-o-reflorestamento-do-espaco-verde-do-Caminho-Anes-Dias-no-Complexo-da-Coreia.-Foto-Barbara-Dias-620x414.jpg 620w, https:\/\/rioonwatch.org.br\/wp-content\/uploads\/2025\/09\/Mutirao-de-limpeza-deu-o-pontape-inicial-para-a-conservacao-e-o-reflorestamento-do-espaco-verde-do-Caminho-Anes-Dias-no-Complexo-da-Coreia.-Foto-Barbara-Dias-768x513.jpg 768w, https:\/\/rioonwatch.org.br\/wp-content\/uploads\/2025\/09\/Mutirao-de-limpeza-deu-o-pontape-inicial-para-a-conservacao-e-o-reflorestamento-do-espaco-verde-do-Caminho-Anes-Dias-no-Complexo-da-Coreia.-Foto-Barbara-Dias-1536x1025.jpg 1536w\" sizes=\"(max-width: 2048px) 100vw, 2048px\" \/><\/a><figcaption id=\"caption-attachment-79395\" class=\"wp-caption-text\">Mutir\u00e3o de limpeza deu o pontap\u00e9 inicial para a conserva\u00e7\u00e3o e o reflorestamento do espa\u00e7o verde do Caminho Anes Dias, no Complexo da Coreia. Foto: B\u00e1rbara Dias<\/figcaption><\/figure>\n<p style=\"text-align: right;\"><a href=\"https:\/\/bit.ly\/3WnPUvj\" target=\"_blank\" rel=\"noopener\"><em><strong>Click Here for English<\/strong><\/em><img decoding=\"async\" class=\"alignright wp-image-15790\" src=\"https:\/\/rioonwatch.org.br\/wp-content\/uploads\/2012\/08\/EN-standard-e1439583104716.jpg\" alt=\"\" width=\"20\" height=\"20\" \/><\/a><\/p>\n<p><span style=\"font-weight: 400;\">No dia 21 de setembro, o<\/span>\u00a0<span style=\"font-weight: 400;\">Complexo da Coreia<\/span><span style=\"font-weight: 400;\">, <a href=\"https:\/\/pt.wikipedia.org\/wiki\/Senador_Camar%C3%A1\">Senador Camar\u00e1<\/a>, <\/span><a href=\"https:\/\/bit.ly\/2VcmBwc\"><span style=\"font-weight: 400;\">Zona Oeste<\/span><\/a><span style=\"font-weight: 400;\"> do Rio de Janeiro, realizou um mutir\u00e3o de limpeza no espa\u00e7o verde do Caminho Anes Dias. A atividade contou com membros da<\/span> <a href=\"https:\/\/bit.ly\/4nCxkeK\"><span style=\"font-weight: 400;\">Tropa do Amor<\/span><\/a><span style=\"font-weight: 400;\">, projeto socioambiental do complexo, membros da<\/span> <a href=\"https:\/\/bit.ly\/42BSYaO\"><span style=\"font-weight: 400;\">Terra Afetiva<\/span><\/a><span style=\"font-weight: 400;\">, e volunt\u00e1rios moradores do territ\u00f3rio e de fora. A atividade, que tamb\u00e9m incluiu um sarau cultural, integrou a<\/span>\u00a0<a href=\"https:\/\/bit.ly\/4nOAmfY\"><span style=\"font-weight: 400;\">Virada Cultural<\/span><\/a> <span style=\"font-weight: 400;\">Amaz\u00f4nia de P\u00e9 2025 e a<\/span>\u00a0<a href=\"https:\/\/bit.ly\/427VOnV\"><span style=\"font-weight: 400;\">Agenda Coletiva<\/span><\/a><span style=\"font-weight: 400;\"> da<\/span> <a href=\"https:\/\/bit.ly\/405r2vG\"><span style=\"font-weight: 400;\">Rede Favela Sustent\u00e1vel<\/span><\/a><span style=\"font-weight: 400;\">*.<\/span><\/p>\n<p><span style=\"font-weight: 400;\">Apesar do dia quente e ensolarado de domingo, n\u00e3o faltou disposi\u00e7\u00e3o entre os participantes, que come\u00e7aram a todo vapor com a retirada de res\u00edduos do Caminho Anes Dias. A ideia inicial da atividade, era preparar o espa\u00e7o para receber mudas de \u00e1rvores frut\u00edferas e transform\u00e1-lo em um ambiente de lazer para seus vizinhos.<\/span><\/p>\n<p><span style=\"font-weight: 400;\">Fernando dos Santos, mobilizador local e integrante da Terra Afetiva e da Tropa do Amor, conta como idealizaram a iniciativa.<\/span><\/p>\n<blockquote><p><span style=\"font-weight: 400;\">\u201cEu j\u00e1 trabalho com cultura h\u00e1 algum tempo. Sou m\u00fasico, trabalho com arte, e tamb\u00e9m j\u00e1 pesquisava e mexia com horta, com medicina ancestral tamb\u00e9m. Comecei a movimentar agora a ecologia aqui na \u00e1rea, que tem pouco projeto, que n\u00e3o tem muita a\u00e7\u00e3o desse tipo. Essa primeira a\u00e7\u00e3o a gente est\u00e1 visando limpar a \u00e1rea, tirar o lixo e plantar mudas, frut\u00edferas, justamente para\u2026 as crian\u00e7as colherem, e acima de tudo para incentivar tamb\u00e9m um cuidado coletivo com a \u00e1rea. Essa \u00e9 uma \u00e1rea que n\u00e3o tem nenhuma pra\u00e7a, \u00e9 uma rua sem sa\u00edda, meio isolada. No final tem umas \u00e1reas verdes, [sem] brinquedo. A gente est\u00e1 visando tamb\u00e9m melhorar [neste sentido].\u201d \u2014 Fernando dos Santos<\/span><\/p><\/blockquote>\n<figure id=\"attachment_79397\" aria-describedby=\"caption-attachment-79397\" style=\"width: 2048px\" class=\"wp-caption aligncenter\"><a href=\"https:\/\/rioonwatch.org.br\/wp-content\/uploads\/2025\/09\/Junto-com-outros-parceiros-da-Rede-Favela-Sustentavel-integrantes-da-Terra-Afetiva-e-da-Tropa-do-Amor-limpam-e-capinam-o-Caminho-Anes-Dias.-Foto-Barbara-Dias.jpg\"><img decoding=\"async\" class=\"wp-image-79397 size-full\" title=\"Junto com outros parceiros da Rede Favela Sustent\u00e1vel, integrantes da Terra Afetiva e da Tropa do Amor limpam e capinam o Caminho Anes Dias. Foto: B\u00e1rbara Dias\" src=\"https:\/\/rioonwatch.org.br\/wp-content\/uploads\/2025\/09\/Junto-com-outros-parceiros-da-Rede-Favela-Sustentavel-integrantes-da-Terra-Afetiva-e-da-Tropa-do-Amor-limpam-e-capinam-o-Caminho-Anes-Dias.-Foto-Barbara-Dias.jpg\" alt=\"Junto com outros parceiros da Rede Favela Sustent\u00e1vel, integrantes da Terra Afetiva e da Tropa do Amor limpam e capinam o Caminho Anes Dias. Foto: B\u00e1rbara Dias\" width=\"2048\" height=\"1367\" srcset=\"https:\/\/rioonwatch.org.br\/wp-content\/uploads\/2025\/09\/Junto-com-outros-parceiros-da-Rede-Favela-Sustentavel-integrantes-da-Terra-Afetiva-e-da-Tropa-do-Amor-limpam-e-capinam-o-Caminho-Anes-Dias.-Foto-Barbara-Dias.jpg 2048w, https:\/\/rioonwatch.org.br\/wp-content\/uploads\/2025\/09\/Junto-com-outros-parceiros-da-Rede-Favela-Sustentavel-integrantes-da-Terra-Afetiva-e-da-Tropa-do-Amor-limpam-e-capinam-o-Caminho-Anes-Dias.-Foto-Barbara-Dias-620x414.jpg 620w, https:\/\/rioonwatch.org.br\/wp-content\/uploads\/2025\/09\/Junto-com-outros-parceiros-da-Rede-Favela-Sustentavel-integrantes-da-Terra-Afetiva-e-da-Tropa-do-Amor-limpam-e-capinam-o-Caminho-Anes-Dias.-Foto-Barbara-Dias-768x513.jpg 768w, https:\/\/rioonwatch.org.br\/wp-content\/uploads\/2025\/09\/Junto-com-outros-parceiros-da-Rede-Favela-Sustentavel-integrantes-da-Terra-Afetiva-e-da-Tropa-do-Amor-limpam-e-capinam-o-Caminho-Anes-Dias.-Foto-Barbara-Dias-1536x1025.jpg 1536w\" sizes=\"(max-width: 2048px) 100vw, 2048px\" \/><\/a><figcaption id=\"caption-attachment-79397\" class=\"wp-caption-text\">Junto com outros parceiros, integrantes da Terra Afetiva e da Tropa do Amor limpam e capinam o Caminho Anes Dias. Foto: B\u00e1rbara Dias<\/figcaption><\/figure>\n<p><span style=\"font-weight: 400;\">Al\u00e9m de contar com poucas \u00e1reas p\u00fablicas de lazer, o Complexo da Coreia \u00e9 pouco conhecido e n\u00e3o tem atraido\u00a0 iniciativas de apoio ao desenvolvimento local. \u201cEssa comunidade \u00e9 uma comunidade isolada. Geralmente as pessoas est\u00e3o por aqui de passagem&#8230; A Zona Oeste \u00e9 muito esquecida, acho que principalmente Sant\u00edssimo\u201d, reflete Thaysa Santos, mobilizadora da Terra Afetiva.<\/span><\/p>\n<p><span style=\"font-weight: 400;\">Fernando dos Santos explica que, quase sempre, quando as favelas da Zona Oeste s\u00e3o lembradas, isso passa, sobretudo, pela quest\u00e3o da viol\u00eancia. Como forma de combater esse estigma, nomeou o projeto \u201cA Tropa do Amor\u201d.<\/span><\/p>\n<blockquote><p><span style=\"font-weight: 400;\">\u201cA gente chamou de Tropa do Amor at\u00e9 para brincar com essa ideia da viol\u00eancia da \u00e1rea\u2026\u00a0 [Nossa a\u00e7\u00e3o] muda a perspectiva. Essa \u00e1rea \u00e9 muito vista e lembrada pela viol\u00eancia. Se voc\u00ea jogar \u2018Complexo da Coreia\u2019 no Google, tu vai achar s\u00f3 opera\u00e7\u00e3o, caveir\u00e3o, \u00e1guia e coisas assim\u2026 Aqui tem uma diversidade de acontecimentos, diversidade de pessoas e de pot\u00eancia, e a gente tem que botar isso para evoluir, n\u00e9? E s\u00f3 vamos conseguir se <a href=\"https:\/\/rioonwatch.org.br\/?tag=nos-por-nos\">formos juntos<\/a>. Isolado, a gente \u00e9 fraco.\u201d \u2014 Fernando dos Santos<\/span><\/p><\/blockquote>\n<figure id=\"attachment_79398\" aria-describedby=\"caption-attachment-79398\" style=\"width: 2048px\" class=\"wp-caption aligncenter\"><a href=\"https:\/\/rioonwatch.org.br\/wp-content\/uploads\/2025\/09\/Seu-Antonio-Rodrigues-um-dos-moradores-mais-antigos-do-Caminho-Anes-Dias-tem-uma-mina-dagua-em-seu-quintal-que-abastece-sua-residencia-e-a-de-seus-vizinhos.-Foto-Barbara-Dias.jpg\"><img loading=\"lazy\" decoding=\"async\" class=\"wp-image-79398 size-full\" title=\"Seu Ant\u00f4nio Rodrigues, um dos moradores mais antigos do Caminho Anes Dias, tem uma mina d'\u00e1gua em seu quintal, que abastece sua resid\u00eancia e a de seus vizinhos. Foto: B\u00e1rbara Dias\" src=\"https:\/\/rioonwatch.org.br\/wp-content\/uploads\/2025\/09\/Seu-Antonio-Rodrigues-um-dos-moradores-mais-antigos-do-Caminho-Anes-Dias-tem-uma-mina-dagua-em-seu-quintal-que-abastece-sua-residencia-e-a-de-seus-vizinhos.-Foto-Barbara-Dias.jpg\" alt=\"Seu Ant\u00f4nio Rodrigues, um dos moradores mais antigos do Caminho Anes Dias, tem uma mina d'\u00e1gua em seu quintal, que abastece sua resid\u00eancia e a de seus vizinhos. Foto: B\u00e1rbara Dias\" width=\"2048\" height=\"1367\" srcset=\"https:\/\/rioonwatch.org.br\/wp-content\/uploads\/2025\/09\/Seu-Antonio-Rodrigues-um-dos-moradores-mais-antigos-do-Caminho-Anes-Dias-tem-uma-mina-dagua-em-seu-quintal-que-abastece-sua-residencia-e-a-de-seus-vizinhos.-Foto-Barbara-Dias.jpg 2048w, https:\/\/rioonwatch.org.br\/wp-content\/uploads\/2025\/09\/Seu-Antonio-Rodrigues-um-dos-moradores-mais-antigos-do-Caminho-Anes-Dias-tem-uma-mina-dagua-em-seu-quintal-que-abastece-sua-residencia-e-a-de-seus-vizinhos.-Foto-Barbara-Dias-620x414.jpg 620w, https:\/\/rioonwatch.org.br\/wp-content\/uploads\/2025\/09\/Seu-Antonio-Rodrigues-um-dos-moradores-mais-antigos-do-Caminho-Anes-Dias-tem-uma-mina-dagua-em-seu-quintal-que-abastece-sua-residencia-e-a-de-seus-vizinhos.-Foto-Barbara-Dias-768x513.jpg 768w, https:\/\/rioonwatch.org.br\/wp-content\/uploads\/2025\/09\/Seu-Antonio-Rodrigues-um-dos-moradores-mais-antigos-do-Caminho-Anes-Dias-tem-uma-mina-dagua-em-seu-quintal-que-abastece-sua-residencia-e-a-de-seus-vizinhos.-Foto-Barbara-Dias-1536x1025.jpg 1536w\" sizes=\"(max-width: 2048px) 100vw, 2048px\" \/><\/a><figcaption id=\"caption-attachment-79398\" class=\"wp-caption-text\">Seu Ant\u00f4nio Rodrigues, um dos moradores mais antigos do Caminho Anes Dias, tem uma mina d&#8217;\u00e1gua em seu quintal, que abastece sua resid\u00eancia e a de seus vizinhos. Foto: B\u00e1rbara Dias<\/figcaption><\/figure>\n<p><span style=\"font-weight: 400;\">A iniciativa contou com apoio de moradores antigos, como Seu Ant\u00f4nio Rodrigues. Aos 71 anos, Seu Ant\u00f4nio mora h\u00e1 68 no territ\u00f3rio.<\/span><\/p>\n<blockquote><p><span style=\"font-weight: 400;\">\u201cEu sou o primeiro morador daqui. Era s\u00f3 \u00e1rvore, mato\u2026 Um <a href=\"https:\/\/rioonwatch.org.br\/?tag=mutirao\">mutir\u00e3o<\/a>, isso a\u00ed \u00e9 uma beleza. Se todo mundo fizesse uma coisa dessas em tudo quanto \u00e9 lugar, n\u00e3o tinha [lixo] na beira dos rios, nas ruas&#8230; E voc\u00eas,&#8230; \u00e9 a primeira vez que a gente v\u00ea um projeto assim. Aqui nunca teve ningu\u00e9m [fazendo] nada, independente de pol\u00edtico.\u201d \u2014 Ant\u00f4nio Rodrigues<\/span><\/p><\/blockquote>\n<p><span style=\"font-weight: 400;\">Orgulhoso de sua comunidade, Seu Ant\u00f4nio diz viver em contato com a natureza e que a \u00e1gua que abastece sua casa vem de uma mina: \u201cNunca tive \u00e1gua da <a href=\"https:\/\/rioonwatch.org.br\/?tag=cedae\">CEDAE<\/a> aqui em casa. Olha s\u00f3 onde eu moro, voc\u00ea de manh\u00e3 s\u00f3 v\u00ea os passarinhos cantando em cima das \u00e1rvores\u201d.<\/span><\/p>\n<p><span style=\"font-weight: 400;\">A partir dos mutir\u00f5es de limpeza, a Terra Afetiva e Tropa do Amor pretendem manter a conserva\u00e7\u00e3o dos espa\u00e7os verdes do Caminho Anes Dias e, posteriormente, plantar mudas frut\u00edferas. Por conta do intenso calor, a planta\u00e7\u00e3o das mudas, que n\u00e3o sobreviveriam \u00e0 alta temperatura, foi postergada.<\/span><\/p>\n<figure id=\"attachment_79400\" aria-describedby=\"caption-attachment-79400\" style=\"width: 2048px\" class=\"wp-caption aligncenter\"><a href=\"https:\/\/rioonwatch.org.br\/wp-content\/uploads\/2025\/09\/Apos-o-mutirao-e-o-almoco-coletivo-moradores-e-artistas-da-cena-cultural-da-Zona-Oeste-participaram-de-um-sarau-cultural-que-encerrou-o-dia-de-atividades-no-Caminho-Anes-Dias.-Foto-Barbara-Dias.jpg\"><img loading=\"lazy\" decoding=\"async\" class=\"wp-image-79400 size-full\" title=\"Moradores e artistas da cena cultural da Zona Oeste participaram de um sarau cultural, que encerrou o dia de atividades no Caminho Anes Dias. Foto: B\u00e1rbara Dias\" src=\"https:\/\/rioonwatch.org.br\/wp-content\/uploads\/2025\/09\/Apos-o-mutirao-e-o-almoco-coletivo-moradores-e-artistas-da-cena-cultural-da-Zona-Oeste-participaram-de-um-sarau-cultural-que-encerrou-o-dia-de-atividades-no-Caminho-Anes-Dias.-Foto-Barbara-Dias.jpg\" alt=\"Moradores e artistas da cena cultural da Zona Oeste participaram de um sarau cultural, que encerrou o dia de atividades no Caminho Anes Dias. Foto: B\u00e1rbara Dias\" width=\"2048\" height=\"1367\" srcset=\"https:\/\/rioonwatch.org.br\/wp-content\/uploads\/2025\/09\/Apos-o-mutirao-e-o-almoco-coletivo-moradores-e-artistas-da-cena-cultural-da-Zona-Oeste-participaram-de-um-sarau-cultural-que-encerrou-o-dia-de-atividades-no-Caminho-Anes-Dias.-Foto-Barbara-Dias.jpg 2048w, https:\/\/rioonwatch.org.br\/wp-content\/uploads\/2025\/09\/Apos-o-mutirao-e-o-almoco-coletivo-moradores-e-artistas-da-cena-cultural-da-Zona-Oeste-participaram-de-um-sarau-cultural-que-encerrou-o-dia-de-atividades-no-Caminho-Anes-Dias.-Foto-Barbara-Dias-620x414.jpg 620w, https:\/\/rioonwatch.org.br\/wp-content\/uploads\/2025\/09\/Apos-o-mutirao-e-o-almoco-coletivo-moradores-e-artistas-da-cena-cultural-da-Zona-Oeste-participaram-de-um-sarau-cultural-que-encerrou-o-dia-de-atividades-no-Caminho-Anes-Dias.-Foto-Barbara-Dias-768x513.jpg 768w, https:\/\/rioonwatch.org.br\/wp-content\/uploads\/2025\/09\/Apos-o-mutirao-e-o-almoco-coletivo-moradores-e-artistas-da-cena-cultural-da-Zona-Oeste-participaram-de-um-sarau-cultural-que-encerrou-o-dia-de-atividades-no-Caminho-Anes-Dias.-Foto-Barbara-Dias-1536x1025.jpg 1536w\" sizes=\"(max-width: 2048px) 100vw, 2048px\" \/><\/a><figcaption id=\"caption-attachment-79400\" class=\"wp-caption-text\">Moradores e artistas da cena cultural da Zona Oeste participaram de um sarau cultural, que encerrou o dia de atividades no Caminho Anes Dias. Foto: B\u00e1rbara Dias<\/figcaption><\/figure>\n<p><span style=\"font-weight: 400;\">Ap\u00f3s o mutir\u00e3o de limpeza e o almo\u00e7o coletivo, um sarau cultural reuniu os moradores presentes e artistas da Zona Oeste, com <\/span><span style=\"font-weight: 400;\">DJ Ras Renato<\/span><span style=\"font-weight: 400;\"> comandando o som e a apresenta\u00e7\u00e3o art\u00edstica de <\/span><a href=\"https:\/\/bit.ly\/3Kf5oPK\" target=\"_blank\" rel=\"noopener\"><span style=\"font-weight: 400;\">Express\u00e3o Sonora RJ<\/span><\/a><span style=\"font-weight: 400;\">, <\/span><a href=\"https:\/\/bit.ly\/46E4Ev7\" target=\"_blank\" rel=\"noopener\"><span style=\"font-weight: 400;\">Procopio<\/span><\/a><span style=\"font-weight: 400;\">, <\/span><a href=\"https:\/\/bit.ly\/4nL6Yav\" target=\"_blank\" rel=\"noopener\"><span style=\"font-weight: 400;\">Baralho no Bolso<\/span><\/a><span style=\"font-weight: 400;\">, <\/span><a href=\"https:\/\/bit.ly\/4pwsd1j\" target=\"_blank\" rel=\"noopener\"><span style=\"font-weight: 400;\">Adil Franco<\/span><\/a><span style=\"font-weight: 400;\"> e <\/span><a href=\"https:\/\/bit.ly\/4mvIqRM\" target=\"_blank\" rel=\"noopener\"><span style=\"font-weight: 400;\">Santos Tit\u00e3s<\/span><\/a><span style=\"font-weight: 400;\">.\u00a0<\/span><\/p>\n<p><span style=\"font-weight: 400;\">O objetivo da primeira a\u00e7\u00e3o coletiva no Complexo da Coreia foi iniciar a recupera\u00e7\u00e3o de um espa\u00e7o at\u00e9 ent\u00e3o abandonado e chamar a aten\u00e7\u00e3o da pr\u00f3pria comunidade. O resultado da mobiliza\u00e7\u00e3o foi percept\u00edvel, com envolvimento de moradores e volunt\u00e1rios de outras \u00e1reas. Assim, plantaram uma semente que germinar\u00e1 nos pr\u00f3ximos meses com um espa\u00e7o verde no Caminho Anes Dias.<\/span><\/p>\n<h3><a href=\"https:\/\/bit.ly\/MutiraoAnesDiasFOTOS\"><b>Veja as Fotos<\/b><\/a><b> do Mutir\u00e3o de Limpeza no Caminho Anes Dias:<\/b><\/h3>\n<p><a title=\"Mutir\u00e3o de Limpeza no Caminho Anes Dias, Complexo da Coreia, na Agenda Coletiva da Rede Favela Sustent\u00e1vel, 21 de setembro de 2025\" href=\"https:\/\/www.flickr.com\/photos\/catcomm\/albums\/72177720329209296\" data-flickr-embed=\"true\" data-footer=\"true\"><img loading=\"lazy\" decoding=\"async\" src=\"https:\/\/live.staticflickr.com\/65535\/54806092517_0750063478_h.jpg\" alt=\"Mutir\u00e3o de Limpeza no Caminho Anes Dias, Complexo da Coreia, na Agenda Coletiva da Rede Favela Sustent\u00e1vel, 21 de setembro de 2025\" width=\"1600\" height=\"1200\" \/><\/a><script async src=\"\/\/embedr.flickr.com\/assets\/client-code.js\" charset=\"utf-8\"><\/script><\/p>\n<p><em>*A Rede Favela Sustent\u00e1vel e o RioOnWatch s\u00e3o ambas iniciativas realizadas pela organiza\u00e7\u00e3o sem fins lucrativos, Comunidades Catalisadoras.<br \/>\n<\/em><\/p>\n<p><em>Sobre a autora:\u00a0<a href=\"https:\/\/bit.ly\/3Gc3OJU\" rel=\"noopener\">B\u00e1rbara Dias<\/a>, cria de Bangu, possui licenciatura em Ci\u00eancias Biol\u00f3gicas, mestrado em Educa\u00e7\u00e3o Ambiental e atua como professora da rede p\u00fablica desde 2006. \u00c9 fotojornalista e trabalha tamb\u00e9m com fotografia documental. \u00c9 comunicadora popular formada pelo N\u00facleo Piratininga de Comunica\u00e7\u00e3o (<a href=\"https:\/\/bit.ly\/3i2GcdN\" rel=\"noopener\">NPC<\/a>) e co-fundadora do\u00a0<a href=\"https:\/\/bit.ly\/3vfY8bj\" rel=\"noopener\">Coletivo Fotoguerrilha<\/a>.<\/em><\/p>\n<hr \/>\n<h4><b data-stringify-type=\"bold\">Apoie nossos esfor\u00e7os para fornecer apoio estrat\u00e9gico \u00e0s favelas do Rio, incluindo o jornalismo hiperlocal, cr\u00edtico, inovador e incans\u00e1vel do\u00a0<\/b><b data-stringify-type=\"bold\"><i data-stringify-type=\"italic\">RioOnWatch<\/i><\/b>\u2014<a class=\"c-link\" href=\"http:\/\/www.bit.ly\/ApoieROW\" rel=\"noopener noreferrer\" data-stringify-link=\"http:\/\/www.bit.ly\/ApoieROW\" data-sk=\"tooltip_parent\">doe aqui<\/a>.<\/h4>\n<!-- AddThis Advanced Settings generic via filter on the_content --><!-- AddThis Share Buttons generic via filter on the_content -->","protected":false},"excerpt":{"rendered":"<div class=\"mh-excerpt\"><p>Click Here for English No dia 21 de setembro, o\u00a0Complexo da Coreia, Senador Camar\u00e1, Zona Oeste do Rio de Janeiro, realizou um mutir\u00e3o de limpeza no espa\u00e7o verde do Caminho Anes Dias. A atividade contou <a class=\"mh-excerpt-more\" href=\"https:\/\/rioonwatch.org.br\/?p=79391\" title=\"\u2018S\u00f3 Vamos Conseguir Juntos. Isolado, a Gente \u00c9 Fraco\u2019: Mutir\u00e3o de Limpeza Recupera Espa\u00e7o Verde no Complexo da Coreia\">[&#8230;]<\/a><!-- AddThis Advanced Settings generic via filter on get_the_excerpt --><!-- AddThis Share Buttons generic via filter on get_the_excerpt --><\/p>\n<\/div>","protected":false},"author":192,"featured_media":79395,"comment_status":"closed","ping_status":"closed","sticky":false,"template":"template-full.php","format":"standard","meta":{"_acf_changed":false,"_monsterinsights_skip_tracking":false,"_monsterinsights_sitenote_active":false,"_monsterinsights_sitenote_note":"","_monsterinsights_sitenote_category":0,"footnotes":""},"categories":[1625,1612,342,1639],"tags":[531,620,2553,948,3587,81,303,811,1147,719,360,276,1830,2901,297,2264,2172,2549,404,184],"writer":[3244],"translator":[],"source":[],"ilustrador":[],"fotografo":[3184],"class_list":{"0":"post-79391","1":"post","2":"type-post","3":"status-publish","4":"format-standard","5":"has-post-thumbnail","7":"category-por-correspondentes-comunitarios","8":"category-sociedade-civil","9":"category-solucoes","10":"category-sustentabilidade","11":"tag-area-de-lazer","12":"tag-cedae","13":"tag-coleta-de-lixo","14":"tag-coletivo","15":"tag-complexo-da-coreia","16":"tag-cultura","17":"tag-ecologia","18":"tag-espaco-publico","19":"tag-espacos-verdes","20":"tag-lazer","21":"tag-lixo","22":"tag-mutirao","23":"tag-nos-por-nos","24":"tag-rfs","25":"tag-reflorestamento","26":"tag-santissimo","27":"tag-senador-camara","28":"tag-serie-intercambios-da-rfs","29":"tag-sustentabilidade","30":"tag-zona-oeste","31":"writer-barbara-dias","32":"fotografo-barbara-dias"},"acf":[],"yoast_head":"<!-- This site is optimized with the Yoast SEO plugin v25.6 - https:\/\/yoast.com\/wordpress\/plugins\/seo\/ -->\n<title>\u2018S\u00f3 Vamos Conseguir Juntos. Isolado, a Gente \u00c9 Fraco\u2019: Mutir\u00e3o de Limpeza Recupera Espa\u00e7o Verde no Complexo da Coreia - RioOnWatch<\/title>\n<meta name=\"robots\" content=\"index, follow, max-snippet:-1, max-image-preview:large, max-video-preview:-1\" \/>\n<link rel=\"canonical\" href=\"https:\/\/rioonwatch.org.br\/?p=79391\" \/>\n<meta property=\"og:locale\" content=\"pt_BR\" \/>\n<meta property=\"og:type\" content=\"article\" \/>\n<meta property=\"og:title\" content=\"\u2018S\u00f3 Vamos Conseguir Juntos. Isolado, a Gente \u00c9 Fraco\u2019: Mutir\u00e3o de Limpeza Recupera Espa\u00e7o Verde no Complexo da Coreia - RioOnWatch\" \/>\n<meta property=\"og:description\" content=\"Click Here for English No dia 21 de setembro, o\u00a0Complexo da Coreia, Senador Camar\u00e1, Zona Oeste do Rio de Janeiro, realizou um mutir\u00e3o de limpeza no espa\u00e7o verde do Caminho Anes Dias. A atividade contou [...]\" \/>\n<meta property=\"og:url\" content=\"https:\/\/rioonwatch.org.br\/?p=79391\" \/>\n<meta property=\"og:site_name\" content=\"RioOnWatch\" \/>\n<meta property=\"article:published_time\" content=\"2025-09-29T03:13:33+00:00\" \/>\n<meta property=\"article:modified_time\" content=\"2025-11-14T14:44:40+00:00\" \/>\n<meta property=\"og:image\" content=\"https:\/\/rioonwatch.org.br\/wp-content\/uploads\/2025\/09\/Mutirao-de-limpeza-deu-o-pontape-inicial-para-a-conservacao-e-o-reflorestamento-do-espaco-verde-do-Caminho-Anes-Dias-no-Complexo-da-Coreia.-Foto-Barbara-Dias.jpg\" \/>\n\t<meta property=\"og:image:width\" content=\"2048\" \/>\n\t<meta property=\"og:image:height\" content=\"1367\" \/>\n\t<meta property=\"og:image:type\" content=\"image\/jpeg\" \/>\n<meta name=\"author\" content=\"Beatriz Miranda\" \/>\n<meta name=\"twitter:card\" content=\"summary_large_image\" \/>\n<meta name=\"twitter:label1\" content=\"Escrito por\" \/>\n\t<meta name=\"twitter:data1\" content=\"Beatriz Miranda\" \/>\n\t<meta name=\"twitter:label2\" content=\"Est. tempo de leitura\" \/>\n\t<meta name=\"twitter:data2\" content=\"6 minutos\" \/>\n<script type=\"application\/ld+json\" class=\"yoast-schema-graph\">{\"@context\":\"https:\/\/schema.org\",\"@graph\":[{\"@type\":\"Article\",\"@id\":\"https:\/\/rioonwatch.org.br\/?p=79391#article\",\"isPartOf\":{\"@id\":\"https:\/\/rioonwatch.org.br\/?p=79391\"},\"author\":{\"name\":\"Beatriz Miranda\",\"@id\":\"https:\/\/rioonwatch.org.br\/#\/schema\/person\/1150bfc199e76e22909b454a0c139c4b\"},\"headline\":\"\u2018S\u00f3 Vamos Conseguir Juntos. Isolado, a Gente \u00c9 Fraco\u2019: Mutir\u00e3o de Limpeza Recupera Espa\u00e7o Verde no Complexo da Coreia\",\"datePublished\":\"2025-09-29T03:13:33+00:00\",\"dateModified\":\"2025-11-14T14:44:40+00:00\",\"mainEntityOfPage\":{\"@id\":\"https:\/\/rioonwatch.org.br\/?p=79391\"},\"wordCount\":1072,\"publisher\":{\"@id\":\"https:\/\/rioonwatch.org.br\/#organization\"},\"image\":{\"@id\":\"https:\/\/rioonwatch.org.br\/?p=79391#primaryimage\"},\"thumbnailUrl\":\"https:\/\/rioonwatch.org.br\/wp-content\/uploads\/2025\/09\/Mutirao-de-limpeza-deu-o-pontape-inicial-para-a-conservacao-e-o-reflorestamento-do-espaco-verde-do-Caminho-Anes-Dias-no-Complexo-da-Coreia.-Foto-Barbara-Dias.jpg\",\"keywords\":[\"\u00e1rea de lazer\",\"CEDAE\",\"coleta de lixo\",\"coletivo\",\"Complexo da Coreia\",\"cultura\",\"ecologia\",\"espa\u00e7o p\u00fablico\",\"espa\u00e7os verdes\",\"lazer\",\"lixo\",\"mutir\u00e3o\",\"N\u00f3s por N\u00f3s\",\"Rede Favela Sustent\u00e1vel\",\"reflorestamento\",\"Sant\u00edssimo\",\"Senador Camar\u00e1\",\"S\u00e9rie: Interc\u00e2mbios da RFS\",\"sustentabilidade\",\"Zona Oeste\"],\"articleSection\":[\"Escrito por Comunicadores Populares\",\"Sociedade Civil\",\"Solu\u00e7\u00f5es\",\"Sustentabilidade\"],\"inLanguage\":\"pt-BR\"},{\"@type\":\"WebPage\",\"@id\":\"https:\/\/rioonwatch.org.br\/?p=79391\",\"url\":\"https:\/\/rioonwatch.org.br\/?p=79391\",\"name\":\"\u2018S\u00f3 Vamos Conseguir Juntos. Isolado, a Gente \u00c9 Fraco\u2019: Mutir\u00e3o de Limpeza Recupera Espa\u00e7o Verde no Complexo da Coreia - RioOnWatch\",\"isPartOf\":{\"@id\":\"https:\/\/rioonwatch.org.br\/#website\"},\"primaryImageOfPage\":{\"@id\":\"https:\/\/rioonwatch.org.br\/?p=79391#primaryimage\"},\"image\":{\"@id\":\"https:\/\/rioonwatch.org.br\/?p=79391#primaryimage\"},\"thumbnailUrl\":\"https:\/\/rioonwatch.org.br\/wp-content\/uploads\/2025\/09\/Mutirao-de-limpeza-deu-o-pontape-inicial-para-a-conservacao-e-o-reflorestamento-do-espaco-verde-do-Caminho-Anes-Dias-no-Complexo-da-Coreia.-Foto-Barbara-Dias.jpg\",\"datePublished\":\"2025-09-29T03:13:33+00:00\",\"dateModified\":\"2025-11-14T14:44:40+00:00\",\"breadcrumb\":{\"@id\":\"https:\/\/rioonwatch.org.br\/?p=79391#breadcrumb\"},\"inLanguage\":\"pt-BR\",\"potentialAction\":[{\"@type\":\"ReadAction\",\"target\":[\"https:\/\/rioonwatch.org.br\/?p=79391\"]}]},{\"@type\":\"ImageObject\",\"inLanguage\":\"pt-BR\",\"@id\":\"https:\/\/rioonwatch.org.br\/?p=79391#primaryimage\",\"url\":\"https:\/\/rioonwatch.org.br\/wp-content\/uploads\/2025\/09\/Mutirao-de-limpeza-deu-o-pontape-inicial-para-a-conservacao-e-o-reflorestamento-do-espaco-verde-do-Caminho-Anes-Dias-no-Complexo-da-Coreia.-Foto-Barbara-Dias.jpg\",\"contentUrl\":\"https:\/\/rioonwatch.org.br\/wp-content\/uploads\/2025\/09\/Mutirao-de-limpeza-deu-o-pontape-inicial-para-a-conservacao-e-o-reflorestamento-do-espaco-verde-do-Caminho-Anes-Dias-no-Complexo-da-Coreia.-Foto-Barbara-Dias.jpg\",\"width\":2048,\"height\":1367,\"caption\":\"Mutir\u00e3o de limpeza deu o pontap\u00e9 inicial para a conserva\u00e7\u00e3o e o reflorestamento do espa\u00e7o verde do Caminho Anes Dias, no Complexo da Coreia. Foto: B\u00e1rbara Dias\"},{\"@type\":\"BreadcrumbList\",\"@id\":\"https:\/\/rioonwatch.org.br\/?p=79391#breadcrumb\",\"itemListElement\":[{\"@type\":\"ListItem\",\"position\":1,\"name\":\"In\u00edcio\",\"item\":\"https:\/\/rioonwatch.org.br\/\"},{\"@type\":\"ListItem\",\"position\":2,\"name\":\"\u2018S\u00f3 Vamos Conseguir Juntos. Isolado, a Gente \u00c9 Fraco\u2019: Mutir\u00e3o de Limpeza Recupera Espa\u00e7o Verde no Complexo da Coreia\"}]},{\"@type\":\"WebSite\",\"@id\":\"https:\/\/rioonwatch.org.br\/#website\",\"url\":\"https:\/\/rioonwatch.org.br\/\",\"name\":\"RioOnWatch\",\"description\":\"relatos das favelas cariocas\",\"publisher\":{\"@id\":\"https:\/\/rioonwatch.org.br\/#organization\"},\"potentialAction\":[{\"@type\":\"SearchAction\",\"target\":{\"@type\":\"EntryPoint\",\"urlTemplate\":\"https:\/\/rioonwatch.org.br\/?s={search_term_string}\"},\"query-input\":{\"@type\":\"PropertyValueSpecification\",\"valueRequired\":true,\"valueName\":\"search_term_string\"}}],\"inLanguage\":\"pt-BR\"},{\"@type\":\"Organization\",\"@id\":\"https:\/\/rioonwatch.org.br\/#organization\",\"name\":\"RioOnWatch\",\"url\":\"https:\/\/rioonwatch.org.br\/\",\"logo\":{\"@type\":\"ImageObject\",\"inLanguage\":\"pt-BR\",\"@id\":\"https:\/\/rioonwatch.org.br\/#\/schema\/logo\/image\/\",\"url\":\"https:\/\/rioonwatch.org.br\/wp-content\/uploads\/2021\/06\/RioOnWatchcabecalhoPT11anos-2.png\",\"contentUrl\":\"https:\/\/rioonwatch.org.br\/wp-content\/uploads\/2021\/06\/RioOnWatchcabecalhoPT11anos-2.png\",\"width\":779,\"height\":277,\"caption\":\"RioOnWatch\"},\"image\":{\"@id\":\"https:\/\/rioonwatch.org.br\/#\/schema\/logo\/image\/\"}},{\"@type\":\"Person\",\"@id\":\"https:\/\/rioonwatch.org.br\/#\/schema\/person\/1150bfc199e76e22909b454a0c139c4b\",\"name\":\"Beatriz Miranda\",\"image\":{\"@type\":\"ImageObject\",\"inLanguage\":\"pt-BR\",\"@id\":\"https:\/\/rioonwatch.org.br\/#\/schema\/person\/image\/\",\"url\":\"https:\/\/secure.gravatar.com\/avatar\/41a514d4cb8be1f42ceaebd1038a447b?s=96&d=blank&r=g\",\"contentUrl\":\"https:\/\/secure.gravatar.com\/avatar\/41a514d4cb8be1f42ceaebd1038a447b?s=96&d=blank&r=g\",\"caption\":\"Beatriz Miranda\"},\"url\":\"https:\/\/rioonwatch.org.br\/?author=192\"}]}<\/script>\n<!-- \/ Yoast SEO plugin. -->","yoast_head_json":{"title":"\u2018S\u00f3 Vamos Conseguir Juntos. Isolado, a Gente \u00c9 Fraco\u2019: Mutir\u00e3o de Limpeza Recupera Espa\u00e7o Verde no Complexo da Coreia - RioOnWatch","robots":{"index":"index","follow":"follow","max-snippet":"max-snippet:-1","max-image-preview":"max-image-preview:large","max-video-preview":"max-video-preview:-1"},"canonical":"https:\/\/rioonwatch.org.br\/?p=79391","og_locale":"pt_BR","og_type":"article","og_title":"\u2018S\u00f3 Vamos Conseguir Juntos. Isolado, a Gente \u00c9 Fraco\u2019: Mutir\u00e3o de Limpeza Recupera Espa\u00e7o Verde no Complexo da Coreia - RioOnWatch","og_description":"Click Here for English No dia 21 de setembro, o\u00a0Complexo da Coreia, Senador Camar\u00e1, Zona Oeste do Rio de Janeiro, realizou um mutir\u00e3o de limpeza no espa\u00e7o verde do Caminho Anes Dias. A atividade contou [...]","og_url":"https:\/\/rioonwatch.org.br\/?p=79391","og_site_name":"RioOnWatch","article_published_time":"2025-09-29T03:13:33+00:00","article_modified_time":"2025-11-14T14:44:40+00:00","og_image":[{"width":2048,"height":1367,"url":"https:\/\/rioonwatch.org.br\/wp-content\/uploads\/2025\/09\/Mutirao-de-limpeza-deu-o-pontape-inicial-para-a-conservacao-e-o-reflorestamento-do-espaco-verde-do-Caminho-Anes-Dias-no-Complexo-da-Coreia.-Foto-Barbara-Dias.jpg","type":"image\/jpeg"}],"author":"Beatriz Miranda","twitter_card":"summary_large_image","twitter_misc":{"Escrito por":"Beatriz Miranda","Est. tempo de leitura":"6 minutos"},"schema":{"@context":"https:\/\/schema.org","@graph":[{"@type":"Article","@id":"https:\/\/rioonwatch.org.br\/?p=79391#article","isPartOf":{"@id":"https:\/\/rioonwatch.org.br\/?p=79391"},"author":{"name":"Beatriz Miranda","@id":"https:\/\/rioonwatch.org.br\/#\/schema\/person\/1150bfc199e76e22909b454a0c139c4b"},"headline":"\u2018S\u00f3 Vamos Conseguir Juntos. Isolado, a Gente \u00c9 Fraco\u2019: Mutir\u00e3o de Limpeza Recupera Espa\u00e7o Verde no Complexo da Coreia","datePublished":"2025-09-29T03:13:33+00:00","dateModified":"2025-11-14T14:44:40+00:00","mainEntityOfPage":{"@id":"https:\/\/rioonwatch.org.br\/?p=79391"},"wordCount":1072,"publisher":{"@id":"https:\/\/rioonwatch.org.br\/#organization"},"image":{"@id":"https:\/\/rioonwatch.org.br\/?p=79391#primaryimage"},"thumbnailUrl":"https:\/\/rioonwatch.org.br\/wp-content\/uploads\/2025\/09\/Mutirao-de-limpeza-deu-o-pontape-inicial-para-a-conservacao-e-o-reflorestamento-do-espaco-verde-do-Caminho-Anes-Dias-no-Complexo-da-Coreia.-Foto-Barbara-Dias.jpg","keywords":["\u00e1rea de lazer","CEDAE","coleta de lixo","coletivo","Complexo da Coreia","cultura","ecologia","espa\u00e7o p\u00fablico","espa\u00e7os verdes","lazer","lixo","mutir\u00e3o","N\u00f3s por N\u00f3s","Rede Favela Sustent\u00e1vel","reflorestamento","Sant\u00edssimo","Senador Camar\u00e1","S\u00e9rie: Interc\u00e2mbios da RFS","sustentabilidade","Zona Oeste"],"articleSection":["Escrito por Comunicadores Populares","Sociedade Civil","Solu\u00e7\u00f5es","Sustentabilidade"],"inLanguage":"pt-BR"},{"@type":"WebPage","@id":"https:\/\/rioonwatch.org.br\/?p=79391","url":"https:\/\/rioonwatch.org.br\/?p=79391","name":"\u2018S\u00f3 Vamos Conseguir Juntos. Isolado, a Gente \u00c9 Fraco\u2019: Mutir\u00e3o de Limpeza Recupera Espa\u00e7o Verde no Complexo da Coreia - RioOnWatch","isPartOf":{"@id":"https:\/\/rioonwatch.org.br\/#website"},"primaryImageOfPage":{"@id":"https:\/\/rioonwatch.org.br\/?p=79391#primaryimage"},"image":{"@id":"https:\/\/rioonwatch.org.br\/?p=79391#primaryimage"},"thumbnailUrl":"https:\/\/rioonwatch.org.br\/wp-content\/uploads\/2025\/09\/Mutirao-de-limpeza-deu-o-pontape-inicial-para-a-conservacao-e-o-reflorestamento-do-espaco-verde-do-Caminho-Anes-Dias-no-Complexo-da-Coreia.-Foto-Barbara-Dias.jpg","datePublished":"2025-09-29T03:13:33+00:00","dateModified":"2025-11-14T14:44:40+00:00","breadcrumb":{"@id":"https:\/\/rioonwatch.org.br\/?p=79391#breadcrumb"},"inLanguage":"pt-BR","potentialAction":[{"@type":"ReadAction","target":["https:\/\/rioonwatch.org.br\/?p=79391"]}]},{"@type":"ImageObject","inLanguage":"pt-BR","@id":"https:\/\/rioonwatch.org.br\/?p=79391#primaryimage","url":"https:\/\/rioonwatch.org.br\/wp-content\/uploads\/2025\/09\/Mutirao-de-limpeza-deu-o-pontape-inicial-para-a-conservacao-e-o-reflorestamento-do-espaco-verde-do-Caminho-Anes-Dias-no-Complexo-da-Coreia.-Foto-Barbara-Dias.jpg","contentUrl":"https:\/\/rioonwatch.org.br\/wp-content\/uploads\/2025\/09\/Mutirao-de-limpeza-deu-o-pontape-inicial-para-a-conservacao-e-o-reflorestamento-do-espaco-verde-do-Caminho-Anes-Dias-no-Complexo-da-Coreia.-Foto-Barbara-Dias.jpg","width":2048,"height":1367,"caption":"Mutir\u00e3o de limpeza deu o pontap\u00e9 inicial para a conserva\u00e7\u00e3o e o reflorestamento do espa\u00e7o verde do Caminho Anes Dias, no Complexo da Coreia. Foto: B\u00e1rbara Dias"},{"@type":"BreadcrumbList","@id":"https:\/\/rioonwatch.org.br\/?p=79391#breadcrumb","itemListElement":[{"@type":"ListItem","position":1,"name":"In\u00edcio","item":"https:\/\/rioonwatch.org.br\/"},{"@type":"ListItem","position":2,"name":"\u2018S\u00f3 Vamos Conseguir Juntos. Isolado, a Gente \u00c9 Fraco\u2019: Mutir\u00e3o de Limpeza Recupera Espa\u00e7o Verde no Complexo da Coreia"}]},{"@type":"WebSite","@id":"https:\/\/rioonwatch.org.br\/#website","url":"https:\/\/rioonwatch.org.br\/","name":"RioOnWatch","description":"relatos das favelas cariocas","publisher":{"@id":"https:\/\/rioonwatch.org.br\/#organization"},"potentialAction":[{"@type":"SearchAction","target":{"@type":"EntryPoint","urlTemplate":"https:\/\/rioonwatch.org.br\/?s={search_term_string}"},"query-input":{"@type":"PropertyValueSpecification","valueRequired":true,"valueName":"search_term_string"}}],"inLanguage":"pt-BR"},{"@type":"Organization","@id":"https:\/\/rioonwatch.org.br\/#organization","name":"RioOnWatch","url":"https:\/\/rioonwatch.org.br\/","logo":{"@type":"ImageObject","inLanguage":"pt-BR","@id":"https:\/\/rioonwatch.org.br\/#\/schema\/logo\/image\/","url":"https:\/\/rioonwatch.org.br\/wp-content\/uploads\/2021\/06\/RioOnWatchcabecalhoPT11anos-2.png","contentUrl":"https:\/\/rioonwatch.org.br\/wp-content\/uploads\/2021\/06\/RioOnWatchcabecalhoPT11anos-2.png","width":779,"height":277,"caption":"RioOnWatch"},"image":{"@id":"https:\/\/rioonwatch.org.br\/#\/schema\/logo\/image\/"}},{"@type":"Person","@id":"https:\/\/rioonwatch.org.br\/#\/schema\/person\/1150bfc199e76e22909b454a0c139c4b","name":"Beatriz Miranda","image":{"@type":"ImageObject","inLanguage":"pt-BR","@id":"https:\/\/rioonwatch.org.br\/#\/schema\/person\/image\/","url":"https:\/\/secure.gravatar.com\/avatar\/41a514d4cb8be1f42ceaebd1038a447b?s=96&d=blank&r=g","contentUrl":"https:\/\/secure.gravatar.com\/avatar\/41a514d4cb8be1f42ceaebd1038a447b?s=96&d=blank&r=g","caption":"Beatriz Miranda"},"url":"https:\/\/rioonwatch.org.br\/?author=192"}]}},"_links":{"self":[{"href":"https:\/\/rioonwatch.org.br\/index.php?rest_route=\/wp\/v2\/posts\/79391"}],"collection":[{"href":"https:\/\/rioonwatch.org.br\/index.php?rest_route=\/wp\/v2\/posts"}],"about":[{"href":"https:\/\/rioonwatch.org.br\/index.php?rest_route=\/wp\/v2\/types\/post"}],"author":[{"embeddable":true,"href":"https:\/\/rioonwatch.org.br\/index.php?rest_route=\/wp\/v2\/users\/192"}],"replies":[{"embeddable":true,"href":"https:\/\/rioonwatch.org.br\/index.php?rest_route=%2Fwp%2Fv2%2Fcomments&post=79391"}],"version-history":[{"count":28,"href":"https:\/\/rioonwatch.org.br\/index.php?rest_route=\/wp\/v2\/posts\/79391\/revisions"}],"predecessor-version":[{"id":80217,"href":"https:\/\/rioonwatch.org.br\/index.php?rest_route=\/wp\/v2\/posts\/79391\/revisions\/80217"}],"wp:featuredmedia":[{"embeddable":true,"href":"https:\/\/rioonwatch.org.br\/index.php?rest_route=\/wp\/v2\/media\/79395"}],"wp:attachment":[{"href":"https:\/\/rioonwatch.org.br\/index.php?rest_route=%2Fwp%2Fv2%2Fmedia&parent=79391"}],"wp:term":[{"taxonomy":"category","embeddable":true,"href":"https:\/\/rioonwatch.org.br\/index.php?rest_route=%2Fwp%2Fv2%2Fcategories&post=79391"},{"taxonomy":"post_tag","embeddable":true,"href":"https:\/\/rioonwatch.org.br\/index.php?rest_route=%2Fwp%2Fv2%2Ftags&post=79391"},{"taxonomy":"writer","embeddable":true,"href":"https:\/\/rioonwatch.org.br\/index.php?rest_route=%2Fwp%2Fv2%2Fwriter&post=79391"},{"taxonomy":"translator","embeddable":true,"href":"https:\/\/rioonwatch.org.br\/index.php?rest_route=%2Fwp%2Fv2%2Ftranslator&post=79391"},{"taxonomy":"source","embeddable":true,"href":"https:\/\/rioonwatch.org.br\/index.php?rest_route=%2Fwp%2Fv2%2Fsource&post=79391"},{"taxonomy":"ilustrador","embeddable":true,"href":"https:\/\/rioonwatch.org.br\/index.php?rest_route=%2Fwp%2Fv2%2Filustrador&post=79391"},{"taxonomy":"fotografo","embeddable":true,"href":"https:\/\/rioonwatch.org.br\/index.php?rest_route=%2Fwp%2Fv2%2Ffotografo&post=79391"}],"curies":[{"name":"wp","href":"https:\/\/api.w.org\/{rel}","templated":true}]}}