{"id":79595,"date":"2025-10-13T07:00:44","date_gmt":"2025-10-13T10:00:44","guid":{"rendered":"https:\/\/rioonwatch.org.br\/?p=79595"},"modified":"2025-11-14T11:43:15","modified_gmt":"2025-11-14T14:43:15","slug":"sos-comunidades-centenarias-da-ilha-do-governador-denunciam-ameacas-de-remocao-forcada-pelo-comando-da-aeronautica","status":"publish","type":"post","link":"https:\/\/rioonwatch.org.br\/?p=79595","title":{"rendered":"SOS! Comunidades Centen\u00e1rias da Ilha do Governador Denunciam Amea\u00e7as de Remo\u00e7\u00e3o For\u00e7ada pelo Comando da Aeron\u00e1utica"},"content":{"rendered":"<figure id=\"attachment_79647\" aria-describedby=\"caption-attachment-79647\" style=\"width: 2000px\" class=\"wp-caption aligncenter\"><a href=\"https:\/\/rioonwatch.org.br\/wp-content\/uploads\/2025\/10\/Casa-demolida-na-Radio-Sonda.png\"><img fetchpriority=\"high\" decoding=\"async\" class=\"wp-image-79647 size-full\" title=\"Casa demolida Ra\u0301dio Sonda. Foto: Arquivo Pessoal\" src=\"https:\/\/rioonwatch.org.br\/wp-content\/uploads\/2025\/10\/Casa-demolida-na-Radio-Sonda.png\" alt=\"Casa demolida Ra\u0301dio Sonda. Foto: Arquivo Pessoal\" width=\"2000\" height=\"1010\" srcset=\"https:\/\/rioonwatch.org.br\/wp-content\/uploads\/2025\/10\/Casa-demolida-na-Radio-Sonda.png 2000w, https:\/\/rioonwatch.org.br\/wp-content\/uploads\/2025\/10\/Casa-demolida-na-Radio-Sonda-620x313.png 620w, https:\/\/rioonwatch.org.br\/wp-content\/uploads\/2025\/10\/Casa-demolida-na-Radio-Sonda-768x388.png 768w, https:\/\/rioonwatch.org.br\/wp-content\/uploads\/2025\/10\/Casa-demolida-na-Radio-Sonda-1536x776.png 1536w\" sizes=\"(max-width: 2000px) 100vw, 2000px\" \/><\/a><figcaption id=\"caption-attachment-79647\" class=\"wp-caption-text\">Casa demolida Ra\u0301dio Sonda. Foto: Arquivo Pessoal<\/figcaption><\/figure>\n<p style=\"text-align: right;\"><a href=\"https:\/\/bit.ly\/4ox2YKY\" target=\"_blank\" rel=\"noopener\"><em><strong>Click Here for English<\/strong><\/em><img decoding=\"async\" class=\"alignright wp-image-15790\" src=\"https:\/\/rioonwatch.org.br\/wp-content\/uploads\/2012\/08\/EN-standard-e1439583104716.jpg\" alt=\"\" width=\"20\" height=\"20\" \/><\/a><\/p>\n<p><span style=\"font-weight: 400;\">Em 2025, a possibilidade de remo\u00e7\u00e3o das comunidades dos <a href=\"https:\/\/bit.ly\/48XuqNr\" target=\"_blank\" rel=\"noopener\">Maracaj\u00e1s<\/a>, <a href=\"https:\/\/bit.ly\/4n8fGyY\" target=\"_blank\" rel=\"noopener\">R\u00e1dio Sonda<\/a> e Estrada do Gale\u00e3o, No. 92, localizadas pr\u00f3ximas ao Aeroporto Tom Jobim (o <a href=\"https:\/\/bit.ly\/3VZsUTl\" target=\"_blank\" rel=\"noopener\">Gale\u00e3o<\/a>), na <a href=\"https:\/\/bit.ly\/303L5v0\" target=\"_blank\" rel=\"noopener\">Ilha do Governador<\/a>, na\u00a0<a href=\"http:\/\/bit.ly\/WximDf\" target=\"_blank\" rel=\"noopener\">Zona Norte<\/a> do Rio de Janeiro, voltou, mais uma vez, a tormentar os moradores. A amea\u00e7a de <a href=\"https:\/\/bit.ly\/4lOlv3Q\" target=\"_blank\" rel=\"noopener\">remo\u00e7\u00e3o<\/a> parte do Comando da Aeron\u00e1utica (<a href=\"https:\/\/bit.ly\/4726Xbx\" target=\"_blank\" rel=\"noopener\">COMAER<\/a>), que, h\u00e1 cinco anos, conseguiu a jurisdi\u00e7\u00e3o administrativa da \u00e1rea, sendo, portanto, o novo propriet\u00e1rio da regi\u00e3o.<br \/>\n<\/span><\/p>\n<p>Situadas entre a Estrada do Gale\u00e3o, principal via expressa da Ilha, que liga o bairro ao aeroporto e \u00e0 Praia do S\u00e3o Bento, essas comunidades abrigam cerca de 160 fam\u00edlias de baixa renda, com mais de 800 pessoas. A ocupa\u00e7\u00e3o dos terrenos aconteceu na \u00e9poca em que eles pertenciam \u00e0 Secretaria de Patrim\u00f4nio da Uni\u00e3o (<span style=\"font-weight: 400;\"><a href=\"https:\/\/bit.ly\/4dMTnKI\" target=\"_blank\" rel=\"noopener\">SPU<\/a><\/span>), h\u00e1 mais de 100 anos.<\/p>\n<p>Apesar de <a href=\"https:\/\/bit.ly\/3VYPsDL\" target=\"_blank\" rel=\"noopener\">conviverem com remo\u00e7\u00f5es<\/a> graduais e <span style=\"font-weight: 400;\">viverem <a href=\"https:\/\/bit.ly\/4nJo5tw\" target=\"_blank\" rel=\"noopener\">tentativas de desapropria\u00e7\u00e3o for\u00e7ada<\/a> h\u00e1 mais de 20 anos, o medo de <a href=\"https:\/\/bit.ly\/3sn5Ger\" target=\"_blank\" rel=\"noopener\">perder tudo, do dia para a noite<\/a><\/span> se intensificou nos \u00faltimos dois anos. Desde que a COMAER possui concess\u00e3o oficial de administra\u00e7\u00e3o do territ\u00f3rio na Ilha do Governador, paira sobre as fam\u00edlias o medo do despejo de suas casas.<\/p>\n<figure id=\"attachment_79611\" aria-describedby=\"caption-attachment-79611\" style=\"width: 307px\" class=\"wp-caption alignright\"><a href=\"https:\/\/rioonwatch.org.br\/wp-content\/uploads\/2025\/10\/Areas-onde-estao-localizadas-as-comunidades-que-sofrem-ameaca-de-remocao-pelo-Comando-da-Aeronautica-exige-remocao.-Foto-Google-MapsReproducao.jpeg\"><img decoding=\"async\" class=\"wp-image-79611 size-medium\" title=\"\u00c1reas onde est\u00e3o localizadas as comunidades que sofrem amea\u00e7a de remo\u00e7\u00e3o pelo Comando da Aeron\u00e1utica. Foto: Google Maps\/Reprodu\u00e7\u00e3o\" src=\"https:\/\/rioonwatch.org.br\/wp-content\/uploads\/2025\/10\/Areas-onde-estao-localizadas-as-comunidades-que-sofrem-ameaca-de-remocao-pelo-Comando-da-Aeronautica-exige-remocao.-Foto-Google-MapsReproducao-307x620.jpeg\" alt=\"\u00c1reas onde est\u00e3o localizadas as comunidades que sofrem amea\u00e7a de remo\u00e7\u00e3o pelo Comando da Aeron\u00e1utica. Foto: Google Maps\/Reprodu\u00e7\u00e3o\" width=\"307\" height=\"620\" srcset=\"https:\/\/rioonwatch.org.br\/wp-content\/uploads\/2025\/10\/Areas-onde-estao-localizadas-as-comunidades-que-sofrem-ameaca-de-remocao-pelo-Comando-da-Aeronautica-exige-remocao.-Foto-Google-MapsReproducao-307x620.jpeg 307w, https:\/\/rioonwatch.org.br\/wp-content\/uploads\/2025\/10\/Areas-onde-estao-localizadas-as-comunidades-que-sofrem-ameaca-de-remocao-pelo-Comando-da-Aeronautica-exige-remocao.-Foto-Google-MapsReproducao.jpeg 576w\" sizes=\"(max-width: 307px) 100vw, 307px\" \/><\/a><figcaption id=\"caption-attachment-79611\" class=\"wp-caption-text\">\u00c1reas onde est\u00e3o localizadas as comunidades que sofrem amea\u00e7a de remo\u00e7\u00e3o pelo Comando da Aeron\u00e1utica. Foto: Google Maps\/Reprodu\u00e7\u00e3o<\/figcaption><\/figure>\n<h3>&#8216;Sai e Acabou&#8217;<\/h3>\n<p><span style=\"font-weight: 400;\">Os terrenos que, hoje, abrigam as comunidades foram ocupados cerca de 100 anos atr\u00e1s por fam\u00edlias migrantes de diferentes lugares do Brasil. Inicialmente, estes espa\u00e7os estavam sob a gest\u00e3o da Uni\u00e3o mas, em 2020, eles foram concedidos \u00e0 administra\u00e7\u00e3o do Comando da Aeron\u00e1utica. As tr\u00eas comunidades s\u00e3o vizinhas dos pr\u00e9dios da Vila de Suboficiais e Sargentos da Aeron\u00e1utica.<\/span><\/p>\n<p><span style=\"font-weight: 400;\">As primeiras notifica\u00e7\u00f5es de despejo surgiram nos anos 1990 e remo\u00e7\u00f5es, de fato, ocorreram a partir dos anos 2000. At\u00e9 o momento, cerca de 15 fam\u00edlias, ex-moradoras de Maracaj\u00e1s e R\u00e1dio Sonda, j\u00e1 foram <a href=\"https:\/\/bit.ly\/2n4qGl6\" target=\"_blank\" rel=\"noopener\">removidas de suas casas<\/a>, mesmo com a <a href=\"https:\/\/bit.ly\/4nHbTcF\" target=\"_blank\" rel=\"noopener\">luta pela perman\u00eancia<\/a> da comunidade.<\/span><\/p>\n<p>Cristina Santos*<span style=\"font-weight: 400;\">, 62 anos, do lar, mora h\u00e1 35 anos no Maracaj\u00e1s, a mais antiga entre as tr\u00eas comunidades. Com o marido e a filha, ela compartilha o medo de perder tudo, relatando a <a href=\"https:\/\/bit.ly\/4q2X8Td\" target=\"_blank\" rel=\"noopener\">\u00faltima remo\u00e7\u00e3o violenta<\/a> que testemunhou, h\u00e1 menos de 10 anos.<\/span><\/p>\n<blockquote><p><span style=\"font-weight: 400;\">\u201cJ\u00e1 tem sete ou oito anos que eles come\u00e7aram a mandar cartas dizendo que a gente ia ter que sair daqui. Sendo que tem [fam\u00edlia] que mora aqui h\u00e1 100 anos. S\u00f3 a minha fam\u00edlia j\u00e1 t\u00e1 na quinta gera\u00e7\u00e3o [aqui]. Quando eles chegaram aqui, do nada, foram nos vizinhos do terreno ao lado, jogaram os m\u00f3veis deles pela janela, sem piedade, sem chance e prazo. Foi: \u2018<a href=\"https:\/\/bit.ly\/4h51MMj\" target=\"_blank\" rel=\"noopener\">Sai e acabou<\/a>\u2019. Eles come\u00e7aram a dizer que isso aqui era deles. Quando a minha sogra veio pra c\u00e1, ainda era crian\u00e7a, em fun\u00e7\u00e3o do pai dela que trabalhava na constru\u00e7\u00e3o da Ponte [Velha] da Ilha do Governador. Esses terrenos foram dados aos funcion\u00e1rios dessas obras. O local onde \u00e9 a prefeitura da Aeron\u00e1utica, por exemplo, era uma granja da galinha. N\u00e3o tinha nada! Quando meu pai estava aqui, nem Aeron\u00e1utica tinha! Eles n\u00e3o precisam desse terreno. No dia que eles vieram pra expulsar as pessoas, fecharam a rua, entraram com caminh\u00f5es, com a <a href=\"https:\/\/bit.ly\/3fW6s7q\" target=\"_blank\" rel=\"noopener\">Pol\u00edcia Militar<\/a>, a <a href=\"https:\/\/bit.ly\/3hmf4Ef\" target=\"_blank\" rel=\"noopener\">Guarda Municipal<\/a>, empurraram os moradores, gente idosa. Bateram\u2026 E disseram que iam guardar as coisas num galp\u00e3o e, at\u00e9 hoje, ningu\u00e9m sabe onde foi parar. Muitos foram pra a casa de parentes. Teve gente que morreu por causa disso. De desgosto. \u00c9 triste isso. Eles s\u00e3o covardes. N\u00e3o tinha necessidade disso. Tem usu\u00e1rio de droga at\u00e9 na casas abandonadas. Bateram nas pessoas e expulsaram pra nada.\u201d \u2014 Cristina Santos<\/span><\/p><\/blockquote>\n<figure id=\"attachment_28754\" aria-describedby=\"caption-attachment-28754\" style=\"width: 1421px\" class=\"wp-caption aligncenter\"><a href=\"https:\/\/rioonwatch.org.br\/wp-content\/uploads\/2017\/10\/Maracajas-protest.png\"><img loading=\"lazy\" decoding=\"async\" class=\"wp-image-28754 size-full\" title=\"Moradores da Estrada de Maracaj\u00e1s protestaram em 4 outubro 2017 pelo direito \u00e0 perman\u00eancia. Foto: Redes Sociais SOS Maracaj\u00e1s\" src=\"https:\/\/rioonwatch.org.br\/wp-content\/uploads\/2017\/10\/Maracajas-protest.png\" alt=\"Moradores da Estrada de Maracaj\u00e1s protestaram em 4 outubro 2017 pelo direito \u00e0 perman\u00eancia. Foto: Redes Sociais SOS Maracaj\u00e1s\" width=\"1421\" height=\"644\" srcset=\"https:\/\/rioonwatch.org.br\/wp-content\/uploads\/2017\/10\/Maracajas-protest.png 1421w, https:\/\/rioonwatch.org.br\/wp-content\/uploads\/2017\/10\/Maracajas-protest-583x264.png 583w, https:\/\/rioonwatch.org.br\/wp-content\/uploads\/2017\/10\/Maracajas-protest-620x281.png 620w, https:\/\/rioonwatch.org.br\/wp-content\/uploads\/2017\/10\/Maracajas-protest-768x348.png 768w, https:\/\/rioonwatch.org.br\/wp-content\/uploads\/2017\/10\/Maracajas-protest-1024x464.png 1024w\" sizes=\"(max-width: 1421px) 100vw, 1421px\" \/><\/a><figcaption id=\"caption-attachment-28754\" class=\"wp-caption-text\">Moradores da Estrada de Maracaj\u00e1s protestaram em 4 outubro 2017 pelo direito \u00e0 perman\u00eancia. Foto: Redes Sociais SOS Maracaj\u00e1s<\/figcaption><\/figure>\n<p>Ana Maria Goulart*,<span style=\"font-weight: 400;\"> 47, vendedora, m\u00e3e de duas crian\u00e7as, \u00e9 moradora da R\u00e1dio Sonda, localidade da Vila Juaniza, h\u00e1 23 anos. Ela diz que a luta \u00e9 longa e que isso traz <a href=\"https:\/\/bit.ly\/3KolXFk\" target=\"_blank\" rel=\"noopener\">dificuldades at\u00e9 para dormir<\/a>.<\/span><\/p>\n<blockquote><p><span style=\"font-weight: 400;\">\u201cMinha sogra, a primeira moradora, me disse que recebia notifica\u00e7\u00f5es por mensagem de celular e email da <a href=\"https:\/\/bit.ly\/2F6okiw\" target=\"_blank\" rel=\"noopener\">Defensoria P\u00fablica<\/a> sobre a ordem de despejo. Ela foi recorrer e depois come\u00e7ou a entrar todo mundo [outros moradores] junto, mas sempre sem uma decis\u00e3o final sobre algum tipo de acordo. Depois que ela faleceu eu e meu companheiro ficamos de frente nessa situa\u00e7\u00e3o. Est\u00e1 sendo angustiante porque n\u00e3o temos outro local pra ir. Temos uma filha com necessidades especiais e \u00e9 muito dif\u00edcil ficar nesse impasse. Voc\u00ea n\u00e3o consegue relaxar, dormir direito. A gente t\u00e1 sempre pensando nesse assunto. \u00c9 bem complicado. Nunca pensei em passar por essa situa\u00e7\u00e3o de ficar sem casa de repente. \u00c9 muito desesperador. Meus filhos cresceram nessa casa. A gente s\u00f3 queria essa permiss\u00e3o pra continuar vivendo aqui.\u201d \u2014 Ana Maria Goulart<\/span><\/p><\/blockquote>\n<figure id=\"attachment_35156\" aria-describedby=\"caption-attachment-35156\" style=\"width: 2000px\" class=\"wp-caption aligncenter\"><a href=\"https:\/\/rioonwatch.org.br\/wp-content\/uploads\/2018\/08\/Radio-Sonda-protesto.jpg\"><img loading=\"lazy\" decoding=\"async\" class=\"wp-image-35156 size-full\" title=\"Protesto de moradores da comunidade Radio Sonda contra as remo\u00e7\u00f5es, em 2015. Foto: T\u00e2nia R\u00eago\/Ag\u00eancia Brasil\" src=\"https:\/\/rioonwatch.org.br\/wp-content\/uploads\/2018\/08\/Radio-Sonda-protesto.jpg\" alt=\"Protesto de moradores da comunidade Radio Sonda contra as remo\u00e7\u00f5es, em 2015. Foto: T\u00e2nia R\u00eago\/Ag\u00eancia Brasil\" width=\"2000\" height=\"1065\" srcset=\"https:\/\/rioonwatch.org.br\/wp-content\/uploads\/2018\/08\/Radio-Sonda-protesto.jpg 2000w, https:\/\/rioonwatch.org.br\/wp-content\/uploads\/2018\/08\/Radio-Sonda-protesto-620x330.jpg 620w, https:\/\/rioonwatch.org.br\/wp-content\/uploads\/2018\/08\/Radio-Sonda-protesto-1181x629.jpg 1181w, https:\/\/rioonwatch.org.br\/wp-content\/uploads\/2018\/08\/Radio-Sonda-protesto-768x409.jpg 768w, https:\/\/rioonwatch.org.br\/wp-content\/uploads\/2018\/08\/Radio-Sonda-protesto-1024x545.jpg 1024w\" sizes=\"(max-width: 2000px) 100vw, 2000px\" \/><\/a><figcaption id=\"caption-attachment-35156\" class=\"wp-caption-text\">Protesto de moradores da comunidade Radio Sonda contra as remo\u00e7\u00f5es, em 2015. Foto: T\u00e2nia R\u00eago\/Ag\u00eancia Brasil<\/figcaption><\/figure>\n<figure id=\"attachment_79615\" aria-describedby=\"caption-attachment-79615\" style=\"width: 349px\" class=\"wp-caption alignright\"><a href=\"https:\/\/rioonwatch.org.br\/wp-content\/uploads\/2025\/10\/Em-2016-moradores-da-Estrada-do-Galeao-92-deram-entrada-no-cartorio-com-o-intuito-de-obter-o-reconhecimento-sobre-sua-posse-do-terreno.-Foto-Arquivo-pessoal.jpeg\"><img loading=\"lazy\" decoding=\"async\" class=\"wp-image-79615 size-medium\" src=\"https:\/\/rioonwatch.org.br\/wp-content\/uploads\/2025\/10\/Em-2016-moradores-da-Estrada-do-Galeao-92-deram-entrada-no-cartorio-com-o-intuito-de-obter-o-reconhecimento-sobre-sua-posse-do-terreno.-Foto-Arquivo-pessoal-349x620.jpeg\" alt=\"Em 2016, moradores da Estrada do Gale\u00e3o 92 deram entrada no cart\u00f3rio com o intuito de obter o reconhecimento sobre sua posse do terreno. Foto: Arquivo pessoal\" width=\"349\" height=\"620\" srcset=\"https:\/\/rioonwatch.org.br\/wp-content\/uploads\/2025\/10\/Em-2016-moradores-da-Estrada-do-Galeao-92-deram-entrada-no-cartorio-com-o-intuito-de-obter-o-reconhecimento-sobre-sua-posse-do-terreno.-Foto-Arquivo-pessoal-349x620.jpeg 349w, https:\/\/rioonwatch.org.br\/wp-content\/uploads\/2025\/10\/Em-2016-moradores-da-Estrada-do-Galeao-92-deram-entrada-no-cartorio-com-o-intuito-de-obter-o-reconhecimento-sobre-sua-posse-do-terreno.-Foto-Arquivo-pessoal-844x1500.jpeg 844w, https:\/\/rioonwatch.org.br\/wp-content\/uploads\/2025\/10\/Em-2016-moradores-da-Estrada-do-Galeao-92-deram-entrada-no-cartorio-com-o-intuito-de-obter-o-reconhecimento-sobre-sua-posse-do-terreno.-Foto-Arquivo-pessoal-768x1365.jpeg 768w, https:\/\/rioonwatch.org.br\/wp-content\/uploads\/2025\/10\/Em-2016-moradores-da-Estrada-do-Galeao-92-deram-entrada-no-cartorio-com-o-intuito-de-obter-o-reconhecimento-sobre-sua-posse-do-terreno.-Foto-Arquivo-pessoal-864x1536.jpeg 864w, https:\/\/rioonwatch.org.br\/wp-content\/uploads\/2025\/10\/Em-2016-moradores-da-Estrada-do-Galeao-92-deram-entrada-no-cartorio-com-o-intuito-de-obter-o-reconhecimento-sobre-sua-posse-do-terreno.-Foto-Arquivo-pessoal.jpeg 900w\" sizes=\"(max-width: 349px) 100vw, 349px\" \/><\/a><figcaption id=\"caption-attachment-79615\" class=\"wp-caption-text\">Em 2016, moradores da Estrada do Gale\u00e3o 92 deram entrada no cart\u00f3rio com o intuito de obter o reconhecimento sobre sua posse do terreno. Foto: Arquivo pessoal<\/figcaption><\/figure>\n<p><span style=\"font-weight: 400;\">Ainda que, at\u00e9 agora, n\u00e3o tenha sofrido remo\u00e7\u00f5es efetivas, a Estrada do Gale\u00e3o 92, hoje, tamb\u00e9m est\u00e1 sob risco. O terreno onde hoje vive a comunidade pertencia a um antigo coronel da Aeron\u00e1utica da Ilha do Governador, que, na d\u00e9cada de 1990, decidiu do\u00e1-lo a um funcion\u00e1rio que prestava servi\u00e7o de reparos no local. <\/span>Em fun\u00e7\u00e3o da amplitude do terreno, o funcion\u00e1rio (e novo propriet\u00e1rio) cedeu pequenas partes <span style=\"font-weight: 400;\">a outras pessoas em situa\u00e7\u00e3o de vulnerabilidade. No entanto, s<\/span><span style=\"font-weight: 400;\">egundo<\/span>\u00a0Jeferson Almeida*,<span style=\"font-weight: 400;\"> morador da Estrada do Gale\u00e3o 92, o sossego durou apenas seis anos. Em 2003, receberam a primeira notifica\u00e7\u00e3o de despejo.<\/span><\/p>\n<p><span style=\"font-weight: 400;\">Anos mais tarde, em 2016, os novos moradores deram entrada no cart\u00f3rio para registrar o terreno. No entanto, apesar de terem obtido uma declara\u00e7\u00e3o reconhecida pelo cart\u00f3rio, as notifica\u00e7\u00f5es de desapropria\u00e7\u00e3o nunca cessaram. Ao todo, j\u00e1 foram dez notifica\u00e7\u00f5es de despejo s\u00f3 nesta comunidade.<\/span><\/p>\n<blockquote><p><span style=\"font-weight: 400;\">\u201cEles [oficiais de justi\u00e7a] vieram aqui pra conversar com meu pai e dizer que a gente tinha que sair. Meu pai procurou a Defensoria P\u00fablica na \u00e9poca e come\u00e7aram a vir os processos, um atr\u00e1s do outro. Sendo que esses processos vinham, ele recorria e acabava o assunto. Em 2017, veio outro processo, j\u00e1 com pedido de devolu\u00e7\u00e3o do terreno. Eles [Aeron\u00e1utica] tiraram o pessoal de outro terreno [a comunidade Maracaj\u00e1s], que \u00e9 atr\u00e1s do nosso, e deixaram os terrenos abandonados. Tem casas que, no m\u00ednimo, tem uns sete ou dez anos abandonadas, que j\u00e1 t\u00e3o caindo aos peda\u00e7os.&#8221; \u2014 Jeferson Almeida<\/span><\/p><\/blockquote>\n<p>Jeferson explica que, em sua opini\u00e3o, a \u00fanica resposta poss\u00edvel para essa insist\u00eancia na remo\u00e7\u00e3o \u00e9 o projeto de constru\u00e7\u00e3o de um terminal aquavi\u00e1rio, que visa transformar a regi\u00e3o, em parte da infraestrutura tur\u00edstica da cidade do Rio de Janeiro. A partir deste terminal, barcas ligar\u00e3o pela <a href=\"https:\/\/bit.ly\/434GKrs\" target=\"_blank\" rel=\"noopener\">Ba\u00eda de Guanabara<\/a>\u00a0o <a href=\"https:\/\/bit.ly\/3KGa4hM\" target=\"_blank\" rel=\"noopener\">Aeroporto do Gale\u00e3o ao Aeroporto Santos Dumont<\/a>, no <a href=\"https:\/\/bit.ly\/3m7rrqz\" target=\"_blank\" rel=\"noopener\">Centro<\/a> da cidade.<\/p>\n<blockquote><p><span style=\"font-weight: 400;\">&#8220;Querem tirar a gente daqui s\u00f3 porque eles querem ter lucro com o terreno. [Querem fazer] esta\u00e7\u00e3o de barca aqui. A Uni\u00e3o e a Aeron\u00e1utica querem pegar um terreno que era abandonado, que eles n\u00e3o ligavam, para ter posse disso e para ganhar dinheiro. Tem casas que est\u00e3o lacradas, que eles fecharam os port\u00f5es com tijolo.\u201d \u2014 <\/span>Jeferson Almeida<\/p><\/blockquote>\n<p><iframe title=\"YouTube video player\" src=\"https:\/\/www.youtube.com\/embed\/q9TTOjEYsbM?si=DOjbE5S0PqclROpo\" width=\"1030\" height=\"563\" frameborder=\"0\" allowfullscreen=\"allowfullscreen\"><span data-mce-type=\"bookmark\" style=\"display: inline-block; width: 0px; overflow: hidden; line-height: 0;\" class=\"mce_SELRES_start\">\ufeff<\/span><\/iframe><\/p>\n<p><span style=\"font-weight: 400;\">Nos \u00faltimos dois anos, as investidas foram ainda mais pesadas. Ap\u00f3s quatro reuni\u00f5es com o COMAER, n\u00e3o foram oferecidas contrapartidas justas aos moradores, al\u00e9m de n\u00e3o terem apresentado nenhuma preocupa\u00e7\u00e3o com a realoca\u00e7\u00e3o adequada ou indeniza\u00e7\u00e3o proporcional e justa aos moradores.\u00a0<\/span><\/p>\n<figure id=\"attachment_79616\" aria-describedby=\"caption-attachment-79616\" style=\"width: 1414px\" class=\"wp-caption aligncenter\"><a href=\"https:\/\/rioonwatch.org.br\/wp-content\/uploads\/2025\/10\/Reunioes-foram-marcadas-com-as-autoridades-mas-falta-de-consenso-atrasa-um-desfecho-para-a-situacao.-Foto-Arquivo-pessoal.png\"><img loading=\"lazy\" decoding=\"async\" class=\"wp-image-79616 size-full\" src=\"https:\/\/rioonwatch.org.br\/wp-content\/uploads\/2025\/10\/Reunioes-foram-marcadas-com-as-autoridades-mas-falta-de-consenso-atrasa-um-desfecho-para-a-situacao.-Foto-Arquivo-pessoal.png\" alt=\"Reuni\u00f5es foram marcadas com as autoridades, mas falta de consenso atrasa um desfecho para a situa\u00e7\u00e3o. Foto: Arquivo pessoal\" width=\"1414\" height=\"2000\" srcset=\"https:\/\/rioonwatch.org.br\/wp-content\/uploads\/2025\/10\/Reunioes-foram-marcadas-com-as-autoridades-mas-falta-de-consenso-atrasa-um-desfecho-para-a-situacao.-Foto-Arquivo-pessoal.png 1414w, https:\/\/rioonwatch.org.br\/wp-content\/uploads\/2025\/10\/Reunioes-foram-marcadas-com-as-autoridades-mas-falta-de-consenso-atrasa-um-desfecho-para-a-situacao.-Foto-Arquivo-pessoal-438x620.png 438w, https:\/\/rioonwatch.org.br\/wp-content\/uploads\/2025\/10\/Reunioes-foram-marcadas-com-as-autoridades-mas-falta-de-consenso-atrasa-um-desfecho-para-a-situacao.-Foto-Arquivo-pessoal-1061x1500.png 1061w, https:\/\/rioonwatch.org.br\/wp-content\/uploads\/2025\/10\/Reunioes-foram-marcadas-com-as-autoridades-mas-falta-de-consenso-atrasa-um-desfecho-para-a-situacao.-Foto-Arquivo-pessoal-768x1086.png 768w, https:\/\/rioonwatch.org.br\/wp-content\/uploads\/2025\/10\/Reunioes-foram-marcadas-com-as-autoridades-mas-falta-de-consenso-atrasa-um-desfecho-para-a-situacao.-Foto-Arquivo-pessoal-1086x1536.png 1086w\" sizes=\"(max-width: 1414px) 100vw, 1414px\" \/><\/a><figcaption id=\"caption-attachment-79616\" class=\"wp-caption-text\">Reuni\u00f5es foram realizadas com as autoridades, mas falta de consenso atrasa um desfecho para a situa\u00e7\u00e3o. Foto: Arquivo pessoal<\/figcaption><\/figure>\n<h3><b>\u2018Pra Onde Que a Gente Vai?\u2019<\/b><\/h3>\n<p>Silvia Santos* desabafa sobre a falta de respeito e de humanidade com os moradores.<\/p>\n<blockquote><p>\u201cAqui tem crian\u00e7a, tem idoso, tem pessoas doentes, entendeu? A gente quer \u00e9 que eles tenham uma consci\u00eancia, n\u00e9? Que a gente \u00e9 ser humano. Cad\u00ea os nossos <a href=\"https:\/\/bit.ly\/2x7TAWp\">direitos humanos<\/a>, que a gente n\u00e3o tem? Para eles a gente n\u00e3o tem. A gente est\u00e1 aqui lutando, todo mundo preocupado, com a m\u00e3o na cabe\u00e7a, [se perguntando: no] final de ano, para onde que a gente vai? \u2014 Silvia Santos<\/p><\/blockquote>\n<p>Roberto Nascimento*, 43 anos, expedidor e morador da Estrada do Gale\u00e3o 92, explica que nunca houve tentativas de acordo pac\u00edfico entre as partes e que as condi\u00e7\u00f5es impostas colocariam os moradores em situa\u00e7\u00e3o de mais vulnerabilidade.<\/p>\n<blockquote><p>\u201cTodo mundo aqui \u00e9 assalariado, trabalha e \u00e9 empregado, e o \u00fanico bem que tem \u00e9 a casa [em que mora]. Ou deixa a gente ficar, ou indeniza a gente, ou desloca para um lugar que seja pr\u00f3prio para cada um. Nada desse neg\u00f3cio de <a href=\"https:\/\/bit.ly\/3011huD\" target=\"_blank\" rel=\"noopener\">aluguel social<\/a>, que isso a\u00ed n\u00e3o presta. Eles come\u00e7am a dar um m\u00eas, como j\u00e1 ouvi falar, e depois eles param. E \u00e9 um valor que n\u00e3o d\u00e1 para voc\u00ea pagar nada, porque voc\u00ea vai entrar para pagar um aluguel e o restante, luz, \u00e1gua, essas coisas? Quem se lasca \u00e9 o trabalhador, que sai de manh\u00e3, n\u00e3o sabe se vai voltar, tua casa vai estar fechada ou vai estar arrombada. Se for olhar o projeto&#8230; [a motiva\u00e7\u00e3o para a remo\u00e7\u00e3o] \u00e9 comercial&#8230; J\u00e1 que eles podem investir bilh\u00f5es [nesse projeto], o que custa para eles poder indenizar cada morador daqui? Nada.\u201d \u2014 Roberto Nascimento<\/p><\/blockquote>\n<h3><b>\u2018O Governo N\u00e3o T\u00e1 Nem A\u00ed para O Povo&#8217;<\/b><\/h3>\n<p><span style=\"font-weight: 400;\">Luzia Alves*, cabeleireira de 45 anos e residente da Estrada do Gae\u00e3o 92, compartilha sua preocupa\u00e7\u00e3o.<\/span><\/p>\n<blockquote><p><span style=\"font-weight: 400;\">\u201cPor que deixaram essas 17 fam\u00edlias constru\u00edrem [aqui]? Para agora fazer essa injusti\u00e7a com a gente? Espero que realmente resolvam nossa situa\u00e7\u00e3o pra gente n\u00e3o ficar como os outros moradores aqui [detr\u00e1s] na Maracaj\u00e1s, h\u00e1 7 anos, que foram despejados. At\u00e9 hoje, quando eu lembro, eu choro. Me traumatizou ver uma senhora de mais de 90 anos na cadeira de roda [expulsa de casa] debaixo de um sol pelando. Foi horrorizante, tinha v\u00e1rias for\u00e7as [armadas] l\u00e1 para tirar na marra. N\u00e3o deram outra moradia para os moradores de l\u00e1, e ficou por isso mesmo. Eles t\u00eam a moradia deles, t\u00e1 garantida a casa deles para eles dormirem, n\u00e9, para chegar e ver a fam\u00edlia. E n\u00f3s? O que\u00a0 a gente tem garantido? N\u00e3o tem nada. Ningu\u00e9m pensa, na verdade, no pobre. N\u00e3o querem saber do pobre.&#8221; \u2014 <\/span>Luzia Alves<\/p><\/blockquote>\n<figure id=\"attachment_35185\" aria-describedby=\"caption-attachment-35185\" style=\"width: 2000px\" class=\"wp-caption aligncenter\"><a href=\"https:\/\/rioonwatch.org.br\/wp-content\/uploads\/2018\/08\/Remo\u00e7\u00e3o-Radio-Sonda-2015.jpg\"><img loading=\"lazy\" decoding=\"async\" class=\"wp-image-35185 size-full\" title=\"Moradores da comunidade Radio Sonda, na Ilha do Governador, zona norte da cidade, protestam contra as remo\u00e7\u00f5es que est\u00e3o sendo realizadas ap\u00f3s a\u00e7\u00e3o movida pela aeron\u00e1utica. Foto: T\u00e2nia R\u00eago\/Ag\u00eancia Brasil\" src=\"https:\/\/rioonwatch.org.br\/wp-content\/uploads\/2018\/08\/Remo\u00e7\u00e3o-Radio-Sonda-2015.jpg\" alt=\"Moradores da comunidade Radio Sonda, na Ilha do Governador, zona norte da cidade, protestam contra as remo\u00e7\u00f5es que est\u00e3o sendo realizadas ap\u00f3s a\u00e7\u00e3o movida pela aeron\u00e1utica. Foto: T\u00e2nia R\u00eago\/Ag\u00eancia Brasil\" width=\"2000\" height=\"1325\" srcset=\"https:\/\/rioonwatch.org.br\/wp-content\/uploads\/2018\/08\/Remo\u00e7\u00e3o-Radio-Sonda-2015.jpg 2000w, https:\/\/rioonwatch.org.br\/wp-content\/uploads\/2018\/08\/Remo\u00e7\u00e3o-Radio-Sonda-2015-398x264.jpg 398w, https:\/\/rioonwatch.org.br\/wp-content\/uploads\/2018\/08\/Remo\u00e7\u00e3o-Radio-Sonda-2015-620x411.jpg 620w, https:\/\/rioonwatch.org.br\/wp-content\/uploads\/2018\/08\/Remo\u00e7\u00e3o-Radio-Sonda-2015-768x509.jpg 768w, https:\/\/rioonwatch.org.br\/wp-content\/uploads\/2018\/08\/Remo\u00e7\u00e3o-Radio-Sonda-2015-1024x678.jpg 1024w\" sizes=\"(max-width: 2000px) 100vw, 2000px\" \/><\/a><figcaption id=\"caption-attachment-35185\" class=\"wp-caption-text\">Moradores da comunidade Radio Sonda, na Ilha do Governador, zona norte da cidade, protestam contra as remo\u00e7\u00f5es que est\u00e3o sendo realizadas ap\u00f3s a\u00e7\u00e3o movida pela aeron\u00e1utica. Foto: T\u00e2nia R\u00eago\/Ag\u00eancia Brasil<\/figcaption><\/figure>\n<p>Concei\u00e7\u00e3o Batista*, <span style=\"font-weight: 400;\">72 anos, aposentada, fala sobre a falta de di\u00e1logo e a despreocupa\u00e7\u00e3o com os moradores, o que dificulta a resolu\u00e7\u00e3o do problema.<\/span><\/p>\n<blockquote><p>&#8220;N\u00e3o \u00e9 chegar igual eles fizeram da outra vez: com o caminh\u00e3o querendo botar todo mundo dentro igual porco e jogar os m\u00f3veis fora. Ningu\u00e9m tem dinheiro para comprar outro. Ent\u00e3o, eles t\u00eam que ter solu\u00e7\u00e3o. O que \u00e9 que eles querem? Arrumar mais problema pra gente? Por isso que tem tanta favela no Rio de Janeiro, tanta bandidagem, \u00e9 por isso. Porque eles, o governo, n\u00e3o est\u00e1 nem a\u00ed para o povo. Ningu\u00e9m roubou nada aqui, n\u00e3o. Todo mundo lutou, e \u00e9 o suor de cada um que t\u00e1 aqui.\u201d \u2014 Concei\u00e7\u00e3o Batista<\/p><\/blockquote>\n<figure id=\"attachment_79622\" aria-describedby=\"caption-attachment-79622\" style=\"width: 1600px\" class=\"wp-caption aligncenter\"><a href=\"https:\/\/rioonwatch.org.br\/wp-content\/uploads\/2025\/10\/Casa-em-Maracajas-que-foi-abandonada-apos-ordem-de-despejo-nesta-comunidade.-Em-vez-de-servir-de-habitacao-para-alguma-familia-esta-entregue-as-tracas.-Foto-Arquivo-Pessoal-Reproducao.jpeg\"><img loading=\"lazy\" decoding=\"async\" class=\"wp-image-79622 size-full\" title=\"Casa em Maracaj\u00e1s que foi abandonada ap\u00f3s ordem de despejo nesta comunidade. Em vez de servir de habita\u00e7\u00e3o para alguma fam\u00edlia, est\u00e1 entregue \u00e0s tra\u00e7as. Foto: Arquivo Pessoal\/ Reprodu\u00e7\u00e3o\" src=\"https:\/\/rioonwatch.org.br\/wp-content\/uploads\/2025\/10\/Casa-em-Maracajas-que-foi-abandonada-apos-ordem-de-despejo-nesta-comunidade.-Em-vez-de-servir-de-habitacao-para-alguma-familia-esta-entregue-as-tracas.-Foto-Arquivo-Pessoal-Reproducao.jpeg\" alt=\"Casa em Maracaj\u00e1s que foi abandonada ap\u00f3s ordem de despejo nesta comunidade. Em vez de servir de habita\u00e7\u00e3o para alguma fam\u00edlia, est\u00e1 entregue \u00e0s tra\u00e7as. Foto: Arquivo Pessoal\/ Reprodu\u00e7\u00e3o\" width=\"1600\" height=\"1200\" srcset=\"https:\/\/rioonwatch.org.br\/wp-content\/uploads\/2025\/10\/Casa-em-Maracajas-que-foi-abandonada-apos-ordem-de-despejo-nesta-comunidade.-Em-vez-de-servir-de-habitacao-para-alguma-familia-esta-entregue-as-tracas.-Foto-Arquivo-Pessoal-Reproducao.jpeg 1600w, https:\/\/rioonwatch.org.br\/wp-content\/uploads\/2025\/10\/Casa-em-Maracajas-que-foi-abandonada-apos-ordem-de-despejo-nesta-comunidade.-Em-vez-de-servir-de-habitacao-para-alguma-familia-esta-entregue-as-tracas.-Foto-Arquivo-Pessoal-Reproducao-620x465.jpeg 620w, https:\/\/rioonwatch.org.br\/wp-content\/uploads\/2025\/10\/Casa-em-Maracajas-que-foi-abandonada-apos-ordem-de-despejo-nesta-comunidade.-Em-vez-de-servir-de-habitacao-para-alguma-familia-esta-entregue-as-tracas.-Foto-Arquivo-Pessoal-Reproducao-768x576.jpeg 768w, https:\/\/rioonwatch.org.br\/wp-content\/uploads\/2025\/10\/Casa-em-Maracajas-que-foi-abandonada-apos-ordem-de-despejo-nesta-comunidade.-Em-vez-de-servir-de-habitacao-para-alguma-familia-esta-entregue-as-tracas.-Foto-Arquivo-Pessoal-Reproducao-1536x1152.jpeg 1536w, https:\/\/rioonwatch.org.br\/wp-content\/uploads\/2025\/10\/Casa-em-Maracajas-que-foi-abandonada-apos-ordem-de-despejo-nesta-comunidade.-Em-vez-de-servir-de-habitacao-para-alguma-familia-esta-entregue-as-tracas.-Foto-Arquivo-Pessoal-Reproducao-678x509.jpeg 678w, https:\/\/rioonwatch.org.br\/wp-content\/uploads\/2025\/10\/Casa-em-Maracajas-que-foi-abandonada-apos-ordem-de-despejo-nesta-comunidade.-Em-vez-de-servir-de-habitacao-para-alguma-familia-esta-entregue-as-tracas.-Foto-Arquivo-Pessoal-Reproducao-326x245.jpeg 326w, https:\/\/rioonwatch.org.br\/wp-content\/uploads\/2025\/10\/Casa-em-Maracajas-que-foi-abandonada-apos-ordem-de-despejo-nesta-comunidade.-Em-vez-de-servir-de-habitacao-para-alguma-familia-esta-entregue-as-tracas.-Foto-Arquivo-Pessoal-Reproducao-80x60.jpeg 80w\" sizes=\"(max-width: 1600px) 100vw, 1600px\" \/><\/a><figcaption id=\"caption-attachment-79622\" class=\"wp-caption-text\">Casa em Maracaj\u00e1s que foi abandonada ap\u00f3s ordem de despejo nesta comunidade. Em vez de servir de habita\u00e7\u00e3o para alguma fam\u00edlia, est\u00e1 entregue \u00e0s tra\u00e7as. Foto: Arquivo Pessoal\/ Reprodu\u00e7\u00e3o<\/figcaption><\/figure>\n<p><span style=\"box-sizing: border-box; margin: 0px; padding: 0px;\">Maria Augusta*, 53, do lar, moradora da R\u00e1dio Sonda h\u00e1 31 anos, refor\u00e7a a import\u00e2ncia de conseguir apoios neste momento t\u00e3o delicado para os moradores.<\/span><\/p>\n<blockquote><p>\u201cEstamos buscando solu\u00e7\u00f5es em Bras\u00edlia porque na Aeron\u00e1utica do Rio n\u00e3o conseguimos. J\u00e1 teve outros parlamentares buscando esse acordo com eles e n\u00e3o conseguimos e, agora, com a Comiss\u00e3o de Conflitos, tamb\u00e9m n\u00e3o conseguimos resolver. As fam\u00edlias aqui n\u00e3o chegaram ontem, moram aqui h\u00e1 muitos anos. N\u00e3o d\u00e3o nenhuma justificativa do porqu\u00ea querem essa \u00e1rea. Um monte de quart\u00e9is abandonados, sem limpeza. Se nem da \u00e1rea deles est\u00e3o cuidando, porque est\u00e3o exigindo nossas casas e largando tudo? Se \u00e9 pra ser assim, que indenizem, que realoquem. Temos fam\u00edlias pobres aqui. S\u00e3o fam\u00edlias que trabalham, que t\u00eam filhos. Queremos o nosso direito \u00e0 moradia. \u00c9 isso que a gente quer.&#8221; \u2014 <span style=\"box-sizing: border-box; margin: 0px; padding: 0px;\">Maria Augusta<\/span><\/p><\/blockquote>\n<p>No momento, as comunidades est\u00e3o em luta, aguardando a possibilidade de consenso com o COMAER, em se\u00e7\u00e3o na Comiss\u00e3o de Assuntos Fundi\u00e1rios do <a href=\"https:\/\/bit.ly\/42uHo1m\" target=\"_blank\" rel=\"noopener\">Tribunal Regional Federal da 2\u00aa Regi\u00e3o<\/a>, agendada para 15 de outubro de 2025. Mas vivem em constante estado de ansiedade, com medo de verem seus lares sendo demolidos, locais onde constru\u00edram suas mem\u00f3rias, fam\u00edlias e vidas, apagados pela <a href=\"https:\/\/bit.ly\/2Rku5Mf\" target=\"_blank\" rel=\"noopener\">neglig\u00eancia do Estado<\/a> em garantir o <a href=\"https:\/\/bit.ly\/2wXAliv\" target=\"_blank\" rel=\"noopener\">direito \u00e0 moradia<\/a> destas tr\u00eas comunidades insulanas.<\/p>\n<p><em>*Visando a seguran\u00e7a dos moradores que concederam entrevista ao RioOnWatch, todos os nomes nesta mat\u00e9ria foram alterados.<\/em><\/p>\n<hr \/>\n<h4><b data-stringify-type=\"bold\">Apoie nossos esfor\u00e7os para fornecer apoio estrat\u00e9gico \u00e0s favelas do Rio, incluindo o jornalismo hiperlocal, cr\u00edtico, inovador e incans\u00e1vel do\u00a0<\/b><b data-stringify-type=\"bold\"><i data-stringify-type=\"italic\">RioOnWatch<\/i><\/b>\u2014<a class=\"c-link\" href=\"http:\/\/www.bit.ly\/ApoieROW\" target=\"_blank\" rel=\"noopener noreferrer\" data-stringify-link=\"http:\/\/www.bit.ly\/ApoieROW\" data-sk=\"tooltip_parent\">doe aqui<\/a>.<\/h4>\n<!-- AddThis Advanced Settings generic via filter on the_content --><!-- AddThis Share Buttons generic via filter on the_content -->","protected":false},"excerpt":{"rendered":"<div class=\"mh-excerpt\"><p>Click Here for English Em 2025, a possibilidade de remo\u00e7\u00e3o das comunidades dos Maracaj\u00e1s, R\u00e1dio Sonda e Estrada do Gale\u00e3o, No. 92, localizadas pr\u00f3ximas ao Aeroporto Tom Jobim (o Gale\u00e3o), na Ilha do Governador, na\u00a0Zona <a class=\"mh-excerpt-more\" href=\"https:\/\/rioonwatch.org.br\/?p=79595\" title=\"SOS! Comunidades Centen\u00e1rias da Ilha do Governador Denunciam Amea\u00e7as de Remo\u00e7\u00e3o For\u00e7ada pelo Comando da Aeron\u00e1utica\">[&#8230;]<\/a><!-- AddThis Advanced Settings generic via filter on get_the_excerpt --><!-- AddThis Share Buttons generic via filter on get_the_excerpt --><\/p>\n<\/div>","protected":false},"author":192,"featured_media":79647,"comment_status":"closed","ping_status":"closed","sticky":false,"template":"template-full.php","format":"standard","meta":{"_acf_changed":false,"_monsterinsights_skip_tracking":false,"_monsterinsights_sitenote_active":false,"_monsterinsights_sitenote_note":"","_monsterinsights_sitenote_category":0,"footnotes":""},"categories":[1614,1621,346,1625],"tags":[2223,804,424,3590,2227,1173,2219,2224,774,2217,14,432,2539,1705,3589,218],"writer":[3518],"translator":[],"source":[],"ilustrador":[],"fotografo":[],"class_list":{"0":"post-79595","1":"post","2":"type-post","3":"status-publish","4":"format-standard","5":"has-post-thumbnail","7":"category-olhonasremocoes","8":"category-destaque","9":"category-denuncias","10":"category-por-correspondentes-comunitarios","11":"tag-aeronautica","12":"tag-baia-da-guanabara","13":"tag-direito-a-moradia","14":"tag-estrada-do-galeao-92","15":"tag-galeao","16":"tag-guarda-municipal","17":"tag-ilha-do-governador","18":"tag-maracajas","19":"tag-policia-militar","20":"tag-radio-sonda","21":"tag-remocao","22":"tag-resistencia","23":"tag-sentimento-de-pertencimento","24":"tag-taticas-de-remocao-perca-de-pertences","25":"tag-vila-juaniza","26":"tag-zona-norte","27":"writer-fernanda-delatorre"},"acf":[],"yoast_head":"<!-- This site is optimized with the Yoast SEO plugin v25.6 - https:\/\/yoast.com\/wordpress\/plugins\/seo\/ -->\n<title>SOS! Comunidades Centen\u00e1rias da Ilha do Governador Denunciam Amea\u00e7as de Remo\u00e7\u00e3o For\u00e7ada pelo Comando da Aeron\u00e1utica - RioOnWatch<\/title>\n<meta name=\"robots\" content=\"index, follow, max-snippet:-1, max-image-preview:large, max-video-preview:-1\" \/>\n<link rel=\"canonical\" href=\"https:\/\/rioonwatch.org.br\/?p=79595\" \/>\n<meta property=\"og:locale\" content=\"pt_BR\" \/>\n<meta property=\"og:type\" content=\"article\" \/>\n<meta property=\"og:title\" content=\"SOS! Comunidades Centen\u00e1rias da Ilha do Governador Denunciam Amea\u00e7as de Remo\u00e7\u00e3o For\u00e7ada pelo Comando da Aeron\u00e1utica - RioOnWatch\" \/>\n<meta property=\"og:description\" content=\"Click Here for English Em 2025, a possibilidade de remo\u00e7\u00e3o das comunidades dos Maracaj\u00e1s, R\u00e1dio Sonda e Estrada do Gale\u00e3o, No. 92, localizadas pr\u00f3ximas ao Aeroporto Tom Jobim (o Gale\u00e3o), na Ilha do Governador, na\u00a0Zona [...]\" \/>\n<meta property=\"og:url\" content=\"https:\/\/rioonwatch.org.br\/?p=79595\" \/>\n<meta property=\"og:site_name\" content=\"RioOnWatch\" \/>\n<meta property=\"article:published_time\" content=\"2025-10-13T10:00:44+00:00\" \/>\n<meta property=\"article:modified_time\" content=\"2025-11-14T14:43:15+00:00\" \/>\n<meta property=\"og:image\" content=\"https:\/\/rioonwatch.org.br\/wp-content\/uploads\/2025\/10\/Casa-demolida-na-Radio-Sonda.png\" \/>\n\t<meta property=\"og:image:width\" content=\"2000\" \/>\n\t<meta property=\"og:image:height\" content=\"1010\" \/>\n\t<meta property=\"og:image:type\" content=\"image\/png\" \/>\n<meta name=\"author\" content=\"Beatriz Miranda\" \/>\n<meta name=\"twitter:card\" content=\"summary_large_image\" \/>\n<meta name=\"twitter:label1\" content=\"Escrito por\" \/>\n\t<meta name=\"twitter:data1\" content=\"Beatriz Miranda\" \/>\n\t<meta name=\"twitter:label2\" content=\"Est. tempo de leitura\" \/>\n\t<meta name=\"twitter:data2\" content=\"8 minutos\" \/>\n<script type=\"application\/ld+json\" class=\"yoast-schema-graph\">{\"@context\":\"https:\/\/schema.org\",\"@graph\":[{\"@type\":\"Article\",\"@id\":\"https:\/\/rioonwatch.org.br\/?p=79595#article\",\"isPartOf\":{\"@id\":\"https:\/\/rioonwatch.org.br\/?p=79595\"},\"author\":{\"name\":\"Beatriz Miranda\",\"@id\":\"https:\/\/rioonwatch.org.br\/#\/schema\/person\/1150bfc199e76e22909b454a0c139c4b\"},\"headline\":\"SOS! Comunidades Centen\u00e1rias da Ilha do Governador Denunciam Amea\u00e7as de Remo\u00e7\u00e3o For\u00e7ada pelo Comando da Aeron\u00e1utica\",\"datePublished\":\"2025-10-13T10:00:44+00:00\",\"dateModified\":\"2025-11-14T14:43:15+00:00\",\"mainEntityOfPage\":{\"@id\":\"https:\/\/rioonwatch.org.br\/?p=79595\"},\"wordCount\":2394,\"publisher\":{\"@id\":\"https:\/\/rioonwatch.org.br\/#organization\"},\"image\":{\"@id\":\"https:\/\/rioonwatch.org.br\/?p=79595#primaryimage\"},\"thumbnailUrl\":\"https:\/\/rioonwatch.org.br\/wp-content\/uploads\/2025\/10\/Casa-demolida-na-Radio-Sonda.png\",\"keywords\":[\"Aeron\u00e1utica\",\"Ba\u00eda da Guanabara\",\"Direito \u00e0 Moradia\",\"Estrada do Gale\u00e3o 92\",\"Gale\u00e3o\",\"Guarda Municipal\",\"Ilha do Governador\",\"Maracaj\u00e1s\",\"Pol\u00edcia Militar\",\"R\u00e1dio Sonda\",\"Remo\u00e7\u00e3o\",\"resist\u00eancia\",\"sentimento de pertencimento\",\"T\u00e1ticas de remo\u00e7\u00e3o: perca de pertences\",\"Vila Juaniza\",\"Zona Norte\"],\"articleSection\":[\"#OlhoNasRemo\u00e7\u00f5es\",\"*Destaque\",\"Den\u00fancias\",\"Escrito por Comunicadores Populares\"],\"inLanguage\":\"pt-BR\"},{\"@type\":\"WebPage\",\"@id\":\"https:\/\/rioonwatch.org.br\/?p=79595\",\"url\":\"https:\/\/rioonwatch.org.br\/?p=79595\",\"name\":\"SOS! Comunidades Centen\u00e1rias da Ilha do Governador Denunciam Amea\u00e7as de Remo\u00e7\u00e3o For\u00e7ada pelo Comando da Aeron\u00e1utica - RioOnWatch\",\"isPartOf\":{\"@id\":\"https:\/\/rioonwatch.org.br\/#website\"},\"primaryImageOfPage\":{\"@id\":\"https:\/\/rioonwatch.org.br\/?p=79595#primaryimage\"},\"image\":{\"@id\":\"https:\/\/rioonwatch.org.br\/?p=79595#primaryimage\"},\"thumbnailUrl\":\"https:\/\/rioonwatch.org.br\/wp-content\/uploads\/2025\/10\/Casa-demolida-na-Radio-Sonda.png\",\"datePublished\":\"2025-10-13T10:00:44+00:00\",\"dateModified\":\"2025-11-14T14:43:15+00:00\",\"breadcrumb\":{\"@id\":\"https:\/\/rioonwatch.org.br\/?p=79595#breadcrumb\"},\"inLanguage\":\"pt-BR\",\"potentialAction\":[{\"@type\":\"ReadAction\",\"target\":[\"https:\/\/rioonwatch.org.br\/?p=79595\"]}]},{\"@type\":\"ImageObject\",\"inLanguage\":\"pt-BR\",\"@id\":\"https:\/\/rioonwatch.org.br\/?p=79595#primaryimage\",\"url\":\"https:\/\/rioonwatch.org.br\/wp-content\/uploads\/2025\/10\/Casa-demolida-na-Radio-Sonda.png\",\"contentUrl\":\"https:\/\/rioonwatch.org.br\/wp-content\/uploads\/2025\/10\/Casa-demolida-na-Radio-Sonda.png\",\"width\":2000,\"height\":1010},{\"@type\":\"BreadcrumbList\",\"@id\":\"https:\/\/rioonwatch.org.br\/?p=79595#breadcrumb\",\"itemListElement\":[{\"@type\":\"ListItem\",\"position\":1,\"name\":\"In\u00edcio\",\"item\":\"https:\/\/rioonwatch.org.br\/\"},{\"@type\":\"ListItem\",\"position\":2,\"name\":\"SOS! Comunidades Centen\u00e1rias da Ilha do Governador Denunciam Amea\u00e7as de Remo\u00e7\u00e3o For\u00e7ada pelo Comando da Aeron\u00e1utica\"}]},{\"@type\":\"WebSite\",\"@id\":\"https:\/\/rioonwatch.org.br\/#website\",\"url\":\"https:\/\/rioonwatch.org.br\/\",\"name\":\"RioOnWatch\",\"description\":\"relatos das favelas cariocas\",\"publisher\":{\"@id\":\"https:\/\/rioonwatch.org.br\/#organization\"},\"potentialAction\":[{\"@type\":\"SearchAction\",\"target\":{\"@type\":\"EntryPoint\",\"urlTemplate\":\"https:\/\/rioonwatch.org.br\/?s={search_term_string}\"},\"query-input\":{\"@type\":\"PropertyValueSpecification\",\"valueRequired\":true,\"valueName\":\"search_term_string\"}}],\"inLanguage\":\"pt-BR\"},{\"@type\":\"Organization\",\"@id\":\"https:\/\/rioonwatch.org.br\/#organization\",\"name\":\"RioOnWatch\",\"url\":\"https:\/\/rioonwatch.org.br\/\",\"logo\":{\"@type\":\"ImageObject\",\"inLanguage\":\"pt-BR\",\"@id\":\"https:\/\/rioonwatch.org.br\/#\/schema\/logo\/image\/\",\"url\":\"https:\/\/rioonwatch.org.br\/wp-content\/uploads\/2021\/06\/RioOnWatchcabecalhoPT11anos-2.png\",\"contentUrl\":\"https:\/\/rioonwatch.org.br\/wp-content\/uploads\/2021\/06\/RioOnWatchcabecalhoPT11anos-2.png\",\"width\":779,\"height\":277,\"caption\":\"RioOnWatch\"},\"image\":{\"@id\":\"https:\/\/rioonwatch.org.br\/#\/schema\/logo\/image\/\"}},{\"@type\":\"Person\",\"@id\":\"https:\/\/rioonwatch.org.br\/#\/schema\/person\/1150bfc199e76e22909b454a0c139c4b\",\"name\":\"Beatriz Miranda\",\"image\":{\"@type\":\"ImageObject\",\"inLanguage\":\"pt-BR\",\"@id\":\"https:\/\/rioonwatch.org.br\/#\/schema\/person\/image\/\",\"url\":\"https:\/\/secure.gravatar.com\/avatar\/41a514d4cb8be1f42ceaebd1038a447b?s=96&d=blank&r=g\",\"contentUrl\":\"https:\/\/secure.gravatar.com\/avatar\/41a514d4cb8be1f42ceaebd1038a447b?s=96&d=blank&r=g\",\"caption\":\"Beatriz Miranda\"},\"url\":\"https:\/\/rioonwatch.org.br\/?author=192\"}]}<\/script>\n<!-- \/ Yoast SEO plugin. -->","yoast_head_json":{"title":"SOS! Comunidades Centen\u00e1rias da Ilha do Governador Denunciam Amea\u00e7as de Remo\u00e7\u00e3o For\u00e7ada pelo Comando da Aeron\u00e1utica - RioOnWatch","robots":{"index":"index","follow":"follow","max-snippet":"max-snippet:-1","max-image-preview":"max-image-preview:large","max-video-preview":"max-video-preview:-1"},"canonical":"https:\/\/rioonwatch.org.br\/?p=79595","og_locale":"pt_BR","og_type":"article","og_title":"SOS! Comunidades Centen\u00e1rias da Ilha do Governador Denunciam Amea\u00e7as de Remo\u00e7\u00e3o For\u00e7ada pelo Comando da Aeron\u00e1utica - RioOnWatch","og_description":"Click Here for English Em 2025, a possibilidade de remo\u00e7\u00e3o das comunidades dos Maracaj\u00e1s, R\u00e1dio Sonda e Estrada do Gale\u00e3o, No. 92, localizadas pr\u00f3ximas ao Aeroporto Tom Jobim (o Gale\u00e3o), na Ilha do Governador, na\u00a0Zona [...]","og_url":"https:\/\/rioonwatch.org.br\/?p=79595","og_site_name":"RioOnWatch","article_published_time":"2025-10-13T10:00:44+00:00","article_modified_time":"2025-11-14T14:43:15+00:00","og_image":[{"url":"https:\/\/rioonwatch.org.br\/wp-content\/uploads\/2025\/10\/Casa-demolida-na-Radio-Sonda.png","width":2000,"height":1010,"type":"image\/png"}],"author":"Beatriz Miranda","twitter_card":"summary_large_image","twitter_misc":{"Escrito por":"Beatriz Miranda","Est. tempo de leitura":"8 minutos"},"schema":{"@context":"https:\/\/schema.org","@graph":[{"@type":"Article","@id":"https:\/\/rioonwatch.org.br\/?p=79595#article","isPartOf":{"@id":"https:\/\/rioonwatch.org.br\/?p=79595"},"author":{"name":"Beatriz Miranda","@id":"https:\/\/rioonwatch.org.br\/#\/schema\/person\/1150bfc199e76e22909b454a0c139c4b"},"headline":"SOS! Comunidades Centen\u00e1rias da Ilha do Governador Denunciam Amea\u00e7as de Remo\u00e7\u00e3o For\u00e7ada pelo Comando da Aeron\u00e1utica","datePublished":"2025-10-13T10:00:44+00:00","dateModified":"2025-11-14T14:43:15+00:00","mainEntityOfPage":{"@id":"https:\/\/rioonwatch.org.br\/?p=79595"},"wordCount":2394,"publisher":{"@id":"https:\/\/rioonwatch.org.br\/#organization"},"image":{"@id":"https:\/\/rioonwatch.org.br\/?p=79595#primaryimage"},"thumbnailUrl":"https:\/\/rioonwatch.org.br\/wp-content\/uploads\/2025\/10\/Casa-demolida-na-Radio-Sonda.png","keywords":["Aeron\u00e1utica","Ba\u00eda da Guanabara","Direito \u00e0 Moradia","Estrada do Gale\u00e3o 92","Gale\u00e3o","Guarda Municipal","Ilha do Governador","Maracaj\u00e1s","Pol\u00edcia Militar","R\u00e1dio Sonda","Remo\u00e7\u00e3o","resist\u00eancia","sentimento de pertencimento","T\u00e1ticas de remo\u00e7\u00e3o: perca de pertences","Vila Juaniza","Zona Norte"],"articleSection":["#OlhoNasRemo\u00e7\u00f5es","*Destaque","Den\u00fancias","Escrito por Comunicadores Populares"],"inLanguage":"pt-BR"},{"@type":"WebPage","@id":"https:\/\/rioonwatch.org.br\/?p=79595","url":"https:\/\/rioonwatch.org.br\/?p=79595","name":"SOS! Comunidades Centen\u00e1rias da Ilha do Governador Denunciam Amea\u00e7as de Remo\u00e7\u00e3o For\u00e7ada pelo Comando da Aeron\u00e1utica - RioOnWatch","isPartOf":{"@id":"https:\/\/rioonwatch.org.br\/#website"},"primaryImageOfPage":{"@id":"https:\/\/rioonwatch.org.br\/?p=79595#primaryimage"},"image":{"@id":"https:\/\/rioonwatch.org.br\/?p=79595#primaryimage"},"thumbnailUrl":"https:\/\/rioonwatch.org.br\/wp-content\/uploads\/2025\/10\/Casa-demolida-na-Radio-Sonda.png","datePublished":"2025-10-13T10:00:44+00:00","dateModified":"2025-11-14T14:43:15+00:00","breadcrumb":{"@id":"https:\/\/rioonwatch.org.br\/?p=79595#breadcrumb"},"inLanguage":"pt-BR","potentialAction":[{"@type":"ReadAction","target":["https:\/\/rioonwatch.org.br\/?p=79595"]}]},{"@type":"ImageObject","inLanguage":"pt-BR","@id":"https:\/\/rioonwatch.org.br\/?p=79595#primaryimage","url":"https:\/\/rioonwatch.org.br\/wp-content\/uploads\/2025\/10\/Casa-demolida-na-Radio-Sonda.png","contentUrl":"https:\/\/rioonwatch.org.br\/wp-content\/uploads\/2025\/10\/Casa-demolida-na-Radio-Sonda.png","width":2000,"height":1010},{"@type":"BreadcrumbList","@id":"https:\/\/rioonwatch.org.br\/?p=79595#breadcrumb","itemListElement":[{"@type":"ListItem","position":1,"name":"In\u00edcio","item":"https:\/\/rioonwatch.org.br\/"},{"@type":"ListItem","position":2,"name":"SOS! Comunidades Centen\u00e1rias da Ilha do Governador Denunciam Amea\u00e7as de Remo\u00e7\u00e3o For\u00e7ada pelo Comando da Aeron\u00e1utica"}]},{"@type":"WebSite","@id":"https:\/\/rioonwatch.org.br\/#website","url":"https:\/\/rioonwatch.org.br\/","name":"RioOnWatch","description":"relatos das favelas cariocas","publisher":{"@id":"https:\/\/rioonwatch.org.br\/#organization"},"potentialAction":[{"@type":"SearchAction","target":{"@type":"EntryPoint","urlTemplate":"https:\/\/rioonwatch.org.br\/?s={search_term_string}"},"query-input":{"@type":"PropertyValueSpecification","valueRequired":true,"valueName":"search_term_string"}}],"inLanguage":"pt-BR"},{"@type":"Organization","@id":"https:\/\/rioonwatch.org.br\/#organization","name":"RioOnWatch","url":"https:\/\/rioonwatch.org.br\/","logo":{"@type":"ImageObject","inLanguage":"pt-BR","@id":"https:\/\/rioonwatch.org.br\/#\/schema\/logo\/image\/","url":"https:\/\/rioonwatch.org.br\/wp-content\/uploads\/2021\/06\/RioOnWatchcabecalhoPT11anos-2.png","contentUrl":"https:\/\/rioonwatch.org.br\/wp-content\/uploads\/2021\/06\/RioOnWatchcabecalhoPT11anos-2.png","width":779,"height":277,"caption":"RioOnWatch"},"image":{"@id":"https:\/\/rioonwatch.org.br\/#\/schema\/logo\/image\/"}},{"@type":"Person","@id":"https:\/\/rioonwatch.org.br\/#\/schema\/person\/1150bfc199e76e22909b454a0c139c4b","name":"Beatriz Miranda","image":{"@type":"ImageObject","inLanguage":"pt-BR","@id":"https:\/\/rioonwatch.org.br\/#\/schema\/person\/image\/","url":"https:\/\/secure.gravatar.com\/avatar\/41a514d4cb8be1f42ceaebd1038a447b?s=96&d=blank&r=g","contentUrl":"https:\/\/secure.gravatar.com\/avatar\/41a514d4cb8be1f42ceaebd1038a447b?s=96&d=blank&r=g","caption":"Beatriz Miranda"},"url":"https:\/\/rioonwatch.org.br\/?author=192"}]}},"_links":{"self":[{"href":"https:\/\/rioonwatch.org.br\/index.php?rest_route=\/wp\/v2\/posts\/79595"}],"collection":[{"href":"https:\/\/rioonwatch.org.br\/index.php?rest_route=\/wp\/v2\/posts"}],"about":[{"href":"https:\/\/rioonwatch.org.br\/index.php?rest_route=\/wp\/v2\/types\/post"}],"author":[{"embeddable":true,"href":"https:\/\/rioonwatch.org.br\/index.php?rest_route=\/wp\/v2\/users\/192"}],"replies":[{"embeddable":true,"href":"https:\/\/rioonwatch.org.br\/index.php?rest_route=%2Fwp%2Fv2%2Fcomments&post=79595"}],"version-history":[{"count":56,"href":"https:\/\/rioonwatch.org.br\/index.php?rest_route=\/wp\/v2\/posts\/79595\/revisions"}],"predecessor-version":[{"id":80216,"href":"https:\/\/rioonwatch.org.br\/index.php?rest_route=\/wp\/v2\/posts\/79595\/revisions\/80216"}],"wp:featuredmedia":[{"embeddable":true,"href":"https:\/\/rioonwatch.org.br\/index.php?rest_route=\/wp\/v2\/media\/79647"}],"wp:attachment":[{"href":"https:\/\/rioonwatch.org.br\/index.php?rest_route=%2Fwp%2Fv2%2Fmedia&parent=79595"}],"wp:term":[{"taxonomy":"category","embeddable":true,"href":"https:\/\/rioonwatch.org.br\/index.php?rest_route=%2Fwp%2Fv2%2Fcategories&post=79595"},{"taxonomy":"post_tag","embeddable":true,"href":"https:\/\/rioonwatch.org.br\/index.php?rest_route=%2Fwp%2Fv2%2Ftags&post=79595"},{"taxonomy":"writer","embeddable":true,"href":"https:\/\/rioonwatch.org.br\/index.php?rest_route=%2Fwp%2Fv2%2Fwriter&post=79595"},{"taxonomy":"translator","embeddable":true,"href":"https:\/\/rioonwatch.org.br\/index.php?rest_route=%2Fwp%2Fv2%2Ftranslator&post=79595"},{"taxonomy":"source","embeddable":true,"href":"https:\/\/rioonwatch.org.br\/index.php?rest_route=%2Fwp%2Fv2%2Fsource&post=79595"},{"taxonomy":"ilustrador","embeddable":true,"href":"https:\/\/rioonwatch.org.br\/index.php?rest_route=%2Fwp%2Fv2%2Filustrador&post=79595"},{"taxonomy":"fotografo","embeddable":true,"href":"https:\/\/rioonwatch.org.br\/index.php?rest_route=%2Fwp%2Fv2%2Ffotografo&post=79595"}],"curies":[{"name":"wp","href":"https:\/\/api.w.org\/{rel}","templated":true}]}}