{"id":79684,"date":"2025-10-13T17:40:28","date_gmt":"2025-10-13T20:40:28","guid":{"rendered":"https:\/\/rioonwatch.org.br\/?p=79684"},"modified":"2025-11-14T11:41:53","modified_gmt":"2025-11-14T14:41:53","slug":"tres-semanas-ate-cop30-favela-no-centro-das-solucoes-climaticas-e-tema-do-2o-festival-favela-sustentavel-onde-sera-lancada-carta-cop30-das-favelas-entre-140-atividades-gratuita","status":"publish","type":"post","link":"https:\/\/rioonwatch.org.br\/?p=79684","title":{"rendered":"Tr\u00eas Semanas At\u00e9 COP30: &#8216;Favela no Centro das Solu\u00e7\u00f5es Clim\u00e1ticas&#8217; \u00c9 Tema do 2\u00ba Festival Favela Sustent\u00e1vel, Onde Ser\u00e1 Lan\u00e7ada \u2018Carta COP30 das Favelas\u2019 Entre 140 Atividades Gratuitas [RELEASE]"},"content":{"rendered":"<p><b><i><a href=\"https:\/\/rioonwatch.org.br\/wp-content\/uploads\/2025\/10\/2\u00b0-Festival-Favela-Sustentavel-Banner-scaled.jpg\"><img fetchpriority=\"high\" decoding=\"async\" class=\"wp-image-79690 size-full\" title=\"2\u00b0 Festival Favela Sustent\u00e1vel Banner\" src=\"https:\/\/rioonwatch.org.br\/wp-content\/uploads\/2025\/10\/2\u00b0-Festival-Favela-Sustentavel-Banner-scaled.jpg\" alt=\"2\u00b0 Festival Favela Sustent\u00e1vel Banner\" width=\"2560\" height=\"554\" srcset=\"https:\/\/rioonwatch.org.br\/wp-content\/uploads\/2025\/10\/2\u00b0-Festival-Favela-Sustentavel-Banner-scaled.jpg 2560w, https:\/\/rioonwatch.org.br\/wp-content\/uploads\/2025\/10\/2\u00b0-Festival-Favela-Sustentavel-Banner-620x134.jpg 620w, https:\/\/rioonwatch.org.br\/wp-content\/uploads\/2025\/10\/2\u00b0-Festival-Favela-Sustentavel-Banner-768x166.jpg 768w, https:\/\/rioonwatch.org.br\/wp-content\/uploads\/2025\/10\/2\u00b0-Festival-Favela-Sustentavel-Banner-1536x332.jpg 1536w, https:\/\/rioonwatch.org.br\/wp-content\/uploads\/2025\/10\/2\u00b0-Festival-Favela-Sustentavel-Banner-2048x443.jpg 2048w\" sizes=\"(max-width: 2560px) 100vw, 2560px\" \/><\/a><\/i><\/b><\/p>\n<p style=\"text-align: right;\"><a href=\"https:\/\/bit.ly\/SFF2ROWRelease\" target=\"_blank\" rel=\"noopener\"><em><strong>Click Here for English<\/strong><\/em><img decoding=\"async\" class=\"alignright wp-image-15790\" src=\"https:\/\/rioonwatch.org.br\/wp-content\/uploads\/2012\/08\/EN-standard-e1439583104716.jpg\" alt=\"\" width=\"20\" height=\"20\" \/><\/a><\/p>\n<p><b><i>140 A\u00c7\u00d5ES\u2014APRESENTA\u00c7\u00d5ES CULTURAIS, FEIRA DE ECONOMIA SOLID\u00c1RIA, OFICINAS MANUAIS, ATIVIDADES PARA CRIAN\u00c7AS, RODAS DE CONVERSA E CURA, EXPOSI\u00c7\u00d5ES DE MUSEUS DE FAVELA E CULIN\u00c1RIA AGROECOL\u00d3GICA\u2014PULSAM EM UM DIA, POR 8 ESPA\u00c7OS DA FUNDI\u00c7\u00c3O PROGRESSO.<\/i><\/b><\/p>\n<p><b><i>Imperd\u00edvel! <\/i><\/b><i>No s\u00e1bado, <\/i><b><i>18 de outubro<\/i><\/b><i> de 2025, ocupando oito espa\u00e7os da Fundi\u00e7\u00e3o Progresso, na Lapa, Centro do Rio de Janeiro, a Rede Favela Sustent\u00e1vel realiza seu segundo grande evento <b>gratuito <\/b>e <b>aberto ao p\u00fablico<\/b>. Ap\u00f3s oito anos de atua\u00e7\u00e3o, e o sucesso de seu <\/i><a href=\"https:\/\/www.favelasustentavel.org\/festival-favela-sustentavel\" target=\"_blank\" rel=\"noopener\"><i>primeiro<\/i><\/a><i> festival em 2024, n\u00e3o perca essa grande feira de solu\u00e7\u00f5es!<\/i><i>\u00a0Reunindo moradores de 100 favelas do Grande Rio e suas solu\u00e7\u00f5es clim\u00e1ticas, o evento contar\u00e1 com 140 atividades, entre interven\u00e7\u00f5es art\u00edsticas, oficinas para adultos e crian\u00e7as, rodas de conversa, filmes, exposi\u00e7\u00f5es, estandes, feira e terapias.\u00a0<\/i><\/p>\n<h2>2\u00b0 Festival Favela Sustent\u00e1vel: <b>FAVELA NO CENTRO DAS SOLU\u00c7\u00d5ES <\/b><b><i>CLIM\u00c1TICAS<\/i><\/b><\/h2>\n<p><b><a href=\"https:\/\/rioonwatch.org.br\/wp-content\/uploads\/2025\/10\/2025-09-11-RFS-_-FFS2-\u2014-Card-\u2014-Guarde-a-Data-\u2014-Azul-\u2014-Pauta.png\"><img decoding=\"async\" class=\"alignright wp-image-79702\" src=\"https:\/\/rioonwatch.org.br\/wp-content\/uploads\/2025\/10\/2025-09-11-RFS-_-FFS2-\u2014-Card-\u2014-Guarde-a-Data-\u2014-Azul-\u2014-Pauta.png\" alt=\"\" width=\"300\" height=\"375\" srcset=\"https:\/\/rioonwatch.org.br\/wp-content\/uploads\/2025\/10\/2025-09-11-RFS-_-FFS2-\u2014-Card-\u2014-Guarde-a-Data-\u2014-Azul-\u2014-Pauta.png 1080w, https:\/\/rioonwatch.org.br\/wp-content\/uploads\/2025\/10\/2025-09-11-RFS-_-FFS2-\u2014-Card-\u2014-Guarde-a-Data-\u2014-Azul-\u2014-Pauta-496x620.png 496w, https:\/\/rioonwatch.org.br\/wp-content\/uploads\/2025\/10\/2025-09-11-RFS-_-FFS2-\u2014-Card-\u2014-Guarde-a-Data-\u2014-Azul-\u2014-Pauta-768x960.png 768w\" sizes=\"(max-width: 300px) 100vw, 300px\" \/><\/a><\/b>13 de outubro de 2025\u2014Este s\u00e1bado, 18 de outubro, acontece o <b>2\u00ba Festival Favela Sustent\u00e1vel &#8211; Favela no Centro das Solu\u00e7\u00f5es Clim\u00e1ticas<\/b>, na <b>Fundi\u00e7\u00e3o Progresso, das 9-17h<\/b>, com 140 atividades abertas ao p\u00fablico e totalmente gratuito. Basta chegar e se inscrever na hora!<\/p>\n<p>O Festival ocupar\u00e1 este espa\u00e7o ic\u00f4nico da produ\u00e7\u00e3o cultural da cidade, no Centro do Rio de Janeiro, com sabedoria, tecnologias e produ\u00e7\u00f5es perif\u00e9ricas, geradas nas favelas do Grande Rio, atrav\u00e9s de <b>140 coletivos socioambientais <\/b>e aliados da Rede Favela Sustent\u00e1vel. Todo o p\u00fablico\u2014das mais diversas idades e regi\u00f5es da cidade\u2014\u00e9 convidado para aprender e trocar juntos, quebrando barreiras hist\u00f3ricas e reconhecendo a pot\u00eancia das comunidades fluminenses.<\/p>\n<h3>Festival Pauta a COP30<\/h3>\n<p>Acontecendo tr\u00eas semanas antes da COP30 em Bel\u00e9m, o 2\u00ba Festival Favela Sustent\u00e1vel tem como foco as <b>solu\u00e7\u00f5es<\/b> <b>clim\u00e1ticas<\/b>, em particular as solu\u00e7\u00f5es <b>comunit\u00e1rias<\/b>, e a urg\u00eancia de <b>centralizar as favelas nas decis\u00f5es<\/b> sobre o tema.<\/p>\n<p>Ao longo do primeiro semestre de 2025, mais de 100 integrantes e aliados da Rede Favela Sustent\u00e1vel constru\u00edram a \u201c<a href=\"https:\/\/bit.ly\/CartaCOPPDF\" target=\"_blank\" rel=\"noopener\"><b>Carta COP30 das Favelas<\/b><\/a>&#8220;, uma carta-manifesto, denominada \u2018Carta Aberta de Favelas, Comunidades Tradicionais e Marginalizadas de Todo o Mundo para as Autoridades Globais Presentes na COP30\u2019 e com o subt\u00edtulo com declara\u00e7\u00e3o de inten\u00e7\u00e3o: \u201c<b>Coloquem as Favelas, Comunidades Tradicionais e Marginalizadas no Centro das Decis\u00f5es Clim\u00e1ticas Globais<\/b>\u201d.<\/p>\n<p><i>Favelas s\u00e3o as \u201ccomunidades que concentram as pessoas mais vulnerabilizadas em rela\u00e7\u00e3o\u2026 (aos) riscos ambientais em grande parte do mundo\u201d, enquanto \u201cs\u00e3o (tamb\u00e9m) espa\u00e7os de produ\u00e7\u00e3o de solu\u00e7\u00f5es, as primeiras a reagir de forma solid\u00e1ria, como nos resgates dos eventos clim\u00e1ticos extremos\u201d, introduz a carta. &#8220;<\/i><b><i>A solu\u00e7\u00e3o para o clima e a justi\u00e7a clim\u00e1tica s\u00f3 ser\u00e1 poss\u00edvel com sua participa\u00e7\u00e3o ativa, reconhecimento e protagonismo<\/i><\/b><i>\u201d.<\/i><\/p>\n<p><a href=\"https:\/\/rioonwatch.org.br\/wp-content\/uploads\/2025\/10\/Carta-COP30.png\"><img loading=\"lazy\" decoding=\"async\" class=\"alignright wp-image-79700\" src=\"https:\/\/rioonwatch.org.br\/wp-content\/uploads\/2025\/10\/Carta-COP30.png\" alt=\"\" width=\"300\" height=\"380\" srcset=\"https:\/\/rioonwatch.org.br\/wp-content\/uploads\/2025\/10\/Carta-COP30.png 1198w, https:\/\/rioonwatch.org.br\/wp-content\/uploads\/2025\/10\/Carta-COP30-490x620.png 490w, https:\/\/rioonwatch.org.br\/wp-content\/uploads\/2025\/10\/Carta-COP30-1185x1500.png 1185w, https:\/\/rioonwatch.org.br\/wp-content\/uploads\/2025\/10\/Carta-COP30-768x972.png 768w\" sizes=\"(max-width: 300px) 100vw, 300px\" \/><\/a>A Carta COP30 das Favelas, <a href=\"https:\/\/bit.ly\/CartaCOPAssinada\" target=\"_blank\" rel=\"noopener\">j\u00e1 com <b>513 assinaturas<\/b><\/a>\u2014entre elas 355 indiv\u00edduos e 158 organiza\u00e7\u00f5es de <b>19 estados<\/b> brasileiros em todas as regi\u00f5es do pa\u00eds, e <b>23 pa\u00edses<\/b> (\u00c1frica do Sul, Alemanha, \u00c1ustria, Bangladesh, B\u00e9lgica, Brasil Canad\u00e1, Col\u00f4mbia, Cor\u00e9ia do Sul, Egito, Espanha, Estados Unidos, Fran\u00e7a, \u00cdndia, L\u00edbano, M\u00e9xico, Paquist\u00e3o, Per\u00fa, Porto Rico, Qu\u00eania, Reino Unido, Su\u00ed\u00e7a e Venezuela)\u2014ser\u00e1 lan\u00e7ada em <b>coletiva de imprensa \u00e0s 11h30<\/b>, durante o 2\u00ba Festival Favela Sustent\u00e1vel.<\/p>\n<p>As <b>seis<\/b> <b>reivindica\u00e7\u00f5es<\/b> da carta, escrita para representar as ansiedades de comunidades em todo o mundo, s\u00e3o: <b>(1) <\/b>Colocar os assentamentos mais vulnerabilizados de seus pa\u00edses no cerne das decis\u00f5es clim\u00e1ticas.<b> (2)<\/b> Investir, em n\u00edvel local, de formas que promovam e valorizem a popula\u00e7\u00e3o local, seus saberes ancestrais e populares, e sentimento de pertencimento.<b> (3)<\/b> Os fundos clim\u00e1ticos devem priorizar Solu\u00e7\u00f5es Baseadas na Natureza e fomento para energias renov\u00e1veis em favelas. <b>(4)<\/b> Garantir que favelas e comunidades consolidadas que desejem permanecer, possam faz\u00ea-lo com seguran\u00e7a e acesso a servi\u00e7os de qualidade.<b> (5) <\/b>Garantir, nos assentamentos em que o reassentamento for desejado: moradia segura e adequada.<b> (6) <\/b>Investir em comunidades rurais, ind\u00edgenas, quilombolas, cai\u00e7aras e outras comunidades tradicionais.<\/p>\n<p>A RFS continuar\u00e1 a colher assinaturas at\u00e9 a COP30 em Bel\u00e9m, enviando a carta repleta de assinaturas para as autoridades mundiais presentes da confer\u00eancia, e onde integrantes estar\u00e3o para apresentar a Carta em espa\u00e7os e eventos. <a href=\"http:\/\/bit.ly\/AssineCartaCOP30.\" target=\"_blank\" rel=\"noopener\">Clique aqui para assinar a Carta COP30 das Favelas<\/a>.<\/p>\n<h3>Favelas Geram Solu\u00e7\u00f5es<\/h3>\n<p>As a\u00e7\u00f5es da Rede Favela Sustent\u00e1vel acontecem sempre dentro dos territ\u00f3rios, <i>n\u00f3s por n\u00f3s<\/i>, sendo comunicadas atrav\u00e9s das m\u00eddias. Somente o Festival Favela Sustent\u00e1vel proporciona a chance do grande p\u00fablico ter contato direto com as diversas solu\u00e7\u00f5es geradas por favelas e outras comunidades perif\u00e9ricas do Grande Rio, numa grande feira de troca de experi\u00eancias e saberes. Desde seu lan\u00e7amento em 2017, a Rede Favela Sustent\u00e1vel vem crescendo a cada m\u00eas, realizando a\u00e7\u00f5es coletivas, dentro e entre as favelas participantes: <a href=\"https:\/\/www.youtube.com\/watch?v=jPfSGRLe-zg&amp;t=224s\" target=\"_blank\" rel=\"noopener\">trocas de conhecimentos<\/a>, <a href=\"https:\/\/youtu.be\/XBKUZGBZGM8?si=9URAEgGo079tsRZL\" target=\"_blank\" rel=\"noopener\">resgates de mem\u00f3ria e pertencimento<\/a>, constru\u00e7\u00f5es de <a href=\"https:\/\/rioonwatch.org.br\/?p=61687\" target=\"_blank\" rel=\"noopener\">infraestrutura<\/a> e <a href=\"https:\/\/www.youtube.com\/watch?v=AidC3z1bDEU\" target=\"_blank\" rel=\"noopener\">tecnologias ambientais<\/a>, <a href=\"https:\/\/www.favelasustentavel.org\/justica-hidrica-energetica\" target=\"_blank\" rel=\"noopener\">pesquisas<\/a> e <a href=\"https:\/\/www.favelasustentavel.org\/atividade\/rfs-em-brasilia\" target=\"_blank\" rel=\"noopener\">incid\u00eancia pol\u00edtica<\/a>. N\u00e3o perca a chance de interagir conosco no festival!<\/p>\n<h3>PROGRAMA\u00c7\u00c3O<\/h3>\n<ul>\n<li aria-level=\"1\"><b>2\u00b0 Festival Favela Sustent\u00e1vel &#8211; Favela no Centro das Solu\u00e7\u00f5es Clim\u00e1ticas<\/b><\/li>\n<li aria-level=\"1\"><a href=\"https:\/\/bit.ly\/ProgramacaoFFS\" target=\"_blank\" rel=\"noopener\"><b>Confira a programa\u00e7\u00e3o!<\/b><\/a><i> Atividades para crian\u00e7as s\u00e3o indicadas com um \u00edcone especial<\/i><i>.<\/i><\/li>\n<li aria-level=\"1\"><b>Data: <\/b>18 de outubro | <b>Hor\u00e1rio:<\/b> 9-17h |<b> Local: <\/b>Fundi\u00e7\u00e3o Progresso, Rua dos Arcos n\u00ba 24, Lapa, RJ<\/li>\n<\/ul>\n<figure id=\"attachment_79699\" aria-describedby=\"caption-attachment-79699\" style=\"width: 1200px\" class=\"wp-caption aligncenter\"><a href=\"https:\/\/rioonwatch.org.br\/wp-content\/uploads\/2025\/10\/Imagens-do-1\u00b0-Festival-Favela-Sustentavel-que-aconteceu-em-2025-tambem-na-Fundicao-Progresso-1.png\"><img loading=\"lazy\" decoding=\"async\" class=\"wp-image-79699 size-full\" title=\"Imagens do 1\u00b0 Festival Favela Sustent\u00e1vel em 2024.\" src=\"https:\/\/rioonwatch.org.br\/wp-content\/uploads\/2025\/10\/Imagens-do-1\u00b0-Festival-Favela-Sustentavel-que-aconteceu-em-2025-tambem-na-Fundicao-Progresso-1.png\" alt=\"Imagens do 1\u00b0 Festival Favela Sustent\u00e1vel em 2024.\" width=\"1200\" height=\"675\" srcset=\"https:\/\/rioonwatch.org.br\/wp-content\/uploads\/2025\/10\/Imagens-do-1\u00b0-Festival-Favela-Sustentavel-que-aconteceu-em-2025-tambem-na-Fundicao-Progresso-1.png 1200w, https:\/\/rioonwatch.org.br\/wp-content\/uploads\/2025\/10\/Imagens-do-1\u00b0-Festival-Favela-Sustentavel-que-aconteceu-em-2025-tambem-na-Fundicao-Progresso-1-620x349.png 620w, https:\/\/rioonwatch.org.br\/wp-content\/uploads\/2025\/10\/Imagens-do-1\u00b0-Festival-Favela-Sustentavel-que-aconteceu-em-2025-tambem-na-Fundicao-Progresso-1-768x432.png 768w, https:\/\/rioonwatch.org.br\/wp-content\/uploads\/2025\/10\/Imagens-do-1\u00b0-Festival-Favela-Sustentavel-que-aconteceu-em-2025-tambem-na-Fundicao-Progresso-1-678x381.png 678w\" sizes=\"(max-width: 1200px) 100vw, 1200px\" \/><\/a><figcaption id=\"caption-attachment-79699\" class=\"wp-caption-text\">Imagens do 1\u00b0 Festival Favela Sustent\u00e1vel em 2024.<\/figcaption><\/figure>\n<p><a href=\"https:\/\/www.favelasustentavel.org\/atividade\/programacao-ffs-2025\" target=\"_blank\" rel=\"noopener\"><b>A programa\u00e7\u00e3o de 2025 contempla 8 espa\u00e7os<\/b><\/a><b> \u2026<\/b><\/p>\n<ul>\n<li style=\"list-style-type: none;\">\n<ul>\n<li aria-level=\"1\"><b>Apresenta\u00e7\u00f5es culturais<\/b>, incluindo: Grupo Misturidades\u2014percuss\u00e3o intergeracional da Casa de Santa Ana\/Cidade de Deus; pe\u00e7as teatrais: \u2018Rainha do Quariter\u00ea, do Brasil, do Mundo!;\u00a0 e \u2018E Se a Gente N\u00e3o Parar?\u2019 pelo CDDH Petr\u00f3polis; Funk e Meio Ambiente do #EstudeoFunk; bal\u00e9 com coreografia sobre a Hist\u00f3ria do Bailarino Negro da Comunidade que Dan\u00e7a em Broadway pela Cia. de Dan\u00e7a Juliana Coelho\/Cordovil; Raiz de Baob\u00e1 (CHAO); Sarau Liter\u00e1rio do Sarau Ciranda da Rocinha; EDDI MC apresentando a cultura hip-hop (Baixada Nunca Se Rende); \u2018180 NELES!\u2019 do Oca do Viradouro\/Niter\u00f3i; e o Bloco Afro Orumilar (Ofarer\u00e9 Cultural).<\/li>\n<li aria-level=\"1\"><b>Espa\u00e7o voltado para sa\u00fade e alimenta\u00e7\u00e3o<\/b> \u00e9 <em>novidade<\/em> na edi\u00e7\u00e3o de 2025, com coletivos de favelas oferecendo almo\u00e7os agroecol\u00f3gicos, v\u00e1rios di\u00e1logos sobre alimenta\u00e7\u00e3o saud\u00e1vel e produ\u00e7\u00e3o de alimentos, atividades de reconex\u00e3o com a natureza, cuidado com a terra, oficina de bike, din\u00e2micas corporais e c\u00e2nticas, capoeira, jogo de educa\u00e7\u00e3o ambiental e gest\u00e3o de res\u00edduos.<\/li>\n<li aria-level=\"1\"><b>Rodas de conversa <\/b>sobre: o poder da mem\u00f3ria, mobiliza\u00e7\u00e3o de recursos, impactos das mudan\u00e7as clim\u00e1ticas, comunica\u00e7\u00e3o comunit\u00e1ria, como fazer cartografia social, ancestralidade afroliter\u00e1ria, saneamento b\u00e1sico, sa\u00fade e ra\u00e7a, e direito \u00e0 \u00e1gua, entre muitos outros.<\/li>\n<li aria-level=\"1\"><b>Espa\u00e7o voltado para exposi\u00e7\u00f5es<\/b> tamb\u00e9m \u00e9 <em>novidade<\/em> na segunda edi\u00e7\u00e3o do festival, contemplando a hist\u00f3ria de favelas e periferias de todos os cantos da cidade: Mem\u00f3ria Clim\u00e1tica das Favelas (10 favelas), Museu das Remo\u00e7\u00f5es (Vila Aut\u00f3dromo), Fragmentos da Mem\u00f3riaMemoria (Cerro Cor\u00e1 Moradores em Movimento), Mulheres Guerreiras (Museu de Favela\/PPG), Detetives da Ba\u00eda\u2014Ci\u00eancia Cidad\u00e3 em A\u00e7\u00e3o (Ecomuseu de Sepetiba), Mem\u00f3rias da Mar\u00e9 (Museu da Mar\u00e9), Rocinha: Um Percurso Hist\u00f3rico por Imagens (Museu Sankofa\/Rocinha), e Mulheres de Pedra: 25 Anos Costurando Coletivamente (Coletiva Mulheres de Pedra\/Pedra de Guaratiba).<\/li>\n<li aria-level=\"1\"><b>Oficinas manuais para adultos e crian\u00e7as<\/b>, entre elas: arte urbana, PANCs (plantas aliment\u00edcias n\u00e3o-convencionais), hist\u00f3rias de cordel, compostagem, mapeamento de paisagens emocionais, como montar um biodigestor caseiro, resgate de hist\u00f3rias e comunica\u00e7\u00e3o popular, bioj\u00f3ias, esta\u00e7\u00f5es do ano e mudan\u00e7as clim\u00e1ticas, artesanato e mais!<\/li>\n<li aria-level=\"1\"><strong>Cineclube <\/strong><span style=\"font-weight: 400;\"><strong>e curso<\/strong>, contando com: amostras como \u2018Natureza e Sonhos&#8217;, \u2018Ra\u00edzes do Horto&#8217;, \u2018Lixo? N\u00e3o \u00e9 Lixo!&#8217;, e \u2018Baixada Nunca se Rende\u2019. E a oficina de 2,5 horas: \u2018Indicadores de Adapta\u00e7\u00e3o Clim\u00e1tica: A Gera\u00e7\u00e3o Cidad\u00e3 de Dados Para Conectar o Global ao Local\u2019.<\/span><\/li>\n<li aria-level=\"1\"><strong>Espa\u00e7os de cura<\/strong><span style=\"font-weight: 400;\"> trazendo: terapias <\/span><span style=\"font-weight: 400;\">ancestraisanestrais<\/span><span style=\"font-weight: 400;\">, coletivas e individuais; pr\u00e1ticas integrativas de sa\u00fade ambiental e de reconex\u00e3o com a natureza; di\u00e1logos sobre o SUS, rodas de acolhimento e atividades voltadas para o bem estar em tempos de crise clim\u00e1tica, entre outros.<\/span><\/li>\n<li aria-level=\"1\"><b>Stands, feira e oficinas de economia solid\u00e1ria<\/b> ao longo de todo o dia no Espa\u00e7o Feirante, com 50 barracas dedicadas \u00e0 valorizar trocas de informa\u00e7\u00f5es, produtos que geram renda de forma linda e ecol\u00f3gica, e experi\u00eancias com os mais diversos coletivos populares.<\/li>\n<\/ul>\n<\/li>\n<\/ul>\n<p>O Festival ser\u00e1 uma celebra\u00e7\u00e3o das iniciativas e viv\u00eancias de cada um dos onze objetivos tem\u00e1ticos da Rede Favela Sustent\u00e1vel, proporcionando um espa\u00e7o acolhedor e din\u00e2mico para troca de saberes e fortalecimento de la\u00e7os entre as comunidades e a cidade como um todo.<\/p>\n<h3>Sobre os Coletivos Integrantes<\/h3>\n<p>O 2\u00ba Festival Favela Sustent\u00e1vel &#8211; Favela no Centro das Solu\u00e7\u00f5es acontece atrav\u00e9s das atividades de <b>mais de 140 coletivos socioambientais e aliados representando 100 favelas<\/b> de todo o Grande Rio.<\/p>\n<p><b><a href=\"https:\/\/rioonwatch.org.br\/wp-content\/uploads\/2025\/10\/Backdrop-FFS2.png\"><img loading=\"lazy\" decoding=\"async\" class=\"alignright wp-image-79697\" src=\"https:\/\/rioonwatch.org.br\/wp-content\/uploads\/2025\/10\/Backdrop-FFS2.png\" alt=\"\" width=\"500\" height=\"431\" srcset=\"https:\/\/rioonwatch.org.br\/wp-content\/uploads\/2025\/10\/Backdrop-FFS2.png 735w, https:\/\/rioonwatch.org.br\/wp-content\/uploads\/2025\/10\/Backdrop-FFS2-620x534.png 620w\" sizes=\"(max-width: 500px) 100vw, 500px\" \/><\/a>Veja a lista de favelas<\/b> e periferias que far\u00e3o parte do Festival Favela Sustent\u00e1vel: <i>18 (Piedade), 4 Bicas (Complexo da Penha), Acari, A\u00e7o, Alem\u00e3o, Antares, Arar\u00e1, Areia Branca, Asa Branca, Ascurra, Beira Pica Pau Cordovil, Campos El\u00edseos, Casa Branca, Cerro Cor\u00e1, Cidade de Deus, Col\u00f4nia \/ Campo do 15, Complexo da Penha, Coroa, Coruja, Fogueteiro, Furquim Mendes, Galinha (Nova Campinas), Gato (Gradim), Ga\u00facha (Gramacho), Guararapes, Horto, Independ\u00eancia, Itacolomi, Jacarezinho, Jacutinga, Jardim Primavera, Luz, Macacos, Magar\u00e7a, Mangueira, Mar\u00e9, Muqui\u00e7o, Parada S\u00e3o Jorge, Parque da Cidade (G\u00e1vea), Parque Paulista, Parque Royal, Pav\u00e3o-Pav\u00e3ozinho\/Cantagalo, Pedra de Guaratiba, Pedreira (Costa Barros), Porto da Pedra, Pra\u00e7a Seca, <\/i><i>Provid\u00eancia<\/i><i>, Queimados, Ramos, Rio das Pedras, Rocinha, Salgueiro, Santa Marta, Sant\u00edssimo, Sepetiba, Serrinha, Terra Nostra, Terreir\u00e3o, Terreiro (Itaipua\u00e7u), Tijuquinha, Tuiuti, Vidigal, Vig\u00e1rio Geral, Vila Alzira (Novo S\u00e3o Bento), Vila Aut\u00f3dromo, Vila Cruzeiro, Vila Isabel, Vila Kennedy, Vila S\u00e3o Jo\u00e3o, Vila Zulmira e Viradouro Santa Rosa.<\/i><\/p>\n<h3>Sobre a Rede Favela Sustent\u00e1vel<\/h3>\n<p>Desde 2017 a <a href=\"http:\/\/www.favelasustentavel.org\" target=\"_blank\" rel=\"noopener\">Rede Favela Sustent\u00e1vel<\/a> vem crescendo, hoje formada por 1.000 integrantes, mobilizadores comunit\u00e1rios de mais de 300 favelas e aliados t\u00e9cnicos, trabalhando de forma integrada na luta por justi\u00e7a clim\u00e1tica e pela realiza\u00e7\u00e3o do potencial das favelas como modelos de comunidades sustent\u00e1veis.<\/p>\n<p>Atuamos atrav\u00e9s de onze eixos (Justi\u00e7a Clim\u00e1tica, Educa\u00e7\u00e3o Socioambiental, Pol\u00edticas P\u00fablicas Participativas, Cultura e Mem\u00f3ria Local, Soberania Alimentar, Sa\u00fade Coletiva, Economia Solid\u00e1ria, Direito ao Saneamento, Justi\u00e7a Energ\u00e9tica, Transporte Justo e Moradia Sustent\u00e1vel). Buscamos fomentar qualidades j\u00e1 existentes nas favelas para impulsionar, concretizar e amplificar o seu potencial. A RFS atua na perspectiva de favelas como fontes de solu\u00e7\u00f5es, inclusive, para a sustentabilidade humana, baseado no conceito de Desenvolvimento Comunit\u00e1rio com Base em Ativos, que tem como foco o desenvolvimento de moradores e o territ\u00f3rio de acordo com suas pot\u00eancias. <a href=\"http:\/\/www.favelasustentavel.org\/diretrizes\" target=\"_blank\" rel=\"noopener\">Clique para saber mais sobre a rede<\/a> e <a href=\"https:\/\/www.favelasustentavel.org\/festival-favela-sustentavel\" target=\"_blank\" rel=\"noopener\">o FFS<\/a>. A organiza\u00e7\u00e3o gestora da Rede Favela Sustent\u00e1vel \u00e9 a Comunidades Catalisadoras (ComCat), vencedora do pr\u00eamio da Federa\u00e7\u00e3o Nacional dos Arquitetos e Urbanistas (FNA) em 2022, entre outros, pelo seu trabalho desde 2000, realizando projetos de suporte estrat\u00e9gico a mobilizadores de favelas do Grande Rio.<\/p>\n<h3>Apoio ao Festival<\/h3>\n<p>O 2<i>\u00ba Festival Favela Sustent\u00e1vel: Favela no Centro das Solu\u00e7\u00f5es Clim\u00e1ticas <\/i>\u00e9 realizado pela <a href=\"https:\/\/www.favelasustentavel.org\" target=\"_blank\" rel=\"noopener\">Rede Favela Sustent\u00e1vel<\/a> com o apoio do <a href=\"https:\/\/www.rearc.institute\/\" target=\"_blank\" rel=\"noopener\">re:arc institute<\/a> e a parceria da <a href=\"https:\/\/fundicaoprogresso.com.br\/\" target=\"_blank\" rel=\"noopener\">Fundi\u00e7\u00e3o Progresso<\/a> e <a href=\"https:\/\/cedae.com.br\/\" target=\"_blank\" rel=\"noopener\">CEDAE<\/a>. O evento de 2025 tamb\u00e9m est\u00e1 fazendo parte de tr\u00eas outras agendas essenciais pr\u00e9-COP na cidade do Rio de Janeiro: a <a href=\"http:\/\/viradasustentavel.org.br\/rio-de-janeiro\/\" target=\"_blank\" rel=\"noopener\">Virada Sustent\u00e1vel RJ<\/a>, a <a href=\"http:\/\/sengerj.org.br\/semana-da-alimentacao-carioca-2025-de-11-a-18-10-o-rio-em-defesa-de-comida-boa-e-futuro-melhor\" target=\"_blank\" rel=\"noopener\">15a Semana de Agricultura Carioca<\/a> e o <a href=\"http:\/\/www.inscricoes.circuitourbano.org\/conteudo\/view?ID_CONTEUDO=1372\" target=\"_blank\" rel=\"noopener\">Outubro Urbano<\/a> da ONU Habitat.<\/p>\n<h3>Contato para Imprensa<\/h3>\n<ul>\n<li><b>WhatsApp<\/b>:<b> Assuntos gerais: <\/b>(21) 972.538.748 ou <b>Imprensa: <\/b>(21) 991.976.444<\/li>\n<li><b>Instagram<\/b>: <a href=\"http:\/\/www.instagram.com\/favelasustentavel\" target=\"_blank\" rel=\"noopener\">www.instagram.com\/favelasustentavel<\/a><\/li>\n<li><b>Email:<\/b> <a href=\"mailto:rede@favelasustentavel.org\" target=\"_blank\" rel=\"noopener\">rede@favelasustentavel.org<\/a><\/li>\n<li><b>International\/English:<\/b> press@catcomm.org | +55-21-991976444<\/li>\n<\/ul>\n<h3>Onde e Quando?<\/h3>\n<ul>\n<li aria-level=\"1\"><b>2\u00b0 Festival Favela Sustent\u00e1vel &#8211; Favela no Centro das Solu\u00e7\u00f5es Clim\u00e1ticas<\/b><\/li>\n<li aria-level=\"1\"><a href=\"https:\/\/bit.ly\/ProgramacaoFFS\" target=\"_blank\" rel=\"noopener\"><b>Confira a programa\u00e7\u00e3o!<\/b><\/a> <i>Atividades para crian\u00e7as s\u00e3o indicadas com um \u00edcone especial.<\/i><b><br \/>\n<\/b>Data: <b>18 de outubro de 2025<\/b><\/li>\n<li aria-level=\"1\">Hor\u00e1rio: <b>09h \u00e0s 17h<\/b><\/li>\n<li aria-level=\"1\">Local: <b>Fundi\u00e7\u00e3o Progresso, Rua dos Arcos, n\u00ba 24 &#8211; Lapa, Rio de Janeiro\/RJ<\/b><\/li>\n<\/ul>\n<h3><b>Material para Imprensa<\/b><span style=\"font-weight: 400;\"> (uso livre)<\/span><\/h3>\n<ul>\n<li><a href=\"http:\/\/bit.ly\/ProgramacaoFFS\"><b>Programa\u00e7\u00e3o Completa no Site<\/b><\/a><\/li>\n<li><a href=\"https:\/\/ffs.favelasustentavel.org\"><b>Folder da Programa\u00e7\u00e3o<\/b><\/a><\/li>\n<li><a href=\"https:\/\/bit.ly\/ProgramacaoFFS2noInsta\"><b>Programa\u00e7\u00e3o no Instagram<\/b><\/a><\/li>\n<li><a href=\"https:\/\/bit.ly\/CartaCOPAssinada\"><b>Carta COP30 das Favelas (com assinaturas)<\/b><\/a><b> e em <\/b><a href=\"https:\/\/bit.ly\/CartaCOPPDF\"><b>PDF<\/b><\/a><\/li>\n<li><a href=\"http:\/\/bit.ly\/AssineCartaCOP30.\"><b>Formul\u00e1rio para Assinar a Carta COP30 das Favelas<\/b><\/a><b> (e <\/b><a href=\"https:\/\/bit.ly\/SignCOP30Letter\"><b>em ingl\u00eas<\/b><\/a><b>)<\/b><\/li>\n<li><a href=\"https:\/\/bit.ly\/VideoFFS\"><b>V\u00cdDEO do 1\u00ba Festival<\/b><\/a><span style=\"font-weight: 400;\"> [uso liberado, desde que para cobertura desta pauta e atribui\u00e7\u00e3o \u00e0 Rede Favela Sustent\u00e1vel\/ComCat]<\/span><\/li>\n<li><a href=\"https:\/\/bit.ly\/FFSFotos\"><b>FOTOGRAFIAS do 1\u00ba Festival<\/b><\/a> <span style=\"font-weight: 400;\">[uso liberado, desde que para cobertura desta pauta e atribui\u00e7\u00e3o \u00e0 Rede Favela Sustent\u00e1vel\/ComCat]<\/span><\/li>\n<li><a href=\"https:\/\/www.favelasustentavel.org\/quem-somos\"><b>Saiba mais sobre a Rede Favela Sustent\u00e1vel<\/b><\/a><\/li>\n<\/ul>\n<!-- AddThis Advanced Settings generic via filter on the_content --><!-- AddThis Share Buttons generic via filter on the_content -->","protected":false},"excerpt":{"rendered":"<div class=\"mh-excerpt\"><p>Click Here for English 140 A\u00c7\u00d5ES\u2014APRESENTA\u00c7\u00d5ES CULTURAIS, FEIRA DE ECONOMIA SOLID\u00c1RIA, OFICINAS MANUAIS, ATIVIDADES PARA CRIAN\u00c7AS, RODAS DE CONVERSA E CURA, EXPOSI\u00c7\u00d5ES DE MUSEUS DE FAVELA E CULIN\u00c1RIA AGROECOL\u00d3GICA\u2014PULSAM EM UM DIA, POR 8 ESPA\u00c7OS <a class=\"mh-excerpt-more\" href=\"https:\/\/rioonwatch.org.br\/?p=79684\" title=\"Tr\u00eas Semanas At\u00e9 COP30: &#8216;Favela no Centro das Solu\u00e7\u00f5es Clim\u00e1ticas&#8217; \u00c9 Tema do 2\u00ba Festival Favela Sustent\u00e1vel, Onde Ser\u00e1 Lan\u00e7ada \u2018Carta COP30 das Favelas\u2019 Entre 140 Atividades Gratuitas [RELEASE]\">[&#8230;]<\/a><!-- AddThis Advanced Settings generic via filter on get_the_excerpt --><!-- AddThis Share Buttons generic via filter on get_the_excerpt --><\/p>\n<\/div>","protected":false},"author":167,"featured_media":79699,"comment_status":"closed","ping_status":"closed","sticky":false,"template":"template-full.php","format":"standard","meta":{"_acf_changed":false,"_monsterinsights_skip_tracking":false,"_monsterinsights_sitenote_active":false,"_monsterinsights_sitenote_note":"","_monsterinsights_sitenote_category":0,"footnotes":""},"categories":[2323,1621,1615,3170,1616,342,1639],"tags":[259,922,2026,1830,2901,3146,2549,476],"writer":[3145],"translator":[],"source":[],"ilustrador":[],"fotografo":[],"class_list":{"0":"post-79684","1":"post","2":"type-post","3":"status-publish","4":"format-standard","5":"has-post-thumbnail","7":"category-urbanismopopular","8":"category-destaque","9":"category-cultura-da-favela","10":"category-justica-climatica","11":"category-qualidades-da-favela","12":"category-solucoes","13":"category-sustentabilidade","14":"tag-centro","15":"tag-evento","16":"tag-favela-e-solucao","17":"tag-nos-por-nos","18":"tag-rfs","19":"tag-release","20":"tag-serie-intercambios-da-rfs","21":"tag-solucao-comunitaria","22":"writer-rede-favela-sustentavel"},"acf":[],"yoast_head":"<!-- This site is optimized with the Yoast SEO plugin v25.6 - https:\/\/yoast.com\/wordpress\/plugins\/seo\/ -->\n<title>Tr\u00eas Semanas At\u00e9 COP30: &#039;Favela no Centro das Solu\u00e7\u00f5es Clim\u00e1ticas&#039; \u00c9 Tema do 2\u00ba Festival Favela Sustent\u00e1vel, Onde Ser\u00e1 Lan\u00e7ada \u2018Carta COP30 das Favelas\u2019 Entre 140 Atividades Gratuitas [RELEASE] - RioOnWatch<\/title>\n<meta name=\"robots\" content=\"index, follow, max-snippet:-1, max-image-preview:large, max-video-preview:-1\" \/>\n<link rel=\"canonical\" href=\"https:\/\/rioonwatch.org.br\/?p=79684\" \/>\n<meta property=\"og:locale\" content=\"pt_BR\" \/>\n<meta property=\"og:type\" content=\"article\" \/>\n<meta property=\"og:title\" content=\"Tr\u00eas Semanas At\u00e9 COP30: &#039;Favela no Centro das Solu\u00e7\u00f5es Clim\u00e1ticas&#039; \u00c9 Tema do 2\u00ba Festival Favela Sustent\u00e1vel, Onde Ser\u00e1 Lan\u00e7ada \u2018Carta COP30 das Favelas\u2019 Entre 140 Atividades Gratuitas [RELEASE] - RioOnWatch\" \/>\n<meta property=\"og:description\" content=\"Click Here for English 140 A\u00c7\u00d5ES\u2014APRESENTA\u00c7\u00d5ES CULTURAIS, FEIRA DE ECONOMIA SOLID\u00c1RIA, OFICINAS MANUAIS, ATIVIDADES PARA CRIAN\u00c7AS, RODAS DE CONVERSA E CURA, EXPOSI\u00c7\u00d5ES DE MUSEUS DE FAVELA E CULIN\u00c1RIA AGROECOL\u00d3GICA\u2014PULSAM EM UM DIA, POR 8 ESPA\u00c7OS [...]\" \/>\n<meta property=\"og:url\" content=\"https:\/\/rioonwatch.org.br\/?p=79684\" \/>\n<meta property=\"og:site_name\" content=\"RioOnWatch\" \/>\n<meta property=\"article:published_time\" content=\"2025-10-13T20:40:28+00:00\" \/>\n<meta property=\"article:modified_time\" content=\"2025-11-14T14:41:53+00:00\" \/>\n<meta property=\"og:image\" content=\"https:\/\/rioonwatch.org.br\/wp-content\/uploads\/2025\/10\/Imagens-do-1\u00b0-Festival-Favela-Sustentavel-que-aconteceu-em-2025-tambem-na-Fundicao-Progresso-1.png\" \/>\n\t<meta property=\"og:image:width\" content=\"1200\" \/>\n\t<meta property=\"og:image:height\" content=\"675\" \/>\n\t<meta property=\"og:image:type\" content=\"image\/png\" \/>\n<meta name=\"author\" content=\"Julio Santos Filho\" \/>\n<meta name=\"twitter:card\" content=\"summary_large_image\" \/>\n<meta name=\"twitter:label1\" content=\"Escrito por\" \/>\n\t<meta name=\"twitter:data1\" content=\"Julio Santos Filho\" \/>\n\t<meta name=\"twitter:label2\" content=\"Est. tempo de leitura\" \/>\n\t<meta name=\"twitter:data2\" content=\"12 minutos\" \/>\n<script type=\"application\/ld+json\" class=\"yoast-schema-graph\">{\"@context\":\"https:\/\/schema.org\",\"@graph\":[{\"@type\":\"Article\",\"@id\":\"https:\/\/rioonwatch.org.br\/?p=79684#article\",\"isPartOf\":{\"@id\":\"https:\/\/rioonwatch.org.br\/?p=79684\"},\"author\":{\"name\":\"Julio Santos Filho\",\"@id\":\"https:\/\/rioonwatch.org.br\/#\/schema\/person\/476bc75767957d3535b65b796667cd36\"},\"headline\":\"Tr\u00eas Semanas At\u00e9 COP30: &#8216;Favela no Centro das Solu\u00e7\u00f5es Clim\u00e1ticas&#8217; \u00c9 Tema do 2\u00ba Festival Favela Sustent\u00e1vel, Onde Ser\u00e1 Lan\u00e7ada \u2018Carta COP30 das Favelas\u2019 Entre 140 Atividades Gratuitas [RELEASE]\",\"datePublished\":\"2025-10-13T20:40:28+00:00\",\"dateModified\":\"2025-11-14T14:41:53+00:00\",\"mainEntityOfPage\":{\"@id\":\"https:\/\/rioonwatch.org.br\/?p=79684\"},\"wordCount\":2192,\"publisher\":{\"@id\":\"https:\/\/rioonwatch.org.br\/#organization\"},\"image\":{\"@id\":\"https:\/\/rioonwatch.org.br\/?p=79684#primaryimage\"},\"thumbnailUrl\":\"https:\/\/rioonwatch.org.br\/wp-content\/uploads\/2025\/10\/Imagens-do-1\u00b0-Festival-Favela-Sustentavel-que-aconteceu-em-2025-tambem-na-Fundicao-Progresso-1.png\",\"keywords\":[\"Centro\",\"evento\",\"Favela \u00e9 solu\u00e7\u00e3o\",\"N\u00f3s por N\u00f3s\",\"Rede Favela Sustent\u00e1vel\",\"Release\",\"S\u00e9rie: Interc\u00e2mbios da RFS\",\"solu\u00e7\u00e3o comunit\u00e1ria\"],\"articleSection\":[\"#UrbanismoPopular\",\"*Destaque\",\"Cultura da Favela\",\"Justi\u00e7a Clim\u00e1tica\",\"Qualidades da Favela\",\"Solu\u00e7\u00f5es\",\"Sustentabilidade\"],\"inLanguage\":\"pt-BR\"},{\"@type\":\"WebPage\",\"@id\":\"https:\/\/rioonwatch.org.br\/?p=79684\",\"url\":\"https:\/\/rioonwatch.org.br\/?p=79684\",\"name\":\"Tr\u00eas Semanas At\u00e9 COP30: 'Favela no Centro das Solu\u00e7\u00f5es Clim\u00e1ticas' \u00c9 Tema do 2\u00ba Festival Favela Sustent\u00e1vel, Onde Ser\u00e1 Lan\u00e7ada \u2018Carta COP30 das Favelas\u2019 Entre 140 Atividades Gratuitas [RELEASE] - RioOnWatch\",\"isPartOf\":{\"@id\":\"https:\/\/rioonwatch.org.br\/#website\"},\"primaryImageOfPage\":{\"@id\":\"https:\/\/rioonwatch.org.br\/?p=79684#primaryimage\"},\"image\":{\"@id\":\"https:\/\/rioonwatch.org.br\/?p=79684#primaryimage\"},\"thumbnailUrl\":\"https:\/\/rioonwatch.org.br\/wp-content\/uploads\/2025\/10\/Imagens-do-1\u00b0-Festival-Favela-Sustentavel-que-aconteceu-em-2025-tambem-na-Fundicao-Progresso-1.png\",\"datePublished\":\"2025-10-13T20:40:28+00:00\",\"dateModified\":\"2025-11-14T14:41:53+00:00\",\"breadcrumb\":{\"@id\":\"https:\/\/rioonwatch.org.br\/?p=79684#breadcrumb\"},\"inLanguage\":\"pt-BR\",\"potentialAction\":[{\"@type\":\"ReadAction\",\"target\":[\"https:\/\/rioonwatch.org.br\/?p=79684\"]}]},{\"@type\":\"ImageObject\",\"inLanguage\":\"pt-BR\",\"@id\":\"https:\/\/rioonwatch.org.br\/?p=79684#primaryimage\",\"url\":\"https:\/\/rioonwatch.org.br\/wp-content\/uploads\/2025\/10\/Imagens-do-1\u00b0-Festival-Favela-Sustentavel-que-aconteceu-em-2025-tambem-na-Fundicao-Progresso-1.png\",\"contentUrl\":\"https:\/\/rioonwatch.org.br\/wp-content\/uploads\/2025\/10\/Imagens-do-1\u00b0-Festival-Favela-Sustentavel-que-aconteceu-em-2025-tambem-na-Fundicao-Progresso-1.png\",\"width\":1200,\"height\":675},{\"@type\":\"BreadcrumbList\",\"@id\":\"https:\/\/rioonwatch.org.br\/?p=79684#breadcrumb\",\"itemListElement\":[{\"@type\":\"ListItem\",\"position\":1,\"name\":\"In\u00edcio\",\"item\":\"https:\/\/rioonwatch.org.br\/\"},{\"@type\":\"ListItem\",\"position\":2,\"name\":\"Tr\u00eas Semanas At\u00e9 COP30: &#8216;Favela no Centro das Solu\u00e7\u00f5es Clim\u00e1ticas&#8217; \u00c9 Tema do 2\u00ba Festival Favela Sustent\u00e1vel, Onde Ser\u00e1 Lan\u00e7ada \u2018Carta COP30 das Favelas\u2019 Entre 140 Atividades Gratuitas [RELEASE]\"}]},{\"@type\":\"WebSite\",\"@id\":\"https:\/\/rioonwatch.org.br\/#website\",\"url\":\"https:\/\/rioonwatch.org.br\/\",\"name\":\"RioOnWatch\",\"description\":\"relatos das favelas cariocas\",\"publisher\":{\"@id\":\"https:\/\/rioonwatch.org.br\/#organization\"},\"potentialAction\":[{\"@type\":\"SearchAction\",\"target\":{\"@type\":\"EntryPoint\",\"urlTemplate\":\"https:\/\/rioonwatch.org.br\/?s={search_term_string}\"},\"query-input\":{\"@type\":\"PropertyValueSpecification\",\"valueRequired\":true,\"valueName\":\"search_term_string\"}}],\"inLanguage\":\"pt-BR\"},{\"@type\":\"Organization\",\"@id\":\"https:\/\/rioonwatch.org.br\/#organization\",\"name\":\"RioOnWatch\",\"url\":\"https:\/\/rioonwatch.org.br\/\",\"logo\":{\"@type\":\"ImageObject\",\"inLanguage\":\"pt-BR\",\"@id\":\"https:\/\/rioonwatch.org.br\/#\/schema\/logo\/image\/\",\"url\":\"https:\/\/rioonwatch.org.br\/wp-content\/uploads\/2021\/06\/RioOnWatchcabecalhoPT11anos-2.png\",\"contentUrl\":\"https:\/\/rioonwatch.org.br\/wp-content\/uploads\/2021\/06\/RioOnWatchcabecalhoPT11anos-2.png\",\"width\":779,\"height\":277,\"caption\":\"RioOnWatch\"},\"image\":{\"@id\":\"https:\/\/rioonwatch.org.br\/#\/schema\/logo\/image\/\"}},{\"@type\":\"Person\",\"@id\":\"https:\/\/rioonwatch.org.br\/#\/schema\/person\/476bc75767957d3535b65b796667cd36\",\"name\":\"Julio Santos Filho\",\"image\":{\"@type\":\"ImageObject\",\"inLanguage\":\"pt-BR\",\"@id\":\"https:\/\/rioonwatch.org.br\/#\/schema\/person\/image\/\",\"url\":\"https:\/\/secure.gravatar.com\/avatar\/ca138f7666182a292a8ce4ca14fb81f8?s=96&d=blank&r=g\",\"contentUrl\":\"https:\/\/secure.gravatar.com\/avatar\/ca138f7666182a292a8ce4ca14fb81f8?s=96&d=blank&r=g\",\"caption\":\"Julio Santos Filho\"},\"url\":\"https:\/\/rioonwatch.org.br\/?author=167\"}]}<\/script>\n<!-- \/ Yoast SEO plugin. -->","yoast_head_json":{"title":"Tr\u00eas Semanas At\u00e9 COP30: 'Favela no Centro das Solu\u00e7\u00f5es Clim\u00e1ticas' \u00c9 Tema do 2\u00ba Festival Favela Sustent\u00e1vel, Onde Ser\u00e1 Lan\u00e7ada \u2018Carta COP30 das Favelas\u2019 Entre 140 Atividades Gratuitas [RELEASE] - RioOnWatch","robots":{"index":"index","follow":"follow","max-snippet":"max-snippet:-1","max-image-preview":"max-image-preview:large","max-video-preview":"max-video-preview:-1"},"canonical":"https:\/\/rioonwatch.org.br\/?p=79684","og_locale":"pt_BR","og_type":"article","og_title":"Tr\u00eas Semanas At\u00e9 COP30: 'Favela no Centro das Solu\u00e7\u00f5es Clim\u00e1ticas' \u00c9 Tema do 2\u00ba Festival Favela Sustent\u00e1vel, Onde Ser\u00e1 Lan\u00e7ada \u2018Carta COP30 das Favelas\u2019 Entre 140 Atividades Gratuitas [RELEASE] - RioOnWatch","og_description":"Click Here for English 140 A\u00c7\u00d5ES\u2014APRESENTA\u00c7\u00d5ES CULTURAIS, FEIRA DE ECONOMIA SOLID\u00c1RIA, OFICINAS MANUAIS, ATIVIDADES PARA CRIAN\u00c7AS, RODAS DE CONVERSA E CURA, EXPOSI\u00c7\u00d5ES DE MUSEUS DE FAVELA E CULIN\u00c1RIA AGROECOL\u00d3GICA\u2014PULSAM EM UM DIA, POR 8 ESPA\u00c7OS [...]","og_url":"https:\/\/rioonwatch.org.br\/?p=79684","og_site_name":"RioOnWatch","article_published_time":"2025-10-13T20:40:28+00:00","article_modified_time":"2025-11-14T14:41:53+00:00","og_image":[{"width":1200,"height":675,"url":"https:\/\/rioonwatch.org.br\/wp-content\/uploads\/2025\/10\/Imagens-do-1\u00b0-Festival-Favela-Sustentavel-que-aconteceu-em-2025-tambem-na-Fundicao-Progresso-1.png","type":"image\/png"}],"author":"Julio Santos Filho","twitter_card":"summary_large_image","twitter_misc":{"Escrito por":"Julio Santos Filho","Est. tempo de leitura":"12 minutos"},"schema":{"@context":"https:\/\/schema.org","@graph":[{"@type":"Article","@id":"https:\/\/rioonwatch.org.br\/?p=79684#article","isPartOf":{"@id":"https:\/\/rioonwatch.org.br\/?p=79684"},"author":{"name":"Julio Santos Filho","@id":"https:\/\/rioonwatch.org.br\/#\/schema\/person\/476bc75767957d3535b65b796667cd36"},"headline":"Tr\u00eas Semanas At\u00e9 COP30: &#8216;Favela no Centro das Solu\u00e7\u00f5es Clim\u00e1ticas&#8217; \u00c9 Tema do 2\u00ba Festival Favela Sustent\u00e1vel, Onde Ser\u00e1 Lan\u00e7ada \u2018Carta COP30 das Favelas\u2019 Entre 140 Atividades Gratuitas [RELEASE]","datePublished":"2025-10-13T20:40:28+00:00","dateModified":"2025-11-14T14:41:53+00:00","mainEntityOfPage":{"@id":"https:\/\/rioonwatch.org.br\/?p=79684"},"wordCount":2192,"publisher":{"@id":"https:\/\/rioonwatch.org.br\/#organization"},"image":{"@id":"https:\/\/rioonwatch.org.br\/?p=79684#primaryimage"},"thumbnailUrl":"https:\/\/rioonwatch.org.br\/wp-content\/uploads\/2025\/10\/Imagens-do-1\u00b0-Festival-Favela-Sustentavel-que-aconteceu-em-2025-tambem-na-Fundicao-Progresso-1.png","keywords":["Centro","evento","Favela \u00e9 solu\u00e7\u00e3o","N\u00f3s por N\u00f3s","Rede Favela Sustent\u00e1vel","Release","S\u00e9rie: Interc\u00e2mbios da RFS","solu\u00e7\u00e3o comunit\u00e1ria"],"articleSection":["#UrbanismoPopular","*Destaque","Cultura da Favela","Justi\u00e7a Clim\u00e1tica","Qualidades da Favela","Solu\u00e7\u00f5es","Sustentabilidade"],"inLanguage":"pt-BR"},{"@type":"WebPage","@id":"https:\/\/rioonwatch.org.br\/?p=79684","url":"https:\/\/rioonwatch.org.br\/?p=79684","name":"Tr\u00eas Semanas At\u00e9 COP30: 'Favela no Centro das Solu\u00e7\u00f5es Clim\u00e1ticas' \u00c9 Tema do 2\u00ba Festival Favela Sustent\u00e1vel, Onde Ser\u00e1 Lan\u00e7ada \u2018Carta COP30 das Favelas\u2019 Entre 140 Atividades Gratuitas [RELEASE] - RioOnWatch","isPartOf":{"@id":"https:\/\/rioonwatch.org.br\/#website"},"primaryImageOfPage":{"@id":"https:\/\/rioonwatch.org.br\/?p=79684#primaryimage"},"image":{"@id":"https:\/\/rioonwatch.org.br\/?p=79684#primaryimage"},"thumbnailUrl":"https:\/\/rioonwatch.org.br\/wp-content\/uploads\/2025\/10\/Imagens-do-1\u00b0-Festival-Favela-Sustentavel-que-aconteceu-em-2025-tambem-na-Fundicao-Progresso-1.png","datePublished":"2025-10-13T20:40:28+00:00","dateModified":"2025-11-14T14:41:53+00:00","breadcrumb":{"@id":"https:\/\/rioonwatch.org.br\/?p=79684#breadcrumb"},"inLanguage":"pt-BR","potentialAction":[{"@type":"ReadAction","target":["https:\/\/rioonwatch.org.br\/?p=79684"]}]},{"@type":"ImageObject","inLanguage":"pt-BR","@id":"https:\/\/rioonwatch.org.br\/?p=79684#primaryimage","url":"https:\/\/rioonwatch.org.br\/wp-content\/uploads\/2025\/10\/Imagens-do-1\u00b0-Festival-Favela-Sustentavel-que-aconteceu-em-2025-tambem-na-Fundicao-Progresso-1.png","contentUrl":"https:\/\/rioonwatch.org.br\/wp-content\/uploads\/2025\/10\/Imagens-do-1\u00b0-Festival-Favela-Sustentavel-que-aconteceu-em-2025-tambem-na-Fundicao-Progresso-1.png","width":1200,"height":675},{"@type":"BreadcrumbList","@id":"https:\/\/rioonwatch.org.br\/?p=79684#breadcrumb","itemListElement":[{"@type":"ListItem","position":1,"name":"In\u00edcio","item":"https:\/\/rioonwatch.org.br\/"},{"@type":"ListItem","position":2,"name":"Tr\u00eas Semanas At\u00e9 COP30: &#8216;Favela no Centro das Solu\u00e7\u00f5es Clim\u00e1ticas&#8217; \u00c9 Tema do 2\u00ba Festival Favela Sustent\u00e1vel, Onde Ser\u00e1 Lan\u00e7ada \u2018Carta COP30 das Favelas\u2019 Entre 140 Atividades Gratuitas [RELEASE]"}]},{"@type":"WebSite","@id":"https:\/\/rioonwatch.org.br\/#website","url":"https:\/\/rioonwatch.org.br\/","name":"RioOnWatch","description":"relatos das favelas cariocas","publisher":{"@id":"https:\/\/rioonwatch.org.br\/#organization"},"potentialAction":[{"@type":"SearchAction","target":{"@type":"EntryPoint","urlTemplate":"https:\/\/rioonwatch.org.br\/?s={search_term_string}"},"query-input":{"@type":"PropertyValueSpecification","valueRequired":true,"valueName":"search_term_string"}}],"inLanguage":"pt-BR"},{"@type":"Organization","@id":"https:\/\/rioonwatch.org.br\/#organization","name":"RioOnWatch","url":"https:\/\/rioonwatch.org.br\/","logo":{"@type":"ImageObject","inLanguage":"pt-BR","@id":"https:\/\/rioonwatch.org.br\/#\/schema\/logo\/image\/","url":"https:\/\/rioonwatch.org.br\/wp-content\/uploads\/2021\/06\/RioOnWatchcabecalhoPT11anos-2.png","contentUrl":"https:\/\/rioonwatch.org.br\/wp-content\/uploads\/2021\/06\/RioOnWatchcabecalhoPT11anos-2.png","width":779,"height":277,"caption":"RioOnWatch"},"image":{"@id":"https:\/\/rioonwatch.org.br\/#\/schema\/logo\/image\/"}},{"@type":"Person","@id":"https:\/\/rioonwatch.org.br\/#\/schema\/person\/476bc75767957d3535b65b796667cd36","name":"Julio Santos Filho","image":{"@type":"ImageObject","inLanguage":"pt-BR","@id":"https:\/\/rioonwatch.org.br\/#\/schema\/person\/image\/","url":"https:\/\/secure.gravatar.com\/avatar\/ca138f7666182a292a8ce4ca14fb81f8?s=96&d=blank&r=g","contentUrl":"https:\/\/secure.gravatar.com\/avatar\/ca138f7666182a292a8ce4ca14fb81f8?s=96&d=blank&r=g","caption":"Julio Santos Filho"},"url":"https:\/\/rioonwatch.org.br\/?author=167"}]}},"_links":{"self":[{"href":"https:\/\/rioonwatch.org.br\/index.php?rest_route=\/wp\/v2\/posts\/79684"}],"collection":[{"href":"https:\/\/rioonwatch.org.br\/index.php?rest_route=\/wp\/v2\/posts"}],"about":[{"href":"https:\/\/rioonwatch.org.br\/index.php?rest_route=\/wp\/v2\/types\/post"}],"author":[{"embeddable":true,"href":"https:\/\/rioonwatch.org.br\/index.php?rest_route=\/wp\/v2\/users\/167"}],"replies":[{"embeddable":true,"href":"https:\/\/rioonwatch.org.br\/index.php?rest_route=%2Fwp%2Fv2%2Fcomments&post=79684"}],"version-history":[{"count":18,"href":"https:\/\/rioonwatch.org.br\/index.php?rest_route=\/wp\/v2\/posts\/79684\/revisions"}],"predecessor-version":[{"id":79695,"href":"https:\/\/rioonwatch.org.br\/index.php?rest_route=\/wp\/v2\/posts\/79684\/revisions\/79695"}],"wp:featuredmedia":[{"embeddable":true,"href":"https:\/\/rioonwatch.org.br\/index.php?rest_route=\/wp\/v2\/media\/79699"}],"wp:attachment":[{"href":"https:\/\/rioonwatch.org.br\/index.php?rest_route=%2Fwp%2Fv2%2Fmedia&parent=79684"}],"wp:term":[{"taxonomy":"category","embeddable":true,"href":"https:\/\/rioonwatch.org.br\/index.php?rest_route=%2Fwp%2Fv2%2Fcategories&post=79684"},{"taxonomy":"post_tag","embeddable":true,"href":"https:\/\/rioonwatch.org.br\/index.php?rest_route=%2Fwp%2Fv2%2Ftags&post=79684"},{"taxonomy":"writer","embeddable":true,"href":"https:\/\/rioonwatch.org.br\/index.php?rest_route=%2Fwp%2Fv2%2Fwriter&post=79684"},{"taxonomy":"translator","embeddable":true,"href":"https:\/\/rioonwatch.org.br\/index.php?rest_route=%2Fwp%2Fv2%2Ftranslator&post=79684"},{"taxonomy":"source","embeddable":true,"href":"https:\/\/rioonwatch.org.br\/index.php?rest_route=%2Fwp%2Fv2%2Fsource&post=79684"},{"taxonomy":"ilustrador","embeddable":true,"href":"https:\/\/rioonwatch.org.br\/index.php?rest_route=%2Fwp%2Fv2%2Filustrador&post=79684"},{"taxonomy":"fotografo","embeddable":true,"href":"https:\/\/rioonwatch.org.br\/index.php?rest_route=%2Fwp%2Fv2%2Ffotografo&post=79684"}],"curies":[{"name":"wp","href":"https:\/\/api.w.org\/{rel}","templated":true}]}}