{"id":79764,"date":"2025-11-05T16:25:23","date_gmt":"2025-11-05T19:25:23","guid":{"rendered":"https:\/\/rioonwatch.org.br\/?p=79764"},"modified":"2025-11-25T12:26:45","modified_gmt":"2025-11-25T15:26:45","slug":"2o-festival-favela-sustentavel-favelas-no-centro-das-solucoes-climaticas-junta-1300-pessoas-e-lanca-carta-cop30-das-favelas-nada-que-nos-impacta-deve-ser-decidido-sem-nos","status":"publish","type":"post","link":"https:\/\/rioonwatch.org.br\/?p=79764","title":{"rendered":"2\u00ba Festival Favela Sustent\u00e1vel &#8216;Favelas no Centro das Solu\u00e7\u00f5es Clim\u00e1ticas&#8217; Junta 1300 Pessoas e Lan\u00e7a Carta COP30 das Favelas: \u2018Nada Que Nos Impacta Deve Ser Decidido Sem N\u00f3s\u2019"},"content":{"rendered":"<p><iframe title=\"YouTube video player\" src=\"https:\/\/www.youtube.com\/embed\/XMiU7CR0Jmg?si=4N4dLcV68jVPQvfJ\" width=\"1030\" height=\"563\" frameborder=\"0\" allowfullscreen=\"allowfullscreen\"><span data-mce-type=\"bookmark\" style=\"display: inline-block; width: 0px; overflow: hidden; line-height: 0;\" class=\"mce_SELRES_start\">\ufeff<\/span><span data-mce-type=\"bookmark\" style=\"display: inline-block; width: 0px; overflow: hidden; line-height: 0;\" class=\"mce_SELRES_start\">\ufeff<\/span><\/iframe><\/p>\n<p style=\"text-align: right;\"><a href=\"https:\/\/bit.ly\/4pbT95q\" target=\"_blank\" rel=\"noopener\"><em><strong>Click Here for English<\/strong><\/em><img decoding=\"async\" class=\"alignright wp-image-15790\" src=\"https:\/\/rioonwatch.org.br\/wp-content\/uploads\/2012\/08\/EN-standard-e1439583104716.jpg\" alt=\"\" width=\"20\" height=\"20\" \/><\/a><\/p>\n<p><em><span style=\"font-weight: 400;\">Reunindo <a href=\"https:\/\/bit.ly\/VideoFFS2\">1300 pessoas<\/a> no s\u00e1bado, 18 de outubro, na <a href=\"https:\/\/bit.ly\/3U8tgGA\" target=\"_blank\" rel=\"noopener\">Fundi\u00e7\u00e3o Progresso<\/a>, <a href=\"https:\/\/bit.ly\/2MJJTZc\" target=\"_blank\" rel=\"noopener\">Lapa<\/a>, <a href=\"https:\/\/bit.ly\/3m7rrqz\" target=\"_blank\" rel=\"noopener\">Centro<\/a> do Rio de Janeiro, o <a href=\"https:\/\/bit.ly\/FFS2noROWRelease\">2\u00ba Festival Favela Sustent\u00e1vel<\/a> trouxe<\/span> <a href=\"http:\/\/bit.ly\/ProgramacaoFFS\"><span style=\"font-weight: 400;\">140 atividades<\/span><\/a><span style=\"font-weight: 400;\"> em uma grande troca de<\/span><\/em><em><span style=\"font-weight: 400;\"> conhecimentos e tecnologias ancestrais de 100 favelas e com o grande p\u00fablico. <\/span><\/em><em><span style=\"font-weight: 400;\">Atuando desde 2017, a Rede Favela Sustent\u00e1vel (<a href=\"https:\/\/bit.ly\/47gueXe\" target=\"_blank\" rel=\"noopener\">RFS<\/a>)*, organizadora do evento, \u00e9 hoje composta por 1000 integrantes de mais de 300 favelas na luta por <a href=\"https:\/\/bit.ly\/SerieJusticaClimatica\" target=\"_blank\" rel=\"noopener\">justi\u00e7a clim\u00e1tica<\/a>. Al\u00e9m desta cobertura oficial do 2\u00ba Festival Favela Sustent\u00e1vel, publicamos tamb\u00e9m duas coberturas complementares, uma <a href=\"https:\/\/rioonwatch.org.br\/?p=80000\">sobre atividades de soberania alimentar<\/a> e outra <a href=\"https:\/\/rioonwatch.org.br\/?p=80070\">sobre atividades de educa\u00e7\u00e3o ambiental<\/a>.<\/span><\/em><\/p>\n<p><span style=\"font-weight: 400;\">Um dos destaques do <a href=\"https:\/\/www.favelasustentavel.org\/festival-favela-sustentavel\">2\u00ba Festival Favela Sustent\u00e1vel<\/a> foi o lan\u00e7amento da <\/span><span style=\"font-weight: 400;\"><a href=\"https:\/\/bit.ly\/CartaCOPAssinada\">Carta Cop30 das Favelas<\/a>.<\/span><span style=\"font-weight: 400;\"> O manifesto \u00e9 uma constru\u00e7\u00e3o coletiva de mais de 100 integrantes e aliados t\u00e9cnicos, com o objetivo de reivindicar o protagonismo das favelas, comunidades tradicionais e perif\u00e9ricas na <\/span><a href=\"https:\/\/bit.ly\/48ID3LV\"><span style=\"font-weight: 400;\">30\u00aa Confer\u00eancia das Partes das Na\u00e7\u00f5es Unidas sobre Mudan\u00e7a do Clima<\/span><\/a><span style=\"font-weight: 400;\">, um evento global de negocia\u00e7\u00f5es e discuss\u00f5es sobre a\u00e7\u00f5es para combater as <a href=\"https:\/\/bit.ly\/3RnfGNB\" target=\"_blank\" rel=\"noopener\">mudan\u00e7as clim\u00e1ticas<\/a> que acontecer\u00e1 no Brasil, em Bel\u00e9m do Par\u00e1, entre 10-21 de novembro.<\/span><\/p>\n<p><span style=\"font-weight: 400;\">O evento foi aberto por Theresa Williamson, diretora executiva da Comunidades Catalisadoras (<\/span><a href=\"https:\/\/www.comcat.org\/\"><span style=\"font-weight: 400;\">ComCat<\/span><\/a><span style=\"font-weight: 400;\">)*, organiza\u00e7\u00e3o que mant\u00e9m a equipe de gest\u00e3o da Rede Favela Sustent\u00e1vel, e por Thaysa Santos, assessora de log\u00edstica e integrante-ponte <\/span><span style=\"font-weight: 400;\">da Rede Favela Sustent\u00e1vel, que saudaram todos os presentes e orientaram sobre os espa\u00e7os e <a href=\"https:\/\/www.favelasustentavel.org\/atividade\/programacao-ffs-2025\">extensa programa\u00e7\u00e3o de atividades<\/a> que iriam transcorrer ao longo do dia. Logo em seguida, o <\/span><span style=\"font-weight: 400;\">Grupo Misturidades de percuss\u00e3o intergeracional da <a href=\"https:\/\/bit.ly\/CSAnoROW\" target=\"_blank\" rel=\"noopener\">Casa de Santa Ana<\/a>, na <a href=\"https:\/\/bit.ly\/2rF8MuX\" target=\"_blank\" rel=\"noopener\">Cidade de Deus<\/a>, deu in\u00edcio \u00e0s atividades culturais.<\/span><\/p>\n<figure id=\"attachment_79767\" aria-describedby=\"caption-attachment-79767\" style=\"width: 2560px\" class=\"wp-caption aligncenter\"><a href=\"https:\/\/rioonwatch.org.br\/wp-content\/uploads\/2025\/10\/A-abertura-oficial-do-Festival-Favela-Sustentavel-foi-realizada-por-Theresa-Williamson-e-Thaysa-Santos.-Foto-Barbara-Dias-scaled.jpg\"><img fetchpriority=\"high\" decoding=\"async\" class=\"wp-image-79767 size-full\" title=\"A abertura oficial do Festival Favela Sustent\u00e1vel foi realizada por Theresa Williamson e Thaysa Santos, logo em seguida tocou o grupo percuss\u00e3o Misturidades da Casa de Santa Ana da Cidade de Deus. Foto: B\u00e1rbara Dias\" src=\"https:\/\/rioonwatch.org.br\/wp-content\/uploads\/2025\/10\/A-abertura-oficial-do-Festival-Favela-Sustentavel-foi-realizada-por-Theresa-Williamson-e-Thaysa-Santos.-Foto-Barbara-Dias-scaled.jpg\" alt=\"A abertura oficial do Festival Favela Sustent\u00e1vel foi realizada por Theresa Williamson e Thaysa Santos, logo em seguida tocou o grupo percuss\u00e3o Misturidades da Casa de Santa Ana da Cidade de Deus. Foto: B\u00e1rbara Dias\" width=\"2560\" height=\"1707\" srcset=\"https:\/\/rioonwatch.org.br\/wp-content\/uploads\/2025\/10\/A-abertura-oficial-do-Festival-Favela-Sustentavel-foi-realizada-por-Theresa-Williamson-e-Thaysa-Santos.-Foto-Barbara-Dias-scaled.jpg 2560w, https:\/\/rioonwatch.org.br\/wp-content\/uploads\/2025\/10\/A-abertura-oficial-do-Festival-Favela-Sustentavel-foi-realizada-por-Theresa-Williamson-e-Thaysa-Santos.-Foto-Barbara-Dias-620x413.jpg 620w, https:\/\/rioonwatch.org.br\/wp-content\/uploads\/2025\/10\/A-abertura-oficial-do-Festival-Favela-Sustentavel-foi-realizada-por-Theresa-Williamson-e-Thaysa-Santos.-Foto-Barbara-Dias-768x512.jpg 768w, https:\/\/rioonwatch.org.br\/wp-content\/uploads\/2025\/10\/A-abertura-oficial-do-Festival-Favela-Sustentavel-foi-realizada-por-Theresa-Williamson-e-Thaysa-Santos.-Foto-Barbara-Dias-1536x1024.jpg 1536w, https:\/\/rioonwatch.org.br\/wp-content\/uploads\/2025\/10\/A-abertura-oficial-do-Festival-Favela-Sustentavel-foi-realizada-por-Theresa-Williamson-e-Thaysa-Santos.-Foto-Barbara-Dias-2048x1366.jpg 2048w\" sizes=\"(max-width: 2560px) 100vw, 2560px\" \/><\/a><figcaption id=\"caption-attachment-79767\" class=\"wp-caption-text\">A abertura oficial do Festival Favela Sustent\u00e1vel foi realizada por Theresa Williamson e Thaysa Santos; logo em seguida, tocou o grupo de percuss\u00e3o Misturidades, da Casa de Santa Ana, da Cidade de Deus. Foto: B\u00e1rbara Dias<\/figcaption><\/figure>\n<h3><b>Apresenta\u00e7\u00f5es Culturais<\/b><\/h3>\n<p><span style=\"font-weight: 400;\">Durante todo o dia, in\u00fameras apresenta\u00e7\u00f5es culturais ocorreram no palco principal do 2\u00ba Festival Favela Sustent\u00e1vel, como: <\/span><span style=\"font-weight: 400;\">Grupo Misturidades de percuss\u00e3o intergeracional (Casa de Santa Ana\/Cidade de Deus); pe\u00e7as teatrais: <a href=\"https:\/\/bit.ly\/3Lh7tuR\" target=\"_blank\" rel=\"noopener\"><em>Rainha do Quariter\u00ea, do Brasil, do Mundo!<\/em><\/a>\u00a0e <a href=\"https:\/\/bit.ly\/42UoqS0\" target=\"_blank\" rel=\"noopener\"><em>E Se a Gente N\u00e3o Parar?<\/em><\/a> (<a href=\"https:\/\/bit.ly\/3L77Zvv\" target=\"_blank\" rel=\"noopener\">CDDH Petr\u00f3polis<\/a>); <em>Funk e Meio Ambiente<\/em> (<a href=\"https:\/\/bit.ly\/47q0bwl\" target=\"_blank\" rel=\"noopener\">#EstudeoFunk<\/a>); bal\u00e9 com coreografia <em>Hist\u00f3ria do Bailarino Negro da Comunidade que Dan\u00e7a em Broadway<\/em> (<a href=\"https:\/\/bit.ly\/48Bn4gE\" target=\"_blank\" rel=\"noopener\">Cia. de Dan\u00e7a Juliana Coelho<\/a>\/<a href=\"https:\/\/bit.ly\/2WpCMHW\" target=\"_blank\" rel=\"noopener\">Cordovil<\/a>); <em>Raiz de Baob\u00e1<\/em> (<a href=\"https:\/\/bit.ly\/47ohzS6\" target=\"_blank\" rel=\"noopener\">Centro Humanit\u00e1rio Abeb\u00e9 de Ouro-CHAO<\/a>\/<a href=\"https:\/\/bit.ly\/2qZaJSC\" target=\"_blank\" rel=\"noopener\">Maric\u00e1<\/a>); Sarau Liter\u00e1rio (<a href=\"https:\/\/bit.ly\/3WVFl2S\" target=\"_blank\" rel=\"noopener\">Sarau Ciranda<\/a>\/<a href=\"https:\/\/bit.ly\/3dzwwUD\" target=\"_blank\" rel=\"noopener\">Rocinha<\/a>); <a href=\"https:\/\/bit.ly\/4hxoNYP\" target=\"_blank\" rel=\"noopener\">Eddi MC<\/a> apresentando a cultura hip-hop (<a href=\"https:\/\/bit.ly\/3Jsb09b\" target=\"_blank\" rel=\"noopener\">Baixada Nunca Se Rende<\/a>); <em>180 NELES!<\/em> (<a href=\"https:\/\/bit.ly\/33KbP5y\" rel=\"noopener\">Ocupa\u00e7\u00e3o Cultural Art\u00edstica do Viradouro (OCA)<\/a>\/<a href=\"https:\/\/bit.ly\/32ck7Cp\" target=\"_blank\" rel=\"noopener\">Complexo do Viradouro<\/a>, em <a href=\"https:\/\/bit.ly\/2xtrOnO\" target=\"_blank\" rel=\"noopener\">Niter\u00f3i<\/a>); e o Bloco Afro \u00d2r\u00fanmil\u00e1 (<a href=\"https:\/\/bit.ly\/4hy6uTd\" target=\"_blank\" rel=\"noopener\">Grupo Afro Cultural \u00d2r\u00fanmil\u00e1<\/a>\/<a href=\"https:\/\/bit.ly\/47cS9YV\" target=\"_blank\" rel=\"noopener\">Morro da Mineira<\/a>).<\/span><\/p>\n<h3><em>Navegue pelo <a href=\"http:\/\/bit.ly\/FFS2FotosCultura\">\u00c1lbum das Apresenta\u00e7\u00f5es Culturais<\/a> no 2\u00ba Festival Favela Sustent\u00e1vel:<\/em><\/h3>\n<p><a title=\"Apresenta\u00e7\u00f5es Culturais no 2\u00b0 Festival Favela Sustent\u00e1vel, 18 de outubro de 2025\" href=\"https:\/\/www.flickr.com\/photos\/catcomm\/albums\/72177720329965737\" data-flickr-embed=\"true\"><img decoding=\"async\" src=\"https:\/\/live.staticflickr.com\/65535\/54887227805_8b7a84489c_b.jpg\" alt=\"Apresenta\u00e7\u00f5es Culturais no 2\u00b0 Festival Favela Sustent\u00e1vel, 18 de outubro de 2025\" width=\"1024\" height=\"768\" \/><\/a><script async src=\"\/\/embedr.flickr.com\/assets\/client-code.js\" charset=\"utf-8\"><\/script><\/p>\n<hr \/>\n<h3><b>Stands, Feira e Oficinas de Economia Solid\u00e1ria\u00a0<\/b><\/h3>\n<p><span style=\"font-weight: 400;\">Os stands, feira e oficinas de economia solid\u00e1ria aconteceram ao longo de todo o dia no Espa\u00e7o Feirante, com 50 barracas dedicadas \u00e0 troca de informa\u00e7\u00f5es, \u00e0 venda de produtos e \u00e0 valoriza\u00e7\u00e3o de experi\u00eancias entre diversos coletivos populares e de favelas.\u00a0<\/span><\/p>\n<p><span style=\"font-weight: 400;\">Uma das expositoras no 2\u00ba Festival Favela Sustent\u00e1vel, Ana Beatriz Serafim, do <a href=\"https:\/\/bit.ly\/3ed8YVj\" target=\"_blank\" rel=\"noopener\">Morro da Coroa<\/a>, realiza um trabalho que utiliza embalagens reaproveitadas de vidro para a constru\u00e7\u00e3o de terr\u00e1rios.<\/span><\/p>\n<blockquote><p><span style=\"font-weight: 400;\">\u201cEssa ideia de trabalhar com a reciclagem de vidros surgiu de uma cozinha que eu trabalhava e se jogava muito fora as embalagens de molho de tomate. Tive a ideia de fazer o terr\u00e1rio, porque anteriormente eu j\u00e1 tinha feito um curso de jardinagem, de meio ambiente, e eu comecei a pesquisar e vi que o vidro \u00e9 pouco reciclado no Brasil. E o vidro \u00e9 um grande problema, porque ele leva at\u00e9 um milh\u00e3o de anos para se recuperar na natureza, \u00e9 o material que mais demora. E eu acho muito importante que se crie o h\u00e1bito da reciclagem, da reutiliza\u00e7\u00e3o, ao inv\u00e9s de fazer mais produtos gastando mais energia da natureza. E esse projeto veio atrav\u00e9s disso. N\u00e3o s\u00f3 como uma segunda fonte de renda, mas tamb\u00e9m pensando na quest\u00e3o da sustentabilidade da reciclagem, do aproveitamento.\u201d \u2014 <\/span><span style=\"font-weight: 400;\">Ana Beatriz Serafim<\/span><\/p><\/blockquote>\n<figure id=\"attachment_79772\" aria-describedby=\"caption-attachment-79772\" style=\"width: 2560px\" class=\"wp-caption aligncenter\"><a href=\"https:\/\/rioonwatch.org.br\/wp-content\/uploads\/2025\/10\/Ana-Beatriz-Serafim-do-Morro-da-Coroa-na-barraca-Exposicao-de-Terrarios-de-Embalagens-Reutilizadascom-seu-trabalho-durante-o-2o-Festival-Favela-Sustentavel-scaled.jpg\"><img loading=\"lazy\" decoding=\"async\" class=\"wp-image-79772 size-full\" src=\"https:\/\/rioonwatch.org.br\/wp-content\/uploads\/2025\/10\/Ana-Beatriz-Serafim-do-Morro-da-Coroa-na-barraca-Exposicao-de-Terrarios-de-Embalagens-Reutilizadascom-seu-trabalho-durante-o-2o-Festival-Favela-Sustentavel-scaled.jpg\" alt=\"Ana Beatriz Serafim, do Morro da Coroa, na barraca \u201cExposi\u00e7\u00e3o de Terr\u00e1rios de Embalagens Reutilizadas\u201dcom seu trabalho, durante o 2\u00ba Festival Favela Sustent\u00e1vel. Foto: B\u00e1rbara Dias\" width=\"2560\" height=\"1709\" srcset=\"https:\/\/rioonwatch.org.br\/wp-content\/uploads\/2025\/10\/Ana-Beatriz-Serafim-do-Morro-da-Coroa-na-barraca-Exposicao-de-Terrarios-de-Embalagens-Reutilizadascom-seu-trabalho-durante-o-2o-Festival-Favela-Sustentavel-scaled.jpg 2560w, https:\/\/rioonwatch.org.br\/wp-content\/uploads\/2025\/10\/Ana-Beatriz-Serafim-do-Morro-da-Coroa-na-barraca-Exposicao-de-Terrarios-de-Embalagens-Reutilizadascom-seu-trabalho-durante-o-2o-Festival-Favela-Sustentavel-620x414.jpg 620w, https:\/\/rioonwatch.org.br\/wp-content\/uploads\/2025\/10\/Ana-Beatriz-Serafim-do-Morro-da-Coroa-na-barraca-Exposicao-de-Terrarios-de-Embalagens-Reutilizadascom-seu-trabalho-durante-o-2o-Festival-Favela-Sustentavel-768x513.jpg 768w, https:\/\/rioonwatch.org.br\/wp-content\/uploads\/2025\/10\/Ana-Beatriz-Serafim-do-Morro-da-Coroa-na-barraca-Exposicao-de-Terrarios-de-Embalagens-Reutilizadascom-seu-trabalho-durante-o-2o-Festival-Favela-Sustentavel-1536x1025.jpg 1536w, https:\/\/rioonwatch.org.br\/wp-content\/uploads\/2025\/10\/Ana-Beatriz-Serafim-do-Morro-da-Coroa-na-barraca-Exposicao-de-Terrarios-de-Embalagens-Reutilizadascom-seu-trabalho-durante-o-2o-Festival-Favela-Sustentavel-2048x1367.jpg 2048w\" sizes=\"(max-width: 2560px) 100vw, 2560px\" \/><\/a><figcaption id=\"caption-attachment-79772\" class=\"wp-caption-text\">Ana Beatriz Serafim, do Morro da Coroa, na barraca \u201cExposi\u00e7\u00e3o de Terr\u00e1rios de Embalagens Reutilizadas\u201dcom seu trabalho durante o 2\u00ba Festival Favela Sustent\u00e1vel. Foto: B\u00e1rbara Dias<\/figcaption><\/figure>\n<p><b>Alguns Participantes do Espa\u00e7o Feirante: <\/b>E<span style=\"font-weight: 400;\">xposi\u00e7\u00e3o de Artesanato Recicl\u00e1vel (<a href=\"https:\/\/bit.ly\/4j58mlQ\" target=\"_blank\" rel=\"noopener\">Artesanato da Nete<\/a>\/<a href=\"https:\/\/bit.ly\/3csVmo6\" target=\"_blank\" rel=\"noopener\">Acari<\/a>); Varal do Desejo e Chamada para A\u00e7\u00e3o \u201cSeja um Agente do Luxo do Lixo\u201d (<a href=\"https:\/\/bit.ly\/3YEd3ur\" target=\"_blank\" rel=\"noopener\">Luxo do Lixo<\/a>\/<a href=\"https:\/\/bit.ly\/3f3adY2\" target=\"_blank\" rel=\"noopener\">Complexo da Penha<\/a>); Reconstruindo Sonhos (Coletivo Sustent\u00e1vel Juntas\/<a href=\"https:\/\/bit.ly\/3bmenZ8\" target=\"_blank\" rel=\"noopener\">Favela do Muqui\u00e7o<\/a>, em Marechal Hermes); O Planeta Pede Socorro (<a href=\"https:\/\/bit.ly\/4qr78pw\" target=\"_blank\" rel=\"noopener\">45GERJ<\/a>\/<a href=\"https:\/\/bit.ly\/2KvkoKm\" target=\"_blank\" rel=\"noopener\">Olaria<\/a>); Exposi\u00e7\u00e3o de Terr\u00e1rios de Embalagens Reutilizadas (Morro da Coroa); Rede MUF (<a href=\"https:\/\/bit.ly\/2IGWNlt\" target=\"_blank\" rel=\"noopener\">Museu de Favela<\/a>\/Complexo do <a href=\"https:\/\/bit.ly\/35R78Gq\" target=\"_blank\" rel=\"noopener\">Pav\u00e3o-Pav\u00e3ozinho<\/a> e <a href=\"https:\/\/bit.ly\/2xHHPpW\" target=\"_blank\" rel=\"noopener\">Cantagalo<\/a>); Tran\u00e7ando com Arte (Poder de Preta\/UNDEKE\/<a href=\"https:\/\/bit.ly\/3ZuBBIg\" target=\"_blank\" rel=\"noopener\">Inha\u00fama<\/a>); Upcycle: Oficina de La\u00e7os com Tecidos Ressignificados para Mulheres (<a href=\"https:\/\/bit.ly\/4oILuLR\" target=\"_blank\" rel=\"noopener\">Edixe La\u00e7os Sociais<\/a>\/Campos El\u00edseos); Oficina de Est\u00eancil (<a href=\"https:\/\/bit.ly\/2LSseew\" target=\"_blank\" rel=\"noopener\">Museu da Mar\u00e9<\/a>); Arte e Entre Saberes, Aromas e Sabores: Degusta\u00e7\u00e3o e Din\u00e2mica (Projeto Espa\u00e7o Verde Horta\/<a href=\"https:\/\/bit.ly\/2xtrOnO\" target=\"_blank\" rel=\"noopener\">Niter\u00f3i<\/a>); Exposi\u00e7\u00e3o Ver e Sentir (<a href=\"https:\/\/bit.ly\/4nx1tLU\" target=\"_blank\" rel=\"noopener\">Favela Art<\/a>\/<a href=\"https:\/\/bit.ly\/3jE6K3o\" target=\"_blank\" rel=\"noopener\">Complexo do Alem\u00e3o<\/a>); Aproveita e Faz Bonito (CDDH Petr\u00f3polis); Vendas de Produtos Naturais e Artesanais (<a href=\"https:\/\/bit.ly\/4eko8GY\" target=\"_blank\" rel=\"noopener\">Terra Afetiva<\/a>\/<a href=\"https:\/\/bit.ly\/32hi3Hn\" target=\"_blank\" rel=\"noopener\">S\u00e3o Jo\u00e3o de Meriti<\/a>); Feira Sustent\u00e1vel (Associa\u00e7\u00e3o Comunit\u00e1ria Colo de M\u00e3e (<a href=\"https:\/\/bit.ly\/4qIeF3B\" target=\"_blank\" rel=\"noopener\">Acolo<\/a>\/<a href=\"https:\/\/bit.ly\/34duS6Y\" target=\"_blank\" rel=\"noopener\">Madureira<\/a>); Moda Consciente de Cria Baixada (Recriar\/Semear\/Luz); Colar do Guardi\u00e3o (Sementes da Terra\/<a href=\"https:\/\/bit.ly\/47jtZfn\" target=\"_blank\" rel=\"noopener\">Complexo do 18<\/a>, em Piedade); Ana Croch\u00ea (Recanto da Areinha\/<a href=\"https:\/\/bit.ly\/2WpaNbr\" target=\"_blank\" rel=\"noopener\">Rio das Pedras<\/a>); Sab\u00e3o Sustent\u00e1vel (Recanto da Areinha\/Rio das Pedras); Bazar Solid\u00e1rio \u201cPorque Reciclar \u00e9 um Ato de Amor\u201d (Recanto da Areinha\/Rio das Pedras); Malu\u2019s Vintage (<a href=\"https:\/\/bit.ly\/4qSTax9\" target=\"_blank\" rel=\"noopener\">Movimento Nacional das Cidad\u00e3s Posithivas<\/a>\/<a href=\"https:\/\/bit.ly\/2XOwLIg\" target=\"_blank\" rel=\"noopener\">Iraj\u00e1<\/a>); Exposi\u00e7\u00e3o de Artesanatos Sustent\u00e1veis (<a href=\"https:\/\/bit.ly\/47fZWVM\" target=\"_blank\" rel=\"noopener\">Marias em A\u00e7\u00e3o<\/a>\/<a href=\"https:\/\/bit.ly\/2zui1C0\" target=\"_blank\" rel=\"noopener\">Vila Kennedy<\/a>); Rel\u00edquia EcoModa (<a href=\"https:\/\/bit.ly\/4oEB5Rg\" target=\"_blank\" rel=\"noopener\">Favela In<\/a>\/Rocinha); Roupas Sustent\u00e1veis (Galeria de Her\u00f3is e Grupo Instrumental de Capoeira Projeto Vila Esperan\u00e7a\/Furquim Mendes); Maria Biju (<a href=\"https:\/\/bit.ly\/4hUWYdb\" target=\"_blank\" rel=\"noopener\">Movimento de Mulheres Maria Pimentel Marinho<\/a>\/<a href=\"https:\/\/bit.ly\/47esm0k\" target=\"_blank\" rel=\"noopener\">Itacolomi<\/a>); Biojoias, Upcycle e Bolsas Afro (Coletivo Mulheres D\u2019art\/Ladeira do Ascurra); Venda de Ecobolsas, Sacolas Ecol\u00f3gicas e Bijuterias Sustent\u00e1veis (Instituto Rio das Pedras); Artes Produzidas pela Iniciativa Zona Norte (<a href=\"https:\/\/bit.ly\/4qz8RsP\" target=\"_blank\" rel=\"noopener\">Rede de Comunidades Saud\u00e1veis<\/a>); Projeto de Vida Sustent\u00e1vel (Porto da Pedra\/<a href=\"https:\/\/bit.ly\/2zvYph5\" target=\"_blank\" rel=\"noopener\">S\u00e3o Gon\u00e7alo<\/a>); Produtos das Artes\u00e3s da Comunidade Complexo da Coruja\/Covanca (<a href=\"https:\/\/bit.ly\/4qABZjr\" target=\"_blank\" rel=\"noopener\">UNIFAMAERJ<\/a> e <a href=\"https:\/\/bit.ly\/3JAsFeK\" target=\"_blank\" rel=\"noopener\">F\u00f3rum Ecosol<\/a>\/S\u00e3o Gon\u00e7alo); Feira Ecosol (Ecosol\/SG); F\u00f3rum Afroind\u00edgena (<a href=\"https:\/\/bit.ly\/3JE875d\" target=\"_blank\" rel=\"noopener\">Ponto de Cultura Ofarere Cultural<\/a>\/<a href=\"https:\/\/bit.ly\/48s857n\" target=\"_blank\" rel=\"noopener\">Tijuquinha<\/a>); Feira Negr\u00edndia (Ponto de Cultura Ofarere Cultural\/Tijuquinha); Feira de Povos Tradicionais de Matrizes Africanas (<a href=\"https:\/\/bit.ly\/47irkm8\" target=\"_blank\" rel=\"noopener\">Instituto Terreiro Sustent\u00e1vel<\/a>\/<a href=\"https:\/\/bit.ly\/306P48F\" target=\"_blank\" rel=\"noopener\">Sepetiba<\/a>); Olodes Agroecol\u00f3gicos (<a href=\"https:\/\/bit.ly\/4qwQrt3\" target=\"_blank\" rel=\"noopener\">Coletiva Hortel\u00e3<\/a>, <a href=\"https:\/\/bit.ly\/48j41ap\" target=\"_blank\" rel=\"noopener\">Feira da Ro\u00e7a de Vargem Grande<\/a> e <a href=\"https:\/\/bit.ly\/3wty6T0\" target=\"_blank\" rel=\"noopener\">Teia de Solidariedade da Zona Oeste<\/a>); Feira de Hortali\u00e7as (<a href=\"https:\/\/bit.ly\/4hB9NZP\" target=\"_blank\" rel=\"noopener\">Agro-Cultura F\u00f3rmula M\u00e1gica da Paz<\/a>\/<a href=\"https:\/\/bit.ly\/48W1BkG\" target=\"_blank\" rel=\"noopener\">Conjunto Haroldo de Andrade IV<\/a>, Barros Filho); Seguran\u00e7a Alimentar e Sustentabilidade (Horta Social para a Terceira Idade\/<a href=\"https:\/\/bit.ly\/2oE7df9\" target=\"_blank\" rel=\"noopener\">Arar\u00e1<\/a>); Aproveitando e Costurando (<a href=\"https:\/\/bit.ly\/47P1PZM\" target=\"_blank\" rel=\"noopener\">Movimento de Mulheres do Parque Hor\u00e1cio<\/a>\/Arar\u00e1); Confeitaria Duquesa Festeira (Movimento de Mulheres Divas da Vida+\/<a href=\"https:\/\/bit.ly\/40qB8ra\" target=\"_blank\" rel=\"noopener\">Serrinha<\/a>); e Chopp do <a href=\"https:\/\/bit.ly\/3IkspzQ\" target=\"_blank\" rel=\"noopener\">Ra\u00edzes do Brasil<\/a> (<a href=\"https:\/\/bit.ly\/3GkaOaC\" target=\"_blank\" rel=\"noopener\">Movimento dos Pequenos Agricultores<\/a>).<\/span><\/p>\n<h3><em>Navegue pelo <a href=\"http:\/\/bit.ly\/FFS2FotosFeira\">\u00c1lbum do Espa\u00e7o Feirante e de Sa\u00fade e Alimenta\u00e7\u00e3o<\/a> no 2\u00ba Festival Favela Sustent\u00e1vel:<\/em><\/h3>\n<p><a title=\"Feira, Espa\u00e7o Sa\u00fade e Alimenta\u00e7\u00e3o no 2\u00b0 Festival Favela Sustent\u00e1vel, 18 de outubro de 2025\" href=\"https:\/\/www.flickr.com\/photos\/catcomm\/albums\/72177720329965807\" data-flickr-embed=\"true\"><img loading=\"lazy\" decoding=\"async\" src=\"https:\/\/live.staticflickr.com\/65535\/54887241680_1a6b377949_b.jpg\" alt=\"Feira, Espa\u00e7o Sa\u00fade e Alimenta\u00e7\u00e3o no 2\u00b0 Festival Favela Sustent\u00e1vel, 18 de outubro de 2025\" width=\"1024\" height=\"768\" \/><\/a><script src=\"\/\/embedr.flickr.com\/assets\/client-code.js\" async=\"\" charset=\"utf-8\"><\/script><\/p>\n<hr \/>\n<h3><b>Espa\u00e7o Sa\u00fade e Alimenta\u00e7\u00e3o\u00a0<\/b><\/h3>\n<p><span style=\"font-weight: 400;\">O novo espa\u00e7o voltado \u00e0 sa\u00fade e \u00e0 alimenta\u00e7\u00e3o saud\u00e1vel possibilitou que coletivos de favelas oferecessem almo\u00e7os agroecol\u00f3gicos, al\u00e9m de promover rodas de conversa e atividades sobre alimenta\u00e7\u00e3o saud\u00e1vel, produ\u00e7\u00e3o de alimentos org\u00e2nicos, atividades de reconex\u00e3o com a natureza e cuidados com a terra, manuten\u00e7\u00e3o da sa\u00fade, oficinas de bicicleta, din\u00e2micas corporais e de canto, capoeira, jogo de educa\u00e7\u00e3o ambiental e gest\u00e3o de res\u00edduos.<\/span><\/p>\n<p><span style=\"font-weight: 400;\"><a href=\"https:\/\/bit.ly\/47sxYEX\" target=\"_blank\" rel=\"noopener\">Carlos Greenbike<\/a>, da <a href=\"https:\/\/bit.ly\/4fNkxn1\" target=\"_blank\" rel=\"noopener\">Associa\u00e7\u00e3o Pedala Queimados<\/a>, facilitou a oficina Bike de Cria, que envolveu as crian\u00e7as em uma atividade l\u00fadica, inclusive uma oficina para ensinar pequenos reparos nas bikes.<\/span><\/p>\n<blockquote><p><span style=\"font-weight: 400;\">\u201cA oficina Bike de Cria proporciona uma oportunidade l\u00fadica para as crian\u00e7as como protagonistas. A bicicleta, ela conversa com todo mundo, entendeu? Ano passado, teve uma menina da <a href=\"https:\/\/bit.ly\/2KUZXFB\" target=\"_blank\" rel=\"noopener\">Provid\u00eancia<\/a> que n\u00e3o sabia andar de bike. Esse ano a ideia \u00e9 conversar com eles para entender qual \u00e9 a rela\u00e7\u00e3o deles com a bicicleta, se eles sabem, se eles n\u00e3o sabem e tamb\u00e9m fazer uma oficina de reparos. A bicicleta est\u00e1 na casa deles, furou o pneu, o que eles fazem? Eles esperam ter dinheiro para consertar ou podem fazer esse pequeno reparo e ter autonomia?\u201d<\/span><span style=\"font-weight: 400;\"> \u2014 Carlos Greenbike<\/span><\/p><\/blockquote>\n<figure id=\"attachment_80058\" aria-describedby=\"caption-attachment-80058\" style=\"width: 2048px\" class=\"wp-caption aligncenter\"><a href=\"https:\/\/rioonwatch.org.br\/wp-content\/uploads\/2025\/11\/Bike-de-Cria.jpg\"><img loading=\"lazy\" decoding=\"async\" class=\"size-full wp-image-80058\" src=\"https:\/\/rioonwatch.org.br\/wp-content\/uploads\/2025\/11\/Bike-de-Cria.jpg\" alt=\"Carlos Greenbike conversa com os participantes da oficina \u201cBike de Cria\u201d no espa\u00e7o Sa\u00fade e Alimenta\u00e7\u00e3o, durante o 2\u00ba Festival Favela Sustent\u00e1vel. Foto: B\u00e1rbara Dias\" width=\"2048\" height=\"1367\" srcset=\"https:\/\/rioonwatch.org.br\/wp-content\/uploads\/2025\/11\/Bike-de-Cria.jpg 2048w, https:\/\/rioonwatch.org.br\/wp-content\/uploads\/2025\/11\/Bike-de-Cria-620x414.jpg 620w, https:\/\/rioonwatch.org.br\/wp-content\/uploads\/2025\/11\/Bike-de-Cria-768x513.jpg 768w, https:\/\/rioonwatch.org.br\/wp-content\/uploads\/2025\/11\/Bike-de-Cria-1536x1025.jpg 1536w\" sizes=\"(max-width: 2048px) 100vw, 2048px\" \/><\/a><figcaption id=\"caption-attachment-80058\" class=\"wp-caption-text\">Carlos Greenbike conversa com os participantes da oficina \u201cBike de Cria\u201d no espa\u00e7o Sa\u00fade e Alimenta\u00e7\u00e3o, durante o 2\u00ba Festival Favela Sustent\u00e1vel. Foto: B\u00e1rbara Dias<\/figcaption><\/figure>\n<p><b>Participantes do Espa\u00e7o Sa\u00fade e Alimenta\u00e7\u00e3o: <\/b><span style=\"font-weight: 400;\">Atividades de Reconex\u00e3o com a Natureza (<a href=\"https:\/\/bit.ly\/3LhSiS7\" target=\"_blank\" rel=\"noopener\">Coletivo Banho de Floresta RJ<\/a>); Roda de Conversa e Oficina Bike de Cria (Pedala Queimados); Bora Cri\u00e1 (<a href=\"https:\/\/bit.ly\/4okwTqe\" target=\"_blank\" rel=\"noopener\">Casa Dois<\/a>\/Casa Branca); Promo\u00e7\u00e3o da Sa\u00fade com um Personal (<a href=\"https:\/\/bit.ly\/4hEEZaA\" target=\"_blank\" rel=\"noopener\">Instituto Nacional Lar dos Sonhos<\/a>\/<a href=\"https:\/\/bit.ly\/2m1TMEr\" target=\"_blank\" rel=\"noopener\">Vila Cruzeiro<\/a>); Roda de Conversa com <a href=\"https:\/\/bit.ly\/47vKTWP\" target=\"_blank\" rel=\"noopener\">erveiras e erveiros do Salgueiro<\/a>; De M\u00e3os Dadas por Alimentos Melhores: Roda de Conversa com o <a href=\"https:\/\/bit.ly\/3X3GAND\" target=\"_blank\" rel=\"noopener\">CONSEA-Rio<\/a>; Ok\u00e0n Od\u00f2: Viv\u00eancia L\u00fadica e Educativa para Crian\u00e7as (Instituto Terreiro Sustent\u00e1vel\/Sepetiba); Projeto Intergeracional Pequenas Hortas &amp; Grandes Resultados (Casa de Santa Ana\/Cidade de Deus); Oficina de Germina\u00e7\u00e3o e Produ\u00e7\u00e3o de Brotos (Coletivo Ra\u00edzes); Conversa de V\u00f3 na Cozinha (<a href=\"https:\/\/bit.ly\/4ohAPIl\" target=\"_blank\" rel=\"noopener\">Doces Lembran\u00e7as por Claudia Queiroga<\/a>\/Nova Campinas); Jogo de Educa\u00e7\u00e3o Ambiental Clim\u00e1tica ODS (<a href=\"https:\/\/bit.ly\/3Lg5Sph\" target=\"_blank\" rel=\"noopener\">Defensores do Planeta<\/a>\/<a href=\"https:\/\/bit.ly\/2IUYpbd\" target=\"_blank\" rel=\"noopener\">Santa Cruz<\/a>); Oficina de (Vermi)compostagem (<a href=\"https:\/\/bit.ly\/3X5kBWx\" target=\"_blank\" rel=\"noopener\">Minhoc\u00e1rio Arboreum<\/a>); Donas da Agro: Plantas que Cuidam da Terra e de N\u00f3s (<a href=\"https:\/\/bit.ly\/4oJwrkZ\" target=\"_blank\" rel=\"noopener\">Associa\u00e7\u00e3o Mulheres da Parada<\/a>\/Parada S\u00e3o Jorge); Capoeira em A\u00e7\u00e3o (Galeria de Her\u00f3is e Grupo Instrumental de Capoeira Projeto Vila Esperan\u00e7a\/Furquim Mendes); e Gest\u00e3o Solid\u00e1ria de Res\u00edduos (Lixo Zero\/Coleta Seletiva Solid\u00e1ria\/<a href=\"https:\/\/bit.ly\/3lb7Hlk\" target=\"_blank\" rel=\"noopener\">Pra\u00e7a Seca<\/a>).<\/span><\/p>\n<hr \/>\n<h3><b>Exposi\u00e7\u00f5es\u00a0<\/b><\/h3>\n<p><span style=\"font-weight: 400;\">O Espa\u00e7o de Exposi\u00e7\u00f5es trouxe a hist\u00f3ria de favelas e periferias para a visita\u00e7\u00e3o do p\u00fablico presente no 2\u00ba Festival Favela Sustent\u00e1vel. Foi poss\u00edvel visitar oito exposi\u00e7\u00f5es e conversar com os moradores e idealizadores dos projetos. Estiveram presentes no espa\u00e7o as exposi\u00e7\u00f5es: <em><a href=\"https:\/\/bit.ly\/46BgZy8\" target=\"_blank\" rel=\"noopener\">Mem\u00f3ria Clim\u00e1tica das Favelas<\/a><\/em> (dez favelas), <a href=\"https:\/\/bit.ly\/3qDYTHK\" target=\"_blank\" rel=\"noopener\">Museu das Remo\u00e7\u00f5es<\/a> (<a href=\"https:\/\/bit.ly\/3lHVbww\" target=\"_blank\" rel=\"noopener\">Vila Aut\u00f3dromo<\/a>),<em> Fragmentos da Mem\u00f3ria<\/em> (<a href=\"https:\/\/bit.ly\/4nptaaV\" target=\"_blank\" rel=\"noopener\">Cerro Cor\u00e1 Moradores em Movimento<\/a>), <em>Mulheres Guerreiras<\/em> (Museu de Favela\/Complexo do Pav\u00e3o-Pav\u00e3ozinho e Cantagalo), <em>Detetives da Ba\u00eda \u2014 Ci\u00eancia Cidad\u00e3 em A\u00e7\u00e3o<\/em> (<a href=\"https:\/\/bit.ly\/3e7NKIc\" target=\"_blank\" rel=\"noopener\">Ecomuseu de Sepetiba<\/a>), <em>Mem\u00f3rias da Mar\u00e9<\/em> (Museu da Mar\u00e9), <em>Rocinha: Um Percurso Hist\u00f3rico por Imagens<\/em> (<a href=\"https:\/\/bit.ly\/2WGpSqZ\" target=\"_blank\" rel=\"noopener\">Museu Sankofa<\/a>\/Rocinha) e <em>Mulheres de Pedra: 25 Anos Costurando Coletivamente<\/em> (<a href=\"https:\/\/bit.ly\/430UVxV\" target=\"_blank\" rel=\"noopener\">Coletiva Mulheres de Pedra<\/a>\/<a href=\"https:\/\/bit.ly\/3WsbLlC\" target=\"_blank\" rel=\"noopener\">Pedra de Guaratiba<\/a>).<\/span><\/p>\n<figure id=\"attachment_79816\" aria-describedby=\"caption-attachment-79816\" style=\"width: 2560px\" class=\"wp-caption aligncenter\"><a href=\"https:\/\/rioonwatch.org.br\/wp-content\/uploads\/2025\/10\/Bianca-Wild-do-Ecomuseu-Sepetiba-apresenta-a-atividade-Detetives-da-Baia-Ciencia-cidada-em-Acao-para-publico-jovem-no-espaco-de-exposicoes-durante-o-2o-Festiva-scaled.jpg\"><img loading=\"lazy\" decoding=\"async\" class=\"wp-image-79816 size-full\" title=\"Bianca Wild, do Ecomuseu Sepetiba, apresenta a atividade \u201cDetetives da Ba\u00eda Ci\u00eancia cidad\u00e3 em A\u00e7\u00e3o\u201d para p\u00fablico jovem, no espa\u00e7o de exposi\u00e7\u00f5es, durante o 2\u00ba Festival Favela Sustent\u00e1vel. Foto: Felipe Carneiro\" src=\"https:\/\/rioonwatch.org.br\/wp-content\/uploads\/2025\/10\/Bianca-Wild-do-Ecomuseu-Sepetiba-apresenta-a-atividade-Detetives-da-Baia-Ciencia-cidada-em-Acao-para-publico-jovem-no-espaco-de-exposicoes-durante-o-2o-Festiva-scaled.jpg\" alt=\"Bianca Wild, do Ecomuseu Sepetiba, apresenta a atividade \u201cDetetives da Ba\u00eda Ci\u00eancia cidad\u00e3 em A\u00e7\u00e3o\u201d para p\u00fablico jovem, no espa\u00e7o de exposi\u00e7\u00f5es, durante o 2\u00ba Festival Favela Sustent\u00e1vel. Foto: Felipe Carneiro\" width=\"2560\" height=\"1707\" srcset=\"https:\/\/rioonwatch.org.br\/wp-content\/uploads\/2025\/10\/Bianca-Wild-do-Ecomuseu-Sepetiba-apresenta-a-atividade-Detetives-da-Baia-Ciencia-cidada-em-Acao-para-publico-jovem-no-espaco-de-exposicoes-durante-o-2o-Festiva-scaled.jpg 2560w, https:\/\/rioonwatch.org.br\/wp-content\/uploads\/2025\/10\/Bianca-Wild-do-Ecomuseu-Sepetiba-apresenta-a-atividade-Detetives-da-Baia-Ciencia-cidada-em-Acao-para-publico-jovem-no-espaco-de-exposicoes-durante-o-2o-Festiva-620x413.jpg 620w, https:\/\/rioonwatch.org.br\/wp-content\/uploads\/2025\/10\/Bianca-Wild-do-Ecomuseu-Sepetiba-apresenta-a-atividade-Detetives-da-Baia-Ciencia-cidada-em-Acao-para-publico-jovem-no-espaco-de-exposicoes-durante-o-2o-Festiva-768x512.jpg 768w, https:\/\/rioonwatch.org.br\/wp-content\/uploads\/2025\/10\/Bianca-Wild-do-Ecomuseu-Sepetiba-apresenta-a-atividade-Detetives-da-Baia-Ciencia-cidada-em-Acao-para-publico-jovem-no-espaco-de-exposicoes-durante-o-2o-Festiva-1536x1024.jpg 1536w, https:\/\/rioonwatch.org.br\/wp-content\/uploads\/2025\/10\/Bianca-Wild-do-Ecomuseu-Sepetiba-apresenta-a-atividade-Detetives-da-Baia-Ciencia-cidada-em-Acao-para-publico-jovem-no-espaco-de-exposicoes-durante-o-2o-Festiva-2048x1365.jpg 2048w\" sizes=\"(max-width: 2560px) 100vw, 2560px\" \/><\/a><figcaption id=\"caption-attachment-79816\" class=\"wp-caption-text\">Bianca Wild, do Ecomuseu Sepetiba, apresenta a atividade \u201cDetetives da Ba\u00eda Ci\u00eancia cidad\u00e3 em A\u00e7\u00e3o\u201d para p\u00fablico jovem, no espa\u00e7o de exposi\u00e7\u00f5es, durante o 2\u00ba Festival Favela Sustent\u00e1vel. Foto: Felipe Carneiro<\/figcaption><\/figure>\n<p>Bianca Wild, do <a href=\"https:\/\/bit.ly\/3YUBbKv\" target=\"_blank\" rel=\"noopener\">Ecomuseu de Sepetiba<\/a>, apresentou uma atividade desenvolvida para escolas, chamada <em>Detetives da Ba\u00eda: Ci\u00eancia Cidad\u00e3 em A\u00e7\u00e3o<\/em>. Na atividade, que apresentava uma por\u00e7\u00e3o de areia altamente polu\u00edda da praia de Sepetiba, retirada pela <a href=\"https:\/\/bit.ly\/2X2Ab76\" target=\"_blank\" rel=\"noopener\">COMLURB,<\/a> os alunos eram desafiados a identificar o que seria natural ali e o que n\u00e3o seria.<\/p>\n<blockquote><p>\u201cA gente coloca nessas caixas (que a gente chama de esta\u00e7\u00f5es)&#8230; e os alunos das escolas que a gente atende [t\u00eam que] investigar esses res\u00edduos e observar o que deveria estar naquele ecossistema e o que n\u00e3o deveria. Ent\u00e3o, o que eles encontram s\u00e3o muitos res\u00edduos pl\u00e1sticos, al\u00e9m da mat\u00e9ria org\u00e2nica em decomposi\u00e7\u00e3o&#8230; O nosso objetivo \u00e9 mostrar que um povo s\u00f3 preserva aquilo que ama e um povo s\u00f3 ama aquilo que conhece. Ent\u00e3o, a gente quer mostrar para essas crian\u00e7as, para esses alunos, que o lugar que eles vivem \u00e9 rico em biodiversidade e rico em hist\u00f3ria, que \u00e9 a quinta maior ba\u00eda do Brasil e \u00e9 o lar da maior popula\u00e7\u00e3o de botos cinza do mundo.\u201d \u2014 Bianca Wild<\/p><\/blockquote>\n<figure id=\"attachment_80055\" aria-describedby=\"caption-attachment-80055\" style=\"width: 2048px\" class=\"wp-caption aligncenter\"><a href=\"https:\/\/rioonwatch.org.br\/wp-content\/uploads\/2025\/11\/Jovens-do-Museu-da-Mare-comemoram-exposicao.jpg\"><img loading=\"lazy\" decoding=\"async\" class=\"wp-image-80055 size-full\" title=\"Jovens do Museu da Mar\u00e9 comemoram exposi\u00e7\u00e3o no local. Foto: Felipe Carneiro\" src=\"https:\/\/rioonwatch.org.br\/wp-content\/uploads\/2025\/11\/Jovens-do-Museu-da-Mare-comemoram-exposicao.jpg\" alt=\"Jovens do Museu da Mar\u00e9 comemoram exposi\u00e7\u00e3o no local. Foto: B\u00e1rbara Dias\" width=\"2048\" height=\"1365\" srcset=\"https:\/\/rioonwatch.org.br\/wp-content\/uploads\/2025\/11\/Jovens-do-Museu-da-Mare-comemoram-exposicao.jpg 2048w, https:\/\/rioonwatch.org.br\/wp-content\/uploads\/2025\/11\/Jovens-do-Museu-da-Mare-comemoram-exposicao-620x413.jpg 620w, https:\/\/rioonwatch.org.br\/wp-content\/uploads\/2025\/11\/Jovens-do-Museu-da-Mare-comemoram-exposicao-768x512.jpg 768w, https:\/\/rioonwatch.org.br\/wp-content\/uploads\/2025\/11\/Jovens-do-Museu-da-Mare-comemoram-exposicao-1536x1024.jpg 1536w\" sizes=\"(max-width: 2048px) 100vw, 2048px\" \/><\/a><figcaption id=\"caption-attachment-80055\" class=\"wp-caption-text\">Jovens do Museu da Mar\u00e9 comemoram exposi\u00e7\u00e3o no local. Foto: B\u00e1rbara Dias<\/figcaption><\/figure>\n<p><span style=\"font-size: 16px;\">M\u00e1rcia Santos, do Coletivo Sementes da Terra, visitou a Exposi\u00e7\u00e3o Mem\u00f3ria Clim\u00e1tica das Favelas e falou sobre a experi\u00eancia.<\/span><\/p>\n<blockquote><p>\u201cEu acho, no meu entendimento, [que a exposi\u00e7\u00e3o] mostra o que a gente n\u00e3o costuma ver de fato, mostra de dentro da comunidade. Mostrar a import\u00e2ncia das mem\u00f3rias, de voc\u00ea conservar as mem\u00f3rias das lutas, dos territ\u00f3rios. Eu vi uma imagem ali das, acho que s\u00e3o as costureiras, do territ\u00f3rio Rio das Pedras, e me emocionou muito a luta de v\u00e1rias mulheres, mulheres como eu, perif\u00e9ricas, pretas, pobres, sabe, mas que fazem toda a diferen\u00e7a nos seus territ\u00f3rios. Isso tem que ser mostrado. Isso \u00e9 muito importante, d\u00e1 visibilidade a essas pessoas. E eu acho que isso, al\u00e9m da luta pela preserva\u00e7\u00e3o, tamb\u00e9m \u00e9 importante de ser mostrado pro mundo.\u201d \u2014 M\u00e1rcia Santos<\/p><\/blockquote>\n<hr \/>\n<h3><b>Rodas de Conversa<\/b><\/h3>\n<p>As <a href=\"https:\/\/www.favelasustentavel.org\/atividade\/programacao-ffs-2025\">dezenas de rodas de conversa<\/a> foram um momento de trocas entre moradores, mobilizadores e coletivos de favelas, e aliados: di\u00e1logos sobre solu\u00e7\u00f5es sustent\u00e1veis, pensadas pelas favelas e para as favelas. Participantes de diferentes comunidades puderam trocar experi\u00eancias, desafios e solu\u00e7\u00f5es em torno de temas como meio ambiente, economia solid\u00e1ria, hortas urbanas, gest\u00e3o de res\u00edduos e garantia de direitos. O Projeto Termo Territorial Coletivo facilitou a roda &#8220;Direito \u00e0 Terra e Justi\u00e7a Clim\u00e1tica: Inovando com o Termo Territorial Coletivo&#8221;, enquanto o <em>RioOnWatch<\/em> conversou com os presentes sobre o tema &#8220;<em>RioOnWatch<\/em>: Publique Sua Primeira Mat\u00e9ria Conosco, Sendo Cria ou Aliado&#8221;.<\/p>\n<h3><em>Navegue pelo <a href=\"http:\/\/bit.ly\/FFS2FotosRodas\">\u00c1lbum das Exposi\u00e7\u00f5es e Rodas de Conversa<\/a> no 2\u00ba Festival Favela Sustent\u00e1vel:<\/em><\/h3>\n<p><a title=\"Rodas de Conversa e Exposi\u00e7\u00f5es no 2\u00b0 Festival Favela Sustent\u00e1vel, 18 de outubro de 2025\" href=\"https:\/\/www.flickr.com\/photos\/catcomm\/albums\/72177720329978673\" data-flickr-embed=\"true\"><img loading=\"lazy\" decoding=\"async\" src=\"https:\/\/live.staticflickr.com\/65535\/54886961076_880f21d7b3_b.jpg\" alt=\"Rodas de Conversa e Exposi\u00e7\u00f5es no 2\u00b0 Festival Favela Sustent\u00e1vel, 18 de outubro de 2025\" width=\"1024\" height=\"768\" \/><\/a><script src=\"\/\/embedr.flickr.com\/assets\/client-code.js\" async=\"\" charset=\"utf-8\"><\/script><\/p>\n<hr \/>\n<h3><b>Oficinas Manuais para Adultos e Crian\u00e7as<\/b><\/h3>\n<p>O espa\u00e7o onde aconteceram as oficinas manuais para adultos e crian\u00e7as teve um fluxo cont\u00ednuo de visitantes ao longo do dia, com atividades como: arte urbana, hist\u00f3rias de cordel, compostagem, mapeamento de paisagens emocionais, resgate de hist\u00f3rias e comunica\u00e7\u00e3o popular, bioj\u00f3ias, esta\u00e7\u00f5es do ano e mudan\u00e7as clim\u00e1ticas, artesanato, entre outras, em uma troca que envolveu muita criatividade.<\/p>\n<p><span style=\"font-weight: 400;\">Luiz Cassiano, da favela do Parque Arar\u00e1, durante a atividade \u201cTroca de Ideias com o <a href=\"https:\/\/bit.ly\/2n4P5L7\" target=\"_blank\" rel=\"noopener\">Teto Verde Favela<\/a>\u201d, explicou a efici\u00eancia dos telhados verdes na <a href=\"https:\/\/bit.ly\/3rKu83R\" target=\"_blank\" rel=\"noopener\">redu\u00e7\u00e3o de temperatura em casas de favela<\/a> e como uma medida de baixo custo de mitiga\u00e7\u00e3o dos efeitos das mudan\u00e7as clim\u00e1ticas, uma solu\u00e7\u00e3o baseada na natureza que pode se expandir para outras favelas. Se utilizando de uma maquete de uma casa com teto verde, Cassiano conversou com o p\u00fablico sobre sua experi\u00eancia no desenvolvimento dessa adapta\u00e7\u00e3o clim\u00e1tica nas favelas.<\/span><\/p>\n<figure id=\"attachment_79780\" aria-describedby=\"caption-attachment-79780\" style=\"width: 2560px\" class=\"wp-caption aligncenter\"><a href=\"https:\/\/rioonwatch.org.br\/wp-content\/uploads\/2025\/10\/Luiz-Cassiano-da-favela-do-Arara-mostra-maquete-de-um-teto-verde-durante-a-atividade-Troca-de-Ideias-com-o-Teto-Verde-Favela.-Foto-Felipe-Carneiro-scaled.jpg\"><img loading=\"lazy\" decoding=\"async\" class=\"wp-image-79780 size-full\" title=\"Luiz Cassiano, da favela do Arar\u00e1, mostra maquete de um teto verde durante a atividade \u201cTroca de Ideias com o Teto Verde Favela\u201d. Foto: Felipe Carneiro\" src=\"https:\/\/rioonwatch.org.br\/wp-content\/uploads\/2025\/10\/Luiz-Cassiano-da-favela-do-Arara-mostra-maquete-de-um-teto-verde-durante-a-atividade-Troca-de-Ideias-com-o-Teto-Verde-Favela.-Foto-Felipe-Carneiro-scaled.jpg\" alt=\"Luiz Cassiano, da favela do Arar\u00e1, mostra maquete de um teto verde durante a atividade \u201cTroca de Ideias com o Teto Verde Favela\u201d. Foto: Felipe Carneiro\" width=\"2560\" height=\"1706\" srcset=\"https:\/\/rioonwatch.org.br\/wp-content\/uploads\/2025\/10\/Luiz-Cassiano-da-favela-do-Arara-mostra-maquete-de-um-teto-verde-durante-a-atividade-Troca-de-Ideias-com-o-Teto-Verde-Favela.-Foto-Felipe-Carneiro-scaled.jpg 2560w, https:\/\/rioonwatch.org.br\/wp-content\/uploads\/2025\/10\/Luiz-Cassiano-da-favela-do-Arara-mostra-maquete-de-um-teto-verde-durante-a-atividade-Troca-de-Ideias-com-o-Teto-Verde-Favela.-Foto-Felipe-Carneiro-620x413.jpg 620w, https:\/\/rioonwatch.org.br\/wp-content\/uploads\/2025\/10\/Luiz-Cassiano-da-favela-do-Arara-mostra-maquete-de-um-teto-verde-durante-a-atividade-Troca-de-Ideias-com-o-Teto-Verde-Favela.-Foto-Felipe-Carneiro-768x512.jpg 768w, https:\/\/rioonwatch.org.br\/wp-content\/uploads\/2025\/10\/Luiz-Cassiano-da-favela-do-Arara-mostra-maquete-de-um-teto-verde-durante-a-atividade-Troca-de-Ideias-com-o-Teto-Verde-Favela.-Foto-Felipe-Carneiro-1536x1024.jpg 1536w, https:\/\/rioonwatch.org.br\/wp-content\/uploads\/2025\/10\/Luiz-Cassiano-da-favela-do-Arara-mostra-maquete-de-um-teto-verde-durante-a-atividade-Troca-de-Ideias-com-o-Teto-Verde-Favela.-Foto-Felipe-Carneiro-2048x1365.jpg 2048w\" sizes=\"(max-width: 2560px) 100vw, 2560px\" \/><\/a><figcaption id=\"caption-attachment-79780\" class=\"wp-caption-text\">Luiz Cassiano, do Parque Arar\u00e1, mostra maquete de um teto verde durante a atividade \u201cTroca de Ideias com o Teto Verde Favela\u201d. Foto: Felipe Carneiro<\/figcaption><\/figure>\n<p><span style=\"font-weight: 400;\">Ilaci Oliveira, da <a href=\"https:\/\/bit.ly\/33LkbHI\" target=\"_blank\" rel=\"noopener\">Cooperativa Transvida<\/a>, na <a href=\"https:\/\/bit.ly\/2m1TMEr\" target=\"_blank\" rel=\"noopener\">Vila Cruzeiro<\/a>, desenvolveu uma oficina de leitura para crian\u00e7as.<\/span><\/p>\n<blockquote><p><span style=\"font-weight: 400;\">\u201cEstou aqui nesse momento lindo do 2\u00b0 Festival Rede Favela Sustent\u00e1vel com <a href=\"https:\/\/bit.ly\/4nptaaV\">incentivo \u00e0 leitura<\/a>. O que \u00e9 incentivo \u00e0 leitura? \u00c9 quando voc\u00ea traz para a crian\u00e7a o desejo para que elas venham amar a palavra, amar um livro.\u201d<\/span> \u2014 Ilaci Oliveira<\/p><\/blockquote>\n<figure id=\"attachment_79781\" aria-describedby=\"caption-attachment-79781\" style=\"width: 2560px\" class=\"wp-caption aligncenter\"><a href=\"https:\/\/rioonwatch.org.br\/wp-content\/uploads\/2025\/10\/A-oficina-de-leitura-com-criancas-aconteceu-no-espaco-de-oficinas-manuais-do-2o-Festival-Favela-Sustentavel.-Foto-Barbara-Dias--scaled.jpg\"><img loading=\"lazy\" decoding=\"async\" class=\"wp-image-79781 size-full\" title=\"A oficina de leitura com crian\u00e7as, aconteceu no espa\u00e7o de oficinas manuais do 2\u00ba Festival Favela Sustent\u00e1vel. Foto: B\u00e1rbara Dias\" src=\"https:\/\/rioonwatch.org.br\/wp-content\/uploads\/2025\/10\/A-oficina-de-leitura-com-criancas-aconteceu-no-espaco-de-oficinas-manuais-do-2o-Festival-Favela-Sustentavel.-Foto-Barbara-Dias--scaled.jpg\" alt=\"A oficina de leitura com crian\u00e7as, aconteceu no espa\u00e7o de oficinas manuais do 2\u00ba Festival Favela Sustent\u00e1vel. Foto: B\u00e1rbara Dias\u00a0\" width=\"2560\" height=\"1709\" srcset=\"https:\/\/rioonwatch.org.br\/wp-content\/uploads\/2025\/10\/A-oficina-de-leitura-com-criancas-aconteceu-no-espaco-de-oficinas-manuais-do-2o-Festival-Favela-Sustentavel.-Foto-Barbara-Dias--scaled.jpg 2560w, https:\/\/rioonwatch.org.br\/wp-content\/uploads\/2025\/10\/A-oficina-de-leitura-com-criancas-aconteceu-no-espaco-de-oficinas-manuais-do-2o-Festival-Favela-Sustentavel.-Foto-Barbara-Dias--620x414.jpg 620w, https:\/\/rioonwatch.org.br\/wp-content\/uploads\/2025\/10\/A-oficina-de-leitura-com-criancas-aconteceu-no-espaco-de-oficinas-manuais-do-2o-Festival-Favela-Sustentavel.-Foto-Barbara-Dias--768x513.jpg 768w, https:\/\/rioonwatch.org.br\/wp-content\/uploads\/2025\/10\/A-oficina-de-leitura-com-criancas-aconteceu-no-espaco-de-oficinas-manuais-do-2o-Festival-Favela-Sustentavel.-Foto-Barbara-Dias--1536x1025.jpg 1536w, https:\/\/rioonwatch.org.br\/wp-content\/uploads\/2025\/10\/A-oficina-de-leitura-com-criancas-aconteceu-no-espaco-de-oficinas-manuais-do-2o-Festival-Favela-Sustentavel.-Foto-Barbara-Dias--2048x1367.jpg 2048w\" sizes=\"(max-width: 2560px) 100vw, 2560px\" \/><\/a><figcaption id=\"caption-attachment-79781\" class=\"wp-caption-text\">A oficina de leitura com crian\u00e7as aconteceu no espa\u00e7o de oficinas do 2\u00ba Festival Favela Sustent\u00e1vel. Foto: B\u00e1rbara Dias<\/figcaption><\/figure>\n<p><b>Oficinas e Atividades Participantes: <\/b><span style=\"font-weight: 400;\">Troca de Ideias com Teto Verde Favela (Parque Arar\u00e1); Quando a Favela Inova: Regenera\u00e7\u00e3o e Inova\u00e7\u00e3o Social (<a href=\"https:\/\/bit.ly\/3X8NEbG\" target=\"_blank\" rel=\"noopener\">Centro de Refer\u00eancia e Informa\u00e7\u00e3o em Artes e Cultura Brasileira<\/a>\/<a href=\"https:\/\/bit.ly\/37IXjJZ\" target=\"_blank\" rel=\"noopener\">Gamboa<\/a>); Na Trilha das Invasoras: Solu\u00e7\u00f5es Socioambientais para o Controle de Esp\u00e9cies Ex\u00f3ticas Invasoras (<a href=\"https:\/\/bit.ly\/3JBu6ty\" target=\"_blank\" rel=\"noopener\">Atelier do Agave<\/a>); Oficina de Artesanato de Guirlanda Natalina (Museu de Favela\/PPG); Exposi\u00e7\u00e3o e Oficina sobre Solos (<a href=\"https:\/\/bit.ly\/3mt0z3M\" target=\"_blank\" rel=\"noopener\">Embrapa Solos<\/a> Programa Embrapa &amp; Escola); Contar e Colorir: Hist\u00f3rias de Cordel para Crian\u00e7as (Favela Art\/Complexo do Alem\u00e3o); Resgate de Hist\u00f3rias Perif\u00e9ricas (<a href=\"https:\/\/bit.ly\/4i7FJol\" target=\"_blank\" rel=\"noopener\">Ag\u00eancia Lume<\/a>\/Rio das Pedras); Criatividade, Res\u00edduos e Natureza: Espa\u00e7o entre Saberes, Aromas e Sabores \u2014 Degusta\u00e7\u00e3o e Din\u00e2mica (Projeto Espa\u00e7o Verde Horta\/Niter\u00f3i); Exposi\u00e7\u00e3o Interativa \u201cEsta\u00e7\u00f5es do Ano e o Impacto das Mudan\u00e7as Clim\u00e1ticas\u201d (<a href=\"https:\/\/bit.ly\/4hEn5nZ\" target=\"_blank\" rel=\"noopener\">Alfazendo<\/a>\/<a href=\"https:\/\/bit.ly\/31Cdndy\" target=\"_blank\" rel=\"noopener\">Eco Rede<\/a>\/Cidade de Deus); Oficina Cadernos Criativos (<a href=\"https:\/\/bit.ly\/49qhhN5\" target=\"_blank\" rel=\"noopener\">As Carolinas de Jacutinga<\/a>\/<a href=\"https:\/\/bit.ly\/2UaGIxC\" target=\"_blank\" rel=\"noopener\">Mesquita<\/a>); Alternativas Sustent\u00e1veis para Melhoria do Abastecimento de \u00c1gua (<a href=\"https:\/\/bit.ly\/4qT7RjN\" target=\"_blank\" rel=\"noopener\">Laborat\u00f3rio de Estudos de \u00c1guas Urbanas<\/a>\/<a href=\"https:\/\/bit.ly\/2KgADIe\" target=\"_blank\" rel=\"noopener\">UFRJ<\/a>); Como Montar um Biodigestor Caseiro (Josefa Horta\/Complexo do Alem\u00e3o); Eu e o Espa\u00e7o: Mapeamento da Paisagem Emocional (<a href=\"https:\/\/bit.ly\/43BN8qq\" target=\"_blank\" rel=\"noopener\">ONG Horizonte<\/a>\/<a href=\"https:\/\/bit.ly\/2xCoB59\" target=\"_blank\" rel=\"noopener\">Vidigal<\/a>); ; Compostar \u00e9 Devolver \u00e0 Natureza o Que \u00e9 Dela: Solo Forte, Futuro F\u00e9rtil! (<a href=\"https:\/\/bit.ly\/4nBMbpp\" target=\"_blank\" rel=\"noopener\">Girassol Insumos e Servi\u00e7os Agroecol\u00f3gicos<\/a>\/<a href=\"https:\/\/bit.ly\/2J8Xt4f\" target=\"_blank\" rel=\"noopener\">Mangueira<\/a>); Fa\u00e7a Sua Bandeira! (<a href=\"https:\/\/bit.ly\/47NcvYO\" target=\"_blank\" rel=\"noopener\">Lab Arremate<\/a>\/<a href=\"https:\/\/bit.ly\/2KMwrB3\" target=\"_blank\" rel=\"noopener\">Duque de Caxias<\/a>); Oficina de Arte Urbana (<a href=\"https:\/\/bit.ly\/3jDpnFX\" target=\"_blank\" rel=\"noopener\">Guararapes<\/a>); Territ\u00f3rios Criativos em Movimento: Inova\u00e7\u00e3o na Gest\u00e3o Cultural (Centro de Refer\u00eancia e Informa\u00e7\u00e3o em Artes e Cultura Brasileira\/Gamboa); e Oficina de Biojoias (Sementes da Terra\/Complexo do 18, em Piedade).<\/span><\/p>\n<hr \/>\n<h3><b>Espa\u00e7os de Cura<\/b><\/h3>\n<p><span style=\"font-weight: 400;\">Um dos espa\u00e7os mais acessados \u00e9 o de cuidados e autocuidados, voltado para atividades que visam sa\u00fade f\u00edsica, emocional e mental: o Espa\u00e7o de Cura. No local, aconteceram rodas de conversa e atividades individuais e coletivas de atendimento com terapias alternativas para o p\u00fablico presente.\u00a0<\/span><\/p>\n<p>Flavio David, da comunidade do <a href=\"https:\/\/bit.ly\/2sJnuSF\" target=\"_blank\" rel=\"noopener\">Parque da Cidade<\/a>, na <a href=\"https:\/\/bit.ly\/4eeubwC\" target=\"_blank\" rel=\"noopener\">G\u00e1vea<\/a>, do ColetivoFit, levou uma din\u00e2mica de atividade f\u00edsica, ensinando o cuidado com o corpo.<\/p>\n<blockquote><p>\u201cO objetivo \u00e9 usar a bola e n\u00e3o o aparelho, t\u00e1 bom? A ideia \u00e9 programar o corpo, fortalecer as bases principais, que \u00e9 a regi\u00e3o p\u00e9lvica, regi\u00e3o de abd\u00f4men, regi\u00e3o da coluna, regi\u00e3o do peito. A gente sempre come\u00e7a com o exerc\u00edcio de abd\u00f4men.\u201d \u2014 Flavio David<\/p><\/blockquote>\n<p>Marcia Souza aplicou a Terapia Pr\u00e2nica (Museu de Favela\/PPG), uma pr\u00e1tica de realinhamento energ\u00e9tico de cura para o corpo.<\/p>\n<blockquote><p>\u201cEu trouxe a t\u00e9cnica de cura pr\u00e2nica, que \u00e9 o <em>Pranic Healing<\/em>, uma t\u00e9cnica que alinha, limpa os <em>chakras<\/em>, trazendo um equil\u00edbrio para o corpo. S\u00e3o onze <em>chakras<\/em> que a gente trabalha, e a ideia \u00e9 dar ao corpo caminhos para se autocurar, porque [nosso corpo] tem uma mem\u00f3ria. Quando a gente se machuca, o corpo sara, mas nosso corpo tem essa mem\u00f3ria e, \u00e0s vezes, s\u00e3o as energias que est\u00e3o ali estagnadas, os caminhos est\u00e3o obstru\u00eddos, e o prana faz isso, ele limpa. Eu busquei o <em>Pranic Healing<\/em> para cuidar de mim, e deu tanto certo comigo que eu senti vontade de aprender e trazer isso para outras mulheres.\u201d \u2014 Marcia Souza<\/p><\/blockquote>\n<p><b>Atividades de Cura:<\/b><span style=\"font-weight: 400;\"> Exerc\u00edcios e Pr\u00e1ticas de Sa\u00fade (Coletivifit Atividade F\u00edsica\/Parque da Cidade); Terapia \u2014 Atividade de Cuidado e Autocuidado (<a href=\"https:\/\/bit.ly\/4nPS16N\" target=\"_blank\" rel=\"noopener\">Mulheres Cuidando Movimentando Territ\u00f3rios<\/a>\/Pedreira); Favela Cura \u2014 Terapia Integrativa (Museu de Favela\/PPG); Oficina de Cura e Criatividade com M\u00e3es At\u00edpicas e Outras Mulheres (Coletiva Mulheres de Pedra\/Pedra de Guaratiba); Atividades e Pr\u00e1ticas de Bem-estar em Tempos de Crise Clim\u00e1tica (Projeto Naturalize o Bem Viver\/<a href=\"https:\/\/bit.ly\/3uV04Jw\" target=\"_blank\" rel=\"noopener\">Vig\u00e1rio Geral<\/a>); &#8220;O Povo Cuidando do Povo em Di\u00e1logo com o <a href=\"https:\/\/bit.ly\/2JEcfk5\" target=\"_blank\" rel=\"noopener\">SUS&#8221;<\/a> (<a href=\"https:\/\/bit.ly\/2WDhuUk\" target=\"_blank\" rel=\"noopener\">Fiocruz<\/a> e <a href=\"https:\/\/bit.ly\/4oEMiBk\" target=\"_blank\" rel=\"noopener\">Centro de Integra\u00e7\u00e3o na Serra da Miseric\u00f3rdia<\/a>\/Complexo da Penha); Roda de Acolhimento \u201cDesenvolvimento com Prop\u00f3sito, Caminhos Sustent\u00e1veis\u201d (Favela In\/Rocinha); &#8220;Trilhando Afrocuidado: Terapias Ancestrais&#8221; (<a href=\"https:\/\/bit.ly\/47wauPj\" target=\"_blank\" rel=\"noopener\">Rede Makeda<\/a>); Roda de Reconex\u00e3o com a Natureza: Banho de Floresta e Outras Din\u00e2micas (Coletivo Banho de Floresta RJ); Terapia AcuSphera Healing (Museu de Favela\/PPG); Pr\u00e1ticas Integrativas de Sa\u00fade Ambiental (Marias em A\u00e7\u00e3o\/Vila Kennedy); &#8220;Escreviv\u00eancias Po\u00e9ticas Instant\u00e2neas&#8221; (Coletivo In-Put Ambiental); e Show Pocket \u201cM\u00fasicas Anti-Stress\u201d (Lomaritaka M\u00fasica Perif\u00e9rica\/S\u00e3o Gon\u00e7alo)<\/span><span style=\"font-weight: 400;\">.<\/span><\/p>\n<h3><em>Navegue pelo <a href=\"http:\/\/bit.ly\/FFS2FotosOficinas\">\u00c1lbum do Espa\u00e7o de Cura, Oficinas e Cineclube<\/a> no 2\u00ba Festival Favela Sustent\u00e1vel:<\/em><\/h3>\n<p><a title=\"Oficinas Manuais, Cineclube e Espa\u00e7o de Cura no 2\u00b0 Festival Favela Sustent\u00e1vel, 18 de outubro de 2025\" href=\"https:\/\/www.flickr.com\/photos\/catcomm\/albums\/72177720329957810\" data-flickr-embed=\"true\"><img loading=\"lazy\" decoding=\"async\" src=\"https:\/\/live.staticflickr.com\/65535\/54887208409_040fb7bdaa_b.jpg\" alt=\"Oficinas Manuais, Cineclube e Espa\u00e7o de Cura no 2\u00b0 Festival Favela Sustent\u00e1vel, 18 de outubro de 2025\" width=\"1024\" height=\"768\" \/><\/a><script async src=\"\/\/embedr.flickr.com\/assets\/client-code.js\" charset=\"utf-8\"><\/script><del><\/del><\/p>\n<hr \/>\n<h3><b>Cineclube e Curso de GCD<\/b><\/h3>\n<p>No Cineclube, foram exibidos filmes como: <em>Natureza e Sonhos<\/em>, <em>Ra\u00edzes do Horto<\/em>, <em>Lixo? N\u00e3o \u00e9 Lixo!<\/em> e <em>Baixada Nunca se Rende<\/em>. Al\u00e9m disso, o <a href=\"https:\/\/bit.ly\/3JHnp8M\" target=\"_blank\" rel=\"noopener\">Instituto Decodifica<\/a> facilitou o curso &#8220;Indicadores de Adapta\u00e7\u00e3o Clim\u00e1tica: A Gera\u00e7\u00e3o Cidad\u00e3 de Dados Para Conectar o Global ao Local&#8221;, com <span style=\"font-weight: 400;\">Kayo Moura, coordenador de pesquisa do instituto, e <\/span><span style=\"font-weight: 400;\">Marcela Toledo, analista de pesquisa<\/span>.<\/p>\n<blockquote><p><span style=\"font-weight: 400;\">\u201cA gente deu aqui a oficina de indicadores de adapta\u00e7\u00e3o clim\u00e1tica, de Gera\u00e7\u00e3o Cidad\u00e3 de Dados (GCD), conectando local ao global. O objetivo da oficina foi, primeiro, apresentar a discuss\u00e3o sobre adapta\u00e7\u00e3o clim\u00e1tica, pensando favelas e periferias como esses territ\u00f3rios que mais precisam de adapta\u00e7\u00e3o clim\u00e1tica, e depois apresentar um pouco tamb\u00e9m o que s\u00e3o indicadores para que as pessoas, as lideran\u00e7as e moradores tenham ferramenta para formular esses indicadores em diversas \u00e1reas tem\u00e1ticas. E a gente faz um exerc\u00edcio, que \u00e9 pensar, trazer essas pessoas para pensar o Objetivo Global de Adapta\u00e7\u00e3o (GGA), trazendo ali esses eixos tem\u00e1ticos do GGA para a reflex\u00e3o das pessoas dos territ\u00f3rios de como \u00e9 que seriam as suas metas de adapta\u00e7\u00e3o, como \u00e9 que seriam os indicadores para medir essas metas, conectando o global e o local.\u201d<\/span><span style=\"font-weight: 400;\"> \u2014 Kaio Moura<\/span><\/p><\/blockquote>\n<figure id=\"attachment_79793\" aria-describedby=\"caption-attachment-79793\" style=\"width: 2560px\" class=\"wp-caption aligncenter\"><a href=\"https:\/\/rioonwatch.org.br\/wp-content\/uploads\/2025\/10\/Curso-facilitado-por-Kaio-Moura-coordenador-de-pesquisa-e-Marcela-Toledo-analista-de-pesquisa-do-Instituto-Decodifica-scaled.jpg\"><img loading=\"lazy\" decoding=\"async\" class=\"wp-image-79793 size-full\" title=\"Curso facilitado por Kaio Moura, coordenador de pesquisa, e Marcela Toledo, analista de pesquisa, ambos do Instituto Decodifica, do Jacarezinho, durante o curso 'Indicadores de Adapta\u00e7\u00e3o Clim\u00e1tica: A Gera\u00e7\u00e3o Cidad\u00e3 de Dados Para Conectar o Global ao Local' durante o 2\u00ba Festival Favela Sustent\u00e1vel. Foto: B\u00e1rbara Dias\" src=\"https:\/\/rioonwatch.org.br\/wp-content\/uploads\/2025\/10\/Curso-facilitado-por-Kaio-Moura-coordenador-de-pesquisa-e-Marcela-Toledo-analista-de-pesquisa-do-Instituto-Decodifica-scaled.jpg\" alt=\"Curso facilitado por Kaio Moura, coordenador de pesquisa, e Marcela Toledo, analista de pesquisa, ambos do Instituto Decodifica, do Jacarezinho, durante o curso 'Indicadores de Adapta\u00e7\u00e3o Clim\u00e1tica: A Gera\u00e7\u00e3o Cidad\u00e3 de Dados Para Conectar o Global ao Local' durante o 2\u00ba Festival Favela Sustent\u00e1vel. Foto: B\u00e1rbara Dias\" width=\"2560\" height=\"1709\" srcset=\"https:\/\/rioonwatch.org.br\/wp-content\/uploads\/2025\/10\/Curso-facilitado-por-Kaio-Moura-coordenador-de-pesquisa-e-Marcela-Toledo-analista-de-pesquisa-do-Instituto-Decodifica-scaled.jpg 2560w, https:\/\/rioonwatch.org.br\/wp-content\/uploads\/2025\/10\/Curso-facilitado-por-Kaio-Moura-coordenador-de-pesquisa-e-Marcela-Toledo-analista-de-pesquisa-do-Instituto-Decodifica-620x414.jpg 620w, https:\/\/rioonwatch.org.br\/wp-content\/uploads\/2025\/10\/Curso-facilitado-por-Kaio-Moura-coordenador-de-pesquisa-e-Marcela-Toledo-analista-de-pesquisa-do-Instituto-Decodifica-768x513.jpg 768w, https:\/\/rioonwatch.org.br\/wp-content\/uploads\/2025\/10\/Curso-facilitado-por-Kaio-Moura-coordenador-de-pesquisa-e-Marcela-Toledo-analista-de-pesquisa-do-Instituto-Decodifica-1536x1025.jpg 1536w, https:\/\/rioonwatch.org.br\/wp-content\/uploads\/2025\/10\/Curso-facilitado-por-Kaio-Moura-coordenador-de-pesquisa-e-Marcela-Toledo-analista-de-pesquisa-do-Instituto-Decodifica-2048x1367.jpg 2048w\" sizes=\"(max-width: 2560px) 100vw, 2560px\" \/><\/a><figcaption id=\"caption-attachment-79793\" class=\"wp-caption-text\">Curso facilitado por Kayo Moura, coordenador de pesquisa, e por Marcela Toledo, analista de pesquisa, ambos do Instituto Decodifica. Foto: B\u00e1rbara Dias<\/figcaption><\/figure>\n<p><b>Filmes e Oficina<\/b><span style=\"font-weight: 400;\">: Oficinas &#8220;Lixo? N\u00e3o \u00e9 Lixo! No Caos, uma Oportunidade de Transforma\u00e7\u00e3o&#8221; (PSSHA Haroldo Sustent\u00e1vel) e &#8220;Indicadores de Adapta\u00e7\u00e3o Clim\u00e1tica: a gera\u00e7\u00e3o cidad\u00e3 de dados para conectar o global ao local&#8221; (Instituto Decodifica); mostra dos document\u00e1rios <em>Cine Atitude<\/em> (<a href=\"https:\/\/bit.ly\/4nA6mEf\" target=\"_blank\" rel=\"noopener\">ONG Atitude Social<\/a>\/<a href=\"https:\/\/bit.ly\/2Zjer5w\" target=\"_blank\" rel=\"noopener\">Santa Marta<\/a>), <em>Ra\u00edzes do Horto<\/em> (<a href=\"https:\/\/bit.ly\/3mvDRc9\" target=\"_blank\" rel=\"noopener\">Museu do Horto<\/a> e <a href=\"https:\/\/bit.ly\/48Wt1Xw\" target=\"_blank\" rel=\"noopener\">Horto Natureza<\/a>\/<a href=\"https:\/\/bit.ly\/333gbDy\" target=\"_blank\" rel=\"noopener\">Horto<\/a>), <em>Natureza e Sonhos<\/em> (<a href=\"https:\/\/bit.ly\/3LfZkHi\" target=\"_blank\" rel=\"noopener\">Favela Cineclube<\/a>) e <a href=\"https:\/\/bit.ly\/49u0uc2\" target=\"_blank\" rel=\"noopener\"><em>Baixada Nunca Se Rende<\/em><\/a>.<\/span><\/p>\n<hr \/>\n<h3><strong>Coletiva de Imprensa<\/strong><\/h3>\n<p>A algumas semanas da COP30 em Bel\u00e9m, o lan\u00e7amento oficial da <a href=\"https:\/\/bit.ly\/CartaCOPAssinada\">Carta COP30 das Favelas<\/a> ocorreu em coletiva de imprensa durante o 2\u00ba Festival Favela Sustent\u00e1vel com a presen\u00e7a de lideran\u00e7as comunit\u00e1rias, representantes de movimentos socioambientais, jornalistas e aliados t\u00e9cnicos.<\/p>\n<p><span style=\"font-weight: 400;\">O lan\u00e7amento refor\u00e7ou o papel das favelas, comunidades tradicionais e perif\u00e9ricas como protagonistas na constru\u00e7\u00e3o de caminhos para a justi\u00e7a clim\u00e1tica.\u00a0<\/span><\/p>\n<blockquote><p><span style=\"font-weight: 400;\">\u201cA gente est\u00e1 realizando essa coletiva tr\u00eas semanas antes da COP 30, onde decis\u00f5es v\u00e3o ser tomadas para garantir ou n\u00e3o a nossa perman\u00eancia neste planeta e a justi\u00e7a ambiental e a clim\u00e1tica. Nosso festival hoje tem como foco solu\u00e7\u00f5es clim\u00e1ticas comunit\u00e1rias. \u00c9 urgente centralizar as favelas nesses debates. Essa vai ser a primeira COP com muita gente fazendo barulho sobre os impactos do clima em favelas, em outras \u00e1reas perif\u00e9ricas, marginalizadas, negligenciadas pelo Estado por v\u00e1rios motivos.\u201d \u2014<\/span><span style=\"font-weight: 400;\">\u00a0Theresa Williamson<\/span><\/p><\/blockquote>\n<figure id=\"attachment_79794\" aria-describedby=\"caption-attachment-79794\" style=\"width: 2560px\" class=\"wp-caption aligncenter\"><a href=\"https:\/\/rioonwatch.org.br\/wp-content\/uploads\/2025\/10\/Da-esquerda-para-a-direita-Claudia-Queiroga-Doces-Lembrancas-Carmel-do-Sementes-da-Terra-Cleonice-do-CDDH-Petropolis-e-Thaysa-Santos-do-Terra-Afetiva-participa-scaled.jpg\"><img loading=\"lazy\" decoding=\"async\" class=\"wp-image-79794 size-full\" title=\"Da esquerda para a direita Claudia Queiroga, Doces Lembran\u00e7as; Carmel, do Sementes da Terra; Cleonice, do CDDH Petr\u00f3polis e Thaysa Santos do Terra Afetiva, participam da leitura de trechos da Carta Cop 30 das favelas durante a coletiva de imprensa. Foto: B\u00e1rbara Dias\u00a0\" src=\"https:\/\/rioonwatch.org.br\/wp-content\/uploads\/2025\/10\/Da-esquerda-para-a-direita-Claudia-Queiroga-Doces-Lembrancas-Carmel-do-Sementes-da-Terra-Cleonice-do-CDDH-Petropolis-e-Thaysa-Santos-do-Terra-Afetiva-participa-scaled.jpg\" alt=\"Da esquerda para a direita Claudia Queiroga, Doces Lembran\u00e7as; Carmel, do Sementes da Terra; Cleonice, do CDDH Petr\u00f3polis e Thaysa Santos do Terra Afetiva, participam da leitura de trechos da Carta Cop 30 das favelas durante a coletiva de imprensa. Foto: B\u00e1rbara Dias\u00a0\" width=\"2560\" height=\"1709\" srcset=\"https:\/\/rioonwatch.org.br\/wp-content\/uploads\/2025\/10\/Da-esquerda-para-a-direita-Claudia-Queiroga-Doces-Lembrancas-Carmel-do-Sementes-da-Terra-Cleonice-do-CDDH-Petropolis-e-Thaysa-Santos-do-Terra-Afetiva-participa-scaled.jpg 2560w, https:\/\/rioonwatch.org.br\/wp-content\/uploads\/2025\/10\/Da-esquerda-para-a-direita-Claudia-Queiroga-Doces-Lembrancas-Carmel-do-Sementes-da-Terra-Cleonice-do-CDDH-Petropolis-e-Thaysa-Santos-do-Terra-Afetiva-participa-620x414.jpg 620w, https:\/\/rioonwatch.org.br\/wp-content\/uploads\/2025\/10\/Da-esquerda-para-a-direita-Claudia-Queiroga-Doces-Lembrancas-Carmel-do-Sementes-da-Terra-Cleonice-do-CDDH-Petropolis-e-Thaysa-Santos-do-Terra-Afetiva-participa-768x513.jpg 768w, https:\/\/rioonwatch.org.br\/wp-content\/uploads\/2025\/10\/Da-esquerda-para-a-direita-Claudia-Queiroga-Doces-Lembrancas-Carmel-do-Sementes-da-Terra-Cleonice-do-CDDH-Petropolis-e-Thaysa-Santos-do-Terra-Afetiva-participa-1536x1025.jpg 1536w, https:\/\/rioonwatch.org.br\/wp-content\/uploads\/2025\/10\/Da-esquerda-para-a-direita-Claudia-Queiroga-Doces-Lembrancas-Carmel-do-Sementes-da-Terra-Cleonice-do-CDDH-Petropolis-e-Thaysa-Santos-do-Terra-Afetiva-participa-2048x1367.jpg 2048w\" sizes=\"(max-width: 2560px) 100vw, 2560px\" \/><\/a><figcaption id=\"caption-attachment-79794\" class=\"wp-caption-text\">Da esquerda para a direita, Claudia Queiroga, do Doces Lembran\u00e7as; Carmel Puri, do Sementes da Terra; Cleonice Fernandes, do CDDH Petr\u00f3polis; e Thaysa Santos, do Terra Afetiva, participam da leitura de trechos da Carta Cop 30 das favelas durante a coletiva de imprensa. Foto: B\u00e1rbara Dias<\/figcaption><\/figure>\n<blockquote><p><span style=\"font-weight: 400;\">&#8220;N<\/span>enhuma decis\u00e3o que afete o clima deve ser tomada sem que os maiores impactados\u2014e suas solu\u00e7\u00f5es\u2014estejam presentes no processo decis\u00f3rio. Nossa crise clim\u00e1tica foi produzida pelo mesmo sistema dominador, centralizado, hier\u00e1rquico e verticalizado que hoje governa as tomadas de decis\u00e3o sobre o clima. No entanto, a solu\u00e7\u00e3o para essa crise precisa envolver a todos. Todos n\u00f3s fazemos parte da solu\u00e7\u00e3o deste novo momento que o mundo enfrenta. Cobramos dos tomadores de decis\u00e3o, justi\u00e7a clim\u00e1tica e econ\u00f4mica, frente aos reais impactos das mudan\u00e7as clim\u00e1ticas em nossas comunidades. Nada que nos impacta deve ser decidido sem n\u00f3s! N\u00e3o existe futuro sem que as popula\u00e7\u00f5es historicamente marginalizadas estejam no centro das decis\u00f5es clim\u00e1ticas globais.<span style=\"font-weight: 400;\">\u201d \u2014<\/span><span style=\"font-weight: 400;\"> Giovane Vieira<\/span><\/p><\/blockquote>\n<p><span style=\"font-weight: 400;\">O 2\u00b0 Festival Favela Sustent\u00e1vel reafirmou o seu papel de reunir solu\u00e7\u00f5es socioambientais inovadoras e fortalecer o protagonismo das favelas. Em especial, nessa edi\u00e7\u00e3o, com o lan\u00e7amento da <a href=\"https:\/\/bit.ly\/CartaCOPAssinada\">Carta COP30 das Favelas<\/a>, esse manifesto que defende a centralidade das favelas, comunidades tradicionais e marginalizadas nas decis\u00f5es globais sobre o clima, coloca em definitivo a Rede Favela Sustent\u00e1vel como um espa\u00e7o de articula\u00e7\u00e3o e incid\u00eancia pol\u00edtica, evidenciando que grandes solu\u00e7\u00f5es para a crise clim\u00e1tica nascem nas favelas.\u00a0<\/span><\/p>\n<h4>Guarde a data! A Rede Favela Sustent\u00e1vel j\u00e1 confirmou que o 3\u00ba Festival Favela Sustent\u00e1vel ser\u00e1 no dia 17 de outubro de 2026. Ser\u00e1 ainda mais imperd\u00edvel! J\u00e1 marque na agenda!<\/h4>\n<p><em><span style=\"font-weight: 400;\">Al\u00e9m desta cobertura oficial do 2\u00ba Festival Favela Sustent\u00e1vel, publicamos tamb\u00e9m duas coberturas complementares, uma <a href=\"https:\/\/rioonwatch.org.br\/?p=80000\">sobre atividades de soberania alimentar<\/a> e outra <a href=\"https:\/\/rioonwatch.org.br\/?p=80070\">sobre atividades de educa\u00e7\u00e3o ambiental<\/a>.<\/span><\/em><\/p>\n<h3>Veja o \u00c1lbum Oficial do 2\u00ba Festival Favela Sustent\u00e1vel <a href=\"https:\/\/bit.ly\/FFS2Fotos\" target=\"_blank\" rel=\"noopener\">no Flickr<\/a>:<\/h3>\n<p><a title=\"2\u00b0 Festival Favela Sustent\u00e1vel, 18 de outubro de 2025\" href=\"https:\/\/www.flickr.com\/photos\/catcomm\/albums\/72177720329824583\" data-flickr-embed=\"true\"><img loading=\"lazy\" decoding=\"async\" src=\"https:\/\/live.staticflickr.com\/65535\/54870760624_d792ec8093_h.jpg\" alt=\"2\u00b0 Festival Favela Sustent\u00e1vel, 18 de outubro de 2025\" width=\"1030\" height=\"563\" \/><\/a><script async src=\"\/\/embedr.flickr.com\/assets\/client-code.js\" charset=\"utf-8\"><\/script><\/p>\n<p><em>*O 2<i>\u00ba Festival Favela Sustent\u00e1vel: Favela no Centro das Solu\u00e7\u00f5es Clim\u00e1ticas\u00a0<\/i>\u00e9 realizado pela\u00a0<a href=\"https:\/\/www.favelasustentavel.org\/\" rel=\"noopener\">Rede Favela Sustent\u00e1vel<\/a>\u00a0com o apoio do\u00a0<a href=\"https:\/\/www.rearc.institute\/\" rel=\"noopener\">re:arc institute<\/a>\u00a0e a parceria da\u00a0<a href=\"https:\/\/fundicaoprogresso.com.br\/\" rel=\"noopener\">Fundi\u00e7\u00e3o Progresso<\/a>\u00a0e\u00a0<a href=\"https:\/\/cedae.com.br\/\" rel=\"noopener\">CEDAE<\/a>. O evento de 2025 tamb\u00e9m fez parte de tr\u00eas outras agendas essenciais pr\u00e9-COP na cidade do Rio de Janeiro: a <a href=\"http:\/\/viradasustentavel.org.br\/rio-de-janeiro\/\" rel=\"noopener\">Virada Sustent\u00e1vel RJ<\/a>, a\u00a0<a href=\"http:\/\/sengerj.org.br\/semana-da-alimentacao-carioca-2025-de-11-a-18-10-o-rio-em-defesa-de-comida-boa-e-futuro-melhor\" rel=\"noopener\">15a Semana de Agricultura Carioca<\/a>\u00a0e o\u00a0<a href=\"http:\/\/www.inscricoes.circuitourbano.org\/conteudo\/view?ID_CONTEUDO=1372\" rel=\"noopener\">Outubro Urbano<\/a> da ONU Habitat. A Rede Favela Sustent\u00e1vel (RFS), o Termo Territorial Coletivo (TTC) e o RioOnWatch s\u00e3o iniciativas gerenciadas pela organiza\u00e7\u00e3o sem fins lucrativos, Comunidades Catalisadoras (ComCat).<\/em><\/p>\n<p><em>Sobre a autora:\u00a0<a href=\"https:\/\/bit.ly\/3Gc3OJU\" target=\"_blank\" rel=\"noopener\">B\u00e1rbara Dias<\/a>, cria de Bangu, possui licenciatura em Ci\u00eancias Biol\u00f3gicas, mestrado em Educa\u00e7\u00e3o Ambiental e atua como professora da rede p\u00fablica desde 2006. \u00c9 fotojornalista e trabalha tamb\u00e9m com fotografia documental. \u00c9 comunicadora popular formada pelo N\u00facleo Piratininga de Comunica\u00e7\u00e3o (<a href=\"https:\/\/bit.ly\/3i2GcdN\" target=\"_blank\" rel=\"noopener\">NPC<\/a>) e co-fundadora do\u00a0<a href=\"https:\/\/bit.ly\/3vfY8bj\" target=\"_blank\" rel=\"noopener\">Coletivo Fotoguerrilha<\/a>.<\/em><\/p>\n<hr \/>\n<h4><b data-stringify-type=\"bold\">Apoie nossos esfor\u00e7os para fornecer apoio estrat\u00e9gico \u00e0s favelas do Rio, incluindo o jornalismo hiperlocal, cr\u00edtico, inovador e incans\u00e1vel do\u00a0<\/b><b data-stringify-type=\"bold\"><i data-stringify-type=\"italic\">RioOnWatch<\/i><\/b>\u2014<a class=\"c-link\" href=\"http:\/\/www.bit.ly\/ApoieROW\" target=\"_blank\" rel=\"noopener noreferrer\" data-stringify-link=\"http:\/\/www.bit.ly\/ApoieROW\" data-sk=\"tooltip_parent\">doe aqui<\/a>.<\/h4>\n<!-- AddThis Advanced Settings generic via filter on the_content --><!-- AddThis Share Buttons generic via filter on the_content -->","protected":false},"excerpt":{"rendered":"<div class=\"mh-excerpt\"><p>\ufeff\ufeff Click Here for English Reunindo 1300 pessoas no s\u00e1bado, 18 de outubro, na Fundi\u00e7\u00e3o Progresso, Lapa, Centro do Rio de Janeiro, o 2\u00ba Festival Favela Sustent\u00e1vel trouxe 140 atividades em uma grande troca de <a class=\"mh-excerpt-more\" href=\"https:\/\/rioonwatch.org.br\/?p=79764\" title=\"2\u00ba Festival Favela Sustent\u00e1vel &#8216;Favelas no Centro das Solu\u00e7\u00f5es Clim\u00e1ticas&#8217; Junta 1300 Pessoas e Lan\u00e7a Carta COP30 das Favelas: \u2018Nada Que Nos Impacta Deve Ser Decidido Sem N\u00f3s\u2019\">[&#8230;]<\/a><!-- AddThis Advanced Settings generic via filter on get_the_excerpt --><!-- AddThis Share Buttons generic via filter on get_the_excerpt --><\/p>\n<\/div>","protected":false},"author":167,"featured_media":80048,"comment_status":"closed","ping_status":"closed","sticky":false,"template":"template-full.php","format":"standard","meta":{"_acf_changed":false,"_monsterinsights_skip_tracking":false,"_monsterinsights_sitenote_active":false,"_monsterinsights_sitenote_note":"","_monsterinsights_sitenote_category":0,"footnotes":""},"categories":[1621,1627,1615,1632,1625,1633,3170,1616,1612,342,1639,1638],"tags":[3599,959,3602,3605,620,259,3603,3607,513,2196,363,922,1146,2026,3598,2968,1372,3112,2557,1578,3601,1151,1304,1106,1206,2040,3604,3606,3600,361,2901,231,294,2797,1347,476,3409,218,184,383],"writer":[3244],"translator":[],"source":[],"ilustrador":[],"fotografo":[3338,3184,3597],"class_list":{"0":"post-79764","1":"post","2":"type-post","3":"status-publish","4":"format-standard","5":"has-post-thumbnail","7":"category-destaque","8":"category-relato-de-evento","9":"category-cultura-da-favela","10":"category-pesquisa-e-analise","11":"category-por-correspondentes-comunitarios","12":"category-foto-reportagens","13":"category-justica-climatica","14":"category-qualidades-da-favela","15":"category-sociedade-civil","16":"category-solucoes","17":"category-sustentabilidade","18":"category-video","19":"tag-ascurra","20":"tag-baixada-fluminense","21":"tag-campos-eliseos-caxias","22":"tag-casa-branca","23":"tag-cedae","24":"tag-centro","25":"tag-complexo-da-coruja-sao-goncalo","26":"tag-covanca-sao-goncalo","27":"tag-cultura-afro-brasileira","28":"tag-economia-solidaria","29":"tag-educacao-ambiental","30":"tag-evento","31":"tag-exposicao","32":"tag-favela-e-solucao","33":"tag-furquim-mendes","34":"tag-grande-encontro-rfs","35":"tag-grande-rio","36":"tag-justica-climatica","37":"tag-lapa","38":"tag-leste-fluminense","39":"tag-marechal-hermes","40":"tag-organizacao","41":"tag-organizacao-criativa","42":"tag-museu-da-mare","43":"tag-museu-da-rocinha-sankofa","44":"tag-museu-das-remocoes","45":"tag-nova-campinas-caxias","46":"tag-parada-sao-jorge-sao-goncalo","47":"tag-piedade","48":"tag-reciclagem","49":"tag-rfs","50":"tag-sao-goncalo","51":"tag-saude","52":"tag-soberania-alimentar","53":"tag-solucao","54":"tag-solucao-comunitaria","55":"tag-solucoes-baseadas-na-natureza","56":"tag-zona-norte","57":"tag-zona-oeste","58":"tag-zona-sul","59":"writer-barbara-dias","60":"fotografo-amanda-baroni-lopes","61":"fotografo-barbara-dias","62":"fotografo-felipe-carneiro"},"acf":[],"yoast_head":"<!-- This site is optimized with the Yoast SEO plugin v25.6 - https:\/\/yoast.com\/wordpress\/plugins\/seo\/ -->\n<title>2\u00ba Festival Favela Sustent\u00e1vel &#039;Favelas no Centro das Solu\u00e7\u00f5es Clim\u00e1ticas&#039; Junta 1300 Pessoas e Lan\u00e7a Carta COP30 das Favelas: \u2018Nada Que Nos Impacta Deve Ser Decidido Sem N\u00f3s\u2019 - RioOnWatch<\/title>\n<meta name=\"robots\" content=\"index, follow, max-snippet:-1, max-image-preview:large, max-video-preview:-1\" \/>\n<link rel=\"canonical\" href=\"https:\/\/rioonwatch.org.br\/?p=79764\" \/>\n<meta property=\"og:locale\" content=\"pt_BR\" \/>\n<meta property=\"og:type\" content=\"article\" \/>\n<meta property=\"og:title\" content=\"2\u00ba Festival Favela Sustent\u00e1vel &#039;Favelas no Centro das Solu\u00e7\u00f5es Clim\u00e1ticas&#039; Junta 1300 Pessoas e Lan\u00e7a Carta COP30 das Favelas: \u2018Nada Que Nos Impacta Deve Ser Decidido Sem N\u00f3s\u2019 - RioOnWatch\" \/>\n<meta property=\"og:description\" content=\"\ufeff\ufeff Click Here for English Reunindo 1300 pessoas no s\u00e1bado, 18 de outubro, na Fundi\u00e7\u00e3o Progresso, Lapa, Centro do Rio de Janeiro, o 2\u00ba Festival Favela Sustent\u00e1vel trouxe 140 atividades em uma grande troca de [...]\" \/>\n<meta property=\"og:url\" content=\"https:\/\/rioonwatch.org.br\/?p=79764\" \/>\n<meta property=\"og:site_name\" content=\"RioOnWatch\" \/>\n<meta property=\"article:published_time\" content=\"2025-11-05T19:25:23+00:00\" \/>\n<meta property=\"article:modified_time\" content=\"2025-11-25T15:26:45+00:00\" \/>\n<meta property=\"og:image\" content=\"https:\/\/rioonwatch.org.br\/wp-content\/uploads\/2025\/11\/FFS2-Video-Final-Capa-2560x1400-1.png\" \/>\n\t<meta property=\"og:image:width\" content=\"2000\" \/>\n\t<meta property=\"og:image:height\" content=\"1125\" \/>\n\t<meta property=\"og:image:type\" content=\"image\/png\" \/>\n<meta name=\"author\" content=\"Julio Santos Filho\" \/>\n<meta name=\"twitter:card\" content=\"summary_large_image\" \/>\n<meta name=\"twitter:label1\" content=\"Escrito por\" \/>\n\t<meta name=\"twitter:data1\" content=\"Julio Santos Filho\" \/>\n\t<meta name=\"twitter:label2\" content=\"Est. tempo de leitura\" \/>\n\t<meta name=\"twitter:data2\" content=\"20 minutos\" \/>\n<script type=\"application\/ld+json\" class=\"yoast-schema-graph\">{\"@context\":\"https:\/\/schema.org\",\"@graph\":[{\"@type\":\"Article\",\"@id\":\"https:\/\/rioonwatch.org.br\/?p=79764#article\",\"isPartOf\":{\"@id\":\"https:\/\/rioonwatch.org.br\/?p=79764\"},\"author\":{\"name\":\"Julio Santos Filho\",\"@id\":\"https:\/\/rioonwatch.org.br\/#\/schema\/person\/476bc75767957d3535b65b796667cd36\"},\"headline\":\"2\u00ba Festival Favela Sustent\u00e1vel &#8216;Favelas no Centro das Solu\u00e7\u00f5es Clim\u00e1ticas&#8217; Junta 1300 Pessoas e Lan\u00e7a Carta COP30 das Favelas: \u2018Nada Que Nos Impacta Deve Ser Decidido Sem N\u00f3s\u2019\",\"datePublished\":\"2025-11-05T19:25:23+00:00\",\"dateModified\":\"2025-11-25T15:26:45+00:00\",\"mainEntityOfPage\":{\"@id\":\"https:\/\/rioonwatch.org.br\/?p=79764\"},\"wordCount\":4444,\"publisher\":{\"@id\":\"https:\/\/rioonwatch.org.br\/#organization\"},\"image\":{\"@id\":\"https:\/\/rioonwatch.org.br\/?p=79764#primaryimage\"},\"thumbnailUrl\":\"https:\/\/rioonwatch.org.br\/wp-content\/uploads\/2025\/11\/FFS2-Video-Final-Capa-2560x1400-1.png\",\"keywords\":[\"Ascurra\",\"Baixada Fluminense\",\"Campos El\u00edseos (Caxias)\",\"Casa Branca\",\"CEDAE\",\"Centro\",\"Complexo da Coruja (S\u00e3o Gon\u00e7alo)\",\"Covanca (S\u00e3o Gon\u00e7alo)\",\"Cultura Afro-brasileira\",\"economia solid\u00e1ria\",\"educa\u00e7\u00e3o ambiental\",\"evento\",\"exposi\u00e7\u00e3o\",\"Favela \u00e9 solu\u00e7\u00e3o\",\"Furquim Mendes\",\"Grande Encontro RFS\",\"Grande Rio\",\"Justi\u00e7a Clim\u00e1tica\",\"Lapa\",\"Leste Fluminense\",\"Marechal Hermes\",\"mobiliza\u00e7\u00e3o\",\"mobiliza\u00e7\u00e3o criativa\",\"Museu da Mar\u00e9\",\"Museu da Rocinha Sankofa\",\"Museu das Remo\u00e7\u00f5es\",\"Nova Campinas (Caxias)\",\"Parada S\u00e3o Jorge (S\u00e3o Gon\u00e7alo)\",\"Piedade\",\"reciclagem\",\"Rede Favela Sustent\u00e1vel\",\"S\u00e3o Gon\u00e7alo\",\"sa\u00fade\",\"soberania alimentar\",\"solu\u00e7\u00e3o\",\"solu\u00e7\u00e3o comunit\u00e1ria\",\"solu\u00e7\u00f5es baseadas na natureza\",\"Zona Norte\",\"Zona Oeste\",\"Zona Sul\"],\"articleSection\":[\"*Destaque\",\"Cobertura de Eventos\",\"Cultura da Favela\",\"Dados e Pesquisa\",\"Escrito por Comunicadores Populares\",\"Fotorreportagens\",\"Justi\u00e7a Clim\u00e1tica\",\"Qualidades da Favela\",\"Sociedade Civil\",\"Solu\u00e7\u00f5es\",\"Sustentabilidade\",\"V\u00eddeo\"],\"inLanguage\":\"pt-BR\"},{\"@type\":\"WebPage\",\"@id\":\"https:\/\/rioonwatch.org.br\/?p=79764\",\"url\":\"https:\/\/rioonwatch.org.br\/?p=79764\",\"name\":\"2\u00ba Festival Favela Sustent\u00e1vel 'Favelas no Centro das Solu\u00e7\u00f5es Clim\u00e1ticas' Junta 1300 Pessoas e Lan\u00e7a Carta COP30 das Favelas: \u2018Nada Que Nos Impacta Deve Ser Decidido Sem N\u00f3s\u2019 - RioOnWatch\",\"isPartOf\":{\"@id\":\"https:\/\/rioonwatch.org.br\/#website\"},\"primaryImageOfPage\":{\"@id\":\"https:\/\/rioonwatch.org.br\/?p=79764#primaryimage\"},\"image\":{\"@id\":\"https:\/\/rioonwatch.org.br\/?p=79764#primaryimage\"},\"thumbnailUrl\":\"https:\/\/rioonwatch.org.br\/wp-content\/uploads\/2025\/11\/FFS2-Video-Final-Capa-2560x1400-1.png\",\"datePublished\":\"2025-11-05T19:25:23+00:00\",\"dateModified\":\"2025-11-25T15:26:45+00:00\",\"breadcrumb\":{\"@id\":\"https:\/\/rioonwatch.org.br\/?p=79764#breadcrumb\"},\"inLanguage\":\"pt-BR\",\"potentialAction\":[{\"@type\":\"ReadAction\",\"target\":[\"https:\/\/rioonwatch.org.br\/?p=79764\"]}]},{\"@type\":\"ImageObject\",\"inLanguage\":\"pt-BR\",\"@id\":\"https:\/\/rioonwatch.org.br\/?p=79764#primaryimage\",\"url\":\"https:\/\/rioonwatch.org.br\/wp-content\/uploads\/2025\/11\/FFS2-Video-Final-Capa-2560x1400-1.png\",\"contentUrl\":\"https:\/\/rioonwatch.org.br\/wp-content\/uploads\/2025\/11\/FFS2-Video-Final-Capa-2560x1400-1.png\",\"width\":2000,\"height\":1125},{\"@type\":\"BreadcrumbList\",\"@id\":\"https:\/\/rioonwatch.org.br\/?p=79764#breadcrumb\",\"itemListElement\":[{\"@type\":\"ListItem\",\"position\":1,\"name\":\"In\u00edcio\",\"item\":\"https:\/\/rioonwatch.org.br\/\"},{\"@type\":\"ListItem\",\"position\":2,\"name\":\"2\u00ba Festival Favela Sustent\u00e1vel &#8216;Favelas no Centro das Solu\u00e7\u00f5es Clim\u00e1ticas&#8217; Junta 1300 Pessoas e Lan\u00e7a Carta COP30 das Favelas: \u2018Nada Que Nos Impacta Deve Ser Decidido Sem N\u00f3s\u2019\"}]},{\"@type\":\"WebSite\",\"@id\":\"https:\/\/rioonwatch.org.br\/#website\",\"url\":\"https:\/\/rioonwatch.org.br\/\",\"name\":\"RioOnWatch\",\"description\":\"relatos das favelas cariocas\",\"publisher\":{\"@id\":\"https:\/\/rioonwatch.org.br\/#organization\"},\"potentialAction\":[{\"@type\":\"SearchAction\",\"target\":{\"@type\":\"EntryPoint\",\"urlTemplate\":\"https:\/\/rioonwatch.org.br\/?s={search_term_string}\"},\"query-input\":{\"@type\":\"PropertyValueSpecification\",\"valueRequired\":true,\"valueName\":\"search_term_string\"}}],\"inLanguage\":\"pt-BR\"},{\"@type\":\"Organization\",\"@id\":\"https:\/\/rioonwatch.org.br\/#organization\",\"name\":\"RioOnWatch\",\"url\":\"https:\/\/rioonwatch.org.br\/\",\"logo\":{\"@type\":\"ImageObject\",\"inLanguage\":\"pt-BR\",\"@id\":\"https:\/\/rioonwatch.org.br\/#\/schema\/logo\/image\/\",\"url\":\"https:\/\/rioonwatch.org.br\/wp-content\/uploads\/2021\/06\/RioOnWatchcabecalhoPT11anos-2.png\",\"contentUrl\":\"https:\/\/rioonwatch.org.br\/wp-content\/uploads\/2021\/06\/RioOnWatchcabecalhoPT11anos-2.png\",\"width\":779,\"height\":277,\"caption\":\"RioOnWatch\"},\"image\":{\"@id\":\"https:\/\/rioonwatch.org.br\/#\/schema\/logo\/image\/\"}},{\"@type\":\"Person\",\"@id\":\"https:\/\/rioonwatch.org.br\/#\/schema\/person\/476bc75767957d3535b65b796667cd36\",\"name\":\"Julio Santos Filho\",\"image\":{\"@type\":\"ImageObject\",\"inLanguage\":\"pt-BR\",\"@id\":\"https:\/\/rioonwatch.org.br\/#\/schema\/person\/image\/\",\"url\":\"https:\/\/secure.gravatar.com\/avatar\/ca138f7666182a292a8ce4ca14fb81f8?s=96&d=blank&r=g\",\"contentUrl\":\"https:\/\/secure.gravatar.com\/avatar\/ca138f7666182a292a8ce4ca14fb81f8?s=96&d=blank&r=g\",\"caption\":\"Julio Santos Filho\"},\"url\":\"https:\/\/rioonwatch.org.br\/?author=167\"}]}<\/script>\n<!-- \/ Yoast SEO plugin. -->","yoast_head_json":{"title":"2\u00ba Festival Favela Sustent\u00e1vel 'Favelas no Centro das Solu\u00e7\u00f5es Clim\u00e1ticas' Junta 1300 Pessoas e Lan\u00e7a Carta COP30 das Favelas: \u2018Nada Que Nos Impacta Deve Ser Decidido Sem N\u00f3s\u2019 - RioOnWatch","robots":{"index":"index","follow":"follow","max-snippet":"max-snippet:-1","max-image-preview":"max-image-preview:large","max-video-preview":"max-video-preview:-1"},"canonical":"https:\/\/rioonwatch.org.br\/?p=79764","og_locale":"pt_BR","og_type":"article","og_title":"2\u00ba Festival Favela Sustent\u00e1vel 'Favelas no Centro das Solu\u00e7\u00f5es Clim\u00e1ticas' Junta 1300 Pessoas e Lan\u00e7a Carta COP30 das Favelas: \u2018Nada Que Nos Impacta Deve Ser Decidido Sem N\u00f3s\u2019 - RioOnWatch","og_description":"\ufeff\ufeff Click Here for English Reunindo 1300 pessoas no s\u00e1bado, 18 de outubro, na Fundi\u00e7\u00e3o Progresso, Lapa, Centro do Rio de Janeiro, o 2\u00ba Festival Favela Sustent\u00e1vel trouxe 140 atividades em uma grande troca de [...]","og_url":"https:\/\/rioonwatch.org.br\/?p=79764","og_site_name":"RioOnWatch","article_published_time":"2025-11-05T19:25:23+00:00","article_modified_time":"2025-11-25T15:26:45+00:00","og_image":[{"url":"https:\/\/rioonwatch.org.br\/wp-content\/uploads\/2025\/11\/FFS2-Video-Final-Capa-2560x1400-1.png","width":2000,"height":1125,"type":"image\/png"}],"author":"Julio Santos Filho","twitter_card":"summary_large_image","twitter_misc":{"Escrito por":"Julio Santos Filho","Est. tempo de leitura":"20 minutos"},"schema":{"@context":"https:\/\/schema.org","@graph":[{"@type":"Article","@id":"https:\/\/rioonwatch.org.br\/?p=79764#article","isPartOf":{"@id":"https:\/\/rioonwatch.org.br\/?p=79764"},"author":{"name":"Julio Santos Filho","@id":"https:\/\/rioonwatch.org.br\/#\/schema\/person\/476bc75767957d3535b65b796667cd36"},"headline":"2\u00ba Festival Favela Sustent\u00e1vel &#8216;Favelas no Centro das Solu\u00e7\u00f5es Clim\u00e1ticas&#8217; Junta 1300 Pessoas e Lan\u00e7a Carta COP30 das Favelas: \u2018Nada Que Nos Impacta Deve Ser Decidido Sem N\u00f3s\u2019","datePublished":"2025-11-05T19:25:23+00:00","dateModified":"2025-11-25T15:26:45+00:00","mainEntityOfPage":{"@id":"https:\/\/rioonwatch.org.br\/?p=79764"},"wordCount":4444,"publisher":{"@id":"https:\/\/rioonwatch.org.br\/#organization"},"image":{"@id":"https:\/\/rioonwatch.org.br\/?p=79764#primaryimage"},"thumbnailUrl":"https:\/\/rioonwatch.org.br\/wp-content\/uploads\/2025\/11\/FFS2-Video-Final-Capa-2560x1400-1.png","keywords":["Ascurra","Baixada Fluminense","Campos El\u00edseos (Caxias)","Casa Branca","CEDAE","Centro","Complexo da Coruja (S\u00e3o Gon\u00e7alo)","Covanca (S\u00e3o Gon\u00e7alo)","Cultura Afro-brasileira","economia solid\u00e1ria","educa\u00e7\u00e3o ambiental","evento","exposi\u00e7\u00e3o","Favela \u00e9 solu\u00e7\u00e3o","Furquim Mendes","Grande Encontro RFS","Grande Rio","Justi\u00e7a Clim\u00e1tica","Lapa","Leste Fluminense","Marechal Hermes","mobiliza\u00e7\u00e3o","mobiliza\u00e7\u00e3o criativa","Museu da Mar\u00e9","Museu da Rocinha Sankofa","Museu das Remo\u00e7\u00f5es","Nova Campinas (Caxias)","Parada S\u00e3o Jorge (S\u00e3o Gon\u00e7alo)","Piedade","reciclagem","Rede Favela Sustent\u00e1vel","S\u00e3o Gon\u00e7alo","sa\u00fade","soberania alimentar","solu\u00e7\u00e3o","solu\u00e7\u00e3o comunit\u00e1ria","solu\u00e7\u00f5es baseadas na natureza","Zona Norte","Zona Oeste","Zona Sul"],"articleSection":["*Destaque","Cobertura de Eventos","Cultura da Favela","Dados e Pesquisa","Escrito por Comunicadores Populares","Fotorreportagens","Justi\u00e7a Clim\u00e1tica","Qualidades da Favela","Sociedade Civil","Solu\u00e7\u00f5es","Sustentabilidade","V\u00eddeo"],"inLanguage":"pt-BR"},{"@type":"WebPage","@id":"https:\/\/rioonwatch.org.br\/?p=79764","url":"https:\/\/rioonwatch.org.br\/?p=79764","name":"2\u00ba Festival Favela Sustent\u00e1vel 'Favelas no Centro das Solu\u00e7\u00f5es Clim\u00e1ticas' Junta 1300 Pessoas e Lan\u00e7a Carta COP30 das Favelas: \u2018Nada Que Nos Impacta Deve Ser Decidido Sem N\u00f3s\u2019 - RioOnWatch","isPartOf":{"@id":"https:\/\/rioonwatch.org.br\/#website"},"primaryImageOfPage":{"@id":"https:\/\/rioonwatch.org.br\/?p=79764#primaryimage"},"image":{"@id":"https:\/\/rioonwatch.org.br\/?p=79764#primaryimage"},"thumbnailUrl":"https:\/\/rioonwatch.org.br\/wp-content\/uploads\/2025\/11\/FFS2-Video-Final-Capa-2560x1400-1.png","datePublished":"2025-11-05T19:25:23+00:00","dateModified":"2025-11-25T15:26:45+00:00","breadcrumb":{"@id":"https:\/\/rioonwatch.org.br\/?p=79764#breadcrumb"},"inLanguage":"pt-BR","potentialAction":[{"@type":"ReadAction","target":["https:\/\/rioonwatch.org.br\/?p=79764"]}]},{"@type":"ImageObject","inLanguage":"pt-BR","@id":"https:\/\/rioonwatch.org.br\/?p=79764#primaryimage","url":"https:\/\/rioonwatch.org.br\/wp-content\/uploads\/2025\/11\/FFS2-Video-Final-Capa-2560x1400-1.png","contentUrl":"https:\/\/rioonwatch.org.br\/wp-content\/uploads\/2025\/11\/FFS2-Video-Final-Capa-2560x1400-1.png","width":2000,"height":1125},{"@type":"BreadcrumbList","@id":"https:\/\/rioonwatch.org.br\/?p=79764#breadcrumb","itemListElement":[{"@type":"ListItem","position":1,"name":"In\u00edcio","item":"https:\/\/rioonwatch.org.br\/"},{"@type":"ListItem","position":2,"name":"2\u00ba Festival Favela Sustent\u00e1vel &#8216;Favelas no Centro das Solu\u00e7\u00f5es Clim\u00e1ticas&#8217; Junta 1300 Pessoas e Lan\u00e7a Carta COP30 das Favelas: \u2018Nada Que Nos Impacta Deve Ser Decidido Sem N\u00f3s\u2019"}]},{"@type":"WebSite","@id":"https:\/\/rioonwatch.org.br\/#website","url":"https:\/\/rioonwatch.org.br\/","name":"RioOnWatch","description":"relatos das favelas cariocas","publisher":{"@id":"https:\/\/rioonwatch.org.br\/#organization"},"potentialAction":[{"@type":"SearchAction","target":{"@type":"EntryPoint","urlTemplate":"https:\/\/rioonwatch.org.br\/?s={search_term_string}"},"query-input":{"@type":"PropertyValueSpecification","valueRequired":true,"valueName":"search_term_string"}}],"inLanguage":"pt-BR"},{"@type":"Organization","@id":"https:\/\/rioonwatch.org.br\/#organization","name":"RioOnWatch","url":"https:\/\/rioonwatch.org.br\/","logo":{"@type":"ImageObject","inLanguage":"pt-BR","@id":"https:\/\/rioonwatch.org.br\/#\/schema\/logo\/image\/","url":"https:\/\/rioonwatch.org.br\/wp-content\/uploads\/2021\/06\/RioOnWatchcabecalhoPT11anos-2.png","contentUrl":"https:\/\/rioonwatch.org.br\/wp-content\/uploads\/2021\/06\/RioOnWatchcabecalhoPT11anos-2.png","width":779,"height":277,"caption":"RioOnWatch"},"image":{"@id":"https:\/\/rioonwatch.org.br\/#\/schema\/logo\/image\/"}},{"@type":"Person","@id":"https:\/\/rioonwatch.org.br\/#\/schema\/person\/476bc75767957d3535b65b796667cd36","name":"Julio Santos Filho","image":{"@type":"ImageObject","inLanguage":"pt-BR","@id":"https:\/\/rioonwatch.org.br\/#\/schema\/person\/image\/","url":"https:\/\/secure.gravatar.com\/avatar\/ca138f7666182a292a8ce4ca14fb81f8?s=96&d=blank&r=g","contentUrl":"https:\/\/secure.gravatar.com\/avatar\/ca138f7666182a292a8ce4ca14fb81f8?s=96&d=blank&r=g","caption":"Julio Santos Filho"},"url":"https:\/\/rioonwatch.org.br\/?author=167"}]}},"_links":{"self":[{"href":"https:\/\/rioonwatch.org.br\/index.php?rest_route=\/wp\/v2\/posts\/79764"}],"collection":[{"href":"https:\/\/rioonwatch.org.br\/index.php?rest_route=\/wp\/v2\/posts"}],"about":[{"href":"https:\/\/rioonwatch.org.br\/index.php?rest_route=\/wp\/v2\/types\/post"}],"author":[{"embeddable":true,"href":"https:\/\/rioonwatch.org.br\/index.php?rest_route=\/wp\/v2\/users\/167"}],"replies":[{"embeddable":true,"href":"https:\/\/rioonwatch.org.br\/index.php?rest_route=%2Fwp%2Fv2%2Fcomments&post=79764"}],"version-history":[{"count":73,"href":"https:\/\/rioonwatch.org.br\/index.php?rest_route=\/wp\/v2\/posts\/79764\/revisions"}],"predecessor-version":[{"id":80366,"href":"https:\/\/rioonwatch.org.br\/index.php?rest_route=\/wp\/v2\/posts\/79764\/revisions\/80366"}],"wp:featuredmedia":[{"embeddable":true,"href":"https:\/\/rioonwatch.org.br\/index.php?rest_route=\/wp\/v2\/media\/80048"}],"wp:attachment":[{"href":"https:\/\/rioonwatch.org.br\/index.php?rest_route=%2Fwp%2Fv2%2Fmedia&parent=79764"}],"wp:term":[{"taxonomy":"category","embeddable":true,"href":"https:\/\/rioonwatch.org.br\/index.php?rest_route=%2Fwp%2Fv2%2Fcategories&post=79764"},{"taxonomy":"post_tag","embeddable":true,"href":"https:\/\/rioonwatch.org.br\/index.php?rest_route=%2Fwp%2Fv2%2Ftags&post=79764"},{"taxonomy":"writer","embeddable":true,"href":"https:\/\/rioonwatch.org.br\/index.php?rest_route=%2Fwp%2Fv2%2Fwriter&post=79764"},{"taxonomy":"translator","embeddable":true,"href":"https:\/\/rioonwatch.org.br\/index.php?rest_route=%2Fwp%2Fv2%2Ftranslator&post=79764"},{"taxonomy":"source","embeddable":true,"href":"https:\/\/rioonwatch.org.br\/index.php?rest_route=%2Fwp%2Fv2%2Fsource&post=79764"},{"taxonomy":"ilustrador","embeddable":true,"href":"https:\/\/rioonwatch.org.br\/index.php?rest_route=%2Fwp%2Fv2%2Filustrador&post=79764"},{"taxonomy":"fotografo","embeddable":true,"href":"https:\/\/rioonwatch.org.br\/index.php?rest_route=%2Fwp%2Fv2%2Ffotografo&post=79764"}],"curies":[{"name":"wp","href":"https:\/\/api.w.org\/{rel}","templated":true}]}}