{"id":79771,"date":"2025-10-31T14:19:59","date_gmt":"2025-10-31T17:19:59","guid":{"rendered":"https:\/\/rioonwatch.org.br\/?p=79771"},"modified":"2025-11-14T11:34:01","modified_gmt":"2025-11-14T14:34:01","slug":"o-horto-ficou-resistindo-a-remocao-por-40-anos-comunidade-bicentenaria-do-horto-conquista-permanencia-no-territorio","status":"publish","type":"post","link":"https:\/\/rioonwatch.org.br\/?p=79771","title":{"rendered":"&#8216;O Horto Ficou!&#8217; Resistindo \u00e0 Remo\u00e7\u00e3o Por 40 Anos, Comunidade Bicenten\u00e1ria do Horto Conquista Perman\u00eancia no Territ\u00f3rio"},"content":{"rendered":"<figure id=\"attachment_79782\" aria-describedby=\"caption-attachment-79782\" style=\"width: 2048px\" class=\"wp-caption aligncenter\"><a href=\"https:\/\/rioonwatch.org.br\/wp-content\/uploads\/2025\/10\/Apos-quarenta-anos-de-luta-resistencia-e-protestos-por-seu-direito-a-moradia-comunidade-do-Horto-conquista-acordo-historico.-Foto-ComCat.jpg\"><img fetchpriority=\"high\" decoding=\"async\" class=\"wp-image-79782 size-full\" title=\"Ap\u00f3s quarenta anos de luta, resist\u00eancia e protestos por seu direito \u00e0 moradia, a comunidade do Horto conquista acordo hist\u00f3rico. Foto: ComCat\" src=\"https:\/\/rioonwatch.org.br\/wp-content\/uploads\/2025\/10\/Apos-quarenta-anos-de-luta-resistencia-e-protestos-por-seu-direito-a-moradia-comunidade-do-Horto-conquista-acordo-historico.-Foto-ComCat.jpg\" alt=\"Ap\u00f3s quarenta anos de luta, resist\u00eancia e protestos por seu direito \u00e0 moradia, a comunidade do Horto conquista acordo hist\u00f3rico. Foto: ComCat\" width=\"2048\" height=\"1359\" srcset=\"https:\/\/rioonwatch.org.br\/wp-content\/uploads\/2025\/10\/Apos-quarenta-anos-de-luta-resistencia-e-protestos-por-seu-direito-a-moradia-comunidade-do-Horto-conquista-acordo-historico.-Foto-ComCat.jpg 2048w, https:\/\/rioonwatch.org.br\/wp-content\/uploads\/2025\/10\/Apos-quarenta-anos-de-luta-resistencia-e-protestos-por-seu-direito-a-moradia-comunidade-do-Horto-conquista-acordo-historico.-Foto-ComCat-620x411.jpg 620w, https:\/\/rioonwatch.org.br\/wp-content\/uploads\/2025\/10\/Apos-quarenta-anos-de-luta-resistencia-e-protestos-por-seu-direito-a-moradia-comunidade-do-Horto-conquista-acordo-historico.-Foto-ComCat-768x510.jpg 768w, https:\/\/rioonwatch.org.br\/wp-content\/uploads\/2025\/10\/Apos-quarenta-anos-de-luta-resistencia-e-protestos-por-seu-direito-a-moradia-comunidade-do-Horto-conquista-acordo-historico.-Foto-ComCat-1536x1019.jpg 1536w\" sizes=\"(max-width: 2048px) 100vw, 2048px\" \/><\/a><figcaption id=\"caption-attachment-79782\" class=\"wp-caption-text\">Ap\u00f3s quarenta anos de luta, resist\u00eancia e protestos por seu direito \u00e0 moradia, a comunidade do Horto conquista acordo hist\u00f3rico. Foto: ComCat<\/figcaption><\/figure>\n<p style=\"text-align: right;\"><a href=\"https:\/\/bit.ly\/4qO7cjt\" target=\"_blank\" rel=\"noopener\"><em><strong>Click Here for English<\/strong><\/em><img decoding=\"async\" class=\"alignright wp-image-15790\" src=\"https:\/\/rioonwatch.org.br\/wp-content\/uploads\/2012\/08\/EN-standard-e1439583104716.jpg\" alt=\"\" width=\"20\" height=\"20\" \/><\/a><\/p>\n<p><span style=\"font-weight: 400;\">O 13 de outubro de 2025 vai ficar marcado na hist\u00f3ria da <a href=\"https:\/\/bit.ly\/333gbDy\" target=\"_blank\" rel=\"noopener\">Comunidade do Horto<\/a>, <a href=\"https:\/\/bit.ly\/3ilwr9T\" target=\"_blank\" rel=\"noopener\">Zona Sul<\/a> do Rio de Janeiro. Neste dia, a comunidade assinou <\/span><a href=\"https:\/\/bit.ly\/4oGUaCv\" target=\"_blank\" rel=\"noopener\"><span style=\"font-weight: 400;\">um acordo hist\u00f3rico<\/span><\/a><span style=\"font-weight: 400;\"> que p\u00f5e fim \u00e0 <a href=\"https:\/\/bit.ly\/4lOlv3Q\" target=\"_blank\" rel=\"noopener\">amea\u00e7a de remo\u00e7\u00e3o<\/a>, que assombrava os moradores h\u00e1 quatro d\u00e9cadas. <\/span><span style=\"font-weight: 400;\">Em um momento de celebra\u00e7\u00e3o coletiva, o sentimento de vit\u00f3ria ap\u00f3s tantos anos de luta se confirmou pelo canto entoado: o famoso grito de guerra \u201cO Horto fica!\u201d se transformou em \u201cO Horto ficou!\u201d<\/span><\/p>\n<p><span style=\"font-weight: 400;\">O presidente da Associa\u00e7\u00e3o de Moradores e Amigos do Horto (<a href=\"https:\/\/bit.ly\/49p5rmo\" target=\"_blank\" rel=\"noopener\">AMAHOR<\/a>), F\u00e1bio Dutra, resume a assinatura do acordo em tr\u00eas sentimentos: cansa\u00e7o, orgulho e al\u00edvio. Para ele, o acordo representa um divisor de \u00e1guas na luta da comunidade pelo <a href=\"https:\/\/bit.ly\/44uJZXg\" target=\"_blank\" rel=\"noopener\">direito \u00e0 moradia<\/a>.<\/span><\/p>\n<blockquote><p><span style=\"font-weight: 400;\">\u201cA gente tirou uma espada da cabe\u00e7a&#8230; Entramos em uma batalha em condi\u00e7\u00f5es desfavor\u00e1veis e estamos saindo em condi\u00e7\u00f5es favor\u00e1veis. Hoje, temos nosso direito reconhecido pelo pr\u00f3prio Jardim Bot\u00e2nico.\u201d \u2014 F\u00e1bio Dutra<\/span><\/p><\/blockquote>\n<figure id=\"attachment_79784\" aria-describedby=\"caption-attachment-79784\" style=\"width: 500px\" class=\"wp-caption alignright\"><a href=\"https:\/\/rioonwatch.org.br\/wp-content\/uploads\/2025\/10\/Junto-a-orgaos-e-instituicoes-publicas-representantes-da-Associacao-de-Moradores-do-Horto-celebram-acordo-que-viabiliza-permanencia-da-comunidade.-Foto-Marcelo-PiuPrefeitura-do-Rio.jpeg\"><img decoding=\"async\" class=\"wp-image-79784\" title=\"Junto a \u00f3rg\u00e3os e institui\u00e7\u00f5es p\u00fablicas, representantes da Associa\u00e7\u00e3o de Moradores do Horto celebram acordo que viabiliza a perman\u00eancia da comunidade. Foto: Marcelo Piu\/Prefeitura do Rio\" src=\"https:\/\/rioonwatch.org.br\/wp-content\/uploads\/2025\/10\/Junto-a-orgaos-e-instituicoes-publicas-representantes-da-Associacao-de-Moradores-do-Horto-celebram-acordo-que-viabiliza-permanencia-da-comunidade.-Foto-Marcelo-PiuPrefeitura-do-Rio.jpeg\" alt=\"Junto a \u00f3rg\u00e3os e institui\u00e7\u00f5es p\u00fablicas, representantes da Associa\u00e7\u00e3o de Moradores do Horto celebram acordo que viabiliza perman\u00eancia da comunidade. Foto: Marcelo Piu\/Prefeitura do Rio\" width=\"500\" height=\"217\" srcset=\"https:\/\/rioonwatch.org.br\/wp-content\/uploads\/2025\/10\/Junto-a-orgaos-e-instituicoes-publicas-representantes-da-Associacao-de-Moradores-do-Horto-celebram-acordo-que-viabiliza-permanencia-da-comunidade.-Foto-Marcelo-PiuPrefeitura-do-Rio.jpeg 768w, https:\/\/rioonwatch.org.br\/wp-content\/uploads\/2025\/10\/Junto-a-orgaos-e-instituicoes-publicas-representantes-da-Associacao-de-Moradores-do-Horto-celebram-acordo-que-viabiliza-permanencia-da-comunidade.-Foto-Marcelo-PiuPrefeitura-do-Rio-620x269.jpeg 620w\" sizes=\"(max-width: 500px) 100vw, 500px\" \/><\/a><figcaption id=\"caption-attachment-79784\" class=\"wp-caption-text\">Junto a \u00f3rg\u00e3os e institui\u00e7\u00f5es p\u00fablicas, representantes da Associa\u00e7\u00e3o de Moradores do Horto celebram acordo que viabiliza a perman\u00eancia da comunidade. Foto: Marcelo Piu\/Prefeitura do Rio<\/figcaption><\/figure>\n<p><span style=\"font-weight: 400;\">Rafael Mendon\u00e7a, advogado das fam\u00edlias do Horto nos processos judiciais de reintegra\u00e7\u00e3o, descreve a import\u00e2ncia desta conquista:\u00a0 <\/span><\/p>\n<blockquote><p><span style=\"font-weight: 400;\">\u201cO acordo celebrado no dia 13 de outubro foi hist\u00f3rico porque h\u00e1 um reconhecimento de todos os \u00f3rg\u00e3os de governo envolvidos&#8230; de que os moradores da Comunidade do Horto t\u00eam direito \u00e0 moradia naquele local. Foi um momento hist\u00f3rico de reconhecimento institucional do direito \u00e0 moradia por parte destes atores.\u201d<br \/>\n<\/span><\/p><\/blockquote>\n<p><span style=\"font-weight: 400;\">A moradora e co-fundadora do <a href=\"https:\/\/bit.ly\/3mvDRc9\" target=\"_blank\" rel=\"noopener\">Museu do Horto<\/a>, Em\u00edlia de Souza, tamb\u00e9m comemora o marco que o acordo coletivo representa: <\/span><\/p>\n<blockquote><p><span style=\"font-weight: 400;\">\u201cA comunidade agora pode ficar mais tranquila, sem essa coisa de ficar com medo de um avan\u00e7o da justi\u00e7a com a reintegra\u00e7\u00e3o de posse.\u201d<\/span><\/p><\/blockquote>\n<h3>A Hist\u00f3ria e a Luta da Comunidade do Horto<\/h3>\n<p>Localizada no bairro do <a href=\"https:\/\/bit.ly\/31agBaM\" target=\"_blank\" rel=\"noopener\">Jardim Bot\u00e2nico<\/a>, a Comunidade do Horto <a href=\"https:\/\/rioonwatch.org.br\/?p=23111\">\u00e9 bicenten\u00e1ria<\/a>. Suas <a href=\"https:\/\/rioonwatch.org.br\/?p=33120\">origens remontam<\/a> \u00e0 funda\u00e7\u00e3o do Instituto de Pesquisas Jardim Bot\u00e2nico, no in\u00edcio do s\u00e9culo XIX. O instituto cedeu casas aos seus funcion\u00e1rios para garantir que vivessem perto do local de trabalho. Al\u00e9m disso, forneceu ajuda de custo e doa\u00e7\u00f5es de materiais para a constru\u00e7\u00e3o de novas moradias.<\/p>\n<p>Hoje, a comunidade \u00e9 lar de 621 fam\u00edlias. Boa parte delas tem entre seus antepassados <a href=\"https:\/\/rioonwatch.org.br\/?p=29392\">ex-funcion\u00e1rios do Jardim Bot\u00e2nico<\/a>, que constru\u00edram suas casas com apoio do parque e at\u00e9 hoje exibem uma <a href=\"https:\/\/rioonwatch.org.br\/?p=54548\">forte voca\u00e7\u00e3o verde<\/a>. Trata-se de um territ\u00f3rio ocupado <a href=\"https:\/\/bit.ly\/HortoBicentenaria\" target=\"_blank\" rel=\"noopener\">predominantemente por pessoas negras<\/a> e de baixa renda, um recorte demogr\u00e1fico que contrasta com o perfil m\u00e9dio do Jardim Bot\u00e2nico, bairro de elite do entorno. Apesar dos vastos registros documentais que comprovam um processo hist\u00f3rico bicenten\u00e1rio de ocupa\u00e7\u00e3o do local, a posse das fam\u00edlias nunca foi devidamente regularizada.<\/p>\n<figure id=\"attachment_76837\" aria-describedby=\"caption-attachment-76837\" style=\"width: 2047px\" class=\"wp-caption aligncenter\"><a href=\"https:\/\/rioonwatch.org.br\/wp-content\/uploads\/2024\/12\/Atividade-de-caminhada-no-Horto-com-os-participantes-da-Roca-de-Memoria-Climatica.-Foto-Alexandre-Cerqueira.jpg\"><img loading=\"lazy\" decoding=\"async\" class=\"wp-image-76837 size-full\" title=\"Atividade de caminhada no Horto, com os participantes da Roca de Mem\u00f3ria Clim\u00e1tica. Foto: Alexandre Cerqueira\" src=\"https:\/\/rioonwatch.org.br\/wp-content\/uploads\/2024\/12\/Atividade-de-caminhada-no-Horto-com-os-participantes-da-Roca-de-Memoria-Climatica.-Foto-Alexandre-Cerqueira.jpg\" alt=\"Atividade de caminhada no Horto, com os participantes da Roca de Mem\u00f3ria Clim\u00e1tica. Foto: Alexandre Cerqueira\" width=\"2047\" height=\"1365\" srcset=\"https:\/\/rioonwatch.org.br\/wp-content\/uploads\/2024\/12\/Atividade-de-caminhada-no-Horto-com-os-participantes-da-Roca-de-Memoria-Climatica.-Foto-Alexandre-Cerqueira.jpg 2047w, https:\/\/rioonwatch.org.br\/wp-content\/uploads\/2024\/12\/Atividade-de-caminhada-no-Horto-com-os-participantes-da-Roca-de-Memoria-Climatica.-Foto-Alexandre-Cerqueira-620x413.jpg 620w, https:\/\/rioonwatch.org.br\/wp-content\/uploads\/2024\/12\/Atividade-de-caminhada-no-Horto-com-os-participantes-da-Roca-de-Memoria-Climatica.-Foto-Alexandre-Cerqueira-768x512.jpg 768w, https:\/\/rioonwatch.org.br\/wp-content\/uploads\/2024\/12\/Atividade-de-caminhada-no-Horto-com-os-participantes-da-Roca-de-Memoria-Climatica.-Foto-Alexandre-Cerqueira-1536x1024.jpg 1536w\" sizes=\"(max-width: 2047px) 100vw, 2047px\" \/><\/a><figcaption id=\"caption-attachment-76837\" class=\"wp-caption-text\">Atividade de caminhada no Horto, com os participantes da <a href=\"https:\/\/www.favelasustentavel.org\/memoria-climatica\">Roda de Mem\u00f3ria Clim\u00e1tica<\/a> do Horto. Foto: Alexandre Cerqueira<\/figcaption><\/figure>\n<p><span style=\"font-weight: 400;\">A rela\u00e7\u00e3o da comunidade com o Jardim Bot\u00e2nico foi, na maior parte do tempo, harmoniosa. No entanto, <a href=\"https:\/\/rioonwatch.org.br\/?p=70830\">a partir dos anos 1980<\/a>, come\u00e7a a amea\u00e7a de remo\u00e7\u00e3o da Comunidade do Horto. Na \u00e9poca, a Uni\u00e3o\u2014que era propriet\u00e1ria das terras da comunidade\u2014entrou com centenas de a\u00e7\u00f5es judiciais determinando a retirada das fam\u00edlias do local. A press\u00e3o sobre a comunidade intensificou-se a partir de 2018, ap\u00f3s o Jardim Bot\u00e2nico receber a titularidade da terra e protocolar outra leva de a\u00e7\u00f5es que atingiu quase todas as fam\u00edlias.<\/span><span style=\"font-weight: 400;\">\u00a0Entre os motivos alegados para a remo\u00e7\u00e3o est\u00e3o a ocupa\u00e7\u00e3o irregular da \u00e1rea e os danos ao meio ambiente.\u00a0<\/span>No entanto, os moradores sempre suspeitaram haver outras motiva\u00e7\u00f5es, relacionadas ao elevado interesse econ\u00f4mico nas terras da Comunidade do Horto, <a href=\"https:\/\/bit.ly\/49ohj88\" target=\"_blank\" rel=\"noopener\">avaliadas em torno de R$10 bilh\u00f5es<\/a>, e \u00e0 press\u00e3o de moradores afluentes do entorno.<\/p>\n<p><span style=\"font-weight: 400;\">Os moradores da Comunidade do Horto viveram sob amea\u00e7a de remo\u00e7\u00e3o por 40 anos. Ao longo deste per\u00edodo, foram alvo de diversas <\/span><a href=\"https:\/\/bit.ly\/4qxSKvQ\" target=\"_blank\" rel=\"noopener\"><span style=\"font-weight: 400;\">a\u00e7\u00f5es violentas<\/span><\/a><span style=\"font-weight: 400;\">, como o uso da for\u00e7a policial na tentativa de desalojar os moradores. Al\u00e9m dos processos que corriam na justi\u00e7a, parte da grande m\u00eddia constru\u00eda uma <\/span><a href=\"https:\/\/bit.ly\/3ikxY1C\" target=\"_blank\" rel=\"noopener\"><span style=\"font-weight: 400;\">narrativa de criminaliza\u00e7\u00e3o da comunidade<\/span><\/a><span style=\"font-weight: 400;\">, insistindo em tax\u00e1-los de invasores e reproduzindo o discurso pr\u00f3-remo\u00e7\u00e3o. Desde o in\u00edcio do conflito, no total, cinco fam\u00edlias foram removidas.\u00a0<\/span><\/p>\n<figure id=\"attachment_79785\" aria-describedby=\"caption-attachment-79785\" style=\"width: 2000px\" class=\"wp-caption aligncenter\"><a href=\"https:\/\/rioonwatch.org.br\/wp-content\/uploads\/2025\/10\/Morador-do-Horto-Florestal-em-frente-a-uma-das-casas-que-foram-desalojadas.-Foto-ComCat.jpg\"><img loading=\"lazy\" decoding=\"async\" class=\"wp-image-79785 size-full\" title=\"Morador do Horto Florestal em frente a uma das casas que foram desalojadas. Foto: ComCat\" src=\"https:\/\/rioonwatch.org.br\/wp-content\/uploads\/2025\/10\/Morador-do-Horto-Florestal-em-frente-a-uma-das-casas-que-foram-desalojadas.-Foto-ComCat.jpg\" alt=\"Morador do Horto Florestal em frente a uma das casas que foram desalojadas. Foto: ComCat\" width=\"2000\" height=\"1500\" srcset=\"https:\/\/rioonwatch.org.br\/wp-content\/uploads\/2025\/10\/Morador-do-Horto-Florestal-em-frente-a-uma-das-casas-que-foram-desalojadas.-Foto-ComCat.jpg 2000w, https:\/\/rioonwatch.org.br\/wp-content\/uploads\/2025\/10\/Morador-do-Horto-Florestal-em-frente-a-uma-das-casas-que-foram-desalojadas.-Foto-ComCat-620x465.jpg 620w, https:\/\/rioonwatch.org.br\/wp-content\/uploads\/2025\/10\/Morador-do-Horto-Florestal-em-frente-a-uma-das-casas-que-foram-desalojadas.-Foto-ComCat-768x576.jpg 768w, https:\/\/rioonwatch.org.br\/wp-content\/uploads\/2025\/10\/Morador-do-Horto-Florestal-em-frente-a-uma-das-casas-que-foram-desalojadas.-Foto-ComCat-1536x1152.jpg 1536w, https:\/\/rioonwatch.org.br\/wp-content\/uploads\/2025\/10\/Morador-do-Horto-Florestal-em-frente-a-uma-das-casas-que-foram-desalojadas.-Foto-ComCat-678x509.jpg 678w, https:\/\/rioonwatch.org.br\/wp-content\/uploads\/2025\/10\/Morador-do-Horto-Florestal-em-frente-a-uma-das-casas-que-foram-desalojadas.-Foto-ComCat-326x245.jpg 326w, https:\/\/rioonwatch.org.br\/wp-content\/uploads\/2025\/10\/Morador-do-Horto-Florestal-em-frente-a-uma-das-casas-que-foram-desalojadas.-Foto-ComCat-80x60.jpg 80w\" sizes=\"(max-width: 2000px) 100vw, 2000px\" \/><\/a><figcaption id=\"caption-attachment-79785\" class=\"wp-caption-text\">Emerson Souza, co-fundador do Museu do Horto, em frente a uma das casas que foram desalojadas. Foto: ComCat<\/figcaption><\/figure>\n<h3><strong>&#8216;A Luta Pelos Nossos Direitos \u00e9 Leg\u00edtima&#8217;<\/strong><\/h3>\n<p><span style=\"font-weight: 400;\">Em 2025, esse cap\u00edtulo sombrio na <a href=\"https:\/\/rioonwatch.org.br\/?p=21655\">hist\u00f3ria<\/a> da comunidade parece ter chegado ao fim com a assinatura de um acordo coletivo que garante, entre outras coisas, a perman\u00eancia das fam\u00edlias no local. O acordo contou com a ades\u00e3o do Instituto de Pesquisas Jardim Bot\u00e2nico, da Associa\u00e7\u00e3o de Moradores e Amigos do Horto, do Minist\u00e9rio P\u00fablico Federal (<a href=\"https:\/\/bit.ly\/2JqdMwR\" target=\"_blank\" rel=\"noopener\">MPF<\/a>), da <a href=\"https:\/\/bit.ly\/43Ne5aG\" target=\"_blank\" rel=\"noopener\">Secretaria Geral da Presid\u00eancia da Rep\u00fablica<\/a>, da <a href=\"https:\/\/bit.ly\/2F6okiw\" target=\"_blank\" rel=\"noopener\">Defensoria P\u00fablica<\/a> da Uni\u00e3o, do Instituto do Patrim\u00f4nio Hist\u00f3rico e Art\u00edstico Nacional (<a href=\"https:\/\/bit.ly\/43hGaXU\" target=\"_blank\" rel=\"noopener\">IPHAN<\/a>) e da Prefeitura do Rio em uma cerim\u00f4nia realizada no dia 13 de outubro no Solar da Imperatriz, no bairro do Jardim Bot\u00e2nico. A articula\u00e7\u00e3o bem-sucedida com essa diversidade de atores foi fruto de um esfor\u00e7o coletivo de lideran\u00e7as comunit\u00e1rias e de autoridades comprometidas com a luta da comunidade pelo direito \u00e0 moradia.\u00a0<\/span><\/p>\n<p><span style=\"font-weight: 400;\">Este acordo coletivo servir\u00e1 de base para acordos individuais a serem firmados por cada fam\u00edlia. O Jardim Bot\u00e2nico permanecer\u00e1 como propriet\u00e1rio das terras, mas comprometeu-se a permitir que a comunidade do Horto permane\u00e7a onde est\u00e1. Os moradores, por sua vez, se comprometem a evitar o crescimento da comunidade e a cumprir regras voltadas \u00e0 preserva\u00e7\u00e3o ambiental.<\/span><\/p>\n<figure id=\"attachment_79788\" aria-describedby=\"caption-attachment-79788\" style=\"width: 1920px\" class=\"wp-caption aligncenter\"><a href=\"https:\/\/rioonwatch.org.br\/wp-content\/uploads\/2025\/10\/Placa-instalada-no-Largo-das-Pedras-importante-local-de-encontro-no-Horto-Florestal-marca-a-assinatura-do-acordo-coletivo.-Foto-Felipe-Litsek-scaled.jpg\"><img loading=\"lazy\" decoding=\"async\" class=\"wp-image-79788 size-full\" title=\"Placa instalada no Largo das Pedras, importante local de encontro no Horto Florestal, marca a assinatura do acordo coletivo. Foto: Felipe Litsek\" src=\"https:\/\/rioonwatch.org.br\/wp-content\/uploads\/2025\/10\/Placa-instalada-no-Largo-das-Pedras-importante-local-de-encontro-no-Horto-Florestal-marca-a-assinatura-do-acordo-coletivo.-Foto-Felipe-Litsek-scaled.jpg\" alt=\"Placa instalada no Largo das Pedras, importante local de encontro no Horto Florestal, marca a assinatura do acordo coletivo. Foto: Felipe Litsek\" width=\"1920\" height=\"2560\" srcset=\"https:\/\/rioonwatch.org.br\/wp-content\/uploads\/2025\/10\/Placa-instalada-no-Largo-das-Pedras-importante-local-de-encontro-no-Horto-Florestal-marca-a-assinatura-do-acordo-coletivo.-Foto-Felipe-Litsek-scaled.jpg 1920w, https:\/\/rioonwatch.org.br\/wp-content\/uploads\/2025\/10\/Placa-instalada-no-Largo-das-Pedras-importante-local-de-encontro-no-Horto-Florestal-marca-a-assinatura-do-acordo-coletivo.-Foto-Felipe-Litsek-465x620.jpg 465w, https:\/\/rioonwatch.org.br\/wp-content\/uploads\/2025\/10\/Placa-instalada-no-Largo-das-Pedras-importante-local-de-encontro-no-Horto-Florestal-marca-a-assinatura-do-acordo-coletivo.-Foto-Felipe-Litsek-1125x1500.jpg 1125w, https:\/\/rioonwatch.org.br\/wp-content\/uploads\/2025\/10\/Placa-instalada-no-Largo-das-Pedras-importante-local-de-encontro-no-Horto-Florestal-marca-a-assinatura-do-acordo-coletivo.-Foto-Felipe-Litsek-768x1024.jpg 768w, https:\/\/rioonwatch.org.br\/wp-content\/uploads\/2025\/10\/Placa-instalada-no-Largo-das-Pedras-importante-local-de-encontro-no-Horto-Florestal-marca-a-assinatura-do-acordo-coletivo.-Foto-Felipe-Litsek-1152x1536.jpg 1152w, https:\/\/rioonwatch.org.br\/wp-content\/uploads\/2025\/10\/Placa-instalada-no-Largo-das-Pedras-importante-local-de-encontro-no-Horto-Florestal-marca-a-assinatura-do-acordo-coletivo.-Foto-Felipe-Litsek-1536x2048.jpg 1536w\" sizes=\"(max-width: 1920px) 100vw, 1920px\" \/><\/a><figcaption id=\"caption-attachment-79788\" class=\"wp-caption-text\">Placa instalada no Largo das Pedras, importante local de encontro na Comunidade do Horto, marca a assinatura do acordo coletivo. Foto: Felipe Litsek<\/figcaption><\/figure>\n<p><span style=\"font-weight: 400;\">Apesar desta conquista hist\u00f3rica, h\u00e1 motivos que t\u00eam deixado a comunidade apreensiva. Uma das preocupa\u00e7\u00f5es levantadas pelos moradores, agora, \u00e9 a <\/span><a href=\"https:\/\/bit.ly\/42YADoH\" target=\"_blank\" rel=\"noopener\">gentrifica\u00e7\u00e3o da comunidade<\/a>. Este debate foi levantado nas negocia\u00e7\u00f5es do acordo, que, no final, proibiu a negocia\u00e7\u00e3o dos im\u00f3veis na comunidade. As casas podem ser destinadas aos descendentes dos moradores\u2014o que garante a continuidade da comunidade\u2014mas n\u00e3o podem ser vendidas ou emprestadas a terceiros.<\/p>\n<blockquote><p>\u201cAqui, pr\u00f3ximo da gente, estamos vendo a <a href=\"https:\/\/bit.ly\/2wYNOXe\" target=\"_blank\" rel=\"noopener\">gentrifica\u00e7\u00e3o<\/a>. Onde tinha casas, t\u00e1 virando restaurantes que n\u00e3o cabem no bolso dos moradores daqui&#8230; Este processo de gentrifica\u00e7\u00e3o pode chegar a n\u00f3s. Temos que ter o entendimento de que, se a gente lutou mais de 40 anos para continuar morando aqui, n\u00e3o tem sentido nada diferente disso. Seria uma hipocrisia lutar tanto para agora querer vender.\u201d \u2014 F\u00e1bio Dutra<\/p><\/blockquote>\n<p>O exemplo do Horto mostra que, no Brasil, o direito \u00e0 moradia se conquista com muita luta. Sem as <a href=\"https:\/\/rioonwatch.org.br\/?p=30770\">chaves da resist\u00eancia<\/a>, como o engajamento e uni\u00e3o dos moradores, e as articula\u00e7\u00f5es com parceiros em diferentes esferas, essa vit\u00f3ria n\u00e3o teria sido poss\u00edvel.<\/p>\n<blockquote><p>\u201cDeixamos uma marca para os movimentos sociais de que a luta vale a pena. Sem luta, n\u00e3o existe vit\u00f3ria. A luta pelos nossos direitos \u00e9 leg\u00edtima.\u201d \u2014 Em\u00edlia de Souza<\/p><\/blockquote>\n<p>O dia 13 de outubro de 2025 entrar\u00e1 para a hist\u00f3ria como o dia em que o Horto ficou. \u00c9 um marco do fim de um longo processo de remo\u00e7\u00e3o e do in\u00edcio de um novo tempo, rumo \u00e0 regulariza\u00e7\u00e3o e perman\u00eancia da comunidade. O caso do Horto mostra a import\u00e2ncia da luta coletiva para a conquista de direitos. Sem ampla resist\u00eancia e solidariedade, nada disso seria poss\u00edvel. Tamb\u00e9m ensina como \u00e9 poss\u00edvel conciliar a prote\u00e7\u00e3o do direito \u00e0 moradia com a preserva\u00e7\u00e3o ambiental, servindo de exemplo a tantas outras comunidades que lutam por seu direito \u00e0 perman\u00eancia. Como resume F\u00e1bio, o presidente da associa\u00e7\u00e3o de moradores: \u201cqueriam nos enterrar, mas n\u00e3o sabiam que a gente era semente!\u201d.<\/p>\n<figure id=\"attachment_28294\" aria-describedby=\"caption-attachment-28294\" style=\"width: 1512px\" class=\"wp-caption aligncenter\"><a href=\"https:\/\/rioonwatch.org.br\/wp-content\/uploads\/2017\/09\/Horto-Fica.jpeg\"><img loading=\"lazy\" decoding=\"async\" class=\"wp-image-28294 size-full\" title=\"Picha\u00e7\u00e3o feito por artista an\u00f4nimo decretando &quot;Horto Vive! Horto Fica!&quot;. Foto: ComCat\" src=\"https:\/\/rioonwatch.org.br\/wp-content\/uploads\/2017\/09\/Horto-Fica.jpeg\" alt=\"Picha\u00e7\u00e3o feito por artista an\u00f4nimo decretando &quot;Horto Vive! Horto Fica!&quot;. Foto: ComCat\" width=\"1512\" height=\"752\" srcset=\"https:\/\/rioonwatch.org.br\/wp-content\/uploads\/2017\/09\/Horto-Fica.jpeg 1512w, https:\/\/rioonwatch.org.br\/wp-content\/uploads\/2017\/09\/Horto-Fica-531x264.jpeg 531w, https:\/\/rioonwatch.org.br\/wp-content\/uploads\/2017\/09\/Horto-Fica-620x308.jpeg 620w, https:\/\/rioonwatch.org.br\/wp-content\/uploads\/2017\/09\/Horto-Fica-768x382.jpeg 768w, https:\/\/rioonwatch.org.br\/wp-content\/uploads\/2017\/09\/Horto-Fica-1024x509.jpeg 1024w\" sizes=\"(max-width: 1512px) 100vw, 1512px\" \/><\/a><figcaption id=\"caption-attachment-28294\" class=\"wp-caption-text\">Picha\u00e7\u00e3o feito por artista an\u00f4nimo decretando &#8220;Horto Vive! Horto Fica!&#8221;. Foto: ComCat<\/figcaption><\/figure>\n<hr \/>\n<h4><b data-stringify-type=\"bold\">Apoie nossos esfor\u00e7os para fornecer apoio estrat\u00e9gico \u00e0s favelas do Rio, incluindo o jornalismo hiperlocal, cr\u00edtico, inovador e incans\u00e1vel do\u00a0<\/b><b data-stringify-type=\"bold\"><i data-stringify-type=\"italic\">RioOnWatch<\/i><\/b>\u2014<a class=\"c-link\" href=\"http:\/\/www.bit.ly\/ApoieROW\" target=\"_blank\" rel=\"noopener noreferrer\" data-stringify-link=\"http:\/\/www.bit.ly\/ApoieROW\" data-sk=\"tooltip_parent\">doe aqui<\/a>.<\/h4>\n<!-- AddThis Advanced Settings generic via filter on the_content --><!-- AddThis Share Buttons generic via filter on the_content -->","protected":false},"excerpt":{"rendered":"<div class=\"mh-excerpt\"><p>Click Here for English O 13 de outubro de 2025 vai ficar marcado na hist\u00f3ria da Comunidade do Horto, Zona Sul do Rio de Janeiro. Neste dia, a comunidade assinou um acordo hist\u00f3rico que p\u00f5e <a class=\"mh-excerpt-more\" href=\"https:\/\/rioonwatch.org.br\/?p=79771\" title=\"&#8216;O Horto Ficou!&#8217; Resistindo \u00e0 Remo\u00e7\u00e3o Por 40 Anos, Comunidade Bicenten\u00e1ria do Horto Conquista Perman\u00eancia no Territ\u00f3rio\">[&#8230;]<\/a><!-- AddThis Advanced Settings generic via filter on get_the_excerpt --><!-- AddThis Share Buttons generic via filter on get_the_excerpt --><\/p>\n<\/div>","protected":false},"author":192,"featured_media":79782,"comment_status":"closed","ping_status":"closed","sticky":false,"template":"template-full.php","format":"standard","meta":{"_acf_changed":false,"_monsterinsights_skip_tracking":false,"_monsterinsights_sitenote_active":false,"_monsterinsights_sitenote_note":"","_monsterinsights_sitenote_category":0,"footnotes":""},"categories":[1614,1621,3175,1626,1612,342],"tags":[655,90,424,395,733,734,2178,1037,1191,14,432,2018,380,1347,3519,2167,383],"writer":[2718],"translator":[],"source":[],"ilustrador":[],"fotografo":[],"class_list":{"0":"post-79771","1":"post","2":"type-post","3":"status-publish","4":"format-standard","5":"has-post-thumbnail","7":"category-olhonasremocoes","8":"category-destaque","9":"category-democracia","10":"category-por-observadores-internacionais","11":"category-sociedade-civil","12":"category-solucoes","13":"tag-associacao-de-moradores","14":"tag-defensoria-publica","15":"tag-direito-a-moradia","16":"tag-gentrificacao-remocao-branca","17":"tag-horto","18":"tag-jardim-botanico","19":"tag-ministerio-publico","20":"tag-moradia","21":"tag-museu-do-horto","22":"tag-remocao","23":"tag-resistencia","24":"tag-resolucao-de-conflito","25":"tag-solidariedade","26":"tag-solucao","27":"tag-taticas-de-remocao-desculpa-ambiental","28":"tag-uniao","29":"tag-zona-sul","30":"writer-felipe-litsek"},"acf":[],"yoast_head":"<!-- This site is optimized with the Yoast SEO plugin v25.6 - https:\/\/yoast.com\/wordpress\/plugins\/seo\/ -->\n<title>&#039;O Horto Ficou!&#039; Resistindo \u00e0 Remo\u00e7\u00e3o Por 40 Anos, Comunidade Bicenten\u00e1ria do Horto Conquista Perman\u00eancia no Territ\u00f3rio - RioOnWatch<\/title>\n<meta name=\"robots\" content=\"index, follow, max-snippet:-1, max-image-preview:large, max-video-preview:-1\" \/>\n<link rel=\"canonical\" href=\"https:\/\/rioonwatch.org.br\/?p=79771\" \/>\n<meta property=\"og:locale\" content=\"pt_BR\" \/>\n<meta property=\"og:type\" content=\"article\" \/>\n<meta property=\"og:title\" content=\"&#039;O Horto Ficou!&#039; Resistindo \u00e0 Remo\u00e7\u00e3o Por 40 Anos, Comunidade Bicenten\u00e1ria do Horto Conquista Perman\u00eancia no Territ\u00f3rio - RioOnWatch\" \/>\n<meta property=\"og:description\" content=\"Click Here for English O 13 de outubro de 2025 vai ficar marcado na hist\u00f3ria da Comunidade do Horto, Zona Sul do Rio de Janeiro. Neste dia, a comunidade assinou um acordo hist\u00f3rico que p\u00f5e [...]\" \/>\n<meta property=\"og:url\" content=\"https:\/\/rioonwatch.org.br\/?p=79771\" \/>\n<meta property=\"og:site_name\" content=\"RioOnWatch\" \/>\n<meta property=\"article:published_time\" content=\"2025-10-31T17:19:59+00:00\" \/>\n<meta property=\"article:modified_time\" content=\"2025-11-14T14:34:01+00:00\" \/>\n<meta property=\"og:image\" content=\"https:\/\/rioonwatch.org.br\/wp-content\/uploads\/2025\/10\/Apos-quarenta-anos-de-luta-resistencia-e-protestos-por-seu-direito-a-moradia-comunidade-do-Horto-conquista-acordo-historico.-Foto-ComCat.jpg\" \/>\n\t<meta property=\"og:image:width\" content=\"2048\" \/>\n\t<meta property=\"og:image:height\" content=\"1359\" \/>\n\t<meta property=\"og:image:type\" content=\"image\/jpeg\" \/>\n<meta name=\"author\" content=\"Beatriz Miranda\" \/>\n<meta name=\"twitter:card\" content=\"summary_large_image\" \/>\n<meta name=\"twitter:label1\" content=\"Escrito por\" \/>\n\t<meta name=\"twitter:data1\" content=\"Beatriz Miranda\" \/>\n\t<meta name=\"twitter:label2\" content=\"Est. tempo de leitura\" \/>\n\t<meta name=\"twitter:data2\" content=\"8 minutos\" \/>\n<script type=\"application\/ld+json\" class=\"yoast-schema-graph\">{\"@context\":\"https:\/\/schema.org\",\"@graph\":[{\"@type\":\"Article\",\"@id\":\"https:\/\/rioonwatch.org.br\/?p=79771#article\",\"isPartOf\":{\"@id\":\"https:\/\/rioonwatch.org.br\/?p=79771\"},\"author\":{\"name\":\"Beatriz Miranda\",\"@id\":\"https:\/\/rioonwatch.org.br\/#\/schema\/person\/1150bfc199e76e22909b454a0c139c4b\"},\"headline\":\"&#8216;O Horto Ficou!&#8217; Resistindo \u00e0 Remo\u00e7\u00e3o Por 40 Anos, Comunidade Bicenten\u00e1ria do Horto Conquista Perman\u00eancia no Territ\u00f3rio\",\"datePublished\":\"2025-10-31T17:19:59+00:00\",\"dateModified\":\"2025-11-14T14:34:01+00:00\",\"mainEntityOfPage\":{\"@id\":\"https:\/\/rioonwatch.org.br\/?p=79771\"},\"wordCount\":1506,\"publisher\":{\"@id\":\"https:\/\/rioonwatch.org.br\/#organization\"},\"image\":{\"@id\":\"https:\/\/rioonwatch.org.br\/?p=79771#primaryimage\"},\"thumbnailUrl\":\"https:\/\/rioonwatch.org.br\/wp-content\/uploads\/2025\/10\/Apos-quarenta-anos-de-luta-resistencia-e-protestos-por-seu-direito-a-moradia-comunidade-do-Horto-conquista-acordo-historico.-Foto-ComCat.jpg\",\"keywords\":[\"Associa\u00e7\u00e3o de Moradores\",\"Defensoria P\u00fablica\",\"Direito \u00e0 Moradia\",\"gentrifica\u00e7\u00e3o\",\"Horto\",\"Jardim Bot\u00e2nico\",\"Minist\u00e9rio P\u00fablico\",\"moradia\",\"Museu do Horto\",\"Remo\u00e7\u00e3o\",\"resist\u00eancia\",\"resolu\u00e7\u00e3o de conflito\",\"solidariedade\",\"solu\u00e7\u00e3o\",\"T\u00e1ticas de remo\u00e7\u00e3o: desculpa ambiental\",\"uni\u00e3o\",\"Zona Sul\"],\"articleSection\":[\"#OlhoNasRemo\u00e7\u00f5es\",\"*Destaque\",\"Democracia\",\"Escrito por Aliados\",\"Sociedade Civil\",\"Solu\u00e7\u00f5es\"],\"inLanguage\":\"pt-BR\"},{\"@type\":\"WebPage\",\"@id\":\"https:\/\/rioonwatch.org.br\/?p=79771\",\"url\":\"https:\/\/rioonwatch.org.br\/?p=79771\",\"name\":\"'O Horto Ficou!' Resistindo \u00e0 Remo\u00e7\u00e3o Por 40 Anos, Comunidade Bicenten\u00e1ria do Horto Conquista Perman\u00eancia no Territ\u00f3rio - RioOnWatch\",\"isPartOf\":{\"@id\":\"https:\/\/rioonwatch.org.br\/#website\"},\"primaryImageOfPage\":{\"@id\":\"https:\/\/rioonwatch.org.br\/?p=79771#primaryimage\"},\"image\":{\"@id\":\"https:\/\/rioonwatch.org.br\/?p=79771#primaryimage\"},\"thumbnailUrl\":\"https:\/\/rioonwatch.org.br\/wp-content\/uploads\/2025\/10\/Apos-quarenta-anos-de-luta-resistencia-e-protestos-por-seu-direito-a-moradia-comunidade-do-Horto-conquista-acordo-historico.-Foto-ComCat.jpg\",\"datePublished\":\"2025-10-31T17:19:59+00:00\",\"dateModified\":\"2025-11-14T14:34:01+00:00\",\"breadcrumb\":{\"@id\":\"https:\/\/rioonwatch.org.br\/?p=79771#breadcrumb\"},\"inLanguage\":\"pt-BR\",\"potentialAction\":[{\"@type\":\"ReadAction\",\"target\":[\"https:\/\/rioonwatch.org.br\/?p=79771\"]}]},{\"@type\":\"ImageObject\",\"inLanguage\":\"pt-BR\",\"@id\":\"https:\/\/rioonwatch.org.br\/?p=79771#primaryimage\",\"url\":\"https:\/\/rioonwatch.org.br\/wp-content\/uploads\/2025\/10\/Apos-quarenta-anos-de-luta-resistencia-e-protestos-por-seu-direito-a-moradia-comunidade-do-Horto-conquista-acordo-historico.-Foto-ComCat.jpg\",\"contentUrl\":\"https:\/\/rioonwatch.org.br\/wp-content\/uploads\/2025\/10\/Apos-quarenta-anos-de-luta-resistencia-e-protestos-por-seu-direito-a-moradia-comunidade-do-Horto-conquista-acordo-historico.-Foto-ComCat.jpg\",\"width\":2048,\"height\":1359,\"caption\":\"Ap\u00f3s quarenta anos de luta, resist\u00eancia e protestos por seu direito \u00e0 moradia, comunidade do Horto conquista acordo hist\u00f3rico. Foto: ComCat\"},{\"@type\":\"BreadcrumbList\",\"@id\":\"https:\/\/rioonwatch.org.br\/?p=79771#breadcrumb\",\"itemListElement\":[{\"@type\":\"ListItem\",\"position\":1,\"name\":\"In\u00edcio\",\"item\":\"https:\/\/rioonwatch.org.br\/\"},{\"@type\":\"ListItem\",\"position\":2,\"name\":\"&#8216;O Horto Ficou!&#8217; Resistindo \u00e0 Remo\u00e7\u00e3o Por 40 Anos, Comunidade Bicenten\u00e1ria do Horto Conquista Perman\u00eancia no Territ\u00f3rio\"}]},{\"@type\":\"WebSite\",\"@id\":\"https:\/\/rioonwatch.org.br\/#website\",\"url\":\"https:\/\/rioonwatch.org.br\/\",\"name\":\"RioOnWatch\",\"description\":\"relatos das favelas cariocas\",\"publisher\":{\"@id\":\"https:\/\/rioonwatch.org.br\/#organization\"},\"potentialAction\":[{\"@type\":\"SearchAction\",\"target\":{\"@type\":\"EntryPoint\",\"urlTemplate\":\"https:\/\/rioonwatch.org.br\/?s={search_term_string}\"},\"query-input\":{\"@type\":\"PropertyValueSpecification\",\"valueRequired\":true,\"valueName\":\"search_term_string\"}}],\"inLanguage\":\"pt-BR\"},{\"@type\":\"Organization\",\"@id\":\"https:\/\/rioonwatch.org.br\/#organization\",\"name\":\"RioOnWatch\",\"url\":\"https:\/\/rioonwatch.org.br\/\",\"logo\":{\"@type\":\"ImageObject\",\"inLanguage\":\"pt-BR\",\"@id\":\"https:\/\/rioonwatch.org.br\/#\/schema\/logo\/image\/\",\"url\":\"https:\/\/rioonwatch.org.br\/wp-content\/uploads\/2021\/06\/RioOnWatchcabecalhoPT11anos-2.png\",\"contentUrl\":\"https:\/\/rioonwatch.org.br\/wp-content\/uploads\/2021\/06\/RioOnWatchcabecalhoPT11anos-2.png\",\"width\":779,\"height\":277,\"caption\":\"RioOnWatch\"},\"image\":{\"@id\":\"https:\/\/rioonwatch.org.br\/#\/schema\/logo\/image\/\"}},{\"@type\":\"Person\",\"@id\":\"https:\/\/rioonwatch.org.br\/#\/schema\/person\/1150bfc199e76e22909b454a0c139c4b\",\"name\":\"Beatriz Miranda\",\"image\":{\"@type\":\"ImageObject\",\"inLanguage\":\"pt-BR\",\"@id\":\"https:\/\/rioonwatch.org.br\/#\/schema\/person\/image\/\",\"url\":\"https:\/\/secure.gravatar.com\/avatar\/41a514d4cb8be1f42ceaebd1038a447b?s=96&d=blank&r=g\",\"contentUrl\":\"https:\/\/secure.gravatar.com\/avatar\/41a514d4cb8be1f42ceaebd1038a447b?s=96&d=blank&r=g\",\"caption\":\"Beatriz Miranda\"},\"url\":\"https:\/\/rioonwatch.org.br\/?author=192\"}]}<\/script>\n<!-- \/ Yoast SEO plugin. -->","yoast_head_json":{"title":"'O Horto Ficou!' Resistindo \u00e0 Remo\u00e7\u00e3o Por 40 Anos, Comunidade Bicenten\u00e1ria do Horto Conquista Perman\u00eancia no Territ\u00f3rio - RioOnWatch","robots":{"index":"index","follow":"follow","max-snippet":"max-snippet:-1","max-image-preview":"max-image-preview:large","max-video-preview":"max-video-preview:-1"},"canonical":"https:\/\/rioonwatch.org.br\/?p=79771","og_locale":"pt_BR","og_type":"article","og_title":"'O Horto Ficou!' Resistindo \u00e0 Remo\u00e7\u00e3o Por 40 Anos, Comunidade Bicenten\u00e1ria do Horto Conquista Perman\u00eancia no Territ\u00f3rio - RioOnWatch","og_description":"Click Here for English O 13 de outubro de 2025 vai ficar marcado na hist\u00f3ria da Comunidade do Horto, Zona Sul do Rio de Janeiro. Neste dia, a comunidade assinou um acordo hist\u00f3rico que p\u00f5e [...]","og_url":"https:\/\/rioonwatch.org.br\/?p=79771","og_site_name":"RioOnWatch","article_published_time":"2025-10-31T17:19:59+00:00","article_modified_time":"2025-11-14T14:34:01+00:00","og_image":[{"width":2048,"height":1359,"url":"https:\/\/rioonwatch.org.br\/wp-content\/uploads\/2025\/10\/Apos-quarenta-anos-de-luta-resistencia-e-protestos-por-seu-direito-a-moradia-comunidade-do-Horto-conquista-acordo-historico.-Foto-ComCat.jpg","type":"image\/jpeg"}],"author":"Beatriz Miranda","twitter_card":"summary_large_image","twitter_misc":{"Escrito por":"Beatriz Miranda","Est. tempo de leitura":"8 minutos"},"schema":{"@context":"https:\/\/schema.org","@graph":[{"@type":"Article","@id":"https:\/\/rioonwatch.org.br\/?p=79771#article","isPartOf":{"@id":"https:\/\/rioonwatch.org.br\/?p=79771"},"author":{"name":"Beatriz Miranda","@id":"https:\/\/rioonwatch.org.br\/#\/schema\/person\/1150bfc199e76e22909b454a0c139c4b"},"headline":"&#8216;O Horto Ficou!&#8217; Resistindo \u00e0 Remo\u00e7\u00e3o Por 40 Anos, Comunidade Bicenten\u00e1ria do Horto Conquista Perman\u00eancia no Territ\u00f3rio","datePublished":"2025-10-31T17:19:59+00:00","dateModified":"2025-11-14T14:34:01+00:00","mainEntityOfPage":{"@id":"https:\/\/rioonwatch.org.br\/?p=79771"},"wordCount":1506,"publisher":{"@id":"https:\/\/rioonwatch.org.br\/#organization"},"image":{"@id":"https:\/\/rioonwatch.org.br\/?p=79771#primaryimage"},"thumbnailUrl":"https:\/\/rioonwatch.org.br\/wp-content\/uploads\/2025\/10\/Apos-quarenta-anos-de-luta-resistencia-e-protestos-por-seu-direito-a-moradia-comunidade-do-Horto-conquista-acordo-historico.-Foto-ComCat.jpg","keywords":["Associa\u00e7\u00e3o de Moradores","Defensoria P\u00fablica","Direito \u00e0 Moradia","gentrifica\u00e7\u00e3o","Horto","Jardim Bot\u00e2nico","Minist\u00e9rio P\u00fablico","moradia","Museu do Horto","Remo\u00e7\u00e3o","resist\u00eancia","resolu\u00e7\u00e3o de conflito","solidariedade","solu\u00e7\u00e3o","T\u00e1ticas de remo\u00e7\u00e3o: desculpa ambiental","uni\u00e3o","Zona Sul"],"articleSection":["#OlhoNasRemo\u00e7\u00f5es","*Destaque","Democracia","Escrito por Aliados","Sociedade Civil","Solu\u00e7\u00f5es"],"inLanguage":"pt-BR"},{"@type":"WebPage","@id":"https:\/\/rioonwatch.org.br\/?p=79771","url":"https:\/\/rioonwatch.org.br\/?p=79771","name":"'O Horto Ficou!' Resistindo \u00e0 Remo\u00e7\u00e3o Por 40 Anos, Comunidade Bicenten\u00e1ria do Horto Conquista Perman\u00eancia no Territ\u00f3rio - RioOnWatch","isPartOf":{"@id":"https:\/\/rioonwatch.org.br\/#website"},"primaryImageOfPage":{"@id":"https:\/\/rioonwatch.org.br\/?p=79771#primaryimage"},"image":{"@id":"https:\/\/rioonwatch.org.br\/?p=79771#primaryimage"},"thumbnailUrl":"https:\/\/rioonwatch.org.br\/wp-content\/uploads\/2025\/10\/Apos-quarenta-anos-de-luta-resistencia-e-protestos-por-seu-direito-a-moradia-comunidade-do-Horto-conquista-acordo-historico.-Foto-ComCat.jpg","datePublished":"2025-10-31T17:19:59+00:00","dateModified":"2025-11-14T14:34:01+00:00","breadcrumb":{"@id":"https:\/\/rioonwatch.org.br\/?p=79771#breadcrumb"},"inLanguage":"pt-BR","potentialAction":[{"@type":"ReadAction","target":["https:\/\/rioonwatch.org.br\/?p=79771"]}]},{"@type":"ImageObject","inLanguage":"pt-BR","@id":"https:\/\/rioonwatch.org.br\/?p=79771#primaryimage","url":"https:\/\/rioonwatch.org.br\/wp-content\/uploads\/2025\/10\/Apos-quarenta-anos-de-luta-resistencia-e-protestos-por-seu-direito-a-moradia-comunidade-do-Horto-conquista-acordo-historico.-Foto-ComCat.jpg","contentUrl":"https:\/\/rioonwatch.org.br\/wp-content\/uploads\/2025\/10\/Apos-quarenta-anos-de-luta-resistencia-e-protestos-por-seu-direito-a-moradia-comunidade-do-Horto-conquista-acordo-historico.-Foto-ComCat.jpg","width":2048,"height":1359,"caption":"Ap\u00f3s quarenta anos de luta, resist\u00eancia e protestos por seu direito \u00e0 moradia, comunidade do Horto conquista acordo hist\u00f3rico. Foto: ComCat"},{"@type":"BreadcrumbList","@id":"https:\/\/rioonwatch.org.br\/?p=79771#breadcrumb","itemListElement":[{"@type":"ListItem","position":1,"name":"In\u00edcio","item":"https:\/\/rioonwatch.org.br\/"},{"@type":"ListItem","position":2,"name":"&#8216;O Horto Ficou!&#8217; Resistindo \u00e0 Remo\u00e7\u00e3o Por 40 Anos, Comunidade Bicenten\u00e1ria do Horto Conquista Perman\u00eancia no Territ\u00f3rio"}]},{"@type":"WebSite","@id":"https:\/\/rioonwatch.org.br\/#website","url":"https:\/\/rioonwatch.org.br\/","name":"RioOnWatch","description":"relatos das favelas cariocas","publisher":{"@id":"https:\/\/rioonwatch.org.br\/#organization"},"potentialAction":[{"@type":"SearchAction","target":{"@type":"EntryPoint","urlTemplate":"https:\/\/rioonwatch.org.br\/?s={search_term_string}"},"query-input":{"@type":"PropertyValueSpecification","valueRequired":true,"valueName":"search_term_string"}}],"inLanguage":"pt-BR"},{"@type":"Organization","@id":"https:\/\/rioonwatch.org.br\/#organization","name":"RioOnWatch","url":"https:\/\/rioonwatch.org.br\/","logo":{"@type":"ImageObject","inLanguage":"pt-BR","@id":"https:\/\/rioonwatch.org.br\/#\/schema\/logo\/image\/","url":"https:\/\/rioonwatch.org.br\/wp-content\/uploads\/2021\/06\/RioOnWatchcabecalhoPT11anos-2.png","contentUrl":"https:\/\/rioonwatch.org.br\/wp-content\/uploads\/2021\/06\/RioOnWatchcabecalhoPT11anos-2.png","width":779,"height":277,"caption":"RioOnWatch"},"image":{"@id":"https:\/\/rioonwatch.org.br\/#\/schema\/logo\/image\/"}},{"@type":"Person","@id":"https:\/\/rioonwatch.org.br\/#\/schema\/person\/1150bfc199e76e22909b454a0c139c4b","name":"Beatriz Miranda","image":{"@type":"ImageObject","inLanguage":"pt-BR","@id":"https:\/\/rioonwatch.org.br\/#\/schema\/person\/image\/","url":"https:\/\/secure.gravatar.com\/avatar\/41a514d4cb8be1f42ceaebd1038a447b?s=96&d=blank&r=g","contentUrl":"https:\/\/secure.gravatar.com\/avatar\/41a514d4cb8be1f42ceaebd1038a447b?s=96&d=blank&r=g","caption":"Beatriz Miranda"},"url":"https:\/\/rioonwatch.org.br\/?author=192"}]}},"_links":{"self":[{"href":"https:\/\/rioonwatch.org.br\/index.php?rest_route=\/wp\/v2\/posts\/79771"}],"collection":[{"href":"https:\/\/rioonwatch.org.br\/index.php?rest_route=\/wp\/v2\/posts"}],"about":[{"href":"https:\/\/rioonwatch.org.br\/index.php?rest_route=\/wp\/v2\/types\/post"}],"author":[{"embeddable":true,"href":"https:\/\/rioonwatch.org.br\/index.php?rest_route=\/wp\/v2\/users\/192"}],"replies":[{"embeddable":true,"href":"https:\/\/rioonwatch.org.br\/index.php?rest_route=%2Fwp%2Fv2%2Fcomments&post=79771"}],"version-history":[{"count":22,"href":"https:\/\/rioonwatch.org.br\/index.php?rest_route=\/wp\/v2\/posts\/79771\/revisions"}],"predecessor-version":[{"id":80208,"href":"https:\/\/rioonwatch.org.br\/index.php?rest_route=\/wp\/v2\/posts\/79771\/revisions\/80208"}],"wp:featuredmedia":[{"embeddable":true,"href":"https:\/\/rioonwatch.org.br\/index.php?rest_route=\/wp\/v2\/media\/79782"}],"wp:attachment":[{"href":"https:\/\/rioonwatch.org.br\/index.php?rest_route=%2Fwp%2Fv2%2Fmedia&parent=79771"}],"wp:term":[{"taxonomy":"category","embeddable":true,"href":"https:\/\/rioonwatch.org.br\/index.php?rest_route=%2Fwp%2Fv2%2Fcategories&post=79771"},{"taxonomy":"post_tag","embeddable":true,"href":"https:\/\/rioonwatch.org.br\/index.php?rest_route=%2Fwp%2Fv2%2Ftags&post=79771"},{"taxonomy":"writer","embeddable":true,"href":"https:\/\/rioonwatch.org.br\/index.php?rest_route=%2Fwp%2Fv2%2Fwriter&post=79771"},{"taxonomy":"translator","embeddable":true,"href":"https:\/\/rioonwatch.org.br\/index.php?rest_route=%2Fwp%2Fv2%2Ftranslator&post=79771"},{"taxonomy":"source","embeddable":true,"href":"https:\/\/rioonwatch.org.br\/index.php?rest_route=%2Fwp%2Fv2%2Fsource&post=79771"},{"taxonomy":"ilustrador","embeddable":true,"href":"https:\/\/rioonwatch.org.br\/index.php?rest_route=%2Fwp%2Fv2%2Filustrador&post=79771"},{"taxonomy":"fotografo","embeddable":true,"href":"https:\/\/rioonwatch.org.br\/index.php?rest_route=%2Fwp%2Fv2%2Ffotografo&post=79771"}],"curies":[{"name":"wp","href":"https:\/\/api.w.org\/{rel}","templated":true}]}}