{"id":79796,"date":"2025-10-29T19:35:17","date_gmt":"2025-10-29T22:35:17","guid":{"rendered":"https:\/\/rioonwatch.org.br\/?p=79796"},"modified":"2025-11-14T11:37:32","modified_gmt":"2025-11-14T14:37:32","slug":"um-massacre-operacao-mais-sangrenta-da-historia-do-rio-de-janeiro-gera-luto-pavor-e-indignacao-na-favelas-na-cidade-no-brasil-e-no-mundo-e-oquedizemasredes","status":"publish","type":"post","link":"https:\/\/rioonwatch.org.br\/?p=79796","title":{"rendered":"Um Massacre! Opera\u00e7\u00e3o Mais Sangrenta da Hist\u00f3ria do Rio de Janeiro Gera Luto, Pavor e Indigna\u00e7\u00e3o nas Favelas, na Cidade, no Brasil e no Mundo, \u00c9 #OQueDizemAsRedes"},"content":{"rendered":"<figure id=\"attachment_79834\" aria-describedby=\"caption-attachment-79834\" style=\"width: 2498px\" class=\"wp-caption alignright\"><a href=\"https:\/\/rioonwatch.org.br\/wp-content\/uploads\/2025\/10\/Reproducao-28-de-outubro-de-2025.png\"><img fetchpriority=\"high\" decoding=\"async\" class=\"wp-image-79834 size-full\" title=\"Opera\u00e7\u00e3o mais letal da hist\u00f3ria do Rio exp\u00f5e uma l\u00f3gica de seguran\u00e7a p\u00fablica que est\u00e1 longe de proteger vidas. Foto: Reprodu\u00e7\u00e3o da internet\" src=\"https:\/\/rioonwatch.org.br\/wp-content\/uploads\/2025\/10\/Reproducao-28-de-outubro-de-2025.png\" alt=\"Opera\u00e7\u00e3o mais letal da hist\u00f3ria do Rio exp\u00f5e uma l\u00f3gica de seguran\u00e7a p\u00fablica que est\u00e1 longe de proteger vidas. Foto: Reprodu\u00e7\u00e3o da internet\" width=\"2498\" height=\"1422\" srcset=\"https:\/\/rioonwatch.org.br\/wp-content\/uploads\/2025\/10\/Reproducao-28-de-outubro-de-2025.png 2498w, https:\/\/rioonwatch.org.br\/wp-content\/uploads\/2025\/10\/Reproducao-28-de-outubro-de-2025-620x353.png 620w, https:\/\/rioonwatch.org.br\/wp-content\/uploads\/2025\/10\/Reproducao-28-de-outubro-de-2025-768x437.png 768w, https:\/\/rioonwatch.org.br\/wp-content\/uploads\/2025\/10\/Reproducao-28-de-outubro-de-2025-1536x874.png 1536w, https:\/\/rioonwatch.org.br\/wp-content\/uploads\/2025\/10\/Reproducao-28-de-outubro-de-2025-2048x1166.png 2048w\" sizes=\"(max-width: 2498px) 100vw, 2498px\" \/><\/a><figcaption id=\"caption-attachment-79834\" class=\"wp-caption-text\">Opera\u00e7\u00e3o mais letal da hist\u00f3ria do Rio exp\u00f5e uma l\u00f3gica de seguran\u00e7a p\u00fablica que est\u00e1 longe de proteger vidas. Foto: Reprodu\u00e7\u00e3o da internet<\/figcaption><\/figure>\n<p style=\"text-align: right;\"><a href=\"https:\/\/bit.ly\/47OuQ7M\" target=\"_blank\" rel=\"noopener\"><em><strong>Click Here for English<\/strong><\/em><img decoding=\"async\" class=\"alignright wp-image-15790\" src=\"https:\/\/rioonwatch.org.br\/wp-content\/uploads\/2012\/08\/EN-standard-e1439583104716.jpg\" alt=\"\" width=\"20\" height=\"20\" \/><\/a><\/p>\n<p><em>Esta mat\u00e9ria faz parte da s\u00e9rie\u00a0<a href=\"http:\/\/bit.ly\/2mWUr7d\" target=\"_blank\" rel=\"noopener\">#OQueDizemAsRedes<\/a>\u00a0que traz pontos de vista publicados nas redes sociais, de moradores e ativistas de favela sobre eventos e temas que surgem na sociedade.<\/em><\/p>\n<p><span style=\"font-weight: 400;\">O dia 28 de outubro de 2025 ficar\u00e1 marcado como um dos mais traum\u00e1ticos e violentos da hist\u00f3ria do Rio de Janeiro. <\/span><span style=\"font-weight: 400;\"><span style=\"box-sizing: border-box; margin: 0px; padding: 0px;\">Uma megaopera\u00e7\u00e3o policial, iniciada nas comunidades do\u00a0<a href=\"https:\/\/bit.ly\/3jE6K3o\" target=\"_blank\" rel=\"noopener\">Complexo do Alem\u00e3o<\/a>\u00a0e\u00a0<a href=\"https:\/\/bit.ly\/34wHkR4\" target=\"_blank\" rel=\"noopener\">da Penha<\/a>, na\u00a0<a href=\"https:\/\/bit.ly\/3qsTKRW\" target=\"_blank\" rel=\"noopener\">Zona Norte<\/a>, visava cumprir mandados de pris\u00e3o contra integrantes do Comando Vermelho que atuavam nessas comunidades.<\/span> No entanto, a a\u00e7\u00e3o assumiu contornos inimaginavelmente brutais.<\/span><\/p>\n<p><span style=\"font-weight: 400;\">Poucas horas ap\u00f3s o in\u00edcio da opera\u00e7\u00e3o, \u00f3rg\u00e3os oficiais j\u00e1 contabilizavam<\/span><span style=\"font-weight: 400;\"> 64 pessoas mortas, incluindo quatro policiais, e 81 presas, o que \u00e9 mais do que o dobro dos atingidos na maior chacina anterior, a <a href=\"https:\/\/bit.ly\/3uzoyD6\" target=\"_blank\" rel=\"noopener\">Chacina do Jacarezinho<\/a>, em 2021. O atual governador do Rio de Janeiro, <a href=\"https:\/\/rioonwatch.org.br\/?tag=claudio-castro\">Cl\u00e1udio Castro<\/a>, comandou <a href=\"https:\/\/www1.folha.uol.com.br\/cotidiano\/2025\/10\/castro-comandou-3-das-4-operacoes-policiais-mais-letais-do-rj-desde-2007.shtml?utm_source=newsletter&amp;utm_medium=email&amp;utm_campaign=newsfolha\">tr\u00eas das quatro opera\u00e7\u00f5es mais letais<\/a> na hist\u00f3ria de uma cidade j\u00e1 <a href=\"https:\/\/igarape.org.br\/how-did-rios-police-become-known-as-the-most-violent-in-the-world\/\">notoriamente conhecida pela viol\u00eancia policial<\/a>, e <a href=\"https:\/\/www.reuters.com\/world\/americas\/least-20-dead-operation-against-organized-crime-brazils-rio-2025-10-28\/\">gerando d\u00favidas internacionais<\/a> sobre a capacidade da cidade sediar eventos internacionais na pr\u00f3xima semana e da COP30, confer\u00eancia do clima, a acontecer em duas semanas em Bel\u00e9m.<\/span><\/p>\n<p><span style=\"font-weight: 400;\">A velocidade com que os homic\u00eddios, pris\u00f5es e apreens\u00f5es de armas ocorreram nos complexos da Zona Norte desencadeou a\u00e7\u00f5es de retalia\u00e7\u00e3o em massa em quase todas as partes da Regi\u00e3o Metropolitana do Rio, resultando na interrup\u00e7\u00e3o de vias em bairros como <a href=\"https:\/\/bit.ly\/303L5v0\" target=\"_blank\" rel=\"noopener\">Ilha do Governador<\/a>, <a href=\"https:\/\/bit.ly\/38XkMeN\" target=\"_blank\" rel=\"noopener\">Engenho Novo<\/a>, <a href=\"https:\/\/bit.ly\/2SgiUCh\" target=\"_blank\" rel=\"noopener\">Taquara<\/a>, Freguesia, <a href=\"https:\/\/bit.ly\/2lv9jwu\" target=\"_blank\" rel=\"noopener\">Pavuna<\/a>, <a href=\"https:\/\/bit.ly\/2OMFzWV\" target=\"_blank\" rel=\"noopener\">Cascadura<\/a>, <a href=\"https:\/\/bit.ly\/3YrKtfL\" target=\"_blank\" rel=\"noopener\">Ramos<\/a>, <a href=\"https:\/\/bit.ly\/47ghpgU\" target=\"_blank\" rel=\"noopener\">Barros Filho<\/a>; em comunidades, como <a href=\"https:\/\/bit.ly\/3l0WQKR\" target=\"_blank\" rel=\"noopener\">Mar\u00e9<\/a> e <a href=\"https:\/\/bit.ly\/2rF8MuX\" target=\"_blank\" rel=\"noopener\">Cidade de Deus<\/a>; e na <a href=\"https:\/\/bit.ly\/2x1dXEP\" target=\"_blank\" rel=\"noopener\">regi\u00e3o central<\/a> da cidade, como a Rua Riachuelo, que passa pelo Bairro de F\u00e1tima e pela <a href=\"https:\/\/bit.ly\/2KEQu2i\" target=\"_blank\" rel=\"noopener\">Lapa<\/a>.<br \/>\n<\/span><\/p>\n<blockquote class=\"instagram-media\" style=\"background: #FFF; border: 0; border-radius: 3px; box-shadow: 0 0 1px 0 rgba(0,0,0,0.5),0 1px 10px 0 rgba(0,0,0,0.15); margin: 1px; max-width: 540px; min-width: 326px; padding: 0; width: calc(100% - 2px);\" data-instgrm-captioned=\"\" data-instgrm-permalink=\"https:\/\/www.instagram.com\/reel\/DQXESeDgFCz\/?utm_source=ig_embed&amp;utm_campaign=loading\" data-instgrm-version=\"14\">\n<div style=\"padding: 16px;\">\n<p>&nbsp;<\/p>\n<div style=\"display: flex; flex-direction: row; align-items: center;\">\n<div style=\"background-color: #f4f4f4; border-radius: 50%; flex-grow: 0; height: 40px; margin-right: 14px; width: 40px;\"><\/div>\n<div style=\"display: flex; flex-direction: column; flex-grow: 1; justify-content: center;\">\n<div style=\"background-color: #f4f4f4; border-radius: 4px; flex-grow: 0; height: 14px; margin-bottom: 6px; width: 100px;\"><\/div>\n<div style=\"background-color: #f4f4f4; border-radius: 4px; flex-grow: 0; height: 14px; width: 60px;\"><\/div>\n<\/div>\n<\/div>\n<div style=\"padding: 19% 0;\"><\/div>\n<div style=\"display: block; height: 50px; margin: 0 auto 12px; width: 50px;\"><\/div>\n<div style=\"padding-top: 8px;\">\n<div style=\"color: #3897f0; font-family: Arial,sans-serif; font-size: 14px; font-style: normal; font-weight: 550; line-height: 18px;\">Ver essa foto no Instagram<\/div>\n<\/div>\n<div style=\"padding: 12.5% 0;\"><\/div>\n<div style=\"display: flex; flex-direction: row; margin-bottom: 14px; align-items: center;\">\n<div>\n<div style=\"background-color: #f4f4f4; border-radius: 50%; height: 12.5px; width: 12.5px; transform: translateX(0px) translateY(7px);\"><\/div>\n<div style=\"background-color: #f4f4f4; height: 12.5px; transform: rotate(-45deg) translateX(3px) translateY(1px); width: 12.5px; flex-grow: 0; margin-right: 14px; margin-left: 2px;\"><\/div>\n<div style=\"background-color: #f4f4f4; border-radius: 50%; height: 12.5px; width: 12.5px; transform: translateX(9px) translateY(-18px);\"><\/div>\n<\/div>\n<div style=\"margin-left: 8px;\">\n<div style=\"background-color: #f4f4f4; border-radius: 50%; flex-grow: 0; height: 20px; width: 20px;\"><\/div>\n<div style=\"width: 0; height: 0; border-top: 2px solid transparent; border-left: 6px solid #f4f4f4; border-bottom: 2px solid transparent; transform: translateX(16px) translateY(-4px) rotate(30deg);\"><\/div>\n<\/div>\n<div style=\"margin-left: auto;\">\n<div style=\"width: 0px; border-top: 8px solid #F4F4F4; border-right: 8px solid transparent; transform: translateY(16px);\"><\/div>\n<div style=\"background-color: #f4f4f4; flex-grow: 0; height: 12px; width: 16px; transform: translateY(-4px);\"><\/div>\n<div style=\"width: 0; height: 0; border-top: 8px solid #F4F4F4; border-left: 8px solid transparent; transform: translateY(-4px) translateX(8px);\"><\/div>\n<\/div>\n<\/div>\n<div style=\"display: flex; flex-direction: column; flex-grow: 1; justify-content: center; margin-bottom: 24px;\">\n<div style=\"background-color: #f4f4f4; border-radius: 4px; flex-grow: 0; height: 14px; margin-bottom: 6px; width: 224px;\"><\/div>\n<div style=\"background-color: #f4f4f4; border-radius: 4px; flex-grow: 0; height: 14px; width: 144px;\"><\/div>\n<\/div>\n<p>&nbsp;<\/p>\n<p style=\"color: #c9c8cd; font-family: Arial,sans-serif; font-size: 14px; line-height: 17px; margin-bottom: 0; margin-top: 8px; overflow: hidden; padding: 8px 0 7px; text-align: center; text-overflow: ellipsis; white-space: nowrap;\"><a style=\"color: #c9c8cd; font-family: Arial,sans-serif; font-size: 14px; font-style: normal; font-weight: normal; line-height: 17px; text-decoration: none;\" href=\"https:\/\/www.instagram.com\/reel\/DQXESeDgFCz\/?utm_source=ig_embed&amp;utm_campaign=loading\" target=\"_blank\" rel=\"noopener\">Uma publica\u00e7\u00e3o compartilhada por A Voz do Lins de Vasconcelos (@avozdolins)<\/a><\/p>\n<\/div>\n<\/blockquote>\n<p><script async src=\"\/\/www.instagram.com\/embed.js\"><\/script><\/p>\n<blockquote class=\"instagram-media\" style=\"background: #FFF; border: 0; border-radius: 3px; box-shadow: 0 0 1px 0 rgba(0,0,0,0.5),0 1px 10px 0 rgba(0,0,0,0.15); margin: 1px; max-width: 540px; min-width: 326px; padding: 0; width: calc(100% - 2px);\" data-instgrm-captioned=\"\" data-instgrm-permalink=\"https:\/\/www.instagram.com\/reel\/DQXGjNvDv4E\/?utm_source=ig_embed&amp;utm_campaign=loading\" data-instgrm-version=\"14\">\n<div style=\"padding: 16px;\">\n<p>&nbsp;<\/p>\n<div style=\"display: flex; flex-direction: row; align-items: center;\">\n<div style=\"background-color: #f4f4f4; border-radius: 50%; flex-grow: 0; height: 40px; margin-right: 14px; width: 40px;\"><\/div>\n<div style=\"display: flex; flex-direction: column; flex-grow: 1; justify-content: center;\">\n<div style=\"background-color: #f4f4f4; border-radius: 4px; flex-grow: 0; height: 14px; margin-bottom: 6px; width: 100px;\"><\/div>\n<div style=\"background-color: #f4f4f4; border-radius: 4px; flex-grow: 0; height: 14px; width: 60px;\"><\/div>\n<\/div>\n<\/div>\n<div style=\"padding: 19% 0;\"><\/div>\n<div style=\"display: block; height: 50px; margin: 0 auto 12px; width: 50px;\"><\/div>\n<div style=\"padding-top: 8px;\">\n<div style=\"color: #3897f0; font-family: Arial,sans-serif; font-size: 14px; font-style: normal; font-weight: 550; line-height: 18px;\">Ver essa foto no Instagram<\/div>\n<\/div>\n<div style=\"padding: 12.5% 0;\"><\/div>\n<div style=\"display: flex; flex-direction: row; margin-bottom: 14px; align-items: center;\">\n<div>\n<div style=\"background-color: #f4f4f4; border-radius: 50%; height: 12.5px; width: 12.5px; transform: translateX(0px) translateY(7px);\"><\/div>\n<div style=\"background-color: #f4f4f4; height: 12.5px; transform: rotate(-45deg) translateX(3px) translateY(1px); width: 12.5px; flex-grow: 0; margin-right: 14px; margin-left: 2px;\"><\/div>\n<div style=\"background-color: #f4f4f4; border-radius: 50%; height: 12.5px; width: 12.5px; transform: translateX(9px) translateY(-18px);\"><\/div>\n<\/div>\n<div style=\"margin-left: 8px;\">\n<div style=\"background-color: #f4f4f4; border-radius: 50%; flex-grow: 0; height: 20px; width: 20px;\"><\/div>\n<div style=\"width: 0; height: 0; border-top: 2px solid transparent; border-left: 6px solid #f4f4f4; border-bottom: 2px solid transparent; transform: translateX(16px) translateY(-4px) rotate(30deg);\"><\/div>\n<\/div>\n<div style=\"margin-left: auto;\">\n<div style=\"width: 0px; border-top: 8px solid #F4F4F4; border-right: 8px solid transparent; transform: translateY(16px);\"><\/div>\n<div style=\"background-color: #f4f4f4; flex-grow: 0; height: 12px; width: 16px; transform: translateY(-4px);\"><\/div>\n<div style=\"width: 0; height: 0; border-top: 8px solid #F4F4F4; border-left: 8px solid transparent; transform: translateY(-4px) translateX(8px);\"><\/div>\n<\/div>\n<\/div>\n<div style=\"display: flex; flex-direction: column; flex-grow: 1; justify-content: center; margin-bottom: 24px;\">\n<div style=\"background-color: #f4f4f4; border-radius: 4px; flex-grow: 0; height: 14px; margin-bottom: 6px; width: 224px;\"><\/div>\n<div style=\"background-color: #f4f4f4; border-radius: 4px; flex-grow: 0; height: 14px; width: 144px;\"><\/div>\n<\/div>\n<p>&nbsp;<\/p>\n<p style=\"color: #c9c8cd; font-family: Arial,sans-serif; font-size: 14px; line-height: 17px; margin-bottom: 0; margin-top: 8px; overflow: hidden; padding: 8px 0 7px; text-align: center; text-overflow: ellipsis; white-space: nowrap;\"><a style=\"color: #c9c8cd; font-family: Arial,sans-serif; font-size: 14px; font-style: normal; font-weight: normal; line-height: 17px; text-decoration: none;\" href=\"https:\/\/www.instagram.com\/reel\/DQXGjNvDv4E\/?utm_source=ig_embed&amp;utm_campaign=loading\" target=\"_blank\" rel=\"noopener\">Uma publica\u00e7\u00e3o compartilhada por DI\u00c1RIO INSULANO | NOT\u00cdCIAS DA ILHA DO GOVERNADOR (@diarioinsulano)<\/a><\/p>\n<\/div>\n<\/blockquote>\n<p><script async src=\"\/\/www.instagram.com\/embed.js\"><\/script><br \/>\n<span style=\"font-weight: 400;\">O clima de terror generalizado, sobretudo nas favelas, durou at\u00e9 a madrugada desta quarta-feira, dia 29 de outubro, quando os pr\u00f3prios moradores do Complexo da Penha come\u00e7aram a localizar e retirar corpos de uma \u00e1rea de mata do territ\u00f3rio.\u00a0<\/span><\/p>\n<p><span style=\"font-weight: 400;\">At\u00e9 agora, a opera\u00e7\u00e3o, segundo a <a href=\"https:\/\/bit.ly\/1kcl02n\" target=\"_blank\" rel=\"noopener\">Defensoria P\u00fablica do Rio de Janeiro<\/a>, j\u00e1 causou mais de 130 mortes, tornando-a a a\u00e7\u00e3o mais letal de toda a hist\u00f3ria do estado.<\/span><\/p>\n<figure id=\"attachment_79844\" aria-describedby=\"caption-attachment-79844\" style=\"width: 1640px\" class=\"wp-caption aligncenter\"><a href=\"https:\/\/www.instagram.com\/p\/DQYwJeMjnLJ\/?utm_source=ig_embed&amp;utm_campaign=invalid&amp;ig_rid=cfc99097-c691-498c-b5f1-18fa77ea8e83\" target=\"_blank\" rel=\"noopener\"><img decoding=\"async\" class=\"wp-image-79844 size-full\" src=\"https:\/\/rioonwatch.org.br\/wp-content\/uploads\/2025\/10\/Post-Raull-Santiago.png\" alt=\"\" width=\"1640\" height=\"1222\" srcset=\"https:\/\/rioonwatch.org.br\/wp-content\/uploads\/2025\/10\/Post-Raull-Santiago.png 1640w, https:\/\/rioonwatch.org.br\/wp-content\/uploads\/2025\/10\/Post-Raull-Santiago-620x462.png 620w, https:\/\/rioonwatch.org.br\/wp-content\/uploads\/2025\/10\/Post-Raull-Santiago-768x572.png 768w, https:\/\/rioonwatch.org.br\/wp-content\/uploads\/2025\/10\/Post-Raull-Santiago-1536x1145.png 1536w, https:\/\/rioonwatch.org.br\/wp-content\/uploads\/2025\/10\/Post-Raull-Santiago-80x60.png 80w\" sizes=\"(max-width: 1640px) 100vw, 1640px\" \/><\/a><figcaption id=\"caption-attachment-79844\" class=\"wp-caption-text\">Post por Raull Santiago no Instagram<\/figcaption><\/figure>\n<p><span style=\"font-weight: 400;\">Por volta das 13:48 de ontem, o Centro de Opera\u00e7\u00f5es e Resili\u00eancia do Rio (<a href=\"https:\/\/bit.ly\/48Tu7Dw\" target=\"_blank\" rel=\"noopener\">COR<\/a>) decretou Est\u00e1gio 2 de aten\u00e7\u00e3o, indicando amea\u00e7as de alto impacto \u00e0 seguran\u00e7a p\u00fablica do munic\u00edpio naquele momento.<\/span><\/p>\n<p><span style=\"font-weight: 400;\">Entre os moradores das comunidades-alvo da megaopera\u00e7\u00e3o, o clima era de viol\u00eancia e pavor intenso. Em v\u00eddeo, moradores registraram a entrada de um <a href=\"https:\/\/bit.ly\/2zjcLkP\" target=\"_blank\" rel=\"noopener\">caveir\u00e3o<\/a> no Complexo do Alem\u00e3o, enquanto v\u00e1rias pessoas transitavam pelas ruas.<\/span><\/p>\n<blockquote class=\"instagram-media\" style=\"background: #FFF; border: 0; border-radius: 3px; box-shadow: 0 0 1px 0 rgba(0,0,0,0.5),0 1px 10px 0 rgba(0,0,0,0.15); margin: 1px; max-width: 540px; min-width: 326px; padding: 0; width: calc(100% - 2px);\" data-instgrm-captioned=\"\" data-instgrm-permalink=\"https:\/\/www.instagram.com\/reel\/DQW_sGOEcSY\/?utm_source=ig_embed&amp;utm_campaign=loading\" data-instgrm-version=\"14\">\n<div style=\"padding: 16px;\">\n<p>&nbsp;<\/p>\n<div style=\"display: flex; flex-direction: row; align-items: center;\">\n<div style=\"background-color: #f4f4f4; border-radius: 50%; flex-grow: 0; height: 40px; margin-right: 14px; width: 40px;\"><\/div>\n<div style=\"display: flex; flex-direction: column; flex-grow: 1; justify-content: center;\">\n<div style=\"background-color: #f4f4f4; border-radius: 4px; flex-grow: 0; height: 14px; margin-bottom: 6px; width: 100px;\"><\/div>\n<div style=\"background-color: #f4f4f4; border-radius: 4px; flex-grow: 0; height: 14px; width: 60px;\"><\/div>\n<\/div>\n<\/div>\n<div style=\"padding: 19% 0;\"><\/div>\n<div style=\"display: block; height: 50px; margin: 0 auto 12px; width: 50px;\"><\/div>\n<div style=\"padding-top: 8px;\">\n<div style=\"color: #3897f0; font-family: Arial,sans-serif; font-size: 14px; font-style: normal; font-weight: 550; line-height: 18px;\">Ver essa foto no Instagram<\/div>\n<\/div>\n<div style=\"padding: 12.5% 0;\"><\/div>\n<div style=\"display: flex; flex-direction: row; margin-bottom: 14px; align-items: center;\">\n<div>\n<div style=\"background-color: #f4f4f4; border-radius: 50%; height: 12.5px; width: 12.5px; transform: translateX(0px) translateY(7px);\"><\/div>\n<div style=\"background-color: #f4f4f4; height: 12.5px; transform: rotate(-45deg) translateX(3px) translateY(1px); width: 12.5px; flex-grow: 0; margin-right: 14px; margin-left: 2px;\"><\/div>\n<div style=\"background-color: #f4f4f4; border-radius: 50%; height: 12.5px; width: 12.5px; transform: translateX(9px) translateY(-18px);\"><\/div>\n<\/div>\n<div style=\"margin-left: 8px;\">\n<div style=\"background-color: #f4f4f4; border-radius: 50%; flex-grow: 0; height: 20px; width: 20px;\"><\/div>\n<div style=\"width: 0; height: 0; border-top: 2px solid transparent; border-left: 6px solid #f4f4f4; border-bottom: 2px solid transparent; transform: translateX(16px) translateY(-4px) rotate(30deg);\"><\/div>\n<\/div>\n<div style=\"margin-left: auto;\">\n<div style=\"width: 0px; border-top: 8px solid #F4F4F4; border-right: 8px solid transparent; transform: translateY(16px);\"><\/div>\n<div style=\"background-color: #f4f4f4; flex-grow: 0; height: 12px; width: 16px; transform: translateY(-4px);\"><\/div>\n<div style=\"width: 0; height: 0; border-top: 8px solid #F4F4F4; border-left: 8px solid transparent; transform: translateY(-4px) translateX(8px);\"><\/div>\n<\/div>\n<\/div>\n<div style=\"display: flex; flex-direction: column; flex-grow: 1; justify-content: center; margin-bottom: 24px;\">\n<div style=\"background-color: #f4f4f4; border-radius: 4px; flex-grow: 0; height: 14px; margin-bottom: 6px; width: 224px;\"><\/div>\n<div style=\"background-color: #f4f4f4; border-radius: 4px; flex-grow: 0; height: 14px; width: 144px;\"><\/div>\n<\/div>\n<p>&nbsp;<\/p>\n<p style=\"color: #c9c8cd; font-family: Arial,sans-serif; font-size: 14px; line-height: 17px; margin-bottom: 0; margin-top: 8px; overflow: hidden; padding: 8px 0 7px; text-align: center; text-overflow: ellipsis; white-space: nowrap;\"><a style=\"color: #c9c8cd; font-family: Arial,sans-serif; font-size: 14px; font-style: normal; font-weight: normal; line-height: 17px; text-decoration: none;\" href=\"https:\/\/www.instagram.com\/reel\/DQW_sGOEcSY\/?utm_source=ig_embed&amp;utm_campaign=loading\" target=\"_blank\" rel=\"noopener\">Uma publica\u00e7\u00e3o compartilhada por Voz das Comunidades (@vozdascomunidades)<\/a><\/p>\n<\/div>\n<\/blockquote>\n<p><script async src=\"\/\/www.instagram.com\/embed.js\"><\/script><\/p>\n<p><span style=\"font-weight: 400;\">Diversas vias ficaram temporariamente interditadas devido a epis\u00f3dios de troca de tiros, como ocorreu na Graja\u00fa-Jacarepagu\u00e1, que liga a Zona Norte \u00e0 <a href=\"https:\/\/bit.ly\/2VcmBwc\" target=\"_blank\" rel=\"noopener\">Zona Oeste<\/a>.<\/span><\/p>\n<blockquote class=\"instagram-media\" style=\"background: #FFF; border: 0; border-radius: 3px; box-shadow: 0 0 1px 0 rgba(0,0,0,0.5),0 1px 10px 0 rgba(0,0,0,0.15); margin: 1px; max-width: 540px; min-width: 326px; padding: 0; width: calc(100% - 2px);\" data-instgrm-captioned=\"\" data-instgrm-permalink=\"https:\/\/www.instagram.com\/reel\/DQXdZMigYNj\/?utm_source=ig_embed&amp;utm_campaign=loading\" data-instgrm-version=\"14\">\n<div style=\"padding: 16px;\">\n<p>&nbsp;<\/p>\n<div style=\"display: flex; flex-direction: row; align-items: center;\">\n<div style=\"background-color: #f4f4f4; border-radius: 50%; flex-grow: 0; height: 40px; margin-right: 14px; width: 40px;\"><\/div>\n<div style=\"display: flex; flex-direction: column; flex-grow: 1; justify-content: center;\">\n<div style=\"background-color: #f4f4f4; border-radius: 4px; flex-grow: 0; height: 14px; margin-bottom: 6px; width: 100px;\"><\/div>\n<div style=\"background-color: #f4f4f4; border-radius: 4px; flex-grow: 0; height: 14px; width: 60px;\"><\/div>\n<\/div>\n<\/div>\n<div style=\"padding: 19% 0;\"><\/div>\n<div style=\"display: block; height: 50px; margin: 0 auto 12px; width: 50px;\"><\/div>\n<div style=\"padding-top: 8px;\">\n<div style=\"color: #3897f0; font-family: Arial,sans-serif; font-size: 14px; font-style: normal; font-weight: 550; line-height: 18px;\">Ver essa foto no Instagram<\/div>\n<\/div>\n<div style=\"padding: 12.5% 0;\"><\/div>\n<div style=\"display: flex; flex-direction: row; margin-bottom: 14px; align-items: center;\">\n<div>\n<div style=\"background-color: #f4f4f4; border-radius: 50%; height: 12.5px; width: 12.5px; transform: translateX(0px) translateY(7px);\"><\/div>\n<div style=\"background-color: #f4f4f4; height: 12.5px; transform: rotate(-45deg) translateX(3px) translateY(1px); width: 12.5px; flex-grow: 0; margin-right: 14px; margin-left: 2px;\"><\/div>\n<div style=\"background-color: #f4f4f4; border-radius: 50%; height: 12.5px; width: 12.5px; transform: translateX(9px) translateY(-18px);\"><\/div>\n<\/div>\n<div style=\"margin-left: 8px;\">\n<div style=\"background-color: #f4f4f4; border-radius: 50%; flex-grow: 0; height: 20px; width: 20px;\"><\/div>\n<div style=\"width: 0; height: 0; border-top: 2px solid transparent; border-left: 6px solid #f4f4f4; border-bottom: 2px solid transparent; transform: translateX(16px) translateY(-4px) rotate(30deg);\"><\/div>\n<\/div>\n<div style=\"margin-left: auto;\">\n<div style=\"width: 0px; border-top: 8px solid #F4F4F4; border-right: 8px solid transparent; transform: translateY(16px);\"><\/div>\n<div style=\"background-color: #f4f4f4; flex-grow: 0; height: 12px; width: 16px; transform: translateY(-4px);\"><\/div>\n<div style=\"width: 0; height: 0; border-top: 8px solid #F4F4F4; border-left: 8px solid transparent; transform: translateY(-4px) translateX(8px);\"><\/div>\n<\/div>\n<\/div>\n<div style=\"display: flex; flex-direction: column; flex-grow: 1; justify-content: center; margin-bottom: 24px;\">\n<div style=\"background-color: #f4f4f4; border-radius: 4px; flex-grow: 0; height: 14px; margin-bottom: 6px; width: 224px;\"><\/div>\n<div style=\"background-color: #f4f4f4; border-radius: 4px; flex-grow: 0; height: 14px; width: 144px;\"><\/div>\n<\/div>\n<p>&nbsp;<\/p>\n<p style=\"color: #c9c8cd; font-family: Arial,sans-serif; font-size: 14px; line-height: 17px; margin-bottom: 0; margin-top: 8px; overflow: hidden; padding: 8px 0 7px; text-align: center; text-overflow: ellipsis; white-space: nowrap;\"><a style=\"color: #c9c8cd; font-family: Arial,sans-serif; font-size: 14px; font-style: normal; font-weight: normal; line-height: 17px; text-decoration: none;\" href=\"https:\/\/www.instagram.com\/reel\/DQXdZMigYNj\/?utm_source=ig_embed&amp;utm_campaign=loading\" target=\"_blank\" rel=\"noopener\">Uma publica\u00e7\u00e3o compartilhada por VILA ISABEL NOT\u00cdCIAS (@vilaisabelnoticias)<\/a><\/p>\n<\/div>\n<\/blockquote>\n<p><script async src=\"\/\/www.instagram.com\/embed.js\"><\/script><\/p>\n<blockquote class=\"instagram-media\" style=\"background: #FFF; border: 0; border-radius: 3px; box-shadow: 0 0 1px 0 rgba(0,0,0,0.5),0 1px 10px 0 rgba(0,0,0,0.15); margin: 1px; max-width: 540px; min-width: 326px; padding: 0; width: calc(100% - 2px);\" data-instgrm-captioned=\"\" data-instgrm-permalink=\"https:\/\/www.instagram.com\/p\/DQXdeLgAekI\/?utm_source=ig_embed&amp;utm_campaign=loading\" data-instgrm-version=\"14\">\n<div style=\"padding: 16px;\">\n<p>&nbsp;<\/p>\n<div style=\"display: flex; flex-direction: row; align-items: center;\">\n<div style=\"background-color: #f4f4f4; border-radius: 50%; flex-grow: 0; height: 40px; margin-right: 14px; width: 40px;\"><\/div>\n<div style=\"display: flex; flex-direction: column; flex-grow: 1; justify-content: center;\">\n<div style=\"background-color: #f4f4f4; border-radius: 4px; flex-grow: 0; height: 14px; margin-bottom: 6px; width: 100px;\"><\/div>\n<div style=\"background-color: #f4f4f4; border-radius: 4px; flex-grow: 0; height: 14px; width: 60px;\"><\/div>\n<\/div>\n<\/div>\n<div style=\"padding: 19% 0;\"><\/div>\n<div style=\"display: block; height: 50px; margin: 0 auto 12px; width: 50px;\"><\/div>\n<div style=\"padding-top: 8px;\">\n<div style=\"color: #3897f0; font-family: Arial,sans-serif; font-size: 14px; font-style: normal; font-weight: 550; line-height: 18px;\">Ver essa foto no Instagram<\/div>\n<\/div>\n<div style=\"padding: 12.5% 0;\"><\/div>\n<div style=\"display: flex; flex-direction: row; margin-bottom: 14px; align-items: center;\">\n<div>\n<div style=\"background-color: #f4f4f4; border-radius: 50%; height: 12.5px; width: 12.5px; transform: translateX(0px) translateY(7px);\"><\/div>\n<div style=\"background-color: #f4f4f4; height: 12.5px; transform: rotate(-45deg) translateX(3px) translateY(1px); width: 12.5px; flex-grow: 0; margin-right: 14px; margin-left: 2px;\"><\/div>\n<div style=\"background-color: #f4f4f4; border-radius: 50%; height: 12.5px; width: 12.5px; transform: translateX(9px) translateY(-18px);\"><\/div>\n<\/div>\n<div style=\"margin-left: 8px;\">\n<div style=\"background-color: #f4f4f4; border-radius: 50%; flex-grow: 0; height: 20px; width: 20px;\"><\/div>\n<div style=\"width: 0; height: 0; border-top: 2px solid transparent; border-left: 6px solid #f4f4f4; border-bottom: 2px solid transparent; transform: translateX(16px) translateY(-4px) rotate(30deg);\"><\/div>\n<\/div>\n<div style=\"margin-left: auto;\">\n<div style=\"width: 0px; border-top: 8px solid #F4F4F4; border-right: 8px solid transparent; transform: translateY(16px);\"><\/div>\n<div style=\"background-color: #f4f4f4; flex-grow: 0; height: 12px; width: 16px; transform: translateY(-4px);\"><\/div>\n<div style=\"width: 0; height: 0; border-top: 8px solid #F4F4F4; border-left: 8px solid transparent; transform: translateY(-4px) translateX(8px);\"><\/div>\n<\/div>\n<\/div>\n<div style=\"display: flex; flex-direction: column; flex-grow: 1; justify-content: center; margin-bottom: 24px;\">\n<div style=\"background-color: #f4f4f4; border-radius: 4px; flex-grow: 0; height: 14px; margin-bottom: 6px; width: 224px;\"><\/div>\n<div style=\"background-color: #f4f4f4; border-radius: 4px; flex-grow: 0; height: 14px; width: 144px;\"><\/div>\n<\/div>\n<p>&nbsp;<\/p>\n<p style=\"color: #c9c8cd; font-family: Arial,sans-serif; font-size: 14px; line-height: 17px; margin-bottom: 0; margin-top: 8px; overflow: hidden; padding: 8px 0 7px; text-align: center; text-overflow: ellipsis; white-space: nowrap;\"><a style=\"color: #c9c8cd; font-family: Arial,sans-serif; font-size: 14px; font-style: normal; font-weight: normal; line-height: 17px; text-decoration: none;\" href=\"https:\/\/www.instagram.com\/p\/DQXdeLgAekI\/?utm_source=ig_embed&amp;utm_campaign=loading\" target=\"_blank\" rel=\"noopener\">Uma publica\u00e7\u00e3o compartilhada por Mi\u0301dia NINJA (@midianinja)<\/a><\/p>\n<\/div>\n<\/blockquote>\n<p><script async src=\"\/\/www.instagram.com\/embed.js\"><\/script><\/p>\n<p><span style=\"font-weight: 400;\">Em resposta, moradores do Complexo do Alem\u00e3o e da Penha caminharam pelas comunidades em protesto contra a barb\u00e1rie sem precedentes.<\/span><\/p>\n<blockquote class=\"instagram-media\" style=\"background: #FFF; border: 0; border-radius: 3px; box-shadow: 0 0 1px 0 rgba(0,0,0,0.5),0 1px 10px 0 rgba(0,0,0,0.15); margin: 1px; max-width: 540px; min-width: 326px; padding: 0; width: calc(100% - 2px);\" data-instgrm-captioned=\"\" data-instgrm-permalink=\"https:\/\/www.instagram.com\/reel\/DQW76w7Ef-H\/?utm_source=ig_embed&amp;utm_campaign=loading\" data-instgrm-version=\"14\">\n<div style=\"padding: 16px;\">\n<p>&nbsp;<\/p>\n<div style=\"display: flex; flex-direction: row; align-items: center;\">\n<div style=\"background-color: #f4f4f4; border-radius: 50%; flex-grow: 0; height: 40px; margin-right: 14px; width: 40px;\"><\/div>\n<div style=\"display: flex; flex-direction: column; flex-grow: 1; justify-content: center;\">\n<div style=\"background-color: #f4f4f4; border-radius: 4px; flex-grow: 0; height: 14px; margin-bottom: 6px; width: 100px;\"><\/div>\n<div style=\"background-color: #f4f4f4; border-radius: 4px; flex-grow: 0; height: 14px; width: 60px;\"><\/div>\n<\/div>\n<\/div>\n<div style=\"padding: 19% 0;\"><\/div>\n<div style=\"display: block; height: 50px; margin: 0 auto 12px; width: 50px;\"><\/div>\n<div style=\"padding-top: 8px;\">\n<div style=\"color: #3897f0; font-family: Arial,sans-serif; font-size: 14px; font-style: normal; font-weight: 550; line-height: 18px;\">Ver essa foto no Instagram<\/div>\n<\/div>\n<div style=\"padding: 12.5% 0;\"><\/div>\n<div style=\"display: flex; flex-direction: row; margin-bottom: 14px; align-items: center;\">\n<div>\n<div style=\"background-color: #f4f4f4; border-radius: 50%; height: 12.5px; width: 12.5px; transform: translateX(0px) translateY(7px);\"><\/div>\n<div style=\"background-color: #f4f4f4; height: 12.5px; transform: rotate(-45deg) translateX(3px) translateY(1px); width: 12.5px; flex-grow: 0; margin-right: 14px; margin-left: 2px;\"><\/div>\n<div style=\"background-color: #f4f4f4; border-radius: 50%; height: 12.5px; width: 12.5px; transform: translateX(9px) translateY(-18px);\"><\/div>\n<\/div>\n<div style=\"margin-left: 8px;\">\n<div style=\"background-color: #f4f4f4; border-radius: 50%; flex-grow: 0; height: 20px; width: 20px;\"><\/div>\n<div style=\"width: 0; height: 0; border-top: 2px solid transparent; border-left: 6px solid #f4f4f4; border-bottom: 2px solid transparent; transform: translateX(16px) translateY(-4px) rotate(30deg);\"><\/div>\n<\/div>\n<div style=\"margin-left: auto;\">\n<div style=\"width: 0px; border-top: 8px solid #F4F4F4; border-right: 8px solid transparent; transform: translateY(16px);\"><\/div>\n<div style=\"background-color: #f4f4f4; flex-grow: 0; height: 12px; width: 16px; transform: translateY(-4px);\"><\/div>\n<div style=\"width: 0; height: 0; border-top: 8px solid #F4F4F4; border-left: 8px solid transparent; transform: translateY(-4px) translateX(8px);\"><\/div>\n<\/div>\n<\/div>\n<div style=\"display: flex; flex-direction: column; flex-grow: 1; justify-content: center; margin-bottom: 24px;\">\n<div style=\"background-color: #f4f4f4; border-radius: 4px; flex-grow: 0; height: 14px; margin-bottom: 6px; width: 224px;\"><\/div>\n<div style=\"background-color: #f4f4f4; border-radius: 4px; flex-grow: 0; height: 14px; width: 144px;\"><\/div>\n<\/div>\n<p>&nbsp;<\/p>\n<p style=\"color: #c9c8cd; font-family: Arial,sans-serif; font-size: 14px; line-height: 17px; margin-bottom: 0; margin-top: 8px; overflow: hidden; padding: 8px 0 7px; text-align: center; text-overflow: ellipsis; white-space: nowrap;\"><a style=\"color: #c9c8cd; font-family: Arial,sans-serif; font-size: 14px; font-style: normal; font-weight: normal; line-height: 17px; text-decoration: none;\" href=\"https:\/\/www.instagram.com\/reel\/DQW76w7Ef-H\/?utm_source=ig_embed&amp;utm_campaign=loading\" target=\"_blank\" rel=\"noopener\">Uma publica\u00e7\u00e3o compartilhada por Voz das Comunidades (@vozdascomunidades)<\/a><\/p>\n<\/div>\n<\/blockquote>\n<p><script async src=\"\/\/www.instagram.com\/embed.js\"><\/script><\/p>\n<p><span style=\"box-sizing: border-box; margin: 0px; padding: 0px;\">Diversos coletivos e movimentos de favelas se pronunciaram nas redes, sobretudo os diretamente afetados pela opera\u00e7\u00e3o, como o Centro de Integra\u00e7\u00e3o da Serra da Miseric\u00f3rdia (<a href=\"https:\/\/bit.ly\/3dIB8Ia\" target=\"_blank\" rel=\"noopener\">CEM<\/a>), na Serra da Miseric\u00f3rdia, na Penha; o <a href=\"https:\/\/bit.ly\/48znfL7\" target=\"_blank\" rel=\"noopener\">Instituto Papo Reto<\/a>\u00a0e o portal de jornalismo comunit\u00e1rio\u00a0<em><a href=\"https:\/\/bit.ly\/47lBKjq\" target=\"_blank\" rel=\"noopener\">Voz das Comunidades<\/a><\/em>, ambos do Alem\u00e3o.<\/span><\/p>\n<blockquote class=\"instagram-media\" style=\"background: #FFF; border: 0; border-radius: 3px; box-shadow: 0 0 1px 0 rgba(0,0,0,0.5),0 1px 10px 0 rgba(0,0,0,0.15); margin: 1px; max-width: 540px; min-width: 326px; padding: 0; width: calc(100% - 2px);\" data-instgrm-captioned=\"\" data-instgrm-permalink=\"https:\/\/www.instagram.com\/p\/DQWlbsbjlDz\/?utm_source=ig_embed&amp;utm_campaign=loading\" data-instgrm-version=\"14\">\n<div style=\"padding: 16px;\">\n<p>&nbsp;<\/p>\n<div style=\"display: flex; flex-direction: row; align-items: center;\">\n<div style=\"background-color: #f4f4f4; border-radius: 50%; flex-grow: 0; height: 40px; margin-right: 14px; width: 40px;\"><\/div>\n<div style=\"display: flex; flex-direction: column; flex-grow: 1; justify-content: center;\">\n<div style=\"background-color: #f4f4f4; border-radius: 4px; flex-grow: 0; height: 14px; margin-bottom: 6px; width: 100px;\"><\/div>\n<div style=\"background-color: #f4f4f4; border-radius: 4px; flex-grow: 0; height: 14px; width: 60px;\"><\/div>\n<\/div>\n<\/div>\n<div style=\"padding: 19% 0;\"><\/div>\n<div style=\"display: block; height: 50px; margin: 0 auto 12px; width: 50px;\"><\/div>\n<div style=\"padding-top: 8px;\">\n<div style=\"color: #3897f0; font-family: Arial,sans-serif; font-size: 14px; font-style: normal; font-weight: 550; line-height: 18px;\">Ver essa foto no Instagram<\/div>\n<\/div>\n<div style=\"padding: 12.5% 0;\"><\/div>\n<div style=\"display: flex; flex-direction: row; margin-bottom: 14px; align-items: center;\">\n<div>\n<div style=\"background-color: #f4f4f4; border-radius: 50%; height: 12.5px; width: 12.5px; transform: translateX(0px) translateY(7px);\"><\/div>\n<div style=\"background-color: #f4f4f4; height: 12.5px; transform: rotate(-45deg) translateX(3px) translateY(1px); width: 12.5px; flex-grow: 0; margin-right: 14px; margin-left: 2px;\"><\/div>\n<div style=\"background-color: #f4f4f4; border-radius: 50%; height: 12.5px; width: 12.5px; transform: translateX(9px) translateY(-18px);\"><\/div>\n<\/div>\n<div style=\"margin-left: 8px;\">\n<div style=\"background-color: #f4f4f4; border-radius: 50%; flex-grow: 0; height: 20px; width: 20px;\"><\/div>\n<div style=\"width: 0; height: 0; border-top: 2px solid transparent; border-left: 6px solid #f4f4f4; border-bottom: 2px solid transparent; transform: translateX(16px) translateY(-4px) rotate(30deg);\"><\/div>\n<\/div>\n<div style=\"margin-left: auto;\">\n<div style=\"width: 0px; border-top: 8px solid #F4F4F4; border-right: 8px solid transparent; transform: translateY(16px);\"><\/div>\n<div style=\"background-color: #f4f4f4; flex-grow: 0; height: 12px; width: 16px; transform: translateY(-4px);\"><\/div>\n<div style=\"width: 0; height: 0; border-top: 8px solid #F4F4F4; border-left: 8px solid transparent; transform: translateY(-4px) translateX(8px);\"><\/div>\n<\/div>\n<\/div>\n<div style=\"display: flex; flex-direction: column; flex-grow: 1; justify-content: center; margin-bottom: 24px;\">\n<div style=\"background-color: #f4f4f4; border-radius: 4px; flex-grow: 0; height: 14px; margin-bottom: 6px; width: 224px;\"><\/div>\n<div style=\"background-color: #f4f4f4; border-radius: 4px; flex-grow: 0; height: 14px; width: 144px;\"><\/div>\n<\/div>\n<p>&nbsp;<\/p>\n<p style=\"color: #c9c8cd; font-family: Arial,sans-serif; font-size: 14px; line-height: 17px; margin-bottom: 0; margin-top: 8px; overflow: hidden; padding: 8px 0 7px; text-align: center; text-overflow: ellipsis; white-space: nowrap;\"><a style=\"color: #c9c8cd; font-family: Arial,sans-serif; font-size: 14px; font-style: normal; font-weight: normal; line-height: 17px; text-decoration: none;\" href=\"https:\/\/www.instagram.com\/p\/DQWlbsbjlDz\/?utm_source=ig_embed&amp;utm_campaign=loading\" target=\"_blank\" rel=\"noopener\">Uma publica\u00e7\u00e3o compartilhada por CEM Serra da Miseric\u00f3rdia (@cem_serra_misericordia)<\/a><\/p>\n<\/div>\n<\/blockquote>\n<p><script src=\"\/\/www.instagram.com\/embed.js\" async=\"\"><\/script><\/p>\n<p><span style=\"font-weight: 400;\">Em entrevista concedida \u00e0 grande m\u00eddia e publicada nas redes sociais, Raull Santiago, do Instituto Papo Reto, denuncia a falta de planejamento e as falhas do modelo de seguran\u00e7a vigente, ainda defendido pelos gestores p\u00fablicos.<\/span><\/p>\n<blockquote><p>&#8220;A gente t\u00e1 falando da execu\u00e7\u00e3o sum\u00e1ria de mais de 60 pessoas, entre jovens e adultos que podem estar envolvidos ou n\u00e3o com o mundo da ilegalidade das drogas. A gente t\u00e1 falando de moradoras e moradores, a gente t\u00e1 falando de policiais. Essas pessoas que agora s\u00e3o s\u00f3 n\u00fameros, mas que na pr\u00e1tica [o que est\u00e1 havendo \u00e9] o <em>modus operandi<\/em> [no Rio de Janeiro,] n\u00e3o tem nada de novidade. Repete-se as opera\u00e7\u00f5es e as v\u00e1rias chacinas que j\u00e1 aconteceram muitas outras vezes na realidade do Rio de Janeiro. Novamente Complexo da Penha e Alem\u00e3o s\u00e3o alvos centrais dessa barbaridade. Temos mais de 60 corpos executados. Isso entra para a Hist\u00f3ria no n\u00edvel de brutalidade. N\u00e3o estou chamando de chacina, t\u00f4 chamando de massacre. Tiveram pessoas infartando, idosos com taquicardia, m\u00e3es de crian\u00e7as PCDs, autistas, em pleno desespero diante do caos que t\u00e1 nesse dia no Complexo do Alem\u00e3o.&#8221; \u2014 <a href=\"https:\/\/www.instagram.com\/p\/DQYwJeMjnLJ\/?igsh=MWZnMGgwdmxmaGJlMw%3D%3D\">Raull Santiago<\/a><\/p><\/blockquote>\n<blockquote class=\"instagram-media\" style=\"background: #FFF; border: 0; border-radius: 3px; box-shadow: 0 0 1px 0 rgba(0,0,0,0.5),0 1px 10px 0 rgba(0,0,0,0.15); margin: 1px; max-width: 540px; min-width: 326px; padding: 0; width: calc(100% - 2px);\" data-instgrm-captioned=\"\" data-instgrm-permalink=\"https:\/\/www.instagram.com\/reel\/DQX5TluDAUJ\/?utm_source=ig_embed&amp;utm_campaign=loading\" data-instgrm-version=\"14\">\n<div style=\"padding: 16px;\">\n<p>&nbsp;<\/p>\n<div style=\"display: flex; flex-direction: row; align-items: center;\">\n<div style=\"background-color: #f4f4f4; border-radius: 50%; flex-grow: 0; height: 40px; margin-right: 14px; width: 40px;\"><\/div>\n<div style=\"display: flex; flex-direction: column; flex-grow: 1; justify-content: center;\">\n<div style=\"background-color: #f4f4f4; border-radius: 4px; flex-grow: 0; height: 14px; margin-bottom: 6px; width: 100px;\"><\/div>\n<div style=\"background-color: #f4f4f4; border-radius: 4px; flex-grow: 0; height: 14px; width: 60px;\"><\/div>\n<\/div>\n<\/div>\n<div style=\"padding: 19% 0;\"><\/div>\n<div style=\"display: block; height: 50px; margin: 0 auto 12px; width: 50px;\"><\/div>\n<div style=\"padding-top: 8px;\">\n<div style=\"color: #3897f0; font-family: Arial,sans-serif; font-size: 14px; font-style: normal; font-weight: 550; line-height: 18px;\">Ver essa foto no Instagram<\/div>\n<\/div>\n<div style=\"padding: 12.5% 0;\"><\/div>\n<div style=\"display: flex; flex-direction: row; margin-bottom: 14px; align-items: center;\">\n<div>\n<div style=\"background-color: #f4f4f4; border-radius: 50%; height: 12.5px; width: 12.5px; transform: translateX(0px) translateY(7px);\"><\/div>\n<div style=\"background-color: #f4f4f4; height: 12.5px; transform: rotate(-45deg) translateX(3px) translateY(1px); width: 12.5px; flex-grow: 0; margin-right: 14px; margin-left: 2px;\"><\/div>\n<div style=\"background-color: #f4f4f4; border-radius: 50%; height: 12.5px; width: 12.5px; transform: translateX(9px) translateY(-18px);\"><\/div>\n<\/div>\n<div style=\"margin-left: 8px;\">\n<div style=\"background-color: #f4f4f4; border-radius: 50%; flex-grow: 0; height: 20px; width: 20px;\"><\/div>\n<div style=\"width: 0; height: 0; border-top: 2px solid transparent; border-left: 6px solid #f4f4f4; border-bottom: 2px solid transparent; transform: translateX(16px) translateY(-4px) rotate(30deg);\"><\/div>\n<\/div>\n<div style=\"margin-left: auto;\">\n<div style=\"width: 0px; border-top: 8px solid #F4F4F4; border-right: 8px solid transparent; transform: translateY(16px);\"><\/div>\n<div style=\"background-color: #f4f4f4; flex-grow: 0; height: 12px; width: 16px; transform: translateY(-4px);\"><\/div>\n<div style=\"width: 0; height: 0; border-top: 8px solid #F4F4F4; border-left: 8px solid transparent; transform: translateY(-4px) translateX(8px);\"><\/div>\n<\/div>\n<\/div>\n<div style=\"display: flex; flex-direction: column; flex-grow: 1; justify-content: center; margin-bottom: 24px;\">\n<div style=\"background-color: #f4f4f4; border-radius: 4px; flex-grow: 0; height: 14px; margin-bottom: 6px; width: 224px;\"><\/div>\n<div style=\"background-color: #f4f4f4; border-radius: 4px; flex-grow: 0; height: 14px; width: 144px;\"><\/div>\n<\/div>\n<p>&nbsp;<\/p>\n<p style=\"color: #c9c8cd; font-family: Arial,sans-serif; font-size: 14px; line-height: 17px; margin-bottom: 0; margin-top: 8px; overflow: hidden; padding: 8px 0 7px; text-align: center; text-overflow: ellipsis; white-space: nowrap;\"><a style=\"color: #c9c8cd; font-family: Arial,sans-serif; font-size: 14px; font-style: normal; font-weight: normal; line-height: 17px; text-decoration: none;\" href=\"https:\/\/www.instagram.com\/reel\/DQX5TluDAUJ\/?utm_source=ig_embed&amp;utm_campaign=loading\" target=\"_blank\" rel=\"noopener\">Uma publica\u00e7\u00e3o compartilhada por Raull Santiago (@raullsantiago)<\/a><\/p>\n<\/div>\n<\/blockquote>\n<p><script src=\"\/\/www.instagram.com\/embed.js\" async=\"\"><\/script><\/p>\n<p>Ao colocar uma popula\u00e7\u00e3o inteira em situa\u00e7\u00e3o de risco, a opera\u00e7\u00e3o afetou, de forma in\u00e9dita, a rotina e os servi\u00e7os em toda a cidade. As principais vias expressas da cidade ficaram interditadas, inclusive a <a href=\"https:\/\/bit.ly\/2uqhaij\" target=\"_blank\" rel=\"noopener\">Linha Vermelha<\/a>,\u00a0<a href=\"https:\/\/bit.ly\/3UYEmOT\" target=\"_blank\" rel=\"noopener\">Linha Amarela<\/a>\u00a0e\u00a0<a href=\"https:\/\/bit.ly\/3dS1sQB\" target=\"_blank\" rel=\"noopener\">Avenida Brasil<\/a>; durante toda a tarde n\u00e3o foi poss\u00edvel acessar o aeroporto internacional do Gale\u00e3o pelo fechamento da Avenida Vinte de Janeiro, que liga o aeroporto \u00e0 Estrada do Gale\u00e3o, que tamb\u00e9m ficou fechada, na altura da Pra\u00e7a do Avi\u00e3o; e escolas e universidades (UFRJ, UERJ, UFF, UFRRJ, UNIRIO, PUC-Rio e outras) suspenderam o restante do dia de expediente (mesmo localizadas a quil\u00f4metros da \u00e1rea da opera\u00e7\u00e3o). Segundo v\u00eddeo publicado nas redes da <a href=\"https:\/\/bit.ly\/3Z8rjdF\" target=\"_blank\" rel=\"noopener\">IDMJ Racial<\/a>, cerca de 40 escolas tiveram suas atividades interrompidas.<\/p>\n<blockquote class=\"instagram-media\" style=\"background: #FFF; border: 0; border-radius: 3px; box-shadow: 0 0 1px 0 rgba(0,0,0,0.5),0 1px 10px 0 rgba(0,0,0,0.15); margin: 1px; max-width: 540px; min-width: 326px; padding: 0; width: calc(100% - 2px);\" data-instgrm-captioned=\"\" data-instgrm-permalink=\"https:\/\/www.instagram.com\/reel\/DQXVpDKkssr\/?utm_source=ig_embed&amp;utm_campaign=loading\" data-instgrm-version=\"14\">\n<div style=\"padding: 16px;\">\n<p>&nbsp;<\/p>\n<div style=\"display: flex; flex-direction: row; align-items: center;\">\n<div style=\"background-color: #f4f4f4; border-radius: 50%; flex-grow: 0; height: 40px; margin-right: 14px; width: 40px;\"><\/div>\n<div style=\"display: flex; flex-direction: column; flex-grow: 1; justify-content: center;\">\n<div style=\"background-color: #f4f4f4; border-radius: 4px; flex-grow: 0; height: 14px; margin-bottom: 6px; width: 100px;\"><\/div>\n<div style=\"background-color: #f4f4f4; border-radius: 4px; flex-grow: 0; height: 14px; width: 60px;\"><\/div>\n<\/div>\n<\/div>\n<div style=\"padding: 19% 0;\"><\/div>\n<div style=\"display: block; height: 50px; margin: 0 auto 12px; width: 50px;\"><\/div>\n<div style=\"padding-top: 8px;\">\n<div style=\"color: #3897f0; font-family: Arial,sans-serif; font-size: 14px; font-style: normal; font-weight: 550; line-height: 18px;\">Ver essa foto no Instagram<\/div>\n<\/div>\n<div style=\"padding: 12.5% 0;\"><\/div>\n<div style=\"display: flex; flex-direction: row; margin-bottom: 14px; align-items: center;\">\n<div>\n<div style=\"background-color: #f4f4f4; border-radius: 50%; height: 12.5px; width: 12.5px; transform: translateX(0px) translateY(7px);\"><\/div>\n<div style=\"background-color: #f4f4f4; height: 12.5px; transform: rotate(-45deg) translateX(3px) translateY(1px); width: 12.5px; flex-grow: 0; margin-right: 14px; margin-left: 2px;\"><\/div>\n<div style=\"background-color: #f4f4f4; border-radius: 50%; height: 12.5px; width: 12.5px; transform: translateX(9px) translateY(-18px);\"><\/div>\n<\/div>\n<div style=\"margin-left: 8px;\">\n<div style=\"background-color: #f4f4f4; border-radius: 50%; flex-grow: 0; height: 20px; width: 20px;\"><\/div>\n<div style=\"width: 0; height: 0; border-top: 2px solid transparent; border-left: 6px solid #f4f4f4; border-bottom: 2px solid transparent; transform: translateX(16px) translateY(-4px) rotate(30deg);\"><\/div>\n<\/div>\n<div style=\"margin-left: auto;\">\n<div style=\"width: 0px; border-top: 8px solid #F4F4F4; border-right: 8px solid transparent; transform: translateY(16px);\"><\/div>\n<div style=\"background-color: #f4f4f4; flex-grow: 0; height: 12px; width: 16px; transform: translateY(-4px);\"><\/div>\n<div style=\"width: 0; height: 0; border-top: 8px solid #F4F4F4; border-left: 8px solid transparent; transform: translateY(-4px) translateX(8px);\"><\/div>\n<\/div>\n<\/div>\n<div style=\"display: flex; flex-direction: column; flex-grow: 1; justify-content: center; margin-bottom: 24px;\">\n<div style=\"background-color: #f4f4f4; border-radius: 4px; flex-grow: 0; height: 14px; margin-bottom: 6px; width: 224px;\"><\/div>\n<div style=\"background-color: #f4f4f4; border-radius: 4px; flex-grow: 0; height: 14px; width: 144px;\"><\/div>\n<\/div>\n<p>&nbsp;<\/p>\n<p style=\"color: #c9c8cd; font-family: Arial,sans-serif; font-size: 14px; line-height: 17px; margin-bottom: 0; margin-top: 8px; overflow: hidden; padding: 8px 0 7px; text-align: center; text-overflow: ellipsis; white-space: nowrap;\"><a style=\"color: #c9c8cd; font-family: Arial,sans-serif; font-size: 14px; font-style: normal; font-weight: normal; line-height: 17px; text-decoration: none;\" href=\"https:\/\/www.instagram.com\/reel\/DQXVpDKkssr\/?utm_source=ig_embed&amp;utm_campaign=loading\" target=\"_blank\" rel=\"noopener\">Uma publica\u00e7\u00e3o compartilhada por IDMJR (@idmjracial)<\/a><\/p>\n<\/div>\n<\/blockquote>\n<p><script async src=\"\/\/www.instagram.com\/embed.js\"><\/script><\/p>\n<blockquote class=\"instagram-media\" style=\"background: #FFF; border: 0; border-radius: 3px; box-shadow: 0 0 1px 0 rgba(0,0,0,0.5),0 1px 10px 0 rgba(0,0,0,0.15); margin: 1px; max-width: 540px; min-width: 326px; padding: 0; width: calc(100% - 2px);\" data-instgrm-captioned=\"\" data-instgrm-permalink=\"https:\/\/www.instagram.com\/p\/DQXLchkjhAN\/?utm_source=ig_embed&amp;utm_campaign=loading\" data-instgrm-version=\"14\">\n<div style=\"padding: 16px;\">\n<p>&nbsp;<\/p>\n<div style=\"display: flex; flex-direction: row; align-items: center;\">\n<div style=\"background-color: #f4f4f4; border-radius: 50%; flex-grow: 0; height: 40px; margin-right: 14px; width: 40px;\"><\/div>\n<div style=\"display: flex; flex-direction: column; flex-grow: 1; justify-content: center;\">\n<div style=\"background-color: #f4f4f4; border-radius: 4px; flex-grow: 0; height: 14px; margin-bottom: 6px; width: 100px;\"><\/div>\n<div style=\"background-color: #f4f4f4; border-radius: 4px; flex-grow: 0; height: 14px; width: 60px;\"><\/div>\n<\/div>\n<\/div>\n<div style=\"padding: 19% 0;\"><\/div>\n<div style=\"display: block; height: 50px; margin: 0 auto 12px; width: 50px;\"><\/div>\n<div style=\"padding-top: 8px;\">\n<div style=\"color: #3897f0; font-family: Arial,sans-serif; font-size: 14px; font-style: normal; font-weight: 550; line-height: 18px;\">Ver essa foto no Instagram<\/div>\n<\/div>\n<div style=\"padding: 12.5% 0;\"><\/div>\n<div style=\"display: flex; flex-direction: row; margin-bottom: 14px; align-items: center;\">\n<div>\n<div style=\"background-color: #f4f4f4; border-radius: 50%; height: 12.5px; width: 12.5px; transform: translateX(0px) translateY(7px);\"><\/div>\n<div style=\"background-color: #f4f4f4; height: 12.5px; transform: rotate(-45deg) translateX(3px) translateY(1px); width: 12.5px; flex-grow: 0; margin-right: 14px; margin-left: 2px;\"><\/div>\n<div style=\"background-color: #f4f4f4; border-radius: 50%; height: 12.5px; width: 12.5px; transform: translateX(9px) translateY(-18px);\"><\/div>\n<\/div>\n<div style=\"margin-left: 8px;\">\n<div style=\"background-color: #f4f4f4; border-radius: 50%; flex-grow: 0; height: 20px; width: 20px;\"><\/div>\n<div style=\"width: 0; height: 0; border-top: 2px solid transparent; border-left: 6px solid #f4f4f4; border-bottom: 2px solid transparent; transform: translateX(16px) translateY(-4px) rotate(30deg);\"><\/div>\n<\/div>\n<div style=\"margin-left: auto;\">\n<div style=\"width: 0px; border-top: 8px solid #F4F4F4; border-right: 8px solid transparent; transform: translateY(16px);\"><\/div>\n<div style=\"background-color: #f4f4f4; flex-grow: 0; height: 12px; width: 16px; transform: translateY(-4px);\"><\/div>\n<div style=\"width: 0; height: 0; border-top: 8px solid #F4F4F4; border-left: 8px solid transparent; transform: translateY(-4px) translateX(8px);\"><\/div>\n<\/div>\n<\/div>\n<div style=\"display: flex; flex-direction: column; flex-grow: 1; justify-content: center; margin-bottom: 24px;\">\n<div style=\"background-color: #f4f4f4; border-radius: 4px; flex-grow: 0; height: 14px; margin-bottom: 6px; width: 224px;\"><\/div>\n<div style=\"background-color: #f4f4f4; border-radius: 4px; flex-grow: 0; height: 14px; width: 144px;\"><\/div>\n<\/div>\n<p>&nbsp;<\/p>\n<p style=\"color: #c9c8cd; font-family: Arial,sans-serif; font-size: 14px; line-height: 17px; margin-bottom: 0; margin-top: 8px; overflow: hidden; padding: 8px 0 7px; text-align: center; text-overflow: ellipsis; white-space: nowrap;\"><a style=\"color: #c9c8cd; font-family: Arial,sans-serif; font-size: 14px; font-style: normal; font-weight: normal; line-height: 17px; text-decoration: none;\" href=\"https:\/\/www.instagram.com\/p\/DQXLchkjhAN\/?utm_source=ig_embed&amp;utm_campaign=loading\" target=\"_blank\" rel=\"noopener\">Uma publica\u00e7\u00e3o compartilhada por UFRRJ (@universidadefederalrural)<\/a><\/p>\n<\/div>\n<\/blockquote>\n<p><script async src=\"\/\/www.instagram.com\/embed.js\"><\/script><\/p>\n<p>Estabelecimentos comerciais e outros servi\u00e7os encerraram suas atividades mais cedo, o que antecipou o hor\u00e1rio de rush, gerando caos generalizado nos servi\u00e7os de transporte p\u00fablico. Esta\u00e7\u00f5es de trem, metr\u00f4, pontos de \u00f4nibus e a esta\u00e7\u00e3o central das barcas ficaram lotados devido \u00e0 antecipa\u00e7\u00e3o da sa\u00edda dos funcion\u00e1rios.<\/p>\n<blockquote class=\"instagram-media\" style=\"background: #FFF; border: 0; border-radius: 3px; box-shadow: 0 0 1px 0 rgba(0,0,0,0.5),0 1px 10px 0 rgba(0,0,0,0.15); margin: 1px; max-width: 540px; min-width: 326px; padding: 0; width: calc(100% - 2px);\" data-instgrm-captioned=\"\" data-instgrm-permalink=\"https:\/\/www.instagram.com\/reel\/DQXn2BzkVMd\/?utm_source=ig_embed&amp;utm_campaign=loading\" data-instgrm-version=\"14\">\n<div style=\"padding: 16px;\">\n<p>&nbsp;<\/p>\n<div style=\"display: flex; flex-direction: row; align-items: center;\">\n<div style=\"background-color: #f4f4f4; border-radius: 50%; flex-grow: 0; height: 40px; margin-right: 14px; width: 40px;\"><\/div>\n<div style=\"display: flex; flex-direction: column; flex-grow: 1; justify-content: center;\">\n<div style=\"background-color: #f4f4f4; border-radius: 4px; flex-grow: 0; height: 14px; margin-bottom: 6px; width: 100px;\"><\/div>\n<div style=\"background-color: #f4f4f4; border-radius: 4px; flex-grow: 0; height: 14px; width: 60px;\"><\/div>\n<\/div>\n<\/div>\n<div style=\"padding: 19% 0;\"><\/div>\n<div style=\"display: block; height: 50px; margin: 0 auto 12px; width: 50px;\"><\/div>\n<div style=\"padding-top: 8px;\">\n<div style=\"color: #3897f0; font-family: Arial,sans-serif; font-size: 14px; font-style: normal; font-weight: 550; line-height: 18px;\">Ver essa foto no Instagram<\/div>\n<\/div>\n<div style=\"padding: 12.5% 0;\"><\/div>\n<div style=\"display: flex; flex-direction: row; margin-bottom: 14px; align-items: center;\">\n<div>\n<div style=\"background-color: #f4f4f4; border-radius: 50%; height: 12.5px; width: 12.5px; transform: translateX(0px) translateY(7px);\"><\/div>\n<div style=\"background-color: #f4f4f4; height: 12.5px; transform: rotate(-45deg) translateX(3px) translateY(1px); width: 12.5px; flex-grow: 0; margin-right: 14px; margin-left: 2px;\"><\/div>\n<div style=\"background-color: #f4f4f4; border-radius: 50%; height: 12.5px; width: 12.5px; transform: translateX(9px) translateY(-18px);\"><\/div>\n<\/div>\n<div style=\"margin-left: 8px;\">\n<div style=\"background-color: #f4f4f4; border-radius: 50%; flex-grow: 0; height: 20px; width: 20px;\"><\/div>\n<div style=\"width: 0; height: 0; border-top: 2px solid transparent; border-left: 6px solid #f4f4f4; border-bottom: 2px solid transparent; transform: translateX(16px) translateY(-4px) rotate(30deg);\"><\/div>\n<\/div>\n<div style=\"margin-left: auto;\">\n<div style=\"width: 0px; border-top: 8px solid #F4F4F4; border-right: 8px solid transparent; transform: translateY(16px);\"><\/div>\n<div style=\"background-color: #f4f4f4; flex-grow: 0; height: 12px; width: 16px; transform: translateY(-4px);\"><\/div>\n<div style=\"width: 0; height: 0; border-top: 8px solid #F4F4F4; border-left: 8px solid transparent; transform: translateY(-4px) translateX(8px);\"><\/div>\n<\/div>\n<\/div>\n<div style=\"display: flex; flex-direction: column; flex-grow: 1; justify-content: center; margin-bottom: 24px;\">\n<div style=\"background-color: #f4f4f4; border-radius: 4px; flex-grow: 0; height: 14px; margin-bottom: 6px; width: 224px;\"><\/div>\n<div style=\"background-color: #f4f4f4; border-radius: 4px; flex-grow: 0; height: 14px; width: 144px;\"><\/div>\n<\/div>\n<p>&nbsp;<\/p>\n<p style=\"color: #c9c8cd; font-family: Arial,sans-serif; font-size: 14px; line-height: 17px; margin-bottom: 0; margin-top: 8px; overflow: hidden; padding: 8px 0 7px; text-align: center; text-overflow: ellipsis; white-space: nowrap;\"><a style=\"color: #c9c8cd; font-family: Arial,sans-serif; font-size: 14px; font-style: normal; font-weight: normal; line-height: 17px; text-decoration: none;\" href=\"https:\/\/www.instagram.com\/reel\/DQXn2BzkVMd\/?utm_source=ig_embed&amp;utm_campaign=loading\" target=\"_blank\" rel=\"noopener\">Uma publica\u00e7\u00e3o compartilhada por VilaAlian\u00e7aTemVoz (@vilaaliancatemvoz)<\/a><\/p>\n<\/div>\n<\/blockquote>\n<p><script async src=\"\/\/www.instagram.com\/embed.js\"><\/script><\/p>\n<p>Os sindicatos dos motoristas de \u00f4nibus solicitaram que os ve\u00edculos com itiner\u00e1rios nas \u00e1reas atingidas pela opera\u00e7\u00e3o e pelas a\u00e7\u00f5es de retalia\u00e7\u00e3o retornassem \u00e0s garagens. Foram registrados 71 \u00f4nibus usados como barricadas e 204 linhas afetadas. <span style=\"box-sizing: border-box; margin: 0px; padding: 0px;\">Dados do Centro de Opera\u00e7\u00f5es e Resili\u00eancia do Rio apontaram que os corredores Transbrasil e Transcarioca do BRT, bem como os servi\u00e7os de conex\u00e3o do BRT, foram impactados pelas ocorr\u00eancias.<\/span> Em v\u00eddeo nas redes sociais, um motorista relata ter sido orientado a voltar \u00e0 garagem por motivos de seguran\u00e7a.<\/p>\n<blockquote class=\"instagram-media\" style=\"background: #FFF; border: 0; border-radius: 3px; box-shadow: 0 0 1px 0 rgba(0,0,0,0.5),0 1px 10px 0 rgba(0,0,0,0.15); margin: 1px; max-width: 540px; min-width: 326px; padding: 0; width: calc(100% - 2px);\" data-instgrm-captioned=\"\" data-instgrm-permalink=\"https:\/\/www.instagram.com\/p\/DQXr-Z_DsXM\/?utm_source=ig_embed&amp;utm_campaign=loading\" data-instgrm-version=\"14\">\n<div style=\"padding: 16px;\">\n<p>&nbsp;<\/p>\n<div style=\"display: flex; flex-direction: row; align-items: center;\">\n<div style=\"background-color: #f4f4f4; border-radius: 50%; flex-grow: 0; height: 40px; margin-right: 14px; width: 40px;\"><\/div>\n<div style=\"display: flex; flex-direction: column; flex-grow: 1; justify-content: center;\">\n<div style=\"background-color: #f4f4f4; border-radius: 4px; flex-grow: 0; height: 14px; margin-bottom: 6px; width: 100px;\"><\/div>\n<div style=\"background-color: #f4f4f4; border-radius: 4px; flex-grow: 0; height: 14px; width: 60px;\"><\/div>\n<\/div>\n<\/div>\n<div style=\"padding: 19% 0;\"><\/div>\n<div style=\"display: block; height: 50px; margin: 0 auto 12px; width: 50px;\"><\/div>\n<div style=\"padding-top: 8px;\">\n<div style=\"color: #3897f0; font-family: Arial,sans-serif; font-size: 14px; font-style: normal; font-weight: 550; line-height: 18px;\">Ver essa foto no Instagram<\/div>\n<\/div>\n<div style=\"padding: 12.5% 0;\"><\/div>\n<div style=\"display: flex; flex-direction: row; margin-bottom: 14px; align-items: center;\">\n<div>\n<div style=\"background-color: #f4f4f4; border-radius: 50%; height: 12.5px; width: 12.5px; transform: translateX(0px) translateY(7px);\"><\/div>\n<div style=\"background-color: #f4f4f4; height: 12.5px; transform: rotate(-45deg) translateX(3px) translateY(1px); width: 12.5px; flex-grow: 0; margin-right: 14px; margin-left: 2px;\"><\/div>\n<div style=\"background-color: #f4f4f4; border-radius: 50%; height: 12.5px; width: 12.5px; transform: translateX(9px) translateY(-18px);\"><\/div>\n<\/div>\n<div style=\"margin-left: 8px;\">\n<div style=\"background-color: #f4f4f4; border-radius: 50%; flex-grow: 0; height: 20px; width: 20px;\"><\/div>\n<div style=\"width: 0; height: 0; border-top: 2px solid transparent; border-left: 6px solid #f4f4f4; border-bottom: 2px solid transparent; transform: translateX(16px) translateY(-4px) rotate(30deg);\"><\/div>\n<\/div>\n<div style=\"margin-left: auto;\">\n<div style=\"width: 0px; border-top: 8px solid #F4F4F4; border-right: 8px solid transparent; transform: translateY(16px);\"><\/div>\n<div style=\"background-color: #f4f4f4; flex-grow: 0; height: 12px; width: 16px; transform: translateY(-4px);\"><\/div>\n<div style=\"width: 0; height: 0; border-top: 8px solid #F4F4F4; border-left: 8px solid transparent; transform: translateY(-4px) translateX(8px);\"><\/div>\n<\/div>\n<\/div>\n<div style=\"display: flex; flex-direction: column; flex-grow: 1; justify-content: center; margin-bottom: 24px;\">\n<div style=\"background-color: #f4f4f4; border-radius: 4px; flex-grow: 0; height: 14px; margin-bottom: 6px; width: 224px;\"><\/div>\n<div style=\"background-color: #f4f4f4; border-radius: 4px; flex-grow: 0; height: 14px; width: 144px;\"><\/div>\n<\/div>\n<p>&nbsp;<\/p>\n<p style=\"color: #c9c8cd; font-family: Arial,sans-serif; font-size: 14px; line-height: 17px; margin-bottom: 0; margin-top: 8px; overflow: hidden; padding: 8px 0 7px; text-align: center; text-overflow: ellipsis; white-space: nowrap;\"><a style=\"color: #c9c8cd; font-family: Arial,sans-serif; font-size: 14px; font-style: normal; font-weight: normal; line-height: 17px; text-decoration: none;\" href=\"https:\/\/www.instagram.com\/p\/DQXr-Z_DsXM\/?utm_source=ig_embed&amp;utm_campaign=loading\" target=\"_blank\" rel=\"noopener\">Uma publica\u00e7\u00e3o compartilhada por A Tribuna (@atribunarj)<\/a><\/p>\n<\/div>\n<\/blockquote>\n<p><script async src=\"\/\/www.instagram.com\/embed.js\"><\/script><\/p>\n<blockquote class=\"instagram-media\" style=\"background: #FFF; border: 0; border-radius: 3px; box-shadow: 0 0 1px 0 rgba(0,0,0,0.5),0 1px 10px 0 rgba(0,0,0,0.15); margin: 1px; max-width: 540px; min-width: 326px; padding: 0; width: calc(100% - 2px);\" data-instgrm-captioned=\"\" data-instgrm-permalink=\"https:\/\/www.instagram.com\/reel\/DQXTgLHkdM5\/?utm_source=ig_embed&amp;utm_campaign=loading\" data-instgrm-version=\"14\">\n<div style=\"padding: 16px;\">\n<p>&nbsp;<\/p>\n<div style=\"display: flex; flex-direction: row; align-items: center;\">\n<div style=\"background-color: #f4f4f4; border-radius: 50%; flex-grow: 0; height: 40px; margin-right: 14px; width: 40px;\"><\/div>\n<div style=\"display: flex; flex-direction: column; flex-grow: 1; justify-content: center;\">\n<div style=\"background-color: #f4f4f4; border-radius: 4px; flex-grow: 0; height: 14px; margin-bottom: 6px; width: 100px;\"><\/div>\n<div style=\"background-color: #f4f4f4; border-radius: 4px; flex-grow: 0; height: 14px; width: 60px;\"><\/div>\n<\/div>\n<\/div>\n<div style=\"padding: 19% 0;\"><\/div>\n<div style=\"display: block; height: 50px; margin: 0 auto 12px; width: 50px;\"><\/div>\n<div style=\"padding-top: 8px;\">\n<div style=\"color: #3897f0; font-family: Arial,sans-serif; font-size: 14px; font-style: normal; font-weight: 550; line-height: 18px;\">Ver essa foto no Instagram<\/div>\n<\/div>\n<div style=\"padding: 12.5% 0;\"><\/div>\n<div style=\"display: flex; flex-direction: row; margin-bottom: 14px; align-items: center;\">\n<div>\n<div style=\"background-color: #f4f4f4; border-radius: 50%; height: 12.5px; width: 12.5px; transform: translateX(0px) translateY(7px);\"><\/div>\n<div style=\"background-color: #f4f4f4; height: 12.5px; transform: rotate(-45deg) translateX(3px) translateY(1px); width: 12.5px; flex-grow: 0; margin-right: 14px; margin-left: 2px;\"><\/div>\n<div style=\"background-color: #f4f4f4; border-radius: 50%; height: 12.5px; width: 12.5px; transform: translateX(9px) translateY(-18px);\"><\/div>\n<\/div>\n<div style=\"margin-left: 8px;\">\n<div style=\"background-color: #f4f4f4; border-radius: 50%; flex-grow: 0; height: 20px; width: 20px;\"><\/div>\n<div style=\"width: 0; height: 0; border-top: 2px solid transparent; border-left: 6px solid #f4f4f4; border-bottom: 2px solid transparent; transform: translateX(16px) translateY(-4px) rotate(30deg);\"><\/div>\n<\/div>\n<div style=\"margin-left: auto;\">\n<div style=\"width: 0px; border-top: 8px solid #F4F4F4; border-right: 8px solid transparent; transform: translateY(16px);\"><\/div>\n<div style=\"background-color: #f4f4f4; flex-grow: 0; height: 12px; width: 16px; transform: translateY(-4px);\"><\/div>\n<div style=\"width: 0; height: 0; border-top: 8px solid #F4F4F4; border-left: 8px solid transparent; transform: translateY(-4px) translateX(8px);\"><\/div>\n<\/div>\n<\/div>\n<div style=\"display: flex; flex-direction: column; flex-grow: 1; justify-content: center; margin-bottom: 24px;\">\n<div style=\"background-color: #f4f4f4; border-radius: 4px; flex-grow: 0; height: 14px; margin-bottom: 6px; width: 224px;\"><\/div>\n<div style=\"background-color: #f4f4f4; border-radius: 4px; flex-grow: 0; height: 14px; width: 144px;\"><\/div>\n<\/div>\n<p>&nbsp;<\/p>\n<p style=\"color: #c9c8cd; font-family: Arial,sans-serif; font-size: 14px; line-height: 17px; margin-bottom: 0; margin-top: 8px; overflow: hidden; padding: 8px 0 7px; text-align: center; text-overflow: ellipsis; white-space: nowrap;\"><a style=\"color: #c9c8cd; font-family: Arial,sans-serif; font-size: 14px; font-style: normal; font-weight: normal; line-height: 17px; text-decoration: none;\" href=\"https:\/\/www.instagram.com\/reel\/DQXTgLHkdM5\/?utm_source=ig_embed&amp;utm_campaign=loading\" target=\"_blank\" rel=\"noopener\">Uma publica\u00e7\u00e3o compartilhada por Centro Social SJ Frade &#8211; Voz de Tom\u00e1s Coelho (@vozdetomascoelho)<\/a><\/p>\n<\/div>\n<\/blockquote>\n<p><script async src=\"\/\/www.instagram.com\/embed.js\"><\/script><\/p>\n<p>Em <a href=\"https:\/\/bit.ly\/2WpaNbr\" target=\"_blank\" rel=\"noopener\">Rio das Pedras<\/a>, na Zona Oeste, trabalhadores precisaram voltar para casa a p\u00e9 devido \u00e0 falta de \u00f4nibus. A dificuldade na mobilidade atrasou e at\u00e9 cancelou viagens de \u00f4nibus na Rodovi\u00e1ria Novo Rio.<\/p>\n<p><span style=\"font-weight: 400;\">A dissemina\u00e7\u00e3o de informa\u00e7\u00f5es falsas sobre a opera\u00e7\u00e3o e seus desdobramentos tamb\u00e9m pautou o dia. No entanto, a maioria das <em>fake news<\/em> n\u00e3o demorou para ser desmentida pelas m\u00eddias comunit\u00e1rias. Uma das mais amplamente disseminadas informa\u00e7\u00f5es falsas alegava que o Rio entrou em Est\u00e1gio 4 de aten\u00e7\u00e3o, o que foi verificado e <a href=\"https:\/\/www.instagram.com\/p\/DQXfZekk2jh\/?igsh=cmJuOXR5eDQweWJi\">desmentido pela <em>Ag\u00eancia Lupa<\/em><\/a>. Al\u00e9m disso, corriam rumores de instabilidade e de vias interditadas na <a href=\"https:\/\/bit.ly\/3dzwwUD\" target=\"_blank\" rel=\"noopener\">Rocinha<\/a>, o que foi <a href=\"https:\/\/www.instagram.com\/reel\/DQXPF6TjuZQ\/?igsh=MWRzODA2NnprMmp3MA==\">desmentido pela <em>Rocinha Alerta<\/em><\/a>.<\/span><\/p>\n<blockquote class=\"instagram-media\" style=\"background: #FFF; border: 0; border-radius: 3px; box-shadow: 0 0 1px 0 rgba(0,0,0,0.5),0 1px 10px 0 rgba(0,0,0,0.15); margin: 1px; max-width: 540px; min-width: 326px; padding: 0; width: calc(100% - 2px);\" data-instgrm-captioned=\"\" data-instgrm-permalink=\"https:\/\/www.instagram.com\/reel\/DQXPF6TjuZQ\/?utm_source=ig_embed&amp;utm_campaign=loading\" data-instgrm-version=\"14\">\n<div style=\"padding: 16px;\">\n<p>&nbsp;<\/p>\n<div style=\"display: flex; flex-direction: row; align-items: center;\">\n<div style=\"background-color: #f4f4f4; border-radius: 50%; flex-grow: 0; height: 40px; margin-right: 14px; width: 40px;\"><\/div>\n<div style=\"display: flex; flex-direction: column; flex-grow: 1; justify-content: center;\">\n<div style=\"background-color: #f4f4f4; border-radius: 4px; flex-grow: 0; height: 14px; margin-bottom: 6px; width: 100px;\"><\/div>\n<div style=\"background-color: #f4f4f4; border-radius: 4px; flex-grow: 0; height: 14px; width: 60px;\"><\/div>\n<\/div>\n<\/div>\n<div style=\"padding: 19% 0;\"><\/div>\n<div style=\"display: block; height: 50px; margin: 0 auto 12px; width: 50px;\"><\/div>\n<div style=\"padding-top: 8px;\">\n<div style=\"color: #3897f0; font-family: Arial,sans-serif; font-size: 14px; font-style: normal; font-weight: 550; line-height: 18px;\">Ver essa foto no Instagram<\/div>\n<\/div>\n<div style=\"padding: 12.5% 0;\"><\/div>\n<div style=\"display: flex; flex-direction: row; margin-bottom: 14px; align-items: center;\">\n<div>\n<div style=\"background-color: #f4f4f4; border-radius: 50%; height: 12.5px; width: 12.5px; transform: translateX(0px) translateY(7px);\"><\/div>\n<div style=\"background-color: #f4f4f4; height: 12.5px; transform: rotate(-45deg) translateX(3px) translateY(1px); width: 12.5px; flex-grow: 0; margin-right: 14px; margin-left: 2px;\"><\/div>\n<div style=\"background-color: #f4f4f4; border-radius: 50%; height: 12.5px; width: 12.5px; transform: translateX(9px) translateY(-18px);\"><\/div>\n<\/div>\n<div style=\"margin-left: 8px;\">\n<div style=\"background-color: #f4f4f4; border-radius: 50%; flex-grow: 0; height: 20px; width: 20px;\"><\/div>\n<div style=\"width: 0; height: 0; border-top: 2px solid transparent; border-left: 6px solid #f4f4f4; border-bottom: 2px solid transparent; transform: translateX(16px) translateY(-4px) rotate(30deg);\"><\/div>\n<\/div>\n<div style=\"margin-left: auto;\">\n<div style=\"width: 0px; border-top: 8px solid #F4F4F4; border-right: 8px solid transparent; transform: translateY(16px);\"><\/div>\n<div style=\"background-color: #f4f4f4; flex-grow: 0; height: 12px; width: 16px; transform: translateY(-4px);\"><\/div>\n<div style=\"width: 0; height: 0; border-top: 8px solid #F4F4F4; border-left: 8px solid transparent; transform: translateY(-4px) translateX(8px);\"><\/div>\n<\/div>\n<\/div>\n<div style=\"display: flex; flex-direction: column; flex-grow: 1; justify-content: center; margin-bottom: 24px;\">\n<div style=\"background-color: #f4f4f4; border-radius: 4px; flex-grow: 0; height: 14px; margin-bottom: 6px; width: 224px;\"><\/div>\n<div style=\"background-color: #f4f4f4; border-radius: 4px; flex-grow: 0; height: 14px; width: 144px;\"><\/div>\n<\/div>\n<p>&nbsp;<\/p>\n<p style=\"color: #c9c8cd; font-family: Arial,sans-serif; font-size: 14px; line-height: 17px; margin-bottom: 0; margin-top: 8px; overflow: hidden; padding: 8px 0 7px; text-align: center; text-overflow: ellipsis; white-space: nowrap;\"><a style=\"color: #c9c8cd; font-family: Arial,sans-serif; font-size: 14px; font-style: normal; font-weight: normal; line-height: 17px; text-decoration: none;\" href=\"https:\/\/www.instagram.com\/reel\/DQXPF6TjuZQ\/?utm_source=ig_embed&amp;utm_campaign=loading\" target=\"_blank\" rel=\"noopener\">Uma publica\u00e7\u00e3o compartilhada por Rocinha Alerta (@rocinhaalerta)<\/a><\/p>\n<\/div>\n<\/blockquote>\n<p><script async src=\"\/\/www.instagram.com\/embed.js\"><\/script><\/p>\n<p><span style=\"font-weight: 400;\">Chamada de \u201cOpera\u00e7\u00e3o de Conten\u00e7\u00e3o\u201d, a megaopera\u00e7\u00e3o do dia 28 de outubro nos Complexos do Alem\u00e3o e da Penha ultrapassou a brutalidade do <a href=\"https:\/\/bit.ly\/4oBzQ5s\" target=\"_blank\" rel=\"noopener\">massacre do Carandiru<\/a>, ocorrido em 1992, em S\u00e3o Paulo, no qual 111 pessoas foram assassinadas. Hoje pela manh\u00e3, enquanto localizavam, recuperavam e reconheciam os corpos de seus familiares, moradores expunham a dimens\u00e3o da viol\u00eancia a que est\u00e3o expostas as favelas cariocas.\u00a0<\/span><\/p>\n<blockquote class=\"instagram-media\" style=\"background: #FFF; border: 0; border-radius: 3px; box-shadow: 0 0 1px 0 rgba(0,0,0,0.5),0 1px 10px 0 rgba(0,0,0,0.15); margin: 1px; max-width: 540px; min-width: 326px; padding: 0; width: calc(100% - 2px);\" data-instgrm-captioned=\"\" data-instgrm-permalink=\"https:\/\/www.instagram.com\/reel\/DQZM2RHjVfB\/?utm_source=ig_embed&amp;utm_campaign=loading\" data-instgrm-version=\"14\">\n<div style=\"padding: 16px;\">\n<p>&nbsp;<\/p>\n<div style=\"display: flex; flex-direction: row; align-items: center;\">\n<div style=\"background-color: #f4f4f4; border-radius: 50%; flex-grow: 0; height: 40px; margin-right: 14px; width: 40px;\"><\/div>\n<div style=\"display: flex; flex-direction: column; flex-grow: 1; justify-content: center;\">\n<div style=\"background-color: #f4f4f4; border-radius: 4px; flex-grow: 0; height: 14px; margin-bottom: 6px; width: 100px;\"><\/div>\n<div style=\"background-color: #f4f4f4; border-radius: 4px; flex-grow: 0; height: 14px; width: 60px;\"><\/div>\n<\/div>\n<\/div>\n<div style=\"padding: 19% 0;\"><\/div>\n<div style=\"display: block; height: 50px; margin: 0 auto 12px; width: 50px;\"><\/div>\n<div style=\"padding-top: 8px;\">\n<div style=\"color: #3897f0; font-family: Arial,sans-serif; font-size: 14px; font-style: normal; font-weight: 550; line-height: 18px;\">Ver essa foto no Instagram<\/div>\n<\/div>\n<div style=\"padding: 12.5% 0;\"><\/div>\n<div style=\"display: flex; flex-direction: row; margin-bottom: 14px; align-items: center;\">\n<div>\n<div style=\"background-color: #f4f4f4; border-radius: 50%; height: 12.5px; width: 12.5px; transform: translateX(0px) translateY(7px);\"><\/div>\n<div style=\"background-color: #f4f4f4; height: 12.5px; transform: rotate(-45deg) translateX(3px) translateY(1px); width: 12.5px; flex-grow: 0; margin-right: 14px; margin-left: 2px;\"><\/div>\n<div style=\"background-color: #f4f4f4; border-radius: 50%; height: 12.5px; width: 12.5px; transform: translateX(9px) translateY(-18px);\"><\/div>\n<\/div>\n<div style=\"margin-left: 8px;\">\n<div style=\"background-color: #f4f4f4; border-radius: 50%; flex-grow: 0; height: 20px; width: 20px;\"><\/div>\n<div style=\"width: 0; height: 0; border-top: 2px solid transparent; border-left: 6px solid #f4f4f4; border-bottom: 2px solid transparent; transform: translateX(16px) translateY(-4px) rotate(30deg);\"><\/div>\n<\/div>\n<div style=\"margin-left: auto;\">\n<div style=\"width: 0px; border-top: 8px solid #F4F4F4; border-right: 8px solid transparent; transform: translateY(16px);\"><\/div>\n<div style=\"background-color: #f4f4f4; flex-grow: 0; height: 12px; width: 16px; transform: translateY(-4px);\"><\/div>\n<div style=\"width: 0; height: 0; border-top: 8px solid #F4F4F4; border-left: 8px solid transparent; transform: translateY(-4px) translateX(8px);\"><\/div>\n<\/div>\n<\/div>\n<div style=\"display: flex; flex-direction: column; flex-grow: 1; justify-content: center; margin-bottom: 24px;\">\n<div style=\"background-color: #f4f4f4; border-radius: 4px; flex-grow: 0; height: 14px; margin-bottom: 6px; width: 224px;\"><\/div>\n<div style=\"background-color: #f4f4f4; border-radius: 4px; flex-grow: 0; height: 14px; width: 144px;\"><\/div>\n<\/div>\n<p>&nbsp;<\/p>\n<p style=\"color: #c9c8cd; font-family: Arial,sans-serif; font-size: 14px; line-height: 17px; margin-bottom: 0; margin-top: 8px; overflow: hidden; padding: 8px 0 7px; text-align: center; text-overflow: ellipsis; white-space: nowrap;\"><a style=\"color: #c9c8cd; font-family: Arial,sans-serif; font-size: 14px; font-style: normal; font-weight: normal; line-height: 17px; text-decoration: none;\" href=\"https:\/\/www.instagram.com\/reel\/DQZM2RHjVfB\/?utm_source=ig_embed&amp;utm_campaign=loading\" target=\"_blank\" rel=\"noopener\">Uma publica\u00e7\u00e3o compartilhada por ANF (@agenciadenoticiasdasfavelas)<\/a><\/p>\n<\/div>\n<\/blockquote>\n<p><script async src=\"\/\/www.instagram.com\/embed.js\"><\/script><\/p>\n<p>Depoimentos marcantes vieram tamb\u00e9m em grupos de apoio m\u00fatuo, caracter\u00edsticos entre moradores de favelas, como um na regi\u00e3o mais afetada.<\/p>\n<blockquote><p>&#8220;Acabaram de postar um v\u00eddeo dos meninos que se foram. Gente, \u00e9 horr\u00edvel, horr\u00edvel, horr\u00edvel. Deus me livre!&#8230; S\u00f3 Deus para ter miseric\u00f3rdia de todo mundo, porque isso n\u00e3o se faz, nem com inimigo, [nem] com bicho, sabe? O que fizeram com esses garotos. Meu Deus do C\u00e9u! Nunca vamos ter dimens\u00e3o do que aconteceu l\u00e1 em cima, nessa vida toda que temos pela frente, n\u00e3o vamos ter no\u00e7\u00e3o do que esses meninos passaram l\u00e1 em cima&#8230; Estou [ainda] acordada com uma press\u00e3o alta. Minha filha est\u00e1 com febre. N\u00e3o sei se vou no m\u00e9dico ou fico em casa. Continua esse terror. Meia-noite e pouco, eles ainda estavam aqui, na mata, os policiais. [Enquanto isso] os moradores ca\u00e7ando parentes, queridos, familiares. Que situa\u00e7\u00e3o! Sinceramente, n\u00e3o queria estar na pele de [nenhum familiar]. \u00c9 a pior situa\u00e7\u00e3o do mundo! A gente que n\u00e3o \u00e9 parente, n\u00e3o tem ningu\u00e9m envolvido, a gente j\u00e1 t\u00e1 com essa sensa\u00e7\u00e3o? Imagina quem teve que buscar [os corpos mutilados de] seus familiares l\u00e1 em cima! Seus maridos, seus familiares. Que situa\u00e7\u00e3o horr\u00edvel! Que Deus tenha piedade de cada um deles&#8230; Independentemente do que eles faziam ou deixavam de fazer, eles eram seres humanos. Ent\u00e3o se era mandato de pris\u00e3o, era mandato de pris\u00e3o. N\u00e3o quase 200 certid\u00f5es de \u00f3bito! Infelizmente \u00e9 nesse Brasil que n\u00f3s vivemos.&#8221; \u2014 Depoimento de uma vizinha, moradora da Serra da Miseric\u00f3rdia, onde se acumularam os corpos na manh\u00e3 do dia 29 de outubro<\/p><\/blockquote>\n<p>A brutalidade e o terror sem precedentes desta opera\u00e7\u00e3o viralizaram os debates sobre a efetividade desse modelo de seguran\u00e7a tristemente, tipicamente fluminense, <a href=\"https:\/\/www.instagram.com\/p\/DQX10exEQ7P\/?igsh=OXV5em9hbTVuNDd5\">mobilizando as mais altas esferas do Estado, que n\u00e3o foi consultada ou envolvida<\/a>, sobre a letalidade policial, sua inefic\u00e1cia e os impactos desastrosos e permanentes dessas a\u00e7\u00f5es sobre a popula\u00e7\u00e3o. <span style=\"font-weight: 400;\">O<\/span> M<span style=\"font-weight: 400;\">inistro da Justi\u00e7a Ricardo Lewandowski afirmou <a href=\"https:\/\/bit.ly\/4nA5u2h\">n\u00e3o ter recebido nenhum contato do Governador Cl\u00e1udio Castro<\/a><\/span><span style=\"font-weight: 400;\">, sobre a necessidade de apoio \u00e0 opera\u00e7\u00e3o<\/span><span style=\"font-weight: 400;\">.<\/span><span style=\"font-weight: 400;\"> Hoje, 29 de outubro, a Presid\u00eancia e a Casa Civil se re\u00fanem para discutir medidas para responder aos impactos, danos e desdobramentos do massacre policial registrado, mais sangrento, da hist\u00f3ria do Rio de Janeiro.<\/span><\/p>\n<p><span style=\"font-weight: 400;\">Durante todo o dia seguinte, 29 de outubro, a <\/span><a href=\"https:\/\/bit.ly\/4ntDAVs\"><span style=\"font-weight: 400;\">prioridade das fam\u00edlias impactadas<\/span><\/a><span style=\"font-weight: 400;\"> foi encontrar corpos dos desaparecidos durante a opera\u00e7\u00e3o. <\/span><a href=\"https:\/\/bit.ly\/43AvCCU\"><span style=\"font-weight: 400;\">Mais de 60 cad\u00e1veres<\/span><\/a><span style=\"font-weight: 400;\"> foram recuperados e <\/span><a href=\"https:\/\/bit.ly\/4oEC4AR\"><span style=\"font-weight: 400;\">reunidos por moradores<\/span><\/a><span style=\"font-weight: 400;\"> na Pra\u00e7a S\u00e3o Lucas, na Penha. A maioria com <\/span><a href=\"https:\/\/bit.ly\/4oIPZWM\"><span style=\"font-weight: 400;\">marcas de execu\u00e7\u00e3o sum\u00e1ria, tiros na cabe\u00e7a<\/span><\/a><span style=\"font-weight: 400;\">, <\/span><a href=\"https:\/\/bit.ly\/3LhTTY8\"><span style=\"font-weight: 400;\">amarrados, com facadas<\/span><\/a><span style=\"font-weight: 400;\">, <\/span><a href=\"https:\/\/bit.ly\/47xHSW3\"><span style=\"font-weight: 400;\">sinais de tortura<\/span><\/a><span style=\"font-weight: 400;\"> e at\u00e9 mesmo <\/span><a href=\"https:\/\/bit.ly\/433mruA\"><span style=\"font-weight: 400;\">sem cabe\u00e7a<\/span><\/a><span style=\"font-weight: 400;\">. No dia 30, familiares de v\u00edtimas e de movimentos sociais se organizam para expandir as buscas por corpos nas matas da Vacaria e da Serra da Miseric\u00f3rdia. No mesmo dia, a Ministra de Direitos Humanos <\/span><a href=\"https:\/\/bit.ly\/3Lcqlv6\"><span style=\"font-weight: 400;\">Maca\u00e9 Evaristo<\/span><\/a><span style=\"font-weight: 400;\"> e a Ministra da Igualdade Racial <\/span><a href=\"https:\/\/bit.ly\/4nwxZxY\"><span style=\"font-weight: 400;\">Anielle Franco<\/span><\/a><span style=\"font-weight: 400;\"> visitar\u00e3o os complexos e se reunir\u00e3o com os moradores. Atos contra o Massacre da Penha e do Alem\u00e3o acontecer\u00e3o por todo o Brasil na pr\u00f3xima sexta-feira, dia 31\/10. No Rio, o ato deve acontecer na Penha, em hor\u00e1rio ainda a ser definido.<\/span><\/p>\n<h3><b>Veja as \u00e1reas onde impactos diretos foram identificados:<\/b><\/h3>\n<p><b>Zona Norte<\/b><\/p>\n<ul>\n<li style=\"font-weight: 400;\" aria-level=\"1\"><span style=\"font-weight: 400;\">Avenida Vinte de Janeiro e Estrada do Gale\u00e3o, na Ilha do Governador<\/span><span style=\"font-weight: 400;\"><br \/>\n<\/span><\/li>\n<li style=\"font-weight: 400;\" aria-level=\"1\"><span style=\"font-weight: 400;\">Autoestrada Graja\u00fa\u2013Jacarepagu\u00e1, nos dois sentidos, na altura do Lins<\/span><span style=\"font-weight: 400;\"><br \/>\n<\/span><\/li>\n<li style=\"font-weight: 400;\" aria-level=\"1\"><span style=\"font-weight: 400;\">Linha Vermelha, na altura da Nova Holanda e na Pavuna, sentido Baixada<\/span><span style=\"font-weight: 400;\"><br \/>\n<\/span><\/li>\n<li style=\"font-weight: 400;\" aria-level=\"1\"><span style=\"font-weight: 400;\">Linha Amarela, na altura do ped\u00e1gio, sentido Barra da Tijuca<\/span><span style=\"font-weight: 400;\"><br \/>\n<\/span><\/li>\n<li style=\"font-weight: 400;\" aria-level=\"1\"><span style=\"font-weight: 400;\">Avenida Ernani Cardoso, na altura do supermercado Guanabara, em \u00c1gua Santa<\/span><span style=\"font-weight: 400;\"><br \/>\n<\/span><\/li>\n<li style=\"font-weight: 400;\" aria-level=\"1\"><span style=\"font-weight: 400;\">Rua Born\u00e9o, em Cascadura, est\u00e1 parcialmente interditada, entre as ruas Miguel Rangel e Sanat\u00f3rio<\/span><\/li>\n<li style=\"font-weight: 400;\" aria-level=\"1\"><span style=\"font-weight: 400;\">Rua Vinte e Quatro de Maio, na altura do Sampaio<\/span><\/li>\n<li style=\"font-weight: 400;\" aria-level=\"1\"><span style=\"font-weight: 400;\">Avenida Brasil (ambos os sentidos), na altura de Benfica<\/span><span style=\"font-weight: 400;\"><br \/>\n<\/span><\/li>\n<li style=\"font-weight: 400;\" aria-level=\"1\"><span style=\"font-weight: 400;\">Avenida Brasil (ambos os sentidos), na altura de Bonsucesso<\/span><\/li>\n<li style=\"font-weight: 400;\" aria-level=\"1\"><span style=\"font-weight: 400;\">Avenida Brasil (ambos os sentidos), na altura da sa\u00edda da Ilha do Governador, na regi\u00e3o da Mar\u00e9 conhecida como Sem Terra<\/span><span style=\"font-weight: 400;\"><br \/>\n<\/span><\/li>\n<li style=\"font-weight: 400;\" aria-level=\"1\"><span style=\"font-weight: 400;\">Avenida Brasil, na altura do Piscin\u00e3o de Ramos, sentido Centro<\/span><span style=\"font-weight: 400;\"><br \/>\n<\/span><\/li>\n<li style=\"font-weight: 400;\" aria-level=\"1\"><span style=\"font-weight: 400;\">Avenida Brasil, em Barros Filho, na altura de Fazenda Botafogo, sentido Centro<\/span><span style=\"font-weight: 400;\"><br \/>\n<\/span><\/li>\n<li style=\"font-weight: 400;\" aria-level=\"1\"><span style=\"font-weight: 400;\">Avenida Brasil (ambos os sentidos), em frente ao Shopping Guadalupe<\/span><\/li>\n<li style=\"font-weight: 400;\" aria-level=\"1\"><span style=\"font-weight: 400;\">Estrada Camboat\u00e1 (tamb\u00e9m em Guadalupe)<\/span><span style=\"font-weight: 400;\"><br \/>\n<\/span><\/li>\n<li style=\"font-weight: 400;\" aria-level=\"1\"><span style=\"font-weight: 400;\">Rua Cabu\u00e7u e Rua Lins de Vasconcelos (ambas no Lins)<\/span><span style=\"font-weight: 400;\"><br \/>\n<\/span><\/li>\n<li style=\"font-weight: 400;\" aria-level=\"1\"><span style=\"font-weight: 400;\">Avenida Pastor Martin Luther King Jr, no Engenho da Rainha<\/span><span style=\"font-weight: 400;\"><br \/>\n<\/span><\/li>\n<li style=\"font-weight: 400;\" aria-level=\"1\"><span style=\"font-weight: 400;\">Avenida Vicente de Carvalho, nos dois sentidos, em diversos trechos<\/span><span style=\"font-weight: 400;\"><br \/>\n<\/span><\/li>\n<li style=\"font-weight: 400;\" aria-level=\"1\"><span style=\"font-weight: 400;\">Avenida Dom H\u00e9lder C\u00e2mara, na altura de Quintino e em outros trechos<\/span><span style=\"font-weight: 400;\"><br \/>\n<\/span><\/li>\n<li style=\"font-weight: 400;\" aria-level=\"1\"><span style=\"font-weight: 400;\">Avenida Chris\u00f3stomo Pimentel de Oliveira, em Anchieta<\/span><span style=\"font-weight: 400;\"><br \/>\n<\/span><\/li>\n<li style=\"font-weight: 400;\" aria-level=\"1\"><span style=\"font-weight: 400;\">Avenida Marechal Rondon, em S\u00e3o Francisco Xavier, ambos os sentidos<\/span><span style=\"font-weight: 400;\"><br \/>\n<\/span><\/li>\n<li style=\"font-weight: 400;\" aria-level=\"1\"><span style=\"font-weight: 400;\">Estrada do Itarar\u00e9, em Ramos<\/span><span style=\"font-weight: 400;\"><br \/>\n<\/span><\/li>\n<li style=\"font-weight: 400;\" aria-level=\"1\"><span style=\"font-weight: 400;\">Avenida Ita\u00f3ca, em Inha\u00fama<\/span><span style=\"font-weight: 400;\"><br \/>\n<\/span><\/li>\n<li style=\"font-weight: 400;\" aria-level=\"1\"><span style=\"font-weight: 400;\">Rua Dias da Cruz, na altura da Rua Camarista M\u00e9ier, e Rua Vinte e Quatro de Maio, ambas no M\u00e9ier<\/span><span style=\"font-weight: 400;\"><br \/>\n<\/span><\/li>\n<li style=\"font-weight: 400;\" aria-level=\"1\"><span style=\"font-weight: 400;\">Rua Bar\u00e3o do Bom Retiro, pr\u00f3ximo \u00e0 Rua Ara\u00fajo Leit\u00e3o, no Engenho Novo<\/span><span style=\"font-weight: 400;\"><br \/>\n<\/span><\/li>\n<li style=\"font-weight: 400;\" aria-level=\"1\"><span style=\"font-weight: 400;\">Rua Teodoro da Silva, em Vila Isabel<\/span><span style=\"font-weight: 400;\"><br \/>\n<\/span><\/li>\n<\/ul>\n<p><b>Zona Oeste<\/b><\/p>\n<ul>\n<li style=\"font-weight: 400;\" aria-level=\"1\"><span style=\"font-weight: 400;\">Avenida Brasil, altura do viaduto de Deodoro, sentido Centro<\/span><span style=\"font-weight: 400;\"><br \/>\n<\/span><\/li>\n<li style=\"font-weight: 400;\" aria-level=\"1\"><span style=\"font-weight: 400;\">Avenida Brasil, Deodoro, sentido Santa Cruz<\/span><span style=\"font-weight: 400;\"><br \/>\n<\/span><\/li>\n<\/ul>\n<p><b>Zona Sudoeste<\/b><\/p>\n<ul>\n<li style=\"font-weight: 400;\" aria-level=\"1\"><span style=\"font-weight: 400;\">Linha Amarela, altura da Cidade de Deus<\/span><span style=\"font-weight: 400;\"><br \/>\n<\/span><\/li>\n<li style=\"font-weight: 400;\" aria-level=\"1\"><span style=\"font-weight: 400;\">Rua Edgard Werneck, altura da Avenida Gerem\u00e1rio Dantas, sentido Fund\u00e3o, e na altura do Giro do Cebolinha<\/span><span style=\"font-weight: 400;\"><br \/>\n<\/span><\/li>\n<li style=\"font-weight: 400;\" aria-level=\"1\"><span style=\"font-weight: 400;\">Estrada do Gabinal, bairro da Freguesia<\/span><span style=\"font-weight: 400;\"><br \/>\n<\/span><\/li>\n<li style=\"font-weight: 400;\" aria-level=\"1\"><span style=\"font-weight: 400;\">Avenida Ayrton Senna, altura da Ponte Santos Dumont, sentido Linha Amarela<\/span><span style=\"font-weight: 400;\"><br \/>\n<\/span><\/li>\n<li style=\"font-weight: 400;\" aria-level=\"1\"><span style=\"font-weight: 400;\">Estrada Miguel Salazar Mendes de Morais, na Taquara<\/span><span style=\"font-weight: 400;\"><br \/>\n<\/span><\/li>\n<li style=\"font-weight: 400;\" aria-level=\"1\"><span style=\"font-weight: 400;\">Avenida das Am\u00e9ricas, nos dois sentidos, altura da esta\u00e7\u00e3o de BRT Pombal<\/span><span style=\"font-weight: 400;\"><br \/>\n<\/span><\/li>\n<li style=\"font-weight: 400;\" aria-level=\"1\"><span style=\"font-weight: 400;\">Avenida Engenheiro Souza Filho, via principal entre Rio das Pedras e Muzema<\/span><span style=\"font-weight: 400;\"><br \/>\n<\/span><\/li>\n<\/ul>\n<p><b>Regi\u00e3o Central<\/b><\/p>\n<ul>\n<li style=\"font-weight: 400;\" aria-level=\"1\"><span style=\"font-weight: 400;\">Rua Riachuelo (entre o Bairro de F\u00e1tima e a Lapa)<\/span><span style=\"font-weight: 400;\"><br \/>\n<\/span><\/li>\n<li style=\"font-weight: 400;\" aria-level=\"1\"><span style=\"font-weight: 400;\">Avenida Paulo de Frontin, altura da Rua do Bispo, sentido Centro<\/span><span style=\"font-weight: 400;\"><br \/>\n<\/span><\/li>\n<li style=\"font-weight: 400;\" aria-level=\"1\"><span style=\"font-weight: 400;\">Pra\u00e7a Marechal Hermes, altura do INCA, no Santo Cristo<\/span><span style=\"font-weight: 400;\"><br \/>\n<\/span><\/li>\n<\/ul>\n<p><b>Zona Sul<\/b><\/p>\n<ul>\n<li style=\"font-weight: 400;\" aria-level=\"1\"><span style=\"font-weight: 400;\">Rua das Laranjeiras, esquina com a Rua Pereira da Silva<\/span><span style=\"font-weight: 400;\"><br \/>\n<\/span><\/li>\n<li style=\"font-weight: 400;\" aria-level=\"1\"><span style=\"font-weight: 400;\">Rua do Catete<\/span><span style=\"font-weight: 400;\"><br \/>\n<\/span><\/li>\n<\/ul>\n<p><b>Outros impactos identificados:<\/b><\/p>\n<ul>\n<li style=\"font-weight: 400;\" aria-level=\"1\"><span style=\"font-weight: 400;\">Fechamento da Linha Amarela, na altura da pra\u00e7a do ped\u00e1gio, devido a disparos vindos do Complexo do 18, segundo testemunhas<\/span><span style=\"font-weight: 400;\"><br \/>\n<\/span><\/li>\n<li style=\"font-weight: 400;\" aria-level=\"1\"><span style=\"font-weight: 400;\">Tiroteio no Morro do Turano (sem relato de feridos)<\/span><span style=\"font-weight: 400;\"><br \/>\n<\/span><\/li>\n<li style=\"font-weight: 400;\" aria-level=\"1\"><span style=\"font-weight: 400;\">Fechamento for\u00e7ado do com\u00e9rcio em v\u00e1rias localidades:<\/span><span style=\"font-weight: 400;\"><br \/>\n<\/span><\/p>\n<ul>\n<li style=\"font-weight: 400;\" aria-level=\"2\"><span style=\"font-weight: 400;\">Grande Tijuca: ruas Conde de Bonfim, Uruguai e Pra\u00e7a Saens Pe\u00f1a<\/span><span style=\"font-weight: 400;\"><br \/>\n<\/span><\/li>\n<li style=\"font-weight: 400;\" aria-level=\"2\"><span style=\"font-weight: 400;\">Itanhang\u00e1, pr\u00f3ximo \u00e0s comunidades da Tijuquinha, Muzema e Rio das Pedras<\/span><span style=\"font-weight: 400;\"><br \/>\n<\/span><\/li>\n<li style=\"font-weight: 400;\" aria-level=\"2\"><span style=\"font-weight: 400;\">Camorim, na Zona Sudoeste<\/span><\/li>\n<\/ul>\n<\/li>\n<\/ul>\n<p><b>Regi\u00e3o Metropolitana<\/b><\/p>\n<ul>\n<li style=\"font-weight: 400;\" aria-level=\"1\"><span style=\"font-weight: 400;\">BR-101 (Rodovia Niter\u00f3i\u2013Manilha): altura do Piscin\u00e3o de S\u00e3o Gon\u00e7alo e Viaduto de Manilha, em S\u00e3o Gon\u00e7alo<\/span><span style=\"font-weight: 400;\"><br \/>\n<\/span><\/li>\n<li style=\"font-weight: 400;\" aria-level=\"1\"><span style=\"font-weight: 400;\">RJ-106: altura do bairro Arsenal, em S\u00e3o Gon\u00e7alo<\/span><\/li>\n<li style=\"font-weight: 400;\" aria-level=\"1\"><span style=\"font-weight: 400;\">Tentativa de bloqueio na entrada de Tribob\u00f3, em S\u00e3o Gon\u00e7alo<\/span><span style=\"font-weight: 400;\"><br \/>\n<\/span><\/li>\n<li style=\"font-weight: 400;\" aria-level=\"1\"><span style=\"font-weight: 400;\">RJ-104: altura da descida do bairro Caixa d\u2019\u00c1gua, sentido Niter\u00f3i, em S\u00e3o Gon\u00e7alo<\/span><span style=\"font-weight: 400;\"><br \/>\n<\/span><\/li>\n<li style=\"font-weight: 400;\" aria-level=\"1\"><span style=\"font-weight: 400;\">Covanca, sentido Venda da Cruz, em S\u00e3o Gon\u00e7alo<\/span><span style=\"font-weight: 400;\"><br \/>\n<\/span><\/li>\n<li style=\"font-weight: 400;\" aria-level=\"1\"><span style=\"font-weight: 400;\">Comunidade Santa Catarina, em S\u00e3o Gon\u00e7alo<\/span><span style=\"font-weight: 400;\"><br \/>\n<\/span><\/li>\n<li style=\"font-weight: 400;\" aria-level=\"1\"><span style=\"font-weight: 400;\">BR-040 (Rodovia Washington Lu\u00eds): altura de Jardim Gramacho, em Duque de Caxias<\/span><\/li>\n<\/ul>\n<hr \/>\n<h4><b data-stringify-type=\"bold\">Apoie nossos esfor\u00e7os para fornecer apoio estrat\u00e9gico \u00e0s favelas do Rio, incluindo o jornalismo hiperlocal, cr\u00edtico, inovador e incans\u00e1vel do\u00a0<\/b><b data-stringify-type=\"bold\"><i data-stringify-type=\"italic\">RioOnWatch<\/i><\/b>\u2014<a class=\"c-link\" href=\"http:\/\/www.bit.ly\/ApoieROW\" rel=\"noopener noreferrer\" data-stringify-link=\"http:\/\/www.bit.ly\/ApoieROW\" data-sk=\"tooltip_parent\">doe aqui<\/a>.<\/h4>\n<!-- AddThis Advanced Settings generic via filter on the_content --><!-- AddThis Share Buttons generic via filter on the_content -->","protected":false},"excerpt":{"rendered":"<div class=\"mh-excerpt\"><p>Click Here for English Esta mat\u00e9ria faz parte da s\u00e9rie\u00a0#OQueDizemAsRedes\u00a0que traz pontos de vista publicados nas redes sociais, de moradores e ativistas de favela sobre eventos e temas que surgem na sociedade. O dia 28 <a class=\"mh-excerpt-more\" href=\"https:\/\/rioonwatch.org.br\/?p=79796\" title=\"Um Massacre! Opera\u00e7\u00e3o Mais Sangrenta da Hist\u00f3ria do Rio de Janeiro Gera Luto, Pavor e Indigna\u00e7\u00e3o nas Favelas, na Cidade, no Brasil e no Mundo, \u00c9 #OQueDizemAsRedes\">[&#8230;]<\/a><!-- AddThis Advanced Settings generic via filter on get_the_excerpt --><!-- AddThis Share Buttons generic via filter on get_the_excerpt --><\/p>\n<\/div>","protected":false},"author":192,"featured_media":79801,"comment_status":"closed","ping_status":"closed","sticky":false,"template":"template-full.php","format":"standard","meta":{"_acf_changed":false,"_monsterinsights_skip_tracking":false,"_monsterinsights_sitenote_active":false,"_monsterinsights_sitenote_note":"","_monsterinsights_sitenote_category":0,"footnotes":""},"categories":[1621,346,1625,344,1620,1612],"tags":[943,259,787,2967,2717,217,90,88,638,1372,3594,2561,1511,672,295,30,920,52,1144,218,184],"writer":[777],"translator":[],"source":[],"ilustrador":[],"fotografo":[],"class_list":{"0":"post-79796","1":"post","2":"type-post","3":"status-publish","4":"format-standard","5":"has-post-thumbnail","7":"category-destaque","8":"category-denuncias","9":"category-por-correspondentes-comunitarios","10":"category-politicas","11":"category-olhonaupp","12":"category-sociedade-civil","13":"tag-oquedizemasredes","14":"tag-centro","15":"tag-chacina","16":"tag-claudio-castro","17":"tag-complexo-da-penha","18":"tag-complexo-do-alemao","19":"tag-defensoria-publica","20":"tag-direitos-humanos","21":"tag-governo-do-estado","22":"tag-grande-rio","23":"tag-massacre","24":"tag-necropolitica","25":"tag-politica-de-seguranca","26":"tag-seguranca-publica","27":"tag-serra-da-misericordia","28":"tag-violencia","29":"tag-violencia-de-estado","30":"tag-violencia-policial","31":"tag-violencia-urbana","32":"tag-zona-norte","33":"tag-zona-oeste","34":"writer-rioonwatch"},"acf":[],"yoast_head":"<!-- This site is optimized with the Yoast SEO plugin v25.6 - https:\/\/yoast.com\/wordpress\/plugins\/seo\/ -->\n<title>Um Massacre! Opera\u00e7\u00e3o Mais Sangrenta da Hist\u00f3ria do Rio de Janeiro Gera Luto, Pavor e Indigna\u00e7\u00e3o nas Favelas, na Cidade, no Brasil e no Mundo, \u00c9 #OQueDizemAsRedes - RioOnWatch<\/title>\n<meta name=\"robots\" content=\"index, follow, max-snippet:-1, max-image-preview:large, max-video-preview:-1\" \/>\n<link rel=\"canonical\" href=\"https:\/\/rioonwatch.org.br\/?p=79796\" \/>\n<meta property=\"og:locale\" content=\"pt_BR\" \/>\n<meta property=\"og:type\" content=\"article\" \/>\n<meta property=\"og:title\" content=\"Um Massacre! Opera\u00e7\u00e3o Mais Sangrenta da Hist\u00f3ria do Rio de Janeiro Gera Luto, Pavor e Indigna\u00e7\u00e3o nas Favelas, na Cidade, no Brasil e no Mundo, \u00c9 #OQueDizemAsRedes - RioOnWatch\" \/>\n<meta property=\"og:description\" content=\"Click Here for English Esta mat\u00e9ria faz parte da s\u00e9rie\u00a0#OQueDizemAsRedes\u00a0que traz pontos de vista publicados nas redes sociais, de moradores e ativistas de favela sobre eventos e temas que surgem na sociedade. O dia 28 [...]\" \/>\n<meta property=\"og:url\" content=\"https:\/\/rioonwatch.org.br\/?p=79796\" \/>\n<meta property=\"og:site_name\" content=\"RioOnWatch\" \/>\n<meta property=\"article:published_time\" content=\"2025-10-29T22:35:17+00:00\" \/>\n<meta property=\"article:modified_time\" content=\"2025-11-14T14:37:32+00:00\" \/>\n<meta property=\"og:image\" content=\"https:\/\/rioonwatch.org.br\/wp-content\/uploads\/2025\/10\/Operacao-mais-letal-da-historia-do-Rio-expoe-logica-de-seguranca-publica-que-esta-longe-de-proteger-as-vidas-nas-favelas.-Foto-Reproducao.jpg\" \/>\n\t<meta property=\"og:image:width\" content=\"959\" \/>\n\t<meta property=\"og:image:height\" content=\"548\" \/>\n\t<meta property=\"og:image:type\" content=\"image\/jpeg\" \/>\n<meta name=\"author\" content=\"Beatriz Miranda\" \/>\n<meta name=\"twitter:card\" content=\"summary_large_image\" \/>\n<meta name=\"twitter:label1\" content=\"Escrito por\" \/>\n\t<meta name=\"twitter:data1\" content=\"Beatriz Miranda\" \/>\n\t<meta name=\"twitter:label2\" content=\"Est. tempo de leitura\" \/>\n\t<meta name=\"twitter:data2\" content=\"11 minutos\" \/>\n<script type=\"application\/ld+json\" class=\"yoast-schema-graph\">{\"@context\":\"https:\/\/schema.org\",\"@graph\":[{\"@type\":\"Article\",\"@id\":\"https:\/\/rioonwatch.org.br\/?p=79796#article\",\"isPartOf\":{\"@id\":\"https:\/\/rioonwatch.org.br\/?p=79796\"},\"author\":{\"name\":\"Beatriz Miranda\",\"@id\":\"https:\/\/rioonwatch.org.br\/#\/schema\/person\/1150bfc199e76e22909b454a0c139c4b\"},\"headline\":\"Um Massacre! Opera\u00e7\u00e3o Mais Sangrenta da Hist\u00f3ria do Rio de Janeiro Gera Luto, Pavor e Indigna\u00e7\u00e3o nas Favelas, na Cidade, no Brasil e no Mundo, \u00c9 #OQueDizemAsRedes\",\"datePublished\":\"2025-10-29T22:35:17+00:00\",\"dateModified\":\"2025-11-14T14:37:32+00:00\",\"mainEntityOfPage\":{\"@id\":\"https:\/\/rioonwatch.org.br\/?p=79796\"},\"wordCount\":2751,\"publisher\":{\"@id\":\"https:\/\/rioonwatch.org.br\/#organization\"},\"image\":{\"@id\":\"https:\/\/rioonwatch.org.br\/?p=79796#primaryimage\"},\"thumbnailUrl\":\"https:\/\/rioonwatch.org.br\/wp-content\/uploads\/2025\/10\/Operacao-mais-letal-da-historia-do-Rio-expoe-logica-de-seguranca-publica-que-esta-longe-de-proteger-as-vidas-nas-favelas.-Foto-Reproducao.jpg\",\"keywords\":[\"#OQueDizemAsRedes\",\"Centro\",\"chacina\",\"Cl\u00e1udio Castro\",\"Complexo da Penha\",\"Complexo do Alem\u00e3o\",\"Defensoria P\u00fablica\",\"Direitos Humanos\",\"Governo do Estado\",\"Grande Rio\",\"massacre\",\"necropol\u00edtica\",\"pol\u00edtica de seguran\u00e7a\",\"seguran\u00e7a p\u00fablica\",\"Serra da Miseric\u00f3rdia\",\"viol\u00eancia\",\"viol\u00eancia de Estado\",\"viol\u00eancia policial\",\"viol\u00eancia urbana\",\"Zona Norte\",\"Zona Oeste\"],\"articleSection\":[\"*Destaque\",\"Den\u00fancias\",\"Escrito por Comunicadores Populares\",\"Pol\u00edticas\",\"Seguran\u00e7a P\u00fablica\",\"Sociedade Civil\"],\"inLanguage\":\"pt-BR\"},{\"@type\":\"WebPage\",\"@id\":\"https:\/\/rioonwatch.org.br\/?p=79796\",\"url\":\"https:\/\/rioonwatch.org.br\/?p=79796\",\"name\":\"Um Massacre! Opera\u00e7\u00e3o Mais Sangrenta da Hist\u00f3ria do Rio de Janeiro Gera Luto, Pavor e Indigna\u00e7\u00e3o nas Favelas, na Cidade, no Brasil e no Mundo, \u00c9 #OQueDizemAsRedes - RioOnWatch\",\"isPartOf\":{\"@id\":\"https:\/\/rioonwatch.org.br\/#website\"},\"primaryImageOfPage\":{\"@id\":\"https:\/\/rioonwatch.org.br\/?p=79796#primaryimage\"},\"image\":{\"@id\":\"https:\/\/rioonwatch.org.br\/?p=79796#primaryimage\"},\"thumbnailUrl\":\"https:\/\/rioonwatch.org.br\/wp-content\/uploads\/2025\/10\/Operacao-mais-letal-da-historia-do-Rio-expoe-logica-de-seguranca-publica-que-esta-longe-de-proteger-as-vidas-nas-favelas.-Foto-Reproducao.jpg\",\"datePublished\":\"2025-10-29T22:35:17+00:00\",\"dateModified\":\"2025-11-14T14:37:32+00:00\",\"breadcrumb\":{\"@id\":\"https:\/\/rioonwatch.org.br\/?p=79796#breadcrumb\"},\"inLanguage\":\"pt-BR\",\"potentialAction\":[{\"@type\":\"ReadAction\",\"target\":[\"https:\/\/rioonwatch.org.br\/?p=79796\"]}]},{\"@type\":\"ImageObject\",\"inLanguage\":\"pt-BR\",\"@id\":\"https:\/\/rioonwatch.org.br\/?p=79796#primaryimage\",\"url\":\"https:\/\/rioonwatch.org.br\/wp-content\/uploads\/2025\/10\/Operacao-mais-letal-da-historia-do-Rio-expoe-logica-de-seguranca-publica-que-esta-longe-de-proteger-as-vidas-nas-favelas.-Foto-Reproducao.jpg\",\"contentUrl\":\"https:\/\/rioonwatch.org.br\/wp-content\/uploads\/2025\/10\/Operacao-mais-letal-da-historia-do-Rio-expoe-logica-de-seguranca-publica-que-esta-longe-de-proteger-as-vidas-nas-favelas.-Foto-Reproducao.jpg\",\"width\":959,\"height\":548,\"caption\":\"Opera\u00e7\u00e3o mais letal da hist\u00f3ria do Rio exp\u00f5e l\u00f3gica de seguran\u00e7a p\u00fablica que est\u00e1 longe de proteger as vidas nas favelas. Foto: Reprodu\u00e7\u00e3o\"},{\"@type\":\"BreadcrumbList\",\"@id\":\"https:\/\/rioonwatch.org.br\/?p=79796#breadcrumb\",\"itemListElement\":[{\"@type\":\"ListItem\",\"position\":1,\"name\":\"In\u00edcio\",\"item\":\"https:\/\/rioonwatch.org.br\/\"},{\"@type\":\"ListItem\",\"position\":2,\"name\":\"Um Massacre! Opera\u00e7\u00e3o Mais Sangrenta da Hist\u00f3ria do Rio de Janeiro Gera Luto, Pavor e Indigna\u00e7\u00e3o nas Favelas, na Cidade, no Brasil e no Mundo, \u00c9 #OQueDizemAsRedes\"}]},{\"@type\":\"WebSite\",\"@id\":\"https:\/\/rioonwatch.org.br\/#website\",\"url\":\"https:\/\/rioonwatch.org.br\/\",\"name\":\"RioOnWatch\",\"description\":\"relatos das favelas cariocas\",\"publisher\":{\"@id\":\"https:\/\/rioonwatch.org.br\/#organization\"},\"potentialAction\":[{\"@type\":\"SearchAction\",\"target\":{\"@type\":\"EntryPoint\",\"urlTemplate\":\"https:\/\/rioonwatch.org.br\/?s={search_term_string}\"},\"query-input\":{\"@type\":\"PropertyValueSpecification\",\"valueRequired\":true,\"valueName\":\"search_term_string\"}}],\"inLanguage\":\"pt-BR\"},{\"@type\":\"Organization\",\"@id\":\"https:\/\/rioonwatch.org.br\/#organization\",\"name\":\"RioOnWatch\",\"url\":\"https:\/\/rioonwatch.org.br\/\",\"logo\":{\"@type\":\"ImageObject\",\"inLanguage\":\"pt-BR\",\"@id\":\"https:\/\/rioonwatch.org.br\/#\/schema\/logo\/image\/\",\"url\":\"https:\/\/rioonwatch.org.br\/wp-content\/uploads\/2021\/06\/RioOnWatchcabecalhoPT11anos-2.png\",\"contentUrl\":\"https:\/\/rioonwatch.org.br\/wp-content\/uploads\/2021\/06\/RioOnWatchcabecalhoPT11anos-2.png\",\"width\":779,\"height\":277,\"caption\":\"RioOnWatch\"},\"image\":{\"@id\":\"https:\/\/rioonwatch.org.br\/#\/schema\/logo\/image\/\"}},{\"@type\":\"Person\",\"@id\":\"https:\/\/rioonwatch.org.br\/#\/schema\/person\/1150bfc199e76e22909b454a0c139c4b\",\"name\":\"Beatriz Miranda\",\"image\":{\"@type\":\"ImageObject\",\"inLanguage\":\"pt-BR\",\"@id\":\"https:\/\/rioonwatch.org.br\/#\/schema\/person\/image\/\",\"url\":\"https:\/\/secure.gravatar.com\/avatar\/41a514d4cb8be1f42ceaebd1038a447b?s=96&d=blank&r=g\",\"contentUrl\":\"https:\/\/secure.gravatar.com\/avatar\/41a514d4cb8be1f42ceaebd1038a447b?s=96&d=blank&r=g\",\"caption\":\"Beatriz Miranda\"},\"url\":\"https:\/\/rioonwatch.org.br\/?author=192\"}]}<\/script>\n<!-- \/ Yoast SEO plugin. -->","yoast_head_json":{"title":"Um Massacre! Opera\u00e7\u00e3o Mais Sangrenta da Hist\u00f3ria do Rio de Janeiro Gera Luto, Pavor e Indigna\u00e7\u00e3o nas Favelas, na Cidade, no Brasil e no Mundo, \u00c9 #OQueDizemAsRedes - RioOnWatch","robots":{"index":"index","follow":"follow","max-snippet":"max-snippet:-1","max-image-preview":"max-image-preview:large","max-video-preview":"max-video-preview:-1"},"canonical":"https:\/\/rioonwatch.org.br\/?p=79796","og_locale":"pt_BR","og_type":"article","og_title":"Um Massacre! Opera\u00e7\u00e3o Mais Sangrenta da Hist\u00f3ria do Rio de Janeiro Gera Luto, Pavor e Indigna\u00e7\u00e3o nas Favelas, na Cidade, no Brasil e no Mundo, \u00c9 #OQueDizemAsRedes - RioOnWatch","og_description":"Click Here for English Esta mat\u00e9ria faz parte da s\u00e9rie\u00a0#OQueDizemAsRedes\u00a0que traz pontos de vista publicados nas redes sociais, de moradores e ativistas de favela sobre eventos e temas que surgem na sociedade. O dia 28 [...]","og_url":"https:\/\/rioonwatch.org.br\/?p=79796","og_site_name":"RioOnWatch","article_published_time":"2025-10-29T22:35:17+00:00","article_modified_time":"2025-11-14T14:37:32+00:00","og_image":[{"width":959,"height":548,"url":"https:\/\/rioonwatch.org.br\/wp-content\/uploads\/2025\/10\/Operacao-mais-letal-da-historia-do-Rio-expoe-logica-de-seguranca-publica-que-esta-longe-de-proteger-as-vidas-nas-favelas.-Foto-Reproducao.jpg","type":"image\/jpeg"}],"author":"Beatriz Miranda","twitter_card":"summary_large_image","twitter_misc":{"Escrito por":"Beatriz Miranda","Est. tempo de leitura":"11 minutos"},"schema":{"@context":"https:\/\/schema.org","@graph":[{"@type":"Article","@id":"https:\/\/rioonwatch.org.br\/?p=79796#article","isPartOf":{"@id":"https:\/\/rioonwatch.org.br\/?p=79796"},"author":{"name":"Beatriz Miranda","@id":"https:\/\/rioonwatch.org.br\/#\/schema\/person\/1150bfc199e76e22909b454a0c139c4b"},"headline":"Um Massacre! Opera\u00e7\u00e3o Mais Sangrenta da Hist\u00f3ria do Rio de Janeiro Gera Luto, Pavor e Indigna\u00e7\u00e3o nas Favelas, na Cidade, no Brasil e no Mundo, \u00c9 #OQueDizemAsRedes","datePublished":"2025-10-29T22:35:17+00:00","dateModified":"2025-11-14T14:37:32+00:00","mainEntityOfPage":{"@id":"https:\/\/rioonwatch.org.br\/?p=79796"},"wordCount":2751,"publisher":{"@id":"https:\/\/rioonwatch.org.br\/#organization"},"image":{"@id":"https:\/\/rioonwatch.org.br\/?p=79796#primaryimage"},"thumbnailUrl":"https:\/\/rioonwatch.org.br\/wp-content\/uploads\/2025\/10\/Operacao-mais-letal-da-historia-do-Rio-expoe-logica-de-seguranca-publica-que-esta-longe-de-proteger-as-vidas-nas-favelas.-Foto-Reproducao.jpg","keywords":["#OQueDizemAsRedes","Centro","chacina","Cl\u00e1udio Castro","Complexo da Penha","Complexo do Alem\u00e3o","Defensoria P\u00fablica","Direitos Humanos","Governo do Estado","Grande Rio","massacre","necropol\u00edtica","pol\u00edtica de seguran\u00e7a","seguran\u00e7a p\u00fablica","Serra da Miseric\u00f3rdia","viol\u00eancia","viol\u00eancia de Estado","viol\u00eancia policial","viol\u00eancia urbana","Zona Norte","Zona Oeste"],"articleSection":["*Destaque","Den\u00fancias","Escrito por Comunicadores Populares","Pol\u00edticas","Seguran\u00e7a P\u00fablica","Sociedade Civil"],"inLanguage":"pt-BR"},{"@type":"WebPage","@id":"https:\/\/rioonwatch.org.br\/?p=79796","url":"https:\/\/rioonwatch.org.br\/?p=79796","name":"Um Massacre! Opera\u00e7\u00e3o Mais Sangrenta da Hist\u00f3ria do Rio de Janeiro Gera Luto, Pavor e Indigna\u00e7\u00e3o nas Favelas, na Cidade, no Brasil e no Mundo, \u00c9 #OQueDizemAsRedes - RioOnWatch","isPartOf":{"@id":"https:\/\/rioonwatch.org.br\/#website"},"primaryImageOfPage":{"@id":"https:\/\/rioonwatch.org.br\/?p=79796#primaryimage"},"image":{"@id":"https:\/\/rioonwatch.org.br\/?p=79796#primaryimage"},"thumbnailUrl":"https:\/\/rioonwatch.org.br\/wp-content\/uploads\/2025\/10\/Operacao-mais-letal-da-historia-do-Rio-expoe-logica-de-seguranca-publica-que-esta-longe-de-proteger-as-vidas-nas-favelas.-Foto-Reproducao.jpg","datePublished":"2025-10-29T22:35:17+00:00","dateModified":"2025-11-14T14:37:32+00:00","breadcrumb":{"@id":"https:\/\/rioonwatch.org.br\/?p=79796#breadcrumb"},"inLanguage":"pt-BR","potentialAction":[{"@type":"ReadAction","target":["https:\/\/rioonwatch.org.br\/?p=79796"]}]},{"@type":"ImageObject","inLanguage":"pt-BR","@id":"https:\/\/rioonwatch.org.br\/?p=79796#primaryimage","url":"https:\/\/rioonwatch.org.br\/wp-content\/uploads\/2025\/10\/Operacao-mais-letal-da-historia-do-Rio-expoe-logica-de-seguranca-publica-que-esta-longe-de-proteger-as-vidas-nas-favelas.-Foto-Reproducao.jpg","contentUrl":"https:\/\/rioonwatch.org.br\/wp-content\/uploads\/2025\/10\/Operacao-mais-letal-da-historia-do-Rio-expoe-logica-de-seguranca-publica-que-esta-longe-de-proteger-as-vidas-nas-favelas.-Foto-Reproducao.jpg","width":959,"height":548,"caption":"Opera\u00e7\u00e3o mais letal da hist\u00f3ria do Rio exp\u00f5e l\u00f3gica de seguran\u00e7a p\u00fablica que est\u00e1 longe de proteger as vidas nas favelas. Foto: Reprodu\u00e7\u00e3o"},{"@type":"BreadcrumbList","@id":"https:\/\/rioonwatch.org.br\/?p=79796#breadcrumb","itemListElement":[{"@type":"ListItem","position":1,"name":"In\u00edcio","item":"https:\/\/rioonwatch.org.br\/"},{"@type":"ListItem","position":2,"name":"Um Massacre! Opera\u00e7\u00e3o Mais Sangrenta da Hist\u00f3ria do Rio de Janeiro Gera Luto, Pavor e Indigna\u00e7\u00e3o nas Favelas, na Cidade, no Brasil e no Mundo, \u00c9 #OQueDizemAsRedes"}]},{"@type":"WebSite","@id":"https:\/\/rioonwatch.org.br\/#website","url":"https:\/\/rioonwatch.org.br\/","name":"RioOnWatch","description":"relatos das favelas cariocas","publisher":{"@id":"https:\/\/rioonwatch.org.br\/#organization"},"potentialAction":[{"@type":"SearchAction","target":{"@type":"EntryPoint","urlTemplate":"https:\/\/rioonwatch.org.br\/?s={search_term_string}"},"query-input":{"@type":"PropertyValueSpecification","valueRequired":true,"valueName":"search_term_string"}}],"inLanguage":"pt-BR"},{"@type":"Organization","@id":"https:\/\/rioonwatch.org.br\/#organization","name":"RioOnWatch","url":"https:\/\/rioonwatch.org.br\/","logo":{"@type":"ImageObject","inLanguage":"pt-BR","@id":"https:\/\/rioonwatch.org.br\/#\/schema\/logo\/image\/","url":"https:\/\/rioonwatch.org.br\/wp-content\/uploads\/2021\/06\/RioOnWatchcabecalhoPT11anos-2.png","contentUrl":"https:\/\/rioonwatch.org.br\/wp-content\/uploads\/2021\/06\/RioOnWatchcabecalhoPT11anos-2.png","width":779,"height":277,"caption":"RioOnWatch"},"image":{"@id":"https:\/\/rioonwatch.org.br\/#\/schema\/logo\/image\/"}},{"@type":"Person","@id":"https:\/\/rioonwatch.org.br\/#\/schema\/person\/1150bfc199e76e22909b454a0c139c4b","name":"Beatriz Miranda","image":{"@type":"ImageObject","inLanguage":"pt-BR","@id":"https:\/\/rioonwatch.org.br\/#\/schema\/person\/image\/","url":"https:\/\/secure.gravatar.com\/avatar\/41a514d4cb8be1f42ceaebd1038a447b?s=96&d=blank&r=g","contentUrl":"https:\/\/secure.gravatar.com\/avatar\/41a514d4cb8be1f42ceaebd1038a447b?s=96&d=blank&r=g","caption":"Beatriz Miranda"},"url":"https:\/\/rioonwatch.org.br\/?author=192"}]}},"_links":{"self":[{"href":"https:\/\/rioonwatch.org.br\/index.php?rest_route=\/wp\/v2\/posts\/79796"}],"collection":[{"href":"https:\/\/rioonwatch.org.br\/index.php?rest_route=\/wp\/v2\/posts"}],"about":[{"href":"https:\/\/rioonwatch.org.br\/index.php?rest_route=\/wp\/v2\/types\/post"}],"author":[{"embeddable":true,"href":"https:\/\/rioonwatch.org.br\/index.php?rest_route=\/wp\/v2\/users\/192"}],"replies":[{"embeddable":true,"href":"https:\/\/rioonwatch.org.br\/index.php?rest_route=%2Fwp%2Fv2%2Fcomments&post=79796"}],"version-history":[{"count":39,"href":"https:\/\/rioonwatch.org.br\/index.php?rest_route=\/wp\/v2\/posts\/79796\/revisions"}],"predecessor-version":[{"id":80210,"href":"https:\/\/rioonwatch.org.br\/index.php?rest_route=\/wp\/v2\/posts\/79796\/revisions\/80210"}],"wp:featuredmedia":[{"embeddable":true,"href":"https:\/\/rioonwatch.org.br\/index.php?rest_route=\/wp\/v2\/media\/79801"}],"wp:attachment":[{"href":"https:\/\/rioonwatch.org.br\/index.php?rest_route=%2Fwp%2Fv2%2Fmedia&parent=79796"}],"wp:term":[{"taxonomy":"category","embeddable":true,"href":"https:\/\/rioonwatch.org.br\/index.php?rest_route=%2Fwp%2Fv2%2Fcategories&post=79796"},{"taxonomy":"post_tag","embeddable":true,"href":"https:\/\/rioonwatch.org.br\/index.php?rest_route=%2Fwp%2Fv2%2Ftags&post=79796"},{"taxonomy":"writer","embeddable":true,"href":"https:\/\/rioonwatch.org.br\/index.php?rest_route=%2Fwp%2Fv2%2Fwriter&post=79796"},{"taxonomy":"translator","embeddable":true,"href":"https:\/\/rioonwatch.org.br\/index.php?rest_route=%2Fwp%2Fv2%2Ftranslator&post=79796"},{"taxonomy":"source","embeddable":true,"href":"https:\/\/rioonwatch.org.br\/index.php?rest_route=%2Fwp%2Fv2%2Fsource&post=79796"},{"taxonomy":"ilustrador","embeddable":true,"href":"https:\/\/rioonwatch.org.br\/index.php?rest_route=%2Fwp%2Fv2%2Filustrador&post=79796"},{"taxonomy":"fotografo","embeddable":true,"href":"https:\/\/rioonwatch.org.br\/index.php?rest_route=%2Fwp%2Fv2%2Ffotografo&post=79796"}],"curies":[{"name":"wp","href":"https:\/\/api.w.org\/{rel}","templated":true}]}}