{"id":79891,"date":"2025-12-03T17:57:36","date_gmt":"2025-12-03T20:57:36","guid":{"rendered":"https:\/\/rioonwatch.org.br\/?p=79891"},"modified":"2026-04-21T12:26:04","modified_gmt":"2026-04-21T15:26:04","slug":"qual-o-futuro-da-vila-autodromo-com-a-criacao-do-bairro-barra-olimpica-na-nova-zona-sudoeste-da-cidade-do-rio","status":"publish","type":"post","link":"https:\/\/rioonwatch.org.br\/?p=79891","title":{"rendered":"Qual o Futuro da Vila Aut\u00f3dromo com a Cria\u00e7\u00e3o do Bairro Barra Ol\u00edmpica na Nova Zona Sudoeste da Cidade do Rio?"},"content":{"rendered":"<figure id=\"attachment_35663\" aria-describedby=\"caption-attachment-35663\" style=\"width: 1728px\" class=\"wp-caption aligncenter\"><a href=\"https:\/\/rioonwatch.org.br\/wp-content\/uploads\/2018\/08\/Vila-Auto\u0301dromo-Placa.jpg\"><img fetchpriority=\"high\" decoding=\"async\" class=\"wp-image-35663 size-full\" title=\"Entrada da Vila Aut\u00f3dromo, ao lado do Parque Ol\u00edmpico. Foto: P\u00e1gina do Facebook da Vila Aut\u00f3dromo.\" src=\"https:\/\/rioonwatch.org.br\/wp-content\/uploads\/2018\/08\/Vila-Auto\u0301dromo-Placa.jpg\" alt=\"Entrada da Vila Aut\u00f3dromo, ao lado do Parque Ol\u00edmpico. Foto: P\u00e1gina do Facebook da Vila Aut\u00f3dromo.\" width=\"1728\" height=\"855\" srcset=\"https:\/\/rioonwatch.org.br\/wp-content\/uploads\/2018\/08\/Vila-Auto\u0301dromo-Placa.jpg 1728w, https:\/\/rioonwatch.org.br\/wp-content\/uploads\/2018\/08\/Vila-Auto\u0301dromo-Placa-620x307.jpg 620w, https:\/\/rioonwatch.org.br\/wp-content\/uploads\/2018\/08\/Vila-Auto\u0301dromo-Placa-1271x629.jpg 1271w, https:\/\/rioonwatch.org.br\/wp-content\/uploads\/2018\/08\/Vila-Auto\u0301dromo-Placa-768x380.jpg 768w, https:\/\/rioonwatch.org.br\/wp-content\/uploads\/2018\/08\/Vila-Auto\u0301dromo-Placa-1024x507.jpg 1024w\" sizes=\"(max-width: 1728px) 100vw, 1728px\" \/><\/a><figcaption id=\"caption-attachment-35663\" class=\"wp-caption-text\">Entrada da Vila Aut\u00f3dromo, ao lado do Parque Ol\u00edmpico. Foto: P\u00e1gina do Facebook da Vila Aut\u00f3dromo.<\/figcaption><\/figure>\n<p style=\"text-align: right;\"><a href=\"https:\/\/bit.ly\/4qMGKWr\" target=\"_blank\" rel=\"noopener\"><em><strong>Click Here for English<\/strong><\/em><img decoding=\"async\" class=\"alignright wp-image-15790\" src=\"https:\/\/rioonwatch.org.br\/wp-content\/uploads\/2012\/08\/EN-standard-e1439583104716.jpg\" alt=\"\" width=\"20\" height=\"20\" \/><\/a><\/p>\n<p><em>Esta mat\u00e9ria faz parte da nossa s\u00e9rie que reflete sobre os impactos dos megaeventos no Rio de Janeiro <a href=\"https:\/\/rioonwatch.org.br\/?cat=2051\">10 anos ap\u00f3s os Jogos Ol\u00edmpicos Rio2016<\/a>.<\/em><\/p>\n<p><span style=\"font-weight: 400;\">Em 14 de agosto de 2025 a <a href=\"https:\/\/bit.ly\/2P7wf3I\" target=\"_blank\" rel=\"noopener\">C\u00e2mara dos Vereadores<\/a>\u00a0aprovou a <a href=\"https:\/\/bit.ly\/3LpXIKV\" target=\"_blank\" rel=\"noopener\">cria\u00e7\u00e3o da nova Zona Sudoeste<\/a> do Rio de Janeiro, <a href=\"https:\/\/bit.ly\/47itB0x\">englobando<\/a> 21 bairros da <a href=\"https:\/\/bit.ly\/3WyqbAz\" target=\"_blank\" rel=\"noopener\">AP4<\/a> na <a href=\"https:\/\/bit.ly\/2x3k8bw\" target=\"_blank\" rel=\"noopener\">Zona Oeste<\/a>, como <a href=\"https:\/\/bit.ly\/2UVrwlZ\" target=\"_blank\" rel=\"noopener\">Barra da Tijuca<\/a>, <a href=\"https:\/\/bit.ly\/2CsYjbR\" target=\"_blank\" rel=\"noopener\">Recreio dos Bandeirantes<\/a>, Grumari, <a href=\"https:\/\/bit.ly\/3E5zpOD\" target=\"_blank\" rel=\"noopener\">Vargem Grande<\/a> e <a href=\"https:\/\/bit.ly\/3iEc3ks\" target=\"_blank\" rel=\"noopener\">Vargem Pequena<\/a>. Representa<\/span><span style=\"font-weight: 400;\"> u<\/span><span style=\"font-weight: 400;\">ma<\/span><span style=\"font-weight: 400;\"> \u00e1rea com hist\u00f3rico de mais de meio s\u00e9culo de grandes projetos voltados para expans\u00e3o imobili\u00e1ria segregat\u00f3ria e condom\u00ednios de luxo, exemplificado nos per\u00edodos dos preparativos para os <a href=\"https:\/\/bit.ly\/2xMoH9b\" target=\"_blank\" rel=\"noopener\">Jogos Pan-Americanos<\/a> de 2007 e as <a href=\"https:\/\/bit.ly\/PkLXlQ\" target=\"_blank\" rel=\"noopener\">Olimp\u00edadas<\/a> de 2016. <\/span><\/p>\n<p>Dois meses depois, a C\u00e2mara <a href=\"https:\/\/bit.ly\/3JDakxO\" target=\"_blank\" rel=\"noopener\">aprovou o Projeto Imagine<\/a>, <a href=\"https:\/\/bit.ly\/47hrwSC\" target=\"_blank\" rel=\"noopener\">Lei Complementar n\u00ba 284\/2025<\/a>, em 18 de outubro, que autoriza a prefeitura a conceder o antigo Parque Ol\u00edmpico, hoje <a href=\"https:\/\/bit.ly\/3JgoOUl\" target=\"_blank\" rel=\"noopener\">Parque do Legado Ol\u00edmpico<\/a>, \u00e0 empresa Rock World, do Rock in Rio. Ali est\u00e1 prevista \u201ca cria\u00e7\u00e3o de um parque de divers\u00f5es, al\u00e9m de um complexo de lazer, esporte, cultura e neg\u00f3cios, que deve se tornar o maior da Am\u00e9rica Latina, distribu\u00eddo por 1.180.000 m\u00b2. O local tamb\u00e9m se consolidar\u00e1 como sede permanente do Rock in Rio, um dos maiores festivais de m\u00fasica do mundo\u201d, segundo a C\u00e2mara dos Vereadores do Rio. A empresa ter\u00e1 at\u00e9 60 meses para concluir as obras de infraestrutura e, ap\u00f3s esse per\u00edodo, poder\u00e1 operar o espa\u00e7o por 30 anos, \u201cpor meio de uma Opera\u00e7\u00e3o Urbana Consorciada (OUC), com transfer\u00eancia do potencial construtivo para outras \u00e1reas da Barra da Tijuca e de Jacarepagu\u00e1. A Rock World projeta movimentar mais de R$274 bilh\u00f5es e gerar 143.000 empregos ao longo do per\u00edodo de concess\u00e3o&#8230; <span style=\"font-weight: 400;\">Antes disso, a concession\u00e1ria ter\u00e1 at\u00e9 12 meses, contados a partir da publica\u00e7\u00e3o da lei, para apresentar um \u2018masterplan\u2019 detalhado de toda a \u00e1rea de implanta\u00e7\u00e3o, que dever\u00e1 ser aprovado pela Prefeitura\u201d.<\/span><\/p>\n<p>Ambas as leis reacendem debates sobre <a href=\"https:\/\/bit.ly\/47ytxZh\" target=\"_blank\" rel=\"noopener\">urbanismo<\/a>, <a href=\"https:\/\/bit.ly\/2x3RFCy\" target=\"_blank\" rel=\"noopener\">especula\u00e7\u00e3o imobili\u00e1ria<\/a>, <a href=\"https:\/\/bit.ly\/3aY4PCT\" target=\"_blank\" rel=\"noopener\">direito \u00e0 cidade<\/a> e <a href=\"https:\/\/bit.ly\/3NJG2pv\" target=\"_blank\" rel=\"noopener\">direito \u00e0 favela<\/a> na regi\u00e3o, e no espa\u00e7o vizinho \u00e0 <span style=\"font-weight: 400;\"><a href=\"https:\/\/bit.ly\/3lHVbww\" target=\"_blank\" rel=\"noopener\">Vila Aut\u00f3dromo<\/a><\/span>, que em 2024 se tornou parte do mais recente bairro carioca,<span style=\"font-weight: 400;\"> <a href=\"https:\/\/bit.ly\/3X8hBJ0\" target=\"_blank\" rel=\"noopener\">seu 166\u00ba bairro<\/a>: nomeado Barra Ol\u00edmpica, o bairro formado por partes de Jacarepagu\u00e1, Camorim e Barra da Tijuca. Barra Ol\u00edmpica contempla v\u00e1rias favelas da regi\u00e3o, como a <a href=\"https:\/\/rioonwatch.org.br\/?tag=asa-branca\">Asa Branca<\/a> e demais de <a href=\"https:\/\/rioonwatch.org.br\/?tag=curicica\">Curicica<\/a>, <a href=\"https:\/\/bit.ly\/2rF8MuX\" target=\"_blank\" rel=\"noopener\">Cidade de Deus<\/a>, <a href=\"https:\/\/bit.ly\/2WpaNbr\" target=\"_blank\" rel=\"noopener\">Rio das Pedras<\/a>, <a href=\"https:\/\/bit.ly\/3LwmFzX\" target=\"_blank\" rel=\"noopener\">Muzema<\/a>, <a href=\"https:\/\/bit.ly\/48s857n\" target=\"_blank\" rel=\"noopener\">Tijuquinha<\/a> e\u00a0<a href=\"https:\/\/rioonwatch.org.br\/?tag=anil\">Canal do Anil<\/a>.<\/span><\/p>\n<p><span style=\"font-weight: 400;\">Vila Aut\u00f3dromo se tornou \u00edcone mundial da luta contra remo\u00e7\u00f5es gra\u00e7as \u00e0 sua resist\u00eancia <a href=\"https:\/\/rioonwatch.org.br\/?p=30837\">de d\u00e9cadas<\/a> e <a href=\"https:\/\/rioonwatch.org.br\/?p=7034\">veemente<\/a> e, apesar dos poderes associados, parcialmente bem-sucedida, <a href=\"https:\/\/rioonwatch.org.br\/?p=21269\">resultando em 20 fam\u00edlias que permaneceram<\/a> na \u00e1rea ainda voltada para seus moradores de baixa renda. Todas as novidades recentes na regi\u00e3o v<\/span><span style=\"font-weight: 400;\">oltam a preocupar os moradores com o que j\u00e1 foi seu principal problema: <a href=\"https:\/\/bit.ly\/3RlvVZS\" target=\"_blank\" rel=\"noopener\">amea\u00e7as ao direito \u00e0 perman\u00eancia<\/a>, seja atrav\u00e9s de <a href=\"https:\/\/bit.ly\/4oOyFj9\" target=\"_blank\" rel=\"noopener\">remo\u00e7\u00f5es violentas<\/a>, seja por conta da <a href=\"https:\/\/bit.ly\/47LXVyH\" target=\"_blank\" rel=\"noopener\">especula\u00e7\u00e3o imobili\u00e1ria<\/a>.<\/span><\/p>\n<figure id=\"attachment_35438\" aria-describedby=\"caption-attachment-35438\" style=\"width: 2048px\" class=\"wp-caption aligncenter\"><a href=\"https:\/\/rioonwatch.org.br\/wp-content\/uploads\/2018\/08\/Casa-demolida-no-processo-de-remo\u00e7\u00e3o-na-Vila-Aut\u00f3dromo.jpg\"><img decoding=\"async\" class=\"wp-image-35438 size-full\" title=\"Casa demolida durante processo de remo\u00e7\u00e3o da Vila Aut\u00f3dromo. Foto: Facebook da Vila Aut\u00f3dromo\" src=\"https:\/\/rioonwatch.org.br\/wp-content\/uploads\/2018\/08\/Casa-demolida-no-processo-de-remo\u00e7\u00e3o-na-Vila-Aut\u00f3dromo.jpg\" alt=\"Casa demolida durante processo de remo\u00e7\u00e3o da Vila Aut\u00f3dromo. Foto: Facebook da Vila Aut\u00f3dromo\" width=\"2048\" height=\"1536\" srcset=\"https:\/\/rioonwatch.org.br\/wp-content\/uploads\/2018\/08\/Casa-demolida-no-processo-de-remo\u00e7\u00e3o-na-Vila-Aut\u00f3dromo.jpg 2048w, https:\/\/rioonwatch.org.br\/wp-content\/uploads\/2018\/08\/Casa-demolida-no-processo-de-remo\u00e7\u00e3o-na-Vila-Aut\u00f3dromo-352x264.jpg 352w, https:\/\/rioonwatch.org.br\/wp-content\/uploads\/2018\/08\/Casa-demolida-no-processo-de-remo\u00e7\u00e3o-na-Vila-Aut\u00f3dromo-620x465.jpg 620w, https:\/\/rioonwatch.org.br\/wp-content\/uploads\/2018\/08\/Casa-demolida-no-processo-de-remo\u00e7\u00e3o-na-Vila-Aut\u00f3dromo-768x576.jpg 768w, https:\/\/rioonwatch.org.br\/wp-content\/uploads\/2018\/08\/Casa-demolida-no-processo-de-remo\u00e7\u00e3o-na-Vila-Aut\u00f3dromo-1024x768.jpg 1024w, https:\/\/rioonwatch.org.br\/wp-content\/uploads\/2018\/08\/Casa-demolida-no-processo-de-remo\u00e7\u00e3o-na-Vila-Aut\u00f3dromo-174x131.jpg 174w, https:\/\/rioonwatch.org.br\/wp-content\/uploads\/2018\/08\/Casa-demolida-no-processo-de-remo\u00e7\u00e3o-na-Vila-Aut\u00f3dromo-300x225.jpg 300w, https:\/\/rioonwatch.org.br\/wp-content\/uploads\/2018\/08\/Casa-demolida-no-processo-de-remo\u00e7\u00e3o-na-Vila-Aut\u00f3dromo-70x53.jpg 70w\" sizes=\"(max-width: 2048px) 100vw, 2048px\" \/><\/a><figcaption id=\"caption-attachment-35438\" class=\"wp-caption-text\">Casa demolida durante processo de remo\u00e7\u00e3o da Vila Aut\u00f3dromo. Foto: Facebook da Vila Aut\u00f3dromo<\/figcaption><\/figure>\n<p>Sandra Maria Teixeira, de 57 anos, \u00e9 moradora da Vila Aut\u00f3dromo h\u00e1 32 anos. Para ela, a Barra Ol\u00edmpica foi criada por motivos bem \u00f3bvios.<\/p>\n<blockquote><p>\u201cCriam esse bairro, um novo bairro, que j\u00e1 traz essa refer\u00eancia de &#8216;Barra&#8217;. \u00c9 um projeto muito claro de valoriza\u00e7\u00e3o da regi\u00e3o, que j\u00e1 vem recebendo investimentos e reformas que claramente atendem aos interesses da especula\u00e7\u00e3o imobili\u00e1ria&#8230; Nesse projeto, fica muito claro isso [os interesses econ\u00f4micos e pol\u00edticos]. Voc\u00ea v\u00ea um desmembramento dos bairros que v\u00eam recebendo investimentos [com essa nova zona]. \u00c9 a continuidade desse projeto [especulativo] deles.\u201d \u2014 Sandra Maria Teixeira<\/p><\/blockquote>\n<p>Um medo que a popula\u00e7\u00e3o j\u00e1 est\u00e1 vivendo \u00e9 a eleva\u00e7\u00e3o dos pre\u00e7os voltados para moradia e perman\u00eancia na regi\u00e3o. Sandra ressalta: \u201cVoc\u00ea tem uma regi\u00e3o valorizada, com investimento p\u00fablico maior, o que vai justificar o aumento do IPTU e de v\u00e1rias outras coisas\u201d.<\/p>\n<figure id=\"attachment_18329\" aria-describedby=\"caption-attachment-18329\" style=\"width: 500px\" class=\"wp-caption alignright\"><a href=\"https:\/\/rioonwatch.org.br\/wp-content\/uploads\/2016\/02\/Demoli\u00e7\u00e3o-da-casa-do-Altair.-Foto-da-p\u00e1gina-Comunidade-Vila-Aut\u00f3dromo-no-Facebook.jpg\"><img loading=\"lazy\" decoding=\"async\" class=\"wp-image-18329\" title=\"Demoli\u00e7\u00e3o da casa do Altair. Foto: Facebook da Vila Aut\u00f3dromo\" src=\"https:\/\/rioonwatch.org.br\/wp-content\/uploads\/2016\/02\/Demoli\u00e7\u00e3o-da-casa-do-Altair.-Foto-da-p\u00e1gina-Comunidade-Vila-Aut\u00f3dromo-no-Facebook-620x349.jpg\" alt=\"Demoli\u00e7\u00e3o da casa do Altair. Foto: Facebook da Vila Aut\u00f3dromo\" width=\"500\" height=\"281\" srcset=\"https:\/\/rioonwatch.org.br\/wp-content\/uploads\/2016\/02\/Demoli\u00e7\u00e3o-da-casa-do-Altair.-Foto-da-p\u00e1gina-Comunidade-Vila-Aut\u00f3dromo-no-Facebook-620x349.jpg 620w, https:\/\/rioonwatch.org.br\/wp-content\/uploads\/2016\/02\/Demoli\u00e7\u00e3o-da-casa-do-Altair.-Foto-da-p\u00e1gina-Comunidade-Vila-Aut\u00f3dromo-no-Facebook-768x432.jpg 768w, https:\/\/rioonwatch.org.br\/wp-content\/uploads\/2016\/02\/Demoli\u00e7\u00e3o-da-casa-do-Altair.-Foto-da-p\u00e1gina-Comunidade-Vila-Aut\u00f3dromo-no-Facebook-678x381.jpg 678w, https:\/\/rioonwatch.org.br\/wp-content\/uploads\/2016\/02\/Demoli\u00e7\u00e3o-da-casa-do-Altair.-Foto-da-p\u00e1gina-Comunidade-Vila-Aut\u00f3dromo-no-Facebook-580x326.jpg 580w, https:\/\/rioonwatch.org.br\/wp-content\/uploads\/2016\/02\/Demoli\u00e7\u00e3o-da-casa-do-Altair.-Foto-da-p\u00e1gina-Comunidade-Vila-Aut\u00f3dromo-no-Facebook-174x98.jpg 174w, https:\/\/rioonwatch.org.br\/wp-content\/uploads\/2016\/02\/Demoli\u00e7\u00e3o-da-casa-do-Altair.-Foto-da-p\u00e1gina-Comunidade-Vila-Aut\u00f3dromo-no-Facebook.jpg 960w\" sizes=\"(max-width: 500px) 100vw, 500px\" \/><\/a><figcaption id=\"caption-attachment-18329\" class=\"wp-caption-text\">Demoli\u00e7\u00e3o da casa do presidente da associa\u00e7\u00e3o no per\u00edodo pr\u00e9-ol\u00edmpico, Altair Guimar\u00e3es. Foto: Facebook da Vila Aut\u00f3dromo<\/figcaption><\/figure>\n<p>Para Luiz Claudio Silva, professor de educa\u00e7\u00e3o f\u00edsica de 62 anos, este aumento do custo de vida est\u00e1 a caminho: \u00e9 uma quest\u00e3o de tempo ap\u00f3s as mudan\u00e7as sendo realizadas.<\/p>\n<blockquote><p>\u201cDepois que internalizar, que a galera se conscientizar de que mudou de zona, de bairro, que \u00e9 a Zona Sudoeste\u2026 Por enquanto, acredito que n\u00e3o, mas para um futuro e talvez muito pr\u00f3ximo, \u00e9 um caminho para o aumento de taxas.\u201d \u2014 Luiz Claudio Silva<\/p><\/blockquote>\n<p>Com a nova nomenclatura simb\u00f3lica, os moradores temem que os recursos sejam destinados apenas aos bairros mais ricos da regi\u00e3o.<\/p>\n<blockquote><p>\u201cA nossa luta \u00e9 sempre contra o apagamento. Aqui n\u00e3o chegou nada de benef\u00edcio. Quando essas casas [compensat\u00f3rias constru\u00eddas na Vila Aut\u00f3dromo antes dos Jogos de 2016] foram entregues, no dia 29 de julho de 2016, foi acordado com a Prefeitura que ela tinha que devolver tudo o que ela destruiu nas remo\u00e7\u00f5es&#8230; a quadra poliesportiva [por exemplo], tudo com liminar do juiz.\u201d \u2014 Luiz Claudio Silva<\/p><\/blockquote>\n<p><span style=\"font-weight: 400;\">\u201cForam 58 liminares que n\u00f3s sofremos aqui. Nessa, foi a associa\u00e7\u00e3o, foi a horta, foi o parquinho\u2026foi a quadra\u201d, acrescenta o morador, que afirma que a Prefeitura recorreu das decis\u00f5es, mas a <a href=\"https:\/\/bit.ly\/43H1ANS\" target=\"_blank\" rel=\"noopener\">Justi\u00e7a ordenou a reconstru\u00e7\u00e3o<\/a> dos aparelhos p\u00fablicos de uso comunit\u00e1rio que foram demolidos. No entanto, mesmo com decis\u00f5es judiciais, a Prefeitura <a href=\"https:\/\/bit.ly\/3qMQEub\" target=\"_blank\" rel=\"noopener\">demorou anos para come\u00e7ar<\/a> as obras, sempre fiscalizadas n\u00e3o oficialmente pelos moradores.<\/span><\/p>\n<figure id=\"attachment_62725\" aria-describedby=\"caption-attachment-62725\" style=\"width: 2560px\" class=\"wp-caption aligncenter\"><a href=\"https:\/\/rioonwatch.org.br\/wp-content\/uploads\/2022\/09\/Luiz-Claudio-acompanha-diariamente-o-andamento-das-obras-na-Vila-Autodromo.-Foto-Alexandre-Cerqueira-scaled.jpg\"><img loading=\"lazy\" decoding=\"async\" class=\"wp-image-62725 size-full\" title=\"Luiz Claudio acompanha diariamente o andamento das obras na Vila Aut\u00f3dromo. Foto: Alexandre Cerqueira\" src=\"https:\/\/rioonwatch.org.br\/wp-content\/uploads\/2022\/09\/Luiz-Claudio-acompanha-diariamente-o-andamento-das-obras-na-Vila-Autodromo.-Foto-Alexandre-Cerqueira-scaled.jpg\" alt=\"Luiz Claudio acompanha diariamente o andamento das obras na Vila Aut\u00f3dromo. Foto: Alexandre Cerqueira\" width=\"2560\" height=\"1707\" srcset=\"https:\/\/rioonwatch.org.br\/wp-content\/uploads\/2022\/09\/Luiz-Claudio-acompanha-diariamente-o-andamento-das-obras-na-Vila-Autodromo.-Foto-Alexandre-Cerqueira-scaled.jpg 2560w, https:\/\/rioonwatch.org.br\/wp-content\/uploads\/2022\/09\/Luiz-Claudio-acompanha-diariamente-o-andamento-das-obras-na-Vila-Autodromo.-Foto-Alexandre-Cerqueira-620x413.jpg 620w, https:\/\/rioonwatch.org.br\/wp-content\/uploads\/2022\/09\/Luiz-Claudio-acompanha-diariamente-o-andamento-das-obras-na-Vila-Autodromo.-Foto-Alexandre-Cerqueira-944x629.jpg 944w\" sizes=\"(max-width: 2560px) 100vw, 2560px\" \/><\/a><figcaption id=\"caption-attachment-62725\" class=\"wp-caption-text\">Luiz Claudio acompanhou o andamento das obras na Vila Aut\u00f3dromo. Foto: Alexandre Cerqueira<\/figcaption><\/figure>\n<p>Sandra avalia que um dos impactos sofridos na regi\u00e3o, que tamb\u00e9m \u00e9 escolhida para grandes eventos e festivais na cidade, ocorre na oferta de transporte p\u00fablico. \u201cA gente est\u00e1 sempre sofrendo com o impacto disso. No Rock in Rio, a gente fica sem transporte. Temos que andar at\u00e9 [o condom\u00ednio] Rio 2, que \u00e9 uma boa dist\u00e2ncia. Tiram as poucas linhas [de \u00f4nibus], que ficam impedidas de passar por aqui. Eles entendem que essa regi\u00e3o \u00e9 valorizada e que todo mundo tem carro. Basta dar uma autoriza\u00e7\u00e3o e est\u00e1 resolvido o problema\u201d, ela critica.<\/p>\n<p>Para a Vila Aut\u00f3dromo, existem impactos tamb\u00e9m psicol\u00f3gicos: o bairro tem nome do <a href=\"https:\/\/bit.ly\/38FND5A\">evento<\/a> respons\u00e1vel pelas<span style=\"font-weight: 400;\">\u00a0<a href=\"https:\/\/bit.ly\/47wFzUB\" target=\"_blank\" rel=\"noopener\">sucessivas remo\u00e7\u00f5es<\/a> de <a href=\"https:\/\/bit.ly\/3JGrCtW\" target=\"_blank\" rel=\"noopener\">700 fam\u00edlias<\/a> vizinhas dos que permaneceram. Seus amigos foram <a href=\"https:\/\/bit.ly\/1rd8iG1\" target=\"_blank\" rel=\"noopener\">remanejadas para outros lugares<\/a> da cidade ou <a href=\"https:\/\/bit.ly\/3JfBA5t\" target=\"_blank\" rel=\"noopener\">simplesmente postas na rua<\/a>.<\/span><\/p>\n<blockquote><p>&#8220;Com rela\u00e7\u00e3o a endere\u00e7os&#8230; era Jacarepagu\u00e1. E, agora, voc\u00ea tem que dar &#8216;Barra Ol\u00edmpica.&#8217;\u201d \u2014 Luiz Claudio Silva<\/p><\/blockquote>\n<p>Ao longo de sua hist\u00f3ria, a Vila Aut\u00f3dromo foi v\u00edtima de <a href=\"http:\/\/bit.ly\/4Taticas\">diversas t\u00e1ticas de remo\u00e7\u00e3o not\u00f3rias<\/a> aplicadas pela Prefeitura: <a href=\"https:\/\/bit.ly\/4hIFvoa\" target=\"_blank\" rel=\"noopener\">cavalo de Tr\u00f3ia<\/a>, <a href=\"https:\/\/bit.ly\/4ou1ktS\" target=\"_blank\" rel=\"noopener\">corte de servi\u00e7os<\/a>, <a href=\"https:\/\/bit.ly\/4ojUGXm\" target=\"_blank\" rel=\"noopener\">desculpa ambiental<\/a>, <a href=\"https:\/\/bit.ly\/47I26N4\" target=\"_blank\" rel=\"noopener\">desinforma\u00e7\u00e3o<\/a>, <a href=\"https:\/\/bit.ly\/1DNRvh2\" target=\"_blank\" rel=\"noopener\">dividir para conquistar<\/a>, <a href=\"https:\/\/bit.ly\/3B1Tq23\" target=\"_blank\" rel=\"noopener\">intimida\u00e7\u00e3o<\/a> e <a href=\"https:\/\/bit.ly\/3sn5Ger\" target=\"_blank\" rel=\"noopener\">perda de pertences<\/a>.<\/p>\n<blockquote><p>\u201cN\u00f3s ainda somos uma <a href=\"https:\/\/bit.ly\/2izP6C1\" target=\"_blank\" rel=\"noopener\">\u00e1rea de especial interesse social<\/a>. A gente sabe que, na remo\u00e7\u00e3o, eles usam estrat\u00e9gias diversas. Eu n\u00e3o sei te dizer o que a gente ter\u00e1 de futuro.\u201d \u2014 Sandra Maria Teixeira<\/p><\/blockquote>\n<p>Questionado sobre a participa\u00e7\u00e3o da popula\u00e7\u00e3o local em processos de decis\u00e3o, o psic\u00f3logo Michael Soares do Nascimento, de 38 anos, morador, afirma que a popula\u00e7\u00e3o da Vila Aut\u00f3dromo n\u00e3o foi consultada sobre o novo zoneamento da cidade.<\/p>\n<blockquote><p>\u201cAqui, na Vila Aut\u00f3dromo, s\u00f3 soubemos quando j\u00e1 tinha sido, j\u00e1 tinha acontecido. E eu s\u00f3 descobri porque eu li uma not\u00edcia na internet: \u2018U\u00e9, mudou alguma coisa?\u2019. <a href=\"https:\/\/rioonwatch.org.br\/?tag=participacao-zero\">N\u00e3o temos participa\u00e7\u00f5es<\/a> na pol\u00edtica, nem informa\u00e7\u00e3o alguma.\u201d \u2014 Michael Soares do Nascimento<\/p><\/blockquote>\n<figure id=\"attachment_36993\" aria-describedby=\"caption-attachment-36993\" style=\"width: 500px\" class=\"wp-caption alignright\"><a href=\"https:\/\/rioonwatch.org.br\/wp-content\/uploads\/2018\/10\/Autodromo-Remo\u00e7\u00e3o.jpg\"><img loading=\"lazy\" decoding=\"async\" class=\"wp-image-36993\" title=\"Remo\u00e7\u00e3o da Vila Aut\u00f3dromo no per\u00edodo pr\u00e9-ol\u00edmpico. Foto: ComCat\" src=\"https:\/\/rioonwatch.org.br\/wp-content\/uploads\/2018\/10\/Autodromo-Remo\u00e7\u00e3o-620x414.jpg\" alt=\"Remo\u00e7\u00e3o da Vila Aut\u00f3dromo no per\u00edodo pr\u00e9-ol\u00edmpico. Foto: ComCat\" width=\"500\" height=\"334\" srcset=\"https:\/\/rioonwatch.org.br\/wp-content\/uploads\/2018\/10\/Autodromo-Remo\u00e7\u00e3o-620x414.jpg 620w, https:\/\/rioonwatch.org.br\/wp-content\/uploads\/2018\/10\/Autodromo-Remo\u00e7\u00e3o-396x264.jpg 396w, https:\/\/rioonwatch.org.br\/wp-content\/uploads\/2018\/10\/Autodromo-Remo\u00e7\u00e3o-768x512.jpg 768w, https:\/\/rioonwatch.org.br\/wp-content\/uploads\/2018\/10\/Autodromo-Remo\u00e7\u00e3o.jpg 1000w\" sizes=\"(max-width: 500px) 100vw, 500px\" \/><\/a><figcaption id=\"caption-attachment-36993\" class=\"wp-caption-text\">Remo\u00e7\u00e3o da Vila Aut\u00f3dromo no per\u00edodo pr\u00e9-ol\u00edmpico. Foto: Katia Carvalho<\/figcaption><\/figure>\n<p>Na hist\u00f3ria da Vila Aut\u00f3dromo, a <a href=\"https:\/\/bit.ly\/2k0r1GI\" target=\"_blank\" rel=\"noopener\">popula\u00e7\u00e3o local lutou<\/a> contra as remo\u00e7\u00f5es perpetradas pela Prefeitura de <a href=\"https:\/\/bit.ly\/2XByjQA\" target=\"_blank\" rel=\"noopener\">Eduardo Paes<\/a> em seus primeiros governos municipais. Sua gest\u00e3o foi respons\u00e1vel por remo\u00e7\u00f5es em diversas favelas da cidade em raz\u00e3o dos <a href=\"https:\/\/bit.ly\/2x3bOsc\" target=\"_blank\" rel=\"noopener\">megaeventos<\/a>, sempre atrav\u00e9s de processos nada participativos, que colocavam o interesse do mercado imobili\u00e1rio \u00e0 frente dos interesses da popula\u00e7\u00e3o. Esse medo, de tudo isso voltar, permanece entre moradores de favelas da nova Zona Sudoeste, como evidenciam os recentes casos de tentativas de remo\u00e7\u00e3o da comunidade <a href=\"https:\/\/bit.ly\/48Z3gWy\" target=\"_blank\" rel=\"noopener\">Santa Luzia<\/a> e da <a href=\"https:\/\/bit.ly\/3Ms61mC\" target=\"_blank\" rel=\"noopener\">Vila da Lagoa<\/a>, ambas perpetradas pela Prefeitura de Eduardo Paes, agora em seu <a href=\"https:\/\/bit.ly\/4ocFXgG\" target=\"_blank\" rel=\"noopener\">quarto mandato<\/a>.<\/p>\n<p>No caso da Vila Aut\u00f3dromo, o futuro ainda \u00e9 incerto, diz o psic\u00f3logo. Do que, no entanto, diz ter certeza \u00e9 que o governo n\u00e3o tem pol\u00edticas p\u00fablicas voltadas para a perman\u00eancia\u2014que inclui investimentos p\u00fablicos adequados para a urbaniza\u00e7\u00e3o sustent\u00e1vel\u2014das favelas da nova Zona Sudoeste, favelas como Vila Aut\u00f3dromo, Asa Branca, Cidade de Deus, Rio das Pedras, Muzema, Tijuquinha, entre outras.<\/p>\n<blockquote><p>\u201cA gente n\u00e3o tem nenhuma ideia, a gente est\u00e1 no escuro. N\u00e3o sabemos o que vai acontecer. A gente t\u00e1 rezando e torcendo para que se mantenha em paz&#8230; Mas&#8230; n\u00e3o tem nenhuma proposta [de pol\u00edtica para garantir moradia acess\u00edvel em um poss\u00edvel cen\u00e1rio de especula\u00e7\u00e3o imobili\u00e1ria].\u201d \u2014 Michael Soares do Nascimento<\/p><\/blockquote>\n<p>Para Sandra Teixeira, a articula\u00e7\u00e3o da favela na cria\u00e7\u00e3o do <a href=\"https:\/\/www.instagram.com\/museudasremocoes\" target=\"_blank\" rel=\"noopener\">Museu das Remo\u00e7\u00f5es<\/a> contribui muito para uma mem\u00f3ria coletiva, que sustenta a luta dos moradores contra pol\u00edticas de remo\u00e7\u00f5es de qualquer tipo. No entanto, ela diz n\u00e3o ter boas expectativas para as favelas da regi\u00e3o de acordo com o hist\u00f3rico de a\u00e7\u00e3o do Estado e do mercado imobili\u00e1rio.<\/p>\n<blockquote><p>\u201cAqui na Vila Aut\u00f3dromo, o que a gente vem fazendo, desde 2016, quando cerca de 700 fam\u00edlias foram obrigadas a sair daqui, foi esse trabalho do <a href=\"https:\/\/bit.ly\/3qDYTHK\">Museu das Remo\u00e7\u00f5es<\/a>, de fortalecimento do territ\u00f3rio e da identidade local. Vamos tentando proteger o nosso territ\u00f3rio [da especula\u00e7\u00e3o]. Por parte do poder p\u00fablico, foi ele quem impactou e dilacerou a nossa comunidade. O que a gente pode esperar do poder p\u00fablico? Certamente, n\u00e3o h\u00e1 boas expectativas, n\u00e3o \u00e9 uma rela\u00e7\u00e3o boa.\u201d \u2014 Sandra Maria Teixeira<\/p><\/blockquote>\n<p><em><i data-stringify-type=\"italic\">Sobre o autor: Igor Soares \u00e9 cria do Morro do Borel e jornalista pela Universidade Federal do Rio de Janeiro (UFRJ). Atualmente, contribui com o #Colabora e atua como freelancer. Tem experi\u00eancia em cobertura de cidades, direitos humanos e seguran\u00e7a p\u00fablica, j\u00e1 tendo passado pela reda\u00e7\u00e3o do Estad\u00e3o, do Portal iG e produzido reportagens para a Folha de S\u00e3o Paulo..<\/i><\/em><\/p>\n<hr \/>\n<h4><b data-stringify-type=\"bold\">Apoie nossos esfor\u00e7os para fornecer apoio estrat\u00e9gico \u00e0s favelas do Rio, incluindo o jornalismo hiperlocal, cr\u00edtico, inovador e incans\u00e1vel do\u00a0<\/b><b data-stringify-type=\"bold\"><i data-stringify-type=\"italic\">RioOnWatch<\/i><\/b>\u2014<a class=\"c-link\" href=\"http:\/\/www.bit.ly\/ApoieROW\" target=\"_blank\" rel=\"noopener noreferrer\" data-stringify-link=\"http:\/\/www.bit.ly\/ApoieROW\" data-sk=\"tooltip_parent\">doe aqui<\/a>.<\/h4>\n<!-- AddThis Advanced Settings generic via filter on the_content --><!-- AddThis Share Buttons generic via filter on the_content -->","protected":false},"excerpt":{"rendered":"<div class=\"mh-excerpt\"><p>Click Here for English Esta mat\u00e9ria faz parte da nossa s\u00e9rie que reflete sobre os impactos dos megaeventos no Rio de Janeiro 10 anos ap\u00f3s os Jogos Ol\u00edmpicos Rio2016. Em 14 de agosto de 2025 <a class=\"mh-excerpt-more\" href=\"https:\/\/rioonwatch.org.br\/?p=79891\" title=\"Qual o Futuro da Vila Aut\u00f3dromo com a Cria\u00e7\u00e3o do Bairro Barra Ol\u00edmpica na Nova Zona Sudoeste da Cidade do Rio?\">[&#8230;]<\/a><!-- AddThis Advanced Settings generic via filter on get_the_excerpt --><!-- AddThis Share Buttons generic via filter on get_the_excerpt --><\/p>\n<\/div>","protected":false},"author":167,"featured_media":35663,"comment_status":"closed","ping_status":"closed","sticky":false,"template":"template-full.php","format":"standard","meta":{"_acf_changed":false,"_monsterinsights_skip_tracking":false,"_monsterinsights_sitenote_active":false,"_monsterinsights_sitenote_note":"","_monsterinsights_sitenote_category":0,"footnotes":""},"categories":[1614,2051,1635,1621,1625],"tags":[2056,3198,321,274,3614,1754,54,554,446,831,3620,484,396,395,1040,2190,722,2570,1240,372,78,2917,359,3615,1393,2874,3399,1065,55,3461,184,3616],"writer":[3415],"translator":[],"source":[],"ilustrador":[],"fotografo":[],"class_list":{"0":"post-79891","1":"post","2":"type-post","3":"status-publish","4":"format-standard","5":"has-post-thumbnail","7":"category-olhonasremocoes","8":"category-olhonolegado","9":"category-1635","10":"category-destaque","11":"category-por-correspondentes-comunitarios","12":"tag-aeis-zeis","13":"tag-ap4","14":"tag-asa-branca","15":"tag-barra-da-tijuca","16":"tag-barra-olimpica","17":"tag-camara-dos-vereadores","18":"tag-anil","19":"tag-cidade-de-deus","20":"tag-curicica","21":"tag-direito-a-cidade","22":"tag-direito-de-permanencia","23":"tag-prefeito-eduardo-paes","24":"tag-especulacao-imobiliaria","25":"tag-gentrificacao-remocao-branca","26":"tag-iptu","27":"tag-jogos-pan-americanos","28":"tag-legado","29":"tag-logica-mercadologica","30":"tag-megaeventos","31":"tag-muzema","32":"tag-olimpiadas","33":"tag-circuito-urbano","34":"tag-participacao-zero","35":"tag-regiao-sudoeste","36":"tag-rio-das-pedras","37":"tag-santa-luzia","38":"tag-tijuquinha","39":"tag-urbanismo","40":"tag-vila-autodromo","41":"tag-vila-da-lagoa","42":"tag-zona-oeste","43":"tag-zona-sudoeste","44":"writer-igor-soares"},"acf":[],"yoast_head":"<!-- This site is optimized with the Yoast SEO plugin v25.6 - https:\/\/yoast.com\/wordpress\/plugins\/seo\/ -->\n<title>Qual o Futuro da Vila Aut\u00f3dromo com a Cria\u00e7\u00e3o do Bairro Barra Ol\u00edmpica na Nova Zona Sudoeste da Cidade do Rio? - RioOnWatch<\/title>\n<meta name=\"robots\" content=\"index, follow, max-snippet:-1, max-image-preview:large, max-video-preview:-1\" \/>\n<link rel=\"canonical\" href=\"https:\/\/rioonwatch.org.br\/?p=79891\" \/>\n<meta property=\"og:locale\" content=\"pt_BR\" \/>\n<meta property=\"og:type\" content=\"article\" \/>\n<meta property=\"og:title\" content=\"Qual o Futuro da Vila Aut\u00f3dromo com a Cria\u00e7\u00e3o do Bairro Barra Ol\u00edmpica na Nova Zona Sudoeste da Cidade do Rio? - RioOnWatch\" \/>\n<meta property=\"og:description\" content=\"Click Here for English Esta mat\u00e9ria faz parte da nossa s\u00e9rie que reflete sobre os impactos dos megaeventos no Rio de Janeiro 10 anos ap\u00f3s os Jogos Ol\u00edmpicos Rio2016. Em 14 de agosto de 2025 [...]\" \/>\n<meta property=\"og:url\" content=\"https:\/\/rioonwatch.org.br\/?p=79891\" \/>\n<meta property=\"og:site_name\" content=\"RioOnWatch\" \/>\n<meta property=\"article:published_time\" content=\"2025-12-03T20:57:36+00:00\" \/>\n<meta property=\"article:modified_time\" content=\"2026-04-21T15:26:04+00:00\" \/>\n<meta property=\"og:image\" content=\"https:\/\/rioonwatch.org.br\/wp-content\/uploads\/2018\/08\/Vila-Auto\u0301dromo-Placa.jpg\" \/>\n\t<meta property=\"og:image:width\" content=\"1728\" \/>\n\t<meta property=\"og:image:height\" content=\"855\" \/>\n\t<meta property=\"og:image:type\" content=\"image\/jpeg\" \/>\n<meta name=\"author\" content=\"Julio Santos Filho\" \/>\n<meta name=\"twitter:card\" content=\"summary_large_image\" \/>\n<meta name=\"twitter:label1\" content=\"Escrito por\" \/>\n\t<meta name=\"twitter:data1\" content=\"Julio Santos Filho\" \/>\n\t<meta name=\"twitter:label2\" content=\"Est. tempo de leitura\" \/>\n\t<meta name=\"twitter:data2\" content=\"9 minutos\" \/>\n<script type=\"application\/ld+json\" class=\"yoast-schema-graph\">{\"@context\":\"https:\/\/schema.org\",\"@graph\":[{\"@type\":\"Article\",\"@id\":\"https:\/\/rioonwatch.org.br\/?p=79891#article\",\"isPartOf\":{\"@id\":\"https:\/\/rioonwatch.org.br\/?p=79891\"},\"author\":{\"name\":\"Julio Santos Filho\",\"@id\":\"https:\/\/rioonwatch.org.br\/#\/schema\/person\/476bc75767957d3535b65b796667cd36\"},\"headline\":\"Qual o Futuro da Vila Aut\u00f3dromo com a Cria\u00e7\u00e3o do Bairro Barra Ol\u00edmpica na Nova Zona Sudoeste da Cidade do Rio?\",\"datePublished\":\"2025-12-03T20:57:36+00:00\",\"dateModified\":\"2026-04-21T15:26:04+00:00\",\"mainEntityOfPage\":{\"@id\":\"https:\/\/rioonwatch.org.br\/?p=79891\"},\"wordCount\":1875,\"publisher\":{\"@id\":\"https:\/\/rioonwatch.org.br\/#organization\"},\"image\":{\"@id\":\"https:\/\/rioonwatch.org.br\/?p=79891#primaryimage\"},\"thumbnailUrl\":\"https:\/\/rioonwatch.org.br\/wp-content\/uploads\/2018\/08\/Vila-Auto\u0301dromo-Placa.jpg\",\"keywords\":[\"AEIS \/ ZEIS\",\"AP4\",\"Asa Branca\",\"Barra da Tijuca\",\"Barra Ol\u00edmpica\",\"C\u00e2mara dos Vereadores\",\"Canal do Anil\",\"Cidade de Deus\",\"Curicica\",\"Direito \u00e0 Cidade\",\"direito de perman\u00eancia\",\"Eduardo Paes\",\"especula\u00e7\u00e3o imobili\u00e1ria\",\"gentrifica\u00e7\u00e3o\",\"IPTU\",\"Jogos Pan-Americanos\",\"Legado Ol\u00edmpico\",\"l\u00f3gica mercadol\u00f3gica\",\"Megaeventos\",\"Muzema\",\"Olimp\u00edadas\",\"Outubro Urbano\",\"participa\u00e7\u00e3o zero\",\"Regi\u00e3o Sudoeste\",\"Rio das Pedras\",\"Santa Luzia\",\"Tijuquinha\",\"urbanismo\",\"Vila Aut\u00f3dromo\",\"Vila da Lagoa\",\"Zona Oeste\",\"Zona Sudoeste\"],\"articleSection\":[\"#OlhoNasRemo\u00e7\u00f5es\",\"#OlhoNoLegado\",\"#Rio2016\",\"*Destaque\",\"Escrito por Comunicadores Populares\"],\"inLanguage\":\"pt-BR\"},{\"@type\":\"WebPage\",\"@id\":\"https:\/\/rioonwatch.org.br\/?p=79891\",\"url\":\"https:\/\/rioonwatch.org.br\/?p=79891\",\"name\":\"Qual o Futuro da Vila Aut\u00f3dromo com a Cria\u00e7\u00e3o do Bairro Barra Ol\u00edmpica na Nova Zona Sudoeste da Cidade do Rio? - RioOnWatch\",\"isPartOf\":{\"@id\":\"https:\/\/rioonwatch.org.br\/#website\"},\"primaryImageOfPage\":{\"@id\":\"https:\/\/rioonwatch.org.br\/?p=79891#primaryimage\"},\"image\":{\"@id\":\"https:\/\/rioonwatch.org.br\/?p=79891#primaryimage\"},\"thumbnailUrl\":\"https:\/\/rioonwatch.org.br\/wp-content\/uploads\/2018\/08\/Vila-Auto\u0301dromo-Placa.jpg\",\"datePublished\":\"2025-12-03T20:57:36+00:00\",\"dateModified\":\"2026-04-21T15:26:04+00:00\",\"breadcrumb\":{\"@id\":\"https:\/\/rioonwatch.org.br\/?p=79891#breadcrumb\"},\"inLanguage\":\"pt-BR\",\"potentialAction\":[{\"@type\":\"ReadAction\",\"target\":[\"https:\/\/rioonwatch.org.br\/?p=79891\"]}]},{\"@type\":\"ImageObject\",\"inLanguage\":\"pt-BR\",\"@id\":\"https:\/\/rioonwatch.org.br\/?p=79891#primaryimage\",\"url\":\"https:\/\/rioonwatch.org.br\/wp-content\/uploads\/2018\/08\/Vila-Auto\u0301dromo-Placa.jpg\",\"contentUrl\":\"https:\/\/rioonwatch.org.br\/wp-content\/uploads\/2018\/08\/Vila-Auto\u0301dromo-Placa.jpg\",\"width\":1728,\"height\":855,\"caption\":\"Entrada da Vila Aut\u00f3dromo, ao lado do Parque Ol\u00edmpico. Foto: P\u00e1gina do Facebook da Vila Aut\u00f3dromo.\"},{\"@type\":\"BreadcrumbList\",\"@id\":\"https:\/\/rioonwatch.org.br\/?p=79891#breadcrumb\",\"itemListElement\":[{\"@type\":\"ListItem\",\"position\":1,\"name\":\"In\u00edcio\",\"item\":\"https:\/\/rioonwatch.org.br\/\"},{\"@type\":\"ListItem\",\"position\":2,\"name\":\"Qual o Futuro da Vila Aut\u00f3dromo com a Cria\u00e7\u00e3o do Bairro Barra Ol\u00edmpica na Nova Zona Sudoeste da Cidade do Rio?\"}]},{\"@type\":\"WebSite\",\"@id\":\"https:\/\/rioonwatch.org.br\/#website\",\"url\":\"https:\/\/rioonwatch.org.br\/\",\"name\":\"RioOnWatch\",\"description\":\"relatos das favelas cariocas\",\"publisher\":{\"@id\":\"https:\/\/rioonwatch.org.br\/#organization\"},\"potentialAction\":[{\"@type\":\"SearchAction\",\"target\":{\"@type\":\"EntryPoint\",\"urlTemplate\":\"https:\/\/rioonwatch.org.br\/?s={search_term_string}\"},\"query-input\":{\"@type\":\"PropertyValueSpecification\",\"valueRequired\":true,\"valueName\":\"search_term_string\"}}],\"inLanguage\":\"pt-BR\"},{\"@type\":\"Organization\",\"@id\":\"https:\/\/rioonwatch.org.br\/#organization\",\"name\":\"RioOnWatch\",\"url\":\"https:\/\/rioonwatch.org.br\/\",\"logo\":{\"@type\":\"ImageObject\",\"inLanguage\":\"pt-BR\",\"@id\":\"https:\/\/rioonwatch.org.br\/#\/schema\/logo\/image\/\",\"url\":\"https:\/\/rioonwatch.org.br\/wp-content\/uploads\/2021\/06\/RioOnWatchcabecalhoPT11anos-2.png\",\"contentUrl\":\"https:\/\/rioonwatch.org.br\/wp-content\/uploads\/2021\/06\/RioOnWatchcabecalhoPT11anos-2.png\",\"width\":779,\"height\":277,\"caption\":\"RioOnWatch\"},\"image\":{\"@id\":\"https:\/\/rioonwatch.org.br\/#\/schema\/logo\/image\/\"}},{\"@type\":\"Person\",\"@id\":\"https:\/\/rioonwatch.org.br\/#\/schema\/person\/476bc75767957d3535b65b796667cd36\",\"name\":\"Julio Santos Filho\",\"image\":{\"@type\":\"ImageObject\",\"inLanguage\":\"pt-BR\",\"@id\":\"https:\/\/rioonwatch.org.br\/#\/schema\/person\/image\/\",\"url\":\"https:\/\/secure.gravatar.com\/avatar\/ca138f7666182a292a8ce4ca14fb81f8?s=96&d=blank&r=g\",\"contentUrl\":\"https:\/\/secure.gravatar.com\/avatar\/ca138f7666182a292a8ce4ca14fb81f8?s=96&d=blank&r=g\",\"caption\":\"Julio Santos Filho\"},\"url\":\"https:\/\/rioonwatch.org.br\/?author=167\"}]}<\/script>\n<!-- \/ Yoast SEO plugin. -->","yoast_head_json":{"title":"Qual o Futuro da Vila Aut\u00f3dromo com a Cria\u00e7\u00e3o do Bairro Barra Ol\u00edmpica na Nova Zona Sudoeste da Cidade do Rio? - RioOnWatch","robots":{"index":"index","follow":"follow","max-snippet":"max-snippet:-1","max-image-preview":"max-image-preview:large","max-video-preview":"max-video-preview:-1"},"canonical":"https:\/\/rioonwatch.org.br\/?p=79891","og_locale":"pt_BR","og_type":"article","og_title":"Qual o Futuro da Vila Aut\u00f3dromo com a Cria\u00e7\u00e3o do Bairro Barra Ol\u00edmpica na Nova Zona Sudoeste da Cidade do Rio? - RioOnWatch","og_description":"Click Here for English Esta mat\u00e9ria faz parte da nossa s\u00e9rie que reflete sobre os impactos dos megaeventos no Rio de Janeiro 10 anos ap\u00f3s os Jogos Ol\u00edmpicos Rio2016. Em 14 de agosto de 2025 [...]","og_url":"https:\/\/rioonwatch.org.br\/?p=79891","og_site_name":"RioOnWatch","article_published_time":"2025-12-03T20:57:36+00:00","article_modified_time":"2026-04-21T15:26:04+00:00","og_image":[{"width":1728,"height":855,"url":"https:\/\/rioonwatch.org.br\/wp-content\/uploads\/2018\/08\/Vila-Auto\u0301dromo-Placa.jpg","type":"image\/jpeg"}],"author":"Julio Santos Filho","twitter_card":"summary_large_image","twitter_misc":{"Escrito por":"Julio Santos Filho","Est. tempo de leitura":"9 minutos"},"schema":{"@context":"https:\/\/schema.org","@graph":[{"@type":"Article","@id":"https:\/\/rioonwatch.org.br\/?p=79891#article","isPartOf":{"@id":"https:\/\/rioonwatch.org.br\/?p=79891"},"author":{"name":"Julio Santos Filho","@id":"https:\/\/rioonwatch.org.br\/#\/schema\/person\/476bc75767957d3535b65b796667cd36"},"headline":"Qual o Futuro da Vila Aut\u00f3dromo com a Cria\u00e7\u00e3o do Bairro Barra Ol\u00edmpica na Nova Zona Sudoeste da Cidade do Rio?","datePublished":"2025-12-03T20:57:36+00:00","dateModified":"2026-04-21T15:26:04+00:00","mainEntityOfPage":{"@id":"https:\/\/rioonwatch.org.br\/?p=79891"},"wordCount":1875,"publisher":{"@id":"https:\/\/rioonwatch.org.br\/#organization"},"image":{"@id":"https:\/\/rioonwatch.org.br\/?p=79891#primaryimage"},"thumbnailUrl":"https:\/\/rioonwatch.org.br\/wp-content\/uploads\/2018\/08\/Vila-Auto\u0301dromo-Placa.jpg","keywords":["AEIS \/ ZEIS","AP4","Asa Branca","Barra da Tijuca","Barra Ol\u00edmpica","C\u00e2mara dos Vereadores","Canal do Anil","Cidade de Deus","Curicica","Direito \u00e0 Cidade","direito de perman\u00eancia","Eduardo Paes","especula\u00e7\u00e3o imobili\u00e1ria","gentrifica\u00e7\u00e3o","IPTU","Jogos Pan-Americanos","Legado Ol\u00edmpico","l\u00f3gica mercadol\u00f3gica","Megaeventos","Muzema","Olimp\u00edadas","Outubro Urbano","participa\u00e7\u00e3o zero","Regi\u00e3o Sudoeste","Rio das Pedras","Santa Luzia","Tijuquinha","urbanismo","Vila Aut\u00f3dromo","Vila da Lagoa","Zona Oeste","Zona Sudoeste"],"articleSection":["#OlhoNasRemo\u00e7\u00f5es","#OlhoNoLegado","#Rio2016","*Destaque","Escrito por Comunicadores Populares"],"inLanguage":"pt-BR"},{"@type":"WebPage","@id":"https:\/\/rioonwatch.org.br\/?p=79891","url":"https:\/\/rioonwatch.org.br\/?p=79891","name":"Qual o Futuro da Vila Aut\u00f3dromo com a Cria\u00e7\u00e3o do Bairro Barra Ol\u00edmpica na Nova Zona Sudoeste da Cidade do Rio? - RioOnWatch","isPartOf":{"@id":"https:\/\/rioonwatch.org.br\/#website"},"primaryImageOfPage":{"@id":"https:\/\/rioonwatch.org.br\/?p=79891#primaryimage"},"image":{"@id":"https:\/\/rioonwatch.org.br\/?p=79891#primaryimage"},"thumbnailUrl":"https:\/\/rioonwatch.org.br\/wp-content\/uploads\/2018\/08\/Vila-Auto\u0301dromo-Placa.jpg","datePublished":"2025-12-03T20:57:36+00:00","dateModified":"2026-04-21T15:26:04+00:00","breadcrumb":{"@id":"https:\/\/rioonwatch.org.br\/?p=79891#breadcrumb"},"inLanguage":"pt-BR","potentialAction":[{"@type":"ReadAction","target":["https:\/\/rioonwatch.org.br\/?p=79891"]}]},{"@type":"ImageObject","inLanguage":"pt-BR","@id":"https:\/\/rioonwatch.org.br\/?p=79891#primaryimage","url":"https:\/\/rioonwatch.org.br\/wp-content\/uploads\/2018\/08\/Vila-Auto\u0301dromo-Placa.jpg","contentUrl":"https:\/\/rioonwatch.org.br\/wp-content\/uploads\/2018\/08\/Vila-Auto\u0301dromo-Placa.jpg","width":1728,"height":855,"caption":"Entrada da Vila Aut\u00f3dromo, ao lado do Parque Ol\u00edmpico. Foto: P\u00e1gina do Facebook da Vila Aut\u00f3dromo."},{"@type":"BreadcrumbList","@id":"https:\/\/rioonwatch.org.br\/?p=79891#breadcrumb","itemListElement":[{"@type":"ListItem","position":1,"name":"In\u00edcio","item":"https:\/\/rioonwatch.org.br\/"},{"@type":"ListItem","position":2,"name":"Qual o Futuro da Vila Aut\u00f3dromo com a Cria\u00e7\u00e3o do Bairro Barra Ol\u00edmpica na Nova Zona Sudoeste da Cidade do Rio?"}]},{"@type":"WebSite","@id":"https:\/\/rioonwatch.org.br\/#website","url":"https:\/\/rioonwatch.org.br\/","name":"RioOnWatch","description":"relatos das favelas cariocas","publisher":{"@id":"https:\/\/rioonwatch.org.br\/#organization"},"potentialAction":[{"@type":"SearchAction","target":{"@type":"EntryPoint","urlTemplate":"https:\/\/rioonwatch.org.br\/?s={search_term_string}"},"query-input":{"@type":"PropertyValueSpecification","valueRequired":true,"valueName":"search_term_string"}}],"inLanguage":"pt-BR"},{"@type":"Organization","@id":"https:\/\/rioonwatch.org.br\/#organization","name":"RioOnWatch","url":"https:\/\/rioonwatch.org.br\/","logo":{"@type":"ImageObject","inLanguage":"pt-BR","@id":"https:\/\/rioonwatch.org.br\/#\/schema\/logo\/image\/","url":"https:\/\/rioonwatch.org.br\/wp-content\/uploads\/2021\/06\/RioOnWatchcabecalhoPT11anos-2.png","contentUrl":"https:\/\/rioonwatch.org.br\/wp-content\/uploads\/2021\/06\/RioOnWatchcabecalhoPT11anos-2.png","width":779,"height":277,"caption":"RioOnWatch"},"image":{"@id":"https:\/\/rioonwatch.org.br\/#\/schema\/logo\/image\/"}},{"@type":"Person","@id":"https:\/\/rioonwatch.org.br\/#\/schema\/person\/476bc75767957d3535b65b796667cd36","name":"Julio Santos Filho","image":{"@type":"ImageObject","inLanguage":"pt-BR","@id":"https:\/\/rioonwatch.org.br\/#\/schema\/person\/image\/","url":"https:\/\/secure.gravatar.com\/avatar\/ca138f7666182a292a8ce4ca14fb81f8?s=96&d=blank&r=g","contentUrl":"https:\/\/secure.gravatar.com\/avatar\/ca138f7666182a292a8ce4ca14fb81f8?s=96&d=blank&r=g","caption":"Julio Santos Filho"},"url":"https:\/\/rioonwatch.org.br\/?author=167"}]}},"_links":{"self":[{"href":"https:\/\/rioonwatch.org.br\/index.php?rest_route=\/wp\/v2\/posts\/79891"}],"collection":[{"href":"https:\/\/rioonwatch.org.br\/index.php?rest_route=\/wp\/v2\/posts"}],"about":[{"href":"https:\/\/rioonwatch.org.br\/index.php?rest_route=\/wp\/v2\/types\/post"}],"author":[{"embeddable":true,"href":"https:\/\/rioonwatch.org.br\/index.php?rest_route=\/wp\/v2\/users\/167"}],"replies":[{"embeddable":true,"href":"https:\/\/rioonwatch.org.br\/index.php?rest_route=%2Fwp%2Fv2%2Fcomments&post=79891"}],"version-history":[{"count":54,"href":"https:\/\/rioonwatch.org.br\/index.php?rest_route=\/wp\/v2\/posts\/79891\/revisions"}],"predecessor-version":[{"id":81836,"href":"https:\/\/rioonwatch.org.br\/index.php?rest_route=\/wp\/v2\/posts\/79891\/revisions\/81836"}],"wp:featuredmedia":[{"embeddable":true,"href":"https:\/\/rioonwatch.org.br\/index.php?rest_route=\/wp\/v2\/media\/35663"}],"wp:attachment":[{"href":"https:\/\/rioonwatch.org.br\/index.php?rest_route=%2Fwp%2Fv2%2Fmedia&parent=79891"}],"wp:term":[{"taxonomy":"category","embeddable":true,"href":"https:\/\/rioonwatch.org.br\/index.php?rest_route=%2Fwp%2Fv2%2Fcategories&post=79891"},{"taxonomy":"post_tag","embeddable":true,"href":"https:\/\/rioonwatch.org.br\/index.php?rest_route=%2Fwp%2Fv2%2Ftags&post=79891"},{"taxonomy":"writer","embeddable":true,"href":"https:\/\/rioonwatch.org.br\/index.php?rest_route=%2Fwp%2Fv2%2Fwriter&post=79891"},{"taxonomy":"translator","embeddable":true,"href":"https:\/\/rioonwatch.org.br\/index.php?rest_route=%2Fwp%2Fv2%2Ftranslator&post=79891"},{"taxonomy":"source","embeddable":true,"href":"https:\/\/rioonwatch.org.br\/index.php?rest_route=%2Fwp%2Fv2%2Fsource&post=79891"},{"taxonomy":"ilustrador","embeddable":true,"href":"https:\/\/rioonwatch.org.br\/index.php?rest_route=%2Fwp%2Fv2%2Filustrador&post=79891"},{"taxonomy":"fotografo","embeddable":true,"href":"https:\/\/rioonwatch.org.br\/index.php?rest_route=%2Fwp%2Fv2%2Ffotografo&post=79891"}],"curies":[{"name":"wp","href":"https:\/\/api.w.org\/{rel}","templated":true}]}}