{"id":79964,"date":"2025-11-04T06:00:30","date_gmt":"2025-11-04T09:00:30","guid":{"rendered":"https:\/\/rioonwatch.org.br\/?p=79964"},"modified":"2026-03-16T12:59:27","modified_gmt":"2026-03-16T15:59:27","slug":"prefeitura-premiada-esvazia-programas-de-referencia-de-enfrentamento-climatico-em-favelas-e-coloca-mata-atlantica-em-risco","status":"publish","type":"post","link":"https:\/\/rioonwatch.org.br\/?p=79964","title":{"rendered":"Prefeitura &#8216;Premiada&#8217; Esvazia Programas de Refer\u00eancia de Enfrentamento Clim\u00e1tico em Favelas e Coloca Mata Atl\u00e2ntica em Risco"},"content":{"rendered":"<figure id=\"attachment_79968\" aria-describedby=\"caption-attachment-79968\" style=\"width: 2048px\" class=\"wp-caption aligncenter\"><a href=\"https:\/\/rioonwatch.org.br\/wp-content\/uploads\/2025\/11\/Alvaro-Silva-do-Programa-Mutirao-de-Reflorestamento-e-Denise-Vieira-do-Programa-Educativo-em-Areas-de-Reflorestamento.jpg\"><img fetchpriority=\"high\" decoding=\"async\" class=\"size-full wp-image-79968\" src=\"https:\/\/rioonwatch.org.br\/wp-content\/uploads\/2025\/11\/Alvaro-Silva-do-Programa-Mutirao-de-Reflorestamento-e-Denise-Vieira-do-Programa-Educativo-em-Areas-de-Reflorestamento.jpg\" alt=\"\u00c1lvaro Silva do Programa Mutir\u00e3o de Reflorestamento e Denise Vieira do Programa Educativo em \u00c1reas de Reflorestamento, do Morro do Salgueiro, olham uma muda produzida na Horta Carioca. Todos os programas encontram-se amea\u00e7ados pelos cortes de verbas da Secretaria Municipal de Ambiente e Clima. Foto: B\u00e1rbara Dias \" width=\"2048\" height=\"1367\" srcset=\"https:\/\/rioonwatch.org.br\/wp-content\/uploads\/2025\/11\/Alvaro-Silva-do-Programa-Mutirao-de-Reflorestamento-e-Denise-Vieira-do-Programa-Educativo-em-Areas-de-Reflorestamento.jpg 2048w, https:\/\/rioonwatch.org.br\/wp-content\/uploads\/2025\/11\/Alvaro-Silva-do-Programa-Mutirao-de-Reflorestamento-e-Denise-Vieira-do-Programa-Educativo-em-Areas-de-Reflorestamento-620x414.jpg 620w, https:\/\/rioonwatch.org.br\/wp-content\/uploads\/2025\/11\/Alvaro-Silva-do-Programa-Mutirao-de-Reflorestamento-e-Denise-Vieira-do-Programa-Educativo-em-Areas-de-Reflorestamento-768x513.jpg 768w, https:\/\/rioonwatch.org.br\/wp-content\/uploads\/2025\/11\/Alvaro-Silva-do-Programa-Mutirao-de-Reflorestamento-e-Denise-Vieira-do-Programa-Educativo-em-Areas-de-Reflorestamento-1536x1025.jpg 1536w\" sizes=\"(max-width: 2048px) 100vw, 2048px\" \/><\/a><figcaption id=\"caption-attachment-79968\" class=\"wp-caption-text\">\u00c1lvaro Silva do Programa Mutir\u00e3o Reflorestamento e Denise Vieira do Programa Educativo em \u00c1reas de Reflorestamento, do Morro do Salgueiro, olham uma muda produzida na Horta Carioca. Todos os programas encontram-se amea\u00e7ados pelos cortes de verbas da Secretaria Municipal de Ambiente e Clima. Foto: B\u00e1rbara Dias<\/figcaption><\/figure>\n<p style=\"text-align: right;\"><a href=\"https:\/\/bit.ly\/47w7sKU\" target=\"_blank\" rel=\"noopener\"><em><strong>Click Here for English<\/strong><\/em><img decoding=\"async\" class=\"alignright wp-image-15790\" src=\"https:\/\/rioonwatch.org.br\/wp-content\/uploads\/2012\/08\/EN-standard-e1439583104716.jpg\" alt=\"\" width=\"20\" height=\"20\" \/><\/a><\/p>\n<p><span style=\"font-weight: 400;\">4 de novembro de 2025\u2014O prefeito do Rio de Janeiro, <a href=\"https:\/\/rioonwatch.org.br\/?tag=prefeito-eduardo-paes\">Eduardo Paes<\/a>, <\/span><a href=\"https:\/\/time.com\/collections\/time-100-climate-2025\/7326535\/luiz-inacio-lula-da-silva\/?filters=leaders\"><span style=\"font-weight: 400;\">como o Presidente Lula<\/span><\/a><span style=\"font-weight: 400;\">, acaba de ser <\/span><a href=\"https:\/\/time.com\/collections\/time-100-climate-2025\/7326536\/eduardo-paes\/?filters=leaders\"><span style=\"font-weight: 400;\">reconhecido pela revista <\/span><i><span style=\"font-weight: 400;\">TIME<\/span><\/i><\/a><span style=\"font-weight: 400;\"> como um de 100 l\u00edderes clim\u00e1ticos. Atualmente, a cidade do Rio recebe a <\/span><a href=\"https:\/\/prefeitura.rio\/casa-civil\/rio-vai-sediar-a-cupula-mundial-de-prefeitos-da-c40-dias-antes-da-cop30\/#:~:text=Realizada%20a%20cada%20tr%C3%AAs%20anos,setor%20privado%20e%20sociedade%20civil.\"><span style=\"font-weight: 400;\">C40, C\u00fapula Mundial de Prefeitos<\/span><\/a><span style=\"font-weight: 400;\">, na semana antes do Brasil sediar a COP30, Confer\u00eancia do Clima, em Bel\u00e9m.<\/span><\/p>\n<p><span style=\"font-weight: 400;\">\u201cCiente de sua responsabilidade\u2026 [como] um importante centro de discuss\u00f5es clim\u00e1ticas, em conjunto com Bel\u00e9m\u201d, como a Secretaria Municipal de Meio Ambiente e Clima (SMAC) tem divulgado por email, a cidade est\u00e1, atualmente, sediando o <\/span><a href=\"https:\/\/dialogoslocais.prefeitura.rio\/\"><span style=\"font-weight: 400;\">Di\u00e1logos Locais<\/span><\/a><span style=\"font-weight: 400;\">, <\/span><a href=\"https:\/\/earthshotprize.org\/\"><span style=\"font-weight: 400;\">The Earthshot Prize<\/span><\/a><span style=\"font-weight: 400;\">, a Plen\u00e1ria Anual do F\u00f3rum de Cidades Amaz\u00f4nicas e as Miss\u00f5es de Transi\u00e7\u00f5es Urbanas.<\/span><\/p>\n<p><span style=\"font-weight: 400;\">O Di\u00e1logos Locais est\u00e1 sendo realizado pela SMAC, segundo seu release, para \u201cmostrar ao mundo que o Rio de Janeiro \u00e9 uma cidade de a\u00e7\u00e3o clim\u00e1tica, de participa\u00e7\u00e3o popular e de inova\u00e7\u00e3o&#8221;, entre outros objetivos. Enquanto isso, ontem, 3 de novembro, o prefeito <\/span><a href=\"https:\/\/www.instagram.com\/reel\/DQmwlWmkgTL\/?igsh=ajljdGtnZmFjbjI%3D\"><span style=\"font-weight: 400;\">recebeu o futuro rei da Inglaterra, Pr\u00edncipe William<\/span><\/a><span style=\"font-weight: 400;\">: \u201c\u00c9 a primeira vez que o Earthshot Prize, o \u2018Oscar da Sustentabilidade\u2019, acontece na Am\u00e9rica Latina e o Rio foi a cidade escolhida para ser palco do evento&#8221;, comemora no Instagram.<\/span><\/p>\n<p><span style=\"font-weight: 400;\">No entanto, uma revolu\u00e7\u00e3o verde na <\/span><a href=\"https:\/\/rioonwatch.org.br\/?tag=mata-atlantica\"><span style=\"font-weight: 400;\">Mata Atl\u00e2ntica<\/span><\/a><span style=\"font-weight: 400;\"> carioca, fruto de pol\u00edticas p\u00fablicas vision\u00e1rias e estabelecidas, em curso no Rio de Janeiro h\u00e1 quatro d\u00e9cadas, est\u00e1 neste mesmo momento sofrendo nas m\u00e3os desta mesma Prefeitura.<\/span><\/p>\n<h3>O Determinado e Determinante, Not\u00e1vel \u2018Programa Mutir\u00e3o Reflorestamento\u2019<\/h3>\n<p><span style=\"font-weight: 400;\">H\u00e1 40 anos, em 1984, foi iniciado o <\/span><a href=\"https:\/\/ambienteclima.prefeitura.rio\/1180-2\"><span style=\"font-weight: 400;\">Programa Mutir\u00e3o Reflorestamento<\/span><\/a><span style=\"font-weight: 400;\"> (PMR). Talvez a pol\u00edtica ambiental e de mitiga\u00e7\u00e3o clim\u00e1tica de maior impacto e duradoura do munic\u00edpio, hoje \u00e9 pouco comentada na m\u00eddia, apesar de (ou talvez por) ter se tornado t\u00e3o fundamental \u00e0 identidade verde da cidade, que se vangloria como tendo \u201c<\/span><a href=\"https:\/\/www.turismo.rj.gov.br\/noticias\/explorar-a-maior-floresta-urbana-do-mundo\/#:~:text=A%20Floresta%20da%20Tijuca%2C%20no%20Parque%20Nacional,exposi%C3%A7%C3%A3o%20permanente%20sobre%20a%20hist%C3%B3ria%20da%20floresta.\"><span style=\"font-weight: 400;\">a maior floresta urbana do planeta<\/span><\/a><span style=\"font-weight: 400;\">\u201d. Implementado por moradores qualificados de favelas, orientados por engenheiros florestais e agr\u00f4nomos da SMAC, o programa recupera \u00e1reas de encostas e manguezais, sendo o respons\u00e1vel pelo plantio de cerca de 3400 hectares at\u00e9 2019, segundo o relat\u00f3rio <\/span><a href=\"https:\/\/www.rio.rj.gov.br\/dlstatic\/10112\/10678442\/4261915\/33anosPLANTANDOFLORESTASSITE.pdf\"><span style=\"font-weight: 400;\">&#8220;33 anos Plantando Florestas no Rio de Janeiro&#8221;<\/span><\/a><span style=\"font-weight: 400;\">.<\/span><\/p>\n<p><span style=\"font-weight: 400;\">De acordo com o relat\u00f3rio, o Programa Mutir\u00e3o Reflorestamento at\u00e9 ent\u00e3o havia plantado 10 milh\u00f5es de mudas no Rio de Janeiro, proporcionando o reflorestamento e a recupera\u00e7\u00e3o do ecossistema original da Mata Atl\u00e2ntica e ajudando a manter o solo vivo e f\u00e9rtil com a presen\u00e7a de animais e camada de h\u00famus, al\u00e9m das gram\u00edneas, o que diminui a incid\u00eancia de inc\u00eandios.<\/span><\/p>\n<p><span style=\"font-weight: 400;\">Infelizmente, isso tudo corre risco de acabar. O PMR vive um cen\u00e1rio de d\u00favidas e incertezas a partir dos cortes de verbas que come\u00e7aram h\u00e1 9 anos, mas t\u00eam se intensificado justamente com o agravamento da emerg\u00eancia clim\u00e1tica. <\/span><span style=\"font-weight: 400;\">Em 2025, ano da COP30, a<\/span><span style=\"font-weight: 400;\"> Prefeitura do Rio de Janeiro <\/span><a href=\"https:\/\/temporealrj.com\/meio-ambiente-da-prefeitura-do-rio-tera-39-menos-recursos-em-2025\/#:~:text=Apesar%20de%20sediar%20a%20C%C3%BApula%20do%20G20,a%20secretaria%20de%20Meio%20Ambiente%20e%20Clima.\"><span style=\"font-weight: 400;\">diminuiu em 40%<\/span><\/a><span style=\"font-weight: 400;\"> o or\u00e7amento da SMAC, de R$164 milh\u00f5es em 2024 para R$99 milh\u00f5es para em 2025.<\/span><span style=\"font-weight: 400;\">\u00a0<\/span><\/p>\n<p><span style=\"font-weight: 400;\">Hoje esquecido, e consequentemente um alvo f\u00e1cil para desmonte, em suas primeiras d\u00e9cadas o Programa Mutir\u00e3o Reflorestamento foi \u201cpremiado no Brasil e no exterior\u2026 selecionado pelo Projeto Megacidades, da ONU\u2026 escolhido como uma das 100 Experi\u00eancias Brasileiras de Desenvolvimento Sustent\u00e1vel e Agenda 21,&#8230; e como um dos 20 melhores projetos no Concurso Gest\u00e3o P\u00fablica e Cidadania, da Funda\u00e7\u00e3o Getulio Vargas\/Funda\u00e7\u00e3o Ford&#8221;, entre outros, segundo uma <\/span><a href=\"http:\/\/www0.rio.rj.gov.br\/pcrj\/destaques\/especial\/mutirao_reflorestamento2.htm\"><span style=\"font-weight: 400;\">p\u00e1gina antiga do programa<\/span><\/a><span style=\"font-weight: 400;\">.\u00a0<\/span><\/p>\n<p><span style=\"font-weight: 400;\">Mas o PMR se torna ainda mais relevante neste momento, sob a \u00f3tica da mitiga\u00e7\u00e3o e adapta\u00e7\u00e3o clim\u00e1tica, foco dos encontros atuais da Prefeitura e do Brasil. No contexto da emerg\u00eancia clim\u00e1tica, os <\/span><a href=\"https:\/\/bit.ly\/CartaCOPAssinada\"><span style=\"font-weight: 400;\">maiores riscos que a popula\u00e7\u00e3o do Rio de Janeiro enfrenta, sobretudo moradores de favelas<\/span><\/a><span style=\"font-weight: 400;\"> e outros grupos que vivem em situa\u00e7\u00e3o de vulnerabilidade social, s\u00e3o: inunda\u00e7\u00f5es e deslizamentos, crises h\u00eddricas, ondas de calor e inc\u00eandios urbanos. Todos mitigados pelo programa.<\/span><\/p>\n<p><span style=\"font-weight: 400;\">H\u00e1 d\u00e9cadas, o Programa Mutir\u00e3o Reflorestamento da Prefeitura do Rio protege as encostas com a estabiliza\u00e7\u00e3o do solo e com o ancoramento da terra nas ra\u00edzes. Facilita a infiltra\u00e7\u00e3o da \u00e1gua no subsolo, o que reduz os riscos de deslizamentos e eros\u00e3o nas encostas. Sem contar que quanto mais \u00e1rvores plantadas, h\u00e1 uma redu\u00e7\u00e3o na temperatura e aumento da qualidade do ar e absor\u00e7\u00e3o dos gases do efeito estufa, elemento central gerador da crise clim\u00e1tica.<\/span><\/p>\n<h3><b>Retratos e Vis\u00f5es de Quem Faz<\/b><\/h3>\n<p><span style=\"font-weight: 400;\">Atrav\u00e9s do Programa Mutir\u00e3o Reflorestamento, centenas de moradores de favelas fronteiri\u00e7as com \u00e1reas degradas foram capacitados, transformando-se em reflorestadores, fortalecendo sua voca\u00e7\u00e3o e desenvolvendo carreiras de profundo comprometimento e compet\u00eancia para com a preserva\u00e7\u00e3o ambiental e mitiga\u00e7\u00e3o de riscos clim\u00e1ticos na cidade.<\/span><\/p>\n<p><span style=\"font-weight: 400;\">Denise Vieira, educadora ambiental treinada pelo <a href=\"https:\/\/en.prefeitura.rio\/rio-acontece-destaque\/prefeitura-promove-atividades-para-celebrar-o-dia-mundial-do-meio-ambiente\/\">Programa de Educa\u00e7\u00e3o em \u00c1reas de Reflorestamento<\/a> (PEAR), uma vertente do PMR e bolsista desde 1987 no Morro do Salgueiro, de onde \u00e9 cria, mostra sua dedica\u00e7\u00e3o e explica como reflorestar a partir das favelas que fazem contato com a floresta proporciona seguran\u00e7a para a popula\u00e7\u00e3o, controla o desmatamento, promove a inclus\u00e3o e aumenta o bem-estar.<\/span><\/p>\n<blockquote><p><span style=\"font-weight: 400;\">\u201cA gente acorda no mato e dorme no mato [de t\u00e3o dedicados]. [Gera] essa qualidade de vida [de uma comunidade rodeada por verde] que a gente n\u00e3o vai abrir m\u00e3o. As pessoas [da comunidade] acabam n\u00e3o desmatando, porque a gente virou guardi\u00e3o da floresta. A gente t\u00e1 ali em cima, t\u00e1 de olho. Orienta[mos] para n\u00e3o construir porque pode vir algum \u00f3rg\u00e3o da Prefeitura para demolir. [A gente] acaba sendo uma defesa para n\u00e3o ter esse crescimento desordenado na comunidade. N\u00f3s respiramos isso [esse trabalho].\u201d \u2013<\/span> <span style=\"font-weight: 400;\">Denise Vieira<\/span><\/p><\/blockquote>\n<figure id=\"attachment_79969\" aria-describedby=\"caption-attachment-79969\" style=\"width: 2048px\" class=\"wp-caption aligncenter\"><a href=\"https:\/\/rioonwatch.org.br\/wp-content\/uploads\/2025\/11\/A-educadora-ambiental-Denise-Vieira-cria-do-Morro-do-Salgueiro.jpg\"><img decoding=\"async\" class=\"size-full wp-image-79969\" src=\"https:\/\/rioonwatch.org.br\/wp-content\/uploads\/2025\/11\/A-educadora-ambiental-Denise-Vieira-cria-do-Morro-do-Salgueiro.jpg\" alt=\"A educadora ambiental Denise Vieira, cria do Morro do Salgueiro, mostra o viveiro mantido por moradores da comunidade de onde aproveita mudas no trabalho de reflorestamento. Foto: B\u00e1rbara Dias\" width=\"2048\" height=\"1367\" srcset=\"https:\/\/rioonwatch.org.br\/wp-content\/uploads\/2025\/11\/A-educadora-ambiental-Denise-Vieira-cria-do-Morro-do-Salgueiro.jpg 2048w, https:\/\/rioonwatch.org.br\/wp-content\/uploads\/2025\/11\/A-educadora-ambiental-Denise-Vieira-cria-do-Morro-do-Salgueiro-620x414.jpg 620w, https:\/\/rioonwatch.org.br\/wp-content\/uploads\/2025\/11\/A-educadora-ambiental-Denise-Vieira-cria-do-Morro-do-Salgueiro-768x513.jpg 768w, https:\/\/rioonwatch.org.br\/wp-content\/uploads\/2025\/11\/A-educadora-ambiental-Denise-Vieira-cria-do-Morro-do-Salgueiro-1536x1025.jpg 1536w\" sizes=\"(max-width: 2048px) 100vw, 2048px\" \/><\/a><figcaption id=\"caption-attachment-79969\" class=\"wp-caption-text\">A educadora ambiental Denise Vieira, cria do Morro do Salgueiro, mostra o viveiro mantido por moradores da comunidade de onde aproveita mudas no trabalho de reflorestamento. Foto: B\u00e1rbara Dias<\/figcaption><\/figure>\n<p><span style=\"font-weight: 400;\">\u00c1lvaro Silva, ex-agente do PMR, conta que, ap\u00f3s 20 anos das a\u00e7\u00f5es de recupera\u00e7\u00e3o no Morro de Salgueiro, Formiga e Borel, a rotina de deslizamentos deixou de existir.<\/span><\/p>\n<blockquote><p><span style=\"font-weight: 400;\">\u201cMorreu muita gente [no deslizamento de 1969], rolava pedra, barro, tudo. As pessoas por dentro do rio e tudo mais. Mas esse reflorestamento, com essas esp\u00e9cies que foram colocadas\u2026 conteve esse solo para evitar [mais] deslizamento[s]. O trabalho de reflorestamento no Morro do Salgueiro, Morro da Formiga e Borel \u00e9 fant\u00e1stico. A gente ouve muitas hist\u00f3rias do passado de deslizamento, desmoronamento, de muito lixo chegando ali embaixo na rua. Mas depois de toda essa prote\u00e7\u00e3o vegetal, reduziu bastante nos \u00faltimos dez, vinte anos.\u201d \u2014 \u00c1lvaro Silva<\/span><\/p><\/blockquote>\n<figure id=\"attachment_79971\" aria-describedby=\"caption-attachment-79971\" style=\"width: 2048px\" class=\"wp-caption aligncenter\"><a href=\"https:\/\/rioonwatch.org.br\/wp-content\/uploads\/2025\/11\/Alvaro-Silva-e-Denise-Vieira.jpg\"><img loading=\"lazy\" decoding=\"async\" class=\"size-full wp-image-79971\" src=\"https:\/\/rioonwatch.org.br\/wp-content\/uploads\/2025\/11\/Alvaro-Silva-e-Denise-Vieira.jpg\" alt=\"\u00c1lvaro Silva e Denise Vieira, no espa\u00e7o do programa Horta Carioca no morro do Salgueiro, cuidando do espa\u00e7o, que serve de base para os demais programas desenvolvidos na favela. Foto: B\u00e1rbara Dias\" width=\"2048\" height=\"1367\" srcset=\"https:\/\/rioonwatch.org.br\/wp-content\/uploads\/2025\/11\/Alvaro-Silva-e-Denise-Vieira.jpg 2048w, https:\/\/rioonwatch.org.br\/wp-content\/uploads\/2025\/11\/Alvaro-Silva-e-Denise-Vieira-620x414.jpg 620w, https:\/\/rioonwatch.org.br\/wp-content\/uploads\/2025\/11\/Alvaro-Silva-e-Denise-Vieira-768x513.jpg 768w, https:\/\/rioonwatch.org.br\/wp-content\/uploads\/2025\/11\/Alvaro-Silva-e-Denise-Vieira-1536x1025.jpg 1536w\" sizes=\"(max-width: 2048px) 100vw, 2048px\" \/><\/a><figcaption id=\"caption-attachment-79971\" class=\"wp-caption-text\">\u00c1lvaro Silva e Denise Vieira, no espa\u00e7o do programa Horta Carioca no morro do Salgueiro, cuidando do espa\u00e7o, que serve de base para os demais programas desenvolvidos na favela. Foto: B\u00e1rbara Dias<\/figcaption><\/figure>\n<p><span style=\"font-weight: 400;\">Atuando de forma coadjuvante com o Programa Mutir\u00e3o Reflorestamento, existem tamb\u00e9m o <\/span><a href=\"https:\/\/en.prefeitura.rio\/rio-acontece-destaque\/prefeitura-promove-atividades-para-celebrar-o-dia-mundial-do-meio-ambiente\/\"><span style=\"font-weight: 400;\">Programa Educativo em \u00c1reas de Reflorestamento (PEAR)<\/span><\/a><span style=\"font-weight: 400;\">\u2014um bra\u00e7o educativo do PMR junto as comunidades\u2014e o <\/span><a href=\"https:\/\/sdgs.un.org\/partnerships\/hortas-cariocas-rio-urban-green-gardens\"><span style=\"font-weight: 400;\">Hortas Cariocas<\/span><\/a><span style=\"font-weight: 400;\">, que incentiva hortas comunit\u00e1rias em espa\u00e7os ociosos.<\/span><\/p>\n<p><span style=\"font-weight: 400;\">Geiza de Andrade, agente ambiental do PEAR desde 2001, descreve algumas das a\u00e7\u00f5es de educa\u00e7\u00e3o ambiental desenvolvidas por ela em sua comunidade, Vila Kennedy, onde atua tamb\u00e9m em conex\u00e3o com o Parque Estadual da Pedra Branca.<\/span><\/p>\n<blockquote><p><span style=\"font-weight: 400;\">\u201cEu fa\u00e7o oficinas [como] de escalda-p\u00e9s e de sab\u00e3o ecol\u00f3gico\u2026 A gente foi numa creche e [mobiliou] uma sala [puff, sofazinho e mesa] s\u00f3 com caixas de leite e papel\u00e3o. A gente sempre v\u00ea o que t\u00e1 sendo desperdi\u00e7ado para poder usar. Atrav\u00e9s das nossas oficinas de artesanato, muitas mulheres hoje ganham renda vendendo sab\u00e3o, fazendo cestinha, fazendo ornamenta\u00e7\u00e3o de festa, fazendo flores.\u201d \u2014 Geiza de Andrade<\/span><\/p><\/blockquote>\n<figure id=\"attachment_79972\" aria-describedby=\"caption-attachment-79972\" style=\"width: 2048px\" class=\"wp-caption aligncenter\"><a href=\"https:\/\/rioonwatch.org.br\/wp-content\/uploads\/2025\/11\/Geiza-de-Andrade-na-VK.jpg\"><img loading=\"lazy\" decoding=\"async\" class=\"wp-image-79972 size-full\" title=\"Agente ambiental da Vila Kennedy, Geiza de Andrade, mostra \u00e1rea onde ser\u00e1 realizado plantio e atividades de educa\u00e7\u00e3o ambiental na comunidade. Foto: ComCat\/Rede Favela Sustent\u00e1vel\" src=\"https:\/\/rioonwatch.org.br\/wp-content\/uploads\/2025\/11\/Geiza-de-Andrade-na-VK.jpg\" alt=\"Agente ambiental da Vila Kennedy, Geiza de Andrade, mostra \u00e1rea onde ser\u00e1 realizado plantio e atividades de educa\u00e7\u00e3o ambiental na comunidade. Foto: ComCat\/Rede Favela Sustent\u00e1vel\" width=\"2048\" height=\"1151\" srcset=\"https:\/\/rioonwatch.org.br\/wp-content\/uploads\/2025\/11\/Geiza-de-Andrade-na-VK.jpg 2048w, https:\/\/rioonwatch.org.br\/wp-content\/uploads\/2025\/11\/Geiza-de-Andrade-na-VK-620x348.jpg 620w, https:\/\/rioonwatch.org.br\/wp-content\/uploads\/2025\/11\/Geiza-de-Andrade-na-VK-768x432.jpg 768w, https:\/\/rioonwatch.org.br\/wp-content\/uploads\/2025\/11\/Geiza-de-Andrade-na-VK-1536x863.jpg 1536w, https:\/\/rioonwatch.org.br\/wp-content\/uploads\/2025\/11\/Geiza-de-Andrade-na-VK-678x381.jpg 678w\" sizes=\"(max-width: 2048px) 100vw, 2048px\" \/><\/a><figcaption id=\"caption-attachment-79972\" class=\"wp-caption-text\">Agente ambiental da Vila Kennedy, Geiza de Andrade, mostra \u00e1rea onde ser\u00e1 realizado plantio e atividades de educa\u00e7\u00e3o ambiental na comunidade. Foto: ComCat\/Rede Favela Sustent\u00e1vel<\/figcaption><\/figure>\n<p><span style=\"font-weight: 400;\">Al\u00e9m do Salgueiro, Formiga, Borel e Vila Kennedy, o Programa Mutir\u00e3o Reflorestamento j\u00e1 capacitou lideran\u00e7as ambientais em <\/span><a href=\"https:\/\/siurb.rio\/portal\/apps\/instant\/basic\/index.html?appid=9a26c45a1fb842b1a86b6ffe28a2a53f\"><span style=\"font-weight: 400;\">dezenas de outras favelas<\/span><\/a> que beiram a floresta, as mais famosas sendo Babil\u00f4nia, Vidigal e Rocinha<span style=\"font-weight: 400;\">. A <\/span><a href=\"https:\/\/www.booking.com\/attractions\/en-gb\/prly36q2h21n-hike-morro-dois-irmaos-and-vidigal-favela.en-gb.html?aid=1703766;label=English_ROW_Product_176544054678-IitYeInPggMngjq78zIqyQS735362057956:pl:ta:p1:p2:ac:ap:neg;ws=&amp;gad_source=1\"><span style=\"font-weight: 400;\">economia verde nestas comunidades<\/span><\/a><span style=\"font-weight: 400;\"> tamb\u00e9m \u00e9 fruto do PMR.<\/span><\/p>\n<p><span style=\"font-weight: 400;\">E s\u00e3o lideran\u00e7as de fato. Como Geiza compartilha, o trabalho dos agentes ambientais vai al\u00e9m do objetivo de recuperar a natureza: ele forma lideran\u00e7as no tema, pessoas qualificadas, espalhadas por \u00e1reas vulnerabilizadas da cidade, que se tornam refer\u00eancias essenciais em uma cidade sofrendo com impactos clim\u00e1ticos.\u00a0<\/span><\/p>\n<blockquote><p><span style=\"font-weight: 400;\">\u201cO agente ambiental de hoje n\u00e3o \u00e9 s\u00f3 o agente do reflorestamento. \u00c9 uma lideran\u00e7a comunit\u00e1ria, mobilizador, porque todo mundo que quer alguma [informa\u00e7\u00e3o no tema], enxerga voc\u00ea como refer\u00eancia.\u201d \u2014 Geiza de Andrade<\/span><\/p><\/blockquote>\n<figure id=\"attachment_79973\" aria-describedby=\"caption-attachment-79973\" style=\"width: 2048px\" class=\"wp-caption aligncenter\"><a href=\"https:\/\/rioonwatch.org.br\/wp-content\/uploads\/2025\/11\/Horta-Carioca-do-Salgueiro.jpg\"><img loading=\"lazy\" decoding=\"async\" class=\"wp-image-79973 size-full\" title=\"Horta Carioca do Salgueiro, al\u00e9m de produzir hortali\u00e7as, plantas medicinais, frutas e verduras, serve de base para os dois programas\u2014Programa Educativo em \u00c1reas de Reflorestamento e Programa Mutir\u00e3o de Reflorestamento. Todos v\u00eam sofrendo com a redu\u00e7\u00e3o de verbas. Foto: B\u00e1rbara Dias\" src=\"https:\/\/rioonwatch.org.br\/wp-content\/uploads\/2025\/11\/Horta-Carioca-do-Salgueiro.jpg\" alt=\"Horta Carioca do Salgueiro, al\u00e9m de produzir hortali\u00e7as, plantas medicinais, frutas e verduras, serve de base para os dois programas\u2014Programa Educativo em \u00c1reas de Reflorestamento e Programa Mutir\u00e3o de Reflorestamento. Todos v\u00eam sofrendo com a redu\u00e7\u00e3o de verbas. Foto: B\u00e1rbara Dias\" width=\"2048\" height=\"1367\" srcset=\"https:\/\/rioonwatch.org.br\/wp-content\/uploads\/2025\/11\/Horta-Carioca-do-Salgueiro.jpg 2048w, https:\/\/rioonwatch.org.br\/wp-content\/uploads\/2025\/11\/Horta-Carioca-do-Salgueiro-620x414.jpg 620w, https:\/\/rioonwatch.org.br\/wp-content\/uploads\/2025\/11\/Horta-Carioca-do-Salgueiro-768x513.jpg 768w, https:\/\/rioonwatch.org.br\/wp-content\/uploads\/2025\/11\/Horta-Carioca-do-Salgueiro-1536x1025.jpg 1536w\" sizes=\"(max-width: 2048px) 100vw, 2048px\" \/><\/a><figcaption id=\"caption-attachment-79973\" class=\"wp-caption-text\"><a href=\"https:\/\/www.flickr.com\/photos\/catcomm\/albums\/72177720330100608\/\"><span style=\"font-weight: 400;\">Horta Carioca do Salgueiro<\/span><\/a><span style=\"font-weight: 400;\">, al\u00e9m de produzir hortali\u00e7as, plantas medicinais, frutas e verduras, junto com os dois programas\u2014Programa Educativo em \u00c1reas de Reflorestamento e Programa Mutir\u00e3o Reflorestamento\u2014promovem melhoria da qualidade de vida na comunidade. Todos v\u00eam sofrendo com a redu\u00e7\u00e3o de verbas. Foto: B\u00e1rbara Dias\u00a0<\/span><\/figcaption><\/figure>\n<p><span style=\"font-weight: 400;\">De repente, com os cortes deste ano, pela primeira vez em mais de quatro d\u00e9cadas, os frutos deste trabalho correm risco de serem perdidos.\u00a0<\/span><\/p>\n<p><span style=\"font-weight: 400;\">\u00c1lvaro c<\/span><span style=\"font-weight: 400;\">omenta que a SMAC justifica a diminui\u00e7\u00e3o de verbas afirmando como conclu\u00eddo o trabalho em \u00e1reas j\u00e1 recuperadas, e que, por esse motivo, n\u00e3o necessita de continuar recebendo tantos investimentos.<\/span><\/p>\n<blockquote><p><span style=\"font-weight: 400;\">\u201cA gente [sociedade] t\u00e1 falando tanto da quest\u00e3o ambiental, est\u00e3o acontecendo tantos eventos, G20, COP30, isso e aquilo. A\u00ed voc\u00ea v\u00ea a Secretaria [Municipal de Meio Ambiente e Clima] chegar desvalorizando [esse trabalho], dizendo que \u00e9 uma \u00e1rea em \u2018manuten\u00e7\u00e3o\u2019 [ e que por isso n\u00e3o precisa destinar recursos] e na verdade n\u00e3o \u00e9 isso. Inc\u00eandios [combust\u00f5es espont\u00e2neas] podem acabar com essa floresta inteira [em um instante]. \u00c9 um absurdo. Tem que estar replantando sempre, gente. N\u00e3o tem esse neg\u00f3cio de \u2018manuten\u00e7\u00e3o\u2019\u2026 <\/span><span style=\"font-weight: 400;\">Se parar esse projeto, come\u00e7a a correr o risco [dos deslizamentos hist\u00f3ricos] voltarem a acontecer.<\/span><span style=\"font-weight: 400;\">\u201d <\/span><span style=\"font-weight: 400;\">\u2013 \u00c1lvaro Silva<\/span><\/p><\/blockquote>\n<p><span style=\"font-weight: 400;\">Denise Vieira, que at\u00e9 este ano recebia sua bolsa pelo programa desde 1987, sem falta, descreve a situa\u00e7\u00e3o.<\/span><\/p>\n<blockquote><p><span style=\"font-weight: 400;\">\u201c<\/span><span style=\"font-weight: 400;\">O [Programa Mutir\u00e3o Reflorestamento] \u00e9 or\u00e7ado para 12 meses, mas foi avisado em agosto que ia acabar, que \u2018setembro vai entrar a \u00faltima bolsa\u2019. Depois descobri que recuaram e ficou s\u00f3 com uma parte da equipe. Agora perto da COP30 eles disseram que n\u00e3o t\u00eam dinheiro. \u2018A [Secretaria de] Fazenda est\u00e1 com problema de recurso, n\u00e3o tem recurso para pagar.\u2019 \u00c9 o que eles falam. [S\u00f3 que] <\/span><span style=\"font-weight: 400;\">na hora de apresentar os projetos [para o mundo], a SMAC afirma que \u2018n\u00f3s temos [muitas] frentes [de trabalho],&#8230; o projeto t\u00e1 acontecendo\u2019.\u201d <\/span><span style=\"font-weight: 400;\">\u2014 Denise Vieira<\/span><\/p><\/blockquote>\n<p><span style=\"font-weight: 400;\">Geiza, que sofre a redu\u00e7\u00e3o de sua bolsa ap\u00f3s anos, n\u00e3o deixa de manter o seu compromisso com os moradores da Vila Kennedy que dependem de sua atua\u00e7\u00e3o.<\/span><\/p>\n<blockquote><p><span style=\"font-weight: 400;\">\u201cEu fa\u00e7o algumas oficinas\u2026 [comprando] materiais do meu bolso, com meu dinheiro mesmo\u2026 T\u00e1 chegando no ponto que n\u00e3o tem mais como eu ficar bancando&#8230;\u201d \u2014 Geiza de Andrade<\/span><\/p><\/blockquote>\n<p><span style=\"font-weight: 400;\">Denise continua, relatando as mudan\u00e7as no quadro ao longo dos anos, mas que se intensificou em particular neste ano de 2025, deixando ela sem bolsa.<\/span><\/p>\n<blockquote><p><span style=\"font-weight: 400;\">\u201cNo Centro de Educa\u00e7\u00e3o Ambiental cortaram o quadro de pessoas pela metade\u2026 Tem projeto [de reflorestamento] que <\/span><span style=\"font-weight: 400;\">quando iniciou, no ano 2000, tinha 24 pessoas numa equipe, e agora s\u00f3 tem seis. <\/span><span style=\"font-weight: 400;\">Esse ano a bolsa que a gente recebia no dia 15 de cada m\u00eas, [passamos a receber] no outro m\u00eas,&#8230; [ou] \u2018sem previs\u00e3o de pagamento\u2019. A\u00ed o pagamento cai no m\u00eas seguinte, praticamente um m\u00eas de atraso, uma coisa que n\u00e3o acontecia [antes]&#8230; Uma colega tem tr\u00eas meses que n\u00e3o recebe. Al\u00e9m disso, a bolsa de R$1.000 passou para R$700.<\/span><span style=\"font-weight: 400;\">\u201d <\/span><span style=\"font-weight: 400;\">\u2014 Denise Vieira<\/span><\/p><\/blockquote>\n<figure id=\"attachment_79974\" aria-describedby=\"caption-attachment-79974\" style=\"width: 2048px\" class=\"wp-caption aligncenter\"><a href=\"https:\/\/rioonwatch.org.br\/wp-content\/uploads\/2025\/11\/Alvaro-Silva-ve-com-preocupacao-os-cortes-de-verba.jpg\"><img loading=\"lazy\" decoding=\"async\" class=\"wp-image-79974 size-full\" title=\"\u00c1lvaro Silva v\u00ea com preocupa\u00e7\u00e3o os cortes de verba, que podem levar \u00e0 ocupa\u00e7\u00e3o desordenada da floresta, aumento na temperatura local, perda da biodiversidade, e retorno de deslizamentos de encostas comuns nos anos de 1960, todas melhorias que haviam sido constru\u00eddas com anos de programa. Foto: B\u00e1rbara Dias\" src=\"https:\/\/rioonwatch.org.br\/wp-content\/uploads\/2025\/11\/Alvaro-Silva-ve-com-preocupacao-os-cortes-de-verba.jpg\" alt=\"\u00c1lvaro Silva v\u00ea com preocupa\u00e7\u00e3o os cortes de verba, que podem levar \u00e0 ocupa\u00e7\u00e3o desordenada da floresta, aumento na temperatura local, perda da biodiversidade, e retorno de deslizamentos de encostas comuns nos anos de 1960, todas melhorias que haviam sido constru\u00eddas com anos de programa. Foto: B\u00e1rbara Dias\" width=\"2048\" height=\"1367\" srcset=\"https:\/\/rioonwatch.org.br\/wp-content\/uploads\/2025\/11\/Alvaro-Silva-ve-com-preocupacao-os-cortes-de-verba.jpg 2048w, https:\/\/rioonwatch.org.br\/wp-content\/uploads\/2025\/11\/Alvaro-Silva-ve-com-preocupacao-os-cortes-de-verba-620x414.jpg 620w, https:\/\/rioonwatch.org.br\/wp-content\/uploads\/2025\/11\/Alvaro-Silva-ve-com-preocupacao-os-cortes-de-verba-768x513.jpg 768w, https:\/\/rioonwatch.org.br\/wp-content\/uploads\/2025\/11\/Alvaro-Silva-ve-com-preocupacao-os-cortes-de-verba-1536x1025.jpg 1536w\" sizes=\"(max-width: 2048px) 100vw, 2048px\" \/><\/a><figcaption id=\"caption-attachment-79974\" class=\"wp-caption-text\">\u00c1lvaro Silva v\u00ea com preocupa\u00e7\u00e3o os cortes de verba, que podem levar \u00e0 ocupa\u00e7\u00e3o desordenada da floresta, aumento na temperatura local, perda da biodiversidade, e retorno de deslizamentos de encostas comuns nos anos de 1960, todas melhorias que haviam sido constru\u00eddas com anos de programa. Foto: B\u00e1rbara Dias<\/figcaption><\/figure>\n<h3>Alerta: Importante N\u00e3o Confundir os Programas<\/h3>\n<p><span style=\"font-weight: 400;\">N\u00e3o devem ser sacrificados o robusto Programa Mutir\u00e3o Reflorestamento e seus aliados (PEAR e Hortas Cariocas), com suas longas e mensur\u00e1veis trajet\u00f3rias, por confundir com os novos projetos de aparentes fins eleitoreiros, <\/span><span style=\"font-weight: 400;\">lan\u00e7ados pela SMAC em 2023 com nomes que se assemelham<\/span><span style=\"font-weight: 400;\">: <\/span><span style=\"font-weight: 400;\">o <a href=\"https:\/\/ambienteclima.prefeitura.rio\/guardias-das-matas\/\">Guardi\u00e3s da Mata<\/a>,<a href=\"https:\/\/ambienteclima.prefeitura.rio\/cada-favela-uma-floresta\/\"> Cada Favela uma Floresta<\/a> e <a href=\"https:\/\/ambienteclima.prefeitura.rio\/1180-2\/\">Refloresta Rio<\/a>.<\/span><\/p>\n<p><span style=\"font-weight: 400;\">Anteriormente, o &#8220;<\/span><a href=\"https:\/\/ambienteclima.prefeitura.rio\/guardioes-dos-rios\/\"><span style=\"font-weight: 400;\">Guardi\u00f5es dos Rios<\/span><\/a><span style=\"font-weight: 400;\"> entrou em ano de elei\u00e7\u00e3o,&#8230; ficou um tempo, a\u00ed depois que acabou a elei\u00e7\u00e3o, mandaram todo mundo embora\u201d. Para esta \u00faltima elei\u00e7\u00e3o, aumentaram as equipes dos Guardi\u00f5es dos Rios e das Matas e logo depois come\u00e7aram a fechar muitas frentes. \u201cA gest\u00e3o atual criou estes programas [o Reflorestando Rio, Cada Favela uma Floresta e Guardi\u00e3s das Matas] que at\u00e9 hoje a gente n\u00e3o sabe o que fazem. O projeto Guardi\u00e3s das Matas \u00e9 [justificado como] uma ponte entre a comunidade e o poder p\u00fablico. Ora, mas isso n\u00e3o \u00e9 [a fun\u00e7\u00e3o do Programa Educativo em \u00c1reas de Reflorestamento, que j\u00e1 existe]?\u201d*<\/span><\/p>\n<p><span style=\"font-weight: 400;\">Ainda outra fonte de confus\u00e3o \u00e9 que hoje o Programa Mutir\u00e3o Reflorestamento est\u00e1 inserido em mais um programa chamado <\/span><a href=\"https:\/\/ambienteclima.prefeitura.rio\/1180-2\/\"><span style=\"font-weight: 400;\">Refloresta Rio<\/span><\/a><span style=\"font-weight: 400;\">. Enquanto a Prefeitura d\u00e1 a entender que<\/span><a href=\"https:\/\/storymaps.arcgis.com\/stories\/7afa6040cd4e46b48720e280b7238434\"> <span style=\"font-weight: 400;\">se trata de uma continuidade do PMR<\/span><\/a><span style=\"font-weight: 400;\">, o Refloresta Rio tem uma segunda ger\u00eancia que executa reflorestamentos atrav\u00e9s de medidas compensat\u00f3rias, recursos podendo ser passados do PMR para tal ger\u00eancia. E <\/span><a href=\"https:\/\/ambienteclima.prefeitura.rio\/1180-2\/\"><span style=\"font-weight: 400;\">no lugar de centralizar os agentes de favelas<\/span><\/a><span style=\"font-weight: 400;\"> comprometidos com o reflorestamento, a preven\u00e7\u00e3o da ocupa\u00e7\u00e3o desordenada e a realiza\u00e7\u00e3o de a\u00e7\u00f5es de educa\u00e7\u00e3o ambiental enraizadas na comunidade, vemos recursos sendo aplicados em testes com <\/span><a href=\"https:\/\/omaringa.com.br\/noticias\/rio-contara-com-drone-e-inteligencia-artificial-no-reflorestamento\/amp\/\"><span style=\"font-weight: 400;\">\u201cdrones semeadores\u201d<\/span><\/a><span style=\"font-weight: 400;\">, por exemplo.<\/span><\/p>\n<h3><b>Conclus\u00e3o<\/b><\/h3>\n<p><span style=\"font-weight: 400;\">Apesar de seus impactos demonstr\u00e1veis, bem registrados e duradouros, alcan\u00e7ados pelo trabalho de seus moradores reflorestadores, o Programa Mutir\u00e3o Reflorestamento est\u00e1 perigosamente prejudicado pela mesma Prefeitura que est\u00e1 promovendo uma s\u00e9rie de atividades que se dizem de enfrentamento \u00e0 emerg\u00eancia clim\u00e1tica, frente \u00e0 COP30 e visita dos prefeitos do mundo durante a reuni\u00e3o da C40. Se n\u00e3o for revertida para honrar a coer\u00eancia entre o que a atual prefeitura promove e realiza, essa diverg\u00eancia s\u00f3 pode ser vista como mais uma investida de <\/span><a href=\"https:\/\/rioonwatch.org.br\/?p=19553\"><span style=\"font-weight: 400;\">marketing<\/span><\/a><span style=\"font-weight: 400;\">, esvaziada de inten\u00e7\u00e3o, caracter\u00edstica da <\/span><a href=\"https:\/\/rioonwatch.org.br\/?p=14477\"><span style=\"font-weight: 400;\">Cidade Pra Ingl\u00eas Ver<\/span><\/a><span style=\"font-weight: 400;\">.<\/span><\/p>\n<p><span style=\"font-weight: 400;\">Neste m\u00eas da COP30 no Brasil, entrando no per\u00edodo pr\u00e9-eleitoral, e com os impactos clim\u00e1ticos <\/span><a href=\"https:\/\/agencia.fiocruz.br\/relatorio-alerta-para-impactos-crescentes-do-calor-na-america-latina\"><span style=\"font-weight: 400;\">s\u00f3 crescendo<\/span><\/a><span style=\"font-weight: 400;\"> de ano em ano (<\/span><a href=\"https:\/\/bit.ly\/CartaCOPAssinada\"><span style=\"font-weight: 400;\">principalmente em favelas<\/span><\/a><span style=\"font-weight: 400;\">), a Prefeitura deveria estar fortalecendo solu\u00e7\u00f5es que j\u00e1 provaram seu valor, at\u00e9 se n\u00e3o fosse considerar o fato tamb\u00e9m crucial que as a\u00e7\u00f5es bem-sucedidas s\u00e3o realizadas por moradores de favelas\u2014as comunidades <\/span><a href=\"http:\/\/glo.bo\/3LxKZFW\"><span style=\"font-weight: 400;\">mais vulnerabilizadas<\/span><\/a><span style=\"font-weight: 400;\"> em rela\u00e7\u00e3o \u00e0s mudan\u00e7as do clima.<\/span><\/p>\n<p><span style=\"font-weight: 400;\">Atualmente, a cidade caminha na contram\u00e3o da pr\u00f3pria agenda, ignorando o conhecimento constru\u00eddo por estes programas e seus profissionais\u2014nas comunidades e na Prefeitura\u2014atuantes h\u00e1 d\u00e9cadas no resgate ambiental da nossa Cidade Maravilhosa.<\/span><\/p>\n<p><span style=\"font-weight: 400;\">Investimentos como estes salvam e melhoram muitas vidas, al\u00e9m de ajudar a preservar o futuro de um planeta cada vez mais pr\u00f3ximo de um devastador e definitivo \u201cn\u00e3o retorno\u201d, quando os efeitos das mudan\u00e7as clim\u00e1ticas <\/span><a href=\"https:\/\/reporterbrasil.org.br\/2024\/11\/o-que-e-ponto-de-nao-retorno\/\"><span style=\"font-weight: 400;\">se tornar\u00e3o irrevers\u00edveis<\/span><\/a><span style=\"font-weight: 400;\">.\u00a0<\/span><\/p>\n<blockquote><p><span style=\"font-weight: 400;\">\u201cA gente respira isso [recupera\u00e7\u00e3o ambiental]. A gente acorda no mato e dorme no mato e dessa qualidade de vida a gente n\u00e3o vai abrir m\u00e3o. Entendeu? Tem muita gente\u00a0 que vislumbra outras coisas, mas a gente n\u00e3o. Essa melhoria de qualidade de vida, n\u00e3o \u00e9 s\u00f3 pras favelas, porque quando a gente planta in\u00fameras \u00e1rvores, a gente t\u00e1 produzindo oxig\u00eanio para o mundo inteiro\u2026 A Amaz\u00f4nia \u00e9 o pulm\u00e3o do mundo, n\u00e9? Mas as comunidades fazem parte desse pulm\u00e3o tamb\u00e9m.\u201d \u2014 Denise Vieira<\/span><\/p><\/blockquote>\n<p><span style=\"font-weight: 400;\">Se quisermos dar a virada necess\u00e1ria pelo clima, as <\/span><a href=\"https:\/\/bit.ly\/CartaCOPAssinada\"><span style=\"font-weight: 400;\">favelas precisam estar no centro das decis\u00f5es<\/span><\/a><span style=\"font-weight: 400;\">, do n\u00edvel local, regional, nacional ao internacional. E, dada a import\u00e2ncia de suas favelas no imagin\u00e1rio mundial, o Rio de Janeiro poderia\u2014e deveria\u2014se tornar um modelo nesse sentido.<\/span><\/p>\n<p><em>*Visando sua seguran\u00e7a, o nome deste entrevistado n\u00e3o foi inclu\u00eddo na mat\u00e9ria.<\/em><\/p>\n<hr \/>\n<h4><b data-stringify-type=\"bold\">Apoie nossos esfor\u00e7os para fornecer apoio estrat\u00e9gico \u00e0s favelas do Rio, incluindo o jornalismo hiperlocal, cr\u00edtico, inovador e incans\u00e1vel do\u00a0<\/b><b data-stringify-type=\"bold\"><i data-stringify-type=\"italic\">RioOnWatch<\/i><\/b>\u2014<a class=\"c-link\" href=\"http:\/\/www.bit.ly\/ApoieROW\" target=\"_blank\" rel=\"noopener noreferrer\" data-stringify-link=\"http:\/\/www.bit.ly\/ApoieROW\" data-sk=\"tooltip_parent\">doe aqui<\/a>.<\/h4>\n<!-- AddThis Advanced Settings generic via filter on the_content --><!-- AddThis Share Buttons generic via filter on the_content -->","protected":false},"excerpt":{"rendered":"<div class=\"mh-excerpt\"><p>Click Here for English 4 de novembro de 2025\u2014O prefeito do Rio de Janeiro, Eduardo Paes, como o Presidente Lula, acaba de ser reconhecido pela revista TIME como um de 100 l\u00edderes clim\u00e1ticos. Atualmente, a <a class=\"mh-excerpt-more\" href=\"https:\/\/rioonwatch.org.br\/?p=79964\" title=\"Prefeitura &#8216;Premiada&#8217; Esvazia Programas de Refer\u00eancia de Enfrentamento Clim\u00e1tico em Favelas e Coloca Mata Atl\u00e2ntica em Risco\">[&#8230;]<\/a><!-- AddThis Advanced Settings generic via filter on get_the_excerpt --><!-- AddThis Share Buttons generic via filter on get_the_excerpt --><\/p>\n<\/div>","protected":false},"author":3,"featured_media":79968,"comment_status":"closed","ping_status":"closed","sticky":false,"template":"template-full.php","format":"standard","meta":{"_acf_changed":false,"_monsterinsights_skip_tracking":false,"_monsterinsights_sitenote_active":false,"_monsterinsights_sitenote_note":"","_monsterinsights_sitenote_category":0,"footnotes":""},"categories":[1621,346,1631,3170,344,1616,342,1639],"tags":[1534,412,3596,3400,484,480,3595,1097,3048,1841,3260,1134,297,754,3199,1347,2492,578,544,218,184],"writer":[777],"translator":[],"source":[],"ilustrador":[],"fotografo":[],"class_list":{"0":"post-79964","1":"post","2":"type-post","3":"status-publish","4":"format-standard","5":"has-post-thumbnail","7":"category-destaque","8":"category-denuncias","9":"category-entendendo-o-rio","10":"category-justica-climatica","11":"category-politicas","12":"category-qualidades-da-favela","13":"category-solucoes","14":"category-sustentabilidade","15":"tag-para-ingles-ver","16":"tag-arborizacao","17":"tag-c40","18":"tag-cop","19":"tag-prefeito-eduardo-paes","20":"tag-eleitoreiro","21":"tag-greenwashing","22":"tag-horta-comunitaria","23":"tag-hortas-cariocas","24":"tag-lula","25":"tag-politica-de-inclusao","26":"tag-recomendacoes-politicas","27":"tag-reflorestamento","28":"tag-salgueiro","29":"tag-secretaria-municipal-de-meio-ambiente","30":"tag-solucao","31":"tag-taina-de-paula","32":"tag-trabalho-e-renda","33":"tag-vila-kennedy","34":"tag-zona-norte","35":"tag-zona-oeste","36":"writer-rioonwatch"},"acf":[],"yoast_head":"<!-- This site is optimized with the Yoast SEO plugin v25.6 - https:\/\/yoast.com\/wordpress\/plugins\/seo\/ -->\n<title>Prefeitura &#039;Premiada&#039; Esvazia Programas de Refer\u00eancia de Enfrentamento Clim\u00e1tico em Favelas e Coloca Mata Atl\u00e2ntica em Risco - RioOnWatch<\/title>\n<meta name=\"robots\" content=\"index, follow, max-snippet:-1, max-image-preview:large, max-video-preview:-1\" \/>\n<link rel=\"canonical\" href=\"https:\/\/rioonwatch.org.br\/?p=79964\" \/>\n<meta property=\"og:locale\" content=\"pt_BR\" \/>\n<meta property=\"og:type\" content=\"article\" \/>\n<meta property=\"og:title\" content=\"Prefeitura &#039;Premiada&#039; Esvazia Programas de Refer\u00eancia de Enfrentamento Clim\u00e1tico em Favelas e Coloca Mata Atl\u00e2ntica em Risco - RioOnWatch\" \/>\n<meta property=\"og:description\" content=\"Click Here for English 4 de novembro de 2025\u2014O prefeito do Rio de Janeiro, Eduardo Paes, como o Presidente Lula, acaba de ser reconhecido pela revista TIME como um de 100 l\u00edderes clim\u00e1ticos. Atualmente, a [...]\" \/>\n<meta property=\"og:url\" content=\"https:\/\/rioonwatch.org.br\/?p=79964\" \/>\n<meta property=\"og:site_name\" content=\"RioOnWatch\" \/>\n<meta property=\"article:published_time\" content=\"2025-11-04T09:00:30+00:00\" \/>\n<meta property=\"article:modified_time\" content=\"2026-03-16T15:59:27+00:00\" \/>\n<meta property=\"og:image\" content=\"https:\/\/rioonwatch.org.br\/wp-content\/uploads\/2025\/11\/Alvaro-Silva-do-Programa-Mutirao-de-Reflorestamento-e-Denise-Vieira-do-Programa-Educativo-em-Areas-de-Reflorestamento.jpg\" \/>\n\t<meta property=\"og:image:width\" content=\"2048\" \/>\n\t<meta property=\"og:image:height\" content=\"1367\" \/>\n\t<meta property=\"og:image:type\" content=\"image\/jpeg\" \/>\n<meta name=\"author\" content=\"Admin\" \/>\n<meta name=\"twitter:card\" content=\"summary_large_image\" \/>\n<meta name=\"twitter:label1\" content=\"Escrito por\" \/>\n\t<meta name=\"twitter:data1\" content=\"Admin\" \/>\n\t<meta name=\"twitter:label2\" content=\"Est. tempo de leitura\" \/>\n\t<meta name=\"twitter:data2\" content=\"13 minutos\" \/>\n<script type=\"application\/ld+json\" class=\"yoast-schema-graph\">{\"@context\":\"https:\/\/schema.org\",\"@graph\":[{\"@type\":\"Article\",\"@id\":\"https:\/\/rioonwatch.org.br\/?p=79964#article\",\"isPartOf\":{\"@id\":\"https:\/\/rioonwatch.org.br\/?p=79964\"},\"author\":{\"name\":\"Admin\",\"@id\":\"https:\/\/rioonwatch.org.br\/#\/schema\/person\/c6c09a0b56b38f0157a45b963ef3f269\"},\"headline\":\"Prefeitura &#8216;Premiada&#8217; Esvazia Programas de Refer\u00eancia de Enfrentamento Clim\u00e1tico em Favelas e Coloca Mata Atl\u00e2ntica em Risco\",\"datePublished\":\"2025-11-04T09:00:30+00:00\",\"dateModified\":\"2026-03-16T15:59:27+00:00\",\"mainEntityOfPage\":{\"@id\":\"https:\/\/rioonwatch.org.br\/?p=79964\"},\"wordCount\":2903,\"publisher\":{\"@id\":\"https:\/\/rioonwatch.org.br\/#organization\"},\"image\":{\"@id\":\"https:\/\/rioonwatch.org.br\/?p=79964#primaryimage\"},\"thumbnailUrl\":\"https:\/\/rioonwatch.org.br\/wp-content\/uploads\/2025\/11\/Alvaro-Silva-do-Programa-Mutirao-de-Reflorestamento-e-Denise-Vieira-do-Programa-Educativo-em-Areas-de-Reflorestamento.jpg\",\"keywords\":[\"\\\"para ingl\u00eas ver\\\"\",\"arboriza\u00e7\u00e3o\",\"C40\",\"COP\",\"Eduardo Paes\",\"eleitoralismo\",\"greenwashing\",\"horta comunit\u00e1ria\",\"Hortas Cariocas\",\"Lula\",\"pol\u00edtica de inclus\u00e3o\",\"recomenda\u00e7\u00f5es pol\u00edticas\",\"reflorestamento\",\"Salgueiro\",\"Secretaria Municipal de Meio Ambiente\",\"solu\u00e7\u00e3o\",\"Tain\u00e1 de Paula (PT)\",\"Trabalho e renda\",\"Vila Kennedy\",\"Zona Norte\",\"Zona Oeste\"],\"articleSection\":[\"*Destaque\",\"Den\u00fancias\",\"Entendendo o Rio\",\"Justi\u00e7a Clim\u00e1tica\",\"Pol\u00edticas\",\"Qualidades da Favela\",\"Solu\u00e7\u00f5es\",\"Sustentabilidade\"],\"inLanguage\":\"pt-BR\"},{\"@type\":\"WebPage\",\"@id\":\"https:\/\/rioonwatch.org.br\/?p=79964\",\"url\":\"https:\/\/rioonwatch.org.br\/?p=79964\",\"name\":\"Prefeitura 'Premiada' Esvazia Programas de Refer\u00eancia de Enfrentamento Clim\u00e1tico em Favelas e Coloca Mata Atl\u00e2ntica em Risco - RioOnWatch\",\"isPartOf\":{\"@id\":\"https:\/\/rioonwatch.org.br\/#website\"},\"primaryImageOfPage\":{\"@id\":\"https:\/\/rioonwatch.org.br\/?p=79964#primaryimage\"},\"image\":{\"@id\":\"https:\/\/rioonwatch.org.br\/?p=79964#primaryimage\"},\"thumbnailUrl\":\"https:\/\/rioonwatch.org.br\/wp-content\/uploads\/2025\/11\/Alvaro-Silva-do-Programa-Mutirao-de-Reflorestamento-e-Denise-Vieira-do-Programa-Educativo-em-Areas-de-Reflorestamento.jpg\",\"datePublished\":\"2025-11-04T09:00:30+00:00\",\"dateModified\":\"2026-03-16T15:59:27+00:00\",\"breadcrumb\":{\"@id\":\"https:\/\/rioonwatch.org.br\/?p=79964#breadcrumb\"},\"inLanguage\":\"pt-BR\",\"potentialAction\":[{\"@type\":\"ReadAction\",\"target\":[\"https:\/\/rioonwatch.org.br\/?p=79964\"]}]},{\"@type\":\"ImageObject\",\"inLanguage\":\"pt-BR\",\"@id\":\"https:\/\/rioonwatch.org.br\/?p=79964#primaryimage\",\"url\":\"https:\/\/rioonwatch.org.br\/wp-content\/uploads\/2025\/11\/Alvaro-Silva-do-Programa-Mutirao-de-Reflorestamento-e-Denise-Vieira-do-Programa-Educativo-em-Areas-de-Reflorestamento.jpg\",\"contentUrl\":\"https:\/\/rioonwatch.org.br\/wp-content\/uploads\/2025\/11\/Alvaro-Silva-do-Programa-Mutirao-de-Reflorestamento-e-Denise-Vieira-do-Programa-Educativo-em-Areas-de-Reflorestamento.jpg\",\"width\":2048,\"height\":1367,\"caption\":\"\u00c1lvaro Silva do Programa Mutir\u00e3o de Reflorestamento e Denise Vieira do Programa Educativo em \u00c1reas de Reflorestamento, do Morro do Salgueiro, olham uma muda produzida na Horta Carioca. Todos os programas encontram-se amea\u00e7ados pelos cortes de verbas da Secretaria Municipal de Ambiente e Clima. Foto: B\u00e1rbara Dias\"},{\"@type\":\"BreadcrumbList\",\"@id\":\"https:\/\/rioonwatch.org.br\/?p=79964#breadcrumb\",\"itemListElement\":[{\"@type\":\"ListItem\",\"position\":1,\"name\":\"In\u00edcio\",\"item\":\"https:\/\/rioonwatch.org.br\/\"},{\"@type\":\"ListItem\",\"position\":2,\"name\":\"Prefeitura &#8216;Premiada&#8217; Esvazia Programas de Refer\u00eancia de Enfrentamento Clim\u00e1tico em Favelas e Coloca Mata Atl\u00e2ntica em Risco\"}]},{\"@type\":\"WebSite\",\"@id\":\"https:\/\/rioonwatch.org.br\/#website\",\"url\":\"https:\/\/rioonwatch.org.br\/\",\"name\":\"RioOnWatch\",\"description\":\"relatos das favelas cariocas\",\"publisher\":{\"@id\":\"https:\/\/rioonwatch.org.br\/#organization\"},\"potentialAction\":[{\"@type\":\"SearchAction\",\"target\":{\"@type\":\"EntryPoint\",\"urlTemplate\":\"https:\/\/rioonwatch.org.br\/?s={search_term_string}\"},\"query-input\":{\"@type\":\"PropertyValueSpecification\",\"valueRequired\":true,\"valueName\":\"search_term_string\"}}],\"inLanguage\":\"pt-BR\"},{\"@type\":\"Organization\",\"@id\":\"https:\/\/rioonwatch.org.br\/#organization\",\"name\":\"RioOnWatch\",\"url\":\"https:\/\/rioonwatch.org.br\/\",\"logo\":{\"@type\":\"ImageObject\",\"inLanguage\":\"pt-BR\",\"@id\":\"https:\/\/rioonwatch.org.br\/#\/schema\/logo\/image\/\",\"url\":\"https:\/\/rioonwatch.org.br\/wp-content\/uploads\/2021\/06\/RioOnWatchcabecalhoPT11anos-2.png\",\"contentUrl\":\"https:\/\/rioonwatch.org.br\/wp-content\/uploads\/2021\/06\/RioOnWatchcabecalhoPT11anos-2.png\",\"width\":779,\"height\":277,\"caption\":\"RioOnWatch\"},\"image\":{\"@id\":\"https:\/\/rioonwatch.org.br\/#\/schema\/logo\/image\/\"}},{\"@type\":\"Person\",\"@id\":\"https:\/\/rioonwatch.org.br\/#\/schema\/person\/c6c09a0b56b38f0157a45b963ef3f269\",\"name\":\"Admin\",\"image\":{\"@type\":\"ImageObject\",\"inLanguage\":\"pt-BR\",\"@id\":\"https:\/\/rioonwatch.org.br\/#\/schema\/person\/image\/\",\"url\":\"https:\/\/secure.gravatar.com\/avatar\/da45c89efd4810dc70c16a5da3419806?s=96&d=blank&r=g\",\"contentUrl\":\"https:\/\/secure.gravatar.com\/avatar\/da45c89efd4810dc70c16a5da3419806?s=96&d=blank&r=g\",\"caption\":\"Admin\"},\"url\":\"https:\/\/rioonwatch.org.br\/?author=3\"}]}<\/script>\n<!-- \/ Yoast SEO plugin. -->","yoast_head_json":{"title":"Prefeitura 'Premiada' Esvazia Programas de Refer\u00eancia de Enfrentamento Clim\u00e1tico em Favelas e Coloca Mata Atl\u00e2ntica em Risco - RioOnWatch","robots":{"index":"index","follow":"follow","max-snippet":"max-snippet:-1","max-image-preview":"max-image-preview:large","max-video-preview":"max-video-preview:-1"},"canonical":"https:\/\/rioonwatch.org.br\/?p=79964","og_locale":"pt_BR","og_type":"article","og_title":"Prefeitura 'Premiada' Esvazia Programas de Refer\u00eancia de Enfrentamento Clim\u00e1tico em Favelas e Coloca Mata Atl\u00e2ntica em Risco - RioOnWatch","og_description":"Click Here for English 4 de novembro de 2025\u2014O prefeito do Rio de Janeiro, Eduardo Paes, como o Presidente Lula, acaba de ser reconhecido pela revista TIME como um de 100 l\u00edderes clim\u00e1ticos. Atualmente, a [...]","og_url":"https:\/\/rioonwatch.org.br\/?p=79964","og_site_name":"RioOnWatch","article_published_time":"2025-11-04T09:00:30+00:00","article_modified_time":"2026-03-16T15:59:27+00:00","og_image":[{"width":2048,"height":1367,"url":"https:\/\/rioonwatch.org.br\/wp-content\/uploads\/2025\/11\/Alvaro-Silva-do-Programa-Mutirao-de-Reflorestamento-e-Denise-Vieira-do-Programa-Educativo-em-Areas-de-Reflorestamento.jpg","type":"image\/jpeg"}],"author":"Admin","twitter_card":"summary_large_image","twitter_misc":{"Escrito por":"Admin","Est. tempo de leitura":"13 minutos"},"schema":{"@context":"https:\/\/schema.org","@graph":[{"@type":"Article","@id":"https:\/\/rioonwatch.org.br\/?p=79964#article","isPartOf":{"@id":"https:\/\/rioonwatch.org.br\/?p=79964"},"author":{"name":"Admin","@id":"https:\/\/rioonwatch.org.br\/#\/schema\/person\/c6c09a0b56b38f0157a45b963ef3f269"},"headline":"Prefeitura &#8216;Premiada&#8217; Esvazia Programas de Refer\u00eancia de Enfrentamento Clim\u00e1tico em Favelas e Coloca Mata Atl\u00e2ntica em Risco","datePublished":"2025-11-04T09:00:30+00:00","dateModified":"2026-03-16T15:59:27+00:00","mainEntityOfPage":{"@id":"https:\/\/rioonwatch.org.br\/?p=79964"},"wordCount":2903,"publisher":{"@id":"https:\/\/rioonwatch.org.br\/#organization"},"image":{"@id":"https:\/\/rioonwatch.org.br\/?p=79964#primaryimage"},"thumbnailUrl":"https:\/\/rioonwatch.org.br\/wp-content\/uploads\/2025\/11\/Alvaro-Silva-do-Programa-Mutirao-de-Reflorestamento-e-Denise-Vieira-do-Programa-Educativo-em-Areas-de-Reflorestamento.jpg","keywords":["\"para ingl\u00eas ver\"","arboriza\u00e7\u00e3o","C40","COP","Eduardo Paes","eleitoralismo","greenwashing","horta comunit\u00e1ria","Hortas Cariocas","Lula","pol\u00edtica de inclus\u00e3o","recomenda\u00e7\u00f5es pol\u00edticas","reflorestamento","Salgueiro","Secretaria Municipal de Meio Ambiente","solu\u00e7\u00e3o","Tain\u00e1 de Paula (PT)","Trabalho e renda","Vila Kennedy","Zona Norte","Zona Oeste"],"articleSection":["*Destaque","Den\u00fancias","Entendendo o Rio","Justi\u00e7a Clim\u00e1tica","Pol\u00edticas","Qualidades da Favela","Solu\u00e7\u00f5es","Sustentabilidade"],"inLanguage":"pt-BR"},{"@type":"WebPage","@id":"https:\/\/rioonwatch.org.br\/?p=79964","url":"https:\/\/rioonwatch.org.br\/?p=79964","name":"Prefeitura 'Premiada' Esvazia Programas de Refer\u00eancia de Enfrentamento Clim\u00e1tico em Favelas e Coloca Mata Atl\u00e2ntica em Risco - RioOnWatch","isPartOf":{"@id":"https:\/\/rioonwatch.org.br\/#website"},"primaryImageOfPage":{"@id":"https:\/\/rioonwatch.org.br\/?p=79964#primaryimage"},"image":{"@id":"https:\/\/rioonwatch.org.br\/?p=79964#primaryimage"},"thumbnailUrl":"https:\/\/rioonwatch.org.br\/wp-content\/uploads\/2025\/11\/Alvaro-Silva-do-Programa-Mutirao-de-Reflorestamento-e-Denise-Vieira-do-Programa-Educativo-em-Areas-de-Reflorestamento.jpg","datePublished":"2025-11-04T09:00:30+00:00","dateModified":"2026-03-16T15:59:27+00:00","breadcrumb":{"@id":"https:\/\/rioonwatch.org.br\/?p=79964#breadcrumb"},"inLanguage":"pt-BR","potentialAction":[{"@type":"ReadAction","target":["https:\/\/rioonwatch.org.br\/?p=79964"]}]},{"@type":"ImageObject","inLanguage":"pt-BR","@id":"https:\/\/rioonwatch.org.br\/?p=79964#primaryimage","url":"https:\/\/rioonwatch.org.br\/wp-content\/uploads\/2025\/11\/Alvaro-Silva-do-Programa-Mutirao-de-Reflorestamento-e-Denise-Vieira-do-Programa-Educativo-em-Areas-de-Reflorestamento.jpg","contentUrl":"https:\/\/rioonwatch.org.br\/wp-content\/uploads\/2025\/11\/Alvaro-Silva-do-Programa-Mutirao-de-Reflorestamento-e-Denise-Vieira-do-Programa-Educativo-em-Areas-de-Reflorestamento.jpg","width":2048,"height":1367,"caption":"\u00c1lvaro Silva do Programa Mutir\u00e3o de Reflorestamento e Denise Vieira do Programa Educativo em \u00c1reas de Reflorestamento, do Morro do Salgueiro, olham uma muda produzida na Horta Carioca. Todos os programas encontram-se amea\u00e7ados pelos cortes de verbas da Secretaria Municipal de Ambiente e Clima. Foto: B\u00e1rbara Dias"},{"@type":"BreadcrumbList","@id":"https:\/\/rioonwatch.org.br\/?p=79964#breadcrumb","itemListElement":[{"@type":"ListItem","position":1,"name":"In\u00edcio","item":"https:\/\/rioonwatch.org.br\/"},{"@type":"ListItem","position":2,"name":"Prefeitura &#8216;Premiada&#8217; Esvazia Programas de Refer\u00eancia de Enfrentamento Clim\u00e1tico em Favelas e Coloca Mata Atl\u00e2ntica em Risco"}]},{"@type":"WebSite","@id":"https:\/\/rioonwatch.org.br\/#website","url":"https:\/\/rioonwatch.org.br\/","name":"RioOnWatch","description":"relatos das favelas cariocas","publisher":{"@id":"https:\/\/rioonwatch.org.br\/#organization"},"potentialAction":[{"@type":"SearchAction","target":{"@type":"EntryPoint","urlTemplate":"https:\/\/rioonwatch.org.br\/?s={search_term_string}"},"query-input":{"@type":"PropertyValueSpecification","valueRequired":true,"valueName":"search_term_string"}}],"inLanguage":"pt-BR"},{"@type":"Organization","@id":"https:\/\/rioonwatch.org.br\/#organization","name":"RioOnWatch","url":"https:\/\/rioonwatch.org.br\/","logo":{"@type":"ImageObject","inLanguage":"pt-BR","@id":"https:\/\/rioonwatch.org.br\/#\/schema\/logo\/image\/","url":"https:\/\/rioonwatch.org.br\/wp-content\/uploads\/2021\/06\/RioOnWatchcabecalhoPT11anos-2.png","contentUrl":"https:\/\/rioonwatch.org.br\/wp-content\/uploads\/2021\/06\/RioOnWatchcabecalhoPT11anos-2.png","width":779,"height":277,"caption":"RioOnWatch"},"image":{"@id":"https:\/\/rioonwatch.org.br\/#\/schema\/logo\/image\/"}},{"@type":"Person","@id":"https:\/\/rioonwatch.org.br\/#\/schema\/person\/c6c09a0b56b38f0157a45b963ef3f269","name":"Admin","image":{"@type":"ImageObject","inLanguage":"pt-BR","@id":"https:\/\/rioonwatch.org.br\/#\/schema\/person\/image\/","url":"https:\/\/secure.gravatar.com\/avatar\/da45c89efd4810dc70c16a5da3419806?s=96&d=blank&r=g","contentUrl":"https:\/\/secure.gravatar.com\/avatar\/da45c89efd4810dc70c16a5da3419806?s=96&d=blank&r=g","caption":"Admin"},"url":"https:\/\/rioonwatch.org.br\/?author=3"}]}},"_links":{"self":[{"href":"https:\/\/rioonwatch.org.br\/index.php?rest_route=\/wp\/v2\/posts\/79964"}],"collection":[{"href":"https:\/\/rioonwatch.org.br\/index.php?rest_route=\/wp\/v2\/posts"}],"about":[{"href":"https:\/\/rioonwatch.org.br\/index.php?rest_route=\/wp\/v2\/types\/post"}],"author":[{"embeddable":true,"href":"https:\/\/rioonwatch.org.br\/index.php?rest_route=\/wp\/v2\/users\/3"}],"replies":[{"embeddable":true,"href":"https:\/\/rioonwatch.org.br\/index.php?rest_route=%2Fwp%2Fv2%2Fcomments&post=79964"}],"version-history":[{"count":32,"href":"https:\/\/rioonwatch.org.br\/index.php?rest_route=\/wp\/v2\/posts\/79964\/revisions"}],"predecessor-version":[{"id":80209,"href":"https:\/\/rioonwatch.org.br\/index.php?rest_route=\/wp\/v2\/posts\/79964\/revisions\/80209"}],"wp:featuredmedia":[{"embeddable":true,"href":"https:\/\/rioonwatch.org.br\/index.php?rest_route=\/wp\/v2\/media\/79968"}],"wp:attachment":[{"href":"https:\/\/rioonwatch.org.br\/index.php?rest_route=%2Fwp%2Fv2%2Fmedia&parent=79964"}],"wp:term":[{"taxonomy":"category","embeddable":true,"href":"https:\/\/rioonwatch.org.br\/index.php?rest_route=%2Fwp%2Fv2%2Fcategories&post=79964"},{"taxonomy":"post_tag","embeddable":true,"href":"https:\/\/rioonwatch.org.br\/index.php?rest_route=%2Fwp%2Fv2%2Ftags&post=79964"},{"taxonomy":"writer","embeddable":true,"href":"https:\/\/rioonwatch.org.br\/index.php?rest_route=%2Fwp%2Fv2%2Fwriter&post=79964"},{"taxonomy":"translator","embeddable":true,"href":"https:\/\/rioonwatch.org.br\/index.php?rest_route=%2Fwp%2Fv2%2Ftranslator&post=79964"},{"taxonomy":"source","embeddable":true,"href":"https:\/\/rioonwatch.org.br\/index.php?rest_route=%2Fwp%2Fv2%2Fsource&post=79964"},{"taxonomy":"ilustrador","embeddable":true,"href":"https:\/\/rioonwatch.org.br\/index.php?rest_route=%2Fwp%2Fv2%2Filustrador&post=79964"},{"taxonomy":"fotografo","embeddable":true,"href":"https:\/\/rioonwatch.org.br\/index.php?rest_route=%2Fwp%2Fv2%2Ffotografo&post=79964"}],"curies":[{"name":"wp","href":"https:\/\/api.w.org\/{rel}","templated":true}]}}